

{"id":20454,"date":"2024-11-14T17:54:05","date_gmt":"2024-11-14T20:54:05","guid":{"rendered":"https:\/\/goias.gov.br\/emater\/?p=20454"},"modified":"2025-04-15T03:07:50","modified_gmt":"2025-04-15T06:07:50","slug":"servidores-da-emater-goias-participam-da-sipat","status":"publish","type":"post","link":"https:\/\/goias.gov.br\/emater\/servidores-da-emater-goias-participam-da-sipat\/","title":{"rendered":"Servidores da Emater Goi\u00e1s participam da SIPAT"},"content":{"rendered":"\n<p>Com o objetivo de garantir a sa\u00fade, seguran\u00e7a e bem-estar dos servidores, a Emater Goi\u00e1s promoveu, de 11 a 13 de novembro, a Semana Interna de Preven\u00e7\u00e3o de Acidentes de Trabalho (SIPAT). A programa\u00e7\u00e3o contou com palestras sobre medidas de seguran\u00e7a no trabalho, assim como atividades de promo\u00e7\u00e3o do bem-estar do servidor.<\/p>\n\n\n\n<p>Para o diretor de gest\u00e3o integrada, Igor Cavalcante, a gest\u00e3o tem trabalhado para melhorar as condi\u00e7\u00f5es de trabalho para os servidores. &#8220;S\u00f3 neste ano, a Emater investiu R$7,9 milh\u00f5es para aquisi\u00e7\u00e3o de novo mobili\u00e1rio e equipamentos de ar-condicionado, al\u00e9m de come\u00e7ar a renovar a frota da institui\u00e7\u00e3o com a chegada de 70 novos carros e dar in\u00edcio as reformas das unidades locais e regionais&#8221;, destaca.<\/p>\n\n\n\n<p>O presidente da Emater, Rafael Gouveia, explica que a iniciativa reflete o compromisso do governador Ronaldo Caiado e da primeira-dama Gracinha Caiado com os escrit\u00f3rios e servidores que atuam no interior, mas tamb\u00e9m com os produtores rurais que s\u00e3o assistidos pelo Governo de Goi\u00e1s em todo o estado. \u201cS\u00e3o mudan\u00e7as que v\u00e3o garantir um ambiente de trabalho com mais conforto e bem-estar aos nossos servidores e a todos os agricultores que frequentam diariamente nossas unidades no munic\u00edpios goianos\u201d, enfatiza.<\/p>\n\n\n\n<p>\u201cA maior satisfa\u00e7\u00e3o que temos \u00e9 entregar benef\u00edcios que v\u00e3o garantir efici\u00eancia e agilidade nos servi\u00e7os prestados pelos nossos t\u00e9cnicos a cada cidad\u00e3o. Sabemos que a satisfa\u00e7\u00e3o, motiva\u00e7\u00e3o e produtividade do servidor est\u00e1 diretamente relacionado com o ambiente de trabalho, ent\u00e3o tenho certeza que os resultados do nosso time ser\u00e3o ainda melhores quando entregarmos todos estes benef\u00edcios\u201d, afirma o presidente.<\/p>\n\n\n\n<figure class=\"wp-block-image\"><img fetchpriority=\"high\" decoding=\"async\" width=\"1024\" height=\"682\" src=\"https:\/\/goias.gov.br\/emater\/wp-content\/uploads\/sites\/62\/2024\/11\/WhatsApp-Image-2024-11-14-at-17.53.11-1024x682.jpeg\" alt=\"\" class=\"wp-image-20456\" srcset=\"https:\/\/goias.gov.br\/emater\/wp-content\/uploads\/sites\/62\/2024\/11\/WhatsApp-Image-2024-11-14-at-17.53.11-1024x682.jpeg 1024w, https:\/\/goias.gov.br\/emater\/wp-content\/uploads\/sites\/62\/2024\/11\/WhatsApp-Image-2024-11-14-at-17.53.11-300x200.jpeg 300w, https:\/\/goias.gov.br\/emater\/wp-content\/uploads\/sites\/62\/2024\/11\/WhatsApp-Image-2024-11-14-at-17.53.11-768x512.jpeg 768w, https:\/\/goias.gov.br\/emater\/wp-content\/uploads\/sites\/62\/2024\/11\/WhatsApp-Image-2024-11-14-at-17.53.11.jpeg 1600w\" sizes=\"(max-width: 1024px) 100vw, 1024px\" \/><\/figure>\n\n\n\n<p>De acordo com a diretoria, as aquisi\u00e7\u00f5es foram feitas com o foco no bem-estar e na sa\u00fade dos servidores e visitantes. Os m\u00f3veis adquiridos respeitam as normas trabalhistas, com caracter\u00edsticas essenciais para garantir conforto e seguran\u00e7a de todos que utilizam o espa\u00e7o no desempenho das suas fun\u00e7\u00f5es.<\/p>\n\n\n\n<p>Estabelecida pela Comiss\u00e3o Interna de Preven\u00e7\u00e3o de Acidentes (Cipa), a SIPAT \u00e9 uma iniciativa que tem como objetivo principal fazer com que os trabalhadores entendam a import\u00e2ncia de evitar acidentes e doen\u00e7as no ambiente de trabalho. <\/p>\n\n\n\n<p>Nesta edi\u00e7\u00e3o, os servidores participaram de palestras sobre a &#8220;Promo\u00e7\u00e3o de sa\u00fade e qualidade de vida? A sa\u00fade pede urg\u00eancia\u201d com a enfermeira Soraia de Souza; &#8220;Dia da Previd\u00eancia&#8221;, com o gerente de concess\u00e3o de aposentadoria da Goi\u00e1sPrev, Josiniro Coelho. Al\u00e9m disso, a Emater promoveu um circuito de sa\u00fade com atendimento multiprofissional, que disponibilizou diversos servi\u00e7os como aferi\u00e7\u00e3o de press\u00e3o arterial, quiropraxia e terapia Reiki.<\/p>\n\n\n\n<hr class=\"wp-block-separator\" \/>\n\n\n\n<p><strong>Comunica\u00e7\u00e3o Setorial da Emater \u2013 Governo de Goi\u00e1s<\/strong><br>comunicacao.ematergo@gmail.com | +55 62 3201-2322<br><a href=\"https:\/\/goias.gov.br\/emater\/\">www.emater.go.gov.br<\/a><br><a href=\"https:\/\/www.instagram.com\/ematergoias\/\">@ematergoias<\/a><\/p>\n","protected":false},"excerpt":{"rendered":"<p>Com o objetivo de garantir a sa\u00fade, seguran\u00e7a e bem-estar dos servidores, a Emater Goi\u00e1s promoveu, de 11 a 13 de novembro, a Semana Interna de Preven\u00e7\u00e3o de Acidentes de Trabalho (SIPAT). A programa\u00e7\u00e3o contou com palestras sobre medidas de seguran\u00e7a no trabalho, assim como atividades de promo\u00e7\u00e3o do bem-estar do servidor. Para o diretor [&hellip;]<\/p>\n","protected":false},"author":2,"featured_media":20455,"comment_status":"closed","ping_status":"open","sticky":false,"template":"","format":"standard","meta":{"_acf_changed":false,"footnotes":""},"categories":[1],"tags":[],"class_list":["post-20454","post","type-post","status-publish","format-standard","has-post-thumbnail","hentry","category-noticias"],"acf":[],"rttpg_featured_image_url":{"full":["https:\/\/goias.gov.br\/emater\/wp-content\/uploads\/sites\/62\/2024\/11\/WhatsApp-Image-2024-11-14-at-17.52.46.jpeg",2560,1706,false],"landscape":["https:\/\/goias.gov.br\/emater\/wp-content\/uploads\/sites\/62\/2024\/11\/WhatsApp-Image-2024-11-14-at-17.52.46.jpeg",2560,1706,false],"portraits":["https:\/\/goias.gov.br\/emater\/wp-content\/uploads\/sites\/62\/2024\/11\/WhatsApp-Image-2024-11-14-at-17.52.46.jpeg",2560,1706,false],"thumbnail":["https:\/\/goias.gov.br\/emater\/wp-content\/uploads\/sites\/62\/2024\/11\/WhatsApp-Image-2024-11-14-at-17.52.46-150x150.jpeg",150,150,true],"medium":["https:\/\/goias.gov.br\/emater\/wp-content\/uploads\/sites\/62\/2024\/11\/WhatsApp-Image-2024-11-14-at-17.52.46-300x200.jpeg",300,200,true],"large":["https:\/\/goias.gov.br\/emater\/wp-content\/uploads\/sites\/62\/2024\/11\/WhatsApp-Image-2024-11-14-at-17.52.46-1024x682.jpeg",1024,682,true],"1536x1536":["https:\/\/goias.gov.br\/emater\/wp-content\/uploads\/sites\/62\/2024\/11\/WhatsApp-Image-2024-11-14-at-17.52.46.jpeg",1536,1024,false],"2048x2048":["https:\/\/goias.gov.br\/emater\/wp-content\/uploads\/sites\/62\/2024\/11\/WhatsApp-Image-2024-11-14-at-17.52.46.jpeg",2048,1365,false]},"rttpg_author":{"display_name":"rogerioduarte","author_link":"https:\/\/goias.gov.br\/emater\/author\/rogerioduarte\/"},"rttpg_comment":0,"rttpg_category":"<a href=\"https:\/\/goias.gov.br\/emater\/categoria\/noticias\/\" rel=\"category tag\">Not\u00edcias<\/a>","rttpg_excerpt":"Com o objetivo de garantir a sa\u00fade, seguran\u00e7a e bem-estar dos servidores, a Emater Goi\u00e1s promoveu, de 11 a 13 de novembro, a Semana Interna de Preven\u00e7\u00e3o de Acidentes de Trabalho (SIPAT). A programa\u00e7\u00e3o contou com palestras sobre medidas de seguran\u00e7a no trabalho, assim como atividades de promo\u00e7\u00e3o do bem-estar do servidor. Para o diretor&hellip;","_links":{"self":[{"href":"https:\/\/goias.gov.br\/emater\/wp-json\/wp\/v2\/posts\/20454","targetHints":{"allow":["GET"]}}],"collection":[{"href":"https:\/\/goias.gov.br\/emater\/wp-json\/wp\/v2\/posts"}],"about":[{"href":"https:\/\/goias.gov.br\/emater\/wp-json\/wp\/v2\/types\/post"}],"author":[{"embeddable":true,"href":"https:\/\/goias.gov.br\/emater\/wp-json\/wp\/v2\/users\/2"}],"replies":[{"embeddable":true,"href":"https:\/\/goias.gov.br\/emater\/wp-json\/wp\/v2\/comments?post=20454"}],"version-history":[{"count":1,"href":"https:\/\/goias.gov.br\/emater\/wp-json\/wp\/v2\/posts\/20454\/revisions"}],"predecessor-version":[{"id":272953,"href":"https:\/\/goias.gov.br\/emater\/wp-json\/wp\/v2\/posts\/20454\/revisions\/272953"}],"wp:featuredmedia":[{"embeddable":true,"href":"https:\/\/goias.gov.br\/emater\/wp-json\/wp\/v2\/media\/20455"}],"wp:attachment":[{"href":"https:\/\/goias.gov.br\/emater\/wp-json\/wp\/v2\/media?parent=20454"}],"wp:term":[{"taxonomy":"category","embeddable":true,"href":"https:\/\/goias.gov.br\/emater\/wp-json\/wp\/v2\/categories?post=20454"},{"taxonomy":"post_tag","embeddable":true,"href":"https:\/\/goias.gov.br\/emater\/wp-json\/wp\/v2\/tags?post=20454"}],"curies":[{"name":"wp","href":"https:\/\/api.w.org\/{rel}","templated":true}]}}