

{"id":20358,"date":"2024-11-06T14:18:21","date_gmt":"2024-11-06T17:18:21","guid":{"rendered":"https:\/\/goias.gov.br\/emater\/?p=20358"},"modified":"2025-04-15T03:07:51","modified_gmt":"2025-04-15T06:07:51","slug":"emater-goias-participa-da-66a-assembleia-da-asbraer-em-sao-luis-do-maranhao","status":"publish","type":"post","link":"https:\/\/goias.gov.br\/emater\/emater-goias-participa-da-66a-assembleia-da-asbraer-em-sao-luis-do-maranhao\/","title":{"rendered":"Emater Goi\u00e1s participa da 66\u00aa Assembleia da Asbraer em S\u00e3o Lu\u00eds do Maranh\u00e3o"},"content":{"rendered":"\n<p>Entre os dias 6 e 8 de novembro, a Emater Goi\u00e1s participa da 66\u00aa edi\u00e7\u00e3o da Assembleia Geral Ordin\u00e1ria da Asbraer, em S\u00e3o Lu\u00eds do Maranh\u00e3o. O evento \u00e9 realizado pela Associa\u00e7\u00e3o Brasileira das Entidades de Assist\u00eancia T\u00e9cnica e Extens\u00e3o Rural, Pesquisa Agropecu\u00e1ria e Regulariza\u00e7\u00e3o Fundi\u00e1ria em parceria com a associada maranhense, a Ag\u00eancia Estadual de Pesquisa Agropecu\u00e1ria e Extens\u00e3o Rural (Agerp-MA).<\/p>\n\n\n\n<p>A delega\u00e7\u00e3o do estado de Goi\u00e1s no assembleia \u00e9 composta pelo chefe de gabinete Edilson Alencar, representando o presidente da Emater Goi\u00e1s, Rafael Gouveia; diretor de pesquisa agropecu\u00e1ria, S\u00e9rgio Coelho; diretor de assist\u00eancia t\u00e9cnica e extens\u00e3o rural, Kin Gomides; diretor de gest\u00e3o integrada, Igor Cavalcante e pela chefe de comunica\u00e7\u00e3o setorial, Elzen\u00fabia Moreira, que estar\u00e3o participando do evento, que segue at\u00e9 sexta-feira (8), no hotel Blee Tree Towers, na capital.<\/p>\n\n\n\n<p>Para o chefe de gabinete, Edilson Alencar, o evento \u00e9 uma oportunidade para o alinhamento de trabalho e pautas importantes com a participa\u00e7\u00e3o de delega\u00e7\u00f5es de todo o pa\u00eds. &#8220;Ser\u00e3o tr\u00eas dias discutindo quest\u00f5es atuais para o crescimento e fortalecimento da assist\u00eancia t\u00e9cnica, extens\u00e3o rural e pesquisa agropecu\u00e1ria no Brasil, al\u00e9m de promover o protagonismo da agricultura familiar que \u00e9 respons\u00e1vel pela maioria dos alimentos que chegam a nossa mesa&#8221;, pontuou.<\/p>\n\n\n\n<p>O presidente da Asbraer, Luciano Brand\u00e3o, destacou que a Rede Asbraer tem uma responsabilidade enorme de trabalhar uma das principais pol\u00edticas p\u00fablicas para o desenvolvimento do setor. &#8220;Os nossos agricultores familiares s\u00e3o respons\u00e1veis por mais de 80% dos alimentos que v\u00e3o pra mesa dos brasileiros. Temos a responsabilidade n\u00e3o s\u00f3 de levar as pol\u00edticas p\u00fablicas e tecnologias, mas tamb\u00e9m trabalhar a sustentabilidade da produ\u00e7\u00e3o destes alimentos&#8221;, relatou.<\/p>\n\n\n\n<p>A assembleia conta com a participa\u00e7\u00e3o de diversos setores do governo federal e do estado do Maranh\u00e3o, al\u00e9m de visitas t\u00e9cnicas. Na pauta, a Rede Asbraer levantar\u00e1 di\u00e1logos sobre conv\u00eanios com Minist\u00e9rio do Desenvolvimento Agr\u00e1rio (MDA), instrumentos espec\u00edficos com a Ag\u00eancia Nacional de Assist\u00eancia T\u00e9cnica e Extens\u00e3o Rural (Anater) e discuss\u00f5es sobre o andamento do Programa de Acelera\u00e7\u00e3o do Crescimento da Pesquisa Agropecu\u00e1ria e o Projeto de Lei dos bioinsumos e do Sistema \u00danico de Assist\u00eancia T\u00e9cnica e Extens\u00e3o Rural (SUATER).<\/p>\n\n\n\n<p>Durante a solenidade de abertura, o presidente da Agerp-MA, Sandro Montenegro, ressaltou que a miss\u00e3o de todos os dirigentes presentes na assembleia \u00e9 levar tecnologia aos homens e mulheres do campo, promovendo a melhoria de renda e da qualidade de vida dos agricultores familiares em todo o pa\u00eds. &#8220;O Maranh\u00e3o vai trazer cases de sucesso que v\u00e3o desde a cria\u00e7\u00e3o de peixes, cultivo de mandioca e fruticultura, com a apresenta\u00e7\u00e3o de v\u00e1rios pr\u00e1ticas para o processamento e produ\u00e7\u00e3o de polpas&#8221;, apontou.<\/p>\n\n\n\n<p>Nesta edi\u00e7\u00e3o, a Asbraer proporciona uma experi\u00eancia com aten\u00e7\u00e3o especial para a ideia de boas pr\u00e1ticas de cada regi\u00e3o brasileira. Essas pr\u00e1ticas ser\u00e3o selecionadas para compor o Semin\u00e1rio Nacional de Boas Pr\u00e1ticas na Ater organizada pelo governo federal que ser\u00e1 realizado em 2025. Al\u00e9m disso, a anfitri\u00e3 proporcionar\u00e1 viv\u00eancias fundamentais ao enriquecimento do conhecimento das associadas.<\/p>\n\n\n\n<hr class=\"wp-block-separator\" \/>\n\n\n\n<p>Comunica\u00e7\u00e3o Setorial da Emater \u2013 Governo de Goi\u00e1s<br><a href=\"http:\/\/%20comunicacao.ematergo@gmail.com\/\">comunicacao.ematergo@gmail.com<\/a>\u00a0| +55 62 3201-2322<br><a href=\"https:\/\/goias.gov.br\/emater\/\">www.emater.go.gov.br<\/a><br><a href=\"http:\/\/instagram.com\/ematergoias\">@ematergoias<\/a><\/p>\n","protected":false},"excerpt":{"rendered":"<p>Entre os dias 6 e 8 de novembro, a Emater Goi\u00e1s participa da 66\u00aa edi\u00e7\u00e3o da Assembleia Geral Ordin\u00e1ria da Asbraer, em S\u00e3o Lu\u00eds do Maranh\u00e3o. O evento \u00e9 realizado pela Associa\u00e7\u00e3o Brasileira das Entidades de Assist\u00eancia T\u00e9cnica e Extens\u00e3o Rural, Pesquisa Agropecu\u00e1ria e Regulariza\u00e7\u00e3o Fundi\u00e1ria em parceria com a associada maranhense, a Ag\u00eancia Estadual [&hellip;]<\/p>\n","protected":false},"author":2,"featured_media":20359,"comment_status":"closed","ping_status":"open","sticky":false,"template":"","format":"standard","meta":{"_acf_changed":false,"footnotes":""},"categories":[1],"tags":[],"class_list":["post-20358","post","type-post","status-publish","format-standard","has-post-thumbnail","hentry","category-noticias"],"acf":[],"rttpg_featured_image_url":{"full":["https:\/\/goias.gov.br\/emater\/wp-content\/uploads\/sites\/62\/2024\/11\/WhatsApp-Image-2024-11-06-at-12.29.14.jpeg",1600,1242,false],"landscape":["https:\/\/goias.gov.br\/emater\/wp-content\/uploads\/sites\/62\/2024\/11\/WhatsApp-Image-2024-11-06-at-12.29.14.jpeg",1600,1242,false],"portraits":["https:\/\/goias.gov.br\/emater\/wp-content\/uploads\/sites\/62\/2024\/11\/WhatsApp-Image-2024-11-06-at-12.29.14.jpeg",1600,1242,false],"thumbnail":["https:\/\/goias.gov.br\/emater\/wp-content\/uploads\/sites\/62\/2024\/11\/WhatsApp-Image-2024-11-06-at-12.29.14-150x150.jpeg",150,150,true],"medium":["https:\/\/goias.gov.br\/emater\/wp-content\/uploads\/sites\/62\/2024\/11\/WhatsApp-Image-2024-11-06-at-12.29.14-300x233.jpeg",300,233,true],"large":["https:\/\/goias.gov.br\/emater\/wp-content\/uploads\/sites\/62\/2024\/11\/WhatsApp-Image-2024-11-06-at-12.29.14-1024x795.jpeg",1024,795,true],"1536x1536":["https:\/\/goias.gov.br\/emater\/wp-content\/uploads\/sites\/62\/2024\/11\/WhatsApp-Image-2024-11-06-at-12.29.14.jpeg",1536,1192,false],"2048x2048":["https:\/\/goias.gov.br\/emater\/wp-content\/uploads\/sites\/62\/2024\/11\/WhatsApp-Image-2024-11-06-at-12.29.14.jpeg",1600,1242,false]},"rttpg_author":{"display_name":"rogerioduarte","author_link":"https:\/\/goias.gov.br\/emater\/author\/rogerioduarte\/"},"rttpg_comment":0,"rttpg_category":"<a href=\"https:\/\/goias.gov.br\/emater\/categoria\/noticias\/\" rel=\"category tag\">Not\u00edcias<\/a>","rttpg_excerpt":"Entre os dias 6 e 8 de novembro, a Emater Goi\u00e1s participa da 66\u00aa edi\u00e7\u00e3o da Assembleia Geral Ordin\u00e1ria da Asbraer, em S\u00e3o Lu\u00eds do Maranh\u00e3o. O evento \u00e9 realizado pela Associa\u00e7\u00e3o Brasileira das Entidades de Assist\u00eancia T\u00e9cnica e Extens\u00e3o Rural, Pesquisa Agropecu\u00e1ria e Regulariza\u00e7\u00e3o Fundi\u00e1ria em parceria com a associada maranhense, a Ag\u00eancia Estadual&hellip;","_links":{"self":[{"href":"https:\/\/goias.gov.br\/emater\/wp-json\/wp\/v2\/posts\/20358","targetHints":{"allow":["GET"]}}],"collection":[{"href":"https:\/\/goias.gov.br\/emater\/wp-json\/wp\/v2\/posts"}],"about":[{"href":"https:\/\/goias.gov.br\/emater\/wp-json\/wp\/v2\/types\/post"}],"author":[{"embeddable":true,"href":"https:\/\/goias.gov.br\/emater\/wp-json\/wp\/v2\/users\/2"}],"replies":[{"embeddable":true,"href":"https:\/\/goias.gov.br\/emater\/wp-json\/wp\/v2\/comments?post=20358"}],"version-history":[{"count":1,"href":"https:\/\/goias.gov.br\/emater\/wp-json\/wp\/v2\/posts\/20358\/revisions"}],"predecessor-version":[{"id":272961,"href":"https:\/\/goias.gov.br\/emater\/wp-json\/wp\/v2\/posts\/20358\/revisions\/272961"}],"wp:featuredmedia":[{"embeddable":true,"href":"https:\/\/goias.gov.br\/emater\/wp-json\/wp\/v2\/media\/20359"}],"wp:attachment":[{"href":"https:\/\/goias.gov.br\/emater\/wp-json\/wp\/v2\/media?parent=20358"}],"wp:term":[{"taxonomy":"category","embeddable":true,"href":"https:\/\/goias.gov.br\/emater\/wp-json\/wp\/v2\/categories?post=20358"},{"taxonomy":"post_tag","embeddable":true,"href":"https:\/\/goias.gov.br\/emater\/wp-json\/wp\/v2\/tags?post=20358"}],"curies":[{"name":"wp","href":"https:\/\/api.w.org\/{rel}","templated":true}]}}