

{"id":19809,"date":"2024-08-21T15:06:34","date_gmt":"2024-08-21T18:06:34","guid":{"rendered":"https:\/\/goias.gov.br\/emater\/?p=19809"},"modified":"2025-04-15T03:07:58","modified_gmt":"2025-04-15T06:07:58","slug":"emater-goias-e-fapeg-publicam-edital-de-pesquisa-e-inovacao-na-agricultura-familiar","status":"publish","type":"post","link":"https:\/\/goias.gov.br\/emater\/emater-goias-e-fapeg-publicam-edital-de-pesquisa-e-inovacao-na-agricultura-familiar\/","title":{"rendered":"Emater Goi\u00e1s e Fapeg publicam edital de pesquisa e inova\u00e7\u00e3o na agricultura familiar"},"content":{"rendered":"\n<p>A Emater Goi\u00e1s e a Funda\u00e7\u00e3o de Amparo \u00e0 Pesquisa do Estado de Goi\u00e1s (Fapeg) publicaram nesta nesta segunda-feira (19\/08), a Chamada P\u00fablica n\u00ba 18\/2024 para sele\u00e7\u00e3o de pesquisadores doutores na modalidade Desenvolvimento Regional (DR). O objetivo \u00e9 fomentar pesquisas que promovam a sustentabilidade e inova\u00e7\u00e3o na agricultura familiar no estado. As inscri\u00e7\u00f5es devem ser feitas at\u00e9 o dia 23 de setembro pela plataforma <a rel=\"noreferrer noopener\" aria-label=\" (abre em uma nova aba)\" href=\"http:\/\/sparkx.fapeg.go.gov.br\" target=\"_blank\">http:\/\/sparkx.fapeg.go.gov.br<\/a>.<\/p>\n\n\n\n<p>A Fapeg destinar\u00e1 R$ 3,8 milh\u00f5es para financiar dez bolsas de pesquisa ao longo de quatro anos, com valores mensais que variam entre R$ 5,2 mil e R$ 8 mil, dependendo da experi\u00eancia do pesquisador. Al\u00e9m disso, a Emater Goi\u00e1s contribuir\u00e1 com R$ 800 mil para o custeio dos projetos e aux\u00edlio instala\u00e7\u00e3o para pesquisadores que precisarem se deslocar para as esta\u00e7\u00f5es experimentais em Goi\u00e2nia, An\u00e1polis, Ara\u00e7u e Porangatu.<\/p>\n\n\n\n<p>O presidente da Emater Goi\u00e1s, Rafael Gouveia, afirma que a pesquisa agropecu\u00e1ria \u00e9 essencial para o desenvolvimento da agricultura familiar. \u201cEstamos com grandes expectativas desta parceria com a Fapeg que permitir\u00e1 a sele\u00e7\u00e3o de pesquisadores para atuarem nos nossos programas priorit\u00e1rios. Temos muitas linhas de pesquisa para iniciar e com potencial para dar mais condi\u00e7\u00f5es de tecnologia e inova\u00e7\u00e3o para facilitar a vida do homem do campo, al\u00e9m de aumentar a sua renda, contribui para a fixa\u00e7\u00e3o das fam\u00edlias no meio rural\u201d, pontuou o presidente.<\/p>\n\n\n\n<p>O presidente da Fapeg, Marcos Arriel, ressaltou a import\u00e2ncia do edital como parte da estrat\u00e9gia de fortalecer a ci\u00eancia e tecnologia em Goi\u00e1s. \u201cEsta iniciativa est\u00e1 alinhada com os Objetivos de Desenvolvimento Sustent\u00e1vel da ONU e visa promover pr\u00e1ticas agr\u00edcolas mais sustent\u00e1veis, contribuir para a erradica\u00e7\u00e3o da pobreza e fomentar a agricultura familiar, que \u00e9 essencial para a seguran\u00e7a alimentar no estado\u201d.<\/p>\n\n\n\n<p>Podem concorrer ao edital doutores em \u00e1reas como Medicina Veterin\u00e1ria, Biologia, Agronomia e Engenharia Florestal, que desenvolver\u00e3o pesquisas voltadas para sistemas de produ\u00e7\u00e3o sustent\u00e1vel, valida\u00e7\u00e3o de biodefensivos e biofertilizantes, e o aumento da produtividade em culturas espec\u00edficas como pequi, mandioca e cereais.<\/p>\n\n\n\n<p>O edital prev\u00ea a contrata\u00e7\u00e3o de dez pesquisadores para atuarem, durante quatro anos, nos dez programas priorit\u00e1rios de pesquisa da Emater Goi\u00e1s, sendo: <\/p>\n\n\n\n<p><strong>&#8211;<\/strong>Indica\u00e7\u00e3o de sistemas de produ\u00e7\u00e3o de peixes para agricultura familiar (Esta\u00e7\u00e3o Experimental de An\u00e1polis)<\/p>\n\n\n\n<p> <strong>&#8211;<\/strong> Desenvolvimento\/valida\u00e7\u00e3o de novas variedades\/cultivar es de cereais e leguminosas para agricultura familiar (Esta\u00e7\u00e3o Experimental de Nativas do Cerrado em Goi\u00e2nia)<\/p>\n\n\n\n<p> <br><strong>&#8211;<\/strong> Desenvolvimento de novas variedades de pequi com produ\u00e7\u00e3o de mudas e hastes (Esta\u00e7\u00e3o Experimental de Nativas do Cerrado em Goi\u00e2nia)<\/p>\n\n\n\n<p> <br><strong>&#8211;<\/strong> Valida\u00e7\u00e3o de biodefensivos na agricultura familiar para redu\u00e7\u00e3o de perdas de produ\u00e7\u00e3o de gr\u00e3os devido a doen\u00e7as (Esta\u00e7\u00e3o Experimental de Nativas do Cerrado em Goi\u00e2nia)<\/p>\n\n\n\n<p> <br><strong>&#8211;<\/strong> Valida\u00e7\u00e3o de biodefensivos na agricultura familiar para redu\u00e7\u00e3o de perdas de produ\u00e7\u00e3o de gr\u00e3os devido a doen\u00e7as (Esta\u00e7\u00e3o Experimental de Nativas do Cerrado em Goi\u00e2nia)<\/p>\n\n\n\n<p> <br><strong>&#8211;<\/strong> Valida\u00e7\u00e3o de biofertilizantes na agricultura familiar para redu\u00e7\u00e3o de uso de fertilizantes qu\u00edmicos (Esta\u00e7\u00e3o Experimental de Nativas do Cerrado em Goi\u00e2nia)<\/p>\n\n\n\n<p> <br><strong>&#8211;<\/strong> Desenvolvimento de pr\u00e1ticas de manejo sustent\u00e1vel para aumento de produtividade de fruteiras  (Esta\u00e7\u00e3o Experimental de An\u00e1polis)<\/p>\n\n\n\n<p> <br><strong>&#8211;<\/strong> Valida\u00e7\u00e3o de protocolos para produ\u00e7\u00e3o de mudas limpas com multiplica\u00e7\u00e3o de mudas de mandioca  e fruteiras (Esta\u00e7\u00e3o Experimental de Nativas do Cerrado em Goi\u00e2nia)<\/p>\n\n\n\n<p> <br><strong>&#8211;<\/strong> Valida\u00e7\u00e3o de sistema de produ\u00e7\u00e3o de leite para aumentar produ\u00e7\u00e3o na propriedade familiar (Esta\u00e7\u00e3o Experimental de Ara\u00e7u)<\/p>\n\n\n\n<p> <br><strong>&#8211;<\/strong> Recomenda\u00e7\u00e3o de sistemas de produ\u00e7\u00e3o para a agricultura familiar nas regi\u00f5es norte e nordeste de Goi\u00e1s (Esta\u00e7\u00e3o Experimental de Porangatu)<\/p>\n\n\n\n<p>Podem concorrer ao edital doutores em \u00e1reas como Medicina Veterin\u00e1ria, Biologia, Agronomia e Engenharia Florestal e Zootecnia que desenvolver\u00e3o pesquisas voltadas para sistemas de produ\u00e7\u00e3o sustent\u00e1vel, valida\u00e7\u00e3o de biodefensivos e biofertilizantes, e o aumento da produtividade em culturas espec\u00edficas como pequi, mandioca e cereais.<\/p>\n\n\n\n<p>Para acessar o edital completo, <a href=\"https:\/\/goias.gov.br\/fapeg\/wp-content\/uploads\/sites\/5\/2024\/08\/Minuta_EMATER_16.08___final-1.pdf\">CLIQUE AQUI<\/a>. <\/p>\n\n\n\n<hr class=\"wp-block-separator\" \/>\n\n\n\n<p><strong>Comunica\u00e7\u00e3o Setorial da Emater \u2013 Governo de Goi\u00e1s<\/strong><br>comunicacao.ematergo@gmail.com | +55 62 3201-2322<br><a href=\"https:\/\/goias.gov.br\/emater\/\">www.emater.go.gov.br<\/a><br><a href=\"https:\/\/www.instagram.com\/ematergoias\/\">@ematergoias<\/a><\/p>\n","protected":false},"excerpt":{"rendered":"<p>A Emater Goi\u00e1s e a Funda\u00e7\u00e3o de Amparo \u00e0 Pesquisa do Estado de Goi\u00e1s (Fapeg) publicaram nesta nesta segunda-feira (19\/08), a Chamada P\u00fablica n\u00ba 18\/2024 para sele\u00e7\u00e3o de pesquisadores doutores na modalidade Desenvolvimento Regional (DR). O objetivo \u00e9 fomentar pesquisas que promovam a sustentabilidade e inova\u00e7\u00e3o na agricultura familiar no estado. As inscri\u00e7\u00f5es devem ser [&hellip;]<\/p>\n","protected":false},"author":2,"featured_media":19872,"comment_status":"closed","ping_status":"open","sticky":false,"template":"","format":"standard","meta":{"_acf_changed":false,"footnotes":""},"categories":[1],"tags":[],"class_list":["post-19809","post","type-post","status-publish","format-standard","has-post-thumbnail","hentry","category-noticias"],"acf":[],"rttpg_featured_image_url":{"full":["https:\/\/goias.gov.br\/emater\/wp-content\/uploads\/sites\/62\/2024\/08\/MODELO-PARA-CAPA-DO-SITE-TAMANHO-6.jpg",1025,670,false],"landscape":["https:\/\/goias.gov.br\/emater\/wp-content\/uploads\/sites\/62\/2024\/08\/MODELO-PARA-CAPA-DO-SITE-TAMANHO-6.jpg",1025,670,false],"portraits":["https:\/\/goias.gov.br\/emater\/wp-content\/uploads\/sites\/62\/2024\/08\/MODELO-PARA-CAPA-DO-SITE-TAMANHO-6.jpg",1025,670,false],"thumbnail":["https:\/\/goias.gov.br\/emater\/wp-content\/uploads\/sites\/62\/2024\/08\/MODELO-PARA-CAPA-DO-SITE-TAMANHO-6-150x150.jpg",150,150,true],"medium":["https:\/\/goias.gov.br\/emater\/wp-content\/uploads\/sites\/62\/2024\/08\/MODELO-PARA-CAPA-DO-SITE-TAMANHO-6-300x196.jpg",300,196,true],"large":["https:\/\/goias.gov.br\/emater\/wp-content\/uploads\/sites\/62\/2024\/08\/MODELO-PARA-CAPA-DO-SITE-TAMANHO-6-1024x669.jpg",1024,669,true],"1536x1536":["https:\/\/goias.gov.br\/emater\/wp-content\/uploads\/sites\/62\/2024\/08\/MODELO-PARA-CAPA-DO-SITE-TAMANHO-6.jpg",1025,670,false],"2048x2048":["https:\/\/goias.gov.br\/emater\/wp-content\/uploads\/sites\/62\/2024\/08\/MODELO-PARA-CAPA-DO-SITE-TAMANHO-6.jpg",1025,670,false]},"rttpg_author":{"display_name":"rogerioduarte","author_link":"https:\/\/goias.gov.br\/emater\/author\/rogerioduarte\/"},"rttpg_comment":0,"rttpg_category":"<a href=\"https:\/\/goias.gov.br\/emater\/categoria\/noticias\/\" rel=\"category tag\">Not\u00edcias<\/a>","rttpg_excerpt":"A Emater Goi\u00e1s e a Funda\u00e7\u00e3o de Amparo \u00e0 Pesquisa do Estado de Goi\u00e1s (Fapeg) publicaram nesta nesta segunda-feira (19\/08), a Chamada P\u00fablica n\u00ba 18\/2024 para sele\u00e7\u00e3o de pesquisadores doutores na modalidade Desenvolvimento Regional (DR). O objetivo \u00e9 fomentar pesquisas que promovam a sustentabilidade e inova\u00e7\u00e3o na agricultura familiar no estado. As inscri\u00e7\u00f5es devem ser&hellip;","_links":{"self":[{"href":"https:\/\/goias.gov.br\/emater\/wp-json\/wp\/v2\/posts\/19809","targetHints":{"allow":["GET"]}}],"collection":[{"href":"https:\/\/goias.gov.br\/emater\/wp-json\/wp\/v2\/posts"}],"about":[{"href":"https:\/\/goias.gov.br\/emater\/wp-json\/wp\/v2\/types\/post"}],"author":[{"embeddable":true,"href":"https:\/\/goias.gov.br\/emater\/wp-json\/wp\/v2\/users\/2"}],"replies":[{"embeddable":true,"href":"https:\/\/goias.gov.br\/emater\/wp-json\/wp\/v2\/comments?post=19809"}],"version-history":[{"count":1,"href":"https:\/\/goias.gov.br\/emater\/wp-json\/wp\/v2\/posts\/19809\/revisions"}],"predecessor-version":[{"id":273007,"href":"https:\/\/goias.gov.br\/emater\/wp-json\/wp\/v2\/posts\/19809\/revisions\/273007"}],"wp:featuredmedia":[{"embeddable":true,"href":"https:\/\/goias.gov.br\/emater\/wp-json\/wp\/v2\/media\/19872"}],"wp:attachment":[{"href":"https:\/\/goias.gov.br\/emater\/wp-json\/wp\/v2\/media?parent=19809"}],"wp:term":[{"taxonomy":"category","embeddable":true,"href":"https:\/\/goias.gov.br\/emater\/wp-json\/wp\/v2\/categories?post=19809"},{"taxonomy":"post_tag","embeddable":true,"href":"https:\/\/goias.gov.br\/emater\/wp-json\/wp\/v2\/tags?post=19809"}],"curies":[{"name":"wp","href":"https:\/\/api.w.org\/{rel}","templated":true}]}}