

{"id":19390,"date":"2024-06-20T14:10:13","date_gmt":"2024-06-20T17:10:13","guid":{"rendered":"https:\/\/goias.gov.br\/emater\/?p=19390"},"modified":"2025-04-15T03:08:01","modified_gmt":"2025-04-15T06:08:01","slug":"emater-goias-anuncia-nova-identidade-visual","status":"publish","type":"post","link":"https:\/\/goias.gov.br\/emater\/emater-goias-anuncia-nova-identidade-visual\/","title":{"rendered":"Emater Goi\u00e1s anuncia nova identidade visual"},"content":{"rendered":"\n<p>A Emater Goi\u00e1s anuncia nesta quinta-feira, 20 de junho, sua <strong>nova marca institucional,<\/strong> resultado de uma colabora\u00e7\u00e3o estrat\u00e9gica com a Secretaria de Comunica\u00e7\u00e3o. Com o reposicionameno, a Emater Goi\u00e1s quer<strong> aproximar e ampliar a conex\u00e3o com o homem e a mulher do campo<\/strong>, p\u00fablico priorit\u00e1rio das a\u00e7\u00f5es e programas do \u00f3rg\u00e3o.<\/p>\n\n\n\n<p>De acordo com o presidente da Emater Goi\u00e1s, Rafael Gouveia, este reposicionamento \u00e9 resultado de estudo e alinhamento com o time multiprofissional. <strong>\u201cO \u00f3rg\u00e3o tem passado por uma grande reestrutura\u00e7\u00e3o, aproximando cada vez mais das pessoas. Pensamos em uma marca mais humanizada, mas que trasmita um identidade forte, moderna e experiente, al\u00e9m de representar uma nova fase e um novo momento da institui\u00e7\u00e3o\u201d<\/strong>, explicou o presidente.<\/p>\n\n\n\n<p>Com a mudan\u00e7a, <strong>a institui\u00e7\u00e3o deixa de assinar como Ag\u00eancia Goiana de Assist\u00eancia T\u00e9cnica, Extens\u00e3o Rural e Pesquisa Agropecu\u00e1ria, mantendo Emater Goi\u00e1s. <\/strong>A justificativa para o grupo \u00e9 que o nome Emater Goi\u00e1s \u00e9, de fato, como todos os p\u00fablicos conhecem o \u00f3rg\u00e3o e, que ao longo do tempo e das mudan\u00e7as, como a incorpora\u00e7\u00e3o de outras institui\u00e7\u00f5es, perdeu o significado enquanto tradu\u00e7\u00e3o literal da sigla.<\/p>\n\n\n\n<figure class=\"wp-block-embed-youtube wp-block-embed is-type-video is-provider-youtube wp-embed-aspect-16-9 wp-has-aspect-ratio\"><div class=\"wp-block-embed__wrapper\">\n<iframe title=\"Emater Goi\u00e1s est\u00e1 de cara nova: conhe\u00e7a a nova logo da institui\u00e7\u00e3o\" width=\"500\" height=\"281\" src=\"https:\/\/www.youtube.com\/embed\/0ONKztLINdM?feature=oembed\" frameborder=\"0\" allow=\"accelerometer; autoplay; clipboard-write; encrypted-media; gyroscope; picture-in-picture; web-share\" referrerpolicy=\"strict-origin-when-cross-origin\" allowfullscreen><\/iframe>\n<\/div><\/figure>\n\n\n\n<p>Com o an\u00fancio, <strong>nasce uma nova identidade visual, com design original e com o compromisso de oferecer aos goianos solu\u00e7\u00f5es impulsionadas pela inova\u00e7\u00e3o tecnol\u00f3gica. <\/strong>O projeto, criado pela Emater Goi\u00e1s em parceria com a Secretaria de Comunica\u00e7\u00e3o, teve o desafio de construir uma logo que gerasse uma associa\u00e7\u00e3o imediata, por parte de todos os p\u00fablicos que se relacionam com o \u00f3rg\u00e3o. <\/p>\n\n\n\n<p>A ideia central \u00e9 transmitir, por meio do nome, cores e elementos, que a Emater Goi\u00e1s faz parte da estrutura organizacional do governo de Goi\u00e1s, sendo respons\u00e1vel por realizar atividades de Assist\u00eancia T\u00e9cnica, Extens\u00e3o Rural e de Pesquisa Agropecu\u00e1ria, prioritariamente aos agricultores familiares e suas organiza\u00e7\u00f5es.<\/p>\n\n\n\n<p><strong>O conceito da nova marca da Emater Goi\u00e1s exprime a for\u00e7a do homem do campo e a ess\u00eancia da institui\u00e7\u00e3o.<\/strong> As cores foram inspiradas na bandeira de Goi\u00e1s e nas da logo anterior. A logo possui dois elementos que conectam harmonicamente: o azul representa o ser humano e o verde remete o nosso campo priorit\u00e1rio de atua\u00e7\u00e3o, que \u00e9 o ambiente rural.<\/p>\n\n\n\n<p>A Emater Goi\u00e1s planeja que o rebranding <strong>conecte a vis\u00e3o de futuro da institui\u00e7\u00e3o e seja o elo para aproximar ainda mais o \u00f3rg\u00e3o a todos os goianos. <\/strong>A proposta \u00e9 consolidar a institui\u00e7\u00e3o como refer\u00eancia nacional em pesquisa agropecu\u00e1ria, assist\u00eancia t\u00e9cnica e extens\u00e3o rural. <strong>Para alcan\u00e7ar isso, vamos continuar desempenhando um papel que valoriza a nossa gente, o nosso produtor, a nossa terra e o nosso Estado.<\/strong><\/p>\n\n\n\n<hr class=\"wp-block-separator\" \/>\n\n\n\n<p><strong>Comunica\u00e7\u00e3o Setorial da Emater \u2013 Governo de Goi\u00e1s<\/strong><br>comunicacao.ematergo@gmail.com | +55 62 3201-2322<br><a href=\"https:\/\/goias.gov.br\/emater\/\">www.emater.go.gov.br<\/a><br><a href=\"https:\/\/www.instagram.com\/ematergoias\/\">@ematergoias<\/a><\/p>\n","protected":false},"excerpt":{"rendered":"<p>A Emater Goi\u00e1s anuncia nesta quinta-feira, 20 de junho, sua nova marca institucional, resultado de uma colabora\u00e7\u00e3o estrat\u00e9gica com a Secretaria de Comunica\u00e7\u00e3o. Com o reposicionameno, a Emater Goi\u00e1s quer aproximar e ampliar a conex\u00e3o com o homem e a mulher do campo, p\u00fablico priorit\u00e1rio das a\u00e7\u00f5es e programas do \u00f3rg\u00e3o. De acordo com o [&hellip;]<\/p>\n","protected":false},"author":2,"featured_media":19408,"comment_status":"closed","ping_status":"open","sticky":false,"template":"","format":"standard","meta":{"_acf_changed":false,"footnotes":""},"categories":[1],"tags":[],"class_list":["post-19390","post","type-post","status-publish","format-standard","has-post-thumbnail","hentry","category-noticias"],"acf":[],"rttpg_featured_image_url":{"full":["https:\/\/goias.gov.br\/emater\/wp-content\/uploads\/sites\/62\/2024\/06\/WhatsApp-Image-2024-06-20-at-14.22.00.jpeg",1600,900,false],"landscape":["https:\/\/goias.gov.br\/emater\/wp-content\/uploads\/sites\/62\/2024\/06\/WhatsApp-Image-2024-06-20-at-14.22.00.jpeg",1600,900,false],"portraits":["https:\/\/goias.gov.br\/emater\/wp-content\/uploads\/sites\/62\/2024\/06\/WhatsApp-Image-2024-06-20-at-14.22.00.jpeg",1600,900,false],"thumbnail":["https:\/\/goias.gov.br\/emater\/wp-content\/uploads\/sites\/62\/2024\/06\/WhatsApp-Image-2024-06-20-at-14.22.00-150x150.jpeg",150,150,true],"medium":["https:\/\/goias.gov.br\/emater\/wp-content\/uploads\/sites\/62\/2024\/06\/WhatsApp-Image-2024-06-20-at-14.22.00-300x169.jpeg",300,169,true],"large":["https:\/\/goias.gov.br\/emater\/wp-content\/uploads\/sites\/62\/2024\/06\/WhatsApp-Image-2024-06-20-at-14.22.00-1024x576.jpeg",1024,576,true],"1536x1536":["https:\/\/goias.gov.br\/emater\/wp-content\/uploads\/sites\/62\/2024\/06\/WhatsApp-Image-2024-06-20-at-14.22.00.jpeg",1536,864,false],"2048x2048":["https:\/\/goias.gov.br\/emater\/wp-content\/uploads\/sites\/62\/2024\/06\/WhatsApp-Image-2024-06-20-at-14.22.00.jpeg",1600,900,false]},"rttpg_author":{"display_name":"rogerioduarte","author_link":"https:\/\/goias.gov.br\/emater\/author\/rogerioduarte\/"},"rttpg_comment":0,"rttpg_category":"<a href=\"https:\/\/goias.gov.br\/emater\/categoria\/noticias\/\" rel=\"category tag\">Not\u00edcias<\/a>","rttpg_excerpt":"A Emater Goi\u00e1s anuncia nesta quinta-feira, 20 de junho, sua nova marca institucional, resultado de uma colabora\u00e7\u00e3o estrat\u00e9gica com a Secretaria de Comunica\u00e7\u00e3o. Com o reposicionameno, a Emater Goi\u00e1s quer aproximar e ampliar a conex\u00e3o com o homem e a mulher do campo, p\u00fablico priorit\u00e1rio das a\u00e7\u00f5es e programas do \u00f3rg\u00e3o. De acordo com o&hellip;","_links":{"self":[{"href":"https:\/\/goias.gov.br\/emater\/wp-json\/wp\/v2\/posts\/19390","targetHints":{"allow":["GET"]}}],"collection":[{"href":"https:\/\/goias.gov.br\/emater\/wp-json\/wp\/v2\/posts"}],"about":[{"href":"https:\/\/goias.gov.br\/emater\/wp-json\/wp\/v2\/types\/post"}],"author":[{"embeddable":true,"href":"https:\/\/goias.gov.br\/emater\/wp-json\/wp\/v2\/users\/2"}],"replies":[{"embeddable":true,"href":"https:\/\/goias.gov.br\/emater\/wp-json\/wp\/v2\/comments?post=19390"}],"version-history":[{"count":1,"href":"https:\/\/goias.gov.br\/emater\/wp-json\/wp\/v2\/posts\/19390\/revisions"}],"predecessor-version":[{"id":273031,"href":"https:\/\/goias.gov.br\/emater\/wp-json\/wp\/v2\/posts\/19390\/revisions\/273031"}],"wp:featuredmedia":[{"embeddable":true,"href":"https:\/\/goias.gov.br\/emater\/wp-json\/wp\/v2\/media\/19408"}],"wp:attachment":[{"href":"https:\/\/goias.gov.br\/emater\/wp-json\/wp\/v2\/media?parent=19390"}],"wp:term":[{"taxonomy":"category","embeddable":true,"href":"https:\/\/goias.gov.br\/emater\/wp-json\/wp\/v2\/categories?post=19390"},{"taxonomy":"post_tag","embeddable":true,"href":"https:\/\/goias.gov.br\/emater\/wp-json\/wp\/v2\/tags?post=19390"}],"curies":[{"name":"wp","href":"https:\/\/api.w.org\/{rel}","templated":true}]}}