

{"id":18930,"date":"2024-05-06T18:16:04","date_gmt":"2024-05-06T21:16:04","guid":{"rendered":"https:\/\/goias.gov.br\/emater\/?p=18930"},"modified":"2025-04-15T03:06:26","modified_gmt":"2025-04-15T06:06:26","slug":"emater-participa-da-acof-2024-confira-a-programacao","status":"publish","type":"post","link":"https:\/\/goias.gov.br\/emater\/emater-participa-da-acof-2024-confira-a-programacao\/","title":{"rendered":"Emater participa da ACOF 2024; confira a programa\u00e7\u00e3o"},"content":{"rendered":"\n<p>A Ag\u00eancia Goiana de Assist\u00eancia T\u00e9cnica, Extens\u00e3o Rural e Pesquisa Agropecu\u00e1ria (Emater) estar\u00e1 na Agro Centro-Oeste Familiar (ACOF) 2024, que ocorre do dia 8 ao dia 10 de maio. Em sua 21\u00aa edi\u00e7\u00e3o, a feira ser\u00e1 sediada no Centro Universit\u00e1rio do munic\u00edpio de Mineiros, com a tem\u00e1tica de Mudan\u00e7as Clim\u00e1ticas, Inova\u00e7\u00e3o e Inclus\u00e3o Socioprodutiva. Acompanhada de 20 produtores, a Ag\u00eancia visa levar conhecimento e promover oficinas profissionalizantes aos participantes.<\/p>\n\n\n\n<p>Na ocasi\u00e3o, a Ag\u00eancia promover\u00e1 a Feira da Agricultura Familiar com a participa\u00e7\u00e3o de 20 produtores, que contam com a assist\u00eancia dos t\u00e9cnicos da Emater. Na ACOF ter\u00e3o a oportunidade de comercializar produtos como queijos, doces, biscoitos, castanhas, farinhas. Al\u00e9m  de artesanatos &#8211; em croch\u00ea, madeira e caba\u00e7as.<\/p>\n\n\n\n<p>A iniciativa impulsiona o desenvolvimento de uma categoria essencial para a economia goiana. O Censo Agropecu\u00e1rio de 2017 afirma que agricultura familiar gera cerca de 10,5% do valor de produ\u00e7\u00e3o total do estado, al\u00e9m de gerir 63% de todas as propriedades agropecu\u00e1rias.<\/p>\n\n\n\n<p>O presidente da Emater, Rafael Gouveia, afirma que todas as atividades e palestras oferecidas s\u00e3o de extrema import\u00e2ncia para o produtor: &#8220;A programa\u00e7\u00e3o que preparamos para a ACOF foi pensada nas atividades que mais s\u00e3o demandadas pelos agricultores da regi\u00e3o. Os temas das palestras e as oficinas foram escolhidos estrategicamente ap\u00f3s alinhamento com nosso regional&#8221;, destacou.<br><\/p>\n\n\n\n<p>A agenda da Emater se inicia no segundo dia do evento (09\/05), \u00e0s 9 horas, quando a colaboradora Del\u00edcia Alarc\u00e3o ir\u00e1 coordenar uma oficina de Jardinagem. Depois, as extensionistas Ros\u00e2ngela e Neurileide estar\u00e3o na cozinha do local e oferecer\u00e3o oficinas de Conserva de Vegetais e Panifica\u00e7\u00e3o. Ao final do dia, haver\u00e1 uma mesa redonda, onde a extensionista Clizeide Oliveira e representantes de agentes financeiros debater\u00e3o sobre o Cr\u00e9dito Rural e a agricultura familiar.<br><\/p>\n\n\n\n<p>No terceiro e \u00faltimo dia da feira (10\/05), a programa\u00e7\u00e3o da Ag\u00eancia come\u00e7a \u00e0s 8h30, com o painel do diretor de Assist\u00eancia T\u00e9cnica e Extens\u00e3o Rural, Kin Gomides. Ap\u00f3s a apresenta\u00e7\u00e3o, acontecem mais quatro rodas de conversa com as tem\u00e1ticas Fruticultura, Indica\u00e7\u00e3o Geogr\u00e1fica, Redes de Ater e Sucess\u00e3o Familiar. Al\u00e9m disso, a extensionista Ros\u00e2ngela ofertar\u00e1, na cozinha, uma oficina de doces artesanais.&nbsp;<br><\/p>\n\n\n\n<p style=\"text-align:center\"><strong>PROGRAMA\u00c7\u00c3O&nbsp;COMPLETA&nbsp;EMATER<\/strong><\/p>\n\n\n\n<p style=\"text-align:center\"><strong>9 DE MAIO<\/strong><\/p>\n\n\n\n<p><strong>OFICINA<\/strong><\/p>\n\n\n\n<p><strong>9h:<\/strong> Jardinagem e Pr\u00e1tica de Mini-Jardins &#8211; Del\u00edcia Alarc\u00e3o <\/p>\n\n\n\n<p><strong>13h:<\/strong> Conserva de Vegetais &#8211; Ros\u00e2ngela Caparrosa<\/p>\n\n\n\n<p><strong>13h: <\/strong>Panifica\u00e7\u00e3o &#8211; Neurileide Maria de Oliveira <\/p>\n\n\n\n<p><strong>MESA&nbsp;REDONDA<\/strong><\/p>\n\n\n\n<p><strong>19h:&nbsp;<\/strong>Cr\u00e9dito Rural e Agricultura Familiar &#8211; Clizeide Rezende<\/p>\n\n\n\n<p style=\"text-align:center\"><strong>10 DE MAIO<\/strong><\/p>\n\n\n\n<p><strong>PAINEL<\/strong><\/p>\n\n\n\n<p><strong>8h30:<\/strong> Mandioca, o alimento do s\u00e9culo &#8211; Kin Carlos Gomides<\/p>\n\n\n\n<p><strong>10h30:<\/strong> Fruticultura: situa\u00e7\u00e3o atual na regi\u00e3o Centro Oeste &#8211; Jos\u00e9 Luiz Pereira<\/p>\n\n\n\n<p><strong>OFICINA<\/strong><\/p>\n\n\n\n<p><strong>13h:<\/strong> Doces Artesanais &#8211; Ros\u00e2ngela Caparrosa<\/p>\n\n\n\n<p><strong>RODA&nbsp;DE&nbsp;CONVERSA<\/strong><\/p>\n\n\n\n<p><strong>9h:&nbsp;<\/strong>Sucess\u00e3o Familiar para ser feliz<\/p>\n\n\n\n<p><strong>10h30:&nbsp;<\/strong>Redes de ATER <\/p>\n\n\n\n<p><strong>10h30:&nbsp;<\/strong>Indica\u00e7\u00e3o&nbsp;Geogr\u00e1fica&nbsp;do&nbsp;Queijo&nbsp;Cabacinha&nbsp;do&nbsp;Araguaia<\/p>\n\n\n\n<p><strong>14h: <\/strong>Indica\u00e7\u00e3o Geogr\u00e1fica na Regi\u00e3o Centro Oeste: situa\u00e7\u00e3o atual e perspectivas<\/p>\n\n\n\n<p><\/p>\n\n\n\n<p><strong>Para saber os hor\u00e1rios e locais das atividades, acesse a programa\u00e7\u00e3o completa da Agro Centro-Oeste Familiar clicando <a rel=\"noreferrer noopener\" aria-label=\"AQUI (abre em uma nova aba)\" href=\"https:\/\/goias.gov.br\/emater\/programacao-acof-2024-19-abril-por-dia\/\" target=\"_blank\">AQUI<\/a><\/strong><\/p>\n\n\n\n<hr class=\"wp-block-separator\" \/>\n\n\n\n<p><strong>Comunica\u00e7\u00e3o Setorial da Emater \u2013 Governo de Goi\u00e1s<\/strong><br>comunicacao.ematergo@gmail.com<br><a href=\"https:\/\/goias.gov.br\/emater\/\">www.emater.go.gov.br<\/a><br><a href=\"https:\/\/www.instagram.com\/ematergoias\/\">@ematergoias<\/a><\/p>\n","protected":false},"excerpt":{"rendered":"<p>A Ag\u00eancia Goiana de Assist\u00eancia T\u00e9cnica, Extens\u00e3o Rural e Pesquisa Agropecu\u00e1ria (Emater) estar\u00e1 na Agro Centro-Oeste Familiar (ACOF) 2024, que ocorre do dia 8 ao dia 10 de maio. Em sua 21\u00aa edi\u00e7\u00e3o, a feira ser\u00e1 sediada no Centro Universit\u00e1rio do munic\u00edpio de Mineiros, com a tem\u00e1tica de Mudan\u00e7as Clim\u00e1ticas, Inova\u00e7\u00e3o e Inclus\u00e3o Socioprodutiva. Acompanhada [&hellip;]<\/p>\n","protected":false},"author":2,"featured_media":18931,"comment_status":"closed","ping_status":"open","sticky":false,"template":"","format":"standard","meta":{"_acf_changed":false,"footnotes":""},"categories":[1],"tags":[],"class_list":["post-18930","post","type-post","status-publish","format-standard","has-post-thumbnail","hentry","category-noticias"],"acf":[],"rttpg_featured_image_url":{"full":["https:\/\/goias.gov.br\/emater\/wp-content\/uploads\/sites\/62\/2024\/05\/Agro_Familiar_2024-1.jpg",973,557,false],"landscape":["https:\/\/goias.gov.br\/emater\/wp-content\/uploads\/sites\/62\/2024\/05\/Agro_Familiar_2024-1.jpg",973,557,false],"portraits":["https:\/\/goias.gov.br\/emater\/wp-content\/uploads\/sites\/62\/2024\/05\/Agro_Familiar_2024-1.jpg",973,557,false],"thumbnail":["https:\/\/goias.gov.br\/emater\/wp-content\/uploads\/sites\/62\/2024\/05\/Agro_Familiar_2024-1-150x150.jpg",150,150,true],"medium":["https:\/\/goias.gov.br\/emater\/wp-content\/uploads\/sites\/62\/2024\/05\/Agro_Familiar_2024-1-300x172.jpg",300,172,true],"large":["https:\/\/goias.gov.br\/emater\/wp-content\/uploads\/sites\/62\/2024\/05\/Agro_Familiar_2024-1.jpg",973,557,false],"1536x1536":["https:\/\/goias.gov.br\/emater\/wp-content\/uploads\/sites\/62\/2024\/05\/Agro_Familiar_2024-1.jpg",973,557,false],"2048x2048":["https:\/\/goias.gov.br\/emater\/wp-content\/uploads\/sites\/62\/2024\/05\/Agro_Familiar_2024-1.jpg",973,557,false]},"rttpg_author":{"display_name":"rogerioduarte","author_link":"https:\/\/goias.gov.br\/emater\/author\/rogerioduarte\/"},"rttpg_comment":0,"rttpg_category":"<a href=\"https:\/\/goias.gov.br\/emater\/categoria\/noticias\/\" rel=\"category tag\">Not\u00edcias<\/a>","rttpg_excerpt":"A Ag\u00eancia Goiana de Assist\u00eancia T\u00e9cnica, Extens\u00e3o Rural e Pesquisa Agropecu\u00e1ria (Emater) estar\u00e1 na Agro Centro-Oeste Familiar (ACOF) 2024, que ocorre do dia 8 ao dia 10 de maio. Em sua 21\u00aa edi\u00e7\u00e3o, a feira ser\u00e1 sediada no Centro Universit\u00e1rio do munic\u00edpio de Mineiros, com a tem\u00e1tica de Mudan\u00e7as Clim\u00e1ticas, Inova\u00e7\u00e3o e Inclus\u00e3o Socioprodutiva. Acompanhada&hellip;","_links":{"self":[{"href":"https:\/\/goias.gov.br\/emater\/wp-json\/wp\/v2\/posts\/18930","targetHints":{"allow":["GET"]}}],"collection":[{"href":"https:\/\/goias.gov.br\/emater\/wp-json\/wp\/v2\/posts"}],"about":[{"href":"https:\/\/goias.gov.br\/emater\/wp-json\/wp\/v2\/types\/post"}],"author":[{"embeddable":true,"href":"https:\/\/goias.gov.br\/emater\/wp-json\/wp\/v2\/users\/2"}],"replies":[{"embeddable":true,"href":"https:\/\/goias.gov.br\/emater\/wp-json\/wp\/v2\/comments?post=18930"}],"version-history":[{"count":1,"href":"https:\/\/goias.gov.br\/emater\/wp-json\/wp\/v2\/posts\/18930\/revisions"}],"predecessor-version":[{"id":272670,"href":"https:\/\/goias.gov.br\/emater\/wp-json\/wp\/v2\/posts\/18930\/revisions\/272670"}],"wp:featuredmedia":[{"embeddable":true,"href":"https:\/\/goias.gov.br\/emater\/wp-json\/wp\/v2\/media\/18931"}],"wp:attachment":[{"href":"https:\/\/goias.gov.br\/emater\/wp-json\/wp\/v2\/media?parent=18930"}],"wp:term":[{"taxonomy":"category","embeddable":true,"href":"https:\/\/goias.gov.br\/emater\/wp-json\/wp\/v2\/categories?post=18930"},{"taxonomy":"post_tag","embeddable":true,"href":"https:\/\/goias.gov.br\/emater\/wp-json\/wp\/v2\/tags?post=18930"}],"curies":[{"name":"wp","href":"https:\/\/api.w.org\/{rel}","templated":true}]}}