

{"id":18220,"date":"2024-01-19T11:40:30","date_gmt":"2024-01-19T14:40:30","guid":{"rendered":"https:\/\/goias.gov.br\/emater\/?p=18220"},"modified":"2025-04-15T03:06:35","modified_gmt":"2025-04-15T06:06:35","slug":"emater-e-produtor-lado-a-lado","status":"publish","type":"post","link":"https:\/\/goias.gov.br\/emater\/emater-e-produtor-lado-a-lado\/","title":{"rendered":"Emater e produtor: lado a lado"},"content":{"rendered":"\n<p><strong>O ano de 2023 foi surpreendente na Emater.<\/strong> Conhecemos muito mais a realidade do produtor rural e contribu\u00edmos para o<strong> avan\u00e7o da maior ind\u00fastria do estado de Goi\u00e1s: a agricultura familiar.<\/strong> Esse \u00e9 o diferencial dessa gest\u00e3o.\u00a0<\/p>\n\n\n\n<p>O objetivo \u00e9 fazer a agricultura familiar funcionar da melhor forma poss\u00edvel, gerando renda e emprego, al\u00e9m de resgatar o <strong>orgulho de quem vive no campo e fortalecer o agroneg\u00f3cio no estado.<\/strong><\/p>\n\n\n\n<p>Em Goi\u00e1s, cerca de<strong> 63% das propriedades rurais goianas s\u00e3o enquadradas como agricultura familiar.<\/strong> S\u00e3o mais de 95 mil propriedades que empregam 46,8% da m\u00e3o de obra no campo e geram cerca de R$ 4 bilh\u00f5es em valor de produ\u00e7\u00e3o no estado. <strong>Este \u00e9 o p\u00fablico priorit\u00e1rio das a\u00e7\u00f5es e programas da Emater.\u00a0<\/strong><\/p>\n\n\n\n<p>Em 2023, a Ag\u00eancia assistiu mais de 20 mil produtores rurais, resultando em mais de <strong>60 mil atendimentos t\u00e9cnicos<\/strong> e marcando presen\u00e7a em todos os munic\u00edpios goianos. <strong>O produtor rural pode contar com a gente!<\/strong><\/p>\n\n\n\n<p>Trabalhamos insistentemente na capacita\u00e7\u00e3o profissional do agricultor, da sua fam\u00edlia e comunidade. No programa <strong>Agro \u00e9 Social, <\/strong>centenas de pessoas foram capacitadas nas tr\u00eas edi\u00e7\u00f5es realizadas em 2023, que levou atendimentos gratuitos a dezenas de cidades simultaneamente.<\/p>\n\n\n\n<p><strong>Para incentivar o empreendedorismo <\/strong>e proporcionar novas formas de renda, temos o <strong>Cr\u00e9dito Social<\/strong>. O programa do Governo de Goi\u00e1s, destinado a produtores rurais que participam das capacita\u00e7\u00f5es e cursos profissionalizantes oferecidos pela Emater, concede um fomento de at\u00e9<strong> R$ 5 mil para o agricultor iniciar seu pr\u00f3prio neg\u00f3cio<\/strong>. Em 2023, o investimento<strong> somou mais de R$1,6 milh\u00e3o.<\/strong><\/p>\n\n\n\n<p>Os n\u00fameros n\u00e3o param por a\u00ed. <strong>No Cr\u00e9dito Rural, foram aportados mais de R$ 200 milh\u00f5es na economia goiana.<\/strong><\/p>\n\n\n\n<p>Outro destaque \u00e9 o Programa de Aquisi\u00e7\u00e3o de Alimentos do Governo de Goi\u00e1s (PAA Goi\u00e1s), que \u00e9 um exemplo claro de como pol\u00edticas p\u00fablicas assertivas transformam a realidade social. <strong>De um lado, 841 produtores receberam mais de R$ 12 milh\u00f5es por sua produ\u00e7\u00e3o. Do outro, fam\u00edlias em situa\u00e7\u00e3o de vulnerabilidade social receberam esses alimentos por meio da OVG.<\/strong> Desta forma, estamos fortalecendo o trabalho no campo e colocando comida na mesa de quem mais precisa.<\/p>\n\n\n\n<p><strong>E 2024 promete muito mais! <\/strong>O projeto <strong>Fruticultura Irrigada do V\u00e3o do Paran\u00e3<\/strong> est\u00e1 apenas come\u00e7ando. A expectativa \u00e9 cobrir 296 hectares com capacidade de produzir mais de <strong>dez mil toneladas de frutas por ano<\/strong>.<\/p>\n\n\n\n<p>Pr\u00eamios, reconhecimentos, um C\u00f3digo de \u00c9tica e Conduta novo\u2026 <strong>Pontuar tudo que a Emater fez em 2023 exigiria mais espa\u00e7o<\/strong>. E isso gra\u00e7as ao apoio incondicional do governador Ronaldo Caiado e da primeira-dama dona Gracinha. Estamos do lado certo!<\/p>\n\n\n\n<p>Pois o nosso trabalho vai muito al\u00e9m da inclus\u00e3o produtiva. Nosso prop\u00f3sito \u00e9 mudar a realidade, levando mais qualidade de vida para o homem e a mulher do campo. C<strong>om \u00e9tica, transpar\u00eancia e dedica\u00e7\u00e3o estamos transformando vidas e fazendo hist\u00f3ria em Goi\u00e1s.<\/strong><\/p>\n\n\n\n<p><em><strong>Rafael Gouveia,<\/strong> presidente da Ag\u00eancia Goiana de Assist\u00eancia T\u00e9cnica, Extens\u00e3o Rural e Pesquisa Agropecu\u00e1ria (Emater)<\/em><br><br><\/p>\n","protected":false},"excerpt":{"rendered":"<p>O ano de 2023 foi surpreendente na Emater. Conhecemos muito mais a realidade do produtor rural e contribu\u00edmos para o avan\u00e7o da maior ind\u00fastria do estado de Goi\u00e1s: a agricultura familiar. Esse \u00e9 o diferencial dessa gest\u00e3o.\u00a0 O objetivo \u00e9 fazer a agricultura familiar funcionar da melhor forma poss\u00edvel, gerando renda e emprego, al\u00e9m de [&hellip;]<\/p>\n","protected":false},"author":2,"featured_media":18221,"comment_status":"closed","ping_status":"open","sticky":false,"template":"","format":"standard","meta":{"_acf_changed":false,"footnotes":""},"categories":[1],"tags":[],"class_list":["post-18220","post","type-post","status-publish","format-standard","has-post-thumbnail","hentry","category-noticias"],"acf":[],"rttpg_featured_image_url":{"full":["https:\/\/goias.gov.br\/emater\/wp-content\/uploads\/sites\/62\/2024\/01\/Rafael-Gouveia-Artigo-O-Popular.jpeg",1600,1066,false],"landscape":["https:\/\/goias.gov.br\/emater\/wp-content\/uploads\/sites\/62\/2024\/01\/Rafael-Gouveia-Artigo-O-Popular.jpeg",1600,1066,false],"portraits":["https:\/\/goias.gov.br\/emater\/wp-content\/uploads\/sites\/62\/2024\/01\/Rafael-Gouveia-Artigo-O-Popular.jpeg",1600,1066,false],"thumbnail":["https:\/\/goias.gov.br\/emater\/wp-content\/uploads\/sites\/62\/2024\/01\/Rafael-Gouveia-Artigo-O-Popular-150x150.jpeg",150,150,true],"medium":["https:\/\/goias.gov.br\/emater\/wp-content\/uploads\/sites\/62\/2024\/01\/Rafael-Gouveia-Artigo-O-Popular-300x200.jpeg",300,200,true],"large":["https:\/\/goias.gov.br\/emater\/wp-content\/uploads\/sites\/62\/2024\/01\/Rafael-Gouveia-Artigo-O-Popular-1024x682.jpeg",1024,682,true],"1536x1536":["https:\/\/goias.gov.br\/emater\/wp-content\/uploads\/sites\/62\/2024\/01\/Rafael-Gouveia-Artigo-O-Popular.jpeg",1536,1023,false],"2048x2048":["https:\/\/goias.gov.br\/emater\/wp-content\/uploads\/sites\/62\/2024\/01\/Rafael-Gouveia-Artigo-O-Popular.jpeg",1600,1066,false]},"rttpg_author":{"display_name":"rogerioduarte","author_link":"https:\/\/goias.gov.br\/emater\/author\/rogerioduarte\/"},"rttpg_comment":0,"rttpg_category":"<a href=\"https:\/\/goias.gov.br\/emater\/categoria\/noticias\/\" rel=\"category tag\">Not\u00edcias<\/a>","rttpg_excerpt":"O ano de 2023 foi surpreendente na Emater. Conhecemos muito mais a realidade do produtor rural e contribu\u00edmos para o avan\u00e7o da maior ind\u00fastria do estado de Goi\u00e1s: a agricultura familiar. Esse \u00e9 o diferencial dessa gest\u00e3o.\u00a0 O objetivo \u00e9 fazer a agricultura familiar funcionar da melhor forma poss\u00edvel, gerando renda e emprego, al\u00e9m de&hellip;","_links":{"self":[{"href":"https:\/\/goias.gov.br\/emater\/wp-json\/wp\/v2\/posts\/18220","targetHints":{"allow":["GET"]}}],"collection":[{"href":"https:\/\/goias.gov.br\/emater\/wp-json\/wp\/v2\/posts"}],"about":[{"href":"https:\/\/goias.gov.br\/emater\/wp-json\/wp\/v2\/types\/post"}],"author":[{"embeddable":true,"href":"https:\/\/goias.gov.br\/emater\/wp-json\/wp\/v2\/users\/2"}],"replies":[{"embeddable":true,"href":"https:\/\/goias.gov.br\/emater\/wp-json\/wp\/v2\/comments?post=18220"}],"version-history":[{"count":1,"href":"https:\/\/goias.gov.br\/emater\/wp-json\/wp\/v2\/posts\/18220\/revisions"}],"predecessor-version":[{"id":272740,"href":"https:\/\/goias.gov.br\/emater\/wp-json\/wp\/v2\/posts\/18220\/revisions\/272740"}],"wp:featuredmedia":[{"embeddable":true,"href":"https:\/\/goias.gov.br\/emater\/wp-json\/wp\/v2\/media\/18221"}],"wp:attachment":[{"href":"https:\/\/goias.gov.br\/emater\/wp-json\/wp\/v2\/media?parent=18220"}],"wp:term":[{"taxonomy":"category","embeddable":true,"href":"https:\/\/goias.gov.br\/emater\/wp-json\/wp\/v2\/categories?post=18220"},{"taxonomy":"post_tag","embeddable":true,"href":"https:\/\/goias.gov.br\/emater\/wp-json\/wp\/v2\/tags?post=18220"}],"curies":[{"name":"wp","href":"https:\/\/api.w.org\/{rel}","templated":true}]}}