

{"id":99932,"date":"2024-05-23T10:44:22","date_gmt":"2024-05-23T13:44:22","guid":{"rendered":"https:\/\/goias.gov.br\/educacao\/?p=99932"},"modified":"2024-05-23T10:44:22","modified_gmt":"2024-05-23T13:44:22","slug":"schubert-dias-de-freitas","status":"publish","type":"post","link":"https:\/\/goias.gov.br\/educacao\/schubert-dias-de-freitas\/","title":{"rendered":"Schubert Dias de Freitas"},"content":{"rendered":"\n<figure class=\"wp-block-gallery has-nested-images columns-default is-cropped wp-block-gallery-1 is-layout-flex wp-block-gallery-is-layout-flex\">\n<figure class=\"wp-block-image size-large\"><img fetchpriority=\"high\" decoding=\"async\" width=\"1080\" height=\"1304\" data-id=\"99933\" src=\"https:\/\/goias.gov.br\/educacao\/wp-content\/uploads\/sites\/40\/2024\/05\/Schubert-Dias-de-Freitas.jpeg\" alt=\"\" class=\"wp-image-99933\"\/><\/figure>\n<\/figure>\n\n\n\n<p>A Secretaria de Estado da Educa\u00e7\u00e3o de Goi\u00e1s (Seduc\/GO) lamenta com profundo pesar a morte do professor Schubert Dias de Freitas, do Col\u00e9gio Estadual da Pol\u00edcia Militar de Goi\u00e1s (CEPMG) Pedro Ludovico Teixeira, de Trindade.<\/p>\n\n\n\n<p>Ele faleceu nesta quinta-feira, 23\/05, e deixa esposa e filhos.&nbsp; Com forma\u00e7\u00e3o em M\u00fasica, Schubert era professor da rede p\u00fablica estadual de ensino h\u00e1 18 anos.<\/p>\n\n\n\n<p>Em nome dos servidores da Educa\u00e7\u00e3o p\u00fablica estadual, a Seduc\/GO expressa sinceras condol\u00eancias, em especial, \u00e0 fam\u00edlia do professor Schubert, e a seus amigos e colegas neste momento de tristeza e saudade.<\/p>\n\n\n\n<p><strong>Secretaria de Estado da Educa\u00e7\u00e3o de Goi\u00e1s<\/strong><\/p>\n\n\n\n<p><\/p>\n","protected":false},"excerpt":{"rendered":"<p>A Secretaria de Estado da Educa\u00e7\u00e3o de Goi\u00e1s (Seduc\/GO) lamenta com profundo pesar a morte do professor Schubert Dias de Freitas, do Col\u00e9gio Estadual da Pol\u00edcia Militar de Goi\u00e1s (CEPMG) Pedro Ludovico Teixeira, de Trindade. Ele faleceu nesta quinta-feira, 23\/05, e deixa esposa e filhos.&nbsp; Com forma\u00e7\u00e3o em M\u00fasica, Schubert era professor da rede p\u00fablica [&hellip;]<\/p>\n","protected":false},"author":456,"featured_media":0,"comment_status":"closed","ping_status":"open","sticky":false,"template":"","format":"standard","meta":{"footnotes":""},"categories":[4826],"tags":[5180],"class_list":["post-99932","post","type-post","status-publish","format-standard","hentry","category-nota-de-pesar","tag-nota-de-pesar"],"rttpg_featured_image_url":null,"rttpg_author":{"display_name":"anacarolinajobim","author_link":"https:\/\/goias.gov.br\/educacao\/author\/anacarolinajobim\/"},"rttpg_comment":0,"rttpg_category":"<a href=\"https:\/\/goias.gov.br\/educacao\/categoria\/nota-de-pesar\/\" rel=\"category tag\">Nota de pesar<\/a>","rttpg_excerpt":"A Secretaria de Estado da Educa\u00e7\u00e3o de Goi\u00e1s (Seduc\/GO) lamenta com profundo pesar a morte do professor Schubert Dias de Freitas, do Col\u00e9gio Estadual da Pol\u00edcia Militar de Goi\u00e1s (CEPMG) Pedro Ludovico Teixeira, de Trindade. Ele faleceu nesta quinta-feira, 23\/05, e deixa esposa e filhos.&nbsp; Com forma\u00e7\u00e3o em M\u00fasica, Schubert era professor da rede p\u00fablica&hellip;","_links":{"self":[{"href":"https:\/\/goias.gov.br\/educacao\/wp-json\/wp\/v2\/posts\/99932","targetHints":{"allow":["GET"]}}],"collection":[{"href":"https:\/\/goias.gov.br\/educacao\/wp-json\/wp\/v2\/posts"}],"about":[{"href":"https:\/\/goias.gov.br\/educacao\/wp-json\/wp\/v2\/types\/post"}],"author":[{"embeddable":true,"href":"https:\/\/goias.gov.br\/educacao\/wp-json\/wp\/v2\/users\/456"}],"replies":[{"embeddable":true,"href":"https:\/\/goias.gov.br\/educacao\/wp-json\/wp\/v2\/comments?post=99932"}],"version-history":[{"count":1,"href":"https:\/\/goias.gov.br\/educacao\/wp-json\/wp\/v2\/posts\/99932\/revisions"}],"predecessor-version":[{"id":99934,"href":"https:\/\/goias.gov.br\/educacao\/wp-json\/wp\/v2\/posts\/99932\/revisions\/99934"}],"wp:attachment":[{"href":"https:\/\/goias.gov.br\/educacao\/wp-json\/wp\/v2\/media?parent=99932"}],"wp:term":[{"taxonomy":"category","embeddable":true,"href":"https:\/\/goias.gov.br\/educacao\/wp-json\/wp\/v2\/categories?post=99932"},{"taxonomy":"post_tag","embeddable":true,"href":"https:\/\/goias.gov.br\/educacao\/wp-json\/wp\/v2\/tags?post=99932"}],"curies":[{"name":"wp","href":"https:\/\/api.w.org\/{rel}","templated":true}]}}