

{"id":98488,"date":"2024-05-16T10:38:01","date_gmt":"2024-05-16T13:38:01","guid":{"rendered":"https:\/\/goias.gov.br\/educacao\/?p=98488"},"modified":"2024-05-16T10:38:01","modified_gmt":"2024-05-16T13:38:01","slug":"beatriz-solange-linha-torres","status":"publish","type":"post","link":"https:\/\/goias.gov.br\/educacao\/beatriz-solange-linha-torres\/","title":{"rendered":"Beatriz Solange Linha Torres"},"content":{"rendered":"\n<p>A Secretaria de Estado da Educa\u00e7\u00e3o de Goi\u00e1s (Seduc\/GO), lamenta, com muito pesar, a morte da professora Beatriz Solange Linha Torres, do Col\u00e9gio Estadual da Pol\u00edcia Militar de Goi\u00e1s (CEPMG) Jos\u00e9 Pio de Santana, de Ipameri, ocorrida nesta quarta-feira, 15\/05.<\/p>\n\n\n\n<p>Formada em Letras\/L\u00edngua Portuguesa, ela era servidora p\u00fablica da Educa\u00e7\u00e3o estadual h\u00e1 25 anos. Beatriz faleceu em decorr\u00eancia de parada cardiorrespirat\u00f3ria e deixa m\u00e3e, esposo, tr\u00eas filhos e tr\u00eas netos.<\/p>\n\n\n\n<p>A Seduc\/GO, em nome da rede p\u00fablica estadual de ensino, apresenta sinceras condol\u00eancias, de forma especial \u00e0 fam\u00edlia de Beatriz e aos professores, servidores e estudantes do CEPMG Jos\u00e9 Pio de Santana, rogando a Deus conforto, paz e bem a todos que, neste momento, sofrem com sua partida.<\/p>\n\n\n\n<p><strong>Secretaria de Estado da Educa\u00e7\u00e3o de Goi\u00e1s<\/strong><\/p>\n","protected":false},"excerpt":{"rendered":"<p>A Secretaria de Estado da Educa\u00e7\u00e3o de Goi\u00e1s (Seduc\/GO), lamenta, com muito pesar, a morte da professora Beatriz Solange Linha Torres, do Col\u00e9gio Estadual da Pol\u00edcia Militar de Goi\u00e1s (CEPMG) Jos\u00e9 Pio de Santana, de Ipameri, ocorrida nesta quarta-feira, 15\/05. Formada em Letras\/L\u00edngua Portuguesa, ela era servidora p\u00fablica da Educa\u00e7\u00e3o estadual h\u00e1 25 anos. Beatriz [&hellip;]<\/p>\n","protected":false},"author":457,"featured_media":0,"comment_status":"closed","ping_status":"open","sticky":false,"template":"","format":"standard","meta":{"footnotes":""},"categories":[4826],"tags":[],"class_list":["post-98488","post","type-post","status-publish","format-standard","hentry","category-nota-de-pesar"],"rttpg_featured_image_url":null,"rttpg_author":{"display_name":"isadoraribeiro","author_link":"https:\/\/goias.gov.br\/educacao\/author\/isadoraribeiro\/"},"rttpg_comment":0,"rttpg_category":"<a href=\"https:\/\/goias.gov.br\/educacao\/categoria\/nota-de-pesar\/\" rel=\"category tag\">Nota de pesar<\/a>","rttpg_excerpt":"A Secretaria de Estado da Educa\u00e7\u00e3o de Goi\u00e1s (Seduc\/GO), lamenta, com muito pesar, a morte da professora Beatriz Solange Linha Torres, do Col\u00e9gio Estadual da Pol\u00edcia Militar de Goi\u00e1s (CEPMG) Jos\u00e9 Pio de Santana, de Ipameri, ocorrida nesta quarta-feira, 15\/05. Formada em Letras\/L\u00edngua Portuguesa, ela era servidora p\u00fablica da Educa\u00e7\u00e3o estadual h\u00e1 25 anos. Beatriz&hellip;","_links":{"self":[{"href":"https:\/\/goias.gov.br\/educacao\/wp-json\/wp\/v2\/posts\/98488","targetHints":{"allow":["GET"]}}],"collection":[{"href":"https:\/\/goias.gov.br\/educacao\/wp-json\/wp\/v2\/posts"}],"about":[{"href":"https:\/\/goias.gov.br\/educacao\/wp-json\/wp\/v2\/types\/post"}],"author":[{"embeddable":true,"href":"https:\/\/goias.gov.br\/educacao\/wp-json\/wp\/v2\/users\/457"}],"replies":[{"embeddable":true,"href":"https:\/\/goias.gov.br\/educacao\/wp-json\/wp\/v2\/comments?post=98488"}],"version-history":[{"count":1,"href":"https:\/\/goias.gov.br\/educacao\/wp-json\/wp\/v2\/posts\/98488\/revisions"}],"predecessor-version":[{"id":98489,"href":"https:\/\/goias.gov.br\/educacao\/wp-json\/wp\/v2\/posts\/98488\/revisions\/98489"}],"wp:attachment":[{"href":"https:\/\/goias.gov.br\/educacao\/wp-json\/wp\/v2\/media?parent=98488"}],"wp:term":[{"taxonomy":"category","embeddable":true,"href":"https:\/\/goias.gov.br\/educacao\/wp-json\/wp\/v2\/categories?post=98488"},{"taxonomy":"post_tag","embeddable":true,"href":"https:\/\/goias.gov.br\/educacao\/wp-json\/wp\/v2\/tags?post=98488"}],"curies":[{"name":"wp","href":"https:\/\/api.w.org\/{rel}","templated":true}]}}