

{"id":98484,"date":"2024-05-15T16:39:00","date_gmt":"2024-05-15T19:39:00","guid":{"rendered":"https:\/\/goias.gov.br\/educacao\/?p=98484"},"modified":"2024-05-15T16:39:00","modified_gmt":"2024-05-15T19:39:00","slug":"escuta-das-adolescencias-nas-escolas-rede-estadual-de-goias-promove-acoes-de-escuta-ativa-ate-o-dia-20-de-maio","status":"publish","type":"post","link":"https:\/\/goias.gov.br\/educacao\/escuta-das-adolescencias-nas-escolas-rede-estadual-de-goias-promove-acoes-de-escuta-ativa-ate-o-dia-20-de-maio\/","title":{"rendered":"Escuta das Adolesc\u00eancias nas Escolas: Rede estadual de Goi\u00e1s promove a\u00e7\u00f5es de escuta ativa at\u00e9 o dia 20 de maio\u00a0"},"content":{"rendered":"\n<figure class=\"wp-block-image size-full\"><img fetchpriority=\"high\" decoding=\"async\" width=\"1221\" height=\"658\" src=\"https:\/\/goias.gov.br\/educacao\/wp-content\/uploads\/sites\/40\/2024\/05\/WhatsApp-Image-2024-05-14-at-11.23.12-1.jpeg\" alt=\"\" class=\"wp-image-98486\"\/><\/figure>\n\n\n\n<p><em>Rodas de conversas, produ\u00e7\u00e3o de materiais e trabalhos em grupo s\u00e3o algumas das din\u00e2micas realizadas com os estudantes do 6\u00ba ao 9\u00b0 ano durante a Semana da Escuta das Adolesc\u00eancias nas Escolas<\/em><\/p>\n\n\n\n<p>Na rede p\u00fablica estadual de Educa\u00e7\u00e3o de Goi\u00e1s, a Semana de Escuta das Adolesc\u00eancias nas Escolas est\u00e1 sendo realizada desde o dia 13 e segue at\u00e9 20 de maio. Durante a semana, as unidades escolares goianas promovem rodas de conversa, atividades pedag\u00f3gicas, produ\u00e7\u00e3o de cartas e trabalhos em grupo, tendo em vista que o foco da a\u00e7\u00e3o \u00e9 oportunizar o di\u00e1logo e a escuta ativa entre os jovens.<\/p>\n\n\n\n<p>A a\u00e7\u00e3o \u00e9 uma pol\u00edtica de fortalecimento educacional voltada aos estudantes do Ensino Fundamental \u2013 Anos Finais (6\u00b0 ao 9\u00b0 ano) das redes p\u00fablicas. A iniciativa foi desenvolvida pelo Minist\u00e9rio da Educa\u00e7\u00e3o (MEC), em parceria com o Conselho Nacional de Secret\u00e1rios de Educa\u00e7\u00e3o (Consed) e a Uni\u00e3o Nacional dos Dirigentes Municipais de Educa\u00e7\u00e3o (Undime), al\u00e9m das secretarias estaduais de Educa\u00e7\u00e3o de todo o pa\u00eds. &nbsp;<\/p>\n\n\n\n<p>O objetivo principal \u00e9 promover o di\u00e1logo entre os alunos que est\u00e3o nesta fase da adolesc\u00eancia, al\u00e9m de estimular o desenvolvimento e a aprendizagem destes jovens.&nbsp; De acordo com o MEC, a Semana da Escuta \u00e9 o primeiro passo para a constru\u00e7\u00e3o de um diagn\u00f3stico nacional, voltado para o direcionamento de pol\u00edticas p\u00fablicas da Educa\u00e7\u00e3o B\u00e1sica brasileira.<\/p>\n\n\n\n<p>Segundo o coordenador do Ensino Fundamental da Secretaria de Estado da Educa\u00e7\u00e3o de Goi\u00e1s (Seduc\/GO), Werciley Gon\u00e7alves, a a\u00e7\u00e3o alcan\u00e7a todo o pa\u00eds, abrangendo de forma singular os alunos dos anos finais, contribuindo para que eles cheguem ao Ensino M\u00e9dio mais preparados. \u201cAp\u00f3s a fase da escuta, v\u00e3o surgir os suportes pedag\u00f3gicos e as interven\u00e7\u00f5es necess\u00e1rias para melhorar o ensino\/aprendizagem desses estudantes,\u201d destaca ele.<\/p>\n\n\n\n<p><strong>Momento de escuta nas escolas<\/strong><\/p>\n\n\n\n<p>A programa\u00e7\u00e3o da \u2018Semana da Escuta das Adolesc\u00eancias nas Escolas\u2019 segue at\u00e9 a pr\u00f3xima segunda-feira (20\/05) nas escolas p\u00fablicas estaduais de Goi\u00e1s. Na quinta-feira (16\/06), a comunidade escolar do Centro de Ensino em Per\u00edodo Integral (Cepi) Ismael Silva de Jesus, de Goi\u00e2nia, realizar\u00e1 a primeira roda de conversa com os estudantes dos 8\u00b0 e 9\u00b0 anos.<\/p>\n\n\n\n<p>J\u00e1 no Col\u00e9gio Estadual Robinho Martins de Azevedo e no Centro de Ensino em Per\u00edodo Integral (Cepi) Gracinha de Lourdes, ambos tamb\u00e9m de Goi\u00e2nia, a proposta ser\u00e1 realizada na sexta-feira (17\/05) e contar\u00e1 com rodas de conversa, atividades em grupo e din\u00e2micas de acolhimento envolvendo os alunos do 6\u00b0 ao 9\u00b0 ano. De acordo com a gestora Ana Maria Dias, os jovens j\u00e1 est\u00e3o aguardando o momento. <em>(Texto: Isadora Ribeiro &#8211; Comunica\u00e7\u00e3o Setorial \/ Fotos: Acervo Pessoal) <\/em><\/p>\n","protected":false},"excerpt":{"rendered":"<p>Rodas de conversas, produ\u00e7\u00e3o de materiais e trabalhos em grupo s\u00e3o algumas das din\u00e2micas realizadas com os estudantes do 6\u00ba ao 9\u00b0 ano durante a Semana da Escuta das Adolesc\u00eancias nas Escolas Na rede p\u00fablica estadual de Educa\u00e7\u00e3o de Goi\u00e1s, a Semana de Escuta das Adolesc\u00eancias nas Escolas est\u00e1 sendo realizada desde o dia 13 [&hellip;]<\/p>\n","protected":false},"author":457,"featured_media":98485,"comment_status":"closed","ping_status":"open","sticky":false,"template":"","format":"standard","meta":{"footnotes":""},"categories":[4801],"tags":[4850,4940,4852],"class_list":["post-98484","post","type-post","status-publish","format-standard","has-post-thumbnail","hentry","category-noticias","tag-educacao","tag-estudantes","tag-governo-de-goias"],"rttpg_featured_image_url":{"full":["https:\/\/goias.gov.br\/educacao\/wp-content\/uploads\/sites\/40\/2024\/05\/WhatsApp-Image-2024-05-14-at-11.23.12.jpeg",1221,658,false],"landscape":["https:\/\/goias.gov.br\/educacao\/wp-content\/uploads\/sites\/40\/2024\/05\/WhatsApp-Image-2024-05-14-at-11.23.12.jpeg",1221,658,false],"portraits":["https:\/\/goias.gov.br\/educacao\/wp-content\/uploads\/sites\/40\/2024\/05\/WhatsApp-Image-2024-05-14-at-11.23.12.jpeg",1221,658,false],"thumbnail":["https:\/\/goias.gov.br\/educacao\/wp-content\/uploads\/sites\/40\/2024\/05\/WhatsApp-Image-2024-05-14-at-11.23.12.jpeg",150,81,false],"medium":["https:\/\/goias.gov.br\/educacao\/wp-content\/uploads\/sites\/40\/2024\/05\/WhatsApp-Image-2024-05-14-at-11.23.12.jpeg",300,162,false],"large":["https:\/\/goias.gov.br\/educacao\/wp-content\/uploads\/sites\/40\/2024\/05\/WhatsApp-Image-2024-05-14-at-11.23.12.jpeg",1024,552,false],"1536x1536":["https:\/\/goias.gov.br\/educacao\/wp-content\/uploads\/sites\/40\/2024\/05\/WhatsApp-Image-2024-05-14-at-11.23.12.jpeg",1221,658,false],"2048x2048":["https:\/\/goias.gov.br\/educacao\/wp-content\/uploads\/sites\/40\/2024\/05\/WhatsApp-Image-2024-05-14-at-11.23.12.jpeg",1221,658,false]},"rttpg_author":{"display_name":"isadoraribeiro","author_link":"https:\/\/goias.gov.br\/educacao\/author\/isadoraribeiro\/"},"rttpg_comment":0,"rttpg_category":"<a href=\"https:\/\/goias.gov.br\/educacao\/categoria\/noticias\/\" rel=\"category tag\">Not\u00edcias<\/a>","rttpg_excerpt":"Rodas de conversas, produ\u00e7\u00e3o de materiais e trabalhos em grupo s\u00e3o algumas das din\u00e2micas realizadas com os estudantes do 6\u00ba ao 9\u00b0 ano durante a Semana da Escuta das Adolesc\u00eancias nas Escolas Na rede p\u00fablica estadual de Educa\u00e7\u00e3o de Goi\u00e1s, a Semana de Escuta das Adolesc\u00eancias nas Escolas est\u00e1 sendo realizada desde o dia 13&hellip;","_links":{"self":[{"href":"https:\/\/goias.gov.br\/educacao\/wp-json\/wp\/v2\/posts\/98484","targetHints":{"allow":["GET"]}}],"collection":[{"href":"https:\/\/goias.gov.br\/educacao\/wp-json\/wp\/v2\/posts"}],"about":[{"href":"https:\/\/goias.gov.br\/educacao\/wp-json\/wp\/v2\/types\/post"}],"author":[{"embeddable":true,"href":"https:\/\/goias.gov.br\/educacao\/wp-json\/wp\/v2\/users\/457"}],"replies":[{"embeddable":true,"href":"https:\/\/goias.gov.br\/educacao\/wp-json\/wp\/v2\/comments?post=98484"}],"version-history":[{"count":1,"href":"https:\/\/goias.gov.br\/educacao\/wp-json\/wp\/v2\/posts\/98484\/revisions"}],"predecessor-version":[{"id":98487,"href":"https:\/\/goias.gov.br\/educacao\/wp-json\/wp\/v2\/posts\/98484\/revisions\/98487"}],"wp:featuredmedia":[{"embeddable":true,"href":"https:\/\/goias.gov.br\/educacao\/wp-json\/wp\/v2\/media\/98485"}],"wp:attachment":[{"href":"https:\/\/goias.gov.br\/educacao\/wp-json\/wp\/v2\/media?parent=98484"}],"wp:term":[{"taxonomy":"category","embeddable":true,"href":"https:\/\/goias.gov.br\/educacao\/wp-json\/wp\/v2\/categories?post=98484"},{"taxonomy":"post_tag","embeddable":true,"href":"https:\/\/goias.gov.br\/educacao\/wp-json\/wp\/v2\/tags?post=98484"}],"curies":[{"name":"wp","href":"https:\/\/api.w.org\/{rel}","templated":true}]}}