

{"id":97650,"date":"2024-05-03T15:57:00","date_gmt":"2024-05-03T18:57:00","guid":{"rendered":"https:\/\/goias.gov.br\/educacao\/?p=97650"},"modified":"2024-05-03T15:57:56","modified_gmt":"2024-05-03T18:57:56","slug":"neivaldo-mendes-da-cunha","status":"publish","type":"post","link":"https:\/\/goias.gov.br\/educacao\/neivaldo-mendes-da-cunha\/","title":{"rendered":"Neivaldo Mendes da Cunha"},"content":{"rendered":"\n<figure class=\"wp-block-image size-full is-resized\"><img fetchpriority=\"high\" decoding=\"async\" width=\"954\" height=\"668\" src=\"https:\/\/goias.gov.br\/educacao\/wp-content\/uploads\/sites\/40\/2024\/05\/WhatsApp-Image-2024-05-03-at-15.08.01.jpeg\" alt=\"\" class=\"wp-image-97651\" style=\"width:603px;height:auto\"\/><\/figure>\n\n\n\n<p>\u00c9 com muito pesar que a Secretaria de Estado da Educa\u00e7\u00e3o de Goi\u00e1s (Seduc) comunica o falecimento do servidor Neivaldo Mendes da Cunha, de 58 anos. Ele foi v\u00edtima de um infarto fulminante na tarde desta sexta-feira (03\/05).<\/p>\n\n\n\n<p><br>Formado em Letras, ele dedicou 35 anos de sua vida \u00e0 educa\u00e7\u00e3o. Atualmente trabalhava como inspetor escolar na Coordena\u00e7\u00e3o Regional de Educa\u00e7\u00e3o (CRE) de Goi\u00e1s, onde foi um grande exemplo de profissional.<\/p>\n\n\n\n<p><br>A Seduc Goi\u00e1s, neste momento de imensa tristeza, solidariza-se com todos os familiares, amigos e colegas de Neivaldo. Que Deus, em sua infinita bondade, console a todos.<\/p>\n","protected":false},"excerpt":{"rendered":"<p>\u00c9 com muito pesar que a Secretaria de Estado da Educa\u00e7\u00e3o de Goi\u00e1s (Seduc) comunica o falecimento do servidor Neivaldo Mendes da Cunha, de 58 anos. Ele foi v\u00edtima de um infarto fulminante na tarde desta sexta-feira (03\/05). Formado em Letras, ele dedicou 35 anos de sua vida \u00e0 educa\u00e7\u00e3o. Atualmente trabalhava como inspetor escolar [&hellip;]<\/p>\n","protected":false},"author":457,"featured_media":0,"comment_status":"closed","ping_status":"open","sticky":false,"template":"","format":"standard","meta":{"footnotes":""},"categories":[4826],"tags":[],"class_list":["post-97650","post","type-post","status-publish","format-standard","hentry","category-nota-de-pesar"],"rttpg_featured_image_url":null,"rttpg_author":{"display_name":"isadoraribeiro","author_link":"https:\/\/goias.gov.br\/educacao\/author\/isadoraribeiro\/"},"rttpg_comment":0,"rttpg_category":"<a href=\"https:\/\/goias.gov.br\/educacao\/categoria\/nota-de-pesar\/\" rel=\"category tag\">Nota de pesar<\/a>","rttpg_excerpt":"\u00c9 com muito pesar que a Secretaria de Estado da Educa\u00e7\u00e3o de Goi\u00e1s (Seduc) comunica o falecimento do servidor Neivaldo Mendes da Cunha, de 58 anos. Ele foi v\u00edtima de um infarto fulminante na tarde desta sexta-feira (03\/05). Formado em Letras, ele dedicou 35 anos de sua vida \u00e0 educa\u00e7\u00e3o. Atualmente trabalhava como inspetor escolar&hellip;","_links":{"self":[{"href":"https:\/\/goias.gov.br\/educacao\/wp-json\/wp\/v2\/posts\/97650","targetHints":{"allow":["GET"]}}],"collection":[{"href":"https:\/\/goias.gov.br\/educacao\/wp-json\/wp\/v2\/posts"}],"about":[{"href":"https:\/\/goias.gov.br\/educacao\/wp-json\/wp\/v2\/types\/post"}],"author":[{"embeddable":true,"href":"https:\/\/goias.gov.br\/educacao\/wp-json\/wp\/v2\/users\/457"}],"replies":[{"embeddable":true,"href":"https:\/\/goias.gov.br\/educacao\/wp-json\/wp\/v2\/comments?post=97650"}],"version-history":[{"count":2,"href":"https:\/\/goias.gov.br\/educacao\/wp-json\/wp\/v2\/posts\/97650\/revisions"}],"predecessor-version":[{"id":97654,"href":"https:\/\/goias.gov.br\/educacao\/wp-json\/wp\/v2\/posts\/97650\/revisions\/97654"}],"wp:attachment":[{"href":"https:\/\/goias.gov.br\/educacao\/wp-json\/wp\/v2\/media?parent=97650"}],"wp:term":[{"taxonomy":"category","embeddable":true,"href":"https:\/\/goias.gov.br\/educacao\/wp-json\/wp\/v2\/categories?post=97650"},{"taxonomy":"post_tag","embeddable":true,"href":"https:\/\/goias.gov.br\/educacao\/wp-json\/wp\/v2\/tags?post=97650"}],"curies":[{"name":"wp","href":"https:\/\/api.w.org\/{rel}","templated":true}]}}