

{"id":95776,"date":"2024-03-17T20:21:00","date_gmt":"2024-03-17T23:21:00","guid":{"rendered":"https:\/\/siteshom.goias.gov.br\/educacao\/?p=95776"},"modified":"2024-03-18T09:40:17","modified_gmt":"2024-03-18T12:40:17","slug":"carla-vieira-de-freitas","status":"publish","type":"post","link":"https:\/\/goias.gov.br\/educacao\/carla-vieira-de-freitas\/","title":{"rendered":"Carla Vieira de Freitas"},"content":{"rendered":"<p>Nota de Pesar<\/p>\n<p>A Secretaria de Estado da Educa\u00e7\u00e3o (Seduc\/GO) lamenta profundamente o falecimento da professora Carla Vieira de Freitas, pedagoga que trabalhava Col\u00e9gio Estadual Jer\u00f4nimo Vicente Lopes, Alo\u00e2ndia-GO. Ela tinha 57 anos de idade, sendo 24 deles dedicados \u00e0 rede estadual de educa\u00e7\u00e3o de Goi\u00e1s.<\/p>\n<p>Carla foi v\u00edtima de infarto no s\u00e1bado (16\/03). A Seduc Goi\u00e1s se solidariza com os familiares e amigos enlutados, manifestando condol\u00eancias e oferecendo o apoio necess\u00e1rio para a supera\u00e7\u00e3o deste momento t\u00e3o dif\u00edcil.<\/p>\n\n<div class=\"wp-block-image\">\n<figure class=\"aligncenter size-large\"><img fetchpriority=\"high\" decoding=\"async\" width=\"576\" height=\"1024\" src=\"https:\/\/goias.gov.br\/educacao\/wp-content\/uploads\/sites\/40\/2024\/03\/NotadePesarcarla-576x1024.jpeg\" alt=\"\" class=\"wp-image-95777\" srcset=\"https:\/\/goias.gov.br\/educacao\/wp-content\/uploads\/sites\/40\/2024\/03\/NotadePesarcarla-576x1024.jpeg 576w, https:\/\/goias.gov.br\/educacao\/wp-content\/uploads\/sites\/40\/2024\/03\/NotadePesarcarla-169x300.jpeg 169w, https:\/\/goias.gov.br\/educacao\/wp-content\/uploads\/sites\/40\/2024\/03\/NotadePesarcarla-768x1366.jpeg 768w, https:\/\/goias.gov.br\/educacao\/wp-content\/uploads\/sites\/40\/2024\/03\/NotadePesarcarla-864x1536.jpeg 864w, https:\/\/goias.gov.br\/educacao\/wp-content\/uploads\/sites\/40\/2024\/03\/NotadePesarcarla.jpeg 899w\" sizes=\"(max-width: 576px) 100vw, 576px\" \/><\/figure>\n<\/div>","protected":false},"excerpt":{"rendered":"<p>Nota de Pesar A Secretaria de Estado da Educa\u00e7\u00e3o (Seduc\/GO) lamenta profundamente o falecimento da professora Carla Vieira de Freitas, pedagoga que trabalhava Col\u00e9gio Estadual Jer\u00f4nimo Vicente Lopes, Alo\u00e2ndia-GO. Ela tinha 57 anos de idade, sendo 24 deles dedicados \u00e0 rede estadual de educa\u00e7\u00e3o de Goi\u00e1s. Carla foi v\u00edtima de infarto no s\u00e1bado (16\/03). A [&hellip;]<\/p>\n","protected":false},"author":7,"featured_media":0,"comment_status":"closed","ping_status":"open","sticky":false,"template":"","format":"standard","meta":{"footnotes":""},"categories":[4826],"tags":[],"class_list":["post-95776","post","type-post","status-publish","format-standard","hentry","category-nota-de-pesar"],"rttpg_featured_image_url":null,"rttpg_author":{"display_name":"gustavogoncalves","author_link":"https:\/\/goias.gov.br\/educacao\/author\/gustavogoncalves\/"},"rttpg_comment":0,"rttpg_category":"<a href=\"https:\/\/goias.gov.br\/educacao\/categoria\/nota-de-pesar\/\" rel=\"category tag\">Nota de pesar<\/a>","rttpg_excerpt":"Nota de Pesar A Secretaria de Estado da Educa\u00e7\u00e3o (Seduc\/GO) lamenta profundamente o falecimento da professora Carla Vieira de Freitas, pedagoga que trabalhava Col\u00e9gio Estadual Jer\u00f4nimo Vicente Lopes, Alo\u00e2ndia-GO. Ela tinha 57 anos de idade, sendo 24 deles dedicados \u00e0 rede estadual de educa\u00e7\u00e3o de Goi\u00e1s. Carla foi v\u00edtima de infarto no s\u00e1bado (16\/03). A&hellip;","_links":{"self":[{"href":"https:\/\/goias.gov.br\/educacao\/wp-json\/wp\/v2\/posts\/95776","targetHints":{"allow":["GET"]}}],"collection":[{"href":"https:\/\/goias.gov.br\/educacao\/wp-json\/wp\/v2\/posts"}],"about":[{"href":"https:\/\/goias.gov.br\/educacao\/wp-json\/wp\/v2\/types\/post"}],"author":[{"embeddable":true,"href":"https:\/\/goias.gov.br\/educacao\/wp-json\/wp\/v2\/users\/7"}],"replies":[{"embeddable":true,"href":"https:\/\/goias.gov.br\/educacao\/wp-json\/wp\/v2\/comments?post=95776"}],"version-history":[{"count":2,"href":"https:\/\/goias.gov.br\/educacao\/wp-json\/wp\/v2\/posts\/95776\/revisions"}],"predecessor-version":[{"id":95782,"href":"https:\/\/goias.gov.br\/educacao\/wp-json\/wp\/v2\/posts\/95776\/revisions\/95782"}],"wp:attachment":[{"href":"https:\/\/goias.gov.br\/educacao\/wp-json\/wp\/v2\/media?parent=95776"}],"wp:term":[{"taxonomy":"category","embeddable":true,"href":"https:\/\/goias.gov.br\/educacao\/wp-json\/wp\/v2\/categories?post=95776"},{"taxonomy":"post_tag","embeddable":true,"href":"https:\/\/goias.gov.br\/educacao\/wp-json\/wp\/v2\/tags?post=95776"}],"curies":[{"name":"wp","href":"https:\/\/api.w.org\/{rel}","templated":true}]}}