

{"id":95715,"date":"2024-03-12T19:52:47","date_gmt":"2024-03-12T22:52:47","guid":{"rendered":"https:\/\/siteshom.goias.gov.br\/educacao\/ouvir-e-acolher-em-goianesia\/"},"modified":"2024-03-18T09:06:29","modified_gmt":"2024-03-18T12:06:29","slug":"ouvir-e-acolher-em-goianesia","status":"publish","type":"post","link":"https:\/\/goias.gov.br\/educacao\/ouvir-e-acolher-em-goianesia\/","title":{"rendered":"Ouvir e Acolher: Programa de educa\u00e7\u00e3o socioemocional da Seduc Goi\u00e1s \u00e9 lan\u00e7ado na Regional de Goian\u00e9sia"},"content":{"rendered":"<p><i>Iniciativa do Governo de Goi&aacute;s busca garantir a sa&uacute;de emocional de alunos e professores da rede estadual de Educa&ccedil;&atilde;o, beneficiando cerca de 500 mil alunos e 50 mil servidores <\/i><\/p>\n<p>O programa Ouvir e Acolher, executado pela Secretaria de Estado da Educa&ccedil;&atilde;o (Seduc\/Go) em parceria com o Instituto Hortense, foi lan&ccedil;ado nesta ter&ccedil;a-feira (12\/03) na Regional de Goian&eacute;sia.<\/p>\n<p>In&eacute;dito no Pa&iacute;s, o programa promove a assist&ecirc;ncia psicossocial e a educa&ccedil;&atilde;o socioemocional para cerca de 500 mil alunos e 50 mil servidores da rede estadual de ensino. Destes, 35 mil s&atilde;o professores que trabalham nas unidades escolares p&uacute;blicas do Estado.<\/p>\n<p>A iniciativa foi implantada pelo Governo de Goi&aacute;s no segundo semestre do ano passado e em apenas quatro meses foram realizados mais de 200 mil atendimentos pela equipe composta por 83 psic&oacute;logos e 40 assistentes sociais que atuam junto as Coordena&ccedil;&otilde;es Regionais de Educa&ccedil;&atilde;o (CRE).<\/p>\n<p>De acordo com a Superintend&ecirc;ncia de Aten&ccedil;&atilde;o Especializada da Seduc Goi&aacute;s, o programa j&aacute; tem apresentado significativos resultados em casos de ansiedade, depress&atilde;o e bullying nas escolas.<\/p>\n<h2><b>Pol&iacute;tica nacional <\/b><\/h2>\n<p>Segundo a secret&aacute;ria estadual de Educa&ccedil;&atilde;o, F&aacute;tima Gavioli, com o lan&ccedil;amento do programa, a rede estadual de ensino ser&aacute; a primeira do pa&iacute;s a implantar a&ccedil;&otilde;es voltadas &agrave; Pol&iacute;tica Nacional de Preven&ccedil;&atilde;o e Combate ao Abuso e Explora&ccedil;&atilde;o Sexual da Crian&ccedil;a e do Adolescente, promulgada no in&iacute;cio deste ano pelo governo federal.<\/p>\n<p>Superintendente de Aten&ccedil;&atilde;o Especializada da Seduc\/GO, Rupert Nickerson, destaca que o objetivo da iniciativa n&atilde;o &eacute; atender os estudantes individualmente, mas trabalhar em a&ccedil;&atilde;o conjunta as rela&ccedil;&otilde;es interpessoais no ambiente escolar.<\/p>\n<p>Helena da Costa Bezerra, secret&aacute;ria-adjunta da Seduc Goi&aacute;s, faz quest&atilde;o de destacar que uma das prioridades do programa &eacute; cuidar das crian&ccedil;as e adolescentes que ficaram privados da intera&ccedil;&atilde;o com os colegas durante a pandemia da Covid-19. &ldquo;Elas n&atilde;o tiveram esse contato, que &eacute; o que desenvolve o ser humano. E sofreram com a perda de amigos e parentes, o que impactou muito na sa&uacute;de mental delas&rdquo;, acrescenta.<\/p>\n<p>No pr&oacute;ximo dia 14, o programa Ouvir e Acolher ser&aacute; lan&ccedil;ado na Regional de Goi&aacute;s, que &eacute; respons&aacute;vel por 16 institui&ccedil;&otilde;es de ensino da rede p&uacute;blica estadual nos munic&iacute;pios de Araguapaz, Aruan&atilde;, Buriti de Goi&aacute;s, Faina, Goi&aacute;s, Moss&acirc;medes, Mozarl&acirc;ndia e Sanclerl&acirc;ndia.&nbsp;<i>(Texto: Maria Jos&eacute; Rodrigues\/Fotos: Divulga&ccedil;&atilde;o) <\/i><\/p>\n<style>\r\n                        .custom-gallery {\r\n                            display: flex;\r\n                            flex-wrap: wrap;\r\n                        }\r\n\r\n                        .gallery-item {\r\n                            flex: 0 0 calc(33.33% - 10px);\r\n                            margin: 5px;\r\n                        }\r\n\r\n                        .gallery-item img {\r\n                            width: 100%;\r\n                            height: auto;\r\n                        }\r\n                    <\/style><div class=\"custom-gallery\"><div class=\"gallery-item\">\r\n                                <a href=\"https:\/\/goias.gov.br\/educacao\/wp-content\/uploads\/sites\/40\/images\/bagallery\/gallery-72\/thumbnail\/category-1\/whatsapp-image-2024-03-12-at-15-13-25.jpeg\" class=\"magnific-popup\">\r\n                                    <img decoding=\"async\" src=\"https:\/\/goias.gov.br\/educacao\/wp-content\/uploads\/sites\/40\/images\/bagallery\/gallery-72\/thumbnail\/category-1\/whatsapp-image-2024-03-12-at-15-13-25.jpeg\" alt=\"whatsapp-image-2024-03-12-at-15-13-25\" \/>\r\n                                <\/a>\r\n                              <\/div><div class=\"gallery-item\">\r\n                                <a href=\"https:\/\/goias.gov.br\/educacao\/wp-content\/uploads\/sites\/40\/images\/bagallery\/gallery-72\/thumbnail\/category-1\/whatsapp-image-2024-03-12-at-15-26-07.jpeg\" class=\"magnific-popup\">\r\n                                    <img decoding=\"async\" src=\"https:\/\/goias.gov.br\/educacao\/wp-content\/uploads\/sites\/40\/images\/bagallery\/gallery-72\/thumbnail\/category-1\/whatsapp-image-2024-03-12-at-15-26-07.jpeg\" alt=\"whatsapp-image-2024-03-12-at-15-26-07\" \/>\r\n                                <\/a>\r\n                              <\/div><div class=\"gallery-item\">\r\n                                <a href=\"https:\/\/goias.gov.br\/educacao\/wp-content\/uploads\/sites\/40\/images\/bagallery\/gallery-72\/thumbnail\/category-1\/whatsapp-image-2024-03-12-at-15-28-30.jpeg\" class=\"magnific-popup\">\r\n                                    <img decoding=\"async\" src=\"https:\/\/goias.gov.br\/educacao\/wp-content\/uploads\/sites\/40\/images\/bagallery\/gallery-72\/thumbnail\/category-1\/whatsapp-image-2024-03-12-at-15-28-30.jpeg\" alt=\"whatsapp-image-2024-03-12-at-15-28-30\" \/>\r\n                                <\/a>\r\n                              <\/div><div class=\"gallery-item\">\r\n                                <a href=\"https:\/\/goias.gov.br\/educacao\/wp-content\/uploads\/sites\/40\/images\/bagallery\/gallery-72\/thumbnail\/category-1\/whatsapp-image-2024-03-12-at-15-32-59.jpeg\" class=\"magnific-popup\">\r\n                                    <img decoding=\"async\" src=\"https:\/\/goias.gov.br\/educacao\/wp-content\/uploads\/sites\/40\/images\/bagallery\/gallery-72\/thumbnail\/category-1\/whatsapp-image-2024-03-12-at-15-32-59.jpeg\" alt=\"whatsapp-image-2024-03-12-at-15-32-59\" \/>\r\n                                <\/a>\r\n                              <\/div><\/div><script>\r\n                        jQuery(document).ready(function($) {\r\n                            $(\".magnific-popup\").magnificPopup({\r\n                                type: \"image\",\r\n                                gallery: { enabled: true }\r\n                            });\r\n                        });\r\n                    <\/script>\n","protected":false},"excerpt":{"rendered":"<p>Iniciativa do Governo de Goi&aacute;s busca garantir a sa&uacute;de emocional de alunos e professores da rede estadual de Educa&ccedil;&atilde;o, beneficiando cerca de 500 mil alunos e 50 mil servidores O programa Ouvir e Acolher, executado pela Secretaria de Estado da Educa&ccedil;&atilde;o (Seduc\/Go) em parceria com o Instituto Hortense, foi lan&ccedil;ado nesta ter&ccedil;a-feira (12\/03) na Regional [&hellip;]<\/p>\n","protected":false},"author":7,"featured_media":95748,"comment_status":"closed","ping_status":"open","sticky":false,"template":"","format":"standard","meta":{"footnotes":""},"categories":[4801],"tags":[7774,7775],"class_list":["post-95715","post","type-post","status-publish","format-standard","has-post-thumbnail","hentry","category-noticias","tag-instituto-hortense","tag-programa-ouvir-e-acolher"],"rttpg_featured_image_url":{"full":["https:\/\/goias.gov.br\/educacao\/wp-content\/uploads\/sites\/40\/2024\/03\/WhatsApp_Image_2024-03-12_at_153751.jpeg",1600,1064,false],"landscape":["https:\/\/goias.gov.br\/educacao\/wp-content\/uploads\/sites\/40\/2024\/03\/WhatsApp_Image_2024-03-12_at_153751.jpeg",1600,1064,false],"portraits":["https:\/\/goias.gov.br\/educacao\/wp-content\/uploads\/sites\/40\/2024\/03\/WhatsApp_Image_2024-03-12_at_153751.jpeg",1600,1064,false],"thumbnail":["https:\/\/goias.gov.br\/educacao\/wp-content\/uploads\/sites\/40\/2024\/03\/WhatsApp_Image_2024-03-12_at_153751-150x150.jpeg",150,150,true],"medium":["https:\/\/goias.gov.br\/educacao\/wp-content\/uploads\/sites\/40\/2024\/03\/WhatsApp_Image_2024-03-12_at_153751-300x200.jpeg",300,200,true],"large":["https:\/\/goias.gov.br\/educacao\/wp-content\/uploads\/sites\/40\/2024\/03\/WhatsApp_Image_2024-03-12_at_153751-1024x681.jpeg",1024,681,true],"1536x1536":["https:\/\/goias.gov.br\/educacao\/wp-content\/uploads\/sites\/40\/2024\/03\/WhatsApp_Image_2024-03-12_at_153751-1536x1021.jpeg",1536,1021,true],"2048x2048":["https:\/\/goias.gov.br\/educacao\/wp-content\/uploads\/sites\/40\/2024\/03\/WhatsApp_Image_2024-03-12_at_153751.jpeg",1600,1064,false]},"rttpg_author":{"display_name":"gustavogoncalves","author_link":"https:\/\/goias.gov.br\/educacao\/author\/gustavogoncalves\/"},"rttpg_comment":0,"rttpg_category":"<a href=\"https:\/\/goias.gov.br\/educacao\/categoria\/noticias\/\" rel=\"category tag\">Not\u00edcias<\/a>","rttpg_excerpt":"Iniciativa do Governo de Goi&aacute;s busca garantir a sa&uacute;de emocional de alunos e professores da rede estadual de Educa&ccedil;&atilde;o, beneficiando cerca de 500 mil alunos e 50 mil servidores O programa Ouvir e Acolher, executado pela Secretaria de Estado da Educa&ccedil;&atilde;o (Seduc\/Go) em parceria com o Instituto Hortense, foi lan&ccedil;ado nesta ter&ccedil;a-feira (12\/03) na Regional&hellip;","_links":{"self":[{"href":"https:\/\/goias.gov.br\/educacao\/wp-json\/wp\/v2\/posts\/95715","targetHints":{"allow":["GET"]}}],"collection":[{"href":"https:\/\/goias.gov.br\/educacao\/wp-json\/wp\/v2\/posts"}],"about":[{"href":"https:\/\/goias.gov.br\/educacao\/wp-json\/wp\/v2\/types\/post"}],"author":[{"embeddable":true,"href":"https:\/\/goias.gov.br\/educacao\/wp-json\/wp\/v2\/users\/7"}],"replies":[{"embeddable":true,"href":"https:\/\/goias.gov.br\/educacao\/wp-json\/wp\/v2\/comments?post=95715"}],"version-history":[{"count":1,"href":"https:\/\/goias.gov.br\/educacao\/wp-json\/wp\/v2\/posts\/95715\/revisions"}],"predecessor-version":[{"id":95749,"href":"https:\/\/goias.gov.br\/educacao\/wp-json\/wp\/v2\/posts\/95715\/revisions\/95749"}],"wp:featuredmedia":[{"embeddable":true,"href":"https:\/\/goias.gov.br\/educacao\/wp-json\/wp\/v2\/media\/95748"}],"wp:attachment":[{"href":"https:\/\/goias.gov.br\/educacao\/wp-json\/wp\/v2\/media?parent=95715"}],"wp:term":[{"taxonomy":"category","embeddable":true,"href":"https:\/\/goias.gov.br\/educacao\/wp-json\/wp\/v2\/categories?post=95715"},{"taxonomy":"post_tag","embeddable":true,"href":"https:\/\/goias.gov.br\/educacao\/wp-json\/wp\/v2\/tags?post=95715"}],"curies":[{"name":"wp","href":"https:\/\/api.w.org\/{rel}","templated":true}]}}