{"id":773684,"date":"2026-09-04T11:10:38","date_gmt":"2026-09-04T14:10:38","guid":{"rendered":"https:\/\/goias.gov.br\/educacao\/chefe-de-nucleo-do-ensino-medio\/"},"modified":"2026-09-04T11:10:38","modified_gmt":"2026-09-04T14:10:38","slug":"chefe-de-nucleo-do-ensino-medio","status":"publish","type":"post","link":"https:\/\/goias.gov.br\/educacao\/chefe-de-nucleo-do-ensino-medio\/","title":{"rendered":"Chefe de N\u00facleo do Ensino M\u00e9dio"},"content":{"rendered":"<p><strong>Lauriane de Louren\u00e7o<\/strong> a partir de: 05-02-2025 &#8211; <a href='https:\/\/goias.gov.br\/educacao\/historico-do-cargo-chefe-de-nucleo-do-ensino-medio\/'>Ver Hist\u00f3rico do cargo<\/a><\/p>\n<div class=\"r34ics-ajax-container loading\" data-args=\"229f938b928952f93b8c047efed0333ec8bfdea5\" data-js-args=\"{&quot;debug&quot;:null}\" data-r34icsym=\"202609\" data-r34icsymd=\"20260906\" data-view-is-list-long=\"0\" data-view-is-list-style=\"0\" data-view=\"month\" id=\"agenda-autoridades-ajax\">&nbsp;<\/div>\n","protected":false},"excerpt":{"rendered":"<p>Lauriane de Louren\u00e7o a partir de: 05-02-2025 &#8211; Ver Hist\u00f3rico do cargo<\/p>\n","protected":false},"author":460,"featured_media":0,"comment_status":"closed","ping_status":"open","sticky":false,"template":"","format":"standard","meta":{"footnotes":""},"categories":[7793],"tags":[],"class_list":["post-773684","post","type-post","status-publish","format-standard","hentry","category-agenda"],"rttpg_featured_image_url":null,"rttpg_author":{"display_name":"marianamfernandes","author_link":"https:\/\/goias.gov.br\/educacao\/author\/marianamfernandes\/"},"rttpg_comment":0,"rttpg_category":"<a href=\"https:\/\/goias.gov.br\/educacao\/categoria\/agenda\/\" rel=\"category tag\">Agenda<\/a>","rttpg_excerpt":"Lauriane de Louren\u00e7o a partir de: 05-02-2025 &#8211; Ver Hist\u00f3rico do cargo","_links":{"self":[{"href":"https:\/\/goias.gov.br\/educacao\/wp-json\/wp\/v2\/posts\/773684","targetHints":{"allow":["GET"]}}],"collection":[{"href":"https:\/\/goias.gov.br\/educacao\/wp-json\/wp\/v2\/posts"}],"about":[{"href":"https:\/\/goias.gov.br\/educacao\/wp-json\/wp\/v2\/types\/post"}],"author":[{"embeddable":true,"href":"https:\/\/goias.gov.br\/educacao\/wp-json\/wp\/v2\/users\/460"}],"replies":[{"embeddable":true,"href":"https:\/\/goias.gov.br\/educacao\/wp-json\/wp\/v2\/comments?post=773684"}],"version-history":[{"count":0,"href":"https:\/\/goias.gov.br\/educacao\/wp-json\/wp\/v2\/posts\/773684\/revisions"}],"wp:attachment":[{"href":"https:\/\/goias.gov.br\/educacao\/wp-json\/wp\/v2\/media?parent=773684"}],"wp:term":[{"taxonomy":"category","embeddable":true,"href":"https:\/\/goias.gov.br\/educacao\/wp-json\/wp\/v2\/categories?post=773684"},{"taxonomy":"post_tag","embeddable":true,"href":"https:\/\/goias.gov.br\/educacao\/wp-json\/wp\/v2\/tags?post=773684"}],"curies":[{"name":"wp","href":"https:\/\/api.w.org\/{rel}","templated":true}]}}