

{"id":720011,"date":"2026-04-08T10:34:41","date_gmt":"2026-04-08T13:34:41","guid":{"rendered":"https:\/\/goias.gov.br\/educacao\/?p=720011"},"modified":"2026-04-08T10:38:22","modified_gmt":"2026-04-08T13:38:22","slug":"goias-supera-em-2025-meta-nacional-de-alfabetizacao-prevista-para-2030","status":"publish","type":"post","link":"https:\/\/goias.gov.br\/educacao\/goias-supera-em-2025-meta-nacional-de-alfabetizacao-prevista-para-2030\/","title":{"rendered":"Goi\u00e1s supera em 2025 meta nacional de Alfabetiza\u00e7\u00e3o prevista para 2030"},"content":{"rendered":"\n<figure class=\"wp-block-image size-large\"><img fetchpriority=\"high\" decoding=\"async\" width=\"1024\" height=\"683\" src=\"https:\/\/goias.gov.br\/educacao\/wp-content\/uploads\/sites\/40\/2026\/04\/IMG_2413-1024x683.jpg\" alt=\"\" class=\"wp-image-720062\" srcset=\"https:\/\/goias.gov.br\/educacao\/wp-content\/uploads\/sites\/40\/2026\/04\/IMG_2413-1024x683.jpg 1024w, https:\/\/goias.gov.br\/educacao\/wp-content\/uploads\/sites\/40\/2026\/04\/IMG_2413-300x200.jpg 300w, https:\/\/goias.gov.br\/educacao\/wp-content\/uploads\/sites\/40\/2026\/04\/IMG_2413-768x512.jpg 768w, https:\/\/goias.gov.br\/educacao\/wp-content\/uploads\/sites\/40\/2026\/04\/IMG_2413-1536x1024.jpg 1536w, https:\/\/goias.gov.br\/educacao\/wp-content\/uploads\/sites\/40\/2026\/04\/IMG_2413-2048x1365.jpg 2048w\" sizes=\"(max-width: 1024px) 100vw, 1024px\" \/><\/figure>\n\n\n\n<p><em>Com quatro anos de anteced\u00eancia, estado consolida avan\u00e7os na aprendizagem com 193 munic\u00edpios atingindo a meta de 2030<\/em><\/p>\n\n\n\n<p>O Estado de Goi\u00e1s alcan\u00e7ou, em 2026, um marco hist\u00f3rico na Educa\u00e7\u00e3o p\u00fablica ao superar, com quatro anos de anteced\u00eancia, a meta de alfabetiza\u00e7\u00e3o projetada pelo Minist\u00e9rio da Educa\u00e7\u00e3o (MEC) para 2030. O resultado reafirma a lideran\u00e7a goiana no cen\u00e1rio nacional e consolida uma trajet\u00f3ria de avan\u00e7os cont\u00ednuos na aprendizagem das crian\u00e7as na idade certa.<\/p>\n\n\n\n<p>O desempenho do Governo de Goi\u00e1s \u00e9 reflexo de uma pol\u00edtica educacional estruturada. Desde 2024, h\u00e1 crescimento consistente nos indicadores de Alfabetiza\u00e7\u00e3o em todas as regi\u00f5es do estado, fruto de investimentos em forma\u00e7\u00e3o continuada de professores, avalia\u00e7\u00e3o diagn\u00f3stica, materiais pedag\u00f3gicos e de fortalecimento do regime de colabora\u00e7\u00e3o com os munic\u00edpios.<\/p>\n\n\n\n<p>A secret\u00e1ria da Educa\u00e7\u00e3o, Helena Bezerra, parabenizou toda a equipe formadora do Programa AlfaMais e os professores por tr\u00e1s desses resultados. \u201cParab\u00e9ns aos nossos formadores, voc\u00eas s\u00e3o o centro da Educa\u00e7\u00e3o. Voc\u00eas se dedicaram e foram competentes para esse \u00eaxito\u201d, declarou Helena.<\/p>\n\n\n\n<p><strong>Pol\u00edtica p\u00fablica que garante resultados<\/strong><\/p>\n\n\n\n<p>O Programa AlfaMais Goi\u00e1s \u00e9 uma iniciativa de colabora\u00e7\u00e3o entre Estado e munic\u00edpios que tem como objetivo garantir a alfabetiza\u00e7\u00e3o na idade certa para todas as crian\u00e7as goianas. A pol\u00edtica p\u00fablica contempla forma\u00e7\u00e3o de professores, oferta de recursos educacionais e a distribui\u00e7\u00e3o de <em>kits<\/em> escolares, criando condi\u00e7\u00f5es adequadas para o desenvolvimento da aprendizagem.<\/p>\n\n\n\n<p>A superintendente de Educa\u00e7\u00e3o Infantil e Ensino Fundamental da Seduc\/GO, F\u00e1tima Rossi, ressaltou que os investimentos feitos na primeira inf\u00e2ncia refletem em toda a trajet\u00f3ria escolar dos estudantes. \u201cNos preocupamos com o futuro das nossas crian\u00e7as, por isso cuidamos da base. Todo esse trabalho garante excel\u00eancia na forma\u00e7\u00e3o acad\u00eamica dos nossos alunos\u201d, destacou.<\/p>\n\n\n\n<p><strong>Reconhecimento aos munic\u00edpios<\/strong><\/p>\n\n\n\n<p>O protagonismo goiano tamb\u00e9m se reflete no reconhecimento nacional das redes municipais. Neste ano, 193 munic\u00edpios foram contemplados com o Selo Ouro, 49 com o Selo Prata e dois com o Selo Bronze, certifica\u00e7\u00e3o concedida pelo MEC \u00e0s gest\u00f5es que cumprem metas e implementam pol\u00edticas eficazes para garantir a alfabetiza\u00e7\u00e3o das crian\u00e7as na idade adequada.<\/p>\n\n\n\n<p>A certifica\u00e7\u00e3o simboliza o compromisso das administra\u00e7\u00f5es municipais com a aprendizagem e fortalece o trabalho em parceria entre Estado e prefeituras, modelo que tem se consolidado como refer\u00eancia no pa\u00eds. Goi\u00e1s demonstra que planejamento, investimento e coopera\u00e7\u00e3o institucional s\u00e3o fundamentais para transformar a Educa\u00e7\u00e3o p\u00fablica.<\/p>\n","protected":false},"excerpt":{"rendered":"<p>Com quatro anos de anteced\u00eancia, estado consolida avan\u00e7os na aprendizagem com 193 munic\u00edpios atingindo a meta de 2030 O Estado de Goi\u00e1s alcan\u00e7ou, em 2026, um marco hist\u00f3rico na Educa\u00e7\u00e3o p\u00fablica ao superar, com quatro anos de anteced\u00eancia, a meta de alfabetiza\u00e7\u00e3o projetada pelo Minist\u00e9rio da Educa\u00e7\u00e3o (MEC) para 2030. O resultado reafirma a lideran\u00e7a [&hellip;]<\/p>\n","protected":false},"author":458,"featured_media":720037,"comment_status":"closed","ping_status":"open","sticky":false,"template":"","format":"standard","meta":{"footnotes":""},"categories":[4801],"tags":[],"class_list":["post-720011","post","type-post","status-publish","format-standard","has-post-thumbnail","hentry","category-noticias"],"rttpg_featured_image_url":{"full":["https:\/\/goias.gov.br\/educacao\/wp-content\/uploads\/sites\/40\/2026\/04\/IMG_0587.jpg",5472,3648,false],"landscape":["https:\/\/goias.gov.br\/educacao\/wp-content\/uploads\/sites\/40\/2026\/04\/IMG_0587.jpg",5472,3648,false],"portraits":["https:\/\/goias.gov.br\/educacao\/wp-content\/uploads\/sites\/40\/2026\/04\/IMG_0587.jpg",5472,3648,false],"thumbnail":["https:\/\/goias.gov.br\/educacao\/wp-content\/uploads\/sites\/40\/2026\/04\/IMG_0587-150x150.jpg",150,150,true],"medium":["https:\/\/goias.gov.br\/educacao\/wp-content\/uploads\/sites\/40\/2026\/04\/IMG_0587-300x200.jpg",300,200,true],"large":["https:\/\/goias.gov.br\/educacao\/wp-content\/uploads\/sites\/40\/2026\/04\/IMG_0587-1024x683.jpg",1024,683,true],"1536x1536":["https:\/\/goias.gov.br\/educacao\/wp-content\/uploads\/sites\/40\/2026\/04\/IMG_0587-1536x1024.jpg",1536,1024,true],"2048x2048":["https:\/\/goias.gov.br\/educacao\/wp-content\/uploads\/sites\/40\/2026\/04\/IMG_0587-2048x1365.jpg",2048,1365,true]},"rttpg_author":{"display_name":"marcleymatos","author_link":"https:\/\/goias.gov.br\/educacao\/author\/marcleymatos\/"},"rttpg_comment":0,"rttpg_category":"<a href=\"https:\/\/goias.gov.br\/educacao\/categoria\/noticias\/\" rel=\"category tag\">Not\u00edcias<\/a>","rttpg_excerpt":"Com quatro anos de anteced\u00eancia, estado consolida avan\u00e7os na aprendizagem com 193 munic\u00edpios atingindo a meta de 2030 O Estado de Goi\u00e1s alcan\u00e7ou, em 2026, um marco hist\u00f3rico na Educa\u00e7\u00e3o p\u00fablica ao superar, com quatro anos de anteced\u00eancia, a meta de alfabetiza\u00e7\u00e3o projetada pelo Minist\u00e9rio da Educa\u00e7\u00e3o (MEC) para 2030. O resultado reafirma a lideran\u00e7a&hellip;","_links":{"self":[{"href":"https:\/\/goias.gov.br\/educacao\/wp-json\/wp\/v2\/posts\/720011","targetHints":{"allow":["GET"]}}],"collection":[{"href":"https:\/\/goias.gov.br\/educacao\/wp-json\/wp\/v2\/posts"}],"about":[{"href":"https:\/\/goias.gov.br\/educacao\/wp-json\/wp\/v2\/types\/post"}],"author":[{"embeddable":true,"href":"https:\/\/goias.gov.br\/educacao\/wp-json\/wp\/v2\/users\/458"}],"replies":[{"embeddable":true,"href":"https:\/\/goias.gov.br\/educacao\/wp-json\/wp\/v2\/comments?post=720011"}],"version-history":[{"count":2,"href":"https:\/\/goias.gov.br\/educacao\/wp-json\/wp\/v2\/posts\/720011\/revisions"}],"predecessor-version":[{"id":720075,"href":"https:\/\/goias.gov.br\/educacao\/wp-json\/wp\/v2\/posts\/720011\/revisions\/720075"}],"wp:featuredmedia":[{"embeddable":true,"href":"https:\/\/goias.gov.br\/educacao\/wp-json\/wp\/v2\/media\/720037"}],"wp:attachment":[{"href":"https:\/\/goias.gov.br\/educacao\/wp-json\/wp\/v2\/media?parent=720011"}],"wp:term":[{"taxonomy":"category","embeddable":true,"href":"https:\/\/goias.gov.br\/educacao\/wp-json\/wp\/v2\/categories?post=720011"},{"taxonomy":"post_tag","embeddable":true,"href":"https:\/\/goias.gov.br\/educacao\/wp-json\/wp\/v2\/tags?post=720011"}],"curies":[{"name":"wp","href":"https:\/\/api.w.org\/{rel}","templated":true}]}}