

{"id":719390,"date":"2026-04-01T22:59:00","date_gmt":"2026-04-02T01:59:00","guid":{"rendered":"https:\/\/goias.gov.br\/educacao\/?p=719390"},"modified":"2026-04-08T07:59:24","modified_gmt":"2026-04-08T10:59:24","slug":"cepi-jayme-camara-e-inaugurada-no-valor-de-r-5-milhoes-em-goiania","status":"publish","type":"post","link":"https:\/\/goias.gov.br\/educacao\/cepi-jayme-camara-e-inaugurada-no-valor-de-r-5-milhoes-em-goiania\/","title":{"rendered":"CEPI Jayme C\u00e2mara \u00e9 inaugurada no valor de R$ 5 milh\u00f5es, em Goi\u00e2nia"},"content":{"rendered":"\n<figure class=\"wp-block-image size-large\"><img fetchpriority=\"high\" decoding=\"async\" width=\"1024\" height=\"683\" src=\"https:\/\/goias.gov.br\/educacao\/wp-content\/uploads\/sites\/40\/2026\/04\/WhatsApp-Image-2026-04-02-at-07.25.12-1024x683.jpeg\" alt=\"\" class=\"wp-image-719507\" srcset=\"https:\/\/goias.gov.br\/educacao\/wp-content\/uploads\/sites\/40\/2026\/04\/WhatsApp-Image-2026-04-02-at-07.25.12-1024x683.jpeg 1024w, https:\/\/goias.gov.br\/educacao\/wp-content\/uploads\/sites\/40\/2026\/04\/WhatsApp-Image-2026-04-02-at-07.25.12-300x200.jpeg 300w, https:\/\/goias.gov.br\/educacao\/wp-content\/uploads\/sites\/40\/2026\/04\/WhatsApp-Image-2026-04-02-at-07.25.12-768x512.jpeg 768w, https:\/\/goias.gov.br\/educacao\/wp-content\/uploads\/sites\/40\/2026\/04\/WhatsApp-Image-2026-04-02-at-07.25.12.jpeg 1296w\" sizes=\"(max-width: 1024px) 100vw, 1024px\" \/><\/figure>\n\n\n\n<p>Nova sede conta com salas, cozinha, refeit\u00f3rio, pintura geral entre outros c\u00f4modos<\/p>\n\n\n\n<p>A Secretaria de Estado da Educa\u00e7\u00e3o, F\u00e1tima Gavioli, promoveu a solenidade de entrega da nova sede do Centro de Ensino em Per\u00edodo Integral Jayme C\u00e2mara, em Goi\u00e2nia.<\/p>\n\n\n\n<p>Na abertura da solenidade, os estudantes da unidade realizaram a apresenta\u00e7\u00e3o cultural \u201cTerra, F\u00e9 e Festa\u201d, a fim de mostrar a cultura goiana.<\/p>\n\n\n\n<p>Na ocasi\u00e3o, a gestora da unidade, Taith Braz, destacou a import\u00e2ncia dos investimentos realizados na escola. \u201cAgrade\u00e7o a Deus e \u00e0 professora F\u00e1tima pelos investimentos, como o Bolsa Estudo, os uniformes escolares e todos os materiais distribu\u00eddos em nossa escola\u201d, afirmou.<\/p>\n\n\n\n<p>O deputado estadual Charles Bento ressaltou os recursos destinados \u00e0 unidade. \u201cDestinei verbas para esta escola juntamente com a professora F\u00e1tima. Ela tem investido muito na educa\u00e7\u00e3o, e isso faz a diferen\u00e7a. Basta ver essa escola\u201d, destacou.<\/p>\n\n\n\n<p>A secret\u00e1ria de Estado da Educa\u00e7\u00e3o, F\u00e1tima Gavioli, refor\u00e7ou o compromisso com a regi\u00e3o. \u201cTodos os pedidos do deputado Charles Bento foram voltados para a regi\u00e3o Noroeste. Durante esses sete anos, trabalhamos para melhorar a educa\u00e7\u00e3o dessa regi\u00e3o\u201d, afirmou.<\/p>\n\n\n\n<p>F\u00e1tima tamb\u00e9m relembrou os avan\u00e7os desde 2019, in\u00edcio da atual gest\u00e3o estadual. \u201cAs escolas eram muito quentes e dificultavam a aprendizagem. Desde ent\u00e3o, investimos na educa\u00e7\u00e3o, organizamos a rede e reformamos e ampliamos unidades. Mais de mil escolas precisavam de melhorias e arrumamos\u201d, destacou.<\/p>\n","protected":false},"excerpt":{"rendered":"<p>Nova sede conta com salas, cozinha, refeit\u00f3rio, pintura geral entre outros c\u00f4modos A Secretaria de Estado da Educa\u00e7\u00e3o, F\u00e1tima Gavioli, promoveu a solenidade de entrega da nova sede do Centro de Ensino em Per\u00edodo Integral Jayme C\u00e2mara, em Goi\u00e2nia. Na abertura da solenidade, os estudantes da unidade realizaram a apresenta\u00e7\u00e3o cultural \u201cTerra, F\u00e9 e Festa\u201d, [&hellip;]<\/p>\n","protected":false},"author":458,"featured_media":719507,"comment_status":"closed","ping_status":"open","sticky":false,"template":"","format":"standard","meta":{"footnotes":""},"categories":[4801],"tags":[],"class_list":["post-719390","post","type-post","status-publish","format-standard","has-post-thumbnail","hentry","category-noticias"],"rttpg_featured_image_url":{"full":["https:\/\/goias.gov.br\/educacao\/wp-content\/uploads\/sites\/40\/2026\/04\/WhatsApp-Image-2026-04-02-at-07.25.12.jpeg",1296,864,false],"landscape":["https:\/\/goias.gov.br\/educacao\/wp-content\/uploads\/sites\/40\/2026\/04\/WhatsApp-Image-2026-04-02-at-07.25.12.jpeg",1296,864,false],"portraits":["https:\/\/goias.gov.br\/educacao\/wp-content\/uploads\/sites\/40\/2026\/04\/WhatsApp-Image-2026-04-02-at-07.25.12.jpeg",1296,864,false],"thumbnail":["https:\/\/goias.gov.br\/educacao\/wp-content\/uploads\/sites\/40\/2026\/04\/WhatsApp-Image-2026-04-02-at-07.25.12-150x150.jpeg",150,150,true],"medium":["https:\/\/goias.gov.br\/educacao\/wp-content\/uploads\/sites\/40\/2026\/04\/WhatsApp-Image-2026-04-02-at-07.25.12-300x200.jpeg",300,200,true],"large":["https:\/\/goias.gov.br\/educacao\/wp-content\/uploads\/sites\/40\/2026\/04\/WhatsApp-Image-2026-04-02-at-07.25.12-1024x683.jpeg",1024,683,true],"1536x1536":["https:\/\/goias.gov.br\/educacao\/wp-content\/uploads\/sites\/40\/2026\/04\/WhatsApp-Image-2026-04-02-at-07.25.12.jpeg",1296,864,false],"2048x2048":["https:\/\/goias.gov.br\/educacao\/wp-content\/uploads\/sites\/40\/2026\/04\/WhatsApp-Image-2026-04-02-at-07.25.12.jpeg",1296,864,false]},"rttpg_author":{"display_name":"marcleymatos","author_link":"https:\/\/goias.gov.br\/educacao\/author\/marcleymatos\/"},"rttpg_comment":0,"rttpg_category":"<a href=\"https:\/\/goias.gov.br\/educacao\/categoria\/noticias\/\" rel=\"category tag\">Not\u00edcias<\/a>","rttpg_excerpt":"Nova sede conta com salas, cozinha, refeit\u00f3rio, pintura geral entre outros c\u00f4modos A Secretaria de Estado da Educa\u00e7\u00e3o, F\u00e1tima Gavioli, promoveu a solenidade de entrega da nova sede do Centro de Ensino em Per\u00edodo Integral Jayme C\u00e2mara, em Goi\u00e2nia. Na abertura da solenidade, os estudantes da unidade realizaram a apresenta\u00e7\u00e3o cultural \u201cTerra, F\u00e9 e Festa\u201d,&hellip;","_links":{"self":[{"href":"https:\/\/goias.gov.br\/educacao\/wp-json\/wp\/v2\/posts\/719390","targetHints":{"allow":["GET"]}}],"collection":[{"href":"https:\/\/goias.gov.br\/educacao\/wp-json\/wp\/v2\/posts"}],"about":[{"href":"https:\/\/goias.gov.br\/educacao\/wp-json\/wp\/v2\/types\/post"}],"author":[{"embeddable":true,"href":"https:\/\/goias.gov.br\/educacao\/wp-json\/wp\/v2\/users\/458"}],"replies":[{"embeddable":true,"href":"https:\/\/goias.gov.br\/educacao\/wp-json\/wp\/v2\/comments?post=719390"}],"version-history":[{"count":2,"href":"https:\/\/goias.gov.br\/educacao\/wp-json\/wp\/v2\/posts\/719390\/revisions"}],"predecessor-version":[{"id":719839,"href":"https:\/\/goias.gov.br\/educacao\/wp-json\/wp\/v2\/posts\/719390\/revisions\/719839"}],"wp:featuredmedia":[{"embeddable":true,"href":"https:\/\/goias.gov.br\/educacao\/wp-json\/wp\/v2\/media\/719507"}],"wp:attachment":[{"href":"https:\/\/goias.gov.br\/educacao\/wp-json\/wp\/v2\/media?parent=719390"}],"wp:term":[{"taxonomy":"category","embeddable":true,"href":"https:\/\/goias.gov.br\/educacao\/wp-json\/wp\/v2\/categories?post=719390"},{"taxonomy":"post_tag","embeddable":true,"href":"https:\/\/goias.gov.br\/educacao\/wp-json\/wp\/v2\/tags?post=719390"}],"curies":[{"name":"wp","href":"https:\/\/api.w.org\/{rel}","templated":true}]}}