

{"id":703937,"date":"2026-03-09T17:32:57","date_gmt":"2026-03-09T20:32:57","guid":{"rendered":"https:\/\/goias.gov.br\/educacao\/?p=703937"},"modified":"2026-03-09T17:32:57","modified_gmt":"2026-03-09T20:32:57","slug":"seduc-go-autoriza-a-construcao-de-nova-escola-em-campo-limpo-e-inaugura-cepi-padrao-seculo-xxi-em-corumba-de-goias","status":"publish","type":"post","link":"https:\/\/goias.gov.br\/educacao\/seduc-go-autoriza-a-construcao-de-nova-escola-em-campo-limpo-e-inaugura-cepi-padrao-seculo-xxi-em-corumba-de-goias\/","title":{"rendered":"Seduc\/GO autoriza a constru\u00e7\u00e3o de nova escola em Campo Limpo e inaugura Cepi padr\u00e3o s\u00e9culo XXI, em Corumb\u00e1 de Goi\u00e1s\u00a0"},"content":{"rendered":"\n<p><em>Investimentos superiores a R$ 11 milh\u00f5es valorizam a Educa\u00e7\u00e3o na regional de An\u00e1polis, com nova sede escolar, unidade padr\u00e3o s\u00e9culo XXI e entrega do OrCam MyEye<\/em><\/p>\n\n\n\n<figure class=\"wp-block-image size-large\"><img fetchpriority=\"high\" decoding=\"async\" width=\"1024\" height=\"683\" src=\"https:\/\/goias.gov.br\/educacao\/wp-content\/uploads\/sites\/40\/2026\/03\/inauguracao-1024x683.jpg\" alt=\"\" class=\"wp-image-703945\" srcset=\"https:\/\/goias.gov.br\/educacao\/wp-content\/uploads\/sites\/40\/2026\/03\/inauguracao-1024x683.jpg 1024w, https:\/\/goias.gov.br\/educacao\/wp-content\/uploads\/sites\/40\/2026\/03\/inauguracao-300x200.jpg 300w, https:\/\/goias.gov.br\/educacao\/wp-content\/uploads\/sites\/40\/2026\/03\/inauguracao-768x512.jpg 768w, https:\/\/goias.gov.br\/educacao\/wp-content\/uploads\/sites\/40\/2026\/03\/inauguracao-1536x1024.jpg 1536w, https:\/\/goias.gov.br\/educacao\/wp-content\/uploads\/sites\/40\/2026\/03\/inauguracao-2048x1365.jpg 2048w\" sizes=\"(max-width: 1024px) 100vw, 1024px\" \/><\/figure>\n\n\n\n<p>A Educa\u00e7\u00e3o em Goi\u00e1s segue avan\u00e7ando com novos investimentos em infraestrutura e tamb\u00e9m na Inclus\u00e3o. Nesta sexta-feira (06\/03), o Governo de Goi\u00e1s, por meio da Secretaria de Estado de Educa\u00e7\u00e3o (Seduc\/GO), assinou a ordem de servi\u00e7o para a constru\u00e7\u00e3o da nova sede do Col\u00e9gio Estadual Rui Barbosa, em Campo Limpo de Goi\u00e1s, e inaugurou o Col\u00e9gio Estadual em Per\u00edodo Integral (Cepi) Andr\u00e9 G\u00e1udie, em Corumb\u00e1 de Goi\u00e1s.<br>\u00a0<br>A nova sede do Col\u00e9gio Estadual Rui Barbosa contar\u00e1 com investimentos de R$ 4,9 milh\u00f5es em recursos estaduais. A obra vai garantir uma estrutura mais moderna e adequada para atender a comunidade escolar da regi\u00e3o.<br>\u00a0<br>Na solenidade, a secret\u00e1ria de Estado da Educa\u00e7\u00e3o, F\u00e1tima Gavioli, destacou a import\u00e2ncia da constru\u00e7\u00e3o da nova unidade para atender a demanda de estudantes da regi\u00e3o.<br>\u00a0<br>Segundo ela, al\u00e9m das reformas e amplia\u00e7\u00f5es realizadas em v\u00e1rias escolas da rede estadual, o Governo tamb\u00e9m tem investido na constru\u00e7\u00e3o de novos pr\u00e9dios para ampliar a qualidade do ensino e garantir melhores condi\u00e7\u00f5es de aprendizagem para os estudantes.<br>\u00a0<br>A gestora do col\u00e9gio Rui Barbosa, Paula Augusta, ressaltou que a nova escola representar\u00e1 um grande avan\u00e7o para a comunidade escolar, oferecendo mais estrutura, conforto e melhores condi\u00e7\u00f5es de ensino para mais de 800 estudantes.<br>\u00a0<br><strong>Escola padr\u00e3o s\u00e9culo XXI<\/strong><br>Ainda na mesma agenda, foi inaugurado o Cepi Andr\u00e9 G\u00e1udie, em Corumb\u00e1 de Goi\u00e1s, uma unidade constru\u00edda no modelo padr\u00e3o s\u00e9culo XXI. A obra contou com investimentos de R$ 6,7 milh\u00f5es provenientes de recursos estaduais e federais.<br>\u00a0<br>A escola possui 12 salas de aula, laborat\u00f3rios de Ci\u00eancias e Inform\u00e1tica, Biblioteca, quadra poliesportiva coberta, vesti\u00e1rios, cozinha com refeit\u00f3rio, sanit\u00e1rios e bloco administrativo completo. Toda a estrutura foi projetada com medidas de acessibilidade para garantir inclus\u00e3o e melhor atendimento aos estudantes.<br>\u00a0<br>Acessibilidade para os todos os estudantes<br>Na inaugura\u00e7\u00e3o, a secret\u00e1ria F\u00e1tima Gavioli tamb\u00e9m fez a entrega do equipamento de tecnologia assistiva ao estudante Davi Gabriel. O dispositivo OrCam MyEye utiliza a intelig\u00eancia artificial e \u00e9 acoplado \u00e0 arma\u00e7\u00e3o de \u00f3culos, permitindo que estudantes cegos ou com baixa vis\u00e3o possam ler textos, reconhecer rostos, identificar produtos e c\u00e9dulas, transformando informa\u00e7\u00f5es visuais em \u00e1udio para melhor qualidade de vida e aprendizagem<\/p>\n","protected":false},"excerpt":{"rendered":"<p>Investimentos superiores a R$ 11 milh\u00f5es valorizam a Educa\u00e7\u00e3o na regional de An\u00e1polis, com nova sede escolar, unidade padr\u00e3o s\u00e9culo XXI e entrega do OrCam MyEye A Educa\u00e7\u00e3o em Goi\u00e1s segue avan\u00e7ando com novos investimentos em infraestrutura e tamb\u00e9m na Inclus\u00e3o. Nesta sexta-feira (06\/03), o Governo de Goi\u00e1s, por meio da Secretaria de Estado de [&hellip;]<\/p>\n","protected":false},"author":829,"featured_media":703945,"comment_status":"closed","ping_status":"open","sticky":false,"template":"","format":"standard","meta":{"footnotes":""},"categories":[4801],"tags":[],"class_list":["post-703937","post","type-post","status-publish","format-standard","has-post-thumbnail","hentry","category-noticias"],"rttpg_featured_image_url":{"full":["https:\/\/goias.gov.br\/educacao\/wp-content\/uploads\/sites\/40\/2026\/03\/inauguracao.jpg",5999,3999,false],"landscape":["https:\/\/goias.gov.br\/educacao\/wp-content\/uploads\/sites\/40\/2026\/03\/inauguracao.jpg",5999,3999,false],"portraits":["https:\/\/goias.gov.br\/educacao\/wp-content\/uploads\/sites\/40\/2026\/03\/inauguracao.jpg",5999,3999,false],"thumbnail":["https:\/\/goias.gov.br\/educacao\/wp-content\/uploads\/sites\/40\/2026\/03\/inauguracao-150x150.jpg",150,150,true],"medium":["https:\/\/goias.gov.br\/educacao\/wp-content\/uploads\/sites\/40\/2026\/03\/inauguracao-300x200.jpg",300,200,true],"large":["https:\/\/goias.gov.br\/educacao\/wp-content\/uploads\/sites\/40\/2026\/03\/inauguracao-1024x683.jpg",1024,683,true],"1536x1536":["https:\/\/goias.gov.br\/educacao\/wp-content\/uploads\/sites\/40\/2026\/03\/inauguracao-1536x1024.jpg",1536,1024,true],"2048x2048":["https:\/\/goias.gov.br\/educacao\/wp-content\/uploads\/sites\/40\/2026\/03\/inauguracao-2048x1365.jpg",2048,1365,true]},"rttpg_author":{"display_name":"barbararigonato","author_link":"https:\/\/goias.gov.br\/educacao\/author\/barbararigonato\/"},"rttpg_comment":0,"rttpg_category":"<a href=\"https:\/\/goias.gov.br\/educacao\/categoria\/noticias\/\" rel=\"category tag\">Not\u00edcias<\/a>","rttpg_excerpt":"Investimentos superiores a R$ 11 milh\u00f5es valorizam a Educa\u00e7\u00e3o na regional de An\u00e1polis, com nova sede escolar, unidade padr\u00e3o s\u00e9culo XXI e entrega do OrCam MyEye A Educa\u00e7\u00e3o em Goi\u00e1s segue avan\u00e7ando com novos investimentos em infraestrutura e tamb\u00e9m na Inclus\u00e3o. Nesta sexta-feira (06\/03), o Governo de Goi\u00e1s, por meio da Secretaria de Estado de&hellip;","_links":{"self":[{"href":"https:\/\/goias.gov.br\/educacao\/wp-json\/wp\/v2\/posts\/703937","targetHints":{"allow":["GET"]}}],"collection":[{"href":"https:\/\/goias.gov.br\/educacao\/wp-json\/wp\/v2\/posts"}],"about":[{"href":"https:\/\/goias.gov.br\/educacao\/wp-json\/wp\/v2\/types\/post"}],"author":[{"embeddable":true,"href":"https:\/\/goias.gov.br\/educacao\/wp-json\/wp\/v2\/users\/829"}],"replies":[{"embeddable":true,"href":"https:\/\/goias.gov.br\/educacao\/wp-json\/wp\/v2\/comments?post=703937"}],"version-history":[{"count":1,"href":"https:\/\/goias.gov.br\/educacao\/wp-json\/wp\/v2\/posts\/703937\/revisions"}],"predecessor-version":[{"id":703946,"href":"https:\/\/goias.gov.br\/educacao\/wp-json\/wp\/v2\/posts\/703937\/revisions\/703946"}],"wp:featuredmedia":[{"embeddable":true,"href":"https:\/\/goias.gov.br\/educacao\/wp-json\/wp\/v2\/media\/703945"}],"wp:attachment":[{"href":"https:\/\/goias.gov.br\/educacao\/wp-json\/wp\/v2\/media?parent=703937"}],"wp:term":[{"taxonomy":"category","embeddable":true,"href":"https:\/\/goias.gov.br\/educacao\/wp-json\/wp\/v2\/categories?post=703937"},{"taxonomy":"post_tag","embeddable":true,"href":"https:\/\/goias.gov.br\/educacao\/wp-json\/wp\/v2\/tags?post=703937"}],"curies":[{"name":"wp","href":"https:\/\/api.w.org\/{rel}","templated":true}]}}