

{"id":703249,"date":"2026-03-07T09:33:41","date_gmt":"2026-03-07T12:33:41","guid":{"rendered":"https:\/\/goias.gov.br\/educacao\/?p=703249"},"modified":"2026-03-07T13:40:08","modified_gmt":"2026-03-07T16:40:08","slug":"seduc-go-destaca-valorizacao-das-mulheres-que-atuam-na-alimentacao-escolar","status":"publish","type":"post","link":"https:\/\/goias.gov.br\/educacao\/seduc-go-destaca-valorizacao-das-mulheres-que-atuam-na-alimentacao-escolar\/","title":{"rendered":"Seduc\/GO destaca valoriza\u00e7\u00e3o das mulheres que atuam na Alimenta\u00e7\u00e3o Escolar"},"content":{"rendered":"\n<figure class=\"wp-block-image size-large\"><img fetchpriority=\"high\" decoding=\"async\" width=\"1024\" height=\"769\" src=\"https:\/\/goias.gov.br\/educacao\/wp-content\/uploads\/sites\/40\/2026\/03\/WhatsApp-Image-2026-03-07-at-12.59.04-1-1024x769.jpeg\" alt=\"\" class=\"wp-image-703435\" srcset=\"https:\/\/goias.gov.br\/educacao\/wp-content\/uploads\/sites\/40\/2026\/03\/WhatsApp-Image-2026-03-07-at-12.59.04-1-1024x769.jpeg 1024w, https:\/\/goias.gov.br\/educacao\/wp-content\/uploads\/sites\/40\/2026\/03\/WhatsApp-Image-2026-03-07-at-12.59.04-1-300x225.jpeg 300w, https:\/\/goias.gov.br\/educacao\/wp-content\/uploads\/sites\/40\/2026\/03\/WhatsApp-Image-2026-03-07-at-12.59.04-1-768x576.jpeg 768w, https:\/\/goias.gov.br\/educacao\/wp-content\/uploads\/sites\/40\/2026\/03\/WhatsApp-Image-2026-03-07-at-12.59.04-1-1536x1153.jpeg 1536w, https:\/\/goias.gov.br\/educacao\/wp-content\/uploads\/sites\/40\/2026\/03\/WhatsApp-Image-2026-03-07-at-12.59.04-1-600x450.jpeg 600w, https:\/\/goias.gov.br\/educacao\/wp-content\/uploads\/sites\/40\/2026\/03\/WhatsApp-Image-2026-03-07-at-12.59.04-1.jpeg 1600w\" sizes=\"(max-width: 1024px) 100vw, 1024px\" \/><\/figure>\n\n\n\n<p><em>Forma\u00e7\u00e3o on-line reuniu profissionais da rede estadual e abordou boas pr\u00e1ticas na manipula\u00e7\u00e3o de alimentos<\/em><\/p>\n\n\n\n<p>A Secretaria de Estado da Educa\u00e7\u00e3o de Goi\u00e1s (Seduc\/GO), por meio do Centro de Estudos, Pesquisa e Forma\u00e7\u00e3o dos Profissionais da Educa\u00e7\u00e3o (Cepfor), realizou, nesta sexta-feira (06\/03), um encontro, <em>on-line<\/em> e ao vivo, com as equipes respons\u00e1veis pela Alimenta\u00e7\u00e3o Escolar da rede p\u00fablica estadual. A <em>live<\/em> abordou a valoriza\u00e7\u00e3o da mulher no ambiente de trabalho e apresentou orienta\u00e7\u00f5es iniciais sobre boas pr\u00e1ticas na manipula\u00e7\u00e3o de alimentos.<\/p>\n\n\n\n<p>A secret\u00e1ria de Estado da Educa\u00e7\u00e3o, F\u00e1tima Gavioli, participou da transmiss\u00e3o e destacou a import\u00e2ncia do trabalho realizado pelas merendeiras e merendeiros nas escolas da rede estadual.<\/p>\n\n\n\n<p>\u201cO maior restaurante de Goi\u00e1s \u00e9 o nosso. Servimos, em m\u00e9dia, 1 milh\u00e3o de refei\u00e7\u00f5es por dia e temos 80% de aceita\u00e7\u00e3o dos estudantes dos pratos e comidas ofertados. Quero parabenizar todos voc\u00eas por esse trabalho t\u00e3o bem-feito e monitorado\u201d, afirmou a secret\u00e1ria.<\/p>\n\n\n\n<p><strong>Valoriza\u00e7\u00e3o das merendeiras<\/strong><\/p>\n\n\n\n<p>A forma\u00e7\u00e3o integra o programa \u201cCuidando de Quem Alimenta\u201d, iniciativa que busca reconhecer e fortalecer o papel das merendeiras na garantia de uma alimenta\u00e7\u00e3o escolar segura, saud\u00e1vel e adequada aos estudantes, em conformidade com as diretrizes do Programa Nacional de Alimenta\u00e7\u00e3o Escolar (PNAE).<\/p>\n\n\n\n<p>De acordo com o gerente de Alimenta\u00e7\u00e3o Escolar da Seduc\/GO, Gustavo Pacheco, a discuss\u00e3o tamb\u00e9m refor\u00e7ou a import\u00e2ncia das mulheres nesse servi\u00e7o essencial dentro das unidades escolares.<\/p>\n\n\n\n<p>\u201cAo tratarmos da valoriza\u00e7\u00e3o da mulher no ambiente de trabalho, \u00e9 imposs\u00edvel n\u00e3o reconhecer o papel fundamental das merendeiras e merendeiros nas nossas escolas. Em sua grande maioria, s\u00e3o mulheres que, diariamente, transformam cuidado em alimento, garantindo que nossos estudantes recebam uma refei\u00e7\u00e3o de qualidade, preparada com dedica\u00e7\u00e3o e responsabilidade\u201d, destacou.<\/p>\n\n\n\n<figure class=\"wp-block-gallery has-nested-images columns-default is-cropped wp-block-gallery-1 is-layout-flex wp-block-gallery-is-layout-flex\">\n<figure class=\"wp-block-image size-large\"><img decoding=\"async\" width=\"1024\" height=\"769\" data-id=\"703443\" src=\"https:\/\/goias.gov.br\/educacao\/wp-content\/uploads\/sites\/40\/2026\/03\/WhatsApp-Image-2026-03-07-at-12.59.04-1-1-1024x769.jpeg\" alt=\"\" class=\"wp-image-703443\" srcset=\"https:\/\/goias.gov.br\/educacao\/wp-content\/uploads\/sites\/40\/2026\/03\/WhatsApp-Image-2026-03-07-at-12.59.04-1-1-1024x769.jpeg 1024w, https:\/\/goias.gov.br\/educacao\/wp-content\/uploads\/sites\/40\/2026\/03\/WhatsApp-Image-2026-03-07-at-12.59.04-1-1-300x225.jpeg 300w, https:\/\/goias.gov.br\/educacao\/wp-content\/uploads\/sites\/40\/2026\/03\/WhatsApp-Image-2026-03-07-at-12.59.04-1-1-768x576.jpeg 768w, https:\/\/goias.gov.br\/educacao\/wp-content\/uploads\/sites\/40\/2026\/03\/WhatsApp-Image-2026-03-07-at-12.59.04-1-1-1536x1153.jpeg 1536w, https:\/\/goias.gov.br\/educacao\/wp-content\/uploads\/sites\/40\/2026\/03\/WhatsApp-Image-2026-03-07-at-12.59.04-1-1-600x450.jpeg 600w, https:\/\/goias.gov.br\/educacao\/wp-content\/uploads\/sites\/40\/2026\/03\/WhatsApp-Image-2026-03-07-at-12.59.04-1-1.jpeg 1600w\" sizes=\"(max-width: 1024px) 100vw, 1024px\" \/><\/figure>\n\n\n\n<figure class=\"wp-block-image size-large\"><img decoding=\"async\" width=\"576\" height=\"1024\" data-id=\"703445\" src=\"https:\/\/goias.gov.br\/educacao\/wp-content\/uploads\/sites\/40\/2026\/03\/WhatsApp-Image-2026-03-07-at-12.59.04-576x1024.jpeg\" alt=\"\" class=\"wp-image-703445\" srcset=\"https:\/\/goias.gov.br\/educacao\/wp-content\/uploads\/sites\/40\/2026\/03\/WhatsApp-Image-2026-03-07-at-12.59.04-576x1024.jpeg 576w, https:\/\/goias.gov.br\/educacao\/wp-content\/uploads\/sites\/40\/2026\/03\/WhatsApp-Image-2026-03-07-at-12.59.04-169x300.jpeg 169w, https:\/\/goias.gov.br\/educacao\/wp-content\/uploads\/sites\/40\/2026\/03\/WhatsApp-Image-2026-03-07-at-12.59.04-768x1366.jpeg 768w, https:\/\/goias.gov.br\/educacao\/wp-content\/uploads\/sites\/40\/2026\/03\/WhatsApp-Image-2026-03-07-at-12.59.04-864x1536.jpeg 864w, https:\/\/goias.gov.br\/educacao\/wp-content\/uploads\/sites\/40\/2026\/03\/WhatsApp-Image-2026-03-07-at-12.59.04.jpeg 899w\" sizes=\"(max-width: 576px) 100vw, 576px\" \/><\/figure>\n\n\n\n<figure class=\"wp-block-image size-large\"><img loading=\"lazy\" decoding=\"async\" width=\"576\" height=\"1024\" data-id=\"703446\" src=\"https:\/\/goias.gov.br\/educacao\/wp-content\/uploads\/sites\/40\/2026\/03\/WhatsApp-Image-2026-03-07-at-12.59.03-1-576x1024.jpeg\" alt=\"\" class=\"wp-image-703446\" srcset=\"https:\/\/goias.gov.br\/educacao\/wp-content\/uploads\/sites\/40\/2026\/03\/WhatsApp-Image-2026-03-07-at-12.59.03-1-576x1024.jpeg 576w, https:\/\/goias.gov.br\/educacao\/wp-content\/uploads\/sites\/40\/2026\/03\/WhatsApp-Image-2026-03-07-at-12.59.03-1-169x300.jpeg 169w, https:\/\/goias.gov.br\/educacao\/wp-content\/uploads\/sites\/40\/2026\/03\/WhatsApp-Image-2026-03-07-at-12.59.03-1-768x1366.jpeg 768w, https:\/\/goias.gov.br\/educacao\/wp-content\/uploads\/sites\/40\/2026\/03\/WhatsApp-Image-2026-03-07-at-12.59.03-1-864x1536.jpeg 864w, https:\/\/goias.gov.br\/educacao\/wp-content\/uploads\/sites\/40\/2026\/03\/WhatsApp-Image-2026-03-07-at-12.59.03-1.jpeg 899w\" sizes=\"(max-width: 576px) 100vw, 576px\" \/><\/figure>\n\n\n\n<figure class=\"wp-block-image size-large\"><img loading=\"lazy\" decoding=\"async\" width=\"1024\" height=\"576\" data-id=\"703441\" src=\"https:\/\/goias.gov.br\/educacao\/wp-content\/uploads\/sites\/40\/2026\/03\/WhatsApp-Image-2026-03-07-at-12.59.03-1024x576.jpeg\" alt=\"\" class=\"wp-image-703441\" srcset=\"https:\/\/goias.gov.br\/educacao\/wp-content\/uploads\/sites\/40\/2026\/03\/WhatsApp-Image-2026-03-07-at-12.59.03-1024x576.jpeg 1024w, https:\/\/goias.gov.br\/educacao\/wp-content\/uploads\/sites\/40\/2026\/03\/WhatsApp-Image-2026-03-07-at-12.59.03-300x169.jpeg 300w, https:\/\/goias.gov.br\/educacao\/wp-content\/uploads\/sites\/40\/2026\/03\/WhatsApp-Image-2026-03-07-at-12.59.03-768x432.jpeg 768w, https:\/\/goias.gov.br\/educacao\/wp-content\/uploads\/sites\/40\/2026\/03\/WhatsApp-Image-2026-03-07-at-12.59.03-1536x864.jpeg 1536w, https:\/\/goias.gov.br\/educacao\/wp-content\/uploads\/sites\/40\/2026\/03\/WhatsApp-Image-2026-03-07-at-12.59.03.jpeg 1600w\" sizes=\"(max-width: 1024px) 100vw, 1024px\" \/><\/figure>\n\n\n\n<figure class=\"wp-block-image size-large\"><img loading=\"lazy\" decoding=\"async\" width=\"576\" height=\"1024\" data-id=\"703444\" src=\"https:\/\/goias.gov.br\/educacao\/wp-content\/uploads\/sites\/40\/2026\/03\/WhatsApp-Image-2026-03-07-at-12.59.05-3-576x1024.jpeg\" alt=\"\" class=\"wp-image-703444\" srcset=\"https:\/\/goias.gov.br\/educacao\/wp-content\/uploads\/sites\/40\/2026\/03\/WhatsApp-Image-2026-03-07-at-12.59.05-3-576x1024.jpeg 576w, https:\/\/goias.gov.br\/educacao\/wp-content\/uploads\/sites\/40\/2026\/03\/WhatsApp-Image-2026-03-07-at-12.59.05-3-169x300.jpeg 169w, https:\/\/goias.gov.br\/educacao\/wp-content\/uploads\/sites\/40\/2026\/03\/WhatsApp-Image-2026-03-07-at-12.59.05-3-768x1365.jpeg 768w, https:\/\/goias.gov.br\/educacao\/wp-content\/uploads\/sites\/40\/2026\/03\/WhatsApp-Image-2026-03-07-at-12.59.05-3-864x1536.jpeg 864w, https:\/\/goias.gov.br\/educacao\/wp-content\/uploads\/sites\/40\/2026\/03\/WhatsApp-Image-2026-03-07-at-12.59.05-3.jpeg 900w\" sizes=\"(max-width: 576px) 100vw, 576px\" \/><\/figure>\n\n\n\n<figure class=\"wp-block-image size-large\"><img loading=\"lazy\" decoding=\"async\" width=\"576\" height=\"1024\" data-id=\"703442\" src=\"https:\/\/goias.gov.br\/educacao\/wp-content\/uploads\/sites\/40\/2026\/03\/WhatsApp-Image-2026-03-07-at-12.59.05-2-576x1024.jpeg\" alt=\"\" class=\"wp-image-703442\" srcset=\"https:\/\/goias.gov.br\/educacao\/wp-content\/uploads\/sites\/40\/2026\/03\/WhatsApp-Image-2026-03-07-at-12.59.05-2-576x1024.jpeg 576w, https:\/\/goias.gov.br\/educacao\/wp-content\/uploads\/sites\/40\/2026\/03\/WhatsApp-Image-2026-03-07-at-12.59.05-2-169x300.jpeg 169w, https:\/\/goias.gov.br\/educacao\/wp-content\/uploads\/sites\/40\/2026\/03\/WhatsApp-Image-2026-03-07-at-12.59.05-2-768x1365.jpeg 768w, https:\/\/goias.gov.br\/educacao\/wp-content\/uploads\/sites\/40\/2026\/03\/WhatsApp-Image-2026-03-07-at-12.59.05-2-864x1536.jpeg 864w, https:\/\/goias.gov.br\/educacao\/wp-content\/uploads\/sites\/40\/2026\/03\/WhatsApp-Image-2026-03-07-at-12.59.05-2.jpeg 900w\" sizes=\"(max-width: 576px) 100vw, 576px\" \/><\/figure>\n\n\n\n<figure class=\"wp-block-image size-large\"><img loading=\"lazy\" decoding=\"async\" width=\"771\" height=\"1024\" data-id=\"703449\" src=\"https:\/\/goias.gov.br\/educacao\/wp-content\/uploads\/sites\/40\/2026\/03\/WhatsApp-Image-2026-03-07-at-12.59.05-1-771x1024.jpeg\" alt=\"\" class=\"wp-image-703449\" srcset=\"https:\/\/goias.gov.br\/educacao\/wp-content\/uploads\/sites\/40\/2026\/03\/WhatsApp-Image-2026-03-07-at-12.59.05-1-771x1024.jpeg 771w, https:\/\/goias.gov.br\/educacao\/wp-content\/uploads\/sites\/40\/2026\/03\/WhatsApp-Image-2026-03-07-at-12.59.05-1-226x300.jpeg 226w, https:\/\/goias.gov.br\/educacao\/wp-content\/uploads\/sites\/40\/2026\/03\/WhatsApp-Image-2026-03-07-at-12.59.05-1-768x1021.jpeg 768w, https:\/\/goias.gov.br\/educacao\/wp-content\/uploads\/sites\/40\/2026\/03\/WhatsApp-Image-2026-03-07-at-12.59.05-1-1156x1536.jpeg 1156w, https:\/\/goias.gov.br\/educacao\/wp-content\/uploads\/sites\/40\/2026\/03\/WhatsApp-Image-2026-03-07-at-12.59.05-1.jpeg 1204w\" sizes=\"(max-width: 771px) 100vw, 771px\" \/><\/figure>\n\n\n\n<figure class=\"wp-block-image size-large\"><img loading=\"lazy\" decoding=\"async\" width=\"768\" height=\"1024\" data-id=\"703451\" src=\"https:\/\/goias.gov.br\/educacao\/wp-content\/uploads\/sites\/40\/2026\/03\/WhatsApp-Image-2026-03-07-at-12.59.05-768x1024.jpeg\" alt=\"\" class=\"wp-image-703451\" srcset=\"https:\/\/goias.gov.br\/educacao\/wp-content\/uploads\/sites\/40\/2026\/03\/WhatsApp-Image-2026-03-07-at-12.59.05-768x1024.jpeg 768w, https:\/\/goias.gov.br\/educacao\/wp-content\/uploads\/sites\/40\/2026\/03\/WhatsApp-Image-2026-03-07-at-12.59.05-225x300.jpeg 225w, https:\/\/goias.gov.br\/educacao\/wp-content\/uploads\/sites\/40\/2026\/03\/WhatsApp-Image-2026-03-07-at-12.59.05-1152x1536.jpeg 1152w, https:\/\/goias.gov.br\/educacao\/wp-content\/uploads\/sites\/40\/2026\/03\/WhatsApp-Image-2026-03-07-at-12.59.05.jpeg 1200w\" sizes=\"(max-width: 768px) 100vw, 768px\" \/><\/figure>\n\n\n\n<figure class=\"wp-block-image size-large\"><img loading=\"lazy\" decoding=\"async\" width=\"1024\" height=\"576\" data-id=\"703450\" src=\"https:\/\/goias.gov.br\/educacao\/wp-content\/uploads\/sites\/40\/2026\/03\/WhatsApp-Image-2026-03-07-at-12.59.04-2-1024x576.jpeg\" alt=\"\" class=\"wp-image-703450\" srcset=\"https:\/\/goias.gov.br\/educacao\/wp-content\/uploads\/sites\/40\/2026\/03\/WhatsApp-Image-2026-03-07-at-12.59.04-2-1024x576.jpeg 1024w, https:\/\/goias.gov.br\/educacao\/wp-content\/uploads\/sites\/40\/2026\/03\/WhatsApp-Image-2026-03-07-at-12.59.04-2-300x169.jpeg 300w, https:\/\/goias.gov.br\/educacao\/wp-content\/uploads\/sites\/40\/2026\/03\/WhatsApp-Image-2026-03-07-at-12.59.04-2-768x432.jpeg 768w, https:\/\/goias.gov.br\/educacao\/wp-content\/uploads\/sites\/40\/2026\/03\/WhatsApp-Image-2026-03-07-at-12.59.04-2-1536x864.jpeg 1536w, https:\/\/goias.gov.br\/educacao\/wp-content\/uploads\/sites\/40\/2026\/03\/WhatsApp-Image-2026-03-07-at-12.59.04-2.jpeg 1599w\" sizes=\"(max-width: 1024px) 100vw, 1024px\" \/><\/figure>\n<\/figure>\n","protected":false},"excerpt":{"rendered":"<p>Forma\u00e7\u00e3o on-line reuniu profissionais da rede estadual e abordou boas pr\u00e1ticas na manipula\u00e7\u00e3o de alimentos A Secretaria de Estado da Educa\u00e7\u00e3o de Goi\u00e1s (Seduc\/GO), por meio do Centro de Estudos, Pesquisa e Forma\u00e7\u00e3o dos Profissionais da Educa\u00e7\u00e3o (Cepfor), realizou, nesta sexta-feira (06\/03), um encontro, on-line e ao vivo, com as equipes respons\u00e1veis pela Alimenta\u00e7\u00e3o Escolar [&hellip;]<\/p>\n","protected":false},"author":458,"featured_media":703255,"comment_status":"closed","ping_status":"open","sticky":false,"template":"","format":"standard","meta":{"footnotes":""},"categories":[4801],"tags":[],"class_list":["post-703249","post","type-post","status-publish","format-standard","has-post-thumbnail","hentry","category-noticias"],"rttpg_featured_image_url":{"full":["https:\/\/goias.gov.br\/educacao\/wp-content\/uploads\/sites\/40\/2026\/03\/Captura-de-tela-2026-03-07-093059.jpg",1318,742,false],"landscape":["https:\/\/goias.gov.br\/educacao\/wp-content\/uploads\/sites\/40\/2026\/03\/Captura-de-tela-2026-03-07-093059.jpg",1318,742,false],"portraits":["https:\/\/goias.gov.br\/educacao\/wp-content\/uploads\/sites\/40\/2026\/03\/Captura-de-tela-2026-03-07-093059.jpg",1318,742,false],"thumbnail":["https:\/\/goias.gov.br\/educacao\/wp-content\/uploads\/sites\/40\/2026\/03\/Captura-de-tela-2026-03-07-093059-150x150.jpg",150,150,true],"medium":["https:\/\/goias.gov.br\/educacao\/wp-content\/uploads\/sites\/40\/2026\/03\/Captura-de-tela-2026-03-07-093059-300x169.jpg",300,169,true],"large":["https:\/\/goias.gov.br\/educacao\/wp-content\/uploads\/sites\/40\/2026\/03\/Captura-de-tela-2026-03-07-093059-1024x576.jpg",1024,576,true],"1536x1536":["https:\/\/goias.gov.br\/educacao\/wp-content\/uploads\/sites\/40\/2026\/03\/Captura-de-tela-2026-03-07-093059.jpg",1318,742,false],"2048x2048":["https:\/\/goias.gov.br\/educacao\/wp-content\/uploads\/sites\/40\/2026\/03\/Captura-de-tela-2026-03-07-093059.jpg",1318,742,false]},"rttpg_author":{"display_name":"marcleymatos","author_link":"https:\/\/goias.gov.br\/educacao\/author\/marcleymatos\/"},"rttpg_comment":0,"rttpg_category":"<a href=\"https:\/\/goias.gov.br\/educacao\/categoria\/noticias\/\" rel=\"category tag\">Not\u00edcias<\/a>","rttpg_excerpt":"Forma\u00e7\u00e3o on-line reuniu profissionais da rede estadual e abordou boas pr\u00e1ticas na manipula\u00e7\u00e3o de alimentos A Secretaria de Estado da Educa\u00e7\u00e3o de Goi\u00e1s (Seduc\/GO), por meio do Centro de Estudos, Pesquisa e Forma\u00e7\u00e3o dos Profissionais da Educa\u00e7\u00e3o (Cepfor), realizou, nesta sexta-feira (06\/03), um encontro, on-line e ao vivo, com as equipes respons\u00e1veis pela Alimenta\u00e7\u00e3o Escolar&hellip;","_links":{"self":[{"href":"https:\/\/goias.gov.br\/educacao\/wp-json\/wp\/v2\/posts\/703249","targetHints":{"allow":["GET"]}}],"collection":[{"href":"https:\/\/goias.gov.br\/educacao\/wp-json\/wp\/v2\/posts"}],"about":[{"href":"https:\/\/goias.gov.br\/educacao\/wp-json\/wp\/v2\/types\/post"}],"author":[{"embeddable":true,"href":"https:\/\/goias.gov.br\/educacao\/wp-json\/wp\/v2\/users\/458"}],"replies":[{"embeddable":true,"href":"https:\/\/goias.gov.br\/educacao\/wp-json\/wp\/v2\/comments?post=703249"}],"version-history":[{"count":2,"href":"https:\/\/goias.gov.br\/educacao\/wp-json\/wp\/v2\/posts\/703249\/revisions"}],"predecessor-version":[{"id":703466,"href":"https:\/\/goias.gov.br\/educacao\/wp-json\/wp\/v2\/posts\/703249\/revisions\/703466"}],"wp:featuredmedia":[{"embeddable":true,"href":"https:\/\/goias.gov.br\/educacao\/wp-json\/wp\/v2\/media\/703255"}],"wp:attachment":[{"href":"https:\/\/goias.gov.br\/educacao\/wp-json\/wp\/v2\/media?parent=703249"}],"wp:term":[{"taxonomy":"category","embeddable":true,"href":"https:\/\/goias.gov.br\/educacao\/wp-json\/wp\/v2\/categories?post=703249"},{"taxonomy":"post_tag","embeddable":true,"href":"https:\/\/goias.gov.br\/educacao\/wp-json\/wp\/v2\/tags?post=703249"}],"curies":[{"name":"wp","href":"https:\/\/api.w.org\/{rel}","templated":true}]}}