

{"id":694863,"date":"2026-02-24T23:47:30","date_gmt":"2026-02-25T02:47:30","guid":{"rendered":"https:\/\/goias.gov.br\/educacao\/?p=694863"},"modified":"2026-02-24T23:47:30","modified_gmt":"2026-02-25T02:47:30","slug":"governo-de-goias-inaugura-quadra-coberta-do-colegio-estadual-jose-serafim-azevedo-em-santa-helena-de-goias","status":"publish","type":"post","link":"https:\/\/goias.gov.br\/educacao\/governo-de-goias-inaugura-quadra-coberta-do-colegio-estadual-jose-serafim-azevedo-em-santa-helena-de-goias\/","title":{"rendered":"Governo de Goi\u00e1s inaugura quadra coberta do Col\u00e9gio Estadual Jos\u00e9 Serafim Azevedo, em Santa Helena de Goi\u00e1s"},"content":{"rendered":"\n<figure class=\"wp-block-image size-large\"><img fetchpriority=\"high\" decoding=\"async\" width=\"1024\" height=\"682\" src=\"https:\/\/goias.gov.br\/educacao\/wp-content\/uploads\/sites\/40\/2026\/02\/CAPA-2-1024x682.jpeg\" alt=\"\" class=\"wp-image-694864\" srcset=\"https:\/\/goias.gov.br\/educacao\/wp-content\/uploads\/sites\/40\/2026\/02\/CAPA-2-1024x682.jpeg 1024w, https:\/\/goias.gov.br\/educacao\/wp-content\/uploads\/sites\/40\/2026\/02\/CAPA-2-300x200.jpeg 300w, https:\/\/goias.gov.br\/educacao\/wp-content\/uploads\/sites\/40\/2026\/02\/CAPA-2-768x512.jpeg 768w, https:\/\/goias.gov.br\/educacao\/wp-content\/uploads\/sites\/40\/2026\/02\/CAPA-2-1536x1023.jpeg 1536w, https:\/\/goias.gov.br\/educacao\/wp-content\/uploads\/sites\/40\/2026\/02\/CAPA-2.jpeg 1600w\" sizes=\"(max-width: 1024px) 100vw, 1024px\" \/><\/figure>\n\n\n\n<p><em>Com custo de R$ 593,4 mil, obra foi executada em parceria com o Fundo Nacional de Desenvolvimento da Educa\u00e7\u00e3o (FNDE)<\/em><\/p>\n\n\n\n<p>A comunidade escolar do Col\u00e9gio Estadual Jos\u00e9 Serafim Azevedo, em Santa Helena de Goi\u00e1s, celebrou nesta ter\u00e7a-feira, (24\/02), a inaugura\u00e7\u00e3o da nova quadra esportiva coberta da unidade escolar. <\/p>\n\n\n\n<p>A obra recebeu investimentos da ordem de R$ 593,4 mil e foi realizada pelo Governo de Goi\u00e1s em parceria com o Fundo Nacional do Desenvolvimento da Educa\u00e7\u00e3o (FNDE).<\/p>\n\n\n\n<p>A cerim\u00f4nia de inaugura\u00e7\u00e3o contou com a presen\u00e7a da secret\u00e1ria estadual de Educa\u00e7\u00e3o, F\u00e1tima Gavioli, que destacou os investimentos do governo estadual na melhoria da infraestrutura escolar como forma de fortalecer a qualidade do ensino.<\/p>\n\n\n\n<p>Durante a solenidade, ela refor\u00e7ou tamb\u00e9m que investir em espa\u00e7os adequados \u00e9 garantir melhores condi\u00e7\u00f5es de ensino e um futuro melhor para os estudantes goianos. \u201cA escola \u00e9 um ambiente de forma\u00e7\u00e3o integral. Quando entregamos uma quadra coberta, estamos garantindo dignidade, oportunidades e melhores condi\u00e7\u00f5es para o desenvolvimento de todos\u201d, ressaltou.<\/p>\n\n\n\n<p>F\u00e1tima Gavioli lembrou ainda que, quando a atual gest\u00e3o assumiu o governo, em 2019, havia 62 grandes obras inacabadas na rede estadual de educa\u00e7\u00e3o. \u201cMas a determina\u00e7\u00e3o do governador Ronaldo Caiado foi de que todos os esfor\u00e7os fossem feitos para a conclus\u00e3o desses verdadeiros elefantes brancos. Algumas delas tinham sido abandonadas h\u00e1 mais de 20 anos e n\u00f3s estamos concluindo todas elas em apenas sete anos\u201d, frisou a secret\u00e1ria.<\/p>\n\n\n\n<p><strong>Mais qualidade para o ensino<\/strong><\/p>\n\n\n\n<p>A nova quadra coberta representa um avan\u00e7o significativo para estudantes, professores e toda a comunidade escolar. O espa\u00e7o possibilita a realiza\u00e7\u00e3o de aulas de Educa\u00e7\u00e3o F\u00edsica, projetos esportivos, atividades culturais e eventos pedag\u00f3gicos com mais conforto, seguran\u00e7a e prote\u00e7\u00e3o contra as intemp\u00e9ries.<\/p>\n\n\n\n<p>Al\u00e9m de incentivar a pr\u00e1tica esportiva, a estrutura amplia as oportunidades de desenvolvimento f\u00edsico, emocional e social dos estudantes, promovendo valores como trabalho em equipe, disciplina, respeito e coopera\u00e7\u00e3o.<\/p>\n\n\n\n<p><strong>Valoriza\u00e7\u00e3o da escola p\u00fablica<\/strong><\/p>\n\n\n\n<p>Executada pelo Governo de Goi\u00e1s em parceria com o FNDE, a obra integra faz parte de um conjunto de a\u00e7\u00f5es voltadas \u00e0 melhoria da infraestrutura da rede estadual de ensino.<\/p>\n\n\n\n<p>O estudante Daniel de Souza fez quest\u00e3o de agradecer a entrega da quadra esportiva para a comunidade escolar. Segundo ele, a partir de agora, todos os estudantes se sentir\u00e3o mais incentivados a praticar atividades esportivas no novo espa\u00e7o.<\/p>\n\n\n\n<p>O aluno tamb\u00e9m comentou sobre a import\u00e2ncia dos investimentos feitos pelo governo estadual na distribui\u00e7\u00e3o de uniformes, kits de material escolar, chromebooks, reforma e amplia\u00e7\u00e3o das escolas, aquisi\u00e7\u00e3o de equipamentos e implanta\u00e7\u00e3o de laborat\u00f3rios de Ci\u00eancias e Inform\u00e1tica. \u201cEssas melhorias estimulam n\u00e3o s\u00f3 a gente, como estudantes, mas tamb\u00e9m nossos professores\u201d, acrescentou Daniel.<\/p>\n\n\n\n<p><strong>Presente para a comunidade<\/strong><\/p>\n\n\n\n<p>A diretora do col\u00e9gio, Aliciene Lu\u00edza, afirmou que a comunidade escolar aguarda pela obra h\u00e1 mais de 50 anos. \u201cHoje \u00e9 um dia muito importante para todos n\u00f3s. Um dia que ficar\u00e1 para sempre na hist\u00f3ria desse col\u00e9gio\u201d, comentou ela.<\/p>\n\n\n\n<p>O prefeito de Santa Helena de Goi\u00e1s, Iris Parreira, destacou que a inaugura\u00e7\u00e3o da quadra chega como \u201cum presente para a comunidade\u201d. Ele pediu ainda que os alunos cuidem muito bem do novo espa\u00e7o, que \u00e9 um patrim\u00f4nio do col\u00e9gio. <\/p>\n\n\n\n<p>A cerim\u00f4nia de inaugura\u00e7\u00e3o foi prestigiada tamb\u00e9m pela primeira-dama de Santa Helena, Carolina Miranda; prefeito de Mauril\u00e2ndia, Wanderval Silva Martins; primeira-dama Cl\u00e1udia Sessa; secret\u00e1ria municipal de Educa\u00e7\u00e3o, Lara Martins; e pelo presidente da C\u00e2mara Municipal de Turvel\u00e2ndia, Itamar das Neves; entre outras autoridades. <em>(Texto: Maria Jos\u00e9 Rodrigues \/ Fotos: Alexandra Rita)<\/em><\/p>\n\n\n\n<p><\/p>\n","protected":false},"excerpt":{"rendered":"<p>Com custo de R$ 593,4 mil, obra foi executada em parceria com o Fundo Nacional de Desenvolvimento da Educa\u00e7\u00e3o (FNDE) A comunidade escolar do Col\u00e9gio Estadual Jos\u00e9 Serafim Azevedo, em Santa Helena de Goi\u00e1s, celebrou nesta ter\u00e7a-feira, (24\/02), a inaugura\u00e7\u00e3o da nova quadra esportiva coberta da unidade escolar. A obra recebeu investimentos da ordem de [&hellip;]<\/p>\n","protected":false},"author":459,"featured_media":694865,"comment_status":"closed","ping_status":"open","sticky":false,"template":"","format":"standard","meta":{"footnotes":""},"categories":[4801],"tags":[],"class_list":["post-694863","post","type-post","status-publish","format-standard","has-post-thumbnail","hentry","category-noticias"],"rttpg_featured_image_url":{"full":["https:\/\/goias.gov.br\/educacao\/wp-content\/uploads\/sites\/40\/2026\/02\/CAPA-3.jpeg",1600,1066,false],"landscape":["https:\/\/goias.gov.br\/educacao\/wp-content\/uploads\/sites\/40\/2026\/02\/CAPA-3.jpeg",1600,1066,false],"portraits":["https:\/\/goias.gov.br\/educacao\/wp-content\/uploads\/sites\/40\/2026\/02\/CAPA-3.jpeg",1600,1066,false],"thumbnail":["https:\/\/goias.gov.br\/educacao\/wp-content\/uploads\/sites\/40\/2026\/02\/CAPA-3-150x150.jpeg",150,150,true],"medium":["https:\/\/goias.gov.br\/educacao\/wp-content\/uploads\/sites\/40\/2026\/02\/CAPA-3-300x200.jpeg",300,200,true],"large":["https:\/\/goias.gov.br\/educacao\/wp-content\/uploads\/sites\/40\/2026\/02\/CAPA-3-1024x682.jpeg",1024,682,true],"1536x1536":["https:\/\/goias.gov.br\/educacao\/wp-content\/uploads\/sites\/40\/2026\/02\/CAPA-3-1536x1023.jpeg",1536,1023,true],"2048x2048":["https:\/\/goias.gov.br\/educacao\/wp-content\/uploads\/sites\/40\/2026\/02\/CAPA-3.jpeg",1600,1066,false]},"rttpg_author":{"display_name":"mariajrodrigues","author_link":"https:\/\/goias.gov.br\/educacao\/author\/mariajrodrigues\/"},"rttpg_comment":0,"rttpg_category":"<a href=\"https:\/\/goias.gov.br\/educacao\/categoria\/noticias\/\" rel=\"category tag\">Not\u00edcias<\/a>","rttpg_excerpt":"Com custo de R$ 593,4 mil, obra foi executada em parceria com o Fundo Nacional de Desenvolvimento da Educa\u00e7\u00e3o (FNDE) A comunidade escolar do Col\u00e9gio Estadual Jos\u00e9 Serafim Azevedo, em Santa Helena de Goi\u00e1s, celebrou nesta ter\u00e7a-feira, (24\/02), a inaugura\u00e7\u00e3o da nova quadra esportiva coberta da unidade escolar. A obra recebeu investimentos da ordem de&hellip;","_links":{"self":[{"href":"https:\/\/goias.gov.br\/educacao\/wp-json\/wp\/v2\/posts\/694863","targetHints":{"allow":["GET"]}}],"collection":[{"href":"https:\/\/goias.gov.br\/educacao\/wp-json\/wp\/v2\/posts"}],"about":[{"href":"https:\/\/goias.gov.br\/educacao\/wp-json\/wp\/v2\/types\/post"}],"author":[{"embeddable":true,"href":"https:\/\/goias.gov.br\/educacao\/wp-json\/wp\/v2\/users\/459"}],"replies":[{"embeddable":true,"href":"https:\/\/goias.gov.br\/educacao\/wp-json\/wp\/v2\/comments?post=694863"}],"version-history":[{"count":1,"href":"https:\/\/goias.gov.br\/educacao\/wp-json\/wp\/v2\/posts\/694863\/revisions"}],"predecessor-version":[{"id":694866,"href":"https:\/\/goias.gov.br\/educacao\/wp-json\/wp\/v2\/posts\/694863\/revisions\/694866"}],"wp:featuredmedia":[{"embeddable":true,"href":"https:\/\/goias.gov.br\/educacao\/wp-json\/wp\/v2\/media\/694865"}],"wp:attachment":[{"href":"https:\/\/goias.gov.br\/educacao\/wp-json\/wp\/v2\/media?parent=694863"}],"wp:term":[{"taxonomy":"category","embeddable":true,"href":"https:\/\/goias.gov.br\/educacao\/wp-json\/wp\/v2\/categories?post=694863"},{"taxonomy":"post_tag","embeddable":true,"href":"https:\/\/goias.gov.br\/educacao\/wp-json\/wp\/v2\/tags?post=694863"}],"curies":[{"name":"wp","href":"https:\/\/api.w.org\/{rel}","templated":true}]}}