

{"id":693160,"date":"2026-02-20T06:41:08","date_gmt":"2026-02-20T09:41:08","guid":{"rendered":"https:\/\/goias.gov.br\/educacao\/?p=693160"},"modified":"2026-02-20T11:48:09","modified_gmt":"2026-02-20T14:48:09","slug":"governo-de-goias-inaugura-segundo-colegio-padrao-seculo-xxi-em-novo-gama-e-investe-mais-de-r-50-milhoes-em-oito-obras-em-andamento","status":"publish","type":"post","link":"https:\/\/goias.gov.br\/educacao\/governo-de-goias-inaugura-segundo-colegio-padrao-seculo-xxi-em-novo-gama-e-investe-mais-de-r-50-milhoes-em-oito-obras-em-andamento\/","title":{"rendered":"Em Novo Gama, Governo de Goi\u00e1s inaugura segundo col\u00e9gio Padr\u00e3o S\u00e9culo XXI e investe mais de R$ 50 milh\u00f5es na execu\u00e7\u00e3o de oito obras"},"content":{"rendered":"\n<figure class=\"wp-block-image size-large\"><img fetchpriority=\"high\" decoding=\"async\" width=\"1024\" height=\"683\" src=\"https:\/\/goias.gov.br\/educacao\/wp-content\/uploads\/sites\/40\/2026\/02\/WhatsApp-Image-2026-02-20-at-06.08.58-1-1024x683.jpeg\" alt=\"\" class=\"wp-image-693163\" srcset=\"https:\/\/goias.gov.br\/educacao\/wp-content\/uploads\/sites\/40\/2026\/02\/WhatsApp-Image-2026-02-20-at-06.08.58-1-1024x683.jpeg 1024w, https:\/\/goias.gov.br\/educacao\/wp-content\/uploads\/sites\/40\/2026\/02\/WhatsApp-Image-2026-02-20-at-06.08.58-1-300x200.jpeg 300w, https:\/\/goias.gov.br\/educacao\/wp-content\/uploads\/sites\/40\/2026\/02\/WhatsApp-Image-2026-02-20-at-06.08.58-1-768x512.jpeg 768w, https:\/\/goias.gov.br\/educacao\/wp-content\/uploads\/sites\/40\/2026\/02\/WhatsApp-Image-2026-02-20-at-06.08.58-1.jpeg 1296w\" sizes=\"(max-width: 1024px) 100vw, 1024px\" \/><\/figure>\n\n\n\n<p><em>Nova institui\u00e7\u00e3o de ensino se destaca por modelo arquitet\u00f4nico de excel\u00eancia. Edifica\u00e7\u00e3o prioriza o \u00a0conforto, a seguran\u00e7a e a qualidade de vida para alunos, professores e servidores<\/em><\/p>\n\n\n\n<p>O Governo de Goi\u00e1s segue avan\u00e7ando nos investimentos em educa\u00e7\u00e3o na regi\u00e3o do Entorno do Distrito Federal. Nesta quinta-feira (19\/02), foi entregue \u00e0 popula\u00e7\u00e3o de Novo Gama, mais um col\u00e9gio Padr\u00e3o S\u00e9culo XXI.<\/p>\n\n\n\n<p>A solenidade de inaugura\u00e7\u00e3o do Col\u00e9gio Estadual Alphaville Paiva contou com a presen\u00e7a da secret\u00e1ria de Estado da Educa\u00e7\u00e3o, F\u00e1tima Gavioli, que representou o governador Ronaldo Caiado no evento. Tamb\u00e9m participaram autoridades locais, estudantes, professores e representantes da comunidade escolar.<\/p>\n\n\n\n<p>O novo col\u00e9gio integra um arrojado programa de moderniza\u00e7\u00e3o da rede estadual de ensino, que come\u00e7ou a ser implantado em 2019 pelo governador Ronaldo Caiado. A proposta se destaca por oferecer infraestrutura ampla, moderna, segura e totalmente acess\u00edvel.<\/p>\n\n\n\n<p>Para a conclus\u00e3o do novo pr\u00e9dio, cuja obra esteve paralisada por mais de 15 anos, o Governo de Goi\u00e1s investiu R$ 6,3 milh\u00f5es. A edifica\u00e7\u00e3o conta com 12 salas de aula, laborat\u00f3rios de Ci\u00eancias e de Inform\u00e1tica, biblioteca, quadra esportiva coberta, cozinha com refeit\u00f3rio, sanit\u00e1rios e bloco administrativo completo.<\/p>\n\n\n\n<figure class=\"wp-block-gallery has-nested-images columns-default is-cropped wp-block-gallery-1 is-layout-flex wp-block-gallery-is-layout-flex\">\n<figure class=\"wp-block-image size-large\"><img decoding=\"async\" width=\"1024\" height=\"683\" data-id=\"693166\" src=\"https:\/\/goias.gov.br\/educacao\/wp-content\/uploads\/sites\/40\/2026\/02\/WhatsApp-Image-2026-02-20-at-06.09.00-3-1024x683.jpeg\" alt=\"\" class=\"wp-image-693166\" srcset=\"https:\/\/goias.gov.br\/educacao\/wp-content\/uploads\/sites\/40\/2026\/02\/WhatsApp-Image-2026-02-20-at-06.09.00-3-1024x683.jpeg 1024w, https:\/\/goias.gov.br\/educacao\/wp-content\/uploads\/sites\/40\/2026\/02\/WhatsApp-Image-2026-02-20-at-06.09.00-3-300x200.jpeg 300w, https:\/\/goias.gov.br\/educacao\/wp-content\/uploads\/sites\/40\/2026\/02\/WhatsApp-Image-2026-02-20-at-06.09.00-3-768x512.jpeg 768w, https:\/\/goias.gov.br\/educacao\/wp-content\/uploads\/sites\/40\/2026\/02\/WhatsApp-Image-2026-02-20-at-06.09.00-3.jpeg 1296w\" sizes=\"(max-width: 1024px) 100vw, 1024px\" \/><\/figure>\n\n\n\n<figure class=\"wp-block-image size-large\"><img decoding=\"async\" width=\"1024\" height=\"683\" data-id=\"693165\" src=\"https:\/\/goias.gov.br\/educacao\/wp-content\/uploads\/sites\/40\/2026\/02\/WhatsApp-Image-2026-02-20-at-06.09.01-2-1024x683.jpeg\" alt=\"\" class=\"wp-image-693165\" srcset=\"https:\/\/goias.gov.br\/educacao\/wp-content\/uploads\/sites\/40\/2026\/02\/WhatsApp-Image-2026-02-20-at-06.09.01-2-1024x683.jpeg 1024w, https:\/\/goias.gov.br\/educacao\/wp-content\/uploads\/sites\/40\/2026\/02\/WhatsApp-Image-2026-02-20-at-06.09.01-2-300x200.jpeg 300w, https:\/\/goias.gov.br\/educacao\/wp-content\/uploads\/sites\/40\/2026\/02\/WhatsApp-Image-2026-02-20-at-06.09.01-2-768x512.jpeg 768w, https:\/\/goias.gov.br\/educacao\/wp-content\/uploads\/sites\/40\/2026\/02\/WhatsApp-Image-2026-02-20-at-06.09.01-2.jpeg 1296w\" sizes=\"(max-width: 1024px) 100vw, 1024px\" \/><\/figure>\n\n\n\n<figure class=\"wp-block-image size-large\"><img loading=\"lazy\" decoding=\"async\" width=\"1024\" height=\"683\" data-id=\"693164\" src=\"https:\/\/goias.gov.br\/educacao\/wp-content\/uploads\/sites\/40\/2026\/02\/WhatsApp-Image-2026-02-20-at-06.09.01-1024x683.jpeg\" alt=\"\" class=\"wp-image-693164\" srcset=\"https:\/\/goias.gov.br\/educacao\/wp-content\/uploads\/sites\/40\/2026\/02\/WhatsApp-Image-2026-02-20-at-06.09.01-1024x683.jpeg 1024w, https:\/\/goias.gov.br\/educacao\/wp-content\/uploads\/sites\/40\/2026\/02\/WhatsApp-Image-2026-02-20-at-06.09.01-300x200.jpeg 300w, https:\/\/goias.gov.br\/educacao\/wp-content\/uploads\/sites\/40\/2026\/02\/WhatsApp-Image-2026-02-20-at-06.09.01-768x512.jpeg 768w, https:\/\/goias.gov.br\/educacao\/wp-content\/uploads\/sites\/40\/2026\/02\/WhatsApp-Image-2026-02-20-at-06.09.01.jpeg 1296w\" sizes=\"(max-width: 1024px) 100vw, 1024px\" \/><\/figure>\n<\/figure>\n\n\n\n<p><strong>Compromisso selado<\/strong><\/p>\n\n\n\n<p>Para a secret\u00e1ria de Educa\u00e7\u00e3o, professora F\u00e1tima Gavioli, a entrega do col\u00e9gio refor\u00e7a o compromisso da gest\u00e3o estadual com a melhoria da qualidade do ensino p\u00fablico. \u201cEssa inaugura\u00e7\u00e3o representa um importante avan\u00e7o ao ampliar o acesso da popula\u00e7\u00e3o a uma estrutura totalmente adequada ao processo de ensino-aprendizagem\u201d, comentou ela. \u00a0<\/p>\n\n\n\n<p>F\u00e1tima Gavioli salientou ainda que a atual gest\u00e3o j\u00e1 inaugurou dois col\u00e9gios Padr\u00e3o S\u00e9culo XXI no munic\u00edpio e atualmente mant\u00e9m oito obras em execu\u00e7\u00e3o na cidade, somando investimentos de mais de R$ 50 milh\u00f5es. \u201cEstamos concluindo novas unidades e executando reformas, amplia\u00e7\u00f5es e reconstru\u00e7\u00f5es para atender a demanda crescente dessa regi\u00e3o\u201d, acrescentou.<\/p>\n\n\n\n<p>Ao comentar o reajuste do Bolsa Estudo, concedido em dezembro de 2025, a secret\u00e1ria frisou que o programa atende 12.449 estudantes da rede estadual no munic\u00edpio, movimentando mais de R$ 1,7 milh\u00e3o todos os meses. \u201cE o melhor de tudo \u00e9 que esse dinheiro fica por aqui, gerando emprego, renda e desenvolvimento regional\u201d, salientou ela. <\/p>\n\n\n\n<figure class=\"wp-block-gallery has-nested-images columns-default is-cropped wp-block-gallery-2 is-layout-flex wp-block-gallery-is-layout-flex\">\n<figure class=\"wp-block-image size-large\"><img loading=\"lazy\" decoding=\"async\" width=\"1024\" height=\"683\" data-id=\"693168\" src=\"https:\/\/goias.gov.br\/educacao\/wp-content\/uploads\/sites\/40\/2026\/02\/WhatsApp-Image-2026-02-20-at-06.08.59-1-1024x683.jpeg\" alt=\"\" class=\"wp-image-693168\" srcset=\"https:\/\/goias.gov.br\/educacao\/wp-content\/uploads\/sites\/40\/2026\/02\/WhatsApp-Image-2026-02-20-at-06.08.59-1-1024x683.jpeg 1024w, https:\/\/goias.gov.br\/educacao\/wp-content\/uploads\/sites\/40\/2026\/02\/WhatsApp-Image-2026-02-20-at-06.08.59-1-300x200.jpeg 300w, https:\/\/goias.gov.br\/educacao\/wp-content\/uploads\/sites\/40\/2026\/02\/WhatsApp-Image-2026-02-20-at-06.08.59-1-768x512.jpeg 768w, https:\/\/goias.gov.br\/educacao\/wp-content\/uploads\/sites\/40\/2026\/02\/WhatsApp-Image-2026-02-20-at-06.08.59-1.jpeg 1296w\" sizes=\"(max-width: 1024px) 100vw, 1024px\" \/><\/figure>\n\n\n\n<figure class=\"wp-block-image size-large\"><img loading=\"lazy\" decoding=\"async\" width=\"1024\" height=\"683\" data-id=\"693167\" src=\"https:\/\/goias.gov.br\/educacao\/wp-content\/uploads\/sites\/40\/2026\/02\/WhatsApp-Image-2026-02-20-at-06.08.59-1024x683.jpeg\" alt=\"\" class=\"wp-image-693167\" srcset=\"https:\/\/goias.gov.br\/educacao\/wp-content\/uploads\/sites\/40\/2026\/02\/WhatsApp-Image-2026-02-20-at-06.08.59-1024x683.jpeg 1024w, https:\/\/goias.gov.br\/educacao\/wp-content\/uploads\/sites\/40\/2026\/02\/WhatsApp-Image-2026-02-20-at-06.08.59-300x200.jpeg 300w, https:\/\/goias.gov.br\/educacao\/wp-content\/uploads\/sites\/40\/2026\/02\/WhatsApp-Image-2026-02-20-at-06.08.59-768x512.jpeg 768w, https:\/\/goias.gov.br\/educacao\/wp-content\/uploads\/sites\/40\/2026\/02\/WhatsApp-Image-2026-02-20-at-06.08.59.jpeg 1296w\" sizes=\"(max-width: 1024px) 100vw, 1024px\" \/><\/figure>\n\n\n\n<figure class=\"wp-block-image size-large\"><img loading=\"lazy\" decoding=\"async\" width=\"1024\" height=\"683\" data-id=\"693169\" src=\"https:\/\/goias.gov.br\/educacao\/wp-content\/uploads\/sites\/40\/2026\/02\/WhatsApp-Image-2026-02-20-at-06.08.58-3-1024x683.jpeg\" alt=\"\" class=\"wp-image-693169\" srcset=\"https:\/\/goias.gov.br\/educacao\/wp-content\/uploads\/sites\/40\/2026\/02\/WhatsApp-Image-2026-02-20-at-06.08.58-3-1024x683.jpeg 1024w, https:\/\/goias.gov.br\/educacao\/wp-content\/uploads\/sites\/40\/2026\/02\/WhatsApp-Image-2026-02-20-at-06.08.58-3-300x200.jpeg 300w, https:\/\/goias.gov.br\/educacao\/wp-content\/uploads\/sites\/40\/2026\/02\/WhatsApp-Image-2026-02-20-at-06.08.58-3-768x512.jpeg 768w, https:\/\/goias.gov.br\/educacao\/wp-content\/uploads\/sites\/40\/2026\/02\/WhatsApp-Image-2026-02-20-at-06.08.58-3.jpeg 1296w\" sizes=\"(max-width: 1024px) 100vw, 1024px\" \/><\/figure>\n<\/figure>\n\n\n\n<p><strong>Legado para a hist\u00f3ria<\/strong><\/p>\n\n\n\n<p>A professora Maria da Guia N\u00f3brega, que responde pela gest\u00e3o do col\u00e9gio, elogiou o trabalho da secret\u00e1ria F\u00e1tima Gavioli e o compromisso do governador Ronaldo Caiado com a educa\u00e7\u00e3o. \u201cO trabalho de voc\u00eas \u00e9 exemplar. \u00c9 uma gest\u00e3o que vai al\u00e9m de n\u00fameros, relat\u00f3rios e metas e que demonstra sensibilidade, compromisso e vis\u00e3o de futuro&#8221;, disse. <\/p>\n\n\n\n<p>A gestora acrescentou ainda que os projetos e a\u00e7\u00f5es desenvolvidos e os programas implantados foram pensados com o prop\u00f3sito de garantir mais oportunidades, mais dignidade e mais esperan\u00e7a para os estudantes e suas fam\u00edlias. <\/p>\n\n\n\n<p>\u201cPor toda a contribui\u00e7\u00e3o dada pela senhora, em nome dessa comunidade escolar, deixo aqui o nosso muito obrigado por semear conhecimentos, por inspirar mudan\u00e7as e por transformar realidades. Seu legado permanecer\u00e1 vivo em cada sala de aula e, sobretudo, em cada aluno que teve sua trajet\u00f3ria tocada por seu trabalho\u201d, finalizou Maria da Guia. <\/p>\n\n\n\n<p><strong>Responsabilidade com a popula\u00e7\u00e3o<\/strong><\/p>\n\n\n\n<p>Carlinhos do Mang\u00e3o, prefeito de Novo Gama, lembrou que as obras do col\u00e9gio ficaram paralisadas por mais de 15 anos e a popula\u00e7\u00e3o do bairro j\u00e1 havia perdido as esperan\u00e7as de ver o pr\u00e9dio conclu\u00eddo. \u201cCansado de esperar a contrapartida da Uni\u00e3o, o Governo de Goi\u00e1s veio aqui, assumiu integralmente os custos dessa obra e concluiu o pr\u00e9dio\u201d.<\/p>\n\n\n\n<p>Segundo o prefeito, a inaugura\u00e7\u00e3o do col\u00e9gio representa um dia muito especial para a comunidade da regi\u00e3o que, a partir de agora, conta com uma institui\u00e7\u00e3o de ensino de excelente estrutura f\u00edsica e completamente equipada com o que h\u00e1 de melhor. <em>(Texto: Maria Jos\u00e9 Rodrigues \/ Fotos: Solimar de Oliveira)<\/em><\/p>\n\n\n\n<figure class=\"wp-block-gallery has-nested-images columns-default is-cropped wp-block-gallery-3 is-layout-flex wp-block-gallery-is-layout-flex\">\n<figure class=\"wp-block-image size-large\"><img loading=\"lazy\" decoding=\"async\" width=\"1024\" height=\"683\" data-id=\"693175\" src=\"https:\/\/goias.gov.br\/educacao\/wp-content\/uploads\/sites\/40\/2026\/02\/WhatsApp-Image-2026-02-20-at-06.09.00-2-1024x683.jpeg\" alt=\"\" class=\"wp-image-693175\" srcset=\"https:\/\/goias.gov.br\/educacao\/wp-content\/uploads\/sites\/40\/2026\/02\/WhatsApp-Image-2026-02-20-at-06.09.00-2-1024x683.jpeg 1024w, https:\/\/goias.gov.br\/educacao\/wp-content\/uploads\/sites\/40\/2026\/02\/WhatsApp-Image-2026-02-20-at-06.09.00-2-300x200.jpeg 300w, https:\/\/goias.gov.br\/educacao\/wp-content\/uploads\/sites\/40\/2026\/02\/WhatsApp-Image-2026-02-20-at-06.09.00-2-768x512.jpeg 768w, https:\/\/goias.gov.br\/educacao\/wp-content\/uploads\/sites\/40\/2026\/02\/WhatsApp-Image-2026-02-20-at-06.09.00-2.jpeg 1296w\" sizes=\"(max-width: 1024px) 100vw, 1024px\" \/><\/figure>\n\n\n\n<figure class=\"wp-block-image size-large\"><img loading=\"lazy\" decoding=\"async\" width=\"1024\" height=\"683\" data-id=\"693172\" src=\"https:\/\/goias.gov.br\/educacao\/wp-content\/uploads\/sites\/40\/2026\/02\/WhatsApp-Image-2026-02-20-at-06.09.00-1-1024x683.jpeg\" alt=\"\" class=\"wp-image-693172\" srcset=\"https:\/\/goias.gov.br\/educacao\/wp-content\/uploads\/sites\/40\/2026\/02\/WhatsApp-Image-2026-02-20-at-06.09.00-1-1024x683.jpeg 1024w, https:\/\/goias.gov.br\/educacao\/wp-content\/uploads\/sites\/40\/2026\/02\/WhatsApp-Image-2026-02-20-at-06.09.00-1-300x200.jpeg 300w, https:\/\/goias.gov.br\/educacao\/wp-content\/uploads\/sites\/40\/2026\/02\/WhatsApp-Image-2026-02-20-at-06.09.00-1-768x512.jpeg 768w, https:\/\/goias.gov.br\/educacao\/wp-content\/uploads\/sites\/40\/2026\/02\/WhatsApp-Image-2026-02-20-at-06.09.00-1.jpeg 1296w\" sizes=\"(max-width: 1024px) 100vw, 1024px\" \/><\/figure>\n\n\n\n<figure class=\"wp-block-image size-large\"><img loading=\"lazy\" decoding=\"async\" width=\"1024\" height=\"683\" data-id=\"693170\" src=\"https:\/\/goias.gov.br\/educacao\/wp-content\/uploads\/sites\/40\/2026\/02\/WhatsApp-Image-2026-02-20-at-06.09.00-1024x683.jpeg\" alt=\"\" class=\"wp-image-693170\" srcset=\"https:\/\/goias.gov.br\/educacao\/wp-content\/uploads\/sites\/40\/2026\/02\/WhatsApp-Image-2026-02-20-at-06.09.00-1024x683.jpeg 1024w, https:\/\/goias.gov.br\/educacao\/wp-content\/uploads\/sites\/40\/2026\/02\/WhatsApp-Image-2026-02-20-at-06.09.00-300x200.jpeg 300w, https:\/\/goias.gov.br\/educacao\/wp-content\/uploads\/sites\/40\/2026\/02\/WhatsApp-Image-2026-02-20-at-06.09.00-768x512.jpeg 768w, https:\/\/goias.gov.br\/educacao\/wp-content\/uploads\/sites\/40\/2026\/02\/WhatsApp-Image-2026-02-20-at-06.09.00.jpeg 1296w\" sizes=\"(max-width: 1024px) 100vw, 1024px\" \/><\/figure>\n\n\n\n<figure class=\"wp-block-image size-large\"><img loading=\"lazy\" decoding=\"async\" width=\"1024\" height=\"683\" data-id=\"693171\" src=\"https:\/\/goias.gov.br\/educacao\/wp-content\/uploads\/sites\/40\/2026\/02\/WhatsApp-Image-2026-02-20-at-06.08.59-3-1024x683.jpeg\" alt=\"\" class=\"wp-image-693171\" srcset=\"https:\/\/goias.gov.br\/educacao\/wp-content\/uploads\/sites\/40\/2026\/02\/WhatsApp-Image-2026-02-20-at-06.08.59-3-1024x683.jpeg 1024w, https:\/\/goias.gov.br\/educacao\/wp-content\/uploads\/sites\/40\/2026\/02\/WhatsApp-Image-2026-02-20-at-06.08.59-3-300x200.jpeg 300w, https:\/\/goias.gov.br\/educacao\/wp-content\/uploads\/sites\/40\/2026\/02\/WhatsApp-Image-2026-02-20-at-06.08.59-3-768x512.jpeg 768w, https:\/\/goias.gov.br\/educacao\/wp-content\/uploads\/sites\/40\/2026\/02\/WhatsApp-Image-2026-02-20-at-06.08.59-3.jpeg 1296w\" sizes=\"(max-width: 1024px) 100vw, 1024px\" \/><\/figure>\n\n\n\n<figure class=\"wp-block-image size-large\"><img loading=\"lazy\" decoding=\"async\" width=\"1024\" height=\"683\" data-id=\"693173\" src=\"https:\/\/goias.gov.br\/educacao\/wp-content\/uploads\/sites\/40\/2026\/02\/WhatsApp-Image-2026-02-20-at-06.08.59-2-1024x683.jpeg\" alt=\"\" class=\"wp-image-693173\" srcset=\"https:\/\/goias.gov.br\/educacao\/wp-content\/uploads\/sites\/40\/2026\/02\/WhatsApp-Image-2026-02-20-at-06.08.59-2-1024x683.jpeg 1024w, https:\/\/goias.gov.br\/educacao\/wp-content\/uploads\/sites\/40\/2026\/02\/WhatsApp-Image-2026-02-20-at-06.08.59-2-300x200.jpeg 300w, https:\/\/goias.gov.br\/educacao\/wp-content\/uploads\/sites\/40\/2026\/02\/WhatsApp-Image-2026-02-20-at-06.08.59-2-768x512.jpeg 768w, https:\/\/goias.gov.br\/educacao\/wp-content\/uploads\/sites\/40\/2026\/02\/WhatsApp-Image-2026-02-20-at-06.08.59-2.jpeg 1296w\" sizes=\"(max-width: 1024px) 100vw, 1024px\" \/><\/figure>\n\n\n\n<figure class=\"wp-block-image size-large\"><img loading=\"lazy\" decoding=\"async\" width=\"1024\" height=\"683\" data-id=\"693174\" src=\"https:\/\/goias.gov.br\/educacao\/wp-content\/uploads\/sites\/40\/2026\/02\/WhatsApp-Image-2026-02-20-at-06.08.59-1-1-1024x683.jpeg\" alt=\"\" class=\"wp-image-693174\" srcset=\"https:\/\/goias.gov.br\/educacao\/wp-content\/uploads\/sites\/40\/2026\/02\/WhatsApp-Image-2026-02-20-at-06.08.59-1-1-1024x683.jpeg 1024w, https:\/\/goias.gov.br\/educacao\/wp-content\/uploads\/sites\/40\/2026\/02\/WhatsApp-Image-2026-02-20-at-06.08.59-1-1-300x200.jpeg 300w, https:\/\/goias.gov.br\/educacao\/wp-content\/uploads\/sites\/40\/2026\/02\/WhatsApp-Image-2026-02-20-at-06.08.59-1-1-768x512.jpeg 768w, https:\/\/goias.gov.br\/educacao\/wp-content\/uploads\/sites\/40\/2026\/02\/WhatsApp-Image-2026-02-20-at-06.08.59-1-1.jpeg 1296w\" sizes=\"(max-width: 1024px) 100vw, 1024px\" \/><\/figure>\n<\/figure>\n\n\n\n<p><\/p>\n","protected":false},"excerpt":{"rendered":"<p>Nova institui\u00e7\u00e3o de ensino se destaca por modelo arquitet\u00f4nico de excel\u00eancia. Edifica\u00e7\u00e3o prioriza o \u00a0conforto, a seguran\u00e7a e a qualidade de vida para alunos, professores e servidores O Governo de Goi\u00e1s segue avan\u00e7ando nos investimentos em educa\u00e7\u00e3o na regi\u00e3o do Entorno do Distrito Federal. Nesta quinta-feira (19\/02), foi entregue \u00e0 popula\u00e7\u00e3o de Novo Gama, mais [&hellip;]<\/p>\n","protected":false},"author":459,"featured_media":693162,"comment_status":"closed","ping_status":"open","sticky":false,"template":"","format":"standard","meta":{"footnotes":""},"categories":[4801],"tags":[],"class_list":["post-693160","post","type-post","status-publish","format-standard","has-post-thumbnail","hentry","category-noticias"],"rttpg_featured_image_url":{"full":["https:\/\/goias.gov.br\/educacao\/wp-content\/uploads\/sites\/40\/2026\/02\/WhatsApp-Image-2026-02-20-at-06.08.58.jpeg",1296,864,false],"landscape":["https:\/\/goias.gov.br\/educacao\/wp-content\/uploads\/sites\/40\/2026\/02\/WhatsApp-Image-2026-02-20-at-06.08.58.jpeg",1296,864,false],"portraits":["https:\/\/goias.gov.br\/educacao\/wp-content\/uploads\/sites\/40\/2026\/02\/WhatsApp-Image-2026-02-20-at-06.08.58.jpeg",1296,864,false],"thumbnail":["https:\/\/goias.gov.br\/educacao\/wp-content\/uploads\/sites\/40\/2026\/02\/WhatsApp-Image-2026-02-20-at-06.08.58-150x150.jpeg",150,150,true],"medium":["https:\/\/goias.gov.br\/educacao\/wp-content\/uploads\/sites\/40\/2026\/02\/WhatsApp-Image-2026-02-20-at-06.08.58-300x200.jpeg",300,200,true],"large":["https:\/\/goias.gov.br\/educacao\/wp-content\/uploads\/sites\/40\/2026\/02\/WhatsApp-Image-2026-02-20-at-06.08.58-1024x683.jpeg",1024,683,true],"1536x1536":["https:\/\/goias.gov.br\/educacao\/wp-content\/uploads\/sites\/40\/2026\/02\/WhatsApp-Image-2026-02-20-at-06.08.58.jpeg",1296,864,false],"2048x2048":["https:\/\/goias.gov.br\/educacao\/wp-content\/uploads\/sites\/40\/2026\/02\/WhatsApp-Image-2026-02-20-at-06.08.58.jpeg",1296,864,false]},"rttpg_author":{"display_name":"mariajrodrigues","author_link":"https:\/\/goias.gov.br\/educacao\/author\/mariajrodrigues\/"},"rttpg_comment":0,"rttpg_category":"<a href=\"https:\/\/goias.gov.br\/educacao\/categoria\/noticias\/\" rel=\"category tag\">Not\u00edcias<\/a>","rttpg_excerpt":"Nova institui\u00e7\u00e3o de ensino se destaca por modelo arquitet\u00f4nico de excel\u00eancia. Edifica\u00e7\u00e3o prioriza o \u00a0conforto, a seguran\u00e7a e a qualidade de vida para alunos, professores e servidores O Governo de Goi\u00e1s segue avan\u00e7ando nos investimentos em educa\u00e7\u00e3o na regi\u00e3o do Entorno do Distrito Federal. Nesta quinta-feira (19\/02), foi entregue \u00e0 popula\u00e7\u00e3o de Novo Gama, mais&hellip;","_links":{"self":[{"href":"https:\/\/goias.gov.br\/educacao\/wp-json\/wp\/v2\/posts\/693160","targetHints":{"allow":["GET"]}}],"collection":[{"href":"https:\/\/goias.gov.br\/educacao\/wp-json\/wp\/v2\/posts"}],"about":[{"href":"https:\/\/goias.gov.br\/educacao\/wp-json\/wp\/v2\/types\/post"}],"author":[{"embeddable":true,"href":"https:\/\/goias.gov.br\/educacao\/wp-json\/wp\/v2\/users\/459"}],"replies":[{"embeddable":true,"href":"https:\/\/goias.gov.br\/educacao\/wp-json\/wp\/v2\/comments?post=693160"}],"version-history":[{"count":2,"href":"https:\/\/goias.gov.br\/educacao\/wp-json\/wp\/v2\/posts\/693160\/revisions"}],"predecessor-version":[{"id":693600,"href":"https:\/\/goias.gov.br\/educacao\/wp-json\/wp\/v2\/posts\/693160\/revisions\/693600"}],"wp:featuredmedia":[{"embeddable":true,"href":"https:\/\/goias.gov.br\/educacao\/wp-json\/wp\/v2\/media\/693162"}],"wp:attachment":[{"href":"https:\/\/goias.gov.br\/educacao\/wp-json\/wp\/v2\/media?parent=693160"}],"wp:term":[{"taxonomy":"category","embeddable":true,"href":"https:\/\/goias.gov.br\/educacao\/wp-json\/wp\/v2\/categories?post=693160"},{"taxonomy":"post_tag","embeddable":true,"href":"https:\/\/goias.gov.br\/educacao\/wp-json\/wp\/v2\/tags?post=693160"}],"curies":[{"name":"wp","href":"https:\/\/api.w.org\/{rel}","templated":true}]}}