

{"id":653825,"date":"2026-01-11T17:52:58","date_gmt":"2026-01-11T20:52:58","guid":{"rendered":"https:\/\/goias.gov.br\/educacao\/?p=653825"},"modified":"2026-01-11T17:52:58","modified_gmt":"2026-01-11T20:52:58","slug":"dileia-aparecida-silva-leite","status":"publish","type":"post","link":"https:\/\/goias.gov.br\/educacao\/dileia-aparecida-silva-leite\/","title":{"rendered":"Dileia Aparecida Silva Leite"},"content":{"rendered":"\n<p><strong>NOTA DE PESAR<\/strong><\/p>\n\n\n\n<p>A Secretaria de Estado da Educa\u00e7\u00e3o manifesta profundo pesar pelo falecimento de <strong>Dileia Aparecida Silva Leite<\/strong>.<\/p>\n\n\n\n<p>Servidora dedicada, Dileia atuava na educa\u00e7\u00e3o desde <strong>agosto de 1999<\/strong>, construindo uma trajet\u00f3ria marcada pelo compromisso, responsabilidade e respeito ao servi\u00e7o p\u00fablico.<\/p>\n\n\n\n<p>Dileia deixa o esposo, <strong>Jo\u00e3o Pereira Guimar\u00e3es<\/strong>, e os filhos <strong>Maria Clara Oliveira Leite<\/strong> e <strong>Luiz Felipe Pereira Leite<\/strong>. Seus pais s\u00e3o falecidos.<\/p>\n\n\n\n<p>Neste momento de dor, a Secretaria de Estado da Educa\u00e7\u00e3o se solidariza com os familiares, amigos e colegas de trabalho, expressando sinceras condol\u00eancias e desejando conforto e for\u00e7a para enfrentar esta perda irrepar\u00e1vel.<\/p>\n\n\n\n<p><strong>Secretaria de Estado da Educa\u00e7\u00e3o<\/strong><\/p>\n","protected":false},"excerpt":{"rendered":"<p>NOTA DE PESAR A Secretaria de Estado da Educa\u00e7\u00e3o manifesta profundo pesar pelo falecimento de Dileia Aparecida Silva Leite. Servidora dedicada, Dileia atuava na educa\u00e7\u00e3o desde agosto de 1999, construindo uma trajet\u00f3ria marcada pelo compromisso, responsabilidade e respeito ao servi\u00e7o p\u00fablico. Dileia deixa o esposo, Jo\u00e3o Pereira Guimar\u00e3es, e os filhos Maria Clara Oliveira Leite [&hellip;]<\/p>\n","protected":false},"author":458,"featured_media":0,"comment_status":"closed","ping_status":"open","sticky":false,"template":"","format":"standard","meta":{"footnotes":""},"categories":[4826],"tags":[],"class_list":["post-653825","post","type-post","status-publish","format-standard","hentry","category-nota-de-pesar"],"rttpg_featured_image_url":null,"rttpg_author":{"display_name":"marcleymatos","author_link":"https:\/\/goias.gov.br\/educacao\/author\/marcleymatos\/"},"rttpg_comment":0,"rttpg_category":"<a href=\"https:\/\/goias.gov.br\/educacao\/categoria\/nota-de-pesar\/\" rel=\"category tag\">Nota de pesar<\/a>","rttpg_excerpt":"NOTA DE PESAR A Secretaria de Estado da Educa\u00e7\u00e3o manifesta profundo pesar pelo falecimento de Dileia Aparecida Silva Leite. Servidora dedicada, Dileia atuava na educa\u00e7\u00e3o desde agosto de 1999, construindo uma trajet\u00f3ria marcada pelo compromisso, responsabilidade e respeito ao servi\u00e7o p\u00fablico. Dileia deixa o esposo, Jo\u00e3o Pereira Guimar\u00e3es, e os filhos Maria Clara Oliveira Leite&hellip;","_links":{"self":[{"href":"https:\/\/goias.gov.br\/educacao\/wp-json\/wp\/v2\/posts\/653825","targetHints":{"allow":["GET"]}}],"collection":[{"href":"https:\/\/goias.gov.br\/educacao\/wp-json\/wp\/v2\/posts"}],"about":[{"href":"https:\/\/goias.gov.br\/educacao\/wp-json\/wp\/v2\/types\/post"}],"author":[{"embeddable":true,"href":"https:\/\/goias.gov.br\/educacao\/wp-json\/wp\/v2\/users\/458"}],"replies":[{"embeddable":true,"href":"https:\/\/goias.gov.br\/educacao\/wp-json\/wp\/v2\/comments?post=653825"}],"version-history":[{"count":1,"href":"https:\/\/goias.gov.br\/educacao\/wp-json\/wp\/v2\/posts\/653825\/revisions"}],"predecessor-version":[{"id":653850,"href":"https:\/\/goias.gov.br\/educacao\/wp-json\/wp\/v2\/posts\/653825\/revisions\/653850"}],"wp:attachment":[{"href":"https:\/\/goias.gov.br\/educacao\/wp-json\/wp\/v2\/media?parent=653825"}],"wp:term":[{"taxonomy":"category","embeddable":true,"href":"https:\/\/goias.gov.br\/educacao\/wp-json\/wp\/v2\/categories?post=653825"},{"taxonomy":"post_tag","embeddable":true,"href":"https:\/\/goias.gov.br\/educacao\/wp-json\/wp\/v2\/tags?post=653825"}],"curies":[{"name":"wp","href":"https:\/\/api.w.org\/{rel}","templated":true}]}}