

{"id":625186,"date":"2025-11-12T14:19:10","date_gmt":"2025-11-12T17:19:10","guid":{"rendered":"https:\/\/goias.gov.br\/educacao\/?p=625186"},"modified":"2025-11-12T14:19:10","modified_gmt":"2025-11-12T17:19:10","slug":"carlene-cristina-galdino","status":"publish","type":"post","link":"https:\/\/goias.gov.br\/educacao\/carlene-cristina-galdino\/","title":{"rendered":"Carlene Cristina Galdino"},"content":{"rendered":"\n<p><strong>Nota de pesar<\/strong><\/p>\n\n\n\n<p>A Secretaria de Estado da Educa\u00e7\u00e3o de Goi\u00e1s (Seduc\/GO) lamenta, com profundo pesar, o falecimento da professora <strong>Carlene Cristina Galdino<\/strong><\/p>\n\n\n\n<p>Com <strong>21 anos dedicados \u00e0 educa\u00e7\u00e3o<\/strong>, Carlene deixou uma marca de amor, compromisso e inspira\u00e7\u00e3o por onde passou. Formada em <strong>Educa\u00e7\u00e3o F\u00edsica<\/strong>, ela era conhecida pelo sorriso constante, pela alegria contagiante e pela forma carinhosa com que acolhia seus alunos e colegas.<\/p>\n\n\n\n<p>Atuava no <strong>Col\u00e9gio Estadual Jo\u00e3o Netto de Campos<\/strong>, onde conquistou o respeito e o carinho de toda a comunidade escolar. Sua presen\u00e7a era sin\u00f4nimo de dedica\u00e7\u00e3o e entusiasmo em cada aula, em cada gesto, em cada palavra.<\/p>\n\n\n\n<p>Neste momento de profunda dor, a Seduc se une em solidariedade \u00e0 fam\u00edlia e aos amigos, especialmente ao <strong>esposo<\/strong>, \u00e0 <strong>filha Emanuelle Vit\u00f3ria<\/strong>, aluna da rede estadual, e \u00e0 <strong>m\u00e3e<\/strong> da professora Carlene.<\/p>\n\n\n\n<p>Que o exemplo de amor, generosidade e compromisso com a educa\u00e7\u00e3o deixado por ela permane\u00e7a vivo na mem\u00f3ria e no cora\u00e7\u00e3o de todos que tiveram o privil\u00e9gio de conhec\u00ea-la.<\/p>\n\n\n\n<p><strong>Secretaria de Estado da Educa\u00e7\u00e3o de Goi\u00e1s<\/strong><\/p>\n\n\n\n<figure class=\"wp-block-image size-large\"><img fetchpriority=\"high\" decoding=\"async\" width=\"691\" height=\"1024\" src=\"https:\/\/goias.gov.br\/educacao\/wp-content\/uploads\/sites\/40\/2025\/11\/WhatsApp-Image-2025-11-12-at-14.06.47-691x1024.jpeg\" alt=\"\" class=\"wp-image-625197\" srcset=\"https:\/\/goias.gov.br\/educacao\/wp-content\/uploads\/sites\/40\/2025\/11\/WhatsApp-Image-2025-11-12-at-14.06.47-691x1024.jpeg 691w, https:\/\/goias.gov.br\/educacao\/wp-content\/uploads\/sites\/40\/2025\/11\/WhatsApp-Image-2025-11-12-at-14.06.47-203x300.jpeg 203w, https:\/\/goias.gov.br\/educacao\/wp-content\/uploads\/sites\/40\/2025\/11\/WhatsApp-Image-2025-11-12-at-14.06.47-768x1138.jpeg 768w, https:\/\/goias.gov.br\/educacao\/wp-content\/uploads\/sites\/40\/2025\/11\/WhatsApp-Image-2025-11-12-at-14.06.47.jpeg 864w\" sizes=\"(max-width: 691px) 100vw, 691px\" \/><\/figure>\n","protected":false},"excerpt":{"rendered":"<p>Nota de pesar A Secretaria de Estado da Educa\u00e7\u00e3o de Goi\u00e1s (Seduc\/GO) lamenta, com profundo pesar, o falecimento da professora Carlene Cristina Galdino Com 21 anos dedicados \u00e0 educa\u00e7\u00e3o, Carlene deixou uma marca de amor, compromisso e inspira\u00e7\u00e3o por onde passou. Formada em Educa\u00e7\u00e3o F\u00edsica, ela era conhecida pelo sorriso constante, pela alegria contagiante e [&hellip;]<\/p>\n","protected":false},"author":458,"featured_media":0,"comment_status":"closed","ping_status":"open","sticky":false,"template":"","format":"standard","meta":{"footnotes":""},"categories":[4826],"tags":[],"class_list":["post-625186","post","type-post","status-publish","format-standard","hentry","category-nota-de-pesar"],"rttpg_featured_image_url":null,"rttpg_author":{"display_name":"marcleymatos","author_link":"https:\/\/goias.gov.br\/educacao\/author\/marcleymatos\/"},"rttpg_comment":0,"rttpg_category":"<a href=\"https:\/\/goias.gov.br\/educacao\/categoria\/nota-de-pesar\/\" rel=\"category tag\">Nota de pesar<\/a>","rttpg_excerpt":"Nota de pesar A Secretaria de Estado da Educa\u00e7\u00e3o de Goi\u00e1s (Seduc\/GO) lamenta, com profundo pesar, o falecimento da professora Carlene Cristina Galdino Com 21 anos dedicados \u00e0 educa\u00e7\u00e3o, Carlene deixou uma marca de amor, compromisso e inspira\u00e7\u00e3o por onde passou. Formada em Educa\u00e7\u00e3o F\u00edsica, ela era conhecida pelo sorriso constante, pela alegria contagiante e&hellip;","_links":{"self":[{"href":"https:\/\/goias.gov.br\/educacao\/wp-json\/wp\/v2\/posts\/625186","targetHints":{"allow":["GET"]}}],"collection":[{"href":"https:\/\/goias.gov.br\/educacao\/wp-json\/wp\/v2\/posts"}],"about":[{"href":"https:\/\/goias.gov.br\/educacao\/wp-json\/wp\/v2\/types\/post"}],"author":[{"embeddable":true,"href":"https:\/\/goias.gov.br\/educacao\/wp-json\/wp\/v2\/users\/458"}],"replies":[{"embeddable":true,"href":"https:\/\/goias.gov.br\/educacao\/wp-json\/wp\/v2\/comments?post=625186"}],"version-history":[{"count":1,"href":"https:\/\/goias.gov.br\/educacao\/wp-json\/wp\/v2\/posts\/625186\/revisions"}],"predecessor-version":[{"id":625202,"href":"https:\/\/goias.gov.br\/educacao\/wp-json\/wp\/v2\/posts\/625186\/revisions\/625202"}],"wp:attachment":[{"href":"https:\/\/goias.gov.br\/educacao\/wp-json\/wp\/v2\/media?parent=625186"}],"wp:term":[{"taxonomy":"category","embeddable":true,"href":"https:\/\/goias.gov.br\/educacao\/wp-json\/wp\/v2\/categories?post=625186"},{"taxonomy":"post_tag","embeddable":true,"href":"https:\/\/goias.gov.br\/educacao\/wp-json\/wp\/v2\/tags?post=625186"}],"curies":[{"name":"wp","href":"https:\/\/api.w.org\/{rel}","templated":true}]}}