

{"id":528889,"date":"2025-09-18T16:06:25","date_gmt":"2025-09-18T19:06:25","guid":{"rendered":"https:\/\/goias.gov.br\/educacao\/?p=528889"},"modified":"2025-09-18T16:06:27","modified_gmt":"2025-09-18T19:06:27","slug":"carminda-resende","status":"publish","type":"post","link":"https:\/\/goias.gov.br\/educacao\/carminda-resende\/","title":{"rendered":"Carminda Resende"},"content":{"rendered":"\n<p><strong>NOTA DE PESAR<\/strong><\/p>\n\n\n\n<p>A Secretaria de Estado da Educa\u00e7\u00e3o de Goi\u00e1s manifesta profundo pesar pelo falecimento da professora <strong>Carminda Resende<\/strong>, carinhosamente conhecida como <strong>Dona Carminda<\/strong>, ocorrido em decorr\u00eancia de <strong>complica\u00e7\u00f5es de sa\u00fade<\/strong>.<\/p>\n\n\n\n<p>Professora aposentada e <strong>ex-Subsecret\u00e1ria da Educa\u00e7\u00e3o de Goiatuba<\/strong>, Dona Carminda deixa uma hist\u00f3ria marcada pela dedica\u00e7\u00e3o ao ensino, pela lideran\u00e7a inspiradora e pelo compromisso com a educa\u00e7\u00e3o p\u00fablica goiana, contribuindo para a forma\u00e7\u00e3o de in\u00fameras gera\u00e7\u00f5es e para o fortalecimento da rede estadual de ensino.<\/p>\n\n\n\n<p>Neste momento de tristeza, a Seduc Goi\u00e1s se solidariza com seus <strong>filhos<\/strong>, demais familiares, amigos e toda a comunidade educacional que teve o privil\u00e9gio de compartilhar de sua conviv\u00eancia. Sua mem\u00f3ria permanecer\u00e1 como exemplo de amor, servi\u00e7o e compromisso com a educa\u00e7\u00e3o.<\/p>\n\n\n\n<figure class=\"wp-block-image size-full\"><img fetchpriority=\"high\" decoding=\"async\" width=\"918\" height=\"918\" src=\"https:\/\/goias.gov.br\/educacao\/wp-content\/uploads\/sites\/40\/2025\/09\/63f24018-3955-4c7d-b595-8087cb0a3bc4.jpg\" alt=\"\" class=\"wp-image-528903\" srcset=\"https:\/\/goias.gov.br\/educacao\/wp-content\/uploads\/sites\/40\/2025\/09\/63f24018-3955-4c7d-b595-8087cb0a3bc4.jpg 918w, https:\/\/goias.gov.br\/educacao\/wp-content\/uploads\/sites\/40\/2025\/09\/63f24018-3955-4c7d-b595-8087cb0a3bc4-300x300.jpg 300w, https:\/\/goias.gov.br\/educacao\/wp-content\/uploads\/sites\/40\/2025\/09\/63f24018-3955-4c7d-b595-8087cb0a3bc4-150x150.jpg 150w, https:\/\/goias.gov.br\/educacao\/wp-content\/uploads\/sites\/40\/2025\/09\/63f24018-3955-4c7d-b595-8087cb0a3bc4-768x768.jpg 768w\" sizes=\"(max-width: 918px) 100vw, 918px\" \/><\/figure>\n","protected":false},"excerpt":{"rendered":"<p>NOTA DE PESAR A Secretaria de Estado da Educa\u00e7\u00e3o de Goi\u00e1s manifesta profundo pesar pelo falecimento da professora Carminda Resende, carinhosamente conhecida como Dona Carminda, ocorrido em decorr\u00eancia de complica\u00e7\u00f5es de sa\u00fade. Professora aposentada e ex-Subsecret\u00e1ria da Educa\u00e7\u00e3o de Goiatuba, Dona Carminda deixa uma hist\u00f3ria marcada pela dedica\u00e7\u00e3o ao ensino, pela lideran\u00e7a inspiradora e pelo [&hellip;]<\/p>\n","protected":false},"author":458,"featured_media":0,"comment_status":"closed","ping_status":"open","sticky":false,"template":"","format":"standard","meta":{"footnotes":""},"categories":[4826],"tags":[],"class_list":["post-528889","post","type-post","status-publish","format-standard","hentry","category-nota-de-pesar"],"rttpg_featured_image_url":null,"rttpg_author":{"display_name":"marcleymatos","author_link":"https:\/\/goias.gov.br\/educacao\/author\/marcleymatos\/"},"rttpg_comment":0,"rttpg_category":"<a href=\"https:\/\/goias.gov.br\/educacao\/categoria\/nota-de-pesar\/\" rel=\"category tag\">Nota de pesar<\/a>","rttpg_excerpt":"NOTA DE PESAR A Secretaria de Estado da Educa\u00e7\u00e3o de Goi\u00e1s manifesta profundo pesar pelo falecimento da professora Carminda Resende, carinhosamente conhecida como Dona Carminda, ocorrido em decorr\u00eancia de complica\u00e7\u00f5es de sa\u00fade. Professora aposentada e ex-Subsecret\u00e1ria da Educa\u00e7\u00e3o de Goiatuba, Dona Carminda deixa uma hist\u00f3ria marcada pela dedica\u00e7\u00e3o ao ensino, pela lideran\u00e7a inspiradora e pelo&hellip;","_links":{"self":[{"href":"https:\/\/goias.gov.br\/educacao\/wp-json\/wp\/v2\/posts\/528889","targetHints":{"allow":["GET"]}}],"collection":[{"href":"https:\/\/goias.gov.br\/educacao\/wp-json\/wp\/v2\/posts"}],"about":[{"href":"https:\/\/goias.gov.br\/educacao\/wp-json\/wp\/v2\/types\/post"}],"author":[{"embeddable":true,"href":"https:\/\/goias.gov.br\/educacao\/wp-json\/wp\/v2\/users\/458"}],"replies":[{"embeddable":true,"href":"https:\/\/goias.gov.br\/educacao\/wp-json\/wp\/v2\/comments?post=528889"}],"version-history":[{"count":1,"href":"https:\/\/goias.gov.br\/educacao\/wp-json\/wp\/v2\/posts\/528889\/revisions"}],"predecessor-version":[{"id":528908,"href":"https:\/\/goias.gov.br\/educacao\/wp-json\/wp\/v2\/posts\/528889\/revisions\/528908"}],"wp:attachment":[{"href":"https:\/\/goias.gov.br\/educacao\/wp-json\/wp\/v2\/media?parent=528889"}],"wp:term":[{"taxonomy":"category","embeddable":true,"href":"https:\/\/goias.gov.br\/educacao\/wp-json\/wp\/v2\/categories?post=528889"},{"taxonomy":"post_tag","embeddable":true,"href":"https:\/\/goias.gov.br\/educacao\/wp-json\/wp\/v2\/tags?post=528889"}],"curies":[{"name":"wp","href":"https:\/\/api.w.org\/{rel}","templated":true}]}}