

{"id":528682,"date":"2025-09-17T18:54:00","date_gmt":"2025-09-17T21:54:00","guid":{"rendered":"https:\/\/goias.gov.br\/educacao\/?p=528682"},"modified":"2025-09-18T16:04:25","modified_gmt":"2025-09-18T19:04:25","slug":"maria-silia-lina-de-sousa-beine","status":"publish","type":"post","link":"https:\/\/goias.gov.br\/educacao\/maria-silia-lina-de-sousa-beine\/","title":{"rendered":"Maria Silia Lina de Sousa Beine"},"content":{"rendered":"\n<p><strong>NOTA DE PESAR<\/strong><\/p>\n\n\n\n<p>A Secretaria de Estado da Educa\u00e7\u00e3o de Goi\u00e1s manifesta profundo pesar pelo falecimento da professora <strong>Maria Silia Lina de Sousa Beine<\/strong>, ocorrido em decorr\u00eancia de <strong>c\u00e2ncer<\/strong>.<\/p>\n\n\n\n<p>Com <strong>32 anos de dedica\u00e7\u00e3o \u00e0 educa\u00e7\u00e3o p\u00fablica<\/strong>, Maria Silia atuava como professora efetiva da rede estadual e estava atualmente no <strong>CEPI Dr. Rubens Correa de Aguirre<\/strong>, em Aragar\u00e7as. Pedagoga por forma\u00e7\u00e3o, ela deixa um legado de compromisso, carinho e inspira\u00e7\u00e3o para gera\u00e7\u00f5es de estudantes, colegas e toda a comunidade escolar.<\/p>\n\n\n\n<p>Neste momento de dor, a Seduc Goi\u00e1s se solidariza com o <strong>esposo<\/strong>, os <strong>tr\u00eas filhos<\/strong>, familiares, amigos e todos que tiveram o privil\u00e9gio de conviver com Maria Silia. Sua trajet\u00f3ria permanecer\u00e1 como exemplo de amor pela educa\u00e7\u00e3o e de dedica\u00e7\u00e3o ao ensino p\u00fablico goiano.<\/p>\n\n\n\n<p>Que sua mem\u00f3ria seja sempre lembrada com respeito, gratid\u00e3o e afeto.<\/p>\n\n\n\n<figure class=\"wp-block-image size-large\"><img fetchpriority=\"high\" decoding=\"async\" width=\"819\" height=\"1024\" src=\"https:\/\/goias.gov.br\/educacao\/wp-content\/uploads\/sites\/40\/2025\/09\/WhatsApp-Image-2025-09-18-at-10.15.21-819x1024.jpeg\" alt=\"\" class=\"wp-image-528697\" srcset=\"https:\/\/goias.gov.br\/educacao\/wp-content\/uploads\/sites\/40\/2025\/09\/WhatsApp-Image-2025-09-18-at-10.15.21-819x1024.jpeg 819w, https:\/\/goias.gov.br\/educacao\/wp-content\/uploads\/sites\/40\/2025\/09\/WhatsApp-Image-2025-09-18-at-10.15.21-240x300.jpeg 240w, https:\/\/goias.gov.br\/educacao\/wp-content\/uploads\/sites\/40\/2025\/09\/WhatsApp-Image-2025-09-18-at-10.15.21-768x960.jpeg 768w, https:\/\/goias.gov.br\/educacao\/wp-content\/uploads\/sites\/40\/2025\/09\/WhatsApp-Image-2025-09-18-at-10.15.21.jpeg 1080w\" sizes=\"(max-width: 819px) 100vw, 819px\" \/><\/figure>\n","protected":false},"excerpt":{"rendered":"<p>NOTA DE PESAR A Secretaria de Estado da Educa\u00e7\u00e3o de Goi\u00e1s manifesta profundo pesar pelo falecimento da professora Maria Silia Lina de Sousa Beine, ocorrido em decorr\u00eancia de c\u00e2ncer. Com 32 anos de dedica\u00e7\u00e3o \u00e0 educa\u00e7\u00e3o p\u00fablica, Maria Silia atuava como professora efetiva da rede estadual e estava atualmente no CEPI Dr. Rubens Correa de [&hellip;]<\/p>\n","protected":false},"author":458,"featured_media":0,"comment_status":"closed","ping_status":"open","sticky":false,"template":"","format":"standard","meta":{"footnotes":""},"categories":[4826],"tags":[],"class_list":["post-528682","post","type-post","status-publish","format-standard","hentry","category-nota-de-pesar"],"rttpg_featured_image_url":null,"rttpg_author":{"display_name":"marcleymatos","author_link":"https:\/\/goias.gov.br\/educacao\/author\/marcleymatos\/"},"rttpg_comment":0,"rttpg_category":"<a href=\"https:\/\/goias.gov.br\/educacao\/categoria\/nota-de-pesar\/\" rel=\"category tag\">Nota de pesar<\/a>","rttpg_excerpt":"NOTA DE PESAR A Secretaria de Estado da Educa\u00e7\u00e3o de Goi\u00e1s manifesta profundo pesar pelo falecimento da professora Maria Silia Lina de Sousa Beine, ocorrido em decorr\u00eancia de c\u00e2ncer. Com 32 anos de dedica\u00e7\u00e3o \u00e0 educa\u00e7\u00e3o p\u00fablica, Maria Silia atuava como professora efetiva da rede estadual e estava atualmente no CEPI Dr. Rubens Correa de&hellip;","_links":{"self":[{"href":"https:\/\/goias.gov.br\/educacao\/wp-json\/wp\/v2\/posts\/528682","targetHints":{"allow":["GET"]}}],"collection":[{"href":"https:\/\/goias.gov.br\/educacao\/wp-json\/wp\/v2\/posts"}],"about":[{"href":"https:\/\/goias.gov.br\/educacao\/wp-json\/wp\/v2\/types\/post"}],"author":[{"embeddable":true,"href":"https:\/\/goias.gov.br\/educacao\/wp-json\/wp\/v2\/users\/458"}],"replies":[{"embeddable":true,"href":"https:\/\/goias.gov.br\/educacao\/wp-json\/wp\/v2\/comments?post=528682"}],"version-history":[{"count":1,"href":"https:\/\/goias.gov.br\/educacao\/wp-json\/wp\/v2\/posts\/528682\/revisions"}],"predecessor-version":[{"id":528706,"href":"https:\/\/goias.gov.br\/educacao\/wp-json\/wp\/v2\/posts\/528682\/revisions\/528706"}],"wp:attachment":[{"href":"https:\/\/goias.gov.br\/educacao\/wp-json\/wp\/v2\/media?parent=528682"}],"wp:term":[{"taxonomy":"category","embeddable":true,"href":"https:\/\/goias.gov.br\/educacao\/wp-json\/wp\/v2\/categories?post=528682"},{"taxonomy":"post_tag","embeddable":true,"href":"https:\/\/goias.gov.br\/educacao\/wp-json\/wp\/v2\/tags?post=528682"}],"curies":[{"name":"wp","href":"https:\/\/api.w.org\/{rel}","templated":true}]}}