

{"id":527175,"date":"2025-09-16T18:15:00","date_gmt":"2025-09-16T21:15:00","guid":{"rendered":"https:\/\/goias.gov.br\/educacao\/?p=527175"},"modified":"2025-09-17T07:57:09","modified_gmt":"2025-09-17T10:57:09","slug":"maria-jose-da-silva","status":"publish","type":"post","link":"https:\/\/goias.gov.br\/educacao\/maria-jose-da-silva\/","title":{"rendered":"Maria Jos\u00e9 da Silva"},"content":{"rendered":"\n<p><strong>NOTA DE PESAR<\/strong><\/p>\n\n\n\n<p>A Secretaria de Estado da Educa\u00e7\u00e3o de Goi\u00e1s manifesta profundo pesar pelo falecimento da professora <strong>Maria Jos\u00e9 da Silva<\/strong>, ocorrido em decorr\u00eancia de <strong>complica\u00e7\u00f5es durante uma cirurgia<\/strong>.<\/p>\n\n\n\n<p>Com <strong>25 anos de dedica\u00e7\u00e3o \u00e0 educa\u00e7\u00e3o<\/strong>, a professora Maria Jos\u00e9 atuava na \u00e1rea de <strong>L\u00edngua Portuguesa<\/strong>, sempre com compromisso e amor ao ensino, contribuindo de forma significativa para a forma\u00e7\u00e3o de gera\u00e7\u00f5es de estudantes. Atualmente, estava modulado no <strong>Col\u00e9gio Estadual Dom Fernando I<\/strong>, em Goi\u00e2nia, onde conquistou a admira\u00e7\u00e3o e o respeito de colegas, alunos e de toda a comunidade escolar.<\/p>\n\n\n\n<p>Sua trajet\u00f3ria \u00e9 marcada pelo zelo com a aprendizagem, pela paix\u00e3o em compartilhar conhecimento e pelo cuidado com cada estudante, deixando um legado de inspira\u00e7\u00e3o que continuar\u00e1 presente na mem\u00f3ria de todos que tiveram a oportunidade de conviver com ela.<\/p>\n\n\n\n<p>Neste momento de tristeza, a Seduc-GO se solidariza com seus <strong>irm\u00e3os, sobrinhos, familiares e amigos<\/strong>, desejando que encontrem conforto e for\u00e7a para enfrentar essa perda irrepar\u00e1vel.<\/p>\n\n\n\n<p><strong>Secretaria de Estado da Educa\u00e7\u00e3o de Goi\u00e1s<\/strong><\/p>\n\n\n\n<figure class=\"wp-block-image size-large\"><img fetchpriority=\"high\" decoding=\"async\" width=\"326\" height=\"1024\" src=\"https:\/\/goias.gov.br\/educacao\/wp-content\/uploads\/sites\/40\/2025\/09\/08691518-6e78-4d93-adf9-06b75251b1b2-326x1024.jpg\" alt=\"\" class=\"wp-image-527187\" srcset=\"https:\/\/goias.gov.br\/educacao\/wp-content\/uploads\/sites\/40\/2025\/09\/08691518-6e78-4d93-adf9-06b75251b1b2-326x1024.jpg 326w, https:\/\/goias.gov.br\/educacao\/wp-content\/uploads\/sites\/40\/2025\/09\/08691518-6e78-4d93-adf9-06b75251b1b2.jpg 407w\" sizes=\"(max-width: 326px) 100vw, 326px\" \/><\/figure>\n","protected":false},"excerpt":{"rendered":"<p>NOTA DE PESAR A Secretaria de Estado da Educa\u00e7\u00e3o de Goi\u00e1s manifesta profundo pesar pelo falecimento da professora Maria Jos\u00e9 da Silva, ocorrido em decorr\u00eancia de complica\u00e7\u00f5es durante uma cirurgia. Com 25 anos de dedica\u00e7\u00e3o \u00e0 educa\u00e7\u00e3o, a professora Maria Jos\u00e9 atuava na \u00e1rea de L\u00edngua Portuguesa, sempre com compromisso e amor ao ensino, contribuindo [&hellip;]<\/p>\n","protected":false},"author":458,"featured_media":0,"comment_status":"closed","ping_status":"open","sticky":false,"template":"","format":"standard","meta":{"footnotes":""},"categories":[4826],"tags":[],"class_list":["post-527175","post","type-post","status-publish","format-standard","hentry","category-nota-de-pesar"],"rttpg_featured_image_url":null,"rttpg_author":{"display_name":"marcleymatos","author_link":"https:\/\/goias.gov.br\/educacao\/author\/marcleymatos\/"},"rttpg_comment":0,"rttpg_category":"<a href=\"https:\/\/goias.gov.br\/educacao\/categoria\/nota-de-pesar\/\" rel=\"category tag\">Nota de pesar<\/a>","rttpg_excerpt":"NOTA DE PESAR A Secretaria de Estado da Educa\u00e7\u00e3o de Goi\u00e1s manifesta profundo pesar pelo falecimento da professora Maria Jos\u00e9 da Silva, ocorrido em decorr\u00eancia de complica\u00e7\u00f5es durante uma cirurgia. Com 25 anos de dedica\u00e7\u00e3o \u00e0 educa\u00e7\u00e3o, a professora Maria Jos\u00e9 atuava na \u00e1rea de L\u00edngua Portuguesa, sempre com compromisso e amor ao ensino, contribuindo&hellip;","_links":{"self":[{"href":"https:\/\/goias.gov.br\/educacao\/wp-json\/wp\/v2\/posts\/527175","targetHints":{"allow":["GET"]}}],"collection":[{"href":"https:\/\/goias.gov.br\/educacao\/wp-json\/wp\/v2\/posts"}],"about":[{"href":"https:\/\/goias.gov.br\/educacao\/wp-json\/wp\/v2\/types\/post"}],"author":[{"embeddable":true,"href":"https:\/\/goias.gov.br\/educacao\/wp-json\/wp\/v2\/users\/458"}],"replies":[{"embeddable":true,"href":"https:\/\/goias.gov.br\/educacao\/wp-json\/wp\/v2\/comments?post=527175"}],"version-history":[{"count":1,"href":"https:\/\/goias.gov.br\/educacao\/wp-json\/wp\/v2\/posts\/527175\/revisions"}],"predecessor-version":[{"id":527190,"href":"https:\/\/goias.gov.br\/educacao\/wp-json\/wp\/v2\/posts\/527175\/revisions\/527190"}],"wp:attachment":[{"href":"https:\/\/goias.gov.br\/educacao\/wp-json\/wp\/v2\/media?parent=527175"}],"wp:term":[{"taxonomy":"category","embeddable":true,"href":"https:\/\/goias.gov.br\/educacao\/wp-json\/wp\/v2\/categories?post=527175"},{"taxonomy":"post_tag","embeddable":true,"href":"https:\/\/goias.gov.br\/educacao\/wp-json\/wp\/v2\/tags?post=527175"}],"curies":[{"name":"wp","href":"https:\/\/api.w.org\/{rel}","templated":true}]}}