

{"id":502139,"date":"2025-07-24T16:04:32","date_gmt":"2025-07-24T19:04:32","guid":{"rendered":"https:\/\/goias.gov.br\/educacao\/?p=502139"},"modified":"2026-04-13T10:29:49","modified_gmt":"2026-04-13T13:29:49","slug":"plano-estadual-de-educacao","status":"publish","type":"post","link":"https:\/\/goias.gov.br\/educacao\/plano-estadual-de-educacao\/","title":{"rendered":"Plano Estadual de Educa\u00e7\u00e3o"},"content":{"rendered":"\n<figure class=\"wp-block-image size-large\"><img fetchpriority=\"high\" decoding=\"async\" width=\"1024\" height=\"245\" src=\"https:\/\/goias.gov.br\/educacao\/wp-content\/uploads\/sites\/40\/2025\/07\/banner-plano-estadual-de-educao-1920x460-1-1024x245.jpg\" alt=\"\" class=\"wp-image-502153\" srcset=\"https:\/\/goias.gov.br\/educacao\/wp-content\/uploads\/sites\/40\/2025\/07\/banner-plano-estadual-de-educao-1920x460-1-1024x245.jpg 1024w, https:\/\/goias.gov.br\/educacao\/wp-content\/uploads\/sites\/40\/2025\/07\/banner-plano-estadual-de-educao-1920x460-1-300x72.jpg 300w, https:\/\/goias.gov.br\/educacao\/wp-content\/uploads\/sites\/40\/2025\/07\/banner-plano-estadual-de-educao-1920x460-1-768x184.jpg 768w, https:\/\/goias.gov.br\/educacao\/wp-content\/uploads\/sites\/40\/2025\/07\/banner-plano-estadual-de-educao-1920x460-1-1536x368.jpg 1536w, https:\/\/goias.gov.br\/educacao\/wp-content\/uploads\/sites\/40\/2025\/07\/banner-plano-estadual-de-educao-1920x460-1.jpg 1920w\" sizes=\"(max-width: 1024px) 100vw, 1024px\" \/><\/figure>\n\n\n\n<h5 class=\"wp-block-heading has-medium-font-size\">O Plano Nacional de Educa\u00e7\u00e3o \u2013&nbsp;PNE \u2013&nbsp;foi institu\u00eddo pela Lei n.\u00ba 13.005, de 25 de junho de 2014, que determina as diretrizes, metas e estrat\u00e9gias para a pol\u00edtica educacional do pa\u00eds, no per\u00edodo de 2014 a 2024. Em decorr\u00eancia dessa Lei, os estados e munic\u00edpios elaboraram os respectivos planos de educa\u00e7\u00e3o, cujas metas e estrat\u00e9gias foram adequadas ao atendimento das realidades espec\u00edficas.<\/h5>\n\n\n\n<h5 class=\"wp-block-heading has-medium-font-size\">Nesse contexto, foi elaborado o Plano Estadual de Educa\u00e7\u00e3o de Goi\u00e1s \u2013 PEE \u2013&nbsp;em conson\u00e2ncia com o PNE. O PEE foi institu\u00eddo pela Lei n.\u00ba 18.969, de 22 de julho de 2015, para o dec\u00eanio 2015\/2025.<\/h5>\n\n\n\n<h5 class=\"wp-block-heading has-medium-font-size\">Conforme a Lei Complementar n.\u00ba 026, de 28 de dezembro de 1998, art. 6.\u00ba: \u201ca articula\u00e7\u00e3o e a coordena\u00e7\u00e3o do Plano Estadual de Educa\u00e7\u00e3o s\u00e3o exercidas pela Secretaria Estadual de Educa\u00e7\u00e3o, como \u00f3rg\u00e3o executivo e de coordena\u00e7\u00e3o, pelo Conselho Estadual de Educa\u00e7\u00e3o como \u00f3rg\u00e3o normativo, e pelo F\u00f3rum Estadual de Educa\u00e7\u00e3o como inst\u00e2ncia de consulta e de articula\u00e7\u00e3o com a sociedade\u201d. O in\u00edcio dos trabalhos da Secretaria de Estado da Educa\u00e7\u00e3o aconteceu a partir do ano de 2008.<\/h5>\n\n\n\n<h5 class=\"wp-block-heading has-medium-font-size\">A constitui\u00e7\u00e3o da primeira equipe de Coordena\u00e7\u00e3o do Plano Estadual de Educa\u00e7\u00e3o foi no ano de 2014, por meio da Portaria n.\u00ba 2156\/2014-GAB\/SEE, que, de acordo com o art. 4\u00ba, determinou as institui\u00e7\u00f5es respons\u00e1veis pelo monitoramento e as avalia\u00e7\u00f5es peri\u00f3dicas do Plano, como:<\/h5>\n\n\n\n<h5 class=\"wp-block-heading has-medium-font-size\">I&nbsp; \u2013 Secretaria de Estado de Educa\u00e7\u00e3o, Cultura e Esporte;<\/h5>\n\n\n\n<h5 class=\"wp-block-heading has-medium-font-size\">II \u2013 Comiss\u00e3o de Educa\u00e7\u00e3o, Cultura e Esporte da Assembleia Legislativa do Estado de Goi\u00e1s;<\/h5>\n\n\n\n<h5 class=\"wp-block-heading has-medium-font-size\">III \u2013 Conselho Estadual de Educa\u00e7\u00e3o \u2013 CEE;<\/h5>\n\n\n\n<h5 class=\"wp-block-heading has-medium-font-size\">IV \u2013 F\u00f3rum Estadual de Educa\u00e7\u00e3o \u2013 FEE.<\/h5>\n\n\n\n<h5 class=\"wp-block-heading has-medium-font-size\">Vale destacar que o PEE \u00e9 o documento orientador da pol\u00edtica educacional do Estado de Goi\u00e1s para um per\u00edodo de dez anos. Assim, a partir do diagn\u00f3stico do contexto educacional, foram estabelecidas as diretrizes, os objetivos e as metas para todos os n\u00edveis (Educa\u00e7\u00e3o B\u00e1sica e Educa\u00e7\u00e3o Superior).<\/h5>\n\n\n\n<h5 class=\"wp-block-heading has-medium-font-size\">Em rela\u00e7\u00e3o \u00e0 Educa\u00e7\u00e3o B\u00e1sica, o PEE abrange todas as etapas \u2013 Educa\u00e7\u00e3o Infantil, Ensino Fundamental e Ensino M\u00e9dio \u2013 e as modalidades de ensino \u2013 educa\u00e7\u00e3o especial, educa\u00e7\u00e3o de jovens e adultos, educa\u00e7\u00e3o a dist\u00e2ncia, educa\u00e7\u00e3o profissional e tecnol\u00f3gica e educa\u00e7\u00e3o quilombola, ind\u00edgena e do campo.<\/h5>\n\n\n\n<h5 class=\"wp-block-heading has-medium-font-size\">Portanto, o PEE foi planejado para garantir o acesso e a perman\u00eancia de estudantes nas escolas, a supera\u00e7\u00e3o das desigualdades educacionais, a universaliza\u00e7\u00e3o da alfabetiza\u00e7\u00e3o, a valoriza\u00e7\u00e3o da diversidade e a otimiza\u00e7\u00e3o dos \u00edndices da qualidade da educa\u00e7\u00e3o de Goi\u00e1s.<\/h5>\n\n\n\n<p><\/p>\n\n\n\n<div data-wp-context=\"{ &quot;autoclose&quot;: false, &quot;accordionItems&quot;: [] }\" data-wp-interactive=\"core\/accordion\" role=\"group\" class=\"wp-block-accordion is-layout-flow wp-block-accordion-is-layout-flow\">\n<div data-wp-class--is-open=\"state.isOpen\" data-wp-context=\"{ &quot;id&quot;: &quot;accordion-item-1&quot;, &quot;openByDefault&quot;: false }\" data-wp-init=\"callbacks.initAccordionItems\" data-wp-on-window--hashchange=\"callbacks.hashChange\" class=\"wp-block-accordion-item is-layout-flow wp-block-accordion-item-is-layout-flow\">\n<h3 class=\"wp-block-accordion-heading\"><button aria-expanded=\"false\" aria-controls=\"accordion-item-1-panel\" data-wp-bind--aria-expanded=\"state.isOpen\" data-wp-on--click=\"actions.toggle\" data-wp-on--keydown=\"actions.handleKeyDown\" id=\"accordion-item-1\" type=\"button\" class=\"wp-block-accordion-heading__toggle\"><span class=\"wp-block-accordion-heading__toggle-title\">Comiss\u00e3o Gestora Novo PEE\/GO<\/span><span class=\"wp-block-accordion-heading__toggle-icon\" aria-hidden=\"true\">+<\/span><\/button><\/h3>\n\n\n\n<div inert aria-labelledby=\"accordion-item-1\" data-wp-bind--inert=\"!state.isOpen\" id=\"accordion-item-1-panel\" role=\"region\" class=\"wp-block-accordion-panel is-layout-flow wp-block-accordion-panel-is-layout-flow\">\n<p><a href=\"https:\/\/goias.gov.br\/educacao\/wp-content\/uploads\/sites\/40\/2026\/03\/ATAS-2025.pdf\">ATAS -2025<\/a><\/p>\n\n\n\n<p><a href=\"https:\/\/goias.gov.br\/educacao\/wp-content\/uploads\/sites\/40\/2026\/03\/SEI_76299163_Portaria_3198-1.pdf\">PORTARIA N\u00ba 3198<\/a><\/p>\n\n\n\n<p><a href=\"https:\/\/goias.gov.br\/educacao\/wp-content\/uploads\/sites\/40\/2026\/03\/SEI_87222466_Portaria_1617-2.pdf\">Portaria n\u00ba 1617\/2026<\/a><\/p>\n\n\n\n<p><a href=\"https:\/\/goias.gov.br\/educacao\/wp-content\/uploads\/sites\/40\/2026\/04\/Portaria-2437-e-publicacao.pdf\">Portaria n\u00b02437<\/a><\/p>\n<\/div>\n<\/div>\n<\/div>\n\n\n\n<iframe src='https:\/\/app.powerbi.com\/view?r=eyJrIjoiZDk4MmE1MTMtYjNiOC00OTc2LTlkODgtY2ExODlkOGE0OWYzIiwidCI6IjY3ZTU5MmYxLTk2ODEtNDI5YS1iYWE5LTk1MDhmZGZkNzc4MCJ9' style='border:none;width:100%;height:800px ; margin-bottom:30px;'><\/iframe>\n\n\n\n<table class=\"planilhaview display\" style=\"width:100%\"><thead><tr><th>Tipo de Instrumento<\/th><th>Poder<\/th><th>Data<\/th><th>Objeto<\/th><th>Part\u00edcipes<\/th><th><\/th><\/tr><tr><th><input type=\"text\" placeholder=\"Filtrar Tipo de Instrumento\"><\/th><th><input type=\"text\" placeholder=\"Filtrar Poder\"><\/th><th><input type=\"text\" placeholder=\"Filtrar Data\"><\/th><th><input type=\"text\" placeholder=\"Filtrar Objeto\"><\/th><th><input type=\"text\" placeholder=\"Filtrar Part\u00edcipes\"><\/th><th><input type=\"text\" placeholder=\"Filtrar \"><\/th><\/tr><\/thead><tbody><tr><td style=\"color: #000000; background-color: #FFFFFF;\">Lei Estadual n\u00b0. 18.969<\/td><td style=\"color: #000000; background-color: #FFFFFF;\">Executivo<\/td><td style=\"color: #000000; background-color: #FFFFFF;\">22\/07\/2015<\/td><td style=\"color: #000000; background-color: #FFFFFF;\">Plano Estadual de Educa\u00e7\u00e3o \u2013PEE\u2013 para o dec\u00eanio 2015\/2025<\/td><td style=\"color: #467886; background-color: #FFFFFF;text-decoration: underline;\"><a href=\"https:\/\/goias.gov.br\/educacao\/wp-content\/uploads\/sites\/40\/2024\/04\/PLANO-ESTADUAL-DE-EDUCACAO-PEE-2015-2025-1-c19.pdf\" target=\"_blank\">https:\/\/goias.gov.br\/educacao\/wp-content\/uploads\/sites\/40\/2024\/04\/PLANO-ESTADUAL-DE-EDUCACAO-PEE-2015-2025-1-c19.pdf<\/a><\/td><td style=\"color: #000000; background-color: #FFFFFF;\"><\/td><\/tr><tr><td style=\"color: #000000; background-color: #FFFFFF;\">Lei Federal n\u00b0. 13.005<\/td><td style=\"color: #000000; background-color: #FFFFFF;\">Executivo<\/td><td style=\"color: #000000; background-color: #FFFFFF;\">25\/06\/2014<\/td><td style=\"color: #000000; background-color: #FFFFFF;\"> Plano Nacional de Educa\u00e7\u00e3o - PNE, com vig\u00eancia por 10 (dez) anos<\/td><td style=\"color: #467886; background-color: #FFFFFF;text-decoration: underline;\"><a href=\"https:\/\/goias.gov.br\/educacao\/wp-content\/uploads\/sites\/40\/2024\/04\/Plano-Nacional-de-Educacao-LEi-no-13.005-2014-1-1.pdf\" target=\"_blank\">https:\/\/goias.gov.br\/educacao\/wp-content\/uploads\/sites\/40\/2024\/04\/Plano-Nacional-de-Educacao-LEi-no-13.005-2014-1-1.pdf<\/a><\/td><td style=\"color: #000000; background-color: #FFFFFF;\"><\/td><\/tr><tr><td style=\"color: #000000; background-color: #FFFFFF;\">Lei Complementar n\u00b0. 026<\/td><td style=\"color: #000000; background-color: #FFFFFF;\">Executivo<\/td><td style=\"color: #000000; background-color: #FFFFFF;\">28\/12\/1998<\/td><td style=\"color: #000000; background-color: #FFFFFF;\">Estabelece  as diretrizes e bases do Sistema Educativo do Estado de Goi\u00e1s<\/td><td style=\"color: #467886; background-color: #FFFFFF;text-decoration: underline;\"><a href=\"https:\/\/goias.gov.br\/educacao\/wp-content\/uploads\/sites\/40\/2024\/04\/Lei-Complementar-n\u00b0-026-_-1998-1.pdf\" target=\"_blank\">https:\/\/goias.gov.br\/educacao\/wp-content\/uploads\/sites\/40\/2024\/04\/Lei-Complementar-n\u00b0-026-_-1998-1.pdf<\/a><\/td><td style=\"color: #000000; background-color: #FFFFFF;\"><\/td><\/tr><tr><td style=\"color: #000000; background-color: #FFFFFF;\">Portaria n\u00b0. 1102<\/td><td style=\"color: #000000; background-color: #FFFFFF;\">SEDUC<\/td><td style=\"color: #000000; background-color: #FFFFFF;\">27\/04\/2015<\/td><td style=\"color: #000000; background-color: #FFFFFF;\">Revoga Portaria n\u00b0. 0209\/2015 e Constitui Comiss\u00e3o para a Avalia\u00e7\u00e3o e Adequa\u00e7\u00e3o do Plano Estadual de Educa\u00e7\u00e3o 2008\/2017<\/td><td style=\"color: #467886; background-color: #FFFFFF;text-decoration: underline;\"><a href=\"https:\/\/goias.gov.br\/educacao\/wp-content\/uploads\/sites\/40\/2019\/08\/2015-Portaria-1102-15-GAB-SEDUCE-COM-P-AVALIACAO-DO-PLANO-EST-EDUC-ed6.pdf\" target=\"_blank\">https:\/\/goias.gov.br\/educacao\/wp-content\/uploads\/sites\/40\/2019\/08\/2015-Portaria-1102-15-GAB-SEDUCE-COM-P-AVALIACAO-DO-PLANO-EST-EDUC-ed6.pdf<\/a><\/td><td style=\"color: #000000; background-color: #FFFFFF;\"><\/td><\/tr><tr><td style=\"color: #000000; background-color: #FFFFFF;\">Portaria n\u00b0. 4173<\/td><td style=\"color: #000000; background-color: #FFFFFF;\">SEDUC<\/td><td style=\"color: #000000; background-color: #FFFFFF;\">29\/11\/2016<\/td><td style=\"color: #000000; background-color: #FFFFFF;\">Designa servidor para coordena\u00e7\u00e3o dos trabalhos de monitoramento e avalia\u00e7\u00e3o da execu\u00e7\u00e3o do Plano Estadual de Educa\u00e7\u00e3o - 2015\/2025<\/td><td style=\"color: #467886; background-color: #FFFFFF;text-decoration: underline;\"><a href=\"https:\/\/goias.gov.br\/educacao\/wp-content\/uploads\/sites\/40\/2019\/08\/2016-PORTARIA-4173-16-GAB-SEDUCE-DESIGNA-FAGUNDES-PEE-588.pdf\" target=\"_blank\">https:\/\/goias.gov.br\/educacao\/wp-content\/uploads\/sites\/40\/2019\/08\/2016-PORTARIA-4173-16-GAB-SEDUCE-DESIGNA-FAGUNDES-PEE-588.pdf<\/a><\/td><td style=\"color: #000000; background-color: #FFFFFF;\"><\/td><\/tr><tr><td style=\"color: #000000; background-color: #FFFFFF;\">Portaria n\u00b0. 0204<\/td><td style=\"color: #000000; background-color: #FFFFFF;\">SEDUC<\/td><td style=\"color: #000000; background-color: #FFFFFF;\">25\/01\/2017<\/td><td style=\"color: #000000; background-color: #FFFFFF;\">Constitui Comiss\u00e3o T\u00e9cnica do Monitoramento e Avalia\u00e7\u00e3o do Plano Estadual de Educa\u00e7\u00e3o - PEE 2015\/2025<\/td><td style=\"color: #467886; background-color: #FFFFFF;text-decoration: underline;\"><a href=\"https:\/\/goias.gov.br\/educacao\/wp-content\/uploads\/sites\/40\/2019\/08\/2017-1-PORTARIA-0204-17-GAB-SEDUCE-COMISSAO-TECNICA-PEE-2015-25-133.pdf\" target=\"_blank\">https:\/\/goias.gov.br\/educacao\/wp-content\/uploads\/sites\/40\/2019\/08\/2017-1-PORTARIA-0204-17-GAB-SEDUCE-COMISSAO-TECNICA-PEE-2015-25-133.pdf<\/a><\/td><td style=\"color: #000000; background-color: #FFFFFF;\"><\/td><\/tr><tr><td style=\"color: #000000; background-color: #FFFFFF;\">Portaria n\u00b0. 0205<\/td><td style=\"color: #000000; background-color: #FFFFFF;\">SEDUC<\/td><td style=\"color: #000000; background-color: #FFFFFF;\">25\/01\/2017<\/td><td style=\"color: #000000; background-color: #FFFFFF;\">Constitui Comiss\u00e3o Coordenadora do Monitoramento e Avalia\u00e7\u00e3o do Plano Estadual de Educa\u00e7\u00e3o - 2015\/2025<\/td><td style=\"color: #467886; background-color: #FFFFFF;text-decoration: underline;\"><a href=\"https:\/\/goias.gov.br\/educacao\/wp-content\/uploads\/sites\/40\/2019\/08\/2017-2-PORTARIA-0205-17-GAB-SEDUCE-COMISSAO-COORDENADORA-PEE-2015-2025-837.pdf\" target=\"_blank\">https:\/\/goias.gov.br\/educacao\/wp-content\/uploads\/sites\/40\/2019\/08\/2017-2-PORTARIA-0205-17-GAB-SEDUCE-COMISSAO-COORDENADORA-PEE-2015-2025-837.pdf<\/a><\/td><td style=\"color: #000000; background-color: #FFFFFF;\"><\/td><\/tr><tr><td style=\"color: #000000; background-color: #FFFFFF;\">Portaria n\u00b0. 0209<\/td><td style=\"color: #000000; background-color: #FFFFFF;\">SEDUC<\/td><td style=\"color: #000000; background-color: #FFFFFF;\">06\/02\/2015<\/td><td style=\"color: #000000; background-color: #FFFFFF;\">Revoga Portaria n\u00b0. 2157\/2014 e Constitui Comiss\u00e3o para Avalia\u00e7\u00e3o do Plano Estadual do Dec\u00eanio - PEE 2008\/2017<\/td><td style=\"color: #467886; background-color: #FFFFFF;text-decoration: underline;\"><a href=\"https:\/\/goias.gov.br\/educacao\/wp-content\/uploads\/sites\/40\/2019\/08\/2017-3-Portaria-0209-15-GAB-SEDUCE-AVALIACAO-DO-PLANO-EST-EDUCACAO-c48.pdf\" target=\"_blank\">https:\/\/goias.gov.br\/educacao\/wp-content\/uploads\/sites\/40\/2019\/08\/2017-3-Portaria-0209-15-GAB-SEDUCE-AVALIACAO-DO-PLANO-EST-EDUCACAO-c48.pdf<\/a><\/td><td style=\"color: #000000; background-color: #FFFFFF;\"><\/td><\/tr><tr><td style=\"color: #000000; background-color: #FFFFFF;\">Portaria n\u00b0. 0683<\/td><td style=\"color: #000000; background-color: #FFFFFF;\">SEDUC<\/td><td style=\"color: #000000; background-color: #FFFFFF;\">22\/02\/2017<\/td><td style=\"color: #000000; background-color: #FFFFFF;\">Torna sem efeito o inteiro teor da Portaria n\u00ba. 0204\/2017-GAB\/SEDUCE<\/td><td style=\"color: #467886; background-color: #FFFFFF;text-decoration: underline;\"><a href=\"https:\/\/goias.gov.br\/educacao\/wp-content\/uploads\/sites\/40\/2019\/08\/2017-4-PORTARIA-0683-17-GAB-SEDUCE-TORNAR-SEM-EFEITO-PORT-0204-17-454.pdf\" target=\"_blank\">https:\/\/goias.gov.br\/educacao\/wp-content\/uploads\/sites\/40\/2019\/08\/2017-4-PORTARIA-0683-17-GAB-SEDUCE-TORNAR-SEM-EFEITO-PORT-0204-17-454.pdf<\/a><\/td><td style=\"color: #000000; background-color: #FFFFFF;\"><\/td><\/tr><tr><td style=\"color: #000000; background-color: #FFFFFF;\">Portaria n\u00b0. 0697<\/td><td style=\"color: #000000; background-color: #FFFFFF;\">SEDUC<\/td><td style=\"color: #000000; background-color: #FFFFFF;\">22\/02\/2017<\/td><td style=\"color: #000000; background-color: #FFFFFF;\">Revoga Portaria n\u00b0. 4173 e Designa servidor para a coordena\u00e7\u00e3o dos trabalhos de monitoramento e avalia\u00e7\u00e3o da execu\u00e7\u00e3o do Plano Estadual de Educa\u00e7\u00e3o - 2015\/2025<\/td><td style=\"color: #467886; background-color: #FFFFFF;text-decoration: underline;\"><a href=\"https:\/\/goias.gov.br\/educacao\/wp-content\/uploads\/sites\/40\/2019\/08\/2017-5-PORTARIA-0697-17-GAB-SEDUCE-REVOGAR-PORT-4173-16-E-DESIGNAR-MARCIA-ROCHA-COORD-PEE-aa8.pdf\" target=\"_blank\">https:\/\/goias.gov.br\/educacao\/wp-content\/uploads\/sites\/40\/2019\/08\/2017-5-PORTARIA-0697-17-GAB-SEDUCE-REVOGAR-PORT-4173-16-E-DESIGNAR-MARCIA-ROCHA-COORD-PEE-aa8.pdf<\/a><\/td><td style=\"color: #000000; background-color: #FFFFFF;\"><\/td><\/tr><tr><td style=\"color: #000000; background-color: #FFFFFF;\">Portaria n\u00b0. 1475<\/td><td style=\"color: #000000; background-color: #FFFFFF;\">SEDUC<\/td><td style=\"color: #000000; background-color: #FFFFFF;\">03\/05\/2017<\/td><td style=\"color: #000000; background-color: #FFFFFF;\">Revoga Portaria n\u00b0. 204\/2017 e Constitui Comiss\u00e3o T\u00e9cnica do Monitoramento e Avalia\u00e7\u00e3o do Plano Estadual de Educa\u00e7\u00e3o - PEE 2015\/2025<\/td><td style=\"color: #467886; background-color: #FFFFFF;text-decoration: underline;\"><a href=\"https:\/\/goias.gov.br\/educacao\/wp-content\/uploads\/sites\/40\/2019\/08\/2017-6-PORTARIA-1475-17-GAB-SEDUCE-COMISSAO-AVALIACAO-PLANO-EST-EDUCACAO-92e.pdf\" target=\"_blank\">https:\/\/goias.gov.br\/educacao\/wp-content\/uploads\/sites\/40\/2019\/08\/2017-6-PORTARIA-1475-17-GAB-SEDUCE-COMISSAO-AVALIACAO-PLANO-EST-EDUCACAO-92e.pdf<\/a><\/td><td style=\"color: #000000; background-color: #FFFFFF;\"><\/td><\/tr><tr><td style=\"color: #000000; background-color: #FFFFFF;\">Portaria n\u00b0. 1293<\/td><td style=\"color: #000000; background-color: #FFFFFF;\">SEDUC<\/td><td style=\"color: #000000; background-color: #FFFFFF;\">04\/04\/2019<\/td><td style=\"color: #000000; background-color: #FFFFFF;\">Designa servidor para coordena\u00e7\u00e3o dos trabalhos de monitoramento e avalia\u00e7\u00e3o da execu\u00e7\u00e3o do Plano Estadual de Educa\u00e7\u00e3o - 2015\/2025<\/td><td style=\"color: #467886; background-color: #FFFFFF;text-decoration: underline;\"><a href=\"https:\/\/goias.gov.br\/educacao\/wp-content\/uploads\/sites\/40\/2019\/08\/2019-1-PORTARIA-1293-19-GAB-SEDUC-DESIGNAR-KEZIA-CLAUDIA-DA-CRUZ-PLANO-EST-EDUCACAO-2015-2025-201900006015491-c0a.pdf\" target=\"_blank\">https:\/\/goias.gov.br\/educacao\/wp-content\/uploads\/sites\/40\/2019\/08\/2019-1-PORTARIA-1293-19-GAB-SEDUC-DESIGNAR-KEZIA-CLAUDIA-DA-CRUZ-PLANO-EST-EDUCACAO-2015-2025-201900006015491-c0a.pdf<\/a><\/td><td style=\"color: #000000; background-color: #FFFFFF;\"><\/td><\/tr><tr><td style=\"color: #000000; background-color: #FFFFFF;\">Portaria n\u00b0. 1476<\/td><td style=\"color: #000000; background-color: #FFFFFF;\">SEDUC<\/td><td style=\"color: #000000; background-color: #FFFFFF;\">12\/04\/2019<\/td><td style=\"color: #000000; background-color: #FFFFFF;\">Designa servidor para a coordena\u00e7\u00e3o dos trabalhos de monitoramento e avalia\u00e7\u00e3o da execu\u00e7\u00e3o do Plano Estadual de Educa\u00e7\u00e3o - 2015\/2025<\/td><td style=\"color: #467886; background-color: #FFFFFF;text-decoration: underline;\"><a href=\"https:\/\/goias.gov.br\/educacao\/wp-content\/uploads\/sites\/40\/2019\/08\/2019-2-Nomeacao-Coordenadora-PEE-2019-2ee.pdf\" target=\"_blank\">https:\/\/goias.gov.br\/educacao\/wp-content\/uploads\/sites\/40\/2019\/08\/2019-2-Nomeacao-Coordenadora-PEE-2019-2ee.pdf<\/a><\/td><td style=\"color: #000000; background-color: #FFFFFF;\"><\/td><\/tr><tr><td style=\"color: #000000; background-color: #FFFFFF;\">Portaria n\u00b0. 2022<\/td><td style=\"color: #000000; background-color: #FFFFFF;\">SEDUC<\/td><td style=\"color: #000000; background-color: #FFFFFF;\">20\/05\/2019<\/td><td style=\"color: #000000; background-color: #FFFFFF;\">Constitui Comiss\u00e3o Coordenadora do Monitoramento e Avalia\u00e7\u00e3o do Plano Estadual de Educa\u00e7\u00e3o - 2015\/2025<\/td><td style=\"color: #467886; background-color: #FFFFFF;text-decoration: underline;\"><a href=\"https:\/\/goias.gov.br\/educacao\/wp-content\/uploads\/sites\/40\/2019\/08\/2019-3-Portaria-Comissao-Coordenadora-1-95d.pdf\" target=\"_blank\">https:\/\/goias.gov.br\/educacao\/wp-content\/uploads\/sites\/40\/2019\/08\/2019-3-Portaria-Comissao-Coordenadora-1-95d.pdf<\/a><\/td><td style=\"color: #000000; background-color: #FFFFFF;\"><\/td><\/tr><tr><td style=\"color: #000000; background-color: #FFFFFF;\">Portaria n\u00b0. 3654<\/td><td style=\"color: #000000; background-color: #FFFFFF;\">SEDUC<\/td><td style=\"color: #000000; background-color: #FFFFFF;\">09\/11\/2020<\/td><td style=\"color: #000000; background-color: #FFFFFF;\">Constitui Comiss\u00e3o T\u00e9cnica do Monitoramento e Avalia\u00e7\u00e3o do Plano Estadual de Educa\u00e7\u00e3o PEE, da Secretaria de Estado da Educa\u00e7\u00e3o - SEDUC, para o acompanhamento, monitoramento e execu\u00e7\u00e3o do PEE\/GO, no \u00e2mbito da SEDUC. <\/td><td style=\"color: #467886; background-color: #FFFFFF;text-decoration: underline;\"><a href=\"https:\/\/goias.gov.br\/educacao\/wp-content\/uploads\/sites\/40\/2019\/08\/SEI_GOVERNADORIA-000016410651-Portaria-03c.pdf\" target=\"_blank\">https:\/\/goias.gov.br\/educacao\/wp-content\/uploads\/sites\/40\/2019\/08\/SEI_GOVERNADORIA-000016410651-Portaria-03c.pdf<\/a><\/td><td style=\"color: #000000; background-color: #FFFFFF;\"><\/td><\/tr><tr><td style=\"color: #000000; background-color: #FFFFFF;\">Portaria n\u00b0. 5450<\/td><td style=\"color: #000000; background-color: #FFFFFF;\">SEDUC<\/td><td style=\"color: #000000; background-color: #FFFFFF;\">11\/11\/2022<\/td><td style=\"color: #000000; background-color: #FFFFFF;\">Constitui nova Comiss\u00e3o T\u00e9cnica de Monitoramento e Avalia\u00e7\u00e3o do Plano Estadual de Educa\u00e7\u00e3o - PEE, para o acompanhamento, monitoramento e execu\u00e7\u00e3o do PEE, no \u00e2mbito desta Secretaria de Estado da Educa\u00e7\u00e3o - Seduc.<\/td><td style=\"color: #467886; background-color: #FFFFFF;text-decoration: underline;\"><a href=\"https:\/\/goias.gov.br\/educacao\/wp-content\/uploads\/sites\/40\/2019\/08\/portaria-n5450-11-2022-comissao-tecnica-de-monit.-do-PEE-4e6.pdf\" target=\"_blank\">https:\/\/goias.gov.br\/educacao\/wp-content\/uploads\/sites\/40\/2019\/08\/portaria-n5450-11-2022-comissao-tecnica-de-monit.-do-PEE-4e6.pdf<\/a><\/td><td style=\"color: #000000; background-color: #FFFFFF;\"><\/td><\/tr><tr><td style=\"color: #000000; background-color: #FFFFFF;\">Portaria n\u00b0. 5556<\/td><td style=\"color: #000000; background-color: #FFFFFF;\">SEDUC<\/td><td style=\"color: #000000; background-color: #FFFFFF;\">23\/11\/2022<\/td><td style=\"color: #000000; background-color: #FFFFFF;\">Constitui Comiss\u00e3o Coordenadora do Monitoramento e Avalia\u00e7\u00e3o do Plano Estadual de Educa\u00e7\u00e3o - PEE 2015\/2025. <\/td><td style=\"color: #467886; background-color: #FFFFFF;text-decoration: underline;\"><a href=\"https:\/\/goias.gov.br\/educacao\/wp-content\/uploads\/sites\/40\/2019\/08\/portaria-5556-2022-coordenacao-do-PEE-94d.pdf\" target=\"_blank\">https:\/\/goias.gov.br\/educacao\/wp-content\/uploads\/sites\/40\/2019\/08\/portaria-5556-2022-coordenacao-do-PEE-94d.pdf<\/a><\/td><td style=\"color: #000000; background-color: #FFFFFF;\"><\/td><\/tr><tr><td style=\"color: #000000; background-color: #FFFFFF;\">Portaria n\u00b0. 2495<\/td><td style=\"color: #000000; background-color: #FFFFFF;\">SEDUC<\/td><td style=\"color: #000000; background-color: #FFFFFF;\">05\/05\/2023<\/td><td style=\"color: #000000; background-color: #FFFFFF;\">Constitui Comiss\u00e3o T\u00e9cnica Interna Multidisciplinar de Monitoramento e Avalia\u00e7\u00e3o do Plano Estadual de Educa\u00e7\u00e3o - PEE no \u00e2mbito da Secretaria de Estado da Educa\u00e7\u00e3o de Goi\u00e1s.<\/td><td style=\"color: #467886; background-color: #FFFFFF;text-decoration: underline;\"><a href=\"https:\/\/goias.gov.br\/educacao\/wp-content\/uploads\/sites\/40\/2019\/08\/portaria-n2495-891.pdf\" target=\"_blank\">https:\/\/goias.gov.br\/educacao\/wp-content\/uploads\/sites\/40\/2019\/08\/portaria-n2495-891.pdf<\/a><\/td><td style=\"color: #000000; background-color: #FFFFFF;\"><\/td><\/tr><tr><td style=\"color: #000000; background-color: #FFFFFF;\">Portaria n\u00b0. 3509<\/td><td style=\"color: #000000; background-color: #FFFFFF;\">SEDUC<\/td><td style=\"color: #000000; background-color: #FFFFFF;\">29\/06\/2023<\/td><td style=\"color: #000000; background-color: #FFFFFF;\">Constitui Comiss\u00e3o Coordenadora do Monitoramento e Avalia\u00e7\u00e3o do Plano Estadual de Educa\u00e7\u00e3o - PEE 2015\/2025.<\/td><td style=\"color: #467886; background-color: #FFFFFF;text-decoration: underline;\"><a href=\"https:\/\/goias.gov.br\/educacao\/wp-content\/uploads\/sites\/40\/2019\/08\/SEIPortaria3509-933.pdf\" target=\"_blank\">https:\/\/goias.gov.br\/educacao\/wp-content\/uploads\/sites\/40\/2019\/08\/SEIPortaria3509-933.pdf<\/a><\/td><td style=\"color: #000000; background-color: #FFFFFF;\"><\/td><\/tr><tr><td style=\"color: #000000; background-color: #FFFFFF;\">Portaria n\u00b0. 2715<\/td><td style=\"color: #000000; background-color: #FFFFFF;\">SEDUC<\/td><td style=\"color: #000000; background-color: #FFFFFF;\">17\/05\/2024<\/td><td style=\"color: #000000; background-color: #FFFFFF;\">Constitui Comiss\u00e3o T\u00e9cnica Interna Multidisciplinar de Monitoramento e Avalia\u00e7\u00e3o do Plano Estadual de Educa\u00e7\u00e3o \u2013 PEE no \u00e2mbito da Secretaria de Estado da Educa\u00e7\u00e3o de Goi\u00e1s.<\/td><td style=\"color: #467886; background-color: #FFFFFF;text-decoration: underline;\"><a href=\"https:\/\/goias.gov.br\/educacao\/wp-content\/uploads\/sites\/40\/2019\/08\/pee-Portaria-17-de-maio-de-2024-plano-estadual-de-educacao.pdf\" target=\"_blank\">https:\/\/goias.gov.br\/educacao\/wp-content\/uploads\/sites\/40\/2019\/08\/pee-Portaria-17-de-maio-de-2024-plano-estadual-de-educacao.pdf<\/a><\/td><td style=\"color: #000000; background-color: #FFFFFF;\"><\/td><\/tr><tr><td style=\"color: #000000; background-color: #FFFFFF;\">Portaria n\u00b0. 3777<\/td><td style=\"color: #000000; background-color: #FFFFFF;\">SEDUC<\/td><td style=\"color: #000000; background-color: #FFFFFF;\">02\/08\/2024<\/td><td style=\"color: #000000; background-color: #FFFFFF;\">Constitui Comiss\u00e3o Coordenadora de Monitoramento e Avalia\u00e7\u00e3o do Plano Estadual de Educa\u00e7\u00e3o \u2013 PEE 2015\/2025.<\/td><td style=\"color: #467886; background-color: #FFFFFF;text-decoration: underline;\"><a href=\"https:\/\/goias.gov.br\/educacao\/wp-content\/uploads\/sites\/40\/2024\/08\/Portaria-3777-31-de-julho-de-2024.pdf\" target=\"_blank\">https:\/\/goias.gov.br\/educacao\/wp-content\/uploads\/sites\/40\/2024\/08\/Portaria-3777-31-de-julho-de-2024.pdf<\/a><\/td><td style=\"color: #000000; background-color: #FFFFFF;\"><\/td><\/tr><tr><td style=\"color: #000000; background-color: #FFFFFF;\">Portaria n\u00b0. 1507<\/td><td style=\"color: #000000; background-color: #FFFFFF;\">SEDUC<\/td><td style=\"color: #000000; background-color: #FFFFFF;\">25\/03\/2025<\/td><td style=\"color: #000000; background-color: #FFFFFF;\">Constitui Comiss\u00e3o T\u00e9cnica Interna Multidisciplinar de Monitoramento e Avalia\u00e7\u00e3o do Plano Estadual de Educa\u00e7\u00e3o \u2013 PEE no \u00e2mbito da Secretaria de Estado da Educa\u00e7\u00e3o de Goi\u00e1s.<\/td><td style=\"color: #467886; background-color: #FFFFFF;text-decoration: underline;\"><a href=\"https:\/\/goias.gov.br\/educacao\/390613-2\/\" target=\"_blank\">https:\/\/goias.gov.br\/educacao\/390613-2\/<\/a><\/td><td style=\"color: #000000; background-color: #FFFFFF;\"><\/td><\/tr><tr><td style=\"color: #000000; background-color: #FFFFFF;\">1\u00b0 Relat\u00f3rio Instituto Mauro Borges<\/td><td style=\"color: #000000; background-color: #FFFFFF;\">Instituto Mauro Borges<\/td><td style=\"color: #000000; background-color: #FFFFFF;\">2017<\/td><td style=\"color: #000000; background-color: #FFFFFF;\">1\u00b0 Relat\u00f3rio de Monitoramento do Plano Estadual de Educa\u00e7\u00e3o de Goi\u00e1s<\/td><td style=\"color: #467886; background-color: #FFFFFF;text-decoration: underline;\"><a href=\"https:\/\/goias.gov.br\/imb\/wp-content\/uploads\/sites\/29\/2024\/02\/repositorio_2017_032_outras_publicacoes_primeiro_monitoramento_do_plano_estadual_de_educacao_de_goias.pdf\" target=\"_blank\">https:\/\/goias.gov.br\/imb\/wp-content\/uploads\/sites\/29\/2024\/02\/repositorio_2017_032_outras_publicacoes_primeiro_monitoramento_do_plano_estadual_de_educacao_de_goias.pdf<\/a><\/td><td style=\"color: #000000; background-color: #FFFFFF;\"><\/td><\/tr><tr><td style=\"color: #000000; background-color: #FFFFFF;\">2\u00b0 Relat\u00f3rio Instituto Mauro Borges<\/td><td style=\"color: #000000; background-color: #FFFFFF;\">Instituto Mauro Borges<\/td><td style=\"color: #000000; background-color: #FFFFFF;\">2019<\/td><td style=\"color: #000000; background-color: #FFFFFF;\">2\u00b0 Relat\u00f3rio de Monitoramento do Plano Estadual de Educa\u00e7\u00e3o de Goi\u00e1s<\/td><td style=\"color: #467886; background-color: #FFFFFF;text-decoration: underline;\"><a href=\"https:\/\/goias.gov.br\/educacao\/wp-content\/uploads\/sites\/40\/files\/Relatorios\/2-relatorio-de-monitoramento-do-pee-goias.pdf\" target=\"_blank\">https:\/\/goias.gov.br\/educacao\/wp-content\/uploads\/sites\/40\/files\/Relatorios\/2-relatorio-de-monitoramento-do-pee-goias.pdf<\/a><\/td><td style=\"color: #000000; background-color: #FFFFFF;\"><\/td><\/tr><tr><td style=\"color: #000000; background-color: #FFFFFF;\">1\u00b0 Relat\u00f3rio de Monitoramento e Avalia\u00e7\u00e3o <\/td><td style=\"color: #000000; background-color: #FFFFFF;\">Comiss\u00e3o Coordenadora do Monitoramento e Avalia\u00e7\u00e3o do PEE<\/td><td style=\"color: #000000; background-color: #FFFFFF;\">2016<\/td><td style=\"color: #000000; background-color: #FFFFFF;\">1\u00b0 Relat\u00f3rio de Monitoramento e Avalia\u00e7\u00e3o do Plano Estadual de Educa\u00e7\u00e3o de Goi\u00e1s 2015-2025 - Ano 2016<\/td><td style=\"color: #467886; background-color: #FFFFFF;text-decoration: underline;\"><a href=\"https:\/\/goias.gov.br\/educacao\/wp-content\/uploads\/sites\/40\/files\/Relatorios\/1-RELATORIO-DE-MONITORAMENTO-E-AVALIACAO-DO-PEE-2016.pdf\" target=\"_blank\">https:\/\/goias.gov.br\/educacao\/wp-content\/uploads\/sites\/40\/files\/Relatorios\/1-RELATORIO-DE-MONITORAMENTO-E-AVALIACAO-DO-PEE-2016.pdf<\/a><\/td><td style=\"color: #000000; background-color: #FFFFFF;\"><\/td><\/tr><tr><td style=\"color: #000000; background-color: #FFFFFF;\">2\u00b0 Relat\u00f3rio de Monitoramento e Avalia\u00e7\u00e3o <\/td><td style=\"color: #000000; background-color: #FFFFFF;\">Comiss\u00e3o de Monitoramento e Avalia\u00e7\u00e3o Externa do PEE Goi\u00e1s 2015-2025<\/td><td style=\"color: #000000; background-color: #FFFFFF;\">2019<\/td><td style=\"color: #000000; background-color: #FFFFFF;\"> 2\u00ba Relat\u00f3rio de Monitoramento do Plano de Educa\u00e7\u00e3o do Estado de Goi\u00e1s<\/td><td style=\"color: #467886; background-color: #FFFFFF;text-decoration: underline;\"><a href=\"https:\/\/goias.gov.br\/educacao\/wp-content\/uploads\/sites\/40\/files\/Relatorios\/RelatorioPEEv1-1.pdf\" target=\"_blank\">https:\/\/goias.gov.br\/educacao\/wp-content\/uploads\/sites\/40\/files\/Relatorios\/RelatorioPEEv1-1.pdf<\/a><\/td><td style=\"color: #000000; background-color: #FFFFFF;\"><\/td><\/tr><tr><td style=\"color: #000000; background-color: #FFFFFF;\">3\u00b0 Relat\u00f3rio de Monitoramento e Avalia\u00e7\u00e3o <\/td><td style=\"color: #000000; background-color: #FFFFFF;\">Comiss\u00e3o de Monitoramento e Avalia\u00e7\u00e3o do 3\u00b0 Relat\u00f3rio do PEE-GO<\/td><td style=\"color: #000000; background-color: #FFFFFF;\">2024<\/td><td style=\"color: #000000; background-color: #FFFFFF;\"> 3\u00ba Relat\u00f3rio de Monitoramento e Avalia\u00e7\u00e3o do Plano de Educa\u00e7\u00e3o do Estado de Goi\u00e1s<\/td><td style=\"color: #467886; background-color: #FFFFFF;text-decoration: underline;\"><a href=\"https:\/\/goias.gov.br\/educacao\/wp-content\/uploads\/sites\/40\/files\/PlanoEstadualdeEducacao\/Relatorio\/3RelatoriodeMonitoramentoeAvaliacaodoPlanoEstadualdeEducacaodeGoias%202015.2025%20--.pdf\" target=\"_blank\">https:\/\/goias.gov.br\/educacao\/wp-content\/uploads\/sites\/40\/files\/PlanoEstadualdeEducacao\/Relatorio\/3RelatoriodeMonitoramentoeAvaliacaodoPlanoEstadualdeEducacaodeGoias%202015.2025%20--.pdf<\/a><\/td><td style=\"color: #000000; background-color: #FFFFFF;\"><\/td><\/tr><tr><td style=\"color: #000000; background-color: #FFFFFF;\">4\u00b0 Relat\u00f3rio de Monitoramento e Avalia\u00e7\u00e3o <\/td><td style=\"color: #000000; background-color: #FFFFFF;\">Comiss\u00e3o de Monitoramento e Avalia\u00e7\u00e3o do 4\u00b0 Relat\u00f3rio do PEE-GO<\/td><td style=\"color: #000000; background-color: #FFFFFF;\">2025<\/td><td style=\"color: #000000; background-color: #FFFFFF;\"> 4\u00ba Relat\u00f3rio de Monitoramento e Avalia\u00e7\u00e3o do Plano de Educa\u00e7\u00e3o do Estado de Goi\u00e1s<\/td><td style=\"color: #467886; background-color: #FFFFFF;text-decoration: underline;\"><a href=\"https:\/\/goias.gov.br\/educacao\/wp-content\/uploads\/sites\/40\/2025\/PEE\/DadosPEE\/4_Relatorio_de_Monitoramento_do_PEE_Final.pdf\" target=\"_blank\">https:\/\/goias.gov.br\/educacao\/wp-content\/uploads\/sites\/40\/2025\/PEE\/DadosPEE\/4_Relatorio_de_Monitoramento_do_PEE_Final.pdf<\/a><\/td><td style=\"color: #000000; background-color: #FFFFFF;\"><\/td><\/tr><tr><td style=\"color: #000000; background-color: #FFFFFF;\">Plano de A\u00e7\u00e3o PEE 2025<\/td><td style=\"color: #000000; background-color: #FFFFFF;\">Comiss\u00e3o Coordenadora de Monitoramento e Avalia\u00e7\u00e3o do PEE-GO<\/td><td style=\"color: #000000; background-color: #FFFFFF;\">1\u00ba semestre \nde 2025<\/td><td style=\"color: #000000; background-color: #FFFFFF;\">Plano de A\u00e7\u00e3o do Plano Estadual de Educa\u00e7\u00e3o do 1\u00ba semestre de 2025<\/td><td style=\"color: #467886; background-color: #FFFFFF;text-decoration: underline;\"><a href=\"https:\/\/goias.gov.br\/educacao\/wp-content\/uploads\/sites\/40\/2025\/PEE\/DadosPEE\/Plano_de_Acao_de_2025.xlsx\" target=\"_blank\">https:\/\/goias.gov.br\/educacao\/wp-content\/uploads\/sites\/40\/2025\/PEE\/DadosPEE\/Plano_de_Acao_de_2025.xlsx<\/a><\/td><td style=\"color: #000000; background-color: #FFFFFF;\"><\/td><\/tr><tr><td style=\"color: #000000; background-color: #FFFFFF;\">Plano de A\u00e7\u00e3o PEE 2024<\/td><td style=\"color: #000000; background-color: #FFFFFF;\">Comiss\u00e3o T\u00e9cnica Interna Multidisciplinar de Monitoramento e Avalia\u00e7\u00e3o do Plano Estadual de Educa\u00e7\u00e3o \u2013 PEE<\/td><td style=\"color: #000000; background-color: #FFFFFF;\">2024<\/td><td style=\"color: #000000; background-color: #FFFFFF;\">Plano de A\u00e7\u00e3o do Plano Estadual de Educa\u00e7\u00e3o - SEDUC 2024<\/td><td style=\"color: #467886; background-color: #FFFFFF;text-decoration: underline;\"><a href=\"https:\/\/goias.gov.br\/educacao\/wp-content\/uploads\/sites\/40\/2024\/04\/Plano-de-Acao-PEE-2024.pdf\" target=\"_blank\">https:\/\/goias.gov.br\/educacao\/wp-content\/uploads\/sites\/40\/2024\/04\/Plano-de-Acao-PEE-2024.pdf<\/a><\/td><td style=\"color: #000000; background-color: #FFFFFF;\"><\/td><\/tr><tr><td style=\"color: #000000; background-color: #FFFFFF;\">Plano de A\u00e7\u00e3o PEE 2023<\/td><td style=\"color: #000000; background-color: #FFFFFF;\">Comiss\u00e3o Interna Multidisciplinar de Monitoramento e Avalia\u00e7\u00e3o do PEE 2015\/2025 - Portaria n\u00ba 2495\/2023<\/td><td style=\"color: #000000; background-color: #FFFFFF;\">2023<\/td><td style=\"color: #000000; background-color: #FFFFFF;\">Plano de A\u00e7\u00e3o do Plano Estadual de Educa\u00e7\u00e3o - SEDUC 2023<\/td><td style=\"color: #467886; background-color: #FFFFFF;text-decoration: underline;\"><a href=\"https:\/\/goias.gov.br\/educacao\/wp-content\/uploads\/sites\/40\/2024\/05\/Plano-de-Acao-PEE-2023.pdf\" target=\"_blank\">https:\/\/goias.gov.br\/educacao\/wp-content\/uploads\/sites\/40\/2024\/05\/Plano-de-Acao-PEE-2023.pdf<\/a><\/td><td style=\"color: #000000; background-color: #FFFFFF;\"><\/td><\/tr><tr><td style=\"color: #000000; background-color: #FFFFFF;\">Ata - Reuni\u00e3o do PEE n\u00b0 1<\/td><td style=\"color: #000000; background-color: #FFFFFF;\">Comiss\u00e3o de Monitoramento e Avalia\u00e7\u00e3o do Plano Estadual de Educa\u00e7\u00e3o \u2013 PEE 2015\/2025<\/td><td style=\"color: #000000; background-color: #FFFFFF;\">21\/01\/2025<\/td><td style=\"color: #000000; background-color: #FFFFFF;\">Discuss\u00e3o a respeito das an\u00e1lises das Metas 7 e  8 do Plano Estadual e assuntos correlatos<\/td><td style=\"color: #467886; background-color: #FFFFFF;text-decoration: underline;\"><a href=\"https:\/\/goias.gov.br\/educacao\/wp-content\/uploads\/sites\/40\/2025\/03\/Ata-reuniao-PEE-21-01-2025.pdf\" target=\"_blank\">https:\/\/goias.gov.br\/educacao\/wp-content\/uploads\/sites\/40\/2025\/03\/Ata-reuniao-PEE-21-01-2025.pdf<\/a><\/td><td style=\"color: #000000; background-color: #FFFFFF;\"><\/td><\/tr><tr><td style=\"color: #000000; background-color: #FFFFFF;\">Ata - Reuni\u00e3o do PEE n\u00b0 2<\/td><td style=\"color: #000000; background-color: #FFFFFF;\">Comiss\u00e3o de Monitoramento e Avalia\u00e7\u00e3o do Plano Estadual de Educa\u00e7\u00e3o \u2013 PEE 2015\/2025<\/td><td style=\"color: #000000; background-color: #FFFFFF;\">28\/01\/2025<\/td><td style=\"color: #000000; background-color: #FFFFFF;\">An\u00e1lise e discuss\u00e3o das Metas 09, 10 e 12 e assuntos correlatos<\/td><td style=\"color: #467886; background-color: #FFFFFF;text-decoration: underline;\"><a href=\"https:\/\/goias.gov.br\/educacao\/wp-content\/uploads\/sites\/40\/2025\/03\/Ata-reuniao-PEE-28-01-2025.pdf\" target=\"_blank\">https:\/\/goias.gov.br\/educacao\/wp-content\/uploads\/sites\/40\/2025\/03\/Ata-reuniao-PEE-28-01-2025.pdf<\/a><\/td><td style=\"color: #000000; background-color: #FFFFFF;\"><\/td><\/tr><tr><td style=\"color: #000000; background-color: #FFFFFF;\">Ata - Reuni\u00e3o do PEE n\u00b0 3<\/td><td style=\"color: #000000; background-color: #FFFFFF;\">Comiss\u00e3o de Monitoramento e Avalia\u00e7\u00e3o do Plano Estadual de Educa\u00e7\u00e3o \u2013 PEE 2015\/2025<\/td><td style=\"color: #000000; background-color: #FFFFFF;\">04\/02\/2025<\/td><td style=\"color: #000000; background-color: #FFFFFF;\">An\u00e1lise e discuss\u00e3o das Metas 09 e 11 e assuntos correlatos<\/td><td style=\"color: #467886; background-color: #FFFFFF;text-decoration: underline;\"><a href=\"https:\/\/goias.gov.br\/educacao\/wp-content\/uploads\/sites\/40\/2025\/03\/Ata-reuniao-PEE-04-02-2025.pdf\" target=\"_blank\">https:\/\/goias.gov.br\/educacao\/wp-content\/uploads\/sites\/40\/2025\/03\/Ata-reuniao-PEE-04-02-2025.pdf<\/a><\/td><td style=\"color: #000000; background-color: #FFFFFF;\"><\/td><\/tr><tr><td style=\"color: #000000; background-color: #FFFFFF;\">Ata - Reuni\u00e3o do PEE n\u00b0 4<\/td><td style=\"color: #000000; background-color: #FFFFFF;\">Comiss\u00e3o de Monitoramento e Avalia\u00e7\u00e3o do Plano Estadual de Educa\u00e7\u00e3o \u2013 PEE 2015\/2025<\/td><td style=\"color: #000000; background-color: #FFFFFF;\">11\/02\/2025<\/td><td style=\"color: #000000; background-color: #FFFFFF;\">An\u00e1lise e discuss\u00e3o das Metas 13 e 14 e assuntos correlatos<\/td><td style=\"color: #467886; background-color: #FFFFFF;text-decoration: underline;\"><a href=\"https:\/\/goias.gov.br\/educacao\/wp-content\/uploads\/sites\/40\/2025\/PEE\/DadosPEE\/Ata_04_2025.pdf\" target=\"_blank\">https:\/\/goias.gov.br\/educacao\/wp-content\/uploads\/sites\/40\/2025\/PEE\/DadosPEE\/Ata_04_2025.pdf<\/a><\/td><td style=\"color: #000000; background-color: #FFFFFF;\"><\/td><\/tr><tr><td style=\"color: #000000; background-color: #FFFFFF;\">Ata - Reuni\u00e3o do PEE n\u00b0 5<\/td><td style=\"color: #000000; background-color: #FFFFFF;\">Comiss\u00e3o de Monitoramento e Avalia\u00e7\u00e3o do Plano Estadual de Educa\u00e7\u00e3o \u2013 PEE 2015\/2025<\/td><td style=\"color: #000000; background-color: #FFFFFF;\">06\/03\/2025<\/td><td style=\"color: #000000; background-color: #FFFFFF;\">An\u00e1lise e discuss\u00e3o das Metas 16, 17 e 18 e assuntos correlatos<\/td><td style=\"color: #467886; background-color: #FFFFFF;text-decoration: underline;\"><a href=\"https:\/\/goias.gov.br\/educacao\/wp-content\/uploads\/sites\/40\/2025\/PEE\/DadosPEE\/Ata_05_2025.pdf\" target=\"_blank\">https:\/\/goias.gov.br\/educacao\/wp-content\/uploads\/sites\/40\/2025\/PEE\/DadosPEE\/Ata_05_2025.pdf<\/a><\/td><td style=\"color: #000000; background-color: #FFFFFF;\"><\/td><\/tr><tr><td style=\"color: #000000; background-color: #FFFFFF;\">Ata - Reuni\u00e3o do PEE n\u00b0 6<\/td><td style=\"color: #000000; background-color: #FFFFFF;\">Comiss\u00e3o de Monitoramento e Avalia\u00e7\u00e3o do Plano Estadual de Educa\u00e7\u00e3o \u2013 PEE 2015\/2025<\/td><td style=\"color: #000000; background-color: #FFFFFF;\">31\/03\/2025<\/td><td style=\"color: #000000; background-color: #FFFFFF;\">An\u00e1lise e discuss\u00e3o das Metas 19, 20 e 21 e assuntos correlatos<\/td><td style=\"color: #467886; background-color: #FFFFFF;text-decoration: underline;\"><a href=\"https:\/\/goias.gov.br\/educacao\/wp-content\/uploads\/sites\/40\/2025\/PEE\/DadosPEE\/Ata_06_de_2025.pdf\" target=\"_blank\">https:\/\/goias.gov.br\/educacao\/wp-content\/uploads\/sites\/40\/2025\/PEE\/DadosPEE\/Ata_06_de_2025.pdf<\/a><\/td><td style=\"color: #000000; background-color: #FFFFFF;\"><\/td><\/tr><tr><td style=\"color: #000000; background-color: #FFFFFF;\">Ata - Reuni\u00e3o do PEE n\u00b0 7<\/td><td style=\"color: #000000; background-color: #FFFFFF;\">Comiss\u00e3o de Monitoramento e Avalia\u00e7\u00e3o do Plano Estadual de Educa\u00e7\u00e3o \u2013 PEE 2015\/2025<\/td><td style=\"color: #000000; background-color: #FFFFFF;\">23\/04\/2025<\/td><td style=\"color: #000000; background-color: #FFFFFF;\">An\u00e1lise e discuss\u00e3o das Metas 15 e assuntos correlatos<\/td><td style=\"color: #467886; background-color: #FFFFFF;text-decoration: underline;\"><a href=\"https:\/\/goias.gov.br\/educacao\/wp-content\/uploads\/sites\/40\/2025\/PEE\/DadosPEE\/Ata_07_2025.pdf\" target=\"_blank\">https:\/\/goias.gov.br\/educacao\/wp-content\/uploads\/sites\/40\/2025\/PEE\/DadosPEE\/Ata_07_2025.pdf<\/a><\/td><td style=\"color: #000000; background-color: #FFFFFF;\"><\/td><\/tr><tr><td style=\"color: #000000; background-color: #FFFFFF;\">Ata de Reuni\u00e3o Deliberativa<\/td><td style=\"color: #000000; background-color: #FFFFFF;\">Comiss\u00e3o Coordenadora do Monitoramento e Avalia\u00e7\u00e3o do Plano Estadual de Educa\u00e7\u00e3o - PEE 2015\/2025.<\/td><td style=\"color: #000000; background-color: #FFFFFF;\">09\/01\/2024<\/td><td style=\"color: #000000; background-color: #FFFFFF;\">An\u00e1lise e discuss\u00e3o das Metas 18, 19 , 20 e 21 e assuntos correlatos<\/td><td style=\"color: #467886; background-color: #FFFFFF;text-decoration: underline;\"><a href=\"https:\/\/goias.gov.br\/educacao\/wp-content\/uploads\/sites\/40\/2024\/04\/ATA-da-1a-reuniao-do-PEE-09-01-2024-1.pdf\" target=\"_blank\">https:\/\/goias.gov.br\/educacao\/wp-content\/uploads\/sites\/40\/2024\/04\/ATA-da-1a-reuniao-do-PEE-09-01-2024-1.pdf<\/a><\/td><td style=\"color: #000000; background-color: #FFFFFF;\"><\/td><\/tr><tr><td style=\"color: #000000; background-color: #FFFFFF;\">Ata de Reuni\u00e3o Deliberativa<\/td><td style=\"color: #000000; background-color: #FFFFFF;\">Comiss\u00e3o Coordenadora do Monitoramento e Avalia\u00e7\u00e3o do Plano Estadual de Educa\u00e7\u00e3o - PEE 2015\/2025.<\/td><td style=\"color: #000000; background-color: #FFFFFF;\">23\/04\/2024<\/td><td style=\"color: #000000; background-color: #FFFFFF;\">Atualiza\u00e7\u00e3o de Portaria, obten\u00e7\u00e3o de dados junto aos munic\u00edpios, plano de trabalho, dentre outros assunto correlatos<\/td><td style=\"color: #467886; background-color: #FFFFFF;text-decoration: underline;\"><a href=\"https:\/\/goias.gov.br\/educacao\/wp-content\/uploads\/sites\/40\/2024\/12\/Ata-reuniao-PEE-23-04-2024.pdf\" target=\"_blank\">https:\/\/goias.gov.br\/educacao\/wp-content\/uploads\/sites\/40\/2024\/12\/Ata-reuniao-PEE-23-04-2024.pdf<\/a><\/td><td style=\"color: #000000; background-color: #FFFFFF;\"><\/td><\/tr><tr><td style=\"color: #000000; background-color: #FFFFFF;\">Ata - Reuni\u00e3o n\u00b0 1<\/td><td style=\"color: #000000; background-color: #FFFFFF;\">Comiss\u00e3o Coordenadora de Monitoramento e Avalia\u00e7\u00e3o do Plano Estadual de Educa\u00e7\u00e3o \u2013 PEE 2015\/2025.<\/td><td style=\"color: #000000; background-color: #FFFFFF;\">13\/08\/2024<\/td><td style=\"color: #000000; background-color: #FFFFFF;\">Din\u00e2mica do trabalho, import\u00e2ncia e relev\u00e2ncia e assuntos correlatos<\/td><td style=\"color: #467886; background-color: #FFFFFF;text-decoration: underline;\"><a href=\"https:\/\/goias.gov.br\/educacao\/wp-content\/uploads\/sites\/40\/2024\/12\/Ata-reuniao-PEE-13-08-2024.pdf\" target=\"_blank\">https:\/\/goias.gov.br\/educacao\/wp-content\/uploads\/sites\/40\/2024\/12\/Ata-reuniao-PEE-13-08-2024.pdf<\/a><\/td><td style=\"color: #000000; background-color: #FFFFFF;\"><\/td><\/tr><tr><td style=\"color: #000000; background-color: #FFFFFF;\">Ata - Reuni\u00e3o n\u00b0 3<\/td><td style=\"color: #000000; background-color: #FFFFFF;\">Comiss\u00e3o Coordenadora de Monitoramento e Avalia\u00e7\u00e3o do Plano Estadual de Educa\u00e7\u00e3o \u2013 PEE 2015\/2025.<\/td><td style=\"color: #000000; background-color: #FFFFFF;\">03\/09\/2024<\/td><td style=\"color: #000000; background-color: #FFFFFF;\">Apresenta\u00e7\u00e3o da divis\u00e3o das Metas do PEE para an\u00e1lise dos resultados<\/td><td style=\"color: #467886; background-color: #FFFFFF;text-decoration: underline;\"><a href=\"https:\/\/goias.gov.br\/educacao\/wp-content\/uploads\/sites\/40\/2024\/12\/Ata-reuniao-PEE-03-09-2024.pdf\" target=\"_blank\">https:\/\/goias.gov.br\/educacao\/wp-content\/uploads\/sites\/40\/2024\/12\/Ata-reuniao-PEE-03-09-2024.pdf<\/a><\/td><td style=\"color: #000000; background-color: #FFFFFF;\"><\/td><\/tr><tr><td style=\"color: #000000; background-color: #FFFFFF;\">Ata - Reuni\u00e3o n\u00b0 6<\/td><td style=\"color: #000000; background-color: #FFFFFF;\">Comiss\u00e3o Coordenadora de Monitoramento e Avalia\u00e7\u00e3o do Plano Estadual de Educa\u00e7\u00e3o \u2013 PEE 2015\/2025.<\/td><td style=\"color: #000000; background-color: #FFFFFF;\">01\/10\/2024<\/td><td style=\"color: #000000; background-color: #FFFFFF;\">Apresenta\u00e7\u00e3o de atualiza\u00e7\u00e3o da Meta 3<\/td><td style=\"color: #467886; background-color: #FFFFFF;text-decoration: underline;\"><a href=\"https:\/\/goias.gov.br\/educacao\/wp-content\/uploads\/sites\/40\/2024\/12\/Ata-reuniao-PEE-01-10-2024.pdf\" target=\"_blank\">https:\/\/goias.gov.br\/educacao\/wp-content\/uploads\/sites\/40\/2024\/12\/Ata-reuniao-PEE-01-10-2024.pdf<\/a><\/td><td style=\"color: #000000; background-color: #FFFFFF;\"><\/td><\/tr><tr><td style=\"color: #000000; background-color: #FFFFFF;\">Ata - Reuni\u00e3o n\u00b0 9<\/td><td style=\"color: #000000; background-color: #FFFFFF;\">Comiss\u00e3o Coordenadora de Monitoramento e Avalia\u00e7\u00e3o do Plano Estadual de Educa\u00e7\u00e3o \u2013 PEE 2015\/2025.<\/td><td style=\"color: #000000; background-color: #FFFFFF;\">08\/10\/2024<\/td><td style=\"color: #000000; background-color: #FFFFFF;\">Delibera\u00e7\u00e3o a respeito da Meta 1 do PEE e demais assuntos correlatos<\/td><td style=\"color: #467886; background-color: #FFFFFF;text-decoration: underline;\"><a href=\"https:\/\/goias.gov.br\/educacao\/wp-content\/uploads\/sites\/40\/2024\/12\/Ata-reuniao-PEE-08-10-2024.pdf\" target=\"_blank\">https:\/\/goias.gov.br\/educacao\/wp-content\/uploads\/sites\/40\/2024\/12\/Ata-reuniao-PEE-08-10-2024.pdf<\/a><\/td><td style=\"color: #000000; background-color: #FFFFFF;\"><\/td><\/tr><tr><td style=\"color: #000000; background-color: #FFFFFF;\">Ata - Reuni\u00e3o n\u00b0 10<\/td><td style=\"color: #000000; background-color: #FFFFFF;\">Comiss\u00e3o Coordenadora de Monitoramento e Avalia\u00e7\u00e3o do Plano Estadual de Educa\u00e7\u00e3o \u2013 PEE 2015\/2025.<\/td><td style=\"color: #000000; background-color: #FFFFFF;\">05\/11\/2024<\/td><td style=\"color: #000000; background-color: #FFFFFF;\">An\u00e1lise das Metas 1 e 2 e demais assuntos inerentes ao Plano<\/td><td style=\"color: #467886; background-color: #FFFFFF;text-decoration: underline;\"><a href=\"https:\/\/goias.gov.br\/educacao\/wp-content\/uploads\/sites\/40\/2025\/02\/Ata-reuniao-PEE-05-11-2024.pdf\" target=\"_blank\">https:\/\/goias.gov.br\/educacao\/wp-content\/uploads\/sites\/40\/2025\/02\/Ata-reuniao-PEE-05-11-2024.pdf<\/a><\/td><td style=\"color: #000000; background-color: #FFFFFF;\"><\/td><\/tr><tr><td style=\"color: #000000; background-color: #FFFFFF;\">Ata - Reuni\u00e3o n\u00b0 11<\/td><td style=\"color: #000000; background-color: #FFFFFF;\">Comiss\u00e3o Coordenadora de Monitoramento e Avalia\u00e7\u00e3o do Plano Estadual de Educa\u00e7\u00e3o \u2013 PEE 2015\/2025.<\/td><td style=\"color: #000000; background-color: #FFFFFF;\">12\/11\/2024<\/td><td style=\"color: #000000; background-color: #FFFFFF;\">An\u00e1lise das Metas 5 e 6 e demais assuntos inerentes ao Plano<\/td><td style=\"color: #467886; background-color: #FFFFFF;text-decoration: underline;\"><a href=\"https:\/\/goias.gov.br\/educacao\/wp-content\/uploads\/sites\/40\/2025\/02\/Ata-reuniao-PEE-12-11-2024.pdf\" target=\"_blank\">https:\/\/goias.gov.br\/educacao\/wp-content\/uploads\/sites\/40\/2025\/02\/Ata-reuniao-PEE-12-11-2024.pdf<\/a><\/td><td style=\"color: #000000; background-color: #FFFFFF;\"><\/td><\/tr><tr><td style=\"color: #000000; background-color: #FFFFFF;\">Ata - Reuni\u00e3o n\u00b0 12<\/td><td style=\"color: #000000; background-color: #FFFFFF;\">Comiss\u00e3o Coordenadora de Monitoramento e Avalia\u00e7\u00e3o do Plano Estadual de Educa\u00e7\u00e3o \u2013 PEE 2015\/2025.<\/td><td style=\"color: #000000; background-color: #FFFFFF;\">03\/12\/2024<\/td><td style=\"color: #000000; background-color: #FFFFFF;\">Apresenta\u00e7\u00e3o das an\u00e1lises das Metas 5 e 6.<\/td><td style=\"color: #467886; background-color: #FFFFFF;text-decoration: underline;\"><a href=\"https:\/\/goias.gov.br\/educacao\/wp-content\/uploads\/sites\/40\/2025\/02\/Ata-reuniao-PEE-03-12-2024.pdf\" target=\"_blank\">https:\/\/goias.gov.br\/educacao\/wp-content\/uploads\/sites\/40\/2025\/02\/Ata-reuniao-PEE-03-12-2024.pdf<\/a><\/td><td style=\"color: #000000; background-color: #FFFFFF;\"><\/td><\/tr><tr><td style=\"color: #000000; background-color: #FFFFFF;\">Ata - Reuni\u00e3o n\u00b0 1<\/td><td style=\"color: #000000; background-color: #FFFFFF;\">Comiss\u00e3o Externa de Monitoramento e Avalia\u00e7\u00e3o do plano Estadual de Educa\u00e7\u00e3o<\/td><td style=\"color: #000000; background-color: #FFFFFF;\">25\/04\/2023<\/td><td style=\"color: #000000; background-color: #FFFFFF;\">Tratativas inerentes ao Relat\u00f3rio de Monitoramento<\/td><td style=\"color: #467886; background-color: #FFFFFF;text-decoration: underline;\"><a href=\"https:\/\/goias.gov.br\/educacao\/wp-content\/uploads\/sites\/40\/2024\/04\/ATA-da-1a-reuniao-do-PEE-25-04-2023-1.pdf\" target=\"_blank\">https:\/\/goias.gov.br\/educacao\/wp-content\/uploads\/sites\/40\/2024\/04\/ATA-da-1a-reuniao-do-PEE-25-04-2023-1.pdf<\/a><\/td><td style=\"color: #000000; background-color: #FFFFFF;\"><\/td><\/tr><tr><td style=\"color: #000000; background-color: #FFFFFF;\">Ata - Reuni\u00e3o n\u00b0 2<\/td><td style=\"color: #000000; background-color: #FFFFFF;\">Comiss\u00e3o Externa de Monitoramento e Avalia\u00e7\u00e3o do plano Estadual de Educa\u00e7\u00e3o<\/td><td style=\"color: #000000; background-color: #FFFFFF;\">02\/05\/2023<\/td><td style=\"color: #000000; background-color: #FFFFFF;\">Continuidade nas tratativas inerentes ao Relat\u00f3rio de Monitoramento<\/td><td style=\"color: #467886; background-color: #FFFFFF;text-decoration: underline;\"><a href=\"https:\/\/goias.gov.br\/educacao\/wp-content\/uploads\/sites\/40\/2024\/04\/ATA-da-2a-reuniao-do-PEE-02-05-2023-1.pdf\" target=\"_blank\">https:\/\/goias.gov.br\/educacao\/wp-content\/uploads\/sites\/40\/2024\/04\/ATA-da-2a-reuniao-do-PEE-02-05-2023-1.pdf<\/a><\/td><td style=\"color: #000000; background-color: #FFFFFF;\"><\/td><\/tr><tr><td style=\"color: #000000; background-color: #FFFFFF;\">Ata - Reuni\u00e3o n\u00b0 3<\/td><td style=\"color: #000000; background-color: #FFFFFF;\">Comiss\u00e3o Externa de Monitoramento e Avalia\u00e7\u00e3o do plano Estadual de Educa\u00e7\u00e3o<\/td><td style=\"color: #000000; background-color: #FFFFFF;\">09\/05\/2023<\/td><td style=\"color: #000000; background-color: #FFFFFF;\">Continuidade nas tratativas inerentes ao Relat\u00f3rio de Monitoramento<\/td><td style=\"color: #467886; background-color: #FFFFFF;text-decoration: underline;\"><a href=\"https:\/\/goias.gov.br\/educacao\/wp-content\/uploads\/sites\/40\/2024\/04\/ATA-da-3a-reniao-do-PEE-09-05-2023-1.pdf\" target=\"_blank\">https:\/\/goias.gov.br\/educacao\/wp-content\/uploads\/sites\/40\/2024\/04\/ATA-da-3a-reniao-do-PEE-09-05-2023-1.pdf<\/a><\/td><td style=\"color: #000000; background-color: #FFFFFF;\"><\/td><\/tr><tr><td style=\"color: #000000; background-color: #FFFFFF;\">Ata de Reuni\u00e3o Deliberativa<\/td><td style=\"color: #000000; background-color: #FFFFFF;\"> Comiss\u00e3o Coordenadora do Monitoramento e Avalia\u00e7\u00e3o do Plano Estadual de Educa\u00e7\u00e3o - PEE 2015\/2025. <\/td><td style=\"color: #000000; background-color: #FFFFFF;\">16\/05\/2023<\/td><td style=\"color: #000000; background-color: #FFFFFF;\">Contribui\u00e7\u00f5es para o acompanhamento e desenvolvimento para elabora\u00e7\u00e3o do relat\u00f3rio de monitoramento e avalia\u00e7\u00e3o do Plano Estadual de Educa\u00e7\u00e3o 2015\/2025<\/td><td style=\"color: #467886; background-color: #FFFFFF;text-decoration: underline;\"><a href=\"https:\/\/goias.gov.br\/educacao\/wp-content\/uploads\/sites\/40\/2024\/04\/ATA-da-4a-reuniao-do-PEE-16-05-2023-1.pdf\" target=\"_blank\">https:\/\/goias.gov.br\/educacao\/wp-content\/uploads\/sites\/40\/2024\/04\/ATA-da-4a-reuniao-do-PEE-16-05-2023-1.pdf<\/a><\/td><td style=\"color: #000000; background-color: #FFFFFF;\"><\/td><\/tr><tr><td style=\"color: #000000; background-color: #FFFFFF;\">Ata de Reuni\u00e3o Deliberativa<\/td><td style=\"color: #000000; background-color: #FFFFFF;\"> Comiss\u00e3o Coordenadora do Monitoramento e Avalia\u00e7\u00e3o do Plano Estadual de Educa\u00e7\u00e3o - PEE 2015\/2025. <\/td><td style=\"color: #000000; background-color: #FFFFFF;\">23\/05\/2023<\/td><td style=\"color: #000000; background-color: #FFFFFF;\">Revis\u00e3o dos dados, gr\u00e1ficos e texto do relat\u00f3rio de monitoramento e avalia\u00e7\u00e3o do Plano Estadual de Educa\u00e7\u00e3o<\/td><td style=\"color: #467886; background-color: #FFFFFF;text-decoration: underline;\"><a href=\"https:\/\/goias.gov.br\/educacao\/wp-content\/uploads\/sites\/40\/2024\/04\/ATA-da-5a-reuniao-do-PEE-23-05-2023-1.pdf\" target=\"_blank\">https:\/\/goias.gov.br\/educacao\/wp-content\/uploads\/sites\/40\/2024\/04\/ATA-da-5a-reuniao-do-PEE-23-05-2023-1.pdf<\/a><\/td><td style=\"color: #000000; background-color: #FFFFFF;\"><\/td><\/tr><tr><td style=\"color: #000000; background-color: #FFFFFF;\">Ata de Reuni\u00e3o Deliberativa<\/td><td style=\"color: #000000; background-color: #FFFFFF;\"> Comiss\u00e3o Coordenadora do Monitoramento e Avalia\u00e7\u00e3o do Plano Estadual de Educa\u00e7\u00e3o - PEE 2015\/2025. <\/td><td style=\"color: #000000; background-color: #FFFFFF;\">06\/06\/2023<\/td><td style=\"color: #000000; background-color: #FFFFFF;\">Revis\u00e3o dos dados, gr\u00e1ficos e texto do relat\u00f3rio de monitoramento e avalia\u00e7\u00e3o do Plano Estadual de Educa\u00e7\u00e3o - finaliza\u00e7\u00e3o da Meta 5<\/td><td style=\"color: #467886; background-color: #FFFFFF;text-decoration: underline;\"><a href=\"https:\/\/goias.gov.br\/educacao\/wp-content\/uploads\/sites\/40\/2024\/04\/ATA-da-6a-reuniao-do-PEE-06-06-2023-1.pdf\" target=\"_blank\">https:\/\/goias.gov.br\/educacao\/wp-content\/uploads\/sites\/40\/2024\/04\/ATA-da-6a-reuniao-do-PEE-06-06-2023-1.pdf<\/a><\/td><td style=\"color: #000000; background-color: #FFFFFF;\"><\/td><\/tr><tr><td style=\"color: #000000; background-color: #FFFFFF;\">Ata de Reuni\u00e3o Deliberativa<\/td><td style=\"color: #000000; background-color: #FFFFFF;\">Comiss\u00e3o Coordenadora do Monitoramento e Avalia\u00e7\u00e3o do Plano Estadual de Educa\u00e7\u00e3o - PEE 2015\/2025<\/td><td style=\"color: #000000; background-color: #FFFFFF;\">13\/06\/2023<\/td><td style=\"color: #000000; background-color: #FFFFFF;\">Revis\u00e3o dos dados, gr\u00e1ficos e texto do relat\u00f3rio de monitoramento e avalia\u00e7\u00e3o do Plano Estadual de Educa\u00e7\u00e3o - Meta 7<\/td><td style=\"color: #467886; background-color: #FFFFFF;text-decoration: underline;\"><a href=\"https:\/\/goias.gov.br\/educacao\/wp-content\/uploads\/sites\/40\/2024\/04\/ATA-da-7a-reuniao-do-PEE-13-06-2023-1.pdf\" target=\"_blank\">https:\/\/goias.gov.br\/educacao\/wp-content\/uploads\/sites\/40\/2024\/04\/ATA-da-7a-reuniao-do-PEE-13-06-2023-1.pdf<\/a><\/td><td style=\"color: #000000; background-color: #FFFFFF;\"><\/td><\/tr><tr><td style=\"color: #000000; background-color: #FFFFFF;\">Ata de Reuni\u00e3o Deliberativa<\/td><td style=\"color: #000000; background-color: #FFFFFF;\">Comiss\u00e3o Coordenadora do Monitoramento e Avalia\u00e7\u00e3o do Plano Estadual de Educa\u00e7\u00e3o - PEE 2015\/2025<\/td><td style=\"color: #000000; background-color: #FFFFFF;\">16\/06\/2023<\/td><td style=\"color: #000000; background-color: #FFFFFF;\">Revis\u00e3o dos dados, gr\u00e1ficos e texto do relat\u00f3rio de monitoramento e avalia\u00e7\u00e3o do Plano Estadual de Educa\u00e7\u00e3o - Meta 8<\/td><td style=\"color: #467886; background-color: #FFFFFF;text-decoration: underline;\"><a href=\"https:\/\/goias.gov.br\/educacao\/wp-content\/uploads\/sites\/40\/2024\/04\/ATA-da-8a-reuniao-do-PEE-16-06-2023-1.pdf\" target=\"_blank\">https:\/\/goias.gov.br\/educacao\/wp-content\/uploads\/sites\/40\/2024\/04\/ATA-da-8a-reuniao-do-PEE-16-06-2023-1.pdf<\/a><\/td><td style=\"color: #000000; background-color: #FFFFFF;\"><\/td><\/tr><tr><td style=\"color: #000000; background-color: #FFFFFF;\">Ata de Reuni\u00e3o Deliberativa<\/td><td style=\"color: #000000; background-color: #FFFFFF;\">Comiss\u00e3o Coordenadora do Monitoramento e Avalia\u00e7\u00e3o do Plano Estadual de Educa\u00e7\u00e3o - PEE 2015\/2025<\/td><td style=\"color: #000000; background-color: #FFFFFF;\">20\/06\/2023<\/td><td style=\"color: #000000; background-color: #FFFFFF;\">Revis\u00e3o dos dados, gr\u00e1ficos e texto do relat\u00f3rio de monitoramento e avalia\u00e7\u00e3o do Plano Estadual de Educa\u00e7\u00e3o - Elabora\u00e7\u00e3o de dado quantitativo para avalia\u00e7\u00e3o da Meta 9 e an\u00e1lise da Meta 10<\/td><td style=\"color: #467886; background-color: #FFFFFF;text-decoration: underline;\"><a href=\"https:\/\/goias.gov.br\/educacao\/wp-content\/uploads\/sites\/40\/2024\/04\/ATA-da-9a-reuniao-do-PEE-20-06-2023-1.pdf\" target=\"_blank\">https:\/\/goias.gov.br\/educacao\/wp-content\/uploads\/sites\/40\/2024\/04\/ATA-da-9a-reuniao-do-PEE-20-06-2023-1.pdf<\/a><\/td><td style=\"color: #000000; background-color: #FFFFFF;\"><\/td><\/tr><tr><td style=\"color: #000000; background-color: #FFFFFF;\">Ata de Reuni\u00e3o Deliberativa<\/td><td style=\"color: #000000; background-color: #FFFFFF;\">Comiss\u00e3o Coordenadora do Monitoramento e Avalia\u00e7\u00e3o do Plano Estadual de Educa\u00e7\u00e3o - PEE 2015\/2025<\/td><td style=\"color: #000000; background-color: #FFFFFF;\">27\/06\/2023<\/td><td style=\"color: #000000; background-color: #FFFFFF;\">Revis\u00e3o dos dados, gr\u00e1ficos da Meta  10 e texto do relat\u00f3rio de monitoramento e avalia\u00e7\u00e3o do Plano Estadual de Educa\u00e7\u00e3o<\/td><td style=\"color: #467886; background-color: #FFFFFF;text-decoration: underline;\"><a href=\"https:\/\/goias.gov.br\/educacao\/wp-content\/uploads\/sites\/40\/2024\/04\/ATA-da-10a-reuniao-do-PEE-27-06-2023-1.pdf\" target=\"_blank\">https:\/\/goias.gov.br\/educacao\/wp-content\/uploads\/sites\/40\/2024\/04\/ATA-da-10a-reuniao-do-PEE-27-06-2023-1.pdf<\/a><\/td><td style=\"color: #000000; background-color: #FFFFFF;\"><\/td><\/tr><tr><td style=\"color: #000000; background-color: #FFFFFF;\">Ata de Reuni\u00e3o Deliberativa<\/td><td style=\"color: #000000; background-color: #FFFFFF;\"> Comiss\u00e3o Coordenadora do Monitoramento e Avalia\u00e7\u00e3o do Plano Estadual de Educa\u00e7\u00e3o - PEE 2015\/2025.<\/td><td style=\"color: #000000; background-color: #FFFFFF;\">30\/06\/2023<\/td><td style=\"color: #000000; background-color: #FFFFFF;\">Convoca\u00e7\u00e3o extraordin\u00e1ria - Tratar dos relat\u00f3rios de resultados atualizados<\/td><td style=\"color: #467886; background-color: #FFFFFF;text-decoration: underline;\"><a href=\"https:\/\/goias.gov.br\/educacao\/wp-content\/uploads\/sites\/40\/2024\/04\/ATA-da-11a-reuniao-do-PEE-30-06-2023-1.pdf\" target=\"_blank\">https:\/\/goias.gov.br\/educacao\/wp-content\/uploads\/sites\/40\/2024\/04\/ATA-da-11a-reuniao-do-PEE-30-06-2023-1.pdf<\/a><\/td><td style=\"color: #000000; background-color: #FFFFFF;\"><\/td><\/tr><tr><td style=\"color: #000000; background-color: #FFFFFF;\">Ata de Reuni\u00e3o Deliberativa<\/td><td style=\"color: #000000; background-color: #FFFFFF;\"> Comiss\u00e3o Coordenadora do Monitoramento e Avalia\u00e7\u00e3o do Plano Estadual de Educa\u00e7\u00e3o - PEE 2015\/2025.<\/td><td style=\"color: #000000; background-color: #FFFFFF;\">04\/07\/2023<\/td><td style=\"color: #000000; background-color: #FFFFFF;\">An\u00e1lise da Meta 12 e demais assuntos inerentes ao PEE<\/td><td style=\"color: #467886; background-color: #FFFFFF;text-decoration: underline;\"><a href=\"https:\/\/goias.gov.br\/educacao\/wp-content\/uploads\/sites\/40\/2024\/04\/ATA-da-12a-reuniao-do-PEE-04-07-2023-1.pdf\" target=\"_blank\">https:\/\/goias.gov.br\/educacao\/wp-content\/uploads\/sites\/40\/2024\/04\/ATA-da-12a-reuniao-do-PEE-04-07-2023-1.pdf<\/a><\/td><td style=\"color: #000000; background-color: #FFFFFF;\"><\/td><\/tr><tr><td style=\"color: #000000; background-color: #FFFFFF;\">Ata de Reuni\u00e3o Deliberativa<\/td><td style=\"color: #000000; background-color: #FFFFFF;\"> Comiss\u00e3o Coordenadora do Monitoramento e Avalia\u00e7\u00e3o do Plano Estadual de Educa\u00e7\u00e3o - PEE 2015\/2025.<\/td><td style=\"color: #000000; background-color: #FFFFFF;\">25\/07\/2023<\/td><td style=\"color: #000000; background-color: #FFFFFF;\">Revis\u00e3o dos pontos do relat\u00f3rio para corre\u00e7\u00e3o, nas Metas 1, 2, 3, 5, 7, 8, 9, 10, e 11<\/td><td style=\"color: #467886; background-color: #FFFFFF;text-decoration: underline;\"><a href=\"https:\/\/goias.gov.br\/educacao\/wp-content\/uploads\/sites\/40\/2024\/04\/ATA-da-13a-reuniao-do-PEE-25-07-2023-1.pdf\" target=\"_blank\">https:\/\/goias.gov.br\/educacao\/wp-content\/uploads\/sites\/40\/2024\/04\/ATA-da-13a-reuniao-do-PEE-25-07-2023-1.pdf<\/a><\/td><td style=\"color: #000000; background-color: #FFFFFF;\"><\/td><\/tr><tr><td style=\"color: #000000; background-color: #FFFFFF;\">Ata de Reuni\u00e3o Deliberativa<\/td><td style=\"color: #000000; background-color: #FFFFFF;\"> Comiss\u00e3o Coordenadora do Monitoramento e Avalia\u00e7\u00e3o do Plano Estadual de Educa\u00e7\u00e3o - PEE 2015\/2025.<\/td><td style=\"color: #000000; background-color: #FFFFFF;\">01\/09\/2023<\/td><td style=\"color: #000000; background-color: #FFFFFF;\">Apresenta\u00e7\u00e3o das adequa\u00e7\u00f5es das Metas 11 e 12<\/td><td style=\"color: #467886; background-color: #FFFFFF;text-decoration: underline;\"><a href=\"https:\/\/goias.gov.br\/educacao\/wp-content\/uploads\/sites\/40\/2024\/04\/ATA-da-14a-reuniao-do-PEE-01-09-2023-1.pdf\" target=\"_blank\">https:\/\/goias.gov.br\/educacao\/wp-content\/uploads\/sites\/40\/2024\/04\/ATA-da-14a-reuniao-do-PEE-01-09-2023-1.pdf<\/a><\/td><td style=\"color: #000000; background-color: #FFFFFF;\"><\/td><\/tr><tr><td style=\"color: #000000; background-color: #FFFFFF;\">Ata de Reuni\u00e3o Deliberativa<\/td><td style=\"color: #000000; background-color: #FFFFFF;\"> Comiss\u00e3o Coordenadora do Monitoramento e Avalia\u00e7\u00e3o do Plano Estadual de Educa\u00e7\u00e3o - PEE 2015\/2025.<\/td><td style=\"color: #000000; background-color: #FFFFFF;\">15\/09\/2023<\/td><td style=\"color: #000000; background-color: #FFFFFF;\">Atualiza\u00e7\u00f5es das Metas  13 e 14<\/td><td style=\"color: #467886; background-color: #FFFFFF;text-decoration: underline;\"><a href=\"https:\/\/goias.gov.br\/educacao\/wp-content\/uploads\/sites\/40\/2024\/04\/ATA-da-15a-reuniao-do-PEE-15-09-2023-1.pdf\" target=\"_blank\">https:\/\/goias.gov.br\/educacao\/wp-content\/uploads\/sites\/40\/2024\/04\/ATA-da-15a-reuniao-do-PEE-15-09-2023-1.pdf<\/a><\/td><td style=\"color: #000000; background-color: #FFFFFF;\"><\/td><\/tr><tr><td style=\"color: #000000; background-color: #FFFFFF;\">Ata de Reuni\u00e3o Deliberativa<\/td><td style=\"color: #000000; background-color: #FFFFFF;\"> Comiss\u00e3o Coordenadora do Monitoramento e Avalia\u00e7\u00e3o do Plano Estadual de Educa\u00e7\u00e3o - PEE 2015\/2025.<\/td><td style=\"color: #000000; background-color: #FFFFFF;\">29\/09\/2023<\/td><td style=\"color: #000000; background-color: #FFFFFF;\">Leitura e corre\u00e7\u00f5es da Meta 15<\/td><td style=\"color: #467886; background-color: #FFFFFF;text-decoration: underline;\"><a href=\"https:\/\/goias.gov.br\/educacao\/wp-content\/uploads\/sites\/40\/2024\/04\/ATA-da-16a-reuniao-do-PEE-29-9-2023-1.pdf\" target=\"_blank\">https:\/\/goias.gov.br\/educacao\/wp-content\/uploads\/sites\/40\/2024\/04\/ATA-da-16a-reuniao-do-PEE-29-9-2023-1.pdf<\/a><\/td><td style=\"color: #000000; background-color: #FFFFFF;\"><\/td><\/tr><tr><td style=\"color: #000000; background-color: #FFFFFF;\">Ata - Reuni\u00e3o n\u00b0 6<\/td><td style=\"color: #000000; background-color: #FFFFFF;\"> Comiss\u00e3o Coordenadora do Monitoramento e Avalia\u00e7\u00e3o do Plano Estadual de Educa\u00e7\u00e3o - PEE 2015\/2025.<\/td><td style=\"color: #000000; background-color: #FFFFFF;\">22\/09\/2023<\/td><td style=\"color: #000000; background-color: #FFFFFF;\">Tratativas inerentes \u00e0 Meta 15<\/td><td style=\"color: #467886; background-color: #FFFFFF;text-decoration: underline;\"><a href=\"https:\/\/goias.gov.br\/educacao\/wp-content\/uploads\/sites\/40\/2024\/04\/ATA-da-17a-reuniao-do-PEE-22-09-2023-1.pdf\" target=\"_blank\">https:\/\/goias.gov.br\/educacao\/wp-content\/uploads\/sites\/40\/2024\/04\/ATA-da-17a-reuniao-do-PEE-22-09-2023-1.pdf<\/a><\/td><td style=\"color: #000000; background-color: #FFFFFF;\"><\/td><\/tr><tr><td style=\"color: #000000; background-color: #FFFFFF;\">Ata de Reuni\u00e3o Deliberativa<\/td><td style=\"color: #000000; background-color: #FFFFFF;\"> Comiss\u00e3o Coordenadora do Monitoramento e Avalia\u00e7\u00e3o do Plano Estadual de Educa\u00e7\u00e3o - PEE 2015\/2025.<\/td><td style=\"color: #000000; background-color: #FFFFFF;\">02\/10\/2023<\/td><td style=\"color: #000000; background-color: #FFFFFF;\">Leitura e dicuss\u00e3o a respeito das Metas 15 e 17<\/td><td style=\"color: #467886; background-color: #FFFFFF;text-decoration: underline;\"><a href=\"https:\/\/goias.gov.br\/educacao\/wp-content\/uploads\/sites\/40\/2024\/04\/ATA-da-18a-reuniao-do-PEE-02-10-2023-1.pdf\" target=\"_blank\">https:\/\/goias.gov.br\/educacao\/wp-content\/uploads\/sites\/40\/2024\/04\/ATA-da-18a-reuniao-do-PEE-02-10-2023-1.pdf<\/a><\/td><td style=\"color: #000000; background-color: #FFFFFF;\"><\/td><\/tr><tr><td style=\"color: #000000; background-color: #FFFFFF;\">Material de Apoio<\/td><td style=\"color: #000000; background-color: #FFFFFF;\">SEDUC<\/td><td style=\"color: #000000; background-color: #FFFFFF;\">2024<\/td><td style=\"color: #000000; background-color: #FFFFFF;\">Material de Orienta\u00e7\u00f5es para elabora\u00e7\u00e3o do Relat\u00f3rio de Monitoramento<\/td><td style=\"color: #467886; background-color: #FFFFFF;text-decoration: underline;\"><a href=\"https:\/\/goias.gov.br\/educacao\/wp-content\/uploads\/sites\/40\/2024\/PNLD\/Manual\/MANUAL_DE_ORIENTACOES_DOS_PLANOS_MUNICIPAIS_DE_EDUCACAO.pdf\" target=\"_blank\">https:\/\/goias.gov.br\/educacao\/wp-content\/uploads\/sites\/40\/2024\/PNLD\/Manual\/MANUAL_DE_ORIENTACOES_DOS_PLANOS_MUNICIPAIS_DE_EDUCACAO.pdf<\/a><\/td><td style=\"color: #000000; background-color: #FFFFFF;\"><\/td><\/tr><tr><td style=\"color: #000000; background-color: #FFFFFF;\">Anexo I- Metas e Estrat\u00e9gias<\/td><td style=\"color: #000000; background-color: #FFFFFF;\">SEDUC<\/td><td style=\"color: #000000; background-color: #FFFFFF;\">2024<\/td><td style=\"color: #000000; background-color: #FFFFFF;\">Metas e Estrat\u00e9gias do Plano Estadual de Educa\u00e7\u00e3o<\/td><td style=\"color: #467886; background-color: #FFFFFF;text-decoration: underline;\"><a href=\"https:\/\/goias.gov.br\/educacao\/wp-content\/uploads\/sites\/40\/2024\/05\/Anexo-01-Metas-e-Estrategias.pdf\" target=\"_blank\">https:\/\/goias.gov.br\/educacao\/wp-content\/uploads\/sites\/40\/2024\/05\/Anexo-01-Metas-e-Estrategias.pdf<\/a><\/td><td style=\"color: #000000; background-color: #FFFFFF;\"><\/td><\/tr><tr><td style=\"color: #000000; background-color: #FFFFFF;\">Anexo II - Texto Diagn\u00f3stico<\/td><td style=\"color: #000000; background-color: #FFFFFF;\">SEDUC<\/td><td style=\"color: #000000; background-color: #FFFFFF;\">2024<\/td><td style=\"color: #000000; background-color: #FFFFFF;\">Diagn\u00f3stico do Plano Estadual de Educa\u00e7\u00e3o<\/td><td style=\"color: #467886; background-color: #FFFFFF;text-decoration: underline;\"><a href=\"https:\/\/goias.gov.br\/educacao\/wp-content\/uploads\/sites\/40\/2024\/05\/Anexo-02-Texto-Diagnostico.pdf\" target=\"_blank\">https:\/\/goias.gov.br\/educacao\/wp-content\/uploads\/sites\/40\/2024\/05\/Anexo-02-Texto-Diagnostico.pdf<\/a><\/td><td style=\"color: #000000; background-color: #FFFFFF;\"><\/td><\/tr><tr><td style=\"color: #000000; background-color: #FFFFFF;\">Anexo V -  Metas PNE 2014-2024 Correspond\u00eancias - PEE 2015-2025<\/td><td style=\"color: #000000; background-color: #FFFFFF;\">SEDUC<\/td><td style=\"color: #000000; background-color: #FFFFFF;\">2024<\/td><td style=\"color: #000000; background-color: #FFFFFF;\">Metas do PNE e Metas do PEE<\/td><td style=\"color: #467886; background-color: #FFFFFF;text-decoration: underline;\"><a href=\"https:\/\/goias.gov.br\/educacao\/wp-content\/uploads\/sites\/40\/2024\/05\/Anexo-03-Metas-PNE-2014-2024-Correspondencias-PEE-2015-2025.pdf\" target=\"_blank\">https:\/\/goias.gov.br\/educacao\/wp-content\/uploads\/sites\/40\/2024\/05\/Anexo-03-Metas-PNE-2014-2024-Correspondencias-PEE-2015-2025.pdf<\/a><\/td><td style=\"color: #000000; background-color: #FFFFFF;\"><\/td><\/tr><tr><td style=\"color: #000000; background-color: #FFFFFF;\">Projeto de Lei n\u00b0 2.614\/2024<\/td><td style=\"color: #000000; background-color: #FFFFFF;\">Executivo<\/td><td style=\"color: #000000; background-color: #FFFFFF;\">2024<\/td><td style=\"color: #000000; background-color: #FFFFFF;\">Projeto de Lei n\u00b0 2.614\/2024 - Plano Nacional de Educa\u00e7\u00e3o para o dec\u00eanio 2024-2034<\/td><td style=\"color: #467886; background-color: #FFFFFF;text-decoration: underline;\"><a href=\"https:\/\/goias.gov.br\/educacao\/wp-content\/uploads\/sites\/40\/2025\/PEE\/DadosPEE\/Projeto_de_Lei_2.614_2024.pdf\" target=\"_blank\">https:\/\/goias.gov.br\/educacao\/wp-content\/uploads\/sites\/40\/2025\/PEE\/DadosPEE\/Projeto_de_Lei_2.614_2024.pdf<\/a><\/td><td style=\"color: #000000; background-color: #FFFFFF;\"><\/td><\/tr><tr><td style=\"color: #000000; background-color: #FFFFFF;\">Diagn\u00f3stico do novo PNE <\/td><td style=\"color: #000000; background-color: #FFFFFF;\">Executivo<\/td><td style=\"color: #000000; background-color: #FFFFFF;\">2025<\/td><td style=\"color: #000000; background-color: #FFFFFF;\">Documento Diagn\u00f3stico do Plano Nacinal de Educa\u00e7\u00e3o para o dec\u00eanio 2024-2034<\/td><td style=\"color: #467886; background-color: #FFFFFF;text-decoration: underline;\"><a href=\"https:\/\/goias.gov.br\/educacao\/wp-content\/uploads\/sites\/40\/2025\/PEE\/DadosPEE\/Diagnostico_do_novo_PNE.pdf\" target=\"_blank\">https:\/\/goias.gov.br\/educacao\/wp-content\/uploads\/sites\/40\/2025\/PEE\/DadosPEE\/Diagnostico_do_novo_PNE.pdf<\/a><\/td><td style=\"color: #000000; background-color: #FFFFFF;\"><\/td><\/tr><tr><td style=\"color: #000000; background-color: #FFFFFF;\">Guia de Orienta\u00e7\u00e3o <\/td><td style=\"color: #000000; background-color: #FFFFFF;\">Executivo<\/td><td style=\"color: #000000; background-color: #FFFFFF;\">2025<\/td><td style=\"color: #000000; background-color: #FFFFFF;\">Guia de Orienta\u00e7\u00e3o para Elabora\u00e7\u00e3o dos Planos Estaduais e Municipais de Educa\u00e7\u00e3o<\/td><td style=\"color: #467886; background-color: #FFFFFF;text-decoration: underline;\"><a href=\"https:\/\/goias.gov.br\/educacao\/wp-content\/uploads\/sites\/40\/2025\/PEE\/DadosPEE\/Guia_de_Orientacao_para_Elaboracao_dos_Planos_Estaduais_Municipais_de_Educacao.pdf\" target=\"_blank\">https:\/\/goias.gov.br\/educacao\/wp-content\/uploads\/sites\/40\/2025\/PEE\/DadosPEE\/Guia_de_Orientacao_para_Elaboracao_dos_Planos_Estaduais_Municipais_de_Educacao.pdf<\/a><\/td><td style=\"color: #000000; background-color: #FFFFFF;\"><\/td><\/tr><tr><td style=\"color: #000000; background-color: #FFFFFF;\">Tutorial de Dados<\/td><td style=\"color: #000000; background-color: #FFFFFF;\">Executivo<\/td><td style=\"color: #000000; background-color: #FFFFFF;\">2025<\/td><td style=\"color: #000000; background-color: #FFFFFF;\">Tutorial de Dados Educacionais - passo a passo<\/td><td style=\"color: #467886; background-color: #FFFFFF;text-decoration: underline;\"><a href=\"https:\/\/goias.gov.br\/educacao\/wp-content\/uploads\/sites\/40\/2025\/PEE\/DadosPEE\/Tutorial_Dados_Educacionais_passo_passo.pdf\" target=\"_blank\">https:\/\/goias.gov.br\/educacao\/wp-content\/uploads\/sites\/40\/2025\/PEE\/DadosPEE\/Tutorial_Dados_Educacionais_passo_passo.pdf <\/a><\/td><td style=\"color: #000000; background-color: #FFFFFF;\"><\/td><\/tr><tr><td style=\"color: #000000; background-color: #FFFFFF;\">Portaria n\u00b0 3.198<\/td><td style=\"color: #000000; background-color: #FFFFFF;\">SEDUC<\/td><td style=\"color: #000000; background-color: #FFFFFF;\">27\/06\/2025\u00a0<\/td><td style=\"color: #000000; background-color: #FFFFFF;\">Portaria n\u00b0 3.198, de 27 de junho de 2025, que institui a Comiss\u00e3o Gestora para a elabora\u00e7\u00e3o do Projeto de Lei do Plano Decenal de Educa\u00e7\u00e3o do Estado de Goi\u00e1s.\u00a0<\/td><td style=\"color: #467886; background-color: #FFFFFF;text-decoration: underline;\"><a href=\"https:\/\/goias.gov.br\/educacao\/wp-content\/uploads\/sites\/40\/2025\/09\/Portaria-No-3198-de-27-de-junho-de-2025.pdf\" target=\"_blank\">https:\/\/goias.gov.br\/educacao\/wp-content\/uploads\/sites\/40\/2025\/09\/Portaria-No-3198-de-27-de-junho-de-2025.pdf <\/a><\/td><td style=\"color: #000000; background-color: #FFFFFF;\"><\/td><\/tr><tr><td style=\"color: #000000; background-color: #FFFFFF;\">Plano de A\u00e7\u00e3o do PEE 2025<\/td><td style=\"color: #000000; background-color: #FFFFFF;\">Comiss\u00e3o Coordenadora de Monitoramento e Avalia\u00e7\u00e3o do PEE-GO<\/td><td style=\"color: #000000; background-color: #FFFFFF;\">2\u00ba semestre de 2025<\/td><td style=\"color: #000000; background-color: #FFFFFF;\">Plano de A\u00e7\u00e3o do Plano Estadual de Educa\u00e7\u00e3o do 2\u00b0 semestre de 2025<\/td><td style=\"color: #467886; background-color: #FFFFFF;text-decoration: underline;\"><a href=\"https:\/\/goias.gov.br\/educacao\/wp-content\/uploads\/sites\/40\/2025\/09\/Plano-de-Acao-PEE-2o-SEMESTRE-DE-2025-Comissao-Externa.xlsx\" target=\"_blank\">https:\/\/goias.gov.br\/educacao\/wp-content\/uploads\/sites\/40\/2025\/09\/Plano-de-Acao-PEE-2o-SEMESTRE-DE-2025-Comissao-Externa.xlsx <\/a><\/td><td style=\"color: #000000; background-color: #FFFFFF;\"><\/td><\/tr><tr><td style=\"color: #000000; background-color: #FFFFFF;\">Lei Estadual n\u00b0 23.593<\/td><td style=\"color: #000000; background-color: #FFFFFF;\">SEDUC<\/td><td style=\"color: #000000; background-color: #FFFFFF;\">25\/08\/2025\u00a0<\/td><td style=\"color: #000000; background-color: #FFFFFF;\">Prorroga , at\u00e9 31 de dezembro de 2025, a vig\u00eancia do Plano Estadual de Educa\u00e7\u00e3o, aprovado pela Lei n\u00b0 18.969, de 22 de julho de 2015<\/td><td style=\"color: #467886; background-color: #FFFFFF;text-decoration: underline;\"><a href=\"https:\/\/goias.gov.br\/educacao\/wp-content\/uploads\/sites\/40\/2025\/09\/D.O-da-Prorrogacao-do-PEE.pdf\" target=\"_blank\">https:\/\/goias.gov.br\/educacao\/wp-content\/uploads\/sites\/40\/2025\/09\/D.O-da-Prorrogacao-do-PEE.pdf <\/a><\/td><td style=\"color: #000000; background-color: #FFFFFF;\"><\/td><\/tr><\/tbody><\/table><div class=\"wp-block-file\"><a href=\"https:\/\/goias.gov.br\/educacao\/wp-content\/uploads\/sites\/40\/2025\/07\/Dados_PEE_SETEMBRO-04.09.xlsx\">Dados_PEE_SETEMBRO-04.09.xlsx&nbsp; <span class=\"wp-block-file__button wp-element-button\">Baixar<\/span><\/a><\/div>\n\n\n\n<div data-wp-context=\"{ &quot;autoclose&quot;: false, &quot;accordionItems&quot;: [] }\" data-wp-interactive=\"core\/accordion\" role=\"group\" class=\"wp-block-accordion is-layout-flow wp-block-accordion-is-layout-flow\">\n<div data-wp-class--is-open=\"state.isOpen\" data-wp-context=\"{ &quot;id&quot;: &quot;accordion-item-2&quot;, &quot;openByDefault&quot;: false }\" data-wp-init=\"callbacks.initAccordionItems\" data-wp-on-window--hashchange=\"callbacks.hashChange\" class=\"wp-block-accordion-item is-layout-flow wp-block-accordion-item-is-layout-flow\">\n<h3 class=\"wp-block-accordion-heading\"><button aria-expanded=\"false\" aria-controls=\"accordion-item-2-panel\" data-wp-bind--aria-expanded=\"state.isOpen\" data-wp-on--click=\"actions.toggle\" data-wp-on--keydown=\"actions.handleKeyDown\" id=\"accordion-item-2\" type=\"button\" class=\"wp-block-accordion-heading__toggle\"><span class=\"wp-block-accordion-heading__toggle-title\"><\/span><span class=\"wp-block-accordion-heading__toggle-icon\" aria-hidden=\"true\">+<\/span><\/button><\/h3>\n\n\n\n<div inert aria-labelledby=\"accordion-item-2\" data-wp-bind--inert=\"!state.isOpen\" id=\"accordion-item-2-panel\" role=\"region\" class=\"wp-block-accordion-panel is-layout-flow wp-block-accordion-panel-is-layout-flow\">\n<p><\/p>\n<\/div>\n<\/div>\n<\/div>\n","protected":false},"excerpt":{"rendered":"<p>O Plano Nacional de Educa\u00e7\u00e3o \u2013&nbsp;PNE \u2013&nbsp;foi institu\u00eddo pela Lei n.\u00ba 13.005, de 25 de junho de 2014, que determina as diretrizes, metas e estrat\u00e9gias para a pol\u00edtica educacional do pa\u00eds, no per\u00edodo de 2014 a 2024. Em decorr\u00eancia dessa Lei, os estados e munic\u00edpios elaboraram os respectivos planos de educa\u00e7\u00e3o, cujas metas e estrat\u00e9gias [&hellip;]<\/p>\n","protected":false},"author":465,"featured_media":0,"comment_status":"closed","ping_status":"open","sticky":false,"template":"","format":"standard","meta":{"footnotes":""},"categories":[],"tags":[],"class_list":["post-502139","post","type-post","status-publish","format-standard","hentry"],"rttpg_featured_image_url":null,"rttpg_author":{"display_name":"laysmendes","author_link":"https:\/\/goias.gov.br\/educacao\/author\/laysmendes\/"},"rttpg_comment":0,"rttpg_category":"Sem categoria","rttpg_excerpt":"O Plano Nacional de Educa\u00e7\u00e3o \u2013&nbsp;PNE \u2013&nbsp;foi institu\u00eddo pela Lei n.\u00ba 13.005, de 25 de junho de 2014, que determina as diretrizes, metas e estrat\u00e9gias para a pol\u00edtica educacional do pa\u00eds, no per\u00edodo de 2014 a 2024. Em decorr\u00eancia dessa Lei, os estados e munic\u00edpios elaboraram os respectivos planos de educa\u00e7\u00e3o, cujas metas e estrat\u00e9gias&hellip;","_links":{"self":[{"href":"https:\/\/goias.gov.br\/educacao\/wp-json\/wp\/v2\/posts\/502139","targetHints":{"allow":["GET"]}}],"collection":[{"href":"https:\/\/goias.gov.br\/educacao\/wp-json\/wp\/v2\/posts"}],"about":[{"href":"https:\/\/goias.gov.br\/educacao\/wp-json\/wp\/v2\/types\/post"}],"author":[{"embeddable":true,"href":"https:\/\/goias.gov.br\/educacao\/wp-json\/wp\/v2\/users\/465"}],"replies":[{"embeddable":true,"href":"https:\/\/goias.gov.br\/educacao\/wp-json\/wp\/v2\/comments?post=502139"}],"version-history":[{"count":2,"href":"https:\/\/goias.gov.br\/educacao\/wp-json\/wp\/v2\/posts\/502139\/revisions"}],"predecessor-version":[{"id":723198,"href":"https:\/\/goias.gov.br\/educacao\/wp-json\/wp\/v2\/posts\/502139\/revisions\/723198"}],"wp:attachment":[{"href":"https:\/\/goias.gov.br\/educacao\/wp-json\/wp\/v2\/media?parent=502139"}],"wp:term":[{"taxonomy":"category","embeddable":true,"href":"https:\/\/goias.gov.br\/educacao\/wp-json\/wp\/v2\/categories?post=502139"},{"taxonomy":"post_tag","embeddable":true,"href":"https:\/\/goias.gov.br\/educacao\/wp-json\/wp\/v2\/tags?post=502139"}],"curies":[{"name":"wp","href":"https:\/\/api.w.org\/{rel}","templated":true}]}}