

{"id":500220,"date":"2025-07-14T15:27:45","date_gmt":"2025-07-14T18:27:45","guid":{"rendered":"https:\/\/goias.gov.br\/educacao\/?p=500220"},"modified":"2025-07-14T15:27:47","modified_gmt":"2025-07-14T18:27:47","slug":"canto-da-primavera-kids-2025-abre-inscricoes-gratuitas-para-talentos-mirins","status":"publish","type":"post","link":"https:\/\/goias.gov.br\/educacao\/canto-da-primavera-kids-2025-abre-inscricoes-gratuitas-para-talentos-mirins\/","title":{"rendered":"Canto da Primavera Kids 2025 abre inscri\u00e7\u00f5es gratuitas para talentos mirins"},"content":{"rendered":"\n<p><em>Promovido pelo Governo de Goi\u00e1s, festival realizado em Piren\u00f3polis tem novo formato e seleciona 40 participantes de 7 a 14 anos<\/em><\/p>\n\n\n<div class=\"wp-block-image\">\n<figure class=\"aligncenter size-full is-resized\"><img fetchpriority=\"high\" decoding=\"async\" width=\"1024\" height=\"682\" src=\"https:\/\/goias.gov.br\/educacao\/wp-content\/uploads\/sites\/40\/2025\/07\/WhatsApp-Image-2025-07-14-at-15.07.04-1.jpeg\" alt=\"\" class=\"wp-image-500224\" style=\"width:467px;height:auto\" srcset=\"https:\/\/goias.gov.br\/educacao\/wp-content\/uploads\/sites\/40\/2025\/07\/WhatsApp-Image-2025-07-14-at-15.07.04-1.jpeg 1024w, https:\/\/goias.gov.br\/educacao\/wp-content\/uploads\/sites\/40\/2025\/07\/WhatsApp-Image-2025-07-14-at-15.07.04-1-300x200.jpeg 300w, https:\/\/goias.gov.br\/educacao\/wp-content\/uploads\/sites\/40\/2025\/07\/WhatsApp-Image-2025-07-14-at-15.07.04-1-768x512.jpeg 768w\" sizes=\"(max-width: 1024px) 100vw, 1024px\" \/><\/figure>\n<\/div>\n\n\n<p>O Governo de Goi\u00e1s abre, nesta segunda-feira (7\/7), as inscri\u00e7\u00f5es para a 4\u00aa edi\u00e7\u00e3o do Canto da Primavera Kids, festival de m\u00fasica infantil que ser\u00e1 realizado nos dias 5 e 6 de setembro de 2025, na cidade de Piren\u00f3polis. As inscri\u00e7\u00f5es s\u00e3o gratuitas, abertas a participantes de todo o estado, e devem ser feitas at\u00e9 o dia 21 de julho, exclusivamente pela Plataforma Plateia Editais: https:\/\/web.ufg.br\/plateia-editais.<\/p>\n\n\n\n<p>O festival \u00e9 uma realiza\u00e7\u00e3o do Governo de Goi\u00e1s, por meio da Secretaria da Cultura (Secult), com correaliza\u00e7\u00e3o da Universidade Federal de Goi\u00e1s (UFG) e da Funda\u00e7\u00e3o R\u00e1dio e Televis\u00e3o Educativa (RTVE). O evento tamb\u00e9m tem como parceiros o Sesc e Fecom\u00e9rcio, Goi\u00e1s Social, Secretaria da Retomada e Prefeitura de Piren\u00f3polis.<\/p>\n\n\n\n<p>Em novo formato, o evento deixa de ter car\u00e1ter competitivo e passa a adotar uma proposta formativa e art\u00edstica, com foco na valoriza\u00e7\u00e3o de talentos musicais infantis, na diversidade cultural regional e no incentivo \u00e0 forma\u00e7\u00e3o musical desde a inf\u00e2ncia. A sele\u00e7\u00e3o ser\u00e1 feita por curadoria especializada, com avalia\u00e7\u00e3o da performance vocal, interpreta\u00e7\u00e3o art\u00edstica e adequa\u00e7\u00e3o da m\u00fasica escolhida \u00e0 idade do participante.<\/p>\n\n\n\n<p>Ser\u00e3o selecionadas 40 crian\u00e7as e adolescentes de 7 a 14 anos, divididos em duas categorias por faixa et\u00e1ria: de 7 a 10 anos, e de 11 a 14 anos. Antes das apresenta\u00e7\u00f5es, os selecionados participar\u00e3o de ensaios nos dias 3 e 4 de setembro, com profissionais de canto e m\u00fasicos que acompanhar\u00e3o o festival, um momento fundamental na prepara\u00e7\u00e3o t\u00e9cnica e art\u00edstica dos participantes.<\/p>\n\n\n\n<p>Cada crian\u00e7a ou adolescente escolhida receber\u00e1 uma premia\u00e7\u00e3o de R$ 2.504 destinada a cobrir despesas com transporte, hospedagem, alimenta\u00e7\u00e3o e demais custos pessoais durante o evento.<\/p>\n\n\n\n<p><strong>Sobre o festival<\/strong><br>O Canto da Primavera Kids tem como objetivo fomentar a express\u00e3o art\u00edstica e musical de crian\u00e7as e adolescentes, promovendo a forma\u00e7\u00e3o cultural desde a inf\u00e2ncia. O festival integra as pol\u00edticas p\u00fablicas de valoriza\u00e7\u00e3o da cultura e da juventude, consolidando-se como um espa\u00e7o de est\u00edmulo \u00e0 cria\u00e7\u00e3o, ao talento e \u00e0 diversidade cultural.<\/p>\n\n\n\n<p><strong>Secretaria de Estado da Cultura &#8211; Governo de Goi\u00e1s<\/strong><\/p>\n","protected":false},"excerpt":{"rendered":"<p>Promovido pelo Governo de Goi\u00e1s, festival realizado em Piren\u00f3polis tem novo formato e seleciona 40 participantes de 7 a 14 anos O Governo de Goi\u00e1s abre, nesta segunda-feira (7\/7), as inscri\u00e7\u00f5es para a 4\u00aa edi\u00e7\u00e3o do Canto da Primavera Kids, festival de m\u00fasica infantil que ser\u00e1 realizado nos dias 5 e 6 de setembro de [&hellip;]<\/p>\n","protected":false},"author":633,"featured_media":500223,"comment_status":"closed","ping_status":"open","sticky":false,"template":"","format":"standard","meta":{"footnotes":""},"categories":[4801],"tags":[4850,4940],"class_list":["post-500220","post","type-post","status-publish","format-standard","has-post-thumbnail","hentry","category-noticias","tag-educacao","tag-estudantes"],"rttpg_featured_image_url":{"full":["https:\/\/goias.gov.br\/educacao\/wp-content\/uploads\/sites\/40\/2025\/07\/WhatsApp-Image-2025-07-14-at-15.07.04.jpeg",1024,682,false],"landscape":["https:\/\/goias.gov.br\/educacao\/wp-content\/uploads\/sites\/40\/2025\/07\/WhatsApp-Image-2025-07-14-at-15.07.04.jpeg",1024,682,false],"portraits":["https:\/\/goias.gov.br\/educacao\/wp-content\/uploads\/sites\/40\/2025\/07\/WhatsApp-Image-2025-07-14-at-15.07.04.jpeg",1024,682,false],"thumbnail":["https:\/\/goias.gov.br\/educacao\/wp-content\/uploads\/sites\/40\/2025\/07\/WhatsApp-Image-2025-07-14-at-15.07.04-150x150.jpeg",150,150,true],"medium":["https:\/\/goias.gov.br\/educacao\/wp-content\/uploads\/sites\/40\/2025\/07\/WhatsApp-Image-2025-07-14-at-15.07.04-300x200.jpeg",300,200,true],"large":["https:\/\/goias.gov.br\/educacao\/wp-content\/uploads\/sites\/40\/2025\/07\/WhatsApp-Image-2025-07-14-at-15.07.04.jpeg",1024,682,false],"1536x1536":["https:\/\/goias.gov.br\/educacao\/wp-content\/uploads\/sites\/40\/2025\/07\/WhatsApp-Image-2025-07-14-at-15.07.04.jpeg",1024,682,false],"2048x2048":["https:\/\/goias.gov.br\/educacao\/wp-content\/uploads\/sites\/40\/2025\/07\/WhatsApp-Image-2025-07-14-at-15.07.04.jpeg",1024,682,false]},"rttpg_author":{"display_name":"isabellebrandao","author_link":"https:\/\/goias.gov.br\/educacao\/author\/isabellebrandao\/"},"rttpg_comment":0,"rttpg_category":"<a href=\"https:\/\/goias.gov.br\/educacao\/categoria\/noticias\/\" rel=\"category tag\">Not\u00edcias<\/a>","rttpg_excerpt":"Promovido pelo Governo de Goi\u00e1s, festival realizado em Piren\u00f3polis tem novo formato e seleciona 40 participantes de 7 a 14 anos O Governo de Goi\u00e1s abre, nesta segunda-feira (7\/7), as inscri\u00e7\u00f5es para a 4\u00aa edi\u00e7\u00e3o do Canto da Primavera Kids, festival de m\u00fasica infantil que ser\u00e1 realizado nos dias 5 e 6 de setembro de&hellip;","_links":{"self":[{"href":"https:\/\/goias.gov.br\/educacao\/wp-json\/wp\/v2\/posts\/500220","targetHints":{"allow":["GET"]}}],"collection":[{"href":"https:\/\/goias.gov.br\/educacao\/wp-json\/wp\/v2\/posts"}],"about":[{"href":"https:\/\/goias.gov.br\/educacao\/wp-json\/wp\/v2\/types\/post"}],"author":[{"embeddable":true,"href":"https:\/\/goias.gov.br\/educacao\/wp-json\/wp\/v2\/users\/633"}],"replies":[{"embeddable":true,"href":"https:\/\/goias.gov.br\/educacao\/wp-json\/wp\/v2\/comments?post=500220"}],"version-history":[{"count":1,"href":"https:\/\/goias.gov.br\/educacao\/wp-json\/wp\/v2\/posts\/500220\/revisions"}],"predecessor-version":[{"id":500233,"href":"https:\/\/goias.gov.br\/educacao\/wp-json\/wp\/v2\/posts\/500220\/revisions\/500233"}],"wp:featuredmedia":[{"embeddable":true,"href":"https:\/\/goias.gov.br\/educacao\/wp-json\/wp\/v2\/media\/500223"}],"wp:attachment":[{"href":"https:\/\/goias.gov.br\/educacao\/wp-json\/wp\/v2\/media?parent=500220"}],"wp:term":[{"taxonomy":"category","embeddable":true,"href":"https:\/\/goias.gov.br\/educacao\/wp-json\/wp\/v2\/categories?post=500220"},{"taxonomy":"post_tag","embeddable":true,"href":"https:\/\/goias.gov.br\/educacao\/wp-json\/wp\/v2\/tags?post=500220"}],"curies":[{"name":"wp","href":"https:\/\/api.w.org\/{rel}","templated":true}]}}