

{"id":492371,"date":"2025-06-16T18:38:34","date_gmt":"2025-06-16T21:38:34","guid":{"rendered":"https:\/\/goias.gov.br\/educacao\/?p=492371"},"modified":"2025-06-16T18:38:35","modified_gmt":"2025-06-16T21:38:35","slug":"professor-manoel-oliveira-sousa","status":"publish","type":"post","link":"https:\/\/goias.gov.br\/educacao\/professor-manoel-oliveira-sousa\/","title":{"rendered":"Professor Manoel Oliveira Sousa"},"content":{"rendered":"\n<p><strong>Nota de Pesar<br><\/strong>A Secretaria de Estado da Educa\u00e7\u00e3o de Goi\u00e1s (Seduc) comunica, com profundo pesar, o falecimento do professor Manoel Oliveira Sousa, carinhosamente conhecido como Manoel Campim, ocorrido em decorr\u00eancia de complica\u00e7\u00f5es causadas pelo c\u00e2ncer.<\/p>\n\n\n\n<p>Educador dedicado, Manoel Campim teve uma trajet\u00f3ria de 32 anos na educa\u00e7\u00e3o p\u00fablica, com forma\u00e7\u00e3o em Hist\u00f3ria (P-IV \u2013 1993). Atuava como professor nos Col\u00e9gios Estaduais Ana Rita de Faria e Leon\u00eddio Castro e Silva, estando licenciado para tratamento de sa\u00fade. Foi tamb\u00e9m gestor do Col\u00e9gio Ana Rita de Faria por v\u00e1rios anos, deixando sua marca com trabalho, compromisso e humanidade.<\/p>\n\n\n\n<p>Al\u00e9m da trajet\u00f3ria educacional, Manoel exerceu importante papel na vida p\u00fablica de Bom Jardim de Goi\u00e1s, como vereador e vice-prefeito, sempre movido pelo desejo de servir \u00e0 comunidade.<\/p>\n\n\n\n<p>Neste momento de dor, a Seduc, em nome de todos os servidores, expressa solidariedade \u00e0 fam\u00edlia, amigos, colegas e \u00e0 comunidade escolar. Que o legado de Manoel Campim, pautado pela dedica\u00e7\u00e3o \u00e0 educa\u00e7\u00e3o e ao servi\u00e7o p\u00fablico, jamais seja esquecido.<\/p>\n\n\n\n<figure class=\"wp-block-image size-large\"><img fetchpriority=\"high\" decoding=\"async\" width=\"576\" height=\"1024\" src=\"https:\/\/goias.gov.br\/educacao\/wp-content\/uploads\/sites\/40\/2025\/06\/b0ddb069-7ed6-42ce-bf9a-89df286bd921-576x1024.jpg\" alt=\"\" class=\"wp-image-492381\" srcset=\"https:\/\/goias.gov.br\/educacao\/wp-content\/uploads\/sites\/40\/2025\/06\/b0ddb069-7ed6-42ce-bf9a-89df286bd921-576x1024.jpg 576w, https:\/\/goias.gov.br\/educacao\/wp-content\/uploads\/sites\/40\/2025\/06\/b0ddb069-7ed6-42ce-bf9a-89df286bd921-169x300.jpg 169w, https:\/\/goias.gov.br\/educacao\/wp-content\/uploads\/sites\/40\/2025\/06\/b0ddb069-7ed6-42ce-bf9a-89df286bd921-768x1366.jpg 768w, https:\/\/goias.gov.br\/educacao\/wp-content\/uploads\/sites\/40\/2025\/06\/b0ddb069-7ed6-42ce-bf9a-89df286bd921-864x1536.jpg 864w, https:\/\/goias.gov.br\/educacao\/wp-content\/uploads\/sites\/40\/2025\/06\/b0ddb069-7ed6-42ce-bf9a-89df286bd921.jpg 899w\" sizes=\"(max-width: 576px) 100vw, 576px\" \/><\/figure>\n","protected":false},"excerpt":{"rendered":"<p>Nota de PesarA Secretaria de Estado da Educa\u00e7\u00e3o de Goi\u00e1s (Seduc) comunica, com profundo pesar, o falecimento do professor Manoel Oliveira Sousa, carinhosamente conhecido como Manoel Campim, ocorrido em decorr\u00eancia de complica\u00e7\u00f5es causadas pelo c\u00e2ncer. Educador dedicado, Manoel Campim teve uma trajet\u00f3ria de 32 anos na educa\u00e7\u00e3o p\u00fablica, com forma\u00e7\u00e3o em Hist\u00f3ria (P-IV \u2013 1993). [&hellip;]<\/p>\n","protected":false},"author":458,"featured_media":0,"comment_status":"closed","ping_status":"open","sticky":false,"template":"","format":"standard","meta":{"footnotes":""},"categories":[4826],"tags":[],"class_list":["post-492371","post","type-post","status-publish","format-standard","hentry","category-nota-de-pesar"],"rttpg_featured_image_url":null,"rttpg_author":{"display_name":"marcleymatos","author_link":"https:\/\/goias.gov.br\/educacao\/author\/marcleymatos\/"},"rttpg_comment":0,"rttpg_category":"<a href=\"https:\/\/goias.gov.br\/educacao\/categoria\/nota-de-pesar\/\" rel=\"category tag\">Nota de pesar<\/a>","rttpg_excerpt":"Nota de PesarA Secretaria de Estado da Educa\u00e7\u00e3o de Goi\u00e1s (Seduc) comunica, com profundo pesar, o falecimento do professor Manoel Oliveira Sousa, carinhosamente conhecido como Manoel Campim, ocorrido em decorr\u00eancia de complica\u00e7\u00f5es causadas pelo c\u00e2ncer. Educador dedicado, Manoel Campim teve uma trajet\u00f3ria de 32 anos na educa\u00e7\u00e3o p\u00fablica, com forma\u00e7\u00e3o em Hist\u00f3ria (P-IV \u2013 1993).&hellip;","_links":{"self":[{"href":"https:\/\/goias.gov.br\/educacao\/wp-json\/wp\/v2\/posts\/492371","targetHints":{"allow":["GET"]}}],"collection":[{"href":"https:\/\/goias.gov.br\/educacao\/wp-json\/wp\/v2\/posts"}],"about":[{"href":"https:\/\/goias.gov.br\/educacao\/wp-json\/wp\/v2\/types\/post"}],"author":[{"embeddable":true,"href":"https:\/\/goias.gov.br\/educacao\/wp-json\/wp\/v2\/users\/458"}],"replies":[{"embeddable":true,"href":"https:\/\/goias.gov.br\/educacao\/wp-json\/wp\/v2\/comments?post=492371"}],"version-history":[{"count":1,"href":"https:\/\/goias.gov.br\/educacao\/wp-json\/wp\/v2\/posts\/492371\/revisions"}],"predecessor-version":[{"id":492384,"href":"https:\/\/goias.gov.br\/educacao\/wp-json\/wp\/v2\/posts\/492371\/revisions\/492384"}],"wp:attachment":[{"href":"https:\/\/goias.gov.br\/educacao\/wp-json\/wp\/v2\/media?parent=492371"}],"wp:term":[{"taxonomy":"category","embeddable":true,"href":"https:\/\/goias.gov.br\/educacao\/wp-json\/wp\/v2\/categories?post=492371"},{"taxonomy":"post_tag","embeddable":true,"href":"https:\/\/goias.gov.br\/educacao\/wp-json\/wp\/v2\/tags?post=492371"}],"curies":[{"name":"wp","href":"https:\/\/api.w.org\/{rel}","templated":true}]}}