

{"id":489228,"date":"2025-06-09T11:36:57","date_gmt":"2025-06-09T14:36:57","guid":{"rendered":"https:\/\/goias.gov.br\/educacao\/?p=489228"},"modified":"2025-06-09T14:31:25","modified_gmt":"2025-06-09T17:31:25","slug":"398-pratos-concorrem-no-concurso-que-premiara-as-melhores-merendeiras-de-goias","status":"publish","type":"post","link":"https:\/\/goias.gov.br\/educacao\/398-pratos-concorrem-no-concurso-que-premiara-as-melhores-merendeiras-de-goias\/","title":{"rendered":"398 pratos concorrem no concurso que premiar\u00e1 as melhores Merendeiras de Goi\u00e1s"},"content":{"rendered":"\n<figure class=\"wp-block-image size-large\"><img fetchpriority=\"high\" decoding=\"async\" width=\"1024\" height=\"530\" src=\"https:\/\/goias.gov.br\/educacao\/wp-content\/uploads\/sites\/40\/2025\/06\/Concurso-Sabores-da-Escola-a-1-1024x530.jpg\" alt=\"\" class=\"wp-image-489252\" srcset=\"https:\/\/goias.gov.br\/educacao\/wp-content\/uploads\/sites\/40\/2025\/06\/Concurso-Sabores-da-Escola-a-1-1024x530.jpg 1024w, https:\/\/goias.gov.br\/educacao\/wp-content\/uploads\/sites\/40\/2025\/06\/Concurso-Sabores-da-Escola-a-1-300x155.jpg 300w, https:\/\/goias.gov.br\/educacao\/wp-content\/uploads\/sites\/40\/2025\/06\/Concurso-Sabores-da-Escola-a-1-768x398.jpg 768w, https:\/\/goias.gov.br\/educacao\/wp-content\/uploads\/sites\/40\/2025\/06\/Concurso-Sabores-da-Escola-a-1.jpg 1288w\" sizes=\"(max-width: 1024px) 100vw, 1024px\" \/><\/figure>\n\n\n\n<p>A alimenta\u00e7\u00e3o escolar tem recebido aten\u00e7\u00e3o cada vez maior do Governo de Goi\u00e1s. As a\u00e7\u00f5es voltadas \u00e0 melhoria do atendimento aos estudantes \u2014 muitos dos quais n\u00e3o t\u00eam acesso a uma alimenta\u00e7\u00e3o balanceada em casa \u2014 marcam a atual gest\u00e3o estadual.<\/p>\n\n\n\n<p>Na segunda edi\u00e7\u00e3o do Concurso Sabores da Escola, que vai eleger a melhor merendeira da rede p\u00fablica estadual de ensino, foram inscritas 398 receitas, que seguem, agora, para a fase de valida\u00e7\u00e3o. As inscri\u00e7\u00f5es foram realizadas em duplas, com o objetivo de garantir igualdade na execu\u00e7\u00e3o dos pratos.<\/p>\n\n\n\n<h2 class=\"wp-block-heading\">Premia\u00e7\u00e3o<\/h2>\n\n\n\n<p>Ao todo, ser\u00e3o investidos mais de R$ 63 mil em pr\u00eamios. O primeiro lugar receber\u00e1 R$ 30 mil; o segundo, R$ 15 mil; o terceiro, R$ 9 mil; e o quarto R$ 6 mil e o quinto colocados receber\u00e3o R$ 3 mil cada.<\/p>\n\n\n\n<p>A fase atual do concurso, conduzida pela equipe de nutricionistas da Ger\u00eancia de Alimenta\u00e7\u00e3o Escolar da Secretaria de Estado da Educa\u00e7\u00e3o de Goi\u00e1s (Seduc\/GO), consiste na an\u00e1lise das receitas inscritas, com base nos crit\u00e9rios definidos em edital.<\/p>\n\n\n\n<p>As receitas devem priorizar o uso de alimentos in natura ou minimamente processados, respeitando as necessidades nutricionais dos estudantes, os h\u00e1bitos e a cultura alimentar locais, al\u00e9m de promover a sustentabilidade, a sazonalidade e a diversifica\u00e7\u00e3o agr\u00edcola da regi\u00e3o.<\/p>\n\n\n\n<p><a href=\"https:\/\/goias.gov.br\/educacao\/wp-content\/uploads\/sites\/40\/2025\/06\/LISTA-DE-INSCRITOS-SABORES-2-1.pdf\">VEJA A LISTA COMPLETA DOS INSCRITOS AQUI <\/a><\/p>\n\n\n\n<h2 class=\"wp-block-heading\">Avan\u00e7os na alimenta\u00e7\u00e3o escolar<\/h2>\n\n\n\n<p>Al\u00e9m do concurso, o Governo de Goi\u00e1s anunciou, agora em junho, mais um reajuste dos valores repassados \u00e0s unidades escolares para a aquisi\u00e7\u00e3o de alimentos.<\/p>\n\n\n\n<p>Atualmente, o or\u00e7amento da alimenta\u00e7\u00e3o escolar da rede estadual ultrapassa R$ 100,3 milh\u00f5es. Com o reajuste, o valor total destinado \u00e0 merenda escolar chegar\u00e1 a R$ 235,7 milh\u00f5es.<\/p>\n\n\n\n<p>Os repasses variam de acordo com a etapa, modalidade e categoria de ensino, contemplando todos os estudantes da rede estadual. Para alunos do Ensino Fundamental e M\u00e9dio, por exemplo, o valor di\u00e1rio passar\u00e1 de R$ 0,74 para R$ 1,49.<\/p>\n\n\n\n<p>Grupos espec\u00edficos, como os atendidos pelo programa Mais Merenda \u2014 que inclui estudantes em situa\u00e7\u00e3o de vulnerabilidade e usu\u00e1rios do transporte escolar \u2014 tamb\u00e9m ter\u00e3o aumento significativo: o valor passar\u00e1 de R$ 1,24 para R$ 3,00 por dia.<\/p>\n\n\n\n<p>As escolas ind\u00edgenas, quilombolas e as escolas fam\u00edlia-agr\u00edcola tamb\u00e9m ter\u00e3o reajustados os recursos espec\u00edficos para o fortalecimento da alimenta\u00e7\u00e3o de seus estudantes.<\/p>\n\n\n\n<p>No caso dos alunos dos Centros de Ensino em Per\u00edodo Integral (Cepis), o valor per capita di\u00e1rio passar\u00e1 de R$ 2,84 para R$ 7,30.<\/p>\n\n\n\n<h2 class=\"wp-block-heading\">Repasses em dia e aumento hist\u00f3rico<\/h2>\n\n\n\n<p>Desde 2019, os repasses para a alimenta\u00e7\u00e3o escolar s\u00e3o realizados rigorosamente em dia. Esse compromisso marca uma mudan\u00e7a significativa em rela\u00e7\u00e3o ao cen\u00e1rio anterior. No in\u00edcio da gest\u00e3o do governador Ronaldo Caiado havia uma d\u00edvida herdada de R$ 10,3 milh\u00f5es referente ao ano de 2018, que foi totalmente quitada.<\/p>\n\n\n\n<p>Naquele per\u00edodo, os recursos anuais destinados \u00e0 alimenta\u00e7\u00e3o dos estudantes n\u00e3o chegavam a R$ 30 milh\u00f5es. Um exemplo do avan\u00e7o \u00e9 o valor per capita da alimenta\u00e7\u00e3o para estudantes da Educa\u00e7\u00e3o Especial, que passou de R$ 0,17 em 2018 para R$ 1,05 em 2024 \u2014 um aumento superior a 500%.<\/p>\n","protected":false},"excerpt":{"rendered":"<p>A alimenta\u00e7\u00e3o escolar tem recebido aten\u00e7\u00e3o cada vez maior do Governo de Goi\u00e1s. As a\u00e7\u00f5es voltadas \u00e0 melhoria do atendimento aos estudantes \u2014 muitos dos quais n\u00e3o t\u00eam acesso a uma alimenta\u00e7\u00e3o balanceada em casa \u2014 marcam a atual gest\u00e3o estadual. Na segunda edi\u00e7\u00e3o do Concurso Sabores da Escola, que vai eleger a melhor merendeira [&hellip;]<\/p>\n","protected":false},"author":458,"featured_media":489252,"comment_status":"closed","ping_status":"open","sticky":false,"template":"","format":"standard","meta":{"footnotes":""},"categories":[4801],"tags":[],"class_list":["post-489228","post","type-post","status-publish","format-standard","has-post-thumbnail","hentry","category-noticias"],"rttpg_featured_image_url":{"full":["https:\/\/goias.gov.br\/educacao\/wp-content\/uploads\/sites\/40\/2025\/06\/Concurso-Sabores-da-Escola-a-1.jpg",1288,667,false],"landscape":["https:\/\/goias.gov.br\/educacao\/wp-content\/uploads\/sites\/40\/2025\/06\/Concurso-Sabores-da-Escola-a-1.jpg",1288,667,false],"portraits":["https:\/\/goias.gov.br\/educacao\/wp-content\/uploads\/sites\/40\/2025\/06\/Concurso-Sabores-da-Escola-a-1.jpg",1288,667,false],"thumbnail":["https:\/\/goias.gov.br\/educacao\/wp-content\/uploads\/sites\/40\/2025\/06\/Concurso-Sabores-da-Escola-a-1-150x150.jpg",150,150,true],"medium":["https:\/\/goias.gov.br\/educacao\/wp-content\/uploads\/sites\/40\/2025\/06\/Concurso-Sabores-da-Escola-a-1-300x155.jpg",300,155,true],"large":["https:\/\/goias.gov.br\/educacao\/wp-content\/uploads\/sites\/40\/2025\/06\/Concurso-Sabores-da-Escola-a-1-1024x530.jpg",1024,530,true],"1536x1536":["https:\/\/goias.gov.br\/educacao\/wp-content\/uploads\/sites\/40\/2025\/06\/Concurso-Sabores-da-Escola-a-1.jpg",1288,667,false],"2048x2048":["https:\/\/goias.gov.br\/educacao\/wp-content\/uploads\/sites\/40\/2025\/06\/Concurso-Sabores-da-Escola-a-1.jpg",1288,667,false]},"rttpg_author":{"display_name":"marcleymatos","author_link":"https:\/\/goias.gov.br\/educacao\/author\/marcleymatos\/"},"rttpg_comment":0,"rttpg_category":"<a href=\"https:\/\/goias.gov.br\/educacao\/categoria\/noticias\/\" rel=\"category tag\">Not\u00edcias<\/a>","rttpg_excerpt":"A alimenta\u00e7\u00e3o escolar tem recebido aten\u00e7\u00e3o cada vez maior do Governo de Goi\u00e1s. As a\u00e7\u00f5es voltadas \u00e0 melhoria do atendimento aos estudantes \u2014 muitos dos quais n\u00e3o t\u00eam acesso a uma alimenta\u00e7\u00e3o balanceada em casa \u2014 marcam a atual gest\u00e3o estadual. Na segunda edi\u00e7\u00e3o do Concurso Sabores da Escola, que vai eleger a melhor merendeira&hellip;","_links":{"self":[{"href":"https:\/\/goias.gov.br\/educacao\/wp-json\/wp\/v2\/posts\/489228","targetHints":{"allow":["GET"]}}],"collection":[{"href":"https:\/\/goias.gov.br\/educacao\/wp-json\/wp\/v2\/posts"}],"about":[{"href":"https:\/\/goias.gov.br\/educacao\/wp-json\/wp\/v2\/types\/post"}],"author":[{"embeddable":true,"href":"https:\/\/goias.gov.br\/educacao\/wp-json\/wp\/v2\/users\/458"}],"replies":[{"embeddable":true,"href":"https:\/\/goias.gov.br\/educacao\/wp-json\/wp\/v2\/comments?post=489228"}],"version-history":[{"count":2,"href":"https:\/\/goias.gov.br\/educacao\/wp-json\/wp\/v2\/posts\/489228\/revisions"}],"predecessor-version":[{"id":489568,"href":"https:\/\/goias.gov.br\/educacao\/wp-json\/wp\/v2\/posts\/489228\/revisions\/489568"}],"wp:featuredmedia":[{"embeddable":true,"href":"https:\/\/goias.gov.br\/educacao\/wp-json\/wp\/v2\/media\/489252"}],"wp:attachment":[{"href":"https:\/\/goias.gov.br\/educacao\/wp-json\/wp\/v2\/media?parent=489228"}],"wp:term":[{"taxonomy":"category","embeddable":true,"href":"https:\/\/goias.gov.br\/educacao\/wp-json\/wp\/v2\/categories?post=489228"},{"taxonomy":"post_tag","embeddable":true,"href":"https:\/\/goias.gov.br\/educacao\/wp-json\/wp\/v2\/tags?post=489228"}],"curies":[{"name":"wp","href":"https:\/\/api.w.org\/{rel}","templated":true}]}}