

{"id":47546,"date":"2024-02-16T18:03:41","date_gmt":"2024-02-16T21:03:41","guid":{"rendered":"https:\/\/siteshom.goias.gov.br\/educacao\/cafe-da-manha-administrativos\/"},"modified":"2024-02-16T18:03:41","modified_gmt":"2024-02-16T21:03:41","slug":"cafe-da-manha-administrativos","status":"publish","type":"post","link":"https:\/\/goias.gov.br\/educacao\/cafe-da-manha-administrativos\/","title":{"rendered":"Seduc Goi\u00e1s e Sead re\u00fanem servidores administrativos efetivos para falarem sobre atualiza\u00e7\u00e3o do Plano de Carreira"},"content":{"rendered":"<p><i>Acompanhada por equipe da Secretaria de Estado da Administra&ccedil;&atilde;o (Sead), F&aacute;tima Gavioli conversou com os servidores sobre a atualiza&ccedil;&atilde;o da carreira dos administrativos da Educa&ccedil;&atilde;o estadual, promovida pelo Governo de Goi&aacute;s. Reajustes foram incorporados desde janeiro <\/i><\/p>\n<p>Nesta sexta-feira (16\/02), a secret&aacute;ria de Educa&ccedil;&atilde;o de Goi&aacute;s, F&aacute;tima Gavioli, recebeu dezenas de servidores administrativos efetivos lotados na sede do &oacute;rg&atilde;o. No encontro, realizado no refeit&oacute;rio da Pasta, o assunto tratado foi a atualiza&ccedil;&atilde;o do Plano de Carreira dos profissionais, em vigor desde janeiro deste ano.<\/p>\n<p>Os cargos tiveram os vencimentos atualizados, considerando-se o tempo de servi&ccedil;o e a movimenta&ccedil;&atilde;o na carreira, com reajuste de sal&aacute;rios para todos os servidores de n&iacute;vel Fundamental, M&eacute;dio e Superior.<\/p>\n<p>Conforme a secret&aacute;ria falou aos servidores, a a&ccedil;&atilde;o &eacute; fruto de uma for&ccedil;a-tarefa, criada pelo governador Ronaldo Caiado, que fez uma an&aacute;lise da carreira dos administrativos cuidadosa e respons&aacute;vel.<\/p>\n<p>A lei aprovada envolveu o trabalho de&nbsp; equipes da Procuradoria-Geral do Estado (PGE) e das secretarias estaduais de Educa&ccedil;&atilde;o, Economia, Administra&ccedil;&atilde;o e Casa Civil. &ldquo;Todo o impacto foi medido para que, com responsabilidade, os servidores tivessem ganho real, sem risco fiscal para a Administra&ccedil;&atilde;o Estadual&rdquo;, afirmou a secret&aacute;ria.<\/p>\n<p>O encontro contou ainda com as presen&ccedil;as de representantes das secretarias de Administra&ccedil;&atilde;o (Sead), Alexandre Demartini; e da Economia, Fabiana Falcomer.<\/p>\n<h2><b>Valoriza&ccedil;&atilde;o do servidor<\/b><\/h2>\n<p>De acordo com F&aacute;tima Gavioli, todos os esfor&ccedil;os v&ecirc;m em prol dos servidores, com a&ccedil;&otilde;es que implementam um real processo de valoriza&ccedil;&atilde;o dos profissionais da Educa&ccedil;&atilde;o p&uacute;blica estadual, tanto professores como tamb&eacute;m, neste caso, os administrativos.<\/p>\n<p>A secret&aacute;ria lembrou ainda outros benef&iacute;cios destinados ao pessoal administrativo da rede estadual da Educa&ccedil;&atilde;o, citando, como exemplos, o Aux&iacute;lio Aprimoramento e os b&ocirc;nus por merecimento, que s&atilde;o pagos, da mesma forma, aos professores e aos administrativos lotados nas escolas e nas demais unidades da Seduc Goi&aacute;s.<\/p>\n<h2><b>Atualiza&ccedil;&atilde;o do Plano de Carreira <\/b><\/h2>\n<p>Em conformidade com a lei aprovada pela Assembleia Legislativa do Estado de Goi&aacute;s (Alego) e sancionada pelo governador Ronaldo Caiado, as mudan&ccedil;as, decorrentes da atualiza&ccedil;&atilde;o da carreira e reajustes dos vencimentos, foram aplicadas a todos os servidores efetivos do quadro administrativo.&nbsp;<\/p>\n<p>Para o Agente Administrativo Educacional Apoio, cargo de n&iacute;vel Fundamental, o sal&aacute;rio-base tem valores atuais entre R$ 1.421,00 e R$ 1.854,00, variando conforme o tempo de carreira.<\/p>\n<p>Os Agentes Administrativos Educacionais T&eacute;cnicos, que incluem servidores de n&iacute;vel M&eacute;dio e Superior, tamb&eacute;m tiveram a carreira atualizada, com sal&aacute;rios variando entre R$ 1.851,00 e R$ 5.376,00, no final da carreira.<\/p>\n<p>A altera&ccedil;&atilde;o impactou, ainda, o servidor do cargo de Agente Administrativo Educacional Superior, enquadrado como Analista Governamental da Secretaria de Administra&ccedil;&atilde;o e vencimentos equiparados. Os sal&aacute;rios destes servidores t&ecirc;m valores entre R$ 5.646,00 e R$ 12.098,00.<\/p>\n<p>Ao todo, 6.224 servidores administrativos da Educa&ccedil;&atilde;o tiveram seu Plano de Carreira atualizado. As mudan&ccedil;as correspondem a investimentos anuais, por parte do governo estadual, no valor de R$ 54 milh&otilde;es.&nbsp;<\/p>\n<p><i>(Texto: R&eacute;gia Laranjeiras\/Foto: Solimar de Oliveira)<\/i><\/p>\n<p><i>&nbsp;<\/i><\/p>\n","protected":false},"excerpt":{"rendered":"<p>Acompanhada por equipe da Secretaria de Estado da Administra&ccedil;&atilde;o (Sead), F&aacute;tima Gavioli conversou com os servidores sobre a atualiza&ccedil;&atilde;o da carreira dos administrativos da Educa&ccedil;&atilde;o estadual, promovida pelo Governo de Goi&aacute;s. Reajustes foram incorporados desde janeiro Nesta sexta-feira (16\/02), a secret&aacute;ria de Educa&ccedil;&atilde;o de Goi&aacute;s, F&aacute;tima Gavioli, recebeu dezenas de servidores administrativos efetivos lotados na [&hellip;]<\/p>\n","protected":false},"author":760,"featured_media":47545,"comment_status":"closed","ping_status":"open","sticky":false,"template":"","format":"standard","meta":{"footnotes":""},"categories":[4801],"tags":[7747,7748],"class_list":["post-47546","post","type-post","status-publish","format-standard","has-post-thumbnail","hentry","category-noticias","tag-plano-de-cargos","tag-servidores-administrativos"],"rttpg_featured_image_url":{"full":["https:\/\/goias.gov.br\/educacao\/wp-content\/uploads\/sites\/40\/2024\/02\/IMG_9847-0e8-scaled.jpg",2560,1707,false],"landscape":["https:\/\/goias.gov.br\/educacao\/wp-content\/uploads\/sites\/40\/2024\/02\/IMG_9847-0e8-scaled.jpg",2560,1707,false],"portraits":["https:\/\/goias.gov.br\/educacao\/wp-content\/uploads\/sites\/40\/2024\/02\/IMG_9847-0e8-scaled.jpg",2560,1707,false],"thumbnail":["https:\/\/goias.gov.br\/educacao\/wp-content\/uploads\/sites\/40\/2024\/02\/IMG_9847-0e8-150x150.jpg",150,150,true],"medium":["https:\/\/goias.gov.br\/educacao\/wp-content\/uploads\/sites\/40\/2024\/02\/IMG_9847-0e8-300x200.jpg",300,200,true],"large":["https:\/\/goias.gov.br\/educacao\/wp-content\/uploads\/sites\/40\/2024\/02\/IMG_9847-0e8-1024x683.jpg",1024,683,true],"1536x1536":["https:\/\/goias.gov.br\/educacao\/wp-content\/uploads\/sites\/40\/2024\/02\/IMG_9847-0e8-1536x1024.jpg",1536,1024,true],"2048x2048":["https:\/\/goias.gov.br\/educacao\/wp-content\/uploads\/sites\/40\/2024\/02\/IMG_9847-0e8-2048x1365.jpg",2048,1365,true]},"rttpg_author":{"display_name":"cristhinnyaraujo","author_link":"https:\/\/goias.gov.br\/educacao\/author\/cristhinnyaraujo\/"},"rttpg_comment":0,"rttpg_category":"<a href=\"https:\/\/goias.gov.br\/educacao\/categoria\/noticias\/\" rel=\"category tag\">Not\u00edcias<\/a>","rttpg_excerpt":"Acompanhada por equipe da Secretaria de Estado da Administra&ccedil;&atilde;o (Sead), F&aacute;tima Gavioli conversou com os servidores sobre a atualiza&ccedil;&atilde;o da carreira dos administrativos da Educa&ccedil;&atilde;o estadual, promovida pelo Governo de Goi&aacute;s. Reajustes foram incorporados desde janeiro Nesta sexta-feira (16\/02), a secret&aacute;ria de Educa&ccedil;&atilde;o de Goi&aacute;s, F&aacute;tima Gavioli, recebeu dezenas de servidores administrativos efetivos lotados na&hellip;","_links":{"self":[{"href":"https:\/\/goias.gov.br\/educacao\/wp-json\/wp\/v2\/posts\/47546","targetHints":{"allow":["GET"]}}],"collection":[{"href":"https:\/\/goias.gov.br\/educacao\/wp-json\/wp\/v2\/posts"}],"about":[{"href":"https:\/\/goias.gov.br\/educacao\/wp-json\/wp\/v2\/types\/post"}],"author":[{"embeddable":true,"href":"https:\/\/goias.gov.br\/educacao\/wp-json\/wp\/v2\/users\/760"}],"replies":[{"embeddable":true,"href":"https:\/\/goias.gov.br\/educacao\/wp-json\/wp\/v2\/comments?post=47546"}],"version-history":[{"count":0,"href":"https:\/\/goias.gov.br\/educacao\/wp-json\/wp\/v2\/posts\/47546\/revisions"}],"wp:featuredmedia":[{"embeddable":true,"href":"https:\/\/goias.gov.br\/educacao\/wp-json\/wp\/v2\/media\/47545"}],"wp:attachment":[{"href":"https:\/\/goias.gov.br\/educacao\/wp-json\/wp\/v2\/media?parent=47546"}],"wp:term":[{"taxonomy":"category","embeddable":true,"href":"https:\/\/goias.gov.br\/educacao\/wp-json\/wp\/v2\/categories?post=47546"},{"taxonomy":"post_tag","embeddable":true,"href":"https:\/\/goias.gov.br\/educacao\/wp-json\/wp\/v2\/tags?post=47546"}],"curies":[{"name":"wp","href":"https:\/\/api.w.org\/{rel}","templated":true}]}}