

{"id":47540,"date":"2024-02-15T18:28:56","date_gmt":"2024-02-15T21:28:56","guid":{"rendered":"https:\/\/siteshom.goias.gov.br\/educacao\/educador-transformador-2024\/"},"modified":"2024-02-15T18:28:56","modified_gmt":"2024-02-15T21:28:56","slug":"educador-transformador-2024","status":"publish","type":"post","link":"https:\/\/goias.gov.br\/educacao\/educador-transformador-2024\/","title":{"rendered":"Inscri\u00e7\u00f5es para Pr\u00eamio Educador Transformador 2024 se encerram na pr\u00f3xima segunda, dia 19"},"content":{"rendered":"<p><i>Iniciativa reconhece pr&aacute;ticas pedag&oacute;gicas inovadoras de empreendedorismo ligadas &agrave; &aacute;rea da educa&ccedil;&atilde;o<\/i><\/p>\n<p>Ser&atilde;o encerradas na pr&oacute;xima segunda-feira (19\/02), as inscri&ccedil;&otilde;es para o pr&ecirc;mio Educador Transformador 2024. A iniciativa busca reconhecer e valorizar as boas pr&aacute;ticas pedag&oacute;gicas desenvolvidas por professores na &aacute;rea da educa&ccedil;&atilde;o empreendedora.<\/p>\n<p>O pr&ecirc;mio &eacute; uma realiza&ccedil;&atilde;o do Sebrae nacional em parceria com o Instituto Significare e a Bett Brasil. Esta &uacute;ltima &eacute; respons&aacute;vel por promover o maior evento de inova&ccedil;&atilde;o e tecnologia para a educa&ccedil;&atilde;o na Am&eacute;rica Latina.<\/p>\n<p>A iniciativa abre oportunidade para a participa&ccedil;&atilde;o de professores de escolas p&uacute;blicas e privadas que tenham desenvolvido projetos em seis categorias: Educa&ccedil;&atilde;o Infantil, Ensino Fundamental, Ensino M&eacute;dio, Educa&ccedil;&atilde;o Profissional, EJA (Educa&ccedil;&atilde;o de Jovens e Adultos) e Ensino Superior.<\/p>\n<h2><b>Inscri&ccedil;&otilde;es <\/b><\/h2>\n<p>As inscri&ccedil;&otilde;es podem ser feitas pelo site <a href=\"https:\/\/educadortransformador.com.br\/\">https:\/\/educadortransformador.com.br\/<\/a> ou pelo aplicativo que pode ser baixado gratuitamente em Android ou iOS. Os projetos podem ter formatos diversos, incluindo atividades, estudos, jogos, metodologias, cursos, tecnologias, desafios, apresenta&ccedil;&otilde;es, competi&ccedil;&otilde;es, servi&ccedil;os ou produtos, entre outros.<\/p>\n<p>Ser&atilde;o aceitos trabalhos realizados entre 2021 e 2023 vinculados a uma institui&ccedil;&atilde;o de ensino. A divulga&ccedil;&atilde;o dos selecionados na etapa Estadual ser&aacute; no dia 25 de mar&ccedil;o de 2024 e da fase Regional, no dia 5 de abril. J&aacute; o resultado final ser&aacute; anunciado no dia 25 de abril durante a 29&ordf; edi&ccedil;&atilde;o da Bett Brasil, considerada o maior evento de educa&ccedil;&atilde;o e tecnologia do pa&iacute;s.<\/p>\n<h2><b>Premia&ccedil;&atilde;o <\/b><\/h2>\n<p>Todos os indicados ao 1&ordm;, 2&ordm; e 3&ordm; lugares receber&atilde;o Certificado de Participa&ccedil;&atilde;o e o selo digital &quot;<b>Educador<\/b>&nbsp;<b>Transformador<\/b>&nbsp;2024 &ndash; Vencedor Estadual. Candidatos selecionados na etapa Regional em 1&ordm;, 2&ordm; e 3&ordm; lugares receber&atilde;o Certificado de Participa&ccedil;&atilde;o, selo digital &quot;<b>Educador<\/b>&nbsp;<b>Transformador<\/b>&nbsp;2024 &ndash; Vencedor Regional. J&aacute; o 1&ordm; lugar de cada categoria por regi&atilde;o receber&aacute; um pacote completo de participa&ccedil;&atilde;o no Congresso Bett Brasil 2024.<\/p>\n<p>Os candidatos selecionados em 1&ordm;, 2&ordm; e 3&ordm; lugares na fase Nacional ser&atilde;o agraciados com Certificado de Participa&ccedil;&atilde;o e o 1&ordm; colocado em cada uma das sete categorias receber&aacute; um trof&eacute;u, um notebook e um pacote que garantir&aacute; a participa&ccedil;&atilde;o em miss&atilde;o nacional para um evento de educa&ccedil;&atilde;o empreendedora, a ser posteriormente definido.<\/p>\n<p><em>(Texto: Maria Jos&eacute; Rodrigues\/Foto: Divulga&ccedil;&atilde;o)&nbsp;<\/em><\/p>\n<p>&nbsp;<\/p>\n<p>&nbsp;<\/p>\n<p>&nbsp;<\/p>\n","protected":false},"excerpt":{"rendered":"<p>Iniciativa reconhece pr&aacute;ticas pedag&oacute;gicas inovadoras de empreendedorismo ligadas &agrave; &aacute;rea da educa&ccedil;&atilde;o Ser&atilde;o encerradas na pr&oacute;xima segunda-feira (19\/02), as inscri&ccedil;&otilde;es para o pr&ecirc;mio Educador Transformador 2024. A iniciativa busca reconhecer e valorizar as boas pr&aacute;ticas pedag&oacute;gicas desenvolvidas por professores na &aacute;rea da educa&ccedil;&atilde;o empreendedora. O pr&ecirc;mio &eacute; uma realiza&ccedil;&atilde;o do Sebrae nacional em parceria com [&hellip;]<\/p>\n","protected":false},"author":760,"featured_media":47539,"comment_status":"closed","ping_status":"open","sticky":false,"template":"","format":"standard","meta":{"footnotes":""},"categories":[4801],"tags":[7722,5093,7723,7615,7721],"class_list":["post-47540","post","type-post","status-publish","format-standard","has-post-thumbnail","hentry","category-noticias","tag-bett-brasil","tag-educacao-empreendedora","tag-instituto-significare","tag-premio-educador-transformador","tag-sebrae-nacional"],"rttpg_featured_image_url":{"full":["https:\/\/goias.gov.br\/educacao\/wp-content\/uploads\/sites\/40\/2024\/02\/EDUCADOR_TRANSFORMADOR_NOVO_-244.jpg",359,244,false],"landscape":["https:\/\/goias.gov.br\/educacao\/wp-content\/uploads\/sites\/40\/2024\/02\/EDUCADOR_TRANSFORMADOR_NOVO_-244.jpg",359,244,false],"portraits":["https:\/\/goias.gov.br\/educacao\/wp-content\/uploads\/sites\/40\/2024\/02\/EDUCADOR_TRANSFORMADOR_NOVO_-244.jpg",359,244,false],"thumbnail":["https:\/\/goias.gov.br\/educacao\/wp-content\/uploads\/sites\/40\/2024\/02\/EDUCADOR_TRANSFORMADOR_NOVO_-244-150x150.jpg",150,150,true],"medium":["https:\/\/goias.gov.br\/educacao\/wp-content\/uploads\/sites\/40\/2024\/02\/EDUCADOR_TRANSFORMADOR_NOVO_-244-300x204.jpg",300,204,true],"large":["https:\/\/goias.gov.br\/educacao\/wp-content\/uploads\/sites\/40\/2024\/02\/EDUCADOR_TRANSFORMADOR_NOVO_-244.jpg",359,244,false],"1536x1536":["https:\/\/goias.gov.br\/educacao\/wp-content\/uploads\/sites\/40\/2024\/02\/EDUCADOR_TRANSFORMADOR_NOVO_-244.jpg",359,244,false],"2048x2048":["https:\/\/goias.gov.br\/educacao\/wp-content\/uploads\/sites\/40\/2024\/02\/EDUCADOR_TRANSFORMADOR_NOVO_-244.jpg",359,244,false]},"rttpg_author":{"display_name":"cristhinnyaraujo","author_link":"https:\/\/goias.gov.br\/educacao\/author\/cristhinnyaraujo\/"},"rttpg_comment":0,"rttpg_category":"<a href=\"https:\/\/goias.gov.br\/educacao\/categoria\/noticias\/\" rel=\"category tag\">Not\u00edcias<\/a>","rttpg_excerpt":"Iniciativa reconhece pr&aacute;ticas pedag&oacute;gicas inovadoras de empreendedorismo ligadas &agrave; &aacute;rea da educa&ccedil;&atilde;o Ser&atilde;o encerradas na pr&oacute;xima segunda-feira (19\/02), as inscri&ccedil;&otilde;es para o pr&ecirc;mio Educador Transformador 2024. A iniciativa busca reconhecer e valorizar as boas pr&aacute;ticas pedag&oacute;gicas desenvolvidas por professores na &aacute;rea da educa&ccedil;&atilde;o empreendedora. O pr&ecirc;mio &eacute; uma realiza&ccedil;&atilde;o do Sebrae nacional em parceria com&hellip;","_links":{"self":[{"href":"https:\/\/goias.gov.br\/educacao\/wp-json\/wp\/v2\/posts\/47540","targetHints":{"allow":["GET"]}}],"collection":[{"href":"https:\/\/goias.gov.br\/educacao\/wp-json\/wp\/v2\/posts"}],"about":[{"href":"https:\/\/goias.gov.br\/educacao\/wp-json\/wp\/v2\/types\/post"}],"author":[{"embeddable":true,"href":"https:\/\/goias.gov.br\/educacao\/wp-json\/wp\/v2\/users\/760"}],"replies":[{"embeddable":true,"href":"https:\/\/goias.gov.br\/educacao\/wp-json\/wp\/v2\/comments?post=47540"}],"version-history":[{"count":0,"href":"https:\/\/goias.gov.br\/educacao\/wp-json\/wp\/v2\/posts\/47540\/revisions"}],"wp:featuredmedia":[{"embeddable":true,"href":"https:\/\/goias.gov.br\/educacao\/wp-json\/wp\/v2\/media\/47539"}],"wp:attachment":[{"href":"https:\/\/goias.gov.br\/educacao\/wp-json\/wp\/v2\/media?parent=47540"}],"wp:term":[{"taxonomy":"category","embeddable":true,"href":"https:\/\/goias.gov.br\/educacao\/wp-json\/wp\/v2\/categories?post=47540"},{"taxonomy":"post_tag","embeddable":true,"href":"https:\/\/goias.gov.br\/educacao\/wp-json\/wp\/v2\/tags?post=47540"}],"curies":[{"name":"wp","href":"https:\/\/api.w.org\/{rel}","templated":true}]}}