

{"id":47538,"date":"2024-02-14T18:36:16","date_gmt":"2024-02-14T21:36:16","guid":{"rendered":"https:\/\/siteshom.goias.gov.br\/educacao\/olimpiada-de-humanidades-2024\/"},"modified":"2024-02-14T18:36:16","modified_gmt":"2024-02-14T21:36:16","slug":"olimpiada-de-humanidades-2024","status":"publish","type":"post","link":"https:\/\/goias.gov.br\/educacao\/olimpiada-de-humanidades-2024\/","title":{"rendered":"Edi\u00e7\u00e3o 2024 da Olimp\u00edada de Humanidades prop\u00f5e aprofundamento das a\u00e7\u00f5es desenvolvidas no ano passado"},"content":{"rendered":"<p><i>Iniciativa &eacute; direcionada aos estudantes do Ensino M&eacute;dio da rede p&uacute;blica estadual nos sete munic&iacute;pios que integram a &Aacute;rea de Prote&ccedil;&atilde;o Ambiental (APA) de Pouso Alto, na Chapada dos Veadeiros <\/i><\/p>\n<p>O Governo de Goi&aacute;s, por meio da Secretaria de Estado da Educa&ccedil;&atilde;o (Seduc), lan&ccedil;ou oficialmente a s&eacute;tima edi&ccedil;&atilde;o da Olimp&iacute;ada de Humanidades, um projeto desenvolvido pelo Instituto de Pesquisa, Ensino e Extens&atilde;o em Arte, Educa&ccedil;&atilde;o e Sustentabilidade (Ip&ecirc; Artes) e coordenado pelo Centro de Estudo e Pesquisa Ciranda da Arte.<\/p>\n<p>Para esse ano, o tema proposto aos estudantes foi &lsquo;O Esperan&ccedil;ar da Juventude, o Tecer Coletivo na Chapada dos Veadeiros&rsquo;. A iniciativa &eacute; direcionada aos alunos e professores de Ensino M&eacute;dio da rede estadual de educa&ccedil;&atilde;o que residem nos munic&iacute;pios que integram a &Aacute;rea de Prote&ccedil;&atilde;o Ambiental (APA) de Pouso Alto, na Chapada dos Veadeiros.<\/p>\n<p>De acordo com Christiane Ayumi Kuwae, coordenadora da Olimp&iacute;ada, a din&acirc;mica desta edi&ccedil;&atilde;o ser&aacute; diferente. &ldquo;Esse ano o que estamos propondo &eacute; o aprofundamento dos projetos que foram inscritos e desenvolvidos em 2023. S&atilde;o todos temas muito ricos e com grande diversidade, que colaboram com o objetivo principal de ser uma a&ccedil;&atilde;o transformadora no territ&oacute;rio deles&rdquo;, comenta ela.<\/p>\n<h2><b>Transforma&ccedil;&atilde;o social <\/b><\/h2>\n<p>Luz Marina de Alcantara, gerente de Arte e Educa&ccedil;&atilde;o da Seduc Goi&aacute;s, destaca que a Olimp&iacute;ada de Humanidades foi criada com a proposta de promover uma transforma&ccedil;&atilde;o social a partir de a&ccedil;&otilde;es locais que reverberem globalmente.<\/p>\n<p>Segundo ela, a preserva&ccedil;&atilde;o ambiental e cultural da Chapada dos Veadeiros &eacute; um ponto em comum em todos os 10 projetos inscritos. Luz Marina tamb&eacute;m ressalta a import&acirc;ncia do envolvimento da comunidade escolar. &ldquo;A Olimp&iacute;ada s&oacute; acontece porque existe um forte desejo dos estudantes e professores de fazer algo por sua regi&atilde;o, por sua escola e por seu munic&iacute;pio. Esse engajamento &eacute; fundamental&rdquo;.<\/p>\n<h2><b>Trabalho coletivo <\/b><\/h2>\n<p>F&aacute;tima Gavioli, secret&aacute;ria de Educa&ccedil;&atilde;o de Goi&aacute;s, afirma que a Olimp&iacute;ada fortalece v&iacute;nculos e transforma a maneira como a comunidade escolar enxerga seu territ&oacute;rio. Ela frisou ainda que o projeto desafia o aluno a explorar, analisar e propor solu&ccedil;&otilde;es com foco no respeito ao meio ambiente e aos direitos humanos.<\/p>\n<p>Para ela, a iniciativa prop&otilde;e um espa&ccedil;o de di&aacute;logo interdisciplinar, onde as diferentes &aacute;reas do conhecimento se entrela&ccedil;am em prol de um objetivo comum: promover o desenvolvimento humano e social na regi&atilde;o da Chapada dos Veadeiros.<\/p>\n<h2><b>Sobre a Olimp&iacute;ada <\/b><\/h2>\n<p>A Olimp&iacute;ada de Humanidades &eacute; realizada anualmente e envolve diversas etapas, como sensibiliza&ccedil;&atilde;o dos alunos quanto ao tema; elabora&ccedil;&atilde;o dos projetos e apresenta&ccedil;&atilde;o dos trabalhos para a comunidade local; entre outras.<\/p>\n<p>Podem participar alunos de institui&ccedil;&otilde;es de ensino da rede estadual dos munic&iacute;pios de Alto Para&iacute;so de Goi&aacute;s, Cavalcante, Colinas do Sul, Monte Alegre, Nova Roma, S&atilde;o Jo&atilde;o D&rsquo;Alian&ccedil;a e Teresina de Goi&aacute;s.<\/p>\n<p><i>(Texto: Maria Jos&eacute; Rodrigues \/ Foto: Acervo Seduc GO)<\/i><\/p>\n<p><i>&nbsp;<\/i><\/p>\n","protected":false},"excerpt":{"rendered":"<p>Iniciativa &eacute; direcionada aos estudantes do Ensino M&eacute;dio da rede p&uacute;blica estadual nos sete munic&iacute;pios que integram a &Aacute;rea de Prote&ccedil;&atilde;o Ambiental (APA) de Pouso Alto, na Chapada dos Veadeiros O Governo de Goi&aacute;s, por meio da Secretaria de Estado da Educa&ccedil;&atilde;o (Seduc), lan&ccedil;ou oficialmente a s&eacute;tima edi&ccedil;&atilde;o da Olimp&iacute;ada de Humanidades, um projeto desenvolvido [&hellip;]<\/p>\n","protected":false},"author":760,"featured_media":47537,"comment_status":"closed","ping_status":"open","sticky":false,"template":"","format":"standard","meta":{"footnotes":""},"categories":[4801],"tags":[7745,7746,4867,6411],"class_list":["post-47538","post","type-post","status-publish","format-standard","has-post-thumbnail","hentry","category-noticias","tag-apa-pouso-alto","tag-chapada-dos-veadeiros","tag-ensino-medio","tag-olimpiada-de-humanidades"],"rttpg_featured_image_url":{"full":["https:\/\/goias.gov.br\/educacao\/wp-content\/uploads\/sites\/40\/2024\/02\/Olimpiada_de_Humanidades_-4c6.jpg",915,564,false],"landscape":["https:\/\/goias.gov.br\/educacao\/wp-content\/uploads\/sites\/40\/2024\/02\/Olimpiada_de_Humanidades_-4c6.jpg",915,564,false],"portraits":["https:\/\/goias.gov.br\/educacao\/wp-content\/uploads\/sites\/40\/2024\/02\/Olimpiada_de_Humanidades_-4c6.jpg",915,564,false],"thumbnail":["https:\/\/goias.gov.br\/educacao\/wp-content\/uploads\/sites\/40\/2024\/02\/Olimpiada_de_Humanidades_-4c6-150x150.jpg",150,150,true],"medium":["https:\/\/goias.gov.br\/educacao\/wp-content\/uploads\/sites\/40\/2024\/02\/Olimpiada_de_Humanidades_-4c6-300x185.jpg",300,185,true],"large":["https:\/\/goias.gov.br\/educacao\/wp-content\/uploads\/sites\/40\/2024\/02\/Olimpiada_de_Humanidades_-4c6.jpg",915,564,false],"1536x1536":["https:\/\/goias.gov.br\/educacao\/wp-content\/uploads\/sites\/40\/2024\/02\/Olimpiada_de_Humanidades_-4c6.jpg",915,564,false],"2048x2048":["https:\/\/goias.gov.br\/educacao\/wp-content\/uploads\/sites\/40\/2024\/02\/Olimpiada_de_Humanidades_-4c6.jpg",915,564,false]},"rttpg_author":{"display_name":"cristhinnyaraujo","author_link":"https:\/\/goias.gov.br\/educacao\/author\/cristhinnyaraujo\/"},"rttpg_comment":0,"rttpg_category":"<a href=\"https:\/\/goias.gov.br\/educacao\/categoria\/noticias\/\" rel=\"category tag\">Not\u00edcias<\/a>","rttpg_excerpt":"Iniciativa &eacute; direcionada aos estudantes do Ensino M&eacute;dio da rede p&uacute;blica estadual nos sete munic&iacute;pios que integram a &Aacute;rea de Prote&ccedil;&atilde;o Ambiental (APA) de Pouso Alto, na Chapada dos Veadeiros O Governo de Goi&aacute;s, por meio da Secretaria de Estado da Educa&ccedil;&atilde;o (Seduc), lan&ccedil;ou oficialmente a s&eacute;tima edi&ccedil;&atilde;o da Olimp&iacute;ada de Humanidades, um projeto desenvolvido&hellip;","_links":{"self":[{"href":"https:\/\/goias.gov.br\/educacao\/wp-json\/wp\/v2\/posts\/47538","targetHints":{"allow":["GET"]}}],"collection":[{"href":"https:\/\/goias.gov.br\/educacao\/wp-json\/wp\/v2\/posts"}],"about":[{"href":"https:\/\/goias.gov.br\/educacao\/wp-json\/wp\/v2\/types\/post"}],"author":[{"embeddable":true,"href":"https:\/\/goias.gov.br\/educacao\/wp-json\/wp\/v2\/users\/760"}],"replies":[{"embeddable":true,"href":"https:\/\/goias.gov.br\/educacao\/wp-json\/wp\/v2\/comments?post=47538"}],"version-history":[{"count":0,"href":"https:\/\/goias.gov.br\/educacao\/wp-json\/wp\/v2\/posts\/47538\/revisions"}],"wp:featuredmedia":[{"embeddable":true,"href":"https:\/\/goias.gov.br\/educacao\/wp-json\/wp\/v2\/media\/47537"}],"wp:attachment":[{"href":"https:\/\/goias.gov.br\/educacao\/wp-json\/wp\/v2\/media?parent=47538"}],"wp:term":[{"taxonomy":"category","embeddable":true,"href":"https:\/\/goias.gov.br\/educacao\/wp-json\/wp\/v2\/categories?post=47538"},{"taxonomy":"post_tag","embeddable":true,"href":"https:\/\/goias.gov.br\/educacao\/wp-json\/wp\/v2\/tags?post=47538"}],"curies":[{"name":"wp","href":"https:\/\/api.w.org\/{rel}","templated":true}]}}