

{"id":47233,"date":"2023-11-14T17:04:22","date_gmt":"2023-11-14T20:04:22","guid":{"rendered":"https:\/\/siteshom.goias.gov.br\/educacao\/em-reuniao-do-gaepe-go-secretaria-de-educacao-de-goias-defende-regime-de-colaboracao-como-ferramenta-para-superacao-de-desafios\/"},"modified":"2023-11-14T17:04:22","modified_gmt":"2023-11-14T20:04:22","slug":"em-reuniao-do-gaepe-go-secretaria-de-educacao-de-goias-defende-regime-de-colaboracao-como-ferramenta-para-superacao-de-desafios","status":"publish","type":"post","link":"https:\/\/goias.gov.br\/educacao\/em-reuniao-do-gaepe-go-secretaria-de-educacao-de-goias-defende-regime-de-colaboracao-como-ferramenta-para-superacao-de-desafios\/","title":{"rendered":"Em reuni\u00e3o do Gaepe-GO, secret\u00e1ria de Educa\u00e7\u00e3o de Goi\u00e1s defende regime de colabora\u00e7\u00e3o como ferramenta para supera\u00e7\u00e3o de desafios"},"content":{"rendered":"<p><img fetchpriority=\"high\" decoding=\"async\" class=\" size-full wp-image-47231\" alt=\"\" height=\"390\" id=\"\" src=\"https:\/\/goias.gov.br\/educacao\/wp-content\/uploads\/sites\/40\/2023\/11\/DSC_4177-52f-scaled.jpg\" title=\"\" width=\"590\" srcset=\"https:\/\/goias.gov.br\/educacao\/wp-content\/uploads\/sites\/40\/2023\/11\/DSC_4177-52f-scaled.jpg 2560w, https:\/\/goias.gov.br\/educacao\/wp-content\/uploads\/sites\/40\/2023\/11\/DSC_4177-52f-300x199.jpg 300w, https:\/\/goias.gov.br\/educacao\/wp-content\/uploads\/sites\/40\/2023\/11\/DSC_4177-52f-1024x678.jpg 1024w, https:\/\/goias.gov.br\/educacao\/wp-content\/uploads\/sites\/40\/2023\/11\/DSC_4177-52f-768x509.jpg 768w, https:\/\/goias.gov.br\/educacao\/wp-content\/uploads\/sites\/40\/2023\/11\/DSC_4177-52f-1536x1017.jpg 1536w, https:\/\/goias.gov.br\/educacao\/wp-content\/uploads\/sites\/40\/2023\/11\/DSC_4177-52f-2048x1356.jpg 2048w\" sizes=\"(max-width: 590px) 100vw, 590px\" \/><\/p>\n<p><i>1&ordf; Reuni&atilde;o Presencial do Gabinete de Articula&ccedil;&atilde;o para Estrutura&ccedil;&atilde;o das Pol&iacute;ticas de Educa&ccedil;&atilde;o (Gaepe-GO) foi realizada nesta ter&ccedil;a-feira (14), no audit&oacute;rio do Tribunal de Contas do Estado de Goi&aacute;s <\/i><\/p>\n<p>A secret&aacute;ria de Estado da Educa&ccedil;&atilde;o de Goi&aacute;s, F&aacute;tima Gavioli, participou, na manh&atilde; desta ter&ccedil;a-feira (14\/11), da 1&ordf; Reuni&atilde;o Presencial do Gabinete de Articula&ccedil;&atilde;o para Estrutura&ccedil;&atilde;o das Pol&iacute;ticas de Educa&ccedil;&atilde;o (Gaepe-GO). O evento reuniu representantes dos &oacute;rg&atilde;os componentes do grupo, al&eacute;m de especialistas e servidores da Educa&ccedil;&atilde;o, em um debate sobre as pol&iacute;ticas estruturantes para a Educa&ccedil;&atilde;o Infantil e Alfabetiza&ccedil;&atilde;o.<\/p>\n<p>Na ocasi&atilde;o, F&aacute;tima Gavioli defendeu o regime de colabora&ccedil;&atilde;o entre as esferas e &oacute;rg&atilde;os do Poder P&uacute;blico como ferramenta para enfrentamento de desafios e dificuldades. Ao citar alguns dos desafios recentes enfrentados pela Educa&ccedil;&atilde;o, como a viol&ecirc;ncia escolar e o ass&eacute;dio, a secret&aacute;ria enfatizou que &ldquo;s&oacute; tem uma coisa que pode nos ajudar a conduzir a Educa&ccedil;&atilde;o com mais tranquilidade: estarmos juntos. Se n&oacute;s nos unirmos, pode dar certo&rdquo;.<\/p>\n<p>Como exemplo de atua&ccedil;&atilde;o conjunta, F&aacute;tima Gavioli citou o Programa AlfaMais Goi&aacute;s, criado em 2021 e executado pelo Governo de Goi&aacute;s em regime de colabora&ccedil;&atilde;o com os munic&iacute;pios. O programa objetiva garantir a alfabetiza&ccedil;&atilde;o de todas as crian&ccedil;as do territ&oacute;rio goiano.<\/p>\n<p>Para isso, estado e munic&iacute;pios t&ecirc;m atuado juntos, sendo o Estado respons&aacute;vel pelo fornecimento de materiais e aux&iacute;lio t&eacute;cnico e os munic&iacute;pios pela aplica&ccedil;&atilde;o nas institui&ccedil;&otilde;es de Educa&ccedil;&atilde;o Infantil e escolas. &ldquo;Quando eu olho para o AlfaMais, eu sei que n&oacute;s podemos fazer de Goi&aacute;s um Estado melhor&rdquo;, enfatizou a secret&aacute;ria.<\/p>\n<p>A defesa de processos interconectados e de uma vis&atilde;o sist&ecirc;mica da Educa&ccedil;&atilde;o tamb&eacute;m foram t&oacute;picos da fala de Priscila Cruz, presidente-executiva do Todos pela Educa&ccedil;&atilde;o e que foi uma das palestrantes do evento.<\/p>\n<p>Ao abordar os desafios da Educa&ccedil;&atilde;o brasileira, Priscila Cruz elencou tr&ecirc;s t&oacute;picos priorit&aacute;rios: tornar a Educa&ccedil;&atilde;o prioridade; atender &agrave; 1&ordf; inf&acirc;ncia; e a forma&ccedil;&atilde;o e valoriza&ccedil;&atilde;o do professor. Para ela, a estrutura&ccedil;&atilde;o de pol&iacute;ticas que atendam a essas tem&aacute;ticas priorit&aacute;rias permite que outros desafios sejam enfrentados no caminho.<\/p>\n<p>A presidente do Todos pela Educa&ccedil;&atilde;o salientou, no entanto, que o &ecirc;xito de uma pol&iacute;tica p&uacute;blica depende do &ldquo;alinhamento de todos os atores para que eles n&atilde;o se percam no caminho&rdquo;.<\/p>\n<h2><b>Demais participantes<\/b><\/h2>\n<p>Al&eacute;m dos desafios da Educa&ccedil;&atilde;o Brasileira, a reuni&atilde;o abordou o atendimento da Educa&ccedil;&atilde;o Infantil em Goi&aacute;s e as a&ccedil;&otilde;es realizadas em prol da Educa&ccedil;&atilde;o Infantil e da Alfabetiza&ccedil;&atilde;o.<\/p>\n<p>Na oportunidade, o conselheiro do Tribunal de Contas dos Munic&iacute;pios do Estado de Goi&aacute;s (TCM-GO), Fabr&iacute;cio Motta, e a coordenadora do Instituto Articule, Alessandra Gotti, apresentaram as a&ccedil;&otilde;es executadas e os resultados obtidos pelo Gaepe-GO desde a sua cria&ccedil;&atilde;o.<\/p>\n<p>Participaram o presidente do Tribunal de Contas do Estado de Goi&aacute;s, conselheiro Saulo Mesquita; o presidente do Tribunal de Contas dos Munic&iacute;pios,<b> <\/b>conselheiro Joaquim de Castro; o subprocurador-geral de Justi&ccedil;a para Assuntos Jur&iacute;dicos do Minist&eacute;rio P&uacute;blico de Goi&aacute;s, promotor Marcelo Andr&eacute;; a promotora de Justi&ccedil;a, Vanessa Goulart; o prefeito de Piren&oacute;polis, Nivaldo Melo; o corregedor-geral do Minist&eacute;rio P&uacute;blico de Contas, Jos&eacute; Gustavo Athayde; e o coordenador Estadual da Uni&atilde;o dos Conselhos Municipais da Educa&ccedil;&atilde;o (UNCME\/GO), Elcivam Gon&ccedil;alves; al&eacute;m de servidores da Educa&ccedil;&atilde;o e representantes das institui&ccedil;&otilde;es de ensino.<\/p>\n<h2><b>O Gaepe-GO<\/b><\/h2>\n<p>Criado em 2020 para o enfrentamento da pandemia da Covid-19 na Educa&ccedil;&atilde;o, o Gaepe-GO se tornou um gabinete para estrutura&ccedil;&atilde;o das Pol&iacute;ticas Educacionais. Ele re&uacute;ne representante de 14 institui&ccedil;&otilde;es, incluindo a Secretaria de Estado da Educa&ccedil;&atilde;o (Seduc\/GO), os Tribunais de Contas do Estado e dos Munic&iacute;pios, Conselho Estadual de Educa&ccedil;&atilde;o, Federa&ccedil;&atilde;o Goiana de Munic&iacute;pios, Tribunal de Justi&ccedil;a, Minist&eacute;rio P&uacute;blico Estadual e Minist&eacute;rio P&uacute;blico de Contas, Defensoria P&uacute;blica do Estado e o Instituto Articule.<\/p>\n<p><img decoding=\"async\" class=\" size-full wp-image-47232\" alt=\"\" height=\"352\" id=\"\" src=\"https:\/\/goias.gov.br\/educacao\/wp-content\/uploads\/sites\/40\/2023\/11\/DSC_4332-00b-scaled.jpg\" title=\"\" width=\"531\" srcset=\"https:\/\/goias.gov.br\/educacao\/wp-content\/uploads\/sites\/40\/2023\/11\/DSC_4332-00b-scaled.jpg 2560w, https:\/\/goias.gov.br\/educacao\/wp-content\/uploads\/sites\/40\/2023\/11\/DSC_4332-00b-300x199.jpg 300w, https:\/\/goias.gov.br\/educacao\/wp-content\/uploads\/sites\/40\/2023\/11\/DSC_4332-00b-1024x678.jpg 1024w, https:\/\/goias.gov.br\/educacao\/wp-content\/uploads\/sites\/40\/2023\/11\/DSC_4332-00b-768x509.jpg 768w, https:\/\/goias.gov.br\/educacao\/wp-content\/uploads\/sites\/40\/2023\/11\/DSC_4332-00b-1536x1017.jpg 1536w, https:\/\/goias.gov.br\/educacao\/wp-content\/uploads\/sites\/40\/2023\/11\/DSC_4332-00b-2048x1356.jpg 2048w\" sizes=\"(max-width: 531px) 100vw, 531px\" \/><\/p>\n<p>&nbsp;<\/p>\n","protected":false},"excerpt":{"rendered":"<p>1&ordf; Reuni&atilde;o Presencial do Gabinete de Articula&ccedil;&atilde;o para Estrutura&ccedil;&atilde;o das Pol&iacute;ticas de Educa&ccedil;&atilde;o (Gaepe-GO) foi realizada nesta ter&ccedil;a-feira (14), no audit&oacute;rio do Tribunal de Contas do Estado de Goi&aacute;s A secret&aacute;ria de Estado da Educa&ccedil;&atilde;o de Goi&aacute;s, F&aacute;tima Gavioli, participou, na manh&atilde; desta ter&ccedil;a-feira (14\/11), da 1&ordf; Reuni&atilde;o Presencial do Gabinete de Articula&ccedil;&atilde;o para Estrutura&ccedil;&atilde;o [&hellip;]<\/p>\n","protected":false},"author":757,"featured_media":47231,"comment_status":"closed","ping_status":"open","sticky":false,"template":"","format":"standard","meta":{"footnotes":""},"categories":[4801],"tags":[],"class_list":["post-47233","post","type-post","status-publish","format-standard","has-post-thumbnail","hentry","category-noticias"],"rttpg_featured_image_url":{"full":["https:\/\/goias.gov.br\/educacao\/wp-content\/uploads\/sites\/40\/2023\/11\/DSC_4177-52f-scaled.jpg",2560,1696,false],"landscape":["https:\/\/goias.gov.br\/educacao\/wp-content\/uploads\/sites\/40\/2023\/11\/DSC_4177-52f-scaled.jpg",2560,1696,false],"portraits":["https:\/\/goias.gov.br\/educacao\/wp-content\/uploads\/sites\/40\/2023\/11\/DSC_4177-52f-scaled.jpg",2560,1696,false],"thumbnail":["https:\/\/goias.gov.br\/educacao\/wp-content\/uploads\/sites\/40\/2023\/11\/DSC_4177-52f-150x150.jpg",150,150,true],"medium":["https:\/\/goias.gov.br\/educacao\/wp-content\/uploads\/sites\/40\/2023\/11\/DSC_4177-52f-300x199.jpg",300,199,true],"large":["https:\/\/goias.gov.br\/educacao\/wp-content\/uploads\/sites\/40\/2023\/11\/DSC_4177-52f-1024x678.jpg",1024,678,true],"1536x1536":["https:\/\/goias.gov.br\/educacao\/wp-content\/uploads\/sites\/40\/2023\/11\/DSC_4177-52f-1536x1017.jpg",1536,1017,true],"2048x2048":["https:\/\/goias.gov.br\/educacao\/wp-content\/uploads\/sites\/40\/2023\/11\/DSC_4177-52f-2048x1356.jpg",2048,1356,true]},"rttpg_author":{"display_name":"alexandersouza","author_link":"https:\/\/goias.gov.br\/educacao\/author\/alexandersouza\/"},"rttpg_comment":0,"rttpg_category":"<a href=\"https:\/\/goias.gov.br\/educacao\/categoria\/noticias\/\" rel=\"category tag\">Not\u00edcias<\/a>","rttpg_excerpt":"1&ordf; Reuni&atilde;o Presencial do Gabinete de Articula&ccedil;&atilde;o para Estrutura&ccedil;&atilde;o das Pol&iacute;ticas de Educa&ccedil;&atilde;o (Gaepe-GO) foi realizada nesta ter&ccedil;a-feira (14), no audit&oacute;rio do Tribunal de Contas do Estado de Goi&aacute;s A secret&aacute;ria de Estado da Educa&ccedil;&atilde;o de Goi&aacute;s, F&aacute;tima Gavioli, participou, na manh&atilde; desta ter&ccedil;a-feira (14\/11), da 1&ordf; Reuni&atilde;o Presencial do Gabinete de Articula&ccedil;&atilde;o para Estrutura&ccedil;&atilde;o&hellip;","_links":{"self":[{"href":"https:\/\/goias.gov.br\/educacao\/wp-json\/wp\/v2\/posts\/47233","targetHints":{"allow":["GET"]}}],"collection":[{"href":"https:\/\/goias.gov.br\/educacao\/wp-json\/wp\/v2\/posts"}],"about":[{"href":"https:\/\/goias.gov.br\/educacao\/wp-json\/wp\/v2\/types\/post"}],"author":[{"embeddable":true,"href":"https:\/\/goias.gov.br\/educacao\/wp-json\/wp\/v2\/users\/757"}],"replies":[{"embeddable":true,"href":"https:\/\/goias.gov.br\/educacao\/wp-json\/wp\/v2\/comments?post=47233"}],"version-history":[{"count":0,"href":"https:\/\/goias.gov.br\/educacao\/wp-json\/wp\/v2\/posts\/47233\/revisions"}],"wp:featuredmedia":[{"embeddable":true,"href":"https:\/\/goias.gov.br\/educacao\/wp-json\/wp\/v2\/media\/47231"}],"wp:attachment":[{"href":"https:\/\/goias.gov.br\/educacao\/wp-json\/wp\/v2\/media?parent=47233"}],"wp:term":[{"taxonomy":"category","embeddable":true,"href":"https:\/\/goias.gov.br\/educacao\/wp-json\/wp\/v2\/categories?post=47233"},{"taxonomy":"post_tag","embeddable":true,"href":"https:\/\/goias.gov.br\/educacao\/wp-json\/wp\/v2\/tags?post=47233"}],"curies":[{"name":"wp","href":"https:\/\/api.w.org\/{rel}","templated":true}]}}