

{"id":46249,"date":"2023-09-27T10:38:50","date_gmt":"2023-09-27T13:38:50","guid":{"rendered":"https:\/\/siteshom.goias.gov.br\/educacao\/encarregado-pelo-tratamento-de-dados-pessoais-seduc-go\/"},"modified":"2025-09-12T15:56:21","modified_gmt":"2025-09-12T18:56:21","slug":"encarregado-pelo-tratamento-de-dados-pessoais-seduc-go","status":"publish","type":"post","link":"https:\/\/goias.gov.br\/educacao\/encarregado-pelo-tratamento-de-dados-pessoais-seduc-go\/","title":{"rendered":"Encarregado Pelo Tratamento de Dados Pessoais &#8211; Seduc\/GO"},"content":{"rendered":"<h3><strong>Encarregado pelo tratamento de dados pessoais<\/strong><\/h3>\n<p>O Encarregado \u00e9 a pessoa indicada pelo controlador e operador para atuar como canal de comunica\u00e7\u00e3o entre o controlador, os titulares dos dados e a Autoridade Nacional de Prote\u00e7\u00e3o de Dados (ANPD)\u00a0<a href=\"https:\/\/www.planalto.gov.br\/ccivil_03\/_ato2015-2018\/2018\/lei\/l13709.htm\">art. 5\u00b0, VIII, Lei n\u00ba 13.709\/2018 &#8211; LGPD<\/a><\/p>\n<p><strong>Encarregado pelo Tratamento de Dados Pessoais Seduc-GO<\/strong><\/p>\n<p>Joaquim da Trindade Filho<\/p>\n<p><a href=\"https:\/\/goias.gov.br\/educacao\/wp-content\/uploads\/sites\/40\/2025\/09\/SEI_78958104_Portaria_4103.pdf\">Portaria N\u00b04103 de 29 de Agosto de 2025<\/a><\/p>\n<p><strong>Lota\u00e7\u00e3o<\/strong><br \/>Ouvidoria Setorial &#8211; Seduc Goi\u00e1s<\/p>\n<p><strong>Telefone: (62) 3220-9620<\/strong><\/p>\n<p><strong>E-mail: <\/strong>joaquim.tfilho@seduc.go.gov.br<\/p>\n<p>Este e-mail n\u00e3o substitui os demais canais de atendimento regulares do Governo de Goi\u00e1s e n\u00e3o deve ser utilizado para o exerc\u00edcio de Direitos dos Titulares, os quais est\u00e3o acess\u00edveis pelo\u00a0<a href=\"https:\/\/www.go.gov.br\/servicos-digitais\/cge\/nova-ouvidoria\/pedido-informacao-publica\">Portal Expresso<\/a><\/p>\n<p><strong>Endere\u00e7o<\/strong><br \/>Av. Quinta avenida, quadra 71 n\u00famero 212 &#8211; Setor Leste Vila Nova &#8211; Goi\u00e2nia\/GO, CEP: 74633-030 &#8211; Hor\u00e1rio: das 08h \u00e0s 12h e 14h \u00e0s 18h de segunda a sexta<\/p>\n<p dir=\"ltr\"><strong>Previs\u00e3o legal<\/strong><br \/>Artigo 41, \u00a71\u00ba,LGPD<br \/>&#8220;A identidade e as informa\u00e7\u00f5es de contato do encarregado dever\u00e3o ser divulgadas publicamente, de forma clara e objetiva, preferencialmente no s\u00edtio eletr\u00f4nico do controlador.&#8221;<br \/><strong><br \/>Atribui\u00e7\u00f5es<\/strong><br \/>Artigo 41, \u00a72\u00ba,LGPD<br \/>&#8211; aceitar reclama\u00e7\u00f5es e comunica\u00e7\u00f5es dos titulares, prestar esclarecimentos e adotar provid\u00eancias;<br \/>&#8211; receber comunica\u00e7\u00f5es da autoridade nacional e adotar provid\u00eancias;<br \/>&#8211; orientar os funcion\u00e1rios e os contratados da entidade a respeito das pr\u00e1ticas a serem tomadas em rela\u00e7\u00e3o \u00e0 prote\u00e7\u00e3o de dados pessoais e\u00a0executar as demais atribui\u00e7\u00f5es determinadas pelo controlador ou estabelecidas em normas complementares.<\/p>\n<p dir=\"ltr\"><strong>Portaria de nomea\u00e7\u00e3o\u00a0<\/strong><\/p>\n<p dir=\"ltr\"><a href=\"https:\/\/goias.gov.br\/educacao\/wp-content\/uploads\/sites\/40\/2025\/09\/SEI_78958104_Portaria_4103.pdf\">Portaria N\u00b04103 de 29 de Agosto de 2025<\/a><br \/>Designa servidor como Encarregado pelo Tratamento dos Dados<br \/>Pessoais desta Pasta, considerando a Lei federal n.\u00ba 13.709, de 14 de<br \/>agosto de 2018, que ins?tui a Lei Geral de Prote\u00e7\u00e3o de Dados \u2013 LGPD.<\/p>\n<p dir=\"ltr\">\u00a0<\/p>\n\n\n<p><\/p>\n","protected":false},"excerpt":{"rendered":"<p>Encarregado pelo tratamento de dados pessoais O Encarregado \u00e9 a pessoa indicada pelo controlador e operador para atuar como canal de comunica\u00e7\u00e3o entre o controlador, os titulares dos dados e a Autoridade Nacional de Prote\u00e7\u00e3o de Dados (ANPD)\u00a0art. 5\u00b0, VIII, Lei n\u00ba 13.709\/2018 &#8211; LGPD Encarregado pelo Tratamento de Dados Pessoais Seduc-GO Joaquim da Trindade [&hellip;]<\/p>\n","protected":false},"author":793,"featured_media":0,"comment_status":"closed","ping_status":"open","sticky":false,"template":"","format":"standard","meta":{"footnotes":""},"categories":[4789],"tags":[],"class_list":["post-46249","post","type-post","status-publish","format-standard","hentry","category-institucional"],"rttpg_featured_image_url":null,"rttpg_author":{"display_name":"josecarlosppampola","author_link":"https:\/\/goias.gov.br\/educacao\/author\/josecarlosppampola\/"},"rttpg_comment":0,"rttpg_category":"<a href=\"https:\/\/goias.gov.br\/educacao\/categoria\/institucional\/\" rel=\"category tag\">Institucional<\/a>","rttpg_excerpt":"Encarregado pelo tratamento de dados pessoais O Encarregado \u00e9 a pessoa indicada pelo controlador e operador para atuar como canal de comunica\u00e7\u00e3o entre o controlador, os titulares dos dados e a Autoridade Nacional de Prote\u00e7\u00e3o de Dados (ANPD)\u00a0art. 5\u00b0, VIII, Lei n\u00ba 13.709\/2018 &#8211; LGPD Encarregado pelo Tratamento de Dados Pessoais Seduc-GO Joaquim da Trindade&hellip;","_links":{"self":[{"href":"https:\/\/goias.gov.br\/educacao\/wp-json\/wp\/v2\/posts\/46249","targetHints":{"allow":["GET"]}}],"collection":[{"href":"https:\/\/goias.gov.br\/educacao\/wp-json\/wp\/v2\/posts"}],"about":[{"href":"https:\/\/goias.gov.br\/educacao\/wp-json\/wp\/v2\/types\/post"}],"author":[{"embeddable":true,"href":"https:\/\/goias.gov.br\/educacao\/wp-json\/wp\/v2\/users\/793"}],"replies":[{"embeddable":true,"href":"https:\/\/goias.gov.br\/educacao\/wp-json\/wp\/v2\/comments?post=46249"}],"version-history":[{"count":2,"href":"https:\/\/goias.gov.br\/educacao\/wp-json\/wp\/v2\/posts\/46249\/revisions"}],"predecessor-version":[{"id":523864,"href":"https:\/\/goias.gov.br\/educacao\/wp-json\/wp\/v2\/posts\/46249\/revisions\/523864"}],"wp:attachment":[{"href":"https:\/\/goias.gov.br\/educacao\/wp-json\/wp\/v2\/media?parent=46249"}],"wp:term":[{"taxonomy":"category","embeddable":true,"href":"https:\/\/goias.gov.br\/educacao\/wp-json\/wp\/v2\/categories?post=46249"},{"taxonomy":"post_tag","embeddable":true,"href":"https:\/\/goias.gov.br\/educacao\/wp-json\/wp\/v2\/tags?post=46249"}],"curies":[{"name":"wp","href":"https:\/\/api.w.org\/{rel}","templated":true}]}}