

{"id":46067,"date":"2023-08-21T11:32:28","date_gmt":"2023-08-21T14:32:28","guid":{"rendered":"https:\/\/siteshom.goias.gov.br\/educacao\/professores-aprovados-em-concurso-do-governo-de-goias-passam-por-imersao-sobre-missao-da-secretaria-de-educacao\/"},"modified":"2023-08-21T11:32:28","modified_gmt":"2023-08-21T14:32:28","slug":"professores-aprovados-em-concurso-do-governo-de-goias-passam-por-imersao-sobre-missao-da-secretaria-de-educacao","status":"publish","type":"post","link":"https:\/\/goias.gov.br\/educacao\/professores-aprovados-em-concurso-do-governo-de-goias-passam-por-imersao-sobre-missao-da-secretaria-de-educacao\/","title":{"rendered":"Professores aprovados em concurso do Governo de Goi\u00e1s passam por imers\u00e3o sobre miss\u00e3o da Secretaria de Educa\u00e7\u00e3o"},"content":{"rendered":"<p><img fetchpriority=\"high\" decoding=\"async\" class=\" size-full wp-image-46066\" alt=\"\" height=\"450\" id=\"\" src=\"https:\/\/goias.gov.br\/educacao\/wp-content\/uploads\/sites\/40\/2023\/08\/WhatsApp-Image-2023-08-16-at-14.01.22-df0.jpeg\" title=\"\" width=\"680\" srcset=\"https:\/\/goias.gov.br\/educacao\/wp-content\/uploads\/sites\/40\/2023\/08\/WhatsApp-Image-2023-08-16-at-14.01.22-df0.jpeg 1600w, https:\/\/goias.gov.br\/educacao\/wp-content\/uploads\/sites\/40\/2023\/08\/WhatsApp-Image-2023-08-16-at-14.01.22-df0-300x199.jpeg 300w, https:\/\/goias.gov.br\/educacao\/wp-content\/uploads\/sites\/40\/2023\/08\/WhatsApp-Image-2023-08-16-at-14.01.22-df0-1024x678.jpeg 1024w, https:\/\/goias.gov.br\/educacao\/wp-content\/uploads\/sites\/40\/2023\/08\/WhatsApp-Image-2023-08-16-at-14.01.22-df0-768x508.jpeg 768w, https:\/\/goias.gov.br\/educacao\/wp-content\/uploads\/sites\/40\/2023\/08\/WhatsApp-Image-2023-08-16-at-14.01.22-df0-1536x1017.jpeg 1536w\" sizes=\"(max-width: 680px) 100vw, 680px\" \/><\/p>\n<p><em>Professores concursados contam sobre suas expectativas e objetivos em rela&ccedil;&atilde;o &agrave; Educa&ccedil;&atilde;o p&uacute;blica estadual<\/em><\/p>\n<p>Os dias 16, 17 e 18 de agosto de 2023 foram marcados pelo Encontro de Forma&ccedil;&atilde;o dos Professores da Rede Estadual de Educa&ccedil;&atilde;o &ndash; Est&aacute;gio Probat&oacute;rio. Destinado &agrave; segunda turma de convocados do Concurso P&uacute;blico da Educa&ccedil;&atilde;o de Goi&aacute;s, realizado em 2022, o encontro reuniu 315 novos professores entusiasmados para ensinar.&nbsp;<\/p>\n<p>Um deles &eacute; o professor de Geografia, j&aacute; modulado na Escola Estadual Doutor Gerson de Faria Pereira, em Alto Para&iacute;so de Goi&aacute;s, Thomaz Amadeo. Natural do Rio de Janeiro, ele disse ter grandes expectativas em contribuir &nbsp;com a Educa&ccedil;&atilde;o da rede p&uacute;blica estadual. &ldquo;Sou professor h&aacute; 3 anos e adoro a profiss&atilde;o. Minha expectativa &eacute; transformar a vida dos estudantes. Quero que enxerguem a Geografia com um olhar cr&iacute;tico e reflexivo, com uma percep&ccedil;&atilde;o do mundo&rdquo;, conta Thomaz.&nbsp;<\/p>\n<p>Assim como ele, o professor de Sociologia, mestre e doutor em Antropologia, Vitor Gon&ccedil;alves, que dar&aacute; aulas no Col&eacute;gio Estadual Polivalente Frei Jo&atilde;o Batista, em An&aacute;polis, afirma estar animado em dialogar com os estudantes e promover um ensino assertivo. Vitor tamb&eacute;m &eacute; carioca e veio para Goi&aacute;s com o intuito de ensinar e de colaborar como servidor p&uacute;blico do Estado. &ldquo;Eu tenho um esp&iacute;rito de estudante, ent&atilde;o o meu objetivo &eacute; sempre de contribuir, mas, al&eacute;m disso, eu quero aprender e estudar junto com os meus alunos&rdquo;, destaca.&nbsp;<\/p>\n<h2>Acompanhamento no processo de ensino-aprendizagem<\/h2>\n<p>&ldquo;Uma das vantagens de ser um professor com contrato efetivo na rede estadual de Educa&ccedil;&atilde;o &eacute; o fato de ter estabilidade financeira e pessoal. Al&eacute;m disso, ser um profissional efetivo garante que o ensino seja feito de forma continuada&rdquo;, declarou o professor de Qu&iacute;mica do Centro de Ensino em Per&iacute;odo Integral (Cepi) Delcides Ferreira de Morais, de Caldas Novas, On&eacute;simo Gi&aacute;como.&nbsp;<\/p>\n<p>On&eacute;simo, que j&aacute; atuava como professor tempor&aacute;rio na rede p&uacute;blica estadual fala com tranquilidade sobre sua profiss&atilde;o, j&aacute; como servidor efetivo. &ldquo;Essa &eacute; a primeira vez que ministro aulas em uma escola de tempo integral. Ent&atilde;o, agora, como concursado, vou poder acompanhar o aluno desde o Ensino Fundamental, at&eacute; o Ensino M&eacute;dio. Isso &eacute; maravilhoso!&rdquo;<\/p>\n<p>J&aacute; a professora de Sociologia do Col&eacute;gio Estadual Professor Ant&ocirc;nio Valdir Roriz, localizado em Luzi&acirc;nia, Raquel Kojoroski, disse esperar que como concursada da rede estadual tamb&eacute;m possa acompanhar os alunos e dar continuidade ao processo de ensino-aprendizagem de forma mais aprofundada. &ldquo;Como efetivos, n&oacute;s teremos a seguran&ccedil;a de desenvolver um trabalho melhor, sem que haja a ruptura no contato com os estudantes&rdquo;, ressalta. &nbsp;&nbsp;<\/p>\n<h2>Sobre o encontro formativo<\/h2>\n<p>Este &eacute; o segundo encontro de professores concursados da rede estadual de Educa&ccedil;&atilde;o. Com a tem&aacute;tica &ldquo;Aprender para promover aprendizagens&rdquo;, a forma&ccedil;&atilde;o teve dura&ccedil;&atilde;o de tr&ecirc;s dias e tem como objetivo acolher, apoiar e qualificar a pr&aacute;tica docente dos profissionais ingressantes.&nbsp;<\/p>\n<p>Ser&atilde;o mais dois encontros formativos destinados &agrave;s 3&ordf; e 4&ordf; turmas de convocados. Os pr&oacute;ximos eventos tamb&eacute;m dever&atilde;o ser realizados na sede da Secretaria de Estado da Educa&ccedil;&atilde;o de Goi&aacute;s (Seduc\/GO), em Goi&acirc;nia, nos meses de setembro e outubro de 2023.&nbsp;<em>(Texto: Isadora Ribeiro \/ Comunica&ccedil;&atilde;o Setorial da Seduc\/GO &#8211; Fotos: Solimar de Oliveira)<\/em><\/p>\n","protected":false},"excerpt":{"rendered":"<p>Professores concursados contam sobre suas expectativas e objetivos em rela&ccedil;&atilde;o &agrave; Educa&ccedil;&atilde;o p&uacute;blica estadual Os dias 16, 17 e 18 de agosto de 2023 foram marcados pelo Encontro de Forma&ccedil;&atilde;o dos Professores da Rede Estadual de Educa&ccedil;&atilde;o &ndash; Est&aacute;gio Probat&oacute;rio. Destinado &agrave; segunda turma de convocados do Concurso P&uacute;blico da Educa&ccedil;&atilde;o de Goi&aacute;s, realizado em [&hellip;]<\/p>\n","protected":false},"author":792,"featured_media":46066,"comment_status":"closed","ping_status":"open","sticky":false,"template":"","format":"standard","meta":{"footnotes":""},"categories":[4801],"tags":[],"class_list":["post-46067","post","type-post","status-publish","format-standard","has-post-thumbnail","hentry","category-noticias"],"rttpg_featured_image_url":{"full":["https:\/\/goias.gov.br\/educacao\/wp-content\/uploads\/sites\/40\/2023\/08\/WhatsApp-Image-2023-08-16-at-14.01.22-df0.jpeg",1600,1059,false],"landscape":["https:\/\/goias.gov.br\/educacao\/wp-content\/uploads\/sites\/40\/2023\/08\/WhatsApp-Image-2023-08-16-at-14.01.22-df0.jpeg",1600,1059,false],"portraits":["https:\/\/goias.gov.br\/educacao\/wp-content\/uploads\/sites\/40\/2023\/08\/WhatsApp-Image-2023-08-16-at-14.01.22-df0.jpeg",1600,1059,false],"thumbnail":["https:\/\/goias.gov.br\/educacao\/wp-content\/uploads\/sites\/40\/2023\/08\/WhatsApp-Image-2023-08-16-at-14.01.22-df0-150x150.jpeg",150,150,true],"medium":["https:\/\/goias.gov.br\/educacao\/wp-content\/uploads\/sites\/40\/2023\/08\/WhatsApp-Image-2023-08-16-at-14.01.22-df0-300x199.jpeg",300,199,true],"large":["https:\/\/goias.gov.br\/educacao\/wp-content\/uploads\/sites\/40\/2023\/08\/WhatsApp-Image-2023-08-16-at-14.01.22-df0-1024x678.jpeg",1024,678,true],"1536x1536":["https:\/\/goias.gov.br\/educacao\/wp-content\/uploads\/sites\/40\/2023\/08\/WhatsApp-Image-2023-08-16-at-14.01.22-df0-1536x1017.jpeg",1536,1017,true],"2048x2048":["https:\/\/goias.gov.br\/educacao\/wp-content\/uploads\/sites\/40\/2023\/08\/WhatsApp-Image-2023-08-16-at-14.01.22-df0.jpeg",1600,1059,false]},"rttpg_author":{"display_name":"lucassooliveira","author_link":"https:\/\/goias.gov.br\/educacao\/author\/lucassooliveira\/"},"rttpg_comment":0,"rttpg_category":"<a href=\"https:\/\/goias.gov.br\/educacao\/categoria\/noticias\/\" rel=\"category tag\">Not\u00edcias<\/a>","rttpg_excerpt":"Professores concursados contam sobre suas expectativas e objetivos em rela&ccedil;&atilde;o &agrave; Educa&ccedil;&atilde;o p&uacute;blica estadual Os dias 16, 17 e 18 de agosto de 2023 foram marcados pelo Encontro de Forma&ccedil;&atilde;o dos Professores da Rede Estadual de Educa&ccedil;&atilde;o &ndash; Est&aacute;gio Probat&oacute;rio. Destinado &agrave; segunda turma de convocados do Concurso P&uacute;blico da Educa&ccedil;&atilde;o de Goi&aacute;s, realizado em&hellip;","_links":{"self":[{"href":"https:\/\/goias.gov.br\/educacao\/wp-json\/wp\/v2\/posts\/46067","targetHints":{"allow":["GET"]}}],"collection":[{"href":"https:\/\/goias.gov.br\/educacao\/wp-json\/wp\/v2\/posts"}],"about":[{"href":"https:\/\/goias.gov.br\/educacao\/wp-json\/wp\/v2\/types\/post"}],"author":[{"embeddable":true,"href":"https:\/\/goias.gov.br\/educacao\/wp-json\/wp\/v2\/users\/792"}],"replies":[{"embeddable":true,"href":"https:\/\/goias.gov.br\/educacao\/wp-json\/wp\/v2\/comments?post=46067"}],"version-history":[{"count":0,"href":"https:\/\/goias.gov.br\/educacao\/wp-json\/wp\/v2\/posts\/46067\/revisions"}],"wp:featuredmedia":[{"embeddable":true,"href":"https:\/\/goias.gov.br\/educacao\/wp-json\/wp\/v2\/media\/46066"}],"wp:attachment":[{"href":"https:\/\/goias.gov.br\/educacao\/wp-json\/wp\/v2\/media?parent=46067"}],"wp:term":[{"taxonomy":"category","embeddable":true,"href":"https:\/\/goias.gov.br\/educacao\/wp-json\/wp\/v2\/categories?post=46067"},{"taxonomy":"post_tag","embeddable":true,"href":"https:\/\/goias.gov.br\/educacao\/wp-json\/wp\/v2\/tags?post=46067"}],"curies":[{"name":"wp","href":"https:\/\/api.w.org\/{rel}","templated":true}]}}