

{"id":45357,"date":"2023-03-10T08:36:46","date_gmt":"2023-03-10T11:36:46","guid":{"rendered":"https:\/\/siteshom.goias.gov.br\/educacao\/periodo-de-convocacao\/"},"modified":"2023-03-10T08:36:46","modified_gmt":"2023-03-10T11:36:46","slug":"periodo-de-convocacao","status":"publish","type":"post","link":"https:\/\/goias.gov.br\/educacao\/periodo-de-convocacao\/","title":{"rendered":"Per\u00edodo de convoca\u00e7\u00e3o"},"content":{"rendered":"<p><img fetchpriority=\"high\" decoding=\"async\" class=\" size-full wp-image-45356\" alt=\"\" id=\"\" src=\"https:\/\/goias.gov.br\/educacao\/wp-content\/uploads\/sites\/40\/2023\/03\/Cargoconcurso-b3a.png\" title=\"\" width=\"910\" height=\"175\" srcset=\"https:\/\/goias.gov.br\/educacao\/wp-content\/uploads\/sites\/40\/2023\/03\/Cargoconcurso-b3a.png 910w, https:\/\/goias.gov.br\/educacao\/wp-content\/uploads\/sites\/40\/2023\/03\/Cargoconcurso-b3a-300x58.png 300w, https:\/\/goias.gov.br\/educacao\/wp-content\/uploads\/sites\/40\/2023\/03\/Cargoconcurso-b3a-768x148.png 768w\" sizes=\"(max-width: 910px) 100vw, 910px\" \/><\/p>\n","protected":false},"excerpt":{"rendered":"","protected":false},"author":793,"featured_media":45356,"comment_status":"closed","ping_status":"open","sticky":false,"template":"","format":"standard","meta":{"footnotes":""},"categories":[4789],"tags":[],"class_list":["post-45357","post","type-post","status-publish","format-standard","has-post-thumbnail","hentry","category-institucional"],"rttpg_featured_image_url":{"full":["https:\/\/goias.gov.br\/educacao\/wp-content\/uploads\/sites\/40\/2023\/03\/Cargoconcurso-b3a.png",910,175,false],"landscape":["https:\/\/goias.gov.br\/educacao\/wp-content\/uploads\/sites\/40\/2023\/03\/Cargoconcurso-b3a.png",910,175,false],"portraits":["https:\/\/goias.gov.br\/educacao\/wp-content\/uploads\/sites\/40\/2023\/03\/Cargoconcurso-b3a.png",910,175,false],"thumbnail":["https:\/\/goias.gov.br\/educacao\/wp-content\/uploads\/sites\/40\/2023\/03\/Cargoconcurso-b3a-150x150.png",150,150,true],"medium":["https:\/\/goias.gov.br\/educacao\/wp-content\/uploads\/sites\/40\/2023\/03\/Cargoconcurso-b3a-300x58.png",300,58,true],"large":["https:\/\/goias.gov.br\/educacao\/wp-content\/uploads\/sites\/40\/2023\/03\/Cargoconcurso-b3a.png",910,175,false],"1536x1536":["https:\/\/goias.gov.br\/educacao\/wp-content\/uploads\/sites\/40\/2023\/03\/Cargoconcurso-b3a.png",910,175,false],"2048x2048":["https:\/\/goias.gov.br\/educacao\/wp-content\/uploads\/sites\/40\/2023\/03\/Cargoconcurso-b3a.png",910,175,false]},"rttpg_author":{"display_name":"josecarlosppampola","author_link":"https:\/\/goias.gov.br\/educacao\/author\/josecarlosppampola\/"},"rttpg_comment":0,"rttpg_category":"<a href=\"https:\/\/goias.gov.br\/educacao\/categoria\/institucional\/\" rel=\"category tag\">Institucional<\/a>","rttpg_excerpt":null,"_links":{"self":[{"href":"https:\/\/goias.gov.br\/educacao\/wp-json\/wp\/v2\/posts\/45357","targetHints":{"allow":["GET"]}}],"collection":[{"href":"https:\/\/goias.gov.br\/educacao\/wp-json\/wp\/v2\/posts"}],"about":[{"href":"https:\/\/goias.gov.br\/educacao\/wp-json\/wp\/v2\/types\/post"}],"author":[{"embeddable":true,"href":"https:\/\/goias.gov.br\/educacao\/wp-json\/wp\/v2\/users\/793"}],"replies":[{"embeddable":true,"href":"https:\/\/goias.gov.br\/educacao\/wp-json\/wp\/v2\/comments?post=45357"}],"version-history":[{"count":0,"href":"https:\/\/goias.gov.br\/educacao\/wp-json\/wp\/v2\/posts\/45357\/revisions"}],"wp:featuredmedia":[{"embeddable":true,"href":"https:\/\/goias.gov.br\/educacao\/wp-json\/wp\/v2\/media\/45356"}],"wp:attachment":[{"href":"https:\/\/goias.gov.br\/educacao\/wp-json\/wp\/v2\/media?parent=45357"}],"wp:term":[{"taxonomy":"category","embeddable":true,"href":"https:\/\/goias.gov.br\/educacao\/wp-json\/wp\/v2\/categories?post=45357"},{"taxonomy":"post_tag","embeddable":true,"href":"https:\/\/goias.gov.br\/educacao\/wp-json\/wp\/v2\/tags?post=45357"}],"curies":[{"name":"wp","href":"https:\/\/api.w.org\/{rel}","templated":true}]}}