

{"id":45308,"date":"2023-03-02T14:49:45","date_gmt":"2023-03-02T17:49:45","guid":{"rendered":"https:\/\/siteshom.goias.gov.br\/educacao\/cre-pires-do-rio\/"},"modified":"2026-04-22T17:09:12","modified_gmt":"2026-04-22T20:09:12","slug":"cre-pires-do-rio","status":"publish","type":"post","link":"https:\/\/goias.gov.br\/educacao\/cre-pires-do-rio\/","title":{"rendered":"CRE &#8211; Pires do Rio"},"content":{"rendered":"<h2 align=\"center\"><strong style=\"color: revert;font-size: revert\">COMUNICADO<\/strong><\/h2>\n<p style=\"text-align: center\"><strong>PARA CONTRATA\u00c7\u00c3O TEMPOR\u00c1RIA<\/strong><\/p>\n<pre style=\"text-align: center\">Publica\u00e7\u00e3o: 22\/04\/2026 \nEncerramento: 24\/04\/2026 \u00e0s 18h\n<\/pre>\n<p style=\"text-align: justify\">O Governo do Estado de Goi\u00e1s, atrav\u00e9s da Secretaria de Estado da Educa\u00e7\u00e3o, diante da inexist\u00eancia de Processo Seletivo Simplificado vigente no \u00e2mbito desta Pasta e considerando a exist\u00eancia de d\u00e9ficits de professores nas unidades escolares pertencentes ao <strong>munic\u00edpio de IPAMERI<\/strong>, jurisdicionado \u00e0 Coordena\u00e7\u00e3o Regional de Educa\u00e7\u00e3o de <strong>PIRES DO RIO<\/strong>, informa que est\u00e1 recebendo curr\u00edculos, para sele\u00e7\u00e3o e contrata\u00e7\u00e3o tempor\u00e1ria com natureza emergencial para atender aos interesses da Administra\u00e7\u00e3o: <strong>01 (um) professor para ministrar 30 aulas (40.0 horas) semanais de L\u00edngua Portuguesa e disciplinas afins, no(s) turno(s) Matutino no COL\u00c9GIO ESTADUAL DA POL\u00cdCIA MILITAR DE GOI\u00c1S JOS\u00c9 PIO DE SANTANA<\/strong> visando afastar eventuais preju\u00edzos educacionais e\/ou pedag\u00f3gicos aos estudantes da Rede Estadual de Educa\u00e7\u00e3o de Goi\u00e1s.<\/p>\n<p style=\"text-align: justify\">A presente convoca\u00e7\u00e3o justifica-se devido a D\u00e9ficit.<\/p>\n<p style=\"text-align: justify\">Os interessados devem encaminhar Curr\u00edculo ao e-mail oficial da Assessoria Financeira da Coordena\u00e7\u00e3o Regional de PIRES DO RIO (afin.piresdorio@seduc.go.gov.br), contendo os contatos telef\u00f4nicos e endere\u00e7os de e-mail para correspond\u00eancias eletr\u00f4nicas, e ainda, que no campo Assunto do e-mail, seja informada a Unidade Escolar e a disciplina da vaga pleiteada.<\/p>\n<p style=\"text-align: justify\">Oportunamente, esclarece que a Coordena\u00e7\u00e3o Regional de Educa\u00e7\u00e3o de PIRES DO RIO instituir\u00e1 comiss\u00e3o pr\u00f3pria para as an\u00e1lises curriculares, que ser\u00e1 composta por membros da CRE, objetivando assim, a ado\u00e7\u00e3o de medidas e provid\u00eancias pertinentes ao suprimento de todos os d\u00e9ficits de professores existentes na Rede Estadual de Educa\u00e7\u00e3o de Goi\u00e1s, que garantam os servi\u00e7os prestados \u00e0 comunidade goiana.<\/p>\n<p style=\"text-align: center\">SEDUC\/GO<\/p>\n<h2 align=\"center\"><strong style=\"color: revert;font-size: revert\">COMUNICADO<\/strong><\/h2>\n<p style=\"text-align: center\"><strong>PARA CONTRATA\u00c7\u00c3O TEMPOR\u00c1RIA<\/strong><\/p>\n<pre style=\"text-align: center\">Publica\u00e7\u00e3o: 17\/04\/2026 \nEncerramento: 22\/04\/2026 \u00e0s 18h\n<\/pre>\n<p style=\"text-align: justify\">O Governo do Estado de Goi\u00e1s, atrav\u00e9s da Secretaria de Estado da Educa\u00e7\u00e3o, diante da inexist\u00eancia de Processo Seletivo Simplificado vigente no \u00e2mbito desta Pasta e considerando a exist\u00eancia de d\u00e9ficits de professores nas unidades escolares pertencentes ao <strong>munic\u00edpio de PIRES DO RIO<\/strong>, jurisdicionado \u00e0 Coordena\u00e7\u00e3o Regional de Educa\u00e7\u00e3o de <strong>PIRES DO RIO<\/strong>, informa que est\u00e1 recebendo curr\u00edculos, para sele\u00e7\u00e3o e contrata\u00e7\u00e3o tempor\u00e1ria com natureza emergencial para atender aos interesses da Administra\u00e7\u00e3o: 01 (um) professor, portador de Diploma de Gradua\u00e7\u00e3o Bacharel em Libras; ou Letras: Tradu\u00e7\u00e3o e interpreta\u00e7\u00e3o em Libras\/Portugu\u00eas; ou em Cursos Espec\u00edficos na \u00e1rea, ministrados por institui\u00e7\u00f5es reconhecidas pelo MEC, com aprova\u00e7\u00e3o no Exame de Profici\u00eancia para o Ensino de LIBRAS do MEC (PROLIBRAS) ou avalia\u00e7\u00e3o do CAS\/Goi\u00e2nia, ou credenciadas por uma Secretaria de Educa\u00e7\u00e3o, <strong>para exercer a fun\u00e7\u00e3o 099 (Int\u00e9rprete de L\u00edngua Brasileira de Sinais &#8211; LIBRAS)<\/strong> e cumprir jornada de trabalho semanal de 40.0 horas semanais, no(s) turno(s) Matutino\/Vespertino no COL\u00c9GIO ESTADUAL EM PERIODO INTEGRAL AUGUSTO MONTEIRO DE GODOY visando afastar eventuais preju\u00edzos educacionais e\/ou pedag\u00f3gicos aos estudantes da Rede Estadual de Educa\u00e7\u00e3o de Goi\u00e1s.<\/p>\n<p style=\"text-align: justify\">A presente convoca\u00e7\u00e3o justifica-se por d\u00e9ficit causado pela efetiva\u00e7\u00e3o de matr\u00edcula na unidade escolar de estudante com defici\u00eancia auditiva.<\/p>\n<p style=\"text-align: justify\">Os interessados devem encaminhar Curr\u00edculo ao e-mail oficial da Assessoria Financeira da Coordena\u00e7\u00e3o Regional de PIRES DO RIO (afin.piresdorio@seduc.go.gov.br), contendo os contatos telef\u00f4nicos e endere\u00e7os de e-mail para correspond\u00eancias eletr\u00f4nicas, e ainda, que no campo Assunto do e-mail, seja informada a Unidade Escolar e a disciplina da vaga pleiteada.<\/p>\n<p style=\"text-align: justify\">Oportunamente, esclarece que a Coordena\u00e7\u00e3o Regional de Educa\u00e7\u00e3o de PIRES DO RIO instituir\u00e1 comiss\u00e3o pr\u00f3pria para as an\u00e1lises curriculares, que ser\u00e1 composta por membros da CRE, objetivando assim, a ado\u00e7\u00e3o de medidas e provid\u00eancias pertinentes ao suprimento de todos os d\u00e9ficits de professores existentes na Rede Estadual de Educa\u00e7\u00e3o de Goi\u00e1s, que garantam os servi\u00e7os prestados \u00e0 comunidade goiana.<\/p>\n<p style=\"text-align: center\">SEDUC\/GO<\/p>\n<h2 align=\"center\"><strong style=\"color: revert;font-size: revert\">COMUNICADO<\/strong><\/h2>\n<p style=\"text-align: center\"><strong>PARA CONTRATA\u00c7\u00c3O TEMPOR\u00c1RIA<\/strong><\/p>\n<pre style=\"text-align: center\">Publica\u00e7\u00e3o: 07\/04\/2026 \nEncerramento: 09\/04\/2026 \u00e0s 18h\n<\/pre>\n<p style=\"text-align: justify\">O Governo do Estado de Goi\u00e1s, por interm\u00e9dio da Secretaria de Estado da Educa\u00e7\u00e3o, informa que, embora esteja vigente o Processo Seletivo Simplificado regido pelo Edital n\u00ba 020\/2024 \u2013 destinado \u00e0 composi\u00e7\u00e3o de banco de habilitados para contrata\u00e7\u00e3o tempor\u00e1ria de professores \u2013, no \u00e2mbito do <strong>munic\u00edpio de PIRES DO RIO<\/strong>, jurisdicionado \u00e0 Coordena\u00e7\u00e3o Regional de Educa\u00e7\u00e3o de <strong>PIRES DO RIO<\/strong>, o referido banco encontra-se esgotado para a fun\u00e7\u00e3o de <strong>Professor de Int\u00e9rprete de Libras, 23 aulas (30.67 horas) semanais, no turno Vespertino.<\/strong><\/p>\n<p style=\"text-align: justify\">Diante da inexist\u00eancia de candidatos habilitados dispon\u00edveis para convoca\u00e7\u00e3o, e considerando a exist\u00eancia de d\u00e9ficit de profissional docente, justificado pelo art. 208 da Lei n\u00ba 13.909\/2001, a Secretaria de Estado da Educa\u00e7\u00e3o deliberou pela ado\u00e7\u00e3o de procedimento emergencial de sele\u00e7\u00e3o curricular, com o objetivo de realizar contrata\u00e7\u00e3o por tempo determinado, de natureza excepcional e urgente, nos termos da Lei Estadual n\u00ba 20.918\/2020.<\/p>\n<p style=\"text-align: justify\">Nesse sentido, a Coordena\u00e7\u00e3o Regional de Educa\u00e7\u00e3o de <strong>PIRES DO RIO<\/strong> est\u00e1 recebendo curr\u00edculos, exclusivamente por e-mail, para fins de sele\u00e7\u00e3o e contrata\u00e7\u00e3o tempor\u00e1ria de 01 (um) professor de <strong>Int\u00e9rprete de Libras<\/strong>, no(a) <strong>COL\u00c9GIO ESTADUAL DA POL\u00cdCIA MILITAR DE GOI\u00c1S PROFESSOR IVAN FERREIRA<\/strong>. A presente medida visa evitar a interrup\u00e7\u00e3o das atividades escolares e garantir a continuidade do processo de ensino e aprendizagem, resguardando o direito constitucional \u00e0 educa\u00e7\u00e3o dos estudantes da Rede Estadual de Ensino.<\/p>\n<p style=\"text-align: justify\">Os interessados devem encaminhar curr\u00edculo atualizado ao endere\u00e7o eletr\u00f4nico oficial da Assessoria Financeira da CRE de <strong>PIRES DO RIO afin.piresdorio@seduc.go.gov.br<\/strong>, informando contatos telef\u00f4nicos e endere\u00e7o de e-mail para retorno.<\/p>\n<p style=\"text-align: justify\">Para a an\u00e1lise dos curr\u00edculos, ser\u00e1 constitu\u00edda comiss\u00e3o espec\u00edfica no \u00e2mbito da Coordena\u00e7\u00e3o Regional de Educa\u00e7\u00e3o de <strong>PIRES DO RIO<\/strong>, composta por membros desta unidade administrativa, a qual adotar\u00e1 crit\u00e9rios objetivos e ison\u00f4micos na sele\u00e7\u00e3o dos profissionais, assegurando a observ\u00e2ncia dos princ\u00edpios da legalidade, impessoalidade e interesse p\u00fablico.<\/p>\n<p style=\"text-align: justify\">A presente convoca\u00e7\u00e3o emergencial pauta-se nos princ\u00edpios da continuidade do servi\u00e7o p\u00fablico e da supremacia do interesse p\u00fablico, e ser\u00e1 adotada exclusivamente nos casos em que n\u00e3o houver mais candidatos habilitados no banco vigente, conforme previsto no edital e na legisla\u00e7\u00e3o pertinente.<\/p>\n<p style=\"text-align: center\">SEDUC\/GO<\/p>\n<h2 align=\"center\"><strong style=\"color: revert;font-size: revert\">COMUNICADO<\/strong><\/h2>\n<p style=\"text-align: center\"><strong>PARA CONTRATA\u00c7\u00c3O TEMPOR\u00c1RIA<\/strong><\/p>\n<pre style=\"text-align: center\">Publica\u00e7\u00e3o: 23\/03\/2026 \nEncerramento: 25\/03\/2026 \u00e0s 18h\n<\/pre>\n<p style=\"text-align: justify\">O Governo do Estado de Goi\u00e1s, por interm\u00e9dio da Secretaria de Estado da Educa\u00e7\u00e3o, informa que, embora esteja vigente o Processo Seletivo Simplificado regido pelo Edital n\u00ba 020\/2024 \u2013 destinado \u00e0 composi\u00e7\u00e3o de banco de habilitados para contrata\u00e7\u00e3o tempor\u00e1ria de professores \u2013, no \u00e2mbito do <strong>munic\u00edpio de IPAMERI<\/strong>, jurisdicionado \u00e0 Coordena\u00e7\u00e3o Regional de Educa\u00e7\u00e3o de <strong>PIRES DO RIO<\/strong>, o referido banco encontra-se esgotado para a fun\u00e7\u00e3o de <strong>Professor de L\u00edngua Portuguesa, 30 aulas (37 horas) semanais, no turno Matutino\/Vespertino.<\/strong><\/p>\n<p style=\"text-align: justify\">Diante da inexist\u00eancia de candidatos habilitados dispon\u00edveis para convoca\u00e7\u00e3o, e considerando a exist\u00eancia de d\u00e9ficit de profissional docente, justificado pelo art. 208 da Lei n\u00ba 13.909\/2001, a Secretaria de Estado da Educa\u00e7\u00e3o deliberou pela ado\u00e7\u00e3o de procedimento emergencial de sele\u00e7\u00e3o curricular, com o objetivo de realizar contrata\u00e7\u00e3o por tempo determinado, de natureza excepcional e urgente, nos termos da Lei Estadual n\u00ba 20.918\/2020.<\/p>\n<p style=\"text-align: justify\">Nesse sentido, a Coordena\u00e7\u00e3o Regional de Educa\u00e7\u00e3o de <strong>PIRES DO RIO<\/strong> est\u00e1 recebendo curr\u00edculos, exclusivamente por e-mail, para fins de sele\u00e7\u00e3o e contrata\u00e7\u00e3o tempor\u00e1ria de 01 (um) professor de <strong>L\u00edngua Portuguesa<\/strong>, no(a) <strong>COL\u00c9GIO ESTADUAL PROFESSOR EDUARDO MANCINI<\/strong>. A presente medida visa evitar a interrup\u00e7\u00e3o das atividades escolares e garantir a continuidade do processo de ensino e aprendizagem, resguardando o direito constitucional \u00e0 educa\u00e7\u00e3o dos estudantes da Rede Estadual de Ensino.<\/p>\n<p style=\"text-align: justify\">Os interessados devem encaminhar curr\u00edculo atualizado ao endere\u00e7o eletr\u00f4nico oficial da Assessoria Financeira da CRE de <strong>PIRES DO RIO afin.piresdorio@seduc.go.gov.br<\/strong>, informando contatos telef\u00f4nicos e endere\u00e7o de e-mail para retorno.<\/p>\n<p style=\"text-align: justify\">Para a an\u00e1lise dos curr\u00edculos, ser\u00e1 constitu\u00edda comiss\u00e3o espec\u00edfica no \u00e2mbito da Coordena\u00e7\u00e3o Regional de Educa\u00e7\u00e3o de <strong>PIRES DO RIO<\/strong>, composta por membros desta unidade administrativa, a qual adotar\u00e1 crit\u00e9rios objetivos e ison\u00f4micos na sele\u00e7\u00e3o dos profissionais, assegurando a observ\u00e2ncia dos princ\u00edpios da legalidade, impessoalidade e interesse p\u00fablico.<\/p>\n<p style=\"text-align: justify\">A presente convoca\u00e7\u00e3o emergencial pauta-se nos princ\u00edpios da continuidade do servi\u00e7o p\u00fablico e da supremacia do interesse p\u00fablico, e ser\u00e1 adotada exclusivamente nos casos em que n\u00e3o houver mais candidatos habilitados no banco vigente, conforme previsto no edital e na legisla\u00e7\u00e3o pertinente.<\/p>\n<p style=\"text-align: center\">SEDUC\/GO<\/p>\n<h2 align=\"center\"><strong style=\"color: revert;font-size: revert\">COMUNICADO<\/strong><\/h2>\n<p style=\"text-align: center\"><strong>PARA CONTRATA\u00c7\u00c3O TEMPOR\u00c1RIA<\/strong><\/p>\n<pre style=\"text-align: center\">Publica\u00e7\u00e3o: 09\/03\/2026 \nEncerramento: 11\/03\/2026 \u00e0s 18h\n<\/pre>\n<p style=\"text-align: justify\">O Governo do Estado de Goi\u00e1s, por interm\u00e9dio da Secretaria de Estado da Educa\u00e7\u00e3o, informa que, embora esteja vigente o Processo Seletivo Simplificado regido pelo Edital n\u00ba 020\/2024 \u2013 destinado \u00e0 composi\u00e7\u00e3o de banco de habilitados para contrata\u00e7\u00e3o tempor\u00e1ria de professores \u2013, no \u00e2mbito do <strong>munic\u00edpio de ORIZONA<\/strong>, jurisdicionado \u00e0 Coordena\u00e7\u00e3o Regional de Educa\u00e7\u00e3o de <strong>PIRES DO RIO<\/strong>, o referido banco encontra-se esgotado para a fun\u00e7\u00e3o de <strong>Professor de Pedagogia, 30 aulas (37 horas) semanais, no turno Vespertino\/Noturno.<\/strong><\/p>\n<p style=\"text-align: justify\">Diante da inexist\u00eancia de candidatos habilitados dispon\u00edveis para convoca\u00e7\u00e3o, e considerando a exist\u00eancia de d\u00e9ficit de profissional docente, justificado pelo art. 208 da Lei n\u00ba 13.909\/2001, a Secretaria de Estado da Educa\u00e7\u00e3o deliberou pela ado\u00e7\u00e3o de procedimento emergencial de sele\u00e7\u00e3o curricular, com o objetivo de realizar contrata\u00e7\u00e3o por tempo determinado, de natureza excepcional e urgente, nos termos da Lei Estadual n\u00ba 20.918\/2020.<\/p>\n<p style=\"text-align: justify\">Nesse sentido, a Coordena\u00e7\u00e3o Regional de Educa\u00e7\u00e3o de <strong>PIRES DO RIO<\/strong> est\u00e1 recebendo curr\u00edculos, exclusivamente por e-mail, para fins de sele\u00e7\u00e3o e contrata\u00e7\u00e3o tempor\u00e1ria de 01 (um) professor de <strong>Pedagogia<\/strong>, no(a) <strong>COL\u00c9GIO ESTADUAL DE EDUCA\u00c7\u00c3O DO CAMPO JO\u00c3O GON\u00c7ALVES RIBEIRO<\/strong>. A presente medida visa evitar a interrup\u00e7\u00e3o das atividades escolares e garantir a continuidade do processo de ensino e aprendizagem, resguardando o direito constitucional \u00e0 educa\u00e7\u00e3o dos estudantes da Rede Estadual de Ensino.<\/p>\n<p style=\"text-align: justify\">Os interessados devem encaminhar curr\u00edculo atualizado ao endere\u00e7o eletr\u00f4nico oficial da Assessoria Financeira da CRE de <strong>PIRES DO RIO afin.piresdorio@seduc.go.gov.br<\/strong>, informando contatos telef\u00f4nicos e endere\u00e7o de e-mail para retorno.<\/p>\n<p style=\"text-align: justify\">Para a an\u00e1lise dos curr\u00edculos, ser\u00e1 constitu\u00edda comiss\u00e3o espec\u00edfica no \u00e2mbito da Coordena\u00e7\u00e3o Regional de Educa\u00e7\u00e3o de <strong>PIRES DO RIO<\/strong>, composta por membros desta unidade administrativa, a qual adotar\u00e1 crit\u00e9rios objetivos e ison\u00f4micos na sele\u00e7\u00e3o dos profissionais, assegurando a observ\u00e2ncia dos princ\u00edpios da legalidade, impessoalidade e interesse p\u00fablico.<\/p>\n<p style=\"text-align: justify\">A presente convoca\u00e7\u00e3o emergencial pauta-se nos princ\u00edpios da continuidade do servi\u00e7o p\u00fablico e da supremacia do interesse p\u00fablico, e ser\u00e1 adotada exclusivamente nos casos em que n\u00e3o houver mais candidatos habilitados no banco vigente, conforme previsto no edital e na legisla\u00e7\u00e3o pertinente.<\/p>\n<p style=\"text-align: center\">SEDUC\/GO<\/p>\n<h2 align=\"center\"><strong style=\"color: revert;font-size: revert\">COMUNICADO<\/strong><\/h2>\n<p style=\"text-align: center\"><strong>PARA CONTRATA\u00c7\u00c3O TEMPOR\u00c1RIA<\/strong><\/p>\n<pre style=\"text-align: center\">Publica\u00e7\u00e3o: 27\/02\/2026 \nEncerramento: 03\/03\/2026 \u00e0s 18h\n<\/pre>\n<p style=\"text-align: justify\">O Governo do Estado de Goi\u00e1s, por interm\u00e9dio da Secretaria de Estado da Educa\u00e7\u00e3o, informa que, embora esteja vigente o Processo Seletivo Simplificado regido pelo Edital n\u00ba 020\/2024 \u2013 destinado \u00e0 composi\u00e7\u00e3o de banco de habilitados para contrata\u00e7\u00e3o tempor\u00e1ria de professores \u2013, no \u00e2mbito do <strong>munic\u00edpio de URUTA\u00cd<\/strong>, jurisdicionado \u00e0 Coordena\u00e7\u00e3o Regional de Educa\u00e7\u00e3o de <strong>PIRES DO RIO<\/strong>, o referido banco encontra-se esgotado para a fun\u00e7\u00e3o de <strong>Professor de Hist\u00f3ria, 18 aulas (22 horas) semanais, no turno Matutino\/Vespertino.<\/strong><\/p>\n<p style=\"text-align: justify\">Diante da inexist\u00eancia de candidatos habilitados dispon\u00edveis para convoca\u00e7\u00e3o, e considerando a exist\u00eancia de d\u00e9ficit de profissional docente, justificado pelo art. 208 da Lei n\u00ba 13.909\/2001, a Secretaria de Estado da Educa\u00e7\u00e3o deliberou pela ado\u00e7\u00e3o de procedimento emergencial de sele\u00e7\u00e3o curricular, com o objetivo de realizar contrata\u00e7\u00e3o por tempo determinado, de natureza excepcional e urgente, nos termos da Lei Estadual n\u00ba 20.918\/2020.<\/p>\n<p style=\"text-align: justify\">Nesse sentido, a Coordena\u00e7\u00e3o Regional de Educa\u00e7\u00e3o de <strong>PIRES DO RIO<\/strong> est\u00e1 recebendo curr\u00edculos, exclusivamente por e-mail, para fins de sele\u00e7\u00e3o e contrata\u00e7\u00e3o tempor\u00e1ria de 01 (um) professor de <strong>Hist\u00f3ria<\/strong>, no(a) <strong>COL\u00c9GIO ESTADUAL DR. VASCO DOS REIS GON\u00c7ALVES<\/strong>. A presente medida visa evitar a interrup\u00e7\u00e3o das atividades escolares e garantir a continuidade do processo de ensino e aprendizagem, resguardando o direito constitucional \u00e0 educa\u00e7\u00e3o dos estudantes da Rede Estadual de Ensino.<\/p>\n<p style=\"text-align: justify\">Os interessados devem encaminhar curr\u00edculo atualizado ao endere\u00e7o eletr\u00f4nico oficial da Assessoria Financeira da CRE de <strong>PIRES DO RIO afin.piresdorio@seduc.go.gov.br<\/strong>, informando contatos telef\u00f4nicos e endere\u00e7o de e-mail para retorno.<\/p>\n<p style=\"text-align: justify\">Para a an\u00e1lise dos curr\u00edculos, ser\u00e1 constitu\u00edda comiss\u00e3o espec\u00edfica no \u00e2mbito da Coordena\u00e7\u00e3o Regional de Educa\u00e7\u00e3o de <strong>PIRES DO RIO<\/strong>, composta por membros desta unidade administrativa, a qual adotar\u00e1 crit\u00e9rios objetivos e ison\u00f4micos na sele\u00e7\u00e3o dos profissionais, assegurando a observ\u00e2ncia dos princ\u00edpios da legalidade, impessoalidade e interesse p\u00fablico.<\/p>\n<p style=\"text-align: justify\">A presente convoca\u00e7\u00e3o emergencial pauta-se nos princ\u00edpios da continuidade do servi\u00e7o p\u00fablico e da supremacia do interesse p\u00fablico, e ser\u00e1 adotada exclusivamente nos casos em que n\u00e3o houver mais candidatos habilitados no banco vigente, conforme previsto no edital e na legisla\u00e7\u00e3o pertinente.<\/p>\n<p style=\"text-align: center\">SEDUC\/GO<\/p>\n<h2 align=\"center\"><strong style=\"color: revert;font-size: revert\">COMUNICADO<\/strong><\/h2>\n<p style=\"text-align: center\"><strong>PARA CONTRATA\u00c7\u00c3O TEMPOR\u00c1RIA<\/strong><\/p>\n<pre style=\"text-align: center\">Publica\u00e7\u00e3o: 27\/02\/2026 \nEncerramento: 03\/03\/2026 \u00e0s 18h\n<\/pre>\n<p style=\"text-align: justify\">O Governo do Estado de Goi\u00e1s, por interm\u00e9dio da Secretaria de Estado da Educa\u00e7\u00e3o, informa que, embora esteja vigente o Processo Seletivo Simplificado regido pelo Edital n\u00ba 020\/2024 \u2013 destinado \u00e0 composi\u00e7\u00e3o de banco de habilitados para contrata\u00e7\u00e3o tempor\u00e1ria de professores \u2013, no \u00e2mbito do <strong>munic\u00edpio de URUTA\u00cd<\/strong>, jurisdicionado \u00e0 Coordena\u00e7\u00e3o Regional de Educa\u00e7\u00e3o de <strong>PIRES DO RIO<\/strong>, o referido banco encontra-se esgotado para a fun\u00e7\u00e3o de <strong>Professor de Matem\u00e1tica, 20 aulas (25 horas) semanais, no turno Matutino\/Vespertino.<\/strong><\/p>\n<p style=\"text-align: justify\">Diante da inexist\u00eancia de candidatos habilitados dispon\u00edveis para convoca\u00e7\u00e3o, e considerando a exist\u00eancia de d\u00e9ficit de profissional docente, justificado pelo art. 208 da Lei n\u00ba 13.909\/2001, a Secretaria de Estado da Educa\u00e7\u00e3o deliberou pela ado\u00e7\u00e3o de procedimento emergencial de sele\u00e7\u00e3o curricular, com o objetivo de realizar contrata\u00e7\u00e3o por tempo determinado, de natureza excepcional e urgente, nos termos da Lei Estadual n\u00ba 20.918\/2020.<\/p>\n<p style=\"text-align: justify\">Nesse sentido, a Coordena\u00e7\u00e3o Regional de Educa\u00e7\u00e3o de <strong>PIRES DO RIO<\/strong> est\u00e1 recebendo curr\u00edculos, exclusivamente por e-mail, para fins de sele\u00e7\u00e3o e contrata\u00e7\u00e3o tempor\u00e1ria de 01 (um) professor de <strong>Matem\u00e1tica<\/strong>, no(a) <strong>COL\u00c9GIO ESTADUAL DR. VASCO DOS REIS GON\u00c7ALVES<\/strong>. A presente medida visa evitar a interrup\u00e7\u00e3o das atividades escolares e garantir a continuidade do processo de ensino e aprendizagem, resguardando o direito constitucional \u00e0 educa\u00e7\u00e3o dos estudantes da Rede Estadual de Ensino.<\/p>\n<p style=\"text-align: justify\">Os interessados devem encaminhar curr\u00edculo atualizado ao endere\u00e7o eletr\u00f4nico oficial da Assessoria Financeira da CRE de <strong>PIRES DO RIO afin.piresdorio@seduc.go.gov.br<\/strong>, informando contatos telef\u00f4nicos e endere\u00e7o de e-mail para retorno.<\/p>\n<p style=\"text-align: justify\">Para a an\u00e1lise dos curr\u00edculos, ser\u00e1 constitu\u00edda comiss\u00e3o espec\u00edfica no \u00e2mbito da Coordena\u00e7\u00e3o Regional de Educa\u00e7\u00e3o de <strong>PIRES DO RIO<\/strong>, composta por membros desta unidade administrativa, a qual adotar\u00e1 crit\u00e9rios objetivos e ison\u00f4micos na sele\u00e7\u00e3o dos profissionais, assegurando a observ\u00e2ncia dos princ\u00edpios da legalidade, impessoalidade e interesse p\u00fablico.<\/p>\n<p style=\"text-align: justify\">A presente convoca\u00e7\u00e3o emergencial pauta-se nos princ\u00edpios da continuidade do servi\u00e7o p\u00fablico e da supremacia do interesse p\u00fablico, e ser\u00e1 adotada exclusivamente nos casos em que n\u00e3o houver mais candidatos habilitados no banco vigente, conforme previsto no edital e na legisla\u00e7\u00e3o pertinente.<\/p>\n<p style=\"text-align: center\">SEDUC\/GO<\/p>\n<h2 align=\"center\"><strong style=\"color: revert;font-size: revert\">COMUNICADO<\/strong><\/h2>\n<p style=\"text-align: center\"><strong>PARA CONTRATA\u00c7\u00c3O TEMPOR\u00c1RIA<\/strong><\/p>\n<pre style=\"text-align: center\">Publica\u00e7\u00e3o: 27\/02\/2026 \nEncerramento: 03\/03\/2026 \u00e0s 18h\n<\/pre>\n<p style=\"text-align: justify\">O Governo do Estado de Goi\u00e1s, por interm\u00e9dio da Secretaria de Estado da Educa\u00e7\u00e3o, informa que, embora esteja vigente o Processo Seletivo Simplificado regido pelo Edital n\u00ba 020\/2024 \u2013 destinado \u00e0 composi\u00e7\u00e3o de banco de habilitados para contrata\u00e7\u00e3o tempor\u00e1ria de professores \u2013, no \u00e2mbito do <strong>munic\u00edpio de IPAMERI<\/strong>, jurisdicionado \u00e0 Coordena\u00e7\u00e3o Regional de Educa\u00e7\u00e3o de <strong>PIRES DO RIO<\/strong>, o referido banco encontra-se esgotado para a fun\u00e7\u00e3o de <strong>Professor de Matem\u00e1tica, 30 aulas (37 horas) semanais, no turno Vespertino.<\/strong><\/p>\n<p style=\"text-align: justify\">Diante da inexist\u00eancia de candidatos habilitados dispon\u00edveis para convoca\u00e7\u00e3o, e considerando a exist\u00eancia de d\u00e9ficit de profissional docente, justificado pelo art. 208 da Lei n\u00ba 13.909\/2001, a Secretaria de Estado da Educa\u00e7\u00e3o deliberou pela ado\u00e7\u00e3o de procedimento emergencial de sele\u00e7\u00e3o curricular, com o objetivo de realizar contrata\u00e7\u00e3o por tempo determinado, de natureza excepcional e urgente, nos termos da Lei Estadual n\u00ba 20.918\/2020.<\/p>\n<p style=\"text-align: justify\">Nesse sentido, a Coordena\u00e7\u00e3o Regional de Educa\u00e7\u00e3o de <strong>PIRES DO RIO<\/strong> est\u00e1 recebendo curr\u00edculos, exclusivamente por e-mail, para fins de sele\u00e7\u00e3o e contrata\u00e7\u00e3o tempor\u00e1ria de 01 (um) professor de <strong>Matem\u00e1tica<\/strong>, no(a) <strong>COL\u00c9GIO ESTADUAL DA POL\u00cdCIA MILITAR DE GOI\u00c1S JOS\u00c9 PIO DE SANTANA<\/strong>. A presente medida visa evitar a interrup\u00e7\u00e3o das atividades escolares e garantir a continuidade do processo de ensino e aprendizagem, resguardando o direito constitucional \u00e0 educa\u00e7\u00e3o dos estudantes da Rede Estadual de Ensino.<\/p>\n<p style=\"text-align: justify\">Os interessados devem encaminhar curr\u00edculo atualizado ao endere\u00e7o eletr\u00f4nico oficial da Assessoria Financeira da CRE de <strong>PIRES DO RIO afin.piresdorio@seduc.go.gov.br<\/strong>, informando contatos telef\u00f4nicos e endere\u00e7o de e-mail para retorno.<\/p>\n<p style=\"text-align: justify\">Para a an\u00e1lise dos curr\u00edculos, ser\u00e1 constitu\u00edda comiss\u00e3o espec\u00edfica no \u00e2mbito da Coordena\u00e7\u00e3o Regional de Educa\u00e7\u00e3o de <strong>PIRES DO RIO<\/strong>, composta por membros desta unidade administrativa, a qual adotar\u00e1 crit\u00e9rios objetivos e ison\u00f4micos na sele\u00e7\u00e3o dos profissionais, assegurando a observ\u00e2ncia dos princ\u00edpios da legalidade, impessoalidade e interesse p\u00fablico.<\/p>\n<p style=\"text-align: justify\">A presente convoca\u00e7\u00e3o emergencial pauta-se nos princ\u00edpios da continuidade do servi\u00e7o p\u00fablico e da supremacia do interesse p\u00fablico, e ser\u00e1 adotada exclusivamente nos casos em que n\u00e3o houver mais candidatos habilitados no banco vigente, conforme previsto no edital e na legisla\u00e7\u00e3o pertinente.<\/p>\n<p style=\"text-align: center\">SEDUC\/GO<\/p>\n<h2 align=\"center\"><strong style=\"color: revert;font-size: revert\">COMUNICADO<\/strong><\/h2>\n<p style=\"text-align: center\"><strong>PARA CONTRATA\u00c7\u00c3O TEMPOR\u00c1RIA<\/strong><\/p>\n<pre style=\"text-align: center\">Publica\u00e7\u00e3o: 27\/02\/2026 \nEncerramento: 03\/03\/2026 \u00e0s 18h\n<\/pre>\n<p style=\"text-align: justify\">O Governo do Estado de Goi\u00e1s, por interm\u00e9dio da Secretaria de Estado da Educa\u00e7\u00e3o, informa que, embora esteja vigente o Processo Seletivo Simplificado regido pelo Edital n\u00ba 020\/2024 \u2013 destinado \u00e0 composi\u00e7\u00e3o de banco de habilitados para contrata\u00e7\u00e3o tempor\u00e1ria de professores \u2013, no \u00e2mbito do <strong>munic\u00edpio de PIRES DO RIO<\/strong>, jurisdicionado \u00e0 Coordena\u00e7\u00e3o Regional de Educa\u00e7\u00e3o de <strong>PIRES DO RIO<\/strong>, o referido banco encontra-se esgotado para a fun\u00e7\u00e3o de <strong>Professor de Geografia, 23 aulas (28 horas) semanais, no turno Matutino.<\/strong><\/p>\n<p style=\"text-align: justify\">Diante da inexist\u00eancia de candidatos habilitados dispon\u00edveis para convoca\u00e7\u00e3o, e considerando a exist\u00eancia de d\u00e9ficit de profissional docente, justificado pelo art. 208 da Lei n\u00ba 13.909\/2001, a Secretaria de Estado da Educa\u00e7\u00e3o deliberou pela ado\u00e7\u00e3o de procedimento emergencial de sele\u00e7\u00e3o curricular, com o objetivo de realizar contrata\u00e7\u00e3o por tempo determinado, de natureza excepcional e urgente, nos termos da Lei Estadual n\u00ba 20.918\/2020.<\/p>\n<p style=\"text-align: justify\">Nesse sentido, a Coordena\u00e7\u00e3o Regional de Educa\u00e7\u00e3o de <strong>PIRES DO RIO<\/strong> est\u00e1 recebendo curr\u00edculos, exclusivamente por e-mail, para fins de sele\u00e7\u00e3o e contrata\u00e7\u00e3o tempor\u00e1ria de 01 (um) professor de <strong>Geografia<\/strong>, no(a) <strong>COL\u00c9GIO ESTADUAL EM PER\u00cdODO INTEGRAL MARTINS BORGES<\/strong>. A presente medida visa evitar a interrup\u00e7\u00e3o das atividades escolares e garantir a continuidade do processo de ensino e aprendizagem, resguardando o direito constitucional \u00e0 educa\u00e7\u00e3o dos estudantes da Rede Estadual de Ensino.<\/p>\n<p style=\"text-align: justify\">Os interessados devem encaminhar curr\u00edculo atualizado ao endere\u00e7o eletr\u00f4nico oficial da Assessoria Financeira da CRE de <strong>PIRES DO RIO afin.piresdorio@seduc.go.gov.br<\/strong>, informando contatos telef\u00f4nicos e endere\u00e7o de e-mail para retorno.<\/p>\n<p style=\"text-align: justify\">Para a an\u00e1lise dos curr\u00edculos, ser\u00e1 constitu\u00edda comiss\u00e3o espec\u00edfica no \u00e2mbito da Coordena\u00e7\u00e3o Regional de Educa\u00e7\u00e3o de <strong>PIRES DO RIO<\/strong>, composta por membros desta unidade administrativa, a qual adotar\u00e1 crit\u00e9rios objetivos e ison\u00f4micos na sele\u00e7\u00e3o dos profissionais, assegurando a observ\u00e2ncia dos princ\u00edpios da legalidade, impessoalidade e interesse p\u00fablico.<\/p>\n<p style=\"text-align: justify\">A presente convoca\u00e7\u00e3o emergencial pauta-se nos princ\u00edpios da continuidade do servi\u00e7o p\u00fablico e da supremacia do interesse p\u00fablico, e ser\u00e1 adotada exclusivamente nos casos em que n\u00e3o houver mais candidatos habilitados no banco vigente, conforme previsto no edital e na legisla\u00e7\u00e3o pertinente.<\/p>\n<p style=\"text-align: center\">SEDUC\/GO<\/p>\n<h2 align=\"center\"><strong style=\"color: revert;font-size: revert\">COMUNICADO<\/strong><\/h2>\n<p style=\"text-align: center\"><strong>PARA CONTRATA\u00c7\u00c3O TEMPOR\u00c1RIA<\/strong><\/p>\n<pre style=\"text-align: center\">Publica\u00e7\u00e3o: 27\/02\/2026 \nEncerramento: 03\/03\/2026 \u00e0s 18h\n<\/pre>\n<p style=\"text-align: justify\">O Governo do Estado de Goi\u00e1s, por interm\u00e9dio da Secretaria de Estado da Educa\u00e7\u00e3o, informa que, embora esteja vigente o Processo Seletivo Simplificado regido pelo Edital n\u00ba 020\/2024 \u2013 destinado \u00e0 composi\u00e7\u00e3o de banco de habilitados para contrata\u00e7\u00e3o tempor\u00e1ria de professores \u2013, no \u00e2mbito do <strong>munic\u00edpio de PIRES DO RIO<\/strong>, jurisdicionado \u00e0 Coordena\u00e7\u00e3o Regional de Educa\u00e7\u00e3o de <strong>PIRES DO RIO<\/strong>, o referido banco encontra-se esgotado para a fun\u00e7\u00e3o de <strong>Professor de L\u00edngua Portuguesa, 29 aulas (36 horas) semanais, no turno Matutino\/Vespertino.<\/strong><\/p>\n<p style=\"text-align: justify\">Diante da inexist\u00eancia de candidatos habilitados dispon\u00edveis para convoca\u00e7\u00e3o, e considerando a exist\u00eancia de d\u00e9ficit de profissional docente, justificado pelo art. 208 da Lei n\u00ba 13.909\/2001, a Secretaria de Estado da Educa\u00e7\u00e3o deliberou pela ado\u00e7\u00e3o de procedimento emergencial de sele\u00e7\u00e3o curricular, com o objetivo de realizar contrata\u00e7\u00e3o por tempo determinado, de natureza excepcional e urgente, nos termos da Lei Estadual n\u00ba 20.918\/2020.<\/p>\n<p style=\"text-align: justify\">Nesse sentido, a Coordena\u00e7\u00e3o Regional de Educa\u00e7\u00e3o de <strong>PIRES DO RIO<\/strong> est\u00e1 recebendo curr\u00edculos, exclusivamente por e-mail, para fins de sele\u00e7\u00e3o e contrata\u00e7\u00e3o tempor\u00e1ria de 01 (um) professor de <strong>L\u00edngua Portuguesa<\/strong>, no(a) <strong>COL\u00c9GIO ESTADUAL DA POL\u00cdCIA MILITAR DE GOI\u00c1S PROFESSOR IVAN FERREIRA<\/strong>. A presente medida visa evitar a interrup\u00e7\u00e3o das atividades escolares e garantir a continuidade do processo de ensino e aprendizagem, resguardando o direito constitucional \u00e0 educa\u00e7\u00e3o dos estudantes da Rede Estadual de Ensino.<\/p>\n<p style=\"text-align: justify\">Os interessados devem encaminhar curr\u00edculo atualizado ao endere\u00e7o eletr\u00f4nico oficial da Assessoria Financeira da CRE de <strong>PIRES DO RIO afin.piresdorio@seduc.go.gov.br<\/strong>, informando contatos telef\u00f4nicos e endere\u00e7o de e-mail para retorno.<\/p>\n<p style=\"text-align: justify\">Para a an\u00e1lise dos curr\u00edculos, ser\u00e1 constitu\u00edda comiss\u00e3o espec\u00edfica no \u00e2mbito da Coordena\u00e7\u00e3o Regional de Educa\u00e7\u00e3o de <strong>PIRES DO RIO<\/strong>, composta por membros desta unidade administrativa, a qual adotar\u00e1 crit\u00e9rios objetivos e ison\u00f4micos na sele\u00e7\u00e3o dos profissionais, assegurando a observ\u00e2ncia dos princ\u00edpios da legalidade, impessoalidade e interesse p\u00fablico.<\/p>\n<p style=\"text-align: justify\">A presente convoca\u00e7\u00e3o emergencial pauta-se nos princ\u00edpios da continuidade do servi\u00e7o p\u00fablico e da supremacia do interesse p\u00fablico, e ser\u00e1 adotada exclusivamente nos casos em que n\u00e3o houver mais candidatos habilitados no banco vigente, conforme previsto no edital e na legisla\u00e7\u00e3o pertinente.<\/p>\n<p style=\"text-align: center\">SEDUC\/GO<\/p>\n<h2 align=\"center\"><strong style=\"color: revert;font-size: revert\">COMUNICADO<\/strong><\/h2>\n<p style=\"text-align: center\"><strong>PARA CONTRATA\u00c7\u00c3O TEMPOR\u00c1RIA<\/strong><\/p>\n<pre style=\"text-align: center\">Publica\u00e7\u00e3o: 25\/02\/2026 \nEncerramento: 27\/02\/2026 \u00e0s 18h\n<\/pre>\n<p class=\"Texto_Justificado_Recuo_Primeira_Linha\" style=\"text-align: justify\" data-c=\"24\">O Governo do Estado de Goi\u00e1s, por interm\u00e9dio da Secretaria de Estado da Educa\u00e7\u00e3o, informa que, embora esteja vigente o Processo Seletivo Simplificado regido pelo Edital n\u00ba 020\/2024 \u2013 destinado \u00e0 composi\u00e7\u00e3o de banco de habilitados para contrata\u00e7\u00e3o tempor\u00e1ria de professores \u2013 no \u00e2mbito do\u00a0<strong>munic\u00edpio Orizona<\/strong>, jurisdicionado \u00e0 Coordena\u00e7\u00e3o Regional de Educa\u00e7\u00e3o (CRE) de Pires do Rio, o referido banco n\u00e3o contempla a fun\u00e7\u00e3o de professor com<strong>\u00a0<\/strong>forma\u00e7\u00e3o compat\u00edvel com a \u00e1rea de conhecimento do curso T\u00e9cnico em Agropecu\u00e1ria.<\/p>\n<p style=\"text-align: justify\" data-c=\"14\">Diante da inexist\u00eancia de candidatos habilitados dispon\u00edveis para convoca\u00e7\u00e3o, e considerando a exist\u00eancia de d\u00e9ficit de profissional docente, justificado pelo art. 208 da Lei n\u00ba 13.909\/2001, a Secretaria de Estado da Educa\u00e7\u00e3o deliberou pela ado\u00e7\u00e3o de procedimento emergencial de sele\u00e7\u00e3o curricular, com o objetivo de realizar contrata\u00e7\u00e3o por tempo determinado, de natureza excepcional e urgente, nos termos da Lei Estadual n\u00ba 20.918\/2020.<\/p>\n<p style=\"text-align: justify\" data-c=\"15\">Nesse sentido, a Coordena\u00e7\u00e3o Regional de Educa\u00e7\u00e3o de Pires do Rio est\u00e1 recebendo curr\u00edculos, exclusivamente por e-mail, para fins de sele\u00e7\u00e3o e contrata\u00e7\u00e3o tempor\u00e1ria de <strong>01 (um) professor com forma\u00e7\u00e3o compat\u00edvel com a \u00e1rea de conhecimento do curso T\u00e9cnico em Agropecu\u00e1ria, podendo ser um(a) Agr\u00f4nomo(a) ou um(a) Veterin\u00e1rio(a), para a\u00a0<\/strong><strong>Escola Fam\u00edlia Agr\u00edcola de Orizona &#8211; INEP n\u00ba 52082237, localizada em Orizona\/GO<\/strong>. A presente medida visa evitar a interrup\u00e7\u00e3o das atividades escolares e garantir a continuidade do processo de ensino e aprendizagem, resguardando o direito constitucional \u00e0 educa\u00e7\u00e3o dos estudantes da Rede Estadual de Ensino.<\/p>\n<p style=\"text-align: justify\" data-c=\"16\">Os interessados devem encaminhar curr\u00edculo atualizado ao endere\u00e7o eletr\u00f4nico oficial da Assessoria Financeira da CRE de Pires do Rio (<strong>afin.piresdorio@seduc.go.gov.br<\/strong>), informando contatos telef\u00f4nicos e endere\u00e7o de e-mail para retorno.<\/p>\n<p style=\"text-align: justify\" data-c=\"17\">Para a an\u00e1lise dos curr\u00edculos, ser\u00e1 constitu\u00edda comiss\u00e3o espec\u00edfica no \u00e2mbito da Coordena\u00e7\u00e3o Regional de Educa\u00e7\u00e3o de Pires do Rio, composta por membros desta unidade administrativa, a qual adotar\u00e1 crit\u00e9rios objetivos e ison\u00f4micos na sele\u00e7\u00e3o dos profissionais, assegurando a observ\u00e2ncia dos princ\u00edpios da legalidade, impessoalidade e interesse p\u00fablico.<\/p>\n<p style=\"text-align: justify\" data-c=\"18\">A presente convoca\u00e7\u00e3o emergencial pauta-se nos princ\u00edpios da continuidade do servi\u00e7o p\u00fablico e da supremacia do interesse p\u00fablico, e ser\u00e1 adotada exclusivamente nos casos em que n\u00e3o houver mais candidatos habilitados no banco vigente, conforme previsto no edital e na legisla\u00e7\u00e3o pertinente.<\/p>\n<p style=\"text-align: center\">SEDUC\/GO<\/p>\n<hr \/>\n<h2 align=\"center\"><strong style=\"color: revert;font-size: revert\">COMUNICADO<\/strong><\/h2>\n<p style=\"text-align: center\"><strong>PARA CONTRATA\u00c7\u00c3O TEMPOR\u00c1RIA<\/strong><\/p>\n<pre style=\"text-align: center\">Publica\u00e7\u00e3o: 23\/02\/2026 \nEncerramento: 25\/02\/2026 \u00e0s 18h\n<\/pre>\n<p class=\"Texto_Justificado_Recuo_Primeira_Linha\" style=\"text-align: justify\" data-c=\"24\">O Governo do Estado de Goi\u00e1s, por interm\u00e9dio da Secretaria de Estado da Educa\u00e7\u00e3o, informa que, embora esteja vigente o Processo Seletivo Simplificado regido pelo Edital n\u00ba 020\/2024 \u2013 destinado \u00e0 composi\u00e7\u00e3o de banco de habilitados para contrata\u00e7\u00e3o tempor\u00e1ria de professores \u2013 no \u00e2mbito do\u00a0<strong>Distrito Povoado de Cavalheiros, Munic\u00edpio de Ipameri \u2013 GO<\/strong>, jurisdicionado \u00e0 Coordena\u00e7\u00e3o Regional de Educa\u00e7\u00e3o (CRE) de Pires do Rio, o referido banco n\u00e3o contempla a fun\u00e7\u00e3o de professor com<strong>\u00a0<\/strong>forma\u00e7\u00e3o compat\u00edvel com a \u00e1rea de conhecimento do curso de Administra\u00e7\u00e3o.<\/p>\n<p style=\"text-align: justify\" data-c=\"14\">Diante da inexist\u00eancia de candidatos habilitados dispon\u00edveis para convoca\u00e7\u00e3o, e considerando a exist\u00eancia de d\u00e9ficit de profissional docente, justificado pelo art. 208 da Lei n\u00ba 13.909\/2001, a Secretaria de Estado da Educa\u00e7\u00e3o deliberou pela ado\u00e7\u00e3o de procedimento emergencial de sele\u00e7\u00e3o curricular, com o objetivo de realizar contrata\u00e7\u00e3o por tempo determinado, de natureza excepcional e urgente, nos termos da Lei Estadual n\u00ba 20.918\/2020.<\/p>\n<p style=\"text-align: justify\" data-c=\"15\">Nesse sentido, a Coordena\u00e7\u00e3o Regional de Educa\u00e7\u00e3o de Pires do Rio est\u00e1 recebendo curr\u00edculos, exclusivamente por e-mail, para fins de sele\u00e7\u00e3o e contrata\u00e7\u00e3o tempor\u00e1ria de <strong>01 (um) professor com forma\u00e7\u00e3o na \u00e1rea de Matem\u00e1tica e \u00a0suas Tecnologias,\u00a0<\/strong>p<strong>ara o\u00a0<\/strong><strong>Col\u00e9gio Estadual Doutor Francisco Accioli &#8211; INEP 52062619 \u2013 MDL 08435, em sala de extens\u00e3o vinculada \u00e0 Escola Municipal Iron Vitor Martins &#8211; INEP 52066509, localizada no Distrito Povoado de Cavalheiros, Munic\u00edpio de Ipameri \u2013 GO<\/strong>. A presente medida visa evitar a interrup\u00e7\u00e3o das atividades escolares e garantir a continuidade do processo de ensino e aprendizagem, resguardando o direito constitucional \u00e0 educa\u00e7\u00e3o dos estudantes da Rede Estadual de Ensino.<\/p>\n<p style=\"text-align: justify\" data-c=\"16\">Os interessados devem encaminhar curr\u00edculo atualizado ao endere\u00e7o eletr\u00f4nico oficial da Assessoria Financeira da CRE de Pires do Rio (<strong>afin.piresdorio@seduc.go.gov.br<\/strong>), informando contatos telef\u00f4nicos e endere\u00e7o de e-mail para retorno.<\/p>\n<p style=\"text-align: justify\" data-c=\"17\">Para a an\u00e1lise dos curr\u00edculos, ser\u00e1 constitu\u00edda comiss\u00e3o espec\u00edfica no \u00e2mbito da Coordena\u00e7\u00e3o Regional de Educa\u00e7\u00e3o de Pires do Rio, composta por membros desta unidade administrativa, a qual adotar\u00e1 crit\u00e9rios objetivos e ison\u00f4micos na sele\u00e7\u00e3o dos profissionais, assegurando a observ\u00e2ncia dos princ\u00edpios da legalidade, impessoalidade e interesse p\u00fablico.<\/p>\n<p style=\"text-align: justify\" data-c=\"18\">A presente convoca\u00e7\u00e3o emergencial pauta-se nos princ\u00edpios da continuidade do servi\u00e7o p\u00fablico e da supremacia do interesse p\u00fablico, e ser\u00e1 adotada exclusivamente nos casos em que n\u00e3o houver mais candidatos habilitados no banco vigente, conforme previsto no edital e na legisla\u00e7\u00e3o pertinente.<\/p>\n<p style=\"text-align: center\">SEDUC\/GO<\/p>\n<hr \/>\n<h2 align=\"center\"><strong style=\"color: revert;font-size: revert\">COMUNICADO<\/strong><\/h2>\n<p style=\"text-align: center\"><strong>PARA CONTRATA\u00c7\u00c3O TEMPOR\u00c1RIA<\/strong><\/p>\n<pre style=\"text-align: center\">Publica\u00e7\u00e3o: 23\/02\/2026 \nEncerramento: 25\/02\/2026 \u00e0s 18h\n<\/pre>\n<p class=\"Texto_Justificado_Recuo_Primeira_Linha\" style=\"text-align: justify\" data-c=\"24\">O Governo do Estado de Goi\u00e1s, por interm\u00e9dio da Secretaria de Estado da Educa\u00e7\u00e3o, informa que, embora esteja vigente o Processo Seletivo Simplificado regido pelo Edital n\u00ba 020\/2024 \u2013 destinado \u00e0 composi\u00e7\u00e3o de banco de habilitados para contrata\u00e7\u00e3o tempor\u00e1ria de professores \u2013 no \u00e2mbito do\u00a0<strong>Distrito Povoado de Cavalheiros, Munic\u00edpio de Ipameri \u2013 GO<\/strong>, jurisdicionado \u00e0 Coordena\u00e7\u00e3o Regional de Educa\u00e7\u00e3o (CRE) de Pires do Rio, o referido banco n\u00e3o contempla a fun\u00e7\u00e3o de\u00a0<strong>professor com forma\u00e7\u00e3o da \u00e1rea de Ci\u00eancias da Natureza e suas Tecnologias<\/strong><strong>\u00a0(F\u00edsica, Qu\u00edmica e Biologia)<\/strong><strong>.<\/strong><\/p>\n<p style=\"text-align: justify\" data-c=\"14\">Diante da inexist\u00eancia de candidatos habilitados dispon\u00edveis para convoca\u00e7\u00e3o, e considerando a exist\u00eancia de d\u00e9ficit de profissional docente, justificado pelo art. 208 da Lei n\u00ba 13.909\/2001, a Secretaria de Estado da Educa\u00e7\u00e3o deliberou pela ado\u00e7\u00e3o de procedimento emergencial de sele\u00e7\u00e3o curricular, com o objetivo de realizar contrata\u00e7\u00e3o por tempo determinado, de natureza excepcional e urgente, nos termos da Lei Estadual n\u00ba 20.918\/2020.<\/p>\n<p style=\"text-align: justify\" data-c=\"15\">Nesse sentido, a Coordena\u00e7\u00e3o Regional de Educa\u00e7\u00e3o de Pires do Rio est\u00e1 recebendo curr\u00edculos, exclusivamente por e-mail, para fins de sele\u00e7\u00e3o e contrata\u00e7\u00e3o tempor\u00e1ria de <strong>01 (um) professor com forma\u00e7\u00e3o na \u00e1rea de Ci\u00eancias da Natureza e suas Tecnologias<\/strong><strong>\u00a0(F\u00edsica, Qu\u00edmica e Biologia)<\/strong><strong>, para o\u00a0<\/strong><strong>Col\u00e9gio Estadual Doutor Francisco Accioli &#8211; INEP 52062619 \u2013 MDL 08435, em sala de extens\u00e3o vinculada \u00e0 Escola Municipal Iron Vitor Martins &#8211; INEP 52066509, localizada no Distrito Povoado de Cavalheiros, Munic\u00edpio de Ipameri \u2013 GO<\/strong>. A presente medida visa evitar a interrup\u00e7\u00e3o das atividades escolares e garantir a continuidade do processo de ensino e aprendizagem, resguardando o direito constitucional \u00e0 educa\u00e7\u00e3o dos estudantes da Rede Estadual de Ensino.<\/p>\n<p style=\"text-align: justify\" data-c=\"16\">Os interessados devem encaminhar curr\u00edculo atualizado ao endere\u00e7o eletr\u00f4nico oficial da Assessoria Financeira da CRE de Pires do Rio (<strong>afin.piresdorio@seduc.go.gov.br<\/strong>), informando contatos telef\u00f4nicos e endere\u00e7o de e-mail para retorno.<\/p>\n<p style=\"text-align: justify\" data-c=\"17\">Para a an\u00e1lise dos curr\u00edculos, ser\u00e1 constitu\u00edda comiss\u00e3o espec\u00edfica no \u00e2mbito da Coordena\u00e7\u00e3o Regional de Educa\u00e7\u00e3o de Pires do Rio, composta por membros desta unidade administrativa, a qual adotar\u00e1 crit\u00e9rios objetivos e ison\u00f4micos na sele\u00e7\u00e3o dos profissionais, assegurando a observ\u00e2ncia dos princ\u00edpios da legalidade, impessoalidade e interesse p\u00fablico.<\/p>\n<p style=\"text-align: justify\" data-c=\"18\">A presente convoca\u00e7\u00e3o emergencial pauta-se nos princ\u00edpios da continuidade do servi\u00e7o p\u00fablico e da supremacia do interesse p\u00fablico, e ser\u00e1 adotada exclusivamente nos casos em que n\u00e3o houver mais candidatos habilitados no banco vigente, conforme previsto no edital e na legisla\u00e7\u00e3o pertinente.<\/p>\n<p style=\"text-align: center\">SEDUC\/GO<\/p>\n<hr \/>\n<h2 align=\"center\"><strong style=\"color: revert;font-size: revert\">COMUNICADO<\/strong><\/h2>\n<p style=\"text-align: center\"><strong>PARA CONTRATA\u00c7\u00c3O TEMPOR\u00c1RIA<\/strong><\/p>\n<pre style=\"text-align: center\">Publica\u00e7\u00e3o: 23\/02\/2026 \nEncerramento: 25\/02\/2026 \u00e0s 18h\n<\/pre>\n<p class=\"Texto_Justificado_Recuo_Primeira_Linha\" style=\"text-align: justify\" data-c=\"24\">O Governo do Estado de Goi\u00e1s, por interm\u00e9dio da Secretaria de Estado da Educa\u00e7\u00e3o, informa que, embora esteja vigente o Processo Seletivo Simplificado regido pelo Edital n\u00ba 020\/2024 \u2013 destinado \u00e0 composi\u00e7\u00e3o de banco de habilitados para contrata\u00e7\u00e3o tempor\u00e1ria de professores \u2013 no \u00e2mbito do\u00a0<strong>Distrito Povoado de Cavalheiros, Munic\u00edpio de Ipameri \u2013 GO<\/strong><strong>,<\/strong>\u00a0jurisdicionado \u00e0 Coordena\u00e7\u00e3o Regional de Educa\u00e7\u00e3o (CRE) de Pires do Rio, o referido banco n\u00e3o contempla a fun\u00e7\u00e3o de professor com<strong>\u00a0<\/strong>forma\u00e7\u00e3o\u00a0<strong>da \u00e1rea de Ci\u00eancias Humanas e Sociais Aplicadas\u00a0<\/strong>(Hist\u00f3ria, Geografia, Filosofia e Sociologia).<\/p>\n<p style=\"text-align: justify\" data-c=\"14\">Diante da inexist\u00eancia de candidatos habilitados dispon\u00edveis para convoca\u00e7\u00e3o, e considerando a exist\u00eancia de d\u00e9ficit de profissional docente, justificado pelo art. 208 da Lei n\u00ba 13.909\/2001, a Secretaria de Estado da Educa\u00e7\u00e3o deliberou pela ado\u00e7\u00e3o de procedimento emergencial de sele\u00e7\u00e3o curricular, com o objetivo de realizar contrata\u00e7\u00e3o por tempo determinado, de natureza excepcional e urgente, nos termos da Lei Estadual n\u00ba 20.918\/2020.<\/p>\n<p style=\"text-align: justify\" data-c=\"15\">Nesse sentido, a Coordena\u00e7\u00e3o Regional de Educa\u00e7\u00e3o de Pires do Rio est\u00e1 recebendo curr\u00edculos, exclusivamente por e-mail, para fins de sele\u00e7\u00e3o e contrata\u00e7\u00e3o tempor\u00e1ria de <strong>01 (um) professor de com forma\u00e7\u00e3o na \u00e1rea de Ci\u00eancias Humanas e Sociais Aplicadas\u00a0<\/strong><strong>(Hist\u00f3ria, Geografia, Filosofia e Sociologia)<\/strong><strong>, para o\u00a0<\/strong><strong>Col\u00e9gio Estadual Doutor Francisco Accioli &#8211; INEP 52062619 \u2013 MDL 08435, em sala de extens\u00e3o vinculada \u00e0 Escola Municipal Iron Vitor Martins &#8211; INEP 52066509, localizada no Distrito Povoado de Cavalheiros, Munic\u00edpio de Ipameri \u2013 GO<\/strong>. A presente medida visa evitar a interrup\u00e7\u00e3o das atividades escolares e garantir a continuidade do processo de ensino e aprendizagem, resguardando o direito constitucional \u00e0 educa\u00e7\u00e3o dos estudantes da Rede Estadual de Ensino.<\/p>\n<p style=\"text-align: justify\" data-c=\"16\">Os interessados devem encaminhar curr\u00edculo atualizado ao endere\u00e7o eletr\u00f4nico oficial da Assessoria Financeira da CRE de Pires do Rio (<strong>afin.piresdorio@seduc.go.gov.br<\/strong>), informando contatos telef\u00f4nicos e endere\u00e7o de e-mail para retorno.<\/p>\n<p style=\"text-align: justify\" data-c=\"17\">Para a an\u00e1lise dos curr\u00edculos, ser\u00e1 constitu\u00edda comiss\u00e3o espec\u00edfica no \u00e2mbito da Coordena\u00e7\u00e3o Regional de Educa\u00e7\u00e3o de Pires do Rio, composta por membros desta unidade administrativa, a qual adotar\u00e1 crit\u00e9rios objetivos e ison\u00f4micos na sele\u00e7\u00e3o dos profissionais, assegurando a observ\u00e2ncia dos princ\u00edpios da legalidade, impessoalidade e interesse p\u00fablico.<\/p>\n<p style=\"text-align: justify\" data-c=\"18\">A presente convoca\u00e7\u00e3o emergencial pauta-se nos princ\u00edpios da continuidade do servi\u00e7o p\u00fablico e da supremacia do interesse p\u00fablico, e ser\u00e1 adotada exclusivamente nos casos em que n\u00e3o houver mais candidatos habilitados no banco vigente, conforme previsto no edital e na legisla\u00e7\u00e3o pertinente.<\/p>\n<p style=\"text-align: center\">SEDUC\/GO<\/p>\n<hr \/>\n<h2 align=\"center\"><strong style=\"color: revert;font-size: revert\">COMUNICADO<\/strong><\/h2>\n<p style=\"text-align: center\"><strong>PARA CONTRATA\u00c7\u00c3O TEMPOR\u00c1RIA<\/strong><\/p>\n<pre style=\"text-align: center\">Publica\u00e7\u00e3o: 23\/02\/2026 \nEncerramento: 25\/02\/2026 \u00e0s 18h\n<\/pre>\n<p class=\"Texto_Justificado_Recuo_Primeira_Linha\" style=\"text-align: justify\" data-c=\"24\">O Governo do Estado de Goi\u00e1s, por interm\u00e9dio da Secretaria de Estado da Educa\u00e7\u00e3o, informa que, embora esteja vigente o Processo Seletivo Simplificado regido pelo Edital n\u00ba 020\/2024 \u2013 destinado \u00e0 composi\u00e7\u00e3o de banco de habilitados para contrata\u00e7\u00e3o tempor\u00e1ria de professores \u2013 no \u00e2mbito do\u00a0<strong>munic\u00edpio de Ipameri &#8211;\u00a0<\/strong><strong>Distrito Povoado de Cavalheiro<\/strong>, jurisdicionado \u00e0 Coordena\u00e7\u00e3o Regional de Educa\u00e7\u00e3o (CRE) de Pires do Rio, o referido banco n\u00e3o contempla a fun\u00e7\u00e3o de professor com<strong>\u00a0<\/strong>forma\u00e7\u00e3o na \u00e1rea de Linguagem e suas Tecnologias.<\/p>\n<p style=\"text-align: justify\" data-c=\"14\">Diante da inexist\u00eancia de candidatos habilitados dispon\u00edveis para convoca\u00e7\u00e3o, e considerando a exist\u00eancia de d\u00e9ficit de profissional docente, justificado pelo art. 208 da Lei n\u00ba 13.909\/2001, a Secretaria de Estado da Educa\u00e7\u00e3o deliberou pela ado\u00e7\u00e3o de procedimento emergencial de sele\u00e7\u00e3o curricular, com o objetivo de realizar contrata\u00e7\u00e3o por tempo determinado, de natureza excepcional e urgente, nos termos da Lei Estadual n\u00ba 20.918\/2020.<\/p>\n<p style=\"text-align: justify\" data-c=\"15\">Nesse sentido, a Coordena\u00e7\u00e3o Regional de Educa\u00e7\u00e3o de Pires do Rio est\u00e1 recebendo curr\u00edculos, exclusivamente por e-mail, para fins de sele\u00e7\u00e3o e contrata\u00e7\u00e3o tempor\u00e1ria de <strong>01 (um) professor com forma\u00e7\u00e3o \u00a0na \u00e1rea de Linguagem e suas Tecnologias, para o\u00a0<\/strong><strong>Col\u00e9gio Estadual Doutor Francisco Accioli &#8211; INEP 52062619 \u2013 MDL 08435, em sala de extens\u00e3o vinculada \u00e0 Escola Municipal Iron Vitor Martins &#8211; INEP 52066509, localizada no Distrito Povoado de Cavalheiros, Munic\u00edpio de Ipameri \u2013 GO<\/strong>. A presente medida visa evitar a interrup\u00e7\u00e3o das atividades escolares e garantir a continuidade do processo de ensino e aprendizagem, resguardando o direito constitucional \u00e0 educa\u00e7\u00e3o dos estudantes da Rede Estadual de Ensino.<\/p>\n<p style=\"text-align: justify\" data-c=\"16\">Os interessados devem encaminhar curr\u00edculo atualizado ao endere\u00e7o eletr\u00f4nico oficial da Assessoria Financeira da CRE de Pires do Rio (<strong>afin.piresdorio@seduc.go.gov.br<\/strong>), informando contatos telef\u00f4nicos e endere\u00e7o de e-mail para retorno.<\/p>\n<p style=\"text-align: justify\" data-c=\"17\">Para a an\u00e1lise dos curr\u00edculos, ser\u00e1 constitu\u00edda comiss\u00e3o espec\u00edfica no \u00e2mbito da Coordena\u00e7\u00e3o Regional de Educa\u00e7\u00e3o de Pires do Rio, composta por membros desta unidade administrativa, a qual adotar\u00e1 crit\u00e9rios objetivos e ison\u00f4micos na sele\u00e7\u00e3o dos profissionais, assegurando a observ\u00e2ncia dos princ\u00edpios da legalidade, impessoalidade e interesse p\u00fablico.<\/p>\n<p style=\"text-align: justify\" data-c=\"18\">A presente convoca\u00e7\u00e3o emergencial pauta-se nos princ\u00edpios da continuidade do servi\u00e7o p\u00fablico e da supremacia do interesse p\u00fablico, e ser\u00e1 adotada exclusivamente nos casos em que n\u00e3o houver mais candidatos habilitados no banco vigente, conforme previsto no edital e na legisla\u00e7\u00e3o pertinente.<\/p>\n<p style=\"text-align: center\">SEDUC\/GO<\/p>\n<hr \/>\n<h2 align=\"center\"><strong style=\"color: revert;font-size: revert\">COMUNICADO<\/strong><\/h2>\n<p style=\"text-align: center\"><strong>PARA CONTRATA\u00c7\u00c3O TEMPOR\u00c1RIA<\/strong><\/p>\n<pre style=\"text-align: center\">Publica\u00e7\u00e3o: 21\/02\/2026 \nEncerramento: 24\/02\/2026 \u00e0s 18h\n<\/pre>\n<p style=\"text-align: justify\">O Governo do Estado de Goi\u00e1s, por interm\u00e9dio da Secretaria de Estado da Educa\u00e7\u00e3o, informa que, embora esteja vigente o Processo Seletivo Simplificado regido pelo Edital n\u00ba 020\/2024 \u2013 destinado \u00e0 composi\u00e7\u00e3o de banco de habilitados para contrata\u00e7\u00e3o tempor\u00e1ria de professores \u2013, no \u00e2mbito do <strong>munic\u00edpio de IPAMERI<\/strong>, jurisdicionado \u00e0 Coordena\u00e7\u00e3o Regional de Educa\u00e7\u00e3o de <strong>PIRES DO RIO<\/strong>, o referido banco encontra-se esgotado para a fun\u00e7\u00e3o de <strong>Professor de Matem\u00e1tica, 30 aulas (37 horas) semanais, no turno Matutino\/Vespertino.<\/strong><\/p>\n<p style=\"text-align: justify\">Diante da inexist\u00eancia de candidatos habilitados dispon\u00edveis para convoca\u00e7\u00e3o, e considerando a exist\u00eancia de d\u00e9ficit de profissional docente, justificado pelo art. 208 da Lei n\u00ba 13.909\/2001, a Secretaria de Estado da Educa\u00e7\u00e3o deliberou pela ado\u00e7\u00e3o de procedimento emergencial de sele\u00e7\u00e3o curricular, com o objetivo de realizar contrata\u00e7\u00e3o por tempo determinado, de natureza excepcional e urgente, nos termos da Lei Estadual n\u00ba 20.918\/2020.<\/p>\n<p style=\"text-align: justify\">Nesse sentido, a Coordena\u00e7\u00e3o Regional de Educa\u00e7\u00e3o de <strong>PIRES DO RIO<\/strong> est\u00e1 recebendo curr\u00edculos, exclusivamente por e-mail, para fins de sele\u00e7\u00e3o e contrata\u00e7\u00e3o tempor\u00e1ria de 01 (um) professor de <strong>Matem\u00e1tica<\/strong>, no(a) <strong>COL\u00c9GIO ESTADUAL PROFESSOR EDUARDO MANCINI<\/strong>. A presente medida visa evitar a interrup\u00e7\u00e3o das atividades escolares e garantir a continuidade do processo de ensino e aprendizagem, resguardando o direito constitucional \u00e0 educa\u00e7\u00e3o dos estudantes da Rede Estadual de Ensino.<\/p>\n<p style=\"text-align: justify\">Os interessados devem encaminhar curr\u00edculo atualizado ao endere\u00e7o eletr\u00f4nico oficial da Assessoria Financeira da CRE de <strong>PIRES DO RIO afin.piresdorio@seduc.go.gov.br<\/strong>, informando contatos telef\u00f4nicos e endere\u00e7o de e-mail para retorno.<\/p>\n<p style=\"text-align: justify\">Para a an\u00e1lise dos curr\u00edculos, ser\u00e1 constitu\u00edda comiss\u00e3o espec\u00edfica no \u00e2mbito da Coordena\u00e7\u00e3o Regional de Educa\u00e7\u00e3o de <strong>PIRES DO RIO<\/strong>, composta por membros desta unidade administrativa, a qual adotar\u00e1 crit\u00e9rios objetivos e ison\u00f4micos na sele\u00e7\u00e3o dos profissionais, assegurando a observ\u00e2ncia dos princ\u00edpios da legalidade, impessoalidade e interesse p\u00fablico.<\/p>\n<p style=\"text-align: justify\">A presente convoca\u00e7\u00e3o emergencial pauta-se nos princ\u00edpios da continuidade do servi\u00e7o p\u00fablico e da supremacia do interesse p\u00fablico, e ser\u00e1 adotada exclusivamente nos casos em que n\u00e3o houver mais candidatos habilitados no banco vigente, conforme previsto no edital e na legisla\u00e7\u00e3o pertinente.<\/p>\n<p style=\"text-align: center\">SEDUC\/GO<\/p>\n<h2 align=\"center\"><strong style=\"color: revert;font-size: revert\">COMUNICADO<\/strong><\/h2>\n<p style=\"text-align: center\"><strong>PARA CONTRATA\u00c7\u00c3O TEMPOR\u00c1RIA<\/strong><\/p>\n<pre style=\"text-align: center\">Publica\u00e7\u00e3o: 21\/02\/2026 \nEncerramento: 24\/02\/2026 \u00e0s 18h\n<\/pre>\n<p style=\"text-align: justify\">O Governo do Estado de Goi\u00e1s, por interm\u00e9dio da Secretaria de Estado da Educa\u00e7\u00e3o, informa que, embora esteja vigente o Processo Seletivo Simplificado regido pelo Edital n\u00ba 020\/2024 \u2013 destinado \u00e0 composi\u00e7\u00e3o de banco de habilitados para contrata\u00e7\u00e3o tempor\u00e1ria de professores \u2013, no \u00e2mbito do <strong>munic\u00edpio de ORIZONA<\/strong>, jurisdicionado \u00e0 Coordena\u00e7\u00e3o Regional de Educa\u00e7\u00e3o de <strong>PIRES DO RIO<\/strong>, o referido banco encontra-se esgotado para a fun\u00e7\u00e3o de <strong>Professor de L\u00edngua Portuguesa, 30 aulas (37 horas) semanais, no turno Matutino\/Vespertino.<\/strong><\/p>\n<p style=\"text-align: justify\">Diante da inexist\u00eancia de candidatos habilitados dispon\u00edveis para convoca\u00e7\u00e3o, e considerando a exist\u00eancia de d\u00e9ficit de profissional docente, justificado pelo art. 208 da Lei n\u00ba 13.909\/2001, a Secretaria de Estado da Educa\u00e7\u00e3o deliberou pela ado\u00e7\u00e3o de procedimento emergencial de sele\u00e7\u00e3o curricular, com o objetivo de realizar contrata\u00e7\u00e3o por tempo determinado, de natureza excepcional e urgente, nos termos da Lei Estadual n\u00ba 20.918\/2020.<\/p>\n<p style=\"text-align: justify\">Nesse sentido, a Coordena\u00e7\u00e3o Regional de Educa\u00e7\u00e3o de <strong>PIRES DO RIO<\/strong> est\u00e1 recebendo curr\u00edculos, exclusivamente por e-mail, para fins de sele\u00e7\u00e3o e contrata\u00e7\u00e3o tempor\u00e1ria de 01 (um) professor de <strong>L\u00edngua Portuguesa<\/strong>, no(a) <strong>COL\u00c9GIO ESTADUAL EM PER\u00cdODO INTEGRAL MARIA BENEDITA VELOZO<\/strong>. A presente medida visa evitar a interrup\u00e7\u00e3o das atividades escolares e garantir a continuidade do processo de ensino e aprendizagem, resguardando o direito constitucional \u00e0 educa\u00e7\u00e3o dos estudantes da Rede Estadual de Ensino.<\/p>\n<p style=\"text-align: justify\">Os interessados devem encaminhar curr\u00edculo atualizado ao endere\u00e7o eletr\u00f4nico oficial da Assessoria Financeira da CRE de <strong>PIRES DO RIO afin.piresdorio@seduc.go.gov.br<\/strong>, informando contatos telef\u00f4nicos e endere\u00e7o de e-mail para retorno.<\/p>\n<p style=\"text-align: justify\">Para a an\u00e1lise dos curr\u00edculos, ser\u00e1 constitu\u00edda comiss\u00e3o espec\u00edfica no \u00e2mbito da Coordena\u00e7\u00e3o Regional de Educa\u00e7\u00e3o de <strong>PIRES DO RIO<\/strong>, composta por membros desta unidade administrativa, a qual adotar\u00e1 crit\u00e9rios objetivos e ison\u00f4micos na sele\u00e7\u00e3o dos profissionais, assegurando a observ\u00e2ncia dos princ\u00edpios da legalidade, impessoalidade e interesse p\u00fablico.<\/p>\n<p style=\"text-align: justify\">A presente convoca\u00e7\u00e3o emergencial pauta-se nos princ\u00edpios da continuidade do servi\u00e7o p\u00fablico e da supremacia do interesse p\u00fablico, e ser\u00e1 adotada exclusivamente nos casos em que n\u00e3o houver mais candidatos habilitados no banco vigente, conforme previsto no edital e na legisla\u00e7\u00e3o pertinente.<\/p>\n<p style=\"text-align: center\">SEDUC\/GO<\/p>\n<h2 align=\"center\"><strong style=\"color: revert;font-size: revert\">COMUNICADO<\/strong><\/h2>\n<p style=\"text-align: center\"><strong>PARA CONTRATA\u00c7\u00c3O TEMPOR\u00c1RIA<\/strong><\/p>\n<pre style=\"text-align: center\">Publica\u00e7\u00e3o: 20\/02\/2026 \nEncerramento: 24\/02\/2026 \u00e0s 18h\n<\/pre>\n<p style=\"text-align: justify\">O Governo do Estado de Goi\u00e1s, por interm\u00e9dio da Secretaria de Estado da Educa\u00e7\u00e3o, informa que, embora esteja vigente o Processo Seletivo Simplificado regido pelo Edital n\u00ba 020\/2024 \u2013 destinado \u00e0 composi\u00e7\u00e3o de banco de habilitados para contrata\u00e7\u00e3o tempor\u00e1ria de professores \u2013, no \u00e2mbito do <strong>munic\u00edpio de ORIZONA<\/strong>, jurisdicionado \u00e0 Coordena\u00e7\u00e3o Regional de Educa\u00e7\u00e3o de <strong>PIRES DO RIO<\/strong>, o referido banco encontra-se esgotado para a fun\u00e7\u00e3o de <strong>Professor de Ci\u00eancias\/Biologia, 30 aulas (37 horas) semanais, no turno Matutino\/Vespertino.<\/strong><\/p>\n<p style=\"text-align: justify\">Diante da inexist\u00eancia de candidatos habilitados dispon\u00edveis para convoca\u00e7\u00e3o, e considerando a exist\u00eancia de d\u00e9ficit de profissional docente, justificado pelo art. 208 da Lei n\u00ba 13.909\/2001, a Secretaria de Estado da Educa\u00e7\u00e3o deliberou pela ado\u00e7\u00e3o de procedimento emergencial de sele\u00e7\u00e3o curricular, com o objetivo de realizar contrata\u00e7\u00e3o por tempo determinado, de natureza excepcional e urgente, nos termos da Lei Estadual n\u00ba 20.918\/2020.<\/p>\n<p style=\"text-align: justify\">Nesse sentido, a Coordena\u00e7\u00e3o Regional de Educa\u00e7\u00e3o de <strong>PIRES DO RIO<\/strong> est\u00e1 recebendo curr\u00edculos, exclusivamente por e-mail, para fins de sele\u00e7\u00e3o e contrata\u00e7\u00e3o tempor\u00e1ria de 01 (um) professor de <strong>Ci\u00eancias\/Biologia<\/strong>, no(a) <strong>ESCOLA FAM\u00cdLIA AGR\u00cdCOLA DE ORIZONA<\/strong>. A presente medida visa evitar a interrup\u00e7\u00e3o das atividades escolares e garantir a continuidade do processo de ensino e aprendizagem, resguardando o direito constitucional \u00e0 educa\u00e7\u00e3o dos estudantes da Rede Estadual de Ensino.<\/p>\n<p style=\"text-align: justify\">Os interessados devem encaminhar curr\u00edculo atualizado ao endere\u00e7o eletr\u00f4nico oficial da Assessoria Financeira da CRE de <strong>PIRES DO RIO afin.piresdorio@seduc.go.gov.br<\/strong>, informando contatos telef\u00f4nicos e endere\u00e7o de e-mail para retorno.<\/p>\n<p style=\"text-align: justify\">Para a an\u00e1lise dos curr\u00edculos, ser\u00e1 constitu\u00edda comiss\u00e3o espec\u00edfica no \u00e2mbito da Coordena\u00e7\u00e3o Regional de Educa\u00e7\u00e3o de <strong>PIRES DO RIO<\/strong>, composta por membros desta unidade administrativa, a qual adotar\u00e1 crit\u00e9rios objetivos e ison\u00f4micos na sele\u00e7\u00e3o dos profissionais, assegurando a observ\u00e2ncia dos princ\u00edpios da legalidade, impessoalidade e interesse p\u00fablico.<\/p>\n<p style=\"text-align: justify\">A presente convoca\u00e7\u00e3o emergencial pauta-se nos princ\u00edpios da continuidade do servi\u00e7o p\u00fablico e da supremacia do interesse p\u00fablico, e ser\u00e1 adotada exclusivamente nos casos em que n\u00e3o houver mais candidatos habilitados no banco vigente, conforme previsto no edital e na legisla\u00e7\u00e3o pertinente.<\/p>\n<p style=\"text-align: center\">SEDUC\/GO<\/p>\n<h2 align=\"center\"><strong style=\"color: revert;font-size: revert\">COMUNICADO<\/strong><\/h2>\n<p style=\"text-align: center\"><strong>PARA CONTRATA\u00c7\u00c3O TEMPOR\u00c1RIA<\/strong><\/p>\n<pre style=\"text-align: center\">Publica\u00e7\u00e3o: 20\/02\/2026 \nEncerramento: 24\/02\/2026 \u00e0s 18h\n<\/pre>\n<p style=\"text-align: justify\">O Governo do Estado de Goi\u00e1s, por interm\u00e9dio da Secretaria de Estado da Educa\u00e7\u00e3o, informa que, embora esteja vigente o Processo Seletivo Simplificado regido pelo Edital n\u00ba 020\/2024 \u2013 destinado \u00e0 composi\u00e7\u00e3o de banco de habilitados para contrata\u00e7\u00e3o tempor\u00e1ria de professores \u2013, no \u00e2mbito do <strong>munic\u00edpio de ORIZONA<\/strong>, jurisdicionado \u00e0 Coordena\u00e7\u00e3o Regional de Educa\u00e7\u00e3o de <strong>PIRES DO RIO<\/strong>, o referido banco encontra-se esgotado para a fun\u00e7\u00e3o de <strong>Professor de L\u00edngua Portuguesa, 30 aulas (37 horas) semanais, no turno Matutino\/Vespertino.<\/strong><\/p>\n<p style=\"text-align: justify\">Diante da inexist\u00eancia de candidatos habilitados dispon\u00edveis para convoca\u00e7\u00e3o, e considerando a exist\u00eancia de d\u00e9ficit de profissional docente, justificado pelo art. 208 da Lei n\u00ba 13.909\/2001, a Secretaria de Estado da Educa\u00e7\u00e3o deliberou pela ado\u00e7\u00e3o de procedimento emergencial de sele\u00e7\u00e3o curricular, com o objetivo de realizar contrata\u00e7\u00e3o por tempo determinado, de natureza excepcional e urgente, nos termos da Lei Estadual n\u00ba 20.918\/2020.<\/p>\n<p style=\"text-align: justify\">Nesse sentido, a Coordena\u00e7\u00e3o Regional de Educa\u00e7\u00e3o de <strong>PIRES DO RIO<\/strong> est\u00e1 recebendo curr\u00edculos, exclusivamente por e-mail, para fins de sele\u00e7\u00e3o e contrata\u00e7\u00e3o tempor\u00e1ria de 01 (um) professor de <strong>L\u00edngua Portuguesa<\/strong>, no(a) <strong>ESCOLA FAM\u00cdLIA AGR\u00cdCOLA DE ORIZONA<\/strong>. A presente medida visa evitar a interrup\u00e7\u00e3o das atividades escolares e garantir a continuidade do processo de ensino e aprendizagem, resguardando o direito constitucional \u00e0 educa\u00e7\u00e3o dos estudantes da Rede Estadual de Ensino.<\/p>\n<p style=\"text-align: justify\">Os interessados devem encaminhar curr\u00edculo atualizado ao endere\u00e7o eletr\u00f4nico oficial da Assessoria Financeira da CRE de <strong>PIRES DO RIO afin.piresdorio@seduc.go.gov.br<\/strong>, informando contatos telef\u00f4nicos e endere\u00e7o de e-mail para retorno.<\/p>\n<p style=\"text-align: justify\">Para a an\u00e1lise dos curr\u00edculos, ser\u00e1 constitu\u00edda comiss\u00e3o espec\u00edfica no \u00e2mbito da Coordena\u00e7\u00e3o Regional de Educa\u00e7\u00e3o de <strong>PIRES DO RIO<\/strong>, composta por membros desta unidade administrativa, a qual adotar\u00e1 crit\u00e9rios objetivos e ison\u00f4micos na sele\u00e7\u00e3o dos profissionais, assegurando a observ\u00e2ncia dos princ\u00edpios da legalidade, impessoalidade e interesse p\u00fablico.<\/p>\n<p style=\"text-align: justify\">A presente convoca\u00e7\u00e3o emergencial pauta-se nos princ\u00edpios da continuidade do servi\u00e7o p\u00fablico e da supremacia do interesse p\u00fablico, e ser\u00e1 adotada exclusivamente nos casos em que n\u00e3o houver mais candidatos habilitados no banco vigente, conforme previsto no edital e na legisla\u00e7\u00e3o pertinente.<\/p>\n<p style=\"text-align: center\">SEDUC\/GO<\/p>\n<h2 align=\"center\"><strong style=\"color: revert;font-size: revert\">COMUNICADO<\/strong><\/h2>\n<p style=\"text-align: center\"><strong>PARA CONTRATA\u00c7\u00c3O TEMPOR\u00c1RIA<\/strong><\/p>\n<pre style=\"text-align: center\">Publica\u00e7\u00e3o: 20\/02\/2026 \nEncerramento: 24\/02\/2026 \u00e0s 18h\n<\/pre>\n<p style=\"text-align: justify\">O Governo do Estado de Goi\u00e1s, por interm\u00e9dio da Secretaria de Estado da Educa\u00e7\u00e3o, informa que, embora esteja vigente o Processo Seletivo Simplificado regido pelo Edital n\u00ba 020\/2024 \u2013 destinado \u00e0 composi\u00e7\u00e3o de banco de habilitados para contrata\u00e7\u00e3o tempor\u00e1ria de professores \u2013, no \u00e2mbito do <strong>munic\u00edpio de PIRES DO RIO<\/strong>, jurisdicionado \u00e0 Coordena\u00e7\u00e3o Regional de Educa\u00e7\u00e3o de <strong>PIRES DO RIO<\/strong>, o referido banco encontra-se esgotado para a fun\u00e7\u00e3o de <strong>Professor de Geografia, 30 aulas (37 horas) semanais, no turno Matutino\/Vespertino.<\/strong><\/p>\n<p style=\"text-align: justify\">Diante da inexist\u00eancia de candidatos habilitados dispon\u00edveis para convoca\u00e7\u00e3o, e considerando a exist\u00eancia de d\u00e9ficit de profissional docente, justificado pelo art. 208 da Lei n\u00ba 13.909\/2001, a Secretaria de Estado da Educa\u00e7\u00e3o deliberou pela ado\u00e7\u00e3o de procedimento emergencial de sele\u00e7\u00e3o curricular, com o objetivo de realizar contrata\u00e7\u00e3o por tempo determinado, de natureza excepcional e urgente, nos termos da Lei Estadual n\u00ba 20.918\/2020.<\/p>\n<p style=\"text-align: justify\">Nesse sentido, a Coordena\u00e7\u00e3o Regional de Educa\u00e7\u00e3o de <strong>PIRES DO RIO<\/strong> est\u00e1 recebendo curr\u00edculos, exclusivamente por e-mail, para fins de sele\u00e7\u00e3o e contrata\u00e7\u00e3o tempor\u00e1ria de 01 (um) professor de <strong>Geografia<\/strong>, no(a) <strong>COL\u00c9GIO ESTADUAL EM PERIODO INTEGRAL AUGUSTO MONTEIRO DE GODOY<\/strong>. A presente medida visa evitar a interrup\u00e7\u00e3o das atividades escolares e garantir a continuidade do processo de ensino e aprendizagem, resguardando o direito constitucional \u00e0 educa\u00e7\u00e3o dos estudantes da Rede Estadual de Ensino.<\/p>\n<p style=\"text-align: justify\">Os interessados devem encaminhar curr\u00edculo atualizado ao endere\u00e7o eletr\u00f4nico oficial da Assessoria Financeira da CRE de <strong>PIRES DO RIO afin.piresdorio@seduc.go.gov.br<\/strong>, informando contatos telef\u00f4nicos e endere\u00e7o de e-mail para retorno.<\/p>\n<p style=\"text-align: justify\">Para a an\u00e1lise dos curr\u00edculos, ser\u00e1 constitu\u00edda comiss\u00e3o espec\u00edfica no \u00e2mbito da Coordena\u00e7\u00e3o Regional de Educa\u00e7\u00e3o de <strong>PIRES DO RIO<\/strong>, composta por membros desta unidade administrativa, a qual adotar\u00e1 crit\u00e9rios objetivos e ison\u00f4micos na sele\u00e7\u00e3o dos profissionais, assegurando a observ\u00e2ncia dos princ\u00edpios da legalidade, impessoalidade e interesse p\u00fablico.<\/p>\n<p style=\"text-align: justify\">A presente convoca\u00e7\u00e3o emergencial pauta-se nos princ\u00edpios da continuidade do servi\u00e7o p\u00fablico e da supremacia do interesse p\u00fablico, e ser\u00e1 adotada exclusivamente nos casos em que n\u00e3o houver mais candidatos habilitados no banco vigente, conforme previsto no edital e na legisla\u00e7\u00e3o pertinente.<\/p>\n<p style=\"text-align: center\">SEDUC\/GO<\/p>\n<h2 align=\"center\"><strong style=\"color: revert;font-size: revert\">COMUNICADO<\/strong><\/h2>\n<p style=\"text-align: center\"><strong>PARA CONTRATA\u00c7\u00c3O TEMPOR\u00c1RIA<\/strong><\/p>\n<pre style=\"text-align: center\">Publica\u00e7\u00e3o: 20\/02\/2026 \nEncerramento: 24\/02\/2026 \u00e0s 18h\n<\/pre>\n<p style=\"text-align: justify\">O Governo do Estado de Goi\u00e1s, por interm\u00e9dio da Secretaria de Estado da Educa\u00e7\u00e3o, informa que, embora esteja vigente o Processo Seletivo Simplificado regido pelo Edital n\u00ba 020\/2024 \u2013 destinado \u00e0 composi\u00e7\u00e3o de banco de habilitados para contrata\u00e7\u00e3o tempor\u00e1ria de professores \u2013, no \u00e2mbito do <strong>munic\u00edpio de URUTA\u00cd<\/strong>, jurisdicionado \u00e0 Coordena\u00e7\u00e3o Regional de Educa\u00e7\u00e3o de <strong>PIRES DO RIO<\/strong>, o referido banco encontra-se esgotado para a fun\u00e7\u00e3o de <strong>Professor de Matem\u00e1tica, 30 aulas (37 horas) semanais, no turno Matutino.<\/strong><\/p>\n<p style=\"text-align: justify\">Diante da inexist\u00eancia de candidatos habilitados dispon\u00edveis para convoca\u00e7\u00e3o, e considerando a exist\u00eancia de d\u00e9ficit de profissional docente, justificado pelo art. 208 da Lei n\u00ba 13.909\/2001, a Secretaria de Estado da Educa\u00e7\u00e3o deliberou pela ado\u00e7\u00e3o de procedimento emergencial de sele\u00e7\u00e3o curricular, com o objetivo de realizar contrata\u00e7\u00e3o por tempo determinado, de natureza excepcional e urgente, nos termos da Lei Estadual n\u00ba 20.918\/2020.<\/p>\n<p style=\"text-align: justify\">Nesse sentido, a Coordena\u00e7\u00e3o Regional de Educa\u00e7\u00e3o de <strong>PIRES DO RIO<\/strong> est\u00e1 recebendo curr\u00edculos, exclusivamente por e-mail, para fins de sele\u00e7\u00e3o e contrata\u00e7\u00e3o tempor\u00e1ria de 01 (um) professor de <strong>Matem\u00e1tica<\/strong>, no(a) <strong>COL\u00c9GIO ESTADUAL DR. VASCO DOS REIS GON\u00c7ALVES<\/strong>. A presente medida visa evitar a interrup\u00e7\u00e3o das atividades escolares e garantir a continuidade do processo de ensino e aprendizagem, resguardando o direito constitucional \u00e0 educa\u00e7\u00e3o dos estudantes da Rede Estadual de Ensino.<\/p>\n<p style=\"text-align: justify\">Os interessados devem encaminhar curr\u00edculo atualizado ao endere\u00e7o eletr\u00f4nico oficial da Assessoria Financeira da CRE de <strong>PIRES DO RIO afin.piresdorio@seduc.go.gov.br<\/strong>, informando contatos telef\u00f4nicos e endere\u00e7o de e-mail para retorno.<\/p>\n<p style=\"text-align: justify\">Para a an\u00e1lise dos curr\u00edculos, ser\u00e1 constitu\u00edda comiss\u00e3o espec\u00edfica no \u00e2mbito da Coordena\u00e7\u00e3o Regional de Educa\u00e7\u00e3o de <strong>PIRES DO RIO<\/strong>, composta por membros desta unidade administrativa, a qual adotar\u00e1 crit\u00e9rios objetivos e ison\u00f4micos na sele\u00e7\u00e3o dos profissionais, assegurando a observ\u00e2ncia dos princ\u00edpios da legalidade, impessoalidade e interesse p\u00fablico.<\/p>\n<p style=\"text-align: justify\">A presente convoca\u00e7\u00e3o emergencial pauta-se nos princ\u00edpios da continuidade do servi\u00e7o p\u00fablico e da supremacia do interesse p\u00fablico, e ser\u00e1 adotada exclusivamente nos casos em que n\u00e3o houver mais candidatos habilitados no banco vigente, conforme previsto no edital e na legisla\u00e7\u00e3o pertinente.<\/p>\n<p style=\"text-align: center\">SEDUC\/GO<\/p>\n<h2 align=\"center\"><strong style=\"color: revert;font-size: revert\">COMUNICADO<\/strong><\/h2>\n<p style=\"text-align: center\"><strong>PARA CONTRATA\u00c7\u00c3O TEMPOR\u00c1RIA<\/strong><\/p>\n<pre style=\"text-align: center\">Publica\u00e7\u00e3o: 04\/02\/2026 \nEncerramento: 06\/02\/2026 \u00e0s 18h\n<\/pre>\n<p style=\"text-align: justify\">O Governo do Estado de Goi\u00e1s, por interm\u00e9dio da Secretaria de Estado da Educa\u00e7\u00e3o, informa que, embora esteja vigente o Processo Seletivo Simplificado regido pelo Edital n\u00ba 020\/2024 \u2013 destinado \u00e0 composi\u00e7\u00e3o de banco de habilitados para contrata\u00e7\u00e3o tempor\u00e1ria de professores \u2013, no \u00e2mbito do <strong>munic\u00edpio de IPAMERI<\/strong>, jurisdicionado \u00e0 Coordena\u00e7\u00e3o Regional de Educa\u00e7\u00e3o de <strong>PIRES DO RIO<\/strong>, o referido banco encontra-se esgotado para a fun\u00e7\u00e3o de <strong>Professor de Geografia, 22 aulas (27 horas) semanais, no turno Matutino\/Vespertino.<\/strong><\/p>\n<p style=\"text-align: justify\">Diante da inexist\u00eancia de candidatos habilitados dispon\u00edveis para convoca\u00e7\u00e3o, e considerando a exist\u00eancia de d\u00e9ficit de profissional docente, justificado pelo art. 208 da Lei n\u00ba 13.909\/2001, a Secretaria de Estado da Educa\u00e7\u00e3o deliberou pela ado\u00e7\u00e3o de procedimento emergencial de sele\u00e7\u00e3o curricular, com o objetivo de realizar contrata\u00e7\u00e3o por tempo determinado, de natureza excepcional e urgente, nos termos da Lei Estadual n\u00ba 20.918\/2020.<\/p>\n<p style=\"text-align: justify\">Nesse sentido, a Coordena\u00e7\u00e3o Regional de Educa\u00e7\u00e3o de <strong>PIRES DO RIO<\/strong> est\u00e1 recebendo curr\u00edculos, exclusivamente por e-mail, para fins de sele\u00e7\u00e3o e contrata\u00e7\u00e3o tempor\u00e1ria de 01 (um) professor de <strong>Geografia<\/strong>, no(a) <strong>COL\u00c9GIO ESTADUAL DA POL\u00cdCIA MILITAR DE GOI\u00c1S JOS\u00c9 PIO DE SANTANA<\/strong>. A presente medida visa evitar a interrup\u00e7\u00e3o das atividades escolares e garantir a continuidade do processo de ensino e aprendizagem, resguardando o direito constitucional \u00e0 educa\u00e7\u00e3o dos estudantes da Rede Estadual de Ensino.<\/p>\n<p style=\"text-align: justify\">Os interessados devem encaminhar curr\u00edculo atualizado ao endere\u00e7o eletr\u00f4nico oficial da Assessoria Financeira da CRE de <strong>PIRES DO RIO afin.piresdorio@seduc.go.gov.br<\/strong>, informando contatos telef\u00f4nicos e endere\u00e7o de e-mail para retorno.<\/p>\n<p style=\"text-align: justify\">Para a an\u00e1lise dos curr\u00edculos, ser\u00e1 constitu\u00edda comiss\u00e3o espec\u00edfica no \u00e2mbito da Coordena\u00e7\u00e3o Regional de Educa\u00e7\u00e3o de <strong>PIRES DO RIO<\/strong>, composta por membros desta unidade administrativa, a qual adotar\u00e1 crit\u00e9rios objetivos e ison\u00f4micos na sele\u00e7\u00e3o dos profissionais, assegurando a observ\u00e2ncia dos princ\u00edpios da legalidade, impessoalidade e interesse p\u00fablico.<\/p>\n<p style=\"text-align: justify\">A presente convoca\u00e7\u00e3o emergencial pauta-se nos princ\u00edpios da continuidade do servi\u00e7o p\u00fablico e da supremacia do interesse p\u00fablico, e ser\u00e1 adotada exclusivamente nos casos em que n\u00e3o houver mais candidatos habilitados no banco vigente, conforme previsto no edital e na legisla\u00e7\u00e3o pertinente.<\/p>\n<p style=\"text-align: center\">SEDUC\/GO<\/p>\n<h2 align=\"center\"><strong style=\"color: revert;font-size: revert\">COMUNICADO<\/strong><\/h2>\n<p style=\"text-align: center\"><strong>PARA CONTRATA\u00c7\u00c3O TEMPOR\u00c1RIA<\/strong><\/p>\n<pre style=\"text-align: center\">Publica\u00e7\u00e3o: 04\/02\/2026 \nEncerramento: 06\/02\/2026 \u00e0s 18h\n<\/pre>\n<p style=\"text-align: justify\">O Governo do Estado de Goi\u00e1s, por interm\u00e9dio da Secretaria de Estado da Educa\u00e7\u00e3o, informa que, embora esteja vigente o Processo Seletivo Simplificado regido pelo Edital n\u00ba 020\/2024 \u2013 destinado \u00e0 composi\u00e7\u00e3o de banco de habilitados para contrata\u00e7\u00e3o tempor\u00e1ria de professores \u2013, no \u00e2mbito do <strong>munic\u00edpio de PIRES DO RIO<\/strong>, jurisdicionado \u00e0 Coordena\u00e7\u00e3o Regional de Educa\u00e7\u00e3o de <strong>PIRES DO RIO<\/strong>, o referido banco encontra-se esgotado para a fun\u00e7\u00e3o de <strong>Professor de Hist\u00f3ria, 30 aulas (37 horas) semanais, no turno Matutino\/Vespertino.<\/strong><\/p>\n<p style=\"text-align: justify\">Diante da inexist\u00eancia de candidatos habilitados dispon\u00edveis para convoca\u00e7\u00e3o, e considerando a exist\u00eancia de d\u00e9ficit de profissional docente, justificado pelo art. 208 da Lei n\u00ba 13.909\/2001, a Secretaria de Estado da Educa\u00e7\u00e3o deliberou pela ado\u00e7\u00e3o de procedimento emergencial de sele\u00e7\u00e3o curricular, com o objetivo de realizar contrata\u00e7\u00e3o por tempo determinado, de natureza excepcional e urgente, nos termos da Lei Estadual n\u00ba 20.918\/2020.<\/p>\n<p style=\"text-align: justify\">Nesse sentido, a Coordena\u00e7\u00e3o Regional de Educa\u00e7\u00e3o de <strong>PIRES DO RIO<\/strong> est\u00e1 recebendo curr\u00edculos, exclusivamente por e-mail, para fins de sele\u00e7\u00e3o e contrata\u00e7\u00e3o tempor\u00e1ria de 01 (um) professor de <strong>Hist\u00f3ria<\/strong>, no(a) <strong>COL\u00c9GIO ESTADUAL DOUTOR FRANCISCO ACCIOLI<\/strong>. A presente medida visa evitar a interrup\u00e7\u00e3o das atividades escolares e garantir a continuidade do processo de ensino e aprendizagem, resguardando o direito constitucional \u00e0 educa\u00e7\u00e3o dos estudantes da Rede Estadual de Ensino.<\/p>\n<p style=\"text-align: justify\">Os interessados devem encaminhar curr\u00edculo atualizado ao endere\u00e7o eletr\u00f4nico oficial da Assessoria Financeira da CRE de <strong>PIRES DO RIO afin.piresdorio@seduc.go.gov.br<\/strong>, informando contatos telef\u00f4nicos e endere\u00e7o de e-mail para retorno.<\/p>\n<p style=\"text-align: justify\">Para a an\u00e1lise dos curr\u00edculos, ser\u00e1 constitu\u00edda comiss\u00e3o espec\u00edfica no \u00e2mbito da Coordena\u00e7\u00e3o Regional de Educa\u00e7\u00e3o de <strong>PIRES DO RIO<\/strong>, composta por membros desta unidade administrativa, a qual adotar\u00e1 crit\u00e9rios objetivos e ison\u00f4micos na sele\u00e7\u00e3o dos profissionais, assegurando a observ\u00e2ncia dos princ\u00edpios da legalidade, impessoalidade e interesse p\u00fablico.<\/p>\n<p style=\"text-align: justify\">A presente convoca\u00e7\u00e3o emergencial pauta-se nos princ\u00edpios da continuidade do servi\u00e7o p\u00fablico e da supremacia do interesse p\u00fablico, e ser\u00e1 adotada exclusivamente nos casos em que n\u00e3o houver mais candidatos habilitados no banco vigente, conforme previsto no edital e na legisla\u00e7\u00e3o pertinente.<\/p>\n<p style=\"text-align: center\">SEDUC\/GO<\/p>\n<h2 align=\"center\"><strong style=\"color: revert;font-size: revert\">COMUNICADO<\/strong><\/h2>\n<p style=\"text-align: center\"><strong>PARA CONTRATA\u00c7\u00c3O TEMPOR\u00c1RIA<\/strong><\/p>\n<pre style=\"text-align: center\">Publica\u00e7\u00e3o: 04\/02\/2026 \nEncerramento: 06\/02\/2026 \u00e0s 18h\n<\/pre>\n<p style=\"text-align: justify\">O Governo do Estado de Goi\u00e1s, por interm\u00e9dio da Secretaria de Estado da Educa\u00e7\u00e3o, informa que, embora esteja vigente o Processo Seletivo Simplificado regido pelo Edital n\u00ba 020\/2024 \u2013 destinado \u00e0 composi\u00e7\u00e3o de banco de habilitados para contrata\u00e7\u00e3o tempor\u00e1ria de professores \u2013, no \u00e2mbito do <strong>munic\u00edpio de IPAMERI<\/strong>, jurisdicionado \u00e0 Coordena\u00e7\u00e3o Regional de Educa\u00e7\u00e3o de <strong>PIRES DO RIO<\/strong>, o referido banco encontra-se esgotado para a fun\u00e7\u00e3o de <strong>Professor de Matem\u00e1tica, 30 aulas (37 horas) semanais, no turno Noturno.<\/strong><\/p>\n<p style=\"text-align: justify\">Diante da inexist\u00eancia de candidatos habilitados dispon\u00edveis para convoca\u00e7\u00e3o, e considerando a exist\u00eancia de d\u00e9ficit de profissional docente, justificado pelo art. 208 da Lei n\u00ba 13.909\/2001, a Secretaria de Estado da Educa\u00e7\u00e3o deliberou pela ado\u00e7\u00e3o de procedimento emergencial de sele\u00e7\u00e3o curricular, com o objetivo de realizar contrata\u00e7\u00e3o por tempo determinado, de natureza excepcional e urgente, nos termos da Lei Estadual n\u00ba 20.918\/2020.<\/p>\n<p style=\"text-align: justify\">Nesse sentido, a Coordena\u00e7\u00e3o Regional de Educa\u00e7\u00e3o de <strong>PIRES DO RIO<\/strong> est\u00e1 recebendo curr\u00edculos, exclusivamente por e-mail, para fins de sele\u00e7\u00e3o e contrata\u00e7\u00e3o tempor\u00e1ria de 01 (um) professor de <strong>Matem\u00e1tica<\/strong>, no(a) <strong>COL\u00c9GIO ESTADUAL PROFESSOR EDUARDO MANCINI<\/strong>. A presente medida visa evitar a interrup\u00e7\u00e3o das atividades escolares e garantir a continuidade do processo de ensino e aprendizagem, resguardando o direito constitucional \u00e0 educa\u00e7\u00e3o dos estudantes da Rede Estadual de Ensino.<\/p>\n<p style=\"text-align: justify\">Os interessados devem encaminhar curr\u00edculo atualizado ao endere\u00e7o eletr\u00f4nico oficial da Assessoria Financeira da CRE de <strong>PIRES DO RIO afin.piresdorio@seduc.go.gov.br<\/strong>, informando contatos telef\u00f4nicos e endere\u00e7o de e-mail para retorno.<\/p>\n<p style=\"text-align: justify\">Para a an\u00e1lise dos curr\u00edculos, ser\u00e1 constitu\u00edda comiss\u00e3o espec\u00edfica no \u00e2mbito da Coordena\u00e7\u00e3o Regional de Educa\u00e7\u00e3o de <strong>PIRES DO RIO<\/strong>, composta por membros desta unidade administrativa, a qual adotar\u00e1 crit\u00e9rios objetivos e ison\u00f4micos na sele\u00e7\u00e3o dos profissionais, assegurando a observ\u00e2ncia dos princ\u00edpios da legalidade, impessoalidade e interesse p\u00fablico.<\/p>\n<p style=\"text-align: justify\">A presente convoca\u00e7\u00e3o emergencial pauta-se nos princ\u00edpios da continuidade do servi\u00e7o p\u00fablico e da supremacia do interesse p\u00fablico, e ser\u00e1 adotada exclusivamente nos casos em que n\u00e3o houver mais candidatos habilitados no banco vigente, conforme previsto no edital e na legisla\u00e7\u00e3o pertinente.<\/p>\n<p style=\"text-align: center\">SEDUC\/GO<\/p>\n<h2 align=\"center\"><strong style=\"color: revert;font-size: revert\">COMUNICADO<\/strong><\/h2>\n<p style=\"text-align: center\"><strong>PARA CONTRATA\u00c7\u00c3O TEMPOR\u00c1RIA<\/strong><\/p>\n<pre style=\"text-align: center\">Publica\u00e7\u00e3o: 03\/02\/2026 \nEncerramento: 05\/02\/2026 \u00e0s 18h\n<\/pre>\n<p style=\"text-align: justify\">O Governo do Estado de Goi\u00e1s, por interm\u00e9dio da Secretaria de Estado da Educa\u00e7\u00e3o, informa que, embora esteja vigente o Processo Seletivo Simplificado regido pelo Edital n\u00ba 020\/2024 \u2013 destinado \u00e0 composi\u00e7\u00e3o de banco de habilitados para contrata\u00e7\u00e3o tempor\u00e1ria de professores \u2013, no \u00e2mbito do <strong>munic\u00edpio de ORIZONA<\/strong>, jurisdicionado \u00e0 Coordena\u00e7\u00e3o Regional de Educa\u00e7\u00e3o de <strong>PIRES DO RIO<\/strong>, o referido banco encontra-se esgotado para a fun\u00e7\u00e3o de <strong>Professor de Matem\u00e1tica, 24 aulas (30 horas) semanais, no turno Vespertino.<\/strong><\/p>\n<p style=\"text-align: justify\">Diante da inexist\u00eancia de candidatos habilitados dispon\u00edveis para convoca\u00e7\u00e3o, e considerando a exist\u00eancia de d\u00e9ficit de profissional docente, justificado pelo art. 208 da Lei n\u00ba 13.909\/2001, a Secretaria de Estado da Educa\u00e7\u00e3o deliberou pela ado\u00e7\u00e3o de procedimento emergencial de sele\u00e7\u00e3o curricular, com o objetivo de realizar contrata\u00e7\u00e3o por tempo determinado, de natureza excepcional e urgente, nos termos da Lei Estadual n\u00ba 20.918\/2020.<\/p>\n<p style=\"text-align: justify\">Nesse sentido, a Coordena\u00e7\u00e3o Regional de Educa\u00e7\u00e3o de <strong>PIRES DO RIO<\/strong> est\u00e1 recebendo curr\u00edculos, exclusivamente por e-mail, para fins de sele\u00e7\u00e3o e contrata\u00e7\u00e3o tempor\u00e1ria de 01 (um) professor de <strong>Matem\u00e1tica<\/strong>, no(a) <strong>COL\u00c9GIO ESTADUAL SENADOR JOS\u00c9 DA COSTA PEREIRA<\/strong>. A presente medida visa evitar a interrup\u00e7\u00e3o das atividades escolares e garantir a continuidade do processo de ensino e aprendizagem, resguardando o direito constitucional \u00e0 educa\u00e7\u00e3o dos estudantes da Rede Estadual de Ensino.<\/p>\n<p style=\"text-align: justify\">Os interessados devem encaminhar curr\u00edculo atualizado ao endere\u00e7o eletr\u00f4nico oficial da Assessoria Financeira da CRE de <strong>PIRES DO RIO afin.piresdorio@seduc.go.gov.br<\/strong>, informando contatos telef\u00f4nicos e endere\u00e7o de e-mail para retorno.<\/p>\n<p style=\"text-align: justify\">Para a an\u00e1lise dos curr\u00edculos, ser\u00e1 constitu\u00edda comiss\u00e3o espec\u00edfica no \u00e2mbito da Coordena\u00e7\u00e3o Regional de Educa\u00e7\u00e3o de <strong>PIRES DO RIO<\/strong>, composta por membros desta unidade administrativa, a qual adotar\u00e1 crit\u00e9rios objetivos e ison\u00f4micos na sele\u00e7\u00e3o dos profissionais, assegurando a observ\u00e2ncia dos princ\u00edpios da legalidade, impessoalidade e interesse p\u00fablico.<\/p>\n<p style=\"text-align: justify\">A presente convoca\u00e7\u00e3o emergencial pauta-se nos princ\u00edpios da continuidade do servi\u00e7o p\u00fablico e da supremacia do interesse p\u00fablico, e ser\u00e1 adotada exclusivamente nos casos em que n\u00e3o houver mais candidatos habilitados no banco vigente, conforme previsto no edital e na legisla\u00e7\u00e3o pertinente.<\/p>\n<p style=\"text-align: center\">SEDUC\/GO<\/p>\n<h2 align=\"center\"><strong style=\"color: revert;font-size: revert\">COMUNICADO<\/strong><\/h2>\n<p style=\"text-align: center\"><strong>PARA CONTRATA\u00c7\u00c3O TEMPOR\u00c1RIA<\/strong><\/p>\n<pre style=\"text-align: center\">Publica\u00e7\u00e3o: 23\/10\/2025 \nEncerramento: 28\/10\/2025 \u00e0s 18h\n<\/pre>\n<p style=\"text-align: justify\">O Governo do Estado de Goi\u00e1s, por interm\u00e9dio da Secretaria de Estado da Educa\u00e7\u00e3o, informa que, embora esteja vigente o Processo Seletivo Simplificado regido pelo Edital n\u00ba 020\/2024 \u2013 destinado \u00e0 composi\u00e7\u00e3o de banco de habilitados para contrata\u00e7\u00e3o tempor\u00e1ria de professores \u2013, no \u00e2mbito do <strong>munic\u00edpio de IPAMERI<\/strong>, jurisdicionado \u00e0 Coordena\u00e7\u00e3o Regional de Educa\u00e7\u00e3o de <strong>PIRES DO RIO<\/strong>, o referido banco encontra-se esgotado para a fun\u00e7\u00e3o de <strong>Professor de Geografia, 32 aulas (40 horas) semanais, no turno Matutino\/Vespertino.<\/strong><\/p>\n<p style=\"text-align: justify\">Diante da inexist\u00eancia de candidatos habilitados dispon\u00edveis para convoca\u00e7\u00e3o, e considerando a exist\u00eancia de d\u00e9ficit de profissional docente, justificado pelo art. 208 da Lei n\u00ba 13.909\/2001, a Secretaria de Estado da Educa\u00e7\u00e3o deliberou pela ado\u00e7\u00e3o de procedimento emergencial de sele\u00e7\u00e3o curricular, com o objetivo de realizar contrata\u00e7\u00e3o por tempo determinado, de natureza excepcional e urgente, nos termos da Lei Estadual n\u00ba 20.918\/2020.<\/p>\n<p style=\"text-align: justify\">Nesse sentido, a Coordena\u00e7\u00e3o Regional de Educa\u00e7\u00e3o de <strong>PIRES DO RIO<\/strong> est\u00e1 recebendo curr\u00edculos, exclusivamente por e-mail, para fins de sele\u00e7\u00e3o e contrata\u00e7\u00e3o tempor\u00e1ria de 01 (um) professor de <strong>Geografia<\/strong>, no(a) <strong>COL\u00c9GIO ESTADUAL RODOLFO BRAZ DE QUEIROZ<\/strong>. A presente medida visa evitar a interrup\u00e7\u00e3o das atividades escolares e garantir a continuidade do processo de ensino e aprendizagem, resguardando o direito constitucional \u00e0 educa\u00e7\u00e3o dos estudantes da Rede Estadual de Ensino.<\/p>\n<p style=\"text-align: justify\">Os interessados devem encaminhar curr\u00edculo atualizado ao endere\u00e7o eletr\u00f4nico oficial da Assessoria Financeira da CRE de <strong>PIRES DO RIO afin.piresdorio@seduc.go.gov.br<\/strong>, informando contatos telef\u00f4nicos e endere\u00e7o de e-mail para retorno.<\/p>\n<p style=\"text-align: justify\">Para a an\u00e1lise dos curr\u00edculos, ser\u00e1 constitu\u00edda comiss\u00e3o espec\u00edfica no \u00e2mbito da Coordena\u00e7\u00e3o Regional de Educa\u00e7\u00e3o de <strong>PIRES DO RIO<\/strong>, composta por membros desta unidade administrativa, a qual adotar\u00e1 crit\u00e9rios objetivos e ison\u00f4micos na sele\u00e7\u00e3o dos profissionais, assegurando a observ\u00e2ncia dos princ\u00edpios da legalidade, impessoalidade e interesse p\u00fablico.<\/p>\n<p style=\"text-align: justify\">A presente convoca\u00e7\u00e3o emergencial pauta-se nos princ\u00edpios da continuidade do servi\u00e7o p\u00fablico e da supremacia do interesse p\u00fablico, e ser\u00e1 adotada exclusivamente nos casos em que n\u00e3o houver mais candidatos habilitados no banco vigente, conforme previsto no edital e na legisla\u00e7\u00e3o pertinente.<\/p>\n<p style=\"text-align: center\">SEDUC\/GO<\/p>\n<h2 align=\"center\"><strong style=\"color: revert;font-size: revert\">COMUNICADO<\/strong><\/h2>\n<p style=\"text-align: center\"><strong>PARA CONTRATA\u00c7\u00c3O TEMPOR\u00c1RIA<\/strong><\/p>\n<pre style=\"text-align: center\">Publica\u00e7\u00e3o: 06\/10\/2025 \nEncerramento: 08\/10\/2025 \u00e0s 18h\n<\/pre>\n<p style=\"text-align: justify\">O Governo do Estado de Goi\u00e1s, por interm\u00e9dio da Secretaria de Estado da Educa\u00e7\u00e3o, informa que, embora esteja vigente o Processo Seletivo Simplificado regido pelo Edital n\u00ba 020\/2024 \u2013 destinado \u00e0 composi\u00e7\u00e3o de banco de habilitados para contrata\u00e7\u00e3o tempor\u00e1ria de professores \u2013, no \u00e2mbito do <strong>munic\u00edpio de PALMELO<\/strong>, jurisdicionado \u00e0 Coordena\u00e7\u00e3o Regional de Educa\u00e7\u00e3o de <strong>PIRES DO RIO<\/strong>, o referido banco encontra-se esgotado para a fun\u00e7\u00e3o de <strong>Professor de Matem\u00e1tica, 30 aulas (37 horas) semanais, no turno Matutino.<\/strong><\/p>\n<p style=\"text-align: justify\">Diante da inexist\u00eancia de candidatos habilitados dispon\u00edveis para convoca\u00e7\u00e3o, e considerando a exist\u00eancia de d\u00e9ficit de profissional docente, justificado pelo art. 208 da Lei n\u00ba 13.909\/2001, a Secretaria de Estado da Educa\u00e7\u00e3o deliberou pela ado\u00e7\u00e3o de procedimento emergencial de sele\u00e7\u00e3o curricular, com o objetivo de realizar contrata\u00e7\u00e3o por tempo determinado, de natureza excepcional e urgente, nos termos da Lei Estadual n\u00ba 20.918\/2020.<\/p>\n<p style=\"text-align: justify\">Nesse sentido, a Coordena\u00e7\u00e3o Regional de Educa\u00e7\u00e3o de <strong>PIRES DO RIO<\/strong> est\u00e1 recebendo curr\u00edculos, exclusivamente por e-mail, para fins de sele\u00e7\u00e3o e contrata\u00e7\u00e3o tempor\u00e1ria de 01 (um) professor de <strong>Matem\u00e1tica<\/strong>, no(a) <strong>COL\u00c9GIO ESTADUAL EURIPEDES BARSANULFO<\/strong>. A presente medida visa evitar a interrup\u00e7\u00e3o das atividades escolares e garantir a continuidade do processo de ensino e aprendizagem, resguardando o direito constitucional \u00e0 educa\u00e7\u00e3o dos estudantes da Rede Estadual de Ensino.<\/p>\n<p style=\"text-align: justify\">Os interessados devem encaminhar curr\u00edculo atualizado ao endere\u00e7o eletr\u00f4nico oficial da Assessoria Financeira da CRE de <strong>PIRES DO RIO afin.piresdorio@seduc.go.gov.br<\/strong>, informando contatos telef\u00f4nicos e endere\u00e7o de e-mail para retorno.<\/p>\n<p style=\"text-align: justify\">Para a an\u00e1lise dos curr\u00edculos, ser\u00e1 constitu\u00edda comiss\u00e3o espec\u00edfica no \u00e2mbito da Coordena\u00e7\u00e3o Regional de Educa\u00e7\u00e3o de <strong>PIRES DO RIO<\/strong>, composta por membros desta unidade administrativa, a qual adotar\u00e1 crit\u00e9rios objetivos e ison\u00f4micos na sele\u00e7\u00e3o dos profissionais, assegurando a observ\u00e2ncia dos princ\u00edpios da legalidade, impessoalidade e interesse p\u00fablico.<\/p>\n<p style=\"text-align: justify\">A presente convoca\u00e7\u00e3o emergencial pauta-se nos princ\u00edpios da continuidade do servi\u00e7o p\u00fablico e da supremacia do interesse p\u00fablico, e ser\u00e1 adotada exclusivamente nos casos em que n\u00e3o houver mais candidatos habilitados no banco vigente, conforme previsto no edital e na legisla\u00e7\u00e3o pertinente.<\/p>\n<p style=\"text-align: center\">SEDUC\/GO<\/p>\n<h2 align=\"center\"><strong style=\"color: revert;font-size: revert\">COMUNICADO<\/strong><\/h2>\n<p style=\"text-align: center\"><strong>PARA CONTRATA\u00c7\u00c3O TEMPOR\u00c1RIA<\/strong><\/p>\n<pre style=\"text-align: center\">Publica\u00e7\u00e3o: 03\/10\/2025 \nEncerramento: 07\/10\/2025 \u00e0s 18h\n<\/pre>\n<p style=\"text-align: justify\">O Governo do Estado de Goi\u00e1s, por interm\u00e9dio da Secretaria de Estado da Educa\u00e7\u00e3o, informa que, embora esteja vigente o Processo Seletivo Simplificado regido pelo Edital n\u00ba 020\/2024 \u2013 destinado \u00e0 composi\u00e7\u00e3o de banco de habilitados para contrata\u00e7\u00e3o tempor\u00e1ria de professores \u2013, no \u00e2mbito do <strong>munic\u00edpio de IPAMERI<\/strong>, jurisdicionado \u00e0 Coordena\u00e7\u00e3o Regional de Educa\u00e7\u00e3o de <strong>PIRES DO RIO<\/strong>, o referido banco encontra-se esgotado para a fun\u00e7\u00e3o de <strong>Professor de Matem\u00e1tica, 24 aulas (30 horas) semanais, no turno Matutino.<\/strong><\/p>\n<p style=\"text-align: justify\">Diante da inexist\u00eancia de candidatos habilitados dispon\u00edveis para convoca\u00e7\u00e3o, e considerando a exist\u00eancia de d\u00e9ficit de profissional docente, justificado pelo art. 208 da Lei n\u00ba 13.909\/2001, a Secretaria de Estado da Educa\u00e7\u00e3o deliberou pela ado\u00e7\u00e3o de procedimento emergencial de sele\u00e7\u00e3o curricular, com o objetivo de realizar contrata\u00e7\u00e3o por tempo determinado, de natureza excepcional e urgente, nos termos da Lei Estadual n\u00ba 20.918\/2020.<\/p>\n<p style=\"text-align: justify\">Nesse sentido, a Coordena\u00e7\u00e3o Regional de Educa\u00e7\u00e3o de <strong>PIRES DO RIO<\/strong> est\u00e1 recebendo curr\u00edculos, exclusivamente por e-mail, para fins de sele\u00e7\u00e3o e contrata\u00e7\u00e3o tempor\u00e1ria de 01 (um) professor de <strong>Matem\u00e1tica<\/strong>, no(a) <strong>CENTRO DE ENSINO EM PER\u00cdODO INTEGRAL PROFESSOR C\u00c9SAR AUGUSTO CEVA<\/strong>. A presente medida visa evitar a interrup\u00e7\u00e3o das atividades escolares e garantir a continuidade do processo de ensino e aprendizagem, resguardando o direito constitucional \u00e0 educa\u00e7\u00e3o dos estudantes da Rede Estadual de Ensino.<\/p>\n<p style=\"text-align: justify\">Os interessados devem encaminhar curr\u00edculo atualizado ao endere\u00e7o eletr\u00f4nico oficial da Assessoria Financeira da CRE de <strong>PIRES DO RIO afin.piresdorio@seduc.go.gov.br<\/strong>, informando contatos telef\u00f4nicos e endere\u00e7o de e-mail para retorno.<\/p>\n<p style=\"text-align: justify\">Para a an\u00e1lise dos curr\u00edculos, ser\u00e1 constitu\u00edda comiss\u00e3o espec\u00edfica no \u00e2mbito da Coordena\u00e7\u00e3o Regional de Educa\u00e7\u00e3o de <strong>PIRES DO RIO<\/strong>, composta por membros desta unidade administrativa, a qual adotar\u00e1 crit\u00e9rios objetivos e ison\u00f4micos na sele\u00e7\u00e3o dos profissionais, assegurando a observ\u00e2ncia dos princ\u00edpios da legalidade, impessoalidade e interesse p\u00fablico.<\/p>\n<p style=\"text-align: justify\">A presente convoca\u00e7\u00e3o emergencial pauta-se nos princ\u00edpios da continuidade do servi\u00e7o p\u00fablico e da supremacia do interesse p\u00fablico, e ser\u00e1 adotada exclusivamente nos casos em que n\u00e3o houver mais candidatos habilitados no banco vigente, conforme previsto no edital e na legisla\u00e7\u00e3o pertinente.<\/p>\n<p style=\"text-align: center\">SEDUC\/GO<\/p>\n<h2 align=\"center\"><strong style=\"color: revert;font-size: revert\">COMUNICADO<\/strong><\/h2>\n<p style=\"text-align: center\"><strong>PARA CONTRATA\u00c7\u00c3O TEMPOR\u00c1RIA<\/strong><\/p>\n<pre style=\"text-align: center\">Publica\u00e7\u00e3o: 03\/10\/2025 \nEncerramento: 07\/10\/2025 \u00e0s 18h\n<\/pre>\n<p style=\"text-align: justify\">O Governo do Estado de Goi\u00e1s, por interm\u00e9dio da Secretaria de Estado da Educa\u00e7\u00e3o, informa que, embora esteja vigente o Processo Seletivo Simplificado regido pelo Edital n\u00ba 020\/2024 \u2013 destinado \u00e0 composi\u00e7\u00e3o de banco de habilitados para contrata\u00e7\u00e3o tempor\u00e1ria de professores \u2013, no \u00e2mbito do <strong>munic\u00edpio de PIRES DO RIO<\/strong>, jurisdicionado \u00e0 Coordena\u00e7\u00e3o Regional de Educa\u00e7\u00e3o de <strong>PIRES DO RIO<\/strong>, o referido banco encontra-se esgotado para a fun\u00e7\u00e3o de <strong>Professor de F\u00edsica<\/strong><\/p>\n<p style=\"text-align: justify\">Diante da inexist\u00eancia de candidatos habilitados dispon\u00edveis para convoca\u00e7\u00e3o, e considerando a exist\u00eancia de d\u00e9ficit de profissional docente, justificado pelo art. 208 da Lei n\u00ba 13.909\/2001, a Secretaria de Estado da Educa\u00e7\u00e3o deliberou pela ado\u00e7\u00e3o de procedimento emergencial de sele\u00e7\u00e3o curricular, com o objetivo de realizar contrata\u00e7\u00e3o por tempo determinado, de natureza excepcional e urgente, nos termos da Lei Estadual n\u00ba 20.918\/2020.<\/p>\n<p style=\"text-align: justify\">Nesse sentido, a Coordena\u00e7\u00e3o Regional de Educa\u00e7\u00e3o de <strong>PIRES DO RIO<\/strong> est\u00e1 recebendo curr\u00edculos, exclusivamente por e-mail, para fins de sele\u00e7\u00e3o e contrata\u00e7\u00e3o tempor\u00e1ria de 01 (um) professor de <strong>F\u00edsica<\/strong>, no(a) <strong>COL\u00c9GIO ESTADUAL DA POL\u00cdCIA MILITAR DE GOI\u00c1S PROFESSOR IVAN FERREIRA<\/strong>. A presente medida visa evitar a interrup\u00e7\u00e3o das atividades escolares e garantir a continuidade do processo de ensino e aprendizagem, resguardando o direito constitucional \u00e0 educa\u00e7\u00e3o dos estudantes da Rede Estadual de Ensino.<\/p>\n<p style=\"text-align: justify\">Os interessados devem encaminhar curr\u00edculo atualizado ao endere\u00e7o eletr\u00f4nico oficial da Assessoria Financeira da CRE de <strong>PIRES DO RIO afin.piresdorio@seduc.go.gov.br<\/strong>, informando contatos telef\u00f4nicos e endere\u00e7o de e-mail para retorno.<\/p>\n<p style=\"text-align: justify\">Para a an\u00e1lise dos curr\u00edculos, ser\u00e1 constitu\u00edda comiss\u00e3o espec\u00edfica no \u00e2mbito da Coordena\u00e7\u00e3o Regional de Educa\u00e7\u00e3o de <strong>PIRES DO RIO<\/strong>, composta por membros desta unidade administrativa, a qual adotar\u00e1 crit\u00e9rios objetivos e ison\u00f4micos na sele\u00e7\u00e3o dos profissionais, assegurando a observ\u00e2ncia dos princ\u00edpios da legalidade, impessoalidade e interesse p\u00fablico.<\/p>\n<p style=\"text-align: justify\">A presente convoca\u00e7\u00e3o emergencial pauta-se nos princ\u00edpios da continuidade do servi\u00e7o p\u00fablico e da supremacia do interesse p\u00fablico, e ser\u00e1 adotada exclusivamente nos casos em que n\u00e3o houver mais candidatos habilitados no banco vigente, conforme previsto no edital e na legisla\u00e7\u00e3o pertinente.<\/p>\n<p style=\"text-align: center\">SEDUC\/GO<\/p>\n<h2 align=\"center\"><strong style=\"color: revert;font-size: revert\">COMUNICADO<\/strong><\/h2>\n<p style=\"text-align: center\"><strong>PARA CONTRATA\u00c7\u00c3O TEMPOR\u00c1RIA<\/strong><\/p>\n<pre style=\"text-align: center\">Publica\u00e7\u00e3o: 09\/09\/2025 \nEncerramento: 11\/09\/2025 \u00e0s 18h\n<\/pre>\n<p style=\"text-align: justify\">O Governo do Estado de Goi\u00e1s, por interm\u00e9dio da Secretaria de Estado da Educa\u00e7\u00e3o, informa que, embora esteja vigente o Processo Seletivo Simplificado regido pelo Edital n\u00ba 020\/2024 \u2013 destinado \u00e0 composi\u00e7\u00e3o de banco de habilitados para contrata\u00e7\u00e3o tempor\u00e1ria de professores \u2013, no \u00e2mbito do <strong>munic\u00edpio de IPAMERI<\/strong>, jurisdicionado \u00e0 Coordena\u00e7\u00e3o Regional de Educa\u00e7\u00e3o de <strong>PIRES DO RIO<\/strong>, o referido banco encontra-se esgotado para a fun\u00e7\u00e3o de <strong>Professor de L\u00edngua Inglesa<\/strong><\/p>\n<p style=\"text-align: justify\">Diante da inexist\u00eancia de candidatos habilitados dispon\u00edveis para convoca\u00e7\u00e3o, e considerando a exist\u00eancia de d\u00e9ficit de profissional docente, justificado pelo art. 208 da Lei n\u00ba 13.909\/2001, a Secretaria de Estado da Educa\u00e7\u00e3o deliberou pela ado\u00e7\u00e3o de procedimento emergencial de sele\u00e7\u00e3o curricular, com o objetivo de realizar contrata\u00e7\u00e3o por tempo determinado, de natureza excepcional e urgente, nos termos da Lei Estadual n\u00ba 20.918\/2020.<\/p>\n<p style=\"text-align: justify\">Nesse sentido, a Coordena\u00e7\u00e3o Regional de Educa\u00e7\u00e3o de <strong>PIRES DO RIO<\/strong> est\u00e1 recebendo curr\u00edculos, exclusivamente por e-mail, para fins de sele\u00e7\u00e3o e contrata\u00e7\u00e3o tempor\u00e1ria de 01 (um) professor de <strong>L\u00edngua Inglesa<\/strong>, no(a) <strong>COL\u00c9GIO ESTADUAL RODOLFO BRAZ DE QUEIROZ<\/strong>. A presente medida visa evitar a interrup\u00e7\u00e3o das atividades escolares e garantir a continuidade do processo de ensino e aprendizagem, resguardando o direito constitucional \u00e0 educa\u00e7\u00e3o dos estudantes da Rede Estadual de Ensino.<\/p>\n<p style=\"text-align: justify\">Os interessados devem encaminhar curr\u00edculo atualizado ao endere\u00e7o eletr\u00f4nico oficial da Assessoria Financeira da CRE de <strong>PIRES DO RIO afin.piresdorio@seduc.go.gov.br<\/strong>, informando contatos telef\u00f4nicos e endere\u00e7o de e-mail para retorno.<\/p>\n<p style=\"text-align: justify\">Para a an\u00e1lise dos curr\u00edculos, ser\u00e1 constitu\u00edda comiss\u00e3o espec\u00edfica no \u00e2mbito da Coordena\u00e7\u00e3o Regional de Educa\u00e7\u00e3o de <strong>PIRES DO RIO<\/strong>, composta por membros desta unidade administrativa, a qual adotar\u00e1 crit\u00e9rios objetivos e ison\u00f4micos na sele\u00e7\u00e3o dos profissionais, assegurando a observ\u00e2ncia dos princ\u00edpios da legalidade, impessoalidade e interesse p\u00fablico.<\/p>\n<p style=\"text-align: justify\">A presente convoca\u00e7\u00e3o emergencial pauta-se nos princ\u00edpios da continuidade do servi\u00e7o p\u00fablico e da supremacia do interesse p\u00fablico, e ser\u00e1 adotada exclusivamente nos casos em que n\u00e3o houver mais candidatos habilitados no banco vigente, conforme previsto no edital e na legisla\u00e7\u00e3o pertinente.<\/p>\n<p style=\"text-align: center\">SEDUC\/GO<\/p>\n<h2 align=\"center\"><strong style=\"color: revert;font-size: revert\">COMUNICADO<\/strong><\/h2>\n<p style=\"text-align: center\"><strong>PARA CONTRATA\u00c7\u00c3O TEMPOR\u00c1RIA<\/strong><\/p>\n<pre style=\"text-align: center\">Publica\u00e7\u00e3o: 25\/08\/2025 \nEncerramento: 27\/08\/2025 \u00e0s 18h\n<\/pre>\n<p style=\"text-align: justify\">O Governo do Estado de Goi\u00e1s, por interm\u00e9dio da Secretaria de Estado da Educa\u00e7\u00e3o, informa que, embora esteja vigente o Processo Seletivo Simplificado regido pelo Edital n\u00ba 020\/2024 \u2013 destinado \u00e0 composi\u00e7\u00e3o de banco de habilitados para contrata\u00e7\u00e3o tempor\u00e1ria de professores \u2013, no \u00e2mbito do <strong>munic\u00edpio de PIRES DO RIO<\/strong>, jurisdicionado \u00e0 Coordena\u00e7\u00e3o Regional de Educa\u00e7\u00e3o de <strong>PIRES DO RIO<\/strong>, o referido banco encontra-se esgotado para a fun\u00e7\u00e3o de <strong>Professor de Geografia<\/strong><\/p>\n<p style=\"text-align: justify\">Diante da inexist\u00eancia de candidatos habilitados dispon\u00edveis para convoca\u00e7\u00e3o, e considerando a exist\u00eancia de d\u00e9ficit de profissional docente, justificado pelo art. 208 da Lei n\u00ba 13.909\/2001, a Secretaria de Estado da Educa\u00e7\u00e3o deliberou pela ado\u00e7\u00e3o de procedimento emergencial de sele\u00e7\u00e3o curricular, com o objetivo de realizar contrata\u00e7\u00e3o por tempo determinado, de natureza excepcional e urgente, nos termos da Lei Estadual n\u00ba 20.918\/2020.<\/p>\n<p style=\"text-align: justify\">Nesse sentido, a Coordena\u00e7\u00e3o Regional de Educa\u00e7\u00e3o de <strong>PIRES DO RIO<\/strong> est\u00e1 recebendo curr\u00edculos, exclusivamente por e-mail, para fins de sele\u00e7\u00e3o e contrata\u00e7\u00e3o tempor\u00e1ria de 01 (um) professor de <strong>Geografia<\/strong>, no(a) <strong>CENTRO DE ENSINO EM PER\u00cdODO INTEGRAL MARTINS BORGES<\/strong>. A presente medida visa evitar a interrup\u00e7\u00e3o das atividades escolares e garantir a continuidade do processo de ensino e aprendizagem, resguardando o direito constitucional \u00e0 educa\u00e7\u00e3o dos estudantes da Rede Estadual de Ensino.<\/p>\n<p style=\"text-align: justify\">Os interessados devem encaminhar curr\u00edculo atualizado ao endere\u00e7o eletr\u00f4nico oficial da Assessoria Financeira da CRE de <strong>PIRES DO RIO afin.piresdorio@seduc.go.gov.br<\/strong>, informando contatos telef\u00f4nicos e endere\u00e7o de e-mail para retorno.<\/p>\n<p style=\"text-align: justify\">Para a an\u00e1lise dos curr\u00edculos, ser\u00e1 constitu\u00edda comiss\u00e3o espec\u00edfica no \u00e2mbito da Coordena\u00e7\u00e3o Regional de Educa\u00e7\u00e3o de <strong>PIRES DO RIO<\/strong>, composta por membros desta unidade administrativa, a qual adotar\u00e1 crit\u00e9rios objetivos e ison\u00f4micos na sele\u00e7\u00e3o dos profissionais, assegurando a observ\u00e2ncia dos princ\u00edpios da legalidade, impessoalidade e interesse p\u00fablico.<\/p>\n<p style=\"text-align: justify\">A presente convoca\u00e7\u00e3o emergencial pauta-se nos princ\u00edpios da continuidade do servi\u00e7o p\u00fablico e da supremacia do interesse p\u00fablico, e ser\u00e1 adotada exclusivamente nos casos em que n\u00e3o houver mais candidatos habilitados no banco vigente, conforme previsto no edital e na legisla\u00e7\u00e3o pertinente.<\/p>\n<p style=\"text-align: center\">SEDUC\/GO<\/p>\n<h2 align=\"center\"><strong style=\"color: revert;font-size: revert\">COMUNICADO<\/strong><\/h2>\n<p style=\"text-align: center\"><strong>PARA CONTRATA\u00c7\u00c3O TEMPOR\u00c1RIA<\/strong><\/p>\n<pre style=\"text-align: center\">Publica\u00e7\u00e3o: 04\/08\/2025 \nEncerramento: 06\/08\/2025 \u00e0s 18h\n<\/pre>\n<p style=\"text-align: justify\">O Governo do Estado de Goi\u00e1s, por interm\u00e9dio da Secretaria de Estado da Educa\u00e7\u00e3o, informa que, embora esteja vigente o Processo Seletivo Simplificado regido pelo Edital n\u00ba 020\/2024 \u2013 destinado \u00e0 composi\u00e7\u00e3o de banco de habilitados para contrata\u00e7\u00e3o tempor\u00e1ria de professores \u2013, no \u00e2mbito do <strong>munic\u00edpio de PIRES DO RIO<\/strong>, jurisdicionado \u00e0 Coordena\u00e7\u00e3o Regional de Educa\u00e7\u00e3o de <strong>PIRES DO RIO<\/strong>, o referido banco encontra-se esgotado para a fun\u00e7\u00e3o de <strong>Professor de Geografia<\/strong><\/p>\n<p style=\"text-align: justify\">Diante da inexist\u00eancia de candidatos habilitados dispon\u00edveis para convoca\u00e7\u00e3o, e considerando a exist\u00eancia de d\u00e9ficit de profissional docente, justificado pelo art. 208 da Lei n\u00ba 13.909\/2001, a Secretaria de Estado da Educa\u00e7\u00e3o deliberou pela ado\u00e7\u00e3o de procedimento emergencial de sele\u00e7\u00e3o curricular, com o objetivo de realizar contrata\u00e7\u00e3o por tempo determinado, de natureza excepcional e urgente, nos termos da Lei Estadual n\u00ba 20.918\/2020.<\/p>\n<p style=\"text-align: justify\">Nesse sentido, a Coordena\u00e7\u00e3o Regional de Educa\u00e7\u00e3o de <strong>PIRES DO RIO<\/strong> est\u00e1 recebendo curr\u00edculos, exclusivamente por e-mail, para fins de sele\u00e7\u00e3o e contrata\u00e7\u00e3o tempor\u00e1ria de 01 (um) professor de <strong>Geografia<\/strong>, no(a) <strong>COL\u00c9GIO ESTADUAL DOUTOR FRANCISCO ACCIOLI<\/strong>. A presente medida visa evitar a interrup\u00e7\u00e3o das atividades escolares e garantir a continuidade do processo de ensino e aprendizagem, resguardando o direito constitucional \u00e0 educa\u00e7\u00e3o dos estudantes da Rede Estadual de Ensino.<\/p>\n<p style=\"text-align: justify\">Os interessados devem encaminhar curr\u00edculo atualizado ao endere\u00e7o eletr\u00f4nico oficial da Assessoria Financeira da CRE de <strong>PIRES DO RIO afin.piresdorio@seduc.go.gov.br<\/strong>, informando contatos telef\u00f4nicos e endere\u00e7o de e-mail para retorno.<\/p>\n<p style=\"text-align: justify\">Para a an\u00e1lise dos curr\u00edculos, ser\u00e1 constitu\u00edda comiss\u00e3o espec\u00edfica no \u00e2mbito da Coordena\u00e7\u00e3o Regional de Educa\u00e7\u00e3o de <strong>PIRES DO RIO<\/strong>, composta por membros desta unidade administrativa, a qual adotar\u00e1 crit\u00e9rios objetivos e ison\u00f4micos na sele\u00e7\u00e3o dos profissionais, assegurando a observ\u00e2ncia dos princ\u00edpios da legalidade, impessoalidade e interesse p\u00fablico.<\/p>\n<p style=\"text-align: justify\">A presente convoca\u00e7\u00e3o emergencial pauta-se nos princ\u00edpios da continuidade do servi\u00e7o p\u00fablico e da supremacia do interesse p\u00fablico, e ser\u00e1 adotada exclusivamente nos casos em que n\u00e3o houver mais candidatos habilitados no banco vigente, conforme previsto no edital e na legisla\u00e7\u00e3o pertinente.<\/p>\n<p style=\"text-align: center\">SEDUC\/GO<\/p>\n<h2 align=\"center\"><strong style=\"color: revert;font-size: revert\">COMUNICADO<\/strong><\/h2>\n<p style=\"text-align: center\"><strong>PARA CONTRATA\u00c7\u00c3O TEMPOR\u00c1RIA<\/strong><\/p>\n<pre style=\"text-align: center\">Publica\u00e7\u00e3o: 01\/08\/2025 \nEncerramento: 05\/08\/2025 \u00e0s 18h\n<\/pre>\n<p style=\"text-align: justify\">O Governo do Estado de Goi\u00e1s, por interm\u00e9dio da Secretaria de Estado da Educa\u00e7\u00e3o, informa que, embora esteja vigente o Processo Seletivo Simplificado regido pelo Edital n\u00ba 020\/2024 \u2013 destinado \u00e0 composi\u00e7\u00e3o de banco de habilitados para contrata\u00e7\u00e3o tempor\u00e1ria de professores \u2013, no \u00e2mbito do <strong>munic\u00edpio de ORIZONA<\/strong>, jurisdicionado \u00e0 Coordena\u00e7\u00e3o Regional de Educa\u00e7\u00e3o de <strong>PIRES DO RIO<\/strong>, o referido banco encontra-se esgotado para a fun\u00e7\u00e3o de <strong>Professor de L\u00edngua Portuguesa<\/strong><\/p>\n<p style=\"text-align: justify\">Diante da inexist\u00eancia de candidatos habilitados dispon\u00edveis para convoca\u00e7\u00e3o, e considerando a exist\u00eancia de d\u00e9ficit de profissional docente, justificado pelo art. 208 da Lei n\u00ba 13.909\/2001, a Secretaria de Estado da Educa\u00e7\u00e3o deliberou pela ado\u00e7\u00e3o de procedimento emergencial de sele\u00e7\u00e3o curricular, com o objetivo de realizar contrata\u00e7\u00e3o por tempo determinado, de natureza excepcional e urgente, nos termos da Lei Estadual n\u00ba 20.918\/2020.<\/p>\n<p style=\"text-align: justify\">Nesse sentido, a Coordena\u00e7\u00e3o Regional de Educa\u00e7\u00e3o de <strong>PIRES DO RIO<\/strong> est\u00e1 recebendo curr\u00edculos, exclusivamente por e-mail, para fins de sele\u00e7\u00e3o e contrata\u00e7\u00e3o tempor\u00e1ria de 01 (um) professor de <strong>L\u00edngua Portuguesa<\/strong>, no <strong>ESCOLA FAM\u00cdLIA AGR\u00cdCOLA DE ORIZONA<\/strong>. A presente medida visa evitar a interrup\u00e7\u00e3o das atividades escolares e garantir a continuidade do processo de ensino e aprendizagem, resguardando o direito constitucional \u00e0 educa\u00e7\u00e3o dos estudantes da Rede Estadual de Ensino.<\/p>\n<p style=\"text-align: justify\">Os interessados devem encaminhar curr\u00edculo atualizado ao endere\u00e7o eletr\u00f4nico oficial da Assessoria Financeira da CRE de <strong>PIRES DO RIO afin.piresdorio@seduc.go.gov.br<\/strong>, informando contatos telef\u00f4nicos e endere\u00e7o de e-mail para retorno.<\/p>\n<p style=\"text-align: justify\">Para a an\u00e1lise dos curr\u00edculos, ser\u00e1 constitu\u00edda comiss\u00e3o espec\u00edfica no \u00e2mbito da Coordena\u00e7\u00e3o Regional de Educa\u00e7\u00e3o de <strong>PIRES DO RIO<\/strong>, composta por membros desta unidade administrativa, a qual adotar\u00e1 crit\u00e9rios objetivos e ison\u00f4micos na sele\u00e7\u00e3o dos profissionais, assegurando a observ\u00e2ncia dos princ\u00edpios da legalidade, impessoalidade e interesse p\u00fablico.<\/p>\n<p style=\"text-align: justify\">A presente convoca\u00e7\u00e3o emergencial pauta-se nos princ\u00edpios da continuidade do servi\u00e7o p\u00fablico e da supremacia do interesse p\u00fablico, e ser\u00e1 adotada exclusivamente nos casos em que n\u00e3o houver mais candidatos habilitados no banco vigente, conforme previsto no edital e na legisla\u00e7\u00e3o pertinente.<\/p>\n<p style=\"text-align: center\">SEDUC\/GO<\/p>\n<hr \/>\n<h3 style=\"text-align: center\">COMUNICADO<\/h3>\n<p style=\"text-align: center\"><strong>PARA CONTRATA\u00c7\u00c3O TEMPOR\u00c1RIA<\/strong><\/p>\n<pre style=\"text-align: center\">Publica\u00e7\u00e3o: 30\/10\/2024\nEncerramento: 01\/11\/2024 \u00e0s 18h<\/pre>\n<h4 class=\"entry-title\" style=\"text-align: center\"><span style=\"color: #ff0000\"><strong>ENCERRADO<\/strong><\/span><\/h4>\n<p class=\"Texto_Justificado\" style=\"text-align: justify\">O Governo do Estado de Goi\u00e1s, atrav\u00e9s da Secretaria de Estado da Educa\u00e7\u00e3o, diante da inexist\u00eancia de Processo Seletivo Simplificado vigente no \u00e2mbito desta Pasta e considerando a exist\u00eancia de d\u00e9ficits de professores nas unidades escolares pertencentes ao\u00a0<strong>munic\u00edpio de Pires do Rio,<\/strong>\u00a0jurisdicionado \u00e0 Coordena\u00e7\u00e3o Regional de Educa\u00e7\u00e3o (CRE) de\u00a0Pires do Rio, informa que est\u00e1 recebendo curr\u00edculos, para sele\u00e7\u00e3o e contrata\u00e7\u00e3o tempor\u00e1ria com natureza emergencial para atender aos interesses da Administra\u00e7\u00e3o:\u00a0<strong>01 (um) professor para ministrar\u00a0<\/strong><strong>24 (vinte e quatro) aulas semanais de Qu\u00edmica e disciplinas afins, nos turnos matutino e vespertino no Col\u00e9gio Estadual Doutor Francisco Accioli<\/strong>, visando afastar eventuais preju\u00edzos educacionais e\/ou pedag\u00f3gicos aos estudantes da Rede Estadual de Educa\u00e7\u00e3o de Goi\u00e1s.<\/p>\n<p class=\"Texto_Justificado\" style=\"text-align: justify\">A presente convoca\u00e7\u00e3o justifica-se por d\u00e9ficit causado por concess\u00e3o de licen\u00e7a maternidade concedida a(o) professor(a) titular.<\/p>\n<p class=\"Texto_Justificado\" style=\"text-align: justify\">Os interessados devem encaminhar Curr\u00edculo ao e-mail oficial da Assessoria Financeira da Coordena\u00e7\u00e3o Regional de Educa\u00e7\u00e3o de\u00a0Pires do Rio\u00a0(afin.piresdorio@seduc.go.gov.br), contendo os contatos telef\u00f4nicos e endere\u00e7os de e-mail para correspond\u00eancias eletr\u00f4nicas, e ainda, que no campo Assunto do e-mail, seja informada a Unidade Escolar e a disciplina da vaga pleiteada.<\/p>\n<p class=\"Texto_Justificado\" style=\"text-align: justify\">Oportunamente esclarece, que a Coordena\u00e7\u00e3o Regional de Educa\u00e7\u00e3o de\u00a0Pires do Rio\u00a0instituir\u00e1 comiss\u00e3o pr\u00f3pria para as an\u00e1lises curriculares, que ser\u00e1 composta por membros da CRE, objetivando assim, a ado\u00e7\u00e3o de medidas e provid\u00eancias pertinentes ao suprimento de todos os d\u00e9ficits de professores existentes na Rede Estadual de Educa\u00e7\u00e3o de Goi\u00e1s, que garantam os servi\u00e7os prestados \u00e0 comunidade goiana.<\/p>\n<p style=\"text-align: center\">SEDUC\/GO<\/p>\n<hr \/>\n<h3 style=\"text-align: center\">COMUNICADO<\/h3>\n<p style=\"text-align: center\"><strong>PARA CONTRATA\u00c7\u00c3O TEMPOR\u00c1RIA<\/strong><\/p>\n<pre style=\"text-align: center\">Publica\u00e7\u00e3o: 03\/10\/2024\nEncerramento: 07\/10\/2024 \u00e0s 18h<\/pre>\n<h4 class=\"entry-title\" style=\"text-align: center\"><span style=\"color: #ff0000\"><strong>ENCERRADO<\/strong><\/span><\/h4>\n<p class=\"Texto_Justificado\" style=\"text-align: justify\">O Governo do Estado de Goi\u00e1s, atrav\u00e9s da Secretaria de Estado da Educa\u00e7\u00e3o, diante da inexist\u00eancia de Processo Seletivo Simplificado vigente no \u00e2mbito desta Pasta e considerando a exist\u00eancia de d\u00e9ficits de professores nas unidades escolares pertencentes ao<strong>\u00a0munic\u00edpio de\u00a0<\/strong><strong>Santa Cruz de Goi\u00e1s<\/strong>, jurisdicionado \u00e0 Coordena\u00e7\u00e3o Regional de Educa\u00e7\u00e3o (CRE) de\u00a0Pires do Rio, informa que est\u00e1 recebendo curr\u00edculos, para sele\u00e7\u00e3o e contrata\u00e7\u00e3o tempor\u00e1ria com natureza emergencial para atender aos interesses da Administra\u00e7\u00e3o:\u00a0<strong>01 (um) professor para ministrar<\/strong><strong>\u00a027 (vinte e sete) aulas, de L\u00edngua Inglesa e disciplinas afins, no(s) turno(s) matutino e vespertino no\u00a0<\/strong><strong>Col\u00e9gio Estadual Senador Ant\u00f4nio Ramos Caiado<\/strong><strong>,<\/strong>\u00a0visando afastar eventuais preju\u00edzos educacionais e\/ou pedag\u00f3gicos aos estudantes da Rede Estadual de Educa\u00e7\u00e3o de Goi\u00e1s.<\/p>\n<p class=\"Texto_Justificado\" style=\"text-align: justify\">A presente convoca\u00e7\u00e3o justifica-se por d\u00e9ficit causado por rescis\u00e3o a pedido\u00a0 da(o) professor(a) titular.<\/p>\n<p class=\"Texto_Justificado\" style=\"text-align: justify\">Os interessados devem encaminhar Curr\u00edculo ao e-mail oficial da Assessoria Financeira da Coordena\u00e7\u00e3o Regional de\u00a0Pires do Rio\u00a0(afin.piresdorio@seduc.go.gov.br), contendo os contatos telef\u00f4nicos e endere\u00e7os de e-mail para correspond\u00eancias eletr\u00f4nicas, e ainda, que no campo Assunto do e-mail, seja informada a Unidade Escolar e a disciplina da vaga pleiteada.<\/p>\n<p class=\"Texto_Justificado_Esp15\" style=\"text-align: justify\">Oportunamente esclarece, que a Coordena\u00e7\u00e3o Regional de Educa\u00e7\u00e3o de\u00a0Pires do Rio\u00a0instituir\u00e1 comiss\u00e3o pr\u00f3pria para as an\u00e1lises curriculares, que ser\u00e1 composta por membros da CRE, objetivando assim, a ado\u00e7\u00e3o de medidas e provid\u00eancias pertinentes ao suprimento de todos os d\u00e9ficits de professores existentes na Rede Estadual de Educa\u00e7\u00e3o de Goi\u00e1s, que garantam os servi\u00e7os prestados \u00e0 comunidade goiana.<\/p>\n<p style=\"text-align: center\">SEDUC\/GO<\/p>\n<hr \/>\n<h3 style=\"text-align: center\">COMUNICADO<\/h3>\n<p style=\"text-align: center\"><strong>PARA CONTRATA\u00c7\u00c3O TEMPOR\u00c1RIA<\/strong><\/p>\n<pre style=\"text-align: center\">Publica\u00e7\u00e3o: 02\/10\/2024\nEncerramento: 04\/10\/2024 \u00e0s 18h<\/pre>\n<h4 class=\"entry-title\" style=\"text-align: center\"><span style=\"color: #ff0000\"><strong>ENCERRADO<\/strong><\/span><\/h4>\n<p class=\"Texto_Justificado\" style=\"text-align: justify\">O Governo do Estado de Goi\u00e1s, atrav\u00e9s da Secretaria de Estado da Educa\u00e7\u00e3o, diante da inexist\u00eancia de Processo Seletivo Simplificado vigente no \u00e2mbito desta Pasta e considerando a exist\u00eancia de d\u00e9ficits de professores nas unidades escolares pertencentes ao <strong>munic\u00edpio de Pires do Rio<\/strong>, jurisdicionado \u00e0 Coordena\u00e7\u00e3o Regional de Educa\u00e7\u00e3o (CRE) de Pires do Rio, informa que est\u00e1 recebendo curr\u00edculos, para sele\u00e7\u00e3o e contrata\u00e7\u00e3o tempor\u00e1ria com natureza emergencial para atender aos interesses da Administra\u00e7\u00e3o:<strong>01 (um) professor de Letras &#8211; L\u00edngua Portuguesa para ministrar 32 (trinta e duas) aulas semanais de L\u00edngua Portuguesa e disciplinas afins, no(s) turno(s) matutino e vespertino no\u00a0Centro de Ensino em Per\u00edodo Integral Martins Borges\u00a0(Lota\u00e7\u00e3o Principal) e\u00a0Col\u00e9gio Estadual da Pol\u00edcia Militar de Goi\u00e1s Professor Ivan Ferreira\u00a0(Lota\u00e7\u00e3o Secund\u00e1ria)<\/strong>,\u00a0visando afastar eventuais preju\u00edzos educacionais e\/ou pedag\u00f3gicos aos estudantes da Rede Estadual de Educa\u00e7\u00e3o de Goi\u00e1s.<\/p>\n<p class=\"Texto_Justificado\" style=\"text-align: justify\">A presente convoca\u00e7\u00e3o justifica-se por d\u00e9ficit causado por concess\u00e3o de aposentadoria a(o) professor(a) titular.<\/p>\n<p class=\"Texto_Justificado\" style=\"text-align: justify\">Os interessados devem encaminhar Curr\u00edculo ao e-mail oficial da Assessoria Financeira da Coordena\u00e7\u00e3o Regional de Educa\u00e7\u00e3o de Pires do Rio (afin.piresdorio@seduc.go.gov.br), contendo os contatos telef\u00f4nicos e endere\u00e7os de e-mail para correspond\u00eancias eletr\u00f4nicas, e ainda, que no campo Assunto do e-mail, seja informada a Unidade Escolar e a disciplina da vaga pleiteada.<\/p>\n<p class=\"Texto_Justificado_Esp15\" style=\"text-align: justify\">Oportunamente esclarece, que a Coordena\u00e7\u00e3o Regional de Educa\u00e7\u00e3o de Pires do Rio instituir\u00e1 comiss\u00e3o pr\u00f3pria para as an\u00e1lises curriculares, que ser\u00e1 composta por membros da CRE, objetivando assim, a ado\u00e7\u00e3o de medidas e provid\u00eancias pertinentes ao suprimento de todos os d\u00e9ficits de professores existentes na Rede Estadual de Educa\u00e7\u00e3o de Goi\u00e1s, que garantam os servi\u00e7os prestados \u00e0 comunidade goiana.<\/p>\n<p style=\"text-align: center\">SEDUC\/GO<\/p>\n<hr \/>\n<h3 style=\"text-align: center\">COMUNICADO<\/h3>\n<p style=\"text-align: center\"><strong>PARA CONTRATA\u00c7\u00c3O TEMPOR\u00c1RIA<\/strong><\/p>\n<pre style=\"text-align: center\">Publica\u00e7\u00e3o: 26\/09\/2024\nEncerramento: 30\/09\/2024 \u00e0s 18h<\/pre>\n<h4 class=\"entry-title\" style=\"text-align: center\"><span style=\"color: #ff0000\"><strong>ENCERRADO<\/strong><\/span><\/h4>\n<p class=\"Texto_Justificado\" style=\"text-align: justify\">O Governo do Estado de Goi\u00e1s, atrav\u00e9s da Secretaria de Estado da Educa\u00e7\u00e3o, diante da inexist\u00eancia de Processo Seletivo Simplificado vigente no \u00e2mbito desta Pasta e considerando a exist\u00eancia de d\u00e9ficits de professores nas unidades escolares pertencentes ao\u00a0<strong>munic\u00edpio de Orizona<\/strong>, jurisdicionado \u00e0 Coordena\u00e7\u00e3o Regional de Educa\u00e7\u00e3o (CRE) de Pires do Rio, informa que est\u00e1 recebendo curr\u00edculos para sele\u00e7\u00e3o e contrata\u00e7\u00e3o tempor\u00e1ria com natureza emergencial para atender aos interesses da Administra\u00e7\u00e3o de<strong>\u00a001 (um) professor de Geografia para exercer a fun\u00e7\u00e3o 527 &#8211; Coordenador de \u00c1rea &#8211; CEPI, 20 (vinte) horas e ministrar 16 aulas semanais de Geografia e disciplinas afins, no(s) turno(s) matutino e vespertino do CEPI MARIA BENEDITA VELOZO.<\/strong>\u00a0visando afastar eventuais preju\u00edzos educacionais e\/ou pedag\u00f3gicos aos estudantes da Rede Estadual de Educa\u00e7\u00e3o de Goi\u00e1s.<\/p>\n<p class=\"Texto_Justificado\" style=\"text-align: justify\">A presente convoca\u00e7\u00e3o justifica-se por d\u00e9ficit causado por concess\u00e3o de licen\u00e7a pr\u00eamio a(o) professor(a) titular, conforme disciplina o art. 208, da Lei n.\u00ba 13.909, de 25 de setembro de 2001.<\/p>\n<p class=\"Texto_Justificado\" style=\"text-align: justify\">Os interessados devem encaminhar Curr\u00edculo ao e-mail oficial da Assessoria Financeira da Coordena\u00e7\u00e3o Regional de Educa\u00e7\u00e3o de Pires do Rio (afin.piresdorio@seduc.go.gov.br), contendo os contatos telef\u00f4nicos e endere\u00e7os de e-mail para correspond\u00eancias eletr\u00f4nicas, e ainda, que no campo Assunto do e-mail, seja informada a Unidade Escolar e a disciplina da vaga pleiteada.<\/p>\n<p class=\"Texto_Justificado\" style=\"text-align: justify\">Oportunamente esclarece, que a Coordena\u00e7\u00e3o Regional de Educa\u00e7\u00e3o de Pires do Rio instituir\u00e1 comiss\u00e3o pr\u00f3pria para as an\u00e1lises curriculares, que ser\u00e1 composta por membros da CRE, objetivando assim, a ado\u00e7\u00e3o de medidas e provid\u00eancias pertinentes ao suprimento de todos os d\u00e9ficits de professores existentes na Rede Estadual de Educa\u00e7\u00e3o de Goi\u00e1s, que garantam os servi\u00e7os prestados \u00e0 comunidade goiana.<\/p>\n<p style=\"text-align: center\">SEDUC\/GO<\/p>\n<hr \/>\n<h3 style=\"text-align: center\">COMUNICADO<\/h3>\n<p style=\"text-align: center\"><strong>PARA CONTRATA\u00c7\u00c3O TEMPOR\u00c1RIA<\/strong><\/p>\n<pre style=\"text-align: center\">Publica\u00e7\u00e3o: 06\/09\/2024\nEncerramento: 09\/09\/2024 \u00e0s 18h<\/pre>\n<h4 class=\"entry-title\" style=\"text-align: center\"><span style=\"color: #ff0000\"><strong>ENCERRADO<\/strong><\/span><\/h4>\n<p class=\"Texto_Justificado\" style=\"text-align: justify\">O Governo do Estado de Goi\u00e1s, atrav\u00e9s da Secretaria de Estado da Educa\u00e7\u00e3o, diante da inexist\u00eancia de Processo Seletivo Simplificado vigente no \u00e2mbito desta Pasta e considerando a exist\u00eancia de d\u00e9ficits de professores nas unidades escolares pertencentes ao <strong>munic\u00edpio de Palmelo<\/strong>, jurisdicionado \u00e0 Coordena\u00e7\u00e3o Regional de Educa\u00e7\u00e3o (CRE) de Pires do Rio, informa que est\u00e1 recebendo curr\u00edculos, para sele\u00e7\u00e3o e contrata\u00e7\u00e3o tempor\u00e1ria com natureza emergencial para atender aos interesses da Administra\u00e7\u00e3o:\u00a0<strong>01 (um) professor para ministr<\/strong><strong>ar 32 (trinta e duas) aulas semanais de L\u00edngua Portuguesa e disciplinas afins, no(s) turno(s) matutino e noturno no Col\u00e9gio Estadual Eur\u00edpedes Barsanulfo<\/strong>, visando afastar eventuais preju\u00edzos educacionais e\/ou pedag\u00f3gicos aos estudantes da Rede Estadual de Educa\u00e7\u00e3o de Goi\u00e1s.<\/p>\n<p class=\"Texto_Justificado\" style=\"text-align: justify\">A presente convoca\u00e7\u00e3o justifica-se por d\u00e9ficit causado por concess\u00e3o de Reabilita\u00e7\u00e3o Profissional de professor(a) titular.<\/p>\n<p class=\"Texto_Justificado\" style=\"text-align: justify\">Os interessados devem encaminhar Curr\u00edculo ao e-mail oficial da Assessoria Financeira da Coordena\u00e7\u00e3o Regional de Educa\u00e7\u00e3o de Pires do Rio (afin.piresdorio@seduc.go.gov.br), contendo os contatos telef\u00f4nicos e endere\u00e7os de e-mail para correspond\u00eancias eletr\u00f4nicas, e ainda, que no campo Assunto do e-mail, seja informada a Unidade Escolar e a disciplina da vaga pleiteada.<\/p>\n<p class=\"Texto_Justificado\" style=\"text-align: justify\">Oportunamente esclarece, que a Coordena\u00e7\u00e3o Regional de Educa\u00e7\u00e3o de Pires do Rio instituir\u00e1 comiss\u00e3o pr\u00f3pria para as an\u00e1lises curriculares, que ser\u00e1 composta por membros da CRE, objetivando assim, a ado\u00e7\u00e3o de medidas e provid\u00eancias pertinentes ao suprimento de todos os d\u00e9ficits de professores existentes na Rede Estadual de Educa\u00e7\u00e3o de Goi\u00e1s, que garantam os servi\u00e7os prestados \u00e0 comunidade goiana.<\/p>\n<p style=\"text-align: center\">SEDUC\/GO<\/p>\n<hr \/>\n<h3 style=\"text-align: center\">COMUNICADO<\/h3>\n<p style=\"text-align: center\"><strong>PARA CONTRATA\u00c7\u00c3O TEMPOR\u00c1RIA<\/strong><\/p>\n<pre style=\"text-align: center\">Publica\u00e7\u00e3o: 04\/09\/2024\nEncerramento: 06\/09\/2024 \u00e0s 18h<\/pre>\n<h4 class=\"entry-title\" style=\"text-align: center\"><span style=\"color: #ff0000\"><strong>ENCERRADO<\/strong><\/span><\/h4>\n<p class=\"Texto_Justificado\" style=\"text-align: justify\">O Governo do Estado de Goi\u00e1s, atrav\u00e9s da Secretaria de Estado da Educa\u00e7\u00e3o, diante da inexist\u00eancia de Processo Seletivo Simplificado vigente no \u00e2mbito desta Pasta e considerando a exist\u00eancia de d\u00e9ficits de professores nas unidades escolares pertencentes ao <strong>munic\u00edpio de Santa Cruz de Goi\u00e1s<\/strong>, jurisdicionado \u00e0 Coordena\u00e7\u00e3o Regional de Educa\u00e7\u00e3o (CRE) de Pires do Rio, informa que est\u00e1 recebendo curr\u00edculos, para sele\u00e7\u00e3o e contrata\u00e7\u00e3o tempor\u00e1ria com natureza emergencial para atender aos interesses da Administra\u00e7\u00e3o:\u00a0<strong>01 (um) professor para ministrar<\/strong><strong> 32 (trinta e duas) aulas semanais de Hist\u00f3ria e disciplinas afins, no(s) turno(s) matutino e vespertino no Col\u00e9gio Estadual Senador Ant\u00f4nio de Ramos Caiado<\/strong>, visando afastar eventuais preju\u00edzos educacionais e\/ou pedag\u00f3gicos aos estudantes da Rede Estadual de Educa\u00e7\u00e3o de Goi\u00e1s.<\/p>\n<p class=\"Texto_Justificado\" style=\"text-align: justify\">A presente convoca\u00e7\u00e3o justifica-se por d\u00e9ficit causado por concess\u00e3o de licen\u00e7a m\u00e9dica para tratamento de sa\u00fade a(o) professor(a) titular.<\/p>\n<p class=\"Texto_Justificado\" style=\"text-align: justify\">Os interessados devem encaminhar Curr\u00edculo ao e-mail oficial da Assessoria Financeira da Coordena\u00e7\u00e3o Regional de Educa\u00e7\u00e3o de Pires do Rio(afin.piresdorio@seduc.go.gov.br), contendo os contatos telef\u00f4nicos e endere\u00e7os de e-mail para correspond\u00eancias eletr\u00f4nicas, e ainda, que no campo Assunto do e-mail, seja informada a Unidade Escolar e a disciplina da vaga pleiteada.<\/p>\n<p class=\"Texto_Justificado\" style=\"text-align: justify\">Oportunamente esclarece, que a Coordena\u00e7\u00e3o Regional de Educa\u00e7\u00e3o de Pires do Rio instituir\u00e1 comiss\u00e3o pr\u00f3pria para as an\u00e1lises curriculares, que ser\u00e1 composta por membros da CRE, objetivando assim, a ado\u00e7\u00e3o de medidas e provid\u00eancias pertinentes ao suprimento de todos os d\u00e9ficits de professores existentes na Rede Estadual de Educa\u00e7\u00e3o de Goi\u00e1s, que garantam os servi\u00e7os prestados \u00e0 comunidade goiana.<\/p>\n<p style=\"text-align: center\">SEDUC\/GO<\/p>\n<hr \/>\n<h3 style=\"text-align: center\">COMUNICADO<\/h3>\n<p style=\"text-align: center\"><strong>PARA CONTRATA\u00c7\u00c3O TEMPOR\u00c1RIA<\/strong><\/p>\n<pre style=\"text-align: center\">Publica\u00e7\u00e3o: 03\/09\/2024\nEncerramento: 05\/09\/2024 \u00e0s 18h<\/pre>\n<h4 style=\"text-align: center\"><strong><span style=\"color: #ff0000\">ENCERRADO<\/span><\/strong><\/h4>\n<p class=\"Texto_Justificado\" style=\"text-align: justify\">O Governo do Estado de Goi\u00e1s, atrav\u00e9s da Secretaria de Estado da Educa\u00e7\u00e3o, diante da inexist\u00eancia de Processo Seletivo Simplificado vigente no \u00e2mbito desta Pasta e considerando a exist\u00eancia de d\u00e9ficits de professores nas unidades escolares pertencentes ao munic\u00edpio de Pires do Rio, jurisdicionado \u00e0 Coordena\u00e7\u00e3o Regional de Educa\u00e7\u00e3o (CRE) de Pires do Rio, informa que est\u00e1 recebendo curr\u00edculos, para sele\u00e7\u00e3o e contrata\u00e7\u00e3o tempor\u00e1ria com natureza emergencial para atender aos interesses da Administra\u00e7\u00e3o:\u00a0<strong>01 (um) professor para ministrar 32 (trinta e duas) aulas semanais de Ci\u00eancias da Natureza e disciplinas afins, no(s) turno(s) matutino e vespertino no Col\u00e9gio\u00a0Estadual Rodrigo Rodrigues da Cunh<\/strong>a,\u00a0durante o vigor de licen\u00e7a concedida ao titular, visando afastar eventuais preju\u00edzos educacionais e\/ou pedag\u00f3gicos aos estudantes da Rede Estadual de Educa\u00e7\u00e3o de Goi\u00e1s.<\/p>\n<p class=\"Texto_Justificado\" style=\"text-align: justify\">A presente convoca\u00e7\u00e3o justifica-se por d\u00e9ficit causado por concess\u00e3o de licen\u00e7a m\u00e9dica para tratamento de sa\u00fade a(o) professor(a) titular.<\/p>\n<p class=\"Texto_Justificado\" style=\"text-align: justify\">Os interessados devem encaminhar Curr\u00edculo ao e-mail oficial da Assessoria Financeira da Coordena\u00e7\u00e3o Regional de Educa\u00e7\u00e3o de Pires do Rio (afin.piresdorio@seduc.go.gov.br), contendo os contatos telef\u00f4nicos e endere\u00e7os de e-mail para correspond\u00eancias eletr\u00f4nicas, e ainda, que no campo Assunto do e-mail, seja informada a Unidade Escolar e a disciplina da vaga pleiteada.<\/p>\n<p class=\"Texto_Justificado\" style=\"text-align: justify\">Oportunamente esclarece, que a Coordena\u00e7\u00e3o Regional de Educa\u00e7\u00e3o de Pires do Rio instituir\u00e1 comiss\u00e3o pr\u00f3pria para as an\u00e1lises curriculares, que ser\u00e1 composta por membros da CRE, objetivando assim, a ado\u00e7\u00e3o de medidas e provid\u00eancias pertinentes ao suprimento de todos os d\u00e9ficits de professores existentes na Rede Estadual de Educa\u00e7\u00e3o de Goi\u00e1s, que garantam os servi\u00e7os prestados \u00e0 comunidade goiana.<\/p>\n<p style=\"text-align: center\">SEDUC\/GO<\/p>\n<hr \/>\n<h3 style=\"text-align: center\">COMUNICADO<\/h3>\n<p style=\"text-align: center\"><strong>PARA CONTRATA\u00c7\u00c3O TEMPOR\u00c1RIA<\/strong><\/p>\n<pre style=\"text-align: center\">Publica\u00e7\u00e3o: 02\/09\/2024\nEncerramento: 04\/09\/2024 \u00e0s 18h<\/pre>\n<h4 style=\"text-align: center\"><strong><span style=\"color: #ff0000\">ENCERRADO<\/span><\/strong><\/h4>\n<p class=\"Texto_Justificado\" style=\"text-align: justify\">O Governo do Estado de Goi\u00e1s, atrav\u00e9s da Secretaria de Estado da Educa\u00e7\u00e3o, diante da inexist\u00eancia de Processo Seletivo Simplificado vigente no \u00e2mbito desta Pasta e considerando a exist\u00eancia de d\u00e9ficits de professores nas unidades escolares pertencentes ao <strong>munic\u00edpio de Orizona<\/strong>, jurisdicionado \u00e0 Coordena\u00e7\u00e3o Regional de Educa\u00e7\u00e3o (CRE) de Pires do Rio, informa que est\u00e1 recebendo curr\u00edculos, para sele\u00e7\u00e3o e contrata\u00e7\u00e3o tempor\u00e1ria com natureza emergencial para atender aos interesses da Administra\u00e7\u00e3o:\u00a0<strong>01 (um) professor para ministrar 32 (trinta e duas) aulas semanais de Ci\u00eancias Humanas e suas Tecnologias e disciplinas afins, <\/strong><strong>no(s) turno(s) matutino e vespertino na ESCOLA FAM AGR\u00cdCOLA DE ORIZONA<\/strong><strong>,<\/strong> visando afastar eventuais preju\u00edzos educacionais e\/ou pedag\u00f3gicos aos estudantes da Rede Estadual de Educa\u00e7\u00e3o de Goi\u00e1s.<\/p>\n<p class=\"Texto_Justificado\" style=\"text-align: justify\">A presente convoca\u00e7\u00e3o justifica-se por d\u00e9ficit causado por concess\u00e3o de licen\u00e7a m\u00e9dica para tratamento de sa\u00fade a(o) professor(a) titular.<\/p>\n<p class=\"Texto_Justificado\" style=\"text-align: justify\">Os interessados devem encaminhar Curr\u00edculo ao e-mail oficial da Assessoria Financeira da Coordena\u00e7\u00e3o Regional de Educa\u00e7\u00e3o de Pires do Rio (afin.piresdorio@seduc.go.gov.br), contendo os contatos telef\u00f4nicos e endere\u00e7os de e-mail para correspond\u00eancias eletr\u00f4nicas, e ainda, que no campo Assunto do e-mail, seja informada a Unidade Escolar e a disciplina da vaga pleiteada.<\/p>\n<p class=\"Texto_Justificado\" style=\"text-align: justify\">Oportunamente esclarece, que a Coordena\u00e7\u00e3o Regional de Educa\u00e7\u00e3o de Pires do Rio instituir\u00e1 comiss\u00e3o pr\u00f3pria para as an\u00e1lises curriculares, que ser\u00e1 composta por membros da CRE, objetivando assim, a ado\u00e7\u00e3o de medidas e provid\u00eancias pertinentes ao suprimento de todos os d\u00e9ficits de professores existentes na Rede Estadual de Educa\u00e7\u00e3o de Goi\u00e1s, que garantam os servi\u00e7os prestados \u00e0 comunidade goiana.<\/p>\n<p style=\"text-align: center\">SEDUC\/GO<\/p>\n<hr \/>\n<h3 style=\"text-align: center\">COMUNICADO<\/h3>\n<p style=\"text-align: center\"><strong>PARA CONTRATA\u00c7\u00c3O TEMPOR\u00c1RIA<\/strong><\/p>\n<pre style=\"text-align: center\">Publica\u00e7\u00e3o: 22\/08\/2024\nEncerramento: 26\/08\/2024 \u00e0s 18h<\/pre>\n<h4 style=\"text-align: center\"><strong><span style=\"color: #ff0000\">ENCERRADO<\/span><\/strong><\/h4>\n<p class=\"Texto_Justificado\" style=\"text-align: justify\">O Governo do Estado de Goi\u00e1s, atrav\u00e9s da Secretaria de Estado da Educa\u00e7\u00e3o, diante da inexist\u00eancia de Processo Seletivo Simplificado vigente no \u00e2mbito desta Pasta e considerando a exist\u00eancia de d\u00e9ficits de professores nas unidades escolares pertencentes ao munic\u00edpio de\u00a0Pires do Rio, jurisdicionado \u00e0 Coordena\u00e7\u00e3o Regional de Educa\u00e7\u00e3o (CRE) de\u00a0Pires do Rio, informa que est\u00e1 recebendo curr\u00edculos, para sele\u00e7\u00e3o e contrata\u00e7\u00e3o tempor\u00e1ria com natureza emergencial para atender aos interesses da Administra\u00e7\u00e3o:\u00a0<strong>01 (um) professor para ministra<\/strong><strong>r 32 (trinta e duas) aulas semanais de Geografia e disciplinas afins, no(s) turno(s) matutino e vespertino no Col\u00e9gio Estadual Doutor Francisco Accioli (Lota\u00e7\u00e3o Secund\u00e1ria) e no Col\u00e9gio Estadual da Pol\u00edcia Militar de Goi\u00e1s Professor Ivan Ferreira (Lota\u00e7\u00e3o Principal)<\/strong>,\u00a0 at\u00e9 dia 07\/10\/2024, visando afastar eventuais preju\u00edzos educacionais e\/ou pedag\u00f3gicos aos estudantes da Rede Estadual de Educa\u00e7\u00e3o de Goi\u00e1s.<\/p>\n<p class=\"Texto_Justificado\" style=\"text-align: justify\">A presente convoca\u00e7\u00e3o justifica-se por d\u00e9ficit causado por concess\u00e3o de licen\u00e7a m\u00e9dica para tratamento de sa\u00fade a(o) professor(a) titular.<\/p>\n<p class=\"Texto_Justificado\" style=\"text-align: justify\">Os interessados devem encaminhar Curr\u00edculo ao e-mail oficial da Assessoria Financeira da Coordena\u00e7\u00e3o Regional de Educa\u00e7\u00e3o de\u00a0Pires do Rio\u00a0(afin.piresdorio@seduc.go.gov.br), contendo os contatos telef\u00f4nicos e endere\u00e7os de e-mail para correspond\u00eancias eletr\u00f4nicas, e ainda, que no campo Assunto do e-mail, seja informada a Unidade Escolar e a disciplina da vaga pleiteada.<\/p>\n<p class=\"Texto_Justificado\" style=\"text-align: justify\">Oportunamente esclarece, que a Coordena\u00e7\u00e3o Regional de Educa\u00e7\u00e3o de\u00a0Pires do Rio\u00a0instituir\u00e1 comiss\u00e3o pr\u00f3pria para as an\u00e1lises curriculares, que ser\u00e1 composta por membros da CRE, objetivando assim, a ado\u00e7\u00e3o de medidas e provid\u00eancias pertinentes ao suprimento de todos os d\u00e9ficits de professores existentes na Rede Estadual de Educa\u00e7\u00e3o de Goi\u00e1s, que garantam os servi\u00e7os prestados \u00e0 comunidade goiana.<\/p>\n<p style=\"text-align: center\">SEDUC\/GO<\/p>\n<hr \/>\n<h3 style=\"text-align: center\">COMUNICADO<\/h3>\n<p style=\"text-align: center\"><strong>PARA CONTRATA\u00c7\u00c3O TEMPOR\u00c1RIA<\/strong><\/p>\n<pre style=\"text-align: center\">Publica\u00e7\u00e3o: 07\/08\/2024\nEncerramento: 09\/08\/2024 \u00e0s 18h\n<\/pre>\n<h4 style=\"text-align: center\"><strong><span style=\"color: #ff0000\">ENCERRADO<\/span><\/strong><\/h4>\n<p class=\"Texto_Justificado_Recuo_Primeira_Linha\" style=\"text-align: justify\">O Governo do Estado de Goi\u00e1s, atrav\u00e9s da Secretaria de Estado da Educa\u00e7\u00e3o, diante da inexist\u00eancia de Processo Seletivo Simplificado vigente no \u00e2mbito desta Pasta e considerando a exist\u00eancia de d\u00e9ficits de professores nas unidades escolares pertencentes ao munic\u00edpio de Pires do Rio, jurisdicionado \u00e0 Coordena\u00e7\u00e3o Regional de Educa\u00e7\u00e3o (CRE) de Pires do Rio, informa que est\u00e1 recebendo curr\u00edculos, para sele\u00e7\u00e3o e contrata\u00e7\u00e3o tempor\u00e1ria com natureza emergencial para atender aos interesses da Administra\u00e7\u00e3o:\u00a0<strong>01 (um) professor de Geografia e disciplinas afins para ministrar 16 (dezesseis ) aulas semanais no(s) turno(s) matutino no Col\u00e9gio COL\u00c9GIO ESTADUAL DA POL\u00cdCIA MILITAR DE GOI\u00c1S PROFESSOR IVAN FERREIRA<\/strong><strong>,<\/strong>\u00a0no\u00a0per\u00edodo de\u00a001\/08\/2024 a 27\/09\/2024, visando afastar eventuais preju\u00edzos educacionais e\/ou pedag\u00f3gicos aos estudantes da Rede Estadual de Educa\u00e7\u00e3o de Goi\u00e1s.<\/p>\n<p class=\"Texto_Justificado\" style=\"text-align: justify\">A presente convoca\u00e7\u00e3o justifica-se por d\u00e9ficit causado por concess\u00e3o de licen\u00e7a m\u00e9dica para tratamento de sa\u00fade a(o) professor(a) titular.<\/p>\n<p class=\"Texto_Justificado\" style=\"text-align: justify\">Os interessados devem encaminhar Curr\u00edculo ao e-mail oficial da Assessoria Financeira da Coordena\u00e7\u00e3o Regional de Educa\u00e7\u00e3o de Pires do Rio (afin.piresdorio@seduc.go.gov.br), contendo os contatos telef\u00f4nicos e endere\u00e7os de e-mail para correspond\u00eancias eletr\u00f4nicas, e ainda, que no campo Assunto do e-mail, seja informada a Unidade Escolar e a disciplina da vaga pleiteada.<\/p>\n<p class=\"Texto_Justificado\" style=\"text-align: justify\">Oportunamente esclarece, que a Coordena\u00e7\u00e3o Regional de Educa\u00e7\u00e3o de Pires do Rio instituir\u00e1 comiss\u00e3o pr\u00f3pria para as an\u00e1lises curriculares, que ser\u00e1 composta por membros da CRE, objetivando assim, a ado\u00e7\u00e3o de medidas e provid\u00eancias pertinentes ao suprimento de todos os d\u00e9ficits de professores existentes na Rede Estadual de Educa\u00e7\u00e3o de Goi\u00e1s, que garantam os servi\u00e7os prestados \u00e0 comunidade goiana.<\/p>\n<p style=\"text-align: center\">SEDUC\/GO<\/p>\n<hr \/>\n<h3 style=\"text-align: center\">COMUNICADO<\/h3>\n<p style=\"text-align: center\"><strong>PARA CONTRATA\u00c7\u00c3O TEMPOR\u00c1RIA<\/strong><\/p>\n<pre style=\"text-align: center\">Publica\u00e7\u00e3o: 07\/08\/2024\nEncerramento: 09\/08\/2024 \u00e0s 18h\n<\/pre>\n<h4 style=\"text-align: center\"><strong><span style=\"color: #ff0000\">ENCERRADO<\/span><\/strong><\/h4>\n<p class=\"Texto_Justificado\" style=\"text-align: justify\">O Governo do Estado de Goi\u00e1s, atrav\u00e9s da Secretaria de Estado da Educa\u00e7\u00e3o, diante da inexist\u00eancia de Processo Seletivo Simplificado vigente no \u00e2mbito desta Pasta e considerando a exist\u00eancia de d\u00e9ficits de professores nas unidades escolares pertencentes ao munic\u00edpio de Santa Cruz de Goi\u00e1s, jurisdicionado \u00e0 Coordena\u00e7\u00e3o Regional de Educa\u00e7\u00e3o (CRE) de Pires do Rio, informa que est\u00e1 recebendo curr\u00edculos, para sele\u00e7\u00e3o e contrata\u00e7\u00e3o tempor\u00e1ria com natureza emergencial para atender aos interesses da Administra\u00e7\u00e3o:\u00a0<strong>01 (um) professor de Letras &#8211; Portugu\u00eas e Ingl\u00eas, para ministrar 16 (dezesseis) aulas no(s) turno(s) matutino e vespertino no COL\u00c9GIO ESTADUAL SENADOR ANT\u00d4NIO DE RAMOS CAIADO<\/strong>,\u00a0a partir de 10\/08\/2024, visando afastar eventuais preju\u00edzos educacionais e\/ou pedag\u00f3gicos aos estudantes da Rede Estadual de Educa\u00e7\u00e3o de Goi\u00e1s.<\/p>\n<p class=\"Texto_Justificado\" style=\"text-align: justify\">A presente convoca\u00e7\u00e3o justifica-se por d\u00e9ficit causado por rescis\u00e3o a pedido\u00a0 da(o) professor(a) titular.<\/p>\n<p class=\"Texto_Justificado\" style=\"text-align: justify\">Os interessados devem encaminhar Curr\u00edculo ao e-mail oficial da Assessoria Financeira da Coordena\u00e7\u00e3o Regional de Pires do Rio\u00a0(afin.piresdorio@seduc.go.gov.br), contendo os contatos telef\u00f4nicos e endere\u00e7os de e-mail para correspond\u00eancias eletr\u00f4nicas, e ainda, que no campo Assunto do e-mail, seja informada a Unidade Escolar e a disciplina da vaga pleiteada.<\/p>\n<p class=\"Texto_Justificado_Esp15\" style=\"text-align: justify\">Oportunamente esclarece, que a Coordena\u00e7\u00e3o Regional de Educa\u00e7\u00e3o de\u00a0Pires do Rio\u00a0instituir\u00e1 comiss\u00e3o pr\u00f3pria para as an\u00e1lises curriculares, que ser\u00e1 composta por membros da CRE, objetivando assim, a ado\u00e7\u00e3o de medidas e provid\u00eancias pertinentes ao suprimento de todos os d\u00e9ficits de professores existentes na Rede Estadual de Educa\u00e7\u00e3o de Goi\u00e1s, que garantam os servi\u00e7os prestados \u00e0 comunidade goiana.<\/p>\n<p style=\"text-align: center\">SEDUC\/GO<\/p>\n<hr \/>\n<h3 style=\"text-align: center\">COMUNICADO<\/h3>\n<p style=\"text-align: center\"><strong>PARA CONTRATA\u00c7\u00c3O TEMPOR\u00c1RIA<\/strong><\/p>\n<pre style=\"text-align: center\">Publica\u00e7\u00e3o: 05\/08\/2024\nEncerramento: 07\/08\/2024 \u00e0s 18h\n<\/pre>\n<h4 style=\"text-align: center\"><strong><span style=\"color: #ff0000\">ENCERRADO<\/span><\/strong><\/h4>\n<p class=\"Texto_Justificado\" style=\"text-align: justify\">O Governo do Estado de Goi\u00e1s, atrav\u00e9s da Secretaria de Estado da Educa\u00e7\u00e3o, diante da inexist\u00eancia de Processo Seletivo Simplificado vigente no \u00e2mbito desta Pasta e considerando a exist\u00eancia de d\u00e9ficits de professores nas unidades escolares pertencentes ao <strong>munic\u00edpio d<\/strong><strong>e\u00a0Pires do Rio<\/strong>, jurisdicionado \u00e0 Coordena\u00e7\u00e3o Regional de Educa\u00e7\u00e3o (CRE) de\u00a0Pires do Rio, informa que est\u00e1 recebendo curr\u00edculos, para sele\u00e7\u00e3o e contrata\u00e7\u00e3o tempor\u00e1ria com natureza emergencial para atender aos interesses da Administra\u00e7\u00e3o:\u00a0<strong>01 (um)<\/strong><strong> professor de Ci\u00eancias Biol\u00f3gicas, para exercer a fun\u00e7\u00e3o 527 &#8211; Coordena\u00e7\u00e3o de \u00c1rea, 20 (vinte) horas e ministrar 16 (dezesseis) aulas de Biologia e disciplinas afins, no(s) turno(s) matutino e vespertino no Centro de Ensino em Per\u00edodo Integral Martins Borges, a partir de 08\/08\/2024<\/strong>, visando afastar eventuais preju\u00edzos educacionais e\/ou pedag\u00f3gicos aos estudantes da Rede Estadual de Educa\u00e7\u00e3o de Goi\u00e1s.<\/p>\n<p class=\"Texto_Justificado\" style=\"text-align: justify\">A presente convoca\u00e7\u00e3o justifica-se por d\u00e9ficit causado por remo\u00e7\u00e3o a pedido\u00a0 da(o) professor(a) titular.<\/p>\n<p class=\"Texto_Justificado\" style=\"text-align: justify\">Os interessados devem encaminhar Curr\u00edculo ao e-mail oficial da Assessoria Financeira da Coordena\u00e7\u00e3o Regional de Pires do Rio\u00a0(afin.piresdorio@seduc.go.gov.br), contendo os contatos telef\u00f4nicos e endere\u00e7os de e-mail para correspond\u00eancias eletr\u00f4nicas, e ainda, que no campo Assunto do e-mail, seja informada a Unidade Escolar e a disciplina da vaga pleiteada.<\/p>\n<p class=\"Texto_Justificado_Esp15\" style=\"text-align: justify\">Oportunamente esclarece, que a Coordena\u00e7\u00e3o Regional de Educa\u00e7\u00e3o de\u00a0Pires do Rio\u00a0instituir\u00e1 comiss\u00e3o pr\u00f3pria para as an\u00e1lises curriculares, que ser\u00e1 composta por membros da CRE, objetivando assim, a ado\u00e7\u00e3o de medidas e provid\u00eancias pertinentes ao suprimento de todos os d\u00e9ficits de professores existentes na Rede Estadual de Educa\u00e7\u00e3o de Goi\u00e1s, que garantam os servi\u00e7os prestados \u00e0 comunidade goiana.<\/p>\n<p style=\"text-align: center\">SEDUC\/GO<\/p>\n<hr \/>\n<h3 style=\"text-align: center\">COMUNICADO<\/h3>\n<p style=\"text-align: center\"><strong>PARA CONTRATA\u00c7\u00c3O TEMPOR\u00c1RIA<\/strong><\/p>\n<pre style=\"text-align: center\">Publica\u00e7\u00e3o: 05\/08\/2024\nEncerramento: 07\/08\/2024 \u00e0s 18h\n<\/pre>\n<h4 style=\"text-align: center\"><strong><span style=\"color: #ff0000\">ENCERRADO<\/span><\/strong><\/h4>\n<p class=\"Texto_Justificado\" style=\"text-align: justify\">O Governo do Estado de Goi\u00e1s, atrav\u00e9s da Secretaria de Estado da Educa\u00e7\u00e3o, diante da inexist\u00eancia de Processo Seletivo Simplificado vigente no \u00e2mbito desta Pasta e considerando a exist\u00eancia de d\u00e9ficits de professores nas unidades escolares pertencentes ao <strong>munic\u00edpio de\u00a0<\/strong><strong>Orizona &#8211; Zona Rural<\/strong>, jurisdicionado \u00e0 Coordena\u00e7\u00e3o Regional de Educa\u00e7\u00e3o (CRE) de Pires do Rio, informa que est\u00e1 recebendo curr\u00edculos, para sele\u00e7\u00e3o e contrata\u00e7\u00e3o tempor\u00e1ria com natureza emergencial para atender aos interesses da Administra\u00e7\u00e3o:\u00a0<strong>01 (um) pedagogo para exercer a fun\u00e7\u00e3o 631 &#8211; Professor de Media\u00e7\u00e3o Tecnol\u00f3gica, 30 (trinta) horas no(s) turno(s) vespertino no N\u00daCLEO ESTADUAL DE EDUCA\u00c7\u00c3O DO CAMPO JO\u00c3O GON\u00c7ALVES RIBEIRO, a partir de 08\/08\/2024<\/strong>, visando afastar eventuais preju\u00edzos educacionais e\/ou pedag\u00f3gicos aos estudantes da Rede Estadual de Educa\u00e7\u00e3o de Goi\u00e1s.<\/p>\n<p class=\"Texto_Justificado\" style=\"text-align: justify\">A presente convoca\u00e7\u00e3o justifica-se por d\u00e9ficit causado por rescis\u00e3o a pedido\u00a0 da(o) professor(a) titular.<\/p>\n<p class=\"Texto_Justificado\" style=\"text-align: justify\">Os interessados devem encaminhar Curr\u00edculo ao e-mail oficial da Assessoria Financeira da Coordena\u00e7\u00e3o Regional de Pires do Rio\u00a0(afin.piresdorio@seduc.go.gov.br), contendo os contatos telef\u00f4nicos e endere\u00e7os de e-mail para correspond\u00eancias eletr\u00f4nicas, e ainda, que no campo Assunto do e-mail, seja informada a Unidade Escolar e a disciplina da vaga pleiteada.<\/p>\n<p class=\"Texto_Justificado_Esp15\" style=\"text-align: justify\">Oportunamente esclarece, que a Coordena\u00e7\u00e3o Regional de Educa\u00e7\u00e3o de\u00a0Pires do Rio\u00a0instituir\u00e1 comiss\u00e3o pr\u00f3pria para as an\u00e1lises curriculares, que ser\u00e1 composta por membros da CRE, objetivando assim, a ado\u00e7\u00e3o de medidas e provid\u00eancias pertinentes ao suprimento de todos os d\u00e9ficits de professores existentes na Rede Estadual de Educa\u00e7\u00e3o de Goi\u00e1s, que garantam os servi\u00e7os prestados \u00e0 comunidade goiana.<\/p>\n<p style=\"text-align: center\">SEDUC\/GO<\/p>\n<hr \/>\n<h3 style=\"text-align: center\">COMUNICADO<\/h3>\n<p style=\"text-align: center\"><strong>PARA CONTRATA\u00c7\u00c3O TEMPOR\u00c1RIA<\/strong><\/p>\n<pre style=\"text-align: center\">Publica\u00e7\u00e3o: 01\/08\/2024\nEncerramento: 03\/08\/2024 \u00e0s 18h<\/pre>\n<h4 style=\"text-align: center\"><strong><span style=\"color: #ff0000\">ENCERRADO<\/span><\/strong><\/h4>\n<p class=\"Texto_Justificado\" style=\"text-align: justify\">O Governo do Estado de Goi\u00e1s, atrav\u00e9s da Secretaria de Estado da Educa\u00e7\u00e3o, diante da inexist\u00eancia de Processo Seletivo Simplificado vigente no \u00e2mbito desta Pasta e considerando a exist\u00eancia de d\u00e9ficits de professores nas unidades escolares pertencentes ao munic\u00edpio de Pires do Rio, jurisdicionado \u00e0 Coordena\u00e7\u00e3o Regional de Educa\u00e7\u00e3o (CRE) de Pires do Rio, informa que est\u00e1 recebendo curr\u00edculos, para sele\u00e7\u00e3o e contrata\u00e7\u00e3o tempor\u00e1ria com natureza emergencial para atender aos interesses da Administra\u00e7\u00e3o:\u00a0<strong>01 (um) professor para ministrar 24 (vinte e quatro) aulas semanais de QU\u00cdMICA e disciplinas afins, no(s) turno(s) matutino e vespertino no\u00a0COL\u00c9GIO ESTADUAL DR. FRANCISCO ACCIOLI,<\/strong>\u00a0no\u00a0per\u00edodo de 05\/08\/2024 a 13\/12\/2024, visando afastar eventuais preju\u00edzos educacionais e\/ou pedag\u00f3gicos aos estudantes da Rede Estadual de Educa\u00e7\u00e3o de Goi\u00e1s.<\/p>\n<p class=\"Texto_Justificado\" style=\"text-align: justify\">A presente convoca\u00e7\u00e3o justifica-se por d\u00e9ficit causado por concess\u00e3o de licen\u00e7a maternidade concedida a(o) professor(a) titular.<\/p>\n<p class=\"Texto_Justificado\" style=\"text-align: justify\">Os interessados devem encaminhar Curr\u00edculo ao e-mail oficial da Assessoria Financeira da Coordena\u00e7\u00e3o Regional de Educa\u00e7\u00e3o de Pires do Rio (afin.piresdorio@seduc.go.gov.br), contendo os contatos telef\u00f4nicos e endere\u00e7os de e-mail para correspond\u00eancias eletr\u00f4nicas, e ainda, que no campo Assunto do e-mail, seja informada a Unidade Escolar e a disciplina da vaga pleiteada.<\/p>\n<p class=\"Texto_Justificado\" style=\"text-align: justify\">Oportunamente esclarece, que a Coordena\u00e7\u00e3o Regional de Educa\u00e7\u00e3o de Pires do Rio instituir\u00e1 comiss\u00e3o pr\u00f3pria para as an\u00e1lises curriculares, que ser\u00e1 composta por membros da CRE, objetivando assim, a ado\u00e7\u00e3o de medidas e provid\u00eancias pertinentes ao suprimento de todos os d\u00e9ficits de professores existentes na Rede Estadual de Educa\u00e7\u00e3o de Goi\u00e1s, que garantam os servi\u00e7os prestados \u00e0 comunidade goiana.<\/p>\n<p style=\"text-align: center\">SEDUC\/GO<\/p>\n<hr \/>\n<h3 style=\"text-align: center\">COMUNICADO<\/h3>\n<p style=\"text-align: center\"><strong>PARA CONTRATA\u00c7\u00c3O TEMPOR\u00c1RIA<\/strong><\/p>\n<pre style=\"text-align: center\">Publica\u00e7\u00e3o: 31\/07\/2024\nEncerramento: 02\/08\/2024 \u00e0s 18h<\/pre>\n<h4 style=\"text-align: center\"><strong><span style=\"color: #ff0000\">ENCERRADO<\/span><\/strong><\/h4>\n<pre style=\"text-align: center\"><\/pre>\n<p class=\"Texto_Justificado\" style=\"text-align: justify\">O Governo do Estado de Goi\u00e1s, atrav\u00e9s da Secretaria de Estado da Educa\u00e7\u00e3o, diante da inexist\u00eancia de Processo Seletivo Simplificado vigente no \u00e2mbito desta Pasta e considerando a exist\u00eancia de d\u00e9ficits de professores nas unidades escolares pertencentes ao\u00a0<strong>munic\u00edpio de\u00a0Uruta\u00ed<\/strong>, jurisdicionado \u00e0 Coordena\u00e7\u00e3o Regional de Educa\u00e7\u00e3o (CRE) de\u00a0Pires do Rio, informa que est\u00e1 recebendo curr\u00edculos, para sele\u00e7\u00e3o e contrata\u00e7\u00e3o tempor\u00e1ria com natureza emergencial para atender aos interesses da Administra\u00e7\u00e3o:\u00a0<strong>01 (um) professor para ministra<\/strong><strong>r 22 (vinte e duas) aulas semanais de Matem\u00e1tica e disciplinas afins,de no(s) turno(s) matutino no COL\u00c9GIO ESTADUAL DOUTOR VASCO DOS REIS GON\u00c7ALVES, a partir de 01\/08\/2024,<\/strong>\u00a0visando afastar eventuais preju\u00edzos educacionais e\/ou pedag\u00f3gicos aos estudantes da Rede Estadual de Educa\u00e7\u00e3o de Goi\u00e1s.<\/p>\n<p class=\"Texto_Justificado\" style=\"text-align: justify\">A presente convoca\u00e7\u00e3o justifica-se por d\u00e9ficit causado por rescis\u00e3o a pedido\u00a0 da(o) professor(a) titular.<\/p>\n<p class=\"Texto_Justificado\" style=\"text-align: justify\">Os interessados devem encaminhar Curr\u00edculo ao e-mail oficial da Assessoria Financeira da Coordena\u00e7\u00e3o Regional de\u00a0Pires do Rio\u00a0(afin.piresdorio@seduc.go.gov.br), contendo os contatos telef\u00f4nicos e endere\u00e7os de e-mail para correspond\u00eancias eletr\u00f4nicas, e ainda, que no campo Assunto do e-mail, seja informada a Unidade Escolar e a disciplina da vaga pleiteada.<\/p>\n<p class=\"Texto_Justificado_Esp15\" style=\"text-align: justify\">Oportunamente esclarece, que a Coordena\u00e7\u00e3o Regional de Educa\u00e7\u00e3o de\u00a0Pires do Rio\u00a0instituir\u00e1 comiss\u00e3o pr\u00f3pria para as an\u00e1lises curriculares, que ser\u00e1 composta por membros da CRE, objetivando assim, a ado\u00e7\u00e3o de medidas e provid\u00eancias pertinentes ao suprimento de todos os d\u00e9ficits de professores existentes na Rede Estadual de Educa\u00e7\u00e3o de Goi\u00e1s, que garantam os servi\u00e7os prestados \u00e0 comunidade goiana.<\/p>\n<p style=\"text-align: center\">SEDUC\/GO<\/p>\n<hr \/>\n<h3 style=\"text-align: center\">COMUNICADO<\/h3>\n<p style=\"text-align: center\"><strong>PARA CONTRATA\u00c7\u00c3O TEMPOR\u00c1RIA<\/strong><\/p>\n<pre style=\"text-align: center\">Publica\u00e7\u00e3o: 31\/07\/2024\nEncerramento: 02\/08\/2024 \u00e0s 18h<\/pre>\n<h4 style=\"text-align: center\"><strong><span style=\"color: #ff0000\">ENCERRADO<\/span><\/strong><\/h4>\n<pre style=\"text-align: center\"><\/pre>\n<p class=\"Texto_Justificado\" style=\"text-align: justify\">O Governo do Estado de Goi\u00e1s, atrav\u00e9s da Secretaria de Estado da Educa\u00e7\u00e3o, diante da inexist\u00eancia de Processo Seletivo Simplificado vigente no \u00e2mbito desta Pasta e considerando a exist\u00eancia de d\u00e9ficits de professores nas unidades escolares pertencentes ao munic\u00edpio de Santa Cruz de Goi\u00e1s, jurisdicionado \u00e0 Coordena\u00e7\u00e3o Regional de Educa\u00e7\u00e3o (CRE) de Pires do Rio, informa que est\u00e1 recebendo curr\u00edculos, para sele\u00e7\u00e3o e contrata\u00e7\u00e3o tempor\u00e1ria com natureza emergencial para atender aos interesses da Administra\u00e7\u00e3o:\u00a0<strong>01 (um) professor para ministrar\u00a0<\/strong><strong>32 (trinta e duas) aulas semanais de EDUCA\u00c7\u00c3O F\u00cdSICA e disciplinas afins, no(s) turno(s) matutino e vespertino no Col\u00e9gio Estadual Senador Ant\u00f4nio de Ramos Caiado,\u00a0no\u00a0per\u00edodo de 01\/08\/2024 a 03\/09\/2024,<\/strong> visando afastar eventuais preju\u00edzos educacionais e\/ou pedag\u00f3gicos aos estudantes da Rede Estadual de Educa\u00e7\u00e3o de Goi\u00e1s.<\/p>\n<p class=\"Texto_Justificado\" style=\"text-align: justify\">A presente convoca\u00e7\u00e3o justifica-se por d\u00e9ficit causado por concess\u00e3o de licen\u00e7a m\u00e9dica para tratamento de sa\u00fade a(o) professor(a) titular.<\/p>\n<p class=\"Texto_Justificado\" style=\"text-align: justify\">Os interessados devem encaminhar Curr\u00edculo ao e-mail oficial da Assessoria Financeira da Coordena\u00e7\u00e3o Regional de Educa\u00e7\u00e3o de Pires do Rio (afin.piresdorio@seduc.go.gov.br), contendo os contatos telef\u00f4nicos e endere\u00e7os de e-mail para correspond\u00eancias eletr\u00f4nicas, e ainda, que no campo Assunto do e-mail, seja informada a Unidade Escolar e a disciplina da vaga pleiteada.<\/p>\n<p class=\"Texto_Justificado\" style=\"text-align: justify\">Oportunamente esclarece, que a Coordena\u00e7\u00e3o Regional de Educa\u00e7\u00e3o de Pires do Rio instituir\u00e1 comiss\u00e3o pr\u00f3pria para as an\u00e1lises curriculares, que ser\u00e1 composta por membros da CRE, objetivando assim, a ado\u00e7\u00e3o de medidas e provid\u00eancias pertinentes ao suprimento de todos os d\u00e9ficits de professores existentes na Rede Estadual de Educa\u00e7\u00e3o de Goi\u00e1s, que garantam os servi\u00e7os prestados \u00e0 comunidade goiana.<\/p>\n<p style=\"text-align: center\">SEDUC\/GO<\/p>\n<hr \/>\n<h3 style=\"text-align: center\">COMUNICADO<\/h3>\n<p style=\"text-align: center\"><strong>PARA CONTRATA\u00c7\u00c3O TEMPOR\u00c1RIA<\/strong><\/p>\n<pre style=\"text-align: center\">Publica\u00e7\u00e3o: 30\/07\/2024\nEncerramento: 01\/08\/2024 \u00e0s 18h\n<\/pre>\n<h4 style=\"text-align: center\"><strong><span style=\"color: #ff0000\">ENCERRADO<\/span><\/strong><\/h4>\n<p class=\"Texto_Justificado\" style=\"text-align: justify\">O Governo do Estado de Goi\u00e1s, atrav\u00e9s da Secretaria de Estado da Educa\u00e7\u00e3o, diante da inexist\u00eancia de Processo Seletivo Simplificado vigente no \u00e2mbito desta Pasta e considerando a exist\u00eancia de d\u00e9ficits de professores nas unidades escolares pertencentes ao <strong>munic\u00edpio de<\/strong><strong> Palmelo<\/strong>, jurisdicionado \u00e0 Coordena\u00e7\u00e3o Regional de Educa\u00e7\u00e3o (CRE) de\u00a0Pires do Rio, informa que est\u00e1 recebendo curr\u00edculos, para sele\u00e7\u00e3o e contrata\u00e7\u00e3o tempor\u00e1ria com natureza emergencial para atender aos interesses da Administra\u00e7\u00e3o:\u00a0<strong>01 (um) professor para ministrar <\/strong><strong>32 (trinta e duas) aulas<\/strong> <strong>semanais de PORTUGU\u00caS e disciplinas afins, no(s) turno(s) matutino e noturno no Col\u00e9gio Estadual Eur\u00edpedes Barsanulfo,\u00a0no\u00a0per\u00edodo de 01\/08\/2024 a 30\/08\/2024<\/strong>, visando afastar eventuais preju\u00edzos educacionais e\/ou pedag\u00f3gicos aos estudantes da Rede Estadual de Educa\u00e7\u00e3o de Goi\u00e1s.<\/p>\n<p class=\"Texto_Justificado\" style=\"text-align: justify\">A presente convoca\u00e7\u00e3o justifica-se por d\u00e9ficit causado por concess\u00e3o de licen\u00e7a m\u00e9dica para tratamento de sa\u00fade a(o) professor(a) titular.<\/p>\n<p class=\"Texto_Justificado\" style=\"text-align: justify\">Os interessados devem encaminhar Curr\u00edculo ao e-mail oficial da Assessoria Financeira da Coordena\u00e7\u00e3o Regional de Educa\u00e7\u00e3o de Pires do Rio (afin.piresdorio@seduc.go.gov.br), contendo os contatos telef\u00f4nicos e endere\u00e7os de e-mail para correspond\u00eancias eletr\u00f4nicas, e ainda, que no campo Assunto do e-mail, seja informada a Unidade Escolar e a disciplina da vaga pleiteada.<\/p>\n<p class=\"Texto_Justificado\" style=\"text-align: justify\">Oportunamente esclarece, que a Coordena\u00e7\u00e3o Regional de Educa\u00e7\u00e3o de Pires do Rio instituir\u00e1 comiss\u00e3o pr\u00f3pria para as an\u00e1lises curriculares, que ser\u00e1 composta por membros da CRE, objetivando assim, a ado\u00e7\u00e3o de medidas e provid\u00eancias pertinentes ao suprimento de todos os d\u00e9ficits de professores existentes na Rede Estadual de Educa\u00e7\u00e3o de Goi\u00e1s, que garantam os servi\u00e7os prestados \u00e0 comunidade goiana.<\/p>\n<p style=\"text-align: center\">SEDUC\/GO<\/p>\n<hr \/>\n<h3 style=\"text-align: center\">COMUNICADO<\/h3>\n<p style=\"text-align: center\"><strong>PARA CONTRATA\u00c7\u00c3O TEMPOR\u00c1RIA<\/strong><\/p>\n<pre style=\"text-align: center\">Publica\u00e7\u00e3o: 30\/07\/2024\nEncerramento: 01\/08\/2024 \u00e0s 18h\n<\/pre>\n<h4 style=\"text-align: center\"><strong><span style=\"color: #ff0000\">ENCERRADO<\/span><\/strong><\/h4>\n<p class=\"Texto_Justificado\" style=\"text-align: justify\">O Governo do Estado de Goi\u00e1s, atrav\u00e9s da Secretaria de Estado da Educa\u00e7\u00e3o, diante da inexist\u00eancia de Processo Seletivo Simplificado vigente no \u00e2mbito desta Pasta e considerando a exist\u00eancia de d\u00e9ficits de professores nas unidades escolares pertencentes ao munic\u00edpio de PALMELO, jurisdicionado \u00e0 Coordena\u00e7\u00e3o Regional de Educa\u00e7\u00e3o (CRE) de Pires do Rio, informa que est\u00e1 recebendo curr\u00edculos para sele\u00e7\u00e3o e contrata\u00e7\u00e3o tempor\u00e1ria com natureza emergencial para atender aos interesses da Administra\u00e7\u00e3o de um professor para ministrar 32 (trinta e duas) aulas semanais no turno matutino e noturno na(s) disciplina(s) de <strong>GEOGRAFIA e afins<\/strong>\u00a0<strong>no COL\u00c9GIO ESTADUAL EUR\u00cdPEDES BASANULFO<\/strong>, a partir de 01\/08\/2024, visando afastar eventuais preju\u00edzos educacionais e\/ou pedag\u00f3gicos aos estudantes da Rede Estadual de Educa\u00e7\u00e3o de Goi\u00e1s.<\/p>\n<p class=\"Texto_Justificado\" style=\"text-align: justify\">A presente convoca\u00e7\u00e3o justifica-se por d\u00e9ficit causado por concess\u00e3o de afastamento para exerc\u00edcio de atividade pol\u00edtica concedida a(o) professor(a) titular, conforme disciplina o art. 208, da Lei n.\u00ba 13.909, de 25 de setembro de 2001.<\/p>\n<p class=\"Texto_Justificado\" style=\"text-align: justify\">Os interessados devem encaminhar Curr\u00edculo ao e-mail oficial da Assessoria Financeira da Coordena\u00e7\u00e3o Regional de Educa\u00e7\u00e3o de Pires do Rio (afin.piresdorio@seduc.go.gov.br), contendo os contatos telef\u00f4nicos e endere\u00e7os de e-mail para correspond\u00eancias eletr\u00f4nicas, e ainda, que no campo Assunto do e-mail, seja informada a Unidade Escolar e a disciplina da vaga pleiteada.<\/p>\n<p class=\"Texto_Justificado\" style=\"text-align: justify\">Oportunamente esclarece, que a Coordena\u00e7\u00e3o Regional de Educa\u00e7\u00e3o de Pires do Rio instituir\u00e1 comiss\u00e3o pr\u00f3pria para as an\u00e1lises curriculares, que ser\u00e1 composta por membros da CRE, objetivando assim, a ado\u00e7\u00e3o de medidas e provid\u00eancias pertinentes ao suprimento de todos os d\u00e9ficits de professores existentes na Rede Estadual de Educa\u00e7\u00e3o de Goi\u00e1s, que garantam os servi\u00e7os prestados \u00e0 comunidade goiana.<\/p>\n<p style=\"text-align: center\">SEDUC\/GO<\/p>\n<hr \/>\n<h3 style=\"text-align: center\">COMUNICADO<\/h3>\n<p style=\"text-align: center\"><strong>PARA CONTRATA\u00c7\u00c3O TEMPOR\u00c1RIA<\/strong><\/p>\n<pre style=\"text-align: center\">Publica\u00e7\u00e3o: 29\/07\/2024\nEncerramento: 31\/07\/2024 \u00e0s 18h\n<\/pre>\n<h4 style=\"text-align: center\"><strong><span style=\"color: #ff0000\">ENCERRADO<\/span><\/strong><\/h4>\n<p class=\"Texto_Justificado\" style=\"text-align: justify\">O Governo do Estado de Goi\u00e1s, atrav\u00e9s da Secretaria de Estado da Educa\u00e7\u00e3o, diante da inexist\u00eancia de Processo Seletivo Simplificado vigente no \u00e2mbito desta Pasta e considerando a exist\u00eancia de d\u00e9ficits de professores nas unidades escolares pertencentes ao munic\u00edpio de Ipameri, jurisdicionado \u00e0 Coordena\u00e7\u00e3o Regional de Educa\u00e7\u00e3o (CRE) de Pires do Rio, informa que est\u00e1 recebendo curr\u00edculos, para sele\u00e7\u00e3o e contrata\u00e7\u00e3o tempor\u00e1ria com natureza emergencial para atender aos interesses da Administra\u00e7\u00e3o:\u00a0<strong>01 (um) professor para ministrar 32 (trinta e duas) aulas semanais de L\u00cdNGUA INGLESA e disciplinas afins, no(s) turno(s) matutino e vespertino no CENTRO DE ENSINO EM PER\u00cdODO INTEGRAL PROFESSOR C\u00c9SAR AUGUSTO CEVA<\/strong><strong>,<\/strong>\u00a0no\u00a0per\u00edodo de 01\/08\/2024 a 05\/11\/2024, visando afastar eventuais preju\u00edzos educacionais e\/ou pedag\u00f3gicos aos estudantes da Rede Estadual de Educa\u00e7\u00e3o de Goi\u00e1s.<\/p>\n<p class=\"Texto_Justificado\" style=\"text-align: justify\">A presente convoca\u00e7\u00e3o justifica-se por d\u00e9ficit causado por concess\u00e3o de Reabilita\u00e7\u00e3o Profissional concedida a(o) professor(a) titular.<\/p>\n<p class=\"Texto_Justificado\" style=\"text-align: justify\">Os interessados devem encaminhar Curr\u00edculo ao e-mail oficial da Assessoria Financeira da Coordena\u00e7\u00e3o Regional de Educa\u00e7\u00e3o de Pires do Rio (afin.piresdorio@seduc.go.gov.br), contendo os contatos telef\u00f4nicos e endere\u00e7os de e-mail para correspond\u00eancias eletr\u00f4nicas, e ainda, que no campo Assunto do e-mail, seja informada a Unidade Escolar e a disciplina da vaga pleiteada.<\/p>\n<p class=\"Texto_Justificado\" style=\"text-align: justify\">Oportunamente esclarece, que a Coordena\u00e7\u00e3o Regional de Educa\u00e7\u00e3o de Pires do Rio instituir\u00e1 comiss\u00e3o pr\u00f3pria para as an\u00e1lises curriculares, que ser\u00e1 composta por membros da CRE, objetivando assim, a ado\u00e7\u00e3o de medidas e provid\u00eancias pertinentes ao suprimento de todos os d\u00e9ficits de professores existentes na Rede Estadual de Educa\u00e7\u00e3o de Goi\u00e1s, que garantam os servi\u00e7os prestados \u00e0 comunidade goiana.<\/p>\n<p style=\"text-align: center\">SEDUC\/GO<\/p>\n<hr \/>\n<h3 style=\"text-align: center\">COMUNICADO<\/h3>\n<p style=\"text-align: center\"><strong>PARA CONTRATA\u00c7\u00c3O TEMPOR\u00c1RIA<\/strong><\/p>\n<pre style=\"text-align: center\">Publica\u00e7\u00e3o: 29\/07\/2024\nEncerramento: 31\/07\/2024 \u00e0s 18h\n<\/pre>\n<h4 style=\"text-align: center\"><strong><span style=\"color: #ff0000\">ENCERRADO<\/span><\/strong><\/h4>\n<p class=\"Texto_Justificado\" style=\"text-align: justify\">O Governo do Estado de Goi\u00e1s, atrav\u00e9s da Secretaria de Estado da Educa\u00e7\u00e3o, diante da inexist\u00eancia de Processo Seletivo Simplificado vigente no \u00e2mbito desta Pasta e considerando a exist\u00eancia de d\u00e9ficits de professores nas unidades escolares pertencentes ao munic\u00edpio de Pires do Rio, jurisdicionado \u00e0 Coordena\u00e7\u00e3o Regional de Educa\u00e7\u00e3o (CRE) de Pires do Rio, informa que est\u00e1 recebendo curr\u00edculos, para sele\u00e7\u00e3o e contrata\u00e7\u00e3o tempor\u00e1ria com natureza emergencial para atender aos interesses da Administra\u00e7\u00e3o:\u00a0<strong>01 (um) professor para ministrar 32 (trinta e duas) aulas semanais de MATEM\u00c1TICA, no(s) turno(s) matutino e vespertino no COL\u00c9GIO ESTADUAL DA POL\u00cdCIA MILITAR DE GOI\u00c1S PROFESSOR IVAN FERREIRA<\/strong><strong>,<\/strong>\u00a0a partir 01\/08\/2024, visando afastar eventuais preju\u00edzos educacionais e\/ou pedag\u00f3gicos aos estudantes da Rede Estadual de Educa\u00e7\u00e3o de Goi\u00e1s.<\/p>\n<p class=\"Texto_Justificado\" style=\"text-align: justify\">A presente convoca\u00e7\u00e3o justifica-se por d\u00e9ficit causado por concess\u00e3o de aposentadoria a(o) professor(a) titular.<\/p>\n<p class=\"Texto_Justificado\" style=\"text-align: justify\">Os interessados devem encaminhar Curr\u00edculo ao e-mail oficial da Assessoria Financeira da Coordena\u00e7\u00e3o Regional de Educa\u00e7\u00e3o de Pires do Rio (afin.piresdorio@seduc.go.gov.br), contendo os contatos telef\u00f4nicos e endere\u00e7os de e-mail para correspond\u00eancias eletr\u00f4nicas, e ainda, que no campo Assunto do e-mail, seja informada a Unidade Escolar e a disciplina da vaga pleiteada.<\/p>\n<p class=\"Texto_Justificado_Esp15\" style=\"text-align: justify\">Oportunamente esclarece, que a Coordena\u00e7\u00e3o Regional de Educa\u00e7\u00e3o de Pires do Rio instituir\u00e1 comiss\u00e3o pr\u00f3pria para as an\u00e1lises curriculares, que ser\u00e1 composta por membros da CRE, objetivando assim, a ado\u00e7\u00e3o de medidas e provid\u00eancias pertinentes ao suprimento de todos os d\u00e9ficits de professores existentes na Rede Estadual de Educa\u00e7\u00e3o de Goi\u00e1s, que garantam os servi\u00e7os prestados \u00e0 comunidade goiana.<\/p>\n<p style=\"text-align: center\">SEDUC\/GO<\/p>\n<hr \/>\n<h3 style=\"text-align: center\">COMUNICADO<\/h3>\n<p style=\"text-align: center\"><strong>PARA CONTRATA\u00c7\u00c3O TEMPOR\u00c1RIA<\/strong><\/p>\n<pre style=\"text-align: center\">Publica\u00e7\u00e3o: 29\/07\/2024\nEncerramento: 31\/07\/2024 \u00e0s 18h\n<\/pre>\n<h4 style=\"text-align: center\"><strong><span style=\"color: #ff0000\">ENCERRADO<\/span><\/strong><\/h4>\n<p class=\"Texto_Justificado\" style=\"text-align: justify\">O Governo do Estado de Goi\u00e1s, atrav\u00e9s da Secretaria de Estado da Educa\u00e7\u00e3o, diante da inexist\u00eancia de Processo Seletivo Simplificado vigente no \u00e2mbito desta Pasta e considerando a exist\u00eancia de d\u00e9ficits de professores nas unidades escolares pertencentes ao munic\u00edpio de Pires do Rio, jurisdicionado \u00e0 Coordena\u00e7\u00e3o Regional de Educa\u00e7\u00e3o (CRE) de Pires do Rio, informa que est\u00e1 recebendo curr\u00edculos para sele\u00e7\u00e3o e contrata\u00e7\u00e3o tempor\u00e1ria com natureza emergencial para atender aos interesses da Administra\u00e7\u00e3o de um professor para ministrar 32 (trinta e duas) aulas semanais no turno matutino na(s) disciplina(s) de <strong>L\u00cdNGUA INGLESA e disciplinas afins\u00a0<\/strong><strong>no COL\u00c9GIO ESTADUAL RODRIGO RODRIGUES DA CUNHA<\/strong>, a partir de 01\/08\/2024, visando afastar eventuais preju\u00edzos educacionais e\/ou pedag\u00f3gicos aos estudantes da Rede Estadual de Educa\u00e7\u00e3o de Goi\u00e1s.<\/p>\n<p class=\"Texto_Justificado\" style=\"text-align: justify\">A presente convoca\u00e7\u00e3o justifica-se por d\u00e9ficit causado por concess\u00e3o de afastamento para exerc\u00edcio de atividade pol\u00edtica concedida a(o) professor(a) titular, conforme disciplina o art. 208, da Lei n.\u00ba 13.909, de 25 de setembro de 2001.<\/p>\n<p class=\"Texto_Justificado\" style=\"text-align: justify\">Os interessados devem encaminhar Curr\u00edculo ao e-mail oficial da Assessoria Financeira da Coordena\u00e7\u00e3o Regional de Educa\u00e7\u00e3o de Pires do Rio\u00a0(afin.piresdorio@seduc.go.gov.br), contendo os contatos telef\u00f4nicos e endere\u00e7os de e-mail para correspond\u00eancias eletr\u00f4nicas, e ainda, que no campo Assunto do e-mail, seja informada a Unidade Escolar e a disciplina da vaga pleiteada.<\/p>\n<p class=\"Texto_Justificado\" style=\"text-align: justify\">Oportunamente esclarece, que a Coordena\u00e7\u00e3o Regional de Educa\u00e7\u00e3o de Pires do Rio\u00a0instituir\u00e1 comiss\u00e3o pr\u00f3pria para as an\u00e1lises curriculares, que ser\u00e1 composta por membros da CRE, objetivando assim, a ado\u00e7\u00e3o de medidas e provid\u00eancias pertinentes ao suprimento de todos os d\u00e9ficits de professores existentes na Rede Estadual de Educa\u00e7\u00e3o de Goi\u00e1s, que garantam os servi\u00e7os prestados \u00e0 comunidade goiana.<\/p>\n<p style=\"text-align: center\">SEDUC\/GO<\/p>\n<hr \/>\n<h3 style=\"text-align: center\">COMUNICADO<\/h3>\n<p style=\"text-align: center\"><strong>PARA CONTRATA\u00c7\u00c3O TEMPOR\u00c1RIA<\/strong><\/p>\n<pre style=\"text-align: center\">Publica\u00e7\u00e3o: 29\/07\/2024\nEncerramento: 31\/07\/2024 \u00e0s 18h\n<\/pre>\n<h4 style=\"text-align: center\"><strong><span style=\"color: #ff0000\">ENCERRADO<\/span><\/strong><\/h4>\n<p class=\"Texto_Justificado\" style=\"text-align: justify\">O Governo do Estado de Goi\u00e1s, atrav\u00e9s da Secretaria de Estado da Educa\u00e7\u00e3o, diante da inexist\u00eancia de Processo Seletivo Simplificado vigente no \u00e2mbito desta Pasta e considerando a exist\u00eancia de d\u00e9ficits de professores nas unidades escolares pertencentes ao munic\u00edpio de Pires do Rio, jurisdicionado \u00e0 Coordena\u00e7\u00e3o Regional de Educa\u00e7\u00e3o (CRE) de Pires do Rio, informa que est\u00e1 recebendo curr\u00edculos para sele\u00e7\u00e3o e contrata\u00e7\u00e3o tempor\u00e1ria com natureza emergencial para atender aos interesses da Administra\u00e7\u00e3o de um professor para ministrar 32 (trinta e duas aulas) aulas semanais no(s) turno(s) matutino e vespertino, na(s) disciplina(s) de <strong>L\u00cdNGUA PORTUGUESA e afins <\/strong><strong>no COL\u00c9GIO ESTADUAL DA POL\u00cdCIA MILITAR DE GOI\u00c1S PROFESSOR IVAN FERREIRA<\/strong>, na partir de 01\/08\/2024, visando afastar eventuais preju\u00edzos educacionais e\/ou pedag\u00f3gicos aos estudantes da Rede Estadual de Educa\u00e7\u00e3o de Goi\u00e1s.<\/p>\n<p class=\"Texto_Justificado\" style=\"text-align: justify\">A presente convoca\u00e7\u00e3o justifica-se por d\u00e9ficit causado por concess\u00e3o de licen\u00e7a para participa\u00e7\u00e3o em curso de aprimoramento Stricto Sensu a(o) professor(a) titular, conforme disciplina o art. 208, da Lei n.\u00ba 13.909, de 25 de setembro de 2001.<\/p>\n<p class=\"Texto_Justificado\" style=\"text-align: justify\">Os interessados devem encaminhar Curr\u00edculo ao e-mail oficial da Assessoria Financeira da Coordena\u00e7\u00e3o Regional de Educa\u00e7\u00e3o de Pires do Rio (afin.piresdorio@seduc.go.gov.br), contendo os contatos telef\u00f4nicos e endere\u00e7os de e-mail para correspond\u00eancias eletr\u00f4nicas, e ainda, que no campo Assunto do e-mail, seja informada a Unidade Escolar e a disciplina da vaga pleiteada.<\/p>\n<p class=\"Texto_Justificado\" style=\"text-align: justify\">Oportunamente esclarece, que a Coordena\u00e7\u00e3o Regional de Educa\u00e7\u00e3o de Pires do Rio instituir\u00e1 comiss\u00e3o pr\u00f3pria para as an\u00e1lises curriculares, que ser\u00e1 composta por membros da CRE, objetivando assim, a ado\u00e7\u00e3o de medidas e provid\u00eancias pertinentes ao suprimento de todos os d\u00e9ficits de professores existentes na Rede Estadual de Educa\u00e7\u00e3o de Goi\u00e1s, que garantam os servi\u00e7os prestados \u00e0 comunidade goiana.<\/p>\n<p style=\"text-align: center\">SEDUC\/GO<\/p>\n<hr \/>\n<h3 style=\"text-align: center\">COMUNICADO<\/h3>\n<p style=\"text-align: center\"><strong>PARA CONTRATA\u00c7\u00c3O TEMPOR\u00c1RIA<\/strong><\/p>\n<pre style=\"text-align: center\">Publica\u00e7\u00e3o: 29\/07\/2024\nEncerramento: 31\/07\/2024 \u00e0s 18h\n<\/pre>\n<h4 style=\"text-align: center\"><strong><span style=\"color: #ff0000\">ENCERRADO<\/span><\/strong><\/h4>\n<p class=\"Texto_Justificado\" style=\"text-align: justify\">O Governo do Estado de Goi\u00e1s, atrav\u00e9s da Secretaria de Estado da Educa\u00e7\u00e3o, diante da inexist\u00eancia de Processo Seletivo Simplificado vigente no \u00e2mbito desta Pasta e considerando a exist\u00eancia de d\u00e9ficits de professores nas unidades escolares pertencentes ao munic\u00edpio de Ipameri, jurisdicionado \u00e0 Coordena\u00e7\u00e3o Regional de Educa\u00e7\u00e3o (CRE) de Pires do Rio, informa que est\u00e1 recebendo curr\u00edculos para sele\u00e7\u00e3o e contrata\u00e7\u00e3o tempor\u00e1ria com natureza emergencial para atender aos interesses da Administra\u00e7\u00e3o de um professor para ministrar 32 (trinta e duas aulas) aulas semanais no(s) turno(s) matutino e vespertino, na(s) disciplina(s) de <strong>L\u00cdNGUA PORTUGUESA e afins\u00a0<\/strong><strong>no CENTRO DE ENSINO EM PER\u00cdODO INTEGRAL PROFESSOR C\u00c9SAR AUGUSTO CEVA<\/strong>, na partir de 01\/08\/2024, visando afastar eventuais preju\u00edzos educacionais e\/ou pedag\u00f3gicos aos estudantes da Rede Estadual de Educa\u00e7\u00e3o de Goi\u00e1s.<\/p>\n<p class=\"Texto_Justificado\" style=\"text-align: justify\">A presente convoca\u00e7\u00e3o justifica-se por d\u00e9ficit causado por concess\u00e3o de licen\u00e7a para participa\u00e7\u00e3o em curso de aprimoramento Stricto Sensu a(o) professor(a) titular, conforme disciplina o art. 208, da Lei n.\u00ba 13.909, de 25 de setembro de 2001.<\/p>\n<p class=\"Texto_Justificado\" style=\"text-align: justify\">Os interessados devem encaminhar Curr\u00edculo ao e-mail oficial da Assessoria Financeira da Coordena\u00e7\u00e3o Regional de Educa\u00e7\u00e3o de Pires do Rio\u00a0(afin.piresdorio@seduc.go.gov.br), contendo os contatos telef\u00f4nicos e endere\u00e7os de e-mail para correspond\u00eancias eletr\u00f4nicas, e ainda, que no campo Assunto do e-mail, seja informada a Unidade Escolar e a disciplina da vaga pleiteada.<\/p>\n<p class=\"Texto_Justificado\" style=\"text-align: justify\">Oportunamente esclarece, que a Coordena\u00e7\u00e3o Regional de Educa\u00e7\u00e3o de Pires do Rio\u00a0instituir\u00e1 comiss\u00e3o pr\u00f3pria para as an\u00e1lises curriculares, que ser\u00e1 composta por membros da CRE, objetivando assim, a ado\u00e7\u00e3o de medidas e provid\u00eancias pertinentes ao suprimento de todos os d\u00e9ficits de professores existentes na Rede Estadual de Educa\u00e7\u00e3o de Goi\u00e1s, que garantam os servi\u00e7os prestados \u00e0 comunidade goiana.<\/p>\n<p style=\"text-align: center\">SEDUC\/GO<\/p>\n<hr \/>\n<h3 style=\"text-align: center\">COMUNICADO<\/h3>\n<p style=\"text-align: center\"><strong>PARA CONTRATA\u00c7\u00c3O TEMPOR\u00c1RIA<\/strong><\/p>\n<pre style=\"text-align: center\">Publica\u00e7\u00e3o: 29\/07\/2024\nEncerramento: 31\/07\/2024 \u00e0s 18h\n<\/pre>\n<h4 style=\"text-align: center\"><strong><span style=\"color: #ff0000\">ENCERRADO<\/span><\/strong><\/h4>\n<p class=\"Texto_Justificado\" style=\"text-align: justify\">O Governo do Estado de Goi\u00e1s, atrav\u00e9s da Secretaria de Estado da Educa\u00e7\u00e3o, diante da inexist\u00eancia de Processo Seletivo Simplificado vigente no \u00e2mbito desta Pasta e considerando a exist\u00eancia de d\u00e9ficits de professores nas unidades escolares pertencentes ao munic\u00edpio de Ipameri, jurisdicionado \u00e0 Coordena\u00e7\u00e3o Regional de Educa\u00e7\u00e3o (CRE) de Pires do Rio, informa que est\u00e1 recebendo curr\u00edculos para sele\u00e7\u00e3o e contrata\u00e7\u00e3o tempor\u00e1ria com natureza emergencial para atender aos interesses da Administra\u00e7\u00e3o de um professor para ministrar 29 (vinte e nove) aulas semanais no turno matutino na(s) disciplina(s) de <b>Matem\u00e1tica no Col\u00e9gio Estadual Professor Eduardo Mancini<\/b>, a partir de 01\/08\/2024, visando afastar eventuais preju\u00edzos educacionais e\/ou pedag\u00f3gicos aos estudantes da Rede Estadual de Educa\u00e7\u00e3o de Goi\u00e1s.<\/p>\n<p class=\"Texto_Justificado\" style=\"text-align: justify\">A presente convoca\u00e7\u00e3o justifica-se por d\u00e9ficit causado por concess\u00e3o de afastamento para exerc\u00edcio de atividade pol\u00edtica concedida a(o) professor(a) titular, conforme disciplina o art. 208, da Lei n.\u00ba 13.909, de 25 de setembro de 2001.<\/p>\n<p class=\"Texto_Justificado\" style=\"text-align: justify\">Os interessados devem encaminhar Curr\u00edculo ao e-mail oficial da Assessoria Financeira da Coordena\u00e7\u00e3o Regional de Educa\u00e7\u00e3o de Pires do Rio (afin.piresdorio@seduc.go.gov.br), contendo os contatos telef\u00f4nicos e endere\u00e7os de e-mail para correspond\u00eancias eletr\u00f4nicas, e ainda, que no campo Assunto do e-mail, seja informada a Unidade Escolar e a disciplina da vaga pleiteada.<\/p>\n<p class=\"Texto_Justificado\" style=\"text-align: justify\">Oportunamente esclarece, que a Coordena\u00e7\u00e3o Regional de Educa\u00e7\u00e3o de Pires do Rio instituir\u00e1 comiss\u00e3o pr\u00f3pria para as an\u00e1lises curriculares, que ser\u00e1 composta por membros da CRE, objetivando assim, a ado\u00e7\u00e3o de medidas e provid\u00eancias pertinentes ao suprimento de todos os d\u00e9ficits de professores existentes na Rede Estadual de Educa\u00e7\u00e3o de Goi\u00e1s, que garantam os servi\u00e7os prestados \u00e0 comunidade goiana.<\/p>\n<p style=\"text-align: center\">SEDUC\/GO<\/p>\n<hr \/>\n<h3 style=\"text-align: center\">COMUNICADO<\/h3>\n<p style=\"text-align: center\"><strong>PARA CONTRATA\u00c7\u00c3O TEMPOR\u00c1RIA<\/strong><\/p>\n<pre style=\"text-align: center\">Publica\u00e7\u00e3o: 29\/07\/2024\nEncerramento: 31\/07\/2024 \u00e0s 18h\n<\/pre>\n<h4 style=\"text-align: center\"><strong><span style=\"color: #ff0000\">ENCERRADO<\/span><\/strong><\/h4>\n<p class=\"Texto_Justificado\" style=\"text-align: justify\">O Governo do Estado de Goi\u00e1s, atrav\u00e9s da Secretaria de Estado da Educa\u00e7\u00e3o, diante da inexist\u00eancia de Processo Seletivo Simplificado vigente no \u00e2mbito desta Pasta e considerando a exist\u00eancia de d\u00e9ficits de professores nas unidades escolares pertencentes ao munic\u00edpio de Ipameri, jurisdicionado \u00e0 Coordena\u00e7\u00e3o Regional de Educa\u00e7\u00e3o (CRE) de Pires do Rio, informa que est\u00e1 recebendo curr\u00edculos para sele\u00e7\u00e3o e contrata\u00e7\u00e3o tempor\u00e1ria com natureza emergencial para atender aos interesses da Administra\u00e7\u00e3o de um professor para ministrar 32 (trinta e duas) aulas semanais nos turnos vespertino e noturno na(s) disciplina(s) de\u00a0<strong>MATEM\u00c1TICA<\/strong>\u00a0<strong>no COL\u00c9GIO ESTADUAL PROFESSOR EDUARDO MANCINI<\/strong>, a partir de 01\/08\/2024, visando afastar eventuais preju\u00edzos educacionais e\/ou pedag\u00f3gicos aos estudantes da Rede Estadual de Educa\u00e7\u00e3o de Goi\u00e1s.<\/p>\n<p class=\"Texto_Justificado\" style=\"text-align: justify\">A presente convoca\u00e7\u00e3o justifica-se por d\u00e9ficit causado por concess\u00e3o de afastamento para exerc\u00edcio de atividade pol\u00edtica concedida a(o) professor(a) titular, conforme disciplina o art. 208, da Lei n.\u00ba 13.909, de 25 de setembro de 2001.<\/p>\n<p class=\"Texto_Justificado\" style=\"text-align: justify\">Os interessados devem encaminhar Curr\u00edculo ao e-mail oficial da Assessoria Financeira da Coordena\u00e7\u00e3o Regional de Educa\u00e7\u00e3o de Pires do Rio (afin.piresdorio@seduc.go.gov.br), contendo os contatos telef\u00f4nicos e endere\u00e7os de e-mail para correspond\u00eancias eletr\u00f4nicas, e ainda, que no campo Assunto do e-mail, seja informada a Unidade Escolar e a disciplina da vaga pleiteada.<\/p>\n<p class=\"Texto_Justificado\" style=\"text-align: justify\">Oportunamente esclarece, que a Coordena\u00e7\u00e3o Regional de Educa\u00e7\u00e3o de Pires do Rio instituir\u00e1 comiss\u00e3o pr\u00f3pria para as an\u00e1lises curriculares, que ser\u00e1 composta por membros da CRE, objetivando assim, a ado\u00e7\u00e3o de medidas e provid\u00eancias pertinentes ao suprimento de todos os d\u00e9ficits de professores existentes na Rede Estadual de Educa\u00e7\u00e3o de Goi\u00e1s, que garantam os servi\u00e7os prestados \u00e0 comunidade goiana.<\/p>\n<p style=\"text-align: center\">SEDUC\/GO<\/p>\n<hr \/>\n<h3 style=\"text-align: center\">COMUNICADO<\/h3>\n<p style=\"text-align: center\"><strong>PARA CONTRATA\u00c7\u00c3O TEMPOR\u00c1RIA<\/strong><\/p>\n<pre style=\"text-align: center\">Publica\u00e7\u00e3o: 29\/07\/2024\nEncerramento: 31\/07\/2024 \u00e0s 18h\n<\/pre>\n<h4 style=\"text-align: center\"><strong><span style=\"color: #ff0000\">ENCERRADO<\/span><\/strong><\/h4>\n<p class=\"Texto_Justificado\" style=\"text-align: justify\">O Governo do Estado de Goi\u00e1s, atrav\u00e9s da Secretaria de Estado da Educa\u00e7\u00e3o, diante da inexist\u00eancia de Processo Seletivo Simplificado vigente no \u00e2mbito desta Pasta e considerando a exist\u00eancia de d\u00e9ficits de professores nas unidades escolares pertencentes ao munic\u00edpio de Pires do Rio, jurisdicionado \u00e0 Coordena\u00e7\u00e3o Regional de Educa\u00e7\u00e3o (CRE) de Pires do Rio, informa que est\u00e1 recebendo curr\u00edculos para sele\u00e7\u00e3o e contrata\u00e7\u00e3o tempor\u00e1ria com natureza emergencial para atender aos interesses da Administra\u00e7\u00e3o de um professor para ministrar 32 (trinta e duas) aulas semanais no(s) turno(s) matutino e vespertino, na(s) disciplina(s) de Ci\u00eancias da Natureza e Biologia\u00a0<strong>no COL\u00c9GIO ESTADUAL DA POL\u00cdCIA MILITAR DE GOI\u00c1S PROFESSOR IVAN FERREIRA<\/strong>, no per\u00edodo de 01\/08\/2024 a 02\/05\/2025, visando afastar eventuais preju\u00edzos educacionais e\/ou pedag\u00f3gicos aos estudantes da Rede Estadual de Educa\u00e7\u00e3o de Goi\u00e1s.<\/p>\n<p class=\"Texto_Justificado\" style=\"text-align: justify\">A presente convoca\u00e7\u00e3o justifica-se por d\u00e9ficit causado por concess\u00e3o de licen\u00e7a pr\u00eamio a(o) professor(a) titular, conforme disciplina o art. 208, da Lei n.\u00ba 13.909, de 25 de setembro de 2001.<\/p>\n<p class=\"Texto_Justificado\" style=\"text-align: justify\">Os interessados devem encaminhar Curr\u00edculo ao e-mail oficial da Assessoria Financeira da Coordena\u00e7\u00e3o Regional de Educa\u00e7\u00e3o de Pires do Rio (afin.piresdorio@seduc.go.gov.br), contendo os contatos telef\u00f4nicos e endere\u00e7os de e-mail para correspond\u00eancias eletr\u00f4nicas, e ainda, que no campo Assunto do e-mail, seja informada a Unidade Escolar e a disciplina da vaga pleiteada.<\/p>\n<p class=\"Texto_Justificado\" style=\"text-align: justify\">Oportunamente esclarece, que a Coordena\u00e7\u00e3o Regional de Educa\u00e7\u00e3o de Pires do Rio instituir\u00e1 comiss\u00e3o pr\u00f3pria para as an\u00e1lises curriculares, que ser\u00e1 composta por membros da CRE, objetivando assim, a ado\u00e7\u00e3o de medidas e provid\u00eancias pertinentes ao suprimento de todos os d\u00e9ficits de professores existentes na Rede Estadual de Educa\u00e7\u00e3o de Goi\u00e1s, que garantam os servi\u00e7os prestados \u00e0 comunidade goiana.<\/p>\n<p style=\"text-align: center\">SEDUC\/GO<\/p>\n<hr \/>\n<h3 style=\"text-align: center\">COMUNICADO<\/h3>\n<p style=\"text-align: center\"><strong>PARA CONTRATA\u00c7\u00c3O TEMPOR\u00c1RIA<\/strong><\/p>\n<pre style=\"text-align: center\">Publica\u00e7\u00e3o: 26\/07\/2024\nEncerramento: 30\/07\/2024 \u00e0s 18h\n<\/pre>\n<h4 style=\"text-align: center\"><strong><span style=\"color: #ff0000\">ENCERRADO<\/span><\/strong><\/h4>\n<p class=\"Texto_Justificado\" style=\"text-align: justify\">O Governo do Estado de Goi\u00e1s, atrav\u00e9s da Secretaria de Estado da Educa\u00e7\u00e3o, diante da inexist\u00eancia de Processo Seletivo Simplificado vigente no \u00e2mbito desta Pasta e considerando a exist\u00eancia de d\u00e9ficits de professores nas unidades escolares pertencentes ao munic\u00edpio de Uruta\u00ed, jurisdicionado \u00e0 Coordena\u00e7\u00e3o Regional de Educa\u00e7\u00e3o (CRE) de Pires do Rio, informa que est\u00e1 recebendo curr\u00edculos para sele\u00e7\u00e3o e contrata\u00e7\u00e3o tempor\u00e1ria com natureza emergencial para atender aos interesses da Administra\u00e7\u00e3o de um professor para ministrar 32 (trinta e duas) aulas semanais no(s) turno(s) matutino e noturno, na(s) disciplina(s) de <strong>Educa\u00e7\u00e3o F\u00edsica e disciplinas correlatas<\/strong>\u00a0<strong>no COL\u00c9GIO ESTADUAL DR. VASCO DOS REIS<\/strong>, no per\u00edodo de\u00a001\/08\/2024 a 05\/11\/2025, visando afastar eventuais preju\u00edzos educacionais e\/ou pedag\u00f3gicos aos estudantes da Rede Estadual de Educa\u00e7\u00e3o de Goi\u00e1s.<\/p>\n<p class=\"Texto_Justificado\" style=\"text-align: justify\">A presente convoca\u00e7\u00e3o justifica-se por d\u00e9ficit causado por concess\u00e3o de licen\u00e7a pr\u00eamio a(o) professor(a) titular, conforme disciplina o art. 208, da Lei n.\u00ba 13.909, de 25 de setembro de 2001.<\/p>\n<p class=\"Texto_Justificado\" style=\"text-align: justify\">Os interessados devem encaminhar Curr\u00edculo ao e-mail oficial da Assessoria Financeira da Coordena\u00e7\u00e3o Regional de Educa\u00e7\u00e3o de Pires do Rio (afin.piresdorio@seduc.go.gov.br), contendo os contatos telef\u00f4nicos e endere\u00e7os de e-mail para correspond\u00eancias eletr\u00f4nicas, e ainda, que no campo Assunto do e-mail, seja informada a Unidade Escolar e a disciplina da vaga pleiteada.<\/p>\n<p class=\"Texto_Justificado\" style=\"text-align: justify\">Oportunamente esclarece, que a Coordena\u00e7\u00e3o Regional de Educa\u00e7\u00e3o de Pires do Rio instituir\u00e1 comiss\u00e3o pr\u00f3pria para as an\u00e1lises curriculares, que ser\u00e1 composta por membros da CRE, objetivando assim, a ado\u00e7\u00e3o de medidas e provid\u00eancias pertinentes ao suprimento de todos os d\u00e9ficits de professores existentes na Rede Estadual de Educa\u00e7\u00e3o de Goi\u00e1s, que garantam os servi\u00e7os prestados \u00e0 comunidade goiana.<\/p>\n<p style=\"text-align: center\">SEDUC\/GO<\/p>\n<hr \/>\n<h3 style=\"text-align: center\">COMUNICADO<\/h3>\n<p style=\"text-align: center\"><strong>PARA CONTRATA\u00c7\u00c3O TEMPOR\u00c1RIA<\/strong><\/p>\n<pre style=\"text-align: center\">Publica\u00e7\u00e3o: 16\/07\/2024\nEncerramento: 18\/07\/2024 \u00e0s 18h\n<\/pre>\n<h4 style=\"text-align: center\"><strong><span style=\"color: #ff0000\">ENCERRADO<\/span><\/strong><\/h4>\n<p class=\"Texto_Justificado\" style=\"text-align: justify\">O Governo do Estado de Goi\u00e1s, atrav\u00e9s da Secretaria de Estado da Educa\u00e7\u00e3o, diante da inexist\u00eancia de Processo Seletivo Simplificado vigente no \u00e2mbito desta Pasta e considerando a exist\u00eancia de d\u00e9ficits de professores nas unidades escolares pertencentes ao munic\u00edpio de Ipameri, jurisdicionado \u00e0 Coordena\u00e7\u00e3o Regional de Educa\u00e7\u00e3o (CRE) de Pires do Rio, informa que est\u00e1 recebendo curr\u00edculos para sele\u00e7\u00e3o e contrata\u00e7\u00e3o tempor\u00e1ria com natureza emergencial para atender aos interesses da Administra\u00e7\u00e3o, para ministrar 24 (vinte e quatro) aulas semanais no(s) turno(s) matutino e vespertino, na(s) disciplina(s) de\u00a0<strong>MATEM\u00c1TICA e afins\u00a0<\/strong><strong>no CENTRO DE ENSINO EM PER\u00cdODO INTEGRAL PROFESSOR CESAR AUGUSTO CEVA<\/strong>, no per\u00edodo de 01\/08\/2024 a 04\/08\/2025, visando afastar eventuais preju\u00edzos educacionais e\/ou pedag\u00f3gicos aos estudantes da Rede Estadual de Educa\u00e7\u00e3o de Goi\u00e1s.<\/p>\n<p class=\"Texto_Justificado\" style=\"text-align: justify\">A presente convoca\u00e7\u00e3o justifica-se por d\u00e9ficit causado por concess\u00e3o de licen\u00e7a pr\u00eamio a(o) professor(a) titular, conforme disciplina o art. 208, da Lei n.\u00ba 13.909, de 25 de setembro de 2001.<\/p>\n<p class=\"Texto_Justificado\" style=\"text-align: justify\">Os interessados devem encaminhar Curr\u00edculo ao e-mail oficial da Assessoria Financeira da Coordena\u00e7\u00e3o Regional de Educa\u00e7\u00e3o de Pires do Rio (afin.piresdorio@seduc.go.gov.br), contendo os contatos telef\u00f4nicos e endere\u00e7os de e-mail para correspond\u00eancias eletr\u00f4nicas, e ainda, que no campo Assunto do e-mail, seja informada a Unidade Escolar e a disciplina da vaga pleiteada.<\/p>\n<p class=\"Texto_Justificado\" style=\"text-align: justify\">Oportunamente esclarece, que a Coordena\u00e7\u00e3o Regional de Educa\u00e7\u00e3o de Pires do Rio instituir\u00e1 comiss\u00e3o pr\u00f3pria para as an\u00e1lises curriculares, que ser\u00e1 composta por membros da CRE, objetivando assim, a ado\u00e7\u00e3o de medidas e provid\u00eancias pertinentes ao suprimento de todos os d\u00e9ficits de professores existentes na Rede Estadual de Educa\u00e7\u00e3o de Goi\u00e1s, que garantam os servi\u00e7os prestados \u00e0 comunidade goiana.<\/p>\n<p style=\"text-align: center\">SEDUC\/GO<\/p>\n<hr \/>\n<h3 style=\"text-align: center\">COMUNICADO<\/h3>\n<p style=\"text-align: center\"><strong>PARA CONTRATA\u00c7\u00c3O TEMPOR\u00c1RIA<\/strong><\/p>\n<pre style=\"text-align: center\">Publica\u00e7\u00e3o: 03\/06\/2024\nEncerramento: 05\/06\/2024 \u00e0s 18h\n<\/pre>\n<h4 style=\"text-align: center\"><strong><span style=\"color: #ff0000\">ENCERRADO<\/span><\/strong><\/h4>\n<p style=\"text-align: justify\">O Governo do Estado de Goi\u00e1s, atrav\u00e9s da Secretaria de Estado da Educa\u00e7\u00e3o, diante da inexist\u00eancia de Processo Seletivo Simplificado vigente no \u00e2mbito desta Pasta e considerando a exist\u00eancia de d\u00e9ficits de professores nas unidades escolares pertencentes ao munic\u00edpio de <strong>Orizona<\/strong>, jurisdicionado \u00e0 Coordena\u00e7\u00e3o Regional de Educa\u00e7\u00e3o <strong>(CRE) de Pires do Rio<\/strong>, informa que est\u00e1 recebendo curr\u00edculos\u00a0 de professores com licenciatura em <strong>Ci\u00eancias Humanas e suas Tecnologias<\/strong> para sele\u00e7\u00e3o e contrata\u00e7\u00e3o tempor\u00e1ria com natureza emergencial para atender aos interesses da Administra\u00e7\u00e3o, para ministrar <strong>32 (trinta e duas)<\/strong> aulas semanais na(s) disciplina(s) que comp\u00f5em as <strong>Ci\u00eancias Humanas<\/strong>, no(a) <strong>Escola Fam\u00edlia Agr\u00edcola de Orizona<\/strong>, visando afastar eventuais preju\u00edzos educacionais e\/ou pedag\u00f3gicos aos estudantes da Rede Estadual de Educa\u00e7\u00e3o de Goi\u00e1s.<\/p>\n<p style=\"text-align: justify\">A presente convoca\u00e7\u00e3o justifica-se por d\u00e9ficit causado por afastamento em decorr\u00eancia de concess\u00e3o de <strong>Licen\u00e7a M\u00e9dica <\/strong>ao professor titular, conforme disciplina o art. 208, da Lei n.\u00ba 13.909, de 25 de setembro de 2001.<\/p>\n<p style=\"text-align: justify\">Os interessados devem encaminhar Curr\u00edculo ao e-mail oficial da Coordena\u00e7\u00e3o Regional de Educa\u00e7\u00e3o (<strong>regional.piresdorio@seduc.go.gov.br<\/strong>), contendo os contatos telef\u00f4nicos e endere\u00e7os de e-mail para correspond\u00eancias eletr\u00f4nicas.<\/p>\n<p style=\"text-align: justify\">Oportunamente esclarece, que a Coordena\u00e7\u00e3o Regional de Educa\u00e7\u00e3o de <strong>Pires do Rio<\/strong> instituir\u00e1 comiss\u00e3o pr\u00f3pria para as an\u00e1lises curriculares, que ser\u00e1 composta por integrante do Sindicato da categoria e membros da CRE, objetivando assim, a ado\u00e7\u00e3o de medidas e provid\u00eancias pertinentes ao suprimento de todos os d\u00e9ficits de professores existentes na Rede Estadual de Educa\u00e7\u00e3o de Goi\u00e1s, que garantam os servi\u00e7os prestados \u00e0 comunidade goiana.<\/p>\n<p style=\"text-align: center\">SEDUC\/GO<\/p>\n<hr \/>\n<h3 style=\"text-align: center\">COMUNICADO<\/h3>\n<p style=\"text-align: center\"><strong>PARA CONTRATA\u00c7\u00c3O TEMPOR\u00c1RIA<\/strong><\/p>\n<pre style=\"text-align: center\">Publica\u00e7\u00e3o: 22\/05\/2024\nEncerramento: 24\/05\/2024 \u00e0s 18h\n<\/pre>\n<h4 style=\"text-align: center\"><strong><span style=\"color: #ff0000\">ENCERRADO<\/span><\/strong><\/h4>\n<p style=\"text-align: justify\">O Governo do Estado de Goi\u00e1s, atrav\u00e9s da Secretaria de Estado da Educa\u00e7\u00e3o, diante da inexist\u00eancia de Processo Seletivo Simplificado vigente no \u00e2mbito desta Pasta e considerando a exist\u00eancia de d\u00e9ficits de professores nas unidades escolares pertencentes ao munic\u00edpio de <strong>Ipameri,<\/strong> jurisdicionado \u00e0 Coordena\u00e7\u00e3o Regional de Educa\u00e7\u00e3o (CRE) de <strong>Pires do Rio<\/strong>, informa que est\u00e1 recebendo curr\u00edculos\u00a0 de professores com licenciatura em <strong>Letras &#8211; Portugu\u00eas<\/strong> para sele\u00e7\u00e3o e contrata\u00e7\u00e3o tempor\u00e1ria com natureza emergencial para atender aos interesses da Administra\u00e7\u00e3o, para ministrar 19 (dezenove) aulas semanais na(s) disciplina(s) de <strong>L\u00edngua Portuguesa e afins<\/strong>, no(a) <strong>Col\u00e9gio Estadual Professor Eduardo Mancini<\/strong>, visando afastar eventuais preju\u00edzos educacionais e\/ou pedag\u00f3gicos aos estudantes da Rede Estadual de Educa\u00e7\u00e3o de Goi\u00e1s.<\/p>\n<p style=\"text-align: justify\">A presente convoca\u00e7\u00e3o justifica-se por d\u00e9ficit causado por afastamento em decorr\u00eancia de concess\u00e3o de <strong>Licen\u00e7a M\u00e9dica<\/strong> de professor titular, conforme disciplina o art. 208, da Lei n.\u00ba 13.909, de 25 de setembro de 2001.<\/p>\n<p style=\"text-align: justify\">Os interessados devem encaminhar Curr\u00edculo ao e-mail oficial da Coordena\u00e7\u00e3o Regional de Educa\u00e7\u00e3o (<strong>regional.piresdorio@seduc.go.gov.br<\/strong>), contendo os contatos telef\u00f4nicos e endere\u00e7os de e-mail para correspond\u00eancias eletr\u00f4nicas.<\/p>\n<p style=\"text-align: justify\">Oportunamente esclarece, que a Coordena\u00e7\u00e3o Regional de Educa\u00e7\u00e3o de <strong>Pires do Rio<\/strong> instituir\u00e1 comiss\u00e3o pr\u00f3pria para as an\u00e1lises curriculares, que ser\u00e1 composta por integrante do Sindicato da categoria e membros da CRE, objetivando assim, a ado\u00e7\u00e3o de medidas e provid\u00eancias pertinentes ao suprimento de todos os d\u00e9ficits de professores existentes na Rede Estadual de Educa\u00e7\u00e3o de Goi\u00e1s, que garantam os servi\u00e7os prestados \u00e0 comunidade goiana.<\/p>\n<p style=\"text-align: center\">SEDUC\/GO<\/p>\n<hr \/>\n<h3 style=\"text-align: center\">COMUNICADO<\/h3>\n<p style=\"text-align: center\">P<strong>ARA CONTRATA\u00c7\u00c3O TEMPOR\u00c1RIA<\/strong><\/p>\n<pre style=\"text-align: center\">Publica\u00e7\u00e3o: 21\/05\/2024\nEncerramento: 23\/05\/2024 \u00e0s 18h\n<\/pre>\n<h4 style=\"text-align: center\"><strong><span style=\"color: #ff0000\">ENCERRADO<\/span><\/strong><\/h4>\n<p style=\"text-align: justify\">O Governo do Estado de Goi\u00e1s, atrav\u00e9s da Secretaria de Estado da Educa\u00e7\u00e3o, diante da inexist\u00eancia de Processo Seletivo Simplificado vigente no \u00e2mbito desta Pasta e considerando a exist\u00eancia de d\u00e9ficits de professores nas unidades escolares pertencentes ao munic\u00edpio de Ipameri, jurisdicionado \u00e0 Coordena\u00e7\u00e3o Regional de Educa\u00e7\u00e3o (CRE) de Pires do Rio, informa que est\u00e1 recebendo curr\u00edculos\u00a0 de professores com licenciatura em <strong>Letras \u00a0Portugu\u00eas\/Ingl\u00eas<\/strong> para sele\u00e7\u00e3o e contrata\u00e7\u00e3o tempor\u00e1ria com natureza emergencial para atender aos interesses da Administra\u00e7\u00e3o, para ministrar <strong>32 (trinta e duas)<\/strong> aulas semanais na(s) disciplina(s) de <strong>L\u00edngua Inglesa e afins<\/strong>, no(a) <strong>CEPI Professor C\u00e9sar Augusto Ceva e Col\u00e9gio Est. Prof. Eduardo Mancini<\/strong>, visando afastar eventuais preju\u00edzos educacionais e\/ou pedag\u00f3gicos aos estudantes da Rede Estadual de Educa\u00e7\u00e3o de Goi\u00e1s.<\/p>\n<p style=\"text-align: justify\">A presente convoca\u00e7\u00e3o justifica-se por d\u00e9ficit causado por afastamento em decorr\u00eancia de concess\u00e3o de <strong>Reabilita\u00e7\u00e3o Profissional<\/strong> e tempor\u00e1ria ao professor titular, conforme disciplina o art. 208, da Lei n.\u00ba 13.909, de 25 de setembro de 2001.<\/p>\n<p style=\"text-align: justify\">Os interessados devem encaminhar Curr\u00edculo ao e-mail oficial da Coordena\u00e7\u00e3o Regional de Educa\u00e7\u00e3o (<strong>regional.piresdorio@seduc.go.gov.br<\/strong>), contendo os contatos telef\u00f4nicos e endere\u00e7os de e-mail para correspond\u00eancias eletr\u00f4nicas.<\/p>\n<p style=\"text-align: justify\">Oportunamente esclarece, que a Coordena\u00e7\u00e3o Regional de Educa\u00e7\u00e3o de <strong>Pires do Rio<\/strong> instituir\u00e1 comiss\u00e3o pr\u00f3pria para as an\u00e1lises curriculares, que ser\u00e1 composta por integrante do Sindicato da categoria e membros da CRE, objetivando assim, a ado\u00e7\u00e3o de medidas e provid\u00eancias pertinentes ao suprimento de todos os d\u00e9ficits de professores existentes na Rede Estadual de Educa\u00e7\u00e3o de Goi\u00e1s, que garantam os servi\u00e7os prestados \u00e0 comunidade goiana.<\/p>\n<p style=\"text-align: center\">SEDUC\/GO<\/p>\n<hr \/>\n<h3 style=\"text-align: center\">COMUNICADO<\/h3>\n<p style=\"text-align: center\">P<strong>ARA CONTRATA\u00c7\u00c3O TEMPOR\u00c1RIA<\/strong><\/p>\n<pre style=\"text-align: center\">Publica\u00e7\u00e3o: 09\/05\/2024\nEncerramento: 13\/05\/2024 \u00e0s 18h\n<\/pre>\n<h4 style=\"text-align: center\"><strong><span style=\"color: #ff0000\">ENCERRADO<\/span><\/strong><\/h4>\n<p style=\"text-align: justify\">O Governo do Estado de Goi\u00e1s, atrav\u00e9s da Secretaria de Estado da Educa\u00e7\u00e3o, diante da inexist\u00eancia de Processo Seletivo Simplificado vigente no \u00e2mbito desta Pasta e considerando a exist\u00eancia de d\u00e9ficits de professores nas unidades escolares pertencentes ao munic\u00edpio de <strong>Orizona-GO<\/strong>, jurisdicionado \u00e0 Coordena\u00e7\u00e3o Regional de Educa\u00e7\u00e3o (CRE) de <strong>Pires do Rio<\/strong>, informa que est\u00e1 recebendo curr\u00edculos de <strong>Professor com licenciatura<\/strong> para sele\u00e7\u00e3o e contrata\u00e7\u00e3o tempor\u00e1ria de 1 (um) Pedagogo com natureza emergencial para atender aos interesses da Administra\u00e7\u00e3o, para exercer a fun\u00e7\u00e3o de PROFESSOR MEDIADOR DE TECNOLOGIA \u2013 Ensino M\u00e9dio Goi\u00e1s Tec, para ministrar <strong>24 (vinte e quatro)\u00a0 aulas semanais,<\/strong> no(a) <strong>N\u00facleo Estadual de Educa\u00e7\u00e3o do Campo Jo\u00e3o Gon\u00e7alves Ribeiro \u2013 Polo de Corumbajuba<\/strong>, visando afastar eventuais preju\u00edzos educacionais e\/ou pedag\u00f3gicos aos estudantes da Rede Estadual de Educa\u00e7\u00e3o de Goi\u00e1s.<\/p>\n<p style=\"text-align: justify\">A presente convoca\u00e7\u00e3o justifica-se por d\u00e9ficit causado por afastamento em decorr\u00eancia de <strong>licen\u00e7a m\u00e9dica<\/strong> do professor titular, conforme disciplina o art. 208, da Lei n.\u00ba 13.909, de 25 de setembro de 2001.<\/p>\n<p style=\"text-align: justify\">Os interessados devem encaminhar Curr\u00edculo ao e-mail oficial da Coordena\u00e7\u00e3o Regional de Educa\u00e7\u00e3o (<strong>regional.piresdorio@seduc.go.gov.br<\/strong>), contendo os contatos telef\u00f4nicos e endere\u00e7os de e-mail para correspond\u00eancias eletr\u00f4nicas.<\/p>\n<p style=\"text-align: justify\">Oportunamente esclarece, que a Coordena\u00e7\u00e3o Regional de Educa\u00e7\u00e3o de <strong>Pires do Rio<\/strong> instituir\u00e1 comiss\u00e3o pr\u00f3pria para as an\u00e1lises curriculares, que ser\u00e1 composta por integrante do Sindicato da categoria e membros da CRE, objetivando assim, a ado\u00e7\u00e3o de medidas e provid\u00eancias pertinentes ao suprimento de todos os d\u00e9ficits de professores existentes na Rede Estadual de Educa\u00e7\u00e3o de Goi\u00e1s, que garantam os servi\u00e7os prestados \u00e0 comunidade goiana.<\/p>\n<p style=\"text-align: center\">SEDUC\/GO<\/p>\n<hr \/>\n<h3 style=\"text-align: center\">COMUNICADO<\/h3>\n<p style=\"text-align: center\">P<strong>ARA CONTRATA\u00c7\u00c3O TEMPOR\u00c1RIA<\/strong><\/p>\n<pre style=\"text-align: center\">Publica\u00e7\u00e3o: 24\/04\/2024\nEncerramento: 26\/04\/2024 \u00e0s 18h\n<\/pre>\n<h4 class=\"entry-title\" style=\"text-align: center\"><span style=\"color: #ff0000\"><strong>ENCERRADO<\/strong><\/span><\/h4>\n<p style=\"text-align: justify\">O Governo do Estado de Goi\u00e1s, atrav\u00e9s da Secretaria de Estado da Educa\u00e7\u00e3o, diante da inexist\u00eancia de Processo Seletivo Simplificado vigente no \u00e2mbito desta Pasta e considerando a exist\u00eancia de d\u00e9ficits de professores nas unidades escolares pertencentes ao munic\u00edpio de <strong>Orizona<\/strong>, jurisdicionado \u00e0 Coordena\u00e7\u00e3o Regional de Educa\u00e7\u00e3o (CRE) de <strong>Pires do Rio<\/strong>, informa que est\u00e1 recebendo curr\u00edculos com forma\u00e7\u00e3o em <strong>PEDAGOGIA,<\/strong> para sele\u00e7\u00e3o e contrata\u00e7\u00e3o tempor\u00e1ria com natureza emergencial para atender aos interesses da Administra\u00e7\u00e3o, para ministrar <strong>16 (dezesseis)<\/strong> aulas semanais no <strong>ATENDIMENTO PEDAG\u00d3GICO DOMICILIAR<\/strong> no(a) <strong>CEPI Maria Benedita Velozo<\/strong>, visando afastar eventuais preju\u00edzos educacionais e\/ou pedag\u00f3gicos aos estudantes da Rede Estadual de Educa\u00e7\u00e3o de Goi\u00e1s.<\/p>\n<p style=\"text-align: justify\">A presente convoca\u00e7\u00e3o justifica-se por necessidade de atendimento pedag\u00f3gico domiciliar a estudante matriculado na unidade escolar.<\/p>\n<p style=\"text-align: justify\">Os interessados devem encaminhar Curr\u00edculo ao e-mail oficial da Coordena\u00e7\u00e3o Regional de Educa\u00e7\u00e3o (regional.piresdorio@seduc.go.gov.br), contendo os contatos telef\u00f4nicos e endere\u00e7os de e-mail para correspond\u00eancias eletr\u00f4nicas.<\/p>\n<p style=\"text-align: justify\">Oportunamente esclarece, que a Coordena\u00e7\u00e3o Regional de Educa\u00e7\u00e3o de <strong>Pires do Rio<\/strong> instituir\u00e1 comiss\u00e3o pr\u00f3pria para as an\u00e1lises curriculares, que ser\u00e1 composta por integrante do Sindicato da categoria e membros da CRE, objetivando assim, a ado\u00e7\u00e3o de medidas e provid\u00eancias pertinentes ao suprimento de todos os d\u00e9ficits de professores existentes na Rede Estadual de Educa\u00e7\u00e3o de Goi\u00e1s, que garantam os servi\u00e7os prestados \u00e0 comunidade goiana.<\/p>\n<p style=\"text-align: center\">SEDUC\/GO<\/p>\n<hr \/>\n<h3 style=\"text-align: center\">COMUNICADO<\/h3>\n<p style=\"text-align: center\">P<strong>ARA CONTRATA\u00c7\u00c3O TEMPOR\u00c1RIA<\/strong><\/p>\n<pre style=\"text-align: center\">Publica\u00e7\u00e3o: 24\/04\/2024\nEncerramento: 26\/04\/2024 \u00e0s 18h\n<\/pre>\n<h4 class=\"entry-title\" style=\"text-align: center\"><span style=\"color: #ff0000\"><strong>ENCERRADO<\/strong><\/span><\/h4>\n<p style=\"text-align: justify\">O Governo do Estado de Goi\u00e1s, atrav\u00e9s da Secretaria de Estado da Educa\u00e7\u00e3o, diante da inexist\u00eancia de Processo Seletivo Simplificado vigente no \u00e2mbito desta Pasta e considerando a exist\u00eancia de d\u00e9ficits de professores nas unidades escolares pertencentes ao munic\u00edpio de <strong>Palmelo<\/strong>, jurisdicionado \u00e0 Coordena\u00e7\u00e3o Regional de Educa\u00e7\u00e3o (CRE) de <strong>Pires do Rio<\/strong>, informa que est\u00e1 recebendo curr\u00edculos com forma\u00e7\u00e3o em <strong>PEDAGOGIA<\/strong> para sele\u00e7\u00e3o e contrata\u00e7\u00e3o tempor\u00e1ria com natureza emergencial para atender aos interesses da Administra\u00e7\u00e3o, para ministrar <strong>16 (dezesseis)<\/strong> aulas semanais no <strong>ATENDIMENTO PEDAG\u00d3GICO DOMICILIAR<\/strong> no(a) <strong>Col\u00e9gio Estadual Eur\u00edpedes Barsanulfo<\/strong>, visando afastar eventuais preju\u00edzos educacionais e\/ou pedag\u00f3gicos aos estudantes da Rede Estadual de Educa\u00e7\u00e3o de Goi\u00e1s.<\/p>\n<p style=\"text-align: justify\">A presente convoca\u00e7\u00e3o justifica-se por necessidade de atendimento pedag\u00f3gico domiciliar a estudante matriculado na unidade escolar.<\/p>\n<p style=\"text-align: justify\">Os interessados devem encaminhar Curr\u00edculo ao e-mail oficial da Coordena\u00e7\u00e3o Regional de Educa\u00e7\u00e3o (regional.piresdorio@seduc.go.gov.br), contendo os contatos telef\u00f4nicos e endere\u00e7os de e-mail para correspond\u00eancias eletr\u00f4nicas.<\/p>\n<p style=\"text-align: justify\">Oportunamente esclarece, que a Coordena\u00e7\u00e3o Regional de Educa\u00e7\u00e3o de <strong>Pires do Rio<\/strong> instituir\u00e1 comiss\u00e3o pr\u00f3pria para as an\u00e1lises curriculares, que ser\u00e1 composta por integrante do Sindicato da categoria e membros da CRE, objetivando assim, a ado\u00e7\u00e3o de medidas e provid\u00eancias pertinentes ao suprimento de todos os d\u00e9ficits de professores existentes na Rede Estadual de Educa\u00e7\u00e3o de Goi\u00e1s, que garantam os servi\u00e7os prestados \u00e0 comunidade goiana.<\/p>\n<p style=\"text-align: center\">SEDUC\/GO<\/p>\n<hr \/>\n<h3 style=\"text-align: center\">COMUNICADO<\/h3>\n<p style=\"text-align: center\">P<strong>ARA CONTRATA\u00c7\u00c3O TEMPOR\u00c1RIA<\/strong><\/p>\n<pre style=\"text-align: center\">Publica\u00e7\u00e3o: 24\/04\/2024\nEncerramento: 26\/04\/2024 \u00e0s 18h\n<\/pre>\n<h4 class=\"entry-title\" style=\"text-align: center\"><span style=\"color: #ff0000\"><strong>ENCERRADO<\/strong><\/span><\/h4>\n<p style=\"text-align: justify\">O Governo do Estado de Goi\u00e1s, atrav\u00e9s da Secretaria de Estado da Educa\u00e7\u00e3o, diante da inexist\u00eancia de Processo Seletivo Simplificado vigente no \u00e2mbito desta Pasta e considerando a exist\u00eancia de d\u00e9ficits de professores nas unidades escolares pertencentes ao munic\u00edpio de <strong>Pires do Rio<\/strong>, jurisdicionado \u00e0 Coordena\u00e7\u00e3o Regional de Educa\u00e7\u00e3o (CRE) de <strong>Pires do Rio<\/strong>, informa que est\u00e1 recebendo curr\u00edculos com forma\u00e7\u00e3o em <strong>PEDAGOGIA<\/strong>, para sele\u00e7\u00e3o e contrata\u00e7\u00e3o tempor\u00e1ria com natureza emergencial para atender aos interesses da Administra\u00e7\u00e3o, para ministrar <strong>16 (dezesseis)<\/strong> aulas semanais no <strong>ATENDIMENTO PEDAG\u00d3GICO DOMICILIAR<\/strong> no(a) <strong>CEPMG Professor Ivan Ferreira<\/strong>, visando afastar eventuais preju\u00edzos educacionais e\/ou pedag\u00f3gicos aos estudantes da Rede Estadual de Educa\u00e7\u00e3o de Goi\u00e1s.<\/p>\n<p style=\"text-align: justify\">A presente convoca\u00e7\u00e3o justifica-se por necessidade de atendimento pedag\u00f3gico domiciliar a estudante matriculado na unidade escolar.<\/p>\n<p style=\"text-align: justify\">Os interessados devem encaminhar Curr\u00edculo ao e-mail oficial da Coordena\u00e7\u00e3o Regional de Educa\u00e7\u00e3o (regional.piresdorio@seduc.go.gov.br), contendo os contatos telef\u00f4nicos e endere\u00e7os de e-mail para correspond\u00eancias eletr\u00f4nicas.<\/p>\n<p style=\"text-align: justify\">Oportunamente esclarece, que a Coordena\u00e7\u00e3o Regional de Educa\u00e7\u00e3o de <strong>Pires do Rio<\/strong> instituir\u00e1 comiss\u00e3o pr\u00f3pria para as an\u00e1lises curriculares, que ser\u00e1 composta por integrante do Sindicato da categoria e membros da CRE, objetivando assim, a ado\u00e7\u00e3o de medidas e provid\u00eancias pertinentes ao suprimento de todos os d\u00e9ficits de professores existentes na Rede Estadual de Educa\u00e7\u00e3o de Goi\u00e1s, que garantam os servi\u00e7os prestados \u00e0 comunidade goiana.<\/p>\n<p style=\"text-align: center\">SEDUC\/GO<\/p>\n<hr \/>\n<h3 style=\"text-align: center\">COMUNICADO<\/h3>\n<p style=\"text-align: center\">P<strong>ARA CONTRATA\u00c7\u00c3O TEMPOR\u00c1RIA<\/strong><\/p>\n<pre style=\"text-align: center\">Publica\u00e7\u00e3o: 24\/04\/2024\nEncerramento: 26\/04\/2024 \u00e0s 18h\n<\/pre>\n<h4 class=\"entry-title\" style=\"text-align: center\"><span style=\"color: #ff0000\"><strong>ENCERRADO<\/strong><\/span><\/h4>\n<p style=\"text-align: justify\">O Governo do Estado de Goi\u00e1s, atrav\u00e9s da Secretaria de Estado da Educa\u00e7\u00e3o, diante da inexist\u00eancia de Processo Seletivo Simplificado vigente no \u00e2mbito desta Pasta e considerando a exist\u00eancia de d\u00e9ficits de professores nas unidades escolares pertencente ao <strong>Distrito &#8211; Domiciano Ribeiro \u2013 munic\u00edpio de Ipameri<\/strong>, jurisdicionado \u00e0 Coordena\u00e7\u00e3o Regional de Educa\u00e7\u00e3o (CRE) de <strong>Pires do Rio<\/strong>, informa que est\u00e1 recebendo curr\u00edculos de professores(as) com Licenciatura em <strong>PEDAGOGIA<\/strong> para sele\u00e7\u00e3o e contrata\u00e7\u00e3o tempor\u00e1ria com natureza emergencial para atender aos interesses da Administra\u00e7\u00e3o, para exercer a fun\u00e7\u00e3o de\u00a0<strong>Coordenador(a) Pedag\u00f3gico(a), com a jornada de trabalho de 40 (quarenta) horas semanais, nos dois turnos: matutino e vespertino<\/strong>, no(a) <strong>Col\u00e9gio Estadual Rodolfo Braz de Queiroz, <\/strong>visando afastar eventuais preju\u00edzos educacionais e\/ou pedag\u00f3gicos aos estudantes da Rede Estadual de Educa\u00e7\u00e3o de Goi\u00e1s.<\/p>\n<p style=\"text-align: justify\">A presente convoca\u00e7\u00e3o justifica-se por d\u00e9ficit causado por afastamento em decorr\u00eancia de de rescis\u00e3o contratual de professor que ministrava as aulas.<\/p>\n<p style=\"text-align: justify\">Os interessados devem encaminhar Curr\u00edculo ao e-mail oficial da Coordena\u00e7\u00e3o Regional de Educa\u00e7\u00e3o (regional.piresdorio@seduc.go.gov.br), contendo os contatos telef\u00f4nicos e endere\u00e7os de e-mail para correspond\u00eancias eletr\u00f4nicas.<\/p>\n<p style=\"text-align: justify\">Oportunamente esclarece, que a Coordena\u00e7\u00e3o Regional de Educa\u00e7\u00e3o de <strong>Pires do Rio<\/strong> instituir\u00e1 comiss\u00e3o pr\u00f3pria para as an\u00e1lises curriculares, que ser\u00e1 composta por integrante do Sindicato da categoria e membros da CRE, objetivando assim, a ado\u00e7\u00e3o de medidas e provid\u00eancias pertinentes ao suprimento de todos os d\u00e9ficits de professores existentes na Rede Estadual de Educa\u00e7\u00e3o de Goi\u00e1s, que garantam os servi\u00e7os prestados \u00e0 comunidade goiana.<\/p>\n<p style=\"text-align: center\">SEDUC\/GO<\/p>\n<hr \/>\n<h3 style=\"text-align: center\">COMUNICADO<\/h3>\n<p style=\"text-align: center\">P<strong>ARA CONTRATA\u00c7\u00c3O TEMPOR\u00c1RIA<\/strong><\/p>\n<pre style=\"text-align: center\">Publica\u00e7\u00e3o: 24\/04\/2024\nEncerramento: 26\/04\/2024 \u00e0s 18h\n<\/pre>\n<h4 class=\"entry-title\" style=\"text-align: center\"><span style=\"color: #ff0000\"><strong>ENCERRADO<\/strong><\/span><\/h4>\n<p style=\"text-align: justify\">O Governo do Estado de Goi\u00e1s, atrav\u00e9s da Secretaria de Estado da Educa\u00e7\u00e3o, diante da inexist\u00eancia de Processo Seletivo Simplificado vigente no \u00e2mbito desta Pasta e considerando a exist\u00eancia de d\u00e9ficits de professores nas unidades escolares pertencentes ao munic\u00edpio de <strong>Pires do Rio<\/strong>, jurisdicionado \u00e0 Coordena\u00e7\u00e3o Regional de Educa\u00e7\u00e3o (CRE) de <strong>Pires do Rio<\/strong>, informa que est\u00e1 recebendo curr\u00edculos de professores(as) com Licenciatura em <strong>L\u00cdNGUA PORTUGUESA<\/strong> para sele\u00e7\u00e3o e contrata\u00e7\u00e3o tempor\u00e1ria com natureza emergencial para atender aos interesses da Administra\u00e7\u00e3o, para ministrar <strong>32 (trinta e duas)<\/strong> aulas semanais na(s) disciplina(s) \u00a0<strong>L\u00edngua Portuguesa e afins,<\/strong> no(a)<strong> CEPMG Professor Ivan Ferreira<\/strong>, visando afastar eventuais preju\u00edzos educacionais e\/ou pedag\u00f3gicos aos estudantes da Rede Estadual de Educa\u00e7\u00e3o de Goi\u00e1s.<\/p>\n<p style=\"text-align: justify\">A presente convoca\u00e7\u00e3o justifica-se por d\u00e9ficit causado por afastamento em decorr\u00eancia de concess\u00e3o de licen\u00e7a para tratamento de sa\u00fade de professor titular, conforme disciplina o art. 208, da Lei n.\u00ba 13.909, de 25 de setembro de 2001.<\/p>\n<p style=\"text-align: justify\">Os interessados devem encaminhar Curr\u00edculo ao e-mail oficial da Coordena\u00e7\u00e3o Regional de Educa\u00e7\u00e3o (regional.piresdorio@seduc.go.gov.br), contendo os contatos telef\u00f4nicos e endere\u00e7os de e-mail para correspond\u00eancias eletr\u00f4nicas.<\/p>\n<p style=\"text-align: justify\">Oportunamente esclarece, que a Coordena\u00e7\u00e3o Regional de Educa\u00e7\u00e3o de <strong>Pires do Rio<\/strong> instituir\u00e1 comiss\u00e3o pr\u00f3pria para as an\u00e1lises curriculares, que ser\u00e1 composta por integrante do Sindicato da categoria e membros da CRE, objetivando assim, a ado\u00e7\u00e3o de medidas e provid\u00eancias pertinentes ao suprimento de todos os d\u00e9ficits de professores existentes na Rede Estadual de Educa\u00e7\u00e3o de Goi\u00e1s, que garantam os servi\u00e7os prestados \u00e0 comunidade goiana.<\/p>\n<p style=\"text-align: center\">SEDUC\/GO<\/p>\n<hr \/>\n<h3 style=\"text-align: center\">COMUNICADO<\/h3>\n<p style=\"text-align: center\">P<strong>ARA CONTRATA\u00c7\u00c3O TEMPOR\u00c1RIA<\/strong><\/p>\n<pre style=\"text-align: center\">Publica\u00e7\u00e3o: 24\/04\/2024\nEncerramento: 26\/04\/2024 \u00e0s 18h\n<\/pre>\n<h4 class=\"entry-title\" style=\"text-align: center\"><span style=\"color: #ff0000\"><strong>ENCERRADO<\/strong><\/span><\/h4>\n<p style=\"text-align: justify\">O Governo do Estado de Goi\u00e1s, atrav\u00e9s da Secretaria de Estado da Educa\u00e7\u00e3o, diante da inexist\u00eancia de Processo Seletivo Simplificado vigente no \u00e2mbito desta Pasta e considerando a exist\u00eancia de d\u00e9ficits de professores nas unidades escolares pertencentes ao munic\u00edpio de <strong>Pires do Rio<\/strong>, jurisdicionado \u00e0 Coordena\u00e7\u00e3o Regional de Educa\u00e7\u00e3o (CRE) de <strong>Pires do Rio<\/strong>, informa que est\u00e1 recebendo curr\u00edculos de professores(as) com Licenciatura em <strong>GEOGRAFIA<\/strong> para sele\u00e7\u00e3o e contrata\u00e7\u00e3o tempor\u00e1ria com natureza emergencial para atender aos interesses da Administra\u00e7\u00e3o, para ministrar <strong>32 (trinta e duas)<\/strong> aulas semanais na(s) disciplina(s) \u00a0<strong>Geografia e afins, <\/strong>no(a)<strong> \u00a0CEPI Augusto Monteiro de Godoy<\/strong>, visando afastar eventuais preju\u00edzos educacionais e\/ou pedag\u00f3gicos aos estudantes da Rede Estadual de Educa\u00e7\u00e3o de Goi\u00e1s.<\/p>\n<p style=\"text-align: justify\">A presente convoca\u00e7\u00e3o justifica-se por d\u00e9ficit causado por afastamento em decorr\u00eancia de concess\u00e3o de licen\u00e7a para tratamento de sa\u00fade de professor titular, conforme disciplina o art. 208, da Lei n.\u00ba 13.909, de 25 de setembro de 2001.<\/p>\n<p style=\"text-align: justify\">Os interessados devem encaminhar Curr\u00edculo ao e-mail oficial da Coordena\u00e7\u00e3o Regional de Educa\u00e7\u00e3o (regional.piresdorio@seduc.go.gov.br), contendo os contatos telef\u00f4nicos e endere\u00e7os de e-mail para correspond\u00eancias eletr\u00f4nicas.<\/p>\n<p style=\"text-align: justify\">Oportunamente esclarece, que a Coordena\u00e7\u00e3o Regional de Educa\u00e7\u00e3o de <strong>Pires do Rio<\/strong> instituir\u00e1 comiss\u00e3o pr\u00f3pria para as an\u00e1lises curriculares, que ser\u00e1 composta por integrante do Sindicato da categoria e membros da CRE, objetivando assim, a ado\u00e7\u00e3o de medidas e provid\u00eancias pertinentes ao suprimento de todos os d\u00e9ficits de professores existentes na Rede Estadual de Educa\u00e7\u00e3o de Goi\u00e1s, que garantam os servi\u00e7os prestados \u00e0 comunidade goiana.<\/p>\n<p style=\"text-align: center\">SEDUC\/GO<\/p>\n<hr \/>\n<h3 style=\"text-align: center\">COMUNICADO<\/h3>\n<p style=\"text-align: center\">P<strong>ARA CONTRATA\u00c7\u00c3O TEMPOR\u00c1RIA<\/strong><\/p>\n<pre style=\"text-align: center\">Publica\u00e7\u00e3o: 24\/04\/2024\nEncerramento: 26\/04\/2024 \u00e0s 18h\n<\/pre>\n<h4 class=\"entry-title\" style=\"text-align: center\"><span style=\"color: #ff0000\"><strong>ENCERRADO<\/strong><\/span><\/h4>\n<p style=\"text-align: justify\">O Governo do Estado de Goi\u00e1s, atrav\u00e9s da Secretaria de Estado da Educa\u00e7\u00e3o, diante da inexist\u00eancia de Processo Seletivo Simplificado vigente no \u00e2mbito desta Pasta e considerando a exist\u00eancia de d\u00e9ficits de professores nas unidades escolares pertencentes ao munic\u00edpio de <strong>Ipameri,<\/strong> jurisdicionado \u00e0 Coordena\u00e7\u00e3o Regional de Educa\u00e7\u00e3o (CRE) de Pires do Rio, informa que est\u00e1 recebendo curr\u00edculos de professores(as) com Licenciatura em <strong>L\u00cdNGUA PORTUGUESA\/INGLESA<\/strong> para sele\u00e7\u00e3o e contrata\u00e7\u00e3o tempor\u00e1ria com natureza emergencial para atender aos interesses da Administra\u00e7\u00e3o, para ministrar <strong>32 (trinta e duas)<\/strong> aulas semanais na(s) disciplina(s) <strong>L\u00edngua Portuguesa, L\u00edngua Inglesa e afins,<\/strong> no(a) <strong>CEPMG Jos\u00e9 Pio de Santana<\/strong>, visando afastar eventuais preju\u00edzos educacionais e\/ou pedag\u00f3gicos aos estudantes da Rede Estadual de Educa\u00e7\u00e3o de Goi\u00e1s.<\/p>\n<p style=\"text-align: justify\">A presente convoca\u00e7\u00e3o justifica-se por d\u00e9ficit causado por afastamento em decorr\u00eancia de concess\u00e3o de licen\u00e7a para tratamento de sa\u00fade de professor titular, conforme disciplina o art. 208, da Lei n.\u00ba 13.909, de 25 de setembro de 2001.<\/p>\n<p style=\"text-align: justify\">Os interessados devem encaminhar Curr\u00edculo ao e-mail oficial da Coordena\u00e7\u00e3o Regional de Educa\u00e7\u00e3o (regional.piresdorio@seduc.go.gov.br), contendo os contatos telef\u00f4nicos e endere\u00e7os de e-mail para correspond\u00eancias eletr\u00f4nicas.<\/p>\n<p style=\"text-align: justify\">Oportunamente esclarece, que a Coordena\u00e7\u00e3o Regional de Educa\u00e7\u00e3o de Pires do Rio instituir\u00e1 comiss\u00e3o pr\u00f3pria para as an\u00e1lises curriculares, que ser\u00e1 composta por integrante do Sindicato da categoria e membros da CRE, objetivando assim, a ado\u00e7\u00e3o de medidas e provid\u00eancias pertinentes ao suprimento de todos os d\u00e9ficits de professores existentes na Rede Estadual de Educa\u00e7\u00e3o de Goi\u00e1s, que garantam os servi\u00e7os prestados \u00e0 comunidade goiana.<\/p>\n<p style=\"text-align: center\">SEDUC\/GO<\/p>\n<hr \/>\n<h3 style=\"text-align: center\">COMUNICADO<\/h3>\n<p style=\"text-align: center\">P<strong>ARA CONTRATA\u00c7\u00c3O TEMPOR\u00c1RIA<\/strong><\/p>\n<pre style=\"text-align: center\">Publica\u00e7\u00e3o: 24\/04\/2024\nEncerramento: 26\/04\/2024 \u00e0s 18h\n<\/pre>\n<h4 class=\"entry-title\" style=\"text-align: center\"><span style=\"color: #ff0000\"><strong>ENCERRADO<\/strong><\/span><\/h4>\n<p style=\"text-align: justify\">O Governo do Estado de Goi\u00e1s, atrav\u00e9s da Secretaria de Estado da Educa\u00e7\u00e3o, diante da inexist\u00eancia de Processo Seletivo Simplificado vigente no \u00e2mbito desta Pasta e considerando a exist\u00eancia de d\u00e9ficits de professores nas unidades escolares pertencentes ao munic\u00edpio de <strong>Uruta\u00ed<\/strong>, jurisdicionado \u00e0 Coordena\u00e7\u00e3o Regional de Educa\u00e7\u00e3o (CRE) de <strong>Pires do Rio<\/strong>, informa que est\u00e1 recebendo curr\u00edculos de professores(as) com Licenciatura em <strong>CI\u00caNCIAS BIOL\u00d3GICAS <\/strong>ou<strong> QU\u00cdMICA <\/strong>para sele\u00e7\u00e3o e contrata\u00e7\u00e3o tempor\u00e1ria com natureza emergencial para atender aos interesses da Administra\u00e7\u00e3o, para ministrar <strong>20 (vinte)<\/strong> aulas semanais na(s) disciplina(s) <strong>Biologia, Qu\u00edmica e afins, <\/strong>no(a) <strong>Col\u00e9gio Estadual Dr. Vasco dos Reis Gon\u00e7alves<\/strong>, visando afastar eventuais preju\u00edzos educacionais e\/ou pedag\u00f3gicos aos estudantes da Rede Estadual de Educa\u00e7\u00e3o de Goi\u00e1s.<\/p>\n<p style=\"text-align: justify\">A presente convoca\u00e7\u00e3o justifica-se por d\u00e9ficit causado por afastamento em decorr\u00eancia de Licen\u00e7a Maternidade concedida a professora titular, conforme disciplina o art. 208, da Lei n.\u00ba 13.909, de 25 de setembro de 2001.<\/p>\n<p style=\"text-align: justify\">Os interessados devem encaminhar Curr\u00edculo ao e-mail oficial da Coordena\u00e7\u00e3o Regional de Educa\u00e7\u00e3o (regional.piresdorio@seduc.go.gov.br), contendo os contatos telef\u00f4nicos e endere\u00e7os de e-mail para correspond\u00eancias eletr\u00f4nicas.<\/p>\n<p style=\"text-align: justify\">Oportunamente esclarece, que a Coordena\u00e7\u00e3o Regional de Educa\u00e7\u00e3o de Pires do Rio instituir\u00e1 comiss\u00e3o pr\u00f3pria para as an\u00e1lises curriculares, que ser\u00e1 composta por integrante do Sindicato da categoria e membros da CRE, objetivando assim, a ado\u00e7\u00e3o de medidas e provid\u00eancias pertinentes ao suprimento de todos os d\u00e9ficits de professores existentes na Rede Estadual de Educa\u00e7\u00e3o de Goi\u00e1s, que garantam os servi\u00e7os prestados \u00e0 comunidade goiana.<\/p>\n<p style=\"text-align: center\">SEDUC\/GO<\/p>\n<hr \/>\n<h3 style=\"text-align: center\">COMUNICADO<\/h3>\n<p style=\"text-align: center\">P<strong>ARA CONTRATA\u00c7\u00c3O TEMPOR\u00c1RIA<\/strong><\/p>\n<pre style=\"text-align: center\">Publica\u00e7\u00e3o: 24\/04\/2024\nEncerramento: 26\/04\/2024 \u00e0s 18h\n<\/pre>\n<h4 class=\"entry-title\" style=\"text-align: center\"><span style=\"color: #ff0000\"><strong>ENCERRADO<\/strong><\/span><\/h4>\n<p style=\"text-align: justify\">O Governo do Estado de Goi\u00e1s, atrav\u00e9s da Secretaria de Estado da Educa\u00e7\u00e3o, diante da inexist\u00eancia de Processo Seletivo Simplificado vigente no \u00e2mbito desta Pasta e considerando a exist\u00eancia de d\u00e9ficits de professores nas unidades escolares pertencentes ao munic\u00edpio de <strong>Pires do Rio<\/strong>, jurisdicionado \u00e0 Coordena\u00e7\u00e3o Regional de Educa\u00e7\u00e3o (CRE) de Pires do Rio, informa que est\u00e1 recebendo curr\u00edculos de professores(as) com Licenciatura em <strong>HIST\u00d3RIA<\/strong> para sele\u00e7\u00e3o e contrata\u00e7\u00e3o tempor\u00e1ria com natureza emergencial para atender aos interesses da Administra\u00e7\u00e3o, para ministrar <strong>32 (trinta e duas)<\/strong> aulas semanais na(s) disciplina(s) \u00a0<strong>Hist\u00f3ria e afins, <\/strong>no(a)<strong> \u00a0CEPI Augusto Monteiro de Godoy<\/strong>, visando afastar eventuais preju\u00edzos educacionais e\/ou pedag\u00f3gicos aos estudantes da Rede Estadual de Educa\u00e7\u00e3o de Goi\u00e1s.<\/p>\n<p style=\"text-align: justify\">A presente convoca\u00e7\u00e3o justifica-se por d\u00e9ficit causado por afastamento em decorr\u00eancia de concess\u00e3o de licen\u00e7a para tratamento de sa\u00fade de professor titular, conforme disciplina o art. 208, da Lei n.\u00ba 13.909, de 25 de setembro de 2001.<\/p>\n<p style=\"text-align: justify\">Os interessados devem encaminhar Curr\u00edculo ao e-mail oficial da Coordena\u00e7\u00e3o Regional de Educa\u00e7\u00e3o (regional.piresdorio@seduc.go.gov.br), contendo os contatos telef\u00f4nicos e endere\u00e7os de e-mail para correspond\u00eancias eletr\u00f4nicas.<\/p>\n<p style=\"text-align: justify\">Oportunamente esclarece, que a Coordena\u00e7\u00e3o Regional de Educa\u00e7\u00e3o de Pires do Rio instituir\u00e1 comiss\u00e3o pr\u00f3pria para as an\u00e1lises curriculares, que ser\u00e1 composta por integrante do Sindicato da categoria e membros da CRE, objetivando assim, a ado\u00e7\u00e3o de medidas e provid\u00eancias pertinentes ao suprimento de todos os d\u00e9ficits de professores existentes na Rede Estadual de Educa\u00e7\u00e3o de Goi\u00e1s, que garantam os servi\u00e7os prestados \u00e0 comunidade goiana.<\/p>\n<p style=\"text-align: center\">SEDUC\/GO<\/p>\n<hr \/>\n<h3 style=\"text-align: center\">COMUNICADO<\/h3>\n<p style=\"text-align: center\">P<strong>ARA CONTRATA\u00c7\u00c3O TEMPOR\u00c1RIA<\/strong><\/p>\n<pre style=\"text-align: center\">Publica\u00e7\u00e3o: 10\/04\/2024\nEncerramento: 12\/04\/2024 \u00e0s 18h\n<\/pre>\n<p style=\"text-align: center\"><span style=\"color: red\"><strong>ENCERRADO<\/strong><\/span><\/p>\n<p style=\"text-align: justify\">O Governo do Estado de Goi\u00e1s, atrav\u00e9s da Secretaria de Estado da Educa\u00e7\u00e3o, diante da inexist\u00eancia de Processo Seletivo Simplificado vigente no \u00e2mbito desta Pasta e considerando a exist\u00eancia de d\u00e9ficit de professor na unidade escolar pertencente ao Distrito de <b>Domiciano Ribeiro \u2013 Munic\u00edpio de Ipameri, <\/b>jurisdicionado \u00e0 Coordena\u00e7\u00e3o Regional de Educa\u00e7\u00e3o (CRE) de <b>Pires do Rio<\/b>, informa que est\u00e1 recebendo curr\u00edculos para sele\u00e7\u00e3o e contrata\u00e7\u00e3o tempor\u00e1ria com natureza emergencial para atender aos interesses da Administra\u00e7\u00e3o, para ministrar <b>32 (trinta e duas) aulas<\/b> <b>semanais, na(s) disciplina(s) L\u00edngua Portuguesa e Estudo Orientado de L\u00edngua Portuguesa, <\/b>no Col\u00e9gio Estadual Rodolfo Braz de Queiroz \u2013 Domiciano Ribeiro \u2013 Ipameri, visando afastar eventuais preju\u00edzos educacionais e\/ou pedag\u00f3gicos aos estudantes da Rede Estadual de Educa\u00e7\u00e3o de Goi\u00e1s.<\/p>\n<p style=\"text-align: justify\">A presente convoca\u00e7\u00e3o justifica-se por d\u00e9ficit causado por afastamento em decorr\u00eancia de solicita\u00e7\u00e3o de rescis\u00e3o contratual de professor tempor\u00e1rio que ministrava as aulas.<\/p>\n<p style=\"text-align: justify\">Os interessados devem encaminhar Curr\u00edculo ao e-mail oficial da Coordena\u00e7\u00e3o Regional de Educa\u00e7\u00e3o (<a href=\"mailto:regional.piresdorio@seduc.go.gov.br\">regional.piresdorio@seduc.go.gov.br<\/a>), contendo os contatos telef\u00f4nicos e endere\u00e7os de e-mail para correspond\u00eancias eletr\u00f4nicas.<\/p>\n<p style=\"text-align: justify\">Oportunamente esclarece, que a Coordena\u00e7\u00e3o Regional de Educa\u00e7\u00e3o de <b>Pires do Rio<\/b> instituir\u00e1 comiss\u00e3o pr\u00f3pria para as an\u00e1lises curriculares, que ser\u00e1 composta por integrante do Sindicato da categoria e membros da CRE, objetivando assim, a ado\u00e7\u00e3o de medidas e provid\u00eancias pertinentes ao suprimento de todos os d\u00e9ficits de professores existentes na Rede Estadual de Educa\u00e7\u00e3o de Goi\u00e1s, que garantam os servi\u00e7os prestados \u00e0 comunidade goiana.<\/p>\n<p style=\"text-align: center\">SEDUC\/GO<\/p>\n<hr \/>\n<h3 style=\"text-align: center\">COMUNICADO<\/h3>\n<p style=\"text-align: center\">P<strong>ARA CONTRATA\u00c7\u00c3O TEMPOR\u00c1RIA<\/strong><\/p>\n<pre style=\"text-align: center\">Publica\u00e7\u00e3o: 03\/04\/2024\nEncerramento: 08\/04\/2024 \u00e0s 18h\n<\/pre>\n<p style=\"text-align: center\"><span style=\"color: red\"><strong>ENCERRADO<\/strong><\/span><\/p>\n<p style=\"text-align: justify\">O Governo do Estado de Goi\u00e1s, atrav\u00e9s da Secretaria de Estado da Educa\u00e7\u00e3o, diante da inexist\u00eancia de candidatos habilitados e remanescentes a serem convocados pelo Processo Seletivo Simplificado Edital n\u00ba 008\/2021 \u2013 SEAD e considerando a exist\u00eancia de d\u00e9ficits de professores na(s) unidade(s) escolar(es) pertencente(s) ao munic\u00edpio de<b> Orizona &#8211; GO<\/b>, <b>N\u00facleo Estadual de Educa\u00e7\u00e3o do Campo \u00a0Jo\u00e3o Gon\u00e7alves Ribeiro<\/b>, Unidade Escolar jurisdicionada \u00e0 Coordena\u00e7\u00e3o Regional de Educa\u00e7\u00e3o (CRE) de <b>Pires do Rio<\/b>, informa que est\u00e1 recebendo curr\u00edculos \u00a0de <b>professores graduados em<\/b> <b>Pedagogia<\/b> para sele\u00e7\u00e3o e contrata\u00e7\u00e3o tempor\u00e1ria com natureza emergencial para atender aos interesses da Administra\u00e7\u00e3o, para assumir a fun\u00e7\u00e3o de <b>Coordenador(a) Pedag\u00f3gico(a) com a jornada de trabalho de 40 horas semanais, distribu\u00eddas nos dois turnos: vespertino e noturno.<\/b><\/p>\n<p style=\"text-align: justify\">Os interessados devem encaminhar Curr\u00edculo ao e-mail oficial da Coordena\u00e7\u00e3o Regional de Educa\u00e7\u00e3o (regional.piresdorio@seduc.go.gov.br), contendo os contatos telef\u00f4nicos e endere\u00e7os de e-mail para correspond\u00eancias eletr\u00f4nicas.<\/p>\n<p style=\"text-align: justify\">Oportunamente, esclarece que a Coordena\u00e7\u00e3o Regional de Educa\u00e7\u00e3o de Pires do Rio instituir\u00e1 comiss\u00e3o pr\u00f3pria para as an\u00e1lises curriculares, que ser\u00e1 composta por integrantes do Sindicato da categoria e membros da CRE, objetivando assim, a ado\u00e7\u00e3o de medidas e provid\u00eancias pertinentes ao suprimento de todos os d\u00e9ficits de professores regentes e\/ou Fun\u00e7\u00e3o de Magist\u00e9rio existentes na Rede Estadual de Educa\u00e7\u00e3o, que garantam os servi\u00e7os prestados \u00e0 comunidade goiana.<\/p>\n<p style=\"text-align: center\">SEDUC\/GO<\/p>\n<hr \/>\n<h3 style=\"text-align: center\">COMUNICADO<\/h3>\n<p style=\"text-align: center\">P<strong>ARA CONTRATA\u00c7\u00c3O TEMPOR\u00c1RIA<\/strong><\/p>\n<pre style=\"text-align: center\">Publica\u00e7\u00e3o: 18\/03\/2024\nEncerramento: 21\/03\/2024 \u00e0s 18h\n\n\n<\/pre>\n<p style=\"text-align: center\"><span style=\"color: red\"><strong>ENCERRADO<\/strong><\/span><\/p>\n<p style=\"text-align: center\">O Governo do Estado de Goi\u00e1s, atrav\u00e9s da Secretaria de Estado da Educa\u00e7\u00e3o, diante da inexist\u00eancia de candidatos habilitados e remanescentes a serem convocados pelo Processo Seletivo Simplificado Edital n\u00ba 008\/2021 \u2013 SEAD e considerando a exist\u00eancia de d\u00e9ficits de professores na(s) unidade(s) escolar(es) pertencente(s) ao munic\u00edpio de<b> Pires do Rio\/GO<\/b> &#8211; <b>Col\u00e9gio Estadual Dr. Francisco Accioli<\/b>, Unidade Escolar jurisdicionada \u00e0 Coordena\u00e7\u00e3o Regional de Educa\u00e7\u00e3o (CRE) de <b>Pires do Rio<\/b>, informa que est\u00e1 recebendo curr\u00edculos para sele\u00e7\u00e3o e contrata\u00e7\u00e3o tempor\u00e1ria com natureza emergencial para atender aos interesses da Administra\u00e7\u00e3o, \u00a0Professor com gradua\u00e7\u00e3o em <b>QU\u00cdMICA, <\/b>para ministrar aulas nas disciplina(s<b>): Qu\u00edmica (12 aulas); F\u00edsica (08 aulas); Ci\u00eancias da Natureza (03 aulas); Eletiva (01 aula) = Total de 24 aulas semanais.<\/b><\/p>\n<p style=\"text-align: justify\">Os interessados devem encaminhar Curr\u00edculo ao e-mail oficial da Coordena\u00e7\u00e3o Regional de Educa\u00e7\u00e3o (regional.piresdorio@seduc.go.gov.br), contendo os contatos telef\u00f4nicos e endere\u00e7os de e-mail para correspond\u00eancias eletr\u00f4nicas.<\/p>\n<p style=\"text-align: justify\">Oportunamente, esclarece que a Coordena\u00e7\u00e3o Regional de Educa\u00e7\u00e3o de Pires do Rio instituir\u00e1 comiss\u00e3o pr\u00f3pria para as an\u00e1lises curriculares, que ser\u00e1 composta por integrantes do Sindicato da categoria e membros da CRE, objetivando assim, a ado\u00e7\u00e3o de medidas e provid\u00eancias pertinentes ao suprimento de todos os d\u00e9ficits de professores regentes e\/ou Fun\u00e7\u00e3o de Magist\u00e9rio existentes na Rede Estadual de Educa\u00e7\u00e3o, que garantam os servi\u00e7os prestados \u00e0 comunidade goiana.<\/p>\n<p style=\"text-align: center\">SEDUC\/GO<\/p>\n<hr \/>\n<h3 style=\"text-align: center\">COMUNICADO<\/h3>\n<pre style=\"text-align: center\">Publica\u00e7\u00e3o: 08\/03\/2024\nEncerramento: 13\/03\/2024 \u00e0s 18h\n\n<\/pre>\n<p style=\"text-align: center\"><span style=\"color: red\"><strong>ENCERRADO<\/strong><\/span><\/p>\n<p style=\"text-align: justify\">O Governo do Estado de Goi\u00e1s, atrav\u00e9s da Secretaria de Estado da Educa\u00e7\u00e3o, diante da inexist\u00eancia de candidatos habilitados e remanescentes a serem convocados pelo Processo Seletivo Simplificado Edital n\u00ba 008\/2021 \u2013 SEAD e considerando a exist\u00eancia de d\u00e9ficits de professores na(s) unidade(s) escolar(es) pertencente(s) ao munic\u00edpio de<b> Santa Cruz de Goi\u00e1s &#8211; GO<\/b>, <b>Col\u00e9gio Estadual Senador Ant\u00f4nio de Ramos Caiado<\/b>, Unidade Escolar jurisdicionada \u00e0 Coordena\u00e7\u00e3o Regional de Educa\u00e7\u00e3o (CRE) de <b>Pires do Rio<\/b>, informa que est\u00e1 recebendo curr\u00edculos \u00a0de <b>professores(as) graduados(as) em<\/b> <b>Pedagogia<\/b> para sele\u00e7\u00e3o e contrata\u00e7\u00e3o tempor\u00e1ria com natureza emergencial para atender aos interesses da Administra\u00e7\u00e3o para assumir a fun\u00e7\u00e3o de <b>Coordenador(a) Pedag\u00f3gico(a) com a jornada de trabalho de 40 horas semanais, nos dois turnos: matutino e vespertino.<\/b><\/p>\n<p style=\"text-align: justify\">Os interessados devem encaminhar Curr\u00edculo ao e-mail oficial da Coordena\u00e7\u00e3o Regional de Educa\u00e7\u00e3o (regional.piresdorio@seduc.go.gov.br), contendo os contatos telef\u00f4nicos e endere\u00e7os de e-mail para correspond\u00eancias eletr\u00f4nicas.<\/p>\n<p style=\"text-align: justify\">Oportunamente, esclarece que a Coordena\u00e7\u00e3o Regional de Educa\u00e7\u00e3o de Pires do Rio instituir\u00e1 comiss\u00e3o pr\u00f3pria para as an\u00e1lises curriculares, que ser\u00e1 composta por integrantes do Sindicato da categoria e membros da CRE, objetivando assim, a ado\u00e7\u00e3o de medidas e provid\u00eancias pertinentes ao suprimento de todos os d\u00e9ficits de professores regentes e\/ou Fun\u00e7\u00e3o de Magist\u00e9rio existentes na Rede Estadual de Educa\u00e7\u00e3o, que garantam os servi\u00e7os prestados \u00e0 comunidade goiana.<\/p>\n<p style=\"text-align: center\">SEDUC\/GO<\/p>\n<hr \/>\n<h3 style=\"text-align: center\">COMUNICADO<\/h3>\n<pre style=\"text-align: center\">Publica\u00e7\u00e3o: 22\/02\/2024\nEncerramento: 27\/02\/2024 \u00e0s 18h\n<\/pre>\n<p style=\"text-align: center\"><span style=\"color: red\"><strong>ENCERRADO<\/strong><\/span><\/p>\n<p style=\"text-align: justify\">O Governo do Estado de Goi\u00e1s, atrav\u00e9s da Secretaria de Estado da Educa\u00e7\u00e3o, diante da inexist\u00eancia de candidatos habilitados e remanescentes a serem convocados pelo Processo Seletivo Simplificado Edital n\u00ba 008\/2021 \u2013 SEAD e considerando a exist\u00eancia de d\u00e9ficits de professores na(s) unidade(s) escolar(es) pertencente(s) ao munic\u00edpio de<b> Orizona\/GO<\/b> \u2013 <b>Escola Fam\u00edlia Agr\u00edcola de Orizona<\/b>, Unidade Escolar jurisdicionada \u00e0 Coordena\u00e7\u00e3o Regional de Educa\u00e7\u00e3o (CRE) de <b>Pires do Rio<\/b>, informa que est\u00e1 recebendo curr\u00edculos para sele\u00e7\u00e3o e contrata\u00e7\u00e3o tempor\u00e1ria com natureza emergencial para atender aos interesses da Administra\u00e7\u00e3o, para ministrar aulas nas disciplina(s<b>): Agroind\u00fastria (04); Manejo e Conserva\u00e7\u00e3o do Solo (04); Introdu\u00e7\u00e3o e Produ\u00e7\u00e3o Vegetal (04); Fruticultura (04); Culturas Anuais (02); Mecaniza\u00e7\u00e3o Agr\u00edcola (02); Pr\u00e1ticas Agropecu\u00e1rias (04); Sistema Agroflorestal (02); Tecnologia de Processamento de Produtos de Origem Vegetal (02 aulas); Olericultura (04) \u2013\u00a0 total de 32 aulas semanais.<\/b><\/p>\n<p style=\"text-align: justify\">Os interessados devem encaminhar Curr\u00edculo ao e-mail oficial da Coordena\u00e7\u00e3o Regional de Educa\u00e7\u00e3o (regional.piresdorio@seduc.go.gov.br), contendo os contatos telef\u00f4nicos e endere\u00e7os de e-mail para correspond\u00eancias eletr\u00f4nicas.<\/p>\n<p style=\"text-align: justify\">Oportunamente, esclarece que a Coordena\u00e7\u00e3o Regional de Educa\u00e7\u00e3o de Pires do Rio instituir\u00e1 comiss\u00e3o pr\u00f3pria para as an\u00e1lises curriculares, que ser\u00e1 composta por integrantes do Sindicato da categoria e membros da CRE, objetivando assim, a ado\u00e7\u00e3o de medidas e provid\u00eancias pertinentes ao suprimento de todos os d\u00e9ficits de professores regentes e\/ou Fun\u00e7\u00e3o de Magist\u00e9rio existentes na Rede Estadual de Educa\u00e7\u00e3o, que garantam os servi\u00e7os prestados \u00e0 comunidade goiana.<\/p>\n<p style=\"text-align: center\">SEDUC\/GO<\/p>\n<hr \/>\n<h3 style=\"text-align: center\">COMUNICADO<\/h3>\n<pre style=\"text-align: center\">Publica\u00e7\u00e3o: 29\/01\/2024\nEncerramento: 01\/02\/2024 \u00e0s 18h<\/pre>\n<p style=\"text-align: center\"><span style=\"color: red\"><strong>ENCERRADO<\/strong><\/span><\/p>\n<p style=\"text-align: justify\">O Governo do Estado de Goi\u00e1s, atrav\u00e9s da Secretaria de Estado da Educa\u00e7\u00e3o, diante da inexist\u00eancia de candidatos habilitados e remanescentes a serem convocados pelo Processo Seletivo Simplificado Edital n\u00ba 008\/2021 \u2013 SEAD e considerando a exist\u00eancia de d\u00e9ficits de professores na(s) unidade(s) escolar(es) pertencente(s) ao munic\u00edpio de Pires do Rio\/GO &#8211; Col\u00e9gio Estadual Rodrigo Rodrigues da Cunha, Unidade Escolar jurisdicionada \u00e0 Coordena\u00e7\u00e3o Regional de Educa\u00e7\u00e3o (CRE) de Pires do Rio, informa que est\u00e1 recebendo curr\u00edculos para sele\u00e7\u00e3o e contrata\u00e7\u00e3o tempor\u00e1ria com natureza emergencial para atender aos interesses da Administra\u00e7\u00e3o, Professor com gradua\u00e7\u00e3o em CI\u00caNCIAS BIOL\u00d3GICAS para ministrar aulas nas disciplina(s): Ci\u00eancias (24 aulas); Qu\u00edmica (04 aulas); F\u00edsica (04 aulas) \u2013 total de 32 aulas semanais.<\/p>\n<p style=\"text-align: justify\">Os interessados devem encaminhar Curr\u00edculo ao e-mail oficial da Coordena\u00e7\u00e3o Regional de Educa\u00e7\u00e3o (regional.piresdorio@seduc.go.gov.br), contendo os contatos telef\u00f4nicos e endere\u00e7os de e-mail para correspond\u00eancias eletr\u00f4nicas.<\/p>\n<p style=\"text-align: justify\">Oportunamente, esclarece que a Coordena\u00e7\u00e3o Regional de Educa\u00e7\u00e3o de Pires do Rio instituir\u00e1 comiss\u00e3o pr\u00f3pria para as an\u00e1lises curriculares, que ser\u00e1 composta por integrantes do Sindicato da categoria e membros da CRE, objetivando assim, a ado\u00e7\u00e3o de medidas e provid\u00eancias pertinentes ao suprimento de todos os d\u00e9ficits de professores regentes e\/ou Fun\u00e7\u00e3o de Magist\u00e9rio existentes na Rede Estadual de Educa\u00e7\u00e3o, que garantam os servi\u00e7os prestados \u00e0 comunidade goiana.<\/p>\n<p style=\"text-align: center\">SEDUC\/GO<\/p>\n<hr \/>\n<h3 style=\"text-align: center\">COMUNICADO<\/h3>\n<pre style=\"text-align: center\">Publica\u00e7\u00e3o: 29\/01\/2024\nEncerramento: 01\/02\/2024 \u00e0s 18h<\/pre>\n<p style=\"text-align: center\"><span style=\"color: red\"><strong>ENCERRADO<\/strong><\/span><\/p>\n<p style=\"text-align: justify\">O Governo do Estado de Goi\u00e1s, atrav\u00e9s da Secretaria de Estado da Educa\u00e7\u00e3o, diante da inexist\u00eancia de candidatos habilitados e remanescentes a serem convocados pelo Processo Seletivo Simplificado Edital n\u00ba 008\/2021 \u2013 SEAD e considerando a exist\u00eancia de d\u00e9ficits de professores na(s) unidade(s) escolar(es) pertencente(s) ao munic\u00edpio de Orizona\/GO \u2013 Escola Fam\u00edlia Agr\u00edcola de Orizona, Unidade Escolar jurisdicionada \u00e0 Coordena\u00e7\u00e3o Regional de Educa\u00e7\u00e3o (CRE) de Pires do Rio, informa que est\u00e1 recebendo curr\u00edculos para sele\u00e7\u00e3o e contrata\u00e7\u00e3o tempor\u00e1ria com natureza emergencial para atender aos interesses da Administra\u00e7\u00e3o, Professor com gradua\u00e7\u00e3o em MATEM\u00c1TICA para ministrar aulas nas disciplina(s): Matem\u00e1tica (20 aulas); F\u00edsica (10 aulas); Matem\u00e1tica do Cotidiano (02 aulas) \u2013 total de 32 aulas semanais.<\/p>\n<p style=\"text-align: justify\">Os interessados devem encaminhar Curr\u00edculo ao e-mail oficial da Coordena\u00e7\u00e3o Regional de Educa\u00e7\u00e3o (regional.piresdorio@seduc.go.gov.br), contendo os contatos telef\u00f4nicos e endere\u00e7os de e-mail para correspond\u00eancias eletr\u00f4nicas.<\/p>\n<p style=\"text-align: justify\">Oportunamente, esclarece que a Coordena\u00e7\u00e3o Regional de Educa\u00e7\u00e3o de Pires do Rio instituir\u00e1 comiss\u00e3o pr\u00f3pria para as an\u00e1lises curriculares, que ser\u00e1 composta por integrantes do Sindicato da categoria e membros da CRE, objetivando assim, a ado\u00e7\u00e3o de medidas e provid\u00eancias pertinentes ao suprimento de todos os d\u00e9ficits de professores regentes e\/ou Fun\u00e7\u00e3o de Magist\u00e9rio existentes na Rede Estadual de Educa\u00e7\u00e3o, que garantam os servi\u00e7os prestados \u00e0 comunidade goiana.<\/p>\n<p style=\"text-align: center\">SEDUC\/GO<\/p>\n<hr \/>\n<h3 style=\"text-align: center\">COMUNICADO<\/h3>\n<pre style=\"text-align: center\">Publica\u00e7\u00e3o: 29\/01\/2024\nEncerramento: 01\/02\/2024 \u00e0s 18h<\/pre>\n<p style=\"text-align: center\"><span style=\"color: red\"><strong>ENCERRADO<\/strong><\/span><\/p>\n<p style=\"text-align: justify\">O Governo do Estado de Goi\u00e1s, atrav\u00e9s da Secretaria de Estado da Educa\u00e7\u00e3o, diante da inexist\u00eancia de candidatos habilitados e remanescentes a serem convocados pelo Processo Seletivo Simplificado Edital n\u00ba 008\/2021 \u2013 SEAD e considerando a exist\u00eancia de d\u00e9ficits de professores na(s) unidade(s) escolar(es) pertencente(s) ao munic\u00edpio de Ipameri\/GO, Distrito Domiciano Ribeiro &#8211; Col\u00e9gio Estadual Rodolfo Braz de Queiroz, Unidade Escolar jurisdicionada \u00e0 Coordena\u00e7\u00e3o Regional de Educa\u00e7\u00e3o (CRE) de Pires do Rio, informa que est\u00e1 recebendo curr\u00edculos para sele\u00e7\u00e3o e contrata\u00e7\u00e3o tempor\u00e1ria com natureza emergencial para atender aos interesses da Administra\u00e7\u00e3o, Professor com gradua\u00e7\u00e3o em LETRAS para ministrar aulas nas disciplina(s): Portugu\u00eas (28 aulas); Reda\u00e7\u00e3o: Leitura e Produ\u00e7\u00e3o Textual (04 aulas) \u2013 total de 32 aulas semanais.<\/p>\n<p style=\"text-align: justify\">Os interessados devem encaminhar Curr\u00edculo ao e-mail oficial da Coordena\u00e7\u00e3o Regional de Educa\u00e7\u00e3o (regional.piresdorio@seduc.go.gov.br), contendo os contatos telef\u00f4nicos e endere\u00e7os de e-mail para correspond\u00eancias eletr\u00f4nicas.<\/p>\n<p style=\"text-align: justify\">Oportunamente esclarece, que a Coordena\u00e7\u00e3o Regional de Educa\u00e7\u00e3o de Pires do Rio instituir\u00e1 comiss\u00e3o pr\u00f3pria para as an\u00e1lises curriculares, que ser\u00e1 composta por integrante do Sindicato da categoria e membros da CRE, objetivando assim, a ado\u00e7\u00e3o de medidas e provid\u00eancias pertinentes ao suprimento de todos os d\u00e9ficits de professores regentes e\/ou Fun\u00e7\u00e3o de Magist\u00e9rio existentes na Rede Estadual de Educa\u00e7\u00e3o, que garantam os servi\u00e7os prestados \u00e0 comunidade goiana.<\/p>\n<p style=\"text-align: center\">SEDUC\/GO<\/p>\n<hr \/>\n<h3 style=\"text-align: center\">COMUNICADO<\/h3>\n<pre style=\"text-align: center\">Publica\u00e7\u00e3o: 29\/01\/2024\nEncerramento: 01\/02\/2024 \u00e0s 18h<\/pre>\n<p style=\"text-align: center\"><span style=\"color: red\"><strong>ENCERRADO<\/strong><\/span><\/p>\n<p style=\"text-align: justify\">O Governo do Estado de Goi\u00e1s, atrav\u00e9s da Secretaria de Estado da Educa\u00e7\u00e3o, diante da inexist\u00eancia de candidatos habilitados e remanescentes a serem convocados pelo Processo Seletivo Simplificado Edital n\u00ba 008\/2021 \u2013 SEAD e considerando a exist\u00eancia de d\u00e9ficits de professores na(s) unidade(s) escolar(es) pertencente(s) ao munic\u00edpio de Ipameri &#8211; GO, Escola de Ensino Especial Pestalozzi de Ipameri, Unidade Escolar jurisdicionada \u00e0 Coordena\u00e7\u00e3o Regional de Educa\u00e7\u00e3o (CRE) de Pires do Rio, informa que est\u00e1 recebendo curr\u00edculos para sele\u00e7\u00e3o e contrata\u00e7\u00e3o tempor\u00e1ria com natureza emergencial para atender aos interesses da Administra\u00e7\u00e3o, Professor com gradua\u00e7\u00e3o em PEDAGOGIA para ministrar aulas em todas as disciplina(s): s\u00e9rie \u2013 5\u00ba ano do Ensino Fundamental \u2013 Educa\u00e7\u00e3o Especial de Jovens e Adultos \u2013 1\u00aa Etapa &#8211; total de 24 aulas semanais.<\/p>\n<p style=\"text-align: justify\">Os interessados devem encaminhar Curr\u00edculo ao e-mail oficial da Coordena\u00e7\u00e3o Regional de Educa\u00e7\u00e3o (regional.piresdorio@seduc.go.gov.br), contendo os contatos telef\u00f4nicos e endere\u00e7os de e-mail para correspond\u00eancias eletr\u00f4nicas.<\/p>\n<p style=\"text-align: justify\">Oportunamente, esclarece que a Coordena\u00e7\u00e3o Regional de Educa\u00e7\u00e3o de Pires do Rio instituir\u00e1 comiss\u00e3o pr\u00f3pria para as an\u00e1lises curriculares, que ser\u00e1 composta por integrantes do Sindicato da categoria e membros da CRE, objetivando assim, a ado\u00e7\u00e3o de medidas e provid\u00eancias pertinentes ao suprimento de todos os d\u00e9ficits de professores regentes e\/ou Fun\u00e7\u00e3o de Magist\u00e9rio existentes na Rede Estadual de Educa\u00e7\u00e3o, que garantam os servi\u00e7os prestados \u00e0 comunidade goiana.<\/p>\n<p style=\"text-align: center\">SEDUC\/GO<\/p>\n<hr \/>\n<h3 style=\"text-align: center\">COMUNICADO<\/h3>\n<pre style=\"text-align: center\">Publica\u00e7\u00e3o: 29\/01\/2024\nEncerramento: 01\/02\/2024 \u00e0s 18h<\/pre>\n<p style=\"text-align: center\"><span style=\"color: red\"><strong>ENCERRADO<\/strong><\/span><\/p>\n<p style=\"text-align: justify\">O Governo do Estado de Goi\u00e1s, atrav\u00e9s da Secretaria de Estado da Educa\u00e7\u00e3o, diante da inexist\u00eancia de candidatos habilitados e remanescentes a serem convocados pelo Processo Seletivo Simplificado Edital n\u00ba 008\/2021 \u2013 SEAD e considerando a exist\u00eancia de d\u00e9ficits de professores na(s) unidade(s) escolar(es) pertencente(s) ao munic\u00edpio de Ipameri &#8211; GO, Col\u00e9gio Estadual da Pol\u00edcia Militar de Goi\u00e1s Jos\u00e9 Pio de Santana, Unidade Escolar jurisdicionada \u00e0 Coordena\u00e7\u00e3o Regional de Educa\u00e7\u00e3o (CRE) de Pires do Rio, informa que est\u00e1 recebendo curr\u00edculos para sele\u00e7\u00e3o e contrata\u00e7\u00e3o tempor\u00e1ria\u00a0 com natureza emergencial para atender aos interesses da Administra\u00e7\u00e3o, Professor com gradua\u00e7\u00e3o em LETRAS para ministrar aulas nas disciplinas: L\u00edngua Portuguesa (18 aulas); L\u00edngua Inglesa (09 aulas) \u2013 total de 27 aulas semanais.<\/p>\n<p style=\"text-align: justify\">Os interessados devem encaminhar Curr\u00edculo ao e-mail oficial da Coordena\u00e7\u00e3o Regional de Educa\u00e7\u00e3o (regional.piresdorio@seduc.go.gov.br), contendo os contatos telef\u00f4nicos e endere\u00e7os de e-mail para correspond\u00eancias eletr\u00f4nicas.<\/p>\n<p style=\"text-align: justify\">Oportunamente, esclarece que a Coordena\u00e7\u00e3o Regional de Educa\u00e7\u00e3o de Pires do Rio instituir\u00e1 comiss\u00e3o pr\u00f3pria para as an\u00e1lises curriculares, que ser\u00e1 composta por integrantes do Sindicato da categoria e membros da CRE, objetivando assim, a ado\u00e7\u00e3o de medidas e provid\u00eancias pertinentes ao suprimento de todos os d\u00e9ficits de professores regentes e\/ou Fun\u00e7\u00e3o de Magist\u00e9rio existentes na Rede Estadual de Educa\u00e7\u00e3o, que garantam os servi\u00e7os prestados \u00e0 comunidade goiana.<\/p>\n<p style=\"text-align: center\">SEDUC\/GO<\/p>\n<hr \/>\n<h3 style=\"text-align: center\"><strong>COMUNICADO<\/strong><\/h3>\n<pre style=\"text-align: center\">Publica\u00e7\u00e3o: 31\/10\/2023\nEncerramento: 07\/11\/2023 \u00e0s 18h<\/pre>\n<h3 align=\"center\"><span style=\"color: red\"><strong>ENCERRADO<\/strong><\/span><\/h3>\n<p style=\"text-align: justify\">O Governo do Estado de Goi\u00e1s, atrav\u00e9s da Secretaria de Estado da Educa\u00e7\u00e3o, diante da inexist\u00eancia de candidatos habilitados e remanescentes a serem convocados pelo Processo Seletivo Simplificado Edital n\u00ba 008\/2021 \u2013 SEAD e considerando a exist\u00eancia de d\u00e9ficits de professores na(s) unidade(s) escolar(es) pertencente(s) ao munic\u00edpio de <strong>Ipameri\/GO<\/strong>, Distrito Domiciano Ribeiro &#8211; Col\u00e9gio Estadual Rodolfo Braz de Queiroz, Unidade Escolar jurisdicionada \u00e0 Coordena\u00e7\u00e3o Regional de Educa\u00e7\u00e3o (CRE) de Pires do Rio, informa que est\u00e1 recebendo curr\u00edculos para sele\u00e7\u00e3o e contrata\u00e7\u00e3o tempor\u00e1ria com natureza emergencial para atender aos interesses da Administra\u00e7\u00e3o, para assumir a fun\u00e7\u00e3o de <strong>PROFESSOR REGENTE<\/strong> com a jornada de trabalho de 32 aulas semanais nas disciplinas:\u00a0 Portugu\u00eas (28 aulas);\u00a0 Reda\u00e7\u00e3o: Leitura e Produ\u00e7\u00e3o Textual (04 aulas).<\/p>\n<p style=\"text-align: justify\">Os interessados devem encaminhar Curr\u00edculo ao e-mail oficial da Coordena\u00e7\u00e3o Regional de Educa\u00e7\u00e3o (regional.piresdorio@seduc.go.gov.br), contendo os contatos telef\u00f4nicos e endere\u00e7os de e-mail para correspond\u00eancias eletr\u00f4nicas.<\/p>\n<p style=\"text-align: justify\">Oportunamente esclarece, que a Coordena\u00e7\u00e3o Regional de Educa\u00e7\u00e3o de Pires do Rio instituir\u00e1 comiss\u00e3o pr\u00f3pria para as an\u00e1lises curriculares, que ser\u00e1 composta por integrante do Sindicato da categoria e membros da CRE, objetivando assim, a ado\u00e7\u00e3o de medidas e provid\u00eancias pertinentes ao suprimento de todos os d\u00e9ficits de professores regentes e\/ou Fun\u00e7\u00e3o de Magist\u00e9rio existentes na Rede Estadual de Educa\u00e7\u00e3o, que garantam os servi\u00e7os prestados \u00e0 comunidade goiana.<\/p>\n<p style=\"text-align: center\">SEDUC\/GO<\/p>\n<hr \/>\n<h3 style=\"text-align: center\"><strong>COMUNICADO<\/strong><\/h3>\n<pre class=\"MsoNormal\" style=\"text-align: center;line-height: 115%\">Publica\u00e7\u00e3o: 05\/10\/2023\nEncerramento: 11\/10\/2023 \u00e0s 18h<\/pre>\n<h3 align=\"center\"><span style=\"color: red\"><strong>ENCERRADO<\/strong><\/span><\/h3>\n<p style=\"text-align: justify\">O Governo do Estado de Goi\u00e1s, atrav\u00e9s da Secretaria de Estado da Educa\u00e7\u00e3o, diante da inexist\u00eancia de candidatos habilitados e remanescentes a serem convocados pelo Processo Seletivo Simplificado Edital n\u00ba 008\/2021 \u2013 SEAD e considerando a exist\u00eancia de d\u00e9ficits de professores na(s) unidade(s) escolar(es) pertencente(s) ao munic\u00edpio de <strong>Pires do Rio &#8211; GO<\/strong>, Col\u00e9gio Estadual Rodrigo Rodrigues da Cunha, Unidade Escolar jurisdicionada \u00e0 Coordena\u00e7\u00e3o Regional de Educa\u00e7\u00e3o (CRE) de Pires do Rio, informa que est\u00e1 recebendo curr\u00edculos para sele\u00e7\u00e3o e contrata\u00e7\u00e3o tempor\u00e1ria com natureza emergencial para atender aos interesses da Administra\u00e7\u00e3o, para assumir a fun\u00e7\u00e3o de <strong>PROFESSOR REGENTE<\/strong> com a jornada de trabalho de 24 aulas semanais na disciplina: Ci\u00eancias da Natureza.<\/p>\n<p style=\"text-align: justify\">Os interessados devem encaminhar Curr\u00edculo ao e-mail oficial da Coordena\u00e7\u00e3o Regional de Educa\u00e7\u00e3o (regional.piresdorio@seduc.go.gov.br), contendo os contatos telef\u00f4nicos e endere\u00e7os de e-mail para correspond\u00eancias eletr\u00f4nicas.<\/p>\n<p style=\"text-align: justify\">Oportunamente esclarece, que a Coordena\u00e7\u00e3o Regional de Educa\u00e7\u00e3o de Pires do Rio instituir\u00e1 comiss\u00e3o pr\u00f3pria para as an\u00e1lises curriculares, que ser\u00e1 composta por integrante do Sindicato da categoria e membros da CRE, objetivando assim, a ado\u00e7\u00e3o de medidas e provid\u00eancias pertinentes ao suprimento de todos os d\u00e9ficits de professores regentes e\/ou Fun\u00e7\u00e3o de Magist\u00e9rio existentes na Rede Estadual de Educa\u00e7\u00e3o, que garantam os servi\u00e7os prestados \u00e0 comunidade goiana.<\/p>\n<p style=\"text-align: center\">SEDUC\/GO<\/p>\n<hr \/>\n<h3 align=\"center\"><strong>COMUNICADO<\/strong><\/h3>\n<pre style=\"text-align: center\">Publica\u00e7\u00e3o: 28\/09\/2023\nEncerramento: 03\/10\/2023 \u00e0s 18h<\/pre>\n<h3 align=\"center\"><span style=\"color: red\"><strong>ENCERRADO<\/strong><\/span><\/h3>\n<p style=\"text-align: justify\">O Governo do Estado de Goi\u00e1s, atrav\u00e9s da Secretaria de Estado da Educa\u00e7\u00e3o, diante da inexist\u00eancia de candidatos habilitados e remanescentes a serem convocados pelo Processo Seletivo Simplificado Edital n\u00ba 008\/2021 \u2013 SEAD e considerando a exist\u00eancia de d\u00e9ficits de professores na(s) unidade(s) escolar(es) pertencente(s) ao munic\u00edpio de<strong> Pires do Rio &#8211; GO<\/strong>, <strong>Col\u00e9gio Estadual da Pol\u00edcia Militar de Goi\u00e1s Professor Ivan Ferreira<\/strong>, Unidade Escolar jurisdicionada \u00e0 Coordena\u00e7\u00e3o Regional de Educa\u00e7\u00e3o (CRE) de <strong>Pires do Rio<\/strong>, informa que est\u00e1 recebendo curr\u00edculos para sele\u00e7\u00e3o e contrata\u00e7\u00e3o tempor\u00e1ria com natureza emergencial para atender aos interesses da Administra\u00e7\u00e3o, para assumir a fun\u00e7\u00e3o de <strong>PROFESSOR REGENTE com a jornada de trabalho de 16 aulas semanais nas disciplinas:<\/strong> \u00a0L\u00edngua Inglesa (14 aulas); Produ\u00e7\u00e3o de Texto (02 aulas).<\/p>\n<p style=\"text-align: justify\">Os interessados devem encaminhar Curr\u00edculo ao e-mail oficial da Coordena\u00e7\u00e3o Regional de Educa\u00e7\u00e3o (<a href=\"mailto:regional.piresdorio@seduc.go.gov.br\">regional.piresdorio@seduc.go.gov.br<\/a>), contendo os contatos telef\u00f4nicos e endere\u00e7os de e-mail para correspond\u00eancias eletr\u00f4nicas.<\/p>\n<p style=\"text-align: justify\">Oportunamente esclarece, que a Coordena\u00e7\u00e3o Regional de Educa\u00e7\u00e3o de Pires do Rio instituir\u00e1 comiss\u00e3o pr\u00f3pria para as an\u00e1lises curriculares, que ser\u00e1 composta por integrante do Sindicato da categoria e membros da CRE, objetivando assim, a ado\u00e7\u00e3o de medidas e provid\u00eancias pertinentes ao suprimento de todos os d\u00e9ficits de professores regentes e\/ou Fun\u00e7\u00e3o de Magist\u00e9rio existentes na Rede Estadual de Educa\u00e7\u00e3o, que garantam os servi\u00e7os prestados \u00e0 comunidade goiana.<\/p>\n<p align=\"center\">SEDUC\/GO<\/p>\n<hr \/>\n<h3 align=\"center\"><strong>COMUNICADO<\/strong><\/h3>\n<pre style=\"text-align: center\">Publica\u00e7\u00e3o: 29\/08\/2023\nEncerramento: 01\/09\/2023 \u00e0s 18h<\/pre>\n<h3 align=\"center\"><span style=\"color: red\"><strong>ENCERRADO<\/strong><\/span><\/h3>\n<p style=\"text-align: justify\">O Governo do Estado de Goi\u00e1s, atrav\u00e9s da Secretaria de Estado da Educa\u00e7\u00e3o, diante da inexist\u00eancia de candidatos habilitados e remanescentes a serem convocados pelo Processo Seletivo Simplificado Edital n\u00ba 008\/2021 \u2013 SEAD e considerando a exist\u00eancia de d\u00e9ficits de professores na(s) unidade(s) escolar(es) pertencente(s) ao munic\u00edpio de<strong> Santa Cruz de Goi\u00e1s &#8211; GO<\/strong>, <strong>Col\u00e9gio Estadual Senador Ant\u00f4nio de Ramos Caiado<\/strong>, Unidade Escolar jurisdicionada \u00e0 Coordena\u00e7\u00e3o Regional de Educa\u00e7\u00e3o (CRE) de <strong>Pires do Rio<\/strong>, informa que est\u00e1 recebendo curr\u00edculos para sele\u00e7\u00e3o e contrata\u00e7\u00e3o tempor\u00e1ria com natureza emergencial para atender aos interesses da Administra\u00e7\u00e3o, para assumir a fun\u00e7\u00e3o de <strong>PROFESSOR REGENTE, com a jornada de trabalho de 24 aulas semanais, nas disciplinas:<\/strong> \u00a0Hist\u00f3ria (18 aulas) e Filosofia (6 aulas).<\/p>\n<p style=\"text-align: justify\">Os interessados devem encaminhar Curr\u00edculo ao e-mail oficial da Coordena\u00e7\u00e3o Regional de Educa\u00e7\u00e3o (<a href=\"mailto:regional.piresdorio@seduc.go.gov.br\">regional.piresdorio@seduc.go.gov.br<\/a>), contendo os contatos telef\u00f4nicos e endere\u00e7os de e-mail para correspond\u00eancias eletr\u00f4nicas.<\/p>\n<p style=\"text-align: justify\">Oportunamente esclarece, que a Coordena\u00e7\u00e3o Regional de Educa\u00e7\u00e3o de Pires do Rio instituir\u00e1 comiss\u00e3o pr\u00f3pria para as an\u00e1lises curriculares, que ser\u00e1 composta por integrante do Sindicato da categoria e membros da CRE, objetivando assim, a ado\u00e7\u00e3o de medidas e provid\u00eancias pertinentes ao suprimento de todos os d\u00e9ficits de professores regentes e\/ou Fun\u00e7\u00e3o de Magist\u00e9rio existentes na Rede Estadual de Educa\u00e7\u00e3o, que garantam os servi\u00e7os prestados \u00e0 comunidade goiana.<\/p>\n<p align=\"center\">SEDUC\/GO<\/p>\n<hr \/>\n<h3 align=\"center\"><strong>COMUNICADO<\/strong><\/h3>\n<pre style=\"text-align: center\">Publica\u00e7\u00e3o: 28\/08\/2023\nEncerramento: 31\/08\/2023 \u00e0s 18h<\/pre>\n<h3 align=\"center\"><span style=\"color: red\"><strong>ENCERRADO<\/strong><\/span><\/h3>\n<p style=\"text-align: justify\">O Governo do Estado de Goi\u00e1s, atrav\u00e9s da Secretaria de Estado da Educa\u00e7\u00e3o, diante da inexist\u00eancia de candidatos habilitados e remanescentes a serem convocados pelo Processo Seletivo Simplificado Edital n\u00ba 008\/2021 \u2013 SEAD e considerando a exist\u00eancia de d\u00e9ficits de professores na(s) unidade(s) escolar(es) pertencente(s) ao munic\u00edpio de<strong> Ipameri \u2013 GO<\/strong> &#8211; <strong>Domiciano Ribeiro \u2013 Col\u00e9gio Estadual Rodolfo Braz de Queiroz<\/strong>, Unidade Escolar jurisdicionada \u00e0 Coordena\u00e7\u00e3o Regional de Educa\u00e7\u00e3o (CRE) de <strong>Pires do Rio<\/strong>, informa que est\u00e1 recebendo curr\u00edculos para sele\u00e7\u00e3o e contrata\u00e7\u00e3o tempor\u00e1ria com natureza emergencial para atender aos interesses da Administra\u00e7\u00e3o, para assumir a fun\u00e7\u00e3o de <strong>COORDENADOR PEDAG\u00d3GICO, jornada de trabalho 40 horas semanais, nos turnos matutino e vespertino<\/strong>.<\/p>\n<p style=\"text-align: justify\">Os interessados devem encaminhar Curr\u00edculo ao e-mail oficial da Coordena\u00e7\u00e3o Regional de Educa\u00e7\u00e3o (<a href=\"mailto:regional.piresdorio@seduc.go.gov.br\">regional.piresdorio@seduc.go.gov.br<\/a>), contendo os contatos telef\u00f4nicos e endere\u00e7os de e-mail para correspond\u00eancias eletr\u00f4nicas.<\/p>\n<p style=\"text-align: justify\">Oportunamente esclarece, que a Coordena\u00e7\u00e3o Regional de Educa\u00e7\u00e3o de Pires do Rio instituir\u00e1 comiss\u00e3o pr\u00f3pria para as an\u00e1lises curriculares, que ser\u00e1 composta por integrante do Sindicato da categoria e membros da CRE, objetivando assim, a ado\u00e7\u00e3o de medidas e provid\u00eancias pertinentes ao suprimento de todos os d\u00e9ficits de professores regentes e\/ou Fun\u00e7\u00e3o de Magist\u00e9rio existentes na Rede Estadual de Educa\u00e7\u00e3o, que garantam os servi\u00e7os prestados \u00e0 comunidade goiana.<\/p>\n<p align=\"center\">SEDUC\/GO<\/p>\n<hr \/>\n<h3 align=\"center\"><strong>COMUNICADO<\/strong><\/h3>\n<pre style=\"text-align: center\">Publica\u00e7\u00e3o: 18\/08\/2023\nEncerramento: 23\/08\/2023 \u00e0s 18h<\/pre>\n<h3 align=\"center\"><span style=\"color: red\"><strong>ENCERRADO<\/strong><\/span><\/h3>\n<p style=\"text-align: justify\">O Governo do Estado de Goi\u00e1s, atrav\u00e9s da Secretaria de Estado da Educa\u00e7\u00e3o, diante da inexist\u00eancia de candidatos habilitados e remanescentes a serem convocados pelo Processo Seletivo Simplificado Edital n\u00ba 008\/2021 \u2013 SEAD e considerando a exist\u00eancia de d\u00e9ficits de professores na(s) unidade(s) escolar(es) pertencente(s) ao munic\u00edpio de<strong> Pires do Rio &#8211; GO<\/strong>, <strong>Col\u00e9gio Estadual da Pol\u00edcia Militar de Goi\u00e1s Professor Ivan Ferreira<\/strong>, Unidade Escolar jurisdicionada \u00e0 Coordena\u00e7\u00e3o Regional de Educa\u00e7\u00e3o (CRE) de <strong>Pires do Rio<\/strong>, informa que est\u00e1 recebendo curr\u00edculos para sele\u00e7\u00e3o e contrata\u00e7\u00e3o tempor\u00e1ria com natureza emergencial para atender aos interesses da Administra\u00e7\u00e3o, para assumir a fun\u00e7\u00e3o de <strong>PROFESSOR REGENTE com a jornada de trabalho de 16 aulas semanais nas disciplinas:<\/strong> \u00a0Geografia (15 aulas); Civismo e Cidadania (01 aula).<\/p>\n<p style=\"text-align: justify\">Os interessados devem encaminhar Curr\u00edculo ao e-mail oficial da Coordena\u00e7\u00e3o Regional de Educa\u00e7\u00e3o (<a href=\"mailto:regional.piresdorio@seduc.go.gov.br\">regional.piresdorio@seduc.go.gov.br<\/a>), contendo os contatos telef\u00f4nicos e endere\u00e7os de e-mail para correspond\u00eancias eletr\u00f4nicas.<\/p>\n<p style=\"text-align: justify\">Oportunamente esclarece, que a Coordena\u00e7\u00e3o Regional de Educa\u00e7\u00e3o de Pires do Rio instituir\u00e1 comiss\u00e3o pr\u00f3pria para as an\u00e1lises curriculares, que ser\u00e1 composta por integrante do Sindicato da categoria e membros da CRE, objetivando assim, a ado\u00e7\u00e3o de medidas e provid\u00eancias pertinentes ao suprimento de todos os d\u00e9ficits de professores regentes e\/ou Fun\u00e7\u00e3o de Magist\u00e9rio existentes na Rede Estadual de Educa\u00e7\u00e3o, que garantam os servi\u00e7os prestados \u00e0 comunidade goiana.<\/p>\n<p align=\"center\">SEDUC\/GO<\/p>\n<hr \/>\n<h3 align=\"center\"><strong>COMUNICADO<\/strong><\/h3>\n<pre style=\"text-align: center\">Publica\u00e7\u00e3o: 11\/08\/2023\nEncerramento: 16\/08\/2023 \u00e0s 18h<\/pre>\n<h3 align=\"center\"><span style=\"color: red\"><strong>ENCERRADO<\/strong><\/span><\/h3>\n<p style=\"text-align: justify\">O Governo do Estado de Goi\u00e1s, atrav\u00e9s da Secretaria de Estado da Educa\u00e7\u00e3o, diante da inexist\u00eancia de candidatos habilitados e remanescentes a serem convocados pelo Processo Seletivo Simplificado Edital n\u00ba 008\/2021 \u2013 SEAD e considerando a exist\u00eancia de d\u00e9ficits de professores na(s) unidade(s) escolar(es) pertencente(s) ao munic\u00edpio de<strong> Orizona-GO<\/strong>, <strong>Centro de Ensino em Per\u00edodo Integral Maria Benedita Velozo &#8211; 9 horas<\/strong>, unidade escolar jurisdicionada \u00e0 Coordena\u00e7\u00e3o Regional de Educa\u00e7\u00e3o (CRE) de <strong>Pires do Rio<\/strong>, informa que est\u00e1 recebendo curr\u00edculos para sele\u00e7\u00e3o e contrata\u00e7\u00e3o tempor\u00e1ria com natureza emergencial para atender aos interesses da Administra\u00e7\u00e3o, para assumir a fun\u00e7\u00e3o de <strong>PROFESSOR REGENTE com a jornada de trabalho de 32 aulas semanais nas disciplinas:<\/strong> \u00a0L\u00edngua Portuguesa (04 aulas); Estudo Orientado I (02 aulas); Estudo Orientado II (02 aulas); Trilha de Aprofundamento Linguagens Comunica\u00e7\u00e3o::Movimentos, Pr\u00e1ticas e Sentido de Existir ( 03 aulas); L\u00edngua Estrangeira Moderna Espanhol (04 aulas); Prepara\u00e7\u00e3o P\u00f3s-M\u00e9dio (08 aulas); Trilha Prepara\u00e7\u00e3o P\u00f3s-M\u00e9dio- Linguagens e C\u00f3digos e Suas Tecnologias (02 aulas); Trilha Prepara\u00e7\u00e3o P\u00f3s-M\u00e9dio \u2013 Ci\u00eancias Humanas e Suas Tecnologias (03 aulas); Eletivas (02 aulas); Eletivas 2 (02 aulas).<\/p>\n<p style=\"text-align: justify\">Os interessados devem encaminhar Curr\u00edculo ao e-mail oficial da Coordena\u00e7\u00e3o Regional de Educa\u00e7\u00e3o (<a href=\"mailto:regional.piresdorio@seduc.go.gov.br\">regional.piresdorio@seduc.go.gov.br<\/a>), contendo os contatos telef\u00f4nicos e endere\u00e7os de e-mail para correspond\u00eancias eletr\u00f4nicas.<\/p>\n<p style=\"text-align: justify\">Oportunamente esclarece, que a Coordena\u00e7\u00e3o Regional de Educa\u00e7\u00e3o de Pires do Rio instituir\u00e1 comiss\u00e3o pr\u00f3pria para as an\u00e1lises curriculares, que ser\u00e1 composta por integrante do Sindicato da categoria e membros da CRE, objetivando assim, a ado\u00e7\u00e3o de medidas e provid\u00eancias pertinentes ao suprimento de todos os d\u00e9ficits de professores regentes e\/ou Fun\u00e7\u00e3o de Magist\u00e9rio existentes na Rede Estadual de Educa\u00e7\u00e3o, que garantam os servi\u00e7os prestados \u00e0 comunidade goiana.<\/p>\n<p align=\"center\">SEDUC\/GO<\/p>\n<hr \/>\n<h3 align=\"center\"><strong>COMUNICADO<\/strong><\/h3>\n<pre style=\"text-align: center\">Publica\u00e7\u00e3o: 09\/08\/2023\nEncerramento: 14\/08\/2023 \u00e0s 18h<\/pre>\n<h3 align=\"center\"><span style=\"color: red\"><strong>ENCERRADO<\/strong><\/span><\/h3>\n<p style=\"text-align: justify\">O Governo do Estado de Goi\u00e1s, atrav\u00e9s da Secretaria de Estado da Educa\u00e7\u00e3o, diante da inexist\u00eancia de candidatos habilitados e remanescentes a serem convocados pelo Processo Seletivo Simplificado Edital n\u00ba 008\/2021 \u2013 SEAD e considerando a exist\u00eancia de d\u00e9ficits de professores na(s) unidade(s) escolar(es) pertencente(s) ao munic\u00edpio de<strong> Pires do Rio-GO<\/strong>, <strong>Centro de Ensino em Per\u00edodo Integral Augusto Monteiro de Godoy &#8211; 9 horas<\/strong>, unidade escolar jurisdicionada \u00e0 Coordena\u00e7\u00e3o Regional de Educa\u00e7\u00e3o (CRE) de <strong>Pires do Rio<\/strong>, informa que est\u00e1 recebendo curr\u00edculos para sele\u00e7\u00e3o e contrata\u00e7\u00e3o tempor\u00e1ria com natureza emergencial para atender aos interesses da Administra\u00e7\u00e3o, para assumir a fun\u00e7\u00e3o de <strong>PROFESSOR REGENTE com a jornada de trabalho de 32 aulas semanais nas disciplinas:<\/strong> \u00a0Hist\u00f3ria (24 aulas); Protagonismo Juvenil (02 aulas); Estudo Orientado I (02 aulas); Eletiva I (02 aulas); Eletiva II (02 aulas). Totalizando 32 aulas semanais.<\/p>\n<p style=\"text-align: justify\">Os interessados devem encaminhar Curr\u00edculo ao e-mail oficial da Coordena\u00e7\u00e3o Regional de Educa\u00e7\u00e3o (<a href=\"mailto:regional.piresdorio@seduc.go.gov.br\">regional.piresdorio@seduc.go.gov.br<\/a>), contendo os contatos telef\u00f4nicos e endere\u00e7os de e-mail para correspond\u00eancias eletr\u00f4nicas.<\/p>\n<p style=\"text-align: justify\">Oportunamente esclarece, que a Coordena\u00e7\u00e3o Regional de Educa\u00e7\u00e3o de Pires do Rio instituir\u00e1 comiss\u00e3o pr\u00f3pria para as an\u00e1lises curriculares, que ser\u00e1 composta por integrante do Sindicato da categoria e membros da CRE, objetivando assim, a ado\u00e7\u00e3o de medidas e provid\u00eancias pertinentes ao suprimento de todos os d\u00e9ficits de professores regentes e\/ou Fun\u00e7\u00e3o de Magist\u00e9rio existentes na Rede Estadual de Educa\u00e7\u00e3o, que garantam os servi\u00e7os prestados \u00e0 comunidade goiana.<\/p>\n<p align=\"center\">SEDUC\/GO<\/p>\n<hr \/>\n<h3 align=\"center\"><strong>COMUNICADO<\/strong><\/h3>\n<pre style=\"text-align: center\">Publica\u00e7\u00e3o: 04\/08\/2023\nEncerramento: 09\/08\/2023 \u00e0s 18h<\/pre>\n<h3 align=\"center\"><span style=\"color: red\"><strong>ENCERRADO<\/strong><\/span><\/h3>\n<p style=\"text-align: justify\">O Governo do Estado de Goi\u00e1s, atrav\u00e9s da Secretaria de Estado da Educa\u00e7\u00e3o, diante da inexist\u00eancia de candidatos habilitados e remanescentes a serem convocados pelo Processo Seletivo Simplificado Edital n\u00ba 008\/2021 \u2013 SEAD e considerando a exist\u00eancia de d\u00e9ficits de professores na(s) unidade(s) escolar(es) pertencente(s) ao munic\u00edpio de<strong> Ipameri-GO<\/strong>,\u00a0 <strong>Col\u00e9gio Estadual Professor Eduardo Mancini<\/strong>, unidade escolar jurisdicionada \u00e0 Coordena\u00e7\u00e3o Regional de Educa\u00e7\u00e3o (CRE) de <strong>Pires do Rio<\/strong>, informa que est\u00e1 recebendo curr\u00edculos para sele\u00e7\u00e3o e contrata\u00e7\u00e3o tempor\u00e1ria com natureza emergencial para atender aos interesses da Administra\u00e7\u00e3o, <strong>PROFESSOR COM GRADUA\u00c7\u00c3O EM PEDAGOGIA<\/strong> para assumir a fun\u00e7\u00e3o de <strong>PROFESSOR DO PROJETO HOJE &#8211; 20 horas (Atendimento domiciliar).<\/strong><\/p>\n<p style=\"text-align: justify\">Os interessados devem encaminhar Curr\u00edculo ao e-mail oficial da Coordena\u00e7\u00e3o Regional de Educa\u00e7\u00e3o (<a href=\"mailto:regional.piresdorio@seduc.go.gov.br\">regional.piresdorio@seduc.go.gov.br<\/a>), contendo os contatos telef\u00f4nicos e endere\u00e7os de e-mail para correspond\u00eancias eletr\u00f4nicas.<\/p>\n<p style=\"text-align: justify\">Oportunamente esclarece, que a Coordena\u00e7\u00e3o Regional de Educa\u00e7\u00e3o de Pires do Rio instituir\u00e1 comiss\u00e3o pr\u00f3pria para as an\u00e1lises curriculares, que ser\u00e1 composta por integrante do Sindicato da categoria e membros da CRE, objetivando assim, a ado\u00e7\u00e3o de medidas e provid\u00eancias pertinentes ao suprimento de todos os d\u00e9ficits de professores regentes e\/ou Fun\u00e7\u00e3o de Magist\u00e9rio existentes na Rede Estadual de Educa\u00e7\u00e3o, que garantam os servi\u00e7os prestados \u00e0 comunidade goiana.<\/p>\n<p align=\"center\">SEDUC\/GO<\/p>\n<hr \/>\n<h3 align=\"center\"><strong>COMUNICADO<\/strong><\/h3>\n<pre style=\"text-align: center\">Publica\u00e7\u00e3o: 04\/08\/2023\nEncerramento: 09\/08\/2023 \u00e0s 18h<\/pre>\n<h3 align=\"center\"><span style=\"color: red\"><strong>ENCERRADO<\/strong><\/span><\/h3>\n<p style=\"text-align: justify\">O Governo do Estado de Goi\u00e1s, atrav\u00e9s da Secretaria de Estado da Educa\u00e7\u00e3o, diante da inexist\u00eancia de candidatos habilitados e remanescentes a serem convocados pelo Processo Seletivo Simplificado Edital n\u00ba 008\/2021 \u2013 SEAD e considerando a exist\u00eancia de d\u00e9ficits de professores na(s) unidade(s) escolar(es) pertencente(s) ao munic\u00edpio de<strong> Pires do Rio-GO<\/strong>,\u00a0 <strong>Col\u00e9gio Estadual da Pol\u00edcia Militar de Goi\u00e1s Professor Ivan Ferreira<\/strong>, unidade escolar jurisdicionada \u00e0 Coordena\u00e7\u00e3o Regional de Educa\u00e7\u00e3o (CRE) de <strong>Pires do Rio<\/strong>, informa que est\u00e1 recebendo curr\u00edculos para sele\u00e7\u00e3o e contrata\u00e7\u00e3o tempor\u00e1ria com natureza emergencial para atender aos interesses da Administra\u00e7\u00e3o, para assumir a fun\u00e7\u00e3o de <strong>PROFESSOR REGENTE <\/strong><strong>com a jornada de trabalho de 24 aulas semanais, nas disciplinas:<\/strong> \u00a0Hist\u00f3ria (21 aulas); Civismo e Cidadania (03 aulas).<\/p>\n<p style=\"text-align: justify\">Os interessados devem encaminhar Curr\u00edculo ao e-mail oficial da Coordena\u00e7\u00e3o Regional de Educa\u00e7\u00e3o (<a href=\"mailto:regional.piresdorio@seduc.go.gov.br\">regional.piresdorio@seduc.go.gov.br<\/a>), contendo os contatos telef\u00f4nicos e endere\u00e7os de e-mail para correspond\u00eancias eletr\u00f4nicas.<\/p>\n<p style=\"text-align: justify\">Oportunamente esclarece, que a Coordena\u00e7\u00e3o Regional de Educa\u00e7\u00e3o de Pires do Rio instituir\u00e1 comiss\u00e3o pr\u00f3pria para as an\u00e1lises curriculares, que ser\u00e1 composta por integrante do Sindicato da categoria e membros da CRE, objetivando assim, a ado\u00e7\u00e3o de medidas e provid\u00eancias pertinentes ao suprimento de todos os d\u00e9ficits de professores regentes e\/ou Fun\u00e7\u00e3o de Magist\u00e9rio existentes na Rede Estadual de Educa\u00e7\u00e3o, que garantam os servi\u00e7os prestados \u00e0 comunidade goiana.<\/p>\n<p style=\"text-align: center\">SEDUC\/GO<\/p>\n<hr \/>\n<h3 align=\"center\"><strong>COMUNICADO<\/strong><\/h3>\n<pre style=\"text-align: center\">Publica\u00e7\u00e3o: 02\/08\/2023\nEncerramento: 07\/08\/2023 \u00e0s 18h<\/pre>\n<h3 align=\"center\"><span style=\"color: red\"><strong>ENCERRADO<\/strong><\/span><\/h3>\n<p style=\"text-align: justify\">O Governo do Estado de Goi\u00e1s, atrav\u00e9s da Secretaria de Estado da Educa\u00e7\u00e3o, diante da inexist\u00eancia de candidatos habilitados e remanescentes a serem convocados pelo Processo Seletivo Simplificado Edital n\u00ba 008\/2021 \u2013 SEAD e considerando a exist\u00eancia de d\u00e9ficits de professores na(s) unidade(s) escolar(es) pertencente(s) ao munic\u00edpio de<strong> Ipameri-GO<\/strong>, <strong>Col\u00e9gio Estadual Professor Eduardo Mancini,<\/strong> unidade escolar jurisdicionada \u00e0 Coordena\u00e7\u00e3o Regional de Educa\u00e7\u00e3o (CRE) de <strong>Pires do Rio<\/strong>, informa que est\u00e1 recebendo curr\u00edculos para sele\u00e7\u00e3o e contrata\u00e7\u00e3o tempor\u00e1ria com natureza emergencial para atender aos interesses da Administra\u00e7\u00e3o, para assumir a fun\u00e7\u00e3o de <strong>PROFESSOR REGENTE, com a jornada de trabalho de 32 aulas semanais, nas disciplinas: <\/strong>Hist\u00f3ria (15aulas); Geografia (6aulas); Artes (7aulas); Introdu\u00e7\u00e3o ao Agroneg\u00f3cio (1aula); T\u00f3picos de Ci\u00eancias Humanas (2aulas), Ensino Religioso (1aula).<\/p>\n<p style=\"text-align: justify\">Os interessados devem encaminhar Curr\u00edculo ao e-mail oficial da Coordena\u00e7\u00e3o Regional de Educa\u00e7\u00e3o (<a href=\"mailto:regional.piresdorio@seduc.go.gov.br\">regional.piresdorio@seduc.go.gov.br<\/a>), contendo os contatos telef\u00f4nicos e endere\u00e7os de e-mail para correspond\u00eancias eletr\u00f4nicas.<\/p>\n<p style=\"text-align: justify\">Oportunamente esclarece, que a Coordena\u00e7\u00e3o Regional de Educa\u00e7\u00e3o de Pires do Rio instituir\u00e1 comiss\u00e3o pr\u00f3pria para as an\u00e1lises curriculares, que ser\u00e1 composta por integrante do Sindicato da categoria e membros da CRE, objetivando assim, a ado\u00e7\u00e3o de medidas e provid\u00eancias pertinentes ao suprimento de todos os d\u00e9ficits de professores regentes e\/ou Fun\u00e7\u00e3o de Magist\u00e9rio existentes na Rede Estadual de Educa\u00e7\u00e3o, que garantam os servi\u00e7os prestados \u00e0 comunidade goiana.<\/p>\n<p align=\"center\">SEDUC\/GO<\/p>\n<hr \/>\n<h3 align=\"center\"><strong>COMUNICADO<\/strong><\/h3>\n<pre style=\"text-align: center\">Publica\u00e7\u00e3o: 01\/08\/2023\nEncerramento: 04\/08\/2023 \u00e0s 18h<\/pre>\n<h3 align=\"center\"><span style=\"color: red\"><strong>ENCERRADO<\/strong><\/span><\/h3>\n<p style=\"text-align: justify\">O Governo do Estado de Goi\u00e1s, atrav\u00e9s da Secretaria de Estado da Educa\u00e7\u00e3o, diante da inexist\u00eancia de candidatos habilitados e remanescentes a serem convocados pelo Processo Seletivo Simplificado Edital n\u00ba 008\/2021 \u2013 SEAD e considerando a exist\u00eancia de d\u00e9ficits de professores na(s) unidade(s) escolar(es) pertencente(s) ao munic\u00edpio de<strong> Orizona-GO<\/strong>,\u00a0 <strong>Centro de Ensino em Per\u00edodo Integral Maria Benedita Velozo &#8211; 9 horas<\/strong>, unidade escolar jurisdicionada \u00e0 Coordena\u00e7\u00e3o Regional de Educa\u00e7\u00e3o (CRE) de <strong>Pires do Rio<\/strong>, informa que est\u00e1 recebendo curr\u00edculos para sele\u00e7\u00e3o e contrata\u00e7\u00e3o tempor\u00e1ria com natureza emergencial para atender aos interesses da Administra\u00e7\u00e3o, para assumir a fun\u00e7\u00e3o de <strong>PROFESSOR REGENTE, com a jornada de trabalho de 32 aulas semanais, nas disciplinas: <\/strong>Educa\u00e7\u00e3o F\u00edsica (10 aulas); Arte (06 aulas); Trilha de Aprofundamento Ci\u00eancias da Humanas e Sociais &#8211; Ser Jovem (03 aulas); Estudo Orientado I (02 aulas); Estudo Orientado II (04 aulas); Trilha Prepara\u00e7\u00e3o P\u00f3s-M\u00e9dio (03 aulas); Eletivas (02 aulas); Eletivas II (02 aulas).<\/p>\n<p style=\"text-align: justify\">Os interessados devem encaminhar Curr\u00edculo ao e-mail oficial da Coordena\u00e7\u00e3o Regional de Educa\u00e7\u00e3o (<a href=\"mailto:regional.piresdorio@seduc.go.gov.br\">regional.piresdorio@seduc.go.gov.br<\/a>), contendo os contatos telef\u00f4nicos e endere\u00e7os de e-mail para correspond\u00eancias eletr\u00f4nicas.<\/p>\n<p style=\"text-align: justify\">Oportunamente esclarece, que a Coordena\u00e7\u00e3o Regional de Educa\u00e7\u00e3o de Pires do Rio instituir\u00e1 comiss\u00e3o pr\u00f3pria para as an\u00e1lises curriculares, que ser\u00e1 composta por integrante do Sindicato da categoria e membros da CRE, objetivando assim, a ado\u00e7\u00e3o de medidas e provid\u00eancias pertinentes ao suprimento de todos os d\u00e9ficits de professores regentes e\/ou Fun\u00e7\u00e3o de Magist\u00e9rio existentes na Rede Estadual de Educa\u00e7\u00e3o, que garantam os servi\u00e7os prestados \u00e0 comunidade goiana.<\/p>\n<p align=\"center\">SEDUC\/GO<\/p>\n<hr \/>\n<h3 align=\"center\"><strong>COMUNICADO<\/strong><\/h3>\n<pre style=\"text-align: center\">Publica\u00e7\u00e3o: 05\/05\/2023\nEncerramento: 10\/05\/2023 \u00e0s 18h<\/pre>\n<h3 align=\"center\"><span style=\"color: red\"><strong>ENCERRADO<\/strong><\/span><\/h3>\n<p style=\"text-align: justify\">O Governo do Estado de Goi\u00e1s, atrav\u00e9s da Secretaria de Estado da Educa\u00e7\u00e3o, diante da inexist\u00eancia de candidatos habilitados e remanescentes a serem convocados pelo Processo Seletivo Simplificado Edital n\u00ba 008\/2021 \u2013 SEAD e considerando a exist\u00eancia de d\u00e9ficits de professores na(s) unidade(s) escolar(es) pertencente(s) ao munic\u00edpio de<strong> Palmelo &#8211; GO<\/strong>,\u00a0 <strong>Col\u00e9gio Estadual Eur\u00edpedes Barsanulfo<\/strong>, unidade escolar jurisdicionada \u00e0 Coordena\u00e7\u00e3o Regional de Educa\u00e7\u00e3o (CRE) de <strong>Pires do Rio<\/strong>, informa que est\u00e1 recebendo curr\u00edculos para sele\u00e7\u00e3o e contrata\u00e7\u00e3o tempor\u00e1ria com natureza emergencial para atender aos interesses da Administra\u00e7\u00e3o, para assumir a fun\u00e7\u00e3o de <strong>PROFESSOR REGENTE, com carga hor\u00e1ria de 32 horas aulas semanais, sendo: 31 aulas de L\u00edngua Portuguesa, 01 aula de Produ\u00e7\u00e3o de Texto.<\/strong><\/p>\n<p style=\"text-align: justify\">Os interessados devem encaminhar Curr\u00edculo ao e-mail oficial da Coordena\u00e7\u00e3o Regional de Educa\u00e7\u00e3o (<a href=\"mailto:regional.piresdorio@seduc.go.gov.br\">regional.piresdorio@seduc.go.gov.br<\/a>), contendo os contatos telef\u00f4nicos e endere\u00e7os de e-mail para correspond\u00eancias eletr\u00f4nicas.<\/p>\n<p style=\"text-align: justify\">Oportunamente esclarece, que a Coordena\u00e7\u00e3o Regional de Educa\u00e7\u00e3o de Pires do Rio instituir\u00e1 comiss\u00e3o pr\u00f3pria para as an\u00e1lises curriculares, que ser\u00e1 composta por integrante do Sindicato da categoria e membros da CRE, objetivando assim, a ado\u00e7\u00e3o de medidas e provid\u00eancias pertinentes ao suprimento de todos os d\u00e9ficits de professores regentes e\/ou Fun\u00e7\u00e3o de Magist\u00e9rio existentes na Rede Estadual de Educa\u00e7\u00e3o, que garantam os servi\u00e7os prestados \u00e0 comunidade goiana.<\/p>\n<p align=\"center\">SEDUC\/GO<\/p>\n<hr \/>\n<h3 align=\"center\"><strong>COMUNICADO<\/strong><\/h3>\n<pre style=\"text-align: center\">Publica\u00e7\u00e3o: 25\/04\/2023\nEncerramento: 28\/04\/2023 \u00e0s 18h<\/pre>\n<h3 align=\"center\"><span style=\"color: red\"><strong>ENCERRADO<\/strong><\/span><\/h3>\n<p style=\"text-align: justify\">O Governo do Estado de Goi\u00e1s, atrav\u00e9s da Secretaria de Estado da Educa\u00e7\u00e3o, diante da inexist\u00eancia de candidatos habilitados e remanescentes a serem convocados pelo Processo Seletivo Simplificado Edital n\u00ba 008\/2021 \u2013 SEAD e considerando a exist\u00eancia de d\u00e9ficits de professores na(s) unidade(s) escolar(es) pertencente(s) ao munic\u00edpio de<strong> Pires do Rio &#8211; GO<\/strong>,\u00a0 <strong>Centro de Ensino em Per\u00edodo Integral Augusto Monteiro de Godoy<\/strong>, unidade escolar jurisdicionada \u00e0 Coordena\u00e7\u00e3o Regional de Educa\u00e7\u00e3o (CRE) de <strong>Pires do Rio<\/strong>, informa que est\u00e1 recebendo curr\u00edculos para sele\u00e7\u00e3o e contrata\u00e7\u00e3o tempor\u00e1ria com natureza emergencial para atender aos interesses da Administra\u00e7\u00e3o, para assumir a fun\u00e7\u00e3o de <strong>PROFESSOR REGENTE, com carga hor\u00e1ria de 32 horas aulas semanais, sendo: 24 aulas de Ci\u00eancias da Natureza, 08 aulas de Pr\u00e1ticas Experimentais de Ci\u00eancias da Natureza.<\/strong><\/p>\n<p style=\"text-align: justify\">Os interessados devem encaminhar Curr\u00edculo ao e-mail oficial da Coordena\u00e7\u00e3o Regional de Educa\u00e7\u00e3o (<a href=\"mailto:regional.piresdorio@seduc.go.gov.br\">regional.piresdorio@seduc.go.gov.br<\/a>), contendo os contatos telef\u00f4nicos e endere\u00e7os de e-mail para correspond\u00eancias eletr\u00f4nicas.<\/p>\n<p style=\"text-align: justify\">Oportunamente esclarece, que a Coordena\u00e7\u00e3o Regional de Educa\u00e7\u00e3o de Pires do Rio instituir\u00e1 comiss\u00e3o pr\u00f3pria para as an\u00e1lises curriculares, que ser\u00e1 composta por integrante do Sindicato da categoria e membros da CRE, objetivando assim, a ado\u00e7\u00e3o de medidas e provid\u00eancias pertinentes ao suprimento de todos os d\u00e9ficits de professores regentes e\/ou Fun\u00e7\u00e3o de Magist\u00e9rio existentes na Rede Estadual de Educa\u00e7\u00e3o, que garantam os servi\u00e7os prestados \u00e0 comunidade goiana.<\/p>\n<p align=\"center\">SEDUC\/GO<\/p>\n<hr \/>\n<h3 align=\"center\"><strong>COMUNICADO<\/strong><\/h3>\n<pre style=\"text-align: center\">Publica\u00e7\u00e3o: 04\/04\/2023\nEncerramento: 11\/04\/2023 \u00e0s 18h<\/pre>\n<h3 align=\"center\"><span style=\"color: red\"><strong>ENCERRADO<\/strong><\/span><\/h3>\n<p style=\"text-align: justify\">O Governo do Estado de Goi\u00e1s, atrav\u00e9s da Secretaria de Estado da Educa\u00e7\u00e3o, diante da inexist\u00eancia de candidatos habilitados e remanescentes a serem convocados pelo Processo Seletivo Simplificado Edital n\u00ba 008\/2021 \u2013 SEAD e considerando a exist\u00eancia de d\u00e9ficits de professores na(s) unidade(s) escolar(es) pertencente(s) ao munic\u00edpio de<strong> Orizona-GO<\/strong><strong>,\u00a0 Col\u00e9gio Estadual Senador Jos\u00e9 da Costa Pereira<\/strong>, unidade escolar jurisdicionada \u00e0 Coordena\u00e7\u00e3o Regional de Educa\u00e7\u00e3o (CRE) de <strong>Pires do Rio<\/strong>, informa que est\u00e1 recebendo curr\u00edculos para sele\u00e7\u00e3o e contrata\u00e7\u00e3o tempor\u00e1ria com natureza emergencial para atender aos interesses da Administra\u00e7\u00e3o, para assumir a fun\u00e7\u00e3o de <strong>PROFESSOR REGENTE &#8211; EAD, com carga hor\u00e1ria de 20 horas semanais, no turno vespertino, na disciplina de Ci\u00eancias Humanas\u00a0 e suas Tecnologias &#8211; Ensino M\u00e9dio &#8211; 3\u00aa Etapa.<\/strong><\/p>\n<p style=\"text-align: justify\">Os interessados devem encaminhar Curr\u00edculo ao e-mail oficial da Coordena\u00e7\u00e3o Regional de Educa\u00e7\u00e3o (<a href=\"mailto:regional.piresdorio@seduc.go.gov.br\">regional.piresdorio@seduc.go.gov.br<\/a>),\u00a0 contendo os contatos telef\u00f4nicos e endere\u00e7os de e-mail para correspond\u00eancias eletr\u00f4nicas.<\/p>\n<p style=\"text-align: justify\">Oportunamente esclarece, que a Coordena\u00e7\u00e3o Regional de Educa\u00e7\u00e3o de Pires do Rio instituir\u00e1 comiss\u00e3o pr\u00f3pria para as an\u00e1lises curriculares, que ser\u00e1 composta por integrante do Sindicato da categoria e membros da CRE, objetivando assim, a ado\u00e7\u00e3o de medidas e provid\u00eancias pertinentes ao suprimento de todos os d\u00e9ficits de professores regentes e\/ou Fun\u00e7\u00e3o de Magist\u00e9rio existentes na Rede Estadual de Educa\u00e7\u00e3o, que garantam os servi\u00e7os prestados \u00e0 comunidade goiana.<\/p>\n<p align=\"center\">SEDUC\/GO<\/p>\n<hr \/>\n<h3 align=\"center\"><strong>COMUNICADO<\/strong><\/h3>\n<pre style=\"text-align: center\">Publica\u00e7\u00e3o: 31\/03\/2023\nEncerramento: 05\/04\/2023 \u00e0s 18h<\/pre>\n<h3 align=\"center\"><span style=\"color: red\"><strong>ENCERRADO<\/strong><\/span><\/h3>\n<p style=\"text-align: justify\">O Governo do Estado de Goi\u00e1s, atrav\u00e9s da Secretaria de Estado da Educa\u00e7\u00e3o, diante da inexist\u00eancia de candidatos habilitados e remanescentes a serem convocados pelo Processo Seletivo Simplificado Edital n\u00ba 008\/2021 \u2013 SEAD e considerando a exist\u00eancia de d\u00e9ficits de professores na(s) unidade(s) escolar(es) pertencente(s) ao munic\u00edpio de<strong> Pires do Rio &#8211; GO<\/strong>, <strong>Centro de Ensino em Per\u00edodo Integral Augusto Monteiro de Godoy<\/strong>, unidade escolar jurisdicionada \u00e0 Coordena\u00e7\u00e3o Regional de Educa\u00e7\u00e3o (CRE) de <strong>Pires do Rio<\/strong>, informa que est\u00e1 recebendo curr\u00edculos para sele\u00e7\u00e3o e contrata\u00e7\u00e3o tempor\u00e1ria com natureza emergencial para atender aos interesses da Administra\u00e7\u00e3o, para assumir a fun\u00e7\u00e3o de <strong>PROFESSOR REGENTE, com carga hor\u00e1ria de 32 horas aulas semanais, sendo: 16 aulas de Hist\u00f3ria, 08 aulas de Geografia, 02 aulas de Protagonismo Juvenil, 02 aulas de Estudo Orientado I,\u00a0 02 aulas de Eletivas I: Desvendando a Matem\u00e1tica: Racioc\u00ednio L\u00f3gico e 02 aulas de Eletivas II: Geografia &#8211; Geo Economia.<\/strong><\/p>\n<p style=\"text-align: justify\">Os interessados devem encaminhar Curr\u00edculo ao e-mail oficial da Coordena\u00e7\u00e3o Regional de Educa\u00e7\u00e3o (<a href=\"mailto:regional.piresdorio@seduc.go.gov.br\">regional.piresdorio@seduc.go.gov.br<\/a>), contendo os contatos telef\u00f4nicos e endere\u00e7os de e-mail para correspond\u00eancias eletr\u00f4nicas.<\/p>\n<p style=\"text-align: justify\">Oportunamente esclarece, que a Coordena\u00e7\u00e3o Regional de Educa\u00e7\u00e3o de Pires do Rio instituir\u00e1 comiss\u00e3o pr\u00f3pria para as an\u00e1lises curriculares, que ser\u00e1 composta por integrante do Sindicato da categoria e membros da CRE, objetivando assim, a ado\u00e7\u00e3o de medidas e provid\u00eancias pertinentes ao suprimento de todos os d\u00e9ficits de professores regentes e\/ou Fun\u00e7\u00e3o de Magist\u00e9rio existentes na Rede Estadual de Educa\u00e7\u00e3o, que garantam os servi\u00e7os prestados \u00e0 comunidade goiana.<\/p>\n<p align=\"center\">SEDUC\/GO<\/p>\n<hr \/>\n<h3 align=\"center\"><strong>COMUNICADO<\/strong><\/h3>\n<pre style=\"text-align: center\">Publica\u00e7\u00e3o: 29\/03\/2023\nEncerramento: 03\/04\/2023 \u00e0s 18h<\/pre>\n<h3 align=\"center\"><span style=\"color: red\"><strong>ENCERRADO<\/strong><\/span><\/h3>\n<p style=\"text-align: justify\">O Governo do Estado de Goi\u00e1s, atrav\u00e9s da Secretaria de Estado da Educa\u00e7\u00e3o, diante da inexist\u00eancia de candidatos habilitados e remanescentes a serem convocados pelo Processo Seletivo Simplificado Edital n\u00ba 008\/2021 \u2013 SEAD e considerando a exist\u00eancia de d\u00e9ficits de professores na(s) unidade(s) escolar(es) pertencente(s) ao munic\u00edpio de<strong> Orizona-GO<\/strong>,\u00a0 <strong>Centro de Ensino em Per\u00edodo Integral Maria Benedita Velozo, <\/strong>\u00a0unidade escolar jurisdicionada \u00e0 Coordena\u00e7\u00e3o Regional de Educa\u00e7\u00e3o (CRE) de <strong>Pires do Rio<\/strong>, informa que est\u00e1 recebendo curr\u00edculos para sele\u00e7\u00e3o e contrata\u00e7\u00e3o tempor\u00e1ria com natureza emergencial para atender aos interesses da Administra\u00e7\u00e3o para assumir a fun\u00e7\u00e3o de <strong>PROFESSOR REGENTE com a carga hor\u00e1ria total de 32 aulas semanais, sendo: 28 aulas na disciplinas de Matem\u00e1tica; \u00a001 aula de F\u00edsica; 03 aulas de Trilha de Aprofundamento Ci\u00eancias da Natureza &#8211; Energia que nos move.<\/strong><\/p>\n<p style=\"text-align: justify\">Os interessados devem encaminhar Curr\u00edculo ao e-mail oficial da Coordena\u00e7\u00e3o Regional de Educa\u00e7\u00e3o (<a href=\"mailto:regional.piresdorio@seduc.go.gov.br\">regional.piresdorio@seduc.go.gov.br<\/a>), contendo os contatos telef\u00f4nicos e endere\u00e7os de e-mail para correspond\u00eancias eletr\u00f4nicas.<\/p>\n<p style=\"text-align: justify\">Oportunamente esclarece, que a Coordena\u00e7\u00e3o Regional de Educa\u00e7\u00e3o de Pires do Rio instituir\u00e1 comiss\u00e3o pr\u00f3pria para as an\u00e1lises curriculares, que ser\u00e1 composta por integrante do Sindicato da categoria e membros da CRE, objetivando assim, a ado\u00e7\u00e3o de medidas e provid\u00eancias pertinentes ao suprimento de todos os d\u00e9ficits de professores regentes e\/ou Fun\u00e7\u00e3o de Magist\u00e9rio existentes na Rede Estadual de Educa\u00e7\u00e3o, que garantam os servi\u00e7os prestados \u00e0 comunidade goiana.<\/p>\n<p align=\"center\">SEDUC\/GO<\/p>\n<hr \/>\n<h3 align=\"center\"><strong>COMUNICADO<\/strong><\/h3>\n<pre style=\"text-align: center\">Publica\u00e7\u00e3o: 22\/03\/2023\nEncerramento: 27\/03\/2023 \u00e0s 18h<\/pre>\n<h3 align=\"center\"><span style=\"color: red\"><strong>ENCERRADO<\/strong><\/span><\/h3>\n<p style=\"text-align: justify\">O Governo do Estado de Goi\u00e1s, atrav\u00e9s da Secretaria de Estado da Educa\u00e7\u00e3o, diante da inexist\u00eancia de candidatos habilitados e remanescentes a serem convocados pelo Processo Seletivo Simplificado Edital n\u00ba 008\/2021 \u2013 SEAD e considerando a exist\u00eancia de d\u00e9ficits de professores na(s) unidade(s) escolar(es) pertencente(s) ao munic\u00edpio de<strong> Orizona-GO<\/strong><strong>,\u00a0 Col\u00e9gio Estadual Senador Jos\u00e9 da Costa Pereira<\/strong>, unidade escolar jurisdicionada \u00e0 Coordena\u00e7\u00e3o Regional de Educa\u00e7\u00e3o (CRE) de <strong>Pires do Rio<\/strong>, informa que est\u00e1 recebendo curr\u00edculos para sele\u00e7\u00e3o e contrata\u00e7\u00e3o tempor\u00e1ria com natureza emergencial para atender aos interesses da Administra\u00e7\u00e3o, para assumir a fun\u00e7\u00e3o de <strong>PROFESSOR REGENTE &#8211; EAD, com carga hor\u00e1ria de 20 horas semanais, no turno vespertino, na disciplina de Ci\u00eancias Humanas\u00a0 e suas Tecnologias &#8211; Ensino M\u00e9dio &#8211; 3\u00aa Etapa.<\/strong><\/p>\n<p style=\"text-align: justify\">Os interessados devem encaminhar Curr\u00edculo ao e-mail oficial da Coordena\u00e7\u00e3o Regional de Educa\u00e7\u00e3o (<a href=\"mailto:regional.piresdorio@seduc.go.gov.br\">regional.piresdorio@seduc.go.gov.br<\/a>),\u00a0 contendo os contatos telef\u00f4nicos e endere\u00e7os de e-mail para correspond\u00eancias eletr\u00f4nicas.<\/p>\n<p style=\"text-align: justify\">Oportunamente esclarece, que a Coordena\u00e7\u00e3o Regional de Educa\u00e7\u00e3o de Pires do Rio instituir\u00e1 comiss\u00e3o pr\u00f3pria para as an\u00e1lises curriculares, que ser\u00e1 composta por integrante do Sindicato da categoria e membros da CRE, objetivando assim, a ado\u00e7\u00e3o de medidas e provid\u00eancias pertinentes ao suprimento de todos os d\u00e9ficits de professores regentes e\/ou Fun\u00e7\u00e3o de Magist\u00e9rio existentes na Rede Estadual de Educa\u00e7\u00e3o, que garantam os servi\u00e7os prestados \u00e0 comunidade goiana.<\/p>\n<p align=\"center\">SEDUC\/GO<\/p>\n<hr \/>\n<h3 align=\"center\"><strong>COMUNICADO<\/strong><\/h3>\n<pre style=\"text-align: center\">Publica\u00e7\u00e3o: 15\/03\/2023\nEncerramento: 20\/03\/2023 \u00e0s 18h<\/pre>\n<h3 align=\"center\"><span style=\"color: red\"><strong>ENCERRADO<\/strong><\/span><\/h3>\n<p style=\"text-align: justify\">O Governo do Estado de Goi\u00e1s, atrav\u00e9s da Secretaria de Estado da Educa\u00e7\u00e3o, diante da inexist\u00eancia de candidatos habilitados e remanescentes a serem convocados pelo Processo Seletivo Simplificado Edital n\u00ba 008\/2021 \u2013 SEAD e considerando a exist\u00eancia de d\u00e9ficits de professores na(s) unidade(s) escolar(es) pertencente(s) ao munic\u00edpio de<strong> Ipameri-GO<\/strong>,\u00a0 <strong>Col\u00e9gio Estadual Professor Eduardo Mancini,<\/strong> unidade escolar jurisdicionada \u00e0 Coordena\u00e7\u00e3o Regional de Educa\u00e7\u00e3o (CRE) de <strong>Pires do Rio<\/strong>, informa que est\u00e1 recebendo curr\u00edculos para sele\u00e7\u00e3o e contrata\u00e7\u00e3o tempor\u00e1ria com natureza emergencial para atender aos interesses da Administra\u00e7\u00e3o, para assumir a fun\u00e7\u00e3o de <strong>PROFESSOR REGENTE &#8211;<\/strong><strong> com carga hor\u00e1ria de 20 horas semanais<\/strong><strong>, na modalidade <\/strong><strong>EJA TEC Prisional \u2013 3\u00aa Etapa &#8211; \u00c1rea de Conhecimento:\u00a0 Matem\u00e1tica e suas Tecnologias. <\/strong><\/p>\n<p style=\"text-align: justify\">Os interessados devem encaminhar Curr\u00edculo ao e-mail oficial da Coordena\u00e7\u00e3o Regional de Educa\u00e7\u00e3o (<a href=\"mailto:regional.piresdorio@seduc.go.gov.br\">regional.piresdorio@seduc.go.gov.br<\/a>) contendo os contatos telef\u00f4nicos e endere\u00e7os de e-mail para correspond\u00eancias eletr\u00f4nicas.<\/p>\n<p style=\"text-align: justify\">Oportunamente esclarece, que a Coordena\u00e7\u00e3o Regional de Educa\u00e7\u00e3o de Pires do Rio instituir\u00e1 comiss\u00e3o pr\u00f3pria para as an\u00e1lises curriculares, que ser\u00e1 composta por integrante do Sindicato da categoria e membros da CRE, objetivando assim, a ado\u00e7\u00e3o de medidas e provid\u00eancias pertinentes ao suprimento de todos os d\u00e9ficits de professores regentes e\/ou Fun\u00e7\u00e3o de Magist\u00e9rio existentes na Rede Estadual de Educa\u00e7\u00e3o, que garantam os servi\u00e7os prestados \u00e0 comunidade goiana.<\/p>\n<p align=\"center\">SEDUC\/GO<\/p>\n<hr \/>\n<h3 align=\"center\"><strong>COMUNICADO<\/strong><\/h3>\n<pre style=\"text-align: center\">Publica\u00e7\u00e3o: 10\/03\/2023\nEncerramento: 15\/03\/2023 \u00e0s 18h<\/pre>\n<h3 align=\"center\"><span style=\"color: red\"><strong>ENCERRADO<\/strong><\/span><\/h3>\n<p style=\"text-align: justify\">O Governo do Estado de Goi\u00e1s, atrav\u00e9s da Secretaria de Estado da Educa\u00e7\u00e3o, diante da inexist\u00eancia de candidatos habilitados e remanescentes a serem convocados pelo Processo Seletivo Simplificado Edital n\u00ba 008\/2021 \u2013 SEAD e considerando a exist\u00eancia de d\u00e9ficits de professores nas unidades escolares pertencentes ao munic\u00edpio de <strong>Pires do Rio &#8211; GO<\/strong>, Unidade Escolar Col\u00e9gio Estadual Dr. Francisco Accioli, jurisdicionado \u00e0 Coordena\u00e7\u00e3o Regional de Educa\u00e7\u00e3o (CRE) de Pires do Rio, informa que est\u00e1 recebendo curr\u00edculos para sele\u00e7\u00e3o e contrata\u00e7\u00e3o tempor\u00e1ria com natureza emergencial para atender aos interesses da Administra\u00e7\u00e3o, para ministrar aulas nas disciplina(s) de <strong>L\u00edngua Portuguesa (02), L\u00edngua Est. Moderna Ingl\u00eas (11), Educa\u00e7\u00e3o F\u00edsica (01), Arte (04) e Produ\u00e7\u00e3o de Texto (03)<\/strong>, totalizando <strong>21 aulas semanais<\/strong>.<\/p>\n<p style=\"text-align: justify\">Os interessados devem encaminhar Curr\u00edculo ao e-mail oficial da Coordena\u00e7\u00e3o Regional de Educa\u00e7\u00e3o (<a href=\"mailto:regional.piresdorio@seduc.go.gov.br\">regional.piresdorio@seduc.go.gov.br<\/a>), contendo os contatos telef\u00f4nicos e endere\u00e7os de e-mail para correspond\u00eancias eletr\u00f4nicas.<\/p>\n<p style=\"text-align: justify\">Oportunamente esclarece, que a Coordena\u00e7\u00e3o Regional de Educa\u00e7\u00e3o de Pires do Rio instituir\u00e1 comiss\u00e3o pr\u00f3pria para as an\u00e1lises curriculares, que ser\u00e1 composta por integrante do Sindicato da categoria e membros da CRE, objetivando assim, a ado\u00e7\u00e3o de medidas e provid\u00eancias pertinentes ao suprimento de todos os d\u00e9ficits de professores existentes na Rede Estadual de Educa\u00e7\u00e3o, que garantam os servi\u00e7os prestados \u00e0 comunidade goiana.<\/p>\n<p align=\"center\">SEDUC\/GO<\/p>\n<hr \/>\n<h3 align=\"center\"><strong>COMUNICADO<\/strong><\/h3>\n<pre style=\"text-align: center\">Publica\u00e7\u00e3o: 10\/03\/2023\nEncerramento: 15\/03\/2023 \u00e0s 18h<\/pre>\n<h3 align=\"center\"><span style=\"color: red\"><strong>ENCERRADO<\/strong><\/span><\/h3>\n<p style=\"text-align: justify\">O Governo do Estado de Goi\u00e1s, atrav\u00e9s da Secretaria de Estado da Educa\u00e7\u00e3o, diante da inexist\u00eancia de candidatos habilitados e remanescentes a serem convocados pelo Processo Seletivo Simplificado Edital n\u00ba 008\/2021 \u2013 SEAD e considerando a exist\u00eancia de d\u00e9ficits de professores na(s) unidade(s) escolar(es) pertencente(s) ao munic\u00edpio de<strong> Orizona-GO<\/strong>,\u00a0 Col\u00e9gio Estadual Senador Jos\u00e9 da Costa Pereira, unidade escolar jurisdicionada \u00e0 Coordena\u00e7\u00e3o Regional de Educa\u00e7\u00e3o (CRE) de Pires do Rio, informa que est\u00e1 recebendo curr\u00edculos para sele\u00e7\u00e3o e contrata\u00e7\u00e3o tempor\u00e1ria com natureza emergencial para atender aos interesses da Administra\u00e7\u00e3o, para assumir a fun\u00e7\u00e3o de <strong>PROFESSOR REGENTE &#8211; EAD, com carga hor\u00e1ria de 20 horas semanais, no turno vespertino, na disciplina de Ci\u00eancias Humanas\u00a0 e suas Tecnologias, Ensino Fundamental Anos Finais &#8211; 2\u00aa Etapa.<\/strong><\/p>\n<p style=\"text-align: justify\">Os interessados devem encaminhar Curr\u00edculo ao e-mail oficial da Coordena\u00e7\u00e3o Regional de Educa\u00e7\u00e3o (<a href=\"mailto:regional.piresdorio@seduc.go.gov.br\">regional.piresdorio@seduc.go.gov.br<\/a>), contendo os contatos telef\u00f4nicos e endere\u00e7os de e-mail para correspond\u00eancias eletr\u00f4nicas.<\/p>\n<p style=\"text-align: justify\">Oportunamente esclarece, que a Coordena\u00e7\u00e3o Regional de Educa\u00e7\u00e3o de Pires do Rio instituir\u00e1 comiss\u00e3o pr\u00f3pria para as an\u00e1lises curriculares, que ser\u00e1 composta por integrante do Sindicato da categoria e membros da CRE, objetivando assim, a ado\u00e7\u00e3o de medidas e provid\u00eancias pertinentes ao suprimento de todos os d\u00e9ficits de professores regentes e\/ou Fun\u00e7\u00e3o de Magist\u00e9rio existentes na Rede Estadual de Educa\u00e7\u00e3o, que garantam os servi\u00e7os prestados \u00e0 comunidade goiana.<\/p>\n<p align=\"center\">SEDUC\/GO<\/p>\n<hr \/>\n<h3 align=\"center\"><strong>COMUNICADO<\/strong><\/h3>\n<pre style=\"text-align: center\">Publica\u00e7\u00e3o: 10\/03\/2023\nEncerramento: 15\/03\/2023 \u00e0s 18h<\/pre>\n<h3 align=\"center\"><span style=\"color: red\"><strong>ENCERRADO<\/strong><\/span><\/h3>\n<p style=\"text-align: justify\">O Governo do Estado de Goi\u00e1s, atrav\u00e9s da Secretaria de Estado da Educa\u00e7\u00e3o, diante da inexist\u00eancia de candidatos habilitados e remanescentes a serem convocados pelo Processo Seletivo Simplificado Edital n\u00ba 008\/2021 \u2013 SEAD e considerando a exist\u00eancia de d\u00e9ficits de professores na(s) unidade(s) escolar(es) pertencente(s) ao munic\u00edpio de<strong> Orizona-GO<\/strong>,\u00a0 Col\u00e9gio Estadual Senador Jos\u00e9 da Costa Pereira, unidade escolar jurisdicionada \u00e0 Coordena\u00e7\u00e3o Regional de Educa\u00e7\u00e3o (CRE) de Pires do Rio, informa que est\u00e1 recebendo curr\u00edculos para sele\u00e7\u00e3o e contrata\u00e7\u00e3o tempor\u00e1ria com natureza emergencial para atender aos interesses da Administra\u00e7\u00e3o, para assumir a fun\u00e7\u00e3o de <strong>PROFESSOR REGENTE &#8211; EAD, com carga hor\u00e1ria de 20 horas semanais, no turno vespertino, na disciplina de Ci\u00eancias da Natureza\u00a0 e suas Tecnologias, Ensino Fundamental Anos Finais &#8211; 2\u00aa Etapa.<\/strong><\/p>\n<p style=\"text-align: justify\">Os interessados devem encaminhar Curr\u00edculo ao e-mail oficial da Coordena\u00e7\u00e3o Regional de Educa\u00e7\u00e3o (<a href=\"mailto:regional.piresdorio@seduc.go.gov.br\">regional.piresdorio@seduc.go.gov.br<\/a>), contendo os contatos telef\u00f4nicos e endere\u00e7os de e-mail para correspond\u00eancias eletr\u00f4nicas.<\/p>\n<p style=\"text-align: justify\">Oportunamente esclarece, que a Coordena\u00e7\u00e3o Regional de Educa\u00e7\u00e3o de Pires do Rio instituir\u00e1 comiss\u00e3o pr\u00f3pria para as an\u00e1lises curriculares, que ser\u00e1 composta por integrante do Sindicato da categoria e membros da CRE, objetivando assim, a ado\u00e7\u00e3o de medidas e provid\u00eancias pertinentes ao suprimento de todos os d\u00e9ficits de professores regentes e\/ou Fun\u00e7\u00e3o de Magist\u00e9rio existentes na Rede Estadual de Educa\u00e7\u00e3o, que garantam os servi\u00e7os prestados \u00e0 comunidade goiana.<\/p>\n<p align=\"center\">SEDUC\/GO<\/p>\n<hr \/>\n<h3 align=\"center\"><strong>COMUNICADO<\/strong><\/h3>\n<pre style=\"text-align: center\">Publica\u00e7\u00e3o: 10\/03\/2023\nEncerramento: 15\/03\/2023 \u00e0s 18h<\/pre>\n<h3 align=\"center\"><span style=\"color: red\"><strong>ENCERRADO<\/strong><\/span><\/h3>\n<p style=\"text-align: justify\">O Governo do Estado de Goi\u00e1s, atrav\u00e9s da Secretaria de Estado da Educa\u00e7\u00e3o, diante da inexist\u00eancia de candidatos habilitados e remanescentes a serem convocados pelo Processo Seletivo Simplificado Edital n\u00ba 008\/2021 \u2013 SEAD e considerando a exist\u00eancia de d\u00e9ficits de professores na(s) unidade(s) escolar(es) pertencente(s) ao munic\u00edpio de<strong> Orizona-GO<\/strong>,\u00a0 Col\u00e9gio Estadual Senador Jos\u00e9 da Costa Pereira, unidade escolar jurisdicionada \u00e0 Coordena\u00e7\u00e3o Regional de Educa\u00e7\u00e3o (CRE) de Pires do Rio, informa que est\u00e1 recebendo curr\u00edculos para sele\u00e7\u00e3o e contrata\u00e7\u00e3o tempor\u00e1ria com natureza emergencial para atender aos interesses da Administra\u00e7\u00e3o, para assumir a fun\u00e7\u00e3o de <strong>PROFESSOR REGENTE &#8211; EAD, com carga hor\u00e1ria de 20 horas semanais, no turno vespertino, na disciplina de Ci\u00eancias da Natureza\u00a0 e suas Tecnologias, Ensino M\u00e9dio &#8211; 3\u00aa Etapa.<\/strong><\/p>\n<p style=\"text-align: justify\">Os interessados devem encaminhar Curr\u00edculo ao e-mail oficial da Coordena\u00e7\u00e3o Regional de Educa\u00e7\u00e3o (<a href=\"mailto:regional.piresdorio@seduc.go.gov.br\">regional.piresdorio@seduc.go.gov.br<\/a>),\u00a0 contendo os contatos telef\u00f4nicos e endere\u00e7os de e-mail para correspond\u00eancias eletr\u00f4nicas.<\/p>\n<p style=\"text-align: justify\">Oportunamente esclarece, que a Coordena\u00e7\u00e3o Regional de Educa\u00e7\u00e3o de Pires do Rio instituir\u00e1 comiss\u00e3o pr\u00f3pria para as an\u00e1lises curriculares, que ser\u00e1 composta por integrante do Sindicato da categoria e membros da CRE, objetivando assim, a ado\u00e7\u00e3o de medidas e provid\u00eancias pertinentes ao suprimento de todos os d\u00e9ficits de professores regentes e\/ou Fun\u00e7\u00e3o de Magist\u00e9rio existentes na Rede Estadual de Educa\u00e7\u00e3o, que garantam os servi\u00e7os prestados \u00e0 comunidade goiana.<\/p>\n<p align=\"center\">SEDUC\/GO<\/p>\n","protected":false},"excerpt":{"rendered":"<p>COMUNICADO PARA CONTRATA\u00c7\u00c3O TEMPOR\u00c1RIA Publica\u00e7\u00e3o: 22\/04\/2026 Encerramento: 24\/04\/2026 \u00e0s 18h O Governo do Estado de Goi\u00e1s, atrav\u00e9s da Secretaria de Estado da Educa\u00e7\u00e3o, diante da inexist\u00eancia de Processo Seletivo Simplificado vigente no \u00e2mbito desta Pasta e considerando a exist\u00eancia de d\u00e9ficits de professores nas unidades escolares pertencentes ao munic\u00edpio de IPAMERI, jurisdicionado \u00e0 Coordena\u00e7\u00e3o Regional [&hellip;]<\/p>\n","protected":false},"author":793,"featured_media":0,"comment_status":"closed","ping_status":"open","sticky":false,"template":"","format":"standard","meta":{"footnotes":""},"categories":[4789],"tags":[],"class_list":["post-45308","post","type-post","status-publish","format-standard","hentry","category-institucional"],"rttpg_featured_image_url":null,"rttpg_author":{"display_name":"josecarlosppampola","author_link":"https:\/\/goias.gov.br\/educacao\/author\/josecarlosppampola\/"},"rttpg_comment":0,"rttpg_category":"<a href=\"https:\/\/goias.gov.br\/educacao\/categoria\/institucional\/\" rel=\"category tag\">Institucional<\/a>","rttpg_excerpt":"COMUNICADO PARA CONTRATA\u00c7\u00c3O TEMPOR\u00c1RIA Publica\u00e7\u00e3o: 22\/04\/2026 Encerramento: 24\/04\/2026 \u00e0s 18h O Governo do Estado de Goi\u00e1s, atrav\u00e9s da Secretaria de Estado da Educa\u00e7\u00e3o, diante da inexist\u00eancia de Processo Seletivo Simplificado vigente no \u00e2mbito desta Pasta e considerando a exist\u00eancia de d\u00e9ficits de professores nas unidades escolares pertencentes ao munic\u00edpio de IPAMERI, jurisdicionado \u00e0 Coordena\u00e7\u00e3o Regional&hellip;","_links":{"self":[{"href":"https:\/\/goias.gov.br\/educacao\/wp-json\/wp\/v2\/posts\/45308","targetHints":{"allow":["GET"]}}],"collection":[{"href":"https:\/\/goias.gov.br\/educacao\/wp-json\/wp\/v2\/posts"}],"about":[{"href":"https:\/\/goias.gov.br\/educacao\/wp-json\/wp\/v2\/types\/post"}],"author":[{"embeddable":true,"href":"https:\/\/goias.gov.br\/educacao\/wp-json\/wp\/v2\/users\/793"}],"replies":[{"embeddable":true,"href":"https:\/\/goias.gov.br\/educacao\/wp-json\/wp\/v2\/comments?post=45308"}],"version-history":[{"count":2,"href":"https:\/\/goias.gov.br\/educacao\/wp-json\/wp\/v2\/posts\/45308\/revisions"}],"predecessor-version":[{"id":728100,"href":"https:\/\/goias.gov.br\/educacao\/wp-json\/wp\/v2\/posts\/45308\/revisions\/728100"}],"wp:attachment":[{"href":"https:\/\/goias.gov.br\/educacao\/wp-json\/wp\/v2\/media?parent=45308"}],"wp:term":[{"taxonomy":"category","embeddable":true,"href":"https:\/\/goias.gov.br\/educacao\/wp-json\/wp\/v2\/categories?post=45308"},{"taxonomy":"post_tag","embeddable":true,"href":"https:\/\/goias.gov.br\/educacao\/wp-json\/wp\/v2\/tags?post=45308"}],"curies":[{"name":"wp","href":"https:\/\/api.w.org\/{rel}","templated":true}]}}