

{"id":45297,"date":"2023-03-02T14:30:45","date_gmt":"2023-03-02T17:30:45","guid":{"rendered":"https:\/\/siteshom.goias.gov.br\/educacao\/cre-luziania\/"},"modified":"2026-04-23T16:14:11","modified_gmt":"2026-04-23T19:14:11","slug":"cre-luziania","status":"publish","type":"post","link":"https:\/\/goias.gov.br\/educacao\/cre-luziania\/","title":{"rendered":"CRE &#8211; Luzi\u00e2nia"},"content":{"rendered":"<h2 align=\"center\"><strong style=\"color: revert;font-size: revert\">COMUNICADO<\/strong><\/h2>\n<p style=\"text-align: center\"><strong>PARA CONTRATA\u00c7\u00c3O TEMPOR\u00c1RIA<\/strong><\/p>\n<pre style=\"text-align: center\">Publica\u00e7\u00e3o: 23\/04\/2026 \nEncerramento: 27\/04\/2026 \u00e0s 18h\n<\/pre>\n<p style=\"text-align: justify\">O Governo do Estado de Goi\u00e1s, atrav\u00e9s da Secretaria de Estado da Educa\u00e7\u00e3o, diante da inexist\u00eancia de Processo Seletivo Simplificado vigente no \u00e2mbito desta Pasta e considerando a exist\u00eancia de d\u00e9ficits de professores nas unidades escolares pertencentes ao <strong>munic\u00edpio de LUZI\u00c2NIA<\/strong>, jurisdicionado \u00e0 Coordena\u00e7\u00e3o Regional de Educa\u00e7\u00e3o de <strong>LUZIANIA<\/strong>, informa que est\u00e1 recebendo curr\u00edculos, para sele\u00e7\u00e3o e contrata\u00e7\u00e3o tempor\u00e1ria com natureza emergencial para atender aos interesses da Administra\u00e7\u00e3o: <strong>01 (um) professor para ministrar 30 aulas (40.0 horas) semanais de Pedagogia e disciplinas afins, no(s) turno(s) Vespertino no COL\u00c9GIO ESTADUAL DONA TORINHA<\/strong> visando afastar eventuais preju\u00edzos educacionais e\/ou pedag\u00f3gicos aos estudantes da Rede Estadual de Educa\u00e7\u00e3o de Goi\u00e1s.<\/p>\n<p style=\"text-align: justify\">A presente convoca\u00e7\u00e3o justifica-se devido a D\u00e9ficit.<\/p>\n<p style=\"text-align: justify\">Os interessados devem encaminhar Curr\u00edculo ao e-mail oficial da Assessoria Financeira da Coordena\u00e7\u00e3o Regional de LUZIANIA (afin.luziania@seduc.go.gov.br), contendo os contatos telef\u00f4nicos e endere\u00e7os de e-mail para correspond\u00eancias eletr\u00f4nicas, e ainda, que no campo Assunto do e-mail, seja informada a Unidade Escolar e a disciplina da vaga pleiteada.<\/p>\n<p style=\"text-align: justify\">Oportunamente, esclarece que a Coordena\u00e7\u00e3o Regional de Educa\u00e7\u00e3o de LUZIANIA instituir\u00e1 comiss\u00e3o pr\u00f3pria para as an\u00e1lises curriculares, que ser\u00e1 composta por membros da CRE, objetivando assim, a ado\u00e7\u00e3o de medidas e provid\u00eancias pertinentes ao suprimento de todos os d\u00e9ficits de professores existentes na Rede Estadual de Educa\u00e7\u00e3o de Goi\u00e1s, que garantam os servi\u00e7os prestados \u00e0 comunidade goiana.<\/p>\n<p style=\"text-align: center\">SEDUC\/GO<\/p>\n<h2 align=\"center\"><strong style=\"color: revert;font-size: revert\">COMUNICADO<\/strong><\/h2>\n<p style=\"text-align: center\"><strong>PARA CONTRATA\u00c7\u00c3O TEMPOR\u00c1RIA<\/strong><\/p>\n<pre style=\"text-align: center\">Publica\u00e7\u00e3o: 23\/04\/2026 \nEncerramento: 27\/04\/2026 \u00e0s 18h\n<\/pre>\n<p style=\"text-align: justify\">O Governo do Estado de Goi\u00e1s, atrav\u00e9s da Secretaria de Estado da Educa\u00e7\u00e3o, diante da inexist\u00eancia de Processo Seletivo Simplificado vigente no \u00e2mbito desta Pasta e considerando a exist\u00eancia de d\u00e9ficits de professores nas unidades escolares pertencentes ao <strong>munic\u00edpio de LUZI\u00c2NIA<\/strong>, jurisdicionado \u00e0 Coordena\u00e7\u00e3o Regional de Educa\u00e7\u00e3o de <strong>LUZIANIA<\/strong>, informa que est\u00e1 recebendo curr\u00edculos, para sele\u00e7\u00e3o e contrata\u00e7\u00e3o tempor\u00e1ria com natureza emergencial para atender aos interesses da Administra\u00e7\u00e3o: <strong>01 (um) professor para ministrar 30 aulas (40.0 horas) semanais de F\u00edsica e disciplinas afins, no(s) turno(s) Matutino\/Vespertino no COL\u00c9GIO ESTADUAL H\u00c9LIO RORIZ<\/strong> visando afastar eventuais preju\u00edzos educacionais e\/ou pedag\u00f3gicos aos estudantes da Rede Estadual de Educa\u00e7\u00e3o de Goi\u00e1s.<\/p>\n<p style=\"text-align: justify\">A presente convoca\u00e7\u00e3o justifica-se devido a Licen\u00e7a M\u00e9dica pelo per\u00edodo de, aproximadamente, <strong>2 meses<\/strong>.<\/p>\n<p style=\"text-align: justify\">Os interessados devem encaminhar Curr\u00edculo ao e-mail oficial da Assessoria Financeira da Coordena\u00e7\u00e3o Regional de LUZIANIA (afin.luziania@seduc.go.gov.br), contendo os contatos telef\u00f4nicos e endere\u00e7os de e-mail para correspond\u00eancias eletr\u00f4nicas, e ainda, que no campo Assunto do e-mail, seja informada a Unidade Escolar e a disciplina da vaga pleiteada.<\/p>\n<p style=\"text-align: justify\">Oportunamente, esclarece que a Coordena\u00e7\u00e3o Regional de Educa\u00e7\u00e3o de LUZIANIA instituir\u00e1 comiss\u00e3o pr\u00f3pria para as an\u00e1lises curriculares, que ser\u00e1 composta por membros da CRE, objetivando assim, a ado\u00e7\u00e3o de medidas e provid\u00eancias pertinentes ao suprimento de todos os d\u00e9ficits de professores existentes na Rede Estadual de Educa\u00e7\u00e3o de Goi\u00e1s, que garantam os servi\u00e7os prestados \u00e0 comunidade goiana.<\/p>\n<p style=\"text-align: center\">SEDUC\/GO<\/p>\n<h2 align=\"center\"><strong style=\"color: revert;font-size: revert\">COMUNICADO<\/strong><\/h2>\n<p style=\"text-align: center\"><strong>PARA CONTRATA\u00c7\u00c3O TEMPOR\u00c1RIA<\/strong><\/p>\n<pre style=\"text-align: center\">Publica\u00e7\u00e3o: 22\/04\/2026 \nEncerramento: 24\/04\/2026 \u00e0s 18h\n<\/pre>\n<p style=\"text-align: justify\">O Governo do Estado de Goi\u00e1s, atrav\u00e9s da Secretaria de Estado da Educa\u00e7\u00e3o, diante da inexist\u00eancia de Processo Seletivo Simplificado vigente no \u00e2mbito desta Pasta e considerando a exist\u00eancia de d\u00e9ficits de professores nas unidades escolares pertencentes ao <strong>munic\u00edpio de LUZI\u00c2NIA<\/strong>, jurisdicionado \u00e0 Coordena\u00e7\u00e3o Regional de Educa\u00e7\u00e3o de <strong>LUZIANIA<\/strong>, informa que est\u00e1 recebendo curr\u00edculos, para sele\u00e7\u00e3o e contrata\u00e7\u00e3o tempor\u00e1ria com natureza emergencial para atender aos interesses da Administra\u00e7\u00e3o: <strong>01 (um) professor para ministrar 30 aulas (40.0 horas) semanais de Matem\u00e1tica e disciplinas afins, no(s) turno(s) Matutino\/Vespertino no COL\u00c9GIO ESTADUAL DA POL\u00cdCIA MILITAR DO ESTADO DE GOI\u00c1S &#8211; MARIA D`ABADIA GOMES MEIRELES SHINOHARA<\/strong> visando afastar eventuais preju\u00edzos educacionais e\/ou pedag\u00f3gicos aos estudantes da Rede Estadual de Educa\u00e7\u00e3o de Goi\u00e1s.<\/p>\n<p style=\"text-align: justify\">A presente convoca\u00e7\u00e3o justifica-se devido a Licen\u00e7a M\u00e9dica pelo per\u00edodo de, aproximadamente, <strong>2 meses<\/strong>.<\/p>\n<p style=\"text-align: justify\">Os interessados devem encaminhar Curr\u00edculo ao e-mail oficial da Assessoria Financeira da Coordena\u00e7\u00e3o Regional de LUZIANIA (afin.luziania@seduc.go.gov.br), contendo os contatos telef\u00f4nicos e endere\u00e7os de e-mail para correspond\u00eancias eletr\u00f4nicas, e ainda, que no campo Assunto do e-mail, seja informada a Unidade Escolar e a disciplina da vaga pleiteada.<\/p>\n<p style=\"text-align: justify\">Oportunamente, esclarece que a Coordena\u00e7\u00e3o Regional de Educa\u00e7\u00e3o de LUZIANIA instituir\u00e1 comiss\u00e3o pr\u00f3pria para as an\u00e1lises curriculares, que ser\u00e1 composta por membros da CRE, objetivando assim, a ado\u00e7\u00e3o de medidas e provid\u00eancias pertinentes ao suprimento de todos os d\u00e9ficits de professores existentes na Rede Estadual de Educa\u00e7\u00e3o de Goi\u00e1s, que garantam os servi\u00e7os prestados \u00e0 comunidade goiana.<\/p>\n<p style=\"text-align: center\">SEDUC\/GO<\/p>\n<h2 align=\"center\"><strong style=\"color: revert;font-size: revert\">COMUNICADO<\/strong><\/h2>\n<p style=\"text-align: center\"><strong>PARA CONTRATA\u00c7\u00c3O TEMPOR\u00c1RIA<\/strong><\/p>\n<pre style=\"text-align: center\">Publica\u00e7\u00e3o: 22\/04\/2026 \nEncerramento: 24\/04\/2026 \u00e0s 18h\n<\/pre>\n<p style=\"text-align: justify\">O Governo do Estado de Goi\u00e1s, atrav\u00e9s da Secretaria de Estado da Educa\u00e7\u00e3o, diante da inexist\u00eancia de Processo Seletivo Simplificado vigente no \u00e2mbito desta Pasta e considerando a exist\u00eancia de d\u00e9ficits de professores nas unidades escolares pertencentes ao <strong>munic\u00edpio de LUZI\u00c2NIA<\/strong>, jurisdicionado \u00e0 Coordena\u00e7\u00e3o Regional de Educa\u00e7\u00e3o de <strong>LUZIANIA<\/strong>, informa que est\u00e1 recebendo curr\u00edculos, para sele\u00e7\u00e3o e contrata\u00e7\u00e3o tempor\u00e1ria com natureza emergencial para atender aos interesses da Administra\u00e7\u00e3o: <strong>01 (um) professor para ministrar 30 aulas (40.0 horas) semanais de Pedagogia e disciplinas afins, no(s) turno(s) Matutino no COL\u00c9GIO ESTADUAL DE EDUCA\u00c7\u00c3O DO CAMPO ILIDIO DE SOUZA LEMOS<\/strong> visando afastar eventuais preju\u00edzos educacionais e\/ou pedag\u00f3gicos aos estudantes da Rede Estadual de Educa\u00e7\u00e3o de Goi\u00e1s.<\/p>\n<p style=\"text-align: justify\">A presente convoca\u00e7\u00e3o justifica-se devido a Licen\u00e7a M\u00e9dica pelo per\u00edodo de, aproximadamente, <strong>2 meses<\/strong>.<\/p>\n<p style=\"text-align: justify\">Os interessados devem encaminhar Curr\u00edculo ao e-mail oficial da Assessoria Financeira da Coordena\u00e7\u00e3o Regional de LUZIANIA (afin.luziania@seduc.go.gov.br), contendo os contatos telef\u00f4nicos e endere\u00e7os de e-mail para correspond\u00eancias eletr\u00f4nicas, e ainda, que no campo Assunto do e-mail, seja informada a Unidade Escolar e a disciplina da vaga pleiteada.<\/p>\n<p style=\"text-align: justify\">Oportunamente, esclarece que a Coordena\u00e7\u00e3o Regional de Educa\u00e7\u00e3o de LUZIANIA instituir\u00e1 comiss\u00e3o pr\u00f3pria para as an\u00e1lises curriculares, que ser\u00e1 composta por membros da CRE, objetivando assim, a ado\u00e7\u00e3o de medidas e provid\u00eancias pertinentes ao suprimento de todos os d\u00e9ficits de professores existentes na Rede Estadual de Educa\u00e7\u00e3o de Goi\u00e1s, que garantam os servi\u00e7os prestados \u00e0 comunidade goiana.<\/p>\n<p style=\"text-align: center\">SEDUC\/GO<\/p>\n<h2 align=\"center\"><strong style=\"color: revert;font-size: revert\">COMUNICADO<\/strong><\/h2>\n<p style=\"text-align: center\"><strong>PARA CONTRATA\u00c7\u00c3O TEMPOR\u00c1RIA<\/strong><\/p>\n<pre style=\"text-align: center\">Publica\u00e7\u00e3o: 22\/04\/2026 \nEncerramento: 24\/04\/2026 \u00e0s 18h\n<\/pre>\n<p style=\"text-align: justify\">O Governo do Estado de Goi\u00e1s, atrav\u00e9s da Secretaria de Estado da Educa\u00e7\u00e3o, diante da inexist\u00eancia de Processo Seletivo Simplificado vigente no \u00e2mbito desta Pasta e considerando a exist\u00eancia de d\u00e9ficits de professores nas unidades escolares pertencentes ao <strong>munic\u00edpio de LUZI\u00c2NIA<\/strong>, jurisdicionado \u00e0 Coordena\u00e7\u00e3o Regional de Educa\u00e7\u00e3o de <strong>LUZIANIA<\/strong>, informa que est\u00e1 recebendo curr\u00edculos, para sele\u00e7\u00e3o e contrata\u00e7\u00e3o tempor\u00e1ria com natureza emergencial para atender aos interesses da Administra\u00e7\u00e3o: <strong>01 (um) professor para ministrar 30 aulas (40.0 horas) semanais de Qu\u00edmica e disciplinas afins, no(s) turno(s) Matutino\/Vespertino no COL\u00c9GIO ESTADUAL H\u00c9LIO RORIZ<\/strong> visando afastar eventuais preju\u00edzos educacionais e\/ou pedag\u00f3gicos aos estudantes da Rede Estadual de Educa\u00e7\u00e3o de Goi\u00e1s.<\/p>\n<p style=\"text-align: justify\">A presente convoca\u00e7\u00e3o justifica-se devido a D\u00e9ficit.<\/p>\n<p style=\"text-align: justify\">Os interessados devem encaminhar Curr\u00edculo ao e-mail oficial da Assessoria Financeira da Coordena\u00e7\u00e3o Regional de LUZIANIA (afin.luziania@seduc.go.gov.br), contendo os contatos telef\u00f4nicos e endere\u00e7os de e-mail para correspond\u00eancias eletr\u00f4nicas, e ainda, que no campo Assunto do e-mail, seja informada a Unidade Escolar e a disciplina da vaga pleiteada.<\/p>\n<p style=\"text-align: justify\">Oportunamente, esclarece que a Coordena\u00e7\u00e3o Regional de Educa\u00e7\u00e3o de LUZIANIA instituir\u00e1 comiss\u00e3o pr\u00f3pria para as an\u00e1lises curriculares, que ser\u00e1 composta por membros da CRE, objetivando assim, a ado\u00e7\u00e3o de medidas e provid\u00eancias pertinentes ao suprimento de todos os d\u00e9ficits de professores existentes na Rede Estadual de Educa\u00e7\u00e3o de Goi\u00e1s, que garantam os servi\u00e7os prestados \u00e0 comunidade goiana.<\/p>\n<p style=\"text-align: center\">SEDUC\/GO<\/p>\n<h2 align=\"center\"><strong style=\"color: revert;font-size: revert\">COMUNICADO<\/strong><\/h2>\n<p style=\"text-align: center\"><strong>PARA CONTRATA\u00c7\u00c3O TEMPOR\u00c1RIA<\/strong><\/p>\n<pre style=\"text-align: center\">Publica\u00e7\u00e3o: 22\/04\/2026 \nEncerramento: 24\/04\/2026 \u00e0s 18h\n<\/pre>\n<p style=\"text-align: justify\">O Governo do Estado de Goi\u00e1s, atrav\u00e9s da Secretaria de Estado da Educa\u00e7\u00e3o, diante da inexist\u00eancia de Processo Seletivo Simplificado vigente no \u00e2mbito desta Pasta e considerando a exist\u00eancia de d\u00e9ficits de professores nas unidades escolares pertencentes ao <strong>munic\u00edpio de LUZI\u00c2NIA<\/strong>, jurisdicionado \u00e0 Coordena\u00e7\u00e3o Regional de Educa\u00e7\u00e3o de <strong>LUZIANIA<\/strong>, informa que est\u00e1 recebendo curr\u00edculos, para sele\u00e7\u00e3o e contrata\u00e7\u00e3o tempor\u00e1ria com natureza emergencial para atender aos interesses da Administra\u00e7\u00e3o: <strong>01 (um) professor para ministrar 30 aulas (40.0 horas) semanais de Ci\u00eancias\/Biologia e disciplinas afins, no(s) turno(s) Matutino\/Vespertino no COL\u00c9GIO ESTADUAL H\u00c9LIO RORIZ<\/strong> visando afastar eventuais preju\u00edzos educacionais e\/ou pedag\u00f3gicos aos estudantes da Rede Estadual de Educa\u00e7\u00e3o de Goi\u00e1s.<\/p>\n<p style=\"text-align: justify\">A presente convoca\u00e7\u00e3o justifica-se devido a D\u00e9ficit.<\/p>\n<p style=\"text-align: justify\">Os interessados devem encaminhar Curr\u00edculo ao e-mail oficial da Assessoria Financeira da Coordena\u00e7\u00e3o Regional de LUZIANIA (afin.luziania@seduc.go.gov.br), contendo os contatos telef\u00f4nicos e endere\u00e7os de e-mail para correspond\u00eancias eletr\u00f4nicas, e ainda, que no campo Assunto do e-mail, seja informada a Unidade Escolar e a disciplina da vaga pleiteada.<\/p>\n<p style=\"text-align: justify\">Oportunamente, esclarece que a Coordena\u00e7\u00e3o Regional de Educa\u00e7\u00e3o de LUZIANIA instituir\u00e1 comiss\u00e3o pr\u00f3pria para as an\u00e1lises curriculares, que ser\u00e1 composta por membros da CRE, objetivando assim, a ado\u00e7\u00e3o de medidas e provid\u00eancias pertinentes ao suprimento de todos os d\u00e9ficits de professores existentes na Rede Estadual de Educa\u00e7\u00e3o de Goi\u00e1s, que garantam os servi\u00e7os prestados \u00e0 comunidade goiana.<\/p>\n<p style=\"text-align: center\">SEDUC\/GO<\/p>\n<h2 align=\"center\"><strong style=\"color: revert;font-size: revert\">COMUNICADO<\/strong><\/h2>\n<p style=\"text-align: center\"><strong>PARA CONTRATA\u00c7\u00c3O TEMPOR\u00c1RIA<\/strong><\/p>\n<pre style=\"text-align: center\">Publica\u00e7\u00e3o: 22\/04\/2026 \nEncerramento: 24\/04\/2026 \u00e0s 18h\n<\/pre>\n<p style=\"text-align: justify\">O Governo do Estado de Goi\u00e1s, atrav\u00e9s da Secretaria de Estado da Educa\u00e7\u00e3o, diante da inexist\u00eancia de Processo Seletivo Simplificado vigente no \u00e2mbito desta Pasta e considerando a exist\u00eancia de d\u00e9ficits de professores nas unidades escolares pertencentes ao <strong>munic\u00edpio de LUZI\u00c2NIA<\/strong>, jurisdicionado \u00e0 Coordena\u00e7\u00e3o Regional de Educa\u00e7\u00e3o de <strong>LUZIANIA<\/strong>, informa que est\u00e1 recebendo curr\u00edculos, para sele\u00e7\u00e3o e contrata\u00e7\u00e3o tempor\u00e1ria com natureza emergencial para atender aos interesses da Administra\u00e7\u00e3o: <strong>01 (um) professor para ministrar 30 aulas (40.0 horas) semanais de Matem\u00e1tica e disciplinas afins, no(s) turno(s) Matutino\/Vespertino no COL\u00c9GIO ESTADUAL DONA TORINHA<\/strong> visando afastar eventuais preju\u00edzos educacionais e\/ou pedag\u00f3gicos aos estudantes da Rede Estadual de Educa\u00e7\u00e3o de Goi\u00e1s.<\/p>\n<p style=\"text-align: justify\">A presente convoca\u00e7\u00e3o justifica-se devido a D\u00e9ficit.<\/p>\n<p style=\"text-align: justify\">Os interessados devem encaminhar Curr\u00edculo ao e-mail oficial da Assessoria Financeira da Coordena\u00e7\u00e3o Regional de LUZIANIA (afin.luziania@seduc.go.gov.br), contendo os contatos telef\u00f4nicos e endere\u00e7os de e-mail para correspond\u00eancias eletr\u00f4nicas, e ainda, que no campo Assunto do e-mail, seja informada a Unidade Escolar e a disciplina da vaga pleiteada.<\/p>\n<p style=\"text-align: justify\">Oportunamente, esclarece que a Coordena\u00e7\u00e3o Regional de Educa\u00e7\u00e3o de LUZIANIA instituir\u00e1 comiss\u00e3o pr\u00f3pria para as an\u00e1lises curriculares, que ser\u00e1 composta por membros da CRE, objetivando assim, a ado\u00e7\u00e3o de medidas e provid\u00eancias pertinentes ao suprimento de todos os d\u00e9ficits de professores existentes na Rede Estadual de Educa\u00e7\u00e3o de Goi\u00e1s, que garantam os servi\u00e7os prestados \u00e0 comunidade goiana.<\/p>\n<p style=\"text-align: center\">SEDUC\/GO<\/p>\n<h2 align=\"center\"><strong style=\"color: revert;font-size: revert\">COMUNICADO<\/strong><\/h2>\n<p style=\"text-align: center\"><strong>PARA CONTRATA\u00c7\u00c3O TEMPOR\u00c1RIA<\/strong><\/p>\n<pre style=\"text-align: center\">Publica\u00e7\u00e3o: 07\/04\/2026 \nEncerramento: 09\/04\/2026 \u00e0s 18h\n<\/pre>\n<p style=\"text-align: justify\">O Governo do Estado de Goi\u00e1s, por interm\u00e9dio da Secretaria de Estado da Educa\u00e7\u00e3o, informa que, embora esteja vigente o Processo Seletivo Simplificado regido pelo Edital n\u00ba 020\/2024 \u2013 destinado \u00e0 composi\u00e7\u00e3o de banco de habilitados para contrata\u00e7\u00e3o tempor\u00e1ria de professores \u2013, no \u00e2mbito do <strong>munic\u00edpio de LUZI\u00c2NIA<\/strong>, jurisdicionado \u00e0 Coordena\u00e7\u00e3o Regional de Educa\u00e7\u00e3o de <strong>LUZIANIA<\/strong>, o referido banco encontra-se esgotado para a fun\u00e7\u00e3o de <strong>Professor de Geografia, 30 aulas (40.0 horas) semanais, no turno Matutino\/Vespertino.<\/strong><\/p>\n<p style=\"text-align: justify\">Diante da inexist\u00eancia de candidatos habilitados dispon\u00edveis para convoca\u00e7\u00e3o, e considerando a exist\u00eancia de d\u00e9ficit de profissional docente, justificado pelo art. 208 da Lei n\u00ba 13.909\/2001, a Secretaria de Estado da Educa\u00e7\u00e3o deliberou pela ado\u00e7\u00e3o de procedimento emergencial de sele\u00e7\u00e3o curricular, com o objetivo de realizar contrata\u00e7\u00e3o por tempo determinado, de natureza excepcional e urgente, nos termos da Lei Estadual n\u00ba 20.918\/2020.<\/p>\n<p style=\"text-align: justify\">Nesse sentido, a Coordena\u00e7\u00e3o Regional de Educa\u00e7\u00e3o de <strong>LUZIANIA<\/strong> est\u00e1 recebendo curr\u00edculos, exclusivamente por e-mail, para fins de sele\u00e7\u00e3o e contrata\u00e7\u00e3o tempor\u00e1ria de 01 (um) professor de <strong>Geografia<\/strong>, no(a) <strong>COL\u00c9GIO ESTADUAL H\u00c9LIO RORIZ<\/strong>. A presente medida visa evitar a interrup\u00e7\u00e3o das atividades escolares e garantir a continuidade do processo de ensino e aprendizagem, resguardando o direito constitucional \u00e0 educa\u00e7\u00e3o dos estudantes da Rede Estadual de Ensino.<\/p>\n<p style=\"text-align: justify\">Os interessados devem encaminhar curr\u00edculo atualizado ao endere\u00e7o eletr\u00f4nico oficial da Assessoria Financeira da CRE de <strong>LUZIANIA afin.luziania@seduc.go.gov.br<\/strong>, informando contatos telef\u00f4nicos e endere\u00e7o de e-mail para retorno.<\/p>\n<p style=\"text-align: justify\">Para a an\u00e1lise dos curr\u00edculos, ser\u00e1 constitu\u00edda comiss\u00e3o espec\u00edfica no \u00e2mbito da Coordena\u00e7\u00e3o Regional de Educa\u00e7\u00e3o de <strong>LUZIANIA<\/strong>, composta por membros desta unidade administrativa, a qual adotar\u00e1 crit\u00e9rios objetivos e ison\u00f4micos na sele\u00e7\u00e3o dos profissionais, assegurando a observ\u00e2ncia dos princ\u00edpios da legalidade, impessoalidade e interesse p\u00fablico.<\/p>\n<p style=\"text-align: justify\">A presente convoca\u00e7\u00e3o emergencial pauta-se nos princ\u00edpios da continuidade do servi\u00e7o p\u00fablico e da supremacia do interesse p\u00fablico, e ser\u00e1 adotada exclusivamente nos casos em que n\u00e3o houver mais candidatos habilitados no banco vigente, conforme previsto no edital e na legisla\u00e7\u00e3o pertinente.<\/p>\n<p style=\"text-align: center\">SEDUC\/GO<\/p>\n<h2 align=\"center\"><strong style=\"color: revert;font-size: revert\">COMUNICADO<\/strong><\/h2>\n<p style=\"text-align: center\"><strong>PARA CONTRATA\u00c7\u00c3O TEMPOR\u00c1RIA<\/strong><\/p>\n<pre style=\"text-align: center\">Publica\u00e7\u00e3o: 07\/04\/2026 \nEncerramento: 09\/04\/2026 \u00e0s 18h\n<\/pre>\n<p style=\"text-align: justify\">O Governo do Estado de Goi\u00e1s, por interm\u00e9dio da Secretaria de Estado da Educa\u00e7\u00e3o, informa que, embora esteja vigente o Processo Seletivo Simplificado regido pelo Edital n\u00ba 020\/2024 \u2013 destinado \u00e0 composi\u00e7\u00e3o de banco de habilitados para contrata\u00e7\u00e3o tempor\u00e1ria de professores \u2013, no \u00e2mbito do <strong>munic\u00edpio de LUZI\u00c2NIA<\/strong>, jurisdicionado \u00e0 Coordena\u00e7\u00e3o Regional de Educa\u00e7\u00e3o de <strong>LUZIANIA<\/strong>, o referido banco encontra-se esgotado para a fun\u00e7\u00e3o de <strong>Professor de L\u00edngua Inglesa, 30 aulas (40.0 horas) semanais, no turno Matutino\/Vespertino.<\/strong><\/p>\n<p style=\"text-align: justify\">Diante da inexist\u00eancia de candidatos habilitados dispon\u00edveis para convoca\u00e7\u00e3o, e considerando a exist\u00eancia de d\u00e9ficit de profissional docente, justificado pelo art. 208 da Lei n\u00ba 13.909\/2001, a Secretaria de Estado da Educa\u00e7\u00e3o deliberou pela ado\u00e7\u00e3o de procedimento emergencial de sele\u00e7\u00e3o curricular, com o objetivo de realizar contrata\u00e7\u00e3o por tempo determinado, de natureza excepcional e urgente, nos termos da Lei Estadual n\u00ba 20.918\/2020.<\/p>\n<p style=\"text-align: justify\">Nesse sentido, a Coordena\u00e7\u00e3o Regional de Educa\u00e7\u00e3o de <strong>LUZIANIA<\/strong> est\u00e1 recebendo curr\u00edculos, exclusivamente por e-mail, para fins de sele\u00e7\u00e3o e contrata\u00e7\u00e3o tempor\u00e1ria de 01 (um) professor de <strong>L\u00edngua Inglesa<\/strong>, no(a) <strong>COL\u00c9GIO ESTADUAL MINGONE<\/strong>. A presente medida visa evitar a interrup\u00e7\u00e3o das atividades escolares e garantir a continuidade do processo de ensino e aprendizagem, resguardando o direito constitucional \u00e0 educa\u00e7\u00e3o dos estudantes da Rede Estadual de Ensino.<\/p>\n<p style=\"text-align: justify\">Os interessados devem encaminhar curr\u00edculo atualizado ao endere\u00e7o eletr\u00f4nico oficial da Assessoria Financeira da CRE de <strong>LUZIANIA afin.luziania@seduc.go.gov.br<\/strong>, informando contatos telef\u00f4nicos e endere\u00e7o de e-mail para retorno.<\/p>\n<p style=\"text-align: justify\">Para a an\u00e1lise dos curr\u00edculos, ser\u00e1 constitu\u00edda comiss\u00e3o espec\u00edfica no \u00e2mbito da Coordena\u00e7\u00e3o Regional de Educa\u00e7\u00e3o de <strong>LUZIANIA<\/strong>, composta por membros desta unidade administrativa, a qual adotar\u00e1 crit\u00e9rios objetivos e ison\u00f4micos na sele\u00e7\u00e3o dos profissionais, assegurando a observ\u00e2ncia dos princ\u00edpios da legalidade, impessoalidade e interesse p\u00fablico.<\/p>\n<p style=\"text-align: justify\">A presente convoca\u00e7\u00e3o emergencial pauta-se nos princ\u00edpios da continuidade do servi\u00e7o p\u00fablico e da supremacia do interesse p\u00fablico, e ser\u00e1 adotada exclusivamente nos casos em que n\u00e3o houver mais candidatos habilitados no banco vigente, conforme previsto no edital e na legisla\u00e7\u00e3o pertinente.<\/p>\n<p style=\"text-align: center\">SEDUC\/GO<\/p>\n<h2 align=\"center\"><strong style=\"color: revert;font-size: revert\">COMUNICADO<\/strong><\/h2>\n<p style=\"text-align: center\"><strong>PARA CONTRATA\u00c7\u00c3O TEMPOR\u00c1RIA<\/strong><\/p>\n<pre style=\"text-align: center\">Publica\u00e7\u00e3o: 06\/04\/2026 \nEncerramento: 08\/04\/2026 \u00e0s 18h\n<\/pre>\n<p style=\"text-align: justify\">O Governo do Estado de Goi\u00e1s, por interm\u00e9dio da Secretaria de Estado da Educa\u00e7\u00e3o, informa que, embora esteja vigente o Processo Seletivo Simplificado regido pelo Edital n\u00ba 020\/2024 \u2013 destinado \u00e0 composi\u00e7\u00e3o de banco de habilitados para contrata\u00e7\u00e3o tempor\u00e1ria de professores \u2013, no \u00e2mbito do <strong>munic\u00edpio de LUZI\u00c2NIA<\/strong>, jurisdicionado \u00e0 Coordena\u00e7\u00e3o Regional de Educa\u00e7\u00e3o de <strong>LUZIANIA<\/strong>, o referido banco encontra-se esgotado para a fun\u00e7\u00e3o de <strong>Professor de Hist\u00f3ria, 30 aulas (40.0 horas) semanais, no turno Vespertino\/Noturno.<\/strong><\/p>\n<p style=\"text-align: justify\">Diante da inexist\u00eancia de candidatos habilitados dispon\u00edveis para convoca\u00e7\u00e3o, e considerando a exist\u00eancia de d\u00e9ficit de profissional docente, justificado pelo art. 208 da Lei n\u00ba 13.909\/2001, a Secretaria de Estado da Educa\u00e7\u00e3o deliberou pela ado\u00e7\u00e3o de procedimento emergencial de sele\u00e7\u00e3o curricular, com o objetivo de realizar contrata\u00e7\u00e3o por tempo determinado, de natureza excepcional e urgente, nos termos da Lei Estadual n\u00ba 20.918\/2020.<\/p>\n<p style=\"text-align: justify\">Nesse sentido, a Coordena\u00e7\u00e3o Regional de Educa\u00e7\u00e3o de <strong>LUZIANIA<\/strong> est\u00e1 recebendo curr\u00edculos, exclusivamente por e-mail, para fins de sele\u00e7\u00e3o e contrata\u00e7\u00e3o tempor\u00e1ria de 01 (um) professor de <strong>Hist\u00f3ria<\/strong>, no(a) <strong>COL\u00c9GIO ESTADUAL PROFESSORA MARIA PEREIRA VASCONCELOS<\/strong>. A presente medida visa evitar a interrup\u00e7\u00e3o das atividades escolares e garantir a continuidade do processo de ensino e aprendizagem, resguardando o direito constitucional \u00e0 educa\u00e7\u00e3o dos estudantes da Rede Estadual de Ensino.<\/p>\n<p style=\"text-align: justify\">Os interessados devem encaminhar curr\u00edculo atualizado ao endere\u00e7o eletr\u00f4nico oficial da Assessoria Financeira da CRE de <strong>LUZIANIA afin.luziania@seduc.go.gov.br<\/strong>, informando contatos telef\u00f4nicos e endere\u00e7o de e-mail para retorno.<\/p>\n<p style=\"text-align: justify\">Para a an\u00e1lise dos curr\u00edculos, ser\u00e1 constitu\u00edda comiss\u00e3o espec\u00edfica no \u00e2mbito da Coordena\u00e7\u00e3o Regional de Educa\u00e7\u00e3o de <strong>LUZIANIA<\/strong>, composta por membros desta unidade administrativa, a qual adotar\u00e1 crit\u00e9rios objetivos e ison\u00f4micos na sele\u00e7\u00e3o dos profissionais, assegurando a observ\u00e2ncia dos princ\u00edpios da legalidade, impessoalidade e interesse p\u00fablico.<\/p>\n<p style=\"text-align: justify\">A presente convoca\u00e7\u00e3o emergencial pauta-se nos princ\u00edpios da continuidade do servi\u00e7o p\u00fablico e da supremacia do interesse p\u00fablico, e ser\u00e1 adotada exclusivamente nos casos em que n\u00e3o houver mais candidatos habilitados no banco vigente, conforme previsto no edital e na legisla\u00e7\u00e3o pertinente.<\/p>\n<p style=\"text-align: center\">SEDUC\/GO<\/p>\n<h2 align=\"center\"><strong style=\"color: revert;font-size: revert\">COMUNICADO<\/strong><\/h2>\n<p style=\"text-align: center\"><strong>PARA CONTRATA\u00c7\u00c3O TEMPOR\u00c1RIA<\/strong><\/p>\n<pre style=\"text-align: center\">Publica\u00e7\u00e3o: 06\/04\/2026 \nEncerramento: 08\/04\/2026 \u00e0s 18h\n<\/pre>\n<p style=\"text-align: justify\">O Governo do Estado de Goi\u00e1s, por interm\u00e9dio da Secretaria de Estado da Educa\u00e7\u00e3o, informa que, embora esteja vigente o Processo Seletivo Simplificado regido pelo Edital n\u00ba 020\/2024 \u2013 destinado \u00e0 composi\u00e7\u00e3o de banco de habilitados para contrata\u00e7\u00e3o tempor\u00e1ria de professores \u2013, no \u00e2mbito do <strong>munic\u00edpio de CRISTALINA<\/strong>, jurisdicionado \u00e0 Coordena\u00e7\u00e3o Regional de Educa\u00e7\u00e3o de <strong>LUZIANIA<\/strong>, o referido banco encontra-se esgotado para a fun\u00e7\u00e3o de <strong>Professor de Int\u00e9rprete de Libras, 23 aulas (30.67 horas) semanais, no turno Matutino.<\/strong><\/p>\n<p style=\"text-align: justify\">Diante da inexist\u00eancia de candidatos habilitados dispon\u00edveis para convoca\u00e7\u00e3o, e considerando a exist\u00eancia de d\u00e9ficit de profissional docente, justificado pelo art. 208 da Lei n\u00ba 13.909\/2001, a Secretaria de Estado da Educa\u00e7\u00e3o deliberou pela ado\u00e7\u00e3o de procedimento emergencial de sele\u00e7\u00e3o curricular, com o objetivo de realizar contrata\u00e7\u00e3o por tempo determinado, de natureza excepcional e urgente, nos termos da Lei Estadual n\u00ba 20.918\/2020.<\/p>\n<p style=\"text-align: justify\">Nesse sentido, a Coordena\u00e7\u00e3o Regional de Educa\u00e7\u00e3o de <strong>LUZIANIA<\/strong> est\u00e1 recebendo curr\u00edculos, exclusivamente por e-mail, para fins de sele\u00e7\u00e3o e contrata\u00e7\u00e3o tempor\u00e1ria de 01 (um) professor de <strong>Int\u00e9rprete de Libras<\/strong>, no(a) <strong>COL\u00c9GIO ESTADUAL DE EDUCA\u00c7\u00c3O DO CAMPO CAMPOS LINDOS<\/strong>. A presente medida visa evitar a interrup\u00e7\u00e3o das atividades escolares e garantir a continuidade do processo de ensino e aprendizagem, resguardando o direito constitucional \u00e0 educa\u00e7\u00e3o dos estudantes da Rede Estadual de Ensino.<\/p>\n<p style=\"text-align: justify\">Os interessados devem encaminhar curr\u00edculo atualizado ao endere\u00e7o eletr\u00f4nico oficial da Assessoria Financeira da CRE de <strong>LUZIANIA afin.luziania@seduc.go.gov.br<\/strong>, informando contatos telef\u00f4nicos e endere\u00e7o de e-mail para retorno.<\/p>\n<p style=\"text-align: justify\">Para a an\u00e1lise dos curr\u00edculos, ser\u00e1 constitu\u00edda comiss\u00e3o espec\u00edfica no \u00e2mbito da Coordena\u00e7\u00e3o Regional de Educa\u00e7\u00e3o de <strong>LUZIANIA<\/strong>, composta por membros desta unidade administrativa, a qual adotar\u00e1 crit\u00e9rios objetivos e ison\u00f4micos na sele\u00e7\u00e3o dos profissionais, assegurando a observ\u00e2ncia dos princ\u00edpios da legalidade, impessoalidade e interesse p\u00fablico.<\/p>\n<p style=\"text-align: justify\">A presente convoca\u00e7\u00e3o emergencial pauta-se nos princ\u00edpios da continuidade do servi\u00e7o p\u00fablico e da supremacia do interesse p\u00fablico, e ser\u00e1 adotada exclusivamente nos casos em que n\u00e3o houver mais candidatos habilitados no banco vigente, conforme previsto no edital e na legisla\u00e7\u00e3o pertinente.<\/p>\n<p style=\"text-align: center\">SEDUC\/GO<\/p>\n<h2 align=\"center\"><strong style=\"color: revert;font-size: revert\">COMUNICADO<\/strong><\/h2>\n<p style=\"text-align: center\"><strong>PARA CONTRATA\u00c7\u00c3O TEMPOR\u00c1RIA<\/strong><\/p>\n<pre style=\"text-align: center\">Publica\u00e7\u00e3o: 06\/04\/2026 \nEncerramento: 08\/04\/2026 \u00e0s 18h\n<\/pre>\n<p style=\"text-align: justify\">O Governo do Estado de Goi\u00e1s, por interm\u00e9dio da Secretaria de Estado da Educa\u00e7\u00e3o, informa que, embora esteja vigente o Processo Seletivo Simplificado regido pelo Edital n\u00ba 020\/2024 \u2013 destinado \u00e0 composi\u00e7\u00e3o de banco de habilitados para contrata\u00e7\u00e3o tempor\u00e1ria de professores \u2013, no \u00e2mbito do <strong>munic\u00edpio de LUZI\u00c2NIA<\/strong>, jurisdicionado \u00e0 Coordena\u00e7\u00e3o Regional de Educa\u00e7\u00e3o de <strong>LUZIANIA<\/strong>, o referido banco encontra-se esgotado para a fun\u00e7\u00e3o de <strong>Professor de Matem\u00e1tica, 30 aulas (40.0 horas) semanais, no turno Matutino\/Vespertino.<\/strong><\/p>\n<p style=\"text-align: justify\">Diante da inexist\u00eancia de candidatos habilitados dispon\u00edveis para convoca\u00e7\u00e3o, e considerando a exist\u00eancia de d\u00e9ficit de profissional docente, justificado pelo art. 208 da Lei n\u00ba 13.909\/2001, a Secretaria de Estado da Educa\u00e7\u00e3o deliberou pela ado\u00e7\u00e3o de procedimento emergencial de sele\u00e7\u00e3o curricular, com o objetivo de realizar contrata\u00e7\u00e3o por tempo determinado, de natureza excepcional e urgente, nos termos da Lei Estadual n\u00ba 20.918\/2020.<\/p>\n<p style=\"text-align: justify\">Nesse sentido, a Coordena\u00e7\u00e3o Regional de Educa\u00e7\u00e3o de <strong>LUZIANIA<\/strong> est\u00e1 recebendo curr\u00edculos, exclusivamente por e-mail, para fins de sele\u00e7\u00e3o e contrata\u00e7\u00e3o tempor\u00e1ria de 01 (um) professor de <strong>Matem\u00e1tica<\/strong>, no(a) <strong>COL\u00c9GIO ESTADUAL EM PER\u00cdODO INTEGRAL H\u00c9LIO RODRIGUES DE QUEIROZ<\/strong>. A presente medida visa evitar a interrup\u00e7\u00e3o das atividades escolares e garantir a continuidade do processo de ensino e aprendizagem, resguardando o direito constitucional \u00e0 educa\u00e7\u00e3o dos estudantes da Rede Estadual de Ensino.<\/p>\n<p style=\"text-align: justify\">Os interessados devem encaminhar curr\u00edculo atualizado ao endere\u00e7o eletr\u00f4nico oficial da Assessoria Financeira da CRE de <strong>LUZIANIA afin.luziania@seduc.go.gov.br<\/strong>, informando contatos telef\u00f4nicos e endere\u00e7o de e-mail para retorno.<\/p>\n<p style=\"text-align: justify\">Para a an\u00e1lise dos curr\u00edculos, ser\u00e1 constitu\u00edda comiss\u00e3o espec\u00edfica no \u00e2mbito da Coordena\u00e7\u00e3o Regional de Educa\u00e7\u00e3o de <strong>LUZIANIA<\/strong>, composta por membros desta unidade administrativa, a qual adotar\u00e1 crit\u00e9rios objetivos e ison\u00f4micos na sele\u00e7\u00e3o dos profissionais, assegurando a observ\u00e2ncia dos princ\u00edpios da legalidade, impessoalidade e interesse p\u00fablico.<\/p>\n<p style=\"text-align: justify\">A presente convoca\u00e7\u00e3o emergencial pauta-se nos princ\u00edpios da continuidade do servi\u00e7o p\u00fablico e da supremacia do interesse p\u00fablico, e ser\u00e1 adotada exclusivamente nos casos em que n\u00e3o houver mais candidatos habilitados no banco vigente, conforme previsto no edital e na legisla\u00e7\u00e3o pertinente.<\/p>\n<p style=\"text-align: center\">SEDUC\/GO<\/p>\n<h2 align=\"center\"><strong style=\"color: revert;font-size: revert\">COMUNICADO<\/strong><\/h2>\n<p style=\"text-align: center\"><strong>PARA CONTRATA\u00c7\u00c3O TEMPOR\u00c1RIA<\/strong><\/p>\n<pre style=\"text-align: center\">Publica\u00e7\u00e3o: 01\/04\/2026 \nEncerramento: 06\/04\/2026 \u00e0s 18h\n<\/pre>\n<p style=\"text-align: justify\">O Governo do Estado de Goi\u00e1s, por interm\u00e9dio da Secretaria de Estado da Educa\u00e7\u00e3o, informa que, embora esteja vigente o Processo Seletivo Simplificado regido pelo Edital n\u00ba 020\/2024 \u2013 destinado \u00e0 composi\u00e7\u00e3o de banco de habilitados para contrata\u00e7\u00e3o tempor\u00e1ria de professores \u2013, no \u00e2mbito do <strong>munic\u00edpio de CRISTALINA<\/strong>, jurisdicionado \u00e0 Coordena\u00e7\u00e3o Regional de Educa\u00e7\u00e3o de <strong>LUZIANIA<\/strong>, o referido banco encontra-se esgotado para a fun\u00e7\u00e3o de <strong>Professor de L\u00edngua Portuguesa, 30 aulas (40.0 horas) semanais, no turno Matutino\/Vespertino.<\/strong><\/p>\n<p style=\"text-align: justify\">Diante da inexist\u00eancia de candidatos habilitados dispon\u00edveis para convoca\u00e7\u00e3o, e considerando a exist\u00eancia de d\u00e9ficit de profissional docente, justificado pelo art. 208 da Lei n\u00ba 13.909\/2001, a Secretaria de Estado da Educa\u00e7\u00e3o deliberou pela ado\u00e7\u00e3o de procedimento emergencial de sele\u00e7\u00e3o curricular, com o objetivo de realizar contrata\u00e7\u00e3o por tempo determinado, de natureza excepcional e urgente, nos termos da Lei Estadual n\u00ba 20.918\/2020.<\/p>\n<p style=\"text-align: justify\">Nesse sentido, a Coordena\u00e7\u00e3o Regional de Educa\u00e7\u00e3o de <strong>LUZIANIA<\/strong> est\u00e1 recebendo curr\u00edculos, exclusivamente por e-mail, para fins de sele\u00e7\u00e3o e contrata\u00e7\u00e3o tempor\u00e1ria de 01 (um) professor de <strong>L\u00edngua Portuguesa<\/strong>, no(a) <strong>COL\u00c9GIO ESTADUAL JOS\u00c9 DE GOI\u00c1S BRASIL<\/strong>. A presente medida visa evitar a interrup\u00e7\u00e3o das atividades escolares e garantir a continuidade do processo de ensino e aprendizagem, resguardando o direito constitucional \u00e0 educa\u00e7\u00e3o dos estudantes da Rede Estadual de Ensino.<\/p>\n<p style=\"text-align: justify\">Os interessados devem encaminhar curr\u00edculo atualizado ao endere\u00e7o eletr\u00f4nico oficial da Assessoria Financeira da CRE de <strong>LUZIANIA afin.luziania@seduc.go.gov.br<\/strong>, informando contatos telef\u00f4nicos e endere\u00e7o de e-mail para retorno.<\/p>\n<p style=\"text-align: justify\">Para a an\u00e1lise dos curr\u00edculos, ser\u00e1 constitu\u00edda comiss\u00e3o espec\u00edfica no \u00e2mbito da Coordena\u00e7\u00e3o Regional de Educa\u00e7\u00e3o de <strong>LUZIANIA<\/strong>, composta por membros desta unidade administrativa, a qual adotar\u00e1 crit\u00e9rios objetivos e ison\u00f4micos na sele\u00e7\u00e3o dos profissionais, assegurando a observ\u00e2ncia dos princ\u00edpios da legalidade, impessoalidade e interesse p\u00fablico.<\/p>\n<p style=\"text-align: justify\">A presente convoca\u00e7\u00e3o emergencial pauta-se nos princ\u00edpios da continuidade do servi\u00e7o p\u00fablico e da supremacia do interesse p\u00fablico, e ser\u00e1 adotada exclusivamente nos casos em que n\u00e3o houver mais candidatos habilitados no banco vigente, conforme previsto no edital e na legisla\u00e7\u00e3o pertinente.<\/p>\n<p style=\"text-align: center\">SEDUC\/GO<\/p>\n<h2 align=\"center\"><strong style=\"color: revert;font-size: revert\">COMUNICADO<\/strong><\/h2>\n<p style=\"text-align: center\"><strong>PARA CONTRATA\u00c7\u00c3O TEMPOR\u00c1RIA<\/strong><\/p>\n<pre style=\"text-align: center\">Publica\u00e7\u00e3o: 01\/04\/2026 \nEncerramento: 06\/04\/2026 \u00e0s 18h\n<\/pre>\n<p style=\"text-align: justify\">O Governo do Estado de Goi\u00e1s, por interm\u00e9dio da Secretaria de Estado da Educa\u00e7\u00e3o, informa que, embora esteja vigente o Processo Seletivo Simplificado regido pelo Edital n\u00ba 020\/2024 \u2013 destinado \u00e0 composi\u00e7\u00e3o de banco de habilitados para contrata\u00e7\u00e3o tempor\u00e1ria de professores \u2013, no \u00e2mbito do <strong>munic\u00edpio de LUZI\u00c2NIA<\/strong>, jurisdicionado \u00e0 Coordena\u00e7\u00e3o Regional de Educa\u00e7\u00e3o de <strong>LUZIANIA<\/strong>, o referido banco encontra-se esgotado para a fun\u00e7\u00e3o de <strong>Professor de Hist\u00f3ria, 30 aulas (40.0 horas) semanais, no turno Matutino\/Vespertino.<\/strong><\/p>\n<p style=\"text-align: justify\">Diante da inexist\u00eancia de candidatos habilitados dispon\u00edveis para convoca\u00e7\u00e3o, e considerando a exist\u00eancia de d\u00e9ficit de profissional docente, justificado pelo art. 208 da Lei n\u00ba 13.909\/2001, a Secretaria de Estado da Educa\u00e7\u00e3o deliberou pela ado\u00e7\u00e3o de procedimento emergencial de sele\u00e7\u00e3o curricular, com o objetivo de realizar contrata\u00e7\u00e3o por tempo determinado, de natureza excepcional e urgente, nos termos da Lei Estadual n\u00ba 20.918\/2020.<\/p>\n<p style=\"text-align: justify\">Nesse sentido, a Coordena\u00e7\u00e3o Regional de Educa\u00e7\u00e3o de <strong>LUZIANIA<\/strong> est\u00e1 recebendo curr\u00edculos, exclusivamente por e-mail, para fins de sele\u00e7\u00e3o e contrata\u00e7\u00e3o tempor\u00e1ria de 01 (um) professor de <strong>Hist\u00f3ria<\/strong>, no(a) <strong>COL\u00c9GIO ESTADUAL PROFESSOR JOS\u00c9 CARNEIRO FILHO<\/strong>. A presente medida visa evitar a interrup\u00e7\u00e3o das atividades escolares e garantir a continuidade do processo de ensino e aprendizagem, resguardando o direito constitucional \u00e0 educa\u00e7\u00e3o dos estudantes da Rede Estadual de Ensino.<\/p>\n<p style=\"text-align: justify\">Os interessados devem encaminhar curr\u00edculo atualizado ao endere\u00e7o eletr\u00f4nico oficial da Assessoria Financeira da CRE de <strong>LUZIANIA afin.luziania@seduc.go.gov.br<\/strong>, informando contatos telef\u00f4nicos e endere\u00e7o de e-mail para retorno.<\/p>\n<p style=\"text-align: justify\">Para a an\u00e1lise dos curr\u00edculos, ser\u00e1 constitu\u00edda comiss\u00e3o espec\u00edfica no \u00e2mbito da Coordena\u00e7\u00e3o Regional de Educa\u00e7\u00e3o de <strong>LUZIANIA<\/strong>, composta por membros desta unidade administrativa, a qual adotar\u00e1 crit\u00e9rios objetivos e ison\u00f4micos na sele\u00e7\u00e3o dos profissionais, assegurando a observ\u00e2ncia dos princ\u00edpios da legalidade, impessoalidade e interesse p\u00fablico.<\/p>\n<p style=\"text-align: justify\">A presente convoca\u00e7\u00e3o emergencial pauta-se nos princ\u00edpios da continuidade do servi\u00e7o p\u00fablico e da supremacia do interesse p\u00fablico, e ser\u00e1 adotada exclusivamente nos casos em que n\u00e3o houver mais candidatos habilitados no banco vigente, conforme previsto no edital e na legisla\u00e7\u00e3o pertinente.<\/p>\n<p style=\"text-align: center\">SEDUC\/GO<\/p>\n<h2 align=\"center\"><strong style=\"color: revert;font-size: revert\">COMUNICADO<\/strong><\/h2>\n<p style=\"text-align: center\"><strong>PARA CONTRATA\u00c7\u00c3O TEMPOR\u00c1RIA<\/strong><\/p>\n<pre style=\"text-align: center\">Publica\u00e7\u00e3o: 31\/03\/2026 \nEncerramento: 02\/04\/2026 \u00e0s 18h\n<\/pre>\n<p style=\"text-align: justify\">O Governo do Estado de Goi\u00e1s, por interm\u00e9dio da Secretaria de Estado da Educa\u00e7\u00e3o, informa que, embora esteja vigente o Processo Seletivo Simplificado regido pelo Edital n\u00ba 020\/2024 \u2013 destinado \u00e0 composi\u00e7\u00e3o de banco de habilitados para contrata\u00e7\u00e3o tempor\u00e1ria de professores \u2013, no \u00e2mbito do <strong>munic\u00edpio de CRISTALINA<\/strong>, jurisdicionado \u00e0 Coordena\u00e7\u00e3o Regional de Educa\u00e7\u00e3o de <strong>LUZIANIA<\/strong>, o referido banco encontra-se esgotado para a fun\u00e7\u00e3o de <strong>Professor de Pedagogia, 30 aulas (40.0 horas) semanais, no turno Matutino\/Vespertino.<\/strong><\/p>\n<p style=\"text-align: justify\">Diante da inexist\u00eancia de candidatos habilitados dispon\u00edveis para convoca\u00e7\u00e3o, e considerando a exist\u00eancia de d\u00e9ficit de profissional docente, justificado pelo art. 208 da Lei n\u00ba 13.909\/2001, a Secretaria de Estado da Educa\u00e7\u00e3o deliberou pela ado\u00e7\u00e3o de procedimento emergencial de sele\u00e7\u00e3o curricular, com o objetivo de realizar contrata\u00e7\u00e3o por tempo determinado, de natureza excepcional e urgente, nos termos da Lei Estadual n\u00ba 20.918\/2020.<\/p>\n<p style=\"text-align: justify\">Nesse sentido, a Coordena\u00e7\u00e3o Regional de Educa\u00e7\u00e3o de <strong>LUZIANIA<\/strong> est\u00e1 recebendo curr\u00edculos, exclusivamente por e-mail, para fins de sele\u00e7\u00e3o e contrata\u00e7\u00e3o tempor\u00e1ria de 01 (um) professor de <strong>Pedagogia<\/strong>, no(a) <strong>COL\u00c9GIO ESTADUAL JOS\u00c9 DE GOI\u00c1S BRASIL<\/strong>. A presente medida visa evitar a interrup\u00e7\u00e3o das atividades escolares e garantir a continuidade do processo de ensino e aprendizagem, resguardando o direito constitucional \u00e0 educa\u00e7\u00e3o dos estudantes da Rede Estadual de Ensino.<\/p>\n<p style=\"text-align: justify\">Os interessados devem encaminhar curr\u00edculo atualizado ao endere\u00e7o eletr\u00f4nico oficial da Assessoria Financeira da CRE de <strong>LUZIANIA afin.luziania@seduc.go.gov.br<\/strong>, informando contatos telef\u00f4nicos e endere\u00e7o de e-mail para retorno.<\/p>\n<p style=\"text-align: justify\">Para a an\u00e1lise dos curr\u00edculos, ser\u00e1 constitu\u00edda comiss\u00e3o espec\u00edfica no \u00e2mbito da Coordena\u00e7\u00e3o Regional de Educa\u00e7\u00e3o de <strong>LUZIANIA<\/strong>, composta por membros desta unidade administrativa, a qual adotar\u00e1 crit\u00e9rios objetivos e ison\u00f4micos na sele\u00e7\u00e3o dos profissionais, assegurando a observ\u00e2ncia dos princ\u00edpios da legalidade, impessoalidade e interesse p\u00fablico.<\/p>\n<p style=\"text-align: justify\">A presente convoca\u00e7\u00e3o emergencial pauta-se nos princ\u00edpios da continuidade do servi\u00e7o p\u00fablico e da supremacia do interesse p\u00fablico, e ser\u00e1 adotada exclusivamente nos casos em que n\u00e3o houver mais candidatos habilitados no banco vigente, conforme previsto no edital e na legisla\u00e7\u00e3o pertinente.<\/p>\n<p style=\"text-align: center\">SEDUC\/GO<\/p>\n<h2 align=\"center\"><strong style=\"color: revert;font-size: revert\">COMUNICADO<\/strong><\/h2>\n<p style=\"text-align: center\"><strong>PARA CONTRATA\u00c7\u00c3O TEMPOR\u00c1RIA<\/strong><\/p>\n<pre style=\"text-align: center\">Publica\u00e7\u00e3o: 31\/03\/2026 \nEncerramento: 02\/04\/2026 \u00e0s 18h\n<\/pre>\n<p style=\"text-align: justify\">O Governo do Estado de Goi\u00e1s, por interm\u00e9dio da Secretaria de Estado da Educa\u00e7\u00e3o, informa que, embora esteja vigente o Processo Seletivo Simplificado regido pelo Edital n\u00ba 020\/2024 \u2013 destinado \u00e0 composi\u00e7\u00e3o de banco de habilitados para contrata\u00e7\u00e3o tempor\u00e1ria de professores \u2013, no \u00e2mbito do <strong>munic\u00edpio de LUZI\u00c2NIA<\/strong>, jurisdicionado \u00e0 Coordena\u00e7\u00e3o Regional de Educa\u00e7\u00e3o de <strong>LUZIANIA<\/strong>, o referido banco encontra-se esgotado para a fun\u00e7\u00e3o de <strong>Professor de Pedagogia, 30 aulas (40.0 horas) semanais, no turno Matutino\/Vespertino.<\/strong><\/p>\n<p style=\"text-align: justify\">Diante da inexist\u00eancia de candidatos habilitados dispon\u00edveis para convoca\u00e7\u00e3o, e considerando a exist\u00eancia de d\u00e9ficit de profissional docente, justificado pelo art. 208 da Lei n\u00ba 13.909\/2001, a Secretaria de Estado da Educa\u00e7\u00e3o deliberou pela ado\u00e7\u00e3o de procedimento emergencial de sele\u00e7\u00e3o curricular, com o objetivo de realizar contrata\u00e7\u00e3o por tempo determinado, de natureza excepcional e urgente, nos termos da Lei Estadual n\u00ba 20.918\/2020.<\/p>\n<p style=\"text-align: justify\">Nesse sentido, a Coordena\u00e7\u00e3o Regional de Educa\u00e7\u00e3o de <strong>LUZIANIA<\/strong> est\u00e1 recebendo curr\u00edculos, exclusivamente por e-mail, para fins de sele\u00e7\u00e3o e contrata\u00e7\u00e3o tempor\u00e1ria de 01 (um) professor de <strong>Pedagogia<\/strong>, no(a) <strong>COL\u00c9GIO ESTADUAL POSTO IP\u00ca<\/strong>. A presente medida visa evitar a interrup\u00e7\u00e3o das atividades escolares e garantir a continuidade do processo de ensino e aprendizagem, resguardando o direito constitucional \u00e0 educa\u00e7\u00e3o dos estudantes da Rede Estadual de Ensino.<\/p>\n<p style=\"text-align: justify\">Os interessados devem encaminhar curr\u00edculo atualizado ao endere\u00e7o eletr\u00f4nico oficial da Assessoria Financeira da CRE de <strong>LUZIANIA afin.luziania@seduc.go.gov.br<\/strong>, informando contatos telef\u00f4nicos e endere\u00e7o de e-mail para retorno.<\/p>\n<p style=\"text-align: justify\">Para a an\u00e1lise dos curr\u00edculos, ser\u00e1 constitu\u00edda comiss\u00e3o espec\u00edfica no \u00e2mbito da Coordena\u00e7\u00e3o Regional de Educa\u00e7\u00e3o de <strong>LUZIANIA<\/strong>, composta por membros desta unidade administrativa, a qual adotar\u00e1 crit\u00e9rios objetivos e ison\u00f4micos na sele\u00e7\u00e3o dos profissionais, assegurando a observ\u00e2ncia dos princ\u00edpios da legalidade, impessoalidade e interesse p\u00fablico.<\/p>\n<p style=\"text-align: justify\">A presente convoca\u00e7\u00e3o emergencial pauta-se nos princ\u00edpios da continuidade do servi\u00e7o p\u00fablico e da supremacia do interesse p\u00fablico, e ser\u00e1 adotada exclusivamente nos casos em que n\u00e3o houver mais candidatos habilitados no banco vigente, conforme previsto no edital e na legisla\u00e7\u00e3o pertinente.<\/p>\n<p style=\"text-align: center\">SEDUC\/GO<\/p>\n<h2 align=\"center\"><strong style=\"color: revert;font-size: revert\">COMUNICADO<\/strong><\/h2>\n<p style=\"text-align: center\"><strong>PARA CONTRATA\u00c7\u00c3O TEMPOR\u00c1RIA<\/strong><\/p>\n<pre style=\"text-align: center\">Publica\u00e7\u00e3o: 31\/03\/2026 \nEncerramento: 02\/04\/2026 \u00e0s 18h\n<\/pre>\n<p style=\"text-align: justify\">O Governo do Estado de Goi\u00e1s, por interm\u00e9dio da Secretaria de Estado da Educa\u00e7\u00e3o, informa que, embora esteja vigente o Processo Seletivo Simplificado regido pelo Edital n\u00ba 020\/2024 \u2013 destinado \u00e0 composi\u00e7\u00e3o de banco de habilitados para contrata\u00e7\u00e3o tempor\u00e1ria de professores \u2013, no \u00e2mbito do <strong>munic\u00edpio de LUZI\u00c2NIA<\/strong>, jurisdicionado \u00e0 Coordena\u00e7\u00e3o Regional de Educa\u00e7\u00e3o de <strong>LUZIANIA<\/strong>, o referido banco encontra-se esgotado para a fun\u00e7\u00e3o de <strong>Professor de Hist\u00f3ria, 30 aulas (40.0 horas) semanais, no turno Matutino.<\/strong><\/p>\n<p style=\"text-align: justify\">Diante da inexist\u00eancia de candidatos habilitados dispon\u00edveis para convoca\u00e7\u00e3o, e considerando a exist\u00eancia de d\u00e9ficit de profissional docente, justificado pelo art. 208 da Lei n\u00ba 13.909\/2001, a Secretaria de Estado da Educa\u00e7\u00e3o deliberou pela ado\u00e7\u00e3o de procedimento emergencial de sele\u00e7\u00e3o curricular, com o objetivo de realizar contrata\u00e7\u00e3o por tempo determinado, de natureza excepcional e urgente, nos termos da Lei Estadual n\u00ba 20.918\/2020.<\/p>\n<p style=\"text-align: justify\">Nesse sentido, a Coordena\u00e7\u00e3o Regional de Educa\u00e7\u00e3o de <strong>LUZIANIA<\/strong> est\u00e1 recebendo curr\u00edculos, exclusivamente por e-mail, para fins de sele\u00e7\u00e3o e contrata\u00e7\u00e3o tempor\u00e1ria de 01 (um) professor de <strong>Hist\u00f3ria<\/strong>, no(a) <strong>COL\u00c9GIO ESTADUAL PROFESSOR ANT\u00d4NIO MAR\u00c7O DE ARAUJO<\/strong>. A presente medida visa evitar a interrup\u00e7\u00e3o das atividades escolares e garantir a continuidade do processo de ensino e aprendizagem, resguardando o direito constitucional \u00e0 educa\u00e7\u00e3o dos estudantes da Rede Estadual de Ensino.<\/p>\n<p style=\"text-align: justify\">Os interessados devem encaminhar curr\u00edculo atualizado ao endere\u00e7o eletr\u00f4nico oficial da Assessoria Financeira da CRE de <strong>LUZIANIA afin.luziania@seduc.go.gov.br<\/strong>, informando contatos telef\u00f4nicos e endere\u00e7o de e-mail para retorno.<\/p>\n<p style=\"text-align: justify\">Para a an\u00e1lise dos curr\u00edculos, ser\u00e1 constitu\u00edda comiss\u00e3o espec\u00edfica no \u00e2mbito da Coordena\u00e7\u00e3o Regional de Educa\u00e7\u00e3o de <strong>LUZIANIA<\/strong>, composta por membros desta unidade administrativa, a qual adotar\u00e1 crit\u00e9rios objetivos e ison\u00f4micos na sele\u00e7\u00e3o dos profissionais, assegurando a observ\u00e2ncia dos princ\u00edpios da legalidade, impessoalidade e interesse p\u00fablico.<\/p>\n<p style=\"text-align: justify\">A presente convoca\u00e7\u00e3o emergencial pauta-se nos princ\u00edpios da continuidade do servi\u00e7o p\u00fablico e da supremacia do interesse p\u00fablico, e ser\u00e1 adotada exclusivamente nos casos em que n\u00e3o houver mais candidatos habilitados no banco vigente, conforme previsto no edital e na legisla\u00e7\u00e3o pertinente.<\/p>\n<p style=\"text-align: center\">SEDUC\/GO<\/p>\n<h2 align=\"center\"><strong style=\"color: revert;font-size: revert\">COMUNICADO<\/strong><\/h2>\n<p style=\"text-align: center\"><strong>PARA CONTRATA\u00c7\u00c3O TEMPOR\u00c1RIA<\/strong><\/p>\n<pre style=\"text-align: center\">Publica\u00e7\u00e3o: 30\/03\/2026 \nEncerramento: 01\/04\/2026 \u00e0s 18h\n<\/pre>\n<p style=\"text-align: justify\">O Governo do Estado de Goi\u00e1s, por interm\u00e9dio da Secretaria de Estado da Educa\u00e7\u00e3o, informa que, embora esteja vigente o Processo Seletivo Simplificado regido pelo Edital n\u00ba 020\/2024 \u2013 destinado \u00e0 composi\u00e7\u00e3o de banco de habilitados para contrata\u00e7\u00e3o tempor\u00e1ria de professores \u2013, no \u00e2mbito do <strong>munic\u00edpio de LUZI\u00c2NIA<\/strong>, jurisdicionado \u00e0 Coordena\u00e7\u00e3o Regional de Educa\u00e7\u00e3o de <strong>LUZIANIA<\/strong>, o referido banco encontra-se esgotado para a fun\u00e7\u00e3o de <strong>Professor de Geografia, 23 aulas (30.67 horas) semanais, no turno Matutino\/Vespertino.<\/strong><\/p>\n<p style=\"text-align: justify\">Diante da inexist\u00eancia de candidatos habilitados dispon\u00edveis para convoca\u00e7\u00e3o, e considerando a exist\u00eancia de d\u00e9ficit de profissional docente, justificado pelo art. 208 da Lei n\u00ba 13.909\/2001, a Secretaria de Estado da Educa\u00e7\u00e3o deliberou pela ado\u00e7\u00e3o de procedimento emergencial de sele\u00e7\u00e3o curricular, com o objetivo de realizar contrata\u00e7\u00e3o por tempo determinado, de natureza excepcional e urgente, nos termos da Lei Estadual n\u00ba 20.918\/2020.<\/p>\n<p style=\"text-align: justify\">Nesse sentido, a Coordena\u00e7\u00e3o Regional de Educa\u00e7\u00e3o de <strong>LUZIANIA<\/strong> est\u00e1 recebendo curr\u00edculos, exclusivamente por e-mail, para fins de sele\u00e7\u00e3o e contrata\u00e7\u00e3o tempor\u00e1ria de 01 (um) professor de <strong>Geografia<\/strong>, no(a) <strong>COL\u00c9GIO ESTADUAL MINGONE<\/strong>. A presente medida visa evitar a interrup\u00e7\u00e3o das atividades escolares e garantir a continuidade do processo de ensino e aprendizagem, resguardando o direito constitucional \u00e0 educa\u00e7\u00e3o dos estudantes da Rede Estadual de Ensino.<\/p>\n<p style=\"text-align: justify\">Os interessados devem encaminhar curr\u00edculo atualizado ao endere\u00e7o eletr\u00f4nico oficial da Assessoria Financeira da CRE de <strong>LUZIANIA afin.luziania@seduc.go.gov.br<\/strong>, informando contatos telef\u00f4nicos e endere\u00e7o de e-mail para retorno.<\/p>\n<p style=\"text-align: justify\">Para a an\u00e1lise dos curr\u00edculos, ser\u00e1 constitu\u00edda comiss\u00e3o espec\u00edfica no \u00e2mbito da Coordena\u00e7\u00e3o Regional de Educa\u00e7\u00e3o de <strong>LUZIANIA<\/strong>, composta por membros desta unidade administrativa, a qual adotar\u00e1 crit\u00e9rios objetivos e ison\u00f4micos na sele\u00e7\u00e3o dos profissionais, assegurando a observ\u00e2ncia dos princ\u00edpios da legalidade, impessoalidade e interesse p\u00fablico.<\/p>\n<p style=\"text-align: justify\">A presente convoca\u00e7\u00e3o emergencial pauta-se nos princ\u00edpios da continuidade do servi\u00e7o p\u00fablico e da supremacia do interesse p\u00fablico, e ser\u00e1 adotada exclusivamente nos casos em que n\u00e3o houver mais candidatos habilitados no banco vigente, conforme previsto no edital e na legisla\u00e7\u00e3o pertinente.<\/p>\n<p style=\"text-align: center\">SEDUC\/GO<\/p>\n<h2 align=\"center\"><strong style=\"color: revert;font-size: revert\">COMUNICADO<\/strong><\/h2>\n<p style=\"text-align: center\"><strong>PARA CONTRATA\u00c7\u00c3O TEMPOR\u00c1RIA<\/strong><\/p>\n<pre style=\"text-align: center\">Publica\u00e7\u00e3o: 30\/03\/2026 \nEncerramento: 01\/04\/2026 \u00e0s 18h\n<\/pre>\n<p style=\"text-align: justify\">O Governo do Estado de Goi\u00e1s, por interm\u00e9dio da Secretaria de Estado da Educa\u00e7\u00e3o, informa que, embora esteja vigente o Processo Seletivo Simplificado regido pelo Edital n\u00ba 020\/2024 \u2013 destinado \u00e0 composi\u00e7\u00e3o de banco de habilitados para contrata\u00e7\u00e3o tempor\u00e1ria de professores \u2013, no \u00e2mbito do <strong>munic\u00edpio de LUZI\u00c2NIA<\/strong>, jurisdicionado \u00e0 Coordena\u00e7\u00e3o Regional de Educa\u00e7\u00e3o de <strong>LUZIANIA<\/strong>, o referido banco encontra-se esgotado para a fun\u00e7\u00e3o de <strong>Professor de Ci\u00eancias\/Biologia, 30 aulas (40.0 horas) semanais, no turno Matutino\/Vespertino.<\/strong><\/p>\n<p style=\"text-align: justify\">Diante da inexist\u00eancia de candidatos habilitados dispon\u00edveis para convoca\u00e7\u00e3o, e considerando a exist\u00eancia de d\u00e9ficit de profissional docente, justificado pelo art. 208 da Lei n\u00ba 13.909\/2001, a Secretaria de Estado da Educa\u00e7\u00e3o deliberou pela ado\u00e7\u00e3o de procedimento emergencial de sele\u00e7\u00e3o curricular, com o objetivo de realizar contrata\u00e7\u00e3o por tempo determinado, de natureza excepcional e urgente, nos termos da Lei Estadual n\u00ba 20.918\/2020.<\/p>\n<p style=\"text-align: justify\">Nesse sentido, a Coordena\u00e7\u00e3o Regional de Educa\u00e7\u00e3o de <strong>LUZIANIA<\/strong> est\u00e1 recebendo curr\u00edculos, exclusivamente por e-mail, para fins de sele\u00e7\u00e3o e contrata\u00e7\u00e3o tempor\u00e1ria de 01 (um) professor de <strong>Ci\u00eancias\/Biologia<\/strong>, no(a) <strong>COL\u00c9GIO ESTADUAL PROFESSOR ANT\u00d4NIO MAR\u00c7O DE ARAUJO<\/strong>. A presente medida visa evitar a interrup\u00e7\u00e3o das atividades escolares e garantir a continuidade do processo de ensino e aprendizagem, resguardando o direito constitucional \u00e0 educa\u00e7\u00e3o dos estudantes da Rede Estadual de Ensino.<\/p>\n<p style=\"text-align: justify\">Os interessados devem encaminhar curr\u00edculo atualizado ao endere\u00e7o eletr\u00f4nico oficial da Assessoria Financeira da CRE de <strong>LUZIANIA afin.luziania@seduc.go.gov.br<\/strong>, informando contatos telef\u00f4nicos e endere\u00e7o de e-mail para retorno.<\/p>\n<p style=\"text-align: justify\">Para a an\u00e1lise dos curr\u00edculos, ser\u00e1 constitu\u00edda comiss\u00e3o espec\u00edfica no \u00e2mbito da Coordena\u00e7\u00e3o Regional de Educa\u00e7\u00e3o de <strong>LUZIANIA<\/strong>, composta por membros desta unidade administrativa, a qual adotar\u00e1 crit\u00e9rios objetivos e ison\u00f4micos na sele\u00e7\u00e3o dos profissionais, assegurando a observ\u00e2ncia dos princ\u00edpios da legalidade, impessoalidade e interesse p\u00fablico.<\/p>\n<p style=\"text-align: justify\">A presente convoca\u00e7\u00e3o emergencial pauta-se nos princ\u00edpios da continuidade do servi\u00e7o p\u00fablico e da supremacia do interesse p\u00fablico, e ser\u00e1 adotada exclusivamente nos casos em que n\u00e3o houver mais candidatos habilitados no banco vigente, conforme previsto no edital e na legisla\u00e7\u00e3o pertinente.<\/p>\n<p style=\"text-align: center\">SEDUC\/GO<\/p>\n<h2 align=\"center\"><strong style=\"color: revert;font-size: revert\">COMUNICADO<\/strong><\/h2>\n<p style=\"text-align: center\"><strong>PARA CONTRATA\u00c7\u00c3O TEMPOR\u00c1RIA<\/strong><\/p>\n<pre style=\"text-align: center\">Publica\u00e7\u00e3o: 30\/03\/2026 \nEncerramento: 01\/04\/2026 \u00e0s 18h\n<\/pre>\n<p style=\"text-align: justify\">O Governo do Estado de Goi\u00e1s, por interm\u00e9dio da Secretaria de Estado da Educa\u00e7\u00e3o, informa que, embora esteja vigente o Processo Seletivo Simplificado regido pelo Edital n\u00ba 020\/2024 \u2013 destinado \u00e0 composi\u00e7\u00e3o de banco de habilitados para contrata\u00e7\u00e3o tempor\u00e1ria de professores \u2013, no \u00e2mbito do <strong>munic\u00edpio de LUZI\u00c2NIA<\/strong>, jurisdicionado \u00e0 Coordena\u00e7\u00e3o Regional de Educa\u00e7\u00e3o de <strong>LUZIANIA<\/strong>, o referido banco encontra-se esgotado para a fun\u00e7\u00e3o de <strong>Professor de Pedagogia, 30 aulas (40.0 horas) semanais, no turno Matutino.<\/strong><\/p>\n<p style=\"text-align: justify\">Diante da inexist\u00eancia de candidatos habilitados dispon\u00edveis para convoca\u00e7\u00e3o, e considerando a exist\u00eancia de d\u00e9ficit de profissional docente, justificado pelo art. 208 da Lei n\u00ba 13.909\/2001, a Secretaria de Estado da Educa\u00e7\u00e3o deliberou pela ado\u00e7\u00e3o de procedimento emergencial de sele\u00e7\u00e3o curricular, com o objetivo de realizar contrata\u00e7\u00e3o por tempo determinado, de natureza excepcional e urgente, nos termos da Lei Estadual n\u00ba 20.918\/2020.<\/p>\n<p style=\"text-align: justify\">Nesse sentido, a Coordena\u00e7\u00e3o Regional de Educa\u00e7\u00e3o de <strong>LUZIANIA<\/strong> est\u00e1 recebendo curr\u00edculos, exclusivamente por e-mail, para fins de sele\u00e7\u00e3o e contrata\u00e7\u00e3o tempor\u00e1ria de 01 (um) professor de <strong>Pedagogia<\/strong>, no(a) <strong>COL\u00c9GIO ESTADUAL DE EDUCA\u00c7\u00c3O DO CAMPO ILIDIO DE SOUZA LEMOS<\/strong>. A presente medida visa evitar a interrup\u00e7\u00e3o das atividades escolares e garantir a continuidade do processo de ensino e aprendizagem, resguardando o direito constitucional \u00e0 educa\u00e7\u00e3o dos estudantes da Rede Estadual de Ensino.<\/p>\n<p style=\"text-align: justify\">Os interessados devem encaminhar curr\u00edculo atualizado ao endere\u00e7o eletr\u00f4nico oficial da Assessoria Financeira da CRE de <strong>LUZIANIA afin.luziania@seduc.go.gov.br<\/strong>, informando contatos telef\u00f4nicos e endere\u00e7o de e-mail para retorno.<\/p>\n<p style=\"text-align: justify\">Para a an\u00e1lise dos curr\u00edculos, ser\u00e1 constitu\u00edda comiss\u00e3o espec\u00edfica no \u00e2mbito da Coordena\u00e7\u00e3o Regional de Educa\u00e7\u00e3o de <strong>LUZIANIA<\/strong>, composta por membros desta unidade administrativa, a qual adotar\u00e1 crit\u00e9rios objetivos e ison\u00f4micos na sele\u00e7\u00e3o dos profissionais, assegurando a observ\u00e2ncia dos princ\u00edpios da legalidade, impessoalidade e interesse p\u00fablico.<\/p>\n<p style=\"text-align: justify\">A presente convoca\u00e7\u00e3o emergencial pauta-se nos princ\u00edpios da continuidade do servi\u00e7o p\u00fablico e da supremacia do interesse p\u00fablico, e ser\u00e1 adotada exclusivamente nos casos em que n\u00e3o houver mais candidatos habilitados no banco vigente, conforme previsto no edital e na legisla\u00e7\u00e3o pertinente.<\/p>\n<p style=\"text-align: center\">SEDUC\/GO<\/p>\n<h2 align=\"center\"><strong style=\"color: revert;font-size: revert\">COMUNICADO<\/strong><\/h2>\n<p style=\"text-align: center\"><strong>PARA CONTRATA\u00c7\u00c3O TEMPOR\u00c1RIA<\/strong><\/p>\n<pre style=\"text-align: center\">Publica\u00e7\u00e3o: 27\/03\/2026 \nEncerramento: 31\/03\/2026 \u00e0s 18h\n<\/pre>\n<p style=\"text-align: justify\">O Governo do Estado de Goi\u00e1s, por interm\u00e9dio da Secretaria de Estado da Educa\u00e7\u00e3o, informa que, embora esteja vigente o Processo Seletivo Simplificado regido pelo Edital n\u00ba 020\/2024 \u2013 destinado \u00e0 composi\u00e7\u00e3o de banco de habilitados para contrata\u00e7\u00e3o tempor\u00e1ria de professores \u2013, no \u00e2mbito do <strong>munic\u00edpio de CRISTALINA<\/strong>, jurisdicionado \u00e0 Coordena\u00e7\u00e3o Regional de Educa\u00e7\u00e3o de <strong>LUZIANIA<\/strong>, o referido banco encontra-se esgotado para a fun\u00e7\u00e3o de <strong>Professor de Matem\u00e1tica, 23 aulas (30.67 horas) semanais, no turno Vespertino\/Noturno.<\/strong><\/p>\n<p style=\"text-align: justify\">Diante da inexist\u00eancia de candidatos habilitados dispon\u00edveis para convoca\u00e7\u00e3o, e considerando a exist\u00eancia de d\u00e9ficit de profissional docente, justificado pelo art. 208 da Lei n\u00ba 13.909\/2001, a Secretaria de Estado da Educa\u00e7\u00e3o deliberou pela ado\u00e7\u00e3o de procedimento emergencial de sele\u00e7\u00e3o curricular, com o objetivo de realizar contrata\u00e7\u00e3o por tempo determinado, de natureza excepcional e urgente, nos termos da Lei Estadual n\u00ba 20.918\/2020.<\/p>\n<p style=\"text-align: justify\">Nesse sentido, a Coordena\u00e7\u00e3o Regional de Educa\u00e7\u00e3o de <strong>LUZIANIA<\/strong> est\u00e1 recebendo curr\u00edculos, exclusivamente por e-mail, para fins de sele\u00e7\u00e3o e contrata\u00e7\u00e3o tempor\u00e1ria de 01 (um) professor de <strong>Matem\u00e1tica<\/strong>, no(a) <strong>COL\u00c9GIO ESTADUAL ADELVINA FLORES RIBEIRO<\/strong>. A presente medida visa evitar a interrup\u00e7\u00e3o das atividades escolares e garantir a continuidade do processo de ensino e aprendizagem, resguardando o direito constitucional \u00e0 educa\u00e7\u00e3o dos estudantes da Rede Estadual de Ensino.<\/p>\n<p style=\"text-align: justify\">Os interessados devem encaminhar curr\u00edculo atualizado ao endere\u00e7o eletr\u00f4nico oficial da Assessoria Financeira da CRE de <strong>LUZIANIA afin.luziania@seduc.go.gov.br<\/strong>, informando contatos telef\u00f4nicos e endere\u00e7o de e-mail para retorno.<\/p>\n<p style=\"text-align: justify\">Para a an\u00e1lise dos curr\u00edculos, ser\u00e1 constitu\u00edda comiss\u00e3o espec\u00edfica no \u00e2mbito da Coordena\u00e7\u00e3o Regional de Educa\u00e7\u00e3o de <strong>LUZIANIA<\/strong>, composta por membros desta unidade administrativa, a qual adotar\u00e1 crit\u00e9rios objetivos e ison\u00f4micos na sele\u00e7\u00e3o dos profissionais, assegurando a observ\u00e2ncia dos princ\u00edpios da legalidade, impessoalidade e interesse p\u00fablico.<\/p>\n<p style=\"text-align: justify\">A presente convoca\u00e7\u00e3o emergencial pauta-se nos princ\u00edpios da continuidade do servi\u00e7o p\u00fablico e da supremacia do interesse p\u00fablico, e ser\u00e1 adotada exclusivamente nos casos em que n\u00e3o houver mais candidatos habilitados no banco vigente, conforme previsto no edital e na legisla\u00e7\u00e3o pertinente.<\/p>\n<p style=\"text-align: center\">SEDUC\/GO<\/p>\n<h2 align=\"center\"><strong style=\"color: revert;font-size: revert\">COMUNICADO<\/strong><\/h2>\n<p style=\"text-align: center\"><strong>PARA CONTRATA\u00c7\u00c3O TEMPOR\u00c1RIA<\/strong><\/p>\n<pre style=\"text-align: center\">Publica\u00e7\u00e3o: 27\/03\/2026 \nEncerramento: 31\/03\/2026 \u00e0s 18h\n<\/pre>\n<p style=\"text-align: justify\">O Governo do Estado de Goi\u00e1s, por interm\u00e9dio da Secretaria de Estado da Educa\u00e7\u00e3o, informa que, embora esteja vigente o Processo Seletivo Simplificado regido pelo Edital n\u00ba 020\/2024 \u2013 destinado \u00e0 composi\u00e7\u00e3o de banco de habilitados para contrata\u00e7\u00e3o tempor\u00e1ria de professores \u2013, no \u00e2mbito do <strong>munic\u00edpio de LUZI\u00c2NIA<\/strong>, jurisdicionado \u00e0 Coordena\u00e7\u00e3o Regional de Educa\u00e7\u00e3o de <strong>LUZIANIA<\/strong>, o referido banco encontra-se esgotado para a fun\u00e7\u00e3o de <strong>Professor de Pedagogia, 30 aulas (40.0 horas) semanais, no turno Matutino\/Vespertino.<\/strong><\/p>\n<p style=\"text-align: justify\">Diante da inexist\u00eancia de candidatos habilitados dispon\u00edveis para convoca\u00e7\u00e3o, e considerando a exist\u00eancia de d\u00e9ficit de profissional docente, justificado pelo art. 208 da Lei n\u00ba 13.909\/2001, a Secretaria de Estado da Educa\u00e7\u00e3o deliberou pela ado\u00e7\u00e3o de procedimento emergencial de sele\u00e7\u00e3o curricular, com o objetivo de realizar contrata\u00e7\u00e3o por tempo determinado, de natureza excepcional e urgente, nos termos da Lei Estadual n\u00ba 20.918\/2020.<\/p>\n<p style=\"text-align: justify\">Nesse sentido, a Coordena\u00e7\u00e3o Regional de Educa\u00e7\u00e3o de <strong>LUZIANIA<\/strong> est\u00e1 recebendo curr\u00edculos, exclusivamente por e-mail, para fins de sele\u00e7\u00e3o e contrata\u00e7\u00e3o tempor\u00e1ria de 01 (um) professor de <strong>Pedagogia<\/strong>, no(a) <strong>COL\u00c9GIO ESTADUAL VASCO DOS REIS GON\u00c7ALVES<\/strong>. A presente medida visa evitar a interrup\u00e7\u00e3o das atividades escolares e garantir a continuidade do processo de ensino e aprendizagem, resguardando o direito constitucional \u00e0 educa\u00e7\u00e3o dos estudantes da Rede Estadual de Ensino.<\/p>\n<p style=\"text-align: justify\">Os interessados devem encaminhar curr\u00edculo atualizado ao endere\u00e7o eletr\u00f4nico oficial da Assessoria Financeira da CRE de <strong>LUZIANIA afin.luziania@seduc.go.gov.br<\/strong>, informando contatos telef\u00f4nicos e endere\u00e7o de e-mail para retorno.<\/p>\n<p style=\"text-align: justify\">Para a an\u00e1lise dos curr\u00edculos, ser\u00e1 constitu\u00edda comiss\u00e3o espec\u00edfica no \u00e2mbito da Coordena\u00e7\u00e3o Regional de Educa\u00e7\u00e3o de <strong>LUZIANIA<\/strong>, composta por membros desta unidade administrativa, a qual adotar\u00e1 crit\u00e9rios objetivos e ison\u00f4micos na sele\u00e7\u00e3o dos profissionais, assegurando a observ\u00e2ncia dos princ\u00edpios da legalidade, impessoalidade e interesse p\u00fablico.<\/p>\n<p style=\"text-align: justify\">A presente convoca\u00e7\u00e3o emergencial pauta-se nos princ\u00edpios da continuidade do servi\u00e7o p\u00fablico e da supremacia do interesse p\u00fablico, e ser\u00e1 adotada exclusivamente nos casos em que n\u00e3o houver mais candidatos habilitados no banco vigente, conforme previsto no edital e na legisla\u00e7\u00e3o pertinente.<\/p>\n<p style=\"text-align: center\">SEDUC\/GO<\/p>\n<h2 align=\"center\"><strong style=\"color: revert;font-size: revert\">COMUNICADO<\/strong><\/h2>\n<p style=\"text-align: center\"><strong>PARA CONTRATA\u00c7\u00c3O TEMPOR\u00c1RIA<\/strong><\/p>\n<pre style=\"text-align: center\">Publica\u00e7\u00e3o: 26\/03\/2026 \nEncerramento: 30\/03\/2026 \u00e0s 18h\n<\/pre>\n<p style=\"text-align: justify\">O Governo do Estado de Goi\u00e1s, por interm\u00e9dio da Secretaria de Estado da Educa\u00e7\u00e3o, informa que, embora esteja vigente o Processo Seletivo Simplificado regido pelo Edital n\u00ba 020\/2024 \u2013 destinado \u00e0 composi\u00e7\u00e3o de banco de habilitados para contrata\u00e7\u00e3o tempor\u00e1ria de professores \u2013, no \u00e2mbito do <strong>munic\u00edpio de LUZI\u00c2NIA<\/strong>, jurisdicionado \u00e0 Coordena\u00e7\u00e3o Regional de Educa\u00e7\u00e3o de <strong>LUZIANIA<\/strong>, o referido banco encontra-se esgotado para a fun\u00e7\u00e3o de <strong>Professor de L\u00edngua Inglesa, 30 aulas (40.0 horas) semanais, no turno Matutino\/Vespertino.<\/strong><\/p>\n<p style=\"text-align: justify\">Diante da inexist\u00eancia de candidatos habilitados dispon\u00edveis para convoca\u00e7\u00e3o, e considerando a exist\u00eancia de d\u00e9ficit de profissional docente, justificado pelo art. 208 da Lei n\u00ba 13.909\/2001, a Secretaria de Estado da Educa\u00e7\u00e3o deliberou pela ado\u00e7\u00e3o de procedimento emergencial de sele\u00e7\u00e3o curricular, com o objetivo de realizar contrata\u00e7\u00e3o por tempo determinado, de natureza excepcional e urgente, nos termos da Lei Estadual n\u00ba 20.918\/2020.<\/p>\n<p style=\"text-align: justify\">Nesse sentido, a Coordena\u00e7\u00e3o Regional de Educa\u00e7\u00e3o de <strong>LUZIANIA<\/strong> est\u00e1 recebendo curr\u00edculos, exclusivamente por e-mail, para fins de sele\u00e7\u00e3o e contrata\u00e7\u00e3o tempor\u00e1ria de 01 (um) professor de <strong>L\u00edngua Inglesa<\/strong>, no(a) <strong>COL\u00c9GIO ESTADUAL PROFESSORA LOURDES DE OLIVEIRA SAMPAIO<\/strong>. A presente medida visa evitar a interrup\u00e7\u00e3o das atividades escolares e garantir a continuidade do processo de ensino e aprendizagem, resguardando o direito constitucional \u00e0 educa\u00e7\u00e3o dos estudantes da Rede Estadual de Ensino.<\/p>\n<p style=\"text-align: justify\">Os interessados devem encaminhar curr\u00edculo atualizado ao endere\u00e7o eletr\u00f4nico oficial da Assessoria Financeira da CRE de <strong>LUZIANIA afin.luziania@seduc.go.gov.br<\/strong>, informando contatos telef\u00f4nicos e endere\u00e7o de e-mail para retorno.<\/p>\n<p style=\"text-align: justify\">Para a an\u00e1lise dos curr\u00edculos, ser\u00e1 constitu\u00edda comiss\u00e3o espec\u00edfica no \u00e2mbito da Coordena\u00e7\u00e3o Regional de Educa\u00e7\u00e3o de <strong>LUZIANIA<\/strong>, composta por membros desta unidade administrativa, a qual adotar\u00e1 crit\u00e9rios objetivos e ison\u00f4micos na sele\u00e7\u00e3o dos profissionais, assegurando a observ\u00e2ncia dos princ\u00edpios da legalidade, impessoalidade e interesse p\u00fablico.<\/p>\n<p style=\"text-align: justify\">A presente convoca\u00e7\u00e3o emergencial pauta-se nos princ\u00edpios da continuidade do servi\u00e7o p\u00fablico e da supremacia do interesse p\u00fablico, e ser\u00e1 adotada exclusivamente nos casos em que n\u00e3o houver mais candidatos habilitados no banco vigente, conforme previsto no edital e na legisla\u00e7\u00e3o pertinente.<\/p>\n<p style=\"text-align: center\">SEDUC\/GO<\/p>\n<h2 align=\"center\"><strong style=\"color: revert;font-size: revert\">COMUNICADO<\/strong><\/h2>\n<p style=\"text-align: center\"><strong>PARA CONTRATA\u00c7\u00c3O TEMPOR\u00c1RIA<\/strong><\/p>\n<pre style=\"text-align: center\">Publica\u00e7\u00e3o: 26\/03\/2026 \nEncerramento: 30\/03\/2026 \u00e0s 18h\n<\/pre>\n<p style=\"text-align: justify\">O Governo do Estado de Goi\u00e1s, por interm\u00e9dio da Secretaria de Estado da Educa\u00e7\u00e3o, informa que, embora esteja vigente o Processo Seletivo Simplificado regido pelo Edital n\u00ba 020\/2024 \u2013 destinado \u00e0 composi\u00e7\u00e3o de banco de habilitados para contrata\u00e7\u00e3o tempor\u00e1ria de professores \u2013, no \u00e2mbito do <strong>munic\u00edpio de LUZI\u00c2NIA<\/strong>, jurisdicionado \u00e0 Coordena\u00e7\u00e3o Regional de Educa\u00e7\u00e3o de <strong>LUZIANIA<\/strong>, o referido banco encontra-se esgotado para a fun\u00e7\u00e3o de <strong>Professor de Geografia, 30 aulas (40.0 horas) semanais, no turno Matutino\/Vespertino.<\/strong><\/p>\n<p style=\"text-align: justify\">Diante da inexist\u00eancia de candidatos habilitados dispon\u00edveis para convoca\u00e7\u00e3o, e considerando a exist\u00eancia de d\u00e9ficit de profissional docente, justificado pelo art. 208 da Lei n\u00ba 13.909\/2001, a Secretaria de Estado da Educa\u00e7\u00e3o deliberou pela ado\u00e7\u00e3o de procedimento emergencial de sele\u00e7\u00e3o curricular, com o objetivo de realizar contrata\u00e7\u00e3o por tempo determinado, de natureza excepcional e urgente, nos termos da Lei Estadual n\u00ba 20.918\/2020.<\/p>\n<p style=\"text-align: justify\">Nesse sentido, a Coordena\u00e7\u00e3o Regional de Educa\u00e7\u00e3o de <strong>LUZIANIA<\/strong> est\u00e1 recebendo curr\u00edculos, exclusivamente por e-mail, para fins de sele\u00e7\u00e3o e contrata\u00e7\u00e3o tempor\u00e1ria de 01 (um) professor de <strong>Geografia<\/strong>, no(a) <strong>COL\u00c9GIO ESTADUAL PROFESSOR JOS\u00c9 CARNEIRO FILHO<\/strong>. A presente medida visa evitar a interrup\u00e7\u00e3o das atividades escolares e garantir a continuidade do processo de ensino e aprendizagem, resguardando o direito constitucional \u00e0 educa\u00e7\u00e3o dos estudantes da Rede Estadual de Ensino.<\/p>\n<p style=\"text-align: justify\">Os interessados devem encaminhar curr\u00edculo atualizado ao endere\u00e7o eletr\u00f4nico oficial da Assessoria Financeira da CRE de <strong>LUZIANIA afin.luziania@seduc.go.gov.br<\/strong>, informando contatos telef\u00f4nicos e endere\u00e7o de e-mail para retorno.<\/p>\n<p style=\"text-align: justify\">Para a an\u00e1lise dos curr\u00edculos, ser\u00e1 constitu\u00edda comiss\u00e3o espec\u00edfica no \u00e2mbito da Coordena\u00e7\u00e3o Regional de Educa\u00e7\u00e3o de <strong>LUZIANIA<\/strong>, composta por membros desta unidade administrativa, a qual adotar\u00e1 crit\u00e9rios objetivos e ison\u00f4micos na sele\u00e7\u00e3o dos profissionais, assegurando a observ\u00e2ncia dos princ\u00edpios da legalidade, impessoalidade e interesse p\u00fablico.<\/p>\n<p style=\"text-align: justify\">A presente convoca\u00e7\u00e3o emergencial pauta-se nos princ\u00edpios da continuidade do servi\u00e7o p\u00fablico e da supremacia do interesse p\u00fablico, e ser\u00e1 adotada exclusivamente nos casos em que n\u00e3o houver mais candidatos habilitados no banco vigente, conforme previsto no edital e na legisla\u00e7\u00e3o pertinente.<\/p>\n<p style=\"text-align: center\">SEDUC\/GO<\/p>\n<h2 align=\"center\"><strong style=\"color: revert;font-size: revert\">COMUNICADO<\/strong><\/h2>\n<p style=\"text-align: center\"><strong>PARA CONTRATA\u00c7\u00c3O TEMPOR\u00c1RIA<\/strong><\/p>\n<pre style=\"text-align: center\">Publica\u00e7\u00e3o: 26\/03\/2026 \nEncerramento: 30\/03\/2026 \u00e0s 18h\n<\/pre>\n<p style=\"text-align: justify\">O Governo do Estado de Goi\u00e1s, por interm\u00e9dio da Secretaria de Estado da Educa\u00e7\u00e3o, informa que, embora esteja vigente o Processo Seletivo Simplificado regido pelo Edital n\u00ba 020\/2024 \u2013 destinado \u00e0 composi\u00e7\u00e3o de banco de habilitados para contrata\u00e7\u00e3o tempor\u00e1ria de professores \u2013, no \u00e2mbito do <strong>munic\u00edpio de LUZI\u00c2NIA<\/strong>, jurisdicionado \u00e0 Coordena\u00e7\u00e3o Regional de Educa\u00e7\u00e3o de <strong>LUZIANIA<\/strong>, o referido banco encontra-se esgotado para a fun\u00e7\u00e3o de <strong>Professor de Geografia, 30 aulas (37 horas) semanais, no turno Matutino\/Vespertino.<\/strong><\/p>\n<p style=\"text-align: justify\">Diante da inexist\u00eancia de candidatos habilitados dispon\u00edveis para convoca\u00e7\u00e3o, e considerando a exist\u00eancia de d\u00e9ficit de profissional docente, justificado pelo art. 208 da Lei n\u00ba 13.909\/2001, a Secretaria de Estado da Educa\u00e7\u00e3o deliberou pela ado\u00e7\u00e3o de procedimento emergencial de sele\u00e7\u00e3o curricular, com o objetivo de realizar contrata\u00e7\u00e3o por tempo determinado, de natureza excepcional e urgente, nos termos da Lei Estadual n\u00ba 20.918\/2020.<\/p>\n<p style=\"text-align: justify\">Nesse sentido, a Coordena\u00e7\u00e3o Regional de Educa\u00e7\u00e3o de <strong>LUZIANIA<\/strong> est\u00e1 recebendo curr\u00edculos, exclusivamente por e-mail, para fins de sele\u00e7\u00e3o e contrata\u00e7\u00e3o tempor\u00e1ria de 01 (um) professor de <strong>Geografia<\/strong>, no(a) <strong>COL\u00c9GIO ESTADUAL PROFESSORA LOURDES DE OLIVEIRA SAMPAIO<\/strong>. A presente medida visa evitar a interrup\u00e7\u00e3o das atividades escolares e garantir a continuidade do processo de ensino e aprendizagem, resguardando o direito constitucional \u00e0 educa\u00e7\u00e3o dos estudantes da Rede Estadual de Ensino.<\/p>\n<p style=\"text-align: justify\">Os interessados devem encaminhar curr\u00edculo atualizado ao endere\u00e7o eletr\u00f4nico oficial da Assessoria Financeira da CRE de <strong>LUZIANIA afin.luziania@seduc.go.gov.br<\/strong>, informando contatos telef\u00f4nicos e endere\u00e7o de e-mail para retorno.<\/p>\n<p style=\"text-align: justify\">Para a an\u00e1lise dos curr\u00edculos, ser\u00e1 constitu\u00edda comiss\u00e3o espec\u00edfica no \u00e2mbito da Coordena\u00e7\u00e3o Regional de Educa\u00e7\u00e3o de <strong>LUZIANIA<\/strong>, composta por membros desta unidade administrativa, a qual adotar\u00e1 crit\u00e9rios objetivos e ison\u00f4micos na sele\u00e7\u00e3o dos profissionais, assegurando a observ\u00e2ncia dos princ\u00edpios da legalidade, impessoalidade e interesse p\u00fablico.<\/p>\n<p style=\"text-align: justify\">A presente convoca\u00e7\u00e3o emergencial pauta-se nos princ\u00edpios da continuidade do servi\u00e7o p\u00fablico e da supremacia do interesse p\u00fablico, e ser\u00e1 adotada exclusivamente nos casos em que n\u00e3o houver mais candidatos habilitados no banco vigente, conforme previsto no edital e na legisla\u00e7\u00e3o pertinente.<\/p>\n<p style=\"text-align: center\">SEDUC\/GO<\/p>\n<h2 align=\"center\"><strong style=\"color: revert;font-size: revert\">COMUNICADO<\/strong><\/h2>\n<p style=\"text-align: center\"><strong>PARA CONTRATA\u00c7\u00c3O TEMPOR\u00c1RIA<\/strong><\/p>\n<pre style=\"text-align: center\">Publica\u00e7\u00e3o: 12\/03\/2026 \nEncerramento: 16\/03\/2026 \u00e0s 18h\n<\/pre>\n<p style=\"text-align: justify\">O Governo do Estado de Goi\u00e1s, por interm\u00e9dio da Secretaria de Estado da Educa\u00e7\u00e3o, informa que, embora esteja vigente o Processo Seletivo Simplificado regido pelo Edital n\u00ba 020\/2024 \u2013 destinado \u00e0 composi\u00e7\u00e3o de banco de habilitados para contrata\u00e7\u00e3o tempor\u00e1ria de professores \u2013, no \u00e2mbito do <strong>munic\u00edpio de CRISTALINA<\/strong>, jurisdicionado \u00e0 Coordena\u00e7\u00e3o Regional de Educa\u00e7\u00e3o de <strong>LUZIANIA<\/strong>, o referido banco encontra-se esgotado para a fun\u00e7\u00e3o de <strong>Professor de Hist\u00f3ria, 30 aulas (37 horas) semanais, no turno Matutino\/Vespertino.<\/strong><\/p>\n<p style=\"text-align: justify\">Diante da inexist\u00eancia de candidatos habilitados dispon\u00edveis para convoca\u00e7\u00e3o, e considerando a exist\u00eancia de d\u00e9ficit de profissional docente, justificado pelo art. 208 da Lei n\u00ba 13.909\/2001, a Secretaria de Estado da Educa\u00e7\u00e3o deliberou pela ado\u00e7\u00e3o de procedimento emergencial de sele\u00e7\u00e3o curricular, com o objetivo de realizar contrata\u00e7\u00e3o por tempo determinado, de natureza excepcional e urgente, nos termos da Lei Estadual n\u00ba 20.918\/2020.<\/p>\n<p style=\"text-align: justify\">Nesse sentido, a Coordena\u00e7\u00e3o Regional de Educa\u00e7\u00e3o de <strong>LUZIANIA<\/strong> est\u00e1 recebendo curr\u00edculos, exclusivamente por e-mail, para fins de sele\u00e7\u00e3o e contrata\u00e7\u00e3o tempor\u00e1ria de 01 (um) professor de <strong>Hist\u00f3ria<\/strong>, no(a) <strong>COL\u00c9GIO ESTADUAL DA POL\u00cdCIA MILITAR DE GOI\u00c1S OLGA AGUIAR MOHN<\/strong>. A presente medida visa evitar a interrup\u00e7\u00e3o das atividades escolares e garantir a continuidade do processo de ensino e aprendizagem, resguardando o direito constitucional \u00e0 educa\u00e7\u00e3o dos estudantes da Rede Estadual de Ensino.<\/p>\n<p style=\"text-align: justify\">Os interessados devem encaminhar curr\u00edculo atualizado ao endere\u00e7o eletr\u00f4nico oficial da Assessoria Financeira da CRE de <strong>LUZIANIA afin.luziania@seduc.go.gov.br<\/strong>, informando contatos telef\u00f4nicos e endere\u00e7o de e-mail para retorno.<\/p>\n<p style=\"text-align: justify\">Para a an\u00e1lise dos curr\u00edculos, ser\u00e1 constitu\u00edda comiss\u00e3o espec\u00edfica no \u00e2mbito da Coordena\u00e7\u00e3o Regional de Educa\u00e7\u00e3o de <strong>LUZIANIA<\/strong>, composta por membros desta unidade administrativa, a qual adotar\u00e1 crit\u00e9rios objetivos e ison\u00f4micos na sele\u00e7\u00e3o dos profissionais, assegurando a observ\u00e2ncia dos princ\u00edpios da legalidade, impessoalidade e interesse p\u00fablico.<\/p>\n<p style=\"text-align: justify\">A presente convoca\u00e7\u00e3o emergencial pauta-se nos princ\u00edpios da continuidade do servi\u00e7o p\u00fablico e da supremacia do interesse p\u00fablico, e ser\u00e1 adotada exclusivamente nos casos em que n\u00e3o houver mais candidatos habilitados no banco vigente, conforme previsto no edital e na legisla\u00e7\u00e3o pertinente.<\/p>\n<p style=\"text-align: center\">SEDUC\/GO<\/p>\n<h2 align=\"center\"><strong style=\"color: revert;font-size: revert\">COMUNICADO<\/strong><\/h2>\n<p style=\"text-align: center\"><strong>PARA CONTRATA\u00c7\u00c3O TEMPOR\u00c1RIA<\/strong><\/p>\n<pre style=\"text-align: center\">Publica\u00e7\u00e3o: 10\/03\/2026 \nEncerramento: 12\/03\/2026 \u00e0s 18h\n<\/pre>\n<p style=\"text-align: justify\">O Governo do Estado de Goi\u00e1s, por interm\u00e9dio da Secretaria de Estado da Educa\u00e7\u00e3o, informa que, embora esteja vigente o Processo Seletivo Simplificado regido pelo Edital n\u00ba 020\/2024 \u2013 destinado \u00e0 composi\u00e7\u00e3o de banco de habilitados para contrata\u00e7\u00e3o tempor\u00e1ria de professores \u2013, no \u00e2mbito do <strong>munic\u00edpio de LUZI\u00c2NIA<\/strong>, jurisdicionado \u00e0 Coordena\u00e7\u00e3o Regional de Educa\u00e7\u00e3o de <strong>LUZIANIA<\/strong>, o referido banco encontra-se esgotado para a fun\u00e7\u00e3o de <strong>Professor de Hist\u00f3ria, 30 aulas (37 horas) semanais, no turno Matutino\/Vespertino.<\/strong><\/p>\n<p style=\"text-align: justify\">Diante da inexist\u00eancia de candidatos habilitados dispon\u00edveis para convoca\u00e7\u00e3o, e considerando a exist\u00eancia de d\u00e9ficit de profissional docente, justificado pelo art. 208 da Lei n\u00ba 13.909\/2001, a Secretaria de Estado da Educa\u00e7\u00e3o deliberou pela ado\u00e7\u00e3o de procedimento emergencial de sele\u00e7\u00e3o curricular, com o objetivo de realizar contrata\u00e7\u00e3o por tempo determinado, de natureza excepcional e urgente, nos termos da Lei Estadual n\u00ba 20.918\/2020.<\/p>\n<p style=\"text-align: justify\">Nesse sentido, a Coordena\u00e7\u00e3o Regional de Educa\u00e7\u00e3o de <strong>LUZIANIA<\/strong> est\u00e1 recebendo curr\u00edculos, exclusivamente por e-mail, para fins de sele\u00e7\u00e3o e contrata\u00e7\u00e3o tempor\u00e1ria de 01 (um) professor de <strong>Hist\u00f3ria<\/strong>, no(a) <strong>COL\u00c9GIO ESTADUAL DA POL\u00cdCIA MILITAR DE GOI\u00c1S OLGA AGUIAR MOHN<\/strong>. A presente medida visa evitar a interrup\u00e7\u00e3o das atividades escolares e garantir a continuidade do processo de ensino e aprendizagem, resguardando o direito constitucional \u00e0 educa\u00e7\u00e3o dos estudantes da Rede Estadual de Ensino.<\/p>\n<p style=\"text-align: justify\">Os interessados devem encaminhar curr\u00edculo atualizado ao endere\u00e7o eletr\u00f4nico oficial da Assessoria Financeira da CRE de <strong>LUZIANIA afin.luziania@seduc.go.gov.br<\/strong>, informando contatos telef\u00f4nicos e endere\u00e7o de e-mail para retorno.<\/p>\n<p style=\"text-align: justify\">Para a an\u00e1lise dos curr\u00edculos, ser\u00e1 constitu\u00edda comiss\u00e3o espec\u00edfica no \u00e2mbito da Coordena\u00e7\u00e3o Regional de Educa\u00e7\u00e3o de <strong>LUZIANIA<\/strong>, composta por membros desta unidade administrativa, a qual adotar\u00e1 crit\u00e9rios objetivos e ison\u00f4micos na sele\u00e7\u00e3o dos profissionais, assegurando a observ\u00e2ncia dos princ\u00edpios da legalidade, impessoalidade e interesse p\u00fablico.<\/p>\n<p style=\"text-align: justify\">A presente convoca\u00e7\u00e3o emergencial pauta-se nos princ\u00edpios da continuidade do servi\u00e7o p\u00fablico e da supremacia do interesse p\u00fablico, e ser\u00e1 adotada exclusivamente nos casos em que n\u00e3o houver mais candidatos habilitados no banco vigente, conforme previsto no edital e na legisla\u00e7\u00e3o pertinente.<\/p>\n<p style=\"text-align: center\">SEDUC\/GO<\/p>\n<h2 align=\"center\"><strong style=\"color: revert;font-size: revert\">COMUNICADO<\/strong><\/h2>\n<p style=\"text-align: center\"><strong>PARA CONTRATA\u00c7\u00c3O TEMPOR\u00c1RIA<\/strong><\/p>\n<pre style=\"text-align: center\">Publica\u00e7\u00e3o: 10\/03\/2026 \nEncerramento: 12\/03\/2026 \u00e0s 18h\n<\/pre>\n<p style=\"text-align: justify\">O Governo do Estado de Goi\u00e1s, por interm\u00e9dio da Secretaria de Estado da Educa\u00e7\u00e3o, informa que, embora esteja vigente o Processo Seletivo Simplificado regido pelo Edital n\u00ba 020\/2024 \u2013 destinado \u00e0 composi\u00e7\u00e3o de banco de habilitados para contrata\u00e7\u00e3o tempor\u00e1ria de professores \u2013, no \u00e2mbito do <strong>munic\u00edpio de LUZI\u00c2NIA<\/strong>, jurisdicionado \u00e0 Coordena\u00e7\u00e3o Regional de Educa\u00e7\u00e3o de <strong>LUZIANIA<\/strong>, o referido banco encontra-se esgotado para a fun\u00e7\u00e3o de <strong>Professor de L\u00edngua Portuguesa, 30 aulas (37 horas) semanais, no turno Matutino\/Vespertino.<\/strong><\/p>\n<p style=\"text-align: justify\">Diante da inexist\u00eancia de candidatos habilitados dispon\u00edveis para convoca\u00e7\u00e3o, e considerando a exist\u00eancia de d\u00e9ficit de profissional docente, justificado pelo art. 208 da Lei n\u00ba 13.909\/2001, a Secretaria de Estado da Educa\u00e7\u00e3o deliberou pela ado\u00e7\u00e3o de procedimento emergencial de sele\u00e7\u00e3o curricular, com o objetivo de realizar contrata\u00e7\u00e3o por tempo determinado, de natureza excepcional e urgente, nos termos da Lei Estadual n\u00ba 20.918\/2020.<\/p>\n<p style=\"text-align: justify\">Nesse sentido, a Coordena\u00e7\u00e3o Regional de Educa\u00e7\u00e3o de <strong>LUZIANIA<\/strong> est\u00e1 recebendo curr\u00edculos, exclusivamente por e-mail, para fins de sele\u00e7\u00e3o e contrata\u00e7\u00e3o tempor\u00e1ria de 01 (um) professor de <strong>L\u00edngua Portuguesa<\/strong>, no(a) <strong>COL\u00c9GIO ESTADUAL PROFESSOR JOSU\u00c9 MEIRELLES<\/strong>. A presente medida visa evitar a interrup\u00e7\u00e3o das atividades escolares e garantir a continuidade do processo de ensino e aprendizagem, resguardando o direito constitucional \u00e0 educa\u00e7\u00e3o dos estudantes da Rede Estadual de Ensino.<\/p>\n<p style=\"text-align: justify\">Os interessados devem encaminhar curr\u00edculo atualizado ao endere\u00e7o eletr\u00f4nico oficial da Assessoria Financeira da CRE de <strong>LUZIANIA afin.luziania@seduc.go.gov.br<\/strong>, informando contatos telef\u00f4nicos e endere\u00e7o de e-mail para retorno.<\/p>\n<p style=\"text-align: justify\">Para a an\u00e1lise dos curr\u00edculos, ser\u00e1 constitu\u00edda comiss\u00e3o espec\u00edfica no \u00e2mbito da Coordena\u00e7\u00e3o Regional de Educa\u00e7\u00e3o de <strong>LUZIANIA<\/strong>, composta por membros desta unidade administrativa, a qual adotar\u00e1 crit\u00e9rios objetivos e ison\u00f4micos na sele\u00e7\u00e3o dos profissionais, assegurando a observ\u00e2ncia dos princ\u00edpios da legalidade, impessoalidade e interesse p\u00fablico.<\/p>\n<p style=\"text-align: justify\">A presente convoca\u00e7\u00e3o emergencial pauta-se nos princ\u00edpios da continuidade do servi\u00e7o p\u00fablico e da supremacia do interesse p\u00fablico, e ser\u00e1 adotada exclusivamente nos casos em que n\u00e3o houver mais candidatos habilitados no banco vigente, conforme previsto no edital e na legisla\u00e7\u00e3o pertinente.<\/p>\n<p style=\"text-align: center\">SEDUC\/GO<\/p>\n<h2 align=\"center\"><strong style=\"color: revert;font-size: revert\">COMUNICADO<\/strong><\/h2>\n<p style=\"text-align: center\"><strong>PARA CONTRATA\u00c7\u00c3O TEMPOR\u00c1RIA<\/strong><\/p>\n<pre style=\"text-align: center\">Publica\u00e7\u00e3o: 10\/03\/2026 \nEncerramento: 12\/03\/2026 \u00e0s 18h\n<\/pre>\n<p style=\"text-align: justify\">O Governo do Estado de Goi\u00e1s, por interm\u00e9dio da Secretaria de Estado da Educa\u00e7\u00e3o, informa que, embora esteja vigente o Processo Seletivo Simplificado regido pelo Edital n\u00ba 020\/2024 \u2013 destinado \u00e0 composi\u00e7\u00e3o de banco de habilitados para contrata\u00e7\u00e3o tempor\u00e1ria de professores \u2013, no \u00e2mbito do <strong>munic\u00edpio de LUZI\u00c2NIA<\/strong>, jurisdicionado \u00e0 Coordena\u00e7\u00e3o Regional de Educa\u00e7\u00e3o de <strong>LUZIANIA<\/strong>, o referido banco encontra-se esgotado para a fun\u00e7\u00e3o de <strong>Professor de L\u00edngua Portuguesa, 30 aulas (37 horas) semanais, no turno Matutino\/Vespertino.<\/strong><\/p>\n<p style=\"text-align: justify\">Diante da inexist\u00eancia de candidatos habilitados dispon\u00edveis para convoca\u00e7\u00e3o, e considerando a exist\u00eancia de d\u00e9ficit de profissional docente, justificado pelo art. 208 da Lei n\u00ba 13.909\/2001, a Secretaria de Estado da Educa\u00e7\u00e3o deliberou pela ado\u00e7\u00e3o de procedimento emergencial de sele\u00e7\u00e3o curricular, com o objetivo de realizar contrata\u00e7\u00e3o por tempo determinado, de natureza excepcional e urgente, nos termos da Lei Estadual n\u00ba 20.918\/2020.<\/p>\n<p style=\"text-align: justify\">Nesse sentido, a Coordena\u00e7\u00e3o Regional de Educa\u00e7\u00e3o de <strong>LUZIANIA<\/strong> est\u00e1 recebendo curr\u00edculos, exclusivamente por e-mail, para fins de sele\u00e7\u00e3o e contrata\u00e7\u00e3o tempor\u00e1ria de 01 (um) professor de <strong>L\u00edngua Portuguesa<\/strong>, no(a) <strong>COL\u00c9GIO ESTADUAL EM PER\u00cdODO INTEGRAL H\u00c9LIO RODRIGUES DE QUEIROZ<\/strong>. A presente medida visa evitar a interrup\u00e7\u00e3o das atividades escolares e garantir a continuidade do processo de ensino e aprendizagem, resguardando o direito constitucional \u00e0 educa\u00e7\u00e3o dos estudantes da Rede Estadual de Ensino.<\/p>\n<p style=\"text-align: justify\">Os interessados devem encaminhar curr\u00edculo atualizado ao endere\u00e7o eletr\u00f4nico oficial da Assessoria Financeira da CRE de <strong>LUZIANIA afin.luziania@seduc.go.gov.br<\/strong>, informando contatos telef\u00f4nicos e endere\u00e7o de e-mail para retorno.<\/p>\n<p style=\"text-align: justify\">Para a an\u00e1lise dos curr\u00edculos, ser\u00e1 constitu\u00edda comiss\u00e3o espec\u00edfica no \u00e2mbito da Coordena\u00e7\u00e3o Regional de Educa\u00e7\u00e3o de <strong>LUZIANIA<\/strong>, composta por membros desta unidade administrativa, a qual adotar\u00e1 crit\u00e9rios objetivos e ison\u00f4micos na sele\u00e7\u00e3o dos profissionais, assegurando a observ\u00e2ncia dos princ\u00edpios da legalidade, impessoalidade e interesse p\u00fablico.<\/p>\n<p style=\"text-align: justify\">A presente convoca\u00e7\u00e3o emergencial pauta-se nos princ\u00edpios da continuidade do servi\u00e7o p\u00fablico e da supremacia do interesse p\u00fablico, e ser\u00e1 adotada exclusivamente nos casos em que n\u00e3o houver mais candidatos habilitados no banco vigente, conforme previsto no edital e na legisla\u00e7\u00e3o pertinente.<\/p>\n<p style=\"text-align: center\">SEDUC\/GO<\/p>\n<h2 align=\"center\"><strong style=\"color: revert;font-size: revert\">COMUNICADO<\/strong><\/h2>\n<p style=\"text-align: center\"><strong>PARA CONTRATA\u00c7\u00c3O TEMPOR\u00c1RIA<\/strong><\/p>\n<pre style=\"text-align: center\">Publica\u00e7\u00e3o: 10\/03\/2026 \nEncerramento: 12\/03\/2026 \u00e0s 18h\n<\/pre>\n<p style=\"text-align: justify\">O Governo do Estado de Goi\u00e1s, por interm\u00e9dio da Secretaria de Estado da Educa\u00e7\u00e3o, informa que, embora esteja vigente o Processo Seletivo Simplificado regido pelo Edital n\u00ba 020\/2024 \u2013 destinado \u00e0 composi\u00e7\u00e3o de banco de habilitados para contrata\u00e7\u00e3o tempor\u00e1ria de professores \u2013, no \u00e2mbito do <strong>munic\u00edpio de LUZI\u00c2NIA<\/strong>, jurisdicionado \u00e0 Coordena\u00e7\u00e3o Regional de Educa\u00e7\u00e3o de <strong>LUZIANIA<\/strong>, o referido banco encontra-se esgotado para a fun\u00e7\u00e3o de <strong>Professor de L\u00edngua Inglesa, 23 aulas (28 horas) semanais, no turno Noturno.<\/strong><\/p>\n<p style=\"text-align: justify\">Diante da inexist\u00eancia de candidatos habilitados dispon\u00edveis para convoca\u00e7\u00e3o, e considerando a exist\u00eancia de d\u00e9ficit de profissional docente, justificado pelo art. 208 da Lei n\u00ba 13.909\/2001, a Secretaria de Estado da Educa\u00e7\u00e3o deliberou pela ado\u00e7\u00e3o de procedimento emergencial de sele\u00e7\u00e3o curricular, com o objetivo de realizar contrata\u00e7\u00e3o por tempo determinado, de natureza excepcional e urgente, nos termos da Lei Estadual n\u00ba 20.918\/2020.<\/p>\n<p style=\"text-align: justify\">Nesse sentido, a Coordena\u00e7\u00e3o Regional de Educa\u00e7\u00e3o de <strong>LUZIANIA<\/strong> est\u00e1 recebendo curr\u00edculos, exclusivamente por e-mail, para fins de sele\u00e7\u00e3o e contrata\u00e7\u00e3o tempor\u00e1ria de 01 (um) professor de <strong>L\u00edngua Inglesa<\/strong>, no(a) <strong>COL\u00c9GIO ESTADUAL PROFESSORA MARIA PEREIRA VASCONCELOS<\/strong>. A presente medida visa evitar a interrup\u00e7\u00e3o das atividades escolares e garantir a continuidade do processo de ensino e aprendizagem, resguardando o direito constitucional \u00e0 educa\u00e7\u00e3o dos estudantes da Rede Estadual de Ensino.<\/p>\n<p style=\"text-align: justify\">Os interessados devem encaminhar curr\u00edculo atualizado ao endere\u00e7o eletr\u00f4nico oficial da Assessoria Financeira da CRE de <strong>LUZIANIA afin.luziania@seduc.go.gov.br<\/strong>, informando contatos telef\u00f4nicos e endere\u00e7o de e-mail para retorno.<\/p>\n<p style=\"text-align: justify\">Para a an\u00e1lise dos curr\u00edculos, ser\u00e1 constitu\u00edda comiss\u00e3o espec\u00edfica no \u00e2mbito da Coordena\u00e7\u00e3o Regional de Educa\u00e7\u00e3o de <strong>LUZIANIA<\/strong>, composta por membros desta unidade administrativa, a qual adotar\u00e1 crit\u00e9rios objetivos e ison\u00f4micos na sele\u00e7\u00e3o dos profissionais, assegurando a observ\u00e2ncia dos princ\u00edpios da legalidade, impessoalidade e interesse p\u00fablico.<\/p>\n<p style=\"text-align: justify\">A presente convoca\u00e7\u00e3o emergencial pauta-se nos princ\u00edpios da continuidade do servi\u00e7o p\u00fablico e da supremacia do interesse p\u00fablico, e ser\u00e1 adotada exclusivamente nos casos em que n\u00e3o houver mais candidatos habilitados no banco vigente, conforme previsto no edital e na legisla\u00e7\u00e3o pertinente.<\/p>\n<p style=\"text-align: center\">SEDUC\/GO<\/p>\n<h2 align=\"center\"><strong style=\"color: revert;font-size: revert\">COMUNICADO<\/strong><\/h2>\n<p style=\"text-align: center\"><strong>PARA CONTRATA\u00c7\u00c3O TEMPOR\u00c1RIA<\/strong><\/p>\n<pre style=\"text-align: center\">Publica\u00e7\u00e3o: 10\/03\/2026 \nEncerramento: 12\/03\/2026 \u00e0s 18h\n<\/pre>\n<p style=\"text-align: justify\">O Governo do Estado de Goi\u00e1s, por interm\u00e9dio da Secretaria de Estado da Educa\u00e7\u00e3o, informa que, embora esteja vigente o Processo Seletivo Simplificado regido pelo Edital n\u00ba 020\/2024 \u2013 destinado \u00e0 composi\u00e7\u00e3o de banco de habilitados para contrata\u00e7\u00e3o tempor\u00e1ria de professores \u2013, no \u00e2mbito do <strong>munic\u00edpio de LUZI\u00c2NIA<\/strong>, jurisdicionado \u00e0 Coordena\u00e7\u00e3o Regional de Educa\u00e7\u00e3o de <strong>LUZIANIA<\/strong>, o referido banco encontra-se esgotado para a fun\u00e7\u00e3o de <strong>Professor de Hist\u00f3ria, 30 aulas (37 horas) semanais, no turno Matutino\/Vespertino.<\/strong><\/p>\n<p style=\"text-align: justify\">Diante da inexist\u00eancia de candidatos habilitados dispon\u00edveis para convoca\u00e7\u00e3o, e considerando a exist\u00eancia de d\u00e9ficit de profissional docente, justificado pelo art. 208 da Lei n\u00ba 13.909\/2001, a Secretaria de Estado da Educa\u00e7\u00e3o deliberou pela ado\u00e7\u00e3o de procedimento emergencial de sele\u00e7\u00e3o curricular, com o objetivo de realizar contrata\u00e7\u00e3o por tempo determinado, de natureza excepcional e urgente, nos termos da Lei Estadual n\u00ba 20.918\/2020.<\/p>\n<p style=\"text-align: justify\">Nesse sentido, a Coordena\u00e7\u00e3o Regional de Educa\u00e7\u00e3o de <strong>LUZIANIA<\/strong> est\u00e1 recebendo curr\u00edculos, exclusivamente por e-mail, para fins de sele\u00e7\u00e3o e contrata\u00e7\u00e3o tempor\u00e1ria de 01 (um) professor de <strong>Hist\u00f3ria<\/strong>, no(a) <strong>COL\u00c9GIO ESTADUAL PROFESSORA LOURDES DE OLIVEIRA SAMPAIO<\/strong>. A presente medida visa evitar a interrup\u00e7\u00e3o das atividades escolares e garantir a continuidade do processo de ensino e aprendizagem, resguardando o direito constitucional \u00e0 educa\u00e7\u00e3o dos estudantes da Rede Estadual de Ensino.<\/p>\n<p style=\"text-align: justify\">Os interessados devem encaminhar curr\u00edculo atualizado ao endere\u00e7o eletr\u00f4nico oficial da Assessoria Financeira da CRE de <strong>LUZIANIA afin.luziania@seduc.go.gov.br<\/strong>, informando contatos telef\u00f4nicos e endere\u00e7o de e-mail para retorno.<\/p>\n<p style=\"text-align: justify\">Para a an\u00e1lise dos curr\u00edculos, ser\u00e1 constitu\u00edda comiss\u00e3o espec\u00edfica no \u00e2mbito da Coordena\u00e7\u00e3o Regional de Educa\u00e7\u00e3o de <strong>LUZIANIA<\/strong>, composta por membros desta unidade administrativa, a qual adotar\u00e1 crit\u00e9rios objetivos e ison\u00f4micos na sele\u00e7\u00e3o dos profissionais, assegurando a observ\u00e2ncia dos princ\u00edpios da legalidade, impessoalidade e interesse p\u00fablico.<\/p>\n<p style=\"text-align: justify\">A presente convoca\u00e7\u00e3o emergencial pauta-se nos princ\u00edpios da continuidade do servi\u00e7o p\u00fablico e da supremacia do interesse p\u00fablico, e ser\u00e1 adotada exclusivamente nos casos em que n\u00e3o houver mais candidatos habilitados no banco vigente, conforme previsto no edital e na legisla\u00e7\u00e3o pertinente.<\/p>\n<p style=\"text-align: center\">SEDUC\/GO<\/p>\n<h2 align=\"center\"><strong style=\"color: revert;font-size: revert\">COMUNICADO<\/strong><\/h2>\n<p style=\"text-align: center\"><strong>PARA CONTRATA\u00c7\u00c3O TEMPOR\u00c1RIA<\/strong><\/p>\n<pre style=\"text-align: center\">Publica\u00e7\u00e3o: 10\/03\/2026 \nEncerramento: 12\/03\/2026 \u00e0s 18h\n<\/pre>\n<p style=\"text-align: justify\">O Governo do Estado de Goi\u00e1s, por interm\u00e9dio da Secretaria de Estado da Educa\u00e7\u00e3o, informa que, embora esteja vigente o Processo Seletivo Simplificado regido pelo Edital n\u00ba 020\/2024 \u2013 destinado \u00e0 composi\u00e7\u00e3o de banco de habilitados para contrata\u00e7\u00e3o tempor\u00e1ria de professores \u2013, no \u00e2mbito do <strong>munic\u00edpio de LUZI\u00c2NIA<\/strong>, jurisdicionado \u00e0 Coordena\u00e7\u00e3o Regional de Educa\u00e7\u00e3o de <strong>LUZIANIA<\/strong>, o referido banco encontra-se esgotado para a fun\u00e7\u00e3o de <strong>Professor de Pedagogia, 30 aulas (37 horas) semanais, no turno Matutino\/Vespertino.<\/strong><\/p>\n<p style=\"text-align: justify\">Diante da inexist\u00eancia de candidatos habilitados dispon\u00edveis para convoca\u00e7\u00e3o, e considerando a exist\u00eancia de d\u00e9ficit de profissional docente, justificado pelo art. 208 da Lei n\u00ba 13.909\/2001, a Secretaria de Estado da Educa\u00e7\u00e3o deliberou pela ado\u00e7\u00e3o de procedimento emergencial de sele\u00e7\u00e3o curricular, com o objetivo de realizar contrata\u00e7\u00e3o por tempo determinado, de natureza excepcional e urgente, nos termos da Lei Estadual n\u00ba 20.918\/2020.<\/p>\n<p style=\"text-align: justify\">Nesse sentido, a Coordena\u00e7\u00e3o Regional de Educa\u00e7\u00e3o de <strong>LUZIANIA<\/strong> est\u00e1 recebendo curr\u00edculos, exclusivamente por e-mail, para fins de sele\u00e7\u00e3o e contrata\u00e7\u00e3o tempor\u00e1ria de 01 (um) professor de <strong>Pedagogia<\/strong>, no(a) <strong>COL\u00c9GIO ESTADUAL POSTO IP\u00ca<\/strong>. A presente medida visa evitar a interrup\u00e7\u00e3o das atividades escolares e garantir a continuidade do processo de ensino e aprendizagem, resguardando o direito constitucional \u00e0 educa\u00e7\u00e3o dos estudantes da Rede Estadual de Ensino.<\/p>\n<p style=\"text-align: justify\">Os interessados devem encaminhar curr\u00edculo atualizado ao endere\u00e7o eletr\u00f4nico oficial da Assessoria Financeira da CRE de <strong>LUZIANIA afin.luziania@seduc.go.gov.br<\/strong>, informando contatos telef\u00f4nicos e endere\u00e7o de e-mail para retorno.<\/p>\n<p style=\"text-align: justify\">Para a an\u00e1lise dos curr\u00edculos, ser\u00e1 constitu\u00edda comiss\u00e3o espec\u00edfica no \u00e2mbito da Coordena\u00e7\u00e3o Regional de Educa\u00e7\u00e3o de <strong>LUZIANIA<\/strong>, composta por membros desta unidade administrativa, a qual adotar\u00e1 crit\u00e9rios objetivos e ison\u00f4micos na sele\u00e7\u00e3o dos profissionais, assegurando a observ\u00e2ncia dos princ\u00edpios da legalidade, impessoalidade e interesse p\u00fablico.<\/p>\n<p style=\"text-align: justify\">A presente convoca\u00e7\u00e3o emergencial pauta-se nos princ\u00edpios da continuidade do servi\u00e7o p\u00fablico e da supremacia do interesse p\u00fablico, e ser\u00e1 adotada exclusivamente nos casos em que n\u00e3o houver mais candidatos habilitados no banco vigente, conforme previsto no edital e na legisla\u00e7\u00e3o pertinente.<\/p>\n<p style=\"text-align: center\">SEDUC\/GO<\/p>\n<h2 align=\"center\"><strong style=\"color: revert;font-size: revert\">COMUNICADO<\/strong><\/h2>\n<p style=\"text-align: center\"><strong>PARA CONTRATA\u00c7\u00c3O TEMPOR\u00c1RIA<\/strong><\/p>\n<pre style=\"text-align: center\">Publica\u00e7\u00e3o: 09\/03\/2026 \nEncerramento: 11\/03\/2026 \u00e0s 18h\n<\/pre>\n<p style=\"text-align: justify\">O Governo do Estado de Goi\u00e1s, por interm\u00e9dio da Secretaria de Estado da Educa\u00e7\u00e3o, informa que, embora esteja vigente o Processo Seletivo Simplificado regido pelo Edital n\u00ba 020\/2024 \u2013 destinado \u00e0 composi\u00e7\u00e3o de banco de habilitados para contrata\u00e7\u00e3o tempor\u00e1ria de professores \u2013, no \u00e2mbito do <strong>munic\u00edpio de LUZI\u00c2NIA<\/strong>, jurisdicionado \u00e0 Coordena\u00e7\u00e3o Regional de Educa\u00e7\u00e3o de <strong>LUZIANIA<\/strong>, o referido banco encontra-se esgotado para a fun\u00e7\u00e3o de <strong>Professor de Geografia, 30 aulas (37 horas) semanais, no turno Matutino\/Vespertino.<\/strong><\/p>\n<p style=\"text-align: justify\">Diante da inexist\u00eancia de candidatos habilitados dispon\u00edveis para convoca\u00e7\u00e3o, e considerando a exist\u00eancia de d\u00e9ficit de profissional docente, justificado pelo art. 208 da Lei n\u00ba 13.909\/2001, a Secretaria de Estado da Educa\u00e7\u00e3o deliberou pela ado\u00e7\u00e3o de procedimento emergencial de sele\u00e7\u00e3o curricular, com o objetivo de realizar contrata\u00e7\u00e3o por tempo determinado, de natureza excepcional e urgente, nos termos da Lei Estadual n\u00ba 20.918\/2020.<\/p>\n<p style=\"text-align: justify\">Nesse sentido, a Coordena\u00e7\u00e3o Regional de Educa\u00e7\u00e3o de <strong>LUZIANIA<\/strong> est\u00e1 recebendo curr\u00edculos, exclusivamente por e-mail, para fins de sele\u00e7\u00e3o e contrata\u00e7\u00e3o tempor\u00e1ria de 01 (um) professor de <strong>Geografia<\/strong>, no(a) <strong>COL\u00c9GIO ESTADUAL EPAMINONDAS RORIZ<\/strong>. A presente medida visa evitar a interrup\u00e7\u00e3o das atividades escolares e garantir a continuidade do processo de ensino e aprendizagem, resguardando o direito constitucional \u00e0 educa\u00e7\u00e3o dos estudantes da Rede Estadual de Ensino.<\/p>\n<p style=\"text-align: justify\">Os interessados devem encaminhar curr\u00edculo atualizado ao endere\u00e7o eletr\u00f4nico oficial da Assessoria Financeira da CRE de <strong>LUZIANIA afin.luziania@seduc.go.gov.br<\/strong>, informando contatos telef\u00f4nicos e endere\u00e7o de e-mail para retorno.<\/p>\n<p style=\"text-align: justify\">Para a an\u00e1lise dos curr\u00edculos, ser\u00e1 constitu\u00edda comiss\u00e3o espec\u00edfica no \u00e2mbito da Coordena\u00e7\u00e3o Regional de Educa\u00e7\u00e3o de <strong>LUZIANIA<\/strong>, composta por membros desta unidade administrativa, a qual adotar\u00e1 crit\u00e9rios objetivos e ison\u00f4micos na sele\u00e7\u00e3o dos profissionais, assegurando a observ\u00e2ncia dos princ\u00edpios da legalidade, impessoalidade e interesse p\u00fablico.<\/p>\n<p style=\"text-align: justify\">A presente convoca\u00e7\u00e3o emergencial pauta-se nos princ\u00edpios da continuidade do servi\u00e7o p\u00fablico e da supremacia do interesse p\u00fablico, e ser\u00e1 adotada exclusivamente nos casos em que n\u00e3o houver mais candidatos habilitados no banco vigente, conforme previsto no edital e na legisla\u00e7\u00e3o pertinente.<\/p>\n<p style=\"text-align: center\">SEDUC\/GO<\/p>\n<h2 align=\"center\"><strong style=\"color: revert;font-size: revert\">COMUNICADO<\/strong><\/h2>\n<p style=\"text-align: center\"><strong>PARA CONTRATA\u00c7\u00c3O TEMPOR\u00c1RIA<\/strong><\/p>\n<pre style=\"text-align: center\">Publica\u00e7\u00e3o: 09\/03\/2026 \nEncerramento: 11\/03\/2026 \u00e0s 18h\n<\/pre>\n<p style=\"text-align: justify\">O Governo do Estado de Goi\u00e1s, por interm\u00e9dio da Secretaria de Estado da Educa\u00e7\u00e3o, informa que, embora esteja vigente o Processo Seletivo Simplificado regido pelo Edital n\u00ba 020\/2024 \u2013 destinado \u00e0 composi\u00e7\u00e3o de banco de habilitados para contrata\u00e7\u00e3o tempor\u00e1ria de professores \u2013, no \u00e2mbito do <strong>munic\u00edpio de LUZI\u00c2NIA<\/strong>, jurisdicionado \u00e0 Coordena\u00e7\u00e3o Regional de Educa\u00e7\u00e3o de <strong>LUZIANIA<\/strong>, o referido banco encontra-se esgotado para a fun\u00e7\u00e3o de <strong>Professor de Hist\u00f3ria, 30 aulas (37 horas) semanais, no turno Matutino\/Vespertino.<\/strong><\/p>\n<p style=\"text-align: justify\">Diante da inexist\u00eancia de candidatos habilitados dispon\u00edveis para convoca\u00e7\u00e3o, e considerando a exist\u00eancia de d\u00e9ficit de profissional docente, justificado pelo art. 208 da Lei n\u00ba 13.909\/2001, a Secretaria de Estado da Educa\u00e7\u00e3o deliberou pela ado\u00e7\u00e3o de procedimento emergencial de sele\u00e7\u00e3o curricular, com o objetivo de realizar contrata\u00e7\u00e3o por tempo determinado, de natureza excepcional e urgente, nos termos da Lei Estadual n\u00ba 20.918\/2020.<\/p>\n<p style=\"text-align: justify\">Nesse sentido, a Coordena\u00e7\u00e3o Regional de Educa\u00e7\u00e3o de <strong>LUZIANIA<\/strong> est\u00e1 recebendo curr\u00edculos, exclusivamente por e-mail, para fins de sele\u00e7\u00e3o e contrata\u00e7\u00e3o tempor\u00e1ria de 01 (um) professor de <strong>Hist\u00f3ria<\/strong>, no(a) <strong>COL\u00c9GIO ESTADUAL EM PER\u00cdODO INTEGRAL H\u00c9LIO RODRIGUES DE QUEIROZ<\/strong>. A presente medida visa evitar a interrup\u00e7\u00e3o das atividades escolares e garantir a continuidade do processo de ensino e aprendizagem, resguardando o direito constitucional \u00e0 educa\u00e7\u00e3o dos estudantes da Rede Estadual de Ensino.<\/p>\n<p style=\"text-align: justify\">Os interessados devem encaminhar curr\u00edculo atualizado ao endere\u00e7o eletr\u00f4nico oficial da Assessoria Financeira da CRE de <strong>LUZIANIA afin.luziania@seduc.go.gov.br<\/strong>, informando contatos telef\u00f4nicos e endere\u00e7o de e-mail para retorno.<\/p>\n<p style=\"text-align: justify\">Para a an\u00e1lise dos curr\u00edculos, ser\u00e1 constitu\u00edda comiss\u00e3o espec\u00edfica no \u00e2mbito da Coordena\u00e7\u00e3o Regional de Educa\u00e7\u00e3o de <strong>LUZIANIA<\/strong>, composta por membros desta unidade administrativa, a qual adotar\u00e1 crit\u00e9rios objetivos e ison\u00f4micos na sele\u00e7\u00e3o dos profissionais, assegurando a observ\u00e2ncia dos princ\u00edpios da legalidade, impessoalidade e interesse p\u00fablico.<\/p>\n<p style=\"text-align: justify\">A presente convoca\u00e7\u00e3o emergencial pauta-se nos princ\u00edpios da continuidade do servi\u00e7o p\u00fablico e da supremacia do interesse p\u00fablico, e ser\u00e1 adotada exclusivamente nos casos em que n\u00e3o houver mais candidatos habilitados no banco vigente, conforme previsto no edital e na legisla\u00e7\u00e3o pertinente.<\/p>\n<p style=\"text-align: center\">SEDUC\/GO<\/p>\n<h2 align=\"center\"><strong style=\"color: revert;font-size: revert\">COMUNICADO<\/strong><\/h2>\n<p style=\"text-align: center\"><strong>PARA CONTRATA\u00c7\u00c3O TEMPOR\u00c1RIA<\/strong><\/p>\n<pre style=\"text-align: center\">Publica\u00e7\u00e3o: 09\/03\/2026 \nEncerramento: 11\/03\/2026 \u00e0s 18h\n<\/pre>\n<p style=\"text-align: justify\">O Governo do Estado de Goi\u00e1s, por interm\u00e9dio da Secretaria de Estado da Educa\u00e7\u00e3o, informa que, embora esteja vigente o Processo Seletivo Simplificado regido pelo Edital n\u00ba 020\/2024 \u2013 destinado \u00e0 composi\u00e7\u00e3o de banco de habilitados para contrata\u00e7\u00e3o tempor\u00e1ria de professores \u2013, no \u00e2mbito do <strong>munic\u00edpio de LUZI\u00c2NIA<\/strong>, jurisdicionado \u00e0 Coordena\u00e7\u00e3o Regional de Educa\u00e7\u00e3o de <strong>LUZIANIA<\/strong>, o referido banco encontra-se esgotado para a fun\u00e7\u00e3o de <strong>Professor de Ci\u00eancias\/Biologia, 30 aulas (37 horas) semanais, no turno Matutino\/Vespertino.<\/strong><\/p>\n<p style=\"text-align: justify\">Diante da inexist\u00eancia de candidatos habilitados dispon\u00edveis para convoca\u00e7\u00e3o, e considerando a exist\u00eancia de d\u00e9ficit de profissional docente, justificado pelo art. 208 da Lei n\u00ba 13.909\/2001, a Secretaria de Estado da Educa\u00e7\u00e3o deliberou pela ado\u00e7\u00e3o de procedimento emergencial de sele\u00e7\u00e3o curricular, com o objetivo de realizar contrata\u00e7\u00e3o por tempo determinado, de natureza excepcional e urgente, nos termos da Lei Estadual n\u00ba 20.918\/2020.<\/p>\n<p style=\"text-align: justify\">Nesse sentido, a Coordena\u00e7\u00e3o Regional de Educa\u00e7\u00e3o de <strong>LUZIANIA<\/strong> est\u00e1 recebendo curr\u00edculos, exclusivamente por e-mail, para fins de sele\u00e7\u00e3o e contrata\u00e7\u00e3o tempor\u00e1ria de 01 (um) professor de <strong>Ci\u00eancias\/Biologia<\/strong>, no(a) <strong>COL\u00c9GIO ESTADUAL VASCO DOS REIS GON\u00c7ALVES<\/strong>. A presente medida visa evitar a interrup\u00e7\u00e3o das atividades escolares e garantir a continuidade do processo de ensino e aprendizagem, resguardando o direito constitucional \u00e0 educa\u00e7\u00e3o dos estudantes da Rede Estadual de Ensino.<\/p>\n<p style=\"text-align: justify\">Os interessados devem encaminhar curr\u00edculo atualizado ao endere\u00e7o eletr\u00f4nico oficial da Assessoria Financeira da CRE de <strong>LUZIANIA afin.luziania@seduc.go.gov.br<\/strong>, informando contatos telef\u00f4nicos e endere\u00e7o de e-mail para retorno.<\/p>\n<p style=\"text-align: justify\">Para a an\u00e1lise dos curr\u00edculos, ser\u00e1 constitu\u00edda comiss\u00e3o espec\u00edfica no \u00e2mbito da Coordena\u00e7\u00e3o Regional de Educa\u00e7\u00e3o de <strong>LUZIANIA<\/strong>, composta por membros desta unidade administrativa, a qual adotar\u00e1 crit\u00e9rios objetivos e ison\u00f4micos na sele\u00e7\u00e3o dos profissionais, assegurando a observ\u00e2ncia dos princ\u00edpios da legalidade, impessoalidade e interesse p\u00fablico.<\/p>\n<p style=\"text-align: justify\">A presente convoca\u00e7\u00e3o emergencial pauta-se nos princ\u00edpios da continuidade do servi\u00e7o p\u00fablico e da supremacia do interesse p\u00fablico, e ser\u00e1 adotada exclusivamente nos casos em que n\u00e3o houver mais candidatos habilitados no banco vigente, conforme previsto no edital e na legisla\u00e7\u00e3o pertinente.<\/p>\n<p style=\"text-align: center\">SEDUC\/GO<\/p>\n<h2 align=\"center\"><strong style=\"color: revert;font-size: revert\">COMUNICADO<\/strong><\/h2>\n<p style=\"text-align: center\"><strong>PARA CONTRATA\u00c7\u00c3O TEMPOR\u00c1RIA<\/strong><\/p>\n<pre style=\"text-align: center\">Publica\u00e7\u00e3o: 05\/03\/2026 \nEncerramento: 09\/03\/2026 \u00e0s 18h\n<\/pre>\n<p style=\"text-align: justify\">O Governo do Estado de Goi\u00e1s, por interm\u00e9dio da Secretaria de Estado da Educa\u00e7\u00e3o, informa que, embora esteja vigente o Processo Seletivo Simplificado regido pelo Edital n\u00ba 020\/2024 \u2013 destinado \u00e0 composi\u00e7\u00e3o de banco de habilitados para contrata\u00e7\u00e3o tempor\u00e1ria de professores \u2013, no \u00e2mbito do <strong>munic\u00edpio de CRISTALINA<\/strong>, jurisdicionado \u00e0 Coordena\u00e7\u00e3o Regional de Educa\u00e7\u00e3o de <strong>LUZIANIA<\/strong>, o referido banco encontra-se esgotado para a fun\u00e7\u00e3o de <strong>Professor de L\u00edngua Portuguesa, 30 aulas (37 horas) semanais, no turno Matutino\/Vespertino.<\/strong><\/p>\n<p style=\"text-align: justify\">Diante da inexist\u00eancia de candidatos habilitados dispon\u00edveis para convoca\u00e7\u00e3o, e considerando a exist\u00eancia de d\u00e9ficit de profissional docente, justificado pelo art. 208 da Lei n\u00ba 13.909\/2001, a Secretaria de Estado da Educa\u00e7\u00e3o deliberou pela ado\u00e7\u00e3o de procedimento emergencial de sele\u00e7\u00e3o curricular, com o objetivo de realizar contrata\u00e7\u00e3o por tempo determinado, de natureza excepcional e urgente, nos termos da Lei Estadual n\u00ba 20.918\/2020.<\/p>\n<p style=\"text-align: justify\">Nesse sentido, a Coordena\u00e7\u00e3o Regional de Educa\u00e7\u00e3o de <strong>LUZIANIA<\/strong> est\u00e1 recebendo curr\u00edculos, exclusivamente por e-mail, para fins de sele\u00e7\u00e3o e contrata\u00e7\u00e3o tempor\u00e1ria de 01 (um) professor de <strong>L\u00edngua Portuguesa<\/strong>, no(a) <strong>COL\u00c9GIO ESTADUAL JOS\u00c9 DE GOI\u00c1S BRASIL<\/strong>. A presente medida visa evitar a interrup\u00e7\u00e3o das atividades escolares e garantir a continuidade do processo de ensino e aprendizagem, resguardando o direito constitucional \u00e0 educa\u00e7\u00e3o dos estudantes da Rede Estadual de Ensino.<\/p>\n<p style=\"text-align: justify\">Os interessados devem encaminhar curr\u00edculo atualizado ao endere\u00e7o eletr\u00f4nico oficial da Assessoria Financeira da CRE de <strong>LUZIANIA afin.luziania@seduc.go.gov.br<\/strong>, informando contatos telef\u00f4nicos e endere\u00e7o de e-mail para retorno.<\/p>\n<p style=\"text-align: justify\">Para a an\u00e1lise dos curr\u00edculos, ser\u00e1 constitu\u00edda comiss\u00e3o espec\u00edfica no \u00e2mbito da Coordena\u00e7\u00e3o Regional de Educa\u00e7\u00e3o de <strong>LUZIANIA<\/strong>, composta por membros desta unidade administrativa, a qual adotar\u00e1 crit\u00e9rios objetivos e ison\u00f4micos na sele\u00e7\u00e3o dos profissionais, assegurando a observ\u00e2ncia dos princ\u00edpios da legalidade, impessoalidade e interesse p\u00fablico.<\/p>\n<p style=\"text-align: justify\">A presente convoca\u00e7\u00e3o emergencial pauta-se nos princ\u00edpios da continuidade do servi\u00e7o p\u00fablico e da supremacia do interesse p\u00fablico, e ser\u00e1 adotada exclusivamente nos casos em que n\u00e3o houver mais candidatos habilitados no banco vigente, conforme previsto no edital e na legisla\u00e7\u00e3o pertinente.<\/p>\n<p style=\"text-align: center\">SEDUC\/GO<\/p>\n<h2 align=\"center\"><strong style=\"color: revert;font-size: revert\">COMUNICADO<\/strong><\/h2>\n<p style=\"text-align: center\"><strong>PARA CONTRATA\u00c7\u00c3O TEMPOR\u00c1RIA<\/strong><\/p>\n<pre style=\"text-align: center\">Publica\u00e7\u00e3o: 05\/03\/2026 \nEncerramento: 09\/03\/2026 \u00e0s 18h\n<\/pre>\n<p style=\"text-align: justify\">O Governo do Estado de Goi\u00e1s, por interm\u00e9dio da Secretaria de Estado da Educa\u00e7\u00e3o, informa que, embora esteja vigente o Processo Seletivo Simplificado regido pelo Edital n\u00ba 020\/2024 \u2013 destinado \u00e0 composi\u00e7\u00e3o de banco de habilitados para contrata\u00e7\u00e3o tempor\u00e1ria de professores \u2013, no \u00e2mbito do <strong>munic\u00edpio de LUZI\u00c2NIA<\/strong>, jurisdicionado \u00e0 Coordena\u00e7\u00e3o Regional de Educa\u00e7\u00e3o de <strong>LUZIANIA<\/strong>, o referido banco encontra-se esgotado para a fun\u00e7\u00e3o de <strong>Professor de Pedagogia, 30 aulas (37 horas) semanais, no turno Matutino\/Vespertino.<\/strong><\/p>\n<p style=\"text-align: justify\">Diante da inexist\u00eancia de candidatos habilitados dispon\u00edveis para convoca\u00e7\u00e3o, e considerando a exist\u00eancia de d\u00e9ficit de profissional docente, justificado pelo art. 208 da Lei n\u00ba 13.909\/2001, a Secretaria de Estado da Educa\u00e7\u00e3o deliberou pela ado\u00e7\u00e3o de procedimento emergencial de sele\u00e7\u00e3o curricular, com o objetivo de realizar contrata\u00e7\u00e3o por tempo determinado, de natureza excepcional e urgente, nos termos da Lei Estadual n\u00ba 20.918\/2020.<\/p>\n<p style=\"text-align: justify\">Nesse sentido, a Coordena\u00e7\u00e3o Regional de Educa\u00e7\u00e3o de <strong>LUZIANIA<\/strong> est\u00e1 recebendo curr\u00edculos, exclusivamente por e-mail, para fins de sele\u00e7\u00e3o e contrata\u00e7\u00e3o tempor\u00e1ria de 01 (um) professor de <strong>Pedagogia<\/strong>, no(a) <strong>COL\u00c9GIO ESTADUAL DELFINO OCL\u00c9CIO MACHADO<\/strong>. A presente medida visa evitar a interrup\u00e7\u00e3o das atividades escolares e garantir a continuidade do processo de ensino e aprendizagem, resguardando o direito constitucional \u00e0 educa\u00e7\u00e3o dos estudantes da Rede Estadual de Ensino.<\/p>\n<p style=\"text-align: justify\">Os interessados devem encaminhar curr\u00edculo atualizado ao endere\u00e7o eletr\u00f4nico oficial da Assessoria Financeira da CRE de <strong>LUZIANIA afin.luziania@seduc.go.gov.br<\/strong>, informando contatos telef\u00f4nicos e endere\u00e7o de e-mail para retorno.<\/p>\n<p style=\"text-align: justify\">Para a an\u00e1lise dos curr\u00edculos, ser\u00e1 constitu\u00edda comiss\u00e3o espec\u00edfica no \u00e2mbito da Coordena\u00e7\u00e3o Regional de Educa\u00e7\u00e3o de <strong>LUZIANIA<\/strong>, composta por membros desta unidade administrativa, a qual adotar\u00e1 crit\u00e9rios objetivos e ison\u00f4micos na sele\u00e7\u00e3o dos profissionais, assegurando a observ\u00e2ncia dos princ\u00edpios da legalidade, impessoalidade e interesse p\u00fablico.<\/p>\n<p style=\"text-align: justify\">A presente convoca\u00e7\u00e3o emergencial pauta-se nos princ\u00edpios da continuidade do servi\u00e7o p\u00fablico e da supremacia do interesse p\u00fablico, e ser\u00e1 adotada exclusivamente nos casos em que n\u00e3o houver mais candidatos habilitados no banco vigente, conforme previsto no edital e na legisla\u00e7\u00e3o pertinente.<\/p>\n<p style=\"text-align: center\">SEDUC\/GO<\/p>\n<h2 align=\"center\"><strong style=\"color: revert;font-size: revert\">COMUNICADO<\/strong><\/h2>\n<p style=\"text-align: center\"><strong>PARA CONTRATA\u00c7\u00c3O TEMPOR\u00c1RIA<\/strong><\/p>\n<pre style=\"text-align: center\">Publica\u00e7\u00e3o: 05\/03\/2026 \nEncerramento: 09\/03\/2026 \u00e0s 18h\n<\/pre>\n<p style=\"text-align: justify\">O Governo do Estado de Goi\u00e1s, por interm\u00e9dio da Secretaria de Estado da Educa\u00e7\u00e3o, informa que, embora esteja vigente o Processo Seletivo Simplificado regido pelo Edital n\u00ba 020\/2024 \u2013 destinado \u00e0 composi\u00e7\u00e3o de banco de habilitados para contrata\u00e7\u00e3o tempor\u00e1ria de professores \u2013, no \u00e2mbito do <strong>munic\u00edpio de LUZI\u00c2NIA<\/strong>, jurisdicionado \u00e0 Coordena\u00e7\u00e3o Regional de Educa\u00e7\u00e3o de <strong>LUZIANIA<\/strong>, o referido banco encontra-se esgotado para a fun\u00e7\u00e3o de <strong>Professor de Pedagogia, 30 aulas (37 horas) semanais, no turno Matutino\/Vespertino.<\/strong><\/p>\n<p style=\"text-align: justify\">Diante da inexist\u00eancia de candidatos habilitados dispon\u00edveis para convoca\u00e7\u00e3o, e considerando a exist\u00eancia de d\u00e9ficit de profissional docente, justificado pelo art. 208 da Lei n\u00ba 13.909\/2001, a Secretaria de Estado da Educa\u00e7\u00e3o deliberou pela ado\u00e7\u00e3o de procedimento emergencial de sele\u00e7\u00e3o curricular, com o objetivo de realizar contrata\u00e7\u00e3o por tempo determinado, de natureza excepcional e urgente, nos termos da Lei Estadual n\u00ba 20.918\/2020.<\/p>\n<p style=\"text-align: justify\">Nesse sentido, a Coordena\u00e7\u00e3o Regional de Educa\u00e7\u00e3o de <strong>LUZIANIA<\/strong> est\u00e1 recebendo curr\u00edculos, exclusivamente por e-mail, para fins de sele\u00e7\u00e3o e contrata\u00e7\u00e3o tempor\u00e1ria de 01 (um) professor de <strong>Pedagogia<\/strong>, no(a) <strong>COL\u00c9GIO ESTADUAL MINGONE<\/strong>. A presente medida visa evitar a interrup\u00e7\u00e3o das atividades escolares e garantir a continuidade do processo de ensino e aprendizagem, resguardando o direito constitucional \u00e0 educa\u00e7\u00e3o dos estudantes da Rede Estadual de Ensino.<\/p>\n<p style=\"text-align: justify\">Os interessados devem encaminhar curr\u00edculo atualizado ao endere\u00e7o eletr\u00f4nico oficial da Assessoria Financeira da CRE de <strong>LUZIANIA afin.luziania@seduc.go.gov.br<\/strong>, informando contatos telef\u00f4nicos e endere\u00e7o de e-mail para retorno.<\/p>\n<p style=\"text-align: justify\">Para a an\u00e1lise dos curr\u00edculos, ser\u00e1 constitu\u00edda comiss\u00e3o espec\u00edfica no \u00e2mbito da Coordena\u00e7\u00e3o Regional de Educa\u00e7\u00e3o de <strong>LUZIANIA<\/strong>, composta por membros desta unidade administrativa, a qual adotar\u00e1 crit\u00e9rios objetivos e ison\u00f4micos na sele\u00e7\u00e3o dos profissionais, assegurando a observ\u00e2ncia dos princ\u00edpios da legalidade, impessoalidade e interesse p\u00fablico.<\/p>\n<p style=\"text-align: justify\">A presente convoca\u00e7\u00e3o emergencial pauta-se nos princ\u00edpios da continuidade do servi\u00e7o p\u00fablico e da supremacia do interesse p\u00fablico, e ser\u00e1 adotada exclusivamente nos casos em que n\u00e3o houver mais candidatos habilitados no banco vigente, conforme previsto no edital e na legisla\u00e7\u00e3o pertinente.<\/p>\n<p style=\"text-align: center\">SEDUC\/GO<\/p>\n<h2 align=\"center\"><strong style=\"color: revert;font-size: revert\">COMUNICADO<\/strong><\/h2>\n<p style=\"text-align: center\"><strong>PARA CONTRATA\u00c7\u00c3O TEMPOR\u00c1RIA<\/strong><\/p>\n<pre style=\"text-align: center\">Publica\u00e7\u00e3o: 04\/03\/2026 \nEncerramento: 06\/03\/2026 \u00e0s 18h\n<\/pre>\n<p style=\"text-align: justify\">O Governo do Estado de Goi\u00e1s, por interm\u00e9dio da Secretaria de Estado da Educa\u00e7\u00e3o, informa que, embora esteja vigente o Processo Seletivo Simplificado regido pelo Edital n\u00ba 020\/2024 \u2013 destinado \u00e0 composi\u00e7\u00e3o de banco de habilitados para contrata\u00e7\u00e3o tempor\u00e1ria de professores \u2013, no \u00e2mbito do <strong>munic\u00edpio de CRISTALINA<\/strong>, jurisdicionado \u00e0 Coordena\u00e7\u00e3o Regional de Educa\u00e7\u00e3o de <strong>LUZIANIA<\/strong>, o referido banco encontra-se esgotado para a fun\u00e7\u00e3o de <strong>Professor de L\u00edngua Portuguesa, 30 aulas (37 horas) semanais, no turno Matutino\/Vespertino.<\/strong><\/p>\n<p style=\"text-align: justify\">Diante da inexist\u00eancia de candidatos habilitados dispon\u00edveis para convoca\u00e7\u00e3o, e considerando a exist\u00eancia de d\u00e9ficit de profissional docente, justificado pelo art. 208 da Lei n\u00ba 13.909\/2001, a Secretaria de Estado da Educa\u00e7\u00e3o deliberou pela ado\u00e7\u00e3o de procedimento emergencial de sele\u00e7\u00e3o curricular, com o objetivo de realizar contrata\u00e7\u00e3o por tempo determinado, de natureza excepcional e urgente, nos termos da Lei Estadual n\u00ba 20.918\/2020.<\/p>\n<p style=\"text-align: justify\">Nesse sentido, a Coordena\u00e7\u00e3o Regional de Educa\u00e7\u00e3o de <strong>LUZIANIA<\/strong> est\u00e1 recebendo curr\u00edculos, exclusivamente por e-mail, para fins de sele\u00e7\u00e3o e contrata\u00e7\u00e3o tempor\u00e1ria de 01 (um) professor de <strong>L\u00edngua Portuguesa<\/strong>, no(a) <strong>COL\u00c9GIO ESTADUAL ADELVINA FLORES RIBEIRO<\/strong>. A presente medida visa evitar a interrup\u00e7\u00e3o das atividades escolares e garantir a continuidade do processo de ensino e aprendizagem, resguardando o direito constitucional \u00e0 educa\u00e7\u00e3o dos estudantes da Rede Estadual de Ensino.<\/p>\n<p style=\"text-align: justify\">Os interessados devem encaminhar curr\u00edculo atualizado ao endere\u00e7o eletr\u00f4nico oficial da Assessoria Financeira da CRE de <strong>LUZIANIA afin.luziania@seduc.go.gov.br<\/strong>, informando contatos telef\u00f4nicos e endere\u00e7o de e-mail para retorno.<\/p>\n<p style=\"text-align: justify\">Para a an\u00e1lise dos curr\u00edculos, ser\u00e1 constitu\u00edda comiss\u00e3o espec\u00edfica no \u00e2mbito da Coordena\u00e7\u00e3o Regional de Educa\u00e7\u00e3o de <strong>LUZIANIA<\/strong>, composta por membros desta unidade administrativa, a qual adotar\u00e1 crit\u00e9rios objetivos e ison\u00f4micos na sele\u00e7\u00e3o dos profissionais, assegurando a observ\u00e2ncia dos princ\u00edpios da legalidade, impessoalidade e interesse p\u00fablico.<\/p>\n<p style=\"text-align: justify\">A presente convoca\u00e7\u00e3o emergencial pauta-se nos princ\u00edpios da continuidade do servi\u00e7o p\u00fablico e da supremacia do interesse p\u00fablico, e ser\u00e1 adotada exclusivamente nos casos em que n\u00e3o houver mais candidatos habilitados no banco vigente, conforme previsto no edital e na legisla\u00e7\u00e3o pertinente.<\/p>\n<p style=\"text-align: center\">SEDUC\/GO<\/p>\n<h2 align=\"center\"><strong style=\"color: revert;font-size: revert\">COMUNICADO<\/strong><\/h2>\n<p style=\"text-align: center\"><strong>PARA CONTRATA\u00c7\u00c3O TEMPOR\u00c1RIA<\/strong><\/p>\n<pre style=\"text-align: center\">Publica\u00e7\u00e3o: 04\/03\/2026 \nEncerramento: 06\/03\/2026 \u00e0s 18h\n<\/pre>\n<p style=\"text-align: justify\">O Governo do Estado de Goi\u00e1s, por interm\u00e9dio da Secretaria de Estado da Educa\u00e7\u00e3o, informa que, embora esteja vigente o Processo Seletivo Simplificado regido pelo Edital n\u00ba 020\/2024 \u2013 destinado \u00e0 composi\u00e7\u00e3o de banco de habilitados para contrata\u00e7\u00e3o tempor\u00e1ria de professores \u2013, no \u00e2mbito do <strong>munic\u00edpio de LUZI\u00c2NIA<\/strong>, jurisdicionado \u00e0 Coordena\u00e7\u00e3o Regional de Educa\u00e7\u00e3o de <strong>LUZIANIA<\/strong>, o referido banco encontra-se esgotado para a fun\u00e7\u00e3o de <strong>Professor de L\u00edngua Portuguesa, 30 aulas (37 horas) semanais, no turno Matutino\/Vespertino.<\/strong><\/p>\n<p style=\"text-align: justify\">Diante da inexist\u00eancia de candidatos habilitados dispon\u00edveis para convoca\u00e7\u00e3o, e considerando a exist\u00eancia de d\u00e9ficit de profissional docente, justificado pelo art. 208 da Lei n\u00ba 13.909\/2001, a Secretaria de Estado da Educa\u00e7\u00e3o deliberou pela ado\u00e7\u00e3o de procedimento emergencial de sele\u00e7\u00e3o curricular, com o objetivo de realizar contrata\u00e7\u00e3o por tempo determinado, de natureza excepcional e urgente, nos termos da Lei Estadual n\u00ba 20.918\/2020.<\/p>\n<p style=\"text-align: justify\">Nesse sentido, a Coordena\u00e7\u00e3o Regional de Educa\u00e7\u00e3o de <strong>LUZIANIA<\/strong> est\u00e1 recebendo curr\u00edculos, exclusivamente por e-mail, para fins de sele\u00e7\u00e3o e contrata\u00e7\u00e3o tempor\u00e1ria de 01 (um) professor de <strong>L\u00edngua Portuguesa<\/strong>, no(a) <strong>COL\u00c9GIO ESTADUAL PROFESSOR JOSU\u00c9 MEIRELLES<\/strong>. A presente medida visa evitar a interrup\u00e7\u00e3o das atividades escolares e garantir a continuidade do processo de ensino e aprendizagem, resguardando o direito constitucional \u00e0 educa\u00e7\u00e3o dos estudantes da Rede Estadual de Ensino.<\/p>\n<p style=\"text-align: justify\">Os interessados devem encaminhar curr\u00edculo atualizado ao endere\u00e7o eletr\u00f4nico oficial da Assessoria Financeira da CRE de <strong>LUZIANIA afin.luziania@seduc.go.gov.br<\/strong>, informando contatos telef\u00f4nicos e endere\u00e7o de e-mail para retorno.<\/p>\n<p style=\"text-align: justify\">Para a an\u00e1lise dos curr\u00edculos, ser\u00e1 constitu\u00edda comiss\u00e3o espec\u00edfica no \u00e2mbito da Coordena\u00e7\u00e3o Regional de Educa\u00e7\u00e3o de <strong>LUZIANIA<\/strong>, composta por membros desta unidade administrativa, a qual adotar\u00e1 crit\u00e9rios objetivos e ison\u00f4micos na sele\u00e7\u00e3o dos profissionais, assegurando a observ\u00e2ncia dos princ\u00edpios da legalidade, impessoalidade e interesse p\u00fablico.<\/p>\n<p style=\"text-align: justify\">A presente convoca\u00e7\u00e3o emergencial pauta-se nos princ\u00edpios da continuidade do servi\u00e7o p\u00fablico e da supremacia do interesse p\u00fablico, e ser\u00e1 adotada exclusivamente nos casos em que n\u00e3o houver mais candidatos habilitados no banco vigente, conforme previsto no edital e na legisla\u00e7\u00e3o pertinente.<\/p>\n<p style=\"text-align: center\">SEDUC\/GO<\/p>\n<h2 align=\"center\"><strong style=\"color: revert;font-size: revert\">COMUNICADO<\/strong><\/h2>\n<p style=\"text-align: center\"><strong>PARA CONTRATA\u00c7\u00c3O TEMPOR\u00c1RIA<\/strong><\/p>\n<pre style=\"text-align: center\">Publica\u00e7\u00e3o: 04\/03\/2026 \nEncerramento: 06\/03\/2026 \u00e0s 18h\n<\/pre>\n<p style=\"text-align: justify\">O Governo do Estado de Goi\u00e1s, por interm\u00e9dio da Secretaria de Estado da Educa\u00e7\u00e3o, informa que, embora esteja vigente o Processo Seletivo Simplificado regido pelo Edital n\u00ba 020\/2024 \u2013 destinado \u00e0 composi\u00e7\u00e3o de banco de habilitados para contrata\u00e7\u00e3o tempor\u00e1ria de professores \u2013, no \u00e2mbito do <strong>munic\u00edpio de LUZI\u00c2NIA<\/strong>, jurisdicionado \u00e0 Coordena\u00e7\u00e3o Regional de Educa\u00e7\u00e3o de <strong>LUZIANIA<\/strong>, o referido banco encontra-se esgotado para a fun\u00e7\u00e3o de <strong>Professor de Pedagogia, 30 aulas (37 horas) semanais, no turno Matutino\/Vespertino.<\/strong><\/p>\n<p style=\"text-align: justify\">Diante da inexist\u00eancia de candidatos habilitados dispon\u00edveis para convoca\u00e7\u00e3o, e considerando a exist\u00eancia de d\u00e9ficit de profissional docente, justificado pelo art. 208 da Lei n\u00ba 13.909\/2001, a Secretaria de Estado da Educa\u00e7\u00e3o deliberou pela ado\u00e7\u00e3o de procedimento emergencial de sele\u00e7\u00e3o curricular, com o objetivo de realizar contrata\u00e7\u00e3o por tempo determinado, de natureza excepcional e urgente, nos termos da Lei Estadual n\u00ba 20.918\/2020.<\/p>\n<p style=\"text-align: justify\">Nesse sentido, a Coordena\u00e7\u00e3o Regional de Educa\u00e7\u00e3o de <strong>LUZIANIA<\/strong> est\u00e1 recebendo curr\u00edculos, exclusivamente por e-mail, para fins de sele\u00e7\u00e3o e contrata\u00e7\u00e3o tempor\u00e1ria de 01 (um) professor de <strong>Pedagogia<\/strong>, no(a) <strong>COL\u00c9GIO ESTADUAL H\u00c9LIO RORIZ<\/strong>. A presente medida visa evitar a interrup\u00e7\u00e3o das atividades escolares e garantir a continuidade do processo de ensino e aprendizagem, resguardando o direito constitucional \u00e0 educa\u00e7\u00e3o dos estudantes da Rede Estadual de Ensino.<\/p>\n<p style=\"text-align: justify\">Os interessados devem encaminhar curr\u00edculo atualizado ao endere\u00e7o eletr\u00f4nico oficial da Assessoria Financeira da CRE de <strong>LUZIANIA afin.luziania@seduc.go.gov.br<\/strong>, informando contatos telef\u00f4nicos e endere\u00e7o de e-mail para retorno.<\/p>\n<p style=\"text-align: justify\">Para a an\u00e1lise dos curr\u00edculos, ser\u00e1 constitu\u00edda comiss\u00e3o espec\u00edfica no \u00e2mbito da Coordena\u00e7\u00e3o Regional de Educa\u00e7\u00e3o de <strong>LUZIANIA<\/strong>, composta por membros desta unidade administrativa, a qual adotar\u00e1 crit\u00e9rios objetivos e ison\u00f4micos na sele\u00e7\u00e3o dos profissionais, assegurando a observ\u00e2ncia dos princ\u00edpios da legalidade, impessoalidade e interesse p\u00fablico.<\/p>\n<p style=\"text-align: justify\">A presente convoca\u00e7\u00e3o emergencial pauta-se nos princ\u00edpios da continuidade do servi\u00e7o p\u00fablico e da supremacia do interesse p\u00fablico, e ser\u00e1 adotada exclusivamente nos casos em que n\u00e3o houver mais candidatos habilitados no banco vigente, conforme previsto no edital e na legisla\u00e7\u00e3o pertinente.<\/p>\n<p style=\"text-align: center\">SEDUC\/GO<\/p>\n<h2 align=\"center\"><strong style=\"color: revert;font-size: revert\">COMUNICADO<\/strong><\/h2>\n<p style=\"text-align: center\"><strong>PARA CONTRATA\u00c7\u00c3O TEMPOR\u00c1RIA<\/strong><\/p>\n<pre style=\"text-align: center\">Publica\u00e7\u00e3o: 04\/03\/2026 \nEncerramento: 06\/03\/2026 \u00e0s 18h\n<\/pre>\n<p style=\"text-align: justify\">O Governo do Estado de Goi\u00e1s, por interm\u00e9dio da Secretaria de Estado da Educa\u00e7\u00e3o, informa que, embora esteja vigente o Processo Seletivo Simplificado regido pelo Edital n\u00ba 020\/2024 \u2013 destinado \u00e0 composi\u00e7\u00e3o de banco de habilitados para contrata\u00e7\u00e3o tempor\u00e1ria de professores \u2013, no \u00e2mbito do <strong>munic\u00edpio de LUZI\u00c2NIA<\/strong>, jurisdicionado \u00e0 Coordena\u00e7\u00e3o Regional de Educa\u00e7\u00e3o de <strong>LUZIANIA<\/strong>, o referido banco encontra-se esgotado para a fun\u00e7\u00e3o de <strong>Professor de Hist\u00f3ria, 30 aulas (37 horas) semanais, no turno Matutino\/Vespertino.<\/strong><\/p>\n<p style=\"text-align: justify\">Diante da inexist\u00eancia de candidatos habilitados dispon\u00edveis para convoca\u00e7\u00e3o, e considerando a exist\u00eancia de d\u00e9ficit de profissional docente, justificado pelo art. 208 da Lei n\u00ba 13.909\/2001, a Secretaria de Estado da Educa\u00e7\u00e3o deliberou pela ado\u00e7\u00e3o de procedimento emergencial de sele\u00e7\u00e3o curricular, com o objetivo de realizar contrata\u00e7\u00e3o por tempo determinado, de natureza excepcional e urgente, nos termos da Lei Estadual n\u00ba 20.918\/2020.<\/p>\n<p style=\"text-align: justify\">Nesse sentido, a Coordena\u00e7\u00e3o Regional de Educa\u00e7\u00e3o de <strong>LUZIANIA<\/strong> est\u00e1 recebendo curr\u00edculos, exclusivamente por e-mail, para fins de sele\u00e7\u00e3o e contrata\u00e7\u00e3o tempor\u00e1ria de 01 (um) professor de <strong>Hist\u00f3ria<\/strong>, no(a) <strong>COL\u00c9GIO ESTADUAL POSTO IP\u00ca<\/strong>. A presente medida visa evitar a interrup\u00e7\u00e3o das atividades escolares e garantir a continuidade do processo de ensino e aprendizagem, resguardando o direito constitucional \u00e0 educa\u00e7\u00e3o dos estudantes da Rede Estadual de Ensino.<\/p>\n<p style=\"text-align: justify\">Os interessados devem encaminhar curr\u00edculo atualizado ao endere\u00e7o eletr\u00f4nico oficial da Assessoria Financeira da CRE de <strong>LUZIANIA afin.luziania@seduc.go.gov.br<\/strong>, informando contatos telef\u00f4nicos e endere\u00e7o de e-mail para retorno.<\/p>\n<p style=\"text-align: justify\">Para a an\u00e1lise dos curr\u00edculos, ser\u00e1 constitu\u00edda comiss\u00e3o espec\u00edfica no \u00e2mbito da Coordena\u00e7\u00e3o Regional de Educa\u00e7\u00e3o de <strong>LUZIANIA<\/strong>, composta por membros desta unidade administrativa, a qual adotar\u00e1 crit\u00e9rios objetivos e ison\u00f4micos na sele\u00e7\u00e3o dos profissionais, assegurando a observ\u00e2ncia dos princ\u00edpios da legalidade, impessoalidade e interesse p\u00fablico.<\/p>\n<p style=\"text-align: justify\">A presente convoca\u00e7\u00e3o emergencial pauta-se nos princ\u00edpios da continuidade do servi\u00e7o p\u00fablico e da supremacia do interesse p\u00fablico, e ser\u00e1 adotada exclusivamente nos casos em que n\u00e3o houver mais candidatos habilitados no banco vigente, conforme previsto no edital e na legisla\u00e7\u00e3o pertinente.<\/p>\n<p style=\"text-align: center\">SEDUC\/GO<\/p>\n<h2 align=\"center\"><strong style=\"color: revert;font-size: revert\">COMUNICADO<\/strong><\/h2>\n<p style=\"text-align: center\"><strong>PARA CONTRATA\u00c7\u00c3O TEMPOR\u00c1RIA<\/strong><\/p>\n<pre style=\"text-align: center\">Publica\u00e7\u00e3o: 04\/03\/2026 \nEncerramento: 06\/03\/2026 \u00e0s 18h\n<\/pre>\n<p style=\"text-align: justify\">O Governo do Estado de Goi\u00e1s, por interm\u00e9dio da Secretaria de Estado da Educa\u00e7\u00e3o, informa que, embora esteja vigente o Processo Seletivo Simplificado regido pelo Edital n\u00ba 020\/2024 \u2013 destinado \u00e0 composi\u00e7\u00e3o de banco de habilitados para contrata\u00e7\u00e3o tempor\u00e1ria de professores \u2013, no \u00e2mbito do <strong>munic\u00edpio de LUZI\u00c2NIA<\/strong>, jurisdicionado \u00e0 Coordena\u00e7\u00e3o Regional de Educa\u00e7\u00e3o de <strong>LUZIANIA<\/strong>, o referido banco encontra-se esgotado para a fun\u00e7\u00e3o de <strong>Professor de L\u00edngua Portuguesa, 30 aulas (37 horas) semanais, no turno Matutino.<\/strong><\/p>\n<p style=\"text-align: justify\">Diante da inexist\u00eancia de candidatos habilitados dispon\u00edveis para convoca\u00e7\u00e3o, e considerando a exist\u00eancia de d\u00e9ficit de profissional docente, justificado pelo art. 208 da Lei n\u00ba 13.909\/2001, a Secretaria de Estado da Educa\u00e7\u00e3o deliberou pela ado\u00e7\u00e3o de procedimento emergencial de sele\u00e7\u00e3o curricular, com o objetivo de realizar contrata\u00e7\u00e3o por tempo determinado, de natureza excepcional e urgente, nos termos da Lei Estadual n\u00ba 20.918\/2020.<\/p>\n<p style=\"text-align: justify\">Nesse sentido, a Coordena\u00e7\u00e3o Regional de Educa\u00e7\u00e3o de <strong>LUZIANIA<\/strong> est\u00e1 recebendo curr\u00edculos, exclusivamente por e-mail, para fins de sele\u00e7\u00e3o e contrata\u00e7\u00e3o tempor\u00e1ria de 01 (um) professor de <strong>L\u00edngua Portuguesa<\/strong>, no(a) <strong>COL\u00c9GIO ESTADUAL DE EDUCA\u00c7\u00c3O DO CAMPO ILIDIO DE SOUZA LEMOS<\/strong>. A presente medida visa evitar a interrup\u00e7\u00e3o das atividades escolares e garantir a continuidade do processo de ensino e aprendizagem, resguardando o direito constitucional \u00e0 educa\u00e7\u00e3o dos estudantes da Rede Estadual de Ensino.<\/p>\n<p style=\"text-align: justify\">Os interessados devem encaminhar curr\u00edculo atualizado ao endere\u00e7o eletr\u00f4nico oficial da Assessoria Financeira da CRE de <strong>LUZIANIA afin.luziania@seduc.go.gov.br<\/strong>, informando contatos telef\u00f4nicos e endere\u00e7o de e-mail para retorno.<\/p>\n<p style=\"text-align: justify\">Para a an\u00e1lise dos curr\u00edculos, ser\u00e1 constitu\u00edda comiss\u00e3o espec\u00edfica no \u00e2mbito da Coordena\u00e7\u00e3o Regional de Educa\u00e7\u00e3o de <strong>LUZIANIA<\/strong>, composta por membros desta unidade administrativa, a qual adotar\u00e1 crit\u00e9rios objetivos e ison\u00f4micos na sele\u00e7\u00e3o dos profissionais, assegurando a observ\u00e2ncia dos princ\u00edpios da legalidade, impessoalidade e interesse p\u00fablico.<\/p>\n<p style=\"text-align: justify\">A presente convoca\u00e7\u00e3o emergencial pauta-se nos princ\u00edpios da continuidade do servi\u00e7o p\u00fablico e da supremacia do interesse p\u00fablico, e ser\u00e1 adotada exclusivamente nos casos em que n\u00e3o houver mais candidatos habilitados no banco vigente, conforme previsto no edital e na legisla\u00e7\u00e3o pertinente.<\/p>\n<p style=\"text-align: center\">SEDUC\/GO<\/p>\n<h2 align=\"center\"><strong style=\"color: revert;font-size: revert\">COMUNICADO<\/strong><\/h2>\n<p style=\"text-align: center\"><strong>PARA CONTRATA\u00c7\u00c3O TEMPOR\u00c1RIA<\/strong><\/p>\n<pre style=\"text-align: center\">Publica\u00e7\u00e3o: 04\/03\/2026 \nEncerramento: 06\/03\/2026 \u00e0s 18h\n<\/pre>\n<p style=\"text-align: justify\">O Governo do Estado de Goi\u00e1s, por interm\u00e9dio da Secretaria de Estado da Educa\u00e7\u00e3o, informa que, embora esteja vigente o Processo Seletivo Simplificado regido pelo Edital n\u00ba 020\/2024 \u2013 destinado \u00e0 composi\u00e7\u00e3o de banco de habilitados para contrata\u00e7\u00e3o tempor\u00e1ria de professores \u2013, no \u00e2mbito do <strong>munic\u00edpio de LUZI\u00c2NIA<\/strong>, jurisdicionado \u00e0 Coordena\u00e7\u00e3o Regional de Educa\u00e7\u00e3o de <strong>LUZIANIA<\/strong>, o referido banco encontra-se esgotado para a fun\u00e7\u00e3o de <strong>Professor de L\u00edngua Portuguesa, 30 aulas (37 horas) semanais, no turno Matutino\/Vespertino.<\/strong><\/p>\n<p style=\"text-align: justify\">Diante da inexist\u00eancia de candidatos habilitados dispon\u00edveis para convoca\u00e7\u00e3o, e considerando a exist\u00eancia de d\u00e9ficit de profissional docente, justificado pelo art. 208 da Lei n\u00ba 13.909\/2001, a Secretaria de Estado da Educa\u00e7\u00e3o deliberou pela ado\u00e7\u00e3o de procedimento emergencial de sele\u00e7\u00e3o curricular, com o objetivo de realizar contrata\u00e7\u00e3o por tempo determinado, de natureza excepcional e urgente, nos termos da Lei Estadual n\u00ba 20.918\/2020.<\/p>\n<p style=\"text-align: justify\">Nesse sentido, a Coordena\u00e7\u00e3o Regional de Educa\u00e7\u00e3o de <strong>LUZIANIA<\/strong> est\u00e1 recebendo curr\u00edculos, exclusivamente por e-mail, para fins de sele\u00e7\u00e3o e contrata\u00e7\u00e3o tempor\u00e1ria de 01 (um) professor de <strong>L\u00edngua Portuguesa<\/strong>, no(a) <strong>COL\u00c9GIO ESTADUAL PROFESSORA LOURDES DE OLIVEIRA SAMPAIO<\/strong>. A presente medida visa evitar a interrup\u00e7\u00e3o das atividades escolares e garantir a continuidade do processo de ensino e aprendizagem, resguardando o direito constitucional \u00e0 educa\u00e7\u00e3o dos estudantes da Rede Estadual de Ensino.<\/p>\n<p style=\"text-align: justify\">Os interessados devem encaminhar curr\u00edculo atualizado ao endere\u00e7o eletr\u00f4nico oficial da Assessoria Financeira da CRE de <strong>LUZIANIA afin.luziania@seduc.go.gov.br<\/strong>, informando contatos telef\u00f4nicos e endere\u00e7o de e-mail para retorno.<\/p>\n<p style=\"text-align: justify\">Para a an\u00e1lise dos curr\u00edculos, ser\u00e1 constitu\u00edda comiss\u00e3o espec\u00edfica no \u00e2mbito da Coordena\u00e7\u00e3o Regional de Educa\u00e7\u00e3o de <strong>LUZIANIA<\/strong>, composta por membros desta unidade administrativa, a qual adotar\u00e1 crit\u00e9rios objetivos e ison\u00f4micos na sele\u00e7\u00e3o dos profissionais, assegurando a observ\u00e2ncia dos princ\u00edpios da legalidade, impessoalidade e interesse p\u00fablico.<\/p>\n<p style=\"text-align: justify\">A presente convoca\u00e7\u00e3o emergencial pauta-se nos princ\u00edpios da continuidade do servi\u00e7o p\u00fablico e da supremacia do interesse p\u00fablico, e ser\u00e1 adotada exclusivamente nos casos em que n\u00e3o houver mais candidatos habilitados no banco vigente, conforme previsto no edital e na legisla\u00e7\u00e3o pertinente.<\/p>\n<p style=\"text-align: center\">SEDUC\/GO<\/p>\n<h2 align=\"center\"><strong style=\"color: revert;font-size: revert\">COMUNICADO<\/strong><\/h2>\n<p style=\"text-align: center\"><strong>PARA CONTRATA\u00c7\u00c3O TEMPOR\u00c1RIA<\/strong><\/p>\n<pre style=\"text-align: center\">Publica\u00e7\u00e3o: 04\/03\/2026 \nEncerramento: 06\/03\/2026 \u00e0s 18h\n<\/pre>\n<p style=\"text-align: justify\">O Governo do Estado de Goi\u00e1s, por interm\u00e9dio da Secretaria de Estado da Educa\u00e7\u00e3o, informa que, embora esteja vigente o Processo Seletivo Simplificado regido pelo Edital n\u00ba 020\/2024 \u2013 destinado \u00e0 composi\u00e7\u00e3o de banco de habilitados para contrata\u00e7\u00e3o tempor\u00e1ria de professores \u2013, no \u00e2mbito do <strong>munic\u00edpio de LUZI\u00c2NIA<\/strong>, jurisdicionado \u00e0 Coordena\u00e7\u00e3o Regional de Educa\u00e7\u00e3o de <strong>LUZIANIA<\/strong>, o referido banco encontra-se esgotado para a fun\u00e7\u00e3o de <strong>Professor de L\u00edngua Portuguesa, 30 aulas (37 horas) semanais, no turno Matutino\/Vespertino.<\/strong><\/p>\n<p style=\"text-align: justify\">Diante da inexist\u00eancia de candidatos habilitados dispon\u00edveis para convoca\u00e7\u00e3o, e considerando a exist\u00eancia de d\u00e9ficit de profissional docente, justificado pelo art. 208 da Lei n\u00ba 13.909\/2001, a Secretaria de Estado da Educa\u00e7\u00e3o deliberou pela ado\u00e7\u00e3o de procedimento emergencial de sele\u00e7\u00e3o curricular, com o objetivo de realizar contrata\u00e7\u00e3o por tempo determinado, de natureza excepcional e urgente, nos termos da Lei Estadual n\u00ba 20.918\/2020.<\/p>\n<p style=\"text-align: justify\">Nesse sentido, a Coordena\u00e7\u00e3o Regional de Educa\u00e7\u00e3o de <strong>LUZIANIA<\/strong> est\u00e1 recebendo curr\u00edculos, exclusivamente por e-mail, para fins de sele\u00e7\u00e3o e contrata\u00e7\u00e3o tempor\u00e1ria de 01 (um) professor de <strong>L\u00edngua Portuguesa<\/strong>, no(a) <strong>COL\u00c9GIO ESTADUAL PROFESSORA LOURDES DE OLIVEIRA SAMPAIO<\/strong>. A presente medida visa evitar a interrup\u00e7\u00e3o das atividades escolares e garantir a continuidade do processo de ensino e aprendizagem, resguardando o direito constitucional \u00e0 educa\u00e7\u00e3o dos estudantes da Rede Estadual de Ensino.<\/p>\n<p style=\"text-align: justify\">Os interessados devem encaminhar curr\u00edculo atualizado ao endere\u00e7o eletr\u00f4nico oficial da Assessoria Financeira da CRE de <strong>LUZIANIA afin.luziania@seduc.go.gov.br<\/strong>, informando contatos telef\u00f4nicos e endere\u00e7o de e-mail para retorno.<\/p>\n<p style=\"text-align: justify\">Para a an\u00e1lise dos curr\u00edculos, ser\u00e1 constitu\u00edda comiss\u00e3o espec\u00edfica no \u00e2mbito da Coordena\u00e7\u00e3o Regional de Educa\u00e7\u00e3o de <strong>LUZIANIA<\/strong>, composta por membros desta unidade administrativa, a qual adotar\u00e1 crit\u00e9rios objetivos e ison\u00f4micos na sele\u00e7\u00e3o dos profissionais, assegurando a observ\u00e2ncia dos princ\u00edpios da legalidade, impessoalidade e interesse p\u00fablico.<\/p>\n<p style=\"text-align: justify\">A presente convoca\u00e7\u00e3o emergencial pauta-se nos princ\u00edpios da continuidade do servi\u00e7o p\u00fablico e da supremacia do interesse p\u00fablico, e ser\u00e1 adotada exclusivamente nos casos em que n\u00e3o houver mais candidatos habilitados no banco vigente, conforme previsto no edital e na legisla\u00e7\u00e3o pertinente.<\/p>\n<p style=\"text-align: center\">SEDUC\/GO<\/p>\n<h2 align=\"center\"><strong style=\"color: revert;font-size: revert\">COMUNICADO<\/strong><\/h2>\n<p style=\"text-align: center\"><strong>PARA CONTRATA\u00c7\u00c3O TEMPOR\u00c1RIA<\/strong><\/p>\n<pre style=\"text-align: center\">Publica\u00e7\u00e3o: 04\/03\/2026 \nEncerramento: 06\/03\/2026 \u00e0s 18h\n<\/pre>\n<p style=\"text-align: justify\">O Governo do Estado de Goi\u00e1s, por interm\u00e9dio da Secretaria de Estado da Educa\u00e7\u00e3o, informa que, embora esteja vigente o Processo Seletivo Simplificado regido pelo Edital n\u00ba 020\/2024 \u2013 destinado \u00e0 composi\u00e7\u00e3o de banco de habilitados para contrata\u00e7\u00e3o tempor\u00e1ria de professores \u2013, no \u00e2mbito do <strong>munic\u00edpio de LUZI\u00c2NIA<\/strong>, jurisdicionado \u00e0 Coordena\u00e7\u00e3o Regional de Educa\u00e7\u00e3o de <strong>LUZIANIA<\/strong>, o referido banco encontra-se esgotado para a fun\u00e7\u00e3o de <strong>Professor de Educa\u00e7\u00e3o F\u00edsica, 30 aulas (37 horas) semanais, no turno Matutino\/Vespertino.<\/strong><\/p>\n<p style=\"text-align: justify\">Diante da inexist\u00eancia de candidatos habilitados dispon\u00edveis para convoca\u00e7\u00e3o, e considerando a exist\u00eancia de d\u00e9ficit de profissional docente, justificado pelo art. 208 da Lei n\u00ba 13.909\/2001, a Secretaria de Estado da Educa\u00e7\u00e3o deliberou pela ado\u00e7\u00e3o de procedimento emergencial de sele\u00e7\u00e3o curricular, com o objetivo de realizar contrata\u00e7\u00e3o por tempo determinado, de natureza excepcional e urgente, nos termos da Lei Estadual n\u00ba 20.918\/2020.<\/p>\n<p style=\"text-align: justify\">Nesse sentido, a Coordena\u00e7\u00e3o Regional de Educa\u00e7\u00e3o de <strong>LUZIANIA<\/strong> est\u00e1 recebendo curr\u00edculos, exclusivamente por e-mail, para fins de sele\u00e7\u00e3o e contrata\u00e7\u00e3o tempor\u00e1ria de 01 (um) professor de <strong>Educa\u00e7\u00e3o F\u00edsica<\/strong>, no(a) <strong>COL\u00c9GIO ESTADUAL DELFINO OCL\u00c9CIO MACHADO<\/strong>. A presente medida visa evitar a interrup\u00e7\u00e3o das atividades escolares e garantir a continuidade do processo de ensino e aprendizagem, resguardando o direito constitucional \u00e0 educa\u00e7\u00e3o dos estudantes da Rede Estadual de Ensino.<\/p>\n<p style=\"text-align: justify\">Os interessados devem encaminhar curr\u00edculo atualizado ao endere\u00e7o eletr\u00f4nico oficial da Assessoria Financeira da CRE de <strong>LUZIANIA afin.luziania@seduc.go.gov.br<\/strong>, informando contatos telef\u00f4nicos e endere\u00e7o de e-mail para retorno.<\/p>\n<p style=\"text-align: justify\">Para a an\u00e1lise dos curr\u00edculos, ser\u00e1 constitu\u00edda comiss\u00e3o espec\u00edfica no \u00e2mbito da Coordena\u00e7\u00e3o Regional de Educa\u00e7\u00e3o de <strong>LUZIANIA<\/strong>, composta por membros desta unidade administrativa, a qual adotar\u00e1 crit\u00e9rios objetivos e ison\u00f4micos na sele\u00e7\u00e3o dos profissionais, assegurando a observ\u00e2ncia dos princ\u00edpios da legalidade, impessoalidade e interesse p\u00fablico.<\/p>\n<p style=\"text-align: justify\">A presente convoca\u00e7\u00e3o emergencial pauta-se nos princ\u00edpios da continuidade do servi\u00e7o p\u00fablico e da supremacia do interesse p\u00fablico, e ser\u00e1 adotada exclusivamente nos casos em que n\u00e3o houver mais candidatos habilitados no banco vigente, conforme previsto no edital e na legisla\u00e7\u00e3o pertinente.<\/p>\n<p style=\"text-align: center\">SEDUC\/GO<\/p>\n<h2 align=\"center\"><strong style=\"color: revert;font-size: revert\">COMUNICADO<\/strong><\/h2>\n<p style=\"text-align: center\"><strong>PARA CONTRATA\u00c7\u00c3O TEMPOR\u00c1RIA<\/strong><\/p>\n<pre style=\"text-align: center\">Publica\u00e7\u00e3o: 03\/03\/2026 \nEncerramento: 05\/03\/2026 \u00e0s 18h\n<\/pre>\n<p style=\"text-align: justify\">O Governo do Estado de Goi\u00e1s, por interm\u00e9dio da Secretaria de Estado da Educa\u00e7\u00e3o, informa que, embora esteja vigente o Processo Seletivo Simplificado regido pelo Edital n\u00ba 020\/2024 \u2013 destinado \u00e0 composi\u00e7\u00e3o de banco de habilitados para contrata\u00e7\u00e3o tempor\u00e1ria de professores \u2013, no \u00e2mbito do <strong>munic\u00edpio de LUZI\u00c2NIA<\/strong>, jurisdicionado \u00e0 Coordena\u00e7\u00e3o Regional de Educa\u00e7\u00e3o de <strong>LUZIANIA<\/strong>, o referido banco encontra-se esgotado para a fun\u00e7\u00e3o de <strong>Professor de Pedagogia, 30 aulas (37 horas) semanais, no turno Matutino\/Vespertino.<\/strong><\/p>\n<p style=\"text-align: justify\">Diante da inexist\u00eancia de candidatos habilitados dispon\u00edveis para convoca\u00e7\u00e3o, e considerando a exist\u00eancia de d\u00e9ficit de profissional docente, justificado pelo art. 208 da Lei n\u00ba 13.909\/2001, a Secretaria de Estado da Educa\u00e7\u00e3o deliberou pela ado\u00e7\u00e3o de procedimento emergencial de sele\u00e7\u00e3o curricular, com o objetivo de realizar contrata\u00e7\u00e3o por tempo determinado, de natureza excepcional e urgente, nos termos da Lei Estadual n\u00ba 20.918\/2020.<\/p>\n<p style=\"text-align: justify\">Nesse sentido, a Coordena\u00e7\u00e3o Regional de Educa\u00e7\u00e3o de <strong>LUZIANIA<\/strong> est\u00e1 recebendo curr\u00edculos, exclusivamente por e-mail, para fins de sele\u00e7\u00e3o e contrata\u00e7\u00e3o tempor\u00e1ria de 01 (um) professor de <strong>Pedagogia<\/strong>, no(a) <strong>COL\u00c9GIO ESTADUAL DA POL\u00cdCIA MILITAR DE GOI\u00c1S &#8211; ELY DA SILVA BRAZ<\/strong>. A presente medida visa evitar a interrup\u00e7\u00e3o das atividades escolares e garantir a continuidade do processo de ensino e aprendizagem, resguardando o direito constitucional \u00e0 educa\u00e7\u00e3o dos estudantes da Rede Estadual de Ensino.<\/p>\n<p style=\"text-align: justify\">Os interessados devem encaminhar curr\u00edculo atualizado ao endere\u00e7o eletr\u00f4nico oficial da Assessoria Financeira da CRE de <strong>LUZIANIA afin.luziania@seduc.go.gov.br<\/strong>, informando contatos telef\u00f4nicos e endere\u00e7o de e-mail para retorno.<\/p>\n<p style=\"text-align: justify\">Para a an\u00e1lise dos curr\u00edculos, ser\u00e1 constitu\u00edda comiss\u00e3o espec\u00edfica no \u00e2mbito da Coordena\u00e7\u00e3o Regional de Educa\u00e7\u00e3o de <strong>LUZIANIA<\/strong>, composta por membros desta unidade administrativa, a qual adotar\u00e1 crit\u00e9rios objetivos e ison\u00f4micos na sele\u00e7\u00e3o dos profissionais, assegurando a observ\u00e2ncia dos princ\u00edpios da legalidade, impessoalidade e interesse p\u00fablico.<\/p>\n<p style=\"text-align: justify\">A presente convoca\u00e7\u00e3o emergencial pauta-se nos princ\u00edpios da continuidade do servi\u00e7o p\u00fablico e da supremacia do interesse p\u00fablico, e ser\u00e1 adotada exclusivamente nos casos em que n\u00e3o houver mais candidatos habilitados no banco vigente, conforme previsto no edital e na legisla\u00e7\u00e3o pertinente.<\/p>\n<p style=\"text-align: center\">SEDUC\/GO<\/p>\n<h2 align=\"center\"><strong style=\"color: revert;font-size: revert\">COMUNICADO<\/strong><\/h2>\n<p style=\"text-align: center\"><strong>PARA CONTRATA\u00c7\u00c3O TEMPOR\u00c1RIA<\/strong><\/p>\n<pre style=\"text-align: center\">Publica\u00e7\u00e3o: 03\/03\/2026 \nEncerramento: 05\/03\/2026 \u00e0s 18h\n<\/pre>\n<p style=\"text-align: justify\">O Governo do Estado de Goi\u00e1s, por interm\u00e9dio da Secretaria de Estado da Educa\u00e7\u00e3o, informa que, embora esteja vigente o Processo Seletivo Simplificado regido pelo Edital n\u00ba 020\/2024 \u2013 destinado \u00e0 composi\u00e7\u00e3o de banco de habilitados para contrata\u00e7\u00e3o tempor\u00e1ria de professores \u2013, no \u00e2mbito do <strong>munic\u00edpio de LUZI\u00c2NIA<\/strong>, jurisdicionado \u00e0 Coordena\u00e7\u00e3o Regional de Educa\u00e7\u00e3o de <strong>LUZIANIA<\/strong>, o referido banco encontra-se esgotado para a fun\u00e7\u00e3o de <strong>Professor de Matem\u00e1tica, 30 aulas (37 horas) semanais, no turno Matutino\/Vespertino.<\/strong><\/p>\n<p style=\"text-align: justify\">Diante da inexist\u00eancia de candidatos habilitados dispon\u00edveis para convoca\u00e7\u00e3o, e considerando a exist\u00eancia de d\u00e9ficit de profissional docente, justificado pelo art. 208 da Lei n\u00ba 13.909\/2001, a Secretaria de Estado da Educa\u00e7\u00e3o deliberou pela ado\u00e7\u00e3o de procedimento emergencial de sele\u00e7\u00e3o curricular, com o objetivo de realizar contrata\u00e7\u00e3o por tempo determinado, de natureza excepcional e urgente, nos termos da Lei Estadual n\u00ba 20.918\/2020.<\/p>\n<p style=\"text-align: justify\">Nesse sentido, a Coordena\u00e7\u00e3o Regional de Educa\u00e7\u00e3o de <strong>LUZIANIA<\/strong> est\u00e1 recebendo curr\u00edculos, exclusivamente por e-mail, para fins de sele\u00e7\u00e3o e contrata\u00e7\u00e3o tempor\u00e1ria de 01 (um) professor de <strong>Matem\u00e1tica<\/strong>, no(a) <strong>COL\u00c9GIO ESTADUAL EM PER\u00cdODO INTEGRAL MARIA ABADIA SALOM\u00c3O<\/strong>. A presente medida visa evitar a interrup\u00e7\u00e3o das atividades escolares e garantir a continuidade do processo de ensino e aprendizagem, resguardando o direito constitucional \u00e0 educa\u00e7\u00e3o dos estudantes da Rede Estadual de Ensino.<\/p>\n<p style=\"text-align: justify\">Os interessados devem encaminhar curr\u00edculo atualizado ao endere\u00e7o eletr\u00f4nico oficial da Assessoria Financeira da CRE de <strong>LUZIANIA afin.luziania@seduc.go.gov.br<\/strong>, informando contatos telef\u00f4nicos e endere\u00e7o de e-mail para retorno.<\/p>\n<p style=\"text-align: justify\">Para a an\u00e1lise dos curr\u00edculos, ser\u00e1 constitu\u00edda comiss\u00e3o espec\u00edfica no \u00e2mbito da Coordena\u00e7\u00e3o Regional de Educa\u00e7\u00e3o de <strong>LUZIANIA<\/strong>, composta por membros desta unidade administrativa, a qual adotar\u00e1 crit\u00e9rios objetivos e ison\u00f4micos na sele\u00e7\u00e3o dos profissionais, assegurando a observ\u00e2ncia dos princ\u00edpios da legalidade, impessoalidade e interesse p\u00fablico.<\/p>\n<p style=\"text-align: justify\">A presente convoca\u00e7\u00e3o emergencial pauta-se nos princ\u00edpios da continuidade do servi\u00e7o p\u00fablico e da supremacia do interesse p\u00fablico, e ser\u00e1 adotada exclusivamente nos casos em que n\u00e3o houver mais candidatos habilitados no banco vigente, conforme previsto no edital e na legisla\u00e7\u00e3o pertinente.<\/p>\n<p style=\"text-align: center\">SEDUC\/GO<\/p>\n<h2 align=\"center\"><strong style=\"color: revert;font-size: revert\">COMUNICADO<\/strong><\/h2>\n<p style=\"text-align: center\"><strong>PARA CONTRATA\u00c7\u00c3O TEMPOR\u00c1RIA<\/strong><\/p>\n<pre style=\"text-align: center\">Publica\u00e7\u00e3o: 03\/03\/2026 \nEncerramento: 05\/03\/2026 \u00e0s 18h\n<\/pre>\n<p style=\"text-align: justify\">O Governo do Estado de Goi\u00e1s, por interm\u00e9dio da Secretaria de Estado da Educa\u00e7\u00e3o, informa que, embora esteja vigente o Processo Seletivo Simplificado regido pelo Edital n\u00ba 020\/2024 \u2013 destinado \u00e0 composi\u00e7\u00e3o de banco de habilitados para contrata\u00e7\u00e3o tempor\u00e1ria de professores \u2013, no \u00e2mbito do <strong>munic\u00edpio de LUZI\u00c2NIA<\/strong>, jurisdicionado \u00e0 Coordena\u00e7\u00e3o Regional de Educa\u00e7\u00e3o de <strong>LUZIANIA<\/strong>, o referido banco encontra-se esgotado para a fun\u00e7\u00e3o de <strong>Professor de Educa\u00e7\u00e3o F\u00edsica, 30 aulas (37 horas) semanais, no turno Matutino\/Vespertino.<\/strong><\/p>\n<p style=\"text-align: justify\">Diante da inexist\u00eancia de candidatos habilitados dispon\u00edveis para convoca\u00e7\u00e3o, e considerando a exist\u00eancia de d\u00e9ficit de profissional docente, justificado pelo art. 208 da Lei n\u00ba 13.909\/2001, a Secretaria de Estado da Educa\u00e7\u00e3o deliberou pela ado\u00e7\u00e3o de procedimento emergencial de sele\u00e7\u00e3o curricular, com o objetivo de realizar contrata\u00e7\u00e3o por tempo determinado, de natureza excepcional e urgente, nos termos da Lei Estadual n\u00ba 20.918\/2020.<\/p>\n<p style=\"text-align: justify\">Nesse sentido, a Coordena\u00e7\u00e3o Regional de Educa\u00e7\u00e3o de <strong>LUZIANIA<\/strong> est\u00e1 recebendo curr\u00edculos, exclusivamente por e-mail, para fins de sele\u00e7\u00e3o e contrata\u00e7\u00e3o tempor\u00e1ria de 01 (um) professor de <strong>Educa\u00e7\u00e3o F\u00edsica<\/strong>, no(a) <strong>COL\u00c9GIO ESTADUAL EM PER\u00cdODO INTEGRAL AURORA ATTI\u00ca<\/strong>. A presente medida visa evitar a interrup\u00e7\u00e3o das atividades escolares e garantir a continuidade do processo de ensino e aprendizagem, resguardando o direito constitucional \u00e0 educa\u00e7\u00e3o dos estudantes da Rede Estadual de Ensino.<\/p>\n<p style=\"text-align: justify\">Os interessados devem encaminhar curr\u00edculo atualizado ao endere\u00e7o eletr\u00f4nico oficial da Assessoria Financeira da CRE de <strong>LUZIANIA afin.luziania@seduc.go.gov.br<\/strong>, informando contatos telef\u00f4nicos e endere\u00e7o de e-mail para retorno.<\/p>\n<p style=\"text-align: justify\">Para a an\u00e1lise dos curr\u00edculos, ser\u00e1 constitu\u00edda comiss\u00e3o espec\u00edfica no \u00e2mbito da Coordena\u00e7\u00e3o Regional de Educa\u00e7\u00e3o de <strong>LUZIANIA<\/strong>, composta por membros desta unidade administrativa, a qual adotar\u00e1 crit\u00e9rios objetivos e ison\u00f4micos na sele\u00e7\u00e3o dos profissionais, assegurando a observ\u00e2ncia dos princ\u00edpios da legalidade, impessoalidade e interesse p\u00fablico.<\/p>\n<p style=\"text-align: justify\">A presente convoca\u00e7\u00e3o emergencial pauta-se nos princ\u00edpios da continuidade do servi\u00e7o p\u00fablico e da supremacia do interesse p\u00fablico, e ser\u00e1 adotada exclusivamente nos casos em que n\u00e3o houver mais candidatos habilitados no banco vigente, conforme previsto no edital e na legisla\u00e7\u00e3o pertinente.<\/p>\n<p style=\"text-align: center\">SEDUC\/GO<\/p>\n<h2 align=\"center\"><strong style=\"color: revert;font-size: revert\">COMUNICADO<\/strong><\/h2>\n<p style=\"text-align: center\"><strong>PARA CONTRATA\u00c7\u00c3O TEMPOR\u00c1RIA<\/strong><\/p>\n<pre style=\"text-align: center\">Publica\u00e7\u00e3o: 03\/03\/2026 \nEncerramento: 05\/03\/2026 \u00e0s 18h\n<\/pre>\n<p style=\"text-align: justify\">O Governo do Estado de Goi\u00e1s, por interm\u00e9dio da Secretaria de Estado da Educa\u00e7\u00e3o, informa que, embora esteja vigente o Processo Seletivo Simplificado regido pelo Edital n\u00ba 020\/2024 \u2013 destinado \u00e0 composi\u00e7\u00e3o de banco de habilitados para contrata\u00e7\u00e3o tempor\u00e1ria de professores \u2013, no \u00e2mbito do <strong>munic\u00edpio de CRISTALINA<\/strong>, jurisdicionado \u00e0 Coordena\u00e7\u00e3o Regional de Educa\u00e7\u00e3o de <strong>LUZIANIA<\/strong>, o referido banco encontra-se esgotado para a fun\u00e7\u00e3o de <strong>Professor de L\u00edngua Portuguesa, 30 aulas (37 horas) semanais, no turno Matutino\/Vespertino.<\/strong><\/p>\n<p style=\"text-align: justify\">Diante da inexist\u00eancia de candidatos habilitados dispon\u00edveis para convoca\u00e7\u00e3o, e considerando a exist\u00eancia de d\u00e9ficit de profissional docente, justificado pelo art. 208 da Lei n\u00ba 13.909\/2001, a Secretaria de Estado da Educa\u00e7\u00e3o deliberou pela ado\u00e7\u00e3o de procedimento emergencial de sele\u00e7\u00e3o curricular, com o objetivo de realizar contrata\u00e7\u00e3o por tempo determinado, de natureza excepcional e urgente, nos termos da Lei Estadual n\u00ba 20.918\/2020.<\/p>\n<p style=\"text-align: justify\">Nesse sentido, a Coordena\u00e7\u00e3o Regional de Educa\u00e7\u00e3o de <strong>LUZIANIA<\/strong> est\u00e1 recebendo curr\u00edculos, exclusivamente por e-mail, para fins de sele\u00e7\u00e3o e contrata\u00e7\u00e3o tempor\u00e1ria de 01 (um) professor de <strong>L\u00edngua Portuguesa<\/strong>, no(a) <strong>COL\u00c9GIO ESTADUAL EM PER\u00cdODO INTEGRAL AURORA ATTI\u00ca<\/strong>. A presente medida visa evitar a interrup\u00e7\u00e3o das atividades escolares e garantir a continuidade do processo de ensino e aprendizagem, resguardando o direito constitucional \u00e0 educa\u00e7\u00e3o dos estudantes da Rede Estadual de Ensino.<\/p>\n<p style=\"text-align: justify\">Os interessados devem encaminhar curr\u00edculo atualizado ao endere\u00e7o eletr\u00f4nico oficial da Assessoria Financeira da CRE de <strong>LUZIANIA afin.luziania@seduc.go.gov.br<\/strong>, informando contatos telef\u00f4nicos e endere\u00e7o de e-mail para retorno.<\/p>\n<p style=\"text-align: justify\">Para a an\u00e1lise dos curr\u00edculos, ser\u00e1 constitu\u00edda comiss\u00e3o espec\u00edfica no \u00e2mbito da Coordena\u00e7\u00e3o Regional de Educa\u00e7\u00e3o de <strong>LUZIANIA<\/strong>, composta por membros desta unidade administrativa, a qual adotar\u00e1 crit\u00e9rios objetivos e ison\u00f4micos na sele\u00e7\u00e3o dos profissionais, assegurando a observ\u00e2ncia dos princ\u00edpios da legalidade, impessoalidade e interesse p\u00fablico.<\/p>\n<p style=\"text-align: justify\">A presente convoca\u00e7\u00e3o emergencial pauta-se nos princ\u00edpios da continuidade do servi\u00e7o p\u00fablico e da supremacia do interesse p\u00fablico, e ser\u00e1 adotada exclusivamente nos casos em que n\u00e3o houver mais candidatos habilitados no banco vigente, conforme previsto no edital e na legisla\u00e7\u00e3o pertinente.<\/p>\n<p style=\"text-align: center\">SEDUC\/GO<\/p>\n<h2 align=\"center\"><strong style=\"color: revert;font-size: revert\">COMUNICADO<\/strong><\/h2>\n<p style=\"text-align: center\"><strong>PARA CONTRATA\u00c7\u00c3O TEMPOR\u00c1RIA<\/strong><\/p>\n<pre style=\"text-align: center\">Publica\u00e7\u00e3o: 02\/03\/2026 \nEncerramento: 04\/03\/2026 \u00e0s 18h\n<\/pre>\n<p style=\"text-align: justify\">O Governo do Estado de Goi\u00e1s, por interm\u00e9dio da Secretaria de Estado da Educa\u00e7\u00e3o, informa que, embora esteja vigente o Processo Seletivo Simplificado regido pelo Edital n\u00ba 020\/2024 \u2013 destinado \u00e0 composi\u00e7\u00e3o de banco de habilitados para contrata\u00e7\u00e3o tempor\u00e1ria de professores \u2013, no \u00e2mbito do <strong>munic\u00edpio de CRISTALINA<\/strong>, jurisdicionado \u00e0 Coordena\u00e7\u00e3o Regional de Educa\u00e7\u00e3o de <strong>LUZIANIA<\/strong>, o referido banco encontra-se esgotado para a fun\u00e7\u00e3o de <strong>Professor de Qu\u00edmica, 30 aulas (37 horas) semanais, no turno Matutino\/Vespertino.<\/strong><\/p>\n<p style=\"text-align: justify\">Diante da inexist\u00eancia de candidatos habilitados dispon\u00edveis para convoca\u00e7\u00e3o, e considerando a exist\u00eancia de d\u00e9ficit de profissional docente, justificado pelo art. 208 da Lei n\u00ba 13.909\/2001, a Secretaria de Estado da Educa\u00e7\u00e3o deliberou pela ado\u00e7\u00e3o de procedimento emergencial de sele\u00e7\u00e3o curricular, com o objetivo de realizar contrata\u00e7\u00e3o por tempo determinado, de natureza excepcional e urgente, nos termos da Lei Estadual n\u00ba 20.918\/2020.<\/p>\n<p style=\"text-align: justify\">Nesse sentido, a Coordena\u00e7\u00e3o Regional de Educa\u00e7\u00e3o de <strong>LUZIANIA<\/strong> est\u00e1 recebendo curr\u00edculos, exclusivamente por e-mail, para fins de sele\u00e7\u00e3o e contrata\u00e7\u00e3o tempor\u00e1ria de 01 (um) professor de <strong>Qu\u00edmica<\/strong>, no(a) <strong>COL\u00c9GIO ESTADUAL ADELVINA FLORES RIBEIRO<\/strong>. A presente medida visa evitar a interrup\u00e7\u00e3o das atividades escolares e garantir a continuidade do processo de ensino e aprendizagem, resguardando o direito constitucional \u00e0 educa\u00e7\u00e3o dos estudantes da Rede Estadual de Ensino.<\/p>\n<p style=\"text-align: justify\">Os interessados devem encaminhar curr\u00edculo atualizado ao endere\u00e7o eletr\u00f4nico oficial da Assessoria Financeira da CRE de <strong>LUZIANIA afin.luziania@seduc.go.gov.br<\/strong>, informando contatos telef\u00f4nicos e endere\u00e7o de e-mail para retorno.<\/p>\n<p style=\"text-align: justify\">Para a an\u00e1lise dos curr\u00edculos, ser\u00e1 constitu\u00edda comiss\u00e3o espec\u00edfica no \u00e2mbito da Coordena\u00e7\u00e3o Regional de Educa\u00e7\u00e3o de <strong>LUZIANIA<\/strong>, composta por membros desta unidade administrativa, a qual adotar\u00e1 crit\u00e9rios objetivos e ison\u00f4micos na sele\u00e7\u00e3o dos profissionais, assegurando a observ\u00e2ncia dos princ\u00edpios da legalidade, impessoalidade e interesse p\u00fablico.<\/p>\n<p style=\"text-align: justify\">A presente convoca\u00e7\u00e3o emergencial pauta-se nos princ\u00edpios da continuidade do servi\u00e7o p\u00fablico e da supremacia do interesse p\u00fablico, e ser\u00e1 adotada exclusivamente nos casos em que n\u00e3o houver mais candidatos habilitados no banco vigente, conforme previsto no edital e na legisla\u00e7\u00e3o pertinente.<\/p>\n<p style=\"text-align: center\">SEDUC\/GO<\/p>\n<h2 align=\"center\"><strong style=\"color: revert;font-size: revert\">COMUNICADO<\/strong><\/h2>\n<p style=\"text-align: center\"><strong>PARA CONTRATA\u00c7\u00c3O TEMPOR\u00c1RIA<\/strong><\/p>\n<pre style=\"text-align: center\">Publica\u00e7\u00e3o: 27\/02\/2026 \nEncerramento: 03\/03\/2026 \u00e0s 18h\n<\/pre>\n<p style=\"text-align: justify\">O Governo do Estado de Goi\u00e1s, por interm\u00e9dio da Secretaria de Estado da Educa\u00e7\u00e3o, informa que, embora esteja vigente o Processo Seletivo Simplificado regido pelo Edital n\u00ba 020\/2024 \u2013 destinado \u00e0 composi\u00e7\u00e3o de banco de habilitados para contrata\u00e7\u00e3o tempor\u00e1ria de professores \u2013, no \u00e2mbito do <strong>munic\u00edpio de LUZI\u00c2NIA<\/strong>, jurisdicionado \u00e0 Coordena\u00e7\u00e3o Regional de Educa\u00e7\u00e3o de <strong>LUZIANIA<\/strong>, o referido banco encontra-se esgotado para a fun\u00e7\u00e3o de <strong>Professor de L\u00edngua Portuguesa, 30 aulas (37 horas) semanais, no turno Matutino\/Vespertino.<\/strong><\/p>\n<p style=\"text-align: justify\">Diante da inexist\u00eancia de candidatos habilitados dispon\u00edveis para convoca\u00e7\u00e3o, e considerando a exist\u00eancia de d\u00e9ficit de profissional docente, justificado pelo art. 208 da Lei n\u00ba 13.909\/2001, a Secretaria de Estado da Educa\u00e7\u00e3o deliberou pela ado\u00e7\u00e3o de procedimento emergencial de sele\u00e7\u00e3o curricular, com o objetivo de realizar contrata\u00e7\u00e3o por tempo determinado, de natureza excepcional e urgente, nos termos da Lei Estadual n\u00ba 20.918\/2020.<\/p>\n<p style=\"text-align: justify\">Nesse sentido, a Coordena\u00e7\u00e3o Regional de Educa\u00e7\u00e3o de <strong>LUZIANIA<\/strong> est\u00e1 recebendo curr\u00edculos, exclusivamente por e-mail, para fins de sele\u00e7\u00e3o e contrata\u00e7\u00e3o tempor\u00e1ria de 01 (um) professor de <strong>L\u00edngua Portuguesa<\/strong>, no(a) <strong>COL\u00c9GIO ESTADUAL MINGONE<\/strong>. A presente medida visa evitar a interrup\u00e7\u00e3o das atividades escolares e garantir a continuidade do processo de ensino e aprendizagem, resguardando o direito constitucional \u00e0 educa\u00e7\u00e3o dos estudantes da Rede Estadual de Ensino.<\/p>\n<p style=\"text-align: justify\">Os interessados devem encaminhar curr\u00edculo atualizado ao endere\u00e7o eletr\u00f4nico oficial da Assessoria Financeira da CRE de <strong>LUZIANIA afin.luziania@seduc.go.gov.br<\/strong>, informando contatos telef\u00f4nicos e endere\u00e7o de e-mail para retorno.<\/p>\n<p style=\"text-align: justify\">Para a an\u00e1lise dos curr\u00edculos, ser\u00e1 constitu\u00edda comiss\u00e3o espec\u00edfica no \u00e2mbito da Coordena\u00e7\u00e3o Regional de Educa\u00e7\u00e3o de <strong>LUZIANIA<\/strong>, composta por membros desta unidade administrativa, a qual adotar\u00e1 crit\u00e9rios objetivos e ison\u00f4micos na sele\u00e7\u00e3o dos profissionais, assegurando a observ\u00e2ncia dos princ\u00edpios da legalidade, impessoalidade e interesse p\u00fablico.<\/p>\n<p style=\"text-align: justify\">A presente convoca\u00e7\u00e3o emergencial pauta-se nos princ\u00edpios da continuidade do servi\u00e7o p\u00fablico e da supremacia do interesse p\u00fablico, e ser\u00e1 adotada exclusivamente nos casos em que n\u00e3o houver mais candidatos habilitados no banco vigente, conforme previsto no edital e na legisla\u00e7\u00e3o pertinente.<\/p>\n<p style=\"text-align: center\">SEDUC\/GO<\/p>\n<h2 align=\"center\"><strong style=\"color: revert;font-size: revert\">COMUNICADO<\/strong><\/h2>\n<p style=\"text-align: center\"><strong>PARA CONTRATA\u00c7\u00c3O TEMPOR\u00c1RIA<\/strong><\/p>\n<pre style=\"text-align: center\">Publica\u00e7\u00e3o: 27\/02\/2026 \nEncerramento: 03\/03\/2026 \u00e0s 18h\n<\/pre>\n<p style=\"text-align: justify\">O Governo do Estado de Goi\u00e1s, por interm\u00e9dio da Secretaria de Estado da Educa\u00e7\u00e3o, informa que, embora esteja vigente o Processo Seletivo Simplificado regido pelo Edital n\u00ba 020\/2024 \u2013 destinado \u00e0 composi\u00e7\u00e3o de banco de habilitados para contrata\u00e7\u00e3o tempor\u00e1ria de professores \u2013, no \u00e2mbito do <strong>munic\u00edpio de CRISTALINA<\/strong>, jurisdicionado \u00e0 Coordena\u00e7\u00e3o Regional de Educa\u00e7\u00e3o de <strong>LUZIANIA<\/strong>, o referido banco encontra-se esgotado para a fun\u00e7\u00e3o de <strong>Professor de Ci\u00eancias\/Biologia, 30 aulas (37 horas) semanais, no turno Matutino\/Vespertino.<\/strong><\/p>\n<p style=\"text-align: justify\">Diante da inexist\u00eancia de candidatos habilitados dispon\u00edveis para convoca\u00e7\u00e3o, e considerando a exist\u00eancia de d\u00e9ficit de profissional docente, justificado pelo art. 208 da Lei n\u00ba 13.909\/2001, a Secretaria de Estado da Educa\u00e7\u00e3o deliberou pela ado\u00e7\u00e3o de procedimento emergencial de sele\u00e7\u00e3o curricular, com o objetivo de realizar contrata\u00e7\u00e3o por tempo determinado, de natureza excepcional e urgente, nos termos da Lei Estadual n\u00ba 20.918\/2020.<\/p>\n<p style=\"text-align: justify\">Nesse sentido, a Coordena\u00e7\u00e3o Regional de Educa\u00e7\u00e3o de <strong>LUZIANIA<\/strong> est\u00e1 recebendo curr\u00edculos, exclusivamente por e-mail, para fins de sele\u00e7\u00e3o e contrata\u00e7\u00e3o tempor\u00e1ria de 01 (um) professor de <strong>Ci\u00eancias\/Biologia<\/strong>, no(a) <strong>COL\u00c9GIO ESTADUAL ADELVINA FLORES RIBEIRO<\/strong>. A presente medida visa evitar a interrup\u00e7\u00e3o das atividades escolares e garantir a continuidade do processo de ensino e aprendizagem, resguardando o direito constitucional \u00e0 educa\u00e7\u00e3o dos estudantes da Rede Estadual de Ensino.<\/p>\n<p style=\"text-align: justify\">Os interessados devem encaminhar curr\u00edculo atualizado ao endere\u00e7o eletr\u00f4nico oficial da Assessoria Financeira da CRE de <strong>LUZIANIA afin.luziania@seduc.go.gov.br<\/strong>, informando contatos telef\u00f4nicos e endere\u00e7o de e-mail para retorno.<\/p>\n<p style=\"text-align: justify\">Para a an\u00e1lise dos curr\u00edculos, ser\u00e1 constitu\u00edda comiss\u00e3o espec\u00edfica no \u00e2mbito da Coordena\u00e7\u00e3o Regional de Educa\u00e7\u00e3o de <strong>LUZIANIA<\/strong>, composta por membros desta unidade administrativa, a qual adotar\u00e1 crit\u00e9rios objetivos e ison\u00f4micos na sele\u00e7\u00e3o dos profissionais, assegurando a observ\u00e2ncia dos princ\u00edpios da legalidade, impessoalidade e interesse p\u00fablico.<\/p>\n<p style=\"text-align: justify\">A presente convoca\u00e7\u00e3o emergencial pauta-se nos princ\u00edpios da continuidade do servi\u00e7o p\u00fablico e da supremacia do interesse p\u00fablico, e ser\u00e1 adotada exclusivamente nos casos em que n\u00e3o houver mais candidatos habilitados no banco vigente, conforme previsto no edital e na legisla\u00e7\u00e3o pertinente.<\/p>\n<p style=\"text-align: center\">SEDUC\/GO<\/p>\n<h2 align=\"center\"><strong style=\"color: revert;font-size: revert\">COMUNICADO<\/strong><\/h2>\n<p style=\"text-align: center\"><strong>PARA CONTRATA\u00c7\u00c3O TEMPOR\u00c1RIA<\/strong><\/p>\n<pre style=\"text-align: center\">Publica\u00e7\u00e3o: 27\/02\/2026 \nEncerramento: 03\/03\/2026 \u00e0s 18h\n<\/pre>\n<p style=\"text-align: justify\">O Governo do Estado de Goi\u00e1s, por interm\u00e9dio da Secretaria de Estado da Educa\u00e7\u00e3o, informa que, embora esteja vigente o Processo Seletivo Simplificado regido pelo Edital n\u00ba 020\/2024 \u2013 destinado \u00e0 composi\u00e7\u00e3o de banco de habilitados para contrata\u00e7\u00e3o tempor\u00e1ria de professores \u2013, no \u00e2mbito do <strong>munic\u00edpio de LUZI\u00c2NIA<\/strong>, jurisdicionado \u00e0 Coordena\u00e7\u00e3o Regional de Educa\u00e7\u00e3o de <strong>LUZIANIA<\/strong>, o referido banco encontra-se esgotado para a fun\u00e7\u00e3o de <strong>Professor de L\u00edngua Portuguesa, 30 aulas (37 horas) semanais, no turno Matutino\/Vespertino.<\/strong><\/p>\n<p style=\"text-align: justify\">Diante da inexist\u00eancia de candidatos habilitados dispon\u00edveis para convoca\u00e7\u00e3o, e considerando a exist\u00eancia de d\u00e9ficit de profissional docente, justificado pelo art. 208 da Lei n\u00ba 13.909\/2001, a Secretaria de Estado da Educa\u00e7\u00e3o deliberou pela ado\u00e7\u00e3o de procedimento emergencial de sele\u00e7\u00e3o curricular, com o objetivo de realizar contrata\u00e7\u00e3o por tempo determinado, de natureza excepcional e urgente, nos termos da Lei Estadual n\u00ba 20.918\/2020.<\/p>\n<p style=\"text-align: justify\">Nesse sentido, a Coordena\u00e7\u00e3o Regional de Educa\u00e7\u00e3o de <strong>LUZIANIA<\/strong> est\u00e1 recebendo curr\u00edculos, exclusivamente por e-mail, para fins de sele\u00e7\u00e3o e contrata\u00e7\u00e3o tempor\u00e1ria de 01 (um) professor de <strong>L\u00edngua Portuguesa<\/strong>, no(a) <strong>COL\u00c9GIO ESTADUAL DA POL\u00cdCIA MILITAR DE GOI\u00c1S &#8211; ELY DA SILVA BRAZ<\/strong>. A presente medida visa evitar a interrup\u00e7\u00e3o das atividades escolares e garantir a continuidade do processo de ensino e aprendizagem, resguardando o direito constitucional \u00e0 educa\u00e7\u00e3o dos estudantes da Rede Estadual de Ensino.<\/p>\n<p style=\"text-align: justify\">Os interessados devem encaminhar curr\u00edculo atualizado ao endere\u00e7o eletr\u00f4nico oficial da Assessoria Financeira da CRE de <strong>LUZIANIA afin.luziania@seduc.go.gov.br<\/strong>, informando contatos telef\u00f4nicos e endere\u00e7o de e-mail para retorno.<\/p>\n<p style=\"text-align: justify\">Para a an\u00e1lise dos curr\u00edculos, ser\u00e1 constitu\u00edda comiss\u00e3o espec\u00edfica no \u00e2mbito da Coordena\u00e7\u00e3o Regional de Educa\u00e7\u00e3o de <strong>LUZIANIA<\/strong>, composta por membros desta unidade administrativa, a qual adotar\u00e1 crit\u00e9rios objetivos e ison\u00f4micos na sele\u00e7\u00e3o dos profissionais, assegurando a observ\u00e2ncia dos princ\u00edpios da legalidade, impessoalidade e interesse p\u00fablico.<\/p>\n<p style=\"text-align: justify\">A presente convoca\u00e7\u00e3o emergencial pauta-se nos princ\u00edpios da continuidade do servi\u00e7o p\u00fablico e da supremacia do interesse p\u00fablico, e ser\u00e1 adotada exclusivamente nos casos em que n\u00e3o houver mais candidatos habilitados no banco vigente, conforme previsto no edital e na legisla\u00e7\u00e3o pertinente.<\/p>\n<p style=\"text-align: center\">SEDUC\/GO<\/p>\n<h2 align=\"center\"><strong style=\"color: revert;font-size: revert\">COMUNICADO<\/strong><\/h2>\n<p style=\"text-align: center\"><strong>PARA CONTRATA\u00c7\u00c3O TEMPOR\u00c1RIA<\/strong><\/p>\n<pre style=\"text-align: center\">Publica\u00e7\u00e3o: 27\/02\/2026 \nEncerramento: 03\/03\/2026 \u00e0s 18h\n<\/pre>\n<p style=\"text-align: justify\">O Governo do Estado de Goi\u00e1s, por interm\u00e9dio da Secretaria de Estado da Educa\u00e7\u00e3o, informa que, embora esteja vigente o Processo Seletivo Simplificado regido pelo Edital n\u00ba 020\/2024 \u2013 destinado \u00e0 composi\u00e7\u00e3o de banco de habilitados para contrata\u00e7\u00e3o tempor\u00e1ria de professores \u2013, no \u00e2mbito do <strong>munic\u00edpio de LUZI\u00c2NIA<\/strong>, jurisdicionado \u00e0 Coordena\u00e7\u00e3o Regional de Educa\u00e7\u00e3o de <strong>LUZIANIA<\/strong>, o referido banco encontra-se esgotado para a fun\u00e7\u00e3o de <strong>Professor de Matem\u00e1tica, 30 aulas (37 horas) semanais, no turno Matutino\/Vespertino.<\/strong><\/p>\n<p style=\"text-align: justify\">Diante da inexist\u00eancia de candidatos habilitados dispon\u00edveis para convoca\u00e7\u00e3o, e considerando a exist\u00eancia de d\u00e9ficit de profissional docente, justificado pelo art. 208 da Lei n\u00ba 13.909\/2001, a Secretaria de Estado da Educa\u00e7\u00e3o deliberou pela ado\u00e7\u00e3o de procedimento emergencial de sele\u00e7\u00e3o curricular, com o objetivo de realizar contrata\u00e7\u00e3o por tempo determinado, de natureza excepcional e urgente, nos termos da Lei Estadual n\u00ba 20.918\/2020.<\/p>\n<p style=\"text-align: justify\">Nesse sentido, a Coordena\u00e7\u00e3o Regional de Educa\u00e7\u00e3o de <strong>LUZIANIA<\/strong> est\u00e1 recebendo curr\u00edculos, exclusivamente por e-mail, para fins de sele\u00e7\u00e3o e contrata\u00e7\u00e3o tempor\u00e1ria de 01 (um) professor de <strong>Matem\u00e1tica<\/strong>, no(a) <strong>COL\u00c9GIO ESTADUAL EM PER\u00cdODO INTEGRAL H\u00c9LIO RODRIGUES DE QUEIROZ<\/strong>. A presente medida visa evitar a interrup\u00e7\u00e3o das atividades escolares e garantir a continuidade do processo de ensino e aprendizagem, resguardando o direito constitucional \u00e0 educa\u00e7\u00e3o dos estudantes da Rede Estadual de Ensino.<\/p>\n<p style=\"text-align: justify\">Os interessados devem encaminhar curr\u00edculo atualizado ao endere\u00e7o eletr\u00f4nico oficial da Assessoria Financeira da CRE de <strong>LUZIANIA afin.luziania@seduc.go.gov.br<\/strong>, informando contatos telef\u00f4nicos e endere\u00e7o de e-mail para retorno.<\/p>\n<p style=\"text-align: justify\">Para a an\u00e1lise dos curr\u00edculos, ser\u00e1 constitu\u00edda comiss\u00e3o espec\u00edfica no \u00e2mbito da Coordena\u00e7\u00e3o Regional de Educa\u00e7\u00e3o de <strong>LUZIANIA<\/strong>, composta por membros desta unidade administrativa, a qual adotar\u00e1 crit\u00e9rios objetivos e ison\u00f4micos na sele\u00e7\u00e3o dos profissionais, assegurando a observ\u00e2ncia dos princ\u00edpios da legalidade, impessoalidade e interesse p\u00fablico.<\/p>\n<p style=\"text-align: justify\">A presente convoca\u00e7\u00e3o emergencial pauta-se nos princ\u00edpios da continuidade do servi\u00e7o p\u00fablico e da supremacia do interesse p\u00fablico, e ser\u00e1 adotada exclusivamente nos casos em que n\u00e3o houver mais candidatos habilitados no banco vigente, conforme previsto no edital e na legisla\u00e7\u00e3o pertinente.<\/p>\n<p style=\"text-align: center\">SEDUC\/GO<\/p>\n<h2 align=\"center\"><strong style=\"color: revert;font-size: revert\">COMUNICADO<\/strong><\/h2>\n<p style=\"text-align: center\"><strong>PARA CONTRATA\u00c7\u00c3O TEMPOR\u00c1RIA<\/strong><\/p>\n<pre style=\"text-align: center\">Publica\u00e7\u00e3o: 27\/02\/2026 \nEncerramento: 03\/03\/2026 \u00e0s 18h\n<\/pre>\n<p style=\"text-align: justify\">O Governo do Estado de Goi\u00e1s, por interm\u00e9dio da Secretaria de Estado da Educa\u00e7\u00e3o, informa que, embora esteja vigente o Processo Seletivo Simplificado regido pelo Edital n\u00ba 020\/2024 \u2013 destinado \u00e0 composi\u00e7\u00e3o de banco de habilitados para contrata\u00e7\u00e3o tempor\u00e1ria de professores \u2013, no \u00e2mbito do <strong>munic\u00edpio de LUZI\u00c2NIA<\/strong>, jurisdicionado \u00e0 Coordena\u00e7\u00e3o Regional de Educa\u00e7\u00e3o de <strong>LUZIANIA<\/strong>, o referido banco encontra-se esgotado para a fun\u00e7\u00e3o de <strong>Professor de L\u00edngua Portuguesa, 30 aulas (37 horas) semanais, no turno Matutino\/Vespertino.<\/strong><\/p>\n<p style=\"text-align: justify\">Diante da inexist\u00eancia de candidatos habilitados dispon\u00edveis para convoca\u00e7\u00e3o, e considerando a exist\u00eancia de d\u00e9ficit de profissional docente, justificado pelo art. 208 da Lei n\u00ba 13.909\/2001, a Secretaria de Estado da Educa\u00e7\u00e3o deliberou pela ado\u00e7\u00e3o de procedimento emergencial de sele\u00e7\u00e3o curricular, com o objetivo de realizar contrata\u00e7\u00e3o por tempo determinado, de natureza excepcional e urgente, nos termos da Lei Estadual n\u00ba 20.918\/2020.<\/p>\n<p style=\"text-align: justify\">Nesse sentido, a Coordena\u00e7\u00e3o Regional de Educa\u00e7\u00e3o de <strong>LUZIANIA<\/strong> est\u00e1 recebendo curr\u00edculos, exclusivamente por e-mail, para fins de sele\u00e7\u00e3o e contrata\u00e7\u00e3o tempor\u00e1ria de 01 (um) professor de <strong>L\u00edngua Portuguesa<\/strong>, no(a) <strong>COL\u00c9GIO ESTADUAL EM PER\u00cdODO INTEGRAL ESTER DA CUNHA PERES<\/strong>. A presente medida visa evitar a interrup\u00e7\u00e3o das atividades escolares e garantir a continuidade do processo de ensino e aprendizagem, resguardando o direito constitucional \u00e0 educa\u00e7\u00e3o dos estudantes da Rede Estadual de Ensino.<\/p>\n<p style=\"text-align: justify\">Os interessados devem encaminhar curr\u00edculo atualizado ao endere\u00e7o eletr\u00f4nico oficial da Assessoria Financeira da CRE de <strong>LUZIANIA afin.luziania@seduc.go.gov.br<\/strong>, informando contatos telef\u00f4nicos e endere\u00e7o de e-mail para retorno.<\/p>\n<p style=\"text-align: justify\">Para a an\u00e1lise dos curr\u00edculos, ser\u00e1 constitu\u00edda comiss\u00e3o espec\u00edfica no \u00e2mbito da Coordena\u00e7\u00e3o Regional de Educa\u00e7\u00e3o de <strong>LUZIANIA<\/strong>, composta por membros desta unidade administrativa, a qual adotar\u00e1 crit\u00e9rios objetivos e ison\u00f4micos na sele\u00e7\u00e3o dos profissionais, assegurando a observ\u00e2ncia dos princ\u00edpios da legalidade, impessoalidade e interesse p\u00fablico.<\/p>\n<p style=\"text-align: justify\">A presente convoca\u00e7\u00e3o emergencial pauta-se nos princ\u00edpios da continuidade do servi\u00e7o p\u00fablico e da supremacia do interesse p\u00fablico, e ser\u00e1 adotada exclusivamente nos casos em que n\u00e3o houver mais candidatos habilitados no banco vigente, conforme previsto no edital e na legisla\u00e7\u00e3o pertinente.<\/p>\n<p style=\"text-align: center\">SEDUC\/GO<\/p>\n<h2 align=\"center\"><strong style=\"color: revert;font-size: revert\">COMUNICADO<\/strong><\/h2>\n<p style=\"text-align: center\"><strong>PARA CONTRATA\u00c7\u00c3O TEMPOR\u00c1RIA<\/strong><\/p>\n<pre style=\"text-align: center\">Publica\u00e7\u00e3o: 27\/02\/2026 \nEncerramento: 03\/03\/2026 \u00e0s 18h\n<\/pre>\n<p style=\"text-align: justify\">O Governo do Estado de Goi\u00e1s, por interm\u00e9dio da Secretaria de Estado da Educa\u00e7\u00e3o, informa que, embora esteja vigente o Processo Seletivo Simplificado regido pelo Edital n\u00ba 020\/2024 \u2013 destinado \u00e0 composi\u00e7\u00e3o de banco de habilitados para contrata\u00e7\u00e3o tempor\u00e1ria de professores \u2013, no \u00e2mbito do <strong>munic\u00edpio de CRISTALINA<\/strong>, jurisdicionado \u00e0 Coordena\u00e7\u00e3o Regional de Educa\u00e7\u00e3o de <strong>LUZIANIA<\/strong>, o referido banco encontra-se esgotado para a fun\u00e7\u00e3o de <strong>Professor de Matem\u00e1tica, 30 aulas (37 horas) semanais, no turno Matutino\/Vespertino.<\/strong><\/p>\n<p style=\"text-align: justify\">Diante da inexist\u00eancia de candidatos habilitados dispon\u00edveis para convoca\u00e7\u00e3o, e considerando a exist\u00eancia de d\u00e9ficit de profissional docente, justificado pelo art. 208 da Lei n\u00ba 13.909\/2001, a Secretaria de Estado da Educa\u00e7\u00e3o deliberou pela ado\u00e7\u00e3o de procedimento emergencial de sele\u00e7\u00e3o curricular, com o objetivo de realizar contrata\u00e7\u00e3o por tempo determinado, de natureza excepcional e urgente, nos termos da Lei Estadual n\u00ba 20.918\/2020.<\/p>\n<p style=\"text-align: justify\">Nesse sentido, a Coordena\u00e7\u00e3o Regional de Educa\u00e7\u00e3o de <strong>LUZIANIA<\/strong> est\u00e1 recebendo curr\u00edculos, exclusivamente por e-mail, para fins de sele\u00e7\u00e3o e contrata\u00e7\u00e3o tempor\u00e1ria de 01 (um) professor de <strong>Matem\u00e1tica<\/strong>, no(a) <strong>COL\u00c9GIO ESTADUAL DA POL\u00cdCIA MILITAR DE GOI\u00c1S OLGA AGUIAR MOHN<\/strong>. A presente medida visa evitar a interrup\u00e7\u00e3o das atividades escolares e garantir a continuidade do processo de ensino e aprendizagem, resguardando o direito constitucional \u00e0 educa\u00e7\u00e3o dos estudantes da Rede Estadual de Ensino.<\/p>\n<p style=\"text-align: justify\">Os interessados devem encaminhar curr\u00edculo atualizado ao endere\u00e7o eletr\u00f4nico oficial da Assessoria Financeira da CRE de <strong>LUZIANIA afin.luziania@seduc.go.gov.br<\/strong>, informando contatos telef\u00f4nicos e endere\u00e7o de e-mail para retorno.<\/p>\n<p style=\"text-align: justify\">Para a an\u00e1lise dos curr\u00edculos, ser\u00e1 constitu\u00edda comiss\u00e3o espec\u00edfica no \u00e2mbito da Coordena\u00e7\u00e3o Regional de Educa\u00e7\u00e3o de <strong>LUZIANIA<\/strong>, composta por membros desta unidade administrativa, a qual adotar\u00e1 crit\u00e9rios objetivos e ison\u00f4micos na sele\u00e7\u00e3o dos profissionais, assegurando a observ\u00e2ncia dos princ\u00edpios da legalidade, impessoalidade e interesse p\u00fablico.<\/p>\n<p style=\"text-align: justify\">A presente convoca\u00e7\u00e3o emergencial pauta-se nos princ\u00edpios da continuidade do servi\u00e7o p\u00fablico e da supremacia do interesse p\u00fablico, e ser\u00e1 adotada exclusivamente nos casos em que n\u00e3o houver mais candidatos habilitados no banco vigente, conforme previsto no edital e na legisla\u00e7\u00e3o pertinente.<\/p>\n<p style=\"text-align: center\">SEDUC\/GO<\/p>\n<h2 align=\"center\"><strong style=\"color: revert;font-size: revert\">COMUNICADO<\/strong><\/h2>\n<p style=\"text-align: center\"><strong>PARA CONTRATA\u00c7\u00c3O TEMPOR\u00c1RIA<\/strong><\/p>\n<pre style=\"text-align: center\">Publica\u00e7\u00e3o: 26\/02\/2026 \nEncerramento: 02\/03\/2026 \u00e0s 18h\n<\/pre>\n<p style=\"text-align: justify\">O Governo do Estado de Goi\u00e1s, por interm\u00e9dio da Secretaria de Estado da Educa\u00e7\u00e3o, informa que, embora esteja vigente o Processo Seletivo Simplificado regido pelo Edital n\u00ba 020\/2024 \u2013 destinado \u00e0 composi\u00e7\u00e3o de banco de habilitados para contrata\u00e7\u00e3o tempor\u00e1ria de professores \u2013, no \u00e2mbito do <strong>munic\u00edpio de LUZI\u00c2NIA<\/strong>, jurisdicionado \u00e0 Coordena\u00e7\u00e3o Regional de Educa\u00e7\u00e3o de <strong>LUZIANIA<\/strong>, o referido banco encontra-se esgotado para a fun\u00e7\u00e3o de <strong>Professor de L\u00edngua Inglesa, 30 aulas (37 horas) semanais, no turno Matutino\/Vespertino.<\/strong><\/p>\n<p style=\"text-align: justify\">Diante da inexist\u00eancia de candidatos habilitados dispon\u00edveis para convoca\u00e7\u00e3o, e considerando a exist\u00eancia de d\u00e9ficit de profissional docente, justificado pelo art. 208 da Lei n\u00ba 13.909\/2001, a Secretaria de Estado da Educa\u00e7\u00e3o deliberou pela ado\u00e7\u00e3o de procedimento emergencial de sele\u00e7\u00e3o curricular, com o objetivo de realizar contrata\u00e7\u00e3o por tempo determinado, de natureza excepcional e urgente, nos termos da Lei Estadual n\u00ba 20.918\/2020.<\/p>\n<p style=\"text-align: justify\">Nesse sentido, a Coordena\u00e7\u00e3o Regional de Educa\u00e7\u00e3o de <strong>LUZIANIA<\/strong> est\u00e1 recebendo curr\u00edculos, exclusivamente por e-mail, para fins de sele\u00e7\u00e3o e contrata\u00e7\u00e3o tempor\u00e1ria de 01 (um) professor de <strong>L\u00edngua Inglesa<\/strong>, no(a) <strong>COL\u00c9GIO ESTADUAL PROFESSOR JOS\u00c9 CARNEIRO FILHO<\/strong>. A presente medida visa evitar a interrup\u00e7\u00e3o das atividades escolares e garantir a continuidade do processo de ensino e aprendizagem, resguardando o direito constitucional \u00e0 educa\u00e7\u00e3o dos estudantes da Rede Estadual de Ensino.<\/p>\n<p style=\"text-align: justify\">Os interessados devem encaminhar curr\u00edculo atualizado ao endere\u00e7o eletr\u00f4nico oficial da Assessoria Financeira da CRE de <strong>LUZIANIA afin.luziania@seduc.go.gov.br<\/strong>, informando contatos telef\u00f4nicos e endere\u00e7o de e-mail para retorno.<\/p>\n<p style=\"text-align: justify\">Para a an\u00e1lise dos curr\u00edculos, ser\u00e1 constitu\u00edda comiss\u00e3o espec\u00edfica no \u00e2mbito da Coordena\u00e7\u00e3o Regional de Educa\u00e7\u00e3o de <strong>LUZIANIA<\/strong>, composta por membros desta unidade administrativa, a qual adotar\u00e1 crit\u00e9rios objetivos e ison\u00f4micos na sele\u00e7\u00e3o dos profissionais, assegurando a observ\u00e2ncia dos princ\u00edpios da legalidade, impessoalidade e interesse p\u00fablico.<\/p>\n<p style=\"text-align: justify\">A presente convoca\u00e7\u00e3o emergencial pauta-se nos princ\u00edpios da continuidade do servi\u00e7o p\u00fablico e da supremacia do interesse p\u00fablico, e ser\u00e1 adotada exclusivamente nos casos em que n\u00e3o houver mais candidatos habilitados no banco vigente, conforme previsto no edital e na legisla\u00e7\u00e3o pertinente.<\/p>\n<p style=\"text-align: center\">SEDUC\/GO<\/p>\n<h2 align=\"center\"><strong style=\"color: revert;font-size: revert\">COMUNICADO<\/strong><\/h2>\n<p style=\"text-align: center\"><strong>PARA CONTRATA\u00c7\u00c3O TEMPOR\u00c1RIA<\/strong><\/p>\n<pre style=\"text-align: center\">Publica\u00e7\u00e3o: 26\/02\/2026 \nEncerramento: 02\/03\/2026 \u00e0s 18h\n<\/pre>\n<p style=\"text-align: justify\">O Governo do Estado de Goi\u00e1s, por interm\u00e9dio da Secretaria de Estado da Educa\u00e7\u00e3o, informa que, embora esteja vigente o Processo Seletivo Simplificado regido pelo Edital n\u00ba 020\/2024 \u2013 destinado \u00e0 composi\u00e7\u00e3o de banco de habilitados para contrata\u00e7\u00e3o tempor\u00e1ria de professores \u2013, no \u00e2mbito do <strong>munic\u00edpio de LUZI\u00c2NIA<\/strong>, jurisdicionado \u00e0 Coordena\u00e7\u00e3o Regional de Educa\u00e7\u00e3o de <strong>LUZIANIA<\/strong>, o referido banco encontra-se esgotado para a fun\u00e7\u00e3o de <strong>Professor de Matem\u00e1tica, 30 aulas (37 horas) semanais, no turno Matutino\/Vespertino.<\/strong><\/p>\n<p style=\"text-align: justify\">Diante da inexist\u00eancia de candidatos habilitados dispon\u00edveis para convoca\u00e7\u00e3o, e considerando a exist\u00eancia de d\u00e9ficit de profissional docente, justificado pelo art. 208 da Lei n\u00ba 13.909\/2001, a Secretaria de Estado da Educa\u00e7\u00e3o deliberou pela ado\u00e7\u00e3o de procedimento emergencial de sele\u00e7\u00e3o curricular, com o objetivo de realizar contrata\u00e7\u00e3o por tempo determinado, de natureza excepcional e urgente, nos termos da Lei Estadual n\u00ba 20.918\/2020.<\/p>\n<p style=\"text-align: justify\">Nesse sentido, a Coordena\u00e7\u00e3o Regional de Educa\u00e7\u00e3o de <strong>LUZIANIA<\/strong> est\u00e1 recebendo curr\u00edculos, exclusivamente por e-mail, para fins de sele\u00e7\u00e3o e contrata\u00e7\u00e3o tempor\u00e1ria de 01 (um) professor de <strong>Matem\u00e1tica<\/strong>, no(a) <strong>COL\u00c9GIO ESTADUAL EM PER\u00cdODO INTEGRAL ESTER DA CUNHA PERES<\/strong>. A presente medida visa evitar a interrup\u00e7\u00e3o das atividades escolares e garantir a continuidade do processo de ensino e aprendizagem, resguardando o direito constitucional \u00e0 educa\u00e7\u00e3o dos estudantes da Rede Estadual de Ensino.<\/p>\n<p style=\"text-align: justify\">Os interessados devem encaminhar curr\u00edculo atualizado ao endere\u00e7o eletr\u00f4nico oficial da Assessoria Financeira da CRE de <strong>LUZIANIA afin.luziania@seduc.go.gov.br<\/strong>, informando contatos telef\u00f4nicos e endere\u00e7o de e-mail para retorno.<\/p>\n<p style=\"text-align: justify\">Para a an\u00e1lise dos curr\u00edculos, ser\u00e1 constitu\u00edda comiss\u00e3o espec\u00edfica no \u00e2mbito da Coordena\u00e7\u00e3o Regional de Educa\u00e7\u00e3o de <strong>LUZIANIA<\/strong>, composta por membros desta unidade administrativa, a qual adotar\u00e1 crit\u00e9rios objetivos e ison\u00f4micos na sele\u00e7\u00e3o dos profissionais, assegurando a observ\u00e2ncia dos princ\u00edpios da legalidade, impessoalidade e interesse p\u00fablico.<\/p>\n<p style=\"text-align: justify\">A presente convoca\u00e7\u00e3o emergencial pauta-se nos princ\u00edpios da continuidade do servi\u00e7o p\u00fablico e da supremacia do interesse p\u00fablico, e ser\u00e1 adotada exclusivamente nos casos em que n\u00e3o houver mais candidatos habilitados no banco vigente, conforme previsto no edital e na legisla\u00e7\u00e3o pertinente.<\/p>\n<p style=\"text-align: center\">SEDUC\/GO<\/p>\n<h2 align=\"center\"><strong style=\"color: revert;font-size: revert\">COMUNICADO<\/strong><\/h2>\n<p style=\"text-align: center\"><strong>PARA CONTRATA\u00c7\u00c3O TEMPOR\u00c1RIA<\/strong><\/p>\n<pre style=\"text-align: center\">Publica\u00e7\u00e3o: 26\/02\/2026 \nEncerramento: 02\/03\/2026 \u00e0s 18h\n<\/pre>\n<p style=\"text-align: justify\">O Governo do Estado de Goi\u00e1s, por interm\u00e9dio da Secretaria de Estado da Educa\u00e7\u00e3o, informa que, embora esteja vigente o Processo Seletivo Simplificado regido pelo Edital n\u00ba 020\/2024 \u2013 destinado \u00e0 composi\u00e7\u00e3o de banco de habilitados para contrata\u00e7\u00e3o tempor\u00e1ria de professores \u2013, no \u00e2mbito do <strong>munic\u00edpio de LUZI\u00c2NIA<\/strong>, jurisdicionado \u00e0 Coordena\u00e7\u00e3o Regional de Educa\u00e7\u00e3o de <strong>LUZIANIA<\/strong>, o referido banco encontra-se esgotado para a fun\u00e7\u00e3o de <strong>Professor de L\u00edngua Portuguesa, 30 aulas (37 horas) semanais, no turno Matutino\/Vespertino.<\/strong><\/p>\n<p style=\"text-align: justify\">Diante da inexist\u00eancia de candidatos habilitados dispon\u00edveis para convoca\u00e7\u00e3o, e considerando a exist\u00eancia de d\u00e9ficit de profissional docente, justificado pelo art. 208 da Lei n\u00ba 13.909\/2001, a Secretaria de Estado da Educa\u00e7\u00e3o deliberou pela ado\u00e7\u00e3o de procedimento emergencial de sele\u00e7\u00e3o curricular, com o objetivo de realizar contrata\u00e7\u00e3o por tempo determinado, de natureza excepcional e urgente, nos termos da Lei Estadual n\u00ba 20.918\/2020.<\/p>\n<p style=\"text-align: justify\">Nesse sentido, a Coordena\u00e7\u00e3o Regional de Educa\u00e7\u00e3o de <strong>LUZIANIA<\/strong> est\u00e1 recebendo curr\u00edculos, exclusivamente por e-mail, para fins de sele\u00e7\u00e3o e contrata\u00e7\u00e3o tempor\u00e1ria de 01 (um) professor de <strong>L\u00edngua Portuguesa<\/strong>, no(a) <strong>COL\u00c9GIO ESTADUAL VASCO DOS REIS GON\u00c7ALVES<\/strong>. A presente medida visa evitar a interrup\u00e7\u00e3o das atividades escolares e garantir a continuidade do processo de ensino e aprendizagem, resguardando o direito constitucional \u00e0 educa\u00e7\u00e3o dos estudantes da Rede Estadual de Ensino.<\/p>\n<p style=\"text-align: justify\">Os interessados devem encaminhar curr\u00edculo atualizado ao endere\u00e7o eletr\u00f4nico oficial da Assessoria Financeira da CRE de <strong>LUZIANIA afin.luziania@seduc.go.gov.br<\/strong>, informando contatos telef\u00f4nicos e endere\u00e7o de e-mail para retorno.<\/p>\n<p style=\"text-align: justify\">Para a an\u00e1lise dos curr\u00edculos, ser\u00e1 constitu\u00edda comiss\u00e3o espec\u00edfica no \u00e2mbito da Coordena\u00e7\u00e3o Regional de Educa\u00e7\u00e3o de <strong>LUZIANIA<\/strong>, composta por membros desta unidade administrativa, a qual adotar\u00e1 crit\u00e9rios objetivos e ison\u00f4micos na sele\u00e7\u00e3o dos profissionais, assegurando a observ\u00e2ncia dos princ\u00edpios da legalidade, impessoalidade e interesse p\u00fablico.<\/p>\n<p style=\"text-align: justify\">A presente convoca\u00e7\u00e3o emergencial pauta-se nos princ\u00edpios da continuidade do servi\u00e7o p\u00fablico e da supremacia do interesse p\u00fablico, e ser\u00e1 adotada exclusivamente nos casos em que n\u00e3o houver mais candidatos habilitados no banco vigente, conforme previsto no edital e na legisla\u00e7\u00e3o pertinente.<\/p>\n<p style=\"text-align: center\">SEDUC\/GO<\/p>\n<h2 align=\"center\"><strong style=\"color: revert;font-size: revert\">COMUNICADO<\/strong><\/h2>\n<p style=\"text-align: center\"><strong>PARA CONTRATA\u00c7\u00c3O TEMPOR\u00c1RIA<\/strong><\/p>\n<pre style=\"text-align: center\">Publica\u00e7\u00e3o: 26\/02\/2026 \nEncerramento: 02\/03\/2026 \u00e0s 18h\n<\/pre>\n<p style=\"text-align: justify\">O Governo do Estado de Goi\u00e1s, por interm\u00e9dio da Secretaria de Estado da Educa\u00e7\u00e3o, informa que, embora esteja vigente o Processo Seletivo Simplificado regido pelo Edital n\u00ba 020\/2024 \u2013 destinado \u00e0 composi\u00e7\u00e3o de banco de habilitados para contrata\u00e7\u00e3o tempor\u00e1ria de professores \u2013, no \u00e2mbito do <strong>munic\u00edpio de LUZI\u00c2NIA<\/strong>, jurisdicionado \u00e0 Coordena\u00e7\u00e3o Regional de Educa\u00e7\u00e3o de <strong>LUZIANIA<\/strong>, o referido banco encontra-se esgotado para a fun\u00e7\u00e3o de <strong>Professor de L\u00edngua Portuguesa, 30 aulas (37 horas) semanais, no turno Matutino\/Vespertino.<\/strong><\/p>\n<p style=\"text-align: justify\">Diante da inexist\u00eancia de candidatos habilitados dispon\u00edveis para convoca\u00e7\u00e3o, e considerando a exist\u00eancia de d\u00e9ficit de profissional docente, justificado pelo art. 208 da Lei n\u00ba 13.909\/2001, a Secretaria de Estado da Educa\u00e7\u00e3o deliberou pela ado\u00e7\u00e3o de procedimento emergencial de sele\u00e7\u00e3o curricular, com o objetivo de realizar contrata\u00e7\u00e3o por tempo determinado, de natureza excepcional e urgente, nos termos da Lei Estadual n\u00ba 20.918\/2020.<\/p>\n<p style=\"text-align: justify\">Nesse sentido, a Coordena\u00e7\u00e3o Regional de Educa\u00e7\u00e3o de <strong>LUZIANIA<\/strong> est\u00e1 recebendo curr\u00edculos, exclusivamente por e-mail, para fins de sele\u00e7\u00e3o e contrata\u00e7\u00e3o tempor\u00e1ria de 01 (um) professor de <strong>L\u00edngua Portuguesa<\/strong>, no(a) <strong>COL\u00c9GIO ESTADUAL EM PER\u00cdODO INTEGRAL FRANCISCO MACHADO DE ARAUJO<\/strong>. A presente medida visa evitar a interrup\u00e7\u00e3o das atividades escolares e garantir a continuidade do processo de ensino e aprendizagem, resguardando o direito constitucional \u00e0 educa\u00e7\u00e3o dos estudantes da Rede Estadual de Ensino.<\/p>\n<p style=\"text-align: justify\">Os interessados devem encaminhar curr\u00edculo atualizado ao endere\u00e7o eletr\u00f4nico oficial da Assessoria Financeira da CRE de <strong>LUZIANIA afin.luziania@seduc.go.gov.br<\/strong>, informando contatos telef\u00f4nicos e endere\u00e7o de e-mail para retorno.<\/p>\n<p style=\"text-align: justify\">Para a an\u00e1lise dos curr\u00edculos, ser\u00e1 constitu\u00edda comiss\u00e3o espec\u00edfica no \u00e2mbito da Coordena\u00e7\u00e3o Regional de Educa\u00e7\u00e3o de <strong>LUZIANIA<\/strong>, composta por membros desta unidade administrativa, a qual adotar\u00e1 crit\u00e9rios objetivos e ison\u00f4micos na sele\u00e7\u00e3o dos profissionais, assegurando a observ\u00e2ncia dos princ\u00edpios da legalidade, impessoalidade e interesse p\u00fablico.<\/p>\n<p style=\"text-align: justify\">A presente convoca\u00e7\u00e3o emergencial pauta-se nos princ\u00edpios da continuidade do servi\u00e7o p\u00fablico e da supremacia do interesse p\u00fablico, e ser\u00e1 adotada exclusivamente nos casos em que n\u00e3o houver mais candidatos habilitados no banco vigente, conforme previsto no edital e na legisla\u00e7\u00e3o pertinente.<\/p>\n<p style=\"text-align: center\">SEDUC\/GO<\/p>\n<h2 align=\"center\"><strong style=\"color: revert;font-size: revert\">COMUNICADO<\/strong><\/h2>\n<p style=\"text-align: center\"><strong>PARA CONTRATA\u00c7\u00c3O TEMPOR\u00c1RIA<\/strong><\/p>\n<pre style=\"text-align: center\">Publica\u00e7\u00e3o: 21\/02\/2026 \nEncerramento: 24\/02\/2026 \u00e0s 18h\n<\/pre>\n<p style=\"text-align: justify\">O Governo do Estado de Goi\u00e1s, por interm\u00e9dio da Secretaria de Estado da Educa\u00e7\u00e3o, informa que, embora esteja vigente o Processo Seletivo Simplificado regido pelo Edital n\u00ba 020\/2024 \u2013 destinado \u00e0 composi\u00e7\u00e3o de banco de habilitados para contrata\u00e7\u00e3o tempor\u00e1ria de professores \u2013, no \u00e2mbito do <strong>munic\u00edpio de CRISTALINA<\/strong>, jurisdicionado \u00e0 Coordena\u00e7\u00e3o Regional de Educa\u00e7\u00e3o de <strong>LUZIANIA<\/strong>, o referido banco encontra-se esgotado para a fun\u00e7\u00e3o de <strong>Professor de Qu\u00edmica, 30 aulas (37 horas) semanais, no turno Matutino\/Vespertino.<\/strong><\/p>\n<p style=\"text-align: justify\">Diante da inexist\u00eancia de candidatos habilitados dispon\u00edveis para convoca\u00e7\u00e3o, e considerando a exist\u00eancia de d\u00e9ficit de profissional docente, justificado pelo art. 208 da Lei n\u00ba 13.909\/2001, a Secretaria de Estado da Educa\u00e7\u00e3o deliberou pela ado\u00e7\u00e3o de procedimento emergencial de sele\u00e7\u00e3o curricular, com o objetivo de realizar contrata\u00e7\u00e3o por tempo determinado, de natureza excepcional e urgente, nos termos da Lei Estadual n\u00ba 20.918\/2020.<\/p>\n<p style=\"text-align: justify\">Nesse sentido, a Coordena\u00e7\u00e3o Regional de Educa\u00e7\u00e3o de <strong>LUZIANIA<\/strong> est\u00e1 recebendo curr\u00edculos, exclusivamente por e-mail, para fins de sele\u00e7\u00e3o e contrata\u00e7\u00e3o tempor\u00e1ria de 01 (um) professor de <strong>Qu\u00edmica<\/strong>, no(a) <strong>COL\u00c9GIO ESTADUAL EM PER\u00cdODO INTEGRAL ESTER DA CUNHA PERES<\/strong>. A presente medida visa evitar a interrup\u00e7\u00e3o das atividades escolares e garantir a continuidade do processo de ensino e aprendizagem, resguardando o direito constitucional \u00e0 educa\u00e7\u00e3o dos estudantes da Rede Estadual de Ensino.<\/p>\n<p style=\"text-align: justify\">Os interessados devem encaminhar curr\u00edculo atualizado ao endere\u00e7o eletr\u00f4nico oficial da Assessoria Financeira da CRE de <strong>LUZIANIA afin.luziania@seduc.go.gov.br<\/strong>, informando contatos telef\u00f4nicos e endere\u00e7o de e-mail para retorno.<\/p>\n<p style=\"text-align: justify\">Para a an\u00e1lise dos curr\u00edculos, ser\u00e1 constitu\u00edda comiss\u00e3o espec\u00edfica no \u00e2mbito da Coordena\u00e7\u00e3o Regional de Educa\u00e7\u00e3o de <strong>LUZIANIA<\/strong>, composta por membros desta unidade administrativa, a qual adotar\u00e1 crit\u00e9rios objetivos e ison\u00f4micos na sele\u00e7\u00e3o dos profissionais, assegurando a observ\u00e2ncia dos princ\u00edpios da legalidade, impessoalidade e interesse p\u00fablico.<\/p>\n<p style=\"text-align: justify\">A presente convoca\u00e7\u00e3o emergencial pauta-se nos princ\u00edpios da continuidade do servi\u00e7o p\u00fablico e da supremacia do interesse p\u00fablico, e ser\u00e1 adotada exclusivamente nos casos em que n\u00e3o houver mais candidatos habilitados no banco vigente, conforme previsto no edital e na legisla\u00e7\u00e3o pertinente.<\/p>\n<p style=\"text-align: center\">SEDUC\/GO<\/p>\n<h2 align=\"center\"><strong style=\"color: revert;font-size: revert\">COMUNICADO<\/strong><\/h2>\n<p style=\"text-align: center\"><strong>PARA CONTRATA\u00c7\u00c3O TEMPOR\u00c1RIA<\/strong><\/p>\n<pre style=\"text-align: center\">Publica\u00e7\u00e3o: 21\/02\/2026 \nEncerramento: 24\/02\/2026 \u00e0s 18h\n<\/pre>\n<p style=\"text-align: justify\">O Governo do Estado de Goi\u00e1s, por interm\u00e9dio da Secretaria de Estado da Educa\u00e7\u00e3o, informa que, embora esteja vigente o Processo Seletivo Simplificado regido pelo Edital n\u00ba 020\/2024 \u2013 destinado \u00e0 composi\u00e7\u00e3o de banco de habilitados para contrata\u00e7\u00e3o tempor\u00e1ria de professores \u2013, no \u00e2mbito do <strong>munic\u00edpio de LUZI\u00c2NIA<\/strong>, jurisdicionado \u00e0 Coordena\u00e7\u00e3o Regional de Educa\u00e7\u00e3o de <strong>LUZIANIA<\/strong>, o referido banco encontra-se esgotado para a fun\u00e7\u00e3o de <strong>Professor de Matem\u00e1tica, 30 aulas (37 horas) semanais, no turno Matutino\/Vespertino.<\/strong><\/p>\n<p style=\"text-align: justify\">Diante da inexist\u00eancia de candidatos habilitados dispon\u00edveis para convoca\u00e7\u00e3o, e considerando a exist\u00eancia de d\u00e9ficit de profissional docente, justificado pelo art. 208 da Lei n\u00ba 13.909\/2001, a Secretaria de Estado da Educa\u00e7\u00e3o deliberou pela ado\u00e7\u00e3o de procedimento emergencial de sele\u00e7\u00e3o curricular, com o objetivo de realizar contrata\u00e7\u00e3o por tempo determinado, de natureza excepcional e urgente, nos termos da Lei Estadual n\u00ba 20.918\/2020.<\/p>\n<p style=\"text-align: justify\">Nesse sentido, a Coordena\u00e7\u00e3o Regional de Educa\u00e7\u00e3o de <strong>LUZIANIA<\/strong> est\u00e1 recebendo curr\u00edculos, exclusivamente por e-mail, para fins de sele\u00e7\u00e3o e contrata\u00e7\u00e3o tempor\u00e1ria de 01 (um) professor de <strong>Matem\u00e1tica<\/strong>, no(a) <strong>COL\u00c9GIO ESTADUAL EM PER\u00cdODO INTEGRAL FRANCISCO MACHADO DE ARAUJO<\/strong>. A presente medida visa evitar a interrup\u00e7\u00e3o das atividades escolares e garantir a continuidade do processo de ensino e aprendizagem, resguardando o direito constitucional \u00e0 educa\u00e7\u00e3o dos estudantes da Rede Estadual de Ensino.<\/p>\n<p style=\"text-align: justify\">Os interessados devem encaminhar curr\u00edculo atualizado ao endere\u00e7o eletr\u00f4nico oficial da Assessoria Financeira da CRE de <strong>LUZIANIA afin.luziania@seduc.go.gov.br<\/strong>, informando contatos telef\u00f4nicos e endere\u00e7o de e-mail para retorno.<\/p>\n<p style=\"text-align: justify\">Para a an\u00e1lise dos curr\u00edculos, ser\u00e1 constitu\u00edda comiss\u00e3o espec\u00edfica no \u00e2mbito da Coordena\u00e7\u00e3o Regional de Educa\u00e7\u00e3o de <strong>LUZIANIA<\/strong>, composta por membros desta unidade administrativa, a qual adotar\u00e1 crit\u00e9rios objetivos e ison\u00f4micos na sele\u00e7\u00e3o dos profissionais, assegurando a observ\u00e2ncia dos princ\u00edpios da legalidade, impessoalidade e interesse p\u00fablico.<\/p>\n<p style=\"text-align: justify\">A presente convoca\u00e7\u00e3o emergencial pauta-se nos princ\u00edpios da continuidade do servi\u00e7o p\u00fablico e da supremacia do interesse p\u00fablico, e ser\u00e1 adotada exclusivamente nos casos em que n\u00e3o houver mais candidatos habilitados no banco vigente, conforme previsto no edital e na legisla\u00e7\u00e3o pertinente.<\/p>\n<p style=\"text-align: center\">SEDUC\/GO<\/p>\n<h2 align=\"center\"><strong style=\"color: revert;font-size: revert\">COMUNICADO<\/strong><\/h2>\n<p style=\"text-align: center\"><strong>PARA CONTRATA\u00c7\u00c3O TEMPOR\u00c1RIA<\/strong><\/p>\n<pre style=\"text-align: center\">Publica\u00e7\u00e3o: 21\/02\/2026 \nEncerramento: 24\/02\/2026 \u00e0s 18h\n<\/pre>\n<p style=\"text-align: justify\">O Governo do Estado de Goi\u00e1s, por interm\u00e9dio da Secretaria de Estado da Educa\u00e7\u00e3o, informa que, embora esteja vigente o Processo Seletivo Simplificado regido pelo Edital n\u00ba 020\/2024 \u2013 destinado \u00e0 composi\u00e7\u00e3o de banco de habilitados para contrata\u00e7\u00e3o tempor\u00e1ria de professores \u2013, no \u00e2mbito do <strong>munic\u00edpio de LUZI\u00c2NIA<\/strong>, jurisdicionado \u00e0 Coordena\u00e7\u00e3o Regional de Educa\u00e7\u00e3o de <strong>LUZIANIA<\/strong>, o referido banco encontra-se esgotado para a fun\u00e7\u00e3o de <strong>Professor de Matem\u00e1tica, 30 aulas (37 horas) semanais, no turno Matutino\/Vespertino.<\/strong><\/p>\n<p style=\"text-align: justify\">Diante da inexist\u00eancia de candidatos habilitados dispon\u00edveis para convoca\u00e7\u00e3o, e considerando a exist\u00eancia de d\u00e9ficit de profissional docente, justificado pelo art. 208 da Lei n\u00ba 13.909\/2001, a Secretaria de Estado da Educa\u00e7\u00e3o deliberou pela ado\u00e7\u00e3o de procedimento emergencial de sele\u00e7\u00e3o curricular, com o objetivo de realizar contrata\u00e7\u00e3o por tempo determinado, de natureza excepcional e urgente, nos termos da Lei Estadual n\u00ba 20.918\/2020.<\/p>\n<p style=\"text-align: justify\">Nesse sentido, a Coordena\u00e7\u00e3o Regional de Educa\u00e7\u00e3o de <strong>LUZIANIA<\/strong> est\u00e1 recebendo curr\u00edculos, exclusivamente por e-mail, para fins de sele\u00e7\u00e3o e contrata\u00e7\u00e3o tempor\u00e1ria de 01 (um) professor de <strong>Matem\u00e1tica<\/strong>, no(a) <strong>COL\u00c9GIO ESTADUAL DA POL\u00cdCIA MILITAR DE GOI\u00c1S &#8211; ELY DA SILVA BRAZ<\/strong>. A presente medida visa evitar a interrup\u00e7\u00e3o das atividades escolares e garantir a continuidade do processo de ensino e aprendizagem, resguardando o direito constitucional \u00e0 educa\u00e7\u00e3o dos estudantes da Rede Estadual de Ensino.<\/p>\n<p style=\"text-align: justify\">Os interessados devem encaminhar curr\u00edculo atualizado ao endere\u00e7o eletr\u00f4nico oficial da Assessoria Financeira da CRE de <strong>LUZIANIA afin.luziania@seduc.go.gov.br<\/strong>, informando contatos telef\u00f4nicos e endere\u00e7o de e-mail para retorno.<\/p>\n<p style=\"text-align: justify\">Para a an\u00e1lise dos curr\u00edculos, ser\u00e1 constitu\u00edda comiss\u00e3o espec\u00edfica no \u00e2mbito da Coordena\u00e7\u00e3o Regional de Educa\u00e7\u00e3o de <strong>LUZIANIA<\/strong>, composta por membros desta unidade administrativa, a qual adotar\u00e1 crit\u00e9rios objetivos e ison\u00f4micos na sele\u00e7\u00e3o dos profissionais, assegurando a observ\u00e2ncia dos princ\u00edpios da legalidade, impessoalidade e interesse p\u00fablico.<\/p>\n<p style=\"text-align: justify\">A presente convoca\u00e7\u00e3o emergencial pauta-se nos princ\u00edpios da continuidade do servi\u00e7o p\u00fablico e da supremacia do interesse p\u00fablico, e ser\u00e1 adotada exclusivamente nos casos em que n\u00e3o houver mais candidatos habilitados no banco vigente, conforme previsto no edital e na legisla\u00e7\u00e3o pertinente.<\/p>\n<p style=\"text-align: center\">SEDUC\/GO<\/p>\n<h2 align=\"center\"><strong style=\"color: revert;font-size: revert\">COMUNICADO<\/strong><\/h2>\n<p style=\"text-align: center\"><strong>PARA CONTRATA\u00c7\u00c3O TEMPOR\u00c1RIA<\/strong><\/p>\n<pre style=\"text-align: center\">Publica\u00e7\u00e3o: 21\/02\/2026 \nEncerramento: 24\/02\/2026 \u00e0s 18h\n<\/pre>\n<p style=\"text-align: justify\">O Governo do Estado de Goi\u00e1s, por interm\u00e9dio da Secretaria de Estado da Educa\u00e7\u00e3o, informa que, embora esteja vigente o Processo Seletivo Simplificado regido pelo Edital n\u00ba 020\/2024 \u2013 destinado \u00e0 composi\u00e7\u00e3o de banco de habilitados para contrata\u00e7\u00e3o tempor\u00e1ria de professores \u2013, no \u00e2mbito do <strong>munic\u00edpio de LUZI\u00c2NIA<\/strong>, jurisdicionado \u00e0 Coordena\u00e7\u00e3o Regional de Educa\u00e7\u00e3o de <strong>LUZIANIA<\/strong>, o referido banco encontra-se esgotado para a fun\u00e7\u00e3o de <strong>Professor de Matem\u00e1tica, 30 aulas (37 horas) semanais, no turno Matutino\/Vespertino.<\/strong><\/p>\n<p style=\"text-align: justify\">Diante da inexist\u00eancia de candidatos habilitados dispon\u00edveis para convoca\u00e7\u00e3o, e considerando a exist\u00eancia de d\u00e9ficit de profissional docente, justificado pelo art. 208 da Lei n\u00ba 13.909\/2001, a Secretaria de Estado da Educa\u00e7\u00e3o deliberou pela ado\u00e7\u00e3o de procedimento emergencial de sele\u00e7\u00e3o curricular, com o objetivo de realizar contrata\u00e7\u00e3o por tempo determinado, de natureza excepcional e urgente, nos termos da Lei Estadual n\u00ba 20.918\/2020.<\/p>\n<p style=\"text-align: justify\">Nesse sentido, a Coordena\u00e7\u00e3o Regional de Educa\u00e7\u00e3o de <strong>LUZIANIA<\/strong> est\u00e1 recebendo curr\u00edculos, exclusivamente por e-mail, para fins de sele\u00e7\u00e3o e contrata\u00e7\u00e3o tempor\u00e1ria de 01 (um) professor de <strong>Matem\u00e1tica<\/strong>, no(a) <strong>COL\u00c9GIO ESTADUAL POSTO IP\u00ca<\/strong>. A presente medida visa evitar a interrup\u00e7\u00e3o das atividades escolares e garantir a continuidade do processo de ensino e aprendizagem, resguardando o direito constitucional \u00e0 educa\u00e7\u00e3o dos estudantes da Rede Estadual de Ensino.<\/p>\n<p style=\"text-align: justify\">Os interessados devem encaminhar curr\u00edculo atualizado ao endere\u00e7o eletr\u00f4nico oficial da Assessoria Financeira da CRE de <strong>LUZIANIA afin.luziania@seduc.go.gov.br<\/strong>, informando contatos telef\u00f4nicos e endere\u00e7o de e-mail para retorno.<\/p>\n<p style=\"text-align: justify\">Para a an\u00e1lise dos curr\u00edculos, ser\u00e1 constitu\u00edda comiss\u00e3o espec\u00edfica no \u00e2mbito da Coordena\u00e7\u00e3o Regional de Educa\u00e7\u00e3o de <strong>LUZIANIA<\/strong>, composta por membros desta unidade administrativa, a qual adotar\u00e1 crit\u00e9rios objetivos e ison\u00f4micos na sele\u00e7\u00e3o dos profissionais, assegurando a observ\u00e2ncia dos princ\u00edpios da legalidade, impessoalidade e interesse p\u00fablico.<\/p>\n<p style=\"text-align: justify\">A presente convoca\u00e7\u00e3o emergencial pauta-se nos princ\u00edpios da continuidade do servi\u00e7o p\u00fablico e da supremacia do interesse p\u00fablico, e ser\u00e1 adotada exclusivamente nos casos em que n\u00e3o houver mais candidatos habilitados no banco vigente, conforme previsto no edital e na legisla\u00e7\u00e3o pertinente.<\/p>\n<p style=\"text-align: center\">SEDUC\/GO<\/p>\n<h2 align=\"center\"><strong style=\"color: revert;font-size: revert\">COMUNICADO<\/strong><\/h2>\n<p style=\"text-align: center\"><strong>PARA CONTRATA\u00c7\u00c3O TEMPOR\u00c1RIA<\/strong><\/p>\n<pre style=\"text-align: center\">Publica\u00e7\u00e3o: 21\/02\/2026 \nEncerramento: 24\/02\/2026 \u00e0s 18h\n<\/pre>\n<p style=\"text-align: justify\">O Governo do Estado de Goi\u00e1s, por interm\u00e9dio da Secretaria de Estado da Educa\u00e7\u00e3o, informa que, embora esteja vigente o Processo Seletivo Simplificado regido pelo Edital n\u00ba 020\/2024 \u2013 destinado \u00e0 composi\u00e7\u00e3o de banco de habilitados para contrata\u00e7\u00e3o tempor\u00e1ria de professores \u2013, no \u00e2mbito do <strong>munic\u00edpio de LUZI\u00c2NIA<\/strong>, jurisdicionado \u00e0 Coordena\u00e7\u00e3o Regional de Educa\u00e7\u00e3o de <strong>LUZIANIA<\/strong>, o referido banco encontra-se esgotado para a fun\u00e7\u00e3o de <strong>Professor de Ci\u00eancias\/Biologia, 30 aulas (37 horas) semanais, no turno Matutino\/Vespertino.<\/strong><\/p>\n<p style=\"text-align: justify\">Diante da inexist\u00eancia de candidatos habilitados dispon\u00edveis para convoca\u00e7\u00e3o, e considerando a exist\u00eancia de d\u00e9ficit de profissional docente, justificado pelo art. 208 da Lei n\u00ba 13.909\/2001, a Secretaria de Estado da Educa\u00e7\u00e3o deliberou pela ado\u00e7\u00e3o de procedimento emergencial de sele\u00e7\u00e3o curricular, com o objetivo de realizar contrata\u00e7\u00e3o por tempo determinado, de natureza excepcional e urgente, nos termos da Lei Estadual n\u00ba 20.918\/2020.<\/p>\n<p style=\"text-align: justify\">Nesse sentido, a Coordena\u00e7\u00e3o Regional de Educa\u00e7\u00e3o de <strong>LUZIANIA<\/strong> est\u00e1 recebendo curr\u00edculos, exclusivamente por e-mail, para fins de sele\u00e7\u00e3o e contrata\u00e7\u00e3o tempor\u00e1ria de 01 (um) professor de <strong>Ci\u00eancias\/Biologia<\/strong>, no(a) <strong>COL\u00c9GIO ESTADUAL EM PER\u00cdODO INTEGRAL H\u00c9LIO RODRIGUES DE QUEIROZ<\/strong>. A presente medida visa evitar a interrup\u00e7\u00e3o das atividades escolares e garantir a continuidade do processo de ensino e aprendizagem, resguardando o direito constitucional \u00e0 educa\u00e7\u00e3o dos estudantes da Rede Estadual de Ensino.<\/p>\n<p style=\"text-align: justify\">Os interessados devem encaminhar curr\u00edculo atualizado ao endere\u00e7o eletr\u00f4nico oficial da Assessoria Financeira da CRE de <strong>LUZIANIA afin.luziania@seduc.go.gov.br<\/strong>, informando contatos telef\u00f4nicos e endere\u00e7o de e-mail para retorno.<\/p>\n<p style=\"text-align: justify\">Para a an\u00e1lise dos curr\u00edculos, ser\u00e1 constitu\u00edda comiss\u00e3o espec\u00edfica no \u00e2mbito da Coordena\u00e7\u00e3o Regional de Educa\u00e7\u00e3o de <strong>LUZIANIA<\/strong>, composta por membros desta unidade administrativa, a qual adotar\u00e1 crit\u00e9rios objetivos e ison\u00f4micos na sele\u00e7\u00e3o dos profissionais, assegurando a observ\u00e2ncia dos princ\u00edpios da legalidade, impessoalidade e interesse p\u00fablico.<\/p>\n<p style=\"text-align: justify\">A presente convoca\u00e7\u00e3o emergencial pauta-se nos princ\u00edpios da continuidade do servi\u00e7o p\u00fablico e da supremacia do interesse p\u00fablico, e ser\u00e1 adotada exclusivamente nos casos em que n\u00e3o houver mais candidatos habilitados no banco vigente, conforme previsto no edital e na legisla\u00e7\u00e3o pertinente.<\/p>\n<p style=\"text-align: center\">SEDUC\/GO<\/p>\n<h2 align=\"center\"><strong style=\"color: revert;font-size: revert\">COMUNICADO<\/strong><\/h2>\n<p style=\"text-align: center\"><strong>PARA CONTRATA\u00c7\u00c3O TEMPOR\u00c1RIA<\/strong><\/p>\n<pre style=\"text-align: center\">Publica\u00e7\u00e3o: 03\/02\/2026 \nEncerramento: 05\/02\/2026 \u00e0s 18h\n<\/pre>\n<p style=\"text-align: justify\">O Governo do Estado de Goi\u00e1s, por interm\u00e9dio da Secretaria de Estado da Educa\u00e7\u00e3o, informa que, embora esteja vigente o Processo Seletivo Simplificado regido pelo Edital n\u00ba 020\/2024 \u2013 destinado \u00e0 composi\u00e7\u00e3o de banco de habilitados para contrata\u00e7\u00e3o tempor\u00e1ria de professores \u2013, no \u00e2mbito do <strong>munic\u00edpio de CRISTALINA<\/strong>, jurisdicionado \u00e0 Coordena\u00e7\u00e3o Regional de Educa\u00e7\u00e3o de <strong>LUZIANIA<\/strong>, o referido banco encontra-se esgotado para a fun\u00e7\u00e3o de <strong>Professor de Qu\u00edmica, 30 aulas (37 horas) semanais, no turno Matutino\/Vespertino.<\/strong><\/p>\n<p style=\"text-align: justify\">Diante da inexist\u00eancia de candidatos habilitados dispon\u00edveis para convoca\u00e7\u00e3o, e considerando a exist\u00eancia de d\u00e9ficit de profissional docente, justificado pelo art. 208 da Lei n\u00ba 13.909\/2001, a Secretaria de Estado da Educa\u00e7\u00e3o deliberou pela ado\u00e7\u00e3o de procedimento emergencial de sele\u00e7\u00e3o curricular, com o objetivo de realizar contrata\u00e7\u00e3o por tempo determinado, de natureza excepcional e urgente, nos termos da Lei Estadual n\u00ba 20.918\/2020.<\/p>\n<p style=\"text-align: justify\">Nesse sentido, a Coordena\u00e7\u00e3o Regional de Educa\u00e7\u00e3o de <strong>LUZIANIA<\/strong> est\u00e1 recebendo curr\u00edculos, exclusivamente por e-mail, para fins de sele\u00e7\u00e3o e contrata\u00e7\u00e3o tempor\u00e1ria de 01 (um) professor de <strong>Qu\u00edmica<\/strong>, no(a) <strong>COL\u00c9GIO ESTADUAL EM PER\u00cdODO INTEGRAL ZULCA PEIXOTO DE PAIVA<\/strong>. A presente medida visa evitar a interrup\u00e7\u00e3o das atividades escolares e garantir a continuidade do processo de ensino e aprendizagem, resguardando o direito constitucional \u00e0 educa\u00e7\u00e3o dos estudantes da Rede Estadual de Ensino.<\/p>\n<p style=\"text-align: justify\">Os interessados devem encaminhar curr\u00edculo atualizado ao endere\u00e7o eletr\u00f4nico oficial da Assessoria Financeira da CRE de <strong>LUZIANIA afin.luziania@seduc.go.gov.br<\/strong>, informando contatos telef\u00f4nicos e endere\u00e7o de e-mail para retorno.<\/p>\n<p style=\"text-align: justify\">Para a an\u00e1lise dos curr\u00edculos, ser\u00e1 constitu\u00edda comiss\u00e3o espec\u00edfica no \u00e2mbito da Coordena\u00e7\u00e3o Regional de Educa\u00e7\u00e3o de <strong>LUZIANIA<\/strong>, composta por membros desta unidade administrativa, a qual adotar\u00e1 crit\u00e9rios objetivos e ison\u00f4micos na sele\u00e7\u00e3o dos profissionais, assegurando a observ\u00e2ncia dos princ\u00edpios da legalidade, impessoalidade e interesse p\u00fablico.<\/p>\n<p style=\"text-align: justify\">A presente convoca\u00e7\u00e3o emergencial pauta-se nos princ\u00edpios da continuidade do servi\u00e7o p\u00fablico e da supremacia do interesse p\u00fablico, e ser\u00e1 adotada exclusivamente nos casos em que n\u00e3o houver mais candidatos habilitados no banco vigente, conforme previsto no edital e na legisla\u00e7\u00e3o pertinente.<\/p>\n<p style=\"text-align: center\">SEDUC\/GO<\/p>\n<h2 align=\"center\"><strong style=\"color: revert;font-size: revert\">COMUNICADO<\/strong><\/h2>\n<p style=\"text-align: center\"><strong>PARA CONTRATA\u00c7\u00c3O TEMPOR\u00c1RIA<\/strong><\/p>\n<pre style=\"text-align: center\">Publica\u00e7\u00e3o: 03\/02\/2026 \nEncerramento: 05\/02\/2026 \u00e0s 18h\n<\/pre>\n<p style=\"text-align: justify\">O Governo do Estado de Goi\u00e1s, por interm\u00e9dio da Secretaria de Estado da Educa\u00e7\u00e3o, informa que, embora esteja vigente o Processo Seletivo Simplificado regido pelo Edital n\u00ba 020\/2024 \u2013 destinado \u00e0 composi\u00e7\u00e3o de banco de habilitados para contrata\u00e7\u00e3o tempor\u00e1ria de professores \u2013, no \u00e2mbito do <strong>munic\u00edpio de CRISTALINA<\/strong>, jurisdicionado \u00e0 Coordena\u00e7\u00e3o Regional de Educa\u00e7\u00e3o de <strong>LUZIANIA<\/strong>, o referido banco encontra-se esgotado para a fun\u00e7\u00e3o de <strong>Professor de Educa\u00e7\u00e3o F\u00edsica, 30 aulas (37 horas) semanais, no turno Matutino\/Vespertino.<\/strong><\/p>\n<p style=\"text-align: justify\">Diante da inexist\u00eancia de candidatos habilitados dispon\u00edveis para convoca\u00e7\u00e3o, e considerando a exist\u00eancia de d\u00e9ficit de profissional docente, justificado pelo art. 208 da Lei n\u00ba 13.909\/2001, a Secretaria de Estado da Educa\u00e7\u00e3o deliberou pela ado\u00e7\u00e3o de procedimento emergencial de sele\u00e7\u00e3o curricular, com o objetivo de realizar contrata\u00e7\u00e3o por tempo determinado, de natureza excepcional e urgente, nos termos da Lei Estadual n\u00ba 20.918\/2020.<\/p>\n<p style=\"text-align: justify\">Nesse sentido, a Coordena\u00e7\u00e3o Regional de Educa\u00e7\u00e3o de <strong>LUZIANIA<\/strong> est\u00e1 recebendo curr\u00edculos, exclusivamente por e-mail, para fins de sele\u00e7\u00e3o e contrata\u00e7\u00e3o tempor\u00e1ria de 01 (um) professor de <strong>Educa\u00e7\u00e3o F\u00edsica<\/strong>, no(a) <strong>COL\u00c9GIO ESTADUAL EM PER\u00cdODO INTEGRAL ZULCA PEIXOTO DE PAIVA<\/strong>. A presente medida visa evitar a interrup\u00e7\u00e3o das atividades escolares e garantir a continuidade do processo de ensino e aprendizagem, resguardando o direito constitucional \u00e0 educa\u00e7\u00e3o dos estudantes da Rede Estadual de Ensino.<\/p>\n<p style=\"text-align: justify\">Os interessados devem encaminhar curr\u00edculo atualizado ao endere\u00e7o eletr\u00f4nico oficial da Assessoria Financeira da CRE de <strong>LUZIANIA afin.luziania@seduc.go.gov.br<\/strong>, informando contatos telef\u00f4nicos e endere\u00e7o de e-mail para retorno.<\/p>\n<p style=\"text-align: justify\">Para a an\u00e1lise dos curr\u00edculos, ser\u00e1 constitu\u00edda comiss\u00e3o espec\u00edfica no \u00e2mbito da Coordena\u00e7\u00e3o Regional de Educa\u00e7\u00e3o de <strong>LUZIANIA<\/strong>, composta por membros desta unidade administrativa, a qual adotar\u00e1 crit\u00e9rios objetivos e ison\u00f4micos na sele\u00e7\u00e3o dos profissionais, assegurando a observ\u00e2ncia dos princ\u00edpios da legalidade, impessoalidade e interesse p\u00fablico.<\/p>\n<p style=\"text-align: justify\">A presente convoca\u00e7\u00e3o emergencial pauta-se nos princ\u00edpios da continuidade do servi\u00e7o p\u00fablico e da supremacia do interesse p\u00fablico, e ser\u00e1 adotada exclusivamente nos casos em que n\u00e3o houver mais candidatos habilitados no banco vigente, conforme previsto no edital e na legisla\u00e7\u00e3o pertinente.<\/p>\n<p style=\"text-align: center\">SEDUC\/GO<\/p>\n<h2 align=\"center\"><strong style=\"color: revert;font-size: revert\">COMUNICADO<\/strong><\/h2>\n<p style=\"text-align: center\"><strong>PARA CONTRATA\u00c7\u00c3O TEMPOR\u00c1RIA<\/strong><\/p>\n<pre style=\"text-align: center\">Publica\u00e7\u00e3o: 03\/02\/2026 \nEncerramento: 05\/02\/2026 \u00e0s 18h\n<\/pre>\n<p style=\"text-align: justify\">O Governo do Estado de Goi\u00e1s, por interm\u00e9dio da Secretaria de Estado da Educa\u00e7\u00e3o, informa que, embora esteja vigente o Processo Seletivo Simplificado regido pelo Edital n\u00ba 020\/2024 \u2013 destinado \u00e0 composi\u00e7\u00e3o de banco de habilitados para contrata\u00e7\u00e3o tempor\u00e1ria de professores \u2013, no \u00e2mbito do <strong>munic\u00edpio de LUZI\u00c2NIA<\/strong>, jurisdicionado \u00e0 Coordena\u00e7\u00e3o Regional de Educa\u00e7\u00e3o de <strong>LUZIANIA<\/strong>, o referido banco encontra-se esgotado para a fun\u00e7\u00e3o de <strong>Professor de Ci\u00eancias\/Biologia, 30 aulas (37 horas) semanais, no turno Matutino\/Vespertino.<\/strong><\/p>\n<p style=\"text-align: justify\">Diante da inexist\u00eancia de candidatos habilitados dispon\u00edveis para convoca\u00e7\u00e3o, e considerando a exist\u00eancia de d\u00e9ficit de profissional docente, justificado pelo art. 208 da Lei n\u00ba 13.909\/2001, a Secretaria de Estado da Educa\u00e7\u00e3o deliberou pela ado\u00e7\u00e3o de procedimento emergencial de sele\u00e7\u00e3o curricular, com o objetivo de realizar contrata\u00e7\u00e3o por tempo determinado, de natureza excepcional e urgente, nos termos da Lei Estadual n\u00ba 20.918\/2020.<\/p>\n<p style=\"text-align: justify\">Nesse sentido, a Coordena\u00e7\u00e3o Regional de Educa\u00e7\u00e3o de <strong>LUZIANIA<\/strong> est\u00e1 recebendo curr\u00edculos, exclusivamente por e-mail, para fins de sele\u00e7\u00e3o e contrata\u00e7\u00e3o tempor\u00e1ria de 01 (um) professor de <strong>Ci\u00eancias\/Biologia<\/strong>, no(a) <strong>COL\u00c9GIO ESTADUAL POSTO IP\u00ca<\/strong>. A presente medida visa evitar a interrup\u00e7\u00e3o das atividades escolares e garantir a continuidade do processo de ensino e aprendizagem, resguardando o direito constitucional \u00e0 educa\u00e7\u00e3o dos estudantes da Rede Estadual de Ensino.<\/p>\n<p style=\"text-align: justify\">Os interessados devem encaminhar curr\u00edculo atualizado ao endere\u00e7o eletr\u00f4nico oficial da Assessoria Financeira da CRE de <strong>LUZIANIA afin.luziania@seduc.go.gov.br<\/strong>, informando contatos telef\u00f4nicos e endere\u00e7o de e-mail para retorno.<\/p>\n<p style=\"text-align: justify\">Para a an\u00e1lise dos curr\u00edculos, ser\u00e1 constitu\u00edda comiss\u00e3o espec\u00edfica no \u00e2mbito da Coordena\u00e7\u00e3o Regional de Educa\u00e7\u00e3o de <strong>LUZIANIA<\/strong>, composta por membros desta unidade administrativa, a qual adotar\u00e1 crit\u00e9rios objetivos e ison\u00f4micos na sele\u00e7\u00e3o dos profissionais, assegurando a observ\u00e2ncia dos princ\u00edpios da legalidade, impessoalidade e interesse p\u00fablico.<\/p>\n<p style=\"text-align: justify\">A presente convoca\u00e7\u00e3o emergencial pauta-se nos princ\u00edpios da continuidade do servi\u00e7o p\u00fablico e da supremacia do interesse p\u00fablico, e ser\u00e1 adotada exclusivamente nos casos em que n\u00e3o houver mais candidatos habilitados no banco vigente, conforme previsto no edital e na legisla\u00e7\u00e3o pertinente.<\/p>\n<p style=\"text-align: center\">SEDUC\/GO<\/p>\n<h2 align=\"center\"><strong style=\"color: revert;font-size: revert\">COMUNICADO<\/strong><\/h2>\n<p style=\"text-align: center\"><strong>PARA CONTRATA\u00c7\u00c3O TEMPOR\u00c1RIA<\/strong><\/p>\n<pre style=\"text-align: center\">Publica\u00e7\u00e3o: 03\/02\/2026 \nEncerramento: 05\/02\/2026 \u00e0s 18h\n<\/pre>\n<p style=\"text-align: justify\">O Governo do Estado de Goi\u00e1s, por interm\u00e9dio da Secretaria de Estado da Educa\u00e7\u00e3o, informa que, embora esteja vigente o Processo Seletivo Simplificado regido pelo Edital n\u00ba 020\/2024 \u2013 destinado \u00e0 composi\u00e7\u00e3o de banco de habilitados para contrata\u00e7\u00e3o tempor\u00e1ria de professores \u2013, no \u00e2mbito do <strong>munic\u00edpio de LUZI\u00c2NIA<\/strong>, jurisdicionado \u00e0 Coordena\u00e7\u00e3o Regional de Educa\u00e7\u00e3o de <strong>LUZIANIA<\/strong>, o referido banco encontra-se esgotado para a fun\u00e7\u00e3o de <strong>Professor de Ci\u00eancias\/Biologia, 30 aulas (37 horas) semanais, no turno Matutino\/Vespertino.<\/strong><\/p>\n<p style=\"text-align: justify\">Diante da inexist\u00eancia de candidatos habilitados dispon\u00edveis para convoca\u00e7\u00e3o, e considerando a exist\u00eancia de d\u00e9ficit de profissional docente, justificado pelo art. 208 da Lei n\u00ba 13.909\/2001, a Secretaria de Estado da Educa\u00e7\u00e3o deliberou pela ado\u00e7\u00e3o de procedimento emergencial de sele\u00e7\u00e3o curricular, com o objetivo de realizar contrata\u00e7\u00e3o por tempo determinado, de natureza excepcional e urgente, nos termos da Lei Estadual n\u00ba 20.918\/2020.<\/p>\n<p style=\"text-align: justify\">Nesse sentido, a Coordena\u00e7\u00e3o Regional de Educa\u00e7\u00e3o de <strong>LUZIANIA<\/strong> est\u00e1 recebendo curr\u00edculos, exclusivamente por e-mail, para fins de sele\u00e7\u00e3o e contrata\u00e7\u00e3o tempor\u00e1ria de 01 (um) professor de <strong>Ci\u00eancias\/Biologia<\/strong>, no(a) <strong>COL\u00c9GIO ESTADUAL H\u00c9LIO RORIZ<\/strong>. A presente medida visa evitar a interrup\u00e7\u00e3o das atividades escolares e garantir a continuidade do processo de ensino e aprendizagem, resguardando o direito constitucional \u00e0 educa\u00e7\u00e3o dos estudantes da Rede Estadual de Ensino.<\/p>\n<p style=\"text-align: justify\">Os interessados devem encaminhar curr\u00edculo atualizado ao endere\u00e7o eletr\u00f4nico oficial da Assessoria Financeira da CRE de <strong>LUZIANIA afin.luziania@seduc.go.gov.br<\/strong>, informando contatos telef\u00f4nicos e endere\u00e7o de e-mail para retorno.<\/p>\n<p style=\"text-align: justify\">Para a an\u00e1lise dos curr\u00edculos, ser\u00e1 constitu\u00edda comiss\u00e3o espec\u00edfica no \u00e2mbito da Coordena\u00e7\u00e3o Regional de Educa\u00e7\u00e3o de <strong>LUZIANIA<\/strong>, composta por membros desta unidade administrativa, a qual adotar\u00e1 crit\u00e9rios objetivos e ison\u00f4micos na sele\u00e7\u00e3o dos profissionais, assegurando a observ\u00e2ncia dos princ\u00edpios da legalidade, impessoalidade e interesse p\u00fablico.<\/p>\n<p style=\"text-align: justify\">A presente convoca\u00e7\u00e3o emergencial pauta-se nos princ\u00edpios da continuidade do servi\u00e7o p\u00fablico e da supremacia do interesse p\u00fablico, e ser\u00e1 adotada exclusivamente nos casos em que n\u00e3o houver mais candidatos habilitados no banco vigente, conforme previsto no edital e na legisla\u00e7\u00e3o pertinente.<\/p>\n<p style=\"text-align: center\">SEDUC\/GO<\/p>\n<h2 align=\"center\"><strong style=\"color: revert;font-size: revert\">COMUNICADO<\/strong><\/h2>\n<p style=\"text-align: center\"><strong>PARA CONTRATA\u00c7\u00c3O TEMPOR\u00c1RIA<\/strong><\/p>\n<pre style=\"text-align: center\">Publica\u00e7\u00e3o: 03\/02\/2026 \nEncerramento: 05\/02\/2026 \u00e0s 18h\n<\/pre>\n<p style=\"text-align: justify\">O Governo do Estado de Goi\u00e1s, por interm\u00e9dio da Secretaria de Estado da Educa\u00e7\u00e3o, informa que, embora esteja vigente o Processo Seletivo Simplificado regido pelo Edital n\u00ba 020\/2024 \u2013 destinado \u00e0 composi\u00e7\u00e3o de banco de habilitados para contrata\u00e7\u00e3o tempor\u00e1ria de professores \u2013, no \u00e2mbito do <strong>munic\u00edpio de LUZI\u00c2NIA<\/strong>, jurisdicionado \u00e0 Coordena\u00e7\u00e3o Regional de Educa\u00e7\u00e3o de <strong>LUZIANIA<\/strong>, o referido banco encontra-se esgotado para a fun\u00e7\u00e3o de <strong>Professor de Matem\u00e1tica, 30 aulas (37 horas) semanais, no turno Matutino\/Vespertino.<\/strong><\/p>\n<p style=\"text-align: justify\">Diante da inexist\u00eancia de candidatos habilitados dispon\u00edveis para convoca\u00e7\u00e3o, e considerando a exist\u00eancia de d\u00e9ficit de profissional docente, justificado pelo art. 208 da Lei n\u00ba 13.909\/2001, a Secretaria de Estado da Educa\u00e7\u00e3o deliberou pela ado\u00e7\u00e3o de procedimento emergencial de sele\u00e7\u00e3o curricular, com o objetivo de realizar contrata\u00e7\u00e3o por tempo determinado, de natureza excepcional e urgente, nos termos da Lei Estadual n\u00ba 20.918\/2020.<\/p>\n<p style=\"text-align: justify\">Nesse sentido, a Coordena\u00e7\u00e3o Regional de Educa\u00e7\u00e3o de <strong>LUZIANIA<\/strong> est\u00e1 recebendo curr\u00edculos, exclusivamente por e-mail, para fins de sele\u00e7\u00e3o e contrata\u00e7\u00e3o tempor\u00e1ria de 01 (um) professor de <strong>Matem\u00e1tica<\/strong>, no(a) <strong>COL\u00c9GIO ESTADUAL DA POL\u00cdCIA MILITAR DE GOI\u00c1S &#8211; ELY DA SILVA BRAZ<\/strong>. A presente medida visa evitar a interrup\u00e7\u00e3o das atividades escolares e garantir a continuidade do processo de ensino e aprendizagem, resguardando o direito constitucional \u00e0 educa\u00e7\u00e3o dos estudantes da Rede Estadual de Ensino.<\/p>\n<p style=\"text-align: justify\">Os interessados devem encaminhar curr\u00edculo atualizado ao endere\u00e7o eletr\u00f4nico oficial da Assessoria Financeira da CRE de <strong>LUZIANIA afin.luziania@seduc.go.gov.br<\/strong>, informando contatos telef\u00f4nicos e endere\u00e7o de e-mail para retorno.<\/p>\n<p style=\"text-align: justify\">Para a an\u00e1lise dos curr\u00edculos, ser\u00e1 constitu\u00edda comiss\u00e3o espec\u00edfica no \u00e2mbito da Coordena\u00e7\u00e3o Regional de Educa\u00e7\u00e3o de <strong>LUZIANIA<\/strong>, composta por membros desta unidade administrativa, a qual adotar\u00e1 crit\u00e9rios objetivos e ison\u00f4micos na sele\u00e7\u00e3o dos profissionais, assegurando a observ\u00e2ncia dos princ\u00edpios da legalidade, impessoalidade e interesse p\u00fablico.<\/p>\n<p style=\"text-align: justify\">A presente convoca\u00e7\u00e3o emergencial pauta-se nos princ\u00edpios da continuidade do servi\u00e7o p\u00fablico e da supremacia do interesse p\u00fablico, e ser\u00e1 adotada exclusivamente nos casos em que n\u00e3o houver mais candidatos habilitados no banco vigente, conforme previsto no edital e na legisla\u00e7\u00e3o pertinente.<\/p>\n<p style=\"text-align: center\">SEDUC\/GO<\/p>\n<h2 align=\"center\"><strong style=\"color: revert;font-size: revert\">COMUNICADO<\/strong><\/h2>\n<p style=\"text-align: center\"><strong>PARA CONTRATA\u00c7\u00c3O TEMPOR\u00c1RIA<\/strong><\/p>\n<pre style=\"text-align: center\">Publica\u00e7\u00e3o: 03\/02\/2026 \nEncerramento: 05\/02\/2026 \u00e0s 18h\n<\/pre>\n<p style=\"text-align: justify\">O Governo do Estado de Goi\u00e1s, por interm\u00e9dio da Secretaria de Estado da Educa\u00e7\u00e3o, informa que, embora esteja vigente o Processo Seletivo Simplificado regido pelo Edital n\u00ba 020\/2024 \u2013 destinado \u00e0 composi\u00e7\u00e3o de banco de habilitados para contrata\u00e7\u00e3o tempor\u00e1ria de professores \u2013, no \u00e2mbito do <strong>munic\u00edpio de LUZI\u00c2NIA<\/strong>, jurisdicionado \u00e0 Coordena\u00e7\u00e3o Regional de Educa\u00e7\u00e3o de <strong>LUZIANIA<\/strong>, o referido banco encontra-se esgotado para a fun\u00e7\u00e3o de <strong>Professor de Matem\u00e1tica, 30 aulas (37 horas) semanais, no turno Matutino\/Vespertino.<\/strong><\/p>\n<p style=\"text-align: justify\">Diante da inexist\u00eancia de candidatos habilitados dispon\u00edveis para convoca\u00e7\u00e3o, e considerando a exist\u00eancia de d\u00e9ficit de profissional docente, justificado pelo art. 208 da Lei n\u00ba 13.909\/2001, a Secretaria de Estado da Educa\u00e7\u00e3o deliberou pela ado\u00e7\u00e3o de procedimento emergencial de sele\u00e7\u00e3o curricular, com o objetivo de realizar contrata\u00e7\u00e3o por tempo determinado, de natureza excepcional e urgente, nos termos da Lei Estadual n\u00ba 20.918\/2020.<\/p>\n<p style=\"text-align: justify\">Nesse sentido, a Coordena\u00e7\u00e3o Regional de Educa\u00e7\u00e3o de <strong>LUZIANIA<\/strong> est\u00e1 recebendo curr\u00edculos, exclusivamente por e-mail, para fins de sele\u00e7\u00e3o e contrata\u00e7\u00e3o tempor\u00e1ria de 01 (um) professor de <strong>Matem\u00e1tica<\/strong>, no(a) <strong>COL\u00c9GIO ESTADUAL EM PER\u00cdODO INTEGRAL H\u00c9LIO RODRIGUES DE QUEIROZ<\/strong>. A presente medida visa evitar a interrup\u00e7\u00e3o das atividades escolares e garantir a continuidade do processo de ensino e aprendizagem, resguardando o direito constitucional \u00e0 educa\u00e7\u00e3o dos estudantes da Rede Estadual de Ensino.<\/p>\n<p style=\"text-align: justify\">Os interessados devem encaminhar curr\u00edculo atualizado ao endere\u00e7o eletr\u00f4nico oficial da Assessoria Financeira da CRE de <strong>LUZIANIA afin.luziania@seduc.go.gov.br<\/strong>, informando contatos telef\u00f4nicos e endere\u00e7o de e-mail para retorno.<\/p>\n<p style=\"text-align: justify\">Para a an\u00e1lise dos curr\u00edculos, ser\u00e1 constitu\u00edda comiss\u00e3o espec\u00edfica no \u00e2mbito da Coordena\u00e7\u00e3o Regional de Educa\u00e7\u00e3o de <strong>LUZIANIA<\/strong>, composta por membros desta unidade administrativa, a qual adotar\u00e1 crit\u00e9rios objetivos e ison\u00f4micos na sele\u00e7\u00e3o dos profissionais, assegurando a observ\u00e2ncia dos princ\u00edpios da legalidade, impessoalidade e interesse p\u00fablico.<\/p>\n<p style=\"text-align: justify\">A presente convoca\u00e7\u00e3o emergencial pauta-se nos princ\u00edpios da continuidade do servi\u00e7o p\u00fablico e da supremacia do interesse p\u00fablico, e ser\u00e1 adotada exclusivamente nos casos em que n\u00e3o houver mais candidatos habilitados no banco vigente, conforme previsto no edital e na legisla\u00e7\u00e3o pertinente.<\/p>\n<p style=\"text-align: center\">SEDUC\/GO<\/p>\n<h2 align=\"center\"><strong style=\"color: revert;font-size: revert\">COMUNICADO<\/strong><\/h2>\n<p style=\"text-align: center\"><strong>PARA CONTRATA\u00c7\u00c3O TEMPOR\u00c1RIA<\/strong><\/p>\n<pre style=\"text-align: center\">Publica\u00e7\u00e3o: 03\/02\/2026 \nEncerramento: 05\/02\/2026 \u00e0s 18h\n<\/pre>\n<p style=\"text-align: justify\">O Governo do Estado de Goi\u00e1s, por interm\u00e9dio da Secretaria de Estado da Educa\u00e7\u00e3o, informa que, embora esteja vigente o Processo Seletivo Simplificado regido pelo Edital n\u00ba 020\/2024 \u2013 destinado \u00e0 composi\u00e7\u00e3o de banco de habilitados para contrata\u00e7\u00e3o tempor\u00e1ria de professores \u2013, no \u00e2mbito do <strong>munic\u00edpio de LUZI\u00c2NIA<\/strong>, jurisdicionado \u00e0 Coordena\u00e7\u00e3o Regional de Educa\u00e7\u00e3o de <strong>LUZIANIA<\/strong>, o referido banco encontra-se esgotado para a fun\u00e7\u00e3o de <strong>Professor de Hist\u00f3ria, 30 aulas (37 horas) semanais, no turno Matutino\/Vespertino.<\/strong><\/p>\n<p style=\"text-align: justify\">Diante da inexist\u00eancia de candidatos habilitados dispon\u00edveis para convoca\u00e7\u00e3o, e considerando a exist\u00eancia de d\u00e9ficit de profissional docente, justificado pelo art. 208 da Lei n\u00ba 13.909\/2001, a Secretaria de Estado da Educa\u00e7\u00e3o deliberou pela ado\u00e7\u00e3o de procedimento emergencial de sele\u00e7\u00e3o curricular, com o objetivo de realizar contrata\u00e7\u00e3o por tempo determinado, de natureza excepcional e urgente, nos termos da Lei Estadual n\u00ba 20.918\/2020.<\/p>\n<p style=\"text-align: justify\">Nesse sentido, a Coordena\u00e7\u00e3o Regional de Educa\u00e7\u00e3o de <strong>LUZIANIA<\/strong> est\u00e1 recebendo curr\u00edculos, exclusivamente por e-mail, para fins de sele\u00e7\u00e3o e contrata\u00e7\u00e3o tempor\u00e1ria de 01 (um) professor de <strong>Hist\u00f3ria<\/strong>, no(a) <strong>COL\u00c9GIO ESTADUAL EM PER\u00cdODO INTEGRAL FRANCISCO MACHADO DE ARAUJO<\/strong>. A presente medida visa evitar a interrup\u00e7\u00e3o das atividades escolares e garantir a continuidade do processo de ensino e aprendizagem, resguardando o direito constitucional \u00e0 educa\u00e7\u00e3o dos estudantes da Rede Estadual de Ensino.<\/p>\n<p style=\"text-align: justify\">Os interessados devem encaminhar curr\u00edculo atualizado ao endere\u00e7o eletr\u00f4nico oficial da Assessoria Financeira da CRE de <strong>LUZIANIA afin.luziania@seduc.go.gov.br<\/strong>, informando contatos telef\u00f4nicos e endere\u00e7o de e-mail para retorno.<\/p>\n<p style=\"text-align: justify\">Para a an\u00e1lise dos curr\u00edculos, ser\u00e1 constitu\u00edda comiss\u00e3o espec\u00edfica no \u00e2mbito da Coordena\u00e7\u00e3o Regional de Educa\u00e7\u00e3o de <strong>LUZIANIA<\/strong>, composta por membros desta unidade administrativa, a qual adotar\u00e1 crit\u00e9rios objetivos e ison\u00f4micos na sele\u00e7\u00e3o dos profissionais, assegurando a observ\u00e2ncia dos princ\u00edpios da legalidade, impessoalidade e interesse p\u00fablico.<\/p>\n<p style=\"text-align: justify\">A presente convoca\u00e7\u00e3o emergencial pauta-se nos princ\u00edpios da continuidade do servi\u00e7o p\u00fablico e da supremacia do interesse p\u00fablico, e ser\u00e1 adotada exclusivamente nos casos em que n\u00e3o houver mais candidatos habilitados no banco vigente, conforme previsto no edital e na legisla\u00e7\u00e3o pertinente.<\/p>\n<p style=\"text-align: center\">SEDUC\/GO<\/p>\n<h2 align=\"center\"><strong style=\"color: revert;font-size: revert\">COMUNICADO<\/strong><\/h2>\n<p style=\"text-align: center\"><strong>PARA CONTRATA\u00c7\u00c3O TEMPOR\u00c1RIA<\/strong><\/p>\n<pre style=\"text-align: center\">Publica\u00e7\u00e3o: 03\/02\/2026 \nEncerramento: 05\/02\/2026 \u00e0s 18h\n<\/pre>\n<p style=\"text-align: justify\">O Governo do Estado de Goi\u00e1s, por interm\u00e9dio da Secretaria de Estado da Educa\u00e7\u00e3o, informa que, embora esteja vigente o Processo Seletivo Simplificado regido pelo Edital n\u00ba 020\/2024 \u2013 destinado \u00e0 composi\u00e7\u00e3o de banco de habilitados para contrata\u00e7\u00e3o tempor\u00e1ria de professores \u2013, no \u00e2mbito do <strong>munic\u00edpio de LUZI\u00c2NIA<\/strong>, jurisdicionado \u00e0 Coordena\u00e7\u00e3o Regional de Educa\u00e7\u00e3o de <strong>LUZIANIA<\/strong>, o referido banco encontra-se esgotado para a fun\u00e7\u00e3o de <strong>Professor de L\u00edngua Inglesa, 30 aulas (37 horas) semanais, no turno Matutino\/Vespertino.<\/strong><\/p>\n<p style=\"text-align: justify\">Diante da inexist\u00eancia de candidatos habilitados dispon\u00edveis para convoca\u00e7\u00e3o, e considerando a exist\u00eancia de d\u00e9ficit de profissional docente, justificado pelo art. 208 da Lei n\u00ba 13.909\/2001, a Secretaria de Estado da Educa\u00e7\u00e3o deliberou pela ado\u00e7\u00e3o de procedimento emergencial de sele\u00e7\u00e3o curricular, com o objetivo de realizar contrata\u00e7\u00e3o por tempo determinado, de natureza excepcional e urgente, nos termos da Lei Estadual n\u00ba 20.918\/2020.<\/p>\n<p style=\"text-align: justify\">Nesse sentido, a Coordena\u00e7\u00e3o Regional de Educa\u00e7\u00e3o de <strong>LUZIANIA<\/strong> est\u00e1 recebendo curr\u00edculos, exclusivamente por e-mail, para fins de sele\u00e7\u00e3o e contrata\u00e7\u00e3o tempor\u00e1ria de 01 (um) professor de <strong>L\u00edngua Inglesa<\/strong>, no(a) <strong>COL\u00c9GIO ESTADUAL PROFESSOR ANT\u00d4NIO MAR\u00c7O DE ARAUJO<\/strong>. A presente medida visa evitar a interrup\u00e7\u00e3o das atividades escolares e garantir a continuidade do processo de ensino e aprendizagem, resguardando o direito constitucional \u00e0 educa\u00e7\u00e3o dos estudantes da Rede Estadual de Ensino.<\/p>\n<p style=\"text-align: justify\">Os interessados devem encaminhar curr\u00edculo atualizado ao endere\u00e7o eletr\u00f4nico oficial da Assessoria Financeira da CRE de <strong>LUZIANIA afin.luziania@seduc.go.gov.br<\/strong>, informando contatos telef\u00f4nicos e endere\u00e7o de e-mail para retorno.<\/p>\n<p style=\"text-align: justify\">Para a an\u00e1lise dos curr\u00edculos, ser\u00e1 constitu\u00edda comiss\u00e3o espec\u00edfica no \u00e2mbito da Coordena\u00e7\u00e3o Regional de Educa\u00e7\u00e3o de <strong>LUZIANIA<\/strong>, composta por membros desta unidade administrativa, a qual adotar\u00e1 crit\u00e9rios objetivos e ison\u00f4micos na sele\u00e7\u00e3o dos profissionais, assegurando a observ\u00e2ncia dos princ\u00edpios da legalidade, impessoalidade e interesse p\u00fablico.<\/p>\n<p style=\"text-align: justify\">A presente convoca\u00e7\u00e3o emergencial pauta-se nos princ\u00edpios da continuidade do servi\u00e7o p\u00fablico e da supremacia do interesse p\u00fablico, e ser\u00e1 adotada exclusivamente nos casos em que n\u00e3o houver mais candidatos habilitados no banco vigente, conforme previsto no edital e na legisla\u00e7\u00e3o pertinente.<\/p>\n<p style=\"text-align: center\">SEDUC\/GO<\/p>\n<h2 align=\"center\"><strong style=\"color: revert;font-size: revert\">COMUNICADO<\/strong><\/h2>\n<p style=\"text-align: center\"><strong>PARA CONTRATA\u00c7\u00c3O TEMPOR\u00c1RIA<\/strong><\/p>\n<pre style=\"text-align: center\">Publica\u00e7\u00e3o: 03\/02\/2026 \nEncerramento: 05\/02\/2026 \u00e0s 18h\n<\/pre>\n<p style=\"text-align: justify\">O Governo do Estado de Goi\u00e1s, por interm\u00e9dio da Secretaria de Estado da Educa\u00e7\u00e3o, informa que, embora esteja vigente o Processo Seletivo Simplificado regido pelo Edital n\u00ba 020\/2024 \u2013 destinado \u00e0 composi\u00e7\u00e3o de banco de habilitados para contrata\u00e7\u00e3o tempor\u00e1ria de professores \u2013, no \u00e2mbito do <strong>munic\u00edpio de LUZI\u00c2NIA<\/strong>, jurisdicionado \u00e0 Coordena\u00e7\u00e3o Regional de Educa\u00e7\u00e3o de <strong>LUZIANIA<\/strong>, o referido banco encontra-se esgotado para a fun\u00e7\u00e3o de <strong>Professor de Matem\u00e1tica, 30 aulas (37 horas) semanais, no turno Matutino\/Vespertino.<\/strong><\/p>\n<p style=\"text-align: justify\">Diante da inexist\u00eancia de candidatos habilitados dispon\u00edveis para convoca\u00e7\u00e3o, e considerando a exist\u00eancia de d\u00e9ficit de profissional docente, justificado pelo art. 208 da Lei n\u00ba 13.909\/2001, a Secretaria de Estado da Educa\u00e7\u00e3o deliberou pela ado\u00e7\u00e3o de procedimento emergencial de sele\u00e7\u00e3o curricular, com o objetivo de realizar contrata\u00e7\u00e3o por tempo determinado, de natureza excepcional e urgente, nos termos da Lei Estadual n\u00ba 20.918\/2020.<\/p>\n<p style=\"text-align: justify\">Nesse sentido, a Coordena\u00e7\u00e3o Regional de Educa\u00e7\u00e3o de <strong>LUZIANIA<\/strong> est\u00e1 recebendo curr\u00edculos, exclusivamente por e-mail, para fins de sele\u00e7\u00e3o e contrata\u00e7\u00e3o tempor\u00e1ria de 01 (um) professor de <strong>Matem\u00e1tica<\/strong>, no(a) <strong>COL\u00c9GIO ESTADUAL DELFINO OCL\u00c9CIO MACHADO<\/strong>. A presente medida visa evitar a interrup\u00e7\u00e3o das atividades escolares e garantir a continuidade do processo de ensino e aprendizagem, resguardando o direito constitucional \u00e0 educa\u00e7\u00e3o dos estudantes da Rede Estadual de Ensino.<\/p>\n<p style=\"text-align: justify\">Os interessados devem encaminhar curr\u00edculo atualizado ao endere\u00e7o eletr\u00f4nico oficial da Assessoria Financeira da CRE de <strong>LUZIANIA afin.luziania@seduc.go.gov.br<\/strong>, informando contatos telef\u00f4nicos e endere\u00e7o de e-mail para retorno.<\/p>\n<p style=\"text-align: justify\">Para a an\u00e1lise dos curr\u00edculos, ser\u00e1 constitu\u00edda comiss\u00e3o espec\u00edfica no \u00e2mbito da Coordena\u00e7\u00e3o Regional de Educa\u00e7\u00e3o de <strong>LUZIANIA<\/strong>, composta por membros desta unidade administrativa, a qual adotar\u00e1 crit\u00e9rios objetivos e ison\u00f4micos na sele\u00e7\u00e3o dos profissionais, assegurando a observ\u00e2ncia dos princ\u00edpios da legalidade, impessoalidade e interesse p\u00fablico.<\/p>\n<p style=\"text-align: justify\">A presente convoca\u00e7\u00e3o emergencial pauta-se nos princ\u00edpios da continuidade do servi\u00e7o p\u00fablico e da supremacia do interesse p\u00fablico, e ser\u00e1 adotada exclusivamente nos casos em que n\u00e3o houver mais candidatos habilitados no banco vigente, conforme previsto no edital e na legisla\u00e7\u00e3o pertinente.<\/p>\n<p style=\"text-align: center\">SEDUC\/GO<\/p>\n<h2 align=\"center\"><strong style=\"color: revert;font-size: revert\">COMUNICADO<\/strong><\/h2>\n<p style=\"text-align: center\"><strong>PARA CONTRATA\u00c7\u00c3O TEMPOR\u00c1RIA<\/strong><\/p>\n<pre style=\"text-align: center\">Publica\u00e7\u00e3o: 03\/02\/2026 \nEncerramento: 05\/02\/2026 \u00e0s 18h\n<\/pre>\n<p style=\"text-align: justify\">O Governo do Estado de Goi\u00e1s, por interm\u00e9dio da Secretaria de Estado da Educa\u00e7\u00e3o, informa que, embora esteja vigente o Processo Seletivo Simplificado regido pelo Edital n\u00ba 020\/2024 \u2013 destinado \u00e0 composi\u00e7\u00e3o de banco de habilitados para contrata\u00e7\u00e3o tempor\u00e1ria de professores \u2013, no \u00e2mbito do <strong>munic\u00edpio de LUZI\u00c2NIA<\/strong>, jurisdicionado \u00e0 Coordena\u00e7\u00e3o Regional de Educa\u00e7\u00e3o de <strong>LUZIANIA<\/strong>, o referido banco encontra-se esgotado para a fun\u00e7\u00e3o de <strong>Professor de L\u00edngua Inglesa, 30 aulas (37 horas) semanais, no turno Matutino\/Vespertino.<\/strong><\/p>\n<p style=\"text-align: justify\">Diante da inexist\u00eancia de candidatos habilitados dispon\u00edveis para convoca\u00e7\u00e3o, e considerando a exist\u00eancia de d\u00e9ficit de profissional docente, justificado pelo art. 208 da Lei n\u00ba 13.909\/2001, a Secretaria de Estado da Educa\u00e7\u00e3o deliberou pela ado\u00e7\u00e3o de procedimento emergencial de sele\u00e7\u00e3o curricular, com o objetivo de realizar contrata\u00e7\u00e3o por tempo determinado, de natureza excepcional e urgente, nos termos da Lei Estadual n\u00ba 20.918\/2020.<\/p>\n<p style=\"text-align: justify\">Nesse sentido, a Coordena\u00e7\u00e3o Regional de Educa\u00e7\u00e3o de <strong>LUZIANIA<\/strong> est\u00e1 recebendo curr\u00edculos, exclusivamente por e-mail, para fins de sele\u00e7\u00e3o e contrata\u00e7\u00e3o tempor\u00e1ria de 01 (um) professor de <strong>L\u00edngua Inglesa<\/strong>, no(a) <strong>COL\u00c9GIO ESTADUAL PROFESSOR JOS\u00c9 CARNEIRO FILHO<\/strong>. A presente medida visa evitar a interrup\u00e7\u00e3o das atividades escolares e garantir a continuidade do processo de ensino e aprendizagem, resguardando o direito constitucional \u00e0 educa\u00e7\u00e3o dos estudantes da Rede Estadual de Ensino.<\/p>\n<p style=\"text-align: justify\">Os interessados devem encaminhar curr\u00edculo atualizado ao endere\u00e7o eletr\u00f4nico oficial da Assessoria Financeira da CRE de <strong>LUZIANIA afin.luziania@seduc.go.gov.br<\/strong>, informando contatos telef\u00f4nicos e endere\u00e7o de e-mail para retorno.<\/p>\n<p style=\"text-align: justify\">Para a an\u00e1lise dos curr\u00edculos, ser\u00e1 constitu\u00edda comiss\u00e3o espec\u00edfica no \u00e2mbito da Coordena\u00e7\u00e3o Regional de Educa\u00e7\u00e3o de <strong>LUZIANIA<\/strong>, composta por membros desta unidade administrativa, a qual adotar\u00e1 crit\u00e9rios objetivos e ison\u00f4micos na sele\u00e7\u00e3o dos profissionais, assegurando a observ\u00e2ncia dos princ\u00edpios da legalidade, impessoalidade e interesse p\u00fablico.<\/p>\n<p style=\"text-align: justify\">A presente convoca\u00e7\u00e3o emergencial pauta-se nos princ\u00edpios da continuidade do servi\u00e7o p\u00fablico e da supremacia do interesse p\u00fablico, e ser\u00e1 adotada exclusivamente nos casos em que n\u00e3o houver mais candidatos habilitados no banco vigente, conforme previsto no edital e na legisla\u00e7\u00e3o pertinente.<\/p>\n<p style=\"text-align: center\">SEDUC\/GO<\/p>\n<h2 align=\"center\"><strong style=\"color: revert;font-size: revert\">COMUNICADO<\/strong><\/h2>\n<p style=\"text-align: center\"><strong>PARA CONTRATA\u00c7\u00c3O TEMPOR\u00c1RIA<\/strong><\/p>\n<pre style=\"text-align: center\">Publica\u00e7\u00e3o: 03\/02\/2026 \nEncerramento: 05\/02\/2026 \u00e0s 18h\n<\/pre>\n<p style=\"text-align: justify\">O Governo do Estado de Goi\u00e1s, por interm\u00e9dio da Secretaria de Estado da Educa\u00e7\u00e3o, informa que, embora esteja vigente o Processo Seletivo Simplificado regido pelo Edital n\u00ba 020\/2024 \u2013 destinado \u00e0 composi\u00e7\u00e3o de banco de habilitados para contrata\u00e7\u00e3o tempor\u00e1ria de professores \u2013, no \u00e2mbito do <strong>munic\u00edpio de LUZI\u00c2NIA<\/strong>, jurisdicionado \u00e0 Coordena\u00e7\u00e3o Regional de Educa\u00e7\u00e3o de <strong>LUZIANIA<\/strong>, o referido banco encontra-se esgotado para a fun\u00e7\u00e3o de <strong>Professor de Pedagogia, 30 aulas (37 horas) semanais, no turno Matutino\/Vespertino.<\/strong><\/p>\n<p style=\"text-align: justify\">Diante da inexist\u00eancia de candidatos habilitados dispon\u00edveis para convoca\u00e7\u00e3o, e considerando a exist\u00eancia de d\u00e9ficit de profissional docente, justificado pelo art. 208 da Lei n\u00ba 13.909\/2001, a Secretaria de Estado da Educa\u00e7\u00e3o deliberou pela ado\u00e7\u00e3o de procedimento emergencial de sele\u00e7\u00e3o curricular, com o objetivo de realizar contrata\u00e7\u00e3o por tempo determinado, de natureza excepcional e urgente, nos termos da Lei Estadual n\u00ba 20.918\/2020.<\/p>\n<p style=\"text-align: justify\">Nesse sentido, a Coordena\u00e7\u00e3o Regional de Educa\u00e7\u00e3o de <strong>LUZIANIA<\/strong> est\u00e1 recebendo curr\u00edculos, exclusivamente por e-mail, para fins de sele\u00e7\u00e3o e contrata\u00e7\u00e3o tempor\u00e1ria de 01 (um) professor de <strong>Pedagogia<\/strong>, no(a) <strong>COL\u00c9GIO ESTADUAL PROFESSOR JOS\u00c9 CARNEIRO FILHO<\/strong>. A presente medida visa evitar a interrup\u00e7\u00e3o das atividades escolares e garantir a continuidade do processo de ensino e aprendizagem, resguardando o direito constitucional \u00e0 educa\u00e7\u00e3o dos estudantes da Rede Estadual de Ensino.<\/p>\n<p style=\"text-align: justify\">Os interessados devem encaminhar curr\u00edculo atualizado ao endere\u00e7o eletr\u00f4nico oficial da Assessoria Financeira da CRE de <strong>LUZIANIA afin.luziania@seduc.go.gov.br<\/strong>, informando contatos telef\u00f4nicos e endere\u00e7o de e-mail para retorno.<\/p>\n<p style=\"text-align: justify\">Para a an\u00e1lise dos curr\u00edculos, ser\u00e1 constitu\u00edda comiss\u00e3o espec\u00edfica no \u00e2mbito da Coordena\u00e7\u00e3o Regional de Educa\u00e7\u00e3o de <strong>LUZIANIA<\/strong>, composta por membros desta unidade administrativa, a qual adotar\u00e1 crit\u00e9rios objetivos e ison\u00f4micos na sele\u00e7\u00e3o dos profissionais, assegurando a observ\u00e2ncia dos princ\u00edpios da legalidade, impessoalidade e interesse p\u00fablico.<\/p>\n<p style=\"text-align: justify\">A presente convoca\u00e7\u00e3o emergencial pauta-se nos princ\u00edpios da continuidade do servi\u00e7o p\u00fablico e da supremacia do interesse p\u00fablico, e ser\u00e1 adotada exclusivamente nos casos em que n\u00e3o houver mais candidatos habilitados no banco vigente, conforme previsto no edital e na legisla\u00e7\u00e3o pertinente.<\/p>\n<p style=\"text-align: center\">SEDUC\/GO<\/p>\n<h2 align=\"center\"><strong style=\"color: revert;font-size: revert\">COMUNICADO<\/strong><\/h2>\n<p style=\"text-align: center\"><strong>PARA CONTRATA\u00c7\u00c3O TEMPOR\u00c1RIA<\/strong><\/p>\n<pre style=\"text-align: center\">Publica\u00e7\u00e3o: 03\/02\/2026 \nEncerramento: 05\/02\/2026 \u00e0s 18h\n<\/pre>\n<p style=\"text-align: justify\">O Governo do Estado de Goi\u00e1s, por interm\u00e9dio da Secretaria de Estado da Educa\u00e7\u00e3o, informa que, embora esteja vigente o Processo Seletivo Simplificado regido pelo Edital n\u00ba 020\/2024 \u2013 destinado \u00e0 composi\u00e7\u00e3o de banco de habilitados para contrata\u00e7\u00e3o tempor\u00e1ria de professores \u2013, no \u00e2mbito do <strong>munic\u00edpio de LUZI\u00c2NIA<\/strong>, jurisdicionado \u00e0 Coordena\u00e7\u00e3o Regional de Educa\u00e7\u00e3o de <strong>LUZIANIA<\/strong>, o referido banco encontra-se esgotado para a fun\u00e7\u00e3o de <strong>Professor de L\u00edngua Inglesa, 30 aulas (37 horas) semanais, no turno Matutino\/Vespertino.<\/strong><\/p>\n<p style=\"text-align: justify\">Diante da inexist\u00eancia de candidatos habilitados dispon\u00edveis para convoca\u00e7\u00e3o, e considerando a exist\u00eancia de d\u00e9ficit de profissional docente, justificado pelo art. 208 da Lei n\u00ba 13.909\/2001, a Secretaria de Estado da Educa\u00e7\u00e3o deliberou pela ado\u00e7\u00e3o de procedimento emergencial de sele\u00e7\u00e3o curricular, com o objetivo de realizar contrata\u00e7\u00e3o por tempo determinado, de natureza excepcional e urgente, nos termos da Lei Estadual n\u00ba 20.918\/2020.<\/p>\n<p style=\"text-align: justify\">Nesse sentido, a Coordena\u00e7\u00e3o Regional de Educa\u00e7\u00e3o de <strong>LUZIANIA<\/strong> est\u00e1 recebendo curr\u00edculos, exclusivamente por e-mail, para fins de sele\u00e7\u00e3o e contrata\u00e7\u00e3o tempor\u00e1ria de 01 (um) professor de <strong>L\u00edngua Inglesa<\/strong>, no(a) <strong>COL\u00c9GIO ESTADUAL EM PER\u00cdODO INTEGRAL FRANCISCO MACHADO DE ARAUJO<\/strong>. A presente medida visa evitar a interrup\u00e7\u00e3o das atividades escolares e garantir a continuidade do processo de ensino e aprendizagem, resguardando o direito constitucional \u00e0 educa\u00e7\u00e3o dos estudantes da Rede Estadual de Ensino.<\/p>\n<p style=\"text-align: justify\">Os interessados devem encaminhar curr\u00edculo atualizado ao endere\u00e7o eletr\u00f4nico oficial da Assessoria Financeira da CRE de <strong>LUZIANIA afin.luziania@seduc.go.gov.br<\/strong>, informando contatos telef\u00f4nicos e endere\u00e7o de e-mail para retorno.<\/p>\n<p style=\"text-align: justify\">Para a an\u00e1lise dos curr\u00edculos, ser\u00e1 constitu\u00edda comiss\u00e3o espec\u00edfica no \u00e2mbito da Coordena\u00e7\u00e3o Regional de Educa\u00e7\u00e3o de <strong>LUZIANIA<\/strong>, composta por membros desta unidade administrativa, a qual adotar\u00e1 crit\u00e9rios objetivos e ison\u00f4micos na sele\u00e7\u00e3o dos profissionais, assegurando a observ\u00e2ncia dos princ\u00edpios da legalidade, impessoalidade e interesse p\u00fablico.<\/p>\n<p style=\"text-align: justify\">A presente convoca\u00e7\u00e3o emergencial pauta-se nos princ\u00edpios da continuidade do servi\u00e7o p\u00fablico e da supremacia do interesse p\u00fablico, e ser\u00e1 adotada exclusivamente nos casos em que n\u00e3o houver mais candidatos habilitados no banco vigente, conforme previsto no edital e na legisla\u00e7\u00e3o pertinente.<\/p>\n<p style=\"text-align: center\">SEDUC\/GO<\/p>\n<h2 align=\"center\"><strong style=\"color: revert;font-size: revert\">COMUNICADO<\/strong><\/h2>\n<p style=\"text-align: center\"><strong>PARA CONTRATA\u00c7\u00c3O TEMPOR\u00c1RIA<\/strong><\/p>\n<pre style=\"text-align: center\">Publica\u00e7\u00e3o: 03\/02\/2026 \nEncerramento: 05\/02\/2026 \u00e0s 18h\n<\/pre>\n<p style=\"text-align: justify\">O Governo do Estado de Goi\u00e1s, por interm\u00e9dio da Secretaria de Estado da Educa\u00e7\u00e3o, informa que, embora esteja vigente o Processo Seletivo Simplificado regido pelo Edital n\u00ba 020\/2024 \u2013 destinado \u00e0 composi\u00e7\u00e3o de banco de habilitados para contrata\u00e7\u00e3o tempor\u00e1ria de professores \u2013, no \u00e2mbito do <strong>munic\u00edpio de LUZI\u00c2NIA<\/strong>, jurisdicionado \u00e0 Coordena\u00e7\u00e3o Regional de Educa\u00e7\u00e3o de <strong>LUZIANIA<\/strong>, o referido banco encontra-se esgotado para a fun\u00e7\u00e3o de <strong>Professor de Matem\u00e1tica, 30 aulas (37 horas) semanais, no turno Matutino\/Vespertino.<\/strong><\/p>\n<p style=\"text-align: justify\">Diante da inexist\u00eancia de candidatos habilitados dispon\u00edveis para convoca\u00e7\u00e3o, e considerando a exist\u00eancia de d\u00e9ficit de profissional docente, justificado pelo art. 208 da Lei n\u00ba 13.909\/2001, a Secretaria de Estado da Educa\u00e7\u00e3o deliberou pela ado\u00e7\u00e3o de procedimento emergencial de sele\u00e7\u00e3o curricular, com o objetivo de realizar contrata\u00e7\u00e3o por tempo determinado, de natureza excepcional e urgente, nos termos da Lei Estadual n\u00ba 20.918\/2020.<\/p>\n<p style=\"text-align: justify\">Nesse sentido, a Coordena\u00e7\u00e3o Regional de Educa\u00e7\u00e3o de <strong>LUZIANIA<\/strong> est\u00e1 recebendo curr\u00edculos, exclusivamente por e-mail, para fins de sele\u00e7\u00e3o e contrata\u00e7\u00e3o tempor\u00e1ria de 01 (um) professor de <strong>Matem\u00e1tica<\/strong>, no(a) <strong>COL\u00c9GIO ESTADUAL EM PER\u00cdODO INTEGRAL H\u00c9LIO RODRIGUES DE QUEIROZ<\/strong>. A presente medida visa evitar a interrup\u00e7\u00e3o das atividades escolares e garantir a continuidade do processo de ensino e aprendizagem, resguardando o direito constitucional \u00e0 educa\u00e7\u00e3o dos estudantes da Rede Estadual de Ensino.<\/p>\n<p style=\"text-align: justify\">Os interessados devem encaminhar curr\u00edculo atualizado ao endere\u00e7o eletr\u00f4nico oficial da Assessoria Financeira da CRE de <strong>LUZIANIA afin.luziania@seduc.go.gov.br<\/strong>, informando contatos telef\u00f4nicos e endere\u00e7o de e-mail para retorno.<\/p>\n<p style=\"text-align: justify\">Para a an\u00e1lise dos curr\u00edculos, ser\u00e1 constitu\u00edda comiss\u00e3o espec\u00edfica no \u00e2mbito da Coordena\u00e7\u00e3o Regional de Educa\u00e7\u00e3o de <strong>LUZIANIA<\/strong>, composta por membros desta unidade administrativa, a qual adotar\u00e1 crit\u00e9rios objetivos e ison\u00f4micos na sele\u00e7\u00e3o dos profissionais, assegurando a observ\u00e2ncia dos princ\u00edpios da legalidade, impessoalidade e interesse p\u00fablico.<\/p>\n<p style=\"text-align: justify\">A presente convoca\u00e7\u00e3o emergencial pauta-se nos princ\u00edpios da continuidade do servi\u00e7o p\u00fablico e da supremacia do interesse p\u00fablico, e ser\u00e1 adotada exclusivamente nos casos em que n\u00e3o houver mais candidatos habilitados no banco vigente, conforme previsto no edital e na legisla\u00e7\u00e3o pertinente.<\/p>\n<p style=\"text-align: center\">SEDUC\/GO<\/p>\n<h2 align=\"center\"><strong style=\"color: revert;font-size: revert\">COMUNICADO<\/strong><\/h2>\n<p style=\"text-align: center\"><strong>PARA CONTRATA\u00c7\u00c3O TEMPOR\u00c1RIA<\/strong><\/p>\n<pre style=\"text-align: center\">Publica\u00e7\u00e3o: 03\/02\/2026 \nEncerramento: 05\/02\/2026 \u00e0s 18h\n<\/pre>\n<p style=\"text-align: justify\">O Governo do Estado de Goi\u00e1s, por interm\u00e9dio da Secretaria de Estado da Educa\u00e7\u00e3o, informa que, embora esteja vigente o Processo Seletivo Simplificado regido pelo Edital n\u00ba 020\/2024 \u2013 destinado \u00e0 composi\u00e7\u00e3o de banco de habilitados para contrata\u00e7\u00e3o tempor\u00e1ria de professores \u2013, no \u00e2mbito do <strong>munic\u00edpio de LUZI\u00c2NIA<\/strong>, jurisdicionado \u00e0 Coordena\u00e7\u00e3o Regional de Educa\u00e7\u00e3o de <strong>LUZIANIA<\/strong>, o referido banco encontra-se esgotado para a fun\u00e7\u00e3o de <strong>Professor de Ci\u00eancias\/Biologia, 30 aulas (37 horas) semanais, no turno Matutino\/Vespertino.<\/strong><\/p>\n<p style=\"text-align: justify\">Diante da inexist\u00eancia de candidatos habilitados dispon\u00edveis para convoca\u00e7\u00e3o, e considerando a exist\u00eancia de d\u00e9ficit de profissional docente, justificado pelo art. 208 da Lei n\u00ba 13.909\/2001, a Secretaria de Estado da Educa\u00e7\u00e3o deliberou pela ado\u00e7\u00e3o de procedimento emergencial de sele\u00e7\u00e3o curricular, com o objetivo de realizar contrata\u00e7\u00e3o por tempo determinado, de natureza excepcional e urgente, nos termos da Lei Estadual n\u00ba 20.918\/2020.<\/p>\n<p style=\"text-align: justify\">Nesse sentido, a Coordena\u00e7\u00e3o Regional de Educa\u00e7\u00e3o de <strong>LUZIANIA<\/strong> est\u00e1 recebendo curr\u00edculos, exclusivamente por e-mail, para fins de sele\u00e7\u00e3o e contrata\u00e7\u00e3o tempor\u00e1ria de 01 (um) professor de <strong>Ci\u00eancias\/Biologia<\/strong>, no(a) <strong>COL\u00c9GIO ESTADUAL DELFINO OCL\u00c9CIO MACHADO<\/strong>. A presente medida visa evitar a interrup\u00e7\u00e3o das atividades escolares e garantir a continuidade do processo de ensino e aprendizagem, resguardando o direito constitucional \u00e0 educa\u00e7\u00e3o dos estudantes da Rede Estadual de Ensino.<\/p>\n<p style=\"text-align: justify\">Os interessados devem encaminhar curr\u00edculo atualizado ao endere\u00e7o eletr\u00f4nico oficial da Assessoria Financeira da CRE de <strong>LUZIANIA afin.luziania@seduc.go.gov.br<\/strong>, informando contatos telef\u00f4nicos e endere\u00e7o de e-mail para retorno.<\/p>\n<p style=\"text-align: justify\">Para a an\u00e1lise dos curr\u00edculos, ser\u00e1 constitu\u00edda comiss\u00e3o espec\u00edfica no \u00e2mbito da Coordena\u00e7\u00e3o Regional de Educa\u00e7\u00e3o de <strong>LUZIANIA<\/strong>, composta por membros desta unidade administrativa, a qual adotar\u00e1 crit\u00e9rios objetivos e ison\u00f4micos na sele\u00e7\u00e3o dos profissionais, assegurando a observ\u00e2ncia dos princ\u00edpios da legalidade, impessoalidade e interesse p\u00fablico.<\/p>\n<p style=\"text-align: justify\">A presente convoca\u00e7\u00e3o emergencial pauta-se nos princ\u00edpios da continuidade do servi\u00e7o p\u00fablico e da supremacia do interesse p\u00fablico, e ser\u00e1 adotada exclusivamente nos casos em que n\u00e3o houver mais candidatos habilitados no banco vigente, conforme previsto no edital e na legisla\u00e7\u00e3o pertinente.<\/p>\n<p style=\"text-align: center\">SEDUC\/GO<\/p>\n<h2 align=\"center\"><strong style=\"color: revert;font-size: revert\">COMUNICADO<\/strong><\/h2>\n<p style=\"text-align: center\"><strong>PARA CONTRATA\u00c7\u00c3O TEMPOR\u00c1RIA<\/strong><\/p>\n<pre style=\"text-align: center\">Publica\u00e7\u00e3o: 03\/02\/2026 \nEncerramento: 05\/02\/2026 \u00e0s 18h\n<\/pre>\n<p style=\"text-align: justify\">O Governo do Estado de Goi\u00e1s, por interm\u00e9dio da Secretaria de Estado da Educa\u00e7\u00e3o, informa que, embora esteja vigente o Processo Seletivo Simplificado regido pelo Edital n\u00ba 020\/2024 \u2013 destinado \u00e0 composi\u00e7\u00e3o de banco de habilitados para contrata\u00e7\u00e3o tempor\u00e1ria de professores \u2013, no \u00e2mbito do <strong>munic\u00edpio de LUZI\u00c2NIA<\/strong>, jurisdicionado \u00e0 Coordena\u00e7\u00e3o Regional de Educa\u00e7\u00e3o de <strong>LUZIANIA<\/strong>, o referido banco encontra-se esgotado para a fun\u00e7\u00e3o de <strong>Professor de Matem\u00e1tica, 30 aulas (37 horas) semanais, no turno Matutino\/Vespertino.<\/strong><\/p>\n<p style=\"text-align: justify\">Diante da inexist\u00eancia de candidatos habilitados dispon\u00edveis para convoca\u00e7\u00e3o, e considerando a exist\u00eancia de d\u00e9ficit de profissional docente, justificado pelo art. 208 da Lei n\u00ba 13.909\/2001, a Secretaria de Estado da Educa\u00e7\u00e3o deliberou pela ado\u00e7\u00e3o de procedimento emergencial de sele\u00e7\u00e3o curricular, com o objetivo de realizar contrata\u00e7\u00e3o por tempo determinado, de natureza excepcional e urgente, nos termos da Lei Estadual n\u00ba 20.918\/2020.<\/p>\n<p style=\"text-align: justify\">Nesse sentido, a Coordena\u00e7\u00e3o Regional de Educa\u00e7\u00e3o de <strong>LUZIANIA<\/strong> est\u00e1 recebendo curr\u00edculos, exclusivamente por e-mail, para fins de sele\u00e7\u00e3o e contrata\u00e7\u00e3o tempor\u00e1ria de 01 (um) professor de <strong>Matem\u00e1tica<\/strong>, no(a) <strong>COL\u00c9GIO ESTADUAL EM PER\u00cdODO INTEGRAL ESTER DA CUNHA PERES<\/strong>. A presente medida visa evitar a interrup\u00e7\u00e3o das atividades escolares e garantir a continuidade do processo de ensino e aprendizagem, resguardando o direito constitucional \u00e0 educa\u00e7\u00e3o dos estudantes da Rede Estadual de Ensino.<\/p>\n<p style=\"text-align: justify\">Os interessados devem encaminhar curr\u00edculo atualizado ao endere\u00e7o eletr\u00f4nico oficial da Assessoria Financeira da CRE de <strong>LUZIANIA afin.luziania@seduc.go.gov.br<\/strong>, informando contatos telef\u00f4nicos e endere\u00e7o de e-mail para retorno.<\/p>\n<p style=\"text-align: justify\">Para a an\u00e1lise dos curr\u00edculos, ser\u00e1 constitu\u00edda comiss\u00e3o espec\u00edfica no \u00e2mbito da Coordena\u00e7\u00e3o Regional de Educa\u00e7\u00e3o de <strong>LUZIANIA<\/strong>, composta por membros desta unidade administrativa, a qual adotar\u00e1 crit\u00e9rios objetivos e ison\u00f4micos na sele\u00e7\u00e3o dos profissionais, assegurando a observ\u00e2ncia dos princ\u00edpios da legalidade, impessoalidade e interesse p\u00fablico.<\/p>\n<p style=\"text-align: justify\">A presente convoca\u00e7\u00e3o emergencial pauta-se nos princ\u00edpios da continuidade do servi\u00e7o p\u00fablico e da supremacia do interesse p\u00fablico, e ser\u00e1 adotada exclusivamente nos casos em que n\u00e3o houver mais candidatos habilitados no banco vigente, conforme previsto no edital e na legisla\u00e7\u00e3o pertinente.<\/p>\n<p style=\"text-align: center\">SEDUC\/GO<\/p>\n<h2 align=\"center\"><strong style=\"color: revert;font-size: revert\">COMUNICADO<\/strong><\/h2>\n<p style=\"text-align: center\"><strong>PARA CONTRATA\u00c7\u00c3O TEMPOR\u00c1RIA<\/strong><\/p>\n<pre style=\"text-align: center\">Publica\u00e7\u00e3o: 02\/02\/2026 \nEncerramento: 04\/02\/2026 \u00e0s 18h\n<\/pre>\n<p style=\"text-align: justify\">O Governo do Estado de Goi\u00e1s, por interm\u00e9dio da Secretaria de Estado da Educa\u00e7\u00e3o, informa que, embora esteja vigente o Processo Seletivo Simplificado regido pelo Edital n\u00ba 020\/2024 \u2013 destinado \u00e0 composi\u00e7\u00e3o de banco de habilitados para contrata\u00e7\u00e3o tempor\u00e1ria de professores \u2013, no \u00e2mbito do <strong>munic\u00edpio de CRISTALINA<\/strong>, jurisdicionado \u00e0 Coordena\u00e7\u00e3o Regional de Educa\u00e7\u00e3o de <strong>LUZIANIA<\/strong>, o referido banco encontra-se esgotado para a fun\u00e7\u00e3o de <strong>Professor de Pedagogia, 30 aulas (37 horas) semanais, no turno Matutino\/Vespertino.<\/strong><\/p>\n<p style=\"text-align: justify\">Diante da inexist\u00eancia de candidatos habilitados dispon\u00edveis para convoca\u00e7\u00e3o, e considerando a exist\u00eancia de d\u00e9ficit de profissional docente, justificado pelo art. 208 da Lei n\u00ba 13.909\/2001, a Secretaria de Estado da Educa\u00e7\u00e3o deliberou pela ado\u00e7\u00e3o de procedimento emergencial de sele\u00e7\u00e3o curricular, com o objetivo de realizar contrata\u00e7\u00e3o por tempo determinado, de natureza excepcional e urgente, nos termos da Lei Estadual n\u00ba 20.918\/2020.<\/p>\n<p style=\"text-align: justify\">Nesse sentido, a Coordena\u00e7\u00e3o Regional de Educa\u00e7\u00e3o de <strong>LUZIANIA<\/strong> est\u00e1 recebendo curr\u00edculos, exclusivamente por e-mail, para fins de sele\u00e7\u00e3o e contrata\u00e7\u00e3o tempor\u00e1ria de 01 (um) professor de <strong>Pedagogia<\/strong>, no(a) <strong>COL\u00c9GIO ESTADUAL DE EDUCA\u00c7\u00c3O DO CAMPO CAMPOS LINDOS<\/strong>. A presente medida visa evitar a interrup\u00e7\u00e3o das atividades escolares e garantir a continuidade do processo de ensino e aprendizagem, resguardando o direito constitucional \u00e0 educa\u00e7\u00e3o dos estudantes da Rede Estadual de Ensino.<\/p>\n<p style=\"text-align: justify\">Os interessados devem encaminhar curr\u00edculo atualizado ao endere\u00e7o eletr\u00f4nico oficial da Assessoria Financeira da CRE de <strong>LUZIANIA afin.luziania@seduc.go.gov.br<\/strong>, informando contatos telef\u00f4nicos e endere\u00e7o de e-mail para retorno.<\/p>\n<p style=\"text-align: justify\">Para a an\u00e1lise dos curr\u00edculos, ser\u00e1 constitu\u00edda comiss\u00e3o espec\u00edfica no \u00e2mbito da Coordena\u00e7\u00e3o Regional de Educa\u00e7\u00e3o de <strong>LUZIANIA<\/strong>, composta por membros desta unidade administrativa, a qual adotar\u00e1 crit\u00e9rios objetivos e ison\u00f4micos na sele\u00e7\u00e3o dos profissionais, assegurando a observ\u00e2ncia dos princ\u00edpios da legalidade, impessoalidade e interesse p\u00fablico.<\/p>\n<p style=\"text-align: justify\">A presente convoca\u00e7\u00e3o emergencial pauta-se nos princ\u00edpios da continuidade do servi\u00e7o p\u00fablico e da supremacia do interesse p\u00fablico, e ser\u00e1 adotada exclusivamente nos casos em que n\u00e3o houver mais candidatos habilitados no banco vigente, conforme previsto no edital e na legisla\u00e7\u00e3o pertinente.<\/p>\n<p style=\"text-align: center\">SEDUC\/GO<\/p>\n<h2 align=\"center\"><strong style=\"color: revert;font-size: revert\">COMUNICADO<\/strong><\/h2>\n<p style=\"text-align: center\"><strong>PARA CONTRATA\u00c7\u00c3O TEMPOR\u00c1RIA<\/strong><\/p>\n<pre style=\"text-align: center\">Publica\u00e7\u00e3o: 02\/02\/2026 \nEncerramento: 04\/02\/2026 \u00e0s 18h\n<\/pre>\n<p style=\"text-align: justify\">O Governo do Estado de Goi\u00e1s, por interm\u00e9dio da Secretaria de Estado da Educa\u00e7\u00e3o, informa que, embora esteja vigente o Processo Seletivo Simplificado regido pelo Edital n\u00ba 020\/2024 \u2013 destinado \u00e0 composi\u00e7\u00e3o de banco de habilitados para contrata\u00e7\u00e3o tempor\u00e1ria de professores \u2013, no \u00e2mbito do <strong>munic\u00edpio de CRISTALINA<\/strong>, jurisdicionado \u00e0 Coordena\u00e7\u00e3o Regional de Educa\u00e7\u00e3o de <strong>LUZIANIA<\/strong>, o referido banco encontra-se esgotado para a fun\u00e7\u00e3o de <strong>Professor de Ci\u00eancias\/Biologia, 30 aulas (37 horas) semanais, no turno Matutino\/Vespertino.<\/strong><\/p>\n<p style=\"text-align: justify\">Diante da inexist\u00eancia de candidatos habilitados dispon\u00edveis para convoca\u00e7\u00e3o, e considerando a exist\u00eancia de d\u00e9ficit de profissional docente, justificado pelo art. 208 da Lei n\u00ba 13.909\/2001, a Secretaria de Estado da Educa\u00e7\u00e3o deliberou pela ado\u00e7\u00e3o de procedimento emergencial de sele\u00e7\u00e3o curricular, com o objetivo de realizar contrata\u00e7\u00e3o por tempo determinado, de natureza excepcional e urgente, nos termos da Lei Estadual n\u00ba 20.918\/2020.<\/p>\n<p style=\"text-align: justify\">Nesse sentido, a Coordena\u00e7\u00e3o Regional de Educa\u00e7\u00e3o de <strong>LUZIANIA<\/strong> est\u00e1 recebendo curr\u00edculos, exclusivamente por e-mail, para fins de sele\u00e7\u00e3o e contrata\u00e7\u00e3o tempor\u00e1ria de 01 (um) professor de <strong>Ci\u00eancias\/Biologia<\/strong>, no(a) <strong>COL\u00c9GIO ESTADUAL EM PER\u00cdODO INTEGRAL AURORA ATTI\u00ca<\/strong>. A presente medida visa evitar a interrup\u00e7\u00e3o das atividades escolares e garantir a continuidade do processo de ensino e aprendizagem, resguardando o direito constitucional \u00e0 educa\u00e7\u00e3o dos estudantes da Rede Estadual de Ensino.<\/p>\n<p style=\"text-align: justify\">Os interessados devem encaminhar curr\u00edculo atualizado ao endere\u00e7o eletr\u00f4nico oficial da Assessoria Financeira da CRE de <strong>LUZIANIA afin.luziania@seduc.go.gov.br<\/strong>, informando contatos telef\u00f4nicos e endere\u00e7o de e-mail para retorno.<\/p>\n<p style=\"text-align: justify\">Para a an\u00e1lise dos curr\u00edculos, ser\u00e1 constitu\u00edda comiss\u00e3o espec\u00edfica no \u00e2mbito da Coordena\u00e7\u00e3o Regional de Educa\u00e7\u00e3o de <strong>LUZIANIA<\/strong>, composta por membros desta unidade administrativa, a qual adotar\u00e1 crit\u00e9rios objetivos e ison\u00f4micos na sele\u00e7\u00e3o dos profissionais, assegurando a observ\u00e2ncia dos princ\u00edpios da legalidade, impessoalidade e interesse p\u00fablico.<\/p>\n<p style=\"text-align: justify\">A presente convoca\u00e7\u00e3o emergencial pauta-se nos princ\u00edpios da continuidade do servi\u00e7o p\u00fablico e da supremacia do interesse p\u00fablico, e ser\u00e1 adotada exclusivamente nos casos em que n\u00e3o houver mais candidatos habilitados no banco vigente, conforme previsto no edital e na legisla\u00e7\u00e3o pertinente.<\/p>\n<p style=\"text-align: center\">SEDUC\/GO<\/p>\n<h2 align=\"center\"><strong style=\"color: revert;font-size: revert\">COMUNICADO<\/strong><\/h2>\n<p style=\"text-align: center\"><strong>PARA CONTRATA\u00c7\u00c3O TEMPOR\u00c1RIA<\/strong><\/p>\n<pre style=\"text-align: center\">Publica\u00e7\u00e3o: 02\/02\/2026 \nEncerramento: 04\/02\/2026 \u00e0s 18h\n<\/pre>\n<p style=\"text-align: justify\">O Governo do Estado de Goi\u00e1s, por interm\u00e9dio da Secretaria de Estado da Educa\u00e7\u00e3o, informa que, embora esteja vigente o Processo Seletivo Simplificado regido pelo Edital n\u00ba 020\/2024 \u2013 destinado \u00e0 composi\u00e7\u00e3o de banco de habilitados para contrata\u00e7\u00e3o tempor\u00e1ria de professores \u2013, no \u00e2mbito do <strong>munic\u00edpio de LUZI\u00c2NIA<\/strong>, jurisdicionado \u00e0 Coordena\u00e7\u00e3o Regional de Educa\u00e7\u00e3o de <strong>LUZIANIA<\/strong>, o referido banco encontra-se esgotado para a fun\u00e7\u00e3o de <strong>Professor de Qu\u00edmica, 30 aulas (37 horas) semanais, no turno Matutino\/Vespertino.<\/strong><\/p>\n<p style=\"text-align: justify\">Diante da inexist\u00eancia de candidatos habilitados dispon\u00edveis para convoca\u00e7\u00e3o, e considerando a exist\u00eancia de d\u00e9ficit de profissional docente, justificado pelo art. 208 da Lei n\u00ba 13.909\/2001, a Secretaria de Estado da Educa\u00e7\u00e3o deliberou pela ado\u00e7\u00e3o de procedimento emergencial de sele\u00e7\u00e3o curricular, com o objetivo de realizar contrata\u00e7\u00e3o por tempo determinado, de natureza excepcional e urgente, nos termos da Lei Estadual n\u00ba 20.918\/2020.<\/p>\n<p style=\"text-align: justify\">Nesse sentido, a Coordena\u00e7\u00e3o Regional de Educa\u00e7\u00e3o de <strong>LUZIANIA<\/strong> est\u00e1 recebendo curr\u00edculos, exclusivamente por e-mail, para fins de sele\u00e7\u00e3o e contrata\u00e7\u00e3o tempor\u00e1ria de 01 (um) professor de <strong>Qu\u00edmica<\/strong>, no(a) <strong>COL\u00c9GIO ESTADUAL H\u00c9LIO RORIZ<\/strong>. A presente medida visa evitar a interrup\u00e7\u00e3o das atividades escolares e garantir a continuidade do processo de ensino e aprendizagem, resguardando o direito constitucional \u00e0 educa\u00e7\u00e3o dos estudantes da Rede Estadual de Ensino.<\/p>\n<p style=\"text-align: justify\">Os interessados devem encaminhar curr\u00edculo atualizado ao endere\u00e7o eletr\u00f4nico oficial da Assessoria Financeira da CRE de <strong>LUZIANIA afin.luziania@seduc.go.gov.br<\/strong>, informando contatos telef\u00f4nicos e endere\u00e7o de e-mail para retorno.<\/p>\n<p style=\"text-align: justify\">Para a an\u00e1lise dos curr\u00edculos, ser\u00e1 constitu\u00edda comiss\u00e3o espec\u00edfica no \u00e2mbito da Coordena\u00e7\u00e3o Regional de Educa\u00e7\u00e3o de <strong>LUZIANIA<\/strong>, composta por membros desta unidade administrativa, a qual adotar\u00e1 crit\u00e9rios objetivos e ison\u00f4micos na sele\u00e7\u00e3o dos profissionais, assegurando a observ\u00e2ncia dos princ\u00edpios da legalidade, impessoalidade e interesse p\u00fablico.<\/p>\n<p style=\"text-align: justify\">A presente convoca\u00e7\u00e3o emergencial pauta-se nos princ\u00edpios da continuidade do servi\u00e7o p\u00fablico e da supremacia do interesse p\u00fablico, e ser\u00e1 adotada exclusivamente nos casos em que n\u00e3o houver mais candidatos habilitados no banco vigente, conforme previsto no edital e na legisla\u00e7\u00e3o pertinente.<\/p>\n<p style=\"text-align: center\">SEDUC\/GO<\/p>\n<h2 align=\"center\"><strong style=\"color: revert;font-size: revert\">COMUNICADO<\/strong><\/h2>\n<p style=\"text-align: center\"><strong>PARA CONTRATA\u00c7\u00c3O TEMPOR\u00c1RIA<\/strong><\/p>\n<pre style=\"text-align: center\">Publica\u00e7\u00e3o: 02\/02\/2026 \nEncerramento: 04\/02\/2026 \u00e0s 18h\n<\/pre>\n<p style=\"text-align: justify\">O Governo do Estado de Goi\u00e1s, por interm\u00e9dio da Secretaria de Estado da Educa\u00e7\u00e3o, informa que, embora esteja vigente o Processo Seletivo Simplificado regido pelo Edital n\u00ba 020\/2024 \u2013 destinado \u00e0 composi\u00e7\u00e3o de banco de habilitados para contrata\u00e7\u00e3o tempor\u00e1ria de professores \u2013, no \u00e2mbito do <strong>munic\u00edpio de LUZI\u00c2NIA<\/strong>, jurisdicionado \u00e0 Coordena\u00e7\u00e3o Regional de Educa\u00e7\u00e3o de <strong>LUZIANIA<\/strong>, o referido banco encontra-se esgotado para a fun\u00e7\u00e3o de <strong>Professor de Pedagogia, 30 aulas (37 horas) semanais, no turno Matutino\/Vespertino.<\/strong><\/p>\n<p style=\"text-align: justify\">Diante da inexist\u00eancia de candidatos habilitados dispon\u00edveis para convoca\u00e7\u00e3o, e considerando a exist\u00eancia de d\u00e9ficit de profissional docente, justificado pelo art. 208 da Lei n\u00ba 13.909\/2001, a Secretaria de Estado da Educa\u00e7\u00e3o deliberou pela ado\u00e7\u00e3o de procedimento emergencial de sele\u00e7\u00e3o curricular, com o objetivo de realizar contrata\u00e7\u00e3o por tempo determinado, de natureza excepcional e urgente, nos termos da Lei Estadual n\u00ba 20.918\/2020.<\/p>\n<p style=\"text-align: justify\">Nesse sentido, a Coordena\u00e7\u00e3o Regional de Educa\u00e7\u00e3o de <strong>LUZIANIA<\/strong> est\u00e1 recebendo curr\u00edculos, exclusivamente por e-mail, para fins de sele\u00e7\u00e3o e contrata\u00e7\u00e3o tempor\u00e1ria de 01 (um) professor de <strong>Pedagogia<\/strong>, no(a) <strong>COL\u00c9GIO ESTADUAL PROFESSORA LOURDES DE OLIVEIRA SAMPAIO<\/strong>. A presente medida visa evitar a interrup\u00e7\u00e3o das atividades escolares e garantir a continuidade do processo de ensino e aprendizagem, resguardando o direito constitucional \u00e0 educa\u00e7\u00e3o dos estudantes da Rede Estadual de Ensino.<\/p>\n<p style=\"text-align: justify\">Os interessados devem encaminhar curr\u00edculo atualizado ao endere\u00e7o eletr\u00f4nico oficial da Assessoria Financeira da CRE de <strong>LUZIANIA afin.luziania@seduc.go.gov.br<\/strong>, informando contatos telef\u00f4nicos e endere\u00e7o de e-mail para retorno.<\/p>\n<p style=\"text-align: justify\">Para a an\u00e1lise dos curr\u00edculos, ser\u00e1 constitu\u00edda comiss\u00e3o espec\u00edfica no \u00e2mbito da Coordena\u00e7\u00e3o Regional de Educa\u00e7\u00e3o de <strong>LUZIANIA<\/strong>, composta por membros desta unidade administrativa, a qual adotar\u00e1 crit\u00e9rios objetivos e ison\u00f4micos na sele\u00e7\u00e3o dos profissionais, assegurando a observ\u00e2ncia dos princ\u00edpios da legalidade, impessoalidade e interesse p\u00fablico.<\/p>\n<p style=\"text-align: justify\">A presente convoca\u00e7\u00e3o emergencial pauta-se nos princ\u00edpios da continuidade do servi\u00e7o p\u00fablico e da supremacia do interesse p\u00fablico, e ser\u00e1 adotada exclusivamente nos casos em que n\u00e3o houver mais candidatos habilitados no banco vigente, conforme previsto no edital e na legisla\u00e7\u00e3o pertinente.<\/p>\n<p style=\"text-align: center\">SEDUC\/GO<\/p>\n<h2 align=\"center\"><strong style=\"color: revert;font-size: revert\">COMUNICADO<\/strong><\/h2>\n<p style=\"text-align: center\"><strong>PARA CONTRATA\u00c7\u00c3O TEMPOR\u00c1RIA<\/strong><\/p>\n<pre style=\"text-align: center\">Publica\u00e7\u00e3o: 02\/02\/2026 \nEncerramento: 04\/02\/2026 \u00e0s 18h\n<\/pre>\n<p style=\"text-align: justify\">O Governo do Estado de Goi\u00e1s, por interm\u00e9dio da Secretaria de Estado da Educa\u00e7\u00e3o, informa que, embora esteja vigente o Processo Seletivo Simplificado regido pelo Edital n\u00ba 020\/2024 \u2013 destinado \u00e0 composi\u00e7\u00e3o de banco de habilitados para contrata\u00e7\u00e3o tempor\u00e1ria de professores \u2013, no \u00e2mbito do <strong>munic\u00edpio de LUZI\u00c2NIA<\/strong>, jurisdicionado \u00e0 Coordena\u00e7\u00e3o Regional de Educa\u00e7\u00e3o de <strong>LUZIANIA<\/strong>, o referido banco encontra-se esgotado para a fun\u00e7\u00e3o de <strong>Professor de Pedagogia, 30 aulas (37 horas) semanais, no turno Matutino\/Vespertino.<\/strong><\/p>\n<p style=\"text-align: justify\">Diante da inexist\u00eancia de candidatos habilitados dispon\u00edveis para convoca\u00e7\u00e3o, e considerando a exist\u00eancia de d\u00e9ficit de profissional docente, justificado pelo art. 208 da Lei n\u00ba 13.909\/2001, a Secretaria de Estado da Educa\u00e7\u00e3o deliberou pela ado\u00e7\u00e3o de procedimento emergencial de sele\u00e7\u00e3o curricular, com o objetivo de realizar contrata\u00e7\u00e3o por tempo determinado, de natureza excepcional e urgente, nos termos da Lei Estadual n\u00ba 20.918\/2020.<\/p>\n<p style=\"text-align: justify\">Nesse sentido, a Coordena\u00e7\u00e3o Regional de Educa\u00e7\u00e3o de <strong>LUZIANIA<\/strong> est\u00e1 recebendo curr\u00edculos, exclusivamente por e-mail, para fins de sele\u00e7\u00e3o e contrata\u00e7\u00e3o tempor\u00e1ria de 01 (um) professor de <strong>Pedagogia<\/strong>, no(a) <strong>COL\u00c9GIO ESTADUAL EM PER\u00cdODO INTEGRAL FRANCISCO MACHADO DE ARAUJO<\/strong>. A presente medida visa evitar a interrup\u00e7\u00e3o das atividades escolares e garantir a continuidade do processo de ensino e aprendizagem, resguardando o direito constitucional \u00e0 educa\u00e7\u00e3o dos estudantes da Rede Estadual de Ensino.<\/p>\n<p style=\"text-align: justify\">Os interessados devem encaminhar curr\u00edculo atualizado ao endere\u00e7o eletr\u00f4nico oficial da Assessoria Financeira da CRE de <strong>LUZIANIA afin.luziania@seduc.go.gov.br<\/strong>, informando contatos telef\u00f4nicos e endere\u00e7o de e-mail para retorno.<\/p>\n<p style=\"text-align: justify\">Para a an\u00e1lise dos curr\u00edculos, ser\u00e1 constitu\u00edda comiss\u00e3o espec\u00edfica no \u00e2mbito da Coordena\u00e7\u00e3o Regional de Educa\u00e7\u00e3o de <strong>LUZIANIA<\/strong>, composta por membros desta unidade administrativa, a qual adotar\u00e1 crit\u00e9rios objetivos e ison\u00f4micos na sele\u00e7\u00e3o dos profissionais, assegurando a observ\u00e2ncia dos princ\u00edpios da legalidade, impessoalidade e interesse p\u00fablico.<\/p>\n<p style=\"text-align: justify\">A presente convoca\u00e7\u00e3o emergencial pauta-se nos princ\u00edpios da continuidade do servi\u00e7o p\u00fablico e da supremacia do interesse p\u00fablico, e ser\u00e1 adotada exclusivamente nos casos em que n\u00e3o houver mais candidatos habilitados no banco vigente, conforme previsto no edital e na legisla\u00e7\u00e3o pertinente.<\/p>\n<p style=\"text-align: center\">SEDUC\/GO<\/p>\n<h2 align=\"center\"><strong style=\"color: revert;font-size: revert\">COMUNICADO<\/strong><\/h2>\n<p style=\"text-align: center\"><strong>PARA CONTRATA\u00c7\u00c3O TEMPOR\u00c1RIA<\/strong><\/p>\n<pre style=\"text-align: center\">Publica\u00e7\u00e3o: 29\/01\/2026 \nEncerramento: 02\/02\/2026 \u00e0s 18h\n<\/pre>\n<p style=\"text-align: justify\">O Governo do Estado de Goi\u00e1s, por interm\u00e9dio da Secretaria de Estado da Educa\u00e7\u00e3o, informa que, embora esteja vigente o Processo Seletivo Simplificado regido pelo Edital n\u00ba 020\/2024 \u2013 destinado \u00e0 composi\u00e7\u00e3o de banco de habilitados para contrata\u00e7\u00e3o tempor\u00e1ria de professores \u2013, no \u00e2mbito do <strong>munic\u00edpio de CRISTALINA<\/strong>, jurisdicionado \u00e0 Coordena\u00e7\u00e3o Regional de Educa\u00e7\u00e3o de <strong>LUZIANIA<\/strong>, o referido banco encontra-se esgotado para a fun\u00e7\u00e3o de <strong>Professor de Pedagogia, 30 aulas (37 horas) semanais, no turno Matutino\/Vespertino.<\/strong><\/p>\n<p style=\"text-align: justify\">Diante da inexist\u00eancia de candidatos habilitados dispon\u00edveis para convoca\u00e7\u00e3o, e considerando a exist\u00eancia de d\u00e9ficit de profissional docente, justificado pelo art. 208 da Lei n\u00ba 13.909\/2001, a Secretaria de Estado da Educa\u00e7\u00e3o deliberou pela ado\u00e7\u00e3o de procedimento emergencial de sele\u00e7\u00e3o curricular, com o objetivo de realizar contrata\u00e7\u00e3o por tempo determinado, de natureza excepcional e urgente, nos termos da Lei Estadual n\u00ba 20.918\/2020.<\/p>\n<p style=\"text-align: justify\">Nesse sentido, a Coordena\u00e7\u00e3o Regional de Educa\u00e7\u00e3o de <strong>LUZIANIA<\/strong> est\u00e1 recebendo curr\u00edculos, exclusivamente por e-mail, para fins de sele\u00e7\u00e3o e contrata\u00e7\u00e3o tempor\u00e1ria de 01 (um) professor de <strong>Pedagogia<\/strong>, no(a) <strong>COL\u00c9GIO ESTADUAL DE EDUCA\u00c7\u00c3O DO CAMPO CAMPOS LINDOS<\/strong>. A presente medida visa evitar a interrup\u00e7\u00e3o das atividades escolares e garantir a continuidade do processo de ensino e aprendizagem, resguardando o direito constitucional \u00e0 educa\u00e7\u00e3o dos estudantes da Rede Estadual de Ensino.<\/p>\n<p style=\"text-align: justify\">Os interessados devem encaminhar curr\u00edculo atualizado ao endere\u00e7o eletr\u00f4nico oficial da Assessoria Financeira da CRE de <strong>LUZIANIA afin.luziania@seduc.go.gov.br<\/strong>, informando contatos telef\u00f4nicos e endere\u00e7o de e-mail para retorno.<\/p>\n<p style=\"text-align: justify\">Para a an\u00e1lise dos curr\u00edculos, ser\u00e1 constitu\u00edda comiss\u00e3o espec\u00edfica no \u00e2mbito da Coordena\u00e7\u00e3o Regional de Educa\u00e7\u00e3o de <strong>LUZIANIA<\/strong>, composta por membros desta unidade administrativa, a qual adotar\u00e1 crit\u00e9rios objetivos e ison\u00f4micos na sele\u00e7\u00e3o dos profissionais, assegurando a observ\u00e2ncia dos princ\u00edpios da legalidade, impessoalidade e interesse p\u00fablico.<\/p>\n<p style=\"text-align: justify\">A presente convoca\u00e7\u00e3o emergencial pauta-se nos princ\u00edpios da continuidade do servi\u00e7o p\u00fablico e da supremacia do interesse p\u00fablico, e ser\u00e1 adotada exclusivamente nos casos em que n\u00e3o houver mais candidatos habilitados no banco vigente, conforme previsto no edital e na legisla\u00e7\u00e3o pertinente.<\/p>\n<p style=\"text-align: center\">SEDUC\/GO<\/p>\n<h2 align=\"center\"><strong style=\"color: revert;font-size: revert\">COMUNICADO<\/strong><\/h2>\n<p style=\"text-align: center\"><strong>PARA CONTRATA\u00c7\u00c3O TEMPOR\u00c1RIA<\/strong><\/p>\n<pre style=\"text-align: center\">Publica\u00e7\u00e3o: 29\/01\/2026 \nEncerramento: 02\/02\/2026 \u00e0s 18h\n<\/pre>\n<p style=\"text-align: justify\">O Governo do Estado de Goi\u00e1s, por interm\u00e9dio da Secretaria de Estado da Educa\u00e7\u00e3o, informa que, embora esteja vigente o Processo Seletivo Simplificado regido pelo Edital n\u00ba 020\/2024 \u2013 destinado \u00e0 composi\u00e7\u00e3o de banco de habilitados para contrata\u00e7\u00e3o tempor\u00e1ria de professores \u2013, no \u00e2mbito do <strong>munic\u00edpio de CRISTALINA<\/strong>, jurisdicionado \u00e0 Coordena\u00e7\u00e3o Regional de Educa\u00e7\u00e3o de <strong>LUZIANIA<\/strong>, o referido banco encontra-se esgotado para a fun\u00e7\u00e3o de <strong>Professor de Pedagogia, 30 aulas (37 horas) semanais, no turno Matutino\/Vespertino.<\/strong><\/p>\n<p style=\"text-align: justify\">Diante da inexist\u00eancia de candidatos habilitados dispon\u00edveis para convoca\u00e7\u00e3o, e considerando a exist\u00eancia de d\u00e9ficit de profissional docente, justificado pelo art. 208 da Lei n\u00ba 13.909\/2001, a Secretaria de Estado da Educa\u00e7\u00e3o deliberou pela ado\u00e7\u00e3o de procedimento emergencial de sele\u00e7\u00e3o curricular, com o objetivo de realizar contrata\u00e7\u00e3o por tempo determinado, de natureza excepcional e urgente, nos termos da Lei Estadual n\u00ba 20.918\/2020.<\/p>\n<p style=\"text-align: justify\">Nesse sentido, a Coordena\u00e7\u00e3o Regional de Educa\u00e7\u00e3o de <strong>LUZIANIA<\/strong> est\u00e1 recebendo curr\u00edculos, exclusivamente por e-mail, para fins de sele\u00e7\u00e3o e contrata\u00e7\u00e3o tempor\u00e1ria de 01 (um) professor de <strong>Pedagogia<\/strong>, no(a) <strong>COL\u00c9GIO ESTADUAL DA POL\u00cdCIA MILITAR DE GOI\u00c1S OLGA AGUIAR MOHN<\/strong>. A presente medida visa evitar a interrup\u00e7\u00e3o das atividades escolares e garantir a continuidade do processo de ensino e aprendizagem, resguardando o direito constitucional \u00e0 educa\u00e7\u00e3o dos estudantes da Rede Estadual de Ensino.<\/p>\n<p style=\"text-align: justify\">Os interessados devem encaminhar curr\u00edculo atualizado ao endere\u00e7o eletr\u00f4nico oficial da Assessoria Financeira da CRE de <strong>LUZIANIA afin.luziania@seduc.go.gov.br<\/strong>, informando contatos telef\u00f4nicos e endere\u00e7o de e-mail para retorno.<\/p>\n<p style=\"text-align: justify\">Para a an\u00e1lise dos curr\u00edculos, ser\u00e1 constitu\u00edda comiss\u00e3o espec\u00edfica no \u00e2mbito da Coordena\u00e7\u00e3o Regional de Educa\u00e7\u00e3o de <strong>LUZIANIA<\/strong>, composta por membros desta unidade administrativa, a qual adotar\u00e1 crit\u00e9rios objetivos e ison\u00f4micos na sele\u00e7\u00e3o dos profissionais, assegurando a observ\u00e2ncia dos princ\u00edpios da legalidade, impessoalidade e interesse p\u00fablico.<\/p>\n<p style=\"text-align: justify\">A presente convoca\u00e7\u00e3o emergencial pauta-se nos princ\u00edpios da continuidade do servi\u00e7o p\u00fablico e da supremacia do interesse p\u00fablico, e ser\u00e1 adotada exclusivamente nos casos em que n\u00e3o houver mais candidatos habilitados no banco vigente, conforme previsto no edital e na legisla\u00e7\u00e3o pertinente.<\/p>\n<p style=\"text-align: center\">SEDUC\/GO<\/p>\n<h2 align=\"center\"><strong style=\"color: revert;font-size: revert\">COMUNICADO<\/strong><\/h2>\n<p style=\"text-align: center\"><strong>PARA CONTRATA\u00c7\u00c3O TEMPOR\u00c1RIA<\/strong><\/p>\n<pre style=\"text-align: center\">Publica\u00e7\u00e3o: 29\/01\/2026 \nEncerramento: 02\/02\/2026 \u00e0s 18h\n<\/pre>\n<p style=\"text-align: justify\">O Governo do Estado de Goi\u00e1s, por interm\u00e9dio da Secretaria de Estado da Educa\u00e7\u00e3o, informa que, embora esteja vigente o Processo Seletivo Simplificado regido pelo Edital n\u00ba 020\/2024 \u2013 destinado \u00e0 composi\u00e7\u00e3o de banco de habilitados para contrata\u00e7\u00e3o tempor\u00e1ria de professores \u2013, no \u00e2mbito do <strong>munic\u00edpio de LUZI\u00c2NIA<\/strong>, jurisdicionado \u00e0 Coordena\u00e7\u00e3o Regional de Educa\u00e7\u00e3o de <strong>LUZIANIA<\/strong>, o referido banco encontra-se esgotado para a fun\u00e7\u00e3o de <strong>Professor de Pedagogia, 30 aulas (37 horas) semanais, no turno Matutino\/Vespertino.<\/strong><\/p>\n<p style=\"text-align: justify\">Diante da inexist\u00eancia de candidatos habilitados dispon\u00edveis para convoca\u00e7\u00e3o, e considerando a exist\u00eancia de d\u00e9ficit de profissional docente, justificado pelo art. 208 da Lei n\u00ba 13.909\/2001, a Secretaria de Estado da Educa\u00e7\u00e3o deliberou pela ado\u00e7\u00e3o de procedimento emergencial de sele\u00e7\u00e3o curricular, com o objetivo de realizar contrata\u00e7\u00e3o por tempo determinado, de natureza excepcional e urgente, nos termos da Lei Estadual n\u00ba 20.918\/2020.<\/p>\n<p style=\"text-align: justify\">Nesse sentido, a Coordena\u00e7\u00e3o Regional de Educa\u00e7\u00e3o de <strong>LUZIANIA<\/strong> est\u00e1 recebendo curr\u00edculos, exclusivamente por e-mail, para fins de sele\u00e7\u00e3o e contrata\u00e7\u00e3o tempor\u00e1ria de 01 (um) professor de <strong>Pedagogia<\/strong>, no(a) <strong>COL\u00c9GIO ESTADUAL DONA TORINHA<\/strong>. A presente medida visa evitar a interrup\u00e7\u00e3o das atividades escolares e garantir a continuidade do processo de ensino e aprendizagem, resguardando o direito constitucional \u00e0 educa\u00e7\u00e3o dos estudantes da Rede Estadual de Ensino.<\/p>\n<p style=\"text-align: justify\">Os interessados devem encaminhar curr\u00edculo atualizado ao endere\u00e7o eletr\u00f4nico oficial da Assessoria Financeira da CRE de <strong>LUZIANIA afin.luziania@seduc.go.gov.br<\/strong>, informando contatos telef\u00f4nicos e endere\u00e7o de e-mail para retorno.<\/p>\n<p style=\"text-align: justify\">Para a an\u00e1lise dos curr\u00edculos, ser\u00e1 constitu\u00edda comiss\u00e3o espec\u00edfica no \u00e2mbito da Coordena\u00e7\u00e3o Regional de Educa\u00e7\u00e3o de <strong>LUZIANIA<\/strong>, composta por membros desta unidade administrativa, a qual adotar\u00e1 crit\u00e9rios objetivos e ison\u00f4micos na sele\u00e7\u00e3o dos profissionais, assegurando a observ\u00e2ncia dos princ\u00edpios da legalidade, impessoalidade e interesse p\u00fablico.<\/p>\n<p style=\"text-align: justify\">A presente convoca\u00e7\u00e3o emergencial pauta-se nos princ\u00edpios da continuidade do servi\u00e7o p\u00fablico e da supremacia do interesse p\u00fablico, e ser\u00e1 adotada exclusivamente nos casos em que n\u00e3o houver mais candidatos habilitados no banco vigente, conforme previsto no edital e na legisla\u00e7\u00e3o pertinente.<\/p>\n<p style=\"text-align: center\">SEDUC\/GO<\/p>\n<h2 align=\"center\"><strong style=\"color: revert;font-size: revert\">COMUNICADO<\/strong><\/h2>\n<p style=\"text-align: center\"><strong>PARA CONTRATA\u00c7\u00c3O TEMPOR\u00c1RIA<\/strong><\/p>\n<pre style=\"text-align: center\">Publica\u00e7\u00e3o: 29\/01\/2026 \nEncerramento: 02\/02\/2026 \u00e0s 18h\n<\/pre>\n<p style=\"text-align: justify\">O Governo do Estado de Goi\u00e1s, por interm\u00e9dio da Secretaria de Estado da Educa\u00e7\u00e3o, informa que, embora esteja vigente o Processo Seletivo Simplificado regido pelo Edital n\u00ba 020\/2024 \u2013 destinado \u00e0 composi\u00e7\u00e3o de banco de habilitados para contrata\u00e7\u00e3o tempor\u00e1ria de professores \u2013, no \u00e2mbito do <strong>munic\u00edpio de CRISTALINA<\/strong>, jurisdicionado \u00e0 Coordena\u00e7\u00e3o Regional de Educa\u00e7\u00e3o de <strong>LUZIANIA<\/strong>, o referido banco encontra-se esgotado para a fun\u00e7\u00e3o de <strong>Professor de F\u00edsica, 30 aulas (37 horas) semanais, no turno Matutino\/Vespertino.<\/strong><\/p>\n<p style=\"text-align: justify\">Diante da inexist\u00eancia de candidatos habilitados dispon\u00edveis para convoca\u00e7\u00e3o, e considerando a exist\u00eancia de d\u00e9ficit de profissional docente, justificado pelo art. 208 da Lei n\u00ba 13.909\/2001, a Secretaria de Estado da Educa\u00e7\u00e3o deliberou pela ado\u00e7\u00e3o de procedimento emergencial de sele\u00e7\u00e3o curricular, com o objetivo de realizar contrata\u00e7\u00e3o por tempo determinado, de natureza excepcional e urgente, nos termos da Lei Estadual n\u00ba 20.918\/2020.<\/p>\n<p style=\"text-align: justify\">Nesse sentido, a Coordena\u00e7\u00e3o Regional de Educa\u00e7\u00e3o de <strong>LUZIANIA<\/strong> est\u00e1 recebendo curr\u00edculos, exclusivamente por e-mail, para fins de sele\u00e7\u00e3o e contrata\u00e7\u00e3o tempor\u00e1ria de 01 (um) professor de <strong>F\u00edsica<\/strong>, no(a) <strong>COL\u00c9GIO ESTADUAL EM PER\u00cdODO INTEGRAL ZULCA PEIXOTO DE PAIVA<\/strong>. A presente medida visa evitar a interrup\u00e7\u00e3o das atividades escolares e garantir a continuidade do processo de ensino e aprendizagem, resguardando o direito constitucional \u00e0 educa\u00e7\u00e3o dos estudantes da Rede Estadual de Ensino.<\/p>\n<p style=\"text-align: justify\">Os interessados devem encaminhar curr\u00edculo atualizado ao endere\u00e7o eletr\u00f4nico oficial da Assessoria Financeira da CRE de <strong>LUZIANIA afin.luziania@seduc.go.gov.br<\/strong>, informando contatos telef\u00f4nicos e endere\u00e7o de e-mail para retorno.<\/p>\n<p style=\"text-align: justify\">Para a an\u00e1lise dos curr\u00edculos, ser\u00e1 constitu\u00edda comiss\u00e3o espec\u00edfica no \u00e2mbito da Coordena\u00e7\u00e3o Regional de Educa\u00e7\u00e3o de <strong>LUZIANIA<\/strong>, composta por membros desta unidade administrativa, a qual adotar\u00e1 crit\u00e9rios objetivos e ison\u00f4micos na sele\u00e7\u00e3o dos profissionais, assegurando a observ\u00e2ncia dos princ\u00edpios da legalidade, impessoalidade e interesse p\u00fablico.<\/p>\n<p style=\"text-align: justify\">A presente convoca\u00e7\u00e3o emergencial pauta-se nos princ\u00edpios da continuidade do servi\u00e7o p\u00fablico e da supremacia do interesse p\u00fablico, e ser\u00e1 adotada exclusivamente nos casos em que n\u00e3o houver mais candidatos habilitados no banco vigente, conforme previsto no edital e na legisla\u00e7\u00e3o pertinente.<\/p>\n<p style=\"text-align: center\">SEDUC\/GO<\/p>\n<h2 align=\"center\"><strong style=\"color: revert;font-size: revert\">COMUNICADO<\/strong><\/h2>\n<p style=\"text-align: center\"><strong>PARA CONTRATA\u00c7\u00c3O TEMPOR\u00c1RIA<\/strong><\/p>\n<pre style=\"text-align: center\">Publica\u00e7\u00e3o: 29\/01\/2026 \nEncerramento: 02\/02\/2026 \u00e0s 18h\n<\/pre>\n<p style=\"text-align: justify\">O Governo do Estado de Goi\u00e1s, por interm\u00e9dio da Secretaria de Estado da Educa\u00e7\u00e3o, informa que, embora esteja vigente o Processo Seletivo Simplificado regido pelo Edital n\u00ba 020\/2024 \u2013 destinado \u00e0 composi\u00e7\u00e3o de banco de habilitados para contrata\u00e7\u00e3o tempor\u00e1ria de professores \u2013, no \u00e2mbito do <strong>munic\u00edpio de CRISTALINA<\/strong>, jurisdicionado \u00e0 Coordena\u00e7\u00e3o Regional de Educa\u00e7\u00e3o de <strong>LUZIANIA<\/strong>, o referido banco encontra-se esgotado para a fun\u00e7\u00e3o de <strong>Professor de Matem\u00e1tica, 30 aulas (37 horas) semanais, no turno Matutino\/Vespertino.<\/strong><\/p>\n<p style=\"text-align: justify\">Diante da inexist\u00eancia de candidatos habilitados dispon\u00edveis para convoca\u00e7\u00e3o, e considerando a exist\u00eancia de d\u00e9ficit de profissional docente, justificado pelo art. 208 da Lei n\u00ba 13.909\/2001, a Secretaria de Estado da Educa\u00e7\u00e3o deliberou pela ado\u00e7\u00e3o de procedimento emergencial de sele\u00e7\u00e3o curricular, com o objetivo de realizar contrata\u00e7\u00e3o por tempo determinado, de natureza excepcional e urgente, nos termos da Lei Estadual n\u00ba 20.918\/2020.<\/p>\n<p style=\"text-align: justify\">Nesse sentido, a Coordena\u00e7\u00e3o Regional de Educa\u00e7\u00e3o de <strong>LUZIANIA<\/strong> est\u00e1 recebendo curr\u00edculos, exclusivamente por e-mail, para fins de sele\u00e7\u00e3o e contrata\u00e7\u00e3o tempor\u00e1ria de 01 (um) professor de <strong>Matem\u00e1tica<\/strong>, no(a) <strong>COL\u00c9GIO ESTADUAL DA POL\u00cdCIA MILITAR DE GOI\u00c1S OLGA AGUIAR MOHN<\/strong>. A presente medida visa evitar a interrup\u00e7\u00e3o das atividades escolares e garantir a continuidade do processo de ensino e aprendizagem, resguardando o direito constitucional \u00e0 educa\u00e7\u00e3o dos estudantes da Rede Estadual de Ensino.<\/p>\n<p style=\"text-align: justify\">Os interessados devem encaminhar curr\u00edculo atualizado ao endere\u00e7o eletr\u00f4nico oficial da Assessoria Financeira da CRE de <strong>LUZIANIA afin.luziania@seduc.go.gov.br<\/strong>, informando contatos telef\u00f4nicos e endere\u00e7o de e-mail para retorno.<\/p>\n<p style=\"text-align: justify\">Para a an\u00e1lise dos curr\u00edculos, ser\u00e1 constitu\u00edda comiss\u00e3o espec\u00edfica no \u00e2mbito da Coordena\u00e7\u00e3o Regional de Educa\u00e7\u00e3o de <strong>LUZIANIA<\/strong>, composta por membros desta unidade administrativa, a qual adotar\u00e1 crit\u00e9rios objetivos e ison\u00f4micos na sele\u00e7\u00e3o dos profissionais, assegurando a observ\u00e2ncia dos princ\u00edpios da legalidade, impessoalidade e interesse p\u00fablico.<\/p>\n<p style=\"text-align: justify\">A presente convoca\u00e7\u00e3o emergencial pauta-se nos princ\u00edpios da continuidade do servi\u00e7o p\u00fablico e da supremacia do interesse p\u00fablico, e ser\u00e1 adotada exclusivamente nos casos em que n\u00e3o houver mais candidatos habilitados no banco vigente, conforme previsto no edital e na legisla\u00e7\u00e3o pertinente.<\/p>\n<p style=\"text-align: center\">SEDUC\/GO<\/p>\n<h2 align=\"center\"><strong style=\"color: revert;font-size: revert\">COMUNICADO<\/strong><\/h2>\n<p style=\"text-align: center\"><strong>PARA CONTRATA\u00c7\u00c3O TEMPOR\u00c1RIA<\/strong><\/p>\n<pre style=\"text-align: center\">Publica\u00e7\u00e3o: 29\/01\/2026 \nEncerramento: 02\/02\/2026 \u00e0s 18h\n<\/pre>\n<p style=\"text-align: justify\">O Governo do Estado de Goi\u00e1s, por interm\u00e9dio da Secretaria de Estado da Educa\u00e7\u00e3o, informa que, embora esteja vigente o Processo Seletivo Simplificado regido pelo Edital n\u00ba 020\/2024 \u2013 destinado \u00e0 composi\u00e7\u00e3o de banco de habilitados para contrata\u00e7\u00e3o tempor\u00e1ria de professores \u2013, no \u00e2mbito do <strong>munic\u00edpio de LUZI\u00c2NIA<\/strong>, jurisdicionado \u00e0 Coordena\u00e7\u00e3o Regional de Educa\u00e7\u00e3o de <strong>LUZIANIA<\/strong>, o referido banco encontra-se esgotado para a fun\u00e7\u00e3o de <strong>Professor de Matem\u00e1tica, 30 aulas (37 horas) semanais, no turno Matutino\/Vespertino.<\/strong><\/p>\n<p style=\"text-align: justify\">Diante da inexist\u00eancia de candidatos habilitados dispon\u00edveis para convoca\u00e7\u00e3o, e considerando a exist\u00eancia de d\u00e9ficit de profissional docente, justificado pelo art. 208 da Lei n\u00ba 13.909\/2001, a Secretaria de Estado da Educa\u00e7\u00e3o deliberou pela ado\u00e7\u00e3o de procedimento emergencial de sele\u00e7\u00e3o curricular, com o objetivo de realizar contrata\u00e7\u00e3o por tempo determinado, de natureza excepcional e urgente, nos termos da Lei Estadual n\u00ba 20.918\/2020.<\/p>\n<p style=\"text-align: justify\">Nesse sentido, a Coordena\u00e7\u00e3o Regional de Educa\u00e7\u00e3o de <strong>LUZIANIA<\/strong> est\u00e1 recebendo curr\u00edculos, exclusivamente por e-mail, para fins de sele\u00e7\u00e3o e contrata\u00e7\u00e3o tempor\u00e1ria de 01 (um) professor de <strong>Matem\u00e1tica<\/strong>, no(a) <strong>COL\u00c9GIO ESTADUAL PROFESSORA LOURDES DE OLIVEIRA SAMPAIO<\/strong>. A presente medida visa evitar a interrup\u00e7\u00e3o das atividades escolares e garantir a continuidade do processo de ensino e aprendizagem, resguardando o direito constitucional \u00e0 educa\u00e7\u00e3o dos estudantes da Rede Estadual de Ensino.<\/p>\n<p style=\"text-align: justify\">Os interessados devem encaminhar curr\u00edculo atualizado ao endere\u00e7o eletr\u00f4nico oficial da Assessoria Financeira da CRE de <strong>LUZIANIA afin.luziania@seduc.go.gov.br<\/strong>, informando contatos telef\u00f4nicos e endere\u00e7o de e-mail para retorno.<\/p>\n<p style=\"text-align: justify\">Para a an\u00e1lise dos curr\u00edculos, ser\u00e1 constitu\u00edda comiss\u00e3o espec\u00edfica no \u00e2mbito da Coordena\u00e7\u00e3o Regional de Educa\u00e7\u00e3o de <strong>LUZIANIA<\/strong>, composta por membros desta unidade administrativa, a qual adotar\u00e1 crit\u00e9rios objetivos e ison\u00f4micos na sele\u00e7\u00e3o dos profissionais, assegurando a observ\u00e2ncia dos princ\u00edpios da legalidade, impessoalidade e interesse p\u00fablico.<\/p>\n<p style=\"text-align: justify\">A presente convoca\u00e7\u00e3o emergencial pauta-se nos princ\u00edpios da continuidade do servi\u00e7o p\u00fablico e da supremacia do interesse p\u00fablico, e ser\u00e1 adotada exclusivamente nos casos em que n\u00e3o houver mais candidatos habilitados no banco vigente, conforme previsto no edital e na legisla\u00e7\u00e3o pertinente.<\/p>\n<p style=\"text-align: center\">SEDUC\/GO<\/p>\n<h2 align=\"center\"><strong style=\"color: revert;font-size: revert\">COMUNICADO<\/strong><\/h2>\n<p style=\"text-align: center\"><strong>PARA CONTRATA\u00c7\u00c3O TEMPOR\u00c1RIA<\/strong><\/p>\n<pre style=\"text-align: center\">Publica\u00e7\u00e3o: 29\/01\/2026 \nEncerramento: 02\/02\/2026 \u00e0s 18h\n<\/pre>\n<p style=\"text-align: justify\">O Governo do Estado de Goi\u00e1s, por interm\u00e9dio da Secretaria de Estado da Educa\u00e7\u00e3o, informa que, embora esteja vigente o Processo Seletivo Simplificado regido pelo Edital n\u00ba 020\/2024 \u2013 destinado \u00e0 composi\u00e7\u00e3o de banco de habilitados para contrata\u00e7\u00e3o tempor\u00e1ria de professores \u2013, no \u00e2mbito do <strong>munic\u00edpio de LUZI\u00c2NIA<\/strong>, jurisdicionado \u00e0 Coordena\u00e7\u00e3o Regional de Educa\u00e7\u00e3o de <strong>LUZIANIA<\/strong>, o referido banco encontra-se esgotado para a fun\u00e7\u00e3o de <strong>Professor de L\u00edngua Inglesa, 30 aulas (37 horas) semanais, no turno Matutino\/Vespertino.<\/strong><\/p>\n<p style=\"text-align: justify\">Diante da inexist\u00eancia de candidatos habilitados dispon\u00edveis para convoca\u00e7\u00e3o, e considerando a exist\u00eancia de d\u00e9ficit de profissional docente, justificado pelo art. 208 da Lei n\u00ba 13.909\/2001, a Secretaria de Estado da Educa\u00e7\u00e3o deliberou pela ado\u00e7\u00e3o de procedimento emergencial de sele\u00e7\u00e3o curricular, com o objetivo de realizar contrata\u00e7\u00e3o por tempo determinado, de natureza excepcional e urgente, nos termos da Lei Estadual n\u00ba 20.918\/2020.<\/p>\n<p style=\"text-align: justify\">Nesse sentido, a Coordena\u00e7\u00e3o Regional de Educa\u00e7\u00e3o de <strong>LUZIANIA<\/strong> est\u00e1 recebendo curr\u00edculos, exclusivamente por e-mail, para fins de sele\u00e7\u00e3o e contrata\u00e7\u00e3o tempor\u00e1ria de 01 (um) professor de <strong>L\u00edngua Inglesa<\/strong>, no(a) <strong>COL\u00c9GIO ESTADUAL PROFESSORA MARIA PEREIRA VASCONCELOS<\/strong>. A presente medida visa evitar a interrup\u00e7\u00e3o das atividades escolares e garantir a continuidade do processo de ensino e aprendizagem, resguardando o direito constitucional \u00e0 educa\u00e7\u00e3o dos estudantes da Rede Estadual de Ensino.<\/p>\n<p style=\"text-align: justify\">Os interessados devem encaminhar curr\u00edculo atualizado ao endere\u00e7o eletr\u00f4nico oficial da Assessoria Financeira da CRE de <strong>LUZIANIA afin.luziania@seduc.go.gov.br<\/strong>, informando contatos telef\u00f4nicos e endere\u00e7o de e-mail para retorno.<\/p>\n<p style=\"text-align: justify\">Para a an\u00e1lise dos curr\u00edculos, ser\u00e1 constitu\u00edda comiss\u00e3o espec\u00edfica no \u00e2mbito da Coordena\u00e7\u00e3o Regional de Educa\u00e7\u00e3o de <strong>LUZIANIA<\/strong>, composta por membros desta unidade administrativa, a qual adotar\u00e1 crit\u00e9rios objetivos e ison\u00f4micos na sele\u00e7\u00e3o dos profissionais, assegurando a observ\u00e2ncia dos princ\u00edpios da legalidade, impessoalidade e interesse p\u00fablico.<\/p>\n<p style=\"text-align: justify\">A presente convoca\u00e7\u00e3o emergencial pauta-se nos princ\u00edpios da continuidade do servi\u00e7o p\u00fablico e da supremacia do interesse p\u00fablico, e ser\u00e1 adotada exclusivamente nos casos em que n\u00e3o houver mais candidatos habilitados no banco vigente, conforme previsto no edital e na legisla\u00e7\u00e3o pertinente.<\/p>\n<p style=\"text-align: center\">SEDUC\/GO<\/p>\n<h2 align=\"center\"><strong style=\"color: revert;font-size: revert\">COMUNICADO<\/strong><\/h2>\n<p style=\"text-align: center\"><strong>PARA CONTRATA\u00c7\u00c3O TEMPOR\u00c1RIA<\/strong><\/p>\n<pre style=\"text-align: center\">Publica\u00e7\u00e3o: 29\/01\/2026 \nEncerramento: 02\/02\/2026 \u00e0s 18h\n<\/pre>\n<p style=\"text-align: justify\">O Governo do Estado de Goi\u00e1s, por interm\u00e9dio da Secretaria de Estado da Educa\u00e7\u00e3o, informa que, embora esteja vigente o Processo Seletivo Simplificado regido pelo Edital n\u00ba 020\/2024 \u2013 destinado \u00e0 composi\u00e7\u00e3o de banco de habilitados para contrata\u00e7\u00e3o tempor\u00e1ria de professores \u2013, no \u00e2mbito do <strong>munic\u00edpio de LUZI\u00c2NIA<\/strong>, jurisdicionado \u00e0 Coordena\u00e7\u00e3o Regional de Educa\u00e7\u00e3o de <strong>LUZIANIA<\/strong>, o referido banco encontra-se esgotado para a fun\u00e7\u00e3o de <strong>Professor de F\u00edsica, 30 aulas (37 horas) semanais, no turno Matutino\/Vespertino.<\/strong><\/p>\n<p style=\"text-align: justify\">Diante da inexist\u00eancia de candidatos habilitados dispon\u00edveis para convoca\u00e7\u00e3o, e considerando a exist\u00eancia de d\u00e9ficit de profissional docente, justificado pelo art. 208 da Lei n\u00ba 13.909\/2001, a Secretaria de Estado da Educa\u00e7\u00e3o deliberou pela ado\u00e7\u00e3o de procedimento emergencial de sele\u00e7\u00e3o curricular, com o objetivo de realizar contrata\u00e7\u00e3o por tempo determinado, de natureza excepcional e urgente, nos termos da Lei Estadual n\u00ba 20.918\/2020.<\/p>\n<p style=\"text-align: justify\">Nesse sentido, a Coordena\u00e7\u00e3o Regional de Educa\u00e7\u00e3o de <strong>LUZIANIA<\/strong> est\u00e1 recebendo curr\u00edculos, exclusivamente por e-mail, para fins de sele\u00e7\u00e3o e contrata\u00e7\u00e3o tempor\u00e1ria de 01 (um) professor de <strong>F\u00edsica<\/strong>, no(a) <strong>COL\u00c9GIO ESTADUAL PROFESSORA MARIA PEREIRA VASCONCELOS<\/strong>. A presente medida visa evitar a interrup\u00e7\u00e3o das atividades escolares e garantir a continuidade do processo de ensino e aprendizagem, resguardando o direito constitucional \u00e0 educa\u00e7\u00e3o dos estudantes da Rede Estadual de Ensino.<\/p>\n<p style=\"text-align: justify\">Os interessados devem encaminhar curr\u00edculo atualizado ao endere\u00e7o eletr\u00f4nico oficial da Assessoria Financeira da CRE de <strong>LUZIANIA afin.luziania@seduc.go.gov.br<\/strong>, informando contatos telef\u00f4nicos e endere\u00e7o de e-mail para retorno.<\/p>\n<p style=\"text-align: justify\">Para a an\u00e1lise dos curr\u00edculos, ser\u00e1 constitu\u00edda comiss\u00e3o espec\u00edfica no \u00e2mbito da Coordena\u00e7\u00e3o Regional de Educa\u00e7\u00e3o de <strong>LUZIANIA<\/strong>, composta por membros desta unidade administrativa, a qual adotar\u00e1 crit\u00e9rios objetivos e ison\u00f4micos na sele\u00e7\u00e3o dos profissionais, assegurando a observ\u00e2ncia dos princ\u00edpios da legalidade, impessoalidade e interesse p\u00fablico.<\/p>\n<p style=\"text-align: justify\">A presente convoca\u00e7\u00e3o emergencial pauta-se nos princ\u00edpios da continuidade do servi\u00e7o p\u00fablico e da supremacia do interesse p\u00fablico, e ser\u00e1 adotada exclusivamente nos casos em que n\u00e3o houver mais candidatos habilitados no banco vigente, conforme previsto no edital e na legisla\u00e7\u00e3o pertinente.<\/p>\n<p style=\"text-align: center\">SEDUC\/GO<\/p>\n<h2 align=\"center\"><strong style=\"color: revert;font-size: revert\">COMUNICADO<\/strong><\/h2>\n<p style=\"text-align: center\"><strong>PARA CONTRATA\u00c7\u00c3O TEMPOR\u00c1RIA<\/strong><\/p>\n<pre style=\"text-align: center\">Publica\u00e7\u00e3o: 29\/01\/2026 \nEncerramento: 02\/02\/2026 \u00e0s 18h\n<\/pre>\n<p style=\"text-align: justify\">O Governo do Estado de Goi\u00e1s, por interm\u00e9dio da Secretaria de Estado da Educa\u00e7\u00e3o, informa que, embora esteja vigente o Processo Seletivo Simplificado regido pelo Edital n\u00ba 020\/2024 \u2013 destinado \u00e0 composi\u00e7\u00e3o de banco de habilitados para contrata\u00e7\u00e3o tempor\u00e1ria de professores \u2013, no \u00e2mbito do <strong>munic\u00edpio de LUZI\u00c2NIA<\/strong>, jurisdicionado \u00e0 Coordena\u00e7\u00e3o Regional de Educa\u00e7\u00e3o de <strong>LUZIANIA<\/strong>, o referido banco encontra-se esgotado para a fun\u00e7\u00e3o de <strong>Professor de Matem\u00e1tica, 30 aulas (37 horas) semanais, no turno Matutino\/Vespertino.<\/strong><\/p>\n<p style=\"text-align: justify\">Diante da inexist\u00eancia de candidatos habilitados dispon\u00edveis para convoca\u00e7\u00e3o, e considerando a exist\u00eancia de d\u00e9ficit de profissional docente, justificado pelo art. 208 da Lei n\u00ba 13.909\/2001, a Secretaria de Estado da Educa\u00e7\u00e3o deliberou pela ado\u00e7\u00e3o de procedimento emergencial de sele\u00e7\u00e3o curricular, com o objetivo de realizar contrata\u00e7\u00e3o por tempo determinado, de natureza excepcional e urgente, nos termos da Lei Estadual n\u00ba 20.918\/2020.<\/p>\n<p style=\"text-align: justify\">Nesse sentido, a Coordena\u00e7\u00e3o Regional de Educa\u00e7\u00e3o de <strong>LUZIANIA<\/strong> est\u00e1 recebendo curr\u00edculos, exclusivamente por e-mail, para fins de sele\u00e7\u00e3o e contrata\u00e7\u00e3o tempor\u00e1ria de 01 (um) professor de <strong>Matem\u00e1tica<\/strong>, no(a) <strong>COL\u00c9GIO ESTADUAL PROFESSOR JOSU\u00c9 MEIRELLES<\/strong>. A presente medida visa evitar a interrup\u00e7\u00e3o das atividades escolares e garantir a continuidade do processo de ensino e aprendizagem, resguardando o direito constitucional \u00e0 educa\u00e7\u00e3o dos estudantes da Rede Estadual de Ensino.<\/p>\n<p style=\"text-align: justify\">Os interessados devem encaminhar curr\u00edculo atualizado ao endere\u00e7o eletr\u00f4nico oficial da Assessoria Financeira da CRE de <strong>LUZIANIA afin.luziania@seduc.go.gov.br<\/strong>, informando contatos telef\u00f4nicos e endere\u00e7o de e-mail para retorno.<\/p>\n<p style=\"text-align: justify\">Para a an\u00e1lise dos curr\u00edculos, ser\u00e1 constitu\u00edda comiss\u00e3o espec\u00edfica no \u00e2mbito da Coordena\u00e7\u00e3o Regional de Educa\u00e7\u00e3o de <strong>LUZIANIA<\/strong>, composta por membros desta unidade administrativa, a qual adotar\u00e1 crit\u00e9rios objetivos e ison\u00f4micos na sele\u00e7\u00e3o dos profissionais, assegurando a observ\u00e2ncia dos princ\u00edpios da legalidade, impessoalidade e interesse p\u00fablico.<\/p>\n<p style=\"text-align: justify\">A presente convoca\u00e7\u00e3o emergencial pauta-se nos princ\u00edpios da continuidade do servi\u00e7o p\u00fablico e da supremacia do interesse p\u00fablico, e ser\u00e1 adotada exclusivamente nos casos em que n\u00e3o houver mais candidatos habilitados no banco vigente, conforme previsto no edital e na legisla\u00e7\u00e3o pertinente.<\/p>\n<p style=\"text-align: center\">SEDUC\/GO<\/p>\n<h2 align=\"center\"><strong style=\"color: revert;font-size: revert\">COMUNICADO<\/strong><\/h2>\n<p style=\"text-align: center\"><strong>PARA CONTRATA\u00c7\u00c3O TEMPOR\u00c1RIA<\/strong><\/p>\n<pre style=\"text-align: center\">Publica\u00e7\u00e3o: 29\/01\/2026 \nEncerramento: 02\/02\/2026 \u00e0s 18h\n<\/pre>\n<p style=\"text-align: justify\">O Governo do Estado de Goi\u00e1s, por interm\u00e9dio da Secretaria de Estado da Educa\u00e7\u00e3o, informa que, embora esteja vigente o Processo Seletivo Simplificado regido pelo Edital n\u00ba 020\/2024 \u2013 destinado \u00e0 composi\u00e7\u00e3o de banco de habilitados para contrata\u00e7\u00e3o tempor\u00e1ria de professores \u2013, no \u00e2mbito do <strong>munic\u00edpio de LUZI\u00c2NIA<\/strong>, jurisdicionado \u00e0 Coordena\u00e7\u00e3o Regional de Educa\u00e7\u00e3o de <strong>LUZIANIA<\/strong>, o referido banco encontra-se esgotado para a fun\u00e7\u00e3o de <strong>Professor de Matem\u00e1tica, 30 aulas (37 horas) semanais, no turno Matutino\/Vespertino.<\/strong><\/p>\n<p style=\"text-align: justify\">Diante da inexist\u00eancia de candidatos habilitados dispon\u00edveis para convoca\u00e7\u00e3o, e considerando a exist\u00eancia de d\u00e9ficit de profissional docente, justificado pelo art. 208 da Lei n\u00ba 13.909\/2001, a Secretaria de Estado da Educa\u00e7\u00e3o deliberou pela ado\u00e7\u00e3o de procedimento emergencial de sele\u00e7\u00e3o curricular, com o objetivo de realizar contrata\u00e7\u00e3o por tempo determinado, de natureza excepcional e urgente, nos termos da Lei Estadual n\u00ba 20.918\/2020.<\/p>\n<p style=\"text-align: justify\">Nesse sentido, a Coordena\u00e7\u00e3o Regional de Educa\u00e7\u00e3o de <strong>LUZIANIA<\/strong> est\u00e1 recebendo curr\u00edculos, exclusivamente por e-mail, para fins de sele\u00e7\u00e3o e contrata\u00e7\u00e3o tempor\u00e1ria de 01 (um) professor de <strong>Matem\u00e1tica<\/strong>, no(a) <strong>COL\u00c9GIO ESTADUAL PROFESSOR JOSU\u00c9 MEIRELLES<\/strong>. A presente medida visa evitar a interrup\u00e7\u00e3o das atividades escolares e garantir a continuidade do processo de ensino e aprendizagem, resguardando o direito constitucional \u00e0 educa\u00e7\u00e3o dos estudantes da Rede Estadual de Ensino.<\/p>\n<p style=\"text-align: justify\">Os interessados devem encaminhar curr\u00edculo atualizado ao endere\u00e7o eletr\u00f4nico oficial da Assessoria Financeira da CRE de <strong>LUZIANIA afin.luziania@seduc.go.gov.br<\/strong>, informando contatos telef\u00f4nicos e endere\u00e7o de e-mail para retorno.<\/p>\n<p style=\"text-align: justify\">Para a an\u00e1lise dos curr\u00edculos, ser\u00e1 constitu\u00edda comiss\u00e3o espec\u00edfica no \u00e2mbito da Coordena\u00e7\u00e3o Regional de Educa\u00e7\u00e3o de <strong>LUZIANIA<\/strong>, composta por membros desta unidade administrativa, a qual adotar\u00e1 crit\u00e9rios objetivos e ison\u00f4micos na sele\u00e7\u00e3o dos profissionais, assegurando a observ\u00e2ncia dos princ\u00edpios da legalidade, impessoalidade e interesse p\u00fablico.<\/p>\n<p style=\"text-align: justify\">A presente convoca\u00e7\u00e3o emergencial pauta-se nos princ\u00edpios da continuidade do servi\u00e7o p\u00fablico e da supremacia do interesse p\u00fablico, e ser\u00e1 adotada exclusivamente nos casos em que n\u00e3o houver mais candidatos habilitados no banco vigente, conforme previsto no edital e na legisla\u00e7\u00e3o pertinente.<\/p>\n<p style=\"text-align: center\">SEDUC\/GO<\/p>\n<h2 align=\"center\"><strong style=\"color: revert;font-size: revert\">COMUNICADO<\/strong><\/h2>\n<p style=\"text-align: center\"><strong>PARA CONTRATA\u00c7\u00c3O TEMPOR\u00c1RIA<\/strong><\/p>\n<pre style=\"text-align: center\">Publica\u00e7\u00e3o: 29\/01\/2026 \nEncerramento: 02\/02\/2026 \u00e0s 18h\n<\/pre>\n<p style=\"text-align: justify\">O Governo do Estado de Goi\u00e1s, por interm\u00e9dio da Secretaria de Estado da Educa\u00e7\u00e3o, informa que, embora esteja vigente o Processo Seletivo Simplificado regido pelo Edital n\u00ba 020\/2024 \u2013 destinado \u00e0 composi\u00e7\u00e3o de banco de habilitados para contrata\u00e7\u00e3o tempor\u00e1ria de professores \u2013, no \u00e2mbito do <strong>munic\u00edpio de CRISTALINA<\/strong>, jurisdicionado \u00e0 Coordena\u00e7\u00e3o Regional de Educa\u00e7\u00e3o de <strong>LUZIANIA<\/strong>, o referido banco encontra-se esgotado para a fun\u00e7\u00e3o de <strong>Professor de Matem\u00e1tica, 30 aulas (37 horas) semanais, no turno Matutino\/Vespertino.<\/strong><\/p>\n<p style=\"text-align: justify\">Diante da inexist\u00eancia de candidatos habilitados dispon\u00edveis para convoca\u00e7\u00e3o, e considerando a exist\u00eancia de d\u00e9ficit de profissional docente, justificado pelo art. 208 da Lei n\u00ba 13.909\/2001, a Secretaria de Estado da Educa\u00e7\u00e3o deliberou pela ado\u00e7\u00e3o de procedimento emergencial de sele\u00e7\u00e3o curricular, com o objetivo de realizar contrata\u00e7\u00e3o por tempo determinado, de natureza excepcional e urgente, nos termos da Lei Estadual n\u00ba 20.918\/2020.<\/p>\n<p style=\"text-align: justify\">Nesse sentido, a Coordena\u00e7\u00e3o Regional de Educa\u00e7\u00e3o de <strong>LUZIANIA<\/strong> est\u00e1 recebendo curr\u00edculos, exclusivamente por e-mail, para fins de sele\u00e7\u00e3o e contrata\u00e7\u00e3o tempor\u00e1ria de 01 (um) professor de <strong>Matem\u00e1tica<\/strong>, no(a) <strong>COL\u00c9GIO ESTADUAL JOS\u00c9 DE GOI\u00c1S BRASIL<\/strong>. A presente medida visa evitar a interrup\u00e7\u00e3o das atividades escolares e garantir a continuidade do processo de ensino e aprendizagem, resguardando o direito constitucional \u00e0 educa\u00e7\u00e3o dos estudantes da Rede Estadual de Ensino.<\/p>\n<p style=\"text-align: justify\">Os interessados devem encaminhar curr\u00edculo atualizado ao endere\u00e7o eletr\u00f4nico oficial da Assessoria Financeira da CRE de <strong>LUZIANIA afin.luziania@seduc.go.gov.br<\/strong>, informando contatos telef\u00f4nicos e endere\u00e7o de e-mail para retorno.<\/p>\n<p style=\"text-align: justify\">Para a an\u00e1lise dos curr\u00edculos, ser\u00e1 constitu\u00edda comiss\u00e3o espec\u00edfica no \u00e2mbito da Coordena\u00e7\u00e3o Regional de Educa\u00e7\u00e3o de <strong>LUZIANIA<\/strong>, composta por membros desta unidade administrativa, a qual adotar\u00e1 crit\u00e9rios objetivos e ison\u00f4micos na sele\u00e7\u00e3o dos profissionais, assegurando a observ\u00e2ncia dos princ\u00edpios da legalidade, impessoalidade e interesse p\u00fablico.<\/p>\n<p style=\"text-align: justify\">A presente convoca\u00e7\u00e3o emergencial pauta-se nos princ\u00edpios da continuidade do servi\u00e7o p\u00fablico e da supremacia do interesse p\u00fablico, e ser\u00e1 adotada exclusivamente nos casos em que n\u00e3o houver mais candidatos habilitados no banco vigente, conforme previsto no edital e na legisla\u00e7\u00e3o pertinente.<\/p>\n<p style=\"text-align: center\">SEDUC\/GO<\/p>\n<h2 align=\"center\"><strong style=\"color: revert;font-size: revert\">COMUNICADO<\/strong><\/h2>\n<p style=\"text-align: center\"><strong>PARA CONTRATA\u00c7\u00c3O TEMPOR\u00c1RIA<\/strong><\/p>\n<pre style=\"text-align: center\">Publica\u00e7\u00e3o: 07\/11\/2025 \nEncerramento: 11\/11\/2025 \u00e0s 18h\n<\/pre>\n<p style=\"text-align: justify\">O Governo do Estado de Goi\u00e1s, por interm\u00e9dio da Secretaria de Estado da Educa\u00e7\u00e3o, informa que, embora esteja vigente o Processo Seletivo Simplificado regido pelo Edital n\u00ba 020\/2024 \u2013 destinado \u00e0 composi\u00e7\u00e3o de banco de habilitados para contrata\u00e7\u00e3o tempor\u00e1ria de professores \u2013, no \u00e2mbito do <strong>munic\u00edpio de CRISTALINA<\/strong>, jurisdicionado \u00e0 Coordena\u00e7\u00e3o Regional de Educa\u00e7\u00e3o de <strong>LUZIANIA<\/strong>, o referido banco encontra-se esgotado para a fun\u00e7\u00e3o de <strong>Professor de Matem\u00e1tica, 32 aulas (40 horas) semanais, no turno Matutino\/Vespertino.<\/strong><\/p>\n<p style=\"text-align: justify\">Diante da inexist\u00eancia de candidatos habilitados dispon\u00edveis para convoca\u00e7\u00e3o, e considerando a exist\u00eancia de d\u00e9ficit de profissional docente, justificado pelo art. 208 da Lei n\u00ba 13.909\/2001, a Secretaria de Estado da Educa\u00e7\u00e3o deliberou pela ado\u00e7\u00e3o de procedimento emergencial de sele\u00e7\u00e3o curricular, com o objetivo de realizar contrata\u00e7\u00e3o por tempo determinado, de natureza excepcional e urgente, nos termos da Lei Estadual n\u00ba 20.918\/2020.<\/p>\n<p style=\"text-align: justify\">Nesse sentido, a Coordena\u00e7\u00e3o Regional de Educa\u00e7\u00e3o de <strong>LUZIANIA<\/strong> est\u00e1 recebendo curr\u00edculos, exclusivamente por e-mail, para fins de sele\u00e7\u00e3o e contrata\u00e7\u00e3o tempor\u00e1ria de 01 (um) professor de <strong>Matem\u00e1tica<\/strong>, no(a) <strong>COL\u00c9GIO ESTADUAL ADELVINA FLORES RIBEIRO<\/strong>. A presente medida visa evitar a interrup\u00e7\u00e3o das atividades escolares e garantir a continuidade do processo de ensino e aprendizagem, resguardando o direito constitucional \u00e0 educa\u00e7\u00e3o dos estudantes da Rede Estadual de Ensino.<\/p>\n<p style=\"text-align: justify\">Os interessados devem encaminhar curr\u00edculo atualizado ao endere\u00e7o eletr\u00f4nico oficial da Assessoria Financeira da CRE de <strong>LUZIANIA afin.luziania@seduc.go.gov.br<\/strong>, informando contatos telef\u00f4nicos e endere\u00e7o de e-mail para retorno.<\/p>\n<p style=\"text-align: justify\">Para a an\u00e1lise dos curr\u00edculos, ser\u00e1 constitu\u00edda comiss\u00e3o espec\u00edfica no \u00e2mbito da Coordena\u00e7\u00e3o Regional de Educa\u00e7\u00e3o de <strong>LUZIANIA<\/strong>, composta por membros desta unidade administrativa, a qual adotar\u00e1 crit\u00e9rios objetivos e ison\u00f4micos na sele\u00e7\u00e3o dos profissionais, assegurando a observ\u00e2ncia dos princ\u00edpios da legalidade, impessoalidade e interesse p\u00fablico.<\/p>\n<p style=\"text-align: justify\">A presente convoca\u00e7\u00e3o emergencial pauta-se nos princ\u00edpios da continuidade do servi\u00e7o p\u00fablico e da supremacia do interesse p\u00fablico, e ser\u00e1 adotada exclusivamente nos casos em que n\u00e3o houver mais candidatos habilitados no banco vigente, conforme previsto no edital e na legisla\u00e7\u00e3o pertinente.<\/p>\n<p style=\"text-align: center\">SEDUC\/GO<\/p>\n<h2 align=\"center\"><strong style=\"color: revert;font-size: revert\">COMUNICADO<\/strong><\/h2>\n<p style=\"text-align: center\"><strong>PARA CONTRATA\u00c7\u00c3O TEMPOR\u00c1RIA<\/strong><\/p>\n<pre style=\"text-align: center\">Publica\u00e7\u00e3o: 07\/11\/2025 \nEncerramento: 11\/11\/2025 \u00e0s 18h\n<\/pre>\n<p style=\"text-align: justify\">O Governo do Estado de Goi\u00e1s, por interm\u00e9dio da Secretaria de Estado da Educa\u00e7\u00e3o, informa que, embora esteja vigente o Processo Seletivo Simplificado regido pelo Edital n\u00ba 020\/2024 \u2013 destinado \u00e0 composi\u00e7\u00e3o de banco de habilitados para contrata\u00e7\u00e3o tempor\u00e1ria de professores \u2013, no \u00e2mbito do <strong>munic\u00edpio de LUZI\u00c2NIA<\/strong>, jurisdicionado \u00e0 Coordena\u00e7\u00e3o Regional de Educa\u00e7\u00e3o de <strong>LUZIANIA<\/strong>, o referido banco encontra-se esgotado para a fun\u00e7\u00e3o de <strong>Professor de Pedagogia, 32 aulas (40 horas) semanais, no turno Matutino\/Vespertino.<\/strong><\/p>\n<p style=\"text-align: justify\">Diante da inexist\u00eancia de candidatos habilitados dispon\u00edveis para convoca\u00e7\u00e3o, e considerando a exist\u00eancia de d\u00e9ficit de profissional docente, justificado pelo art. 208 da Lei n\u00ba 13.909\/2001, a Secretaria de Estado da Educa\u00e7\u00e3o deliberou pela ado\u00e7\u00e3o de procedimento emergencial de sele\u00e7\u00e3o curricular, com o objetivo de realizar contrata\u00e7\u00e3o por tempo determinado, de natureza excepcional e urgente, nos termos da Lei Estadual n\u00ba 20.918\/2020.<\/p>\n<p style=\"text-align: justify\">Nesse sentido, a Coordena\u00e7\u00e3o Regional de Educa\u00e7\u00e3o de <strong>LUZIANIA<\/strong> est\u00e1 recebendo curr\u00edculos, exclusivamente por e-mail, para fins de sele\u00e7\u00e3o e contrata\u00e7\u00e3o tempor\u00e1ria de 01 (um) professor de <strong>Pedagogia<\/strong>, no(a) <strong>COL\u00c9GIO ESTADUAL H\u00c9LIO RORIZ<\/strong>. A presente medida visa evitar a interrup\u00e7\u00e3o das atividades escolares e garantir a continuidade do processo de ensino e aprendizagem, resguardando o direito constitucional \u00e0 educa\u00e7\u00e3o dos estudantes da Rede Estadual de Ensino.<\/p>\n<p style=\"text-align: justify\">Os interessados devem encaminhar curr\u00edculo atualizado ao endere\u00e7o eletr\u00f4nico oficial da Assessoria Financeira da CRE de <strong>LUZIANIA afin.luziania@seduc.go.gov.br<\/strong>, informando contatos telef\u00f4nicos e endere\u00e7o de e-mail para retorno.<\/p>\n<p style=\"text-align: justify\">Para a an\u00e1lise dos curr\u00edculos, ser\u00e1 constitu\u00edda comiss\u00e3o espec\u00edfica no \u00e2mbito da Coordena\u00e7\u00e3o Regional de Educa\u00e7\u00e3o de <strong>LUZIANIA<\/strong>, composta por membros desta unidade administrativa, a qual adotar\u00e1 crit\u00e9rios objetivos e ison\u00f4micos na sele\u00e7\u00e3o dos profissionais, assegurando a observ\u00e2ncia dos princ\u00edpios da legalidade, impessoalidade e interesse p\u00fablico.<\/p>\n<p style=\"text-align: justify\">A presente convoca\u00e7\u00e3o emergencial pauta-se nos princ\u00edpios da continuidade do servi\u00e7o p\u00fablico e da supremacia do interesse p\u00fablico, e ser\u00e1 adotada exclusivamente nos casos em que n\u00e3o houver mais candidatos habilitados no banco vigente, conforme previsto no edital e na legisla\u00e7\u00e3o pertinente.<\/p>\n<p style=\"text-align: center\">SEDUC\/GO<\/p>\n<h2 align=\"center\"><strong style=\"color: revert;font-size: revert\">COMUNICADO<\/strong><\/h2>\n<p style=\"text-align: center\"><strong>PARA CONTRATA\u00c7\u00c3O TEMPOR\u00c1RIA<\/strong><\/p>\n<pre style=\"text-align: center\">Publica\u00e7\u00e3o: 04\/11\/2025 \nEncerramento: 06\/11\/2025 \u00e0s 18h\n<\/pre>\n<p style=\"text-align: justify\">O Governo do Estado de Goi\u00e1s, por interm\u00e9dio da Secretaria de Estado da Educa\u00e7\u00e3o, informa que, embora esteja vigente o Processo Seletivo Simplificado regido pelo Edital n\u00ba 020\/2024 \u2013 destinado \u00e0 composi\u00e7\u00e3o de banco de habilitados para contrata\u00e7\u00e3o tempor\u00e1ria de professores \u2013, no \u00e2mbito do <strong>munic\u00edpio de CRISTALINA<\/strong>, jurisdicionado \u00e0 Coordena\u00e7\u00e3o Regional de Educa\u00e7\u00e3o de <strong>LUZIANIA<\/strong>, o referido banco encontra-se esgotado para a fun\u00e7\u00e3o de <strong>Professor de Matem\u00e1tica, 32 aulas (40 horas) semanais, no turno Matutino\/Vespertino.<\/strong><\/p>\n<p style=\"text-align: justify\">Diante da inexist\u00eancia de candidatos habilitados dispon\u00edveis para convoca\u00e7\u00e3o, e considerando a exist\u00eancia de d\u00e9ficit de profissional docente, justificado pelo art. 208 da Lei n\u00ba 13.909\/2001, a Secretaria de Estado da Educa\u00e7\u00e3o deliberou pela ado\u00e7\u00e3o de procedimento emergencial de sele\u00e7\u00e3o curricular, com o objetivo de realizar contrata\u00e7\u00e3o por tempo determinado, de natureza excepcional e urgente, nos termos da Lei Estadual n\u00ba 20.918\/2020.<\/p>\n<p style=\"text-align: justify\">Nesse sentido, a Coordena\u00e7\u00e3o Regional de Educa\u00e7\u00e3o de <strong>LUZIANIA<\/strong> est\u00e1 recebendo curr\u00edculos, exclusivamente por e-mail, para fins de sele\u00e7\u00e3o e contrata\u00e7\u00e3o tempor\u00e1ria de 01 (um) professor de <strong>Matem\u00e1tica<\/strong>, no(a) <strong>COL\u00c9GIO ESTADUAL DA POL\u00cdCIA MILITAR DE GOI\u00c1S OLGA AGUIAR MOHN<\/strong>. A presente medida visa evitar a interrup\u00e7\u00e3o das atividades escolares e garantir a continuidade do processo de ensino e aprendizagem, resguardando o direito constitucional \u00e0 educa\u00e7\u00e3o dos estudantes da Rede Estadual de Ensino.<\/p>\n<p style=\"text-align: justify\">Os interessados devem encaminhar curr\u00edculo atualizado ao endere\u00e7o eletr\u00f4nico oficial da Assessoria Financeira da CRE de <strong>LUZIANIA afin.luziania@seduc.go.gov.br<\/strong>, informando contatos telef\u00f4nicos e endere\u00e7o de e-mail para retorno.<\/p>\n<p style=\"text-align: justify\">Para a an\u00e1lise dos curr\u00edculos, ser\u00e1 constitu\u00edda comiss\u00e3o espec\u00edfica no \u00e2mbito da Coordena\u00e7\u00e3o Regional de Educa\u00e7\u00e3o de <strong>LUZIANIA<\/strong>, composta por membros desta unidade administrativa, a qual adotar\u00e1 crit\u00e9rios objetivos e ison\u00f4micos na sele\u00e7\u00e3o dos profissionais, assegurando a observ\u00e2ncia dos princ\u00edpios da legalidade, impessoalidade e interesse p\u00fablico.<\/p>\n<p style=\"text-align: justify\">A presente convoca\u00e7\u00e3o emergencial pauta-se nos princ\u00edpios da continuidade do servi\u00e7o p\u00fablico e da supremacia do interesse p\u00fablico, e ser\u00e1 adotada exclusivamente nos casos em que n\u00e3o houver mais candidatos habilitados no banco vigente, conforme previsto no edital e na legisla\u00e7\u00e3o pertinente.<\/p>\n<p style=\"text-align: center\">SEDUC\/GO<\/p>\n<h2 align=\"center\"><strong style=\"color: revert;font-size: revert\">COMUNICADO<\/strong><\/h2>\n<p style=\"text-align: center\"><strong>PARA CONTRATA\u00c7\u00c3O TEMPOR\u00c1RIA<\/strong><\/p>\n<pre style=\"text-align: center\">Publica\u00e7\u00e3o: 03\/11\/2025 \nEncerramento: 05\/11\/2025 \u00e0s 18h\n<\/pre>\n<p style=\"text-align: justify\">O Governo do Estado de Goi\u00e1s, por interm\u00e9dio da Secretaria de Estado da Educa\u00e7\u00e3o, informa que, embora esteja vigente o Processo Seletivo Simplificado regido pelo Edital n\u00ba 020\/2024 \u2013 destinado \u00e0 composi\u00e7\u00e3o de banco de habilitados para contrata\u00e7\u00e3o tempor\u00e1ria de professores \u2013, no \u00e2mbito do <strong>munic\u00edpio de LUZI\u00c2NIA<\/strong>, jurisdicionado \u00e0 Coordena\u00e7\u00e3o Regional de Educa\u00e7\u00e3o de <strong>LUZIANIA<\/strong>, o referido banco encontra-se esgotado para a fun\u00e7\u00e3o de <strong>Professor de Matem\u00e1tica, 32 aulas (40 horas) semanais, no turno Matutino\/Vespertino.<\/strong><\/p>\n<p style=\"text-align: justify\">Diante da inexist\u00eancia de candidatos habilitados dispon\u00edveis para convoca\u00e7\u00e3o, e considerando a exist\u00eancia de d\u00e9ficit de profissional docente, justificado pelo art. 208 da Lei n\u00ba 13.909\/2001, a Secretaria de Estado da Educa\u00e7\u00e3o deliberou pela ado\u00e7\u00e3o de procedimento emergencial de sele\u00e7\u00e3o curricular, com o objetivo de realizar contrata\u00e7\u00e3o por tempo determinado, de natureza excepcional e urgente, nos termos da Lei Estadual n\u00ba 20.918\/2020.<\/p>\n<p style=\"text-align: justify\">Nesse sentido, a Coordena\u00e7\u00e3o Regional de Educa\u00e7\u00e3o de <strong>LUZIANIA<\/strong> est\u00e1 recebendo curr\u00edculos, exclusivamente por e-mail, para fins de sele\u00e7\u00e3o e contrata\u00e7\u00e3o tempor\u00e1ria de 01 (um) professor de <strong>Matem\u00e1tica<\/strong>, no(a) <strong>COL\u00c9GIO ESTADUAL PROFESSOR ANT\u00d4NIO MAR\u00c7O DE ARAUJO<\/strong>. A presente medida visa evitar a interrup\u00e7\u00e3o das atividades escolares e garantir a continuidade do processo de ensino e aprendizagem, resguardando o direito constitucional \u00e0 educa\u00e7\u00e3o dos estudantes da Rede Estadual de Ensino.<\/p>\n<p style=\"text-align: justify\">Os interessados devem encaminhar curr\u00edculo atualizado ao endere\u00e7o eletr\u00f4nico oficial da Assessoria Financeira da CRE de <strong>LUZIANIA afin.luziania@seduc.go.gov.br<\/strong>, informando contatos telef\u00f4nicos e endere\u00e7o de e-mail para retorno.<\/p>\n<p style=\"text-align: justify\">Para a an\u00e1lise dos curr\u00edculos, ser\u00e1 constitu\u00edda comiss\u00e3o espec\u00edfica no \u00e2mbito da Coordena\u00e7\u00e3o Regional de Educa\u00e7\u00e3o de <strong>LUZIANIA<\/strong>, composta por membros desta unidade administrativa, a qual adotar\u00e1 crit\u00e9rios objetivos e ison\u00f4micos na sele\u00e7\u00e3o dos profissionais, assegurando a observ\u00e2ncia dos princ\u00edpios da legalidade, impessoalidade e interesse p\u00fablico.<\/p>\n<p style=\"text-align: justify\">A presente convoca\u00e7\u00e3o emergencial pauta-se nos princ\u00edpios da continuidade do servi\u00e7o p\u00fablico e da supremacia do interesse p\u00fablico, e ser\u00e1 adotada exclusivamente nos casos em que n\u00e3o houver mais candidatos habilitados no banco vigente, conforme previsto no edital e na legisla\u00e7\u00e3o pertinente.<\/p>\n<p style=\"text-align: center\">SEDUC\/GO<\/p>\n<h2 align=\"center\"><strong style=\"color: revert;font-size: revert\">COMUNICADO<\/strong><\/h2>\n<p style=\"text-align: center\"><strong>PARA CONTRATA\u00c7\u00c3O TEMPOR\u00c1RIA<\/strong><\/p>\n<pre style=\"text-align: center\">Publica\u00e7\u00e3o: 31\/10\/2025 \nEncerramento: 04\/11\/2025 \u00e0s 18h\n<\/pre>\n<p style=\"text-align: justify\">O Governo do Estado de Goi\u00e1s, por interm\u00e9dio da Secretaria de Estado da Educa\u00e7\u00e3o, informa que, embora esteja vigente o Processo Seletivo Simplificado regido pelo Edital n\u00ba 020\/2024 \u2013 destinado \u00e0 composi\u00e7\u00e3o de banco de habilitados para contrata\u00e7\u00e3o tempor\u00e1ria de professores \u2013, no \u00e2mbito do <strong>munic\u00edpio de LUZI\u00c2NIA<\/strong>, jurisdicionado \u00e0 Coordena\u00e7\u00e3o Regional de Educa\u00e7\u00e3o de <strong>LUZIANIA<\/strong>, o referido banco encontra-se esgotado para a fun\u00e7\u00e3o de <strong>Professor de Pedagogia, 24 aulas (30 horas) semanais, no turno Matutino.<\/strong><\/p>\n<p style=\"text-align: justify\">Diante da inexist\u00eancia de candidatos habilitados dispon\u00edveis para convoca\u00e7\u00e3o, e considerando a exist\u00eancia de d\u00e9ficit de profissional docente, justificado pelo art. 208 da Lei n\u00ba 13.909\/2001, a Secretaria de Estado da Educa\u00e7\u00e3o deliberou pela ado\u00e7\u00e3o de procedimento emergencial de sele\u00e7\u00e3o curricular, com o objetivo de realizar contrata\u00e7\u00e3o por tempo determinado, de natureza excepcional e urgente, nos termos da Lei Estadual n\u00ba 20.918\/2020.<\/p>\n<p style=\"text-align: justify\">Nesse sentido, a Coordena\u00e7\u00e3o Regional de Educa\u00e7\u00e3o de <strong>LUZIANIA<\/strong> est\u00e1 recebendo curr\u00edculos, exclusivamente por e-mail, para fins de sele\u00e7\u00e3o e contrata\u00e7\u00e3o tempor\u00e1ria de 01 (um) professor de <strong>Pedagogia<\/strong>, no(a) <strong>COL\u00c9GIO ESTADUAL DE EDUCA\u00c7\u00c3O DO CAMPO VALDERI SANTOS<\/strong>. A presente medida visa evitar a interrup\u00e7\u00e3o das atividades escolares e garantir a continuidade do processo de ensino e aprendizagem, resguardando o direito constitucional \u00e0 educa\u00e7\u00e3o dos estudantes da Rede Estadual de Ensino.<\/p>\n<p style=\"text-align: justify\">Os interessados devem encaminhar curr\u00edculo atualizado ao endere\u00e7o eletr\u00f4nico oficial da Assessoria Financeira da CRE de <strong>LUZIANIA afin.luziania@seduc.go.gov.br<\/strong>, informando contatos telef\u00f4nicos e endere\u00e7o de e-mail para retorno.<\/p>\n<p style=\"text-align: justify\">Para a an\u00e1lise dos curr\u00edculos, ser\u00e1 constitu\u00edda comiss\u00e3o espec\u00edfica no \u00e2mbito da Coordena\u00e7\u00e3o Regional de Educa\u00e7\u00e3o de <strong>LUZIANIA<\/strong>, composta por membros desta unidade administrativa, a qual adotar\u00e1 crit\u00e9rios objetivos e ison\u00f4micos na sele\u00e7\u00e3o dos profissionais, assegurando a observ\u00e2ncia dos princ\u00edpios da legalidade, impessoalidade e interesse p\u00fablico.<\/p>\n<p style=\"text-align: justify\">A presente convoca\u00e7\u00e3o emergencial pauta-se nos princ\u00edpios da continuidade do servi\u00e7o p\u00fablico e da supremacia do interesse p\u00fablico, e ser\u00e1 adotada exclusivamente nos casos em que n\u00e3o houver mais candidatos habilitados no banco vigente, conforme previsto no edital e na legisla\u00e7\u00e3o pertinente.<\/p>\n<p style=\"text-align: center\">SEDUC\/GO<\/p>\n<h2 align=\"center\"><strong style=\"color: revert;font-size: revert\">COMUNICADO<\/strong><\/h2>\n<p style=\"text-align: center\"><strong>PARA CONTRATA\u00c7\u00c3O TEMPOR\u00c1RIA<\/strong><\/p>\n<pre style=\"text-align: center\">Publica\u00e7\u00e3o: 30\/10\/2025 \nEncerramento: 03\/11\/2025 \u00e0s 18h\n<\/pre>\n<p style=\"text-align: justify\">O Governo do Estado de Goi\u00e1s, por interm\u00e9dio da Secretaria de Estado da Educa\u00e7\u00e3o, informa que, embora esteja vigente o Processo Seletivo Simplificado regido pelo Edital n\u00ba 020\/2024 \u2013 destinado \u00e0 composi\u00e7\u00e3o de banco de habilitados para contrata\u00e7\u00e3o tempor\u00e1ria de professores \u2013, no \u00e2mbito do <strong>munic\u00edpio de LUZI\u00c2NIA<\/strong>, jurisdicionado \u00e0 Coordena\u00e7\u00e3o Regional de Educa\u00e7\u00e3o de <strong>LUZIANIA<\/strong>, o referido banco encontra-se esgotado para a fun\u00e7\u00e3o de <strong>Professor de Hist\u00f3ria, 32 aulas (40 horas) semanais, no turno Matutino\/Vespertino.<\/strong><\/p>\n<p style=\"text-align: justify\">Diante da inexist\u00eancia de candidatos habilitados dispon\u00edveis para convoca\u00e7\u00e3o, e considerando a exist\u00eancia de d\u00e9ficit de profissional docente, justificado pelo art. 208 da Lei n\u00ba 13.909\/2001, a Secretaria de Estado da Educa\u00e7\u00e3o deliberou pela ado\u00e7\u00e3o de procedimento emergencial de sele\u00e7\u00e3o curricular, com o objetivo de realizar contrata\u00e7\u00e3o por tempo determinado, de natureza excepcional e urgente, nos termos da Lei Estadual n\u00ba 20.918\/2020.<\/p>\n<p style=\"text-align: justify\">Nesse sentido, a Coordena\u00e7\u00e3o Regional de Educa\u00e7\u00e3o de <strong>LUZIANIA<\/strong> est\u00e1 recebendo curr\u00edculos, exclusivamente por e-mail, para fins de sele\u00e7\u00e3o e contrata\u00e7\u00e3o tempor\u00e1ria de 01 (um) professor de <strong>Hist\u00f3ria<\/strong>, no(a) <strong>COL\u00c9GIO ESTADUAL ALCEU DE ARAUJO RORIZ<\/strong>. A presente medida visa evitar a interrup\u00e7\u00e3o das atividades escolares e garantir a continuidade do processo de ensino e aprendizagem, resguardando o direito constitucional \u00e0 educa\u00e7\u00e3o dos estudantes da Rede Estadual de Ensino.<\/p>\n<p style=\"text-align: justify\">Os interessados devem encaminhar curr\u00edculo atualizado ao endere\u00e7o eletr\u00f4nico oficial da Assessoria Financeira da CRE de <strong>LUZIANIA afin.luziania@seduc.go.gov.br<\/strong>, informando contatos telef\u00f4nicos e endere\u00e7o de e-mail para retorno.<\/p>\n<p style=\"text-align: justify\">Para a an\u00e1lise dos curr\u00edculos, ser\u00e1 constitu\u00edda comiss\u00e3o espec\u00edfica no \u00e2mbito da Coordena\u00e7\u00e3o Regional de Educa\u00e7\u00e3o de <strong>LUZIANIA<\/strong>, composta por membros desta unidade administrativa, a qual adotar\u00e1 crit\u00e9rios objetivos e ison\u00f4micos na sele\u00e7\u00e3o dos profissionais, assegurando a observ\u00e2ncia dos princ\u00edpios da legalidade, impessoalidade e interesse p\u00fablico.<\/p>\n<p style=\"text-align: justify\">A presente convoca\u00e7\u00e3o emergencial pauta-se nos princ\u00edpios da continuidade do servi\u00e7o p\u00fablico e da supremacia do interesse p\u00fablico, e ser\u00e1 adotada exclusivamente nos casos em que n\u00e3o houver mais candidatos habilitados no banco vigente, conforme previsto no edital e na legisla\u00e7\u00e3o pertinente.<\/p>\n<p style=\"text-align: center\">SEDUC\/GO<\/p>\n<h2 align=\"center\"><strong style=\"color: revert;font-size: revert\">COMUNICADO<\/strong><\/h2>\n<p style=\"text-align: center\"><strong>PARA CONTRATA\u00c7\u00c3O TEMPOR\u00c1RIA<\/strong><\/p>\n<pre style=\"text-align: center\">Publica\u00e7\u00e3o: 23\/10\/2025 \nEncerramento: 28\/10\/2025 \u00e0s 18h\n<\/pre>\n<p style=\"text-align: justify\">O Governo do Estado de Goi\u00e1s, por interm\u00e9dio da Secretaria de Estado da Educa\u00e7\u00e3o, informa que, embora esteja vigente o Processo Seletivo Simplificado regido pelo Edital n\u00ba 020\/2024 \u2013 destinado \u00e0 composi\u00e7\u00e3o de banco de habilitados para contrata\u00e7\u00e3o tempor\u00e1ria de professores \u2013, no \u00e2mbito do <strong>munic\u00edpio de LUZI\u00c2NIA<\/strong>, jurisdicionado \u00e0 Coordena\u00e7\u00e3o Regional de Educa\u00e7\u00e3o de <strong>LUZIANIA<\/strong>, o referido banco encontra-se esgotado para a fun\u00e7\u00e3o de <strong>Professor de Hist\u00f3ria, 32 aulas (40 horas) semanais, no turno Matutino\/Vespertino.<\/strong><\/p>\n<p style=\"text-align: justify\">Diante da inexist\u00eancia de candidatos habilitados dispon\u00edveis para convoca\u00e7\u00e3o, e considerando a exist\u00eancia de d\u00e9ficit de profissional docente, justificado pelo art. 208 da Lei n\u00ba 13.909\/2001, a Secretaria de Estado da Educa\u00e7\u00e3o deliberou pela ado\u00e7\u00e3o de procedimento emergencial de sele\u00e7\u00e3o curricular, com o objetivo de realizar contrata\u00e7\u00e3o por tempo determinado, de natureza excepcional e urgente, nos termos da Lei Estadual n\u00ba 20.918\/2020.<\/p>\n<p style=\"text-align: justify\">Nesse sentido, a Coordena\u00e7\u00e3o Regional de Educa\u00e7\u00e3o de <strong>LUZIANIA<\/strong> est\u00e1 recebendo curr\u00edculos, exclusivamente por e-mail, para fins de sele\u00e7\u00e3o e contrata\u00e7\u00e3o tempor\u00e1ria de 01 (um) professor de <strong>Hist\u00f3ria<\/strong>, no(a) <strong>COL\u00c9GIO ESTADUAL ALCEU DE ARAUJO RORIZ<\/strong>. A presente medida visa evitar a interrup\u00e7\u00e3o das atividades escolares e garantir a continuidade do processo de ensino e aprendizagem, resguardando o direito constitucional \u00e0 educa\u00e7\u00e3o dos estudantes da Rede Estadual de Ensino.<\/p>\n<p style=\"text-align: justify\">Os interessados devem encaminhar curr\u00edculo atualizado ao endere\u00e7o eletr\u00f4nico oficial da Assessoria Financeira da CRE de <strong>LUZIANIA afin.luziania@seduc.go.gov.br<\/strong>, informando contatos telef\u00f4nicos e endere\u00e7o de e-mail para retorno.<\/p>\n<p style=\"text-align: justify\">Para a an\u00e1lise dos curr\u00edculos, ser\u00e1 constitu\u00edda comiss\u00e3o espec\u00edfica no \u00e2mbito da Coordena\u00e7\u00e3o Regional de Educa\u00e7\u00e3o de <strong>LUZIANIA<\/strong>, composta por membros desta unidade administrativa, a qual adotar\u00e1 crit\u00e9rios objetivos e ison\u00f4micos na sele\u00e7\u00e3o dos profissionais, assegurando a observ\u00e2ncia dos princ\u00edpios da legalidade, impessoalidade e interesse p\u00fablico.<\/p>\n<p style=\"text-align: justify\">A presente convoca\u00e7\u00e3o emergencial pauta-se nos princ\u00edpios da continuidade do servi\u00e7o p\u00fablico e da supremacia do interesse p\u00fablico, e ser\u00e1 adotada exclusivamente nos casos em que n\u00e3o houver mais candidatos habilitados no banco vigente, conforme previsto no edital e na legisla\u00e7\u00e3o pertinente.<\/p>\n<p style=\"text-align: center\">SEDUC\/GO<\/p>\n<h2 align=\"center\"><strong style=\"color: revert;font-size: revert\">COMUNICADO<\/strong><\/h2>\n<p style=\"text-align: center\"><strong>PARA CONTRATA\u00c7\u00c3O TEMPOR\u00c1RIA<\/strong><\/p>\n<pre style=\"text-align: center\">Publica\u00e7\u00e3o: 06\/10\/2025 \nEncerramento: 08\/10\/2025 \u00e0s 18h\n<\/pre>\n<p style=\"text-align: justify\">O Governo do Estado de Goi\u00e1s, por interm\u00e9dio da Secretaria de Estado da Educa\u00e7\u00e3o, informa que, embora esteja vigente o Processo Seletivo Simplificado regido pelo Edital n\u00ba 020\/2024 \u2013 destinado \u00e0 composi\u00e7\u00e3o de banco de habilitados para contrata\u00e7\u00e3o tempor\u00e1ria de professores \u2013, no \u00e2mbito do <strong>munic\u00edpio de LUZI\u00c2NIA<\/strong>, jurisdicionado \u00e0 Coordena\u00e7\u00e3o Regional de Educa\u00e7\u00e3o de <strong>LUZIANIA<\/strong>, o referido banco encontra-se esgotado para a fun\u00e7\u00e3o de <strong>Professor de Matem\u00e1tica, 32 aulas (40 horas) semanais, no turno Matutino\/Vespertino.<\/strong><\/p>\n<p style=\"text-align: justify\">Diante da inexist\u00eancia de candidatos habilitados dispon\u00edveis para convoca\u00e7\u00e3o, e considerando a exist\u00eancia de d\u00e9ficit de profissional docente, justificado pelo art. 208 da Lei n\u00ba 13.909\/2001, a Secretaria de Estado da Educa\u00e7\u00e3o deliberou pela ado\u00e7\u00e3o de procedimento emergencial de sele\u00e7\u00e3o curricular, com o objetivo de realizar contrata\u00e7\u00e3o por tempo determinado, de natureza excepcional e urgente, nos termos da Lei Estadual n\u00ba 20.918\/2020.<\/p>\n<p style=\"text-align: justify\">Nesse sentido, a Coordena\u00e7\u00e3o Regional de Educa\u00e7\u00e3o de <strong>LUZIANIA<\/strong> est\u00e1 recebendo curr\u00edculos, exclusivamente por e-mail, para fins de sele\u00e7\u00e3o e contrata\u00e7\u00e3o tempor\u00e1ria de 01 (um) professor de <strong>Matem\u00e1tica<\/strong>, no(a) <strong>CENTRO DE ENSINO EM PER\u00cdODO INTEGRAL ESTER DA CUNHA PERES<\/strong>. A presente medida visa evitar a interrup\u00e7\u00e3o das atividades escolares e garantir a continuidade do processo de ensino e aprendizagem, resguardando o direito constitucional \u00e0 educa\u00e7\u00e3o dos estudantes da Rede Estadual de Ensino.<\/p>\n<p style=\"text-align: justify\">Os interessados devem encaminhar curr\u00edculo atualizado ao endere\u00e7o eletr\u00f4nico oficial da Assessoria Financeira da CRE de <strong>LUZIANIA afin.luziania@seduc.go.gov.br<\/strong>, informando contatos telef\u00f4nicos e endere\u00e7o de e-mail para retorno.<\/p>\n<p style=\"text-align: justify\">Para a an\u00e1lise dos curr\u00edculos, ser\u00e1 constitu\u00edda comiss\u00e3o espec\u00edfica no \u00e2mbito da Coordena\u00e7\u00e3o Regional de Educa\u00e7\u00e3o de <strong>LUZIANIA<\/strong>, composta por membros desta unidade administrativa, a qual adotar\u00e1 crit\u00e9rios objetivos e ison\u00f4micos na sele\u00e7\u00e3o dos profissionais, assegurando a observ\u00e2ncia dos princ\u00edpios da legalidade, impessoalidade e interesse p\u00fablico.<\/p>\n<p style=\"text-align: justify\">A presente convoca\u00e7\u00e3o emergencial pauta-se nos princ\u00edpios da continuidade do servi\u00e7o p\u00fablico e da supremacia do interesse p\u00fablico, e ser\u00e1 adotada exclusivamente nos casos em que n\u00e3o houver mais candidatos habilitados no banco vigente, conforme previsto no edital e na legisla\u00e7\u00e3o pertinente.<\/p>\n<p style=\"text-align: center\">SEDUC\/GO<\/p>\n<h2 align=\"center\"><strong style=\"color: revert;font-size: revert\">COMUNICADO<\/strong><\/h2>\n<p style=\"text-align: center\"><strong>PARA CONTRATA\u00c7\u00c3O TEMPOR\u00c1RIA<\/strong><\/p>\n<pre style=\"text-align: center\">Publica\u00e7\u00e3o: 06\/10\/2025 \nEncerramento: 08\/10\/2025 \u00e0s 18h\n<\/pre>\n<p style=\"text-align: justify\">O Governo do Estado de Goi\u00e1s, por interm\u00e9dio da Secretaria de Estado da Educa\u00e7\u00e3o, informa que, embora esteja vigente o Processo Seletivo Simplificado regido pelo Edital n\u00ba 020\/2024 \u2013 destinado \u00e0 composi\u00e7\u00e3o de banco de habilitados para contrata\u00e7\u00e3o tempor\u00e1ria de professores \u2013, no \u00e2mbito do <strong>munic\u00edpio de LUZI\u00c2NIA<\/strong>, jurisdicionado \u00e0 Coordena\u00e7\u00e3o Regional de Educa\u00e7\u00e3o de <strong>LUZIANIA<\/strong>, o referido banco encontra-se esgotado para a fun\u00e7\u00e3o de <strong>Professor de Matem\u00e1tica, 32 aulas (40 horas) semanais, no turno Matutino\/Vespertino.<\/strong><\/p>\n<p style=\"text-align: justify\">Diante da inexist\u00eancia de candidatos habilitados dispon\u00edveis para convoca\u00e7\u00e3o, e considerando a exist\u00eancia de d\u00e9ficit de profissional docente, justificado pelo art. 208 da Lei n\u00ba 13.909\/2001, a Secretaria de Estado da Educa\u00e7\u00e3o deliberou pela ado\u00e7\u00e3o de procedimento emergencial de sele\u00e7\u00e3o curricular, com o objetivo de realizar contrata\u00e7\u00e3o por tempo determinado, de natureza excepcional e urgente, nos termos da Lei Estadual n\u00ba 20.918\/2020.<\/p>\n<p style=\"text-align: justify\">Nesse sentido, a Coordena\u00e7\u00e3o Regional de Educa\u00e7\u00e3o de <strong>LUZIANIA<\/strong> est\u00e1 recebendo curr\u00edculos, exclusivamente por e-mail, para fins de sele\u00e7\u00e3o e contrata\u00e7\u00e3o tempor\u00e1ria de 01 (um) professor de <strong>Matem\u00e1tica<\/strong>, no(a) <strong>COL\u00c9GIO ESTADUAL VASCO DOS REIS GON\u00c7ALVES<\/strong>. A presente medida visa evitar a interrup\u00e7\u00e3o das atividades escolares e garantir a continuidade do processo de ensino e aprendizagem, resguardando o direito constitucional \u00e0 educa\u00e7\u00e3o dos estudantes da Rede Estadual de Ensino.<\/p>\n<p style=\"text-align: justify\">Os interessados devem encaminhar curr\u00edculo atualizado ao endere\u00e7o eletr\u00f4nico oficial da Assessoria Financeira da CRE de <strong>LUZIANIA afin.luziania@seduc.go.gov.br<\/strong>, informando contatos telef\u00f4nicos e endere\u00e7o de e-mail para retorno.<\/p>\n<p style=\"text-align: justify\">Para a an\u00e1lise dos curr\u00edculos, ser\u00e1 constitu\u00edda comiss\u00e3o espec\u00edfica no \u00e2mbito da Coordena\u00e7\u00e3o Regional de Educa\u00e7\u00e3o de <strong>LUZIANIA<\/strong>, composta por membros desta unidade administrativa, a qual adotar\u00e1 crit\u00e9rios objetivos e ison\u00f4micos na sele\u00e7\u00e3o dos profissionais, assegurando a observ\u00e2ncia dos princ\u00edpios da legalidade, impessoalidade e interesse p\u00fablico.<\/p>\n<p style=\"text-align: justify\">A presente convoca\u00e7\u00e3o emergencial pauta-se nos princ\u00edpios da continuidade do servi\u00e7o p\u00fablico e da supremacia do interesse p\u00fablico, e ser\u00e1 adotada exclusivamente nos casos em que n\u00e3o houver mais candidatos habilitados no banco vigente, conforme previsto no edital e na legisla\u00e7\u00e3o pertinente.<\/p>\n<p style=\"text-align: center\">SEDUC\/GO<\/p>\n<h2 align=\"center\"><strong style=\"color: revert;font-size: revert\">COMUNICADO<\/strong><\/h2>\n<p style=\"text-align: center\"><strong>PARA CONTRATA\u00c7\u00c3O TEMPOR\u00c1RIA<\/strong><\/p>\n<pre style=\"text-align: center\">Publica\u00e7\u00e3o: 06\/10\/2025 \nEncerramento: 08\/10\/2025 \u00e0s 18h\n<\/pre>\n<p style=\"text-align: justify\">O Governo do Estado de Goi\u00e1s, por interm\u00e9dio da Secretaria de Estado da Educa\u00e7\u00e3o, informa que, embora esteja vigente o Processo Seletivo Simplificado regido pelo Edital n\u00ba 020\/2024 \u2013 destinado \u00e0 composi\u00e7\u00e3o de banco de habilitados para contrata\u00e7\u00e3o tempor\u00e1ria de professores \u2013, no \u00e2mbito do <strong>munic\u00edpio de LUZI\u00c2NIA<\/strong>, jurisdicionado \u00e0 Coordena\u00e7\u00e3o Regional de Educa\u00e7\u00e3o de <strong>LUZIANIA<\/strong>, o referido banco encontra-se esgotado para a fun\u00e7\u00e3o de <strong>Professor de Hist\u00f3ria, 32 aulas (40 horas) semanais, no turno Matutino\/Vespertino.<\/strong><\/p>\n<p style=\"text-align: justify\">Diante da inexist\u00eancia de candidatos habilitados dispon\u00edveis para convoca\u00e7\u00e3o, e considerando a exist\u00eancia de d\u00e9ficit de profissional docente, justificado pelo art. 208 da Lei n\u00ba 13.909\/2001, a Secretaria de Estado da Educa\u00e7\u00e3o deliberou pela ado\u00e7\u00e3o de procedimento emergencial de sele\u00e7\u00e3o curricular, com o objetivo de realizar contrata\u00e7\u00e3o por tempo determinado, de natureza excepcional e urgente, nos termos da Lei Estadual n\u00ba 20.918\/2020.<\/p>\n<p style=\"text-align: justify\">Nesse sentido, a Coordena\u00e7\u00e3o Regional de Educa\u00e7\u00e3o de <strong>LUZIANIA<\/strong> est\u00e1 recebendo curr\u00edculos, exclusivamente por e-mail, para fins de sele\u00e7\u00e3o e contrata\u00e7\u00e3o tempor\u00e1ria de 01 (um) professor de <strong>Hist\u00f3ria<\/strong>, no(a) <strong>COL\u00c9GIO ESTADUAL PROFESSORA MARIA PEREIRA VASCONCELOS<\/strong>. A presente medida visa evitar a interrup\u00e7\u00e3o das atividades escolares e garantir a continuidade do processo de ensino e aprendizagem, resguardando o direito constitucional \u00e0 educa\u00e7\u00e3o dos estudantes da Rede Estadual de Ensino.<\/p>\n<p style=\"text-align: justify\">Os interessados devem encaminhar curr\u00edculo atualizado ao endere\u00e7o eletr\u00f4nico oficial da Assessoria Financeira da CRE de <strong>LUZIANIA afin.luziania@seduc.go.gov.br<\/strong>, informando contatos telef\u00f4nicos e endere\u00e7o de e-mail para retorno.<\/p>\n<p style=\"text-align: justify\">Para a an\u00e1lise dos curr\u00edculos, ser\u00e1 constitu\u00edda comiss\u00e3o espec\u00edfica no \u00e2mbito da Coordena\u00e7\u00e3o Regional de Educa\u00e7\u00e3o de <strong>LUZIANIA<\/strong>, composta por membros desta unidade administrativa, a qual adotar\u00e1 crit\u00e9rios objetivos e ison\u00f4micos na sele\u00e7\u00e3o dos profissionais, assegurando a observ\u00e2ncia dos princ\u00edpios da legalidade, impessoalidade e interesse p\u00fablico.<\/p>\n<p style=\"text-align: justify\">A presente convoca\u00e7\u00e3o emergencial pauta-se nos princ\u00edpios da continuidade do servi\u00e7o p\u00fablico e da supremacia do interesse p\u00fablico, e ser\u00e1 adotada exclusivamente nos casos em que n\u00e3o houver mais candidatos habilitados no banco vigente, conforme previsto no edital e na legisla\u00e7\u00e3o pertinente.<\/p>\n<p style=\"text-align: center\">SEDUC\/GO<\/p>\n<h2 align=\"center\"><strong style=\"color: revert;font-size: revert\">COMUNICADO<\/strong><\/h2>\n<p style=\"text-align: center\"><strong>PARA CONTRATA\u00c7\u00c3O TEMPOR\u00c1RIA<\/strong><\/p>\n<pre style=\"text-align: center\">Publica\u00e7\u00e3o: 06\/10\/2025 \nEncerramento: 08\/10\/2025 \u00e0s 18h\n<\/pre>\n<p style=\"text-align: justify\">O Governo do Estado de Goi\u00e1s, por interm\u00e9dio da Secretaria de Estado da Educa\u00e7\u00e3o, informa que, embora esteja vigente o Processo Seletivo Simplificado regido pelo Edital n\u00ba 020\/2024 \u2013 destinado \u00e0 composi\u00e7\u00e3o de banco de habilitados para contrata\u00e7\u00e3o tempor\u00e1ria de professores \u2013, no \u00e2mbito do <strong>munic\u00edpio de LUZI\u00c2NIA<\/strong>, jurisdicionado \u00e0 Coordena\u00e7\u00e3o Regional de Educa\u00e7\u00e3o de <strong>LUZIANIA<\/strong>, o referido banco encontra-se esgotado para a fun\u00e7\u00e3o de <strong>Professor de Matem\u00e1tica, 32 aulas (40 horas) semanais, no turno Matutino\/Vespertino.<\/strong><\/p>\n<p style=\"text-align: justify\">Diante da inexist\u00eancia de candidatos habilitados dispon\u00edveis para convoca\u00e7\u00e3o, e considerando a exist\u00eancia de d\u00e9ficit de profissional docente, justificado pelo art. 208 da Lei n\u00ba 13.909\/2001, a Secretaria de Estado da Educa\u00e7\u00e3o deliberou pela ado\u00e7\u00e3o de procedimento emergencial de sele\u00e7\u00e3o curricular, com o objetivo de realizar contrata\u00e7\u00e3o por tempo determinado, de natureza excepcional e urgente, nos termos da Lei Estadual n\u00ba 20.918\/2020.<\/p>\n<p style=\"text-align: justify\">Nesse sentido, a Coordena\u00e7\u00e3o Regional de Educa\u00e7\u00e3o de <strong>LUZIANIA<\/strong> est\u00e1 recebendo curr\u00edculos, exclusivamente por e-mail, para fins de sele\u00e7\u00e3o e contrata\u00e7\u00e3o tempor\u00e1ria de 01 (um) professor de <strong>Matem\u00e1tica<\/strong>, no(a) <strong>CENTRO DE ENSINO EM PER\u00cdODO INTEGRAL H\u00c9LIO RODRIGUES DE QUEIROZ<\/strong>. A presente medida visa evitar a interrup\u00e7\u00e3o das atividades escolares e garantir a continuidade do processo de ensino e aprendizagem, resguardando o direito constitucional \u00e0 educa\u00e7\u00e3o dos estudantes da Rede Estadual de Ensino.<\/p>\n<p style=\"text-align: justify\">Os interessados devem encaminhar curr\u00edculo atualizado ao endere\u00e7o eletr\u00f4nico oficial da Assessoria Financeira da CRE de <strong>LUZIANIA afin.luziania@seduc.go.gov.br<\/strong>, informando contatos telef\u00f4nicos e endere\u00e7o de e-mail para retorno.<\/p>\n<p style=\"text-align: justify\">Para a an\u00e1lise dos curr\u00edculos, ser\u00e1 constitu\u00edda comiss\u00e3o espec\u00edfica no \u00e2mbito da Coordena\u00e7\u00e3o Regional de Educa\u00e7\u00e3o de <strong>LUZIANIA<\/strong>, composta por membros desta unidade administrativa, a qual adotar\u00e1 crit\u00e9rios objetivos e ison\u00f4micos na sele\u00e7\u00e3o dos profissionais, assegurando a observ\u00e2ncia dos princ\u00edpios da legalidade, impessoalidade e interesse p\u00fablico.<\/p>\n<p style=\"text-align: justify\">A presente convoca\u00e7\u00e3o emergencial pauta-se nos princ\u00edpios da continuidade do servi\u00e7o p\u00fablico e da supremacia do interesse p\u00fablico, e ser\u00e1 adotada exclusivamente nos casos em que n\u00e3o houver mais candidatos habilitados no banco vigente, conforme previsto no edital e na legisla\u00e7\u00e3o pertinente.<\/p>\n<p style=\"text-align: center\">SEDUC\/GO<\/p>\n<h2 align=\"center\"><strong style=\"color: revert;font-size: revert\">COMUNICADO<\/strong><\/h2>\n<p style=\"text-align: center\"><strong>PARA CONTRATA\u00c7\u00c3O TEMPOR\u00c1RIA<\/strong><\/p>\n<pre style=\"text-align: center\">Publica\u00e7\u00e3o: 06\/10\/2025 \nEncerramento: 08\/10\/2025 \u00e0s 18h\n<\/pre>\n<p style=\"text-align: justify\">O Governo do Estado de Goi\u00e1s, por interm\u00e9dio da Secretaria de Estado da Educa\u00e7\u00e3o, informa que, embora esteja vigente o Processo Seletivo Simplificado regido pelo Edital n\u00ba 020\/2024 \u2013 destinado \u00e0 composi\u00e7\u00e3o de banco de habilitados para contrata\u00e7\u00e3o tempor\u00e1ria de professores \u2013, no \u00e2mbito do <strong>munic\u00edpio de LUZI\u00c2NIA<\/strong>, jurisdicionado \u00e0 Coordena\u00e7\u00e3o Regional de Educa\u00e7\u00e3o de <strong>LUZIANIA<\/strong>, o referido banco encontra-se esgotado para a fun\u00e7\u00e3o de <strong>Professor de Pedagogia, 32 aulas (40 horas) semanais, no turno Matutino\/Vespertino.<\/strong><\/p>\n<p style=\"text-align: justify\">Diante da inexist\u00eancia de candidatos habilitados dispon\u00edveis para convoca\u00e7\u00e3o, e considerando a exist\u00eancia de d\u00e9ficit de profissional docente, justificado pelo art. 208 da Lei n\u00ba 13.909\/2001, a Secretaria de Estado da Educa\u00e7\u00e3o deliberou pela ado\u00e7\u00e3o de procedimento emergencial de sele\u00e7\u00e3o curricular, com o objetivo de realizar contrata\u00e7\u00e3o por tempo determinado, de natureza excepcional e urgente, nos termos da Lei Estadual n\u00ba 20.918\/2020.<\/p>\n<p style=\"text-align: justify\">Nesse sentido, a Coordena\u00e7\u00e3o Regional de Educa\u00e7\u00e3o de <strong>LUZIANIA<\/strong> est\u00e1 recebendo curr\u00edculos, exclusivamente por e-mail, para fins de sele\u00e7\u00e3o e contrata\u00e7\u00e3o tempor\u00e1ria de 01 (um) professor de <strong>Pedagogia<\/strong>, no(a) <strong>COL\u00c9GIO ESTADUAL DE EDUCA\u00c7\u00c3O DO CAMPO ILIDIO DE SOUZA LEMOS<\/strong>. A presente medida visa evitar a interrup\u00e7\u00e3o das atividades escolares e garantir a continuidade do processo de ensino e aprendizagem, resguardando o direito constitucional \u00e0 educa\u00e7\u00e3o dos estudantes da Rede Estadual de Ensino.<\/p>\n<p style=\"text-align: justify\">Os interessados devem encaminhar curr\u00edculo atualizado ao endere\u00e7o eletr\u00f4nico oficial da Assessoria Financeira da CRE de <strong>LUZIANIA afin.luziania@seduc.go.gov.br<\/strong>, informando contatos telef\u00f4nicos e endere\u00e7o de e-mail para retorno.<\/p>\n<p style=\"text-align: justify\">Para a an\u00e1lise dos curr\u00edculos, ser\u00e1 constitu\u00edda comiss\u00e3o espec\u00edfica no \u00e2mbito da Coordena\u00e7\u00e3o Regional de Educa\u00e7\u00e3o de <strong>LUZIANIA<\/strong>, composta por membros desta unidade administrativa, a qual adotar\u00e1 crit\u00e9rios objetivos e ison\u00f4micos na sele\u00e7\u00e3o dos profissionais, assegurando a observ\u00e2ncia dos princ\u00edpios da legalidade, impessoalidade e interesse p\u00fablico.<\/p>\n<p style=\"text-align: justify\">A presente convoca\u00e7\u00e3o emergencial pauta-se nos princ\u00edpios da continuidade do servi\u00e7o p\u00fablico e da supremacia do interesse p\u00fablico, e ser\u00e1 adotada exclusivamente nos casos em que n\u00e3o houver mais candidatos habilitados no banco vigente, conforme previsto no edital e na legisla\u00e7\u00e3o pertinente.<\/p>\n<p style=\"text-align: center\">SEDUC\/GO<\/p>\n<h2 align=\"center\"><strong style=\"color: revert;font-size: revert\">COMUNICADO<\/strong><\/h2>\n<p style=\"text-align: center\"><strong>PARA CONTRATA\u00c7\u00c3O TEMPOR\u00c1RIA<\/strong><\/p>\n<pre style=\"text-align: center\">Publica\u00e7\u00e3o: 06\/10\/2025 \nEncerramento: 08\/10\/2025 \u00e0s 18h\n<\/pre>\n<p style=\"text-align: justify\">O Governo do Estado de Goi\u00e1s, por interm\u00e9dio da Secretaria de Estado da Educa\u00e7\u00e3o, informa que, embora esteja vigente o Processo Seletivo Simplificado regido pelo Edital n\u00ba 020\/2024 \u2013 destinado \u00e0 composi\u00e7\u00e3o de banco de habilitados para contrata\u00e7\u00e3o tempor\u00e1ria de professores \u2013, no \u00e2mbito do <strong>munic\u00edpio de LUZI\u00c2NIA<\/strong>, jurisdicionado \u00e0 Coordena\u00e7\u00e3o Regional de Educa\u00e7\u00e3o de <strong>LUZIANIA<\/strong>, o referido banco encontra-se esgotado para a fun\u00e7\u00e3o de <strong>Professor de Pedagogia, 32 aulas (40 horas) semanais, no turno Matutino\/Vespertino.<\/strong><\/p>\n<p style=\"text-align: justify\">Diante da inexist\u00eancia de candidatos habilitados dispon\u00edveis para convoca\u00e7\u00e3o, e considerando a exist\u00eancia de d\u00e9ficit de profissional docente, justificado pelo art. 208 da Lei n\u00ba 13.909\/2001, a Secretaria de Estado da Educa\u00e7\u00e3o deliberou pela ado\u00e7\u00e3o de procedimento emergencial de sele\u00e7\u00e3o curricular, com o objetivo de realizar contrata\u00e7\u00e3o por tempo determinado, de natureza excepcional e urgente, nos termos da Lei Estadual n\u00ba 20.918\/2020.<\/p>\n<p style=\"text-align: justify\">Nesse sentido, a Coordena\u00e7\u00e3o Regional de Educa\u00e7\u00e3o de <strong>LUZIANIA<\/strong> est\u00e1 recebendo curr\u00edculos, exclusivamente por e-mail, para fins de sele\u00e7\u00e3o e contrata\u00e7\u00e3o tempor\u00e1ria de 01 (um) professor de <strong>Pedagogia<\/strong>, no(a) <strong>COL\u00c9GIO ESTADUAL POSTO IP\u00ca<\/strong>. A presente medida visa evitar a interrup\u00e7\u00e3o das atividades escolares e garantir a continuidade do processo de ensino e aprendizagem, resguardando o direito constitucional \u00e0 educa\u00e7\u00e3o dos estudantes da Rede Estadual de Ensino.<\/p>\n<p style=\"text-align: justify\">Os interessados devem encaminhar curr\u00edculo atualizado ao endere\u00e7o eletr\u00f4nico oficial da Assessoria Financeira da CRE de <strong>LUZIANIA afin.luziania@seduc.go.gov.br<\/strong>, informando contatos telef\u00f4nicos e endere\u00e7o de e-mail para retorno.<\/p>\n<p style=\"text-align: justify\">Para a an\u00e1lise dos curr\u00edculos, ser\u00e1 constitu\u00edda comiss\u00e3o espec\u00edfica no \u00e2mbito da Coordena\u00e7\u00e3o Regional de Educa\u00e7\u00e3o de <strong>LUZIANIA<\/strong>, composta por membros desta unidade administrativa, a qual adotar\u00e1 crit\u00e9rios objetivos e ison\u00f4micos na sele\u00e7\u00e3o dos profissionais, assegurando a observ\u00e2ncia dos princ\u00edpios da legalidade, impessoalidade e interesse p\u00fablico.<\/p>\n<p style=\"text-align: justify\">A presente convoca\u00e7\u00e3o emergencial pauta-se nos princ\u00edpios da continuidade do servi\u00e7o p\u00fablico e da supremacia do interesse p\u00fablico, e ser\u00e1 adotada exclusivamente nos casos em que n\u00e3o houver mais candidatos habilitados no banco vigente, conforme previsto no edital e na legisla\u00e7\u00e3o pertinente.<\/p>\n<p style=\"text-align: center\">SEDUC\/GO<\/p>\n<h2 align=\"center\"><strong style=\"color: revert;font-size: revert\">COMUNICADO<\/strong><\/h2>\n<p style=\"text-align: center\"><strong>PARA CONTRATA\u00c7\u00c3O TEMPOR\u00c1RIA<\/strong><\/p>\n<pre style=\"text-align: center\">Publica\u00e7\u00e3o: 06\/10\/2025 \nEncerramento: 08\/10\/2025 \u00e0s 18h\n<\/pre>\n<p style=\"text-align: justify\">O Governo do Estado de Goi\u00e1s, por interm\u00e9dio da Secretaria de Estado da Educa\u00e7\u00e3o, informa que, embora esteja vigente o Processo Seletivo Simplificado regido pelo Edital n\u00ba 020\/2024 \u2013 destinado \u00e0 composi\u00e7\u00e3o de banco de habilitados para contrata\u00e7\u00e3o tempor\u00e1ria de professores \u2013, no \u00e2mbito do <strong>munic\u00edpio de LUZI\u00c2NIA<\/strong>, jurisdicionado \u00e0 Coordena\u00e7\u00e3o Regional de Educa\u00e7\u00e3o de <strong>LUZIANIA<\/strong>, o referido banco encontra-se esgotado para a fun\u00e7\u00e3o de <strong>Professor de Pedagogia, 32 aulas (40 horas) semanais, no turno Matutino\/Vespertino.<\/strong><\/p>\n<p style=\"text-align: justify\">Diante da inexist\u00eancia de candidatos habilitados dispon\u00edveis para convoca\u00e7\u00e3o, e considerando a exist\u00eancia de d\u00e9ficit de profissional docente, justificado pelo art. 208 da Lei n\u00ba 13.909\/2001, a Secretaria de Estado da Educa\u00e7\u00e3o deliberou pela ado\u00e7\u00e3o de procedimento emergencial de sele\u00e7\u00e3o curricular, com o objetivo de realizar contrata\u00e7\u00e3o por tempo determinado, de natureza excepcional e urgente, nos termos da Lei Estadual n\u00ba 20.918\/2020.<\/p>\n<p style=\"text-align: justify\">Nesse sentido, a Coordena\u00e7\u00e3o Regional de Educa\u00e7\u00e3o de <strong>LUZIANIA<\/strong> est\u00e1 recebendo curr\u00edculos, exclusivamente por e-mail, para fins de sele\u00e7\u00e3o e contrata\u00e7\u00e3o tempor\u00e1ria de 01 (um) professor de <strong>Pedagogia<\/strong>, no(a) <strong>COL\u00c9GIO ESTADUAL OSFAYA<\/strong>. A presente medida visa evitar a interrup\u00e7\u00e3o das atividades escolares e garantir a continuidade do processo de ensino e aprendizagem, resguardando o direito constitucional \u00e0 educa\u00e7\u00e3o dos estudantes da Rede Estadual de Ensino.<\/p>\n<p style=\"text-align: justify\">Os interessados devem encaminhar curr\u00edculo atualizado ao endere\u00e7o eletr\u00f4nico oficial da Assessoria Financeira da CRE de <strong>LUZIANIA afin.luziania@seduc.go.gov.br<\/strong>, informando contatos telef\u00f4nicos e endere\u00e7o de e-mail para retorno.<\/p>\n<p style=\"text-align: justify\">Para a an\u00e1lise dos curr\u00edculos, ser\u00e1 constitu\u00edda comiss\u00e3o espec\u00edfica no \u00e2mbito da Coordena\u00e7\u00e3o Regional de Educa\u00e7\u00e3o de <strong>LUZIANIA<\/strong>, composta por membros desta unidade administrativa, a qual adotar\u00e1 crit\u00e9rios objetivos e ison\u00f4micos na sele\u00e7\u00e3o dos profissionais, assegurando a observ\u00e2ncia dos princ\u00edpios da legalidade, impessoalidade e interesse p\u00fablico.<\/p>\n<p style=\"text-align: justify\">A presente convoca\u00e7\u00e3o emergencial pauta-se nos princ\u00edpios da continuidade do servi\u00e7o p\u00fablico e da supremacia do interesse p\u00fablico, e ser\u00e1 adotada exclusivamente nos casos em que n\u00e3o houver mais candidatos habilitados no banco vigente, conforme previsto no edital e na legisla\u00e7\u00e3o pertinente.<\/p>\n<p style=\"text-align: center\">SEDUC\/GO<\/p>\n<h2 align=\"center\"><strong style=\"color: revert;font-size: revert\">COMUNICADO<\/strong><\/h2>\n<p style=\"text-align: center\"><strong>PARA CONTRATA\u00c7\u00c3O TEMPOR\u00c1RIA<\/strong><\/p>\n<pre style=\"text-align: center\">Publica\u00e7\u00e3o: 03\/10\/2025 \nEncerramento: 07\/10\/2025 \u00e0s 18h\n<\/pre>\n<p style=\"text-align: justify\">O Governo do Estado de Goi\u00e1s, por interm\u00e9dio da Secretaria de Estado da Educa\u00e7\u00e3o, informa que, embora esteja vigente o Processo Seletivo Simplificado regido pelo Edital n\u00ba 020\/2024 \u2013 destinado \u00e0 composi\u00e7\u00e3o de banco de habilitados para contrata\u00e7\u00e3o tempor\u00e1ria de professores \u2013, no \u00e2mbito do <strong>munic\u00edpio de LUZI\u00c2NIA<\/strong>, jurisdicionado \u00e0 Coordena\u00e7\u00e3o Regional de Educa\u00e7\u00e3o de <strong>LUZIANIA<\/strong>, o referido banco encontra-se esgotado para a fun\u00e7\u00e3o de <strong>Professor de F\u00edsica, 32 aulas (40 horas) semanais, no turno Matutino\/Vespertino.<\/strong><\/p>\n<p style=\"text-align: justify\">Diante da inexist\u00eancia de candidatos habilitados dispon\u00edveis para convoca\u00e7\u00e3o, e considerando a exist\u00eancia de d\u00e9ficit de profissional docente, justificado pelo art. 208 da Lei n\u00ba 13.909\/2001, a Secretaria de Estado da Educa\u00e7\u00e3o deliberou pela ado\u00e7\u00e3o de procedimento emergencial de sele\u00e7\u00e3o curricular, com o objetivo de realizar contrata\u00e7\u00e3o por tempo determinado, de natureza excepcional e urgente, nos termos da Lei Estadual n\u00ba 20.918\/2020.<\/p>\n<p style=\"text-align: justify\">Nesse sentido, a Coordena\u00e7\u00e3o Regional de Educa\u00e7\u00e3o de <strong>LUZIANIA<\/strong> est\u00e1 recebendo curr\u00edculos, exclusivamente por e-mail, para fins de sele\u00e7\u00e3o e contrata\u00e7\u00e3o tempor\u00e1ria de 01 (um) professor de <strong>F\u00edsica<\/strong>, no(a) <strong>COL\u00c9GIO ESTADUAL H\u00c9LIO RORIZ<\/strong>. A presente medida visa evitar a interrup\u00e7\u00e3o das atividades escolares e garantir a continuidade do processo de ensino e aprendizagem, resguardando o direito constitucional \u00e0 educa\u00e7\u00e3o dos estudantes da Rede Estadual de Ensino.<\/p>\n<p style=\"text-align: justify\">Os interessados devem encaminhar curr\u00edculo atualizado ao endere\u00e7o eletr\u00f4nico oficial da Assessoria Financeira da CRE de <strong>LUZIANIA afin.luziania@seduc.go.gov.br<\/strong>, informando contatos telef\u00f4nicos e endere\u00e7o de e-mail para retorno.<\/p>\n<p style=\"text-align: justify\">Para a an\u00e1lise dos curr\u00edculos, ser\u00e1 constitu\u00edda comiss\u00e3o espec\u00edfica no \u00e2mbito da Coordena\u00e7\u00e3o Regional de Educa\u00e7\u00e3o de <strong>LUZIANIA<\/strong>, composta por membros desta unidade administrativa, a qual adotar\u00e1 crit\u00e9rios objetivos e ison\u00f4micos na sele\u00e7\u00e3o dos profissionais, assegurando a observ\u00e2ncia dos princ\u00edpios da legalidade, impessoalidade e interesse p\u00fablico.<\/p>\n<p style=\"text-align: justify\">A presente convoca\u00e7\u00e3o emergencial pauta-se nos princ\u00edpios da continuidade do servi\u00e7o p\u00fablico e da supremacia do interesse p\u00fablico, e ser\u00e1 adotada exclusivamente nos casos em que n\u00e3o houver mais candidatos habilitados no banco vigente, conforme previsto no edital e na legisla\u00e7\u00e3o pertinente.<\/p>\n<p style=\"text-align: center\">SEDUC\/GO<\/p>\n<h2 align=\"center\"><strong style=\"color: revert;font-size: revert\">COMUNICADO<\/strong><\/h2>\n<p style=\"text-align: center\"><strong>PARA CONTRATA\u00c7\u00c3O TEMPOR\u00c1RIA<\/strong><\/p>\n<pre style=\"text-align: center\">Publica\u00e7\u00e3o: 03\/10\/2025 \nEncerramento: 07\/10\/2025 \u00e0s 18h\n<\/pre>\n<p style=\"text-align: justify\">O Governo do Estado de Goi\u00e1s, por interm\u00e9dio da Secretaria de Estado da Educa\u00e7\u00e3o, informa que, embora esteja vigente o Processo Seletivo Simplificado regido pelo Edital n\u00ba 020\/2024 \u2013 destinado \u00e0 composi\u00e7\u00e3o de banco de habilitados para contrata\u00e7\u00e3o tempor\u00e1ria de professores \u2013, no \u00e2mbito do <strong>munic\u00edpio de LUZI\u00c2NIA<\/strong>, jurisdicionado \u00e0 Coordena\u00e7\u00e3o Regional de Educa\u00e7\u00e3o de <strong>LUZIANIA<\/strong>, o referido banco encontra-se esgotado para a fun\u00e7\u00e3o de <strong>Professor de L\u00edngua Inglesa, 16 aulas (20 horas) semanais, no turno Matutino\/Vespertino.<\/strong><\/p>\n<p style=\"text-align: justify\">Diante da inexist\u00eancia de candidatos habilitados dispon\u00edveis para convoca\u00e7\u00e3o, e considerando a exist\u00eancia de d\u00e9ficit de profissional docente, justificado pelo art. 208 da Lei n\u00ba 13.909\/2001, a Secretaria de Estado da Educa\u00e7\u00e3o deliberou pela ado\u00e7\u00e3o de procedimento emergencial de sele\u00e7\u00e3o curricular, com o objetivo de realizar contrata\u00e7\u00e3o por tempo determinado, de natureza excepcional e urgente, nos termos da Lei Estadual n\u00ba 20.918\/2020.<\/p>\n<p style=\"text-align: justify\">Nesse sentido, a Coordena\u00e7\u00e3o Regional de Educa\u00e7\u00e3o de <strong>LUZIANIA<\/strong> est\u00e1 recebendo curr\u00edculos, exclusivamente por e-mail, para fins de sele\u00e7\u00e3o e contrata\u00e7\u00e3o tempor\u00e1ria de 01 (um) professor de <strong>L\u00edngua Inglesa<\/strong>, no(a) <strong>COL\u00c9GIO ESTADUAL PROFESSORA LOURDES DE OLIVEIRA SAMPAIO<\/strong>. A presente medida visa evitar a interrup\u00e7\u00e3o das atividades escolares e garantir a continuidade do processo de ensino e aprendizagem, resguardando o direito constitucional \u00e0 educa\u00e7\u00e3o dos estudantes da Rede Estadual de Ensino.<\/p>\n<p style=\"text-align: justify\">Os interessados devem encaminhar curr\u00edculo atualizado ao endere\u00e7o eletr\u00f4nico oficial da Assessoria Financeira da CRE de <strong>LUZIANIA afin.luziania@seduc.go.gov.br<\/strong>, informando contatos telef\u00f4nicos e endere\u00e7o de e-mail para retorno.<\/p>\n<p style=\"text-align: justify\">Para a an\u00e1lise dos curr\u00edculos, ser\u00e1 constitu\u00edda comiss\u00e3o espec\u00edfica no \u00e2mbito da Coordena\u00e7\u00e3o Regional de Educa\u00e7\u00e3o de <strong>LUZIANIA<\/strong>, composta por membros desta unidade administrativa, a qual adotar\u00e1 crit\u00e9rios objetivos e ison\u00f4micos na sele\u00e7\u00e3o dos profissionais, assegurando a observ\u00e2ncia dos princ\u00edpios da legalidade, impessoalidade e interesse p\u00fablico.<\/p>\n<p style=\"text-align: justify\">A presente convoca\u00e7\u00e3o emergencial pauta-se nos princ\u00edpios da continuidade do servi\u00e7o p\u00fablico e da supremacia do interesse p\u00fablico, e ser\u00e1 adotada exclusivamente nos casos em que n\u00e3o houver mais candidatos habilitados no banco vigente, conforme previsto no edital e na legisla\u00e7\u00e3o pertinente.<\/p>\n<p style=\"text-align: center\">SEDUC\/GO<\/p>\n<h2 align=\"center\"><strong style=\"color: revert;font-size: revert\">COMUNICADO<\/strong><\/h2>\n<p style=\"text-align: center\"><strong>PARA CONTRATA\u00c7\u00c3O TEMPOR\u00c1RIA<\/strong><\/p>\n<pre style=\"text-align: center\">Publica\u00e7\u00e3o: 29\/09\/2025 \nEncerramento: 01\/10\/2025 \u00e0s 18h\n<\/pre>\n<p style=\"text-align: justify\">O Governo do Estado de Goi\u00e1s, por interm\u00e9dio da Secretaria de Estado da Educa\u00e7\u00e3o, informa que, embora esteja vigente o Processo Seletivo Simplificado regido pelo Edital n\u00ba 020\/2024 \u2013 destinado \u00e0 composi\u00e7\u00e3o de banco de habilitados para contrata\u00e7\u00e3o tempor\u00e1ria de professores \u2013, no \u00e2mbito do <strong>munic\u00edpio de CRISTALINA<\/strong>, jurisdicionado \u00e0 Coordena\u00e7\u00e3o Regional de Educa\u00e7\u00e3o de <strong>LUZIANIA<\/strong>, o referido banco encontra-se esgotado para a fun\u00e7\u00e3o de <strong>Professor de Pedagogia<\/strong><\/p>\n<p style=\"text-align: justify\">Diante da inexist\u00eancia de candidatos habilitados dispon\u00edveis para convoca\u00e7\u00e3o, e considerando a exist\u00eancia de d\u00e9ficit de profissional docente, justificado pelo art. 208 da Lei n\u00ba 13.909\/2001, a Secretaria de Estado da Educa\u00e7\u00e3o deliberou pela ado\u00e7\u00e3o de procedimento emergencial de sele\u00e7\u00e3o curricular, com o objetivo de realizar contrata\u00e7\u00e3o por tempo determinado, de natureza excepcional e urgente, nos termos da Lei Estadual n\u00ba 20.918\/2020.<\/p>\n<p style=\"text-align: justify\">Nesse sentido, a Coordena\u00e7\u00e3o Regional de Educa\u00e7\u00e3o de <strong>LUZIANIA<\/strong> est\u00e1 recebendo curr\u00edculos, exclusivamente por e-mail, para fins de sele\u00e7\u00e3o e contrata\u00e7\u00e3o tempor\u00e1ria de 01 (um) professor de <strong>Pedagogia<\/strong>, no(a) <strong>COL\u00c9GIO ESTADUAL DE EDUCA\u00c7\u00c3O DO CAMPO CAMPOS LINDOS<\/strong>. A presente medida visa evitar a interrup\u00e7\u00e3o das atividades escolares e garantir a continuidade do processo de ensino e aprendizagem, resguardando o direito constitucional \u00e0 educa\u00e7\u00e3o dos estudantes da Rede Estadual de Ensino.<\/p>\n<p style=\"text-align: justify\">Os interessados devem encaminhar curr\u00edculo atualizado ao endere\u00e7o eletr\u00f4nico oficial da Assessoria Financeira da CRE de <strong>LUZIANIA afin.luziania@seduc.go.gov.br<\/strong>, informando contatos telef\u00f4nicos e endere\u00e7o de e-mail para retorno.<\/p>\n<p style=\"text-align: justify\">Para a an\u00e1lise dos curr\u00edculos, ser\u00e1 constitu\u00edda comiss\u00e3o espec\u00edfica no \u00e2mbito da Coordena\u00e7\u00e3o Regional de Educa\u00e7\u00e3o de <strong>LUZIANIA<\/strong>, composta por membros desta unidade administrativa, a qual adotar\u00e1 crit\u00e9rios objetivos e ison\u00f4micos na sele\u00e7\u00e3o dos profissionais, assegurando a observ\u00e2ncia dos princ\u00edpios da legalidade, impessoalidade e interesse p\u00fablico.<\/p>\n<p style=\"text-align: justify\">A presente convoca\u00e7\u00e3o emergencial pauta-se nos princ\u00edpios da continuidade do servi\u00e7o p\u00fablico e da supremacia do interesse p\u00fablico, e ser\u00e1 adotada exclusivamente nos casos em que n\u00e3o houver mais candidatos habilitados no banco vigente, conforme previsto no edital e na legisla\u00e7\u00e3o pertinente.<\/p>\n<p style=\"text-align: center\">SEDUC\/GO<\/p>\n<h2 align=\"center\"><strong style=\"color: revert;font-size: revert\">COMUNICADO<\/strong><\/h2>\n<p style=\"text-align: center\"><strong>PARA CONTRATA\u00c7\u00c3O TEMPOR\u00c1RIA<\/strong><\/p>\n<pre style=\"text-align: center\">Publica\u00e7\u00e3o: 05\/09\/2025 \nEncerramento: 09\/09\/2025 \u00e0s 18h\n<\/pre>\n<p style=\"text-align: justify\">O Governo do Estado de Goi\u00e1s, por interm\u00e9dio da Secretaria de Estado da Educa\u00e7\u00e3o, informa que, embora esteja vigente o Processo Seletivo Simplificado regido pelo Edital n\u00ba 020\/2024 \u2013 destinado \u00e0 composi\u00e7\u00e3o de banco de habilitados para contrata\u00e7\u00e3o tempor\u00e1ria de professores \u2013, no \u00e2mbito do <strong>munic\u00edpio de CRISTALINA<\/strong>, jurisdicionado \u00e0 Coordena\u00e7\u00e3o Regional de Educa\u00e7\u00e3o de <strong>LUZIANIA<\/strong>, o referido banco encontra-se esgotado para a fun\u00e7\u00e3o de <strong>Professor de Ci\u00eancias\/Biologia<\/strong><\/p>\n<p style=\"text-align: justify\">Diante da inexist\u00eancia de candidatos habilitados dispon\u00edveis para convoca\u00e7\u00e3o, e considerando a exist\u00eancia de d\u00e9ficit de profissional docente, justificado pelo art. 208 da Lei n\u00ba 13.909\/2001, a Secretaria de Estado da Educa\u00e7\u00e3o deliberou pela ado\u00e7\u00e3o de procedimento emergencial de sele\u00e7\u00e3o curricular, com o objetivo de realizar contrata\u00e7\u00e3o por tempo determinado, de natureza excepcional e urgente, nos termos da Lei Estadual n\u00ba 20.918\/2020.<\/p>\n<p style=\"text-align: justify\">Nesse sentido, a Coordena\u00e7\u00e3o Regional de Educa\u00e7\u00e3o de <strong>LUZIANIA<\/strong> est\u00e1 recebendo curr\u00edculos, exclusivamente por e-mail, para fins de sele\u00e7\u00e3o e contrata\u00e7\u00e3o tempor\u00e1ria de 01 (um) professor de <strong>Ci\u00eancias\/Biologia<\/strong>, no(a) <strong>CENTRO DE ENSINO EM PER\u00cdODO INTEGRAL AURORA ATTI\u00ca<\/strong>. A presente medida visa evitar a interrup\u00e7\u00e3o das atividades escolares e garantir a continuidade do processo de ensino e aprendizagem, resguardando o direito constitucional \u00e0 educa\u00e7\u00e3o dos estudantes da Rede Estadual de Ensino.<\/p>\n<p style=\"text-align: justify\">Os interessados devem encaminhar curr\u00edculo atualizado ao endere\u00e7o eletr\u00f4nico oficial da Assessoria Financeira da CRE de <strong>LUZIANIA afin.luziania@seduc.go.gov.br<\/strong>, informando contatos telef\u00f4nicos e endere\u00e7o de e-mail para retorno.<\/p>\n<p style=\"text-align: justify\">Para a an\u00e1lise dos curr\u00edculos, ser\u00e1 constitu\u00edda comiss\u00e3o espec\u00edfica no \u00e2mbito da Coordena\u00e7\u00e3o Regional de Educa\u00e7\u00e3o de <strong>LUZIANIA<\/strong>, composta por membros desta unidade administrativa, a qual adotar\u00e1 crit\u00e9rios objetivos e ison\u00f4micos na sele\u00e7\u00e3o dos profissionais, assegurando a observ\u00e2ncia dos princ\u00edpios da legalidade, impessoalidade e interesse p\u00fablico.<\/p>\n<p style=\"text-align: justify\">A presente convoca\u00e7\u00e3o emergencial pauta-se nos princ\u00edpios da continuidade do servi\u00e7o p\u00fablico e da supremacia do interesse p\u00fablico, e ser\u00e1 adotada exclusivamente nos casos em que n\u00e3o houver mais candidatos habilitados no banco vigente, conforme previsto no edital e na legisla\u00e7\u00e3o pertinente.<\/p>\n<p style=\"text-align: center\">SEDUC\/GO<\/p>\n<h2 align=\"center\"><strong style=\"color: revert;font-size: revert\">COMUNICADO<\/strong><\/h2>\n<p style=\"text-align: center\"><strong>PARA CONTRATA\u00c7\u00c3O TEMPOR\u00c1RIA<\/strong><\/p>\n<pre style=\"text-align: center\">Publica\u00e7\u00e3o: 05\/09\/2025 \nEncerramento: 09\/09\/2025 \u00e0s 18h\n<\/pre>\n<p style=\"text-align: justify\">O Governo do Estado de Goi\u00e1s, por interm\u00e9dio da Secretaria de Estado da Educa\u00e7\u00e3o, informa que, embora esteja vigente o Processo Seletivo Simplificado regido pelo Edital n\u00ba 020\/2024 \u2013 destinado \u00e0 composi\u00e7\u00e3o de banco de habilitados para contrata\u00e7\u00e3o tempor\u00e1ria de professores \u2013, no \u00e2mbito do <strong>munic\u00edpio de LUZI\u00c2NIA<\/strong>, jurisdicionado \u00e0 Coordena\u00e7\u00e3o Regional de Educa\u00e7\u00e3o de <strong>LUZIANIA<\/strong>, o referido banco encontra-se esgotado para a fun\u00e7\u00e3o de <strong>Professor de L\u00edngua Inglesa<\/strong><\/p>\n<p style=\"text-align: justify\">Diante da inexist\u00eancia de candidatos habilitados dispon\u00edveis para convoca\u00e7\u00e3o, e considerando a exist\u00eancia de d\u00e9ficit de profissional docente, justificado pelo art. 208 da Lei n\u00ba 13.909\/2001, a Secretaria de Estado da Educa\u00e7\u00e3o deliberou pela ado\u00e7\u00e3o de procedimento emergencial de sele\u00e7\u00e3o curricular, com o objetivo de realizar contrata\u00e7\u00e3o por tempo determinado, de natureza excepcional e urgente, nos termos da Lei Estadual n\u00ba 20.918\/2020.<\/p>\n<p style=\"text-align: justify\">Nesse sentido, a Coordena\u00e7\u00e3o Regional de Educa\u00e7\u00e3o de <strong>LUZIANIA<\/strong> est\u00e1 recebendo curr\u00edculos, exclusivamente por e-mail, para fins de sele\u00e7\u00e3o e contrata\u00e7\u00e3o tempor\u00e1ria de 01 (um) professor de <strong>L\u00edngua Inglesa<\/strong>, no(a) <strong>COL\u00c9GIO ESTADUAL H\u00c9LIO RORIZ<\/strong>. A presente medida visa evitar a interrup\u00e7\u00e3o das atividades escolares e garantir a continuidade do processo de ensino e aprendizagem, resguardando o direito constitucional \u00e0 educa\u00e7\u00e3o dos estudantes da Rede Estadual de Ensino.<\/p>\n<p style=\"text-align: justify\">Os interessados devem encaminhar curr\u00edculo atualizado ao endere\u00e7o eletr\u00f4nico oficial da Assessoria Financeira da CRE de <strong>LUZIANIA afin.luziania@seduc.go.gov.br<\/strong>, informando contatos telef\u00f4nicos e endere\u00e7o de e-mail para retorno.<\/p>\n<p style=\"text-align: justify\">Para a an\u00e1lise dos curr\u00edculos, ser\u00e1 constitu\u00edda comiss\u00e3o espec\u00edfica no \u00e2mbito da Coordena\u00e7\u00e3o Regional de Educa\u00e7\u00e3o de <strong>LUZIANIA<\/strong>, composta por membros desta unidade administrativa, a qual adotar\u00e1 crit\u00e9rios objetivos e ison\u00f4micos na sele\u00e7\u00e3o dos profissionais, assegurando a observ\u00e2ncia dos princ\u00edpios da legalidade, impessoalidade e interesse p\u00fablico.<\/p>\n<p style=\"text-align: justify\">A presente convoca\u00e7\u00e3o emergencial pauta-se nos princ\u00edpios da continuidade do servi\u00e7o p\u00fablico e da supremacia do interesse p\u00fablico, e ser\u00e1 adotada exclusivamente nos casos em que n\u00e3o houver mais candidatos habilitados no banco vigente, conforme previsto no edital e na legisla\u00e7\u00e3o pertinente.<\/p>\n<p style=\"text-align: center\">SEDUC\/GO<\/p>\n<h2 align=\"center\"><strong style=\"color: revert;font-size: revert\">COMUNICADO<\/strong><\/h2>\n<p style=\"text-align: center\"><strong>PARA CONTRATA\u00c7\u00c3O TEMPOR\u00c1RIA<\/strong><\/p>\n<pre style=\"text-align: center\">Publica\u00e7\u00e3o: 05\/09\/2025 \nEncerramento: 09\/09\/2025 \u00e0s 18h\n<\/pre>\n<p style=\"text-align: justify\">O Governo do Estado de Goi\u00e1s, por interm\u00e9dio da Secretaria de Estado da Educa\u00e7\u00e3o, informa que, embora esteja vigente o Processo Seletivo Simplificado regido pelo Edital n\u00ba 020\/2024 \u2013 destinado \u00e0 composi\u00e7\u00e3o de banco de habilitados para contrata\u00e7\u00e3o tempor\u00e1ria de professores \u2013, no \u00e2mbito do <strong>munic\u00edpio de LUZI\u00c2NIA<\/strong>, jurisdicionado \u00e0 Coordena\u00e7\u00e3o Regional de Educa\u00e7\u00e3o de <strong>LUZIANIA<\/strong>, o referido banco encontra-se esgotado para a fun\u00e7\u00e3o de <strong>Professor de L\u00edngua Inglesa<\/strong><\/p>\n<p style=\"text-align: justify\">Diante da inexist\u00eancia de candidatos habilitados dispon\u00edveis para convoca\u00e7\u00e3o, e considerando a exist\u00eancia de d\u00e9ficit de profissional docente, justificado pelo art. 208 da Lei n\u00ba 13.909\/2001, a Secretaria de Estado da Educa\u00e7\u00e3o deliberou pela ado\u00e7\u00e3o de procedimento emergencial de sele\u00e7\u00e3o curricular, com o objetivo de realizar contrata\u00e7\u00e3o por tempo determinado, de natureza excepcional e urgente, nos termos da Lei Estadual n\u00ba 20.918\/2020.<\/p>\n<p style=\"text-align: justify\">Nesse sentido, a Coordena\u00e7\u00e3o Regional de Educa\u00e7\u00e3o de <strong>LUZIANIA<\/strong> est\u00e1 recebendo curr\u00edculos, exclusivamente por e-mail, para fins de sele\u00e7\u00e3o e contrata\u00e7\u00e3o tempor\u00e1ria de 01 (um) professor de <strong>L\u00edngua Inglesa<\/strong>, no(a) <strong>COL\u00c9GIO ESTADUAL PROFESSORA MARIA PEREIRA VASCONCELOS<\/strong>. A presente medida visa evitar a interrup\u00e7\u00e3o das atividades escolares e garantir a continuidade do processo de ensino e aprendizagem, resguardando o direito constitucional \u00e0 educa\u00e7\u00e3o dos estudantes da Rede Estadual de Ensino.<\/p>\n<p style=\"text-align: justify\">Os interessados devem encaminhar curr\u00edculo atualizado ao endere\u00e7o eletr\u00f4nico oficial da Assessoria Financeira da CRE de <strong>LUZIANIA afin.luziania@seduc.go.gov.br<\/strong>, informando contatos telef\u00f4nicos e endere\u00e7o de e-mail para retorno.<\/p>\n<p style=\"text-align: justify\">Para a an\u00e1lise dos curr\u00edculos, ser\u00e1 constitu\u00edda comiss\u00e3o espec\u00edfica no \u00e2mbito da Coordena\u00e7\u00e3o Regional de Educa\u00e7\u00e3o de <strong>LUZIANIA<\/strong>, composta por membros desta unidade administrativa, a qual adotar\u00e1 crit\u00e9rios objetivos e ison\u00f4micos na sele\u00e7\u00e3o dos profissionais, assegurando a observ\u00e2ncia dos princ\u00edpios da legalidade, impessoalidade e interesse p\u00fablico.<\/p>\n<p style=\"text-align: justify\">A presente convoca\u00e7\u00e3o emergencial pauta-se nos princ\u00edpios da continuidade do servi\u00e7o p\u00fablico e da supremacia do interesse p\u00fablico, e ser\u00e1 adotada exclusivamente nos casos em que n\u00e3o houver mais candidatos habilitados no banco vigente, conforme previsto no edital e na legisla\u00e7\u00e3o pertinente.<\/p>\n<p style=\"text-align: center\">SEDUC\/GO<\/p>\n<h2 align=\"center\"><strong style=\"color: revert;font-size: revert\">COMUNICADO<\/strong><\/h2>\n<p style=\"text-align: center\"><strong>PARA CONTRATA\u00c7\u00c3O TEMPOR\u00c1RIA<\/strong><\/p>\n<pre style=\"text-align: center\">Publica\u00e7\u00e3o: 05\/09\/2025 \nEncerramento: 09\/09\/2025 \u00e0s 18h\n<\/pre>\n<p style=\"text-align: justify\">O Governo do Estado de Goi\u00e1s, por interm\u00e9dio da Secretaria de Estado da Educa\u00e7\u00e3o, informa que, embora esteja vigente o Processo Seletivo Simplificado regido pelo Edital n\u00ba 020\/2024 \u2013 destinado \u00e0 composi\u00e7\u00e3o de banco de habilitados para contrata\u00e7\u00e3o tempor\u00e1ria de professores \u2013, no \u00e2mbito do <strong>munic\u00edpio de LUZI\u00c2NIA<\/strong>, jurisdicionado \u00e0 Coordena\u00e7\u00e3o Regional de Educa\u00e7\u00e3o de <strong>LUZIANIA<\/strong>, o referido banco encontra-se esgotado para a fun\u00e7\u00e3o de <strong>Professor de Ci\u00eancias\/Biologia<\/strong><\/p>\n<p style=\"text-align: justify\">Diante da inexist\u00eancia de candidatos habilitados dispon\u00edveis para convoca\u00e7\u00e3o, e considerando a exist\u00eancia de d\u00e9ficit de profissional docente, justificado pelo art. 208 da Lei n\u00ba 13.909\/2001, a Secretaria de Estado da Educa\u00e7\u00e3o deliberou pela ado\u00e7\u00e3o de procedimento emergencial de sele\u00e7\u00e3o curricular, com o objetivo de realizar contrata\u00e7\u00e3o por tempo determinado, de natureza excepcional e urgente, nos termos da Lei Estadual n\u00ba 20.918\/2020.<\/p>\n<p style=\"text-align: justify\">Nesse sentido, a Coordena\u00e7\u00e3o Regional de Educa\u00e7\u00e3o de <strong>LUZIANIA<\/strong> est\u00e1 recebendo curr\u00edculos, exclusivamente por e-mail, para fins de sele\u00e7\u00e3o e contrata\u00e7\u00e3o tempor\u00e1ria de 01 (um) professor de <strong>Ci\u00eancias\/Biologia<\/strong>, no(a) <strong>COL\u00c9GIO ESTADUAL DE EDUCA\u00c7\u00c3O DO CAMPO ILIDIO DE SOUZA LEMOS<\/strong>. A presente medida visa evitar a interrup\u00e7\u00e3o das atividades escolares e garantir a continuidade do processo de ensino e aprendizagem, resguardando o direito constitucional \u00e0 educa\u00e7\u00e3o dos estudantes da Rede Estadual de Ensino.<\/p>\n<p style=\"text-align: justify\">Os interessados devem encaminhar curr\u00edculo atualizado ao endere\u00e7o eletr\u00f4nico oficial da Assessoria Financeira da CRE de <strong>LUZIANIA afin.luziania@seduc.go.gov.br<\/strong>, informando contatos telef\u00f4nicos e endere\u00e7o de e-mail para retorno.<\/p>\n<p style=\"text-align: justify\">Para a an\u00e1lise dos curr\u00edculos, ser\u00e1 constitu\u00edda comiss\u00e3o espec\u00edfica no \u00e2mbito da Coordena\u00e7\u00e3o Regional de Educa\u00e7\u00e3o de <strong>LUZIANIA<\/strong>, composta por membros desta unidade administrativa, a qual adotar\u00e1 crit\u00e9rios objetivos e ison\u00f4micos na sele\u00e7\u00e3o dos profissionais, assegurando a observ\u00e2ncia dos princ\u00edpios da legalidade, impessoalidade e interesse p\u00fablico.<\/p>\n<p style=\"text-align: justify\">A presente convoca\u00e7\u00e3o emergencial pauta-se nos princ\u00edpios da continuidade do servi\u00e7o p\u00fablico e da supremacia do interesse p\u00fablico, e ser\u00e1 adotada exclusivamente nos casos em que n\u00e3o houver mais candidatos habilitados no banco vigente, conforme previsto no edital e na legisla\u00e7\u00e3o pertinente.<\/p>\n<p style=\"text-align: center\">SEDUC\/GO<\/p>\n<h2 align=\"center\"><strong style=\"color: revert;font-size: revert\">COMUNICADO<\/strong><\/h2>\n<p style=\"text-align: center\"><strong>PARA CONTRATA\u00c7\u00c3O TEMPOR\u00c1RIA<\/strong><\/p>\n<pre style=\"text-align: center\">Publica\u00e7\u00e3o: 05\/09\/2025 \nEncerramento: 09\/09\/2025 \u00e0s 18h\n<\/pre>\n<p style=\"text-align: justify\">O Governo do Estado de Goi\u00e1s, por interm\u00e9dio da Secretaria de Estado da Educa\u00e7\u00e3o, informa que, embora esteja vigente o Processo Seletivo Simplificado regido pelo Edital n\u00ba 020\/2024 \u2013 destinado \u00e0 composi\u00e7\u00e3o de banco de habilitados para contrata\u00e7\u00e3o tempor\u00e1ria de professores \u2013, no \u00e2mbito do <strong>munic\u00edpio de LUZI\u00c2NIA<\/strong>, jurisdicionado \u00e0 Coordena\u00e7\u00e3o Regional de Educa\u00e7\u00e3o de <strong>LUZIANIA<\/strong>, o referido banco encontra-se esgotado para a fun\u00e7\u00e3o de <strong>Professor de Ci\u00eancias\/Biologia<\/strong><\/p>\n<p style=\"text-align: justify\">Diante da inexist\u00eancia de candidatos habilitados dispon\u00edveis para convoca\u00e7\u00e3o, e considerando a exist\u00eancia de d\u00e9ficit de profissional docente, justificado pelo art. 208 da Lei n\u00ba 13.909\/2001, a Secretaria de Estado da Educa\u00e7\u00e3o deliberou pela ado\u00e7\u00e3o de procedimento emergencial de sele\u00e7\u00e3o curricular, com o objetivo de realizar contrata\u00e7\u00e3o por tempo determinado, de natureza excepcional e urgente, nos termos da Lei Estadual n\u00ba 20.918\/2020.<\/p>\n<p style=\"text-align: justify\">Nesse sentido, a Coordena\u00e7\u00e3o Regional de Educa\u00e7\u00e3o de <strong>LUZIANIA<\/strong> est\u00e1 recebendo curr\u00edculos, exclusivamente por e-mail, para fins de sele\u00e7\u00e3o e contrata\u00e7\u00e3o tempor\u00e1ria de 01 (um) professor de <strong>Ci\u00eancias\/Biologia<\/strong>, no(a) <strong>COL\u00c9GIO ESTADUAL PROFESSORA LOURDES DE OLIVEIRA SAMPAIO<\/strong>. A presente medida visa evitar a interrup\u00e7\u00e3o das atividades escolares e garantir a continuidade do processo de ensino e aprendizagem, resguardando o direito constitucional \u00e0 educa\u00e7\u00e3o dos estudantes da Rede Estadual de Ensino.<\/p>\n<p style=\"text-align: justify\">Os interessados devem encaminhar curr\u00edculo atualizado ao endere\u00e7o eletr\u00f4nico oficial da Assessoria Financeira da CRE de <strong>LUZIANIA afin.luziania@seduc.go.gov.br<\/strong>, informando contatos telef\u00f4nicos e endere\u00e7o de e-mail para retorno.<\/p>\n<p style=\"text-align: justify\">Para a an\u00e1lise dos curr\u00edculos, ser\u00e1 constitu\u00edda comiss\u00e3o espec\u00edfica no \u00e2mbito da Coordena\u00e7\u00e3o Regional de Educa\u00e7\u00e3o de <strong>LUZIANIA<\/strong>, composta por membros desta unidade administrativa, a qual adotar\u00e1 crit\u00e9rios objetivos e ison\u00f4micos na sele\u00e7\u00e3o dos profissionais, assegurando a observ\u00e2ncia dos princ\u00edpios da legalidade, impessoalidade e interesse p\u00fablico.<\/p>\n<p style=\"text-align: justify\">A presente convoca\u00e7\u00e3o emergencial pauta-se nos princ\u00edpios da continuidade do servi\u00e7o p\u00fablico e da supremacia do interesse p\u00fablico, e ser\u00e1 adotada exclusivamente nos casos em que n\u00e3o houver mais candidatos habilitados no banco vigente, conforme previsto no edital e na legisla\u00e7\u00e3o pertinente.<\/p>\n<p style=\"text-align: center\">SEDUC\/GO<\/p>\n<h2 align=\"center\"><strong style=\"color: revert;font-size: revert\">COMUNICADO<\/strong><\/h2>\n<p style=\"text-align: center\"><strong>PARA CONTRATA\u00c7\u00c3O TEMPOR\u00c1RIA<\/strong><\/p>\n<pre style=\"text-align: center\">Publica\u00e7\u00e3o: 05\/09\/2025 \nEncerramento: 09\/09\/2025 \u00e0s 18h\n<\/pre>\n<p style=\"text-align: justify\">O Governo do Estado de Goi\u00e1s, por interm\u00e9dio da Secretaria de Estado da Educa\u00e7\u00e3o, informa que, embora esteja vigente o Processo Seletivo Simplificado regido pelo Edital n\u00ba 020\/2024 \u2013 destinado \u00e0 composi\u00e7\u00e3o de banco de habilitados para contrata\u00e7\u00e3o tempor\u00e1ria de professores \u2013, no \u00e2mbito do <strong>munic\u00edpio de LUZI\u00c2NIA<\/strong>, jurisdicionado \u00e0 Coordena\u00e7\u00e3o Regional de Educa\u00e7\u00e3o de <strong>LUZIANIA<\/strong>, o referido banco encontra-se esgotado para a fun\u00e7\u00e3o de <strong>Professor de Ci\u00eancias\/Biologia<\/strong><\/p>\n<p style=\"text-align: justify\">Diante da inexist\u00eancia de candidatos habilitados dispon\u00edveis para convoca\u00e7\u00e3o, e considerando a exist\u00eancia de d\u00e9ficit de profissional docente, justificado pelo art. 208 da Lei n\u00ba 13.909\/2001, a Secretaria de Estado da Educa\u00e7\u00e3o deliberou pela ado\u00e7\u00e3o de procedimento emergencial de sele\u00e7\u00e3o curricular, com o objetivo de realizar contrata\u00e7\u00e3o por tempo determinado, de natureza excepcional e urgente, nos termos da Lei Estadual n\u00ba 20.918\/2020.<\/p>\n<p style=\"text-align: justify\">Nesse sentido, a Coordena\u00e7\u00e3o Regional de Educa\u00e7\u00e3o de <strong>LUZIANIA<\/strong> est\u00e1 recebendo curr\u00edculos, exclusivamente por e-mail, para fins de sele\u00e7\u00e3o e contrata\u00e7\u00e3o tempor\u00e1ria de 01 (um) professor de <strong>Ci\u00eancias\/Biologia<\/strong>, no(a) <strong>COL\u00c9GIO ESTADUAL DE EDUCA\u00c7\u00c3O DO CAMPO VALDERI SANTOS<\/strong>. A presente medida visa evitar a interrup\u00e7\u00e3o das atividades escolares e garantir a continuidade do processo de ensino e aprendizagem, resguardando o direito constitucional \u00e0 educa\u00e7\u00e3o dos estudantes da Rede Estadual de Ensino.<\/p>\n<p style=\"text-align: justify\">Os interessados devem encaminhar curr\u00edculo atualizado ao endere\u00e7o eletr\u00f4nico oficial da Assessoria Financeira da CRE de <strong>LUZIANIA afin.luziania@seduc.go.gov.br<\/strong>, informando contatos telef\u00f4nicos e endere\u00e7o de e-mail para retorno.<\/p>\n<p style=\"text-align: justify\">Para a an\u00e1lise dos curr\u00edculos, ser\u00e1 constitu\u00edda comiss\u00e3o espec\u00edfica no \u00e2mbito da Coordena\u00e7\u00e3o Regional de Educa\u00e7\u00e3o de <strong>LUZIANIA<\/strong>, composta por membros desta unidade administrativa, a qual adotar\u00e1 crit\u00e9rios objetivos e ison\u00f4micos na sele\u00e7\u00e3o dos profissionais, assegurando a observ\u00e2ncia dos princ\u00edpios da legalidade, impessoalidade e interesse p\u00fablico.<\/p>\n<p style=\"text-align: justify\">A presente convoca\u00e7\u00e3o emergencial pauta-se nos princ\u00edpios da continuidade do servi\u00e7o p\u00fablico e da supremacia do interesse p\u00fablico, e ser\u00e1 adotada exclusivamente nos casos em que n\u00e3o houver mais candidatos habilitados no banco vigente, conforme previsto no edital e na legisla\u00e7\u00e3o pertinente.<\/p>\n<p style=\"text-align: center\">SEDUC\/GO<\/p>\n<h2 align=\"center\"><strong style=\"color: revert;font-size: revert\">COMUNICADO<\/strong><\/h2>\n<p style=\"text-align: center\"><strong>PARA CONTRATA\u00c7\u00c3O TEMPOR\u00c1RIA<\/strong><\/p>\n<pre style=\"text-align: center\">Publica\u00e7\u00e3o: 02\/09\/2025 \nEncerramento: 04\/09\/2025 \u00e0s 18h\n<\/pre>\n<p style=\"text-align: justify\">O Governo do Estado de Goi\u00e1s, por interm\u00e9dio da Secretaria de Estado da Educa\u00e7\u00e3o, informa que, embora esteja vigente o Processo Seletivo Simplificado regido pelo Edital n\u00ba 020\/2024 \u2013 destinado \u00e0 composi\u00e7\u00e3o de banco de habilitados para contrata\u00e7\u00e3o tempor\u00e1ria de professores \u2013, no \u00e2mbito do <strong>munic\u00edpio de CRISTALINA<\/strong>, jurisdicionado \u00e0 Coordena\u00e7\u00e3o Regional de Educa\u00e7\u00e3o de <strong>LUZIANIA<\/strong>, o referido banco encontra-se esgotado para a fun\u00e7\u00e3o de <strong>Professor de F\u00edsica<\/strong><\/p>\n<p style=\"text-align: justify\">Diante da inexist\u00eancia de candidatos habilitados dispon\u00edveis para convoca\u00e7\u00e3o, e considerando a exist\u00eancia de d\u00e9ficit de profissional docente, justificado pelo art. 208 da Lei n\u00ba 13.909\/2001, a Secretaria de Estado da Educa\u00e7\u00e3o deliberou pela ado\u00e7\u00e3o de procedimento emergencial de sele\u00e7\u00e3o curricular, com o objetivo de realizar contrata\u00e7\u00e3o por tempo determinado, de natureza excepcional e urgente, nos termos da Lei Estadual n\u00ba 20.918\/2020.<\/p>\n<p style=\"text-align: justify\">Nesse sentido, a Coordena\u00e7\u00e3o Regional de Educa\u00e7\u00e3o de <strong>LUZIANIA<\/strong> est\u00e1 recebendo curr\u00edculos, exclusivamente por e-mail, para fins de sele\u00e7\u00e3o e contrata\u00e7\u00e3o tempor\u00e1ria de 01 (um) professor de <strong>F\u00edsica<\/strong>, no(a) <strong>COL\u00c9GIO ESTADUAL ADELVINA FLORES RIBEIRO<\/strong>. A presente medida visa evitar a interrup\u00e7\u00e3o das atividades escolares e garantir a continuidade do processo de ensino e aprendizagem, resguardando o direito constitucional \u00e0 educa\u00e7\u00e3o dos estudantes da Rede Estadual de Ensino.<\/p>\n<p style=\"text-align: justify\">Os interessados devem encaminhar curr\u00edculo atualizado ao endere\u00e7o eletr\u00f4nico oficial da Assessoria Financeira da CRE de <strong>LUZIANIA afin.luziania@seduc.go.gov.br<\/strong>, informando contatos telef\u00f4nicos e endere\u00e7o de e-mail para retorno.<\/p>\n<p style=\"text-align: justify\">Para a an\u00e1lise dos curr\u00edculos, ser\u00e1 constitu\u00edda comiss\u00e3o espec\u00edfica no \u00e2mbito da Coordena\u00e7\u00e3o Regional de Educa\u00e7\u00e3o de <strong>LUZIANIA<\/strong>, composta por membros desta unidade administrativa, a qual adotar\u00e1 crit\u00e9rios objetivos e ison\u00f4micos na sele\u00e7\u00e3o dos profissionais, assegurando a observ\u00e2ncia dos princ\u00edpios da legalidade, impessoalidade e interesse p\u00fablico.<\/p>\n<p style=\"text-align: justify\">A presente convoca\u00e7\u00e3o emergencial pauta-se nos princ\u00edpios da continuidade do servi\u00e7o p\u00fablico e da supremacia do interesse p\u00fablico, e ser\u00e1 adotada exclusivamente nos casos em que n\u00e3o houver mais candidatos habilitados no banco vigente, conforme previsto no edital e na legisla\u00e7\u00e3o pertinente.<\/p>\n<p style=\"text-align: center\">SEDUC\/GO<\/p>\n<h2 align=\"center\"><strong style=\"color: revert;font-size: revert\">COMUNICADO<\/strong><\/h2>\n<p style=\"text-align: center\"><strong>PARA CONTRATA\u00c7\u00c3O TEMPOR\u00c1RIA<\/strong><\/p>\n<pre style=\"text-align: center\">Publica\u00e7\u00e3o: 29\/08\/2025 \nEncerramento: 02\/09\/2025 \u00e0s 18h\n<\/pre>\n<p style=\"text-align: justify\">O Governo do Estado de Goi\u00e1s, por interm\u00e9dio da Secretaria de Estado da Educa\u00e7\u00e3o, informa que, embora esteja vigente o Processo Seletivo Simplificado regido pelo Edital n\u00ba 020\/2024 \u2013 destinado \u00e0 composi\u00e7\u00e3o de banco de habilitados para contrata\u00e7\u00e3o tempor\u00e1ria de professores \u2013, no \u00e2mbito do <strong>munic\u00edpio de LUZI\u00c2NIA<\/strong>, jurisdicionado \u00e0 Coordena\u00e7\u00e3o Regional de Educa\u00e7\u00e3o de <strong>LUZIANIA<\/strong>, o referido banco encontra-se esgotado para a fun\u00e7\u00e3o de <strong>Professor de F\u00edsica<\/strong><\/p>\n<p style=\"text-align: justify\">Diante da inexist\u00eancia de candidatos habilitados dispon\u00edveis para convoca\u00e7\u00e3o, e considerando a exist\u00eancia de d\u00e9ficit de profissional docente, justificado pelo art. 208 da Lei n\u00ba 13.909\/2001, a Secretaria de Estado da Educa\u00e7\u00e3o deliberou pela ado\u00e7\u00e3o de procedimento emergencial de sele\u00e7\u00e3o curricular, com o objetivo de realizar contrata\u00e7\u00e3o por tempo determinado, de natureza excepcional e urgente, nos termos da Lei Estadual n\u00ba 20.918\/2020.<\/p>\n<p style=\"text-align: justify\">Nesse sentido, a Coordena\u00e7\u00e3o Regional de Educa\u00e7\u00e3o de <strong>LUZIANIA<\/strong> est\u00e1 recebendo curr\u00edculos, exclusivamente por e-mail, para fins de sele\u00e7\u00e3o e contrata\u00e7\u00e3o tempor\u00e1ria de 01 (um) professor de <strong>F\u00edsica<\/strong>, no(a) <strong>COL\u00c9GIO ESTADUAL H\u00c9LIO RORIZ<\/strong>. A presente medida visa evitar a interrup\u00e7\u00e3o das atividades escolares e garantir a continuidade do processo de ensino e aprendizagem, resguardando o direito constitucional \u00e0 educa\u00e7\u00e3o dos estudantes da Rede Estadual de Ensino.<\/p>\n<p style=\"text-align: justify\">Os interessados devem encaminhar curr\u00edculo atualizado ao endere\u00e7o eletr\u00f4nico oficial da Assessoria Financeira da CRE de <strong>LUZIANIA afin.luziania@seduc.go.gov.br<\/strong>, informando contatos telef\u00f4nicos e endere\u00e7o de e-mail para retorno.<\/p>\n<p style=\"text-align: justify\">Para a an\u00e1lise dos curr\u00edculos, ser\u00e1 constitu\u00edda comiss\u00e3o espec\u00edfica no \u00e2mbito da Coordena\u00e7\u00e3o Regional de Educa\u00e7\u00e3o de <strong>LUZIANIA<\/strong>, composta por membros desta unidade administrativa, a qual adotar\u00e1 crit\u00e9rios objetivos e ison\u00f4micos na sele\u00e7\u00e3o dos profissionais, assegurando a observ\u00e2ncia dos princ\u00edpios da legalidade, impessoalidade e interesse p\u00fablico.<\/p>\n<p style=\"text-align: justify\">A presente convoca\u00e7\u00e3o emergencial pauta-se nos princ\u00edpios da continuidade do servi\u00e7o p\u00fablico e da supremacia do interesse p\u00fablico, e ser\u00e1 adotada exclusivamente nos casos em que n\u00e3o houver mais candidatos habilitados no banco vigente, conforme previsto no edital e na legisla\u00e7\u00e3o pertinente.<\/p>\n<p style=\"text-align: center\">SEDUC\/GO<\/p>\n<h2 align=\"center\"><strong style=\"color: revert;font-size: revert\">COMUNICADO<\/strong><\/h2>\n<p style=\"text-align: center\"><strong>PARA CONTRATA\u00c7\u00c3O TEMPOR\u00c1RIA<\/strong><\/p>\n<pre style=\"text-align: center\">Publica\u00e7\u00e3o: 29\/08\/2025 \nEncerramento: 02\/09\/2025 \u00e0s 18h\n<\/pre>\n<p style=\"text-align: justify\">O Governo do Estado de Goi\u00e1s, por interm\u00e9dio da Secretaria de Estado da Educa\u00e7\u00e3o, informa que, embora esteja vigente o Processo Seletivo Simplificado regido pelo Edital n\u00ba 020\/2024 \u2013 destinado \u00e0 composi\u00e7\u00e3o de banco de habilitados para contrata\u00e7\u00e3o tempor\u00e1ria de professores \u2013, no \u00e2mbito do <strong>munic\u00edpio de CRISTALINA<\/strong>, jurisdicionado \u00e0 Coordena\u00e7\u00e3o Regional de Educa\u00e7\u00e3o de <strong>LUZIANIA<\/strong>, o referido banco encontra-se esgotado para a fun\u00e7\u00e3o de <strong>Professor de Ci\u00eancias\/Biologia<\/strong><\/p>\n<p style=\"text-align: justify\">Diante da inexist\u00eancia de candidatos habilitados dispon\u00edveis para convoca\u00e7\u00e3o, e considerando a exist\u00eancia de d\u00e9ficit de profissional docente, justificado pelo art. 208 da Lei n\u00ba 13.909\/2001, a Secretaria de Estado da Educa\u00e7\u00e3o deliberou pela ado\u00e7\u00e3o de procedimento emergencial de sele\u00e7\u00e3o curricular, com o objetivo de realizar contrata\u00e7\u00e3o por tempo determinado, de natureza excepcional e urgente, nos termos da Lei Estadual n\u00ba 20.918\/2020.<\/p>\n<p style=\"text-align: justify\">Nesse sentido, a Coordena\u00e7\u00e3o Regional de Educa\u00e7\u00e3o de <strong>LUZIANIA<\/strong> est\u00e1 recebendo curr\u00edculos, exclusivamente por e-mail, para fins de sele\u00e7\u00e3o e contrata\u00e7\u00e3o tempor\u00e1ria de 01 (um) professor de <strong>Ci\u00eancias\/Biologia<\/strong>, no(a) <strong>COL\u00c9GIO ESTADUAL JOS\u00c9 DE GOI\u00c1S BRASIL<\/strong>. A presente medida visa evitar a interrup\u00e7\u00e3o das atividades escolares e garantir a continuidade do processo de ensino e aprendizagem, resguardando o direito constitucional \u00e0 educa\u00e7\u00e3o dos estudantes da Rede Estadual de Ensino.<\/p>\n<p style=\"text-align: justify\">Os interessados devem encaminhar curr\u00edculo atualizado ao endere\u00e7o eletr\u00f4nico oficial da Assessoria Financeira da CRE de <strong>LUZIANIA afin.luziania@seduc.go.gov.br<\/strong>, informando contatos telef\u00f4nicos e endere\u00e7o de e-mail para retorno.<\/p>\n<p style=\"text-align: justify\">Para a an\u00e1lise dos curr\u00edculos, ser\u00e1 constitu\u00edda comiss\u00e3o espec\u00edfica no \u00e2mbito da Coordena\u00e7\u00e3o Regional de Educa\u00e7\u00e3o de <strong>LUZIANIA<\/strong>, composta por membros desta unidade administrativa, a qual adotar\u00e1 crit\u00e9rios objetivos e ison\u00f4micos na sele\u00e7\u00e3o dos profissionais, assegurando a observ\u00e2ncia dos princ\u00edpios da legalidade, impessoalidade e interesse p\u00fablico.<\/p>\n<p style=\"text-align: justify\">A presente convoca\u00e7\u00e3o emergencial pauta-se nos princ\u00edpios da continuidade do servi\u00e7o p\u00fablico e da supremacia do interesse p\u00fablico, e ser\u00e1 adotada exclusivamente nos casos em que n\u00e3o houver mais candidatos habilitados no banco vigente, conforme previsto no edital e na legisla\u00e7\u00e3o pertinente.<\/p>\n<p style=\"text-align: center\">SEDUC\/GO<\/p>\n<h2 align=\"center\"><strong style=\"color: revert;font-size: revert\">COMUNICADO<\/strong><\/h2>\n<p style=\"text-align: center\"><strong>PARA CONTRATA\u00c7\u00c3O TEMPOR\u00c1RIA<\/strong><\/p>\n<pre style=\"text-align: center\">Publica\u00e7\u00e3o: 25\/08\/2025 \nEncerramento: 27\/08\/2025 \u00e0s 18h\n<\/pre>\n<p style=\"text-align: justify\">O Governo do Estado de Goi\u00e1s, por interm\u00e9dio da Secretaria de Estado da Educa\u00e7\u00e3o, informa que, embora esteja vigente o Processo Seletivo Simplificado regido pelo Edital n\u00ba 020\/2024 \u2013 destinado \u00e0 composi\u00e7\u00e3o de banco de habilitados para contrata\u00e7\u00e3o tempor\u00e1ria de professores \u2013, no \u00e2mbito do <strong>munic\u00edpio de CRISTALINA<\/strong>, jurisdicionado \u00e0 Coordena\u00e7\u00e3o Regional de Educa\u00e7\u00e3o de <strong>LUZIANIA<\/strong>, o referido banco encontra-se esgotado para a fun\u00e7\u00e3o de <strong>Professor de Matem\u00e1tica<\/strong><\/p>\n<p style=\"text-align: justify\">Diante da inexist\u00eancia de candidatos habilitados dispon\u00edveis para convoca\u00e7\u00e3o, e considerando a exist\u00eancia de d\u00e9ficit de profissional docente, justificado pelo art. 208 da Lei n\u00ba 13.909\/2001, a Secretaria de Estado da Educa\u00e7\u00e3o deliberou pela ado\u00e7\u00e3o de procedimento emergencial de sele\u00e7\u00e3o curricular, com o objetivo de realizar contrata\u00e7\u00e3o por tempo determinado, de natureza excepcional e urgente, nos termos da Lei Estadual n\u00ba 20.918\/2020.<\/p>\n<p style=\"text-align: justify\">Nesse sentido, a Coordena\u00e7\u00e3o Regional de Educa\u00e7\u00e3o de <strong>LUZIANIA<\/strong> est\u00e1 recebendo curr\u00edculos, exclusivamente por e-mail, para fins de sele\u00e7\u00e3o e contrata\u00e7\u00e3o tempor\u00e1ria de 01 (um) professor de <strong>Matem\u00e1tica<\/strong>, no(a) <strong>CENTRO DE ENSINO EM PER\u00cdODO INTEGRAL AURORA ATTI\u00ca<\/strong>. A presente medida visa evitar a interrup\u00e7\u00e3o das atividades escolares e garantir a continuidade do processo de ensino e aprendizagem, resguardando o direito constitucional \u00e0 educa\u00e7\u00e3o dos estudantes da Rede Estadual de Ensino.<\/p>\n<p style=\"text-align: justify\">Os interessados devem encaminhar curr\u00edculo atualizado ao endere\u00e7o eletr\u00f4nico oficial da Assessoria Financeira da CRE de <strong>LUZIANIA afin.luziania@seduc.go.gov.br<\/strong>, informando contatos telef\u00f4nicos e endere\u00e7o de e-mail para retorno.<\/p>\n<p style=\"text-align: justify\">Para a an\u00e1lise dos curr\u00edculos, ser\u00e1 constitu\u00edda comiss\u00e3o espec\u00edfica no \u00e2mbito da Coordena\u00e7\u00e3o Regional de Educa\u00e7\u00e3o de <strong>LUZIANIA<\/strong>, composta por membros desta unidade administrativa, a qual adotar\u00e1 crit\u00e9rios objetivos e ison\u00f4micos na sele\u00e7\u00e3o dos profissionais, assegurando a observ\u00e2ncia dos princ\u00edpios da legalidade, impessoalidade e interesse p\u00fablico.<\/p>\n<p style=\"text-align: justify\">A presente convoca\u00e7\u00e3o emergencial pauta-se nos princ\u00edpios da continuidade do servi\u00e7o p\u00fablico e da supremacia do interesse p\u00fablico, e ser\u00e1 adotada exclusivamente nos casos em que n\u00e3o houver mais candidatos habilitados no banco vigente, conforme previsto no edital e na legisla\u00e7\u00e3o pertinente.<\/p>\n<p style=\"text-align: center\">SEDUC\/GO<\/p>\n<h2 align=\"center\"><strong style=\"color: revert;font-size: revert\">COMUNICADO<\/strong><\/h2>\n<p style=\"text-align: center\"><strong>PARA CONTRATA\u00c7\u00c3O TEMPOR\u00c1RIA<\/strong><\/p>\n<pre style=\"text-align: center\">Publica\u00e7\u00e3o: 21\/08\/2025 \nEncerramento: 25\/08\/2025 \u00e0s 18h\n<\/pre>\n<p style=\"text-align: justify\">O Governo do Estado de Goi\u00e1s, por interm\u00e9dio da Secretaria de Estado da Educa\u00e7\u00e3o, informa que, embora esteja vigente o Processo Seletivo Simplificado regido pelo Edital n\u00ba 020\/2024 \u2013 destinado \u00e0 composi\u00e7\u00e3o de banco de habilitados para contrata\u00e7\u00e3o tempor\u00e1ria de professores \u2013, no \u00e2mbito do <strong>munic\u00edpio de CRISTALINA<\/strong>, jurisdicionado \u00e0 Coordena\u00e7\u00e3o Regional de Educa\u00e7\u00e3o de <strong>LUZIANIA<\/strong>, o referido banco encontra-se esgotado para a fun\u00e7\u00e3o de <strong>Professor de Matem\u00e1tica<\/strong><\/p>\n<p style=\"text-align: justify\">Diante da inexist\u00eancia de candidatos habilitados dispon\u00edveis para convoca\u00e7\u00e3o, e considerando a exist\u00eancia de d\u00e9ficit de profissional docente, justificado pelo art. 208 da Lei n\u00ba 13.909\/2001, a Secretaria de Estado da Educa\u00e7\u00e3o deliberou pela ado\u00e7\u00e3o de procedimento emergencial de sele\u00e7\u00e3o curricular, com o objetivo de realizar contrata\u00e7\u00e3o por tempo determinado, de natureza excepcional e urgente, nos termos da Lei Estadual n\u00ba 20.918\/2020.<\/p>\n<p style=\"text-align: justify\">Nesse sentido, a Coordena\u00e7\u00e3o Regional de Educa\u00e7\u00e3o de <strong>LUZIANIA<\/strong> est\u00e1 recebendo curr\u00edculos, exclusivamente por e-mail, para fins de sele\u00e7\u00e3o e contrata\u00e7\u00e3o tempor\u00e1ria de 01 (um) professor de <strong>Matem\u00e1tica<\/strong>, no(a) <strong>CENTRO DE ENSINO EM PER\u00cdODO INTEGRAL AURORA ATTI\u00ca<\/strong>. A presente medida visa evitar a interrup\u00e7\u00e3o das atividades escolares e garantir a continuidade do processo de ensino e aprendizagem, resguardando o direito constitucional \u00e0 educa\u00e7\u00e3o dos estudantes da Rede Estadual de Ensino.<\/p>\n<p style=\"text-align: justify\">Os interessados devem encaminhar curr\u00edculo atualizado ao endere\u00e7o eletr\u00f4nico oficial da Assessoria Financeira da CRE de <strong>LUZIANIA afin.luziania@seduc.go.gov.br<\/strong>, informando contatos telef\u00f4nicos e endere\u00e7o de e-mail para retorno.<\/p>\n<p style=\"text-align: justify\">Para a an\u00e1lise dos curr\u00edculos, ser\u00e1 constitu\u00edda comiss\u00e3o espec\u00edfica no \u00e2mbito da Coordena\u00e7\u00e3o Regional de Educa\u00e7\u00e3o de <strong>LUZIANIA<\/strong>, composta por membros desta unidade administrativa, a qual adotar\u00e1 crit\u00e9rios objetivos e ison\u00f4micos na sele\u00e7\u00e3o dos profissionais, assegurando a observ\u00e2ncia dos princ\u00edpios da legalidade, impessoalidade e interesse p\u00fablico.<\/p>\n<p style=\"text-align: justify\">A presente convoca\u00e7\u00e3o emergencial pauta-se nos princ\u00edpios da continuidade do servi\u00e7o p\u00fablico e da supremacia do interesse p\u00fablico, e ser\u00e1 adotada exclusivamente nos casos em que n\u00e3o houver mais candidatos habilitados no banco vigente, conforme previsto no edital e na legisla\u00e7\u00e3o pertinente.<\/p>\n<p style=\"text-align: center\">SEDUC\/GO<\/p>\n<h2 align=\"center\"><strong style=\"color: revert;font-size: revert\">COMUNICADO<\/strong><\/h2>\n<p style=\"text-align: center\"><strong>PARA CONTRATA\u00c7\u00c3O TEMPOR\u00c1RIA<\/strong><\/p>\n<pre style=\"text-align: center\">Publica\u00e7\u00e3o: 11\/08\/2025 \nEncerramento: 13\/08\/2025 \u00e0s 18h\n<\/pre>\n<p style=\"text-align: justify\">O Governo do Estado de Goi\u00e1s, por interm\u00e9dio da Secretaria de Estado da Educa\u00e7\u00e3o, informa que, embora esteja vigente o Processo Seletivo Simplificado regido pelo Edital n\u00ba 020\/2024 \u2013 destinado \u00e0 composi\u00e7\u00e3o de banco de habilitados para contrata\u00e7\u00e3o tempor\u00e1ria de professores \u2013, no \u00e2mbito do <strong>munic\u00edpio de LUZI\u00c2NIA<\/strong>, jurisdicionado \u00e0 Coordena\u00e7\u00e3o Regional de Educa\u00e7\u00e3o de <strong>LUZIANIA<\/strong>, o referido banco encontra-se esgotado para a fun\u00e7\u00e3o de <strong>Professor de F\u00edsica<\/strong><\/p>\n<p style=\"text-align: justify\">Diante da inexist\u00eancia de candidatos habilitados dispon\u00edveis para convoca\u00e7\u00e3o, e considerando a exist\u00eancia de d\u00e9ficit de profissional docente, justificado pelo art. 208 da Lei n\u00ba 13.909\/2001, a Secretaria de Estado da Educa\u00e7\u00e3o deliberou pela ado\u00e7\u00e3o de procedimento emergencial de sele\u00e7\u00e3o curricular, com o objetivo de realizar contrata\u00e7\u00e3o por tempo determinado, de natureza excepcional e urgente, nos termos da Lei Estadual n\u00ba 20.918\/2020.<\/p>\n<p style=\"text-align: justify\">Nesse sentido, a Coordena\u00e7\u00e3o Regional de Educa\u00e7\u00e3o de <strong>LUZIANIA<\/strong> est\u00e1 recebendo curr\u00edculos, exclusivamente por e-mail, para fins de sele\u00e7\u00e3o e contrata\u00e7\u00e3o tempor\u00e1ria de 01 (um) professor de <strong>F\u00edsica<\/strong>, no(a) <strong>CENTRO DE ENSINO EM PER\u00cdODO INTEGRAL OSVALDO DA COSTA MEIRELES<\/strong>. A presente medida visa evitar a interrup\u00e7\u00e3o das atividades escolares e garantir a continuidade do processo de ensino e aprendizagem, resguardando o direito constitucional \u00e0 educa\u00e7\u00e3o dos estudantes da Rede Estadual de Ensino.<\/p>\n<p style=\"text-align: justify\">Os interessados devem encaminhar curr\u00edculo atualizado ao endere\u00e7o eletr\u00f4nico oficial da Assessoria Financeira da CRE de <strong>LUZIANIA afin.luziania@seduc.go.gov.br<\/strong>, informando contatos telef\u00f4nicos e endere\u00e7o de e-mail para retorno.<\/p>\n<p style=\"text-align: justify\">Para a an\u00e1lise dos curr\u00edculos, ser\u00e1 constitu\u00edda comiss\u00e3o espec\u00edfica no \u00e2mbito da Coordena\u00e7\u00e3o Regional de Educa\u00e7\u00e3o de <strong>LUZIANIA<\/strong>, composta por membros desta unidade administrativa, a qual adotar\u00e1 crit\u00e9rios objetivos e ison\u00f4micos na sele\u00e7\u00e3o dos profissionais, assegurando a observ\u00e2ncia dos princ\u00edpios da legalidade, impessoalidade e interesse p\u00fablico.<\/p>\n<p style=\"text-align: justify\">A presente convoca\u00e7\u00e3o emergencial pauta-se nos princ\u00edpios da continuidade do servi\u00e7o p\u00fablico e da supremacia do interesse p\u00fablico, e ser\u00e1 adotada exclusivamente nos casos em que n\u00e3o houver mais candidatos habilitados no banco vigente, conforme previsto no edital e na legisla\u00e7\u00e3o pertinente.<\/p>\n<p style=\"text-align: center\">SEDUC\/GO<\/p>\n<h2 align=\"center\"><strong style=\"color: revert;font-size: revert\">COMUNICADO<\/strong><\/h2>\n<p style=\"text-align: center\"><strong>PARA CONTRATA\u00c7\u00c3O TEMPOR\u00c1RIA<\/strong><\/p>\n<pre style=\"text-align: center\">Publica\u00e7\u00e3o: 11\/08\/2025 \nEncerramento: 13\/08\/2025 \u00e0s 18h\n<\/pre>\n<p style=\"text-align: justify\">O Governo do Estado de Goi\u00e1s, por interm\u00e9dio da Secretaria de Estado da Educa\u00e7\u00e3o, informa que, embora esteja vigente o Processo Seletivo Simplificado regido pelo Edital n\u00ba 020\/2024 \u2013 destinado \u00e0 composi\u00e7\u00e3o de banco de habilitados para contrata\u00e7\u00e3o tempor\u00e1ria de professores \u2013, no \u00e2mbito do <strong>munic\u00edpio de LUZI\u00c2NIA<\/strong>, jurisdicionado \u00e0 Coordena\u00e7\u00e3o Regional de Educa\u00e7\u00e3o de <strong>LUZIANIA<\/strong>, o referido banco encontra-se esgotado para a fun\u00e7\u00e3o de <strong>Professor de F\u00edsica<\/strong><\/p>\n<p style=\"text-align: justify\">Diante da inexist\u00eancia de candidatos habilitados dispon\u00edveis para convoca\u00e7\u00e3o, e considerando a exist\u00eancia de d\u00e9ficit de profissional docente, justificado pelo art. 208 da Lei n\u00ba 13.909\/2001, a Secretaria de Estado da Educa\u00e7\u00e3o deliberou pela ado\u00e7\u00e3o de procedimento emergencial de sele\u00e7\u00e3o curricular, com o objetivo de realizar contrata\u00e7\u00e3o por tempo determinado, de natureza excepcional e urgente, nos termos da Lei Estadual n\u00ba 20.918\/2020.<\/p>\n<p style=\"text-align: justify\">Nesse sentido, a Coordena\u00e7\u00e3o Regional de Educa\u00e7\u00e3o de <strong>LUZIANIA<\/strong> est\u00e1 recebendo curr\u00edculos, exclusivamente por e-mail, para fins de sele\u00e7\u00e3o e contrata\u00e7\u00e3o tempor\u00e1ria de 01 (um) professor de <strong>F\u00edsica<\/strong>, no(a) <strong>COL\u00c9GIO ESTADUAL POSTO IP\u00ca<\/strong>. A presente medida visa evitar a interrup\u00e7\u00e3o das atividades escolares e garantir a continuidade do processo de ensino e aprendizagem, resguardando o direito constitucional \u00e0 educa\u00e7\u00e3o dos estudantes da Rede Estadual de Ensino.<\/p>\n<p style=\"text-align: justify\">Os interessados devem encaminhar curr\u00edculo atualizado ao endere\u00e7o eletr\u00f4nico oficial da Assessoria Financeira da CRE de <strong>LUZIANIA afin.luziania@seduc.go.gov.br<\/strong>, informando contatos telef\u00f4nicos e endere\u00e7o de e-mail para retorno.<\/p>\n<p style=\"text-align: justify\">Para a an\u00e1lise dos curr\u00edculos, ser\u00e1 constitu\u00edda comiss\u00e3o espec\u00edfica no \u00e2mbito da Coordena\u00e7\u00e3o Regional de Educa\u00e7\u00e3o de <strong>LUZIANIA<\/strong>, composta por membros desta unidade administrativa, a qual adotar\u00e1 crit\u00e9rios objetivos e ison\u00f4micos na sele\u00e7\u00e3o dos profissionais, assegurando a observ\u00e2ncia dos princ\u00edpios da legalidade, impessoalidade e interesse p\u00fablico.<\/p>\n<p style=\"text-align: justify\">A presente convoca\u00e7\u00e3o emergencial pauta-se nos princ\u00edpios da continuidade do servi\u00e7o p\u00fablico e da supremacia do interesse p\u00fablico, e ser\u00e1 adotada exclusivamente nos casos em que n\u00e3o houver mais candidatos habilitados no banco vigente, conforme previsto no edital e na legisla\u00e7\u00e3o pertinente.<\/p>\n<p style=\"text-align: center\">SEDUC\/GO<\/p>\n<h2 align=\"center\"><strong style=\"color: revert;font-size: revert\">COMUNICADO<\/strong><\/h2>\n<p style=\"text-align: center\"><strong>PARA CONTRATA\u00c7\u00c3O TEMPOR\u00c1RIA<\/strong><\/p>\n<pre style=\"text-align: center\">Publica\u00e7\u00e3o: 07\/08\/2025 \nEncerramento: 11\/08\/2025 \u00e0s 18h\n<\/pre>\n<p style=\"text-align: justify\">O Governo do Estado de Goi\u00e1s, por interm\u00e9dio da Secretaria de Estado da Educa\u00e7\u00e3o, informa que, embora esteja vigente o Processo Seletivo Simplificado regido pelo Edital n\u00ba 020\/2024 \u2013 destinado \u00e0 composi\u00e7\u00e3o de banco de habilitados para contrata\u00e7\u00e3o tempor\u00e1ria de professores \u2013, no \u00e2mbito do <strong>munic\u00edpio de LUZI\u00c2NIA<\/strong>, jurisdicionado \u00e0 Coordena\u00e7\u00e3o Regional de Educa\u00e7\u00e3o de <strong>LUZIANIA<\/strong>, o referido banco encontra-se esgotado para a fun\u00e7\u00e3o de <strong>Professor de F\u00edsica<\/strong><\/p>\n<p style=\"text-align: justify\">Diante da inexist\u00eancia de candidatos habilitados dispon\u00edveis para convoca\u00e7\u00e3o, e considerando a exist\u00eancia de d\u00e9ficit de profissional docente, justificado pelo art. 208 da Lei n\u00ba 13.909\/2001, a Secretaria de Estado da Educa\u00e7\u00e3o deliberou pela ado\u00e7\u00e3o de procedimento emergencial de sele\u00e7\u00e3o curricular, com o objetivo de realizar contrata\u00e7\u00e3o por tempo determinado, de natureza excepcional e urgente, nos termos da Lei Estadual n\u00ba 20.918\/2020.<\/p>\n<p style=\"text-align: justify\">Nesse sentido, a Coordena\u00e7\u00e3o Regional de Educa\u00e7\u00e3o de <strong>LUZIANIA<\/strong> est\u00e1 recebendo curr\u00edculos, exclusivamente por e-mail, para fins de sele\u00e7\u00e3o e contrata\u00e7\u00e3o tempor\u00e1ria de 01 (um) professor de <strong>F\u00edsica<\/strong>, no(a) <strong>CENTRO DE ENSINO EM PER\u00cdODO INTEGRAL ESTER DA CUNHA PERES<\/strong>. A presente medida visa evitar a interrup\u00e7\u00e3o das atividades escolares e garantir a continuidade do processo de ensino e aprendizagem, resguardando o direito constitucional \u00e0 educa\u00e7\u00e3o dos estudantes da Rede Estadual de Ensino.<\/p>\n<p style=\"text-align: justify\">Os interessados devem encaminhar curr\u00edculo atualizado ao endere\u00e7o eletr\u00f4nico oficial da Assessoria Financeira da CRE de <strong>LUZIANIA afin.luziania@seduc.go.gov.br<\/strong>, informando contatos telef\u00f4nicos e endere\u00e7o de e-mail para retorno.<\/p>\n<p style=\"text-align: justify\">Para a an\u00e1lise dos curr\u00edculos, ser\u00e1 constitu\u00edda comiss\u00e3o espec\u00edfica no \u00e2mbito da Coordena\u00e7\u00e3o Regional de Educa\u00e7\u00e3o de <strong>LUZIANIA<\/strong>, composta por membros desta unidade administrativa, a qual adotar\u00e1 crit\u00e9rios objetivos e ison\u00f4micos na sele\u00e7\u00e3o dos profissionais, assegurando a observ\u00e2ncia dos princ\u00edpios da legalidade, impessoalidade e interesse p\u00fablico.<\/p>\n<p style=\"text-align: justify\">A presente convoca\u00e7\u00e3o emergencial pauta-se nos princ\u00edpios da continuidade do servi\u00e7o p\u00fablico e da supremacia do interesse p\u00fablico, e ser\u00e1 adotada exclusivamente nos casos em que n\u00e3o houver mais candidatos habilitados no banco vigente, conforme previsto no edital e na legisla\u00e7\u00e3o pertinente.<\/p>\n<p style=\"text-align: center\">SEDUC\/GO<\/p>\n<h2 align=\"center\"><strong style=\"color: revert;font-size: revert\">COMUNICADO<\/strong><\/h2>\n<p style=\"text-align: center\"><strong>PARA CONTRATA\u00c7\u00c3O TEMPOR\u00c1RIA<\/strong><\/p>\n<pre style=\"text-align: center\">Publica\u00e7\u00e3o: 05\/08\/2025 \nEncerramento: 07\/08\/2025 \u00e0s 18h\n<\/pre>\n<p style=\"text-align: justify\">O Governo do Estado de Goi\u00e1s, por interm\u00e9dio da Secretaria de Estado da Educa\u00e7\u00e3o, informa que, embora esteja vigente o Processo Seletivo Simplificado regido pelo Edital n\u00ba 020\/2024 \u2013 destinado \u00e0 composi\u00e7\u00e3o de banco de habilitados para contrata\u00e7\u00e3o tempor\u00e1ria de professores \u2013, no \u00e2mbito do <strong>munic\u00edpio de LUZI\u00c2NIA<\/strong>, jurisdicionado \u00e0 Coordena\u00e7\u00e3o Regional de Educa\u00e7\u00e3o de <strong>LUZIANIA<\/strong>, o referido banco encontra-se esgotado para a fun\u00e7\u00e3o de <strong>Professor de L\u00edngua Inglesa<\/strong><\/p>\n<p style=\"text-align: justify\">Diante da inexist\u00eancia de candidatos habilitados dispon\u00edveis para convoca\u00e7\u00e3o, e considerando a exist\u00eancia de d\u00e9ficit de profissional docente, justificado pelo art. 208 da Lei n\u00ba 13.909\/2001, a Secretaria de Estado da Educa\u00e7\u00e3o deliberou pela ado\u00e7\u00e3o de procedimento emergencial de sele\u00e7\u00e3o curricular, com o objetivo de realizar contrata\u00e7\u00e3o por tempo determinado, de natureza excepcional e urgente, nos termos da Lei Estadual n\u00ba 20.918\/2020.<\/p>\n<p style=\"text-align: justify\">Nesse sentido, a Coordena\u00e7\u00e3o Regional de Educa\u00e7\u00e3o de <strong>LUZIANIA<\/strong> est\u00e1 recebendo curr\u00edculos, exclusivamente por e-mail, para fins de sele\u00e7\u00e3o e contrata\u00e7\u00e3o tempor\u00e1ria de 01 (um) professor de <strong>L\u00edngua Inglesa<\/strong>, no(a) <strong>COL\u00c9GIO ESTADUAL PROFESSORA HELENA LUZIA RODRIGUES DE QUEIROZ<\/strong>. A presente medida visa evitar a interrup\u00e7\u00e3o das atividades escolares e garantir a continuidade do processo de ensino e aprendizagem, resguardando o direito constitucional \u00e0 educa\u00e7\u00e3o dos estudantes da Rede Estadual de Ensino.<\/p>\n<p style=\"text-align: justify\">Os interessados devem encaminhar curr\u00edculo atualizado ao endere\u00e7o eletr\u00f4nico oficial da Assessoria Financeira da CRE de <strong>LUZIANIA afin.luziania@seduc.go.gov.br<\/strong>, informando contatos telef\u00f4nicos e endere\u00e7o de e-mail para retorno.<\/p>\n<p style=\"text-align: justify\">Para a an\u00e1lise dos curr\u00edculos, ser\u00e1 constitu\u00edda comiss\u00e3o espec\u00edfica no \u00e2mbito da Coordena\u00e7\u00e3o Regional de Educa\u00e7\u00e3o de <strong>LUZIANIA<\/strong>, composta por membros desta unidade administrativa, a qual adotar\u00e1 crit\u00e9rios objetivos e ison\u00f4micos na sele\u00e7\u00e3o dos profissionais, assegurando a observ\u00e2ncia dos princ\u00edpios da legalidade, impessoalidade e interesse p\u00fablico.<\/p>\n<p style=\"text-align: justify\">A presente convoca\u00e7\u00e3o emergencial pauta-se nos princ\u00edpios da continuidade do servi\u00e7o p\u00fablico e da supremacia do interesse p\u00fablico, e ser\u00e1 adotada exclusivamente nos casos em que n\u00e3o houver mais candidatos habilitados no banco vigente, conforme previsto no edital e na legisla\u00e7\u00e3o pertinente.<\/p>\n<p style=\"text-align: center\">SEDUC\/GO<\/p>\n<h2 align=\"center\"><strong style=\"color: revert;font-size: revert\">COMUNICADO<\/strong><\/h2>\n<p style=\"text-align: center\"><strong>PARA CONTRATA\u00c7\u00c3O TEMPOR\u00c1RIA<\/strong><\/p>\n<pre style=\"text-align: center\">Publica\u00e7\u00e3o: 05\/08\/2025 \nEncerramento: 07\/08\/2025 \u00e0s 18h\n<\/pre>\n<p style=\"text-align: justify\">O Governo do Estado de Goi\u00e1s, por interm\u00e9dio da Secretaria de Estado da Educa\u00e7\u00e3o, informa que, embora esteja vigente o Processo Seletivo Simplificado regido pelo Edital n\u00ba 020\/2024 \u2013 destinado \u00e0 composi\u00e7\u00e3o de banco de habilitados para contrata\u00e7\u00e3o tempor\u00e1ria de professores \u2013, no \u00e2mbito do <strong>munic\u00edpio de LUZI\u00c2NIA<\/strong>, jurisdicionado \u00e0 Coordena\u00e7\u00e3o Regional de Educa\u00e7\u00e3o de <strong>LUZIANIA<\/strong>, o referido banco encontra-se esgotado para a fun\u00e7\u00e3o de <strong>Professor de L\u00edngua Inglesa<\/strong><\/p>\n<p style=\"text-align: justify\">Diante da inexist\u00eancia de candidatos habilitados dispon\u00edveis para convoca\u00e7\u00e3o, e considerando a exist\u00eancia de d\u00e9ficit de profissional docente, justificado pelo art. 208 da Lei n\u00ba 13.909\/2001, a Secretaria de Estado da Educa\u00e7\u00e3o deliberou pela ado\u00e7\u00e3o de procedimento emergencial de sele\u00e7\u00e3o curricular, com o objetivo de realizar contrata\u00e7\u00e3o por tempo determinado, de natureza excepcional e urgente, nos termos da Lei Estadual n\u00ba 20.918\/2020.<\/p>\n<p style=\"text-align: justify\">Nesse sentido, a Coordena\u00e7\u00e3o Regional de Educa\u00e7\u00e3o de <strong>LUZIANIA<\/strong> est\u00e1 recebendo curr\u00edculos, exclusivamente por e-mail, para fins de sele\u00e7\u00e3o e contrata\u00e7\u00e3o tempor\u00e1ria de 01 (um) professor de <strong>L\u00edngua Inglesa<\/strong>, no(a) <strong>COL\u00c9GIO ESTADUAL DA POL\u00cdCIA MILITAR DE GOI\u00c1S &#8211; ELY DA SILVA BRAZ<\/strong>. A presente medida visa evitar a interrup\u00e7\u00e3o das atividades escolares e garantir a continuidade do processo de ensino e aprendizagem, resguardando o direito constitucional \u00e0 educa\u00e7\u00e3o dos estudantes da Rede Estadual de Ensino.<\/p>\n<p style=\"text-align: justify\">Os interessados devem encaminhar curr\u00edculo atualizado ao endere\u00e7o eletr\u00f4nico oficial da Assessoria Financeira da CRE de <strong>LUZIANIA afin.luziania@seduc.go.gov.br<\/strong>, informando contatos telef\u00f4nicos e endere\u00e7o de e-mail para retorno.<\/p>\n<p style=\"text-align: justify\">Para a an\u00e1lise dos curr\u00edculos, ser\u00e1 constitu\u00edda comiss\u00e3o espec\u00edfica no \u00e2mbito da Coordena\u00e7\u00e3o Regional de Educa\u00e7\u00e3o de <strong>LUZIANIA<\/strong>, composta por membros desta unidade administrativa, a qual adotar\u00e1 crit\u00e9rios objetivos e ison\u00f4micos na sele\u00e7\u00e3o dos profissionais, assegurando a observ\u00e2ncia dos princ\u00edpios da legalidade, impessoalidade e interesse p\u00fablico.<\/p>\n<p style=\"text-align: justify\">A presente convoca\u00e7\u00e3o emergencial pauta-se nos princ\u00edpios da continuidade do servi\u00e7o p\u00fablico e da supremacia do interesse p\u00fablico, e ser\u00e1 adotada exclusivamente nos casos em que n\u00e3o houver mais candidatos habilitados no banco vigente, conforme previsto no edital e na legisla\u00e7\u00e3o pertinente.<\/p>\n<p style=\"text-align: center\">SEDUC\/GO<\/p>\n<h2 align=\"center\"><strong style=\"color: revert;font-size: revert\">COMUNICADO<\/strong><\/h2>\n<p style=\"text-align: center\"><strong>PARA CONTRATA\u00c7\u00c3O TEMPOR\u00c1RIA<\/strong><\/p>\n<pre style=\"text-align: center\">Publica\u00e7\u00e3o: 05\/08\/2025 \nEncerramento: 07\/08\/2025 \u00e0s 18h\n<\/pre>\n<p style=\"text-align: justify\">O Governo do Estado de Goi\u00e1s, por interm\u00e9dio da Secretaria de Estado da Educa\u00e7\u00e3o, informa que, embora esteja vigente o Processo Seletivo Simplificado regido pelo Edital n\u00ba 020\/2024 \u2013 destinado \u00e0 composi\u00e7\u00e3o de banco de habilitados para contrata\u00e7\u00e3o tempor\u00e1ria de professores \u2013, no \u00e2mbito do <strong>munic\u00edpio de LUZI\u00c2NIA<\/strong>, jurisdicionado \u00e0 Coordena\u00e7\u00e3o Regional de Educa\u00e7\u00e3o de <strong>LUZIANIA<\/strong>, o referido banco encontra-se esgotado para a fun\u00e7\u00e3o de <strong>Professor de L\u00edngua Inglesa<\/strong><\/p>\n<p style=\"text-align: justify\">Diante da inexist\u00eancia de candidatos habilitados dispon\u00edveis para convoca\u00e7\u00e3o, e considerando a exist\u00eancia de d\u00e9ficit de profissional docente, justificado pelo art. 208 da Lei n\u00ba 13.909\/2001, a Secretaria de Estado da Educa\u00e7\u00e3o deliberou pela ado\u00e7\u00e3o de procedimento emergencial de sele\u00e7\u00e3o curricular, com o objetivo de realizar contrata\u00e7\u00e3o por tempo determinado, de natureza excepcional e urgente, nos termos da Lei Estadual n\u00ba 20.918\/2020.<\/p>\n<p style=\"text-align: justify\">Nesse sentido, a Coordena\u00e7\u00e3o Regional de Educa\u00e7\u00e3o de <strong>LUZIANIA<\/strong> est\u00e1 recebendo curr\u00edculos, exclusivamente por e-mail, para fins de sele\u00e7\u00e3o e contrata\u00e7\u00e3o tempor\u00e1ria de 01 (um) professor de <strong>L\u00edngua Inglesa<\/strong>, no(a) <strong>COL\u00c9GIO ESTADUAL PROFESSORA MARIA PEREIRA VASCONCELOS<\/strong>. A presente medida visa evitar a interrup\u00e7\u00e3o das atividades escolares e garantir a continuidade do processo de ensino e aprendizagem, resguardando o direito constitucional \u00e0 educa\u00e7\u00e3o dos estudantes da Rede Estadual de Ensino.<\/p>\n<p style=\"text-align: justify\">Os interessados devem encaminhar curr\u00edculo atualizado ao endere\u00e7o eletr\u00f4nico oficial da Assessoria Financeira da CRE de <strong>LUZIANIA afin.luziania@seduc.go.gov.br<\/strong>, informando contatos telef\u00f4nicos e endere\u00e7o de e-mail para retorno.<\/p>\n<p style=\"text-align: justify\">Para a an\u00e1lise dos curr\u00edculos, ser\u00e1 constitu\u00edda comiss\u00e3o espec\u00edfica no \u00e2mbito da Coordena\u00e7\u00e3o Regional de Educa\u00e7\u00e3o de <strong>LUZIANIA<\/strong>, composta por membros desta unidade administrativa, a qual adotar\u00e1 crit\u00e9rios objetivos e ison\u00f4micos na sele\u00e7\u00e3o dos profissionais, assegurando a observ\u00e2ncia dos princ\u00edpios da legalidade, impessoalidade e interesse p\u00fablico.<\/p>\n<p style=\"text-align: justify\">A presente convoca\u00e7\u00e3o emergencial pauta-se nos princ\u00edpios da continuidade do servi\u00e7o p\u00fablico e da supremacia do interesse p\u00fablico, e ser\u00e1 adotada exclusivamente nos casos em que n\u00e3o houver mais candidatos habilitados no banco vigente, conforme previsto no edital e na legisla\u00e7\u00e3o pertinente.<\/p>\n<p style=\"text-align: center\">SEDUC\/GO<\/p>\n<h2 align=\"center\"><strong style=\"color: revert;font-size: revert\">COMUNICADO<\/strong><\/h2>\n<p style=\"text-align: center\"><strong>PARA CONTRATA\u00c7\u00c3O TEMPOR\u00c1RIA<\/strong><\/p>\n<pre style=\"text-align: center\">Publica\u00e7\u00e3o: 05\/08\/2025 \nEncerramento: 07\/08\/2025 \u00e0s 18h\n<\/pre>\n<p style=\"text-align: justify\">O Governo do Estado de Goi\u00e1s, por interm\u00e9dio da Secretaria de Estado da Educa\u00e7\u00e3o, informa que, embora esteja vigente o Processo Seletivo Simplificado regido pelo Edital n\u00ba 020\/2024 \u2013 destinado \u00e0 composi\u00e7\u00e3o de banco de habilitados para contrata\u00e7\u00e3o tempor\u00e1ria de professores \u2013, no \u00e2mbito do <strong>munic\u00edpio de LUZI\u00c2NIA<\/strong>, jurisdicionado \u00e0 Coordena\u00e7\u00e3o Regional de Educa\u00e7\u00e3o de <strong>LUZIANIA<\/strong>, o referido banco encontra-se esgotado para a fun\u00e7\u00e3o de <strong>Professor de L\u00edngua Inglesa<\/strong><\/p>\n<p style=\"text-align: justify\">Diante da inexist\u00eancia de candidatos habilitados dispon\u00edveis para convoca\u00e7\u00e3o, e considerando a exist\u00eancia de d\u00e9ficit de profissional docente, justificado pelo art. 208 da Lei n\u00ba 13.909\/2001, a Secretaria de Estado da Educa\u00e7\u00e3o deliberou pela ado\u00e7\u00e3o de procedimento emergencial de sele\u00e7\u00e3o curricular, com o objetivo de realizar contrata\u00e7\u00e3o por tempo determinado, de natureza excepcional e urgente, nos termos da Lei Estadual n\u00ba 20.918\/2020.<\/p>\n<p style=\"text-align: justify\">Nesse sentido, a Coordena\u00e7\u00e3o Regional de Educa\u00e7\u00e3o de <strong>LUZIANIA<\/strong> est\u00e1 recebendo curr\u00edculos, exclusivamente por e-mail, para fins de sele\u00e7\u00e3o e contrata\u00e7\u00e3o tempor\u00e1ria de 01 (um) professor de <strong>L\u00edngua Inglesa<\/strong>, no(a) <strong>COL\u00c9GIO ESTADUAL PROFESSORA LOURDES DE OLIVEIRA SAMPAIO<\/strong>. A presente medida visa evitar a interrup\u00e7\u00e3o das atividades escolares e garantir a continuidade do processo de ensino e aprendizagem, resguardando o direito constitucional \u00e0 educa\u00e7\u00e3o dos estudantes da Rede Estadual de Ensino.<\/p>\n<p style=\"text-align: justify\">Os interessados devem encaminhar curr\u00edculo atualizado ao endere\u00e7o eletr\u00f4nico oficial da Assessoria Financeira da CRE de <strong>LUZIANIA afin.luziania@seduc.go.gov.br<\/strong>, informando contatos telef\u00f4nicos e endere\u00e7o de e-mail para retorno.<\/p>\n<p style=\"text-align: justify\">Para a an\u00e1lise dos curr\u00edculos, ser\u00e1 constitu\u00edda comiss\u00e3o espec\u00edfica no \u00e2mbito da Coordena\u00e7\u00e3o Regional de Educa\u00e7\u00e3o de <strong>LUZIANIA<\/strong>, composta por membros desta unidade administrativa, a qual adotar\u00e1 crit\u00e9rios objetivos e ison\u00f4micos na sele\u00e7\u00e3o dos profissionais, assegurando a observ\u00e2ncia dos princ\u00edpios da legalidade, impessoalidade e interesse p\u00fablico.<\/p>\n<p style=\"text-align: justify\">A presente convoca\u00e7\u00e3o emergencial pauta-se nos princ\u00edpios da continuidade do servi\u00e7o p\u00fablico e da supremacia do interesse p\u00fablico, e ser\u00e1 adotada exclusivamente nos casos em que n\u00e3o houver mais candidatos habilitados no banco vigente, conforme previsto no edital e na legisla\u00e7\u00e3o pertinente.<\/p>\n<p style=\"text-align: center\">SEDUC\/GO<\/p>\n<h2 align=\"center\"><strong style=\"color: revert;font-size: revert\">COMUNICADO<\/strong><\/h2>\n<p style=\"text-align: center\"><strong>PARA CONTRATA\u00c7\u00c3O TEMPOR\u00c1RIA<\/strong><\/p>\n<pre style=\"text-align: center\">Publica\u00e7\u00e3o: 05\/08\/2025 \nEncerramento: 07\/08\/2025 \u00e0s 18h\n<\/pre>\n<p style=\"text-align: justify\">O Governo do Estado de Goi\u00e1s, por interm\u00e9dio da Secretaria de Estado da Educa\u00e7\u00e3o, informa que, embora esteja vigente o Processo Seletivo Simplificado regido pelo Edital n\u00ba 020\/2024 \u2013 destinado \u00e0 composi\u00e7\u00e3o de banco de habilitados para contrata\u00e7\u00e3o tempor\u00e1ria de professores \u2013, no \u00e2mbito do <strong>munic\u00edpio de LUZI\u00c2NIA<\/strong>, jurisdicionado \u00e0 Coordena\u00e7\u00e3o Regional de Educa\u00e7\u00e3o de <strong>LUZIANIA<\/strong>, o referido banco encontra-se esgotado para a fun\u00e7\u00e3o de <strong>Professor de L\u00edngua Inglesa<\/strong><\/p>\n<p style=\"text-align: justify\">Diante da inexist\u00eancia de candidatos habilitados dispon\u00edveis para convoca\u00e7\u00e3o, e considerando a exist\u00eancia de d\u00e9ficit de profissional docente, justificado pelo art. 208 da Lei n\u00ba 13.909\/2001, a Secretaria de Estado da Educa\u00e7\u00e3o deliberou pela ado\u00e7\u00e3o de procedimento emergencial de sele\u00e7\u00e3o curricular, com o objetivo de realizar contrata\u00e7\u00e3o por tempo determinado, de natureza excepcional e urgente, nos termos da Lei Estadual n\u00ba 20.918\/2020.<\/p>\n<p style=\"text-align: justify\">Nesse sentido, a Coordena\u00e7\u00e3o Regional de Educa\u00e7\u00e3o de <strong>LUZIANIA<\/strong> est\u00e1 recebendo curr\u00edculos, exclusivamente por e-mail, para fins de sele\u00e7\u00e3o e contrata\u00e7\u00e3o tempor\u00e1ria de 01 (um) professor de <strong>L\u00edngua Inglesa<\/strong>, no(a) <strong>COL\u00c9GIO ESTADUAL PADRE D\u00c1RIO DE ROMEDIS<\/strong>. A presente medida visa evitar a interrup\u00e7\u00e3o das atividades escolares e garantir a continuidade do processo de ensino e aprendizagem, resguardando o direito constitucional \u00e0 educa\u00e7\u00e3o dos estudantes da Rede Estadual de Ensino.<\/p>\n<p style=\"text-align: justify\">Os interessados devem encaminhar curr\u00edculo atualizado ao endere\u00e7o eletr\u00f4nico oficial da Assessoria Financeira da CRE de <strong>LUZIANIA afin.luziania@seduc.go.gov.br<\/strong>, informando contatos telef\u00f4nicos e endere\u00e7o de e-mail para retorno.<\/p>\n<p style=\"text-align: justify\">Para a an\u00e1lise dos curr\u00edculos, ser\u00e1 constitu\u00edda comiss\u00e3o espec\u00edfica no \u00e2mbito da Coordena\u00e7\u00e3o Regional de Educa\u00e7\u00e3o de <strong>LUZIANIA<\/strong>, composta por membros desta unidade administrativa, a qual adotar\u00e1 crit\u00e9rios objetivos e ison\u00f4micos na sele\u00e7\u00e3o dos profissionais, assegurando a observ\u00e2ncia dos princ\u00edpios da legalidade, impessoalidade e interesse p\u00fablico.<\/p>\n<p style=\"text-align: justify\">A presente convoca\u00e7\u00e3o emergencial pauta-se nos princ\u00edpios da continuidade do servi\u00e7o p\u00fablico e da supremacia do interesse p\u00fablico, e ser\u00e1 adotada exclusivamente nos casos em que n\u00e3o houver mais candidatos habilitados no banco vigente, conforme previsto no edital e na legisla\u00e7\u00e3o pertinente.<\/p>\n<p style=\"text-align: center\">SEDUC\/GO<\/p>\n<h2 style=\"text-align: center\"><strong>COMUNICADO<\/strong><\/h2>\n<p style=\"text-align: center\"><strong>PARA CONTRATA\u00c7\u00c3O TEMPOR\u00c1RIA<\/strong><\/p>\n<pre style=\"text-align: center\">Publica\u00e7\u00e3o: 04\/08\/2025\nEncerramento: 06\/08\/2025 \u00e0s 18h<\/pre>\n<p style=\"text-align: justify\" data-c=\"13\">O Governo do Estado de Goi\u00e1s, por interm\u00e9dio da Secretaria de Estado da Educa\u00e7\u00e3o, informa que, embora esteja vigente o Processo Seletivo Simplificado regido pelo Edital n\u00ba 020\/2024 \u2013 destinado \u00e0 composi\u00e7\u00e3o de banco de habilitados para contrata\u00e7\u00e3o tempor\u00e1ria de professores \u2013, no \u00e2mbito do\u00a0<strong>munic\u00edpio de Luzi\u00e2nia<\/strong>, jurisdicionado \u00e0\u00a0<strong>Coordena\u00e7\u00e3o Regional de Educa\u00e7\u00e3o (CRE) de Luzi\u00e2nia<\/strong>, o referido banco encontra-se esgotado para a fun\u00e7\u00e3o de<strong> professor de L\u00edngua Inglesa<\/strong>.<\/p>\n<p style=\"text-align: justify\" data-c=\"14\">Diante da inexist\u00eancia de candidatos habilitados dispon\u00edveis para convoca\u00e7\u00e3o, e considerando a exist\u00eancia de d\u00e9ficit de profissional docente, justificado pelo art. 208 da Lei n\u00ba 13.909\/2001, a Secretaria de Estado da Educa\u00e7\u00e3o deliberou pela ado\u00e7\u00e3o de procedimento emergencial de sele\u00e7\u00e3o curricular, com o objetivo de realizar contrata\u00e7\u00e3o por tempo determinado, de natureza excepcional e urgente, nos termos da Lei Estadual n\u00ba 20.918\/2020.<\/p>\n<p style=\"text-align: justify\" data-c=\"15\">Nesse sentido, a Coordena\u00e7\u00e3o Regional de Educa\u00e7\u00e3o de\u00a0<strong>Luzi\u00e2nia<\/strong>\u00a0est\u00e1 recebendo curr\u00edculos, exclusivamente por e-mail, para fins de sele\u00e7\u00e3o e contrata\u00e7\u00e3o tempor\u00e1ria de\u00a0<strong>01 (um) professor de L\u00edngua Inglesa, <\/strong>no<strong> Col\u00e9gio Estadual Vasco dos Reis Gon\u00e7alves<\/strong>. A presente medida visa evitar a interrup\u00e7\u00e3o das atividades escolares e garantir a continuidade do processo de ensino e aprendizagem, resguardando o direito constitucional \u00e0 educa\u00e7\u00e3o dos estudantes da Rede Estadual de Ensino.<\/p>\n<p style=\"text-align: justify\" data-c=\"16\">Os interessados devem encaminhar curr\u00edculo atualizado ao endere\u00e7o eletr\u00f4nico oficial da Assessoria Financeira da CRE de Luzi\u00e2nia (<strong>afin.luziania@seduc.go.gov.br<\/strong>), informando contatos telef\u00f4nicos e endere\u00e7o de e-mail para retorno.<\/p>\n<p style=\"text-align: justify\" data-c=\"17\">Para a an\u00e1lise dos curr\u00edculos, ser\u00e1 constitu\u00edda comiss\u00e3o espec\u00edfica no \u00e2mbito da Coordena\u00e7\u00e3o Regional de Educa\u00e7\u00e3o\u00a0<strong>de Luzi\u00e2nia<\/strong>, composta por membros desta unidade administrativa, a qual adotar\u00e1 crit\u00e9rios objetivos e ison\u00f4micos na sele\u00e7\u00e3o dos profissionais, assegurando a observ\u00e2ncia dos princ\u00edpios da legalidade, impessoalidade e interesse p\u00fablico.<\/p>\n<p style=\"text-align: justify\" data-c=\"18\">A presente convoca\u00e7\u00e3o emergencial pauta-se nos princ\u00edpios da continuidade do servi\u00e7o p\u00fablico e da supremacia do interesse p\u00fablico, e ser\u00e1 adotada exclusivamente nos casos em que n\u00e3o houver mais candidatos habilitados no banco vigente, conforme previsto no edital e na legisla\u00e7\u00e3o pertinente.<\/p>\n<p class=\"Tabela_Texto_Centralizado\" style=\"text-align: center\">SEDUC\/GO<\/p>\n<hr \/>\n<h2 style=\"text-align: center\"><strong>COMUNICADO<\/strong><\/h2>\n<p style=\"text-align: center\"><strong>PARA CONTRATA\u00c7\u00c3O TEMPOR\u00c1RIA<\/strong><\/p>\n<pre style=\"text-align: center\">Publica\u00e7\u00e3o: 04\/08\/2025\nEncerramento: 06\/08\/2025 \u00e0s 18h<\/pre>\n<p style=\"text-align: justify\" data-c=\"13\">O Governo do Estado de Goi\u00e1s, por interm\u00e9dio da Secretaria de Estado da Educa\u00e7\u00e3o, informa que, embora esteja vigente o Processo Seletivo Simplificado regido pelo Edital n\u00ba 020\/2024 \u2013 destinado \u00e0 composi\u00e7\u00e3o de banco de habilitados para contrata\u00e7\u00e3o tempor\u00e1ria de professores \u2013, no \u00e2mbito do\u00a0<strong>munic\u00edpio de Luzi\u00e2nia<\/strong>, jurisdicionado \u00e0\u00a0<strong>Coordena\u00e7\u00e3o Regional de Educa\u00e7\u00e3o (CRE) de Luzi\u00e2nia<\/strong>, o referido banco encontra-se esgotado para a fun\u00e7\u00e3o de<strong>\u00a0professor Int\u00e9rprete de Libras<\/strong>.<\/p>\n<p style=\"text-align: justify\" data-c=\"14\">Diante da inexist\u00eancia de candidatos habilitados dispon\u00edveis para convoca\u00e7\u00e3o, e considerando a exist\u00eancia de d\u00e9ficit de profissional docente, justificado pelo art. 208 da Lei n\u00ba 13.909\/2001, a Secretaria de Estado da Educa\u00e7\u00e3o deliberou pela ado\u00e7\u00e3o de procedimento emergencial de sele\u00e7\u00e3o curricular, com o objetivo de realizar contrata\u00e7\u00e3o por tempo determinado, de natureza excepcional e urgente, nos termos da Lei Estadual n\u00ba 20.918\/2020.<\/p>\n<p style=\"text-align: justify\" data-c=\"15\">Nesse sentido, a Coordena\u00e7\u00e3o Regional de Educa\u00e7\u00e3o de\u00a0<strong>Luzi\u00e2nia<\/strong>\u00a0est\u00e1 recebendo curr\u00edculos, exclusivamente por e-mail, para fins de sele\u00e7\u00e3o e contrata\u00e7\u00e3o tempor\u00e1ria de\u00a0<strong>01 (um) professor Int\u00e9rprete de Libras,\u00a0<\/strong>no<strong>\u00a0Col\u00e9gio Estadual Professora Lourdes de Oliveira Sampaio<\/strong>. A presente medida visa evitar a interrup\u00e7\u00e3o das atividades escolares e garantir a continuidade do processo de ensino e aprendizagem, resguardando o direito constitucional \u00e0 educa\u00e7\u00e3o dos estudantes da Rede Estadual de Ensino.<\/p>\n<p style=\"text-align: justify\" data-c=\"16\">Os interessados devem encaminhar curr\u00edculo atualizado ao endere\u00e7o eletr\u00f4nico oficial da Assessoria Financeira da CRE de Luzi\u00e2nia (<strong>afin.luziania@seduc.go.gov.br<\/strong>), informando contatos telef\u00f4nicos e endere\u00e7o de e-mail para retorno.<\/p>\n<p style=\"text-align: justify\" data-c=\"17\">Para a an\u00e1lise dos curr\u00edculos, ser\u00e1 constitu\u00edda comiss\u00e3o espec\u00edfica no \u00e2mbito da Coordena\u00e7\u00e3o Regional de Educa\u00e7\u00e3o\u00a0<strong>de Luzi\u00e2nia<\/strong>, composta por membros desta unidade administrativa, a qual adotar\u00e1 crit\u00e9rios objetivos e ison\u00f4micos na sele\u00e7\u00e3o dos profissionais, assegurando a observ\u00e2ncia dos princ\u00edpios da legalidade, impessoalidade e interesse p\u00fablico.<\/p>\n<p style=\"text-align: justify\" data-c=\"18\">A presente convoca\u00e7\u00e3o emergencial pauta-se nos princ\u00edpios da continuidade do servi\u00e7o p\u00fablico e da supremacia do interesse p\u00fablico, e ser\u00e1 adotada exclusivamente nos casos em que n\u00e3o houver mais candidatos habilitados no banco vigente, conforme previsto no edital e na legisla\u00e7\u00e3o pertinente.<\/p>\n<p class=\"Tabela_Texto_Centralizado\" style=\"text-align: center\">SEDUC\/GO<\/p>\n<hr \/>\n<h2 style=\"text-align: center\"><strong>COMUNICADO<\/strong><\/h2>\n<p style=\"text-align: center\"><strong>PARA CONTRATA\u00c7\u00c3O TEMPOR\u00c1RIA<\/strong><\/p>\n<pre style=\"text-align: center\">Publica\u00e7\u00e3o: 06\/11\/2024\nEncerramento: 08\/11\/2024 \u00e0s 18h<\/pre>\n<h4 style=\"text-align: center\"><strong><span style=\"color: #ff0000\">ENCERRADO<\/span><\/strong><\/h4>\n<p class=\"Texto_Justificado\" style=\"text-align: justify\">O Governo do Estado de Goi\u00e1s, atrav\u00e9s da Secretaria de Estado da Educa\u00e7\u00e3o, diante da inexist\u00eancia de Processo Seletivo Simplificado vigente no \u00e2mbito desta Pasta e considerando a exist\u00eancia de d\u00e9ficits de professores nas unidades escolares pertencentes ao\u00a0<strong>munic\u00edpio de Luzi\u00e2nia<\/strong>, jurisdicionado \u00e0 Coordena\u00e7\u00e3o Regional de Educa\u00e7\u00e3o (CRE) de\u00a0Luzi\u00e2nia, informa que est\u00e1 recebendo curr\u00edculos, para sele\u00e7\u00e3o e contrata\u00e7\u00e3o tempor\u00e1ria com natureza emergencial para atender aos interesses da Administra\u00e7\u00e3o:\u00a0<strong>01 (um) professor para ministra<\/strong><strong>r 32 (trinta e duas) aulas semanais de Portugu\u00eas e disciplinas afins, nos turnos matutino e vespertino no Col\u00e9gio Estadual C\u00f4nego Ramiro<\/strong><strong>,<\/strong>\u00a0visando afastar eventuais preju\u00edzos educacionais e\/ou pedag\u00f3gicos aos estudantes da Rede Estadual de Educa\u00e7\u00e3o de Goi\u00e1s.<\/p>\n<p class=\"Texto_Justificado\" style=\"text-align: justify\">A presente convoca\u00e7\u00e3o justifica-se por d\u00e9ficit causado por concess\u00e3o de aposentadoria a(o) professor(a) titular.<\/p>\n<p class=\"Texto_Justificado\" style=\"text-align: justify\">Os interessados devem encaminhar Curr\u00edculo ao e-mail oficial da Assessoria Financeira da Coordena\u00e7\u00e3o Regional de Educa\u00e7\u00e3o de\u00a0Luzi\u00e2nia\u00a0(afin.luziania@seduc.go.gov.br), contendo os contatos telef\u00f4nicos e endere\u00e7os de e-mail para correspond\u00eancias eletr\u00f4nicas, e ainda, que no campo Assunto do e-mail, seja informada a Unidade Escolar e a disciplina da vaga pleiteada.<\/p>\n<p class=\"Texto_Justificado_Esp15\" style=\"text-align: justify\">Oportunamente esclarece, que a Coordena\u00e7\u00e3o Regional de Educa\u00e7\u00e3o de\u00a0Luzi\u00e2nia\u00a0instituir\u00e1 comiss\u00e3o pr\u00f3pria para as an\u00e1lises curriculares, que ser\u00e1 composta por membros da CRE, objetivando assim, a ado\u00e7\u00e3o de medidas e provid\u00eancias pertinentes ao suprimento de todos os d\u00e9ficits de professores existentes na Rede Estadual de Educa\u00e7\u00e3o de Goi\u00e1s, que garantam os servi\u00e7os prestados \u00e0 comunidade goiana.<\/p>\n<p class=\"Tabela_Texto_Centralizado\" style=\"text-align: center\">SEDUC\/GO<\/p>\n<hr \/>\n<h2 style=\"text-align: center\"><strong>COMUNICADO<\/strong><\/h2>\n<p style=\"text-align: center\"><strong>PARA CONTRATA\u00c7\u00c3O TEMPOR\u00c1RIA<\/strong><\/p>\n<pre style=\"text-align: center\">Publica\u00e7\u00e3o: 06\/11\/2024\nEncerramento: 08\/11\/2024 \u00e0s 18h<\/pre>\n<h4 style=\"text-align: center\"><strong><span style=\"color: #ff0000\">ENCERRADO<\/span><\/strong><\/h4>\n<p class=\"Texto_Justificado\" style=\"text-align: justify\">O Governo do Estado de Goi\u00e1s, atrav\u00e9s da Secretaria de Estado da Educa\u00e7\u00e3o, diante da inexist\u00eancia de Processo Seletivo Simplificado vigente no \u00e2mbito desta Pasta e considerando a exist\u00eancia de d\u00e9ficits de professores nas unidades escolares pertencentes ao<strong>\u00a0munic\u00edpio de\u00a0Luzi\u00e2nia<\/strong>, jurisdicionado \u00e0 Coordena\u00e7\u00e3o Regional de Educa\u00e7\u00e3o (CRE) de\u00a0Luzi\u00e2nia, informa que est\u00e1 recebendo curr\u00edculos, para sele\u00e7\u00e3o e contrata\u00e7\u00e3o tempor\u00e1ria com natureza emergencial para atender aos interesses da Administra\u00e7\u00e3o:\u00a0<strong>01 (um) professor para ministra<\/strong><strong>r\u00a032 (trinta e duas) aulas semanais de Ci\u00eancias da Natureza e disciplinas afins, nos turnos matutino e vespertino no CEPI &#8211; Ester da Cunha Peres<\/strong><strong>,<\/strong>\u00a0visando afastar eventuais preju\u00edzos educacionais e\/ou pedag\u00f3gicos aos estudantes da Rede Estadual de Educa\u00e7\u00e3o de Goi\u00e1s.<\/p>\n<p class=\"Texto_Justificado\" style=\"text-align: justify\">A presente convoca\u00e7\u00e3o justifica-se por d\u00e9ficit causado por\u00a0rescis\u00e3o a crit\u00e9rio da Administra\u00e7\u00e3o\u00a0 da(o) professor(a) titular.<\/p>\n<p class=\"Texto_Justificado\" style=\"text-align: justify\">Os interessados devem encaminhar Curr\u00edculo ao e-mail oficial da Assessoria Financeira da Coordena\u00e7\u00e3o Regional de\u00a0Luzi\u00e2nia\u00a0(afin.luziania@seduc.go.gov.br), contendo os contatos telef\u00f4nicos e endere\u00e7os de e-mail para correspond\u00eancias eletr\u00f4nicas, e ainda, que no campo Assunto do e-mail, seja informada a Unidade Escolar e a disciplina da vaga pleiteada.<\/p>\n<p class=\"Texto_Justificado_Esp15\" style=\"text-align: justify\">Oportunamente esclarece, que a Coordena\u00e7\u00e3o Regional de Educa\u00e7\u00e3o de\u00a0Luzi\u00e2nia\u00a0instituir\u00e1 comiss\u00e3o pr\u00f3pria para as an\u00e1lises curriculares, que ser\u00e1 composta por membros da CRE, objetivando assim, a ado\u00e7\u00e3o de medidas e provid\u00eancias pertinentes ao suprimento de todos os d\u00e9ficits de professores existentes na Rede Estadual de Educa\u00e7\u00e3o de Goi\u00e1s, que garantam os servi\u00e7os prestados \u00e0 comunidade goiana.<\/p>\n<p class=\"Tabela_Texto_Centralizado\" style=\"text-align: center\">SEDUC\/GO<\/p>\n<hr \/>\n<h2 style=\"text-align: center\"><strong>COMUNICADO<\/strong><\/h2>\n<p style=\"text-align: center\"><strong>PARA CONTRATA\u00c7\u00c3O TEMPOR\u00c1RIA<\/strong><\/p>\n<pre style=\"text-align: center\">Publica\u00e7\u00e3o: 05\/11\/2024\nEncerramento: 07\/11\/2024 \u00e0s 18h<\/pre>\n<h4 style=\"text-align: center\"><strong><span style=\"color: #ff0000\">ENCERRADO<\/span><\/strong><\/h4>\n<p class=\"Texto_Justificado\" style=\"text-align: justify\">O Governo do Estado de Goi\u00e1s, atrav\u00e9s da Secretaria de Estado da Educa\u00e7\u00e3o, diante da inexist\u00eancia de Processo Seletivo Simplificado vigente no \u00e2mbito desta Pasta e considerando a exist\u00eancia de d\u00e9ficits de professores nas unidades escolares pertencentes ao<strong>\u00a0munic\u00edpio de\u00a0Luzi\u00e2nia<\/strong>, jurisdicionado \u00e0 Coordena\u00e7\u00e3o Regional de Educa\u00e7\u00e3o (CRE) de\u00a0Luzi\u00e2nia, informa que est\u00e1 recebendo curr\u00edculos, para sele\u00e7\u00e3o e contrata\u00e7\u00e3o tempor\u00e1ria com natureza emergencial para atender aos interesses da Administra\u00e7\u00e3o:\u00a0<strong>01 (um) professor para ministrar<\/strong><strong>\u00a021 (vinte e uma) aulas semanais de Qu\u00edmica e disciplinas afins, no turno matutino no Col\u00e9gio Estadual Delfino Ocl\u00e9cio Machado<\/strong><strong>,<\/strong>\u00a0visando afastar eventuais preju\u00edzos educacionais e\/ou pedag\u00f3gicos aos estudantes da Rede Estadual de Educa\u00e7\u00e3o de Goi\u00e1s.<\/p>\n<p class=\"Texto_Justificado\" style=\"text-align: justify\">A presente convoca\u00e7\u00e3o justifica-se por d\u00e9ficit causado por rescis\u00e3o a pedido\u00a0 da(o) professor(a) titular.<\/p>\n<p class=\"Texto_Justificado\" style=\"text-align: justify\">Os interessados devem encaminhar Curr\u00edculo ao e-mail oficial da Assessoria Financeira da Coordena\u00e7\u00e3o Regional de\u00a0Luzi\u00e2nia\u00a0(afin.luziania@seduc.go.gov.br), contendo os contatos telef\u00f4nicos e endere\u00e7os de e-mail para correspond\u00eancias eletr\u00f4nicas, e ainda, que no campo Assunto do e-mail, seja informada a Unidade Escolar e a disciplina da vaga pleiteada.<\/p>\n<p class=\"Texto_Justificado_Esp15\" style=\"text-align: justify\">Oportunamente esclarece, que a Coordena\u00e7\u00e3o Regional de Educa\u00e7\u00e3o de\u00a0Luzi\u00e2nia\u00a0instituir\u00e1 comiss\u00e3o pr\u00f3pria para as an\u00e1lises curriculares, que ser\u00e1 composta por membros da CRE, objetivando assim, a ado\u00e7\u00e3o de medidas e provid\u00eancias pertinentes ao suprimento de todos os d\u00e9ficits de professores existentes na Rede Estadual de Educa\u00e7\u00e3o de Goi\u00e1s, que garantam os servi\u00e7os prestados \u00e0 comunidade goiana.<\/p>\n<p class=\"Tabela_Texto_Centralizado\" style=\"text-align: center\">SEDUC\/GO<\/p>\n<hr \/>\n<h2 style=\"text-align: center\"><strong>COMUNICADO<\/strong><\/h2>\n<p style=\"text-align: center\"><strong>PARA CONTRATA\u00c7\u00c3O TEMPOR\u00c1RIA<\/strong><\/p>\n<pre style=\"text-align: center\">Publica\u00e7\u00e3o: 29\/10\/2024\nEncerramento: 31\/10\/2024 \u00e0s 18h<\/pre>\n<h4 style=\"text-align: center\"><strong><span style=\"color: #ff0000\">ENCERRADO<\/span><\/strong><\/h4>\n<p class=\"Texto_Justificado\" style=\"text-align: justify\">O Governo do Estado de Goi\u00e1s, atrav\u00e9s da Secretaria de Estado da Educa\u00e7\u00e3o, diante da inexist\u00eancia de Processo Seletivo Simplificado vigente no \u00e2mbito desta Pasta e considerando a exist\u00eancia de d\u00e9ficits de professores nas unidades escolares pertencentes ao\u00a0<strong>munic\u00edpio de<\/strong>\u00a0<strong>Luzi\u00e2nia,<\/strong>\u00a0jurisdicionado \u00e0 Coordena\u00e7\u00e3o Regional de Educa\u00e7\u00e3o (CRE) de\u00a0Luzi\u00e2nia, informa que est\u00e1 recebendo curr\u00edculos, para sele\u00e7\u00e3o e contrata\u00e7\u00e3o tempor\u00e1ria com natureza emergencial para atender aos interesses da Administra\u00e7\u00e3o:\u00a0<strong>01 (um) professor para minist<\/strong><strong>rar 16 (dezesseis) aulas semanais de Geografia e disciplinas afins, no turno matutino no Col\u00e9gio Estadual C\u00f4nego Ramiro<\/strong><strong>,<\/strong>\u00a0visando afastar eventuais preju\u00edzos educacionais e\/ou pedag\u00f3gicos aos estudantes da Rede Estadual de Educa\u00e7\u00e3o de Goi\u00e1s.<\/p>\n<p class=\"Texto_Justificado\" style=\"text-align: justify\">A presente convoca\u00e7\u00e3o justifica-se por d\u00e9ficit causado por concess\u00e3o de licen\u00e7a m\u00e9dica para tratamento de sa\u00fade a(o) professor(a) titular.<\/p>\n<p class=\"Texto_Justificado\" style=\"text-align: justify\">Os interessados devem encaminhar Curr\u00edculo ao e-mail oficial da Assessoria Financeira da Coordena\u00e7\u00e3o Regional de Educa\u00e7\u00e3o de\u00a0Luzi\u00e2nia\u00a0(afin.luziania@seduc.go.gov.br), contendo os contatos telef\u00f4nicos e endere\u00e7os de e-mail para correspond\u00eancias eletr\u00f4nicas, e ainda, que no campo Assunto do e-mail, seja informada a Unidade Escolar e a disciplina da vaga pleiteada.<\/p>\n<p class=\"Texto_Justificado\" style=\"text-align: justify\">Oportunamente esclarece, que a Coordena\u00e7\u00e3o Regional de Educa\u00e7\u00e3o de\u00a0Luzi\u00e2nia\u00a0instituir\u00e1 comiss\u00e3o pr\u00f3pria para as an\u00e1lises curriculares, que ser\u00e1 composta por membros da CRE, objetivando assim, a ado\u00e7\u00e3o de medidas e provid\u00eancias pertinentes ao suprimento de todos os d\u00e9ficits de professores existentes na Rede Estadual de Educa\u00e7\u00e3o de Goi\u00e1s, que garantam os servi\u00e7os prestados \u00e0 comunidade goiana.<\/p>\n<p class=\"Tabela_Texto_Centralizado\" style=\"text-align: center\">SEDUC\/GO<\/p>\n<hr \/>\n<h2 style=\"text-align: center\"><strong>COMUNICADO<\/strong><\/h2>\n<p style=\"text-align: center\"><strong>PARA CONTRATA\u00c7\u00c3O TEMPOR\u00c1RIA<\/strong><\/p>\n<pre style=\"text-align: center\">Publica\u00e7\u00e3o: 29\/10\/2024\nEncerramento: 31\/10\/2024 \u00e0s 18h<\/pre>\n<h4 style=\"text-align: center\"><strong><span style=\"color: #ff0000\">ENCERRADO<\/span><\/strong><\/h4>\n<p class=\"Texto_Justificado\" style=\"text-align: justify\">O Governo do Estado de Goi\u00e1s, atrav\u00e9s da Secretaria de Estado da Educa\u00e7\u00e3o, diante da inexist\u00eancia de Processo Seletivo Simplificado vigente no \u00e2mbito desta Pasta e considerando a exist\u00eancia de d\u00e9ficits de professores nas unidades escolares pertencentes ao\u00a0<strong>munic\u00edpio de\u00a0Luzi\u00e2nia<\/strong>, jurisdicionado \u00e0 Coordena\u00e7\u00e3o Regional de Educa\u00e7\u00e3o (CRE) de\u00a0Luzi\u00e2nia, informa que est\u00e1 recebendo curr\u00edculos, para sele\u00e7\u00e3o e contrata\u00e7\u00e3o tempor\u00e1ria com natureza emergencial para atender aos interesses da Administra\u00e7\u00e3o:\u00a0<strong>01 (um) professor de para ministr<\/strong><strong>ar\u00a032 (trinta e duas) aulas semanais de Sociologia e Filosofia nos turnos matutino e noturno, no Col\u00e9gio Estadual Maria Pereira de Vasconcelos<\/strong>, visando afastar eventuais preju\u00edzos educacionais e\/ou pedag\u00f3gicos aos estudantes da Rede Estadual de Educa\u00e7\u00e3o de Goi\u00e1s.<\/p>\n<p class=\"Texto_Justificado\" style=\"text-align: justify\">A presente convoca\u00e7\u00e3o justifica-se por d\u00e9ficit causado por exonera\u00e7\u00e3o a pedido\u00a0 da(o) professor(a) titular.<\/p>\n<p class=\"Texto_Justificado\" style=\"text-align: justify\">Os interessados devem encaminhar Curr\u00edculo ao e-mail oficial da Assessoria Financeira da Coordena\u00e7\u00e3o Regional de\u00a0Luzi\u00e2nia\u00a0(afin.luziania@seduc.go.gov.br), contendo os contatos telef\u00f4nicos e endere\u00e7os de e-mail para correspond\u00eancias eletr\u00f4nicas, e ainda, que no campo Assunto do e-mail, seja informada a Unidade Escolar e a disciplina da vaga pleiteada.<\/p>\n<p class=\"Texto_Justificado_Esp15\" style=\"text-align: justify\">Oportunamente esclarece, que a Coordena\u00e7\u00e3o Regional de Educa\u00e7\u00e3o de\u00a0Luzi\u00e2nia\u00a0instituir\u00e1 comiss\u00e3o pr\u00f3pria para as an\u00e1lises curriculares, que ser\u00e1 composta por membros da CRE, objetivando assim, a ado\u00e7\u00e3o de medidas e provid\u00eancias pertinentes ao suprimento de todos os d\u00e9ficits de professores existentes na Rede Estadual de Educa\u00e7\u00e3o de Goi\u00e1s, que garantam os servi\u00e7os prestados \u00e0 comunidade goiana.<\/p>\n<p class=\"Tabela_Texto_Centralizado\" style=\"text-align: center\">SEDUC\/GO<\/p>\n<hr \/>\n<h2 style=\"text-align: center\"><strong>COMUNICADO<\/strong><\/h2>\n<p style=\"text-align: center\"><strong>PARA CONTRATA\u00c7\u00c3O TEMPOR\u00c1RIA<\/strong><\/p>\n<pre style=\"text-align: center\">Publica\u00e7\u00e3o: 11\/10\/2024\nEncerramento: 15\/10\/2024 \u00e0s 18h<\/pre>\n<h4 style=\"text-align: center\"><strong><span style=\"color: #ff0000\">ENCERRADO<\/span><\/strong><\/h4>\n<p class=\"Texto_Justificado\" style=\"text-align: justify\">O Governo do Estado de Goi\u00e1s, atrav\u00e9s da Secretaria de Estado da Educa\u00e7\u00e3o, diante da inexist\u00eancia de Processo Seletivo Simplificado vigente no \u00e2mbito desta Pasta e considerando a exist\u00eancia de d\u00e9ficits de professores nas unidades escolares pertencentes ao\u00a0<strong>munic\u00edpio de\u00a0Luzi\u00e2nia<\/strong>, jurisdicionado \u00e0 Coordena\u00e7\u00e3o Regional de Educa\u00e7\u00e3o (CRE) de\u00a0Luzi\u00e2nia, informa que est\u00e1 recebendo curr\u00edculos, para sele\u00e7\u00e3o e contrata\u00e7\u00e3o tempor\u00e1ria com natureza emergencial para atender aos interesses da Administra\u00e7\u00e3o: <strong>01 (um) professor, com aprova\u00e7\u00e3o no Exame de Profici\u00eancia para o Ensino de LIBRAS do MEC (PROLIBRAS) ou avalia\u00e7\u00e3o do CAS\/Goi\u00e2nia, ou credenciadas por uma Secretaria de Educa\u00e7\u00e3o para exercer a<\/strong>\u00a0<strong>fun\u00e7\u00e3o 099 (Int\u00e9rprete de L\u00edngua Brasileira de Sinais &#8211; LIBRAS)\u00a0e cumprir jornada semanal de 40 (quarenta) horas semanais, nos turnos matutino e vespertino, no CEPI &#8211; Francisco Machado de Ara\u00fajo<\/strong>, visando afastar eventuais preju\u00edzos educacionais e\/ou pedag\u00f3gicos aos estudantes da Rede Estadual de Educa\u00e7\u00e3o de Goi\u00e1s.<\/p>\n<p class=\"Texto_Justificado\" style=\"text-align: justify\">A presente convoca\u00e7\u00e3o justifica-se por d\u00e9ficit causado por Licen\u00e7a Maternidade a(o) professor(a) titular.<\/p>\n<p class=\"Texto_Justificado\" style=\"text-align: justify\">Os interessados devem encaminhar Curr\u00edculo ao e-mail oficial da Assessoria Financeira da Coordena\u00e7\u00e3o Regional de Educa\u00e7\u00e3o de\u00a0Luzi\u00e2nia\u00a0(afin.luziania@seduc.go.gov.br), contendo os contatos telef\u00f4nicos e endere\u00e7os de e-mail para correspond\u00eancias eletr\u00f4nicas, e ainda, que no campo Assunto do e-mail, seja informada a Unidade Escolar e a disciplina da vaga pleiteada.<\/p>\n<p class=\"Texto_Justificado\" style=\"text-align: justify\">Oportunamente esclarece, que a Coordena\u00e7\u00e3o Regional de Educa\u00e7\u00e3o de\u00a0Luzi\u00e2nia\u00a0instituir\u00e1 comiss\u00e3o pr\u00f3pria para as an\u00e1lises curriculares, que ser\u00e1 composta por membros da CRE, objetivando assim, a ado\u00e7\u00e3o de medidas e provid\u00eancias pertinentes ao suprimento de todos os d\u00e9ficits de professores existentes na Rede Estadual de Educa\u00e7\u00e3o de Goi\u00e1s, que garantam os servi\u00e7os prestados \u00e0 comunidade goiana.<\/p>\n<p class=\"Tabela_Texto_Centralizado\" style=\"text-align: center\">SEDUC\/GO<\/p>\n<hr \/>\n<h2 style=\"text-align: center\"><strong>COMUNICADO<\/strong><\/h2>\n<p style=\"text-align: center\"><strong>PARA CONTRATA\u00c7\u00c3O TEMPOR\u00c1RIA<\/strong><\/p>\n<pre style=\"text-align: center\">Publica\u00e7\u00e3o: 10\/10\/2024\nEncerramento: 14\/10\/2024 \u00e0s 18h<\/pre>\n<h4 style=\"text-align: center\"><strong><span style=\"color: #ff0000\">ENCERRADO<\/span><\/strong><\/h4>\n<p class=\"Texto_Justificado\" style=\"text-align: justify\">O Governo do Estado de Goi\u00e1s, atrav\u00e9s da Secretaria de Estado da Educa\u00e7\u00e3o, diante da inexist\u00eancia de Processo Seletivo Simplificado vigente no \u00e2mbito desta Pasta e considerando a exist\u00eancia de d\u00e9ficits de professores nas unidades escolares pertencentes ao<strong>\u00a0munic\u00edpio de\u00a0Cristalina<\/strong>, jurisdicionado \u00e0 Coordena\u00e7\u00e3o Regional de Educa\u00e7\u00e3o (CRE) de\u00a0Luzi\u00e2nia, informa que est\u00e1 recebendo curr\u00edculos, para sele\u00e7\u00e3o e contrata\u00e7\u00e3o tempor\u00e1ria com natureza emergencial para atender aos interesses da Administra\u00e7\u00e3o:\u00a0<strong>01 (um) professor para ministrar<\/strong><strong>\u00a025 (vinte e cinco) aulas semanais de Matem\u00e1tica e disciplinas afins, no Col\u00e9gio Estadual Adelvina Flores Ribeiro,<\/strong>\u00a0visando afastar eventuais preju\u00edzos educacionais e\/ou pedag\u00f3gicos aos estudantes da Rede Estadual de Educa\u00e7\u00e3o de Goi\u00e1s.<\/p>\n<p class=\"Texto_Justificado\" style=\"text-align: justify\">A presente convoca\u00e7\u00e3o justifica-se por d\u00e9ficit causado por rescis\u00e3o\u00a0a crit\u00e9rio da Administra\u00e7\u00e3o.<\/p>\n<p class=\"Texto_Justificado\" style=\"text-align: justify\">Os interessados devem encaminhar Curr\u00edculo ao e-mail oficial da Assessoria Financeira da Coordena\u00e7\u00e3o Regional de\u00a0Luzi\u00e2nia\u00a0(afin.luziania@seduc.go.gov.br), contendo os contatos telef\u00f4nicos e endere\u00e7os de e-mail para correspond\u00eancias eletr\u00f4nicas, e ainda, que no campo Assunto do e-mail, seja informada a Unidade Escolar e a disciplina da vaga pleiteada.<\/p>\n<p class=\"Texto_Justificado_Esp15\" style=\"text-align: justify\">Oportunamente esclarece, que a Coordena\u00e7\u00e3o Regional de Educa\u00e7\u00e3o de\u00a0Luzi\u00e2nia\u00a0instituir\u00e1 comiss\u00e3o pr\u00f3pria para as an\u00e1lises curriculares, que ser\u00e1 composta por membros da CRE, objetivando assim, a ado\u00e7\u00e3o de medidas e provid\u00eancias pertinentes ao suprimento de todos os d\u00e9ficits de professores existentes na Rede Estadual de Educa\u00e7\u00e3o de Goi\u00e1s, que garantam os servi\u00e7os prestados \u00e0 comunidade goiana.<\/p>\n<p class=\"Tabela_Texto_Centralizado\" style=\"text-align: center\">SEDUC\/GO<\/p>\n<hr \/>\n<h2 style=\"text-align: center\"><strong>COMUNICADO<\/strong><\/h2>\n<p style=\"text-align: center\"><strong>PARA CONTRATA\u00c7\u00c3O TEMPOR\u00c1RIA<\/strong><\/p>\n<pre style=\"text-align: center\">Publica\u00e7\u00e3o: 10\/10\/2024\nEncerramento: 14\/10\/2024 \u00e0s 18h<\/pre>\n<h4 style=\"text-align: center\"><strong><span style=\"color: #ff0000\">ENCERRADO<\/span><\/strong><\/h4>\n<p class=\"Texto_Justificado\" style=\"text-align: justify\">O Governo do Estado de Goi\u00e1s, atrav\u00e9s da Secretaria de Estado da Educa\u00e7\u00e3o, diante da inexist\u00eancia de Processo Seletivo Simplificado vigente no \u00e2mbito desta Pasta e considerando a exist\u00eancia de d\u00e9ficits de pedagogos nas unidades escolares pertencentes ao\u00a0<strong>munic\u00edpio de\u00a0Luzi\u00e2nia<\/strong>, jurisdicionado \u00e0 Coordena\u00e7\u00e3o Regional de Educa\u00e7\u00e3o (CRE) de\u00a0Luzi\u00e2nia, informa que est\u00e1 recebendo curr\u00edculos, para sele\u00e7\u00e3o e contrata\u00e7\u00e3o tempor\u00e1ria com natureza emergencial para atender aos interesses da Administra\u00e7\u00e3o:<strong>\u00a01 (um)<\/strong>\u00a0<strong>pedagogo para a<\/strong>\u00a0<strong>fun\u00e7\u00e3o 140 &#8211; Coordenador Pedag\u00f3gico, 40 (quarenta) horas, nos turnos matutino e vespertino, no Col\u00e9gio Estadual Epaminondas<\/strong><strong>,<\/strong>\u00a0visando afastar eventuais preju\u00edzos educacionais e\/ou pedag\u00f3gicos aos estudantes da Rede Estadual de Educa\u00e7\u00e3o de Goi\u00e1s.<\/p>\n<p class=\"Texto_Justificado\" style=\"text-align: justify\">A presente convoca\u00e7\u00e3o justifica-se por d\u00e9ficit causado por rescis\u00e3o a crit\u00e9rio da Administra\u00e7\u00e3o.<\/p>\n<p class=\"Texto_Justificado\" style=\"text-align: justify\">Os interessados devem encaminhar Curr\u00edculo ao e-mail oficial da Assessoria Financeira da Coordena\u00e7\u00e3o Regional de\u00a0Luzi\u00e2nia\u00a0(afin.luziania@seduc.go.gov.br), contendo os contatos telef\u00f4nicos e endere\u00e7os de e-mail para correspond\u00eancias eletr\u00f4nicas, e ainda, que no campo Assunto do e-mail, seja informada a Unidade Escolar e a disciplina da vaga pleiteada.<\/p>\n<p class=\"Texto_Justificado_Esp15\" style=\"text-align: justify\">Oportunamente esclarece, que a Coordena\u00e7\u00e3o Regional de Educa\u00e7\u00e3o de\u00a0Luzi\u00e2nia\u00a0instituir\u00e1 comiss\u00e3o pr\u00f3pria para as an\u00e1lises curriculares, que ser\u00e1 composta por membros da CRE, objetivando assim, a ado\u00e7\u00e3o de medidas e provid\u00eancias pertinentes ao suprimento de todos os d\u00e9ficits de professores existentes na Rede Estadual de Educa\u00e7\u00e3o de Goi\u00e1s, que garantam os servi\u00e7os prestados \u00e0 comunidade goiana.<\/p>\n<p class=\"Tabela_Texto_Centralizado\" style=\"text-align: center\">SEDUC\/GO<\/p>\n<hr \/>\n<h2 style=\"text-align: center\"><strong>COMUNICADO<\/strong><\/h2>\n<p style=\"text-align: center\"><strong>PARA CONTRATA\u00c7\u00c3O TEMPOR\u00c1RIA<\/strong><\/p>\n<pre style=\"text-align: center\">Publica\u00e7\u00e3o: 04\/10\/2024\nEncerramento: 08\/10\/2024 \u00e0s 18h<\/pre>\n<p class=\"Texto_Justificado\" style=\"text-align: center\"><strong><span style=\"color: #ff0000\">ENCERRADO<\/span><\/strong><\/p>\n<p class=\"Texto_Justificado\" style=\"text-align: justify\">O Governo do Estado de Goi\u00e1s, atrav\u00e9s da Secretaria de Estado da Educa\u00e7\u00e3o, diante da inexist\u00eancia de Processo Seletivo Simplificado vigente no \u00e2mbito desta Pasta e considerando a exist\u00eancia de d\u00e9ficits de pedagogos nas unidades escolares pertencentes ao <strong>munic\u00edpio de <\/strong><strong>Luzi\u00e2nia<\/strong>, jurisdicionado \u00e0 Coordena\u00e7\u00e3o Regional de Educa\u00e7\u00e3o (CRE) de Luzi\u00e2nia, informa que est\u00e1 recebendo curr\u00edculos, para sele\u00e7\u00e3o e contrata\u00e7\u00e3o tempor\u00e1ria com natureza emergencial para atender aos interesses da Administra\u00e7\u00e3o:<strong> 1 (um)<\/strong> <strong>Pedagogo para exercer a<\/strong> <strong>fun\u00e7\u00e3o 140 &#8211; Coordenador Pedag\u00f3gico e cumprir jornada de trabalho de 40 (quarenta) horas nos turnos matutino e vespertino na Escola Especial Jesus Bom Pastor<\/strong><strong>,<\/strong> visando afastar eventuais preju\u00edzos educacionais e\/ou pedag\u00f3gicos aos estudantes da Rede Estadual de Educa\u00e7\u00e3o de Goi\u00e1s.<\/p>\n<p class=\"Texto_Justificado\" style=\"text-align: justify\">A presente convoca\u00e7\u00e3o justifica-se por d\u00e9ficit causado por mudan\u00e7a de fun\u00e7\u00e3o da(o) professor(a) titular.<\/p>\n<p class=\"Texto_Justificado\" style=\"text-align: justify\">Os interessados devem encaminhar Curr\u00edculo ao e-mail oficial da Assessoria Financeira da Coordena\u00e7\u00e3o Regional de Luzi\u00e2nia (afin.luziania@seduc.go.gov.br), contendo os contatos telef\u00f4nicos e endere\u00e7os de e-mail para correspond\u00eancias eletr\u00f4nicas, e ainda, que no campo Assunto do e-mail, seja informada a Unidade Escolar e a disciplina da vaga pleiteada.<\/p>\n<p class=\"Texto_Justificado_Esp15\" style=\"text-align: justify\">Oportunamente esclarece, que a Coordena\u00e7\u00e3o Regional de Educa\u00e7\u00e3o de Luzi\u00e2nia instituir\u00e1 comiss\u00e3o pr\u00f3pria para as an\u00e1lises curriculares, que ser\u00e1 composta por membros da CRE, objetivando assim, a ado\u00e7\u00e3o de medidas e provid\u00eancias pertinentes ao suprimento de todos os d\u00e9ficits de professores existentes na Rede Estadual de Educa\u00e7\u00e3o de Goi\u00e1s, que garantam os servi\u00e7os prestados \u00e0 comunidade goiana.<\/p>\n<p class=\"Tabela_Texto_Centralizado\" style=\"text-align: center\">SEDUC\/GO<\/p>\n<hr \/>\n<h2 style=\"text-align: center\"><strong>COMUNICADO<\/strong><\/h2>\n<p style=\"text-align: center\"><strong>PARA CONTRATA\u00c7\u00c3O TEMPOR\u00c1RIA<\/strong><\/p>\n<pre style=\"text-align: center\">Publica\u00e7\u00e3o: 03\/10\/2024\nEncerramento: 07\/10\/2024 \u00e0s 18h<\/pre>\n<p class=\"Texto_Justificado\" style=\"text-align: center\"><strong><span style=\"color: #ff0000\">ENCERRADO<\/span><\/strong><\/p>\n<p class=\"Texto_Justificado\" style=\"text-align: justify\">O Governo do Estado de Goi\u00e1s, atrav\u00e9s da Secretaria de Estado da Educa\u00e7\u00e3o, diante da inexist\u00eancia de Processo Seletivo Simplificado vigente no \u00e2mbito desta Pasta e considerando a exist\u00eancia de d\u00e9ficits de professores nas unidades escolares pertencentes ao\u00a0<strong>munic\u00edpio de Luzi\u00e2nia<\/strong>, jurisdicionado \u00e0 Coordena\u00e7\u00e3o Regional de Educa\u00e7\u00e3o (CRE) de\u00a0Luzi\u00e2nia, informa que est\u00e1 recebendo curr\u00edculos, para sele\u00e7\u00e3o e contrata\u00e7\u00e3o tempor\u00e1ria com natureza emergencial para atender aos interesses da Administra\u00e7\u00e3o:\u00a0<strong>01 (um) professor para ministrar 32 (trinta e duas) aulas semanais de L\u00edngua Portuguesa e disciplinas afins<\/strong><strong>, no(s) turno(s) matutino e vespertino no Col\u00e9gio\u00a0Estadual Il\u00eddio de Souza Lemos<\/strong><strong>,<\/strong>\u00a0visando afastar eventuais preju\u00edzos educacionais e\/ou pedag\u00f3gicos aos estudantes da Rede Estadual de Educa\u00e7\u00e3o de Goi\u00e1s.<\/p>\n<p class=\"Texto_Justificado\" style=\"text-align: justify\">A presente convoca\u00e7\u00e3o justifica-se por d\u00e9ficit causado por concess\u00e3o de licen\u00e7a m\u00e9dica para tratamento de sa\u00fade a(o) professor(a) titular.<\/p>\n<p class=\"Texto_Justificado\" style=\"text-align: justify\">Os interessados devem encaminhar Curr\u00edculo ao e-mail oficial da Assessoria Financeira da Coordena\u00e7\u00e3o Regional de Educa\u00e7\u00e3o de\u00a0Luzi\u00e2nia\u00a0(afin.luziania@seduc.go.gov.br), contendo os contatos telef\u00f4nicos e endere\u00e7os de e-mail para correspond\u00eancias eletr\u00f4nicas, e ainda, que no campo Assunto do e-mail, seja informada a Unidade Escolar e a disciplina da vaga pleiteada.<\/p>\n<p class=\"Texto_Justificado\" style=\"text-align: justify\">Oportunamente esclarece, que a Coordena\u00e7\u00e3o Regional de Educa\u00e7\u00e3o de\u00a0Luzi\u00e2nia\u00a0instituir\u00e1 comiss\u00e3o pr\u00f3pria para as an\u00e1lises curriculares, que ser\u00e1 composta por membros da CRE, objetivando assim, a ado\u00e7\u00e3o de medidas e provid\u00eancias pertinentes ao suprimento de todos os d\u00e9ficits de professores existentes na Rede Estadual de Educa\u00e7\u00e3o de Goi\u00e1s, que garantam os servi\u00e7os prestados \u00e0 comunidade goiana.<\/p>\n<p class=\"Tabela_Texto_Centralizado\" style=\"text-align: center\">SEDUC\/GO<\/p>\n<hr \/>\n<h2 style=\"text-align: center\"><strong>COMUNICADO<\/strong><\/h2>\n<p style=\"text-align: center\"><strong>PARA CONTRATA\u00c7\u00c3O TEMPOR\u00c1RIA<\/strong><\/p>\n<pre style=\"text-align: center\">Publica\u00e7\u00e3o: 03\/10\/2024\nEncerramento: 07\/10\/2024 \u00e0s 18h<\/pre>\n<p class=\"Texto_Justificado\" style=\"text-align: center\"><strong><span style=\"color: #ff0000\">ENCERRADO<\/span><\/strong><\/p>\n<p class=\"Texto_Justificado\" style=\"text-align: justify\">O Governo do Estado de Goi\u00e1s, atrav\u00e9s da Secretaria de Estado da Educa\u00e7\u00e3o, diante da inexist\u00eancia de Processo Seletivo Simplificado vigente no \u00e2mbito desta Pasta e considerando a exist\u00eancia de d\u00e9ficits de professores nas unidades escolares pertencentes ao<strong>\u00a0munic\u00edpio de\u00a0Luzi\u00e2nia<\/strong>, jurisdicionado \u00e0 Coordena\u00e7\u00e3o Regional de Educa\u00e7\u00e3o (CRE) de\u00a0Luzi\u00e2nia, informa que est\u00e1 recebendo curr\u00edculos, para sele\u00e7\u00e3o e contrata\u00e7\u00e3o tempor\u00e1ria com natureza emergencial para atender aos interesses da Administra\u00e7\u00e3o:\u00a0<strong>01 (um) professor para ministrar<\/strong><strong>\u00a031 (trinta e uma) aulas, de historia, geografia e disciplinas afins, no(s) turno(s) matutino e vespertino no\u00a0COL\u00c9GIO ESTADUAL PROFESSOR JOS\u00c9 CARNEIRO FILHO<\/strong><strong>,<\/strong>\u00a0visando afastar eventuais preju\u00edzos educacionais e\/ou pedag\u00f3gicos aos estudantes da Rede Estadual de Educa\u00e7\u00e3o de Goi\u00e1s.<\/p>\n<p class=\"Texto_Justificado\" style=\"text-align: justify\">A presente convoca\u00e7\u00e3o justifica-se por d\u00e9ficit causado por rescis\u00e3o a pedido\u00a0 da(o) professor(a) titular.<\/p>\n<p class=\"Texto_Justificado\" style=\"text-align: justify\">Os interessados devem encaminhar Curr\u00edculo ao e-mail oficial da Assessoria Financeira da Coordena\u00e7\u00e3o Regional de\u00a0Luzi\u00e2nia\u00a0(afin.luziania@seduc.go.gov.br), contendo os contatos telef\u00f4nicos e endere\u00e7os de e-mail para correspond\u00eancias eletr\u00f4nicas, e ainda, que no campo Assunto do e-mail, seja informada a Unidade Escolar e a disciplina da vaga pleiteada.<\/p>\n<p class=\"Texto_Justificado_Esp15\" style=\"text-align: justify\">Oportunamente esclarece, que a Coordena\u00e7\u00e3o Regional de Educa\u00e7\u00e3o de\u00a0Luzi\u00e2nia\u00a0instituir\u00e1 comiss\u00e3o pr\u00f3pria para as an\u00e1lises curriculares, que ser\u00e1 composta por membros da CRE, objetivando assim, a ado\u00e7\u00e3o de medidas e provid\u00eancias pertinentes ao suprimento de todos os d\u00e9ficits de professores existentes na Rede Estadual de Educa\u00e7\u00e3o de Goi\u00e1s, que garantam os servi\u00e7os prestados \u00e0 comunidade goiana.<\/p>\n<p class=\"Tabela_Texto_Centralizado\" style=\"text-align: center\">SEDUC\/GO<\/p>\n<hr \/>\n<h2 style=\"text-align: center\"><strong>COMUNICADO<\/strong><\/h2>\n<p style=\"text-align: center\"><strong>PARA CONTRATA\u00c7\u00c3O TEMPOR\u00c1RIA<\/strong><\/p>\n<pre style=\"text-align: center\">Publica\u00e7\u00e3o: 30\/09\/2024\nEncerramento: 02\/10\/2024 \u00e0s 18h<\/pre>\n<p class=\"Texto_Justificado\" style=\"text-align: center\"><strong><span style=\"color: #ff0000\">ENCERRADO<\/span><\/strong><\/p>\n<p class=\"Texto_Justificado\" style=\"text-align: justify\">O Governo do Estado de Goi\u00e1s, atrav\u00e9s da Secretaria de Estado da Educa\u00e7\u00e3o, diante da inexist\u00eancia de Processo Seletivo Simplificado vigente no \u00e2mbito desta Pasta e considerando a exist\u00eancia de d\u00e9ficits de professores nas unidades escolares pertencentes ao <strong>munic\u00edpio de Cristalina<\/strong>, jurisdicionado \u00e0 Coordena\u00e7\u00e3o Regional de Educa\u00e7\u00e3o (CRE) de Luzi\u00e2nia, informa que est\u00e1 recebendo curr\u00edculos, para sele\u00e7\u00e3o e contrata\u00e7\u00e3o tempor\u00e1ria com natureza emergencial para atender aos interesses da Administra\u00e7\u00e3o:\u00a001 (um) professor de Geografia para ministrar 32 (trinta e duas) aulas semanais de Geografia e disciplinas afins, no(s) turno(s) matutino e noturno no Col\u00e9gio Estadual Adelvina Flores Ribeiro,\u00a0visando afastar eventuais preju\u00edzos educacionais e\/ou pedag\u00f3gicos aos estudantes da Rede Estadual de Educa\u00e7\u00e3o de Goi\u00e1s.<\/p>\n<p class=\"Texto_Justificado\" style=\"text-align: justify\">A presente convoca\u00e7\u00e3o justifica-se por d\u00e9ficit causado por concess\u00e3o de licen\u00e7a m\u00e9dica para tratamento de sa\u00fade a(o) professor(a) titular.<\/p>\n<p class=\"Texto_Justificado\" style=\"text-align: justify\">Os interessados devem encaminhar Curr\u00edculo ao e-mail oficial da Assessoria Financeira da Coordena\u00e7\u00e3o Regional de Educa\u00e7\u00e3o de Luzi\u00e2nia (afin.luziania@seduc.go.gov.br), contendo os contatos telef\u00f4nicos e endere\u00e7os de e-mail para correspond\u00eancias eletr\u00f4nicas, e ainda, que no campo Assunto do e-mail, seja informada a Unidade Escolar e a disciplina da vaga pleiteada.<\/p>\n<p class=\"Texto_Justificado\" style=\"text-align: justify\">Oportunamente esclarece, que a Coordena\u00e7\u00e3o Regional de Educa\u00e7\u00e3o de Luzi\u00e2nia instituir\u00e1 comiss\u00e3o pr\u00f3pria para as an\u00e1lises curriculares, que ser\u00e1 composta por membros da CRE, objetivando assim, a ado\u00e7\u00e3o de medidas e provid\u00eancias pertinentes ao suprimento de todos os d\u00e9ficits de professores existentes na Rede Estadual de Educa\u00e7\u00e3o de Goi\u00e1s, que garantam os servi\u00e7os prestados \u00e0 comunidade goiana.<\/p>\n<p class=\"Tabela_Texto_Centralizado\" style=\"text-align: center\">SEDUC\/GO<\/p>\n<hr \/>\n<h2 style=\"text-align: center\"><strong>COMUNICADO<\/strong><\/h2>\n<p style=\"text-align: center\"><strong>PARA CONTRATA\u00c7\u00c3O TEMPOR\u00c1RIA<\/strong><\/p>\n<pre style=\"text-align: center\">Publica\u00e7\u00e3o: 30\/09\/2024\nEncerramento: 02\/10\/2024 \u00e0s 18h<\/pre>\n<p class=\"Texto_Justificado\" style=\"text-align: center\"><strong><span style=\"color: #ff0000\">ENCERRADO<\/span><\/strong><\/p>\n<p class=\"Texto_Justificado\" style=\"text-align: justify\">O Governo do Estado de Goi\u00e1s, atrav\u00e9s da Secretaria de Estado da Educa\u00e7\u00e3o, diante da inexist\u00eancia de Processo Seletivo Simplificado vigente no \u00e2mbito desta Pasta e considerando a exist\u00eancia de d\u00e9ficits de professores nas unidades escolares pertencentes ao <strong>munic\u00edpio de Luzi\u00e2nia<\/strong>, jurisdicionado \u00e0 Coordena\u00e7\u00e3o Regional de Educa\u00e7\u00e3o (CRE) de Luzi\u00e2nia, informa que est\u00e1 recebendo curr\u00edculos, para sele\u00e7\u00e3o e contrata\u00e7\u00e3o tempor\u00e1ria com natureza emergencial para atender aos interesses da Administra\u00e7\u00e3o:\u00a001 (um) professor de Matem\u00e1tica para ministrar 16 (dezesseis) aulas semanais de Matem\u00e1tica e disciplinas afins, no(s) turno(s) matutino e vespertino no Col\u00e9gio Estadual Professor Ant\u00f4nio Mar\u00e7o de Ara\u00fajo,\u00a0visando afastar eventuais preju\u00edzos educacionais e\/ou pedag\u00f3gicos aos estudantes da Rede Estadual de Educa\u00e7\u00e3o de Goi\u00e1s.<\/p>\n<p class=\"Texto_Justificado\" style=\"text-align: justify\">A presente convoca\u00e7\u00e3o justifica-se por d\u00e9ficit causado por concess\u00e3o de licen\u00e7a m\u00e9dica para tratamento de sa\u00fade a(o) professor(a) titular.<\/p>\n<p class=\"Texto_Justificado\" style=\"text-align: justify\">Os interessados devem encaminhar Curr\u00edculo ao e-mail oficial da Assessoria Financeira da Coordena\u00e7\u00e3o Regional de Educa\u00e7\u00e3o de Luzi\u00e2nia (afin.luziania@seduc.go.gov.br), contendo os contatos telef\u00f4nicos e endere\u00e7os de e-mail para correspond\u00eancias eletr\u00f4nicas, e ainda, que no campo Assunto do e-mail, seja informada a Unidade Escolar e a disciplina da vaga pleiteada.<\/p>\n<p class=\"Texto_Justificado\" style=\"text-align: justify\">Oportunamente esclarece, que a Coordena\u00e7\u00e3o Regional de Educa\u00e7\u00e3o de Luzi\u00e2nia instituir\u00e1 comiss\u00e3o pr\u00f3pria para as an\u00e1lises curriculares, que ser\u00e1 composta por membros da CRE, objetivando assim, a ado\u00e7\u00e3o de medidas e provid\u00eancias pertinentes ao suprimento de todos os d\u00e9ficits de professores existentes na Rede Estadual de Educa\u00e7\u00e3o de Goi\u00e1s, que garantam os servi\u00e7os prestados \u00e0 comunidade goiana.<\/p>\n<p class=\"Tabela_Texto_Centralizado\" style=\"text-align: center\">SEDUC\/GO<\/p>\n<hr \/>\n<h2 style=\"text-align: center\"><strong>COMUNICADO<\/strong><\/h2>\n<p style=\"text-align: center\"><strong>PARA CONTRATA\u00c7\u00c3O TEMPOR\u00c1RIA<\/strong><\/p>\n<pre style=\"text-align: center\">Publica\u00e7\u00e3o: 24\/09\/2024\nEncerramento: 26\/09\/2024 \u00e0s 18h<\/pre>\n<p style=\"text-align: center\"><strong><span style=\"color: #ff0000\">ENCERRADO<\/span><\/strong><\/p>\n<p class=\"Texto_Justificado\" style=\"text-align: justify\">O Governo do Estado de Goi\u00e1s, atrav\u00e9s da Secretaria de Estado da Educa\u00e7\u00e3o, diante da inexist\u00eancia de Processo Seletivo Simplificado vigente no \u00e2mbito desta Pasta e considerando a exist\u00eancia de d\u00e9ficits de professores nas unidades escolares pertencentes ao\u00a0<strong>munic\u00edpio de Cristalina<\/strong>, jurisdicionado \u00e0 Coordena\u00e7\u00e3o Regional de Educa\u00e7\u00e3o (CRE) de\u00a0Luzi\u00e2nia, informa que est\u00e1 recebendo curr\u00edculos, para sele\u00e7\u00e3o e contrata\u00e7\u00e3o tempor\u00e1ria com natureza emergencial para atender aos interesses da Administra\u00e7\u00e3o:\u00a0<strong>01 (um) professor<\/strong>,<strong>\u00a0com aprova\u00e7\u00e3o no Exame de Profici\u00eancia para o Ensino de LIBRAS do MEC (PROLIBRAS) ou avalia\u00e7\u00e3o do CAS\/Goi\u00e2nia, ou credenciadas por uma Secretaria de Educa\u00e7\u00e3o para<\/strong>\u00a0<strong>exercer a\u00a0fun\u00e7\u00e3o 099 (Int\u00e9rprete de L\u00edngua Brasileira de Sinais &#8211; LIBRAS)\u00a0e cumprir jornada semanal de 30 (trinta) horas semanais, turno vespertino, no Col\u00e9gio Estadual de Campos Lindos<\/strong>, visando afastar eventuais preju\u00edzos educacionais e\/ou pedag\u00f3gicos aos estudantes da Rede Estadual de Educa\u00e7\u00e3o de Goi\u00e1s.<\/p>\n<p class=\"Texto_Justificado\" style=\"text-align: justify\">A presente convoca\u00e7\u00e3o justifica-se por d\u00e9ficit causado por efetiva\u00e7\u00e3o de matr\u00edcula de aluno com surdez.<\/p>\n<p class=\"Texto_Justificado\" style=\"text-align: justify\">Os interessados devem encaminhar Curr\u00edculo ao e-mail oficial da Assessoria Financeira da Coordena\u00e7\u00e3o Regional de Educa\u00e7\u00e3o de\u00a0Luzi\u00e2nia\u00a0(afin.luzi\u00e2nia@seduc.go.gov.br), contendo os contatos telef\u00f4nicos e endere\u00e7os de e-mail para correspond\u00eancias eletr\u00f4nicas, e ainda, que no campo Assunto do e-mail, seja informada a Unidade Escolar e a disciplina da vaga pleiteada.<\/p>\n<p class=\"Texto_Justificado\" style=\"text-align: justify\">Oportunamente esclarece, que a Coordena\u00e7\u00e3o Regional de Educa\u00e7\u00e3o de\u00a0Luzi\u00e2nia\u00a0instituir\u00e1 comiss\u00e3o pr\u00f3pria para as an\u00e1lises curriculares, que ser\u00e1 composta por membros da CRE, objetivando assim, a ado\u00e7\u00e3o de medidas e provid\u00eancias pertinentes ao suprimento de todos os d\u00e9ficits de professores existentes na Rede Estadual de Educa\u00e7\u00e3o de Goi\u00e1s, que garantam os servi\u00e7os prestados \u00e0 comunidade goiana.<\/p>\n<p class=\"Tabela_Texto_Centralizado\" style=\"text-align: center\">SEDUC\/GO<\/p>\n<hr \/>\n<h2 style=\"text-align: center\"><strong>COMUNICADO<\/strong><\/h2>\n<p style=\"text-align: center\"><strong>PARA CONTRATA\u00c7\u00c3O TEMPOR\u00c1RIA<\/strong><\/p>\n<pre style=\"text-align: center\">Publica\u00e7\u00e3o: 20\/09\/2024\nEncerramento: 24\/09\/2024 \u00e0s 18h<\/pre>\n<p style=\"text-align: center\"><strong><span style=\"color: #ff0000\">ENCERRADO<\/span><\/strong><\/p>\n<p class=\"Texto_Justificado\" style=\"text-align: justify\">O Governo do Estado de Goi\u00e1s, atrav\u00e9s da Secretaria de Estado da Educa\u00e7\u00e3o, diante da inexist\u00eancia de Processo Seletivo Simplificado vigente no \u00e2mbito desta Pasta e considerando a exist\u00eancia de d\u00e9ficits de professores nas unidades escolares pertencentes ao<strong>\u00a0<\/strong>munic\u00edpio de<strong>\u00a0<\/strong>Luzi\u00e2nia, jurisdicionado \u00e0 Coordena\u00e7\u00e3o Regional de Educa\u00e7\u00e3o (CRE) de\u00a0Luzi\u00e2nia, informa que est\u00e1 recebendo curr\u00edculos, para sele\u00e7\u00e3o e contrata\u00e7\u00e3o tempor\u00e1ria com natureza emergencial para atender aos interesses da Administra\u00e7\u00e3o:\u00a0<strong>01 (um) professor para ministrar<\/strong><strong>\u00a021 (vinte e uma) aulas, de Educa\u00e7\u00e3o F\u00edsica e disciplinas afins, no(s) turno(s) matutino e vespertino na\u00a0<\/strong><strong>Escola Especial Jesus Bom Pasto<\/strong>r<strong>,<\/strong>\u00a0visando afastar eventuais preju\u00edzos educacionais e\/ou pedag\u00f3gicos aos estudantes da Rede Estadual de Educa\u00e7\u00e3o de Goi\u00e1s.<\/p>\n<p class=\"Texto_Justificado\" style=\"text-align: justify\">A presente convoca\u00e7\u00e3o justifica-se por d\u00e9ficit causado por rescis\u00e3o a pedido da(o) professor(a) titular.<\/p>\n<p class=\"Texto_Justificado\" style=\"text-align: justify\">Os interessados devem encaminhar Curr\u00edculo ao e-mail oficial da Assessoria Financeira da Coordena\u00e7\u00e3o Regional de\u00a0Luzi\u00e2nia\u00a0(afin.luziania@seduc.go.gov.br), contendo os contatos telef\u00f4nicos e endere\u00e7os de e-mail para correspond\u00eancias eletr\u00f4nicas, e ainda, que no campo Assunto do e-mail, seja informada a Unidade Escolar e a disciplina da vaga pleiteada.<\/p>\n<p class=\"Texto_Justificado_Esp15\" style=\"text-align: justify\">Oportunamente esclarece, que a Coordena\u00e7\u00e3o Regional de Educa\u00e7\u00e3o de\u00a0Luzi\u00e2nia\u00a0instituir\u00e1 comiss\u00e3o pr\u00f3pria para as an\u00e1lises curriculares, que ser\u00e1 composta por membros da CRE, objetivando assim, a ado\u00e7\u00e3o de medidas e provid\u00eancias pertinentes ao suprimento de todos os d\u00e9ficits de professores existentes na Rede Estadual de Educa\u00e7\u00e3o de Goi\u00e1s, que garantam os servi\u00e7os prestados \u00e0 comunidade goiana.<\/p>\n<p class=\"Tabela_Texto_Centralizado\" style=\"text-align: center\">SEDUC\/GO<\/p>\n<hr \/>\n<h2 style=\"text-align: center\"><strong>COMUNICADO<\/strong><\/h2>\n<p style=\"text-align: center\"><strong>PARA CONTRATA\u00c7\u00c3O TEMPOR\u00c1RIA<\/strong><\/p>\n<pre style=\"text-align: center\">Publica\u00e7\u00e3o: 09\/09\/2024\nEncerramento: 11\/09\/2024 \u00e0s 18h<\/pre>\n<p class=\"Texto_Justificado\" style=\"text-align: center\"><strong><span style=\"color: #ff0000\">ENCERRADO<\/span><\/strong><\/p>\n<p class=\"Texto_Justificado\" style=\"text-align: justify\">O Governo do Estado de Goi\u00e1s, atrav\u00e9s da Secretaria de Estado da Educa\u00e7\u00e3o, diante da inexist\u00eancia de Processo Seletivo Simplificado vigente no \u00e2mbito desta Pasta e considerando a exist\u00eancia de d\u00e9ficits de professores nas unidades escolares pertencentes ao<strong>\u00a0munic\u00edpio de\u00a0Luzi\u00e2nia<\/strong>, jurisdicionado \u00e0 Coordena\u00e7\u00e3o Regional de Educa\u00e7\u00e3o (CRE) de Luzi\u00e2nia, informa que est\u00e1 recebendo curr\u00edculos, para sele\u00e7\u00e3o e contrata\u00e7\u00e3o tempor\u00e1ria com natureza emergencial para atender aos interesses da Administra\u00e7\u00e3o:\u00a0<strong>01 (um) Pedagogo, com carga hor\u00e1ria de 30 (trinta) horas semanais para Coordena\u00e7\u00e3o Pedag\u00f3gica do turno matutino no Col\u00e9gio Estadual Valderi Santos &#8211; Mimi<\/strong>,\u00a0visando afastar eventuais preju\u00edzos educacionais e\/ou pedag\u00f3gicos aos estudantes da Rede Estadual de Educa\u00e7\u00e3o de Goi\u00e1s.<\/p>\n<p class=\"Texto_Justificado\" style=\"text-align: justify\">A presente convoca\u00e7\u00e3o justifica-se por d\u00e9ficit causado por rescis\u00e3o a pedido\u00a0 da(o) professor(a) titular.<\/p>\n<p class=\"Texto_Justificado\" style=\"text-align: justify\">Os interessados devem encaminhar Curr\u00edculo ao e-mail oficial da Assessoria Financeira da Coordena\u00e7\u00e3o Regional de Luzi\u00e2nia\u00a0(afin.luziania@seduc.go.gov.br), contendo os contatos telef\u00f4nicos e endere\u00e7os de e-mail para correspond\u00eancias eletr\u00f4nicas, e ainda, que no campo Assunto do e-mail, seja informada a Unidade Escolar e a disciplina da vaga pleiteada.<\/p>\n<p class=\"Texto_Justificado_Esp15\" style=\"text-align: justify\">Oportunamente esclarece, que a Coordena\u00e7\u00e3o Regional de Educa\u00e7\u00e3o de\u00a0Luzi\u00e2nia\u00a0instituir\u00e1 comiss\u00e3o pr\u00f3pria para as an\u00e1lises curriculares, que ser\u00e1 composta por membros da CRE, objetivando assim, a ado\u00e7\u00e3o de medidas e provid\u00eancias pertinentes ao suprimento de todos os d\u00e9ficits de professores existentes na Rede Estadual de Educa\u00e7\u00e3o de Goi\u00e1s, que garantam os servi\u00e7os prestados \u00e0 comunidade goiana.<\/p>\n<p class=\"Tabela_Texto_Centralizado\" style=\"text-align: center\">SEDUC\/GO<\/p>\n<hr \/>\n<h2 style=\"text-align: center\"><strong>COMUNICADO<\/strong><\/h2>\n<p style=\"text-align: center\"><strong>PARA CONTRATA\u00c7\u00c3O TEMPOR\u00c1RIA<\/strong><\/p>\n<pre style=\"text-align: center\">Publica\u00e7\u00e3o: 09\/09\/2024\nEncerramento: 11\/09\/2024 \u00e0s 18h<\/pre>\n<p class=\"Texto_Justificado\" style=\"text-align: center\"><strong><span style=\"color: #ff0000\">ENCERRADO<\/span><\/strong><\/p>\n<p class=\"Texto_Justificado\" style=\"text-align: justify\">O Governo do Estado de Goi\u00e1s, atrav\u00e9s da Secretaria de Estado da Educa\u00e7\u00e3o, diante da inexist\u00eancia de Processo Seletivo Simplificado vigente no \u00e2mbito desta Pasta e considerando a exist\u00eancia de d\u00e9ficits de professores nas unidades escolares pertencentes ao\u00a0<strong>munic\u00edpio de Luzi\u00e2nia<\/strong>, jurisdicionado \u00e0 Coordena\u00e7\u00e3o Regional de Educa\u00e7\u00e3o (CRE) de Luzi\u00e2nia, informa que est\u00e1 recebendo curr\u00edculos, para sele\u00e7\u00e3o e contrata\u00e7\u00e3o tempor\u00e1ria com natureza emergencial para atender aos interesses da Administra\u00e7\u00e3o: <strong>01 (um) professor, portador de Diploma de Gradua\u00e7\u00e3o Bacharel em Libras; ou Letras: Tradu\u00e7\u00e3o e interpreta\u00e7\u00e3o em Libras\/Portugu\u00eas; ou em Cursos Espec\u00edficos na \u00e1rea, ministrados por institui\u00e7\u00f5es Reconhecidas pelo MEC, com aprova\u00e7\u00e3o no Exame de Profici\u00eancia para o Ensino de LIBRAS do MEC (PROLIBRAS) ou avalia\u00e7\u00e3o do CAS\/Goi\u00e2nia, ou credenciadas por uma Secretaria de Educa\u00e7\u00e3o, para\u00a0exercer a fun\u00e7\u00e3o 099 (Int\u00e9rprete de L\u00edngua Brasileira de Sinais &#8211; LIBRAS) e cumprir jornada de trabalho semanal de 30 (trinta) horas, no turno matutino do Col\u00e9gio Estadual H\u00e9lio Roriz<\/strong>, visando afastar eventuais preju\u00edzos educacionais e\/ou pedag\u00f3gicos aos estudantes da Rede Estadual de Educa\u00e7\u00e3o de Goi\u00e1s.<\/p>\n<p class=\"Texto_Justificado\" style=\"text-align: justify\">A presente convoca\u00e7\u00e3o justifica-se por d\u00e9ficit causado pela efetiva\u00e7\u00e3o de matr\u00edcula na unidade escolar de estudante com defici\u00eancia auditiva.<\/p>\n<p class=\"Texto_Justificado\" style=\"text-align: justify\">Os interessados devem encaminhar Curr\u00edculo ao e-mail oficial da Assessoria Financeira da Coordena\u00e7\u00e3o Regional de Educa\u00e7\u00e3o de Luzi\u00e2nia (afin.luziania@seduc.go.gov.br), contendo os contatos telef\u00f4nicos e endere\u00e7os de e-mail para correspond\u00eancias eletr\u00f4nicas, e ainda, que no campo Assunto do e-mail, seja informada a Unidade Escolar e a disciplina da vaga pleiteada.<\/p>\n<p class=\"Texto_Justificado\" style=\"text-align: justify\">Oportunamente esclarece, que a Coordena\u00e7\u00e3o Regional de Educa\u00e7\u00e3o de Luzi\u00e2nia instituir\u00e1 comiss\u00e3o pr\u00f3pria para as an\u00e1lises curriculares, que ser\u00e1 composta por membros da CRE, objetivando assim, a ado\u00e7\u00e3o de medidas e provid\u00eancias pertinentes ao suprimento de todos os d\u00e9ficits de professores existentes na Rede Estadual de Educa\u00e7\u00e3o de Goi\u00e1s, que garantam os servi\u00e7os prestados \u00e0 comunidade goiana.<\/p>\n<p class=\"Tabela_Texto_Centralizado\" style=\"text-align: center\">SEDUC\/GO<\/p>\n<hr \/>\n<h2 style=\"text-align: center\"><strong>COMUNICADO<\/strong><\/h2>\n<p style=\"text-align: center\"><strong>PARA CONTRATA\u00c7\u00c3O TEMPOR\u00c1RIA<\/strong><\/p>\n<pre style=\"text-align: center\">Publica\u00e7\u00e3o: 05\/09\/2024\nEncerramento: 09\/09\/2024 \u00e0s 18h<\/pre>\n<p class=\"Texto_Justificado\" style=\"text-align: center\"><strong><span style=\"color: #ff0000\">ENCERRADO<\/span><\/strong><\/p>\n<p class=\"Texto_Justificado\" style=\"text-align: justify\">O Governo do Estado de Goi\u00e1s, atrav\u00e9s da Secretaria de Estado da Educa\u00e7\u00e3o, diante da inexist\u00eancia de Processo Seletivo Simplificado vigente no \u00e2mbito desta Pasta e considerando a exist\u00eancia de d\u00e9ficits de professores nas unidades escolares pertencentes ao munic\u00edpio de<strong>\u00a0<\/strong>Luzi\u00e2nia, jurisdicionado \u00e0 Coordena\u00e7\u00e3o Regional de Educa\u00e7\u00e3o (CRE) de Luzi\u00e2nia, informa que est\u00e1 recebendo curr\u00edculos, para sele\u00e7\u00e3o e contrata\u00e7\u00e3o tempor\u00e1ria com natureza emergencial para atender aos interesses da Administra\u00e7\u00e3o: 01 (um) professor para ministrar 32 (trinta e duas) aulas de Hist\u00f3ria e disciplinas afins, no(s) turno(s) Matutino e Vespertino no Col\u00e9gio Estadual Professora Lourdes de Oliveira Sampaio<strong>,<\/strong>\u00a0visando afastar eventuais preju\u00edzos educacionais e\/ou pedag\u00f3gicos aos estudantes da Rede Estadual de Educa\u00e7\u00e3o de Goi\u00e1s.<\/p>\n<p class=\"Texto_Justificado\" style=\"text-align: justify\">A presente convoca\u00e7\u00e3o justifica-se por d\u00e9ficit causado por rescis\u00e3o a pedido\u00a0 da(o) professor(a) titular.<\/p>\n<p class=\"Texto_Justificado\" style=\"text-align: justify\">Os interessados devem encaminhar Curr\u00edculo ao e-mail oficial da Assessoria Financeira da Coordena\u00e7\u00e3o Regional de Luzi\u00e2nia\u00a0(afin.luziania@seduc.go.gov.br), contendo os contatos telef\u00f4nicos e endere\u00e7os de e-mail para correspond\u00eancias eletr\u00f4nicas, e ainda, que no campo Assunto do e-mail, seja informada a Unidade Escolar e a disciplina da vaga pleiteada.<\/p>\n<p class=\"Texto_Justificado_Esp15\" style=\"text-align: justify\">Oportunamente esclarece, que a Coordena\u00e7\u00e3o Regional de Educa\u00e7\u00e3o de\u00a0Luzi\u00e2nia\u00a0instituir\u00e1 comiss\u00e3o pr\u00f3pria para as an\u00e1lises curriculares, que ser\u00e1 composta por membros da CRE, objetivando assim, a ado\u00e7\u00e3o de medidas e provid\u00eancias pertinentes ao suprimento de todos os d\u00e9ficits de professores existentes na Rede Estadual de Educa\u00e7\u00e3o de Goi\u00e1s, que garantam os servi\u00e7os prestados \u00e0 comunidade goiana.<\/p>\n<p class=\"Tabela_Texto_Centralizado\" style=\"text-align: center\">SEDUC\/GO<\/p>\n<hr \/>\n<h2 style=\"text-align: center\"><strong>COMUNICADO<\/strong><\/h2>\n<p style=\"text-align: center\"><strong>PARA CONTRATA\u00c7\u00c3O TEMPOR\u00c1RIA<\/strong><\/p>\n<pre style=\"text-align: center\">Publica\u00e7\u00e3o: 03\/09\/2024\nEncerramento: 05\/09\/2024 \u00e0s 18h<\/pre>\n<p style=\"text-align: center\"><strong><span style=\"color: #ff0000\">ENCERRADO<\/span><\/strong><\/p>\n<p class=\"Texto_Justificado\" style=\"text-align: justify\">O Governo do Estado de Goi\u00e1s, atrav\u00e9s da Secretaria de Estado da Educa\u00e7\u00e3o, diante da inexist\u00eancia de Processo Seletivo Simplificado vigente no \u00e2mbito desta Pasta e considerando a exist\u00eancia de d\u00e9ficits de professores nas unidades escolares pertencentes ao munic\u00edpio de Luzi\u00e2nia, jurisdicionado \u00e0 Coordena\u00e7\u00e3o Regional de Educa\u00e7\u00e3o (CRE) de Luzi\u00e2nia, informa que est\u00e1 recebendo curr\u00edculos, para sele\u00e7\u00e3o e contrata\u00e7\u00e3o tempor\u00e1ria com natureza emergencial para atender aos interesses da Administra\u00e7\u00e3o:\u00a0<strong>01 (um) professor para ministrar 32 (trinta e duas) aulas semanais de Hist\u00f3ria, no(s) turno(s) matutino e vespertino no Col\u00e9gio Estadual Professora Lourdes de Oliveira Sampaio,<\/strong>\u00a0durante o vigor da licen\u00e7a, visando afastar eventuais preju\u00edzos educacionais e\/ou pedag\u00f3gicos aos estudantes da Rede Estadual de Educa\u00e7\u00e3o de Goi\u00e1s.<\/p>\n<p class=\"Texto_Justificado\" style=\"text-align: justify\">A presente convoca\u00e7\u00e3o justifica-se por d\u00e9ficit causado por concess\u00e3o de licen\u00e7a m\u00e9dica para tratamento de sa\u00fade a(o) professor(a) titular.<\/p>\n<p class=\"Texto_Justificado\" style=\"text-align: justify\">Os interessados devem encaminhar Curr\u00edculo ao e-mail oficial da Assessoria Financeira da Coordena\u00e7\u00e3o Regional de Educa\u00e7\u00e3o de Luzi\u00e2nia\u00a0(afin.luziania@seduc.go.gov.br), contendo os contatos telef\u00f4nicos e endere\u00e7os de e-mail para correspond\u00eancias eletr\u00f4nicas, e ainda, que no campo Assunto do e-mail, seja informada a Unidade Escolar e a disciplina da vaga pleiteada.<\/p>\n<p class=\"Texto_Justificado\" style=\"text-align: justify\">Oportunamente esclarece, que a Coordena\u00e7\u00e3o Regional de Educa\u00e7\u00e3o de Luzi\u00e2nia\u00a0instituir\u00e1 comiss\u00e3o pr\u00f3pria para as an\u00e1lises curriculares, que ser\u00e1 composta por membros da CRE, objetivando assim, a ado\u00e7\u00e3o de medidas e provid\u00eancias pertinentes ao suprimento de todos os d\u00e9ficits de professores existentes na Rede Estadual de Educa\u00e7\u00e3o de Goi\u00e1s, que garantam os servi\u00e7os prestados \u00e0 comunidade goiana.<\/p>\n<p class=\"Tabela_Texto_Centralizado\" style=\"text-align: center\">SEDUC\/GO<\/p>\n<hr \/>\n<h2 style=\"text-align: center\"><strong>COMUNICADO<\/strong><\/h2>\n<p style=\"text-align: center\"><strong>PARA CONTRATA\u00c7\u00c3O TEMPOR\u00c1RIA<\/strong><\/p>\n<pre style=\"text-align: center\">Publica\u00e7\u00e3o: 03\/09\/2024\nEncerramento: 05\/09\/2024 \u00e0s 18h<\/pre>\n<p class=\"Texto_Justificado\" style=\"text-align: center\"><strong><span style=\"color: #ff0000\">ENCERRADO<\/span><\/strong><\/p>\n<p class=\"Texto_Justificado\" style=\"text-align: justify\">O Governo do Estado de Goi\u00e1s, atrav\u00e9s da Secretaria de Estado da Educa\u00e7\u00e3o, diante da inexist\u00eancia de Processo Seletivo Simplificado vigente no \u00e2mbito desta Pasta e considerando a exist\u00eancia de d\u00e9ficits de professores nas unidades escolares pertencentes ao <strong>munic\u00edpio de <\/strong><strong>Luzi\u00e2nia<\/strong>, jurisdicionado \u00e0 Coordena\u00e7\u00e3o Regional de Educa\u00e7\u00e3o (CRE) de Luzi\u00e2nia, informa que est\u00e1 recebendo curr\u00edculos, para sele\u00e7\u00e3o e contrata\u00e7\u00e3o tempor\u00e1ria com natureza emergencial para atender aos interesses da Administra\u00e7\u00e3o:\u00a0<strong>01 (um) professor para exercer a fun\u00e7\u00e3o 140 (Coordenador Pedag\u00f3gico) e cumprir jornada de trabalho de<\/strong><strong> 40 (quarenta) horas semanais, no(s) turno(s) matutino e vespertino no COL\u00c9GIO ESTADUAL PROFESSORA MARIA PEREIRA VASCONCELOS<\/strong><strong>,<\/strong> visando afastar eventuais preju\u00edzos educacionais e\/ou pedag\u00f3gicos aos estudantes da Rede Estadual de Educa\u00e7\u00e3o de Goi\u00e1s.<\/p>\n<p class=\"Texto_Justificado\" style=\"text-align: justify\">A presente convoca\u00e7\u00e3o justifica-se por d\u00e9ficit causado por rescis\u00e3o a pedido\u00a0 da(o) professor(a) titular.<\/p>\n<p class=\"Texto_Justificado\" style=\"text-align: justify\">Os interessados devem encaminhar Curr\u00edculo ao e-mail oficial da Assessoria Financeira da Coordena\u00e7\u00e3o Regional de Luzi\u00e2nia (afin.luziania@seduc.go.gov.br), contendo os contatos telef\u00f4nicos e endere\u00e7os de e-mail para correspond\u00eancias eletr\u00f4nicas, e ainda, que no campo Assunto do e-mail, seja informada a Unidade Escolar e a disciplina da vaga pleiteada.<\/p>\n<p class=\"Texto_Justificado_Esp15\" style=\"text-align: justify\">Oportunamente esclarece, que a Coordena\u00e7\u00e3o Regional de Educa\u00e7\u00e3o de Luzi\u00e2nia instituir\u00e1 comiss\u00e3o pr\u00f3pria para as an\u00e1lises curriculares, que ser\u00e1 composta por membros da CRE, objetivando assim, a ado\u00e7\u00e3o de medidas e provid\u00eancias pertinentes ao suprimento de todos os d\u00e9ficits de professores existentes na Rede Estadual de Educa\u00e7\u00e3o de Goi\u00e1s, que garantam os servi\u00e7os prestados \u00e0 comunidade goiana.<\/p>\n<p class=\"Tabela_Texto_Centralizado\" style=\"text-align: center\">SEDUC\/GO<\/p>\n<hr \/>\n<h2 style=\"text-align: center\"><strong>COMUNICADO<\/strong><\/h2>\n<p style=\"text-align: center\"><strong>PARA CONTRATA\u00c7\u00c3O TEMPOR\u00c1RIA<\/strong><\/p>\n<pre style=\"text-align: center\">Publica\u00e7\u00e3o: 03\/09\/2024\nEncerramento: 05\/09\/2024 \u00e0s 18h<\/pre>\n<p style=\"text-align: center\"><strong><span style=\"color: #ff0000\">ENCERRADO<\/span><\/strong><\/p>\n<p class=\"Texto_Justificado\" style=\"text-align: justify\">O Governo do Estado de Goi\u00e1s, atrav\u00e9s da Secretaria de Estado da Educa\u00e7\u00e3o, diante da inexist\u00eancia de Processo Seletivo Simplificado vigente no \u00e2mbito desta Pasta e considerando a exist\u00eancia de d\u00e9ficits de professores nas unidades escolares pertencentes ao munic\u00edpio de Luzi\u00e2nia, jurisdicionado \u00e0 Coordena\u00e7\u00e3o Regional de Educa\u00e7\u00e3o (CRE) de Luzi\u00e2nia, informa que est\u00e1 recebendo curr\u00edculos, para sele\u00e7\u00e3o e contrata\u00e7\u00e3o tempor\u00e1ria com natureza emergencial para atender aos interesses da Administra\u00e7\u00e3o, de 01 (um) professor para ministrar 32 (trinta e duas) aulas de <strong>L\u00edngua Portuguesa\u00a0e disciplinas afins, <\/strong>no(s) turno(s)matutino e vespertino no CENTRO DE ENSINO EM PER\u00cdODO INTEGRAL ESTER DA CUNHA PERES, visando afastar eventuais preju\u00edzos educacionais e\/ou pedag\u00f3gicos aos estudantes da Rede Estadual de Educa\u00e7\u00e3o de Goi\u00e1s.<\/p>\n<p class=\"Texto_Justificado\" style=\"text-align: justify\">A presente convoca\u00e7\u00e3o justifica-se por d\u00e9ficit causado por rescis\u00e3o a pedido da(o) professor(a) titular.<\/p>\n<p class=\"Texto_Justificado\" style=\"text-align: justify\">Os interessados devem encaminhar Curr\u00edculo ao e-mail oficial da Assessoria Financeira da Coordena\u00e7\u00e3o Regional de Luzi\u00e2nia\u00a0(afin.luziania@seduc.go.gov.br), contendo os contatos telef\u00f4nicos e endere\u00e7os de e-mail para correspond\u00eancias eletr\u00f4nicas, e ainda, que no campo Assunto do e-mail, seja informada a Unidade Escolar e a disciplina da vaga pleiteada.<\/p>\n<p class=\"Texto_Justificado_Esp15\" style=\"text-align: justify\">Oportunamente esclarece, que a Coordena\u00e7\u00e3o Regional de Educa\u00e7\u00e3o de\u00a0Luzi\u00e2nia\u00a0instituir\u00e1 comiss\u00e3o pr\u00f3pria para as an\u00e1lises curriculares, que ser\u00e1 composta por membros da CRE, objetivando assim, a ado\u00e7\u00e3o de medidas e provid\u00eancias pertinentes ao suprimento de todos os d\u00e9ficits de professores existentes na Rede Estadual de Educa\u00e7\u00e3o de Goi\u00e1s, que garantam os servi\u00e7os prestados \u00e0 comunidade goiana.<\/p>\n<p class=\"Tabela_Texto_Centralizado\" style=\"text-align: center\">SEDUC\/GO<\/p>\n<hr \/>\n<h2 style=\"text-align: center\"><strong>COMUNICADO<\/strong><\/h2>\n<p style=\"text-align: center\"><strong>PARA CONTRATA\u00c7\u00c3O TEMPOR\u00c1RIA<\/strong><\/p>\n<pre style=\"text-align: center\">Publica\u00e7\u00e3o: 03\/09\/2024\nEncerramento: 05\/09\/2024 \u00e0s 18h<\/pre>\n<p style=\"text-align: center\"><strong><span style=\"color: #ff0000\">ENCERRADO<\/span><\/strong><\/p>\n<p class=\"Texto_Justificado\" style=\"text-align: justify\">O Governo do Estado de Goi\u00e1s, atrav\u00e9s da Secretaria de Estado da Educa\u00e7\u00e3o, diante da inexist\u00eancia de Processo Seletivo Simplificado vigente no \u00e2mbito desta Pasta e considerando a exist\u00eancia de d\u00e9ficits de professores nas unidades escolares pertencentes ao munic\u00edpio de Cristalina, jurisdicionado \u00e0 Coordena\u00e7\u00e3o Regional de Educa\u00e7\u00e3o (CRE) de Luzi\u00e2nia, informa que est\u00e1 recebendo curr\u00edculos, para sele\u00e7\u00e3o e contrata\u00e7\u00e3o tempor\u00e1ria com natureza emergencial para atender aos interesses da Administra\u00e7\u00e3o:\u00a0<strong>01 (um) professor para ministrar 32 (trinta e duas) aulas semanais de L\u00edngua Portuguesa e disciplinas afins, no(s) turno(s) matutino e vespertino no CEPI &#8211; Zulca Peixoto de Paiva,<\/strong>\u00a0durante o vigor da licen\u00e7a, visando afastar eventuais preju\u00edzos educacionais e\/ou pedag\u00f3gicos aos estudantes da Rede Estadual de Educa\u00e7\u00e3o de Goi\u00e1s.<\/p>\n<p class=\"Texto_Justificado\" style=\"text-align: justify\">A presente convoca\u00e7\u00e3o justifica-se por d\u00e9ficit causado por concess\u00e3o de licen\u00e7a m\u00e9dica para tratamento de sa\u00fade a(o) professor(a) titular.<\/p>\n<p class=\"Texto_Justificado\" style=\"text-align: justify\">Os interessados devem encaminhar Curr\u00edculo ao e-mail oficial da Assessoria Financeira da Coordena\u00e7\u00e3o Regional de Educa\u00e7\u00e3o de Luzi\u00e2nia\u00a0(afin.luziania@seduc.go.gov.br), contendo os contatos telef\u00f4nicos e endere\u00e7os de e-mail para correspond\u00eancias eletr\u00f4nicas, e ainda, que no campo Assunto do e-mail, seja informada a Unidade Escolar e a disciplina da vaga pleiteada.<\/p>\n<p class=\"Texto_Justificado\" style=\"text-align: justify\">Oportunamente esclarece, que a Coordena\u00e7\u00e3o Regional de Educa\u00e7\u00e3o de Luzi\u00e2nia\u00a0instituir\u00e1 comiss\u00e3o pr\u00f3pria para as an\u00e1lises curriculares, que ser\u00e1 composta por membros da CRE, objetivando assim, a ado\u00e7\u00e3o de medidas e provid\u00eancias pertinentes ao suprimento de todos os d\u00e9ficits de professores existentes na Rede Estadual de Educa\u00e7\u00e3o de Goi\u00e1s, que garantam os servi\u00e7os prestados \u00e0 comunidade goiana.<\/p>\n<p class=\"Tabela_Texto_Centralizado\" style=\"text-align: center\">SEDUC\/GO<\/p>\n<hr \/>\n<h2 style=\"text-align: center\"><strong>COMUNICADO<\/strong><\/h2>\n<p style=\"text-align: center\"><strong>PARA CONTRATA\u00c7\u00c3O TEMPOR\u00c1RIA<\/strong><\/p>\n<pre style=\"text-align: center\">Publica\u00e7\u00e3o: 03\/09\/2024\nEncerramento: 05\/09\/2024 \u00e0s 18h<\/pre>\n<p style=\"text-align: center\"><strong><span style=\"color: #ff0000\">ENCERRADO<\/span><\/strong><\/p>\n<p class=\"Texto_Justificado\" style=\"text-align: justify\">O Governo do Estado de Goi\u00e1s, atrav\u00e9s da Secretaria de Estado da Educa\u00e7\u00e3o, diante da inexist\u00eancia de Processo Seletivo Simplificado vigente no \u00e2mbito desta Pasta e considerando a exist\u00eancia de d\u00e9ficits de professores nas unidades escolares pertencentes ao munic\u00edpio de Luzi\u00e2nia, jurisdicionado \u00e0 Coordena\u00e7\u00e3o Regional de Educa\u00e7\u00e3o (CRE) de Luzi\u00e2nia, informa que est\u00e1 recebendo curr\u00edculos, para sele\u00e7\u00e3o e contrata\u00e7\u00e3o tempor\u00e1ria com natureza emergencial para atender aos interesses da Administra\u00e7\u00e3o:\u00a0<strong>01 (um) professor para ministrar 32 (trinta e duas) aulas semanais de L\u00edngua Portuguesa, no(s) turno(s) <\/strong>matutino, vespertino e noturno\u00a0<strong>no <\/strong>Col\u00e9gio Estadual Professor Vasco dos Reis Gon\u00e7alves<strong>,<\/strong>\u00a0durante o vigor da licen\u00e7a, visando afastar eventuais preju\u00edzos educacionais e\/ou pedag\u00f3gicos aos estudantes da Rede Estadual de Educa\u00e7\u00e3o de Goi\u00e1s.<\/p>\n<p class=\"Texto_Justificado\" style=\"text-align: justify\">A presente convoca\u00e7\u00e3o justifica-se por d\u00e9ficit causado por concess\u00e3o de licen\u00e7a m\u00e9dica para tratamento de sa\u00fade a(o) professor(a) titular.<\/p>\n<p class=\"Texto_Justificado\" style=\"text-align: justify\">Os interessados devem encaminhar Curr\u00edculo ao e-mail oficial da Assessoria Financeira da Coordena\u00e7\u00e3o Regional de Educa\u00e7\u00e3o de Luzi\u00e2nia (afin.luziania@seduc.go.gov.br), contendo os contatos telef\u00f4nicos e endere\u00e7os de e-mail para correspond\u00eancias eletr\u00f4nicas, e ainda, que no campo Assunto do e-mail, seja informada a Unidade Escolar e a disciplina da vaga pleiteada.<\/p>\n<p class=\"Texto_Justificado\" style=\"text-align: justify\">Oportunamente esclarece, que a Coordena\u00e7\u00e3o Regional de Educa\u00e7\u00e3o de Luzi\u00e2nia instituir\u00e1 comiss\u00e3o pr\u00f3pria para as an\u00e1lises curriculares, que ser\u00e1 composta por membros da CRE, objetivando assim, a ado\u00e7\u00e3o de medidas e provid\u00eancias pertinentes ao suprimento de todos os d\u00e9ficits de professores existentes na Rede Estadual de Educa\u00e7\u00e3o de Goi\u00e1s, que garantam os servi\u00e7os prestados \u00e0 comunidade goiana.<\/p>\n<p class=\"Tabela_Texto_Centralizado\" style=\"text-align: center\">SEDUC\/GO<\/p>\n<hr \/>\n<h2 style=\"text-align: center\"><strong>COMUNICADO<\/strong><\/h2>\n<p style=\"text-align: center\"><strong>PARA CONTRATA\u00c7\u00c3O TEMPOR\u00c1RIA<\/strong><\/p>\n<pre style=\"text-align: center\">Publica\u00e7\u00e3o: 02\/09\/2024\nEncerramento: 04\/09\/2024 \u00e0s 18h<\/pre>\n<p style=\"text-align: center\"><strong><span style=\"color: #ff0000\">ENCERRADO<\/span><\/strong><\/p>\n<p class=\"Texto_Justificado\" style=\"text-align: justify\">O Governo do Estado de Goi\u00e1s, atrav\u00e9s da Secretaria de Estado da Educa\u00e7\u00e3o, diante da inexist\u00eancia de Processo Seletivo Simplificado vigente no \u00e2mbito desta Pasta e considerando a exist\u00eancia de d\u00e9ficits de professores nas unidades escolares pertencentes ao munic\u00edpio de\u00a0Cristalina, jurisdicionado \u00e0 Coordena\u00e7\u00e3o Regional de Educa\u00e7\u00e3o (CRE) de Luzi\u00e2nia, informa que est\u00e1 recebendo curr\u00edculos, para sele\u00e7\u00e3o e contrata\u00e7\u00e3o tempor\u00e1ria com natureza emergencial para atender aos interesses da Administra\u00e7\u00e3o:\u00a0<strong>01 (um) professor de Geografia, para ministrar 32 (trinta e duas) aulas no(s) turno(s) matutino e vespertino nos Col\u00e9gio Estadual Jos\u00e9 de Goi\u00e1s Brasil (lota\u00e7\u00e3o principal) e Col\u00e9gio Estadual Adelvina Flores Ribeiro (lota\u00e7\u00e3o secund\u00e1ria)<\/strong>, visando afastar eventuais preju\u00edzos educacionais e\/ou pedag\u00f3gicos aos estudantes da Rede Estadual de Educa\u00e7\u00e3o de Goi\u00e1s.<\/p>\n<p class=\"Texto_Justificado\" style=\"text-align: justify\">A presente convoca\u00e7\u00e3o justifica-se por d\u00e9ficit causado por exonera\u00e7\u00e3o a pedido\u00a0 da(o) professor(a) titular.<\/p>\n<p class=\"Texto_Justificado\" style=\"text-align: justify\">Os interessados devem encaminhar Curr\u00edculo ao e-mail oficial da Assessoria Financeira da Coordena\u00e7\u00e3o Regional de Luzi\u00e2nia\u00a0(afin.luziania@seduc.go.gov.br), contendo os contatos telef\u00f4nicos e endere\u00e7os de e-mail para correspond\u00eancias eletr\u00f4nicas, e ainda, que no campo Assunto do e-mail, seja informada a Unidade Escolar e a disciplina da vaga pleiteada.<\/p>\n<p class=\"Texto_Justificado_Esp15\" style=\"text-align: justify\">Oportunamente esclarece, que a Coordena\u00e7\u00e3o Regional de Educa\u00e7\u00e3o de Luzi\u00e2nia\u00a0instituir\u00e1 comiss\u00e3o pr\u00f3pria para as an\u00e1lises curriculares, que ser\u00e1 composta por membros da CRE, objetivando assim, a ado\u00e7\u00e3o de medidas e provid\u00eancias pertinentes ao suprimento de todos os d\u00e9ficits de professores existentes na Rede Estadual de Educa\u00e7\u00e3o de Goi\u00e1s, que garantam os servi\u00e7os prestados \u00e0 comunidade goiana.<\/p>\n<p class=\"Tabela_Texto_Centralizado\" style=\"text-align: center\">SEDUC\/GO<\/p>\n<hr \/>\n<h2 style=\"text-align: center\"><strong>COMUNICADO<\/strong><\/h2>\n<p style=\"text-align: center\"><strong>PARA CONTRATA\u00c7\u00c3O TEMPOR\u00c1RIA<\/strong><\/p>\n<pre style=\"text-align: center\">Publica\u00e7\u00e3o: 02\/09\/2024\nEncerramento: 04\/09\/2024 \u00e0s 18h<\/pre>\n<p style=\"text-align: center\"><strong><span style=\"color: #ff0000\">ENCERRADO<\/span><\/strong><\/p>\n<p class=\"Texto_Justificado\" style=\"text-align: justify\">O Governo do Estado de Goi\u00e1s, atrav\u00e9s da Secretaria de Estado da Educa\u00e7\u00e3o, diante da inexist\u00eancia de Processo Seletivo Simplificado vigente no \u00e2mbito desta Pasta e considerando a exist\u00eancia de d\u00e9ficits de professores nas unidades escolares pertencentes ao munic\u00edpio de\u00a0Luzi\u00e2nia, jurisdicionado \u00e0 Coordena\u00e7\u00e3o Regional de Educa\u00e7\u00e3o (CRE) de Luzi\u00e2nia, informa que est\u00e1 recebendo curr\u00edculos, para sele\u00e7\u00e3o e contrata\u00e7\u00e3o tempor\u00e1ria com natureza emergencial para atender aos interesses da Administra\u00e7\u00e3o:\u00a001 (um) professor de para ministrar\u00a0<strong>32 (trinta e duas) aulas, de Ci\u00eancias da Natureza e disciplinas afins, no(s) turno(s) matutino, vespertino e noturno no\u00a0<\/strong>Col\u00e9gio Estadual Padre D\u00e1rio de Romedis<strong>,<\/strong>\u00a0a partir de 05\/09\/2024, visando afastar eventuais preju\u00edzos educacionais e\/ou pedag\u00f3gicos aos estudantes da Rede Estadual de Educa\u00e7\u00e3o de Goi\u00e1s.<\/p>\n<p class=\"Texto_Justificado\" style=\"text-align: justify\">A presente convoca\u00e7\u00e3o justifica-se por d\u00e9ficit causado por vac\u00e2ncia concedida a(o) professor(a) titular.<\/p>\n<p class=\"Texto_Justificado\" style=\"text-align: justify\">Os interessados devem encaminhar Curr\u00edculo ao e-mail oficial da Assessoria Financeira da Coordena\u00e7\u00e3o Regional de Luzi\u00e2nia\u00a0(afin.luziania@seduc.go.gov.br), contendo os contatos telef\u00f4nicos e endere\u00e7os de e-mail para correspond\u00eancias eletr\u00f4nicas, e ainda, que no campo Assunto do e-mail, seja informada a Unidade Escolar e a disciplina da vaga pleiteada.<\/p>\n<p class=\"Texto_Justificado_Esp15\" style=\"text-align: justify\">Oportunamente esclarece, que a Coordena\u00e7\u00e3o Regional de Educa\u00e7\u00e3o de\u00a0Luzi\u00e2nia\u00a0instituir\u00e1 comiss\u00e3o pr\u00f3pria para as an\u00e1lises curriculares, que ser\u00e1 composta por membros da CRE, objetivando assim, a ado\u00e7\u00e3o de medidas e provid\u00eancias pertinentes ao suprimento de todos os d\u00e9ficits de professores existentes na Rede Estadual de Educa\u00e7\u00e3o de Goi\u00e1s, que garantam os servi\u00e7os prestados \u00e0 comunidade goiana.<\/p>\n<p class=\"Tabela_Texto_Centralizado\" style=\"text-align: center\">SEDUC\/GO<\/p>\n<hr \/>\n<h2 style=\"text-align: center\"><strong>COMUNICADO<\/strong><\/h2>\n<p style=\"text-align: center\"><strong>PARA CONTRATA\u00c7\u00c3O TEMPOR\u00c1RIA<\/strong><\/p>\n<pre style=\"text-align: center\">Publica\u00e7\u00e3o: 02\/09\/2024\nEncerramento: 04\/09\/2024 \u00e0s 18h<\/pre>\n<p style=\"text-align: center\"><strong><span style=\"color: #ff0000\">ENCERRADO<\/span><\/strong><\/p>\n<p class=\"Texto_Justificado\" style=\"text-align: justify\">O Governo do Estado de Goi\u00e1s, atrav\u00e9s da Secretaria de Estado da Educa\u00e7\u00e3o, diante da inexist\u00eancia de Processo Seletivo Simplificado vigente no \u00e2mbito desta Pasta e considerando a exist\u00eancia de d\u00e9ficits de professores nas unidades escolares pertencentes ao munic\u00edpio de Luzi\u00e2nia, jurisdicionado \u00e0 Coordena\u00e7\u00e3o Regional de Educa\u00e7\u00e3o (CRE) de Luzi\u00e2nia, informa que est\u00e1 recebendo curr\u00edculos, para sele\u00e7\u00e3o e contrata\u00e7\u00e3o tempor\u00e1ria com natureza emergencial para atender aos interesses da Administra\u00e7\u00e3o:\u00a001 (um) professor de Educa\u00e7\u00e3o F\u00edsica para ministrar 24 (vinte e quatro) aulas semanais no(s) turno(s) matutino e vespertino no Col\u00e9gio Estadual Professor Ant\u00f4nio Valdir Roriz, visando afastar eventuais preju\u00edzos educacionais e\/ou pedag\u00f3gicos aos estudantes da Rede Estadual de Educa\u00e7\u00e3o de Goi\u00e1s.<\/p>\n<p class=\"Texto_Justificado\" style=\"text-align: justify\">A presente convoca\u00e7\u00e3o justifica-se por d\u00e9ficit causado por concess\u00e3o de aposentadoria a(o) professor(a) titular.<\/p>\n<p class=\"Texto_Justificado\" style=\"text-align: justify\">Os interessados devem encaminhar Curr\u00edculo ao e-mail oficial da Assessoria Financeira da Coordena\u00e7\u00e3o Regional de Educa\u00e7\u00e3o de Luzi\u00e2nia (afin.luziania@seduc.go.gov.br), contendo os contatos telef\u00f4nicos e endere\u00e7os de e-mail para correspond\u00eancias eletr\u00f4nicas, e ainda, que no campo Assunto do e-mail, seja informada a Unidade Escolar e a disciplina da vaga pleiteada.<\/p>\n<p class=\"Texto_Justificado_Esp15\" style=\"text-align: justify\">Oportunamente esclarece, que a Coordena\u00e7\u00e3o Regional de Educa\u00e7\u00e3o de Luzi\u00e2nia instituir\u00e1 comiss\u00e3o pr\u00f3pria para as an\u00e1lises curriculares, que ser\u00e1 composta por membros da CRE, objetivando assim, a ado\u00e7\u00e3o de medidas e provid\u00eancias pertinentes ao suprimento de todos os d\u00e9ficits de professores existentes na Rede Estadual de Educa\u00e7\u00e3o de Goi\u00e1s, que garantam os servi\u00e7os prestados \u00e0 comunidade goiana.<\/p>\n<p class=\"Tabela_Texto_Centralizado\" style=\"text-align: center\">SEDUC\/GO<\/p>\n<hr \/>\n<h2 style=\"text-align: center\"><strong>COMUNICADO<\/strong><\/h2>\n<p style=\"text-align: center\"><strong>PARA CONTRATA\u00c7\u00c3O TEMPOR\u00c1RIA<\/strong><\/p>\n<pre style=\"text-align: center\">Publica\u00e7\u00e3o: 02\/09\/2024\nEncerramento: 04\/09\/2024 \u00e0s 18h<\/pre>\n<p style=\"text-align: center\"><strong><span style=\"color: #ff0000\">ENCERRADO<\/span><\/strong><\/p>\n<p class=\"Texto_Justificado\" style=\"text-align: justify\">O Governo do Estado de Goi\u00e1s, atrav\u00e9s da Secretaria de Estado da Educa\u00e7\u00e3o, diante da inexist\u00eancia de Processo Seletivo Simplificado vigente no \u00e2mbito desta Pasta e considerando a exist\u00eancia de d\u00e9ficits de professores nas unidades escolares pertencentes ao munic\u00edpio de Cristalina, jurisdicionado \u00e0 Coordena\u00e7\u00e3o Regional de Educa\u00e7\u00e3o (CRE) de Luzi\u00e2nia, informa que est\u00e1 recebendo curr\u00edculos, para sele\u00e7\u00e3o e contrata\u00e7\u00e3o tempor\u00e1ria com natureza emergencial para atender aos interesses da Administra\u00e7\u00e3o: de 01 (um) professor de Matem\u00e1tica para ministrar 14 (quatorze) aulas semanais e cumprir 20 (vinte) horas semanais na fun\u00e7\u00e3o de Coordena\u00e7\u00e3o de \u00c1rea no(s) turno(s) integral no Centro de Ensino em Per\u00edodo Integral Zulca Peixoto de Paiva, visando afastar eventuais preju\u00edzos educacionais e\/ou pedag\u00f3gicos aos estudantes da Rede Estadual de Educa\u00e7\u00e3o de Goi\u00e1s.<\/p>\n<p class=\"Texto_Justificado\" style=\"text-align: justify\">A presente convoca\u00e7\u00e3o justifica-se por d\u00e9ficit causado por concess\u00e3o de licen\u00e7a m\u00e9dica para tratamento de sa\u00fade a(o) professor(a) titular.<\/p>\n<p class=\"Texto_Justificado\" style=\"text-align: justify\">Os interessados devem encaminhar Curr\u00edculo ao e-mail oficial da Assessoria Financeira da Coordena\u00e7\u00e3o Regional de Educa\u00e7\u00e3o de Luzi\u00e2nia (afin.luziania@seduc.go.gov.br), contendo os contatos telef\u00f4nicos e endere\u00e7os de e-mail para correspond\u00eancias eletr\u00f4nicas, e ainda, que no campo Assunto do e-mail, seja informada a Unidade Escolar e a disciplina da vaga pleiteada.<\/p>\n<p class=\"Texto_Justificado\" style=\"text-align: justify\">Oportunamente esclarece, que a Coordena\u00e7\u00e3o Regional de Educa\u00e7\u00e3o de Luzi\u00e2nia instituir\u00e1 comiss\u00e3o pr\u00f3pria para as an\u00e1lises curriculares, que ser\u00e1 composta por membros da CRE, objetivando assim, a ado\u00e7\u00e3o de medidas e provid\u00eancias pertinentes ao suprimento de todos os d\u00e9ficits de professores existentes na Rede Estadual de Educa\u00e7\u00e3o de Goi\u00e1s, que garantam os servi\u00e7os prestados \u00e0 comunidade goiana.<\/p>\n<p class=\"Tabela_Texto_Centralizado\" style=\"text-align: center\">SEDUC\/GO<\/p>\n<hr \/>\n<h2 style=\"text-align: center\"><strong>COMUNICADO<\/strong><\/h2>\n<p style=\"text-align: center\"><strong>PARA CONTRATA\u00c7\u00c3O TEMPOR\u00c1RIA<\/strong><\/p>\n<pre style=\"text-align: center\">Publica\u00e7\u00e3o: 02\/09\/2024\nEncerramento: 04\/09\/2024 \u00e0s 18h<\/pre>\n<p style=\"text-align: center\"><strong><span style=\"color: #ff0000\">ENCERRADO<\/span><\/strong><\/p>\n<p class=\"Texto_Justificado\" style=\"text-align: justify\">O Governo do Estado de Goi\u00e1s, atrav\u00e9s da Secretaria de Estado da Educa\u00e7\u00e3o, diante da inexist\u00eancia de Processo Seletivo Simplificado vigente no \u00e2mbito desta Pasta e considerando a exist\u00eancia de d\u00e9ficits de professores nas unidades escolares pertencentes ao munic\u00edpio de Luzi\u00e2nia, jurisdicionado \u00e0 Coordena\u00e7\u00e3o Regional de Educa\u00e7\u00e3o (CRE) de Luzi\u00e2nia, informa que est\u00e1 recebendo curr\u00edculos, para sele\u00e7\u00e3o e contrata\u00e7\u00e3o tempor\u00e1ria com natureza emergencial para atender aos interesses da Administra\u00e7\u00e3o:\u00a0<strong>01 (um) professor para ministrar 21 (vinte e uma) aulas semanais de L\u00edngua Inglesa, L\u00edngua Portuguesa e disciplinas afins, no(s) turno(s) <\/strong>noturno no Col\u00e9gio Estadual Professora Maria Pereira Vasconcelos, visando afastar eventuais preju\u00edzos educacionais e\/ou pedag\u00f3gicos aos estudantes da Rede Estadual de Educa\u00e7\u00e3o de Goi\u00e1s.<\/p>\n<p class=\"Texto_Justificado\" style=\"text-align: justify\">A presente convoca\u00e7\u00e3o justifica-se por d\u00e9ficit causado por concess\u00e3o de licen\u00e7a m\u00e9dica para tratamento de sa\u00fade a(o) professor(a) titular.<\/p>\n<p class=\"Texto_Justificado\" style=\"text-align: justify\">Os interessados devem encaminhar Curr\u00edculo ao e-mail oficial da Assessoria Financeira da Coordena\u00e7\u00e3o Regional de Educa\u00e7\u00e3o de Luzi\u00e2nia (afin.luziania@seduc.go.gov.br), contendo os contatos telef\u00f4nicos e endere\u00e7os de e-mail para correspond\u00eancias eletr\u00f4nicas, e ainda, que no campo Assunto do e-mail, seja informada a Unidade Escolar e a disciplina da vaga pleiteada.<\/p>\n<p class=\"Texto_Justificado\" style=\"text-align: justify\">Oportunamente esclarece, que a Coordena\u00e7\u00e3o Regional de Educa\u00e7\u00e3o de Luzi\u00e2nia instituir\u00e1 comiss\u00e3o pr\u00f3pria para as an\u00e1lises curriculares, que ser\u00e1 composta por membros da CRE, objetivando assim, a ado\u00e7\u00e3o de medidas e provid\u00eancias pertinentes ao suprimento de todos os d\u00e9ficits de professores existentes na Rede Estadual de Educa\u00e7\u00e3o de Goi\u00e1s, que garantam os servi\u00e7os prestados \u00e0 comunidade goiana.<\/p>\n<p class=\"Tabela_Texto_Centralizado\" style=\"text-align: center\">SEDUC\/GO<\/p>\n<hr \/>\n<h2 style=\"text-align: center\"><strong>COMUNICADO<\/strong><\/h2>\n<p style=\"text-align: center\"><strong>PARA CONTRATA\u00c7\u00c3O TEMPOR\u00c1RIA<\/strong><\/p>\n<pre style=\"text-align: center\">Publica\u00e7\u00e3o: 02\/09\/2024\nEncerramento: 04\/09\/2024 \u00e0s 18h<\/pre>\n<p style=\"text-align: center\"><strong><span style=\"color: #ff0000\">ENCERRADO<\/span><\/strong><\/p>\n<p class=\"Texto_Justificado\" style=\"text-align: justify\">O Governo do Estado de Goi\u00e1s, atrav\u00e9s da Secretaria de Estado da Educa\u00e7\u00e3o, diante da inexist\u00eancia de Processo Seletivo Simplificado vigente no \u00e2mbito desta Pasta e considerando a exist\u00eancia de d\u00e9ficits de professores nas unidades escolares pertencentes ao munic\u00edpio de <strong>Cristalina<\/strong>, jurisdicionado \u00e0 Coordena\u00e7\u00e3o Regional de Educa\u00e7\u00e3o (CRE) de <strong>Luzi\u00e2nia<\/strong>, informa que est\u00e1 recebendo curr\u00edculos, para sele\u00e7\u00e3o e contrata\u00e7\u00e3o tempor\u00e1ria com natureza emergencial para atender aos interesses da Administra\u00e7\u00e3o:\u00a0<strong>01 (um) professor para ministrar <\/strong><strong>30 (trinta) aulas de Hist\u00f3ria, no(s) turno(s) matutino e\u00a0 vespertino no COL\u00c9GIO ESTADUAL CAMPOS LINDOS<\/strong><strong>,<\/strong> visando afastar eventuais preju\u00edzos educacionais e\/ou pedag\u00f3gicos aos estudantes da Rede Estadual de Educa\u00e7\u00e3o de Goi\u00e1s.<\/p>\n<p class=\"Texto_Justificado\" style=\"text-align: justify\">A presente convoca\u00e7\u00e3o justifica-se por d\u00e9ficit causado por rescis\u00e3o a pedido\u00a0 da(o) professor(a) titular.<\/p>\n<p class=\"Texto_Justificado\" style=\"text-align: justify\">Os interessados devem encaminhar Curr\u00edculo ao e-mail oficial da Assessoria Financeira da Coordena\u00e7\u00e3o Regional de Luzi\u00e2nia (afin.luziania@seduc.go.gov.br), contendo os contatos telef\u00f4nicos e endere\u00e7os de e-mail para correspond\u00eancias eletr\u00f4nicas, e ainda, que no campo Assunto do e-mail, seja informada a Unidade Escolar e a disciplina da vaga pleiteada.<\/p>\n<p class=\"Texto_Justificado_Esp15\" style=\"text-align: justify\">Oportunamente esclarece, que a Coordena\u00e7\u00e3o Regional de Educa\u00e7\u00e3o de Luzi\u00e2nia instituir\u00e1 comiss\u00e3o pr\u00f3pria para as an\u00e1lises curriculares, que ser\u00e1 composta por membros da CRE, objetivando assim, a ado\u00e7\u00e3o de medidas e provid\u00eancias pertinentes ao suprimento de todos os d\u00e9ficits de professores existentes na Rede Estadual de Educa\u00e7\u00e3o de Goi\u00e1s, que garantam os servi\u00e7os prestados \u00e0 comunidade goiana.<\/p>\n<p class=\"Tabela_Texto_Centralizado\" style=\"text-align: center\">SEDUC\/GO<\/p>\n<hr \/>\n<h2 style=\"text-align: center\"><strong>COMUNICADO<\/strong><\/h2>\n<p style=\"text-align: center\"><strong>PARA CONTRATA\u00c7\u00c3O TEMPOR\u00c1RIA<\/strong><\/p>\n<pre style=\"text-align: center\">Publica\u00e7\u00e3o: 02\/09\/2024\nEncerramento: 04\/09\/2024 \u00e0s 18h<\/pre>\n<p style=\"text-align: center\"><strong><span style=\"color: #ff0000\">ENCERRADO<\/span><\/strong><\/p>\n<p class=\"Texto_Justificado\" style=\"text-align: justify\">O Governo do Estado de Goi\u00e1s, atrav\u00e9s da Secretaria de Estado da Educa\u00e7\u00e3o, diante da inexist\u00eancia de Processo Seletivo Simplificado vigente no \u00e2mbito desta Pasta e considerando a exist\u00eancia de d\u00e9ficits de professores nas unidades escolares pertencentes ao munic\u00edpio de Cristalina, jurisdicionado \u00e0 Coordena\u00e7\u00e3o Regional de Educa\u00e7\u00e3o (CRE) de Luzi\u00e2nia, informa que est\u00e1 recebendo curr\u00edculos, para sele\u00e7\u00e3o e contrata\u00e7\u00e3o tempor\u00e1ria com natureza emergencial para atender aos interesses da Administra\u00e7\u00e3o:\u00a0<strong>01 (um) professor para ministrar 32 (trinta e duas) aulas semanais de disciplinas relacionadas \u00e0s Ci\u00eancias Humanas, no(s) turno(s) matutino e vespertino no <\/strong>CENTRO DE ENSINO EM PER\u00cdODO INTEGRAL ZULCA PEIXOTO DE PAIVA<strong>,<\/strong> visando afastar eventuais preju\u00edzos educacionais e\/ou pedag\u00f3gicos aos estudantes da Rede Estadual de Educa\u00e7\u00e3o de Goi\u00e1s.<\/p>\n<p class=\"Texto_Justificado\" style=\"text-align: justify\">A presente convoca\u00e7\u00e3o justifica-se por d\u00e9ficit causado por concess\u00e3o de licen\u00e7a m\u00e9dica para tratamento de sa\u00fade a(o) professor(a) titular.<\/p>\n<p class=\"Texto_Justificado\" style=\"text-align: justify\">Os interessados devem encaminhar Curr\u00edculo ao e-mail oficial da Assessoria Financeira da Coordena\u00e7\u00e3o Regional de Educa\u00e7\u00e3o de Luzi\u00e2nia (afin.luziania@seduc.go.gov.br), contendo os contatos telef\u00f4nicos e endere\u00e7os de e-mail para correspond\u00eancias eletr\u00f4nicas, e ainda, que no campo Assunto do e-mail, seja informada a Unidade Escolar e a disciplina da vaga pleiteada.<\/p>\n<p class=\"Texto_Justificado\" style=\"text-align: justify\">Oportunamente esclarece, que a Coordena\u00e7\u00e3o Regional de Educa\u00e7\u00e3o de Luzi\u00e2nia instituir\u00e1 comiss\u00e3o pr\u00f3pria para as an\u00e1lises curriculares, que ser\u00e1 composta por membros da CRE, objetivando assim, a ado\u00e7\u00e3o de medidas e provid\u00eancias pertinentes ao suprimento de todos os d\u00e9ficits de professores existentes na Rede Estadual de Educa\u00e7\u00e3o de Goi\u00e1s, que garantam os servi\u00e7os prestados \u00e0 comunidade goiana.<\/p>\n<p class=\"Tabela_Texto_Centralizado\" style=\"text-align: center\">SEDUC\/GO<\/p>\n<hr \/>\n<h2 style=\"text-align: center\"><strong>COMUNICADO<\/strong><\/h2>\n<p style=\"text-align: center\"><strong>PARA CONTRATA\u00c7\u00c3O TEMPOR\u00c1RIA<\/strong><\/p>\n<pre style=\"text-align: center\">Publica\u00e7\u00e3o: 13\/08\/2024\nEncerramento: 15\/08\/2024 \u00e0s 18h<\/pre>\n<p style=\"text-align: center\"><strong><span style=\"color: #ff0000\">ENCERRADO<\/span><\/strong><\/p>\n<p class=\"Texto_Justificado\" style=\"text-align: justify\">O Governo do Estado de Goi\u00e1s, atrav\u00e9s da Secretaria de Estado da Educa\u00e7\u00e3o, diante da inexist\u00eancia de Processo Seletivo Simplificado vigente no \u00e2mbito desta Pasta e considerando a exist\u00eancia de d\u00e9ficits de professores nas unidades escolares pertencentes ao munic\u00edpio de Luzi\u00e2nia, jurisdicionado \u00e0 Coordena\u00e7\u00e3o Regional de Educa\u00e7\u00e3o (CRE) de Luzi\u00e2nia, informa que est\u00e1 recebendo curr\u00edculos, para sele\u00e7\u00e3o e contrata\u00e7\u00e3o tempor\u00e1ria com natureza emergencial para atender aos interesses da Administra\u00e7\u00e3o:\u00a0<strong>01 (um) professor para ministrar 32 (trinta e duas) aulas semanais de L\u00edngua Portuguesa e disciplinas afins, no(s) turno(s) matutino e noturno no <\/strong>Col\u00e9gio Estadual Professor Antonio Valdir Roriz<strong>,<\/strong> at\u00e9 20\/09\/2024, visando afastar eventuais preju\u00edzos educacionais e\/ou pedag\u00f3gicos aos estudantes da Rede Estadual de Educa\u00e7\u00e3o de Goi\u00e1s.<\/p>\n<p class=\"Texto_Justificado\" style=\"text-align: justify\">A presente convoca\u00e7\u00e3o justifica-se por d\u00e9ficit causado por concess\u00e3o de licen\u00e7a m\u00e9dica para tratamento de sa\u00fade a(o) professor(a) titular.<\/p>\n<p class=\"Texto_Justificado\" style=\"text-align: justify\">Os interessados devem encaminhar Curr\u00edculo ao e-mail oficial da Assessoria Financeira da Coordena\u00e7\u00e3o Regional de Educa\u00e7\u00e3o de Luzi\u00e2nia\u00a0(afin.luziania@seduc.go.gov.br), contendo os contatos telef\u00f4nicos e endere\u00e7os de e-mail para correspond\u00eancias eletr\u00f4nicas, e ainda, que no campo Assunto do e-mail, seja informada a Unidade Escolar e a disciplina da vaga pleiteada.<\/p>\n<p class=\"Texto_Justificado\" style=\"text-align: justify\">Oportunamente esclarece, que a Coordena\u00e7\u00e3o Regional de Educa\u00e7\u00e3o de Luzi\u00e2nia\u00a0instituir\u00e1 comiss\u00e3o pr\u00f3pria para as an\u00e1lises curriculares, que ser\u00e1 composta por membros da CRE, objetivando assim, a ado\u00e7\u00e3o de medidas e provid\u00eancias pertinentes ao suprimento de todos os d\u00e9ficits de professores existentes na Rede Estadual de Educa\u00e7\u00e3o de Goi\u00e1s, que garantam os servi\u00e7os prestados \u00e0 comunidade goiana.<\/p>\n<p class=\"Tabela_Texto_Centralizado\" style=\"text-align: center\">SEDUC\/GO<\/p>\n<hr \/>\n<h2 style=\"text-align: center\"><strong>COMUNICADO<\/strong><\/h2>\n<p style=\"text-align: center\"><strong>PARA CONTRATA\u00c7\u00c3O TEMPOR\u00c1RIA<\/strong><\/p>\n<pre style=\"text-align: center\">Publica\u00e7\u00e3o: 08\/08\/2024\nEncerramento: 12\/08\/2024 \u00e0s 18h<\/pre>\n<p style=\"text-align: center\"><strong><span style=\"color: #ff0000\">ENCERRADO<\/span><\/strong><\/p>\n<p class=\"Texto_Justificado\" style=\"text-align: justify\">O Governo do Estado de Goi\u00e1s, atrav\u00e9s da Secretaria de Estado da Educa\u00e7\u00e3o, diante da inexist\u00eancia de Processo Seletivo Simplificado vigente no \u00e2mbito desta Pasta e considerando a exist\u00eancia de d\u00e9ficits de professores nas unidades escolares pertencentes ao <strong>munic\u00edpio de\u00a0Luzi\u00e2nia<\/strong>, jurisdicionado \u00e0 Coordena\u00e7\u00e3o Regional de Educa\u00e7\u00e3o (CRE) de Luzi\u00e2nia, informa que est\u00e1 recebendo curr\u00edculos, para sele\u00e7\u00e3o e contrata\u00e7\u00e3o tempor\u00e1ria com natureza emergencial para atender aos interesses da Administra\u00e7\u00e3o:\u00a0<strong>01 (um) professor de para ministrar<\/strong><strong> 32 (trinta e duas) aulas de Hist\u00f3ria e disciplinas afins, no(s) turno(s) matutino e vespertino no Col\u00e9gio Estadual Vasco dos Reis Gon\u00e7alves,<\/strong>\u00a0visando afastar eventuais preju\u00edzos educacionais e\/ou pedag\u00f3gicos aos estudantes da Rede Estadual de Educa\u00e7\u00e3o de Goi\u00e1s.<\/p>\n<p class=\"Texto_Justificado\" style=\"text-align: justify\">A presente convoca\u00e7\u00e3o justifica-se por d\u00e9ficit causado por exonera\u00e7\u00e3o a pedido\u00a0 da(o) professor(a) titular.<\/p>\n<p class=\"Texto_Justificado\" style=\"text-align: justify\">Os interessados devem encaminhar Curr\u00edculo ao e-mail oficial da Assessoria Financeira da Coordena\u00e7\u00e3o Regional de Luzi\u00e2nia\u00a0(afin.luziania@seduc.go.gov.br), contendo os contatos telef\u00f4nicos e endere\u00e7os de e-mail para correspond\u00eancias eletr\u00f4nicas, e ainda, que no campo Assunto do e-mail, seja informada a Unidade Escolar e a disciplina da vaga pleiteada.<\/p>\n<p class=\"Texto_Justificado_Esp15\" style=\"text-align: justify\">Oportunamente esclarece, que a Coordena\u00e7\u00e3o Regional de Educa\u00e7\u00e3o de\u00a0Luzi\u00e2nia\u00a0instituir\u00e1 comiss\u00e3o pr\u00f3pria para as an\u00e1lises curriculares, que ser\u00e1 composta por membros da CRE, objetivando assim, a ado\u00e7\u00e3o de medidas e provid\u00eancias pertinentes ao suprimento de todos os d\u00e9ficits de professores existentes na Rede Estadual de Educa\u00e7\u00e3o de Goi\u00e1s, que garantam os servi\u00e7os prestados \u00e0 comunidade goiana.<\/p>\n<p class=\"Tabela_Texto_Centralizado\" style=\"text-align: center\">SEDUC\/GO<\/p>\n<hr \/>\n<h2 style=\"text-align: center\"><strong>COMUNICADO<\/strong><\/h2>\n<p style=\"text-align: center\"><strong>PARA CONTRATA\u00c7\u00c3O TEMPOR\u00c1RIA<\/strong><\/p>\n<pre style=\"text-align: center\">Publica\u00e7\u00e3o: 08\/08\/2024\nEncerramento: 12\/08\/2024 \u00e0s 18h<\/pre>\n<p style=\"text-align: center\"><strong><span style=\"color: #ff0000\">ENCERRADO<\/span><\/strong><\/p>\n<p class=\"Texto_Justificado\" style=\"text-align: justify\">O Governo do Estado de Goi\u00e1s, atrav\u00e9s da Secretaria de Estado da Educa\u00e7\u00e3o, diante da inexist\u00eancia de Processo Seletivo Simplificado vigente no \u00e2mbito desta Pasta e considerando a exist\u00eancia de d\u00e9ficits de professores nas unidades escolares pertencentes ao <strong>munic\u00edpio de\u00a0<\/strong><strong>Luzi\u00e2nia<\/strong>, jurisdicionado \u00e0 Coordena\u00e7\u00e3o Regional de Educa\u00e7\u00e3o (CRE) de Luzi\u00e2nia, informa que est\u00e1 recebendo curr\u00edculos, para sele\u00e7\u00e3o e contrata\u00e7\u00e3o tempor\u00e1ria com natureza emergencial para atender aos interesses da Administra\u00e7\u00e3o: 01 (um) professor de Matem\u00e1tica, para ministrar 24 (vinte e quatro) aulas no(s) turno(s) matutino no COL\u00c9GIO ESTADUAL PROFESORA LOURDES DE OLIVEIRA SAMPAIO, visando afastar eventuais preju\u00edzos educacionais e\/ou pedag\u00f3gicos aos estudantes da Rede Estadual de Educa\u00e7\u00e3o de Goi\u00e1s.<\/p>\n<p class=\"Texto_Justificado\" style=\"text-align: justify\">A presente convoca\u00e7\u00e3o justifica-se por d\u00e9ficit causado por remo\u00e7\u00e3o a pedido\u00a0 da(o) professor(a) titular.<\/p>\n<p class=\"Texto_Justificado\" style=\"text-align: justify\">Os interessados devem encaminhar Curr\u00edculo ao e-mail oficial da Assessoria Financeira da Coordena\u00e7\u00e3o Regional de Luzi\u00e2nia\u00a0(afin.luziania@seduc.go.gov.br), contendo os contatos telef\u00f4nicos e endere\u00e7os de e-mail para correspond\u00eancias eletr\u00f4nicas, e ainda, que no campo Assunto do e-mail, seja informada a Unidade Escolar e a disciplina da vaga pleiteada.<\/p>\n<p class=\"Texto_Justificado_Esp15\" style=\"text-align: justify\">Oportunamente esclarece, que a Coordena\u00e7\u00e3o Regional de Educa\u00e7\u00e3o de\u00a0Luzi\u00e2nia\u00a0instituir\u00e1 comiss\u00e3o pr\u00f3pria para as an\u00e1lises curriculares, que ser\u00e1 composta por membros da CRE, objetivando assim, a ado\u00e7\u00e3o de medidas e provid\u00eancias pertinentes ao suprimento de todos os d\u00e9ficits de professores existentes na Rede Estadual de Educa\u00e7\u00e3o de Goi\u00e1s, que garantam os servi\u00e7os prestados \u00e0 comunidade goiana.<\/p>\n<p class=\"Tabela_Texto_Centralizado\" style=\"text-align: center\">SEDUC\/GO<\/p>\n<hr \/>\n<h2 style=\"text-align: center\"><strong>COMUNICADO<\/strong><\/h2>\n<p style=\"text-align: center\"><strong>PARA CONTRATA\u00c7\u00c3O TEMPOR\u00c1RIA<\/strong><\/p>\n<pre style=\"text-align: center\">Publica\u00e7\u00e3o: 08\/08\/2024\nEncerramento: 12\/08\/2024 \u00e0s 18h<\/pre>\n<p style=\"text-align: center\"><strong><span style=\"color: #ff0000\">ENCERRADO<\/span><\/strong><\/p>\n<p class=\"Texto_Justificado\" style=\"text-align: justify\">O Governo do Estado de Goi\u00e1s, atrav\u00e9s da Secretaria de Estado da Educa\u00e7\u00e3o, diante da inexist\u00eancia de Processo Seletivo Simplificado vigente no \u00e2mbito desta Pasta e considerando a exist\u00eancia de d\u00e9ficits de professores nas unidades escolares pertencentes ao munic\u00edpio de Luzi\u00e2nia, jurisdicionado \u00e0 Coordena\u00e7\u00e3o Regional de Educa\u00e7\u00e3o (CRE) de Luzi\u00e2nia, informa que est\u00e1 recebendo curr\u00edculos, para sele\u00e7\u00e3o e contrata\u00e7\u00e3o tempor\u00e1ria com natureza emergencial para atender aos interesses da Administra\u00e7\u00e3o:\u00a0<strong>01 (um) professor de Pedagogia para assumir a Coordena\u00e7\u00e3o pedag\u00f3gica com carga hor\u00e1ria de 40 (quarenta) horas semanais nos turnos matutino e vespertino no Col\u00e9gio Posto Ip\u00ea<\/strong><strong>,<\/strong>\u00a0a partir de 01\/08\/2024 , visando afastar eventuais preju\u00edzos educacionais e\/ou pedag\u00f3gicos aos estudantes da Rede Estadual de Educa\u00e7\u00e3o de Goi\u00e1s.<\/p>\n<p class=\"Texto_Justificado\" style=\"text-align: justify\">A presente convoca\u00e7\u00e3o justifica-se por d\u00e9ficit causado por rescis\u00e3o a pedido\u00a0 da(o) professor(a) titular.<\/p>\n<p class=\"Texto_Justificado\" style=\"text-align: justify\">Os interessados devem encaminhar Curr\u00edculo ao e-mail oficial da Assessoria Financeira da Coordena\u00e7\u00e3o Regional de Educa\u00e7\u00e3o de Luzi\u00e2nia (afin.luziania@seduc.go.gov.br), contendo os contatos telef\u00f4nicos e endere\u00e7os de e-mail para correspond\u00eancias eletr\u00f4nicas, e ainda, que no campo Assunto do e-mail, seja informada a Unidade Escolar e a disciplina da vaga pleiteada.<\/p>\n<p class=\"Texto_Justificado_Esp15\" style=\"text-align: justify\">Oportunamente esclarece, que a Coordena\u00e7\u00e3o Regional de Educa\u00e7\u00e3o de Luzi\u00e2nia instituir\u00e1 comiss\u00e3o pr\u00f3pria para as an\u00e1lises curriculares, que ser\u00e1 composta por membros da CRE, objetivando assim, a ado\u00e7\u00e3o de medidas e provid\u00eancias pertinentes ao suprimento de todos os d\u00e9ficits de professores existentes na Rede Estadual de Educa\u00e7\u00e3o de Goi\u00e1s, que garantam os servi\u00e7os prestados \u00e0 comunidade goiana.<\/p>\n<p class=\"Tabela_Texto_Centralizado\" style=\"text-align: center\">SEDUC\/GO<\/p>\n<hr \/>\n<h2 style=\"text-align: center\"><strong>COMUNICADO<\/strong><\/h2>\n<p style=\"text-align: center\"><strong>PARA CONTRATA\u00c7\u00c3O TEMPOR\u00c1RIA<\/strong><\/p>\n<pre style=\"text-align: center\">Publica\u00e7\u00e3o: 07\/08\/2024\nEncerramento: 09\/08\/2024 \u00e0s 18h<\/pre>\n<p style=\"text-align: center\"><strong><span style=\"color: #ff0000\">ENCERRADO<\/span><\/strong><\/p>\n<p class=\"Texto_Justificado\" style=\"text-align: justify\">O Governo do Estado de Goi\u00e1s, atrav\u00e9s da Secretaria de Estado da Educa\u00e7\u00e3o, diante da inexist\u00eancia de Processo Seletivo Simplificado vigente no \u00e2mbito desta Pasta e considerando a exist\u00eancia de d\u00e9ficits de professores nas unidades escolares pertencentes ao munic\u00edpio de Luzi\u00e2nia, jurisdicionado \u00e0 Coordena\u00e7\u00e3o Regional de Educa\u00e7\u00e3o (CRE) de Luzi\u00e2nia, informa que est\u00e1 recebendo curr\u00edculos para sele\u00e7\u00e3o e contrata\u00e7\u00e3o tempor\u00e1ria com natureza emergencial para atender aos interesses da Administra\u00e7\u00e3o de 01 (um) professor de Letras &#8211; L\u00edngua Portuguesa para ministrar 16 (dezesseis) aulas semanais nos turnos matutino e vespertino do Col\u00e9gio Estadual Dona Torinha, no per\u00edodo de 12\/08\/2024 a 31\/10\/2024, visando afastar eventuais preju\u00edzos educacionais e\/ou pedag\u00f3gicos aos estudantes da Rede Estadual de Educa\u00e7\u00e3o de Goi\u00e1s.<\/p>\n<p class=\"Texto_Justificado\" style=\"text-align: justify\">A presente convoca\u00e7\u00e3o justifica-se por d\u00e9ficit causado por concess\u00e3o de licen\u00e7a pr\u00eamio a(o) professor(a) titular, conforme disciplina o art. 208, da Lei n.\u00ba 13.909, de 25 de setembro de 2001.<\/p>\n<p class=\"Texto_Justificado\" style=\"text-align: justify\">Os interessados devem encaminhar Curr\u00edculo ao e-mail oficial da Assessoria Financeira da Coordena\u00e7\u00e3o Regional de Educa\u00e7\u00e3o de Luzi\u00e2nia (afin.luziania@seduc.go.gov.br), contendo os contatos telef\u00f4nicos e endere\u00e7os de e-mail para correspond\u00eancias eletr\u00f4nicas, e ainda, que no campo Assunto do e-mail, seja informada a Unidade Escolar e a disciplina da vaga pleiteada.<\/p>\n<p class=\"Texto_Justificado\" style=\"text-align: justify\">Oportunamente esclarece, que a Coordena\u00e7\u00e3o Regional de Educa\u00e7\u00e3o de Luzi\u00e2nia instituir\u00e1 comiss\u00e3o pr\u00f3pria para as an\u00e1lises curriculares, que ser\u00e1 composta por membros da CRE, objetivando assim, a ado\u00e7\u00e3o de medidas e provid\u00eancias pertinentes ao suprimento de todos os d\u00e9ficits de professores existentes na Rede Estadual de Educa\u00e7\u00e3o de Goi\u00e1s, que garantam os servi\u00e7os prestados \u00e0 comunidade goiana.<\/p>\n<p class=\"Tabela_Texto_Centralizado\" style=\"text-align: center\">SEDUC\/GO<\/p>\n<hr \/>\n<h2 style=\"text-align: center\"><strong>COMUNICADO<\/strong><\/h2>\n<p style=\"text-align: center\"><strong>PARA CONTRATA\u00c7\u00c3O TEMPOR\u00c1RIA<\/strong><\/p>\n<pre style=\"text-align: center\">Publica\u00e7\u00e3o: 06\/08\/2024\nEncerramento: 08\/08\/2024 \u00e0s 18h<\/pre>\n<p style=\"text-align: center\"><strong><span style=\"color: #ff0000\">ENCERRADO<\/span><\/strong><\/p>\n<p class=\"Texto_Justificado\" style=\"text-align: justify\">O Governo do Estado de Goi\u00e1s, atrav\u00e9s da Secretaria de Estado da Educa\u00e7\u00e3o, diante da inexist\u00eancia de Processo Seletivo Simplificado vigente no \u00e2mbito desta Pasta e considerando a exist\u00eancia de d\u00e9ficits de professores nas unidades escolares pertencentes ao munic\u00edpio de\u00a0Luzi\u00e2nia, jurisdicionado \u00e0 Coordena\u00e7\u00e3o Regional de Educa\u00e7\u00e3o (CRE) de Luzi\u00e2nia, informa que est\u00e1 recebendo curr\u00edculos, para sele\u00e7\u00e3o e contrata\u00e7\u00e3o tempor\u00e1ria com natureza emergencial para atender aos interesses da Administra\u00e7\u00e3o:\u00a0de <strong>01 (um) professor de Educa\u00e7\u00e3o F\u00edsica, para ministrar 32 (trinta e duas) aulas no(s) turno(s) integral no Centro de Ensino em Per\u00edodo Integral H\u00e9lio Rodrigues de Queiroz,\u00a0a partir de 07\/08\/2024<\/strong>, visando afastar eventuais preju\u00edzos educacionais e\/ou pedag\u00f3gicos aos estudantes da Rede Estadual de Educa\u00e7\u00e3o de Goi\u00e1s.<\/p>\n<p class=\"Texto_Justificado\" style=\"text-align: justify\">A presente convoca\u00e7\u00e3o justifica-se por d\u00e9ficit causado por exonera\u00e7\u00e3o a pedido\u00a0 da(o) professor(a) titular.<\/p>\n<p class=\"Texto_Justificado\" style=\"text-align: justify\">Os interessados devem encaminhar Curr\u00edculo ao e-mail oficial da Assessoria Financeira da Coordena\u00e7\u00e3o Regional de Luzi\u00e2nia\u00a0(afin.luziania@seduc.go.gov.br), contendo os contatos telef\u00f4nicos e endere\u00e7os de e-mail para correspond\u00eancias eletr\u00f4nicas, e ainda, que no campo Assunto do e-mail, seja informada a Unidade Escolar e a disciplina da vaga pleiteada.<\/p>\n<p class=\"Texto_Justificado_Esp15\" style=\"text-align: justify\">Oportunamente esclarece, que a Coordena\u00e7\u00e3o Regional de Educa\u00e7\u00e3o de\u00a0Luzi\u00e2nia\u00a0instituir\u00e1 comiss\u00e3o pr\u00f3pria para as an\u00e1lises curriculares, que ser\u00e1 composta por membros da CRE, objetivando assim, a ado\u00e7\u00e3o de medidas e provid\u00eancias pertinentes ao suprimento de todos os d\u00e9ficits de professores existentes na Rede Estadual de Educa\u00e7\u00e3o de Goi\u00e1s, que garantam os servi\u00e7os prestados \u00e0 comunidade goiana.<\/p>\n<p class=\"Tabela_Texto_Centralizado\" style=\"text-align: center\">SEDUC\/GO<\/p>\n<hr \/>\n<h2 style=\"text-align: center\"><strong>COMUNICADO<\/strong><\/h2>\n<p style=\"text-align: center\"><strong>PARA CONTRATA\u00c7\u00c3O TEMPOR\u00c1RIA<\/strong><\/p>\n<pre style=\"text-align: center\">Publica\u00e7\u00e3o: 06\/08\/2024\nEncerramento: 08\/08\/2024 \u00e0s 18h<\/pre>\n<p style=\"text-align: center\"><strong><span style=\"color: #ff0000\">ENCERRADO<\/span><\/strong><\/p>\n<p class=\"Texto_Justificado\" style=\"text-align: justify\">O Governo do Estado de Goi\u00e1s, atrav\u00e9s da Secretaria de Estado da Educa\u00e7\u00e3o, diante da inexist\u00eancia de Processo Seletivo Simplificado vigente no \u00e2mbito desta Pasta e considerando a exist\u00eancia de d\u00e9ficits de professores nas unidades escolares pertencentes ao munic\u00edpio de\u00a0Luzi\u00e2nia, jurisdicionado \u00e0 Coordena\u00e7\u00e3o Regional de Educa\u00e7\u00e3o (CRE) de Luzi\u00e2nia, informa que est\u00e1 recebendo curr\u00edculos, para sele\u00e7\u00e3o e contrata\u00e7\u00e3o tempor\u00e1ria com natureza emergencial para atender aos interesses da Administra\u00e7\u00e3o:\u00a0<strong>01 (um) professor para ministrar\u00a024 (vinte e quatro) aulas, de Biologia, no(s) turno(s) matutino no\u00a0COL\u00c9GIO ESTADUAL DA POL\u00cdCIA MILITAR DE GOI\u00c1S &#8211; ELY DA SILVA BRAZ,<\/strong>\u00a0a partir de 07\/08\/2024, visando afastar eventuais preju\u00edzos educacionais e\/ou pedag\u00f3gicos aos estudantes da Rede Estadual de Educa\u00e7\u00e3o de Goi\u00e1s.<\/p>\n<p class=\"Texto_Justificado\" style=\"text-align: justify\">A presente convoca\u00e7\u00e3o justifica-se por d\u00e9ficit causado por rescis\u00e3o a pedido\u00a0 da(o) professor(a) titular.<\/p>\n<p class=\"Texto_Justificado\" style=\"text-align: justify\">Os interessados devem encaminhar Curr\u00edculo ao e-mail oficial da Assessoria Financeira da Coordena\u00e7\u00e3o Regional de Luzi\u00e2nia\u00a0(afin.luziania@seduc.go.gov.br), contendo os contatos telef\u00f4nicos e endere\u00e7os de e-mail para correspond\u00eancias eletr\u00f4nicas, e ainda, que no campo Assunto do e-mail, seja informada a Unidade Escolar e a disciplina da vaga pleiteada.<\/p>\n<p class=\"Texto_Justificado_Esp15\" style=\"text-align: justify\">Oportunamente esclarece, que a Coordena\u00e7\u00e3o Regional de Educa\u00e7\u00e3o de\u00a0Luzi\u00e2nia\u00a0instituir\u00e1 comiss\u00e3o pr\u00f3pria para as an\u00e1lises curriculares, que ser\u00e1 composta por membros da CRE, objetivando assim, a ado\u00e7\u00e3o de medidas e provid\u00eancias pertinentes ao suprimento de todos os d\u00e9ficits de professores existentes na Rede Estadual de Educa\u00e7\u00e3o de Goi\u00e1s, que garantam os servi\u00e7os prestados \u00e0 comunidade goiana.<\/p>\n<p class=\"Tabela_Texto_Centralizado\" style=\"text-align: center\">SEDUC\/GO<\/p>\n<hr \/>\n<h2 style=\"text-align: center\"><strong>COMUNICADO<\/strong><\/h2>\n<p style=\"text-align: center\"><strong>PARA CONTRATA\u00c7\u00c3O TEMPOR\u00c1RIA<\/strong><\/p>\n<pre style=\"text-align: center\">Publica\u00e7\u00e3o: 06\/08\/2024\nEncerramento: 08\/08\/2024 \u00e0s 18h<\/pre>\n<p style=\"text-align: center\"><strong><span style=\"color: #ff0000\">ENCERRADO<\/span><\/strong><\/p>\n<p class=\"Texto_Justificado\" style=\"text-align: justify\">O Governo do Estado de Goi\u00e1s, atrav\u00e9s da Secretaria de Estado da Educa\u00e7\u00e3o, diante da inexist\u00eancia de Processo Seletivo Simplificado vigente no \u00e2mbito desta Pasta e considerando a exist\u00eancia de d\u00e9ficits de professores nas unidades escolares pertencentes ao munic\u00edpio de\u00a0Luzi\u00e2nia, jurisdicionado \u00e0 Coordena\u00e7\u00e3o Regional de Educa\u00e7\u00e3o (CRE) de\u00a0Luzi\u00e2nia, informa que est\u00e1 recebendo curr\u00edculos, para sele\u00e7\u00e3o e contrata\u00e7\u00e3o tempor\u00e1ria com natureza emergencial para atender aos interesses da Administra\u00e7\u00e3o:\u00a0<strong>01 (um) professor para ministrar 32 (trinta e duas) aulas, de L\u00edngua Portuguesa e disciplinas afins, no(s) turno(s) matutino e vespertino no Col\u00e9gio Estadual Alceu de Ara\u00fajo Roriz,<\/strong>\u00a0a partir de 08\/08\/2024, visando afastar eventuais preju\u00edzos educacionais e\/ou pedag\u00f3gicos aos estudantes da Rede Estadual de Educa\u00e7\u00e3o de Goi\u00e1s.<\/p>\n<p class=\"Texto_Justificado\" style=\"text-align: justify\">A presente convoca\u00e7\u00e3o justifica-se por d\u00e9ficit causado por rescis\u00e3o a pedido\u00a0 da(o) professor(a) titular.<\/p>\n<p class=\"Texto_Justificado\" style=\"text-align: justify\">Os interessados devem encaminhar Curr\u00edculo ao e-mail oficial da Assessoria Financeira da Coordena\u00e7\u00e3o Regional de\u00a0Luzi\u00e2nia\u00a0(afin.luziania@seduc.go.gov.br), contendo os contatos telef\u00f4nicos e endere\u00e7os de e-mail para correspond\u00eancias eletr\u00f4nicas, e ainda, que no campo Assunto do e-mail, seja informada a Unidade Escolar e a disciplina da vaga pleiteada.<\/p>\n<p class=\"Texto_Justificado_Esp15\" style=\"text-align: justify\">Oportunamente esclarece, que a Coordena\u00e7\u00e3o Regional de Educa\u00e7\u00e3o de\u00a0Luzi\u00e2nia\u00a0instituir\u00e1 comiss\u00e3o pr\u00f3pria para as an\u00e1lises curriculares, que ser\u00e1 composta por membros da CRE, objetivando assim, a ado\u00e7\u00e3o de medidas e provid\u00eancias pertinentes ao suprimento de todos os d\u00e9ficits de professores existentes na Rede Estadual de Educa\u00e7\u00e3o de Goi\u00e1s, que garantam os servi\u00e7os prestados \u00e0 comunidade goiana.<\/p>\n<p class=\"Tabela_Texto_Centralizado\" style=\"text-align: center\">SEDUC\/GO<\/p>\n<hr \/>\n<h2 style=\"text-align: center\"><strong>COMUNICADO<\/strong><\/h2>\n<p style=\"text-align: center\"><strong>PARA CONTRATA\u00c7\u00c3O TEMPOR\u00c1RIA<\/strong><\/p>\n<pre style=\"text-align: center\">Publica\u00e7\u00e3o: 06\/08\/2024\nEncerramento: 08\/08\/2024 \u00e0s 18h<\/pre>\n<p style=\"text-align: center\"><strong><span style=\"color: #ff0000\">ENCERRADO<\/span><\/strong><\/p>\n<p class=\"Texto_Justificado_Recuo_Primeira_Linha\" style=\"text-align: justify\">O Governo do Estado de Goi\u00e1s, atrav\u00e9s da Secretaria de Estado da Educa\u00e7\u00e3o, diante da inexist\u00eancia de Processo Seletivo Simplificado vigente no \u00e2mbito desta Pasta e considerando a exist\u00eancia de d\u00e9ficits de professores nas unidades escolares pertencentes ao\u00a0<strong>munic\u00edpio de\u00a0<\/strong><strong>Luzi\u00e2nia<\/strong>, jurisdicionado \u00e0 Coordena\u00e7\u00e3o Regional de Educa\u00e7\u00e3o (CRE) de Luzi\u00e2nia, informa que est\u00e1 recebendo curr\u00edculos, para sele\u00e7\u00e3o e contrata\u00e7\u00e3o tempor\u00e1ria com natureza emergencial para atender aos interesses da Administra\u00e7\u00e3o:\u00a0<strong>01 (um) professor de Matem\u00e1tica e disicplinas correlatas, para ministrar 32 (trinta e duas) aulas no(s) turno(s) matutino no CEPI Maria Abadia Salom\u00e3o<\/strong><strong>,<\/strong>\u00a0a partir de 01\/08\/2024, visando afastar eventuais preju\u00edzos educacionais e\/ou pedag\u00f3gicos aos estudantes da Rede Estadual de Educa\u00e7\u00e3o de Goi\u00e1s.<\/p>\n<p class=\"Texto_Justificado\" style=\"text-align: justify\">A presente convoca\u00e7\u00e3o justifica-se por d\u00e9ficit causado por remo\u00e7\u00e3o a pedido\u00a0 da(o) professor(a) titular.<\/p>\n<p class=\"Texto_Justificado\" style=\"text-align: justify\">Os interessados devem encaminhar Curr\u00edculo ao e-mail oficial da Assessoria Financeira da Coordena\u00e7\u00e3o Regional de Luzi\u00e2nia\u00a0(afin.luziania@seduc.go.gov.br), contendo os contatos telef\u00f4nicos e endere\u00e7os de e-mail para correspond\u00eancias eletr\u00f4nicas, e ainda, que no campo Assunto do e-mail, seja informada a Unidade Escolar e a disciplina da vaga pleiteada.<\/p>\n<p class=\"Texto_Justificado_Esp15\" style=\"text-align: justify\">Oportunamente esclarece, que a Coordena\u00e7\u00e3o Regional de Educa\u00e7\u00e3o de\u00a0Luzi\u00e2nia\u00a0instituir\u00e1 comiss\u00e3o pr\u00f3pria para as an\u00e1lises curriculares, que ser\u00e1 composta por membros da CRE, objetivando assim, a ado\u00e7\u00e3o de medidas e provid\u00eancias pertinentes ao suprimento de todos os d\u00e9ficits de professores existentes na Rede Estadual de Educa\u00e7\u00e3o de Goi\u00e1s, que garantam os servi\u00e7os prestados \u00e0 comunidade goiana.<\/p>\n<p class=\"Tabela_Texto_Centralizado\" style=\"text-align: center\">SEDUC\/GO<\/p>\n<hr \/>\n<h2 style=\"text-align: center\"><strong>COMUNICADO<\/strong><\/h2>\n<p style=\"text-align: center\"><strong>PARA CONTRATA\u00c7\u00c3O TEMPOR\u00c1RIA<\/strong><\/p>\n<pre style=\"text-align: center\">Publica\u00e7\u00e3o: 06\/08\/2024\nEncerramento: 08\/08\/2024 \u00e0s 18h<\/pre>\n<p style=\"text-align: center\"><strong><span style=\"color: #ff0000\">ENCERRADO<\/span><\/strong><\/p>\n<p class=\"Texto_Justificado\" style=\"text-align: justify\">O Governo do Estado de Goi\u00e1s, atrav\u00e9s da Secretaria de Estado da Educa\u00e7\u00e3o, diante da inexist\u00eancia de Processo Seletivo Simplificado vigente no \u00e2mbito desta Pasta e considerando a exist\u00eancia de d\u00e9ficits de professores nas unidades escolares pertencentes ao munic\u00edpio de\u00a0Cristalina, jurisdicionado \u00e0 Coordena\u00e7\u00e3o Regional de Educa\u00e7\u00e3o (CRE) de Luzi\u00e2nia, informa que est\u00e1 recebendo curr\u00edculos, para sele\u00e7\u00e3o e contrata\u00e7\u00e3o tempor\u00e1ria com natureza emergencial para atender aos interesses da Administra\u00e7\u00e3o:\u00a0<strong>01 (um) professor de para ministrar\u00a0<\/strong><strong>32 ( trinta e duas) aulas, de ci\u00eancias biol\u00f3gicas e disciplinas afins, no(s) turno(s) matutino e vespertino no CEPI &#8211; CENTRO DE ENSINO EM PER\u00cdODO INTEGRAL ZULCA PEIXOTO DE PAIVA,\u00a0a partir de 01\/08\/2024<\/strong>, visando afastar eventuais preju\u00edzos educacionais e\/ou pedag\u00f3gicos aos estudantes da Rede Estadual de Educa\u00e7\u00e3o de Goi\u00e1s.<\/p>\n<p class=\"Texto_Justificado\" style=\"text-align: justify\">A presente convoca\u00e7\u00e3o justifica-se por d\u00e9ficit causado por exonera\u00e7\u00e3o a pedido\u00a0 da(o) professor(a) titular.<\/p>\n<p class=\"Texto_Justificado\" style=\"text-align: justify\">Os interessados devem encaminhar Curr\u00edculo ao e-mail oficial da Assessoria Financeira da Coordena\u00e7\u00e3o Regional de Luzi\u00e2nia\u00a0(afin.luziania@seduc.go.gov.br), contendo os contatos telef\u00f4nicos e endere\u00e7os de e-mail para correspond\u00eancias eletr\u00f4nicas, e ainda, que no campo Assunto do e-mail, seja informada a Unidade Escolar e a disciplina da vaga pleiteada.<\/p>\n<p class=\"Texto_Justificado_Esp15\" style=\"text-align: justify\">Oportunamente esclarece, que a Coordena\u00e7\u00e3o Regional de Educa\u00e7\u00e3o de Luzi\u00e2nia\u00a0instituir\u00e1 comiss\u00e3o pr\u00f3pria para as an\u00e1lises curriculares, que ser\u00e1 composta por membros da CRE, objetivando assim, a ado\u00e7\u00e3o de medidas e provid\u00eancias pertinentes ao suprimento de todos os d\u00e9ficits de professores existentes na Rede Estadual de Educa\u00e7\u00e3o de Goi\u00e1s, que garantam os servi\u00e7os prestados \u00e0 comunidade goiana.<\/p>\n<p class=\"Tabela_Texto_Centralizado\" style=\"text-align: center\">SEDUC\/GO<\/p>\n<hr \/>\n<h2 style=\"text-align: center\"><strong>COMUNICADO<\/strong><\/h2>\n<p style=\"text-align: center\"><strong>PARA CONTRATA\u00c7\u00c3O TEMPOR\u00c1RIA<\/strong><\/p>\n<pre style=\"text-align: center\">Publica\u00e7\u00e3o: 06\/08\/2024\nEncerramento: 08\/08\/2024 \u00e0s 18h<\/pre>\n<p style=\"text-align: center\"><strong><span style=\"color: #ff0000\">ENCERRADO<\/span><\/strong><\/p>\n<p class=\"Texto_Justificado_Recuo_Primeira_Linha\" style=\"text-align: justify\">O Governo do Estado de Goi\u00e1s, atrav\u00e9s da Secretaria de Estado da Educa\u00e7\u00e3o, diante da inexist\u00eancia de Processo Seletivo Simplificado vigente no \u00e2mbito desta Pasta e considerando a exist\u00eancia de d\u00e9ficits de professores nas unidades escolares pertencentes ao munic\u00edpio de Cristalina, jurisdicionado \u00e0 Coordena\u00e7\u00e3o Regional de Educa\u00e7\u00e3o (CRE) de Luzi\u00e2nia, informa que est\u00e1 recebendo curr\u00edculos, para sele\u00e7\u00e3o e contrata\u00e7\u00e3o tempor\u00e1ria com natureza emergencial para atender aos interesses da Administra\u00e7\u00e3o:\u00a0<strong>01 (um) professor de Geografia e disciplinas correlatas, para ministrar 32 (trinta e duas) aulas no(s) turno(s) matutino no CEPI Aurora Attie<\/strong><strong>,<\/strong>\u00a0a partir de 01\/08\/2024, visando afastar eventuais preju\u00edzos educacionais e\/ou pedag\u00f3gicos aos estudantes da Rede Estadual de Educa\u00e7\u00e3o de Goi\u00e1s.<\/p>\n<p class=\"Texto_Justificado\" style=\"text-align: justify\">A presente convoca\u00e7\u00e3o justifica-se por d\u00e9ficit causado por rescis\u00e3o a pedido\u00a0 da(o) professor(a) titular.<\/p>\n<p class=\"Texto_Justificado\" style=\"text-align: justify\">Os interessados devem encaminhar Curr\u00edculo ao e-mail oficial da Assessoria Financeira da Coordena\u00e7\u00e3o Regional de Luzi\u00e2nia (afin.luziania@seduc.go.gov.br), contendo os contatos telef\u00f4nicos e endere\u00e7os de e-mail para correspond\u00eancias eletr\u00f4nicas, e ainda, que no campo Assunto do e-mail, seja informada a Unidade Escolar e a disciplina da vaga pleiteada.<\/p>\n<p class=\"Texto_Justificado_Esp15\" style=\"text-align: justify\">Oportunamente esclarece, que a Coordena\u00e7\u00e3o Regional de Educa\u00e7\u00e3o de\u00a0Luzi\u00e2nia\u00a0instituir\u00e1 comiss\u00e3o pr\u00f3pria para as an\u00e1lises curriculares, que ser\u00e1 composta por membros da CRE, objetivando assim, a ado\u00e7\u00e3o de medidas e provid\u00eancias pertinentes ao suprimento de todos os d\u00e9ficits de professores existentes na Rede Estadual de Educa\u00e7\u00e3o de Goi\u00e1s, que garantam os servi\u00e7os prestados \u00e0 comunidade goiana.<\/p>\n<p class=\"Tabela_Texto_Centralizado\" style=\"text-align: center\">SEDUC\/GO<\/p>\n<hr \/>\n<h2 style=\"text-align: center\"><strong>COMUNICADO<\/strong><\/h2>\n<p style=\"text-align: center\"><strong>PARA CONTRATA\u00c7\u00c3O TEMPOR\u00c1RIA<\/strong><\/p>\n<pre style=\"text-align: center\">Publica\u00e7\u00e3o: 05\/08\/2024\nEncerramento: 07\/08\/2024 \u00e0s 18h<\/pre>\n<p style=\"text-align: center\"><strong><span style=\"color: #ff0000\">ENCERRADO<\/span><\/strong><\/p>\n<p class=\"Texto_Justificado\" style=\"text-align: justify\">O Governo do Estado de Goi\u00e1s, atrav\u00e9s da Secretaria de Estado da Educa\u00e7\u00e3o, diante da inexist\u00eancia de Processo Seletivo Simplificado vigente no \u00e2mbito desta Pasta e considerando a exist\u00eancia de d\u00e9ficits de professores nas unidades escolares pertencentes ao <strong>munic\u00edpio de<\/strong><strong>\u00a0Luzi\u00e2nia<\/strong>, jurisdicionado \u00e0 Coordena\u00e7\u00e3o Regional de Educa\u00e7\u00e3o (CRE) de Luzi\u00e2nia, informa que est\u00e1 recebendo curr\u00edculos, para sele\u00e7\u00e3o e contrata\u00e7\u00e3o tempor\u00e1ria com natureza emergencial para atender aos interesses da Administra\u00e7\u00e3o:\u00a0<strong>01 (um)<\/strong><strong> EDUCA\u00c7\u00c3O F\u00cdSICA para exercer a fun\u00e7\u00e3o 542 (Coordenador de Integra\u00e7\u00e3o Curricular), 20 (vinte) horas e\u00a0 ministrar 16 (dezesseis) aulas, no(s) turno(s) matutino e vespertino no CEPI &#8211; Maria Abadia Salom\u00e3o a partir de 08\/08\/2024<\/strong>, visando afastar eventuais preju\u00edzos educacionais e\/ou pedag\u00f3gicos aos estudantes da Rede Estadual de Educa\u00e7\u00e3o de Goi\u00e1s.<\/p>\n<p class=\"Texto_Justificado\" style=\"text-align: justify\">A presente convoca\u00e7\u00e3o justifica-se por d\u00e9ficit causado por remo\u00e7\u00e3o a pedido\u00a0 da(o) professor(a) titular.<\/p>\n<p class=\"Texto_Justificado\" style=\"text-align: justify\">Os interessados devem encaminhar Curr\u00edculo ao e-mail oficial da Assessoria Financeira da Coordena\u00e7\u00e3o Regional de Luzi\u00e2nia\u00a0(afin.luziania@seduc.go.gov.br), contendo os contatos telef\u00f4nicos e endere\u00e7os de e-mail para correspond\u00eancias eletr\u00f4nicas, e ainda, que no campo Assunto do e-mail, seja informada a Unidade Escolar e a disciplina da vaga pleiteada.<\/p>\n<p class=\"Texto_Justificado_Esp15\" style=\"text-align: justify\">Oportunamente esclarece, que a Coordena\u00e7\u00e3o Regional de Educa\u00e7\u00e3o de\u00a0Luzi\u00e2nia\u00a0instituir\u00e1 comiss\u00e3o pr\u00f3pria para as an\u00e1lises curriculares, que ser\u00e1 composta por membros da CRE, objetivando assim, a ado\u00e7\u00e3o de medidas e provid\u00eancias pertinentes ao suprimento de todos os d\u00e9ficits de professores existentes na Rede Estadual de Educa\u00e7\u00e3o de Goi\u00e1s, que garantam os servi\u00e7os prestados \u00e0 comunidade goiana.<\/p>\n<p class=\"Tabela_Texto_Centralizado\" style=\"text-align: center\">SEDUC\/GO<\/p>\n<hr \/>\n<h2 style=\"text-align: center\"><strong>COMUNICADO<\/strong><\/h2>\n<p style=\"text-align: center\"><strong>PARA CONTRATA\u00c7\u00c3O TEMPOR\u00c1RIA<\/strong><\/p>\n<pre style=\"text-align: center\">Publica\u00e7\u00e3o: 05\/08\/2024\nEncerramento: 07\/08\/2024 \u00e0s 18h<\/pre>\n<p style=\"text-align: center\"><strong><span style=\"color: #ff0000\">ENCERRADO<\/span><\/strong><\/p>\n<p class=\"Texto_Justificado\" style=\"text-align: justify\">O Governo do Estado de Goi\u00e1s, atrav\u00e9s da Secretaria de Estado da Educa\u00e7\u00e3o, diante da inexist\u00eancia de Processo Seletivo Simplificado vigente no \u00e2mbito desta Pasta e considerando a exist\u00eancia de d\u00e9ficits de professores nas unidades escolares pertencentes ao munic\u00edpio de Luzi\u00e2nia, jurisdicionado \u00e0 Coordena\u00e7\u00e3o Regional de Educa\u00e7\u00e3o (CRE) de Luzi\u00e2nia, informa que est\u00e1 recebendo curr\u00edculos, para sele\u00e7\u00e3o e contrata\u00e7\u00e3o tempor\u00e1ria com natureza emergencial para atender aos interesses da Administra\u00e7\u00e3o:\u00a0<strong>01 (um) professor para ministrar 32 (trinta e duas) aulas semanais de hist\u00f3ria e disciplinas afins, <\/strong><strong>no(s) turno(s) matutino e vespertino no COL\u00c9GIO ESTADUAL H\u00c9LIO RORIZ,\u00a0no\u00a0per\u00edodo de 08\/08\/2024 a 17\/09\/2024<\/strong>, visando afastar eventuais preju\u00edzos educacionais e\/ou pedag\u00f3gicos aos estudantes da Rede Estadual de Educa\u00e7\u00e3o de Goi\u00e1s.<\/p>\n<p class=\"Texto_Justificado\" style=\"text-align: justify\">A presente convoca\u00e7\u00e3o justifica-se por d\u00e9ficit causado por concess\u00e3o de licen\u00e7a m\u00e9dica para tratamento de sa\u00fade a(o) professor(a) titular.<\/p>\n<p class=\"Texto_Justificado\" style=\"text-align: justify\">Os interessados devem encaminhar Curr\u00edculo ao e-mail oficial da Assessoria Financeira da Coordena\u00e7\u00e3o Regional de Educa\u00e7\u00e3o de Luzi\u00e2nia (afin.luziania@seduc.go.gov.br), contendo os contatos telef\u00f4nicos e endere\u00e7os de e-mail para correspond\u00eancias eletr\u00f4nicas, e ainda, que no campo Assunto do e-mail, seja informada a Unidade Escolar e a disciplina da vaga pleiteada.<\/p>\n<p class=\"Texto_Justificado\" style=\"text-align: justify\">Oportunamente esclarece, que a Coordena\u00e7\u00e3o Regional de Educa\u00e7\u00e3o de Luzi\u00e2nia instituir\u00e1 comiss\u00e3o pr\u00f3pria para as an\u00e1lises curriculares, que ser\u00e1 composta por membros da CRE, objetivando assim, a ado\u00e7\u00e3o de medidas e provid\u00eancias pertinentes ao suprimento de todos os d\u00e9ficits de professores existentes na Rede Estadual de Educa\u00e7\u00e3o de Goi\u00e1s, que garantam os servi\u00e7os prestados \u00e0 comunidade goiana.<\/p>\n<p class=\"Tabela_Texto_Centralizado\" style=\"text-align: center\">SEDUC\/GO<\/p>\n<hr \/>\n<h2 style=\"text-align: center\"><strong>COMUNICADO<\/strong><\/h2>\n<p style=\"text-align: center\"><strong>PARA CONTRATA\u00c7\u00c3O TEMPOR\u00c1RIA<\/strong><\/p>\n<pre style=\"text-align: center\">Publica\u00e7\u00e3o: 05\/08\/2024\nEncerramento: 07\/08\/2024 \u00e0s 18h<\/pre>\n<p style=\"text-align: center\"><strong><span style=\"color: #ff0000\">ENCERRADO<\/span><\/strong><\/p>\n<p class=\"Texto_Justificado\" style=\"text-align: justify\">O Governo do Estado de Goi\u00e1s, atrav\u00e9s da Secretaria de Estado da Educa\u00e7\u00e3o, diante da inexist\u00eancia de Processo Seletivo Simplificado vigente no \u00e2mbito desta Pasta e considerando a exist\u00eancia de d\u00e9ficits de professores nas unidades escolares pertencentes ao munic\u00edpio de\u00a0Luzi\u00e2nia, jurisdicionado \u00e0 Coordena\u00e7\u00e3o Regional de Educa\u00e7\u00e3o (CRE) de Luzi\u00e2nia, informa que est\u00e1 recebendo curr\u00edculos, para sele\u00e7\u00e3o e contrata\u00e7\u00e3o tempor\u00e1ria com natureza emergencial para atender aos interesses da Administra\u00e7\u00e3o:\u00a0<strong>01 (um) professor para ministrar\u00a031 (<\/strong>trinta e um<strong>) aulas, de L\u00edngua Portuguesa e disciplinas afins, no(s) turno(s) matutino e vespertino no\u00a0<\/strong>Col\u00e9gio Estadual Antonio Mar\u00e7o de Ara\u00fajo<strong>,<\/strong>\u00a0a partir de 07\/08\/2024, visando afastar eventuais preju\u00edzos educacionais e\/ou pedag\u00f3gicos aos estudantes da Rede Estadual de Educa\u00e7\u00e3o de Goi\u00e1s.<\/p>\n<p class=\"Texto_Justificado\" style=\"text-align: justify\">A presente convoca\u00e7\u00e3o justifica-se por d\u00e9ficit causado por rescis\u00e3o a pedido\u00a0 da(o) professor(a) titular.<\/p>\n<p class=\"Texto_Justificado\" style=\"text-align: justify\">Os interessados devem encaminhar Curr\u00edculo ao e-mail oficial da Assessoria Financeira da Coordena\u00e7\u00e3o Regional de Luzi\u00e2nia(afin.luziania@seduc.go.gov.br), contendo os contatos telef\u00f4nicos e endere\u00e7os de e-mail para correspond\u00eancias eletr\u00f4nicas, e ainda, que no campo Assunto do e-mail, seja informada a Unidade Escolar e a disciplina da vaga pleiteada.<\/p>\n<p class=\"Texto_Justificado_Esp15\" style=\"text-align: justify\">Oportunamente esclarece, que a Coordena\u00e7\u00e3o Regional de Educa\u00e7\u00e3o de\u00a0Luzi\u00e2nia\u00a0instituir\u00e1 comiss\u00e3o pr\u00f3pria para as an\u00e1lises curriculares, que ser\u00e1 composta por membros da CRE, objetivando assim, a ado\u00e7\u00e3o de medidas e provid\u00eancias pertinentes ao suprimento de todos os d\u00e9ficits de professores existentes na Rede Estadual de Educa\u00e7\u00e3o de Goi\u00e1s, que garantam os servi\u00e7os prestados \u00e0 comunidade goiana.<\/p>\n<p class=\"Tabela_Texto_Centralizado\" style=\"text-align: center\">SEDUC\/GO<\/p>\n<hr \/>\n<h2 style=\"text-align: center\"><strong>COMUNICADO<\/strong><\/h2>\n<p style=\"text-align: center\"><strong>PARA CONTRATA\u00c7\u00c3O TEMPOR\u00c1RIA<\/strong><\/p>\n<pre style=\"text-align: center\">Publica\u00e7\u00e3o: 05\/08\/2024\nEncerramento: 07\/08\/2024 \u00e0s 18h<\/pre>\n<p style=\"text-align: center\"><strong><span style=\"color: #ff0000\">ENCERRADO<\/span><\/strong><\/p>\n<p class=\"Texto_Justificado\" style=\"text-align: justify\">O Governo do Estado de Goi\u00e1s, atrav\u00e9s da Secretaria de Estado da Educa\u00e7\u00e3o, diante da inexist\u00eancia de Processo Seletivo Simplificado vigente no \u00e2mbito desta Pasta e considerando a exist\u00eancia de d\u00e9ficits de professores nas unidades escolares pertencentes ao munic\u00edpio de Luzi\u00e2nia, jurisdicionado \u00e0 Coordena\u00e7\u00e3o Regional de Educa\u00e7\u00e3o (CRE) de Luzi\u00e2nia, informa que est\u00e1 recebendo curr\u00edculos, para sele\u00e7\u00e3o e contrata\u00e7\u00e3o tempor\u00e1ria com natureza emergencial para atender aos interesses da Administra\u00e7\u00e3o:\u00a0<strong>01 (um) professor para ministrar<\/strong><strong> 32( trinta e duas) aulas, de matem\u00e1tica e disciplinas afins, no(s) turno(s) matutino, vespertino e noturno no\u00a0COL\u00c9GIO ESTADUAL OSFAYA,\u00a0a partir de 08\/08\/2024<\/strong>, visando afastar eventuais preju\u00edzos educacionais e\/ou pedag\u00f3gicos aos estudantes da Rede Estadual de Educa\u00e7\u00e3o de Goi\u00e1s.<\/p>\n<p class=\"Texto_Justificado\" style=\"text-align: justify\">A presente convoca\u00e7\u00e3o justifica-se por d\u00e9ficit causado por rescis\u00e3o a pedido\u00a0 da(o) professor(a) titular.<\/p>\n<p class=\"Texto_Justificado\" style=\"text-align: justify\">Os interessados devem encaminhar Curr\u00edculo ao e-mail oficial da Assessoria Financeira da Coordena\u00e7\u00e3o Regional de Luzi\u00e2nia (afin.luziania@seduc.go.gov.br), contendo os contatos telef\u00f4nicos e endere\u00e7os de e-mail para correspond\u00eancias eletr\u00f4nicas, e ainda, que no campo Assunto do e-mail, seja informada a Unidade Escolar e a disciplina da vaga pleiteada.<\/p>\n<p class=\"Texto_Justificado_Esp15\" style=\"text-align: justify\">Oportunamente esclarece, que a Coordena\u00e7\u00e3o Regional de Educa\u00e7\u00e3o de Luzi\u00e2nia instituir\u00e1 comiss\u00e3o pr\u00f3pria para as an\u00e1lises curriculares, que ser\u00e1 composta por membros da CRE, objetivando assim, a ado\u00e7\u00e3o de medidas e provid\u00eancias pertinentes ao suprimento de todos os d\u00e9ficits de professores existentes na Rede Estadual de Educa\u00e7\u00e3o de Goi\u00e1s, que garantam os servi\u00e7os prestados \u00e0 comunidade goiana.<\/p>\n<p class=\"Tabela_Texto_Centralizado\" style=\"text-align: center\">SEDUC\/GO<\/p>\n<hr \/>\n<h2 style=\"text-align: center\"><strong>COMUNICADO<\/strong><\/h2>\n<p style=\"text-align: center\"><strong>PARA CONTRATA\u00c7\u00c3O TEMPOR\u00c1RIA<\/strong><\/p>\n<pre style=\"text-align: center\">Publica\u00e7\u00e3o: 05\/08\/2024\nEncerramento: 07\/08\/2024 \u00e0s 18h<\/pre>\n<p style=\"text-align: center\"><strong><span style=\"color: #ff0000\">ENCERRADO<\/span><\/strong><\/p>\n<p class=\"Texto_Justificado\" style=\"text-align: justify\">O Governo do Estado de Goi\u00e1s, atrav\u00e9s da Secretaria de Estado da Educa\u00e7\u00e3o, diante da inexist\u00eancia de Processo Seletivo Simplificado vigente no \u00e2mbito desta Pasta e considerando a exist\u00eancia de d\u00e9ficits de professores nas unidades escolares pertencentes ao munic\u00edpio de Luzi\u00e2nia, jurisdicionado \u00e0 Coordena\u00e7\u00e3o Regional de Educa\u00e7\u00e3o (CRE) de Luzi\u00e2nia, informa que est\u00e1 recebendo curr\u00edculos, para sele\u00e7\u00e3o e contrata\u00e7\u00e3o tempor\u00e1ria com natureza emergencial para atender aos interesses da Administra\u00e7\u00e3o:\u00a0<strong>01 (um) professor para ministrar 32 (trinta e duas) aulas semanais de portugu\u00eas e disciplinas afins,<\/strong><strong> no(s) turno(s) matutino e noturno no Col\u00e9gio Estadual Professor Ant\u00f4nio Valdir Roriz,\u00a0no\u00a0per\u00edodo de 08\/08\/2024 a 20\/09\/2024<\/strong>, visando afastar eventuais preju\u00edzos educacionais e\/ou pedag\u00f3gicos aos estudantes da Rede Estadual de Educa\u00e7\u00e3o de Goi\u00e1s.<\/p>\n<p class=\"Texto_Justificado\" style=\"text-align: justify\">A presente convoca\u00e7\u00e3o justifica-se por d\u00e9ficit causado por concess\u00e3o de licen\u00e7a m\u00e9dica para tratamento de sa\u00fade a(o) professor(a) titular.<\/p>\n<p class=\"Texto_Justificado\" style=\"text-align: justify\">Os interessados devem encaminhar Curr\u00edculo ao e-mail oficial da Assessoria Financeira da Coordena\u00e7\u00e3o Regional de Educa\u00e7\u00e3o de Luzi\u00e2nia (afin.luziania@seduc.go.gov.br), contendo os contatos telef\u00f4nicos e endere\u00e7os de e-mail para correspond\u00eancias eletr\u00f4nicas, e ainda, que no campo Assunto do e-mail, seja informada a Unidade Escolar e a disciplina da vaga pleiteada.<\/p>\n<p class=\"Texto_Justificado\" style=\"text-align: justify\">Oportunamente esclarece, que a Coordena\u00e7\u00e3o Regional de Educa\u00e7\u00e3o de Luzi\u00e2nia instituir\u00e1 comiss\u00e3o pr\u00f3pria para as an\u00e1lises curriculares, que ser\u00e1 composta por membros da CRE, objetivando assim, a ado\u00e7\u00e3o de medidas e provid\u00eancias pertinentes ao suprimento de todos os d\u00e9ficits de professores existentes na Rede Estadual de Educa\u00e7\u00e3o de Goi\u00e1s, que garantam os servi\u00e7os prestados \u00e0 comunidade goiana.<\/p>\n<p class=\"Tabela_Texto_Centralizado\" style=\"text-align: center\">SEDUC\/GO<\/p>\n<hr \/>\n<h2 style=\"text-align: center\"><strong>COMUNICADO<\/strong><\/h2>\n<p style=\"text-align: center\"><strong>PARA CONTRATA\u00c7\u00c3O TEMPOR\u00c1RIA<\/strong><\/p>\n<pre style=\"text-align: center\">Publica\u00e7\u00e3o: 05\/08\/2024\nEncerramento: 07\/08\/2024 \u00e0s 18h<\/pre>\n<p style=\"text-align: center\"><strong><span style=\"color: #ff0000\">ENCERRADO<\/span><\/strong><\/p>\n<p class=\"Texto_Justificado\" style=\"text-align: justify\">O Governo do Estado de Goi\u00e1s, atrav\u00e9s da Secretaria de Estado da Educa\u00e7\u00e3o, diante da inexist\u00eancia de Processo Seletivo Simplificado vigente no \u00e2mbito desta Pasta e considerando a exist\u00eancia de d\u00e9ficits de professores nas unidades escolares pertencentes ao munic\u00edpio de Luzi\u00e2nia, jurisdicionado \u00e0 Coordena\u00e7\u00e3o Regional de Educa\u00e7\u00e3o (CRE) de Luzi\u00e2nia, informa que est\u00e1 recebendo curr\u00edculos, para sele\u00e7\u00e3o e contrata\u00e7\u00e3o tempor\u00e1ria com natureza emergencial para atender aos interesses da Administra\u00e7\u00e3o:\u00a0<strong>01 (um) professor para ministrar 32 (trinta e duas) aulas, de MATEM\u00c1TICA e disciplinas afins, no(s) turno(s) matutino, vespertino e noturno no\u00a0<\/strong>COL\u00c9GIO ESTADUAL VASCO DOS REIS GON\u00c7ALVES<strong>,<\/strong>\u00a0a partir de 09\/08\/2024, visando afastar eventuais preju\u00edzos educacionais e\/ou pedag\u00f3gicos aos estudantes da Rede Estadual de Educa\u00e7\u00e3o de Goi\u00e1s.<\/p>\n<p class=\"Texto_Justificado\" style=\"text-align: justify\">A presente convoca\u00e7\u00e3o justifica-se por d\u00e9ficit causado por rescis\u00e3o da(o) professor(a) titular.<\/p>\n<p class=\"Texto_Justificado\" style=\"text-align: justify\">Os interessados devem encaminhar Curr\u00edculo ao e-mail oficial da Assessoria Financeira da Coordena\u00e7\u00e3o Regional de Luzi\u00e2nia (afin.luziania@seduc.go.gov.br), contendo os contatos telef\u00f4nicos e endere\u00e7os de e-mail para correspond\u00eancias eletr\u00f4nicas, e ainda, que no campo Assunto do e-mail, seja informada a Unidade Escolar e a disciplina da vaga pleiteada.<\/p>\n<p class=\"Texto_Justificado_Esp15\" style=\"text-align: justify\">Oportunamente esclarece, que a Coordena\u00e7\u00e3o Regional de Educa\u00e7\u00e3o de\u00a0Luzi\u00e2nia instituir\u00e1 comiss\u00e3o pr\u00f3pria para as an\u00e1lises curriculares, que ser\u00e1 composta por membros da CRE, objetivando assim, a ado\u00e7\u00e3o de medidas e provid\u00eancias pertinentes ao suprimento de todos os d\u00e9ficits de professores existentes na Rede Estadual de Educa\u00e7\u00e3o de Goi\u00e1s, que garantam os servi\u00e7os prestados \u00e0 comunidade goiana.<\/p>\n<p class=\"Tabela_Texto_Centralizado\" style=\"text-align: center\">SEDUC\/GO<\/p>\n<hr \/>\n<h2 style=\"text-align: center\"><strong>COMUNICADO<\/strong><\/h2>\n<p style=\"text-align: center\"><strong>PARA CONTRATA\u00c7\u00c3O TEMPOR\u00c1RIA<\/strong><\/p>\n<pre style=\"text-align: center\">Publica\u00e7\u00e3o: 05\/08\/2024\nEncerramento: 07\/08\/2024 \u00e0s 18h<\/pre>\n<p style=\"text-align: center\"><strong><span style=\"color: #ff0000\">ENCERRADO<\/span><\/strong><\/p>\n<p class=\"Texto_Justificado\" style=\"text-align: justify\">O Governo do Estado de Goi\u00e1s, atrav\u00e9s da Secretaria de Estado da Educa\u00e7\u00e3o, diante da inexist\u00eancia de Processo Seletivo Simplificado vigente no \u00e2mbito desta Pasta e considerando a exist\u00eancia de d\u00e9ficits de professores nas unidades escolares pertencentes ao munic\u00edpio de Luzi\u00e2nia, jurisdicionado \u00e0 Coordena\u00e7\u00e3o Regional de Educa\u00e7\u00e3o (CRE) de Luzi\u00e2nia, informa que est\u00e1 recebendo curr\u00edculos, para sele\u00e7\u00e3o e contrata\u00e7\u00e3o tempor\u00e1ria com natureza emergencial para atender aos interesses da Administra\u00e7\u00e3o:\u00a0<strong>01 (um) professor para ministrar 32 (trinta e duas) aulas, de MATEM\u00c1TICA e disciplinas afins, no(s) turno(s) vespertino e noturno no\u00a0<\/strong>COL\u00c9GIO ESTADUAL VASCO DOS REIS GON\u00c7ALVES<strong>,<\/strong>\u00a0a partir de 09\/08\/2024, visando afastar eventuais preju\u00edzos educacionais e\/ou pedag\u00f3gicos aos estudantes da Rede Estadual de Educa\u00e7\u00e3o de Goi\u00e1s.<\/p>\n<p class=\"Texto_Justificado\" style=\"text-align: justify\">A presente convoca\u00e7\u00e3o justifica-se por d\u00e9ficit causado por rescis\u00e3o da(o) professor(a) titular.<\/p>\n<p class=\"Texto_Justificado\" style=\"text-align: justify\">Os interessados devem encaminhar Curr\u00edculo ao e-mail oficial da Assessoria Financeira da Coordena\u00e7\u00e3o Regional de Luzi\u00e2nia (afin.luziania@seduc.go.gov.br), contendo os contatos telef\u00f4nicos e endere\u00e7os de e-mail para correspond\u00eancias eletr\u00f4nicas, e ainda, que no campo Assunto do e-mail, seja informada a Unidade Escolar e a disciplina da vaga pleiteada.<\/p>\n<p class=\"Texto_Justificado_Esp15\" style=\"text-align: justify\">Oportunamente esclarece, que a Coordena\u00e7\u00e3o Regional de Educa\u00e7\u00e3o de\u00a0Luzi\u00e2nia instituir\u00e1 comiss\u00e3o pr\u00f3pria para as an\u00e1lises curriculares, que ser\u00e1 composta por membros da CRE, objetivando assim, a ado\u00e7\u00e3o de medidas e provid\u00eancias pertinentes ao suprimento de todos os d\u00e9ficits de professores existentes na Rede Estadual de Educa\u00e7\u00e3o de Goi\u00e1s, que garantam os servi\u00e7os prestados \u00e0 comunidade goiana.<\/p>\n<p class=\"Tabela_Texto_Centralizado\" style=\"text-align: center\">SEDUC\/GO<\/p>\n<hr \/>\n<h2 style=\"text-align: center\"><strong>COMUNICADO<\/strong><\/h2>\n<p style=\"text-align: center\"><strong>PARA CONTRATA\u00c7\u00c3O TEMPOR\u00c1RIA<\/strong><\/p>\n<pre style=\"text-align: center\">Publica\u00e7\u00e3o: 05\/08\/2024\nEncerramento: 07\/08\/2024 \u00e0s 18h<\/pre>\n<p style=\"text-align: center\"><strong><span style=\"color: #ff0000\">ENCERRADO<\/span><\/strong><\/p>\n<p class=\"Texto_Justificado\" style=\"text-align: justify\">O Governo do Estado de Goi\u00e1s, atrav\u00e9s da Secretaria de Estado da Educa\u00e7\u00e3o, diante da inexist\u00eancia de Processo Seletivo Simplificado vigente no \u00e2mbito desta Pasta e considerando a exist\u00eancia de d\u00e9ficits de professores nas unidades escolares pertencentes ao munic\u00edpio de Luzi\u00e2nia, jurisdicionado \u00e0 Coordena\u00e7\u00e3o Regional de Educa\u00e7\u00e3o (CRE) de Luzi\u00e2nia, informa que est\u00e1 recebendo curr\u00edculos, para sele\u00e7\u00e3o e contrata\u00e7\u00e3o tempor\u00e1ria com natureza emergencial para atender aos interesses da Administra\u00e7\u00e3o: <strong>01 (um) professor para ministrar 32 (trinta e duas) aulas, de MATEM\u00c1TICA e disciplinas afins, no(s) turno(s) matutino e vespertino no\u00a0<\/strong>COL\u00c9GIO ESTADUAL MINGONE<strong>,<\/strong>\u00a0a partir de 09\/08\/2024, visando afastar eventuais preju\u00edzos educacionais e\/ou pedag\u00f3gicos aos estudantes da Rede Estadual de Educa\u00e7\u00e3o de Goi\u00e1s.<\/p>\n<p class=\"Texto_Justificado\" style=\"text-align: justify\">A presente convoca\u00e7\u00e3o justifica-se por d\u00e9ficit causado por rescis\u00e3o da(o) professor(a) titular.<\/p>\n<p class=\"Texto_Justificado\" style=\"text-align: justify\">Os interessados devem encaminhar Curr\u00edculo ao e-mail oficial da Assessoria Financeira da Coordena\u00e7\u00e3o Regional de Luzi\u00e2nia (afin.luziania@seduc.go.gov.br), contendo os contatos telef\u00f4nicos e endere\u00e7os de e-mail para correspond\u00eancias eletr\u00f4nicas, e ainda, que no campo Assunto do e-mail, seja informada a Unidade Escolar e a disciplina da vaga pleiteada.<\/p>\n<p class=\"Texto_Justificado_Esp15\" style=\"text-align: justify\">Oportunamente esclarece, que a Coordena\u00e7\u00e3o Regional de Educa\u00e7\u00e3o de\u00a0Luzi\u00e2nia instituir\u00e1 comiss\u00e3o pr\u00f3pria para as an\u00e1lises curriculares, que ser\u00e1 composta por membros da CRE, objetivando assim, a ado\u00e7\u00e3o de medidas e provid\u00eancias pertinentes ao suprimento de todos os d\u00e9ficits de professores existentes na Rede Estadual de Educa\u00e7\u00e3o de Goi\u00e1s, que garantam os servi\u00e7os prestados \u00e0 comunidade goiana.<\/p>\n<p class=\"Tabela_Texto_Centralizado\" style=\"text-align: center\">SEDUC\/GO<\/p>\n<hr \/>\n<h2 style=\"text-align: center\"><strong>COMUNICADO<\/strong><\/h2>\n<p style=\"text-align: center\"><strong>PARA CONTRATA\u00c7\u00c3O TEMPOR\u00c1RIA<\/strong><\/p>\n<pre style=\"text-align: center\">Publica\u00e7\u00e3o: 05\/08\/2024\nEncerramento: 07\/08\/2024 \u00e0s 18h<\/pre>\n<p style=\"text-align: center\"><strong><span style=\"color: #ff0000\">ENCERRADO<\/span><\/strong><\/p>\n<p class=\"Texto_Justificado\" style=\"text-align: justify\">O Governo do Estado de Goi\u00e1s, atrav\u00e9s da Secretaria de Estado da Educa\u00e7\u00e3o, diante da inexist\u00eancia de Processo Seletivo Simplificado vigente no \u00e2mbito desta Pasta e considerando a exist\u00eancia de d\u00e9ficits de professores nas unidades escolares pertencentes ao munic\u00edpio de Luzi\u00e2nia, jurisdicionado \u00e0 Coordena\u00e7\u00e3o Regional de Educa\u00e7\u00e3o (CRE) de Luzi\u00e2nia, informa que est\u00e1 recebendo curr\u00edculos, para sele\u00e7\u00e3o e contrata\u00e7\u00e3o tempor\u00e1ria com natureza emergencial para atender aos interesses da Administra\u00e7\u00e3o: <strong>01 (um) professor para ministrar 32 (trinta e duas) aulas, de BIOLOGIA e disciplinas afins, no(s) turno(s) matutino e vespertino no <\/strong>COL\u00c9GIO ESTADUAL PROFESSORA MARIA PEREIRA DE VASCONCELOS<strong>,<\/strong> a partir de 09\/08\/2024, visando afastar eventuais preju\u00edzos educacionais e\/ou pedag\u00f3gicos aos estudantes da Rede Estadual de Educa\u00e7\u00e3o de Goi\u00e1s.<\/p>\n<p class=\"Texto_Justificado\" style=\"text-align: justify\">A presente convoca\u00e7\u00e3o justifica-se por d\u00e9ficit causado por \u00f3bito da(o) professor(a) titular.<\/p>\n<p class=\"Texto_Justificado\" style=\"text-align: justify\">Os interessados devem encaminhar Curr\u00edculo ao e-mail oficial da Assessoria Financeira da Coordena\u00e7\u00e3o Regional de Luzi\u00e2nia (afin.planaltina@seduc.go.gov.br), contendo os contatos telef\u00f4nicos e endere\u00e7os de e-mail para correspond\u00eancias eletr\u00f4nicas, e ainda, que no campo Assunto do e-mail, seja informada a Unidade Escolar e a disciplina da vaga pleiteada.<\/p>\n<p class=\"Texto_Justificado_Esp15\" style=\"text-align: justify\">Oportunamente esclarece, que a Coordena\u00e7\u00e3o Regional de Educa\u00e7\u00e3o de Luzi\u00e2nia instituir\u00e1 comiss\u00e3o pr\u00f3pria para as an\u00e1lises curriculares, que ser\u00e1 composta por membros da CRE, objetivando assim, a ado\u00e7\u00e3o de medidas e provid\u00eancias pertinentes ao suprimento de todos os d\u00e9ficits de professores existentes na Rede Estadual de Educa\u00e7\u00e3o de Goi\u00e1s, que garantam os servi\u00e7os prestados \u00e0 comunidade goiana.<\/p>\n<p style=\"text-align: center\">SEDUC\/GO<\/p>\n<hr \/>\n<h2 style=\"text-align: center\"><strong>COMUNICADO<\/strong><\/h2>\n<p style=\"text-align: center\"><strong>PARA CONTRATA\u00c7\u00c3O TEMPOR\u00c1RIA<\/strong><\/p>\n<pre style=\"text-align: center\">Publica\u00e7\u00e3o: 29\/07\/2024\nEncerramento: 31\/07\/2024 \u00e0s 18h<\/pre>\n<p style=\"text-align: center\"><strong><span style=\"color: #ff0000\">ENCERRADO<\/span><\/strong><\/p>\n<p class=\"Texto_Justificado\" style=\"text-align: justify\">O Governo do Estado de Goi\u00e1s, atrav\u00e9s da Secretaria de Estado da Educa\u00e7\u00e3o, diante da inexist\u00eancia de Processo Seletivo Simplificado vigente no \u00e2mbito desta Pasta e considerando a exist\u00eancia de d\u00e9ficits de professores nas unidades escolares pertencentes ao munic\u00edpio de Luzi\u00e2nia, jurisdicionado \u00e0 Coordena\u00e7\u00e3o Regional de Educa\u00e7\u00e3o (CRE) de Luzi\u00e2nia, informa que est\u00e1 recebendo curr\u00edculos, para sele\u00e7\u00e3o e contrata\u00e7\u00e3o tempor\u00e1ria com natureza emergencial para atender aos interesses da Administra\u00e7\u00e3o:\u00a0de <strong>01 (um) professor de L\u00edngua Portuguesa para ministrar 32 (trinta e duas) aulas semanais no(s) turno(s) matutino e vespertino no Col\u00e9gio Estadual Mingone<\/strong><strong>,<\/strong>\u00a0a partir de 01\/08\/2024 , visando afastar eventuais preju\u00edzos educacionais e\/ou pedag\u00f3gicos aos estudantes da Rede Estadual de Educa\u00e7\u00e3o de Goi\u00e1s.<\/p>\n<p class=\"Texto_Justificado\" style=\"text-align: justify\">A presente convoca\u00e7\u00e3o justifica-se por d\u00e9ficit causado por rescis\u00e3o a pedido\u00a0 da(o) professor(a) titular.<\/p>\n<p class=\"Texto_Justificado\" style=\"text-align: justify\">Os interessados devem encaminhar Curr\u00edculo ao e-mail oficial da Assessoria Financeira da Coordena\u00e7\u00e3o Regional de Educa\u00e7\u00e3o de Luzi\u00e2nia (afin.luziania@seduc.go.gov.br), contendo os contatos telef\u00f4nicos e endere\u00e7os de e-mail para correspond\u00eancias eletr\u00f4nicas, e ainda, que no campo Assunto do e-mail, seja informada a Unidade Escolar e a disciplina da vaga pleiteada.<\/p>\n<p class=\"Texto_Justificado_Esp15\" style=\"text-align: justify\">Oportunamente esclarece, que a Coordena\u00e7\u00e3o Regional de Educa\u00e7\u00e3o de Luzi\u00e2nia instituir\u00e1 comiss\u00e3o pr\u00f3pria para as an\u00e1lises curriculares, que ser\u00e1 composta por membros da CRE, objetivando assim, a ado\u00e7\u00e3o de medidas e provid\u00eancias pertinentes ao suprimento de todos os d\u00e9ficits de professores existentes na Rede Estadual de Educa\u00e7\u00e3o de Goi\u00e1s, que garantam os servi\u00e7os prestados \u00e0 comunidade goiana.<\/p>\n<p style=\"text-align: center\">SEDUC\/GO<\/p>\n<hr \/>\n<h2 style=\"text-align: center\"><strong>COMUNICADO<\/strong><\/h2>\n<p style=\"text-align: center\"><strong>PARA CONTRATA\u00c7\u00c3O TEMPOR\u00c1RIA<\/strong><\/p>\n<pre style=\"text-align: center\">Publica\u00e7\u00e3o: 29\/07\/2024\nEncerramento: 31\/07\/2024 \u00e0s 18h<\/pre>\n<p style=\"text-align: center\"><strong><span style=\"color: #ff0000\">ENCERRADO<\/span><\/strong><\/p>\n<p class=\"Texto_Justificado\" style=\"text-align: justify\">O Governo do Estado de Goi\u00e1s, atrav\u00e9s da Secretaria de Estado da Educa\u00e7\u00e3o, diante da inexist\u00eancia de Processo Seletivo Simplificado vigente no \u00e2mbito desta Pasta e considerando a exist\u00eancia de d\u00e9ficits de professores nas unidades escolares pertencentes ao munic\u00edpio de Luzi\u00e2nia, jurisdicionado \u00e0 Coordena\u00e7\u00e3o Regional de Educa\u00e7\u00e3o (CRE) de Luzi\u00e2nia, informa que est\u00e1 recebendo curr\u00edculos, para sele\u00e7\u00e3o e contrata\u00e7\u00e3o tempor\u00e1ria com natureza emergencial para atender aos interesses da Administra\u00e7\u00e3o: <strong>01 (um) professor de Biologia para ministrar 32 (trinta e duas) aulas semanais no(s) turno(s) vespertino e noturno no Col\u00e9gio Estadual Ant\u00f4nio Valdir Roriz<\/strong><strong>,<\/strong> a partir de 01\/08\/2024 , visando afastar eventuais preju\u00edzos educacionais e\/ou pedag\u00f3gicos aos estudantes da Rede Estadual de Educa\u00e7\u00e3o de Goi\u00e1s.<\/p>\n<p class=\"Texto_Justificado\" style=\"text-align: justify\">A presente convoca\u00e7\u00e3o justifica-se por d\u00e9ficit causado por rescis\u00e3o a pedido da(o) professor(a) titular.<\/p>\n<p class=\"Texto_Justificado\" style=\"text-align: justify\">Os interessados devem encaminhar Curr\u00edculo ao e-mail oficial da Assessoria Financeira da Coordena\u00e7\u00e3o Regional de Educa\u00e7\u00e3o de Luzi\u00e2nia (afin.luziania@seduc.go.gov.br), contendo os contatos telef\u00f4nicos e endere\u00e7os de e-mail para correspond\u00eancias eletr\u00f4nicas, e ainda, que no campo Assunto do e-mail, seja informada a Unidade Escolar e a disciplina da vaga pleiteada.<\/p>\n<p class=\"Texto_Justificado_Esp15\" style=\"text-align: justify\">Oportunamente esclarece, que a Coordena\u00e7\u00e3o Regional de Educa\u00e7\u00e3o de Luzi\u00e2nia instituir\u00e1 comiss\u00e3o pr\u00f3pria para as an\u00e1lises curriculares, que ser\u00e1 composta por membros da CRE, objetivando assim, a ado\u00e7\u00e3o de medidas e provid\u00eancias pertinentes ao suprimento de todos os d\u00e9ficits de professores existentes na Rede Estadual de Educa\u00e7\u00e3o de Goi\u00e1s, que garantam os servi\u00e7os prestados \u00e0 comunidade goiana.<\/p>\n<p style=\"text-align: center\">SEDUC\/GO<\/p>\n<hr \/>\n<h2 style=\"text-align: center\"><strong>COMUNICADO<\/strong><\/h2>\n<p style=\"text-align: center\"><strong>PARA CONTRATA\u00c7\u00c3O TEMPOR\u00c1RIA<\/strong><\/p>\n<pre style=\"text-align: center\">Publica\u00e7\u00e3o: 29\/07\/2024\nEncerramento: 31\/07\/2024 \u00e0s 18h<\/pre>\n<p style=\"text-align: center\"><strong><span style=\"color: #ff0000\">ENCERRADO<\/span><\/strong><\/p>\n<p class=\"Texto_Justificado\" style=\"text-align: justify\">O Governo do Estado de Goi\u00e1s, atrav\u00e9s da Secretaria de Estado da Educa\u00e7\u00e3o, diante da inexist\u00eancia de Processo Seletivo Simplificado vigente no \u00e2mbito desta Pasta e considerando a exist\u00eancia de d\u00e9ficits de professores nas unidades escolares pertencentes ao munic\u00edpio de Luzi\u00e2nia, jurisdicionado \u00e0 Coordena\u00e7\u00e3o Regional de Educa\u00e7\u00e3o (CRE) de Luzi\u00e2nia, informa que est\u00e1 recebendo curr\u00edculos, para sele\u00e7\u00e3o e contrata\u00e7\u00e3o tempor\u00e1ria com natureza emergencial para atender aos interesses da Administra\u00e7\u00e3o:\u00a0<strong>01 (um) professor de L\u00edngua Inglesa para ministrar 32 (trinta e duas) aulas semanais no(s) turno(s) matutino, vespertino e noturno no Col\u00e9gio Estadual Vasco dos Reis Gon\u00e7alves<\/strong><strong>,<\/strong>\u00a0a partir de 01\/08\/2024, visando afastar eventuais preju\u00edzos educacionais e\/ou pedag\u00f3gicos aos estudantes da Rede Estadual de Educa\u00e7\u00e3o de Goi\u00e1s.<\/p>\n<p class=\"Texto_Justificado\" style=\"text-align: justify\">A presente convoca\u00e7\u00e3o justifica-se por d\u00e9ficit causado por rescis\u00e3o a pedido\u00a0 da(o) professor(a) titular.<\/p>\n<p class=\"Texto_Justificado\" style=\"text-align: justify\">Os interessados devem encaminhar Curr\u00edculo ao e-mail oficial da Assessoria Financeira da Coordena\u00e7\u00e3o Regional de Educa\u00e7\u00e3o de Luzi\u00e2nia (afin.luziania@seduc.go.gov.br), contendo os contatos telef\u00f4nicos e endere\u00e7os de e-mail para correspond\u00eancias eletr\u00f4nicas, e ainda, que no campo Assunto do e-mail, seja informada a Unidade Escolar e a disciplina da vaga pleiteada.<\/p>\n<p class=\"Texto_Justificado_Esp15\" style=\"text-align: justify\">Oportunamente esclarece, que a Coordena\u00e7\u00e3o Regional de Educa\u00e7\u00e3o de Luzi\u00e2nia instituir\u00e1 comiss\u00e3o pr\u00f3pria para as an\u00e1lises curriculares, que ser\u00e1 composta por membros da CRE, objetivando assim, a ado\u00e7\u00e3o de medidas e provid\u00eancias pertinentes ao suprimento de todos os d\u00e9ficits de professores existentes na Rede Estadual de Educa\u00e7\u00e3o de Goi\u00e1s, que garantam os servi\u00e7os prestados \u00e0 comunidade goiana.<\/p>\n<p style=\"text-align: center\">SEDUC\/GO<\/p>\n<hr \/>\n<h2 style=\"text-align: center\"><strong>COMUNICADO<\/strong><\/h2>\n<p style=\"text-align: center\"><strong>PARA CONTRATA\u00c7\u00c3O TEMPOR\u00c1RIA<\/strong><\/p>\n<pre style=\"text-align: center\">Publica\u00e7\u00e3o: 26\/07\/2024\nEncerramento: 30\/07\/2024 \u00e0s 18h<\/pre>\n<p style=\"text-align: center\"><strong><span style=\"color: #ff0000\">ENCERRADO<\/span><\/strong><\/p>\n<p class=\"Texto_Justificado\" style=\"text-align: justify\">O Governo do Estado de Goi\u00e1s, atrav\u00e9s da Secretaria de Estado da Educa\u00e7\u00e3o, diante da inexist\u00eancia de Processo Seletivo Simplificado vigente no \u00e2mbito desta Pasta e considerando a exist\u00eancia de d\u00e9ficits de professores nas unidades escolares pertencentes ao munic\u00edpio de\u00a0Luzi\u00e2nia, jurisdicionado \u00e0 Coordena\u00e7\u00e3o Regional de Educa\u00e7\u00e3o (CRE) de Luzi\u00e2nia, informa que est\u00e1 recebendo curr\u00edculos, para sele\u00e7\u00e3o e contrata\u00e7\u00e3o tempor\u00e1ria com natureza emergencial para atender aos interesses da Administra\u00e7\u00e3o:\u00a0<strong>01 (um) professor de L\u00cdNGUA INGLESA\/L\u00cdNGUA PORTUGUESA, para ministrar\u00a032 (trinta e duas) aulas, no(s) turno(s) matutino e vespertino no\u00a0Centro de Ensino em Per\u00edodo Integral H\u00e9lio Rodrigues de Queiroz,<\/strong>\u00a0a partir de 01\/08\/2024, visando afastar eventuais preju\u00edzos educacionais e\/ou pedag\u00f3gicos aos estudantes da Rede Estadual de Educa\u00e7\u00e3o de Goi\u00e1s.<\/p>\n<p class=\"Texto_Justificado\" style=\"text-align: justify\">A presente convoca\u00e7\u00e3o justifica-se por d\u00e9ficit causado por rescis\u00e3o a pedido\u00a0 da(o) professor(a) titular.<\/p>\n<p class=\"Texto_Justificado\" style=\"text-align: justify\">Os interessados devem encaminhar Curr\u00edculo ao e-mail oficial da Assessoria Financeira da Coordena\u00e7\u00e3o Regional de Luzi\u00e2nia\u00a0(afin.luziania@seduc.go.gov.br), contendo os contatos telef\u00f4nicos e endere\u00e7os de e-mail para correspond\u00eancias eletr\u00f4nicas, e ainda, que no campo Assunto do e-mail, seja informada a Unidade Escolar e a disciplina da vaga pleiteada.<\/p>\n<p class=\"Texto_Justificado_Esp15\" style=\"text-align: justify\">Oportunamente esclarece, que a Coordena\u00e7\u00e3o Regional de Educa\u00e7\u00e3o de\u00a0Luzi\u00e2nia\u00a0instituir\u00e1 comiss\u00e3o pr\u00f3pria para as an\u00e1lises curriculares, que ser\u00e1 composta por membros da CRE, objetivando assim, a ado\u00e7\u00e3o de medidas e provid\u00eancias pertinentes ao suprimento de todos os d\u00e9ficits de professores existentes na Rede Estadual de Educa\u00e7\u00e3o de Goi\u00e1s, que garantam os servi\u00e7os prestados \u00e0 comunidade goiana.<\/p>\n<p style=\"text-align: center\">SEDUC\/GO<\/p>\n<hr \/>\n<h2 style=\"text-align: center\"><strong>COMUNICADO<\/strong><\/h2>\n<p style=\"text-align: center\"><strong>PARA CONTRATA\u00c7\u00c3O TEMPOR\u00c1RIA<\/strong><\/p>\n<pre style=\"text-align: center\">Publica\u00e7\u00e3o: 26\/07\/2024\nEncerramento: 30\/07\/2024 \u00e0s 18h<\/pre>\n<p style=\"text-align: center\"><strong><span style=\"color: #ff0000\">ENCERRADO<\/span><\/strong><\/p>\n<p class=\"Texto_Justificado\" style=\"text-align: justify\">O Governo do Estado de Goi\u00e1s, atrav\u00e9s da Secretaria de Estado da Educa\u00e7\u00e3o, diante da inexist\u00eancia de Processo Seletivo Simplificado vigente no \u00e2mbito desta Pasta e considerando a exist\u00eancia de d\u00e9ficits de professores nas unidades escolares pertencentes ao munic\u00edpio de Luzi\u00e2nia, jurisdicionado \u00e0 Coordena\u00e7\u00e3o Regional de Educa\u00e7\u00e3o (CRE) de Luzi\u00e2nia, informa que est\u00e1 recebendo curr\u00edculos, para sele\u00e7\u00e3o e contrata\u00e7\u00e3o tempor\u00e1ria com natureza emergencial para atender aos interesses da Administra\u00e7\u00e3o:\u00a0<strong>01 (um) professor Pedagogo com carga hor\u00e1ria de 40 (quarenta) horas semanais para Coordena\u00e7\u00e3o Pedag\u00f3gica, no(s) turno(s) matutino e vespertino no Col\u00e9gio\u00a0Estadual Delfino Ocl\u00e9cio Machado,<\/strong>\u00a0a partir\u00a0de 01\/08\/2024, visando afastar eventuais preju\u00edzos educacionais e\/ou pedag\u00f3gicos aos estudantes da Rede Estadual de Educa\u00e7\u00e3o de Goi\u00e1s.<\/p>\n<p class=\"Texto_Justificado\" style=\"text-align: justify\">A presente convoca\u00e7\u00e3o justifica-se por d\u00e9ficit causado por rescis\u00e3o a pedido\u00a0 da(o) professor(a) titular.<\/p>\n<p class=\"Texto_Justificado\" style=\"text-align: justify\">Os interessados devem encaminhar Curr\u00edculo ao e-mail oficial da Assessoria Financeira da Coordena\u00e7\u00e3o Regional de Educa\u00e7\u00e3o de Luzi\u00e2nia (afin.luziania@seduc.go.gov.br), contendo os contatos telef\u00f4nicos e endere\u00e7os de e-mail para correspond\u00eancias eletr\u00f4nicas, e ainda, que no campo Assunto do e-mail, seja informada a Unidade Escolar e a disciplina da vaga pleiteada.<\/p>\n<p class=\"Texto_Justificado_Esp15\" style=\"text-align: justify\">Oportunamente esclarece, que a Coordena\u00e7\u00e3o Regional de Educa\u00e7\u00e3o de Luzi\u00e2nia instituir\u00e1 comiss\u00e3o pr\u00f3pria para as an\u00e1lises curriculares, que ser\u00e1 composta por membros da CRE, objetivando assim, a ado\u00e7\u00e3o de medidas e provid\u00eancias pertinentes ao suprimento de todos os d\u00e9ficits de professores existentes na Rede Estadual de Educa\u00e7\u00e3o de Goi\u00e1s, que garantam os servi\u00e7os prestados \u00e0 comunidade goiana.<\/p>\n<p style=\"text-align: center\">SEDUC\/GO<\/p>\n<hr \/>\n<h2 style=\"text-align: center\"><strong>COMUNICADO<\/strong><\/h2>\n<p style=\"text-align: center\"><strong>PARA CONTRATA\u00c7\u00c3O TEMPOR\u00c1RIA<\/strong><\/p>\n<pre style=\"text-align: center\">Publica\u00e7\u00e3o: 26\/07\/2024\nEncerramento: 30\/07\/2024 \u00e0s 18h<\/pre>\n<p style=\"text-align: center\"><strong><span style=\"color: #ff0000\">ENCERRADO<\/span><\/strong><\/p>\n<p class=\"Texto_Justificado\" style=\"text-align: justify\">O Governo do Estado de Goi\u00e1s, atrav\u00e9s da Secretaria de Estado da Educa\u00e7\u00e3o, diante da inexist\u00eancia de Processo Seletivo Simplificado vigente no \u00e2mbito desta Pasta e considerando a exist\u00eancia de d\u00e9ficits de professores nas unidades escolares pertencentes ao munic\u00edpio de Luzi\u00e2nia, jurisdicionado \u00e0 Coordena\u00e7\u00e3o Regional de Educa\u00e7\u00e3o (CRE) de Luzi\u00e2nia, informa que est\u00e1 recebendo curr\u00edculos, para sele\u00e7\u00e3o e contrata\u00e7\u00e3o tempor\u00e1ria com natureza emergencial para atender aos interesses da Administra\u00e7\u00e3o: <strong>01 (um) professor Pedagogo para Coordena\u00e7\u00e3o Pedag\u00f3gica com carga hor\u00e1ria de 40 (quarenta) horas semanais, no(s) turno(s) matutino e vespertino no<\/strong><strong>\u00a0Col\u00e9gio Estadual Epaminondas Roriz,<\/strong>\u00a0a partir 01\/08\/2024, visando afastar eventuais preju\u00edzos educacionais e\/ou pedag\u00f3gicos aos estudantes da Rede Estadual de Educa\u00e7\u00e3o de Goi\u00e1s.<\/p>\n<p class=\"Texto_Justificado\" style=\"text-align: justify\">A presente convoca\u00e7\u00e3o justifica-se por d\u00e9ficit causado por rescis\u00e3o a pedido\u00a0 da(o) professor(a) titular.<\/p>\n<p class=\"Texto_Justificado\" style=\"text-align: justify\">Os interessados devem encaminhar Curr\u00edculo ao e-mail oficial da Assessoria Financeira da Coordena\u00e7\u00e3o Regional de Educa\u00e7\u00e3o de Luzi\u00e2nia (afin.luziania@seduc.go.gov.br), contendo os contatos telef\u00f4nicos e endere\u00e7os de e-mail para correspond\u00eancias eletr\u00f4nicas, e ainda, que no campo Assunto do e-mail, seja informada a Unidade Escolar e a disciplina da vaga pleiteada.<\/p>\n<p class=\"Texto_Justificado_Esp15\" style=\"text-align: justify\">Oportunamente esclarece, que a Coordena\u00e7\u00e3o Regional de Educa\u00e7\u00e3o de Luzi\u00e2nia instituir\u00e1 comiss\u00e3o pr\u00f3pria para as an\u00e1lises curriculares, que ser\u00e1 composta por membros da CRE, objetivando assim, a ado\u00e7\u00e3o de medidas e provid\u00eancias pertinentes ao suprimento de todos os d\u00e9ficits de professores existentes na Rede Estadual de Educa\u00e7\u00e3o de Goi\u00e1s, que garantam os servi\u00e7os prestados \u00e0 comunidade goiana.<\/p>\n<p style=\"text-align: center\">SEDUC\/GO<\/p>\n<hr \/>\n<h2 style=\"text-align: center\"><strong>COMUNICADO<\/strong><\/h2>\n<p style=\"text-align: center\"><strong>PARA CONTRATA\u00c7\u00c3O TEMPOR\u00c1RIA<\/strong><\/p>\n<pre style=\"text-align: center\">Publica\u00e7\u00e3o: 26\/07\/2024\nEncerramento: 30\/07\/2024 \u00e0s 18h<\/pre>\n<p style=\"text-align: center\"><strong><span style=\"color: #ff0000\">ENCERRADO<\/span><\/strong><\/p>\n<p class=\"Texto_Justificado\" style=\"text-align: justify\">O Governo do Estado de Goi\u00e1s, atrav\u00e9s da Secretaria de Estado da Educa\u00e7\u00e3o, diante da inexist\u00eancia de Processo Seletivo Simplificado vigente no \u00e2mbito desta Pasta e considerando a exist\u00eancia de d\u00e9ficits de professores nas unidades escolares pertencentes ao munic\u00edpio de Luzi\u00e2nia, jurisdicionado \u00e0 Coordena\u00e7\u00e3o Regional de Educa\u00e7\u00e3o (CRE) de Luzi\u00e2nia, informa que est\u00e1 recebendo curr\u00edculos, para sele\u00e7\u00e3o e contrata\u00e7\u00e3o tempor\u00e1ria com natureza emergencial para atender aos interesses da Administra\u00e7\u00e3o: <strong>01 (um) professor Pedagogo para Coordena\u00e7\u00e3o Pedag\u00f3gica com carga hor\u00e1ria de 40 (quarenta) horas semanais, no(s) turno(s) matutino e vespertino no <\/strong><strong>\u00a0Col\u00e9gio\u00a0Estadual Conego Ramiro,<\/strong>\u00a0a partir 01\/08\/2024, visando afastar eventuais preju\u00edzos educacionais e\/ou pedag\u00f3gicos aos estudantes da Rede Estadual de Educa\u00e7\u00e3o de Goi\u00e1s.<\/p>\n<p class=\"Texto_Justificado\" style=\"text-align: justify\">A presente convoca\u00e7\u00e3o justifica-se por d\u00e9ficit causado por rescis\u00e3o a pedido\u00a0 da(o) professor(a) titular.<\/p>\n<p class=\"Texto_Justificado\" style=\"text-align: justify\">Os interessados devem encaminhar Curr\u00edculo ao e-mail oficial da Assessoria Financeira da Coordena\u00e7\u00e3o Regional de Educa\u00e7\u00e3o de Luzi\u00e2nia (afin.luziania@seduc.go.gov.br), contendo os contatos telef\u00f4nicos e endere\u00e7os de e-mail para correspond\u00eancias eletr\u00f4nicas, e ainda, que no campo Assunto do e-mail, seja informada a Unidade Escolar e a disciplina da vaga pleiteada.<\/p>\n<p class=\"Texto_Justificado_Esp15\" style=\"text-align: justify\">Oportunamente esclarece, que a Coordena\u00e7\u00e3o Regional de Educa\u00e7\u00e3o de Luzi\u00e2nia instituir\u00e1 comiss\u00e3o pr\u00f3pria para as an\u00e1lises curriculares, que ser\u00e1 composta por membros da CRE, objetivando assim, a ado\u00e7\u00e3o de medidas e provid\u00eancias pertinentes ao suprimento de todos os d\u00e9ficits de professores existentes na Rede Estadual de Educa\u00e7\u00e3o de Goi\u00e1s, que garantam os servi\u00e7os prestados \u00e0 comunidade goiana.<\/p>\n<p style=\"text-align: center\">SEDUC\/GO<\/p>\n<hr \/>\n<h2 style=\"text-align: center\"><strong>COMUNICADO<\/strong><\/h2>\n<p style=\"text-align: center\"><strong>PARA CONTRATA\u00c7\u00c3O TEMPOR\u00c1RIA<\/strong><\/p>\n<pre style=\"text-align: center\">Publica\u00e7\u00e3o: 26\/07\/2024\nEncerramento: 30\/07\/2024 \u00e0s 18h<\/pre>\n<p style=\"text-align: center\"><strong><span style=\"color: #ff0000\">ENCERRADO<\/span><\/strong><\/p>\n<p class=\"Texto_Justificado\" style=\"text-align: justify\">O Governo do Estado de Goi\u00e1s, atrav\u00e9s da Secretaria de Estado da Educa\u00e7\u00e3o, diante da inexist\u00eancia de Processo Seletivo Simplificado vigente no \u00e2mbito desta Pasta e considerando a exist\u00eancia de d\u00e9ficits de professores nas unidades escolares pertencentes ao munic\u00edpio de Luzi\u00e2nia, jurisdicionado \u00e0 Coordena\u00e7\u00e3o Regional de Educa\u00e7\u00e3o (CRE) de Luzi\u00e2nia, informa que est\u00e1 recebendo curr\u00edculos, para sele\u00e7\u00e3o e contrata\u00e7\u00e3o tempor\u00e1ria com natureza emergencial para atender aos interesses da Administra\u00e7\u00e3o:\u00a0<strong>01 (um) professor para ministrar 28 (vinte e oito) aulas semanais de Sociologia e disciplinas afins, no(s) turno(s) matutino no Col\u00e9gio Estadual Professora Lourdes de Oliveira Sampaio,<\/strong>\u00a0a partir de 01\/08\/2024, visando afastar eventuais preju\u00edzos educacionais e\/ou pedag\u00f3gicos aos estudantes da Rede Estadual de Educa\u00e7\u00e3o de Goi\u00e1s.<\/p>\n<p class=\"Texto_Justificado\" style=\"text-align: justify\">A presente convoca\u00e7\u00e3o justifica-se por d\u00e9ficit causado por rescis\u00e3o a pedido da(o) professor(a) titular.<\/p>\n<p class=\"Texto_Justificado\" style=\"text-align: justify\">Os interessados devem encaminhar Curr\u00edculo ao e-mail oficial da Assessoria Financeira da Coordena\u00e7\u00e3o Regional de Educa\u00e7\u00e3o de\u00a0Luzi\u00e2nia\u00a0(afin.luziania@seduc.go.gov.br), contendo os contatos telef\u00f4nicos e endere\u00e7os de e-mail para correspond\u00eancias eletr\u00f4nicas, e ainda, que no campo Assunto do e-mail, seja informada a Unidade Escolar e a disciplina da vaga pleiteada.<\/p>\n<p class=\"Texto_Justificado_Esp15\" style=\"text-align: justify\">Oportunamente esclarece, que a Coordena\u00e7\u00e3o Regional de Educa\u00e7\u00e3o de\u00a0Luzi\u00e2nia\u00a0instituir\u00e1 comiss\u00e3o pr\u00f3pria para as an\u00e1lises curriculares, que ser\u00e1 composta por membros da CRE, objetivando assim, a ado\u00e7\u00e3o de medidas e provid\u00eancias pertinentes ao suprimento de todos os d\u00e9ficits de professores existentes na Rede Estadual de Educa\u00e7\u00e3o de Goi\u00e1s, que garantam os servi\u00e7os prestados \u00e0 comunidade goiana.<\/p>\n<p style=\"text-align: center\">SEDUC\/GO<\/p>\n<hr \/>\n<h2 style=\"text-align: center\"><strong>COMUNICADO<\/strong><\/h2>\n<p style=\"text-align: center\"><strong>PARA CONTRATA\u00c7\u00c3O TEMPOR\u00c1RIA<\/strong><\/p>\n<pre style=\"text-align: center\">Publica\u00e7\u00e3o: 26\/07\/2024\nEncerramento: 30\/07\/2024 \u00e0s 18h<\/pre>\n<p style=\"text-align: center\"><strong><span style=\"color: #ff0000\">ENCERRADO<\/span><\/strong><\/p>\n<p class=\"Texto_Justificado\" style=\"text-align: justify\">O Governo do Estado de Goi\u00e1s, atrav\u00e9s da Secretaria de Estado da Educa\u00e7\u00e3o, diante da inexist\u00eancia de Processo Seletivo Simplificado vigente no \u00e2mbito desta Pasta e considerando a exist\u00eancia de d\u00e9ficits de professores nas unidades escolares pertencentes ao munic\u00edpio de Luzi\u00e2nia, jurisdicionado \u00e0 Coordena\u00e7\u00e3o Regional de Educa\u00e7\u00e3o (CRE) de Luzi\u00e2nia, informa que est\u00e1 recebendo curr\u00edculos, para sele\u00e7\u00e3o e contrata\u00e7\u00e3o tempor\u00e1ria com natureza emergencial para atender aos interesses da Administra\u00e7\u00e3o:\u00a0<strong>01 (um) professor para ministrar 32 (trinta e duas) aulas semanais de L\u00edngua Portuguesa, no(s) turno(s) matutino e vespertino no Col\u00e9gio\u00a0Estadual Delfino Ocl\u00e9cio Machado,<\/strong>\u00a0a partir de 01\/08\/2024, visando afastar eventuais preju\u00edzos educacionais e\/ou pedag\u00f3gicos aos estudantes da Rede Estadual de Educa\u00e7\u00e3o de Goi\u00e1s.<\/p>\n<p class=\"Texto_Justificado\" style=\"text-align: justify\">A presente convoca\u00e7\u00e3o justifica-se por d\u00e9ficit causado por rescis\u00e3o a pedido\u00a0 da(o) professor(a) titular.<\/p>\n<p class=\"Texto_Justificado\" style=\"text-align: justify\">Os interessados devem encaminhar Curr\u00edculo ao e-mail oficial da Assessoria Financeira da Coordena\u00e7\u00e3o Regional de Educa\u00e7\u00e3o de Luzi\u00e2nia (afin.luziania@seduc.go.gov.br), contendo os contatos telef\u00f4nicos e endere\u00e7os de e-mail para correspond\u00eancias eletr\u00f4nicas, e ainda, que no campo Assunto do e-mail, seja informada a Unidade Escolar e a disciplina da vaga pleiteada.<\/p>\n<p class=\"Texto_Justificado_Esp15\" style=\"text-align: justify\">Oportunamente esclarece, que a Coordena\u00e7\u00e3o Regional de Educa\u00e7\u00e3o de Luzi\u00e2nia instituir\u00e1 comiss\u00e3o pr\u00f3pria para as an\u00e1lises curriculares, que ser\u00e1 composta por membros da CRE, objetivando assim, a ado\u00e7\u00e3o de medidas e provid\u00eancias pertinentes ao suprimento de todos os d\u00e9ficits de professores existentes na Rede Estadual de Educa\u00e7\u00e3o de Goi\u00e1s, que garantam os servi\u00e7os prestados \u00e0 comunidade goiana.<\/p>\n<p style=\"text-align: center\">SEDUC\/GO<\/p>\n<hr \/>\n<h2 style=\"text-align: center\"><strong>COMUNICADO<\/strong><\/h2>\n<p style=\"text-align: center\"><strong>PARA CONTRATA\u00c7\u00c3O TEMPOR\u00c1RIA<\/strong><\/p>\n<pre style=\"text-align: center\">Publica\u00e7\u00e3o: 26\/07\/2024\nEncerramento: 30\/07\/2024 \u00e0s 18h<\/pre>\n<p style=\"text-align: center\"><strong><span style=\"color: #ff0000\">ENCERRADO<\/span><\/strong><\/p>\n<p class=\"Texto_Justificado\" style=\"text-align: justify\">O Governo do Estado de Goi\u00e1s, atrav\u00e9s da Secretaria de Estado da Educa\u00e7\u00e3o, diante da inexist\u00eancia de Processo Seletivo Simplificado vigente no \u00e2mbito desta Pasta e considerando a exist\u00eancia de d\u00e9ficits de professores nas unidades escolares pertencentes ao munic\u00edpio de Luzi\u00e2nia, jurisdicionado \u00e0 Coordena\u00e7\u00e3o Regional de Educa\u00e7\u00e3o (CRE) de Luzi\u00e2nia, informa que est\u00e1 recebendo curr\u00edculos, para sele\u00e7\u00e3o e contrata\u00e7\u00e3o tempor\u00e1ria com natureza emergencial para atender aos interesses da Administra\u00e7\u00e3o:\u00a0<strong>01 (um) professor Pedagogo para Coordena\u00e7\u00e3o Pedag\u00f3gica com carga hor\u00e1ria de 40 (quarenta) horas semanais, no(s) turno(s) matutino e vespertino no Col\u00e9gio\u00a0Estadual Vasco do Reis Gon\u00e7alves,<\/strong>\u00a0a partir de\u00a001\/08\/2024, visando afastar eventuais preju\u00edzos educacionais e\/ou pedag\u00f3gicos aos estudantes da Rede Estadual de Educa\u00e7\u00e3o de Goi\u00e1s.<\/p>\n<p class=\"Texto_Justificado\" style=\"text-align: justify\">A presente convoca\u00e7\u00e3o justifica-se por d\u00e9ficit causado por rescis\u00e3o a pedido\u00a0 da(o) professor(a) titular.<\/p>\n<p class=\"Texto_Justificado\" style=\"text-align: justify\">Os interessados devem encaminhar Curr\u00edculo ao e-mail oficial da Assessoria Financeira da Coordena\u00e7\u00e3o Regional de Educa\u00e7\u00e3o de Luzi\u00e2nia (afin.luziania@seduc.go.gov.br), contendo os contatos telef\u00f4nicos e endere\u00e7os de e-mail para correspond\u00eancias eletr\u00f4nicas, e ainda, que no campo Assunto do e-mail, seja informada a Unidade Escolar e a disciplina da vaga pleiteada.<\/p>\n<p class=\"Texto_Justificado_Esp15\" style=\"text-align: justify\">Oportunamente esclarece, que a Coordena\u00e7\u00e3o Regional de Educa\u00e7\u00e3o de Luzi\u00e2nia instituir\u00e1 comiss\u00e3o pr\u00f3pria para as an\u00e1lises curriculares, que ser\u00e1 composta por membros da CRE, objetivando assim, a ado\u00e7\u00e3o de medidas e provid\u00eancias pertinentes ao suprimento de todos os d\u00e9ficits de professores existentes na Rede Estadual de Educa\u00e7\u00e3o de Goi\u00e1s, que garantam os servi\u00e7os prestados \u00e0 comunidade goiana.<\/p>\n<p style=\"text-align: center\">SEDUC\/GO<\/p>\n<hr \/>\n<h2 style=\"text-align: center\"><strong>COMUNICADO<\/strong><\/h2>\n<p style=\"text-align: center\"><strong>PARA CONTRATA\u00c7\u00c3O TEMPOR\u00c1RIA<\/strong><\/p>\n<pre style=\"text-align: center\">Publica\u00e7\u00e3o: 25\/07\/2024\nEncerramento: 29\/07\/2024 \u00e0s 18h<\/pre>\n<p style=\"text-align: center\"><strong><span style=\"color: #ff0000\">ENCERRADO<\/span><\/strong><\/p>\n<p class=\"Texto_Justificado\" style=\"text-align: justify\">O Governo do Estado de Goi\u00e1s, atrav\u00e9s da Secretaria de Estado da Educa\u00e7\u00e3o, diante da inexist\u00eancia de Processo Seletivo Simplificado vigente no \u00e2mbito desta Pasta e considerando a exist\u00eancia de d\u00e9ficits de professores nas unidades escolares pertencentes ao munic\u00edpio de Luzi\u00e2nia jurisdicionado \u00e0 Coordena\u00e7\u00e3o Regional de Educa\u00e7\u00e3o (CRE) de Luzi\u00e2nia, informa que est\u00e1 recebendo curr\u00edculos, para sele\u00e7\u00e3o e contrata\u00e7\u00e3o tempor\u00e1ria com natureza emergencial para atender aos interesses da Administra\u00e7\u00e3o:\u00a0<strong>01 (um) professor para ministrar 32 (trinta e duas) aulas semanais de Ci\u00eancias da Natureza e disciplinas afins, no(s) turno(s) matutino e vespertino no Col\u00e9gio\u00a0Estadual Posto Ip\u00ea,<\/strong>\u00a0a partir de 01\/08\/2024 , visando afastar eventuais preju\u00edzos educacionais e\/ou pedag\u00f3gicos aos estudantes da Rede Estadual de Educa\u00e7\u00e3o de Goi\u00e1s.<\/p>\n<p class=\"Texto_Justificado\" style=\"text-align: justify\">A presente convoca\u00e7\u00e3o justifica-se por d\u00e9ficit causado por rescis\u00e3o a pedido\u00a0 da(o) professor(a) titular.<\/p>\n<p class=\"Texto_Justificado\" style=\"text-align: justify\">Os interessados devem encaminhar Curr\u00edculo ao e-mail oficial da Assessoria Financeira da Coordena\u00e7\u00e3o Regional de Educa\u00e7\u00e3o de Luzi\u00e2nia (afin.luziania@seduc.go.gov.br), contendo os contatos telef\u00f4nicos e endere\u00e7os de e-mail para correspond\u00eancias eletr\u00f4nicas, e ainda, que no campo Assunto do e-mail, seja informada a Unidade Escolar e a disciplina da vaga pleiteada.<\/p>\n<p class=\"Texto_Justificado_Esp15\" style=\"text-align: justify\">Oportunamente esclarece, que a Coordena\u00e7\u00e3o Regional de Educa\u00e7\u00e3o de Luzi\u00e2nia instituir\u00e1 comiss\u00e3o pr\u00f3pria para as an\u00e1lises curriculares, que ser\u00e1 composta por membros da CRE, objetivando assim, a ado\u00e7\u00e3o de medidas e provid\u00eancias pertinentes ao suprimento de todos os d\u00e9ficits de professores existentes na Rede Estadual de Educa\u00e7\u00e3o de Goi\u00e1s, que garantam os servi\u00e7os prestados \u00e0 comunidade goiana.<\/p>\n<p style=\"text-align: center\">SEDUC\/GO<\/p>\n<hr \/>\n<h2 style=\"text-align: center\"><strong>COMUNICADO<\/strong><\/h2>\n<p style=\"text-align: center\"><strong>PARA CONTRATA\u00c7\u00c3O TEMPOR\u00c1RIA<\/strong><\/p>\n<pre style=\"text-align: center\">Publica\u00e7\u00e3o: 24\/07\/2024\nEncerramento: 26\/07\/2024 \u00e0s 18h<\/pre>\n<p style=\"text-align: center\"><strong><span style=\"color: #ff0000\">ENCERRADO<\/span><\/strong><\/p>\n<p class=\"Texto_Justificado\" style=\"text-align: justify\">O Governo do Estado de Goi\u00e1s, atrav\u00e9s da Secretaria de Estado da Educa\u00e7\u00e3o, diante da inexist\u00eancia de Processo Seletivo Simplificado vigente no \u00e2mbito desta Pasta e considerando a exist\u00eancia de d\u00e9ficits de professores nas unidades escolares pertencentes ao munic\u00edpio de\u00a0Luzi\u00e2nia, jurisdicionado \u00e0 Coordena\u00e7\u00e3o Regional de Educa\u00e7\u00e3o (CRE) de\u00a0Luzi\u00e2nia, informa que est\u00e1 recebendo curr\u00edculos para sele\u00e7\u00e3o e contrata\u00e7\u00e3o tempor\u00e1ria com natureza emergencial para atender aos interesses da Administra\u00e7\u00e3o de um professor para ministrar 32 (trinta e duas) aulas semanais nos turnos matutino e noturno, de\u00a0<b>F\u00edsica e disciplinas afin<\/b><strong>s no COL\u00c9GIO ESTADUAL PROFESSORA MARIA PEREIRA VASCONCELOS<\/strong>, a partir de 01\/08\/2024, visando afastar eventuais preju\u00edzos educacionais e\/ou pedag\u00f3gicos aos estudantes da Rede Estadual de Educa\u00e7\u00e3o de Goi\u00e1s.<\/p>\n<p class=\"Texto_Justificado\" style=\"text-align: justify\">A presente convoca\u00e7\u00e3o justifica-se por d\u00e9ficit causado por concess\u00e3o de afastamento para exerc\u00edcio de atividade pol\u00edtica concedida a(o) professor(a) titular, conforme disciplina o art. 208, da Lei n.\u00ba 13.909, de 25 de setembro de 2001.<\/p>\n<p class=\"Texto_Justificado\" style=\"text-align: justify\">Os interessados devem encaminhar Curr\u00edculo ao e-mail oficial da Assessoria Financeira da Coordena\u00e7\u00e3o Regional de Educa\u00e7\u00e3o de\u00a0Luzi\u00e2nia\u00a0(afin.luziania@seduc.go.gov.br), contendo os contatos telef\u00f4nicos e endere\u00e7os de e-mail para correspond\u00eancias eletr\u00f4nicas, e ainda, que no campo Assunto do e-mail, seja informada a Unidade Escolar e a disciplina da vaga pleiteada.<\/p>\n<p class=\"Texto_Justificado\" style=\"text-align: justify\">Oportunamente esclarece, que a Coordena\u00e7\u00e3o Regional de Educa\u00e7\u00e3o de\u00a0Luzi\u00e2nia\u00a0instituir\u00e1 comiss\u00e3o pr\u00f3pria para as an\u00e1lises curriculares, que ser\u00e1 composta por membros da CRE, objetivando assim, a ado\u00e7\u00e3o de medidas e provid\u00eancias pertinentes ao suprimento de todos os d\u00e9ficits de professores existentes na Rede Estadual de Educa\u00e7\u00e3o de Goi\u00e1s, que garantam os servi\u00e7os prestados \u00e0 comunidade goiana.<\/p>\n<p style=\"text-align: center\">SEDUC\/GO<\/p>\n<hr \/>\n<h2 style=\"text-align: center\"><strong>COMUNICADO<\/strong><\/h2>\n<p style=\"text-align: center\"><strong>PARA CONTRATA\u00c7\u00c3O TEMPOR\u00c1RIA<\/strong><\/p>\n<pre style=\"text-align: center\">Publica\u00e7\u00e3o: 23\/07\/2024\nEncerramento: 25\/07\/2024 \u00e0s 18h<\/pre>\n<p class=\"Texto_Justificado\" style=\"text-align: center\"><strong><span style=\"color: #ff0000\">ENCERRADO<\/span><\/strong><\/p>\n<p class=\"Texto_Justificado\" style=\"text-align: justify\">O Governo do Estado de Goi\u00e1s, atrav\u00e9s da Secretaria de Estado da Educa\u00e7\u00e3o, diante da inexist\u00eancia de Processo Seletivo Simplificado vigente no \u00e2mbito desta Pasta e considerando a exist\u00eancia de d\u00e9ficits de professores nas unidades escolares pertencentes ao munic\u00edpio de Luzi\u00e2nia, jurisdicionado \u00e0 Coordena\u00e7\u00e3o Regional de Educa\u00e7\u00e3o (CRE) de Luzi\u00e2nia, informa que est\u00e1 recebendo curr\u00edculos, para sele\u00e7\u00e3o e contrata\u00e7\u00e3o tempor\u00e1ria com natureza emergencial para atender aos interesses da Administra\u00e7\u00e3o:\u00a0<strong>01 (um) Int\u00e9rprete de L\u00edngua Brasileira de Sinais -LIBRAS, para 40\u00a0(quarenta) horas, no(s) turno(s) matutino e vespertino no\u00a0<\/strong><strong>CEPI &#8211; MARIA ABADIA SALOM\u00c3O<\/strong><strong>,<\/strong>\u00a0a partir de 01\/08\/2024, visando afastar eventuais preju\u00edzos educacionais e\/ou pedag\u00f3gicos aos estudantes da Rede Estadual de Educa\u00e7\u00e3o de Goi\u00e1s.<\/p>\n<p class=\"Texto_Justificado\" style=\"text-align: justify\">A presente convoca\u00e7\u00e3o justifica-se por d\u00e9ficit causado por rescis\u00e3o a pedido\u00a0 da(o) professor(a) titular.<\/p>\n<p class=\"Texto_Justificado\" style=\"text-align: justify\">Os interessados devem encaminhar Curr\u00edculo ao e-mail oficial da Assessoria Financeira da Coordena\u00e7\u00e3o Regional de Luzi\u00e2nia\u00a0(afin.luziania@seduc.go.gov.br), contendo os contatos telef\u00f4nicos e endere\u00e7os de e-mail para correspond\u00eancias eletr\u00f4nicas, e ainda, que no campo Assunto do e-mail, seja informada a Unidade Escolar e a disciplina da vaga pleiteada.<\/p>\n<p class=\"Texto_Justificado\" style=\"text-align: justify\">Oportunamente esclarece, que a Coordena\u00e7\u00e3o Regional de Educa\u00e7\u00e3o de\u00a0Luzi\u00e2nia\u00a0instituir\u00e1 comiss\u00e3o pr\u00f3pria para as an\u00e1lises curriculares, que ser\u00e1 composta por membros da CRE, objetivando assim, a ado\u00e7\u00e3o de medidas e provid\u00eancias pertinentes ao suprimento de todos os d\u00e9ficits de professores existentes na Rede Estadual de Educa\u00e7\u00e3o de Goi\u00e1s, que garantam os servi\u00e7os prestados \u00e0 comunidade goiana.<\/p>\n<p style=\"text-align: center\">SEDUC\/GO<\/p>\n<hr \/>\n<h2 style=\"text-align: center\"><strong>COMUNICADO<\/strong><\/h2>\n<p style=\"text-align: center\"><strong>PARA CONTRATA\u00c7\u00c3O TEMPOR\u00c1RIA<\/strong><\/p>\n<pre style=\"text-align: center\">Publica\u00e7\u00e3o: 19\/07\/2024\nEncerramento: 23\/07\/2024 \u00e0s 18h<\/pre>\n<p class=\"Texto_Justificado\" style=\"text-align: center\"><strong><span style=\"color: #ff0000\">ENCERRADO<\/span><\/strong><\/p>\n<p class=\"Texto_Justificado\">O Governo do Estado de Goi\u00e1s, atrav\u00e9s da Secretaria de Estado da Educa\u00e7\u00e3o, diante da inexist\u00eancia de Processo Seletivo Simplificado vigente no \u00e2mbito desta Pasta e considerando a exist\u00eancia de d\u00e9ficits de professores nas unidades escolares pertencentes ao munic\u00edpio de\u00a0Luzi\u00e2nia, jurisdicionado \u00e0 Coordena\u00e7\u00e3o Regional de Educa\u00e7\u00e3o (CRE) de\u00a0Luzi\u00e2nia, informa que est\u00e1 recebendo curr\u00edculos, para sele\u00e7\u00e3o e contrata\u00e7\u00e3o tempor\u00e1ria com natureza emergencial para atender aos interesses da Administra\u00e7\u00e3o:\u00a0<strong>01 (um) pedagogo para a fun\u00e7\u00e3o 631 &#8211; PROFESSOR DE MEDIA\u00c7\u00c3O DE TECNOLOGIA, 30 (trinta) horas semanais, no(s) turno(s) vespertino no Col\u00e9gio\u00a0<\/strong><strong>Nair Tiecher<\/strong><strong>\u00a0<\/strong><strong>,<\/strong>\u00a0a partir de 01\/08\/2024, visando afastar eventuais preju\u00edzos educacionais e\/ou pedag\u00f3gicos aos estudantes da Rede Estadual de Educa\u00e7\u00e3o de Goi\u00e1s.<\/p>\n<p class=\"Texto_Justificado\">A presente convoca\u00e7\u00e3o justifica-se por d\u00e9ficit causado por rescis\u00e3o a pedido\u00a0 da(o) professor(a) titular.<\/p>\n<p class=\"Texto_Justificado\">Os interessados devem encaminhar Curr\u00edculo ao e-mail oficial da Assessoria Financeira da Coordena\u00e7\u00e3o Regional de Educa\u00e7\u00e3o de\u00a0Luzi\u00e2nia\u00a0(afin.luziania@seduc.go.gov.br), contendo os contatos telef\u00f4nicos e endere\u00e7os de e-mail para correspond\u00eancias eletr\u00f4nicas, e ainda, que no campo Assunto do e-mail, seja informada a Unidade Escolar e a disciplina da vaga pleiteada.<\/p>\n<p class=\"Texto_Justificado_Esp15\">Oportunamente esclarece, que a Coordena\u00e7\u00e3o Regional de Educa\u00e7\u00e3o de\u00a0Luzi\u00e2nia\u00a0instituir\u00e1 comiss\u00e3o pr\u00f3pria para as an\u00e1lises curriculares, que ser\u00e1 composta por membros da CRE, objetivando assim, a ado\u00e7\u00e3o de medidas e provid\u00eancias pertinentes ao suprimento de todos os d\u00e9ficits de professores existentes na Rede Estadual de Educa\u00e7\u00e3o de Goi\u00e1s, que garantam os servi\u00e7os prestados \u00e0 comunidade goiana.<\/p>\n<p style=\"text-align: center\">SEDUC\/GO<\/p>\n<hr \/>\n<h2 style=\"text-align: center\"><strong>COMUNICADO<\/strong><\/h2>\n<p style=\"text-align: center\"><strong>PARA CONTRATA\u00c7\u00c3O TEMPOR\u00c1RIA<\/strong><\/p>\n<pre style=\"text-align: center\">Publica\u00e7\u00e3o: 29\/05\/2024\nEncerramento: 03\/06\/2024 \u00e0s 18h<\/pre>\n<p style=\"text-align: center\"><strong><span style=\"color: #ff0000\">ENCERRADO<\/span><\/strong><\/p>\n<p style=\"text-align: justify\">O Governo do Estado de Goi\u00e1s, atrav\u00e9s da Secretaria de Estado da Educa\u00e7\u00e3o, diante da inexist\u00eancia de Processo Seletivo Simplificado vigente no \u00e2mbito desta Pasta e considerando a exist\u00eancia de d\u00e9ficits de professores nas unidades escolares pertencentes ao munic\u00edpio de <strong>Luzi\u00e2nia<\/strong>, jurisdicionado \u00e0 Coordena\u00e7\u00e3o Regional de Educa\u00e7\u00e3o (CRE) de <strong>Luzi\u00e2nia<\/strong>, informa que est\u00e1 recebendo curr\u00edculos para sele\u00e7\u00e3o e contrata\u00e7\u00e3o tempor\u00e1ria com natureza emergencial para atender aos interesses da Administra\u00e7\u00e3o, para exercer a <strong>fun\u00e7\u00e3o de Int\u00e9rprete de L\u00ednguas Brasileira e Sinais e cumprir jornada de trabalho de\u00a0 <\/strong>40 (quarenta) horas semanais na(s) \u00a0no(a) <strong>CEPI \u2013 H\u00e9lio Rodrigues de Queiroz,<\/strong> nos turnos <strong>matutino e vespertino,<\/strong> visando afastar eventuais preju\u00edzos educacionais e\/ou pedag\u00f3gicos aos estudantes da Rede Estadual de Educa\u00e7\u00e3o de Goi\u00e1s.<\/p>\n<p style=\"text-align: justify\">A presente convoca\u00e7\u00e3o justifica-se por d\u00e9ficit causado por afastamento em decorr\u00eancia de concess\u00e3o de <strong>Licen\u00e7a M\u00e9dica<\/strong> ao professor titular, conforme disciplina o art. 208, da Lei n.\u00ba 13.909, de 25 de setembro de 2001.<\/p>\n<p style=\"text-align: justify\">Os interessados devem encaminhar Curr\u00edculo ao e-mail oficial da Coordena\u00e7\u00e3o Regional de Educa\u00e7\u00e3o <strong>(sreluziania@seduc.go.gov.br),<\/strong> contendo os contatos telef\u00f4nicos e endere\u00e7os de e-mail para correspond\u00eancias eletr\u00f4nicas.<\/p>\n<p style=\"text-align: justify\">Oportunamente esclarece, que a Coordena\u00e7\u00e3o Regional de Educa\u00e7\u00e3o de <strong>Luzi\u00e2nia<\/strong>, instituir\u00e1 comiss\u00e3o pr\u00f3pria para as an\u00e1lises curriculares, que ser\u00e1 composta por integrante do Sindicato da categoria e membros da CRE, objetivando assim, a ado\u00e7\u00e3o de medidas e provid\u00eancias pertinentes ao suprimento de todos os d\u00e9ficits de professores existentes na Rede Estadual de Educa\u00e7\u00e3o de Goi\u00e1s, que garantam os servi\u00e7os prestados \u00e0 comunidade goiana.<\/p>\n<p style=\"text-align: center\">SEDUC\/GO<\/p>\n<hr \/>\n<h2 align=\"center\"><strong>COMUNICADO<\/strong><\/h2>\n<p style=\"text-align: center\"><strong>PARA CONTRATA\u00c7\u00c3O TEMPOR\u00c1RIA<\/strong><\/p>\n<pre style=\"text-align: center\">Publica\u00e7\u00e3o: 29\/05\/2024\nEncerramento: 03\/06\/2024 \u00e0s 18h<\/pre>\n<p style=\"text-align: center\"><strong><span style=\"color: #ff0000\">ENCERRADO<\/span><\/strong><\/p>\n<p style=\"text-align: justify\">O Governo do Estado de Goi\u00e1s, atrav\u00e9s da Secretaria de Estado da Educa\u00e7\u00e3o, diante da inexist\u00eancia de Processo Seletivo Simplificado vigente no \u00e2mbito desta Pasta e considerando a exist\u00eancia de d\u00e9ficits de professores nas unidades escolares pertencentes ao munic\u00edpio de <strong>Cristalina<\/strong>, jurisdicionado \u00e0 Coordena\u00e7\u00e3o Regional de Educa\u00e7\u00e3o (CRE) de <strong>Luzi\u00e2nia<\/strong>, informa que est\u00e1 recebendo curr\u00edculos para sele\u00e7\u00e3o e contrata\u00e7\u00e3o tempor\u00e1ria com natureza emergencial para atender aos interesses da Administra\u00e7\u00e3o, para exercer a <strong>fun\u00e7\u00e3o de Int\u00e9rprete de L\u00ednguas Brasileira e Sinais e cumprir jornada de trabalho de\u00a0 <\/strong>30 (trinta) horas semanais na(s) \u00a0no(a) <strong>Col\u00e9gio Estadual de Campos Lindos,<\/strong> no turno <strong>vespertino,<\/strong> visando afastar eventuais preju\u00edzos educacionais e\/ou pedag\u00f3gicos aos estudantes da Rede Estadual de Educa\u00e7\u00e3o de Goi\u00e1s.<\/p>\n<p style=\"text-align: justify\">A presente convoca\u00e7\u00e3o justifica-se por necessidade de atender estudante matriculado na unidade escolar com defici\u00eancia auditiva.<\/p>\n<p style=\"text-align: justify\">Os interessados devem encaminhar Curr\u00edculo ao e-mail oficial da Coordena\u00e7\u00e3o Regional de Educa\u00e7\u00e3o <strong>(sreluziania@seduc.go.gov.br),<\/strong> contendo os contatos telef\u00f4nicos e endere\u00e7os de e-mail para correspond\u00eancias eletr\u00f4nicas.<\/p>\n<p style=\"text-align: justify\">Oportunamente esclarece, que a Coordena\u00e7\u00e3o Regional de Educa\u00e7\u00e3o de <strong>Luzi\u00e2nia<\/strong>, instituir\u00e1 comiss\u00e3o pr\u00f3pria para as an\u00e1lises curriculares, que ser\u00e1 composta por integrante do Sindicato da categoria e membros da CRE, objetivando assim, a ado\u00e7\u00e3o de medidas e provid\u00eancias pertinentes ao suprimento de todos os d\u00e9ficits de professores existentes na Rede Estadual de Educa\u00e7\u00e3o de Goi\u00e1s, que garantam os servi\u00e7os prestados \u00e0 comunidade goiana.<\/p>\n<p style=\"text-align: center\">SEDUC\/GO<\/p>\n<hr \/>\n<h2 align=\"center\"><strong>COMUNICADO<\/strong><\/h2>\n<p style=\"text-align: center\"><strong>PARA CONTRATA\u00c7\u00c3O TEMPOR\u00c1RIA<\/strong><\/p>\n<pre style=\"text-align: center\">Publica\u00e7\u00e3o: 29\/05\/2024\nEncerramento: 03\/06\/2024 \u00e0s 18h<\/pre>\n<p style=\"text-align: center\"><strong><span style=\"color: #ff0000\">ENCERRADO<\/span><\/strong><\/p>\n<p style=\"text-align: justify\">O Governo do Estado de Goi\u00e1s, atrav\u00e9s da Secretaria de Estado da Educa\u00e7\u00e3o, diante da inexist\u00eancia de Processo Seletivo Simplificado vigente no \u00e2mbito desta Pasta e considerando a exist\u00eancia de d\u00e9ficits de professores nas unidades escolares pertencentes ao munic\u00edpio de <strong>Luzi\u00e2nia<\/strong>, jurisdicionado \u00e0 Coordena\u00e7\u00e3o Regional de Educa\u00e7\u00e3o (CRE) de <strong>Luzi\u00e2nia<\/strong>, informa que est\u00e1 recebendo curr\u00edculos para sele\u00e7\u00e3o e contrata\u00e7\u00e3o tempor\u00e1ria de 1 (um) professor de Geografia com natureza emergencial para atender aos interesses da Administra\u00e7\u00e3o, para ministrar <strong>32 aulas<\/strong> semanais na(s) disciplina(s) <strong>Geografia <\/strong>\u00a0no(a) <strong>CEPMG Maria Abadia Meireles Shinohara,<\/strong> nos turnos <strong>matutino e vespertino,<\/strong> visando afastar eventuais preju\u00edzos educacionais e\/ou pedag\u00f3gicos aos estudantes da Rede Estadual de Educa\u00e7\u00e3o de Goi\u00e1s.<\/p>\n<p style=\"text-align: justify\">A presente convoca\u00e7\u00e3o justifica-se por d\u00e9ficit causado por afastamento em decorr\u00eancia de concess\u00e3o de <strong>Licen\u00e7a M\u00e9dica<\/strong> ao professor titular, conforme disciplina o art. 208, da Lei n.\u00ba 13.909, de 25 de setembro de 2001.<\/p>\n<p style=\"text-align: justify\">Os interessados devem encaminhar Curr\u00edculo ao e-mail oficial da Coordena\u00e7\u00e3o Regional de Educa\u00e7\u00e3o <strong>(sreluziania@seduc.go.gov.br),<\/strong> contendo os contatos telef\u00f4nicos e endere\u00e7os de e-mail para correspond\u00eancias eletr\u00f4nicas.<\/p>\n<p style=\"text-align: justify\">Oportunamente esclarece, que a Coordena\u00e7\u00e3o Regional de Educa\u00e7\u00e3o de <strong>Luzi\u00e2nia<\/strong>, instituir\u00e1 comiss\u00e3o pr\u00f3pria para as an\u00e1lises curriculares, que ser\u00e1 composta por integrante do Sindicato da categoria e membros da CRE, objetivando assim, a ado\u00e7\u00e3o de medidas e provid\u00eancias pertinentes ao suprimento de todos os d\u00e9ficits de professores existentes na Rede Estadual de Educa\u00e7\u00e3o de Goi\u00e1s, que garantam os servi\u00e7os prestados \u00e0 comunidade goiana.<\/p>\n<p style=\"text-align: center\">SEDUC\/GO<\/p>\n<hr \/>\n<h2 align=\"center\"><strong>COMUNICADO<\/strong><\/h2>\n<p style=\"text-align: center\"><strong>PARA CONTRATA\u00c7\u00c3O TEMPOR\u00c1RIA<\/strong><\/p>\n<pre style=\"text-align: center\">Publica\u00e7\u00e3o: 29\/05\/2024\nEncerramento: 03\/06\/2024 \u00e0s 18h<\/pre>\n<p style=\"text-align: center\"><strong><span style=\"color: #ff0000\">ENCERRADO<\/span><\/strong><\/p>\n<p style=\"text-align: justify\">O Governo do Estado de Goi\u00e1s, atrav\u00e9s da Secretaria de Estado da Educa\u00e7\u00e3o, diante da inexist\u00eancia de Processo Seletivo Simplificado vigente no \u00e2mbito desta Pasta e considerando a exist\u00eancia de d\u00e9ficits de professores nas unidades escolares pertencentes ao munic\u00edpio de <strong>Luzi\u00e2nia<\/strong>, jurisdicionado \u00e0 Coordena\u00e7\u00e3o Regional de Educa\u00e7\u00e3o (CRE) de <strong>Luzi\u00e2nia<\/strong>, informa que est\u00e1 recebendo curr\u00edculos para sele\u00e7\u00e3o e contrata\u00e7\u00e3o tempor\u00e1ria de 1 (um) professor de Geografia com natureza emergencial para atender aos interesses da Administra\u00e7\u00e3o, para ministrar <strong>16 (dezesseis) aulas<\/strong> semanais na(s) disciplina(s) <strong>Geografia e afins<\/strong>, no(a) <strong>Col\u00e9gio Estadual Conego Ramiro,<\/strong> no turno <strong>matutino,<\/strong> visando afastar eventuais preju\u00edzos educacionais e\/ou pedag\u00f3gicos aos estudantes da Rede Estadual de Educa\u00e7\u00e3o de Goi\u00e1s.<\/p>\n<p style=\"text-align: justify\">A presente convoca\u00e7\u00e3o justifica-se por d\u00e9ficit causado por afastamento em decorr\u00eancia de movimenta\u00e7\u00e3o funcional de professor titular.<\/p>\n<p style=\"text-align: justify\">Os interessados devem encaminhar Curr\u00edculo ao e-mail oficial da Coordena\u00e7\u00e3o Regional de Educa\u00e7\u00e3o <strong>(sreluziania@seduc.go.gov.br),<\/strong> contendo os contatos telef\u00f4nicos e endere\u00e7os de e-mail para correspond\u00eancias eletr\u00f4nicas.<\/p>\n<p style=\"text-align: justify\">Oportunamente esclarece, que a Coordena\u00e7\u00e3o Regional de Educa\u00e7\u00e3o de <strong>Luzi\u00e2nia<\/strong>, instituir\u00e1 comiss\u00e3o pr\u00f3pria para as an\u00e1lises curriculares, que ser\u00e1 composta por integrante do Sindicato da categoria e membros da CRE, objetivando assim, a ado\u00e7\u00e3o de medidas e provid\u00eancias pertinentes ao suprimento de todos os d\u00e9ficits de professores existentes na Rede Estadual de Educa\u00e7\u00e3o de Goi\u00e1s, que garantam os servi\u00e7os prestados \u00e0 comunidade goiana.<\/p>\n<p style=\"text-align: center\">SEDUC\/GO<\/p>\n<hr \/>\n<h2 align=\"center\"><strong>COMUNICADO<\/strong><\/h2>\n<p style=\"text-align: center\"><strong>PARA CONTRATA\u00c7\u00c3O TEMPOR\u00c1RIA<\/strong><\/p>\n<pre style=\"text-align: center\">Publica\u00e7\u00e3o: 29\/05\/2024\nEncerramento: 03\/06\/2024 \u00e0s 18h<\/pre>\n<p style=\"text-align: center\"><strong><span style=\"color: #ff0000\">ENCERRADO<\/span><\/strong><\/p>\n<p style=\"text-align: justify\">O Governo do Estado de Goi\u00e1s, atrav\u00e9s da Secretaria de Estado da Educa\u00e7\u00e3o, diante da inexist\u00eancia de Processo Seletivo Simplificado vigente no \u00e2mbito desta Pasta e considerando a exist\u00eancia de d\u00e9ficits de professores nas unidades escolares pertencentes ao munic\u00edpio de <strong>Luzi\u00e2nia<\/strong>, jurisdicionado \u00e0 Coordena\u00e7\u00e3o Regional de Educa\u00e7\u00e3o (CRE) de <strong>Luzi\u00e2nia<\/strong>, informa que est\u00e1 recebendo curr\u00edculos para sele\u00e7\u00e3o e contrata\u00e7\u00e3o tempor\u00e1ria com natureza emergencial para atender aos interesses da Administra\u00e7\u00e3o, para ministrar <strong>32 (trinta e duas) aulas<\/strong> semanais na(s) disciplina(s) <strong>Biologia e afins<\/strong>, no(a) <strong>Col\u00e9gio Estadual Lourdes de Oliveira Sampaio,<\/strong> nos turnos <strong>matutino e vespertino,<\/strong> visando afastar eventuais preju\u00edzos educacionais e\/ou pedag\u00f3gicos aos estudantes da Rede Estadual de Educa\u00e7\u00e3o de Goi\u00e1s.<\/p>\n<p style=\"text-align: justify\">A presente convoca\u00e7\u00e3o justifica-se por d\u00e9ficit causado por afastamento em decorr\u00eancia de concess\u00e3o de <strong>Licen\u00e7a M\u00e9dica<\/strong> ao professor titular, conforme disciplina o art. 208, da Lei n.\u00ba 13.909, de 25 de setembro de 2001.<\/p>\n<p style=\"text-align: justify\">Os interessados devem encaminhar Curr\u00edculo ao e-mail oficial da Coordena\u00e7\u00e3o Regional de Educa\u00e7\u00e3o <strong>(sreluziania@seduc.go.gov.br),<\/strong> contendo os contatos telef\u00f4nicos e endere\u00e7os de e-mail para correspond\u00eancias eletr\u00f4nicas.<\/p>\n<p style=\"text-align: justify\">Oportunamente esclarece, que a Coordena\u00e7\u00e3o Regional de Educa\u00e7\u00e3o de <strong>Luzi\u00e2nia<\/strong>, instituir\u00e1 comiss\u00e3o pr\u00f3pria para as an\u00e1lises curriculares, que ser\u00e1 composta por integrante do Sindicato da categoria e membros da CRE, objetivando assim, a ado\u00e7\u00e3o de medidas e provid\u00eancias pertinentes ao suprimento de todos os d\u00e9ficits de professores existentes na Rede Estadual de Educa\u00e7\u00e3o de Goi\u00e1s, que garantam os servi\u00e7os prestados \u00e0 comunidade goiana.<\/p>\n<p style=\"text-align: center\">SEDUC\/GO<\/p>\n<hr \/>\n<h2 align=\"center\"><strong>COMUNICADO<\/strong><\/h2>\n<p style=\"text-align: center\"><strong>PARA CONTRATA\u00c7\u00c3O TEMPOR\u00c1RIA<\/strong><\/p>\n<pre style=\"text-align: center\">Publica\u00e7\u00e3o: 02\/05\/2024\nEncerramento: 05\/05\/2024 \u00e0s 18h<\/pre>\n<h4 class=\"entry-title\" style=\"text-align: center\"><span style=\"color: #ff0000\"><strong>ENCERRADO<\/strong><\/span><\/h4>\n<p style=\"text-align: justify\">O Governo do Estado de Goi\u00e1s, atrav\u00e9s da Secretaria de Estado da Educa\u00e7\u00e3o, diante da inexist\u00eancia de Processo Seletivo Simplificado vigente no \u00e2mbito desta Pasta e considerando a exist\u00eancia de d\u00e9ficits de professores nas unidades escolares pertencentes ao munic\u00edpio de <strong>Luzi\u00e2nia<\/strong>, jurisdicionado \u00e0 Coordena\u00e7\u00e3o Regional de Educa\u00e7\u00e3o (CRE) de Luzi\u00e2nia, informa que est\u00e1 recebendo curr\u00edculos para sele\u00e7\u00e3o e contrata\u00e7\u00e3o tempor\u00e1ria de 1 (um) Pedagogo com natureza emergencial para atender aos interesses da Administra\u00e7\u00e3o, para ministrar 30 (trinta) aulas semanais na fun\u00e7\u00e3o de \u00a0reg\u00eancia, no(a) Escola Especial Jesus Bom Pastor no turno matutino, visando afastar eventuais preju\u00edzos educacionais e\/ou pedag\u00f3gicos aos estudantes da Rede Estadual de Educa\u00e7\u00e3o de Goi\u00e1s.<\/p>\n<p style=\"text-align: justify\">A presente convoca\u00e7\u00e3o justifica-se por d\u00e9ficit causado por abertura de nova turma na unidade escolar.<\/p>\n<p style=\"text-align: justify\">Os interessados devem encaminhar Curr\u00edculo ao e-mail oficial da Coordena\u00e7\u00e3o Regional de Educa\u00e7\u00e3o (sreluziania@seduc.go.gov.br), contendo os contatos telef\u00f4nicos e endere\u00e7os de e-mail para correspond\u00eancias eletr\u00f4nicas.<\/p>\n<p style=\"text-align: justify\">Oportunamente esclarece, que a Coordena\u00e7\u00e3o Regional de Educa\u00e7\u00e3o de Luzi\u00e2nia, instituir\u00e1 comiss\u00e3o pr\u00f3pria para as an\u00e1lises curriculares, que ser\u00e1 composta por integrante do Sindicato da categoria e membros da CRE, objetivando assim, a ado\u00e7\u00e3o de medidas e provid\u00eancias pertinentes ao suprimento de todos os d\u00e9ficits de professores existentes na Rede Estadual de Educa\u00e7\u00e3o de Goi\u00e1s, que garantam os servi\u00e7os prestados \u00e0 comunidade goiana.<\/p>\n<p style=\"text-align: center\">SEDUC\/GO<\/p>\n<hr \/>\n<h2 align=\"center\"><strong>COMUNICADO<\/strong><\/h2>\n<p style=\"text-align: center\"><strong>PARA CONTRATA\u00c7\u00c3O TEMPOR\u00c1RIA<\/strong><\/p>\n<pre style=\"text-align: center\">Publica\u00e7\u00e3o: 02\/05\/2024\nEncerramento: 05\/05\/2024 \u00e0s 18h<\/pre>\n<h4 class=\"entry-title\" style=\"text-align: center\"><span style=\"color: #ff0000\"><strong>ENCERRADO<\/strong><\/span><\/h4>\n<p style=\"text-align: justify\">O Governo do Estado de Goi\u00e1s, atrav\u00e9s da Secretaria de Estado da Educa\u00e7\u00e3o, diante da inexist\u00eancia de Processo Seletivo Simplificado vigente no \u00e2mbito desta Pasta e considerando a exist\u00eancia de d\u00e9ficits de professores nas unidades escolares pertencentes ao munic\u00edpio de <strong>Luzi\u00e2nia<\/strong>, jurisdicionado \u00e0 Coordena\u00e7\u00e3o Regional de Educa\u00e7\u00e3o (CRE) de Luzi\u00e2nia, informa que est\u00e1 recebendo curr\u00edculos para sele\u00e7\u00e3o e contrata\u00e7\u00e3o tempor\u00e1ria com natureza emergencial para atender aos interesses da Administra\u00e7\u00e3o, para ministrar 25 (vinte e cinco) aulas semanais na(s) disciplina(s) Matem\u00e1tica e F\u00edsica, no(a) Col\u00e9gio Estadual Ant\u00f4nio Valdir Roriz, nos turnos vespertino e noturno, visando afastar eventuais preju\u00edzos educacionais e\/ou pedag\u00f3gicos aos estudantes da Rede Estadual de Educa\u00e7\u00e3o de Goi\u00e1s.<\/p>\n<p style=\"text-align: justify\">A presente convoca\u00e7\u00e3o justifica-se por d\u00e9ficit causado por afastamento em decorr\u00eancia de concess\u00e3o de Licen\u00e7a M\u00e9dica a professor titular, conforme disciplina o art. 208, da Lei n.\u00ba 13.909, de 25 de setembro de 2001.<\/p>\n<p style=\"text-align: justify\">Os interessados devem encaminhar Curr\u00edculo ao e-mail oficial da Coordena\u00e7\u00e3o Regional de Educa\u00e7\u00e3o (sreluziania@seduc.go.gov.br), contendo os contatos telef\u00f4nicos e endere\u00e7os de e-mail para correspond\u00eancias eletr\u00f4nicas.<\/p>\n<p style=\"text-align: justify\">Oportunamente esclarece, que a Coordena\u00e7\u00e3o Regional de Educa\u00e7\u00e3o de Luzi\u00e2nia, instituir\u00e1 comiss\u00e3o pr\u00f3pria para as an\u00e1lises curriculares, que ser\u00e1 composta por integrante do Sindicato da categoria e membros da CRE, objetivando assim, a ado\u00e7\u00e3o de medidas e provid\u00eancias pertinentes ao suprimento de todos os d\u00e9ficits de professores existentes na Rede Estadual de Educa\u00e7\u00e3o de Goi\u00e1s, que garantam os servi\u00e7os prestados \u00e0 comunidade goiana.<\/p>\n<p style=\"text-align: center\">SEDUC\/GO<\/p>\n<hr \/>\n<h2 align=\"center\"><strong>COMUNICADO<\/strong><\/h2>\n<p style=\"text-align: center\"><strong>PARA CONTRATA\u00c7\u00c3O TEMPOR\u00c1RIA<\/strong><\/p>\n<pre style=\"text-align: center\">Publica\u00e7\u00e3o: 22\/04\/2024\nEncerramento: 24\/04\/2024 \u00e0s 18h<\/pre>\n<h4 class=\"entry-title\" style=\"text-align: center\"><span style=\"color: #ff0000\"><strong>ENCERRADO<\/strong><\/span><\/h4>\n<p style=\"text-align: justify\">O Governo do Estado de Goi\u00e1s, atrav\u00e9s da Secretaria de Estado da Educa\u00e7\u00e3o, diante da inexist\u00eancia de Processo Seletivo Simplificado vigente no \u00e2mbito desta Pasta e considerando a exist\u00eancia de d\u00e9ficits de professores nas unidades escolares pertencentes ao munic\u00edpio de <strong>Luzi\u00e2nia<\/strong>, jurisdicionado \u00e0 Coordena\u00e7\u00e3o Regional de Educa\u00e7\u00e3o (CRE) de <strong>Luzi\u00e2nia<\/strong>, informa que est\u00e1 recebendo curr\u00edculos para sele\u00e7\u00e3o e contrata\u00e7\u00e3o tempor\u00e1ria de 1 (um) professor de Matem\u00e1tica com natureza emergencial para atender aos interesses da Administra\u00e7\u00e3o, para ministrar <strong>32 (trinta e duas) aulas<\/strong> semanais na(s) disciplina(s) <strong>Matem\u00e1tica<\/strong> no(a) <strong>CEPI \u2013 Osvaldo da Costa Meireles,<\/strong> nos turnos <strong>matutino e vespertino (Integral) <\/strong>\u00a0visando afastar eventuais preju\u00edzos educacionais e\/ou pedag\u00f3gicos aos estudantes da Rede Estadual de Educa\u00e7\u00e3o de Goi\u00e1s.<\/p>\n<p style=\"text-align: justify\">A presente convoca\u00e7\u00e3o justifica-se por d\u00e9ficit causado por afastamento em decorr\u00eancia de <strong>rescis\u00e3o de contrato<\/strong>, de professor que ministrava as aulas.<\/p>\n<p style=\"text-align: justify\">Os interessados devem encaminhar Curr\u00edculo ao e-mail oficial da Coordena\u00e7\u00e3o Regional de Educa\u00e7\u00e3o <strong>(sreluziania@seduc.go.gov.br),<\/strong> contendo os contatos telef\u00f4nicos e endere\u00e7os de e-mail para correspond\u00eancias eletr\u00f4nicas.<\/p>\n<p style=\"text-align: justify\">Oportunamente esclarece, que a Coordena\u00e7\u00e3o Regional de Educa\u00e7\u00e3o de <strong>Luzi\u00e2nia<\/strong>, instituir\u00e1 comiss\u00e3o pr\u00f3pria para as an\u00e1lises curriculares, que ser\u00e1 composta por integrante do Sindicato da categoria e membros da CRE, objetivando assim, a ado\u00e7\u00e3o de medidas e provid\u00eancias pertinentes ao suprimento de todos os d\u00e9ficits de professores existentes na Rede Estadual de Educa\u00e7\u00e3o de Goi\u00e1s, que garantam os servi\u00e7os prestados \u00e0 comunidade goiana.<\/p>\n<p style=\"text-align: center\">SEDUC\/GO<\/p>\n<hr \/>\n<h2 align=\"center\"><strong>COMUNICADO<\/strong><\/h2>\n<p style=\"text-align: center\"><strong>PARA CONTRATA\u00c7\u00c3O TEMPOR\u00c1RIA<\/strong><\/p>\n<pre style=\"text-align: center\">Publica\u00e7\u00e3o: 22\/04\/2024\nEncerramento: 24\/04\/2024 \u00e0s 18h<\/pre>\n<h4 class=\"entry-title\" style=\"text-align: center\"><span style=\"color: #ff0000\"><strong>ENCERRADO<\/strong><\/span><\/h4>\n<p style=\"text-align: justify\">O Governo do Estado de Goi\u00e1s, atrav\u00e9s da Secretaria de Estado da Educa\u00e7\u00e3o, diante da inexist\u00eancia de Processo Seletivo Simplificado vigente no \u00e2mbito desta Pasta e considerando a exist\u00eancia de d\u00e9ficits de professores nas unidades escolares pertencentes ao munic\u00edpio de <strong>Luzi\u00e2nia<\/strong>, jurisdicionado \u00e0 Coordena\u00e7\u00e3o Regional de Educa\u00e7\u00e3o (CRE) de <strong>Luzi\u00e2nia<\/strong>, informa que est\u00e1 recebendo curr\u00edculos para sele\u00e7\u00e3o e contrata\u00e7\u00e3o tempor\u00e1ria de 1 (um) professor de L\u00edngua Portuguesa com natureza emergencial para atender aos interesses da Administra\u00e7\u00e3o, para ministrar <strong>32 (trinta e duas) aulas<\/strong> semanais na(s) disciplina(s) <strong>L\u00edngua Portuguesa<\/strong>, no(a) <strong>Col\u00e9gio Estadual Professor Ant\u00f4nio Valdir Roriz,<\/strong> nos turnos <strong>matutino \u00a0e noturno <\/strong>\u00a0visando afastar eventuais preju\u00edzos educacionais e\/ou pedag\u00f3gicos aos estudantes da Rede Estadual de Educa\u00e7\u00e3o de Goi\u00e1s.<\/p>\n<p style=\"text-align: justify\">A presente convoca\u00e7\u00e3o justifica-se por d\u00e9ficit causado por afastamento em decorr\u00eancia de <strong>Licen\u00e7a M\u00e9dica<\/strong>, de professor titular, conforme disciplina o art. 208, da Lei n.\u00ba 13.909, de 25 de setembro de 2001.<\/p>\n<p style=\"text-align: justify\">Os interessados devem encaminhar Curr\u00edculo ao e-mail oficial da Coordena\u00e7\u00e3o Regional de Educa\u00e7\u00e3o <strong>(sreluziania@seduc.go.gov.br),<\/strong> contendo os contatos telef\u00f4nicos e endere\u00e7os de e-mail para correspond\u00eancias eletr\u00f4nicas.<\/p>\n<p style=\"text-align: justify\">Oportunamente esclarece, que a Coordena\u00e7\u00e3o Regional de Educa\u00e7\u00e3o de <strong>Luzi\u00e2nia<\/strong>, instituir\u00e1 comiss\u00e3o pr\u00f3pria para as an\u00e1lises curriculares, que ser\u00e1 composta por integrante do Sindicato da categoria e membros da CRE, objetivando assim, a ado\u00e7\u00e3o de medidas e provid\u00eancias pertinentes ao suprimento de todos os d\u00e9ficits de professores existentes na Rede Estadual de Educa\u00e7\u00e3o de Goi\u00e1s, que garantam os servi\u00e7os prestados \u00e0 comunidade goiana.<\/p>\n<p style=\"text-align: center\">SEDUC\/GO<\/p>\n<hr \/>\n<h2 align=\"center\"><strong>COMUNICADO<\/strong><\/h2>\n<p style=\"text-align: center\"><strong>PARA CONTRATA\u00c7\u00c3O TEMPOR\u00c1RIA<\/strong><\/p>\n<pre style=\"text-align: center\">Publica\u00e7\u00e3o: 22\/04\/2024\nEncerramento: 24\/04\/2024 \u00e0s 18h<\/pre>\n<h4 class=\"entry-title\" style=\"text-align: center\"><span style=\"color: #ff0000\"><strong>ENCERRADO<\/strong><\/span><\/h4>\n<p style=\"text-align: justify\">O Governo do Estado de Goi\u00e1s, atrav\u00e9s da Secretaria de Estado da Educa\u00e7\u00e3o, diante da inexist\u00eancia de Processo Seletivo Simplificado vigente no \u00e2mbito desta Pasta e considerando a exist\u00eancia de d\u00e9ficits de professores nas unidades escolares pertencentes ao munic\u00edpio de <strong>Luzi\u00e2nia<\/strong>, jurisdicionado \u00e0 Coordena\u00e7\u00e3o Regional de Educa\u00e7\u00e3o (CRE) de <strong>Luzi\u00e2nia<\/strong>, informa que est\u00e1 recebendo curr\u00edculos para sele\u00e7\u00e3o e contrata\u00e7\u00e3o tempor\u00e1ria de 1 (um) Pedagogo com natureza emergencial para atender aos interesses da Administra\u00e7\u00e3o, para assumir a fun\u00e7\u00e3o<strong> de Coordenador Pedag\u00f3gico, cumprir jornada de trabalho semanal de 40 (quarenta) horas, \u00a0<\/strong>no(a) <strong>CEPMG \u2013 Ely da Silva Braz,<\/strong> nos turnos <strong>matutino e vespertino,<\/strong> visando afastar eventuais preju\u00edzos educacionais e\/ou pedag\u00f3gicos aos estudantes da Rede Estadual de Educa\u00e7\u00e3o de Goi\u00e1s.<\/p>\n<p style=\"text-align: justify\">A presente convoca\u00e7\u00e3o justifica-se por d\u00e9ficit causado por <strong>aumento de turmas<\/strong> na unidade escolar.<\/p>\n<p style=\"text-align: justify\">Os interessados devem encaminhar Curr\u00edculo ao e-mail oficial da Coordena\u00e7\u00e3o Regional de Educa\u00e7\u00e3o <strong>(sreluziania@seduc.go.gov.br),<\/strong> contendo os contatos telef\u00f4nicos e endere\u00e7os de e-mail para correspond\u00eancias eletr\u00f4nicas.<\/p>\n<p style=\"text-align: justify\">Oportunamente esclarece, que a Coordena\u00e7\u00e3o Regional de Educa\u00e7\u00e3o de <strong>Luzi\u00e2nia<\/strong>, instituir\u00e1 comiss\u00e3o pr\u00f3pria para as an\u00e1lises curriculares, que ser\u00e1 composta por integrante do Sindicato da categoria e membros da CRE, objetivando assim, a ado\u00e7\u00e3o de medidas e provid\u00eancias pertinentes ao suprimento de todos os d\u00e9ficits de professores existentes na Rede Estadual de Educa\u00e7\u00e3o de Goi\u00e1s, que garantam os servi\u00e7os prestados \u00e0 comunidade goiana.<\/p>\n<p style=\"text-align: center\">SEDUC\/GO<\/p>\n<hr \/>\n<h2 align=\"center\"><strong>COMUNICADO<\/strong><\/h2>\n<p style=\"text-align: center\"><strong>PARA CONTRATA\u00c7\u00c3O TEMPOR\u00c1RIA<\/strong><\/p>\n<pre style=\"text-align: center\">Publica\u00e7\u00e3o: 22\/04\/2024\nEncerramento: 24\/04\/2024 \u00e0s 18h<\/pre>\n<h4 class=\"entry-title\" style=\"text-align: center\"><span style=\"color: #ff0000\"><strong>ENCERRADO<\/strong><\/span><\/h4>\n<p style=\"text-align: justify\">O Governo do Estado de Goi\u00e1s, atrav\u00e9s da Secretaria de Estado da Educa\u00e7\u00e3o, diante da inexist\u00eancia de Processo Seletivo Simplificado vigente no \u00e2mbito desta Pasta e considerando a exist\u00eancia de d\u00e9ficits de professores nas unidades escolares pertencentes ao munic\u00edpio de <strong>Luzi\u00e2nia<\/strong>, jurisdicionado \u00e0 Coordena\u00e7\u00e3o Regional de Educa\u00e7\u00e3o (CRE) de <strong>Luzi\u00e2nia<\/strong>, informa que est\u00e1 recebendo curr\u00edculos para sele\u00e7\u00e3o e contrata\u00e7\u00e3o tempor\u00e1ria de 1 (um) professor de Biologia com natureza emergencial para atender aos interesses da Administra\u00e7\u00e3o, para assumir <strong>24 (vinte e quatro) aulas, <\/strong>no(a) <strong>Col\u00e9gio Estadual Valderi Santos &#8211; Mimi,<\/strong> no turno <strong>matutino,<\/strong> visando afastar eventuais preju\u00edzos educacionais e\/ou pedag\u00f3gicos aos estudantes da Rede Estadual de Educa\u00e7\u00e3o de Goi\u00e1s.<\/p>\n<p style=\"text-align: justify\">A presente convoca\u00e7\u00e3o justifica-se por d\u00e9ficit causado por afastamento em decorr\u00eancia de <strong>rescis\u00e3o de contrato<\/strong> de professor que ministrava as aulas.<\/p>\n<p style=\"text-align: justify\">Os interessados devem encaminhar Curr\u00edculo ao e-mail oficial da Coordena\u00e7\u00e3o Regional de Educa\u00e7\u00e3o <strong>(sreluziania@seduc.go.gov.br),<\/strong> contendo os contatos telef\u00f4nicos e endere\u00e7os de e-mail para correspond\u00eancias eletr\u00f4nicas.<\/p>\n<p style=\"text-align: justify\"><span style=\"font-size: revert;color: initial\">Oportunamente esclarece, que a Coordena\u00e7\u00e3o Regional de Educa\u00e7\u00e3o de <strong>Luzi\u00e2nia<\/strong>, instituir\u00e1 comiss\u00e3o pr\u00f3pria para as an\u00e1lises curriculares, que ser\u00e1 composta por integrante do Sindicato da categoria e membros da CRE, objetivando assim, a ado\u00e7\u00e3o de medidas e provid\u00eancias pertinentes ao suprimento de todos os d\u00e9ficits de professores existentes na Rede Estadual de Educa\u00e7\u00e3o de Goi\u00e1s, que garantam os servi\u00e7os prestados \u00e0 comunidade goiana.<\/span><\/p>\n<p style=\"text-align: center\">SEDUC\/GO<\/p>\n<hr \/>\n<h2 align=\"center\"><strong>COMUNICADO<\/strong><\/h2>\n<p style=\"text-align: center\"><strong>PARA CONTRATA\u00c7\u00c3O TEMPOR\u00c1RIA<\/strong><\/p>\n<pre style=\"text-align: center\">Publica\u00e7\u00e3o: 22\/04\/2024\nEncerramento: 24\/04\/2024 \u00e0s 18h<\/pre>\n<h4 class=\"entry-title\" style=\"text-align: center\"><span style=\"color: #ff0000\"><strong>ENCERRADO<\/strong><\/span><\/h4>\n<p style=\"text-align: justify\">O Governo do Estado de Goi\u00e1s, atrav\u00e9s da Secretaria de Estado da Educa\u00e7\u00e3o, diante da inexist\u00eancia de Processo Seletivo Simplificado vigente no \u00e2mbito desta Pasta e considerando a exist\u00eancia de d\u00e9ficits de professores nas unidades escolares pertencentes ao munic\u00edpio de <strong>Luzi\u00e2nia<\/strong>, jurisdicionado \u00e0 Coordena\u00e7\u00e3o Regional de Educa\u00e7\u00e3o (CRE) de <strong>Luzi\u00e2nia<\/strong>, informa que est\u00e1 recebendo curr\u00edculos para sele\u00e7\u00e3o e contrata\u00e7\u00e3o tempor\u00e1ria de 1 (um) professor de Geografia com natureza emergencial para atender aos interesses da Administra\u00e7\u00e3o, para assumir <strong>32 (trinta e duas) aulas, <\/strong>na disciplina de <strong>Geografia, <\/strong>no(a) <strong>Col\u00e9gio Estadual Lourdes de Oliveira Sampaio,<\/strong> nos turnos <strong>matutino e vespertino,<\/strong> visando afastar eventuais preju\u00edzos educacionais e\/ou pedag\u00f3gicos aos estudantes da Rede Estadual de Educa\u00e7\u00e3o de Goi\u00e1s.<\/p>\n<p style=\"text-align: justify\">A presente convoca\u00e7\u00e3o justifica-se por d\u00e9ficit causado por afastamento em decorr\u00eancia de <strong>Licen\u00e7a M\u00e9dica<\/strong>, de professor titular, conforme disciplina o art. 208, da Lei n.\u00ba 13.909, de 25 de setembro de 2001.<\/p>\n<p style=\"text-align: justify\">Os interessados devem encaminhar Curr\u00edculo ao e-mail oficial da Coordena\u00e7\u00e3o Regional de Educa\u00e7\u00e3o <strong>(sreluziania@seduc.go.gov.br),<\/strong> contendo os contatos telef\u00f4nicos e endere\u00e7os de e-mail para correspond\u00eancias eletr\u00f4nicas.<\/p>\n<p style=\"text-align: justify\">Oportunamente esclarece, que a Coordena\u00e7\u00e3o Regional de Educa\u00e7\u00e3o de <strong>Luzi\u00e2nia<\/strong>, instituir\u00e1 comiss\u00e3o pr\u00f3pria para as an\u00e1lises curriculares, que ser\u00e1 composta por integrante do Sindicato da categoria e membros da CRE, objetivando assim, a ado\u00e7\u00e3o de medidas e provid\u00eancias pertinentes ao suprimento de todos os d\u00e9ficits de professores existentes na Rede Estadual de Educa\u00e7\u00e3o de Goi\u00e1s, que garantam os servi\u00e7os prestados \u00e0 comunidade goiana.<\/p>\n<p style=\"text-align: center\">SEDUC\/GO<\/p>\n<hr \/>\n<h2 align=\"center\"><strong>COMUNICADO<\/strong><\/h2>\n<p style=\"text-align: center\"><strong>PARA CONTRATA\u00c7\u00c3O TEMPOR\u00c1RIA<\/strong><\/p>\n<pre style=\"text-align: center\">Publica\u00e7\u00e3o: 22\/04\/2024\nEncerramento: 24\/04\/2024 \u00e0s 18h<\/pre>\n<h4 class=\"entry-title\" style=\"text-align: center\"><span style=\"color: #ff0000\"><strong>ENCERRADO<\/strong><\/span><\/h4>\n<p style=\"text-align: justify\">O Governo do Estado de Goi\u00e1s, atrav\u00e9s da Secretaria de Estado da Educa\u00e7\u00e3o, diante da inexist\u00eancia de Processo Seletivo Simplificado vigente no \u00e2mbito desta Pasta e considerando a exist\u00eancia de d\u00e9ficits de professores nas unidades escolares pertencentes ao munic\u00edpio de <strong>Luzi\u00e2nia<\/strong>, jurisdicionado \u00e0 Coordena\u00e7\u00e3o Regional de Educa\u00e7\u00e3o (CRE) de <strong>Luzi\u00e2nia<\/strong>, informa que est\u00e1 recebendo curr\u00edculos para sele\u00e7\u00e3o e contrata\u00e7\u00e3o tempor\u00e1ria de 1 (um) professor de Matem\u00e1tica com natureza emergencial para atender aos interesses da Administra\u00e7\u00e3o, para assumir <strong>32 (trinta e duas) aulas, <\/strong>na disciplina de <strong>Matem\u00e1tica, <\/strong>no(a) <strong>CEPI \u2013 Ester da Cunha Peres,<\/strong> nos turnos <strong>matutino, vespertino e noturno <\/strong>visando afastar eventuais preju\u00edzos educacionais e\/ou pedag\u00f3gicos aos estudantes da Rede Estadual de Educa\u00e7\u00e3o de Goi\u00e1s.<\/p>\n<p style=\"text-align: justify\">A presente convoca\u00e7\u00e3o justifica-se por d\u00e9ficit causado por afastamento em decorr\u00eancia de <strong>rescis\u00e3o de contrato<\/strong> de professor que ministrava as aulas.<\/p>\n<p style=\"text-align: justify\">Os interessados devem encaminhar Curr\u00edculo ao e-mail oficial da Coordena\u00e7\u00e3o Regional de Educa\u00e7\u00e3o <strong>(sreluziania@seduc.go.gov.br),<\/strong> contendo os contatos telef\u00f4nicos e endere\u00e7os de e-mail para correspond\u00eancias eletr\u00f4nicas.<\/p>\n<p style=\"text-align: justify\">Oportunamente esclarece, que a Coordena\u00e7\u00e3o Regional de Educa\u00e7\u00e3o de <strong>Luzi\u00e2nia<\/strong>, instituir\u00e1 comiss\u00e3o pr\u00f3pria para as an\u00e1lises curriculares, que ser\u00e1 composta por integrante do Sindicato da categoria e membros da CRE, objetivando assim, a ado\u00e7\u00e3o de medidas e provid\u00eancias pertinentes ao suprimento de todos os d\u00e9ficits de professores existentes na Rede Estadual de Educa\u00e7\u00e3o de Goi\u00e1s, que garantam os servi\u00e7os prestados \u00e0 comunidade goiana.<\/p>\n<p style=\"text-align: center\">SEDUC\/GO<\/p>\n<hr \/>\n<h2 align=\"center\"><strong>COMUNICADO<\/strong><\/h2>\n<p style=\"text-align: center\"><strong>PARA CONTRATA\u00c7\u00c3O TEMPOR\u00c1RIA<\/strong><\/p>\n<pre style=\"text-align: center\">Publica\u00e7\u00e3o: 22\/04\/2024\nEncerramento: 24\/04\/2024 \u00e0s 18h<\/pre>\n<h4 class=\"entry-title\" style=\"text-align: center\"><span style=\"color: #ff0000\"><strong>ENCERRADO<\/strong><\/span><\/h4>\n<p style=\"text-align: justify\">O Governo do Estado de Goi\u00e1s, atrav\u00e9s da Secretaria de Estado da Educa\u00e7\u00e3o, diante da inexist\u00eancia de Processo Seletivo Simplificado vigente no \u00e2mbito desta Pasta e considerando a exist\u00eancia de d\u00e9ficits de professores nas unidades escolares pertencentes ao munic\u00edpio de <strong>Luzi\u00e2nia<\/strong>, jurisdicionado \u00e0 Coordena\u00e7\u00e3o Regional de Educa\u00e7\u00e3o (CRE) de <strong>Luzi\u00e2nia<\/strong>, informa que est\u00e1 recebendo curr\u00edculos para sele\u00e7\u00e3o e contrata\u00e7\u00e3o tempor\u00e1ria de 1 (um) professor de Geografia com natureza emergencial para atender aos interesses da Administra\u00e7\u00e3o, para assumir <strong>32 (trinta e duas) aulas, <\/strong>na disciplina de <strong>Geografia, <\/strong>no(a) <strong>Col\u00e9gio Estadual Jos\u00e9 Carneiro Filho,<\/strong> nos turnos <strong>matutino e vespertino,<\/strong> visando afastar eventuais preju\u00edzos educacionais e\/ou pedag\u00f3gicos aos estudantes da Rede Estadual de Educa\u00e7\u00e3o de Goi\u00e1s.<\/p>\n<p style=\"text-align: justify\">A presente convoca\u00e7\u00e3o justifica-se por d\u00e9ficit causado por afastamento em decorr\u00eancia de <strong>Licen\u00e7a M\u00e9dica<\/strong>, de professor titular, conforme disciplina o art. 208, da Lei n.\u00ba 13.909, de 25 de setembro de 2001.<\/p>\n<p style=\"text-align: justify\">Os interessados devem encaminhar Curr\u00edculo ao e-mail oficial da Coordena\u00e7\u00e3o Regional de Educa\u00e7\u00e3o <strong>(sreluziania@seduc.go.gov.br),<\/strong> contendo os contatos telef\u00f4nicos e endere\u00e7os de e-mail para correspond\u00eancias eletr\u00f4nicas.<\/p>\n<p style=\"text-align: justify\">Oportunamente esclarece, que a Coordena\u00e7\u00e3o Regional de Educa\u00e7\u00e3o de <strong>Luzi\u00e2nia<\/strong>, instituir\u00e1 comiss\u00e3o pr\u00f3pria para as an\u00e1lises curriculares, que ser\u00e1 composta por integrante do Sindicato da categoria e membros da CRE, objetivando assim, a ado\u00e7\u00e3o de medidas e provid\u00eancias pertinentes ao suprimento de todos os d\u00e9ficits de professores existentes na Rede Estadual de Educa\u00e7\u00e3o de Goi\u00e1s, que garantam os servi\u00e7os prestados \u00e0 comunidade goiana.<\/p>\n<p style=\"text-align: center\">SEDUC\/GO<\/p>\n<hr \/>\n<h2 align=\"center\"><strong>COMUNICADO<\/strong><\/h2>\n<p style=\"text-align: center\"><strong>PARA CONTRATA\u00c7\u00c3O TEMPOR\u00c1RIA<\/strong><\/p>\n<pre style=\"text-align: center\">Publica\u00e7\u00e3o: 22\/04\/2024\nEncerramento: 24\/04\/2024 \u00e0s 18h<\/pre>\n<h4 class=\"entry-title\" style=\"text-align: center\"><span style=\"color: #ff0000\"><strong>ENCERRADO<\/strong><\/span><\/h4>\n<p style=\"text-align: justify\">O Governo do Estado de Goi\u00e1s, atrav\u00e9s da Secretaria de Estado da Educa\u00e7\u00e3o, diante da inexist\u00eancia de Processo Seletivo Simplificado vigente no \u00e2mbito desta Pasta e considerando a exist\u00eancia de d\u00e9ficits de professores nas unidades escolares pertencentes ao munic\u00edpio de <strong>Luzi\u00e2nia<\/strong>, jurisdicionado \u00e0 Coordena\u00e7\u00e3o Regional de Educa\u00e7\u00e3o (CRE) de <strong>Luzi\u00e2nia<\/strong>, informa que est\u00e1 recebendo curr\u00edculos para sele\u00e7\u00e3o e contrata\u00e7\u00e3o tempor\u00e1ria de 1 (um) professor de L\u00edngua Portuguesa com natureza emergencial para atender aos interesses da Administra\u00e7\u00e3o, para ministrar <strong>32 (trinta e duas) aulas<\/strong> semanais na(s) disciplina(s) <strong>L\u00edngua Portuguesa<\/strong>, no(a) <strong>Col\u00e9gio Estadual Delfino Ocl\u00e9cio Machado,<\/strong> nos turnos <strong>matutino, vespertino e noturno,<\/strong> visando afastar eventuais preju\u00edzos educacionais e\/ou pedag\u00f3gicos aos estudantes da Rede Estadual de Educa\u00e7\u00e3o de Goi\u00e1s.<\/p>\n<p style=\"text-align: justify\">A presente convoca\u00e7\u00e3o justifica-se por d\u00e9ficit causado por afastamento em decorr\u00eancia de <strong>rescis\u00e3o de contrato<\/strong> de professor que ministrava as aulas.<\/p>\n<p style=\"text-align: justify\">Os interessados devem encaminhar Curr\u00edculo ao e-mail oficial da Coordena\u00e7\u00e3o Regional de Educa\u00e7\u00e3o <strong>(sreluziania@seduc.go.gov.br),<\/strong> contendo os contatos telef\u00f4nicos e endere\u00e7os de e-mail para correspond\u00eancias eletr\u00f4nicas.<\/p>\n<p style=\"text-align: justify\">Oportunamente esclarece, que a Coordena\u00e7\u00e3o Regional de Educa\u00e7\u00e3o de <strong>Luzi\u00e2nia<\/strong>, instituir\u00e1 comiss\u00e3o pr\u00f3pria para as an\u00e1lises curriculares, que ser\u00e1 composta por integrante do Sindicato da categoria e membros da CRE, objetivando assim, a ado\u00e7\u00e3o de medidas e provid\u00eancias pertinentes ao suprimento de todos os d\u00e9ficits de professores existentes na Rede Estadual de Educa\u00e7\u00e3o de Goi\u00e1s, que garantam os servi\u00e7os prestados \u00e0 comunidade goiana.<\/p>\n<p style=\"text-align: center\">SEDUC\/GO<\/p>\n<hr \/>\n<h2 align=\"center\"><strong>COMUNICADO<\/strong><\/h2>\n<p style=\"text-align: center\"><strong>PARA CONTRATA\u00c7\u00c3O TEMPOR\u00c1RIA<\/strong><\/p>\n<pre style=\"text-align: center\">Publica\u00e7\u00e3o: 22\/04\/2024\nEncerramento: 24\/04\/2024 \u00e0s 18h<\/pre>\n<h4 class=\"entry-title\" style=\"text-align: center\"><span style=\"color: #ff0000\"><strong>ENCERRADO<\/strong><\/span><\/h4>\n<p style=\"text-align: justify\">O Governo do Estado de Goi\u00e1s, atrav\u00e9s da Secretaria de Estado da Educa\u00e7\u00e3o, diante da inexist\u00eancia de Processo Seletivo Simplificado vigente no \u00e2mbito desta Pasta e considerando a exist\u00eancia de d\u00e9ficits de professores nas unidades escolares pertencentes ao munic\u00edpio de <strong>Luzi\u00e2nia<\/strong>, jurisdicionado \u00e0 Coordena\u00e7\u00e3o Regional de Educa\u00e7\u00e3o (CRE) de <strong>Luzi\u00e2nia<\/strong>, informa que est\u00e1 recebendo curr\u00edculos para sele\u00e7\u00e3o e contrata\u00e7\u00e3o tempor\u00e1ria de 1 (um) professor de Geografia com natureza emergencial para atender aos interesses da Administra\u00e7\u00e3o, para ministrar <strong>32 (trinta e duas) aulas<\/strong> semanais na(s) disciplina(s) <strong>Geografia<\/strong>, no(a) <strong>Col\u00e9gio Estadual Posto Ip\u00ea,<\/strong> nos turnos <strong>matutino , vespertino e noturno <\/strong>\u00a0visando afastar eventuais preju\u00edzos educacionais e\/ou pedag\u00f3gicos aos estudantes da Rede Estadual de Educa\u00e7\u00e3o de Goi\u00e1s.<\/p>\n<p style=\"text-align: justify\">A presente convoca\u00e7\u00e3o justifica-se por d\u00e9ficit causado por afastamento em decorr\u00eancia de <strong>Licen\u00e7a Maternidade<\/strong>, concedida \u00e0 professora titular, conforme disciplina o art. 208, da Lei n.\u00ba 13.909, de 25 de setembro de 2001.<\/p>\n<p style=\"text-align: justify\">Os interessados devem encaminhar Curr\u00edculo ao e-mail oficial da Coordena\u00e7\u00e3o Regional de Educa\u00e7\u00e3o <strong>(sreluziania@seduc.go.gov.br),<\/strong> contendo os contatos telef\u00f4nicos e endere\u00e7os de e-mail para correspond\u00eancias eletr\u00f4nicas.<\/p>\n<p style=\"text-align: justify\">Oportunamente esclarece, que a Coordena\u00e7\u00e3o Regional de Educa\u00e7\u00e3o de <strong>Luzi\u00e2nia<\/strong>, instituir\u00e1 comiss\u00e3o pr\u00f3pria para as an\u00e1lises curriculares, que ser\u00e1 composta por integrante do Sindicato da categoria e membros da CRE, objetivando assim, a ado\u00e7\u00e3o de medidas e provid\u00eancias pertinentes ao suprimento de todos os d\u00e9ficits de professores existentes na Rede Estadual de Educa\u00e7\u00e3o de Goi\u00e1s, que garantam os servi\u00e7os prestados \u00e0 comunidade goiana.<\/p>\n<p style=\"text-align: center\">SEDUC\/GO<\/p>\n<hr \/>\n<h2 align=\"center\"><strong>COMUNICADO<\/strong><\/h2>\n<p style=\"text-align: center\"><strong>PARA CONTRATA\u00c7\u00c3O TEMPOR\u00c1RIA<\/strong><\/p>\n<pre style=\"text-align: center\">Publica\u00e7\u00e3o: 22\/04\/2024\nEncerramento: 24\/04\/2024 \u00e0s 18h<\/pre>\n<h4 class=\"entry-title\" style=\"text-align: center\"><span style=\"color: #ff0000\"><strong>ENCERRADO<\/strong><\/span><\/h4>\n<p style=\"text-align: justify\">O Governo do Estado de Goi\u00e1s, atrav\u00e9s da Secretaria de Estado da Educa\u00e7\u00e3o, diante da inexist\u00eancia de Processo Seletivo Simplificado vigente no \u00e2mbito desta Pasta e considerando a exist\u00eancia de d\u00e9ficits de professores nas unidades escolares pertencentes ao munic\u00edpio de <strong>Luzi\u00e2nia<\/strong>, jurisdicionado \u00e0 Coordena\u00e7\u00e3o Regional de Educa\u00e7\u00e3o (CRE) de <strong>Luzi\u00e2nia<\/strong>, informa que est\u00e1 recebendo curr\u00edculos para sele\u00e7\u00e3o e contrata\u00e7\u00e3o tempor\u00e1ria de 1 (um) professor de Hist\u00f3ria com natureza emergencial para atender aos interesses da Administra\u00e7\u00e3o, para ministrar <strong>32 (trinta e duas) aulas<\/strong> semanais na(s) disciplina(s) <strong>Hist\u00f3ria<\/strong>, no(a) <strong>Col\u00e9gio Estadual Mingone,<\/strong> nos turnos <strong>matutino e vespertino, <\/strong>\u00a0visando afastar eventuais preju\u00edzos educacionais e\/ou pedag\u00f3gicos aos estudantes da Rede Estadual de Educa\u00e7\u00e3o de Goi\u00e1s.<\/p>\n<p style=\"text-align: justify\">A presente convoca\u00e7\u00e3o justifica-se por d\u00e9ficit causado por afastamento em decorr\u00eancia de <strong>rescis\u00e3o de contrato<\/strong> de professor que ministrava as aulas.<\/p>\n<p style=\"text-align: justify\">Os interessados devem encaminhar Curr\u00edculo ao e-mail oficial da Coordena\u00e7\u00e3o Regional de Educa\u00e7\u00e3o <strong>(sreluziania@seduc.go.gov.br),<\/strong> contendo os contatos telef\u00f4nicos e endere\u00e7os de e-mail para correspond\u00eancias eletr\u00f4nicas.<\/p>\n<p style=\"text-align: justify\">Oportunamente esclarece, que a Coordena\u00e7\u00e3o Regional de Educa\u00e7\u00e3o de <strong>Luzi\u00e2nia<\/strong>, instituir\u00e1 comiss\u00e3o pr\u00f3pria para as an\u00e1lises curriculares, que ser\u00e1 composta por integrante do Sindicato da categoria e membros da CRE, objetivando assim, a ado\u00e7\u00e3o de medidas e provid\u00eancias pertinentes ao suprimento de todos os d\u00e9ficits de professores existentes na Rede Estadual de Educa\u00e7\u00e3o de Goi\u00e1s, que garantam os servi\u00e7os prestados \u00e0 comunidade goiana.<\/p>\n<p style=\"text-align: center\">SEDUC\/GO<\/p>\n<hr \/>\n<h2 align=\"center\"><strong>COMUNICADO<\/strong><\/h2>\n<p style=\"text-align: center\"><strong>PARA CONTRATA\u00c7\u00c3O TEMPOR\u00c1RIA<\/strong><\/p>\n<pre style=\"text-align: center\">Publica\u00e7\u00e3o: 22\/04\/2024\nEncerramento: 24\/04\/2024 \u00e0s 18h<\/pre>\n<h4 class=\"entry-title\" style=\"text-align: center\"><span style=\"color: #ff0000\"><strong>ENCERRADO<\/strong><\/span><\/h4>\n<p style=\"text-align: justify\">O Governo do Estado de Goi\u00e1s, atrav\u00e9s da Secretaria de Estado da Educa\u00e7\u00e3o, diante da inexist\u00eancia de Processo Seletivo Simplificado vigente no \u00e2mbito desta Pasta e considerando a exist\u00eancia de d\u00e9ficits de professores nas unidades escolares pertencentes ao munic\u00edpio de <strong>Cristalina<\/strong>, jurisdicionado \u00e0 Coordena\u00e7\u00e3o Regional de Educa\u00e7\u00e3o (CRE) de <strong>Luzi\u00e2nia<\/strong>, informa que est\u00e1 recebendo curr\u00edculos para sele\u00e7\u00e3o e contrata\u00e7\u00e3o tempor\u00e1ria de 1 (um) professor de Geografia com natureza emergencial para atender aos interesses da Administra\u00e7\u00e3o, para ministrar <strong>32 (trinta e duas) aulas<\/strong> semanais na(s) disciplina(s) <strong>Geografia<\/strong>, no(a) <strong>Col\u00e9gio Estadual Vasco dos Reis Gon\u00e7alves,<\/strong> nos turnos <strong>matutino, vespertino e noturno<\/strong>, visando afastar eventuais preju\u00edzos educacionais e\/ou pedag\u00f3gicos aos estudantes da Rede Estadual de Educa\u00e7\u00e3o de Goi\u00e1s.<\/p>\n<p style=\"text-align: justify\">A presente convoca\u00e7\u00e3o justifica-se por d\u00e9ficit causado por afastamento em decorr\u00eancia de <strong>Licen\u00e7a M\u00e9dica<\/strong>, concedida a professor titular, conforme disciplina o art. 208, da Lei n.\u00ba 13.909, de 25 de setembro de 2001.<\/p>\n<p style=\"text-align: justify\">Os interessados devem encaminhar Curr\u00edculo ao e-mail oficial da Coordena\u00e7\u00e3o Regional de Educa\u00e7\u00e3o <strong>(sreluziania@seduc.go.gov.br),<\/strong> contendo os contatos telef\u00f4nicos e endere\u00e7os de e-mail para correspond\u00eancias eletr\u00f4nicas.<\/p>\n<p style=\"text-align: justify\">Oportunamente esclarece, que a Coordena\u00e7\u00e3o Regional de Educa\u00e7\u00e3o de <strong>Luzi\u00e2nia<\/strong>, instituir\u00e1 comiss\u00e3o pr\u00f3pria para as an\u00e1lises curriculares, que ser\u00e1 composta por integrante do Sindicato da categoria e membros da CRE, objetivando assim, a ado\u00e7\u00e3o de medidas e provid\u00eancias pertinentes ao suprimento de todos os d\u00e9ficits de professores existentes na Rede Estadual de Educa\u00e7\u00e3o de Goi\u00e1s, que garantam os servi\u00e7os prestados \u00e0 comunidade goiana.<\/p>\n<p style=\"text-align: center\">SEDUC\/GO<\/p>\n<hr \/>\n<h2 style=\"text-align: center\"><strong>COMUNICADO<\/strong><\/h2>\n<p style=\"text-align: center\"><strong>PARA CONTRATA\u00c7\u00c3O TEMPOR\u00c1RIA<\/strong><\/p>\n<pre>Publica\u00e7\u00e3o: 22\/04\/2024 \nEncerramento: 24\/04\/2024 \u00e0s 18h<\/pre>\n<h4 class=\"entry-title\" style=\"text-align: center\"><span style=\"color: #ff0000\"><strong>ENCERRADO<\/strong><\/span><\/h4>\n<p style=\"text-align: justify\">O Governo do Estado de Goi\u00e1s, atrav\u00e9s da Secretaria de Estado da Educa\u00e7\u00e3o, diante da inexist\u00eancia de Processo Seletivo Simplificado vigente no \u00e2mbito desta Pasta e considerando a exist\u00eancia de d\u00e9ficits de professores nas unidades escolares pertencentes ao munic\u00edpio de <strong>Luzi\u00e2nia<\/strong>, jurisdicionado \u00e0 Coordena\u00e7\u00e3o Regional de Educa\u00e7\u00e3o (CRE) de <strong>Luzi\u00e2nia<\/strong>, informa que est\u00e1 recebendo curr\u00edculos para sele\u00e7\u00e3o e contrata\u00e7\u00e3o tempor\u00e1ria de 1 (um) Pedagogo com natureza emergencial para atender aos interesses da Administra\u00e7\u00e3o, <strong>Fun\u00e7\u00e3o Coordenador Pedag\u00f3gico, cumprir jornada de trabalho semanal de 30 (trinta) horas<\/strong> no(a) <strong>Col\u00e9gio Estadual Valderi Santos &#8211; Mimi,<\/strong> nos turnos <strong>matutino, <\/strong>visando afastar eventuais preju\u00edzos educacionais e\/ou pedag\u00f3gicos aos estudantes da Rede Estadual de Educa\u00e7\u00e3o de Goi\u00e1s.<\/p>\n<p style=\"text-align: justify\">A presente convoca\u00e7\u00e3o justifica-se por d\u00e9ficit causado por afastamento em decorr\u00eancia de <strong>rescis\u00e3o de contrato<\/strong> de professor que exercia a fun\u00e7\u00e3o na unidade escolar.<\/p>\n<p style=\"text-align: justify\">Os interessados devem encaminhar Curr\u00edculo ao e-mail oficial da Coordena\u00e7\u00e3o Regional de Educa\u00e7\u00e3o <strong>(sreluziania@seduc.go.gov.br),<\/strong> contendo os contatos telef\u00f4nicos e endere\u00e7os de e-mail para correspond\u00eancias eletr\u00f4nicas.<\/p>\n<p style=\"text-align: justify\">Oportunamente esclarece, que a Coordena\u00e7\u00e3o Regional de Educa\u00e7\u00e3o de <strong>Luzi\u00e2nia<\/strong>, instituir\u00e1 comiss\u00e3o pr\u00f3pria para as an\u00e1lises curriculares, que ser\u00e1 composta por integrante do Sindicato da categoria e membros da CRE, objetivando assim, a ado\u00e7\u00e3o de medidas e provid\u00eancias pertinentes ao suprimento de todos os d\u00e9ficits de professores existentes na Rede Estadual de Educa\u00e7\u00e3o de Goi\u00e1s, que garantam os servi\u00e7os prestados \u00e0 comunidade goiana.<\/p>\n<p style=\"text-align: center\">SEDUC\/GO<\/p>\n<hr \/>\n<h2 align=\"center\"><strong>COMUNICADO<\/strong><\/h2>\n<p style=\"text-align: center\"><strong>PARA CONTRATA\u00c7\u00c3O TEMPOR\u00c1RIA<\/strong><\/p>\n<pre>Publica\u00e7\u00e3o: 10\/04\/2024\nEncerramento: 15\/04\/2024 \u00e0s 18h<\/pre>\n<h4 class=\"entry-title\" style=\"text-align: center\"><span style=\"color: #ff0000\"><strong>ENCERRADO<\/strong><\/span><\/h4>\n<p style=\"text-align: justify\">O Governo do Estado de Goi\u00e1s, atrav\u00e9s da Secretaria de Estado da Educa\u00e7\u00e3o, diante da inexist\u00eancia de Processo Seletivo Simplificado vigente no \u00e2mbito desta Pasta e considerando a exist\u00eancia de d\u00e9ficits de professores nas unidades escolares pertencentes ao munic\u00edpio de <strong>Cristalina<\/strong>, jurisdicionado \u00e0 Coordena\u00e7\u00e3o Regional de Educa\u00e7\u00e3o (CRE) de <strong>Luzi\u00e2nia<\/strong>, informa que est\u00e1 recebendo curr\u00edculos para sele\u00e7\u00e3o e contrata\u00e7\u00e3o tempor\u00e1ria de 1 (um) professor de Geografia, com natureza emergencial para atender aos interesses da Administra\u00e7\u00e3o, para ministrar <strong>32 (trinta e duas) aulas<\/strong> semanais na(s) disciplina(s) <strong>Geografia<\/strong>, no(a) <strong>CEPI Zulca Peixoto de Paiva,<\/strong> nos turnos <strong>matutino, vespertino (INTEGRAL)<\/strong>, visando afastar eventuais preju\u00edzos educacionais e\/ou pedag\u00f3gicos aos estudantes da Rede Estadual de Educa\u00e7\u00e3o de Goi\u00e1s.<\/p>\n<p style=\"text-align: justify\">A presente convoca\u00e7\u00e3o justifica-se por d\u00e9ficit causado por afastamento em decorr\u00eancia de <strong>rescis\u00e3o de contrato<\/strong> de professor que ministrava as aulas.<\/p>\n<p style=\"text-align: justify\">Os interessados devem encaminhar Curr\u00edculo ao e-mail oficial da Coordena\u00e7\u00e3o Regional de Educa\u00e7\u00e3o <strong>(sreluziania@seduc.go.gov.br),<\/strong> contendo os contatos telef\u00f4nicos e endere\u00e7os de e-mail para correspond\u00eancias eletr\u00f4nicas.<\/p>\n<p style=\"text-align: justify\">Oportunamente esclarece, que a Coordena\u00e7\u00e3o Regional de Educa\u00e7\u00e3o de <strong>Luzi\u00e2nia<\/strong>, instituir\u00e1 comiss\u00e3o pr\u00f3pria para as an\u00e1lises curriculares, que ser\u00e1 composta por integrante do Sindicato da categoria e membros da CRE, objetivando assim, a ado\u00e7\u00e3o de medidas e provid\u00eancias pertinentes ao suprimento de todos os d\u00e9ficits de professores existentes na Rede Estadual de Educa\u00e7\u00e3o de Goi\u00e1s, que garantam os servi\u00e7os prestados \u00e0 comunidade goiana.<\/p>\n<p style=\"text-align: center\">SEDUC\/GO<\/p>\n<hr \/>\n<h2 align=\"center\"><strong>COMUNICADO<\/strong><\/h2>\n<p align=\"center\"><strong>PARA CONTRATA\u00c7\u00c3O TEMPOR\u00c1RIA<\/strong><\/p>\n<pre class=\"MsoNormal\" style=\"text-align: center;line-height: 115%\">Publica\u00e7\u00e3o: 10\/04\/2024\nEncerramento: 15\/04\/2024 \u00e0s 18h<\/pre>\n<h4 class=\"entry-title\" style=\"text-align: center\"><span style=\"color: #ff0000\"><strong>ENCERRADO<\/strong><\/span><\/h4>\n<p style=\"text-align: justify\">O Governo do Estado de Goi\u00e1s, atrav\u00e9s da Secretaria de Estado da Educa\u00e7\u00e3o, diante da inexist\u00eancia de Processo Seletivo Simplificado vigente no \u00e2mbito desta Pasta e considerando a exist\u00eancia de d\u00e9ficits de professores nas unidades escolares pertencentes ao munic\u00edpio de <b>Luzi\u00e2nia<\/b>, jurisdicionado \u00e0 Coordena\u00e7\u00e3o Regional de Educa\u00e7\u00e3o (CRE) de <b>Luzi\u00e2nia<\/b>, informa que est\u00e1 recebendo curr\u00edculos para sele\u00e7\u00e3o e contrata\u00e7\u00e3o tempor\u00e1ria com natureza emergencial para atender aos interesses da Administra\u00e7\u00e3o, para ministrar <b>32 (trinta e duas) aulas<\/b> semanais na(s) disciplina(s) <b>L\u00edngua Portuguesa<\/b>, no(a) <b>Col\u00e9gio Estadual Delfino Ocl\u00e9cio Machado,<\/b> nos turnos <b>matutino, vespertino e noturno<\/b>, visando afastar eventuais preju\u00edzos educacionais e\/ou pedag\u00f3gicos aos estudantes da Rede Estadual de Educa\u00e7\u00e3o de Goi\u00e1s.<\/p>\n<p style=\"text-align: justify\">A presente convoca\u00e7\u00e3o justifica-se por d\u00e9ficit causado por <b>rescis\u00e3o de contrato<\/b>, de professor que ministrava as aulas.<\/p>\n<p style=\"text-align: justify\">Os interessados devem encaminhar Curr\u00edculo ao e-mail oficial da Coordena\u00e7\u00e3o Regional de Educa\u00e7\u00e3o <b>(sreluziania@seduc.go.gov.br),<\/b> contendo os contatos telef\u00f4nicos e endere\u00e7os de e-mail para correspond\u00eancias eletr\u00f4nicas.<\/p>\n<p style=\"text-align: justify\">Oportunamente esclarece, que a Coordena\u00e7\u00e3o Regional de Educa\u00e7\u00e3o de <b>Luzi\u00e2nia<\/b>, instituir\u00e1 comiss\u00e3o pr\u00f3pria para as an\u00e1lises curriculares, que ser\u00e1 composta por integrante do Sindicato da categoria e membros da CRE, objetivando assim, a ado\u00e7\u00e3o de medidas e provid\u00eancias pertinentes ao suprimento de todos os d\u00e9ficits de professores existentes na Rede Estadual de Educa\u00e7\u00e3o de Goi\u00e1s, que garantam os servi\u00e7os prestados \u00e0 comunidade goiana.<\/p>\n<p style=\"text-align: center\">SEDUC\/GO<\/p>\n<hr \/>\n<h2 align=\"center\"><strong>COMUNICADO<\/strong><\/h2>\n<p align=\"center\"><strong>PARA CONTRATA\u00c7\u00c3O TEMPOR\u00c1RIA<\/strong><\/p>\n<pre class=\"MsoNormal\" style=\"text-align: center;line-height: 115%\">Publica\u00e7\u00e3o: 09\/04\/2024\nEncerramento: 12\/04\/2024 \u00e0s 18h\n\n<\/pre>\n<p style=\"text-align: center\"><span style=\"color: red\"><strong>ENCERRADO<\/strong><\/span><\/p>\n<p style=\"text-align: justify\">O Governo do Estado de Goi\u00e1s, atrav\u00e9s da Secretaria de Estado da Educa\u00e7\u00e3o, diante da inexist\u00eancia de Processo Seletivo Simplificado vigente no \u00e2mbito desta Pasta e considerando a exist\u00eancia de d\u00e9ficits de professores nas unidades escolares pertencentes ao munic\u00edpio de <b>Luzi\u00e2nia<\/b>, jurisdicionado \u00e0 Coordena\u00e7\u00e3o Regional de Educa\u00e7\u00e3o (CRE) de <b>Luzi\u00e2nia<\/b>, informa que est\u00e1 recebendo curr\u00edculos para sele\u00e7\u00e3o e contrata\u00e7\u00e3o tempor\u00e1ria com natureza emergencial para atender aos interesses da Administra\u00e7\u00e3o, para ministrar <b>32 aulas<\/b> semanais na(s) disciplina(s) <b>Biologia, Pr\u00e1ticas Experimentais de Biologia, Protagonismo Juvenil, Prepara\u00e7\u00e3o P\u00f3s M\u00e9dio<\/b>, no(a) <b>CEPI \u2013 MARIA ABADIA SALOM\u00c3O,<\/b> no turno integral <b>matutino e vespertino,<\/b> visando afastar eventuais preju\u00edzos educacionais e\/ou pedag\u00f3gicos aos estudantes da Rede Estadual de Educa\u00e7\u00e3o de Goi\u00e1s.<\/p>\n<p style=\"text-align: justify\">A presente convoca\u00e7\u00e3o justifica-se por d\u00e9ficit causado por remo\u00e7\u00e3o de professor que exercia a fun\u00e7\u00e3o.<\/p>\n<p style=\"text-align: justify\">Os interessados devem encaminhar Curr\u00edculo ao e-mail oficial da Coordena\u00e7\u00e3o Regional de Educa\u00e7\u00e3o <b>(sreluziania@seduc.go.gov.br),<\/b> contendo os contatos telef\u00f4nicos e endere\u00e7os de e-mail para correspond\u00eancias eletr\u00f4nicas.<\/p>\n<p style=\"text-align: justify\">Oportunamente esclarece, que a Coordena\u00e7\u00e3o Regional de Educa\u00e7\u00e3o de <b>Luzi\u00e2nia<\/b>, instituir\u00e1 comiss\u00e3o pr\u00f3pria para as an\u00e1lises curriculares, que ser\u00e1 composta por integrante do Sindicato da categoria e membros da CRE, objetivando assim, a ado\u00e7\u00e3o de medidas e provid\u00eancias pertinentes ao suprimento de todos os d\u00e9ficits de professores existentes na Rede Estadual de Educa\u00e7\u00e3o de Goi\u00e1s, que garantam os servi\u00e7os prestados \u00e0 comunidade goiana.<\/p>\n<p style=\"text-align: center\">SEDUC\/GO<\/p>\n<hr \/>\n<h2 align=\"center\"><strong>COMUNICADO<\/strong><\/h2>\n<p align=\"center\"><strong>PARA CONTRATA\u00c7\u00c3O TEMPOR\u00c1RIA<\/strong><\/p>\n<pre class=\"MsoNormal\" style=\"text-align: center;line-height: 115%\">Publica\u00e7\u00e3o: 09\/04\/2024\nEncerramento: 12\/04\/2024 \u00e0s 18h\n\n<\/pre>\n<p style=\"text-align: center\"><span style=\"color: red\"><strong>ENCERRADO<\/strong><\/span><\/p>\n<p style=\"text-align: justify\">O Governo do Estado de Goi\u00e1s, atrav\u00e9s da Secretaria de Estado da Educa\u00e7\u00e3o, diante da inexist\u00eancia de Processo Seletivo Simplificado vigente no \u00e2mbito desta Pasta e considerando a exist\u00eancia de d\u00e9ficits de professores nas unidades escolares pertencentes ao munic\u00edpio de <b>Luzi\u00e2nia<\/b>, jurisdicionado \u00e0 Coordena\u00e7\u00e3o Regional de Educa\u00e7\u00e3o (CRE) de <b>Luzi\u00e2nia<\/b>, informa que est\u00e1 recebendo curr\u00edculos para sele\u00e7\u00e3o e contrata\u00e7\u00e3o tempor\u00e1ria com natureza emergencial para atender aos interesses da Administra\u00e7\u00e3o, para fun\u00e7\u00e3o de <b>Coordena\u00e7\u00e3o Pedag\u00f3gica<\/b>, sendo \u00a0<b>40 (quarenta) <\/b>\u00a0semanais na(s), no(a) <b>Col\u00e9gio Estadual Delfino Ocl\u00e9cio Machado,<\/b> nos turnos <b>matutino e vespertino,<\/b> visando afastar eventuais preju\u00edzos educacionais e\/ou pedag\u00f3gicos aos estudantes da Rede Estadual de Educa\u00e7\u00e3o de Goi\u00e1s.<\/p>\n<p style=\"text-align: justify\">A presente convoca\u00e7\u00e3o justifica-se por d\u00e9ficit causado por remo\u00e7\u00e3o de professor que exercia a fun\u00e7\u00e3o.<\/p>\n<p style=\"text-align: justify\">Os interessados devem encaminhar Curr\u00edculo ao e-mail oficial da Coordena\u00e7\u00e3o Regional de Educa\u00e7\u00e3o <b>(sreluziania@seduc.go.gov.br),<\/b> contendo os contatos telef\u00f4nicos e endere\u00e7os de e-mail para correspond\u00eancias eletr\u00f4nicas.<\/p>\n<p style=\"text-align: justify\">Oportunamente esclarece, que a Coordena\u00e7\u00e3o Regional de Educa\u00e7\u00e3o de <b>Luzi\u00e2nia<\/b>, instituir\u00e1 comiss\u00e3o pr\u00f3pria para as an\u00e1lises curriculares, que ser\u00e1 composta por integrante do Sindicato da categoria e membros da CRE, objetivando assim, a ado\u00e7\u00e3o de medidas e provid\u00eancias pertinentes ao suprimento de todos os d\u00e9ficits de professores existentes na Rede Estadual de Educa\u00e7\u00e3o de Goi\u00e1s, que garantam os servi\u00e7os prestados \u00e0 comunidade goiana.<\/p>\n<p style=\"text-align: center\">SEDUC\/GO<\/p>\n<hr \/>\n<h2 align=\"center\"><strong>COMUNICADO<\/strong><\/h2>\n<p align=\"center\"><strong>PARA CONTRATA\u00c7\u00c3O TEMPOR\u00c1RIA<\/strong><\/p>\n<pre class=\"MsoNormal\" style=\"text-align: center;line-height: 115%\">Publica\u00e7\u00e3o: 09\/04\/2024\nEncerramento: 12\/04\/2024 \u00e0s 18h\n\n<\/pre>\n<p style=\"text-align: center\"><span style=\"color: red\"><strong>ENCERRADO<\/strong><\/span><\/p>\n<p style=\"text-align: justify\">O Governo do Estado de Goi\u00e1s, atrav\u00e9s da Secretaria de Estado da Educa\u00e7\u00e3o, diante da inexist\u00eancia de Processo Seletivo Simplificado vigente no \u00e2mbito desta Pasta e considerando a exist\u00eancia de d\u00e9ficits de professores nas unidades escolares pertencentes ao munic\u00edpio de <b>Cristalina<\/b>, jurisdicionado \u00e0 Coordena\u00e7\u00e3o Regional de Educa\u00e7\u00e3o (CRE) de <b>Luzi\u00e2nia<\/b>, informa que est\u00e1 recebendo curr\u00edculos para sele\u00e7\u00e3o e contrata\u00e7\u00e3o tempor\u00e1ria com natureza emergencial para atender aos interesses da Administra\u00e7\u00e3o, para ministrar <b>32 aulas<\/b> semanais na(s) disciplina(s) <b>Biologia, Ci\u00eancias e Qu\u00edmica<\/b>, no(a) <b>Col\u00e9gio Estadual Helena Luzia Rodrigues de Queiroz,<\/b> nos turnos <b>matutino, vespertino e noturno<\/b>, visando afastar eventuais preju\u00edzos educacionais e\/ou pedag\u00f3gicos aos estudantes da Rede Estadual de Educa\u00e7\u00e3o de Goi\u00e1s.<\/p>\n<p style=\"text-align: justify\">A presente convoca\u00e7\u00e3o justifica-se por d\u00e9ficit causado por afastamento em decorr\u00eancia de <b>Licen\u00e7a Maternidade<\/b> concedida a professora titular, conforme disciplina o art. 208, da Lei n.\u00ba 13.909, de 25 de setembro de 2001.<\/p>\n<p style=\"text-align: justify\">Os interessados devem encaminhar Curr\u00edculo ao e-mail oficial da Coordena\u00e7\u00e3o Regional de Educa\u00e7\u00e3o <b>(<\/b><strong>s<\/strong><b>reluziania@seduc.go.gov.br),<\/b> contendo os contatos telef\u00f4nicos e endere\u00e7os de e-mail para correspond\u00eancias eletr\u00f4nicas.<\/p>\n<p style=\"text-align: justify\">Oportunamente esclarece, que a Coordena\u00e7\u00e3o Regional de Educa\u00e7\u00e3o de <b>Luzi\u00e2nia<\/b>, instituir\u00e1 comiss\u00e3o pr\u00f3pria para as an\u00e1lises curriculares, que ser\u00e1 composta por integrante do Sindicato da categoria e membros da CRE, objetivando assim, a ado\u00e7\u00e3o de medidas e provid\u00eancias pertinentes ao suprimento de todos os d\u00e9ficits de professores existentes na Rede Estadual de Educa\u00e7\u00e3o de Goi\u00e1s, que garantam os servi\u00e7os prestados \u00e0 comunidade goiana.<\/p>\n<p style=\"text-align: center\">SEDUC\/GO<\/p>\n<hr \/>\n<h2 align=\"center\"><strong>COMUNICADO<\/strong><\/h2>\n<p align=\"center\"><strong>PARA CONTRATA\u00c7\u00c3O TEMPOR\u00c1RIA<\/strong><\/p>\n<pre class=\"MsoNormal\" style=\"text-align: center;line-height: 115%\">Publica\u00e7\u00e3o: 06\/04\/2024\nEncerramento: 10\/04\/2024 \u00e0s 18h\n\n<\/pre>\n<p style=\"text-align: center\"><span style=\"color: red\"><strong>ENCERRADO<\/strong><\/span><\/p>\n<p style=\"text-align: justify\">O Governo do Estado de Goi\u00e1s, atrav\u00e9s da Secretaria de Estado da Educa\u00e7\u00e3o, diante da inexist\u00eancia de Processo Seletivo Simplificado vigente no \u00e2mbito desta Pasta e considerando a exist\u00eancia de d\u00e9ficits de professores nas unidades escolares pertencentes ao munic\u00edpio de <b>Luzi\u00e2nia<\/b>, jurisdicionado \u00e0 Coordena\u00e7\u00e3o Regional de Educa\u00e7\u00e3o (CRE) de <b>Luzi\u00e2nia<\/b>, informa que est\u00e1 recebendo curr\u00edculos para sele\u00e7\u00e3o e contrata\u00e7\u00e3o tempor\u00e1ria com natureza emergencial para atender aos interesses da Administra\u00e7\u00e3o, para ministrar <b>30 horas<\/b> semanais na(s) disciplina(s) <b>Pedagogo, <\/b>\u00a0<b>Mediador de Tecnologia \u2013 Goi\u00e1s Tec<\/b>, no(a) <b>Col\u00e9gio Estadual Nair Tiecher,<\/b> nos turnos<b>, vespertino<\/b>, visando afastar eventuais preju\u00edzos educacionais e\/ou pedag\u00f3gicos aos estudantes da Rede Estadual de Educa\u00e7\u00e3o de Goi\u00e1s.<\/p>\n<p style=\"text-align: justify\">A presente convoca\u00e7\u00e3o justifica-se por d\u00e9ficit causado por afastamento em decorr\u00eancia de <b>rescis\u00e3o contratual <\/b>de professor que ministrava as aulas.<\/p>\n<p style=\"text-align: justify\">Os interessados devem encaminhar Curr\u00edculo ao e-mail oficial da Coordena\u00e7\u00e3o Regional de Educa\u00e7\u00e3o <b>(sreluziania@seduc.go.gov.br),<\/b> contendo os contatos telef\u00f4nicos e endere\u00e7os de e-mail para correspond\u00eancias eletr\u00f4nicas.<\/p>\n<p style=\"text-align: justify\">Oportunamente esclarece, que a Coordena\u00e7\u00e3o Regional de Educa\u00e7\u00e3o de <b>Luzi\u00e2nia<\/b>, instituir\u00e1 comiss\u00e3o pr\u00f3pria para as an\u00e1lises curriculares, que ser\u00e1 composta por integrante do Sindicato da categoria e membros da CRE, objetivando assim, a ado\u00e7\u00e3o de medidas e provid\u00eancias pertinentes ao suprimento de todos os d\u00e9ficits de professores existentes na Rede Estadual de Educa\u00e7\u00e3o de Goi\u00e1s, que garantam os servi\u00e7os prestados \u00e0 comunidade goiana.<\/p>\n<p style=\"text-align: center\">SEDUC\/GO<\/p>\n<hr \/>\n<h2 align=\"center\"><strong>COMUNICADO<\/strong><\/h2>\n<p align=\"center\"><strong>PARA CONTRATA\u00c7\u00c3O TEMPOR\u00c1RIA<\/strong><\/p>\n<pre class=\"MsoNormal\" style=\"text-align: center;line-height: 115%\">Publica\u00e7\u00e3o: 06\/04\/2024\nEncerramento: 10\/04\/2024 \u00e0s 18h\n\n<\/pre>\n<p style=\"text-align: center\"><span style=\"color: red\"><strong>ENCERRADO<\/strong><\/span><\/p>\n<p style=\"text-align: justify\">O Governo do Estado de Goi\u00e1s, atrav\u00e9s da Secretaria de Estado da Educa\u00e7\u00e3o, diante da inexist\u00eancia de Processo Seletivo Simplificado vigente no \u00e2mbito desta Pasta e considerando a exist\u00eancia de d\u00e9ficits de professores nas unidades escolares pertencentes ao munic\u00edpio de <b>Luzi\u00e2nia<\/b>, jurisdicionado \u00e0 Coordena\u00e7\u00e3o Regional de Educa\u00e7\u00e3o (CRE) de <b>Luzi\u00e2nia<\/b>, informa que est\u00e1 recebendo curr\u00edculos para sele\u00e7\u00e3o e contrata\u00e7\u00e3o tempor\u00e1ria com natureza emergencial para atender aos interesses da Administra\u00e7\u00e3o, para ministrar <b>32 aulas<\/b> semanais na(s) disciplina(s) <b>Geografia<\/b>, no(a) <b>Col\u00e9gio Estadual Jos\u00e9 Carneiro Filho,<\/b> nos turnos <b>matutino, vespertino<\/b>, visando afastar eventuais preju\u00edzos educacionais e\/ou pedag\u00f3gicos aos estudantes da Rede Estadual de Educa\u00e7\u00e3o de Goi\u00e1s.<\/p>\n<p style=\"text-align: justify\">A presente convoca\u00e7\u00e3o justifica-se por d\u00e9ficit causado por afastamento em decorr\u00eancia de <b>Licen\u00e7a M\u00e9dica<\/b>, de professor titular, conforme disciplina o art. 208, da Lei n.\u00ba 13.909, de 25 de setembro de 2001.<\/p>\n<p style=\"text-align: justify\">Os interessados devem encaminhar Curr\u00edculo ao e-mail oficial da Coordena\u00e7\u00e3o Regional de Educa\u00e7\u00e3o <b>(sreluziania@seduc.go.gov.br),<\/b> contendo os contatos telef\u00f4nicos e endere\u00e7os de e-mail para correspond\u00eancias eletr\u00f4nicas.<\/p>\n<p style=\"text-align: justify\">Oportunamente esclarece, que a Coordena\u00e7\u00e3o Regional de Educa\u00e7\u00e3o de <b>Luzi\u00e2nia<\/b>, instituir\u00e1 comiss\u00e3o pr\u00f3pria para as an\u00e1lises curriculares, que ser\u00e1 composta por integrante do Sindicato da categoria e membros da CRE, objetivando assim, a ado\u00e7\u00e3o de medidas e provid\u00eancias pertinentes ao suprimento de todos os d\u00e9ficits de professores existentes na Rede Estadual de Educa\u00e7\u00e3o de Goi\u00e1s, que garantam os servi\u00e7os prestados \u00e0 comunidade goiana.<\/p>\n<p style=\"text-align: center\">SEDUC\/GO<\/p>\n<hr \/>\n<h2 align=\"center\"><strong>COMUNICADO<\/strong><\/h2>\n<p align=\"center\"><strong>PARA CONTRATA\u00c7\u00c3O TEMPOR\u00c1RIA<\/strong><\/p>\n<pre class=\"MsoNormal\" style=\"text-align: center;line-height: 115%\">Publica\u00e7\u00e3o: 06\/04\/2024\nEncerramento: 10\/04\/2024 \u00e0s 18h\n\n<\/pre>\n<p style=\"text-align: center\"><span style=\"color: red\"><strong>ENCERRADO<\/strong><\/span><\/p>\n<p style=\"text-align: justify\">O Governo do Estado de Goi\u00e1s, atrav\u00e9s da Secretaria de Estado da Educa\u00e7\u00e3o, diante da inexist\u00eancia de Processo Seletivo Simplificado vigente no \u00e2mbito desta Pasta e considerando a exist\u00eancia de d\u00e9ficits de professores nas unidades escolares pertencentes ao munic\u00edpio de <b>Cristalina<\/b>, jurisdicionado \u00e0 Coordena\u00e7\u00e3o Regional de Educa\u00e7\u00e3o (CRE) de <b>Luzi\u00e2nia<\/b>, informa que est\u00e1 recebendo curr\u00edculos para sele\u00e7\u00e3o e contrata\u00e7\u00e3o tempor\u00e1ria com natureza emergencial para atender aos interesses da Administra\u00e7\u00e3o, para ministrar <b>32 aulas<\/b> semanais na(s) disciplina(s) <b>Hist\u00f3ria, Arte e Ensino Religioso<\/b>, no(a) <b>Col\u00e9gio Estadual Jos\u00e9 Adelvina Flores Ribeiro,<\/b> nos turnos <b>matutino, vespertino<\/b>, visando afastar eventuais preju\u00edzos educacionais e\/ou pedag\u00f3gicos aos estudantes da Rede Estadual de Educa\u00e7\u00e3o de Goi\u00e1s.<\/p>\n<p style=\"text-align: justify\">A presente convoca\u00e7\u00e3o justifica-se por d\u00e9ficit causado por afastamento em decorr\u00eancia de <b>falecimento<\/b>, de professor titular, conforme disciplina o art. 208, da Lei n.\u00ba 13.909, de 25 de setembro de 2001.<\/p>\n<p style=\"text-align: justify\">Os interessados devem encaminhar Curr\u00edculo ao e-mail oficial da Coordena\u00e7\u00e3o Regional de Educa\u00e7\u00e3o <b>(sreluziania@seduc.go.gov.br),<\/b> contendo os contatos telef\u00f4nicos e endere\u00e7os de e-mail para correspond\u00eancias eletr\u00f4nicas.<\/p>\n<p style=\"text-align: justify\">Oportunamente esclarece, que a Coordena\u00e7\u00e3o Regional de Educa\u00e7\u00e3o de <b>Luzi\u00e2nia<\/b>, instituir\u00e1 comiss\u00e3o pr\u00f3pria para as an\u00e1lises curriculares, que ser\u00e1 composta por integrante do Sindicato da categoria e membros da CRE, objetivando assim, a ado\u00e7\u00e3o de medidas e provid\u00eancias pertinentes ao suprimento de todos os d\u00e9ficits de professores existentes na Rede Estadual de Educa\u00e7\u00e3o de Goi\u00e1s, que garantam os servi\u00e7os prestados \u00e0 comunidade goiana.<\/p>\n<p style=\"text-align: center\">SEDUC\/GO<\/p>\n<hr \/>\n<h2 align=\"center\"><strong>COMUNICADO<\/strong><\/h2>\n<p align=\"center\"><strong>PARA CONTRATA\u00c7\u00c3O TEMPOR\u00c1RIA<\/strong><\/p>\n<pre class=\"MsoNormal\" style=\"text-align: center;line-height: 115%\">Publica\u00e7\u00e3o: 06\/04\/2024\nEncerramento: 10\/04\/2024 \u00e0s 18h\n\n<\/pre>\n<p style=\"text-align: center\"><span style=\"color: red\"><strong>ENCERRADO<\/strong><\/span><\/p>\n<p style=\"text-align: justify\">O Governo do Estado de Goi\u00e1s, atrav\u00e9s da Secretaria de Estado da Educa\u00e7\u00e3o, diante da inexist\u00eancia de Processo Seletivo Simplificado vigente no \u00e2mbito desta Pasta e considerando a exist\u00eancia de d\u00e9ficits de professores nas unidades escolares pertencentes ao munic\u00edpio de <b>Luzi\u00e2nia<\/b>, jurisdicionado \u00e0 Coordena\u00e7\u00e3o Regional de Educa\u00e7\u00e3o (CRE) de <b>Luzi\u00e2nia<\/b>, informa que est\u00e1 recebendo curr\u00edculos para sele\u00e7\u00e3o e contrata\u00e7\u00e3o tempor\u00e1ria com natureza emergencial para atender aos interesses da Administra\u00e7\u00e3o, para ministrar <b>32 aulas<\/b> semanais na(s) disciplina(s) <b>Educa\u00e7\u00e3o F\u00edsica e Arte<\/b>, no(a) <b>Col\u00e9gio Estadual Jos\u00e9 Carneiro Filho,<\/b> nos turnos <b>matutino, vespertino<\/b>, visando afastar eventuais preju\u00edzos educacionais e\/ou pedag\u00f3gicos aos estudantes da Rede Estadual de Educa\u00e7\u00e3o de Goi\u00e1s.<\/p>\n<p style=\"text-align: justify\">A presente convoca\u00e7\u00e3o justifica-se por d\u00e9ficit causado por afastamento em decorr\u00eancia de <b>rescis\u00e3o contratual <\/b>de professor que ministrava as aulas.<\/p>\n<p style=\"text-align: justify\">Os interessados devem encaminhar Curr\u00edculo ao e-mail oficial da Coordena\u00e7\u00e3o Regional de Educa\u00e7\u00e3o <b>(sreluziania@seduc.go.gov.br),<\/b> contendo os contatos telef\u00f4nicos e endere\u00e7os de e-mail para correspond\u00eancias eletr\u00f4nicas.<\/p>\n<p style=\"text-align: justify\">Oportunamente esclarece, que a Coordena\u00e7\u00e3o Regional de Educa\u00e7\u00e3o de <b>Luzi\u00e2nia<\/b>, instituir\u00e1 comiss\u00e3o pr\u00f3pria para as an\u00e1lises curriculares, que ser\u00e1 composta por integrante do Sindicato da categoria e membros da CRE, objetivando assim, a ado\u00e7\u00e3o de medidas e provid\u00eancias pertinentes ao suprimento de todos os d\u00e9ficits de professores existentes na Rede Estadual de Educa\u00e7\u00e3o de Goi\u00e1s, que garantam os servi\u00e7os prestados \u00e0 comunidade goiana.<\/p>\n<p style=\"text-align: center\">SEDUC\/GO<\/p>\n<hr \/>\n<h2 align=\"center\"><strong>COMUNICADO<\/strong><\/h2>\n<p align=\"center\"><strong>PARA CONTRATA\u00c7\u00c3O TEMPOR\u00c1RIA<\/strong><\/p>\n<pre class=\"MsoNormal\" style=\"text-align: center;line-height: 115%\">Publica\u00e7\u00e3o: 05\/04\/2024\nEncerramento: 10\/04\/2024 \u00e0s 18h\n\n<\/pre>\n<p style=\"text-align: center\"><span style=\"color: red\"><strong>ENCERRADO<\/strong><\/span><\/p>\n<p style=\"text-align: justify\">O Governo do Estado de Goi\u00e1s, atrav\u00e9s da Secretaria de Estado da Educa\u00e7\u00e3o, diante da inexist\u00eancia de Processo Seletivo Simplificado vigente no \u00e2mbito desta Pasta e considerando a exist\u00eancia de d\u00e9ficits de professores nas unidades escolares pertencentes ao munic\u00edpio de <b>Luzi\u00e2nia<\/b>, jurisdicionado \u00e0 Coordena\u00e7\u00e3o Regional de Educa\u00e7\u00e3o (CRE) de <b>Luzi\u00e2nia<\/b>, informa que est\u00e1 recebendo curr\u00edculos para sele\u00e7\u00e3o e contrata\u00e7\u00e3o tempor\u00e1ria com natureza emergencial para atender aos interesses da Administra\u00e7\u00e3o, para ministrar <b>32 aulas<\/b> semanais na(s) disciplina(s) <b>Geografia<\/b>, no(a) <b>Col\u00e9gio Estadual Vasco dos Reis Gon\u00e7alves<\/b>, nos turnos <b>matutino e vespertino<\/b>, \u00a0visando afastar eventuais preju\u00edzos educacionais e\/ou pedag\u00f3gicos aos estudantes da Rede Estadual de Educa\u00e7\u00e3o de Goi\u00e1s.<\/p>\n<p style=\"text-align: justify\">A presente convoca\u00e7\u00e3o justifica-se por d\u00e9ficit causado por afastamento em decorr\u00eancia de <b>Licen\u00e7a M\u00e9dica<\/b> concedida a professor titular, conforme disciplina o art. 208, da Lei n.\u00ba 13.909, de 25 de setembro de 2001.<\/p>\n<p style=\"text-align: justify\">Os interessados devem encaminhar Curr\u00edculo ao e-mail oficial da Coordena\u00e7\u00e3o Regional de Educa\u00e7\u00e3o <b>(sreluziania@seduc.go.gov.br),<\/b> contendo os contatos telef\u00f4nicos e endere\u00e7os de e-mail para correspond\u00eancias eletr\u00f4nicas.<\/p>\n<p style=\"text-align: justify\">Oportunamente esclarece, que a Coordena\u00e7\u00e3o Regional de Educa\u00e7\u00e3o de <b>Luzi\u00e2nia<\/b>, instituir\u00e1 comiss\u00e3o pr\u00f3pria para as an\u00e1lises curriculares, que ser\u00e1 composta por integrante do Sindicato da categoria e membros da CRE, objetivando assim, a ado\u00e7\u00e3o de medidas e provid\u00eancias pertinentes ao suprimento de todos os d\u00e9ficits de professores existentes na Rede Estadual de Educa\u00e7\u00e3o de Goi\u00e1s, que garantam os servi\u00e7os prestados \u00e0 comunidade goiana.<\/p>\n<p style=\"text-align: center\">SEDUC\/GO<\/p>\n<hr \/>\n<h2 align=\"center\"><strong>COMUNICADO<\/strong><\/h2>\n<p align=\"center\"><strong>PARA CONTRATA\u00c7\u00c3O TEMPOR\u00c1RIA<\/strong><\/p>\n<pre class=\"MsoNormal\" style=\"text-align: center;line-height: 115%\">Publica\u00e7\u00e3o: 05\/04\/2024\nEncerramento: 10\/04\/2024 \u00e0s 18h\n\n<\/pre>\n<p style=\"text-align: center\"><span style=\"color: red\"><strong>ENCERRADO<\/strong><\/span><\/p>\n<p style=\"text-align: justify\">O Governo do Estado de Goi\u00e1s, atrav\u00e9s da Secretaria de Estado da Educa\u00e7\u00e3o, diante da inexist\u00eancia de Processo Seletivo Simplificado vigente no \u00e2mbito desta Pasta e considerando a exist\u00eancia de d\u00e9ficits de professores nas unidades escolares pertencentes ao munic\u00edpio de <b>Luzi\u00e2nia<\/b>, jurisdicionado \u00e0 Coordena\u00e7\u00e3o Regional de Educa\u00e7\u00e3o (CRE) de <b>Luzi\u00e2nia<\/b>, informa que est\u00e1 recebendo curr\u00edculos para sele\u00e7\u00e3o e contrata\u00e7\u00e3o tempor\u00e1ria com natureza emergencial para atender aos interesses da Administra\u00e7\u00e3o, para ministrar <b>32 aulas<\/b> semanais na(s) disciplina(s) <b>Filosofia, Sociologia e Hist\u00f3ria<\/b>, no(a) <b>Col\u00e9gio Estadual Ant\u00f4nio Mar\u00e7o de Ara\u00fajo,<\/b> nos turnos <b>matutino, vespertino e noturno<\/b>, visando afastar eventuais preju\u00edzos educacionais e\/ou pedag\u00f3gicos aos estudantes da Rede Estadual de Educa\u00e7\u00e3o de Goi\u00e1s.<\/p>\n<p style=\"text-align: justify\">A presente convoca\u00e7\u00e3o justifica-se por d\u00e9ficit causado por afastamento em decorr\u00eancia de <b>rescis\u00e3o contratual <\/b>de professor que ministrava as aulas.<\/p>\n<p style=\"text-align: justify\">Os interessados devem encaminhar Curr\u00edculo ao e-mail oficial da Coordena\u00e7\u00e3o Regional de Educa\u00e7\u00e3o <b>(sreluziania@seduc.go.gov.br),<\/b> contendo os contatos telef\u00f4nicos e endere\u00e7os de e-mail para correspond\u00eancias eletr\u00f4nicas.<\/p>\n<p style=\"text-align: justify\">Oportunamente esclarece, que a Coordena\u00e7\u00e3o Regional de Educa\u00e7\u00e3o de <b>Luzi\u00e2nia<\/b>, instituir\u00e1 comiss\u00e3o pr\u00f3pria para as an\u00e1lises curriculares, que ser\u00e1 composta por integrante do Sindicato da categoria e membros da CRE, objetivando assim, a ado\u00e7\u00e3o de medidas e provid\u00eancias pertinentes ao suprimento de todos os d\u00e9ficits de professores existentes na Rede Estadual de Educa\u00e7\u00e3o de Goi\u00e1s, que garantam os servi\u00e7os prestados \u00e0 comunidade goiana.<\/p>\n<p style=\"text-align: center\">SEDUC\/GO<\/p>\n<hr \/>\n<h2 align=\"center\"><strong>COMUNICADO<\/strong><\/h2>\n<p align=\"center\"><strong>PARA CONTRATA\u00c7\u00c3O TEMPOR\u00c1RIA<\/strong><\/p>\n<pre class=\"MsoNormal\" style=\"text-align: center;line-height: 115%\">Publica\u00e7\u00e3o: 05\/04\/2024\nEncerramento: 10\/04\/2024 \u00e0s 18h\n\n<\/pre>\n<p style=\"text-align: center\"><span style=\"color: red\"><strong>ENCERRADO<\/strong><\/span><\/p>\n<p style=\"text-align: justify\">O Governo do Estado de Goi\u00e1s, atrav\u00e9s da Secretaria de Estado da Educa\u00e7\u00e3o, diante da inexist\u00eancia de Processo Seletivo Simplificado vigente no \u00e2mbito desta Pasta e considerando a exist\u00eancia de d\u00e9ficits de professores nas unidades escolares pertencentes ao munic\u00edpio de <b>Luzi\u00e2nia<\/b>, jurisdicionado \u00e0 Coordena\u00e7\u00e3o Regional de Educa\u00e7\u00e3o (CRE) de <b>Luzi\u00e2nia<\/b>, informa que est\u00e1 recebendo curr\u00edculos para sele\u00e7\u00e3o e contrata\u00e7\u00e3o tempor\u00e1ria com natureza emergencial para atender aos interesses da Administra\u00e7\u00e3o, para ministrar <b>32 aulas<\/b> semanais na(s) disciplina(s) <b>Matem\u00e1tica, Pr\u00e1ticas Experimentais de Matem\u00e1tica e Protagonismo Juvenil<\/b>, no(a) <b>CEPI \u2013 Ester da Cunha Peres,<\/b> nos turnos <b>matutino, vespertino e noturno<\/b>, visando afastar eventuais preju\u00edzos educacionais e\/ou pedag\u00f3gicos aos estudantes da Rede Estadual de Educa\u00e7\u00e3o de Goi\u00e1s.<\/p>\n<p style=\"text-align: justify\">A presente convoca\u00e7\u00e3o justifica-se por d\u00e9ficit causado por afastamento em decorr\u00eancia de <b>rescis\u00e3o contratual<\/b> de professor que ministrava as aulas.<\/p>\n<p style=\"text-align: justify\">Os interessados devem encaminhar Curr\u00edculo ao e-mail oficial da Coordena\u00e7\u00e3o Regional de Educa\u00e7\u00e3o <b>(sreluziania@seduc.go.gov.br),<\/b> contendo os contatos telef\u00f4nicos e endere\u00e7os de e-mail para correspond\u00eancias eletr\u00f4nicas.<\/p>\n<p style=\"text-align: justify\">Oportunamente esclarece, que a Coordena\u00e7\u00e3o Regional de Educa\u00e7\u00e3o de <b>Luzi\u00e2nia<\/b>, instituir\u00e1 comiss\u00e3o pr\u00f3pria para as an\u00e1lises curriculares, que ser\u00e1 composta por integrante do Sindicato da categoria e membros da CRE, objetivando assim, a ado\u00e7\u00e3o de medidas e provid\u00eancias pertinentes ao suprimento de todos os d\u00e9ficits de professores existentes na Rede Estadual de Educa\u00e7\u00e3o de Goi\u00e1s, que garantam os servi\u00e7os prestados \u00e0 comunidade goiana.<\/p>\n<p style=\"text-align: center\">SEDUC\/GO<\/p>\n<hr \/>\n<h2 align=\"center\"><strong>COMUNICADO<\/strong><\/h2>\n<p align=\"center\"><strong>PARA CONTRATA\u00c7\u00c3O TEMPOR\u00c1RIA<\/strong><\/p>\n<pre class=\"MsoNormal\" style=\"text-align: center;line-height: 115%\">Publica\u00e7\u00e3o: 05\/04\/2024\nEncerramento: 10\/04\/2024 \u00e0s 18h\n\n<\/pre>\n<p style=\"text-align: center\"><span style=\"color: red\"><strong>ENCERRADO<\/strong><\/span><\/p>\n<p style=\"text-align: justify\">O Governo do Estado de Goi\u00e1s, atrav\u00e9s da Secretaria de Estado da Educa\u00e7\u00e3o, diante da inexist\u00eancia de Processo Seletivo Simplificado vigente no \u00e2mbito desta Pasta e considerando a exist\u00eancia de d\u00e9ficits de professores nas unidades escolares pertencentes ao munic\u00edpio de <b>Luzi\u00e2nia<\/b>, jurisdicionado \u00e0 Coordena\u00e7\u00e3o Regional de Educa\u00e7\u00e3o (CRE) de <b>Luzi\u00e2nia<\/b>, informa que est\u00e1 recebendo curr\u00edculos para sele\u00e7\u00e3o e contrata\u00e7\u00e3o tempor\u00e1ria com natureza emergencial para atender aos interesses da Administra\u00e7\u00e3o, para ministrar <b>32 aulas<\/b> semanais na(s) disciplina(s) <b>Matem\u00e1tica e F\u00edsica<\/b>, no(a) <b>Col\u00e9gio Estadual Helena Luzia Rodrigues de Queiroz<\/b>, nos turnos <b>matutino, vespertino e noturno<\/b>, \u00a0visando afastar eventuais preju\u00edzos educacionais e\/ou pedag\u00f3gicos aos estudantes da Rede Estadual de Educa\u00e7\u00e3o de Goi\u00e1s.<\/p>\n<p style=\"text-align: justify\">A presente convoca\u00e7\u00e3o justifica-se por d\u00e9ficit causado por afastamento em decorr\u00eancia de <b>rescis\u00e3o contratual<\/b> de professor que ministrava as aulas.<\/p>\n<p style=\"text-align: justify\">Os interessados devem encaminhar Curr\u00edculo ao e-mail oficial da Coordena\u00e7\u00e3o Regional de Educa\u00e7\u00e3o <b>(sreluziania@seduc.go.gov.br),<\/b> contendo os contatos telef\u00f4nicos e endere\u00e7os de e-mail para correspond\u00eancias eletr\u00f4nicas.<\/p>\n<p style=\"text-align: justify\">Oportunamente esclarece, que a Coordena\u00e7\u00e3o Regional de Educa\u00e7\u00e3o de <b>Luzi\u00e2nia<\/b>, instituir\u00e1 comiss\u00e3o pr\u00f3pria para as an\u00e1lises curriculares, que ser\u00e1 composta por integrante do Sindicato da categoria e membros da CRE, objetivando assim, a ado\u00e7\u00e3o de medidas e provid\u00eancias pertinentes ao suprimento de todos os d\u00e9ficits de professores existentes na Rede Estadual de Educa\u00e7\u00e3o de Goi\u00e1s, que garantam os servi\u00e7os prestados \u00e0 comunidade goiana.<\/p>\n<p style=\"text-align: center\">SEDUC\/GO<\/p>\n<hr \/>\n<h2 align=\"center\"><strong>COMUNICADO<\/strong><\/h2>\n<p align=\"center\"><strong>PARA CONTRATA\u00c7\u00c3O TEMPOR\u00c1RIA<\/strong><\/p>\n<pre class=\"MsoNormal\" style=\"text-align: center;line-height: 115%\">Publica\u00e7\u00e3o: 05\/04\/2024\nEncerramento: 10\/04\/2024 \u00e0s 18h\n\n<\/pre>\n<p style=\"text-align: center\"><span style=\"color: red\"><strong>ENCERRADO<\/strong><\/span><\/p>\n<p>O Governo do Estado de Goi\u00e1s, atrav\u00e9s da Secretaria de Estado da Educa\u00e7\u00e3o, diante da inexist\u00eancia de Processo Seletivo Simplificado vigente no \u00e2mbito desta Pasta e considerando a exist\u00eancia de d\u00e9ficits de professores nas unidades escolares pertencentes ao munic\u00edpio de <b>Luzi\u00e2nia<\/b>, jurisdicionado \u00e0 Coordena\u00e7\u00e3o Regional de Educa\u00e7\u00e3o (CRE) de <b>Luzi\u00e2nia<\/b>, informa que est\u00e1 recebendo curr\u00edculos para sele\u00e7\u00e3o e contrata\u00e7\u00e3o tempor\u00e1ria com natureza emergencial para atender aos interesses da Administra\u00e7\u00e3o, para ministrar <b>24 aulas<\/b> semanais na(s) disciplina(s) <b>F\u00edsica<\/b>, no(a) <b>CEPMG \u2013 Maria Abadia Gomes Meireles Shinohara<\/b>, no turno <b>matutino<\/b>, \u00a0visando afastar eventuais preju\u00edzos educacionais e\/ou pedag\u00f3gicos aos estudantes da Rede Estadual de Educa\u00e7\u00e3o de Goi\u00e1s.<\/p>\n<p>A presente convoca\u00e7\u00e3o justifica-se por d\u00e9ficit causado por afastamento em decorr\u00eancia de <b>Licen\u00e7a Maternidade<\/b> concedida a professora titular, conforme disciplina o art. 208, da Lei n.\u00ba 13.909, de 25 de setembro de 2001.<\/p>\n<p>Os interessados devem encaminhar Curr\u00edculo ao e-mail oficial da Coordena\u00e7\u00e3o Regional de Educa\u00e7\u00e3o <b>(sreluziania@seduc.go.gov.br),<\/b> contendo os contatos telef\u00f4nicos e endere\u00e7os de e-mail para correspond\u00eancias eletr\u00f4nicas.<\/p>\n<p>Oportunamente esclarece, que a Coordena\u00e7\u00e3o Regional de Educa\u00e7\u00e3o de <b>Luzi\u00e2nia<\/b>, instituir\u00e1 comiss\u00e3o pr\u00f3pria para as an\u00e1lises curriculares, que ser\u00e1 composta por integrante do Sindicato da categoria e membros da CRE, objetivando assim, a ado\u00e7\u00e3o de medidas e provid\u00eancias pertinentes ao suprimento de todos os d\u00e9ficits de professores existentes na Rede Estadual de Educa\u00e7\u00e3o de Goi\u00e1s, que garantam os servi\u00e7os prestados \u00e0 comunidade goiana.<\/p>\n<p style=\"text-align: center\">SEDUC\/GO<\/p>\n<hr \/>\n<h2 align=\"center\"><strong>COMUNICADO<\/strong><\/h2>\n<p align=\"center\"><strong>PARA CONTRATA\u00c7\u00c3O TEMPOR\u00c1RIA<\/strong><\/p>\n<pre class=\"MsoNormal\" style=\"text-align: center;line-height: 115%\">Publica\u00e7\u00e3o: 05\/04\/2024\nEncerramento: 10\/04\/2024 \u00e0s 18h\n\n<\/pre>\n<p style=\"text-align: center\"><span style=\"color: red\"><strong>ENCERRADO<\/strong><\/span><\/p>\n<p style=\"text-align: justify\">O Governo do Estado de Goi\u00e1s, atrav\u00e9s da Secretaria de Estado da Educa\u00e7\u00e3o, diante da inexist\u00eancia de Processo Seletivo Simplificado vigente no \u00e2mbito desta Pasta e considerando a exist\u00eancia de d\u00e9ficits de professores nas unidades escolares pertencentes ao munic\u00edpio de <b>Luzi\u00e2nia<\/b>, jurisdicionado \u00e0 Coordena\u00e7\u00e3o Regional de Educa\u00e7\u00e3o (CRE) de <b>Luzi\u00e2nia<\/b>, informa que est\u00e1 recebendo curr\u00edculos para sele\u00e7\u00e3o e contrata\u00e7\u00e3o tempor\u00e1ria com natureza emergencial para atender aos interesses da Administra\u00e7\u00e3o, para ministrar <b>32 aulas<\/b> semanais na(s) disciplina(s) <b>Geografia<\/b>, no(a) <b>Col\u00e9gio Estadual Vasco dos Reis Gon\u00e7alves<\/b>, nos turnos <b>matutino e vespertino<\/b>, \u00a0visando afastar eventuais preju\u00edzos educacionais e\/ou pedag\u00f3gicos aos estudantes da Rede Estadual de Educa\u00e7\u00e3o de Goi\u00e1s.<\/p>\n<p style=\"text-align: justify\">A presente convoca\u00e7\u00e3o justifica-se por d\u00e9ficit causado por afastamento em decorr\u00eancia de <b>Licen\u00e7a M\u00e9dica<\/b> concedida a professor titular, conforme disciplina o art. 208, da Lei n.\u00ba 13.909, de 25 de setembro de 2001.<\/p>\n<p style=\"text-align: justify\">Os interessados devem encaminhar Curr\u00edculo ao e-mail oficial da Coordena\u00e7\u00e3o Regional de Educa\u00e7\u00e3o <b>(sreluziania@seduc.go.gov.br),<\/b> contendo os contatos telef\u00f4nicos e endere\u00e7os de e-mail para correspond\u00eancias eletr\u00f4nicas.<\/p>\n<p style=\"text-align: justify\">Oportunamente esclarece, que a Coordena\u00e7\u00e3o Regional de Educa\u00e7\u00e3o de <b>Luzi\u00e2nia<\/b>, instituir\u00e1 comiss\u00e3o pr\u00f3pria para as an\u00e1lises curriculares, que ser\u00e1 composta por integrante do Sindicato da categoria e membros da CRE, objetivando assim, a ado\u00e7\u00e3o de medidas e provid\u00eancias pertinentes ao suprimento de todos os d\u00e9ficits de professores existentes na Rede Estadual de Educa\u00e7\u00e3o de Goi\u00e1s, que garantam os servi\u00e7os prestados \u00e0 comunidade goiana.<\/p>\n<p style=\"text-align: center\">SEDUC\/GO<\/p>\n<hr \/>\n<h2 align=\"center\"><strong>COMUNICADO<\/strong><\/h2>\n<p align=\"center\"><strong>PARA CONTRATA\u00c7\u00c3O TEMPOR\u00c1RIA<\/strong><\/p>\n<pre class=\"MsoNormal\" style=\"text-align: center;line-height: 115%\">Publica\u00e7\u00e3o: 01\/04\/2024\nEncerramento: 04\/04\/2024 \u00e0s 18h\n\n<\/pre>\n<p style=\"text-align: center\"><span style=\"color: red\"><strong>ENCERRADO<\/strong><\/span><\/p>\n<p style=\"text-align: justify\">O Governo do Estado de Goi\u00e1s, atrav\u00e9s da Secretaria de Estado da Educa\u00e7\u00e3o, diante da inexist\u00eancia de candidatos habilitados e remanescentes a serem convocados pelo Processo Seletivo Simplificado Edital n\u00ba 008\/2021 \u2013 SEAD e considerando a exist\u00eancia de d\u00e9ficits de professores nas unidades escolares pertencentes ao munic\u00edpio de <b>LUZI\u00c2NIA<\/b>, jurisdicionado \u00e0 Coordena\u00e7\u00e3o Regional de Educa\u00e7\u00e3o (CRE) de <b>LUZI\u00c2NIA<\/b>, informa que est\u00e1 recebendo curr\u00edculos para sele\u00e7\u00e3o e contrata\u00e7\u00e3o tempor\u00e1ria com natureza emergencial para atender aos interesses da Administra\u00e7\u00e3o, para ministrar aulas nas disciplina(s) <b>Pedagogo, para assumir a fun\u00e7\u00e3o de Coordenador Pedag\u00f3gico (40 horas semanais), no Col\u00e9gio Estadual Mingone, matutino e vespertino. <\/b><\/p>\n<p style=\"text-align: justify\">Os interessados devem encaminhar Curr\u00edculo ao e-mail oficial da Coordena\u00e7\u00e3o Regional de Educa\u00e7\u00e3o (sreluziania@seduc.go.gov.br), contendo os contatos telef\u00f4nicos e endere\u00e7os de e-mail para correspond\u00eancias eletr\u00f4nicas.<\/p>\n<p style=\"text-align: justify\">Oportunamente esclarece, que a Coordena\u00e7\u00e3o Regional de Educa\u00e7\u00e3o de <b>Luzi\u00e2nia<\/b> instituir\u00e1 comiss\u00e3o pr\u00f3pria para as an\u00e1lises curriculares, que ser\u00e1 composta por integrante do Sindicato da categoria e membros da CRE, objetivando assim, a ado\u00e7\u00e3o de medidas e provid\u00eancias pertinentes ao suprimento de todos os d\u00e9ficits de professores existentes na Rede Estadual de Educa\u00e7\u00e3o, que garantam os servi\u00e7os prestados \u00e0 comunidade goiana.<\/p>\n<p style=\"text-align: center\">SEDUC\/GO<\/p>\n<hr \/>\n<h2 align=\"center\"><strong>COMUNICADO<\/strong><\/h2>\n<p align=\"center\"><strong>PARA CONTRATA\u00c7\u00c3O TEMPOR\u00c1RIA<\/strong><\/p>\n<pre class=\"MsoNormal\" style=\"text-align: center;line-height: 115%\">Publica\u00e7\u00e3o: 01\/04\/2024\nEncerramento: 04\/04\/2024 \u00e0s 18h\n\n<\/pre>\n<p style=\"text-align: center\"><span style=\"color: red\"><strong>ENCERRADO<\/strong><\/span><\/p>\n<p style=\"text-align: justify\">O Governo do Estado de Goi\u00e1s, atrav\u00e9s da Secretaria de Estado da Educa\u00e7\u00e3o, diante da inexist\u00eancia de candidatos habilitados e remanescentes a serem convocados pelo Processo Seletivo Simplificado Edital n\u00ba 008\/2021 \u2013 SEAD e considerando a exist\u00eancia de d\u00e9ficits de professores nas unidades escolares pertencentes ao munic\u00edpio de <b>CRISTALINA<\/b>, jurisdicionado \u00e0 Coordena\u00e7\u00e3o Regional de Educa\u00e7\u00e3o (CRE) de <b>LUZI\u00c2NIA<\/b>, informa que est\u00e1 recebendo curr\u00edculos para sele\u00e7\u00e3o e contrata\u00e7\u00e3o tempor\u00e1ria com natureza emergencial para atender aos interesses da Administra\u00e7\u00e3o, para ministrar aulas nas disciplina(s) <b>Geografia e P\u00f3s M\u00e9dio de Geografia, sendo 32 aulas semanais (40 horas) no CEPI \u2013 Zulca Peixoto Peixoto,\u00a0 turno integral, matutino e vespertino. <\/b><\/p>\n<p style=\"text-align: justify\">Os interessados devem encaminhar Curr\u00edculo ao e-mail oficial da Coordena\u00e7\u00e3o Regional de Educa\u00e7\u00e3o (sreluziania@seduc.go.gov.br), contendo os contatos telef\u00f4nicos e endere\u00e7os de e-mail para correspond\u00eancias eletr\u00f4nicas.<\/p>\n<p style=\"text-align: justify\">Oportunamente esclarece, que a Coordena\u00e7\u00e3o Regional de Educa\u00e7\u00e3o de <b>Luzi\u00e2nia<\/b> instituir\u00e1 comiss\u00e3o pr\u00f3pria para as an\u00e1lises curriculares, que ser\u00e1 composta por integrante do Sindicato da categoria e membros da CRE, objetivando assim, a ado\u00e7\u00e3o de medidas e provid\u00eancias pertinentes ao suprimento de todos os d\u00e9ficits de professores existentes na Rede Estadual de Educa\u00e7\u00e3o, que garantam os servi\u00e7os prestados \u00e0 comunidade goiana.<\/p>\n<p style=\"text-align: center\">SEDUC\/GO<\/p>\n<hr \/>\n<h2 align=\"center\"><strong>COMUNICADO<\/strong><\/h2>\n<p align=\"center\"><strong>PARA CONTRATA\u00c7\u00c3O TEMPOR\u00c1RIA<\/strong><\/p>\n<pre class=\"MsoNormal\" style=\"text-align: center;line-height: 115%\">Publica\u00e7\u00e3o: 27\/03\/2024\nEncerramento: 03\/04\/2024 \u00e0s 18h\n\n<\/pre>\n<p style=\"text-align: center\"><span style=\"color: red\"><strong>ENCERRADO<\/strong><\/span><\/p>\n<p style=\"text-align: justify\">O Governo do Estado de Goi\u00e1s, atrav\u00e9s da Secretaria de Estado da Educa\u00e7\u00e3o, diante da inexist\u00eancia de candidatos habilitados e remanescentes a serem convocados pelo Processo Seletivo Simplificado Edital n\u00ba 008\/2021 \u2013 SEAD e considerando a exist\u00eancia de d\u00e9ficits de professores nas unidades escolares pertencentes ao munic\u00edpio de <b>CRISTALINA<\/b>, jurisdicionado \u00e0 Coordena\u00e7\u00e3o Regional de Educa\u00e7\u00e3o (CRE) de <b>LUZI\u00c2NIA<\/b>, informa que est\u00e1 recebendo curr\u00edculos para sele\u00e7\u00e3o e contrata\u00e7\u00e3o tempor\u00e1ria de <b>Pedagogo, para cumprir jornada de trabalho semanal de 30 horas, na Escola Especial Jesus Bom Pastor, no turno matutino. <\/b><\/p>\n<p style=\"text-align: justify\">Os interessados devem encaminhar Curr\u00edculo ao e-mail oficial da Coordena\u00e7\u00e3o Regional de Educa\u00e7\u00e3o (sreluziania@seduc.go.gov.br), contendo os contatos telef\u00f4nicos e endere\u00e7os de e-mail para correspond\u00eancias eletr\u00f4nicas.<\/p>\n<p style=\"text-align: justify\">Oportunamente esclarece, que a Coordena\u00e7\u00e3o Regional de Educa\u00e7\u00e3o de <b>Luzi\u00e2nia<\/b> instituir\u00e1 comiss\u00e3o pr\u00f3pria para as an\u00e1lises curriculares, que ser\u00e1 composta por integrante do Sindicato da categoria e membros da CRE, objetivando assim, a ado\u00e7\u00e3o de medidas e provid\u00eancias pertinentes ao suprimento de todos os d\u00e9ficits de professores existentes na Rede Estadual de Educa\u00e7\u00e3o, que garantam os servi\u00e7os prestados \u00e0 comunidade goiana.<\/p>\n<p style=\"text-align: center\">SEDUC\/GO<\/p>\n<hr \/>\n<h2 align=\"center\"><strong>COMUNICADO<\/strong><\/h2>\n<p align=\"center\"><strong>PARA CONTRATA\u00c7\u00c3O TEMPOR\u00c1RIA<\/strong><\/p>\n<pre class=\"MsoNormal\" style=\"text-align: center;line-height: 115%\">Publica\u00e7\u00e3o: 27\/03\/2024\nEncerramento: 03\/04\/2024 \u00e0s 18h\n\n<\/pre>\n<p style=\"text-align: center\"><span style=\"color: red\"><strong>ENCERRADO<\/strong><\/span><\/p>\n<p style=\"text-align: justify\">O Governo do Estado de Goi\u00e1s, atrav\u00e9s da Secretaria de Estado da Educa\u00e7\u00e3o, diante da inexist\u00eancia de candidatos habilitados e remanescentes a serem convocados pelo Processo Seletivo Simplificado Edital n\u00ba 008\/2021 \u2013 SEAD e considerando a exist\u00eancia de d\u00e9ficits de professores nas unidades escolares pertencentes ao munic\u00edpio de <b>CRISTALINA<\/b>, jurisdicionado \u00e0 Coordena\u00e7\u00e3o Regional de Educa\u00e7\u00e3o (CRE) de <b>LUZI\u00c2NIA<\/b>, informa que est\u00e1 recebendo curr\u00edculos para sele\u00e7\u00e3o e contrata\u00e7\u00e3o tempor\u00e1ria com natureza emergencial para atender aos interesses da Administra\u00e7\u00e3o, para ministrar 24 (vinte e quatro) aulas nas disciplinas <b>Hist\u00f3ria e Civismo, no CEPMG \u2013 Olga Aguiar Mohn, \u00a0nos turnos matutino e vespertino. <\/b><\/p>\n<p style=\"text-align: justify\">Os interessados devem encaminhar Curr\u00edculo ao e-mail oficial da Coordena\u00e7\u00e3o Regional de Educa\u00e7\u00e3o (sreluziania@seduc.go.gov.br), contendo os contatos telef\u00f4nicos e endere\u00e7os de e-mail para correspond\u00eancias eletr\u00f4nicas.<\/p>\n<p style=\"text-align: justify\">Oportunamente esclarece, que a Coordena\u00e7\u00e3o Regional de Educa\u00e7\u00e3o de <b>Luzi\u00e2nia<\/b> instituir\u00e1 comiss\u00e3o pr\u00f3pria para as an\u00e1lises curriculares, que ser\u00e1 composta por integrante do Sindicato da categoria e membros da CRE, objetivando assim, a ado\u00e7\u00e3o de medidas e provid\u00eancias pertinentes ao suprimento de todos os d\u00e9ficits de professores existentes na Rede Estadual de Educa\u00e7\u00e3o, que garantam os servi\u00e7os prestados \u00e0 comunidade goiana.<\/p>\n<p style=\"text-align: center\">SEDUC\/GO<\/p>\n<hr \/>\n<h2 align=\"center\"><strong>COMUNICADO<\/strong><\/h2>\n<p align=\"center\"><strong>PARA CONTRATA\u00c7\u00c3O TEMPOR\u00c1RIA<\/strong><\/p>\n<pre class=\"MsoNormal\" style=\"text-align: center;line-height: 115%\">Publica\u00e7\u00e3o: 27\/03\/2024\nEncerramento: 03\/04\/2024 \u00e0s 18h\n\n<\/pre>\n<p style=\"text-align: center\"><span style=\"color: red\"><strong>ENCERRADO<\/strong><\/span><\/p>\n<p style=\"text-align: justify\">O Governo do Estado de Goi\u00e1s, atrav\u00e9s da Secretaria de Estado da Educa\u00e7\u00e3o, diante da inexist\u00eancia de candidatos habilitados e remanescentes a serem convocados pelo Processo Seletivo Simplificado Edital n\u00ba 008\/2021 \u2013 SEAD e considerando a exist\u00eancia de d\u00e9ficits de professores nas unidades escolares pertencentes ao munic\u00edpio de <b>LUZI\u00c2NIA<\/b>, jurisdicionado \u00e0 Coordena\u00e7\u00e3o Regional de Educa\u00e7\u00e3o (CRE) de <b>LUZI\u00c2NIA<\/b>, informa que est\u00e1 recebendo curr\u00edculos para sele\u00e7\u00e3o e contrata\u00e7\u00e3o tempor\u00e1ria com natureza emergencial para atender aos interesses da Administra\u00e7\u00e3o, para ministrar 32 (trinta e duas) aulas nas disciplinas <b>Qu\u00edmica e Estudo Orientado de Matem\u00e1tica, no CEMPG- Ely da Silva Braz, nos turnos matutino e vespertino. <\/b><\/p>\n<p style=\"text-align: justify\">Os interessados devem encaminhar Curr\u00edculo ao e-mail oficial da Coordena\u00e7\u00e3o Regional de Educa\u00e7\u00e3o (sreluziania@seduc.go.gov.br), contendo os contatos telef\u00f4nicos e endere\u00e7os de e-mail para correspond\u00eancias eletr\u00f4nicas.<\/p>\n<p style=\"text-align: justify\">Oportunamente esclarece, que a Coordena\u00e7\u00e3o Regional de Educa\u00e7\u00e3o de <b>Luzi\u00e2nia<\/b> instituir\u00e1 comiss\u00e3o pr\u00f3pria para as an\u00e1lises curriculares, que ser\u00e1 composta por integrante do Sindicato da categoria e membros da CRE, objetivando assim, a ado\u00e7\u00e3o de medidas e provid\u00eancias pertinentes ao suprimento de todos os d\u00e9ficits de professores existentes na Rede Estadual de Educa\u00e7\u00e3o, que garantam os servi\u00e7os prestados \u00e0 comunidade goiana.<\/p>\n<p style=\"text-align: center\">SEDUC\/GO<\/p>\n<hr \/>\n<h2 align=\"center\"><strong>COMUNICADO<\/strong><\/h2>\n<p align=\"center\"><strong>PARA CONTRATA\u00c7\u00c3O TEMPOR\u00c1RIA<\/strong><\/p>\n<pre class=\"MsoNormal\" style=\"text-align: center;line-height: 115%\">Publica\u00e7\u00e3o: 22\/03\/2024\nEncerramento: 27\/03\/2024 \u00e0s 18h\n\n<\/pre>\n<p style=\"text-align: center\"><span style=\"color: red\"><strong>ENCERRADO<\/strong><\/span><\/p>\n<p style=\"text-align: justify\">O Governo do Estado de Goi\u00e1s, atrav\u00e9s da Secretaria de Estado da Educa\u00e7\u00e3o, diante da inexist\u00eancia de candidatos habilitados e remanescentes a serem convocados pelo Processo Seletivo Simplificado Edital n\u00ba 008\/2021 \u2013 SEAD e considerando a exist\u00eancia de d\u00e9ficits de professores nas unidades escolares pertencentes ao munic\u00edpio de <b>CRISTALINA<\/b>, jurisdicionado \u00e0 Coordena\u00e7\u00e3o Regional de Educa\u00e7\u00e3o (CRE) de <b>LUZI\u00c2NIA<\/b>, informa que est\u00e1 recebendo curr\u00edculos para sele\u00e7\u00e3o e contrata\u00e7\u00e3o tempor\u00e1ria com natureza emergencial para atender aos interesses da Administra\u00e7\u00e3o, para ministrar aulas nas disciplina(s) <b>Professor Pedagogo, Mediador do Goi\u00e1s Tec, sendo 30 horas semanais, \u00a0no Col\u00e9gio Estadual Campos Lindos, Zona Rural de Cristalina, Bairro Maraj\u00f3, no turno matutino. <\/b><\/p>\n<p style=\"text-align: justify\">Os interessados devem encaminhar Curr\u00edculo ao e-mail oficial da Coordena\u00e7\u00e3o Regional de Educa\u00e7\u00e3o (sreluziania@seduc.go.gov.br), contendo os contatos telef\u00f4nicos e endere\u00e7os de e-mail para correspond\u00eancias eletr\u00f4nicas.<\/p>\n<p style=\"text-align: justify\">Oportunamente esclarece, que a Coordena\u00e7\u00e3o Regional de Educa\u00e7\u00e3o de <b>Luzi\u00e2nia<\/b> instituir\u00e1 comiss\u00e3o pr\u00f3pria para as an\u00e1lises curriculares, que ser\u00e1 composta por integrante do Sindicato da categoria e membros da CRE, objetivando assim, a ado\u00e7\u00e3o de medidas e provid\u00eancias pertinentes ao suprimento de todos os d\u00e9ficits de professores existentes na Rede Estadual de Educa\u00e7\u00e3o, que garantam os servi\u00e7os prestados \u00e0 comunidade goiana.<\/p>\n<p style=\"text-align: center\">SEDUC\/GO<\/p>\n<hr \/>\n<h2 align=\"center\"><strong>COMUNICADO<\/strong><\/h2>\n<p align=\"center\"><strong>PARA CONTRATA\u00c7\u00c3O TEMPOR\u00c1RIA<\/strong><\/p>\n<pre class=\"MsoNormal\" style=\"text-align: center;line-height: 115%\">Publica\u00e7\u00e3o: 22\/03\/2024\nEncerramento: 27\/03\/2024 \u00e0s 18h\n\n<\/pre>\n<p style=\"text-align: center\"><span style=\"color: red\"><strong>ENCERRADO<\/strong><\/span><\/p>\n<p style=\"text-align: justify\">O Governo do Estado de Goi\u00e1s, atrav\u00e9s da Secretaria de Estado da Educa\u00e7\u00e3o, diante da inexist\u00eancia de candidatos habilitados e remanescentes a serem convocados pelo Processo Seletivo Simplificado Edital n\u00ba 008\/2021 \u2013 SEAD e considerando a exist\u00eancia de d\u00e9ficits de professores nas unidades escolares pertencentes ao munic\u00edpio de <b>LUZI\u00c2NIA<\/b>, jurisdicionado \u00e0 Coordena\u00e7\u00e3o Regional de Educa\u00e7\u00e3o (CRE) de <b>LUZI\u00c2NIA<\/b>, informa que est\u00e1 recebendo curr\u00edculos para sele\u00e7\u00e3o e contrata\u00e7\u00e3o tempor\u00e1ria com natureza emergencial para atender aos interesses da Administra\u00e7\u00e3o, para ministrar aulas nas disciplina(s) <b>Geografia, sendo 32 aulas semanais, \u00a0no Col\u00e9gio Estadual Posto Ip\u00ea, nos turnos matutino, vespertino e noturno (Substitui\u00e7\u00e3o de Licen\u00e7a Maternidade). <\/b><\/p>\n<p style=\"text-align: justify\">Os interessados devem encaminhar Curr\u00edculo ao e-mail oficial da Coordena\u00e7\u00e3o Regional de Educa\u00e7\u00e3o (sreluziania@seduc.go.gov.br), contendo os contatos telef\u00f4nicos e endere\u00e7os de e-mail para correspond\u00eancias eletr\u00f4nicas.<\/p>\n<p style=\"text-align: justify\">Oportunamente esclarece, que a Coordena\u00e7\u00e3o Regional de Educa\u00e7\u00e3o de <b>Luzi\u00e2nia<\/b> instituir\u00e1 comiss\u00e3o pr\u00f3pria para as an\u00e1lises curriculares, que ser\u00e1 composta por integrante do Sindicato da categoria e membros da CRE, objetivando assim, a ado\u00e7\u00e3o de medidas e provid\u00eancias pertinentes ao suprimento de todos os d\u00e9ficits de professores existentes na Rede Estadual de Educa\u00e7\u00e3o, que garantam os servi\u00e7os prestados \u00e0 comunidade goiana.<\/p>\n<p style=\"text-align: center\">SEDUC\/GO<\/p>\n<hr \/>\n<h2 align=\"center\"><strong>COMUNICADO<\/strong><\/h2>\n<p align=\"center\"><strong>PARA CONTRATA\u00c7\u00c3O TEMPOR\u00c1RIA<\/strong><\/p>\n<pre class=\"MsoNormal\" style=\"text-align: center;line-height: 115%\">Publica\u00e7\u00e3o: 22\/03\/2024\nEncerramento: 27\/03\/2024 \u00e0s 18h\n\n<\/pre>\n<p style=\"text-align: center\"><span style=\"color: red\"><strong>ENCERRADO<\/strong><\/span><\/p>\n<p style=\"text-align: justify\">O Governo do Estado de Goi\u00e1s, atrav\u00e9s da Secretaria de Estado da Educa\u00e7\u00e3o, diante da inexist\u00eancia de candidatos habilitados e remanescentes a serem convocados pelo Processo Seletivo Simplificado Edital n\u00ba 008\/2021 \u2013 SEAD e considerando a exist\u00eancia de d\u00e9ficits de professores nas unidades escolares pertencentes ao munic\u00edpio de <b>LUZI\u00c2NIA<\/b>, jurisdicionado \u00e0 Coordena\u00e7\u00e3o Regional de Educa\u00e7\u00e3o (CRE) de <b>LUZI\u00c2NIA<\/b>, informa que est\u00e1 recebendo curr\u00edculos para sele\u00e7\u00e3o e contrata\u00e7\u00e3o tempor\u00e1ria com natureza emergencial de 02 (dois) professores de Matem\u00e1tica com carga hor\u00e1ria semanal de 24 aulas para atender aos interesses da Administra\u00e7\u00e3o, para ministrar aulas nas disciplina(s) <b>Matem\u00e1tica, no CEPMG \u2013 Maria Abadia Meireles Gomes Shinora, nos turnos \u2013 Matutino e Vespertino. (Substitui\u00e7\u00e3o de Licen\u00e7a Maternidade). <\/b><\/p>\n<p style=\"text-align: justify\">Os interessados devem encaminhar Curr\u00edculo ao e-mail oficial da Coordena\u00e7\u00e3o Regional de Educa\u00e7\u00e3o (sreluziania@seduc.go.gov.br), contendo os contatos telef\u00f4nicos e endere\u00e7os de e-mail para correspond\u00eancias eletr\u00f4nicas.<\/p>\n<p style=\"text-align: justify\">Oportunamente esclarece, que a Coordena\u00e7\u00e3o Regional de Educa\u00e7\u00e3o de <b>Luzi\u00e2nia<\/b> instituir\u00e1 comiss\u00e3o pr\u00f3pria para as an\u00e1lises curriculares, que ser\u00e1 composta por integrante do Sindicato da categoria e membros da CRE, objetivando assim, a ado\u00e7\u00e3o de medidas e provid\u00eancias pertinentes ao suprimento de todos os d\u00e9ficits de professores existentes na Rede Estadual de Educa\u00e7\u00e3o, que garantam os servi\u00e7os prestados \u00e0 comunidade goiana.<\/p>\n<p style=\"text-align: center\">SEDUC\/GO<\/p>\n<hr \/>\n<h2 align=\"center\"><strong>COMUNICADO<\/strong><\/h2>\n<p align=\"center\"><strong>PARA CONTRATA\u00c7\u00c3O TEMPOR\u00c1RIA<\/strong><\/p>\n<pre class=\"MsoNormal\" style=\"text-align: center;line-height: 115%\">Publica\u00e7\u00e3o: 22\/03\/2024\nEncerramento: 27\/03\/2024 \u00e0s 18h\n\n<\/pre>\n<p style=\"text-align: center\"><span style=\"color: red\"><strong>ENCERRADO<\/strong><\/span><\/p>\n<p style=\"text-align: justify\">O Governo do Estado de Goi\u00e1s, atrav\u00e9s da Secretaria de Estado da Educa\u00e7\u00e3o, diante da inexist\u00eancia de candidatos habilitados e remanescentes a serem convocados pelo Processo Seletivo Simplificado Edital n\u00ba 008\/2021 \u2013 SEAD e considerando a exist\u00eancia de d\u00e9ficits de professores nas unidades escolares pertencentes ao munic\u00edpio de <b>LUZI\u00c2NIA<\/b>, jurisdicionado \u00e0 Coordena\u00e7\u00e3o Regional de Educa\u00e7\u00e3o (CRE) de <b>LUZI\u00c2NIA<\/b>, informa que est\u00e1 recebendo curr\u00edculos para sele\u00e7\u00e3o e contrata\u00e7\u00e3o tempor\u00e1ria com natureza emergencial para atender aos interesses da Administra\u00e7\u00e3o, para ministrar aulas nas disciplina(s) <b>Hist\u00f3ria, Sociologia, Filosofia, sendo 32 aulas semanais, \u00a0no CEPI \u2013 Osvaldo da Costa Meireles, no turno Integral \u2013 Matutino e Vespertino.<\/b><\/p>\n<p style=\"text-align: justify\">Os interessados devem encaminhar Curr\u00edculo ao e-mail oficial da Coordena\u00e7\u00e3o Regional de Educa\u00e7\u00e3o (sreluziania@seduc.go.gov.br), contendo os contatos telef\u00f4nicos e endere\u00e7os de e-mail para correspond\u00eancias eletr\u00f4nicas.<\/p>\n<p style=\"text-align: justify\">Oportunamente esclarece, que a Coordena\u00e7\u00e3o Regional de Educa\u00e7\u00e3o de <b>Luzi\u00e2nia<\/b> instituir\u00e1 comiss\u00e3o pr\u00f3pria para as an\u00e1lises curriculares, que ser\u00e1 composta por integrante do Sindicato da categoria e membros da CRE, objetivando assim, a ado\u00e7\u00e3o de medidas e provid\u00eancias pertinentes ao suprimento de todos os d\u00e9ficits de professores existentes na Rede Estadual de Educa\u00e7\u00e3o, que garantam os servi\u00e7os prestados \u00e0 comunidade goiana.<\/p>\n<p style=\"text-align: center\">SEDUC\/GO<\/p>\n<hr \/>\n<h2 align=\"center\"><strong>COMUNICADO<\/strong><\/h2>\n<p align=\"center\"><strong>PARA CONTRATA\u00c7\u00c3O TEMPOR\u00c1RIA<\/strong><\/p>\n<pre class=\"MsoNormal\" style=\"text-align: center;line-height: 115%\">Publica\u00e7\u00e3o: 22\/03\/2024\nEncerramento: 27\/03\/2024 \u00e0s 18h\n\n<\/pre>\n<p style=\"text-align: center\"><span style=\"color: red\"><strong>ENCERRADO<\/strong><\/span><\/p>\n<p style=\"text-align: justify\">O Governo do Estado de Goi\u00e1s, atrav\u00e9s da Secretaria de Estado da Educa\u00e7\u00e3o, diante da inexist\u00eancia de candidatos habilitados e remanescentes a serem convocados pelo Processo Seletivo Simplificado Edital n\u00ba 008\/2021 \u2013 SEAD e considerando a exist\u00eancia de d\u00e9ficits de professores nas unidades escolares pertencentes ao munic\u00edpio de <b>LUZI\u00c2NIA<\/b>, jurisdicionado \u00e0 Coordena\u00e7\u00e3o Regional de Educa\u00e7\u00e3o (CRE) de <b>LUZI\u00c2NIA<\/b>, informa que est\u00e1 recebendo curr\u00edculos para sele\u00e7\u00e3o e contrata\u00e7\u00e3o tempor\u00e1ria com natureza emergencial para atender aos interesses da Administra\u00e7\u00e3o, para ministrar aulas nas disciplina(s) <b>Matem\u00e1tica, sendo 32 aulas semanais, \u00a0no Col\u00e9gio Estadual H\u00e9lio Roriz \u00a0&#8211; Extens\u00e3o do Col\u00e9gio Estadual Vasco dos Reis Gon\u00e7alves, nos turnos matutino e vespertino.<\/b><\/p>\n<p style=\"text-align: justify\">Os interessados devem encaminhar Curr\u00edculo ao e-mail oficial da Coordena\u00e7\u00e3o Regional de Educa\u00e7\u00e3o (sreluziania@seduc.go.gov.br), contendo os contatos telef\u00f4nicos e endere\u00e7os de e-mail para correspond\u00eancias eletr\u00f4nicas.<\/p>\n<p style=\"text-align: justify\">Oportunamente esclarece, que a Coordena\u00e7\u00e3o Regional de Educa\u00e7\u00e3o de <b>Luzi\u00e2nia<\/b> instituir\u00e1 comiss\u00e3o pr\u00f3pria para as an\u00e1lises curriculares, que ser\u00e1 composta por integrante do Sindicato da categoria e membros da CRE, objetivando assim, a ado\u00e7\u00e3o de medidas e provid\u00eancias pertinentes ao suprimento de todos os d\u00e9ficits de professores existentes na Rede Estadual de Educa\u00e7\u00e3o, que garantam os servi\u00e7os prestados \u00e0 comunidade goiana.<\/p>\n<p style=\"text-align: center\">SEDUC\/GO<\/p>\n<hr \/>\n<h2 align=\"center\"><strong>COMUNICADO<\/strong><\/h2>\n<p align=\"center\"><strong>PARA CONTRATA\u00c7\u00c3O TEMPOR\u00c1RIA<\/strong><\/p>\n<pre class=\"MsoNormal\" style=\"text-align: center;line-height: 115%\">Publica\u00e7\u00e3o: 22\/03\/2024\nEncerramento: 27\/03\/2024 \u00e0s 18h\n\n<\/pre>\n<p style=\"text-align: center\"><span style=\"color: red\"><strong>ENCERRADO<\/strong><\/span><\/p>\n<p style=\"text-align: justify\">O Governo do Estado de Goi\u00e1s, atrav\u00e9s da Secretaria de Estado da Educa\u00e7\u00e3o, diante da inexist\u00eancia de candidatos habilitados e remanescentes a serem convocados pelo Processo Seletivo Simplificado Edital n\u00ba 008\/2021 \u2013 SEAD e considerando a exist\u00eancia de d\u00e9ficits de professores nas unidades escolares pertencentes ao munic\u00edpio de <b>LUZI\u00c2NIA<\/b>, jurisdicionado \u00e0 Coordena\u00e7\u00e3o Regional de Educa\u00e7\u00e3o (CRE) de <b>LUZI\u00c2NIA<\/b>, informa que est\u00e1 recebendo curr\u00edculos para sele\u00e7\u00e3o e contrata\u00e7\u00e3o tempor\u00e1ria com natureza emergencial para atender aos interesses da Administra\u00e7\u00e3o, para ministrar aulas nas disciplina(s) <b>L\u00edngua Portuguesa, sendo 32 aulas semanais, \u00a0no do Col\u00e9gio Estadual Vasco dos Reis Gon\u00e7alves, nos turnos matutino, vespertino e noturno, (Substitui\u00e7\u00e3o de Licen\u00e7a M\u00e9dica de professor titular).<\/b><\/p>\n<p style=\"text-align: justify\">Os interessados devem encaminhar Curr\u00edculo ao e-mail oficial da Coordena\u00e7\u00e3o Regional de Educa\u00e7\u00e3o (sreluziania@seduc.go.gov.br), contendo os contatos telef\u00f4nicos e endere\u00e7os de e-mail para correspond\u00eancias eletr\u00f4nicas.<\/p>\n<p style=\"text-align: justify\">Oportunamente esclarece, que a Coordena\u00e7\u00e3o Regional de Educa\u00e7\u00e3o de <b>Luzi\u00e2nia<\/b> instituir\u00e1 comiss\u00e3o pr\u00f3pria para as an\u00e1lises curriculares, que ser\u00e1 composta por integrante do Sindicato da categoria e membros da CRE, objetivando assim, a ado\u00e7\u00e3o de medidas e provid\u00eancias pertinentes ao suprimento de todos os d\u00e9ficits de professores existentes na Rede Estadual de Educa\u00e7\u00e3o, que garantam os servi\u00e7os prestados \u00e0 comunidade goiana.<\/p>\n<p style=\"text-align: center\">SEDUC\/GO<\/p>\n<hr \/>\n<h2 align=\"center\"><strong>COMUNICADO<\/strong><\/h2>\n<p align=\"center\"><strong>PARA CONTRATA\u00c7\u00c3O TEMPOR\u00c1RIA<\/strong><\/p>\n<pre class=\"MsoNormal\" style=\"text-align: center;line-height: 115%\">Publica\u00e7\u00e3o: 22\/03\/2024\nEncerramento: 27\/03\/2024 \u00e0s 18h\n\n<\/pre>\n<p style=\"text-align: center\"><span style=\"color: red\"><strong>ENCERRADO<\/strong><\/span><\/p>\n<p style=\"text-align: justify\">O Governo do Estado de Goi\u00e1s, atrav\u00e9s da Secretaria de Estado da Educa\u00e7\u00e3o, diante da inexist\u00eancia de candidatos habilitados e remanescentes a serem convocados pelo Processo Seletivo Simplificado Edital n\u00ba 008\/2021 \u2013 SEAD e considerando a exist\u00eancia de d\u00e9ficits de professores nas unidades escolares pertencentes ao munic\u00edpio de <b>LUZI\u00c2NIA<\/b>, jurisdicionado \u00e0 Coordena\u00e7\u00e3o Regional de Educa\u00e7\u00e3o (CRE) de <b>LUZI\u00c2NIA<\/b>, informa que est\u00e1 recebendo curr\u00edculos para sele\u00e7\u00e3o e contrata\u00e7\u00e3o tempor\u00e1ria com natureza emergencial para atender aos interesses da Administra\u00e7\u00e3o, para ministrar aulas nas disciplina(s) <b>L\u00edngua Portuguesa, sendo 32 aulas semanais, \u00a0no Col\u00e9gio Estadual H\u00e9lio Roriz \u00a0&#8211; Extens\u00e3o do Col\u00e9gio Estadual Vasco dos Reis Gon\u00e7alves, nos turnos matutino e vespertino.<\/b><\/p>\n<p style=\"text-align: justify\">Os interessados devem encaminhar Curr\u00edculo ao e-mail oficial da Coordena\u00e7\u00e3o Regional de Educa\u00e7\u00e3o (sreluziania@seduc.go.gov.br), contendo os contatos telef\u00f4nicos e endere\u00e7os de e-mail para correspond\u00eancias eletr\u00f4nicas.<\/p>\n<p style=\"text-align: justify\">Oportunamente esclarece, que a Coordena\u00e7\u00e3o Regional de Educa\u00e7\u00e3o de <b>Luzi\u00e2nia<\/b> instituir\u00e1 comiss\u00e3o pr\u00f3pria para as an\u00e1lises curriculares, que ser\u00e1 composta por integrante do Sindicato da categoria e membros da CRE, objetivando assim, a ado\u00e7\u00e3o de medidas e provid\u00eancias pertinentes ao suprimento de todos os d\u00e9ficits de professores existentes na Rede Estadual de Educa\u00e7\u00e3o, que garantam os servi\u00e7os prestados \u00e0 comunidade goiana.<\/p>\n<p style=\"text-align: center\">SEDUC\/GO<\/p>\n<hr \/>\n<h2 align=\"center\"><strong>COMUNICADO<\/strong><\/h2>\n<p align=\"center\"><strong>PARA CONTRATA\u00c7\u00c3O TEMPOR\u00c1RIA<\/strong><\/p>\n<pre class=\"MsoNormal\" style=\"text-align: center;line-height: 115%\">Publica\u00e7\u00e3o: 22\/03\/2024\nEncerramento: 27\/03\/2024 \u00e0s 18h\n\n<\/pre>\n<p style=\"text-align: center\"><span style=\"color: red\"><strong>ENCERRADO<\/strong><\/span><\/p>\n<p style=\"text-align: justify\">O Governo do Estado de Goi\u00e1s, atrav\u00e9s da Secretaria de Estado da Educa\u00e7\u00e3o, diante da inexist\u00eancia de candidatos habilitados e remanescentes a serem convocados pelo Processo Seletivo Simplificado Edital n\u00ba 008\/2021 \u2013 SEAD e considerando a exist\u00eancia de d\u00e9ficits de professores nas unidades escolares pertencentes ao munic\u00edpio de <b>LUZI\u00c2NIA<\/b>, jurisdicionado \u00e0 Coordena\u00e7\u00e3o Regional de Educa\u00e7\u00e3o (CRE) de <b>LUZI\u00c2NIA<\/b>, informa que est\u00e1 recebendo curr\u00edculos para sele\u00e7\u00e3o e contrata\u00e7\u00e3o tempor\u00e1ria com natureza emergencial para atender aos interesses da Administra\u00e7\u00e3o, para ministrar aulas nas disciplina(s) <b>Interprete de LIBRAS, sendo 30 horas semanais, no Col\u00e9gio Estadual Vasco dos Reis Gon\u00e7alves, no turno vespertino.<\/b><\/p>\n<p style=\"text-align: justify\">Os interessados devem encaminhar Curr\u00edculo ao e-mail oficial da Coordena\u00e7\u00e3o Regional de Educa\u00e7\u00e3o (sreluziania@seduc.go.gov.br), contendo os contatos telef\u00f4nicos e endere\u00e7os de e-mail para correspond\u00eancias eletr\u00f4nicas.<\/p>\n<p style=\"text-align: justify\">Oportunamente esclarece, que a Coordena\u00e7\u00e3o Regional de Educa\u00e7\u00e3o de <b>Luzi\u00e2nia<\/b> instituir\u00e1 comiss\u00e3o pr\u00f3pria para as an\u00e1lises curriculares, que ser\u00e1 composta por integrante do Sindicato da categoria e membros da CRE, objetivando assim, a ado\u00e7\u00e3o de medidas e provid\u00eancias pertinentes ao suprimento de todos os d\u00e9ficits de professores existentes na Rede Estadual de Educa\u00e7\u00e3o, que garantam os servi\u00e7os prestados \u00e0 comunidade goiana.<\/p>\n<p style=\"text-align: center\">SEDUC\/GO<\/p>\n<hr \/>\n<h2 align=\"center\"><strong>COMUNICADO<\/strong><\/h2>\n<p align=\"center\"><strong>PARA CONTRATA\u00c7\u00c3O TEMPOR\u00c1RIA<\/strong><\/p>\n<pre class=\"MsoNormal\" style=\"text-align: center;line-height: 115%\">Publica\u00e7\u00e3o: 22\/03\/2024\nEncerramento: 27\/03\/2024 \u00e0s 18h\n\n<\/pre>\n<p style=\"text-align: center\"><span style=\"color: red\"><strong>ENCERRADO<\/strong><\/span><\/p>\n<p style=\"text-align: justify\">O Governo do Estado de Goi\u00e1s, atrav\u00e9s da Secretaria de Estado da Educa\u00e7\u00e3o, diante da inexist\u00eancia de candidatos habilitados e remanescentes a serem convocados pelo Processo Seletivo Simplificado Edital n\u00ba 008\/2021 \u2013 SEAD e considerando a exist\u00eancia de d\u00e9ficits de professores nas unidades escolares pertencentes ao munic\u00edpio de <b>LUZI\u00c2NIA<\/b>, jurisdicionado \u00e0 Coordena\u00e7\u00e3o Regional de Educa\u00e7\u00e3o (CRE) de <b>LUZI\u00c2NIA<\/b>, informa que est\u00e1 recebendo curr\u00edculos para sele\u00e7\u00e3o e contrata\u00e7\u00e3o tempor\u00e1ria com natureza emergencial para atender aos interesses da Administra\u00e7\u00e3o, para ministrar aulas nas disciplina(s) <b>L\u00edngua Portuguesa e Estudo Orientado &#8211; L\u00edngua Portuguesa, sendo 16 aulas no Col\u00e9gio Estadual Padre Dario de Romedes, nos turnos matutino e vespertino.<\/b><\/p>\n<p style=\"text-align: justify\">Os interessados devem encaminhar Curr\u00edculo ao e-mail oficial da Coordena\u00e7\u00e3o Regional de Educa\u00e7\u00e3o (sreluziania@seduc.go.gov.br), contendo os contatos telef\u00f4nicos e endere\u00e7os de e-mail para correspond\u00eancias eletr\u00f4nicas.<\/p>\n<p style=\"text-align: justify\">Oportunamente esclarece, que a Coordena\u00e7\u00e3o Regional de Educa\u00e7\u00e3o de <b>Luzi\u00e2nia<\/b> instituir\u00e1 comiss\u00e3o pr\u00f3pria para as an\u00e1lises curriculares, que ser\u00e1 composta por integrante do Sindicato da categoria e membros da CRE, objetivando assim, a ado\u00e7\u00e3o de medidas e provid\u00eancias pertinentes ao suprimento de todos os d\u00e9ficits de professores existentes na Rede Estadual de Educa\u00e7\u00e3o, que garantam os servi\u00e7os prestados \u00e0 comunidade goiana.<\/p>\n<p style=\"text-align: center\">SEDUC\/GO<\/p>\n<hr \/>\n<h2 align=\"center\"><strong>COMUNICADO<\/strong><\/h2>\n<p align=\"center\"><strong>PARA CONTRATA\u00c7\u00c3O TEMPOR\u00c1RIA<\/strong><\/p>\n<pre class=\"MsoNormal\" style=\"text-align: center;line-height: 115%\">Publica\u00e7\u00e3o: 11\/03\/2024\nEncerramento: 14\/03\/2024 \u00e0s 18h\n\n<\/pre>\n<p style=\"text-align: center\"><span style=\"color: red\"><strong>ENCERRADO<\/strong><\/span><\/p>\n<p style=\"text-align: justify\">O Governo do Estado de Goi\u00e1s, atrav\u00e9s da Secretaria de Estado da Educa\u00e7\u00e3o, diante da inexist\u00eancia de candidatos habilitados e remanescentes a serem convocados pelo Processo Seletivo Simplificado Edital n\u00ba 008\/2021 \u2013 SEAD e considerando a exist\u00eancia de d\u00e9ficits de professores nas unidades escolares pertencentes ao munic\u00edpio de <b>CRISTALILNA<\/b>, jurisdicionado \u00e0 Coordena\u00e7\u00e3o Regional de Educa\u00e7\u00e3o (CRE) de <b>LUZI\u00c2NIA<\/b>, informa que est\u00e1 recebendo curr\u00edculos para sele\u00e7\u00e3o e contrata\u00e7\u00e3o tempor\u00e1ria com natureza emergencial para atender aos interesses da Administra\u00e7\u00e3o, para ministrar aulas nas disciplina(s) <b>Fun\u00e7\u00e3o de Coordenador Pedag\u00f3gico 40h, a ser lotado no Col\u00e9gio Estadual Ant\u00f4nio Valdir Roriz, turnos matutino e vespertino.<\/b><\/p>\n<p style=\"text-align: justify\">Os interessados devem encaminhar Curr\u00edculo ao e-mail oficial da Coordena\u00e7\u00e3o Regional de Educa\u00e7\u00e3o (sreluziania@seduc.go.gov.br), contendo os contatos telef\u00f4nicos e endere\u00e7os de e-mail para correspond\u00eancias eletr\u00f4nicas.<\/p>\n<p style=\"text-align: justify\">Oportunamente esclarece, que a Coordena\u00e7\u00e3o Regional de Educa\u00e7\u00e3o de <b>Luzi\u00e2nia<\/b> instituir\u00e1 comiss\u00e3o pr\u00f3pria para as an\u00e1lises curriculares, que ser\u00e1 composta por integrante do Sindicato da categoria e membros da CRE, objetivando assim, a ado\u00e7\u00e3o de medidas e provid\u00eancias pertinentes ao suprimento de todos os d\u00e9ficits de professores existentes na Rede Estadual de Educa\u00e7\u00e3o, que garantam os servi\u00e7os prestados \u00e0 comunidade goiana.<\/p>\n<p style=\"text-align: center\">SEDUC\/GO<\/p>\n<hr \/>\n<h2 align=\"center\"><strong>COMUNICADO<\/strong><\/h2>\n<p align=\"center\"><strong>PARA CONTRATA\u00c7\u00c3O TEMPOR\u00c1RIA<\/strong><\/p>\n<pre class=\"MsoNormal\" style=\"text-align: center;line-height: 115%\">Publica\u00e7\u00e3o: 11\/03\/2024\nEncerramento: 14\/03\/2024 \u00e0s 18h\n\n<\/pre>\n<p style=\"text-align: center\"><span style=\"color: red\"><strong>ENCERRADO<\/strong><\/span><\/p>\n<p style=\"text-align: justify\">O Governo do Estado de Goi\u00e1s, atrav\u00e9s da Secretaria de Estado da Educa\u00e7\u00e3o, diante da inexist\u00eancia de candidatos habilitados e remanescentes a serem convocados pelo Processo Seletivo Simplificado Edital n\u00ba 008\/2021 \u2013 SEAD e considerando a exist\u00eancia de d\u00e9ficits de professores nas unidades escolares pertencentes ao munic\u00edpio de <b>CRISTALILNA<\/b>, jurisdicionado \u00e0 Coordena\u00e7\u00e3o Regional de Educa\u00e7\u00e3o (CRE) de <b>LUZI\u00c2NIA<\/b>, informa que est\u00e1 recebendo curr\u00edculos para sele\u00e7\u00e3o e contrata\u00e7\u00e3o tempor\u00e1ria com natureza emergencial para atender aos interesses da Administra\u00e7\u00e3o, para ministrar aulas nas disciplina(s) <b>Hist\u00f3ria e Arte, \u00a0sendo 32 aulas, a ser lotado no Col\u00e9gio Estadual Ant\u00f4nio Valdir Roriz e extens\u00e3o no Col\u00e9gio Estadual Josu\u00e9 Meireles.<\/b><\/p>\n<p style=\"text-align: justify\">Os interessados devem encaminhar Curr\u00edculo ao e-mail oficial da Coordena\u00e7\u00e3o Regional de Educa\u00e7\u00e3o (sreluziania@seduc.go.gov.br), contendo os contatos telef\u00f4nicos e endere\u00e7os de e-mail para correspond\u00eancias eletr\u00f4nicas.<\/p>\n<p style=\"text-align: justify\">Oportunamente esclarece, que a Coordena\u00e7\u00e3o Regional de Educa\u00e7\u00e3o de <b>Luzi\u00e2nia<\/b> instituir\u00e1 comiss\u00e3o pr\u00f3pria para as an\u00e1lises curriculares, que ser\u00e1 composta por integrante do Sindicato da categoria e membros da CRE, objetivando assim, a ado\u00e7\u00e3o de medidas e provid\u00eancias pertinentes ao suprimento de todos os d\u00e9ficits de professores existentes na Rede Estadual de Educa\u00e7\u00e3o, que garantam os servi\u00e7os prestados \u00e0 comunidade goiana.<\/p>\n<p style=\"text-align: center\">SEDUC\/GO<\/p>\n<hr \/>\n<h2 align=\"center\"><strong>COMUNICADO<\/strong><\/h2>\n<p align=\"center\"><strong>PARA CONTRATA\u00c7\u00c3O TEMPOR\u00c1RIA<\/strong><\/p>\n<pre class=\"MsoNormal\" style=\"text-align: center;line-height: 115%\">Publica\u00e7\u00e3o: 11\/03\/2024\nEncerramento: 14\/03\/2024 \u00e0s 18h\n\n<\/pre>\n<p style=\"text-align: center\"><span style=\"color: red\"><strong>ENCERRADO<\/strong><\/span><\/p>\n<p style=\"text-align: justify\">O Governo do Estado de Goi\u00e1s, atrav\u00e9s da Secretaria de Estado da Educa\u00e7\u00e3o, diante da inexist\u00eancia de candidatos habilitados e remanescentes a serem convocados pelo Processo Seletivo Simplificado Edital n\u00ba 008\/2021 \u2013 SEAD e considerando a exist\u00eancia de d\u00e9ficits de professores nas unidades escolares pertencentes ao munic\u00edpio de <b>CRISTALILNA<\/b>, jurisdicionado \u00e0 Coordena\u00e7\u00e3o Regional de Educa\u00e7\u00e3o (CRE) de <b>LUZI\u00c2NIA<\/b>, informa que est\u00e1 recebendo curr\u00edculos para sele\u00e7\u00e3o e contrata\u00e7\u00e3o tempor\u00e1ria com natureza emergencial para atender aos interesses da Administra\u00e7\u00e3o, para ministrar aulas nas disciplina(s) <b>Fun\u00e7\u00e3o: Professor Pedagogo, Mediador do Goi\u00e1s Tec 30h, a ser lotado no Col\u00e9gio Estadual Campos Lindos, turnos matutino e vespertino.<\/b><\/p>\n<p style=\"text-align: justify\">Os interessados devem encaminhar Curr\u00edculo ao e-mail oficial da Coordena\u00e7\u00e3o Regional de Educa\u00e7\u00e3o (sreluziania@seduc.go.gov.br), contendo os contatos telef\u00f4nicos e endere\u00e7os de e-mail para correspond\u00eancias eletr\u00f4nicas.<\/p>\n<p style=\"text-align: justify\">Oportunamente esclarece, que a Coordena\u00e7\u00e3o Regional de Educa\u00e7\u00e3o de <b>Luzi\u00e2nia<\/b> instituir\u00e1 comiss\u00e3o pr\u00f3pria para as an\u00e1lises curriculares, que ser\u00e1 composta por integrante do Sindicato da categoria e membros da CRE, objetivando assim, a ado\u00e7\u00e3o de medidas e provid\u00eancias pertinentes ao suprimento de todos os d\u00e9ficits de professores existentes na Rede Estadual de Educa\u00e7\u00e3o, que garantam os servi\u00e7os prestados \u00e0 comunidade goiana.<\/p>\n<p style=\"text-align: center\">SEDUC\/GO<\/p>\n<hr \/>\n<h2 align=\"center\"><strong>COMUNICADO<\/strong><\/h2>\n<p align=\"center\"><strong>PARA CONTRATA\u00c7\u00c3O TEMPOR\u00c1RIA<\/strong><\/p>\n<pre class=\"MsoNormal\" style=\"text-align: center;line-height: 115%\">Publica\u00e7\u00e3o: 08\/03\/2024\nEncerramento: 13\/03\/2024 \u00e0s 18h\n\n<\/pre>\n<p style=\"text-align: center\"><span style=\"color: red\"><strong>ENCERRADO<\/strong><\/span><\/p>\n<p style=\"text-align: justify\">O Governo do Estado de Goi\u00e1s, atrav\u00e9s da Secretaria de Estado da Educa\u00e7\u00e3o, diante da inexist\u00eancia de candidatos habilitados e remanescentes a serem convocados pelo Processo Seletivo Simplificado Edital n\u00ba 008\/2021 \u2013 SEAD e considerando a exist\u00eancia de d\u00e9ficits de professores nas unidades escolares pertencentes ao munic\u00edpio de <b>CRISTALINA<\/b>, jurisdicionado \u00e0 Coordena\u00e7\u00e3o Regional de Educa\u00e7\u00e3o (CRE) de <b>LUZI\u00c2NIA<\/b>, informa que est\u00e1 recebendo curr\u00edculos para sele\u00e7\u00e3o e contrata\u00e7\u00e3o tempor\u00e1ria com natureza emergencial para atender aos interesses da Administra\u00e7\u00e3o, para ministrar aulas nas disciplina(s) <b>\u00a0Biologia, Ci\u00eancia e F\u00edsica, a ser lotado no Col\u00e9gio Estadual Adelvina Flores Ribeiro, \u00a0nos turnos matutino e vespertino e noturno. <\/b><\/p>\n<p style=\"text-align: justify\">Os interessados devem encaminhar Curr\u00edculo ao e-mail oficial da Coordena\u00e7\u00e3o Regional de Educa\u00e7\u00e3o de Luzi\u00e2nia (sreluziania@seduc.go.gov.br), contendo os contatos telef\u00f4nicos e endere\u00e7os de e-mail para correspond\u00eancias eletr\u00f4nicas.<\/p>\n<p style=\"text-align: justify\">Oportunamente esclarece, que a Coordena\u00e7\u00e3o Regional de Educa\u00e7\u00e3o de LUZI\u00c2NIA, instituir\u00e1 comiss\u00e3o pr\u00f3pria para as an\u00e1lises curriculares, que ser\u00e1 composta por integrante do Sindicato da categoria e membros da CRE, objetivando assim, a ado\u00e7\u00e3o de medidas e provid\u00eancias pertinentes ao suprimento de todos os d\u00e9ficits de professores existentes na Rede Estadual de Educa\u00e7\u00e3o, que garantam os servi\u00e7os prestados \u00e0 comunidade goiana.<\/p>\n<p style=\"text-align: center\">SEDUC\/GO<\/p>\n<hr \/>\n<h2 align=\"center\"><strong>COMUNICADO<\/strong><\/h2>\n<p align=\"center\"><strong>PARA CONTRATA\u00c7\u00c3O TEMPOR\u00c1RIA<\/strong><\/p>\n<pre class=\"MsoNormal\" style=\"text-align: center;line-height: 115%\">Publica\u00e7\u00e3o: 08\/03\/2024\nEncerramento: 13\/03\/2024 \u00e0s 18h\n\n<\/pre>\n<p style=\"text-align: center\"><span style=\"color: red\"><strong>ENCERRADO<\/strong><\/span><\/p>\n<p style=\"text-align: justify\">O Governo do Estado de Goi\u00e1s, atrav\u00e9s da Secretaria de Estado da Educa\u00e7\u00e3o, diante da inexist\u00eancia de candidatos habilitados e remanescentes a serem convocados pelo Processo Seletivo Simplificado Edital n\u00ba 008\/2021 \u2013 SEAD e considerando a exist\u00eancia de d\u00e9ficits de professores nas unidades escolares pertencentes ao munic\u00edpio de <b>LUZI\u00c2NIA<\/b>, jurisdicionado \u00e0 Coordena\u00e7\u00e3o Regional de Educa\u00e7\u00e3o (CRE) de <b>LUZI\u00c2NIA<\/b>, informa que est\u00e1 recebendo curr\u00edculos para sele\u00e7\u00e3o e contrata\u00e7\u00e3o tempor\u00e1ria com natureza emergencial para atender aos interesses da Administra\u00e7\u00e3o, para ministrar aulas nas disciplina(s) <b>\u00a0L\u00edngua Portuguesa e L\u00edngua Inglesa, sendo 32 aulas, a ser lotado no Col\u00e9gio Estadual Maria Pereira de Vasconcelos, \u00a0nos turnos matutino e vespertino e noturno. <\/b><\/p>\n<p style=\"text-align: justify\">Os interessados devem encaminhar Curr\u00edculo ao e-mail oficial da Coordena\u00e7\u00e3o Regional de Educa\u00e7\u00e3o de Luzi\u00e2nia (sreluziania@seduc.go.gov.br), contendo os contatos telef\u00f4nicos e endere\u00e7os de e-mail para correspond\u00eancias eletr\u00f4nicas.<\/p>\n<p style=\"text-align: justify\">Oportunamente esclarece, que a Coordena\u00e7\u00e3o Regional de Educa\u00e7\u00e3o de LUZI\u00c2NIA, instituir\u00e1 comiss\u00e3o pr\u00f3pria para as an\u00e1lises curriculares, que ser\u00e1 composta por integrante do Sindicato da categoria e membros da CRE, objetivando assim, a ado\u00e7\u00e3o de medidas e provid\u00eancias pertinentes ao suprimento de todos os d\u00e9ficits de professores existentes na Rede Estadual de Educa\u00e7\u00e3o, que garantam os servi\u00e7os prestados \u00e0 comunidade goiana.<\/p>\n<p style=\"text-align: center\">SEDUC\/GO<\/p>\n<hr \/>\n<h2 align=\"center\"><strong>COMUNICADO<\/strong><\/h2>\n<p align=\"center\"><strong>PARA CONTRATA\u00c7\u00c3O TEMPOR\u00c1RIA<\/strong><\/p>\n<pre class=\"MsoNormal\" style=\"text-align: center;line-height: 115%\">Publica\u00e7\u00e3o: 04\/03\/2024\nEncerramento: 07\/03\/2024 \u00e0s 18h\n\n<\/pre>\n<p style=\"text-align: center\"><span style=\"color: red\"><strong>ENCERRADO<\/strong><\/span><\/p>\n<p style=\"text-align: justify\">O Governo do Estado de Goi\u00e1s, atrav\u00e9s da Secretaria de Estado da Educa\u00e7\u00e3o, diante da inexist\u00eancia de candidatos habilitados e remanescentes a serem convocados pelo Processo Seletivo Simplificado Edital n\u00ba 008\/2021 \u2013 SEAD e considerando a exist\u00eancia de d\u00e9ficits de professores nas unidades escolares pertencentes ao munic\u00edpio de <b>CRISTALILNA<\/b>, jurisdicionado \u00e0 Coordena\u00e7\u00e3o Regional de Educa\u00e7\u00e3o (CRE) de <b>LUZI\u00c2NIA<\/b>, informa que est\u00e1 recebendo curr\u00edculos para sele\u00e7\u00e3o e contrata\u00e7\u00e3o tempor\u00e1ria com natureza emergencial para atender aos interesses da Administra\u00e7\u00e3o, para ministrar aulas nas disciplina(s) <b>Hist\u00f3ria, Filosofia e Sociologia, \u00a0sendo 32 aulas, a ser lotado no Col\u00e9gio Estadual Jos\u00e9 Carneiro Filho, turnos matutino e vespertino. <\/b><\/p>\n<p style=\"text-align: justify\">Os interessados devem encaminhar Curr\u00edculo ao e-mail oficial da Coordena\u00e7\u00e3o Regional de Educa\u00e7\u00e3o de Luzi\u00e2nia (sreluziania@seduc.go.gov.br), contendo os contatos telef\u00f4nicos e endere\u00e7os de e-mail para correspond\u00eancias eletr\u00f4nicas.<\/p>\n<p style=\"text-align: justify\">Oportunamente esclarece, que a Coordena\u00e7\u00e3o Regional de Educa\u00e7\u00e3o de LUZI\u00c2NIA, instituir\u00e1 comiss\u00e3o pr\u00f3pria para as an\u00e1lises curriculares, que ser\u00e1 composta por integrante do Sindicato da categoria e membros da CRE, objetivando assim, a ado\u00e7\u00e3o de medidas e provid\u00eancias pertinentes ao suprimento de todos os d\u00e9ficits de professores existentes na Rede Estadual de Educa\u00e7\u00e3o, que garantam os servi\u00e7os prestados \u00e0 comunidade goiana.<\/p>\n<p style=\"text-align: center\">SEDUC\/GO<\/p>\n<hr \/>\n<h2 align=\"center\"><strong>COMUNICADO<\/strong><\/h2>\n<p align=\"center\"><strong>PARA CONTRATA\u00c7\u00c3O TEMPOR\u00c1RIA<\/strong><\/p>\n<pre class=\"MsoNormal\" style=\"text-align: center;line-height: 115%\">Publica\u00e7\u00e3o: 04\/03\/2024\nEncerramento: 07\/03\/2024 \u00e0s 18h\n\n<\/pre>\n<p style=\"text-align: center\"><span style=\"color: red\"><strong>ENCERRADO<\/strong><\/span><\/p>\n<p style=\"text-align: justify\">O Governo do Estado de Goi\u00e1s, atrav\u00e9s da Secretaria de Estado da Educa\u00e7\u00e3o, diante da inexist\u00eancia de candidatos habilitados e remanescentes a serem convocados pelo Processo Seletivo Simplificado Edital n\u00ba 008\/2021 \u2013 SEAD e considerando a exist\u00eancia de d\u00e9ficits de professores nas unidades escolares pertencentes ao munic\u00edpio de <b>LUZI\u00c2NIA<\/b>, jurisdicionado \u00e0 Coordena\u00e7\u00e3o Regional de Educa\u00e7\u00e3o (CRE) de <b>LUZI\u00c2NIA<\/b>, informa que est\u00e1 recebendo curr\u00edculos para sele\u00e7\u00e3o e contrata\u00e7\u00e3o tempor\u00e1ria com natureza emergencial para atender aos interesses da Administra\u00e7\u00e3o, para ministrar aulas nas disciplina(s) <b>Hist\u00f3ria, \u00a0sendo 32 aulas, a ser lotado no Col\u00e9gio Estadual Professora Lourdes de Oliveira Sampaio, turnos matutino e vespertino. <\/b><\/p>\n<p style=\"text-align: justify\">Os interessados devem encaminhar Curr\u00edculo ao e-mail oficial da Coordena\u00e7\u00e3o Regional de Educa\u00e7\u00e3o de Luzi\u00e2nia (sreluziania@seduc.go.gov.br), contendo os contatos telef\u00f4nicos e endere\u00e7os de e-mail para correspond\u00eancias eletr\u00f4nicas.<\/p>\n<p style=\"text-align: justify\">Oportunamente esclarece, que a Coordena\u00e7\u00e3o Regional de Educa\u00e7\u00e3o de LUZI\u00c2NIA, instituir\u00e1 comiss\u00e3o pr\u00f3pria para as an\u00e1lises curriculares, que ser\u00e1 composta por integrante do Sindicato da categoria e membros da CRE, objetivando assim, a ado\u00e7\u00e3o de medidas e provid\u00eancias pertinentes ao suprimento de todos os d\u00e9ficits de professores existentes na Rede Estadual de Educa\u00e7\u00e3o, que garantam os servi\u00e7os prestados \u00e0 comunidade goiana.<\/p>\n<p style=\"text-align: center\">SEDUC\/GO<\/p>\n<hr \/>\n<h2 align=\"center\"><strong>COMUNICADO<\/strong><\/h2>\n<p align=\"center\"><strong>PARA CONTRATA\u00c7\u00c3O TEMPOR\u00c1RIA<\/strong><\/p>\n<pre class=\"MsoNormal\" style=\"text-align: center;line-height: 115%\">Publica\u00e7\u00e3o: 04\/03\/2024\nEncerramento: 07\/03\/2024 \u00e0s 18h\n\n<\/pre>\n<p style=\"text-align: center\"><span style=\"color: red\"><strong>ENCERRADO<\/strong><\/span><\/p>\n<p style=\"text-align: justify\">O Governo do Estado de Goi\u00e1s, atrav\u00e9s da Secretaria de Estado da Educa\u00e7\u00e3o, diante da inexist\u00eancia de candidatos habilitados e remanescentes a serem convocados pelo Processo Seletivo Simplificado Edital n\u00ba 008\/2021 \u2013 SEAD e considerando a exist\u00eancia de d\u00e9ficits de professores nas unidades escolares pertencentes ao munic\u00edpio de <b>LUZI\u00c2NIA<\/b>, jurisdicionado \u00e0 Coordena\u00e7\u00e3o Regional de Educa\u00e7\u00e3o (CRE) de <b>LUZI\u00c2NIA<\/b>, informa que est\u00e1 recebendo curr\u00edculos para sele\u00e7\u00e3o e contrata\u00e7\u00e3o tempor\u00e1ria com natureza emergencial para atender aos interesses da Administra\u00e7\u00e3o, para ministrar aulas nas disciplina(s) <b>Coordenador Pedag\u00f3gico, 40h, turnos matutino e vespertino, a ser lotado no Col\u00e9gio Estadual H\u00e9lio Roriz \u2013 Extens\u00e3o do Col\u00e9gio Estadual Vasco dos Reis Gon\u00e7alves. <\/b><\/p>\n<p style=\"text-align: justify\">Os interessados devem encaminhar Curr\u00edculo ao e-mail oficial da Coordena\u00e7\u00e3o Regional de Educa\u00e7\u00e3o de Luzi\u00e2nia (sreluziania@seduc.go.gov.br), contendo os contatos telef\u00f4nicos e endere\u00e7os de e-mail para correspond\u00eancias eletr\u00f4nicas.<\/p>\n<p style=\"text-align: justify\">Oportunamente esclarece, que a Coordena\u00e7\u00e3o Regional de Educa\u00e7\u00e3o de LUZI\u00c2NIA, instituir\u00e1 comiss\u00e3o pr\u00f3pria para as an\u00e1lises curriculares, que ser\u00e1 composta por integrante do Sindicato da categoria e membros da CRE, objetivando assim, a ado\u00e7\u00e3o de medidas e provid\u00eancias pertinentes ao suprimento de todos os d\u00e9ficits de professores existentes na Rede Estadual de Educa\u00e7\u00e3o, que garantam os servi\u00e7os prestados \u00e0 comunidade goiana.<\/p>\n<p style=\"text-align: center\">SEDUC\/GO<\/p>\n<hr \/>\n<h2 align=\"center\"><strong>COMUNICADO<\/strong><\/h2>\n<p align=\"center\"><strong>PARA CONTRATA\u00c7\u00c3O TEMPOR\u00c1RIA<\/strong><\/p>\n<pre class=\"MsoNormal\" style=\"text-align: center;line-height: 115%\">Publica\u00e7\u00e3o: 04\/03\/2024\nEncerramento: 07\/03\/2024 \u00e0s 18h\n\n<\/pre>\n<p style=\"text-align: center\"><span style=\"color: red\"><strong>ENCERRADO<\/strong><\/span><\/p>\n<p style=\"text-align: justify\">O Governo do Estado de Goi\u00e1s, atrav\u00e9s da Secretaria de Estado da Educa\u00e7\u00e3o, diante da inexist\u00eancia de candidatos habilitados e remanescentes a serem convocados pelo Processo Seletivo Simplificado Edital n\u00ba 008\/2021 \u2013 SEAD e considerando a exist\u00eancia de d\u00e9ficits de professores nas unidades escolares pertencentes ao munic\u00edpio de <b>LUZI\u00c2NIA<\/b>, jurisdicionado \u00e0 Coordena\u00e7\u00e3o Regional de Educa\u00e7\u00e3o (CRE) de <b>LUZI\u00c2NIA<\/b>, informa que est\u00e1 recebendo curr\u00edculos para sele\u00e7\u00e3o e contrata\u00e7\u00e3o tempor\u00e1ria com natureza emergencial para atender aos interesses da Administra\u00e7\u00e3o, para ministrar aulas nas disciplina(s) <b>Matem\u00e1tica, sendo 32 aulas a ser lotado no CEPI H\u00e9lio Rodrigues de Queiroz, turno integral, matutino e vespertino. <\/b><\/p>\n<p style=\"text-align: justify\">Os interessados devem encaminhar Curr\u00edculo ao e-mail oficial da Coordena\u00e7\u00e3o Regional de Educa\u00e7\u00e3o de Luzi\u00e2nia (sreluziania@seduc.go.gov.br), contendo os contatos telef\u00f4nicos e endere\u00e7os de e-mail para correspond\u00eancias eletr\u00f4nicas.<\/p>\n<p style=\"text-align: justify\">Oportunamente esclarece, que a Coordena\u00e7\u00e3o Regional de Educa\u00e7\u00e3o de LUZI\u00c2NIA, instituir\u00e1 comiss\u00e3o pr\u00f3pria para as an\u00e1lises curriculares, que ser\u00e1 composta por integrante do Sindicato da categoria e membros da CRE, objetivando assim, a ado\u00e7\u00e3o de medidas e provid\u00eancias pertinentes ao suprimento de todos os d\u00e9ficits de professores existentes na Rede Estadual de Educa\u00e7\u00e3o, que garantam os servi\u00e7os prestados \u00e0 comunidade goiana.<\/p>\n<p style=\"text-align: center\">SEDUC\/GO<\/p>\n<hr \/>\n<h2 align=\"center\"><strong>COMUNICADO<\/strong><\/h2>\n<p align=\"center\"><strong>PARA CONTRATA\u00c7\u00c3O TEMPOR\u00c1RIA<\/strong><\/p>\n<pre class=\"MsoNormal\" style=\"text-align: center;line-height: 115%\">Publica\u00e7\u00e3o: 04\/03\/2024\nEncerramento: 07\/03\/2024 \u00e0s 18h\n\n<\/pre>\n<p style=\"text-align: center\"><span style=\"color: red\"><strong>ENCERRADO<\/strong><\/span><\/p>\n<p style=\"text-align: justify\">O Governo do Estado de Goi\u00e1s, atrav\u00e9s da Secretaria de Estado da Educa\u00e7\u00e3o, diante da inexist\u00eancia de candidatos habilitados e remanescentes a serem convocados pelo Processo Seletivo Simplificado Edital n\u00ba 008\/2021 \u2013 SEAD e considerando a exist\u00eancia de d\u00e9ficits de professores nas unidades escolares pertencentes ao munic\u00edpio de <b>LUZI\u00c2NIA<\/b>, jurisdicionado \u00e0 Coordena\u00e7\u00e3o Regional de Educa\u00e7\u00e3o (CRE) de <b>LUZI\u00c2NIA<\/b>, informa que est\u00e1 recebendo curr\u00edculos para sele\u00e7\u00e3o e contrata\u00e7\u00e3o tempor\u00e1ria com natureza emergencial para atender aos interesses da Administra\u00e7\u00e3o, para ministrar aulas nas disciplina(s) <b>L\u00edngua Portuguesa, sendo 32 aulas, turnos matutino e vespertino, a ser lotado no Col\u00e9gio Estadual Helio Roriz \u2013 Extens\u00e3o do Col\u00e9gio Estadual Vasco dos Reis Gon\u00e7alves.<\/b><\/p>\n<p style=\"text-align: justify\">Os interessados devem encaminhar Curr\u00edculo ao e-mail oficial da Coordena\u00e7\u00e3o Regional de Educa\u00e7\u00e3o de Luzi\u00e2nia (sreluziania@seduc.go.gov.br), contendo os contatos telef\u00f4nicos e endere\u00e7os de e-mail para correspond\u00eancias eletr\u00f4nicas.<\/p>\n<p style=\"text-align: justify\">Oportunamente esclarece, que a Coordena\u00e7\u00e3o Regional de Educa\u00e7\u00e3o de LUZI\u00c2NIA, instituir\u00e1 comiss\u00e3o pr\u00f3pria para as an\u00e1lises curriculares, que ser\u00e1 composta por integrante do Sindicato da categoria e membros da CRE, objetivando assim, a ado\u00e7\u00e3o de medidas e provid\u00eancias pertinentes ao suprimento de todos os d\u00e9ficits de professores existentes na Rede Estadual de Educa\u00e7\u00e3o, que garantam os servi\u00e7os prestados \u00e0 comunidade goiana.<\/p>\n<p style=\"text-align: center\">SEDUC\/GO<\/p>\n<hr \/>\n<h2 align=\"center\"><strong>COMUNICADO<\/strong><\/h2>\n<p align=\"center\"><strong>PARA CONTRATA\u00c7\u00c3O TEMPOR\u00c1RIA<\/strong><\/p>\n<pre class=\"MsoNormal\" style=\"text-align: center;line-height: 115%\">Publica\u00e7\u00e3o: 04\/03\/2024\nEncerramento: 07\/03\/2024 \u00e0s 18h\n\n<\/pre>\n<p style=\"text-align: center\"><span style=\"color: red\"><strong>ENCERRADO<\/strong><\/span><\/p>\n<p style=\"text-align: justify\">O Governo do Estado de Goi\u00e1s, atrav\u00e9s da Secretaria de Estado da Educa\u00e7\u00e3o, diante da inexist\u00eancia de candidatos habilitados e remanescentes a serem convocados pelo Processo Seletivo Simplificado Edital n\u00ba 008\/2021 \u2013 SEAD e considerando a exist\u00eancia de d\u00e9ficits de professores nas unidades escolares pertencentes ao munic\u00edpio de <b>CRISTALINA<\/b>, jurisdicionado \u00e0 Coordena\u00e7\u00e3o Regional de Educa\u00e7\u00e3o (CRE) de <b>LUZI\u00c2NIA<\/b>, informa que est\u00e1 recebendo curr\u00edculos para sele\u00e7\u00e3o e contrata\u00e7\u00e3o tempor\u00e1ria com natureza emergencial para atender aos interesses da Administra\u00e7\u00e3o, para ministrar aulas nas disciplina(s) <b>Matem\u00e1tica, sendo 16 aulas, a ser lotado no Col\u00e9gio Estadual Adelvina Flores Ribeiro, nos turnos matutino e vespertino.<\/b><\/p>\n<p style=\"text-align: justify\">Os interessados devem encaminhar Curr\u00edculo ao e-mail oficial da Coordena\u00e7\u00e3o Regional de Educa\u00e7\u00e3o de Luzi\u00e2nia (sreluziania@seduc.go.gov.br), contendo os contatos telef\u00f4nicos e endere\u00e7os de e-mail para correspond\u00eancias eletr\u00f4nicas.<\/p>\n<p style=\"text-align: justify\">Oportunamente esclarece, que a Coordena\u00e7\u00e3o Regional de Educa\u00e7\u00e3o de LUZI\u00c2NIA, instituir\u00e1 comiss\u00e3o pr\u00f3pria para as an\u00e1lises curriculares, que ser\u00e1 composta por integrante do Sindicato da categoria e membros da CRE, objetivando assim, a ado\u00e7\u00e3o de medidas e provid\u00eancias pertinentes ao suprimento de todos os d\u00e9ficits de professores existentes na Rede Estadual de Educa\u00e7\u00e3o, que garantam os servi\u00e7os prestados \u00e0 comunidade goiana.<\/p>\n<p style=\"text-align: center\">SEDUC\/GO<\/p>\n<hr \/>\n<h2 align=\"center\"><strong>COMUNICADO<\/strong><\/h2>\n<p align=\"center\"><strong>PARA CONTRATA\u00c7\u00c3O TEMPOR\u00c1RIA<\/strong><\/p>\n<pre class=\"MsoNormal\" style=\"text-align: center;line-height: 115%\">Publica\u00e7\u00e3o: 04\/03\/2024\nEncerramento: 07\/03\/2024 \u00e0s 18h\n\n<\/pre>\n<p style=\"text-align: center\"><span style=\"color: red\"><strong>ENCERRADO<\/strong><\/span><\/p>\n<p style=\"text-align: justify\">O Governo do Estado de Goi\u00e1s, atrav\u00e9s da Secretaria de Estado da Educa\u00e7\u00e3o, diante da inexist\u00eancia de candidatos habilitados e remanescentes a serem convocados pelo Processo Seletivo Simplificado Edital n\u00ba 008\/2021 \u2013 SEAD e considerando a exist\u00eancia de d\u00e9ficits de professores nas unidades escolares pertencentes ao munic\u00edpio de <b>CRISTALILNA<\/b>, jurisdicionado \u00e0 Coordena\u00e7\u00e3o Regional de Educa\u00e7\u00e3o (CRE) de <b>LUZI\u00c2NIA<\/b>, informa que est\u00e1 recebendo curr\u00edculos para sele\u00e7\u00e3o e contrata\u00e7\u00e3o tempor\u00e1ria com natureza emergencial para atender aos interesses da Administra\u00e7\u00e3o, para ministrar aulas nas disciplina(s) <b>L\u00edngua Portuguesa, \u00a0sendo 16 aulas, a ser lotado no Col\u00e9gio Estadual Campos Lindos, Zona Rural de Cristalina, Maraj\u00f3 \u2013 nos turnos matutino e vespertino.<\/b><\/p>\n<p style=\"text-align: justify\">Os interessados devem encaminhar Curr\u00edculo ao e-mail oficial da Coordena\u00e7\u00e3o Regional de Educa\u00e7\u00e3o de Luzi\u00e2nia (sreluziania@seduc.go.gov.br), contendo os contatos telef\u00f4nicos e endere\u00e7os de e-mail para correspond\u00eancias eletr\u00f4nicas.<\/p>\n<p style=\"text-align: justify\">Oportunamente esclarece, que a Coordena\u00e7\u00e3o Regional de Educa\u00e7\u00e3o de LUZI\u00c2NIA, instituir\u00e1 comiss\u00e3o pr\u00f3pria para as an\u00e1lises curriculares, que ser\u00e1 composta por integrante do Sindicato da categoria e membros da CRE, objetivando assim, a ado\u00e7\u00e3o de medidas e provid\u00eancias pertinentes ao suprimento de todos os d\u00e9ficits de professores existentes na Rede Estadual de Educa\u00e7\u00e3o, que garantam os servi\u00e7os prestados \u00e0 comunidade goiana.<\/p>\n<p style=\"text-align: center\">SEDUC\/GO<\/p>\n<hr \/>\n<h2 align=\"center\"><strong>COMUNICADO<\/strong><\/h2>\n<p align=\"center\"><strong>PARA CONTRATA\u00c7\u00c3O TEMPOR\u00c1RIA<\/strong><\/p>\n<pre class=\"MsoNormal\" style=\"text-align: center;line-height: 115%\">Publica\u00e7\u00e3o: 04\/03\/2024\nEncerramento: 07\/03\/2024 \u00e0s 18h\n\n<\/pre>\n<p style=\"text-align: center\"><span style=\"color: red\"><strong>ENCERRADO<\/strong><\/span><\/p>\n<p style=\"text-align: justify\">O Governo do Estado de Goi\u00e1s, atrav\u00e9s da Secretaria de Estado da Educa\u00e7\u00e3o, diante da inexist\u00eancia de candidatos habilitados e remanescentes a serem convocados pelo Processo Seletivo Simplificado Edital n\u00ba 008\/2021 \u2013 SEAD e considerando a exist\u00eancia de d\u00e9ficits de professores nas unidades escolares pertencentes ao munic\u00edpio de <b>CRISTALINA<\/b>, jurisdicionado \u00e0 Coordena\u00e7\u00e3o Regional de Educa\u00e7\u00e3o (CRE) de <b>LUZI\u00c2NIA<\/b>, informa que est\u00e1 recebendo curr\u00edculos para sele\u00e7\u00e3o e contrata\u00e7\u00e3o tempor\u00e1ria com natureza emergencial para atender aos interesses da Administra\u00e7\u00e3o, para ministrar aulas nas disciplina(s) <b>Hist\u00f3ria, Filosofia e Sociologia, sendo 32 aulas, a ser lotado no Col\u00e9gio Estadual Adelvina Flores Ribeiro, nos turnos matutino e vespertino, para substituir licen\u00e7a m\u00e9dica.<\/b><\/p>\n<p style=\"text-align: justify\">Os interessados devem encaminhar Curr\u00edculo ao e-mail oficial da Coordena\u00e7\u00e3o Regional de Educa\u00e7\u00e3o de Luzi\u00e2nia (sreluziania@seduc.go.gov.br), contendo os contatos telef\u00f4nicos e endere\u00e7os de e-mail para correspond\u00eancias eletr\u00f4nicas.<\/p>\n<p style=\"text-align: justify\">Oportunamente esclarece, que a Coordena\u00e7\u00e3o Regional de Educa\u00e7\u00e3o de LUZI\u00c2NIA, instituir\u00e1 comiss\u00e3o pr\u00f3pria para as an\u00e1lises curriculares, que ser\u00e1 composta por integrante do Sindicato da categoria e membros da CRE, objetivando assim, a ado\u00e7\u00e3o de medidas e provid\u00eancias pertinentes ao suprimento de todos os d\u00e9ficits de professores existentes na Rede Estadual de Educa\u00e7\u00e3o, que garantam os servi\u00e7os prestados \u00e0 comunidade goiana.<\/p>\n<p style=\"text-align: center\">SEDUC\/GO<\/p>\n<hr \/>\n<h2 align=\"center\"><strong>COMUNICADO<\/strong><\/h2>\n<p align=\"center\"><strong>PARA CONTRATA\u00c7\u00c3O TEMPOR\u00c1RIA<\/strong><\/p>\n<pre class=\"MsoNormal\" style=\"text-align: center;line-height: 115%\">Publica\u00e7\u00e3o: 04\/03\/2024\nEncerramento: 07\/03\/2024 \u00e0s 18h\n\n<\/pre>\n<p style=\"text-align: center\"><span style=\"color: red\"><strong>ENCERRADO<\/strong><\/span><\/p>\n<p style=\"text-align: justify\">O Governo do Estado de Goi\u00e1s, atrav\u00e9s da Secretaria de Estado da Educa\u00e7\u00e3o, diante da inexist\u00eancia de candidatos habilitados e remanescentes a serem convocados pelo Processo Seletivo Simplificado Edital n\u00ba 008\/2021 \u2013 SEAD e considerando a exist\u00eancia de d\u00e9ficits de professores nas unidades escolares pertencentes ao munic\u00edpio de <b>CRISTALILNA<\/b>, jurisdicionado \u00e0 Coordena\u00e7\u00e3o Regional de Educa\u00e7\u00e3o (CRE) de <b>LUZI\u00c2NIA<\/b>, informa que est\u00e1 recebendo curr\u00edculos para sele\u00e7\u00e3o e contrata\u00e7\u00e3o tempor\u00e1ria com natureza emergencial para atender aos interesses da Administra\u00e7\u00e3o, para ministrar aulas nas disciplina(s) <b>Matem\u00e1tica, \u00a0sendo 16 aulas, a ser lotado no Col\u00e9gio Estadual Campos Lindos, Zona Rural de Cristalina, Maraj\u00f3 \u2013 nos turnos matutino e vespertino.<\/b><\/p>\n<p style=\"text-align: justify\">Os interessados devem encaminhar Curr\u00edculo ao e-mail oficial da Coordena\u00e7\u00e3o Regional de Educa\u00e7\u00e3o de Luzi\u00e2nia (sreluziania@seduc.go.gov.br), contendo os contatos telef\u00f4nicos e endere\u00e7os de e-mail para correspond\u00eancias eletr\u00f4nicas.<\/p>\n<p style=\"text-align: justify\">Oportunamente esclarece, que a Coordena\u00e7\u00e3o Regional de Educa\u00e7\u00e3o de LUZI\u00c2NIA, instituir\u00e1 comiss\u00e3o pr\u00f3pria para as an\u00e1lises curriculares, que ser\u00e1 composta por integrante do Sindicato da categoria e membros da CRE, objetivando assim, a ado\u00e7\u00e3o de medidas e provid\u00eancias pertinentes ao suprimento de todos os d\u00e9ficits de professores existentes na Rede Estadual de Educa\u00e7\u00e3o, que garantam os servi\u00e7os prestados \u00e0 comunidade goiana.<\/p>\n<p style=\"text-align: center\">SEDUC\/GO<\/p>\n<hr \/>\n<h2 align=\"center\"><strong>COMUNICADO<\/strong><\/h2>\n<p align=\"center\"><strong>PARA CONTRATA\u00c7\u00c3O TEMPOR\u00c1RIA<\/strong><\/p>\n<pre class=\"MsoNormal\" style=\"text-align: center;line-height: 115%\">Publica\u00e7\u00e3o: 04\/03\/2024\nEncerramento: 07\/03\/2024 \u00e0s 18h\n\n<\/pre>\n<p style=\"text-align: center\"><span style=\"color: red\"><strong>ENCERRADO<\/strong><\/span><\/p>\n<p style=\"text-align: justify\">O Governo do Estado de Goi\u00e1s, atrav\u00e9s da Secretaria de Estado da Educa\u00e7\u00e3o, diante da inexist\u00eancia de candidatos habilitados e remanescentes a serem convocados pelo Processo Seletivo Simplificado Edital n\u00ba 008\/2021 \u2013 SEAD e considerando a exist\u00eancia de d\u00e9ficits de professores nas unidades escolares pertencentes ao munic\u00edpio de <b>CRISTALINA<\/b>, jurisdicionado \u00e0 Coordena\u00e7\u00e3o Regional de Educa\u00e7\u00e3o (CRE) de <b>LUZI\u00c2NIA<\/b>, informa que est\u00e1 recebendo curr\u00edculos para sele\u00e7\u00e3o e contrata\u00e7\u00e3o tempor\u00e1ria com natureza emergencial para atender aos interesses da Administra\u00e7\u00e3o, para ministrar aulas nas disciplina(s) <b>Hist\u00f3ria, Geografia, Ensino Religioso, Inicia\u00e7\u00e3o Cientifica, sendo 32 aulas, a ser lotado no CEPI \u2013 Aurora Atti\u00ea, no turno integral \u2013 Matutino e Vespertino.<\/b><\/p>\n<p style=\"text-align: justify\">Os interessados devem encaminhar Curr\u00edculo ao e-mail oficial da Coordena\u00e7\u00e3o Regional de Educa\u00e7\u00e3o de Luzi\u00e2nia (sreluziania@seduc.go.gov.br), contendo os contatos telef\u00f4nicos e endere\u00e7os de e-mail para correspond\u00eancias eletr\u00f4nicas.<\/p>\n<p style=\"text-align: justify\">Oportunamente esclarece, que a Coordena\u00e7\u00e3o Regional de Educa\u00e7\u00e3o de LUZI\u00c2NIA, instituir\u00e1 comiss\u00e3o pr\u00f3pria para as an\u00e1lises curriculares, que ser\u00e1 composta por integrante do Sindicato da categoria e membros da CRE, objetivando assim, a ado\u00e7\u00e3o de medidas e provid\u00eancias pertinentes ao suprimento de todos os d\u00e9ficits de professores existentes na Rede Estadual de Educa\u00e7\u00e3o, que garantam os servi\u00e7os prestados \u00e0 comunidade goiana.<\/p>\n<p style=\"text-align: center\">SEDUC\/GO<\/p>\n<hr \/>\n<h2 align=\"center\"><strong>COMUNICADO<\/strong><\/h2>\n<p align=\"center\"><strong>PARA CONTRATA\u00c7\u00c3O TEMPOR\u00c1RIA<\/strong><\/p>\n<pre class=\"MsoNormal\" style=\"text-align: center;line-height: 115%\">Publica\u00e7\u00e3o: 04\/03\/2024\nEncerramento: 07\/03\/2024 \u00e0s 18h\n\n<\/pre>\n<p style=\"text-align: center\"><span style=\"color: red\"><strong>ENCERRADO<\/strong><\/span><\/p>\n<p style=\"text-align: justify\">O Governo do Estado de Goi\u00e1s, atrav\u00e9s da Secretaria de Estado da Educa\u00e7\u00e3o, diante da inexist\u00eancia de candidatos habilitados e remanescentes a serem convocados pelo Processo Seletivo Simplificado Edital n\u00ba 008\/2021 \u2013 SEAD e considerando a exist\u00eancia de d\u00e9ficits de professores nas unidades escolares pertencentes ao munic\u00edpio de <b>CRISTALINA<\/b>, jurisdicionado \u00e0 Coordena\u00e7\u00e3o Regional de Educa\u00e7\u00e3o (CRE) de <b>LUZI\u00c2NIA<\/b>, informa que est\u00e1 recebendo curr\u00edculos para sele\u00e7\u00e3o e contrata\u00e7\u00e3o tempor\u00e1ria com natureza emergencial para atender aos interesses da Administra\u00e7\u00e3o, para ministrar aulas nas disciplina(s) <b>L\u00edngua Portuguesa, Arte e Inicia\u00e7\u00e3o Cientifica, sendo 32 aulas, a ser lotado no CEPI \u2013 Aurora Atti\u00ea, no turno integral \u2013 Matutino e Vespertino.<\/b><\/p>\n<p style=\"text-align: justify\">Os interessados devem encaminhar Curr\u00edculo ao e-mail oficial da Coordena\u00e7\u00e3o Regional de Educa\u00e7\u00e3o de Luzi\u00e2nia (sreluziania@seduc.go.gov.br), contendo os contatos telef\u00f4nicos e endere\u00e7os de e-mail para correspond\u00eancias eletr\u00f4nicas.<\/p>\n<p style=\"text-align: justify\">Oportunamente esclarece, que a Coordena\u00e7\u00e3o Regional de Educa\u00e7\u00e3o de LUZI\u00c2NIA, instituir\u00e1 comiss\u00e3o pr\u00f3pria para as an\u00e1lises curriculares, que ser\u00e1 composta por integrante do Sindicato da categoria e membros da CRE, objetivando assim, a ado\u00e7\u00e3o de medidas e provid\u00eancias pertinentes ao suprimento de todos os d\u00e9ficits de professores existentes na Rede Estadual de Educa\u00e7\u00e3o, que garantam os servi\u00e7os prestados \u00e0 comunidade goiana.<\/p>\n<p style=\"text-align: center\">SEDUC\/GO<\/p>\n<hr \/>\n<h2 align=\"center\"><strong>COMUNICADO<\/strong><\/h2>\n<p align=\"center\"><strong>PARA CONTRATA\u00c7\u00c3O TEMPOR\u00c1RIA<\/strong><\/p>\n<pre class=\"MsoNormal\" style=\"text-align: center;line-height: 115%\">Publica\u00e7\u00e3o: 04\/03\/2024\nEncerramento: 07\/03\/2024 \u00e0s 18h\n\n<\/pre>\n<p style=\"text-align: center\"><span style=\"color: red\"><strong>ENCERRADO<\/strong><\/span><\/p>\n<p style=\"text-align: justify\">O Governo do Estado de Goi\u00e1s, atrav\u00e9s da Secretaria de Estado da Educa\u00e7\u00e3o, diante da inexist\u00eancia de candidatos habilitados e remanescentes a serem convocados pelo Processo Seletivo Simplificado Edital n\u00ba 008\/2021 \u2013 SEAD e considerando a exist\u00eancia de d\u00e9ficits de professores nas unidades escolares pertencentes ao munic\u00edpio de <b>CRISTALINA<\/b>, jurisdicionado \u00e0 Coordena\u00e7\u00e3o Regional de Educa\u00e7\u00e3o (CRE) de <b>LUZI\u00c2NIA<\/b>, informa que est\u00e1 recebendo curr\u00edculos para sele\u00e7\u00e3o e contrata\u00e7\u00e3o tempor\u00e1ria com natureza emergencial para atender aos interesses da Administra\u00e7\u00e3o, para ministrar aulas nas disciplina(s) <b>L\u00edngua Portuguesa, Arte e Estudo Orientado, sendo 32 aulas, a ser lotado no CEPI \u2013 Aurora Atti\u00ea, no turno integral \u2013 Matutino e Vespertino.<\/b><\/p>\n<p style=\"text-align: justify\">Os interessados devem encaminhar Curr\u00edculo ao e-mail oficial da Coordena\u00e7\u00e3o Regional de Educa\u00e7\u00e3o de Luzi\u00e2nia (sreluziania@seduc.go.gov.br), contendo os contatos telef\u00f4nicos e endere\u00e7os de e-mail para correspond\u00eancias eletr\u00f4nicas.<\/p>\n<p style=\"text-align: justify\">Oportunamente esclarece, que a Coordena\u00e7\u00e3o Regional de Educa\u00e7\u00e3o de LUZI\u00c2NIA, instituir\u00e1 comiss\u00e3o pr\u00f3pria para as an\u00e1lises curriculares, que ser\u00e1 composta por integrante do Sindicato da categoria e membros da CRE, objetivando assim, a ado\u00e7\u00e3o de medidas e provid\u00eancias pertinentes ao suprimento de todos os d\u00e9ficits de professores existentes na Rede Estadual de Educa\u00e7\u00e3o, que garantam os servi\u00e7os prestados \u00e0 comunidade goiana.<\/p>\n<p style=\"text-align: center\">SEDUC\/GO<\/p>\n<hr \/>\n<h2 align=\"center\"><strong>COMUNICADO<\/strong><\/h2>\n<p align=\"center\"><strong>PARA CONTRATA\u00c7\u00c3O TEMPOR\u00c1RIA<\/strong><\/p>\n<pre class=\"MsoNormal\" style=\"text-align: center;line-height: 115%\">Publica\u00e7\u00e3o: 04\/03\/2024\nEncerramento: 07\/03\/2024 \u00e0s 18h\n\n<\/pre>\n<p style=\"text-align: center\"><span style=\"color: red\"><strong>ENCERRADO<\/strong><\/span><\/p>\n<p style=\"text-align: justify\">O Governo do Estado de Goi\u00e1s, atrav\u00e9s da Secretaria de Estado da Educa\u00e7\u00e3o, diante da inexist\u00eancia de candidatos habilitados e remanescentes a serem convocados pelo Processo Seletivo Simplificado Edital n\u00ba 008\/2021 \u2013 SEAD e considerando a exist\u00eancia de d\u00e9ficits de professores nas unidades escolares pertencentes ao munic\u00edpio de <b>CRISTALINA,<\/b> jurisdicionado \u00e0 Coordena\u00e7\u00e3o Regional de Educa\u00e7\u00e3o (CRE) de <b>LUZI\u00c2NIA<\/b>, informa que est\u00e1 recebendo curr\u00edculos para sele\u00e7\u00e3o e contrata\u00e7\u00e3o tempor\u00e1ria com natureza emergencial para atender aos interesses da Administra\u00e7\u00e3o, para ministrar aulas nas disciplina(s) <b>\u00a0Qu\u00edmica e Pr\u00e1tica de Qu\u00edmica, sendo 32 aulas a ser lotado no CEPI \u2013 Zulca Peixoto, no turno integral, matutino e vespertino.<\/b><\/p>\n<p style=\"text-align: justify\">Os interessados devem encaminhar Curr\u00edculo ao e-mail oficial da Coordena\u00e7\u00e3o Regional de Educa\u00e7\u00e3o de Luzi\u00e2nia (sreluziania@seduc.go.gov.br), contendo os contatos telef\u00f4nicos e endere\u00e7os de e-mail para correspond\u00eancias eletr\u00f4nicas.<\/p>\n<p style=\"text-align: justify\">Oportunamente esclarece, que a Coordena\u00e7\u00e3o Regional de Educa\u00e7\u00e3o de LUZI\u00c2NIA, instituir\u00e1 comiss\u00e3o pr\u00f3pria para as an\u00e1lises curriculares, que ser\u00e1 composta por integrante do Sindicato da categoria e membros da CRE, objetivando assim, a ado\u00e7\u00e3o de medidas e provid\u00eancias pertinentes ao suprimento de todos os d\u00e9ficits de professores existentes na Rede Estadual de Educa\u00e7\u00e3o, que garantam os servi\u00e7os prestados \u00e0 comunidade goiana.<\/p>\n<p style=\"text-align: center\">SEDUC\/GO<\/p>\n<hr \/>\n<h2 align=\"center\"><strong>COMUNICADO<\/strong><\/h2>\n<p align=\"center\"><strong>PARA CONTRATA\u00c7\u00c3O TEMPOR\u00c1RIA<\/strong><\/p>\n<pre class=\"MsoNormal\" style=\"text-align: center;line-height: 115%\">Publica\u00e7\u00e3o: 04\/03\/2024\nEncerramento: 07\/03\/2024 \u00e0s 18h\n\n<\/pre>\n<p style=\"text-align: center\"><span style=\"color: red\"><strong>ENCERRADO<\/strong><\/span><\/p>\n<p style=\"text-align: justify\">O Governo do Estado de Goi\u00e1s, atrav\u00e9s da Secretaria de Estado da Educa\u00e7\u00e3o, diante da inexist\u00eancia de candidatos habilitados e remanescentes a serem convocados pelo Processo Seletivo Simplificado Edital n\u00ba 008\/2021 \u2013 SEAD e considerando a exist\u00eancia de d\u00e9ficits de professores nas unidades escolares pertencentes ao munic\u00edpio de <b>CRISTALINA<\/b>, jurisdicionado \u00e0 Coordena\u00e7\u00e3o Regional de Educa\u00e7\u00e3o (CRE) de <b>LUZI\u00c2NIA<\/b>, informa que est\u00e1 recebendo curr\u00edculos para sele\u00e7\u00e3o e contrata\u00e7\u00e3o tempor\u00e1ria com natureza emergencial para atender aos interesses da Administra\u00e7\u00e3o, para ministrar aulas nas disciplina(s) <b>\u00a0Hist\u00f3ria, Filosofia, Projeto de Vida, Estudo Orientado, sendo 32 aulas, a ser lotado no CEPI \u2013 Zulca Peixoto, Turno Integral, matutino e vespertino.<\/b><\/p>\n<p style=\"text-align: justify\">Os interessados devem encaminhar Curr\u00edculo ao e-mail oficial da Coordena\u00e7\u00e3o Regional de Educa\u00e7\u00e3o de Luzi\u00e2nia (sreluziania@seduc.go.gov.br), contendo os contatos telef\u00f4nicos e endere\u00e7os de e-mail para correspond\u00eancias eletr\u00f4nicas.<\/p>\n<p style=\"text-align: justify\">Oportunamente esclarece, que a Coordena\u00e7\u00e3o Regional de Educa\u00e7\u00e3o de LUZI\u00c2NIA, instituir\u00e1 comiss\u00e3o pr\u00f3pria para as an\u00e1lises curriculares, que ser\u00e1 composta por integrante do Sindicato da categoria e membros da CRE, objetivando assim, a ado\u00e7\u00e3o de medidas e provid\u00eancias pertinentes ao suprimento de todos os d\u00e9ficits de professores existentes na Rede Estadual de Educa\u00e7\u00e3o, que garantam os servi\u00e7os prestados \u00e0 comunidade goiana.<\/p>\n<p style=\"text-align: center\">SEDUC\/GO<\/p>\n<hr \/>\n<h2 align=\"center\"><strong>COMUNICADO<\/strong><\/h2>\n<p align=\"center\"><strong>PARA CONTRATA\u00c7\u00c3O TEMPOR\u00c1RIA<\/strong><\/p>\n<pre class=\"MsoNormal\" style=\"text-align: center;line-height: 115%\">Publica\u00e7\u00e3o: 04\/03\/2024\nEncerramento: 07\/03\/2024 \u00e0s 18h\n\n<\/pre>\n<p style=\"text-align: center\"><span style=\"color: red\"><strong>ENCERRADO<\/strong><\/span><\/p>\n<p style=\"text-align: justify\">O Governo do Estado de Goi\u00e1s, atrav\u00e9s da Secretaria de Estado da Educa\u00e7\u00e3o, diante da inexist\u00eancia de candidatos habilitados e remanescentes a serem convocados pelo Processo Seletivo Simplificado Edital n\u00ba 008\/2021 \u2013 SEAD e considerando a exist\u00eancia de d\u00e9ficits de professores nas unidades escolares pertencentes ao munic\u00edpio de <b>CRISTALINA<\/b>, jurisdicionado \u00e0 Coordena\u00e7\u00e3o Regional de Educa\u00e7\u00e3o (CRE) de <b>LUZI\u00c2NIA<\/b>, informa que est\u00e1 recebendo curr\u00edculos para sele\u00e7\u00e3o e contrata\u00e7\u00e3o tempor\u00e1ria com natureza emergencial para atender aos interesses da Administra\u00e7\u00e3o, para ministrar aulas nas disciplina(s) <b>\u00a0Matem\u00e1tica, F\u00edsica e Protagonismo Juvenil, sendo 32 aulas a ser lotado no CEPI \u2013 Zulca Peixoto, no turno integral, matutino e vespertino.<\/b><\/p>\n<p style=\"text-align: justify\">Os interessados devem encaminhar Curr\u00edculo ao e-mail oficial da Coordena\u00e7\u00e3o Regional de Educa\u00e7\u00e3o de Luzi\u00e2nia (sreluziania@seduc.go.gov.br), contendo os contatos telef\u00f4nicos e endere\u00e7os de e-mail para correspond\u00eancias eletr\u00f4nicas.<\/p>\n<p style=\"text-align: justify\">Oportunamente esclarece, que a Coordena\u00e7\u00e3o Regional de Educa\u00e7\u00e3o de LUZI\u00c2NIA, instituir\u00e1 comiss\u00e3o pr\u00f3pria para as an\u00e1lises curriculares, que ser\u00e1 composta por integrante do Sindicato da categoria e membros da CRE, objetivando assim, a ado\u00e7\u00e3o de medidas e provid\u00eancias pertinentes ao suprimento de todos os d\u00e9ficits de professores existentes na Rede Estadual de Educa\u00e7\u00e3o, que garantam os servi\u00e7os prestados \u00e0 comunidade goiana.<\/p>\n<p style=\"text-align: center\">SEDUC\/GO<\/p>\n<hr \/>\n<h2 align=\"center\"><strong>COMUNICADO<\/strong><\/h2>\n<p align=\"center\"><strong>PARA CONTRATA\u00c7\u00c3O TEMPOR\u00c1RIA<\/strong><\/p>\n<pre class=\"MsoNormal\" style=\"text-align: center;line-height: 115%\">Publica\u00e7\u00e3o: 04\/03\/2024\nEncerramento: 07\/03\/2024 \u00e0s 18h\n\n<\/pre>\n<p style=\"text-align: center\"><span style=\"color: red\"><strong>ENCERRADO<\/strong><\/span><\/p>\n<p style=\"text-align: justify\">O Governo do Estado de Goi\u00e1s, atrav\u00e9s da Secretaria de Estado da Educa\u00e7\u00e3o, diante da inexist\u00eancia de candidatos habilitados e remanescentes a serem convocados pelo Processo Seletivo Simplificado Edital n\u00ba 008\/2021 \u2013 SEAD e considerando a exist\u00eancia de d\u00e9ficits de professores nas unidades escolares pertencentes ao munic\u00edpio de <b>LUZI\u00c2NIA<\/b>, jurisdicionado \u00e0 Coordena\u00e7\u00e3o Regional de Educa\u00e7\u00e3o (CRE) de <b>LUZI\u00c2NIA<\/b>, informa que est\u00e1 recebendo curr\u00edculos para sele\u00e7\u00e3o e contrata\u00e7\u00e3o tempor\u00e1ria com natureza emergencial para atender aos interesses da Administra\u00e7\u00e3o, para ministrar aulas nas disciplina(s) <b>\u00a0Professor Interprete de L\u00ednguas e Sinais, 30h, a ser lotado no Col\u00e9gio Estadual Vasco dos Reis Gon\u00e7alves \u2013 no turno vespertino.<\/b><\/p>\n<p style=\"text-align: justify\">Os interessados devem encaminhar Curr\u00edculo ao e-mail oficial da Coordena\u00e7\u00e3o Regional de Educa\u00e7\u00e3o de Luzi\u00e2nia (sreluziania@seduc.go.gov.br), contendo os contatos telef\u00f4nicos e endere\u00e7os de e-mail para correspond\u00eancias eletr\u00f4nicas.<\/p>\n<p style=\"text-align: justify\">Oportunamente esclarece, que a Coordena\u00e7\u00e3o Regional de Educa\u00e7\u00e3o de LUZI\u00c2NIA, instituir\u00e1 comiss\u00e3o pr\u00f3pria para as an\u00e1lises curriculares, que ser\u00e1 composta por integrante do Sindicato da categoria e membros da CRE, objetivando assim, a ado\u00e7\u00e3o de medidas e provid\u00eancias pertinentes ao suprimento de todos os d\u00e9ficits de professores existentes na Rede Estadual de Educa\u00e7\u00e3o, que garantam os servi\u00e7os prestados \u00e0 comunidade goiana.<\/p>\n<p style=\"text-align: center\">SEDUC\/GO<\/p>\n<hr \/>\n<h2 align=\"center\"><strong>COMUNICADO<\/strong><\/h2>\n<p align=\"center\"><strong>PARA CONTRATA\u00c7\u00c3O TEMPOR\u00c1RIA<\/strong><\/p>\n<pre class=\"MsoNormal\" style=\"text-align: center;line-height: 115%\">Publica\u00e7\u00e3o: 04\/03\/2024\nEncerramento: 07\/03\/2024 \u00e0s 18h\n\n<\/pre>\n<p style=\"text-align: center\"><span style=\"color: red\"><strong>ENCERRADO<\/strong><\/span><\/p>\n<p style=\"text-align: justify\">O Governo do Estado de Goi\u00e1s, atrav\u00e9s da Secretaria de Estado da Educa\u00e7\u00e3o, diante da inexist\u00eancia de candidatos habilitados e remanescentes a serem convocados pelo Processo Seletivo Simplificado Edital n\u00ba 008\/2021 \u2013 SEAD e considerando a exist\u00eancia de d\u00e9ficits de professores nas unidades escolares pertencentes ao munic\u00edpio de <b>LUZI\u00c2NIA<\/b>, jurisdicionado \u00e0 Coordena\u00e7\u00e3o Regional de Educa\u00e7\u00e3o (CRE) de <b>LUZI\u00c2NIA<\/b>, informa que est\u00e1 recebendo curr\u00edculos para sele\u00e7\u00e3o e contrata\u00e7\u00e3o tempor\u00e1ria com natureza emergencial para atender aos interesses da Administra\u00e7\u00e3o, para ministrar aulas nas disciplina(s) <b>\u00a0Professor Interprete de L\u00ednguas e Sinais, 30h, a ser lotado no Col\u00e9gio Estadual Professor Ant\u00f4nio Valdir Roriz, no turno noturno.<\/b><\/p>\n<p style=\"text-align: justify\">Os interessados devem encaminhar Curr\u00edculo ao e-mail oficial da Coordena\u00e7\u00e3o Regional de Educa\u00e7\u00e3o de Luzi\u00e2nia (sreluziania@seduc.go.gov.br), contendo os contatos telef\u00f4nicos e endere\u00e7os de e-mail para correspond\u00eancias eletr\u00f4nicas.<\/p>\n<p style=\"text-align: justify\">Oportunamente esclarece, que a Coordena\u00e7\u00e3o Regional de Educa\u00e7\u00e3o de LUZI\u00c2NIA, instituir\u00e1 comiss\u00e3o pr\u00f3pria para as an\u00e1lises curriculares, que ser\u00e1 composta por integrante do Sindicato da categoria e membros da CRE, objetivando assim, a ado\u00e7\u00e3o de medidas e provid\u00eancias pertinentes ao suprimento de todos os d\u00e9ficits de professores existentes na Rede Estadual de Educa\u00e7\u00e3o, que garantam os servi\u00e7os prestados \u00e0 comunidade goiana.<\/p>\n<p style=\"text-align: center\">SEDUC\/GO<\/p>\n<hr \/>\n<h2 align=\"center\"><strong>COMUNICADO<\/strong><\/h2>\n<p align=\"center\"><strong>PARA CONTRATA\u00c7\u00c3O TEMPOR\u00c1RIA<\/strong><\/p>\n<pre class=\"MsoNormal\" style=\"text-align: center;line-height: 115%\">Publica\u00e7\u00e3o: 04\/03\/2024\nEncerramento: 07\/03\/2024 \u00e0s 18h\n\n<\/pre>\n<p style=\"text-align: center\"><span style=\"color: red\"><strong>ENCERRADO<\/strong><\/span><\/p>\n<p style=\"text-align: justify\">O Governo do Estado de Goi\u00e1s, atrav\u00e9s da Secretaria de Estado da Educa\u00e7\u00e3o, diante da inexist\u00eancia de candidatos habilitados e remanescentes a serem convocados pelo Processo Seletivo Simplificado Edital n\u00ba 008\/2021 \u2013 SEAD e considerando a exist\u00eancia de d\u00e9ficits de professores nas unidades escolares pertencentes ao munic\u00edpio de <b>LUZI\u00c2NIA<\/b>, jurisdicionado \u00e0 Coordena\u00e7\u00e3o Regional de Educa\u00e7\u00e3o (CRE) de <b>LUZI\u00c2NIA<\/b>, informa que est\u00e1 recebendo curr\u00edculos para sele\u00e7\u00e3o e contrata\u00e7\u00e3o tempor\u00e1ria com natureza emergencial para atender aos interesses da Administra\u00e7\u00e3o, para ministrar aulas nas disciplina(s) <b>\u00a0Hist\u00f3ria, Arte, Prepara\u00e7\u00e3o P\u00f3s M\u00e9dio, Estudo Orientado I, sendo 32 aulas, a ser lotado no CEPI Osvaldo da Costa Meireles, Turno Integral, (matutino e vespertino).<\/b><\/p>\n<p style=\"text-align: justify\">Os interessados devem encaminhar Curr\u00edculo ao e-mail oficial da Coordena\u00e7\u00e3o Regional de Educa\u00e7\u00e3o de Luzi\u00e2nia (sreluziania@seduc.go.gov.br), contendo os contatos telef\u00f4nicos e endere\u00e7os de e-mail para correspond\u00eancias eletr\u00f4nicas.<\/p>\n<p style=\"text-align: justify\">Oportunamente esclarece, que a Coordena\u00e7\u00e3o Regional de Educa\u00e7\u00e3o de LUZI\u00c2NIA, instituir\u00e1 comiss\u00e3o pr\u00f3pria para as an\u00e1lises curriculares, que ser\u00e1 composta por integrante do Sindicato da categoria e membros da CRE, objetivando assim, a ado\u00e7\u00e3o de medidas e provid\u00eancias pertinentes ao suprimento de todos os d\u00e9ficits de professores existentes na Rede Estadual de Educa\u00e7\u00e3o, que garantam os servi\u00e7os prestados \u00e0 comunidade goiana.<\/p>\n<p style=\"text-align: center\">SEDUC\/GO<\/p>\n<hr \/>\n<h2 align=\"center\"><strong>COMUNICADO<\/strong><\/h2>\n<p align=\"center\"><strong>PARA CONTRATA\u00c7\u00c3O TEMPOR\u00c1RIA<\/strong><\/p>\n<pre class=\"MsoNormal\" style=\"text-align: center;line-height: 115%\">Publica\u00e7\u00e3o: 04\/03\/2024\nEncerramento: 07\/03\/2024 \u00e0s 18h\n\n<\/pre>\n<p style=\"text-align: center\"><span style=\"color: red\"><strong>ENCERRADO<\/strong><\/span><\/p>\n<p style=\"text-align: justify\">O Governo do Estado de Goi\u00e1s, atrav\u00e9s da Secretaria de Estado da Educa\u00e7\u00e3o, diante da inexist\u00eancia de candidatos habilitados e remanescentes a serem convocados pelo Processo Seletivo Simplificado Edital n\u00ba 008\/2021 \u2013 SEAD e considerando a exist\u00eancia de d\u00e9ficits de professores nas unidades escolares pertencentes ao munic\u00edpio de <b>LUZI\u00c2NIA<\/b>, jurisdicionado \u00e0 Coordena\u00e7\u00e3o Regional de Educa\u00e7\u00e3o (CRE) de <b>LUZI\u00c2NIA<\/b>, informa que est\u00e1 recebendo curr\u00edculos para sele\u00e7\u00e3o e contrata\u00e7\u00e3o tempor\u00e1ria com natureza emergencial para atender aos interesses da Administra\u00e7\u00e3o, para ministrar aulas nas disciplina(s) <b>Professor de Inform\u00e1tica, sendo 32 aulas a ser lotado no Col\u00e9gio Estadual Professor Ant\u00f4nio Valdir Roriz, nos turnos matutino e vespertino.<\/b><\/p>\n<p style=\"text-align: justify\">Os interessados devem encaminhar Curr\u00edculo ao e-mail oficial da Coordena\u00e7\u00e3o Regional de Educa\u00e7\u00e3o de Luzi\u00e2nia (sreluziania@seduc.go.gov.br), contendo os contatos telef\u00f4nicos e endere\u00e7os de e-mail para correspond\u00eancias eletr\u00f4nicas.<\/p>\n<p style=\"text-align: justify\">Oportunamente esclarece, que a Coordena\u00e7\u00e3o Regional de Educa\u00e7\u00e3o de LUZI\u00c2NIA, instituir\u00e1 comiss\u00e3o pr\u00f3pria para as an\u00e1lises curriculares, que ser\u00e1 composta por integrante do Sindicato da categoria e membros da CRE, objetivando assim, a ado\u00e7\u00e3o de medidas e provid\u00eancias pertinentes ao suprimento de todos os d\u00e9ficits de professores existentes na Rede Estadual de Educa\u00e7\u00e3o, que garantam os servi\u00e7os prestados \u00e0 comunidade goiana.<\/p>\n<p style=\"text-align: center\">SEDUC\/GO<\/p>\n<hr \/>\n<h2 align=\"center\"><strong>COMUNICADO<\/strong><\/h2>\n<p align=\"center\"><strong>PARA CONTRATA\u00c7\u00c3O TEMPOR\u00c1RIA<\/strong><\/p>\n<pre class=\"MsoNormal\" style=\"text-align: center;line-height: 115%\">Publica\u00e7\u00e3o: 04\/03\/2024\nEncerramento: 07\/03\/2024 \u00e0s 18h\n\n<\/pre>\n<p style=\"text-align: center\"><span style=\"color: red\"><strong>ENCERRADO<\/strong><\/span><\/p>\n<p style=\"text-align: justify\">O Governo do Estado de Goi\u00e1s, atrav\u00e9s da Secretaria de Estado da Educa\u00e7\u00e3o, diante da inexist\u00eancia de candidatos habilitados e remanescentes a serem convocados pelo Processo Seletivo Simplificado Edital n\u00ba 008\/2021 \u2013 SEAD e considerando a exist\u00eancia de d\u00e9ficits de professores nas unidades escolares pertencentes ao munic\u00edpio de <b>LUZI\u00c2NIA<\/b>, jurisdicionado \u00e0 Coordena\u00e7\u00e3o Regional de Educa\u00e7\u00e3o (CRE) de <b>LUZI\u00c2NIA<\/b>, informa que est\u00e1 recebendo curr\u00edculos para sele\u00e7\u00e3o e contrata\u00e7\u00e3o tempor\u00e1ria com natureza emergencial para atender aos interesses da Administra\u00e7\u00e3o, para ministrar aulas nas disciplina(s) <b>Hist\u00f3ria, Inicia\u00e7\u00e3o Cientifica e Estudo Orientado I, sendo 32 aulas, a ser lotado no CEPI \u2013 Francisco Machado de Ara\u00fajo, Turno Integral, matutino e vespertino.<\/b><\/p>\n<p style=\"text-align: justify\">Os interessados devem encaminhar Curr\u00edculo ao e-mail oficial da Coordena\u00e7\u00e3o Regional de Educa\u00e7\u00e3o de Luzi\u00e2nia (sreluziania@seduc.go.gov.br), contendo os contatos telef\u00f4nicos e endere\u00e7os de e-mail para correspond\u00eancias eletr\u00f4nicas.<\/p>\n<p style=\"text-align: justify\">Oportunamente esclarece, que a Coordena\u00e7\u00e3o Regional de Educa\u00e7\u00e3o de LUZI\u00c2NIA, instituir\u00e1 comiss\u00e3o pr\u00f3pria para as an\u00e1lises curriculares, que ser\u00e1 composta por integrante do Sindicato da categoria e membros da CRE, objetivando assim, a ado\u00e7\u00e3o de medidas e provid\u00eancias pertinentes ao suprimento de todos os d\u00e9ficits de professores existentes na Rede Estadual de Educa\u00e7\u00e3o, que garantam os servi\u00e7os prestados \u00e0 comunidade goiana.<\/p>\n<p style=\"text-align: center\">SEDUC\/GO<\/p>\n<hr \/>\n<h2 align=\"center\"><strong>COMUNICADO<\/strong><\/h2>\n<p align=\"center\"><strong>PARA CONTRATA\u00c7\u00c3O TEMPOR\u00c1RIA<\/strong><\/p>\n<pre class=\"MsoNormal\" style=\"text-align: center;line-height: 115%\">Publica\u00e7\u00e3o: 04\/03\/2024\nEncerramento: 07\/03\/2024 \u00e0s 18h\n\n<\/pre>\n<p style=\"text-align: center\"><span style=\"color: red\"><strong>ENCERRADO<\/strong><\/span><\/p>\n<p style=\"text-align: justify\">O Governo do Estado de Goi\u00e1s, atrav\u00e9s da Secretaria de Estado da Educa\u00e7\u00e3o, diante da inexist\u00eancia de candidatos habilitados e remanescentes a serem convocados pelo Processo Seletivo Simplificado Edital n\u00ba 008\/2021 \u2013 SEAD e considerando a exist\u00eancia de d\u00e9ficits de professores nas unidades escolares pertencentes ao munic\u00edpio de <b>LUZI\u00c2NIA<\/b>, jurisdicionado \u00e0 Coordena\u00e7\u00e3o Regional de Educa\u00e7\u00e3o (CRE) de <b>LUZI\u00c2NIA<\/b>, informa que est\u00e1 recebendo curr\u00edculos para sele\u00e7\u00e3o e contrata\u00e7\u00e3o tempor\u00e1ria com natureza emergencial para atender aos interesses da Administra\u00e7\u00e3o, para ministrar aulas nas disciplina(s) <b>Geografia e Arte, sendo 32 aulas, a ser lotado no Col\u00e9gio Estadual Delfino Ocl\u00e9cio Machado, nos turnos matutino e vespertino.<\/b><\/p>\n<p style=\"text-align: justify\">Os interessados devem encaminhar Curr\u00edculo ao e-mail oficial da Coordena\u00e7\u00e3o Regional de Educa\u00e7\u00e3o de Luzi\u00e2nia (sreluziania@seduc.go.gov.br), contendo os contatos telef\u00f4nicos e endere\u00e7os de e-mail para correspond\u00eancias eletr\u00f4nicas.<\/p>\n<p style=\"text-align: justify\">Oportunamente esclarece, que a Coordena\u00e7\u00e3o Regional de Educa\u00e7\u00e3o de LUZI\u00c2NIA, instituir\u00e1 comiss\u00e3o pr\u00f3pria para as an\u00e1lises curriculares, que ser\u00e1 composta por integrante do Sindicato da categoria e membros da CRE, objetivando assim, a ado\u00e7\u00e3o de medidas e provid\u00eancias pertinentes ao suprimento de todos os d\u00e9ficits de professores existentes na Rede Estadual de Educa\u00e7\u00e3o, que garantam os servi\u00e7os prestados \u00e0 comunidade goiana.<\/p>\n<p style=\"text-align: center\">SEDUC\/GO<\/p>\n<hr \/>\n<h2 align=\"center\"><strong>COMUNICADO<\/strong><\/h2>\n<p align=\"center\"><strong>PARA CONTRATA\u00c7\u00c3O TEMPOR\u00c1RIA<\/strong><\/p>\n<pre class=\"MsoNormal\" style=\"text-align: center;line-height: 115%\">Publica\u00e7\u00e3o: 04\/03\/2024\nEncerramento: 07\/03\/2024 \u00e0s 18h\n\n<\/pre>\n<p style=\"text-align: center\"><span style=\"color: red\"><strong>ENCERRADO<\/strong><\/span><\/p>\n<p style=\"text-align: justify\">O Governo do Estado de Goi\u00e1s, atrav\u00e9s da Secretaria de Estado da Educa\u00e7\u00e3o, diante da inexist\u00eancia de candidatos habilitados e remanescentes a serem convocados pelo Processo Seletivo Simplificado Edital n\u00ba 008\/2021 \u2013 SEAD e considerando a exist\u00eancia de d\u00e9ficits de professores nas unidades escolares pertencentes ao munic\u00edpio de <b>LUZI\u00c2NIA<\/b>, jurisdicionado \u00e0 Coordena\u00e7\u00e3o Regional de Educa\u00e7\u00e3o (CRE) de <b>LUZI\u00c2NIA<\/b>, informa que est\u00e1 recebendo curr\u00edculos para sele\u00e7\u00e3o e contrata\u00e7\u00e3o tempor\u00e1ria com natureza emergencial para atender aos interesses da Administra\u00e7\u00e3o, para ministrar aulas nas disciplina(s) <b>L\u00edngua Portuguesa, sendo 18 aulas, a ser lotado no Col\u00e9gio Estadual Lourdes de Oliveira Sampaio no turno matutino.<\/b><\/p>\n<p style=\"text-align: justify\">Os interessados devem encaminhar Curr\u00edculo ao e-mail oficial da Coordena\u00e7\u00e3o Regional de Educa\u00e7\u00e3o de Luzi\u00e2nia (sreluziania@seduc.go.gov.br), contendo os contatos telef\u00f4nicos e endere\u00e7os de e-mail para correspond\u00eancias eletr\u00f4nicas.<\/p>\n<p style=\"text-align: justify\">Oportunamente esclarece, que a Coordena\u00e7\u00e3o Regional de Educa\u00e7\u00e3o de LUZI\u00c2NIA, instituir\u00e1 comiss\u00e3o pr\u00f3pria para as an\u00e1lises curriculares, que ser\u00e1 composta por integrante do Sindicato da categoria e membros da CRE, objetivando assim, a ado\u00e7\u00e3o de medidas e provid\u00eancias pertinentes ao suprimento de todos os d\u00e9ficits de professores existentes na Rede Estadual de Educa\u00e7\u00e3o, que garantam os servi\u00e7os prestados \u00e0 comunidade goiana.<\/p>\n<p style=\"text-align: center\">SEDUC\/GO<\/p>\n<hr \/>\n<h2 align=\"center\"><strong>COMUNICADO<\/strong><\/h2>\n<p align=\"center\"><strong>PARA CONTRATA\u00c7\u00c3O TEMPOR\u00c1RIA<\/strong><\/p>\n<pre class=\"MsoNormal\" style=\"text-align: center;line-height: 115%\">Publica\u00e7\u00e3o: 04\/03\/2024\nEncerramento: 07\/03\/2024 \u00e0s 18h\n\n<\/pre>\n<p style=\"text-align: center\"><span style=\"color: red\"><strong>ENCERRADO<\/strong><\/span><\/p>\n<p style=\"text-align: justify\">O Governo do Estado de Goi\u00e1s, atrav\u00e9s da Secretaria de Estado da Educa\u00e7\u00e3o, diante da inexist\u00eancia de candidatos habilitados e remanescentes a serem convocados pelo Processo Seletivo Simplificado Edital n\u00ba 008\/2021 \u2013 SEAD e considerando a exist\u00eancia de d\u00e9ficits de professores nas unidades escolares pertencentes ao munic\u00edpio de <b>LUZI\u00c2NIA<\/b>, jurisdicionado \u00e0 Coordena\u00e7\u00e3o Regional de Educa\u00e7\u00e3o (CRE) de <b>LUZI\u00c2NIA<\/b>, informa que est\u00e1 recebendo curr\u00edculos para sele\u00e7\u00e3o e contrata\u00e7\u00e3o tempor\u00e1ria com natureza emergencial para atender aos interesses da Administra\u00e7\u00e3o, para ministrar aulas nas disciplina(s) <b>Coordenador Pedag\u00f3gico 40h, a ser lotado no CEPMG \u2013 Maria Abadia Meireles Shinohara nos turnos matutino e vespertino.<\/b><\/p>\n<p style=\"text-align: justify\">Os interessados devem encaminhar Curr\u00edculo ao e-mail oficial da Coordena\u00e7\u00e3o Regional de Educa\u00e7\u00e3o de Luzi\u00e2nia (sreluziania@seduc.go.gov.br), contendo os contatos telef\u00f4nicos e endere\u00e7os de e-mail para correspond\u00eancias eletr\u00f4nicas.<\/p>\n<p style=\"text-align: justify\">Oportunamente esclarece, que a Coordena\u00e7\u00e3o Regional de Educa\u00e7\u00e3o de LUZI\u00c2NIA, instituir\u00e1 comiss\u00e3o pr\u00f3pria para as an\u00e1lises curriculares, que ser\u00e1 composta por integrante do Sindicato da categoria e membros da CRE, objetivando assim, a ado\u00e7\u00e3o de medidas e provid\u00eancias pertinentes ao suprimento de todos os d\u00e9ficits de professores existentes na Rede Estadual de Educa\u00e7\u00e3o, que garantam os servi\u00e7os prestados \u00e0 comunidade goiana.<\/p>\n<p style=\"text-align: center\">SEDUC\/GO<\/p>\n<hr \/>\n<h2 align=\"center\"><strong>COMUNICADO<\/strong><\/h2>\n<p align=\"center\"><strong>PARA CONTRATA\u00c7\u00c3O TEMPOR\u00c1RIA<\/strong><\/p>\n<pre class=\"MsoNormal\" style=\"text-align: center;line-height: 115%\">Publica\u00e7\u00e3o: 04\/03\/2024\nEncerramento: 07\/03\/2024 \u00e0s 18h\n\n<\/pre>\n<p style=\"text-align: center\"><span style=\"color: red\"><strong>ENCERRADO<\/strong><\/span><\/p>\n<p style=\"text-align: justify\">O Governo do Estado de Goi\u00e1s, atrav\u00e9s da Secretaria de Estado da Educa\u00e7\u00e3o, diante da inexist\u00eancia de candidatos habilitados e remanescentes a serem convocados pelo Processo Seletivo Simplificado Edital n\u00ba 008\/2021 \u2013 SEAD e considerando a exist\u00eancia de d\u00e9ficits de professores nas unidades escolares pertencentes ao munic\u00edpio de <b>LUZI\u00c2NIA<\/b>, jurisdicionado \u00e0 Coordena\u00e7\u00e3o Regional de Educa\u00e7\u00e3o (CRE) de <b>LUZI\u00c2NIA<\/b>, informa que est\u00e1 recebendo curr\u00edculos para sele\u00e7\u00e3o e contrata\u00e7\u00e3o tempor\u00e1ria com natureza emergencial para atender aos interesses da Administra\u00e7\u00e3o, para ministrar aulas nas disciplina(s) Matem\u00e1tica, sendo 16 aulas, a ser lotado no C.E. Antonio Mar\u00e7o de Ara\u00fajo, no turno matutino.<\/p>\n<p style=\"text-align: justify\">Os interessados devem encaminhar Curr\u00edculo ao e-mail oficial da Coordena\u00e7\u00e3o Regional de Educa\u00e7\u00e3o de Luzi\u00e2nia (sreluziania@seduc.go.gov.br), contendo os contatos telef\u00f4nicos e endere\u00e7os de e-mail para correspond\u00eancias eletr\u00f4nicas.<\/p>\n<p style=\"text-align: justify\">Oportunamente esclarece, que a Coordena\u00e7\u00e3o Regional de Educa\u00e7\u00e3o de LUZI\u00c2NIA, instituir\u00e1 comiss\u00e3o pr\u00f3pria para as an\u00e1lises curriculares, que ser\u00e1 composta por integrante do Sindicato da categoria e membros da CRE, objetivando assim, a ado\u00e7\u00e3o de medidas e provid\u00eancias pertinentes ao suprimento de todos os d\u00e9ficits de professores existentes na Rede Estadual de Educa\u00e7\u00e3o, que garantam os servi\u00e7os prestados \u00e0 comunidade goiana.<\/p>\n<p style=\"text-align: center\">SEDUC\/GO<\/p>\n<hr \/>\n<h2 align=\"center\"><strong>COMUNICADO<\/strong><\/h2>\n<p align=\"center\"><strong>PARA CONTRATA\u00c7\u00c3O TEMPOR\u00c1RIA<\/strong><\/p>\n<pre class=\"MsoNormal\" style=\"text-align: center;line-height: 115%\">Publica\u00e7\u00e3o: 04\/03\/2024\nEncerramento: 07\/03\/2024 \u00e0s 18h\n\n<\/pre>\n<p style=\"text-align: center\"><span style=\"color: red\"><strong>ENCERRADO<\/strong><\/span><\/p>\n<p style=\"text-align: justify\">O Governo do Estado de Goi\u00e1s, atrav\u00e9s da Secretaria de Estado da Educa\u00e7\u00e3o, diante da inexist\u00eancia de candidatos habilitados e remanescentes a serem convocados pelo Processo Seletivo Simplificado Edital n\u00ba 008\/2021 \u2013 SEAD e considerando a exist\u00eancia de d\u00e9ficits de professores nas unidades escolares pertencentes ao munic\u00edpio de <b>LUZI\u00c2NIA<\/b>, jurisdicionado \u00e0 Coordena\u00e7\u00e3o Regional de Educa\u00e7\u00e3o (CRE) de <b>LUZI\u00c2NIA<\/b>, informa que est\u00e1 recebendo curr\u00edculos para sele\u00e7\u00e3o e contrata\u00e7\u00e3o tempor\u00e1ria com natureza emergencial para atender aos interesses da Administra\u00e7\u00e3o, para ministrar aulas nas disciplina(s) <b>Hist\u00f3ria e Arte, sendo 32 aulas, a ser lotado no Col\u00e9gio Estadual Alceu de Ara\u00fajo Roriz, nos turno matutino e vespertino.<\/b><\/p>\n<p style=\"text-align: justify\">Os interessados devem encaminhar Curr\u00edculo ao e-mail oficial da Coordena\u00e7\u00e3o Regional de Educa\u00e7\u00e3o de Luzi\u00e2nia (sreluziania@seduc.go.gov.br), contendo os contatos telef\u00f4nicos e endere\u00e7os de e-mail para correspond\u00eancias eletr\u00f4nicas.<\/p>\n<p style=\"text-align: justify\">Oportunamente esclarece, que a Coordena\u00e7\u00e3o Regional de Educa\u00e7\u00e3o de LUZI\u00c2NIA, instituir\u00e1 comiss\u00e3o pr\u00f3pria para as an\u00e1lises curriculares, que ser\u00e1 composta por integrante do Sindicato da categoria e membros da CRE, objetivando assim, a ado\u00e7\u00e3o de medidas e provid\u00eancias pertinentes ao suprimento de todos os d\u00e9ficits de professores existentes na Rede Estadual de Educa\u00e7\u00e3o, que garantam os servi\u00e7os prestados \u00e0 comunidade goiana.<\/p>\n<p style=\"text-align: center\">SEDUC\/GO<\/p>\n<hr \/>\n<h2 align=\"center\"><strong>COMUNICADO<\/strong><\/h2>\n<p align=\"center\"><strong>PARA CONTRATA\u00c7\u00c3O TEMPOR\u00c1RIA<\/strong><\/p>\n<pre class=\"MsoNormal\" style=\"text-align: center;line-height: 115%\">Publica\u00e7\u00e3o: 04\/03\/2024\nEncerramento: 07\/03\/2024 \u00e0s 18h\n\n<\/pre>\n<p style=\"text-align: center\"><span style=\"color: red\"><strong>ENCERRADO<\/strong><\/span><\/p>\n<p style=\"text-align: justify\">O Governo do Estado de Goi\u00e1s, atrav\u00e9s da Secretaria de Estado da Educa\u00e7\u00e3o, diante da inexist\u00eancia de candidatos habilitados e remanescentes a serem convocados pelo Processo Seletivo Simplificado Edital n\u00ba 008\/2021 \u2013 SEAD e considerando a exist\u00eancia de d\u00e9ficits de professores nas unidades escolares pertencentes ao munic\u00edpio de <b>LUZI\u00c2NIA<\/b>, jurisdicionado \u00e0 Coordena\u00e7\u00e3o Regional de Educa\u00e7\u00e3o (CRE) de <b>LUZI\u00c2NIA<\/b>, informa que est\u00e1 recebendo curr\u00edculos para sele\u00e7\u00e3o e contrata\u00e7\u00e3o tempor\u00e1ria com natureza emergencial para atender aos interesses da Administra\u00e7\u00e3o, para ministrar aulas nas disciplina(s) <b>Coordenador Pedag\u00f3gico \u2013 40h, a ser lotado no Col\u00e9gio Estadual Delfino Ocl\u00e9cio Machado nos turnos matutino e vespertino.<\/b><\/p>\n<p style=\"text-align: justify\">Os interessados devem encaminhar Curr\u00edculo ao e-mail oficial da Coordena\u00e7\u00e3o Regional de Educa\u00e7\u00e3o de Luzi\u00e2nia (sreluziania@seduc.go.gov.br), contendo os contatos telef\u00f4nicos e endere\u00e7os de e-mail para correspond\u00eancias eletr\u00f4nicas.<\/p>\n<p style=\"text-align: justify\">Oportunamente esclarece, que a Coordena\u00e7\u00e3o Regional de Educa\u00e7\u00e3o de LUZI\u00c2NIA, instituir\u00e1 comiss\u00e3o pr\u00f3pria para as an\u00e1lises curriculares, que ser\u00e1 composta por integrante do Sindicato da categoria e membros da CRE, objetivando assim, a ado\u00e7\u00e3o de medidas e provid\u00eancias pertinentes ao suprimento de todos os d\u00e9ficits de professores existentes na Rede Estadual de Educa\u00e7\u00e3o, que garantam os servi\u00e7os prestados \u00e0 comunidade goiana.<\/p>\n<p style=\"text-align: center\">SEDUC\/GO<\/p>\n<hr \/>\n<h2 align=\"center\"><strong>COMUNICADO<\/strong><\/h2>\n<p align=\"center\"><strong>PARA CONTRATA\u00c7\u00c3O TEMPOR\u00c1RIA<\/strong><\/p>\n<pre class=\"MsoNormal\" style=\"text-align: center;line-height: 115%\">Publica\u00e7\u00e3o: 04\/03\/2024\nEncerramento: 07\/03\/2024 \u00e0s 18h\n\n<\/pre>\n<p style=\"text-align: center\"><span style=\"color: red\"><strong>ENCERRADO<\/strong><\/span><\/p>\n<p style=\"text-align: justify\">O Governo do Estado de Goi\u00e1s, atrav\u00e9s da Secretaria de Estado da Educa\u00e7\u00e3o, diante da inexist\u00eancia de candidatos habilitados e remanescentes a serem convocados pelo Processo Seletivo Simplificado Edital n\u00ba 008\/2021 \u2013 SEAD e considerando a exist\u00eancia de d\u00e9ficits de professores nas unidades escolares pertencentes ao munic\u00edpio de <b>LUZI\u00c2NIA<\/b>, jurisdicionado \u00e0 Coordena\u00e7\u00e3o Regional de Educa\u00e7\u00e3o (CRE) de <b>LUZI\u00c2NIA<\/b>, informa que est\u00e1 recebendo curr\u00edculos para sele\u00e7\u00e3o e contrata\u00e7\u00e3o tempor\u00e1ria com natureza emergencial para atender aos interesses da Administra\u00e7\u00e3o, para ministrar aulas nas disciplina(s) <b>Hist\u00f3ria, Geografia, Protagonismo Juvenil e Arte, sendo 32 aulas no CEPI \u2013 Francisco Machado de Ara\u00fajo \u2013 Turno Integral, matutino e vespertino.<\/b><\/p>\n<p style=\"text-align: justify\">Os interessados devem encaminhar Curr\u00edculo ao e-mail oficial da Coordena\u00e7\u00e3o Regional de Educa\u00e7\u00e3o de Luzi\u00e2nia (sreluziania@seduc.go.gov.br), contendo os contatos telef\u00f4nicos e endere\u00e7os de e-mail para correspond\u00eancias eletr\u00f4nicas.<\/p>\n<p style=\"text-align: justify\">Oportunamente esclarece, que a Coordena\u00e7\u00e3o Regional de Educa\u00e7\u00e3o de LUZI\u00c2NIA, instituir\u00e1 comiss\u00e3o pr\u00f3pria para as an\u00e1lises curriculares, que ser\u00e1 composta por integrante do Sindicato da categoria e membros da CRE, objetivando assim, a ado\u00e7\u00e3o de medidas e provid\u00eancias pertinentes ao suprimento de todos os d\u00e9ficits de professores existentes na Rede Estadual de Educa\u00e7\u00e3o, que garantam os servi\u00e7os prestados \u00e0 comunidade goiana.<\/p>\n<p style=\"text-align: center\">SEDUC\/GO<\/p>\n<hr \/>\n<h2 align=\"center\"><strong>COMUNICADO<\/strong><\/h2>\n<p align=\"center\"><strong>PARA CONTRATA\u00c7\u00c3O TEMPOR\u00c1RIA<\/strong><\/p>\n<pre class=\"MsoNormal\" style=\"text-align: center;line-height: 115%\">Publica\u00e7\u00e3o: 04\/03\/2024\nEncerramento: 07\/03\/2024 \u00e0s 18h\n\n<\/pre>\n<p style=\"text-align: center\"><span style=\"color: red\"><strong>ENCERRADO<\/strong><\/span><\/p>\n<p style=\"text-align: justify\">O Governo do Estado de Goi\u00e1s, atrav\u00e9s da Secretaria de Estado da Educa\u00e7\u00e3o, diante da inexist\u00eancia de candidatos habilitados e remanescentes a serem convocados pelo Processo Seletivo Simplificado Edital n\u00ba 008\/2021 \u2013 SEAD e considerando a exist\u00eancia de d\u00e9ficits de professores nas unidades escolares pertencentes ao munic\u00edpio de <b>LUZI\u00c2NIA<\/b>, jurisdicionado \u00e0 Coordena\u00e7\u00e3o Regional de Educa\u00e7\u00e3o (CRE) de <b>LUZI\u00c2NIA<\/b>, informa que est\u00e1 recebendo curr\u00edculos para sele\u00e7\u00e3o e contrata\u00e7\u00e3o tempor\u00e1ria com natureza emergencial para atender aos interesses da Administra\u00e7\u00e3o, para ministrar aulas nas disciplina(s) <b>L\u00edngua Portuguesa e L\u00edngua Inglesa, sendo 32 aulas no Col\u00e9gio Estadual Maria Pereira de Vasconcelos nos turnos matutino e vespertino.<\/b><\/p>\n<p style=\"text-align: justify\">Os interessados devem encaminhar Curr\u00edculo ao e-mail oficial da Coordena\u00e7\u00e3o Regional de Educa\u00e7\u00e3o de Luzi\u00e2nia (sreluziania@seduc.go.gov.br), contendo os contatos telef\u00f4nicos e endere\u00e7os de e-mail para correspond\u00eancias eletr\u00f4nicas.<\/p>\n<p style=\"text-align: justify\">Oportunamente esclarece, que a Coordena\u00e7\u00e3o Regional de Educa\u00e7\u00e3o de LUZI\u00c2NIA, instituir\u00e1 comiss\u00e3o pr\u00f3pria para as an\u00e1lises curriculares, que ser\u00e1 composta por integrante do Sindicato da categoria e membros da CRE, objetivando assim, a ado\u00e7\u00e3o de medidas e provid\u00eancias pertinentes ao suprimento de todos os d\u00e9ficits de professores existentes na Rede Estadual de Educa\u00e7\u00e3o, que garantam os servi\u00e7os prestados \u00e0 comunidade goiana.<\/p>\n<p style=\"text-align: center\">SEDUC\/GO<\/p>\n<hr \/>\n<h2 align=\"center\"><strong>COMUNICADO<\/strong><\/h2>\n<p align=\"center\"><strong>PARA CONTRATA\u00c7\u00c3O TEMPOR\u00c1RIA<\/strong><\/p>\n<pre class=\"MsoNormal\" style=\"text-align: center;line-height: 115%\">Publica\u00e7\u00e3o: 04\/03\/2024\nEncerramento: 07\/03\/2024 \u00e0s 18h\n\n<\/pre>\n<p style=\"text-align: center\"><span style=\"color: red\"><strong>ENCERRADO<\/strong><\/span><\/p>\n<p style=\"text-align: justify\">O Governo do Estado de Goi\u00e1s, atrav\u00e9s da Secretaria de Estado da Educa\u00e7\u00e3o, diante da inexist\u00eancia de candidatos habilitados e remanescentes a serem convocados pelo Processo Seletivo Simplificado Edital n\u00ba 008\/2021 \u2013 SEAD e considerando a exist\u00eancia de d\u00e9ficits de professores nas unidades escolares pertencentes ao munic\u00edpio de <b>LUZI\u00c2NIA<\/b>, jurisdicionado \u00e0 Coordena\u00e7\u00e3o Regional de Educa\u00e7\u00e3o (CRE) de <b>LUZI\u00c2NIA<\/b>, informa que est\u00e1 recebendo curr\u00edculos para sele\u00e7\u00e3o e contrata\u00e7\u00e3o tempor\u00e1ria com natureza emergencial para atender aos interesses da Administra\u00e7\u00e3o, para ministrar aulas nas disciplina(s) <b>Professor de Media\u00e7\u00e3o de Tecnologia, Goi\u00e1s \u2013 TEC, 30 horas matutino, no Col\u00e9gio Estadual Conego Ramiro \u2013 Extens\u00e3o que funciona no Escola Municipal Argeu Paim \u2013 Zona Rural.<\/b><\/p>\n<p style=\"text-align: justify\">Os interessados devem encaminhar Curr\u00edculo ao e-mail oficial da Coordena\u00e7\u00e3o Regional de Educa\u00e7\u00e3o de Luzi\u00e2nia (sreluziania@seduc.go.gov.br), contendo os contatos telef\u00f4nicos e endere\u00e7os de e-mail para correspond\u00eancias eletr\u00f4nicas.<\/p>\n<p style=\"text-align: justify\">Oportunamente esclarece, que a Coordena\u00e7\u00e3o Regional de Educa\u00e7\u00e3o de LUZI\u00c2NIA, instituir\u00e1 comiss\u00e3o pr\u00f3pria para as an\u00e1lises curriculares, que ser\u00e1 composta por integrante do Sindicato da categoria e membros da CRE, objetivando assim, a ado\u00e7\u00e3o de medidas e provid\u00eancias pertinentes ao suprimento de todos os d\u00e9ficits de professores existentes na Rede Estadual de Educa\u00e7\u00e3o, que garantam os servi\u00e7os prestados \u00e0 comunidade goiana.<\/p>\n<p style=\"text-align: center\">SEDUC\/GO<\/p>\n<hr \/>\n<h2 align=\"center\"><strong>COMUNICADO<\/strong><\/h2>\n<p align=\"center\"><strong>PARA CONTRATA\u00c7\u00c3O TEMPOR\u00c1RIA<\/strong><\/p>\n<pre class=\"MsoNormal\" style=\"text-align: center;line-height: 115%\">Publica\u00e7\u00e3o: 04\/03\/2024\nEncerramento: 07\/03\/2024 \u00e0s 18h\n\n<\/pre>\n<p style=\"text-align: center\"><span style=\"color: red\"><strong>ENCERRADO<\/strong><\/span><\/p>\n<p style=\"text-align: justify\">O Governo do Estado de Goi\u00e1s, atrav\u00e9s da Secretaria de Estado da Educa\u00e7\u00e3o, diante da inexist\u00eancia de candidatos habilitados e remanescentes a serem convocados pelo Processo Seletivo Simplificado Edital n\u00ba 008\/2021 \u2013 SEAD e considerando a exist\u00eancia de d\u00e9ficits de professores nas unidades escolares pertencentes ao munic\u00edpio de <b>LUZI\u00c2NIA<\/b>, jurisdicionado \u00e0 Coordena\u00e7\u00e3o Regional de Educa\u00e7\u00e3o (CRE) de <b>LUZI\u00c2NIA<\/b>, informa que est\u00e1 recebendo curr\u00edculos para sele\u00e7\u00e3o e contrata\u00e7\u00e3o tempor\u00e1ria com natureza emergencial para atender aos interesses da Administra\u00e7\u00e3o, para ministrar aulas nas disciplina(s) <b>Hist\u00f3ria e Arte, sendo 32 aulas no Col\u00e9gio Estadual no Col\u00e9gio Estadual Epaminondas Roriz nos turnos matutino e vespertino<\/b>.<\/p>\n<p style=\"text-align: justify\">Os interessados devem encaminhar Curr\u00edculo ao e-mail oficial da Coordena\u00e7\u00e3o Regional de Educa\u00e7\u00e3o de Luzi\u00e2nia (sreluziania@seduc.go.gov.br), contendo os contatos telef\u00f4nicos e endere\u00e7os de e-mail para correspond\u00eancias eletr\u00f4nicas.<\/p>\n<p style=\"text-align: justify\">Oportunamente esclarece, que a Coordena\u00e7\u00e3o Regional de Educa\u00e7\u00e3o de LUZI\u00c2NIA, instituir\u00e1 comiss\u00e3o pr\u00f3pria para as an\u00e1lises curriculares, que ser\u00e1 composta por integrante do Sindicato da categoria e membros da CRE, objetivando assim, a ado\u00e7\u00e3o de medidas e provid\u00eancias pertinentes ao suprimento de todos os d\u00e9ficits de professores existentes na Rede Estadual de Educa\u00e7\u00e3o, que garantam os servi\u00e7os prestados \u00e0 comunidade goiana.<\/p>\n<p style=\"text-align: center\">SEDUC\/GO<\/p>\n<hr \/>\n<h2 align=\"center\"><strong>COMUNICADO<\/strong><\/h2>\n<p align=\"center\"><strong>PARA CONTRATA\u00c7\u00c3O TEMPOR\u00c1RIA<\/strong><\/p>\n<pre class=\"MsoNormal\" style=\"text-align: center;line-height: 115%\">Publica\u00e7\u00e3o: 04\/03\/2024\nEncerramento: 07\/03\/2024 \u00e0s 18h\n\n<\/pre>\n<p style=\"text-align: center\"><span style=\"color: red\"><strong>ENCERRADO<\/strong><\/span><\/p>\n<p style=\"text-align: justify\">O Governo do Estado de Goi\u00e1s, atrav\u00e9s da Secretaria de Estado da Educa\u00e7\u00e3o, diante da inexist\u00eancia de candidatos habilitados e remanescentes a serem convocados pelo Processo Seletivo Simplificado Edital n\u00ba 008\/2021 \u2013 SEAD e considerando a exist\u00eancia de d\u00e9ficits de professores nas unidades escolares pertencentes ao munic\u00edpio de <b>LUZI\u00c2NIA<\/b>, jurisdicionado \u00e0 Coordena\u00e7\u00e3o Regional de Educa\u00e7\u00e3o (CRE) de <b>LUZI\u00c2NIA<\/b>, informa que est\u00e1 recebendo curr\u00edculos para sele\u00e7\u00e3o e contrata\u00e7\u00e3o tempor\u00e1ria com natureza emergencial para atender aos interesses da Administra\u00e7\u00e3o, para ministrar aulas nas disciplina(s) Matem\u00e1tica e Estudo Orientado de Matem\u00e1tica, no Col\u00e9gio Estadual Vasco dos Reis Gon\u00e7alves nos turnos, matutino, vespertino e noturno.<\/p>\n<p style=\"text-align: justify\">Os interessados devem encaminhar Curr\u00edculo ao e-mail oficial da Coordena\u00e7\u00e3o Regional de Educa\u00e7\u00e3o de Luzi\u00e2nia (sreluziania@seduc.go.gov.br), contendo os contatos telef\u00f4nicos e endere\u00e7os de e-mail para correspond\u00eancias eletr\u00f4nicas.<\/p>\n<p style=\"text-align: justify\">Oportunamente esclarece, que a Coordena\u00e7\u00e3o Regional de Educa\u00e7\u00e3o de LUZI\u00c2NIA, instituir\u00e1 comiss\u00e3o pr\u00f3pria para as an\u00e1lises curriculares, que ser\u00e1 composta por integrante do Sindicato da categoria e membros da CRE, objetivando assim, a ado\u00e7\u00e3o de medidas e provid\u00eancias pertinentes ao suprimento de todos os d\u00e9ficits de professores existentes na Rede Estadual de Educa\u00e7\u00e3o, que garantam os servi\u00e7os prestados \u00e0 comunidade goiana.<\/p>\n<p style=\"text-align: center\">SEDUC\/GO<\/p>\n<hr \/>\n<h2 align=\"center\"><strong>COMUNICADO<\/strong><\/h2>\n<p align=\"center\"><strong>PARA CONTRATA\u00c7\u00c3O TEMPOR\u00c1RIA<\/strong><\/p>\n<pre class=\"MsoNormal\" style=\"text-align: center;line-height: 115%\">Publica\u00e7\u00e3o: 04\/03\/2024\nEncerramento: 07\/03\/2024 \u00e0s 18h\n\n<\/pre>\n<p style=\"text-align: center\"><span style=\"color: red\"><strong>ENCERRADO<\/strong><\/span><\/p>\n<p style=\"text-align: justify\">O Governo do Estado de Goi\u00e1s, atrav\u00e9s da Secretaria de Estado da Educa\u00e7\u00e3o, diante da inexist\u00eancia de candidatos habilitados e remanescentes a serem convocados pelo Processo Seletivo Simplificado Edital n\u00ba 008\/2021 \u2013 SEAD e considerando a exist\u00eancia de d\u00e9ficits de professores nas unidades escolares pertencentes ao munic\u00edpio de <b>LUZI\u00c2NIA<\/b>, jurisdicionado \u00e0 Coordena\u00e7\u00e3o Regional de Educa\u00e7\u00e3o (CRE) de <b>LUZI\u00c2NIA<\/b>, informa que est\u00e1 recebendo curr\u00edculos para sele\u00e7\u00e3o e contrata\u00e7\u00e3o tempor\u00e1ria com natureza emergencial para atender aos interesses da Administra\u00e7\u00e3o, para ministrar aulas nas disciplina(s) <b>L\u00edngua Portuguesa e Ingl\u00eas<\/b>, sendo 32 aulas no Col\u00e9gio Estadual Ant\u00f4nio Valdir Roriz, nos turnos matutino e vespertino.<\/p>\n<p style=\"text-align: justify\">Os interessados devem encaminhar Curr\u00edculo ao e-mail oficial da Coordena\u00e7\u00e3o Regional de Educa\u00e7\u00e3o de Luzi\u00e2nia (sreluziania@seduc.go.gov.br), contendo os contatos telef\u00f4nicos e endere\u00e7os de e-mail para correspond\u00eancias eletr\u00f4nicas.<\/p>\n<p style=\"text-align: justify\">Oportunamente esclarece, que a Coordena\u00e7\u00e3o Regional de Educa\u00e7\u00e3o de LUZI\u00c2NIA, instituir\u00e1 comiss\u00e3o pr\u00f3pria para as an\u00e1lises curriculares, que ser\u00e1 composta por integrante do Sindicato da categoria e membros da CRE, objetivando assim, a ado\u00e7\u00e3o de medidas e provid\u00eancias pertinentes ao suprimento de todos os d\u00e9ficits de professores existentes na Rede Estadual de Educa\u00e7\u00e3o, que garantam os servi\u00e7os prestados \u00e0 comunidade goiana.<\/p>\n<p style=\"text-align: center\">SEDUC\/GO<\/p>\n<hr \/>\n<h2 align=\"center\"><strong>COMUNICADO<\/strong><\/h2>\n<p align=\"center\"><strong>PARA CONTRATA\u00c7\u00c3O TEMPOR\u00c1RIA<\/strong><\/p>\n<pre class=\"MsoNormal\" style=\"text-align: center;line-height: 115%\">Publica\u00e7\u00e3o: 04\/03\/2024\nEncerramento: 07\/03\/2024 \u00e0s 18h\n\n<\/pre>\n<p style=\"text-align: center\"><span style=\"color: red\"><strong>ENCERRADO<\/strong><\/span><\/p>\n<p style=\"text-align: justify\">O Governo do Estado de Goi\u00e1s, atrav\u00e9s da Secretaria de Estado da Educa\u00e7\u00e3o, diante da inexist\u00eancia de candidatos habilitados e remanescentes a serem convocados pelo Processo Seletivo Simplificado Edital n\u00ba 008\/2021 \u2013 SEAD e considerando a exist\u00eancia de d\u00e9ficits de professores nas unidades escolares pertencentes ao munic\u00edpio de <b>LUZI\u00c2NIA<\/b>, jurisdicionado \u00e0 Coordena\u00e7\u00e3o Regional de Educa\u00e7\u00e3o (CRE) de <b>LUZI\u00c2NIA<\/b>, informa que est\u00e1 recebendo curr\u00edculos para sele\u00e7\u00e3o e contrata\u00e7\u00e3o tempor\u00e1ria com natureza emergencial para atender aos interesses da Administra\u00e7\u00e3o, para ministrar aulas nas disciplina(s) <b>Matem\u00e1tica, sendo 32 aulas, turnos matutino e vespertino, a ser lotado no Col\u00e9gio Estadual Helio Roriz \u2013 Extens\u00e3o do Col\u00e9gio Estadual Vasco dos Reis Gon\u00e7alves.<\/b><\/p>\n<p style=\"text-align: justify\">Os interessados devem encaminhar Curr\u00edculo ao e-mail oficial da Coordena\u00e7\u00e3o Regional de Educa\u00e7\u00e3o de Luzi\u00e2nia (sreluziania@seduc.go.gov.br), contendo os contatos telef\u00f4nicos e endere\u00e7os de e-mail para correspond\u00eancias eletr\u00f4nicas.<\/p>\n<p style=\"text-align: justify\">Oportunamente esclarece, que a Coordena\u00e7\u00e3o Regional de Educa\u00e7\u00e3o de LUZI\u00c2NIA, instituir\u00e1 comiss\u00e3o pr\u00f3pria para as an\u00e1lises curriculares, que ser\u00e1 composta por integrante do Sindicato da categoria e membros da CRE, objetivando assim, a ado\u00e7\u00e3o de medidas e provid\u00eancias pertinentes ao suprimento de todos os d\u00e9ficits de professores existentes na Rede Estadual de Educa\u00e7\u00e3o, que garantam os servi\u00e7os prestados \u00e0 comunidade goiana.<\/p>\n<p style=\"text-align: center\">SEDUC\/GO<\/p>\n<hr \/>\n<h2 align=\"center\"><strong>COMUNICADO<\/strong><\/h2>\n<p align=\"center\"><strong>PARA CONTRATA\u00c7\u00c3O TEMPOR\u00c1RIA<\/strong><\/p>\n<pre class=\"MsoNormal\" style=\"text-align: center;line-height: 115%\">Publica\u00e7\u00e3o: 04\/03\/2024\nEncerramento: 07\/03\/2024 \u00e0s 18h\n\n<\/pre>\n<p style=\"text-align: center\"><span style=\"color: red\"><strong>ENCERRADO<\/strong><\/span><\/p>\n<p style=\"text-align: justify\">O Governo do Estado de Goi\u00e1s, atrav\u00e9s da Secretaria de Estado da Educa\u00e7\u00e3o, diante da inexist\u00eancia de candidatos habilitados e remanescentes a serem convocados pelo Processo Seletivo Simplificado Edital n\u00ba 008\/2021 \u2013 SEAD e considerando a exist\u00eancia de d\u00e9ficits de professores nas unidades escolares pertencentes ao munic\u00edpio de <b>LUZI\u00c2NIA \/<\/b>, jurisdicionado \u00e0 Coordena\u00e7\u00e3o Regional de Educa\u00e7\u00e3o (CRE) de <b>LUZI\u00c2NIA<\/b>, informa que est\u00e1 recebendo curr\u00edculos para sele\u00e7\u00e3o e contrata\u00e7\u00e3o tempor\u00e1ria com natureza emergencial para atender aos interesses da Administra\u00e7\u00e3o, para ministrar aulas nas disciplina(s) <b>L\u00edngua Portuguesa, Estudo Orientado e Arte<\/b>, no CEPI \u2013 Ester da Cunha Peres, nos turnos matutino, vespertino e noturno.<\/p>\n<p style=\"text-align: justify\">Os interessados devem encaminhar Curr\u00edculo ao e-mail oficial da Coordena\u00e7\u00e3o Regional de Educa\u00e7\u00e3o de Luzi\u00e2nia (sreluziania@seduc.go.gov.br), contendo os contatos telef\u00f4nicos e endere\u00e7os de e-mail para correspond\u00eancias eletr\u00f4nicas.<\/p>\n<p style=\"text-align: justify\">Oportunamente esclarece, que a Coordena\u00e7\u00e3o Regional de Educa\u00e7\u00e3o de LUZI\u00c2NIA, instituir\u00e1 comiss\u00e3o pr\u00f3pria para as an\u00e1lises curriculares, que ser\u00e1 composta por integrante do Sindicato da categoria e membros da CRE, objetivando assim, a ado\u00e7\u00e3o de medidas e provid\u00eancias pertinentes ao suprimento de todos os d\u00e9ficits de professores existentes na Rede Estadual de Educa\u00e7\u00e3o, que garantam os servi\u00e7os prestados \u00e0 comunidade goiana.<\/p>\n<p style=\"text-align: center\">SEDUC\/GO<\/p>\n<hr \/>\n<h2 align=\"center\"><strong>COMUNICADO<\/strong><\/h2>\n<p align=\"center\"><strong>PARA CONTRATA\u00c7\u00c3O TEMPOR\u00c1RIA<\/strong><\/p>\n<pre class=\"MsoNormal\" style=\"text-align: center;line-height: 115%\">Publica\u00e7\u00e3o: 28\/02\/2024\nEncerramento: 04\/03\/2024 \u00e0s 18h\n\n<\/pre>\n<p style=\"text-align: center\"><span style=\"color: red\"><strong>ENCERRADO<\/strong><\/span><\/p>\n<p style=\"text-align: justify\">O Governo do Estado de Goi\u00e1s, atrav\u00e9s da Secretaria de Estado da Educa\u00e7\u00e3o, diante da inexist\u00eancia de candidatos habilitados e remanescentes a serem convocados pelo Processo Seletivo Simplificado Edital n\u00ba 008\/2021 \u2013 SEAD e considerando a exist\u00eancia de d\u00e9ficits de professores nas unidades escolares pertencentes ao munic\u00edpio de <b>LUZI\u00c2NIA<\/b>, jurisdicionado \u00e0 Coordena\u00e7\u00e3o Regional de Educa\u00e7\u00e3o (CRE) de <b>LUZI\u00c2NIA<\/b>, informa que est\u00e1 recebendo curr\u00edculos para sele\u00e7\u00e3o e contrata\u00e7\u00e3o tempor\u00e1ria com natureza emergencial para atender aos interesses da Administra\u00e7\u00e3o, para ministrar aulas nas disciplina(s) <b>L\u00edngua Portuguesa e Estudo Orientado, sendo 32 aulas no Col\u00e9gio Estadual Mingone nos turnos matutino e vespertino.<\/b><\/p>\n<p style=\"text-align: justify\">Os interessados devem encaminhar Curr\u00edculo ao e-mail oficial da Coordena\u00e7\u00e3o Regional de Educa\u00e7\u00e3o de Luzi\u00e2nia (sreluziania@seduc.go.gov.br), contendo os contatos telef\u00f4nicos e endere\u00e7os de e-mail para correspond\u00eancias eletr\u00f4nicas.<\/p>\n<p style=\"text-align: justify\">Oportunamente esclarece, que a Coordena\u00e7\u00e3o Regional de Educa\u00e7\u00e3o de LUZI\u00c2NIA, instituir\u00e1 comiss\u00e3o pr\u00f3pria para as an\u00e1lises curriculares, que ser\u00e1 composta por integrante do Sindicato da categoria e membros da CRE, objetivando assim, a ado\u00e7\u00e3o de medidas e provid\u00eancias pertinentes ao suprimento de todos os d\u00e9ficits de professores existentes na Rede Estadual de Educa\u00e7\u00e3o, que garantam os servi\u00e7os prestados \u00e0 comunidade goiana.<\/p>\n<p style=\"text-align: center\">SEDUC\/GO<\/p>\n<hr \/>\n<h3 style=\"text-align: center\"><strong>COMUNICADO<\/strong><\/h3>\n<pre class=\"MsoNormal\" style=\"text-align: center;line-height: 115%\">Publica\u00e7\u00e3o: 08\/02\/2024\nEncerramento: 15\/02\/2024 \u00e0s 18h\n<\/pre>\n<p style=\"text-align: center\"><span style=\"color: red\"><strong>ENCERRADO<\/strong><\/span><\/p>\n<p style=\"text-align: justify\">O Governo do Estado de Goi\u00e1s, atrav\u00e9s da Secretaria de Estado da Educa\u00e7\u00e3o, diante da inexist\u00eancia de candidatos habilitados e remanescentes a serem convocados pelo Processo Seletivo Simplificado Edital n\u00ba 008\/2021 \u2013 SEAD e considerando a exist\u00eancia de d\u00e9ficits de professores nas unidades escolares pertencentes ao munic\u00edpio de <b>LUZI\u00c2NIA<\/b>, jurisdicionado \u00e0 Coordena\u00e7\u00e3o Regional de Educa\u00e7\u00e3o (CRE) de <b>LUZI\u00c2NIA<\/b>, informa que est\u00e1 recebendo curr\u00edculos para sele\u00e7\u00e3o e contrata\u00e7\u00e3o tempor\u00e1ria com natureza emergencial para atender aos interesses da Administra\u00e7\u00e3o, para <b>assumir a fun\u00e7\u00e3o de Professor de Matem\u00e1tica, sendo 32 \u00a0aulas de Matem\u00e1tica, no Col\u00e9gio Estadual Delfino Ocl\u00e9cio Machado, nos turnos matutino e vespertino, para substituir uma licen\u00e7a m\u00e9dica at\u00e9 13\/04\/2024<\/b><\/p>\n<p style=\"text-align: justify\">Os interessados devem encaminhar Curr\u00edculo ao e-mail oficial da Coordena\u00e7\u00e3o Regional de Educa\u00e7\u00e3o de Luzi\u00e2nia (sreluziania@seduc.go.gov.br), contendo os contatos telef\u00f4nicos e endere\u00e7os de e-mail para correspond\u00eancias eletr\u00f4nicas.<\/p>\n<p style=\"text-align: justify\">Oportunamente esclarece, que a Coordena\u00e7\u00e3o Regional de Educa\u00e7\u00e3o de LUZI\u00c2NIA, instituir\u00e1 comiss\u00e3o pr\u00f3pria para as an\u00e1lises curriculares, que ser\u00e1 composta por integrante do Sindicato da categoria e membros da CRE, objetivando assim, a ado\u00e7\u00e3o de medidas e provid\u00eancias pertinentes ao suprimento de todos os d\u00e9ficits de professores existentes na Rede Estadual de Educa\u00e7\u00e3o, que garantam os servi\u00e7os prestados \u00e0 comunidade goiana.<\/p>\n<p style=\"text-align: center\">SEDUC\/GO<\/p>\n<hr \/>\n<h3 style=\"text-align: center\"><strong>COMUNICADO<\/strong><\/h3>\n<pre class=\"MsoNormal\" style=\"text-align: center;line-height: 115%\">Publica\u00e7\u00e3o: 08\/02\/2024\nEncerramento: 15\/02\/2024 \u00e0s 18h\n<\/pre>\n<p style=\"text-align: center\"><span style=\"color: red\"><strong>ENCERRADO<\/strong><\/span><\/p>\n<p style=\"text-align: justify\">O Governo do Estado de Goi\u00e1s, atrav\u00e9s da Secretaria de Estado da Educa\u00e7\u00e3o, diante da inexist\u00eancia de candidatos habilitados e remanescentes a serem convocados pelo Processo Seletivo Simplificado Edital n\u00ba 008\/2021 \u2013 SEAD e considerando a exist\u00eancia de d\u00e9ficits de professores nas unidades escolares pertencentes ao munic\u00edpio de <b>LUZI\u00c2NIA<\/b>, jurisdicionado \u00e0 Coordena\u00e7\u00e3o Regional de Educa\u00e7\u00e3o (CRE) de <b>LUZI\u00c2NIA<\/b>, informa que est\u00e1 recebendo curr\u00edculos para sele\u00e7\u00e3o e contrata\u00e7\u00e3o tempor\u00e1ria com natureza emergencial para atender aos interesses da Administra\u00e7\u00e3o, para <b>assumir a fun\u00e7\u00e3o de Professor de L\u00edngua Portuguesa, sendo 24 \u00a0aulas de L\u00edngua Portuguesa, no CEPMG \u2013 Olga Aguiar Mohn \u2013 Turno matutino, para substituir uma licen\u00e7a maternidade at\u00e9 30\/06\/2024.<\/b><\/p>\n<p style=\"text-align: justify\">Os interessados devem encaminhar Curr\u00edculo ao e-mail oficial da Coordena\u00e7\u00e3o Regional de Educa\u00e7\u00e3o de Luzi\u00e2nia (sreluziania@seduc.go.gov.br), contendo os contatos telef\u00f4nicos e endere\u00e7os de e-mail para correspond\u00eancias eletr\u00f4nicas.<\/p>\n<p style=\"text-align: justify\">Oportunamente esclarece, que a Coordena\u00e7\u00e3o Regional de Educa\u00e7\u00e3o de LUZI\u00c2NIA, instituir\u00e1 comiss\u00e3o pr\u00f3pria para as an\u00e1lises curriculares, que ser\u00e1 composta por integrante do Sindicato da categoria e membros da CRE, objetivando assim, a ado\u00e7\u00e3o de medidas e provid\u00eancias pertinentes ao suprimento de todos os d\u00e9ficits de professores existentes na Rede Estadual de Educa\u00e7\u00e3o, que garantam os servi\u00e7os prestados \u00e0 comunidade goiana.<\/p>\n<p style=\"text-align: center\">SEDUC\/GO<\/p>\n<hr \/>\n<h3 style=\"text-align: center\"><strong>COMUNICADO<\/strong><\/h3>\n<pre class=\"MsoNormal\" style=\"text-align: center;line-height: 115%\">Publica\u00e7\u00e3o: 05\/02\/2024\nEncerramento: 08\/02\/2024 \u00e0s 18h\n<\/pre>\n<p style=\"text-align: center\"><span style=\"color: red\"><strong>ENCERRADO<\/strong><\/span><\/p>\n<p style=\"text-align: justify\">O Governo do Estado de Goi\u00e1s, atrav\u00e9s da Secretaria de Estado da Educa\u00e7\u00e3o, diante da inexist\u00eancia de candidatos habilitados e remanescentes a serem convocados pelo Processo Seletivo Simplificado Edital n\u00ba 008\/2021 \u2013 SEAD e considerando a exist\u00eancia de d\u00e9ficits de professores nas unidades escolares pertencentes ao munic\u00edpio de <b>LUZI\u00c2NIA<\/b>, jurisdicionado \u00e0 Coordena\u00e7\u00e3o Regional de Educa\u00e7\u00e3o (CRE) de <b>LUZI\u00c2NIA<\/b>, informa que est\u00e1 recebendo curr\u00edculos para sele\u00e7\u00e3o e contrata\u00e7\u00e3o tempor\u00e1ria com natureza emergencial para atender aos interesses da Administra\u00e7\u00e3o, para <b>assumir a fun\u00e7\u00e3o de Professor de Hist\u00f3ria, sendo 32 aulas de Hist\u00f3ria, no CEPI \u2013 Zulca Peixoto de Paiva, nos turnos matutino e vespertino (Integral)<\/b>.<\/p>\n<p style=\"text-align: justify\">Os interessados devem encaminhar Curr\u00edculo ao e-mail oficial da Coordena\u00e7\u00e3o Regional de Educa\u00e7\u00e3o de Luzi\u00e2nia (sreluziania@seduc.go.gov.br), contendo os contatos telef\u00f4nicos e endere\u00e7os de e-mail para correspond\u00eancias eletr\u00f4nicas.<\/p>\n<p style=\"text-align: justify\">Oportunamente esclarece, que a Coordena\u00e7\u00e3o Regional de Educa\u00e7\u00e3o de LUZI\u00c2NIA, instituir\u00e1 comiss\u00e3o pr\u00f3pria para as an\u00e1lises curriculares, que ser\u00e1 composta por integrante do Sindicato da categoria e membros da CRE, objetivando assim, a ado\u00e7\u00e3o de medidas e provid\u00eancias pertinentes ao suprimento de todos os d\u00e9ficits de professores existentes na Rede Estadual de Educa\u00e7\u00e3o, que garantam os servi\u00e7os prestados \u00e0 comunidade goiana.<\/p>\n<p style=\"text-align: center\">SEDUC\/GO<\/p>\n<hr \/>\n<h3 style=\"text-align: center\"><strong>COMUNICADO<\/strong><\/h3>\n<pre class=\"MsoNormal\" style=\"text-align: center;line-height: 115%\">Publica\u00e7\u00e3o: 27\/10\/2023\nEncerramento: 01\/11\/2023 \u00e0s 18h<\/pre>\n<h3 align=\"center\"><span style=\"color: red\"><strong>ENCERRADO<\/strong><\/span><\/h3>\n<p style=\"text-align: justify\">O Governo do Estado de Goi\u00e1s, atrav\u00e9s da Secretaria de Estado da Educa\u00e7\u00e3o, diante da inexist\u00eancia de candidatos habilitados e remanescentes a serem convocados pelo Processo Seletivo Simplificado Edital n\u00ba 008\/2021 \u2013 SEAD e considerando a exist\u00eancia de d\u00e9ficits de professores nas unidades escolares pertencentes ao munic\u00edpio de <strong>LUZI\u00c2NIA<\/strong>, jurisdicionado \u00e0 Coordena\u00e7\u00e3o Regional de Educa\u00e7\u00e3o (CRE) de LUZI\u00c2NIA, informa que est\u00e1 recebendo curr\u00edculos para sele\u00e7\u00e3o e contrata\u00e7\u00e3o tempor\u00e1ria com natureza emergencial para atender aos interesses da Administra\u00e7\u00e3o, para assumir a fun\u00e7\u00e3o de Professor de <strong>Hist\u00f3ria <\/strong>\u2013\u00a0 sendo 32 aulas de hist\u00f3ria, filosofia e sociologia, no turno integral,\u00a0 matutino e vespertino no\u00a0 CEPI \u2013 Zulca Peixoto de Paiva \u2013 Situado em Cristalina.<\/p>\n<p style=\"text-align: justify\">Os interessados devem encaminhar Curr\u00edculo ao e-mail oficial da Coordena\u00e7\u00e3o Regional de Educa\u00e7\u00e3o de Luzi\u00e2nia (sreluziania@seduc.go.gov.br), contendo os contatos telef\u00f4nicos e endere\u00e7os de e-mail para correspond\u00eancias eletr\u00f4nicas.<\/p>\n<p style=\"text-align: justify\">Oportunamente esclarece, que a Coordena\u00e7\u00e3o Regional de Educa\u00e7\u00e3o de LUZI\u00c2NIA, instituir\u00e1 comiss\u00e3o pr\u00f3pria para as an\u00e1lises curriculares, que ser\u00e1 composta por integrante do Sindicato da categoria e membros da CRE, objetivando assim, a ado\u00e7\u00e3o de medidas e provid\u00eancias pertinentes ao suprimento de todos os d\u00e9ficits de professores existentes na Rede Estadual de Educa\u00e7\u00e3o, que garantam os servi\u00e7os prestados \u00e0 comunidade goiana.<\/p>\n<p style=\"text-align: center\">SEDUC\/GO<\/p>\n<hr \/>\n<h3 style=\"text-align: center\"><strong>COMUNICADO<\/strong><\/h3>\n<pre class=\"MsoNormal\" style=\"text-align: center;line-height: 115%\">Publica\u00e7\u00e3o: 27\/10\/2023\nEncerramento: 01\/11\/2023 \u00e0s 18h<\/pre>\n<h3 align=\"center\"><span style=\"color: red\"><strong>ENCERRADO<\/strong><\/span><\/h3>\n<p style=\"text-align: justify\">O Governo do Estado de Goi\u00e1s, atrav\u00e9s da Secretaria de Estado da Educa\u00e7\u00e3o, diante da inexist\u00eancia de candidatos habilitados e remanescentes a serem convocados pelo Processo Seletivo Simplificado Edital n\u00ba 008\/2021 \u2013 SEAD e considerando a exist\u00eancia de d\u00e9ficits de professores nas unidades escolares pertencentes ao munic\u00edpio de <strong>LUZI\u00c2NIA<\/strong>, jurisdicionado \u00e0 Coordena\u00e7\u00e3o Regional de Educa\u00e7\u00e3o (CRE) de LUZI\u00c2NIA, informa que est\u00e1 recebendo curr\u00edculos para sele\u00e7\u00e3o e contrata\u00e7\u00e3o tempor\u00e1ria com natureza emergencial para atender aos interesses da Administra\u00e7\u00e3o, para assumir a fun\u00e7\u00e3o de Professor de <strong>Matem\u00e1tica <\/strong>\u2013\u00a0 sendo 32 aulas de matem\u00e1tica, praticas experimentais, estudo orientado e trilha de matem\u00e1tica, no turno integral CEPI \u2013 Ester da Cunha Peres.<\/p>\n<p style=\"text-align: justify\">Os interessados devem encaminhar Curr\u00edculo ao e-mail oficial da Coordena\u00e7\u00e3o Regional de Educa\u00e7\u00e3o de Luzi\u00e2nia (sreluziania@seduc.go.gov.br), contendo os contatos telef\u00f4nicos e endere\u00e7os de e-mail para correspond\u00eancias eletr\u00f4nicas.<\/p>\n<p style=\"text-align: justify\">Oportunamente esclarece, que a Coordena\u00e7\u00e3o Regional de Educa\u00e7\u00e3o de LUZI\u00c2NIA, instituir\u00e1 comiss\u00e3o pr\u00f3pria para as an\u00e1lises curriculares, que ser\u00e1 composta por integrante do Sindicato da categoria e membros da CRE, objetivando assim, a ado\u00e7\u00e3o de medidas e provid\u00eancias pertinentes ao suprimento de todos os d\u00e9ficits de professores existentes na Rede Estadual de Educa\u00e7\u00e3o, que garantam os servi\u00e7os prestados \u00e0 comunidade goiana.<\/p>\n<p style=\"text-align: center\">SEDUC\/GO<\/p>\n<hr \/>\n<h3 style=\"text-align: center\"><strong>COMUNICADO<\/strong><\/h3>\n<pre class=\"MsoNormal\" style=\"text-align: center;line-height: 115%\">Publica\u00e7\u00e3o: 27\/10\/2023\nEncerramento: 01\/11\/2023 \u00e0s 18h<\/pre>\n<h3 align=\"center\"><span style=\"color: red\"><strong>ENCERRADO<\/strong><\/span><\/h3>\n<p style=\"text-align: justify\">O Governo do Estado de Goi\u00e1s, atrav\u00e9s da Secretaria de Estado da Educa\u00e7\u00e3o, diante da inexist\u00eancia de candidatos habilitados e remanescentes a serem convocados pelo Processo Seletivo Simplificado Edital n\u00ba 008\/2021 \u2013 SEAD e considerando a exist\u00eancia de d\u00e9ficits de professores nas unidades escolares pertencentes ao munic\u00edpio de <strong>LUZI\u00c2NIA<\/strong>, jurisdicionado \u00e0 Coordena\u00e7\u00e3o Regional de Educa\u00e7\u00e3o (CRE) de LUZI\u00c2NIA, informa que est\u00e1 recebendo curr\u00edculos para sele\u00e7\u00e3o e contrata\u00e7\u00e3o tempor\u00e1ria com natureza emergencial para atender aos interesses da Administra\u00e7\u00e3o, para assumir a fun\u00e7\u00e3o de Professor de <strong>Hist\u00f3ria <\/strong>\u2013\u00a0 sendo 32 aulas de hist\u00f3ria, filosofia e sociologia, no turno integral,\u00a0 matutino e vespertino no\u00a0 C.E. Adelvina Flores Ribeiro \u2013 Situado em Cristalina.<\/p>\n<p style=\"text-align: justify\">Os interessados devem encaminhar Curr\u00edculo ao e-mail oficial da Coordena\u00e7\u00e3o Regional de Educa\u00e7\u00e3o de Luzi\u00e2nia (sreluziania@seduc.go.gov.br), contendo os contatos telef\u00f4nicos e endere\u00e7os de e-mail para correspond\u00eancias eletr\u00f4nicas.<\/p>\n<p style=\"text-align: justify\">Oportunamente esclarece, que a Coordena\u00e7\u00e3o Regional de Educa\u00e7\u00e3o de LUZI\u00c2NIA, instituir\u00e1 comiss\u00e3o pr\u00f3pria para as an\u00e1lises curriculares, que ser\u00e1 composta por integrante do Sindicato da categoria e membros da CRE, objetivando assim, a ado\u00e7\u00e3o de medidas e provid\u00eancias pertinentes ao suprimento de todos os d\u00e9ficits de professores existentes na Rede Estadual de Educa\u00e7\u00e3o, que garantam os servi\u00e7os prestados \u00e0 comunidade goiana.<\/p>\n<p style=\"text-align: center\">SEDUC\/GO<\/p>\n<hr \/>\n<h3 style=\"text-align: center\"><strong>COMUNICADO<\/strong><\/h3>\n<pre class=\"MsoNormal\" style=\"text-align: center;line-height: 115%\">Publica\u00e7\u00e3o: 05\/10\/2023\nEncerramento: 11\/10\/2023 \u00e0s 18h<\/pre>\n<h3 align=\"center\"><span style=\"color: red\"><strong>ENCERRADO<\/strong><\/span><\/h3>\n<p style=\"text-align: justify\">O Governo do Estado de Goi\u00e1s, atrav\u00e9s da Secretaria de Estado da Educa\u00e7\u00e3o, diante da inexist\u00eancia de candidatos habilitados e remanescentes a serem convocados pelo Processo Seletivo Simplificado Edital n\u00ba 008\/2021 \u2013 SEAD e considerando a exist\u00eancia de d\u00e9ficits de professores nas unidades escolares pertencentes ao munic\u00edpio de <strong>LUZI\u00c2NIA<\/strong>, jurisdicionado \u00e0 Coordena\u00e7\u00e3o Regional de Educa\u00e7\u00e3o (CRE) de LUZI\u00c2NIA, informa que est\u00e1 recebendo curr\u00edculos para sele\u00e7\u00e3o e contrata\u00e7\u00e3o tempor\u00e1ria com natureza emergencial para atender aos interesses da Administra\u00e7\u00e3o, para assumir a fun\u00e7\u00e3o de Professor de <strong>L\u00edngua Portuguesa<\/strong>, sendo 32 aulas de Hist\u00f3ria,\u00a0 nos turnos matutino e vespertino, no Col\u00e9gio Estadual Adelvina Flores Ribeiro \u2013 Unidade Escolar situada em Cristalina \u2013 Goi\u00e1s.<\/p>\n<p style=\"text-align: justify\">Os interessados devem encaminhar Curr\u00edculo ao e-mail oficial da Coordena\u00e7\u00e3o Regional de Educa\u00e7\u00e3o de Luzi\u00e2nia (sreluziania@seduc.go.gov.br), contendo os contatos telef\u00f4nicos e endere\u00e7os de e-mail para correspond\u00eancias eletr\u00f4nicas.<\/p>\n<p style=\"text-align: justify\">Oportunamente esclarece, que a Coordena\u00e7\u00e3o Regional de Educa\u00e7\u00e3o de LUZI\u00c2NIA, instituir\u00e1 comiss\u00e3o pr\u00f3pria para as an\u00e1lises curriculares, que ser\u00e1 composta por integrante do Sindicato da categoria e membros da CRE, objetivando assim, a ado\u00e7\u00e3o de medidas e provid\u00eancias pertinentes ao suprimento de todos os d\u00e9ficits de professores existentes na Rede Estadual de Educa\u00e7\u00e3o, que garantam os servi\u00e7os prestados \u00e0 comunidade goiana.<\/p>\n<p style=\"text-align: center\">SEDUC\/GO<\/p>\n<hr \/>\n<h3 align=\"center\"><strong>COMUNICADO<\/strong><\/h3>\n<pre style=\"text-align: center\">Publica\u00e7\u00e3o: 03\/10\/2023\nEncerramento: 06\/10\/2023 \u00e0s 18h<\/pre>\n<h3 align=\"center\"><span style=\"color: red\"><strong>ENCERRADO<\/strong><\/span><\/h3>\n<p style=\"text-align: justify\">O Governo do Estado de Goi\u00e1s, atrav\u00e9s da Secretaria de Estado da Educa\u00e7\u00e3o, diante da inexist\u00eancia de candidatos habilitados e remanescentes a serem convocados pelo Processo Seletivo Simplificado Edital n\u00ba 008\/2021 \u2013 SEAD e considerando a exist\u00eancia de d\u00e9ficits de professores nas unidades escolares pertencentes ao munic\u00edpio de <strong>LUZI\u00c2NIA<\/strong>, jurisdicionado \u00e0 Coordena\u00e7\u00e3o Regional de Educa\u00e7\u00e3o (CRE) de <strong>LUZI\u00c2NIA<\/strong>, informa que est\u00e1 recebendo curr\u00edculos para sele\u00e7\u00e3o e contrata\u00e7\u00e3o tempor\u00e1ria com natureza emergencial para atender aos interesses da Administra\u00e7\u00e3o, para <strong>assumir a fun\u00e7\u00e3o de Professor de Hist\u00f3ria, sendo 32 aulas de Hist\u00f3ria, Geografia e T\u00f3picos de Ci\u00eancias Humanas, \u00a0nos turno matutino e vespertino, no CPMG \u2013 Olga Aguiar Mohn \u2013 Unidade Escolar situada em Cristalina \u2013 Goi\u00e1s.<\/strong><\/p>\n<p style=\"text-align: justify\">Os interessados devem encaminhar Curr\u00edculo ao e-mail oficial da Coordena\u00e7\u00e3o Regional de Educa\u00e7\u00e3o de Luzi\u00e2nia (sreluziania@seduc.go.gov.br), contendo os contatos telef\u00f4nicos e endere\u00e7os de e-mail para correspond\u00eancias eletr\u00f4nicas.<\/p>\n<p style=\"text-align: justify\">Oportunamente esclarece, que a Coordena\u00e7\u00e3o Regional de Educa\u00e7\u00e3o de <strong>LUZI\u00c2NIA<\/strong>, instituir\u00e1 comiss\u00e3o pr\u00f3pria para as an\u00e1lises curriculares, que ser\u00e1 composta por integrante do Sindicato da categoria e membros da CRE, objetivando assim, a ado\u00e7\u00e3o de medidas e provid\u00eancias pertinentes ao suprimento de todos os d\u00e9ficits de professores existentes na Rede Estadual de Educa\u00e7\u00e3o, que garantam os servi\u00e7os prestados \u00e0 comunidade goiana.<\/p>\n<p align=\"center\">SEDUC\/GO<\/p>\n<hr \/>\n<h3 align=\"center\"><strong>COMUNICADO<\/strong><\/h3>\n<pre style=\"text-align: center\">Publica\u00e7\u00e3o: 03\/10\/2023\nEncerramento: 06\/10\/2023 \u00e0s 18h<\/pre>\n<h3 align=\"center\"><span style=\"color: red\"><strong>ENCERRADO<\/strong><\/span><\/h3>\n<p style=\"text-align: justify\">O Governo do Estado de Goi\u00e1s, atrav\u00e9s da Secretaria de Estado da Educa\u00e7\u00e3o, diante da inexist\u00eancia de candidatos habilitados e remanescentes a serem convocados pelo Processo Seletivo Simplificado Edital n\u00ba 008\/2021 \u2013 SEAD e considerando a exist\u00eancia de d\u00e9ficits de professores nas unidades escolares pertencentes ao munic\u00edpio de <strong>LUZI\u00c2NIA<\/strong>, jurisdicionado \u00e0 Coordena\u00e7\u00e3o Regional de Educa\u00e7\u00e3o (CRE) de <strong>LUZI\u00c2NIA<\/strong>, informa que est\u00e1 recebendo curr\u00edculos para sele\u00e7\u00e3o e contrata\u00e7\u00e3o tempor\u00e1ria com natureza emergencial para atender aos interesses da Administra\u00e7\u00e3o, para <strong>assumir a fun\u00e7\u00e3o de Professor de Hist\u00f3ria, sendo 32 aulas de Hist\u00f3ria e Ensino Religioso, \u00a0nos turnos matutino e vespertino, no Col\u00e9gio Estadual Alceu de Ara\u00fajo Roriz \u2013 Unidade Escolar situada em Luzi\u00e2nia.<\/strong><\/p>\n<p style=\"text-align: justify\">Os interessados devem encaminhar Curr\u00edculo ao e-mail oficial da Coordena\u00e7\u00e3o Regional de Educa\u00e7\u00e3o de Luzi\u00e2nia (sreluziania@seduc.go.gov.br), contendo os contatos telef\u00f4nicos e endere\u00e7os de e-mail para correspond\u00eancias eletr\u00f4nicas.<\/p>\n<p style=\"text-align: justify\">Oportunamente esclarece, que a Coordena\u00e7\u00e3o Regional de Educa\u00e7\u00e3o de <strong>LUZI\u00c2NIA<\/strong>, instituir\u00e1 comiss\u00e3o pr\u00f3pria para as an\u00e1lises curriculares, que ser\u00e1 composta por integrante do Sindicato da categoria e membros da CRE, objetivando assim, a ado\u00e7\u00e3o de medidas e provid\u00eancias pertinentes ao suprimento de todos os d\u00e9ficits de professores existentes na Rede Estadual de Educa\u00e7\u00e3o, que garantam os servi\u00e7os prestados \u00e0 comunidade goiana.<\/p>\n<p align=\"center\">SEDUC\/GO<\/p>\n<hr \/>\n<h3 align=\"center\"><strong>COMUNICADO<\/strong><\/h3>\n<pre style=\"text-align: center\">Publica\u00e7\u00e3o: 03\/10\/2023\nEncerramento: 06\/10\/2023 \u00e0s 18h<\/pre>\n<h3 align=\"center\"><span style=\"color: red\"><strong>ENCERRADO<\/strong><\/span><\/h3>\n<p style=\"text-align: justify\">O Governo do Estado de Goi\u00e1s, atrav\u00e9s da Secretaria de Estado da Educa\u00e7\u00e3o, diante da inexist\u00eancia de candidatos habilitados e remanescentes a serem convocados pelo Processo Seletivo Simplificado Edital n\u00ba 008\/2021 \u2013 SEAD e considerando a exist\u00eancia de d\u00e9ficits de professores nas unidades escolares pertencentes ao munic\u00edpio de <strong>LUZI\u00c2NIA<\/strong>, jurisdicionado \u00e0 Coordena\u00e7\u00e3o Regional de Educa\u00e7\u00e3o (CRE) de <strong>LUZI\u00c2NIA<\/strong>, informa que est\u00e1 recebendo curr\u00edculos para sele\u00e7\u00e3o e contrata\u00e7\u00e3o tempor\u00e1ria com natureza emergencial para atender aos interesses da Administra\u00e7\u00e3o, para <strong>assumir a fun\u00e7\u00e3o de Professor de L\u00edngua Portuguesa, sendo 24 aulas de L\u00edngua Portuguesa e Reda\u00e7\u00e3o no turno vespertino, no Col\u00e9gio Estadual Adelvina Flores Ribeiro \u2013 Unidade Escolar situada em Cristalina \u2013 Goi\u00e1s.<\/strong><\/p>\n<p style=\"text-align: justify\">Os interessados devem encaminhar Curr\u00edculo ao e-mail oficial da Coordena\u00e7\u00e3o Regional de Educa\u00e7\u00e3o de Luzi\u00e2nia (sreluziania@seduc.go.gov.br), contendo os contatos telef\u00f4nicos e endere\u00e7os de e-mail para correspond\u00eancias eletr\u00f4nicas.<\/p>\n<p style=\"text-align: justify\">Oportunamente esclarece, que a Coordena\u00e7\u00e3o Regional de Educa\u00e7\u00e3o de <strong>LUZI\u00c2NIA<\/strong>, instituir\u00e1 comiss\u00e3o pr\u00f3pria para as an\u00e1lises curriculares, que ser\u00e1 composta por integrante do Sindicato da categoria e membros da CRE, objetivando assim, a ado\u00e7\u00e3o de medidas e provid\u00eancias pertinentes ao suprimento de todos os d\u00e9ficits de professores existentes na Rede Estadual de Educa\u00e7\u00e3o, que garantam os servi\u00e7os prestados \u00e0 comunidade goiana.<\/p>\n<p align=\"center\">SEDUC\/GO<\/p>\n<hr \/>\n<h3 align=\"center\"><strong>COMUNICADO<\/strong><\/h3>\n<pre style=\"text-align: center\">Publica\u00e7\u00e3o: 29\/09\/2023\nEncerramento: 04\/10\/2023 \u00e0s 18h<\/pre>\n<h3 align=\"center\"><span style=\"color: red\"><strong>ENCERRADO<\/strong><\/span><\/h3>\n<p style=\"text-align: justify\">O Governo do Estado de Goi\u00e1s, atrav\u00e9s da Secretaria de Estado da Educa\u00e7\u00e3o, diante da inexist\u00eancia de candidatos habilitados e remanescentes a serem convocados pelo Processo Seletivo Simplificado Edital n\u00ba 008\/2021 \u2013 SEAD e considerando a exist\u00eancia de d\u00e9ficits de professores nas unidades escolares pertencentes ao munic\u00edpio de <strong>LUZI\u00c2NIA<\/strong>, jurisdicionado \u00e0 Coordena\u00e7\u00e3o Regional de Educa\u00e7\u00e3o (CRE) de <strong>LUZI\u00c2NIA<\/strong>, informa que est\u00e1 recebendo curr\u00edculos para sele\u00e7\u00e3o e contrata\u00e7\u00e3o tempor\u00e1ria com natureza emergencial para atender aos interesses da Administra\u00e7\u00e3o, para <strong>assumir a fun\u00e7\u00e3o de \u00a0Professor de L\u00edngua Portuguesa e Ingl\u00eas, \u00a0sendo 32 aulas de L\u00edngua Portuguesa, Ingl\u00eas, Civismo e Cidadania, nos turnos matutino e vespertino, no CPMG \u2013 Olga Aguiar Mohn, situado em Critalina.<\/strong><\/p>\n<p style=\"text-align: justify\">Os interessados devem encaminhar Curr\u00edculo ao e-mail oficial da Coordena\u00e7\u00e3o Regional de Educa\u00e7\u00e3o de Luzi\u00e2nia (sreluziania@seduc.go.gov.br), contendo os contatos telef\u00f4nicos e endere\u00e7os de e-mail para correspond\u00eancias eletr\u00f4nicas.<\/p>\n<p style=\"text-align: justify\">Oportunamente esclarece, que a Coordena\u00e7\u00e3o Regional de Educa\u00e7\u00e3o de <strong>LUZI\u00c2NIA<\/strong>, instituir\u00e1 comiss\u00e3o pr\u00f3pria para as an\u00e1lises curriculares, que ser\u00e1 composta por integrante do Sindicato da categoria e membros da CRE, objetivando assim, a ado\u00e7\u00e3o de medidas e provid\u00eancias pertinentes ao suprimento de todos os d\u00e9ficits de professores existentes na Rede Estadual de Educa\u00e7\u00e3o, que garantam os servi\u00e7os prestados \u00e0 comunidade goiana.<\/p>\n<p align=\"center\">SEDUC\/GO<\/p>\n<hr \/>\n<h3 align=\"center\"><strong>COMUNICADO<\/strong><\/h3>\n<pre style=\"text-align: center\">Publica\u00e7\u00e3o: 29\/09\/2023\nEncerramento: 04\/10\/2023 \u00e0s 18h<\/pre>\n<h3 align=\"center\"><span style=\"color: red\"><strong>ENCERRADO<\/strong><\/span><\/h3>\n<p style=\"text-align: justify\">O Governo do Estado de Goi\u00e1s, atrav\u00e9s da Secretaria de Estado da Educa\u00e7\u00e3o, diante da inexist\u00eancia de candidatos habilitados e remanescentes a serem convocados pelo Processo Seletivo Simplificado Edital n\u00ba 008\/2021 \u2013 SEAD e considerando a exist\u00eancia de d\u00e9ficits de professores nas unidades escolares pertencentes ao munic\u00edpio de <strong>LUZI\u00c2NIA<\/strong>, jurisdicionado \u00e0 Coordena\u00e7\u00e3o Regional de Educa\u00e7\u00e3o (CRE) de <strong>LUZI\u00c2NIA<\/strong>, informa que est\u00e1 recebendo curr\u00edculos para sele\u00e7\u00e3o e contrata\u00e7\u00e3o tempor\u00e1ria com natureza emergencial para atender aos interesses da Administra\u00e7\u00e3o, para <strong>assumir a fun\u00e7\u00e3o de Coordenador Pedag\u00f3gico \u2013 40 horas \u2013\u00a0 nos turnos matutino e vespertino no\u00a0 CPMG \u2013 Ely da Silva Braz \u2013 Situado em Luzi\u00e2nia.<\/strong><\/p>\n<p style=\"text-align: justify\">Os interessados devem encaminhar Curr\u00edculo ao e-mail oficial da Coordena\u00e7\u00e3o Regional de Educa\u00e7\u00e3o de Luzi\u00e2nia (sreluziania@seduc.go.gov.br), contendo os contatos telef\u00f4nicos e endere\u00e7os de e-mail para correspond\u00eancias eletr\u00f4nicas.<\/p>\n<p style=\"text-align: justify\">Oportunamente esclarece, que a Coordena\u00e7\u00e3o Regional de Educa\u00e7\u00e3o de <strong>LUZI\u00c2NIA<\/strong>, instituir\u00e1 comiss\u00e3o pr\u00f3pria para as an\u00e1lises curriculares, que ser\u00e1 composta por integrante do Sindicato da categoria e membros da CRE, objetivando assim, a ado\u00e7\u00e3o de medidas e provid\u00eancias pertinentes ao suprimento de todos os d\u00e9ficits de professores existentes na Rede Estadual de Educa\u00e7\u00e3o, que garantam os servi\u00e7os prestados \u00e0 comunidade goiana.<\/p>\n<p align=\"center\">SEDUC\/GO<\/p>\n<hr \/>\n<h3 align=\"center\"><strong>COMUNICADO<\/strong><\/h3>\n<pre style=\"text-align: center\">Publica\u00e7\u00e3o: 29\/09\/2023\nEncerramento: 04\/10\/2023 \u00e0s 18h<\/pre>\n<h3 align=\"center\"><span style=\"color: red\"><strong>ENCERRADO<\/strong><\/span><\/h3>\n<p style=\"text-align: justify\">O Governo do Estado de Goi\u00e1s, atrav\u00e9s da Secretaria de Estado da Educa\u00e7\u00e3o, diante da inexist\u00eancia de candidatos habilitados e remanescentes a serem convocados pelo Processo Seletivo Simplificado Edital n\u00ba 008\/2021 \u2013 SEAD e considerando a exist\u00eancia de d\u00e9ficits de professores nas unidades escolares pertencentes ao munic\u00edpio de <strong>LUZI\u00c2NIA<\/strong>, jurisdicionado \u00e0 Coordena\u00e7\u00e3o Regional de Educa\u00e7\u00e3o (CRE) de <strong>LUZI\u00c2NIA<\/strong>, informa que est\u00e1 recebendo curr\u00edculos para sele\u00e7\u00e3o e contrata\u00e7\u00e3o tempor\u00e1ria com natureza emergencial para atender aos interesses da Administra\u00e7\u00e3o, para <strong>assumir a fun\u00e7\u00e3o de Coordenador Pedag\u00f3gico \u2013 40 horas \u2013 \u00a0Integral &#8211; \u00a0nos turnos Matutino e Vespertino, \u00a0no\u00a0 CEPI \u2013 H\u00e9lio Rodrigues de Queiroz \u2013 situado em Luzi\u00e2nia.<\/strong><\/p>\n<p style=\"text-align: justify\">Os interessados devem encaminhar Curr\u00edculo ao e-mail oficial da Coordena\u00e7\u00e3o Regional de Educa\u00e7\u00e3o de Luzi\u00e2nia (sreluziania@seduc.go.gov.br), contendo os contatos telef\u00f4nicos e endere\u00e7os de e-mail para correspond\u00eancias eletr\u00f4nicas.<\/p>\n<p style=\"text-align: justify\">Oportunamente esclarece, que a Coordena\u00e7\u00e3o Regional de Educa\u00e7\u00e3o de <strong>LUZI\u00c2NIA<\/strong>, instituir\u00e1 comiss\u00e3o pr\u00f3pria para as an\u00e1lises curriculares, que ser\u00e1 composta por integrante do Sindicato da categoria e membros da CRE, objetivando assim, a ado\u00e7\u00e3o de medidas e provid\u00eancias pertinentes ao suprimento de todos os d\u00e9ficits de professores existentes na Rede Estadual de Educa\u00e7\u00e3o, que garantam os servi\u00e7os prestados \u00e0 comunidade goiana.<\/p>\n<p align=\"center\">SEDUC\/GO<\/p>\n<hr \/>\n<h3 align=\"center\"><strong>COMUNICADO<\/strong><\/h3>\n<pre style=\"text-align: center\">Publica\u00e7\u00e3o: 29\/09\/2023\nEncerramento: 04\/10\/2023 \u00e0s 18h<\/pre>\n<h3 align=\"center\"><span style=\"color: red\"><strong>ENCERRADO<\/strong><\/span><\/h3>\n<p style=\"text-align: justify\">O Governo do Estado de Goi\u00e1s, atrav\u00e9s da Secretaria de Estado da Educa\u00e7\u00e3o, diante da inexist\u00eancia de candidatos habilitados e remanescentes a serem convocados pelo Processo Seletivo Simplificado Edital n\u00ba 008\/2021 \u2013 SEAD e considerando a exist\u00eancia de d\u00e9ficits de professores nas unidades escolares pertencentes ao munic\u00edpio de <strong>LUZI\u00c2NIA<\/strong>, jurisdicionado \u00e0 Coordena\u00e7\u00e3o Regional de Educa\u00e7\u00e3o (CRE) de <strong>LUZI\u00c2NIA<\/strong>, informa que est\u00e1 recebendo curr\u00edculos para sele\u00e7\u00e3o e contrata\u00e7\u00e3o tempor\u00e1ria com natureza emergencial para atender aos interesses da Administra\u00e7\u00e3o, para <strong>assumir a fun\u00e7\u00e3o de Coordenador Pedag\u00f3gico \u2013 40 horas \u2013\u00a0 nos turnos matutino e vespertino no\u00a0 Col\u00e9gio Estadual Valderi Santos \u2013 situado na Zona Rural de Luzi\u00e2nia (Samambaia).<\/strong><\/p>\n<p style=\"text-align: justify\">Os interessados devem encaminhar Curr\u00edculo ao e-mail oficial da Coordena\u00e7\u00e3o Regional de Educa\u00e7\u00e3o de Luzi\u00e2nia (sreluziania@seduc.go.gov.br), contendo os contatos telef\u00f4nicos e endere\u00e7os de e-mail para correspond\u00eancias eletr\u00f4nicas.<\/p>\n<p style=\"text-align: justify\">Oportunamente esclarece, que a Coordena\u00e7\u00e3o Regional de Educa\u00e7\u00e3o de <strong>LUZI\u00c2NIA<\/strong>, instituir\u00e1 comiss\u00e3o pr\u00f3pria para as an\u00e1lises curriculares, que ser\u00e1 composta por integrante do Sindicato da categoria e membros da CRE, objetivando assim, a ado\u00e7\u00e3o de medidas e provid\u00eancias pertinentes ao suprimento de todos os d\u00e9ficits de professores existentes na Rede Estadual de Educa\u00e7\u00e3o, que garantam os servi\u00e7os prestados \u00e0 comunidade goiana.<\/p>\n<p align=\"center\">SEDUC\/GO<\/p>\n<hr \/>\n<h3 align=\"center\"><strong>COMUNICADO<\/strong><\/h3>\n<pre style=\"text-align: center\">Publica\u00e7\u00e3o: 29\/09\/2023\nEncerramento: 04\/10\/2023 \u00e0s 18h<\/pre>\n<h3 align=\"center\"><span style=\"color: red\"><strong>ENCERRADO<\/strong><\/span><\/h3>\n<p style=\"text-align: justify\">O Governo do Estado de Goi\u00e1s, atrav\u00e9s da Secretaria de Estado da Educa\u00e7\u00e3o, diante da inexist\u00eancia de candidatos habilitados e remanescentes a serem convocados pelo Processo Seletivo Simplificado Edital n\u00ba 008\/2021 \u2013 SEAD e considerando a exist\u00eancia de d\u00e9ficits de professores nas unidades escolares pertencentes ao munic\u00edpio de <strong>LUZI\u00c2NIA<\/strong>, jurisdicionado \u00e0 Coordena\u00e7\u00e3o Regional de Educa\u00e7\u00e3o (CRE) de <strong>LUZI\u00c2NIA<\/strong>, informa que est\u00e1 recebendo curr\u00edculos para sele\u00e7\u00e3o e contrata\u00e7\u00e3o tempor\u00e1ria com natureza emergencial para atender aos interesses da Administra\u00e7\u00e3o, para <strong>assumir a fun\u00e7\u00e3o de Professor de L\u00edngua Portuguesa, sendo 30 aulas, nos turnos matutino e noturno, no Col\u00e9gio Estadual Padre Dario Romedis.<\/strong><\/p>\n<p style=\"text-align: justify\">Os interessados devem encaminhar Curr\u00edculo ao e-mail oficial da Coordena\u00e7\u00e3o Regional de Educa\u00e7\u00e3o de Luzi\u00e2nia (sreluziania@seduc.go.gov.br), contendo os contatos telef\u00f4nicos e endere\u00e7os de e-mail para correspond\u00eancias eletr\u00f4nicas.<\/p>\n<p style=\"text-align: justify\">Oportunamente esclarece, que a Coordena\u00e7\u00e3o Regional de Educa\u00e7\u00e3o de <strong>LUZI\u00c2NIA<\/strong>, instituir\u00e1 comiss\u00e3o pr\u00f3pria para as an\u00e1lises curriculares, que ser\u00e1 composta por integrante do Sindicato da categoria e membros da CRE, objetivando assim, a ado\u00e7\u00e3o de medidas e provid\u00eancias pertinentes ao suprimento de todos os d\u00e9ficits de professores existentes na Rede Estadual de Educa\u00e7\u00e3o, que garantam os servi\u00e7os prestados \u00e0 comunidade goiana.<\/p>\n<p align=\"center\">SEDUC\/GO<\/p>\n<hr \/>\n<h3 align=\"center\"><strong>COMUNICADO<\/strong><\/h3>\n<pre style=\"text-align: center\">Publica\u00e7\u00e3o: 29\/09\/2023\nEncerramento: 04\/10\/2023 \u00e0s 18h<\/pre>\n<h3 align=\"center\"><span style=\"color: red\"><strong>ENCERRADO<\/strong><\/span><\/h3>\n<p style=\"text-align: justify\">O Governo do Estado de Goi\u00e1s, atrav\u00e9s da Secretaria de Estado da Educa\u00e7\u00e3o, diante da inexist\u00eancia de candidatos habilitados e remanescentes a serem convocados pelo Processo Seletivo Simplificado Edital n\u00ba 008\/2021 \u2013 SEAD e considerando a exist\u00eancia de d\u00e9ficits de professores nas unidades escolares pertencentes ao munic\u00edpio de <strong>LUZI\u00c2NIA<\/strong>, jurisdicionado \u00e0 Coordena\u00e7\u00e3o Regional de Educa\u00e7\u00e3o (CRE) de <strong>LUZI\u00c2NIA<\/strong>, informa que est\u00e1 recebendo curr\u00edculos para sele\u00e7\u00e3o e contrata\u00e7\u00e3o tempor\u00e1ria com natureza emergencial para atender aos interesses da Administra\u00e7\u00e3o, para <strong>assumir a fun\u00e7\u00e3o de Coordenador Pedag\u00f3gico \u2013 40 horas \u2013\u00a0 nos turnos matutino e vespertino no\u00a0 Col\u00e9gio Estadual Nair Tiecher \u2013 situado na Zona Rural de Luziania.<\/strong><\/p>\n<p style=\"text-align: justify\">Os interessados devem encaminhar Curr\u00edculo ao e-mail oficial da Coordena\u00e7\u00e3o Regional de Educa\u00e7\u00e3o de Luzi\u00e2nia (sreluziania@seduc.go.gov.br), contendo os contatos telef\u00f4nicos e endere\u00e7os de e-mail para correspond\u00eancias eletr\u00f4nicas.<\/p>\n<p style=\"text-align: justify\">Oportunamente esclarece, que a Coordena\u00e7\u00e3o Regional de Educa\u00e7\u00e3o de <strong>LUZI\u00c2NIA<\/strong>, instituir\u00e1 comiss\u00e3o pr\u00f3pria para as an\u00e1lises curriculares, que ser\u00e1 composta por integrante do Sindicato da categoria e membros da CRE, objetivando assim, a ado\u00e7\u00e3o de medidas e provid\u00eancias pertinentes ao suprimento de todos os d\u00e9ficits de professores existentes na Rede Estadual de Educa\u00e7\u00e3o, que garantam os servi\u00e7os prestados \u00e0 comunidade goiana.<\/p>\n<p align=\"center\">SEDUC\/GO<\/p>\n<hr \/>\n<h3 align=\"center\"><strong>COMUNICADO<\/strong><\/h3>\n<pre style=\"text-align: center\">Publica\u00e7\u00e3o: 29\/09\/2023\nEncerramento: 04\/10\/2023 \u00e0s 18h<\/pre>\n<h3 align=\"center\"><span style=\"color: red\"><strong>ENCERRADO<\/strong><\/span><\/h3>\n<p style=\"text-align: justify\">O Governo do Estado de Goi\u00e1s, atrav\u00e9s da Secretaria de Estado da Educa\u00e7\u00e3o, diante da inexist\u00eancia de candidatos habilitados e remanescentes a serem convocados pelo Processo Seletivo Simplificado Edital n\u00ba 008\/2021 \u2013 SEAD e considerando a exist\u00eancia de d\u00e9ficits de professores nas unidades escolares pertencentes ao munic\u00edpio de <strong>LUZI\u00c2NIA<\/strong>, jurisdicionado \u00e0 Coordena\u00e7\u00e3o Regional de Educa\u00e7\u00e3o (CRE) de <strong>LUZI\u00c2NIA<\/strong>, informa que est\u00e1 recebendo curr\u00edculos para sele\u00e7\u00e3o e contrata\u00e7\u00e3o tempor\u00e1ria com natureza emergencial para atender aos interesses da Administra\u00e7\u00e3o, para <strong>assumir a fun\u00e7\u00e3o de Coordenador Pedag\u00f3gico \u2013 40 horas \u2013\u00a0 nos turnos matutino e vespertino no\u00a0 Col\u00e9gio Estadual Mingone \u2013 situado em Luziania.<\/strong><\/p>\n<p style=\"text-align: justify\">Os interessados devem encaminhar Curr\u00edculo ao e-mail oficial da Coordena\u00e7\u00e3o Regional de Educa\u00e7\u00e3o de Luzi\u00e2nia (sreluziania@seduc.go.gov.br), contendo os contatos telef\u00f4nicos e endere\u00e7os de e-mail para correspond\u00eancias eletr\u00f4nicas.<\/p>\n<p style=\"text-align: justify\">Oportunamente esclarece, que a Coordena\u00e7\u00e3o Regional de Educa\u00e7\u00e3o de <strong>LUZI\u00c2NIA<\/strong>, instituir\u00e1 comiss\u00e3o pr\u00f3pria para as an\u00e1lises curriculares, que ser\u00e1 composta por integrante do Sindicato da categoria e membros da CRE, objetivando assim, a ado\u00e7\u00e3o de medidas e provid\u00eancias pertinentes ao suprimento de todos os d\u00e9ficits de professores existentes na Rede Estadual de Educa\u00e7\u00e3o, que garantam os servi\u00e7os prestados \u00e0 comunidade goiana.<\/p>\n<p align=\"center\">SEDUC\/GO<\/p>\n<hr \/>\n<h3 align=\"center\"><strong>COMUNICADO<\/strong><\/h3>\n<pre style=\"text-align: center\">Publica\u00e7\u00e3o: 29\/09\/2023\nEncerramento: 04\/10\/2023 \u00e0s 18h<\/pre>\n<h3 align=\"center\"><span style=\"color: red\"><strong>ENCERRADO<\/strong><\/span><\/h3>\n<p style=\"text-align: justify\">O Governo do Estado de Goi\u00e1s, atrav\u00e9s da Secretaria de Estado da Educa\u00e7\u00e3o, diante da inexist\u00eancia de candidatos habilitados e remanescentes a serem convocados pelo Processo Seletivo Simplificado Edital n\u00ba 008\/2021 \u2013 SEAD e considerando a exist\u00eancia de d\u00e9ficits de professores nas unidades escolares pertencentes ao munic\u00edpio de <strong>LUZI\u00c2NIA<\/strong>, jurisdicionado \u00e0 Coordena\u00e7\u00e3o Regional de Educa\u00e7\u00e3o (CRE) de <strong>LUZI\u00c2NIA<\/strong>, informa que est\u00e1 recebendo curr\u00edculos para sele\u00e7\u00e3o e contrata\u00e7\u00e3o tempor\u00e1ria com natureza emergencial para atender aos interesses da Administra\u00e7\u00e3o, para <strong>assumir a fun\u00e7\u00e3o de \u00a0Professor de L\u00edngua Portuguesa, sendo 32 aulas nos turnos matutino e vespertino, no Col\u00e9gio Estadual Maria Pereira de Vasconcelos \u2013 situado em Luzi\u00e2nia.<\/strong><\/p>\n<p style=\"text-align: justify\">Os interessados devem encaminhar Curr\u00edculo ao e-mail oficial da Coordena\u00e7\u00e3o Regional de Educa\u00e7\u00e3o de Luzi\u00e2nia (sreluziania@seduc.go.gov.br), contendo os contatos telef\u00f4nicos e endere\u00e7os de e-mail para correspond\u00eancias eletr\u00f4nicas.<\/p>\n<p style=\"text-align: justify\">Oportunamente esclarece, que a Coordena\u00e7\u00e3o Regional de Educa\u00e7\u00e3o de <strong>LUZI\u00c2NIA<\/strong>, instituir\u00e1 comiss\u00e3o pr\u00f3pria para as an\u00e1lises curriculares, que ser\u00e1 composta por integrante do Sindicato da categoria e membros da CRE, objetivando assim, a ado\u00e7\u00e3o de medidas e provid\u00eancias pertinentes ao suprimento de todos os d\u00e9ficits de professores existentes na Rede Estadual de Educa\u00e7\u00e3o, que garantam os servi\u00e7os prestados \u00e0 comunidade goiana.<\/p>\n<p align=\"center\">SEDUC\/GO<\/p>\n<hr \/>\n<h3 align=\"center\"><strong>COMUNICADO<\/strong><\/h3>\n<pre style=\"text-align: center\">Publica\u00e7\u00e3o: 29\/09\/2023\nEncerramento: 04\/10\/2023 \u00e0s 18h<\/pre>\n<h3 align=\"center\"><span style=\"color: red\"><strong>ENCERRADO<\/strong><\/span><\/h3>\n<p style=\"text-align: justify\">O Governo do Estado de Goi\u00e1s, atrav\u00e9s da Secretaria de Estado da Educa\u00e7\u00e3o, diante da inexist\u00eancia de candidatos habilitados e remanescentes a serem convocados pelo Processo Seletivo Simplificado Edital n\u00ba 008\/2021 \u2013 SEAD e considerando a exist\u00eancia de d\u00e9ficits de professores nas unidades escolares pertencentes ao munic\u00edpio de <strong>LUZI\u00c2NIA<\/strong>, jurisdicionado \u00e0 Coordena\u00e7\u00e3o Regional de Educa\u00e7\u00e3o (CRE) de <strong>LUZI\u00c2NIA<\/strong>, informa que est\u00e1 recebendo curr\u00edculos para sele\u00e7\u00e3o e contrata\u00e7\u00e3o tempor\u00e1ria com natureza emergencial para atender aos interesses da Administra\u00e7\u00e3o, para <strong>assumir a fun\u00e7\u00e3o de Coordenador Pedag\u00f3gico \u2013 20 horas \u2013\u00a0 no turno Noturno no\u00a0 Col\u00e9gio Estadual Maria Pereira de Vasconcelos \u2013 situado em Luziania.<\/strong><\/p>\n<p style=\"text-align: justify\">Os interessados devem encaminhar Curr\u00edculo ao e-mail oficial da Coordena\u00e7\u00e3o Regional de Educa\u00e7\u00e3o de Luzi\u00e2nia (sreluziania@seduc.go.gov.br), contendo os contatos telef\u00f4nicos e endere\u00e7os de e-mail para correspond\u00eancias eletr\u00f4nicas.<\/p>\n<p style=\"text-align: justify\">Oportunamente esclarece, que a Coordena\u00e7\u00e3o Regional de Educa\u00e7\u00e3o de <strong>LUZI\u00c2NIA<\/strong>, instituir\u00e1 comiss\u00e3o pr\u00f3pria para as an\u00e1lises curriculares, que ser\u00e1 composta por integrante do Sindicato da categoria e membros da CRE, objetivando assim, a ado\u00e7\u00e3o de medidas e provid\u00eancias pertinentes ao suprimento de todos os d\u00e9ficits de professores existentes na Rede Estadual de Educa\u00e7\u00e3o, que garantam os servi\u00e7os prestados \u00e0 comunidade goiana.<\/p>\n<p align=\"center\">SEDUC\/GO<\/p>\n<hr \/>\n<h3 align=\"center\"><strong>COMUNICADO<\/strong><\/h3>\n<pre style=\"text-align: center\">Publica\u00e7\u00e3o: 29\/09\/2023\nEncerramento: 04\/10\/2023 \u00e0s 18h<\/pre>\n<h3 align=\"center\"><span style=\"color: red\"><strong>ENCERRADO<\/strong><\/span><\/h3>\n<p style=\"text-align: justify\">O Governo do Estado de Goi\u00e1s, atrav\u00e9s da Secretaria de Estado da Educa\u00e7\u00e3o, diante da inexist\u00eancia de candidatos habilitados e remanescentes a serem convocados pelo Processo Seletivo Simplificado Edital n\u00ba 008\/2021 \u2013 SEAD e considerando a exist\u00eancia de d\u00e9ficits de professores nas unidades escolares pertencentes ao munic\u00edpio de <strong>LUZI\u00c2NIA<\/strong>, jurisdicionado \u00e0 Coordena\u00e7\u00e3o Regional de Educa\u00e7\u00e3o (CRE) de <strong>LUZI\u00c2NIA<\/strong>, informa que est\u00e1 recebendo curr\u00edculos para sele\u00e7\u00e3o e contrata\u00e7\u00e3o tempor\u00e1ria com natureza emergencial para atender aos interesses da Administra\u00e7\u00e3o, para <strong>assumir a fun\u00e7\u00e3o de \u00a0Professor de Geografia, sendo 32 aulas de geografia e ensino religioso, nos turnos matutino e vespertino, no Col\u00e9gio Estadual Epaminondas Roriz \u2013 situado em Luzi\u00e2nia.<\/strong><\/p>\n<p style=\"text-align: justify\">Os interessados devem encaminhar Curr\u00edculo ao e-mail oficial da Coordena\u00e7\u00e3o Regional de Educa\u00e7\u00e3o de Luzi\u00e2nia (sreluziania@seduc.go.gov.br), contendo os contatos telef\u00f4nicos e endere\u00e7os de e-mail para correspond\u00eancias eletr\u00f4nicas.<\/p>\n<p style=\"text-align: justify\">Oportunamente esclarece, que a Coordena\u00e7\u00e3o Regional de Educa\u00e7\u00e3o de <strong>LUZI\u00c2NIA<\/strong>, instituir\u00e1 comiss\u00e3o pr\u00f3pria para as an\u00e1lises curriculares, que ser\u00e1 composta por integrante do Sindicato da categoria e membros da CRE, objetivando assim, a ado\u00e7\u00e3o de medidas e provid\u00eancias pertinentes ao suprimento de todos os d\u00e9ficits de professores existentes na Rede Estadual de Educa\u00e7\u00e3o, que garantam os servi\u00e7os prestados \u00e0 comunidade goiana.<\/p>\n<p align=\"center\">SEDUC\/GO<\/p>\n<hr \/>\n<h3 align=\"center\"><strong>COMUNICADO<\/strong><\/h3>\n<pre style=\"text-align: center\">Publica\u00e7\u00e3o: 29\/09\/2023\nEncerramento: 04\/10\/2023 \u00e0s 18h<\/pre>\n<h3 align=\"center\"><span style=\"color: red\"><strong>ENCERRADO<\/strong><\/span><\/h3>\n<p style=\"text-align: justify\">O Governo do Estado de Goi\u00e1s, atrav\u00e9s da Secretaria de Estado da Educa\u00e7\u00e3o, diante da inexist\u00eancia de candidatos habilitados e remanescentes a serem convocados pelo Processo Seletivo Simplificado Edital n\u00ba 008\/2021 \u2013 SEAD e considerando a exist\u00eancia de d\u00e9ficits de professores nas unidades escolares pertencentes ao munic\u00edpio de <strong>LUZI\u00c2NIA<\/strong>, jurisdicionado \u00e0 Coordena\u00e7\u00e3o Regional de Educa\u00e7\u00e3o (CRE) de <strong>LUZI\u00c2NIA<\/strong>, informa que est\u00e1 recebendo curr\u00edculos para sele\u00e7\u00e3o e contrata\u00e7\u00e3o tempor\u00e1ria com natureza emergencial para atender aos interesses da Administra\u00e7\u00e3o, para <strong>assumir a fun\u00e7\u00e3o de \u00a0Professor de Matem\u00e1tica, \u00a0sendo 32 aulas de Matem\u00e1tica e Matem\u00e1tica Financeira, nos turnos matutino e vespertino, no Col\u00e9gio Estadual Delfino Ocl\u00e9cio Machado, situado em Luzi\u00e2nia.<\/strong><\/p>\n<p style=\"text-align: justify\">Os interessados devem encaminhar Curr\u00edculo ao e-mail oficial da Coordena\u00e7\u00e3o Regional de Educa\u00e7\u00e3o de Luzi\u00e2nia (sreluziania@seduc.go.gov.br), contendo os contatos telef\u00f4nicos e endere\u00e7os de e-mail para correspond\u00eancias eletr\u00f4nicas.<\/p>\n<p style=\"text-align: justify\">Oportunamente esclarece, que a Coordena\u00e7\u00e3o Regional de Educa\u00e7\u00e3o de <strong>LUZI\u00c2NIA<\/strong>, instituir\u00e1 comiss\u00e3o pr\u00f3pria para as an\u00e1lises curriculares, que ser\u00e1 composta por integrante do Sindicato da categoria e membros da CRE, objetivando assim, a ado\u00e7\u00e3o de medidas e provid\u00eancias pertinentes ao suprimento de todos os d\u00e9ficits de professores existentes na Rede Estadual de Educa\u00e7\u00e3o, que garantam os servi\u00e7os prestados \u00e0 comunidade goiana.<\/p>\n<p align=\"center\">SEDUC\/GO<\/p>\n<hr \/>\n<h3 align=\"center\"><strong>COMUNICADO<\/strong><\/h3>\n<pre style=\"text-align: center\">Publica\u00e7\u00e3o: 29\/09\/2023\nEncerramento: 04\/10\/2023 \u00e0s 18h<\/pre>\n<h3 align=\"center\"><span style=\"color: red\"><strong>ENCERRADO<\/strong><\/span><\/h3>\n<p style=\"text-align: justify\">O Governo do Estado de Goi\u00e1s, atrav\u00e9s da Secretaria de Estado da Educa\u00e7\u00e3o, diante da inexist\u00eancia de candidatos habilitados e remanescentes a serem convocados pelo Processo Seletivo Simplificado Edital n\u00ba 008\/2021 \u2013 SEAD e considerando a exist\u00eancia de d\u00e9ficits de professores nas unidades escolares pertencentes ao munic\u00edpio de <strong>LUZI\u00c2NIA<\/strong>, jurisdicionado \u00e0 Coordena\u00e7\u00e3o Regional de Educa\u00e7\u00e3o (CRE) de <strong>LUZI\u00c2NIA<\/strong>, informa que est\u00e1 recebendo curr\u00edculos para sele\u00e7\u00e3o e contrata\u00e7\u00e3o tempor\u00e1ria com natureza emergencial para atender aos interesses da Administra\u00e7\u00e3o, para <strong>assumir a fun\u00e7\u00e3o de Coordenador Pedag\u00f3gico \u2013 30h \u2013 Turno Matutino, na extens\u00e3o do Col\u00e9gio Estadual Conego Ramiro, situado na Zona Rural de Luzi\u00e2nia.<\/strong><\/p>\n<p style=\"text-align: justify\">Os interessados devem encaminhar Curr\u00edculo ao e-mail oficial da Coordena\u00e7\u00e3o Regional de Educa\u00e7\u00e3o de Luzi\u00e2nia (sreluziania@seduc.go.gov.br), contendo os contatos telef\u00f4nicos e endere\u00e7os de e-mail para correspond\u00eancias eletr\u00f4nicas.<\/p>\n<p style=\"text-align: justify\">Oportunamente esclarece, que a Coordena\u00e7\u00e3o Regional de Educa\u00e7\u00e3o de <strong>LUZI\u00c2NIA<\/strong>, instituir\u00e1 comiss\u00e3o pr\u00f3pria para as an\u00e1lises curriculares, que ser\u00e1 composta por integrante do Sindicato da categoria e membros da CRE, objetivando assim, a ado\u00e7\u00e3o de medidas e provid\u00eancias pertinentes ao suprimento de todos os d\u00e9ficits de professores existentes na Rede Estadual de Educa\u00e7\u00e3o, que garantam os servi\u00e7os prestados \u00e0 comunidade goiana.<\/p>\n<p align=\"center\">SEDUC\/GO<\/p>\n<hr \/>\n<h3 align=\"center\"><strong>COMUNICADO<\/strong><\/h3>\n<pre style=\"text-align: center\">Publica\u00e7\u00e3o: 29\/09\/2023\nEncerramento: 04\/10\/2023 \u00e0s 18h<\/pre>\n<h3 align=\"center\"><span style=\"color: red\"><strong>ENCERRADO<\/strong><\/span><\/h3>\n<p style=\"text-align: justify\">O Governo do Estado de Goi\u00e1s, atrav\u00e9s da Secretaria de Estado da Educa\u00e7\u00e3o, diante da inexist\u00eancia de candidatos habilitados e remanescentes a serem convocados pelo Processo Seletivo Simplificado Edital n\u00ba 008\/2021 \u2013 SEAD e considerando a exist\u00eancia de d\u00e9ficits de professores nas unidades escolares pertencentes ao munic\u00edpio de <strong>LUZI\u00c2NIA<\/strong>, jurisdicionado \u00e0 Coordena\u00e7\u00e3o Regional de Educa\u00e7\u00e3o (CRE) de <strong>LUZI\u00c2NIA<\/strong>, informa que est\u00e1 recebendo curr\u00edculos para sele\u00e7\u00e3o e contrata\u00e7\u00e3o tempor\u00e1ria com natureza emergencial para atender aos interesses da Administra\u00e7\u00e3o, para <strong>assumir a fun\u00e7\u00e3o de Coordenador Pedag\u00f3gico \u2013 40 horas \u2013\u00a0 nos turnos matutino e vespertino no\u00a0 Col\u00e9gio Estadual de Campos Lindos \u2013 situado na Zona Rural de Cristalina \u2013 (Maraj\u00f3).<\/strong><\/p>\n<p style=\"text-align: justify\">Os interessados devem encaminhar Curr\u00edculo ao e-mail oficial da Coordena\u00e7\u00e3o Regional de Educa\u00e7\u00e3o de Luzi\u00e2nia (sreluziania@seduc.go.gov.br), contendo os contatos telef\u00f4nicos e endere\u00e7os de e-mail para correspond\u00eancias eletr\u00f4nicas.<\/p>\n<p style=\"text-align: justify\">Oportunamente esclarece, que a Coordena\u00e7\u00e3o Regional de Educa\u00e7\u00e3o de <strong>LUZI\u00c2NIA<\/strong>, instituir\u00e1 comiss\u00e3o pr\u00f3pria para as an\u00e1lises curriculares, que ser\u00e1 composta por integrante do Sindicato da categoria e membros da CRE, objetivando assim, a ado\u00e7\u00e3o de medidas e provid\u00eancias pertinentes ao suprimento de todos os d\u00e9ficits de professores existentes na Rede Estadual de Educa\u00e7\u00e3o, que garantam os servi\u00e7os prestados \u00e0 comunidade goiana.<\/p>\n<p align=\"center\">SEDUC\/GO<\/p>\n<hr \/>\n<h3 align=\"center\"><strong>COMUNICADO<\/strong><\/h3>\n<pre style=\"text-align: center\">Publica\u00e7\u00e3o: 29\/09\/2023\nEncerramento: 04\/10\/2023 \u00e0s 18h<\/pre>\n<h3 align=\"center\"><span style=\"color: red\"><strong>ENCERRADO<\/strong><\/span><\/h3>\n<p style=\"text-align: justify\">O Governo do Estado de Goi\u00e1s, atrav\u00e9s da Secretaria de Estado da Educa\u00e7\u00e3o, diante da inexist\u00eancia de candidatos habilitados e remanescentes a serem convocados pelo Processo Seletivo Simplificado Edital n\u00ba 008\/2021 \u2013 SEAD e considerando a exist\u00eancia de d\u00e9ficits de professores nas unidades escolares pertencentes ao munic\u00edpio de <strong>LUZI\u00c2NIA<\/strong>, jurisdicionado \u00e0 Coordena\u00e7\u00e3o Regional de Educa\u00e7\u00e3o (CRE) de <strong>LUZI\u00c2NIA<\/strong>, informa que est\u00e1 recebendo curr\u00edculos para sele\u00e7\u00e3o e contrata\u00e7\u00e3o tempor\u00e1ria com natureza emergencial para atender aos interesses da Administra\u00e7\u00e3o, para <strong>assumir a fun\u00e7\u00e3o de Coordenador Pedag\u00f3gico \u2013 40 horas \u2013\u00a0 nos turnos matutino e vespertino no\u00a0 Col\u00e9gio Estadual Professor Antonio Valdir Roriz \u2013 Situado em Luzi\u00e2nia.<\/strong><\/p>\n<p style=\"text-align: justify\">Os interessados devem encaminhar Curr\u00edculo ao e-mail oficial da Coordena\u00e7\u00e3o Regional de Educa\u00e7\u00e3o de Luzi\u00e2nia (sreluziania@seduc.go.gov.br), contendo os contatos telef\u00f4nicos e endere\u00e7os de e-mail para correspond\u00eancias eletr\u00f4nicas.<\/p>\n<p style=\"text-align: justify\">Oportunamente esclarece, que a Coordena\u00e7\u00e3o Regional de Educa\u00e7\u00e3o de <strong>LUZI\u00c2NIA<\/strong>, instituir\u00e1 comiss\u00e3o pr\u00f3pria para as an\u00e1lises curriculares, que ser\u00e1 composta por integrante do Sindicato da categoria e membros da CRE, objetivando assim, a ado\u00e7\u00e3o de medidas e provid\u00eancias pertinentes ao suprimento de todos os d\u00e9ficits de professores existentes na Rede Estadual de Educa\u00e7\u00e3o, que garantam os servi\u00e7os prestados \u00e0 comunidade goiana.<\/p>\n<p align=\"center\">SEDUC\/GO<\/p>\n<hr \/>\n<h3 align=\"center\"><strong>COMUNICADO<\/strong><\/h3>\n<pre style=\"text-align: center\">Publica\u00e7\u00e3o: 11\/09\/2023\nEncerramento: 14\/09\/2023 \u00e0s 18h<\/pre>\n<h3 align=\"center\"><span style=\"color: red\"><strong>ENCERRADO<\/strong><\/span><\/h3>\n<p style=\"text-align: justify\">O Governo do Estado de Goi\u00e1s, atrav\u00e9s da Secretaria de Estado da Educa\u00e7\u00e3o, diante da inexist\u00eancia de candidatos habilitados e remanescentes a serem convocados pelo Processo Seletivo Simplificado Edital n\u00ba 008\/2021 \u2013 SEAD e considerando a exist\u00eancia de d\u00e9ficits de professores nas unidades escolares pertencentes ao munic\u00edpio de <strong>LUZI\u00c2NIA<\/strong>, jurisdicionado \u00e0 Coordena\u00e7\u00e3o Regional de Educa\u00e7\u00e3o (CRE) de <strong>LUZI\u00c2NIA<\/strong>, informa que est\u00e1 recebendo curr\u00edculos para sele\u00e7\u00e3o e contrata\u00e7\u00e3o tempor\u00e1ria com natureza emergencial para atender aos interesses da Administra\u00e7\u00e3o, para <strong>assumir a fun\u00e7\u00e3o de Coordenador Pedag\u00f3gico \u2013 20 horas noturno, no Col\u00e9gio Estadual Maria Pereira de Vasconcelos.<\/strong><\/p>\n<p style=\"text-align: justify\">Os interessados devem encaminhar Curr\u00edculo ao e-mail oficial da Coordena\u00e7\u00e3o Regional de Educa\u00e7\u00e3o de Luzi\u00e2nia (sreluziania@seduc.go.gov.br), contendo os contatos telef\u00f4nicos e endere\u00e7os de e-mail para correspond\u00eancias eletr\u00f4nicas.<\/p>\n<p style=\"text-align: justify\">Oportunamente esclarece, que a Coordena\u00e7\u00e3o Regional de Educa\u00e7\u00e3o de <strong>LUZI\u00c2NIA<\/strong>, instituir\u00e1 comiss\u00e3o pr\u00f3pria para as an\u00e1lises curriculares, que ser\u00e1 composta por integrante do Sindicato da categoria e membros da CRE, objetivando assim, a ado\u00e7\u00e3o de medidas e provid\u00eancias pertinentes ao suprimento de todos os d\u00e9ficits de professores existentes na Rede Estadual de Educa\u00e7\u00e3o, que garantam os servi\u00e7os prestados \u00e0 comunidade goiana.<\/p>\n<p align=\"center\">SEDUC\/GO<\/p>\n<hr \/>\n<h3 align=\"center\"><strong>COMUNICADO<\/strong><\/h3>\n<pre style=\"text-align: center\">Publica\u00e7\u00e3o: 11\/09\/2023\nEncerramento: 14\/09\/2023 \u00e0s 18h<\/pre>\n<h3 align=\"center\"><span style=\"color: red\"><strong>ENCERRADO<\/strong><\/span><\/h3>\n<p style=\"text-align: justify\">O Governo do Estado de Goi\u00e1s, atrav\u00e9s da Secretaria de Estado da Educa\u00e7\u00e3o, diante da inexist\u00eancia de candidatos habilitados e remanescentes a serem convocados pelo Processo Seletivo Simplificado Edital n\u00ba 008\/2021 \u2013 SEAD e considerando a exist\u00eancia de d\u00e9ficits de professores nas unidades escolares pertencentes ao munic\u00edpio de <strong>LUZI\u00c2NIA<\/strong>, jurisdicionado \u00e0 Coordena\u00e7\u00e3o Regional de Educa\u00e7\u00e3o (CRE) de <strong>LUZI\u00c2NIA<\/strong>, informa que est\u00e1 recebendo curr\u00edculos para sele\u00e7\u00e3o e contrata\u00e7\u00e3o tempor\u00e1ria com natureza emergencial para atender aos interesses da Administra\u00e7\u00e3o, para <strong>assumir a fun\u00e7\u00e3o de Professor de Matem\u00e1tica, \u00a0sendo 16 aulas, Matem\u00e1tica, no Col\u00e9gio Estadual de Campos Lindos, turno vespertino. Maraj\u00f3 \u2013 Distrito de Cristalina.<\/strong><\/p>\n<p style=\"text-align: justify\">Os interessados devem encaminhar Curr\u00edculo ao e-mail oficial da Coordena\u00e7\u00e3o Regional de Educa\u00e7\u00e3o de Luzi\u00e2nia (sreluziania@seduc.go.gov.br), contendo os contatos telef\u00f4nicos e endere\u00e7os de e-mail para correspond\u00eancias eletr\u00f4nicas.<\/p>\n<p style=\"text-align: justify\">Oportunamente esclarece, que a Coordena\u00e7\u00e3o Regional de Educa\u00e7\u00e3o de <strong>LUZI\u00c2NIA<\/strong>, instituir\u00e1 comiss\u00e3o pr\u00f3pria para as an\u00e1lises curriculares, que ser\u00e1 composta por integrante do Sindicato da categoria e membros da CRE, objetivando assim, a ado\u00e7\u00e3o de medidas e provid\u00eancias pertinentes ao suprimento de todos os d\u00e9ficits de professores existentes na Rede Estadual de Educa\u00e7\u00e3o, que garantam os servi\u00e7os prestados \u00e0 comunidade goiana.<\/p>\n<p align=\"center\">SEDUC\/GO<\/p>\n<hr \/>\n<h3 align=\"center\"><strong>COMUNICADO<\/strong><\/h3>\n<pre style=\"text-align: center\">Publica\u00e7\u00e3o: 04\/09\/2023\nEncerramento: 08\/09\/2023 \u00e0s 18h<\/pre>\n<h3 align=\"center\"><span style=\"color: red\"><strong>ENCERRADO<\/strong><\/span><\/h3>\n<p style=\"text-align: justify\">O Governo do Estado de Goi\u00e1s, atrav\u00e9s da Secretaria de Estado da Educa\u00e7\u00e3o, diante da inexist\u00eancia de candidatos habilitados e remanescentes a serem convocados pelo Processo Seletivo Simplificado Edital n\u00ba 008\/2021 \u2013 SEAD e considerando a exist\u00eancia de d\u00e9ficits de professores nas unidades escolares pertencentes ao munic\u00edpio de <strong>LUZI\u00c2NIA<\/strong>, jurisdicionado \u00e0 Coordena\u00e7\u00e3o Regional de Educa\u00e7\u00e3o (CRE) de <strong>LUZI\u00c2NIA<\/strong>, informa que est\u00e1 recebendo curr\u00edculos para sele\u00e7\u00e3o e contrata\u00e7\u00e3o tempor\u00e1ria com natureza emergencial para atender aos interesses da Administra\u00e7\u00e3o, para <strong>assumir a fun\u00e7\u00e3o de Professor de Pedagogo &#8211; Regente, 30 horas, na Escola Especial Jesus Bom Pastor, no turno matutino.<\/strong><\/p>\n<p style=\"text-align: justify\">Os interessados devem encaminhar Curr\u00edculo ao e-mail oficial da Coordena\u00e7\u00e3o Regional de Educa\u00e7\u00e3o de Luzi\u00e2nia (sreluziania@seduc.go.gov.br), contendo os contatos telef\u00f4nicos e endere\u00e7os de e-mail para correspond\u00eancias eletr\u00f4nicas.<\/p>\n<p style=\"text-align: justify\">Oportunamente esclarece, que a Coordena\u00e7\u00e3o Regional de Educa\u00e7\u00e3o de <strong>LUZI\u00c2NIA<\/strong>, instituir\u00e1 comiss\u00e3o pr\u00f3pria para as an\u00e1lises curriculares, que ser\u00e1 composta por integrante do Sindicato da categoria e membros da CRE, objetivando assim, a ado\u00e7\u00e3o de medidas e provid\u00eancias pertinentes ao suprimento de todos os d\u00e9ficits de professores existentes na Rede Estadual de Educa\u00e7\u00e3o, que garantam os servi\u00e7os prestados \u00e0 comunidade goiana.<\/p>\n<p align=\"center\">SEDUC\/GO<\/p>\n<hr \/>\n<h3 align=\"center\"><strong>COMUNICADO<\/strong><\/h3>\n<pre style=\"text-align: center\">Publica\u00e7\u00e3o: 01\/09\/2023\nEncerramento: 06\/09\/2023 \u00e0s 18h<\/pre>\n<h3 align=\"center\"><span style=\"color: red\"><strong>ENCERRADO<\/strong><\/span><\/h3>\n<p style=\"text-align: justify\">O Governo do Estado de Goi\u00e1s, atrav\u00e9s da Secretaria de Estado da Educa\u00e7\u00e3o, diante da inexist\u00eancia de candidatos habilitados e remanescentes a serem convocados pelo Processo Seletivo Simplificado Edital n\u00ba 008\/2021 \u2013 SEAD e considerando a exist\u00eancia de d\u00e9ficits de professores nas unidades escolares pertencentes ao munic\u00edpio de <strong>LUZI\u00c2NIA<\/strong>, jurisdicionado \u00e0 Coordena\u00e7\u00e3o Regional de Educa\u00e7\u00e3o (CRE) de <strong>LUZI\u00c2NIA<\/strong>, informa que est\u00e1 recebendo curr\u00edculos para sele\u00e7\u00e3o e contrata\u00e7\u00e3o tempor\u00e1ria com natureza emergencial para atender aos interesses da Administra\u00e7\u00e3o, para <strong>assumir a fun\u00e7\u00e3o de Professor de Matem\u00e1tica, \u00a0sendo 16 aulas, Matem\u00e1tica, Estudo Orientado no CPMG \u2013 Ely da Silva Braz, nos turnos matutino e vespertino.<\/strong><\/p>\n<p style=\"text-align: justify\">Os interessados devem encaminhar Curr\u00edculo ao e-mail oficial da Coordena\u00e7\u00e3o Regional de Educa\u00e7\u00e3o de Luzi\u00e2nia (sreluziania@seduc.go.gov.br), contendo os contatos telef\u00f4nicos e endere\u00e7os de e-mail para correspond\u00eancias eletr\u00f4nicas.<\/p>\n<p style=\"text-align: justify\">Oportunamente esclarece, que a Coordena\u00e7\u00e3o Regional de Educa\u00e7\u00e3o de <strong>LUZI\u00c2NIA<\/strong>, instituir\u00e1 comiss\u00e3o pr\u00f3pria para as an\u00e1lises curriculares, que ser\u00e1 composta por integrante do Sindicato da categoria e membros da CRE, objetivando assim, a ado\u00e7\u00e3o de medidas e provid\u00eancias pertinentes ao suprimento de todos os d\u00e9ficits de professores existentes na Rede Estadual de Educa\u00e7\u00e3o, que garantam os servi\u00e7os prestados \u00e0 comunidade goiana.<\/p>\n<p align=\"center\">SEDUC\/GO<\/p>\n<hr \/>\n<h3 align=\"center\"><strong>COMUNICADO<\/strong><\/h3>\n<pre style=\"text-align: center\">Publica\u00e7\u00e3o: 01\/09\/2023\nEncerramento: 06\/09\/2023 \u00e0s 18h<\/pre>\n<h3 align=\"center\"><span style=\"color: red\"><strong>ENCERRADO<\/strong><\/span><\/h3>\n<p style=\"text-align: justify\">O Governo do Estado de Goi\u00e1s, atrav\u00e9s da Secretaria de Estado da Educa\u00e7\u00e3o, diante da inexist\u00eancia de candidatos habilitados e remanescentes a serem convocados pelo Processo Seletivo Simplificado Edital n\u00ba 008\/2021 \u2013 SEAD e considerando a exist\u00eancia de d\u00e9ficits de professores nas unidades escolares pertencentes ao munic\u00edpio de <strong>LUZI\u00c2NIA<\/strong>, jurisdicionado \u00e0 Coordena\u00e7\u00e3o Regional de Educa\u00e7\u00e3o (CRE) de <strong>LUZI\u00c2NIA<\/strong>, informa que est\u00e1 recebendo curr\u00edculos para sele\u00e7\u00e3o e contrata\u00e7\u00e3o tempor\u00e1ria com natureza emergencial para atender aos interesses da Administra\u00e7\u00e3o, para <strong>assumir a fun\u00e7\u00e3o de Professor de Matem\u00e1tica, \u00a0sendo 16 aulas , Matem\u00e1tica, Ci\u00eancias, Qualifica\u00e7\u00e3o Profissional, Projeto Pedag\u00f3gico (Projeto APA \u2013 Programa Aprender Para Avan\u00e7ar), no Col\u00e9gio Estadual Epaminondas Roriz, no turno vespertino.<\/strong><\/p>\n<p style=\"text-align: justify\">Os interessados devem encaminhar Curr\u00edculo ao e-mail oficial da Coordena\u00e7\u00e3o Regional de Educa\u00e7\u00e3o de Luzi\u00e2nia (sreluziania@seduc.go.gov.br), contendo os contatos telef\u00f4nicos e endere\u00e7os de e-mail para correspond\u00eancias eletr\u00f4nicas.<\/p>\n<p style=\"text-align: justify\">Oportunamente esclarece, que a Coordena\u00e7\u00e3o Regional de Educa\u00e7\u00e3o de <strong>LUZI\u00c2NIA<\/strong>, instituir\u00e1 comiss\u00e3o pr\u00f3pria para as an\u00e1lises curriculares, que ser\u00e1 composta por integrante do Sindicato da categoria e membros da CRE, objetivando assim, a ado\u00e7\u00e3o de medidas e provid\u00eancias pertinentes ao suprimento de todos os d\u00e9ficits de professores existentes na Rede Estadual de Educa\u00e7\u00e3o, que garantam os servi\u00e7os prestados \u00e0 comunidade goiana.<\/p>\n<p align=\"center\">SEDUC\/GO<\/p>\n<hr \/>\n<h3 align=\"center\"><strong>COMUNICADO<\/strong><\/h3>\n<pre style=\"text-align: center\">Publica\u00e7\u00e3o: 31\/08\/2023\nEncerramento: 05\/09\/2023 \u00e0s 18h<\/pre>\n<h3 align=\"center\"><span style=\"color: red\"><strong>ENCERRADO<\/strong><\/span><\/h3>\n<p style=\"text-align: justify\">O Governo do Estado de Goi\u00e1s, atrav\u00e9s da Secretaria de Estado da Educa\u00e7\u00e3o, diante da inexist\u00eancia de candidatos habilitados e remanescentes a serem convocados pelo Processo Seletivo Simplificado Edital n\u00ba 008\/2021 \u2013 SEAD e considerando a exist\u00eancia de d\u00e9ficits de professores nas unidades escolares pertencentes ao munic\u00edpio de <strong>LUZI\u00c2NIA<\/strong>, jurisdicionado \u00e0 Coordena\u00e7\u00e3o Regional de Educa\u00e7\u00e3o (CRE) de <strong>LUZI\u00c2NIA<\/strong>, informa que est\u00e1 recebendo curr\u00edculos para sele\u00e7\u00e3o e contrata\u00e7\u00e3o tempor\u00e1ria com natureza emergencial para atender aos interesses da Administra\u00e7\u00e3o, para <strong>assumir a fun\u00e7\u00e3o de Professor de L\u00edngua Portuguesa, sendo 32 aulas de L\u00edngua Portuguesa, Estudo Orientado, Protagonismo Juvenil e Arte, no CEPI \u2013 Ester da Cunha Peres, Turno Integral matutino, vespertino e noturno.<\/strong><\/p>\n<p style=\"text-align: justify\">Os interessados devem encaminhar Curr\u00edculo ao e-mail oficial da Coordena\u00e7\u00e3o Regional de Educa\u00e7\u00e3o de Luzi\u00e2nia (sreluziania@seduc.go.gov.br), contendo os contatos telef\u00f4nicos e endere\u00e7os de e-mail para correspond\u00eancias eletr\u00f4nicas.<\/p>\n<p style=\"text-align: justify\">Oportunamente esclarece, que a Coordena\u00e7\u00e3o Regional de Educa\u00e7\u00e3o de <strong>LUZI\u00c2NIA<\/strong>, instituir\u00e1 comiss\u00e3o pr\u00f3pria para as an\u00e1lises curriculares, que ser\u00e1 composta por integrante do Sindicato da categoria e membros da CRE, objetivando assim, a ado\u00e7\u00e3o de medidas e provid\u00eancias pertinentes ao suprimento de todos os d\u00e9ficits de professores existentes na Rede Estadual de Educa\u00e7\u00e3o, que garantam os servi\u00e7os prestados \u00e0 comunidade goiana.<\/p>\n<p align=\"center\">SEDUC\/GO<\/p>\n<hr \/>\n<h3 align=\"center\"><strong>COMUNICADO<\/strong><\/h3>\n<pre style=\"text-align: center\">Publica\u00e7\u00e3o: 31\/08\/2023\nEncerramento: 05\/09\/2023 \u00e0s 18h<\/pre>\n<h3 align=\"center\"><span style=\"color: red\"><strong>ENCERRADO<\/strong><\/span><\/h3>\n<p style=\"text-align: justify\">O Governo do Estado de Goi\u00e1s, atrav\u00e9s da Secretaria de Estado da Educa\u00e7\u00e3o, diante da inexist\u00eancia de candidatos habilitados e remanescentes a serem convocados pelo Processo Seletivo Simplificado Edital n\u00ba 008\/2021 \u2013 SEAD e considerando a exist\u00eancia de d\u00e9ficits de professores nas unidades escolares pertencentes ao munic\u00edpio de <strong>LUZI\u00c2NIA<\/strong>, jurisdicionado \u00e0 Coordena\u00e7\u00e3o Regional de Educa\u00e7\u00e3o (CRE) de <strong>LUZI\u00c2NIA<\/strong>, informa que est\u00e1 recebendo curr\u00edculos para sele\u00e7\u00e3o e contrata\u00e7\u00e3o tempor\u00e1ria com natureza emergencial para atender aos interesses da Administra\u00e7\u00e3o, para <strong>assumir a fun\u00e7\u00e3o de Professor, sendo 32 aulas de Qu\u00edmica, F\u00edsica, no Col\u00e9gio Estadual de Professor Ant\u00f4nio Valdir Roriz, nos turnos, matutino, vespertino e noturno.<\/strong><\/p>\n<p style=\"text-align: justify\">Os interessados devem encaminhar Curr\u00edculo ao e-mail oficial da Coordena\u00e7\u00e3o Regional de Educa\u00e7\u00e3o de Luzi\u00e2nia (sreluziania@seduc.go.gov.br), contendo os contatos telef\u00f4nicos e endere\u00e7os de e-mail para correspond\u00eancias eletr\u00f4nicas.<\/p>\n<p style=\"text-align: justify\">Oportunamente esclarece, que a Coordena\u00e7\u00e3o Regional de Educa\u00e7\u00e3o de <strong>LUZI\u00c2NIA<\/strong>, instituir\u00e1 comiss\u00e3o pr\u00f3pria para as an\u00e1lises curriculares, que ser\u00e1 composta por integrante do Sindicato da categoria e membros da CRE, objetivando assim, a ado\u00e7\u00e3o de medidas e provid\u00eancias pertinentes ao suprimento de todos os d\u00e9ficits de professores existentes na Rede Estadual de Educa\u00e7\u00e3o, que garantam os servi\u00e7os prestados \u00e0 comunidade goiana.<\/p>\n<p align=\"center\">SEDUC\/GO<\/p>\n<hr \/>\n<h3 align=\"center\"><strong>COMUNICADO<\/strong><\/h3>\n<pre style=\"text-align: center\">Publica\u00e7\u00e3o: 29\/08\/2023\nEncerramento: 01\/09\/2023 \u00e0s 18h<\/pre>\n<h3 align=\"center\"><span style=\"color: red\"><strong>ENCERRADO<\/strong><\/span><\/h3>\n<p style=\"text-align: justify\">O Governo do Estado de Goi\u00e1s, atrav\u00e9s da Secretaria de Estado da Educa\u00e7\u00e3o, diante da inexist\u00eancia de candidatos habilitados e remanescentes a serem convocados pelo Processo Seletivo Simplificado Edital n\u00ba 008\/2021 \u2013 SEAD e considerando a exist\u00eancia de d\u00e9ficits de professores nas unidades escolares pertencentes ao munic\u00edpio de <strong>LUZI\u00c2NIA<\/strong>, jurisdicionado \u00e0 Coordena\u00e7\u00e3o Regional de Educa\u00e7\u00e3o (CRE) de <strong>LUZI\u00c2NIA<\/strong>, informa que est\u00e1 recebendo curr\u00edculos para sele\u00e7\u00e3o e contrata\u00e7\u00e3o tempor\u00e1ria com natureza emergencial para atender aos interesses da Administra\u00e7\u00e3o, para <strong>assumir a fun\u00e7\u00e3o de Professor, sendo 32 aulas de Hist\u00f3ria, Geografia, Estudo Orientado, Protagonismo Juvenil e Eletivas, no CEPI \u2013 Francisco Machado de Ara\u00fajo \u2013 Turno Integral.<\/strong><\/p>\n<p style=\"text-align: justify\">Os interessados devem encaminhar Curr\u00edculo ao e-mail oficial da Coordena\u00e7\u00e3o Regional de Educa\u00e7\u00e3o de Luzi\u00e2nia (sreluziania@seduc.go.gov.br), contendo os contatos telef\u00f4nicos e endere\u00e7os de e-mail para correspond\u00eancias eletr\u00f4nicas.<\/p>\n<p style=\"text-align: justify\">Oportunamente esclarece, que a Coordena\u00e7\u00e3o Regional de Educa\u00e7\u00e3o de <strong>LUZI\u00c2NIA<\/strong>, instituir\u00e1 comiss\u00e3o pr\u00f3pria para as an\u00e1lises curriculares, que ser\u00e1 composta por integrante do Sindicato da categoria e membros da CRE, objetivando assim, a ado\u00e7\u00e3o de medidas e provid\u00eancias pertinentes ao suprimento de todos os d\u00e9ficits de professores existentes na Rede Estadual de Educa\u00e7\u00e3o, que garantam os servi\u00e7os prestados \u00e0 comunidade goiana.<\/p>\n<p align=\"center\">SEDUC\/GO<\/p>\n<hr \/>\n<h3 align=\"center\"><strong>COMUNICADO<\/strong><\/h3>\n<pre style=\"text-align: center\">Publica\u00e7\u00e3o: 29\/08\/2023\nEncerramento: 01\/09\/2023 \u00e0s 18h<\/pre>\n<h3 align=\"center\"><span style=\"color: red\"><strong>ENCERRADO<\/strong><\/span><\/h3>\n<p style=\"text-align: justify\">O Governo do Estado de Goi\u00e1s, atrav\u00e9s da Secretaria de Estado da Educa\u00e7\u00e3o, diante da inexist\u00eancia de candidatos habilitados e remanescentes a serem convocados pelo Processo Seletivo Simplificado Edital n\u00ba 008\/2021 \u2013 SEAD e considerando a exist\u00eancia de d\u00e9ficits de professores nas unidades escolares pertencentes ao munic\u00edpio de <strong>LUZI\u00c2NIA<\/strong>, jurisdicionado \u00e0 Coordena\u00e7\u00e3o Regional de Educa\u00e7\u00e3o (CRE) de <strong>LUZI\u00c2NIA<\/strong>, informa que est\u00e1 recebendo curr\u00edculos para sele\u00e7\u00e3o e contrata\u00e7\u00e3o tempor\u00e1ria com natureza emergencial para atender aos interesses da Administra\u00e7\u00e3o, para <strong>assumir a fun\u00e7\u00e3o de Professor, sendo 32 aulas de Hist\u00f3ria, Geografia, Estudo Orientado, Ensino Religioso e Eletivas, no CEPI \u2013 Francisco Machado de Ara\u00fajo \u2013 Turno Integral.<\/strong><\/p>\n<p style=\"text-align: justify\">Os interessados devem encaminhar Curr\u00edculo ao e-mail oficial da Coordena\u00e7\u00e3o Regional de Educa\u00e7\u00e3o de Luzi\u00e2nia (sreluziania@seduc.go.gov.br), contendo os contatos telef\u00f4nicos e endere\u00e7os de e-mail para correspond\u00eancias eletr\u00f4nicas.<\/p>\n<p style=\"text-align: justify\">Oportunamente esclarece, que a Coordena\u00e7\u00e3o Regional de Educa\u00e7\u00e3o de <strong>LUZI\u00c2NIA<\/strong>, instituir\u00e1 comiss\u00e3o pr\u00f3pria para as an\u00e1lises curriculares, que ser\u00e1 composta por integrante do Sindicato da categoria e membros da CRE, objetivando assim, a ado\u00e7\u00e3o de medidas e provid\u00eancias pertinentes ao suprimento de todos os d\u00e9ficits de professores existentes na Rede Estadual de Educa\u00e7\u00e3o, que garantam os servi\u00e7os prestados \u00e0 comunidade goiana.<\/p>\n<p align=\"center\">SEDUC\/GO<\/p>\n<hr \/>\n<h3 align=\"center\"><strong>COMUNICADO<\/strong><\/h3>\n<pre style=\"text-align: center\">Publica\u00e7\u00e3o: 29\/08\/2023\nEncerramento: 01\/09\/2023 \u00e0s 18h<\/pre>\n<h3 align=\"center\"><span style=\"color: red\"><strong>ENCERRADO<\/strong><\/span><\/h3>\n<p style=\"text-align: justify\">O Governo do Estado de Goi\u00e1s, atrav\u00e9s da Secretaria de Estado da Educa\u00e7\u00e3o, diante da inexist\u00eancia de candidatos habilitados e remanescentes a serem convocados pelo Processo Seletivo Simplificado Edital n\u00ba 008\/2021 \u2013 SEAD e considerando a exist\u00eancia de d\u00e9ficits de professores nas unidades escolares pertencentes ao munic\u00edpio de <strong>LUZI\u00c2NIA<\/strong>, jurisdicionado \u00e0 Coordena\u00e7\u00e3o Regional de Educa\u00e7\u00e3o (CRE) de <strong>LUZI\u00c2NIA<\/strong>, informa que est\u00e1 recebendo curr\u00edculos para sele\u00e7\u00e3o e contrata\u00e7\u00e3o tempor\u00e1ria com natureza emergencial para atender aos interesses da Administra\u00e7\u00e3o, para <strong>assumir a fun\u00e7\u00e3o de Professor, sendo 32 aulas de Matem\u00e1tica, F\u00edsica e Qu\u00edmica, no Col\u00e9gio Estadual de Campos Lindos, nos turnos, matutino, vespertino e noturno.<\/strong><\/p>\n<p style=\"text-align: justify\">Os interessados devem encaminhar Curr\u00edculo ao e-mail oficial da Coordena\u00e7\u00e3o Regional de Educa\u00e7\u00e3o de Luzi\u00e2nia (sreluziania@seduc.go.gov.br), contendo os contatos telef\u00f4nicos e endere\u00e7os de e-mail para correspond\u00eancias eletr\u00f4nicas.<\/p>\n<p style=\"text-align: justify\">Oportunamente esclarece, que a Coordena\u00e7\u00e3o Regional de Educa\u00e7\u00e3o de <strong>LUZI\u00c2NIA<\/strong>, instituir\u00e1 comiss\u00e3o pr\u00f3pria para as an\u00e1lises curriculares, que ser\u00e1 composta por integrante do Sindicato da categoria e membros da CRE, objetivando assim, a ado\u00e7\u00e3o de medidas e provid\u00eancias pertinentes ao suprimento de todos os d\u00e9ficits de professores existentes na Rede Estadual de Educa\u00e7\u00e3o, que garantam os servi\u00e7os prestados \u00e0 comunidade goiana.<\/p>\n<p align=\"center\">SEDUC\/GO<\/p>\n<hr \/>\n<h3 align=\"center\"><strong>COMUNICADO<\/strong><\/h3>\n<pre style=\"text-align: center\">Publica\u00e7\u00e3o: 29\/08\/2023\nEncerramento: 01\/09\/2023 \u00e0s 18h<\/pre>\n<h3 align=\"center\"><span style=\"color: red\"><strong>ENCERRADO<\/strong><\/span><\/h3>\n<p style=\"text-align: justify\">O Governo do Estado de Goi\u00e1s, atrav\u00e9s da Secretaria de Estado da Educa\u00e7\u00e3o, diante da inexist\u00eancia de candidatos habilitados e remanescentes a serem convocados pelo Processo Seletivo Simplificado Edital n\u00ba 008\/2021 \u2013 SEAD e considerando a exist\u00eancia de d\u00e9ficits de professores nas unidades escolares pertencentes ao munic\u00edpio de <strong>LUZI\u00c2NIA<\/strong>, jurisdicionado \u00e0 Coordena\u00e7\u00e3o Regional de Educa\u00e7\u00e3o (CRE) de <strong>LUZI\u00c2NIA<\/strong>, informa que est\u00e1 recebendo curr\u00edculos para sele\u00e7\u00e3o e contrata\u00e7\u00e3o tempor\u00e1ria com natureza emergencial para atender aos interesses da Administra\u00e7\u00e3o, para <strong>assumir a fun\u00e7\u00e3o de Professor, sendo 16 aulas de Geografia e Hist\u00f3ria, no Col\u00e9gio Estadual Helena Luzia Rodrigues, nos turnos vespertino e noturno.<\/strong><\/p>\n<p style=\"text-align: justify\">Os interessados devem encaminhar Curr\u00edculo ao e-mail oficial da Coordena\u00e7\u00e3o Regional de Educa\u00e7\u00e3o de Luzi\u00e2nia (sreluziania@seduc.go.gov.br), contendo os contatos telef\u00f4nicos e endere\u00e7os de e-mail para correspond\u00eancias eletr\u00f4nicas.<\/p>\n<p style=\"text-align: justify\">Oportunamente esclarece, que a Coordena\u00e7\u00e3o Regional de Educa\u00e7\u00e3o de <strong>LUZI\u00c2NIA<\/strong>, instituir\u00e1 comiss\u00e3o pr\u00f3pria para as an\u00e1lises curriculares, que ser\u00e1 composta por integrante do Sindicato da categoria e membros da CRE, objetivando assim, a ado\u00e7\u00e3o de medidas e provid\u00eancias pertinentes ao suprimento de todos os d\u00e9ficits de professores existentes na Rede Estadual de Educa\u00e7\u00e3o, que garantam os servi\u00e7os prestados \u00e0 comunidade goiana.<\/p>\n<p align=\"center\">SEDUC\/GO<\/p>\n<hr \/>\n<h3 align=\"center\"><strong>COMUNICADO<\/strong><\/h3>\n<pre style=\"text-align: center\">Publica\u00e7\u00e3o: 29\/08\/2023\nEncerramento: 01\/09\/2023 \u00e0s 18h<\/pre>\n<h3 align=\"center\"><span style=\"color: red\"><strong>ENCERRADO<\/strong><\/span><\/h3>\n<p style=\"text-align: justify\">O Governo do Estado de Goi\u00e1s, atrav\u00e9s da Secretaria de Estado da Educa\u00e7\u00e3o, diante da inexist\u00eancia de candidatos habilitados e remanescentes a serem convocados pelo Processo Seletivo Simplificado Edital n\u00ba 008\/2021 \u2013 SEAD e considerando a exist\u00eancia de d\u00e9ficits de professores nas unidades escolares pertencentes ao munic\u00edpio de <strong>LUZI\u00c2NIA<\/strong>, jurisdicionado \u00e0 Coordena\u00e7\u00e3o Regional de Educa\u00e7\u00e3o (CRE) de <strong>LUZI\u00c2NIA<\/strong>, informa que est\u00e1 recebendo curr\u00edculos para sele\u00e7\u00e3o e contrata\u00e7\u00e3o tempor\u00e1ria com natureza emergencial para atender aos interesses da Administra\u00e7\u00e3o, para <strong>assumir a fun\u00e7\u00e3o de Professor, sendo 28 aulas de Ci\u00eancias e Estudo Orientado, no Col\u00e9gio Estadual Adelvina Flores Ribeiro, turnos matutino e vespetino \u2013 Munic\u00edpio de Cristalina.<\/strong><\/p>\n<p style=\"text-align: justify\">Os interessados devem encaminhar Curr\u00edculo ao e-mail oficial da Coordena\u00e7\u00e3o Regional de Educa\u00e7\u00e3o de Luzi\u00e2nia (sreluziania@seduc.go.gov.br), contendo os contatos telef\u00f4nicos e endere\u00e7os de e-mail para correspond\u00eancias eletr\u00f4nicas.<\/p>\n<p style=\"text-align: justify\">Oportunamente esclarece, que a Coordena\u00e7\u00e3o Regional de Educa\u00e7\u00e3o de <strong>LUZI\u00c2NIA<\/strong>, instituir\u00e1 comiss\u00e3o pr\u00f3pria para as an\u00e1lises curriculares, que ser\u00e1 composta por integrante do Sindicato da categoria e membros da CRE, objetivando assim, a ado\u00e7\u00e3o de medidas e provid\u00eancias pertinentes ao suprimento de todos os d\u00e9ficits de professores existentes na Rede Estadual de Educa\u00e7\u00e3o, que garantam os servi\u00e7os prestados \u00e0 comunidade goiana.<\/p>\n<p align=\"center\">SEDUC\/GO<\/p>\n<hr \/>\n<h3 align=\"center\"><strong>COMUNICADO<\/strong><\/h3>\n<pre style=\"text-align: center\">Publica\u00e7\u00e3o: 25\/08\/2023\nEncerramento: 30\/08\/2023 \u00e0s 18h<\/pre>\n<h3 align=\"center\"><span style=\"color: red\"><strong>ENCERRADO<\/strong><\/span><\/h3>\n<p style=\"text-align: justify\">O Governo do Estado de Goi\u00e1s, atrav\u00e9s da Secretaria de Estado da Educa\u00e7\u00e3o, diante da inexist\u00eancia de candidatos habilitados e remanescentes a serem convocados pelo Processo Seletivo Simplificado Edital n\u00ba 008\/2021 \u2013 SEAD e considerando a exist\u00eancia de d\u00e9ficits de professores nas unidades escolares pertencentes ao munic\u00edpio de <strong>LUZI\u00c2NIA<\/strong>, jurisdicionado \u00e0 Coordena\u00e7\u00e3o Regional de Educa\u00e7\u00e3o (CRE) de <strong>LUZI\u00c2NIA<\/strong>, informa que est\u00e1 recebendo curr\u00edculos para sele\u00e7\u00e3o e contrata\u00e7\u00e3o tempor\u00e1ria com natureza emergencial para atender aos interesses da Administra\u00e7\u00e3o, para <strong>assumir a fun\u00e7\u00e3o de Professor de Matem\u00e1tica, sendo 32 aulas de matem\u00e1tica, F\u00edsica e Estudo Orientado, no CEPI \u2013 H\u00e9lio Rodrigues de Queiroz, Turno: vespertino e noturno.<\/strong><\/p>\n<p style=\"text-align: justify\">Os interessados devem encaminhar Curr\u00edculo ao e-mail oficial da Coordena\u00e7\u00e3o Regional de Educa\u00e7\u00e3o de Luzi\u00e2nia (sreluziania@seduc.go.gov.br), contendo os contatos telef\u00f4nicos e endere\u00e7os de e-mail para correspond\u00eancias eletr\u00f4nicas.<\/p>\n<p style=\"text-align: justify\">Oportunamente esclarece, que a Coordena\u00e7\u00e3o Regional de Educa\u00e7\u00e3o de <strong>LUZI\u00c2NIA<\/strong>, instituir\u00e1 comiss\u00e3o pr\u00f3pria para as an\u00e1lises curriculares, que ser\u00e1 composta por integrante do Sindicato da categoria e membros da CRE, objetivando assim, a ado\u00e7\u00e3o de medidas e provid\u00eancias pertinentes ao suprimento de todos os d\u00e9ficits de professores existentes na Rede Estadual de Educa\u00e7\u00e3o, que garantam os servi\u00e7os prestados \u00e0 comunidade goiana.<\/p>\n<p align=\"center\">SEDUC\/GO<\/p>\n<hr \/>\n<h3 align=\"center\"><strong>COMUNICADO<\/strong><\/h3>\n<pre style=\"text-align: center\">Publica\u00e7\u00e3o: 25\/08\/2023\nEncerramento: 30\/08\/2023 \u00e0s 18h<\/pre>\n<h3 align=\"center\"><span style=\"color: red\"><strong>ENCERRADO<\/strong><\/span><\/h3>\n<p style=\"text-align: justify\">O Governo do Estado de Goi\u00e1s, atrav\u00e9s da Secretaria de Estado da Educa\u00e7\u00e3o, diante da inexist\u00eancia de candidatos habilitados e remanescentes a serem convocados pelo Processo Seletivo Simplificado Edital n\u00ba 008\/2021 \u2013 SEAD e considerando a exist\u00eancia de d\u00e9ficits de professores nas unidades escolares pertencentes ao munic\u00edpio de <strong>LUZI\u00c2NIA<\/strong>, jurisdicionado \u00e0 Coordena\u00e7\u00e3o Regional de Educa\u00e7\u00e3o (CRE) de <strong>LUZI\u00c2NIA<\/strong>, informa que est\u00e1 recebendo curr\u00edculos para sele\u00e7\u00e3o e contrata\u00e7\u00e3o tempor\u00e1ria com natureza emergencial para atender aos interesses da Administra\u00e7\u00e3o, para <strong>assumir a fun\u00e7\u00e3o de Professor de Matem\u00e1tica, sendo 16 aulas de matem\u00e1tica, no Col\u00e9gio Estadual Maria Pereira de Vasconcelos, nos turnos vespertino e noturno.<\/strong><\/p>\n<p style=\"text-align: justify\">Os interessados devem encaminhar Curr\u00edculo ao e-mail oficial da Coordena\u00e7\u00e3o Regional de Educa\u00e7\u00e3o de Luzi\u00e2nia (sreluziania@seduc.go.gov.br), contendo os contatos telef\u00f4nicos e endere\u00e7os de e-mail para correspond\u00eancias eletr\u00f4nicas.<\/p>\n<p style=\"text-align: justify\">Oportunamente esclarece, que a Coordena\u00e7\u00e3o Regional de Educa\u00e7\u00e3o de <strong>LUZI\u00c2NIA<\/strong>, instituir\u00e1 comiss\u00e3o pr\u00f3pria para as an\u00e1lises curriculares, que ser\u00e1 composta por integrante do Sindicato da categoria e membros da CRE, objetivando assim, a ado\u00e7\u00e3o de medidas e provid\u00eancias pertinentes ao suprimento de todos os d\u00e9ficits de professores existentes na Rede Estadual de Educa\u00e7\u00e3o, que garantam os servi\u00e7os prestados \u00e0 comunidade goiana.<\/p>\n<p align=\"center\">SEDUC\/GO<\/p>\n<hr \/>\n<h3 align=\"center\"><strong>COMUNICADO<\/strong><\/h3>\n<pre style=\"text-align: center\">Publica\u00e7\u00e3o: 25\/08\/2023\nEncerramento: 30\/08\/2023 \u00e0s 18h<\/pre>\n<h3 align=\"center\"><span style=\"color: red\"><strong>ENCERRADO<\/strong><\/span><\/h3>\n<p style=\"text-align: justify\">O Governo do Estado de Goi\u00e1s, atrav\u00e9s da Secretaria de Estado da Educa\u00e7\u00e3o, diante da inexist\u00eancia de candidatos habilitados e remanescentes a serem convocados pelo Processo Seletivo Simplificado Edital n\u00ba 008\/2021 \u2013 SEAD e considerando a exist\u00eancia de d\u00e9ficits de professores nas unidades escolares pertencentes ao munic\u00edpio de <strong>LUZI\u00c2NIA<\/strong>, jurisdicionado \u00e0 Coordena\u00e7\u00e3o Regional de Educa\u00e7\u00e3o (CRE) de <strong>LUZI\u00c2NIA<\/strong>, informa que est\u00e1 recebendo curr\u00edculos para sele\u00e7\u00e3o e contrata\u00e7\u00e3o tempor\u00e1ria com natureza emergencial para atender aos interesses da Administra\u00e7\u00e3o, para <strong>assumir a fun\u00e7\u00e3o de Professor de L\u00edngua Portuguesa, sendo 32 aulas de L\u00edngua Portuguesa, Reda\u00e7\u00e3o, Empreendedorismo e Trilha, no Col\u00e9gio Estadual Jos\u00e9 de Goi\u00e1s Brasil, turnos matutino e vespertino \u2013 Munic\u00edpio de Cristalina.<\/strong><\/p>\n<p style=\"text-align: justify\">Os interessados devem encaminhar Curr\u00edculo ao e-mail oficial da Coordena\u00e7\u00e3o Regional de Educa\u00e7\u00e3o de Luzi\u00e2nia (sreluziania@seduc.go.gov.br), contendo os contatos telef\u00f4nicos e endere\u00e7os de e-mail para correspond\u00eancias eletr\u00f4nicas.<\/p>\n<p style=\"text-align: justify\">Oportunamente esclarece, que a Coordena\u00e7\u00e3o Regional de Educa\u00e7\u00e3o de <strong>LUZI\u00c2NIA<\/strong>, instituir\u00e1 comiss\u00e3o pr\u00f3pria para as an\u00e1lises curriculares, que ser\u00e1 composta por integrante do Sindicato da categoria e membros da CRE, objetivando assim, a ado\u00e7\u00e3o de medidas e provid\u00eancias pertinentes ao suprimento de todos os d\u00e9ficits de professores existentes na Rede Estadual de Educa\u00e7\u00e3o, que garantam os servi\u00e7os prestados \u00e0 comunidade goiana.<\/p>\n<p align=\"center\">SEDUC\/GO<\/p>\n<hr \/>\n<h3 align=\"center\"><strong>COMUNICADO<\/strong><\/h3>\n<pre style=\"text-align: center\">Publica\u00e7\u00e3o: 25\/08\/2023\nEncerramento: 30\/08\/2023 \u00e0s 18h<\/pre>\n<h3 align=\"center\"><span style=\"color: red\"><strong>ENCERRADO<\/strong><\/span><\/h3>\n<p style=\"text-align: justify\">O Governo do Estado de Goi\u00e1s, atrav\u00e9s da Secretaria de Estado da Educa\u00e7\u00e3o, diante da inexist\u00eancia de candidatos habilitados e remanescentes a serem convocados pelo Processo Seletivo Simplificado Edital n\u00ba 008\/2021 \u2013 SEAD e considerando a exist\u00eancia de d\u00e9ficits de professores nas unidades escolares pertencentes ao munic\u00edpio de <strong>LUZI\u00c2NIA<\/strong>, jurisdicionado \u00e0 Coordena\u00e7\u00e3o Regional de Educa\u00e7\u00e3o (CRE) de <strong>LUZI\u00c2NIA<\/strong>, informa que est\u00e1 recebendo curr\u00edculos para sele\u00e7\u00e3o e contrata\u00e7\u00e3o tempor\u00e1ria com natureza emergencial para atender aos interesses da Administra\u00e7\u00e3o, para <strong>assumir a fun\u00e7\u00e3o de Professor de Matem\u00e1tica, sendo 16 aulas de matem\u00e1tica, no Col\u00e9gio Estadual Helena Luzia Rodrigues de Queiroz, nos turnos vespertino e noturno.<\/strong><\/p>\n<p style=\"text-align: justify\">Os interessados devem encaminhar Curr\u00edculo ao e-mail oficial da Coordena\u00e7\u00e3o Regional de Educa\u00e7\u00e3o de Luzi\u00e2nia (sreluziania@seduc.go.gov.br), contendo os contatos telef\u00f4nicos e endere\u00e7os de e-mail para correspond\u00eancias eletr\u00f4nicas.<\/p>\n<p style=\"text-align: justify\">Oportunamente esclarece, que a Coordena\u00e7\u00e3o Regional de Educa\u00e7\u00e3o de <strong>LUZI\u00c2NIA<\/strong>, instituir\u00e1 comiss\u00e3o pr\u00f3pria para as an\u00e1lises curriculares, que ser\u00e1 composta por integrante do Sindicato da categoria e membros da CRE, objetivando assim, a ado\u00e7\u00e3o de medidas e provid\u00eancias pertinentes ao suprimento de todos os d\u00e9ficits de professores existentes na Rede Estadual de Educa\u00e7\u00e3o, que garantam os servi\u00e7os prestados \u00e0 comunidade goiana.<\/p>\n<p align=\"center\">SEDUC\/GO<\/p>\n<hr \/>\n<h3 align=\"center\"><strong>COMUNICADO<\/strong><\/h3>\n<pre style=\"text-align: center\">Publica\u00e7\u00e3o: 10\/08\/2023\nEncerramento: 15\/08\/2023 \u00e0s 18h<\/pre>\n<h3 align=\"center\"><span style=\"color: red\"><strong>ENCERRADO<\/strong><\/span><\/h3>\n<p style=\"text-align: justify\">O Governo do Estado de Goi\u00e1s, atrav\u00e9s da Secretaria de Estado da Educa\u00e7\u00e3o, diante da inexist\u00eancia de candidatos habilitados e remanescentes a serem convocados pelo Processo Seletivo Simplificado Edital n\u00ba 008\/2021 \u2013 SEAD e considerando a exist\u00eancia de d\u00e9ficits de professores nas unidades escolares pertencentes ao munic\u00edpio de <strong>LUZI\u00c2NIA<\/strong>, jurisdicionado \u00e0 Coordena\u00e7\u00e3o Regional de Educa\u00e7\u00e3o (CRE) de <strong>LUZI\u00c2NIA<\/strong>, informa que est\u00e1 recebendo curr\u00edculos para sele\u00e7\u00e3o e contrata\u00e7\u00e3o tempor\u00e1ria com natureza emergencial para atender aos interesses da Administra\u00e7\u00e3o, para <strong>assumir a fun\u00e7\u00e3o de Professor de Matem\u00e1tica, 16 aulas, no Col\u00e9gio Estadual Dona Torinha, no turno noturno.<\/strong><\/p>\n<p style=\"text-align: justify\">Os interessados devem encaminhar Curr\u00edculo ao e-mail oficial da Coordena\u00e7\u00e3o Regional de Educa\u00e7\u00e3o de Luzi\u00e2nia (sreluziania@seduc.go.gov.br), contendo os contatos telef\u00f4nicos e endere\u00e7os de e-mail para correspond\u00eancias eletr\u00f4nicas.<\/p>\n<p style=\"text-align: justify\">Oportunamente esclarece, que a Coordena\u00e7\u00e3o Regional de Educa\u00e7\u00e3o de <strong>LUZI\u00c2NIA<\/strong>, instituir\u00e1 comiss\u00e3o pr\u00f3pria para as an\u00e1lises curriculares, que ser\u00e1 composta por integrante do Sindicato da categoria e membros da CRE, objetivando assim, a ado\u00e7\u00e3o de medidas e provid\u00eancias pertinentes ao suprimento de todos os d\u00e9ficits de professores existentes na Rede Estadual de Educa\u00e7\u00e3o, que garantam os servi\u00e7os prestados \u00e0 comunidade goiana.<\/p>\n<p align=\"center\">SEDUC\/GO<\/p>\n<hr \/>\n<h3 align=\"center\"><strong>COMUNICADO<\/strong><\/h3>\n<pre style=\"text-align: center\">Publica\u00e7\u00e3o: 10\/08\/2023\nEncerramento: 15\/08\/2023 \u00e0s 18h<\/pre>\n<h3 align=\"center\"><span style=\"color: red\"><strong>ENCERRADO<\/strong><\/span><\/h3>\n<p style=\"text-align: justify\">O Governo do Estado de Goi\u00e1s, atrav\u00e9s da Secretaria de Estado da Educa\u00e7\u00e3o, diante da inexist\u00eancia de candidatos habilitados e remanescentes a serem convocados pelo Processo Seletivo Simplificado Edital n\u00ba 008\/2021 \u2013 SEAD e considerando a exist\u00eancia de d\u00e9ficits de professores nas unidades escolares pertencentes ao munic\u00edpio de <strong>LUZI\u00c2NIA<\/strong>, jurisdicionado \u00e0 Coordena\u00e7\u00e3o Regional de Educa\u00e7\u00e3o (CRE) de <strong>LUZI\u00c2NIA<\/strong>, informa que est\u00e1 recebendo curr\u00edculos para sele\u00e7\u00e3o e contrata\u00e7\u00e3o tempor\u00e1ria com natureza emergencial para atender aos interesses da Administra\u00e7\u00e3o, para <strong>assumir a fun\u00e7\u00e3o de Professor de Matem\u00e1tica, 40 horas, no Col\u00e9gio Estadual Dona Torinha, sendo extens\u00e3o Unidade Prisional Feminina, matutino e vespertino.<\/strong><\/p>\n<p style=\"text-align: justify\">Os interessados devem encaminhar Curr\u00edculo ao e-mail oficial da Coordena\u00e7\u00e3o Regional de Educa\u00e7\u00e3o de Luzi\u00e2nia (sreluziania@seduc.go.gov.br), contendo os contatos telef\u00f4nicos e endere\u00e7os de e-mail para correspond\u00eancias eletr\u00f4nicas.<\/p>\n<p style=\"text-align: justify\">Oportunamente esclarece, que a Coordena\u00e7\u00e3o Regional de Educa\u00e7\u00e3o de <strong>LUZI\u00c2NIA<\/strong>, instituir\u00e1 comiss\u00e3o pr\u00f3pria para as an\u00e1lises curriculares, que ser\u00e1 composta por integrante do Sindicato da categoria e membros da CRE, objetivando assim, a ado\u00e7\u00e3o de medidas e provid\u00eancias pertinentes ao suprimento de todos os d\u00e9ficits de professores existentes na Rede Estadual de Educa\u00e7\u00e3o, que garantam os servi\u00e7os prestados \u00e0 comunidade goiana.<\/p>\n<p style=\"text-align: center\">SEDUC\/GO<\/p>\n<hr \/>\n<h3 align=\"center\"><strong>COMUNICADO<\/strong><\/h3>\n<pre style=\"text-align: center\">Publica\u00e7\u00e3o: 10\/08\/2023\nEncerramento: 15\/08\/2023 \u00e0s 18h<\/pre>\n<h3 align=\"center\"><span style=\"color: red\"><strong>ENCERRADO<\/strong><\/span><\/h3>\n<p style=\"text-align: justify\">O Governo do Estado de Goi\u00e1s, atrav\u00e9s da Secretaria de Estado da Educa\u00e7\u00e3o, diante da inexist\u00eancia de candidatos habilitados e remanescentes a serem convocados pelo Processo Seletivo Simplificado Edital n\u00ba 008\/2021 \u2013 SEAD e considerando a exist\u00eancia de d\u00e9ficits de professores nas unidades escolares pertencentes ao munic\u00edpio de <strong>LUZI\u00c2NIA<\/strong>, jurisdicionado \u00e0 Coordena\u00e7\u00e3o Regional de Educa\u00e7\u00e3o (CRE) de <strong>LUZI\u00c2NIA<\/strong>, informa que est\u00e1 recebendo curr\u00edculos para sele\u00e7\u00e3o e contrata\u00e7\u00e3o tempor\u00e1ria com natureza emergencial para atender aos interesses da Administra\u00e7\u00e3o, para <strong>assumir a fun\u00e7\u00e3o de Int\u00e9rprete de L\u00edngua Brasileira de Sinais no Col\u00e9gio Estadual Delfino Ocl\u00e9cio Machado, turno vespertino.<\/strong><\/p>\n<p style=\"text-align: justify\">Os interessados devem encaminhar Curr\u00edculo ao e-mail oficial da Coordena\u00e7\u00e3o Regional de Educa\u00e7\u00e3o de Luzi\u00e2nia (sreluziania@seduc.go.gov.br), contendo os contatos telef\u00f4nicos e endere\u00e7os de e-mail para correspond\u00eancias eletr\u00f4nicas.<\/p>\n<p style=\"text-align: justify\">Oportunamente esclarece, que a Coordena\u00e7\u00e3o Regional de Educa\u00e7\u00e3o de <strong>LUZI\u00c2NIA<\/strong>, instituir\u00e1 comiss\u00e3o pr\u00f3pria para as an\u00e1lises curriculares, que ser\u00e1 composta por integrante do Sindicato da categoria e membros da CRE, objetivando assim, a ado\u00e7\u00e3o de medidas e provid\u00eancias pertinentes ao suprimento de todos os d\u00e9ficits de professores existentes na Rede Estadual de Educa\u00e7\u00e3o, que garantam os servi\u00e7os prestados \u00e0 comunidade goiana.<\/p>\n<p align=\"center\">SEDUC\/GO<\/p>\n<hr \/>\n<h3 align=\"center\"><strong>COMUNICADO<\/strong><\/h3>\n<pre style=\"text-align: center\">Publica\u00e7\u00e3o: 09\/08\/2023\nEncerramento: 14\/08\/2023 \u00e0s 18h<\/pre>\n<h3 align=\"center\"><span style=\"color: red\"><strong>ENCERRADO<\/strong><\/span><\/h3>\n<p style=\"text-align: justify\">O Governo do Estado de Goi\u00e1s, atrav\u00e9s da Secretaria de Estado da Educa\u00e7\u00e3o, diante da inexist\u00eancia de candidatos habilitados e remanescentes a serem convocados pelo Processo Seletivo Simplificado Edital n\u00ba 008\/2021 \u2013 SEAD e considerando a exist\u00eancia de d\u00e9ficits de professores nas unidades escolares pertencentes ao munic\u00edpio de <strong>LUZI\u00c2NIA<\/strong>, jurisdicionado \u00e0 Coordena\u00e7\u00e3o Regional de Educa\u00e7\u00e3o (CRE) de <strong>LUZI\u00c2NIA<\/strong>, informa que est\u00e1 recebendo curr\u00edculos para sele\u00e7\u00e3o e contrata\u00e7\u00e3o tempor\u00e1ria com natureza emergencial para atender aos interesses da Administra\u00e7\u00e3o, para <strong>assumir a fun\u00e7\u00e3o de Coordenador Pedag\u00f3gico no CPMG \u2013 Ely da Silva Braz \u2013 nos turnos matutino e vespertino.<\/strong><\/p>\n<p style=\"text-align: justify\">Os interessados devem encaminhar Curr\u00edculo ao e-mail oficial da Coordena\u00e7\u00e3o Regional de Educa\u00e7\u00e3o de Luzi\u00e2nia (sreluziania@seduc.go.gov.br), contendo os contatos telef\u00f4nicos e endere\u00e7os de e-mail para correspond\u00eancias eletr\u00f4nicas.<\/p>\n<p style=\"text-align: justify\">Oportunamente esclarece, que a Coordena\u00e7\u00e3o Regional de Educa\u00e7\u00e3o de <strong>LUZI\u00c2NIA<\/strong>, instituir\u00e1 comiss\u00e3o pr\u00f3pria para as an\u00e1lises curriculares, que ser\u00e1 composta por integrante do Sindicato da categoria e membros da CRE, objetivando assim, a ado\u00e7\u00e3o de medidas e provid\u00eancias pertinentes ao suprimento de todos os d\u00e9ficits de professores existentes na Rede Estadual de Educa\u00e7\u00e3o, que garantam os servi\u00e7os prestados \u00e0 comunidade goiana.<\/p>\n<p align=\"center\">SEDUC\/GO<\/p>\n<hr \/>\n<h3 align=\"center\"><strong>COMUNICADO<\/strong><\/h3>\n<pre style=\"text-align: center\">Publica\u00e7\u00e3o: 09\/08\/2023\nEncerramento: 14\/08\/2023 \u00e0s 18h<\/pre>\n<h3 align=\"center\"><span style=\"color: red\"><strong>ENCERRADO<\/strong><\/span><\/h3>\n<p style=\"text-align: justify\">O Governo do Estado de Goi\u00e1s, atrav\u00e9s da Secretaria de Estado da Educa\u00e7\u00e3o, diante da inexist\u00eancia de candidatos habilitados e remanescentes a serem convocados pelo Processo Seletivo Simplificado Edital n\u00ba 008\/2021 \u2013 SEAD e considerando a exist\u00eancia de d\u00e9ficits de professores nas unidades escolares pertencentes ao munic\u00edpio de <strong>LUZI\u00c2NIA<\/strong>, jurisdicionado \u00e0 Coordena\u00e7\u00e3o Regional de Educa\u00e7\u00e3o (CRE) de <strong>LUZI\u00c2NIA<\/strong>, informa que est\u00e1 recebendo curr\u00edculos para sele\u00e7\u00e3o e contrata\u00e7\u00e3o tempor\u00e1ria com natureza emergencial para atender aos interesses da Administra\u00e7\u00e3o, para <strong>assumir a fun\u00e7\u00e3o de Professor de Hist\u00f3ria no CEPI \u2013 Zulca Peixoto de Paiva, turno integral, munic\u00edpio de Cristalina.<\/strong><\/p>\n<p style=\"text-align: justify\">Os interessados devem encaminhar Curr\u00edculo ao e-mail oficial da Coordena\u00e7\u00e3o Regional de Educa\u00e7\u00e3o de Luzi\u00e2nia (sreluziania@seduc.go.gov.br), contendo os contatos telef\u00f4nicos e endere\u00e7os de e-mail para correspond\u00eancias eletr\u00f4nicas.<\/p>\n<p style=\"text-align: justify\">Oportunamente esclarece, que a Coordena\u00e7\u00e3o Regional de Educa\u00e7\u00e3o de <strong>LUZI\u00c2NIA<\/strong>, instituir\u00e1 comiss\u00e3o pr\u00f3pria para as an\u00e1lises curriculares, que ser\u00e1 composta por integrante do Sindicato da categoria e membros da CRE, objetivando assim, a ado\u00e7\u00e3o de medidas e provid\u00eancias pertinentes ao suprimento de todos os d\u00e9ficits de professores existentes na Rede Estadual de Educa\u00e7\u00e3o, que garantam os servi\u00e7os prestados \u00e0 comunidade goiana.<\/p>\n<p align=\"center\">SEDUC\/GO<\/p>\n<hr \/>\n<h3 align=\"center\"><strong>COMUNICADO<\/strong><\/h3>\n<pre style=\"text-align: center\">Publica\u00e7\u00e3o: 09\/08\/2023\nEncerramento: 14\/08\/2023 \u00e0s 18h<\/pre>\n<h3 align=\"center\"><span style=\"color: red\"><strong>ENCERRADO<\/strong><\/span><\/h3>\n<p style=\"text-align: justify\">O Governo do Estado de Goi\u00e1s, atrav\u00e9s da Secretaria de Estado da Educa\u00e7\u00e3o, diante da inexist\u00eancia de candidatos habilitados e remanescentes a serem convocados pelo Processo Seletivo Simplificado Edital n\u00ba 008\/2021 \u2013 SEAD e considerando a exist\u00eancia de d\u00e9ficits de professores nas unidades escolares pertencentes ao munic\u00edpio de <strong>LUZI\u00c2NIA<\/strong>, jurisdicionado \u00e0 Coordena\u00e7\u00e3o Regional de Educa\u00e7\u00e3o (CRE) de <strong>LUZI\u00c2NIA<\/strong>, informa que est\u00e1 recebendo curr\u00edculos para sele\u00e7\u00e3o e contrata\u00e7\u00e3o tempor\u00e1ria com natureza emergencial para atender aos interesses da Administra\u00e7\u00e3o, para <strong>assumir a fun\u00e7\u00e3o de Int\u00e9rprete de L\u00edngua Brasileira de Sinais CEPI \u2013 Maria Abadia Salom\u00e3o, turno integral.<\/strong><\/p>\n<p style=\"text-align: justify\">Os interessados devem encaminhar Curr\u00edculo ao e-mail oficial da Coordena\u00e7\u00e3o Regional de Educa\u00e7\u00e3o de Luzi\u00e2nia (sreluziania@seduc.go.gov.br), contendo os contatos telef\u00f4nicos e endere\u00e7os de e-mail para correspond\u00eancias eletr\u00f4nicas.<\/p>\n<p style=\"text-align: justify\">Oportunamente esclarece, que a Coordena\u00e7\u00e3o Regional de Educa\u00e7\u00e3o de <strong>LUZI\u00c2NIA<\/strong>, instituir\u00e1 comiss\u00e3o pr\u00f3pria para as an\u00e1lises curriculares, que ser\u00e1 composta por integrante do Sindicato da categoria e membros da CRE, objetivando assim, a ado\u00e7\u00e3o de medidas e provid\u00eancias pertinentes ao suprimento de todos os d\u00e9ficits de professores existentes na Rede Estadual de Educa\u00e7\u00e3o, que garantam os servi\u00e7os prestados \u00e0 comunidade goiana.<\/p>\n<p align=\"center\">SEDUC\/GO<\/p>\n<hr \/>\n<h3 align=\"center\"><strong>COMUNICADO<\/strong><\/h3>\n<pre style=\"text-align: center\">Publica\u00e7\u00e3o: 09\/08\/2023\nEncerramento: 14\/08\/2023 \u00e0s 18h<\/pre>\n<h3 align=\"center\"><span style=\"color: red\"><strong>ENCERRADO<\/strong><\/span><\/h3>\n<p style=\"text-align: justify\">O Governo do Estado de Goi\u00e1s, atrav\u00e9s da Secretaria de Estado da Educa\u00e7\u00e3o, diante da inexist\u00eancia de candidatos habilitados e remanescentes a serem convocados pelo Processo Seletivo Simplificado Edital n\u00ba 008\/2021 \u2013 SEAD e considerando a exist\u00eancia de d\u00e9ficits de professores nas unidades escolares pertencentes ao munic\u00edpio de <strong>LUZI\u00c2NIA<\/strong>, jurisdicionado \u00e0 Coordena\u00e7\u00e3o Regional de Educa\u00e7\u00e3o (CRE) de <strong>LUZI\u00c2NIA<\/strong>, informa que est\u00e1 recebendo curr\u00edculos para sele\u00e7\u00e3o e contrata\u00e7\u00e3o tempor\u00e1ria com natureza emergencial para atender aos interesses da Administra\u00e7\u00e3o, para <strong>assumir a fun\u00e7\u00e3o de Professor, sendo 32 aulas de qu\u00edmica e f\u00edsica, no Col\u00e9gio Estadual Jos\u00e9 de Goi\u00e1s Brasil, nos turnos matutino e vespertino, munic\u00edpio de Cristalina.<\/strong><\/p>\n<p style=\"text-align: justify\">Os interessados devem encaminhar Curr\u00edculo ao e-mail oficial da Coordena\u00e7\u00e3o Regional de Educa\u00e7\u00e3o de Luzi\u00e2nia (sreluziania@seduc.go.gov.br), contendo os contatos telef\u00f4nicos e endere\u00e7os de e-mail para correspond\u00eancias eletr\u00f4nicas.<\/p>\n<p style=\"text-align: justify\">Oportunamente esclarece, que a Coordena\u00e7\u00e3o Regional de Educa\u00e7\u00e3o de <strong>LUZI\u00c2NIA<\/strong>, instituir\u00e1 comiss\u00e3o pr\u00f3pria para as an\u00e1lises curriculares, que ser\u00e1 composta por integrante do Sindicato da categoria e membros da CRE, objetivando assim, a ado\u00e7\u00e3o de medidas e provid\u00eancias pertinentes ao suprimento de todos os d\u00e9ficits de professores existentes na Rede Estadual de Educa\u00e7\u00e3o, que garantam os servi\u00e7os prestados \u00e0 comunidade goiana.<\/p>\n<p align=\"center\">SEDUC\/GO<\/p>\n<hr \/>\n<h3 align=\"center\"><strong>COMUNICADO<\/strong><\/h3>\n<pre style=\"text-align: center\">Publica\u00e7\u00e3o: 09\/08\/2023\nEncerramento: 14\/08\/2023 \u00e0s 18h<\/pre>\n<h3 align=\"center\"><span style=\"color: red\"><strong>ENCERRADO<\/strong><\/span><\/h3>\n<p style=\"text-align: justify\">O Governo do Estado de Goi\u00e1s, atrav\u00e9s da Secretaria de Estado da Educa\u00e7\u00e3o, diante da inexist\u00eancia de candidatos habilitados e remanescentes a serem convocados pelo Processo Seletivo Simplificado Edital n\u00ba 008\/2021 \u2013 SEAD e considerando a exist\u00eancia de d\u00e9ficits de professores nas unidades escolares pertencentes ao munic\u00edpio de <strong>LUZI\u00c2NIA<\/strong>, jurisdicionado \u00e0 Coordena\u00e7\u00e3o Regional de Educa\u00e7\u00e3o (CRE) de <strong>LUZI\u00c2NIA<\/strong>, informa que est\u00e1 recebendo curr\u00edculos para sele\u00e7\u00e3o e contrata\u00e7\u00e3o tempor\u00e1ria com natureza emergencial para atender aos interesses da Administra\u00e7\u00e3o, para <strong>assumir a fun\u00e7\u00e3o de Coordenador Pedag\u00f3gico no Col\u00e9gio Estadual Il\u00eddio de Souza Lemos, no turno matutino, Distrito de Maniratuba \/ Luzi\u00e2nia.<\/strong><\/p>\n<p style=\"text-align: justify\">Os interessados devem encaminhar Curr\u00edculo ao e-mail oficial da Coordena\u00e7\u00e3o Regional de Educa\u00e7\u00e3o de Luzi\u00e2nia (sreluziania@seduc.go.gov.br), contendo os contatos telef\u00f4nicos e endere\u00e7os de e-mail para correspond\u00eancias eletr\u00f4nicas.<\/p>\n<p style=\"text-align: justify\">Oportunamente esclarece, que a Coordena\u00e7\u00e3o Regional de Educa\u00e7\u00e3o de <strong>LUZI\u00c2NIA<\/strong>, instituir\u00e1 comiss\u00e3o pr\u00f3pria para as an\u00e1lises curriculares, que ser\u00e1 composta por integrante do Sindicato da categoria e membros da CRE, objetivando assim, a ado\u00e7\u00e3o de medidas e provid\u00eancias pertinentes ao suprimento de todos os d\u00e9ficits de professores existentes na Rede Estadual de Educa\u00e7\u00e3o, que garantam os servi\u00e7os prestados \u00e0 comunidade goiana.<\/p>\n<p style=\"text-align: center\">SEDUC\/GO<\/p>\n<hr \/>\n<h3 align=\"center\"><strong>COMUNICADO<\/strong><\/h3>\n<pre style=\"text-align: center\">Publica\u00e7\u00e3o: 09\/08\/2023\nEncerramento: 14\/08\/2023 \u00e0s 18h<\/pre>\n<h3 align=\"center\"><span style=\"color: red\"><strong>ENCERRADO<\/strong><\/span><\/h3>\n<p style=\"text-align: justify\">O Governo do Estado de Goi\u00e1s, atrav\u00e9s da Secretaria de Estado da Educa\u00e7\u00e3o, diante da inexist\u00eancia de candidatos habilitados e remanescentes a serem convocados pelo Processo Seletivo Simplificado Edital n\u00ba 008\/2021 \u2013 SEAD e considerando a exist\u00eancia de d\u00e9ficits de professores nas unidades escolares pertencentes ao munic\u00edpio de <strong>LUZI\u00c2NIA<\/strong>, jurisdicionado \u00e0 Coordena\u00e7\u00e3o Regional de Educa\u00e7\u00e3o (CRE) de <strong>LUZI\u00c2NIA<\/strong>, informa que est\u00e1 recebendo curr\u00edculos para sele\u00e7\u00e3o e contrata\u00e7\u00e3o tempor\u00e1ria com natureza emergencial para atender aos interesses da Administra\u00e7\u00e3o, para <strong>assumir a fun\u00e7\u00e3o de Int\u00e9rprete de L\u00edngua Brasileira de Sinais CEPI \u2013 Maria Abadia Salom\u00e3o, turno vespertino.<\/strong><\/p>\n<p style=\"text-align: justify\">Os interessados devem encaminhar Curr\u00edculo ao e-mail oficial da Coordena\u00e7\u00e3o Regional de Educa\u00e7\u00e3o de Luzi\u00e2nia (sreluziania@seduc.go.gov.br), contendo os contatos telef\u00f4nicos e endere\u00e7os de e-mail para correspond\u00eancias eletr\u00f4nicas.<\/p>\n<p style=\"text-align: justify\">Oportunamente esclarece, que a Coordena\u00e7\u00e3o Regional de Educa\u00e7\u00e3o de <strong>LUZI\u00c2NIA<\/strong>, instituir\u00e1 comiss\u00e3o pr\u00f3pria para as an\u00e1lises curriculares, que ser\u00e1 composta por integrante do Sindicato da categoria e membros da CRE, objetivando assim, a ado\u00e7\u00e3o de medidas e provid\u00eancias pertinentes ao suprimento de todos os d\u00e9ficits de professores existentes na Rede Estadual de Educa\u00e7\u00e3o, que garantam os servi\u00e7os prestados \u00e0 comunidade goiana.<\/p>\n<p align=\"center\">SEDUC\/GO<\/p>\n<hr \/>\n<h3 align=\"center\"><strong>COMUNICADO<\/strong><\/h3>\n<pre style=\"text-align: center\">Publica\u00e7\u00e3o: 09\/08\/2023\nEncerramento: 14\/08\/2023 \u00e0s 18h<\/pre>\n<h3 align=\"center\"><span style=\"color: red\"><strong>ENCERRADO<\/strong><\/span><\/h3>\n<p style=\"text-align: justify\">O Governo do Estado de Goi\u00e1s, atrav\u00e9s da Secretaria de Estado da Educa\u00e7\u00e3o, diante da inexist\u00eancia de candidatos habilitados e remanescentes a serem convocados pelo Processo Seletivo Simplificado Edital n\u00ba 008\/2021 \u2013 SEAD e considerando a exist\u00eancia de d\u00e9ficits de professores nas unidades escolares pertencentes ao munic\u00edpio de <strong>LUZI\u00c2NIA<\/strong>, jurisdicionado \u00e0 Coordena\u00e7\u00e3o Regional de Educa\u00e7\u00e3o (CRE) de <strong>LUZI\u00c2NIA<\/strong>, informa que est\u00e1 recebendo curr\u00edculos para sele\u00e7\u00e3o e contrata\u00e7\u00e3o tempor\u00e1ria com natureza emergencial para atender aos interesses da Administra\u00e7\u00e3o, para <strong>assumir a fun\u00e7\u00e3o de Coordenador Pedag\u00f3gico no Col\u00e9gio Estadual de Campos Lindos, nos turnos matutino e vespertino, Distrito de Campos Lindos \/ Cristalina.<\/strong><\/p>\n<p style=\"text-align: justify\">Os interessados devem encaminhar Curr\u00edculo ao e-mail oficial da Coordena\u00e7\u00e3o Regional de Educa\u00e7\u00e3o de Luzi\u00e2nia (sreluziania@seduc.go.gov.br), contendo os contatos telef\u00f4nicos e endere\u00e7os de e-mail para correspond\u00eancias eletr\u00f4nicas.<\/p>\n<p style=\"text-align: justify\">Oportunamente esclarece, que a Coordena\u00e7\u00e3o Regional de Educa\u00e7\u00e3o de <strong>LUZI\u00c2NIA<\/strong>, instituir\u00e1 comiss\u00e3o pr\u00f3pria para as an\u00e1lises curriculares, que ser\u00e1 composta por integrante do Sindicato da categoria e membros da CRE, objetivando assim, a ado\u00e7\u00e3o de medidas e provid\u00eancias pertinentes ao suprimento de todos os d\u00e9ficits de professores existentes na Rede Estadual de Educa\u00e7\u00e3o, que garantam os servi\u00e7os prestados \u00e0 comunidade goiana.<\/p>\n<p align=\"center\">SEDUC\/GO<\/p>\n<hr \/>\n<h3 align=\"center\"><strong>COMUNICADO<\/strong><\/h3>\n<pre style=\"text-align: center\">Publica\u00e7\u00e3o: 09\/08\/2023\nEncerramento: 14\/08\/2023 \u00e0s 18h<\/pre>\n<h3 align=\"center\"><span style=\"color: red\"><strong>ENCERRADO<\/strong><\/span><\/h3>\n<p style=\"text-align: justify\">O Governo do Estado de Goi\u00e1s, atrav\u00e9s da Secretaria de Estado da Educa\u00e7\u00e3o, diante da inexist\u00eancia de candidatos habilitados e remanescentes a serem convocados pelo Processo Seletivo Simplificado Edital n\u00ba 008\/2021 \u2013 SEAD e considerando a exist\u00eancia de d\u00e9ficits de professores nas unidades escolares pertencentes ao munic\u00edpio de <strong>LUZI\u00c2NIA<\/strong>, jurisdicionado \u00e0 Coordena\u00e7\u00e3o Regional de Educa\u00e7\u00e3o (CRE) de <strong>LUZI\u00c2NIA<\/strong>, informa que est\u00e1 recebendo curr\u00edculos para sele\u00e7\u00e3o e contrata\u00e7\u00e3o tempor\u00e1ria com natureza emergencial para atender aos interesses da Administra\u00e7\u00e3o, para <strong>assumir a fun\u00e7\u00e3o de Professor, sendo 32 aulas L\u00edngua Portuguesa, Reda\u00e7\u00e3o e Ingl\u00eas no Col\u00e9gio Estadual Alceu de Ara\u00fajo Roriz,\u00a0 nos turnos matutino, vespertino e noturno.<\/strong><\/p>\n<p style=\"text-align: justify\">Os interessados devem encaminhar Curr\u00edculo ao e-mail oficial da Coordena\u00e7\u00e3o Regional de Educa\u00e7\u00e3o de Luzi\u00e2nia (sreluziania@seduc.go.gov.br), contendo os contatos telef\u00f4nicos e endere\u00e7os de e-mail para correspond\u00eancias eletr\u00f4nicas.<\/p>\n<p style=\"text-align: justify\">Oportunamente esclarece, que a Coordena\u00e7\u00e3o Regional de Educa\u00e7\u00e3o de <strong>LUZI\u00c2NIA<\/strong>, instituir\u00e1 comiss\u00e3o pr\u00f3pria para as an\u00e1lises curriculares, que ser\u00e1 composta por integrante do Sindicato da categoria e membros da CRE, objetivando assim, a ado\u00e7\u00e3o de medidas e provid\u00eancias pertinentes ao suprimento de todos os d\u00e9ficits de professores existentes na Rede Estadual de Educa\u00e7\u00e3o, que garantam os servi\u00e7os prestados \u00e0 comunidade goiana.<\/p>\n<p align=\"center\">SEDUC\/GO<\/p>\n<hr \/>\n<h3 align=\"center\"><strong>COMUNICADO<\/strong><\/h3>\n<pre style=\"text-align: center\">Publica\u00e7\u00e3o: 09\/08\/2023\nEncerramento: 14\/08\/2023 \u00e0s 18h<\/pre>\n<h3 align=\"center\"><span style=\"color: red\"><strong>ENCERRADO<\/strong><\/span><\/h3>\n<p style=\"text-align: justify\">O Governo do Estado de Goi\u00e1s, atrav\u00e9s da Secretaria de Estado da Educa\u00e7\u00e3o, diante da inexist\u00eancia de candidatos habilitados e remanescentes a serem convocados pelo Processo Seletivo Simplificado Edital n\u00ba 008\/2021 \u2013 SEAD e considerando a exist\u00eancia de d\u00e9ficits de professores nas unidades escolares pertencentes ao munic\u00edpio de <strong>LUZI\u00c2NIA<\/strong>, jurisdicionado \u00e0 Coordena\u00e7\u00e3o Regional de Educa\u00e7\u00e3o (CRE) de <strong>LUZI\u00c2NIA<\/strong>, informa que est\u00e1 recebendo curr\u00edculos para sele\u00e7\u00e3o e contrata\u00e7\u00e3o tempor\u00e1ria com natureza emergencial para atender aos interesses da Administra\u00e7\u00e3o, para <strong>assumir a fun\u00e7\u00e3o de Int\u00e9rprete de L\u00edngua Brasileira de Sinais no Col\u00e9gio Estadual Adelvina Flores Ribeiro, turno vespertino \u2013 Mun\u00edcipio de Cristalina.<\/strong><\/p>\n<p style=\"text-align: justify\">Os interessados devem encaminhar Curr\u00edculo ao e-mail oficial da Coordena\u00e7\u00e3o Regional de Educa\u00e7\u00e3o de Luzi\u00e2nia (sreluziania@seduc.go.gov.br), contendo os contatos telef\u00f4nicos e endere\u00e7os de e-mail para correspond\u00eancias eletr\u00f4nicas.<\/p>\n<p style=\"text-align: justify\">Oportunamente esclarece, que a Coordena\u00e7\u00e3o Regional de Educa\u00e7\u00e3o de <strong>LUZI\u00c2NIA<\/strong>, instituir\u00e1 comiss\u00e3o pr\u00f3pria para as an\u00e1lises curriculares, que ser\u00e1 composta por integrante do Sindicato da categoria e membros da CRE, objetivando assim, a ado\u00e7\u00e3o de medidas e provid\u00eancias pertinentes ao suprimento de todos os d\u00e9ficits de professores existentes na Rede Estadual de Educa\u00e7\u00e3o, que garantam os servi\u00e7os prestados \u00e0 comunidade goiana.<\/p>\n<p align=\"center\">SEDUC\/GO<\/p>\n<hr \/>\n<h3 align=\"center\"><strong>COMUNICADO<\/strong><\/h3>\n<pre style=\"text-align: center\">Publica\u00e7\u00e3o: 12\/06\/2023\nEncerramento: 15\/06\/2023 \u00e0s 18h<\/pre>\n<h3 align=\"center\"><span style=\"color: red\"><strong>ENCERRADO<\/strong><\/span><\/h3>\n<p style=\"text-align: justify\">O Governo do Estado de Goi\u00e1s, atrav\u00e9s da Secretaria de Estado da Educa\u00e7\u00e3o, diante da inexist\u00eancia de candidatos habilitados e remanescentes a serem convocados pelo Processo Seletivo Simplificado Edital n\u00ba 008\/2021 \u2013 SEAD e considerando a exist\u00eancia de d\u00e9ficits de professores nas unidades escolares pertencentes ao munic\u00edpio de <strong>LUZI\u00c2NIA<\/strong>, jurisdicionado \u00e0 Coordena\u00e7\u00e3o Regional de Educa\u00e7\u00e3o (CRE) de <strong>LUZI\u00c2NIA<\/strong>, informa que est\u00e1 recebendo curr\u00edculos para sele\u00e7\u00e3o e contrata\u00e7\u00e3o tempor\u00e1ria com natureza emergencial para atender aos interesses da Administra\u00e7\u00e3o, para <strong>assumir a fun\u00e7\u00e3o de Professor, sendo 32 aulas de Matem\u00e1tica, T\u00f3pico de Matem\u00e1tica e Estudo Orientado, no CPMG Ely da Silva Braz.<\/strong><\/p>\n<p style=\"text-align: justify\">Os interessados devem encaminhar Curr\u00edculo ao e-mail oficial da Coordena\u00e7\u00e3o Regional de Educa\u00e7\u00e3o de Luzi\u00e2nia (sreluziania@seduc.go.gov.br), contendo os contatos telef\u00f4nicos e endere\u00e7os de e-mail para correspond\u00eancias eletr\u00f4nicas.<\/p>\n<p style=\"text-align: justify\">Oportunamente esclarece, que a Coordena\u00e7\u00e3o Regional de Educa\u00e7\u00e3o de <strong>LUZI\u00c2NIA<\/strong>, instituir\u00e1 comiss\u00e3o pr\u00f3pria para as an\u00e1lises curriculares, que ser\u00e1 composta por integrante do Sindicato da categoria e membros da CRE, objetivando assim, a ado\u00e7\u00e3o de medidas e provid\u00eancias pertinentes ao suprimento de todos os d\u00e9ficits de professores existentes na Rede Estadual de Educa\u00e7\u00e3o, que garantam os servi\u00e7os prestados \u00e0 comunidade goiana.<\/p>\n<p align=\"center\">SEDUC\/GO<\/p>\n<hr \/>\n<h3 align=\"center\"><strong>COMUNICADO<\/strong><\/h3>\n<pre style=\"text-align: center\">Publica\u00e7\u00e3o: 30\/05\/2023\nEncerramento: 02\/06\/2023 \u00e0s 18h<\/pre>\n<h3 align=\"center\"><span style=\"color: red\"><strong>ENCERRADO<\/strong><\/span><\/h3>\n<p style=\"text-align: justify\">O Governo do Estado de Goi\u00e1s, atrav\u00e9s da Secretaria de Estado da Educa\u00e7\u00e3o, diante da inexist\u00eancia de candidatos habilitados e remanescentes a serem convocados pelo Processo Seletivo Simplificado Edital n\u00ba 008\/2021 \u2013 SEAD e considerando a exist\u00eancia de d\u00e9ficits de professores nas unidades escolares pertencentes ao munic\u00edpio de <strong>LUZI\u00c2NIA<\/strong>, jurisdicionado \u00e0 Coordena\u00e7\u00e3o Regional de Educa\u00e7\u00e3o (CRE) de <strong>LUZI\u00c2NIA<\/strong>, informa que est\u00e1 recebendo curr\u00edculos para sele\u00e7\u00e3o e contrata\u00e7\u00e3o tempor\u00e1ria com natureza emergencial para atender aos interesses da Administra\u00e7\u00e3o, para <strong>assumir a fun\u00e7\u00e3o <\/strong><strong>Professor de L\u00edngua Portuguesa, para ministrar 32 aulas de L\u00edngua Portuguesa, Reda\u00e7\u00e3o e Produ\u00e7\u00e3o Textual nos turnos, matutino, vespertino e noturno <\/strong>no Col\u00e9gio Estadual Helena Luzia Rodrigues de Queiroz.<\/p>\n<p style=\"text-align: justify\">Os interessados devem encaminhar Curr\u00edculo ao e-mail oficial da Coordena\u00e7\u00e3o Regional de Educa\u00e7\u00e3o de Luzi\u00e2nia (sreluziania@seduc.go.gov.br), contendo os contatos telef\u00f4nicos e endere\u00e7os de e-mail para correspond\u00eancias eletr\u00f4nicas.<\/p>\n<p style=\"text-align: justify\">Oportunamente esclarece, que a Coordena\u00e7\u00e3o Regional de Educa\u00e7\u00e3o de <strong>LUZI\u00c2NIA<\/strong>, instituir\u00e1 comiss\u00e3o pr\u00f3pria para as an\u00e1lises curriculares, que ser\u00e1 composta por integrante do Sindicato da categoria e membros da CRE, objetivando assim, a ado\u00e7\u00e3o de medidas e provid\u00eancias pertinentes ao suprimento de todos os d\u00e9ficits de professores existentes na Rede Estadual de Educa\u00e7\u00e3o, que garantam os servi\u00e7os prestados \u00e0 comunidade goiana.<\/p>\n<p align=\"center\">SEDUC\/GO<\/p>\n<hr \/>\n<h3 align=\"center\"><strong>COMUNICADO<\/strong><\/h3>\n<pre style=\"text-align: center\">Publica\u00e7\u00e3o: 30\/05\/2023\nEncerramento: 02\/06\/2023 \u00e0s 18h<\/pre>\n<h3 align=\"center\"><span style=\"color: red\"><strong>ENCERRADO<\/strong><\/span><\/h3>\n<p style=\"text-align: justify\">O Governo do Estado de Goi\u00e1s, atrav\u00e9s da Secretaria de Estado da Educa\u00e7\u00e3o, diante da inexist\u00eancia de candidatos habilitados e remanescentes a serem convocados pelo Processo Seletivo Simplificado Edital n\u00ba 008\/2021 \u2013 SEAD e considerando a exist\u00eancia de d\u00e9ficits de professores nas unidades escolares pertencentes ao munic\u00edpio de <strong>LUZI\u00c2NIA<\/strong>, jurisdicionado \u00e0 Coordena\u00e7\u00e3o Regional de Educa\u00e7\u00e3o (CRE) de <strong>LUZI\u00c2NIA<\/strong>, informa que est\u00e1 recebendo curr\u00edculos para sele\u00e7\u00e3o e contrata\u00e7\u00e3o tempor\u00e1ria com natureza emergencial para atender aos interesses da Administra\u00e7\u00e3o, para <strong>assumir a fun\u00e7\u00e3o <\/strong><strong>Professor Pedagogo para ministrar 20 aulas de Arte, Estudo Orientado e Ensino Religioso nos turnos matutino, vespertino e noturno, no Col\u00e9gio Estadual de Campos Lindos, Distrito de Campos Lindos, Munic\u00edpio de Cristalina.<\/strong><\/p>\n<p style=\"text-align: justify\">Os interessados devem encaminhar Curr\u00edculo ao e-mail oficial da Coordena\u00e7\u00e3o Regional de Educa\u00e7\u00e3o de Luzi\u00e2nia (sreluziania@seduc.go.gov.br), contendo os contatos telef\u00f4nicos e endere\u00e7os de e-mail para correspond\u00eancias eletr\u00f4nicas.<\/p>\n<p style=\"text-align: justify\">Oportunamente esclarece, que a Coordena\u00e7\u00e3o Regional de Educa\u00e7\u00e3o de <strong>LUZI\u00c2NIA<\/strong>, instituir\u00e1 comiss\u00e3o pr\u00f3pria para as an\u00e1lises curriculares, que ser\u00e1 composta por integrante do Sindicato da categoria e membros da CRE, objetivando assim, a ado\u00e7\u00e3o de medidas e provid\u00eancias pertinentes ao suprimento de todos os d\u00e9ficits de professores existentes na Rede Estadual de Educa\u00e7\u00e3o, que garantam os servi\u00e7os prestados \u00e0 comunidade goiana.<\/p>\n<p align=\"center\">SEDUC\/GO<\/p>\n<hr \/>\n<h3 align=\"center\"><strong>COMUNICADO<\/strong><\/h3>\n<pre style=\"text-align: center\">Publica\u00e7\u00e3o: 30\/05\/2023\nEncerramento: 02\/06\/2023 \u00e0s 18h<\/pre>\n<h3 align=\"center\"><span style=\"color: red\"><strong>ENCERRADO<\/strong><\/span><\/h3>\n<p style=\"text-align: justify\">O Governo do Estado de Goi\u00e1s, atrav\u00e9s da Secretaria de Estado da Educa\u00e7\u00e3o, diante da inexist\u00eancia de candidatos habilitados e remanescentes a serem convocados pelo Processo Seletivo Simplificado Edital n\u00ba 008\/2021 \u2013 SEAD e considerando a exist\u00eancia de d\u00e9ficits de professores nas unidades escolares pertencentes ao munic\u00edpio de <strong>LUZI\u00c2NIA<\/strong>, jurisdicionado \u00e0 Coordena\u00e7\u00e3o Regional de Educa\u00e7\u00e3o (CRE) de <strong>LUZI\u00c2NIA<\/strong>, informa que est\u00e1 recebendo curr\u00edculos para sele\u00e7\u00e3o e contrata\u00e7\u00e3o tempor\u00e1ria com natureza emergencial para atender aos interesses da Administra\u00e7\u00e3o, para <strong>assumir a fun\u00e7\u00e3o <\/strong><strong>Professor, sendo 28 aulas de Ci\u00eancias, Arte e L\u00edngua Inglesa, no Col\u00e9gio Estadual Il\u00eddio de Souza Lemos, no turno matutino, situado na Zona Rural de Luzi\u00e2nia, Distrito de Maniratuba.<\/strong><\/p>\n<p style=\"text-align: justify\">Os interessados devem encaminhar Curr\u00edculo ao e-mail oficial da Coordena\u00e7\u00e3o Regional de Educa\u00e7\u00e3o de Luzi\u00e2nia (sreluziania@seduc.go.gov.br), contendo os contatos telef\u00f4nicos e endere\u00e7os de e-mail para correspond\u00eancias eletr\u00f4nicas.<\/p>\n<p style=\"text-align: justify\">Oportunamente esclarece, que a Coordena\u00e7\u00e3o Regional de Educa\u00e7\u00e3o de <strong>LUZI\u00c2NIA<\/strong>, instituir\u00e1 comiss\u00e3o pr\u00f3pria para as an\u00e1lises curriculares, que ser\u00e1 composta por integrante do Sindicato da categoria e membros da CRE, objetivando assim, a ado\u00e7\u00e3o de medidas e provid\u00eancias pertinentes ao suprimento de todos os d\u00e9ficits de professores existentes na Rede Estadual de Educa\u00e7\u00e3o, que garantam os servi\u00e7os prestados \u00e0 comunidade goiana.<\/p>\n<p align=\"center\">SEDUC\/GO<\/p>\n<hr \/>\n<h3 align=\"center\"><strong>COMUNICADO<\/strong><\/h3>\n<pre style=\"text-align: center\">Publica\u00e7\u00e3o: 29\/05\/2023\nEncerramento: 01\/06\/2023 \u00e0s 18h<\/pre>\n<h3 align=\"center\"><span style=\"color: red\"><strong>ENCERRADO<\/strong><\/span><\/h3>\n<p style=\"text-align: justify\">O Governo do Estado de Goi\u00e1s, atrav\u00e9s da Secretaria de Estado da Educa\u00e7\u00e3o, diante da inexist\u00eancia de candidatos habilitados e remanescentes a serem convocados pelo Processo Seletivo Simplificado Edital n\u00ba 008\/2021 \u2013 SEAD e considerando a exist\u00eancia de d\u00e9ficits de professores nas unidades escolares pertencentes ao munic\u00edpio de <strong>LUZI\u00c2NIA<\/strong>, jurisdicionado \u00e0 Coordena\u00e7\u00e3o Regional de Educa\u00e7\u00e3o (CRE) de <strong>LUZI\u00c2NIA<\/strong>, informa que est\u00e1 recebendo curr\u00edculos para sele\u00e7\u00e3o e contrata\u00e7\u00e3o tempor\u00e1ria com natureza emergencial para atender aos interesses da Administra\u00e7\u00e3o, para <strong>assumir a fun\u00e7\u00e3o <\/strong><strong>Professor, sendo 25 aulas Ingl\u00eas, Civismo e Cidadania, Arte e Projeto de Vida, no CPMG Olga Aguiar Mohn, munic\u00edpio de Cristalina.<\/strong><\/p>\n<p style=\"text-align: justify\">Os interessados devem encaminhar Curr\u00edculo ao e-mail oficial da Coordena\u00e7\u00e3o Regional de Educa\u00e7\u00e3o de Luzi\u00e2nia (sreluziania@seduc.go.gov.br), contendo os contatos telef\u00f4nicos e endere\u00e7os de e-mail para correspond\u00eancias eletr\u00f4nicas.<\/p>\n<p style=\"text-align: justify\">Oportunamente esclarece, que a Coordena\u00e7\u00e3o Regional de Educa\u00e7\u00e3o de <strong>LUZI\u00c2NIA<\/strong>, instituir\u00e1 comiss\u00e3o pr\u00f3pria para as an\u00e1lises curriculares, que ser\u00e1 composta por integrante do Sindicato da categoria e membros da CRE, objetivando assim, a ado\u00e7\u00e3o de medidas e provid\u00eancias pertinentes ao suprimento de todos os d\u00e9ficits de professores existentes na Rede Estadual de Educa\u00e7\u00e3o, que garantam os servi\u00e7os prestados \u00e0 comunidade goiana.<\/p>\n<p align=\"center\">SEDUC\/GO<\/p>\n<hr \/>\n<h3 align=\"center\"><strong>COMUNICADO<\/strong><\/h3>\n<pre style=\"text-align: center\">Publica\u00e7\u00e3o: 29\/05\/2023\nEncerramento: 01\/06\/2023 \u00e0s 18h<\/pre>\n<h3 align=\"center\"><span style=\"color: red\"><strong>ENCERRADO<\/strong><\/span><\/h3>\n<p style=\"text-align: justify\">O Governo do Estado de Goi\u00e1s, atrav\u00e9s da Secretaria de Estado da Educa\u00e7\u00e3o, diante da inexist\u00eancia de candidatos habilitados e remanescentes a serem convocados pelo Processo Seletivo Simplificado Edital n\u00ba 008\/2021 \u2013 SEAD e considerando a exist\u00eancia de d\u00e9ficits de professores nas unidades escolares pertencentes ao munic\u00edpio de <strong>LUZI\u00c2NIA<\/strong>, jurisdicionado \u00e0 Coordena\u00e7\u00e3o Regional de Educa\u00e7\u00e3o (CRE) de <strong>LUZI\u00c2NIA<\/strong>, informa que est\u00e1 recebendo curr\u00edculos para sele\u00e7\u00e3o e contrata\u00e7\u00e3o tempor\u00e1ria com natureza emergencial para atender aos interesses da Administra\u00e7\u00e3o, para <strong>assumir a fun\u00e7\u00e3o <\/strong><strong>Professor, sendo 32 aulas de Hist\u00f3ria, Estudo Orientado, Trilha P\u00f3s M\u00e9dio, Eletivas2, Trilhas Ci\u00eancias Humanas, CEPI \u2013 Zulca Peixoto de Paiva, turno integral, matutino e vespertino.<\/strong><\/p>\n<p style=\"text-align: justify\">Os interessados devem encaminhar Curr\u00edculo ao e-mail oficial da Coordena\u00e7\u00e3o Regional de Educa\u00e7\u00e3o de Luzi\u00e2nia (sreluziania@seduc.go.gov.br), contendo os contatos telef\u00f4nicos e endere\u00e7os de e-mail para correspond\u00eancias eletr\u00f4nicas.<\/p>\n<p style=\"text-align: justify\">Oportunamente esclarece, que a Coordena\u00e7\u00e3o Regional de Educa\u00e7\u00e3o de <strong>LUZI\u00c2NIA<\/strong>, instituir\u00e1 comiss\u00e3o pr\u00f3pria para as an\u00e1lises curriculares, que ser\u00e1 composta por integrante do Sindicato da categoria e membros da CRE, objetivando assim, a ado\u00e7\u00e3o de medidas e provid\u00eancias pertinentes ao suprimento de todos os d\u00e9ficits de professores existentes na Rede Estadual de Educa\u00e7\u00e3o, que garantam os servi\u00e7os prestados \u00e0 comunidade goiana.<\/p>\n<p align=\"center\">SEDUC\/GO<\/p>\n<hr \/>\n<h3 align=\"center\"><strong>COMUNICADO<\/strong><\/h3>\n<pre style=\"text-align: center\">Publica\u00e7\u00e3o: 29\/05\/2023\nEncerramento: 01\/06\/2023 \u00e0s 18h<\/pre>\n<h3 align=\"center\"><span style=\"color: red\"><strong>ENCERRADO<\/strong><\/span><\/h3>\n<p style=\"text-align: justify\">O Governo do Estado de Goi\u00e1s, atrav\u00e9s da Secretaria de Estado da Educa\u00e7\u00e3o, diante da inexist\u00eancia de candidatos habilitados e remanescentes a serem convocados pelo Processo Seletivo Simplificado Edital n\u00ba 008\/2021 \u2013 SEAD e considerando a exist\u00eancia de d\u00e9ficits de professores nas unidades escolares pertencentes ao munic\u00edpio de <strong>LUZI\u00c2NIA<\/strong>, jurisdicionado \u00e0 Coordena\u00e7\u00e3o Regional de Educa\u00e7\u00e3o (CRE) de <strong>LUZI\u00c2NIA<\/strong>, informa que est\u00e1 recebendo curr\u00edculos para sele\u00e7\u00e3o e contrata\u00e7\u00e3o tempor\u00e1ria com natureza emergencial para atender aos interesses da Administra\u00e7\u00e3o, para <strong>assumir a fun\u00e7\u00e3o <\/strong><strong>Professor, sendo 32 aulas Matem\u00e1tica, F\u00edsica e Geometria nos turnos matutino e vespertino no Col\u00e9gio Estadual Mingone.<\/strong><\/p>\n<p style=\"text-align: justify\">Os interessados devem encaminhar Curr\u00edculo ao e-mail oficial da Coordena\u00e7\u00e3o Regional de Educa\u00e7\u00e3o de Luzi\u00e2nia (sreluziania@seduc.go.gov.br), contendo os contatos telef\u00f4nicos e endere\u00e7os de e-mail para correspond\u00eancias eletr\u00f4nicas.<\/p>\n<p style=\"text-align: justify\">Oportunamente esclarece, que a Coordena\u00e7\u00e3o Regional de Educa\u00e7\u00e3o de <strong>LUZI\u00c2NIA<\/strong>, instituir\u00e1 comiss\u00e3o pr\u00f3pria para as an\u00e1lises curriculares, que ser\u00e1 composta por integrante do Sindicato da categoria e membros da CRE, objetivando assim, a ado\u00e7\u00e3o de medidas e provid\u00eancias pertinentes ao suprimento de todos os d\u00e9ficits de professores existentes na Rede Estadual de Educa\u00e7\u00e3o, que garantam os servi\u00e7os prestados \u00e0 comunidade goiana.<\/p>\n<p align=\"center\">SEDUC\/GO<\/p>\n<hr \/>\n<h3 align=\"center\"><strong>COMUNICADO<\/strong><\/h3>\n<pre style=\"text-align: center\">Publica\u00e7\u00e3o: 29\/05\/2023\nEncerramento: 01\/06\/2023 \u00e0s 18h<\/pre>\n<h3 align=\"center\"><span style=\"color: red\"><strong>ENCERRADO<\/strong><\/span><\/h3>\n<p style=\"text-align: justify\">O Governo do Estado de Goi\u00e1s, atrav\u00e9s da Secretaria de Estado da Educa\u00e7\u00e3o, diante da inexist\u00eancia de candidatos habilitados e remanescentes a serem convocados pelo Processo Seletivo Simplificado Edital n\u00ba 008\/2021 \u2013 SEAD e considerando a exist\u00eancia de d\u00e9ficits de professores nas unidades escolares pertencentes ao munic\u00edpio de <strong>LUZI\u00c2NIA<\/strong>, jurisdicionado \u00e0 Coordena\u00e7\u00e3o Regional de Educa\u00e7\u00e3o (CRE) de <strong>LUZI\u00c2NIA<\/strong>, informa que est\u00e1 recebendo curr\u00edculos para sele\u00e7\u00e3o e contrata\u00e7\u00e3o tempor\u00e1ria com natureza emergencial para atender aos interesses da Administra\u00e7\u00e3o, para <strong>assumir a fun\u00e7\u00e3o <\/strong><strong>Professor, sendo 28 aulas Matem\u00e1tica, F\u00edsica e Qu\u00edmica, nos turnos matutino e noturno no Col\u00e9gio Estadual Delfino Ocl\u00e9cio Machado.<\/strong><\/p>\n<p style=\"text-align: justify\">Os interessados devem encaminhar Curr\u00edculo ao e-mail oficial da Coordena\u00e7\u00e3o Regional de Educa\u00e7\u00e3o de Luzi\u00e2nia (sreluziania@seduc.go.gov.br), contendo os contatos telef\u00f4nicos e endere\u00e7os de e-mail para correspond\u00eancias eletr\u00f4nicas.<\/p>\n<p style=\"text-align: justify\">Oportunamente esclarece, que a Coordena\u00e7\u00e3o Regional de Educa\u00e7\u00e3o de <strong>LUZI\u00c2NIA<\/strong>, instituir\u00e1 comiss\u00e3o pr\u00f3pria para as an\u00e1lises curriculares, que ser\u00e1 composta por integrante do Sindicato da categoria e membros da CRE, objetivando assim, a ado\u00e7\u00e3o de medidas e provid\u00eancias pertinentes ao suprimento de todos os d\u00e9ficits de professores existentes na Rede Estadual de Educa\u00e7\u00e3o, que garantam os servi\u00e7os prestados \u00e0 comunidade goiana.<\/p>\n<p style=\"text-align: justify\">SEDUC\/GO<\/p>\n<hr \/>\n<h3 align=\"center\"><strong>COMUNICADO<\/strong><\/h3>\n<pre style=\"text-align: center\">Publica\u00e7\u00e3o: 29\/05\/2023\nEncerramento: 01\/06\/2023 \u00e0s 18h<\/pre>\n<h3 align=\"center\"><span style=\"color: red\"><strong>ENCERRADO<\/strong><\/span><\/h3>\n<p style=\"text-align: justify\">O Governo do Estado de Goi\u00e1s, atrav\u00e9s da Secretaria de Estado da Educa\u00e7\u00e3o, diante da inexist\u00eancia de candidatos habilitados e remanescentes a serem convocados pelo Processo Seletivo Simplificado Edital n\u00ba 008\/2021 \u2013 SEAD e considerando a exist\u00eancia de d\u00e9ficits de professores nas unidades escolares pertencentes ao munic\u00edpio de <strong>LUZI\u00c2NIA<\/strong>, jurisdicionado \u00e0 Coordena\u00e7\u00e3o Regional de Educa\u00e7\u00e3o (CRE) de <strong>LUZI\u00c2NIA<\/strong>, informa que est\u00e1 recebendo curr\u00edculos para sele\u00e7\u00e3o e contrata\u00e7\u00e3o tempor\u00e1ria com natureza emergencial para atender aos interesses da Administra\u00e7\u00e3o, para <strong>assumir a fun\u00e7\u00e3o <\/strong><strong>Professor, sendo 32 aulas Geografia, nos turnos vespertino e noturno no Col\u00e9gio Estadual Delfino Ocl\u00e9cio Machado.<\/strong><\/p>\n<p style=\"text-align: justify\">Os interessados devem encaminhar Curr\u00edculo ao e-mail oficial da Coordena\u00e7\u00e3o Regional de Educa\u00e7\u00e3o de Luzi\u00e2nia (sreluziania@seduc.go.gov.br), contendo os contatos telef\u00f4nicos e endere\u00e7os de e-mail para correspond\u00eancias eletr\u00f4nicas.<\/p>\n<p style=\"text-align: justify\">Oportunamente esclarece, que a Coordena\u00e7\u00e3o Regional de Educa\u00e7\u00e3o de <strong>LUZI\u00c2NIA<\/strong>, instituir\u00e1 comiss\u00e3o pr\u00f3pria para as an\u00e1lises curriculares, que ser\u00e1 composta por integrante do Sindicato da categoria e membros da CRE, objetivando assim, a ado\u00e7\u00e3o de medidas e provid\u00eancias pertinentes ao suprimento de todos os d\u00e9ficits de professores existentes na Rede Estadual de Educa\u00e7\u00e3o, que garantam os servi\u00e7os prestados \u00e0 comunidade goiana.<\/p>\n<p style=\"text-align: justify\">SEDUC\/GO<\/p>\n<hr \/>\n<h3 align=\"center\"><strong>COMUNICADO<\/strong><\/h3>\n<pre style=\"text-align: center\">Publica\u00e7\u00e3o: 29\/05\/2023\nEncerramento: 01\/06\/2023 \u00e0s 18h<\/pre>\n<h3 align=\"center\"><span style=\"color: red\"><strong>ENCERRADO<\/strong><\/span><\/h3>\n<p style=\"text-align: justify\">O Governo do Estado de Goi\u00e1s, atrav\u00e9s da Secretaria de Estado da Educa\u00e7\u00e3o, diante da inexist\u00eancia de candidatos habilitados e remanescentes a serem convocados pelo Processo Seletivo Simplificado Edital n\u00ba 008\/2021 \u2013 SEAD e considerando a exist\u00eancia de d\u00e9ficits de professores nas unidades escolares pertencentes ao munic\u00edpio de <strong>LUZI\u00c2NIA<\/strong>, jurisdicionado \u00e0 Coordena\u00e7\u00e3o Regional de Educa\u00e7\u00e3o (CRE) de <strong>LUZI\u00c2NIA<\/strong>, informa que est\u00e1 recebendo curr\u00edculos para sele\u00e7\u00e3o e contrata\u00e7\u00e3o tempor\u00e1ria com natureza emergencial para atender aos interesses da Administra\u00e7\u00e3o, para <strong>assumir a fun\u00e7\u00e3o <\/strong><strong>Professor, sendo 32 aulas de Hist\u00f3ria e Trilhas de Ci\u00eancias Humanas, nos turnos matutino e vespertino, no Col\u00e9gio Estadual Professor Ant\u00f4nio Valdir Roriz.<\/strong><\/p>\n<p style=\"text-align: justify\">Os interessados devem encaminhar Curr\u00edculo ao e-mail oficial da Coordena\u00e7\u00e3o Regional de Educa\u00e7\u00e3o de Luzi\u00e2nia (sreluziania@seduc.go.gov.br), contendo os contatos telef\u00f4nicos e endere\u00e7os de e-mail para correspond\u00eancias eletr\u00f4nicas.<\/p>\n<p style=\"text-align: justify\">Oportunamente esclarece, que a Coordena\u00e7\u00e3o Regional de Educa\u00e7\u00e3o de <strong>LUZI\u00c2NIA<\/strong>, instituir\u00e1 comiss\u00e3o pr\u00f3pria para as an\u00e1lises curriculares, que ser\u00e1 composta por integrante do Sindicato da categoria e membros da CRE, objetivando assim, a ado\u00e7\u00e3o de medidas e provid\u00eancias pertinentes ao suprimento de todos os d\u00e9ficits de professores existentes na Rede Estadual de Educa\u00e7\u00e3o, que garantam os servi\u00e7os prestados \u00e0 comunidade goiana.<\/p>\n<p align=\"center\">SEDUC\/GO<\/p>\n<hr \/>\n<h3 align=\"center\"><strong>COMUNICADO<\/strong><\/h3>\n<pre style=\"text-align: center\">Publica\u00e7\u00e3o: 29\/05\/2023\nEncerramento: 01\/06\/2023 \u00e0s 18h<\/pre>\n<h3 align=\"center\"><span style=\"color: red\"><strong>ENCERRADO<\/strong><\/span><\/h3>\n<p style=\"text-align: justify\">O Governo do Estado de Goi\u00e1s, atrav\u00e9s da Secretaria de Estado da Educa\u00e7\u00e3o, diante da inexist\u00eancia de candidatos habilitados e remanescentes a serem convocados pelo Processo Seletivo Simplificado Edital n\u00ba 008\/2021 \u2013 SEAD e considerando a exist\u00eancia de d\u00e9ficits de professores nas unidades escolares pertencentes ao munic\u00edpio de <strong>LUZI\u00c2NIA<\/strong>, jurisdicionado \u00e0 Coordena\u00e7\u00e3o Regional de Educa\u00e7\u00e3o (CRE) de <strong>LUZI\u00c2NIA<\/strong>, informa que est\u00e1 recebendo curr\u00edculos para sele\u00e7\u00e3o e contrata\u00e7\u00e3o tempor\u00e1ria com natureza emergencial para atender aos interesses da Administra\u00e7\u00e3o, para <strong>assumir a fun\u00e7\u00e3o <\/strong><strong>Professor, sendo 32 aulas Matem\u00e1tica e Matem\u00e1tica Financeira, nos turnos matutino e vespertino no Col\u00e9gio Estadual Alceu de Ara\u00fajo Roriz.<\/strong><\/p>\n<p style=\"text-align: justify\">Os interessados devem encaminhar Curr\u00edculo ao e-mail oficial da Coordena\u00e7\u00e3o Regional de Educa\u00e7\u00e3o de Luzi\u00e2nia (sreluziania@seduc.go.gov.br), contendo os contatos telef\u00f4nicos e endere\u00e7os de e-mail para correspond\u00eancias eletr\u00f4nicas.<\/p>\n<p style=\"text-align: justify\">Oportunamente esclarece, que a Coordena\u00e7\u00e3o Regional de Educa\u00e7\u00e3o de <strong>LUZI\u00c2NIA<\/strong>, instituir\u00e1 comiss\u00e3o pr\u00f3pria para as an\u00e1lises curriculares, que ser\u00e1 composta por integrante do Sindicato da categoria e membros da CRE, objetivando assim, a ado\u00e7\u00e3o de medidas e provid\u00eancias pertinentes ao suprimento de todos os d\u00e9ficits de professores existentes na Rede Estadual de Educa\u00e7\u00e3o, que garantam os servi\u00e7os prestados \u00e0 comunidade goiana.<\/p>\n<p align=\"center\">SEDUC\/GO<\/p>\n<hr \/>\n<h3 style=\"text-align: center\"><strong>COMUNICADO<\/strong><\/h3>\n<pre style=\"text-align: center\">Publica\u00e7\u00e3o: 04\/05\/2023\nEncerramento: 09\/05\/2023 \u00e0s 18h<\/pre>\n<h3 align=\"center\"><span style=\"color: red\"><strong>ENCERRADO<\/strong><\/span><\/h3>\n<p style=\"text-align: justify\">O Governo do Estado de Goi\u00e1s, atrav\u00e9s da Secretaria de Estado da Educa\u00e7\u00e3o, diante da inexist\u00eancia de candidatos habilitados e remanescentes a serem convocados pelo Processo Seletivo Simplificado Edital n\u00ba 008\/2021 \u2013 SEAD e considerando a exist\u00eancia de d\u00e9ficits de professores nas unidades escolares pertencentes ao munic\u00edpio de <strong>LUZI\u00c2NIA<\/strong>, jurisdicionado \u00e0 Coordena\u00e7\u00e3o Regional de Educa\u00e7\u00e3o (CRE) de <strong>LUZI\u00c2NIA<\/strong>, informa que est\u00e1 recebendo curr\u00edculos para sele\u00e7\u00e3o e contrata\u00e7\u00e3o tempor\u00e1ria com natureza emergencial para atender aos interesses da Administra\u00e7\u00e3o, para <strong>assumir uma Coordena\u00e7\u00e3o Pedag\u00f3gica no Turno Vespertino, no Col\u00e9gio Estadual Vasco dos Reis Gon\u00e7alves, no turno vespertino, situado no Jardim Ing\u00e1 \/ Luzi\u00e2nia.<\/strong><\/p>\n<p style=\"text-align: justify\">Os interessados devem encaminhar Curr\u00edculo ao e-mail oficial da Coordena\u00e7\u00e3o Regional de Educa\u00e7\u00e3o de Luzi\u00e2nia (sreluziania@seduc.go.gov.br), contendo os contatos telef\u00f4nicos e endere\u00e7os de e-mail para correspond\u00eancias eletr\u00f4nicas.<\/p>\n<p style=\"text-align: justify\">Oportunamente esclarece, que a Coordena\u00e7\u00e3o Regional de Educa\u00e7\u00e3o de <strong>LUZI\u00c2NIA<\/strong>, instituir\u00e1 comiss\u00e3o pr\u00f3pria para as an\u00e1lises curriculares, que ser\u00e1 composta por integrante do Sindicato da categoria e membros da CRE, objetivando assim, a ado\u00e7\u00e3o de medidas e provid\u00eancias pertinentes ao suprimento de todos os d\u00e9ficits de professores existentes na Rede Estadual de Educa\u00e7\u00e3o, que garantam os servi\u00e7os prestados \u00e0 comunidade goiana.<\/p>\n<p align=\"center\">SEDUC\/GO<\/p>\n<hr \/>\n<h3 align=\"center\"><strong>COMUNICADO<\/strong><\/h3>\n<pre style=\"text-align: center\">Publica\u00e7\u00e3o: 04\/05\/2023\nEncerramento: 09\/05\/2023 \u00e0s 18h<\/pre>\n<h3 align=\"center\"><span style=\"color: red\"><strong>ENCERRADO<\/strong><\/span><\/h3>\n<p style=\"text-align: justify\">O Governo do Estado de Goi\u00e1s, atrav\u00e9s da Secretaria de Estado da Educa\u00e7\u00e3o, diante da inexist\u00eancia de candidatos habilitados e remanescentes a serem convocados pelo Processo Seletivo Simplificado Edital n\u00ba 008\/2021 \u2013 SEAD e considerando a exist\u00eancia de d\u00e9ficits de professores nas unidades escolares pertencentes ao munic\u00edpio de <strong>LUZI\u00c2NIA<\/strong>, jurisdicionado \u00e0 Coordena\u00e7\u00e3o Regional de Educa\u00e7\u00e3o (CRE) de <strong>LUZI\u00c2NIA<\/strong>, informa que est\u00e1 recebendo curr\u00edculos para sele\u00e7\u00e3o e contrata\u00e7\u00e3o tempor\u00e1ria com natureza emergencial para atender aos interesses da Administra\u00e7\u00e3o, para <strong>assumir uma Coordena\u00e7\u00e3o Pedag\u00f3gica no Turno Matutino, no Col\u00e9gio Estadual Valderi Santos \u2013 Mimi, situado na Zona Rural de Luzi\u00e2nia \u2013 Distrito de Samambaia.<\/strong><\/p>\n<p style=\"text-align: justify\">Os interessados devem encaminhar Curr\u00edculo ao e-mail oficial da Coordena\u00e7\u00e3o Regional de Educa\u00e7\u00e3o de Luzi\u00e2nia (sreluziania@seduc.go.gov.br), contendo os contatos telef\u00f4nicos e endere\u00e7os de e-mail para correspond\u00eancias eletr\u00f4nicas.<\/p>\n<p style=\"text-align: justify\">Oportunamente esclarece, que a Coordena\u00e7\u00e3o Regional de Educa\u00e7\u00e3o de <strong>LUZI\u00c2NIA<\/strong>, instituir\u00e1 comiss\u00e3o pr\u00f3pria para as an\u00e1lises curriculares, que ser\u00e1 composta por integrante do Sindicato da categoria e membros da CRE, objetivando assim, a ado\u00e7\u00e3o de medidas e provid\u00eancias pertinentes ao suprimento de todos os d\u00e9ficits de professores existentes na Rede Estadual de Educa\u00e7\u00e3o, que garantam os servi\u00e7os prestados \u00e0 comunidade goiana.<\/p>\n<p align=\"center\">SEDUC\/GO<\/p>\n<hr \/>\n<h3 align=\"center\"><strong>COMUNICADO<\/strong><\/h3>\n<pre style=\"text-align: center\">Publica\u00e7\u00e3o: 04\/05\/2023\nEncerramento: 09\/05\/2023 \u00e0s 18h<\/pre>\n<h3 align=\"center\"><span style=\"color: red\"><strong>ENCERRADO<\/strong><\/span><\/h3>\n<p style=\"text-align: justify\">O Governo do Estado de Goi\u00e1s, atrav\u00e9s da Secretaria de Estado da Educa\u00e7\u00e3o, diante da inexist\u00eancia de candidatos habilitados e remanescentes a serem convocados pelo Processo Seletivo Simplificado Edital n\u00ba 008\/2021 \u2013 SEAD e considerando a exist\u00eancia de d\u00e9ficits de professores nas unidades escolares pertencentes ao munic\u00edpio de <strong>LUZI\u00c2NIA<\/strong>, jurisdicionado \u00e0 Coordena\u00e7\u00e3o Regional de Educa\u00e7\u00e3o (CRE) de <strong>LUZI\u00c2NIA<\/strong>, informa que est\u00e1 recebendo curr\u00edculos para sele\u00e7\u00e3o e contrata\u00e7\u00e3o tempor\u00e1ria com natureza emergencial para atender aos interesses da Administra\u00e7\u00e3o, para <strong>assumir uma Coordena\u00e7\u00e3o Pedag\u00f3gica no Turno Vespertino, no Col\u00e9gio Estadual Osfaya, situado em Luzi\u00e2nia.<\/strong><\/p>\n<p style=\"text-align: justify\">Os interessados devem encaminhar Curr\u00edculo ao e-mail oficial da Coordena\u00e7\u00e3o Regional de Educa\u00e7\u00e3o de Luzi\u00e2nia (sreluziania@seduc.go.gov.br), contendo os contatos telef\u00f4nicos e endere\u00e7os de e-mail para correspond\u00eancias eletr\u00f4nicas.<\/p>\n<p style=\"text-align: justify\">Oportunamente esclarece, que a Coordena\u00e7\u00e3o Regional de Educa\u00e7\u00e3o de <strong>LUZI\u00c2NIA<\/strong>, instituir\u00e1 comiss\u00e3o pr\u00f3pria para as an\u00e1lises curriculares, que ser\u00e1 composta por integrante do Sindicato da categoria e membros da CRE, objetivando assim, a ado\u00e7\u00e3o de medidas e provid\u00eancias pertinentes ao suprimento de todos os d\u00e9ficits de professores existentes na Rede Estadual de Educa\u00e7\u00e3o, que garantam os servi\u00e7os prestados \u00e0 comunidade goiana.<\/p>\n<p align=\"center\">SEDUC\/GO<\/p>\n<hr \/>\n<h3 align=\"center\"><strong>COMUNICADO<\/strong><\/h3>\n<pre style=\"text-align: center\">Publica\u00e7\u00e3o: 04\/05\/2023\nEncerramento: 09\/05\/2023 \u00e0s 18h<\/pre>\n<h3 align=\"center\"><span style=\"color: red\"><strong>ENCERRADO<\/strong><\/span><\/h3>\n<p style=\"text-align: justify\">O Governo do Estado de Goi\u00e1s, atrav\u00e9s da Secretaria de Estado da Educa\u00e7\u00e3o, diante da inexist\u00eancia de candidatos habilitados e remanescentes a serem convocados pelo Processo Seletivo Simplificado Edital n\u00ba 008\/2021 \u2013 SEAD e considerando a exist\u00eancia de d\u00e9ficits de professores nas unidades escolares pertencentes ao munic\u00edpio de <strong>LUZI\u00c2NIA<\/strong>, jurisdicionado \u00e0 Coordena\u00e7\u00e3o Regional de Educa\u00e7\u00e3o (CRE) de <strong>LUZI\u00c2NIA<\/strong>, informa que est\u00e1 recebendo curr\u00edculos para sele\u00e7\u00e3o e contrata\u00e7\u00e3o tempor\u00e1ria com natureza emergencial para atender aos interesses da Administra\u00e7\u00e3o, para <strong>assumir uma Coordena\u00e7\u00e3o Pedag\u00f3gica no Turno Vespertino, na Escola Especial Jesus Bom Pastor, nos turnos matutino e vespertino, situado em Luzi\u00e2nia.<\/strong><\/p>\n<p style=\"text-align: justify\">Os interessados devem encaminhar Curr\u00edculo ao e-mail oficial da Coordena\u00e7\u00e3o Regional de Educa\u00e7\u00e3o de Luzi\u00e2nia (sreluziania@seduc.go.gov.br), contendo os contatos telef\u00f4nicos e endere\u00e7os de e-mail para correspond\u00eancias eletr\u00f4nicas.<\/p>\n<p style=\"text-align: justify\">Oportunamente esclarece, que a Coordena\u00e7\u00e3o Regional de Educa\u00e7\u00e3o de <strong>LUZI\u00c2NIA<\/strong>, instituir\u00e1 comiss\u00e3o pr\u00f3pria para as an\u00e1lises curriculares, que ser\u00e1 composta por integrante do Sindicato da categoria e membros da CRE, objetivando assim, a ado\u00e7\u00e3o de medidas e provid\u00eancias pertinentes ao suprimento de todos os d\u00e9ficits de professores existentes na Rede Estadual de Educa\u00e7\u00e3o, que garantam os servi\u00e7os prestados \u00e0 comunidade goiana.<\/p>\n<p align=\"center\">SEDUC\/GO<\/p>\n<hr \/>\n<h3 align=\"center\"><strong>COMUNICADO<\/strong><\/h3>\n<pre style=\"text-align: center\">Publica\u00e7\u00e3o: 04\/05\/2023\nEncerramento: 09\/05\/2023 \u00e0s 18h<\/pre>\n<h3 align=\"center\"><span style=\"color: red\"><strong>ENCERRADO<\/strong><\/span><\/h3>\n<p style=\"text-align: justify\">O Governo do Estado de Goi\u00e1s, atrav\u00e9s da Secretaria de Estado da Educa\u00e7\u00e3o, diante da inexist\u00eancia de candidatos habilitados e remanescentes a serem convocados pelo Processo Seletivo Simplificado Edital n\u00ba 008\/2021 \u2013 SEAD e considerando a exist\u00eancia de d\u00e9ficits de professores nas unidades escolares pertencentes ao munic\u00edpio de <strong>LUZI\u00c2NIA<\/strong>, jurisdicionado \u00e0 Coordena\u00e7\u00e3o Regional de Educa\u00e7\u00e3o (CRE) de <strong>LUZI\u00c2NIA<\/strong>, informa que est\u00e1 recebendo curr\u00edculos para sele\u00e7\u00e3o e contrata\u00e7\u00e3o tempor\u00e1ria com natureza emergencial para atender aos interesses da Administra\u00e7\u00e3o, para <strong>assumir uma Coordena\u00e7\u00e3o Pedag\u00f3gica no Turno Matutino, no Col\u00e9gio Estadual Il\u00eddio de Souza Lemos, situado na Zona Rural de Luzi\u00e2nia \u2013 Distrito de Maniratuba.<\/strong><\/p>\n<p style=\"text-align: justify\">Os interessados devem encaminhar Curr\u00edculo ao e-mail oficial da Coordena\u00e7\u00e3o Regional de Educa\u00e7\u00e3o de Luzi\u00e2nia (sreluziania@seduc.go.gov.br), contendo os contatos telef\u00f4nicos e endere\u00e7os de e-mail para correspond\u00eancias eletr\u00f4nicas.<\/p>\n<p style=\"text-align: justify\">Oportunamente esclarece, que a Coordena\u00e7\u00e3o Regional de Educa\u00e7\u00e3o de <strong>LUZI\u00c2NIA<\/strong>, instituir\u00e1 comiss\u00e3o pr\u00f3pria para as an\u00e1lises curriculares, que ser\u00e1 composta por integrante do Sindicato da categoria e membros da CRE, objetivando assim, a ado\u00e7\u00e3o de medidas e provid\u00eancias pertinentes ao suprimento de todos os d\u00e9ficits de professores existentes na Rede Estadual de Educa\u00e7\u00e3o, que garantam os servi\u00e7os prestados \u00e0 comunidade goiana.<\/p>\n<p align=\"center\">SEDUC\/GO<\/p>\n<hr \/>\n<h3 align=\"center\"><strong>COMUNICADO<\/strong><\/h3>\n<pre style=\"text-align: center\">Publica\u00e7\u00e3o: 02\/05\/2023\nEncerramento: 05\/05\/2023 \u00e0s 18h<\/pre>\n<h3 align=\"center\"><span style=\"color: red\"><strong>ENCERRADO<\/strong><\/span><\/h3>\n<p style=\"text-align: justify\">O Governo do Estado de Goi\u00e1s, atrav\u00e9s da Secretaria de Estado da Educa\u00e7\u00e3o, diante da inexist\u00eancia de candidatos habilitados e remanescentes a serem convocados pelo Processo Seletivo Simplificado Edital n\u00ba 008\/2021 \u2013 SEAD e considerando a exist\u00eancia de d\u00e9ficits de professores nas unidades escolares pertencentes ao munic\u00edpio de <strong>LUZI\u00c2NIA<\/strong>, jurisdicionado \u00e0 Coordena\u00e7\u00e3o Regional de Educa\u00e7\u00e3o (CRE) de <strong>LUZI\u00c2NIA<\/strong>, informa que est\u00e1 recebendo curr\u00edculos para sele\u00e7\u00e3o e contrata\u00e7\u00e3o tempor\u00e1ria com natureza emergencial para atender aos interesses da Administra\u00e7\u00e3o, para <strong>assumir 32 aulas L\u00edngua Inglesa, Ensino Religioso, Estudo Orientado e Protagonismo Juvenil, no CEPI Ester da Cunha Peres, Turno Integral.<\/strong><\/p>\n<p style=\"text-align: justify\">Os interessados devem encaminhar Curr\u00edculo ao e-mail oficial da Coordena\u00e7\u00e3o Regional de Educa\u00e7\u00e3o de Luzi\u00e2nia (sreluziania@seduc.go.gov.br), contendo os contatos telef\u00f4nicos e endere\u00e7os de e-mail para correspond\u00eancias eletr\u00f4nicas.<\/p>\n<p style=\"text-align: justify\">Oportunamente esclarece, que a Coordena\u00e7\u00e3o Regional de Educa\u00e7\u00e3o de <strong>LUZI\u00c2NIA<\/strong>, instituir\u00e1 comiss\u00e3o pr\u00f3pria para as an\u00e1lises curriculares, que ser\u00e1 composta por integrante do Sindicato da categoria e membros da CRE, objetivando assim, a ado\u00e7\u00e3o de medidas e provid\u00eancias pertinentes ao suprimento de todos os d\u00e9ficits de professores existentes na Rede Estadual de Educa\u00e7\u00e3o, que garantam os servi\u00e7os prestados \u00e0 comunidade goiana.<\/p>\n<p align=\"center\">SEDUC\/GO<\/p>\n<hr \/>\n<h3 align=\"center\"><strong>COMUNICADO<\/strong><\/h3>\n<pre style=\"text-align: center\">Publica\u00e7\u00e3o: 02\/05\/2023\nEncerramento: 05\/05\/2023 \u00e0s 18h<\/pre>\n<h3 align=\"center\"><span style=\"color: red\"><strong>ENCERRADO<\/strong><\/span><\/h3>\n<p style=\"text-align: justify\">O Governo do Estado de Goi\u00e1s, atrav\u00e9s da Secretaria de Estado da Educa\u00e7\u00e3o, diante da inexist\u00eancia de candidatos habilitados e remanescentes a serem convocados pelo Processo Seletivo Simplificado Edital n\u00ba 008\/2021 \u2013 SEAD e considerando a exist\u00eancia de d\u00e9ficits de professores nas unidades escolares pertencentes ao munic\u00edpio de <strong>LUZI\u00c2NIA<\/strong>, jurisdicionado \u00e0 Coordena\u00e7\u00e3o Regional de Educa\u00e7\u00e3o (CRE) de <strong>LUZI\u00c2NIA<\/strong>, informa que est\u00e1 recebendo curr\u00edculos para sele\u00e7\u00e3o e contrata\u00e7\u00e3o tempor\u00e1ria com natureza emergencial para atender aos interesses da Administra\u00e7\u00e3o, para <strong>assumir 32 aulas L\u00edngua Portuguesa, Arte, Protagonismo Juvenil, Estudo Orientado e Ensino Religioso, no CEPI \u2013 Ester da Cunha Peres \u2013 Turno Integral.<\/strong><\/p>\n<p>Os interessados devem encaminhar Curr\u00edculo ao e-mail oficial da Coordena\u00e7\u00e3o Regional de Educa\u00e7\u00e3o de Luzi\u00e2nia (sreluziania@seduc.go.gov.br), contendo os contatos telef\u00f4nicos e endere\u00e7os de e-mail para correspond\u00eancias eletr\u00f4nicas.<\/p>\n<p style=\"text-align: justify\">Oportunamente esclarece, que a Coordena\u00e7\u00e3o Regional de Educa\u00e7\u00e3o de <strong>LUZI\u00c2NIA<\/strong>, instituir\u00e1 comiss\u00e3o pr\u00f3pria para as an\u00e1lises curriculares, que ser\u00e1 composta por integrante do Sindicato da categoria e membros da CRE, objetivando assim, a ado\u00e7\u00e3o de medidas e provid\u00eancias pertinentes ao suprimento de todos os d\u00e9ficits de professores existentes na Rede Estadual de Educa\u00e7\u00e3o, que garantam os servi\u00e7os prestados \u00e0 comunidade goiana.<\/p>\n<p align=\"center\">SEDUC\/GO<\/p>\n<hr \/>\n<h3 align=\"center\"><strong>COMUNICADO<\/strong><\/h3>\n<pre style=\"text-align: center\">Publica\u00e7\u00e3o: 27\/04\/2023\nEncerramento: 03\/05\/2023 \u00e0s 18h<\/pre>\n<h3 align=\"center\"><span style=\"color: red\"><strong>ENCERRADO<\/strong><\/span><\/h3>\n<p style=\"text-align: justify\">O Governo do Estado de Goi\u00e1s, atrav\u00e9s da Secretaria de Estado da Educa\u00e7\u00e3o, diante da inexist\u00eancia de candidatos habilitados e remanescentes a serem convocados pelo Processo Seletivo Simplificado Edital n\u00ba 008\/2021 \u2013 SEAD e considerando a exist\u00eancia de d\u00e9ficits de professores nas unidades escolares pertencentes ao munic\u00edpio de <strong>LUZI\u00c2NIA<\/strong>, jurisdicionado \u00e0 Coordena\u00e7\u00e3o Regional de Educa\u00e7\u00e3o (CRE) de <strong>LUZI\u00c2NIA<\/strong>, informa que est\u00e1 recebendo curr\u00edculos para sele\u00e7\u00e3o e contrata\u00e7\u00e3o tempor\u00e1ria com natureza emergencial para atender aos interesses da Administra\u00e7\u00e3o, para <strong>assumir 32 aulas de Matem\u00e1tica, Estudo Orientado, Protagonismo Juvenil e Pr\u00e1ticas Experimentais, no CEPI \u2013 Osvaldo da Costa Meireles.<\/strong><\/p>\n<p style=\"text-align: justify\">Os interessados devem encaminhar Curr\u00edculo ao e-mail oficial da Coordena\u00e7\u00e3o Regional de Educa\u00e7\u00e3o de Luzi\u00e2nia (sreluziania@seduc.go.gov.br), contendo os contatos telef\u00f4nicos e endere\u00e7os de e-mail para correspond\u00eancias eletr\u00f4nicas.<\/p>\n<p style=\"text-align: justify\">Oportunamente esclarece, que a Coordena\u00e7\u00e3o Regional de Educa\u00e7\u00e3o de <strong>LUZI\u00c2NIA<\/strong>, instituir\u00e1 comiss\u00e3o pr\u00f3pria para as an\u00e1lises curriculares, que ser\u00e1 composta por integrante do Sindicato da categoria e membros da CRE, objetivando assim, a ado\u00e7\u00e3o de medidas e provid\u00eancias pertinentes ao suprimento de todos os d\u00e9ficits de professores existentes na Rede Estadual de Educa\u00e7\u00e3o, que garantam os servi\u00e7os prestados \u00e0 comunidade goiana.<\/p>\n<p align=\"center\">SEDUC\/GO<\/p>\n<hr \/>\n<h3 align=\"center\"><strong>COMUNICADO<\/strong><\/h3>\n<pre style=\"text-align: center\">Publica\u00e7\u00e3o: 27\/04\/2023\nEncerramento: 03\/05\/2023 \u00e0s 18h<\/pre>\n<h3 align=\"center\"><span style=\"color: red\"><strong>ENCERRADO<\/strong><\/span><\/h3>\n<p style=\"text-align: justify\">O Governo do Estado de Goi\u00e1s, atrav\u00e9s da Secretaria de Estado da Educa\u00e7\u00e3o, diante da inexist\u00eancia de candidatos habilitados e remanescentes a serem convocados pelo Processo Seletivo Simplificado Edital n\u00ba 008\/2021 \u2013 SEAD e considerando a exist\u00eancia de d\u00e9ficits de professores nas unidades escolares pertencentes ao munic\u00edpio de <strong>LUZI\u00c2NIA<\/strong>, jurisdicionado \u00e0 Coordena\u00e7\u00e3o Regional de Educa\u00e7\u00e3o (CRE) de <strong>LUZI\u00c2NIA<\/strong>, informa que est\u00e1 recebendo curr\u00edculos para sele\u00e7\u00e3o e contrata\u00e7\u00e3o tempor\u00e1ria com natureza emergencial para atender aos interesses da Administra\u00e7\u00e3o, para <strong>assumir 32 aulas de Geografia no Col\u00e9gio Estadual Delfino Ocl\u00e9cio Machado.<\/strong><\/p>\n<p style=\"text-align: justify\">Os interessados devem encaminhar Curr\u00edculo ao e-mail oficial da Coordena\u00e7\u00e3o Regional de Educa\u00e7\u00e3o de Luzi\u00e2nia (sreluziania@seduc.go.gov.br), contendo os contatos telef\u00f4nicos e endere\u00e7os de e-mail para correspond\u00eancias eletr\u00f4nicas.<\/p>\n<p style=\"text-align: justify\">Oportunamente esclarece, que a Coordena\u00e7\u00e3o Regional de Educa\u00e7\u00e3o de <strong>LUZI\u00c2NIA<\/strong>, instituir\u00e1 comiss\u00e3o pr\u00f3pria para as an\u00e1lises curriculares, que ser\u00e1 composta por integrante do Sindicato da categoria e membros da CRE, objetivando assim, a ado\u00e7\u00e3o de medidas e provid\u00eancias pertinentes ao suprimento de todos os d\u00e9ficits de professores existentes na Rede Estadual de Educa\u00e7\u00e3o, que garantam os servi\u00e7os prestados \u00e0 comunidade goiana.<\/p>\n<p align=\"center\">SEDUC\/GO<\/p>\n<hr \/>\n<h3 align=\"center\"><strong>COMUNICADO<\/strong><\/h3>\n<pre style=\"text-align: center\">Publica\u00e7\u00e3o: 27\/04\/2023\nEncerramento: 03\/05\/2023 \u00e0s 18h<\/pre>\n<h3 align=\"center\"><span style=\"color: red\"><strong>ENCERRADO<\/strong><\/span><\/h3>\n<p style=\"text-align: justify\">O Governo do Estado de Goi\u00e1s, atrav\u00e9s da Secretaria de Estado da Educa\u00e7\u00e3o, diante da inexist\u00eancia de candidatos habilitados e remanescentes a serem convocados pelo Processo Seletivo Simplificado Edital n\u00ba 008\/2021 \u2013 SEAD e considerando a exist\u00eancia de d\u00e9ficits de professores nas unidades escolares pertencentes ao munic\u00edpio de <strong>LUZI\u00c2NIA<\/strong>, jurisdicionado \u00e0 Coordena\u00e7\u00e3o Regional de Educa\u00e7\u00e3o (CRE) de <strong>LUZI\u00c2NIA<\/strong>, informa que est\u00e1 recebendo curr\u00edculos para sele\u00e7\u00e3o e contrata\u00e7\u00e3o tempor\u00e1ria com natureza emergencial para atender aos interesses da Administra\u00e7\u00e3o, para <strong>assumir 28 aulas de L\u00edngua Inglesa no Col\u00e9gio Estadual Adelvina Flores Ribeiro, munic\u00edpio de Cristalina.<\/strong><\/p>\n<p style=\"text-align: justify\">Os interessados devem encaminhar Curr\u00edculo ao e-mail oficial da Coordena\u00e7\u00e3o Regional de Educa\u00e7\u00e3o de Luzi\u00e2nia (sreluziania@seduc.go.gov.br), contendo os contatos telef\u00f4nicos e endere\u00e7os de e-mail para correspond\u00eancias eletr\u00f4nicas.<\/p>\n<p style=\"text-align: justify\">Oportunamente esclarece, que a Coordena\u00e7\u00e3o Regional de Educa\u00e7\u00e3o de <strong>LUZI\u00c2NIA<\/strong>, instituir\u00e1 comiss\u00e3o pr\u00f3pria para as an\u00e1lises curriculares, que ser\u00e1 composta por integrante do Sindicato da categoria e membros da CRE, objetivando assim, a ado\u00e7\u00e3o de medidas e provid\u00eancias pertinentes ao suprimento de todos os d\u00e9ficits de professores existentes na Rede Estadual de Educa\u00e7\u00e3o, que garantam os servi\u00e7os prestados \u00e0 comunidade goiana.<\/p>\n<p align=\"center\">SEDUC\/GO<\/p>\n<hr \/>\n<h3 align=\"center\"><strong>COMUNICADO<\/strong><\/h3>\n<pre style=\"text-align: center\">Publica\u00e7\u00e3o: 26\/04\/2023\nEncerramento: 28\/04\/2023 \u00e0s 18h<\/pre>\n<h3 align=\"center\"><span style=\"color: red\"><strong>ENCERRADO<\/strong><\/span><\/h3>\n<p style=\"text-align: justify\">O Governo do Estado de Goi\u00e1s, atrav\u00e9s da Secretaria de Estado da Educa\u00e7\u00e3o, diante da inexist\u00eancia de candidatos habilitados e remanescentes a serem convocados pelo Processo Seletivo Simplificado Edital n\u00ba 008\/2021 \u2013 SEAD e considerando a exist\u00eancia de d\u00e9ficits de professores nas unidades escolares pertencentes ao munic\u00edpio de <strong>LUZI\u00c2NIA<\/strong>, jurisdicionado \u00e0 Coordena\u00e7\u00e3o Regional de Educa\u00e7\u00e3o (CRE) de <strong>LUZI\u00c2NIA<\/strong>, informa que est\u00e1 recebendo curr\u00edculos para sele\u00e7\u00e3o e contrata\u00e7\u00e3o tempor\u00e1ria com natureza emergencial para atender aos interesses da Administra\u00e7\u00e3o, para <strong>assumir\u00a032 aulas de Biologia no Col\u00e9gio Estadual Ant\u00f4nio Valdir Roriz, nos turnos matutino e vespertino.<\/strong><\/p>\n<p style=\"text-align: justify\">Os interessados devem encaminhar Curr\u00edculo ao e-mail oficial da Coordena\u00e7\u00e3o Regional de Educa\u00e7\u00e3o de Luzi\u00e2nia (sreluziania@seduc.go.gov.br), contendo os contatos telef\u00f4nicos e endere\u00e7os de e-mail para correspond\u00eancias eletr\u00f4nicas.<\/p>\n<p style=\"text-align: justify\">Oportunamente esclarece, que a Coordena\u00e7\u00e3o Regional de Educa\u00e7\u00e3o de <strong>LUZI\u00c2NIA<\/strong>, instituir\u00e1 comiss\u00e3o pr\u00f3pria para as an\u00e1lises curriculares, que ser\u00e1 composta por integrante do Sindicato da categoria e membros da CRE, objetivando assim, a ado\u00e7\u00e3o de medidas e provid\u00eancias pertinentes ao suprimento de todos os d\u00e9ficits de professores existentes na Rede Estadual de Educa\u00e7\u00e3o, que garantam os servi\u00e7os prestados \u00e0 comunidade goiana.<\/p>\n<p style=\"text-align: center\">SEDUC\/GO<\/p>\n<hr \/>\n<h3 align=\"center\"><strong>COMUNICADO<\/strong><\/h3>\n<pre style=\"text-align: center\">Publica\u00e7\u00e3o: 26\/04\/2023\nEncerramento: 28\/04\/2023 \u00e0s 18h<\/pre>\n<h3 align=\"center\"><span style=\"color: red\"><strong>ENCERRADO<\/strong><\/span><\/h3>\n<p style=\"text-align: justify\">O Governo do Estado de Goi\u00e1s, atrav\u00e9s da Secretaria de Estado da Educa\u00e7\u00e3o, diante da inexist\u00eancia de candidatos habilitados e remanescentes a serem convocados pelo Processo Seletivo Simplificado Edital n\u00ba 008\/2021 \u2013 SEAD e considerando a exist\u00eancia de d\u00e9ficits de professores nas unidades escolares pertencentes ao munic\u00edpio de <strong>LUZI\u00c2NIA<\/strong>, jurisdicionado \u00e0 Coordena\u00e7\u00e3o Regional de Educa\u00e7\u00e3o (CRE) de <strong>LUZI\u00c2NIA<\/strong>, informa que est\u00e1 recebendo curr\u00edculos para sele\u00e7\u00e3o e contrata\u00e7\u00e3o tempor\u00e1ria com natureza emergencial para atender aos interesses da Administra\u00e7\u00e3o, para <strong>assumir a fun\u00e7\u00e3o de Int\u00e9rprete de L\u00edngua Brasileira de Sinais no Col\u00e9gio Estadual Ant\u00f4nio Valdir Roriz, turno matutino.<\/strong><\/p>\n<p style=\"text-align: justify\">Os interessados devem encaminhar Curr\u00edculo ao e-mail oficial da Coordena\u00e7\u00e3o Regional de Educa\u00e7\u00e3o de Luzi\u00e2nia (sreluziania@seduc.go.gov.br), contendo os contatos telef\u00f4nicos e endere\u00e7os de e-mail para correspond\u00eancias eletr\u00f4nicas.<\/p>\n<p style=\"text-align: justify\">Oportunamente esclarece, que a Coordena\u00e7\u00e3o Regional de Educa\u00e7\u00e3o de <strong>LUZI\u00c2NIA<\/strong>, instituir\u00e1 comiss\u00e3o pr\u00f3pria para as an\u00e1lises curriculares, que ser\u00e1 composta por integrante do Sindicato da categoria e membros da CRE, objetivando assim, a ado\u00e7\u00e3o de medidas e provid\u00eancias pertinentes ao suprimento de todos os d\u00e9ficits de professores existentes na Rede Estadual de Educa\u00e7\u00e3o, que garantam os servi\u00e7os prestados \u00e0 comunidade goiana.<\/p>\n<p style=\"text-align: center\">SEDUC\/GO<\/p>\n<hr \/>\n<h3 align=\"center\"><strong>COMUNICADO<\/strong><\/h3>\n<pre style=\"text-align: center\">Publica\u00e7\u00e3o: 26\/04\/2023\nEncerramento: 28\/04\/2023 \u00e0s 18h<\/pre>\n<h3 style=\"text-align: center\"><span style=\"color: red\"><strong>ENCERRADO<\/strong><\/span><\/h3>\n<p style=\"text-align: justify\">O Governo do Estado de Goi\u00e1s, atrav\u00e9s da Secretaria de Estado da Educa\u00e7\u00e3o, diante da inexist\u00eancia de candidatos habilitados e remanescentes a serem convocados pelo Processo Seletivo Simplificado Edital n\u00ba 008\/2021 \u2013 SEAD e considerando a exist\u00eancia de d\u00e9ficits de professores nas unidades escolares pertencentes ao munic\u00edpio de <strong>LUZI\u00c2NIA<\/strong>, jurisdicionado \u00e0 Coordena\u00e7\u00e3o Regional de Educa\u00e7\u00e3o (CRE) de <strong>LUZI\u00c2NIA<\/strong>, informa que est\u00e1 recebendo curr\u00edculos para sele\u00e7\u00e3o e contrata\u00e7\u00e3o tempor\u00e1ria com natureza emergencial para atender aos interesses da Administra\u00e7\u00e3o, para <strong>assumir\u00a0 28 aulas de Hist\u00f3ria \u2013 Geografia \u2013 Filosofia e Sociologia, no CASE \u2013 Centro de Atendimento Socio Educativo e Col\u00e9gio Estadual Padre Jos\u00e9 Bazzon, turnos matutino, vespertino e noturno.<\/strong><\/p>\n<p style=\"text-align: justify\">Os interessados devem encaminhar Curr\u00edculo ao e-mail oficial da Coordena\u00e7\u00e3o Regional de Educa\u00e7\u00e3o de Luzi\u00e2nia (sreluziania@seduc.go.gov.br), contendo os contatos telef\u00f4nicos e endere\u00e7os de e-mail para correspond\u00eancias eletr\u00f4nicas.<\/p>\n<p style=\"text-align: justify\">Oportunamente esclarece, que a Coordena\u00e7\u00e3o Regional de Educa\u00e7\u00e3o de <strong>LUZI\u00c2NIA<\/strong>, instituir\u00e1 comiss\u00e3o pr\u00f3pria para as an\u00e1lises curriculares, que ser\u00e1 composta por integrante do Sindicato da categoria e membros da CRE, objetivando assim, a ado\u00e7\u00e3o de medidas e provid\u00eancias pertinentes ao suprimento de todos os d\u00e9ficits de professores existentes na Rede Estadual de Educa\u00e7\u00e3o, que garantam os servi\u00e7os prestados \u00e0 comunidade goiana.<\/p>\n<p style=\"text-align: center\">SEDUC\/GO<\/p>\n<hr \/>\n<h3 align=\"center\"><strong>COMUNICADO<\/strong><\/h3>\n<pre style=\"text-align: center\">Publica\u00e7\u00e3o: 26\/04\/2023\nEncerramento: 28\/04\/2023 \u00e0s 18h<\/pre>\n<h3 style=\"text-align: center\"><span style=\"color: red\"><strong>ENCERRADO<\/strong><\/span><\/h3>\n<p style=\"text-align: justify\">O Governo do Estado de Goi\u00e1s, atrav\u00e9s da Secretaria de Estado da Educa\u00e7\u00e3o, diante da inexist\u00eancia de candidatos habilitados e remanescentes a serem convocados pelo Processo Seletivo Simplificado Edital n\u00ba 008\/2021 \u2013 SEAD e considerando a exist\u00eancia de d\u00e9ficits de professores nas unidades escolares pertencentes ao munic\u00edpio de <strong>LUZI\u00c2NIA<\/strong>, jurisdicionado \u00e0 Coordena\u00e7\u00e3o Regional de Educa\u00e7\u00e3o (CRE) de <strong>LUZI\u00c2NIA<\/strong>, informa que est\u00e1 recebendo curr\u00edculos para sele\u00e7\u00e3o e contrata\u00e7\u00e3o tempor\u00e1ria com natureza emergencial para atender aos interesses da Administra\u00e7\u00e3o, para <strong>assumir a fun\u00e7\u00e3o de Int\u00e9rprete de L\u00edngua Brasileira de Sinais no Col\u00e9gio Estadual de Campos Lindos \u2013 Turno: Vespertino.<\/strong><\/p>\n<p style=\"text-align: justify\">Os interessados devem encaminhar Curr\u00edculo ao e-mail oficial da Coordena\u00e7\u00e3o Regional de Educa\u00e7\u00e3o de Luzi\u00e2nia (sreluziania@seduc.go.gov.br), contendo os contatos telef\u00f4nicos e endere\u00e7os de e-mail para correspond\u00eancias eletr\u00f4nicas.<\/p>\n<p style=\"text-align: justify\">Oportunamente esclarece, que a Coordena\u00e7\u00e3o Regional de Educa\u00e7\u00e3o de <strong>LUZI\u00c2NIA<\/strong>, instituir\u00e1 comiss\u00e3o pr\u00f3pria para as an\u00e1lises curriculares, que ser\u00e1 composta por integrante do Sindicato da categoria e membros da CRE, objetivando assim, a ado\u00e7\u00e3o de medidas e provid\u00eancias pertinentes ao suprimento de todos os d\u00e9ficits de professores existentes na Rede Estadual de Educa\u00e7\u00e3o, que garantam os servi\u00e7os prestados \u00e0 comunidade goiana.<\/p>\n<p style=\"text-align: center\">SEDUC\/GO<\/p>\n<hr \/>\n<h3 align=\"center\"><strong>COMUNICADO<\/strong><\/h3>\n<pre style=\"text-align: center\">Publica\u00e7\u00e3o: 26\/04\/2023\nEncerramento: 28\/04\/2023 \u00e0s 18h<\/pre>\n<h3 style=\"text-align: center\"><span style=\"color: red\"><strong>ENCERRADO<\/strong><\/span><\/h3>\n<p style=\"text-align: justify\">O Governo do Estado de Goi\u00e1s, atrav\u00e9s da Secretaria de Estado da Educa\u00e7\u00e3o, diante da inexist\u00eancia de candidatos habilitados e remanescentes a serem convocados pelo Processo Seletivo Simplificado Edital n\u00ba 008\/2021 \u2013 SEAD e considerando a exist\u00eancia de d\u00e9ficits de professores nas unidades escolares pertencentes ao munic\u00edpio de <strong>LUZI\u00c2NIA<\/strong>, jurisdicionado \u00e0 Coordena\u00e7\u00e3o Regional de Educa\u00e7\u00e3o (CRE) de <strong>LUZI\u00c2NIA<\/strong>, informa que est\u00e1 recebendo curr\u00edculos para sele\u00e7\u00e3o e contrata\u00e7\u00e3o tempor\u00e1ria com natureza emergencial para atender aos interesses da Administra\u00e7\u00e3o, para <strong>assumir a fun\u00e7\u00e3o de Coordenador Pedag\u00f3gico Col\u00e9gio Estadual Maria Pereira de Vasconcelos \u2013 Turno matutino.<\/strong><\/p>\n<p style=\"text-align: justify\">Os interessados devem encaminhar Curr\u00edculo ao e-mail oficial da Coordena\u00e7\u00e3o Regional de Educa\u00e7\u00e3o de Luzi\u00e2nia (sreluziania@seduc.go.gov.br), contendo os contatos telef\u00f4nicos e endere\u00e7os de e-mail para correspond\u00eancias eletr\u00f4nicas.<\/p>\n<p style=\"text-align: justify\">Oportunamente esclarece, que a Coordena\u00e7\u00e3o Regional de Educa\u00e7\u00e3o de <strong>LUZI\u00c2NIA<\/strong>, instituir\u00e1 comiss\u00e3o pr\u00f3pria para as an\u00e1lises curriculares, que ser\u00e1 composta por integrante do Sindicato da categoria e membros da CRE, objetivando assim, a ado\u00e7\u00e3o de medidas e provid\u00eancias pertinentes ao suprimento de todos os d\u00e9ficits de professores existentes na Rede Estadual de Educa\u00e7\u00e3o, que garantam os servi\u00e7os prestados \u00e0 comunidade goiana.<\/p>\n<p style=\"text-align: center\">SEDUC\/GO<\/p>\n<hr \/>\n<h3 align=\"center\"><strong>COMUNICADO<\/strong><\/h3>\n<pre style=\"text-align: center\">Publica\u00e7\u00e3o: 26\/04\/2023\nEncerramento: 28\/04\/2023 \u00e0s 18h<\/pre>\n<h3 style=\"text-align: center\"><span style=\"color: red\"><strong>ENCERRADO<\/strong><\/span><\/h3>\n<p style=\"text-align: justify\">O Governo do Estado de Goi\u00e1s, atrav\u00e9s da Secretaria de Estado da Educa\u00e7\u00e3o, diante da inexist\u00eancia de candidatos habilitados e remanescentes a serem convocados pelo Processo Seletivo Simplificado Edital n\u00ba 008\/2021 \u2013 SEAD e considerando a exist\u00eancia de d\u00e9ficits de professores nas unidades escolares pertencentes ao munic\u00edpio de <strong>LUZI\u00c2NIA<\/strong>, jurisdicionado \u00e0 Coordena\u00e7\u00e3o Regional de Educa\u00e7\u00e3o (CRE) de <strong>LUZI\u00c2NIA<\/strong>, informa que est\u00e1 recebendo curr\u00edculos para sele\u00e7\u00e3o e contrata\u00e7\u00e3o tempor\u00e1ria com natureza emergencial para atender aos interesses da Administra\u00e7\u00e3o, para <strong>assumir a fun\u00e7\u00e3o de Coordenador Pedag\u00f3gico Col\u00e9gio Estadual Maria Pereira de Vasconcelos \u2013 Turno vespertino.<\/strong><\/p>\n<p style=\"text-align: justify\">Os interessados devem encaminhar Curr\u00edculo ao e-mail oficial da Coordena\u00e7\u00e3o Regional de Educa\u00e7\u00e3o de Luzi\u00e2nia (sreluziania@seduc.go.gov.br), contendo os contatos telef\u00f4nicos e endere\u00e7os de e-mail para correspond\u00eancias eletr\u00f4nicas.<\/p>\n<p style=\"text-align: justify\">Oportunamente esclarece, que a Coordena\u00e7\u00e3o Regional de Educa\u00e7\u00e3o de <strong>LUZI\u00c2NIA<\/strong>, instituir\u00e1 comiss\u00e3o pr\u00f3pria para as an\u00e1lises curriculares, que ser\u00e1 composta por integrante do Sindicato da categoria e membros da CRE, objetivando assim, a ado\u00e7\u00e3o de medidas e provid\u00eancias pertinentes ao suprimento de todos os d\u00e9ficits de professores existentes na Rede Estadual de Educa\u00e7\u00e3o, que garantam os servi\u00e7os prestados \u00e0 comunidade goiana.<\/p>\n<p style=\"text-align: center\">SEDUC\/GO<\/p>\n<hr \/>\n<h3 align=\"center\"><strong>COMUNICADO<\/strong><\/h3>\n<pre style=\"text-align: center\">Publica\u00e7\u00e3o: 26\/04\/2023\nEncerramento: 28\/04\/2023 \u00e0s 18h<\/pre>\n<h3 style=\"text-align: center\"><span style=\"color: red\"><strong>ENCERRADO<\/strong><\/span><\/h3>\n<p style=\"text-align: justify\">O Governo do Estado de Goi\u00e1s, atrav\u00e9s da Secretaria de Estado da Educa\u00e7\u00e3o, diante da inexist\u00eancia de candidatos habilitados e remanescentes a serem convocados pelo Processo Seletivo Simplificado Edital n\u00ba 008\/2021 \u2013 SEAD e considerando a exist\u00eancia de d\u00e9ficits de professores nas unidades escolares pertencentes ao munic\u00edpio de <strong>LUZI\u00c2NIA<\/strong>, jurisdicionado \u00e0 Coordena\u00e7\u00e3o Regional de Educa\u00e7\u00e3o (CRE) de <strong>LUZI\u00c2NIA<\/strong>, informa que est\u00e1 recebendo curr\u00edculos para sele\u00e7\u00e3o e contrata\u00e7\u00e3o tempor\u00e1ria com natureza emergencial para atender aos interesses da Administra\u00e7\u00e3o, para <strong>assumir a fun\u00e7\u00e3o de Int\u00e9rprete de L\u00edngua Brasileira de Sinais no CEPI \u2013 Maria Abadia Salom\u00e3o \u2013 Turno: Integral (matutino e vespertino).<\/strong><\/p>\n<p style=\"text-align: justify\">Os interessados devem encaminhar Curr\u00edculo ao e-mail oficial da Coordena\u00e7\u00e3o Regional de Educa\u00e7\u00e3o de Luzi\u00e2nia (sreluziania@seduc.go.gov.br), contendo os contatos telef\u00f4nicos e endere\u00e7os de e-mail para correspond\u00eancias eletr\u00f4nicas.<\/p>\n<p style=\"text-align: justify\">Oportunamente esclarece, que a Coordena\u00e7\u00e3o Regional de Educa\u00e7\u00e3o de <strong>LUZI\u00c2NIA<\/strong>, instituir\u00e1 comiss\u00e3o pr\u00f3pria para as an\u00e1lises curriculares, que ser\u00e1 composta por integrante do Sindicato da categoria e membros da CRE, objetivando assim, a ado\u00e7\u00e3o de medidas e provid\u00eancias pertinentes ao suprimento de todos os d\u00e9ficits de professores existentes na Rede Estadual de Educa\u00e7\u00e3o, que garantam os servi\u00e7os prestados \u00e0 comunidade goiana.<\/p>\n<p style=\"text-align: center\">SEDUC\/GO<\/p>\n<hr \/>\n<h3 align=\"center\"><strong>COMUNICADO<\/strong><\/h3>\n<pre style=\"text-align: center\">Publica\u00e7\u00e3o: 26\/04\/2023\nEncerramento: 28\/04\/2023 \u00e0s 18h<\/pre>\n<h3 style=\"text-align: center\"><span style=\"color: red\"><strong>ENCERRADO<\/strong><\/span><\/h3>\n<p style=\"text-align: justify\">O Governo do Estado de Goi\u00e1s, atrav\u00e9s da Secretaria de Estado da Educa\u00e7\u00e3o, diante da inexist\u00eancia de candidatos habilitados e remanescentes a serem convocados pelo Processo Seletivo Simplificado Edital n\u00ba 008\/2021 \u2013 SEAD e considerando a exist\u00eancia de d\u00e9ficits de professores nas unidades escolares pertencentes ao munic\u00edpio de <strong>LUZI\u00c2NIA<\/strong>, jurisdicionado \u00e0 Coordena\u00e7\u00e3o Regional de Educa\u00e7\u00e3o (CRE) de <strong>LUZI\u00c2NIA<\/strong>, informa que est\u00e1 recebendo curr\u00edculos para sele\u00e7\u00e3o e contrata\u00e7\u00e3o tempor\u00e1ria com natureza emergencial para atender aos interesses da Administra\u00e7\u00e3o, para <strong>assumir\u00a0 32 de Hist\u00f3ria, Eletivas e Trilhas, \u00a0CEPI \u2013 Zulca Peixoto de Paiva \u2013 no turno integral \u2013 matutino e vespertino.<\/strong><\/p>\n<p style=\"text-align: justify\">Os interessados devem encaminhar Curr\u00edculo ao e-mail oficial da Coordena\u00e7\u00e3o Regional de Educa\u00e7\u00e3o de Luzi\u00e2nia (sreluziania@seduc.go.gov.br), contendo os contatos telef\u00f4nicos e endere\u00e7os de e-mail para correspond\u00eancias eletr\u00f4nicas.<\/p>\n<p style=\"text-align: justify\">Oportunamente esclarece, que a Coordena\u00e7\u00e3o Regional de Educa\u00e7\u00e3o de <strong>LUZI\u00c2NIA<\/strong>, instituir\u00e1 comiss\u00e3o pr\u00f3pria para as an\u00e1lises curriculares, que ser\u00e1 composta por integrante do Sindicato da categoria e membros da CRE, objetivando assim, a ado\u00e7\u00e3o de medidas e provid\u00eancias pertinentes ao suprimento de todos os d\u00e9ficits de professores existentes na Rede Estadual de Educa\u00e7\u00e3o, que garantam os servi\u00e7os prestados \u00e0 comunidade goiana.<\/p>\n<p style=\"text-align: center\">SEDUC\/GO<\/p>\n<hr \/>\n<h3 align=\"center\"><strong>COMUNICADO<\/strong><\/h3>\n<pre style=\"text-align: center\">Publica\u00e7\u00e3o: 26\/04\/2023\nEncerramento: 28\/04\/2023 \u00e0s 18h<\/pre>\n<h3 style=\"text-align: center\"><span style=\"color: red\"><strong>ENCERRADO<\/strong><\/span><\/h3>\n<p style=\"text-align: justify\">O Governo do Estado de Goi\u00e1s, atrav\u00e9s da Secretaria de Estado da Educa\u00e7\u00e3o, diante da inexist\u00eancia de candidatos habilitados e remanescentes a serem convocados pelo Processo Seletivo Simplificado Edital n\u00ba 008\/2021 \u2013 SEAD e considerando a exist\u00eancia de d\u00e9ficits de professores nas unidades escolares pertencentes ao munic\u00edpio de <strong>LUZI\u00c2NIA<\/strong>, jurisdicionado \u00e0 Coordena\u00e7\u00e3o Regional de Educa\u00e7\u00e3o (CRE) de <strong>LUZI\u00c2NIA<\/strong>, informa que est\u00e1 recebendo curr\u00edculos para sele\u00e7\u00e3o e contrata\u00e7\u00e3o tempor\u00e1ria com natureza emergencial para atender aos interesses da Administra\u00e7\u00e3o, para <strong>assumir a fun\u00e7\u00e3o de Coordenador Pedag\u00f3gico no CPMG Ely da Silva Braz, no turno matutino.<\/strong><\/p>\n<p style=\"text-align: justify\">Os interessados devem encaminhar Curr\u00edculo ao e-mail oficial da Coordena\u00e7\u00e3o Regional de Educa\u00e7\u00e3o de Luzi\u00e2nia (sreluziania@seduc.go.gov.br), contendo os contatos telef\u00f4nicos e endere\u00e7os de e-mail para correspond\u00eancias eletr\u00f4nicas.<\/p>\n<p style=\"text-align: justify\">Oportunamente esclarece, que a Coordena\u00e7\u00e3o Regional de Educa\u00e7\u00e3o de <strong>LUZI\u00c2NIA<\/strong>, instituir\u00e1 comiss\u00e3o pr\u00f3pria para as an\u00e1lises curriculares, que ser\u00e1 composta por integrante do Sindicato da categoria e membros da CRE, objetivando assim, a ado\u00e7\u00e3o de medidas e provid\u00eancias pertinentes ao suprimento de todos os d\u00e9ficits de professores existentes na Rede Estadual de Educa\u00e7\u00e3o, que garantam os servi\u00e7os prestados \u00e0 comunidade goiana.<\/p>\n<p style=\"text-align: center\">SEDUC\/GO<\/p>\n<hr \/>\n<h3 align=\"center\"><strong>COMUNICADO<\/strong><\/h3>\n<pre style=\"text-align: center\">Publica\u00e7\u00e3o: 26\/04\/2023\nEncerramento: 28\/04\/2023 \u00e0s 18h<\/pre>\n<h3 align=\"center\"><span style=\"color: red\"><strong>ENCERRADO<\/strong><\/span><\/h3>\n<p style=\"text-align: justify\">O Governo do Estado de Goi\u00e1s, atrav\u00e9s da Secretaria de Estado da Educa\u00e7\u00e3o, diante da inexist\u00eancia de candidatos habilitados e remanescentes a serem convocados pelo Processo Seletivo Simplificado Edital n\u00ba 008\/2021 \u2013 SEAD e considerando a exist\u00eancia de d\u00e9ficits de professores nas unidades escolares pertencentes ao munic\u00edpio de <strong>LUZI\u00c2NIA<\/strong>, jurisdicionado \u00e0 Coordena\u00e7\u00e3o Regional de Educa\u00e7\u00e3o (CRE) de <strong>LUZI\u00c2NIA<\/strong>, informa que est\u00e1 recebendo curr\u00edculos para sele\u00e7\u00e3o e contrata\u00e7\u00e3o tempor\u00e1ria com natureza emergencial para atender aos interesses da Administra\u00e7\u00e3o, para <strong>assumir a fun\u00e7\u00e3o de Int\u00e9rprete de L\u00edngua Brasileira de Sinais no Col\u00e9gio Estadual Ant\u00f4nio Valdir Roriz, turno matutino.<\/strong><\/p>\n<p style=\"text-align: justify\">Os interessados devem encaminhar Curr\u00edculo ao e-mail oficial da Coordena\u00e7\u00e3o Regional de Educa\u00e7\u00e3o de Luzi\u00e2nia (sreluziania@seduc.go.gov.br), contendo os contatos telef\u00f4nicos e endere\u00e7os de e-mail para correspond\u00eancias eletr\u00f4nicas.<\/p>\n<p style=\"text-align: justify\">Oportunamente esclarece, que a Coordena\u00e7\u00e3o Regional de Educa\u00e7\u00e3o de <strong>LUZI\u00c2NIA<\/strong>, instituir\u00e1 comiss\u00e3o pr\u00f3pria para as an\u00e1lises curriculares, que ser\u00e1 composta por integrante do Sindicato da categoria e membros da CRE, objetivando assim, a ado\u00e7\u00e3o de medidas e provid\u00eancias pertinentes ao suprimento de todos os d\u00e9ficits de professores existentes na Rede Estadual de Educa\u00e7\u00e3o, que garantam os servi\u00e7os prestados \u00e0 comunidade goiana.<\/p>\n<p style=\"text-align: center\">SEDUC\/GO<\/p>\n<hr \/>\n<h3 align=\"center\"><strong>COMUNICADO<\/strong><\/h3>\n<pre style=\"text-align: center\">Publica\u00e7\u00e3o: 26\/04\/2023\nEncerramento: 28\/04\/2023 \u00e0s 18h<\/pre>\n<h3 align=\"center\"><span style=\"color: red\"><strong>ENCERRADO<\/strong><\/span><\/h3>\n<p style=\"text-align: justify\">O Governo do Estado de Goi\u00e1s, atrav\u00e9s da Secretaria de Estado da Educa\u00e7\u00e3o, diante da inexist\u00eancia de candidatos habilitados e remanescentes a serem convocados pelo Processo Seletivo Simplificado Edital n\u00ba 008\/2021 \u2013 SEAD e considerando a exist\u00eancia de d\u00e9ficits de professores nas unidades escolares pertencentes ao munic\u00edpio de <strong>LUZI\u00c2NIA<\/strong>, jurisdicionado \u00e0 Coordena\u00e7\u00e3o Regional de Educa\u00e7\u00e3o (CRE) de <strong>LUZI\u00c2NIA<\/strong>, informa que est\u00e1 recebendo curr\u00edculos para sele\u00e7\u00e3o e contrata\u00e7\u00e3o tempor\u00e1ria com natureza emergencial para atender aos interesses da Administra\u00e7\u00e3o, para <strong>assumir a fun\u00e7\u00e3o de Int\u00e9rprete de L\u00edngua Brasileira de Sinais no Col\u00e9gio Estadual Alceu de Ara\u00fajo Roriz, turno matutino.<\/strong><\/p>\n<p style=\"text-align: justify\">Os interessados devem encaminhar Curr\u00edculo ao e-mail oficial da Coordena\u00e7\u00e3o Regional de Educa\u00e7\u00e3o de Luzi\u00e2nia (sreluziania@seduc.go.gov.br), contendo os contatos telef\u00f4nicos e endere\u00e7os de e-mail para correspond\u00eancias eletr\u00f4nicas.<\/p>\n<p style=\"text-align: justify\">Oportunamente esclarece, que a Coordena\u00e7\u00e3o Regional de Educa\u00e7\u00e3o de <strong>LUZI\u00c2NIA<\/strong>, instituir\u00e1 comiss\u00e3o pr\u00f3pria para as an\u00e1lises curriculares, que ser\u00e1 composta por integrante do Sindicato da categoria e membros da CRE, objetivando assim, a ado\u00e7\u00e3o de medidas e provid\u00eancias pertinentes ao suprimento de todos os d\u00e9ficits de professores existentes na Rede Estadual de Educa\u00e7\u00e3o, que garantam os servi\u00e7os prestados \u00e0 comunidade goiana.<\/p>\n<p style=\"text-align: center\">SEDUC\/GO<\/p>\n<hr \/>\n<h3 align=\"center\"><strong>COMUNICADO<\/strong><\/h3>\n<pre style=\"text-align: center\">Publica\u00e7\u00e3o: 26\/04\/2023\nEncerramento: 28\/04\/2023 \u00e0s 18h<\/pre>\n<h3 align=\"center\"><span style=\"color: red\"><strong>ENCERRADO<\/strong><\/span><\/h3>\n<p style=\"text-align: justify\">O Governo do Estado de Goi\u00e1s, atrav\u00e9s da Secretaria de Estado da Educa\u00e7\u00e3o, diante da inexist\u00eancia de candidatos habilitados e remanescentes a serem convocados pelo Processo Seletivo Simplificado Edital n\u00ba 008\/2021 \u2013 SEAD e considerando a exist\u00eancia de d\u00e9ficits de professores nas unidades escolares pertencentes ao munic\u00edpio de <strong>LUZI\u00c2NIA<\/strong>, jurisdicionado \u00e0 Coordena\u00e7\u00e3o Regional de Educa\u00e7\u00e3o (CRE) de <strong>LUZI\u00c2NIA<\/strong>, informa que est\u00e1 recebendo curr\u00edculos para sele\u00e7\u00e3o e contrata\u00e7\u00e3o tempor\u00e1ria com natureza emergencial para atender aos interesses da Administra\u00e7\u00e3o, para <strong>assumir a fun\u00e7\u00e3o de Coordenador Pedag\u00f3gico Col\u00e9gio Estadual Ant\u00f4nio Mar\u00e7o de Ara\u00fajo \u2013 Turno matutino.<\/strong><\/p>\n<p style=\"text-align: justify\">Os interessados devem encaminhar Curr\u00edculo ao e-mail oficial da Coordena\u00e7\u00e3o Regional de Educa\u00e7\u00e3o de Luzi\u00e2nia (sreluziania@seduc.go.gov.br), contendo os contatos telef\u00f4nicos e endere\u00e7os de e-mail para correspond\u00eancias eletr\u00f4nicas.<\/p>\n<p style=\"text-align: justify\">Oportunamente esclarece, que a Coordena\u00e7\u00e3o Regional de Educa\u00e7\u00e3o de <strong>LUZI\u00c2NIA<\/strong>, instituir\u00e1 comiss\u00e3o pr\u00f3pria para as an\u00e1lises curriculares, que ser\u00e1 composta por integrante do Sindicato da categoria e membros da CRE, objetivando assim, a ado\u00e7\u00e3o de medidas e provid\u00eancias pertinentes ao suprimento de todos os d\u00e9ficits de professores existentes na Rede Estadual de Educa\u00e7\u00e3o, que garantam os servi\u00e7os prestados \u00e0 comunidade goiana.<\/p>\n<p style=\"text-align: center\">SEDUC\/GO<\/p>\n<hr \/>\n<h3 align=\"center\"><strong>COMUNICADO<\/strong><\/h3>\n<pre style=\"text-align: center\">Publica\u00e7\u00e3o: 26\/04\/2023\nEncerramento: 28\/04\/2023 \u00e0s 18h<\/pre>\n<h3 align=\"center\"><span style=\"color: red\"><strong>ENCERRADO<\/strong><\/span><\/h3>\n<p style=\"text-align: justify\">O Governo do Estado de Goi\u00e1s, atrav\u00e9s da Secretaria de Estado da Educa\u00e7\u00e3o, diante da inexist\u00eancia de candidatos habilitados e remanescentes a serem convocados pelo Processo Seletivo Simplificado Edital n\u00ba 008\/2021 \u2013 SEAD e considerando a exist\u00eancia de d\u00e9ficits de professores nas unidades escolares pertencentes ao munic\u00edpio de <strong>LUZI\u00c2NIA<\/strong>, jurisdicionado \u00e0 Coordena\u00e7\u00e3o Regional de Educa\u00e7\u00e3o (CRE) de <strong>LUZI\u00c2NIA<\/strong>, informa que est\u00e1 recebendo curr\u00edculos para sele\u00e7\u00e3o e contrata\u00e7\u00e3o tempor\u00e1ria com natureza emergencial para atender aos interesses da Administra\u00e7\u00e3o, para <strong>assumir a fun\u00e7\u00e3o de Coordenador Pedag\u00f3gico Col\u00e9gio Estadual Ant\u00f4nio Mar\u00e7o de Ara\u00fajo \u2013 Turno vespertino.<\/strong><\/p>\n<p style=\"text-align: justify\">Os interessados devem encaminhar Curr\u00edculo ao e-mail oficial da Coordena\u00e7\u00e3o Regional de Educa\u00e7\u00e3o de Luzi\u00e2nia (sreluziania@seduc.go.gov.br), contendo os contatos telef\u00f4nicos e endere\u00e7os de e-mail para correspond\u00eancias eletr\u00f4nicas.<\/p>\n<p style=\"text-align: justify\">Oportunamente esclarece, que a Coordena\u00e7\u00e3o Regional de Educa\u00e7\u00e3o de <strong>LUZI\u00c2NIA<\/strong>, instituir\u00e1 comiss\u00e3o pr\u00f3pria para as an\u00e1lises curriculares, que ser\u00e1 composta por integrante do Sindicato da categoria e membros da CRE, objetivando assim, a ado\u00e7\u00e3o de medidas e provid\u00eancias pertinentes ao suprimento de todos os d\u00e9ficits de professores existentes na Rede Estadual de Educa\u00e7\u00e3o, que garantam os servi\u00e7os prestados \u00e0 comunidade goiana.<\/p>\n<p style=\"text-align: center\">SEDUC\/GO<\/p>\n<hr \/>\n<h3 align=\"center\"><strong>COMUNICADO<\/strong><\/h3>\n<pre style=\"text-align: center\">Publica\u00e7\u00e3o: 26\/04\/2023\nEncerramento: 28\/04\/2023 \u00e0s 18h<\/pre>\n<h3 align=\"center\"><span style=\"color: red\"><strong>ENCERRADO<\/strong><\/span><\/h3>\n<p style=\"text-align: justify\">O Governo do Estado de Goi\u00e1s, atrav\u00e9s da Secretaria de Estado da Educa\u00e7\u00e3o, diante da inexist\u00eancia de candidatos habilitados e remanescentes a serem convocados pelo Processo Seletivo Simplificado Edital n\u00ba 008\/2021 \u2013 SEAD e considerando a exist\u00eancia de d\u00e9ficits de professores nas unidades escolares pertencentes ao munic\u00edpio de <strong>LUZI\u00c2NIA<\/strong>, jurisdicionado \u00e0 Coordena\u00e7\u00e3o Regional de Educa\u00e7\u00e3o (CRE) de <strong>LUZI\u00c2NIA<\/strong>, informa que est\u00e1 recebendo curr\u00edculos para sele\u00e7\u00e3o e contrata\u00e7\u00e3o tempor\u00e1ria com natureza emergencial para atender aos interesses da Administra\u00e7\u00e3o, para <strong>assumir a fun\u00e7\u00e3o de Coordenador Pedag\u00f3gico Col\u00e9gio Estadual Vasco dos Reis Gon\u00e7alves \u2013 Turno noturno.<\/strong><\/p>\n<p style=\"text-align: justify\">Os interessados devem encaminhar Curr\u00edculo ao e-mail oficial da Coordena\u00e7\u00e3o Regional de Educa\u00e7\u00e3o de Luzi\u00e2nia (sreluziania@seduc.go.gov.br), contendo os contatos telef\u00f4nicos e endere\u00e7os de e-mail para correspond\u00eancias eletr\u00f4nicas.<\/p>\n<p style=\"text-align: justify\">Oportunamente esclarece, que a Coordena\u00e7\u00e3o Regional de Educa\u00e7\u00e3o de <strong>LUZI\u00c2NIA<\/strong>, instituir\u00e1 comiss\u00e3o pr\u00f3pria para as an\u00e1lises curriculares, que ser\u00e1 composta por integrante do Sindicato da categoria e membros da CRE, objetivando assim, a ado\u00e7\u00e3o de medidas e provid\u00eancias pertinentes ao suprimento de todos os d\u00e9ficits de professores existentes na Rede Estadual de Educa\u00e7\u00e3o, que garantam os servi\u00e7os prestados \u00e0 comunidade goiana.<\/p>\n<p style=\"text-align: center\">SEDUC\/GO<\/p>\n<hr \/>\n<h3 style=\"text-align: center\">COMUNICADO<\/h3>\n<pre style=\"text-align: center\">Publica\u00e7\u00e3o: 10\/04\/2023\nEncerramento: 13\/04\/2023 \u00e0s 18h<\/pre>\n<h3 align=\"center\"><span style=\"color: red\"><strong>ENCERRADO<\/strong><\/span><\/h3>\n<p style=\"text-align: justify\">O Governo do Estado de Goi\u00e1s, atrav\u00e9s da Secretaria de Estado da Educa\u00e7\u00e3o, diante da inexist\u00eancia de candidatos habilitados e remanescentes a serem convocados pelo Processo Seletivo Simplificado Edital n\u00ba 008\/2021 \u2013 SEAD e considerando a exist\u00eancia de d\u00e9ficits de professores nas unidades escolares pertencentes ao munic\u00edpio de <strong>LUZI\u00c2NIA<\/strong>, jurisdicionado \u00e0 Coordena\u00e7\u00e3o Regional de Educa\u00e7\u00e3o (CRE) de LUZI\u00c2NIA, informa que est\u00e1 recebendo curr\u00edculos para sele\u00e7\u00e3o e contrata\u00e7\u00e3o tempor\u00e1ria com natureza emergencial para atender aos interesses da Administra\u00e7\u00e3o, para ministrar: <strong>16 aulas de Ci\u00eancias, Arte e Novo Ensino M\u00e9dio, no Col\u00e9gio Estadual Padre Dario de Romedis, nos turnos matutino e vespertino.<\/strong><\/p>\n<p style=\"text-align: justify\">Os interessados devem encaminhar Curr\u00edculo ao e-mail oficial da Coordena\u00e7\u00e3o Regional de Educa\u00e7\u00e3o de Luzi\u00e2nia (sreluziania@seduc.go.gov.br), contendo os contatos telef\u00f4nicos e endere\u00e7os de e-mail para correspond\u00eancias eletr\u00f4nicas.<\/p>\n<p>Oportunamente esclarece, que a Coordena\u00e7\u00e3o Regional de Educa\u00e7\u00e3o de LUZI\u00c2NIA, instituir\u00e1 comiss\u00e3o pr\u00f3pria para as an\u00e1lises curriculares, que ser\u00e1 composta por integrante do Sindicato da categoria e membros da CRE, objetivando assim, a ado\u00e7\u00e3o de medidas e provid\u00eancias pertinentes ao suprimento de todos os d\u00e9ficits de professores existentes na Rede Estadual de Educa\u00e7\u00e3o, que garantam os servi\u00e7os prestados \u00e0 comunidade goiana.<\/p>\n<p style=\"text-align: center\">SEDUC\/GO<\/p>\n<hr \/>\n<h3 style=\"text-align: center\">COMUNICADO<\/h3>\n<pre style=\"text-align: center\">Publica\u00e7\u00e3o: 10\/04\/2023\nEncerramento: 13\/04\/2023 \u00e0s 18h<\/pre>\n<h3 align=\"center\"><span style=\"color: red\"><strong>ENCERRADO<\/strong><\/span><\/h3>\n<p style=\"text-align: justify\">O Governo do Estado de Goi\u00e1s, atrav\u00e9s da Secretaria de Estado da Educa\u00e7\u00e3o, diante da inexist\u00eancia de candidatos habilitados e remanescentes a serem convocados pelo Processo Seletivo Simplificado Edital n\u00ba 008\/2021 \u2013 SEAD e considerando a exist\u00eancia de d\u00e9ficits de professores nas unidades escolares pertencentes ao munic\u00edpio de <strong>LUZI\u00c2NIA<\/strong>, jurisdicionado \u00e0 Coordena\u00e7\u00e3o Regional de Educa\u00e7\u00e3o (CRE) de LUZI\u00c2NIA, informa que est\u00e1 recebendo curr\u00edculos para sele\u00e7\u00e3o e contrata\u00e7\u00e3o tempor\u00e1ria com natureza emergencial para atender aos interesses da Administra\u00e7\u00e3o, para ministrar: <strong>32 Aulas de Ci\u00eancias, Ensino Religioso, Estudo Orientado e Trilha Incertezas Naturais, na E.E.C.M. Maria Abadia Gomes Meireles Shinohara, nos turnos matutino , vespertino.<\/strong><\/p>\n<p style=\"text-align: justify\">Os interessados devem encaminhar Curr\u00edculo ao e-mail oficial da Coordena\u00e7\u00e3o Regional de Educa\u00e7\u00e3o de Luzi\u00e2nia (sreluziania@seduc.go.gov.br), contendo os contatos telef\u00f4nicos e endere\u00e7os de e-mail para correspond\u00eancias eletr\u00f4nicas.<\/p>\n<p>Oportunamente esclarece, que a Coordena\u00e7\u00e3o Regional de Educa\u00e7\u00e3o de LUZI\u00c2NIA, instituir\u00e1 comiss\u00e3o pr\u00f3pria para as an\u00e1lises curriculares, que ser\u00e1 composta por integrante do Sindicato da categoria e membros da CRE, objetivando assim, a ado\u00e7\u00e3o de medidas e provid\u00eancias pertinentes ao suprimento de todos os d\u00e9ficits de professores existentes na Rede Estadual de Educa\u00e7\u00e3o, que garantam os servi\u00e7os prestados \u00e0 comunidade goiana.<\/p>\n<p style=\"text-align: center\">SEDUC\/GO<\/p>\n<hr \/>\n<h3 style=\"text-align: center\">COMUNICADO<\/h3>\n<pre style=\"text-align: center\">Publica\u00e7\u00e3o: 10\/04\/2023\nEncerramento: 13\/04\/2023 \u00e0s 18h<\/pre>\n<h3 align=\"center\"><span style=\"color: red\"><strong>ENCERRADO<\/strong><\/span><\/h3>\n<p style=\"text-align: justify\">O Governo do Estado de Goi\u00e1s, atrav\u00e9s da Secretaria de Estado da Educa\u00e7\u00e3o, diante da inexist\u00eancia de candidatos habilitados e remanescentes a serem convocados pelo Processo Seletivo Simplificado Edital n\u00ba 008\/2021 \u2013 SEAD e considerando a exist\u00eancia de d\u00e9ficits de professores nas unidades escolares pertencentes ao munic\u00edpio de <strong>LUZI\u00c2NIA<\/strong>, jurisdicionado \u00e0 Coordena\u00e7\u00e3o Regional de Educa\u00e7\u00e3o (CRE) de LUZI\u00c2NIA, informa que est\u00e1 recebendo curr\u00edculos para sele\u00e7\u00e3o e contrata\u00e7\u00e3o tempor\u00e1ria com natureza emergencial para atender aos interesses da Administra\u00e7\u00e3o, para ministrar: <strong>16 Aulas de Hist\u00f3ria e Cultura Goiana,\u00a0 no C.P.M.G \u2013 Ely da Silva Braz, nos turnos matutino e vespertino;<\/strong><\/p>\n<p style=\"text-align: justify\">Os interessados devem encaminhar Curr\u00edculo ao e-mail oficial da Coordena\u00e7\u00e3o Regional de Educa\u00e7\u00e3o de Luzi\u00e2nia (sreluziania@seduc.go.gov.br), contendo os contatos telef\u00f4nicos e endere\u00e7os de e-mail para correspond\u00eancias eletr\u00f4nicas.<\/p>\n<p>Oportunamente esclarece, que a Coordena\u00e7\u00e3o Regional de Educa\u00e7\u00e3o de LUZI\u00c2NIA, instituir\u00e1 comiss\u00e3o pr\u00f3pria para as an\u00e1lises curriculares, que ser\u00e1 composta por integrante do Sindicato da categoria e membros da CRE, objetivando assim, a ado\u00e7\u00e3o de medidas e provid\u00eancias pertinentes ao suprimento de todos os d\u00e9ficits de professores existentes na Rede Estadual de Educa\u00e7\u00e3o, que garantam os servi\u00e7os prestados \u00e0 comunidade goiana.<\/p>\n<p style=\"text-align: center\">SEDUC\/GO<\/p>\n<hr \/>\n<h3 style=\"text-align: center\">COMUNICADO<\/h3>\n<pre style=\"text-align: center\">Publica\u00e7\u00e3o: 10\/04\/2023\nEncerramento: 13\/04\/2023 \u00e0s 18h<\/pre>\n<h3 align=\"center\"><span style=\"color: red\"><strong>ENCERRADO<\/strong><\/span><\/h3>\n<p style=\"text-align: justify\">O Governo do Estado de Goi\u00e1s, atrav\u00e9s da Secretaria de Estado da Educa\u00e7\u00e3o, diante da inexist\u00eancia de candidatos habilitados e remanescentes a serem convocados pelo Processo Seletivo Simplificado Edital n\u00ba 008\/2021 \u2013 SEAD e considerando a exist\u00eancia de d\u00e9ficits de professores nas unidades escolares pertencentes ao munic\u00edpio de <strong>LUZI\u00c2NIA<\/strong>, jurisdicionado \u00e0 Coordena\u00e7\u00e3o Regional de Educa\u00e7\u00e3o (CRE) de LUZI\u00c2NIA, informa que est\u00e1 recebendo curr\u00edculos para sele\u00e7\u00e3o e contrata\u00e7\u00e3o tempor\u00e1ria com natureza emergencial para atender aos interesses da Administra\u00e7\u00e3o, para ministrar: <strong>32 Aulas de Ingl\u00eas, Ensino Religioso e Protagonismo Juvenil, Trilha P\u00f3s M\u00e9dio, no CEPI \u2013 Ester da Cunha Peres, nos turnos matutino e vespertino;<\/strong><\/p>\n<p style=\"text-align: justify\">Os interessados devem encaminhar Curr\u00edculo ao e-mail oficial da Coordena\u00e7\u00e3o Regional de Educa\u00e7\u00e3o de Luzi\u00e2nia (sreluziania@seduc.go.gov.br), contendo os contatos telef\u00f4nicos e endere\u00e7os de e-mail para correspond\u00eancias eletr\u00f4nicas.<\/p>\n<p>Oportunamente esclarece, que a Coordena\u00e7\u00e3o Regional de Educa\u00e7\u00e3o de LUZI\u00c2NIA, instituir\u00e1 comiss\u00e3o pr\u00f3pria para as an\u00e1lises curriculares, que ser\u00e1 composta por integrante do Sindicato da categoria e membros da CRE, objetivando assim, a ado\u00e7\u00e3o de medidas e provid\u00eancias pertinentes ao suprimento de todos os d\u00e9ficits de professores existentes na Rede Estadual de Educa\u00e7\u00e3o, que garantam os servi\u00e7os prestados \u00e0 comunidade goiana.<\/p>\n<p style=\"text-align: center\">SEDUC\/GO<\/p>\n<hr \/>\n<h3 style=\"text-align: center\">COMUNICADO<\/h3>\n<pre style=\"text-align: center\">Publica\u00e7\u00e3o: 10\/04\/2023\nEncerramento: 13\/04\/2023 \u00e0s 18h<\/pre>\n<h3 align=\"center\"><span style=\"color: red\"><strong>ENCERRADO<\/strong><\/span><\/h3>\n<p style=\"text-align: justify\">O Governo do Estado de Goi\u00e1s, atrav\u00e9s da Secretaria de Estado da Educa\u00e7\u00e3o, diante da inexist\u00eancia de candidatos habilitados e remanescentes a serem convocados pelo Processo Seletivo Simplificado Edital n\u00ba 008\/2021 \u2013 SEAD e considerando a exist\u00eancia de d\u00e9ficits de professores nas unidades escolares pertencentes ao munic\u00edpio de <strong>LUZI\u00c2NIA<\/strong>, jurisdicionado \u00e0 Coordena\u00e7\u00e3o Regional de Educa\u00e7\u00e3o (CRE) de LUZI\u00c2NIA, informa que est\u00e1 recebendo curr\u00edculos para sele\u00e7\u00e3o e contrata\u00e7\u00e3o tempor\u00e1ria com natureza emergencial para atender aos interesses da Administra\u00e7\u00e3o, para ministrar: <strong>25 aulas de F\u00edsica, Geometria, Ensino Religioso, T\u00f3pico de Ci\u00eancias da Natureza,\u00a0 no Col\u00e9gio Estadual Jos\u00e9 Carneiro Filho, nos turnos matutino e vespertino.<\/strong><\/p>\n<p style=\"text-align: justify\">Os interessados devem encaminhar Curr\u00edculo ao e-mail oficial da Coordena\u00e7\u00e3o Regional de Educa\u00e7\u00e3o de Luzi\u00e2nia (sreluziania@seduc.go.gov.br), contendo os contatos telef\u00f4nicos e endere\u00e7os de e-mail para correspond\u00eancias eletr\u00f4nicas.<\/p>\n<p>Oportunamente esclarece, que a Coordena\u00e7\u00e3o Regional de Educa\u00e7\u00e3o de LUZI\u00c2NIA, instituir\u00e1 comiss\u00e3o pr\u00f3pria para as an\u00e1lises curriculares, que ser\u00e1 composta por integrante do Sindicato da categoria e membros da CRE, objetivando assim, a ado\u00e7\u00e3o de medidas e provid\u00eancias pertinentes ao suprimento de todos os d\u00e9ficits de professores existentes na Rede Estadual de Educa\u00e7\u00e3o, que garantam os servi\u00e7os prestados \u00e0 comunidade goiana.<\/p>\n<p style=\"text-align: center\">SEDUC\/GO<\/p>\n<hr \/>\n<h3 style=\"text-align: center\">COMUNICADO<\/h3>\n<pre style=\"text-align: center\">Publica\u00e7\u00e3o: 10\/04\/2023\nEncerramento: 13\/04\/2023 \u00e0s 18h<\/pre>\n<h3 align=\"center\"><span style=\"color: red\"><strong>ENCERRADO<\/strong><\/span><\/h3>\n<p style=\"text-align: justify\">O Governo do Estado de Goi\u00e1s, atrav\u00e9s da Secretaria de Estado da Educa\u00e7\u00e3o, diante da inexist\u00eancia de candidatos habilitados e remanescentes a serem convocados pelo Processo Seletivo Simplificado Edital n\u00ba 008\/2021 \u2013 SEAD e considerando a exist\u00eancia de d\u00e9ficits de professores nas unidades escolares pertencentes ao munic\u00edpio de <strong>LUZI\u00c2NIA<\/strong>, jurisdicionado \u00e0 Coordena\u00e7\u00e3o Regional de Educa\u00e7\u00e3o (CRE) de LUZI\u00c2NIA, informa que est\u00e1 recebendo curr\u00edculos para sele\u00e7\u00e3o e contrata\u00e7\u00e3o tempor\u00e1ria com natureza emergencial para atender aos interesses da Administra\u00e7\u00e3o, para ministrar: <strong>16 aulas de hist\u00f3ria, Ensino Religioso e Estudo Orientado, no Col\u00e9gio Estadual Helena Luzia Rodrigues de Queiroz, nos turnos matutino, vespertino e noturno.<\/strong><\/p>\n<p style=\"text-align: justify\">Os interessados devem encaminhar Curr\u00edculo ao e-mail oficial da Coordena\u00e7\u00e3o Regional de Educa\u00e7\u00e3o de Luzi\u00e2nia (sreluziania@seduc.go.gov.br), contendo os contatos telef\u00f4nicos e endere\u00e7os de e-mail para correspond\u00eancias eletr\u00f4nicas.<\/p>\n<p>Oportunamente esclarece, que a Coordena\u00e7\u00e3o Regional de Educa\u00e7\u00e3o de LUZI\u00c2NIA, instituir\u00e1 comiss\u00e3o pr\u00f3pria para as an\u00e1lises curriculares, que ser\u00e1 composta por integrante do Sindicato da categoria e membros da CRE, objetivando assim, a ado\u00e7\u00e3o de medidas e provid\u00eancias pertinentes ao suprimento de todos os d\u00e9ficits de professores existentes na Rede Estadual de Educa\u00e7\u00e3o, que garantam os servi\u00e7os prestados \u00e0 comunidade goiana.<\/p>\n<p style=\"text-align: center\">SEDUC\/GO<\/p>\n<hr \/>\n<h3 style=\"text-align: center\">COMUNICADO<\/h3>\n<pre style=\"text-align: center\">Publica\u00e7\u00e3o: 10\/04\/2023\nEncerramento: 13\/04\/2023 \u00e0s 18h<\/pre>\n<h3 align=\"center\"><span style=\"color: red\"><strong>ENCERRADO<\/strong><\/span><\/h3>\n<p style=\"text-align: justify\">O Governo do Estado de Goi\u00e1s, atrav\u00e9s da Secretaria de Estado da Educa\u00e7\u00e3o, diante da inexist\u00eancia de candidatos habilitados e remanescentes a serem convocados pelo Processo Seletivo Simplificado Edital n\u00ba 008\/2021 \u2013 SEAD e considerando a exist\u00eancia de d\u00e9ficits de professores nas unidades escolares pertencentes ao munic\u00edpio de <strong>LUZI\u00c2NIA<\/strong>, jurisdicionado \u00e0 Coordena\u00e7\u00e3o Regional de Educa\u00e7\u00e3o (CRE) de LUZI\u00c2NIA, informa que est\u00e1 recebendo curr\u00edculos para sele\u00e7\u00e3o e contrata\u00e7\u00e3o tempor\u00e1ria com natureza emergencial para atender aos interesses da Administra\u00e7\u00e3o, para ministrar: <strong>Professor Ensino a Dist\u00e2ncia, Ci\u00eancias Humana e Suas Tecnologia, 32 Aulas de Hist\u00f3ria\/Geografia, Arte, Sociologia e Filosofia, no Col\u00e9gio Estadual Dona Torinha \u2013 (Unidade Prisional Feminina de Luzi\u00e2nia) nos turnos matutino e vespertino.<\/strong><\/p>\n<p style=\"text-align: justify\">Os interessados devem encaminhar Curr\u00edculo ao e-mail oficial da Coordena\u00e7\u00e3o Regional de Educa\u00e7\u00e3o de Luzi\u00e2nia (sreluziania@seduc.go.gov.br), contendo os contatos telef\u00f4nicos e endere\u00e7os de e-mail para correspond\u00eancias eletr\u00f4nicas.<\/p>\n<p>Oportunamente esclarece, que a Coordena\u00e7\u00e3o Regional de Educa\u00e7\u00e3o de LUZI\u00c2NIA, instituir\u00e1 comiss\u00e3o pr\u00f3pria para as an\u00e1lises curriculares, que ser\u00e1 composta por integrante do Sindicato da categoria e membros da CRE, objetivando assim, a ado\u00e7\u00e3o de medidas e provid\u00eancias pertinentes ao suprimento de todos os d\u00e9ficits de professores existentes na Rede Estadual de Educa\u00e7\u00e3o, que garantam os servi\u00e7os prestados \u00e0 comunidade goiana.<\/p>\n<p style=\"text-align: center\">SEDUC\/GO<\/p>\n<hr \/>\n<h3 style=\"text-align: center\">COMUNICADO<\/h3>\n<pre style=\"text-align: center\">Publica\u00e7\u00e3o: 10\/04\/2023\nEncerramento: 13\/04\/2023 \u00e0s 18h<\/pre>\n<h3 align=\"center\"><span style=\"color: red\"><strong>ENCERRADO<\/strong><\/span><\/h3>\n<p style=\"text-align: justify\">O Governo do Estado de Goi\u00e1s, atrav\u00e9s da Secretaria de Estado da Educa\u00e7\u00e3o, diante da inexist\u00eancia de candidatos habilitados e remanescentes a serem convocados pelo Processo Seletivo Simplificado Edital n\u00ba 008\/2021 \u2013 SEAD e considerando a exist\u00eancia de d\u00e9ficits de professores nas unidades escolares pertencentes ao munic\u00edpio de <strong>LUZI\u00c2NIA<\/strong>, jurisdicionado \u00e0 Coordena\u00e7\u00e3o Regional de Educa\u00e7\u00e3o (CRE) de LUZI\u00c2NIA, informa que est\u00e1 recebendo curr\u00edculos para sele\u00e7\u00e3o e contrata\u00e7\u00e3o tempor\u00e1ria com natureza emergencial para atender aos interesses da Administra\u00e7\u00e3o, para ministrar:<strong> 32 Aulas de Hist\u00f3ria, Filosofia, Sociologia e Arte, no Col\u00e9gio Estadual Ant\u00f4nio Mar\u00e7o de Ara\u00fajo, nos turnos matutino , vespertino e noturno.<\/strong><\/p>\n<p style=\"text-align: justify\">Os interessados devem encaminhar Curr\u00edculo ao e-mail oficial da Coordena\u00e7\u00e3o Regional de Educa\u00e7\u00e3o de Luzi\u00e2nia (sreluziania@seduc.go.gov.br), contendo os contatos telef\u00f4nicos e endere\u00e7os de e-mail para correspond\u00eancias eletr\u00f4nicas.<\/p>\n<p>Oportunamente esclarece, que a Coordena\u00e7\u00e3o Regional de Educa\u00e7\u00e3o de LUZI\u00c2NIA, instituir\u00e1 comiss\u00e3o pr\u00f3pria para as an\u00e1lises curriculares, que ser\u00e1 composta por integrante do Sindicato da categoria e membros da CRE, objetivando assim, a ado\u00e7\u00e3o de medidas e provid\u00eancias pertinentes ao suprimento de todos os d\u00e9ficits de professores existentes na Rede Estadual de Educa\u00e7\u00e3o, que garantam os servi\u00e7os prestados \u00e0 comunidade goiana.<\/p>\n<p style=\"text-align: center\">SEDUC\/GO<\/p>\n<hr \/>\n<h3 align=\"center\"><strong>COMUNICADO<\/strong><\/h3>\n<pre style=\"text-align: center\">Publica\u00e7\u00e3o: 10\/04\/2023\nEncerramento: 13\/04\/2023 \u00e0s 18h<\/pre>\n<h3 align=\"center\"><span style=\"color: red\"><strong>ENCERRADO<\/strong><\/span><\/h3>\n<p class=\"paragraph\" style=\"margin: 0cm;vertical-align: baseline;text-align: justify\"><span class=\"normaltextrun\">O Governo do Estado de Goi\u00e1s, atrav\u00e9s da Secretaria de Estado da Educa\u00e7\u00e3o, diante da inexist\u00eancia de candidatos habilitados e remanescentes a serem convocados pelo Processo Seletivo Simplificado Edital n\u00ba 008\/2021 \u2013 SEAD e considerando a exist\u00eancia de d\u00e9ficits de professores nas unidades escolares pertencentes ao munic\u00edpio de <b>LUZI\u00c2NIA<\/b>, jurisdicionado \u00e0 Coordena\u00e7\u00e3o Regional de Educa\u00e7\u00e3o (CRE) de <b>LUZI\u00c2NIA<\/b>, informa que est\u00e1 recebendo curr\u00edculos para sele\u00e7\u00e3o e contrata\u00e7\u00e3o tempor\u00e1ria com natureza emergencial para atender aos interesses da Administra\u00e7\u00e3o, para ministrar: <strong>16 aulas de L\u00edngua Portuguesa, Arte e Educa\u00e7\u00e3o F\u00edsica, no Col\u00e9gio Estadual Alceu de Ara\u00fajo Roriz, no turno noturno.<\/strong><\/span><\/p>\n<p class=\"paragraph\" style=\"margin: 0cm;vertical-align: baseline;text-align: justify\"><span class=\"normaltextrun\">Os interessados devem encaminhar Curr\u00edculo ao e-mail oficial da Coordena\u00e7\u00e3o Regional de Educa\u00e7\u00e3o de Luzi\u00e2nia (sreluziania@seduc.go.gov.br), contendo os contatos telef\u00f4nicos e endere\u00e7os de e-mail para correspond\u00eancias eletr\u00f4nicas.<\/span><span class=\"eop\">\u00a0<\/span><\/p>\n<p class=\"paragraph\" style=\"margin: 0cm;vertical-align: baseline;text-align: justify\"><span class=\"eop\">\u00a0<\/span><\/p>\n<p class=\"paragraph\" style=\"margin: 0cm;vertical-align: baseline;text-align: justify\"><span class=\"normaltextrun\">Oportunamente esclarece, que a Coordena\u00e7\u00e3o Regional de Educa\u00e7\u00e3o de <b>LUZI\u00c2NIA<\/b>, instituir\u00e1 comiss\u00e3o pr\u00f3pria para as an\u00e1lises curriculares, que ser\u00e1 composta por integrante do Sindicato da categoria e membros da CRE, objetivando assim, a ado\u00e7\u00e3o de medidas e provid\u00eancias pertinentes ao suprimento de todos os d\u00e9ficits de professores existentes na Rede Estadual de Educa\u00e7\u00e3o, que garantam os servi\u00e7os prestados \u00e0 comunidade goiana.<\/span><span class=\"eop\">\u00a0<\/span><\/p>\n<p align=\"center\">SEDUC\/GO<\/p>\n<hr \/>\n<h3 align=\"center\"><strong>COMUNICADO<\/strong><\/h3>\n<pre style=\"text-align: center\">Publica\u00e7\u00e3o: 03\/04\/2023\nEncerramento:  10\/04\/2023 \u00e0s 18h<\/pre>\n<h3 align=\"center\"><span style=\"color: red\"><strong>ENCERRADO<\/strong><\/span><\/h3>\n<p style=\"text-align: justify\">O Governo do Estado de Goi\u00e1s, atrav\u00e9s da Secretaria de Estado da Educa\u00e7\u00e3o, diante da inexist\u00eancia de candidatos habilitados e remanescentes a serem convocados pelo Processo Seletivo Simplificado Edital n\u00ba 008\/2021 \u2013 SEAD e considerando a exist\u00eancia de d\u00e9ficits de professores nas unidades escolares pertencentes ao munic\u00edpio de <strong>LUZI\u00c2NIA<\/strong>, jurisdicionado \u00e0 Coordena\u00e7\u00e3o Regional de Educa\u00e7\u00e3o (CRE) de <strong>LUZI\u00c2NIA<\/strong>, informa que est\u00e1 recebendo curr\u00edculos para sele\u00e7\u00e3o e contrata\u00e7\u00e3o tempor\u00e1ria com natureza emergencial para atender aos interesses da Administra\u00e7\u00e3o, para ministrar <strong>30 aulas de Ci\u00eancias e Arte no turno \u00a0Matutino, no Col\u00e9gio Estadual Il\u00eddio de Souza Lemos, situado na Zona Rural de Luzi\u00e2nia, Distrito de Maniratuba.<\/strong><\/p>\n<p style=\"text-align: justify\">Os interessados devem encaminhar Curr\u00edculo ao e-mail oficial da Coordena\u00e7\u00e3o Regional de Educa\u00e7\u00e3o de Luzi\u00e2nia (sreluziania@seduc.go.gov.br), contendo os contatos telef\u00f4nicos e endere\u00e7os de e-mail para correspond\u00eancias eletr\u00f4nicas.<\/p>\n<p style=\"text-align: justify\">Oportunamente esclarece, que a Coordena\u00e7\u00e3o Regional de Educa\u00e7\u00e3o de <strong>LUZI\u00c2NIA<\/strong>, instituir\u00e1 comiss\u00e3o pr\u00f3pria para as an\u00e1lises curriculares, que ser\u00e1 composta por integrante do Sindicato da categoria e membros da CRE, objetivando assim, a ado\u00e7\u00e3o de medidas e provid\u00eancias pertinentes ao suprimento de todos os d\u00e9ficits de professores existentes na Rede Estadual de Educa\u00e7\u00e3o, que garantam os servi\u00e7os prestados \u00e0 comunidade goiana.<\/p>\n<p align=\"center\">SEDUC\/GO<\/p>\n<hr \/>\n<h3 align=\"center\"><strong>COMUNICADO<\/strong><\/h3>\n<pre style=\"text-align: center\">Publica\u00e7\u00e3o: 03\/04\/2023\nEncerramento: 10\/04\/2023 \u00e0s 18h<\/pre>\n<h3 align=\"center\"><span style=\"color: red\"><strong>ENCERRADO<\/strong><\/span><\/h3>\n<p style=\"text-align: justify\">O Governo do Estado de Goi\u00e1s, atrav\u00e9s da Secretaria de Estado da Educa\u00e7\u00e3o, diante da inexist\u00eancia de candidatos habilitados e remanescentes a serem convocados pelo Processo Seletivo Simplificado Edital n\u00ba 008\/2021 \u2013 SEAD e considerando a exist\u00eancia de d\u00e9ficits de professores nas unidades escolares pertencentes ao munic\u00edpio de <strong>LUZI\u00c2NIA<\/strong>, jurisdicionado \u00e0 Coordena\u00e7\u00e3o Regional de Educa\u00e7\u00e3o (CRE) de <strong>LUZI\u00c2NIA<\/strong>, informa que est\u00e1 recebendo curr\u00edculos para sele\u00e7\u00e3o e contrata\u00e7\u00e3o tempor\u00e1ria com natureza emergencial para atender aos interesses da Administra\u00e7\u00e3o, para ministrar <strong>32 aulas de L\u00edngua Portuguesa e L\u00edngua Espanhola, no turno integral (matutino e vespertino) no CEPI \u2013 Osvaldo da Costa Meireles.<\/strong><\/p>\n<p style=\"text-align: justify\">Os interessados devem encaminhar Curr\u00edculo ao e-mail oficial da Coordena\u00e7\u00e3o Regional de Educa\u00e7\u00e3o de Luzi\u00e2nia (sreluziania@seduc.go.gov.br), contendo os contatos telef\u00f4nicos e endere\u00e7os de e-mail para correspond\u00eancias eletr\u00f4nicas.<\/p>\n<p style=\"text-align: justify\">Oportunamente esclarece, que a Coordena\u00e7\u00e3o Regional de Educa\u00e7\u00e3o de <strong>LUZI\u00c2NIA<\/strong>, instituir\u00e1 comiss\u00e3o pr\u00f3pria para as an\u00e1lises curriculares, que ser\u00e1 composta por integrante do Sindicato da categoria e membros da CRE, objetivando assim, a ado\u00e7\u00e3o de medidas e provid\u00eancias pertinentes ao suprimento de todos os d\u00e9ficits de professores existentes na Rede Estadual de Educa\u00e7\u00e3o, que garantam os servi\u00e7os prestados \u00e0 comunidade goiana.<\/p>\n<p align=\"center\">SEDUC\/GO<\/p>\n<hr \/>\n<h3 align=\"center\"><strong>COMUNICADO<\/strong><\/h3>\n<pre style=\"text-align: center\">Publica\u00e7\u00e3o: 03\/04\/2023\nEncerramento: 10\/04\/2023 \u00e0s 18h<\/pre>\n<h3 align=\"center\"><span style=\"color: red\"><strong>ENCERRADO<\/strong><\/span><\/h3>\n<p style=\"text-align: justify\">O Governo do Estado de Goi\u00e1s, atrav\u00e9s da Secretaria de Estado da Educa\u00e7\u00e3o, diante da inexist\u00eancia de candidatos habilitados e remanescentes a serem convocados pelo Processo Seletivo Simplificado Edital n\u00ba 008\/2021 \u2013 SEAD e considerando a exist\u00eancia de d\u00e9ficits de professores nas unidades escolares pertencentes ao munic\u00edpio de <strong>LUZI\u00c2NIA<\/strong>, jurisdicionado \u00e0 Coordena\u00e7\u00e3o Regional de Educa\u00e7\u00e3o (CRE) de <strong>LUZI\u00c2NIA<\/strong>, informa que est\u00e1 recebendo curr\u00edculos para sele\u00e7\u00e3o e contrata\u00e7\u00e3o tempor\u00e1ria com natureza emergencial para atender aos interesses da Administra\u00e7\u00e3o, para ministrar <strong>16 Aulas de L\u00edngua Portuguesa e L\u00edngua Inglesa, nos turnos matutino e vespertino, no Col\u00e9gio Maria Pereira de Vasconcelos.<\/strong><\/p>\n<p style=\"text-align: justify\">Os interessados devem encaminhar Curr\u00edculo ao e-mail oficial da Coordena\u00e7\u00e3o Regional de Educa\u00e7\u00e3o de Luzi\u00e2nia (sreluziania@seduc.go.gov.br), contendo os contatos telef\u00f4nicos e endere\u00e7os de e-mail para correspond\u00eancias eletr\u00f4nicas.<\/p>\n<p style=\"text-align: justify\">Oportunamente esclarece, que a Coordena\u00e7\u00e3o Regional de Educa\u00e7\u00e3o de <strong>LUZI\u00c2NIA<\/strong>, instituir\u00e1 comiss\u00e3o pr\u00f3pria para as an\u00e1lises curriculares, que ser\u00e1 composta por integrante do Sindicato da categoria e membros da CRE, objetivando assim, a ado\u00e7\u00e3o de medidas e provid\u00eancias pertinentes ao suprimento de todos os d\u00e9ficits de professores existentes na Rede Estadual de Educa\u00e7\u00e3o, que garantam os servi\u00e7os prestados \u00e0 comunidade goiana.<\/p>\n<p style=\"text-align: center\">SEDUC\/GO<\/p>\n<hr \/>\n<h3 align=\"center\"><strong>COMUNICADO<\/strong><\/h3>\n<pre style=\"text-align: center\">Publica\u00e7\u00e3o: 28\/03\/2023\nEncerramento: 31\/03\/2023 \u00e0s 18h<\/pre>\n<h3 align=\"center\"><span style=\"color: red\"><strong>ENCERRADO<\/strong><\/span><\/h3>\n<p style=\"text-align: justify\">O Governo do Estado de Goi\u00e1s, atrav\u00e9s da Secretaria de Estado da Educa\u00e7\u00e3o, diante da inexist\u00eancia de candidatos habilitados e remanescentes a serem convocados pelo Processo Seletivo Simplificado Edital n\u00ba 008\/2021 \u2013 SEAD e considerando a exist\u00eancia de d\u00e9ficits de professores nas unidades escolares pertencentes ao munic\u00edpio de <strong>LUZI\u00c2NIA<\/strong>, jurisdicionado \u00e0 Coordena\u00e7\u00e3o Regional de Educa\u00e7\u00e3o (CRE) de <strong>LUZI\u00c2NIA<\/strong>, informa que est\u00e1 recebendo curr\u00edculos para sele\u00e7\u00e3o e contrata\u00e7\u00e3o tempor\u00e1ria com natureza emergencial para atender aos interesses da Administra\u00e7\u00e3o, para ministrar <strong>20 aulas de matem\u00e1tica, \u00a0\u00a0nos turno no turno noturno, na Escola Estadual C\u00edvico Militar Maria Abadia Gomes Meireles Shinohara.<\/strong><\/p>\n<p style=\"text-align: justify\">Os interessados devem encaminhar Curr\u00edculo ao e-mail oficial da Coordena\u00e7\u00e3o Regional de Educa\u00e7\u00e3o de Luzi\u00e2nia (sreluziania@seduc.go.gov.br), contendo os contatos telef\u00f4nicos e endere\u00e7os de e-mail para correspond\u00eancias eletr\u00f4nicas.<\/p>\n<p style=\"text-align: justify\">Oportunamente esclarece, que a Coordena\u00e7\u00e3o Regional de Educa\u00e7\u00e3o de <strong>LUZI\u00c2NIA<\/strong>, instituir\u00e1 comiss\u00e3o pr\u00f3pria para as an\u00e1lises curriculares, que ser\u00e1 composta por integrante do Sindicato da categoria e membros da CRE, objetivando assim, a ado\u00e7\u00e3o de medidas e provid\u00eancias pertinentes ao suprimento de todos os d\u00e9ficits de professores existentes na Rede Estadual de Educa\u00e7\u00e3o, que garantam os servi\u00e7os prestados \u00e0 comunidade goiana.<\/p>\n<p align=\"center\">SEDUC\/GO<\/p>\n<hr \/>\n<h3 align=\"center\"><strong>COMUNICADO<\/strong><\/h3>\n<pre style=\"text-align: center\">Publica\u00e7\u00e3o: 28\/03\/2023\nEncerramento: 31\/03\/2023 \u00e0s 18h<\/pre>\n<h3 align=\"center\"><span style=\"color: red\"><strong>ENCERRADO<\/strong><\/span><\/h3>\n<p style=\"text-align: justify\">O Governo do Estado de Goi\u00e1s, atrav\u00e9s da Secretaria de Estado da Educa\u00e7\u00e3o, diante da inexist\u00eancia de candidatos habilitados e remanescentes a serem convocados pelo Processo Seletivo Simplificado Edital n\u00ba 008\/2021 \u2013 SEAD e considerando a exist\u00eancia de d\u00e9ficits de professores nas unidades escolares pertencentes ao munic\u00edpio de <strong>LUZI\u00c2NIA<\/strong>, jurisdicionado \u00e0 Coordena\u00e7\u00e3o Regional de Educa\u00e7\u00e3o (CRE) de <strong>LUZI\u00c2NIA<\/strong>, informa que est\u00e1 recebendo curr\u00edculos para sele\u00e7\u00e3o e contrata\u00e7\u00e3o tempor\u00e1ria com natureza emergencial para atender aos interesses da Administra\u00e7\u00e3o, para ministrar <strong>31 aulas F\u00edsica, no turno Integral, \u00a0Matutino e Vespertino, no CEPI \u2013 Maria Abadia Salom\u00e3o.<\/strong><\/p>\n<p style=\"text-align: justify\">Os interessados devem encaminhar Curr\u00edculo ao e-mail oficial da Coordena\u00e7\u00e3o Regional de Educa\u00e7\u00e3o de Luzi\u00e2nia (sreluziania@seduc.go.gov.br), contendo os contatos telef\u00f4nicos e endere\u00e7os de e-mail para correspond\u00eancias eletr\u00f4nicas.<\/p>\n<p style=\"text-align: justify\">Oportunamente esclarece, que a Coordena\u00e7\u00e3o Regional de Educa\u00e7\u00e3o de <strong>LUZI\u00c2NIA<\/strong>, instituir\u00e1 comiss\u00e3o pr\u00f3pria para as an\u00e1lises curriculares, que ser\u00e1 composta por integrante do Sindicato da categoria e membros da CRE, objetivando assim, a ado\u00e7\u00e3o de medidas e provid\u00eancias pertinentes ao suprimento de todos os d\u00e9ficits de professores existentes na Rede Estadual de Educa\u00e7\u00e3o, que garantam os servi\u00e7os prestados \u00e0 comunidade goiana.<\/p>\n<p align=\"center\">SEDUC\/GO<\/p>\n<hr \/>\n<h3 align=\"center\"><strong>COMUNICADO<\/strong><\/h3>\n<pre style=\"text-align: center\">Publica\u00e7\u00e3o: 28\/03\/2023\nEncerramento: 31\/03\/2023 \u00e0s 18h<\/pre>\n<h3 align=\"center\"><span style=\"color: red\"><strong>ENCERRADO<\/strong><\/span><\/h3>\n<p style=\"text-align: justify\">O Governo do Estado de Goi\u00e1s, atrav\u00e9s da Secretaria de Estado da Educa\u00e7\u00e3o, diante da inexist\u00eancia de candidatos habilitados e remanescentes a serem convocados pelo Processo Seletivo Simplificado Edital n\u00ba 008\/2021 \u2013 SEAD e considerando a exist\u00eancia de d\u00e9ficits de professores nas unidades escolares pertencentes ao munic\u00edpio de <strong>LUZI\u00c2NIA<\/strong>, jurisdicionado \u00e0 Coordena\u00e7\u00e3o Regional de Educa\u00e7\u00e3o (CRE) de <strong>LUZI\u00c2NIA<\/strong>, informa que est\u00e1 recebendo curr\u00edculos para sele\u00e7\u00e3o e contrata\u00e7\u00e3o tempor\u00e1ria com natureza emergencial para atender aos interesses da Administra\u00e7\u00e3o, para ministrar <strong>32 aulas de Geografia\u00a0 e Estudo Orientado, no turno integral, (Matutino e Vespertino) no CEPI \u2013 Francisco Machado de Ara\u00fajo.<\/strong><\/p>\n<p style=\"text-align: justify\">Os interessados devem encaminhar Curr\u00edculo ao e-mail oficial da Coordena\u00e7\u00e3o Regional de Educa\u00e7\u00e3o de Luzi\u00e2nia (sreluziania@seduc.go.gov.br), contendo os contatos telef\u00f4nicos e endere\u00e7os de e-mail para correspond\u00eancias eletr\u00f4nicas.<\/p>\n<p style=\"text-align: justify\">Oportunamente esclarece, que a Coordena\u00e7\u00e3o Regional de Educa\u00e7\u00e3o de <strong>LUZI\u00c2NIA<\/strong>, instituir\u00e1 comiss\u00e3o pr\u00f3pria para as an\u00e1lises curriculares, que ser\u00e1 composta por integrante do Sindicato da categoria e membros da CRE, objetivando assim, a ado\u00e7\u00e3o de medidas e provid\u00eancias pertinentes ao suprimento de todos os d\u00e9ficits de professores existentes na Rede Estadual de Educa\u00e7\u00e3o, que garantam os servi\u00e7os prestados \u00e0 comunidade goiana.<\/p>\n<p align=\"center\">SEDUC\/GO<\/p>\n<hr \/>\n<h3 align=\"center\"><strong>COMUNICADO<\/strong><\/h3>\n<pre style=\"text-align: center\">Publica\u00e7\u00e3o: 28\/03\/2023\nEncerramento: 31\/03\/2023 \u00e0s 18h<\/pre>\n<h3 align=\"center\"><span style=\"color: red\"><strong>ENCERRADO<\/strong><\/span><\/h3>\n<p style=\"text-align: justify\">O Governo do Estado de Goi\u00e1s, atrav\u00e9s da Secretaria de Estado da Educa\u00e7\u00e3o, diante da inexist\u00eancia de candidatos habilitados e remanescentes a serem convocados pelo Processo Seletivo Simplificado Edital n\u00ba 008\/2021 \u2013 SEAD e considerando a exist\u00eancia de d\u00e9ficits de professores nas unidades escolares pertencentes ao munic\u00edpio de <strong>LUZI\u00c2NIA<\/strong>, jurisdicionado \u00e0 Coordena\u00e7\u00e3o Regional de Educa\u00e7\u00e3o (CRE) de <strong>LUZI\u00c2NIA<\/strong>, informa que est\u00e1 recebendo curr\u00edculos para sele\u00e7\u00e3o e contrata\u00e7\u00e3o tempor\u00e1ria com natureza emergencial para atender aos interesses da Administra\u00e7\u00e3o, para ministrar <strong>32 aulas de Ci\u00eancias e Ensino Religioso, \u00a0\u00a0nos turnos matutino e vespertino no Col\u00e9gio Estadual Padre Dario de Romedis.<\/strong><\/p>\n<p style=\"text-align: justify\">Os interessados devem encaminhar Curr\u00edculo ao e-mail oficial da Coordena\u00e7\u00e3o Regional de Educa\u00e7\u00e3o de Luzi\u00e2nia (sreluziania@seduc.go.gov.br), contendo os contatos telef\u00f4nicos e endere\u00e7os de e-mail para correspond\u00eancias eletr\u00f4nicas.<\/p>\n<p style=\"text-align: justify\">Oportunamente esclarece, que a Coordena\u00e7\u00e3o Regional de Educa\u00e7\u00e3o de <strong>LUZI\u00c2NIA<\/strong>, instituir\u00e1 comiss\u00e3o pr\u00f3pria para as an\u00e1lises curriculares, que ser\u00e1 composta por integrante do Sindicato da categoria e membros da CRE, objetivando assim, a ado\u00e7\u00e3o de medidas e provid\u00eancias pertinentes ao suprimento de todos os d\u00e9ficits de professores existentes na Rede Estadual de Educa\u00e7\u00e3o, que garantam os servi\u00e7os prestados \u00e0 comunidade goiana.<\/p>\n<p align=\"center\">SEDUC\/GO<\/p>\n<hr \/>\n<h3 align=\"center\"><strong>COMUNICADO<\/strong><\/h3>\n<pre style=\"text-align: center\">Publica\u00e7\u00e3o: 28\/03\/2023\nEncerramento: 31\/03\/2023 \u00e0s 18h<\/pre>\n<h3 align=\"center\"><span style=\"color: red\"><strong>ENCERRADO<\/strong><\/span><\/h3>\n<p style=\"text-align: justify\">O Governo do Estado de Goi\u00e1s, atrav\u00e9s da Secretaria de Estado da Educa\u00e7\u00e3o, diante da inexist\u00eancia de candidatos habilitados e remanescentes a serem convocados pelo Processo Seletivo Simplificado Edital n\u00ba 008\/2021 \u2013 SEAD e considerando a exist\u00eancia de d\u00e9ficits de professores nas unidades escolares pertencentes ao munic\u00edpio de <strong>LUZI\u00c2NIA<\/strong>, jurisdicionado \u00e0 Coordena\u00e7\u00e3o Regional de Educa\u00e7\u00e3o (CRE) de <strong>LUZI\u00c2NIA<\/strong>, informa que est\u00e1 recebendo curr\u00edculos para sele\u00e7\u00e3o e contrata\u00e7\u00e3o tempor\u00e1ria com natureza emergencial para atender aos interesses da Administra\u00e7\u00e3o, para ministrar <strong>31 aulas de Matem\u00e1tica, nos turnos Matutino e Vespertino, no Col\u00e9gio Estadual Professora Lourdes de Oliveira Sampaio.<\/strong><\/p>\n<p style=\"text-align: justify\">Os interessados devem encaminhar Curr\u00edculo ao e-mail oficial da Coordena\u00e7\u00e3o Regional de Educa\u00e7\u00e3o de Luzi\u00e2nia (sreluziania@seduc.go.gov.br), contendo os contatos telef\u00f4nicos e endere\u00e7os de e-mail para correspond\u00eancias eletr\u00f4nicas.<\/p>\n<p style=\"text-align: justify\">Oportunamente esclarece, que a Coordena\u00e7\u00e3o Regional de Educa\u00e7\u00e3o de <strong>LUZI\u00c2NIA<\/strong>, instituir\u00e1 comiss\u00e3o pr\u00f3pria para as an\u00e1lises curriculares, que ser\u00e1 composta por integrante do Sindicato da categoria e membros da CRE, objetivando assim, a ado\u00e7\u00e3o de medidas e provid\u00eancias pertinentes ao suprimento de todos os d\u00e9ficits de professores existentes na Rede Estadual de Educa\u00e7\u00e3o, que garantam os servi\u00e7os prestados \u00e0 comunidade goiana.<\/p>\n<p align=\"center\">SEDUC\/GO<\/p>\n<hr \/>\n<h3 align=\"center\"><strong>COMUNICADO<\/strong><\/h3>\n<pre style=\"text-align: center\">Publica\u00e7\u00e3o: 28\/03\/2023\nEncerramento: 31\/03\/2023 \u00e0s 18h<\/pre>\n<h3 align=\"center\"><span style=\"color: red\"><strong>ENCERRADO<\/strong><\/span><\/h3>\n<p style=\"text-align: justify\">O Governo do Estado de Goi\u00e1s, atrav\u00e9s da Secretaria de Estado da Educa\u00e7\u00e3o, diante da inexist\u00eancia de candidatos habilitados e remanescentes a serem convocados pelo Processo Seletivo Simplificado Edital n\u00ba 008\/2021 \u2013 SEAD e considerando a exist\u00eancia de d\u00e9ficits de professores nas unidades escolares pertencentes ao munic\u00edpio de <strong>LUZI\u00c2NIA<\/strong>, jurisdicionado \u00e0 Coordena\u00e7\u00e3o Regional de Educa\u00e7\u00e3o (CRE) de <strong>LUZI\u00c2NIA<\/strong>, informa que est\u00e1 recebendo curr\u00edculos para sele\u00e7\u00e3o e contrata\u00e7\u00e3o tempor\u00e1ria com natureza emergencial para atender aos interesses da Administra\u00e7\u00e3o, para ministrar <strong>30 aulas de Ci\u00eancias e Arte no turno \u00a0Matutino, no Col\u00e9gio Estadual Il\u00eddio de Souza Lemos, situado na Zona Rural de Luzi\u00e2nia, Distrito de Maniratuba.<\/strong><\/p>\n<p style=\"text-align: justify\">Os interessados devem encaminhar Curr\u00edculo ao e-mail oficial da Coordena\u00e7\u00e3o Regional de Educa\u00e7\u00e3o de Luzi\u00e2nia (sreluziania@seduc.go.gov.br), contendo os contatos telef\u00f4nicos e endere\u00e7os de e-mail para correspond\u00eancias eletr\u00f4nicas.<\/p>\n<p style=\"text-align: justify\">Oportunamente esclarece, que a Coordena\u00e7\u00e3o Regional de Educa\u00e7\u00e3o de <strong>LUZI\u00c2NIA<\/strong>, instituir\u00e1 comiss\u00e3o pr\u00f3pria para as an\u00e1lises curriculares, que ser\u00e1 composta por integrante do Sindicato da categoria e membros da CRE, objetivando assim, a ado\u00e7\u00e3o de medidas e provid\u00eancias pertinentes ao suprimento de todos os d\u00e9ficits de professores existentes na Rede Estadual de Educa\u00e7\u00e3o, que garantam os servi\u00e7os prestados \u00e0 comunidade goiana.<\/p>\n<p align=\"center\">SEDUC\/GO<\/p>\n<hr \/>\n<h3 align=\"center\"><strong>COMUNICADO<\/strong><\/h3>\n<pre style=\"text-align: center\">Publica\u00e7\u00e3o: 28\/03\/2023\nEncerramento: 31\/03\/2023 \u00e0s 18h<\/pre>\n<h3 align=\"center\"><span style=\"color: red\"><strong>ENCERRADO<\/strong><\/span><\/h3>\n<p style=\"text-align: justify\">O Governo do Estado de Goi\u00e1s, atrav\u00e9s da Secretaria de Estado da Educa\u00e7\u00e3o, diante da inexist\u00eancia de candidatos habilitados e remanescentes a serem convocados pelo Processo Seletivo Simplificado Edital n\u00ba 008\/2021 \u2013 SEAD e considerando a exist\u00eancia de d\u00e9ficits de professores nas unidades escolares pertencentes ao munic\u00edpio de <strong>LUZI\u00c2NIA<\/strong>, jurisdicionado \u00e0 Coordena\u00e7\u00e3o Regional de Educa\u00e7\u00e3o (CRE) de <strong>LUZI\u00c2NIA<\/strong>, informa que est\u00e1 recebendo curr\u00edculos para sele\u00e7\u00e3o e contrata\u00e7\u00e3o tempor\u00e1ria com natureza emergencial para atender aos interesses da Administra\u00e7\u00e3o, para <strong>ministrar 27 aulas de Portugu\u00eas, Reda\u00e7\u00e3o, Ci\u00eancia e Educa\u00e7\u00e3o F\u00edsica, \u00a0nos turnos matutino, vespertino e noturno no Col\u00e9gio Estadual Campos Lindos, situado na Zona Rural de Cristalina, Distrito de Campos Lindos.<\/strong><\/p>\n<p style=\"text-align: justify\">Os interessados devem encaminhar Curr\u00edculo ao e-mail oficial da Coordena\u00e7\u00e3o Regional de Educa\u00e7\u00e3o de Luzi\u00e2nia (sreluziania@seduc.go.gov.br), contendo os contatos telef\u00f4nicos e endere\u00e7os de e-mail para correspond\u00eancias eletr\u00f4nicas.<\/p>\n<p style=\"text-align: justify\">Oportunamente esclarece, que a Coordena\u00e7\u00e3o Regional de Educa\u00e7\u00e3o de <strong>LUZI\u00c2NIA<\/strong>, instituir\u00e1 comiss\u00e3o pr\u00f3pria para as an\u00e1lises curriculares, que ser\u00e1 composta por integrante do Sindicato da categoria e membros da CRE, objetivando assim, a ado\u00e7\u00e3o de medidas e provid\u00eancias pertinentes ao suprimento de todos os d\u00e9ficits de professores existentes na Rede Estadual de Educa\u00e7\u00e3o, que garantam os servi\u00e7os prestados \u00e0 comunidade goiana.<\/p>\n<p align=\"center\">SEDUC\/GO<\/p>\n<hr \/>\n<h3 align=\"center\"><strong>COMUNICADO<\/strong><\/h3>\n<pre style=\"text-align: center\">Publica\u00e7\u00e3o: 28\/03\/2023\nEncerramento: 31\/03\/2023 \u00e0s 18h<\/pre>\n<h3 align=\"center\"><span style=\"color: red\"><strong>ENCERRADO<\/strong><\/span><\/h3>\n<p style=\"text-align: justify\">O Governo do Estado de Goi\u00e1s, atrav\u00e9s da Secretaria de Estado da Educa\u00e7\u00e3o, diante da inexist\u00eancia de candidatos habilitados e remanescentes a serem convocados pelo Processo Seletivo Simplificado Edital n\u00ba 008\/2021 \u2013 SEAD e considerando a exist\u00eancia de d\u00e9ficits de professores nas unidades escolares pertencentes ao munic\u00edpio de <strong>LUZI\u00c2NIA<\/strong>, jurisdicionado \u00e0 Coordena\u00e7\u00e3o Regional de Educa\u00e7\u00e3o (CRE) de <strong>LUZI\u00c2NIA<\/strong>, informa que est\u00e1 recebendo curr\u00edculos para sele\u00e7\u00e3o e contrata\u00e7\u00e3o tempor\u00e1ria com natureza emergencial para atender aos interesses da Administra\u00e7\u00e3o, para <strong>ministrar 28 aulas de matem\u00e1tica, Novo Ensino M\u00e9dio, Ensino Religioso, \u00a0nos turnos matutino, vespertino e noturno no Col\u00e9gio Estadual Campos Lindos, situado na Zona Rural de Cristalina, Distrito de Campos Lindos.<\/strong><\/p>\n<p style=\"text-align: justify\">Os interessados devem encaminhar Curr\u00edculo ao e-mail oficial da Coordena\u00e7\u00e3o Regional de Educa\u00e7\u00e3o de Luzi\u00e2nia (sreluziania@seduc.go.gov.br), contendo os contatos telef\u00f4nicos e endere\u00e7os de e-mail para correspond\u00eancias eletr\u00f4nicas.<\/p>\n<p style=\"text-align: justify\">Oportunamente esclarece, que a Coordena\u00e7\u00e3o Regional de Educa\u00e7\u00e3o de <strong>LUZI\u00c2NIA<\/strong>, instituir\u00e1 comiss\u00e3o pr\u00f3pria para as an\u00e1lises curriculares, que ser\u00e1 composta por integrante do Sindicato da categoria e membros da CRE, objetivando assim, a ado\u00e7\u00e3o de medidas e provid\u00eancias pertinentes ao suprimento de todos os d\u00e9ficits de professores existentes na Rede Estadual de Educa\u00e7\u00e3o, que garantam os servi\u00e7os prestados \u00e0 comunidade goiana.<\/p>\n<p align=\"center\">SEDUC\/GO<\/p>\n<hr \/>\n<h3 align=\"center\"><strong>COMUNICADO<\/strong><\/h3>\n<pre style=\"text-align: center\">Publica\u00e7\u00e3o: 28\/03\/2023\nEncerramento: 31\/03\/2023 \u00e0s 18h<\/pre>\n<h3 align=\"center\"><span style=\"color: red\"><strong>ENCERRADO<\/strong><\/span><\/h3>\n<p style=\"text-align: justify\">O Governo do Estado de Goi\u00e1s, atrav\u00e9s da Secretaria de Estado da Educa\u00e7\u00e3o, diante da inexist\u00eancia de candidatos habilitados e remanescentes a serem convocados pelo Processo Seletivo Simplificado Edital n\u00ba 008\/2021 \u2013 SEAD e considerando a exist\u00eancia de d\u00e9ficits de professores nas unidades escolares pertencentes ao munic\u00edpio de <strong>LUZI\u00c2NIA<\/strong>, jurisdicionado \u00e0 Coordena\u00e7\u00e3o Regional de Educa\u00e7\u00e3o (CRE) de <strong>LUZI\u00c2NIA<\/strong>, informa que est\u00e1 recebendo curr\u00edculos para sele\u00e7\u00e3o e contrata\u00e7\u00e3o tempor\u00e1ria com natureza emergencial para atender aos interesses da Administra\u00e7\u00e3o, para <strong>assumir a fun\u00e7\u00e3o de Professor do Goi\u00e1s Tec, (Pedagogo), no turno matutino, \u00a0no Col\u00e9gio Estadual Campos Lindos, situado na Zona Rural de Cristalina, no Distrito de Campos Lindos.<\/strong><\/p>\n<p style=\"text-align: justify\">Os interessados devem encaminhar Curr\u00edculo ao e-mail oficial da Coordena\u00e7\u00e3o Regional de Educa\u00e7\u00e3o de Luzi\u00e2nia (sreluziania@seduc.go.gov.br), contendo os contatos telef\u00f4nicos e endere\u00e7os de e-mail para correspond\u00eancias eletr\u00f4nicas.<\/p>\n<p style=\"text-align: justify\">Oportunamente esclarece, que a Coordena\u00e7\u00e3o Regional de Educa\u00e7\u00e3o de <strong>LUZI\u00c2NIA<\/strong>, instituir\u00e1 comiss\u00e3o pr\u00f3pria para as an\u00e1lises curriculares, que ser\u00e1 composta por integrante do Sindicato da categoria e membros da CRE, objetivando assim, a ado\u00e7\u00e3o de medidas e provid\u00eancias pertinentes ao suprimento de todos os d\u00e9ficits de professores existentes na Rede Estadual de Educa\u00e7\u00e3o, que garantam os servi\u00e7os prestados \u00e0 comunidade goiana.<\/p>\n<p align=\"center\">SEDUC\/GO<\/p>\n<hr \/>\n<h3 align=\"center\"><strong>COMUNICADO<\/strong><\/h3>\n<pre style=\"text-align: center\">Publica\u00e7\u00e3o: 28\/03\/2023\nEncerramento: 31\/03\/2023 \u00e0s 18h<\/pre>\n<h3 align=\"center\"><span style=\"color: red\"><strong>ENCERRADO<\/strong><\/span><\/h3>\n<p style=\"text-align: justify\">O Governo do Estado de Goi\u00e1s, atrav\u00e9s da Secretaria de Estado da Educa\u00e7\u00e3o, diante da inexist\u00eancia de candidatos habilitados e remanescentes a serem convocados pelo Processo Seletivo Simplificado Edital n\u00ba 008\/2021 \u2013 SEAD e considerando a exist\u00eancia de d\u00e9ficits de professores nas unidades escolares pertencentes ao munic\u00edpio de <strong>LUZI\u00c2NIA<\/strong>, jurisdicionado \u00e0 Coordena\u00e7\u00e3o Regional de Educa\u00e7\u00e3o (CRE) de <strong>LUZI\u00c2NIA<\/strong>, informa que est\u00e1 recebendo curr\u00edculos para sele\u00e7\u00e3o e contrata\u00e7\u00e3o tempor\u00e1ria com natureza emergencial para atender aos interesses da Administra\u00e7\u00e3o, para ministrar <strong>32 aulas de Hist\u00f3ria, nos turnos matutino e vespertino, no Col\u00e9gio Estadual Ant\u00f4nio Mar\u00e7o de Ara\u00fajo.<\/strong><\/p>\n<p style=\"text-align: justify\">Os interessados devem encaminhar Curr\u00edculo ao e-mail oficial da Coordena\u00e7\u00e3o Regional de Educa\u00e7\u00e3o de Luzi\u00e2nia (sreluziania@seduc.go.gov.br), contendo os contatos telef\u00f4nicos e endere\u00e7os de e-mail para correspond\u00eancias eletr\u00f4nicas.<\/p>\n<p style=\"text-align: justify\">Oportunamente esclarece, que a Coordena\u00e7\u00e3o Regional de Educa\u00e7\u00e3o de <strong>LUZI\u00c2NIA<\/strong>, instituir\u00e1 comiss\u00e3o pr\u00f3pria para as an\u00e1lises curriculares, que ser\u00e1 composta por integrante do Sindicato da categoria e membros da CRE, objetivando assim, a ado\u00e7\u00e3o de medidas e provid\u00eancias pertinentes ao suprimento de todos os d\u00e9ficits de professores existentes na Rede Estadual de Educa\u00e7\u00e3o, que garantam os servi\u00e7os prestados \u00e0 comunidade goiana.<\/p>\n<p align=\"center\">SEDUC\/GO<\/p>\n<hr \/>\n<h3 align=\"center\"><strong>COMUNICADO<\/strong><\/h3>\n<pre style=\"text-align: center\">Publica\u00e7\u00e3o: 07\/03\/2023\nEncerramento: 10\/03\/2023 \u00e0s 18h<\/pre>\n<h3 align=\"center\"><span style=\"color: red\"><strong>ENCERRADO<\/strong><\/span><\/h3>\n<p style=\"text-align: justify\">O Governo do Estado de Goi\u00e1s, atrav\u00e9s da Secretaria de Estado da Educa\u00e7\u00e3o, diante da inexist\u00eancia de candidatos habilitados e remanescentes a serem convocados pelo Processo Seletivo Simplificado Edital n\u00ba 008\/2021 \u2013 SEAD e considerando a exist\u00eancia de d\u00e9ficits de professores nas unidades escolares pertencentes ao munic\u00edpio de <strong>LUZI\u00c2NIA<\/strong>, jurisdicionado \u00e0 Coordena\u00e7\u00e3o Regional de Educa\u00e7\u00e3o (CRE) de <strong>LUZI\u00c2NIA<\/strong>, informa que est\u00e1 recebendo curr\u00edculos para sele\u00e7\u00e3o e contrata\u00e7\u00e3o tempor\u00e1ria com natureza emergencial para atender aos interesses da Administra\u00e7\u00e3o, para ministrar <strong>16 aulas de Ci\u00eancias no turno matutino, na (Unidade Prisional \u2013 Estudantes do sexo masculino) sendo extens\u00e3o do Col\u00e9gio Estadual Alceu de Ara\u00fajo Roriz.<\/strong><\/p>\n<p style=\"text-align: justify\">Os interessados devem encaminhar Curr\u00edculo ao e-mail oficial da Coordena\u00e7\u00e3o Regional de Educa\u00e7\u00e3o de Luzi\u00e2nia (sreluziania@seduc.go.gov.br), contendo os contatos telef\u00f4nicos e endere\u00e7os de e-mail para correspond\u00eancias eletr\u00f4nicas.<\/p>\n<p style=\"text-align: justify\">Oportunamente esclarece, que a Coordena\u00e7\u00e3o Regional de Educa\u00e7\u00e3o de <strong>LUZI\u00c2NIA<\/strong>, instituir\u00e1 comiss\u00e3o pr\u00f3pria para as an\u00e1lises curriculares, que ser\u00e1 composta por integrante do Sindicato da categoria e membros da CRE, objetivando assim, a ado\u00e7\u00e3o de medidas e provid\u00eancias pertinentes ao suprimento de todos os d\u00e9ficits de professores existentes na Rede Estadual de Educa\u00e7\u00e3o, que garantam os servi\u00e7os prestados \u00e0 comunidade goiana.<\/p>\n<p align=\"center\">SEDUC\/GO<\/p>\n<hr \/>\n<h3 align=\"center\"><strong>COMUNICADO<\/strong><\/h3>\n<pre style=\"text-align: center\">Publica\u00e7\u00e3o: 07\/03\/2023\nEncerramento: 10\/03\/2023 \u00e0s 18h<\/pre>\n<h3 align=\"center\"><span style=\"color: red\"><strong>ENCERRADO<\/strong><\/span><\/h3>\n<p style=\"text-align: justify\">O Governo do Estado de Goi\u00e1s, atrav\u00e9s da Secretaria de Estado da Educa\u00e7\u00e3o, diante da inexist\u00eancia de candidatos habilitados e remanescentes a serem convocados pelo Processo Seletivo Simplificado Edital n\u00ba 008\/2021 \u2013 SEAD e considerando a exist\u00eancia de d\u00e9ficits de professores nas unidades escolares pertencentes ao munic\u00edpio de <strong>LUZI\u00c2NIA<\/strong>, jurisdicionado \u00e0 Coordena\u00e7\u00e3o Regional de Educa\u00e7\u00e3o (CRE) de <strong>LUZI\u00c2NIA<\/strong>, informa que est\u00e1 recebendo curr\u00edculos para sele\u00e7\u00e3o e contrata\u00e7\u00e3o tempor\u00e1ria com natureza emergencial para atender aos interesses da Administra\u00e7\u00e3o, para ministrar <strong>16 aulas de Matem\u00e1tica no turno matutino, na (Unidade Prisional \u2013 Estudantes do sexo masculino ) sendo extens\u00e3o do Col\u00e9gio Estadual Alceu de Ara\u00fajo Roriz (Luzi\u00e2nia Centro).<\/strong><\/p>\n<p style=\"text-align: justify\">Os interessados devem encaminhar Curr\u00edculo ao e-mail oficial da Coordena\u00e7\u00e3o Regional de Educa\u00e7\u00e3o de Luzi\u00e2nia (sreluziania@seduc.go.gov.br), contendo os contatos telef\u00f4nicos e endere\u00e7os de e-mail para correspond\u00eancias eletr\u00f4nicas.<\/p>\n<p style=\"text-align: justify\">Oportunamente esclarece, que a Coordena\u00e7\u00e3o Regional de Educa\u00e7\u00e3o de <strong>LUZI\u00c2NIA<\/strong>, instituir\u00e1 comiss\u00e3o pr\u00f3pria para as an\u00e1lises curriculares, que ser\u00e1 composta por integrante do Sindicato da categoria e membros da CRE, objetivando assim, a ado\u00e7\u00e3o de medidas e provid\u00eancias pertinentes ao suprimento de todos os d\u00e9ficits de professores existentes na Rede Estadual de Educa\u00e7\u00e3o, que garantam os servi\u00e7os prestados \u00e0 comunidade goiana.<\/p>\n<p align=\"center\">SEDUC\/GO<\/p>\n<hr \/>\n<h3 align=\"center\"><strong>COMUNICADO<\/strong><\/h3>\n<pre style=\"text-align: center\">Publica\u00e7\u00e3o: 07\/03\/2023\nEncerramento: 10\/03\/2023 \u00e0s 18h<\/pre>\n<h3 align=\"center\"><span style=\"color: red\"><strong>ENCERRADO<\/strong><\/span><\/h3>\n<p style=\"text-align: justify\">O Governo do Estado de Goi\u00e1s, atrav\u00e9s da Secretaria de Estado da Educa\u00e7\u00e3o, diante da inexist\u00eancia de candidatos habilitados e remanescentes a serem convocados pelo Processo Seletivo Simplificado Edital n\u00ba 008\/2021 \u2013 SEAD e considerando a exist\u00eancia de d\u00e9ficits de professores nas unidades escolares pertencentes ao munic\u00edpio de <strong>LUZI\u00c2NIA<\/strong>, jurisdicionado \u00e0 Coordena\u00e7\u00e3o Regional de Educa\u00e7\u00e3o (CRE) de <strong>LUZI\u00c2NIA<\/strong>, informa que est\u00e1 recebendo curr\u00edculos para sele\u00e7\u00e3o e contrata\u00e7\u00e3o tempor\u00e1ria com natureza emergencial para atender aos interesses da Administra\u00e7\u00e3o, para ministrar <strong>32 aulas de Hist\u00f3ria e Filosofia nos turnos matutino e vespertino, no Col\u00e9gio Estadual Professor Ant\u00f4nio Valdir Roriz (Luzi\u00e2nia Centro).<\/strong><\/p>\n<p style=\"text-align: justify\">Os interessados devem encaminhar Curr\u00edculo ao e-mail oficial da Coordena\u00e7\u00e3o Regional de Educa\u00e7\u00e3o de Luzi\u00e2nia (sreluziania@seduc.go.gov.br), contendo os contatos telef\u00f4nicos e endere\u00e7os de e-mail para correspond\u00eancias eletr\u00f4nicas.<\/p>\n<p style=\"text-align: justify\">Oportunamente esclarece, que a Coordena\u00e7\u00e3o Regional de Educa\u00e7\u00e3o de <strong>LUZI\u00c2NIA<\/strong>, instituir\u00e1 comiss\u00e3o pr\u00f3pria para as an\u00e1lises curriculares, que ser\u00e1 composta por integrante do Sindicato da categoria e membros da CRE, objetivando assim, a ado\u00e7\u00e3o de medidas e provid\u00eancias pertinentes ao suprimento de todos os d\u00e9ficits de professores existentes na Rede Estadual de Educa\u00e7\u00e3o, que garantam os servi\u00e7os prestados \u00e0 comunidade goiana.<\/p>\n<p align=\"center\">SEDUC\/GO<\/p>\n<hr \/>\n<h3 align=\"center\"><strong>COMUNICADO<\/strong><\/h3>\n<pre style=\"text-align: center\">Publica\u00e7\u00e3o: 07\/03\/2023\nEncerramento: 10\/03\/2023 \u00e0s 18h<\/pre>\n<h3 align=\"center\"><span style=\"color: red\"><strong>ENCERRADO<\/strong><\/span><\/h3>\n<p style=\"text-align: justify\">O Governo do Estado de Goi\u00e1s, atrav\u00e9s da Secretaria de Estado da Educa\u00e7\u00e3o, diante da inexist\u00eancia de candidatos habilitados e remanescentes a serem convocados pelo Processo Seletivo Simplificado Edital n\u00ba 008\/2021 \u2013 SEAD e considerando a exist\u00eancia de d\u00e9ficits de professores nas unidades escolares pertencentes ao munic\u00edpio de <strong>LUZI\u00c2NIA<\/strong>, jurisdicionado \u00e0 Coordena\u00e7\u00e3o Regional de Educa\u00e7\u00e3o (CRE) de <strong>LUZI\u00c2NIA<\/strong>, informa que est\u00e1 recebendo curr\u00edculos para sele\u00e7\u00e3o e contrata\u00e7\u00e3o tempor\u00e1ria com natureza emergencial para atender aos interesses da Administra\u00e7\u00e3o, para ministrar <strong>32 aulas de L\u00edngua Inglesa nos turnos vespertino e noturno, no Col\u00e9gio Estadual Professor Ant\u00f4nio Valdir Roriz (Luzi\u00e2nia Centro).<\/strong><\/p>\n<p style=\"text-align: justify\">Os interessados devem encaminhar Curr\u00edculo ao e-mail oficial da Coordena\u00e7\u00e3o Regional de Educa\u00e7\u00e3o (sreluziania@seduc.go.gov.br), contendo os contatos telef\u00f4nicos e endere\u00e7os de e-mail para correspond\u00eancias eletr\u00f4nicas.<\/p>\n<p style=\"text-align: justify\">Oportunamente esclarece, que a Coordena\u00e7\u00e3o Regional de Educa\u00e7\u00e3o de <strong>LUZI\u00c2NIA<\/strong>, instituir\u00e1 comiss\u00e3o pr\u00f3pria para as an\u00e1lises curriculares, que ser\u00e1 composta por integrante do Sindicato da categoria e membros da CRE, objetivando assim, a ado\u00e7\u00e3o de medidas e provid\u00eancias pertinentes ao suprimento de todos os d\u00e9ficits de professores existentes na Rede Estadual de Educa\u00e7\u00e3o, que garantam os servi\u00e7os prestados \u00e0 comunidade goiana.<\/p>\n<p align=\"center\">SEDUC\/GO<\/p>\n<hr \/>\n<h3 align=\"center\"><strong>COMUNICADO<\/strong><\/h3>\n<pre style=\"text-align: center\">Publica\u00e7\u00e3o: 07\/03\/2023\nEncerramento: 10\/03\/2023 \u00e0s 18h<\/pre>\n<h3 align=\"center\"><span style=\"color: red\"><strong>ENCERRADO<\/strong><\/span><\/h3>\n<p style=\"text-align: justify\">O Governo do Estado de Goi\u00e1s, atrav\u00e9s da Secretaria de Estado da Educa\u00e7\u00e3o, diante da inexist\u00eancia de candidatos habilitados e remanescentes a serem convocados pelo Processo Seletivo Simplificado Edital n\u00ba 008\/2021 \u2013 SEAD e considerando a exist\u00eancia de d\u00e9ficits de professores nas unidades escolares pertencentes ao munic\u00edpio de <strong>LUZI\u00c2NIA<\/strong>, jurisdicionado \u00e0 Coordena\u00e7\u00e3o Regional de Educa\u00e7\u00e3o (CRE) de <strong>LUZI\u00c2NIA<\/strong>, informa que est\u00e1 recebendo curr\u00edculos para sele\u00e7\u00e3o e contrata\u00e7\u00e3o tempor\u00e1ria com natureza emergencial para atender aos interesses da Administra\u00e7\u00e3o, para ministrar <strong>32 Geografia, Artes, Estudo Orientado e Ensino Religioso, nos turnos matutino , vespertino e noturno, no Col\u00e9gio Estadual de Campos Lindos, Zona Rural de Cristalina \u2013 Parque Maraj\u00f3.<\/strong><\/p>\n<p style=\"text-align: justify\">Os interessados devem encaminhar Curr\u00edculo ao e -mail oficial da Coordena\u00e7\u00e3o Regional de Educa\u00e7\u00e3o de <strong>LUZI\u00c2NIA<\/strong> (sreluziania@seduc.go.gov.br), contendo os contatos telef\u00f4nicos e endere\u00e7os de e-mail para correspond\u00eancias eletr\u00f4nicas.<\/p>\n<p style=\"text-align: justify\">Oportunamente esclarece, que a Coordena\u00e7\u00e3o Regional de Educa\u00e7\u00e3o de <strong>LUZI\u00c2NIA<\/strong>, instituir\u00e1 comiss\u00e3o pr\u00f3pria para as an\u00e1lises curriculares, que ser\u00e1 composta por integrante do Sindicato da categoria e membros da CRE, objetivando assim, a ado\u00e7\u00e3o de medidas e provid\u00eancias pertinentes ao suprimento de todos os d\u00e9ficits de professores existentes na Rede Estadual de Educa\u00e7\u00e3o, que garantam os servi\u00e7os prestados \u00e0 comunidade goiana.<\/p>\n<p align=\"center\">SEDUC\/GO<\/p>\n<hr \/>\n<h3 align=\"center\"><strong>COMUNICADO<\/strong><\/h3>\n<pre style=\"text-align: center\">Publica\u00e7\u00e3o: 07\/03\/2023\nEncerramento: 10\/03\/2023 \u00e0s 18h<\/pre>\n<h3 align=\"center\"><span style=\"color: red\"><strong>ENCERRADO<\/strong><\/span><\/h3>\n<p style=\"text-align: justify\">O Governo do Estado de Goi\u00e1s, atrav\u00e9s da Secretaria de Estado da Educa\u00e7\u00e3o, diante da inexist\u00eancia de candidatos habilitados e remanescentes a serem convocados pelo Processo Seletivo Simplificado Edital n\u00ba 008\/2021 \u2013 SEAD e considerando a exist\u00eancia de d\u00e9ficits de professores nas unidades escolares pertencentes ao munic\u00edpio de <strong>LUZI\u00c2NIA<\/strong>, jurisdicionado \u00e0 Coordena\u00e7\u00e3o Regional de Educa\u00e7\u00e3o (CRE) de <strong>LUZI\u00c2NIA<\/strong>, informa que est\u00e1 recebendo curr\u00edculos para sele\u00e7\u00e3o e contrata\u00e7\u00e3o tempor\u00e1ria com natureza emergencial para atender aos interesses da Administra\u00e7\u00e3o, para ministrar <strong>32 Ci\u00eancias e Biologia,\u00a0 nos turnos matutino e vespertino, no Col\u00e9gio Estadual Delfino Ocl\u00e9cio Machado, situado no Distrito do Jardim de Luzi\u00e2nia.<\/strong><\/p>\n<p style=\"text-align: justify\">Os interessados devem encaminhar Curr\u00edculo ao e-mail oficial da Coordena\u00e7\u00e3o Regional de Educa\u00e7\u00e3o de Luzi\u00e2nia (sreluziania@seduc.go.gov.br), contendo os contatos telef\u00f4nicos e endere\u00e7os de e-mail para correspond\u00eancias eletr\u00f4nicas.<\/p>\n<p style=\"text-align: justify\">Oportunamente esclarece, que a Coordena\u00e7\u00e3o Regional de Educa\u00e7\u00e3o de <strong>LUZI\u00c2NIA<\/strong>, instituir\u00e1 comiss\u00e3o pr\u00f3pria para as an\u00e1lises curriculares, que ser\u00e1 composta por integrante do Sindicato da categoria e membros da CRE, objetivando assim, a ado\u00e7\u00e3o de medidas e provid\u00eancias pertinentes ao suprimento de todos os d\u00e9ficits de professores existentes na Rede Estadual de Educa\u00e7\u00e3o, que garantam os servi\u00e7os prestados \u00e0 comunidade goiana.<\/p>\n<p align=\"center\">SEDUC\/GO<\/p>\n<hr \/>\n<h3 align=\"center\"><strong>COMUNICADO<\/strong><\/h3>\n<pre style=\"text-align: center\">Publica\u00e7\u00e3o: 07\/03\/2023\nEncerramento: 10\/03\/2023 \u00e0s 18h<\/pre>\n<h3 align=\"center\"><span style=\"color: red\"><strong>ENCERRADO<\/strong><\/span><\/h3>\n<p style=\"text-align: justify\">O Governo do Estado de Goi\u00e1s, atrav\u00e9s da Secretaria de Estado da Educa\u00e7\u00e3o, diante da inexist\u00eancia de candidatos habilitados e remanescentes a serem convocados pelo Processo Seletivo Simplificado Edital n\u00ba 008\/2021 \u2013 SEAD e considerando a exist\u00eancia de d\u00e9ficits de professores nas unidades escolares pertencentes ao munic\u00edpio de <strong>LUZI\u00c2NIA<\/strong>, jurisdicionado \u00e0 Coordena\u00e7\u00e3o Regional de Educa\u00e7\u00e3o (CRE) de <strong>LUZI\u00c2NIA<\/strong>, informa que est\u00e1 recebendo curr\u00edculos para sele\u00e7\u00e3o e contrata\u00e7\u00e3o tempor\u00e1ria com natureza emergencial para atender aos interesses da Administra\u00e7\u00e3o, para ministrar <strong>28 aulas de Hist\u00f3ria \/ Geografia \/ Ensino Religioso \/ Estudo Orientado,\u00a0 \u00a0no turno matutino, no Col\u00e9gio Estadual Il\u00eddio de Souza Lemos, situado na Zona Rural de Luzi\u00e2nia, Distrito de Maniratuba.<\/strong><\/p>\n<p style=\"text-align: justify\">Os interessados devem encaminhar Curr\u00edculo ao e-mail oficial da Coordena\u00e7\u00e3o Regional de Educa\u00e7\u00e3o (sreluziania@seduc.go.gov.br), contendo os contatos telef\u00f4nicos e endere\u00e7os de e-mail para correspond\u00eancias eletr\u00f4nicas.<\/p>\n<p style=\"text-align: justify\">Oportunamente esclarece, que a Coordena\u00e7\u00e3o Regional de Educa\u00e7\u00e3o de <strong>LUZI\u00c2NIA<\/strong>, instituir\u00e1 comiss\u00e3o pr\u00f3pria para as an\u00e1lises curriculares, que ser\u00e1 composta por integrante do Sindicato da categoria e membros da CRE, objetivando assim, a ado\u00e7\u00e3o de medidas e provid\u00eancias pertinentes ao suprimento de todos os d\u00e9ficits de professores existentes na Rede Estadual de Educa\u00e7\u00e3o, que garantam os servi\u00e7os prestados \u00e0 comunidade goiana.<\/p>\n<p align=\"center\">SEDUC\/GO<\/p>\n<hr \/>\n<h3 align=\"center\"><strong>COMUNICADO<\/strong><\/h3>\n<pre style=\"text-align: center\">Publica\u00e7\u00e3o: 07\/03\/2023\nEncerramento: 10\/03\/2023 \u00e0s 18h<\/pre>\n<h3 align=\"center\"><span style=\"color: red\"><strong>ENCERRADO<\/strong><\/span><\/h3>\n<p style=\"text-align: justify\">O Governo do Estado de Goi\u00e1s, atrav\u00e9s da Secretaria de Estado da Educa\u00e7\u00e3o, diante da inexist\u00eancia de candidatos habilitados e remanescentes a serem convocados pelo Processo Seletivo Simplificado Edital n\u00ba 008\/2021 \u2013 SEAD e considerando a exist\u00eancia de d\u00e9ficits de professores nas unidades escolares pertencentes ao munic\u00edpio de <strong>LUZI\u00c2NIA<\/strong>, jurisdicionado \u00e0 Coordena\u00e7\u00e3o Regional de Educa\u00e7\u00e3o (CRE) de <strong>LUZI\u00c2NIA<\/strong>, informa que est\u00e1 recebendo curr\u00edculos para sele\u00e7\u00e3o e contrata\u00e7\u00e3o tempor\u00e1ria com natureza emergencial para atender aos interesses da Administra\u00e7\u00e3o, para ministrar <strong>28 aulas Matem\u00e1tica,\u00a0 \u00a0no turno matutino, no Col\u00e9gio Estadual Il\u00eddio de Souza Lemos, situado na Zona Rural de Luzi\u00e2nia, Distrito de Maniratuba.<\/strong><\/p>\n<p style=\"text-align: justify\">Os interessados devem encaminhar Curr\u00edculo ao e-mail oficial da Coordena\u00e7\u00e3o Regional de Educa\u00e7\u00e3o de Luzi\u00e2nia (sreluziania@seduc.go.gov.br), contendo os contatos telef\u00f4nicos e endere\u00e7os de e-mail para correspond\u00eancias eletr\u00f4nicas.<\/p>\n<p style=\"text-align: justify\">Oportunamente esclarece, que a Coordena\u00e7\u00e3o Regional de Educa\u00e7\u00e3o de <strong>LUZI\u00c2NIA<\/strong>, instituir\u00e1 comiss\u00e3o pr\u00f3pria para as an\u00e1lises curriculares, que ser\u00e1 composta por integrante do Sindicato da categoria e membros da CRE, objetivando assim, a ado\u00e7\u00e3o de medidas e provid\u00eancias pertinentes ao suprimento de todos os d\u00e9ficits de professores existentes na Rede Estadual de Educa\u00e7\u00e3o, que garantam os servi\u00e7os prestados \u00e0 comunidade goiana.<\/p>\n<p align=\"center\">SEDUC\/GO<\/p>\n<hr \/>\n<h3 align=\"center\"><strong>COMUNICADO<\/strong><\/h3>\n<pre style=\"text-align: center\">Publica\u00e7\u00e3o: 07\/03\/2023\nEncerramento: 10\/03\/2023 \u00e0s 18h<\/pre>\n<h3 align=\"center\"><span style=\"color: red\"><strong>ENCERRADO<\/strong><\/span><\/h3>\n<p style=\"text-align: justify\">O Governo do Estado de Goi\u00e1s, atrav\u00e9s da Secretaria de Estado da Educa\u00e7\u00e3o, diante da inexist\u00eancia de candidatos habilitados e remanescentes a serem convocados pelo Processo Seletivo Simplificado Edital n\u00ba 008\/2021 \u2013 SEAD e considerando a exist\u00eancia de d\u00e9ficits de professores nas unidades escolares pertencentes ao munic\u00edpio de <strong>LUZI\u00c2NIA<\/strong>, jurisdicionado \u00e0 Coordena\u00e7\u00e3o Regional de Educa\u00e7\u00e3o (CRE) de <strong>LUZI\u00c2NIA<\/strong>, informa que est\u00e1 recebendo curr\u00edculos para sele\u00e7\u00e3o e contrata\u00e7\u00e3o tempor\u00e1ria com natureza emergencial para atender aos interesses da Administra\u00e7\u00e3o, para ministrar <strong>32 aulas de Hist\u00f3ria, Geografia, Estudo Orientado e Projeto de Vida, nos turnos matutino e vespertino, no Col\u00e9gio Estadual Jos\u00e9 de Goi\u00e1s Brasil, Cristalina \u2013 Goi\u00e1s.<\/strong><\/p>\n<p style=\"text-align: justify\">Os interessados devem encaminhar Curr\u00edculo ao e -mail oficial da Coordena\u00e7\u00e3o Regional de Educa\u00e7\u00e3o de <strong>LUZI\u00c2NIA<\/strong> (sreluziania@seduc.go.gov.br), contendo os contatos telef\u00f4nicos e endere\u00e7os de e-mail para correspond\u00eancias eletr\u00f4nicas.<\/p>\n<p style=\"text-align: justify\">Oportunamente esclarece, que a Coordena\u00e7\u00e3o Regional de Educa\u00e7\u00e3o de <strong>LUZI\u00c2NIA<\/strong>, instituir\u00e1 comiss\u00e3o pr\u00f3pria para as an\u00e1lises curriculares, que ser\u00e1 composta por integrante do Sindicato da categoria e membros da CRE, objetivando assim, a ado\u00e7\u00e3o de medidas e provid\u00eancias pertinentes ao suprimento de todos os d\u00e9ficits de professores existentes na Rede Estadual de Educa\u00e7\u00e3o, que garantam os servi\u00e7os prestados \u00e0 comunidade goiana.<\/p>\n<p align=\"center\">SEDUC\/GO<\/p>\n<hr \/>\n<h3 align=\"center\"><strong>COMUNICADO<\/strong><\/h3>\n<pre style=\"text-align: center\">Publica\u00e7\u00e3o: 07\/03\/2023\nEncerramento: 10\/03\/2023 \u00e0s 18h<\/pre>\n<h3 align=\"center\"><span style=\"color: red\"><strong>ENCERRADO<\/strong><\/span><\/h3>\n<p style=\"text-align: justify\">O Governo do Estado de Goi\u00e1s, atrav\u00e9s da Secretaria de Estado da Educa\u00e7\u00e3o, diante da inexist\u00eancia de candidatos habilitados e remanescentes a serem convocados pelo Processo Seletivo Simplificado Edital n\u00ba 008\/2021 \u2013 SEAD e considerando a exist\u00eancia de d\u00e9ficits de professores nas unidades escolares pertencentes ao munic\u00edpio de <strong>LUZI\u00c2NIA<\/strong>, jurisdicionado \u00e0 Coordena\u00e7\u00e3o Regional de Educa\u00e7\u00e3o (CRE) de <strong>LUZI\u00c2NIA<\/strong>, informa que est\u00e1 recebendo curr\u00edculos para sele\u00e7\u00e3o e contrata\u00e7\u00e3o tempor\u00e1ria com natureza emergencial para atender aos interesses da Administra\u00e7\u00e3o, para ministrar <strong>32 aulas de Matem\u00e1tica, Geometria e Introdu\u00e7\u00e3o ao Mundo do Trabalho, nos turnos matutino e vespertino, no Col\u00e9gio Estadual Jos\u00e9 de Goi\u00e1s Brasil, Cristalina \u2013 Goi\u00e1s.<\/strong><\/p>\n<p style=\"text-align: justify\">Os interessados devem encaminhar Curr\u00edculo ao e -mail oficial da Coordena\u00e7\u00e3o Regional de Educa\u00e7\u00e3o de <strong>LUZI\u00c2NIA<\/strong> (sreluziania@seduc.go.gov.br), contendo os contatos telef\u00f4nicos e endere\u00e7os de e-mail para correspond\u00eancias eletr\u00f4nicas.<\/p>\n<p style=\"text-align: justify\">Oportunamente esclarece, que a Coordena\u00e7\u00e3o Regional de Educa\u00e7\u00e3o de <strong>LUZI\u00c2NIA<\/strong>, instituir\u00e1 comiss\u00e3o pr\u00f3pria para as an\u00e1lises curriculares, que ser\u00e1 composta por integrante do Sindicato da categoria e membros da CRE, objetivando assim, a ado\u00e7\u00e3o de medidas e provid\u00eancias pertinentes ao suprimento de todos os d\u00e9ficits de professores existentes na Rede Estadual de Educa\u00e7\u00e3o, que garantam os servi\u00e7os prestados \u00e0 comunidade goiana.<\/p>\n<p align=\"center\">SEDUC\/GO<\/p>\n<hr \/>\n<h3 align=\"center\"><strong>COMUNICADO<\/strong><\/h3>\n<pre style=\"text-align: center\">Publica\u00e7\u00e3o: 07\/03\/2023\nEncerramento: 10\/03\/2023 \u00e0s 18h<\/pre>\n<h3 align=\"center\"><span style=\"color: red\"><strong>ENCERRADO<\/strong><\/span><\/h3>\n<p style=\"text-align: justify\">O Governo do Estado de Goi\u00e1s, atrav\u00e9s da Secretaria de Estado da Educa\u00e7\u00e3o, diante da inexist\u00eancia de candidatos habilitados e remanescentes a serem convocados pelo Processo Seletivo Simplificado Edital n\u00ba 008\/2021 \u2013 SEAD e considerando a exist\u00eancia de d\u00e9ficits de professores nas unidades escolares pertencentes ao munic\u00edpio de <strong>LUZI\u00c2NIA<\/strong>, jurisdicionado \u00e0 Coordena\u00e7\u00e3o Regional de Educa\u00e7\u00e3o (CRE) de <strong>LUZI\u00c2NIA<\/strong>, informa que est\u00e1 recebendo curr\u00edculos para sele\u00e7\u00e3o e contrata\u00e7\u00e3o tempor\u00e1ria com natureza emergencial para atender aos interesses da Administra\u00e7\u00e3o, para ministrar <strong>32 aulas de Hist\u00f3ria e Geografia nos turnos matutino e vespertino, no Col\u00e9gio Estadual Josu\u00e9 Meireles (Luzi\u00e2nia Centro).<\/strong><\/p>\n<p style=\"text-align: justify\">Os interessados devem encaminhar Curr\u00edculo ao e-mail oficial da Coordena\u00e7\u00e3o Regional de Educa\u00e7\u00e3o (sreluziania@seduc.go.gov.br), contendo os contatos telef\u00f4nicos e endere\u00e7os de e-mail para correspond\u00eancias eletr\u00f4nicas.<\/p>\n<p style=\"text-align: justify\">Oportunamente esclarece, que a Coordena\u00e7\u00e3o Regional de Educa\u00e7\u00e3o de <strong>LUZI\u00c2NIA<\/strong>, instituir\u00e1 comiss\u00e3o pr\u00f3pria para as an\u00e1lises curriculares, que ser\u00e1 composta por integrante do Sindicato da categoria e membros da CRE, objetivando assim, a ado\u00e7\u00e3o de medidas e provid\u00eancias pertinentes ao suprimento de todos os d\u00e9ficits de professores existentes na Rede Estadual de Educa\u00e7\u00e3o, que garantam os servi\u00e7os prestados \u00e0 comunidade goiana.<\/p>\n<p align=\"center\">SEDUC\/GO<\/p>\n<hr \/>\n<h3 align=\"center\"><strong>COMUNICADO<\/strong><\/h3>\n<pre style=\"text-align: center\">Publica\u00e7\u00e3o: 07\/03\/2023\nEncerramento: 10\/03\/2023 \u00e0s 18h<\/pre>\n<h3 align=\"center\"><span style=\"color: red\"><strong>ENCERRADO<\/strong><\/span><\/h3>\n<p style=\"text-align: justify\">O Governo do Estado de Goi\u00e1s, atrav\u00e9s da Secretaria de Estado da Educa\u00e7\u00e3o, diante da inexist\u00eancia de candidatos habilitados e remanescentes a serem convocados pelo Processo Seletivo Simplificado Edital n\u00ba 008\/2021 \u2013 SEAD e considerando a exist\u00eancia de d\u00e9ficits de professores nas unidades escolares pertencentes ao munic\u00edpio de <strong>LUZI\u00c2NIA<\/strong>, jurisdicionado \u00e0 Coordena\u00e7\u00e3o Regional de Educa\u00e7\u00e3o (CRE) de <strong>LUZI\u00c2NIA<\/strong>, informa que est\u00e1 recebendo curr\u00edculos para sele\u00e7\u00e3o e contrata\u00e7\u00e3o tempor\u00e1ria com natureza emergencial para atender aos interesses da Administra\u00e7\u00e3o, para ministrar <strong>32 aulas de Hist\u00f3ria \/ Filosofia \/ Sociologia nos turnos matutino e vespertino, no Col\u00e9gio Estadual Mingone (Parque Mingone I).<\/strong><\/p>\n<p style=\"text-align: justify\">Os interessados devem encaminhar Curr\u00edculo ao e-mail oficial da Coordena\u00e7\u00e3o Regional de Educa\u00e7\u00e3o (sreluziania@seduc.go.gov.br), contendo os contatos telef\u00f4nicos e endere\u00e7os de e-mail para correspond\u00eancias eletr\u00f4nicas.<\/p>\n<p style=\"text-align: justify\">Oportunamente esclarece, que a Coordena\u00e7\u00e3o Regional de Educa\u00e7\u00e3o de <strong>LUZI\u00c2NIA<\/strong>, instituir\u00e1 comiss\u00e3o pr\u00f3pria para as an\u00e1lises curriculares, que ser\u00e1 composta por integrante do Sindicato da categoria e membros da CRE, objetivando assim, a ado\u00e7\u00e3o de medidas e provid\u00eancias pertinentes ao suprimento de todos os d\u00e9ficits de professores existentes na Rede Estadual de Educa\u00e7\u00e3o, que garantam os servi\u00e7os prestados \u00e0 comunidade goiana.<\/p>\n<p align=\"center\">SEDUC\/GO<\/p>\n<hr \/>\n<h3 align=\"center\"><strong>COMUNICADO<\/strong><\/h3>\n<pre style=\"text-align: center\">Publica\u00e7\u00e3o: 07\/03\/2023\nEncerramento: 10\/03\/2023 \u00e0s 18h<\/pre>\n<h3 align=\"center\"><span style=\"color: red\"><strong>ENCERRADO<\/strong><\/span><\/h3>\n<p style=\"text-align: justify\">O Governo do Estado de Goi\u00e1s, atrav\u00e9s da Secretaria de Estado da Educa\u00e7\u00e3o, diante da inexist\u00eancia de candidatos habilitados e remanescentes a serem convocados pelo Processo Seletivo Simplificado Edital n\u00ba 008\/2021 \u2013 SEAD e considerando a exist\u00eancia de d\u00e9ficits de professores nas unidades escolares pertencentes ao munic\u00edpio de <strong>LUZI\u00c2NIA<\/strong>, jurisdicionado \u00e0 Coordena\u00e7\u00e3o Regional de Educa\u00e7\u00e3o (CRE) de <strong>LUZI\u00c2NIA<\/strong>, informa que est\u00e1 recebendo curr\u00edculos para sele\u00e7\u00e3o e contrata\u00e7\u00e3o tempor\u00e1ria com natureza emergencial para atender aos interesses da Administra\u00e7\u00e3o, para ministrar <strong>23 aulas de Geografia, Arte, Ensino Religioso e Estudo Orientado,\u00a0 \u00a0no turno matutino, no Col\u00e9gio Estadual Valderi Santos &#8211; Mimi, situado na Zona Rural de Luzi\u00e2nia. (Samambaia).<\/strong><\/p>\n<p style=\"text-align: justify\">Os interessados devem encaminhar Curr\u00edculo ao e-mail oficial da Coordena\u00e7\u00e3o Regional de Educa\u00e7\u00e3o de Luzi\u00e2nia (sreluziania@seduc.go.gov.br), contendo os contatos telef\u00f4nicos e endere\u00e7os de e-mail para correspond\u00eancias eletr\u00f4nicas.<\/p>\n<p style=\"text-align: justify\">Oportunamente esclarece, que a Coordena\u00e7\u00e3o Regional de Educa\u00e7\u00e3o de <strong>LUZI\u00c2NIA<\/strong>, instituir\u00e1 comiss\u00e3o pr\u00f3pria para as an\u00e1lises curriculares, que ser\u00e1 composta por integrante do Sindicato da categoria e membros da CRE, objetivando assim, a ado\u00e7\u00e3o de medidas e provid\u00eancias pertinentes ao suprimento de todos os d\u00e9ficits de professores existentes na Rede Estadual de Educa\u00e7\u00e3o, que garantam os servi\u00e7os prestados \u00e0 comunidade goiana.<\/p>\n<p align=\"center\">SEDUC\/GO<\/p>\n<hr \/>\n<h3 align=\"center\"><strong>COMUNICADO<\/strong><\/h3>\n<pre style=\"text-align: center\">Publica\u00e7\u00e3o: 07\/03\/2023\nEncerramento: 10\/03\/2023 \u00e0s 18h<\/pre>\n<h3 align=\"center\"><span style=\"color: red\"><strong>ENCERRADO<\/strong><\/span><\/h3>\n<p style=\"text-align: justify\">O Governo do Estado de Goi\u00e1s, atrav\u00e9s da Secretaria de Estado da Educa\u00e7\u00e3o, diante da inexist\u00eancia de candidatos habilitados e remanescentes a serem convocados pelo Processo Seletivo Simplificado Edital n\u00ba 008\/2021 \u2013 SEAD e considerando a exist\u00eancia de d\u00e9ficits de professores nas unidades escolares pertencentes ao munic\u00edpio de <strong>LUZI\u00c2NIA<\/strong>, jurisdicionado \u00e0 Coordena\u00e7\u00e3o Regional de Educa\u00e7\u00e3o (CRE) de <strong>LUZI\u00c2NIA<\/strong>, informa que est\u00e1 recebendo curr\u00edculos para sele\u00e7\u00e3o e contrata\u00e7\u00e3o tempor\u00e1ria com natureza emergencial para atender aos interesses da Administra\u00e7\u00e3o, para ministrar <strong>20 aulas de matem\u00e1tica, \u00a0no turno matutino, no Col\u00e9gio Estadual Valderi Santos &#8211; Mimi, situado na Zona Rural de Luzi\u00e2nia. (Samambaia).<\/strong><\/p>\n<p style=\"text-align: justify\">Os interessados devem encaminhar Curr\u00edculo ao e-mail oficial da Coordena\u00e7\u00e3o Regional de Educa\u00e7\u00e3o de Luzi\u00e2nia (sreluziania@seduc.go.gov.br), contendo os contatos telef\u00f4nicos e endere\u00e7os de e-mail para correspond\u00eancias eletr\u00f4nicas.<\/p>\n<p style=\"text-align: justify\">Oportunamente esclarece, que a Coordena\u00e7\u00e3o Regional de Educa\u00e7\u00e3o de <strong>LUZI\u00c2NIA<\/strong>, instituir\u00e1 comiss\u00e3o pr\u00f3pria para as an\u00e1lises curriculares, que ser\u00e1 composta por integrante do Sindicato da categoria e membros da CRE, objetivando assim, a ado\u00e7\u00e3o de medidas e provid\u00eancias pertinentes ao suprimento de todos os d\u00e9ficits de professores existentes na Rede Estadual de Educa\u00e7\u00e3o, que garantam os servi\u00e7os prestados \u00e0 comunidade goiana.<\/p>\n<p align=\"center\">SEDUC\/GO<\/p>\n<hr \/>\n<h3 align=\"center\"><strong>COMUNICADO<\/strong><\/h3>\n<pre style=\"text-align: center\">Publica\u00e7\u00e3o: 07\/03\/2023\nEncerramento: 10\/03\/2023 \u00e0s 18h<\/pre>\n<h3 align=\"center\"><span style=\"color: red\"><strong>ENCERRADO<\/strong><\/span><\/h3>\n<p style=\"text-align: justify\">O Governo do Estado de Goi\u00e1s, atrav\u00e9s da Secretaria de Estado da Educa\u00e7\u00e3o, diante da inexist\u00eancia de candidatos habilitados e remanescentes a serem convocados pelo Processo Seletivo Simplificado Edital n\u00ba 008\/2021 \u2013 SEAD e considerando a exist\u00eancia de d\u00e9ficits de professores nas unidades escolares pertencentes ao munic\u00edpio de <strong>LUZI\u00c2NIA<\/strong>, jurisdicionado \u00e0 Coordena\u00e7\u00e3o Regional de Educa\u00e7\u00e3o (CRE) de <strong>LUZI\u00c2NIA<\/strong>, informa que est\u00e1 recebendo curr\u00edculos para sele\u00e7\u00e3o e contrata\u00e7\u00e3o tempor\u00e1ria com natureza emergencial para atender aos interesses da Administra\u00e7\u00e3o, para ministrar <strong>32 aulas de Filosofia, Estudo Orientado, Trilhas, Eletivas, no turno integral, no CEPI \u2013 H\u00e9lio Rodrigues de Queiroz, situado no Distrito do Jardim de Luzi\u00e2nia.<\/strong><\/p>\n<p style=\"text-align: justify\">Os interessados devem encaminhar Curr\u00edculo ao e-mail oficial da Coordena\u00e7\u00e3o Regional de Educa\u00e7\u00e3o de Luzi\u00e2nia (sreluziania@seduc.go.gov.br), contendo os contatos telef\u00f4nicos e endere\u00e7os de e-mail para correspond\u00eancias eletr\u00f4nicas.<\/p>\n<p style=\"text-align: justify\">Oportunamente esclarece, que a Coordena\u00e7\u00e3o Regional de Educa\u00e7\u00e3o de <strong>LUZI\u00c2NIA<\/strong>, instituir\u00e1 comiss\u00e3o pr\u00f3pria para as an\u00e1lises curriculares, que ser\u00e1 composta por integrante do Sindicato da categoria e membros da CRE, objetivando assim, a ado\u00e7\u00e3o de medidas e provid\u00eancias pertinentes ao suprimento de todos os d\u00e9ficits de professores existentes na Rede Estadual de Educa\u00e7\u00e3o, que garantam os servi\u00e7os prestados \u00e0 comunidade goiana.<\/p>\n<p align=\"center\">SEDUC\/GO<\/p>\n<hr \/>\n<h3 align=\"center\"><strong>COMUNICADO<\/strong><\/h3>\n<pre style=\"text-align: center\">Publica\u00e7\u00e3o: 07\/03\/2023\nEncerramento: 10\/03\/2023 \u00e0s 18h<\/pre>\n<h3 align=\"center\"><span style=\"color: red\"><strong>ENCERRADO<\/strong><\/span><\/h3>\n<p style=\"text-align: justify\">O Governo do Estado de Goi\u00e1s, atrav\u00e9s da Secretaria de Estado da Educa\u00e7\u00e3o, diante da inexist\u00eancia de candidatos habilitados e remanescentes a serem convocados pelo Processo Seletivo Simplificado Edital n\u00ba 008\/2021 \u2013 SEAD e considerando a exist\u00eancia de d\u00e9ficits de professores nas unidades escolares pertencentes ao munic\u00edpio de <strong>LUZI\u00c2NIA<\/strong>, jurisdicionado \u00e0 Coordena\u00e7\u00e3o Regional de Educa\u00e7\u00e3o (CRE) de <strong>LUZI\u00c2NIA<\/strong>, informa que est\u00e1 recebendo curr\u00edculos para sele\u00e7\u00e3o e contrata\u00e7\u00e3o tempor\u00e1ria com natureza emergencial para atender aos interesses da Administra\u00e7\u00e3o, para ministrar <strong>32 aulas de L\u00edngua Portuguesa, Projeto de Vida, Trilhas e P\u00f3s M\u00e9dio, no turno integral (matutino e vespertino) do CEPI \u2013 Zulca Peixoto \u2013 Cristalina Centro.<\/strong><\/p>\n<p style=\"text-align: justify\">Os interessados devem encaminhar Curr\u00edculo ao e -mail oficial da Coordena\u00e7\u00e3o Regional de Educa\u00e7\u00e3o de <strong>LUZI\u00c2NIA<\/strong> (sreluziania@seduc.go.gov.br), contendo os contatos telef\u00f4nicos e endere\u00e7os de e-mail para correspond\u00eancias eletr\u00f4nicas.<\/p>\n<p style=\"text-align: justify\">Oportunamente esclarece, que a Coordena\u00e7\u00e3o Regional de Educa\u00e7\u00e3o de <strong>LUZI\u00c2NIA<\/strong>, instituir\u00e1 comiss\u00e3o pr\u00f3pria para as an\u00e1lises curriculares, que ser\u00e1 composta por integrante do Sindicato da categoria e membros da CRE, objetivando assim, a ado\u00e7\u00e3o de medidas e provid\u00eancias pertinentes ao suprimento de todos os d\u00e9ficits de professores existentes na Rede Estadual de Educa\u00e7\u00e3o, que garantam os servi\u00e7os prestados \u00e0 comunidade goiana.<\/p>\n<p align=\"center\">SEDUC\/GO<\/p>\n<hr \/>\n<h3 align=\"center\"><strong>COMUNICADO<\/strong><\/h3>\n<pre style=\"text-align: center\">Publica\u00e7\u00e3o: 07\/03\/2023\nEncerramento: 10\/03\/2023 \u00e0s 18h<\/pre>\n<h3 align=\"center\"><span style=\"color: red\"><strong>ENCERRADO<\/strong><\/span><\/h3>\n<p style=\"text-align: justify\">O Governo do Estado de Goi\u00e1s, atrav\u00e9s da Secretaria de Estado da Educa\u00e7\u00e3o, diante da inexist\u00eancia de candidatos habilitados e remanescentes a serem convocados pelo Processo Seletivo Simplificado Edital n\u00ba 008\/2021 \u2013 SEAD e considerando a exist\u00eancia de d\u00e9ficits de professores nas unidades escolares pertencentes ao munic\u00edpio de <strong>LUZI\u00c2NIA<\/strong>, jurisdicionado \u00e0 Coordena\u00e7\u00e3o Regional de Educa\u00e7\u00e3o (CRE) de <strong>LUZI\u00c2NIA<\/strong>, informa que est\u00e1 recebendo curr\u00edculos para sele\u00e7\u00e3o e contrata\u00e7\u00e3o tempor\u00e1ria com natureza emergencial para atender aos interesses da Administra\u00e7\u00e3o, para ministrar <strong>16 de aulas de Hist\u00f3ria e Estudo Orientado, nos turnos vespertino e noturno, CPMG \u2013 Olga Aguiar Mohn \u2013 Cristalina \u2013 Centro.<\/strong><\/p>\n<p style=\"text-align: justify\">Os interessados devem encaminhar Curr\u00edculo ao e -mail oficial da Coordena\u00e7\u00e3o Regional de Educa\u00e7\u00e3o de <strong>LUZI\u00c2NIA<\/strong> (sreluziania@seduc.go.gov.br), contendo os contatos telef\u00f4nicos e endere\u00e7os de e-mail para correspond\u00eancias eletr\u00f4nicas.<\/p>\n<p style=\"text-align: justify\">Oportunamente esclarece, que a Coordena\u00e7\u00e3o Regional de Educa\u00e7\u00e3o de <strong>LUZI\u00c2NIA<\/strong>, instituir\u00e1 comiss\u00e3o pr\u00f3pria para as an\u00e1lises curriculares, que ser\u00e1 composta por integrante do Sindicato da categoria e membros da CRE, objetivando assim, a ado\u00e7\u00e3o de medidas e provid\u00eancias pertinentes ao suprimento de todos os d\u00e9ficits de professores existentes na Rede Estadual de Educa\u00e7\u00e3o, que garantam os servi\u00e7os prestados \u00e0 comunidade goiana.<\/p>\n<p align=\"center\">SEDUC\/GO<\/p>\n<hr \/>\n<h3 align=\"center\"><strong>COMUNICADO<\/strong><\/h3>\n<pre style=\"text-align: center\">Publica\u00e7\u00e3o: 07\/03\/2023\nEncerramento: 10\/03\/2023 \u00e0s 18h<\/pre>\n<h3 align=\"center\"><span style=\"color: red\"><strong>ENCERRADO<\/strong><\/span><\/h3>\n<p style=\"text-align: justify\">O Governo do Estado de Goi\u00e1s, atrav\u00e9s da Secretaria de Estado da Educa\u00e7\u00e3o, diante da inexist\u00eancia de candidatos habilitados e remanescentes a serem convocados pelo Processo Seletivo Simplificado Edital n\u00ba 008\/2021 \u2013 SEAD e considerando a exist\u00eancia de d\u00e9ficits de professores nas unidades escolares pertencentes ao munic\u00edpio de <strong>LUZI\u00c2NIA<\/strong>, jurisdicionado \u00e0 Coordena\u00e7\u00e3o Regional de Educa\u00e7\u00e3o (CRE) de <strong>LUZI\u00c2NIA<\/strong>, informa que est\u00e1 recebendo curr\u00edculos para sele\u00e7\u00e3o e contrata\u00e7\u00e3o tempor\u00e1ria com natureza emergencial para atender aos interesses da Administra\u00e7\u00e3o, para ministrar <strong>32 aulas de Matem\u00e1tica nos turnos vespertino e noturno, no CPMG \u2013 Olga Aguiar Mohn \u2013 Cristalina \u2013 Centro.<\/strong><\/p>\n<p style=\"text-align: justify\">Os interessados devem encaminhar Curr\u00edculo ao e -mail oficial da Coordena\u00e7\u00e3o Regional de Educa\u00e7\u00e3o de <strong>LUZI\u00c2NIA<\/strong> (sreluziania@seduc.go.gov.br), contendo os contatos telef\u00f4nicos e endere\u00e7os de e-mail para correspond\u00eancias eletr\u00f4nicas.<\/p>\n<p style=\"text-align: justify\">Oportunamente esclarece, que a Coordena\u00e7\u00e3o Regional de Educa\u00e7\u00e3o de <strong>LUZI\u00c2NIA<\/strong>, instituir\u00e1 comiss\u00e3o pr\u00f3pria para as an\u00e1lises curriculares, que ser\u00e1 composta por integrante do Sindicato da categoria e membros da CRE, objetivando assim, a ado\u00e7\u00e3o de medidas e provid\u00eancias pertinentes ao suprimento de todos os d\u00e9ficits de professores existentes na Rede Estadual de Educa\u00e7\u00e3o, que garantam os servi\u00e7os prestados \u00e0 comunidade goiana.<\/p>\n<p align=\"center\">SEDUC\/GO<\/p>\n<hr \/>\n<h3 align=\"center\"><strong>COMUNICADO<\/strong><\/h3>\n<pre style=\"text-align: center\">Publica\u00e7\u00e3o: 07\/03\/2023\nEncerramento: 10\/03\/2023 \u00e0s 18h<\/pre>\n<h3 align=\"center\"><span style=\"color: red\"><strong>ENCERRADO<\/strong><\/span><\/h3>\n<p style=\"text-align: justify\">O Governo do Estado de Goi\u00e1s, atrav\u00e9s da Secretaria de Estado da Educa\u00e7\u00e3o, diante da inexist\u00eancia de candidatos habilitados e remanescentes a serem convocados pelo Processo Seletivo Simplificado Edital n\u00ba 008\/2021 \u2013 SEAD e considerando a exist\u00eancia de d\u00e9ficits de professores nas unidades escolares pertencentes ao munic\u00edpio de <strong>LUZI\u00c2NIA<\/strong>, jurisdicionado \u00e0 Coordena\u00e7\u00e3o Regional de Educa\u00e7\u00e3o (CRE) de <strong>LUZI\u00c2NIA<\/strong>, informa que est\u00e1 recebendo curr\u00edculos para sele\u00e7\u00e3o e contrata\u00e7\u00e3o tempor\u00e1ria com natureza emergencial para atender aos interesses da Administra\u00e7\u00e3o, para ministrar <strong>32 Ci\u00eancias e Biologia,\u00a0 nos turnos matutino e vespertino, na Escola Estadual C\u00edvico Militar Maria Abadia Gomes Meireles Shinohara, situado no Jardim Marilia \u2013 Luzi\u00e2nia \/ Goi\u00e1s.<\/strong><\/p>\n<p style=\"text-align: justify\">Os interessados devem encaminhar Curr\u00edculo ao e -mail oficial da Coordena\u00e7\u00e3o Regional de Educa\u00e7\u00e3o de <strong>LUZI\u00c2NIA<\/strong> (sreluziania@seduc.go.gov.br), contendo os contatos telef\u00f4nicos e endere\u00e7os de e-mail para correspond\u00eancias eletr\u00f4nicas.<\/p>\n<p style=\"text-align: justify\">Oportunamente esclarece, que a Coordena\u00e7\u00e3o Regional de Educa\u00e7\u00e3o de <strong>LUZI\u00c2NIA<\/strong>, instituir\u00e1 comiss\u00e3o pr\u00f3pria para as an\u00e1lises curriculares, que ser\u00e1 composta por integrante do Sindicato da categoria e membros da CRE, objetivando assim, a ado\u00e7\u00e3o de medidas e provid\u00eancias pertinentes ao suprimento de todos os d\u00e9ficits de professores existentes na Rede Estadual de Educa\u00e7\u00e3o, que garantam os servi\u00e7os prestados \u00e0 comunidade goiana.<\/p>\n<p align=\"center\">SEDUC\/GO<\/p>\n","protected":false},"excerpt":{"rendered":"<p>COMUNICADO PARA CONTRATA\u00c7\u00c3O TEMPOR\u00c1RIA Publica\u00e7\u00e3o: 23\/04\/2026 Encerramento: 27\/04\/2026 \u00e0s 18h O Governo do Estado de Goi\u00e1s, atrav\u00e9s da Secretaria de Estado da Educa\u00e7\u00e3o, diante da inexist\u00eancia de Processo Seletivo Simplificado vigente no \u00e2mbito desta Pasta e considerando a exist\u00eancia de d\u00e9ficits de professores nas unidades escolares pertencentes ao munic\u00edpio de LUZI\u00c2NIA, jurisdicionado \u00e0 Coordena\u00e7\u00e3o Regional [&hellip;]<\/p>\n","protected":false},"author":793,"featured_media":0,"comment_status":"closed","ping_status":"open","sticky":false,"template":"","format":"standard","meta":{"footnotes":""},"categories":[4789],"tags":[],"class_list":["post-45297","post","type-post","status-publish","format-standard","hentry","category-institucional"],"rttpg_featured_image_url":null,"rttpg_author":{"display_name":"josecarlosppampola","author_link":"https:\/\/goias.gov.br\/educacao\/author\/josecarlosppampola\/"},"rttpg_comment":0,"rttpg_category":"<a href=\"https:\/\/goias.gov.br\/educacao\/categoria\/institucional\/\" rel=\"category tag\">Institucional<\/a>","rttpg_excerpt":"COMUNICADO PARA CONTRATA\u00c7\u00c3O TEMPOR\u00c1RIA Publica\u00e7\u00e3o: 23\/04\/2026 Encerramento: 27\/04\/2026 \u00e0s 18h O Governo do Estado de Goi\u00e1s, atrav\u00e9s da Secretaria de Estado da Educa\u00e7\u00e3o, diante da inexist\u00eancia de Processo Seletivo Simplificado vigente no \u00e2mbito desta Pasta e considerando a exist\u00eancia de d\u00e9ficits de professores nas unidades escolares pertencentes ao munic\u00edpio de LUZI\u00c2NIA, jurisdicionado \u00e0 Coordena\u00e7\u00e3o Regional&hellip;","_links":{"self":[{"href":"https:\/\/goias.gov.br\/educacao\/wp-json\/wp\/v2\/posts\/45297","targetHints":{"allow":["GET"]}}],"collection":[{"href":"https:\/\/goias.gov.br\/educacao\/wp-json\/wp\/v2\/posts"}],"about":[{"href":"https:\/\/goias.gov.br\/educacao\/wp-json\/wp\/v2\/types\/post"}],"author":[{"embeddable":true,"href":"https:\/\/goias.gov.br\/educacao\/wp-json\/wp\/v2\/users\/793"}],"replies":[{"embeddable":true,"href":"https:\/\/goias.gov.br\/educacao\/wp-json\/wp\/v2\/comments?post=45297"}],"version-history":[{"count":2,"href":"https:\/\/goias.gov.br\/educacao\/wp-json\/wp\/v2\/posts\/45297\/revisions"}],"predecessor-version":[{"id":728993,"href":"https:\/\/goias.gov.br\/educacao\/wp-json\/wp\/v2\/posts\/45297\/revisions\/728993"}],"wp:attachment":[{"href":"https:\/\/goias.gov.br\/educacao\/wp-json\/wp\/v2\/media?parent=45297"}],"wp:term":[{"taxonomy":"category","embeddable":true,"href":"https:\/\/goias.gov.br\/educacao\/wp-json\/wp\/v2\/categories?post=45297"},{"taxonomy":"post_tag","embeddable":true,"href":"https:\/\/goias.gov.br\/educacao\/wp-json\/wp\/v2\/tags?post=45297"}],"curies":[{"name":"wp","href":"https:\/\/api.w.org\/{rel}","templated":true}]}}