

{"id":45296,"date":"2023-03-02T14:27:00","date_gmt":"2023-03-02T17:27:00","guid":{"rendered":"https:\/\/siteshom.goias.gov.br\/educacao\/cre-jatai\/"},"modified":"2026-04-15T09:26:50","modified_gmt":"2026-04-15T12:26:50","slug":"cre-jatai","status":"publish","type":"post","link":"https:\/\/goias.gov.br\/educacao\/cre-jatai\/","title":{"rendered":"CRE &#8211; Jata\u00ed"},"content":{"rendered":"<h2 align=\"center\"><strong style=\"color: revert;font-size: revert\">COMUNICADO<\/strong><\/h2>\n<p style=\"text-align: center\"><strong>PARA CONTRATA\u00c7\u00c3O TEMPOR\u00c1RIA<\/strong><\/p>\n<pre style=\"text-align: center\">Publica\u00e7\u00e3o: 15\/04\/2026 \nEncerramento: 17\/04\/2026 \u00e0s 18h\n<\/pre>\n<p style=\"text-align: justify\">O Governo do Estado de Goi\u00e1s, atrav\u00e9s da Secretaria de Estado da Educa\u00e7\u00e3o, diante da inexist\u00eancia de Processo Seletivo Simplificado vigente no \u00e2mbito desta Pasta e considerando a exist\u00eancia de d\u00e9ficits de professores nas unidades escolares pertencentes ao <strong>munic\u00edpio de JATA\u00cd<\/strong>, jurisdicionado \u00e0 Coordena\u00e7\u00e3o Regional de Educa\u00e7\u00e3o de <strong>JATAI<\/strong>, informa que est\u00e1 recebendo curr\u00edculos, para sele\u00e7\u00e3o e contrata\u00e7\u00e3o tempor\u00e1ria com natureza emergencial para atender aos interesses da Administra\u00e7\u00e3o: 01 (um) professor, portador de Diploma de Gradua\u00e7\u00e3o Bacharel em Libras; ou Letras: Tradu\u00e7\u00e3o e interpreta\u00e7\u00e3o em Libras\/Portugu\u00eas; ou em Cursos Espec\u00edficos na \u00e1rea, ministrados por institui\u00e7\u00f5es reconhecidas pelo MEC, com aprova\u00e7\u00e3o no Exame de Profici\u00eancia para o Ensino de LIBRAS do MEC (PROLIBRAS) ou avalia\u00e7\u00e3o do CAS\/Goi\u00e2nia, ou credenciadas por uma Secretaria de Educa\u00e7\u00e3o, <strong>para exercer a fun\u00e7\u00e3o 099 (Int\u00e9rprete de L\u00edngua Brasileira de Sinais &#8211; LIBRAS)<\/strong> e cumprir jornada de trabalho semanal de 40.0 horas semanais, no(s) turno(s) Matutino\/Vespertino no COL\u00c9GIO ESTADUAL EM PER\u00cdODO INTEGRAL SERAFIM DE CARVALHO visando afastar eventuais preju\u00edzos educacionais e\/ou pedag\u00f3gicos aos estudantes da Rede Estadual de Educa\u00e7\u00e3o de Goi\u00e1s.<\/p>\n<p style=\"text-align: justify\">A presente convoca\u00e7\u00e3o justifica-se por d\u00e9ficit causado pela efetiva\u00e7\u00e3o de matr\u00edcula na unidade escolar de estudante com defici\u00eancia auditiva.<\/p>\n<p style=\"text-align: justify\">Os interessados devem encaminhar Curr\u00edculo ao e-mail oficial da Assessoria Financeira da Coordena\u00e7\u00e3o Regional de JATAI (afin.crejatai@seduc.go.gov.br), contendo os contatos telef\u00f4nicos e endere\u00e7os de e-mail para correspond\u00eancias eletr\u00f4nicas, e ainda, que no campo Assunto do e-mail, seja informada a Unidade Escolar e a disciplina da vaga pleiteada.<\/p>\n<p style=\"text-align: justify\">Oportunamente, esclarece que a Coordena\u00e7\u00e3o Regional de Educa\u00e7\u00e3o de JATAI instituir\u00e1 comiss\u00e3o pr\u00f3pria para as an\u00e1lises curriculares, que ser\u00e1 composta por membros da CRE, objetivando assim, a ado\u00e7\u00e3o de medidas e provid\u00eancias pertinentes ao suprimento de todos os d\u00e9ficits de professores existentes na Rede Estadual de Educa\u00e7\u00e3o de Goi\u00e1s, que garantam os servi\u00e7os prestados \u00e0 comunidade goiana.<\/p>\n<p style=\"text-align: center\">SEDUC\/GO<\/p>\n<h2 align=\"center\"><strong style=\"color: revert;font-size: revert\">COMUNICADO<\/strong><\/h2>\n<p style=\"text-align: center\"><strong>PARA CONTRATA\u00c7\u00c3O TEMPOR\u00c1RIA<\/strong><\/p>\n<pre style=\"text-align: center\">Publica\u00e7\u00e3o: 13\/04\/2026 \nEncerramento: 15\/04\/2026 \u00e0s 18h\n<\/pre>\n<p style=\"text-align: justify\">O Governo do Estado de Goi\u00e1s, atrav\u00e9s da Secretaria de Estado da Educa\u00e7\u00e3o, diante da inexist\u00eancia de Processo Seletivo Simplificado vigente no \u00e2mbito desta Pasta e considerando a exist\u00eancia de d\u00e9ficits de professores nas unidades escolares pertencentes ao <strong>munic\u00edpio de JATA\u00cd<\/strong>, jurisdicionado \u00e0 Coordena\u00e7\u00e3o Regional de Educa\u00e7\u00e3o de <strong>JATAI<\/strong>, informa que est\u00e1 recebendo curr\u00edculos, para sele\u00e7\u00e3o e contrata\u00e7\u00e3o tempor\u00e1ria com natureza emergencial para atender aos interesses da Administra\u00e7\u00e3o: 01 (um) professor, portador de Diploma de Gradua\u00e7\u00e3o Bacharel em Libras; ou Letras: Tradu\u00e7\u00e3o e interpreta\u00e7\u00e3o em Libras\/Portugu\u00eas; ou em Cursos Espec\u00edficos na \u00e1rea, ministrados por institui\u00e7\u00f5es reconhecidas pelo MEC, com aprova\u00e7\u00e3o no Exame de Profici\u00eancia para o Ensino de LIBRAS do MEC (PROLIBRAS) ou avalia\u00e7\u00e3o do CAS\/Goi\u00e2nia, ou credenciadas por uma Secretaria de Educa\u00e7\u00e3o, <strong>para exercer a fun\u00e7\u00e3o 099 (Int\u00e9rprete de L\u00edngua Brasileira de Sinais &#8211; LIBRAS)<\/strong> e cumprir jornada de trabalho semanal de 26.67 horas semanais, no(s) turno(s) Noturno no COL\u00c9GIO ESTADUAL FREI DOMINGOS visando afastar eventuais preju\u00edzos educacionais e\/ou pedag\u00f3gicos aos estudantes da Rede Estadual de Educa\u00e7\u00e3o de Goi\u00e1s.<\/p>\n<p style=\"text-align: justify\">A presente convoca\u00e7\u00e3o justifica-se por d\u00e9ficit causado pela efetiva\u00e7\u00e3o de matr\u00edcula na unidade escolar de estudante com defici\u00eancia auditiva.<\/p>\n<p style=\"text-align: justify\">Os interessados devem encaminhar Curr\u00edculo ao e-mail oficial da Assessoria Financeira da Coordena\u00e7\u00e3o Regional de JATAI (afin.crejatai@seduc.go.gov.br), contendo os contatos telef\u00f4nicos e endere\u00e7os de e-mail para correspond\u00eancias eletr\u00f4nicas, e ainda, que no campo Assunto do e-mail, seja informada a Unidade Escolar e a disciplina da vaga pleiteada.<\/p>\n<p style=\"text-align: justify\">Oportunamente, esclarece que a Coordena\u00e7\u00e3o Regional de Educa\u00e7\u00e3o de JATAI instituir\u00e1 comiss\u00e3o pr\u00f3pria para as an\u00e1lises curriculares, que ser\u00e1 composta por membros da CRE, objetivando assim, a ado\u00e7\u00e3o de medidas e provid\u00eancias pertinentes ao suprimento de todos os d\u00e9ficits de professores existentes na Rede Estadual de Educa\u00e7\u00e3o de Goi\u00e1s, que garantam os servi\u00e7os prestados \u00e0 comunidade goiana.<\/p>\n<p style=\"text-align: center\">SEDUC\/GO<\/p>\n<h2 align=\"center\"><strong style=\"color: revert;font-size: revert\">COMUNICADO<\/strong><\/h2>\n<p style=\"text-align: center\"><strong>PARA CONTRATA\u00c7\u00c3O TEMPOR\u00c1RIA<\/strong><\/p>\n<pre style=\"text-align: center\">Publica\u00e7\u00e3o: 09\/04\/2026 \nEncerramento: 13\/04\/2026 \u00e0s 18h\n<\/pre>\n<p style=\"text-align: justify\">O Governo do Estado de Goi\u00e1s, por interm\u00e9dio da Secretaria de Estado da Educa\u00e7\u00e3o, informa que, embora esteja vigente o Processo Seletivo Simplificado regido pelo Edital n\u00ba 020\/2024 \u2013 destinado \u00e0 composi\u00e7\u00e3o de banco de habilitados para contrata\u00e7\u00e3o tempor\u00e1ria de professores \u2013, no \u00e2mbito do <strong>munic\u00edpio de JATA\u00cd<\/strong>, jurisdicionado \u00e0 Coordena\u00e7\u00e3o Regional de Educa\u00e7\u00e3o de <strong>JATAI<\/strong>, o referido banco encontra-se esgotado para a fun\u00e7\u00e3o de <strong>Professor de Geografia, 30 aulas (40.0 horas) semanais, no turno Matutino\/Vespertino.<\/strong><\/p>\n<p style=\"text-align: justify\">Diante da inexist\u00eancia de candidatos habilitados dispon\u00edveis para convoca\u00e7\u00e3o, e considerando a exist\u00eancia de d\u00e9ficit de profissional docente, justificado pelo art. 208 da Lei n\u00ba 13.909\/2001, a Secretaria de Estado da Educa\u00e7\u00e3o deliberou pela ado\u00e7\u00e3o de procedimento emergencial de sele\u00e7\u00e3o curricular, com o objetivo de realizar contrata\u00e7\u00e3o por tempo determinado, de natureza excepcional e urgente, nos termos da Lei Estadual n\u00ba 20.918\/2020.<\/p>\n<p style=\"text-align: justify\">Nesse sentido, a Coordena\u00e7\u00e3o Regional de Educa\u00e7\u00e3o de <strong>JATAI<\/strong> est\u00e1 recebendo curr\u00edculos, exclusivamente por e-mail, para fins de sele\u00e7\u00e3o e contrata\u00e7\u00e3o tempor\u00e1ria de 01 (um) professor de <strong>Geografia<\/strong>, no(a) <strong>COL\u00c9GIO ESTADUAL EM PERIODO INTEGRAL JOS\u00c9 FELICIANO FERREIRA<\/strong>. A presente medida visa evitar a interrup\u00e7\u00e3o das atividades escolares e garantir a continuidade do processo de ensino e aprendizagem, resguardando o direito constitucional \u00e0 educa\u00e7\u00e3o dos estudantes da Rede Estadual de Ensino.<\/p>\n<p style=\"text-align: justify\">Os interessados devem encaminhar curr\u00edculo atualizado ao endere\u00e7o eletr\u00f4nico oficial da Assessoria Financeira da CRE de <strong>JATAI afin.crejatai@seduc.go.gov.br<\/strong>, informando contatos telef\u00f4nicos e endere\u00e7o de e-mail para retorno.<\/p>\n<p style=\"text-align: justify\">Para a an\u00e1lise dos curr\u00edculos, ser\u00e1 constitu\u00edda comiss\u00e3o espec\u00edfica no \u00e2mbito da Coordena\u00e7\u00e3o Regional de Educa\u00e7\u00e3o de <strong>JATAI<\/strong>, composta por membros desta unidade administrativa, a qual adotar\u00e1 crit\u00e9rios objetivos e ison\u00f4micos na sele\u00e7\u00e3o dos profissionais, assegurando a observ\u00e2ncia dos princ\u00edpios da legalidade, impessoalidade e interesse p\u00fablico.<\/p>\n<p style=\"text-align: justify\">A presente convoca\u00e7\u00e3o emergencial pauta-se nos princ\u00edpios da continuidade do servi\u00e7o p\u00fablico e da supremacia do interesse p\u00fablico, e ser\u00e1 adotada exclusivamente nos casos em que n\u00e3o houver mais candidatos habilitados no banco vigente, conforme previsto no edital e na legisla\u00e7\u00e3o pertinente.<\/p>\n<p style=\"text-align: center\">SEDUC\/GO<\/p>\n<h2 align=\"center\"><strong style=\"color: revert;font-size: revert\">COMUNICADO<\/strong><\/h2>\n<p style=\"text-align: center\"><strong>PARA CONTRATA\u00c7\u00c3O TEMPOR\u00c1RIA<\/strong><\/p>\n<pre style=\"text-align: center\">Publica\u00e7\u00e3o: 07\/04\/2026 \nEncerramento: 09\/04\/2026 \u00e0s 18h\n<\/pre>\n<p style=\"text-align: justify\">O Governo do Estado de Goi\u00e1s, por interm\u00e9dio da Secretaria de Estado da Educa\u00e7\u00e3o, informa que, embora esteja vigente o Processo Seletivo Simplificado regido pelo Edital n\u00ba 020\/2024 \u2013 destinado \u00e0 composi\u00e7\u00e3o de banco de habilitados para contrata\u00e7\u00e3o tempor\u00e1ria de professores \u2013, no \u00e2mbito do <strong>munic\u00edpio de JATA\u00cd<\/strong>, jurisdicionado \u00e0 Coordena\u00e7\u00e3o Regional de Educa\u00e7\u00e3o de <strong>JATAI<\/strong>, o referido banco encontra-se esgotado para a fun\u00e7\u00e3o de <strong>Professor de Geografia, 30 aulas (40.0 horas) semanais, no turno Matutino\/Noturno.<\/strong><\/p>\n<p style=\"text-align: justify\">Diante da inexist\u00eancia de candidatos habilitados dispon\u00edveis para convoca\u00e7\u00e3o, e considerando a exist\u00eancia de d\u00e9ficit de profissional docente, justificado pelo art. 208 da Lei n\u00ba 13.909\/2001, a Secretaria de Estado da Educa\u00e7\u00e3o deliberou pela ado\u00e7\u00e3o de procedimento emergencial de sele\u00e7\u00e3o curricular, com o objetivo de realizar contrata\u00e7\u00e3o por tempo determinado, de natureza excepcional e urgente, nos termos da Lei Estadual n\u00ba 20.918\/2020.<\/p>\n<p style=\"text-align: justify\">Nesse sentido, a Coordena\u00e7\u00e3o Regional de Educa\u00e7\u00e3o de <strong>JATAI<\/strong> est\u00e1 recebendo curr\u00edculos, exclusivamente por e-mail, para fins de sele\u00e7\u00e3o e contrata\u00e7\u00e3o tempor\u00e1ria de 01 (um) professor de <strong>Geografia<\/strong>, no(a) <strong>COL\u00c9GIO ESTADUAL FREI DOMINGOS<\/strong>. A presente medida visa evitar a interrup\u00e7\u00e3o das atividades escolares e garantir a continuidade do processo de ensino e aprendizagem, resguardando o direito constitucional \u00e0 educa\u00e7\u00e3o dos estudantes da Rede Estadual de Ensino.<\/p>\n<p style=\"text-align: justify\">Os interessados devem encaminhar curr\u00edculo atualizado ao endere\u00e7o eletr\u00f4nico oficial da Assessoria Financeira da CRE de <strong>JATAI afin.crejatai@seduc.go.gov.br<\/strong>, informando contatos telef\u00f4nicos e endere\u00e7o de e-mail para retorno.<\/p>\n<p style=\"text-align: justify\">Para a an\u00e1lise dos curr\u00edculos, ser\u00e1 constitu\u00edda comiss\u00e3o espec\u00edfica no \u00e2mbito da Coordena\u00e7\u00e3o Regional de Educa\u00e7\u00e3o de <strong>JATAI<\/strong>, composta por membros desta unidade administrativa, a qual adotar\u00e1 crit\u00e9rios objetivos e ison\u00f4micos na sele\u00e7\u00e3o dos profissionais, assegurando a observ\u00e2ncia dos princ\u00edpios da legalidade, impessoalidade e interesse p\u00fablico.<\/p>\n<p style=\"text-align: justify\">A presente convoca\u00e7\u00e3o emergencial pauta-se nos princ\u00edpios da continuidade do servi\u00e7o p\u00fablico e da supremacia do interesse p\u00fablico, e ser\u00e1 adotada exclusivamente nos casos em que n\u00e3o houver mais candidatos habilitados no banco vigente, conforme previsto no edital e na legisla\u00e7\u00e3o pertinente.<\/p>\n<p style=\"text-align: center\">SEDUC\/GO<\/p>\n<h2 align=\"center\"><strong style=\"color: revert;font-size: revert\">COMUNICADO<\/strong><\/h2>\n<p style=\"text-align: center\"><strong>PARA CONTRATA\u00c7\u00c3O TEMPOR\u00c1RIA<\/strong><\/p>\n<pre style=\"text-align: center\">Publica\u00e7\u00e3o: 26\/03\/2026 \nEncerramento: 30\/03\/2026 \u00e0s 18h\n<\/pre>\n<p style=\"text-align: justify\">O Governo do Estado de Goi\u00e1s, por interm\u00e9dio da Secretaria de Estado da Educa\u00e7\u00e3o, informa que, embora esteja vigente o Processo Seletivo Simplificado regido pelo Edital n\u00ba 020\/2024 \u2013 destinado \u00e0 composi\u00e7\u00e3o de banco de habilitados para contrata\u00e7\u00e3o tempor\u00e1ria de professores \u2013, no \u00e2mbito do <strong>munic\u00edpio de CA\u00c7U<\/strong>, jurisdicionado \u00e0 Coordena\u00e7\u00e3o Regional de Educa\u00e7\u00e3o de <strong>JATAI<\/strong>, o referido banco encontra-se esgotado para a fun\u00e7\u00e3o de <strong>Professor de L\u00edngua Portuguesa, 30 aulas (40.0 horas) semanais, no turno Matutino\/Vespertino.<\/strong><\/p>\n<p style=\"text-align: justify\">Diante da inexist\u00eancia de candidatos habilitados dispon\u00edveis para convoca\u00e7\u00e3o, e considerando a exist\u00eancia de d\u00e9ficit de profissional docente, justificado pelo art. 208 da Lei n\u00ba 13.909\/2001, a Secretaria de Estado da Educa\u00e7\u00e3o deliberou pela ado\u00e7\u00e3o de procedimento emergencial de sele\u00e7\u00e3o curricular, com o objetivo de realizar contrata\u00e7\u00e3o por tempo determinado, de natureza excepcional e urgente, nos termos da Lei Estadual n\u00ba 20.918\/2020.<\/p>\n<p style=\"text-align: justify\">Nesse sentido, a Coordena\u00e7\u00e3o Regional de Educa\u00e7\u00e3o de <strong>JATAI<\/strong> est\u00e1 recebendo curr\u00edculos, exclusivamente por e-mail, para fins de sele\u00e7\u00e3o e contrata\u00e7\u00e3o tempor\u00e1ria de 01 (um) professor de <strong>L\u00edngua Portuguesa<\/strong>, no(a) <strong>COL\u00c9GIO ESTADUAL DR PEDRO LUDOVICO TEIXEIRA<\/strong>. A presente medida visa evitar a interrup\u00e7\u00e3o das atividades escolares e garantir a continuidade do processo de ensino e aprendizagem, resguardando o direito constitucional \u00e0 educa\u00e7\u00e3o dos estudantes da Rede Estadual de Ensino.<\/p>\n<p style=\"text-align: justify\">Os interessados devem encaminhar curr\u00edculo atualizado ao endere\u00e7o eletr\u00f4nico oficial da Assessoria Financeira da CRE de <strong>JATAI afin.crejatai@seduc.go.gov.br<\/strong>, informando contatos telef\u00f4nicos e endere\u00e7o de e-mail para retorno.<\/p>\n<p style=\"text-align: justify\">Para a an\u00e1lise dos curr\u00edculos, ser\u00e1 constitu\u00edda comiss\u00e3o espec\u00edfica no \u00e2mbito da Coordena\u00e7\u00e3o Regional de Educa\u00e7\u00e3o de <strong>JATAI<\/strong>, composta por membros desta unidade administrativa, a qual adotar\u00e1 crit\u00e9rios objetivos e ison\u00f4micos na sele\u00e7\u00e3o dos profissionais, assegurando a observ\u00e2ncia dos princ\u00edpios da legalidade, impessoalidade e interesse p\u00fablico.<\/p>\n<p style=\"text-align: justify\">A presente convoca\u00e7\u00e3o emergencial pauta-se nos princ\u00edpios da continuidade do servi\u00e7o p\u00fablico e da supremacia do interesse p\u00fablico, e ser\u00e1 adotada exclusivamente nos casos em que n\u00e3o houver mais candidatos habilitados no banco vigente, conforme previsto no edital e na legisla\u00e7\u00e3o pertinente.<\/p>\n<p style=\"text-align: center\">SEDUC\/GO<\/p>\n<h2 align=\"center\"><strong style=\"color: revert;font-size: revert\">COMUNICADO<\/strong><\/h2>\n<p style=\"text-align: center\"><strong>PARA CONTRATA\u00c7\u00c3O TEMPOR\u00c1RIA<\/strong><\/p>\n<pre style=\"text-align: center\">Publica\u00e7\u00e3o: 09\/03\/2026 \nEncerramento: 11\/03\/2026 \u00e0s 18h\n<\/pre>\n<p style=\"text-align: justify\">O Governo do Estado de Goi\u00e1s, por interm\u00e9dio da Secretaria de Estado da Educa\u00e7\u00e3o, informa que, embora esteja vigente o Processo Seletivo Simplificado regido pelo Edital n\u00ba 020\/2024 \u2013 destinado \u00e0 composi\u00e7\u00e3o de banco de habilitados para contrata\u00e7\u00e3o tempor\u00e1ria de professores \u2013, no \u00e2mbito do <strong>munic\u00edpio de CHAPAD\u00c3O DO C\u00c9U<\/strong>, jurisdicionado \u00e0 Coordena\u00e7\u00e3o Regional de Educa\u00e7\u00e3o de <strong>JATAI<\/strong>, o referido banco encontra-se esgotado para a fun\u00e7\u00e3o de <strong>Professor de L\u00edngua Portuguesa, 30 aulas (37 horas) semanais, no turno Matutino\/Vespertino.<\/strong><\/p>\n<p style=\"text-align: justify\">Diante da inexist\u00eancia de candidatos habilitados dispon\u00edveis para convoca\u00e7\u00e3o, e considerando a exist\u00eancia de d\u00e9ficit de profissional docente, justificado pelo art. 208 da Lei n\u00ba 13.909\/2001, a Secretaria de Estado da Educa\u00e7\u00e3o deliberou pela ado\u00e7\u00e3o de procedimento emergencial de sele\u00e7\u00e3o curricular, com o objetivo de realizar contrata\u00e7\u00e3o por tempo determinado, de natureza excepcional e urgente, nos termos da Lei Estadual n\u00ba 20.918\/2020.<\/p>\n<p style=\"text-align: justify\">Nesse sentido, a Coordena\u00e7\u00e3o Regional de Educa\u00e7\u00e3o de <strong>JATAI<\/strong> est\u00e1 recebendo curr\u00edculos, exclusivamente por e-mail, para fins de sele\u00e7\u00e3o e contrata\u00e7\u00e3o tempor\u00e1ria de 01 (um) professor de <strong>L\u00edngua Portuguesa<\/strong>, no(a) <strong>COL\u00c9GIO ESTADUAL EM PER\u00cdODO INTEGRAL FRUTO DA TERRA<\/strong>. A presente medida visa evitar a interrup\u00e7\u00e3o das atividades escolares e garantir a continuidade do processo de ensino e aprendizagem, resguardando o direito constitucional \u00e0 educa\u00e7\u00e3o dos estudantes da Rede Estadual de Ensino.<\/p>\n<p style=\"text-align: justify\">Os interessados devem encaminhar curr\u00edculo atualizado ao endere\u00e7o eletr\u00f4nico oficial da Assessoria Financeira da CRE de <strong>JATAI afin.crejatai@seduc.go.gov.br<\/strong>, informando contatos telef\u00f4nicos e endere\u00e7o de e-mail para retorno.<\/p>\n<p style=\"text-align: justify\">Para a an\u00e1lise dos curr\u00edculos, ser\u00e1 constitu\u00edda comiss\u00e3o espec\u00edfica no \u00e2mbito da Coordena\u00e7\u00e3o Regional de Educa\u00e7\u00e3o de <strong>JATAI<\/strong>, composta por membros desta unidade administrativa, a qual adotar\u00e1 crit\u00e9rios objetivos e ison\u00f4micos na sele\u00e7\u00e3o dos profissionais, assegurando a observ\u00e2ncia dos princ\u00edpios da legalidade, impessoalidade e interesse p\u00fablico.<\/p>\n<p style=\"text-align: justify\">A presente convoca\u00e7\u00e3o emergencial pauta-se nos princ\u00edpios da continuidade do servi\u00e7o p\u00fablico e da supremacia do interesse p\u00fablico, e ser\u00e1 adotada exclusivamente nos casos em que n\u00e3o houver mais candidatos habilitados no banco vigente, conforme previsto no edital e na legisla\u00e7\u00e3o pertinente.<\/p>\n<p style=\"text-align: center\">SEDUC\/GO<\/p>\n<h2 align=\"center\"><strong style=\"color: revert;font-size: revert\">COMUNICADO<\/strong><\/h2>\n<p style=\"text-align: center\"><strong>PARA CONTRATA\u00c7\u00c3O TEMPOR\u00c1RIA<\/strong><\/p>\n<pre style=\"text-align: center\">Publica\u00e7\u00e3o: 09\/03\/2026 \nEncerramento: 11\/03\/2026 \u00e0s 18h\n<\/pre>\n<p style=\"text-align: justify\">O Governo do Estado de Goi\u00e1s, por interm\u00e9dio da Secretaria de Estado da Educa\u00e7\u00e3o, informa que, embora esteja vigente o Processo Seletivo Simplificado regido pelo Edital n\u00ba 020\/2024 \u2013 destinado \u00e0 composi\u00e7\u00e3o de banco de habilitados para contrata\u00e7\u00e3o tempor\u00e1ria de professores \u2013, no \u00e2mbito do <strong>munic\u00edpio de LAGOA SANTA<\/strong>, jurisdicionado \u00e0 Coordena\u00e7\u00e3o Regional de Educa\u00e7\u00e3o de <strong>JATAI<\/strong>, o referido banco encontra-se esgotado para a fun\u00e7\u00e3o de <strong>Professor de Pedagogia, 30 aulas (37 horas) semanais, no turno Matutino\/Noturno.<\/strong><\/p>\n<p style=\"text-align: justify\">Diante da inexist\u00eancia de candidatos habilitados dispon\u00edveis para convoca\u00e7\u00e3o, e considerando a exist\u00eancia de d\u00e9ficit de profissional docente, justificado pelo art. 208 da Lei n\u00ba 13.909\/2001, a Secretaria de Estado da Educa\u00e7\u00e3o deliberou pela ado\u00e7\u00e3o de procedimento emergencial de sele\u00e7\u00e3o curricular, com o objetivo de realizar contrata\u00e7\u00e3o por tempo determinado, de natureza excepcional e urgente, nos termos da Lei Estadual n\u00ba 20.918\/2020.<\/p>\n<p style=\"text-align: justify\">Nesse sentido, a Coordena\u00e7\u00e3o Regional de Educa\u00e7\u00e3o de <strong>JATAI<\/strong> est\u00e1 recebendo curr\u00edculos, exclusivamente por e-mail, para fins de sele\u00e7\u00e3o e contrata\u00e7\u00e3o tempor\u00e1ria de 01 (um) professor de <strong>Pedagogia<\/strong>, no(a) <strong>COL\u00c9GIO ESTADUAL DEPUTADO JOS\u00c9 ALVES DE ASSIS<\/strong>. A presente medida visa evitar a interrup\u00e7\u00e3o das atividades escolares e garantir a continuidade do processo de ensino e aprendizagem, resguardando o direito constitucional \u00e0 educa\u00e7\u00e3o dos estudantes da Rede Estadual de Ensino.<\/p>\n<p style=\"text-align: justify\">Os interessados devem encaminhar curr\u00edculo atualizado ao endere\u00e7o eletr\u00f4nico oficial da Assessoria Financeira da CRE de <strong>JATAI afin.crejatai@seduc.go.gov.br<\/strong>, informando contatos telef\u00f4nicos e endere\u00e7o de e-mail para retorno.<\/p>\n<p style=\"text-align: justify\">Para a an\u00e1lise dos curr\u00edculos, ser\u00e1 constitu\u00edda comiss\u00e3o espec\u00edfica no \u00e2mbito da Coordena\u00e7\u00e3o Regional de Educa\u00e7\u00e3o de <strong>JATAI<\/strong>, composta por membros desta unidade administrativa, a qual adotar\u00e1 crit\u00e9rios objetivos e ison\u00f4micos na sele\u00e7\u00e3o dos profissionais, assegurando a observ\u00e2ncia dos princ\u00edpios da legalidade, impessoalidade e interesse p\u00fablico.<\/p>\n<p style=\"text-align: justify\">A presente convoca\u00e7\u00e3o emergencial pauta-se nos princ\u00edpios da continuidade do servi\u00e7o p\u00fablico e da supremacia do interesse p\u00fablico, e ser\u00e1 adotada exclusivamente nos casos em que n\u00e3o houver mais candidatos habilitados no banco vigente, conforme previsto no edital e na legisla\u00e7\u00e3o pertinente.<\/p>\n<p style=\"text-align: center\">SEDUC\/GO<\/p>\n<h2 align=\"center\"><strong style=\"color: revert;font-size: revert\">COMUNICADO<\/strong><\/h2>\n<p style=\"text-align: center\"><strong>PARA CONTRATA\u00c7\u00c3O TEMPOR\u00c1RIA<\/strong><\/p>\n<pre style=\"text-align: center\">Publica\u00e7\u00e3o: 05\/03\/2026 \nEncerramento: 09\/03\/2026 \u00e0s 18h\n<\/pre>\n<p style=\"text-align: justify\">O Governo do Estado de Goi\u00e1s, por interm\u00e9dio da Secretaria de Estado da Educa\u00e7\u00e3o, informa que, embora esteja vigente o Processo Seletivo Simplificado regido pelo Edital n\u00ba 020\/2024 \u2013 destinado \u00e0 composi\u00e7\u00e3o de banco de habilitados para contrata\u00e7\u00e3o tempor\u00e1ria de professores \u2013, no \u00e2mbito do <strong>munic\u00edpio de JATA\u00cd<\/strong>, jurisdicionado \u00e0 Coordena\u00e7\u00e3o Regional de Educa\u00e7\u00e3o de <strong>JATAI<\/strong>, o referido banco encontra-se esgotado para a fun\u00e7\u00e3o de <strong>Professor de L\u00edngua Portuguesa, 30 aulas (37 horas) semanais, no turno Matutino\/Vespertino.<\/strong><\/p>\n<p style=\"text-align: justify\">Diante da inexist\u00eancia de candidatos habilitados dispon\u00edveis para convoca\u00e7\u00e3o, e considerando a exist\u00eancia de d\u00e9ficit de profissional docente, justificado pelo art. 208 da Lei n\u00ba 13.909\/2001, a Secretaria de Estado da Educa\u00e7\u00e3o deliberou pela ado\u00e7\u00e3o de procedimento emergencial de sele\u00e7\u00e3o curricular, com o objetivo de realizar contrata\u00e7\u00e3o por tempo determinado, de natureza excepcional e urgente, nos termos da Lei Estadual n\u00ba 20.918\/2020.<\/p>\n<p style=\"text-align: justify\">Nesse sentido, a Coordena\u00e7\u00e3o Regional de Educa\u00e7\u00e3o de <strong>JATAI<\/strong> est\u00e1 recebendo curr\u00edculos, exclusivamente por e-mail, para fins de sele\u00e7\u00e3o e contrata\u00e7\u00e3o tempor\u00e1ria de 01 (um) professor de <strong>L\u00edngua Portuguesa<\/strong>, no(a) <strong>COL\u00c9GIO ESTADUAL EM PERIODO INTEGRAL JOS\u00c9 FELICIANO FERREIRA<\/strong>. A presente medida visa evitar a interrup\u00e7\u00e3o das atividades escolares e garantir a continuidade do processo de ensino e aprendizagem, resguardando o direito constitucional \u00e0 educa\u00e7\u00e3o dos estudantes da Rede Estadual de Ensino.<\/p>\n<p style=\"text-align: justify\">Os interessados devem encaminhar curr\u00edculo atualizado ao endere\u00e7o eletr\u00f4nico oficial da Assessoria Financeira da CRE de <strong>JATAI afin.crejatai@seduc.go.gov.br<\/strong>, informando contatos telef\u00f4nicos e endere\u00e7o de e-mail para retorno.<\/p>\n<p style=\"text-align: justify\">Para a an\u00e1lise dos curr\u00edculos, ser\u00e1 constitu\u00edda comiss\u00e3o espec\u00edfica no \u00e2mbito da Coordena\u00e7\u00e3o Regional de Educa\u00e7\u00e3o de <strong>JATAI<\/strong>, composta por membros desta unidade administrativa, a qual adotar\u00e1 crit\u00e9rios objetivos e ison\u00f4micos na sele\u00e7\u00e3o dos profissionais, assegurando a observ\u00e2ncia dos princ\u00edpios da legalidade, impessoalidade e interesse p\u00fablico.<\/p>\n<p style=\"text-align: justify\">A presente convoca\u00e7\u00e3o emergencial pauta-se nos princ\u00edpios da continuidade do servi\u00e7o p\u00fablico e da supremacia do interesse p\u00fablico, e ser\u00e1 adotada exclusivamente nos casos em que n\u00e3o houver mais candidatos habilitados no banco vigente, conforme previsto no edital e na legisla\u00e7\u00e3o pertinente.<\/p>\n<p style=\"text-align: center\">SEDUC\/GO<\/p>\n<h2 align=\"center\"><strong style=\"color: revert;font-size: revert\">COMUNICADO<\/strong><\/h2>\n<p style=\"text-align: center\"><strong>PARA CONTRATA\u00c7\u00c3O TEMPOR\u00c1RIA<\/strong><\/p>\n<pre style=\"text-align: center\">Publica\u00e7\u00e3o: 03\/03\/2026 \nEncerramento: 05\/03\/2026 \u00e0s 18h\n<\/pre>\n<p style=\"text-align: justify\">O Governo do Estado de Goi\u00e1s, por interm\u00e9dio da Secretaria de Estado da Educa\u00e7\u00e3o, informa que, embora esteja vigente o Processo Seletivo Simplificado regido pelo Edital n\u00ba 020\/2024 \u2013 destinado \u00e0 composi\u00e7\u00e3o de banco de habilitados para contrata\u00e7\u00e3o tempor\u00e1ria de professores \u2013, no \u00e2mbito do <strong>munic\u00edpio de ITAJ\u00c1<\/strong>, jurisdicionado \u00e0 Coordena\u00e7\u00e3o Regional de Educa\u00e7\u00e3o de <strong>JATAI<\/strong>, o referido banco encontra-se esgotado para a fun\u00e7\u00e3o de <strong>Professor de Pedagogia, 23 aulas (28 horas) semanais, no turno Matutino\/Vespertino.<\/strong><\/p>\n<p style=\"text-align: justify\">Diante da inexist\u00eancia de candidatos habilitados dispon\u00edveis para convoca\u00e7\u00e3o, e considerando a exist\u00eancia de d\u00e9ficit de profissional docente, justificado pelo art. 208 da Lei n\u00ba 13.909\/2001, a Secretaria de Estado da Educa\u00e7\u00e3o deliberou pela ado\u00e7\u00e3o de procedimento emergencial de sele\u00e7\u00e3o curricular, com o objetivo de realizar contrata\u00e7\u00e3o por tempo determinado, de natureza excepcional e urgente, nos termos da Lei Estadual n\u00ba 20.918\/2020.<\/p>\n<p style=\"text-align: justify\">Nesse sentido, a Coordena\u00e7\u00e3o Regional de Educa\u00e7\u00e3o de <strong>JATAI<\/strong> est\u00e1 recebendo curr\u00edculos, exclusivamente por e-mail, para fins de sele\u00e7\u00e3o e contrata\u00e7\u00e3o tempor\u00e1ria de 01 (um) professor de <strong>Pedagogia<\/strong>, no(a) <strong>COL\u00c9GIO ESTADUAL PRESIDENTE CASTELO BRANCO<\/strong>. A presente medida visa evitar a interrup\u00e7\u00e3o das atividades escolares e garantir a continuidade do processo de ensino e aprendizagem, resguardando o direito constitucional \u00e0 educa\u00e7\u00e3o dos estudantes da Rede Estadual de Ensino.<\/p>\n<p style=\"text-align: justify\">Os interessados devem encaminhar curr\u00edculo atualizado ao endere\u00e7o eletr\u00f4nico oficial da Assessoria Financeira da CRE de <strong>JATAI afin.crejatai@seduc.go.gov.br<\/strong>, informando contatos telef\u00f4nicos e endere\u00e7o de e-mail para retorno.<\/p>\n<p style=\"text-align: justify\">Para a an\u00e1lise dos curr\u00edculos, ser\u00e1 constitu\u00edda comiss\u00e3o espec\u00edfica no \u00e2mbito da Coordena\u00e7\u00e3o Regional de Educa\u00e7\u00e3o de <strong>JATAI<\/strong>, composta por membros desta unidade administrativa, a qual adotar\u00e1 crit\u00e9rios objetivos e ison\u00f4micos na sele\u00e7\u00e3o dos profissionais, assegurando a observ\u00e2ncia dos princ\u00edpios da legalidade, impessoalidade e interesse p\u00fablico.<\/p>\n<p style=\"text-align: justify\">A presente convoca\u00e7\u00e3o emergencial pauta-se nos princ\u00edpios da continuidade do servi\u00e7o p\u00fablico e da supremacia do interesse p\u00fablico, e ser\u00e1 adotada exclusivamente nos casos em que n\u00e3o houver mais candidatos habilitados no banco vigente, conforme previsto no edital e na legisla\u00e7\u00e3o pertinente.<\/p>\n<p style=\"text-align: center\">SEDUC\/GO<\/p>\n<h2 align=\"center\"><strong style=\"color: revert;font-size: revert\">COMUNICADO<\/strong><\/h2>\n<p style=\"text-align: center\"><strong>PARA CONTRATA\u00c7\u00c3O TEMPOR\u00c1RIA<\/strong><\/p>\n<pre style=\"text-align: center\">Publica\u00e7\u00e3o: 27\/02\/2026 \nEncerramento: 03\/03\/2026 \u00e0s 18h\n<\/pre>\n<p style=\"text-align: justify\">O Governo do Estado de Goi\u00e1s, por interm\u00e9dio da Secretaria de Estado da Educa\u00e7\u00e3o, informa que, embora esteja vigente o Processo Seletivo Simplificado regido pelo Edital n\u00ba 020\/2024 \u2013 destinado \u00e0 composi\u00e7\u00e3o de banco de habilitados para contrata\u00e7\u00e3o tempor\u00e1ria de professores \u2013, no \u00e2mbito do <strong>munic\u00edpio de JATA\u00cd<\/strong>, jurisdicionado \u00e0 Coordena\u00e7\u00e3o Regional de Educa\u00e7\u00e3o de <strong>JATAI<\/strong>, o referido banco encontra-se esgotado para a fun\u00e7\u00e3o de <strong>Professor de Educa\u00e7\u00e3o F\u00edsica, 30 aulas (37 horas) semanais, no turno Matutino\/Vespertino.<\/strong><\/p>\n<p style=\"text-align: justify\">Diante da inexist\u00eancia de candidatos habilitados dispon\u00edveis para convoca\u00e7\u00e3o, e considerando a exist\u00eancia de d\u00e9ficit de profissional docente, justificado pelo art. 208 da Lei n\u00ba 13.909\/2001, a Secretaria de Estado da Educa\u00e7\u00e3o deliberou pela ado\u00e7\u00e3o de procedimento emergencial de sele\u00e7\u00e3o curricular, com o objetivo de realizar contrata\u00e7\u00e3o por tempo determinado, de natureza excepcional e urgente, nos termos da Lei Estadual n\u00ba 20.918\/2020.<\/p>\n<p style=\"text-align: justify\">Nesse sentido, a Coordena\u00e7\u00e3o Regional de Educa\u00e7\u00e3o de <strong>JATAI<\/strong> est\u00e1 recebendo curr\u00edculos, exclusivamente por e-mail, para fins de sele\u00e7\u00e3o e contrata\u00e7\u00e3o tempor\u00e1ria de 01 (um) professor de <strong>Educa\u00e7\u00e3o F\u00edsica<\/strong>, no(a) <strong>COL\u00c9GIO ESTADUAL EM PER\u00cdODO INTEGRAL EM\u00cdLIA FERREIRA DE CARVALHO<\/strong>. A presente medida visa evitar a interrup\u00e7\u00e3o das atividades escolares e garantir a continuidade do processo de ensino e aprendizagem, resguardando o direito constitucional \u00e0 educa\u00e7\u00e3o dos estudantes da Rede Estadual de Ensino.<\/p>\n<p style=\"text-align: justify\">Os interessados devem encaminhar curr\u00edculo atualizado ao endere\u00e7o eletr\u00f4nico oficial da Assessoria Financeira da CRE de <strong>JATAI afin.crejatai@seduc.go.gov.br<\/strong>, informando contatos telef\u00f4nicos e endere\u00e7o de e-mail para retorno.<\/p>\n<p style=\"text-align: justify\">Para a an\u00e1lise dos curr\u00edculos, ser\u00e1 constitu\u00edda comiss\u00e3o espec\u00edfica no \u00e2mbito da Coordena\u00e7\u00e3o Regional de Educa\u00e7\u00e3o de <strong>JATAI<\/strong>, composta por membros desta unidade administrativa, a qual adotar\u00e1 crit\u00e9rios objetivos e ison\u00f4micos na sele\u00e7\u00e3o dos profissionais, assegurando a observ\u00e2ncia dos princ\u00edpios da legalidade, impessoalidade e interesse p\u00fablico.<\/p>\n<p style=\"text-align: justify\">A presente convoca\u00e7\u00e3o emergencial pauta-se nos princ\u00edpios da continuidade do servi\u00e7o p\u00fablico e da supremacia do interesse p\u00fablico, e ser\u00e1 adotada exclusivamente nos casos em que n\u00e3o houver mais candidatos habilitados no banco vigente, conforme previsto no edital e na legisla\u00e7\u00e3o pertinente.<\/p>\n<p style=\"text-align: center\">SEDUC\/GO<\/p>\n<h2 align=\"center\"><strong style=\"color: revert;font-size: revert\">COMUNICADO<\/strong><\/h2>\n<p style=\"text-align: center\"><strong>PARA CONTRATA\u00c7\u00c3O TEMPOR\u00c1RIA<\/strong><\/p>\n<pre style=\"text-align: center\">Publica\u00e7\u00e3o: 21\/02\/2026 \nEncerramento: 24\/02\/2026 \u00e0s 18h\n<\/pre>\n<p style=\"text-align: justify\">O Governo do Estado de Goi\u00e1s, por interm\u00e9dio da Secretaria de Estado da Educa\u00e7\u00e3o, informa que, embora esteja vigente o Processo Seletivo Simplificado regido pelo Edital n\u00ba 020\/2024 \u2013 destinado \u00e0 composi\u00e7\u00e3o de banco de habilitados para contrata\u00e7\u00e3o tempor\u00e1ria de professores \u2013, no \u00e2mbito do <strong>munic\u00edpio de JATA\u00cd<\/strong>, jurisdicionado \u00e0 Coordena\u00e7\u00e3o Regional de Educa\u00e7\u00e3o de <strong>JATAI<\/strong>, o referido banco encontra-se esgotado para a fun\u00e7\u00e3o de <strong>Professor de Matem\u00e1tica, 23 aulas (28 horas) semanais, no turno Matutino\/Vespertino.<\/strong><\/p>\n<p style=\"text-align: justify\">Diante da inexist\u00eancia de candidatos habilitados dispon\u00edveis para convoca\u00e7\u00e3o, e considerando a exist\u00eancia de d\u00e9ficit de profissional docente, justificado pelo art. 208 da Lei n\u00ba 13.909\/2001, a Secretaria de Estado da Educa\u00e7\u00e3o deliberou pela ado\u00e7\u00e3o de procedimento emergencial de sele\u00e7\u00e3o curricular, com o objetivo de realizar contrata\u00e7\u00e3o por tempo determinado, de natureza excepcional e urgente, nos termos da Lei Estadual n\u00ba 20.918\/2020.<\/p>\n<p style=\"text-align: justify\">Nesse sentido, a Coordena\u00e7\u00e3o Regional de Educa\u00e7\u00e3o de <strong>JATAI<\/strong> est\u00e1 recebendo curr\u00edculos, exclusivamente por e-mail, para fins de sele\u00e7\u00e3o e contrata\u00e7\u00e3o tempor\u00e1ria de 01 (um) professor de <strong>Matem\u00e1tica<\/strong>, no(a) <strong>COL\u00c9GIO ESTADUAL EM PER\u00cdODO INTEGRAL SERAFIM DE CARVALHO<\/strong>. A presente medida visa evitar a interrup\u00e7\u00e3o das atividades escolares e garantir a continuidade do processo de ensino e aprendizagem, resguardando o direito constitucional \u00e0 educa\u00e7\u00e3o dos estudantes da Rede Estadual de Ensino.<\/p>\n<p style=\"text-align: justify\">Os interessados devem encaminhar curr\u00edculo atualizado ao endere\u00e7o eletr\u00f4nico oficial da Assessoria Financeira da CRE de <strong>JATAI afin.crejatai@seduc.go.gov.br<\/strong>, informando contatos telef\u00f4nicos e endere\u00e7o de e-mail para retorno.<\/p>\n<p style=\"text-align: justify\">Para a an\u00e1lise dos curr\u00edculos, ser\u00e1 constitu\u00edda comiss\u00e3o espec\u00edfica no \u00e2mbito da Coordena\u00e7\u00e3o Regional de Educa\u00e7\u00e3o de <strong>JATAI<\/strong>, composta por membros desta unidade administrativa, a qual adotar\u00e1 crit\u00e9rios objetivos e ison\u00f4micos na sele\u00e7\u00e3o dos profissionais, assegurando a observ\u00e2ncia dos princ\u00edpios da legalidade, impessoalidade e interesse p\u00fablico.<\/p>\n<p style=\"text-align: justify\">A presente convoca\u00e7\u00e3o emergencial pauta-se nos princ\u00edpios da continuidade do servi\u00e7o p\u00fablico e da supremacia do interesse p\u00fablico, e ser\u00e1 adotada exclusivamente nos casos em que n\u00e3o houver mais candidatos habilitados no banco vigente, conforme previsto no edital e na legisla\u00e7\u00e3o pertinente.<\/p>\n<p style=\"text-align: center\">SEDUC\/GO<\/p>\n<h2 align=\"center\"><strong style=\"color: revert;font-size: revert\">COMUNICADO<\/strong><\/h2>\n<p style=\"text-align: center\"><strong>PARA CONTRATA\u00c7\u00c3O TEMPOR\u00c1RIA<\/strong><\/p>\n<pre style=\"text-align: center\">Publica\u00e7\u00e3o: 19\/02\/2026 \nEncerramento: 23\/02\/2026 \u00e0s 18h\n<\/pre>\n<p style=\"text-align: justify\">O Governo do Estado de Goi\u00e1s, por interm\u00e9dio da Secretaria de Estado da Educa\u00e7\u00e3o, informa que, embora esteja vigente o Processo Seletivo Simplificado regido pelo Edital n\u00ba 020\/2024 \u2013 destinado \u00e0 composi\u00e7\u00e3o de banco de habilitados para contrata\u00e7\u00e3o tempor\u00e1ria de professores \u2013, no \u00e2mbito do <strong>munic\u00edpio de SERRAN\u00d3POLIS<\/strong>, jurisdicionado \u00e0 Coordena\u00e7\u00e3o Regional de Educa\u00e7\u00e3o de <strong>JATAI<\/strong>, o referido banco encontra-se esgotado para a fun\u00e7\u00e3o de <strong>Professor de Hist\u00f3ria, 30 aulas (37 horas) semanais, no turno Matutino\/Vespertino.<\/strong><\/p>\n<p style=\"text-align: justify\">Diante da inexist\u00eancia de candidatos habilitados dispon\u00edveis para convoca\u00e7\u00e3o, e considerando a exist\u00eancia de d\u00e9ficit de profissional docente, justificado pelo art. 208 da Lei n\u00ba 13.909\/2001, a Secretaria de Estado da Educa\u00e7\u00e3o deliberou pela ado\u00e7\u00e3o de procedimento emergencial de sele\u00e7\u00e3o curricular, com o objetivo de realizar contrata\u00e7\u00e3o por tempo determinado, de natureza excepcional e urgente, nos termos da Lei Estadual n\u00ba 20.918\/2020.<\/p>\n<p style=\"text-align: justify\">Nesse sentido, a Coordena\u00e7\u00e3o Regional de Educa\u00e7\u00e3o de <strong>JATAI<\/strong> est\u00e1 recebendo curr\u00edculos, exclusivamente por e-mail, para fins de sele\u00e7\u00e3o e contrata\u00e7\u00e3o tempor\u00e1ria de 01 (um) professor de <strong>Hist\u00f3ria<\/strong>, no(a) <strong>COL\u00c9GIO ESTADUAL DOM ABEL<\/strong>. A presente medida visa evitar a interrup\u00e7\u00e3o das atividades escolares e garantir a continuidade do processo de ensino e aprendizagem, resguardando o direito constitucional \u00e0 educa\u00e7\u00e3o dos estudantes da Rede Estadual de Ensino.<\/p>\n<p style=\"text-align: justify\">Os interessados devem encaminhar curr\u00edculo atualizado ao endere\u00e7o eletr\u00f4nico oficial da Assessoria Financeira da CRE de <strong>JATAI afin.crejatai@seduc.go.gov.br<\/strong>, informando contatos telef\u00f4nicos e endere\u00e7o de e-mail para retorno.<\/p>\n<p style=\"text-align: justify\">Para a an\u00e1lise dos curr\u00edculos, ser\u00e1 constitu\u00edda comiss\u00e3o espec\u00edfica no \u00e2mbito da Coordena\u00e7\u00e3o Regional de Educa\u00e7\u00e3o de <strong>JATAI<\/strong>, composta por membros desta unidade administrativa, a qual adotar\u00e1 crit\u00e9rios objetivos e ison\u00f4micos na sele\u00e7\u00e3o dos profissionais, assegurando a observ\u00e2ncia dos princ\u00edpios da legalidade, impessoalidade e interesse p\u00fablico.<\/p>\n<p style=\"text-align: justify\">A presente convoca\u00e7\u00e3o emergencial pauta-se nos princ\u00edpios da continuidade do servi\u00e7o p\u00fablico e da supremacia do interesse p\u00fablico, e ser\u00e1 adotada exclusivamente nos casos em que n\u00e3o houver mais candidatos habilitados no banco vigente, conforme previsto no edital e na legisla\u00e7\u00e3o pertinente.<\/p>\n<p style=\"text-align: center\">SEDUC\/GO<\/p>\n<h2 align=\"center\"><strong style=\"color: revert;font-size: revert\">COMUNICADO<\/strong><\/h2>\n<p style=\"text-align: center\"><strong>PARA CONTRATA\u00c7\u00c3O TEMPOR\u00c1RIA<\/strong><\/p>\n<pre style=\"text-align: center\">Publica\u00e7\u00e3o: 19\/02\/2026 \nEncerramento: 23\/02\/2026 \u00e0s 18h\n<\/pre>\n<p style=\"text-align: justify\">O Governo do Estado de Goi\u00e1s, por interm\u00e9dio da Secretaria de Estado da Educa\u00e7\u00e3o, informa que, embora esteja vigente o Processo Seletivo Simplificado regido pelo Edital n\u00ba 020\/2024 \u2013 destinado \u00e0 composi\u00e7\u00e3o de banco de habilitados para contrata\u00e7\u00e3o tempor\u00e1ria de professores \u2013, no \u00e2mbito do <strong>munic\u00edpio de SERRAN\u00d3POLIS<\/strong>, jurisdicionado \u00e0 Coordena\u00e7\u00e3o Regional de Educa\u00e7\u00e3o de <strong>JATAI<\/strong>, o referido banco encontra-se esgotado para a fun\u00e7\u00e3o de <strong>Professor de Geografia, 27 aulas (33 horas) semanais, no turno Matutino\/Vespertino.<\/strong><\/p>\n<p style=\"text-align: justify\">Diante da inexist\u00eancia de candidatos habilitados dispon\u00edveis para convoca\u00e7\u00e3o, e considerando a exist\u00eancia de d\u00e9ficit de profissional docente, justificado pelo art. 208 da Lei n\u00ba 13.909\/2001, a Secretaria de Estado da Educa\u00e7\u00e3o deliberou pela ado\u00e7\u00e3o de procedimento emergencial de sele\u00e7\u00e3o curricular, com o objetivo de realizar contrata\u00e7\u00e3o por tempo determinado, de natureza excepcional e urgente, nos termos da Lei Estadual n\u00ba 20.918\/2020.<\/p>\n<p style=\"text-align: justify\">Nesse sentido, a Coordena\u00e7\u00e3o Regional de Educa\u00e7\u00e3o de <strong>JATAI<\/strong> est\u00e1 recebendo curr\u00edculos, exclusivamente por e-mail, para fins de sele\u00e7\u00e3o e contrata\u00e7\u00e3o tempor\u00e1ria de 01 (um) professor de <strong>Geografia<\/strong>, no(a) <strong>COL\u00c9GIO ESTADUAL DOM ABEL<\/strong>. A presente medida visa evitar a interrup\u00e7\u00e3o das atividades escolares e garantir a continuidade do processo de ensino e aprendizagem, resguardando o direito constitucional \u00e0 educa\u00e7\u00e3o dos estudantes da Rede Estadual de Ensino.<\/p>\n<p style=\"text-align: justify\">Os interessados devem encaminhar curr\u00edculo atualizado ao endere\u00e7o eletr\u00f4nico oficial da Assessoria Financeira da CRE de <strong>JATAI afin.crejatai@seduc.go.gov.br<\/strong>, informando contatos telef\u00f4nicos e endere\u00e7o de e-mail para retorno.<\/p>\n<p style=\"text-align: justify\">Para a an\u00e1lise dos curr\u00edculos, ser\u00e1 constitu\u00edda comiss\u00e3o espec\u00edfica no \u00e2mbito da Coordena\u00e7\u00e3o Regional de Educa\u00e7\u00e3o de <strong>JATAI<\/strong>, composta por membros desta unidade administrativa, a qual adotar\u00e1 crit\u00e9rios objetivos e ison\u00f4micos na sele\u00e7\u00e3o dos profissionais, assegurando a observ\u00e2ncia dos princ\u00edpios da legalidade, impessoalidade e interesse p\u00fablico.<\/p>\n<p style=\"text-align: justify\">A presente convoca\u00e7\u00e3o emergencial pauta-se nos princ\u00edpios da continuidade do servi\u00e7o p\u00fablico e da supremacia do interesse p\u00fablico, e ser\u00e1 adotada exclusivamente nos casos em que n\u00e3o houver mais candidatos habilitados no banco vigente, conforme previsto no edital e na legisla\u00e7\u00e3o pertinente.<\/p>\n<p style=\"text-align: center\">SEDUC\/GO<\/p>\n<h2 align=\"center\"><strong style=\"color: revert;font-size: revert\">COMUNICADO<\/strong><\/h2>\n<p style=\"text-align: center\"><strong>PARA CONTRATA\u00c7\u00c3O TEMPOR\u00c1RIA<\/strong><\/p>\n<pre style=\"text-align: center\">Publica\u00e7\u00e3o: 19\/02\/2026 \nEncerramento: 23\/02\/2026 \u00e0s 18h\n<\/pre>\n<p style=\"text-align: justify\">O Governo do Estado de Goi\u00e1s, por interm\u00e9dio da Secretaria de Estado da Educa\u00e7\u00e3o, informa que, embora esteja vigente o Processo Seletivo Simplificado regido pelo Edital n\u00ba 020\/2024 \u2013 destinado \u00e0 composi\u00e7\u00e3o de banco de habilitados para contrata\u00e7\u00e3o tempor\u00e1ria de professores \u2013, no \u00e2mbito do <strong>munic\u00edpio de SERRAN\u00d3POLIS<\/strong>, jurisdicionado \u00e0 Coordena\u00e7\u00e3o Regional de Educa\u00e7\u00e3o de <strong>JATAI<\/strong>, o referido banco encontra-se esgotado para a fun\u00e7\u00e3o de <strong>Professor de Matem\u00e1tica, 30 aulas (37 horas) semanais, no turno Matutino\/Vespertino.<\/strong><\/p>\n<p style=\"text-align: justify\">Diante da inexist\u00eancia de candidatos habilitados dispon\u00edveis para convoca\u00e7\u00e3o, e considerando a exist\u00eancia de d\u00e9ficit de profissional docente, justificado pelo art. 208 da Lei n\u00ba 13.909\/2001, a Secretaria de Estado da Educa\u00e7\u00e3o deliberou pela ado\u00e7\u00e3o de procedimento emergencial de sele\u00e7\u00e3o curricular, com o objetivo de realizar contrata\u00e7\u00e3o por tempo determinado, de natureza excepcional e urgente, nos termos da Lei Estadual n\u00ba 20.918\/2020.<\/p>\n<p style=\"text-align: justify\">Nesse sentido, a Coordena\u00e7\u00e3o Regional de Educa\u00e7\u00e3o de <strong>JATAI<\/strong> est\u00e1 recebendo curr\u00edculos, exclusivamente por e-mail, para fins de sele\u00e7\u00e3o e contrata\u00e7\u00e3o tempor\u00e1ria de 01 (um) professor de <strong>Matem\u00e1tica<\/strong>, no(a) <strong>COL\u00c9GIO ESTADUAL DOM ABEL<\/strong>. A presente medida visa evitar a interrup\u00e7\u00e3o das atividades escolares e garantir a continuidade do processo de ensino e aprendizagem, resguardando o direito constitucional \u00e0 educa\u00e7\u00e3o dos estudantes da Rede Estadual de Ensino.<\/p>\n<p style=\"text-align: justify\">Os interessados devem encaminhar curr\u00edculo atualizado ao endere\u00e7o eletr\u00f4nico oficial da Assessoria Financeira da CRE de <strong>JATAI afin.crejatai@seduc.go.gov.br<\/strong>, informando contatos telef\u00f4nicos e endere\u00e7o de e-mail para retorno.<\/p>\n<p style=\"text-align: justify\">Para a an\u00e1lise dos curr\u00edculos, ser\u00e1 constitu\u00edda comiss\u00e3o espec\u00edfica no \u00e2mbito da Coordena\u00e7\u00e3o Regional de Educa\u00e7\u00e3o de <strong>JATAI<\/strong>, composta por membros desta unidade administrativa, a qual adotar\u00e1 crit\u00e9rios objetivos e ison\u00f4micos na sele\u00e7\u00e3o dos profissionais, assegurando a observ\u00e2ncia dos princ\u00edpios da legalidade, impessoalidade e interesse p\u00fablico.<\/p>\n<p style=\"text-align: justify\">A presente convoca\u00e7\u00e3o emergencial pauta-se nos princ\u00edpios da continuidade do servi\u00e7o p\u00fablico e da supremacia do interesse p\u00fablico, e ser\u00e1 adotada exclusivamente nos casos em que n\u00e3o houver mais candidatos habilitados no banco vigente, conforme previsto no edital e na legisla\u00e7\u00e3o pertinente.<\/p>\n<p style=\"text-align: center\">SEDUC\/GO<\/p>\n<h2 align=\"center\"><strong style=\"color: revert;font-size: revert\">COMUNICADO<\/strong><\/h2>\n<p style=\"text-align: center\"><strong>PARA CONTRATA\u00c7\u00c3O TEMPOR\u00c1RIA<\/strong><\/p>\n<pre style=\"text-align: center\">Publica\u00e7\u00e3o: 27\/01\/2026 \nEncerramento: 29\/01\/2026 \u00e0s 18h\n<\/pre>\n<p style=\"text-align: justify\">O Governo do Estado de Goi\u00e1s, por interm\u00e9dio da Secretaria de Estado da Educa\u00e7\u00e3o, informa que, embora esteja vigente o Processo Seletivo Simplificado regido pelo Edital n\u00ba 020\/2024 \u2013 destinado \u00e0 composi\u00e7\u00e3o de banco de habilitados para contrata\u00e7\u00e3o tempor\u00e1ria de professores \u2013, no \u00e2mbito do <strong>munic\u00edpio de ITARUM\u00c3<\/strong>, jurisdicionado \u00e0 Coordena\u00e7\u00e3o Regional de Educa\u00e7\u00e3o de <strong>JATAI<\/strong>, o referido banco encontra-se esgotado para a fun\u00e7\u00e3o de <strong>Professor de Pedagogia, 30 aulas (37 horas) semanais, no turno Matutino\/Noturno.<\/strong><\/p>\n<p style=\"text-align: justify\">Diante da inexist\u00eancia de candidatos habilitados dispon\u00edveis para convoca\u00e7\u00e3o, e considerando a exist\u00eancia de d\u00e9ficit de profissional docente, justificado pelo art. 208 da Lei n\u00ba 13.909\/2001, a Secretaria de Estado da Educa\u00e7\u00e3o deliberou pela ado\u00e7\u00e3o de procedimento emergencial de sele\u00e7\u00e3o curricular, com o objetivo de realizar contrata\u00e7\u00e3o por tempo determinado, de natureza excepcional e urgente, nos termos da Lei Estadual n\u00ba 20.918\/2020.<\/p>\n<p style=\"text-align: justify\">Nesse sentido, a Coordena\u00e7\u00e3o Regional de Educa\u00e7\u00e3o de <strong>JATAI<\/strong> est\u00e1 recebendo curr\u00edculos, exclusivamente por e-mail, para fins de sele\u00e7\u00e3o e contrata\u00e7\u00e3o tempor\u00e1ria de 01 (um) professor de <strong>Pedagogia<\/strong>, no(a) <strong>COL\u00c9GIO ESTADUAL COELHO NETO<\/strong>. A presente medida visa evitar a interrup\u00e7\u00e3o das atividades escolares e garantir a continuidade do processo de ensino e aprendizagem, resguardando o direito constitucional \u00e0 educa\u00e7\u00e3o dos estudantes da Rede Estadual de Ensino.<\/p>\n<p style=\"text-align: justify\">Os interessados devem encaminhar curr\u00edculo atualizado ao endere\u00e7o eletr\u00f4nico oficial da Assessoria Financeira da CRE de <strong>JATAI afin.crejatai@seduc.go.gov.br<\/strong>, informando contatos telef\u00f4nicos e endere\u00e7o de e-mail para retorno.<\/p>\n<p style=\"text-align: justify\">Para a an\u00e1lise dos curr\u00edculos, ser\u00e1 constitu\u00edda comiss\u00e3o espec\u00edfica no \u00e2mbito da Coordena\u00e7\u00e3o Regional de Educa\u00e7\u00e3o de <strong>JATAI<\/strong>, composta por membros desta unidade administrativa, a qual adotar\u00e1 crit\u00e9rios objetivos e ison\u00f4micos na sele\u00e7\u00e3o dos profissionais, assegurando a observ\u00e2ncia dos princ\u00edpios da legalidade, impessoalidade e interesse p\u00fablico.<\/p>\n<p style=\"text-align: justify\">A presente convoca\u00e7\u00e3o emergencial pauta-se nos princ\u00edpios da continuidade do servi\u00e7o p\u00fablico e da supremacia do interesse p\u00fablico, e ser\u00e1 adotada exclusivamente nos casos em que n\u00e3o houver mais candidatos habilitados no banco vigente, conforme previsto no edital e na legisla\u00e7\u00e3o pertinente.<\/p>\n<p style=\"text-align: center\">SEDUC\/GO<\/p>\n<h2 align=\"center\"><strong style=\"color: revert;font-size: revert\">COMUNICADO<\/strong><\/h2>\n<p style=\"text-align: center\"><strong>PARA CONTRATA\u00c7\u00c3O TEMPOR\u00c1RIA<\/strong><\/p>\n<pre style=\"text-align: center\">Publica\u00e7\u00e3o: 27\/01\/2026 \nEncerramento: 29\/01\/2026 \u00e0s 18h\n<\/pre>\n<p style=\"text-align: justify\">O Governo do Estado de Goi\u00e1s, por interm\u00e9dio da Secretaria de Estado da Educa\u00e7\u00e3o, informa que, embora esteja vigente o Processo Seletivo Simplificado regido pelo Edital n\u00ba 020\/2024 \u2013 destinado \u00e0 composi\u00e7\u00e3o de banco de habilitados para contrata\u00e7\u00e3o tempor\u00e1ria de professores \u2013, no \u00e2mbito do <strong>munic\u00edpio de CA\u00c7U<\/strong>, jurisdicionado \u00e0 Coordena\u00e7\u00e3o Regional de Educa\u00e7\u00e3o de <strong>JATAI<\/strong>, o referido banco encontra-se esgotado para a fun\u00e7\u00e3o de <strong>Professor de F\u00edsica, 30 aulas (37 horas) semanais, no turno Matutino\/Noturno.<\/strong><\/p>\n<p style=\"text-align: justify\">Diante da inexist\u00eancia de candidatos habilitados dispon\u00edveis para convoca\u00e7\u00e3o, e considerando a exist\u00eancia de d\u00e9ficit de profissional docente, justificado pelo art. 208 da Lei n\u00ba 13.909\/2001, a Secretaria de Estado da Educa\u00e7\u00e3o deliberou pela ado\u00e7\u00e3o de procedimento emergencial de sele\u00e7\u00e3o curricular, com o objetivo de realizar contrata\u00e7\u00e3o por tempo determinado, de natureza excepcional e urgente, nos termos da Lei Estadual n\u00ba 20.918\/2020.<\/p>\n<p style=\"text-align: justify\">Nesse sentido, a Coordena\u00e7\u00e3o Regional de Educa\u00e7\u00e3o de <strong>JATAI<\/strong> est\u00e1 recebendo curr\u00edculos, exclusivamente por e-mail, para fins de sele\u00e7\u00e3o e contrata\u00e7\u00e3o tempor\u00e1ria de 01 (um) professor de <strong>F\u00edsica<\/strong>, no(a) <strong>COL\u00c9GIO ESTADUAL DR PEDRO LUDOVICO TEIXEIRA<\/strong>. A presente medida visa evitar a interrup\u00e7\u00e3o das atividades escolares e garantir a continuidade do processo de ensino e aprendizagem, resguardando o direito constitucional \u00e0 educa\u00e7\u00e3o dos estudantes da Rede Estadual de Ensino.<\/p>\n<p style=\"text-align: justify\">Os interessados devem encaminhar curr\u00edculo atualizado ao endere\u00e7o eletr\u00f4nico oficial da Assessoria Financeira da CRE de <strong>JATAI afin.crejatai@seduc.go.gov.br<\/strong>, informando contatos telef\u00f4nicos e endere\u00e7o de e-mail para retorno.<\/p>\n<p style=\"text-align: justify\">Para a an\u00e1lise dos curr\u00edculos, ser\u00e1 constitu\u00edda comiss\u00e3o espec\u00edfica no \u00e2mbito da Coordena\u00e7\u00e3o Regional de Educa\u00e7\u00e3o de <strong>JATAI<\/strong>, composta por membros desta unidade administrativa, a qual adotar\u00e1 crit\u00e9rios objetivos e ison\u00f4micos na sele\u00e7\u00e3o dos profissionais, assegurando a observ\u00e2ncia dos princ\u00edpios da legalidade, impessoalidade e interesse p\u00fablico.<\/p>\n<p style=\"text-align: justify\">A presente convoca\u00e7\u00e3o emergencial pauta-se nos princ\u00edpios da continuidade do servi\u00e7o p\u00fablico e da supremacia do interesse p\u00fablico, e ser\u00e1 adotada exclusivamente nos casos em que n\u00e3o houver mais candidatos habilitados no banco vigente, conforme previsto no edital e na legisla\u00e7\u00e3o pertinente.<\/p>\n<p style=\"text-align: center\">SEDUC\/GO<\/p>\n<h2 align=\"center\"><strong style=\"color: revert;font-size: revert\">COMUNICADO<\/strong><\/h2>\n<p style=\"text-align: center\"><strong>PARA CONTRATA\u00c7\u00c3O TEMPOR\u00c1RIA<\/strong><\/p>\n<pre style=\"text-align: center\">Publica\u00e7\u00e3o: 27\/01\/2026 \nEncerramento: 29\/01\/2026 \u00e0s 18h\n<\/pre>\n<p style=\"text-align: justify\">O Governo do Estado de Goi\u00e1s, por interm\u00e9dio da Secretaria de Estado da Educa\u00e7\u00e3o, informa que, embora esteja vigente o Processo Seletivo Simplificado regido pelo Edital n\u00ba 020\/2024 \u2013 destinado \u00e0 composi\u00e7\u00e3o de banco de habilitados para contrata\u00e7\u00e3o tempor\u00e1ria de professores \u2013, no \u00e2mbito do <strong>munic\u00edpio de CHAPAD\u00c3O DO C\u00c9U<\/strong>, jurisdicionado \u00e0 Coordena\u00e7\u00e3o Regional de Educa\u00e7\u00e3o de <strong>JATAI<\/strong>, o referido banco encontra-se esgotado para a fun\u00e7\u00e3o de <strong>Professor de L\u00edngua Inglesa, 22 aulas (27 horas) semanais, no turno Matutino\/Noturno.<\/strong><\/p>\n<p style=\"text-align: justify\">Diante da inexist\u00eancia de candidatos habilitados dispon\u00edveis para convoca\u00e7\u00e3o, e considerando a exist\u00eancia de d\u00e9ficit de profissional docente, justificado pelo art. 208 da Lei n\u00ba 13.909\/2001, a Secretaria de Estado da Educa\u00e7\u00e3o deliberou pela ado\u00e7\u00e3o de procedimento emergencial de sele\u00e7\u00e3o curricular, com o objetivo de realizar contrata\u00e7\u00e3o por tempo determinado, de natureza excepcional e urgente, nos termos da Lei Estadual n\u00ba 20.918\/2020.<\/p>\n<p style=\"text-align: justify\">Nesse sentido, a Coordena\u00e7\u00e3o Regional de Educa\u00e7\u00e3o de <strong>JATAI<\/strong> est\u00e1 recebendo curr\u00edculos, exclusivamente por e-mail, para fins de sele\u00e7\u00e3o e contrata\u00e7\u00e3o tempor\u00e1ria de 01 (um) professor de <strong>L\u00edngua Inglesa<\/strong>, no(a) <strong>COL\u00c9GIO ESTADUAL EM PER\u00cdODO INTEGRAL FRUTO DA TERRA<\/strong>. A presente medida visa evitar a interrup\u00e7\u00e3o das atividades escolares e garantir a continuidade do processo de ensino e aprendizagem, resguardando o direito constitucional \u00e0 educa\u00e7\u00e3o dos estudantes da Rede Estadual de Ensino.<\/p>\n<p style=\"text-align: justify\">Os interessados devem encaminhar curr\u00edculo atualizado ao endere\u00e7o eletr\u00f4nico oficial da Assessoria Financeira da CRE de <strong>JATAI afin.crejatai@seduc.go.gov.br<\/strong>, informando contatos telef\u00f4nicos e endere\u00e7o de e-mail para retorno.<\/p>\n<p style=\"text-align: justify\">Para a an\u00e1lise dos curr\u00edculos, ser\u00e1 constitu\u00edda comiss\u00e3o espec\u00edfica no \u00e2mbito da Coordena\u00e7\u00e3o Regional de Educa\u00e7\u00e3o de <strong>JATAI<\/strong>, composta por membros desta unidade administrativa, a qual adotar\u00e1 crit\u00e9rios objetivos e ison\u00f4micos na sele\u00e7\u00e3o dos profissionais, assegurando a observ\u00e2ncia dos princ\u00edpios da legalidade, impessoalidade e interesse p\u00fablico.<\/p>\n<p style=\"text-align: justify\">A presente convoca\u00e7\u00e3o emergencial pauta-se nos princ\u00edpios da continuidade do servi\u00e7o p\u00fablico e da supremacia do interesse p\u00fablico, e ser\u00e1 adotada exclusivamente nos casos em que n\u00e3o houver mais candidatos habilitados no banco vigente, conforme previsto no edital e na legisla\u00e7\u00e3o pertinente.<\/p>\n<p style=\"text-align: center\">SEDUC\/GO<\/p>\n<h2 align=\"center\"><strong style=\"color: revert;font-size: revert\">COMUNICADO<\/strong><\/h2>\n<p style=\"text-align: center\"><strong>PARA CONTRATA\u00c7\u00c3O TEMPOR\u00c1RIA<\/strong><\/p>\n<pre style=\"text-align: center\">Publica\u00e7\u00e3o: 05\/11\/2025 \nEncerramento: 07\/11\/2025 \u00e0s 18h\n<\/pre>\n<p style=\"text-align: justify\">O Governo do Estado de Goi\u00e1s, por interm\u00e9dio da Secretaria de Estado da Educa\u00e7\u00e3o, informa que, embora esteja vigente o Processo Seletivo Simplificado regido pelo Edital n\u00ba 020\/2024 \u2013 destinado \u00e0 composi\u00e7\u00e3o de banco de habilitados para contrata\u00e7\u00e3o tempor\u00e1ria de professores \u2013, no \u00e2mbito do <strong>munic\u00edpio de JATA\u00cd<\/strong>, jurisdicionado \u00e0 Coordena\u00e7\u00e3o Regional de Educa\u00e7\u00e3o de <strong>JATAI<\/strong>, o referido banco encontra-se esgotado para a fun\u00e7\u00e3o de <strong>Professor de Matem\u00e1tica, 23 aulas (28 horas) semanais, no turno Matutino\/Vespertino.<\/strong><\/p>\n<p style=\"text-align: justify\">Diante da inexist\u00eancia de candidatos habilitados dispon\u00edveis para convoca\u00e7\u00e3o, e considerando a exist\u00eancia de d\u00e9ficit de profissional docente, justificado pelo art. 208 da Lei n\u00ba 13.909\/2001, a Secretaria de Estado da Educa\u00e7\u00e3o deliberou pela ado\u00e7\u00e3o de procedimento emergencial de sele\u00e7\u00e3o curricular, com o objetivo de realizar contrata\u00e7\u00e3o por tempo determinado, de natureza excepcional e urgente, nos termos da Lei Estadual n\u00ba 20.918\/2020.<\/p>\n<p style=\"text-align: justify\">Nesse sentido, a Coordena\u00e7\u00e3o Regional de Educa\u00e7\u00e3o de <strong>JATAI<\/strong> est\u00e1 recebendo curr\u00edculos, exclusivamente por e-mail, para fins de sele\u00e7\u00e3o e contrata\u00e7\u00e3o tempor\u00e1ria de 01 (um) professor de <strong>Matem\u00e1tica<\/strong>, no(a) <strong>ESCOLA ESTADUAL POLIVALENTE DANTE MOSCONI<\/strong>. A presente medida visa evitar a interrup\u00e7\u00e3o das atividades escolares e garantir a continuidade do processo de ensino e aprendizagem, resguardando o direito constitucional \u00e0 educa\u00e7\u00e3o dos estudantes da Rede Estadual de Ensino.<\/p>\n<p style=\"text-align: justify\">Os interessados devem encaminhar curr\u00edculo atualizado ao endere\u00e7o eletr\u00f4nico oficial da Assessoria Financeira da CRE de <strong>JATAI afin.crejatai@seduc.go.gov.br<\/strong>, informando contatos telef\u00f4nicos e endere\u00e7o de e-mail para retorno.<\/p>\n<p style=\"text-align: justify\">Para a an\u00e1lise dos curr\u00edculos, ser\u00e1 constitu\u00edda comiss\u00e3o espec\u00edfica no \u00e2mbito da Coordena\u00e7\u00e3o Regional de Educa\u00e7\u00e3o de <strong>JATAI<\/strong>, composta por membros desta unidade administrativa, a qual adotar\u00e1 crit\u00e9rios objetivos e ison\u00f4micos na sele\u00e7\u00e3o dos profissionais, assegurando a observ\u00e2ncia dos princ\u00edpios da legalidade, impessoalidade e interesse p\u00fablico.<\/p>\n<p style=\"text-align: justify\">A presente convoca\u00e7\u00e3o emergencial pauta-se nos princ\u00edpios da continuidade do servi\u00e7o p\u00fablico e da supremacia do interesse p\u00fablico, e ser\u00e1 adotada exclusivamente nos casos em que n\u00e3o houver mais candidatos habilitados no banco vigente, conforme previsto no edital e na legisla\u00e7\u00e3o pertinente.<\/p>\n<p style=\"text-align: center\">SEDUC\/GO<\/p>\n<h2 align=\"center\"><strong style=\"color: revert;font-size: revert\">COMUNICADO<\/strong><\/h2>\n<p style=\"text-align: center\"><strong>PARA CONTRATA\u00c7\u00c3O TEMPOR\u00c1RIA<\/strong><\/p>\n<pre style=\"text-align: center\">Publica\u00e7\u00e3o: 17\/10\/2025 \nEncerramento: 21\/10\/2025 \u00e0s 18h\n<\/pre>\n<p style=\"text-align: justify\">O Governo do Estado de Goi\u00e1s, por interm\u00e9dio da Secretaria de Estado da Educa\u00e7\u00e3o, informa que, embora esteja vigente o Processo Seletivo Simplificado regido pelo Edital n\u00ba 020\/2024 \u2013 destinado \u00e0 composi\u00e7\u00e3o de banco de habilitados para contrata\u00e7\u00e3o tempor\u00e1ria de professores \u2013, no \u00e2mbito do <strong>munic\u00edpio de JATA\u00cd<\/strong>, jurisdicionado \u00e0 Coordena\u00e7\u00e3o Regional de Educa\u00e7\u00e3o de <strong>JATAI<\/strong>, o referido banco encontra-se esgotado para a fun\u00e7\u00e3o de <strong>Professor de Qu\u00edmica, 16 aulas (20 horas) semanais, no turno Matutino.<\/strong><\/p>\n<p style=\"text-align: justify\">Diante da inexist\u00eancia de candidatos habilitados dispon\u00edveis para convoca\u00e7\u00e3o, e considerando a exist\u00eancia de d\u00e9ficit de profissional docente, justificado pelo art. 208 da Lei n\u00ba 13.909\/2001, a Secretaria de Estado da Educa\u00e7\u00e3o deliberou pela ado\u00e7\u00e3o de procedimento emergencial de sele\u00e7\u00e3o curricular, com o objetivo de realizar contrata\u00e7\u00e3o por tempo determinado, de natureza excepcional e urgente, nos termos da Lei Estadual n\u00ba 20.918\/2020.<\/p>\n<p style=\"text-align: justify\">Nesse sentido, a Coordena\u00e7\u00e3o Regional de Educa\u00e7\u00e3o de <strong>JATAI<\/strong> est\u00e1 recebendo curr\u00edculos, exclusivamente por e-mail, para fins de sele\u00e7\u00e3o e contrata\u00e7\u00e3o tempor\u00e1ria de 01 (um) professor de <strong>Qu\u00edmica<\/strong>, no(a) <strong>COL\u00c9GIO ESTADUAL DA POL\u00cdCIA MILITAR DE GOI\u00c1S NEST\u00d3RIO RIBEIRO<\/strong>. A presente medida visa evitar a interrup\u00e7\u00e3o das atividades escolares e garantir a continuidade do processo de ensino e aprendizagem, resguardando o direito constitucional \u00e0 educa\u00e7\u00e3o dos estudantes da Rede Estadual de Ensino.<\/p>\n<p style=\"text-align: justify\">Os interessados devem encaminhar curr\u00edculo atualizado ao endere\u00e7o eletr\u00f4nico oficial da Assessoria Financeira da CRE de <strong>JATAI afin.crejatai@seduc.go.gov.br<\/strong>, informando contatos telef\u00f4nicos e endere\u00e7o de e-mail para retorno.<\/p>\n<p style=\"text-align: justify\">Para a an\u00e1lise dos curr\u00edculos, ser\u00e1 constitu\u00edda comiss\u00e3o espec\u00edfica no \u00e2mbito da Coordena\u00e7\u00e3o Regional de Educa\u00e7\u00e3o de <strong>JATAI<\/strong>, composta por membros desta unidade administrativa, a qual adotar\u00e1 crit\u00e9rios objetivos e ison\u00f4micos na sele\u00e7\u00e3o dos profissionais, assegurando a observ\u00e2ncia dos princ\u00edpios da legalidade, impessoalidade e interesse p\u00fablico.<\/p>\n<p style=\"text-align: justify\">A presente convoca\u00e7\u00e3o emergencial pauta-se nos princ\u00edpios da continuidade do servi\u00e7o p\u00fablico e da supremacia do interesse p\u00fablico, e ser\u00e1 adotada exclusivamente nos casos em que n\u00e3o houver mais candidatos habilitados no banco vigente, conforme previsto no edital e na legisla\u00e7\u00e3o pertinente.<\/p>\n<p style=\"text-align: center\">SEDUC\/GO<\/p>\n<h2 align=\"center\"><strong style=\"color: revert;font-size: revert\">COMUNICADO<\/strong><\/h2>\n<p style=\"text-align: center\"><strong>PARA CONTRATA\u00c7\u00c3O TEMPOR\u00c1RIA<\/strong><\/p>\n<pre style=\"text-align: center\">Publica\u00e7\u00e3o: 16\/10\/2025 \nEncerramento: 20\/10\/2025 \u00e0s 18h\n<\/pre>\n<p style=\"text-align: justify\">O Governo do Estado de Goi\u00e1s, por interm\u00e9dio da Secretaria de Estado da Educa\u00e7\u00e3o, informa que, embora esteja vigente o Processo Seletivo Simplificado regido pelo Edital n\u00ba 020\/2024 \u2013 destinado \u00e0 composi\u00e7\u00e3o de banco de habilitados para contrata\u00e7\u00e3o tempor\u00e1ria de professores \u2013, no \u00e2mbito do <strong>munic\u00edpio de ITARUM\u00c3<\/strong>, jurisdicionado \u00e0 Coordena\u00e7\u00e3o Regional de Educa\u00e7\u00e3o de <strong>JATAI<\/strong>, o referido banco encontra-se esgotado para a fun\u00e7\u00e3o de <strong>Professor de Pedagogia, 32 aulas (40 horas) semanais, no turno Matutino\/Noturno.<\/strong><\/p>\n<p style=\"text-align: justify\">Diante da inexist\u00eancia de candidatos habilitados dispon\u00edveis para convoca\u00e7\u00e3o, e considerando a exist\u00eancia de d\u00e9ficit de profissional docente, justificado pelo art. 208 da Lei n\u00ba 13.909\/2001, a Secretaria de Estado da Educa\u00e7\u00e3o deliberou pela ado\u00e7\u00e3o de procedimento emergencial de sele\u00e7\u00e3o curricular, com o objetivo de realizar contrata\u00e7\u00e3o por tempo determinado, de natureza excepcional e urgente, nos termos da Lei Estadual n\u00ba 20.918\/2020.<\/p>\n<p style=\"text-align: justify\">Nesse sentido, a Coordena\u00e7\u00e3o Regional de Educa\u00e7\u00e3o de <strong>JATAI<\/strong> est\u00e1 recebendo curr\u00edculos, exclusivamente por e-mail, para fins de sele\u00e7\u00e3o e contrata\u00e7\u00e3o tempor\u00e1ria de 01 (um) professor de <strong>Pedagogia<\/strong>, no(a) <strong>COL\u00c9GIO ESTADUAL COELHO NETO<\/strong>. A presente medida visa evitar a interrup\u00e7\u00e3o das atividades escolares e garantir a continuidade do processo de ensino e aprendizagem, resguardando o direito constitucional \u00e0 educa\u00e7\u00e3o dos estudantes da Rede Estadual de Ensino.<\/p>\n<p style=\"text-align: justify\">Os interessados devem encaminhar curr\u00edculo atualizado ao endere\u00e7o eletr\u00f4nico oficial da Assessoria Financeira da CRE de <strong>JATAI afin.crejatai@seduc.go.gov.br<\/strong>, informando contatos telef\u00f4nicos e endere\u00e7o de e-mail para retorno.<\/p>\n<p style=\"text-align: justify\">Para a an\u00e1lise dos curr\u00edculos, ser\u00e1 constitu\u00edda comiss\u00e3o espec\u00edfica no \u00e2mbito da Coordena\u00e7\u00e3o Regional de Educa\u00e7\u00e3o de <strong>JATAI<\/strong>, composta por membros desta unidade administrativa, a qual adotar\u00e1 crit\u00e9rios objetivos e ison\u00f4micos na sele\u00e7\u00e3o dos profissionais, assegurando a observ\u00e2ncia dos princ\u00edpios da legalidade, impessoalidade e interesse p\u00fablico.<\/p>\n<p style=\"text-align: justify\">A presente convoca\u00e7\u00e3o emergencial pauta-se nos princ\u00edpios da continuidade do servi\u00e7o p\u00fablico e da supremacia do interesse p\u00fablico, e ser\u00e1 adotada exclusivamente nos casos em que n\u00e3o houver mais candidatos habilitados no banco vigente, conforme previsto no edital e na legisla\u00e7\u00e3o pertinente.<\/p>\n<p style=\"text-align: center\">SEDUC\/GO<\/p>\n<h2 align=\"center\"><strong style=\"color: revert;font-size: revert\">COMUNICADO<\/strong><\/h2>\n<p style=\"text-align: center\"><strong>PARA CONTRATA\u00c7\u00c3O TEMPOR\u00c1RIA<\/strong><\/p>\n<pre style=\"text-align: center\">Publica\u00e7\u00e3o: 16\/10\/2025 \nEncerramento: 20\/10\/2025 \u00e0s 18h\n<\/pre>\n<p style=\"text-align: justify\">O Governo do Estado de Goi\u00e1s, por interm\u00e9dio da Secretaria de Estado da Educa\u00e7\u00e3o, informa que, embora esteja vigente o Processo Seletivo Simplificado regido pelo Edital n\u00ba 020\/2024 \u2013 destinado \u00e0 composi\u00e7\u00e3o de banco de habilitados para contrata\u00e7\u00e3o tempor\u00e1ria de professores \u2013, no \u00e2mbito do <strong>munic\u00edpio de JATA\u00cd<\/strong>, jurisdicionado \u00e0 Coordena\u00e7\u00e3o Regional de Educa\u00e7\u00e3o de <strong>JATAI<\/strong>, o referido banco encontra-se esgotado para a fun\u00e7\u00e3o de <strong>Professor de Matem\u00e1tica, 32 aulas (40 horas) semanais, no turno Matutino\/Vespertino.<\/strong><\/p>\n<p style=\"text-align: justify\">Diante da inexist\u00eancia de candidatos habilitados dispon\u00edveis para convoca\u00e7\u00e3o, e considerando a exist\u00eancia de d\u00e9ficit de profissional docente, justificado pelo art. 208 da Lei n\u00ba 13.909\/2001, a Secretaria de Estado da Educa\u00e7\u00e3o deliberou pela ado\u00e7\u00e3o de procedimento emergencial de sele\u00e7\u00e3o curricular, com o objetivo de realizar contrata\u00e7\u00e3o por tempo determinado, de natureza excepcional e urgente, nos termos da Lei Estadual n\u00ba 20.918\/2020.<\/p>\n<p style=\"text-align: justify\">Nesse sentido, a Coordena\u00e7\u00e3o Regional de Educa\u00e7\u00e3o de <strong>JATAI<\/strong> est\u00e1 recebendo curr\u00edculos, exclusivamente por e-mail, para fins de sele\u00e7\u00e3o e contrata\u00e7\u00e3o tempor\u00e1ria de 01 (um) professor de <strong>Matem\u00e1tica<\/strong>, no(a) <strong>CENTRO DE ENSINO EM PERIODO INTEGRAL JOS\u00c9 FELICIANO FERREIRA<\/strong>. A presente medida visa evitar a interrup\u00e7\u00e3o das atividades escolares e garantir a continuidade do processo de ensino e aprendizagem, resguardando o direito constitucional \u00e0 educa\u00e7\u00e3o dos estudantes da Rede Estadual de Ensino.<\/p>\n<p style=\"text-align: justify\">Os interessados devem encaminhar curr\u00edculo atualizado ao endere\u00e7o eletr\u00f4nico oficial da Assessoria Financeira da CRE de <strong>JATAI afin.crejatai@seduc.go.gov.br<\/strong>, informando contatos telef\u00f4nicos e endere\u00e7o de e-mail para retorno.<\/p>\n<p style=\"text-align: justify\">Para a an\u00e1lise dos curr\u00edculos, ser\u00e1 constitu\u00edda comiss\u00e3o espec\u00edfica no \u00e2mbito da Coordena\u00e7\u00e3o Regional de Educa\u00e7\u00e3o de <strong>JATAI<\/strong>, composta por membros desta unidade administrativa, a qual adotar\u00e1 crit\u00e9rios objetivos e ison\u00f4micos na sele\u00e7\u00e3o dos profissionais, assegurando a observ\u00e2ncia dos princ\u00edpios da legalidade, impessoalidade e interesse p\u00fablico.<\/p>\n<p style=\"text-align: justify\">A presente convoca\u00e7\u00e3o emergencial pauta-se nos princ\u00edpios da continuidade do servi\u00e7o p\u00fablico e da supremacia do interesse p\u00fablico, e ser\u00e1 adotada exclusivamente nos casos em que n\u00e3o houver mais candidatos habilitados no banco vigente, conforme previsto no edital e na legisla\u00e7\u00e3o pertinente.<\/p>\n<p style=\"text-align: center\">SEDUC\/GO<\/p>\n<h2 align=\"center\"><strong style=\"color: revert;font-size: revert\">COMUNICADO &#8211; REITERADO<\/strong><\/h2>\n<p style=\"text-align: center\"><strong>PARA CONTRATA\u00c7\u00c3O TEMPOR\u00c1RIA<\/strong><\/p>\n<pre style=\"text-align: center\">Publica\u00e7\u00e3o: 01\/10\/2025 \nEncerramento: 03\/10\/2025 \u00e0s 18h\n<\/pre>\n<p style=\"text-align: justify\">O Governo do Estado de Goi\u00e1s, por interm\u00e9dio da Secretaria de Estado da Educa\u00e7\u00e3o, informa que, embora esteja vigente o Processo Seletivo Simplificado regido pelo Edital n\u00ba 020\/2024 \u2013 destinado \u00e0 composi\u00e7\u00e3o de banco de habilitados para contrata\u00e7\u00e3o tempor\u00e1ria de professores \u2013, no \u00e2mbito do <strong>munic\u00edpio de JATA\u00cd<\/strong>, jurisdicionado \u00e0 Coordena\u00e7\u00e3o Regional de Educa\u00e7\u00e3o de <strong>JATAI<\/strong>, o referido banco encontra-se esgotado para a fun\u00e7\u00e3o de <strong>Professor de Matem\u00e1tica<\/strong><\/p>\n<p style=\"text-align: justify\">Diante da inexist\u00eancia de candidatos habilitados dispon\u00edveis para convoca\u00e7\u00e3o, e considerando a exist\u00eancia de d\u00e9ficit de profissional docente, justificado pelo art. 208 da Lei n\u00ba 13.909\/2001, a Secretaria de Estado da Educa\u00e7\u00e3o deliberou pela ado\u00e7\u00e3o de procedimento emergencial de sele\u00e7\u00e3o curricular, com o objetivo de realizar contrata\u00e7\u00e3o por tempo determinado, de natureza excepcional e urgente, nos termos da Lei Estadual n\u00ba 20.918\/2020.<\/p>\n<p style=\"text-align: justify\">Nesse sentido, a Coordena\u00e7\u00e3o Regional de Educa\u00e7\u00e3o de <strong>JATAI<\/strong> est\u00e1 recebendo curr\u00edculos, exclusivamente por e-mail, para fins de sele\u00e7\u00e3o e contrata\u00e7\u00e3o tempor\u00e1ria de 01 (um) professor de <strong>Matem\u00e1tica<\/strong>, no(a) <strong>COL\u00c9GIO ESTADUAL PROFESSORA TA\u00cdS SANTOS NEVES CARVALHO<\/strong>. A presente medida visa evitar a interrup\u00e7\u00e3o das atividades escolares e garantir a continuidade do processo de ensino e aprendizagem, resguardando o direito constitucional \u00e0 educa\u00e7\u00e3o dos estudantes da Rede Estadual de Ensino.<\/p>\n<p style=\"text-align: justify\">Os interessados devem encaminhar curr\u00edculo atualizado ao endere\u00e7o eletr\u00f4nico oficial da Assessoria Financeira da CRE de <strong>JATAI afin.crejatai@seduc.go.gov.br<\/strong>, informando contatos telef\u00f4nicos e endere\u00e7o de e-mail para retorno.<\/p>\n<p style=\"text-align: justify\">Para a an\u00e1lise dos curr\u00edculos, ser\u00e1 constitu\u00edda comiss\u00e3o espec\u00edfica no \u00e2mbito da Coordena\u00e7\u00e3o Regional de Educa\u00e7\u00e3o de <strong>JATAI<\/strong>, composta por membros desta unidade administrativa, a qual adotar\u00e1 crit\u00e9rios objetivos e ison\u00f4micos na sele\u00e7\u00e3o dos profissionais, assegurando a observ\u00e2ncia dos princ\u00edpios da legalidade, impessoalidade e interesse p\u00fablico.<\/p>\n<p style=\"text-align: justify\">A presente convoca\u00e7\u00e3o emergencial pauta-se nos princ\u00edpios da continuidade do servi\u00e7o p\u00fablico e da supremacia do interesse p\u00fablico, e ser\u00e1 adotada exclusivamente nos casos em que n\u00e3o houver mais candidatos habilitados no banco vigente, conforme previsto no edital e na legisla\u00e7\u00e3o pertinente.<\/p>\n<p style=\"text-align: center\">SEDUC\/GO<\/p>\n<hr \/>\n<h2 align=\"center\"><strong style=\"color: revert;font-size: revert\">COMUNICADO<\/strong><\/h2>\n<p style=\"text-align: center\"><strong>PARA CONTRATA\u00c7\u00c3O TEMPOR\u00c1RIA<\/strong><\/p>\n<pre style=\"text-align: center\">Publica\u00e7\u00e3o: 22\/09\/2025 \nEncerramento: 24\/09\/2025 \u00e0s 18h\n<\/pre>\n<h4 style=\"text-align: center\"><strong><span style=\"color: #ff0000\">ENCERRADO<\/span><\/strong><\/h4>\n<p style=\"text-align: justify\">O Governo do Estado de Goi\u00e1s, por interm\u00e9dio da Secretaria de Estado da Educa\u00e7\u00e3o, informa que, embora esteja vigente o Processo Seletivo Simplificado regido pelo Edital n\u00ba 020\/2024 \u2013 destinado \u00e0 composi\u00e7\u00e3o de banco de habilitados para contrata\u00e7\u00e3o tempor\u00e1ria de professores \u2013, no \u00e2mbito do <strong>munic\u00edpio de JATA\u00cd<\/strong>, jurisdicionado \u00e0 Coordena\u00e7\u00e3o Regional de Educa\u00e7\u00e3o de <strong>JATAI<\/strong>, o referido banco encontra-se esgotado para a fun\u00e7\u00e3o de <strong>Professor de Matem\u00e1tica<\/strong><\/p>\n<p style=\"text-align: justify\">Diante da inexist\u00eancia de candidatos habilitados dispon\u00edveis para convoca\u00e7\u00e3o, e considerando a exist\u00eancia de d\u00e9ficit de profissional docente, justificado pelo art. 208 da Lei n\u00ba 13.909\/2001, a Secretaria de Estado da Educa\u00e7\u00e3o deliberou pela ado\u00e7\u00e3o de procedimento emergencial de sele\u00e7\u00e3o curricular, com o objetivo de realizar contrata\u00e7\u00e3o por tempo determinado, de natureza excepcional e urgente, nos termos da Lei Estadual n\u00ba 20.918\/2020.<\/p>\n<p style=\"text-align: justify\">Nesse sentido, a Coordena\u00e7\u00e3o Regional de Educa\u00e7\u00e3o de <strong>JATAI<\/strong> est\u00e1 recebendo curr\u00edculos, exclusivamente por e-mail, para fins de sele\u00e7\u00e3o e contrata\u00e7\u00e3o tempor\u00e1ria de 01 (um) professor de <strong>Matem\u00e1tica<\/strong>, no(a) <strong>COL\u00c9GIO ESTADUAL PROFESSORA TA\u00cdS SANTOS NEVES CARVALHO<\/strong>. A presente medida visa evitar a interrup\u00e7\u00e3o das atividades escolares e garantir a continuidade do processo de ensino e aprendizagem, resguardando o direito constitucional \u00e0 educa\u00e7\u00e3o dos estudantes da Rede Estadual de Ensino.<\/p>\n<p style=\"text-align: justify\">Os interessados devem encaminhar curr\u00edculo atualizado ao endere\u00e7o eletr\u00f4nico oficial da Assessoria Financeira da CRE de <strong>JATAI afin.crejatai@seduc.go.gov.br<\/strong>, informando contatos telef\u00f4nicos e endere\u00e7o de e-mail para retorno.<\/p>\n<p style=\"text-align: justify\">Para a an\u00e1lise dos curr\u00edculos, ser\u00e1 constitu\u00edda comiss\u00e3o espec\u00edfica no \u00e2mbito da Coordena\u00e7\u00e3o Regional de Educa\u00e7\u00e3o de <strong>JATAI<\/strong>, composta por membros desta unidade administrativa, a qual adotar\u00e1 crit\u00e9rios objetivos e ison\u00f4micos na sele\u00e7\u00e3o dos profissionais, assegurando a observ\u00e2ncia dos princ\u00edpios da legalidade, impessoalidade e interesse p\u00fablico.<\/p>\n<p style=\"text-align: justify\">A presente convoca\u00e7\u00e3o emergencial pauta-se nos princ\u00edpios da continuidade do servi\u00e7o p\u00fablico e da supremacia do interesse p\u00fablico, e ser\u00e1 adotada exclusivamente nos casos em que n\u00e3o houver mais candidatos habilitados no banco vigente, conforme previsto no edital e na legisla\u00e7\u00e3o pertinente.<\/p>\n<p style=\"text-align: center\">SEDUC\/GO<\/p>\n<hr \/>\n<h2 align=\"center\"><strong style=\"color: revert;font-size: revert\">COMUNICADO<\/strong><\/h2>\n<p style=\"text-align: center\"><strong>PARA CONTRATA\u00c7\u00c3O TEMPOR\u00c1RIA<\/strong><\/p>\n<pre style=\"text-align: center\">Publica\u00e7\u00e3o: 05\/09\/2025 \nEncerramento: 09\/09\/2025 \u00e0s 18h\n<\/pre>\n<h4 style=\"text-align: center\"><strong><span style=\"color: #ff0000\">ENCERRADO<\/span><\/strong><\/h4>\n<p style=\"text-align: justify\">O Governo do Estado de Goi\u00e1s, por interm\u00e9dio da Secretaria de Estado da Educa\u00e7\u00e3o, informa que, embora esteja vigente o Processo Seletivo Simplificado regido pelo Edital n\u00ba 020\/2024 \u2013 destinado \u00e0 composi\u00e7\u00e3o de banco de habilitados para contrata\u00e7\u00e3o tempor\u00e1ria de professores \u2013, no \u00e2mbito do <strong>munic\u00edpio de ITAJ\u00c1<\/strong>, jurisdicionado \u00e0 Coordena\u00e7\u00e3o Regional de Educa\u00e7\u00e3o de <strong>JATAI<\/strong>, o referido banco encontra-se esgotado para a fun\u00e7\u00e3o de <strong>Professor de Pedagogia<\/strong><\/p>\n<p style=\"text-align: justify\">Diante da inexist\u00eancia de candidatos habilitados dispon\u00edveis para convoca\u00e7\u00e3o, e considerando a exist\u00eancia de d\u00e9ficit de profissional docente, justificado pelo art. 208 da Lei n\u00ba 13.909\/2001, a Secretaria de Estado da Educa\u00e7\u00e3o deliberou pela ado\u00e7\u00e3o de procedimento emergencial de sele\u00e7\u00e3o curricular, com o objetivo de realizar contrata\u00e7\u00e3o por tempo determinado, de natureza excepcional e urgente, nos termos da Lei Estadual n\u00ba 20.918\/2020.<\/p>\n<p style=\"text-align: justify\">Nesse sentido, a Coordena\u00e7\u00e3o Regional de Educa\u00e7\u00e3o de <strong>JATAI<\/strong> est\u00e1 recebendo curr\u00edculos, exclusivamente por e-mail, para fins de sele\u00e7\u00e3o e contrata\u00e7\u00e3o tempor\u00e1ria de 01 (um) professor de <strong>Pedagogia<\/strong>, no(a) <strong>COL\u00c9GIO ESTADUAL PRESIDENTE CASTELO BRANCO<\/strong>. A presente medida visa evitar a interrup\u00e7\u00e3o das atividades escolares e garantir a continuidade do processo de ensino e aprendizagem, resguardando o direito constitucional \u00e0 educa\u00e7\u00e3o dos estudantes da Rede Estadual de Ensino.<\/p>\n<p style=\"text-align: justify\">Os interessados devem encaminhar curr\u00edculo atualizado ao endere\u00e7o eletr\u00f4nico oficial da Assessoria Financeira da CRE de <strong>JATAI afin.crejatai@seduc.go.gov.br<\/strong>, informando contatos telef\u00f4nicos e endere\u00e7o de e-mail para retorno.<\/p>\n<p style=\"text-align: justify\">Para a an\u00e1lise dos curr\u00edculos, ser\u00e1 constitu\u00edda comiss\u00e3o espec\u00edfica no \u00e2mbito da Coordena\u00e7\u00e3o Regional de Educa\u00e7\u00e3o de <strong>JATAI<\/strong>, composta por membros desta unidade administrativa, a qual adotar\u00e1 crit\u00e9rios objetivos e ison\u00f4micos na sele\u00e7\u00e3o dos profissionais, assegurando a observ\u00e2ncia dos princ\u00edpios da legalidade, impessoalidade e interesse p\u00fablico.<\/p>\n<p style=\"text-align: justify\">A presente convoca\u00e7\u00e3o emergencial pauta-se nos princ\u00edpios da continuidade do servi\u00e7o p\u00fablico e da supremacia do interesse p\u00fablico, e ser\u00e1 adotada exclusivamente nos casos em que n\u00e3o houver mais candidatos habilitados no banco vigente, conforme previsto no edital e na legisla\u00e7\u00e3o pertinente.<\/p>\n<p style=\"text-align: center\">SEDUC\/GO<\/p>\n<hr \/>\n<h2 align=\"center\"><strong style=\"color: revert;font-size: revert\">COMUNICADO<\/strong><\/h2>\n<p style=\"text-align: center\"><strong>PARA CONTRATA\u00c7\u00c3O TEMPOR\u00c1RIA<\/strong><\/p>\n<pre style=\"text-align: center\">Publica\u00e7\u00e3o: 25\/08\/2025 \nEncerramento: 27\/08\/2025 \u00e0s 18h\n<\/pre>\n<h4 style=\"text-align: center\"><strong><span style=\"color: #ff0000\">ENCERRADO<\/span><\/strong><\/h4>\n<p style=\"text-align: justify\" data-c=\"13\">O Governo do Estado de Goi\u00e1s, por interm\u00e9dio da Secretaria de Estado da Educa\u00e7\u00e3o, informa que, embora esteja vigente o Processo Seletivo Simplificado regido pelo Edital n\u00ba 020\/2024 \u2013 destinado \u00e0 composi\u00e7\u00e3o de banco de habilitados para contrata\u00e7\u00e3o tempor\u00e1ria de professores \u2013, no \u00e2mbito do\u00a0<strong>munic\u00edpio de Jata\u00ed<\/strong>, jurisdicionado \u00e0 Coordena\u00e7\u00e3o Regional de Educa\u00e7\u00e3o (CRE) de\u00a0<strong>Jata\u00ed<\/strong>, o referido banco encontra-se esgotado para a fun\u00e7\u00e3o de professor de\u00a0<strong>Artes<\/strong>.<\/p>\n<p style=\"text-align: justify\" data-c=\"14\">Diante da inexist\u00eancia de candidatos habilitados dispon\u00edveis para convoca\u00e7\u00e3o, e considerando a exist\u00eancia de d\u00e9ficit de profissional docente, justificado pelo art. 208 da Lei n\u00ba 13.909\/2001, a Secretaria de Estado da Educa\u00e7\u00e3o deliberou pela ado\u00e7\u00e3o de procedimento emergencial de sele\u00e7\u00e3o curricular, com o objetivo de realizar contrata\u00e7\u00e3o por tempo determinado, de natureza excepcional e urgente, nos termos da Lei Estadual n\u00ba 20.918\/2020.<\/p>\n<p style=\"text-align: justify\" data-c=\"15\">Nesse sentido, a Coordena\u00e7\u00e3o Regional de Educa\u00e7\u00e3o de\u00a0<strong>Jata\u00ed<\/strong>\u00a0est\u00e1 recebendo curr\u00edculos, exclusivamente por e-mail, para fins de sele\u00e7\u00e3o e contrata\u00e7\u00e3o tempor\u00e1ria de\u00a0<strong>01 (um) professor de<\/strong>\u00a0<strong>Artes,\u00a0<\/strong>no<strong>\u00a0<\/strong><strong>Centro de Ensino em Per\u00edodo Integral Serafim de Carvalho<\/strong>. A presente medida visa evitar a interrup\u00e7\u00e3o das atividades escolares e garantir a continuidade do processo de ensino e aprendizagem, resguardando o direito constitucional \u00e0 educa\u00e7\u00e3o dos estudantes da Rede Estadual de Ensino.<\/p>\n<p style=\"text-align: justify\" data-c=\"16\">Os interessados devem encaminhar curr\u00edculo atualizado ao endere\u00e7o eletr\u00f4nico oficial da Assessoria Financeira da CRE de\u00a0<strong>Jata\u00ed<\/strong> (<strong>afin.crejatai@seduc.go.gov.br<\/strong>), informando contatos telef\u00f4nicos e endere\u00e7o de e-mail para retorno.<\/p>\n<p style=\"text-align: justify\" data-c=\"17\">Para a an\u00e1lise dos curr\u00edculos, ser\u00e1 constitu\u00edda comiss\u00e3o espec\u00edfica no \u00e2mbito da Coordena\u00e7\u00e3o Regional de Educa\u00e7\u00e3o\u00a0<strong>de Jata\u00ed<\/strong>, composta por membros desta unidade administrativa, a qual adotar\u00e1 crit\u00e9rios objetivos e ison\u00f4micos na sele\u00e7\u00e3o dos profissionais, assegurando a observ\u00e2ncia dos princ\u00edpios da legalidade, impessoalidade e interesse p\u00fablico.<\/p>\n<p style=\"text-align: justify\" data-c=\"18\">A presente convoca\u00e7\u00e3o emergencial pauta-se nos princ\u00edpios da continuidade do servi\u00e7o p\u00fablico e da supremacia do interesse p\u00fablico, e ser\u00e1 adotada exclusivamente nos casos em que n\u00e3o houver mais candidatos habilitados no banco vigente, conforme previsto no edital e na legisla\u00e7\u00e3o pertinente.<\/p>\n<p style=\"text-align: center\">SEDUC\/GO<\/p>\n<hr \/>\n<h2 align=\"center\"><strong style=\"color: revert;font-size: revert\">COMUNICADO<\/strong><\/h2>\n<p style=\"text-align: center\"><strong>PARA CONTRATA\u00c7\u00c3O TEMPOR\u00c1RIA<\/strong><\/p>\n<pre style=\"text-align: center\">Publica\u00e7\u00e3o: 07\/08\/2025 \nEncerramento: 11\/08\/2025 \u00e0s 18h\n<\/pre>\n<h4 style=\"text-align: center\"><strong><span style=\"color: #ff0000\">ENCERRADO<\/span><\/strong><\/h4>\n<p style=\"text-align: justify\">O Governo do Estado de Goi\u00e1s, por interm\u00e9dio da Secretaria de Estado da Educa\u00e7\u00e3o, informa que, embora esteja vigente o Processo Seletivo Simplificado regido pelo Edital n\u00ba 020\/2024 \u2013 destinado \u00e0 composi\u00e7\u00e3o de banco de habilitados para contrata\u00e7\u00e3o tempor\u00e1ria de professores \u2013, no \u00e2mbito do <strong>munic\u00edpio de CA\u00c7U<\/strong>, jurisdicionado \u00e0 Coordena\u00e7\u00e3o Regional de Educa\u00e7\u00e3o de <strong>JATAI<\/strong>, o referido banco encontra-se esgotado para a fun\u00e7\u00e3o de <strong>Professor de Pedagogia<\/strong><\/p>\n<p style=\"text-align: justify\">Diante da inexist\u00eancia de candidatos habilitados dispon\u00edveis para convoca\u00e7\u00e3o, e considerando a exist\u00eancia de d\u00e9ficit de profissional docente, justificado pelo art. 208 da Lei n\u00ba 13.909\/2001, a Secretaria de Estado da Educa\u00e7\u00e3o deliberou pela ado\u00e7\u00e3o de procedimento emergencial de sele\u00e7\u00e3o curricular, com o objetivo de realizar contrata\u00e7\u00e3o por tempo determinado, de natureza excepcional e urgente, nos termos da Lei Estadual n\u00ba 20.918\/2020.<\/p>\n<p style=\"text-align: justify\">Nesse sentido, a Coordena\u00e7\u00e3o Regional de Educa\u00e7\u00e3o de <strong>JATAI<\/strong> est\u00e1 recebendo curr\u00edculos, exclusivamente por e-mail, para fins de sele\u00e7\u00e3o e contrata\u00e7\u00e3o tempor\u00e1ria de 01 (um) professor de <strong>Pedagogia<\/strong>, no(a) <strong>ESCOLA DE ENSINO ESPECIAL MIGUEL VICENTE DA SILVA<\/strong>. A presente medida visa evitar a interrup\u00e7\u00e3o das atividades escolares e garantir a continuidade do processo de ensino e aprendizagem, resguardando o direito constitucional \u00e0 educa\u00e7\u00e3o dos estudantes da Rede Estadual de Ensino.<\/p>\n<p style=\"text-align: justify\">Os interessados devem encaminhar curr\u00edculo atualizado ao endere\u00e7o eletr\u00f4nico oficial da Assessoria Financeira da CRE de <strong>JATAI afin.crejatai@seduc.go.gov.br<\/strong>, informando contatos telef\u00f4nicos e endere\u00e7o de e-mail para retorno.<\/p>\n<p style=\"text-align: justify\">Para a an\u00e1lise dos curr\u00edculos, ser\u00e1 constitu\u00edda comiss\u00e3o espec\u00edfica no \u00e2mbito da Coordena\u00e7\u00e3o Regional de Educa\u00e7\u00e3o de <strong>JATAI<\/strong>, composta por membros desta unidade administrativa, a qual adotar\u00e1 crit\u00e9rios objetivos e ison\u00f4micos na sele\u00e7\u00e3o dos profissionais, assegurando a observ\u00e2ncia dos princ\u00edpios da legalidade, impessoalidade e interesse p\u00fablico.<\/p>\n<p style=\"text-align: justify\">A presente convoca\u00e7\u00e3o emergencial pauta-se nos princ\u00edpios da continuidade do servi\u00e7o p\u00fablico e da supremacia do interesse p\u00fablico, e ser\u00e1 adotada exclusivamente nos casos em que n\u00e3o houver mais candidatos habilitados no banco vigente, conforme previsto no edital e na legisla\u00e7\u00e3o pertinente.<\/p>\n<p style=\"text-align: center\">SEDUC\/GO<\/p>\n<hr \/>\n<h2 align=\"center\"><strong style=\"color: revert;font-size: revert\">COMUNICADO<\/strong><\/h2>\n<p style=\"text-align: center\"><strong>PARA CONTRATA\u00c7\u00c3O TEMPOR\u00c1RIA<\/strong><\/p>\n<pre style=\"text-align: center\">Publica\u00e7\u00e3o: 07\/08\/2025 \nEncerramento: 11\/08\/2025 \u00e0s 18h\n<\/pre>\n<h4 style=\"text-align: center\"><strong><span style=\"color: #ff0000\">ENCERRADO<\/span><\/strong><\/h4>\n<p style=\"text-align: justify\">O Governo do Estado de Goi\u00e1s, por interm\u00e9dio da Secretaria de Estado da Educa\u00e7\u00e3o, informa que, embora esteja vigente o Processo Seletivo Simplificado regido pelo Edital n\u00ba 020\/2024 \u2013 destinado \u00e0 composi\u00e7\u00e3o de banco de habilitados para contrata\u00e7\u00e3o tempor\u00e1ria de professores \u2013, no \u00e2mbito do <strong>munic\u00edpio de ITAJ\u00c1<\/strong>, jurisdicionado \u00e0 Coordena\u00e7\u00e3o Regional de Educa\u00e7\u00e3o de <strong>JATAI<\/strong>, o referido banco encontra-se esgotado para a fun\u00e7\u00e3o de <strong>Professor de Educa\u00e7\u00e3o F\u00edsica<\/strong><\/p>\n<p style=\"text-align: justify\">Diante da inexist\u00eancia de candidatos habilitados dispon\u00edveis para convoca\u00e7\u00e3o, e considerando a exist\u00eancia de d\u00e9ficit de profissional docente, justificado pelo art. 208 da Lei n\u00ba 13.909\/2001, a Secretaria de Estado da Educa\u00e7\u00e3o deliberou pela ado\u00e7\u00e3o de procedimento emergencial de sele\u00e7\u00e3o curricular, com o objetivo de realizar contrata\u00e7\u00e3o por tempo determinado, de natureza excepcional e urgente, nos termos da Lei Estadual n\u00ba 20.918\/2020.<\/p>\n<p style=\"text-align: justify\">Nesse sentido, a Coordena\u00e7\u00e3o Regional de Educa\u00e7\u00e3o de <strong>JATAI<\/strong> est\u00e1 recebendo curr\u00edculos, exclusivamente por e-mail, para fins de sele\u00e7\u00e3o e contrata\u00e7\u00e3o tempor\u00e1ria de 01 (um) professor de <strong>Educa\u00e7\u00e3o F\u00edsica<\/strong>, no(a) <strong>COL\u00c9GIO ESTADUAL PRESIDENTE CASTELO BRANCO<\/strong>. A presente medida visa evitar a interrup\u00e7\u00e3o das atividades escolares e garantir a continuidade do processo de ensino e aprendizagem, resguardando o direito constitucional \u00e0 educa\u00e7\u00e3o dos estudantes da Rede Estadual de Ensino.<\/p>\n<p style=\"text-align: justify\">Os interessados devem encaminhar curr\u00edculo atualizado ao endere\u00e7o eletr\u00f4nico oficial da Assessoria Financeira da CRE de <strong>JATAI afin.crejatai@seduc.go.gov.br<\/strong>, informando contatos telef\u00f4nicos e endere\u00e7o de e-mail para retorno.<\/p>\n<p style=\"text-align: justify\">Para a an\u00e1lise dos curr\u00edculos, ser\u00e1 constitu\u00edda comiss\u00e3o espec\u00edfica no \u00e2mbito da Coordena\u00e7\u00e3o Regional de Educa\u00e7\u00e3o de <strong>JATAI<\/strong>, composta por membros desta unidade administrativa, a qual adotar\u00e1 crit\u00e9rios objetivos e ison\u00f4micos na sele\u00e7\u00e3o dos profissionais, assegurando a observ\u00e2ncia dos princ\u00edpios da legalidade, impessoalidade e interesse p\u00fablico.<\/p>\n<p style=\"text-align: justify\">A presente convoca\u00e7\u00e3o emergencial pauta-se nos princ\u00edpios da continuidade do servi\u00e7o p\u00fablico e da supremacia do interesse p\u00fablico, e ser\u00e1 adotada exclusivamente nos casos em que n\u00e3o houver mais candidatos habilitados no banco vigente, conforme previsto no edital e na legisla\u00e7\u00e3o pertinente.<\/p>\n<p style=\"text-align: center\">SEDUC\/GO<\/p>\n<hr \/>\n<h3 style=\"text-align: center\">COMUNICADO<\/h3>\n<p align=\"center\"><strong>PARA CONTRATA\u00c7\u00c3O TEMPOR\u00c1RIA<\/strong><\/p>\n<pre style=\"text-align: center\">Publica\u00e7\u00e3o: 07\/08\/2025\nEncerramento: 11\/08\/2025 \u00e0s 18h<\/pre>\n<h4 style=\"text-align: center\"><strong><span style=\"color: #ff0000\">ENCERRADO<\/span><\/strong><\/h4>\n<p style=\"text-align: justify\" data-c=\"13\">O Governo do Estado de Goi\u00e1s, por interm\u00e9dio da Secretaria de Estado da Educa\u00e7\u00e3o, informa que, embora esteja vigente o Processo Seletivo Simplificado regido pelo Edital n\u00ba 020\/2024 \u2013 destinado \u00e0 composi\u00e7\u00e3o de banco de habilitados para contrata\u00e7\u00e3o tempor\u00e1ria de professores \u2013, no \u00e2mbito do\u00a0<strong>munic\u00edpio de\u00a0<\/strong><strong>Chapad\u00e3o do C\u00e9u<\/strong>, jurisdicionado \u00e0<strong>\u00a0Coordena\u00e7\u00e3o Regional de Educa\u00e7\u00e3o (CRE) de Jata\u00ed<\/strong>, o referido banco encontra-se esgotado para a fun\u00e7\u00e3o de<strong>\u00a0Coordenador Pedag\u00f3gico \/ pedagogo<\/strong>.<\/p>\n<p style=\"text-align: justify\" data-c=\"14\">Diante da inexist\u00eancia de candidatos habilitados dispon\u00edveis para convoca\u00e7\u00e3o, e considerando a exist\u00eancia de d\u00e9ficit de profissional docente, justificado pelo art. 208 da Lei n\u00ba 13.909\/2001, a Secretaria de Estado da Educa\u00e7\u00e3o deliberou pela ado\u00e7\u00e3o de procedimento emergencial de sele\u00e7\u00e3o curricular, com o objetivo de realizar contrata\u00e7\u00e3o por tempo determinado, de natureza excepcional e urgente, nos termos da Lei Estadual n\u00ba 20.918\/2020.<\/p>\n<p style=\"text-align: justify\" data-c=\"15\">Nesse sentido, a Coordena\u00e7\u00e3o Regional de Educa\u00e7\u00e3o de\u00a0<strong>\u00a0Jata\u00ed<\/strong>\u00a0est\u00e1 recebendo curr\u00edculos, exclusivamente por e-mail, para fins de sele\u00e7\u00e3o e contrata\u00e7\u00e3o tempor\u00e1ria de\u00a0<strong>01 (um) Coordenador Pedag\u00f3gico \/ pedagogo,\u00a0<\/strong>no<strong>\u00a0CEPI FRUTO DA TERRA<\/strong>. A presente medida visa evitar a interrup\u00e7\u00e3o das atividades escolares e garantir a continuidade do processo de ensino e aprendizagem, resguardando o direito constitucional \u00e0 educa\u00e7\u00e3o dos estudantes da Rede Estadual de Ensino.<\/p>\n<p style=\"text-align: justify\" data-c=\"16\">Os interessados devem encaminhar curr\u00edculo atualizado ao endere\u00e7o eletr\u00f4nico oficial da Assessoria Financeira da CRE de\u00a0<strong>\u00a0Jata\u00ed<\/strong>\u00a0(<strong>afin.crejatai@seduc.go.gov.br<\/strong>), informando contatos telef\u00f4nicos e endere\u00e7o de e-mail para retorno.<\/p>\n<p style=\"text-align: justify\" data-c=\"17\">Para a an\u00e1lise dos curr\u00edculos, ser\u00e1 constitu\u00edda comiss\u00e3o espec\u00edfica no \u00e2mbito da Coordena\u00e7\u00e3o Regional de Educa\u00e7\u00e3o\u00a0<strong>de \u00a0Jata\u00ed<\/strong>, composta por membros desta unidade administrativa, a qual adotar\u00e1 crit\u00e9rios objetivos e ison\u00f4micos na sele\u00e7\u00e3o dos profissionais, assegurando a observ\u00e2ncia dos princ\u00edpios da legalidade, impessoalidade e interesse p\u00fablico.<\/p>\n<p style=\"text-align: justify\" data-c=\"18\">A presente convoca\u00e7\u00e3o emergencial pauta-se nos princ\u00edpios da continuidade do servi\u00e7o p\u00fablico e da supremacia do interesse p\u00fablico, e ser\u00e1 adotada exclusivamente nos casos em que n\u00e3o houver mais candidatos habilitados no banco vigente, conforme previsto no edital e na legisla\u00e7\u00e3o pertinente.<\/p>\n<p style=\"text-align: center\">SEDUC\/GO<\/p>\n<hr \/>\n<h3 style=\"text-align: center\">COMUNICADO<\/h3>\n<p align=\"center\"><strong>PARA CONTRATA\u00c7\u00c3O TEMPOR\u00c1RIA<\/strong><\/p>\n<pre style=\"text-align: center\">Publica\u00e7\u00e3o: 08\/10\/2024\nEncerramento: 10\/10\/2024 \u00e0s 18h<\/pre>\n<h4 style=\"text-align: center\"><strong><span style=\"color: #ff0000\">ENCERRADO<\/span><\/strong><\/h4>\n<p class=\"Texto_Justificado\" style=\"text-align: justify\">O Governo do Estado de Goi\u00e1s, atrav\u00e9s da Secretaria de Estado da Educa\u00e7\u00e3o, diante da inexist\u00eancia de Processo Seletivo Simplificado vigente no \u00e2mbito desta Pasta e considerando a exist\u00eancia de d\u00e9ficits de professores nas unidades escolares pertencentes ao\u00a0<strong>munic\u00edpio de Jata\u00ed<\/strong>, jurisdicionado \u00e0 Coordena\u00e7\u00e3o Regional de Educa\u00e7\u00e3o (CRE) de\u00a0Jata\u00ed, informa que est\u00e1 recebendo curr\u00edculos, para sele\u00e7\u00e3o e contrata\u00e7\u00e3o tempor\u00e1ria com natureza emergencial para atender aos interesses da Administra\u00e7\u00e3o:\u00a0<strong>01 (um) professor para ministra<\/strong><strong>r 32 (trinta e duas) aulas semanais de Geografia e disciplinas afins, nos turnos matutino e vespertino na Escola Estadual Polivalente Dante Mosconi<\/strong>, visando afastar eventuais preju\u00edzos educacionais e\/ou pedag\u00f3gicos aos estudantes da Rede Estadual de Educa\u00e7\u00e3o de Goi\u00e1s.<\/p>\n<p class=\"Texto_Justificado\" style=\"text-align: justify\">A presente convoca\u00e7\u00e3o justifica-se por d\u00e9ficit causado por concess\u00e3o de licen\u00e7a maternidade concedida a(o) professor(a) titular.<\/p>\n<p class=\"Texto_Justificado\" style=\"text-align: justify\">Os interessados devem encaminhar Curr\u00edculo ao e-mail oficial da Assessoria Financeira da Coordena\u00e7\u00e3o Regional de Educa\u00e7\u00e3o de\u00a0Jata\u00ed\u00a0(afin.crejatai@seduc.go.gov.br), contendo os contatos telef\u00f4nicos e endere\u00e7os de e-mail para correspond\u00eancias eletr\u00f4nicas, e ainda, que no campo Assunto do e-mail, seja informada a Unidade Escolar e a disciplina da vaga pleiteada.<\/p>\n<p class=\"Texto_Justificado\" style=\"text-align: justify\">Oportunamente esclarece, que a Coordena\u00e7\u00e3o Regional de Educa\u00e7\u00e3o de\u00a0Jata\u00ed\u00a0instituir\u00e1 comiss\u00e3o pr\u00f3pria para as an\u00e1lises curriculares, que ser\u00e1 composta por membros da CRE, objetivando assim, a ado\u00e7\u00e3o de medidas e provid\u00eancias pertinentes ao suprimento de todos os d\u00e9ficits de professores existentes na Rede Estadual de Educa\u00e7\u00e3o de Goi\u00e1s, que garantam os servi\u00e7os prestados \u00e0 comunidade goiana.<\/p>\n<p style=\"text-align: center\">SEDUC\/GO<\/p>\n<hr \/>\n<h3 style=\"text-align: center\">RETIFICA\u00c7\u00c3O DE COMUNICADO PUBLICADO EM 30\/09\/2024<\/h3>\n<p align=\"center\"><strong>PARA CONTRATA\u00c7\u00c3O TEMPOR\u00c1RIA<\/strong><\/p>\n<pre style=\"text-align: center\">Publica\u00e7\u00e3o: 01\/10\/2024\nEncerramento: 03\/10\/2024 \u00e0s 18h<\/pre>\n<h4 style=\"text-align: center\"><strong><span style=\"color: #ff0000\">ENCERRADO<\/span><\/strong><\/h4>\n<p class=\"Texto_Justificado\" style=\"text-align: justify\">O Governo do Estado de Goi\u00e1s, atrav\u00e9s da Secretaria de Estado da Educa\u00e7\u00e3o, diante da inexist\u00eancia de Processo Seletivo Simplificado vigente no \u00e2mbito desta Pasta e considerando a exist\u00eancia de d\u00e9ficits de professores nas unidades escolares pertencentes aos <strong>munic\u00edpios de Itaja e Lagoa Santa<\/strong>, jurisdicionado \u00e0 Coordena\u00e7\u00e3o Regional de Educa\u00e7\u00e3o (CRE) de Jatai, informa que est\u00e1 recebendo curr\u00edculos, para sele\u00e7\u00e3o e contrata\u00e7\u00e3o tempor\u00e1ria com natureza emergencial para atender aos interesses da Administra\u00e7\u00e3o:\u00a001 (um) professor de Educa\u00e7\u00e3o F\u00edsica para ministrar 29 (vinte e nove) aulas semanais de Educa\u00e7\u00e3o F\u00edsica e disciplinas afins, no(s) turno(s) matutino e vespertino no\u00a0<strong>Col\u00e9gio Estadual Presidente Castelo Branco, munic\u00edpio de Itaja e Col\u00e9gio Estadual Jos\u00e9 Alves de Assis, munic\u00edpio de Lagoa Santa<\/strong>,\u00a0visando afastar eventuais preju\u00edzos educacionais e\/ou pedag\u00f3gicos aos estudantes da Rede Estadual de Educa\u00e7\u00e3o de Goi\u00e1s.<\/p>\n<p class=\"Texto_Justificado\" style=\"text-align: justify\">A presente convoca\u00e7\u00e3o justifica-se por d\u00e9ficit causado por concess\u00e3o de aposentadoria a(o) professor(a) titular.<\/p>\n<p class=\"Texto_Justificado\" style=\"text-align: justify\">Os interessados devem encaminhar Curr\u00edculo ao e-mail oficial da Assessoria Financeira da Coordena\u00e7\u00e3o Regional de Educa\u00e7\u00e3o de Jatai (afin.crejatai@seduc.go.gov.br), contendo os contatos telef\u00f4nicos e endere\u00e7os de e-mail para correspond\u00eancias eletr\u00f4nicas, e ainda, que no campo Assunto do e-mail, seja informada a Unidade Escolar e a disciplina da vaga pleiteada.<\/p>\n<p class=\"Texto_Justificado_Esp15\" style=\"text-align: justify\">Oportunamente esclarece, que a Coordena\u00e7\u00e3o Regional de Educa\u00e7\u00e3o de Jatai instituir\u00e1 comiss\u00e3o pr\u00f3pria para as an\u00e1lises curriculares, que ser\u00e1 composta por membros da CRE, objetivando assim, a ado\u00e7\u00e3o de medidas e provid\u00eancias pertinentes ao suprimento de todos os d\u00e9ficits de professores existentes na Rede Estadual de Educa\u00e7\u00e3o de Goi\u00e1s, que garantam os servi\u00e7os prestados \u00e0 comunidade goiana.<\/p>\n<p style=\"text-align: center\">SEDUC\/GO<\/p>\n<hr \/>\n<h3 style=\"text-align: center\">COMUNICADO<\/h3>\n<p align=\"center\"><strong>PARA CONTRATA\u00c7\u00c3O TEMPOR\u00c1RIA<\/strong><\/p>\n<pre style=\"text-align: center\">Publica\u00e7\u00e3o: 30\/09\/2024\nEncerramento: 02\/10\/2024 \u00e0s 18h<\/pre>\n<h4 style=\"text-align: center\"><strong><span style=\"color: #ff0000\">ENCERRADO<\/span><\/strong><\/h4>\n<p class=\"Texto_Justificado\" style=\"text-align: justify\">O Governo do Estado de Goi\u00e1s, atrav\u00e9s da Secretaria de Estado da Educa\u00e7\u00e3o, diante da inexist\u00eancia de Processo Seletivo Simplificado vigente no \u00e2mbito desta Pasta e considerando a exist\u00eancia de d\u00e9ficits de professores nas unidades escolares pertencentes ao <strong>munic\u00edpio de Lagoa Santa<\/strong>, jurisdicionado \u00e0 Coordena\u00e7\u00e3o Regional de Educa\u00e7\u00e3o (CRE) de Jata\u00ed, informa que est\u00e1 recebendo curr\u00edculos, para sele\u00e7\u00e3o e contrata\u00e7\u00e3o tempor\u00e1ria com natureza emergencial para atender aos interesses da Administra\u00e7\u00e3o:\u00a0<strong>01 (um) professor de Educa\u00e7\u00e3o F\u00edsica para ministrar 29 (vinte e nove) aulas semanais de Educa\u00e7\u00e3o F\u00edsica e disciplinas afins, no(s) turno(s) matutino e vespertino no Col\u00e9gio Estadual Deputado Jos\u00e9 Alves de Assis<\/strong>,\u00a0visando afastar eventuais preju\u00edzos educacionais e\/ou pedag\u00f3gicos aos estudantes da Rede Estadual de Educa\u00e7\u00e3o de Goi\u00e1s.<\/p>\n<p class=\"Texto_Justificado\" style=\"text-align: justify\">A presente convoca\u00e7\u00e3o justifica-se por d\u00e9ficit causado por concess\u00e3o de aposentadoria a(o) professor(a) titular.<\/p>\n<p class=\"Texto_Justificado\" style=\"text-align: justify\">Os interessados devem encaminhar Curr\u00edculo ao e-mail oficial da Assessoria Financeira da Coordena\u00e7\u00e3o Regional de Educa\u00e7\u00e3o de Jata\u00ed (afin.crejatai@seduc.go.gov.br), contendo os contatos telef\u00f4nicos e endere\u00e7os de e-mail para correspond\u00eancias eletr\u00f4nicas, e ainda, que no campo Assunto do e-mail, seja informada a Unidade Escolar e a disciplina da vaga pleiteada.<\/p>\n<p class=\"Texto_Justificado_Esp15\" style=\"text-align: justify\">Oportunamente esclarece, que a Coordena\u00e7\u00e3o Regional de Educa\u00e7\u00e3o de Jata\u00ed instituir\u00e1 comiss\u00e3o pr\u00f3pria para as an\u00e1lises curriculares, que ser\u00e1 composta por membros da CRE, objetivando assim, a ado\u00e7\u00e3o de medidas e provid\u00eancias pertinentes ao suprimento de todos os d\u00e9ficits de professores existentes na Rede Estadual de Educa\u00e7\u00e3o de Goi\u00e1s, que garantam os servi\u00e7os prestados \u00e0 comunidade goiana.<\/p>\n<p style=\"text-align: center\">SEDUC\/GO<\/p>\n<hr \/>\n<h3 style=\"text-align: center\">COMUNICADO<\/h3>\n<p align=\"center\"><strong>PARA CONTRATA\u00c7\u00c3O TEMPOR\u00c1RIA<\/strong><\/p>\n<pre style=\"text-align: center\">Publica\u00e7\u00e3o: 23\/09\/2024\nEncerramento: 25\/09\/2024 \u00e0s 18h<\/pre>\n<h4 style=\"text-align: center\"><strong><span style=\"color: #ff0000\">ENCERRADO<\/span><\/strong><\/h4>\n<p class=\"Texto_Justificado\" style=\"text-align: justify\">O Governo do Estado de Goi\u00e1s, atrav\u00e9s da Secretaria de Estado da Educa\u00e7\u00e3o, diante da inexist\u00eancia de Processo Seletivo Simplificado vigente no \u00e2mbito desta Pasta e considerando a exist\u00eancia de d\u00e9ficits de professores nas unidades escolares pertencentes ao\u00a0<strong>munic\u00edpio de Jata\u00ed<\/strong>, jurisdicionado \u00e0 Coordena\u00e7\u00e3o Regional de Educa\u00e7\u00e3o (CRE) de Jata\u00ed, informa que est\u00e1 recebendo curr\u00edculos, para sele\u00e7\u00e3o e contrata\u00e7\u00e3o tempor\u00e1ria com natureza emergencial para atender aos interesses da Administra\u00e7\u00e3o:\u00a0<strong>01 (um) professor de Educa\u00e7\u00e3o F\u00edsica para ministrar 32 (trinta e duas) aulas semanais no(s) turno(s) integral no Centro de Ensino em Per\u00edodo Integral Serafim de Carvalho<\/strong>,\u00a0visando afastar eventuais preju\u00edzos educacionais e\/ou pedag\u00f3gicos aos estudantes da Rede Estadual de Educa\u00e7\u00e3o de Goi\u00e1s.<\/p>\n<p class=\"Texto_Justificado\" style=\"text-align: justify\">A presente convoca\u00e7\u00e3o justifica-se por d\u00e9ficit causado por concess\u00e3o de licen\u00e7a m\u00e9dica para tratamento de sa\u00fade a(o) professor(a) titular.<\/p>\n<p class=\"Texto_Justificado\" style=\"text-align: justify\">Os interessados devem encaminhar Curr\u00edculo ao e-mail oficial da Assessoria Financeira da Coordena\u00e7\u00e3o Regional de Educa\u00e7\u00e3o de Jata\u00ed (afin.crejatai@seduc.go.gov.br), contendo os contatos telef\u00f4nicos e endere\u00e7os de e-mail para correspond\u00eancias eletr\u00f4nicas, e ainda, que no campo Assunto do e-mail, seja informada a Unidade Escolar e a disciplina da vaga pleiteada.<\/p>\n<p class=\"Texto_Justificado\" style=\"text-align: justify\">Oportunamente esclarece, que a Coordena\u00e7\u00e3o Regional de Educa\u00e7\u00e3o de Jata\u00ed instituir\u00e1 comiss\u00e3o pr\u00f3pria para as an\u00e1lises curriculares, que ser\u00e1 composta por membros da CRE, objetivando assim, a ado\u00e7\u00e3o de medidas e provid\u00eancias pertinentes ao suprimento de todos os d\u00e9ficits de professores existentes na Rede Estadual de Educa\u00e7\u00e3o de Goi\u00e1s, que garantam os servi\u00e7os prestados \u00e0 comunidade goiana.<\/p>\n<p style=\"text-align: center\">SEDUC\/GO<\/p>\n<hr \/>\n<h3 style=\"text-align: center\">COMUNICADO<\/h3>\n<p align=\"center\"><strong>PARA CONTRATA\u00c7\u00c3O TEMPOR\u00c1RIA<\/strong><\/p>\n<pre style=\"text-align: center\">Publica\u00e7\u00e3o: 23\/09\/2024\nEncerramento: 25\/09\/2024 \u00e0s 18h<\/pre>\n<h4 style=\"text-align: center\"><strong><span style=\"color: #ff0000\">ENCERRADO<\/span><\/strong><\/h4>\n<p class=\"Texto_Justificado\" style=\"text-align: justify\">O Governo do Estado de Goi\u00e1s, atrav\u00e9s da Secretaria de Estado da Educa\u00e7\u00e3o, diante da inexist\u00eancia de Processo Seletivo Simplificado vigente no \u00e2mbito desta Pasta e considerando a exist\u00eancia de d\u00e9ficits de professores nas unidades escolares pertencentes ao\u00a0<strong>munic\u00edpio de Jata\u00ed<\/strong>, jurisdicionado \u00e0 Coordena\u00e7\u00e3o Regional de Educa\u00e7\u00e3o (CRE) de Jata\u00ed, informa que est\u00e1 recebendo curr\u00edculos, para sele\u00e7\u00e3o e contrata\u00e7\u00e3o tempor\u00e1ria com natureza emergencial para atender aos interesses da Administra\u00e7\u00e3o:\u00a0de <strong>01 (um) professor de Hist\u00f3ria para ministrar 32 (trinta e duas) aulas semanais nos turnos matutino e vespertino na Escola Estadual Washington Barros Fran\u00e7a<\/strong>,\u00a0visando afastar eventuais preju\u00edzos educacionais e\/ou pedag\u00f3gicos aos estudantes da Rede Estadual de Educa\u00e7\u00e3o de Goi\u00e1s.<\/p>\n<p class=\"Texto_Justificado\" style=\"text-align: justify\">A presente convoca\u00e7\u00e3o justifica-se por d\u00e9ficit causado por concess\u00e3o de licen\u00e7a maternidade concedida a(o) professor(a) titular.<\/p>\n<p class=\"Texto_Justificado\" style=\"text-align: justify\">Os interessados devem encaminhar Curr\u00edculo ao e-mail oficial da Assessoria Financeira da Coordena\u00e7\u00e3o Regional de Educa\u00e7\u00e3o de Jata\u00ed (afin.crejatai@seduc.go.gov.br), contendo os contatos telef\u00f4nicos e endere\u00e7os de e-mail para correspond\u00eancias eletr\u00f4nicas, e ainda, que no campo Assunto do e-mail, seja informada a Unidade Escolar e a disciplina da vaga pleiteada.<\/p>\n<p class=\"Texto_Justificado\" style=\"text-align: justify\">Oportunamente esclarece, que a Coordena\u00e7\u00e3o Regional de Educa\u00e7\u00e3o de Jata\u00ed\u00a0instituir\u00e1 comiss\u00e3o pr\u00f3pria para as an\u00e1lises curriculares, que ser\u00e1 composta por membros da CRE, objetivando assim, a ado\u00e7\u00e3o de medidas e provid\u00eancias pertinentes ao suprimento de todos os d\u00e9ficits de professores existentes na Rede Estadual de Educa\u00e7\u00e3o de Goi\u00e1s, que garantam os servi\u00e7os prestados \u00e0 comunidade goiana.<\/p>\n<p style=\"text-align: center\">SEDUC\/GO<\/p>\n<hr \/>\n<h3 style=\"text-align: center\">COMUNICADO<\/h3>\n<p align=\"center\"><strong>PARA CONTRATA\u00c7\u00c3O TEMPOR\u00c1RIA<\/strong><\/p>\n<pre style=\"text-align: center\">Publica\u00e7\u00e3o: 17\/09\/2024\nEncerramento: 19\/09\/2024 \u00e0s 18h<\/pre>\n<h4 style=\"text-align: center\"><strong><span style=\"color: #ff0000\">ENCERRADO<\/span><\/strong><\/h4>\n<p class=\"Texto_Justificado\" style=\"text-align: justify\">O Governo do Estado de Goi\u00e1s, atrav\u00e9s da Secretaria de Estado da Educa\u00e7\u00e3o, diante da inexist\u00eancia de Processo Seletivo Simplificado vigente no \u00e2mbito desta Pasta e considerando a exist\u00eancia de d\u00e9ficits de professores nas unidades escolares pertencentes ao\u00a0<strong>munic\u00edpio de Jata\u00ed<\/strong>, jurisdicionado \u00e0 Coordena\u00e7\u00e3o Regional de Educa\u00e7\u00e3o (CRE) de\u00a0Jata\u00ed, informa que est\u00e1 recebendo curr\u00edculos, para sele\u00e7\u00e3o e contrata\u00e7\u00e3o tempor\u00e1ria com natureza emergencial para atender aos interesses da Administra\u00e7\u00e3o:\u00a0<strong>01 (um) professor para ministrar 32 (trinta e duas) aulas semanais de hist\u00f3ria e disciplinas afins<\/strong><strong>, no(s) turno(s) matutino e vespertino, no CEPI Em\u00edlia Ferreira de Carvalho<\/strong><strong>,<\/strong>\u00a0visando afastar eventuais preju\u00edzos educacionais e\/ou pedag\u00f3gicos aos estudantes da Rede Estadual de Educa\u00e7\u00e3o de Goi\u00e1s.<\/p>\n<p class=\"Texto_Justificado\" style=\"text-align: justify\">A presente convoca\u00e7\u00e3o justifica-se por d\u00e9ficit causado por concess\u00e3o de licen\u00e7a m\u00e9dica para tratamento de sa\u00fade a(o) professor(a) titular.<\/p>\n<p class=\"Texto_Justificado\" style=\"text-align: justify\">Os interessados devem encaminhar Curr\u00edculo ao e-mail oficial da Assessoria Financeira da Coordena\u00e7\u00e3o Regional de Educa\u00e7\u00e3o de\u00a0Jata\u00ed\u00a0(afin.crejatai@seduc.go.gov.br), contendo os contatos telef\u00f4nicos e endere\u00e7os de e-mail para correspond\u00eancias eletr\u00f4nicas, e ainda, que no campo Assunto do e-mail, seja informada a Unidade Escolar e a disciplina da vaga pleiteada.<\/p>\n<p class=\"Texto_Justificado\" style=\"text-align: justify\">Oportunamente esclarece, que a Coordena\u00e7\u00e3o Regional de Educa\u00e7\u00e3o de\u00a0Jata\u00ed\u00a0instituir\u00e1 comiss\u00e3o pr\u00f3pria para as an\u00e1lises curriculares, que ser\u00e1 composta por membros da CRE, objetivando assim, a ado\u00e7\u00e3o de medidas e provid\u00eancias pertinentes ao suprimento de todos os d\u00e9ficits de professores existentes na Rede Estadual de Educa\u00e7\u00e3o de Goi\u00e1s, que garantam os servi\u00e7os prestados \u00e0 comunidade goiana.<\/p>\n<p style=\"text-align: center\">SEDUC\/GO<\/p>\n<hr \/>\n<h3 style=\"text-align: center\">COMUNICADO<\/h3>\n<p align=\"center\"><strong>PARA CONTRATA\u00c7\u00c3O TEMPOR\u00c1RIA<\/strong><\/p>\n<pre style=\"text-align: center\">Publica\u00e7\u00e3o: 16\/09\/2024\nEncerramento: 18\/09\/2024 \u00e0s 18h<\/pre>\n<h4 style=\"text-align: center\"><strong><span style=\"color: #ff0000\">ENCERRADO<\/span><\/strong><\/h4>\n<p class=\"Texto_Justificado\" style=\"text-align: justify\">O Governo do Estado de Goi\u00e1s, atrav\u00e9s da Secretaria de Estado da Educa\u00e7\u00e3o, diante da inexist\u00eancia de Processo Seletivo Simplificado vigente no \u00e2mbito desta Pasta e considerando a exist\u00eancia de d\u00e9ficits de professores nas unidades escolares pertencentes ao\u00a0<strong>munic\u00edpio de\u00a0Jata\u00ed<\/strong>, jurisdicionado \u00e0 Coordena\u00e7\u00e3o Regional de Educa\u00e7\u00e3o (CRE) de\u00a0Jata\u00ed, informa que est\u00e1 recebendo curr\u00edculos, para sele\u00e7\u00e3o e contrata\u00e7\u00e3o tempor\u00e1ria com natureza emergencial para atender aos interesses da Administra\u00e7\u00e3o: <strong>01 (um) professor, com aprova\u00e7\u00e3o no Exame de Profici\u00eancia para o Ensino de LIBRAS do MEC (PROLIBRAS) ou avalia\u00e7\u00e3o do CAS\/Goi\u00e2nia, ou credenciadas por uma Secretaria de Educa\u00e7\u00e3o para exercer a<\/strong>\u00a0<strong>fun\u00e7\u00e3o 099 (Int\u00e9rprete de L\u00edngua Brasileira de Sinais &#8211; LIBRAS)\u00a0e cumprir jornada semanal de 30 (trinta) horas semanais no turno matutino no Col\u00e9gio Estadual Frei Domingos<\/strong>, visando afastar eventuais preju\u00edzos educacionais e\/ou pedag\u00f3gicos aos estudantes da Rede Estadual de Educa\u00e7\u00e3o de Goi\u00e1s.<\/p>\n<p class=\"Texto_Justificado\" style=\"text-align: justify\">A presente convoca\u00e7\u00e3o justifica-se por d\u00e9ficit causado por concess\u00e3o de licen\u00e7a maternidade concedida a(o) professor(a) titular.<\/p>\n<p class=\"Texto_Justificado\" style=\"text-align: justify\">Os interessados devem encaminhar Curr\u00edculo ao e-mail oficial da Assessoria Financeira da Coordena\u00e7\u00e3o Regional de Educa\u00e7\u00e3o de\u00a0Jata\u00ed\u00a0(afin.crejatai@seduc.go.gov.br), contendo os contatos telef\u00f4nicos e endere\u00e7os de e-mail para correspond\u00eancias eletr\u00f4nicas, e ainda, que no campo Assunto do e-mail, seja informada a Unidade Escolar e a disciplina da vaga pleiteada.<\/p>\n<p class=\"Texto_Justificado\" style=\"text-align: justify\">Oportunamente esclarece, que a Coordena\u00e7\u00e3o Regional de Educa\u00e7\u00e3o de\u00a0Jata\u00ed\u00a0instituir\u00e1 comiss\u00e3o pr\u00f3pria para as an\u00e1lises curriculares, que ser\u00e1 composta por membros da CRE, objetivando assim, a ado\u00e7\u00e3o de medidas e provid\u00eancias pertinentes ao suprimento de todos os d\u00e9ficits de professores existentes na Rede Estadual de Educa\u00e7\u00e3o de Goi\u00e1s, que garantam os servi\u00e7os prestados \u00e0 comunidade goiana.<\/p>\n<p style=\"text-align: center\">SEDUC\/GO<\/p>\n<hr \/>\n<h3 style=\"text-align: center\">COMUNICADO<\/h3>\n<p align=\"center\"><strong>PARA CONTRATA\u00c7\u00c3O TEMPOR\u00c1RIA<\/strong><\/p>\n<pre style=\"text-align: center\">Publica\u00e7\u00e3o: 13\/09\/2024\nEncerramento: 17\/09\/2024 \u00e0s 18h<\/pre>\n<h4 style=\"text-align: center\"><strong><span style=\"color: #ff0000\">ENCERRADO<\/span><\/strong><\/h4>\n<p class=\"Texto_Justificado\" style=\"text-align: justify\">O Governo do Estado de Goi\u00e1s, atrav\u00e9s da Secretaria de Estado da Educa\u00e7\u00e3o, diante da inexist\u00eancia de Processo Seletivo Simplificado vigente no \u00e2mbito desta Pasta e considerando a exist\u00eancia de d\u00e9ficits de professores nas unidades escolares pertencentes ao\u00a0<strong>munic\u00edpio de Jata\u00ed<\/strong>, jurisdicionado \u00e0 Coordena\u00e7\u00e3o Regional de Educa\u00e7\u00e3o (CRE) de Jata\u00ed, informa que est\u00e1 recebendo curr\u00edculos, para sele\u00e7\u00e3o e contrata\u00e7\u00e3o tempor\u00e1ria com natureza emergencial para atender aos interesses da Administra\u00e7\u00e3o:\u00a0<strong>01 (um) professor de Qu\u00edmica para ministrar 16 (dezesseis) aulas semanais no(s) turno(s) matutino no Col\u00e9gio da Pol\u00edcia Militar de Goi\u00e1s Nest\u00f3rio Ribeiro<\/strong>,\u00a0visando afastar eventuais preju\u00edzos educacionais e\/ou pedag\u00f3gicos aos estudantes da Rede Estadual de Educa\u00e7\u00e3o de Goi\u00e1s.<\/p>\n<p class=\"Texto_Justificado\" style=\"text-align: justify\">A presente convoca\u00e7\u00e3o justifica-se por d\u00e9ficit causado por concess\u00e3o de licen\u00e7a m\u00e9dica para tratamento de sa\u00fade a(o) professor(a) titular.<\/p>\n<p class=\"Texto_Justificado\" style=\"text-align: justify\">Os interessados devem encaminhar Curr\u00edculo ao e-mail oficial da Assessoria Financeira da Coordena\u00e7\u00e3o Regional de Educa\u00e7\u00e3o de Jata\u00ed (afin.crejatai@seduc.go.gov.br), contendo os contatos telef\u00f4nicos e endere\u00e7os de e-mail para correspond\u00eancias eletr\u00f4nicas, e ainda, que no campo Assunto do e-mail, seja informada a Unidade Escolar e a disciplina da vaga pleiteada.<\/p>\n<p class=\"Texto_Justificado\" style=\"text-align: justify\">Oportunamente esclarece, que a Coordena\u00e7\u00e3o Regional de Educa\u00e7\u00e3o de Jata\u00ed instituir\u00e1 comiss\u00e3o pr\u00f3pria para as an\u00e1lises curriculares, que ser\u00e1 composta por membros da CRE, objetivando assim, a ado\u00e7\u00e3o de medidas e provid\u00eancias pertinentes ao suprimento de todos os d\u00e9ficits de professores existentes na Rede Estadual de Educa\u00e7\u00e3o de Goi\u00e1s, que garantam os servi\u00e7os prestados \u00e0 comunidade goiana.<\/p>\n<p style=\"text-align: center\">SEDUC\/GO<\/p>\n<hr \/>\n<h3 style=\"text-align: center\">COMUNICADO<\/h3>\n<p align=\"center\"><strong>PARA CONTRATA\u00c7\u00c3O TEMPOR\u00c1RIA<\/strong><\/p>\n<pre style=\"text-align: center\">Publica\u00e7\u00e3o: 13\/09\/2024\nEncerramento: 17\/09\/2024 \u00e0s 18h<\/pre>\n<h4 style=\"text-align: center\"><strong><span style=\"color: #ff0000\">ENCERRADO<\/span><\/strong><\/h4>\n<p class=\"Texto_Justificado\" style=\"text-align: justify\">O Governo do Estado de Goi\u00e1s, atrav\u00e9s da Secretaria de Estado da Educa\u00e7\u00e3o, diante da inexist\u00eancia de Processo Seletivo Simplificado vigente no \u00e2mbito desta Pasta e considerando a exist\u00eancia de d\u00e9ficits de professores nas unidades escolares pertencentes ao<strong>\u00a0munic\u00edpio de\u00a0Jata\u00ed<\/strong>, jurisdicionado \u00e0 Coordena\u00e7\u00e3o Regional de Educa\u00e7\u00e3o (CRE) de Jata\u00ed, informa que est\u00e1 recebendo curr\u00edculos, para sele\u00e7\u00e3o e contrata\u00e7\u00e3o tempor\u00e1ria com natureza emergencial para atender aos interesses da Administra\u00e7\u00e3o:\u00a0<strong>01 (um) professor de Qu\u00edmica, para ministrar 32 (trinta e duas) aulas semanais no(s) turno(s) integral no Centro de Ensino em Per\u00edodo Integral Serafim de Carvalho<\/strong>,\u00a0visando afastar eventuais preju\u00edzos educacionais e\/ou pedag\u00f3gicos aos estudantes da Rede Estadual de Educa\u00e7\u00e3o de Goi\u00e1s.<\/p>\n<p class=\"Texto_Justificado\" style=\"text-align: justify\">A presente convoca\u00e7\u00e3o justifica-se por d\u00e9ficit causado por rescis\u00e3o a pedido\u00a0 da(o) professor(a) titular.<\/p>\n<p class=\"Texto_Justificado\" style=\"text-align: justify\">Os interessados devem encaminhar Curr\u00edculo ao e-mail oficial da Assessoria Financeira da Coordena\u00e7\u00e3o Regional de Jata\u00ed\u00a0(afin.crejatai@seduc.go.gov.br), contendo os contatos telef\u00f4nicos e endere\u00e7os de e-mail para correspond\u00eancias eletr\u00f4nicas, e ainda, que no campo Assunto do e-mail, seja informada a Unidade Escolar e a disciplina da vaga pleiteada.<\/p>\n<p class=\"Texto_Justificado_Esp15\" style=\"text-align: justify\">Oportunamente esclarece, que a Coordena\u00e7\u00e3o Regional de Educa\u00e7\u00e3o de\u00a0Jata\u00ed\u00a0instituir\u00e1 comiss\u00e3o pr\u00f3pria para as an\u00e1lises curriculares, que ser\u00e1 composta por membros da CRE, objetivando assim, a ado\u00e7\u00e3o de medidas e provid\u00eancias pertinentes ao suprimento de todos os d\u00e9ficits de professores existentes na Rede Estadual de Educa\u00e7\u00e3o de Goi\u00e1s, que garantam os servi\u00e7os prestados \u00e0 comunidade goiana.<\/p>\n<p style=\"text-align: center\">SEDUC\/GO<\/p>\n<hr \/>\n<h3 style=\"text-align: center\">COMUNICADO<\/h3>\n<p align=\"center\"><strong>PARA CONTRATA\u00c7\u00c3O TEMPOR\u00c1RIA<\/strong><\/p>\n<pre style=\"text-align: center\">Publica\u00e7\u00e3o: 05\/09\/2024\nEncerramento: 09\/09\/2024 \u00e0s 18h<\/pre>\n<h4 style=\"text-align: center\"><strong><span style=\"color: #ff0000\">ENCERRADO<\/span><\/strong><\/h4>\n<p class=\"Texto_Justificado\" style=\"text-align: justify\">O Governo do Estado de Goi\u00e1s, atrav\u00e9s da Secretaria de Estado da Educa\u00e7\u00e3o, diante da inexist\u00eancia de Processo Seletivo Simplificado vigente no \u00e2mbito desta Pasta e considerando a exist\u00eancia de d\u00e9ficits de professores nas unidades escolares pertencentes ao\u00a0<strong>munic\u00edpio de Lagoa Santa<\/strong>, jurisdicionado \u00e0 Coordena\u00e7\u00e3o Regional de Educa\u00e7\u00e3o (CRE) de Jata\u00ed, informa que est\u00e1 recebendo curr\u00edculos, para sele\u00e7\u00e3o e contrata\u00e7\u00e3o tempor\u00e1ria com natureza emergencial para atender aos interesses da Administra\u00e7\u00e3o:\u00a0<strong>01 (um) pedagogo para exercer a fun\u00e7\u00e3o 631 &#8211; Professor de Media\u00e7\u00e3o de Tecnologia, 30 (trinta) horas e para ministrar 08 (oito) aulas semanais de hist\u00f3ria<\/strong><strong>, no(s) turno(s) matutino e noturno no COL\u00c9GIO ESTADUAL DEP JOS\u00c9 ALVES ASSIS<\/strong><strong>,<\/strong>\u00a0visando afastar eventuais preju\u00edzos educacionais e\/ou pedag\u00f3gicos aos estudantes da Rede Estadual de Educa\u00e7\u00e3o de Goi\u00e1s.<\/p>\n<p class=\"Texto_Justificado\" style=\"text-align: justify\">A presente convoca\u00e7\u00e3o justifica-se por d\u00e9ficit causado por concess\u00e3o de licen\u00e7a m\u00e9dica para tratamento de sa\u00fade a(o) professor(a) titular.<\/p>\n<p class=\"Texto_Justificado\" style=\"text-align: justify\">Os interessados devem encaminhar Curr\u00edculo ao e-mail oficial da Assessoria Financeira da Coordena\u00e7\u00e3o Regional de Educa\u00e7\u00e3o de Jata\u00ed (afin.crejatai@seduc.go.gov.br), contendo os contatos telef\u00f4nicos e endere\u00e7os de e-mail para correspond\u00eancias eletr\u00f4nicas, e ainda, que no campo Assunto do e-mail, seja informada a Unidade Escolar e a disciplina da vaga pleiteada.<\/p>\n<p class=\"Texto_Justificado\" style=\"text-align: justify\">Oportunamente esclarece, que a Coordena\u00e7\u00e3o Regional de Educa\u00e7\u00e3o de Jata\u00ed instituir\u00e1 comiss\u00e3o pr\u00f3pria para as an\u00e1lises curriculares, que ser\u00e1 composta por membros da CRE, objetivando assim, a ado\u00e7\u00e3o de medidas e provid\u00eancias pertinentes ao suprimento de todos os d\u00e9ficits de professores existentes na Rede Estadual de Educa\u00e7\u00e3o de Goi\u00e1s, que garantam os servi\u00e7os prestados \u00e0 comunidade goiana.<\/p>\n<p style=\"text-align: center\">SEDUC\/GO<\/p>\n<hr \/>\n<h3 style=\"text-align: center\">COMUNICADO REITERADO<\/h3>\n<p style=\"text-align: center\"><strong>PARA CONTRATA\u00c7\u00c3O TEMPOR\u00c1RIA &#8211; N\u00c3O PREENCHIMENTO DA VAGA<\/strong><\/p>\n<pre style=\"text-align: center\">Publica\u00e7\u00e3o: 05\/09\/2024\nEncerramento: 09\/09\/2024 \u00e0s 18h<\/pre>\n<h4 style=\"text-align: center\"><strong><span style=\"color: #ff0000\">ENCERRADO<\/span><\/strong><\/h4>\n<p class=\"Texto_Justificado\" style=\"text-align: justify\">O Governo do Estado de Goi\u00e1s, atrav\u00e9s da Secretaria de Estado da Educa\u00e7\u00e3o, diante da inexist\u00eancia de Processo Seletivo Simplificado vigente no \u00e2mbito desta Pasta e considerando a exist\u00eancia de d\u00e9ficits de professores nas unidades escolares pertencentes ao\u00a0<strong>munic\u00edpio de Itaj\u00e1<\/strong>, jurisdicionado \u00e0 Coordena\u00e7\u00e3o Regional de Educa\u00e7\u00e3o (CRE) deJata\u00ed, informa que est\u00e1 recebendo curr\u00edculos, para sele\u00e7\u00e3o e contrata\u00e7\u00e3o tempor\u00e1ria com natureza emergencial para atender aos interesses da Administra\u00e7\u00e3o:\u00a0<strong>01 (um) professor para ministrar<\/strong><strong> 24 (vinte e quatro) aulas semanais de MATEM\u00c1TICA e disciplinas afins, nos turnos matutino e vespertino no Col\u00e9gio Estadual Presidente Castelo Branco, com previs\u00e3o de t\u00e9mino em 13\/12\/2024<\/strong>, visando afastar eventuais preju\u00edzos educacionais e\/ou pedag\u00f3gicos aos estudantes da Rede Estadual de Educa\u00e7\u00e3o de Goi\u00e1s.<\/p>\n<p class=\"Texto_Justificado\" style=\"text-align: justify\">A presente convoca\u00e7\u00e3o justifica-se por d\u00e9ficit causado por concess\u00e3o de licen\u00e7a maternidade concedida a(o) professor(a) titular.<\/p>\n<p class=\"Texto_Justificado\" style=\"text-align: justify\">Os interessados devem encaminhar Curr\u00edculo ao e-mail oficial da Assessoria Financeira da Coordena\u00e7\u00e3o Regional de Educa\u00e7\u00e3o de\u00a0Jata\u00ed(afin.crejatai@seduc.go.gov.br), contendo os contatos telef\u00f4nicos e endere\u00e7os de e-mail para correspond\u00eancias eletr\u00f4nicas, e ainda, que no campo Assunto do e-mail, seja informada a Unidade Escolar e a disciplina da vaga pleiteada.<\/p>\n<p class=\"Texto_Justificado\" style=\"text-align: justify\">Oportunamente esclarece, que a Coordena\u00e7\u00e3o Regional de Educa\u00e7\u00e3o de\u00a0Jata\u00ed\u00a0instituir\u00e1 comiss\u00e3o pr\u00f3pria para as an\u00e1lises curriculares, que ser\u00e1 composta por membros da CRE, objetivando assim, a ado\u00e7\u00e3o de medidas e provid\u00eancias pertinentes ao suprimento de todos os d\u00e9ficits de professores existentes na Rede Estadual de Educa\u00e7\u00e3o de Goi\u00e1s, que garantam os servi\u00e7os prestados \u00e0 comunidade goiana.<\/p>\n<p style=\"text-align: center\">SEDUC\/GO<\/p>\n<hr \/>\n<h3 style=\"text-align: center\">COMUNICADO REITERADO<\/h3>\n<p style=\"text-align: center\"><strong>PARA CONTRATA\u00c7\u00c3O TEMPOR\u00c1RIA &#8211; N\u00c3O PREENCHIMENTO DA VAGA<\/strong><\/p>\n<pre style=\"text-align: center\">Publica\u00e7\u00e3o: 03\/09\/2024\nEncerramento: 05\/09\/2024 \u00e0s 18h<\/pre>\n<h4 style=\"text-align: center\"><strong><span style=\"color: #ff0000\">ENCERRADO<\/span><\/strong><\/h4>\n<p class=\"Texto_Justificado\" style=\"text-align: justify\">O Governo do Estado de Goi\u00e1s, atrav\u00e9s da Secretaria de Estado da Educa\u00e7\u00e3o, diante da inexist\u00eancia de Processo Seletivo Simplificado vigente no \u00e2mbito desta Pasta e considerando a exist\u00eancia de d\u00e9ficits de professores nas unidades escolares pertencentes ao munic\u00edpio de\u00a0Itarum\u00e3, jurisdicionado \u00e0 Coordena\u00e7\u00e3o Regional de Educa\u00e7\u00e3o (CRE) de\u00a0Jata\u00ed, informa que est\u00e1 recebendo curr\u00edculos, para sele\u00e7\u00e3o e contrata\u00e7\u00e3o tempor\u00e1ria com natureza emergencial para atender aos interesses da Administra\u00e7\u00e3o:\u00a001 (um) professor de Geografia, para ministrar 30 (trinta) aulas no(s) turno(s) matutino e vespertino no COL\u00c9GIO ESTADUAL COELHO NETO<strong>,<\/strong> a partir de 06\/09\/2024, visando afastar eventuais preju\u00edzos educacionais e\/ou pedag\u00f3gicos aos estudantes da Rede Estadual de Educa\u00e7\u00e3o de Goi\u00e1s.<\/p>\n<p class=\"Texto_Justificado\" style=\"text-align: justify\">A presente convoca\u00e7\u00e3o justifica-se por d\u00e9ficit causado por remanejamento da(o) professor(a) titular.<\/p>\n<p class=\"Texto_Justificado\" style=\"text-align: justify\">Os interessados devem encaminhar Curr\u00edculo ao e-mail oficial da Assessoria Financeira da Coordena\u00e7\u00e3o Regional de\u00a0Jata\u00ed\u00a0(afin.crejatai@seduc.go.gov.br), contendo os contatos telef\u00f4nicos e endere\u00e7os de e-mail para correspond\u00eancias eletr\u00f4nicas, e ainda, que no campo Assunto do e-mail, seja informada a Unidade Escolar e a disciplina da vaga pleiteada.<\/p>\n<p class=\"Texto_Justificado_Esp15\" style=\"text-align: justify\">Oportunamente esclarece, que a Coordena\u00e7\u00e3o Regional de Educa\u00e7\u00e3o de\u00a0Jata\u00ed\u00a0instituir\u00e1 comiss\u00e3o pr\u00f3pria para as an\u00e1lises curriculares, que ser\u00e1 composta por membros da CRE, objetivando assim, a ado\u00e7\u00e3o de medidas e provid\u00eancias pertinentes ao suprimento de todos os d\u00e9ficits de professores existentes na Rede Estadual de Educa\u00e7\u00e3o de Goi\u00e1s, que garantam os servi\u00e7os prestados \u00e0 comunidade goiana.<\/p>\n<p style=\"text-align: center\">SEDUC\/GO<\/p>\n<hr \/>\n<h3 style=\"text-align: center\">COMUNICADO<\/h3>\n<p align=\"center\"><strong>PARA CONTRATA\u00c7\u00c3O TEMPOR\u00c1RIA<\/strong><\/p>\n<pre style=\"text-align: center\">Publica\u00e7\u00e3o: 02\/09\/2024\nEncerramento: 04\/09\/2024 \u00e0s 18h<\/pre>\n<h4 style=\"text-align: center\"><strong><span style=\"color: #ff0000\">ENCERRADO<\/span><\/strong><\/h4>\n<p class=\"Texto_Justificado\" style=\"text-align: justify\">O Governo do Estado de Goi\u00e1s, atrav\u00e9s da Secretaria de Estado da Educa\u00e7\u00e3o, diante da inexist\u00eancia de Processo Seletivo Simplificado vigente no \u00e2mbito desta Pasta e considerando a exist\u00eancia de d\u00e9ficits de professores nas unidades escolares pertencentes ao munic\u00edpio de\u00a0<strong>Chapad\u00e3o do C\u00e9u<\/strong>, jurisdicionado \u00e0 Coordena\u00e7\u00e3o Regional de Educa\u00e7\u00e3o (CRE) de\u00a0<strong>Jata\u00ed<\/strong><strong>,<\/strong>\u00a0informa que est\u00e1 recebendo curr\u00edculos, para sele\u00e7\u00e3o e contrata\u00e7\u00e3o tempor\u00e1ria com natureza emergencial para atender aos interesses da Administra\u00e7\u00e3o:\u00a0<strong>01 (um) professor para ministrar\u00a0<\/strong><strong>24 (vinte e quatro) aulas, de geografia e disciplinas afins, no(s) turno(s) matutino no\u00a0COL\u00c9GIO ESTADUAL FRUTO DA TERRA<\/strong><strong>,<\/strong>\u00a0 visando afastar eventuais preju\u00edzos educacionais e\/ou pedag\u00f3gicos aos estudantes da Rede Estadual de Educa\u00e7\u00e3o de Goi\u00e1s.<\/p>\n<p class=\"Texto_Justificado\" style=\"text-align: justify\">A presente convoca\u00e7\u00e3o justifica-se por d\u00e9ficit causado por rescis\u00e3o a pedido\u00a0 da(o) professor(a) titular.<\/p>\n<p class=\"Texto_Justificado\" style=\"text-align: justify\">Os interessados devem encaminhar Curr\u00edculo ao e-mail oficial da Assessoria Financeira da Coordena\u00e7\u00e3o Regional de Jata\u00ed\u00a0(afin.crejatai@seduc.go.gov.br), contendo os contatos telef\u00f4nicos e endere\u00e7os de e-mail para correspond\u00eancias eletr\u00f4nicas, e ainda, que no campo Assunto do e-mail, seja informada a Unidade Escolar e a disciplina da vaga pleiteada.<\/p>\n<p class=\"Texto_Justificado_Esp15\" style=\"text-align: justify\">Oportunamente esclarece, que a Coordena\u00e7\u00e3o Regional de Educa\u00e7\u00e3o de\u00a0Jata\u00ed\u00a0instituir\u00e1 comiss\u00e3o pr\u00f3pria para as an\u00e1lises curriculares, que ser\u00e1 composta por membros da CRE, objetivando assim, a ado\u00e7\u00e3o de medidas e provid\u00eancias pertinentes ao suprimento de todos os d\u00e9ficits de professores existentes na Rede Estadual de Educa\u00e7\u00e3o de Goi\u00e1s, que garantam os servi\u00e7os prestados \u00e0 comunidade goiana.<\/p>\n<p style=\"text-align: center\">SEDUC\/GO<\/p>\n<hr \/>\n<h3 style=\"text-align: center\">COMUNICADO<\/h3>\n<p align=\"center\"><strong>PARA CONTRATA\u00c7\u00c3O TEMPOR\u00c1RIA<\/strong><\/p>\n<pre style=\"text-align: center\">Publica\u00e7\u00e3o: 08\/08\/2024\nEncerramento: 12\/08\/2024 \u00e0s 18h<\/pre>\n<h4 style=\"text-align: center\"><strong><span style=\"color: #ff0000\">ENCERRADO<\/span><\/strong><\/h4>\n<p class=\"Texto_Justificado\" style=\"text-align: justify\">O Governo do Estado de Goi\u00e1s, atrav\u00e9s da Secretaria de Estado da Educa\u00e7\u00e3o, diante da inexist\u00eancia de Processo Seletivo Simplificado vigente no \u00e2mbito desta Pasta e considerando a exist\u00eancia de d\u00e9ficits de professores nas unidades escolares pertencentes ao munic\u00edpio de Serran\u00f3polis, jurisdicionado \u00e0 Coordena\u00e7\u00e3o Regional de Educa\u00e7\u00e3o (CRE) de Jata\u00ed, informa que est\u00e1 recebendo curr\u00edculos, para sele\u00e7\u00e3o e contrata\u00e7\u00e3o tempor\u00e1ria com natureza emergencial para atender aos interesses da Administra\u00e7\u00e3o: <strong>01 (um) professor de Qu\u00edmica, para ministrar 26 (vinte e seis) aulas no(s) turno(s) matutino e vespertino no COL\u00c9GIO ESTADUAL DOM ABEL<\/strong>, visando afastar eventuais preju\u00edzos educacionais e\/ou pedag\u00f3gicos aos estudantes da Rede Estadual de Educa\u00e7\u00e3o de Goi\u00e1s.<\/p>\n<p class=\"Texto_Justificado\" style=\"text-align: justify\">A presente convoca\u00e7\u00e3o justifica-se por d\u00e9ficit causado por rescis\u00e3o a pedido\u00a0 da(o) professor(a) titular.<\/p>\n<p class=\"Texto_Justificado\" style=\"text-align: justify\">Os interessados devem encaminhar Curr\u00edculo ao e-mail oficial da Assessoria Financeira da Coordena\u00e7\u00e3o Regional de Jata\u00ed\u00a0(afin.crejatai@seduc.go.gov.br), contendo os contatos telef\u00f4nicos e endere\u00e7os de e-mail para correspond\u00eancias eletr\u00f4nicas, e ainda, que no campo Assunto do e-mail, seja informada a Unidade Escolar e a disciplina da vaga pleiteada.<\/p>\n<p class=\"Texto_Justificado_Esp15\" style=\"text-align: justify\">Oportunamente esclarece, que a Coordena\u00e7\u00e3o Regional de Educa\u00e7\u00e3o de Jata\u00ed\u00a0instituir\u00e1 comiss\u00e3o pr\u00f3pria para as an\u00e1lises curriculares, que ser\u00e1 composta por membros da CRE, objetivando assim, a ado\u00e7\u00e3o de medidas e provid\u00eancias pertinentes ao suprimento de todos os d\u00e9ficits de professores existentes na Rede Estadual de Educa\u00e7\u00e3o de Goi\u00e1s, que garantam os servi\u00e7os prestados \u00e0 comunidade goiana.<\/p>\n<p style=\"text-align: center\">SEDUC\/GO<\/p>\n<hr \/>\n<h3 style=\"text-align: center\">COMUNICADO<\/h3>\n<p align=\"center\"><strong>PARA CONTRATA\u00c7\u00c3O TEMPOR\u00c1RIA<\/strong><\/p>\n<pre style=\"text-align: center\">Publica\u00e7\u00e3o: 08\/08\/2024\nEncerramento: 12\/08\/2024 \u00e0s 18h<\/pre>\n<h4 style=\"text-align: center\"><strong><span style=\"color: #ff0000\">ENCERRADO<\/span><\/strong><\/h4>\n<p class=\"Texto_Justificado\" style=\"text-align: justify\">O Governo do Estado de Goi\u00e1s, atrav\u00e9s da Secretaria de Estado da Educa\u00e7\u00e3o, diante da inexist\u00eancia de Processo Seletivo Simplificado vigente no \u00e2mbito desta Pasta e considerando a exist\u00eancia de d\u00e9ficits de professores nas unidades escolares pertencentes ao munic\u00edpio de\u00a0Serran\u00f3polis, jurisdicionado \u00e0 Coordena\u00e7\u00e3o Regional de Educa\u00e7\u00e3o (CRE) de Jatai, informa que est\u00e1 recebendo curr\u00edculos, para sele\u00e7\u00e3o e contrata\u00e7\u00e3o tempor\u00e1ria com natureza emergencial para atender aos interesses da Administra\u00e7\u00e3o:\u00a0<strong>01 (um) professor da \u00c1rea de Ci\u00eancias Humanas e suas tecnologias, para ministrar 32 (trinta e duas) aulas no(s) turno(s) matutino e vespertino no COL\u00c9GIO ESTADUAL DOM ABEL<\/strong>, visando afastar eventuais preju\u00edzos educacionais e\/ou pedag\u00f3gicos aos estudantes da Rede Estadual de Educa\u00e7\u00e3o de Goi\u00e1s.<\/p>\n<p class=\"Texto_Justificado\" style=\"text-align: justify\">A presente convoca\u00e7\u00e3o justifica-se por d\u00e9ficit causado por rescis\u00e3o a pedido\u00a0 da(o) professor(a) titular.<\/p>\n<p class=\"Texto_Justificado\" style=\"text-align: justify\">Os interessados devem encaminhar Curr\u00edculo ao e-mail oficial da Assessoria Financeira da Coordena\u00e7\u00e3o Regional de Jatai\u00a0(afin.crejatai@seduc.go.gov.br), contendo os contatos telef\u00f4nicos e endere\u00e7os de e-mail para correspond\u00eancias eletr\u00f4nicas, e ainda, que no campo Assunto do e-mail, seja informada a Unidade Escolar e a disciplina da vaga pleiteada.<\/p>\n<p class=\"Texto_Justificado_Esp15\" style=\"text-align: justify\">Oportunamente esclarece, que a Coordena\u00e7\u00e3o Regional de Educa\u00e7\u00e3o de\u00a0Jatai\u00a0instituir\u00e1 comiss\u00e3o pr\u00f3pria para as an\u00e1lises curriculares, que ser\u00e1 composta por membros da CRE, objetivando assim, a ado\u00e7\u00e3o de medidas e provid\u00eancias pertinentes ao suprimento de todos os d\u00e9ficits de professores existentes na Rede Estadual de Educa\u00e7\u00e3o de Goi\u00e1s, que garantam os servi\u00e7os prestados \u00e0 comunidade goiana.<\/p>\n<p style=\"text-align: center\">SEDUC\/GO<\/p>\n<hr \/>\n<h3 style=\"text-align: center\">COMUNICADO<\/h3>\n<p align=\"center\"><strong>PARA CONTRATA\u00c7\u00c3O TEMPOR\u00c1RIA<\/strong><\/p>\n<pre style=\"text-align: center\">Publica\u00e7\u00e3o: 07\/08\/2024\nEncerramento: 09\/08\/2024 \u00e0s 18h\n<\/pre>\n<h4 style=\"text-align: center\"><strong><span style=\"color: #ff0000\">ENCERRADO<\/span><\/strong><\/h4>\n<p class=\"Texto_Justificado\" style=\"text-align: justify\">O Governo do Estado de Goi\u00e1s, atrav\u00e9s da Secretaria de Estado da Educa\u00e7\u00e3o, diante da inexist\u00eancia de Processo Seletivo Simplificado vigente no \u00e2mbito desta Pasta e considerando a exist\u00eancia de d\u00e9ficits de professores nas unidades escolares pertencentes ao munic\u00edpio de\u00a0Itarum\u00e3, jurisdicionado \u00e0 Coordena\u00e7\u00e3o Regional de Educa\u00e7\u00e3o (CRE) de\u00a0Jata\u00ed, informa que est\u00e1 recebendo curr\u00edculos, para sele\u00e7\u00e3o e contrata\u00e7\u00e3o tempor\u00e1ria com natureza emergencial para atender aos interesses da Administra\u00e7\u00e3o:\u00a0<strong>01 (um) professor de Geografia, para ministrar 30 (trinta) aulas no(s) turno(s) matutino e vespertino no COL\u00c9GIO ESTADUAL COELHO NETO,<\/strong>\u00a0a partir de 10\/08\/2024, visando afastar eventuais preju\u00edzos educacionais e\/ou pedag\u00f3gicos aos estudantes da Rede Estadual de Educa\u00e7\u00e3o de Goi\u00e1s.<\/p>\n<p class=\"Texto_Justificado\" style=\"text-align: justify\">A presente convoca\u00e7\u00e3o justifica-se por d\u00e9ficit causado por remanejamento da(o) professor(a) titular.<\/p>\n<p class=\"Texto_Justificado\" style=\"text-align: justify\">Os interessados devem encaminhar Curr\u00edculo ao e-mail oficial da Assessoria Financeira da Coordena\u00e7\u00e3o Regional de\u00a0Jata\u00ed\u00a0(afin.crejatai@seduc.go.gov.br), contendo os contatos telef\u00f4nicos e endere\u00e7os de e-mail para correspond\u00eancias eletr\u00f4nicas, e ainda, que no campo Assunto do e-mail, seja informada a Unidade Escolar e a disciplina da vaga pleiteada.<\/p>\n<p class=\"Texto_Justificado_Esp15\" style=\"text-align: justify\">Oportunamente esclarece, que a Coordena\u00e7\u00e3o Regional de Educa\u00e7\u00e3o de\u00a0Jata\u00ed\u00a0instituir\u00e1 comiss\u00e3o pr\u00f3pria para as an\u00e1lises curriculares, que ser\u00e1 composta por membros da CRE, objetivando assim, a ado\u00e7\u00e3o de medidas e provid\u00eancias pertinentes ao suprimento de todos os d\u00e9ficits de professores existentes na Rede Estadual de Educa\u00e7\u00e3o de Goi\u00e1s, que garantam os servi\u00e7os prestados \u00e0 comunidade goiana.<\/p>\n<p style=\"text-align: center\">SEDUC\/GO<\/p>\n<hr \/>\n<h3 style=\"text-align: center\">COMUNICADO<\/h3>\n<p align=\"center\"><strong>PARA CONTRATA\u00c7\u00c3O TEMPOR\u00c1RIA<\/strong><\/p>\n<pre style=\"text-align: center\">Publica\u00e7\u00e3o: 06\/08\/2024\nEncerramento: 08\/08\/2024 \u00e0s 18h\n<\/pre>\n<h4 style=\"text-align: center\"><strong><span style=\"color: #ff0000\">ENCERRADO<\/span><\/strong><\/h4>\n<p class=\"Texto_Justificado\" style=\"text-align: justify\">O Governo do Estado de Goi\u00e1s, atrav\u00e9s da Secretaria de Estado da Educa\u00e7\u00e3o, diante da inexist\u00eancia de Processo Seletivo Simplificado vigente no \u00e2mbito desta Pasta e considerando a exist\u00eancia de d\u00e9ficits de professores nas unidades escolares pertencentes ao munic\u00edpio de Jata\u00ed, jurisdicionado \u00e0 Coordena\u00e7\u00e3o Regional de Educa\u00e7\u00e3o (CRE) de Jata\u00ed, informa que est\u00e1 recebendo curr\u00edculos, para sele\u00e7\u00e3o e contrata\u00e7\u00e3o tempor\u00e1ria com natureza emergencial para atender aos interesses da Administra\u00e7\u00e3o:\u00a0<strong>01 (um) professor de Educa\u00e7\u00e3o F\u00edsica para ministrar 32 (trinta e duas) aulas semanais nos turnos matutino e vespertino no Centro de Ensino em Per\u00edodo Integral Serafim de Carvalho<\/strong><strong>,<\/strong>\u00a0no\u00a0per\u00edodo de\u00a007\/08\/2024 a 13\/12\/2024, visando afastar eventuais preju\u00edzos educacionais e\/ou pedag\u00f3gicos aos estudantes da Rede Estadual de Educa\u00e7\u00e3o de Goi\u00e1s.<\/p>\n<p class=\"Texto_Justificado\" style=\"text-align: justify\">A presente convoca\u00e7\u00e3o justifica-se por d\u00e9ficit causado por concess\u00e3o de licen\u00e7a maternidade concedida a(o) professor(a) titular.<\/p>\n<p class=\"Texto_Justificado\" style=\"text-align: justify\">Os interessados devem encaminhar Curr\u00edculo ao e-mail oficial da Assessoria Financeira da Coordena\u00e7\u00e3o Regional de Educa\u00e7\u00e3o de Jata\u00ed (afin.crejatai@seduc.go.gov.br), contendo os contatos telef\u00f4nicos e endere\u00e7os de e-mail para correspond\u00eancias eletr\u00f4nicas, e ainda, que no campo Assunto do e-mail, seja informada a Unidade Escolar e a disciplina da vaga pleiteada.<\/p>\n<p class=\"Texto_Justificado\" style=\"text-align: justify\">Oportunamente esclarece, que a Coordena\u00e7\u00e3o Regional de Educa\u00e7\u00e3o de Jata\u00ed instituir\u00e1 comiss\u00e3o pr\u00f3pria para as an\u00e1lises curriculares, que ser\u00e1 composta por membros da CRE, objetivando assim, a ado\u00e7\u00e3o de medidas e provid\u00eancias pertinentes ao suprimento de todos os d\u00e9ficits de professores existentes na Rede Estadual de Educa\u00e7\u00e3o de Goi\u00e1s, que garantam os servi\u00e7os prestados \u00e0 comunidade goiana.<\/p>\n<p style=\"text-align: center\">SEDUC\/GO<\/p>\n<hr \/>\n<h3 style=\"text-align: center\">COMUNICADO<\/h3>\n<p align=\"center\"><strong>PARA CONTRATA\u00c7\u00c3O TEMPOR\u00c1RIA<\/strong><\/p>\n<pre style=\"text-align: center\">Publica\u00e7\u00e3o: 06\/08\/2024\nEncerramento: 08\/08\/2024 \u00e0s 18h\n<\/pre>\n<h4 style=\"text-align: center\"><strong><span style=\"color: #ff0000\">ENCERRADO<\/span><\/strong><\/h4>\n<p class=\"Texto_Justificado\" style=\"text-align: justify\">O Governo do Estado de Goi\u00e1s, atrav\u00e9s da Secretaria de Estado da Educa\u00e7\u00e3o, diante da inexist\u00eancia de Processo Seletivo Simplificado vigente no \u00e2mbito desta Pasta e considerando a exist\u00eancia de d\u00e9ficits de professores nas unidades escolares pertencentes ao munic\u00edpio de Jata\u00ed, jurisdicionado \u00e0 Coordena\u00e7\u00e3o Regional de Educa\u00e7\u00e3o (CRE) de Jata\u00ed, informa que est\u00e1 recebendo curr\u00edculos, para sele\u00e7\u00e3o e contrata\u00e7\u00e3o tempor\u00e1ria com natureza emergencial para atender aos interesses da Administra\u00e7\u00e3o:\u00a0<strong>01 (um) professor para ministrar 32 (trinta e duas) aulas semanais de sociologia e disciplinas afins,\u00a0<\/strong><strong>no(s) turno(s) matutino e vespertino no<\/strong><strong>\u00a0CEPI &#8211; CENTRO DE ENSINO EM PER\u00cdODO INTEGRAL SERAFIM DE CARVALHO,<\/strong>\u00a0<strong>a partir de 09\/08\/2024<\/strong>, visando afastar eventuais preju\u00edzos educacionais e\/ou pedag\u00f3gicos aos estudantes da Rede Estadual de Educa\u00e7\u00e3o de Goi\u00e1s.<\/p>\n<p class=\"Texto_Justificado\" style=\"text-align: justify\">A presente convoca\u00e7\u00e3o justifica-se por d\u00e9ficit causado por concess\u00e3o de aposentadoria a(o) professor(a) titular.<\/p>\n<p class=\"Texto_Justificado\" style=\"text-align: justify\">Os interessados devem encaminhar Curr\u00edculo ao e-mail oficial da Assessoria Financeira da Coordena\u00e7\u00e3o Regional de Educa\u00e7\u00e3o de Jata\u00ed (afin.crejatai@seduc.go.gov.br), contendo os contatos telef\u00f4nicos e endere\u00e7os de e-mail para correspond\u00eancias eletr\u00f4nicas, e ainda, que no campo Assunto do e-mail, seja informada a Unidade Escolar e a disciplina da vaga pleiteada.<\/p>\n<p class=\"Texto_Justificado_Esp15\" style=\"text-align: justify\">Oportunamente esclarece, que a Coordena\u00e7\u00e3o Regional de Educa\u00e7\u00e3o de Jata\u00ed instituir\u00e1 comiss\u00e3o pr\u00f3pria para as an\u00e1lises curriculares, que ser\u00e1 composta por membros da CRE, objetivando assim, a ado\u00e7\u00e3o de medidas e provid\u00eancias pertinentes ao suprimento de todos os d\u00e9ficits de professores existentes na Rede Estadual de Educa\u00e7\u00e3o de Goi\u00e1s, que garantam os servi\u00e7os prestados \u00e0 comunidade goiana.<\/p>\n<p style=\"text-align: center\">SEDUC\/GO<\/p>\n<hr \/>\n<h3 style=\"text-align: center\">COMUNICADO<\/h3>\n<p align=\"center\"><strong>PARA CONTRATA\u00c7\u00c3O TEMPOR\u00c1RIA<\/strong><\/p>\n<pre style=\"text-align: center\">Publica\u00e7\u00e3o: 05\/08\/2024\nEncerramento: 07\/08\/2024 \u00e0s 18h\n<\/pre>\n<h4 style=\"text-align: center\"><strong><span style=\"color: #ff0000\">ENCERRADO<\/span><\/strong><\/h4>\n<p class=\"Texto_Justificado\" style=\"text-align: justify\">O Governo do Estado de Goi\u00e1s, atrav\u00e9s da Secretaria de Estado da Educa\u00e7\u00e3o, diante da inexist\u00eancia de Processo Seletivo Simplificado vigente no \u00e2mbito desta Pasta e considerando a exist\u00eancia de d\u00e9ficits de professores nas unidades escolares pertencentes ao <strong>munic\u00edpio de Itaj\u00e1<\/strong>, jurisdicionado \u00e0 Coordena\u00e7\u00e3o Regional de Educa\u00e7\u00e3o (CRE) de Jata\u00ed, informa que est\u00e1 recebendo curr\u00edculos, para sele\u00e7\u00e3o e contrata\u00e7\u00e3o tempor\u00e1ria com natureza emergencial para atender aos interesses da Administra\u00e7\u00e3o: <strong>01 (um) professor para ministrar<\/strong><strong> 24 (vinte e quatro) aulas semanais de MATEM\u00c1TICA e disciplinas afins, nos turnos matutino e vespertino no Col\u00e9gio Estadual Presidente Castelo Branco,\u00a0no\u00a0per\u00edodo de 07\/08\/2024 a 13\/12\/2024<\/strong>, visando afastar eventuais preju\u00edzos educacionais e\/ou pedag\u00f3gicos aos estudantes da Rede Estadual de Educa\u00e7\u00e3o de Goi\u00e1s.<\/p>\n<p class=\"Texto_Justificado\" style=\"text-align: justify\">A presente convoca\u00e7\u00e3o justifica-se por d\u00e9ficit causado por concess\u00e3o de licen\u00e7a maternidade concedida a(o) professor(a) titular.<\/p>\n<p class=\"Texto_Justificado\" style=\"text-align: justify\">Os interessados devem encaminhar Curr\u00edculo ao e-mail oficial da Assessoria Financeira da Coordena\u00e7\u00e3o Regional de Educa\u00e7\u00e3o de Jata\u00ed (afin.crejatai@seduc.go.gov.br), contendo os contatos telef\u00f4nicos e endere\u00e7os de e-mail para correspond\u00eancias eletr\u00f4nicas, e ainda, que no campo Assunto do e-mail, seja informada a Unidade Escolar e a disciplina da vaga pleiteada.<\/p>\n<p class=\"Texto_Justificado\" style=\"text-align: justify\">Oportunamente esclarece, que a Coordena\u00e7\u00e3o Regional de Educa\u00e7\u00e3o de Jata\u00ed instituir\u00e1 comiss\u00e3o pr\u00f3pria para as an\u00e1lises curriculares, que ser\u00e1 composta por membros da CRE, objetivando assim, a ado\u00e7\u00e3o de medidas e provid\u00eancias pertinentes ao suprimento de todos os d\u00e9ficits de professores existentes na Rede Estadual de Educa\u00e7\u00e3o de Goi\u00e1s, que garantam os servi\u00e7os prestados \u00e0 comunidade goiana.<\/p>\n<p style=\"text-align: center\">SEDUC\/GO<\/p>\n<hr \/>\n<h3 style=\"text-align: center\">COMUNICADO<\/h3>\n<p align=\"center\"><strong>PARA CONTRATA\u00c7\u00c3O TEMPOR\u00c1RIA<\/strong><\/p>\n<pre style=\"text-align: center\">Publica\u00e7\u00e3o: 02\/08\/2024\nEncerramento: 06\/08\/2024 \u00e0s 18h\n<\/pre>\n<h4 style=\"text-align: center\"><strong><span style=\"color: #ff0000\">ENCERRADO<\/span><\/strong><\/h4>\n<p class=\"Texto_Justificado\" style=\"text-align: justify\">O Governo do Estado de Goi\u00e1s, atrav\u00e9s da Secretaria de Estado da Educa\u00e7\u00e3o, diante da inexist\u00eancia de Processo Seletivo Simplificado vigente no \u00e2mbito desta Pasta e considerando a exist\u00eancia de d\u00e9ficits de professores nas unidades escolares pertencentes ao munic\u00edpio de <strong>Jata\u00ed,<\/strong> jurisdicionado \u00e0 Coordena\u00e7\u00e3o Regional de Educa\u00e7\u00e3o (CRE) de Jata\u00ed, informa que est\u00e1 recebendo curr\u00edculos, para sele\u00e7\u00e3o e contrata\u00e7\u00e3o tempor\u00e1ria com natureza emergencial para atender aos interesses da Administra\u00e7\u00e3o:\u00a0<strong>01 (um) professor para ministrar 32 (trinta e duas) aulas semanais de Matem\u00e1tica e disciplinas afins, <\/strong><strong>no(s) turno(s) matutino e vespertino no CEPI &#8211; CENTRO DE ENSINO EM PER\u00cdODO INTEGRAL SERAFIM DE CARVALHO<\/strong><strong>,<\/strong>\u00a0<strong>no\u00a0per\u00edodo de 07\/08\/2024 a 13\/12\/2024<\/strong>, visando afastar eventuais preju\u00edzos educacionais e\/ou pedag\u00f3gicos aos estudantes da Rede Estadual de Educa\u00e7\u00e3o de Goi\u00e1s.<\/p>\n<p class=\"Texto_Justificado\" style=\"text-align: justify\">A presente convoca\u00e7\u00e3o justifica-se por d\u00e9ficit causado por concess\u00e3o de licen\u00e7a maternidade concedida a(o) professor(a) titular.<\/p>\n<p class=\"Texto_Justificado\" style=\"text-align: justify\">Os interessados devem encaminhar Curr\u00edculo ao e-mail oficial da Assessoria Financeira da Coordena\u00e7\u00e3o Regional de Educa\u00e7\u00e3o de Jata\u00ed (afin.crejatai@seduc.go.gov.br), contendo os contatos telef\u00f4nicos e endere\u00e7os de e-mail para correspond\u00eancias eletr\u00f4nicas, e ainda, que no campo Assunto do e-mail, seja informada a Unidade Escolar e a disciplina da vaga pleiteada.<\/p>\n<p class=\"Texto_Justificado\" style=\"text-align: justify\">Oportunamente esclarece, que a Coordena\u00e7\u00e3o Regional de Educa\u00e7\u00e3o de Jata\u00ed instituir\u00e1 comiss\u00e3o pr\u00f3pria para as an\u00e1lises curriculares, que ser\u00e1 composta por membros da CRE, objetivando assim, a ado\u00e7\u00e3o de medidas e provid\u00eancias pertinentes ao suprimento de todos os d\u00e9ficits de professores existentes na Rede Estadual de Educa\u00e7\u00e3o de Goi\u00e1s, que garantam os servi\u00e7os prestados \u00e0 comunidade goiana.<\/p>\n<p style=\"text-align: center\">SEDUC\/GO<\/p>\n<hr \/>\n<h3 style=\"text-align: center\">COMUNICADO<\/h3>\n<p align=\"center\"><strong>PARA CONTRATA\u00c7\u00c3O TEMPOR\u00c1RIA<\/strong><\/p>\n<pre style=\"text-align: center\">Publica\u00e7\u00e3o: 02\/08\/2024\nEncerramento: 06\/08\/2024 \u00e0s 18h\n<\/pre>\n<h4 style=\"text-align: center\"><strong><span style=\"color: #ff0000\">ENCERRADO<\/span><\/strong><\/h4>\n<p class=\"Texto_Justificado\" style=\"text-align: justify\">O Governo do Estado de Goi\u00e1s, atrav\u00e9s da Secretaria de Estado da Educa\u00e7\u00e3o, diante da inexist\u00eancia de Processo Seletivo Simplificado vigente no \u00e2mbito desta Pasta e considerando a exist\u00eancia de d\u00e9ficits de professores nas unidades escolares pertencentes ao munic\u00edpio de\u00a0Aparecida do Rio Doce, jurisdicionado \u00e0 Coordena\u00e7\u00e3o Regional de Educa\u00e7\u00e3o (CRE) de\u00a0Jata\u00ed,, informa que est\u00e1 recebendo curr\u00edculos, para sele\u00e7\u00e3o e contrata\u00e7\u00e3o tempor\u00e1ria com natureza emergencial para atender aos interesses da Administra\u00e7\u00e3o:<strong>\u00a001 (um) pedagogo para a fun\u00e7\u00e3o 631 &#8211; Professor de Media\u00e7\u00e3o de Tecnologia, 30 (trinta) horas semanais no(s) turno(s) matutino no Col\u00e9gio Estadual S\u00e3o Jo\u00e3o,\u00a0a partir 07\/08\/2024<\/strong>, visando afastar eventuais preju\u00edzos educacionais e\/ou pedag\u00f3gicos aos estudantes da Rede Estadual de Educa\u00e7\u00e3o de Goi\u00e1s.<\/p>\n<p class=\"Texto_Justificado\" style=\"text-align: justify\">A presente convoca\u00e7\u00e3o justifica-se por d\u00e9ficit causado por concess\u00e3o de aposentadoria a(o) professor(a) titular.<\/p>\n<p class=\"Texto_Justificado\" style=\"text-align: justify\">Os interessados devem encaminhar Curr\u00edculo ao e-mail oficial da Assessoria Financeira da Coordena\u00e7\u00e3o Regional de Educa\u00e7\u00e3o de\u00a0Jata\u00ed,\u00a0(afin.crejatai@seduc.go.gov.br), contendo os contatos telef\u00f4nicos e endere\u00e7os de e-mail para correspond\u00eancias eletr\u00f4nicas, e ainda, que no campo Assunto do e-mail, seja informada a Unidade Escolar e a disciplina da vaga pleiteada.<\/p>\n<p class=\"Texto_Justificado_Esp15\" style=\"text-align: justify\">Oportunamente esclarece, que a Coordena\u00e7\u00e3o Regional de Educa\u00e7\u00e3o de\u00a0Jata\u00ed,\u00a0instituir\u00e1 comiss\u00e3o pr\u00f3pria para as an\u00e1lises curriculares, que ser\u00e1 composta por membros da CRE, objetivando assim, a ado\u00e7\u00e3o de medidas e provid\u00eancias pertinentes ao suprimento de todos os d\u00e9ficits de professores existentes na Rede Estadual de Educa\u00e7\u00e3o de Goi\u00e1s, que garantam os servi\u00e7os prestados \u00e0 comunidade goiana.<\/p>\n<p style=\"text-align: center\">SEDUC\/GO<\/p>\n<hr \/>\n<h3 style=\"text-align: center\">COMUNICADO<\/h3>\n<p align=\"center\"><strong>PARA CONTRATA\u00c7\u00c3O TEMPOR\u00c1RIA<\/strong><\/p>\n<pre style=\"text-align: center\">Publica\u00e7\u00e3o: 31\/07\/2024\nEncerramento: 02\/08\/2024 \u00e0s 18h\n<\/pre>\n<h4 style=\"text-align: center\"><strong><span style=\"color: #ff0000\">ENCERRADO<\/span><\/strong><\/h4>\n<p class=\"Texto_Justificado\" style=\"text-align: justify\">O Governo do Estado de Goi\u00e1s, atrav\u00e9s da Secretaria de Estado da Educa\u00e7\u00e3o, diante da inexist\u00eancia de Processo Seletivo Simplificado vigente no \u00e2mbito desta Pasta e considerando a exist\u00eancia de d\u00e9ficits de professores nas unidades escolares pertencentes ao\u00a0<strong>munic\u00edpio de\u00a0Serran\u00f3polis,<\/strong>\u00a0jurisdicionado \u00e0 Coordena\u00e7\u00e3o Regional de Educa\u00e7\u00e3o (CRE) de\u00a0Jata\u00ed, informa que est\u00e1 recebendo curr\u00edculos para sele\u00e7\u00e3o e contrata\u00e7\u00e3o tempor\u00e1ria com natureza emergencial para atender aos interesses da Administra\u00e7\u00e3o de um professor para\u00a0<strong>ministrar 16 (dezesseis) aulas semanais de Ci\u00eancias da Natureza e disciplinas afins, no(s) turno(s) matutino e vespertino do Col\u00e9gio Estadual Dom Abel, a partir de 01\/08\/2024<\/strong>, visando afastar eventuais preju\u00edzos educacionais e\/ou pedag\u00f3gicos aos estudantes da Rede Estadual de Educa\u00e7\u00e3o de Goi\u00e1s.<\/p>\n<p class=\"Texto_Justificado\" style=\"text-align: justify\">A presente convoca\u00e7\u00e3o justifica-se por d\u00e9ficit causado por concess\u00e3o de afastamento para exerc\u00edcio de atividade pol\u00edtica concedida a(o) professor(a) titular, conforme disciplina o art. 208, da Lei n.\u00ba 13.909, de 25 de setembro de 2001.<\/p>\n<p class=\"Texto_Justificado\" style=\"text-align: justify\">Os interessados devem encaminhar Curr\u00edculo ao e-mail oficial da Assessoria Financeira da Coordena\u00e7\u00e3o Regional de Educa\u00e7\u00e3o de\u00a0Jata\u00ed\u00a0(afin.crejatai@seduc.go.gov.br), contendo os contatos telef\u00f4nicos e endere\u00e7os de e-mail para correspond\u00eancias eletr\u00f4nicas, e ainda, que no campo Assunto do e-mail, seja informada a Unidade Escolar e a disciplina da vaga pleiteada.<\/p>\n<p class=\"Texto_Justificado\" style=\"text-align: justify\">Oportunamente esclarece, que a Coordena\u00e7\u00e3o Regional de Educa\u00e7\u00e3o de\u00a0Jata\u00edinstituir\u00e1 comiss\u00e3o pr\u00f3pria para as an\u00e1lises curriculares, que ser\u00e1 composta por membros da CRE, objetivando assim, a ado\u00e7\u00e3o de medidas e provid\u00eancias pertinentes ao suprimento de todos os d\u00e9ficits de professores existentes na Rede Estadual de Educa\u00e7\u00e3o de Goi\u00e1s, que garantam os servi\u00e7os prestados \u00e0 comunidade goiana.<\/p>\n<p style=\"text-align: center\">SEDUC\/GO<\/p>\n<hr \/>\n<h3 style=\"text-align: center\">COMUNICADO<\/h3>\n<p align=\"center\"><strong>PARA CONTRATA\u00c7\u00c3O TEMPOR\u00c1RIA<\/strong><\/p>\n<pre style=\"text-align: center\">Publica\u00e7\u00e3o: 29\/07\/2024\nEncerramento: 31\/07\/2024 \u00e0s 18h\n<\/pre>\n<h4 style=\"text-align: center\"><strong><span style=\"color: #ff0000\">ENCERRADO<\/span><\/strong><\/h4>\n<p class=\"Texto_Justificado\" style=\"text-align: justify\">O Governo do Estado de Goi\u00e1s, atrav\u00e9s da Secretaria de Estado da Educa\u00e7\u00e3o, diante da inexist\u00eancia de Processo Seletivo Simplificado vigente no \u00e2mbito desta Pasta e considerando a exist\u00eancia de d\u00e9ficits de professores nas unidades escolares pertencentes ao munic\u00edpio de Lago Santa, jurisdicionado \u00e0 Coordena\u00e7\u00e3o Regional de Educa\u00e7\u00e3o (CRE) de Jata\u00ed, informa que est\u00e1 recebendo curr\u00edculos para sele\u00e7\u00e3o e contrata\u00e7\u00e3o tempor\u00e1ria com natureza emergencial para atender aos interesses da Administra\u00e7\u00e3o de um professor para cumprir jornada de trabalho de 30 (trinta) horas no turno noturno na fun\u00e7\u00e3o de Professor de Mediador de Tecnologia e ministrar 8 (oito) aulas semanais no turno matutino na(s) disciplina(s) de <strong>CI\u00caNCIAS DA NATUREZA e afins\u00a0<\/strong><strong>no COL\u00c9GIO ESTADUAL DEPUTADO JOS\u00c9 DE ASSIS<\/strong>, a partir de 01\/08\/2024, visando afastar eventuais preju\u00edzos educacionais e\/ou pedag\u00f3gicos aos estudantes da Rede Estadual de Educa\u00e7\u00e3o de Goi\u00e1s.<\/p>\n<p class=\"Texto_Justificado\" style=\"text-align: justify\">A presente convoca\u00e7\u00e3o justifica-se por d\u00e9ficit causado por concess\u00e3o de afastamento para exerc\u00edcio de atividade pol\u00edtica concedida a(o) professor(a) titular, conforme disciplina o art. 208, da Lei n.\u00ba 13.909, de 25 de setembro de 2001.<\/p>\n<p class=\"Texto_Justificado\" style=\"text-align: justify\">Os interessados devem encaminhar Curr\u00edculo ao e-mail oficial da Assessoria Financeira da Coordena\u00e7\u00e3o Regional de Educa\u00e7\u00e3o de Jata\u00ed (afin.crejatai@seduc.go.gov.br), contendo os contatos telef\u00f4nicos e endere\u00e7os de e-mail para correspond\u00eancias eletr\u00f4nicas, e ainda, que no campo Assunto do e-mail, seja informada a Unidade Escolar e a disciplina da vaga pleiteada.<\/p>\n<p class=\"Texto_Justificado\" style=\"text-align: justify\">Oportunamente esclarece, que a Coordena\u00e7\u00e3o Regional de Educa\u00e7\u00e3o de Jata\u00ed instituir\u00e1 comiss\u00e3o pr\u00f3pria para as an\u00e1lises curriculares, que ser\u00e1 composta por membros da CRE, objetivando assim, a ado\u00e7\u00e3o de medidas e provid\u00eancias pertinentes ao suprimento de todos os d\u00e9ficits de professores existentes na Rede Estadual de Educa\u00e7\u00e3o de Goi\u00e1s, que garantam os servi\u00e7os prestados \u00e0 comunidade goiana.<\/p>\n<p style=\"text-align: center\">SEDUC\/GO<\/p>\n<hr \/>\n<h3 style=\"text-align: center\">COMUNICADO<\/h3>\n<p align=\"center\"><strong>PARA CONTRATA\u00c7\u00c3O TEMPOR\u00c1RIA<\/strong><\/p>\n<pre style=\"text-align: center\">Publica\u00e7\u00e3o: 07\/05\/2024\nEncerramento: 09\/05\/2024 \u00e0s 18h\n<\/pre>\n<h4 style=\"text-align: center\"><strong><span style=\"color: #ff0000\">ENCERRADO<\/span><\/strong><\/h4>\n<p style=\"text-align: justify\">O Governo do Estado de Goi\u00e1s, atrav\u00e9s da Secretaria de Estado da Educa\u00e7\u00e3o, diante da inexist\u00eancia de Processo Seletivo Simplificado vigente no \u00e2mbito desta Pasta e considerando a exist\u00eancia de d\u00e9ficits de professores nas unidades escolares pertencentes ao munic\u00edpio de Jata\u00ed, jurisdicionado \u00e0 Coordena\u00e7\u00e3o Regional de Educa\u00e7\u00e3o (CRE) de Jata\u00ed, informa que est\u00e1 recebendo curr\u00edculos para sele\u00e7\u00e3o e contrata\u00e7\u00e3o tempor\u00e1ria com natureza emergencial para atender aos interesses da Administra\u00e7\u00e3o, \u00a0para ministrar 16 (dezesseis) aulas semanais na(s) disciplina\u00a0 de \u00a0<strong>EDUCA\u00c7\u00c3O FISICA, \u00a0<\/strong>no turno vespertino, \u00a0no \u00a0Col\u00e9gio Estadual Prof\u00aa Ta\u00eds Santos Neves Carvalho, visando afastar eventuais preju\u00edzos educacionais e\/ou pedag\u00f3gicos aos estudantes da Rede Estadual de Educa\u00e7\u00e3o de Goi\u00e1s.<\/p>\n<p style=\"text-align: justify\">A presente convoca\u00e7\u00e3o justifica-se por d\u00e9ficit causado por afastamento em decorr\u00eancia de Licen\u00e7a M\u00e9dica do professor titular, conforme disciplina o art. 208, da Lei n.\u00ba 13.909, de 25 de setembro de 2001.<\/p>\n<p style=\"text-align: justify\">Os interessados devem encaminhar Curr\u00edculo ao e-mail oficial da Coordena\u00e7\u00e3o Regional de Educa\u00e7\u00e3o (<strong>srejatai@seduc.go.gov.br<\/strong>), contendo os contatos telef\u00f4nicos e endere\u00e7os de e-mail para correspond\u00eancias eletr\u00f4nicas.<\/p>\n<p style=\"text-align: justify\">Oportunamente esclarece, que a Coordena\u00e7\u00e3o Regional de Educa\u00e7\u00e3o de Jata\u00ed instituir\u00e1 comiss\u00e3o pr\u00f3pria para as an\u00e1lises curriculares, que ser\u00e1 composta por integrante do Sindicato da categoria e membros da CRE, objetivando assim, a ado\u00e7\u00e3o de medidas e provid\u00eancias pertinentes ao suprimento de todos os d\u00e9ficits de professores existentes na Rede Estadual de Educa\u00e7\u00e3o de Goi\u00e1s, que garantam os servi\u00e7os prestados \u00e0 comunidade goiana.<\/p>\n<p style=\"text-align: center\">SEDUC\/GO<\/p>\n<hr \/>\n<h3 style=\"text-align: center\">COMUNICADO<\/h3>\n<p align=\"center\"><strong>PARA CONTRATA\u00c7\u00c3O TEMPOR\u00c1RIA<\/strong><\/p>\n<pre style=\"text-align: center\">Publica\u00e7\u00e3o: 06\/05\/2024\nEncerramento: 08\/05\/2024 \u00e0s 18h\n<\/pre>\n<h4 style=\"text-align: center\"><strong><span style=\"color: #ff0000\">ENCERRADO<\/span><\/strong><\/h4>\n<p style=\"text-align: justify\">O Governo do Estado de Goi\u00e1s, atrav\u00e9s da Secretaria de Estado da Educa\u00e7\u00e3o, diante da inexist\u00eancia de Processo Seletivo Simplificado vigente no \u00e2mbito desta Pasta e considerando a exist\u00eancia de d\u00e9ficits de professores nas unidades escolares pertencentes ao munic\u00edpio de <strong>Serran\u00f3polis<\/strong>, \u00a0jurisdicionado \u00e0 Coordena\u00e7\u00e3o Regional de Educa\u00e7\u00e3o (CRE) de \u00a0Jata\u00ed, informa que est\u00e1 recebendo curr\u00edculos para sele\u00e7\u00e3o e contrata\u00e7\u00e3o tempor\u00e1ria com natureza emergencial para atender aos interesses da Administra\u00e7\u00e3o, para ministrar 32 (trinta e duas) aulas semanais, \u00a0na(s) disciplina(s) de<strong> L\u00cdNGUA PORTUGUESA,\u00a0 <\/strong>nos turnos matutino e vespertino,\u00a0 no <strong>\u00a0Col\u00e9gio Estadual\u00a0 Dom Abel <\/strong>visando afastar eventuais preju\u00edzos educacionais e\/ou pedag\u00f3gicos aos estudantes da Rede Estadual de Educa\u00e7\u00e3o de Goi\u00e1s.<\/p>\n<p style=\"text-align: justify\">A presente convoca\u00e7\u00e3o justifica-se por d\u00e9ficit causado por rescis\u00e3o de professor em regime de contrato tempor\u00e1rio que ministrava as aulas.<\/p>\n<p style=\"text-align: justify\">Os interessados devem encaminhar Curr\u00edculo ao e-mail oficial da Coordena\u00e7\u00e3o Regional de Educa\u00e7\u00e3o (<strong>srejatai@seduc.go.gov.br<\/strong>), contendo os contatos telef\u00f4nicos e endere\u00e7os de e-mail para correspond\u00eancias eletr\u00f4nicas.<\/p>\n<p style=\"text-align: justify\">Oportunamente esclarece, que a Coordena\u00e7\u00e3o Regional de Educa\u00e7\u00e3o de Jata\u00ed instituir\u00e1 comiss\u00e3o pr\u00f3pria para as an\u00e1lises curriculares, que ser\u00e1 composta por integrante do Sindicato da categoria e membros da CRE, objetivando assim, a ado\u00e7\u00e3o de medidas e provid\u00eancias pertinentes ao suprimento de todos os d\u00e9ficits de professores existentes na Rede Estadual de Educa\u00e7\u00e3o de Goi\u00e1s, que garantam os servi\u00e7os prestados \u00e0 comunidade goiana.<\/p>\n<p style=\"text-align: center\">SEDUC\/GO<\/p>\n<hr \/>\n<h3 style=\"text-align: center\">COMUNICADO<\/h3>\n<p align=\"center\"><strong>PARA CONTRATA\u00c7\u00c3O TEMPOR\u00c1RIA<\/strong><\/p>\n<pre style=\"text-align: center\">Publica\u00e7\u00e3o: 06\/05\/2024\nEncerramento: 08\/05\/2024 \u00e0s 18h\n<\/pre>\n<h4 style=\"text-align: center\"><strong><span style=\"color: #ff0000\">ENCERRADO<\/span><\/strong><\/h4>\n<p style=\"text-align: justify\">O Governo do Estado de Goi\u00e1s, atrav\u00e9s da Secretaria de Estado da Educa\u00e7\u00e3o, diante da inexist\u00eancia de Processo Seletivo Simplificado vigente no \u00e2mbito desta Pasta e considerando a exist\u00eancia de d\u00e9ficits de professores nas unidades escolares pertencentes ao munic\u00edpio de Jata\u00ed, jurisdicionado \u00e0 Coordena\u00e7\u00e3o Regional de Educa\u00e7\u00e3o (CRE) de Jata\u00ed, informa que est\u00e1 recebendo curr\u00edculos para sele\u00e7\u00e3o e contrata\u00e7\u00e3o tempor\u00e1ria com natureza emergencial para atender aos interesses da Administra\u00e7\u00e3o, \u00a0para ministrar 28 (vinte e oito) aulas semanais na(s) disciplina\u00a0 de \u00a0<strong>Hist\u00f3ria e afins, <\/strong>no turno matutino, \u00a0no <strong>Col\u00e9gio Estadual Frei Domingos <\/strong>visando afastar eventuais preju\u00edzos educacionais e\/ou pedag\u00f3gicos aos estudantes da Rede Estadual de Educa\u00e7\u00e3o de Goi\u00e1s.<\/p>\n<p style=\"text-align: justify\">A presente convoca\u00e7\u00e3o justifica-se por d\u00e9ficit causado por usufruto de Licen\u00e7a \u00e0 Gestante concedida \u00e0 professora que ministrava as aulas, conforme disciplina o art. 208, da Lei n.\u00ba 13.909, de 25 de setembro de 2001.<\/p>\n<p style=\"text-align: justify\">Os interessados devem encaminhar Curr\u00edculo ao e-mail oficial da Coordena\u00e7\u00e3o Regional de Educa\u00e7\u00e3o (<strong>srejatai@seduc.go.gov.br<\/strong>), contendo os contatos telef\u00f4nicos e endere\u00e7os de e-mail para correspond\u00eancias eletr\u00f4nicas.<\/p>\n<p style=\"text-align: justify\">Oportunamente esclarece, que a Coordena\u00e7\u00e3o Regional de Educa\u00e7\u00e3o de Jata\u00ed instituir\u00e1 comiss\u00e3o pr\u00f3pria para as an\u00e1lises curriculares, que ser\u00e1 composta por integrante do Sindicato da categoria e membros da CRE, objetivando assim, a ado\u00e7\u00e3o de medidas e provid\u00eancias pertinentes ao suprimento de todos os d\u00e9ficits de professores existentes na Rede Estadual de Educa\u00e7\u00e3o de Goi\u00e1s, que garantam os servi\u00e7os prestados \u00e0 comunidade goiana.<\/p>\n<p style=\"text-align: center\">SEDUC\/GO<\/p>\n<hr \/>\n<h3 style=\"text-align: center\">COMUNICADO<\/h3>\n<p align=\"center\"><strong>PARA CONTRATA\u00c7\u00c3O TEMPOR\u00c1RIA<\/strong><\/p>\n<pre style=\"text-align: center\">Publica\u00e7\u00e3o: 29\/04\/2024\nEncerramento: 03\/05\/2024 \u00e0s 18h\n<\/pre>\n<h4 class=\"entry-title\" style=\"text-align: center\"><span style=\"color: #ff0000\"><strong>ENCERRADO<\/strong><\/span><\/h4>\n<p style=\"text-align: justify\">O Governo do Estado de Goi\u00e1s, atrav\u00e9s da Secretaria de Estado da Educa\u00e7\u00e3o, diante da inexist\u00eancia de Processo Seletivo Simplificado vigente no \u00e2mbito desta Pasta e considerando a exist\u00eancia de d\u00e9ficits de professores nas unidades escolares pertencentes ao munic\u00edpio de Jata\u00ed, jurisdicionado \u00e0 Coordena\u00e7\u00e3o Regional de Educa\u00e7\u00e3o (CRE) de Jata\u00ed, informa que est\u00e1 recebendo curr\u00edculos para sele\u00e7\u00e3o e contrata\u00e7\u00e3o tempor\u00e1ria com natureza emergencial para atender aos interesses da Administra\u00e7\u00e3o, para ministrar 32 (trinta e duas) aulas semanais, \u00a0na(s) disciplina(s) de <strong>\u00a0QU\u00cdMICA,\u00a0 <\/strong>nos turnos matutino e vespertino,\u00a0 no <strong>\u00a0CEPI JO\u00c3O ROBERTO MOREIRA<\/strong> visando afastar eventuais preju\u00edzos educacionais e\/ou pedag\u00f3gicos aos estudantes da Rede Estadual de Educa\u00e7\u00e3o de Goi\u00e1s.<\/p>\n<p style=\"text-align: justify\">A presente convoca\u00e7\u00e3o justifica-se por d\u00e9ficit causado por rescis\u00e3o de professor com v\u00ednculo tempor\u00e1rio que ministrava as aulas.<\/p>\n<p style=\"text-align: justify\">Os interessados devem encaminhar Curr\u00edculo ao e-mail oficial da Coordena\u00e7\u00e3o Regional de Educa\u00e7\u00e3o (<strong>srejatai@seduc.go.gov.br<\/strong>), contendo os contatos telef\u00f4nicos e endere\u00e7os de e-mail para correspond\u00eancias eletr\u00f4nicas.<\/p>\n<p style=\"text-align: justify\">Oportunamente esclarece, que a Coordena\u00e7\u00e3o Regional de Educa\u00e7\u00e3o de Jata\u00ed instituir\u00e1 comiss\u00e3o pr\u00f3pria para as an\u00e1lises curriculares, que ser\u00e1 composta por integrante do Sindicato da categoria e membros da CRE, objetivando assim, a ado\u00e7\u00e3o de medidas e provid\u00eancias pertinentes ao suprimento de todos os d\u00e9ficits de professores existentes na Rede Estadual de Educa\u00e7\u00e3o de Goi\u00e1s, que garantam os servi\u00e7os prestados \u00e0 comunidade goiana.<\/p>\n<p style=\"text-align: center\">SEDUC\/GO<\/p>\n<hr \/>\n<h3 style=\"text-align: center\">COMUNICADO<\/h3>\n<p align=\"center\"><strong>PARA CONTRATA\u00c7\u00c3O TEMPOR\u00c1RIA<\/strong><\/p>\n<pre style=\"text-align: center\">Publica\u00e7\u00e3o: 29\/04\/2024\nEncerramento: 03\/05\/2024 \u00e0s 18h\n<\/pre>\n<h4 class=\"entry-title\" style=\"text-align: center\"><span style=\"color: #ff0000\"><strong>ENCERRADO<\/strong><\/span><\/h4>\n<p style=\"text-align: justify\">O Governo do Estado de Goi\u00e1s, atrav\u00e9s da Secretaria de Estado da Educa\u00e7\u00e3o, diante da inexist\u00eancia de Processo Seletivo Simplificado vigente no \u00e2mbito desta Pasta e considerando a exist\u00eancia de d\u00e9ficits de professores nas unidades escolares pertencentes ao munic\u00edpio de Jata\u00ed, jurisdicionado \u00e0 Coordena\u00e7\u00e3o Regional de Educa\u00e7\u00e3o (CRE) de \u00a0Jata\u00ed, informa que est\u00e1 recebendo curr\u00edculos para sele\u00e7\u00e3o e contrata\u00e7\u00e3o tempor\u00e1ria de 1 (um) Pedagogo com natureza emergencial para atender aos interesses da Administra\u00e7\u00e3o, para cumprir jornada de trabalho de 40 (quarenta) horas\/semanais, \u00a0para exercer a fun\u00e7\u00e3o de\u00a0 Coordenador(a) Pedag\u00f3gico(a) nos turnos matutino e vespertino,\u00a0 no <strong>\u00a0COLEGIO ESTADUAL WASHINGTON BARROS FRAN\u00c7A<\/strong>, visando afastar eventuais preju\u00edzos educacionais e\/ou pedag\u00f3gicos aos estudantes da Rede Estadual de Educa\u00e7\u00e3o de Goi\u00e1s.<\/p>\n<p style=\"text-align: justify\">A presente convoca\u00e7\u00e3o justifica-se por d\u00e9ficit causado por rescis\u00e3o contratual do profissional que atuava na fun\u00e7\u00e3o.<\/p>\n<p style=\"text-align: justify\">Os interessados devem encaminhar Curr\u00edculo ao e-mail oficial da Coordena\u00e7\u00e3o Regional de Educa\u00e7\u00e3o (<strong>srejatai@seduc.go.gov.br<\/strong>), contendo os contatos telef\u00f4nicos e endere\u00e7os de e-mail para correspond\u00eancias eletr\u00f4nicas.<\/p>\n<p style=\"text-align: justify\">Oportunamente esclarece, que a Coordena\u00e7\u00e3o Regional de Educa\u00e7\u00e3o de Jata\u00ed instituir\u00e1 comiss\u00e3o pr\u00f3pria para as an\u00e1lises curriculares, que ser\u00e1 composta por integrante do Sindicato da categoria e membros da CRE, objetivando assim, a ado\u00e7\u00e3o de medidas e provid\u00eancias pertinentes ao suprimento de todos os d\u00e9ficits de professores existentes na Rede Estadual de Educa\u00e7\u00e3o de Goi\u00e1s, que garantam os servi\u00e7os prestados \u00e0 comunidade goiana.<\/p>\n<p style=\"text-align: center\">SEDUC\/GO<\/p>\n<hr \/>\n<h3 style=\"text-align: center\">COMUNICADO<\/h3>\n<p align=\"center\"><strong>PARA CONTRATA\u00c7\u00c3O TEMPOR\u00c1RIA<\/strong><\/p>\n<pre style=\"text-align: center\">Publica\u00e7\u00e3o: 24\/04\/2024\nEncerramento: 26\/04\/2024 \u00e0s 18h\n<\/pre>\n<h4 class=\"entry-title\" style=\"text-align: center\"><span style=\"color: #ff0000\"><strong>ENCERRADO<\/strong><\/span><\/h4>\n<p style=\"text-align: justify\">O Governo do Estado de Goi\u00e1s, atrav\u00e9s da Secretaria de Estado da Educa\u00e7\u00e3o, diante da inexist\u00eancia de Processo Seletivo Simplificado vigente no \u00e2mbito desta Pasta e considerando a exist\u00eancia de d\u00e9ficits de professores nas unidades escolares pertencentes ao munic\u00edpio de <strong>JATA\u00cd<\/strong>, jurisdicionado \u00e0 Coordena\u00e7\u00e3o Regional de Educa\u00e7\u00e3o (CRE) de <strong>JATA\u00cd,<\/strong> informa que est\u00e1 recebendo curr\u00edculos para sele\u00e7\u00e3o e contrata\u00e7\u00e3o tempor\u00e1ria com natureza emergencial para atender aos interesses da Administra\u00e7\u00e3o, \u00a0para ministrar 24 (vinte e quatro) aulas semanais na(s) disciplina\u00a0 de \u00a0<strong>GEOGRAFIA, <\/strong>no Turno Matutino (24 aulas), \u00a0no <strong>COL\u00c9GIO ESTADUAL MARCONDES DE GODOY <\/strong>visando afastar eventuais preju\u00edzos educacionais e\/ou pedag\u00f3gicos aos estudantes da Rede Estadual de Educa\u00e7\u00e3o de Goi\u00e1s.<\/p>\n<p style=\"text-align: justify\">A presente convoca\u00e7\u00e3o justifica-se por d\u00e9ficit causado por usufruto de Licen\u00e7a \u00e0 Gestante concedida \u00e0 professora titular, conforme disciplina o art. 208, da Lei n.\u00ba 13.909, de 25 de setembro de 2001.<\/p>\n<p style=\"text-align: justify\">Os interessados devem encaminhar Curr\u00edculo ao e-mail oficial da Coordena\u00e7\u00e3o Regional de Educa\u00e7\u00e3o (<strong>srejatai@seduc.go.gov.br<\/strong>), contendo os contatos telef\u00f4nicos e endere\u00e7os de e-mail para correspond\u00eancias eletr\u00f4nicas.<\/p>\n<p style=\"text-align: justify\">Oportunamente esclarece, que a Coordena\u00e7\u00e3o Regional de Educa\u00e7\u00e3o de <strong>JATA\u00cd <\/strong>instituir\u00e1 comiss\u00e3o pr\u00f3pria para as an\u00e1lises curriculares, que ser\u00e1 composta por integrante do Sindicato da categoria e membros da CRE, objetivando assim, a ado\u00e7\u00e3o de medidas e provid\u00eancias pertinentes ao suprimento de todos os d\u00e9ficits de professores existentes na Rede Estadual de Educa\u00e7\u00e3o de Goi\u00e1s, que garantam os servi\u00e7os prestados \u00e0 comunidade goiana.<\/p>\n<p style=\"text-align: center\">SEDUC\/GO<\/p>\n<hr \/>\n<h3 style=\"text-align: center\">COMUNICADO<\/h3>\n<p align=\"center\"><strong>PARA CONTRATA\u00c7\u00c3O TEMPOR\u00c1RIA<\/strong><\/p>\n<pre style=\"text-align: center\">Publica\u00e7\u00e3o: 24\/04\/2024\nEncerramento: 26\/04\/2024 \u00e0s 18h\n<\/pre>\n<h4 class=\"entry-title\" style=\"text-align: center\"><span style=\"color: #ff0000\"><strong>ENCERRADO<\/strong><\/span><\/h4>\n<p style=\"text-align: justify\">O Governo do Estado de Goi\u00e1s, atrav\u00e9s da Secretaria de Estado da Educa\u00e7\u00e3o, diante da inexist\u00eancia de Processo Seletivo Simplificado vigente no \u00e2mbito desta Pasta e considerando a exist\u00eancia de d\u00e9ficits de professores nas unidades escolares pertencentes ao munic\u00edpio de \u00a0<strong>CHAPAD\u00c3O DO C\u00c9U<\/strong>, jurisdicionado \u00e0 Coordena\u00e7\u00e3o Regional de Educa\u00e7\u00e3o (CRE) de \u00a0<strong>JATA\u00cd,<\/strong> informa que est\u00e1 recebendo curr\u00edculos para sele\u00e7\u00e3o e contrata\u00e7\u00e3o tempor\u00e1ria com natureza emergencial para atender aos interesses da Administra\u00e7\u00e3o, para ministrar 32 (trinta e duas) aulas semanais na(s) disciplina(s) de <strong>\u00a0CI\u00caNCIAS \u00a0HUMANAS, \u00a0<\/strong>nos turnos matutino, vespertino e noturno<strong>, <\/strong>\u00a0no \u00a0<strong>CEPI \u00a0FRUTO \u00a0DA TERRA<\/strong>, visando afastar eventuais preju\u00edzos educacionais e\/ou pedag\u00f3gicos aos estudantes da Rede Estadual de Educa\u00e7\u00e3o de Goi\u00e1s.<\/p>\n<p style=\"text-align: justify\">A presente convoca\u00e7\u00e3o justifica-se por d\u00e9ficit causado por aposentadoria de professor titular que ministrava as aulas.<\/p>\n<p style=\"text-align: justify\">Os interessados devem encaminhar Curr\u00edculo ao e-mail oficial da Coordena\u00e7\u00e3o Regional de Educa\u00e7\u00e3o (<strong>srejatai@seduc.go.gov.br<\/strong>), contendo os contatos telef\u00f4nicos e endere\u00e7os de e-mail para correspond\u00eancias eletr\u00f4nicas.<\/p>\n<p style=\"text-align: justify\">Oportunamente esclarece, que a Coordena\u00e7\u00e3o Regional de Educa\u00e7\u00e3o de <strong>JATA\u00cd <\/strong>instituir\u00e1 comiss\u00e3o pr\u00f3pria para as an\u00e1lises curriculares, que ser\u00e1 composta por integrante do Sindicato da categoria e membros da CRE, objetivando assim, a ado\u00e7\u00e3o de medidas e provid\u00eancias pertinentes ao suprimento de todos os d\u00e9ficits de professores existentes na Rede Estadual de Educa\u00e7\u00e3o de Goi\u00e1s, que garantam os servi\u00e7os prestados \u00e0 comunidade goiana.<\/p>\n<p style=\"text-align: center\">SEDUC\/GO<\/p>\n<hr \/>\n<h3 style=\"text-align: center\">COMUNICADO<\/h3>\n<p align=\"center\"><strong>PARA CONTRATA\u00c7\u00c3O TEMPOR\u00c1RIA<\/strong><\/p>\n<pre style=\"text-align: center\">Publica\u00e7\u00e3o: 08\/04\/2024\nEncerramento: 10\/04\/2024 \u00e0s 18h\n\n<\/pre>\n<p style=\"text-align: center\"><span style=\"color: red\"><strong>ENCERRADO<\/strong><\/span><\/p>\n<p style=\"text-align: justify\">O Governo do Estado de Goi\u00e1s, atrav\u00e9s da Secretaria de Estado da Educa\u00e7\u00e3o, diante da inexist\u00eancia de Processo Seletivo Simplificado vigente no \u00e2mbito desta Pasta e considerando a exist\u00eancia de d\u00e9ficits de professores nas unidades escolares pertencentes ao munic\u00edpio de<b> SERRAN\u00d3POLIS<\/b>, jurisdicionado \u00e0 Coordena\u00e7\u00e3o Regional de Educa\u00e7\u00e3o (CRE) de \u00a0<b>JATA\u00cd,<\/b> informa que est\u00e1 recebendo curr\u00edculos para sele\u00e7\u00e3o e contrata\u00e7\u00e3o tempor\u00e1ria com natureza emergencial para atender aos interesses da Administra\u00e7\u00e3o, para ministrar 32 (trinta e duas<b>)<\/b> aulas semanais na(s) disciplina(s) de <b>CIENCIAS DA NATUREZA,\u00a0 <\/b>nos turnos Matutino (9 aulas) e\u00a0 Vespertino (23 aulas),<b> <\/b>\u00a0no <b>COLEGIO ESTADUAL DOM ABEL<\/b>, visando afastar eventuais preju\u00edzos educacionais e\/ou pedag\u00f3gicos aos estudantes da Rede Estadual de Educa\u00e7\u00e3o de Goi\u00e1s.<\/p>\n<p style=\"text-align: justify\">A presente convoca\u00e7\u00e3o justifica-se por d\u00e9ficit causado por usufruto de Licen\u00e7a \u00e0 Gestante da professora titular, conforme disciplina o art. 208, da Lei n.\u00ba 13.909, de 25 de setembro de 2001.<\/p>\n<p style=\"text-align: justify\">Os interessados devem encaminhar Curr\u00edculo ao e-mail oficial da Coordena\u00e7\u00e3o Regional de Educa\u00e7\u00e3o (srejatai@seduc.go.gov.br), contendo os contatos telef\u00f4nicos e endere\u00e7os de e-mail para correspond\u00eancias eletr\u00f4nicas.<\/p>\n<p style=\"text-align: justify\">Oportunamente esclarece, que a Coordena\u00e7\u00e3o Regional de Educa\u00e7\u00e3o de<b> <\/b>JATA\u00cd<b> <\/b>instituir\u00e1 comiss\u00e3o pr\u00f3pria para as an\u00e1lises curriculares, que ser\u00e1 composta por integrante do Sindicato da categoria e membros da CRE, objetivando assim, a ado\u00e7\u00e3o de medidas e provid\u00eancias pertinentes ao suprimento de todos os d\u00e9ficits de professores existentes na Rede Estadual de Educa\u00e7\u00e3o de Goi\u00e1s, que garantam os servi\u00e7os prestados \u00e0 comunidade goiana.<\/p>\n<p style=\"text-align: center\">SEDUC\/GO<\/p>\n<hr \/>\n<h3 style=\"text-align: center\">COMUNICADO<\/h3>\n<p align=\"center\"><strong>PARA CONTRATA\u00c7\u00c3O TEMPOR\u00c1RIA<\/strong><\/p>\n<pre style=\"text-align: center\">Publica\u00e7\u00e3o: 08\/04\/2024\nEncerramento: 10\/04\/2024 \u00e0s 18h\n<\/pre>\n<p style=\"text-align: center\"><span style=\"color: red\"><strong>ENCERRADO<\/strong><\/span><\/p>\n<p style=\"text-align: justify\">O Governo do Estado de Goi\u00e1s, atrav\u00e9s da Secretaria de Estado da Educa\u00e7\u00e3o, diante da inexist\u00eancia de Processo Seletivo Simplificado vigente no \u00e2mbito desta Pasta e considerando a exist\u00eancia de d\u00e9ficits de professores nas unidades escolares pertencentes ao munic\u00edpio de<b> SERRAN\u00d3POLIS<\/b>, jurisdicionado \u00e0 Coordena\u00e7\u00e3o Regional de Educa\u00e7\u00e3o (CRE) de <b>JATA\u00cd,<\/b> \u00a0informa que est\u00e1 recebendo curr\u00edculos para sele\u00e7\u00e3o e contrata\u00e7\u00e3o tempor\u00e1ria com natureza emergencial para atender aos interesses da Administra\u00e7\u00e3o, para ministrar 18 (dezoito<b>)<\/b> aulas semanais na(s) disciplina(s) de<b> MATEM\u00c1TICA,\u00a0 <\/b>nos turnos Matutino (12 aulas) e Vespertino (6 aulas),<b> <\/b>\u00a0no <b>COLEGIO ESTADUAL \u00a0DOM \u00a0ABEL<\/b>, visando afastar eventuais preju\u00edzos educacionais e\/ou pedag\u00f3gicos aos estudantes da Rede Estadual de Educa\u00e7\u00e3o de Goi\u00e1s.<\/p>\n<p style=\"text-align: justify\">A presente convoca\u00e7\u00e3o justifica-se por d\u00e9ficit causado pela rescis\u00e3o do v\u00ednculo tempor\u00e1rio do professor que ministrava as aulas, conforme disciplina o art. 208, da Lei n.\u00ba 13.909, de 25 de setembro de 2001.<\/p>\n<p style=\"text-align: justify\">Os interessados devem encaminhar Curr\u00edculo ao e-mail oficial da Coordena\u00e7\u00e3o Regional de Educa\u00e7\u00e3o (srejatai@seduc.go.gov.br), contendo os contatos telef\u00f4nicos e endere\u00e7os de e-mail para correspond\u00eancias eletr\u00f4nicas.<\/p>\n<p style=\"text-align: justify\">Oportunamente esclarece, que a Coordena\u00e7\u00e3o Regional de Educa\u00e7\u00e3o de<b> <\/b>JATA\u00cd<b> <\/b>instituir\u00e1 comiss\u00e3o pr\u00f3pria para as an\u00e1lises curriculares, que ser\u00e1 composta por integrante do Sindicato da categoria e membros da CRE, objetivando assim, a ado\u00e7\u00e3o de medidas e provid\u00eancias pertinentes ao suprimento de todos os d\u00e9ficits de professores existentes na Rede Estadual de Educa\u00e7\u00e3o de Goi\u00e1s, que garantam os servi\u00e7os prestados \u00e0 comunidade goiana.<\/p>\n<p style=\"text-align: center\">SEDUC\/GO<\/p>\n<hr \/>\n<h3 style=\"text-align: center\">COMUNICADO<\/h3>\n<p align=\"center\"><strong>PARA CONTRATA\u00c7\u00c3O TEMPOR\u00c1RIA<\/strong><\/p>\n<pre style=\"text-align: center\">Publica\u00e7\u00e3o: 26\/03\/2024\nEncerramento: 02\/04\/2024 \u00e0s 18h\n\n<\/pre>\n<p style=\"text-align: center\"><span style=\"color: red\"><strong>ENCERRADO<\/strong><\/span><\/p>\n<p style=\"text-align: justify\">O Governo do Estado de Goi\u00e1s, atrav\u00e9s da Secretaria de Estado da Educa\u00e7\u00e3o, diante da inexist\u00eancia de candidatos habilitados e remanescentes a serem convocados pelo Processo Seletivo Simplificado Edital n\u00ba 008\/2021 \u2013 SEAD e considerando a exist\u00eancia de d\u00e9ficits de professores nas unidades escolares pertencentes ao munic\u00edpio de \u00a0<b>JATA\u00cd,<\/b>\u00a0 jurisdicionado \u00e0 Coordena\u00e7\u00e3o Regional de Educa\u00e7\u00e3o (CRE) de \u00a0<b>JATA\u00cd <\/b>, informa que est\u00e1 recebendo curr\u00edculos para sele\u00e7\u00e3o e contrata\u00e7\u00e3o tempor\u00e1ria com natureza emergencial para atender aos interesses da Administra\u00e7\u00e3o, para ministrar aulas nas disciplina(s) de <b>\u00a0<\/b><b>HISTORIA <\/b>na\u00a0 fun\u00e7\u00e3o de\u00a0 Professor Regente, no turno Matutino\u00a0 (18 aulas semanais correspondentes a 23 horas semanais)<b>, <\/b>no<b> COLEGIO ESTADUAL ALCANTARA DE CARVALHO. <\/b><\/p>\n<p style=\"text-align: justify\">Os interessados devem encaminhar Curr\u00edculo ao e-mail oficial da Coordena\u00e7\u00e3o Regional de Educa\u00e7\u00e3o (<b>srejatai@seduc.go.gov.br<\/b>), contendo os contatos telef\u00f4nicos e endere\u00e7os de e-mail para correspond\u00eancias eletr\u00f4nicas.<\/p>\n<p style=\"text-align: justify\">Oportunamente esclarece, que a Coordena\u00e7\u00e3o Regional de Educa\u00e7\u00e3o de Jata\u00ed instituir\u00e1 comiss\u00e3o pr\u00f3pria para as an\u00e1lises curriculares, que ser\u00e1 composta por integrante do Sindicato da categoria e membros da CRE, objetivando assim, a ado\u00e7\u00e3o de medidas e provid\u00eancias pertinentes ao suprimento de todos os d\u00e9ficits de professores existentes na Rede Estadual de Educa\u00e7\u00e3o, que garantam os servi\u00e7os prestados \u00e0 comunidade goiana.<\/p>\n<p style=\"text-align: center\">SEDUC\/GO<\/p>\n<hr \/>\n<h3 style=\"text-align: center\">COMUNICADO<\/h3>\n<p align=\"center\"><strong>PARA CONTRATA\u00c7\u00c3O TEMPOR\u00c1RIA<\/strong><\/p>\n<pre style=\"text-align: center\">Publica\u00e7\u00e3o: 20\/03\/2024\nEncerramento: 25\/03\/2024 \u00e0s 18h\n\n<\/pre>\n<p style=\"text-align: center\"><span style=\"color: red\"><strong>ENCERRADO<\/strong><\/span><\/p>\n<p style=\"text-align: justify\">O Governo do Estado de Goi\u00e1s, atrav\u00e9s da Secretaria de Estado da Educa\u00e7\u00e3o, diante da inexist\u00eancia de candidatos habilitados e remanescentes a serem convocados pelo Processo Seletivo Simplificado Edital n\u00ba 008\/2021 \u2013 SEAD e considerando a exist\u00eancia de d\u00e9ficits de professores nas unidades escolares pertencentes ao munic\u00edpio de \u00a0<b>JATA\u00cd,<\/b>\u00a0 jurisdicionado \u00e0 Coordena\u00e7\u00e3o Regional de Educa\u00e7\u00e3o (CRE) de \u00a0<b>JATA\u00cd <\/b>, informa que est\u00e1 recebendo curr\u00edculos para sele\u00e7\u00e3o e contrata\u00e7\u00e3o tempor\u00e1ria com natureza emergencial para atender aos interesses da Administra\u00e7\u00e3o, para ministrar aulas nas disciplina(s) de <b>L\u00cdNGUA INGLESA,\u00a0 <\/b>na\u00a0 fun\u00e7\u00e3o de\u00a0 Professor Regente, nos Turnos Matutino (14 aulas) e Vespertino (2 aulas), 20 h\/semanais,<b> NO COLEGIO ESTADUAL MARCONDES DE GODOY. <\/b><\/p>\n<p style=\"text-align: justify\">Os interessados devem encaminhar Curr\u00edculo ao e-mail oficial da Coordena\u00e7\u00e3o Regional de Educa\u00e7\u00e3o (<b>srejatai@seduc.go.gov.br<\/b>), contendo os contatos telef\u00f4nicos e endere\u00e7os de e-mail para correspond\u00eancias eletr\u00f4nicas.<\/p>\n<p style=\"text-align: justify\">Oportunamente esclarece, que a Coordena\u00e7\u00e3o Regional de Educa\u00e7\u00e3o de Jata\u00ed instituir\u00e1 comiss\u00e3o pr\u00f3pria para as an\u00e1lises curriculares, que ser\u00e1 composta por integrante do Sindicato da categoria e membros da CRE, objetivando assim, a ado\u00e7\u00e3o de medidas e provid\u00eancias pertinentes ao suprimento de todos os d\u00e9ficits de professores existentes na Rede Estadual de Educa\u00e7\u00e3o, que garantam os servi\u00e7os prestados \u00e0 comunidade goiana.<\/p>\n<p style=\"text-align: center\">SEDUC\/GO<\/p>\n<hr \/>\n<h3 style=\"text-align: center\">COMUNICADO<\/h3>\n<p align=\"center\"><strong>PARA CONTRATA\u00c7\u00c3O TEMPOR\u00c1RIA<\/strong><\/p>\n<pre style=\"text-align: center\">Publica\u00e7\u00e3o: 11\/03\/2024\nEncerramento: 14\/03\/2024 \u00e0s 18h\n<\/pre>\n<p style=\"text-align: center\"><span style=\"color: red\"><strong>ENCERRADO<\/strong><\/span><\/p>\n<p style=\"text-align: justify\">O Governo do Estado de Goi\u00e1s, atrav\u00e9s da Secretaria de Estado da Educa\u00e7\u00e3o, diante da inexist\u00eancia de candidatos habilitados e remanescentes a serem convocados pelo Processo Seletivo Simplificado Edital n\u00ba 008\/2021 \u2013 SEAD e considerando a exist\u00eancia de d\u00e9ficits de professores nas unidades escolares pertencentes ao munic\u00edpio de \u00a0<b>JATA\u00cd,<\/b>\u00a0 jurisdicionado \u00e0 Coordena\u00e7\u00e3o Regional de Educa\u00e7\u00e3o (CRE) de \u00a0<b>JATA\u00cd<\/b>, informa que est\u00e1 recebendo curr\u00edculos para sele\u00e7\u00e3o e contrata\u00e7\u00e3o tempor\u00e1ria com natureza emergencial para atender aos interesses da Administra\u00e7\u00e3o, para ministrar aulas nas disciplina(s) de <b>\u00a0<\/b><b>PEDAGOGIA<\/b> \u2013 \u00a0h\u00e1 <b>2 VAGAS,<\/b> \u00a0\u00a0na\u00a0 fun\u00e7\u00e3o de\u00a0 Professor Regente, no turno Vespertino, 30 h\/semanais,<b> <\/b>na<b> ESCOLA DE ENSINO ESPECIAL \u00c9RICA DE MELO BARBOSA.<\/b><\/p>\n<p style=\"text-align: justify\">Os interessados devem encaminhar Curr\u00edculo ao e-mail oficial da Coordena\u00e7\u00e3o Regional de Educa\u00e7\u00e3o (<b>srejatai@seduc.go.gov.br<\/b>), contendo os contatos telef\u00f4nicos e endere\u00e7os de e-mail para correspond\u00eancias eletr\u00f4nicas.<\/p>\n<p style=\"text-align: justify\">Oportunamente esclarece, que a Coordena\u00e7\u00e3o Regional de Educa\u00e7\u00e3o de Jata\u00ed instituir\u00e1 comiss\u00e3o pr\u00f3pria para as an\u00e1lises curriculares, que ser\u00e1 composta por integrante do Sindicato da categoria e membros da CRE, objetivando assim, a ado\u00e7\u00e3o de medidas e provid\u00eancias pertinentes ao suprimento de todos os d\u00e9ficits de professores existentes na Rede Estadual de Educa\u00e7\u00e3o, que garantam os servi\u00e7os prestados \u00e0 comunidade goiana.<\/p>\n<p style=\"text-align: center\">SEDUC\/GO<\/p>\n<hr \/>\n<h3 style=\"text-align: center\">COMUNICADO<\/h3>\n<p align=\"center\"><strong>PARA CONTRATA\u00c7\u00c3O TEMPOR\u00c1RIA<\/strong><\/p>\n<pre style=\"text-align: center\">Publica\u00e7\u00e3o: 11\/03\/2024\nEncerramento: 14\/03\/2024 \u00e0s 18h\n<\/pre>\n<p style=\"text-align: center\"><span style=\"color: red\"><strong>ENCERRADO<\/strong><\/span><\/p>\n<p style=\"text-align: justify\">O Governo do Estado de Goi\u00e1s, atrav\u00e9s da Secretaria de Estado da Educa\u00e7\u00e3o, diante da inexist\u00eancia de candidatos habilitados e remanescentes a serem convocados pelo Processo Seletivo Simplificado Edital n\u00ba 008\/2021 \u2013 SEAD e considerando a exist\u00eancia de d\u00e9ficits de professores nas unidades escolares pertencentes ao munic\u00edpio de <b>\u00a0SERRANOPOLIS,<\/b> \u00a0jurisdicionado \u00e0 Coordena\u00e7\u00e3o Regional de Educa\u00e7\u00e3o (CRE) de\u00a0 <b>JATA\u00cd<\/b>, informa que est\u00e1 recebendo curr\u00edculos para sele\u00e7\u00e3o e contrata\u00e7\u00e3o tempor\u00e1ria com natureza emergencial para atender aos interesses da Administra\u00e7\u00e3o, para ministrar aulas nas disciplina(s) de<b> CIENCIAS DA NATUREZA<\/b>,\u00a0 na\u00a0 fun\u00e7\u00e3o de\u00a0 Professor Regente, nos turnos Matutino\u00a0 (6 aulas) e Vespertino (22 aulas),\u00a0 35 h\/semanais,<b> NO COLEGIO ESTADUAL DOM ABEL.<\/b><\/p>\n<p style=\"text-align: justify\">Os interessados devem encaminhar Curr\u00edculo ao e-mail oficial da Coordena\u00e7\u00e3o Regional de Educa\u00e7\u00e3o (<b>srejatai@seduc.go.gov.br<\/b>), contendo os contatos telef\u00f4nicos e endere\u00e7os de e-mail para correspond\u00eancias eletr\u00f4nicas.<\/p>\n<p style=\"text-align: justify\">Oportunamente esclarece, que a Coordena\u00e7\u00e3o Regional de Educa\u00e7\u00e3o de Jata\u00ed instituir\u00e1 comiss\u00e3o pr\u00f3pria para as an\u00e1lises curriculares, que ser\u00e1 composta por integrante do Sindicato da categoria e membros da CRE, objetivando assim, a ado\u00e7\u00e3o de medidas e provid\u00eancias pertinentes ao suprimento de todos os d\u00e9ficits de professores existentes na Rede Estadual de Educa\u00e7\u00e3o, que garantam os servi\u00e7os prestados \u00e0 comunidade goiana.<\/p>\n<p style=\"text-align: center\">SEDUC\/GO<\/p>\n<hr \/>\n<h3 style=\"text-align: center\">COMUNICADO<\/h3>\n<p align=\"center\"><strong>PARA CONTRATA\u00c7\u00c3O TEMPOR\u00c1RIA<\/strong><\/p>\n<pre style=\"text-align: center\">Publica\u00e7\u00e3o: 08\/03\/2024\nEncerramento: 13\/03\/2024 \u00e0s 18h\n<\/pre>\n<p style=\"text-align: center\"><span style=\"color: red\"><strong>ENCERRADO<\/strong><\/span><\/p>\n<p style=\"text-align: justify\">O Governo do Estado de Goi\u00e1s, atrav\u00e9s da Secretaria de Estado da Educa\u00e7\u00e3o, diante da inexist\u00eancia de candidatos habilitados e remanescentes a serem convocados pelo Processo Seletivo Simplificado Edital n\u00ba 008\/2021 \u2013 SEAD e considerando a exist\u00eancia de d\u00e9ficits de professores nas unidades escolares pertencentes ao munic\u00edpio de \u00a0<b>CHAPAD\u00c3O DE C\u00c9U,<\/b>\u00a0 jurisdicionado \u00e0 Coordena\u00e7\u00e3o Regional de Educa\u00e7\u00e3o (CRE) de \u00a0<b>JATA\u00cd<\/b>, informa que est\u00e1 recebendo curr\u00edculos para sele\u00e7\u00e3o e contrata\u00e7\u00e3o tempor\u00e1ria com natureza emergencial para atender aos interesses da Administra\u00e7\u00e3o, para ministrar aulas nas disciplina(s) de <b>\u00a0<\/b><b>PEDAGOGIA<\/b>, \u00a0na\u00a0 fun\u00e7\u00e3o de\u00a0 Coordena\u00e7\u00e3o Pedag\u00f3gica, no turno Noturno, 20 h\/semanais<b>, \u00a0<\/b>no <b>\u00a0CEPI\u00a0 FRUTO DA TERRA<\/b><b>.<\/b><b> <\/b><\/p>\n<p style=\"text-align: justify\">Os interessados devem encaminhar Curr\u00edculo ao e-mail oficial da Coordena\u00e7\u00e3o Regional de Educa\u00e7\u00e3o (srejatai@seduc.go.gov.br), contendo os contatos telef\u00f4nicos e endere\u00e7os de e-mail para correspond\u00eancias eletr\u00f4nicas.<\/p>\n<p style=\"text-align: justify\">Oportunamente esclarece, que a Coordena\u00e7\u00e3o Regional de Educa\u00e7\u00e3o de Jata\u00ed instituir\u00e1 comiss\u00e3o pr\u00f3pria para as an\u00e1lises curriculares, que ser\u00e1 composta por integrante do Sindicato da categoria e membros da CRE, objetivando assim, a ado\u00e7\u00e3o de medidas e provid\u00eancias pertinentes ao suprimento de todos os d\u00e9ficits de professores existentes na Rede Estadual de Educa\u00e7\u00e3o, que garantam os servi\u00e7os prestados \u00e0 comunidade goiana.<\/p>\n<p style=\"text-align: center\">SEDUC\/GO<\/p>\n<hr \/>\n<h3 style=\"text-align: center\">COMUNICADO<\/h3>\n<p align=\"center\"><strong>PARA CONTRATA\u00c7\u00c3O TEMPOR\u00c1RIA<\/strong><\/p>\n<pre style=\"text-align: center\">Publica\u00e7\u00e3o: 08\/03\/2024\nEncerramento: 13\/03\/2024 \u00e0s 18h\n<\/pre>\n<p style=\"text-align: center\"><span style=\"color: red\"><strong>ENCERRADO<\/strong><\/span><\/p>\n<p style=\"text-align: justify\">O Governo do Estado de Goi\u00e1s, atrav\u00e9s da Secretaria de Estado da Educa\u00e7\u00e3o, diante da inexist\u00eancia de candidatos habilitados e remanescentes a serem convocados pelo Processo Seletivo Simplificado Edital n\u00ba 008\/2021 \u2013 SEAD e considerando a exist\u00eancia de d\u00e9ficits de professores nas unidades escolares pertencentes ao munic\u00edpio de \u00a0<b>JATA\u00cd,<\/b>\u00a0 jurisdicionado \u00e0 Coordena\u00e7\u00e3o Regional de Educa\u00e7\u00e3o (CRE) de \u00a0<b>JATA\u00cd<\/b>, informa que est\u00e1 recebendo curr\u00edculos para sele\u00e7\u00e3o e contrata\u00e7\u00e3o tempor\u00e1ria com natureza emergencial para atender aos interesses da Administra\u00e7\u00e3o, para ministrar aulas nas disciplina(s) de <b>\u00a0<\/b><b>MATEMATICA<\/b>, \u00a0na\u00a0 fun\u00e7\u00e3o de\u00a0 Professor Regente, nos turnos Matutino (30 aulas) e Vespertino (2 aulas),\u00a0 40 h\/semanais<b>, \u00a0<\/b>no <b>\u00a0COLEGIO ESTADUAL FREI DOMINGOS<\/b><b>.<\/b><b> <\/b><\/p>\n<p style=\"text-align: justify\">Os interessados devem encaminhar Curr\u00edculo ao e-mail oficial da Coordena\u00e7\u00e3o Regional de Educa\u00e7\u00e3o (srejatai@seduc.go.gov.br), contendo os contatos telef\u00f4nicos e endere\u00e7os de e-mail para correspond\u00eancias eletr\u00f4nicas.<\/p>\n<p style=\"text-align: justify\">Oportunamente esclarece, que a Coordena\u00e7\u00e3o Regional de Educa\u00e7\u00e3o de Jata\u00ed instituir\u00e1 comiss\u00e3o pr\u00f3pria para as an\u00e1lises curriculares, que ser\u00e1 composta por integrante do Sindicato da categoria e membros da CRE, objetivando assim, a ado\u00e7\u00e3o de medidas e provid\u00eancias pertinentes ao suprimento de todos os d\u00e9ficits de professores existentes na Rede Estadual de Educa\u00e7\u00e3o, que garantam os servi\u00e7os prestados \u00e0 comunidade goiana.<\/p>\n<p style=\"text-align: center\">SEDUC\/GO<\/p>\n<hr \/>\n<h3 style=\"text-align: center\">COMUNICADO<\/h3>\n<p align=\"center\"><strong>PARA CONTRATA\u00c7\u00c3O TEMPOR\u00c1RIA<\/strong><\/p>\n<pre style=\"text-align: center\">Publica\u00e7\u00e3o: 06\/03\/2024\nEncerramento: 11\/03\/2024 \u00e0s 18h\n<\/pre>\n<p style=\"text-align: center\"><span style=\"color: red\"><strong>ENCERRADO<\/strong><\/span><\/p>\n<p style=\"text-align: justify\">O Governo do Estado de Goi\u00e1s, atrav\u00e9s da Secretaria de Estado da Educa\u00e7\u00e3o, diante da inexist\u00eancia de candidatos habilitados e remanescentes a serem convocados pelo Processo Seletivo Simplificado Edital n\u00ba 008\/2021 \u2013 SEAD e considerando a exist\u00eancia de d\u00e9ficits de professores nas unidades escolares pertencentes ao munic\u00edpio de \u00a0<b>JATA\u00cd,<\/b>\u00a0 jurisdicionado \u00e0 Coordena\u00e7\u00e3o Regional de Educa\u00e7\u00e3o (CRE) de \u00a0<b>JATA\u00cd <\/b>, informa que est\u00e1 recebendo curr\u00edculos para sele\u00e7\u00e3o e contrata\u00e7\u00e3o tempor\u00e1ria com natureza emergencial para atender aos interesses da Administra\u00e7\u00e3o, para ministrar aulas nas disciplina(s) de <b>\u00a0<\/b><b>PEDAGOGIA<\/b>, \u00a0na\u00a0 fun\u00e7\u00e3o de\u00a0 Coordena\u00e7\u00e3o Pedag\u00f3gica, nos turnos Matutino\u00a0 e Vespertino, 40 h\/semanais<b>, <\/b>no<b> COLEGIO ESTADUAL ALCANTARA DE CARVALHO.<\/b><b> <\/b><\/p>\n<p style=\"text-align: justify\">Os interessados devem encaminhar Curr\u00edculo ao e-mail oficial da Coordena\u00e7\u00e3o Regional de Educa\u00e7\u00e3o (srejatai@seduc.go.gov.br), contendo os contatos telef\u00f4nicos e endere\u00e7os de e-mail para correspond\u00eancias eletr\u00f4nicas.<\/p>\n<p style=\"text-align: justify\">Oportunamente esclarece, que a Coordena\u00e7\u00e3o Regional de Educa\u00e7\u00e3o de Jata\u00ed instituir\u00e1 comiss\u00e3o pr\u00f3pria para as an\u00e1lises curriculares, que ser\u00e1 composta por integrante do Sindicato da categoria e membros da CRE, objetivando assim, a ado\u00e7\u00e3o de medidas e provid\u00eancias pertinentes ao suprimento de todos os d\u00e9ficits de professores existentes na Rede Estadual de Educa\u00e7\u00e3o, que garantam os servi\u00e7os prestados \u00e0 comunidade goiana.<\/p>\n<p style=\"text-align: center\">SEDUC\/GO<\/p>\n<hr \/>\n<h3 style=\"text-align: center\">COMUNICADO<\/h3>\n<p align=\"center\"><strong>PARA CONTRATA\u00c7\u00c3O TEMPOR\u00c1RIA<\/strong><\/p>\n<pre style=\"text-align: center\">Publica\u00e7\u00e3o: 06\/03\/2024\nEncerramento: 11\/03\/2024 \u00e0s 18h\n<\/pre>\n<p style=\"text-align: center\"><span style=\"color: red\"><strong>ENCERRADO<\/strong><\/span><\/p>\n<p style=\"text-align: justify\">O Governo do Estado de Goi\u00e1s, atrav\u00e9s da Secretaria de Estado da Educa\u00e7\u00e3o, diante da inexist\u00eancia de candidatos habilitados e remanescentes a serem convocados pelo Processo Seletivo Simplificado Edital n\u00ba 008\/2021 \u2013 SEAD e considerando a exist\u00eancia de d\u00e9ficits de professores nas unidades escolares pertencentes ao munic\u00edpio de \u00a0<b>JATA\u00cd,<\/b>\u00a0 jurisdicionado \u00e0 Coordena\u00e7\u00e3o Regional de Educa\u00e7\u00e3o (CRE) de \u00a0<b>JATA\u00cd <\/b>, informa que est\u00e1 recebendo curr\u00edculos para sele\u00e7\u00e3o e contrata\u00e7\u00e3o tempor\u00e1ria com natureza emergencial para atender aos interesses da Administra\u00e7\u00e3o, para ministrar aulas nas disciplina(s) de <b>\u00a0<\/b><b>PEDAGOGIA<\/b>, \u00a0na\u00a0 fun\u00e7\u00e3o de\u00a0 Coordena\u00e7\u00e3o Pedag\u00f3gica, nos turnos Matutino\u00a0 e Vespertino, 40 h\/semanais<b>, <\/b>na<b> ESCOLA ESTADUAL WASHINGTON BARROS FRAN\u00c7A.<\/b><b> <\/b><\/p>\n<p style=\"text-align: justify\">Os interessados devem encaminhar Curr\u00edculo ao e-mail oficial da Coordena\u00e7\u00e3o Regional de Educa\u00e7\u00e3o (srejatai@seduc.go.gov.br), contendo os contatos telef\u00f4nicos e endere\u00e7os de e-mail para correspond\u00eancias eletr\u00f4nicas.<\/p>\n<p style=\"text-align: justify\">Oportunamente esclarece, que a Coordena\u00e7\u00e3o Regional de Educa\u00e7\u00e3o de Jata\u00ed instituir\u00e1 comiss\u00e3o pr\u00f3pria para as an\u00e1lises curriculares, que ser\u00e1 composta por integrante do Sindicato da categoria e membros da CRE, objetivando assim, a ado\u00e7\u00e3o de medidas e provid\u00eancias pertinentes ao suprimento de todos os d\u00e9ficits de professores existentes na Rede Estadual de Educa\u00e7\u00e3o, que garantam os servi\u00e7os prestados \u00e0 comunidade goiana.<\/p>\n<p style=\"text-align: center\">SEDUC\/GO<\/p>\n<hr \/>\n<h3 style=\"text-align: center\">COMUNICADO<\/h3>\n<p align=\"center\"><strong>PARA CONTRATA\u00c7\u00c3O TEMPOR\u00c1RIA<\/strong><\/p>\n<pre style=\"text-align: center\">Publica\u00e7\u00e3o: 06\/03\/2024\nEncerramento: 11\/03\/2024 \u00e0s 18h\n<\/pre>\n<p style=\"text-align: center\"><span style=\"color: red\"><strong>ENCERRADO<\/strong><\/span><\/p>\n<p style=\"text-align: justify\">O Governo do Estado de Goi\u00e1s, atrav\u00e9s da Secretaria de Estado da Educa\u00e7\u00e3o, diante da inexist\u00eancia de candidatos habilitados e remanescentes a serem convocados pelo Processo Seletivo Simplificado Edital n\u00ba 008\/2021 \u2013 SEAD e considerando a exist\u00eancia de d\u00e9ficits de professores nas unidades escolares pertencentes ao munic\u00edpio de \u00a0<b>CA\u00c7U,<\/b>\u00a0 jurisdicionado \u00e0 Coordena\u00e7\u00e3o Regional de Educa\u00e7\u00e3o (CRE) de \u00a0<b>JATA\u00cd <\/b>, informa que est\u00e1 recebendo curr\u00edculos para sele\u00e7\u00e3o e contrata\u00e7\u00e3o tempor\u00e1ria com natureza emergencial para atender aos interesses da Administra\u00e7\u00e3o, para ministrar aulas nas disciplina(s) de <b>\u00a0<\/b><b>HISTORIA<\/b>, \u00a0na\u00a0 fun\u00e7\u00e3o de\u00a0 Professor Regente, no turno Vespertino (16 aulas), 20 h\/semanais, \u00a0no\u00a0 <b>COLEGIO \u00a0ESTADUAL \u00a0Dr.\u00a0 PEDRO LUDOVICO TEIXEIRA.<\/b><b> <\/b><\/p>\n<p style=\"text-align: justify\">Os interessados devem encaminhar Curr\u00edculo ao e-mail oficial da Coordena\u00e7\u00e3o Regional de Educa\u00e7\u00e3o (srejatai@seduc.go.gov.br), contendo os contatos telef\u00f4nicos e endere\u00e7os de e-mail para correspond\u00eancias eletr\u00f4nicas.<\/p>\n<p style=\"text-align: justify\">Oportunamente esclarece, que a Coordena\u00e7\u00e3o Regional de Educa\u00e7\u00e3o de Jata\u00ed instituir\u00e1 comiss\u00e3o pr\u00f3pria para as an\u00e1lises curriculares, que ser\u00e1 composta por integrante do Sindicato da categoria e membros da CRE, objetivando assim, a ado\u00e7\u00e3o de medidas e provid\u00eancias pertinentes ao suprimento de todos os d\u00e9ficits de professores existentes na Rede Estadual de Educa\u00e7\u00e3o, que garantam os servi\u00e7os prestados \u00e0 comunidade goiana.<\/p>\n<p style=\"text-align: center\">SEDUC\/GO<\/p>\n<hr \/>\n<h3 style=\"text-align: center\">COMUNICADO<\/h3>\n<p align=\"center\"><strong>PARA CONTRATA\u00c7\u00c3O TEMPOR\u00c1RIA<\/strong><\/p>\n<pre style=\"text-align: center\">Publica\u00e7\u00e3o: 01\/03\/2024\nEncerramento: 06\/03\/2024 \u00e0s 18h\n<\/pre>\n<p style=\"text-align: center\"><span style=\"color: red\"><strong>ENCERRADO<\/strong><\/span><\/p>\n<p style=\"text-align: justify\">O Governo do Estado de Goi\u00e1s, atrav\u00e9s da Secretaria de Estado da Educa\u00e7\u00e3o, diante da inexist\u00eancia de candidatos habilitados e remanescentes a serem convocados pelo Processo Seletivo Simplificado Edital n\u00ba 008\/2021 \u2013 SEAD e considerando a exist\u00eancia de d\u00e9ficits de professores nas unidades escolares pertencentes ao munic\u00edpio de \u00a0<b>JATA\u00cd,<\/b>\u00a0 jurisdicionado \u00e0 Coordena\u00e7\u00e3o Regional de Educa\u00e7\u00e3o (CRE) de \u00a0<b>JATA\u00cd <\/b>, informa que est\u00e1 recebendo curr\u00edculos para sele\u00e7\u00e3o e contrata\u00e7\u00e3o tempor\u00e1ria com natureza emergencial para atender aos interesses da Administra\u00e7\u00e3o, para ministrar aulas nas disciplina(s) de <b>\u00a0<\/b><b>LINGUA PORTUGUESA<\/b>, \u00a0na\u00a0 fun\u00e7\u00e3o de\u00a0 Professor Regente, no turno Matutino\u00a0 (23 aulas\u00a0 na Extens\u00e3o \u2013 Zona Rural) no<b> COLEGIO ESTADUAL MARCONDES DE GODOY.<\/b><b> <\/b><\/p>\n<p style=\"text-align: justify\">Os interessados devem encaminhar Curr\u00edculo ao e-mail oficial da Coordena\u00e7\u00e3o Regional de Educa\u00e7\u00e3o (srejatai@seduc.go.gov.br), contendo os contatos telef\u00f4nicos e endere\u00e7os de e-mail para correspond\u00eancias eletr\u00f4nicas.<\/p>\n<p style=\"text-align: justify\">Oportunamente esclarece, que a Coordena\u00e7\u00e3o Regional de Educa\u00e7\u00e3o de Jata\u00ed instituir\u00e1 comiss\u00e3o pr\u00f3pria para as an\u00e1lises curriculares, que ser\u00e1 composta por integrante do Sindicato da categoria e membros da CRE, objetivando assim, a ado\u00e7\u00e3o de medidas e provid\u00eancias pertinentes ao suprimento de todos os d\u00e9ficits de professores existentes na Rede Estadual de Educa\u00e7\u00e3o, que garantam os servi\u00e7os prestados \u00e0 comunidade goiana.<\/p>\n<p style=\"text-align: center\">SEDUC\/GO<\/p>\n<hr \/>\n<h3 style=\"text-align: center\">COMUNICADO<\/h3>\n<p align=\"center\"><strong>PARA CONTRATA\u00c7\u00c3O TEMPOR\u00c1RIA<\/strong><\/p>\n<pre style=\"text-align: center\">Publica\u00e7\u00e3o: 01\/03\/2024\nEncerramento: 06\/03\/2024 \u00e0s 18h\n<\/pre>\n<p style=\"text-align: center\"><span style=\"color: red\"><strong>ENCERRADO<\/strong><\/span><\/p>\n<p style=\"text-align: justify\">O Governo do Estado de Goi\u00e1s, atrav\u00e9s da Secretaria de Estado da Educa\u00e7\u00e3o, diante da inexist\u00eancia de candidatos habilitados e remanescentes a serem convocados pelo Processo Seletivo Simplificado Edital n\u00ba 008\/2021 \u2013 SEAD e considerando a exist\u00eancia de d\u00e9ficits de professores nas unidades escolares pertencentes ao munic\u00edpio de <b>CHAPAD\u00c3O DO C\u00c9U,<\/b>\u00a0 jurisdicionado \u00e0 Coordena\u00e7\u00e3o Regional de Educa\u00e7\u00e3o (CRE) de <b>JATA\u00cd<\/b>, informa que est\u00e1 recebendo curr\u00edculos para sele\u00e7\u00e3o e contrata\u00e7\u00e3o tempor\u00e1ria com natureza emergencial para atender aos interesses da Administra\u00e7\u00e3o, para ministrar aulas nas disciplina(s) \u00a0<strong>INT\u00c9RPRETE DE L\u00cdNGUA BRASILEIRA DE SINAIS &#8211; LIBRAS\u00a0 (Certificado de no m\u00ednimo 120 horas),\u00a0 N\u00edvel Superior Completo, Turnos Matutino e Vespertino, <\/strong><strong>carga hor\u00e1ria de 40<\/strong><strong> h<\/strong><strong>oras semanais<\/strong><strong> no CEPI\u00a0 FRUTO DA TERRA.<\/strong><b> <\/b><\/p>\n<p style=\"text-align: justify\">Os interessados devem encaminhar Curr\u00edculo ao e-mail oficial da Coordena\u00e7\u00e3o Regional de Educa\u00e7\u00e3o (srejatai@seduc.go.gov.br), contendo os contatos telef\u00f4nicos e endere\u00e7os de e-mail para correspond\u00eancias eletr\u00f4nicas.<\/p>\n<p style=\"text-align: justify\">Oportunamente esclarece, que a Coordena\u00e7\u00e3o Regional de Educa\u00e7\u00e3o de Jata\u00ed instituir\u00e1 comiss\u00e3o pr\u00f3pria para as an\u00e1lises curriculares, que ser\u00e1 composta por integrante do Sindicato da categoria e membros da CRE, objetivando assim, a ado\u00e7\u00e3o de medidas e provid\u00eancias pertinentes ao suprimento de todos os d\u00e9ficits de professores existentes na Rede Estadual de Educa\u00e7\u00e3o, que garantam os servi\u00e7os prestados \u00e0 comunidade goiana.<\/p>\n<p style=\"text-align: center\">SEDUC\/GO<\/p>\n<hr \/>\n<h3 style=\"text-align: center\">COMUNICADO<\/h3>\n<p align=\"center\"><strong>PARA CONTRATA\u00c7\u00c3O TEMPOR\u00c1RIA<\/strong><\/p>\n<pre style=\"text-align: center\">Publica\u00e7\u00e3o: 01\/03\/2024\nEncerramento: 06\/03\/2024 \u00e0s 18h\n<\/pre>\n<p style=\"text-align: center\"><span style=\"color: red\"><strong>ENCERRADO<\/strong><\/span><\/p>\n<p style=\"text-align: justify\">O Governo do Estado de Goi\u00e1s, atrav\u00e9s da Secretaria de Estado da Educa\u00e7\u00e3o, diante da inexist\u00eancia de candidatos habilitados e remanescentes a serem convocados pelo Processo Seletivo Simplificado Edital n\u00ba 008\/2021 \u2013 SEAD e considerando a exist\u00eancia de d\u00e9ficits de professores nas unidades escolares pertencentes ao munic\u00edpio de \u00a0<b>JATA\u00cd,<\/b>\u00a0 jurisdicionado \u00e0 Coordena\u00e7\u00e3o Regional de Educa\u00e7\u00e3o (CRE) de \u00a0<b>JATA\u00cd <\/b>, informa que est\u00e1 recebendo curr\u00edculos para sele\u00e7\u00e3o e contrata\u00e7\u00e3o tempor\u00e1ria com natureza emergencial para atender aos interesses da Administra\u00e7\u00e3o, para ministrar aulas nas disciplina(s) de <b>\u00a0<\/b><b>\u00a0CI\u00caNCIAS DA NATUREZA,\u00a0 <\/b>na\u00a0 fun\u00e7\u00e3o de\u00a0 Professor Regente, no Turno Matutino (26 aulas), no<b> COLEGIO ESTADUAL MARCONDES DE GODOY e COL\u00c9GIO ESTADUAL ALC\u00c2NTARA DE CARVALHO. <\/b><\/p>\n<p style=\"text-align: justify\">Os interessados devem encaminhar Curr\u00edculo ao e-mail oficial da Coordena\u00e7\u00e3o Regional de Educa\u00e7\u00e3o (srejatai@seduc.go.gov.br), contendo os contatos telef\u00f4nicos e endere\u00e7os de e-mail para correspond\u00eancias eletr\u00f4nicas.<\/p>\n<p style=\"text-align: justify\">Oportunamente esclarece, que a Coordena\u00e7\u00e3o Regional de Educa\u00e7\u00e3o de Jata\u00ed instituir\u00e1 comiss\u00e3o pr\u00f3pria para as an\u00e1lises curriculares, que ser\u00e1 composta por integrante do Sindicato da categoria e membros da CRE, objetivando assim, a ado\u00e7\u00e3o de medidas e provid\u00eancias pertinentes ao suprimento de todos os d\u00e9ficits de professores existentes na Rede Estadual de Educa\u00e7\u00e3o, que garantam os servi\u00e7os prestados \u00e0 comunidade goiana.<\/p>\n<p style=\"text-align: center\">SEDUC\/GO<\/p>\n<hr \/>\n<h3 style=\"text-align: center\">COMUNICADO<\/h3>\n<p align=\"center\"><strong>PARA CONTRATA\u00c7\u00c3O TEMPOR\u00c1RIA<\/strong><\/p>\n<pre style=\"text-align: center\">Publica\u00e7\u00e3o: 28\/02\/2024\nEncerramento: 04\/03\/2024 \u00e0s 18h\n<\/pre>\n<p style=\"text-align: center\"><span style=\"color: red\"><strong>ENCERRADO<\/strong><\/span><\/p>\n<p style=\"text-align: justify\">O Governo do Estado de Goi\u00e1s, atrav\u00e9s da Secretaria de Estado da Educa\u00e7\u00e3o, diante da inexist\u00eancia de candidatos habilitados e remanescentes a serem convocados pelo Processo Seletivo Simplificado Edital n\u00ba 008\/2021 \u2013 SEAD e considerando a exist\u00eancia de d\u00e9ficits de professores nas unidades escolares pertencentes ao munic\u00edpio de \u00a0<b>JATA\u00cd,<\/b>\u00a0 jurisdicionado \u00e0 Coordena\u00e7\u00e3o Regional de Educa\u00e7\u00e3o (CRE) de \u00a0<b>JATA\u00cd <\/b>, informa que est\u00e1 recebendo curr\u00edculos para sele\u00e7\u00e3o e contrata\u00e7\u00e3o tempor\u00e1ria com natureza emergencial para atender aos interesses da Administra\u00e7\u00e3o, para ministrar aulas nas disciplina(s) de <b>\u00a0<\/b><b>LINGUA PORTUGUESA<\/b>, \u00a0na\u00a0 fun\u00e7\u00e3o de\u00a0 Professor Regente, nos turnos Matutino\u00a0 e Vespertino (32 aulas), 40 h\/semanais, no<b>\u00a0CEPI\u00a0 EMILIA FERREIRA DE CARVALHO.<\/b><\/p>\n<p style=\"text-align: justify\">Os interessados devem encaminhar Curr\u00edculo ao e-mail oficial da Coordena\u00e7\u00e3o Regional de Educa\u00e7\u00e3o (srejatai@seduc.go.gov.br), contendo os contatos telef\u00f4nicos e endere\u00e7os de e-mail para correspond\u00eancias eletr\u00f4nicas.<\/p>\n<p style=\"text-align: justify\">Oportunamente esclarece, que a Coordena\u00e7\u00e3o Regional de Educa\u00e7\u00e3o de Jata\u00ed instituir\u00e1 comiss\u00e3o pr\u00f3pria para as an\u00e1lises curriculares, que ser\u00e1 composta por integrante do Sindicato da categoria e membros da CRE, objetivando assim, a ado\u00e7\u00e3o de medidas e provid\u00eancias pertinentes ao suprimento de todos os d\u00e9ficits de professores existentes na Rede Estadual de Educa\u00e7\u00e3o, que garantam os servi\u00e7os prestados \u00e0 comunidade goiana.<\/p>\n<p style=\"text-align: center\">SEDUC\/GO<\/p>\n<hr \/>\n<h3 style=\"text-align: center\">COMUNICADO<\/h3>\n<p align=\"center\"><strong>PARA CONTRATA\u00c7\u00c3O TEMPOR\u00c1RIA<\/strong><\/p>\n<pre style=\"text-align: center\">Publica\u00e7\u00e3o: 28\/02\/2024\nEncerramento: 04\/03\/2024 \u00e0s 18h\n<\/pre>\n<p style=\"text-align: center\"><span style=\"color: red\"><strong>ENCERRADO<\/strong><\/span><\/p>\n<p style=\"text-align: justify\">O Governo do Estado de Goi\u00e1s, atrav\u00e9s da Secretaria de Estado da Educa\u00e7\u00e3o, diante da inexist\u00eancia de candidatos habilitados e remanescentes a serem convocados pelo Processo Seletivo Simplificado Edital n\u00ba 008\/2021 \u2013 SEAD e considerando a exist\u00eancia de d\u00e9ficits de professores nas unidades escolares pertencentes ao munic\u00edpio de \u00a0<b>JATA\u00cd,<\/b>\u00a0 jurisdicionado \u00e0 Coordena\u00e7\u00e3o Regional de Educa\u00e7\u00e3o (CRE) de \u00a0<b>JATA\u00cd <\/b>, informa que est\u00e1 recebendo curr\u00edculos para sele\u00e7\u00e3o e contrata\u00e7\u00e3o tempor\u00e1ria com natureza emergencial para atender aos interesses da Administra\u00e7\u00e3o, para ministrar aulas nas disciplina(s) de <b>\u00a0<\/b><b>MATEM\u00c1TICA<\/b>, na\u00a0 fun\u00e7\u00e3o de\u00a0 Professor Regente, nos turnos Matutino\u00a0 e Vespertino (32 aulas), 40 h\/semanais, no<b>\u00a0CEPI\u00a0 EMILIA FERREIRA DE CARVALHO.<\/b><\/p>\n<p style=\"text-align: justify\">Os interessados devem encaminhar Curr\u00edculo ao e-mail oficial da Coordena\u00e7\u00e3o Regional de Educa\u00e7\u00e3o (srejatai@seduc.go.gov.br), contendo os contatos telef\u00f4nicos e endere\u00e7os de e-mail para correspond\u00eancias eletr\u00f4nicas.<\/p>\n<p style=\"text-align: justify\">Oportunamente esclarece, que a Coordena\u00e7\u00e3o Regional de Educa\u00e7\u00e3o de Jata\u00ed instituir\u00e1 comiss\u00e3o pr\u00f3pria para as an\u00e1lises curriculares, que ser\u00e1 composta por integrante do Sindicato da categoria e membros da CRE, objetivando assim, a ado\u00e7\u00e3o de medidas e provid\u00eancias pertinentes ao suprimento de todos os d\u00e9ficits de professores existentes na Rede Estadual de Educa\u00e7\u00e3o, que garantam os servi\u00e7os prestados \u00e0 comunidade goiana.<\/p>\n<p style=\"text-align: center\">SEDUC\/GO<\/p>\n<hr \/>\n<h3 style=\"text-align: center\">COMUNICADO<\/h3>\n<p align=\"center\"><strong>PARA CONTRATA\u00c7\u00c3O TEMPOR\u00c1RIA<\/strong><\/p>\n<pre style=\"text-align: center\">Publica\u00e7\u00e3o: 28\/02\/2024\nEncerramento: 04\/03\/2024 \u00e0s 18h\n<\/pre>\n<p style=\"text-align: center\"><span style=\"color: red\"><strong>ENCERRADO<\/strong><\/span><\/p>\n<p style=\"text-align: justify\">O Governo do Estado de Goi\u00e1s, atrav\u00e9s da Secretaria de Estado da Educa\u00e7\u00e3o, diante da inexist\u00eancia de candidatos habilitados e remanescentes a serem convocados pelo Processo Seletivo Simplificado Edital n\u00ba 008\/2021 \u2013 SEAD e considerando a exist\u00eancia de d\u00e9ficits de professores nas unidades escolares pertencentes ao munic\u00edpio de \u00a0<b>JATA\u00cd,<\/b>\u00a0 jurisdicionado \u00e0 Coordena\u00e7\u00e3o Regional de Educa\u00e7\u00e3o (CRE) de \u00a0<b>JATA\u00cd<\/b>, informa que est\u00e1 recebendo curr\u00edculos para sele\u00e7\u00e3o e contrata\u00e7\u00e3o tempor\u00e1ria com natureza emergencial para atender aos interesses da Administra\u00e7\u00e3o, para ministrar aulas nas disciplina(s) de <b>\u00a0<\/b><b>EDUCA\u00c7\u00c3O FISICA<\/b>, na\u00a0 fun\u00e7\u00e3o de\u00a0 Professor Regente, nos turnos Matutino\u00a0 e Vespertino (32 aulas), 40 h\/semanais, no<b>\u00a0CEPI\u00a0 EMILIA FERREIRA DE CARVALHO.<\/b><\/p>\n<p style=\"text-align: justify\">Os interessados devem encaminhar Curr\u00edculo ao e-mail oficial da Coordena\u00e7\u00e3o Regional de Educa\u00e7\u00e3o (srejatai@seduc.go.gov.br), contendo os contatos telef\u00f4nicos e endere\u00e7os de e-mail para correspond\u00eancias eletr\u00f4nicas.<\/p>\n<p style=\"text-align: justify\">Oportunamente esclarece, que a Coordena\u00e7\u00e3o Regional de Educa\u00e7\u00e3o de Jata\u00ed instituir\u00e1 comiss\u00e3o pr\u00f3pria para as an\u00e1lises curriculares, que ser\u00e1 composta por integrante do Sindicato da categoria e membros da CRE, objetivando assim, a ado\u00e7\u00e3o de medidas e provid\u00eancias pertinentes ao suprimento de todos os d\u00e9ficits de professores existentes na Rede Estadual de Educa\u00e7\u00e3o, que garantam os servi\u00e7os prestados \u00e0 comunidade goiana.<\/p>\n<p style=\"text-align: center\">SEDUC\/GO<\/p>\n<hr \/>\n<h3 style=\"text-align: center\">COMUNICADO<\/h3>\n<p align=\"center\"><strong>PARA CONTRATA\u00c7\u00c3O TEMPOR\u00c1RIA<\/strong><\/p>\n<pre style=\"text-align: center\">Publica\u00e7\u00e3o: 27\/02\/2024\nEncerramento: 01\/03\/2024 \u00e0s 18h\n<\/pre>\n<p style=\"text-align: center\"><span style=\"color: red\"><strong>ENCERRADO<\/strong><\/span><\/p>\n<p style=\"text-align: justify\">O Governo do Estado de Goi\u00e1s, atrav\u00e9s da Secretaria de Estado da Educa\u00e7\u00e3o, diante da inexist\u00eancia de candidatos habilitados e remanescentes a serem convocados pelo Processo Seletivo Simplificado Edital n\u00ba 008\/2021 \u2013 SEAD e considerando a exist\u00eancia de d\u00e9ficits de professores nas unidades escolares pertencentes ao munic\u00edpio de \u00a0<b>JATA\u00cd,<\/b> \u00a0jurisdicionado \u00e0 Coordena\u00e7\u00e3o Regional de Educa\u00e7\u00e3o (CRE) de \u00a0<b>JATA\u00cd <\/b>, informa que est\u00e1 recebendo curr\u00edculos para sele\u00e7\u00e3o e contrata\u00e7\u00e3o tempor\u00e1ria com natureza emergencial para atender aos interesses da Administra\u00e7\u00e3o, para ministrar aulas nas disciplina(s) de <b>\u00a0LINGUA \u00a0PORTUGUESA,\u00a0 <\/b>na\u00a0 fun\u00e7\u00e3o de\u00a0 Professor Regente, nos Turnos Vespertino (16 aulas) e Noturno (16 aulas),\u00a0 40 h\/semanais, no<b>\u00a0 CENTRO \u00a0DE \u00a0ENSINO \u00a0EM \u00a0PERIODO \u00a0INTEGRAL (CEPI)\u00a0 SERAFIM \u00a0DE CARVALHO.<\/b><\/p>\n<p style=\"text-align: justify\">Os interessados devem encaminhar Curr\u00edculo ao e-mail oficial da Coordena\u00e7\u00e3o Regional de Educa\u00e7\u00e3o (srejatai@seduc.go.gov.br), contendo os contatos telef\u00f4nicos e endere\u00e7os de e-mail para correspond\u00eancias eletr\u00f4nicas.<\/p>\n<p style=\"text-align: justify\">Oportunamente esclarece, que a Coordena\u00e7\u00e3o Regional de Educa\u00e7\u00e3o de Jata\u00ed instituir\u00e1 comiss\u00e3o pr\u00f3pria para as an\u00e1lises curriculares, que ser\u00e1 composta por integrante do Sindicato da categoria e membros da CRE, objetivando assim, a ado\u00e7\u00e3o de medidas e provid\u00eancias pertinentes ao suprimento de todos os d\u00e9ficits de professores existentes na Rede Estadual de Educa\u00e7\u00e3o, que garantam os servi\u00e7os prestados \u00e0 comunidade goiana.<\/p>\n<p style=\"text-align: center\">SEDUC\/GO<\/p>\n<hr \/>\n<h3 style=\"text-align: center\">COMUNICADO<\/h3>\n<p align=\"center\"><strong>PARA CONTRATA\u00c7\u00c3O TEMPOR\u00c1RIA<\/strong><\/p>\n<pre style=\"text-align: center\">Publica\u00e7\u00e3o: 27\/02\/2024\nEncerramento: 01\/03\/2024 \u00e0s 18h\n<\/pre>\n<p style=\"text-align: center\"><span style=\"color: red\"><strong>ENCERRADO<\/strong><\/span><\/p>\n<p style=\"text-align: justify\">O Governo do Estado de Goi\u00e1s, atrav\u00e9s da Secretaria de Estado da Educa\u00e7\u00e3o, diante da inexist\u00eancia de candidatos habilitados e remanescentes a serem convocados pelo Processo Seletivo Simplificado Edital n\u00ba 008\/2021 \u2013 SEAD e considerando a exist\u00eancia de d\u00e9ficits de professores nas unidades escolares pertencentes ao munic\u00edpio de \u00a0<b>JATA\u00cd,<\/b>\u00a0 jurisdicionado \u00e0 Coordena\u00e7\u00e3o Regional de Educa\u00e7\u00e3o (CRE) de \u00a0<b>JATA\u00cd <\/b>, informa que est\u00e1 recebendo curr\u00edculos para sele\u00e7\u00e3o e contrata\u00e7\u00e3o tempor\u00e1ria com natureza emergencial para atender aos interesses da Administra\u00e7\u00e3o, para ministrar aulas nas disciplina(s) de <b>\u00a0QUIMICA<\/b><b>,\u00a0 <\/b>na\u00a0 fun\u00e7\u00e3o de\u00a0 Professor Regente, nos Turnos Vespertino (21 aulas) e Noturno (11 aulas),\u00a0 40 h\/semanais, no<b>\u00a0CENTRO DE ENSINO EM PERIODO INTEGRAL (CEPI)\u00a0 SERAFIM \u00a0DE CARVALHO.<\/b><\/p>\n<p style=\"text-align: justify\">Os interessados devem encaminhar Curr\u00edculo ao e-mail oficial da Coordena\u00e7\u00e3o Regional de Educa\u00e7\u00e3o (srejatai@seduc.go.gov.br), contendo os contatos telef\u00f4nicos e endere\u00e7os de e-mail para correspond\u00eancias eletr\u00f4nicas.<\/p>\n<p style=\"text-align: justify\">Oportunamente esclarece, que a Coordena\u00e7\u00e3o Regional de Educa\u00e7\u00e3o de Jata\u00ed instituir\u00e1 comiss\u00e3o pr\u00f3pria para as an\u00e1lises curriculares, que ser\u00e1 composta por integrante do Sindicato da categoria e membros da CRE, objetivando assim, a ado\u00e7\u00e3o de medidas e provid\u00eancias pertinentes ao suprimento de todos os d\u00e9ficits de professores existentes na Rede Estadual de Educa\u00e7\u00e3o, que garantam os servi\u00e7os prestados \u00e0 comunidade goiana.<\/p>\n<p style=\"text-align: center\">SEDUC\/GO<\/p>\n<hr \/>\n<h3 style=\"text-align: center\">COMUNICADO<\/h3>\n<p align=\"center\"><strong>PARA CONTRATA\u00c7\u00c3O TEMPOR\u00c1RIA<\/strong><\/p>\n<pre style=\"text-align: center\">Publica\u00e7\u00e3o: 27\/02\/2024\nEncerramento: 01\/03\/2024 \u00e0s 18h\n<\/pre>\n<p style=\"text-align: center\"><span style=\"color: red\"><strong>ENCERRADO<\/strong><\/span><\/p>\n<p style=\"text-align: justify\">O Governo do Estado de Goi\u00e1s, atrav\u00e9s da Secretaria de Estado da Educa\u00e7\u00e3o, diante da inexist\u00eancia de candidatos habilitados e remanescentes a serem convocados pelo Processo Seletivo Simplificado Edital n\u00ba 008\/2021 \u2013 SEAD e considerando a exist\u00eancia de d\u00e9ficits de professores nas unidades escolares pertencentes ao munic\u00edpio de \u00a0<b>JATA\u00cd,<\/b>\u00a0 jurisdicionado \u00e0 Coordena\u00e7\u00e3o Regional de Educa\u00e7\u00e3o (CRE) de \u00a0<b>JATA\u00cd <\/b>, informa que est\u00e1 recebendo curr\u00edculos para sele\u00e7\u00e3o e contrata\u00e7\u00e3o tempor\u00e1ria com natureza emergencial para atender aos interesses da Administra\u00e7\u00e3o, para ministrar aulas nas disciplina(s) de <b>\u00a0LINGUA <\/b><b>INGLESA,\u00a0 <\/b>na\u00a0 fun\u00e7\u00e3o de\u00a0 Professor Regente, nos Turnos \u00a0Vespertino (21 aulas) e Noturno (11 aulas), 40 h\/semanais, no\u00a0<b>CENTRO DE ENSINO EM PERIODO INTEGRAL (CEPI)\u00a0 SERAFIM \u00a0DE CARVALHO.<\/b><\/p>\n<p style=\"text-align: justify\">Os interessados devem encaminhar Curr\u00edculo ao e-mail oficial da Coordena\u00e7\u00e3o Regional de Educa\u00e7\u00e3o (srejatai@seduc.go.gov.br), contendo os contatos telef\u00f4nicos e endere\u00e7os de e-mail para correspond\u00eancias eletr\u00f4nicas.<\/p>\n<p style=\"text-align: justify\">Oportunamente esclarece, que a Coordena\u00e7\u00e3o Regional de Educa\u00e7\u00e3o de Jata\u00ed instituir\u00e1 comiss\u00e3o pr\u00f3pria para as an\u00e1lises curriculares, que ser\u00e1 composta por integrante do Sindicato da categoria e membros da CRE, objetivando assim, a ado\u00e7\u00e3o de medidas e provid\u00eancias pertinentes ao suprimento de todos os d\u00e9ficits de professores existentes na Rede Estadual de Educa\u00e7\u00e3o, que garantam os servi\u00e7os prestados \u00e0 comunidade goiana.<\/p>\n<p style=\"text-align: center\">SEDUC\/GO<\/p>\n<hr \/>\n<h3 style=\"text-align: center\">COMUNICADO<\/h3>\n<pre style=\"text-align: center\">Publica\u00e7\u00e3o: 14\/02\/2024\nEncerramento: 16\/02\/2024 \u00e0s 18h<\/pre>\n<p style=\"text-align: center\"><span style=\"color: red\"><strong>ENCERRADO<\/strong><\/span><\/p>\n<p style=\"text-align: justify\">O Governo do Estado de Goi\u00e1s, atrav\u00e9s da Secretaria de Estado da Educa\u00e7\u00e3o, diante da inexist\u00eancia de candidatos habilitados e remanescentes a serem convocados pelo Processo Seletivo Simplificado Edital n\u00ba 008\/2021 \u2013 SEAD e considerando a exist\u00eancia de d\u00e9ficits de professores nas unidades escolares pertencentes ao munic\u00edpio de\u00a0\u00a0 ITAJ\u00c1 jurisdicionado \u00e0 Coordena\u00e7\u00e3o Regional de Educa\u00e7\u00e3o (CRE) de\u00a0 JATA\u00cd, informa que est\u00e1 recebendo curr\u00edculos para sele\u00e7\u00e3o e contrata\u00e7\u00e3o tempor\u00e1ria com natureza emergencial para atender aos interesses da Administra\u00e7\u00e3o, para ministrar aulas nas disciplina(s)\u00a0 de\u00a0 PEDAGOGIA, na\u00a0 fun\u00e7\u00e3o de\u00a0 <b>Professor de GOI\u00c1S T\u00c9C<\/b>, no turno Noturno \u2013 3\u00ba Ano, 30 h\/semanais, em car\u00e1ter de substitui\u00e7\u00e3o, no\u00a0<b>COLEGIO ESTADUAL PRESIDENTE CASTELO BRANCO<\/b>.<\/p>\n<p style=\"text-align: justify\">Os interessados devem encaminhar Curr\u00edculo ao e-mail oficial da Coordena\u00e7\u00e3o Regional de Educa\u00e7\u00e3o (srejatai@seduc.go.gov.br), contendo os contatos telef\u00f4nicos e endere\u00e7os de e-mail para correspond\u00eancias eletr\u00f4nicas.<\/p>\n<p style=\"text-align: justify\">Oportunamente esclarece, que a Coordena\u00e7\u00e3o Regional de Educa\u00e7\u00e3o de Jata\u00ed instituir\u00e1 comiss\u00e3o pr\u00f3pria para as an\u00e1lises curriculares, que ser\u00e1 composta por integrante do Sindicato da categoria e membros da CRE, objetivando assim, a ado\u00e7\u00e3o de medidas e provid\u00eancias pertinentes ao suprimento de todos os d\u00e9ficits de professores existentes na Rede Estadual de Educa\u00e7\u00e3o, que garantam os servi\u00e7os prestados \u00e0 comunidade goiana.<\/p>\n<p style=\"text-align: center\">SEDUC\/GO<\/p>\n<hr \/>\n<h3 style=\"text-align: center\">COMUNICADO<\/h3>\n<pre style=\"text-align: center\">Publica\u00e7\u00e3o: 14\/02\/2024\nEncerramento: 16\/02\/2024 \u00e0s 18h<\/pre>\n<p style=\"text-align: center\"><span style=\"color: red\"><strong>ENCERRADO<\/strong><\/span><\/p>\n<p style=\"text-align: justify\">O Governo do Estado de Goi\u00e1s, atrav\u00e9s da Secretaria de Estado da Educa\u00e7\u00e3o, diante da inexist\u00eancia de candidatos habilitados e remanescentes a serem convocados pelo Processo Seletivo Simplificado Edital n\u00ba 008\/2021 \u2013 SEAD e considerando a exist\u00eancia de d\u00e9ficits de professores nas unidades escolares pertencentes ao munic\u00edpio de\u00a0\u00a0 ITAJ\u00c1 jurisdicionado \u00e0 Coordena\u00e7\u00e3o Regional de Educa\u00e7\u00e3o (CRE) de\u00a0 JATA\u00cd, informa que est\u00e1 recebendo curr\u00edculos para sele\u00e7\u00e3o e contrata\u00e7\u00e3o tempor\u00e1ria com natureza emergencial para atender aos interesses da Administra\u00e7\u00e3o, para ministrar aulas nas disciplina(s)\u00a0 de\u00a0 PEDAGOGIA, na\u00a0 fun\u00e7\u00e3o de\u00a0 <b>Professor de GOI\u00c1S T\u00c9C<\/b>, no turno Noturno \u2013 1\u00ba Ano, 30 h\/semanais, em car\u00e1ter de substitui\u00e7\u00e3o, no\u00a0<b>COLEGIO ESTADUAL PRESIDENTE CASTELO BRANCO<\/b>.<\/p>\n<p style=\"text-align: justify\">Os interessados devem encaminhar Curr\u00edculo ao e-mail oficial da Coordena\u00e7\u00e3o Regional de Educa\u00e7\u00e3o (srejatai@seduc.go.gov.br), contendo os contatos telef\u00f4nicos e endere\u00e7os de e-mail para correspond\u00eancias eletr\u00f4nicas.<\/p>\n<p style=\"text-align: justify\">Oportunamente esclarece, que a Coordena\u00e7\u00e3o Regional de Educa\u00e7\u00e3o de Jata\u00ed instituir\u00e1 comiss\u00e3o pr\u00f3pria para as an\u00e1lises curriculares, que ser\u00e1 composta por integrante do Sindicato da categoria e membros da CRE, objetivando assim, a ado\u00e7\u00e3o de medidas e provid\u00eancias pertinentes ao suprimento de todos os d\u00e9ficits de professores existentes na Rede Estadual de Educa\u00e7\u00e3o, que garantam os servi\u00e7os prestados \u00e0 comunidade goiana.<\/p>\n<p style=\"text-align: center\">SEDUC\/GO<\/p>\n<hr \/>\n<h3 style=\"text-align: center\">COMUNICADO<\/h3>\n<pre style=\"text-align: center\">Publica\u00e7\u00e3o: 26\/01\/2024\nEncerramento: 31\/01\/2024 \u00e0s 18h<\/pre>\n<p style=\"text-align: center\"><span style=\"color: red\"><strong>ENCERRADO<\/strong><\/span><\/p>\n<p style=\"text-align: justify\">O Governo do Estado de Goi\u00e1s, atrav\u00e9s da Secretaria de Estado da Educa\u00e7\u00e3o, diante da inexist\u00eancia de candidatos habilitados e remanescentes a serem convocados pelo Processo Seletivo Simplificado Edital n\u00ba 008\/2021 \u2013 SEAD e considerando a exist\u00eancia de d\u00e9ficits de professores nas unidades escolares pertencentes ao munic\u00edpio de\u00a0\u00a0 JATA\u00cd\u00a0 jurisdicionado \u00e0 Coordena\u00e7\u00e3o Regional de Educa\u00e7\u00e3o (CRE) de\u00a0 JATA\u00cd, informa que est\u00e1 recebendo curr\u00edculos para sele\u00e7\u00e3o e contrata\u00e7\u00e3o tempor\u00e1ria com natureza emergencial para atender aos interesses da Administra\u00e7\u00e3o, para ministrar aulas nas disciplina(s)\u00a0 de\u00a0 HISTORIA, na\u00a0 fun\u00e7\u00e3o de\u00a0 Professor Regente, nos Turnos Matutino e Vespertino, 32 aulas,\u00a0 40 h\/semanais,\u00a0 NO CEPI\u00a0 JOS\u00c9 FELICIANO FERREIRA.<\/p>\n<p style=\"text-align: justify\">Os interessados devem encaminhar Curr\u00edculo ao e-mail oficial da Coordena\u00e7\u00e3o Regional de Educa\u00e7\u00e3o (srejatai@seduc.go.gov.br), contendo os contatos telef\u00f4nicos e endere\u00e7os de e-mail para correspond\u00eancias eletr\u00f4nicas.<\/p>\n<p style=\"text-align: justify\">Oportunamente esclarece, que a Coordena\u00e7\u00e3o Regional de Educa\u00e7\u00e3o de Jata\u00ed instituir\u00e1 comiss\u00e3o pr\u00f3pria para as an\u00e1lises curriculares, que ser\u00e1 composta por integrante do Sindicato da categoria e membros da CRE, objetivando assim, a ado\u00e7\u00e3o de medidas e provid\u00eancias pertinentes ao suprimento de todos os d\u00e9ficits de professores existentes na Rede Estadual de Educa\u00e7\u00e3o, que garantam os servi\u00e7os prestados \u00e0 comunidade goiana.<\/p>\n<p style=\"text-align: center\">SEDUC\/GO<\/p>\n<hr \/>\n<h3 style=\"text-align: center\">COMUNICADO<\/h3>\n<pre style=\"text-align: center\">Publica\u00e7\u00e3o: 26\/01\/2024\nEncerramento: 31\/01\/2024 \u00e0s 18h<\/pre>\n<p style=\"text-align: center\"><span style=\"color: red\"><strong>ENCERRADO<\/strong><\/span><\/p>\n<p style=\"text-align: justify\">O Governo do Estado de Goi\u00e1s, atrav\u00e9s da Secretaria de Estado da Educa\u00e7\u00e3o, diante da inexist\u00eancia de candidatos habilitados e remanescentes a serem convocados pelo Processo Seletivo Simplificado Edital n\u00ba 008\/2021 \u2013 SEAD e considerando a exist\u00eancia de d\u00e9ficits de professores nas unidades escolares pertencentes ao munic\u00edpio de CHAPAD\u00c3O DO C\u00c9U jurisdicionado \u00e0 Coordena\u00e7\u00e3o Regional de Educa\u00e7\u00e3o (CRE) de JATA\u00cd, informa que est\u00e1 recebendo curr\u00edculos para sele\u00e7\u00e3o e contrata\u00e7\u00e3o tempor\u00e1ria com natureza emergencial para atender aos interesses da Administra\u00e7\u00e3o, para ministrar aulas nas disciplina(s)\u00a0 de\u00a0 PEDAGOGIA, na\u00a0 fun\u00e7\u00e3o de Coordenador(a) Pedag\u00f3gico(a),\u00a0 no Turno Noturno, 20 h\/semanais, no CEPI\u00a0 FRUTO DA TERRA.<\/p>\n<p style=\"text-align: justify\">Os interessados devem encaminhar Curr\u00edculo ao e-mail oficial da Coordena\u00e7\u00e3o Regional de Educa\u00e7\u00e3o (srejatai@seduc.go.gov.br), contendo os contatos telef\u00f4nicos e endere\u00e7os de e-mail para correspond\u00eancias eletr\u00f4nicas.<\/p>\n<p style=\"text-align: justify\">Oportunamente esclarece, que a Coordena\u00e7\u00e3o Regional de Educa\u00e7\u00e3o de Jata\u00ed instituir\u00e1 comiss\u00e3o pr\u00f3pria para as an\u00e1lises curriculares, que ser\u00e1 composta por integrante do Sindicato da categoria e membros da CRE, objetivando assim, a ado\u00e7\u00e3o de medidas e provid\u00eancias pertinentes ao suprimento de todos os d\u00e9ficits de professores existentes na Rede Estadual de Educa\u00e7\u00e3o, que garantam os servi\u00e7os prestados \u00e0 comunidade goiana.<\/p>\n<p style=\"text-align: center\">SEDUC\/GO<\/p>\n<hr \/>\n<h3 style=\"text-align: center\">COMUNICADO<\/h3>\n<pre style=\"text-align: center\">Publica\u00e7\u00e3o: 26\/01\/2024\nEncerramento: 31\/01\/2024 \u00e0s 18h<\/pre>\n<p style=\"text-align: center\"><span style=\"color: red\"><strong>ENCERRADO<\/strong><\/span><\/p>\n<p style=\"text-align: justify\">O Governo do Estado de Goi\u00e1s, atrav\u00e9s da Secretaria de Estado da Educa\u00e7\u00e3o, diante da inexist\u00eancia de candidatos habilitados e remanescentes a serem convocados pelo Processo Seletivo Simplificado Edital n\u00ba 008\/2021 \u2013 SEAD e considerando a exist\u00eancia de d\u00e9ficits de professores nas unidades escolares pertencentes ao munic\u00edpio de\u00a0 JATA\u00cd\u00a0 jurisdicionado \u00e0 Coordena\u00e7\u00e3o Regional de Educa\u00e7\u00e3o (CRE) de\u00a0 JATA\u00cd, informa que est\u00e1 recebendo curr\u00edculos para sele\u00e7\u00e3o e contrata\u00e7\u00e3o tempor\u00e1ria com natureza emergencial para atender aos interesses da Administra\u00e7\u00e3o, para ministrar aulas nas disciplina(s)\u00a0 de\u00a0 MATEM\u00c1TICA, na\u00a0 fun\u00e7\u00e3o de\u00a0 Professor Regente, 32 aulas &#8211; Matutino\u00a0 e Vespertino, 40 h\/semanais, NO CEPI\u00a0 EMILIA FERREIRA DE CARVALHO.<\/p>\n<p style=\"text-align: justify\">Os interessados devem encaminhar Curr\u00edculo ao e-mail oficial da Coordena\u00e7\u00e3o Regional de Educa\u00e7\u00e3o (srejatai@seduc.go.gov.br), contendo os contatos telef\u00f4nicos e endere\u00e7os de e-mail para correspond\u00eancias eletr\u00f4nicas.<\/p>\n<p style=\"text-align: justify\">Oportunamente esclarece, que a Coordena\u00e7\u00e3o Regional de Educa\u00e7\u00e3o de Jata\u00ed instituir\u00e1 comiss\u00e3o pr\u00f3pria para as an\u00e1lises curriculares, que ser\u00e1 composta por integrante do Sindicato da categoria e membros da CRE, objetivando assim, a ado\u00e7\u00e3o de medidas e provid\u00eancias pertinentes ao suprimento de todos os d\u00e9ficits de professores existentes na Rede Estadual de Educa\u00e7\u00e3o, que garantam os servi\u00e7os prestados \u00e0 comunidade goiana.<\/p>\n<p style=\"text-align: center\">SEDUC\/GO<\/p>\n<hr \/>\n<h3 style=\"text-align: center\">COMUNICADO<\/h3>\n<pre style=\"text-align: center\">Publica\u00e7\u00e3o: 26\/01\/2024\nEncerramento: 31\/01\/2024 \u00e0s 18h<\/pre>\n<p style=\"text-align: center\"><span style=\"color: red\"><strong>ENCERRADO<\/strong><\/span><\/p>\n<p style=\"text-align: justify\">O Governo do Estado de Goi\u00e1s, atrav\u00e9s da Secretaria de Estado da Educa\u00e7\u00e3o, diante da inexist\u00eancia de candidatos habilitados e remanescentes a serem convocados pelo Processo Seletivo Simplificado Edital n\u00ba 008\/2021 \u2013 SEAD e considerando a exist\u00eancia de d\u00e9ficits de professores nas unidades escolares pertencentes ao munic\u00edpio de\u00a0\u00a0 JATA\u00cd\u00a0 jurisdicionado \u00e0 Coordena\u00e7\u00e3o Regional de Educa\u00e7\u00e3o (CRE) de\u00a0 JATA\u00cd,\u00a0 informa que est\u00e1 recebendo curr\u00edculos para sele\u00e7\u00e3o e contrata\u00e7\u00e3o tempor\u00e1ria com natureza emergencial para atender aos interesses da Administra\u00e7\u00e3o, para ministrar aulas nas disciplina(s) de INT\u00c9RPRETE DE L\u00cdNGUA BRASILEIRA DE SINAIS\u00a0 &#8211; LIBRAS\u00a0 (Certificado de no m\u00ednimo 120 horas), N\u00edvel Superior Completo, Turno Matutino,\u00a0 30h\/a semanais,\u00a0 no CEPMG Nest\u00f3rio Ribeiro.<\/p>\n<p style=\"text-align: justify\">Os interessados devem encaminhar Curr\u00edculo ao e-mail oficial da Coordena\u00e7\u00e3o Regional de Educa\u00e7\u00e3o (srejatai@seduc.go.gov.br), contendo os contatos telef\u00f4nicos e endere\u00e7os de e-mail para correspond\u00eancias eletr\u00f4nicas.<\/p>\n<p style=\"text-align: justify\">Oportunamente esclarece, que a Coordena\u00e7\u00e3o Regional de Educa\u00e7\u00e3o de Jata\u00ed instituir\u00e1 comiss\u00e3o pr\u00f3pria para as an\u00e1lises curriculares, que ser\u00e1 composta por integrante do Sindicato da categoria e membros da CRE, objetivando assim, a ado\u00e7\u00e3o de medidas e provid\u00eancias pertinentes ao suprimento de todos os d\u00e9ficits de professores existentes na Rede Estadual de Educa\u00e7\u00e3o, que garantam os servi\u00e7os prestados \u00e0 comunidade goiana.<\/p>\n<p style=\"text-align: center\">SEDUC\/GO<\/p>\n<hr \/>\n<h3 style=\"text-align: center\">COMUNICADO<\/h3>\n<pre style=\"text-align: center\">Publica\u00e7\u00e3o: 26\/01\/2024\nEncerramento: 31\/01\/2024 \u00e0s 18h<\/pre>\n<p style=\"text-align: center\"><span style=\"color: red\"><strong>ENCERRADO<\/strong><\/span><\/p>\n<p style=\"text-align: justify\">O Governo do Estado de Goi\u00e1s, atrav\u00e9s da Secretaria de Estado da Educa\u00e7\u00e3o, diante da inexist\u00eancia de candidatos habilitados e remanescentes a serem convocados pelo Processo Seletivo Simplificado Edital n\u00ba 008\/2021 \u2013 SEAD e considerando a exist\u00eancia de d\u00e9ficits de professores nas unidades escolares pertencentes ao munic\u00edpio de\u00a0\u00a0 JATA\u00cd\u00a0 jurisdicionado \u00e0 Coordena\u00e7\u00e3o Regional de Educa\u00e7\u00e3o (CRE) de\u00a0 JATA\u00cd, informa que est\u00e1 recebendo curr\u00edculos para sele\u00e7\u00e3o e contrata\u00e7\u00e3o tempor\u00e1ria com natureza emergencial para atender aos interesses da Administra\u00e7\u00e3o, para ministrar aulas nas disciplina(s)\u00a0 de\u00a0 QU\u00cdMICA, na\u00a0 fun\u00e7\u00e3o de\u00a0 Professor Regente, nos Turnos Matutino (22 aulas) e no Vespertino (10 aulas),\u00a0 40 h\/semanais,\u00a0 no COL\u00c9GIO ESTADUAL PROF\u00aa TAIS SANTOS NEVES CARVALHO.<\/p>\n<p style=\"text-align: justify\">Os interessados devem encaminhar Curr\u00edculo ao e-mail oficial da Coordena\u00e7\u00e3o Regional de Educa\u00e7\u00e3o (srejatai@seduc.go.gov.br), contendo os contatos telef\u00f4nicos e endere\u00e7os de e-mail para correspond\u00eancias eletr\u00f4nicas.<\/p>\n<p style=\"text-align: justify\">Oportunamente esclarece, que a Coordena\u00e7\u00e3o Regional de Educa\u00e7\u00e3o de Jata\u00ed instituir\u00e1 comiss\u00e3o pr\u00f3pria para as an\u00e1lises curriculares, que ser\u00e1 composta por integrante do Sindicato da categoria e membros da CRE, objetivando assim, a ado\u00e7\u00e3o de medidas e provid\u00eancias pertinentes ao suprimento de todos os d\u00e9ficits de professores existentes na Rede Estadual de Educa\u00e7\u00e3o, que garantam os servi\u00e7os prestados \u00e0 comunidade goiana.<\/p>\n<p style=\"text-align: center\">SEDUC\/GO<\/p>\n<hr \/>\n<h3 style=\"text-align: center\">COMUNICADO<\/h3>\n<pre style=\"text-align: center\">Publica\u00e7\u00e3o: 26\/01\/2024\nEncerramento: 31\/01\/2024 \u00e0s 18h<\/pre>\n<p style=\"text-align: center\"><span style=\"color: red\"><strong>ENCERRADO<\/strong><\/span><\/p>\n<p style=\"text-align: justify\">O Governo do Estado de Goi\u00e1s, atrav\u00e9s da Secretaria de Estado da Educa\u00e7\u00e3o, diante da inexist\u00eancia de candidatos habilitados e remanescentes a serem convocados pelo Processo Seletivo Simplificado Edital n\u00ba 008\/2021 \u2013 SEAD e considerando a exist\u00eancia de d\u00e9ficits de professores nas unidades escolares pertencentes ao munic\u00edpio de\u00a0 JATA\u00cd\u00a0 jurisdicionado \u00e0 Coordena\u00e7\u00e3o Regional de Educa\u00e7\u00e3o (CRE) de\u00a0 JATA\u00cd, informa que est\u00e1 recebendo curr\u00edculos para sele\u00e7\u00e3o e contrata\u00e7\u00e3o tempor\u00e1ria com natureza emergencial para atender aos interesses da Administra\u00e7\u00e3o, para ministrar aulas nas disciplina(s)\u00a0 de\u00a0 EDUCA\u00c7\u00c3O F\u00cdSICA, na\u00a0 fun\u00e7\u00e3o de\u00a0 Professor Regente, 32 aulas &#8211; Matutino\u00a0 e Vespertino, 40 h\/semanais, NO CEPI\u00a0 EMILIA FERREIRA DE CARVALHO.<\/p>\n<p style=\"text-align: justify\">Os interessados devem encaminhar Curr\u00edculo ao e-mail oficial da Coordena\u00e7\u00e3o Regional de Educa\u00e7\u00e3o (srejatai@seduc.go.gov.br), contendo os contatos telef\u00f4nicos e endere\u00e7os de e-mail para correspond\u00eancias eletr\u00f4nicas.<\/p>\n<p style=\"text-align: justify\">Oportunamente esclarece, que a Coordena\u00e7\u00e3o Regional de Educa\u00e7\u00e3o de Jata\u00ed instituir\u00e1 comiss\u00e3o pr\u00f3pria para as an\u00e1lises curriculares, que ser\u00e1 composta por integrante do Sindicato da categoria e membros da CRE, objetivando assim, a ado\u00e7\u00e3o de medidas e provid\u00eancias pertinentes ao suprimento de todos os d\u00e9ficits de professores existentes na Rede Estadual de Educa\u00e7\u00e3o, que garantam os servi\u00e7os prestados \u00e0 comunidade goiana.<\/p>\n<p style=\"text-align: center\">SEDUC\/GO<\/p>\n<hr \/>\n<h3 style=\"text-align: center\"><strong>COMUNICADO<\/strong><\/h3>\n<pre style=\"text-align: center\">Publica\u00e7\u00e3o: 18\/01\/2024\nEncerramento: 23\/01\/2024 \u00e0s 18h<\/pre>\n<h3 align=\"center\"><span style=\"color: red\"><strong>ENCERRADO<\/strong><\/span><\/h3>\n<p style=\"text-align: justify\">O Governo do Estado de Goi\u00e1s, atrav\u00e9s da Secretaria de Estado da Educa\u00e7\u00e3o, diante da inexist\u00eancia de candidatos habilitados e remanescentes a serem convocados pelo Processo Seletivo Simplificado Edital n\u00ba 008\/2021 \u2013 SEAD e considerando a exist\u00eancia de d\u00e9ficits de professores nas unidades escolares pertencentes ao munic\u00edpio de JATA\u00cd\u00a0 jurisdicionado \u00e0 Coordena\u00e7\u00e3o Regional de Educa\u00e7\u00e3o (CRE) de\u00a0 JATA\u00cd,\u00a0 informa que est\u00e1 recebendo curr\u00edculos para sele\u00e7\u00e3o e contrata\u00e7\u00e3o tempor\u00e1ria com natureza emergencial para atender aos interesses da Administra\u00e7\u00e3o, para ministrar aulas nas disciplina(s)\u00a0 de) de INT\u00c9RPRETE DE L\u00cdNGUA BRASILEIRA DE SINAIS &#8211; LIBRAS\u00a0 (Certificado de no m\u00ednimo 120 horas), Turno Matutino,\u00a0 30h\/a semanais,\u00a0 na\u00a0 ESCOLA ESTADUAL POLIVALENTE DANTE MOSCONI.<\/p>\n<p style=\"text-align: justify\">Os interessados devem encaminhar Curr\u00edculo ao e-mail oficial da Coordena\u00e7\u00e3o Regional de Educa\u00e7\u00e3o (srejatai@seduc.go.gov.br), contendo os contatos telef\u00f4nicos e endere\u00e7os de e-mail para correspond\u00eancias eletr\u00f4nicas.<\/p>\n<p style=\"text-align: justify\">Oportunamente esclarece, que a Coordena\u00e7\u00e3o Regional de Educa\u00e7\u00e3o de Jata\u00ed instituir\u00e1 comiss\u00e3o pr\u00f3pria para as an\u00e1lises curriculares, que ser\u00e1 composta por integrante do Sindicato da categoria e membros da CRE, objetivando assim, a ado\u00e7\u00e3o de medidas e provid\u00eancias pertinentes ao suprimento de todos os d\u00e9ficits de professores existentes na Rede Estadual de Educa\u00e7\u00e3o, que garantam os servi\u00e7os prestados \u00e0 comunidade goiana.<\/p>\n<p style=\"text-align: center\">SEDUC\/GO<\/p>\n<hr \/>\n<h3 style=\"text-align: center\"><strong>COMUNICADO<\/strong><\/h3>\n<pre style=\"text-align: center\">Publica\u00e7\u00e3o: 18\/01\/2024\nEncerramento: 23\/01\/2024 \u00e0s 18h<\/pre>\n<h3 align=\"center\"><span style=\"color: red\"><strong>ENCERRADO<\/strong><\/span><\/h3>\n<p style=\"text-align: justify\">O Governo do Estado de Goi\u00e1s, atrav\u00e9s da Secretaria de Estado da Educa\u00e7\u00e3o, diante da inexist\u00eancia de candidatos habilitados e remanescentes a serem convocados pelo Processo Seletivo Simplificado Edital n\u00ba 008\/2021 \u2013 SEAD e considerando a exist\u00eancia de d\u00e9ficits de professores nas unidades escolares pertencentes ao munic\u00edpio de JATA\u00cd\u00a0 jurisdicionado \u00e0 Coordena\u00e7\u00e3o Regional de Educa\u00e7\u00e3o (CRE) de\u00a0 JATA\u00cd, informa que est\u00e1 recebendo curr\u00edculos para sele\u00e7\u00e3o e contrata\u00e7\u00e3o tempor\u00e1ria com natureza emergencial para atender aos interesses da Administra\u00e7\u00e3o, para ministrar aulas nas disciplina(s) de INT\u00c9RPRETE DE L\u00cdNGUA BRASILEIRA DE SINAIS &#8211; LIBRAS\u00a0 (Certificado de no m\u00ednimo 120 horas), Turno Matutino, 30h\/a semanais, no COL\u00c9GIO ESTADUAL FREI DOMINGOS.<\/p>\n<p style=\"text-align: justify\">Os interessados devem encaminhar Curr\u00edculo ao e-mail oficial da Coordena\u00e7\u00e3o Regional de Educa\u00e7\u00e3o (srejatai@seduc.go.gov.br), contendo os contatos telef\u00f4nicos e endere\u00e7os de e-mail para correspond\u00eancias eletr\u00f4nicas.<\/p>\n<p style=\"text-align: justify\">Oportunamente esclarece, que a Coordena\u00e7\u00e3o Regional de Educa\u00e7\u00e3o de Jata\u00ed instituir\u00e1 comiss\u00e3o pr\u00f3pria para as an\u00e1lises curriculares, que ser\u00e1 composta por integrante do Sindicato da categoria e membros da CRE, objetivando assim, a ado\u00e7\u00e3o de medidas e provid\u00eancias pertinentes ao suprimento de todos os d\u00e9ficits de professores existentes na Rede Estadual de Educa\u00e7\u00e3o, que garantam os servi\u00e7os prestados \u00e0 comunidade goiana.<\/p>\n<p style=\"text-align: center\">SEDUC\/GO<\/p>\n<hr \/>\n<h3 style=\"text-align: center\"><strong>COMUNICADO<\/strong><\/h3>\n<pre style=\"text-align: center\">Publica\u00e7\u00e3o: 01\/11\/2023\nEncerramento: 08\/11\/2023 \u00e0s 18h<\/pre>\n<h3 align=\"center\"><span style=\"color: red\"><strong>ENCERRADO<\/strong><\/span><\/h3>\n<p style=\"text-align: justify\">O Governo do Estado de Goi\u00e1s, atrav\u00e9s da Secretaria de Estado da Educa\u00e7\u00e3o, diante da inexist\u00eancia de candidatos habilitados e remanescentes a serem convocados pelo Processo Seletivo Simplificado Edital n\u00ba 008\/2021 \u2013 SEAD e considerando a exist\u00eancia de d\u00e9ficits de professores nas unidades escolares pertencentes ao munic\u00edpio de <strong>JATA\u00cd\u00a0 <\/strong>jurisdicionado \u00e0 Coordena\u00e7\u00e3o Regional de Educa\u00e7\u00e3o (CRE) de\u00a0 JATA\u00cd, informa que est\u00e1 recebendo curr\u00edculos para sele\u00e7\u00e3o e contrata\u00e7\u00e3o tempor\u00e1ria com natureza emergencial para atender aos interesses da Administra\u00e7\u00e3o, para ministrar aulas nas disciplina(s) de <strong>QU\u00cdMICA<\/strong>, na\u00a0 fun\u00e7\u00e3o de\u00a0 Professor Regente, nos Turnos Matutino (24 aulas) e Vespertino (8 aulas), 40 h\/semanais, NA ESCOLA ESTADUAL JOS\u00c9 MANOEL VILELA.<\/p>\n<p style=\"text-align: justify\">Os interessados devem encaminhar Curr\u00edculo ao e-mail oficial da Coordena\u00e7\u00e3o Regional de Educa\u00e7\u00e3o (srejatai@seduc.go.gov.br), contendo os contatos telef\u00f4nicos e endere\u00e7os de e-mail para correspond\u00eancias eletr\u00f4nicas.<\/p>\n<p style=\"text-align: justify\">Oportunamente esclarece, que a Coordena\u00e7\u00e3o Regional de Educa\u00e7\u00e3o de Jata\u00ed instituir\u00e1 comiss\u00e3o pr\u00f3pria para as an\u00e1lises curriculares, que ser\u00e1 composta por integrante do Sindicato da categoria e membros da CRE, objetivando assim, a ado\u00e7\u00e3o de medidas e provid\u00eancias pertinentes ao suprimento de todos os d\u00e9ficits de professores existentes na Rede Estadual de Educa\u00e7\u00e3o, que garantam os servi\u00e7os prestados \u00e0 comunidade goiana.<\/p>\n<p style=\"text-align: center\">SEDUC\/GO<\/p>\n<hr \/>\n<h3 style=\"text-align: center\"><strong>COMUNICADO<\/strong><\/h3>\n<pre class=\"MsoNormal\" style=\"text-align: center;line-height: 115%\">Publica\u00e7\u00e3o: 05\/10\/2023\nEncerramento: 11\/10\/2023 \u00e0s 18h<\/pre>\n<h3 align=\"center\"><span style=\"color: red\"><strong>ENCERRADO<\/strong><\/span><\/h3>\n<p style=\"text-align: justify\">O Governo do Estado de Goi\u00e1s, atrav\u00e9s da Secretaria de Estado da Educa\u00e7\u00e3o, diante da inexist\u00eancia de candidatos habilitados e remanescentes a serem convocados pelo Processo Seletivo Simplificado Edital n\u00ba 008\/2021 \u2013 SEAD e considerando a exist\u00eancia de d\u00e9ficits de professores nas unidades escolares pertencentes ao munic\u00edpio de\u00a0 <strong>JATA\u00cd\u00a0 <\/strong>jurisdicionado \u00e0 Coordena\u00e7\u00e3o Regional de Educa\u00e7\u00e3o (CRE) de\u00a0 JATA\u00cd, informa que est\u00e1 recebendo curr\u00edculos para sele\u00e7\u00e3o e contrata\u00e7\u00e3o tempor\u00e1ria com natureza emergencial para atender aos interesses da Administra\u00e7\u00e3o, para ministrar aulas nas disciplina(s)\u00a0 de\u00a0 <strong>ARTE<\/strong>,\u00a0 na\u00a0 fun\u00e7\u00e3o de\u00a0 Professor Regente,\u00a0 32 aulas (Matutino e\u00a0 Vespertino), 40 h\/semanais,\u00a0 NO\u00a0 CEPI\u00a0 EMILIA\u00a0 FERREIRA\u00a0 DE\u00a0 CARVALHO\u00a0 (INTEGRAL).<\/p>\n<p style=\"text-align: justify\">Os interessados devem encaminhar Curr\u00edculo ao e-mail oficial da Coordena\u00e7\u00e3o Regional de Educa\u00e7\u00e3o (srejatai@seduc.go.gov.br), contendo os contatos telef\u00f4nicos e endere\u00e7os de e-mail para correspond\u00eancias eletr\u00f4nicas.<\/p>\n<p style=\"text-align: justify\">Oportunamente esclarece, que a Coordena\u00e7\u00e3o Regional de Educa\u00e7\u00e3o de Jata\u00ed instituir\u00e1 comiss\u00e3o pr\u00f3pria para as an\u00e1lises curriculares, que ser\u00e1 composta por integrante do Sindicato da categoria e membros da CRE, objetivando assim, a ado\u00e7\u00e3o de medidas e provid\u00eancias pertinentes ao suprimento de todos os d\u00e9ficits de professores existentes na Rede Estadual de Educa\u00e7\u00e3o, que garantam os servi\u00e7os prestados \u00e0 comunidade goiana.<\/p>\n<p style=\"text-align: center\">SEDUC\/GO<\/p>\n<hr \/>\n<h3 style=\"text-align: center\"><strong>COMUNICADO<\/strong><\/h3>\n<pre class=\"MsoNormal\" style=\"text-align: center;line-height: 115%\">Publica\u00e7\u00e3o: 05\/10\/2023\nEncerramento: 11\/10\/2023 \u00e0s 18h<\/pre>\n<h3 align=\"center\"><span style=\"color: red\"><strong>ENCERRADO<\/strong><\/span><\/h3>\n<p style=\"text-align: justify\">O Governo do Estado de Goi\u00e1s, atrav\u00e9s da Secretaria de Estado da Educa\u00e7\u00e3o, diante da inexist\u00eancia de candidatos habilitados e remanescentes a serem convocados pelo Processo Seletivo Simplificado Edital n\u00ba 008\/2021 \u2013 SEAD e considerando a exist\u00eancia de d\u00e9ficits de professores nas unidades escolares pertencentes ao munic\u00edpio de\u00a0 <strong>JATA\u00cd\u00a0 <\/strong>jurisdicionado \u00e0 Coordena\u00e7\u00e3o Regional de Educa\u00e7\u00e3o (CRE) de\u00a0 JATA\u00cd, informa que est\u00e1 recebendo curr\u00edculos para sele\u00e7\u00e3o e contrata\u00e7\u00e3o tempor\u00e1ria com natureza emergencial para atender aos interesses da Administra\u00e7\u00e3o, para ministrar aulas nas disciplina(s)\u00a0 de\u00a0 <strong>MATEM\u00c1TICA<\/strong>, na\u00a0 fun\u00e7\u00e3o de\u00a0 Professor Regente, 32 aulas (Matutino\u00a0 e Vespertino), 40 h\/semanais, NO CEPI\u00a0 SERAFIM\u00a0 DE CARVALHO (INTEGRAL).<\/p>\n<p style=\"text-align: justify\">Os interessados devem encaminhar Curr\u00edculo ao e-mail oficial da Coordena\u00e7\u00e3o Regional de Educa\u00e7\u00e3o (srejatai@seduc.go.gov.br), contendo os contatos telef\u00f4nicos e endere\u00e7os de e-mail para correspond\u00eancias eletr\u00f4nicas.<\/p>\n<p style=\"text-align: justify\">Oportunamente esclarece, que a Coordena\u00e7\u00e3o Regional de Educa\u00e7\u00e3o de Jata\u00ed instituir\u00e1 comiss\u00e3o pr\u00f3pria para as an\u00e1lises curriculares, que ser\u00e1 composta por integrante do Sindicato da categoria e membros da CRE, objetivando assim, a ado\u00e7\u00e3o de medidas e provid\u00eancias pertinentes ao suprimento de todos os d\u00e9ficits de professores existentes na Rede Estadual de Educa\u00e7\u00e3o, que garantam os servi\u00e7os prestados \u00e0 comunidade goiana.<\/p>\n<p style=\"text-align: center\">SEDUC\/GO<\/p>\n<hr \/>\n<h3 align=\"center\"><strong>COMUNICADO<\/strong><\/h3>\n<pre style=\"text-align: center\">Publica\u00e7\u00e3o: 25\/09\/2023\nEncerramento: 28\/09\/2023 \u00e0s 18h<\/pre>\n<h3 align=\"center\"><span style=\"color: red\"><strong>ENCERRADO<\/strong><\/span><\/h3>\n<p style=\"text-align: justify\">O Governo do Estado de Goi\u00e1s, atrav\u00e9s da Secretaria de Estado da Educa\u00e7\u00e3o, diante da inexist\u00eancia de candidatos habilitados e remanescentes a serem convocados pelo Processo Seletivo Simplificado Edital n\u00ba 008\/2021 \u2013 SEAD e considerando a exist\u00eancia de d\u00e9ficits de professores nas unidades escolares pertencentes ao munic\u00edpio de <strong>\u00a0CA\u00c7U<\/strong> \u00a0jurisdicionado \u00e0 Coordena\u00e7\u00e3o Regional de Educa\u00e7\u00e3o (CRE) de \u00a0<strong>JATA\u00cd<\/strong>, informa que est\u00e1 recebendo curr\u00edculos para sele\u00e7\u00e3o e contrata\u00e7\u00e3o tempor\u00e1ria com natureza emergencial para atender aos interesses da Administra\u00e7\u00e3o, para ministrar aulas nas disciplina(s) \u00a0de\u00a0 <strong>PEDAGOGIA<\/strong><strong>, \u00a0na \u00a0fun\u00e7\u00e3o &#8211;\u00a0 35 &#8211; Professor de 1\u00aa Fase, \u00a0no Turno\u00a0 Vespertino,\u00a0 30 h\/semanais, \u00a0NA ESCOLA DE ENSINO ESPECIAL MIGUEL VICENTE DA SILVA.<\/strong><\/p>\n<p style=\"text-align: justify\">Os interessados devem encaminhar Curr\u00edculo ao e-mail oficial da Coordena\u00e7\u00e3o Regional de Educa\u00e7\u00e3o (srejatai@seduc.go.gov.br), contendo os contatos telef\u00f4nicos e endere\u00e7os de e-mail para correspond\u00eancias eletr\u00f4nicas.<\/p>\n<p style=\"text-align: justify\">Oportunamente esclarece, que a Coordena\u00e7\u00e3o Regional de Educa\u00e7\u00e3o de Jata\u00ed instituir\u00e1 comiss\u00e3o pr\u00f3pria para as an\u00e1lises curriculares, que ser\u00e1 composta por integrante do Sindicato da categoria e membros da CRE, objetivando assim, a ado\u00e7\u00e3o de medidas e provid\u00eancias pertinentes ao suprimento de todos os d\u00e9ficits de professores existentes na Rede Estadual de Educa\u00e7\u00e3o, que garantam os servi\u00e7os prestados \u00e0 comunidade goiana.<\/p>\n<p align=\"center\">SEDUC\/GO<\/p>\n<hr \/>\n<h3 align=\"center\"><strong>COMUNICADO<\/strong><\/h3>\n<pre style=\"text-align: center\">Publica\u00e7\u00e3o: 18\/09\/2023\nEncerramento: 21\/09\/2023 \u00e0s 18h<\/pre>\n<h3 align=\"center\"><span style=\"color: red\"><strong>ENCERRADO<\/strong><\/span><\/h3>\n<p style=\"text-align: justify\">O Governo do Estado de Goi\u00e1s, atrav\u00e9s da Secretaria de Estado da Educa\u00e7\u00e3o, diante da inexist\u00eancia de candidatos habilitados e remanescentes a serem convocados pelo Processo Seletivo Simplificado Edital n\u00ba 008\/2021 \u2013 SEAD e considerando a exist\u00eancia de d\u00e9ficits de professores nas unidades escolares pertencentes ao munic\u00edpio de <strong>JATA\u00cd <\/strong>jurisdicionado \u00e0 Coordena\u00e7\u00e3o Regional de Educa\u00e7\u00e3o (CRE) de \u00a0<strong>JATA\u00cd<\/strong>, informa que est\u00e1 recebendo curr\u00edculos para sele\u00e7\u00e3o e contrata\u00e7\u00e3o tempor\u00e1ria com natureza emergencial para atender aos interesses da Administra\u00e7\u00e3o, para ministrar aulas nas disciplina(s) \u00a0de<strong> LINGUA PORTUGUESA, na fun\u00e7\u00e3o de Professor Regente, nos Turnos Matutino e Vespertino \u00a0(32 aulas), 40 h\/semanais, \u00a0NO CEPI JO\u00c3O ROBERTO MOREIRA.<\/strong><\/p>\n<p style=\"text-align: justify\">Os interessados devem encaminhar Curr\u00edculo ao e-mail oficial da Coordena\u00e7\u00e3o Regional de Educa\u00e7\u00e3o (srejatai@seduc.go.gov.br), contendo os contatos telef\u00f4nicos e endere\u00e7os de e-mail para correspond\u00eancias eletr\u00f4nicas.<\/p>\n<p style=\"text-align: justify\">Oportunamente esclarece, que a Coordena\u00e7\u00e3o Regional de Educa\u00e7\u00e3o de Jata\u00ed instituir\u00e1 comiss\u00e3o pr\u00f3pria para as an\u00e1lises curriculares, que ser\u00e1 composta por integrante do Sindicato da categoria e membros da CRE, objetivando assim, a ado\u00e7\u00e3o de medidas e provid\u00eancias pertinentes ao suprimento de todos os d\u00e9ficits de professores existentes na Rede Estadual de Educa\u00e7\u00e3o, que garantam os servi\u00e7os prestados \u00e0 comunidade goiana.<\/p>\n<p align=\"center\">SEDUC\/GO<\/p>\n<hr \/>\n<h3 align=\"center\"><strong>COMUNICADO<\/strong><\/h3>\n<pre style=\"text-align: center\">Publica\u00e7\u00e3o: 12\/09\/2023\nEncerramento: 15\/09\/2023 \u00e0s 18h<\/pre>\n<h3 align=\"center\"><span style=\"color: red\"><strong>ENCERRADO<\/strong><\/span><\/h3>\n<p style=\"text-align: justify\">O Governo do Estado de Goi\u00e1s, atrav\u00e9s da Secretaria de Estado da Educa\u00e7\u00e3o, diante da inexist\u00eancia de candidatos habilitados e remanescentes a serem convocados pelo Processo Seletivo Simplificado Edital n\u00ba 008\/2021 \u2013 SEAD e considerando a exist\u00eancia de d\u00e9ficits de professores nas unidades escolares pertencentes ao munic\u00edpio de <strong>\u00a0\u00a0JATA\u00cd\u00a0 <\/strong>jurisdicionado \u00e0 Coordena\u00e7\u00e3o Regional de Educa\u00e7\u00e3o (CRE) de \u00a0<strong>JATA\u00cd<\/strong>, informa que est\u00e1 recebendo curr\u00edculos para sele\u00e7\u00e3o e contrata\u00e7\u00e3o tempor\u00e1ria com natureza emergencial para atender aos interesses da Administra\u00e7\u00e3o, para ministrar aulas nas disciplina(s) \u00a0de <strong>CI\u00caNCIAS DA NATUREZA, na \u00a0fun\u00e7\u00e3o de\u00a0 Professor Regente, no Turno Matutino \u2013 19 aulas, \u00a024 h\/semanais, NA ESCOLA \u00a0ESTADUAL POLIVALENTE DANTE MOSCONI.<\/strong><\/p>\n<p style=\"text-align: justify\">Os interessados devem encaminhar Curr\u00edculo ao e-mail oficial da Coordena\u00e7\u00e3o Regional de Educa\u00e7\u00e3o (srejatai@seduc.go.gov.br), contendo os contatos telef\u00f4nicos e endere\u00e7os de e-mail para correspond\u00eancias eletr\u00f4nicas.<\/p>\n<p style=\"text-align: justify\">Oportunamente esclarece, que a Coordena\u00e7\u00e3o Regional de Educa\u00e7\u00e3o de Jata\u00ed instituir\u00e1 comiss\u00e3o pr\u00f3pria para as an\u00e1lises curriculares, que ser\u00e1 composta por integrante do Sindicato da categoria e membros da CRE, objetivando assim, a ado\u00e7\u00e3o de medidas e provid\u00eancias pertinentes ao suprimento de todos os d\u00e9ficits de professores existentes na Rede Estadual de Educa\u00e7\u00e3o, que garantam os servi\u00e7os prestados \u00e0 comunidade goiana.<\/p>\n<p align=\"center\">SEDUC\/GO<\/p>\n<hr \/>\n<h3 align=\"center\"><strong>COMUNICADO<\/strong><\/h3>\n<pre style=\"text-align: center\">Publica\u00e7\u00e3o: 05\/09\/2023\nEncerramento: 08\/09\/2023 \u00e0s 18h<\/pre>\n<h3 align=\"center\"><span style=\"color: red\"><strong>ENCERRADO<\/strong><\/span><\/h3>\n<p style=\"text-align: justify\">O Governo do Estado de Goi\u00e1s, atrav\u00e9s da Secretaria de Estado da Educa\u00e7\u00e3o, diante da inexist\u00eancia de candidatos habilitados e remanescentes a serem convocados pelo Processo Seletivo Simplificado Edital n\u00ba 008\/2021 \u2013 SEAD e considerando a exist\u00eancia de d\u00e9ficits de professores nas unidades escolares pertencentes ao munic\u00edpio de <strong>JATA\u00cd \u00a0<\/strong>jurisdicionado \u00e0 Coordena\u00e7\u00e3o Regional de Educa\u00e7\u00e3o (CRE) de \u00a0<strong>JATA\u00cd<\/strong>, informa que est\u00e1 recebendo curr\u00edculos para sele\u00e7\u00e3o e contrata\u00e7\u00e3o tempor\u00e1ria com natureza emergencial para atender aos interesses da Administra\u00e7\u00e3o, para ministrar aulas nas disciplina(s) \u00a0de<strong> \u00a0HISTORIA, Professor Regente, nos Turnos Matutino (12 aulas) e Vespertino (4 horas), \u00a020 h\/semanais, \u00a0NO \u00a0CEPMG NEST\u00d3RIO RIBEIRO.<\/strong><\/p>\n<p style=\"text-align: justify\">Os interessados devem encaminhar Curr\u00edculo ao e-mail oficial da Coordena\u00e7\u00e3o Regional de Educa\u00e7\u00e3o (srejatai@seduc.go.gov.br), contendo os contatos telef\u00f4nicos e endere\u00e7os de e-mail para correspond\u00eancias eletr\u00f4nicas.<\/p>\n<p style=\"text-align: justify\">Oportunamente esclarece, que a Coordena\u00e7\u00e3o Regional de Educa\u00e7\u00e3o de Jata\u00ed instituir\u00e1 comiss\u00e3o pr\u00f3pria para as an\u00e1lises curriculares, que ser\u00e1 composta por integrante do Sindicato da categoria e membros da CRE, objetivando assim, a ado\u00e7\u00e3o de medidas e provid\u00eancias pertinentes ao suprimento de todos os d\u00e9ficits de professores existentes na Rede Estadual de Educa\u00e7\u00e3o, que garantam os servi\u00e7os prestados \u00e0 comunidade goiana.<\/p>\n<p align=\"center\">SEDUC\/GO<\/p>\n<hr \/>\n<h3 align=\"center\"><strong>COMUNICADO<\/strong><\/h3>\n<pre style=\"text-align: center\">Publica\u00e7\u00e3o: 05\/09\/2023\nEncerramento: 08\/09\/2023 \u00e0s 18h<\/pre>\n<h3 align=\"center\"><span style=\"color: red\"><strong>ENCERRADO<\/strong><\/span><\/h3>\n<p style=\"text-align: justify\">O Governo do Estado de Goi\u00e1s, atrav\u00e9s da Secretaria de Estado da Educa\u00e7\u00e3o, diante da inexist\u00eancia de candidatos habilitados e remanescentes a serem convocados pelo Processo Seletivo Simplificado Edital n\u00ba 008\/2021 \u2013 SEAD e considerando a exist\u00eancia de d\u00e9ficits de professores nas unidades escolares pertencentes ao munic\u00edpio de <strong>LAGOA SANTA <\/strong>jurisdicionado \u00e0 Coordena\u00e7\u00e3o Regional de Educa\u00e7\u00e3o (CRE) de \u00a0<strong>JATA\u00cd<\/strong>, informa que est\u00e1 recebendo curr\u00edculos para sele\u00e7\u00e3o e contrata\u00e7\u00e3o tempor\u00e1ria com natureza emergencial para atender aos interesses da Administra\u00e7\u00e3o, para ministrar aulas nas disciplina(s) \u00a0de<strong>\u00a0 GEOGRAFIA, \u00a0na \u00a0fun\u00e7\u00e3o \u00a0de\u00a0 Professor \u00a0Regente, \u00a0no Turno \u00a0Matutino &#8211; 12 aulas de Geografia e 04 aulas de Hist\u00f3ria, 20 h\/semanais, \u00a0NO COL\u00c9GIO ESTADUAL DEPUTADO JOS\u00c9 ALVES DE ASSIS.<\/strong><\/p>\n<p style=\"text-align: justify\">Os interessados devem encaminhar Curr\u00edculo ao e-mail oficial da Coordena\u00e7\u00e3o Regional de Educa\u00e7\u00e3o (srejatai@seduc.go.gov.br), contendo os contatos telef\u00f4nicos e endere\u00e7os de e-mail para correspond\u00eancias eletr\u00f4nicas.<\/p>\n<p style=\"text-align: justify\">Oportunamente esclarece, que a Coordena\u00e7\u00e3o Regional de Educa\u00e7\u00e3o de Jata\u00ed instituir\u00e1 comiss\u00e3o pr\u00f3pria para as an\u00e1lises curriculares, que ser\u00e1 composta por integrante do Sindicato da categoria e membros da CRE, objetivando assim, a ado\u00e7\u00e3o de medidas e provid\u00eancias pertinentes ao suprimento de todos os d\u00e9ficits de professores existentes na Rede Estadual de Educa\u00e7\u00e3o, que garantam os servi\u00e7os prestados \u00e0 comunidade goiana.<\/p>\n<p align=\"center\">SEDUC\/GO<\/p>\n<hr \/>\n<h3 align=\"center\"><strong>COMUNICADO<\/strong><\/h3>\n<pre style=\"text-align: center\">Publica\u00e7\u00e3o: 31\/08\/2023\nEncerramento: 05\/09\/2023 \u00e0s 18h<\/pre>\n<h3 align=\"center\"><span style=\"color: red\"><strong>ENCERRADO<\/strong><\/span><\/h3>\n<p style=\"text-align: justify\">O Governo do Estado de Goi\u00e1s, atrav\u00e9s da Secretaria de Estado da Educa\u00e7\u00e3o, diante da inexist\u00eancia de candidatos habilitados e remanescentes a serem convocados pelo Processo Seletivo Simplificado Edital n\u00ba 008\/2021 \u2013 SEAD e considerando a exist\u00eancia de d\u00e9ficits de professores nas unidades escolares pertencentes ao munic\u00edpio <strong>JATA\u00cd<\/strong> jurisdicionado \u00e0 Coordena\u00e7\u00e3o Regional de Educa\u00e7\u00e3o (CRE) de \u00a0<strong>JATA\u00cd<\/strong>, informa que est\u00e1 recebendo curr\u00edculos para sele\u00e7\u00e3o e contrata\u00e7\u00e3o tempor\u00e1ria com natureza emergencial para atender aos interesses da Administra\u00e7\u00e3o, para ministrar aulas nas disciplina(s) \u00a0de<strong> \u00a0L\u00cdNGUA PORTUGUESA, \u00a0Professor Regente, Turno Noturno &#8211; \u00a010 aulas de L\u00edngua Portuguesa (EJA) e 16 aulas de Linguagens (EJA MULTI), 33h\/semanais, NO COL\u00c9GIO \u00a0ESTADUAL \u00a0FREI \u00a0DOMINGOS.<\/strong><\/p>\n<p style=\"text-align: justify\">Os interessados devem encaminhar Curr\u00edculo ao e-mail oficial da Coordena\u00e7\u00e3o Regional de Educa\u00e7\u00e3o (srejatai@seduc.go.gov.br), contendo os contatos telef\u00f4nicos e endere\u00e7os de e-mail para correspond\u00eancias eletr\u00f4nicas.<\/p>\n<p style=\"text-align: justify\">Oportunamente esclarece, que a Coordena\u00e7\u00e3o Regional de Educa\u00e7\u00e3o de Jata\u00ed instituir\u00e1 comiss\u00e3o pr\u00f3pria para as an\u00e1lises curriculares, que ser\u00e1 composta por integrante do Sindicato da categoria e membros da CRE, objetivando assim, a ado\u00e7\u00e3o de medidas e provid\u00eancias pertinentes ao suprimento de todos os d\u00e9ficits de professores existentes na Rede Estadual de Educa\u00e7\u00e3o, que garantam os servi\u00e7os prestados \u00e0 comunidade goiana.<\/p>\n<p align=\"center\">SEDUC\/GO<\/p>\n<hr \/>\n<h3 align=\"center\"><strong>COMUNICADO<\/strong><\/h3>\n<pre style=\"text-align: center\">Publica\u00e7\u00e3o: 31\/08\/2023\nEncerramento: 05\/09\/2023 \u00e0s 18h<\/pre>\n<h3 align=\"center\"><span style=\"color: red\"><strong>ENCERRADO<\/strong><\/span><\/h3>\n<p style=\"text-align: justify\">O Governo do Estado de Goi\u00e1s, atrav\u00e9s da Secretaria de Estado da Educa\u00e7\u00e3o, diante da inexist\u00eancia de candidatos habilitados e remanescentes a serem convocados pelo Processo Seletivo Simplificado Edital n\u00ba 008\/2021 \u2013 SEAD e considerando a exist\u00eancia de d\u00e9ficits de professores nas unidades escolares pertencentes ao munic\u00edpio de <strong>\u00a0\u00a0JATA\u00cd \u00a0<\/strong>jurisdicionado \u00e0 Coordena\u00e7\u00e3o Regional de Educa\u00e7\u00e3o (CRE) de \u00a0<strong>JATA\u00cd<\/strong>, informa que est\u00e1 recebendo curr\u00edculos para sele\u00e7\u00e3o e contrata\u00e7\u00e3o tempor\u00e1ria com natureza emergencial para atender aos interesses da Administra\u00e7\u00e3o, para ministrar aulas nas disciplina(s) \u00a0de <strong>\u00a0L\u00cdNGUA PORTUGUESA, \u00a0Professor Regente, \u00a0TURNO VESPERTINO &#8211; 15 aulas de L\u00edngua Portuguesa e 06 aulas de L\u00edngua Inglesa \u2013 Totalizando \u2013 21 aulas,\u00a0 26 h\/semanais,\u00a0 NO COL\u00c9GIO ESTADUAL FREI\u00a0 DOMINGOS.<\/strong><\/p>\n<p style=\"text-align: justify\">Os interessados devem encaminhar Curr\u00edculo ao e-mail oficial da Coordena\u00e7\u00e3o Regional de Educa\u00e7\u00e3o (srejatai@seduc.go.gov.br), contendo os contatos telef\u00f4nicos e endere\u00e7os de e-mail para correspond\u00eancias eletr\u00f4nicas.<\/p>\n<p style=\"text-align: justify\">Oportunamente esclarece, que a Coordena\u00e7\u00e3o Regional de Educa\u00e7\u00e3o de Jata\u00ed instituir\u00e1 comiss\u00e3o pr\u00f3pria para as an\u00e1lises curriculares, que ser\u00e1 composta por integrante do Sindicato da categoria e membros da CRE, objetivando assim, a ado\u00e7\u00e3o de medidas e provid\u00eancias pertinentes ao suprimento de todos os d\u00e9ficits de professores existentes na Rede Estadual de Educa\u00e7\u00e3o, que garantam os servi\u00e7os prestados \u00e0 comunidade goiana.<\/p>\n<p align=\"center\">SEDUC\/GO<\/p>\n<hr \/>\n<h3 align=\"center\"><strong>COMUNICADO<\/strong><\/h3>\n<pre style=\"text-align: center\">Publica\u00e7\u00e3o: 31\/08\/2023\nEncerramento: 05\/09\/2023 \u00e0s 18h<\/pre>\n<h3 align=\"center\"><span style=\"color: red\"><strong>ENCERRADO<\/strong><\/span><\/h3>\n<p style=\"text-align: justify\">O Governo do Estado de Goi\u00e1s, atrav\u00e9s da Secretaria de Estado da Educa\u00e7\u00e3o, diante da inexist\u00eancia de candidatos habilitados e remanescentes a serem convocados pelo Processo Seletivo Simplificado Edital n\u00ba 008\/2021 \u2013 SEAD e considerando a exist\u00eancia de d\u00e9ficits de professores nas unidades escolares pertencentes ao munic\u00edpio de <strong>\u00a0JATA\u00cd \u00a0<\/strong>jurisdicionado \u00e0 Coordena\u00e7\u00e3o Regional de Educa\u00e7\u00e3o (CRE) de \u00a0<strong>JATA\u00cd<\/strong>, informa que est\u00e1 recebendo curr\u00edculos para sele\u00e7\u00e3o e contrata\u00e7\u00e3o tempor\u00e1ria com natureza emergencial para atender aos interesses da Administra\u00e7\u00e3o, para ministrar aulas nas disciplina(s) \u00a0de<strong> \u00a0CI\u00caNCIAS DA NATUREZA, \u00a0Professor Regente, \u00a0TURNO MATUTINO \u00a0&#8211; 27 aulas, \u00a034h\/semanais, \u00a0NO COL\u00c9GIO ESTADUAL ALC\u00c2NTARA DE CARVALHO.<\/strong><\/p>\n<p style=\"text-align: justify\">Os interessados devem encaminhar Curr\u00edculo ao e-mail oficial da Coordena\u00e7\u00e3o Regional de Educa\u00e7\u00e3o (srejatai@seduc.go.gov.br), contendo os contatos telef\u00f4nicos e endere\u00e7os de e-mail para correspond\u00eancias eletr\u00f4nicas.<\/p>\n<p style=\"text-align: justify\">Oportunamente esclarece, que a Coordena\u00e7\u00e3o Regional de Educa\u00e7\u00e3o de Jata\u00ed instituir\u00e1 comiss\u00e3o pr\u00f3pria para as an\u00e1lises curriculares, que ser\u00e1 composta por integrante do Sindicato da categoria e membros da CRE, objetivando assim, a ado\u00e7\u00e3o de medidas e provid\u00eancias pertinentes ao suprimento de todos os d\u00e9ficits de professores existentes na Rede Estadual de Educa\u00e7\u00e3o, que garantam os servi\u00e7os prestados \u00e0 comunidade goiana.<\/p>\n<p align=\"center\">SEDUC\/GO<\/p>\n<hr \/>\n<h3 align=\"center\"><strong>COMUNICADO<\/strong><\/h3>\n<pre style=\"text-align: center\">Publica\u00e7\u00e3o: 24\/08\/2023\nEncerramento: 29\/08\/2023 \u00e0s 18h<\/pre>\n<h3 align=\"center\"><span style=\"color: red\"><strong>ENCERRADO<\/strong><\/span><\/h3>\n<p style=\"text-align: justify\">O Governo do Estado de Goi\u00e1s, atrav\u00e9s da Secretaria de Estado da Educa\u00e7\u00e3o, diante da inexist\u00eancia de candidatos habilitados e remanescentes a serem convocados pelo Processo Seletivo Simplificado Edital n\u00ba 008\/2021 \u2013 SEAD e considerando a exist\u00eancia de d\u00e9ficits de professores nas unidades escolares pertencentes ao munic\u00edpio de <strong>ITARUM\u00c3\u00a0 <\/strong>jurisdicionado \u00e0 Coordena\u00e7\u00e3o Regional de Educa\u00e7\u00e3o (CRE) de \u00a0<strong>JATA\u00cd<\/strong>, informa que est\u00e1 recebendo curr\u00edculos para sele\u00e7\u00e3o e contrata\u00e7\u00e3o tempor\u00e1ria com natureza emergencial para atender aos interesses da Administra\u00e7\u00e3o, para ministrar aulas nas disciplina(s) \u00a0de <strong>PEDAGOGIA,<\/strong>\u00a0 <strong>na fun\u00e7\u00e3o de<\/strong>\u00a0 <strong>COORDENA\u00c7\u00c3O PEDAG\u00d3GICA,<\/strong><strong> Turno Noturno, \u00a020 h\/semanais, \u00a0NO COL\u00c9GIO ESTADUAL \u00a0COELHO NETO.<\/strong><\/p>\n<p style=\"text-align: justify\">Os interessados devem encaminhar Curr\u00edculo ao e-mail oficial da Coordena\u00e7\u00e3o Regional de Educa\u00e7\u00e3o (srejatai@seduc.go.gov.br), contendo os contatos telef\u00f4nicos e endere\u00e7os de e-mail para correspond\u00eancias eletr\u00f4nicas.<\/p>\n<p style=\"text-align: justify\">Oportunamente esclarece, que a Coordena\u00e7\u00e3o Regional de Educa\u00e7\u00e3o de Jata\u00ed instituir\u00e1 comiss\u00e3o pr\u00f3pria para as an\u00e1lises curriculares, que ser\u00e1 composta por integrante do Sindicato da categoria e membros da CRE, objetivando assim, a ado\u00e7\u00e3o de medidas e provid\u00eancias pertinentes ao suprimento de todos os d\u00e9ficits de professores existentes na Rede Estadual de Educa\u00e7\u00e3o, que garantam os servi\u00e7os prestados \u00e0 comunidade goiana.<\/p>\n<p align=\"center\">SEDUC\/GO<\/p>\n<hr \/>\n<h3 align=\"center\"><strong>COMUNICADO<\/strong><\/h3>\n<pre style=\"text-align: center\">Publica\u00e7\u00e3o: 24\/08\/2023\nEncerramento: 29\/08\/2023 \u00e0s 18h<\/pre>\n<h3 align=\"center\"><span style=\"color: red\"><strong>ENCERRADO<\/strong><\/span><\/h3>\n<p style=\"text-align: justify\">O Governo do Estado de Goi\u00e1s, atrav\u00e9s da Secretaria de Estado da Educa\u00e7\u00e3o, diante da inexist\u00eancia de candidatos habilitados e remanescentes a serem convocados pelo Processo Seletivo Simplificado Edital n\u00ba 008\/2021 \u2013 SEAD e considerando a exist\u00eancia de d\u00e9ficits de professores nas unidades escolares pertencentes ao munic\u00edpio de <strong>ITARUM\u00c3\u00a0 <\/strong>jurisdicionado \u00e0 Coordena\u00e7\u00e3o Regional de Educa\u00e7\u00e3o (CRE) de \u00a0<strong>JATA\u00cd<\/strong>, informa que est\u00e1 recebendo curr\u00edculos para sele\u00e7\u00e3o e contrata\u00e7\u00e3o tempor\u00e1ria com natureza emergencial para atender aos interesses da Administra\u00e7\u00e3o, para ministrar aulas nas disciplina(s) \u00a0de<strong> \u00a0L\u00cdNGUA PORTUGUESA, na \u00a0fun\u00e7\u00e3o de\u00a0 Professor Regente, nos TURNOS \u00a0MATUTINO &#8211; 27 aulas e \u00a0VESPERTINO &#8211; 5 aulas, \u00a040 h\/semanais, \u00a0NO COL\u00c9GIO ESTADUAL \u00a0COELHO NETO.<\/strong><\/p>\n<p style=\"text-align: justify\">Os interessados devem encaminhar Curr\u00edculo ao e-mail oficial da Coordena\u00e7\u00e3o Regional de Educa\u00e7\u00e3o (srejatai@seduc.go.gov.br), contendo os contatos telef\u00f4nicos e endere\u00e7os de e-mail para correspond\u00eancias eletr\u00f4nicas.<\/p>\n<p style=\"text-align: justify\">Oportunamente esclarece, que a Coordena\u00e7\u00e3o Regional de Educa\u00e7\u00e3o de Jata\u00ed instituir\u00e1 comiss\u00e3o pr\u00f3pria para as an\u00e1lises curriculares, que ser\u00e1 composta por integrante do Sindicato da categoria e membros da CRE, objetivando assim, a ado\u00e7\u00e3o de medidas e provid\u00eancias pertinentes ao suprimento de todos os d\u00e9ficits de professores existentes na Rede Estadual de Educa\u00e7\u00e3o, que garantam os servi\u00e7os prestados \u00e0 comunidade goiana.<\/p>\n<p align=\"center\">SEDUC\/GO<\/p>\n<hr \/>\n<h3 align=\"center\"><strong>COMUNICADO<\/strong><\/h3>\n<pre style=\"text-align: center\">Publica\u00e7\u00e3o: 24\/08\/2023\nEncerramento: 29\/08\/2023 \u00e0s 18h<\/pre>\n<h3 align=\"center\"><span style=\"color: red\"><strong>ENCERRADO<\/strong><\/span><\/h3>\n<p style=\"text-align: justify\">O Governo do Estado de Goi\u00e1s, atrav\u00e9s da Secretaria de Estado da Educa\u00e7\u00e3o, diante da inexist\u00eancia de candidatos habilitados e remanescentes a serem convocados pelo Processo Seletivo Simplificado Edital n\u00ba 008\/2021 \u2013 SEAD e considerando a exist\u00eancia de d\u00e9ficits de professores nas unidades escolares pertencentes ao munic\u00edpio de<strong> JATA\u00cd \u00a0<\/strong>jurisdicionado \u00e0 Coordena\u00e7\u00e3o Regional de Educa\u00e7\u00e3o (CRE) de \u00a0<strong>JATA\u00cd<\/strong>, informa que est\u00e1 recebendo curr\u00edculos para sele\u00e7\u00e3o e contrata\u00e7\u00e3o tempor\u00e1ria com natureza emergencial para atender aos interesses da Administra\u00e7\u00e3o, para ministrar aulas nas disciplina(s) \u00a0de<strong>\u00a0 PEDAGOGIA,\u00a0\u00a0 na\u00a0 fun\u00e7\u00e3o\u00a0 de\u00a0 COORDENA\u00c7\u00c3O PEDAG\u00d3GICA, \u00a0nos Turnos Matutino\u00a0 e Vespertino,\u00a0 40 h\/semanais, \u00a0NO COL\u00c9GIO ESTADUAL \u00a0ALC\u00c2NTARA DE CARVALHO.<\/strong><\/p>\n<p style=\"text-align: justify\">Os interessados devem encaminhar Curr\u00edculo ao e-mail oficial da Coordena\u00e7\u00e3o Regional de Educa\u00e7\u00e3o (srejatai@seduc.go.gov.br), contendo os contatos telef\u00f4nicos e endere\u00e7os de e-mail para correspond\u00eancias eletr\u00f4nicas.<\/p>\n<p style=\"text-align: justify\">Oportunamente esclarece, que a Coordena\u00e7\u00e3o Regional de Educa\u00e7\u00e3o de Jata\u00ed instituir\u00e1 comiss\u00e3o pr\u00f3pria para as an\u00e1lises curriculares, que ser\u00e1 composta por integrante do Sindicato da categoria e membros da CRE, objetivando assim, a ado\u00e7\u00e3o de medidas e provid\u00eancias pertinentes ao suprimento de todos os d\u00e9ficits de professores existentes na Rede Estadual de Educa\u00e7\u00e3o, que garantam os servi\u00e7os prestados \u00e0 comunidade goiana.<\/p>\n<p align=\"center\">SEDUC\/GO<\/p>\n<hr \/>\n<h3 align=\"center\"><strong>COMUNICADO<\/strong><\/h3>\n<pre style=\"text-align: center\">Publica\u00e7\u00e3o: 24\/08\/2023\nEncerramento: 29\/08\/2023 \u00e0s 18h<\/pre>\n<h3 align=\"center\"><span style=\"color: red\"><strong>ENCERRADO<\/strong><\/span><\/h3>\n<p style=\"text-align: justify\">O Governo do Estado de Goi\u00e1s, atrav\u00e9s da Secretaria de Estado da Educa\u00e7\u00e3o, diante da inexist\u00eancia de candidatos habilitados e remanescentes a serem convocados pelo Processo Seletivo Simplificado Edital n\u00ba 008\/2021 \u2013 SEAD e considerando a exist\u00eancia de d\u00e9ficits de professores nas unidades escolares pertencentes ao munic\u00edpio de <strong>JATA\u00cd \u00a0<\/strong>jurisdicionado \u00e0 Coordena\u00e7\u00e3o Regional de Educa\u00e7\u00e3o (CRE) de \u00a0<strong>JATA\u00cd<\/strong>, informa que est\u00e1 recebendo curr\u00edculos para sele\u00e7\u00e3o e contrata\u00e7\u00e3o tempor\u00e1ria com natureza emergencial para atender aos interesses da Administra\u00e7\u00e3o, para ministrar aulas nas disciplina(s) \u00a0de<strong> \u00a0GEOGRAFIA, \u00a0na \u00a0fun\u00e7\u00e3o de\u00a0 Professor \u00a0Regente, \u00a0no Turno\u00a0 Matutino (32 aulas), \u00a040 h\/semanais \u2013 INTEGRAL, \u00a0NO CEPI \u00a0JO\u00c3O \u00a0ROBERTO MOREIRA.<\/strong><\/p>\n<p style=\"text-align: justify\">Os interessados devem encaminhar Curr\u00edculo ao e-mail oficial da Coordena\u00e7\u00e3o Regional de Educa\u00e7\u00e3o (srejatai@seduc.go.gov.br), contendo os contatos telef\u00f4nicos e endere\u00e7os de e-mail para correspond\u00eancias eletr\u00f4nicas.<\/p>\n<p style=\"text-align: justify\">Oportunamente esclarece, que a Coordena\u00e7\u00e3o Regional de Educa\u00e7\u00e3o de Jata\u00ed instituir\u00e1 comiss\u00e3o pr\u00f3pria para as an\u00e1lises curriculares, que ser\u00e1 composta por integrante do Sindicato da categoria e membros da CRE, objetivando assim, a ado\u00e7\u00e3o de medidas e provid\u00eancias pertinentes ao suprimento de todos os d\u00e9ficits de professores existentes na Rede Estadual de Educa\u00e7\u00e3o, que garantam os servi\u00e7os prestados \u00e0 comunidade goiana.<\/p>\n<p align=\"center\">SEDUC\/GO<\/p>\n<hr \/>\n<h3 align=\"center\"><strong>COMUNICADO<\/strong><\/h3>\n<pre style=\"text-align: center\">Publica\u00e7\u00e3o: 24\/08\/2023\nEncerramento: 29\/08\/2023 \u00e0s 18h<\/pre>\n<h3 align=\"center\"><span style=\"color: red\"><strong>ENCERRADO<\/strong><\/span><\/h3>\n<p style=\"text-align: justify\">O Governo do Estado de Goi\u00e1s, atrav\u00e9s da Secretaria de Estado da Educa\u00e7\u00e3o, diante da inexist\u00eancia de candidatos habilitados e remanescentes a serem convocados pelo Processo Seletivo Simplificado Edital n\u00ba 008\/2021 \u2013 SEAD e considerando a exist\u00eancia de d\u00e9ficits de professores nas unidades escolares pertencentes ao munic\u00edpio de <strong>\u00a0SERRAN\u00d3POLIS\u00a0 <\/strong>jurisdicionado \u00e0 Coordena\u00e7\u00e3o Regional de Educa\u00e7\u00e3o (CRE) de \u00a0<strong>JATA\u00cd<\/strong>, informa que est\u00e1 recebendo curr\u00edculos para sele\u00e7\u00e3o e contrata\u00e7\u00e3o tempor\u00e1ria com natureza emergencial para atender aos interesses da Administra\u00e7\u00e3o, para ministrar aulas nas disciplina(s) \u00a0de<strong> CI\u00caNCIAS DA NATUREZA E SUAS TECNOLOGIAS (EJA MULTI), \u00a0Turno Noturno, \u00a020 h\/semanais, \u00a0NO COL\u00c9GIO ESTADUAL \u00a0DOM ABEL.<\/strong><\/p>\n<p style=\"text-align: justify\">Os interessados devem encaminhar Curr\u00edculo ao e-mail oficial da Coordena\u00e7\u00e3o Regional de Educa\u00e7\u00e3o (srejatai@seduc.go.gov.br), contendo os contatos telef\u00f4nicos e endere\u00e7os de e-mail para correspond\u00eancias eletr\u00f4nicas.<\/p>\n<p style=\"text-align: justify\">Oportunamente esclarece, que a Coordena\u00e7\u00e3o Regional de Educa\u00e7\u00e3o de Jata\u00ed instituir\u00e1 comiss\u00e3o pr\u00f3pria para as an\u00e1lises curriculares, que ser\u00e1 composta por integrante do Sindicato da categoria e membros da CRE, objetivando assim, a ado\u00e7\u00e3o de medidas e provid\u00eancias pertinentes ao suprimento de todos os d\u00e9ficits de professores existentes na Rede Estadual de Educa\u00e7\u00e3o, que garantam os servi\u00e7os prestados \u00e0 comunidade goiana.<\/p>\n<p align=\"center\">SEDUC\/GO<\/p>\n<hr \/>\n<h3 align=\"center\"><strong>COMUNICADO<\/strong><\/h3>\n<pre style=\"text-align: center\">Publica\u00e7\u00e3o: 24\/08\/2023\nEncerramento: 29\/08\/2023 \u00e0s 18h<\/pre>\n<h3 align=\"center\"><span style=\"color: red\"><strong>ENCERRADO<\/strong><\/span><\/h3>\n<p style=\"text-align: justify\">O Governo do Estado de Goi\u00e1s, atrav\u00e9s da Secretaria de Estado da Educa\u00e7\u00e3o, diante da inexist\u00eancia de candidatos habilitados e remanescentes a serem convocados pelo Processo Seletivo Simplificado Edital n\u00ba 008\/2021 \u2013 SEAD e considerando a exist\u00eancia de d\u00e9ficits de professores nas unidades escolares pertencentes ao munic\u00edpio de <strong>\u00a0SERRAN\u00d3POLIS \u00a0<\/strong>jurisdicionado \u00e0 Coordena\u00e7\u00e3o Regional de Educa\u00e7\u00e3o (CRE) de \u00a0<strong>JATA\u00cd<\/strong>, informa que est\u00e1 recebendo curr\u00edculos para sele\u00e7\u00e3o e contrata\u00e7\u00e3o tempor\u00e1ria com natureza emergencial para atender aos interesses da Administra\u00e7\u00e3o, para ministrar aulas nas disciplina(s) \u00a0de<strong> \u00a0MATEM\u00c1TICA \u00a0E \u00a0SUAS \u00a0TECNOLOGIAS \u00a0(EJA MULTI), \u00a0fun\u00e7\u00e3o de Professor,\u00a0 Turno Noturno, 20 h\/semanais, \u00a0NO COL\u00c9GIO ESTADUAL \u00a0DOM ABEL.<\/strong><\/p>\n<p style=\"text-align: justify\">Os interessados devem encaminhar Curr\u00edculo ao e-mail oficial da Coordena\u00e7\u00e3o Regional de Educa\u00e7\u00e3o (srejatai@seduc.go.gov.br), contendo os contatos telef\u00f4nicos e endere\u00e7os de e-mail para correspond\u00eancias eletr\u00f4nicas.<\/p>\n<p style=\"text-align: justify\">Oportunamente esclarece, que a Coordena\u00e7\u00e3o Regional de Educa\u00e7\u00e3o de Jata\u00ed instituir\u00e1 comiss\u00e3o pr\u00f3pria para as an\u00e1lises curriculares, que ser\u00e1 composta por integrante do Sindicato da categoria e membros da CRE, objetivando assim, a ado\u00e7\u00e3o de medidas e provid\u00eancias pertinentes ao suprimento de todos os d\u00e9ficits de professores existentes na Rede Estadual de Educa\u00e7\u00e3o, que garantam os servi\u00e7os prestados \u00e0 comunidade goiana.<\/p>\n<p align=\"center\">SEDUC\/GO<\/p>\n<hr \/>\n<h3 align=\"center\"><strong>COMUNICADO<\/strong><\/h3>\n<pre style=\"text-align: center\">Publica\u00e7\u00e3o: 21\/08\/2023\nEncerramento: 24\/08\/2023 \u00e0s 18h<\/pre>\n<h3 align=\"center\"><span style=\"color: red\"><strong>ENCERRADO<\/strong><\/span><\/h3>\n<p style=\"text-align: justify\">O Governo do Estado de Goi\u00e1s, atrav\u00e9s da Secretaria de Estado da Educa\u00e7\u00e3o, diante da inexist\u00eancia de candidatos habilitados e remanescentes a serem convocados pelo Processo Seletivo Simplificado Edital n\u00ba 008\/2021 \u2013 SEAD e considerando a exist\u00eancia de d\u00e9ficits de professores nas unidades escolares pertencentes ao munic\u00edpio de <strong>\u00a0\u00a0JATA\u00cd\u00a0 <\/strong>jurisdicionado \u00e0 Coordena\u00e7\u00e3o Regional de Educa\u00e7\u00e3o (CRE) de \u00a0<strong>JATA\u00cd<\/strong>, informa que est\u00e1 recebendo curr\u00edculos para sele\u00e7\u00e3o e contrata\u00e7\u00e3o tempor\u00e1ria com natureza emergencial para atender aos interesses da Administra\u00e7\u00e3o, assim, h\u00e1 vaga para <strong>2 (DOIS)<\/strong> <strong>INT\u00c9RPRETES \u00a0BILINGUES &#8211;\u00a0 \u00a0PORTUGU\u00caS E L\u00cdNGUA IND\u00cdGENA\u00a0 XAVANTE, \u00a0fun\u00e7\u00e3o &#8211; 532, \u00a0nos Turnos \u00a0Vespertino e Noturno, \u00a040 h\/semanais, \u00a0NO \u00a0CEPI SERAFIM DE CARVALHO.<\/strong><\/p>\n<p style=\"text-align: justify\">Os interessados devem encaminhar Curr\u00edculo ao e-mail oficial da Coordena\u00e7\u00e3o Regional de Educa\u00e7\u00e3o (srejatai@seduc.go.gov.br), contendo os contatos telef\u00f4nicos e endere\u00e7os de e-mail para correspond\u00eancias eletr\u00f4nicas.<\/p>\n<p style=\"text-align: justify\">Oportunamente esclarece, que a Coordena\u00e7\u00e3o Regional de Educa\u00e7\u00e3o de Jata\u00ed instituir\u00e1 comiss\u00e3o pr\u00f3pria para as an\u00e1lises curriculares, que ser\u00e1 composta por integrante do Sindicato da categoria e membros da CRE, objetivando assim, a ado\u00e7\u00e3o de medidas e provid\u00eancias pertinentes ao suprimento de todos os d\u00e9ficits de professores existentes na Rede Estadual de Educa\u00e7\u00e3o, que garantam os servi\u00e7os prestados \u00e0 comunidade goiana.<\/p>\n<p align=\"center\">SEDUC\/GO<\/p>\n<hr \/>\n<h3 align=\"center\"><strong>COMUNICADO<\/strong><\/h3>\n<pre style=\"text-align: center\">Publica\u00e7\u00e3o: 21\/08\/2023\nEncerramento: 24\/08\/2023 \u00e0s 18h<\/pre>\n<h3 align=\"center\"><span style=\"color: red\"><strong>ENCERRADO<\/strong><\/span><\/h3>\n<p style=\"text-align: justify\">O Governo do Estado de Goi\u00e1s, atrav\u00e9s da Secretaria de Estado da Educa\u00e7\u00e3o, diante da inexist\u00eancia de candidatos habilitados e remanescentes a serem convocados pelo Processo Seletivo Simplificado Edital n\u00ba 008\/2021 \u2013 SEAD e considerando a exist\u00eancia de d\u00e9ficits de professores nas unidades escolares pertencentes ao munic\u00edpio de <strong>\u00a0LAGOA SANTA <\/strong>jurisdicionado \u00e0 Coordena\u00e7\u00e3o Regional de Educa\u00e7\u00e3o (CRE) de \u00a0<strong>JATA\u00cd<\/strong>, informa que est\u00e1 recebendo curr\u00edculos para sele\u00e7\u00e3o e contrata\u00e7\u00e3o tempor\u00e1ria com natureza emergencial para atender aos interesses da Administra\u00e7\u00e3o, para ministrar aulas nas disciplina(s) \u00a0de<strong> GEOGRAFIA, \u00a0na \u00a0fun\u00e7\u00e3o \u00a0de\u00a0 Professor \u00a0Regente, \u00a0no Turno \u00a0Matutino &#8211; 12 aulas de Geografia e 04 aulas de Hist\u00f3ria, 20 h\/semanais, \u00a0NO COL\u00c9GIO ESTADUAL DEPUTADO JOS\u00c9 ALVES DE ASSIS.<\/strong><\/p>\n<p style=\"text-align: justify\">Os interessados devem encaminhar Curr\u00edculo ao e-mail oficial da Coordena\u00e7\u00e3o Regional de Educa\u00e7\u00e3o (srejatai@seduc.go.gov.br), contendo os contatos telef\u00f4nicos e endere\u00e7os de e-mail para correspond\u00eancias eletr\u00f4nicas.<\/p>\n<p style=\"text-align: justify\">Oportunamente esclarece, que a Coordena\u00e7\u00e3o Regional de Educa\u00e7\u00e3o de Jata\u00ed instituir\u00e1 comiss\u00e3o pr\u00f3pria para as an\u00e1lises curriculares, que ser\u00e1 composta por integrante do Sindicato da categoria e membros da CRE, objetivando assim, a ado\u00e7\u00e3o de medidas e provid\u00eancias pertinentes ao suprimento de todos os d\u00e9ficits de professores existentes na Rede Estadual de Educa\u00e7\u00e3o, que garantam os servi\u00e7os prestados \u00e0 comunidade goiana.<\/p>\n<p align=\"center\">SEDUC\/GO<\/p>\n<hr \/>\n<h3 align=\"center\"><strong>COMUNICADO<\/strong><\/h3>\n<pre style=\"text-align: center\">Publica\u00e7\u00e3o: 09\/08\/2023\nEncerramento: 14\/08\/2023 \u00e0s 18h<\/pre>\n<h3 align=\"center\"><span style=\"color: red\"><strong>ENCERRADO<\/strong><\/span><\/h3>\n<p style=\"text-align: justify\">O Governo do Estado de Goi\u00e1s, atrav\u00e9s da Secretaria de Estado da Educa\u00e7\u00e3o, diante da inexist\u00eancia de candidatos habilitados e remanescentes a serem convocados pelo Processo Seletivo Simplificado Edital n\u00ba 008\/2021 \u2013 SEAD e considerando a exist\u00eancia de d\u00e9ficits de professores nas unidades escolares pertencentes ao munic\u00edpio de <strong>\u00a0\u00a0JATA\u00cd \u00a0<\/strong>jurisdicionado \u00e0 Coordena\u00e7\u00e3o Regional de Educa\u00e7\u00e3o (CRE) de \u00a0<strong>JATA\u00cd<\/strong>, informa que est\u00e1 recebendo curr\u00edculos para sele\u00e7\u00e3o e contrata\u00e7\u00e3o tempor\u00e1ria com natureza emergencial para atender aos interesses da Administra\u00e7\u00e3o, para ministrar aulas nas disciplina(s) \u00a0de<strong> \u00a0MATEM\u00c1TICA, na \u00a0fun\u00e7\u00e3o de\u00a0 Professor Regente, \u00a0nos Turnos Matutino (8 aulas) e Vespertino (24 aulas), \u00a040 h\/semanais, \u00a0NO CEPMG NEST\u00d3RIO RIBEIRO.<\/strong><\/p>\n<p style=\"text-align: justify\">Os interessados devem encaminhar Curr\u00edculo ao e-mail oficial da Coordena\u00e7\u00e3o Regional de Educa\u00e7\u00e3o (srejatai@seduc.go.gov.br), contendo os contatos telef\u00f4nicos e endere\u00e7os de e-mail para correspond\u00eancias eletr\u00f4nicas.<\/p>\n<p style=\"text-align: justify\">Oportunamente esclarece, que a Coordena\u00e7\u00e3o Regional de Educa\u00e7\u00e3o de Jata\u00ed instituir\u00e1 comiss\u00e3o pr\u00f3pria para as an\u00e1lises curriculares, que ser\u00e1 composta por integrante do Sindicato da categoria e membros da CRE, objetivando assim, a ado\u00e7\u00e3o de medidas e provid\u00eancias pertinentes ao suprimento de todos os d\u00e9ficits de professores existentes na Rede Estadual de Educa\u00e7\u00e3o, que garantam os servi\u00e7os prestados \u00e0 comunidade goiana.<\/p>\n<p align=\"center\">SEDUC\/GO<\/p>\n<hr \/>\n<h3 align=\"center\"><strong>COMUNICADO<\/strong><\/h3>\n<pre style=\"text-align: center\">Publica\u00e7\u00e3o: 09\/08\/2023\nEncerramento: 14\/08\/2023 \u00e0s 18h<\/pre>\n<h3 align=\"center\"><span style=\"color: red\"><strong>ENCERRADO<\/strong><\/span><\/h3>\n<p style=\"text-align: justify\">O Governo do Estado de Goi\u00e1s, atrav\u00e9s da Secretaria de Estado da Educa\u00e7\u00e3o, diante da inexist\u00eancia de candidatos habilitados e remanescentes a serem convocados pelo Processo Seletivo Simplificado Edital n\u00ba 008\/2021 \u2013 SEAD e considerando a exist\u00eancia de d\u00e9ficits de professores nas unidades escolares pertencentes ao munic\u00edpio de <strong>JATA\u00cd\u00a0 <\/strong>jurisdicionado \u00e0 Coordena\u00e7\u00e3o Regional de Educa\u00e7\u00e3o (CRE) de \u00a0<strong>JATA\u00cd<\/strong>, informa que est\u00e1 recebendo curr\u00edculos para sele\u00e7\u00e3o e contrata\u00e7\u00e3o tempor\u00e1ria com natureza emergencial para atender aos interesses da Administra\u00e7\u00e3o, para ministrar aulas nas disciplina(s) \u00a0de<strong> \u00a0M\u00daSICA, \u00a0na \u00a0fun\u00e7\u00e3o de\u00a0 Professor (Instrutor de Banda \u2013 PROJETO ARTE EDUCA), nos Turnos Matutino e Vespertino, 20 h\/semanais, NO CEPMG NESTORIO RIBEIRO.<\/strong><\/p>\n<p style=\"text-align: justify\">Os interessados devem encaminhar Curr\u00edculo ao e-mail oficial da Coordena\u00e7\u00e3o Regional de Educa\u00e7\u00e3o (srejatai@seduc.go.gov.br), contendo os contatos telef\u00f4nicos e endere\u00e7os de e-mail para correspond\u00eancias eletr\u00f4nicas.<\/p>\n<p style=\"text-align: justify\">Oportunamente esclarece, que a Coordena\u00e7\u00e3o Regional de Educa\u00e7\u00e3o de Jata\u00ed instituir\u00e1 comiss\u00e3o pr\u00f3pria para as an\u00e1lises curriculares, que ser\u00e1 composta por integrante do Sindicato da categoria e membros da CRE, objetivando assim, a ado\u00e7\u00e3o de medidas e provid\u00eancias pertinentes ao suprimento de todos os d\u00e9ficits de professores existentes na Rede Estadual de Educa\u00e7\u00e3o, que garantam os servi\u00e7os prestados \u00e0 comunidade goiana.<\/p>\n<p align=\"center\">SEDUC\/GO<\/p>\n<hr \/>\n<h3 align=\"center\"><strong>COMUNICADO<\/strong><\/h3>\n<pre style=\"text-align: center\">Publica\u00e7\u00e3o: 09\/08\/2023\nEncerramento: 14\/08\/2023 \u00e0s 18h<\/pre>\n<h3 align=\"center\"><span style=\"color: red\"><strong>ENCERRADO<\/strong><\/span><\/h3>\n<p style=\"text-align: justify\">O Governo do Estado de Goi\u00e1s, atrav\u00e9s da Secretaria de Estado da Educa\u00e7\u00e3o, diante da inexist\u00eancia de candidatos habilitados e remanescentes a serem convocados pelo Processo Seletivo Simplificado Edital n\u00ba 008\/2021 \u2013 SEAD e considerando a exist\u00eancia de d\u00e9ficits de professores nas unidades escolares pertencentes ao munic\u00edpio de <strong>ITAJ\u00c1\u00a0 <\/strong>jurisdicionado \u00e0 Coordena\u00e7\u00e3o Regional de Educa\u00e7\u00e3o (CRE) de \u00a0<strong>JATA\u00cd<\/strong>, informa que est\u00e1 recebendo curr\u00edculos para sele\u00e7\u00e3o e contrata\u00e7\u00e3o tempor\u00e1ria com natureza emergencial para atender aos interesses da Administra\u00e7\u00e3o, para ministrar aulas nas disciplina(s) \u00a0de<strong> \u00a0MATEM\u00c1TICA, na \u00a0fun\u00e7\u00e3o de\u00a0 Professor Regente, nos Turnos Vespertino (24 aulas) e Noturno (8 horas), 40 h\/semanais, NO COL\u00c9GIO ESTADUAL PRESIDENTE CASTELO BRANCO.<\/strong><\/p>\n<p style=\"text-align: justify\">Os interessados devem encaminhar Curr\u00edculo ao e-mail oficial da Coordena\u00e7\u00e3o Regional de Educa\u00e7\u00e3o (srejatai@seduc.go.gov.br), contendo os contatos telef\u00f4nicos e endere\u00e7os de e-mail para correspond\u00eancias eletr\u00f4nicas.<\/p>\n<p style=\"text-align: justify\">Oportunamente esclarece, que a Coordena\u00e7\u00e3o Regional de Educa\u00e7\u00e3o de Jata\u00ed instituir\u00e1 comiss\u00e3o pr\u00f3pria para as an\u00e1lises curriculares, que ser\u00e1 composta por integrante do Sindicato da categoria e membros da CRE, objetivando assim, a ado\u00e7\u00e3o de medidas e provid\u00eancias pertinentes ao suprimento de todos os d\u00e9ficits de professores existentes na Rede Estadual de Educa\u00e7\u00e3o, que garantam os servi\u00e7os prestados \u00e0 comunidade goiana.<\/p>\n<p align=\"center\">SEDUC\/GO<\/p>\n<hr \/>\n<h3 align=\"center\"><strong>COMUNICADO<\/strong><\/h3>\n<pre style=\"text-align: center\">Publica\u00e7\u00e3o: 09\/08\/2023\nEncerramento: 14\/08\/2023 \u00e0s 18h<\/pre>\n<h3 align=\"center\"><span style=\"color: red\"><strong>ENCERRADO<\/strong><\/span><\/h3>\n<p style=\"text-align: justify\">O Governo do Estado de Goi\u00e1s, atrav\u00e9s da Secretaria de Estado da Educa\u00e7\u00e3o, diante da inexist\u00eancia de candidatos habilitados e remanescentes a serem convocados pelo Processo Seletivo Simplificado Edital n\u00ba 008\/2021 \u2013 SEAD e considerando a exist\u00eancia de d\u00e9ficits de professores nas unidades escolares pertencentes ao munic\u00edpio de<strong> JATA\u00cd\u00a0 <\/strong>jurisdicionado \u00e0 Coordena\u00e7\u00e3o Regional de Educa\u00e7\u00e3o (CRE) de \u00a0<strong>JATA\u00cd<\/strong>, informa que est\u00e1 recebendo curr\u00edculos para sele\u00e7\u00e3o e contrata\u00e7\u00e3o tempor\u00e1ria com natureza emergencial para atender aos interesses da Administra\u00e7\u00e3o, para ministrar aulas nas disciplina(s) \u00a0de<strong> \u00a0\u00a0CI\u00caNCIAS BIOL\u00d3GICAS, na \u00a0fun\u00e7\u00e3o de\u00a0 Professor \u00a0Regente, nos Turnos Matutino (16 aulas) e Vespertino (15 aulas), \u00a0Totalizando &#8211; 31 aulas, \u00a0NO\u00a0 CEPMG NEST\u00d3RIO RIBEIRO.<\/strong><\/p>\n<p style=\"text-align: justify\">Os interessados devem encaminhar Curr\u00edculo ao e-mail oficial da Coordena\u00e7\u00e3o Regional de Educa\u00e7\u00e3o (srejatai@seduc.go.gov.br), contendo os contatos telef\u00f4nicos e endere\u00e7os de e-mail para correspond\u00eancias eletr\u00f4nicas.<\/p>\n<p style=\"text-align: justify\">Oportunamente esclarece, que a Coordena\u00e7\u00e3o Regional de Educa\u00e7\u00e3o de Jata\u00ed instituir\u00e1 comiss\u00e3o pr\u00f3pria para as an\u00e1lises curriculares, que ser\u00e1 composta por integrante do Sindicato da categoria e membros da CRE, objetivando assim, a ado\u00e7\u00e3o de medidas e provid\u00eancias pertinentes ao suprimento de todos os d\u00e9ficits de professores existentes na Rede Estadual de Educa\u00e7\u00e3o, que garantam os servi\u00e7os prestados \u00e0 comunidade goiana.<\/p>\n<p align=\"center\">SEDUC\/GO<\/p>\n<hr \/>\n<h3 align=\"center\"><strong>COMUNICADO<\/strong><\/h3>\n<pre style=\"text-align: center\">Publica\u00e7\u00e3o: 07\/08\/2023\nEncerramento: 10\/08\/2023 \u00e0s 18h<\/pre>\n<h3 align=\"center\"><span style=\"color: red\"><strong>ENCERRADO<\/strong><\/span><\/h3>\n<p style=\"text-align: justify\">O Governo do Estado de Goi\u00e1s, atrav\u00e9s da Secretaria de Estado da Educa\u00e7\u00e3o, diante da inexist\u00eancia de candidatos habilitados e remanescentes a serem convocados pelo Processo Seletivo Simplificado Edital n\u00ba 008\/2021 \u2013 SEAD e considerando a exist\u00eancia de d\u00e9ficits de professores nas unidades escolares pertencentes ao munic\u00edpio de <strong>JATA\u00cd <\/strong>jurisdicionado \u00e0 Coordena\u00e7\u00e3o Regional de Educa\u00e7\u00e3o (CRE) de <strong>JATA\u00cd<\/strong>, informa que est\u00e1 recebendo curr\u00edculos para sele\u00e7\u00e3o e contrata\u00e7\u00e3o tempor\u00e1ria com natureza emergencial para atender aos interesses da Administra\u00e7\u00e3o, para ministrar aulas nas disciplina(s) de<strong> L\u00cdNGUA PORTUGUESA, \u00a0nos \u00a0Turnos \u00a0Matutino (12 aulas)\u00a0 e\u00a0 Vespertino (20 aulas),\u00a0 40h semanais, \u00a0NO \u00a0CEPI \u00a0SERAFIM DE CARVALHO.<\/strong><\/p>\n<p style=\"text-align: justify\">Os interessados devem encaminhar Curr\u00edculo ao e-mail oficial da Coordena\u00e7\u00e3o Regional de Educa\u00e7\u00e3o (srejatai@seduc.go.gov.br), contendo os contatos telef\u00f4nicos e endere\u00e7os de e-mail para correspond\u00eancias eletr\u00f4nicas.<\/p>\n<p style=\"text-align: justify\">Oportunamente esclarece, que a Coordena\u00e7\u00e3o Regional de Educa\u00e7\u00e3o de Jata\u00ed instituir\u00e1 comiss\u00e3o pr\u00f3pria para as an\u00e1lises curriculares, que ser\u00e1 composta por integrante do Sindicato da categoria e membros da CRE, objetivando assim, a ado\u00e7\u00e3o de medidas e provid\u00eancias pertinentes ao suprimento de todos os d\u00e9ficits de professores existentes na Rede Estadual de Educa\u00e7\u00e3o, que garantam os servi\u00e7os prestados \u00e0 comunidade goiana.<\/p>\n<p align=\"center\">SEDUC\/GO<\/p>\n<hr \/>\n<h3 align=\"center\"><strong>COMUNICADO<\/strong><\/h3>\n<pre style=\"text-align: center\">Publica\u00e7\u00e3o: 03\/08\/2023\nEncerramento: 08\/08\/2023 \u00e0s 18h<\/pre>\n<h3 align=\"center\"><span style=\"color: red\"><strong>ENCERRADO<\/strong><\/span><\/h3>\n<p style=\"text-align: justify\">O Governo do Estado de Goi\u00e1s, atrav\u00e9s da Secretaria de Estado da Educa\u00e7\u00e3o, diante da inexist\u00eancia de candidatos habilitados e remanescentes a serem convocados pelo Processo Seletivo Simplificado Edital n\u00ba 008\/2021 \u2013 SEAD e considerando a exist\u00eancia de d\u00e9ficits de professores nas unidades escolares pertencentes ao munic\u00edpio de <strong>\u00a0ITAJ\u00c1<\/strong>, \u00a0jurisdicionado \u00e0 Coordena\u00e7\u00e3o Regional de Educa\u00e7\u00e3o (CRE) de <strong>JATA\u00cd<\/strong>, informa que est\u00e1 recebendo curr\u00edculos para sele\u00e7\u00e3o e contrata\u00e7\u00e3o tempor\u00e1ria com natureza emergencial para atender aos interesses da Administra\u00e7\u00e3o, para ministrar aulas nas disciplina(s) \u00a0de<strong> \u00a0PEDAGOGIA \u2013 na fun\u00e7\u00e3o &#8211;\u00a0 631 \u2013 Professor de Media\u00e7\u00e3o de Tecnologia \u2013 GOI\u00c1S T\u00c9C,\u00a0 Turno Vespertino \u2013\u00a0 40 h\/a semanais,\u00a0 NA EXTENS\u00c3O DO\u00a0 COL\u00c9GIO ESTADUAL\u00a0 PRESIDENTE CASTELO BRANCO &#8211;\u00a0 Zona Rural &#8211; Olaria da Fuma\u00e7a.<\/strong><\/p>\n<p style=\"text-align: justify\">Os interessados devem encaminhar Curr\u00edculo ao e-mail oficial da Coordena\u00e7\u00e3o Regional de Educa\u00e7\u00e3o (srejatai@seduc.go.gov.br), contendo os contatos telef\u00f4nicos e endere\u00e7os de e-mail para correspond\u00eancias eletr\u00f4nicas.<\/p>\n<p style=\"text-align: justify\">Oportunamente esclarece, que a Coordena\u00e7\u00e3o Regional de Educa\u00e7\u00e3o de Jata\u00ed instituir\u00e1 comiss\u00e3o pr\u00f3pria para as an\u00e1lises curriculares, que ser\u00e1 composta por integrante do Sindicato da categoria e membros da CRE, objetivando assim, a ado\u00e7\u00e3o de medidas e provid\u00eancias pertinentes ao suprimento de todos os d\u00e9ficits de professores existentes na Rede Estadual de Educa\u00e7\u00e3o, que garantam os servi\u00e7os prestados \u00e0 comunidade goiana.<\/p>\n<p align=\"center\">SEDUC\/GO<\/p>\n<hr \/>\n<h3 align=\"center\"><strong>COMUNICADO<\/strong><\/h3>\n<pre style=\"text-align: center\">Publica\u00e7\u00e3o: 03\/08\/2023\nEncerramento: 08\/08\/2023 \u00e0s 18h<\/pre>\n<h3 align=\"center\"><span style=\"color: red\"><strong>ENCERRADO<\/strong><\/span><\/h3>\n<p style=\"text-align: justify\">O Governo do Estado de Goi\u00e1s, atrav\u00e9s da Secretaria de Estado da Educa\u00e7\u00e3o, diante da inexist\u00eancia de candidatos habilitados e remanescentes a serem convocados pelo Processo Seletivo Simplificado Edital n\u00ba 008\/2021 \u2013 SEAD e considerando a exist\u00eancia de d\u00e9ficits de professores nas unidades escolares pertencentes ao munic\u00edpio de <strong>\u00a0JATA\u00cd<\/strong>, jurisdicionado \u00e0 Coordena\u00e7\u00e3o Regional de Educa\u00e7\u00e3o (CRE) de <strong>JATA\u00cd<\/strong>, informa que est\u00e1 recebendo curr\u00edculos para sele\u00e7\u00e3o e contrata\u00e7\u00e3o tempor\u00e1ria com natureza emergencial para atender aos interesses da Administra\u00e7\u00e3o, para ministrar aulas nas disciplina(s)<strong> \u00a0DE INT\u00c9RPRETE DE L\u00cdNGUA BRASILEIRA DE SINAIS (LIBRAS), 30h\/a semanais, \u00a0no Turno Matutino, NA ESCOLA ESTADUAL POLIVALENTE DANTE MOSCONI.<\/strong><\/p>\n<p style=\"text-align: justify\">Os interessados devem encaminhar Curr\u00edculo ao e-mail oficial da Coordena\u00e7\u00e3o Regional de Educa\u00e7\u00e3o (srejatai@seduc.go.gov.br), contendo os contatos telef\u00f4nicos e endere\u00e7os de e-mail para correspond\u00eancias eletr\u00f4nicas.<\/p>\n<p style=\"text-align: justify\">Oportunamente esclarece, que a Coordena\u00e7\u00e3o Regional de Educa\u00e7\u00e3o de Jata\u00ed instituir\u00e1 comiss\u00e3o pr\u00f3pria para as an\u00e1lises curriculares, que ser\u00e1 composta por integrante do Sindicato da categoria e membros da CRE, objetivando assim, a ado\u00e7\u00e3o de medidas e provid\u00eancias pertinentes ao suprimento de todos os d\u00e9ficits de professores existentes na Rede Estadual de Educa\u00e7\u00e3o, que garantam os servi\u00e7os prestados \u00e0 comunidade goiana.<\/p>\n<p align=\"center\">SEDUC\/GO<\/p>\n<hr \/>\n<h3 align=\"center\"><strong>COMUNICADO<\/strong><\/h3>\n<pre style=\"text-align: center\">Publica\u00e7\u00e3o: 03\/08\/2023\nEncerramento: 08\/08\/2023 \u00e0s 18h<\/pre>\n<h3 align=\"center\"><span style=\"color: red\"><strong>ENCERRADO<\/strong><\/span><\/h3>\n<p style=\"text-align: justify\">O Governo do Estado de Goi\u00e1s, atrav\u00e9s da Secretaria de Estado da Educa\u00e7\u00e3o, diante da inexist\u00eancia de candidatos habilitados e remanescentes a serem convocados pelo Processo Seletivo Simplificado Edital n\u00ba 008\/2021 \u2013 SEAD e considerando a exist\u00eancia de d\u00e9ficits de professores nas unidades escolares pertencentes ao munic\u00edpio de <strong>\u00a0JATA\u00cd \u00a0<\/strong>jurisdicionado \u00e0 Coordena\u00e7\u00e3o Regional de Educa\u00e7\u00e3o (CRE) de <strong>JATA\u00cd<\/strong>, informa que est\u00e1 recebendo curr\u00edculos para sele\u00e7\u00e3o e contrata\u00e7\u00e3o tempor\u00e1ria com natureza emergencial para atender aos interesses da Administra\u00e7\u00e3o, para ministrar aulas nas disciplina(s) \u00a0de<strong> \u00a0L\u00cdNGUA PORTUGUESA, \u00a0nos Turnos Matutino (10 aulas)\u00a0 e\u00a0 Vespertino (22 aulas),\u00a0 40h semanais, \u00a0NO CENTRO DE ENSINO DE PER\u00cdODO INTEGRAL (CEPI) SERAFIM DE CARVALHO.<\/strong><\/p>\n<p style=\"text-align: justify\">Os interessados devem encaminhar Curr\u00edculo ao e-mail oficial da Coordena\u00e7\u00e3o Regional de Educa\u00e7\u00e3o (srejatai@seduc.go.gov.br), contendo os contatos telef\u00f4nicos e endere\u00e7os de e-mail para correspond\u00eancias eletr\u00f4nicas.<\/p>\n<p style=\"text-align: justify\">Oportunamente esclarece, que a Coordena\u00e7\u00e3o Regional de Educa\u00e7\u00e3o de Jata\u00ed instituir\u00e1 comiss\u00e3o pr\u00f3pria para as an\u00e1lises curriculares, que ser\u00e1 composta por integrante do Sindicato da categoria e membros da CRE, objetivando assim, a ado\u00e7\u00e3o de medidas e provid\u00eancias pertinentes ao suprimento de todos os d\u00e9ficits de professores existentes na Rede Estadual de Educa\u00e7\u00e3o, que garantam os servi\u00e7os prestados \u00e0 comunidade goiana.<\/p>\n<p align=\"center\">SEDUC\/GO<\/p>\n<hr \/>\n<h3 align=\"center\"><strong>COMUNICADO<\/strong><\/h3>\n<pre style=\"text-align: center\">Publica\u00e7\u00e3o: 02\/08\/2023\nEncerramento: 07\/08\/2023 \u00e0s 18h<\/pre>\n<h3 align=\"center\"><span style=\"color: red\"><strong>ENCERRADO<\/strong><\/span><\/h3>\n<p style=\"text-align: justify\">O Governo do Estado de Goi\u00e1s, atrav\u00e9s da Secretaria de Estado da Educa\u00e7\u00e3o, diante da inexist\u00eancia de candidatos habilitados e remanescentes a serem convocados pelo Processo Seletivo Simplificado Edital n\u00ba 008\/2021 \u2013 SEAD e considerando a exist\u00eancia de d\u00e9ficits de professores nas unidades escolares pertencentes ao munic\u00edpio de <strong>\u00a0APARECIDA DO RIO DOCE <\/strong>jurisdicionado \u00e0 Coordena\u00e7\u00e3o Regional de Educa\u00e7\u00e3o (CRE) de \u00a0<strong>JATA\u00cd<\/strong>, informa que est\u00e1 recebendo curr\u00edculos para sele\u00e7\u00e3o e contrata\u00e7\u00e3o tempor\u00e1ria com natureza emergencial para atender aos interesses da Administra\u00e7\u00e3o, para ministrar aulas nas disciplina(s) \u00a0de<strong> \u00a0PEDAGOGIA, na \u00a0fun\u00e7\u00e3o de\u00a0 Professor de Media\u00e7\u00e3o de Tecnologia (Goi\u00e1sT\u00e9c), no Turno Matutino, 40 h\/semanais, NO COL\u00c9GIO ESTADUAL S\u00c3O JO\u00c3O.<\/strong><\/p>\n<p style=\"text-align: justify\">Os interessados devem encaminhar Curr\u00edculo ao e-mail oficial da Coordena\u00e7\u00e3o Regional de Educa\u00e7\u00e3o (srejatai@seduc.go.gov.br), contendo os contatos telef\u00f4nicos e endere\u00e7os de e-mail para correspond\u00eancias eletr\u00f4nicas.<\/p>\n<p style=\"text-align: justify\">Oportunamente esclarece, que a Coordena\u00e7\u00e3o Regional de Educa\u00e7\u00e3o de Jata\u00ed instituir\u00e1 comiss\u00e3o pr\u00f3pria para as an\u00e1lises curriculares, que ser\u00e1 composta por integrante do Sindicato da categoria e membros da CRE, objetivando assim, a ado\u00e7\u00e3o de medidas e provid\u00eancias pertinentes ao suprimento de todos os d\u00e9ficits de professores existentes na Rede Estadual de Educa\u00e7\u00e3o, que garantam os servi\u00e7os prestados \u00e0 comunidade goiana.<\/p>\n<p align=\"center\">SEDUC\/GO<\/p>\n<hr \/>\n<h3 align=\"center\"><strong>COMUNICADO<\/strong><\/h3>\n<pre style=\"text-align: center\">Publica\u00e7\u00e3o: 01\/08\/2023\nEncerramento: 04\/08\/2023 \u00e0s 18h<\/pre>\n<h3 align=\"center\"><span style=\"color: red\"><strong>ENCERRADO<\/strong><\/span><\/h3>\n<p style=\"text-align: justify\">O Governo do Estado de Goi\u00e1s, atrav\u00e9s da Secretaria de Estado da Educa\u00e7\u00e3o, diante da inexist\u00eancia de candidatos habilitados e remanescentes a serem convocados pelo Processo Seletivo Simplificado Edital n\u00ba 008\/2021 \u2013 SEAD e considerando a exist\u00eancia de d\u00e9ficits de professores nas unidades escolares pertencentes ao munic\u00edpio de <strong>SERRAN\u00d3POLIS <\/strong>jurisdicionado \u00e0 Coordena\u00e7\u00e3o Regional de Educa\u00e7\u00e3o (CRE) de <strong>JATA\u00cd<\/strong>, informa que est\u00e1 recebendo curr\u00edculos para sele\u00e7\u00e3o e contrata\u00e7\u00e3o tempor\u00e1ria com natureza emergencial para atender aos interesses da Administra\u00e7\u00e3o, para ministrar aulas nas disciplina(s) \u00a0de<strong> \u00a0L\u00cdNGUA PORTUGUESA, \u00a0nos Turnos: Matutino &#8211; 2 aulas e Vespertino \u00a0&#8211; 20 aulas, \u00a0NO \u00a0COL\u00c9GIO ESTADUAL DOM ABEL.<\/strong><\/p>\n<p style=\"text-align: justify\">Os interessados devem encaminhar Curr\u00edculo ao e-mail oficial da Coordena\u00e7\u00e3o Regional de Educa\u00e7\u00e3o (srejatai@seduc.go.gov.br), contendo os contatos telef\u00f4nicos e endere\u00e7os de e-mail para correspond\u00eancias eletr\u00f4nicas.<\/p>\n<p style=\"text-align: justify\">Oportunamente esclarece, que a Coordena\u00e7\u00e3o Regional de Educa\u00e7\u00e3o de Jata\u00ed instituir\u00e1 comiss\u00e3o pr\u00f3pria para as an\u00e1lises curriculares, que ser\u00e1 composta por integrante do Sindicato da categoria e membros da CRE, objetivando assim, a ado\u00e7\u00e3o de medidas e provid\u00eancias pertinentes ao suprimento de todos os d\u00e9ficits de professores existentes na Rede Estadual de Educa\u00e7\u00e3o, que garantam os servi\u00e7os prestados \u00e0 comunidade goiana.<\/p>\n<p align=\"center\">SEDUC\/GO<\/p>\n<hr \/>\n<h3 align=\"center\"><strong>COMUNICADO<\/strong><\/h3>\n<pre style=\"text-align: center\">Publica\u00e7\u00e3o: 04\/05\/2023\nEncerramento: 09\/05\/2023 \u00e0s 18h<\/pre>\n<h3 align=\"center\"><span style=\"color: red\"><strong>ENCERRADO<\/strong><\/span><\/h3>\n<p style=\"text-align: justify\">O Governo do Estado de Goi\u00e1s, atrav\u00e9s da Secretaria de Estado da Educa\u00e7\u00e3o, diante da inexist\u00eancia de candidatos habilitados e remanescentes a serem convocados pelo Processo Seletivo Simplificado Edital n\u00ba 008\/2021 \u2013 SEAD e considerando a exist\u00eancia de d\u00e9ficits de professores nas unidades escolares pertencentes ao munic\u00edpio de <strong>CA\u00c7U<\/strong>, jurisdicionado \u00e0 Coordena\u00e7\u00e3o Regional de Educa\u00e7\u00e3o (CRE) de <strong>JATA\u00cd,<\/strong> informa que est\u00e1 recebendo curr\u00edculos para sele\u00e7\u00e3o e contrata\u00e7\u00e3o tempor\u00e1ria com natureza emergencial para atender aos interesses da Administra\u00e7\u00e3o, para ministrar aulas nas disciplina(s) \u00a0de<strong> \u00a0MATEM\u00c1TICA, \u00a0na fun\u00e7\u00e3o\u00a0 de Professor Regente, no Turno Vespertino \u2013 20 h\/a semanais, NO COL\u00c9GIO ESTADUAL DR. PEDRO LUDOVICO TEIXEIRA. <\/strong><\/p>\n<p style=\"text-align: justify\">Os interessados devem encaminhar Curr\u00edculo ao e-mail oficial da Coordena\u00e7\u00e3o Regional de Educa\u00e7\u00e3o (srejatai@seduc.go.gov.br), contendo os contatos telef\u00f4nicos e endere\u00e7os de e-mail para correspond\u00eancias eletr\u00f4nicas.<\/p>\n<p style=\"text-align: justify\">Oportunamente esclarece, que a Coordena\u00e7\u00e3o Regional de Educa\u00e7\u00e3o de Jata\u00ed instituir\u00e1 comiss\u00e3o pr\u00f3pria para as an\u00e1lises curriculares, que ser\u00e1 composta por integrante do Sindicato da categoria e membros da CRE, objetivando assim, a ado\u00e7\u00e3o de medidas e provid\u00eancias pertinentes ao suprimento de todos os d\u00e9ficits de professores existentes na Rede Estadual de Educa\u00e7\u00e3o, que garantam os servi\u00e7os prestados \u00e0 comunidade goiana.<\/p>\n<p align=\"center\">SEDUC\/GO<\/p>\n<hr \/>\n<h3 align=\"center\"><strong>COMUNICADO<\/strong><\/h3>\n<pre style=\"text-align: center\">Publica\u00e7\u00e3o: 26\/04\/2023\nEncerramento: 02\/05\/2023 \u00e0s 18h<\/pre>\n<h3 align=\"center\"><span style=\"color: red\"><strong>ENCERRADO<\/strong><\/span><\/h3>\n<p style=\"text-align: justify\">O Governo do Estado de Goi\u00e1s, atrav\u00e9s da Secretaria de Estado da Educa\u00e7\u00e3o, diante da inexist\u00eancia de candidatos habilitados e remanescentes a serem convocados pelo Processo Seletivo Simplificado Edital n\u00ba 008\/2021 \u2013 SEAD e considerando a exist\u00eancia de d\u00e9ficits de professores nas unidades escolares pertencentes ao munic\u00edpio de <strong>JATA\u00cd<\/strong>, jurisdicionado \u00e0 Coordena\u00e7\u00e3o Regional de Educa\u00e7\u00e3o (CRE) de <strong>JATA\u00cd<\/strong>, informa que est\u00e1 recebendo curr\u00edculos para sele\u00e7\u00e3o e contrata\u00e7\u00e3o tempor\u00e1ria com natureza emergencial para atender aos interesses da Administra\u00e7\u00e3o, para ministrar aulas nas disciplina(s) \u00a0de<strong> MATEM\u00c1TICA \u2013 na fun\u00e7\u00e3o de PROFESSOR\u00a0 REGENTE, \u00a0nos Turnos Matutino (13 aulas) e Vespertino (03 aulas) &#8211; Totalizando 20 h\/a semanais, \u00a0na ESCOLA ESTADUAL JOS\u00c9 MANOEL VILELA.<\/strong><\/p>\n<p style=\"text-align: justify\">Os interessados devem encaminhar Curr\u00edculo ao e-mail oficial da Coordena\u00e7\u00e3o Regional de Educa\u00e7\u00e3o (srejatai@seduc.go.gov.br), contendo os contatos telef\u00f4nicos e endere\u00e7os de e-mail para correspond\u00eancias eletr\u00f4nicas.<\/p>\n<p style=\"text-align: justify\">Oportunamente esclarece, que a Coordena\u00e7\u00e3o Regional de Educa\u00e7\u00e3o de Jata\u00ed instituir\u00e1 comiss\u00e3o pr\u00f3pria para as an\u00e1lises curriculares, que ser\u00e1 composta por integrante do Sindicato da categoria e membros da CRE, objetivando assim, a ado\u00e7\u00e3o de medidas e provid\u00eancias pertinentes ao suprimento de todos os d\u00e9ficits de professores existentes na Rede Estadual de Educa\u00e7\u00e3o, que garantam os servi\u00e7os prestados \u00e0 comunidade goiana.<\/p>\n<p align=\"center\">SEDUC\/GO<\/p>\n<hr \/>\n<h3 align=\"center\"><strong>COMUNICADO<\/strong><\/h3>\n<pre style=\"text-align: center\">Publica\u00e7\u00e3o: 19\/04\/2023\nEncerramento: 25\/04\/2023 \u00e0s 18h<\/pre>\n<h3 align=\"center\"><span style=\"color: red\"><strong>ENCERRADO<\/strong><\/span><\/h3>\n<p style=\"text-align: justify\">O Governo do Estado de Goi\u00e1s, atrav\u00e9s da Secretaria de Estado da Educa\u00e7\u00e3o, diante da inexist\u00eancia de candidatos habilitados e remanescentes a serem convocados pelo Processo Seletivo Simplificado Edital n\u00ba 008\/2021 \u2013 SEAD e considerando a exist\u00eancia de d\u00e9ficits de professores nas unidades escolares pertencentes ao munic\u00edpio de <strong>ITAJ\u00c1<\/strong>, jurisdicionado \u00e0 Coordena\u00e7\u00e3o Regional de Educa\u00e7\u00e3o (CRE) de <strong>JATA\u00cd<\/strong>, informa que est\u00e1 recebendo curr\u00edculos para sele\u00e7\u00e3o e contrata\u00e7\u00e3o tempor\u00e1ria com natureza emergencial para atender aos interesses da Administra\u00e7\u00e3o, para ministrar aulas nas disciplina(s) \u00a0de<strong> PEDAGOGIA \u2013 na fun\u00e7\u00e3o de <\/strong><strong>INT\u00c9RPRETE DE L\u00cdNGUA BRASILEIRA DE SINAIS,\u00a0 <\/strong><strong>no Turno Vespertino \u2013 30 h\/a semanais, NO \u00a0COL\u00c9GIO ESTADUAL PRESIDENTE CASTELO BRANCO.<\/strong><\/p>\n<p style=\"text-align: justify\">Os interessados devem encaminhar Curr\u00edculo ao e-mail oficial da Coordena\u00e7\u00e3o Regional de Educa\u00e7\u00e3o (srejatai@seduc.go.gov.br), contendo os contatos telef\u00f4nicos e endere\u00e7os de e-mail para correspond\u00eancias eletr\u00f4nicas.<\/p>\n<p style=\"text-align: justify\">Oportunamente esclarece, que a Coordena\u00e7\u00e3o Regional de Educa\u00e7\u00e3o de Jata\u00ed instituir\u00e1 comiss\u00e3o pr\u00f3pria para as an\u00e1lises curriculares, que ser\u00e1 composta por integrante do Sindicato da categoria e membros da CRE, objetivando assim, a ado\u00e7\u00e3o de medidas e provid\u00eancias pertinentes ao suprimento de todos os d\u00e9ficits de professores existentes na Rede Estadual de Educa\u00e7\u00e3o, que garantam os servi\u00e7os prestados \u00e0 comunidade goiana.<\/p>\n<p align=\"center\">SEDUC\/GO<\/p>\n<hr \/>\n<h3 align=\"center\"><strong>COMUNICADO<\/strong><\/h3>\n<pre style=\"text-align: center\">Publica\u00e7\u00e3o: 18\/04\/2023\nEncerramento: 24\/04\/2023 \u00e0s 18h<\/pre>\n<h3 align=\"center\"><span style=\"color: red\"><strong>ENCERRADO<\/strong><\/span><\/h3>\n<p style=\"text-align: justify\">O Governo do Estado de Goi\u00e1s, atrav\u00e9s da Secretaria de Estado da Educa\u00e7\u00e3o, diante da inexist\u00eancia de candidatos habilitados e remanescentes a serem convocados pelo Processo Seletivo Simplificado Edital n\u00ba 008\/2021 \u2013 SEAD e considerando a exist\u00eancia de d\u00e9ficits de professores nas unidades escolares pertencentes ao munic\u00edpio de<strong> APOR\u00c9<\/strong>, jurisdicionado \u00e0 Coordena\u00e7\u00e3o Regional de Educa\u00e7\u00e3o (CRE) de <strong>JATA\u00cd<\/strong>, informa que est\u00e1 recebendo curr\u00edculos para sele\u00e7\u00e3o e contrata\u00e7\u00e3o tempor\u00e1ria com natureza emergencial para atender aos interesses da Administra\u00e7\u00e3o, para assumir a \u00a0\u00a0fun\u00e7\u00e3o de \u00a0<strong>TRADUTOR \u00a0DE L\u00cdNGUA ESTRANGEIRA \u2013 ESPANHOL \u00a0(precisa ter no m\u00ednimo CURSO B\u00c1SICO EM ESPANHOL), 30 h\/a semanais, no Turno Vespertino, NO COL\u00c9GIO ESTADUAL JOS\u00c9\u00a0 LUDOVICO DE\u00a0 ALMEIDA.<\/strong><\/p>\n<p style=\"text-align: justify\">Os interessados devem encaminhar Curr\u00edculo ao e-mail oficial da Coordena\u00e7\u00e3o Regional de Educa\u00e7\u00e3o (srejatai@seduc.go.gov.br), contendo os contatos telef\u00f4nicos e endere\u00e7os de e-mail para correspond\u00eancias eletr\u00f4nicas.<\/p>\n<p style=\"text-align: justify\">Oportunamente esclarece, que a Coordena\u00e7\u00e3o Regional de Educa\u00e7\u00e3o de Jata\u00ed instituir\u00e1 comiss\u00e3o pr\u00f3pria para as an\u00e1lises curriculares, que ser\u00e1 composta por integrante do Sindicato da categoria e membros da CRE, objetivando assim, a ado\u00e7\u00e3o de medidas e provid\u00eancias pertinentes ao suprimento de todos os d\u00e9ficits de professores existentes na Rede Estadual de Educa\u00e7\u00e3o, que garantam os servi\u00e7os prestados \u00e0 comunidade goiana.<\/p>\n<p align=\"center\">SEDUC\/GO<\/p>\n<hr \/>\n<h3 align=\"center\"><strong>COMUNICADO<\/strong><\/h3>\n<pre style=\"text-align: center\">Publica\u00e7\u00e3o: 17\/04\/2023\nEncerramento: 20\/04\/2023 \u00e0s 18h<\/pre>\n<h3 align=\"center\"><span style=\"color: red\"><strong>ENCERRADO<\/strong><\/span><\/h3>\n<p style=\"text-align: justify\">O Governo do Estado de Goi\u00e1s, atrav\u00e9s da Secretaria de Estado da Educa\u00e7\u00e3o, diante da inexist\u00eancia de candidatos habilitados e remanescentes a serem convocados pelo Processo Seletivo Simplificado Edital n\u00ba 008\/2021 \u2013 SEAD e considerando a exist\u00eancia de d\u00e9ficits de professores nas unidades escolares pertencentes ao munic\u00edpio de \u00a0<strong>JATA\u00cd<\/strong>, jurisdicionado \u00e0 Coordena\u00e7\u00e3o Regional de Educa\u00e7\u00e3o (CRE) de <strong>JATA\u00cd<\/strong>, informa que est\u00e1 recebendo curr\u00edculos para sele\u00e7\u00e3o e contrata\u00e7\u00e3o tempor\u00e1ria com natureza emergencial para atender aos interesses da Administra\u00e7\u00e3o, para ministrar aulas nas disciplina(s) \u00a0de<strong> \u00a0L\u00cdNGUA PORTUGUESA \u2013 na fun\u00e7\u00e3o \u00a0de \u00a0PROFESSOR\u00a0 REGENTE, \u00a0no Turno Matutino\u00a0 (20 aulas de L\u00edngua Portuguesa\u00a0 e 04 aulas de Reda\u00e7\u00e3o \u2013\u00a0 no 9\u00ba ano) &#8211; Totalizando 30 h\/a semanais, \u00a0na ESCOLA ESTADUAL\u00a0 POLIVALENTE DANTE MOSCONI. <\/strong><\/p>\n<p style=\"text-align: justify\">Os interessados devem encaminhar Curr\u00edculo ao e-mail oficial da Coordena\u00e7\u00e3o Regional de Educa\u00e7\u00e3o (srejatai@seduc.go.gov.br), contendo os contatos telef\u00f4nicos e endere\u00e7os de e-mail para correspond\u00eancias eletr\u00f4nicas.<\/p>\n<p style=\"text-align: justify\">Oportunamente esclarece, que a Coordena\u00e7\u00e3o Regional de Educa\u00e7\u00e3o de Jata\u00ed instituir\u00e1 comiss\u00e3o pr\u00f3pria para as an\u00e1lises curriculares, que ser\u00e1 composta por integrante do Sindicato da categoria e membros da CRE, objetivando assim, a ado\u00e7\u00e3o de medidas e provid\u00eancias pertinentes ao suprimento de todos os d\u00e9ficits de professores existentes na Rede Estadual de Educa\u00e7\u00e3o, que garantam os servi\u00e7os prestados \u00e0 comunidade goiana.<\/p>\n<p align=\"center\">SEDUC\/GO<\/p>\n<hr \/>\n<h3 align=\"center\"><strong>COMUNICADO<\/strong><\/h3>\n<pre style=\"text-align: center\">Publica\u00e7\u00e3o: 17\/04\/2023\nEncerramento: 20\/04\/2023 \u00e0s 18h<\/pre>\n<h3 align=\"center\"><span style=\"color: red\"><strong>ENCERRADO<\/strong><\/span><\/h3>\n<p style=\"text-align: justify\">O Governo do Estado de Goi\u00e1s, atrav\u00e9s da Secretaria de Estado da Educa\u00e7\u00e3o, diante da inexist\u00eancia de candidatos habilitados e remanescentes a serem convocados pelo Processo Seletivo Simplificado Edital n\u00ba 008\/2021 \u2013 SEAD e considerando a exist\u00eancia de d\u00e9ficits de professores nas unidades escolares pertencentes ao munic\u00edpio de <strong>CHAPAD\u00c3O DO C\u00c9U<\/strong>, jurisdicionado \u00e0 Coordena\u00e7\u00e3o Regional de Educa\u00e7\u00e3o (CRE) de <strong>JATA\u00cd<\/strong>, informa que est\u00e1 recebendo curr\u00edculos para sele\u00e7\u00e3o e contrata\u00e7\u00e3o tempor\u00e1ria com natureza emergencial para atender aos interesses da Administra\u00e7\u00e3o, para ministrar aulas nas disciplina(s) de \u00a0<strong>PEDAGOGIA <\/strong>&#8211; na fun\u00e7\u00e3o de <strong>COORDENA\u00c7\u00c3O PEDAG\u00d3GICA,\u00a0 40h\/a semanais, \u00a0no Turno Vespertino, \u00a0NO COL\u00c9GIO \u00a0ESTADUAL \u00a0\u00a0FRUTO\u00a0 DA\u00a0 TERRA.<\/strong><\/p>\n<p style=\"text-align: justify\">Os interessados devem encaminhar Curr\u00edculo ao e-mail oficial da Coordena\u00e7\u00e3o Regional de Educa\u00e7\u00e3o (srejatai@seduc.go.gov.br), contendo os contatos telef\u00f4nicos e endere\u00e7os de e-mail para correspond\u00eancias eletr\u00f4nicas.<\/p>\n<p style=\"text-align: justify\">Oportunamente esclarece, que a Coordena\u00e7\u00e3o Regional de Educa\u00e7\u00e3o de Jata\u00ed instituir\u00e1 comiss\u00e3o pr\u00f3pria para as an\u00e1lises curriculares, que ser\u00e1 composta por integrante do Sindicato da categoria e membros da CRE, objetivando assim, a ado\u00e7\u00e3o de medidas e provid\u00eancias pertinentes ao suprimento de todos os d\u00e9ficits de professores existentes na Rede Estadual de Educa\u00e7\u00e3o, que garantam os servi\u00e7os prestados \u00e0 comunidade goiana.<\/p>\n<p align=\"center\">SEDUC\/GO<\/p>\n<hr \/>\n<h3 align=\"center\"><strong>COMUNICADO<\/strong><\/h3>\n<pre style=\"text-align: center\">Publica\u00e7\u00e3o: 11\/04\/2023\nEncerramento: 14\/04\/2023 \u00e0s 18h<\/pre>\n<h3 align=\"center\"><span style=\"color: red\"><strong>ENCERRADO<\/strong><\/span><\/h3>\n<p style=\"text-align: justify\">O Governo do Estado de Goi\u00e1s, atrav\u00e9s da Secretaria de Estado da Educa\u00e7\u00e3o, diante da inexist\u00eancia de candidatos habilitados e remanescentes a serem convocados pelo Processo Seletivo Simplificado Edital n\u00ba 008\/2021 \u2013 SEAD e considerando a exist\u00eancia de d\u00e9ficits de professores nas unidades escolares pertencentes ao munic\u00edpio de \u00a0<strong>JATA\u00cd<\/strong>, jurisdicionado \u00e0 Coordena\u00e7\u00e3o Regional de Educa\u00e7\u00e3o (CRE) de <strong>JATA\u00cd<\/strong>, informa que est\u00e1 recebendo curr\u00edculos para sele\u00e7\u00e3o e contrata\u00e7\u00e3o tempor\u00e1ria com natureza emergencial para atender aos interesses da Administra\u00e7\u00e3o, para ministrar aulas nas disciplina(s) \u00a0de<strong> \u00a0MATEM\u00c1TICA \u00a0\u2013 na fun\u00e7\u00e3o \u00a0de \u00a0PROFESSOR\u00a0 REGENTE, \u00a040 h\/a semanais, \u00a0NO \u00a0CEPI JOS\u00c9 FELICIANO FERREIRA (INTEGRAL). <\/strong><\/p>\n<p style=\"text-align: justify\">Os interessados devem encaminhar Curr\u00edculo ao e-mail oficial da Coordena\u00e7\u00e3o Regional de Educa\u00e7\u00e3o (srejatai@seduc.go.gov.br), contendo os contatos telef\u00f4nicos e endere\u00e7os de e-mail para correspond\u00eancias eletr\u00f4nicas.<\/p>\n<p style=\"text-align: justify\">Oportunamente esclarece, que a Coordena\u00e7\u00e3o Regional de Educa\u00e7\u00e3o de Jata\u00ed instituir\u00e1 comiss\u00e3o pr\u00f3pria para as an\u00e1lises curriculares, que ser\u00e1 composta por integrante do Sindicato da categoria e membros da CRE, objetivando assim, a ado\u00e7\u00e3o de medidas e provid\u00eancias pertinentes ao suprimento de todos os d\u00e9ficits de professores existentes na Rede Estadual de Educa\u00e7\u00e3o, que garantam os servi\u00e7os prestados \u00e0 comunidade goiana.<\/p>\n<p align=\"center\">SEDUC\/GO<\/p>\n<hr \/>\n<h3 align=\"center\"><strong>COMUNICADO<\/strong><\/h3>\n<pre style=\"text-align: center\">Publica\u00e7\u00e3o: 11\/04\/2023\nEncerramento: 14\/04\/2023 \u00e0s 18h<\/pre>\n<h3 align=\"center\"><span style=\"color: red\"><strong>ENCERRADO<\/strong><\/span><\/h3>\n<p style=\"text-align: justify\">O Governo do Estado de Goi\u00e1s, atrav\u00e9s da Secretaria de Estado da Educa\u00e7\u00e3o, diante da inexist\u00eancia de candidatos habilitados e remanescentes a serem convocados pelo Processo Seletivo Simplificado Edital n\u00ba 008\/2021 \u2013 SEAD e considerando a exist\u00eancia de d\u00e9ficits de professores nas unidades escolares pertencentes ao munic\u00edpio de <strong>\u00a0ITAJ\u00c1<\/strong>, jurisdicionado \u00e0 Coordena\u00e7\u00e3o Regional de Educa\u00e7\u00e3o (CRE) de <strong>JATA\u00cd<\/strong>, informa que est\u00e1 recebendo curr\u00edculos para sele\u00e7\u00e3o e contrata\u00e7\u00e3o tempor\u00e1ria com natureza emergencial para atender aos interesses da Administra\u00e7\u00e3o, para ministrar aulas nas disciplina(s) \u00a0de<strong> \u00a0PEDAGOGIA\u00a0 \u2013 na fun\u00e7\u00e3o de <\/strong><strong>INT\u00c9RPRETE DE L\u00cdNGUA BRASILEIRA DE SINAIS, <\/strong><strong>\u00a0\u00a0no Turno Vespertino \u2013 30 h\/a semanais, \u00a0NO \u00a0COL\u00c9GIO ESTADUAL PRESIDENTE CASTELO BRANCO.<\/strong><\/p>\n<p style=\"text-align: justify\">Os interessados devem encaminhar Curr\u00edculo ao e-mail oficial da Coordena\u00e7\u00e3o Regional de Educa\u00e7\u00e3o (srejatai@seduc.go.gov.br), contendo os contatos telef\u00f4nicos e endere\u00e7os de e-mail para correspond\u00eancias eletr\u00f4nicas.<\/p>\n<p style=\"text-align: justify\">Oportunamente esclarece, que a Coordena\u00e7\u00e3o Regional de Educa\u00e7\u00e3o de Jata\u00ed instituir\u00e1 comiss\u00e3o pr\u00f3pria para as an\u00e1lises curriculares, que ser\u00e1 composta por integrante do Sindicato da categoria e membros da CRE, objetivando assim, a ado\u00e7\u00e3o de medidas e provid\u00eancias pertinentes ao suprimento de todos os d\u00e9ficits de professores existentes na Rede Estadual de Educa\u00e7\u00e3o, que garantam os servi\u00e7os prestados \u00e0 comunidade goiana.<\/p>\n<p align=\"center\">SEDUC\/GO<\/p>\n<hr \/>\n<h3 align=\"center\"><strong>COMUNICADO<\/strong><\/h3>\n<pre style=\"text-align: center\">Publica\u00e7\u00e3o: 11\/04\/2023\nEncerramento: 14\/04\/2023 \u00e0s 18h<\/pre>\n<h3 align=\"center\"><span style=\"color: red\"><strong>ENCERRADO<\/strong><\/span><\/h3>\n<p style=\"text-align: justify\">O Governo do Estado de Goi\u00e1s, atrav\u00e9s da Secretaria de Estado da Educa\u00e7\u00e3o, diante da inexist\u00eancia de candidatos habilitados e remanescentes a serem convocados pelo Processo Seletivo Simplificado Edital n\u00ba 008\/2021 \u2013 SEAD e considerando a exist\u00eancia de d\u00e9ficits de professores nas unidades escolares pertencentes ao munic\u00edpio de <strong>JATA\u00cd<\/strong>, jurisdicionado \u00e0 Coordena\u00e7\u00e3o Regional de Educa\u00e7\u00e3o (CRE) de <strong>JATA\u00cd<\/strong>, informa que est\u00e1 recebendo curr\u00edculos para sele\u00e7\u00e3o e contrata\u00e7\u00e3o tempor\u00e1ria com natureza emergencial para atender aos interesses da Administra\u00e7\u00e3o, para ministrar aulas nas disciplina(s) \u00a0de<strong> \u00a0PEDAGOGIA\u00a0 \u2013 na fun\u00e7\u00e3o \u2013 44 &#8211; de PROFESSOR\u00a0 DE ATENDIMENTO EDUCACIONAL ESPECIALIZADO \u2013 \u00a0AEE, \u00a0nos Turnos Matutino e Vespertino \u2013 40 h\/a semanais, \u00a0NO \u00a0COL\u00c9GIO ESTADUAL ALC\u00c2NTARA DE CARVALHO. <\/strong><\/p>\n<p style=\"text-align: justify\">Os interessados devem encaminhar Curr\u00edculo ao e-mail oficial da Coordena\u00e7\u00e3o Regional de Educa\u00e7\u00e3o (srejatai@seduc.go.gov.br), contendo os contatos telef\u00f4nicos e endere\u00e7os de e-mail para correspond\u00eancias eletr\u00f4nicas.<\/p>\n<p style=\"text-align: justify\">Oportunamente esclarece, que a Coordena\u00e7\u00e3o Regional de Educa\u00e7\u00e3o de Jata\u00ed instituir\u00e1 comiss\u00e3o pr\u00f3pria para as an\u00e1lises curriculares, que ser\u00e1 composta por integrante do Sindicato da categoria e membros da CRE, objetivando assim, a ado\u00e7\u00e3o de medidas e provid\u00eancias pertinentes ao suprimento de todos os d\u00e9ficits de professores existentes na Rede Estadual de Educa\u00e7\u00e3o, que garantam os servi\u00e7os prestados \u00e0 comunidade goiana.<\/p>\n<p align=\"center\">SEDUC\/GO<\/p>\n<hr \/>\n<h3 align=\"center\"><strong>COMUNICADO<\/strong><\/h3>\n<pre style=\"text-align: center\">Publica\u00e7\u00e3o: 11\/04\/2023\nEncerramento: 14\/04\/2023 \u00e0s 18h<\/pre>\n<h3 align=\"center\"><span style=\"color: red\"><strong>ENCERRADO<\/strong><\/span><\/h3>\n<p style=\"text-align: justify\">O Governo do Estado de Goi\u00e1s, atrav\u00e9s da Secretaria de Estado da Educa\u00e7\u00e3o, diante da inexist\u00eancia de candidatos habilitados e remanescentes a serem convocados pelo Processo Seletivo Simplificado Edital n\u00ba 008\/2021 \u2013 SEAD e considerando a exist\u00eancia de d\u00e9ficits de professores nas unidades escolares pertencentes ao munic\u00edpio de<strong> ITARUM\u00c3<\/strong>, jurisdicionado \u00e0 Coordena\u00e7\u00e3o Regional de Educa\u00e7\u00e3o (CRE) de <strong>JATA\u00cd<\/strong>, informa que est\u00e1 recebendo curr\u00edculos para sele\u00e7\u00e3o e contrata\u00e7\u00e3o tempor\u00e1ria com natureza emergencial para atender aos interesses da Administra\u00e7\u00e3o, para ministrar aulas nas disciplina(s) \u00a0de<strong> \u00a0PEDAGOGIA\u00a0 \u2013 na fun\u00e7\u00e3o \u2013 44 &#8211; de PROFESSOR\u00a0 DE ATENDIMENTO EDUCACIONAL ESPECIALIZADO \u2013 \u00a0AEE, \u00a0nos Turnos Matutino e Vespertino \u2013 40 h\/a semanais, \u00a0NO \u00a0\u00a0COL\u00c9GIO ESTADUAL COELHO NETO.<\/strong><\/p>\n<p style=\"text-align: justify\">Os interessados devem encaminhar Curr\u00edculo ao e-mail oficial da Coordena\u00e7\u00e3o Regional de Educa\u00e7\u00e3o (srejatai@seduc.go.gov.br), contendo os contatos telef\u00f4nicos e endere\u00e7os de e-mail para correspond\u00eancias eletr\u00f4nicas.<\/p>\n<p style=\"text-align: justify\">Oportunamente esclarece, que a Coordena\u00e7\u00e3o Regional de Educa\u00e7\u00e3o de Jata\u00ed instituir\u00e1 comiss\u00e3o pr\u00f3pria para as an\u00e1lises curriculares, que ser\u00e1 composta por integrante do Sindicato da categoria e membros da CRE, objetivando assim, a ado\u00e7\u00e3o de medidas e provid\u00eancias pertinentes ao suprimento de todos os d\u00e9ficits de professores existentes na Rede Estadual de Educa\u00e7\u00e3o, que garantam os servi\u00e7os prestados \u00e0 comunidade goiana.<\/p>\n<p align=\"center\">SEDUC\/GO<\/p>\n<hr \/>\n<h3 align=\"center\"><strong>COMUNICADO<\/strong><\/h3>\n<pre style=\"text-align: center\">Publica\u00e7\u00e3o: 11\/04\/2023\nEncerramento: 14\/04\/2023 \u00e0s 18h<\/pre>\n<h3 align=\"center\"><span style=\"color: red\"><strong>ENCERRADO<\/strong><\/span><\/h3>\n<p style=\"text-align: justify\">O Governo do Estado de Goi\u00e1s, atrav\u00e9s da Secretaria de Estado da Educa\u00e7\u00e3o, diante da inexist\u00eancia de candidatos habilitados e remanescentes a serem convocados pelo Processo Seletivo Simplificado Edital n\u00ba 008\/2021 \u2013 SEAD e considerando a exist\u00eancia de d\u00e9ficits de professores nas unidades escolares pertencentes ao munic\u00edpio de<strong> APOR\u00c9<\/strong>, jurisdicionado \u00e0 Coordena\u00e7\u00e3o Regional de Educa\u00e7\u00e3o (CRE) de <strong>JATA\u00cd<\/strong>, informa que est\u00e1 recebendo curr\u00edculos para sele\u00e7\u00e3o e contrata\u00e7\u00e3o tempor\u00e1ria com natureza emergencial para atender aos interesses da Administra\u00e7\u00e3o, para ministrar aulas nas disciplina(s) \u00a0de<strong> \u00a0PEDAGOGIA\u00a0 \u2013 na fun\u00e7\u00e3o \u2013 44 &#8211; de PROFESSOR\u00a0 DE ATENDIMENTO EDUCACIONAL ESPECIALIZADO \u2013 \u00a0AEE, \u00a0nos Turnos Matutino e Vespertino \u2013 30 h\/a semanais, \u00a0NO \u00a0COL\u00c9GIO ESTADUAL JOS\u00c9 LUDOVICO DE ALMEIDA. <\/strong><\/p>\n<p style=\"text-align: justify\">Os interessados devem encaminhar Curr\u00edculo ao e-mail oficial da Coordena\u00e7\u00e3o Regional de Educa\u00e7\u00e3o (srejatai@seduc.go.gov.br), contendo os contatos telef\u00f4nicos e endere\u00e7os de e-mail para correspond\u00eancias eletr\u00f4nicas.<\/p>\n<p style=\"text-align: justify\">Oportunamente esclarece, que a Coordena\u00e7\u00e3o Regional de Educa\u00e7\u00e3o de Jata\u00ed instituir\u00e1 comiss\u00e3o pr\u00f3pria para as an\u00e1lises curriculares, que ser\u00e1 composta por integrante do Sindicato da categoria e membros da CRE, objetivando assim, a ado\u00e7\u00e3o de medidas e provid\u00eancias pertinentes ao suprimento de todos os d\u00e9ficits de professores existentes na Rede Estadual de Educa\u00e7\u00e3o, que garantam os servi\u00e7os prestados \u00e0 comunidade goiana.<\/p>\n<p align=\"center\">SEDUC\/GO<\/p>\n<hr \/>\n<h3 align=\"center\"><strong>COMUNICADO<\/strong><\/h3>\n<pre style=\"text-align: center\">Publica\u00e7\u00e3o: 11\/04\/2023\nEncerramento: 14\/04\/2023 \u00e0s 18h<\/pre>\n<h3 align=\"center\"><span style=\"color: red\"><strong>ENCERRADO<\/strong><\/span><\/h3>\n<p style=\"text-align: justify\">O Governo do Estado de Goi\u00e1s, atrav\u00e9s da Secretaria de Estado da Educa\u00e7\u00e3o, diante da inexist\u00eancia de candidatos habilitados e remanescentes a serem convocados pelo Processo Seletivo Simplificado Edital n\u00ba 008\/2021 \u2013 SEAD e considerando a exist\u00eancia de d\u00e9ficits de professores nas unidades escolares pertencentes ao munic\u00edpio de <strong>JATA\u00cd<\/strong>, jurisdicionado \u00e0 Coordena\u00e7\u00e3o Regional de Educa\u00e7\u00e3o (CRE) de <strong>JATA\u00cd<\/strong>, informa que est\u00e1 recebendo curr\u00edculos para sele\u00e7\u00e3o e contrata\u00e7\u00e3o tempor\u00e1ria com natureza emergencial para atender aos interesses da Administra\u00e7\u00e3o, para ministrar aulas nas disciplina(s) \u00a0de<strong> \u00a0PEDAGOGIA\u00a0 \u2013 na fun\u00e7\u00e3o \u2013 44 &#8211; de PROFESSOR\u00a0 DE ATENDIMENTO EDUCACIONAL ESPECIALIZADO \u2013 \u00a0AEE, \u00a0nos Turnos Matutino e Vespertino \u2013 40 h\/a semanais, \u00a0NO \u00a0CEPMG NEST\u00d3RIO RIBEIRO. <\/strong><\/p>\n<p style=\"text-align: justify\">Os interessados devem encaminhar Curr\u00edculo ao e-mail oficial da Coordena\u00e7\u00e3o Regional de Educa\u00e7\u00e3o (srejatai@seduc.go.gov.br), contendo os contatos telef\u00f4nicos e endere\u00e7os de e-mail para correspond\u00eancias eletr\u00f4nicas.<\/p>\n<p style=\"text-align: justify\">Oportunamente esclarece, que a Coordena\u00e7\u00e3o Regional de Educa\u00e7\u00e3o de Jata\u00ed instituir\u00e1 comiss\u00e3o pr\u00f3pria para as an\u00e1lises curriculares, que ser\u00e1 composta por integrante do Sindicato da categoria e membros da CRE, objetivando assim, a ado\u00e7\u00e3o de medidas e provid\u00eancias pertinentes ao suprimento de todos os d\u00e9ficits de professores existentes na Rede Estadual de Educa\u00e7\u00e3o, que garantam os servi\u00e7os prestados \u00e0 comunidade goiana.<\/p>\n<p align=\"center\">SEDUC\/GO<\/p>\n<hr \/>\n<h3 align=\"center\"><strong>COMUNICADO<\/strong><\/h3>\n<pre style=\"text-align: center\">Publica\u00e7\u00e3o: 10\/04\/2023\nEncerramento: 13\/04\/2023 \u00e0s 18h<\/pre>\n<h3 align=\"center\"><span style=\"color: red\"><strong>ENCERRADO<\/strong><\/span><\/h3>\n<p style=\"text-align: justify\">O Governo do Estado de Goi\u00e1s, atrav\u00e9s da Secretaria de Estado da Educa\u00e7\u00e3o, diante da inexist\u00eancia de candidatos habilitados e remanescentes a serem convocados pelo Processo Seletivo Simplificado Edital n\u00ba 008\/2021 \u2013 SEAD e considerando a exist\u00eancia de d\u00e9ficits de professores nas unidades escolares pertencentes ao munic\u00edpio de <strong>\u00a0JATA\u00cd<\/strong>, jurisdicionado \u00e0 Coordena\u00e7\u00e3o Regional de Educa\u00e7\u00e3o (CRE) de <strong>JATA\u00cd<\/strong>, informa que est\u00e1 recebendo curr\u00edculos para sele\u00e7\u00e3o e contrata\u00e7\u00e3o tempor\u00e1ria com natureza emergencial para atender aos interesses da Administra\u00e7\u00e3o, para ministrar aulas nas disciplina(s)<strong> DE BIOLOGIA &#8211; 20 h\/a semanais, no Turno Matutino, NO COL\u00c9GIO ESTADUAL ALC\u00c2NTARA DE CARVALHO.<\/strong><\/p>\n<p style=\"text-align: justify\">Os interessados devem encaminhar Curr\u00edculo ao e-mail oficial da Coordena\u00e7\u00e3o Regional de Educa\u00e7\u00e3o (srejatai@seduc.go.gov.br), contendo os contatos telef\u00f4nicos e endere\u00e7os de e-mail para correspond\u00eancias eletr\u00f4nicas.<\/p>\n<p style=\"text-align: justify\">Oportunamente esclarece, que a Coordena\u00e7\u00e3o Regional de Educa\u00e7\u00e3o de Jata\u00ed instituir\u00e1 comiss\u00e3o pr\u00f3pria para as an\u00e1lises curriculares, que ser\u00e1 composta por integrante do Sindicato da categoria e membros da CRE, objetivando assim, a ado\u00e7\u00e3o de medidas e provid\u00eancias pertinentes ao suprimento de todos os d\u00e9ficits de professores existentes na Rede Estadual de Educa\u00e7\u00e3o, que garantam os servi\u00e7os prestados \u00e0 comunidade goiana.<\/p>\n<p align=\"center\">SEDUC\/GO<\/p>\n<hr \/>\n<h3 align=\"center\"><strong>COMUNICADO<\/strong><\/h3>\n<pre style=\"text-align: center\">Publica\u00e7\u00e3o: 04\/04\/2023\nEncerramento: 11\/04\/2023 \u00e0s 18h<\/pre>\n<h3 align=\"center\"><span style=\"color: red\"><strong>ENCERRADO<\/strong><\/span><\/h3>\n<p style=\"text-align: justify\">O Governo do Estado de Goi\u00e1s, atrav\u00e9s da Secretaria de Estado da Educa\u00e7\u00e3o, diante da inexist\u00eancia de candidatos habilitados e remanescentes a serem convocados pelo Processo Seletivo Simplificado Edital n\u00ba 008\/2021 \u2013 SEAD e considerando a exist\u00eancia de d\u00e9ficits de professores nas unidades escolares pertencentes ao munic\u00edpio de <strong>JATA\u00cd<\/strong>, jurisdicionado \u00e0 Coordena\u00e7\u00e3o Regional de Educa\u00e7\u00e3o (CRE) de <strong>JATA\u00cd<\/strong>, informa que est\u00e1 recebendo curr\u00edculos para sele\u00e7\u00e3o e contrata\u00e7\u00e3o tempor\u00e1ria com natureza emergencial para atender aos interesses da Administra\u00e7\u00e3o, para ministrar aulas nas disciplina(s) \u00a0de<strong> \u00a0L\u00cdNGUA \u00a0PORTUGUESA\u00a0 \u2013 na fun\u00e7\u00e3o &#8211;\u00a0 36 \u2013 Professor Regente, \u00a0nos Turnos\u00a0 Matutino <\/strong>(10 aulas de L\u00edngua Portuguesa)<strong> e\u00a0 \u00a0Vespertino <\/strong>( 5 aulas de Produ\u00e7\u00e3o Texto e 1 aula de Civismo e Cidadania)<strong> \u00a0\u2013 Totalizando 20 h\/a semanais, \u00a0NO \u00a0CEPMG NEST\u00d3RIO RIBEIRO. <\/strong><\/p>\n<p style=\"text-align: justify\">Os interessados devem encaminhar Curr\u00edculo ao e-mail oficial da Coordena\u00e7\u00e3o Regional de Educa\u00e7\u00e3o (srejatai@seduc.go.gov.br), contendo os contatos telef\u00f4nicos e endere\u00e7os de e-mail para correspond\u00eancias eletr\u00f4nicas.<\/p>\n<p style=\"text-align: justify\">Oportunamente esclarece, que a Coordena\u00e7\u00e3o Regional de Educa\u00e7\u00e3o de Jata\u00ed instituir\u00e1 comiss\u00e3o pr\u00f3pria para as an\u00e1lises curriculares, que ser\u00e1 composta por integrante do Sindicato da categoria e membros da CRE, objetivando assim, a ado\u00e7\u00e3o de medidas e provid\u00eancias pertinentes ao suprimento de todos os d\u00e9ficits de professores existentes na Rede Estadual de Educa\u00e7\u00e3o, que garantam os servi\u00e7os prestados \u00e0 comunidade goiana.<\/p>\n<p align=\"center\">SEDUC\/GO<\/p>\n<hr \/>\n<h3 align=\"center\"><strong>COMUNICADO<\/strong><\/h3>\n<pre style=\"text-align: center\">Publica\u00e7\u00e3o: 04\/04\/2023\nEncerramento: 11\/04\/2023 \u00e0s 18h<\/pre>\n<h3 align=\"center\"><span style=\"color: red\"><strong>ENCERRADO<\/strong><\/span><\/h3>\n<p style=\"text-align: justify\">O Governo do Estado de Goi\u00e1s, atrav\u00e9s da Secretaria de Estado da Educa\u00e7\u00e3o, diante da inexist\u00eancia de candidatos habilitados e remanescentes a serem convocados pelo Processo Seletivo Simplificado Edital n\u00ba 008\/2021 \u2013 SEAD e considerando a exist\u00eancia de d\u00e9ficits de professores nas unidades escolares pertencentes ao munic\u00edpio de <strong>CA\u00c7U<\/strong>, jurisdicionado \u00e0 Coordena\u00e7\u00e3o Regional de Educa\u00e7\u00e3o (CRE) de <strong>JATA\u00cd<\/strong>, informa que est\u00e1 recebendo curr\u00edculos para sele\u00e7\u00e3o e contrata\u00e7\u00e3o tempor\u00e1ria com natureza emergencial para atender aos interesses da Administra\u00e7\u00e3o, para ministrar aulas nas disciplina(s) \u00a0de<strong> \u00a0LETRAS PORTUGU\u00caS\/INGL\u00caS \u2013 na fun\u00e7\u00e3o &#8211;\u00a0 36 \u2013 no Turno Vespertino \u2013 20 h\/a semanais, \u00a0NO \u00a0COL\u00c9GIO ESTADUAL DR. PEDRO LUDOVICO TEIXEIRA. <\/strong><\/p>\n<p style=\"text-align: justify\">Os interessados devem encaminhar Curr\u00edculo ao e-mail oficial da Coordena\u00e7\u00e3o Regional de Educa\u00e7\u00e3o (srejatai@seduc.go.gov.br), contendo os contatos telef\u00f4nicos e endere\u00e7os de e-mail para correspond\u00eancias eletr\u00f4nicas.<\/p>\n<p style=\"text-align: justify\">Oportunamente esclarece, que a Coordena\u00e7\u00e3o Regional de Educa\u00e7\u00e3o de Jata\u00ed instituir\u00e1 comiss\u00e3o pr\u00f3pria para as an\u00e1lises curriculares, que ser\u00e1 composta por integrante do Sindicato da categoria e membros da CRE, objetivando assim, a ado\u00e7\u00e3o de medidas e provid\u00eancias pertinentes ao suprimento de todos os d\u00e9ficits de professores existentes na Rede Estadual de Educa\u00e7\u00e3o, que garantam os servi\u00e7os prestados \u00e0 comunidade goiana.<\/p>\n<p align=\"center\">SEDUC\/GO<\/p>\n<hr \/>\n<h3 align=\"center\"><strong>COMUNICADO<\/strong><\/h3>\n<pre style=\"text-align: center\">Publica\u00e7\u00e3o: 04\/04\/2023\nEncerramento: 11\/04\/2023 \u00e0s 18h<\/pre>\n<h3 align=\"center\"><span style=\"color: red\"><strong>ENCERRADO<\/strong><\/span><\/h3>\n<p style=\"text-align: justify\">O Governo do Estado de Goi\u00e1s, atrav\u00e9s da Secretaria de Estado da Educa\u00e7\u00e3o, diante da inexist\u00eancia de candidatos habilitados e remanescentes a serem convocados pelo Processo Seletivo Simplificado Edital n\u00ba 008\/2021 \u2013 SEAD e considerando a exist\u00eancia de d\u00e9ficits de professores nas unidades escolares pertencentes ao munic\u00edpio de<strong> JATA\u00cd<\/strong>, jurisdicionado \u00e0 Coordena\u00e7\u00e3o Regional de Educa\u00e7\u00e3o (CRE) de <strong>JATA\u00cd<\/strong>, informa que est\u00e1 recebendo curr\u00edculos para sele\u00e7\u00e3o e contrata\u00e7\u00e3o tempor\u00e1ria com natureza emergencial para atender aos interesses da Administra\u00e7\u00e3o, para \u00a0atuar na forma\u00e7\u00e3o de <strong>\u00a0PEDAGOGIA &#8211; na fun\u00e7\u00e3o \u2013 140 \u2013 Coordenador Pedag\u00f3gico, no \u00a0Turno\u00a0 Vespertino \u2013 40 h\/a \u00a0semanais, \u00a0NO COL\u00c9GIO ESTADUALMARCONDES DE GODOY.<\/strong><\/p>\n<p style=\"text-align: justify\">Os interessados devem encaminhar Curr\u00edculo ao e-mail oficial da Coordena\u00e7\u00e3o Regional de Educa\u00e7\u00e3o (srejatai@seduc.go.gov.br), contendo os contatos telef\u00f4nicos e endere\u00e7os de e-mail para correspond\u00eancias eletr\u00f4nicas.<\/p>\n<p style=\"text-align: justify\">Oportunamente esclarece, que a Coordena\u00e7\u00e3o Regional de Educa\u00e7\u00e3o de Jata\u00ed instituir\u00e1 comiss\u00e3o pr\u00f3pria para as an\u00e1lises curriculares, que ser\u00e1 composta por integrante do Sindicato da categoria e membros da CRE, objetivando assim, a ado\u00e7\u00e3o de medidas e provid\u00eancias pertinentes ao suprimento de todos os d\u00e9ficits de professores existentes na Rede Estadual de Educa\u00e7\u00e3o, que garantam os servi\u00e7os prestados \u00e0 comunidade goiana.<\/p>\n<p align=\"center\">SEDUC\/GO<\/p>\n<hr \/>\n<h3 align=\"center\"><strong>COMUNICADO<\/strong><\/h3>\n<pre style=\"text-align: center\">Publica\u00e7\u00e3o: 04\/04\/2023\nEncerramento: 11\/04\/2023 \u00e0s 18h<\/pre>\n<h3 align=\"center\"><span style=\"color: red\"><strong>ENCERRADO<\/strong><\/span><\/h3>\n<p style=\"text-align: justify\">O Governo do Estado de Goi\u00e1s, atrav\u00e9s da Secretaria de Estado da Educa\u00e7\u00e3o, diante da inexist\u00eancia de candidatos habilitados e remanescentes a serem convocados pelo Processo Seletivo Simplificado Edital n\u00ba 008\/2021 \u2013 SEAD e considerando a exist\u00eancia de d\u00e9ficits de professores nas unidades escolares pertencentes ao munic\u00edpio de<strong> CHAPAD\u00c3O DO C\u00c9U<\/strong>, jurisdicionado \u00e0 Coordena\u00e7\u00e3o Regional de Educa\u00e7\u00e3o (CRE) de <strong>JATA\u00cd<\/strong>, informa que est\u00e1 recebendo curr\u00edculos para sele\u00e7\u00e3o e contrata\u00e7\u00e3o tempor\u00e1ria com natureza emergencial para atender aos interesses da Administra\u00e7\u00e3o, para ministrar aulas nas disciplina(s) \u00a0de<strong> PEDAGOGIA \u2013 na fun\u00e7\u00e3o &#8211;\u00a0 631 \u2013 Professor de Media\u00e7\u00e3o de Tecnologia \u2013 GOI\u00c1S T\u00c9C, no Turno Matutino \u2013\u00a0 40 h\/a semanais, NO \u00a0COL\u00c9GIO ESTADUAL FRUTO DA TERRA.<\/strong><\/p>\n<p style=\"text-align: justify\">Os interessados devem encaminhar Curr\u00edculo ao e-mail oficial da Coordena\u00e7\u00e3o Regional de Educa\u00e7\u00e3o (srejatai@seduc.go.gov.br), contendo os contatos telef\u00f4nicos e endere\u00e7os de e-mail para correspond\u00eancias eletr\u00f4nicas.<\/p>\n<p style=\"text-align: justify\">Oportunamente esclarece, que a Coordena\u00e7\u00e3o Regional de Educa\u00e7\u00e3o de Jata\u00ed instituir\u00e1 comiss\u00e3o pr\u00f3pria para as an\u00e1lises curriculares, que ser\u00e1 composta por integrante do Sindicato da categoria e membros da CRE, objetivando assim, a ado\u00e7\u00e3o de medidas e provid\u00eancias pertinentes ao suprimento de todos os d\u00e9ficits de professores existentes na Rede Estadual de Educa\u00e7\u00e3o, que garantam os servi\u00e7os prestados \u00e0 comunidade goiana.<\/p>\n<p align=\"center\">SEDUC\/GO<\/p>\n<hr \/>\n<h3 align=\"center\"><strong>COMUNICADO<\/strong><\/h3>\n<pre style=\"text-align: center\">Publica\u00e7\u00e3o: 04\/04\/2023\nEncerramento: 11\/04\/2023 \u00e0s 18h<\/pre>\n<h3 align=\"center\"><span style=\"color: red\"><strong>ENCERRADO<\/strong><\/span><\/h3>\n<p style=\"text-align: justify\">O Governo do Estado de Goi\u00e1s, atrav\u00e9s da Secretaria de Estado da Educa\u00e7\u00e3o, diante da inexist\u00eancia de candidatos habilitados e remanescentes a serem convocados pelo Processo Seletivo Simplificado Edital n\u00ba 008\/2021 \u2013 SEAD e considerando a exist\u00eancia de d\u00e9ficits de professores nas unidades escolares pertencentes ao munic\u00edpio de <strong>\u00a0JATA\u00cd \u00a0<\/strong>, jurisdicionado \u00e0 Coordena\u00e7\u00e3o Regional de Educa\u00e7\u00e3o (CRE) de <strong>JATA\u00cd<\/strong>, informa que est\u00e1 recebendo curr\u00edculos para sele\u00e7\u00e3o e contrata\u00e7\u00e3o tempor\u00e1ria com natureza emergencial para atender aos interesses da Administra\u00e7\u00e3o, para atuar na forma\u00e7\u00e3o de\u00a0 <strong>PEDAGOGIA &#8211; na fun\u00e7\u00e3o \u2013 140 \u2013 Coordenador Pedag\u00f3gico &#8211; no Turno \u00a0Vespertino &#8211; 40 h\/a semanais, \u00a0NA ESCOLA ESTADUAL JOS\u00c9 MANOEL VILELA.<\/strong><\/p>\n<p style=\"text-align: justify\">Os interessados devem encaminhar Curr\u00edculo ao e-mail oficial da Coordena\u00e7\u00e3o Regional de Educa\u00e7\u00e3o (srejatai@seduc.go.gov.br), contendo os contatos telef\u00f4nicos e endere\u00e7os de e-mail para correspond\u00eancias eletr\u00f4nicas.<\/p>\n<p style=\"text-align: justify\">Oportunamente esclarece, que a Coordena\u00e7\u00e3o Regional de Educa\u00e7\u00e3o de Jata\u00ed instituir\u00e1 comiss\u00e3o pr\u00f3pria para as an\u00e1lises curriculares, que ser\u00e1 composta por integrante do Sindicato da categoria e membros da CRE, objetivando assim, a ado\u00e7\u00e3o de medidas e provid\u00eancias pertinentes ao suprimento de todos os d\u00e9ficits de professores existentes na Rede Estadual de Educa\u00e7\u00e3o, que garantam os servi\u00e7os prestados \u00e0 comunidade goiana.<\/p>\n<p align=\"center\">SEDUC\/GO<\/p>\n<hr \/>\n<h3 align=\"center\"><strong>COMUNICADO<\/strong><\/h3>\n<pre style=\"text-align: center\">Publica\u00e7\u00e3o: 28\/03\/2023\nEncerramento: 31\/03\/2023 \u00e0s 18h<\/pre>\n<h3 align=\"center\"><span style=\"color: red\"><strong>ENCERRADO<\/strong><\/span><\/h3>\n<p style=\"text-align: justify\">O Governo do Estado de Goi\u00e1s, atrav\u00e9s da Secretaria de Estado da Educa\u00e7\u00e3o, diante da inexist\u00eancia de candidatos habilitados e remanescentes a serem convocados pelo Processo Seletivo Simplificado Edital n\u00ba 008\/2021 \u2013 SEAD e considerando a exist\u00eancia de d\u00e9ficits de professores nas unidades escolares pertencentes ao munic\u00edpio de<strong> \u00a0ITAJ\u00c1<\/strong>, jurisdicionado \u00e0 Coordena\u00e7\u00e3o Regional de Educa\u00e7\u00e3o (CRE) de <strong>JATA\u00cd<\/strong>, informa que est\u00e1 recebendo curr\u00edculos para sele\u00e7\u00e3o e contrata\u00e7\u00e3o tempor\u00e1ria com natureza emergencial para atender aos interesses da Administra\u00e7\u00e3o, para ministrar aulas nas disciplina(s) de<strong> PEDAGOGIA &#8211; na fun\u00e7\u00e3o de PROFESSOR\u00a0 DE ATENDIMENTO EDUCACIONAL ESPECIALIZADO \u2013 \u00a0AEE, \u00a0nos Turnos \u00a0Matutino \u2013 20h\/a \u00a0e Vespertino \u2013 4 h\/a, Totalizando 30 h\/a semanais, \u00a0NO COL\u00c9GIO ESTADUAL PRESIDENTE CASTELO BRANCO.<\/strong><\/p>\n<p style=\"text-align: justify\">Os interessados devem encaminhar Curr\u00edculo ao e-mail oficial da Coordena\u00e7\u00e3o Regional de Educa\u00e7\u00e3o (<strong>srejatai@seduc.go.gov.br<\/strong>), contendo os contatos telef\u00f4nicos e endere\u00e7os de e-mail para correspond\u00eancias eletr\u00f4nicas.<\/p>\n<p style=\"text-align: justify\">Oportunamente esclarece, que a Coordena\u00e7\u00e3o Regional de Educa\u00e7\u00e3o de Jata\u00ed instituir\u00e1 comiss\u00e3o pr\u00f3pria para as an\u00e1lises curriculares, que ser\u00e1 composta por integrante do Sindicato da categoria e membros da CRE, objetivando assim, a ado\u00e7\u00e3o de medidas e provid\u00eancias pertinentes ao suprimento de todos os d\u00e9ficits de professores existentes na Rede Estadual de Educa\u00e7\u00e3o, que garantam os servi\u00e7os prestados \u00e0 comunidade goiana.<\/p>\n<p align=\"center\">SEDUC\/GO<\/p>\n<hr \/>\n<h3 align=\"center\"><strong>COMUNICADO<\/strong><\/h3>\n<pre style=\"text-align: center\">Publica\u00e7\u00e3o: 28\/03\/2023\nEncerramento: 31\/03\/2023 \u00e0s 18h<\/pre>\n<h3 align=\"center\"><span style=\"color: red\"><strong>ENCERRADO<\/strong><\/span><\/h3>\n<p style=\"text-align: justify\">O Governo do Estado de Goi\u00e1s, atrav\u00e9s da Secretaria de Estado da Educa\u00e7\u00e3o, diante da inexist\u00eancia de candidatos habilitados e remanescentes a serem convocados pelo Processo Seletivo Simplificado Edital n\u00ba 008\/2021 \u2013 SEAD e considerando a exist\u00eancia de d\u00e9ficits de professores nas unidades escolares pertencentes ao munic\u00edpio de <strong>JATA\u00cd<\/strong> , jurisdicionado \u00e0 Coordena\u00e7\u00e3o Regional de Educa\u00e7\u00e3o (CRE) de <strong>JATA\u00cd<\/strong>, informa que est\u00e1 recebendo curr\u00edculos para sele\u00e7\u00e3o e contrata\u00e7\u00e3o tempor\u00e1ria com natureza emergencial para atender aos interesses da Administra\u00e7\u00e3o, para ministrar aulas nas disciplina(s)<strong> \u00a0DE FILOSOFIA, no Turno Matutino &#8211; 16h\/a aulas e no Turno Vespertino &#8211; Coordena\u00e7\u00e3o de \u00c1rea &#8211; 16h\/a, \u00a0Totalizando 40 h\/a semanais, NO CEPI SERAFIM DE CARVALHO (INTEGRAL).<\/strong><\/p>\n<p style=\"text-align: justify\">Os interessados devem encaminhar Curr\u00edculo ao e-mail oficial da Coordena\u00e7\u00e3o Regional de Educa\u00e7\u00e3o (<strong>srejatai@seduc.go.gov.br<\/strong>), contendo os contatos telef\u00f4nicos e endere\u00e7os de e-mail para correspond\u00eancias eletr\u00f4nicas.<\/p>\n<p style=\"text-align: justify\">Oportunamente esclarece, que a Coordena\u00e7\u00e3o Regional de Educa\u00e7\u00e3o de Jata\u00ed instituir\u00e1 comiss\u00e3o pr\u00f3pria para as an\u00e1lises curriculares, que ser\u00e1 composta por integrante do Sindicato da categoria e membros da CRE, objetivando assim, a ado\u00e7\u00e3o de medidas e provid\u00eancias pertinentes ao suprimento de todos os d\u00e9ficits de professores existentes na Rede Estadual de Educa\u00e7\u00e3o, que garantam os servi\u00e7os prestados \u00e0 comunidade goiana.<\/p>\n<p align=\"center\">SEDUC\/GO<\/p>\n<hr \/>\n<h3 align=\"center\"><strong>COMUNICADO<\/strong><\/h3>\n<pre style=\"text-align: center\">Publica\u00e7\u00e3o: 23\/03\/2023\nEncerramento: 28\/03\/2023 \u00e0s 18h<\/pre>\n<h3 align=\"center\"><span style=\"color: red\"><strong>ENCERRADO<\/strong><\/span><\/h3>\n<p style=\"text-align: justify\">O Governo do Estado de Goi\u00e1s, atrav\u00e9s da Secretaria de Estado da Educa\u00e7\u00e3o, diante da inexist\u00eancia de candidatos habilitados e remanescentes a serem convocados pelo Processo Seletivo Simplificado Edital n\u00ba 008\/2021 \u2013 SEAD e considerando a exist\u00eancia de d\u00e9ficits de professores nas unidades escolares pertencentes ao munic\u00edpio de <strong>SERRAN\u00d3POLIS<\/strong>, jurisdicionado \u00e0 Coordena\u00e7\u00e3o Regional de Educa\u00e7\u00e3o (CRE) de <strong>JATA\u00cd<\/strong>, informa que est\u00e1 recebendo curr\u00edculos para sele\u00e7\u00e3o e contrata\u00e7\u00e3o tempor\u00e1ria com natureza emergencial para atender aos interesses da Administra\u00e7\u00e3o, para ministrar aulas nas disciplina(s)<strong> DA \u00c1REA DE CI\u00caNCIAS DA NATUREZA E SUAS TECNOLOGIAS, \u00a024 h\/a semanais, \u00a0nos Turnos Matutino (2 aulas), Vespertino (18 aulas) e Noturno (4 aulas), NO COL\u00c9GIO ESTADUAL DOM ABEL.<\/strong><\/p>\n<p style=\"text-align: justify\">Os interessados devem encaminhar Curr\u00edculo ao e-mail oficial da Coordena\u00e7\u00e3o Regional de Educa\u00e7\u00e3o (srejatai@seduc.go.gov.br), contendo os contatos telef\u00f4nicos e endere\u00e7os de e-mail para correspond\u00eancias eletr\u00f4nicas.<\/p>\n<p style=\"text-align: justify\">Oportunamente esclarece, que a Coordena\u00e7\u00e3o Regional de Educa\u00e7\u00e3o de Jata\u00ed instituir\u00e1 comiss\u00e3o pr\u00f3pria para as an\u00e1lises curriculares, que ser\u00e1 composta por integrante do Sindicato da categoria e membros da CRE, objetivando assim, a ado\u00e7\u00e3o de medidas e provid\u00eancias pertinentes ao suprimento de todos os d\u00e9ficits de professores existentes na Rede Estadual de Educa\u00e7\u00e3o, que garantam os servi\u00e7os prestados \u00e0 comunidade goiana.<\/p>\n<p align=\"center\">SEDUC\/GO<\/p>\n<hr \/>\n<h3 align=\"center\"><strong>COMUNICADO<\/strong><\/h3>\n<pre style=\"text-align: center\">Publica\u00e7\u00e3o: 15\/03\/2023\nEncerramento: 20\/03\/2023 \u00e0s 18h<\/pre>\n<h3 align=\"center\"><span style=\"color: red\"><strong>ENCERRADO<\/strong><\/span><\/h3>\n<p style=\"text-align: justify\">O Governo do Estado de Goi\u00e1s, atrav\u00e9s da Secretaria de Estado da Educa\u00e7\u00e3o, diante da inexist\u00eancia de candidatos habilitados e remanescentes a serem convocados pelo Processo Seletivo Simplificado Edital n\u00ba 008\/2021 \u2013 SEAD e considerando a exist\u00eancia de d\u00e9ficits de professores nas unidades escolares pertencentes ao munic\u00edpio de <strong>\u00a0JATA\u00cd<\/strong>, jurisdicionado \u00e0 Coordena\u00e7\u00e3o Regional de Educa\u00e7\u00e3o (CRE) de <strong>JATA\u00cd<\/strong>, informa que est\u00e1 recebendo curr\u00edculos para sele\u00e7\u00e3o e contrata\u00e7\u00e3o tempor\u00e1ria com natureza emergencial para atender aos interesses da Administra\u00e7\u00e3o, para ministrar aulas nas disciplina(s)<strong> DE INT\u00c9RPRETE DE L\u00cdNGUA BRASILEIRA DE SINAIS, 30h\/a semanais, \u00a0no Turno Matutino, NO COL\u00c9GIO ESTADUAL MARCONDES DE GODOY.<\/strong><\/p>\n<p style=\"text-align: justify\">Os interessados devem encaminhar Curr\u00edculo ao e-mail oficial da Coordena\u00e7\u00e3o Regional de Educa\u00e7\u00e3o (srejatai@seduc.go.gov.br), contendo os contatos telef\u00f4nicos e endere\u00e7os de e-mail para correspond\u00eancias eletr\u00f4nicas.<\/p>\n<p style=\"text-align: justify\">Oportunamente esclarece, que a Coordena\u00e7\u00e3o Regional de Educa\u00e7\u00e3o de Jata\u00ed instituir\u00e1 comiss\u00e3o pr\u00f3pria para as an\u00e1lises curriculares, que ser\u00e1 composta por integrante do Sindicato da categoria e membros da CRE, objetivando assim, a ado\u00e7\u00e3o de medidas e provid\u00eancias pertinentes ao suprimento de todos os d\u00e9ficits de professores existentes na Rede Estadual de Educa\u00e7\u00e3o, que garantam os servi\u00e7os prestados \u00e0 comunidade goiana.<\/p>\n<p align=\"center\">SEDUC\/GO<\/p>\n<hr \/>\n<h3 align=\"center\"><strong>COMUNICADO<\/strong><\/h3>\n<pre style=\"text-align: center\">Publica\u00e7\u00e3o: 15\/03\/2023\nEncerramento: 20\/03\/2023 \u00e0s 18h<\/pre>\n<h3 align=\"center\"><span style=\"color: red\"><strong>ENCERRADO<\/strong><\/span><\/h3>\n<p style=\"text-align: justify\">O Governo do Estado de Goi\u00e1s, atrav\u00e9s da Secretaria de Estado da Educa\u00e7\u00e3o, diante da inexist\u00eancia de candidatos habilitados e remanescentes a serem convocados pelo Processo Seletivo Simplificado Edital n\u00ba 008\/2021 \u2013 SEAD e considerando a exist\u00eancia de d\u00e9ficits de professores nas unidades escolares pertencentes ao munic\u00edpio de <strong>\u00a0JATA\u00cd<\/strong>, jurisdicionado \u00e0 Coordena\u00e7\u00e3o Regional de Educa\u00e7\u00e3o (CRE) de <strong>JATA\u00cd<\/strong>, informa que est\u00e1 recebendo curr\u00edculos para sele\u00e7\u00e3o e contrata\u00e7\u00e3o tempor\u00e1ria com natureza emergencial para atender aos interesses da Administra\u00e7\u00e3o, para ministrar aulas nas disciplina(s)<strong> DE INT\u00c9RPRETE DE L\u00cdNGUA BRASILEIRA DE SINAIS, 30h\/a semanais, \u00a0no Turno Matutino, NA ESCOLA ESTADUAL POLIVALENTE DANTE MOSCONI.<\/strong><\/p>\n<p style=\"text-align: justify\">Os interessados devem encaminhar Curr\u00edculo ao e-mail oficial da Coordena\u00e7\u00e3o Regional de Educa\u00e7\u00e3o (srejatai@seduc.go.gov.br), contendo os contatos telef\u00f4nicos e endere\u00e7os de e-mail para correspond\u00eancias eletr\u00f4nicas.<\/p>\n<p style=\"text-align: justify\">Oportunamente esclarece, que a Coordena\u00e7\u00e3o Regional de Educa\u00e7\u00e3o de Jata\u00ed instituir\u00e1 comiss\u00e3o pr\u00f3pria para as an\u00e1lises curriculares, que ser\u00e1 composta por integrante do Sindicato da categoria e membros da CRE, objetivando assim, a ado\u00e7\u00e3o de medidas e provid\u00eancias pertinentes ao suprimento de todos os d\u00e9ficits de professores existentes na Rede Estadual de Educa\u00e7\u00e3o, que garantam os servi\u00e7os prestados \u00e0 comunidade goiana.<\/p>\n<p align=\"center\">SEDUC\/GO<\/p>\n<hr \/>\n<h3 align=\"center\"><strong>COMUNICADO<\/strong><\/h3>\n<pre style=\"text-align: center\">Publica\u00e7\u00e3o: 15\/03\/2023\nEncerramento: 20\/03\/2023 \u00e0s 18h<\/pre>\n<h3 align=\"center\"><span style=\"color: red\"><strong>ENCERRADO<\/strong><\/span><\/h3>\n<p style=\"text-align: justify\">O Governo do Estado de Goi\u00e1s, atrav\u00e9s da Secretaria de Estado da Educa\u00e7\u00e3o, diante da inexist\u00eancia de candidatos habilitados e remanescentes a serem convocados pelo Processo Seletivo Simplificado Edital n\u00ba 008\/2021 \u2013 SEAD e considerando a exist\u00eancia de d\u00e9ficits de professores nas unidades escolares pertencentes ao munic\u00edpio de <strong>JATA\u00cd<\/strong>, jurisdicionado \u00e0 Coordena\u00e7\u00e3o Regional de Educa\u00e7\u00e3o (CRE) de <strong>JATA\u00cd<\/strong>, informa que est\u00e1 recebendo curr\u00edculos para sele\u00e7\u00e3o e contrata\u00e7\u00e3o tempor\u00e1ria com natureza emergencial para atender aos interesses da Administra\u00e7\u00e3o, para ministrar aulas nas disciplina(s)<strong> DE MATEM\u00c1TICA, 32 h\/a semanais, NO CEPI EM\u00cdLIA FERREIRA DE CARVALHO (INTEGRAL).<\/strong><\/p>\n<p style=\"text-align: justify\">Os interessados devem encaminhar Curr\u00edculo ao e-mail oficial da Coordena\u00e7\u00e3o Regional de Educa\u00e7\u00e3o (srejatai@seduc.go.gov.br), contendo os contatos telef\u00f4nicos e endere\u00e7os de e-mail para correspond\u00eancias eletr\u00f4nicas.<\/p>\n<p style=\"text-align: justify\">Oportunamente esclarece, que a Coordena\u00e7\u00e3o Regional de Educa\u00e7\u00e3o de Jata\u00ed instituir\u00e1 comiss\u00e3o pr\u00f3pria para as an\u00e1lises curriculares, que ser\u00e1 composta por integrante do Sindicato da categoria e membros da CRE, objetivando assim, a ado\u00e7\u00e3o de medidas e provid\u00eancias pertinentes ao suprimento de todos os d\u00e9ficits de professores existentes na Rede Estadual de Educa\u00e7\u00e3o, que garantam os servi\u00e7os prestados \u00e0 comunidade goiana.<\/p>\n<p align=\"center\">SEDUC\/GO<\/p>\n<hr \/>\n<h3 align=\"center\"><strong>COMUNICADO<\/strong><\/h3>\n<pre style=\"text-align: center\">Publica\u00e7\u00e3o: 15\/03\/2023\nEncerramento: 20\/03\/2023 \u00e0s 18h<\/pre>\n<h3 align=\"center\"><span style=\"color: red\"><strong>ENCERRADO<\/strong><\/span><\/h3>\n<p style=\"text-align: justify\">O Governo do Estado de Goi\u00e1s, atrav\u00e9s da Secretaria de Estado da Educa\u00e7\u00e3o, diante da inexist\u00eancia de candidatos habilitados e remanescentes a serem convocados pelo Processo Seletivo Simplificado Edital n\u00ba 008\/2021 \u2013 SEAD e considerando a exist\u00eancia de d\u00e9ficits de professores nas unidades escolares pertencentes ao munic\u00edpio de <strong>JATA\u00cd<\/strong>, jurisdicionado \u00e0 Coordena\u00e7\u00e3o Regional de Educa\u00e7\u00e3o (CRE) de <strong>JATA\u00cd<\/strong>, informa que est\u00e1 recebendo curr\u00edculos para sele\u00e7\u00e3o e contrata\u00e7\u00e3o tempor\u00e1ria com natureza emergencial para atender aos interesses da Administra\u00e7\u00e3o, para ministrar aulas nas disciplina(s)<strong> \u00a0DE GEOGRAFIA, 24 h\/a semanais, no turno\u00a0 Matutino, \u00a0NO \u00a0COL\u00c9GIO ESTADUAL JOS\u00c9 MANOEL VILELA.<\/strong><\/p>\n<p style=\"text-align: justify\">Os interessados devem encaminhar Curr\u00edculo ao e-mail oficial da Coordena\u00e7\u00e3o Regional de Educa\u00e7\u00e3o (srejatai@seduc.go.gov.br), contendo os contatos telef\u00f4nicos e endere\u00e7os de e-mail para correspond\u00eancias eletr\u00f4nicas.<\/p>\n<p style=\"text-align: justify\">Oportunamente esclarece, que a Coordena\u00e7\u00e3o Regional de Educa\u00e7\u00e3o de Jata\u00ed instituir\u00e1 comiss\u00e3o pr\u00f3pria para as an\u00e1lises curriculares, que ser\u00e1 composta por integrante do Sindicato da categoria e membros da CRE, objetivando assim, a ado\u00e7\u00e3o de medidas e provid\u00eancias pertinentes ao suprimento de todos os d\u00e9ficits de professores existentes na Rede Estadual de Educa\u00e7\u00e3o, que garantam os servi\u00e7os prestados \u00e0 comunidade goiana.<\/p>\n<p align=\"center\">SEDUC\/GO<\/p>\n<hr \/>\n<h3 align=\"center\"><strong>COMUNICADO<\/strong><\/h3>\n<pre style=\"text-align: center\">Publica\u00e7\u00e3o: 13\/03\/2023\nEncerramento: 16\/03\/2023 \u00e0s 18h\n<\/pre>\n<h3 align=\"center\"><span style=\"color: red\"><strong>ENCERRADO<\/strong><\/span><\/h3>\n<p style=\"text-align: justify\">O Governo do Estado de Goi\u00e1s, atrav\u00e9s da Secretaria de Estado da Educa\u00e7\u00e3o, diante da inexist\u00eancia de candidatos habilitados e remanescentes a serem convocados pelo Processo Seletivo Simplificado Edital n\u00ba 008\/2021 \u2013 SEAD e considerando a exist\u00eancia de d\u00e9ficits de professores nas unidades escolares pertencentes ao munic\u00edpio de <strong>JATA\u00cd<\/strong> , jurisdicionado \u00e0 Coordena\u00e7\u00e3o Regional de Educa\u00e7\u00e3o (CRE) de <strong>JATA\u00cd<\/strong>, informa que est\u00e1 recebendo curr\u00edculos para sele\u00e7\u00e3o e contrata\u00e7\u00e3o tempor\u00e1ria com natureza emergencial para atender aos interesses da Administra\u00e7\u00e3o, para ministrar aulas nas disciplina(s)<strong> \u00a0DE MATEM\u00c1TICA, 32 h\/a semanais, NO CEPI SERAFIM DE CARVALHO (INTEGRAL).<\/strong><\/p>\n<p style=\"text-align: justify\">Os interessados devem encaminhar Curr\u00edculo ao e-mail oficial da Coordena\u00e7\u00e3o Regional de Educa\u00e7\u00e3o (srejatai@seduc.go.gov.br), contendo os contatos telef\u00f4nicos e endere\u00e7os de e-mail para correspond\u00eancias eletr\u00f4nicas.<\/p>\n<p style=\"text-align: justify\">Oportunamente esclarece, que a Coordena\u00e7\u00e3o Regional de Educa\u00e7\u00e3o de Jata\u00ed instituir\u00e1 comiss\u00e3o pr\u00f3pria para as an\u00e1lises curriculares, que ser\u00e1 composta por integrante do Sindicato da categoria e membros da CRE, objetivando assim, a ado\u00e7\u00e3o de medidas e provid\u00eancias pertinentes ao suprimento de todos os d\u00e9ficits de professores existentes na Rede Estadual de Educa\u00e7\u00e3o, que garantam os servi\u00e7os prestados \u00e0 comunidade goiana.<\/p>\n<p align=\"center\">SEDUC\/GO<\/p>\n","protected":false},"excerpt":{"rendered":"<p>COMUNICADO PARA CONTRATA\u00c7\u00c3O TEMPOR\u00c1RIA Publica\u00e7\u00e3o: 15\/04\/2026 Encerramento: 17\/04\/2026 \u00e0s 18h O Governo do Estado de Goi\u00e1s, atrav\u00e9s da Secretaria de Estado da Educa\u00e7\u00e3o, diante da inexist\u00eancia de Processo Seletivo Simplificado vigente no \u00e2mbito desta Pasta e considerando a exist\u00eancia de d\u00e9ficits de professores nas unidades escolares pertencentes ao munic\u00edpio de JATA\u00cd, jurisdicionado \u00e0 Coordena\u00e7\u00e3o Regional [&hellip;]<\/p>\n","protected":false},"author":793,"featured_media":0,"comment_status":"closed","ping_status":"open","sticky":false,"template":"","format":"standard","meta":{"footnotes":""},"categories":[4789],"tags":[],"class_list":["post-45296","post","type-post","status-publish","format-standard","hentry","category-institucional"],"rttpg_featured_image_url":null,"rttpg_author":{"display_name":"josecarlosppampola","author_link":"https:\/\/goias.gov.br\/educacao\/author\/josecarlosppampola\/"},"rttpg_comment":0,"rttpg_category":"<a href=\"https:\/\/goias.gov.br\/educacao\/categoria\/institucional\/\" rel=\"category tag\">Institucional<\/a>","rttpg_excerpt":"COMUNICADO PARA CONTRATA\u00c7\u00c3O TEMPOR\u00c1RIA Publica\u00e7\u00e3o: 15\/04\/2026 Encerramento: 17\/04\/2026 \u00e0s 18h O Governo do Estado de Goi\u00e1s, atrav\u00e9s da Secretaria de Estado da Educa\u00e7\u00e3o, diante da inexist\u00eancia de Processo Seletivo Simplificado vigente no \u00e2mbito desta Pasta e considerando a exist\u00eancia de d\u00e9ficits de professores nas unidades escolares pertencentes ao munic\u00edpio de JATA\u00cd, jurisdicionado \u00e0 Coordena\u00e7\u00e3o Regional&hellip;","_links":{"self":[{"href":"https:\/\/goias.gov.br\/educacao\/wp-json\/wp\/v2\/posts\/45296","targetHints":{"allow":["GET"]}}],"collection":[{"href":"https:\/\/goias.gov.br\/educacao\/wp-json\/wp\/v2\/posts"}],"about":[{"href":"https:\/\/goias.gov.br\/educacao\/wp-json\/wp\/v2\/types\/post"}],"author":[{"embeddable":true,"href":"https:\/\/goias.gov.br\/educacao\/wp-json\/wp\/v2\/users\/793"}],"replies":[{"embeddable":true,"href":"https:\/\/goias.gov.br\/educacao\/wp-json\/wp\/v2\/comments?post=45296"}],"version-history":[{"count":2,"href":"https:\/\/goias.gov.br\/educacao\/wp-json\/wp\/v2\/posts\/45296\/revisions"}],"predecessor-version":[{"id":724785,"href":"https:\/\/goias.gov.br\/educacao\/wp-json\/wp\/v2\/posts\/45296\/revisions\/724785"}],"wp:attachment":[{"href":"https:\/\/goias.gov.br\/educacao\/wp-json\/wp\/v2\/media?parent=45296"}],"wp:term":[{"taxonomy":"category","embeddable":true,"href":"https:\/\/goias.gov.br\/educacao\/wp-json\/wp\/v2\/categories?post=45296"},{"taxonomy":"post_tag","embeddable":true,"href":"https:\/\/goias.gov.br\/educacao\/wp-json\/wp\/v2\/tags?post=45296"}],"curies":[{"name":"wp","href":"https:\/\/api.w.org\/{rel}","templated":true}]}}