

{"id":45293,"date":"2023-03-02T14:22:38","date_gmt":"2023-03-02T17:22:38","guid":{"rendered":"https:\/\/siteshom.goias.gov.br\/educacao\/cre-itapaci\/"},"modified":"2026-04-29T13:37:36","modified_gmt":"2026-04-29T16:37:36","slug":"cre-itapaci","status":"publish","type":"post","link":"https:\/\/goias.gov.br\/educacao\/cre-itapaci\/","title":{"rendered":"CRE &#8211; Itapaci"},"content":{"rendered":"<h2 align=\"center\"><strong style=\"color: revert;font-size: revert\">COMUNICADO<\/strong><\/h2>\n<p style=\"text-align: center\"><strong>PARA CONTRATA\u00c7\u00c3O TEMPOR\u00c1RIA<\/strong><\/p>\n<pre style=\"text-align: center\">Publica\u00e7\u00e3o: 29\/04\/2026 \nEncerramento: 04\/05\/2026 \u00e0s 18h\n<\/pre>\n<p style=\"text-align: justify\">O Governo do Estado de Goi\u00e1s, atrav\u00e9s da Secretaria de Estado da Educa\u00e7\u00e3o, diante da inexist\u00eancia de Processo Seletivo Simplificado vigente no \u00e2mbito desta Pasta e considerando a exist\u00eancia de d\u00e9ficits de professores nas unidades escolares pertencentes ao <strong>munic\u00edpio de CRIX\u00c1S<\/strong>, jurisdicionado \u00e0 Coordena\u00e7\u00e3o Regional de Educa\u00e7\u00e3o de <strong>ITAPACI<\/strong>, informa que est\u00e1 recebendo curr\u00edculos, para sele\u00e7\u00e3o e contrata\u00e7\u00e3o tempor\u00e1ria com natureza emergencial para atender aos interesses da Administra\u00e7\u00e3o: <strong>01 (um) professor para ministrar 30 aulas (40.0 horas) semanais de Ci\u00eancias\/Biologia e disciplinas afins, no(s) turno(s) Matutino\/Noturno no COL\u00c9GIO ESTADUAL EM PER\u00cdODO INTEGRAL JO\u00c3O XAVIER FERREIRA<\/strong> visando afastar eventuais preju\u00edzos educacionais e\/ou pedag\u00f3gicos aos estudantes da Rede Estadual de Educa\u00e7\u00e3o de Goi\u00e1s.<\/p>\n<p style=\"text-align: justify\">A presente convoca\u00e7\u00e3o justifica-se devido a Licen\u00e7a M\u00e9dica pelo per\u00edodo de, aproximadamente, <strong>6 meses<\/strong>.<\/p>\n<p style=\"text-align: justify\">Os interessados devem encaminhar Curr\u00edculo ao e-mail oficial da Assessoria Financeira da Coordena\u00e7\u00e3o Regional de ITAPACI (afin.itapaci@seduc.go.gov.br), contendo os contatos telef\u00f4nicos e endere\u00e7os de e-mail para correspond\u00eancias eletr\u00f4nicas, e ainda, que no campo Assunto do e-mail, seja informada a Unidade Escolar e a disciplina da vaga pleiteada.<\/p>\n<p style=\"text-align: justify\">Oportunamente, esclarece que a Coordena\u00e7\u00e3o Regional de Educa\u00e7\u00e3o de ITAPACI instituir\u00e1 comiss\u00e3o pr\u00f3pria para as an\u00e1lises curriculares, que ser\u00e1 composta por membros da CRE, objetivando assim, a ado\u00e7\u00e3o de medidas e provid\u00eancias pertinentes ao suprimento de todos os d\u00e9ficits de professores existentes na Rede Estadual de Educa\u00e7\u00e3o de Goi\u00e1s, que garantam os servi\u00e7os prestados \u00e0 comunidade goiana.<\/p>\n<p style=\"text-align: center\">SEDUC\/GO<\/p>\n<h2 align=\"center\"><strong style=\"color: revert;font-size: revert\">COMUNICADO<\/strong><\/h2>\n<p style=\"text-align: center\"><strong>PARA CONTRATA\u00c7\u00c3O TEMPOR\u00c1RIA<\/strong><\/p>\n<pre style=\"text-align: center\">Publica\u00e7\u00e3o: 23\/04\/2026 \nEncerramento: 27\/04\/2026 \u00e0s 18h\n<\/pre>\n<p style=\"text-align: justify\">O Governo do Estado de Goi\u00e1s, atrav\u00e9s da Secretaria de Estado da Educa\u00e7\u00e3o, diante da inexist\u00eancia de Processo Seletivo Simplificado vigente no \u00e2mbito desta Pasta e considerando a exist\u00eancia de d\u00e9ficits de professores nas unidades escolares pertencentes ao <strong>munic\u00edpio de UIRAPURU<\/strong>, jurisdicionado \u00e0 Coordena\u00e7\u00e3o Regional de Educa\u00e7\u00e3o de <strong>ITAPACI<\/strong>, informa que est\u00e1 recebendo curr\u00edculos, para sele\u00e7\u00e3o e contrata\u00e7\u00e3o tempor\u00e1ria com natureza emergencial para atender aos interesses da Administra\u00e7\u00e3o: <strong>01 (um) professor para ministrar 28 aulas (37.33 horas) semanais de Hist\u00f3ria e disciplinas afins, no(s) turno(s) Matutino no COL\u00c9GIO ESTADUAL DE EDUCA\u00c7\u00c3O DO CAMPO ANT\u00d4NIO PEREIRA MAIA<\/strong> visando afastar eventuais preju\u00edzos educacionais e\/ou pedag\u00f3gicos aos estudantes da Rede Estadual de Educa\u00e7\u00e3o de Goi\u00e1s.<\/p>\n<p style=\"text-align: justify\">A presente convoca\u00e7\u00e3o justifica-se devido a D\u00e9ficit.<\/p>\n<p style=\"text-align: justify\">Os interessados devem encaminhar Curr\u00edculo ao e-mail oficial da Assessoria Financeira da Coordena\u00e7\u00e3o Regional de ITAPACI (afin.itapaci@seduc.go.gov.br), contendo os contatos telef\u00f4nicos e endere\u00e7os de e-mail para correspond\u00eancias eletr\u00f4nicas, e ainda, que no campo Assunto do e-mail, seja informada a Unidade Escolar e a disciplina da vaga pleiteada.<\/p>\n<p style=\"text-align: justify\">Oportunamente, esclarece que a Coordena\u00e7\u00e3o Regional de Educa\u00e7\u00e3o de ITAPACI instituir\u00e1 comiss\u00e3o pr\u00f3pria para as an\u00e1lises curriculares, que ser\u00e1 composta por membros da CRE, objetivando assim, a ado\u00e7\u00e3o de medidas e provid\u00eancias pertinentes ao suprimento de todos os d\u00e9ficits de professores existentes na Rede Estadual de Educa\u00e7\u00e3o de Goi\u00e1s, que garantam os servi\u00e7os prestados \u00e0 comunidade goiana.<\/p>\n<p style=\"text-align: center\">SEDUC\/GO<\/p>\n<h2 align=\"center\"><strong style=\"color: revert;font-size: revert\">COMUNICADO<\/strong><\/h2>\n<p style=\"text-align: center\"><strong>PARA CONTRATA\u00c7\u00c3O TEMPOR\u00c1RIA<\/strong><\/p>\n<pre style=\"text-align: center\">Publica\u00e7\u00e3o: 23\/04\/2026 \nEncerramento: 27\/04\/2026 \u00e0s 18h\n<\/pre>\n<p style=\"text-align: justify\">O Governo do Estado de Goi\u00e1s, atrav\u00e9s da Secretaria de Estado da Educa\u00e7\u00e3o, diante da inexist\u00eancia de Processo Seletivo Simplificado vigente no \u00e2mbito desta Pasta e considerando a exist\u00eancia de d\u00e9ficits de professores nas unidades escolares pertencentes ao <strong>munic\u00edpio de ITAPACI<\/strong>, jurisdicionado \u00e0 Coordena\u00e7\u00e3o Regional de Educa\u00e7\u00e3o de <strong>ITAPACI<\/strong>, informa que est\u00e1 recebendo curr\u00edculos, para sele\u00e7\u00e3o e contrata\u00e7\u00e3o tempor\u00e1ria com natureza emergencial para atender aos interesses da Administra\u00e7\u00e3o: <strong>01 (um) professor para ministrar 23 aulas (30.67 horas) semanais de Educa\u00e7\u00e3o F\u00edsica e disciplinas afins, no(s) turno(s) Matutino\/Vespertino no COL\u00c9GIO ESTADUAL LUIZ ALVES MACHADO<\/strong> visando afastar eventuais preju\u00edzos educacionais e\/ou pedag\u00f3gicos aos estudantes da Rede Estadual de Educa\u00e7\u00e3o de Goi\u00e1s.<\/p>\n<p style=\"text-align: justify\">A presente convoca\u00e7\u00e3o justifica-se devido a D\u00e9ficit.<\/p>\n<p style=\"text-align: justify\">Os interessados devem encaminhar Curr\u00edculo ao e-mail oficial da Assessoria Financeira da Coordena\u00e7\u00e3o Regional de ITAPACI (afin.itapaci@seduc.go.gov.br), contendo os contatos telef\u00f4nicos e endere\u00e7os de e-mail para correspond\u00eancias eletr\u00f4nicas, e ainda, que no campo Assunto do e-mail, seja informada a Unidade Escolar e a disciplina da vaga pleiteada.<\/p>\n<p style=\"text-align: justify\">Oportunamente, esclarece que a Coordena\u00e7\u00e3o Regional de Educa\u00e7\u00e3o de ITAPACI instituir\u00e1 comiss\u00e3o pr\u00f3pria para as an\u00e1lises curriculares, que ser\u00e1 composta por membros da CRE, objetivando assim, a ado\u00e7\u00e3o de medidas e provid\u00eancias pertinentes ao suprimento de todos os d\u00e9ficits de professores existentes na Rede Estadual de Educa\u00e7\u00e3o de Goi\u00e1s, que garantam os servi\u00e7os prestados \u00e0 comunidade goiana.<\/p>\n<p style=\"text-align: center\">SEDUC\/GO<\/p>\n<h2 align=\"center\"><strong style=\"color: revert;font-size: revert\">COMUNICADO<\/strong><\/h2>\n<p style=\"text-align: center\"><strong>PARA CONTRATA\u00c7\u00c3O TEMPOR\u00c1RIA<\/strong><\/p>\n<pre style=\"text-align: center\">Publica\u00e7\u00e3o: 23\/04\/2026 \nEncerramento: 27\/04\/2026 \u00e0s 18h\n<\/pre>\n<p style=\"text-align: justify\">O Governo do Estado de Goi\u00e1s, atrav\u00e9s da Secretaria de Estado da Educa\u00e7\u00e3o, diante da inexist\u00eancia de Processo Seletivo Simplificado vigente no \u00e2mbito desta Pasta e considerando a exist\u00eancia de d\u00e9ficits de professores nas unidades escolares pertencentes ao <strong>munic\u00edpio de GUARINOS<\/strong>, jurisdicionado \u00e0 Coordena\u00e7\u00e3o Regional de Educa\u00e7\u00e3o de <strong>ITAPACI<\/strong>, informa que est\u00e1 recebendo curr\u00edculos, para sele\u00e7\u00e3o e contrata\u00e7\u00e3o tempor\u00e1ria com natureza emergencial para atender aos interesses da Administra\u00e7\u00e3o: <strong>01 (um) professor para ministrar 30 aulas (40.0 horas) semanais de Pedagogia e disciplinas afins, no(s) turno(s) Matutino no COL\u00c9GIO ESTADUAL DE EDUCA\u00c7\u00c3O DO CAMPO MANDIN\u00d3POLIS<\/strong> visando afastar eventuais preju\u00edzos educacionais e\/ou pedag\u00f3gicos aos estudantes da Rede Estadual de Educa\u00e7\u00e3o de Goi\u00e1s.<\/p>\n<p style=\"text-align: justify\">A presente convoca\u00e7\u00e3o justifica-se devido a Licen\u00e7a Pr\u00eamio pelo per\u00edodo de, aproximadamente, <strong>4 meses<\/strong>.<\/p>\n<p style=\"text-align: justify\">Os interessados devem encaminhar Curr\u00edculo ao e-mail oficial da Assessoria Financeira da Coordena\u00e7\u00e3o Regional de ITAPACI (afin.itapaci@seduc.go.gov.br), contendo os contatos telef\u00f4nicos e endere\u00e7os de e-mail para correspond\u00eancias eletr\u00f4nicas, e ainda, que no campo Assunto do e-mail, seja informada a Unidade Escolar e a disciplina da vaga pleiteada.<\/p>\n<p style=\"text-align: justify\">Oportunamente, esclarece que a Coordena\u00e7\u00e3o Regional de Educa\u00e7\u00e3o de ITAPACI instituir\u00e1 comiss\u00e3o pr\u00f3pria para as an\u00e1lises curriculares, que ser\u00e1 composta por membros da CRE, objetivando assim, a ado\u00e7\u00e3o de medidas e provid\u00eancias pertinentes ao suprimento de todos os d\u00e9ficits de professores existentes na Rede Estadual de Educa\u00e7\u00e3o de Goi\u00e1s, que garantam os servi\u00e7os prestados \u00e0 comunidade goiana.<\/p>\n<p style=\"text-align: center\">SEDUC\/GO<\/p>\n<h2 align=\"center\"><strong style=\"color: revert;font-size: revert\">COMUNICADO<\/strong><\/h2>\n<p style=\"text-align: center\"><strong>PARA CONTRATA\u00c7\u00c3O TEMPOR\u00c1RIA<\/strong><\/p>\n<pre style=\"text-align: center\">Publica\u00e7\u00e3o: 06\/04\/2026 \nEncerramento: 08\/04\/2026 \u00e0s 18h\n<\/pre>\n<p style=\"text-align: justify\">O Governo do Estado de Goi\u00e1s, por interm\u00e9dio da Secretaria de Estado da Educa\u00e7\u00e3o, informa que, embora esteja vigente o Processo Seletivo Simplificado regido pelo Edital n\u00ba 020\/2024 \u2013 destinado \u00e0 composi\u00e7\u00e3o de banco de habilitados para contrata\u00e7\u00e3o tempor\u00e1ria de professores \u2013, no \u00e2mbito do <strong>munic\u00edpio de ITAPACI<\/strong>, jurisdicionado \u00e0 Coordena\u00e7\u00e3o Regional de Educa\u00e7\u00e3o de <strong>ITAPACI<\/strong>, o referido banco encontra-se esgotado para a fun\u00e7\u00e3o de <strong>Professor de Matem\u00e1tica, 16 aulas (21.33 horas) semanais, no turno Matutino.<\/strong><\/p>\n<p style=\"text-align: justify\">Diante da inexist\u00eancia de candidatos habilitados dispon\u00edveis para convoca\u00e7\u00e3o, e considerando a exist\u00eancia de d\u00e9ficit de profissional docente, justificado pelo art. 208 da Lei n\u00ba 13.909\/2001, a Secretaria de Estado da Educa\u00e7\u00e3o deliberou pela ado\u00e7\u00e3o de procedimento emergencial de sele\u00e7\u00e3o curricular, com o objetivo de realizar contrata\u00e7\u00e3o por tempo determinado, de natureza excepcional e urgente, nos termos da Lei Estadual n\u00ba 20.918\/2020.<\/p>\n<p style=\"text-align: justify\">Nesse sentido, a Coordena\u00e7\u00e3o Regional de Educa\u00e7\u00e3o de <strong>ITAPACI<\/strong> est\u00e1 recebendo curr\u00edculos, exclusivamente por e-mail, para fins de sele\u00e7\u00e3o e contrata\u00e7\u00e3o tempor\u00e1ria de 01 (um) professor de <strong>Matem\u00e1tica<\/strong>, no(a) <strong>COL\u00c9GIO ESTADUAL DA POLICIA MILITAR DE GOI\u00c1S- GERALDA ANDRADE MARTINS<\/strong>. A presente medida visa evitar a interrup\u00e7\u00e3o das atividades escolares e garantir a continuidade do processo de ensino e aprendizagem, resguardando o direito constitucional \u00e0 educa\u00e7\u00e3o dos estudantes da Rede Estadual de Ensino.<\/p>\n<p style=\"text-align: justify\">Os interessados devem encaminhar curr\u00edculo atualizado ao endere\u00e7o eletr\u00f4nico oficial da Assessoria Financeira da CRE de <strong>ITAPACI afin.itapaci@seduc.go.gov.br<\/strong>, informando contatos telef\u00f4nicos e endere\u00e7o de e-mail para retorno.<\/p>\n<p style=\"text-align: justify\">Para a an\u00e1lise dos curr\u00edculos, ser\u00e1 constitu\u00edda comiss\u00e3o espec\u00edfica no \u00e2mbito da Coordena\u00e7\u00e3o Regional de Educa\u00e7\u00e3o de <strong>ITAPACI<\/strong>, composta por membros desta unidade administrativa, a qual adotar\u00e1 crit\u00e9rios objetivos e ison\u00f4micos na sele\u00e7\u00e3o dos profissionais, assegurando a observ\u00e2ncia dos princ\u00edpios da legalidade, impessoalidade e interesse p\u00fablico.<\/p>\n<p style=\"text-align: justify\">A presente convoca\u00e7\u00e3o emergencial pauta-se nos princ\u00edpios da continuidade do servi\u00e7o p\u00fablico e da supremacia do interesse p\u00fablico, e ser\u00e1 adotada exclusivamente nos casos em que n\u00e3o houver mais candidatos habilitados no banco vigente, conforme previsto no edital e na legisla\u00e7\u00e3o pertinente.<\/p>\n<p style=\"text-align: center\">SEDUC\/GO<\/p>\n<h2 align=\"center\"><strong style=\"color: revert;font-size: revert\">COMUNICADO<\/strong><\/h2>\n<p style=\"text-align: center\"><strong>PARA CONTRATA\u00c7\u00c3O TEMPOR\u00c1RIA<\/strong><\/p>\n<pre style=\"text-align: center\">Publica\u00e7\u00e3o: 24\/03\/2026 \nEncerramento: 26\/03\/2026 \u00e0s 18h\n<\/pre>\n<p style=\"text-align: justify\">O Governo do Estado de Goi\u00e1s, por interm\u00e9dio da Secretaria de Estado da Educa\u00e7\u00e3o, informa que, embora esteja vigente o Processo Seletivo Simplificado regido pelo Edital n\u00ba 020\/2024 \u2013 destinado \u00e0 composi\u00e7\u00e3o de banco de habilitados para contrata\u00e7\u00e3o tempor\u00e1ria de professores \u2013, no \u00e2mbito do <strong>munic\u00edpio de SANTA TEREZINHA DE GOI\u00c1S<\/strong>, jurisdicionado \u00e0 Coordena\u00e7\u00e3o Regional de Educa\u00e7\u00e3o de <strong>ITAPACI<\/strong>, o referido banco encontra-se esgotado para a fun\u00e7\u00e3o de <strong>Professor de Matem\u00e1tica, 23 aulas (28 horas) semanais, no turno Vespertino.<\/strong><\/p>\n<p style=\"text-align: justify\">Diante da inexist\u00eancia de candidatos habilitados dispon\u00edveis para convoca\u00e7\u00e3o, e considerando a exist\u00eancia de d\u00e9ficit de profissional docente, justificado pelo art. 208 da Lei n\u00ba 13.909\/2001, a Secretaria de Estado da Educa\u00e7\u00e3o deliberou pela ado\u00e7\u00e3o de procedimento emergencial de sele\u00e7\u00e3o curricular, com o objetivo de realizar contrata\u00e7\u00e3o por tempo determinado, de natureza excepcional e urgente, nos termos da Lei Estadual n\u00ba 20.918\/2020.<\/p>\n<p style=\"text-align: justify\">Nesse sentido, a Coordena\u00e7\u00e3o Regional de Educa\u00e7\u00e3o de <strong>ITAPACI<\/strong> est\u00e1 recebendo curr\u00edculos, exclusivamente por e-mail, para fins de sele\u00e7\u00e3o e contrata\u00e7\u00e3o tempor\u00e1ria de 01 (um) professor de <strong>Matem\u00e1tica<\/strong>, no(a) <strong>COL\u00c9GIO ESTADUAL MARIA LOPES MARTINS<\/strong>. A presente medida visa evitar a interrup\u00e7\u00e3o das atividades escolares e garantir a continuidade do processo de ensino e aprendizagem, resguardando o direito constitucional \u00e0 educa\u00e7\u00e3o dos estudantes da Rede Estadual de Ensino.<\/p>\n<p style=\"text-align: justify\">Os interessados devem encaminhar curr\u00edculo atualizado ao endere\u00e7o eletr\u00f4nico oficial da Assessoria Financeira da CRE de <strong>ITAPACI afin.itapaci@seduc.go.gov.br<\/strong>, informando contatos telef\u00f4nicos e endere\u00e7o de e-mail para retorno.<\/p>\n<p style=\"text-align: justify\">Para a an\u00e1lise dos curr\u00edculos, ser\u00e1 constitu\u00edda comiss\u00e3o espec\u00edfica no \u00e2mbito da Coordena\u00e7\u00e3o Regional de Educa\u00e7\u00e3o de <strong>ITAPACI<\/strong>, composta por membros desta unidade administrativa, a qual adotar\u00e1 crit\u00e9rios objetivos e ison\u00f4micos na sele\u00e7\u00e3o dos profissionais, assegurando a observ\u00e2ncia dos princ\u00edpios da legalidade, impessoalidade e interesse p\u00fablico.<\/p>\n<p style=\"text-align: justify\">A presente convoca\u00e7\u00e3o emergencial pauta-se nos princ\u00edpios da continuidade do servi\u00e7o p\u00fablico e da supremacia do interesse p\u00fablico, e ser\u00e1 adotada exclusivamente nos casos em que n\u00e3o houver mais candidatos habilitados no banco vigente, conforme previsto no edital e na legisla\u00e7\u00e3o pertinente.<\/p>\n<p style=\"text-align: center\">SEDUC\/GO<\/p>\n<h2 align=\"center\"><strong style=\"color: revert;font-size: revert\">COMUNICADO<\/strong><\/h2>\n<p style=\"text-align: center\"><strong>PARA CONTRATA\u00c7\u00c3O TEMPOR\u00c1RIA<\/strong><\/p>\n<pre style=\"text-align: center\">Publica\u00e7\u00e3o: 26\/01\/2026 \nEncerramento: 28\/01\/2026 \u00e0s 18h\n<\/pre>\n<p style=\"text-align: justify\">O Governo do Estado de Goi\u00e1s, por interm\u00e9dio da Secretaria de Estado da Educa\u00e7\u00e3o, informa que, embora esteja vigente o Processo Seletivo Simplificado regido pelo Edital n\u00ba 020\/2024 \u2013 destinado \u00e0 composi\u00e7\u00e3o de banco de habilitados para contrata\u00e7\u00e3o tempor\u00e1ria de professores \u2013, no \u00e2mbito do <strong>munic\u00edpio de ITAPACI<\/strong>, jurisdicionado \u00e0 Coordena\u00e7\u00e3o Regional de Educa\u00e7\u00e3o de <strong>ITAPACI<\/strong>, o referido banco encontra-se esgotado para a fun\u00e7\u00e3o de <strong>Professor de Matem\u00e1tica, 30 aulas (37 horas) semanais, no turno Vespertino.<\/strong><\/p>\n<p style=\"text-align: justify\">Diante da inexist\u00eancia de candidatos habilitados dispon\u00edveis para convoca\u00e7\u00e3o, e considerando a exist\u00eancia de d\u00e9ficit de profissional docente, justificado pelo art. 208 da Lei n\u00ba 13.909\/2001, a Secretaria de Estado da Educa\u00e7\u00e3o deliberou pela ado\u00e7\u00e3o de procedimento emergencial de sele\u00e7\u00e3o curricular, com o objetivo de realizar contrata\u00e7\u00e3o por tempo determinado, de natureza excepcional e urgente, nos termos da Lei Estadual n\u00ba 20.918\/2020.<\/p>\n<p style=\"text-align: justify\">Nesse sentido, a Coordena\u00e7\u00e3o Regional de Educa\u00e7\u00e3o de <strong>ITAPACI<\/strong> est\u00e1 recebendo curr\u00edculos, exclusivamente por e-mail, para fins de sele\u00e7\u00e3o e contrata\u00e7\u00e3o tempor\u00e1ria de 01 (um) professor de <strong>Matem\u00e1tica<\/strong>, no(a) <strong>COL\u00c9GIO ESTADUAL DA POLICIA MILITAR DE GOI\u00c1S- GERALDA ANDRADE MARTINS<\/strong>. A presente medida visa evitar a interrup\u00e7\u00e3o das atividades escolares e garantir a continuidade do processo de ensino e aprendizagem, resguardando o direito constitucional \u00e0 educa\u00e7\u00e3o dos estudantes da Rede Estadual de Ensino.<\/p>\n<p style=\"text-align: justify\">Os interessados devem encaminhar curr\u00edculo atualizado ao endere\u00e7o eletr\u00f4nico oficial da Assessoria Financeira da CRE de <strong>ITAPACI afin.itapaci@seduc.go.gov.br<\/strong>, informando contatos telef\u00f4nicos e endere\u00e7o de e-mail para retorno.<\/p>\n<p style=\"text-align: justify\">Para a an\u00e1lise dos curr\u00edculos, ser\u00e1 constitu\u00edda comiss\u00e3o espec\u00edfica no \u00e2mbito da Coordena\u00e7\u00e3o Regional de Educa\u00e7\u00e3o de <strong>ITAPACI<\/strong>, composta por membros desta unidade administrativa, a qual adotar\u00e1 crit\u00e9rios objetivos e ison\u00f4micos na sele\u00e7\u00e3o dos profissionais, assegurando a observ\u00e2ncia dos princ\u00edpios da legalidade, impessoalidade e interesse p\u00fablico.<\/p>\n<p style=\"text-align: justify\">A presente convoca\u00e7\u00e3o emergencial pauta-se nos princ\u00edpios da continuidade do servi\u00e7o p\u00fablico e da supremacia do interesse p\u00fablico, e ser\u00e1 adotada exclusivamente nos casos em que n\u00e3o houver mais candidatos habilitados no banco vigente, conforme previsto no edital e na legisla\u00e7\u00e3o pertinente.<\/p>\n<p style=\"text-align: center\">SEDUC\/GO<\/p>\n<h2 align=\"center\"><strong style=\"color: revert;font-size: revert\">COMUNICADO<\/strong><\/h2>\n<p style=\"text-align: center\"><strong>PARA CONTRATA\u00c7\u00c3O TEMPOR\u00c1RIA<\/strong><\/p>\n<pre style=\"text-align: center\">Publica\u00e7\u00e3o: 23\/01\/2026 \nEncerramento: 27\/01\/2026 \u00e0s 18h\n<\/pre>\n<p class=\"Tabela_Texto_Centralizado\" style=\"text-align: justify\" data-c=\"21\">O Governo do Estado de Goi\u00e1s, por interm\u00e9dio da Secretaria de Estado da Educa\u00e7\u00e3o, informa que, embora esteja vigente o Processo Seletivo Simplificado regido pelo Edital n\u00ba 020\/2024 \u2013 destinado \u00e0 composi\u00e7\u00e3o de banco de habilitados para contrata\u00e7\u00e3o tempor\u00e1ria de professores \u2013, no \u00e2mbito do<strong>\u00a0<\/strong><strong>povoado de Vila Sertaneja, munic\u00edpio de Uirapuru<\/strong><strong>,<\/strong>\u00a0jurisdicionado \u00e0 Coordena\u00e7\u00e3o Regional de Educa\u00e7\u00e3o (CRE) de Itapaci, o referido banco encontra-se esgotado para a fun\u00e7\u00e3o de<strong>\u00a0professor de<\/strong>\u00a0<strong>Portugu\u00eas\/Ingl\u00eas<\/strong>.<\/p>\n<p style=\"text-align: justify\" data-c=\"13\">Diante da inexist\u00eancia de candidatos habilitados dispon\u00edveis para convoca\u00e7\u00e3o, e considerando a exist\u00eancia de d\u00e9ficit de profissional docente, justificado pelo art. 208 da Lei n\u00ba 13.909\/2001, a Secretaria de Estado da Educa\u00e7\u00e3o deliberou pela ado\u00e7\u00e3o de procedimento emergencial de sele\u00e7\u00e3o curricular, com o objetivo de realizar contrata\u00e7\u00e3o por tempo determinado, de natureza excepcional e urgente, nos termos da Lei Estadual n\u00ba 20.918\/2020.<\/p>\n<p style=\"text-align: justify\" data-c=\"14\">Nesse sentido, a Coordena\u00e7\u00e3o Regional de Educa\u00e7\u00e3o de Itapaci est\u00e1 recebendo curr\u00edculos, exclusivamente por e-mail, para fins de sele\u00e7\u00e3o e contrata\u00e7\u00e3o tempor\u00e1ria de\u00a0<strong>01 (um) professor de Portugu\u00eas\/Ingl\u00eas, para o\u00a0<\/strong><strong>Col\u00e9gio Estadual de Educa\u00e7\u00e3o do Campo Ant\u00f4nio Pereira Maia<\/strong>. A presente medida visa evitar a interrup\u00e7\u00e3o das atividades escolares e garantir a continuidade do processo de ensino e aprendizagem, resguardando o direito constitucional \u00e0 educa\u00e7\u00e3o dos estudantes da Rede Estadual de Ensino.<\/p>\n<p style=\"text-align: justify\" data-c=\"15\">Os interessados devem encaminhar curr\u00edculo atualizado ao endere\u00e7o eletr\u00f4nico oficial da Assessoria Financeira da CRE de Itapaci (<strong>afin.itapaci@seduc.go.gov.br<\/strong>), informando contatos telef\u00f4nicos e endere\u00e7o de e-mail para retorno.<\/p>\n<p style=\"text-align: justify\" data-c=\"16\">Para a an\u00e1lise dos curr\u00edculos, ser\u00e1 constitu\u00edda comiss\u00e3o espec\u00edfica no \u00e2mbito da Coordena\u00e7\u00e3o Regional de Educa\u00e7\u00e3o de Itapaci, composta por membros desta unidade administrativa, a qual adotar\u00e1 crit\u00e9rios objetivos e ison\u00f4micos na sele\u00e7\u00e3o dos profissionais, assegurando a observ\u00e2ncia dos princ\u00edpios da legalidade, impessoalidade e interesse p\u00fablico.<\/p>\n<p style=\"text-align: justify\" data-c=\"17\">A presente convoca\u00e7\u00e3o emergencial pauta-se nos princ\u00edpios da continuidade do servi\u00e7o p\u00fablico e da supremacia do interesse p\u00fablico, e ser\u00e1 adotada exclusivamente nos casos em que n\u00e3o houver mais candidatos habilitados no banco vigente, conforme previsto no edital e na legisla\u00e7\u00e3o pertinente.<\/p>\n<p style=\"text-align: center\">SEDUC\/GO<\/p>\n<hr \/>\n<h2 align=\"center\"><strong style=\"color: revert;font-size: revert\">COMUNICADO<\/strong><\/h2>\n<p style=\"text-align: center\"><strong>PARA CONTRATA\u00c7\u00c3O TEMPOR\u00c1RIA<\/strong><\/p>\n<pre style=\"text-align: center\">Publica\u00e7\u00e3o: 26\/09\/2025 \nEncerramento: 30\/09\/2025 \u00e0s 18h\n<\/pre>\n<h4 style=\"text-align: center\"><strong><span style=\"color: #ff0000\">ENCERRADO<\/span><\/strong><\/h4>\n<p style=\"text-align: justify\">O Governo do Estado de Goi\u00e1s, por interm\u00e9dio da Secretaria de Estado da Educa\u00e7\u00e3o, informa que, embora esteja vigente o Processo Seletivo Simplificado regido pelo Edital n\u00ba 020\/2024 \u2013 destinado \u00e0 composi\u00e7\u00e3o de banco de habilitados para contrata\u00e7\u00e3o tempor\u00e1ria de professores \u2013, no \u00e2mbito do <strong>munic\u00edpio de CRIX\u00c1S<\/strong>, jurisdicionado \u00e0 Coordena\u00e7\u00e3o Regional de Educa\u00e7\u00e3o de <strong>ITAPACI<\/strong>, o referido banco encontra-se esgotado para a fun\u00e7\u00e3o de <strong>Professor de Qu\u00edmica<\/strong><\/p>\n<p style=\"text-align: justify\">Diante da inexist\u00eancia de candidatos habilitados dispon\u00edveis para convoca\u00e7\u00e3o, e considerando a exist\u00eancia de d\u00e9ficit de profissional docente, justificado pelo art. 208 da Lei n\u00ba 13.909\/2001, a Secretaria de Estado da Educa\u00e7\u00e3o deliberou pela ado\u00e7\u00e3o de procedimento emergencial de sele\u00e7\u00e3o curricular, com o objetivo de realizar contrata\u00e7\u00e3o por tempo determinado, de natureza excepcional e urgente, nos termos da Lei Estadual n\u00ba 20.918\/2020.<\/p>\n<p style=\"text-align: justify\">Nesse sentido, a Coordena\u00e7\u00e3o Regional de Educa\u00e7\u00e3o de <strong>ITAPACI<\/strong> est\u00e1 recebendo curr\u00edculos, exclusivamente por e-mail, para fins de sele\u00e7\u00e3o e contrata\u00e7\u00e3o tempor\u00e1ria de 01 (um) professor de <strong>Qu\u00edmica<\/strong>, no(a) <strong>COL\u00c9GIO ESTADUAL DA POL\u00cdCIA MILITAR DE GOI\u00c1S PRUD\u00caNCIO FERREIRA DE FARIA<\/strong>. A presente medida visa evitar a interrup\u00e7\u00e3o das atividades escolares e garantir a continuidade do processo de ensino e aprendizagem, resguardando o direito constitucional \u00e0 educa\u00e7\u00e3o dos estudantes da Rede Estadual de Ensino.<\/p>\n<p style=\"text-align: justify\">Os interessados devem encaminhar curr\u00edculo atualizado ao endere\u00e7o eletr\u00f4nico oficial da Assessoria Financeira da CRE de <strong>ITAPACI afin.itapaci@seduc.go.gov.br<\/strong>, informando contatos telef\u00f4nicos e endere\u00e7o de e-mail para retorno.<\/p>\n<p style=\"text-align: justify\">Para a an\u00e1lise dos curr\u00edculos, ser\u00e1 constitu\u00edda comiss\u00e3o espec\u00edfica no \u00e2mbito da Coordena\u00e7\u00e3o Regional de Educa\u00e7\u00e3o de <strong>ITAPACI<\/strong>, composta por membros desta unidade administrativa, a qual adotar\u00e1 crit\u00e9rios objetivos e ison\u00f4micos na sele\u00e7\u00e3o dos profissionais, assegurando a observ\u00e2ncia dos princ\u00edpios da legalidade, impessoalidade e interesse p\u00fablico.<\/p>\n<p style=\"text-align: justify\">A presente convoca\u00e7\u00e3o emergencial pauta-se nos princ\u00edpios da continuidade do servi\u00e7o p\u00fablico e da supremacia do interesse p\u00fablico, e ser\u00e1 adotada exclusivamente nos casos em que n\u00e3o houver mais candidatos habilitados no banco vigente, conforme previsto no edital e na legisla\u00e7\u00e3o pertinente.<\/p>\n<p style=\"text-align: center\">SEDUC\/GO<\/p>\n<hr \/>\n<h2 align=\"center\"><strong style=\"color: revert;font-size: revert\">COMUNICADO<\/strong><\/h2>\n<p style=\"text-align: center\"><strong>PARA CONTRATA\u00c7\u00c3O TEMPOR\u00c1RIA<\/strong><\/p>\n<pre style=\"text-align: center\">Publica\u00e7\u00e3o: 28\/08\/2025 \nEncerramento: 01\/09\/2025 \u00e0s 18h\n<\/pre>\n<h4 style=\"text-align: center\"><strong><span style=\"color: #ff0000\">ENCERRADO<\/span><\/strong><\/h4>\n<p style=\"text-align: justify\">O Governo do Estado de Goi\u00e1s, por interm\u00e9dio da Secretaria de Estado da Educa\u00e7\u00e3o, informa que, embora esteja vigente o Processo Seletivo Simplificado regido pelo Edital n\u00ba 020\/2024 \u2013 destinado \u00e0 composi\u00e7\u00e3o de banco de habilitados para contrata\u00e7\u00e3o tempor\u00e1ria de professores \u2013, no \u00e2mbito do <strong>munic\u00edpio de CRIX\u00c1S<\/strong>, jurisdicionado \u00e0 Coordena\u00e7\u00e3o Regional de Educa\u00e7\u00e3o de <strong>ITAPACI<\/strong>, o referido banco encontra-se esgotado para a fun\u00e7\u00e3o de <strong>Professor de Qu\u00edmica<\/strong><\/p>\n<p style=\"text-align: justify\">Diante da inexist\u00eancia de candidatos habilitados dispon\u00edveis para convoca\u00e7\u00e3o, e considerando a exist\u00eancia de d\u00e9ficit de profissional docente, justificado pelo art. 208 da Lei n\u00ba 13.909\/2001, a Secretaria de Estado da Educa\u00e7\u00e3o deliberou pela ado\u00e7\u00e3o de procedimento emergencial de sele\u00e7\u00e3o curricular, com o objetivo de realizar contrata\u00e7\u00e3o por tempo determinado, de natureza excepcional e urgente, nos termos da Lei Estadual n\u00ba 20.918\/2020.<\/p>\n<p style=\"text-align: justify\">Nesse sentido, a Coordena\u00e7\u00e3o Regional de Educa\u00e7\u00e3o de <strong>ITAPACI<\/strong> est\u00e1 recebendo curr\u00edculos, exclusivamente por e-mail, para fins de sele\u00e7\u00e3o e contrata\u00e7\u00e3o tempor\u00e1ria de 01 (um) professor de <strong>Qu\u00edmica<\/strong>, no(a) <strong>Col\u00e9gio da Pol\u00edcia Militar de Goi\u00e1s Prud\u00eancio Ferreira de Faria<\/strong>. A presente medida visa evitar a interrup\u00e7\u00e3o das atividades escolares e garantir a continuidade do processo de ensino e aprendizagem, resguardando o direito constitucional \u00e0 educa\u00e7\u00e3o dos estudantes da Rede Estadual de Ensino.<\/p>\n<p style=\"text-align: justify\">Os interessados devem encaminhar curr\u00edculo atualizado ao endere\u00e7o eletr\u00f4nico oficial da Assessoria Financeira da CRE de <strong>ITAPACI afin.itapaci@seduc.go.gov.br<\/strong>, informando contatos telef\u00f4nicos e endere\u00e7o de e-mail para retorno.<\/p>\n<p style=\"text-align: justify\">Para a an\u00e1lise dos curr\u00edculos, ser\u00e1 constitu\u00edda comiss\u00e3o espec\u00edfica no \u00e2mbito da Coordena\u00e7\u00e3o Regional de Educa\u00e7\u00e3o de <strong>ITAPACI<\/strong>, composta por membros desta unidade administrativa, a qual adotar\u00e1 crit\u00e9rios objetivos e ison\u00f4micos na sele\u00e7\u00e3o dos profissionais, assegurando a observ\u00e2ncia dos princ\u00edpios da legalidade, impessoalidade e interesse p\u00fablico.<\/p>\n<p style=\"text-align: justify\">A presente convoca\u00e7\u00e3o emergencial pauta-se nos princ\u00edpios da continuidade do servi\u00e7o p\u00fablico e da supremacia do interesse p\u00fablico, e ser\u00e1 adotada exclusivamente nos casos em que n\u00e3o houver mais candidatos habilitados no banco vigente, conforme previsto no edital e na legisla\u00e7\u00e3o pertinente.<\/p>\n<p style=\"text-align: center\">SEDUC\/GO<\/p>\n<hr \/>\n<h2 align=\"center\"><strong style=\"color: revert;font-size: revert\">COMUNICADO<\/strong><\/h2>\n<p style=\"text-align: center\"><strong>PARA CONTRATA\u00c7\u00c3O TEMPOR\u00c1RIA<\/strong><\/p>\n<pre style=\"text-align: center\">Publica\u00e7\u00e3o: 07\/08\/2025 \nEncerramento: 11\/08\/2025 \u00e0s 18h\n<\/pre>\n<h4 style=\"text-align: center\"><strong><span style=\"color: #ff0000\">ENCERRADO<\/span><\/strong><\/h4>\n<p style=\"text-align: justify\">O Governo do Estado de Goi\u00e1s, por interm\u00e9dio da Secretaria de Estado da Educa\u00e7\u00e3o, informa que, embora esteja vigente o Processo Seletivo Simplificado regido pelo Edital n\u00ba 020\/2024 \u2013 destinado \u00e0 composi\u00e7\u00e3o de banco de habilitados para contrata\u00e7\u00e3o tempor\u00e1ria de professores \u2013, no \u00e2mbito do <strong>munic\u00edpio de ITAPACI<\/strong>, jurisdicionado \u00e0 Coordena\u00e7\u00e3o Regional de Educa\u00e7\u00e3o de <strong>ITAPACI<\/strong>, o referido banco encontra-se esgotado para a fun\u00e7\u00e3o de <strong>Professor de Geografia<\/strong><\/p>\n<p style=\"text-align: justify\">Diante da inexist\u00eancia de candidatos habilitados dispon\u00edveis para convoca\u00e7\u00e3o, e considerando a exist\u00eancia de d\u00e9ficit de profissional docente, justificado pelo art. 208 da Lei n\u00ba 13.909\/2001, a Secretaria de Estado da Educa\u00e7\u00e3o deliberou pela ado\u00e7\u00e3o de procedimento emergencial de sele\u00e7\u00e3o curricular, com o objetivo de realizar contrata\u00e7\u00e3o por tempo determinado, de natureza excepcional e urgente, nos termos da Lei Estadual n\u00ba 20.918\/2020.<\/p>\n<p style=\"text-align: justify\">Nesse sentido, a Coordena\u00e7\u00e3o Regional de Educa\u00e7\u00e3o de <strong>ITAPACI<\/strong> est\u00e1 recebendo curr\u00edculos, exclusivamente por e-mail, para fins de sele\u00e7\u00e3o e contrata\u00e7\u00e3o tempor\u00e1ria de 01 (um) professor de <strong>Geografia<\/strong>, no(a) <strong>CENTRO DE ENSINO EM PER\u00cdODO INTEGRAL SANTA TEREZINHA<\/strong>. A presente medida visa evitar a interrup\u00e7\u00e3o das atividades escolares e garantir a continuidade do processo de ensino e aprendizagem, resguardando o direito constitucional \u00e0 educa\u00e7\u00e3o dos estudantes da Rede Estadual de Ensino.<\/p>\n<p style=\"text-align: justify\">Os interessados devem encaminhar curr\u00edculo atualizado ao endere\u00e7o eletr\u00f4nico oficial da Assessoria Financeira da CRE de <strong>ITAPACI afin.itapaci@seduc.go.gov.br<\/strong>, informando contatos telef\u00f4nicos e endere\u00e7o de e-mail para retorno.<\/p>\n<p style=\"text-align: justify\">Para a an\u00e1lise dos curr\u00edculos, ser\u00e1 constitu\u00edda comiss\u00e3o espec\u00edfica no \u00e2mbito da Coordena\u00e7\u00e3o Regional de Educa\u00e7\u00e3o de <strong>ITAPACI<\/strong>, composta por membros desta unidade administrativa, a qual adotar\u00e1 crit\u00e9rios objetivos e ison\u00f4micos na sele\u00e7\u00e3o dos profissionais, assegurando a observ\u00e2ncia dos princ\u00edpios da legalidade, impessoalidade e interesse p\u00fablico.<\/p>\n<p style=\"text-align: justify\">A presente convoca\u00e7\u00e3o emergencial pauta-se nos princ\u00edpios da continuidade do servi\u00e7o p\u00fablico e da supremacia do interesse p\u00fablico, e ser\u00e1 adotada exclusivamente nos casos em que n\u00e3o houver mais candidatos habilitados no banco vigente, conforme previsto no edital e na legisla\u00e7\u00e3o pertinente.<\/p>\n<p style=\"text-align: center\">SEDUC\/GO<\/p>\n<hr \/>\n<h2 align=\"center\"><strong style=\"color: revert;font-size: revert\">COMUNICADO<\/strong><\/h2>\n<p style=\"text-align: center\"><strong>PARA CONTRATA\u00c7\u00c3O TEMPOR\u00c1RIA<\/strong><\/p>\n<pre style=\"text-align: center\">Publica\u00e7\u00e3o: 05\/08\/2025 \nEncerramento: 07\/08\/2025 \u00e0s 18h\n<\/pre>\n<h4 style=\"text-align: center\"><strong><span style=\"color: #ff0000\">ENCERRADO<\/span><\/strong><\/h4>\n<p style=\"text-align: justify\">O Governo do Estado de Goi\u00e1s, por interm\u00e9dio da Secretaria de Estado da Educa\u00e7\u00e3o, informa que, embora esteja vigente o Processo Seletivo Simplificado regido pelo Edital n\u00ba 020\/2024 \u2013 destinado \u00e0 composi\u00e7\u00e3o de banco de habilitados para contrata\u00e7\u00e3o tempor\u00e1ria de professores \u2013, no \u00e2mbito do <strong>munic\u00edpio de PILAR DE GOI\u00c1S<\/strong>, jurisdicionado \u00e0 Coordena\u00e7\u00e3o Regional de Educa\u00e7\u00e3o de <strong>ITAPACI<\/strong>, o referido banco encontra-se esgotado para a fun\u00e7\u00e3o de <strong>Professor de L\u00edngua Portuguesa<\/strong><\/p>\n<p style=\"text-align: justify\">Diante da inexist\u00eancia de candidatos habilitados dispon\u00edveis para convoca\u00e7\u00e3o, e considerando a exist\u00eancia de d\u00e9ficit de profissional docente, justificado pelo art. 208 da Lei n\u00ba 13.909\/2001, a Secretaria de Estado da Educa\u00e7\u00e3o deliberou pela ado\u00e7\u00e3o de procedimento emergencial de sele\u00e7\u00e3o curricular, com o objetivo de realizar contrata\u00e7\u00e3o por tempo determinado, de natureza excepcional e urgente, nos termos da Lei Estadual n\u00ba 20.918\/2020.<\/p>\n<p style=\"text-align: justify\">Nesse sentido, a Coordena\u00e7\u00e3o Regional de Educa\u00e7\u00e3o de <strong>ITAPACI<\/strong> est\u00e1 recebendo curr\u00edculos, exclusivamente por e-mail, para fins de sele\u00e7\u00e3o e contrata\u00e7\u00e3o tempor\u00e1ria de 01 (um) professor de <strong>L\u00edngua Portuguesa<\/strong>, no(a) <strong>COL\u00c9GIO ESTADUAL QUILOMBOLA PILAR DE GOI\u00c1S<\/strong>. A presente medida visa evitar a interrup\u00e7\u00e3o das atividades escolares e garantir a continuidade do processo de ensino e aprendizagem, resguardando o direito constitucional \u00e0 educa\u00e7\u00e3o dos estudantes da Rede Estadual de Ensino.<\/p>\n<p style=\"text-align: justify\">Os interessados devem encaminhar curr\u00edculo atualizado ao endere\u00e7o eletr\u00f4nico oficial da Assessoria Financeira da CRE de <strong>ITAPACI afin.itapaci@seduc.go.gov.br<\/strong>, informando contatos telef\u00f4nicos e endere\u00e7o de e-mail para retorno.<\/p>\n<p style=\"text-align: justify\">Para a an\u00e1lise dos curr\u00edculos, ser\u00e1 constitu\u00edda comiss\u00e3o espec\u00edfica no \u00e2mbito da Coordena\u00e7\u00e3o Regional de Educa\u00e7\u00e3o de <strong>ITAPACI<\/strong>, composta por membros desta unidade administrativa, a qual adotar\u00e1 crit\u00e9rios objetivos e ison\u00f4micos na sele\u00e7\u00e3o dos profissionais, assegurando a observ\u00e2ncia dos princ\u00edpios da legalidade, impessoalidade e interesse p\u00fablico.<\/p>\n<p style=\"text-align: justify\">A presente convoca\u00e7\u00e3o emergencial pauta-se nos princ\u00edpios da continuidade do servi\u00e7o p\u00fablico e da supremacia do interesse p\u00fablico, e ser\u00e1 adotada exclusivamente nos casos em que n\u00e3o houver mais candidatos habilitados no banco vigente, conforme previsto no edital e na legisla\u00e7\u00e3o pertinente.<\/p>\n<p style=\"text-align: center\">SEDUC\/GO<\/p>\n<hr \/>\n<h2 style=\"text-align: center\"><strong>COMUNICADO<\/strong><\/h2>\n<p style=\"text-align: center\"><strong>PARA CONTRATA\u00c7\u00c3O TEMPOR\u00c1RIA<\/strong><\/p>\n<pre style=\"text-align: center\">Publica\u00e7\u00e3o: 05\/11\/2024\nEncerramento: 07\/11\/2024 \u00e0s 18h<\/pre>\n<h4 style=\"text-align: center\"><strong><span style=\"color: #ff0000\">ENCERRADO<\/span><\/strong><\/h4>\n<p class=\"Texto_Justificado\" style=\"text-align: justify\">O Governo do Estado de Goi\u00e1s, atrav\u00e9s da Secretaria de Estado da Educa\u00e7\u00e3o, diante da inexist\u00eancia de Processo Seletivo Simplificado vigente no \u00e2mbito desta Pasta e considerando a exist\u00eancia de d\u00e9ficits de professores nas unidades escolares pertencentes ao<strong>\u00a0munic\u00edpio de Uirapuru,<\/strong>\u00a0jurisdicionado \u00e0 Coordena\u00e7\u00e3o Regional de Educa\u00e7\u00e3o (CRE) de\u00a0Itapaci, informa que est\u00e1 recebendo curr\u00edculos, para sele\u00e7\u00e3o e contrata\u00e7\u00e3o tempor\u00e1ria com natureza emergencial para atender aos interesses da Administra\u00e7\u00e3o:\u00a0<strong>0<\/strong><strong>1 (um) pedagogo para exercer a fun\u00e7\u00e3o 140 &#8211; Coordenador Pedag\u00f3gico, 40 (quarenta) horas semanais, nos turnos matutino e noturno, no Col\u00e9gio Estadual de Educa\u00e7\u00e3o do Campo Ant\u00f4nio Pereira Maia<\/strong><strong>,<\/strong>\u00a0visando afastar eventuais preju\u00edzos educacionais e\/ou pedag\u00f3gicos aos estudantes da Rede Estadual de Educa\u00e7\u00e3o de Goi\u00e1s.<\/p>\n<p class=\"Texto_Justificado\" style=\"text-align: justify\">A presente convoca\u00e7\u00e3o justifica-se por d\u00e9ficit causado por concess\u00e3o de aposentadoria a(o) professor(a) titular.<\/p>\n<p class=\"Texto_Justificado\" style=\"text-align: justify\">Os interessados devem encaminhar Curr\u00edculo ao e-mail oficial da Assessoria Financeira da Coordena\u00e7\u00e3o Regional de Educa\u00e7\u00e3o de\u00a0Itapaci\u00a0(afin.itapaci@seduc.go.gov.br), contendo os contatos telef\u00f4nicos e endere\u00e7os de e-mail para correspond\u00eancias eletr\u00f4nicas, e ainda, que no campo Assunto do e-mail, seja informada a Unidade Escolar e a disciplina da vaga pleiteada.<\/p>\n<p class=\"Texto_Justificado_Esp15\" style=\"text-align: justify\">Oportunamente esclarece, que a Coordena\u00e7\u00e3o Regional de Educa\u00e7\u00e3o de\u00a0Itapaci\u00a0instituir\u00e1 comiss\u00e3o pr\u00f3pria para as an\u00e1lises curriculares, que ser\u00e1 composta por membros da CRE, objetivando assim, a ado\u00e7\u00e3o de medidas e provid\u00eancias pertinentes ao suprimento de todos os d\u00e9ficits de professores existentes na Rede Estadual de Educa\u00e7\u00e3o de Goi\u00e1s, que garantam os servi\u00e7os prestados \u00e0 comunidade goiana.<\/p>\n<p style=\"text-align: center\">SEDUC\/GO<\/p>\n<hr \/>\n<h2 style=\"text-align: center\"><strong>COMUNICADO<\/strong><\/h2>\n<p style=\"text-align: center\"><strong>PARA CONTRATA\u00c7\u00c3O TEMPOR\u00c1RIA<\/strong><\/p>\n<pre style=\"text-align: center\">Publica\u00e7\u00e3o: 30\/10\/2024\nEncerramento: 01\/11\/2024 \u00e0s 18h<\/pre>\n<h4 style=\"text-align: center\"><strong><span style=\"color: #ff0000\">ENCERRADO<\/span><\/strong><\/h4>\n<p class=\"Texto_Justificado\" style=\"text-align: justify\">O Governo do Estado de Goi\u00e1s, atrav\u00e9s da Secretaria de Estado da Educa\u00e7\u00e3o, diante da inexist\u00eancia de Processo Seletivo Simplificado vigente no \u00e2mbito desta Pasta e considerando a exist\u00eancia de d\u00e9ficits de professores nas unidades escolares pertencentes ao\u00a0<strong>munic\u00edpio de Itapaci<\/strong>, jurisdicionado \u00e0 Coordena\u00e7\u00e3o Regional de Educa\u00e7\u00e3o (CRE) de\u00a0Itapaci, informa que est\u00e1 recebendo curr\u00edculos, para sele\u00e7\u00e3o e contrata\u00e7\u00e3o tempor\u00e1ria com natureza emergencial para atender aos interesses da Administra\u00e7\u00e3o:\u00a0<strong>01 (um<\/strong><strong>) pedagogo para exercer a fun\u00e7\u00e3o 361, PROFESSOR DE MEDIA\u00c7\u00c3O DE TECNOLOGIA, 30 (trinta) horas semanais<\/strong>,<strong>\u00a0na turma 9A &#8211; Ensino Fundamental e 8 (oito) aulas de L\u00edngua Portuguesa, no curso 530 &#8211; Educa\u00e7\u00e3o de Jovens e Adultos &#8211; Terceira Etapa (M\u00e9dio 1\u00ba ao 3\u00ba), nos turnos vespertino e noturno na Escola Estadual Nova Ponte<\/strong>, visando afastar eventuais preju\u00edzos educacionais e\/ou pedag\u00f3gicos aos estudantes da Rede Estadual de Educa\u00e7\u00e3o de Goi\u00e1s.<\/p>\n<p class=\"Texto_Justificado\" style=\"text-align: justify\">A presente convoca\u00e7\u00e3o justifica-se por d\u00e9ficit causado por concess\u00e3o de licen\u00e7a maternidade concedida a(o) professor(a) titular.<\/p>\n<p class=\"Texto_Justificado\" style=\"text-align: justify\">Os interessados devem encaminhar Curr\u00edculo ao e-mail oficial da Assessoria Financeira da Coordena\u00e7\u00e3o Regional de Educa\u00e7\u00e3o de\u00a0Itapaci\u00a0(afin.itapaci@seduc.go.gov.br), contendo os contatos telef\u00f4nicos e endere\u00e7os de e-mail para correspond\u00eancias eletr\u00f4nicas, e ainda, que no campo Assunto do e-mail, seja informada a Unidade Escolar e a disciplina da vaga pleiteada.<\/p>\n<p class=\"Texto_Justificado\" style=\"text-align: justify\">Oportunamente esclarece, que a Coordena\u00e7\u00e3o Regional de Educa\u00e7\u00e3o de\u00a0Itapaci\u00a0instituir\u00e1 comiss\u00e3o pr\u00f3pria para as an\u00e1lises curriculares, que ser\u00e1 composta por membros da CRE, objetivando assim, a ado\u00e7\u00e3o de medidas e provid\u00eancias pertinentes ao suprimento de todos os d\u00e9ficits de professores existentes na Rede Estadual de Educa\u00e7\u00e3o de Goi\u00e1s, que garantam os servi\u00e7os prestados \u00e0 comunidade goiana.<\/p>\n<p style=\"text-align: center\">SEDUC\/GO<\/p>\n<hr \/>\n<h2 style=\"text-align: center\"><strong>COMUNICADO<\/strong><\/h2>\n<p style=\"text-align: center\"><strong>PARA CONTRATA\u00c7\u00c3O TEMPOR\u00c1RIA<\/strong><\/p>\n<pre style=\"text-align: center\">Publica\u00e7\u00e3o: 11\/10\/2024\nEncerramento: 15\/10\/2024 \u00e0s 18h<\/pre>\n<h4 style=\"text-align: center\"><strong><span style=\"color: #ff0000\">ENCERRADO<\/span><\/strong><\/h4>\n<p class=\"Texto_Justificado\" style=\"text-align: justify\">O Governo do Estado de Goi\u00e1s, atrav\u00e9s da Secretaria de Estado da Educa\u00e7\u00e3o, diante da inexist\u00eancia de Processo Seletivo Simplificado vigente no \u00e2mbito desta Pasta e considerando a exist\u00eancia de d\u00e9ficits de professores nas unidades escolares pertencentes ao\u00a0<strong>munic\u00edpio de Crix\u00e1s-Go<\/strong>, jurisdicionado \u00e0 Coordena\u00e7\u00e3o Regional de Educa\u00e7\u00e3o (CRE) de\u00a0Itapaci, informa que est\u00e1 recebendo curr\u00edculos para sele\u00e7\u00e3o e contrata\u00e7\u00e3o tempor\u00e1ria com natureza emergencial para atender aos interesses da Administra\u00e7\u00e3o de\u00a0<strong>um professor para ministrar 16 (dezesseis) aulas semanais de Matem\u00e1tica e disciplinas afins e exercer a fun\u00e7\u00e3o 527 &#8211; COORDENADOR DE \u00c1REA &#8211; CEPI, 20 (vinte) horas, nos turnos matutino e vespertino do CEPI Jo\u00e3o Xavier Ferreira<\/strong>, visando afastar eventuais preju\u00edzos educacionais e\/ou pedag\u00f3gicos aos estudantes da Rede Estadual de Educa\u00e7\u00e3o de Goi\u00e1s.<\/p>\n<p class=\"Texto_Justificado\" style=\"text-align: justify\">A presente convoca\u00e7\u00e3o justifica-se por d\u00e9ficit causado por concess\u00e3o de licen\u00e7a pr\u00eamio a(o) professor(a) titular, conforme disciplina o art. 208, da Lei n.\u00ba 13.909, de 25 de setembro de 2001.<\/p>\n<p class=\"Texto_Justificado\" style=\"text-align: justify\">Os interessados devem encaminhar Curr\u00edculo ao e-mail oficial da Assessoria Financeira da Coordena\u00e7\u00e3o Regional de Educa\u00e7\u00e3o de\u00a0Itapaci\u00a0(afin.itapaci@seduc.go.gov.br), contendo os contatos telef\u00f4nicos e endere\u00e7os de e-mail para correspond\u00eancias eletr\u00f4nicas, e ainda, que no campo Assunto do e-mail, seja informada a Unidade Escolar e a disciplina da vaga pleiteada.<\/p>\n<p class=\"Texto_Justificado\" style=\"text-align: justify\">Oportunamente esclarece, que a Coordena\u00e7\u00e3o Regional de Educa\u00e7\u00e3o de\u00a0Itapaci\u00a0instituir\u00e1 comiss\u00e3o pr\u00f3pria para as an\u00e1lises curriculares, que ser\u00e1 composta por membros da CRE, objetivando assim, a ado\u00e7\u00e3o de medidas e provid\u00eancias pertinentes ao suprimento de todos os d\u00e9ficits de professores existentes na Rede Estadual de Educa\u00e7\u00e3o de Goi\u00e1s, que garantam os servi\u00e7os prestados \u00e0 comunidade goiana.<\/p>\n<p style=\"text-align: center\">SEDUC\/GO<\/p>\n<hr \/>\n<h2 style=\"text-align: center\"><strong>COMUNICADO<\/strong><\/h2>\n<p style=\"text-align: center\"><strong>PARA CONTRATA\u00c7\u00c3O TEMPOR\u00c1RIA<\/strong><\/p>\n<pre style=\"text-align: center\">Publica\u00e7\u00e3o: 02\/10\/2024\nEncerramento: 04\/10\/2024 \u00e0s 18h<\/pre>\n<h4 style=\"text-align: center\"><strong><span style=\"color: #ff0000\">ENCERRADO<\/span><\/strong><\/h4>\n<p class=\"Texto_Justificado\" style=\"text-align: justify\">O Governo do Estado de Goi\u00e1s, atrav\u00e9s da Secretaria de Estado da Educa\u00e7\u00e3o, diante da inexist\u00eancia de Processo Seletivo Simplificado vigente no \u00e2mbito desta Pasta e considerando a exist\u00eancia de d\u00e9ficits de professores nas unidades escolares pertencentes ao\u00a0<strong>munic\u00edpio de Campos Verdes<\/strong>, jurisdicionado \u00e0 Coordena\u00e7\u00e3o Regional de Educa\u00e7\u00e3o (CRE) de\u00a0Itapaci, informa que est\u00e1 recebendo curr\u00edculos, para sele\u00e7\u00e3o e contrata\u00e7\u00e3o tempor\u00e1ria com natureza emergencial para atender aos interesses da Administra\u00e7\u00e3o:\u00a0<strong>01 (um) professor para ministrar 28 (vinte e oito) aulas semanais de matem\u00e1tica, f\u00edsica e disciplinas afins,<\/strong><strong>\u00a0no(s) turno(s) matutino, vespertino e noturno no\u00a0Col\u00e9gio Estadual Edmundo Rocha<\/strong>, visando afastar eventuais preju\u00edzos educacionais e\/ou pedag\u00f3gicos aos estudantes da Rede Estadual de Educa\u00e7\u00e3o de Goi\u00e1s.<\/p>\n<p class=\"Texto_Justificado\" style=\"text-align: justify\">A presente convoca\u00e7\u00e3o justifica-se por d\u00e9ficit causado por concess\u00e3o de licen\u00e7a maternidade concedida a(o) professor(a) titular.<\/p>\n<p class=\"Texto_Justificado\" style=\"text-align: justify\">Os interessados devem encaminhar Curr\u00edculo ao e-mail oficial da Assessoria Financeira da Coordena\u00e7\u00e3o Regional de Educa\u00e7\u00e3o de\u00a0Itapaci\u00a0(afin.itapaci@seduc.go.gov.br), contendo os contatos telef\u00f4nicos e endere\u00e7os de e-mail para correspond\u00eancias eletr\u00f4nicas, e ainda, que no campo Assunto do e-mail, seja informada a Unidade Escolar e a disciplina da vaga pleiteada.<\/p>\n<p class=\"Texto_Justificado\" style=\"text-align: justify\">Oportunamente esclarece, que a Coordena\u00e7\u00e3o Regional de Educa\u00e7\u00e3o de\u00a0Itapaci\u00a0instituir\u00e1 comiss\u00e3o pr\u00f3pria para as an\u00e1lises curriculares, que ser\u00e1 composta por membros da CRE, objetivando assim, a ado\u00e7\u00e3o de medidas e provid\u00eancias pertinentes ao suprimento de todos os d\u00e9ficits de professores existentes na Rede Estadual de Educa\u00e7\u00e3o de Goi\u00e1s, que garantam os servi\u00e7os prestados \u00e0 comunidade goiana.<\/p>\n<p style=\"text-align: center\">SEDUC\/GO<\/p>\n<hr \/>\n<h2 style=\"text-align: center\"><strong>COMUNICADO REITERADO<\/strong><\/h2>\n<p style=\"text-align: center\"><strong>PARA CONTRATA\u00c7\u00c3O TEMPOR\u00c1RIA &#8211; N\u00c3O PREENCHIMENTO DA VAGA<\/strong><\/p>\n<pre style=\"text-align: center\">Publica\u00e7\u00e3o: 17\/09\/2024\nEncerramento: 19\/09\/2024 \u00e0s 18h<\/pre>\n<h4 style=\"text-align: center\"><strong><span style=\"color: #ff0000\">ENCERRADO<\/span><\/strong><\/h4>\n<p class=\"Texto_Justificado\" style=\"text-align: justify\">O Governo do Estado de Goi\u00e1s, atrav\u00e9s da Secretaria de Estado da Educa\u00e7\u00e3o, diante da inexist\u00eancia de Processo Seletivo Simplificado vigente no \u00e2mbito desta Pasta e considerando a exist\u00eancia de d\u00e9ficits de professores nas unidades escolares pertencentes ao\u00a0<strong>munic\u00edpio de Santa Terezinha de Goi\u00e1s<\/strong>, jurisdicionado \u00e0 Coordena\u00e7\u00e3o Regional de Educa\u00e7\u00e3o (CRE) de\u00a0Itapaci, informa que est\u00e1 recebendo curr\u00edculos, para sele\u00e7\u00e3o e contrata\u00e7\u00e3o tempor\u00e1ria com natureza emergencial para atender aos interesses da Administra\u00e7\u00e3o:\u00a0<strong>01 (um) professor para ministrar\u00a0<\/strong><strong>18 (dezoito) aulas semanais de Ingl\u00eas e disciplinas afins, no(s) turno(s) matutino e vespertino no Col\u00e9gio Estadual Maria Lopes Martins<\/strong>, visando afastar eventuais preju\u00edzos educacionais e\/ou pedag\u00f3gicos aos estudantes da Rede Estadual de Educa\u00e7\u00e3o de Goi\u00e1s.<\/p>\n<p class=\"Texto_Justificado\" style=\"text-align: justify\">A presente convoca\u00e7\u00e3o justifica-se por d\u00e9ficit causado por concess\u00e3o de licen\u00e7a m\u00e9dica para tratamento de sa\u00fade a(o) professor(a) titular.<\/p>\n<p class=\"Texto_Justificado\" style=\"text-align: justify\">Os interessados devem encaminhar Curr\u00edculo ao e-mail oficial da Assessoria Financeira da Coordena\u00e7\u00e3o Regional de Educa\u00e7\u00e3o de\u00a0Itapaci\u00a0(afin.itapaci@seduc.go.gov.br), contendo os contatos telef\u00f4nicos e endere\u00e7os de e-mail para correspond\u00eancias eletr\u00f4nicas, e ainda, que no campo Assunto do e-mail, seja informada a Unidade Escolar e a disciplina da vaga pleiteada.<\/p>\n<p class=\"Texto_Justificado\" style=\"text-align: justify\">Oportunamente esclarece, que a Coordena\u00e7\u00e3o Regional de Educa\u00e7\u00e3o de\u00a0Itapaci\u00a0instituir\u00e1 comiss\u00e3o pr\u00f3pria para as an\u00e1lises curriculares, que ser\u00e1 composta por membros da CRE, objetivando assim, a ado\u00e7\u00e3o de medidas e provid\u00eancias pertinentes ao suprimento de todos os d\u00e9ficits de professores existentes na Rede Estadual de Educa\u00e7\u00e3o de Goi\u00e1s, que garantam os servi\u00e7os prestados \u00e0 comunidade goiana.<\/p>\n<p style=\"text-align: center\">SEDUC\/GO<\/p>\n<hr \/>\n<h2 style=\"text-align: center\"><strong>COMUNICADO<\/strong><\/h2>\n<p style=\"text-align: center\"><strong>PARA CONTRATA\u00c7\u00c3O TEMPOR\u00c1RIA<\/strong><\/p>\n<pre style=\"text-align: center\">Publica\u00e7\u00e3o: 13\/09\/2024\nEncerramento: 17\/09\/2024 \u00e0s 18h<\/pre>\n<h4 style=\"text-align: center\"><strong><span style=\"color: #ff0000\">ENCERRADO<\/span><\/strong><\/h4>\n<p class=\"Texto_Justificado\" style=\"text-align: justify\">O Governo do Estado de Goi\u00e1s, atrav\u00e9s da Secretaria de Estado da Educa\u00e7\u00e3o, diante da inexist\u00eancia de Processo Seletivo Simplificado vigente no \u00e2mbito desta Pasta e considerando a exist\u00eancia de d\u00e9ficits de professores nas unidades escolares pertencentes ao munic\u00edpio de Crix\u00e1s, jurisdicionado \u00e0 Coordena\u00e7\u00e3o Regional de Educa\u00e7\u00e3o (CRE) de\u00a0Itapaci, informa que est\u00e1 recebendo curr\u00edculos, para sele\u00e7\u00e3o e contrata\u00e7\u00e3o tempor\u00e1ria com natureza emergencial para atender aos interesses da Administra\u00e7\u00e3o:\u00a0<strong>01 (um) professor para ministrar 32 (trinta e duas) aulas semanais de hist\u00f3ria e disciplinas afins,<\/strong><strong>\u00a0no(s) turno(s) matutino e vespertino no Centro de Ensino em Per\u00edodo Jo\u00e3o Xavier Ferreira<\/strong><strong>,<\/strong>\u00a0visando afastar eventuais preju\u00edzos educacionais e\/ou pedag\u00f3gicos aos estudantes da Rede Estadual de Educa\u00e7\u00e3o de Goi\u00e1s.<\/p>\n<p class=\"Texto_Justificado\" style=\"text-align: justify\">A presente convoca\u00e7\u00e3o justifica-se por d\u00e9ficit causado por concess\u00e3o de aposentadoria a(o) professor(a) titular.<\/p>\n<p class=\"Texto_Justificado\" style=\"text-align: justify\">Os interessados devem encaminhar Curr\u00edculo ao e-mail oficial da Assessoria Financeira da Coordena\u00e7\u00e3o Regional de Educa\u00e7\u00e3o de\u00a0Itapaci\u00a0(afin.itapaci@seduc.go.gov.br), contendo os contatos telef\u00f4nicos e endere\u00e7os de e-mail para correspond\u00eancias eletr\u00f4nicas, e ainda, que no campo Assunto do e-mail, seja informada a Unidade Escolar e a disciplina da vaga pleiteada.<\/p>\n<p class=\"Texto_Justificado_Esp15\" style=\"text-align: justify\">Oportunamente esclarece, que a Coordena\u00e7\u00e3o Regional de Educa\u00e7\u00e3o de\u00a0Itapaci\u00a0instituir\u00e1 comiss\u00e3o pr\u00f3pria para as an\u00e1lises curriculares, que ser\u00e1 composta por membros da CRE, objetivando assim, a ado\u00e7\u00e3o de medidas e provid\u00eancias pertinentes ao suprimento de todos os d\u00e9ficits de professores existentes na Rede Estadual de Educa\u00e7\u00e3o de Goi\u00e1s, que garantam os servi\u00e7os prestados \u00e0 comunidade goiana.<\/p>\n<p style=\"text-align: center\">SEDUC\/GO<\/p>\n<hr \/>\n<h2 style=\"text-align: center\"><strong>COMUNICADO<\/strong><\/h2>\n<p style=\"text-align: center\"><strong>PARA CONTRATA\u00c7\u00c3O TEMPOR\u00c1RIA<\/strong><\/p>\n<pre style=\"text-align: center\">Publica\u00e7\u00e3o: 03\/09\/2024\nEncerramento: 05\/09\/2024 \u00e0s 18h<\/pre>\n<h4 style=\"text-align: center\"><strong><span style=\"color: #ff0000\">ENCERRADO<\/span><\/strong><\/h4>\n<p class=\"Texto_Justificado\" style=\"text-align: justify\">O Governo do Estado de Goi\u00e1s, atrav\u00e9s da Secretaria de Estado da Educa\u00e7\u00e3o, diante da inexist\u00eancia de Processo Seletivo Simplificado vigente no \u00e2mbito desta Pasta e considerando a exist\u00eancia de d\u00e9ficits de professores nas unidades escolares pertencentes ao munic\u00edpio de Santa Terezinha de Goi\u00e1s, jurisdicionado \u00e0 Coordena\u00e7\u00e3o Regional de Educa\u00e7\u00e3o (CRE) de Itapaci, informa que est\u00e1 recebendo curr\u00edculos para sele\u00e7\u00e3o e contrata\u00e7\u00e3o tempor\u00e1ria com natureza emergencial para atender aos interesses da Administra\u00e7\u00e3o de 01 (um) professor de Ci\u00eancias Humanas e Sociais Aplicadas para ministrar 32 (trinta e duas) aulas semanais nos turnos matutino e noturno do Col\u00e9gio Estadual Maria Lopes Martins, visando afastar eventuais preju\u00edzos educacionais e\/ou pedag\u00f3gicos aos estudantes da Rede Estadual de Educa\u00e7\u00e3o de Goi\u00e1s.<\/p>\n<p class=\"Texto_Justificado\" style=\"text-align: justify\">A presente convoca\u00e7\u00e3o justifica-se por d\u00e9ficit causado por concess\u00e3o de licen\u00e7a pr\u00eamio a(o) professor(a) titular, conforme disciplina o art. 208, da Lei n.\u00ba 13.909, de 25 de setembro de 2001.<\/p>\n<p class=\"Texto_Justificado\" style=\"text-align: justify\">Os interessados devem encaminhar Curr\u00edculo ao e-mail oficial da Assessoria Financeira da Coordena\u00e7\u00e3o Regional de Educa\u00e7\u00e3o de Itapaci (afin.itapaci@seduc.go.gov.br), contendo os contatos telef\u00f4nicos e endere\u00e7os de e-mail para correspond\u00eancias eletr\u00f4nicas, e ainda, que no campo Assunto do e-mail, seja informada a Unidade Escolar e a disciplina da vaga pleiteada.<\/p>\n<p class=\"Texto_Justificado\" style=\"text-align: justify\">Oportunamente esclarece, que a Coordena\u00e7\u00e3o Regional de Educa\u00e7\u00e3o de Itapaci instituir\u00e1 comiss\u00e3o pr\u00f3pria para as an\u00e1lises curriculares, que ser\u00e1 composta por membros da CRE, objetivando assim, a ado\u00e7\u00e3o de medidas e provid\u00eancias pertinentes ao suprimento de todos os d\u00e9ficits de professores existentes na Rede Estadual de Educa\u00e7\u00e3o de Goi\u00e1s, que garantam os servi\u00e7os prestados \u00e0 comunidade goiana.<\/p>\n<p style=\"text-align: center\">SEDUC\/GO<\/p>\n<hr \/>\n<h3 style=\"text-align: center\"><strong>COMUNICADO<\/strong><\/h3>\n<p style=\"text-align: center\"><strong>PARA CONTRATA\u00c7\u00c3O TEMPOR\u00c1RIA<\/strong><\/p>\n<pre style=\"text-align: center\">Publica\u00e7\u00e3o: 02\/09\/2024\nEncerramento: 04\/09\/2024 \u00e0s 18h<\/pre>\n<h4 style=\"text-align: center\"><strong><span style=\"color: #ff0000\">ENCERRADO<\/span><\/strong><\/h4>\n<p class=\"Texto_Justificado\" style=\"text-align: justify\">O Governo do Estado de Goi\u00e1s, atrav\u00e9s da Secretaria de Estado da Educa\u00e7\u00e3o, diante da inexist\u00eancia de Processo Seletivo Simplificado vigente no \u00e2mbito desta Pasta e considerando a exist\u00eancia de d\u00e9ficits de professores nas unidades escolares pertencentes ao munic\u00edpio de Pilar de Goi\u00e1s, jurisdicionado \u00e0 Coordena\u00e7\u00e3o Regional de Educa\u00e7\u00e3o (CRE) de Itapaci, informa que est\u00e1 recebendo curr\u00edculos, para sele\u00e7\u00e3o e contrata\u00e7\u00e3o tempor\u00e1ria com natureza emergencial para atender aos interesses da Administra\u00e7\u00e3o:\u00a001 (um) professor de Matem\u00e1tica para ministrar 16 (dezesseis) aulas semanais no(s) turno(s) vespertino no Col\u00e9gio Estadual Quilombola Pilar de Goi\u00e1s, visando afastar eventuais preju\u00edzos educacionais e\/ou pedag\u00f3gicos aos estudantes da Rede Estadual de Educa\u00e7\u00e3o de Goi\u00e1s.<\/p>\n<p class=\"Texto_Justificado\" style=\"text-align: justify\">A presente convoca\u00e7\u00e3o justifica-se por d\u00e9ficit causado por concess\u00e3o de aposentadoria a(o) professor(a) titular.<\/p>\n<p class=\"Texto_Justificado\" style=\"text-align: justify\">Os interessados devem encaminhar Curr\u00edculo ao e-mail oficial da Assessoria Financeira da Coordena\u00e7\u00e3o Regional de Educa\u00e7\u00e3o de Itapaci (afin.itapaci@seduc.go.gov.br), contendo os contatos telef\u00f4nicos e endere\u00e7os de e-mail para correspond\u00eancias eletr\u00f4nicas, e ainda, que no campo Assunto do e-mail, seja informada a Unidade Escolar e a disciplina da vaga pleiteada.<\/p>\n<p class=\"Texto_Justificado_Esp15\" style=\"text-align: justify\">Oportunamente esclarece, que a Coordena\u00e7\u00e3o Regional de Educa\u00e7\u00e3o de Itapaci instituir\u00e1 comiss\u00e3o pr\u00f3pria para as an\u00e1lises curriculares, que ser\u00e1 composta por membros da CRE, objetivando assim, a ado\u00e7\u00e3o de medidas e provid\u00eancias pertinentes ao suprimento de todos os d\u00e9ficits de professores existentes na Rede Estadual de Educa\u00e7\u00e3o de Goi\u00e1s, que garantam os servi\u00e7os prestados \u00e0 comunidade goiana.<\/p>\n<p style=\"text-align: center\">SEDUC\/GO<\/p>\n<hr \/>\n<h3 style=\"text-align: center\"><strong>COMUNICADO<\/strong><\/h3>\n<p style=\"text-align: center\"><strong>PARA CONTRATA\u00c7\u00c3O TEMPOR\u00c1RIA<\/strong><\/p>\n<pre style=\"text-align: center\">Publica\u00e7\u00e3o: 02\/09\/2024\nEncerramento: 04\/09\/2024 \u00e0s 18h<\/pre>\n<h4 style=\"text-align: center\"><strong><span style=\"color: #ff0000\">ENCERRADO<\/span><\/strong><\/h4>\n<p class=\"Texto_Justificado\" style=\"text-align: justify\">O Governo do Estado de Goi\u00e1s, atrav\u00e9s da Secretaria de Estado da Educa\u00e7\u00e3o, diante da inexist\u00eancia de Processo Seletivo Simplificado vigente no \u00e2mbito desta Pasta e considerando a exist\u00eancia de d\u00e9ficits de professores nas unidades escolares pertencentes ao munic\u00edpio de\u00a0Itapaci, jurisdicionado \u00e0 Coordena\u00e7\u00e3o Regional de Educa\u00e7\u00e3o (CRE) de Itapaci, informa que est\u00e1 recebendo curr\u00edculos, para sele\u00e7\u00e3o e contrata\u00e7\u00e3o tempor\u00e1ria com natureza emergencial para atender aos interesses da Administra\u00e7\u00e3o:\u00a001 (um) professor de F\u00edsica, para ministrar 30 (tirinta) aulas no(s) turno(s) matutino, vespertino e noturno na ESCOLA ESTADUAL LUIZ ALVES MACHADO, visando afastar eventuais preju\u00edzos educacionais e\/ou pedag\u00f3gicos aos estudantes da Rede Estadual de Educa\u00e7\u00e3o de Goi\u00e1s.<\/p>\n<p class=\"Texto_Justificado\" style=\"text-align: justify\">A presente convoca\u00e7\u00e3o justifica-se por d\u00e9ficit causado por rescis\u00e3o a pedido\u00a0 da(o) professor(a) titular.<\/p>\n<p class=\"Texto_Justificado\" style=\"text-align: justify\">Os interessados devem encaminhar Curr\u00edculo ao e-mail oficial da Assessoria Financeira da Coordena\u00e7\u00e3o Regional de Itapaci\u00a0(afin.itapaci@seduc.go.gov.br), contendo os contatos telef\u00f4nicos e endere\u00e7os de e-mail para correspond\u00eancias eletr\u00f4nicas, e ainda, que no campo Assunto do e-mail, seja informada a Unidade Escolar e a disciplina da vaga pleiteada.<\/p>\n<p class=\"Texto_Justificado_Esp15\" style=\"text-align: justify\">Oportunamente esclarece, que a Coordena\u00e7\u00e3o Regional de Educa\u00e7\u00e3o de Itapaci\u00a0instituir\u00e1 comiss\u00e3o pr\u00f3pria para as an\u00e1lises curriculares, que ser\u00e1 composta por membros da CRE, objetivando assim, a ado\u00e7\u00e3o de medidas e provid\u00eancias pertinentes ao suprimento de todos os d\u00e9ficits de professores existentes na Rede Estadual de Educa\u00e7\u00e3o de Goi\u00e1s, que garantam os servi\u00e7os prestados \u00e0 comunidade goiana.<\/p>\n<p style=\"text-align: center\">SEDUC\/GO<\/p>\n<hr \/>\n<h3 style=\"text-align: center\"><strong>COMUNICADO<\/strong><\/h3>\n<p style=\"text-align: center\"><strong>PARA CONTRATA\u00c7\u00c3O TEMPOR\u00c1RIA<\/strong><\/p>\n<pre style=\"text-align: center\">Publica\u00e7\u00e3o: 02\/09\/2024\nEncerramento: 04\/09\/2024 \u00e0s 18h<\/pre>\n<h4 style=\"text-align: center\"><strong><span style=\"color: #ff0000\">ENCERRADO<\/span><\/strong><\/h4>\n<p class=\"Texto_Justificado\" style=\"text-align: justify\">O Governo do Estado de Goi\u00e1s, atrav\u00e9s da Secretaria de Estado da Educa\u00e7\u00e3o, diante da inexist\u00eancia de Processo Seletivo Simplificado vigente no \u00e2mbito desta Pasta e considerando a exist\u00eancia de d\u00e9ficits de professores nas unidades escolares pertencentes ao munic\u00edpio de\u00a0Uirapuru, jurisdicionado \u00e0 Coordena\u00e7\u00e3o Regional de Educa\u00e7\u00e3o (CRE) de Itapaci, informa que est\u00e1 recebendo curr\u00edculos, para sele\u00e7\u00e3o e contrata\u00e7\u00e3o tempor\u00e1ria com natureza emergencial para atender aos interesses da Administra\u00e7\u00e3o:\u00a0<strong>01 (um) professor para ministrar\u00a025 (vinte e cinco) aulas, de L\u00edngua Portuguesa e L\u00edngua Inglesa, no(s) turno(s) matutino no\u00a0COL\u00c9GIO ESTADUAL DE EDUCA\u00c7\u00c3O DO CAMPO ANT\u00d4NIO PEREIRA MAIA<\/strong>,\u00a0a partir de 03\/09\/2024, visando afastar eventuais preju\u00edzos educacionais e\/ou pedag\u00f3gicos aos estudantes da Rede Estadual de Educa\u00e7\u00e3o de Goi\u00e1s.<\/p>\n<p class=\"Texto_Justificado\" style=\"text-align: justify\">A presente convoca\u00e7\u00e3o justifica-se por d\u00e9ficit causado por rescis\u00e3o a pedido\u00a0 da(o) professor(a) titular.<\/p>\n<p class=\"Texto_Justificado\" style=\"text-align: justify\">Os interessados devem encaminhar Curr\u00edculo ao e-mail oficial da Assessoria Financeira da Coordena\u00e7\u00e3o Regional de Itapaci (afin.itapaci@seduc.go.gov.br), contendo os contatos telef\u00f4nicos e endere\u00e7os de e-mail para correspond\u00eancias eletr\u00f4nicas, e ainda, que no campo Assunto do e-mail, seja informada a Unidade Escolar e a disciplina da vaga pleiteada.<\/p>\n<p class=\"Texto_Justificado_Esp15\" style=\"text-align: justify\">Oportunamente esclarece, que a Coordena\u00e7\u00e3o Regional de Educa\u00e7\u00e3o de\u00a0Itapaci\u00a0instituir\u00e1 comiss\u00e3o pr\u00f3pria para as an\u00e1lises curriculares, que ser\u00e1 composta por membros da CRE, objetivando assim, a ado\u00e7\u00e3o de medidas e provid\u00eancias pertinentes ao suprimento de todos os d\u00e9ficits de professores existentes na Rede Estadual de Educa\u00e7\u00e3o de Goi\u00e1s, que garantam os servi\u00e7os prestados \u00e0 comunidade goiana.<\/p>\n<p style=\"text-align: center\">SEDUC\/GO<\/p>\n<hr \/>\n<h3 style=\"text-align: center\"><strong>COMUNICADO<\/strong><\/h3>\n<p style=\"text-align: center\"><strong>PARA CONTRATA\u00c7\u00c3O TEMPOR\u00c1RIA<\/strong><\/p>\n<pre style=\"text-align: center\">Publica\u00e7\u00e3o: 29\/08\/2024\nEncerramento: 02\/09\/2024 \u00e0s 18h<\/pre>\n<h4 style=\"text-align: center\"><strong><span style=\"color: #ff0000\">ENCERRADO<\/span><\/strong><\/h4>\n<p class=\"Texto_Justificado\" style=\"text-align: justify\">O Governo do Estado de Goi\u00e1s, atrav\u00e9s da Secretaria de Estado da Educa\u00e7\u00e3o, diante da inexist\u00eancia de Processo Seletivo Simplificado vigente no \u00e2mbito desta Pasta e considerando a exist\u00eancia de d\u00e9ficits de professores nas unidades escolares pertencentes ao\u00a0<strong>munic\u00edpio de Santa Terezinha de Goi\u00e1s<\/strong>, jurisdicionado \u00e0 Coordena\u00e7\u00e3o Regional de Educa\u00e7\u00e3o (CRE) de\u00a0Itapaci, informa que est\u00e1 recebendo curr\u00edculos, para sele\u00e7\u00e3o e contrata\u00e7\u00e3o tempor\u00e1ria com natureza emergencial para atender aos interesses da Administra\u00e7\u00e3o:\u00a0<strong>01 (um) professor para ministrar\u00a0<\/strong><strong>18 (dezoito) aulas semanais de Ingl\u00eas e disciplinas afins, no(s) turno(s) matutino e vespertino no Col\u00e9gio Estadual Maria Lopes Martins<\/strong>, visando afastar eventuais preju\u00edzos educacionais e\/ou pedag\u00f3gicos aos estudantes da Rede Estadual de Educa\u00e7\u00e3o de Goi\u00e1s.<\/p>\n<p class=\"Texto_Justificado\" style=\"text-align: justify\">A presente convoca\u00e7\u00e3o justifica-se por d\u00e9ficit causado por concess\u00e3o de licen\u00e7a m\u00e9dica para tratamento de sa\u00fade a(o) professor(a) titular.<\/p>\n<p class=\"Texto_Justificado\" style=\"text-align: justify\">Os interessados devem encaminhar Curr\u00edculo ao e-mail oficial da Assessoria Financeira da Coordena\u00e7\u00e3o Regional de Educa\u00e7\u00e3o de\u00a0Itapaci\u00a0(afin.itapaci@seduc.go.gov.br), contendo os contatos telef\u00f4nicos e endere\u00e7os de e-mail para correspond\u00eancias eletr\u00f4nicas, e ainda, que no campo Assunto do e-mail, seja informada a Unidade Escolar e a disciplina da vaga pleiteada.<\/p>\n<p class=\"Texto_Justificado\" style=\"text-align: justify\">Oportunamente esclarece, que a Coordena\u00e7\u00e3o Regional de Educa\u00e7\u00e3o de\u00a0Itapaci\u00a0instituir\u00e1 comiss\u00e3o pr\u00f3pria para as an\u00e1lises curriculares, que ser\u00e1 composta por membros da CRE, objetivando assim, a ado\u00e7\u00e3o de medidas e provid\u00eancias pertinentes ao suprimento de todos os d\u00e9ficits de professores existentes na Rede Estadual de Educa\u00e7\u00e3o de Goi\u00e1s, que garantam os servi\u00e7os prestados \u00e0 comunidade goiana.<\/p>\n<p style=\"text-align: center\">SEDUC\/GO<\/p>\n<hr \/>\n<h3 style=\"text-align: center\"><strong>COMUNICADO<\/strong><\/h3>\n<p style=\"text-align: center\"><strong>PARA CONTRATA\u00c7\u00c3O TEMPOR\u00c1RIA<\/strong><\/p>\n<pre style=\"text-align: center\">Publica\u00e7\u00e3o: 05\/08\/2024\nEncerramento: 07\/08\/2024 \u00e0s 18h<\/pre>\n<h4 style=\"text-align: center\"><strong><span style=\"color: #ff0000\">ENCERRADO<\/span><\/strong><\/h4>\n<p class=\"Texto_Justificado\" style=\"text-align: justify\">O Governo do Estado de Goi\u00e1s, atrav\u00e9s da Secretaria de Estado da Educa\u00e7\u00e3o, diante da inexist\u00eancia de Processo Seletivo Simplificado vigente no \u00e2mbito desta Pasta e considerando a exist\u00eancia de d\u00e9ficits de professores nas unidades escolares pertencentes ao<strong> munic\u00edpio de Crix\u00e1s<\/strong>, jurisdicionado \u00e0 Coordena\u00e7\u00e3o Regional de Educa\u00e7\u00e3o (CRE) de Itapaci, informa que est\u00e1 recebendo curr\u00edculos para sele\u00e7\u00e3o e contrata\u00e7\u00e3o tempor\u00e1ria com natureza emergencial para atender aos interesses da Administra\u00e7\u00e3o de um professor para ministrar\u00a0<strong>32 (trinta e duas) aulas semanais de Matem\u00e1tica e disciplinas afins, nos turnos matutino e vespertino do Col\u00e9gio Estadual Manoel Lino de Carvalho, no per\u00edodo de 07\/08\/2024 a 03\/05\/2025<\/strong>, visando afastar eventuais preju\u00edzos educacionais e\/ou pedag\u00f3gicos aos estudantes da Rede Estadual de Educa\u00e7\u00e3o de Goi\u00e1s.<\/p>\n<p class=\"Texto_Justificado\" style=\"text-align: justify\">A presente convoca\u00e7\u00e3o justifica-se por d\u00e9ficit causado por concess\u00e3o de licen\u00e7a pr\u00eamio a(o) professor(a) titular, conforme disciplina o art. 208, da Lei n.\u00ba 13.909, de 25 de setembro de 2001.<\/p>\n<p class=\"Texto_Justificado\" style=\"text-align: justify\">Os interessados devem encaminhar Curr\u00edculo ao e-mail oficial da Assessoria Financeira da Coordena\u00e7\u00e3o Regional de Educa\u00e7\u00e3o de Itapaci (afin.itapaci@seduc.go.gov.br), contendo os contatos telef\u00f4nicos e endere\u00e7os de e-mail para correspond\u00eancias eletr\u00f4nicas, e ainda, que no campo Assunto do e-mail, seja informada a Unidade Escolar e a disciplina da vaga pleiteada.<\/p>\n<p class=\"Texto_Justificado\" style=\"text-align: justify\">Oportunamente esclarece, que a Coordena\u00e7\u00e3o Regional de Educa\u00e7\u00e3o de Itapaci instituir\u00e1 comiss\u00e3o pr\u00f3pria para as an\u00e1lises curriculares, que ser\u00e1 composta por membros da CRE, objetivando assim, a ado\u00e7\u00e3o de medidas e provid\u00eancias pertinentes ao suprimento de todos os d\u00e9ficits de professores existentes na Rede Estadual de Educa\u00e7\u00e3o de Goi\u00e1s, que garantam os servi\u00e7os prestados \u00e0 comunidade goiana.<\/p>\n<p style=\"text-align: center\">SEDUC\/GO<\/p>\n<hr \/>\n<h3 style=\"text-align: center\"><strong>COMUNICADO<\/strong><\/h3>\n<p style=\"text-align: center\"><strong>PARA CONTRATA\u00c7\u00c3O TEMPOR\u00c1RIA<\/strong><\/p>\n<pre style=\"text-align: center\">Publica\u00e7\u00e3o: 02\/08\/2024\nEncerramento: 06\/08\/2024 \u00e0s 18h<\/pre>\n<h4 style=\"text-align: center\"><strong><span style=\"color: #ff0000\">ENCERRADO<\/span><\/strong><\/h4>\n<p class=\"Texto_Justificado\" style=\"text-align: justify\">O Governo do Estado de Goi\u00e1s, atrav\u00e9s da Secretaria de Estado da Educa\u00e7\u00e3o, diante da inexist\u00eancia de Processo Seletivo Simplificado vigente no \u00e2mbito desta Pasta e considerando a exist\u00eancia de d\u00e9ficits de professores nas unidades escolares pertencentes ao\u00a0<strong>munic\u00edpio de\u00a0Uirapuru<\/strong>, jurisdicionado \u00e0 Coordena\u00e7\u00e3o Regional de Educa\u00e7\u00e3o (CRE) de\u00a0Itapaci, informa que est\u00e1 recebendo curr\u00edculos, para sele\u00e7\u00e3o e contrata\u00e7\u00e3o tempor\u00e1ria com natureza emergencial para atender aos interesses da Administra\u00e7\u00e3o:\u00a0<strong>01 (um) professor para ministrar<\/strong><strong> 25 (vinte e cinco) aulas de L\u00edngua Portuguesa e L\u00edngua Inglesa no(s) turno(s) matutino no Col\u00e9gio Estadual de Educa\u00e7\u00e3o de Campo Ant\u00f4nio Pereira Maia, a partir de 07\/08\/2024<\/strong>, visando afastar eventuais preju\u00edzos educacionais e\/ou pedag\u00f3gicos aos estudantes da Rede Estadual de Educa\u00e7\u00e3o de Goi\u00e1s.<\/p>\n<p class=\"Texto_Justificado\" style=\"text-align: justify\">A presente convoca\u00e7\u00e3o justifica-se por d\u00e9ficit causado por rescis\u00e3o a pedido\u00a0 da(o) professor(a) titular.<\/p>\n<p class=\"Texto_Justificado\" style=\"text-align: justify\">Os interessados devem encaminhar Curr\u00edculo ao e-mail oficial da Assessoria Financeira da Coordena\u00e7\u00e3o Regional de\u00a0Itapaci\u00a0(afin.itapaci@seduc.go.gov.br), contendo os contatos telef\u00f4nicos e endere\u00e7os de e-mail para correspond\u00eancias eletr\u00f4nicas, e ainda, que no campo Assunto do e-mail, seja informada a Unidade Escolar e a disciplina da vaga pleiteada.<\/p>\n<p class=\"Texto_Justificado_Esp15\" style=\"text-align: justify\">Oportunamente esclarece, que a Coordena\u00e7\u00e3o Regional de Educa\u00e7\u00e3o de\u00a0Itapaci\u00a0instituir\u00e1 comiss\u00e3o pr\u00f3pria para as an\u00e1lises curriculares, que ser\u00e1 composta por membros da CRE, objetivando assim, a ado\u00e7\u00e3o de medidas e provid\u00eancias pertinentes ao suprimento de todos os d\u00e9ficits de professores existentes na Rede Estadual de Educa\u00e7\u00e3o de Goi\u00e1s, que garantam os servi\u00e7os prestados \u00e0 comunidade goiana.<\/p>\n<p style=\"text-align: center\">SEDUC\/GO<\/p>\n<hr \/>\n<h3 style=\"text-align: center\"><strong>COMUNICADO<\/strong><\/h3>\n<p style=\"text-align: center\"><strong>PARA CONTRATA\u00c7\u00c3O TEMPOR\u00c1RIA<\/strong><\/p>\n<pre style=\"text-align: center\">Publica\u00e7\u00e3o: 02\/08\/2024\nEncerramento: 06\/08\/2024 \u00e0s 18h<\/pre>\n<h4 style=\"text-align: center\"><strong><span style=\"color: #ff0000\">ENCERRADO<\/span><\/strong><\/h4>\n<p class=\"Texto_Justificado\" style=\"text-align: justify\">O Governo do Estado de Goi\u00e1s, atrav\u00e9s da Secretaria de Estado da Educa\u00e7\u00e3o, diante da inexist\u00eancia de Processo Seletivo Simplificado vigente no \u00e2mbito desta Pasta e considerando a exist\u00eancia de d\u00e9ficits de professores nas unidades escolares pertencentes ao\u00a0<strong>munic\u00edpio de Crix\u00e1s<\/strong>, jurisdicionado \u00e0 Coordena\u00e7\u00e3o Regional de Educa\u00e7\u00e3o (CRE) de\u00a0Itapaci, informa que est\u00e1 recebendo curr\u00edculos para sele\u00e7\u00e3o e contrata\u00e7\u00e3o tempor\u00e1ria com natureza emergencial para atender aos interesses da Administra\u00e7\u00e3o de <strong>um professor para ministrar\u00a016 (dezesseis) aulas semanais e exercer a fun\u00e7\u00e3o 527 &#8211; Coordenador de \u00c1rea &#8211; CEPI, 20 (vinte) horas, nos turnos matutino e vespertino, do\u00a0CEPI Jo\u00e3o Xavier Ferreira,<\/strong> no per\u00edodo de\u00a007\/08\/2024 a 03\/05\/2025, visando afastar eventuais preju\u00edzos educacionais e\/ou pedag\u00f3gicos aos estudantes da Rede Estadual de Educa\u00e7\u00e3o de Goi\u00e1s.<\/p>\n<p class=\"Texto_Justificado\" style=\"text-align: justify\">A presente convoca\u00e7\u00e3o justifica-se por d\u00e9ficit causado por concess\u00e3o de licen\u00e7a pr\u00eamio a(o) professor(a) titular, conforme disciplina o art. 208, da Lei n.\u00ba 13.909, de 25 de setembro de 2001.<\/p>\n<p class=\"Texto_Justificado\" style=\"text-align: justify\">Os interessados devem encaminhar Curr\u00edculo ao e-mail oficial da Assessoria Financeira da Coordena\u00e7\u00e3o Regional de Educa\u00e7\u00e3o de\u00a0Itapaci\u00a0(afin.itapaci@seduc.go.gov.br), contendo os contatos telef\u00f4nicos e endere\u00e7os de e-mail para correspond\u00eancias eletr\u00f4nicas, e ainda, que no campo Assunto do e-mail, seja informada a Unidade Escolar e a disciplina da vaga pleiteada.<\/p>\n<p class=\"Texto_Justificado\" style=\"text-align: justify\">Oportunamente esclarece, que a Coordena\u00e7\u00e3o Regional de Educa\u00e7\u00e3o de\u00a0Itapaci\u00a0instituir\u00e1 comiss\u00e3o pr\u00f3pria para as an\u00e1lises curriculares, que ser\u00e1 composta por membros da CRE, objetivando assim, a ado\u00e7\u00e3o de medidas e provid\u00eancias pertinentes ao suprimento de todos os d\u00e9ficits de professores existentes na Rede Estadual de Educa\u00e7\u00e3o de Goi\u00e1s, que garantam os servi\u00e7os prestados \u00e0 comunidade goiana.<\/p>\n<p style=\"text-align: center\">SEDUC\/GO<\/p>\n<hr \/>\n<h3 style=\"text-align: center\"><strong>COMUNICADO<\/strong><\/h3>\n<p style=\"text-align: center\"><strong>PARA CONTRATA\u00c7\u00c3O TEMPOR\u00c1RIA<\/strong><\/p>\n<pre style=\"text-align: center\">Publica\u00e7\u00e3o: 29\/07\/2024\nEncerramento: 31\/07\/2024 \u00e0s 18h<\/pre>\n<h4 style=\"text-align: center\"><strong><span style=\"color: #ff0000\">ENCERRADO<\/span><\/strong><\/h4>\n<p class=\"Texto_Justificado\" style=\"text-align: justify\">O Governo do Estado de Goi\u00e1s, atrav\u00e9s da Secretaria de Estado da Educa\u00e7\u00e3o, diante da inexist\u00eancia de Processo Seletivo Simplificado vigente no \u00e2mbito desta Pasta e considerando a exist\u00eancia de d\u00e9ficits de professores nas unidades escolares pertencentes ao munic\u00edpio de Santa Terezinha de Goi\u00e1s, jurisdicionado \u00e0 Coordena\u00e7\u00e3o Regional de Educa\u00e7\u00e3o (CRE) de Itapaci, informa que est\u00e1 recebendo curr\u00edculos para sele\u00e7\u00e3o e contrata\u00e7\u00e3o tempor\u00e1ria com natureza emergencial para atender aos interesses da Administra\u00e7\u00e3o de um professor para para cumprir jornada de trabalho de 20 (vinte) horas no turno noturno na fun\u00e7\u00e3o de Professor de Mediador de Tecnologia e ministrar 20 (vinte) aulas semanais no(s) turno(s) matutino e noturno do <strong>COL\u00c9GIO ESTADUAL MARIA LOPES MARTINS<\/strong>, a partir de 01\/08\/2024, visando afastar eventuais preju\u00edzos educacionais e\/ou pedag\u00f3gicos aos estudantes da Rede Estadual de Educa\u00e7\u00e3o de Goi\u00e1s.<\/p>\n<p class=\"Texto_Justificado\" style=\"text-align: justify\">A presente convoca\u00e7\u00e3o justifica-se por d\u00e9ficit causado por concess\u00e3o de afastamento para exerc\u00edcio de atividade pol\u00edtica concedida a(o) professor(a) titular, conforme disciplina o art. 208, da Lei n.\u00ba 13.909, de 25 de setembro de 2001.<\/p>\n<p class=\"Texto_Justificado\" style=\"text-align: justify\">Os interessados devem encaminhar Curr\u00edculo ao e-mail oficial da Assessoria Financeira da Coordena\u00e7\u00e3o Regional de Educa\u00e7\u00e3o de Itapaci (afin.itapaci@seduc.go.gov.br), contendo os contatos telef\u00f4nicos e endere\u00e7os de e-mail para correspond\u00eancias eletr\u00f4nicas, e ainda, que no campo Assunto do e-mail, seja informada a Unidade Escolar e a disciplina da vaga pleiteada.<\/p>\n<p class=\"Texto_Justificado\" style=\"text-align: justify\">Oportunamente esclarece, que a Coordena\u00e7\u00e3o Regional de Educa\u00e7\u00e3o de Itapaci instituir\u00e1 comiss\u00e3o pr\u00f3pria para as an\u00e1lises curriculares, que ser\u00e1 composta por membros da CRE, objetivando assim, a ado\u00e7\u00e3o de medidas e provid\u00eancias pertinentes ao suprimento de todos os d\u00e9ficits de professores existentes na Rede Estadual de Educa\u00e7\u00e3o de Goi\u00e1s, que garantam os servi\u00e7os prestados \u00e0 comunidade goiana.<\/p>\n<p style=\"text-align: center\">SEDUC\/GO<\/p>\n<hr \/>\n<h3 style=\"text-align: center\"><strong>COMUNICADO<\/strong><\/h3>\n<p style=\"text-align: center\"><strong>PARA CONTRATA\u00c7\u00c3O TEMPOR\u00c1RIA<\/strong><\/p>\n<pre style=\"text-align: center\">Publica\u00e7\u00e3o: 29\/07\/2024\nEncerramento: 31\/07\/2024 \u00e0s 18h<\/pre>\n<h4 style=\"text-align: center\"><strong><span style=\"color: #ff0000\">ENCERRADO<\/span><\/strong><\/h4>\n<p class=\"Texto_Justificado\" style=\"text-align: justify\">O Governo do Estado de Goi\u00e1s, atrav\u00e9s da Secretaria de Estado da Educa\u00e7\u00e3o, diante da inexist\u00eancia de Processo Seletivo Simplificado vigente no \u00e2mbito desta Pasta e considerando a exist\u00eancia de d\u00e9ficits de professores nas unidades escolares pertencentes ao munic\u00edpio de Santa Terezinha, jurisdicionado \u00e0 Coordena\u00e7\u00e3o Regional de Educa\u00e7\u00e3o (CRE) de Itapaci, informa que est\u00e1 recebendo curr\u00edculos para sele\u00e7\u00e3o e contrata\u00e7\u00e3o tempor\u00e1ria com natureza emergencial para atender aos interesses da Administra\u00e7\u00e3o de um professor para ministrar 16 (dezesseis) aulas semanais no turno matutino na(s) disciplina(s) de <strong>Geografia e disciplinas afins<\/strong> <strong>no COL\u00c9GIO ESTADUAL Maria Lopes Martins<\/strong>, a partir de 01\/08\/2024, visando afastar eventuais preju\u00edzos educacionais e\/ou pedag\u00f3gicos aos estudantes da Rede Estadual de Educa\u00e7\u00e3o de Goi\u00e1s.<\/p>\n<p class=\"Texto_Justificado\" style=\"text-align: justify\">A presente convoca\u00e7\u00e3o justifica-se por d\u00e9ficit causado por concess\u00e3o de afastamento para exerc\u00edcio de atividade pol\u00edtica concedida a(o) professor(a) titular, conforme disciplina o art. 208, da Lei n.\u00ba 13.909, de 25 de setembro de 2001.<\/p>\n<p class=\"Texto_Justificado\" style=\"text-align: justify\">Os interessados devem encaminhar Curr\u00edculo ao e-mail oficial da Assessoria Financeira da Coordena\u00e7\u00e3o Regional de Educa\u00e7\u00e3o de Itapaci (afin.itapaci@seduc.go.gov.br), contendo os contatos telef\u00f4nicos e endere\u00e7os de e-mail para correspond\u00eancias eletr\u00f4nicas, e ainda, que no campo Assunto do e-mail, seja informada a Unidade Escolar e a disciplina da vaga pleiteada.<\/p>\n<p class=\"Texto_Justificado\" style=\"text-align: justify\">Oportunamente esclarece, que a Coordena\u00e7\u00e3o Regional de Educa\u00e7\u00e3o de Itapaci instituir\u00e1 comiss\u00e3o pr\u00f3pria para as an\u00e1lises curriculares, que ser\u00e1 composta por membros da CRE, objetivando assim, a ado\u00e7\u00e3o de medidas e provid\u00eancias pertinentes ao suprimento de todos os d\u00e9ficits de professores existentes na Rede Estadual de Educa\u00e7\u00e3o de Goi\u00e1s, que garantam os servi\u00e7os prestados \u00e0 comunidade goiana.<\/p>\n<p style=\"text-align: center\">SEDUC\/GO<\/p>\n<hr \/>\n<h3 style=\"text-align: center\"><strong>COMUNICADO<\/strong><\/h3>\n<p style=\"text-align: center\"><strong>PARA CONTRATA\u00c7\u00c3O TEMPOR\u00c1RIA<\/strong><\/p>\n<pre style=\"text-align: center\">Publica\u00e7\u00e3o: 29\/07\/2024\nEncerramento: 31\/07\/2024 \u00e0s 18h<\/pre>\n<h4 style=\"text-align: center\"><strong><span style=\"color: #ff0000\">ENCERRADO<\/span><\/strong><\/h4>\n<p class=\"Texto_Justificado\" style=\"text-align: justify\">O Governo do Estado de Goi\u00e1s, atrav\u00e9s da Secretaria de Estado da Educa\u00e7\u00e3o, diante da inexist\u00eancia de Processo Seletivo Simplificado vigente no \u00e2mbito desta Pasta e considerando a exist\u00eancia de d\u00e9ficits de professores nas unidades escolares pertencentes ao munic\u00edpio de Crix\u00e1s, jurisdicionado \u00e0 Coordena\u00e7\u00e3o Regional de Educa\u00e7\u00e3o (CRE) de Itapaci, informa que est\u00e1 recebendo curr\u00edculos para sele\u00e7\u00e3o e contrata\u00e7\u00e3o tempor\u00e1ria com natureza emergencial para atender aos interesses da Administra\u00e7\u00e3o, para ministrar 32 (trinta e duas) aulas semanais nos turnos matutino e vespertino, de <strong>Matem\u00e1tica e disciplinas afins<\/strong>\u00a0<strong>no CEPI JO\u00c3O XAVIER FERREIRA<\/strong>, a partir de 01\/08\/2024, visando afastar eventuais preju\u00edzos educacionais e\/ou pedag\u00f3gicos aos estudantes da Rede Estadual de Educa\u00e7\u00e3o de Goi\u00e1s.<\/p>\n<p class=\"Texto_Justificado\" style=\"text-align: justify\">A presente convoca\u00e7\u00e3o justifica-se por d\u00e9ficit causado por concess\u00e3o de licen\u00e7a para atividade pol\u00edtica concedida a(o) professor(a) titular, conforme disciplina o art. 208, da Lei n.\u00ba 13.909, de 25 de setembro de 2001.<\/p>\n<p class=\"Texto_Justificado\" style=\"text-align: justify\">Os interessados devem encaminhar Curr\u00edculo ao e-mail oficial da Assessoria Financeira da Coordena\u00e7\u00e3o Regional de Educa\u00e7\u00e3o de Itapaci,\u00a0(afin.itapaci@seduc.go.gov.br), contendo os contatos telef\u00f4nicos e endere\u00e7os de e-mail para correspond\u00eancias eletr\u00f4nicas, e ainda, que no campo Assunto do e-mail, seja informada a Unidade Escolar e a disciplina da vaga pleiteada.<\/p>\n<p class=\"Texto_Justificado\" style=\"text-align: justify\">Oportunamente esclarece, que a Coordena\u00e7\u00e3o Regional de Educa\u00e7\u00e3o de Itapaci,\u00a0instituir\u00e1 comiss\u00e3o pr\u00f3pria para as an\u00e1lises curriculares, que ser\u00e1 composta por membros da CRE, objetivando assim, a ado\u00e7\u00e3o de medidas e provid\u00eancias pertinentes ao suprimento de todos os d\u00e9ficits de professores existentes na Rede Estadual de Educa\u00e7\u00e3o de Goi\u00e1s, que garantam os servi\u00e7os prestados \u00e0 comunidade goiana.<\/p>\n<p style=\"text-align: center\">SEDUC\/GO<\/p>\n<hr \/>\n<h3 style=\"text-align: center\"><strong>COMUNICADO<\/strong><\/h3>\n<p style=\"text-align: center\"><strong>PARA CONTRATA\u00c7\u00c3O TEMPOR\u00c1RIA<\/strong><\/p>\n<pre style=\"text-align: center\">Publica\u00e7\u00e3o: 29\/07\/2024\nEncerramento: 31\/07\/2024 \u00e0s 18h<\/pre>\n<h4 style=\"text-align: center\"><strong><span style=\"color: #ff0000\">ENCERRADO<\/span><\/strong><\/h4>\n<p class=\"Texto_Justificado\" style=\"text-align: justify\">O Governo do Estado de Goi\u00e1s, atrav\u00e9s da Secretaria de Estado da Educa\u00e7\u00e3o, diante da inexist\u00eancia de Processo Seletivo Simplificado vigente no \u00e2mbito desta Pasta e considerando a exist\u00eancia de d\u00e9ficits de professores nas unidades escolares pertencentes ao munic\u00edpio de Santa Terezinha, jurisdicionado \u00e0 Coordena\u00e7\u00e3o Regional de Educa\u00e7\u00e3o (CRE) de Itapaci, informa que est\u00e1 recebendo curr\u00edculos para sele\u00e7\u00e3o e contrata\u00e7\u00e3o tempor\u00e1ria com natureza emergencial para atender aos interesses da Administra\u00e7\u00e3o de um professor para ministrar 32 (trinta e duas) aulas semanais no turno matutino na(s) disciplina(s) de\u00a0<strong>Biologia e disciplinas afins<\/strong>\u00a0<strong>no COL\u00c9GIO ESTADUAL MARIA LOPES MARTINS<\/strong>, a partir de 01\/08\/2024, visando afastar eventuais preju\u00edzos educacionais e\/ou pedag\u00f3gicos aos estudantes da Rede Estadual de Educa\u00e7\u00e3o de Goi\u00e1s.<\/p>\n<p class=\"Texto_Justificado\" style=\"text-align: justify\">A presente convoca\u00e7\u00e3o justifica-se por d\u00e9ficit causado por concess\u00e3o de afastamento para exerc\u00edcio de atividade pol\u00edtica concedida a(o) professor(a) titular, conforme disciplina o art. 208, da Lei n.\u00ba 13.909, de 25 de setembro de 2001.<\/p>\n<p class=\"Texto_Justificado\" style=\"text-align: justify\">Os interessados devem encaminhar Curr\u00edculo ao e-mail oficial da Assessoria Financeira da Coordena\u00e7\u00e3o Regional de Educa\u00e7\u00e3o de Itapaci (afin.itapaci@seduc.go.gov.br), contendo os contatos telef\u00f4nicos e endere\u00e7os de e-mail para correspond\u00eancias eletr\u00f4nicas, e ainda, que no campo Assunto do e-mail, seja informada a Unidade Escolar e a disciplina da vaga pleiteada.<\/p>\n<p class=\"Texto_Justificado\" style=\"text-align: justify\">Oportunamente esclarece, que a Coordena\u00e7\u00e3o Regional de Educa\u00e7\u00e3o de Itapaci instituir\u00e1 comiss\u00e3o pr\u00f3pria para as an\u00e1lises curriculares, que ser\u00e1 composta por membros da CRE, objetivando assim, a ado\u00e7\u00e3o de medidas e provid\u00eancias pertinentes ao suprimento de todos os d\u00e9ficits de professores existentes na Rede Estadual de Educa\u00e7\u00e3o de Goi\u00e1s, que garantam os servi\u00e7os prestados \u00e0 comunidade goiana.<\/p>\n<p style=\"text-align: center\">SEDUC\/GO<\/p>\n<hr \/>\n<h3 style=\"text-align: center\"><strong>COMUNICADO<\/strong><\/h3>\n<p style=\"text-align: center\"><strong>PARA CONTRATA\u00c7\u00c3O TEMPOR\u00c1RIA<\/strong><\/p>\n<pre style=\"text-align: center\">Publica\u00e7\u00e3o: 03\/06\/2024\nEncerramento: 05\/06\/2024 \u00e0s 18h<\/pre>\n<h4 style=\"text-align: center\"><strong><span style=\"color: #ff0000\">ENCERRADO<\/span><\/strong><\/h4>\n<p style=\"text-align: justify\">O Governo do Estado de Goi\u00e1s, atrav\u00e9s da Secretaria de Estado da Educa\u00e7\u00e3o, diante da inexist\u00eancia de Processo Seletivo Simplificado vigente no \u00e2mbito desta Pasta e considerando a exist\u00eancia de d\u00e9ficits de professores nas unidades escolares pertencentes ao munic\u00edpio de <strong>Santa Terezinha<\/strong>, jurisdicionado \u00e0 Coordena\u00e7\u00e3o Regional de Educa\u00e7\u00e3o (CRE) de <strong>Itapaci<\/strong>, informa que est\u00e1 recebendo curr\u00edculos para sele\u00e7\u00e3o e contrata\u00e7\u00e3o tempor\u00e1ria com natureza emergencial para atender aos interesses da Administra\u00e7\u00e3o, para ministrar 25 (vinte e cinco) aulas de <strong>L\u00edngua Inglesa e afins <\/strong>com nos <strong>turnos Matutino e Vespertino, <\/strong>no(a) <strong>Col\u00e9gio Estadual Maria Lopes Martins<\/strong>, visando afastar eventuais preju\u00edzos educacionais e\/ou pedag\u00f3gicos aos estudantes da Rede Estadual de Educa\u00e7\u00e3o de Goi\u00e1s.<\/p>\n<p style=\"text-align: justify\">A presente convoca\u00e7\u00e3o justifica-se por d\u00e9ficit causado por afastamento em decorr\u00eancia de concess\u00e3o de <strong>Licen\u00e7a M\u00e9dica<\/strong> ao professor titular, conforme disciplina o art. 208, da Lei n.\u00ba 13.909, de 25 de setembro de 2001.<\/p>\n<p style=\"text-align: justify\">Os interessados devem encaminhar Curr\u00edculo ao e-mail oficial da Coordena\u00e7\u00e3o Regional de Educa\u00e7\u00e3o de <strong>Itapaci &#8211; regional.itapaci@seduc.go.gov.br<\/strong>, contendo os <strong>contatos telef\u00f4nicos, CPF e endere\u00e7os de e-mail para correspond\u00eancias eletr\u00f4nicas<\/strong>.<\/p>\n<p style=\"text-align: justify\">Oportunamente esclarece, que a Coordena\u00e7\u00e3o Regional de Educa\u00e7\u00e3o de Itapaci instituir\u00e1 comiss\u00e3o pr\u00f3pria para as an\u00e1lises curriculares, que ser\u00e1 composta por integrante do Sindicato da categoria e membros da CRE, objetivando assim, a ado\u00e7\u00e3o de medidas e provid\u00eancias pertinentes ao suprimento de todos os d\u00e9ficits de professores existentes na Rede Estadual de Educa\u00e7\u00e3o de Goi\u00e1s, que garantam os servi\u00e7os prestados \u00e0 comunidade goiana.<\/p>\n<p style=\"text-align: center\">SEDUC\/GO<\/p>\n<hr \/>\n<h3 style=\"text-align: center\"><strong>COMUNICADO<\/strong><\/h3>\n<p style=\"text-align: center\"><strong>PARA CONTRATA\u00c7\u00c3O TEMPOR\u00c1RIA<\/strong><\/p>\n<pre style=\"text-align: center\">Publica\u00e7\u00e3o: 29\/05\/2024\nEncerramento: 03\/06\/2024 \u00e0s 18h<\/pre>\n<h4 style=\"text-align: center\"><strong><span style=\"color: #ff0000\">ENCERRADO<\/span><\/strong><\/h4>\n<p style=\"text-align: justify\">O Governo do Estado de Goi\u00e1s, atrav\u00e9s da Secretaria de Estado da Educa\u00e7\u00e3o, diante da inexist\u00eancia de Processo Seletivo Simplificado vigente no \u00e2mbito desta Pasta e considerando a exist\u00eancia de d\u00e9ficits de professores nas unidades escolares pertencentes ao munic\u00edpio de <strong>Crix\u00e1s<\/strong>, jurisdicionado \u00e0 Coordena\u00e7\u00e3o Regional de Educa\u00e7\u00e3o (CRE) de <strong>Itapaci<\/strong>, informa que est\u00e1 recebendo curr\u00edculos para sele\u00e7\u00e3o e contrata\u00e7\u00e3o tempor\u00e1ria de 1 (um) Pedagogo<strong>,<\/strong> com natureza emergencial para atender aos interesses da Administra\u00e7\u00e3o, e cumprir jornada de trabalho semanal de <strong>20 (vinte <\/strong>) horas no Projeto Hoje, no turno vespertino, \u00a0com lota\u00e7\u00e3o\u00a0 no <strong>CPMG Prud\u00eancio Ferreira<\/strong>, visando afastar eventuais preju\u00edzos educacionais e\/ou pedag\u00f3gicos aos estudantes da Rede Estadual de Educa\u00e7\u00e3o de Goi\u00e1s.<\/p>\n<p style=\"text-align: justify\">A presente convoca\u00e7\u00e3o justifica-se pela necessidade de atendimento a estudante matriculado na unidade escolar.<\/p>\n<p style=\"text-align: justify\">Os interessados devem encaminhar Curr\u00edculo ao e-mail oficial da Coordena\u00e7\u00e3o Regional de Educa\u00e7\u00e3o de <strong>Itapaci &#8211; regional.itapaci@seduc.go.gov.br<\/strong>, contendo os <strong>contatos telef\u00f4nicos, CPF e endere\u00e7os de e-mail para correspond\u00eancias eletr\u00f4nicas<\/strong>.<\/p>\n<p style=\"text-align: justify\">Oportunamente esclarece, que a Coordena\u00e7\u00e3o Regional de Educa\u00e7\u00e3o de Itapaci instituir\u00e1 comiss\u00e3o pr\u00f3pria para as an\u00e1lises curriculares, que ser\u00e1 composta por integrante do Sindicato da categoria e membros da CRE, objetivando assim, a ado\u00e7\u00e3o de medidas e provid\u00eancias pertinentes ao suprimento de todos os d\u00e9ficits de professores existentes na Rede Estadual de Educa\u00e7\u00e3o de Goi\u00e1s, que garantam os servi\u00e7os prestados \u00e0 comunidade goiana.<\/p>\n<p style=\"text-align: center\">SEDUC\/GO<\/p>\n<hr \/>\n<h3 style=\"text-align: center\"><strong>COMUNICADO<\/strong><\/h3>\n<p style=\"text-align: center\"><strong>PARA CONTRATA\u00c7\u00c3O TEMPOR\u00c1RIA<\/strong><\/p>\n<pre style=\"text-align: center\">Publica\u00e7\u00e3o: 24\/04\/2024\nEncerramento: 26\/04\/2024 \u00e0s 18h<\/pre>\n<h4 class=\"entry-title\" style=\"text-align: center\"><span style=\"color: #ff0000\"><strong>ENCERRADO<\/strong><\/span><\/h4>\n<p style=\"text-align: justify\">O Governo do Estado de Goi\u00e1s, atrav\u00e9s da Secretaria de Estado da Educa\u00e7\u00e3o, diante da inexist\u00eancia de Processo Seletivo Simplificado vigente no \u00e2mbito desta Pasta e considerando a exist\u00eancia de d\u00e9ficits de professores nas unidades escolares pertencentes ao munic\u00edpio de <strong>Crix\u00e1s<\/strong>, jurisdicionado \u00e0 Coordena\u00e7\u00e3o Regional de Educa\u00e7\u00e3o (CRE) de <strong>Itapaci<\/strong>, informa que est\u00e1 recebendo curr\u00edculos para sele\u00e7\u00e3o e contrata\u00e7\u00e3o tempor\u00e1ria com natureza emergencial para atender aos interesses da Administra\u00e7\u00e3o, para ministrar <strong>32<\/strong> (<strong>trinta e duas<\/strong>) aulas semanais na(s) disciplina(s) \u00a0<strong>Educa\u00e7\u00e3o F\u00edsica e afins<\/strong>, \u00a0com lota\u00e7\u00e3o principal no <strong>CPMG Prud\u00eancio Ferreira <\/strong>e lota\u00e7\u00e3o secund\u00e1ria<strong> no Col\u00e9gio Estadual Manoel Lino de Carvalho<\/strong>, visando afastar eventuais preju\u00edzos educacionais e\/ou pedag\u00f3gicos aos estudantes da Rede Estadual de Educa\u00e7\u00e3o de Goi\u00e1s.<\/p>\n<p style=\"text-align: justify\">A presente convoca\u00e7\u00e3o justifica-se por d\u00e9ficit causado por afastamento em decorr\u00eancia de concess\u00e3o de <strong>Licen\u00e7a Maternidade <\/strong>\u00e0 professora titular, conforme disciplina o art. 208, da Lei n.\u00ba 13.909, de 25 de setembro de 2001.<\/p>\n<p style=\"text-align: justify\">Os interessados devem encaminhar Curr\u00edculo ao e-mail oficial da Coordena\u00e7\u00e3o Regional de Educa\u00e7\u00e3o de <strong>Itapaci &#8211; regional.itapaci@seduc.go.gov.br<\/strong>, contendo os <strong>contatos telef\u00f4nicos, CPF e endere\u00e7os de e-mail para correspond\u00eancias eletr\u00f4nicas<\/strong>.<\/p>\n<p style=\"text-align: justify\">Oportunamente esclarece, que a Coordena\u00e7\u00e3o Regional de Educa\u00e7\u00e3o de Itapaci instituir\u00e1 comiss\u00e3o pr\u00f3pria para as an\u00e1lises curriculares, que ser\u00e1 composta por integrante do Sindicato da categoria e membros da CRE, objetivando assim, a ado\u00e7\u00e3o de medidas e provid\u00eancias pertinentes ao suprimento de todos os d\u00e9ficits de professores existentes na Rede Estadual de Educa\u00e7\u00e3o de Goi\u00e1s, que garantam os servi\u00e7os prestados \u00e0 comunidade goiana.<\/p>\n<p style=\"text-align: center\">SEDUC\/GO<\/p>\n<hr \/>\n<h3 style=\"text-align: center\"><strong>COMUNICADO<\/strong><\/h3>\n<p style=\"text-align: center\"><strong>PARA CONTRATA\u00c7\u00c3O TEMPOR\u00c1RIA<\/strong><\/p>\n<pre class=\"MsoNormal\" style=\"text-align: center;line-height: 115%\">Publica\u00e7\u00e3o: 12\/04\/2024\nEncerramento: 17\/04\/2024 \u00e0s 18h\n<\/pre>\n<h4 class=\"entry-title\" style=\"text-align: center\"><span style=\"color: #ff0000\"><strong>ENCERRADO<\/strong><\/span><\/h4>\n<p style=\"text-align: justify\">O Governo do Estado de Goi\u00e1s, atrav\u00e9s da Secretaria de Estado da Educa\u00e7\u00e3o, diante da inexist\u00eancia de Processo Seletivo Simplificado vigente no \u00e2mbito desta Pasta e considerando a exist\u00eancia de d\u00e9ficits de professores nas unidades escolares pertencentes ao munic\u00edpio de <b>Uirapuru<\/b>, jurisdicionado \u00e0 Coordena\u00e7\u00e3o Regional de Educa\u00e7\u00e3o (CRE) de <b>Itapaci<\/b>, informa que est\u00e1 recebendo curr\u00edculos para sele\u00e7\u00e3o e contrata\u00e7\u00e3o tempor\u00e1ria com natureza emergencial para atender aos interesses da Administra\u00e7\u00e3o, para trabalhar como <b>Coordenador Pedag\u00f3gico <\/b>com carga hor\u00e1ria de 40 nos <b>turnos Matutino e \u00a0Vespertino, <\/b>no(a) <b>EFAU<\/b> <b>Escola Agr\u00edcola de Uirapuru<\/b>, visando afastar eventuais preju\u00edzos educacionais e\/ou pedag\u00f3gicos aos estudantes da Rede Estadual de Educa\u00e7\u00e3o de Goi\u00e1s.<\/p>\n<p style=\"text-align: justify\">A presente convoca\u00e7\u00e3o justifica-se por d\u00e9ficit causado por afastamento em decorr\u00eancia de <b>rescis\u00e3o de contrato<\/b> de servidor que exercia a fun\u00e7\u00e3o.<\/p>\n<p style=\"text-align: justify\">Os interessados devem encaminhar Curr\u00edculo ao e-mail oficial da Coordena\u00e7\u00e3o Regional de Educa\u00e7\u00e3o de <b>Itapaci &#8211; regional.itapaci@seduc.go.gov.br<\/b>, contendo os <b>contatos telef\u00f4nicos, CPF e endere\u00e7os de e-mail para correspond\u00eancias eletr\u00f4nicas<\/b>.<\/p>\n<p style=\"text-align: justify\">Oportunamente esclarece, que a Coordena\u00e7\u00e3o Regional de Educa\u00e7\u00e3o de Itapaci instituir\u00e1 comiss\u00e3o pr\u00f3pria para as an\u00e1lises curriculares, que ser\u00e1 composta por integrante do Sindicato da categoria e membros da CRE, objetivando assim, a ado\u00e7\u00e3o de medidas e provid\u00eancias pertinentes ao suprimento de todos os d\u00e9ficits de professores existentes na Rede Estadual de Educa\u00e7\u00e3o de Goi\u00e1s, que garantam os servi\u00e7os prestados \u00e0 comunidade goiana.<\/p>\n<p align=\"center\">SEDUC\/GO<\/p>\n<hr \/>\n<h3 style=\"text-align: center\"><strong>COMUNICADO<\/strong><\/h3>\n<p style=\"text-align: center\"><strong>PARA CONTRATA\u00c7\u00c3O TEMPOR\u00c1RIA<\/strong><\/p>\n<pre class=\"MsoNormal\" style=\"text-align: center;line-height: 115%\">Publica\u00e7\u00e3o: 12\/04\/2024\nEncerramento: 17\/04\/2024 \u00e0s 18h\n<\/pre>\n<h4 class=\"entry-title\" style=\"text-align: center\"><span style=\"color: #ff0000\"><strong>ENCERRADO<\/strong><\/span><\/h4>\n<p style=\"text-align: justify\">O Governo do Estado de Goi\u00e1s, atrav\u00e9s da Secretaria de Estado da Educa\u00e7\u00e3o, diante da inexist\u00eancia de Processo Seletivo Simplificado vigente no \u00e2mbito desta Pasta e considerando a exist\u00eancia de d\u00e9ficits de professores nas unidades escolares pertencentes ao munic\u00edpio de <b>Itapaci<\/b>, jurisdicionado \u00e0 Coordena\u00e7\u00e3o Regional de Educa\u00e7\u00e3o (CRE) de <b>Itapaci<\/b>, informa que est\u00e1 recebendo curr\u00edculos para sele\u00e7\u00e3o e contrata\u00e7\u00e3o tempor\u00e1ria com natureza emergencial para atender aos interesses da Administra\u00e7\u00e3o, para ministrar <b>24 (vinte e quatro<\/b>) aulas semanais na(s) disciplina(s), <b>L\u00edngua Portuguesa 8 A, 8B, 9 A e 9B (Ensino Fundamental)\u00a0 e Estudo Orientado de \u2013 L\u00edngua Portuguesa: 8A e 8B (Ensino Fundamental), todas no turno Vespertino, <\/b>no(a) <b>Escola Estadual Luiz Alves Machado<\/b>, visando afastar eventuais preju\u00edzos educacionais e\/ou pedag\u00f3gicos aos estudantes da Rede Estadual de Educa\u00e7\u00e3o de Goi\u00e1s.<\/p>\n<p style=\"text-align: justify\">A presente convoca\u00e7\u00e3o justifica-se por d\u00e9ficit causado por afastamento em decorr\u00eancia de <b>Licen\u00e7a M\u00e9dica <\/b>da professora titular, conforme disciplina o art. 208, da Lei n.\u00ba 13.909, de 25 de setembro de 2001.<\/p>\n<p style=\"text-align: justify\">Os interessados devem encaminhar Curr\u00edculo ao e-mail oficial da Coordena\u00e7\u00e3o Regional de Educa\u00e7\u00e3o de <b>Itapaci &#8211; regional.itapaci@seduc.go.gov.br<\/b>, contendo os <b>contatos telef\u00f4nicos, CPF e endere\u00e7os de e-mail para correspond\u00eancias eletr\u00f4nicas<\/b>.<\/p>\n<p style=\"text-align: justify\">Oportunamente esclarece, que a Coordena\u00e7\u00e3o Regional de Educa\u00e7\u00e3o de Itapaci instituir\u00e1 comiss\u00e3o pr\u00f3pria para as an\u00e1lises curriculares, que ser\u00e1 composta por integrante do Sindicato da categoria e membros da CRE, objetivando assim, a ado\u00e7\u00e3o de medidas e provid\u00eancias pertinentes ao suprimento de todos os d\u00e9ficits de professores existentes na Rede Estadual de Educa\u00e7\u00e3o de Goi\u00e1s, que garantam os servi\u00e7os prestados \u00e0 comunidade goiana.<\/p>\n<p align=\"center\">SEDUC\/GO<\/p>\n<hr \/>\n<h3 style=\"text-align: center\"><strong>COMUNICADO<\/strong><\/h3>\n<p style=\"text-align: center\"><strong>PARA CONTRATA\u00c7\u00c3O TEMPOR\u00c1RIA<\/strong><\/p>\n<pre class=\"MsoNormal\" style=\"text-align: center;line-height: 115%\">Publica\u00e7\u00e3o: 04\/04\/2024\nEncerramento: 09\/04\/2024 \u00e0s 18h<\/pre>\n<p style=\"text-align: center\"><span style=\"color: red\"><strong>ENCERRADO<\/strong><\/span><\/p>\n<p style=\"text-align: justify\">O Governo do Estado de Goi\u00e1s, atrav\u00e9s da Secretaria de Estado da Educa\u00e7\u00e3o, diante da inexist\u00eancia de Processo Seletivo Simplificado vigente no \u00e2mbito desta Pasta e considerando a exist\u00eancia de d\u00e9ficits de professores nas unidades escolares pertencentes ao munic\u00edpio de <b>Itapaci<\/b>, jurisdicionado \u00e0 Coordena\u00e7\u00e3o Regional de Educa\u00e7\u00e3o (CRE) de <b>Itapaci<\/b>, informa que est\u00e1 recebendo curr\u00edculos para sele\u00e7\u00e3o e contrata\u00e7\u00e3o tempor\u00e1ria com natureza emergencial para atender aos interesses da Administra\u00e7\u00e3o, para ministrar <b>32<\/b> (t<b>rinta e duas<\/b>) aulas semanais na(s) disciplina(s), <b>04 aulas de Matem\u00e1tica no (1 A, 2 A, 2 B, 3 A, 3 B, 3 C ) do Ensino M\u00e9dio, 02 aulas de Estudo Orientado no 2 A do Ensino M\u00e9dio, 02 aulas de F\u00edsica no (1 A, 2 B, 3C<\/b> ) <b>do Ensino M\u00e9dio, <\/b>no(a) <b>Escola Estadual Luiz Alves Machado<\/b>, visando afastar eventuais preju\u00edzos educacionais e\/ou pedag\u00f3gicos aos estudantes da Rede Estadual de Educa\u00e7\u00e3o de Goi\u00e1s.<\/p>\n<p style=\"text-align: justify\">A presente convoca\u00e7\u00e3o justifica-se por d\u00e9ficit causado por afastamento em decorr\u00eancia de<b> Reabilita\u00e7\u00e3o Tempor\u00e1ria <\/b>de professor titular, conforme disciplina o art. 208, da Lei n.\u00ba 13.909, de 25 de setembro de 2001.<\/p>\n<p style=\"text-align: justify\">Os interessados devem encaminhar Curr\u00edculo ao e-mail oficial da Coordena\u00e7\u00e3o Regional de Educa\u00e7\u00e3o de <b>Itapaci &#8211; regional.itapaci@seduc.go.gov.br<\/b>, contendo os <b>contatos telef\u00f4nicos, CPF e endere\u00e7os de e-mail para correspond\u00eancias eletr\u00f4nicas<\/b>.<\/p>\n<p style=\"text-align: justify\">Oportunamente esclarece, que a Coordena\u00e7\u00e3o Regional de Educa\u00e7\u00e3o de Itapaci instituir\u00e1 comiss\u00e3o pr\u00f3pria para as an\u00e1lises curriculares, que ser\u00e1 composta por integrante do Sindicato da categoria e membros da CRE, objetivando assim, a ado\u00e7\u00e3o de medidas e provid\u00eancias pertinentes ao suprimento de todos os d\u00e9ficits de professores existentes na Rede Estadual de Educa\u00e7\u00e3o de Goi\u00e1s, que garantam os servi\u00e7os prestados \u00e0 comunidade goiana.<\/p>\n<p align=\"center\">SEDUC\/GO<\/p>\n<hr \/>\n<h3 style=\"text-align: center\"><strong>COMUNICADO<\/strong><\/h3>\n<p style=\"text-align: center\"><strong>PARA CONTRATA\u00c7\u00c3O TEMPOR\u00c1RIA<\/strong><\/p>\n<pre class=\"MsoNormal\" style=\"text-align: center;line-height: 115%\">Publica\u00e7\u00e3o: 04\/04\/2024\nEncerramento: 09\/04\/2024 \u00e0s 18h<\/pre>\n<p style=\"text-align: center\"><span style=\"color: red\"><strong>ENCERRADO<\/strong><\/span><\/p>\n<p style=\"text-align: justify\">O Governo do Estado de Goi\u00e1s, atrav\u00e9s da Secretaria de Estado da Educa\u00e7\u00e3o, diante da inexist\u00eancia de Processo Seletivo Simplificado vigente no \u00e2mbito desta Pasta e considerando a exist\u00eancia de d\u00e9ficits de professores nas unidades escolares pertencentes ao munic\u00edpio de <b>Campos Verdes<\/b>, jurisdicionado \u00e0 Coordena\u00e7\u00e3o Regional de Educa\u00e7\u00e3o (CRE) de <b>Itapaci<\/b>, informa que est\u00e1 recebendo curr\u00edculos para sele\u00e7\u00e3o e contrata\u00e7\u00e3o tempor\u00e1ria com natureza emergencial para atender aos interesses da Administra\u00e7\u00e3o, para ministrar <b>32<\/b> (<b>trinta e duas<\/b>) aulas semanais na(s) disciplina(s) <b>02 aulas de Filosofia no Ensino M\u00e9dio (2\u00ba ano e 3\u00ba ano), 02 aulas de Sociologia no Ensino M\u00e9dio (2\u00ba ano e 3\u00ba ano) e 28 aulas de Hist\u00f3ria nos Ensinos Fundamental e M\u00e9dio (7\u00ba ano, 8\u00ba ano, 9\u00ba ano, 1\u00ba ano, 2\u00ba ano e 3\u00ba ano)<\/b>, no(a) <b>Col\u00e9gio Estadual Edmundo Rocha<\/b>, visando afastar eventuais preju\u00edzos educacionais e\/ou pedag\u00f3gicos aos estudantes da Rede Estadual de Educa\u00e7\u00e3o de Goi\u00e1s.<\/p>\n<p style=\"text-align: justify\">A presente convoca\u00e7\u00e3o justifica-se por d\u00e9ficit causado por afastamento em decorr\u00eancia de afastamento de professor titular para usufruto de <b>Licen\u00e7a Pr\u00eamio<\/b>, conforme disciplina o art. 208, da Lei n.\u00ba 13.909, de 25 de setembro de 2001.<\/p>\n<p style=\"text-align: justify\">Os interessados devem encaminhar Curr\u00edculo ao e-mail oficial da Coordena\u00e7\u00e3o Regional de Educa\u00e7\u00e3o de <b>Itapaci &#8211; regional.itapaci@seduc.go.gov.br<\/b>, contendo os <b>contatos telef\u00f4nicos, CPF e endere\u00e7os de e-mail para correspond\u00eancias eletr\u00f4nicas<\/b>.<\/p>\n<p style=\"text-align: justify\">Oportunamente esclarece, que a Coordena\u00e7\u00e3o Regional de Educa\u00e7\u00e3o de Itapaci instituir\u00e1 comiss\u00e3o pr\u00f3pria para as an\u00e1lises curriculares, que ser\u00e1 composta por integrante do Sindicato da categoria e membros da CRE, objetivando assim, a ado\u00e7\u00e3o de medidas e provid\u00eancias pertinentes ao suprimento de todos os d\u00e9ficits de professores existentes na Rede Estadual de Educa\u00e7\u00e3o de Goi\u00e1s, que garantam os servi\u00e7os prestados \u00e0 comunidade goiana.<\/p>\n<p align=\"center\">SEDUC\/GO<\/p>\n<hr \/>\n<h3 style=\"text-align: center\"><strong>COMUNICADO<\/strong><\/h3>\n<p style=\"text-align: center\"><strong>PARA CONTRATA\u00c7\u00c3O TEMPOR\u00c1RIA<\/strong><\/p>\n<pre class=\"MsoNormal\" style=\"text-align: center;line-height: 115%\">Publica\u00e7\u00e3o: 27\/03\/2024\nEncerramento: 03\/04\/2024 \u00e0s 18h\n<\/pre>\n<p style=\"text-align: center\"><span style=\"color: red\"><strong>ENCERRADO<\/strong><\/span><\/p>\n<p style=\"text-align: justify\">O Governo do Estado de Goi\u00e1s, atrav\u00e9s da Secretaria de Estado da Educa\u00e7\u00e3o, diante da inexist\u00eancia de candidatos habilitados e remanescentes a serem convocados pelo Processo Seletivo Simplificado Edital n\u00ba 008\/2021 \u2013 SEAD e considerando a exist\u00eancia de d\u00e9ficits de professores nas unidades escolares \u00a0pertencentes ao munic\u00edpio de Crix\u00e1s, Povoado de Auriverde, \u00a0jurisdicionado \u00e0 Coordena\u00e7\u00e3o Regional de Educa\u00e7\u00e3o (CRE) de Itapaci, informamos que estamos recebendo curr\u00edculos para sele\u00e7\u00e3o e contrata\u00e7\u00e3o tempor\u00e1ria com natureza emergencial para atender aos interesses da Administra\u00e7\u00e3o, para trabalhar como Professor Mediador do Goi\u00e1s Tec em substitui\u00e7\u00e3o de professora titular durante usufruto de Licen\u00e7a \u00e0 Gestante, \u00a0no Col\u00e9gio Estadual Jurandir Cardoso Dias, com carga hor\u00e1ria de 30 horas, no turno Matutino. Gradua\u00e7\u00e3o exigida Pedagogia.<u> <\/u><\/p>\n<p style=\"text-align: justify\">Os interessados devem encaminhar Curr\u00edculo ao e-mail oficial da Coordena\u00e7\u00e3o Regional de Educa\u00e7\u00e3o (regional.itapaci@seduc.go.gov.br), contendo os contatos telef\u00f4nicos, endere\u00e7os de e-mail para correspond\u00eancias eletr\u00f4nicas e CPF.<\/p>\n<p style=\"text-align: justify\">Oportunamente esclarece, que a Coordena\u00e7\u00e3o Regional de Educa\u00e7\u00e3o de Itapaci instituir\u00e1 comiss\u00e3o pr\u00f3pria para as an\u00e1lises curriculares, que ser\u00e1 composta por integrante do Sindicato da categoria e membros da CRE, objetivando assim, a ado\u00e7\u00e3o de medidas e provid\u00eancias pertinentes ao suprimento de todos os d\u00e9ficits de professores existentes na Rede Estadual de Educa\u00e7\u00e3o, que garantam os servi\u00e7os prestados \u00e0 comunidade goiana.<\/p>\n<p style=\"text-align: center\">SEDUC\/GO<\/p>\n<hr \/>\n<h3 style=\"text-align: center\"><strong>COMUNICADO<\/strong><\/h3>\n<p style=\"text-align: center\"><strong>PARA CONTRATA\u00c7\u00c3O TEMPOR\u00c1RIA<\/strong><\/p>\n<pre class=\"MsoNormal\" style=\"text-align: center;line-height: 115%\">Publica\u00e7\u00e3o: 21\/03\/2024\nEncerramento: 26\/03\/2024 \u00e0s 18h\n\n<\/pre>\n<p style=\"text-align: center\"><span style=\"color: red\"><strong>ENCERRADO<\/strong><\/span><\/p>\n<p style=\"text-align: justify\">O Governo do Estado de Goi\u00e1s, atrav\u00e9s da Secretaria de Estado da Educa\u00e7\u00e3o, diante da inexist\u00eancia de candidatos habilitados e remanescentes a serem convocados pelo Processo Seletivo Simplificado Edital n\u00ba 008\/2021 \u2013 SEAD e considerando a exist\u00eancia de d\u00e9ficits de professores nas unidades escolares\u00a0 pertencentes ao munic\u00edpio de Crix\u00e1s, jurisdicionado \u00e0 Coordena\u00e7\u00e3o Regional de Educa\u00e7\u00e3o (CRE) de Itapaci, informamos que estamos recebendo curr\u00edculos para sele\u00e7\u00e3o e contrata\u00e7\u00e3o tempor\u00e1ria com natureza emergencial para atender aos interesses da Administra\u00e7\u00e3o, para trabalhar como Professor Int\u00e9rprete de Libras, no CPMG Prud\u00eancio Ferreira, com carga hor\u00e1ria de 30 horas, no turno vespertino. Gradua\u00e7\u00e3o exigida Libras.<u> <\/u><\/p>\n<p style=\"text-align: justify\">Os interessados devem encaminhar Curr\u00edculo ao e-mail oficial da Coordena\u00e7\u00e3o Regional de Educa\u00e7\u00e3o (regional.itapaci@seduc.go.gov.br), contendo os contatos telef\u00f4nicos, endere\u00e7os de e-mail para correspond\u00eancias eletr\u00f4nicas e CPF.<\/p>\n<p style=\"text-align: justify\">Oportunamente esclarece, que a Coordena\u00e7\u00e3o Regional de Educa\u00e7\u00e3o de Itapaci instituir\u00e1 comiss\u00e3o pr\u00f3pria para as an\u00e1lises curriculares, que ser\u00e1 composta por integrante do Sindicato da categoria e membros da CRE, objetivando assim, a ado\u00e7\u00e3o de medidas e provid\u00eancias pertinentes ao suprimento de todos os d\u00e9ficits de professores existentes na Rede Estadual de Educa\u00e7\u00e3o, que garantam os servi\u00e7os prestados \u00e0 comunidade goiana.<\/p>\n<p style=\"text-align: center\">SEDUC\/GO<\/p>\n<hr \/>\n<h3 style=\"text-align: center\"><strong>COMUNICADO<\/strong><\/h3>\n<p style=\"text-align: center\"><strong>PARA CONTRATA\u00c7\u00c3O TEMPOR\u00c1RIA<\/strong><\/p>\n<pre class=\"MsoNormal\" style=\"text-align: center;line-height: 115%\">Publica\u00e7\u00e3o: 11\/03\/2024\nEncerramento: 14\/03\/2024 \u00e0s 18h\n\n<\/pre>\n<p style=\"text-align: center\"><span style=\"color: red\"><strong>ENCERRADO<\/strong><\/span><\/p>\n<p style=\"text-align: justify\">O Governo do Estado de Goi\u00e1s, atrav\u00e9s da Secretaria de Estado da Educa\u00e7\u00e3o, diante da inexist\u00eancia de candidatos habilitados e remanescentes a serem convocados pelo Processo Seletivo Simplificado Edital n\u00ba 008\/2021 \u2013 SEAD e considerando a exist\u00eancia de d\u00e9ficits de professores nas unidades escolares\u00a0 pertencentes ao munic\u00edpio de Itapaci, jurisdicionado \u00e0 Coordena\u00e7\u00e3o Regional de Educa\u00e7\u00e3o (CRE) de Itapaci, informamos que estamos recebendo curr\u00edculos para sele\u00e7\u00e3o e contrata\u00e7\u00e3o tempor\u00e1ria com natureza emergencial para atender aos interesses da Administra\u00e7\u00e3o, para trabalhar como Professor de Linguagens, no CEPMG Geralda Andrade Martins, com carga hor\u00e1ria de 20 horas, nos turnos Matutino e Vespertino. Gradua\u00e7\u00e3o exigida Licenciatura Plena na \u00e1rea de Linguagens.<u> <\/u><\/p>\n<p style=\"text-align: justify\">Os interessados devem encaminhar Curr\u00edculo ao e-mail oficial da Coordena\u00e7\u00e3o Regional de Educa\u00e7\u00e3o (regional.itapaci@seduc.go.gov.br), contendo os contatos telef\u00f4nicos, endere\u00e7os de e-mail para correspond\u00eancias eletr\u00f4nicas e CPF.<\/p>\n<p style=\"text-align: justify\">Oportunamente esclarece, que a Coordena\u00e7\u00e3o Regional de Educa\u00e7\u00e3o de Itapaci instituir\u00e1 comiss\u00e3o pr\u00f3pria para as an\u00e1lises curriculares, que ser\u00e1 composta por integrante do Sindicato da categoria e membros da CRE, objetivando assim, a ado\u00e7\u00e3o de medidas e provid\u00eancias pertinentes ao suprimento de todos os d\u00e9ficits de professores existentes na Rede Estadual de Educa\u00e7\u00e3o, que garantam os servi\u00e7os prestados \u00e0 comunidade goiana.<\/p>\n<p style=\"text-align: center\">SEDUC\/GO<\/p>\n<hr \/>\n<h3 style=\"text-align: center\"><strong>COMUNICADO<\/strong><\/h3>\n<p style=\"text-align: center\"><strong>PARA CONTRATA\u00c7\u00c3O TEMPOR\u00c1RIA<\/strong><\/p>\n<pre class=\"MsoNormal\" style=\"text-align: center;line-height: 115%\">Publica\u00e7\u00e3o: 11\/03\/2024\nEncerramento: 14\/03\/2024 \u00e0s 18h\n\n<\/pre>\n<p style=\"text-align: center\"><span style=\"color: red\"><strong>ENCERRADO<\/strong><\/span><\/p>\n<p style=\"text-align: justify\">O Governo do Estado de Goi\u00e1s, atrav\u00e9s da Secretaria de Estado da Educa\u00e7\u00e3o, diante da inexist\u00eancia de candidatos habilitados e remanescentes a serem convocados pelo Processo Seletivo Simplificado Edital n\u00ba 008\/2021 \u2013 SEAD e considerando a exist\u00eancia de d\u00e9ficits de professores nas unidades escolares\u00a0 pertencentes ao munic\u00edpio de Santa Terezinha de Goi\u00e1s, jurisdicionado \u00e0 Coordena\u00e7\u00e3o Regional de Educa\u00e7\u00e3o (CRE) de Itapaci, informamos que estamos recebendo curr\u00edculos para sele\u00e7\u00e3o e contrata\u00e7\u00e3o tempor\u00e1ria com natureza emergencial para atender aos interesses da Administra\u00e7\u00e3o, para trabalhar como Professor de F\u00edsica, no Col\u00e9gio Estadual Maria Lopes Martins, com carga hor\u00e1ria de 20 horas, nos turnos Matutino, Vespertino e Noturno. Gradua\u00e7\u00e3o exigida F\u00edsica.<u> <\/u><\/p>\n<p style=\"text-align: justify\">Os interessados devem encaminhar Curr\u00edculo ao e-mail oficial da Coordena\u00e7\u00e3o Regional de Educa\u00e7\u00e3o (regional.itapaci@seduc.go.gov.br), contendo os contatos telef\u00f4nicos, endere\u00e7os de e-mail para correspond\u00eancias eletr\u00f4nicas e CPF.<\/p>\n<p style=\"text-align: justify\">Oportunamente esclarece, que a Coordena\u00e7\u00e3o Regional de Educa\u00e7\u00e3o de Itapaci instituir\u00e1 comiss\u00e3o pr\u00f3pria para as an\u00e1lises curriculares, que ser\u00e1 composta por integrante do Sindicato da categoria e membros da CRE, objetivando assim, a ado\u00e7\u00e3o de medidas e provid\u00eancias pertinentes ao suprimento de todos os d\u00e9ficits de professores existentes na Rede Estadual de Educa\u00e7\u00e3o, que garantam os servi\u00e7os prestados \u00e0 comunidade goiana.<\/p>\n<p style=\"text-align: center\">SEDUC\/GO<\/p>\n<hr \/>\n<h3 style=\"text-align: center\"><strong>COMUNICADO<\/strong><\/h3>\n<p style=\"text-align: center\"><strong>PARA CONTRATA\u00c7\u00c3O TEMPOR\u00c1RIA<\/strong><\/p>\n<pre class=\"MsoNormal\" style=\"text-align: center;line-height: 115%\">Publica\u00e7\u00e3o: 08\/03\/2024\nEncerramento: 13\/03\/2024 \u00e0s 18h\n\n<\/pre>\n<p style=\"text-align: center\"><span style=\"color: red\"><strong>ENCERRADO<\/strong><\/span><\/p>\n<p style=\"text-align: justify\">O Governo do Estado de Goi\u00e1s, atrav\u00e9s da Secretaria de Estado da Educa\u00e7\u00e3o, diante da inexist\u00eancia de candidatos habilitados e remanescentes a serem convocados pelo Processo Seletivo Simplificado Edital n\u00ba 008\/2021 \u2013 SEAD e considerando a exist\u00eancia de d\u00e9ficits de professores nas unidades escolares\u00a0 pertencentes ao munic\u00edpio de Crix\u00e1s, jurisdicionado \u00e0 Coordena\u00e7\u00e3o Regional de Educa\u00e7\u00e3o (CRE) de Itapaci, informamos que estamos recebendo curr\u00edculos para sele\u00e7\u00e3o e contrata\u00e7\u00e3o tempor\u00e1ria com natureza emergencial para atender aos interesses da Administra\u00e7\u00e3o, para trabalhar como Professor de Ci\u00eancias da Natureza, no Col\u00e9gio Estadual Manoel Lino de Carvalho, com carga hor\u00e1ria de 20 horas, nos turnos Matutino, Vespertino e Noturno. Gradua\u00e7\u00e3o exigida Ci\u00eancias da Natureza.<u> <\/u><\/p>\n<p style=\"text-align: justify\">Os interessados devem encaminhar Curr\u00edculo ao e-mail oficial da Coordena\u00e7\u00e3o Regional de Educa\u00e7\u00e3o (regional.itapaci@seduc.go.gov.br), contendo os contatos telef\u00f4nicos, endere\u00e7os de e-mail para correspond\u00eancias eletr\u00f4nicas e CPF.<\/p>\n<p style=\"text-align: justify\">Oportunamente esclarece, que a Coordena\u00e7\u00e3o Regional de Educa\u00e7\u00e3o de Itapaci instituir\u00e1 comiss\u00e3o pr\u00f3pria para as an\u00e1lises curriculares, que ser\u00e1 composta por integrante do Sindicato da categoria e membros da CRE, objetivando assim, a ado\u00e7\u00e3o de medidas e provid\u00eancias pertinentes ao suprimento de todos os d\u00e9ficits de professores existentes na Rede Estadual de Educa\u00e7\u00e3o, que garantam os servi\u00e7os prestados \u00e0 comunidade goiana.<\/p>\n<p style=\"text-align: center\">SEDUC\/GO<\/p>\n<hr \/>\n<h3 style=\"text-align: center\"><strong>COMUNICADO<\/strong><\/h3>\n<p style=\"text-align: center\"><strong>PARA CONTRATA\u00c7\u00c3O TEMPOR\u00c1RIA<\/strong><\/p>\n<pre class=\"MsoNormal\" style=\"text-align: center;line-height: 115%\">Publica\u00e7\u00e3o: 08\/03\/2024\nEncerramento: 13\/03\/2024 \u00e0s 18h\n\n<\/pre>\n<p style=\"text-align: center\"><span style=\"color: red\"><strong>ENCERRADO<\/strong><\/span><\/p>\n<p style=\"text-align: justify\">O Governo do Estado de Goi\u00e1s, atrav\u00e9s da Secretaria de Estado da Educa\u00e7\u00e3o, diante da inexist\u00eancia de candidatos habilitados e remanescentes a serem convocados pelo Processo Seletivo Simplificado Edital n\u00ba 008\/2021 \u2013 SEAD e considerando a exist\u00eancia de d\u00e9ficits de professores nas unidades escolares\u00a0 pertencentes ao munic\u00edpio de Crix\u00e1s, jurisdicionado \u00e0 Coordena\u00e7\u00e3o Regional de Educa\u00e7\u00e3o (CRE) de Itapaci, informamos que estamos recebendo curr\u00edculos para sele\u00e7\u00e3o e contrata\u00e7\u00e3o tempor\u00e1ria com natureza emergencial para atender aos interesses da Administra\u00e7\u00e3o, para trabalhar como Professor de Artes, no Col\u00e9gio Estadual Manoel Lino de Carvalho, com carga hor\u00e1ria de 20 horas, nos turnos Matutino, Vespertino e Noturno. Gradua\u00e7\u00e3o exigida Artes.<\/p>\n<p style=\"text-align: justify\">Os interessados devem encaminhar Curr\u00edculo ao e-mail oficial da Coordena\u00e7\u00e3o Regional de Educa\u00e7\u00e3o (regional.itapaci@seduc.go.gov.br), contendo os contatos telef\u00f4nicos, endere\u00e7os de e-mail para correspond\u00eancias eletr\u00f4nicas e CPF.<\/p>\n<p style=\"text-align: justify\">Oportunamente esclarece, que a Coordena\u00e7\u00e3o Regional de Educa\u00e7\u00e3o de Itapaci instituir\u00e1 comiss\u00e3o pr\u00f3pria para as an\u00e1lises curriculares, que ser\u00e1 composta por integrante do Sindicato da categoria e membros da CRE, objetivando assim, a ado\u00e7\u00e3o de medidas e provid\u00eancias pertinentes ao suprimento de todos os d\u00e9ficits de professores existentes na Rede Estadual de Educa\u00e7\u00e3o, que garantam os servi\u00e7os prestados \u00e0 comunidade goiana.<\/p>\n<p style=\"text-align: center\">SEDUC\/GO<\/p>\n<hr \/>\n<h3 style=\"text-align: center\"><strong>COMUNICADO<\/strong><\/h3>\n<p style=\"text-align: center\"><strong>PARA CONTRATA\u00c7\u00c3O TEMPOR\u00c1RIA<\/strong><\/p>\n<pre class=\"MsoNormal\" style=\"text-align: center;line-height: 115%\">Publica\u00e7\u00e3o: 28\/02\/2024\nEncerramento: 04\/03\/2024 \u00e0s 18h\n\n<\/pre>\n<p style=\"text-align: center\"><span style=\"color: red\"><strong>ENCERRADO<\/strong><\/span><\/p>\n<p style=\"text-align: justify\">O Governo do Estado de Goi\u00e1s, atrav\u00e9s da Secretaria de Estado da Educa\u00e7\u00e3o, diante da inexist\u00eancia de candidatos habilitados e remanescentes a serem convocados pelo Processo Seletivo Simplificado Edital n\u00ba 008\/2021 \u2013 SEAD e considerando a exist\u00eancia de d\u00e9ficits de professores nas unidades escolares\u00a0 pertencentes ao munic\u00edpio de Crix\u00e1s, jurisdicionado \u00e0 Coordena\u00e7\u00e3o Regional de Educa\u00e7\u00e3o (CRE) de Itapaci, informamos que estamos recebendo curr\u00edculos para sele\u00e7\u00e3o e contrata\u00e7\u00e3o tempor\u00e1ria com natureza emergencial para atender aos interesses da Administra\u00e7\u00e3o, para trabalhar como Professor de L\u00edngua Portuguesa, no CEPMG Prud\u00eancio Ferreira, com carga hor\u00e1ria de 40 horas, nos turnos Matutino e Vespertino. Gradua\u00e7\u00e3o exigida Licenciatura em L\u00edngua Portuguesa<\/p>\n<p style=\"text-align: justify\">Os interessados devem encaminhar Curr\u00edculo ao e-mail oficial da Coordena\u00e7\u00e3o Regional de Educa\u00e7\u00e3o (regional.itapaci@seduc.go.gov.br), contendo os contatos telef\u00f4nicos, endere\u00e7os de e-mail para correspond\u00eancias eletr\u00f4nicas e CPF.<\/p>\n<p style=\"text-align: justify\">Oportunamente esclarece, que a Coordena\u00e7\u00e3o Regional de Educa\u00e7\u00e3o de Itapaci instituir\u00e1 comiss\u00e3o pr\u00f3pria para as an\u00e1lises curriculares, que ser\u00e1 composta por integrante do Sindicato da categoria e membros da CRE, objetivando assim, a ado\u00e7\u00e3o de medidas e provid\u00eancias pertinentes ao suprimento de todos os d\u00e9ficits de professores existentes na Rede Estadual de Educa\u00e7\u00e3o, que garantam os servi\u00e7os prestados \u00e0 comunidade goiana.<\/p>\n<p style=\"text-align: center\">SEDUC\/GO<\/p>\n<hr \/>\n<h3 style=\"text-align: center\"><strong>COMUNICADO<\/strong><\/h3>\n<p style=\"text-align: center\"><strong>PARA CONTRATA\u00c7\u00c3O TEMPOR\u00c1RIA<\/strong><\/p>\n<pre class=\"MsoNormal\" style=\"text-align: center;line-height: 115%\">Publica\u00e7\u00e3o: 28\/02\/2024\nEncerramento: 04\/03\/2024 \u00e0s 18h\n\n<\/pre>\n<p style=\"text-align: center\"><span style=\"color: red\"><strong>ENCERRADO<\/strong><\/span><\/p>\n<p style=\"text-align: justify\">O Governo do Estado de Goi\u00e1s, atrav\u00e9s da Secretaria de Estado da Educa\u00e7\u00e3o, diante da inexist\u00eancia de candidatos habilitados e remanescentes a serem convocados pelo Processo Seletivo Simplificado Edital n\u00ba 008\/2021 \u2013 SEAD e considerando a exist\u00eancia de d\u00e9ficits de professores nas unidades escolares\u00a0 pertencentes ao munic\u00edpio de Crix\u00e1s, jurisdicionado \u00e0 Coordena\u00e7\u00e3o Regional de Educa\u00e7\u00e3o (CRE) de Itapaci, informamos que estamos recebendo curr\u00edculos para sele\u00e7\u00e3o e contrata\u00e7\u00e3o tempor\u00e1ria com natureza emergencial para atender aos interesses da Administra\u00e7\u00e3o, para trabalhar como Professor de Matem\u00e1tica, no CEPMG Prud\u00eancio Ferreira, com carga hor\u00e1ria de 40 horas, nos turnos Matutino e Vespertino. Gradua\u00e7\u00e3o exigida Licenciatura em Matem\u00e1tica.<u> <\/u><\/p>\n<p style=\"text-align: justify\">Os interessados devem encaminhar Curr\u00edculo ao e-mail oficial da Coordena\u00e7\u00e3o Regional de Educa\u00e7\u00e3o (regional.itapaci@seduc.go.gov.br), contendo os contatos telef\u00f4nicos, endere\u00e7os de e-mail para correspond\u00eancias eletr\u00f4nicas e CPF.<\/p>\n<p style=\"text-align: justify\">Oportunamente esclarece, que a Coordena\u00e7\u00e3o Regional de Educa\u00e7\u00e3o de Itapaci instituir\u00e1 comiss\u00e3o pr\u00f3pria para as an\u00e1lises curriculares, que ser\u00e1 composta por integrante do Sindicato da categoria e membros da CRE, objetivando assim, a ado\u00e7\u00e3o de medidas e provid\u00eancias pertinentes ao suprimento de todos os d\u00e9ficits de professores existentes na Rede Estadual de Educa\u00e7\u00e3o, que garantam os servi\u00e7os prestados \u00e0 comunidade goiana.<\/p>\n<p style=\"text-align: center\">SEDUC\/GO<\/p>\n<hr \/>\n<h3 style=\"text-align: center\"><strong>COMUNICADO<\/strong><\/h3>\n<p style=\"text-align: center\"><strong>PARA CONTRATA\u00c7\u00c3O TEMPOR\u00c1RIA<\/strong><\/p>\n<pre class=\"MsoNormal\" style=\"text-align: center;line-height: 115%\">Publica\u00e7\u00e3o: 28\/02\/2024\nEncerramento: 04\/03\/2024 \u00e0s 18h\n\n<\/pre>\n<p style=\"text-align: center\"><span style=\"color: red\"><strong>ENCERRADO<\/strong><\/span><\/p>\n<p style=\"text-align: justify\">O Governo do Estado de Goi\u00e1s, atrav\u00e9s da Secretaria de Estado da Educa\u00e7\u00e3o, diante da inexist\u00eancia de candidatos habilitados e remanescentes a serem convocados pelo Processo Seletivo Simplificado Edital n\u00ba 008\/2021 \u2013 SEAD e considerando a exist\u00eancia de d\u00e9ficits de professores nas unidades escolares\u00a0 pertencentes ao munic\u00edpio de Guarinos, jurisdicionado \u00e0 Coordena\u00e7\u00e3o Regional de Educa\u00e7\u00e3o (CRE) de Itapaci, informamos que estamos recebendo curr\u00edculos para sele\u00e7\u00e3o e contrata\u00e7\u00e3o tempor\u00e1ria com natureza emergencial para atender aos interesses da Administra\u00e7\u00e3o, para trabalhar como Professor Mediador do Goi\u00e1sTec, na Escola Estadual de Mandin\u00f3polis, com carga hor\u00e1ria de 30 horas, no turno Matutino.\u00a0 Gradua\u00e7\u00e3o exigida Pedagogia<\/p>\n<p style=\"text-align: justify\">Os interessados devem encaminhar Curr\u00edculo ao e-mail oficial da Coordena\u00e7\u00e3o Regional de Educa\u00e7\u00e3o (regional.itapaci@seduc.go.gov.br), contendo os contatos telef\u00f4nicos, endere\u00e7os de e-mail para correspond\u00eancias eletr\u00f4nicas e CPF.<\/p>\n<p style=\"text-align: justify\">Oportunamente esclarece, que a Coordena\u00e7\u00e3o Regional de Educa\u00e7\u00e3o de Itapaci instituir\u00e1 comiss\u00e3o pr\u00f3pria para as an\u00e1lises curriculares, que ser\u00e1 composta por integrante do Sindicato da categoria e membros da CRE, objetivando assim, a ado\u00e7\u00e3o de medidas e provid\u00eancias pertinentes ao suprimento de todos os d\u00e9ficits de professores existentes na Rede Estadual de Educa\u00e7\u00e3o, que garantam os servi\u00e7os prestados \u00e0 comunidade goiana.<\/p>\n<p style=\"text-align: center\">SEDUC\/GO<\/p>\n<hr \/>\n<h3 style=\"text-align: center\"><strong>COMUNICADO<\/strong><\/h3>\n<p style=\"text-align: center\"><strong>PARA CONTRATA\u00c7\u00c3O TEMPOR\u00c1RIA<\/strong><\/p>\n<pre class=\"MsoNormal\" style=\"text-align: center;line-height: 115%\">Publica\u00e7\u00e3o: 28\/02\/2024\nEncerramento: 04\/03\/2024 \u00e0s 18h\n\n<\/pre>\n<p style=\"text-align: center\"><span style=\"color: red\"><strong>ENCERRADO<\/strong><\/span><\/p>\n<p style=\"text-align: justify\">O Governo do Estado de Goi\u00e1s, atrav\u00e9s da Secretaria de Estado da Educa\u00e7\u00e3o, diante da inexist\u00eancia de candidatos habilitados e remanescentes a serem convocados pelo Processo Seletivo Simplificado Edital n\u00ba 008\/2021 \u2013 SEAD e considerando a exist\u00eancia de d\u00e9ficits de professores nas unidades escolares\u00a0 pertencentes ao munic\u00edpio de Crix\u00e1s, jurisdicionado \u00e0 Coordena\u00e7\u00e3o Regional de Educa\u00e7\u00e3o (CRE) de Itapaci, informamos que estamos recebendo curr\u00edculos para sele\u00e7\u00e3o e contrata\u00e7\u00e3o tempor\u00e1ria com natureza emergencial para atender aos interesses da Administra\u00e7\u00e3o, para trabalhar como Professor de Hist\u00f3ria, no Col\u00e9gio Estadual Manoel Lino de Carvalho, com carga hor\u00e1ria de 40 horas, nos turnos Matutino, Vespertino e Noturno. Gradua\u00e7\u00e3o exigida Licenciatura em HIST\u00d3RIA.<\/p>\n<p style=\"text-align: justify\">Os interessados devem encaminhar Curr\u00edculo ao e-mail oficial da Coordena\u00e7\u00e3o Regional de Educa\u00e7\u00e3o (regional.itapaci@seduc.go.gov.br), contendo os contatos telef\u00f4nicos, endere\u00e7os de e-mail para correspond\u00eancias eletr\u00f4nicas e CPF.<\/p>\n<p style=\"text-align: justify\">Oportunamente esclarece, que a Coordena\u00e7\u00e3o Regional de Educa\u00e7\u00e3o de Itapaci instituir\u00e1 comiss\u00e3o pr\u00f3pria para as an\u00e1lises curriculares, que ser\u00e1 composta por integrante do Sindicato da categoria e membros da CRE, objetivando assim, a ado\u00e7\u00e3o de medidas e provid\u00eancias pertinentes ao suprimento de todos os d\u00e9ficits de professores existentes na Rede Estadual de Educa\u00e7\u00e3o, que garantam os servi\u00e7os prestados \u00e0 comunidade goiana.<\/p>\n<p style=\"text-align: center\">SEDUC\/GO<\/p>\n<hr \/>\n<h3 style=\"text-align: center\"><strong>COMUNICADO<\/strong><\/h3>\n<p style=\"text-align: center\"><strong>PARA CONTRATA\u00c7\u00c3O TEMPOR\u00c1RIA<\/strong><\/p>\n<pre class=\"MsoNormal\" style=\"text-align: center;line-height: 115%\">Publica\u00e7\u00e3o: 28\/02\/2024\nEncerramento: 04\/03\/2024 \u00e0s 18h\n\n<\/pre>\n<p style=\"text-align: center\"><span style=\"color: red\"><strong>ENCERRADO<\/strong><\/span><\/p>\n<p style=\"text-align: justify\">O Governo do Estado de Goi\u00e1s, atrav\u00e9s da Secretaria de Estado da Educa\u00e7\u00e3o, diante da inexist\u00eancia de candidatos habilitados e remanescentes a serem convocados pelo Processo Seletivo Simplificado Edital n\u00ba 008\/2021 \u2013 SEAD e considerando a exist\u00eancia de d\u00e9ficits de professores nas unidades escolares\u00a0 pertencentes ao munic\u00edpio de Campos Verdes, jurisdicionado \u00e0 Coordena\u00e7\u00e3o Regional de Educa\u00e7\u00e3o (CRE) de Itapaci, informamos que estamos recebendo curr\u00edculos para sele\u00e7\u00e3o e contrata\u00e7\u00e3o tempor\u00e1ria com natureza emergencial para atender aos interesses da Administra\u00e7\u00e3o, para trabalhar como Professor de F\u00edsica, no Col\u00e9gio Estadual Edmundo Rocha, com carga hor\u00e1ria de 30 horas, no turno Matutino, Vespertino e Noturno. Gradua\u00e7\u00e3o exigida Licenciatura em F\u00cdSICA.<\/p>\n<p style=\"text-align: justify\">Os interessados devem encaminhar Curr\u00edculo ao e-mail oficial da Coordena\u00e7\u00e3o Regional de Educa\u00e7\u00e3o (regional.itapaci@seduc.go.gov.br), contendo os contatos telef\u00f4nicos, endere\u00e7os de e-mail para correspond\u00eancias eletr\u00f4nicas e CPF.<\/p>\n<p style=\"text-align: justify\">Oportunamente esclarece, que a Coordena\u00e7\u00e3o Regional de Educa\u00e7\u00e3o de Itapaci instituir\u00e1 comiss\u00e3o pr\u00f3pria para as an\u00e1lises curriculares, que ser\u00e1 composta por integrante do Sindicato da categoria e membros da CRE, objetivando assim, a ado\u00e7\u00e3o de medidas e provid\u00eancias pertinentes ao suprimento de todos os d\u00e9ficits de professores existentes na Rede Estadual de Educa\u00e7\u00e3o, que garantam os servi\u00e7os prestados \u00e0 comunidade goiana.<\/p>\n<p style=\"text-align: center\">SEDUC\/GO<\/p>\n<hr \/>\n<h3 style=\"text-align: center\"><strong>COMUNICADO<\/strong><\/h3>\n<pre class=\"MsoNormal\" style=\"text-align: center;line-height: 115%\">Publica\u00e7\u00e3o: 08\/02\/2024\nEncerramento: 15\/02\/2024 \u00e0s 18h\n<\/pre>\n<p style=\"text-align: center\"><span style=\"color: red\"><strong>ENCERRADO<\/strong><\/span><\/p>\n<p style=\"text-align: justify\">O Governo do Estado de Goi\u00e1s, atrav\u00e9s da Secretaria de Estado da Educa\u00e7\u00e3o, diante da inexist\u00eancia de candidatos habilitados e remanescentes a serem convocados pelo Processo Seletivo Simplificado Edital n\u00ba 008\/2021 \u2013 SEAD e considerando a exist\u00eancia de d\u00e9ficits de professores nas unidades escolares \u00a0pertencentes ao munic\u00edpio de Itapaci, jurisdicionado \u00e0 Coordena\u00e7\u00e3o Regional de Educa\u00e7\u00e3o (CRE) de Itapaci, informamos que estamos recebendo curr\u00edculos para sele\u00e7\u00e3o e contrata\u00e7\u00e3o tempor\u00e1ria com natureza emergencial para atender aos interesses da Administra\u00e7\u00e3o, para trabalhar como Professor Substituto de L\u00edngua Portuguesa, no CEPMG Geralda Andrade Martins, com carga hor\u00e1ria de 30 horas, nos turnos Matutino e Vespertino. Gradua\u00e7\u00e3o exigida L\u00edngua Portuguesa.<\/p>\n<p style=\"text-align: justify\">Os interessados devem encaminhar Curr\u00edculo ao e-mail oficial da Coordena\u00e7\u00e3o Regional de Educa\u00e7\u00e3o (regional.itapaci@seduc.go.gov.br), contendo os contatos telef\u00f4nicos, endere\u00e7os de e-mail para correspond\u00eancias eletr\u00f4nicas e CPF.<\/p>\n<p style=\"text-align: justify\">Oportunamente esclarece, que a Coordena\u00e7\u00e3o Regional de Educa\u00e7\u00e3o de Itapaci instituir\u00e1 comiss\u00e3o pr\u00f3pria para as an\u00e1lises curriculares, que ser\u00e1 composta por integrante do Sindicato da categoria e membros da CRE, objetivando assim, a ado\u00e7\u00e3o de medidas e provid\u00eancias pertinentes ao suprimento de todos os d\u00e9ficits de professores existentes na Rede Estadual de Educa\u00e7\u00e3o, que garantam os servi\u00e7os prestados \u00e0 comunidade goiana.<\/p>\n<p style=\"text-align: center\">SEDUC\/GO<\/p>\n<hr \/>\n<h3 style=\"text-align: center\"><strong>COMUNICADO<\/strong><\/h3>\n<pre class=\"MsoNormal\" style=\"text-align: center;line-height: 115%\">Publica\u00e7\u00e3o: 22\/01\/2024\nEncerramento: 25\/01\/2024 \u00e0s 18h<\/pre>\n<h3 align=\"center\"><span style=\"color: red\"><strong>ENCERRADO<\/strong><\/span><\/h3>\n<p style=\"text-align: justify\">O Governo do Estado de Goi\u00e1s, atrav\u00e9s da Secretaria de Estado da Educa\u00e7\u00e3o, diante da inexist\u00eancia de candidatos habilitados e remanescentes a serem convocados pelo Processo Seletivo Simplificado Edital n\u00ba 008\/2021 \u2013 SEAD e considerando a exist\u00eancia de d\u00e9ficits de professores nas unidades escolares\u00a0 pertencentes ao munic\u00edpio de Itapaci, jurisdicionado \u00e0 Coordena\u00e7\u00e3o Regional de Educa\u00e7\u00e3o (CRE) de Itapaci, informamos que estamos recebendo curr\u00edculos para sele\u00e7\u00e3o e contrata\u00e7\u00e3o tempor\u00e1ria com natureza emergencial para atender aos interesses da Administra\u00e7\u00e3o, para trabalhar como Coordenador Pedag\u00f3gico, na Escola Estadual Vicen\u00e7a Maria de Jesus, com carga hor\u00e1ria de 40 horas, nos turnos Matutino e Noturno. Gradua\u00e7\u00e3o exigida PEDAGOGIA.<\/p>\n<p style=\"text-align: justify\">Os interessados devem encaminhar Curr\u00edculo ao e-mail oficial da Coordena\u00e7\u00e3o Regional de Educa\u00e7\u00e3o (regional.itapaci@seduc.go.gov.br), contendo os contatos telef\u00f4nicos, endere\u00e7os de e-mail para correspond\u00eancias eletr\u00f4nicas e CPF.<\/p>\n<p style=\"text-align: justify\">Oportunamente esclarece, que a Coordena\u00e7\u00e3o Regional de Educa\u00e7\u00e3o de Itapaci instituir\u00e1 comiss\u00e3o pr\u00f3pria para as an\u00e1lises curriculares, que ser\u00e1 composta por integrante do Sindicato da categoria e membros da CRE, objetivando assim, a ado\u00e7\u00e3o de medidas e provid\u00eancias pertinentes ao suprimento de todos os d\u00e9ficits de professores existentes na Rede Estadual de Educa\u00e7\u00e3o, que garantam os servi\u00e7os prestados \u00e0 comunidade goiana.<\/p>\n<p style=\"text-align: center\">SEDUC\/GO<\/p>\n<hr \/>\n<h3 style=\"text-align: center\"><strong>COMUNICADO<\/strong><\/h3>\n<pre class=\"MsoNormal\" style=\"text-align: center;line-height: 115%\">Publica\u00e7\u00e3o: 20\/10\/2023\nEncerramento: 26\/10\/2023 \u00e0s 18h<\/pre>\n<h3 align=\"center\"><span style=\"color: red\"><strong>ENCERRADO<\/strong><\/span><\/h3>\n<p style=\"text-align: justify\">O Governo do Estado de Goi\u00e1s, atrav\u00e9s da Secretaria de Estado da Educa\u00e7\u00e3o, diante da inexist\u00eancia de candidatos habilitados e remanescentes a serem convocados pelo Processo Seletivo Simplificado Edital n\u00ba 008\/2021 \u2013 SEAD e considerando a exist\u00eancia de d\u00e9ficits de professores nas unidades escolares\u00a0 pertencentes ao munic\u00edpio de <strong>Santa Terezinha<\/strong>, jurisdicionado \u00e0 Coordena\u00e7\u00e3o Regional de Educa\u00e7\u00e3o (CRE) de Itapaci, informamos que estamos recebendo curr\u00edculos para sele\u00e7\u00e3o e contrata\u00e7\u00e3o tempor\u00e1ria com natureza emergencial para atender aos interesses da Administra\u00e7\u00e3o, para trabalhar com Atendimento Domiciliar, com carga hor\u00e1ria de 20 horas, nos turnos matutino e vespertino. Gradua\u00e7\u00e3o exigida <strong>PEDAGOGIA<\/strong>.<\/p>\n<p style=\"text-align: justify\">Os interessados devem encaminhar Curr\u00edculo ao e-mail oficial da Coordena\u00e7\u00e3o Regional de Educa\u00e7\u00e3o (regional.itapaci@seduc.go.gov.br), contendo os contatos telef\u00f4nicos, endere\u00e7os de e-mail para correspond\u00eancias eletr\u00f4nicas e CPF.<\/p>\n<p style=\"text-align: justify\">Oportunamente esclarece, que a Coordena\u00e7\u00e3o Regional de Educa\u00e7\u00e3o de Itapaci instituir\u00e1 comiss\u00e3o pr\u00f3pria para as an\u00e1lises curriculares, que ser\u00e1 composta por integrante do Sindicato da categoria e membros da CRE, objetivando assim, a ado\u00e7\u00e3o de medidas e provid\u00eancias pertinentes ao suprimento de todos os d\u00e9ficits de professores existentes na Rede Estadual de Educa\u00e7\u00e3o, que garantam os servi\u00e7os prestados \u00e0 comunidade goiana.<\/p>\n<p style=\"text-align: center\">SEDUC\/GO<\/p>\n<hr \/>\n<h3 style=\"text-align: center\"><strong>COMUNICADO<\/strong><\/h3>\n<pre class=\"MsoNormal\" style=\"text-align: center;line-height: 115%\">Publica\u00e7\u00e3o: 10\/10\/2023\nEncerramento: 16\/10\/2023 \u00e0s 18h<\/pre>\n<h3 align=\"center\"><span style=\"color: red\"><strong>ENCERRADO<\/strong><\/span><\/h3>\n<p style=\"text-align: justify\">O Governo do Estado de Goi\u00e1s, atrav\u00e9s da Secretaria de Estado da Educa\u00e7\u00e3o, diante da inexist\u00eancia de candidatos habilitados e remanescentes a serem convocados pelo Processo Seletivo Simplificado Edital n\u00ba 013\/2021 \u2013 SEAD e considerando a exist\u00eancia de d\u00e9ficits de professores nas unidades escolares\u00a0 pertencentes ao munic\u00edpio de <strong>Itapaci<\/strong>, jurisdicionado \u00e0 Coordena\u00e7\u00e3o Regional de Educa\u00e7\u00e3o (CRE) de Itapaci, informamos que estamos recebendo curr\u00edculos para sele\u00e7\u00e3o e contrata\u00e7\u00e3o tempor\u00e1ria com natureza emergencial de professor na \u00e1rea de <strong>HUMANAS <\/strong>para atender aos interesses da Administra\u00e7\u00e3o, ministrando aulas no CEPI Santa Terezinha nos turnos matutino e vespertino\u00a0 com as seguintes aulas: Ensino Religioso 01 aula, Geografia 16 aulas, Sociologia 01 aula, Estudo Orientado 02 aulas, Eletivas 02 aulas, Trilha de Geografia 02 aulas, Hist\u00f3ria 08 aulas.<\/p>\n<p style=\"text-align: justify\">Os interessados devem encaminhar Curr\u00edculo ao e-mail oficial da Coordena\u00e7\u00e3o Regional de Educa\u00e7\u00e3o (regional.itapaci@seduc.go.gov.br), contendo os contatos telef\u00f4nicos, endere\u00e7os de e-mail para correspond\u00eancias eletr\u00f4nicas e CPF.<\/p>\n<p style=\"text-align: justify\">Oportunamente esclarece, que a Coordena\u00e7\u00e3o Regional de Educa\u00e7\u00e3o de Itapaci instituir\u00e1 comiss\u00e3o pr\u00f3pria para as an\u00e1lises curriculares, que ser\u00e1 composta por integrante do Sindicato da categoria e membros da CRE, objetivando assim, a ado\u00e7\u00e3o de medidas e provid\u00eancias pertinentes ao suprimento de todos os d\u00e9ficits de professores existentes na Rede Estadual de Educa\u00e7\u00e3o, que garantam os servi\u00e7os prestados \u00e0 comunidade goiana.<\/p>\n<p style=\"text-align: center\">SEDUC\/GO<\/p>\n<hr \/>\n<h3 style=\"text-align: center\"><strong>COMUNICADO<\/strong><\/h3>\n<pre class=\"MsoNormal\" style=\"text-align: center;line-height: 115%\">Publica\u00e7\u00e3o: 05\/10\/2023\nEncerramento: 11\/10\/2023 \u00e0s 18h<\/pre>\n<h3 align=\"center\"><span style=\"color: red\"><strong>ENCERRADO<\/strong><\/span><\/h3>\n<p style=\"text-align: justify\">O Governo do Estado de Goi\u00e1s, atrav\u00e9s da Secretaria de Estado da Educa\u00e7\u00e3o, diante da inexist\u00eancia de candidatos habilitados e remanescentes a serem convocados pelo Processo Seletivo Simplificado Edital n\u00ba 013\/2021 \u2013 SEAD e considerando a exist\u00eancia de d\u00e9ficits de professores nas unidades escolares\u00a0 pertencentes ao munic\u00edpio de <strong>Itapaci<\/strong>, jurisdicionado \u00e0 Coordena\u00e7\u00e3o Regional de Educa\u00e7\u00e3o (CRE) de Itapaci, informamos que estamos recebendo curr\u00edculos para sele\u00e7\u00e3o e contrata\u00e7\u00e3o tempor\u00e1ria com natureza emergencial de professor de <strong>GEOGRAFIA <\/strong>para atender aos interesses da Administra\u00e7\u00e3o, ministrando aulas no CEPMG Geralda Andrade Martins nos turnos<strong> matutino e vespertino<\/strong> com as seguintes aulas: 12 aulas de geografia, 04 aulas de T\u00f3picos de Ci\u00eancias Humanas, 04 aulas de Filosofia, totalizando 20 aulas.<\/p>\n<p style=\"text-align: justify\">Os interessados devem encaminhar Curr\u00edculo ao e-mail oficial da Coordena\u00e7\u00e3o Regional de Educa\u00e7\u00e3o (regional.itapaci@seduc.go.gov.br), contendo os contatos telef\u00f4nicos, endere\u00e7os de e-mail para correspond\u00eancias eletr\u00f4nicas e CPF.<\/p>\n<p style=\"text-align: justify\">Oportunamente esclarece, que a Coordena\u00e7\u00e3o Regional de Educa\u00e7\u00e3o de Itapaci instituir\u00e1 comiss\u00e3o pr\u00f3pria para as an\u00e1lises curriculares, que ser\u00e1 composta por integrante do Sindicato da categoria e membros da CRE, objetivando assim, a ado\u00e7\u00e3o de medidas e provid\u00eancias pertinentes ao suprimento de todos os d\u00e9ficits de professores existentes na Rede Estadual de Educa\u00e7\u00e3o, que garantam os servi\u00e7os prestados \u00e0 comunidade goiana.<\/p>\n<p style=\"text-align: center\">SEDUC\/GO<\/p>\n<hr \/>\n<h3 align=\"center\"><strong>COMUNICADO<\/strong><\/h3>\n<pre style=\"text-align: center\">Publica\u00e7\u00e3o: 22\/09\/2023\nEncerramento: 27\/09\/2023 \u00e0s 18h<\/pre>\n<h3 align=\"center\"><span style=\"color: red\"><strong>ENCERRADO<\/strong><\/span><\/h3>\n<p style=\"text-align: justify\">O Governo do Estado de Goi\u00e1s, atrav\u00e9s da Secretaria de Estado da Educa\u00e7\u00e3o, diante da inexist\u00eancia de candidatos habilitados e remanescentes a serem convocados pelo Processo Seletivo Simplificado Edital n\u00ba 008\/2021 \u2013 SEAD e considerando a exist\u00eancia de d\u00e9ficits de professores nas unidades escolares \u00a0pertencentes ao munic\u00edpio de Santa Terezinha, jurisdicionado \u00e0 Coordena\u00e7\u00e3o Regional de Educa\u00e7\u00e3o (CRE) de Itapaci, informamos que estamos recebendo curr\u00edculos para sele\u00e7\u00e3o e contrata\u00e7\u00e3o tempor\u00e1ria com natureza emergencial para atender aos interesses da Administra\u00e7\u00e3o, para trabalhar com Atendimento Domiciliar, com carga hor\u00e1ria de 20 horas, nos turnos matutino e vespertino. Gradua\u00e7\u00e3o exigida PEDAGOGIA.<\/p>\n<p style=\"text-align: justify\">Os interessados devem encaminhar Curr\u00edculo ao e-mail oficial da Coordena\u00e7\u00e3o Regional de Educa\u00e7\u00e3o (regional.itapaci@seduc.go.gov.br), contendo os <strong>contatos telef\u00f4nicos, endere\u00e7os de e-mail para correspond\u00eancias eletr\u00f4nicas e CPF.<\/strong><\/p>\n<p style=\"text-align: justify\">Oportunamente esclarece, que a Coordena\u00e7\u00e3o Regional de Educa\u00e7\u00e3o de Itapaci instituir\u00e1 comiss\u00e3o pr\u00f3pria para as an\u00e1lises curriculares, que ser\u00e1 composta por integrante do Sindicato da categoria e membros da CRE, objetivando assim, a ado\u00e7\u00e3o de medidas e provid\u00eancias pertinentes ao suprimento de todos os d\u00e9ficits de professores existentes na Rede Estadual de Educa\u00e7\u00e3o, que garantam os servi\u00e7os prestados \u00e0 comunidade goiana.<\/p>\n<p align=\"center\">SEDUC\/GO<\/p>\n<hr \/>\n<h3 align=\"center\"><strong>COMUNICADO<\/strong><\/h3>\n<pre style=\"text-align: center\"><s>Publica\u00e7\u00e3o: 20\/09\/2023\nEncerramento: 25\/09\/2023 \u00e0s 18h<\/s><\/pre>\n<h3 align=\"center\"><span style=\"color: red\"><strong>CANCELADO<\/strong><\/span><\/h3>\n<p style=\"text-align: justify\"><s>O Governo do Estado de Goi\u00e1s, atrav\u00e9s da Secretaria de Estado da Educa\u00e7\u00e3o, diante da inexist\u00eancia de candidatos habilitados e remanescentes a serem convocados pelo Processo Seletivo Simplificado Edital n\u00ba 008\/2021 \u2013 SEAD e considerando a exist\u00eancia de d\u00e9ficits de professores nas unidades escolares \u00a0pertencentes ao munic\u00edpio de Santa Terezinha, jurisdicionado \u00e0 Coordena\u00e7\u00e3o Regional de Educa\u00e7\u00e3o (CRE) de Itapaci, informamos que estamos recebendo curr\u00edculos para sele\u00e7\u00e3o e contrata\u00e7\u00e3o tempor\u00e1ria com natureza emergencial para atender aos interesses da Administra\u00e7\u00e3o, para trabalhar com Atendimento Domiciliar, com carga hor\u00e1ria de 40 horas, nos turnos matutino e vespertino. Gradua\u00e7\u00e3o exigida PEDAGOGIA.<\/s><\/p>\n<p style=\"text-align: justify\"><s>Os interessados devem encaminhar Curr\u00edculo ao e-mail oficial da Coordena\u00e7\u00e3o Regional de Educa\u00e7\u00e3o (regional.itapaci@seduc.go.gov.br), contendo os <strong>contatos telef\u00f4nicos, endere\u00e7os de e-mail para correspond\u00eancias eletr\u00f4nicas e CPF.<\/strong><\/s><\/p>\n<p style=\"text-align: justify\"><s>Oportunamente esclarece, que a Coordena\u00e7\u00e3o Regional de Educa\u00e7\u00e3o de Itapaci instituir\u00e1 comiss\u00e3o pr\u00f3pria para as an\u00e1lises curriculares, que ser\u00e1 composta por integrante do Sindicato da categoria e membros da CRE, objetivando assim, a ado\u00e7\u00e3o de medidas e provid\u00eancias pertinentes ao suprimento de todos os d\u00e9ficits de professores existentes na Rede Estadual de Educa\u00e7\u00e3o, que garantam os servi\u00e7os prestados \u00e0 comunidade goiana.<\/s><\/p>\n<p align=\"center\">SEDUC\/GO<\/p>\n<hr \/>\n<h3 align=\"center\"><strong>COMUNICADO<\/strong><\/h3>\n<pre style=\"text-align: center\">Publica\u00e7\u00e3o: 01\/09\/2023\nEncerramento: 06\/09\/2023 \u00e0s 18h<\/pre>\n<h3 align=\"center\"><span style=\"color: red\"><strong>ENCERRADO<\/strong><\/span><\/h3>\n<p style=\"text-align: justify\">O Governo do Estado de Goi\u00e1s, atrav\u00e9s da Secretaria de Estado da Educa\u00e7\u00e3o, diante da inexist\u00eancia de candidatos habilitados e remanescentes a serem convocados pelo Processo Seletivo Simplificado Edital n\u00ba 013\/2021 \u2013 SEAD e considerando a exist\u00eancia de d\u00e9ficits de professores nas unidades escolares pertencentes ao munic\u00edpio de Uirapuru, jurisdicionados \u00e0 Coordena\u00e7\u00e3o Regional de Educa\u00e7\u00e3o (CRE) de Itapaci, informamos que estamos recebendo curr\u00edculos para sele\u00e7\u00e3o e contrata\u00e7\u00e3o tempor\u00e1ria com natureza emergencial de Ci\u00eancias Biol\u00f3gicas para atender aos interesses da Administra\u00e7\u00e3o, para atuar como professor com 06 aulas de Biologia, 05 aulas de Qu\u00edmica, Trilhas de Aprofundamento 02 de Qu\u00edmica, 02 de Biologia e 01 de Arte. Totalizando 16 aulas.<\/p>\n<p style=\"text-align: justify\">Os interessados devem encaminhar Curr\u00edculo ao e-mail oficial da Coordena\u00e7\u00e3o Regional de Educa\u00e7\u00e3o (regional.itapaci@seduc.go.gov.br), contendo os contatos telef\u00f4nicos, endere\u00e7os de e-mail para correspond\u00eancias eletr\u00f4nicas e CPF<strong>.<\/strong><\/p>\n<p style=\"text-align: justify\">Oportunamente esclarece, que a Coordena\u00e7\u00e3o Regional de Educa\u00e7\u00e3o de Itapaci instituir\u00e1 comiss\u00e3o pr\u00f3pria para as an\u00e1lises curriculares, que ser\u00e1 composta por integrante do Sindicato da categoria e membros da CRE, objetivando assim, a ado\u00e7\u00e3o de medidas e provid\u00eancias pertinentes ao suprimento de todos os d\u00e9ficits de professores existentes na Rede Estadual de Educa\u00e7\u00e3o, que garantam os servi\u00e7os prestados \u00e0 comunidade goiana.<\/p>\n<p align=\"center\">SEDUC\/GO<\/p>\n<hr \/>\n<h3 align=\"center\"><strong>COMUNICADO<\/strong><\/h3>\n<pre style=\"text-align: center\">Publica\u00e7\u00e3o: 07\/08\/2023\nEncerramento: 10\/08\/2023 \u00e0s 18h<\/pre>\n<h3 align=\"center\"><span style=\"color: red\"><strong>ENCERRADO<\/strong><\/span><\/h3>\n<p style=\"text-align: justify\">O Governo do Estado de Goi\u00e1s, atrav\u00e9s da Secretaria de Estado da Educa\u00e7\u00e3o, diante da inexist\u00eancia de candidatos habilitados e remanescentes a serem convocados pelo Processo Seletivo Simplificado Edital n\u00ba 013\/2021 \u2013 SEAD e considerando a exist\u00eancia de d\u00e9ficits de professores nas unidades escolares \u00a0pertencentes ao munic\u00edpio de <strong>Itapaci<\/strong>, jurisdicionado \u00e0 Coordena\u00e7\u00e3o Regional de Educa\u00e7\u00e3o (CRE) de Itapaci, informamos que estamos recebendo curr\u00edculos para sele\u00e7\u00e3o e contrata\u00e7\u00e3o tempor\u00e1ria com natureza emergencial de <strong>Pedagogos <\/strong>para atender aos interesses da Administra\u00e7\u00e3o, para atuar como professor de AEE no CEPMG Geralda Andrade Martins com carga hor\u00e1ria de <strong>40 horas <\/strong>e um <strong>Profissional\u00a0 de Apoio Domiciliar com carga hor\u00e1ria de 20 horas<\/strong> no CEPI Santa Terezinha.<\/p>\n<p style=\"text-align: justify\">Os interessados devem encaminhar Curr\u00edculo ao e-mail oficial da Coordena\u00e7\u00e3o Regional de Educa\u00e7\u00e3o (regional.itapaci@seduc.go.gov.br), contendo os contatos telef\u00f4nicos, endere\u00e7os de e-mail para correspond\u00eancias eletr\u00f4nicas e CPF.<\/p>\n<p style=\"text-align: justify\">Oportunamente esclarece, que a Coordena\u00e7\u00e3o Regional de Educa\u00e7\u00e3o de Itapaci instituir\u00e1 comiss\u00e3o pr\u00f3pria para as an\u00e1lises curriculares, que ser\u00e1 composta por integrante do Sindicato da categoria e membros da CRE, objetivando assim, a ado\u00e7\u00e3o de medidas e provid\u00eancias pertinentes ao suprimento de todos os d\u00e9ficits de professores existentes na Rede Estadual de Educa\u00e7\u00e3o, que garantam os servi\u00e7os prestados \u00e0 comunidade goiana.<\/p>\n<p align=\"center\">SEDUC\/GO<\/p>\n<hr \/>\n<h3 align=\"center\"><strong>COMUNICADO<\/strong><\/h3>\n<pre style=\"text-align: center\">Publica\u00e7\u00e3o: 02\/08\/2023\nEncerramento: 07\/08\/2023 \u00e0s 18h<\/pre>\n<h3 align=\"center\"><span style=\"color: red\"><strong>ENCERRADO<\/strong><\/span><\/h3>\n<p style=\"text-align: justify\">O Governo do Estado de Goi\u00e1s, atrav\u00e9s da Secretaria de Estado da Educa\u00e7\u00e3o, diante da inexist\u00eancia de candidatos habilitados e remanescentes a serem convocados pelo Processo Seletivo Simplificado Edital n\u00ba 008\/2021 \u2013 SEAD e considerando a exist\u00eancia de d\u00e9ficits de professores nas unidades escolares \u00a0pertencentes ao munic\u00edpio de <strong>Crix\u00e1s<\/strong>, jurisdicionado \u00e0 Coordena\u00e7\u00e3o Regional de Educa\u00e7\u00e3o (CRE) de Itapaci, informamos que estamos recebendo curr\u00edculos para sele\u00e7\u00e3o e contrata\u00e7\u00e3o tempor\u00e1ria com natureza emergencial para atender aos interesses da Administra\u00e7\u00e3o, para ministrar aulas nas disciplina(s) <strong>Hist\u00f3ria 09 aulas, Filosofia 03 aulas, Sociologia 02 aulas, Eletivas 02 aulas, Projeto de Vida 04 aulas, Estudo Orientado II 04 aulas, Arte 05 aulas, Geografia 02 aulas, totalizando 31 aulas<\/strong>.<\/p>\n<p style=\"text-align: justify\">Os interessados devem encaminhar Curr\u00edculo ao e-mail oficial da Coordena\u00e7\u00e3o Regional de Educa\u00e7\u00e3o (regional.itapaci@seduc.go.gov.br), contendo os contatos telef\u00f4nicos, endere\u00e7os de e-mail para correspond\u00eancias eletr\u00f4nicas e CPF.<\/p>\n<p style=\"text-align: justify\">Oportunamente esclarece, que a Coordena\u00e7\u00e3o Regional de Educa\u00e7\u00e3o de Itapaci instituir\u00e1 comiss\u00e3o pr\u00f3pria para as an\u00e1lises curriculares, que ser\u00e1 composta por integrante do Sindicato da categoria e membros da CRE, objetivando assim, a ado\u00e7\u00e3o de medidas e provid\u00eancias pertinentes ao suprimento de todos os d\u00e9ficits de professores existentes na Rede Estadual de Educa\u00e7\u00e3o, que garantam os servi\u00e7os prestados \u00e0 comunidade goiana.<\/p>\n<p align=\"center\">SEDUC\/GO<\/p>\n<hr \/>\n<h3 align=\"center\"><strong>COMUNICADO<\/strong><\/h3>\n<pre style=\"text-align: center\">Publica\u00e7\u00e3o: 11\/05\/2023\nEncerramento: 16\/05\/2023 \u00e0s 18h<\/pre>\n<h3 align=\"center\"><span style=\"color: red\"><strong>ENCERRADO<\/strong><\/span><\/h3>\n<p style=\"text-align: justify\">O Governo do Estado de Goi\u00e1s, atrav\u00e9s da Secretaria de Estado da Educa\u00e7\u00e3o, diante da inexist\u00eancia de candidatos habilitados e remanescentes a serem convocados pelo Processo Seletivo Simplificado Edital n\u00ba 008\/2021 \u2013 SEAD e considerando a exist\u00eancia de d\u00e9ficits de professores nas unidades escolares \u00a0pertencentes ao munic\u00edpio de <strong>Campos Verdes<\/strong>, jurisdicionados \u00e0 Coordena\u00e7\u00e3o Regional de Educa\u00e7\u00e3o (CRE) de Itapaci, informamos que estamos recebendo curr\u00edculos para sele\u00e7\u00e3o e contrata\u00e7\u00e3o tempor\u00e1ria com natureza emergencial para atender aos interesses da Administra\u00e7\u00e3o, para ministrar aulas nas disciplina(s) <strong>Matem\u00e1tica<\/strong>.<\/p>\n<p style=\"text-align: justify\">Os interessados devem encaminhar Curr\u00edculo ao e-mail oficial da Coordena\u00e7\u00e3o Regional de Educa\u00e7\u00e3o (<strong>regional.itapaci@seduc.go.gov.br<\/strong>), contendo os contatos telef\u00f4nicos, endere\u00e7os de e-mail para correspond\u00eancias eletr\u00f4nicas e CPF.<\/p>\n<p style=\"text-align: justify\">Oportunamente esclarece, que a Coordena\u00e7\u00e3o Regional de Educa\u00e7\u00e3o de Itapaci instituir\u00e1 comiss\u00e3o pr\u00f3pria para as an\u00e1lises curriculares, que ser\u00e1 composta por integrante do Sindicato da categoria e membros da CRE, objetivando assim, a ado\u00e7\u00e3o de medidas e provid\u00eancias pertinentes ao suprimento de todos os d\u00e9ficits de professores existentes na Rede Estadual de Educa\u00e7\u00e3o, que garantam os servi\u00e7os prestados \u00e0 comunidade goiana.<\/p>\n<p align=\"center\">SEDUC\/GO<\/p>\n<hr \/>\n<h3 align=\"center\"><strong>COMUNICADO<\/strong><\/h3>\n<pre style=\"text-align: center\">Publica\u00e7\u00e3o: 10\/05\/2023\nEncerramento: 15\/05\/2023 \u00e0s 18h<\/pre>\n<h3 align=\"center\"><span style=\"color: red\"><strong>ENCERRADO<\/strong><\/span><\/h3>\n<p style=\"text-align: justify\">O Governo do Estado de Goi\u00e1s, atrav\u00e9s da Secretaria de Estado da Educa\u00e7\u00e3o, diante da inexist\u00eancia de candidatos habilitados e remanescentes a serem convocados pelo Processo Seletivo Simplificado Edital n\u00ba 008\/2021 \u2013 SEAD e considerando a exist\u00eancia de d\u00e9ficits de professores nas unidades escolares \u00a0pertencentes ao munic\u00edpio de <strong>Crix\u00e1s<\/strong>, jurisdicionado \u00e0 Coordena\u00e7\u00e3o Regional de Educa\u00e7\u00e3o (CRE) de Itapaci, informamos que estamos recebendo curr\u00edculos para sele\u00e7\u00e3o e contrata\u00e7\u00e3o tempor\u00e1ria com natureza emergencial para atender aos interesses da Administra\u00e7\u00e3o, para ministrar aulas nas disciplina(s) <strong>L\u00edngua Portuguesa e L\u00edngua Inglesa.<\/strong><\/p>\n<p style=\"text-align: justify\">Os interessados devem encaminhar Curr\u00edculo ao e-mail oficial da Coordena\u00e7\u00e3o Regional de Educa\u00e7\u00e3o (<strong>regional.itapaci@seduc.go.gov.br<\/strong>), contendo os contatos telef\u00f4nicos, endere\u00e7os de e-mail para correspond\u00eancias eletr\u00f4nicas e CPF.<\/p>\n<p style=\"text-align: justify\">Oportunamente esclarece, que a Coordena\u00e7\u00e3o Regional de Educa\u00e7\u00e3o de Itapaci instituir\u00e1 comiss\u00e3o pr\u00f3pria para as an\u00e1lises curriculares, que ser\u00e1 composta por integrante do Sindicato da categoria e membros da CRE, objetivando assim, a ado\u00e7\u00e3o de medidas e provid\u00eancias pertinentes ao suprimento de todos os d\u00e9ficits de professores existentes na Rede Estadual de Educa\u00e7\u00e3o, que garantam os servi\u00e7os prestados \u00e0 comunidade goiana.<\/p>\n<p align=\"center\">SEDUC\/GO<\/p>\n<hr \/>\n<h3 align=\"center\"><strong>COMUNICADO<\/strong><\/h3>\n<pre style=\"text-align: center\">Publica\u00e7\u00e3o: 08\/05\/2023\nEncerramento: 11\/05\/2023 \u00e0s 18h<\/pre>\n<h3 align=\"center\"><span style=\"color: red\"><strong>ENCERRADO<\/strong><\/span><\/h3>\n<p style=\"text-align: justify\">O Governo do Estado de Goi\u00e1s, atrav\u00e9s da Secretaria de Estado da Educa\u00e7\u00e3o, diante da inexist\u00eancia de candidatos habilitados e remanescentes a serem convocados pelo Processo Seletivo Simplificado Edital n\u00ba 013\/2021 \u2013 SEAD e considerando a exist\u00eancia de d\u00e9ficits de professores nas unidades escolares \u00a0pertencentes ao munic\u00edpio de<strong> Crix\u00e1s e Itapaci<\/strong>, jurisdicionado \u00e0 Coordena\u00e7\u00e3o Regional de Educa\u00e7\u00e3o (CRE) de Itapaci, informamos que estamos recebendo curr\u00edculos para sele\u00e7\u00e3o e contrata\u00e7\u00e3o tempor\u00e1ria com natureza emergencial para atender aos interesses da Administra\u00e7\u00e3o, para ministrar aulas como professor de <strong>Banda\u00a0 no CPMG Prud\u00eancio Ferreira em Crix\u00e1s\u00a0 e na Escola Estadual Luiz Alves Machado em Itapaci, nos turnos matutino e vespertino com carga hor\u00e1ria de 40 horas<\/strong>.<\/p>\n<p style=\"text-align: justify\">Os interessados devem encaminhar Curr\u00edculo ao e-mail oficial da Coordena\u00e7\u00e3o Regional de Educa\u00e7\u00e3o (<strong>regional.itapaci@seduc.go.gov.br<\/strong>), contendo os contatos telef\u00f4nicos, endere\u00e7os de e-mail para correspond\u00eancias eletr\u00f4nicas e CPF.<\/p>\n<p style=\"text-align: justify\">Oportunamente esclarece, que a Coordena\u00e7\u00e3o Regional de Educa\u00e7\u00e3o de Itapaci instituir\u00e1 comiss\u00e3o pr\u00f3pria para as an\u00e1lises curriculares, que ser\u00e1 composta por integrante do Sindicato da categoria e membros da CRE, objetivando assim, a ado\u00e7\u00e3o de medidas e provid\u00eancias pertinentes ao suprimento de todos os d\u00e9ficits de professores existentes na Rede Estadual de Educa\u00e7\u00e3o, que garantam os servi\u00e7os prestados \u00e0 comunidade goiana.<\/p>\n<p align=\"center\">SEDUC\/GO<\/p>\n<hr \/>\n<h3 align=\"center\"><strong>COMUNICADO<\/strong><\/h3>\n<pre style=\"text-align: center\">Publica\u00e7\u00e3o: 27\/04\/2023\nEncerramento: 03\/05\/2023 \u00e0s 18h<\/pre>\n<h3 align=\"center\"><span style=\"color: red\"><strong>ENCERRADO<\/strong><\/span><\/h3>\n<p style=\"text-align: justify\">O Governo do Estado de Goi\u00e1s, atrav\u00e9s da Secretaria de Estado da Educa\u00e7\u00e3o, diante da inexist\u00eancia de candidatos habilitados e remanescentes a serem convocados pelo Processo Seletivo Simplificado Edital n\u00ba 013\/2021 \u2013 SEAD e considerando a exist\u00eancia de d\u00e9ficits de professores nas unidades escolares \u00a0pertencentes ao munic\u00edpio de <strong>Itapaci<\/strong>, jurisdicionado \u00e0 Coordena\u00e7\u00e3o Regional de Educa\u00e7\u00e3o (CRE) de Itapaci, informamos que estamos recebendo curr\u00edculos para sele\u00e7\u00e3o e contrata\u00e7\u00e3o tempor\u00e1ria com natureza emergencial para atender aos interesses da Administra\u00e7\u00e3o, para ministrar aulas como <strong>professor de Banda\u00a0 no CEPMG Geralda Andrade Martins nos turnos matutino e vespertino com carga hor\u00e1ria de 40 horas.<\/strong><\/p>\n<p style=\"text-align: justify\">Os interessados devem encaminhar Curr\u00edculo ao e-mail oficial da Coordena\u00e7\u00e3o Regional de Educa\u00e7\u00e3o (<strong>regional.itapaci@seduc.go.gov.br<\/strong>), contendo os contatos telef\u00f4nicos, endere\u00e7os de e-mail para correspond\u00eancias eletr\u00f4nicas e CPF.<\/p>\n<p style=\"text-align: justify\">Oportunamente esclarece, que a Coordena\u00e7\u00e3o Regional de Educa\u00e7\u00e3o de Itapaci instituir\u00e1 comiss\u00e3o pr\u00f3pria para as an\u00e1lises curriculares, que ser\u00e1 composta por integrante do Sindicato da categoria e membros da CRE, objetivando assim, a ado\u00e7\u00e3o de medidas e provid\u00eancias pertinentes ao suprimento de todos os d\u00e9ficits de professores existentes na Rede Estadual de Educa\u00e7\u00e3o, que garantam os servi\u00e7os prestados \u00e0 comunidade goiana.<\/p>\n<p align=\"center\">SEDUC\/GO<\/p>\n<hr \/>\n<h3 align=\"center\"><strong>COMUNICADO<\/strong><\/h3>\n<pre style=\"text-align: center\">Publica\u00e7\u00e3o: 05\/04\/2023\nEncerramento: 12\/04\/2023 \u00e0s 18h<\/pre>\n<h3 align=\"center\"><span style=\"color: red\"><strong>ENCERRADO<\/strong><\/span><\/h3>\n<p style=\"text-align: justify\">O Governo do Estado de Goi\u00e1s, atrav\u00e9s da Secretaria de Estado da Educa\u00e7\u00e3o, diante da inexist\u00eancia de candidatos habilitados e remanescentes a serem convocados pelo Processo Seletivo Simplificado Edital n\u00ba 008\/2021 \u2013 SEAD e considerando a exist\u00eancia de d\u00e9ficits de professores nas unidades escolares \u00a0pertencentes ao munic\u00edpio de <strong>Crix\u00e1s<\/strong>, jurisdicionado \u00e0 Coordena\u00e7\u00e3o Regional de Educa\u00e7\u00e3o (CRE) de Itapaci, informamos que estamos recebendo curr\u00edculos para sele\u00e7\u00e3o e contrata\u00e7\u00e3o tempor\u00e1ria com natureza emergencial para atender aos interesses da Administra\u00e7\u00e3o, para ministrar aulas nas disciplina(s) <strong>MATEM\u00c1TICA<\/strong>.<\/p>\n<p style=\"text-align: justify\">Os interessados devem encaminhar Curr\u00edculo ao e-mail oficial da Coordena\u00e7\u00e3o Regional de Educa\u00e7\u00e3o (<strong>regional.itapaci@seduc.go.gov.br<\/strong>), contendo os contatos telef\u00f4nicos, endere\u00e7os de e-mail para correspond\u00eancias eletr\u00f4nicas e CPF.<\/p>\n<p style=\"text-align: justify\">Oportunamente esclarece, que a Coordena\u00e7\u00e3o Regional de Educa\u00e7\u00e3o de Itapaci instituir\u00e1 comiss\u00e3o pr\u00f3pria para as an\u00e1lises curriculares, que ser\u00e1 composta por integrante do Sindicato da categoria e membros da CRE, objetivando assim, a ado\u00e7\u00e3o de medidas e provid\u00eancias pertinentes ao suprimento de todos os d\u00e9ficits de professores existentes na Rede Estadual de Educa\u00e7\u00e3o, que garantam os servi\u00e7os prestados \u00e0 comunidade goiana.<\/p>\n<p align=\"center\">SEDUC\/GO<\/p>\n","protected":false},"excerpt":{"rendered":"<p>COMUNICADO PARA CONTRATA\u00c7\u00c3O TEMPOR\u00c1RIA Publica\u00e7\u00e3o: 29\/04\/2026 Encerramento: 04\/05\/2026 \u00e0s 18h O Governo do Estado de Goi\u00e1s, atrav\u00e9s da Secretaria de Estado da Educa\u00e7\u00e3o, diante da inexist\u00eancia de Processo Seletivo Simplificado vigente no \u00e2mbito desta Pasta e considerando a exist\u00eancia de d\u00e9ficits de professores nas unidades escolares pertencentes ao munic\u00edpio de CRIX\u00c1S, jurisdicionado \u00e0 Coordena\u00e7\u00e3o Regional [&hellip;]<\/p>\n","protected":false},"author":793,"featured_media":0,"comment_status":"closed","ping_status":"open","sticky":false,"template":"","format":"standard","meta":{"footnotes":""},"categories":[4789],"tags":[],"class_list":["post-45293","post","type-post","status-publish","format-standard","hentry","category-institucional"],"rttpg_featured_image_url":null,"rttpg_author":{"display_name":"josecarlosppampola","author_link":"https:\/\/goias.gov.br\/educacao\/author\/josecarlosppampola\/"},"rttpg_comment":0,"rttpg_category":"<a href=\"https:\/\/goias.gov.br\/educacao\/categoria\/institucional\/\" rel=\"category tag\">Institucional<\/a>","rttpg_excerpt":"COMUNICADO PARA CONTRATA\u00c7\u00c3O TEMPOR\u00c1RIA Publica\u00e7\u00e3o: 29\/04\/2026 Encerramento: 04\/05\/2026 \u00e0s 18h O Governo do Estado de Goi\u00e1s, atrav\u00e9s da Secretaria de Estado da Educa\u00e7\u00e3o, diante da inexist\u00eancia de Processo Seletivo Simplificado vigente no \u00e2mbito desta Pasta e considerando a exist\u00eancia de d\u00e9ficits de professores nas unidades escolares pertencentes ao munic\u00edpio de CRIX\u00c1S, jurisdicionado \u00e0 Coordena\u00e7\u00e3o Regional&hellip;","_links":{"self":[{"href":"https:\/\/goias.gov.br\/educacao\/wp-json\/wp\/v2\/posts\/45293","targetHints":{"allow":["GET"]}}],"collection":[{"href":"https:\/\/goias.gov.br\/educacao\/wp-json\/wp\/v2\/posts"}],"about":[{"href":"https:\/\/goias.gov.br\/educacao\/wp-json\/wp\/v2\/types\/post"}],"author":[{"embeddable":true,"href":"https:\/\/goias.gov.br\/educacao\/wp-json\/wp\/v2\/users\/793"}],"replies":[{"embeddable":true,"href":"https:\/\/goias.gov.br\/educacao\/wp-json\/wp\/v2\/comments?post=45293"}],"version-history":[{"count":2,"href":"https:\/\/goias.gov.br\/educacao\/wp-json\/wp\/v2\/posts\/45293\/revisions"}],"predecessor-version":[{"id":731406,"href":"https:\/\/goias.gov.br\/educacao\/wp-json\/wp\/v2\/posts\/45293\/revisions\/731406"}],"wp:attachment":[{"href":"https:\/\/goias.gov.br\/educacao\/wp-json\/wp\/v2\/media?parent=45293"}],"wp:term":[{"taxonomy":"category","embeddable":true,"href":"https:\/\/goias.gov.br\/educacao\/wp-json\/wp\/v2\/categories?post=45293"},{"taxonomy":"post_tag","embeddable":true,"href":"https:\/\/goias.gov.br\/educacao\/wp-json\/wp\/v2\/tags?post=45293"}],"curies":[{"name":"wp","href":"https:\/\/api.w.org\/{rel}","templated":true}]}}