

{"id":45292,"date":"2023-03-02T14:21:37","date_gmt":"2023-03-02T17:21:37","guid":{"rendered":"https:\/\/siteshom.goias.gov.br\/educacao\/cre-ipora\/"},"modified":"2026-04-29T17:31:02","modified_gmt":"2026-04-29T20:31:02","slug":"cre-ipora","status":"publish","type":"post","link":"https:\/\/goias.gov.br\/educacao\/cre-ipora\/","title":{"rendered":"CRE &#8211; Ipor\u00e1"},"content":{"rendered":"<h2 align=\"center\"><strong style=\"color: revert;font-size: revert\">COMUNICADO<\/strong><\/h2>\n<p style=\"text-align: center\"><strong>PARA CONTRATA\u00c7\u00c3O TEMPOR\u00c1RIA<\/strong><\/p>\n<pre style=\"text-align: center\">Publica\u00e7\u00e3o: 29\/04\/2026 \nEncerramento: 04\/05\/2026 \u00e0s 18h\n<\/pre>\n<p style=\"text-align: justify\">O Governo do Estado de Goi\u00e1s, atrav\u00e9s da Secretaria de Estado da Educa\u00e7\u00e3o, diante da inexist\u00eancia de Processo Seletivo Simplificado vigente no \u00e2mbito desta Pasta e considerando a exist\u00eancia de d\u00e9ficits de professores nas unidades escolares pertencentes ao <strong>munic\u00edpio de IPOR\u00c1<\/strong>, jurisdicionado \u00e0 Coordena\u00e7\u00e3o Regional de Educa\u00e7\u00e3o de <strong>IPORA<\/strong>, informa que est\u00e1 recebendo curr\u00edculos, para sele\u00e7\u00e3o e contrata\u00e7\u00e3o tempor\u00e1ria com natureza emergencial para atender aos interesses da Administra\u00e7\u00e3o: <strong>01 (um) professor para ministrar 30 aulas (40.0 horas) semanais de Matem\u00e1tica e disciplinas afins, no(s) turno(s) Matutino\/Vespertino no COL\u00c9GIO ESTADUAL DA POL\u00cdCIA MILITAR DE GOI\u00c1S ARISTON GOMES DA SILVA<\/strong> visando afastar eventuais preju\u00edzos educacionais e\/ou pedag\u00f3gicos aos estudantes da Rede Estadual de Educa\u00e7\u00e3o de Goi\u00e1s.<\/p>\n<p style=\"text-align: justify\">A presente convoca\u00e7\u00e3o justifica-se devido a Licen\u00e7a M\u00e9dica pelo per\u00edodo de, aproximadamente, <strong>2 meses<\/strong>.<\/p>\n<p style=\"text-align: justify\">Os interessados devem encaminhar Curr\u00edculo ao e-mail oficial da Assessoria Financeira da Coordena\u00e7\u00e3o Regional de IPORA (afin.ipora@seduc.go.gov.br), contendo os contatos telef\u00f4nicos e endere\u00e7os de e-mail para correspond\u00eancias eletr\u00f4nicas, e ainda, que no campo Assunto do e-mail, seja informada a Unidade Escolar e a disciplina da vaga pleiteada.<\/p>\n<p style=\"text-align: justify\">Oportunamente, esclarece que a Coordena\u00e7\u00e3o Regional de Educa\u00e7\u00e3o de IPORA instituir\u00e1 comiss\u00e3o pr\u00f3pria para as an\u00e1lises curriculares, que ser\u00e1 composta por membros da CRE, objetivando assim, a ado\u00e7\u00e3o de medidas e provid\u00eancias pertinentes ao suprimento de todos os d\u00e9ficits de professores existentes na Rede Estadual de Educa\u00e7\u00e3o de Goi\u00e1s, que garantam os servi\u00e7os prestados \u00e0 comunidade goiana.<\/p>\n<p style=\"text-align: center\">SEDUC\/GO<\/p>\n<h2 align=\"center\"><strong style=\"color: revert;font-size: revert\">COMUNICADO<\/strong><\/h2>\n<p style=\"text-align: center\"><strong>PARA CONTRATA\u00c7\u00c3O TEMPOR\u00c1RIA<\/strong><\/p>\n<pre style=\"text-align: center\">Publica\u00e7\u00e3o: 28\/04\/2026 \nEncerramento: 30\/04\/2026 \u00e0s 18h\n<\/pre>\n<p style=\"text-align: justify\">O Governo do Estado de Goi\u00e1s, atrav\u00e9s da Secretaria de Estado da Educa\u00e7\u00e3o, diante da inexist\u00eancia de Processo Seletivo Simplificado vigente no \u00e2mbito desta Pasta e considerando a exist\u00eancia de d\u00e9ficits de professores nas unidades escolares pertencentes ao <strong>munic\u00edpio de IPOR\u00c1<\/strong>, jurisdicionado \u00e0 Coordena\u00e7\u00e3o Regional de Educa\u00e7\u00e3o de <strong>IPORA<\/strong>, informa que est\u00e1 recebendo curr\u00edculos, para sele\u00e7\u00e3o e contrata\u00e7\u00e3o tempor\u00e1ria com natureza emergencial para atender aos interesses da Administra\u00e7\u00e3o: <strong>01 (um) professor para ministrar 25 aulas (33.33 horas) semanais de Geografia e disciplinas afins, no(s) turno(s) Matutino\/Vespertino no COL\u00c9GIO ESTADUAL EDMO TEIXEIRA<\/strong> visando afastar eventuais preju\u00edzos educacionais e\/ou pedag\u00f3gicos aos estudantes da Rede Estadual de Educa\u00e7\u00e3o de Goi\u00e1s.<\/p>\n<p style=\"text-align: justify\">A presente convoca\u00e7\u00e3o justifica-se devido a D\u00e9ficit.<\/p>\n<p style=\"text-align: justify\">Os interessados devem encaminhar Curr\u00edculo ao e-mail oficial da Assessoria Financeira da Coordena\u00e7\u00e3o Regional de IPORA (afin.ipora@seduc.go.gov.br), contendo os contatos telef\u00f4nicos e endere\u00e7os de e-mail para correspond\u00eancias eletr\u00f4nicas, e ainda, que no campo Assunto do e-mail, seja informada a Unidade Escolar e a disciplina da vaga pleiteada.<\/p>\n<p style=\"text-align: justify\">Oportunamente, esclarece que a Coordena\u00e7\u00e3o Regional de Educa\u00e7\u00e3o de IPORA instituir\u00e1 comiss\u00e3o pr\u00f3pria para as an\u00e1lises curriculares, que ser\u00e1 composta por membros da CRE, objetivando assim, a ado\u00e7\u00e3o de medidas e provid\u00eancias pertinentes ao suprimento de todos os d\u00e9ficits de professores existentes na Rede Estadual de Educa\u00e7\u00e3o de Goi\u00e1s, que garantam os servi\u00e7os prestados \u00e0 comunidade goiana.<\/p>\n<p style=\"text-align: center\">SEDUC\/GO<\/p>\n<h2 align=\"center\"><strong style=\"color: revert;font-size: revert\">COMUNICADO<\/strong><\/h2>\n<p style=\"text-align: center\"><strong>PARA CONTRATA\u00c7\u00c3O TEMPOR\u00c1RIA<\/strong><\/p>\n<pre style=\"text-align: center\">Publica\u00e7\u00e3o: 28\/04\/2026 \nEncerramento: 30\/04\/2026 \u00e0s 18h\n<\/pre>\n<p style=\"text-align: justify\">O Governo do Estado de Goi\u00e1s, atrav\u00e9s da Secretaria de Estado da Educa\u00e7\u00e3o, diante da inexist\u00eancia de Processo Seletivo Simplificado vigente no \u00e2mbito desta Pasta e considerando a exist\u00eancia de d\u00e9ficits de professores nas unidades escolares pertencentes ao <strong>munic\u00edpio de CAIAP\u00d4NIA<\/strong>, jurisdicionado \u00e0 Coordena\u00e7\u00e3o Regional de Educa\u00e7\u00e3o de <strong>IPORA<\/strong>, informa que est\u00e1 recebendo curr\u00edculos, para sele\u00e7\u00e3o e contrata\u00e7\u00e3o tempor\u00e1ria com natureza emergencial para atender aos interesses da Administra\u00e7\u00e3o: <strong>01 (um) professor para ministrar 23 aulas (30.67 horas) semanais de Ci\u00eancias\/Biologia e disciplinas afins, no(s) turno(s) Matutino\/Vespertino no COL\u00c9GIO ESTADUAL PREVISTO DE MORAIS<\/strong> visando afastar eventuais preju\u00edzos educacionais e\/ou pedag\u00f3gicos aos estudantes da Rede Estadual de Educa\u00e7\u00e3o de Goi\u00e1s.<\/p>\n<p style=\"text-align: justify\">A presente convoca\u00e7\u00e3o justifica-se devido a D\u00e9ficit.<\/p>\n<p style=\"text-align: justify\">Os interessados devem encaminhar Curr\u00edculo ao e-mail oficial da Assessoria Financeira da Coordena\u00e7\u00e3o Regional de IPORA (afin.ipora@seduc.go.gov.br), contendo os contatos telef\u00f4nicos e endere\u00e7os de e-mail para correspond\u00eancias eletr\u00f4nicas, e ainda, que no campo Assunto do e-mail, seja informada a Unidade Escolar e a disciplina da vaga pleiteada.<\/p>\n<p style=\"text-align: justify\">Oportunamente, esclarece que a Coordena\u00e7\u00e3o Regional de Educa\u00e7\u00e3o de IPORA instituir\u00e1 comiss\u00e3o pr\u00f3pria para as an\u00e1lises curriculares, que ser\u00e1 composta por membros da CRE, objetivando assim, a ado\u00e7\u00e3o de medidas e provid\u00eancias pertinentes ao suprimento de todos os d\u00e9ficits de professores existentes na Rede Estadual de Educa\u00e7\u00e3o de Goi\u00e1s, que garantam os servi\u00e7os prestados \u00e0 comunidade goiana.<\/p>\n<p style=\"text-align: center\">SEDUC\/GO<\/p>\n<h2 align=\"center\"><strong style=\"color: revert;font-size: revert\">COMUNICADO<\/strong><\/h2>\n<p style=\"text-align: center\"><strong>PARA CONTRATA\u00c7\u00c3O TEMPOR\u00c1RIA<\/strong><\/p>\n<pre style=\"text-align: center\">Publica\u00e7\u00e3o: 31\/03\/2026 \nEncerramento: 02\/04\/2026 \u00e0s 18h\n<\/pre>\n<p style=\"text-align: justify\">O Governo do Estado de Goi\u00e1s, por interm\u00e9dio da Secretaria de Estado da Educa\u00e7\u00e3o, informa que, embora esteja vigente o Processo Seletivo Simplificado regido pelo Edital n\u00ba 020\/2024 \u2013 destinado \u00e0 composi\u00e7\u00e3o de banco de habilitados para contrata\u00e7\u00e3o tempor\u00e1ria de professores \u2013, no \u00e2mbito do <strong>munic\u00edpio de AMORIN\u00d3POLIS<\/strong>, jurisdicionado \u00e0 Coordena\u00e7\u00e3o Regional de Educa\u00e7\u00e3o de <strong>IPORA<\/strong>, o referido banco encontra-se esgotado para a fun\u00e7\u00e3o de <strong>Professor de L\u00edngua Portuguesa, 30 aulas (40.0 horas) semanais, no turno Vespertino\/Noturno.<\/strong><\/p>\n<p style=\"text-align: justify\">Diante da inexist\u00eancia de candidatos habilitados dispon\u00edveis para convoca\u00e7\u00e3o, e considerando a exist\u00eancia de d\u00e9ficit de profissional docente, justificado pelo art. 208 da Lei n\u00ba 13.909\/2001, a Secretaria de Estado da Educa\u00e7\u00e3o deliberou pela ado\u00e7\u00e3o de procedimento emergencial de sele\u00e7\u00e3o curricular, com o objetivo de realizar contrata\u00e7\u00e3o por tempo determinado, de natureza excepcional e urgente, nos termos da Lei Estadual n\u00ba 20.918\/2020.<\/p>\n<p style=\"text-align: justify\">Nesse sentido, a Coordena\u00e7\u00e3o Regional de Educa\u00e7\u00e3o de <strong>IPORA<\/strong> est\u00e1 recebendo curr\u00edculos, exclusivamente por e-mail, para fins de sele\u00e7\u00e3o e contrata\u00e7\u00e3o tempor\u00e1ria de 01 (um) professor de <strong>L\u00edngua Portuguesa<\/strong>, no(a) <strong>COL\u00c9GIO ESTADUAL PROFESSORA ANALICIA CECILIA B SILVA<\/strong>. A presente medida visa evitar a interrup\u00e7\u00e3o das atividades escolares e garantir a continuidade do processo de ensino e aprendizagem, resguardando o direito constitucional \u00e0 educa\u00e7\u00e3o dos estudantes da Rede Estadual de Ensino.<\/p>\n<p style=\"text-align: justify\">Os interessados devem encaminhar curr\u00edculo atualizado ao endere\u00e7o eletr\u00f4nico oficial da Assessoria Financeira da CRE de <strong>IPORA afin.ipora@seduc.go.gov.br<\/strong>, informando contatos telef\u00f4nicos e endere\u00e7o de e-mail para retorno.<\/p>\n<p style=\"text-align: justify\">Para a an\u00e1lise dos curr\u00edculos, ser\u00e1 constitu\u00edda comiss\u00e3o espec\u00edfica no \u00e2mbito da Coordena\u00e7\u00e3o Regional de Educa\u00e7\u00e3o de <strong>IPORA<\/strong>, composta por membros desta unidade administrativa, a qual adotar\u00e1 crit\u00e9rios objetivos e ison\u00f4micos na sele\u00e7\u00e3o dos profissionais, assegurando a observ\u00e2ncia dos princ\u00edpios da legalidade, impessoalidade e interesse p\u00fablico.<\/p>\n<p style=\"text-align: justify\">A presente convoca\u00e7\u00e3o emergencial pauta-se nos princ\u00edpios da continuidade do servi\u00e7o p\u00fablico e da supremacia do interesse p\u00fablico, e ser\u00e1 adotada exclusivamente nos casos em que n\u00e3o houver mais candidatos habilitados no banco vigente, conforme previsto no edital e na legisla\u00e7\u00e3o pertinente.<\/p>\n<p style=\"text-align: center\">SEDUC\/GO<\/p>\n<h2 align=\"center\"><strong style=\"color: revert;font-size: revert\">COMUNICADO<\/strong><\/h2>\n<p style=\"text-align: center\"><strong>PARA CONTRATA\u00c7\u00c3O TEMPOR\u00c1RIA<\/strong><\/p>\n<pre style=\"text-align: center\">Publica\u00e7\u00e3o: 27\/03\/2026 \nEncerramento: 31\/03\/2026 \u00e0s 18h\n<\/pre>\n<p style=\"text-align: justify\">O Governo do Estado de Goi\u00e1s, por interm\u00e9dio da Secretaria de Estado da Educa\u00e7\u00e3o, informa que, embora esteja vigente o Processo Seletivo Simplificado regido pelo Edital n\u00ba 020\/2024 \u2013 destinado \u00e0 composi\u00e7\u00e3o de banco de habilitados para contrata\u00e7\u00e3o tempor\u00e1ria de professores \u2013, no \u00e2mbito do <strong>munic\u00edpio de CAIAP\u00d4NIA<\/strong>, jurisdicionado \u00e0 Coordena\u00e7\u00e3o Regional de Educa\u00e7\u00e3o de <strong>IPORA<\/strong>, o referido banco encontra-se esgotado para a fun\u00e7\u00e3o de <strong>Professor de Educa\u00e7\u00e3o F\u00edsica, 23 aulas (30.67 horas) semanais, no turno Matutino\/Vespertino.<\/strong><\/p>\n<p style=\"text-align: justify\">Diante da inexist\u00eancia de candidatos habilitados dispon\u00edveis para convoca\u00e7\u00e3o, e considerando a exist\u00eancia de d\u00e9ficit de profissional docente, justificado pelo art. 208 da Lei n\u00ba 13.909\/2001, a Secretaria de Estado da Educa\u00e7\u00e3o deliberou pela ado\u00e7\u00e3o de procedimento emergencial de sele\u00e7\u00e3o curricular, com o objetivo de realizar contrata\u00e7\u00e3o por tempo determinado, de natureza excepcional e urgente, nos termos da Lei Estadual n\u00ba 20.918\/2020.<\/p>\n<p style=\"text-align: justify\">Nesse sentido, a Coordena\u00e7\u00e3o Regional de Educa\u00e7\u00e3o de <strong>IPORA<\/strong> est\u00e1 recebendo curr\u00edculos, exclusivamente por e-mail, para fins de sele\u00e7\u00e3o e contrata\u00e7\u00e3o tempor\u00e1ria de 01 (um) professor de <strong>Educa\u00e7\u00e3o F\u00edsica<\/strong>, no(a) <strong>COL\u00c9GIO ESTADUAL EM PER\u00cdODO INTEGRAL NOSSA SENHORA DO MONTESSERRATE<\/strong>. A presente medida visa evitar a interrup\u00e7\u00e3o das atividades escolares e garantir a continuidade do processo de ensino e aprendizagem, resguardando o direito constitucional \u00e0 educa\u00e7\u00e3o dos estudantes da Rede Estadual de Ensino.<\/p>\n<p style=\"text-align: justify\">Os interessados devem encaminhar curr\u00edculo atualizado ao endere\u00e7o eletr\u00f4nico oficial da Assessoria Financeira da CRE de <strong>IPORA afin.ipora@seduc.go.gov.br<\/strong>, informando contatos telef\u00f4nicos e endere\u00e7o de e-mail para retorno.<\/p>\n<p style=\"text-align: justify\">Para a an\u00e1lise dos curr\u00edculos, ser\u00e1 constitu\u00edda comiss\u00e3o espec\u00edfica no \u00e2mbito da Coordena\u00e7\u00e3o Regional de Educa\u00e7\u00e3o de <strong>IPORA<\/strong>, composta por membros desta unidade administrativa, a qual adotar\u00e1 crit\u00e9rios objetivos e ison\u00f4micos na sele\u00e7\u00e3o dos profissionais, assegurando a observ\u00e2ncia dos princ\u00edpios da legalidade, impessoalidade e interesse p\u00fablico.<\/p>\n<p style=\"text-align: justify\">A presente convoca\u00e7\u00e3o emergencial pauta-se nos princ\u00edpios da continuidade do servi\u00e7o p\u00fablico e da supremacia do interesse p\u00fablico, e ser\u00e1 adotada exclusivamente nos casos em que n\u00e3o houver mais candidatos habilitados no banco vigente, conforme previsto no edital e na legisla\u00e7\u00e3o pertinente.<\/p>\n<p style=\"text-align: center\">SEDUC\/GO<\/p>\n<h2 align=\"center\"><strong style=\"color: revert;font-size: revert\">COMUNICADO<\/strong><\/h2>\n<p style=\"text-align: center\"><strong>PARA CONTRATA\u00c7\u00c3O TEMPOR\u00c1RIA<\/strong><\/p>\n<pre style=\"text-align: center\">Publica\u00e7\u00e3o: 26\/03\/2026 \nEncerramento: 30\/03\/2026 \u00e0s 18h\n<\/pre>\n<p style=\"text-align: justify\">O Governo do Estado de Goi\u00e1s, por interm\u00e9dio da Secretaria de Estado da Educa\u00e7\u00e3o, informa que, embora esteja vigente o Processo Seletivo Simplificado regido pelo Edital n\u00ba 020\/2024 \u2013 destinado \u00e0 composi\u00e7\u00e3o de banco de habilitados para contrata\u00e7\u00e3o tempor\u00e1ria de professores \u2013, no \u00e2mbito do <strong>munic\u00edpio de IPOR\u00c1<\/strong>, jurisdicionado \u00e0 Coordena\u00e7\u00e3o Regional de Educa\u00e7\u00e3o de <strong>IPORA<\/strong>, o referido banco encontra-se esgotado para a fun\u00e7\u00e3o de <strong>Professor de L\u00edngua Portuguesa, 30 aulas (40.0 horas) semanais, no turno Matutino\/Vespertino.<\/strong><\/p>\n<p style=\"text-align: justify\">Diante da inexist\u00eancia de candidatos habilitados dispon\u00edveis para convoca\u00e7\u00e3o, e considerando a exist\u00eancia de d\u00e9ficit de profissional docente, justificado pelo art. 208 da Lei n\u00ba 13.909\/2001, a Secretaria de Estado da Educa\u00e7\u00e3o deliberou pela ado\u00e7\u00e3o de procedimento emergencial de sele\u00e7\u00e3o curricular, com o objetivo de realizar contrata\u00e7\u00e3o por tempo determinado, de natureza excepcional e urgente, nos termos da Lei Estadual n\u00ba 20.918\/2020.<\/p>\n<p style=\"text-align: justify\">Nesse sentido, a Coordena\u00e7\u00e3o Regional de Educa\u00e7\u00e3o de <strong>IPORA<\/strong> est\u00e1 recebendo curr\u00edculos, exclusivamente por e-mail, para fins de sele\u00e7\u00e3o e contrata\u00e7\u00e3o tempor\u00e1ria de 01 (um) professor de <strong>L\u00edngua Portuguesa<\/strong>, no(a) <strong>COL\u00c9GIO ESTADUAL EDMO TEIXEIRA<\/strong>. A presente medida visa evitar a interrup\u00e7\u00e3o das atividades escolares e garantir a continuidade do processo de ensino e aprendizagem, resguardando o direito constitucional \u00e0 educa\u00e7\u00e3o dos estudantes da Rede Estadual de Ensino.<\/p>\n<p style=\"text-align: justify\">Os interessados devem encaminhar curr\u00edculo atualizado ao endere\u00e7o eletr\u00f4nico oficial da Assessoria Financeira da CRE de <strong>IPORA afin.ipora@seduc.go.gov.br<\/strong>, informando contatos telef\u00f4nicos e endere\u00e7o de e-mail para retorno.<\/p>\n<p style=\"text-align: justify\">Para a an\u00e1lise dos curr\u00edculos, ser\u00e1 constitu\u00edda comiss\u00e3o espec\u00edfica no \u00e2mbito da Coordena\u00e7\u00e3o Regional de Educa\u00e7\u00e3o de <strong>IPORA<\/strong>, composta por membros desta unidade administrativa, a qual adotar\u00e1 crit\u00e9rios objetivos e ison\u00f4micos na sele\u00e7\u00e3o dos profissionais, assegurando a observ\u00e2ncia dos princ\u00edpios da legalidade, impessoalidade e interesse p\u00fablico.<\/p>\n<p style=\"text-align: justify\">A presente convoca\u00e7\u00e3o emergencial pauta-se nos princ\u00edpios da continuidade do servi\u00e7o p\u00fablico e da supremacia do interesse p\u00fablico, e ser\u00e1 adotada exclusivamente nos casos em que n\u00e3o houver mais candidatos habilitados no banco vigente, conforme previsto no edital e na legisla\u00e7\u00e3o pertinente.<\/p>\n<p style=\"text-align: center\">SEDUC\/GO<\/p>\n<h2 align=\"center\"><strong style=\"color: revert;font-size: revert\">COMUNICADO<\/strong><\/h2>\n<p style=\"text-align: center\"><strong>PARA CONTRATA\u00c7\u00c3O TEMPOR\u00c1RIA<\/strong><\/p>\n<pre style=\"text-align: center\">Publica\u00e7\u00e3o: 09\/03\/2026 \nEncerramento: 11\/03\/2026 \u00e0s 18h\n<\/pre>\n<p class=\"Texto_Justificado_Recuo_Primeira_Linha\" style=\"text-align: justify\" data-c=\"24\">O Governo do Estado de Goi\u00e1s, por interm\u00e9dio da Secretaria de Estado da Educa\u00e7\u00e3o, informa que, embora esteja vigente o Processo Seletivo Simplificado regido pelo Edital n\u00ba 020\/2024 \u2013 destinado \u00e0 composi\u00e7\u00e3o de banco de habilitados para contrata\u00e7\u00e3o tempor\u00e1ria de professores \u2013 no \u00e2mbito do\u00a0<strong>munic\u00edpio Ipor\u00e1<\/strong>, jurisdicionado \u00e0 Coordena\u00e7\u00e3o Regional de Educa\u00e7\u00e3o (CRE) de Ipor\u00e1, o referido banco n\u00e3o contempla a fun\u00e7\u00e3o de professor com<strong>\u00a0<\/strong>forma\u00e7\u00e3o em Ci\u00eancia da Computa\u00e7\u00e3o.<\/p>\n<p style=\"text-align: justify\" data-c=\"14\">Diante da inexist\u00eancia de candidatos habilitados dispon\u00edveis para convoca\u00e7\u00e3o, e considerando a exist\u00eancia de d\u00e9ficit de profissional docente, justificado pelo art. 208 da Lei n\u00ba 13.909\/2001, a Secretaria de Estado da Educa\u00e7\u00e3o deliberou pela ado\u00e7\u00e3o de procedimento emergencial de sele\u00e7\u00e3o curricular, com o objetivo de realizar contrata\u00e7\u00e3o por tempo determinado, de natureza excepcional e urgente, nos termos da Lei Estadual n\u00ba 20.918\/2020.<\/p>\n<p style=\"text-align: justify\" data-c=\"15\">Nesse sentido, a Coordena\u00e7\u00e3o Regional de Educa\u00e7\u00e3o de Ipor\u00e1 est\u00e1 recebendo curr\u00edculos, exclusivamente por e-mail, para fins de sele\u00e7\u00e3o e contrata\u00e7\u00e3o tempor\u00e1ria de <strong>01 (um) professor de com forma\u00e7\u00e3o em Ci\u00eancia da Computa\u00e7\u00e3o, para o\u00a0<\/strong><strong>CEJA Dom Bosco, munic\u00edpio de Ipor\u00e1<\/strong>. A presente medida visa evitar a interrup\u00e7\u00e3o das atividades escolares e garantir a continuidade do processo de ensino e aprendizagem, resguardando o direito constitucional \u00e0 educa\u00e7\u00e3o dos estudantes da Rede Estadual de Ensino.<\/p>\n<p style=\"text-align: justify\" data-c=\"16\">Os interessados devem encaminhar curr\u00edculo atualizado ao endere\u00e7o eletr\u00f4nico oficial da Assessoria Financeira da CRE de Ipor\u00e1 (<strong>afin.ipora@seduc.go.gov.br<\/strong>), informando contatos telef\u00f4nicos e endere\u00e7o de e-mail para retorno.<\/p>\n<p style=\"text-align: justify\" data-c=\"17\">Para a an\u00e1lise dos curr\u00edculos, ser\u00e1 constitu\u00edda comiss\u00e3o espec\u00edfica no \u00e2mbito da Coordena\u00e7\u00e3o Regional de Educa\u00e7\u00e3o de Ipor\u00e1 , composta por membros desta unidade administrativa, a qual adotar\u00e1 crit\u00e9rios objetivos e ison\u00f4micos na sele\u00e7\u00e3o dos profissionais, assegurando a observ\u00e2ncia dos princ\u00edpios da legalidade, impessoalidade e interesse p\u00fablico.<\/p>\n<p style=\"text-align: justify\" data-c=\"18\">A presente convoca\u00e7\u00e3o emergencial pauta-se nos princ\u00edpios da continuidade do servi\u00e7o p\u00fablico e da supremacia do interesse p\u00fablico, e ser\u00e1 adotada exclusivamente nos casos em que n\u00e3o houver mais candidatos habilitados no banco vigente, conforme previsto no edital e na legisla\u00e7\u00e3o pertinente.<\/p>\n<p style=\"text-align: center\">SEDUC\/GO<\/p>\n<hr \/>\n<h2 align=\"center\"><strong style=\"color: revert;font-size: revert\">COMUNICADO<\/strong><\/h2>\n<p style=\"text-align: center\"><strong>PARA CONTRATA\u00c7\u00c3O TEMPOR\u00c1RIA<\/strong><\/p>\n<pre style=\"text-align: center\">Publica\u00e7\u00e3o: 06\/03\/2026 \nEncerramento: 10\/03\/2026 \u00e0s 18h\n<\/pre>\n<p style=\"text-align: justify\">O Governo do Estado de Goi\u00e1s, por interm\u00e9dio da Secretaria de Estado da Educa\u00e7\u00e3o, informa que, embora esteja vigente o Processo Seletivo Simplificado regido pelo Edital n\u00ba 020\/2024 \u2013 destinado \u00e0 composi\u00e7\u00e3o de banco de habilitados para contrata\u00e7\u00e3o tempor\u00e1ria de professores \u2013, no \u00e2mbito do <strong>munic\u00edpio de IPOR\u00c1<\/strong>, jurisdicionado \u00e0 Coordena\u00e7\u00e3o Regional de Educa\u00e7\u00e3o de <strong>IPORA<\/strong>, o referido banco encontra-se esgotado para a fun\u00e7\u00e3o de <strong>Professor de L\u00edngua Portuguesa, 30 aulas (37 horas) semanais, no turno Matutino\/Vespertino.<\/strong><\/p>\n<p style=\"text-align: justify\">Diante da inexist\u00eancia de candidatos habilitados dispon\u00edveis para convoca\u00e7\u00e3o, e considerando a exist\u00eancia de d\u00e9ficit de profissional docente, justificado pelo art. 208 da Lei n\u00ba 13.909\/2001, a Secretaria de Estado da Educa\u00e7\u00e3o deliberou pela ado\u00e7\u00e3o de procedimento emergencial de sele\u00e7\u00e3o curricular, com o objetivo de realizar contrata\u00e7\u00e3o por tempo determinado, de natureza excepcional e urgente, nos termos da Lei Estadual n\u00ba 20.918\/2020.<\/p>\n<p style=\"text-align: justify\">Nesse sentido, a Coordena\u00e7\u00e3o Regional de Educa\u00e7\u00e3o de <strong>IPORA<\/strong> est\u00e1 recebendo curr\u00edculos, exclusivamente por e-mail, para fins de sele\u00e7\u00e3o e contrata\u00e7\u00e3o tempor\u00e1ria de 01 (um) professor de <strong>L\u00edngua Portuguesa<\/strong>, no(a) <strong>CENTRO ESTADUAL DE EDUCA\u00c7\u00c3O DE JOVENS E ADULTOS DOM BOSCO<\/strong>. A presente medida visa evitar a interrup\u00e7\u00e3o das atividades escolares e garantir a continuidade do processo de ensino e aprendizagem, resguardando o direito constitucional \u00e0 educa\u00e7\u00e3o dos estudantes da Rede Estadual de Ensino.<\/p>\n<p style=\"text-align: justify\">Os interessados devem encaminhar curr\u00edculo atualizado ao endere\u00e7o eletr\u00f4nico oficial da Assessoria Financeira da CRE de <strong>IPORA afin.ipora@seduc.go.gov.br<\/strong>, informando contatos telef\u00f4nicos e endere\u00e7o de e-mail para retorno.<\/p>\n<p style=\"text-align: justify\">Para a an\u00e1lise dos curr\u00edculos, ser\u00e1 constitu\u00edda comiss\u00e3o espec\u00edfica no \u00e2mbito da Coordena\u00e7\u00e3o Regional de Educa\u00e7\u00e3o de <strong>IPORA<\/strong>, composta por membros desta unidade administrativa, a qual adotar\u00e1 crit\u00e9rios objetivos e ison\u00f4micos na sele\u00e7\u00e3o dos profissionais, assegurando a observ\u00e2ncia dos princ\u00edpios da legalidade, impessoalidade e interesse p\u00fablico.<\/p>\n<p style=\"text-align: justify\">A presente convoca\u00e7\u00e3o emergencial pauta-se nos princ\u00edpios da continuidade do servi\u00e7o p\u00fablico e da supremacia do interesse p\u00fablico, e ser\u00e1 adotada exclusivamente nos casos em que n\u00e3o houver mais candidatos habilitados no banco vigente, conforme previsto no edital e na legisla\u00e7\u00e3o pertinente.<\/p>\n<p style=\"text-align: center\">SEDUC\/GO<\/p>\n<h2 align=\"center\"><strong style=\"color: revert;font-size: revert\">COMUNICADO<\/strong><\/h2>\n<p style=\"text-align: center\"><strong>PARA CONTRATA\u00c7\u00c3O TEMPOR\u00c1RIA<\/strong><\/p>\n<pre style=\"text-align: center\">Publica\u00e7\u00e3o: 05\/03\/2026 \nEncerramento: 09\/03\/2026 \u00e0s 18h\n<\/pre>\n<p style=\"text-align: justify\">O Governo do Estado de Goi\u00e1s, por interm\u00e9dio da Secretaria de Estado da Educa\u00e7\u00e3o, informa que, embora esteja vigente o Processo Seletivo Simplificado regido pelo Edital n\u00ba 020\/2024 \u2013 destinado \u00e0 composi\u00e7\u00e3o de banco de habilitados para contrata\u00e7\u00e3o tempor\u00e1ria de professores \u2013, no \u00e2mbito do <strong>munic\u00edpio de CAIAP\u00d4NIA<\/strong>, jurisdicionado \u00e0 Coordena\u00e7\u00e3o Regional de Educa\u00e7\u00e3o de <strong>IPORA<\/strong>, o referido banco encontra-se esgotado para a fun\u00e7\u00e3o de <strong>Professor de Hist\u00f3ria, 30 aulas (37 horas) semanais, no turno Matutino\/Vespertino.<\/strong><\/p>\n<p style=\"text-align: justify\">Diante da inexist\u00eancia de candidatos habilitados dispon\u00edveis para convoca\u00e7\u00e3o, e considerando a exist\u00eancia de d\u00e9ficit de profissional docente, justificado pelo art. 208 da Lei n\u00ba 13.909\/2001, a Secretaria de Estado da Educa\u00e7\u00e3o deliberou pela ado\u00e7\u00e3o de procedimento emergencial de sele\u00e7\u00e3o curricular, com o objetivo de realizar contrata\u00e7\u00e3o por tempo determinado, de natureza excepcional e urgente, nos termos da Lei Estadual n\u00ba 20.918\/2020.<\/p>\n<p style=\"text-align: justify\">Nesse sentido, a Coordena\u00e7\u00e3o Regional de Educa\u00e7\u00e3o de <strong>IPORA<\/strong> est\u00e1 recebendo curr\u00edculos, exclusivamente por e-mail, para fins de sele\u00e7\u00e3o e contrata\u00e7\u00e3o tempor\u00e1ria de 01 (um) professor de <strong>Hist\u00f3ria<\/strong>, no(a) <strong>COL\u00c9GIO ESTADUAL EM PER\u00cdODO INTEGRAL GERCINA BORGES TEIXEIRA<\/strong>. A presente medida visa evitar a interrup\u00e7\u00e3o das atividades escolares e garantir a continuidade do processo de ensino e aprendizagem, resguardando o direito constitucional \u00e0 educa\u00e7\u00e3o dos estudantes da Rede Estadual de Ensino.<\/p>\n<p style=\"text-align: justify\">Os interessados devem encaminhar curr\u00edculo atualizado ao endere\u00e7o eletr\u00f4nico oficial da Assessoria Financeira da CRE de <strong>IPORA afin.ipora@seduc.go.gov.br<\/strong>, informando contatos telef\u00f4nicos e endere\u00e7o de e-mail para retorno.<\/p>\n<p style=\"text-align: justify\">Para a an\u00e1lise dos curr\u00edculos, ser\u00e1 constitu\u00edda comiss\u00e3o espec\u00edfica no \u00e2mbito da Coordena\u00e7\u00e3o Regional de Educa\u00e7\u00e3o de <strong>IPORA<\/strong>, composta por membros desta unidade administrativa, a qual adotar\u00e1 crit\u00e9rios objetivos e ison\u00f4micos na sele\u00e7\u00e3o dos profissionais, assegurando a observ\u00e2ncia dos princ\u00edpios da legalidade, impessoalidade e interesse p\u00fablico.<\/p>\n<p style=\"text-align: justify\">A presente convoca\u00e7\u00e3o emergencial pauta-se nos princ\u00edpios da continuidade do servi\u00e7o p\u00fablico e da supremacia do interesse p\u00fablico, e ser\u00e1 adotada exclusivamente nos casos em que n\u00e3o houver mais candidatos habilitados no banco vigente, conforme previsto no edital e na legisla\u00e7\u00e3o pertinente.<\/p>\n<p style=\"text-align: center\">SEDUC\/GO<\/p>\n<h2 align=\"center\"><strong style=\"color: revert;font-size: revert\">COMUNICADO<\/strong><\/h2>\n<p style=\"text-align: center\"><strong>PARA CONTRATA\u00c7\u00c3O TEMPOR\u00c1RIA<\/strong><\/p>\n<pre style=\"text-align: center\">Publica\u00e7\u00e3o: 04\/03\/2026 \nEncerramento: 06\/03\/2026 \u00e0s 18h\n<\/pre>\n<p style=\"text-align: justify\">O Governo do Estado de Goi\u00e1s, por interm\u00e9dio da Secretaria de Estado da Educa\u00e7\u00e3o, informa que, embora esteja vigente o Processo Seletivo Simplificado regido pelo Edital n\u00ba 020\/2024 \u2013 destinado \u00e0 composi\u00e7\u00e3o de banco de habilitados para contrata\u00e7\u00e3o tempor\u00e1ria de professores \u2013, no \u00e2mbito do <strong>munic\u00edpio de DIORAMA<\/strong>, jurisdicionado \u00e0 Coordena\u00e7\u00e3o Regional de Educa\u00e7\u00e3o de <strong>IPORA<\/strong>, o referido banco encontra-se esgotado para a fun\u00e7\u00e3o de <strong>Professor de Ci\u00eancias\/Biologia, 23 aulas (28 horas) semanais, no turno Vespertino.<\/strong><\/p>\n<p style=\"text-align: justify\">Diante da inexist\u00eancia de candidatos habilitados dispon\u00edveis para convoca\u00e7\u00e3o, e considerando a exist\u00eancia de d\u00e9ficit de profissional docente, justificado pelo art. 208 da Lei n\u00ba 13.909\/2001, a Secretaria de Estado da Educa\u00e7\u00e3o deliberou pela ado\u00e7\u00e3o de procedimento emergencial de sele\u00e7\u00e3o curricular, com o objetivo de realizar contrata\u00e7\u00e3o por tempo determinado, de natureza excepcional e urgente, nos termos da Lei Estadual n\u00ba 20.918\/2020.<\/p>\n<p style=\"text-align: justify\">Nesse sentido, a Coordena\u00e7\u00e3o Regional de Educa\u00e7\u00e3o de <strong>IPORA<\/strong> est\u00e1 recebendo curr\u00edculos, exclusivamente por e-mail, para fins de sele\u00e7\u00e3o e contrata\u00e7\u00e3o tempor\u00e1ria de 01 (um) professor de <strong>Ci\u00eancias\/Biologia<\/strong>, no(a) <strong>COL\u00c9GIO ESTADUAL DONA EVA<\/strong>. A presente medida visa evitar a interrup\u00e7\u00e3o das atividades escolares e garantir a continuidade do processo de ensino e aprendizagem, resguardando o direito constitucional \u00e0 educa\u00e7\u00e3o dos estudantes da Rede Estadual de Ensino.<\/p>\n<p style=\"text-align: justify\">Os interessados devem encaminhar curr\u00edculo atualizado ao endere\u00e7o eletr\u00f4nico oficial da Assessoria Financeira da CRE de <strong>IPORA afin.ipora@seduc.go.gov.br<\/strong>, informando contatos telef\u00f4nicos e endere\u00e7o de e-mail para retorno.<\/p>\n<p style=\"text-align: justify\">Para a an\u00e1lise dos curr\u00edculos, ser\u00e1 constitu\u00edda comiss\u00e3o espec\u00edfica no \u00e2mbito da Coordena\u00e7\u00e3o Regional de Educa\u00e7\u00e3o de <strong>IPORA<\/strong>, composta por membros desta unidade administrativa, a qual adotar\u00e1 crit\u00e9rios objetivos e ison\u00f4micos na sele\u00e7\u00e3o dos profissionais, assegurando a observ\u00e2ncia dos princ\u00edpios da legalidade, impessoalidade e interesse p\u00fablico.<\/p>\n<p style=\"text-align: justify\">A presente convoca\u00e7\u00e3o emergencial pauta-se nos princ\u00edpios da continuidade do servi\u00e7o p\u00fablico e da supremacia do interesse p\u00fablico, e ser\u00e1 adotada exclusivamente nos casos em que n\u00e3o houver mais candidatos habilitados no banco vigente, conforme previsto no edital e na legisla\u00e7\u00e3o pertinente.<\/p>\n<p style=\"text-align: center\">SEDUC\/GO<\/p>\n<h2 align=\"center\"><strong style=\"color: revert;font-size: revert\">COMUNICADO<\/strong><\/h2>\n<p style=\"text-align: center\"><strong>PARA CONTRATA\u00c7\u00c3O TEMPOR\u00c1RIA<\/strong><\/p>\n<pre style=\"text-align: center\">Publica\u00e7\u00e3o: 27\/02\/2026 \nEncerramento: 03\/03\/2026 \u00e0s 18h\n<\/pre>\n<p style=\"text-align: justify\">O Governo do Estado de Goi\u00e1s, por interm\u00e9dio da Secretaria de Estado da Educa\u00e7\u00e3o, informa que, embora esteja vigente o Processo Seletivo Simplificado regido pelo Edital n\u00ba 020\/2024 \u2013 destinado \u00e0 composi\u00e7\u00e3o de banco de habilitados para contrata\u00e7\u00e3o tempor\u00e1ria de professores \u2013, no \u00e2mbito do <strong>munic\u00edpio de CAIAP\u00d4NIA<\/strong>, jurisdicionado \u00e0 Coordena\u00e7\u00e3o Regional de Educa\u00e7\u00e3o de <strong>IPORA<\/strong>, o referido banco encontra-se esgotado para a fun\u00e7\u00e3o de <strong>Professor de Matem\u00e1tica, 15 aulas (18 horas) semanais, no turno Vespertino.<\/strong><\/p>\n<p style=\"text-align: justify\">Diante da inexist\u00eancia de candidatos habilitados dispon\u00edveis para convoca\u00e7\u00e3o, e considerando a exist\u00eancia de d\u00e9ficit de profissional docente, justificado pelo art. 208 da Lei n\u00ba 13.909\/2001, a Secretaria de Estado da Educa\u00e7\u00e3o deliberou pela ado\u00e7\u00e3o de procedimento emergencial de sele\u00e7\u00e3o curricular, com o objetivo de realizar contrata\u00e7\u00e3o por tempo determinado, de natureza excepcional e urgente, nos termos da Lei Estadual n\u00ba 20.918\/2020.<\/p>\n<p style=\"text-align: justify\">Nesse sentido, a Coordena\u00e7\u00e3o Regional de Educa\u00e7\u00e3o de <strong>IPORA<\/strong> est\u00e1 recebendo curr\u00edculos, exclusivamente por e-mail, para fins de sele\u00e7\u00e3o e contrata\u00e7\u00e3o tempor\u00e1ria de 01 (um) professor de <strong>Matem\u00e1tica<\/strong>, no(a) <strong>COL\u00c9GIO ESTADUAL PREVISTO DE MORAIS<\/strong>. A presente medida visa evitar a interrup\u00e7\u00e3o das atividades escolares e garantir a continuidade do processo de ensino e aprendizagem, resguardando o direito constitucional \u00e0 educa\u00e7\u00e3o dos estudantes da Rede Estadual de Ensino.<\/p>\n<p style=\"text-align: justify\">Os interessados devem encaminhar curr\u00edculo atualizado ao endere\u00e7o eletr\u00f4nico oficial da Assessoria Financeira da CRE de <strong>IPORA afin.ipora@seduc.go.gov.br<\/strong>, informando contatos telef\u00f4nicos e endere\u00e7o de e-mail para retorno.<\/p>\n<p style=\"text-align: justify\">Para a an\u00e1lise dos curr\u00edculos, ser\u00e1 constitu\u00edda comiss\u00e3o espec\u00edfica no \u00e2mbito da Coordena\u00e7\u00e3o Regional de Educa\u00e7\u00e3o de <strong>IPORA<\/strong>, composta por membros desta unidade administrativa, a qual adotar\u00e1 crit\u00e9rios objetivos e ison\u00f4micos na sele\u00e7\u00e3o dos profissionais, assegurando a observ\u00e2ncia dos princ\u00edpios da legalidade, impessoalidade e interesse p\u00fablico.<\/p>\n<p style=\"text-align: justify\">A presente convoca\u00e7\u00e3o emergencial pauta-se nos princ\u00edpios da continuidade do servi\u00e7o p\u00fablico e da supremacia do interesse p\u00fablico, e ser\u00e1 adotada exclusivamente nos casos em que n\u00e3o houver mais candidatos habilitados no banco vigente, conforme previsto no edital e na legisla\u00e7\u00e3o pertinente.<\/p>\n<p style=\"text-align: center\">SEDUC\/GO<\/p>\n<h2 align=\"center\"><strong style=\"color: revert;font-size: revert\">COMUNICADO<\/strong><\/h2>\n<p style=\"text-align: center\"><strong>PARA CONTRATA\u00c7\u00c3O TEMPOR\u00c1RIA<\/strong><\/p>\n<pre style=\"text-align: center\">Publica\u00e7\u00e3o: 27\/02\/2026 \nEncerramento: 03\/03\/2026 \u00e0s 18h\n<\/pre>\n<p style=\"text-align: justify\">O Governo do Estado de Goi\u00e1s, por interm\u00e9dio da Secretaria de Estado da Educa\u00e7\u00e3o, informa que, embora esteja vigente o Processo Seletivo Simplificado regido pelo Edital n\u00ba 020\/2024 \u2013 destinado \u00e0 composi\u00e7\u00e3o de banco de habilitados para contrata\u00e7\u00e3o tempor\u00e1ria de professores \u2013, no \u00e2mbito do <strong>munic\u00edpio de AMORIN\u00d3POLIS<\/strong>, jurisdicionado \u00e0 Coordena\u00e7\u00e3o Regional de Educa\u00e7\u00e3o de <strong>IPORA<\/strong>, o referido banco encontra-se esgotado para a fun\u00e7\u00e3o de <strong>Professor de F\u00edsica, 30 aulas (37 horas) semanais, no turno Vespertino.<\/strong><\/p>\n<p style=\"text-align: justify\">Diante da inexist\u00eancia de candidatos habilitados dispon\u00edveis para convoca\u00e7\u00e3o, e considerando a exist\u00eancia de d\u00e9ficit de profissional docente, justificado pelo art. 208 da Lei n\u00ba 13.909\/2001, a Secretaria de Estado da Educa\u00e7\u00e3o deliberou pela ado\u00e7\u00e3o de procedimento emergencial de sele\u00e7\u00e3o curricular, com o objetivo de realizar contrata\u00e7\u00e3o por tempo determinado, de natureza excepcional e urgente, nos termos da Lei Estadual n\u00ba 20.918\/2020.<\/p>\n<p style=\"text-align: justify\">Nesse sentido, a Coordena\u00e7\u00e3o Regional de Educa\u00e7\u00e3o de <strong>IPORA<\/strong> est\u00e1 recebendo curr\u00edculos, exclusivamente por e-mail, para fins de sele\u00e7\u00e3o e contrata\u00e7\u00e3o tempor\u00e1ria de 01 (um) professor de <strong>F\u00edsica<\/strong>, no(a) <strong>COL\u00c9GIO ESTADUAL PROFESSORA ANALICIA CECILIA B SILVA<\/strong>. A presente medida visa evitar a interrup\u00e7\u00e3o das atividades escolares e garantir a continuidade do processo de ensino e aprendizagem, resguardando o direito constitucional \u00e0 educa\u00e7\u00e3o dos estudantes da Rede Estadual de Ensino.<\/p>\n<p style=\"text-align: justify\">Os interessados devem encaminhar curr\u00edculo atualizado ao endere\u00e7o eletr\u00f4nico oficial da Assessoria Financeira da CRE de <strong>IPORA afin.ipora@seduc.go.gov.br<\/strong>, informando contatos telef\u00f4nicos e endere\u00e7o de e-mail para retorno.<\/p>\n<p style=\"text-align: justify\">Para a an\u00e1lise dos curr\u00edculos, ser\u00e1 constitu\u00edda comiss\u00e3o espec\u00edfica no \u00e2mbito da Coordena\u00e7\u00e3o Regional de Educa\u00e7\u00e3o de <strong>IPORA<\/strong>, composta por membros desta unidade administrativa, a qual adotar\u00e1 crit\u00e9rios objetivos e ison\u00f4micos na sele\u00e7\u00e3o dos profissionais, assegurando a observ\u00e2ncia dos princ\u00edpios da legalidade, impessoalidade e interesse p\u00fablico.<\/p>\n<p style=\"text-align: justify\">A presente convoca\u00e7\u00e3o emergencial pauta-se nos princ\u00edpios da continuidade do servi\u00e7o p\u00fablico e da supremacia do interesse p\u00fablico, e ser\u00e1 adotada exclusivamente nos casos em que n\u00e3o houver mais candidatos habilitados no banco vigente, conforme previsto no edital e na legisla\u00e7\u00e3o pertinente.<\/p>\n<p style=\"text-align: center\">SEDUC\/GO<\/p>\n<h2 align=\"center\"><strong style=\"color: revert;font-size: revert\">COMUNICADO<\/strong><\/h2>\n<p style=\"text-align: center\"><strong>PARA CONTRATA\u00c7\u00c3O TEMPOR\u00c1RIA<\/strong><\/p>\n<pre style=\"text-align: center\">Publica\u00e7\u00e3o: 27\/02\/2026 \nEncerramento: 03\/03\/2026 \u00e0s 18h\n<\/pre>\n<p style=\"text-align: justify\">O Governo do Estado de Goi\u00e1s, por interm\u00e9dio da Secretaria de Estado da Educa\u00e7\u00e3o, informa que, embora esteja vigente o Processo Seletivo Simplificado regido pelo Edital n\u00ba 020\/2024 \u2013 destinado \u00e0 composi\u00e7\u00e3o de banco de habilitados para contrata\u00e7\u00e3o tempor\u00e1ria de professores \u2013, no \u00e2mbito do <strong>munic\u00edpio de PALESTINA DE GOI\u00c1S<\/strong>, jurisdicionado \u00e0 Coordena\u00e7\u00e3o Regional de Educa\u00e7\u00e3o de <strong>IPORA<\/strong>, o referido banco encontra-se esgotado para a fun\u00e7\u00e3o de <strong>Professor de L\u00edngua Portuguesa, 30 aulas (37 horas) semanais, no turno Matutino\/Vespertino.<\/strong><\/p>\n<p style=\"text-align: justify\">Diante da inexist\u00eancia de candidatos habilitados dispon\u00edveis para convoca\u00e7\u00e3o, e considerando a exist\u00eancia de d\u00e9ficit de profissional docente, justificado pelo art. 208 da Lei n\u00ba 13.909\/2001, a Secretaria de Estado da Educa\u00e7\u00e3o deliberou pela ado\u00e7\u00e3o de procedimento emergencial de sele\u00e7\u00e3o curricular, com o objetivo de realizar contrata\u00e7\u00e3o por tempo determinado, de natureza excepcional e urgente, nos termos da Lei Estadual n\u00ba 20.918\/2020.<\/p>\n<p style=\"text-align: justify\">Nesse sentido, a Coordena\u00e7\u00e3o Regional de Educa\u00e7\u00e3o de <strong>IPORA<\/strong> est\u00e1 recebendo curr\u00edculos, exclusivamente por e-mail, para fins de sele\u00e7\u00e3o e contrata\u00e7\u00e3o tempor\u00e1ria de 01 (um) professor de <strong>L\u00edngua Portuguesa<\/strong>, no(a) <strong>COL\u00c9GIO ESTADUAL ANA ALGEMIRA DO PRADO<\/strong>. A presente medida visa evitar a interrup\u00e7\u00e3o das atividades escolares e garantir a continuidade do processo de ensino e aprendizagem, resguardando o direito constitucional \u00e0 educa\u00e7\u00e3o dos estudantes da Rede Estadual de Ensino.<\/p>\n<p style=\"text-align: justify\">Os interessados devem encaminhar curr\u00edculo atualizado ao endere\u00e7o eletr\u00f4nico oficial da Assessoria Financeira da CRE de <strong>IPORA afin.ipora@seduc.go.gov.br<\/strong>, informando contatos telef\u00f4nicos e endere\u00e7o de e-mail para retorno.<\/p>\n<p style=\"text-align: justify\">Para a an\u00e1lise dos curr\u00edculos, ser\u00e1 constitu\u00edda comiss\u00e3o espec\u00edfica no \u00e2mbito da Coordena\u00e7\u00e3o Regional de Educa\u00e7\u00e3o de <strong>IPORA<\/strong>, composta por membros desta unidade administrativa, a qual adotar\u00e1 crit\u00e9rios objetivos e ison\u00f4micos na sele\u00e7\u00e3o dos profissionais, assegurando a observ\u00e2ncia dos princ\u00edpios da legalidade, impessoalidade e interesse p\u00fablico.<\/p>\n<p style=\"text-align: justify\">A presente convoca\u00e7\u00e3o emergencial pauta-se nos princ\u00edpios da continuidade do servi\u00e7o p\u00fablico e da supremacia do interesse p\u00fablico, e ser\u00e1 adotada exclusivamente nos casos em que n\u00e3o houver mais candidatos habilitados no banco vigente, conforme previsto no edital e na legisla\u00e7\u00e3o pertinente.<\/p>\n<p style=\"text-align: center\">SEDUC\/GO<\/p>\n<hr \/>\n<h2 align=\"center\"><strong style=\"color: revert;font-size: revert\">COMUNICADO<\/strong><\/h2>\n<p style=\"text-align: center\"><strong>PARA CONTRATA\u00c7\u00c3O TEMPOR\u00c1RIA<\/strong><\/p>\n<pre style=\"text-align: center\">Publica\u00e7\u00e3o: 23\/02\/2026 \nEncerramento: 25\/02\/2026 \u00e0s 18h\n<\/pre>\n<p class=\"Texto_Justificado_Recuo_Primeira_Linha\" style=\"text-align: justify\" data-c=\"24\">O Governo do Estado de Goi\u00e1s, por interm\u00e9dio da Secretaria de Estado da Educa\u00e7\u00e3o, informa que, embora esteja vigente o Processo Seletivo Simplificado regido pelo Edital n\u00ba 020\/2024 \u2013 destinado \u00e0 composi\u00e7\u00e3o de banco de habilitados para contrata\u00e7\u00e3o tempor\u00e1ria de professores \u2013 no \u00e2mbito do\u00a0<strong>munic\u00edpio Ipor\u00e1<\/strong>, jurisdicionado \u00e0 Coordena\u00e7\u00e3o Regional de Educa\u00e7\u00e3o (CRE) de Ipor\u00e1, o referido banco n\u00e3o contempla \u00a0pedagogo para assumir a fun\u00e7\u00e3o 044 &#8211; Professor Atendimento Educacional Especializado.<\/p>\n<p style=\"text-align: justify\" data-c=\"14\">Diante da inexist\u00eancia de candidatos habilitados dispon\u00edveis para convoca\u00e7\u00e3o, e considerando a exist\u00eancia de d\u00e9ficit de profissional docente, justificado pelo art. 208 da Lei n\u00ba 13.909\/2001, a Secretaria de Estado da Educa\u00e7\u00e3o deliberou pela ado\u00e7\u00e3o de procedimento emergencial de sele\u00e7\u00e3o curricular, com o objetivo de realizar contrata\u00e7\u00e3o por tempo determinado, de natureza excepcional e urgente, nos termos da Lei Estadual n\u00ba 20.918\/2020.<\/p>\n<p style=\"text-align: justify\" data-c=\"15\">Nesse sentido, a Coordena\u00e7\u00e3o Regional de Educa\u00e7\u00e3o de Ipor\u00e1 est\u00e1 recebendo curr\u00edculos, exclusivamente por e-mail, para fins de sele\u00e7\u00e3o e contrata\u00e7\u00e3o tempor\u00e1ria de <strong>01 (um) pedagogo para assumir a fun\u00e7\u00e3o 044 &#8211; Professor Atendimento Educacional Especializado, no o\u00a0<\/strong><strong>CEPI Os\u00f3rio Raimundo de Lima<\/strong><strong>, munic\u00edpio de Ipor\u00e1<\/strong>. A presente medida visa evitar a interrup\u00e7\u00e3o das atividades escolares e garantir a continuidade do processo de ensino e aprendizagem, resguardando o direito constitucional \u00e0 educa\u00e7\u00e3o dos estudantes da Rede Estadual de Ensino.<\/p>\n<p style=\"text-align: justify\" data-c=\"16\">Os interessados devem encaminhar curr\u00edculo atualizado ao endere\u00e7o eletr\u00f4nico oficial da Assessoria Financeira da CRE de Ipor\u00e1 (<strong>afin.ipora@seduc.go.gov.br<\/strong>), informando contatos telef\u00f4nicos e endere\u00e7o de e-mail para retorno.<\/p>\n<p style=\"text-align: justify\" data-c=\"17\">Para a an\u00e1lise dos curr\u00edculos, ser\u00e1 constitu\u00edda comiss\u00e3o espec\u00edfica no \u00e2mbito da Coordena\u00e7\u00e3o Regional de Educa\u00e7\u00e3o de Ipor\u00e1, composta por membros desta unidade administrativa, a qual adotar\u00e1 crit\u00e9rios objetivos e ison\u00f4micos na sele\u00e7\u00e3o dos profissionais, assegurando a observ\u00e2ncia dos princ\u00edpios da legalidade, impessoalidade e interesse p\u00fablico.<\/p>\n<p style=\"text-align: justify\" data-c=\"18\">A presente convoca\u00e7\u00e3o emergencial pauta-se nos princ\u00edpios da continuidade do servi\u00e7o p\u00fablico e da supremacia do interesse p\u00fablico, e ser\u00e1 adotada exclusivamente nos casos em que n\u00e3o houver mais candidatos habilitados no banco vigente, conforme previsto no edital e na legisla\u00e7\u00e3o pertinente.<\/p>\n<p style=\"text-align: center\">SEDUC\/GO<\/p>\n<hr \/>\n<h2 align=\"center\"><strong style=\"color: revert;font-size: revert\">COMUNICADO<\/strong><\/h2>\n<p style=\"text-align: center\"><strong>PARA CONTRATA\u00c7\u00c3O TEMPOR\u00c1RIA<\/strong><\/p>\n<pre style=\"text-align: center\">Publica\u00e7\u00e3o: 04\/02\/2026 \nEncerramento: 06\/02\/2026 \u00e0s 18h\n<\/pre>\n<p style=\"text-align: justify\">O Governo do Estado de Goi\u00e1s, por interm\u00e9dio da Secretaria de Estado da Educa\u00e7\u00e3o, informa que, embora esteja vigente o Processo Seletivo Simplificado regido pelo Edital n\u00ba 020\/2024 \u2013 destinado \u00e0 composi\u00e7\u00e3o de banco de habilitados para contrata\u00e7\u00e3o tempor\u00e1ria de professores \u2013, no \u00e2mbito do <strong>munic\u00edpio de CAIAP\u00d4NIA<\/strong>, jurisdicionado \u00e0 Coordena\u00e7\u00e3o Regional de Educa\u00e7\u00e3o de <strong>IPORA<\/strong>, o referido banco encontra-se esgotado para a fun\u00e7\u00e3o de <strong>Professor de Matem\u00e1tica, 30 aulas (37 horas) semanais, no turno Matutino\/Vespertino.<\/strong><\/p>\n<p style=\"text-align: justify\">Diante da inexist\u00eancia de candidatos habilitados dispon\u00edveis para convoca\u00e7\u00e3o, e considerando a exist\u00eancia de d\u00e9ficit de profissional docente, justificado pelo art. 208 da Lei n\u00ba 13.909\/2001, a Secretaria de Estado da Educa\u00e7\u00e3o deliberou pela ado\u00e7\u00e3o de procedimento emergencial de sele\u00e7\u00e3o curricular, com o objetivo de realizar contrata\u00e7\u00e3o por tempo determinado, de natureza excepcional e urgente, nos termos da Lei Estadual n\u00ba 20.918\/2020.<\/p>\n<p style=\"text-align: justify\">Nesse sentido, a Coordena\u00e7\u00e3o Regional de Educa\u00e7\u00e3o de <strong>IPORA<\/strong> est\u00e1 recebendo curr\u00edculos, exclusivamente por e-mail, para fins de sele\u00e7\u00e3o e contrata\u00e7\u00e3o tempor\u00e1ria de 01 (um) professor de <strong>Matem\u00e1tica<\/strong>, no(a) <strong>COL\u00c9GIO ESTADUAL EM PER\u00cdODO INTEGRAL GERCINA BORGES TEIXEIRA<\/strong>. A presente medida visa evitar a interrup\u00e7\u00e3o das atividades escolares e garantir a continuidade do processo de ensino e aprendizagem, resguardando o direito constitucional \u00e0 educa\u00e7\u00e3o dos estudantes da Rede Estadual de Ensino.<\/p>\n<p style=\"text-align: justify\">Os interessados devem encaminhar curr\u00edculo atualizado ao endere\u00e7o eletr\u00f4nico oficial da Assessoria Financeira da CRE de <strong>IPORA afin.ipora@seduc.go.gov.br<\/strong>, informando contatos telef\u00f4nicos e endere\u00e7o de e-mail para retorno.<\/p>\n<p style=\"text-align: justify\">Para a an\u00e1lise dos curr\u00edculos, ser\u00e1 constitu\u00edda comiss\u00e3o espec\u00edfica no \u00e2mbito da Coordena\u00e7\u00e3o Regional de Educa\u00e7\u00e3o de <strong>IPORA<\/strong>, composta por membros desta unidade administrativa, a qual adotar\u00e1 crit\u00e9rios objetivos e ison\u00f4micos na sele\u00e7\u00e3o dos profissionais, assegurando a observ\u00e2ncia dos princ\u00edpios da legalidade, impessoalidade e interesse p\u00fablico.<\/p>\n<p style=\"text-align: justify\">A presente convoca\u00e7\u00e3o emergencial pauta-se nos princ\u00edpios da continuidade do servi\u00e7o p\u00fablico e da supremacia do interesse p\u00fablico, e ser\u00e1 adotada exclusivamente nos casos em que n\u00e3o houver mais candidatos habilitados no banco vigente, conforme previsto no edital e na legisla\u00e7\u00e3o pertinente.<\/p>\n<p style=\"text-align: center\">SEDUC\/GO<\/p>\n<h2 align=\"center\"><strong style=\"color: revert;font-size: revert\">COMUNICADO<\/strong><\/h2>\n<p style=\"text-align: center\"><strong>PARA CONTRATA\u00c7\u00c3O TEMPOR\u00c1RIA<\/strong><\/p>\n<pre style=\"text-align: center\">Publica\u00e7\u00e3o: 02\/02\/2026 \nEncerramento: 04\/02\/2026 \u00e0s 18h\n<\/pre>\n<p class=\"Texto_Justificado_Recuo_Primeira_Linha\" style=\"text-align: justify\" data-c=\"24\">O Governo do Estado de Goi\u00e1s, por interm\u00e9dio da Secretaria de Estado da Educa\u00e7\u00e3o, informa que, embora esteja vigente o Processo Seletivo Simplificado regido pelo Edital n\u00ba 020\/2024 \u2013 destinado \u00e0 composi\u00e7\u00e3o de banco de habilitados para contrata\u00e7\u00e3o tempor\u00e1ria de professores \u2013 no \u00e2mbito do\u00a0<strong>munic\u00edpio Ipor\u00e1<\/strong>, jurisdicionado \u00e0 Coordena\u00e7\u00e3o Regional de Educa\u00e7\u00e3o (CRE) de Ipor\u00e1, o referido banco n\u00e3o contempla a fun\u00e7\u00e3o de professor com<strong>\u00a0<\/strong>forma\u00e7\u00e3o compat\u00edvel com a \u00e1rea de conhecimento dos cursos de Administra\u00e7\u00e3o, Contabilidade e Tecnologia da Informa\u00e7\u00e3o.<\/p>\n<p style=\"text-align: justify\" data-c=\"14\">Diante da inexist\u00eancia de candidatos habilitados dispon\u00edveis para convoca\u00e7\u00e3o, e considerando a exist\u00eancia de d\u00e9ficit de profissional docente, justificado pelo art. 208 da Lei n\u00ba 13.909\/2001, a Secretaria de Estado da Educa\u00e7\u00e3o deliberou pela ado\u00e7\u00e3o de procedimento emergencial de sele\u00e7\u00e3o curricular, com o objetivo de realizar contrata\u00e7\u00e3o por tempo determinado, de natureza excepcional e urgente, nos termos da Lei Estadual n\u00ba 20.918\/2020.<\/p>\n<p style=\"text-align: justify\" data-c=\"15\">Nesse sentido, a Coordena\u00e7\u00e3o Regional de Educa\u00e7\u00e3o de Formosa est\u00e1 recebendo curr\u00edculos, exclusivamente por e-mail, para fins de sele\u00e7\u00e3o e contrata\u00e7\u00e3o tempor\u00e1ria de <strong>01 (um) professor de com forma\u00e7\u00e3o em Administra\u00e7\u00e3o de Empresas, Contabilidade ou Tecnologia da Informa\u00e7\u00e3o,\u00a0<\/strong>para o<strong>\u00a0<\/strong><strong>CEPI Os\u00f3rio Raimundo de Lima, munic\u00edpio de Ipor\u00e1<\/strong>. A presente medida visa evitar a interrup\u00e7\u00e3o das atividades escolares e garantir a continuidade do processo de ensino e aprendizagem, resguardando o direito constitucional \u00e0 educa\u00e7\u00e3o dos estudantes da Rede Estadual de Ensino.<\/p>\n<p style=\"text-align: justify\" data-c=\"16\">Os interessados devem encaminhar curr\u00edculo atualizado ao endere\u00e7o eletr\u00f4nico oficial da Assessoria Financeira da CRE de Ipor\u00e1 (<strong>afin.ipora@seduc.go.gov.br<\/strong>), informando contatos telef\u00f4nicos e endere\u00e7o de e-mail para retorno.<\/p>\n<p style=\"text-align: justify\" data-c=\"17\">Para a an\u00e1lise dos curr\u00edculos, ser\u00e1 constitu\u00edda comiss\u00e3o espec\u00edfica no \u00e2mbito da Coordena\u00e7\u00e3o Regional de Educa\u00e7\u00e3o de Ipor\u00e1, composta por membros desta unidade administrativa, a qual adotar\u00e1 crit\u00e9rios objetivos e ison\u00f4micos na sele\u00e7\u00e3o dos profissionais, assegurando a observ\u00e2ncia dos princ\u00edpios da legalidade, impessoalidade e interesse p\u00fablico.<\/p>\n<p style=\"text-align: justify\" data-c=\"18\">A presente convoca\u00e7\u00e3o emergencial pauta-se nos princ\u00edpios da continuidade do servi\u00e7o p\u00fablico e da supremacia do interesse p\u00fablico, e ser\u00e1 adotada exclusivamente nos casos em que n\u00e3o houver mais candidatos habilitados no banco vigente, conforme previsto no edital e na legisla\u00e7\u00e3o pertinente.<\/p>\n<p style=\"text-align: center\">SEDUC\/GO<\/p>\n<hr \/>\n<h2 align=\"center\"><strong style=\"color: revert;font-size: revert\">COMUNICADO &#8211; REITERADO<\/strong><\/h2>\n<p style=\"text-align: center\"><strong>PARA CONTRATA\u00c7\u00c3O TEMPOR\u00c1RIA<\/strong><\/p>\n<pre style=\"text-align: center\">Publica\u00e7\u00e3o: 04\/11\/2025 \nEncerramento: 06\/11\/2025 \u00e0s 18h\n<\/pre>\n<p style=\"text-align: justify\">O Governo do Estado de Goi\u00e1s, por interm\u00e9dio da Secretaria de Estado da Educa\u00e7\u00e3o, informa que, embora esteja vigente o Processo Seletivo Simplificado regido pelo Edital n\u00ba 020\/2024 \u2013 destinado \u00e0 composi\u00e7\u00e3o de banco de habilitados para contrata\u00e7\u00e3o tempor\u00e1ria de professores \u2013, no \u00e2mbito do <strong>munic\u00edpio de DOVERL\u00c2NDIA<\/strong>, jurisdicionado \u00e0 Coordena\u00e7\u00e3o Regional de Educa\u00e7\u00e3o de <strong>IPORA<\/strong>, o referido banco encontra-se esgotado para a fun\u00e7\u00e3o de <strong>Professor de F\u00edsica, 22 aulas (27 horas) semanais, no turno Matutino\/Vespertino.<\/strong><\/p>\n<p style=\"text-align: justify\">Diante da inexist\u00eancia de candidatos habilitados dispon\u00edveis para convoca\u00e7\u00e3o, e considerando a exist\u00eancia de d\u00e9ficit de profissional docente, justificado pelo art. 208 da Lei n\u00ba 13.909\/2001, a Secretaria de Estado da Educa\u00e7\u00e3o deliberou pela ado\u00e7\u00e3o de procedimento emergencial de sele\u00e7\u00e3o curricular, com o objetivo de realizar contrata\u00e7\u00e3o por tempo determinado, de natureza excepcional e urgente, nos termos da Lei Estadual n\u00ba 20.918\/2020.<\/p>\n<p style=\"text-align: justify\">Nesse sentido, a Coordena\u00e7\u00e3o Regional de Educa\u00e7\u00e3o de <strong>IPORA<\/strong> est\u00e1 recebendo curr\u00edculos, exclusivamente por e-mail, para fins de sele\u00e7\u00e3o e contrata\u00e7\u00e3o tempor\u00e1ria de 01 (um) professor de <strong>F\u00edsica<\/strong>, no(a) <strong>ESCOLA ESTADUAL DR. PEDRO LUDOVICO TEIXEIRA<\/strong>. A presente medida visa evitar a interrup\u00e7\u00e3o das atividades escolares e garantir a continuidade do processo de ensino e aprendizagem, resguardando o direito constitucional \u00e0 educa\u00e7\u00e3o dos estudantes da Rede Estadual de Ensino.<\/p>\n<p style=\"text-align: justify\">Os interessados devem encaminhar curr\u00edculo atualizado ao endere\u00e7o eletr\u00f4nico oficial da Assessoria Financeira da CRE de <strong>IPORA afin.ipora@seduc.go.gov.br<\/strong>, informando contatos telef\u00f4nicos e endere\u00e7o de e-mail para retorno.<\/p>\n<p style=\"text-align: justify\">Para a an\u00e1lise dos curr\u00edculos, ser\u00e1 constitu\u00edda comiss\u00e3o espec\u00edfica no \u00e2mbito da Coordena\u00e7\u00e3o Regional de Educa\u00e7\u00e3o de <strong>IPORA<\/strong>, composta por membros desta unidade administrativa, a qual adotar\u00e1 crit\u00e9rios objetivos e ison\u00f4micos na sele\u00e7\u00e3o dos profissionais, assegurando a observ\u00e2ncia dos princ\u00edpios da legalidade, impessoalidade e interesse p\u00fablico.<\/p>\n<p style=\"text-align: justify\">A presente convoca\u00e7\u00e3o emergencial pauta-se nos princ\u00edpios da continuidade do servi\u00e7o p\u00fablico e da supremacia do interesse p\u00fablico, e ser\u00e1 adotada exclusivamente nos casos em que n\u00e3o houver mais candidatos habilitados no banco vigente, conforme previsto no edital e na legisla\u00e7\u00e3o pertinente.<\/p>\n<p style=\"text-align: center\">SEDUC\/GO<\/p>\n<hr \/>\n<h2 align=\"center\"><strong style=\"color: revert;font-size: revert\">COMUNICADO &#8211; REITERADO<\/strong><\/h2>\n<p style=\"text-align: center\"><strong>PARA CONTRATA\u00c7\u00c3O TEMPOR\u00c1RIA<\/strong><\/p>\n<pre style=\"text-align: center\">Publica\u00e7\u00e3o: 30\/10\/2025 \nEncerramento: 03\/11\/2025 \u00e0s 18h\n<\/pre>\n<h4 style=\"text-align: center\"><strong><span style=\"color: #ff0000\">ENCERRADO<\/span><\/strong><\/h4>\n<p style=\"text-align: justify\">O Governo do Estado de Goi\u00e1s, por interm\u00e9dio da Secretaria de Estado da Educa\u00e7\u00e3o, informa que, embora esteja vigente o Processo Seletivo Simplificado regido pelo Edital n\u00ba 020\/2024 \u2013 destinado \u00e0 composi\u00e7\u00e3o de banco de habilitados para contrata\u00e7\u00e3o tempor\u00e1ria de professores \u2013, no \u00e2mbito do <strong>munic\u00edpio de DOVERL\u00c2NDIA<\/strong>, jurisdicionado \u00e0 Coordena\u00e7\u00e3o Regional de Educa\u00e7\u00e3o de <strong>IPORA<\/strong>, o referido banco encontra-se esgotado para a fun\u00e7\u00e3o de <strong>Professor de F\u00edsica, 22 aulas (27 horas) semanais, no turno Matutino\/Vespertino.<\/strong><\/p>\n<p style=\"text-align: justify\">Diante da inexist\u00eancia de candidatos habilitados dispon\u00edveis para convoca\u00e7\u00e3o, e considerando a exist\u00eancia de d\u00e9ficit de profissional docente, justificado pelo art. 208 da Lei n\u00ba 13.909\/2001, a Secretaria de Estado da Educa\u00e7\u00e3o deliberou pela ado\u00e7\u00e3o de procedimento emergencial de sele\u00e7\u00e3o curricular, com o objetivo de realizar contrata\u00e7\u00e3o por tempo determinado, de natureza excepcional e urgente, nos termos da Lei Estadual n\u00ba 20.918\/2020.<\/p>\n<p style=\"text-align: justify\">Nesse sentido, a Coordena\u00e7\u00e3o Regional de Educa\u00e7\u00e3o de <strong>IPORA<\/strong> est\u00e1 recebendo curr\u00edculos, exclusivamente por e-mail, para fins de sele\u00e7\u00e3o e contrata\u00e7\u00e3o tempor\u00e1ria de 01 (um) professor de <strong>F\u00edsica<\/strong>, no(a) <strong>ESCOLA ESTADUAL DR. PEDRO LUDOVICO TEIXEIRA<\/strong>. A presente medida visa evitar a interrup\u00e7\u00e3o das atividades escolares e garantir a continuidade do processo de ensino e aprendizagem, resguardando o direito constitucional \u00e0 educa\u00e7\u00e3o dos estudantes da Rede Estadual de Ensino.<\/p>\n<p style=\"text-align: justify\">Os interessados devem encaminhar curr\u00edculo atualizado ao endere\u00e7o eletr\u00f4nico oficial da Assessoria Financeira da CRE de <strong>IPORA afin.ipora@seduc.go.gov.br<\/strong>, informando contatos telef\u00f4nicos e endere\u00e7o de e-mail para retorno.<\/p>\n<p style=\"text-align: justify\">Para a an\u00e1lise dos curr\u00edculos, ser\u00e1 constitu\u00edda comiss\u00e3o espec\u00edfica no \u00e2mbito da Coordena\u00e7\u00e3o Regional de Educa\u00e7\u00e3o de <strong>IPORA<\/strong>, composta por membros desta unidade administrativa, a qual adotar\u00e1 crit\u00e9rios objetivos e ison\u00f4micos na sele\u00e7\u00e3o dos profissionais, assegurando a observ\u00e2ncia dos princ\u00edpios da legalidade, impessoalidade e interesse p\u00fablico.<\/p>\n<p style=\"text-align: justify\">A presente convoca\u00e7\u00e3o emergencial pauta-se nos princ\u00edpios da continuidade do servi\u00e7o p\u00fablico e da supremacia do interesse p\u00fablico, e ser\u00e1 adotada exclusivamente nos casos em que n\u00e3o houver mais candidatos habilitados no banco vigente, conforme previsto no edital e na legisla\u00e7\u00e3o pertinente.<\/p>\n<p style=\"text-align: center\">SEDUC\/GO<\/p>\n<hr \/>\n<h2 align=\"center\"><strong style=\"color: revert;font-size: revert\">COMUNICADO\u00a0<\/strong><\/h2>\n<p style=\"text-align: center\"><strong>PARA CONTRATA\u00c7\u00c3O TEMPOR\u00c1RIA<\/strong><\/p>\n<pre style=\"text-align: center\">Publica\u00e7\u00e3o: 23\/10\/2025 \nEncerramento: 28\/10\/2025 \u00e0s 18h\n<\/pre>\n<h4 style=\"text-align: center\"><strong><span style=\"color: #ff0000\">ENCERRADO<\/span><\/strong><\/h4>\n<p style=\"text-align: justify\">O Governo do Estado de Goi\u00e1s, por interm\u00e9dio da Secretaria de Estado da Educa\u00e7\u00e3o, informa que, embora esteja vigente o Processo Seletivo Simplificado regido pelo Edital n\u00ba 020\/2024 \u2013 destinado \u00e0 composi\u00e7\u00e3o de banco de habilitados para contrata\u00e7\u00e3o tempor\u00e1ria de professores \u2013, no \u00e2mbito do <strong>munic\u00edpio de DOVERL\u00c2NDIA<\/strong>, jurisdicionado \u00e0 Coordena\u00e7\u00e3o Regional de Educa\u00e7\u00e3o de <strong>IPORA<\/strong>, o referido banco encontra-se esgotado para a fun\u00e7\u00e3o de <strong>Professor de F\u00edsica, 22 aulas (27 horas) semanais, no turno Matutino\/Vespertino.<\/strong><\/p>\n<p style=\"text-align: justify\">Diante da inexist\u00eancia de candidatos habilitados dispon\u00edveis para convoca\u00e7\u00e3o, e considerando a exist\u00eancia de d\u00e9ficit de profissional docente, justificado pelo art. 208 da Lei n\u00ba 13.909\/2001, a Secretaria de Estado da Educa\u00e7\u00e3o deliberou pela ado\u00e7\u00e3o de procedimento emergencial de sele\u00e7\u00e3o curricular, com o objetivo de realizar contrata\u00e7\u00e3o por tempo determinado, de natureza excepcional e urgente, nos termos da Lei Estadual n\u00ba 20.918\/2020.<\/p>\n<p style=\"text-align: justify\">Nesse sentido, a Coordena\u00e7\u00e3o Regional de Educa\u00e7\u00e3o de <strong>IPORA<\/strong> est\u00e1 recebendo curr\u00edculos, exclusivamente por e-mail, para fins de sele\u00e7\u00e3o e contrata\u00e7\u00e3o tempor\u00e1ria de 01 (um) professor de <strong>F\u00edsica<\/strong>, no(a) <strong>ESCOLA ESTADUAL DR. PEDRO LUDOVICO TEIXEIRA<\/strong>. A presente medida visa evitar a interrup\u00e7\u00e3o das atividades escolares e garantir a continuidade do processo de ensino e aprendizagem, resguardando o direito constitucional \u00e0 educa\u00e7\u00e3o dos estudantes da Rede Estadual de Ensino.<\/p>\n<p style=\"text-align: justify\">Os interessados devem encaminhar curr\u00edculo atualizado ao endere\u00e7o eletr\u00f4nico oficial da Assessoria Financeira da CRE de <strong>IPORA afin.ipora@seduc.go.gov.br<\/strong>, informando contatos telef\u00f4nicos e endere\u00e7o de e-mail para retorno.<\/p>\n<p style=\"text-align: justify\">Para a an\u00e1lise dos curr\u00edculos, ser\u00e1 constitu\u00edda comiss\u00e3o espec\u00edfica no \u00e2mbito da Coordena\u00e7\u00e3o Regional de Educa\u00e7\u00e3o de <strong>IPORA<\/strong>, composta por membros desta unidade administrativa, a qual adotar\u00e1 crit\u00e9rios objetivos e ison\u00f4micos na sele\u00e7\u00e3o dos profissionais, assegurando a observ\u00e2ncia dos princ\u00edpios da legalidade, impessoalidade e interesse p\u00fablico.<\/p>\n<p style=\"text-align: justify\">A presente convoca\u00e7\u00e3o emergencial pauta-se nos princ\u00edpios da continuidade do servi\u00e7o p\u00fablico e da supremacia do interesse p\u00fablico, e ser\u00e1 adotada exclusivamente nos casos em que n\u00e3o houver mais candidatos habilitados no banco vigente, conforme previsto no edital e na legisla\u00e7\u00e3o pertinente.<\/p>\n<p style=\"text-align: center\">SEDUC\/GO<\/p>\n<hr \/>\n<h2 align=\"center\"><strong style=\"color: revert;font-size: revert\">COMUNICADO<\/strong><\/h2>\n<p style=\"text-align: center\"><strong>PARA CONTRATA\u00c7\u00c3O TEMPOR\u00c1RIA<\/strong><\/p>\n<pre style=\"text-align: center\">Publica\u00e7\u00e3o: 16\/10\/2025 \nEncerramento: 20\/10\/2025 \u00e0s 18h\n<\/pre>\n<h4 style=\"text-align: center\"><strong><span style=\"color: #ff0000\">ENCERRADO<\/span><\/strong><\/h4>\n<p style=\"text-align: justify\">O Governo do Estado de Goi\u00e1s, por interm\u00e9dio da Secretaria de Estado da Educa\u00e7\u00e3o, informa que, embora esteja vigente o Processo Seletivo Simplificado regido pelo Edital n\u00ba 020\/2024 \u2013 destinado \u00e0 composi\u00e7\u00e3o de banco de habilitados para contrata\u00e7\u00e3o tempor\u00e1ria de professores \u2013, no \u00e2mbito do <strong>munic\u00edpio de CAIAP\u00d4NIA<\/strong>, jurisdicionado \u00e0 Coordena\u00e7\u00e3o Regional de Educa\u00e7\u00e3o de <strong>IPORA<\/strong>, o referido banco encontra-se esgotado para a fun\u00e7\u00e3o de <strong>Professor de Matem\u00e1tica<\/strong><\/p>\n<p style=\"text-align: justify\">Diante da inexist\u00eancia de candidatos habilitados dispon\u00edveis para convoca\u00e7\u00e3o, e considerando a exist\u00eancia de d\u00e9ficit de profissional docente, justificado pelo art. 208 da Lei n\u00ba 13.909\/2001, a Secretaria de Estado da Educa\u00e7\u00e3o deliberou pela ado\u00e7\u00e3o de procedimento emergencial de sele\u00e7\u00e3o curricular, com o objetivo de realizar contrata\u00e7\u00e3o por tempo determinado, de natureza excepcional e urgente, nos termos da Lei Estadual n\u00ba 20.918\/2020.<\/p>\n<p style=\"text-align: justify\">Nesse sentido, a Coordena\u00e7\u00e3o Regional de Educa\u00e7\u00e3o de <strong>IPORA<\/strong> est\u00e1 recebendo curr\u00edculos, exclusivamente por e-mail, para fins de sele\u00e7\u00e3o e contrata\u00e7\u00e3o tempor\u00e1ria de 01 (um) professor de <strong>Matem\u00e1tica<\/strong>, no(a) <strong>COL\u00c9GIO ESTADUAL PREVISTO DE MORAIS<\/strong>. A presente medida visa evitar a interrup\u00e7\u00e3o das atividades escolares e garantir a continuidade do processo de ensino e aprendizagem, resguardando o direito constitucional \u00e0 educa\u00e7\u00e3o dos estudantes da Rede Estadual de Ensino.<\/p>\n<p style=\"text-align: justify\">Os interessados devem encaminhar curr\u00edculo atualizado ao endere\u00e7o eletr\u00f4nico oficial da Assessoria Financeira da CRE de <strong>IPORA afin.ipora@seduc.go.gov.br<\/strong>, informando contatos telef\u00f4nicos e endere\u00e7o de e-mail para retorno.<\/p>\n<p style=\"text-align: justify\">Para a an\u00e1lise dos curr\u00edculos, ser\u00e1 constitu\u00edda comiss\u00e3o espec\u00edfica no \u00e2mbito da Coordena\u00e7\u00e3o Regional de Educa\u00e7\u00e3o de <strong>IPORA<\/strong>, composta por membros desta unidade administrativa, a qual adotar\u00e1 crit\u00e9rios objetivos e ison\u00f4micos na sele\u00e7\u00e3o dos profissionais, assegurando a observ\u00e2ncia dos princ\u00edpios da legalidade, impessoalidade e interesse p\u00fablico.<\/p>\n<p style=\"text-align: justify\">A presente convoca\u00e7\u00e3o emergencial pauta-se nos princ\u00edpios da continuidade do servi\u00e7o p\u00fablico e da supremacia do interesse p\u00fablico, e ser\u00e1 adotada exclusivamente nos casos em que n\u00e3o houver mais candidatos habilitados no banco vigente, conforme previsto no edital e na legisla\u00e7\u00e3o pertinente.<\/p>\n<p style=\"text-align: center\">SEDUC\/GO<\/p>\n<hr \/>\n<h2 align=\"center\"><strong style=\"color: revert;font-size: revert\">COMUNICADO<\/strong><\/h2>\n<p style=\"text-align: center\"><strong>PARA CONTRATA\u00c7\u00c3O TEMPOR\u00c1RIA<\/strong><\/p>\n<pre style=\"text-align: center\">Publica\u00e7\u00e3o: 07\/10\/2025 \nEncerramento: 09\/10\/2025 \u00e0s 18h\n<\/pre>\n<h4 style=\"text-align: center\"><strong><span style=\"color: #ff0000\">ENCERRADO<\/span><\/strong><\/h4>\n<p style=\"text-align: justify\">O Governo do Estado de Goi\u00e1s, por interm\u00e9dio da Secretaria de Estado da Educa\u00e7\u00e3o, informa que, embora esteja vigente o Processo Seletivo Simplificado regido pelo Edital n\u00ba 020\/2024 \u2013 destinado \u00e0 composi\u00e7\u00e3o de banco de habilitados para contrata\u00e7\u00e3o tempor\u00e1ria de professores \u2013, no \u00e2mbito do <strong>munic\u00edpio de PALESTINA DE GOI\u00c1S<\/strong>, jurisdicionado \u00e0 Coordena\u00e7\u00e3o Regional de Educa\u00e7\u00e3o de <strong>IPORA<\/strong>, o referido banco encontra-se esgotado para a fun\u00e7\u00e3o de <strong>Professor de L\u00edngua Portuguesa, 30 aulas (37 horas) semanais, no turno Matutino\/Vespertino.<\/strong><\/p>\n<p style=\"text-align: justify\">Diante da inexist\u00eancia de candidatos habilitados dispon\u00edveis para convoca\u00e7\u00e3o, e considerando a exist\u00eancia de d\u00e9ficit de profissional docente, justificado pelo art. 208 da Lei n\u00ba 13.909\/2001, a Secretaria de Estado da Educa\u00e7\u00e3o deliberou pela ado\u00e7\u00e3o de procedimento emergencial de sele\u00e7\u00e3o curricular, com o objetivo de realizar contrata\u00e7\u00e3o por tempo determinado, de natureza excepcional e urgente, nos termos da Lei Estadual n\u00ba 20.918\/2020.<\/p>\n<p style=\"text-align: justify\">Nesse sentido, a Coordena\u00e7\u00e3o Regional de Educa\u00e7\u00e3o de <strong>IPORA<\/strong> est\u00e1 recebendo curr\u00edculos, exclusivamente por e-mail, para fins de sele\u00e7\u00e3o e contrata\u00e7\u00e3o tempor\u00e1ria de 01 (um) professor de <strong>L\u00edngua Portuguesa<\/strong>, no(a) <strong>COL\u00c9GIO ESTADUAL ANA ALGEMIRA DO PRADO<\/strong>. A presente medida visa evitar a interrup\u00e7\u00e3o das atividades escolares e garantir a continuidade do processo de ensino e aprendizagem, resguardando o direito constitucional \u00e0 educa\u00e7\u00e3o dos estudantes da Rede Estadual de Ensino.<\/p>\n<p style=\"text-align: justify\">Os interessados devem encaminhar curr\u00edculo atualizado ao endere\u00e7o eletr\u00f4nico oficial da Assessoria Financeira da CRE de <strong>IPORA afin.ipora@seduc.go.gov.br<\/strong>, informando contatos telef\u00f4nicos e endere\u00e7o de e-mail para retorno.<\/p>\n<p style=\"text-align: justify\">Para a an\u00e1lise dos curr\u00edculos, ser\u00e1 constitu\u00edda comiss\u00e3o espec\u00edfica no \u00e2mbito da Coordena\u00e7\u00e3o Regional de Educa\u00e7\u00e3o de <strong>IPORA<\/strong>, composta por membros desta unidade administrativa, a qual adotar\u00e1 crit\u00e9rios objetivos e ison\u00f4micos na sele\u00e7\u00e3o dos profissionais, assegurando a observ\u00e2ncia dos princ\u00edpios da legalidade, impessoalidade e interesse p\u00fablico.<\/p>\n<p style=\"text-align: justify\">A presente convoca\u00e7\u00e3o emergencial pauta-se nos princ\u00edpios da continuidade do servi\u00e7o p\u00fablico e da supremacia do interesse p\u00fablico, e ser\u00e1 adotada exclusivamente nos casos em que n\u00e3o houver mais candidatos habilitados no banco vigente, conforme previsto no edital e na legisla\u00e7\u00e3o pertinente.<\/p>\n<p style=\"text-align: center\">SEDUC\/GO<\/p>\n<hr \/>\n<h2 align=\"center\"><strong style=\"color: revert;font-size: revert\">COMUNICADO<\/strong><\/h2>\n<p style=\"text-align: center\"><strong>PARA CONTRATA\u00c7\u00c3O TEMPOR\u00c1RIA<\/strong><\/p>\n<pre style=\"text-align: center\">Publica\u00e7\u00e3o: 29\/09\/2025 \nEncerramento: 01\/10\/2025 \u00e0s 18h\n<\/pre>\n<h4 style=\"text-align: center\"><strong><span style=\"color: #ff0000\">ENCERRADO<\/span><\/strong><\/h4>\n<p style=\"text-align: justify\">O Governo do Estado de Goi\u00e1s, por interm\u00e9dio da Secretaria de Estado da Educa\u00e7\u00e3o, informa que, embora esteja vigente o Processo Seletivo Simplificado regido pelo Edital n\u00ba 020\/2024 \u2013 destinado \u00e0 composi\u00e7\u00e3o de banco de habilitados para contrata\u00e7\u00e3o tempor\u00e1ria de professores \u2013, no \u00e2mbito do <strong>munic\u00edpio de IPOR\u00c1<\/strong>, jurisdicionado \u00e0 Coordena\u00e7\u00e3o Regional de Educa\u00e7\u00e3o de <strong>IPOR\u00c1<\/strong>, o referido banco encontra-se esgotado para a fun\u00e7\u00e3o de <strong>Professor de Pedagogia.<\/strong><\/p>\n<p style=\"text-align: justify\">Diante da inexist\u00eancia de candidatos habilitados dispon\u00edveis para convoca\u00e7\u00e3o, e considerando a exist\u00eancia de d\u00e9ficit de profissional docente, justificado pelo art. 208 da Lei n\u00ba 13.909\/2001, a Secretaria de Estado da Educa\u00e7\u00e3o deliberou pela ado\u00e7\u00e3o de procedimento emergencial de sele\u00e7\u00e3o curricular, com o objetivo de realizar contrata\u00e7\u00e3o por tempo determinado, de natureza excepcional e urgente, nos termos da Lei Estadual n\u00ba 20.918\/2020.<\/p>\n<p style=\"text-align: justify\">Nesse sentido, a Coordena\u00e7\u00e3o Regional de Educa\u00e7\u00e3o de <strong>IPOR\u00c1<\/strong> est\u00e1 recebendo curr\u00edculos, exclusivamente por e-mail, para fins de sele\u00e7\u00e3o e contrata\u00e7\u00e3o tempor\u00e1ria de 01 (um) professor de <strong>Pedagogia<\/strong>, no(a) <strong>ESCOLA ESTADUAL ISRAEL AMORIM<\/strong>. <span style=\"text-decoration: underline\">A presente convoca\u00e7\u00e3o justifica-se por d\u00e9ficit causado por necessidade de atendimento domiciliar de estudantes.<\/span><\/p>\n<p style=\"text-align: justify\">Os interessados devem encaminhar curr\u00edculo atualizado ao endere\u00e7o eletr\u00f4nico oficial da Assessoria Financeira da CRE de <strong>IPOR\u00c1 (afin.ipora@seduc.go.gov.br)<\/strong>, informando contatos telef\u00f4nicos e endere\u00e7o de e-mail para retorno.<\/p>\n<p style=\"text-align: justify\">Para a an\u00e1lise dos curr\u00edculos, ser\u00e1 constitu\u00edda comiss\u00e3o espec\u00edfica no \u00e2mbito da Coordena\u00e7\u00e3o Regional de Educa\u00e7\u00e3o de <strong>IPOR\u00c1<\/strong>, composta por membros desta unidade administrativa, a qual adotar\u00e1 crit\u00e9rios objetivos e ison\u00f4micos na sele\u00e7\u00e3o dos profissionais, assegurando a observ\u00e2ncia dos princ\u00edpios da legalidade, impessoalidade e interesse p\u00fablico.<\/p>\n<p style=\"text-align: justify\">A presente convoca\u00e7\u00e3o emergencial pauta-se nos princ\u00edpios da continuidade do servi\u00e7o p\u00fablico e da supremacia do interesse p\u00fablico, e ser\u00e1 adotada exclusivamente nos casos em que n\u00e3o houver mais candidatos habilitados no banco vigente, conforme previsto no edital e na legisla\u00e7\u00e3o pertinente.<\/p>\n<p style=\"text-align: center\">SEDUC\/GO<\/p>\n<hr \/>\n<h2 align=\"center\"><strong style=\"color: revert;font-size: revert\">COMUNICADO<\/strong><\/h2>\n<p style=\"text-align: center\"><strong>PARA CONTRATA\u00c7\u00c3O TEMPOR\u00c1RIA<\/strong><\/p>\n<pre style=\"text-align: center\">Publica\u00e7\u00e3o: 09\/09\/2025 \nEncerramento: 11\/09\/2025 \u00e0s 18h\n<\/pre>\n<h4 style=\"text-align: center\"><strong><span style=\"color: #ff0000\">ENCERRADO<\/span><\/strong><\/h4>\n<p style=\"text-align: justify\">O Governo do Estado de Goi\u00e1s, por interm\u00e9dio da Secretaria de Estado da Educa\u00e7\u00e3o, informa que, embora esteja vigente o Processo Seletivo Simplificado regido pelo Edital n\u00ba 020\/2024 \u2013 destinado \u00e0 composi\u00e7\u00e3o de banco de habilitados para contrata\u00e7\u00e3o tempor\u00e1ria de professores \u2013, no \u00e2mbito do <strong>munic\u00edpio de DIORAMA<\/strong>, jurisdicionado \u00e0 Coordena\u00e7\u00e3o Regional de Educa\u00e7\u00e3o de <strong>IPORA<\/strong>, o referido banco encontra-se esgotado para a fun\u00e7\u00e3o de <strong>Professor de Ci\u00eancias\/Biologia<\/strong><\/p>\n<p style=\"text-align: justify\">Diante da inexist\u00eancia de candidatos habilitados dispon\u00edveis para convoca\u00e7\u00e3o, e considerando a exist\u00eancia de d\u00e9ficit de profissional docente, justificado pelo art. 208 da Lei n\u00ba 13.909\/2001, a Secretaria de Estado da Educa\u00e7\u00e3o deliberou pela ado\u00e7\u00e3o de procedimento emergencial de sele\u00e7\u00e3o curricular, com o objetivo de realizar contrata\u00e7\u00e3o por tempo determinado, de natureza excepcional e urgente, nos termos da Lei Estadual n\u00ba 20.918\/2020.<\/p>\n<p style=\"text-align: justify\">Nesse sentido, a Coordena\u00e7\u00e3o Regional de Educa\u00e7\u00e3o de <strong>IPORA<\/strong> est\u00e1 recebendo curr\u00edculos, exclusivamente por e-mail, para fins de sele\u00e7\u00e3o e contrata\u00e7\u00e3o tempor\u00e1ria de 01 (um) professor de <strong>Ci\u00eancias\/Biologia<\/strong>, no(a) <strong>COL\u00c9GIO ESTADUAL DONA EVA<\/strong>. A presente medida visa evitar a interrup\u00e7\u00e3o das atividades escolares e garantir a continuidade do processo de ensino e aprendizagem, resguardando o direito constitucional \u00e0 educa\u00e7\u00e3o dos estudantes da Rede Estadual de Ensino.<\/p>\n<p style=\"text-align: justify\">Os interessados devem encaminhar curr\u00edculo atualizado ao endere\u00e7o eletr\u00f4nico oficial da Assessoria Financeira da CRE de <strong>IPORA afin.ipora@seduc.go.gov.br<\/strong>, informando contatos telef\u00f4nicos e endere\u00e7o de e-mail para retorno.<\/p>\n<p style=\"text-align: justify\">Para a an\u00e1lise dos curr\u00edculos, ser\u00e1 constitu\u00edda comiss\u00e3o espec\u00edfica no \u00e2mbito da Coordena\u00e7\u00e3o Regional de Educa\u00e7\u00e3o de <strong>IPORA<\/strong>, composta por membros desta unidade administrativa, a qual adotar\u00e1 crit\u00e9rios objetivos e ison\u00f4micos na sele\u00e7\u00e3o dos profissionais, assegurando a observ\u00e2ncia dos princ\u00edpios da legalidade, impessoalidade e interesse p\u00fablico.<\/p>\n<p style=\"text-align: justify\">A presente convoca\u00e7\u00e3o emergencial pauta-se nos princ\u00edpios da continuidade do servi\u00e7o p\u00fablico e da supremacia do interesse p\u00fablico, e ser\u00e1 adotada exclusivamente nos casos em que n\u00e3o houver mais candidatos habilitados no banco vigente, conforme previsto no edital e na legisla\u00e7\u00e3o pertinente.<\/p>\n<p style=\"text-align: center\">SEDUC\/GO<\/p>\n<hr \/>\n<h2 align=\"center\"><strong style=\"color: revert;font-size: revert\">COMUNICADO<\/strong><\/h2>\n<p style=\"text-align: center\"><strong>PARA CONTRATA\u00c7\u00c3O TEMPOR\u00c1RIA<\/strong><\/p>\n<pre style=\"text-align: center\">Publica\u00e7\u00e3o: 06\/08\/2025 \nEncerramento: 08\/08\/2025 \u00e0s 18h\n<\/pre>\n<h4 style=\"text-align: center\"><strong><span style=\"color: #ff0000\">ENCERRADO<\/span><\/strong><\/h4>\n<p style=\"text-align: justify\">O Governo do Estado de Goi\u00e1s, por interm\u00e9dio da Secretaria de Estado da Educa\u00e7\u00e3o, informa que, embora esteja vigente o Processo Seletivo Simplificado regido pelo Edital n\u00ba 020\/2024 \u2013 destinado \u00e0 composi\u00e7\u00e3o de banco de habilitados para contrata\u00e7\u00e3o tempor\u00e1ria de professores \u2013, no \u00e2mbito do <strong>munic\u00edpio de DOVERL\u00c2NDIA<\/strong>, jurisdicionado \u00e0 Coordena\u00e7\u00e3o Regional de Educa\u00e7\u00e3o de <strong>IPORA<\/strong>, o referido banco encontra-se esgotado para a fun\u00e7\u00e3o de <strong>Professor de Hist\u00f3ria<\/strong><\/p>\n<p style=\"text-align: justify\">Diante da inexist\u00eancia de candidatos habilitados dispon\u00edveis para convoca\u00e7\u00e3o, e considerando a exist\u00eancia de d\u00e9ficit de profissional docente, justificado pelo art. 208 da Lei n\u00ba 13.909\/2001, a Secretaria de Estado da Educa\u00e7\u00e3o deliberou pela ado\u00e7\u00e3o de procedimento emergencial de sele\u00e7\u00e3o curricular, com o objetivo de realizar contrata\u00e7\u00e3o por tempo determinado, de natureza excepcional e urgente, nos termos da Lei Estadual n\u00ba 20.918\/2020.<\/p>\n<p style=\"text-align: justify\">Nesse sentido, a Coordena\u00e7\u00e3o Regional de Educa\u00e7\u00e3o de <strong>IPORA<\/strong> est\u00e1 recebendo curr\u00edculos, exclusivamente por e-mail, para fins de sele\u00e7\u00e3o e contrata\u00e7\u00e3o tempor\u00e1ria de 01 (um) professor de <strong>Hist\u00f3ria<\/strong>, no(a) <strong>ESCOLA ESTADUAL DR. PEDRO LUDOVICO TEIXEIRA<\/strong>. A presente medida visa evitar a interrup\u00e7\u00e3o das atividades escolares e garantir a continuidade do processo de ensino e aprendizagem, resguardando o direito constitucional \u00e0 educa\u00e7\u00e3o dos estudantes da Rede Estadual de Ensino.<\/p>\n<p style=\"text-align: justify\">Os interessados devem encaminhar curr\u00edculo atualizado ao endere\u00e7o eletr\u00f4nico oficial da Assessoria Financeira da CRE de <strong>IPORA afin.ipora@seduc.go.gov.br<\/strong>, informando contatos telef\u00f4nicos e endere\u00e7o de e-mail para retorno.<\/p>\n<p style=\"text-align: justify\">Para a an\u00e1lise dos curr\u00edculos, ser\u00e1 constitu\u00edda comiss\u00e3o espec\u00edfica no \u00e2mbito da Coordena\u00e7\u00e3o Regional de Educa\u00e7\u00e3o de <strong>IPORA<\/strong>, composta por membros desta unidade administrativa, a qual adotar\u00e1 crit\u00e9rios objetivos e ison\u00f4micos na sele\u00e7\u00e3o dos profissionais, assegurando a observ\u00e2ncia dos princ\u00edpios da legalidade, impessoalidade e interesse p\u00fablico.<\/p>\n<p style=\"text-align: justify\">A presente convoca\u00e7\u00e3o emergencial pauta-se nos princ\u00edpios da continuidade do servi\u00e7o p\u00fablico e da supremacia do interesse p\u00fablico, e ser\u00e1 adotada exclusivamente nos casos em que n\u00e3o houver mais candidatos habilitados no banco vigente, conforme previsto no edital e na legisla\u00e7\u00e3o pertinente.<\/p>\n<p style=\"text-align: center\">SEDUC\/GO<\/p>\n<hr \/>\n<h2 align=\"center\"><strong style=\"color: revert;font-size: revert\">COMUNICADO<\/strong><\/h2>\n<p style=\"text-align: center\"><strong>PARA CONTRATA\u00c7\u00c3O TEMPOR\u00c1RIA<\/strong><\/p>\n<pre style=\"text-align: center\">Publica\u00e7\u00e3o: 05\/08\/2025 \nEncerramento: 07\/08\/2025 \u00e0s 18h\n<\/pre>\n<h4 style=\"text-align: center\"><strong><span style=\"color: #ff0000\">ENCERRADO<\/span><\/strong><\/h4>\n<p style=\"text-align: justify\">O Governo do Estado de Goi\u00e1s, por interm\u00e9dio da Secretaria de Estado da Educa\u00e7\u00e3o, informa que, embora esteja vigente o Processo Seletivo Simplificado regido pelo Edital n\u00ba 020\/2024 \u2013 destinado \u00e0 composi\u00e7\u00e3o de banco de habilitados para contrata\u00e7\u00e3o tempor\u00e1ria de professores \u2013, no \u00e2mbito do <strong>munic\u00edpio de JAUPACI<\/strong>, jurisdicionado \u00e0 Coordena\u00e7\u00e3o Regional de Educa\u00e7\u00e3o de <strong>IPORA<\/strong>, o referido banco encontra-se esgotado para a fun\u00e7\u00e3o de <strong>Professor de Pedagogia<\/strong><\/p>\n<p style=\"text-align: justify\">Diante da inexist\u00eancia de candidatos habilitados dispon\u00edveis para convoca\u00e7\u00e3o, e considerando a exist\u00eancia de d\u00e9ficit de profissional docente, justificado pelo art. 208 da Lei n\u00ba 13.909\/2001, a Secretaria de Estado da Educa\u00e7\u00e3o deliberou pela ado\u00e7\u00e3o de procedimento emergencial de sele\u00e7\u00e3o curricular, com o objetivo de realizar contrata\u00e7\u00e3o por tempo determinado, de natureza excepcional e urgente, nos termos da Lei Estadual n\u00ba 20.918\/2020.<\/p>\n<p style=\"text-align: justify\">Nesse sentido, a Coordena\u00e7\u00e3o Regional de Educa\u00e7\u00e3o de <strong>IPORA<\/strong> est\u00e1 recebendo curr\u00edculos, exclusivamente por e-mail, para fins de sele\u00e7\u00e3o e contrata\u00e7\u00e3o tempor\u00e1ria de 01 (um) professor de <strong>Pedagogia<\/strong>, no(a) <strong>COL\u00c9GIO ESTADUAL GETULIO VARGAS<\/strong>. A presente medida visa evitar a interrup\u00e7\u00e3o das atividades escolares e garantir a continuidade do processo de ensino e aprendizagem, resguardando o direito constitucional \u00e0 educa\u00e7\u00e3o dos estudantes da Rede Estadual de Ensino.<\/p>\n<p style=\"text-align: justify\">Os interessados devem encaminhar curr\u00edculo atualizado ao endere\u00e7o eletr\u00f4nico oficial da Assessoria Financeira da CRE de <strong>IPORA afin.ipora@seduc.go.gov.br<\/strong>, informando contatos telef\u00f4nicos e endere\u00e7o de e-mail para retorno.<\/p>\n<p style=\"text-align: justify\">Para a an\u00e1lise dos curr\u00edculos, ser\u00e1 constitu\u00edda comiss\u00e3o espec\u00edfica no \u00e2mbito da Coordena\u00e7\u00e3o Regional de Educa\u00e7\u00e3o de <strong>IPORA<\/strong>, composta por membros desta unidade administrativa, a qual adotar\u00e1 crit\u00e9rios objetivos e ison\u00f4micos na sele\u00e7\u00e3o dos profissionais, assegurando a observ\u00e2ncia dos princ\u00edpios da legalidade, impessoalidade e interesse p\u00fablico.<\/p>\n<p style=\"text-align: justify\">A presente convoca\u00e7\u00e3o emergencial pauta-se nos princ\u00edpios da continuidade do servi\u00e7o p\u00fablico e da supremacia do interesse p\u00fablico, e ser\u00e1 adotada exclusivamente nos casos em que n\u00e3o houver mais candidatos habilitados no banco vigente, conforme previsto no edital e na legisla\u00e7\u00e3o pertinente.<\/p>\n<p style=\"text-align: center\">SEDUC\/GO<\/p>\n<hr \/>\n<h3 style=\"text-align: center\">COMUNICADO<\/h3>\n<p align=\"center\"><strong>PARA CONTRATA\u00c7\u00c3O TEMPOR\u00c1RIA<\/strong><\/p>\n<pre style=\"text-align: center\">Publica\u00e7\u00e3o: 31\/10\/2024\nEncerramento: 02\/11\/2024 \u00e0s 18h<\/pre>\n<h4 style=\"text-align: center\"><strong><span style=\"color: #ff0000\">ENCERRADO<\/span><\/strong><\/h4>\n<p class=\"Texto_Justificado\" style=\"text-align: justify\">O Governo do Estado de Goi\u00e1s, atrav\u00e9s da Secretaria de Estado da Educa\u00e7\u00e3o, diante da inexist\u00eancia de Processo Seletivo Simplificado vigente no \u00e2mbito desta Pasta e considerando a exist\u00eancia de d\u00e9ficits de professores nas unidades escolares pertencentes ao\u00a0<strong>munic\u00edpio de Ipor\u00e1<\/strong>, jurisdicionado \u00e0 Coordena\u00e7\u00e3o Regional de Educa\u00e7\u00e3o (CRE) de\u00a0Ipor\u00e1, informa que est\u00e1 recebendo curr\u00edculos, para sele\u00e7\u00e3o e contrata\u00e7\u00e3o tempor\u00e1ria com natureza emergencial para atender aos interesses da Administra\u00e7\u00e3o:\u00a0<strong>01 (um) professor para ministr<\/strong><strong>ar 32 (trinta e duas) aulas semanais de Geografia e disciplinas afins, nos turnos matutino e vespertino no CEPMG Ariston Gomes da Silva<\/strong>, visando afastar eventuais preju\u00edzos educacionais e\/ou pedag\u00f3gicos aos estudantes da Rede Estadual de Educa\u00e7\u00e3o de Goi\u00e1s.<\/p>\n<p class=\"Texto_Justificado\" style=\"text-align: justify\">A presente convoca\u00e7\u00e3o justifica-se por d\u00e9ficit causado por concess\u00e3o de licen\u00e7a maternidade concedida a(o) professor(a) titular.<\/p>\n<p class=\"Texto_Justificado\" style=\"text-align: justify\">Os interessados devem encaminhar Curr\u00edculo ao e-mail oficial da Assessoria Financeira da Coordena\u00e7\u00e3o Regional de Educa\u00e7\u00e3o de\u00a0Ipor\u00e1\u00a0(afin.ipora@seduc.go.gov.br), contendo os contatos telef\u00f4nicos e endere\u00e7os de e-mail para correspond\u00eancias eletr\u00f4nicas, e ainda, que no campo Assunto do e-mail, seja informada a Unidade Escolar e a disciplina da vaga pleiteada.<\/p>\n<p class=\"Texto_Justificado\" style=\"text-align: justify\">Oportunamente esclarece, que a Coordena\u00e7\u00e3o Regional de Educa\u00e7\u00e3o de\u00a0Ipor\u00e1\u00a0instituir\u00e1 comiss\u00e3o pr\u00f3pria para as an\u00e1lises curriculares, que ser\u00e1 composta por membros da CRE, objetivando assim, a ado\u00e7\u00e3o de medidas e provid\u00eancias pertinentes ao suprimento de todos os d\u00e9ficits de professores existentes na Rede Estadual de Educa\u00e7\u00e3o de Goi\u00e1s, que garantam os servi\u00e7os prestados \u00e0 comunidade goiana.<\/p>\n<p style=\"text-align: center\">SEDUC\/GO<\/p>\n<hr \/>\n<h3 style=\"text-align: center\">COMUNICADO<\/h3>\n<p align=\"center\"><strong>PARA CONTRATA\u00c7\u00c3O TEMPOR\u00c1RIA<\/strong><\/p>\n<pre style=\"text-align: center\">Publica\u00e7\u00e3o: 25\/10\/2024\nEncerramento: 29\/10\/2024 \u00e0s 18h<\/pre>\n<h4 style=\"text-align: center\"><strong><span style=\"color: #ff0000\">ENCERRADO<\/span><\/strong><\/h4>\n<p class=\"Texto_Justificado\" style=\"text-align: justify\">O Governo do Estado de Goi\u00e1s, atrav\u00e9s da Secretaria de Estado da Educa\u00e7\u00e3o, diante da inexist\u00eancia de Processo Seletivo Simplificado vigente no \u00e2mbito desta Pasta e considerando a exist\u00eancia de d\u00e9ficits de professores nas unidades escolares pertencentes ao\u00a0<strong>munic\u00edpio de\u00a0<\/strong><strong>Doverl\u00e2ndia<\/strong>, jurisdicionado \u00e0 Coordena\u00e7\u00e3o Regional de Educa\u00e7\u00e3o (CRE) de\u00a0Ipor\u00e1, informa que est\u00e1 recebendo curr\u00edculos, para sele\u00e7\u00e3o e contrata\u00e7\u00e3o tempor\u00e1ria com natureza emergencial para atender aos interesses da Administra\u00e7\u00e3o:\u00a0<strong>01 (<\/strong><strong>um) professor para ministrar\u00a032 (trinta e duas) aulas semanais de Matem\u00e1tica e disciplinas afins, nos turnos matutino e vespertino no Col\u00e9gio Estadual Dr Pedro Ludovico Teixeira<\/strong><strong>,<\/strong>\u00a0visando afastar eventuais preju\u00edzos educacionais e\/ou pedag\u00f3gicos aos estudantes da Rede Estadual de Educa\u00e7\u00e3o de Goi\u00e1s.<\/p>\n<p class=\"Texto_Justificado\" style=\"text-align: justify\">A presente convoca\u00e7\u00e3o justifica-se por d\u00e9ficit causado por mudan\u00e7a de fun\u00e7\u00e3o em raz\u00e3o de professor titular ter sido\u00a0aprovado no\u00a0Processo de sele\u00e7\u00e3o Democr\u00e1tica do Gestor Escolar.<\/p>\n<p class=\"Texto_Justificado\" style=\"text-align: justify\">Os interessados devem encaminhar Curr\u00edculo ao e-mail oficial da Assessoria Financeira da Coordena\u00e7\u00e3o Regional de\u00a0Ipor\u00e1\u00a0(afin.ipora@seduc.go.gov.br), contendo os contatos telef\u00f4nicos e endere\u00e7os de e-mail para correspond\u00eancias eletr\u00f4nicas, e ainda, que no campo Assunto do e-mail, seja informada a Unidade Escolar e a disciplina da vaga pleiteada.<\/p>\n<p class=\"Texto_Justificado_Esp15\" style=\"text-align: justify\">Oportunamente esclarece, que a Coordena\u00e7\u00e3o Regional de Educa\u00e7\u00e3o de\u00a0Ipor\u00e1\u00a0instituir\u00e1 comiss\u00e3o pr\u00f3pria para as an\u00e1lises curriculares, que ser\u00e1 composta por membros da CRE, objetivando assim, a ado\u00e7\u00e3o de medidas e provid\u00eancias pertinentes ao suprimento de todos os d\u00e9ficits de professores existentes na Rede Estadual de Educa\u00e7\u00e3o de Goi\u00e1s, que garantam os servi\u00e7os prestados \u00e0 comunidade goiana.<\/p>\n<p style=\"text-align: center\">SEDUC\/GO<\/p>\n<hr \/>\n<h3 style=\"text-align: center\">COMUNICADO<\/h3>\n<p align=\"center\"><strong>PARA CONTRATA\u00c7\u00c3O TEMPOR\u00c1RIA<\/strong><\/p>\n<pre style=\"text-align: center\">Publica\u00e7\u00e3o: 21\/10\/2024\nEncerramento: 23\/10\/2024 \u00e0s 18h<\/pre>\n<h4 style=\"text-align: center\"><strong><span style=\"color: #ff0000\">ENCERRADO<\/span><\/strong><\/h4>\n<p class=\"Texto_Justificado\" style=\"text-align: justify\">O Governo do Estado de Goi\u00e1s, atrav\u00e9s da Secretaria de Estado da Educa\u00e7\u00e3o, diante da inexist\u00eancia de Processo Seletivo Simplificado vigente no \u00e2mbito desta Pasta e considerando a exist\u00eancia de d\u00e9ficits de professores nas unidades escolares pertencentes ao\u00a0<strong>munic\u00edpio de\u00a0<\/strong>Ipor\u00e1, jurisdicionado \u00e0 Coordena\u00e7\u00e3o Regional de Educa\u00e7\u00e3o (CRE) de\u00a0Ipor\u00e1, informa que est\u00e1 recebendo curr\u00edculos, para sele\u00e7\u00e3o e contrata\u00e7\u00e3o tempor\u00e1ria com natureza emergencial para atender aos interesses da Administra\u00e7\u00e3o:\u00a0<strong>01 (um) professor para ministrar<\/strong><strong>\u00a032 (trinta e duas) aulas semanais de Biologia e disciplinas afins, nos turnos matutino e vespertino na Escola Estadual Edmo Teixeira<\/strong><strong>,<\/strong>\u00a0visando afastar eventuais preju\u00edzos educacionais e\/ou pedag\u00f3gicos aos estudantes da Rede Estadual de Educa\u00e7\u00e3o de Goi\u00e1s.<\/p>\n<p class=\"Texto_Justificado\" style=\"text-align: justify\">A presente convoca\u00e7\u00e3o justifica-se por d\u00e9ficit causado por concess\u00e3o de licen\u00e7a m\u00e9dica para tratamento de sa\u00fade a(o) professor(a) titular.<\/p>\n<p class=\"Texto_Justificado\" style=\"text-align: justify\">Os interessados devem encaminhar Curr\u00edculo ao e-mail oficial da Assessoria Financeira da Coordena\u00e7\u00e3o Regional de Educa\u00e7\u00e3o de\u00a0Ipor\u00e1\u00a0(afin.ipora@seduc.go.gov.br), contendo os contatos telef\u00f4nicos e endere\u00e7os de e-mail para correspond\u00eancias eletr\u00f4nicas, e ainda, que no campo Assunto do e-mail, seja informada a Unidade Escolar e a disciplina da vaga pleiteada.<\/p>\n<p class=\"Texto_Justificado\" style=\"text-align: justify\">Oportunamente esclarece, que a Coordena\u00e7\u00e3o Regional de Educa\u00e7\u00e3o de\u00a0Ipor\u00e1\u00a0instituir\u00e1 comiss\u00e3o pr\u00f3pria para as an\u00e1lises curriculares, que ser\u00e1 composta por membros da CRE, objetivando assim, a ado\u00e7\u00e3o de medidas e provid\u00eancias pertinentes ao suprimento de todos os d\u00e9ficits de professores existentes na Rede Estadual de Educa\u00e7\u00e3o de Goi\u00e1s, que garantam os servi\u00e7os prestados \u00e0 comunidade goiana.<\/p>\n<p style=\"text-align: center\">SEDUC\/GO<\/p>\n<hr \/>\n<h3 style=\"text-align: center\">COMUNICADO<\/h3>\n<p align=\"center\"><strong>PARA CONTRATA\u00c7\u00c3O TEMPOR\u00c1RIA<\/strong><\/p>\n<pre style=\"text-align: center\">Publica\u00e7\u00e3o: 30\/09\/2024\nEncerramento: 02\/10\/2024 \u00e0s 18h<\/pre>\n<h4 style=\"text-align: center\"><strong><span style=\"color: #ff0000\">ENCERRADO<\/span><\/strong><\/h4>\n<p class=\"Texto_Justificado_Recuo_Primeira_Linha_Esp15\" style=\"text-align: justify\">O Governo do Estado de Goi\u00e1s, atrav\u00e9s da Secretaria de Estado da Educa\u00e7\u00e3o, diante da inexist\u00eancia de Processo Seletivo Simplificado vigente no \u00e2mbito desta Pasta e considerando a exist\u00eancia de d\u00e9ficits de professores nas unidades escolares pertencentes ao munic\u00edpio de Ipor\u00e1, jurisdicionado \u00e0 Coordena\u00e7\u00e3o Regional de Educa\u00e7\u00e3o (CRE) de Ipor\u00e1, informa que est\u00e1 recebendo curr\u00edculos para sele\u00e7\u00e3o e contrata\u00e7\u00e3o tempor\u00e1ria com natureza emergencial para atender aos interesses da Administra\u00e7\u00e3o <strong>de um professor para ministrar 32 (trinta e duas) aulas semanais de l\u00edngua portuguesa e disciplinas afins, no(s) turno(s) matutino e vespertino do COL\u00c9GIO ESTADUAL ELIAS DE ARAUJO ROCHA<\/strong>, visando afastar eventuais preju\u00edzos educacionais e\/ou pedag\u00f3gicos aos estudantes da Rede Estadual de Educa\u00e7\u00e3o de Goi\u00e1s.<\/p>\n<p class=\"Texto_Justificado\" style=\"text-align: justify\">A presente convoca\u00e7\u00e3o justifica-se por d\u00e9ficit causado por concess\u00e3o de licen\u00e7a pr\u00eamio a(o) professor(a) titular, conforme disciplina o art. 208, da Lei n.\u00ba 13.909, de 25 de setembro de 2001.<\/p>\n<p class=\"Texto_Justificado\" style=\"text-align: justify\">Os interessados devem encaminhar Curr\u00edculo ao e-mail oficial da Assessoria Financeira da Coordena\u00e7\u00e3o Regional de Educa\u00e7\u00e3o de Ipor\u00e1 (afin.ipora@seduc.go.gov.br), contendo os contatos telef\u00f4nicos e endere\u00e7os de e-mail para correspond\u00eancias eletr\u00f4nicas, e ainda, que no campo Assunto do e-mail, seja informada a Unidade Escolar e a disciplina da vaga pleiteada.<\/p>\n<p class=\"Texto_Justificado\" style=\"text-align: justify\">Oportunamente esclarece, que a Coordena\u00e7\u00e3o Regional de Educa\u00e7\u00e3o de Ipor\u00e1 instituir\u00e1 comiss\u00e3o pr\u00f3pria para as an\u00e1lises curriculares, que ser\u00e1 composta por membros da CRE, objetivando assim, a ado\u00e7\u00e3o de medidas e provid\u00eancias pertinentes ao suprimento de todos os d\u00e9ficits de professores existentes na Rede Estadual de Educa\u00e7\u00e3o de Goi\u00e1s, que garantam os servi\u00e7os prestados \u00e0 comunidade goiana.<\/p>\n<p style=\"text-align: center\">SEDUC\/GO<\/p>\n<hr \/>\n<h3 style=\"text-align: center\">COMUNICADO<\/h3>\n<p align=\"center\"><strong>PARA CONTRATA\u00c7\u00c3O TEMPOR\u00c1RIA<\/strong><\/p>\n<pre style=\"text-align: center\">Publica\u00e7\u00e3o: 23\/09\/2024\nEncerramento: 25\/09\/2024 \u00e0s 18h<\/pre>\n<h4 style=\"text-align: center\"><strong><span style=\"color: #ff0000\">ENCERRADO<\/span><\/strong><\/h4>\n<p class=\"Texto_Justificado\" style=\"text-align: justify\">O Governo do Estado de Goi\u00e1s, atrav\u00e9s da Secretaria de Estado da Educa\u00e7\u00e3o, diante da inexist\u00eancia de Processo Seletivo Simplificado vigente no \u00e2mbito desta Pasta e considerando a exist\u00eancia de d\u00e9ficits de professores nas unidades escolares pertencentes ao\u00a0<strong>munic\u00edpio de Caip\u00f4nia<\/strong>, jurisdicionado \u00e0 Coordena\u00e7\u00e3o Regional de Educa\u00e7\u00e3o (CRE) de Ipor\u00e1, informa que est\u00e1 recebendo curr\u00edculos, para sele\u00e7\u00e3o e contrata\u00e7\u00e3o tempor\u00e1ria com natureza emergencial para atender aos interesses da Administra\u00e7\u00e3o:\u00a0<strong>01 (um) professor para ministrar 32 (trinta e duas) aulas semanais de Ingl\u00eas e disciplinas afins,<\/strong><strong>\u00a0no(s) turno(s) matutino e vespertino no\u00a0CENTRO DE ENSINO EM PER\u00cdODO INTEGRAL GERCINA BORGES TEIXEIRA<\/strong>, visando afastar eventuais preju\u00edzos educacionais e\/ou pedag\u00f3gicos aos estudantes da Rede Estadual de Educa\u00e7\u00e3o de Goi\u00e1s.<\/p>\n<p class=\"Texto_Justificado\" style=\"text-align: justify\">A presente convoca\u00e7\u00e3o justifica-se por d\u00e9ficit causado por concess\u00e3o de licen\u00e7a maternidade concedida a(o) professor(a) titular.<\/p>\n<p class=\"Texto_Justificado\" style=\"text-align: justify\">Os interessados devem encaminhar Curr\u00edculo ao e-mail oficial da Assessoria Financeira da Coordena\u00e7\u00e3o Regional de Educa\u00e7\u00e3o de Ipor\u00e1 (afin.ipora@seduc.go.gov.br), contendo os contatos telef\u00f4nicos e endere\u00e7os de e-mail para correspond\u00eancias eletr\u00f4nicas, e ainda, que no campo Assunto do e-mail, seja informada a Unidade Escolar e a disciplina da vaga pleiteada.<\/p>\n<p class=\"Texto_Justificado\" style=\"text-align: justify\">Oportunamente esclarece, que a Coordena\u00e7\u00e3o Regional de Educa\u00e7\u00e3o de Ipor\u00e1\u00a0instituir\u00e1 comiss\u00e3o pr\u00f3pria para as an\u00e1lises curriculares, que ser\u00e1 composta por membros da CRE, objetivando assim, a ado\u00e7\u00e3o de medidas e provid\u00eancias pertinentes ao suprimento de todos os d\u00e9ficits de professores existentes na Rede Estadual de Educa\u00e7\u00e3o de Goi\u00e1s, que garantam os servi\u00e7os prestados \u00e0 comunidade goiana.<\/p>\n<p style=\"text-align: center\">SEDUC\/GO<\/p>\n<hr \/>\n<h3 style=\"text-align: center\">COMUNICADO<\/h3>\n<p align=\"center\"><strong>PARA CONTRATA\u00c7\u00c3O TEMPOR\u00c1RIA<\/strong><\/p>\n<pre style=\"text-align: center\">Publica\u00e7\u00e3o: 11\/09\/2024\nEncerramento: 13\/09\/2024 \u00e0s 18h<\/pre>\n<h4 style=\"text-align: center\"><strong><span style=\"color: #ff0000\">ENCERRADO<\/span><\/strong><\/h4>\n<p class=\"Texto_Justificado\" style=\"text-align: justify\">O Governo do Estado de Goi\u00e1s, atrav\u00e9s da Secretaria de Estado da Educa\u00e7\u00e3o, diante da inexist\u00eancia de Processo Seletivo Simplificado vigente no \u00e2mbito desta Pasta e considerando a exist\u00eancia de d\u00e9ficits de professores nas unidades escolares pertencentes ao<strong>\u00a0munic\u00edpio de\u00a0Ipor\u00e1<\/strong>, jurisdicionado \u00e0 Coordena\u00e7\u00e3o Regional de Educa\u00e7\u00e3o (CRE) de\u00a0Ipor\u00e1, informa que est\u00e1 recebendo curr\u00edculos, para sele\u00e7\u00e3o e contrata\u00e7\u00e3o tempor\u00e1ria com natureza emergencial para atender aos interesses da Administra\u00e7\u00e3o:\u00a0<strong>01 (um) professor para ministrar<\/strong><strong>\u00a026 (vinte e seis) aulas semanais de Matem\u00e1tica e disciplinas afins, nos turnos matutino e vespertino no CEPMG Ariston Gomes da Silva,\u00a0<\/strong>visando afastar eventuais preju\u00edzos educacionais e\/ou pedag\u00f3gicos aos estudantes da Rede Estadual de Educa\u00e7\u00e3o de Goi\u00e1s.<\/p>\n<p class=\"Texto_Justificado\" style=\"text-align: justify\">A presente convoca\u00e7\u00e3o justifica-se por d\u00e9ficit causado por rescis\u00e3o a pedido\u00a0 da(o) professor(a) titular.<\/p>\n<p class=\"Texto_Justificado\" style=\"text-align: justify\">Os interessados devem encaminhar Curr\u00edculo ao e-mail oficial da Assessoria Financeira da Coordena\u00e7\u00e3o Regional de\u00a0Ipor\u00e1\u00a0(afin.ipora@seduc.go.gov.br), contendo os contatos telef\u00f4nicos e endere\u00e7os de e-mail para correspond\u00eancias eletr\u00f4nicas, e ainda, que no campo Assunto do e-mail, seja informada a Unidade Escolar e a disciplina da vaga pleiteada.<\/p>\n<p class=\"Texto_Justificado_Esp15\" style=\"text-align: justify\">Oportunamente esclarece, que a Coordena\u00e7\u00e3o Regional de Educa\u00e7\u00e3o de\u00a0Ipor\u00e1\u00a0instituir\u00e1 comiss\u00e3o pr\u00f3pria para as an\u00e1lises curriculares, que ser\u00e1 composta por membros da CRE, objetivando assim, a ado\u00e7\u00e3o de medidas e provid\u00eancias pertinentes ao suprimento de todos os d\u00e9ficits de professores existentes na Rede Estadual de Educa\u00e7\u00e3o de Goi\u00e1s, que garantam os servi\u00e7os prestados \u00e0 comunidade goiana.<\/p>\n<p style=\"text-align: center\">SEDUC\/GO<\/p>\n<hr \/>\n<h3 style=\"text-align: center\">COMUNICADO<\/h3>\n<p align=\"center\"><strong>PARA CONTRATA\u00c7\u00c3O TEMPOR\u00c1RIA<\/strong><\/p>\n<pre style=\"text-align: center\">Publica\u00e7\u00e3o: 11\/09\/2024\nEncerramento: 13\/09\/2024 \u00e0s 18h<\/pre>\n<h4 style=\"text-align: center\"><strong><span style=\"color: #ff0000\">ENCERRADO<\/span><\/strong><\/h4>\n<p class=\"Texto_Justificado\" style=\"text-align: justify\">O Governo do Estado de Goi\u00e1s, atrav\u00e9s da Secretaria de Estado da Educa\u00e7\u00e3o, diante da inexist\u00eancia de Processo Seletivo Simplificado vigente no \u00e2mbito desta Pasta e considerando a exist\u00eancia de d\u00e9ficits de professores nas unidades escolares pertencentes ao<strong>\u00a0munic\u00edpio de\u00a0Ipor\u00e1,<\/strong>\u00a0jurisdicionado \u00e0 Coordena\u00e7\u00e3o Regional de Educa\u00e7\u00e3o (CRE) de\u00a0Ipor\u00e1, informa que est\u00e1 recebendo curr\u00edculos, para sele\u00e7\u00e3o e contrata\u00e7\u00e3o tempor\u00e1ria com natureza emergencial para atender aos interesses da Administra\u00e7\u00e3o:\u00a0<strong>01 (um) professor para ministrar<\/strong><strong>\u00a025 (vinte e cinco) aulas semanais de Instala\u00e7\u00e3o e Manuten\u00e7\u00e3o de Computadores e disciplinas afins, no turno matutino no CEJA Dom Bosco<\/strong><strong>,<\/strong>\u00a0visando afastar eventuais preju\u00edzos educacionais e\/ou pedag\u00f3gicos aos estudantes da Rede Estadual de Educa\u00e7\u00e3o de Goi\u00e1s.<\/p>\n<p class=\"Texto_Justificado\" style=\"text-align: justify\">A presente convoca\u00e7\u00e3o justifica-se por d\u00e9ficit causado por rescis\u00e3o a pedido\u00a0 da(o) professor(a) titular.<\/p>\n<p class=\"Texto_Justificado\" style=\"text-align: justify\">Os interessados devem encaminhar Curr\u00edculo ao e-mail oficial da Assessoria Financeira da Coordena\u00e7\u00e3o Regional de\u00a0Ipor\u00e1\u00a0(afin.ipora@seduc.go.gov.br), contendo os contatos telef\u00f4nicos e endere\u00e7os de e-mail para correspond\u00eancias eletr\u00f4nicas, e ainda, que no campo Assunto do e-mail, seja informada a Unidade Escolar e a disciplina da vaga pleiteada.<\/p>\n<p class=\"Texto_Justificado_Esp15\" style=\"text-align: justify\">Oportunamente esclarece, que a Coordena\u00e7\u00e3o Regional de Educa\u00e7\u00e3o de\u00a0Ipor\u00e1\u00a0instituir\u00e1 comiss\u00e3o pr\u00f3pria para as an\u00e1lises curriculares, que ser\u00e1 composta por membros da CRE, objetivando assim, a ado\u00e7\u00e3o de medidas e provid\u00eancias pertinentes ao suprimento de todos os d\u00e9ficits de professores existentes na Rede Estadual de Educa\u00e7\u00e3o de Goi\u00e1s, que garantam os servi\u00e7os prestados \u00e0 comunidade goiana.<\/p>\n<p style=\"text-align: center\">SEDUC\/GO<\/p>\n<hr \/>\n<h3 style=\"text-align: center\">COMUNICADO<\/h3>\n<p align=\"center\"><strong>PARA CONTRATA\u00c7\u00c3O TEMPOR\u00c1RIA<\/strong><\/p>\n<pre style=\"text-align: center\">Publica\u00e7\u00e3o: 11\/09\/2024\nEncerramento: 13\/09\/2024 \u00e0s 18h<\/pre>\n<h4 style=\"text-align: center\"><strong><span style=\"color: #ff0000\">ENCERRADO<\/span><\/strong><\/h4>\n<p class=\"Texto_Justificado\" style=\"text-align: justify\">O Governo do Estado de Goi\u00e1s, atrav\u00e9s da Secretaria de Estado da Educa\u00e7\u00e3o, diante da inexist\u00eancia de Processo Seletivo Simplificado vigente no \u00e2mbito desta Pasta e considerando a exist\u00eancia de d\u00e9ficits de professores nas unidades escolares pertencentes ao<strong>\u00a0munic\u00edpio de\u00a0Israel\u00e2ndia<\/strong>, jurisdicionado \u00e0 Coordena\u00e7\u00e3o Regional de Educa\u00e7\u00e3o (CRE) de\u00a0Ipor\u00e1, informa que est\u00e1 recebendo curr\u00edculos, para sele\u00e7\u00e3o e contrata\u00e7\u00e3o tempor\u00e1ria com natureza emergencial para atender aos interesses da Administra\u00e7\u00e3o:\u00a0<strong>01 (um) professor para ministra<\/strong><strong>r 17 (dezessete) aulas semanais de Qu\u00edmica e disciplinas afins, no turno vespertino no Col\u00e9gio Estadual Maria Barreto<\/strong><strong>,<\/strong>\u00a0visando afastar eventuais preju\u00edzos educacionais e\/ou pedag\u00f3gicos aos estudantes da Rede Estadual de Educa\u00e7\u00e3o de Goi\u00e1s.<\/p>\n<p class=\"Texto_Justificado\" style=\"text-align: justify\">A presente convoca\u00e7\u00e3o justifica-se por d\u00e9ficit causado por rescis\u00e3o a pedido\u00a0 da(o) professor(a) titular.<\/p>\n<p class=\"Texto_Justificado\" style=\"text-align: justify\">Os interessados devem encaminhar Curr\u00edculo ao e-mail oficial da Assessoria Financeira da Coordena\u00e7\u00e3o Regional de\u00a0Ipor\u00e1\u00a0(afin.ipora@seduc.go.gov.br), contendo os contatos telef\u00f4nicos e endere\u00e7os de e-mail para correspond\u00eancias eletr\u00f4nicas, e ainda, que no campo Assunto do e-mail, seja informada a Unidade Escolar e a disciplina da vaga pleiteada.<\/p>\n<p class=\"Texto_Justificado_Esp15\" style=\"text-align: justify\">Oportunamente esclarece, que a Coordena\u00e7\u00e3o Regional de Educa\u00e7\u00e3o de\u00a0Ipor\u00e1\u00a0instituir\u00e1 comiss\u00e3o pr\u00f3pria para as an\u00e1lises curriculares, que ser\u00e1 composta por membros da CRE, objetivando assim, a ado\u00e7\u00e3o de medidas e provid\u00eancias pertinentes ao suprimento de todos os d\u00e9ficits de professores existentes na Rede Estadual de Educa\u00e7\u00e3o de Goi\u00e1s, que garantam os servi\u00e7os prestados \u00e0 comunidade goiana.<\/p>\n<p style=\"text-align: center\">SEDUC\/GO<\/p>\n<hr \/>\n<h3 style=\"text-align: center\">COMUNICADO<\/h3>\n<p align=\"center\"><strong>PARA CONTRATA\u00c7\u00c3O TEMPOR\u00c1RIA<\/strong><\/p>\n<pre style=\"text-align: center\">Publica\u00e7\u00e3o: 02\/09\/2024\nEncerramento: 04\/09\/2024 \u00e0s 18h<\/pre>\n<h4 style=\"text-align: center\"><strong><span style=\"color: #ff0000\">ENCERRADO<\/span><\/strong><\/h4>\n<p class=\"Texto_Justificado\" style=\"text-align: justify\">O Governo do Estado de Goi\u00e1s, atrav\u00e9s da Secretaria de Estado da Educa\u00e7\u00e3o, diante da inexist\u00eancia de Processo Seletivo Simplificado vigente no \u00e2mbito desta Pasta e considerando a exist\u00eancia de d\u00e9ficits de professores nas unidades escolares pertencentes ao munic\u00edpio de Caiap\u00f4nia, jurisdicionado \u00e0 Coordena\u00e7\u00e3o Regional de Educa\u00e7\u00e3o (CRE) de Ipor\u00e1, informa que est\u00e1 recebendo curr\u00edculos, para sele\u00e7\u00e3o e contrata\u00e7\u00e3o tempor\u00e1ria com natureza emergencial para atender aos interesses da Administra\u00e7\u00e3o: de<strong> 01 (um) professor de Biologia, para ministrar 24 (vinte e quatro) aulas no(s) turno(s) integral no CENTRO DE ENSINO EM PER\u00cdODO INTEGRAL NOSSA SENHORA DO MONTESERRATE<\/strong>, visando afastar eventuais preju\u00edzos educacionais e\/ou pedag\u00f3gicos aos estudantes da Rede Estadual de Educa\u00e7\u00e3o de Goi\u00e1s.<\/p>\n<p class=\"Texto_Justificado\" style=\"text-align: justify\">A presente convoca\u00e7\u00e3o justifica-se por d\u00e9ficit causado por rescis\u00e3o a pedido\u00a0 da(o) professor(a) titular.<\/p>\n<p class=\"Texto_Justificado\" style=\"text-align: justify\">Os interessados devem encaminhar Curr\u00edculo ao e-mail oficial da Assessoria Financeira da Coordena\u00e7\u00e3o Regional de Ipor\u00e1\u00a0(afin.ipora@seduc.go.gov.br), contendo os contatos telef\u00f4nicos e endere\u00e7os de e-mail para correspond\u00eancias eletr\u00f4nicas, e ainda, que no campo Assunto do e-mail, seja informada a Unidade Escolar e a disciplina da vaga pleiteada.<\/p>\n<p class=\"Texto_Justificado_Esp15\" style=\"text-align: justify\">Oportunamente esclarece, que a Coordena\u00e7\u00e3o Regional de Educa\u00e7\u00e3o de\u00a0Ipor\u00e1\u00a0instituir\u00e1 comiss\u00e3o pr\u00f3pria para as an\u00e1lises curriculares, que ser\u00e1 composta por membros da CRE, objetivando assim, a ado\u00e7\u00e3o de medidas e provid\u00eancias pertinentes ao suprimento de todos os d\u00e9ficits de professores existentes na Rede Estadual de Educa\u00e7\u00e3o de Goi\u00e1s, que garantam os servi\u00e7os prestados \u00e0 comunidade goiana.<\/p>\n<p style=\"text-align: center\">SEDUC\/GO<\/p>\n<hr \/>\n<h3 style=\"text-align: center\">COMUNICADO<\/h3>\n<p align=\"center\"><strong>PARA CONTRATA\u00c7\u00c3O TEMPOR\u00c1RIA<\/strong><\/p>\n<pre style=\"text-align: center\">Publica\u00e7\u00e3o: 13\/08\/2024\nEncerramento: 15\/08\/2024 \u00e0s 18h<\/pre>\n<h4 style=\"text-align: center\"><strong><span style=\"color: #ff0000\">ENCERRADO<\/span><\/strong><\/h4>\n<p class=\"Texto_Justificado_Recuo_Primeira_Linha\" style=\"text-align: justify\">O Governo do Estado de Goi\u00e1s, atrav\u00e9s da Secretaria de Estado da Educa\u00e7\u00e3o, diante da inexist\u00eancia de Processo Seletivo Simplificado vigente no \u00e2mbito desta Pasta e considerando a exist\u00eancia de d\u00e9ficits de professores nas unidades escolares pertencentes ao munic\u00edpio de Diorama, jurisdicionado \u00e0 Coordena\u00e7\u00e3o Regional de Educa\u00e7\u00e3o (CRE) de Ipor\u00e1, informa que est\u00e1 recebendo curr\u00edculos, para sele\u00e7\u00e3o e contrata\u00e7\u00e3o tempor\u00e1ria com natureza emergencial para atender aos interesses da Administra\u00e7\u00e3o:\u00a0<strong>01 (um) professor de L\u00edngua Portuguesa para ministrar 17 (dezessete) aulas semanais no(s) turno(s) vespertino e noturno no Col\u00e9gio Col\u00e9gio Estadual Dona Eva<\/strong><strong>,<\/strong> at\u00e9 09\/10\/2024, visando afastar eventuais preju\u00edzos educacionais e\/ou pedag\u00f3gicos aos estudantes da Rede Estadual de Educa\u00e7\u00e3o de Goi\u00e1s.<\/p>\n<p class=\"Texto_Justificado\" style=\"text-align: justify\">A presente convoca\u00e7\u00e3o justifica-se por d\u00e9ficit causado por concess\u00e3o de licen\u00e7a m\u00e9dica para tratamento de sa\u00fade a(o) professor(a) titular.<\/p>\n<p class=\"Texto_Justificado\" style=\"text-align: justify\">Os interessados devem encaminhar Curr\u00edculo ao e-mail oficial da Assessoria Financeira da Coordena\u00e7\u00e3o Regional de Educa\u00e7\u00e3o de Ipor\u00e1 (afin.ipora@seduc.go.gov.br), contendo os contatos telef\u00f4nicos e endere\u00e7os de e-mail para correspond\u00eancias eletr\u00f4nicas, e ainda, que no campo Assunto do e-mail, seja informada a Unidade Escolar e a disciplina da vaga pleiteada.<\/p>\n<p class=\"Texto_Justificado\" style=\"text-align: justify\">Oportunamente esclarece, que a Coordena\u00e7\u00e3o Regional de Educa\u00e7\u00e3o de Ipor\u00e1 instituir\u00e1 comiss\u00e3o pr\u00f3pria para as an\u00e1lises curriculares, que ser\u00e1 composta por membros da CRE, objetivando assim, a ado\u00e7\u00e3o de medidas e provid\u00eancias pertinentes ao suprimento de todos os d\u00e9ficits de professores existentes na Rede Estadual de Educa\u00e7\u00e3o de Goi\u00e1s, que garantam os servi\u00e7os prestados \u00e0 comunidade goiana.<\/p>\n<p style=\"text-align: center\">SEDUC\/GO<\/p>\n<hr \/>\n<h3 style=\"text-align: center\">COMUNICADO<\/h3>\n<p align=\"center\"><strong>PARA CONTRATA\u00c7\u00c3O TEMPOR\u00c1RIA<\/strong><\/p>\n<pre style=\"text-align: center\">Publica\u00e7\u00e3o: 13\/08\/2024\nEncerramento: 15\/08\/2024 \u00e0s 18h<\/pre>\n<h4 style=\"text-align: center\"><strong><span style=\"color: #ff0000\">ENCERRADO<\/span><\/strong><\/h4>\n<p class=\"Texto_Justificado\" style=\"text-align: justify\">O Governo do Estado de Goi\u00e1s, atrav\u00e9s da Secretaria de Estado da Educa\u00e7\u00e3o, diante da inexist\u00eancia de Processo Seletivo Simplificado vigente no \u00e2mbito desta Pasta e considerando a exist\u00eancia de d\u00e9ficits de professores nas unidades escolares pertencentes ao munic\u00edpio de Ipor\u00e1, jurisdicionado \u00e0 Coordena\u00e7\u00e3o Regional de Educa\u00e7\u00e3o (CRE) de Ipor\u00e1, informa que est\u00e1 recebendo curr\u00edculos, para sele\u00e7\u00e3o e contrata\u00e7\u00e3o tempor\u00e1ria com natureza emergencial para atender aos interesses da Administra\u00e7\u00e3o: <strong>01 (um) professor para ministrar 32 (trinta e duas) aulas, de Qu\u00edmica e disciplinas afins, no(s) turno(s) matutino e vespertino no <\/strong>CEPI Os\u00f3rio Raimundo de Lima, visando afastar eventuais preju\u00edzos educacionais e\/ou pedag\u00f3gicos aos estudantes da Rede Estadual de Educa\u00e7\u00e3o de Goi\u00e1s.<\/p>\n<p class=\"Texto_Justificado\" style=\"text-align: justify\">A presente convoca\u00e7\u00e3o justifica-se por d\u00e9ficit causado por exonera\u00e7\u00e3o a pedido da(o) professor(a) titular.<\/p>\n<p class=\"Texto_Justificado\" style=\"text-align: justify\">Os interessados devem encaminhar Curr\u00edculo ao e-mail oficial da Assessoria Financeira da Coordena\u00e7\u00e3o Regional de Ipor\u00e1 (afin.ipora@seduc.go.gov.br), contendo os contatos telef\u00f4nicos e endere\u00e7os de e-mail para correspond\u00eancias eletr\u00f4nicas, e ainda, que no campo Assunto do e-mail, seja informada a Unidade Escolar e a disciplina da vaga pleiteada.<\/p>\n<p class=\"Texto_Justificado_Esp15\" style=\"text-align: justify\">Oportunamente esclarece, que a Coordena\u00e7\u00e3o Regional de Educa\u00e7\u00e3o de Ipor\u00e1 instituir\u00e1 comiss\u00e3o pr\u00f3pria para as an\u00e1lises curriculares, que ser\u00e1 composta por membros da CRE, objetivando assim, a ado\u00e7\u00e3o de medidas e provid\u00eancias pertinentes ao suprimento de todos os d\u00e9ficits de professores existentes na Rede Estadual de Educa\u00e7\u00e3o de Goi\u00e1s, que garantam os servi\u00e7os prestados \u00e0 comunidade goiana.<\/p>\n<p style=\"text-align: center\">SEDUC\/GO<\/p>\n<hr \/>\n<h3 style=\"text-align: center\">COMUNICADO<\/h3>\n<p align=\"center\"><strong>PARA CONTRATA\u00c7\u00c3O TEMPOR\u00c1RIA<\/strong><\/p>\n<pre style=\"text-align: center\">Publica\u00e7\u00e3o: 06\/08\/2024\nEncerramento: 08\/08\/2024 \u00e0s 18h<\/pre>\n<h4 style=\"text-align: center\"><strong><span style=\"color: #ff0000\">ENCERRADO<\/span><\/strong><\/h4>\n<p class=\"Texto_Justificado\" style=\"text-align: justify\">O Governo do Estado de Goi\u00e1s, atrav\u00e9s da Secretaria de Estado da Educa\u00e7\u00e3o, diante da inexist\u00eancia de Processo Seletivo Simplificado vigente no \u00e2mbito desta Pasta e considerando a exist\u00eancia de d\u00e9ficits de professores nas unidades escolares pertencentes ao<strong>\u00a0munic\u00edpio de Caip\u00f4nia<\/strong>, jurisdicionado \u00e0 Coordena\u00e7\u00e3o Regional de Educa\u00e7\u00e3o (CRE) de Ipor\u00e1, informa que est\u00e1 recebendo curr\u00edculos, para sele\u00e7\u00e3o e contrata\u00e7\u00e3o tempor\u00e1ria com natureza emergencial para atender aos interesses da Administra\u00e7\u00e3o:\u00a0<strong>01 (um) professor para ministrar<\/strong><strong>\u00a024 ( vinte e quatro) aulas, de ci\u00eancias biol\u00f3gicas e disciplinas afins, no(s) turno(s) matutino no\u00a0CEPI &#8211; CENTRO DE ENSINO EM PER\u00cdODO INTEGRAL NOSSA SENHORA DO MONTESSERRATE,\u00a0a partir de 09\/08\/2024<\/strong>, visando afastar eventuais preju\u00edzos educacionais e\/ou pedag\u00f3gicos aos estudantes da Rede Estadual de Educa\u00e7\u00e3o de Goi\u00e1s.<\/p>\n<p class=\"Texto_Justificado\" style=\"text-align: justify\">A presente convoca\u00e7\u00e3o justifica-se por d\u00e9ficit causado por rescis\u00e3o a pedido\u00a0 da(o) professor(a) titular.<\/p>\n<p class=\"Texto_Justificado\" style=\"text-align: justify\">Os interessados devem encaminhar Curr\u00edculo ao e-mail oficial da Assessoria Financeira da Coordena\u00e7\u00e3o Regional de Ipor\u00e1\u00a0(afin.ipora@seduc.go.gov.br), contendo os contatos telef\u00f4nicos e endere\u00e7os de e-mail para correspond\u00eancias eletr\u00f4nicas, e ainda, que no campo Assunto do e-mail, seja informada a Unidade Escolar e a disciplina da vaga pleiteada.<\/p>\n<p class=\"Texto_Justificado_Esp15\" style=\"text-align: justify\">Oportunamente esclarece, que a Coordena\u00e7\u00e3o Regional de Educa\u00e7\u00e3o de\u00a0Ipor\u00e1\u00a0instituir\u00e1 comiss\u00e3o pr\u00f3pria para as an\u00e1lises curriculares, que ser\u00e1 composta por membros da CRE, objetivando assim, a ado\u00e7\u00e3o de medidas e provid\u00eancias pertinentes ao suprimento de todos os d\u00e9ficits de professores existentes na Rede Estadual de Educa\u00e7\u00e3o de Goi\u00e1s, que garantam os servi\u00e7os prestados \u00e0 comunidade goiana.<\/p>\n<p style=\"text-align: center\">SEDUC\/GO<\/p>\n<hr \/>\n<h3 style=\"text-align: center\">COMUNICADO<\/h3>\n<p align=\"center\"><strong>PARA CONTRATA\u00c7\u00c3O TEMPOR\u00c1RIA<\/strong><\/p>\n<pre style=\"text-align: center\">Publica\u00e7\u00e3o: 25\/07\/2024\nEncerramento: 29\/07\/2024 \u00e0s 18h<\/pre>\n<h4 style=\"text-align: center\"><strong><span style=\"color: #ff0000\">ENCERRADO<\/span><\/strong><\/h4>\n<p class=\"Texto_Justificado\" style=\"text-align: justify\">O Governo do Estado de Goi\u00e1s, atrav\u00e9s da Secretaria de Estado da Educa\u00e7\u00e3o, diante da inexist\u00eancia de Processo Seletivo Simplificado vigente no \u00e2mbito desta Pasta e considerando a exist\u00eancia de d\u00e9ficits de professores nas unidades escolares pertencentes ao munic\u00edpio de Ipor\u00e1, jurisdicionado \u00e0 Coordena\u00e7\u00e3o Regional de Educa\u00e7\u00e3o (CRE) de Ipor\u00e1, informa que est\u00e1 recebendo curr\u00edculos para sele\u00e7\u00e3o e contrata\u00e7\u00e3o tempor\u00e1ria com natureza emergencial para atender aos interesses da Administra\u00e7\u00e3o de um professor para ministrar 32 (trinta e duas) aulas semanais no turno matutino e noturno na(s) disciplina(s) da <strong>\u00c1rea de Ci\u00eancias Humanas e suas Tecnologias<\/strong><b>\u00a0no CEJA Dom Bosco<\/b>, a partir de 01\/08\/2024, visando afastar eventuais preju\u00edzos educacionais e\/ou pedag\u00f3gicos aos estudantes da Rede Estadual de Educa\u00e7\u00e3o de Goi\u00e1s.<\/p>\n<p class=\"Texto_Justificado\" style=\"text-align: justify\">A presente convoca\u00e7\u00e3o justifica-se por d\u00e9ficit causado por concess\u00e3o de afastamento para exerc\u00edcio de atividade pol\u00edtica concedida a(o) professor(a) titular, conforme disciplina o art. 208, da Lei n.\u00ba 13.909, de 25 de setembro de 2001.<\/p>\n<p class=\"Texto_Justificado\" style=\"text-align: justify\">Os interessados devem encaminhar Curr\u00edculo ao e-mail oficial da Assessoria Financeira da Coordena\u00e7\u00e3o Regional de Educa\u00e7\u00e3o de Ipor\u00e1 (afin.ipora@seduc.go.gov.br), contendo os contatos telef\u00f4nicos e endere\u00e7os de e-mail para correspond\u00eancias eletr\u00f4nicas, e ainda, que no campo Assunto do e-mail, seja informada a Unidade Escolar e a disciplina da vaga pleiteada.<\/p>\n<p class=\"Texto_Justificado\" style=\"text-align: justify\">Oportunamente esclarece, que a Coordena\u00e7\u00e3o Regional de Educa\u00e7\u00e3o de Ipor\u00e1 instituir\u00e1 comiss\u00e3o pr\u00f3pria para as an\u00e1lises curriculares, que ser\u00e1 composta por membros da CRE, objetivando assim, a ado\u00e7\u00e3o de medidas e provid\u00eancias pertinentes ao suprimento de todos os d\u00e9ficits de professores existentes na Rede Estadual de Educa\u00e7\u00e3o de Goi\u00e1s, que garantam os servi\u00e7os prestados \u00e0 comunidade goiana.<\/p>\n<p style=\"text-align: center\">SEDUC\/GO<\/p>\n<hr \/>\n<h3 style=\"text-align: center\">COMUNICADO<\/h3>\n<p align=\"center\"><strong>PARA CONTRATA\u00c7\u00c3O TEMPOR\u00c1RIA<\/strong><\/p>\n<pre style=\"text-align: center\">Publica\u00e7\u00e3o: 19\/05\/2024\nEncerramento: 23\/05\/2024 \u00e0s 18h \n<\/pre>\n<h4 style=\"text-align: center\"><strong><span style=\"color: #ff0000\">ENCERRADO<\/span><\/strong><\/h4>\n<p class=\"Texto_Justificado\" style=\"text-align: justify\">O Governo do Estado de Goi\u00e1s, atrav\u00e9s da Secretaria de Estado da Educa\u00e7\u00e3o, diante da inexist\u00eancia de Processo Seletivo Simplificado vigente no \u00e2mbito desta Pasta e considerando a exist\u00eancia de d\u00e9ficits de professores nas unidades escolares pertencentes ao munic\u00edpio de Jaupaci, jurisdicionado \u00e0 Coordena\u00e7\u00e3o Regional de Educa\u00e7\u00e3o (CRE) de Ipor\u00e1, informa que est\u00e1 recebendo curr\u00edculos para sele\u00e7\u00e3o e contrata\u00e7\u00e3o tempor\u00e1ria com natureza emergencial para atender aos interesses da Administra\u00e7\u00e3o de um professor para ministrar 32 (trinta e duas) aulas semanais no turno matutino e vespertino na(s) disciplina(s) de\u00a0<strong>Educa\u00e7\u00e3o F\u00edsica e disciplinas afins<\/strong>\u00a0<strong>no COL\u00c9GIO ESTADUAL GET\u00daLIO VARGAS<\/strong>, a partir de 01\/08\/2024, visando afastar eventuais preju\u00edzos educacionais e\/ou pedag\u00f3gicos aos estudantes da Rede Estadual de Educa\u00e7\u00e3o de Goi\u00e1s.<\/p>\n<p class=\"Texto_Justificado\" style=\"text-align: justify\">A presente convoca\u00e7\u00e3o justifica-se por d\u00e9ficit causado por concess\u00e3o de afastamento para exerc\u00edcio de atividade pol\u00edtica concedida a(o) professor(a) titular, conforme disciplina o art. 208, da Lei n.\u00ba 13.909, de 25 de setembro de 2001.<\/p>\n<p class=\"Texto_Justificado\" style=\"text-align: justify\">Os interessados devem encaminhar Curr\u00edculo ao e-mail oficial da Assessoria Financeira da Coordena\u00e7\u00e3o Regional de Educa\u00e7\u00e3o de Ipor\u00e1 (afin.ipora@seduc.go.gov.br), contendo os contatos telef\u00f4nicos e endere\u00e7os de e-mail para correspond\u00eancias eletr\u00f4nicas, e ainda, que no campo Assunto do e-mail, seja informada a Unidade Escolar e a disciplina da vaga pleiteada.<\/p>\n<p class=\"Texto_Justificado\" style=\"text-align: justify\">Oportunamente esclarece, que a Coordena\u00e7\u00e3o Regional de Educa\u00e7\u00e3o de Ipor\u00e1 instituir\u00e1 comiss\u00e3o pr\u00f3pria para as an\u00e1lises curriculares, que ser\u00e1 composta por membros da CRE, objetivando assim, a ado\u00e7\u00e3o de medidas e provid\u00eancias pertinentes ao suprimento de todos os d\u00e9ficits de professores existentes na Rede Estadual de Educa\u00e7\u00e3o de Goi\u00e1s, que garantam os servi\u00e7os prestados \u00e0 comunidade goiana.<\/p>\n<p style=\"text-align: center\">SEDUC\/GO<\/p>\n<hr \/>\n<h3 style=\"text-align: center\">COMUNICADO<\/h3>\n<p align=\"center\"><strong>PARA CONTRATA\u00c7\u00c3O TEMPOR\u00c1RIA<\/strong><\/p>\n<pre style=\"text-align: center\">Publica\u00e7\u00e3o: 15\/05\/2024\nEncerramento: 17\/05\/2024 \u00e0s 18h \n<\/pre>\n<h4 style=\"text-align: center\"><strong><span style=\"color: #ff0000\">ENCERRADO<\/span><\/strong><\/h4>\n<p style=\"text-align: justify\">O Governo do Estado de Goi\u00e1s, atrav\u00e9s da Secretaria de Estado da Educa\u00e7\u00e3o, diante da inexist\u00eancia de Processo Seletivo Simplificado vigente no \u00e2mbito desta Pasta e considerando a exist\u00eancia de d\u00e9ficits de professores nas unidades escolares pertencentes ao munic\u00edpio de <strong>Caiap\u00f4nia<\/strong>, jurisdicionado \u00e0 Coordena\u00e7\u00e3o Regional de Educa\u00e7\u00e3o (CRE) de <strong>Ipor\u00e1<\/strong>, informa que est\u00e1 recebendo curr\u00edculos para sele\u00e7\u00e3o e contrata\u00e7\u00e3o tempor\u00e1ria com natureza emergencial para atender aos interesses da Administra\u00e7\u00e3o, para ministrar aulas nas disciplina(s) <strong>Int\u00e9rprete de L\u00edngua Estrangeira\/Espanhol<\/strong> para cumprir jornada de trabalho de 30 (trinta) horas semanais, no(s) turnos(s) matutino do CEPI Nossa Senhora do Montesserrate, visando afastar eventuais preju\u00edzos educacionais e\/ou pedag\u00f3gicos aos estudantes da Rede Estadual de Educa\u00e7\u00e3o de Goi\u00e1s.<\/p>\n<p style=\"text-align: justify\">A presente convoca\u00e7\u00e3o justifica-se pelo fato de que o candidato que apresentou Curr\u00edculo para a vaga publicada no dia 10\/05\/2024, n\u00e3o possuir forma\u00e7\u00e3o adequada para o desempenho da fun\u00e7\u00e3o ofertada, no atendimento a estudante estrangeiro matriculado na unidade escolar.<\/p>\n<p style=\"text-align: justify\">Os interessados devem encaminhar Curr\u00edculo ao e-mail oficial da Coordena\u00e7\u00e3o Regional de Educa\u00e7\u00e3o (<strong>regional.ipora@seduc.go.gov.br<\/strong>), contendo os contatos telef\u00f4nicos e endere\u00e7os de e-mail para correspond\u00eancias eletr\u00f4nicas.<\/p>\n<p style=\"text-align: justify\">Oportunamente esclarece, que a Coordena\u00e7\u00e3o Regional de Educa\u00e7\u00e3o de <strong>Ipor\u00e1<\/strong> instituir\u00e1 comiss\u00e3o pr\u00f3pria para as an\u00e1lises curriculares, que ser\u00e1 composta por integrante do Sindicato da categoria e membros da CRE, objetivando assim, a ado\u00e7\u00e3o de medidas e provid\u00eancias pertinentes ao suprimento de todos os d\u00e9ficits de professores existentes na Rede Estadual de Educa\u00e7\u00e3o de Goi\u00e1s, que garantam os servi\u00e7os prestados \u00e0 comunidade goiana.<\/p>\n<p style=\"text-align: center\">SEDUC\/GO<\/p>\n<hr \/>\n<h3 style=\"text-align: center\">COMUNICADO<\/h3>\n<p align=\"center\"><strong>PARA CONTRATA\u00c7\u00c3O TEMPOR\u00c1RIA<\/strong><\/p>\n<pre style=\"text-align: center\">Publica\u00e7\u00e3o: 10\/05\/2024\nEncerramento: 14\/05\/2024 \u00e0s 18h<\/pre>\n<h4 style=\"text-align: center\"><span style=\"color: #ff0000\"><strong>ENCERRADO<\/strong><\/span><\/h4>\n<p style=\"text-align: justify\">O Governo do Estado de Goi\u00e1s, atrav\u00e9s da Secretaria de Estado da Educa\u00e7\u00e3o, diante da inexist\u00eancia de Processo Seletivo Simplificado vigente no \u00e2mbito desta Pasta e considerando a exist\u00eancia de d\u00e9ficits de professores nas unidades escolares pertencentes ao munic\u00edpio de <strong>Caiap\u00f4nia<\/strong>, jurisdicionado \u00e0 Coordena\u00e7\u00e3o Regional de Educa\u00e7\u00e3o (CRE) de <strong>Ipor\u00e1<\/strong>, informa que est\u00e1 recebendo curr\u00edculos para sele\u00e7\u00e3o e contrata\u00e7\u00e3o tempor\u00e1ria com natureza emergencial para atender aos interesses da Administra\u00e7\u00e3o, para ministrar aulas nas disciplina(s) <strong>Int\u00e9rprete de L\u00edngua Estrangeira\/Espanhol<\/strong> para cumprir jornada de trabalho de 30 (trinta) horas semanais, no(s) turnos(s) matutino do CEPI Nossa Senhora do Montesserrate, visando afastar eventuais preju\u00edzos educacionais e\/ou pedag\u00f3gicos aos estudantes da Rede Estadual de Educa\u00e7\u00e3o de Goi\u00e1s.<\/p>\n<p style=\"text-align: justify\">A presente convoca\u00e7\u00e3o justifica-se pela matr\u00edcula de estudante com nacionalidade estrangeira na unidade escolar.<\/p>\n<p style=\"text-align: justify\">Os interessados devem encaminhar Curr\u00edculo ao e-mail oficial da Coordena\u00e7\u00e3o Regional de Educa\u00e7\u00e3o (<strong>regional.ipora@seduc.go.gov.br<\/strong>), contendo os contatos telef\u00f4nicos e endere\u00e7os de e-mail para correspond\u00eancias eletr\u00f4nicas.<\/p>\n<p style=\"text-align: justify\">Oportunamente esclarece, que a Coordena\u00e7\u00e3o Regional de Educa\u00e7\u00e3o de <strong>Ipor\u00e1<\/strong> instituir\u00e1 comiss\u00e3o pr\u00f3pria para as an\u00e1lises curriculares, que ser\u00e1 composta por integrante do Sindicato da categoria e membros da CRE, objetivando assim, a ado\u00e7\u00e3o de medidas e provid\u00eancias pertinentes ao suprimento de todos os d\u00e9ficits de professores existentes na Rede Estadual de Educa\u00e7\u00e3o de Goi\u00e1s, que garantam os servi\u00e7os prestados \u00e0 comunidade goiana.<\/p>\n<p style=\"text-align: center\">SEDUC\/GO<\/p>\n<hr \/>\n<h3 style=\"text-align: center\">COMUNICADO<\/h3>\n<p align=\"center\"><strong>PARA CONTRATA\u00c7\u00c3O TEMPOR\u00c1RIA<\/strong><\/p>\n<pre style=\"text-align: center\">Publica\u00e7\u00e3o: 25\/04\/2024\nEncerramento: 29\/04\/2024 \u00e0s 18h \n<\/pre>\n<h4 style=\"text-align: center\"><span style=\"color: #ff0000\"><strong>ENCERRADO<\/strong><\/span><\/h4>\n<p style=\"text-align: justify\">O Governo do Estado de Goi\u00e1s, atrav\u00e9s da Secretaria de Estado da Educa\u00e7\u00e3o, diante da inexist\u00eancia de Processo Seletivo Simplificado vigente no \u00e2mbito desta Pasta e considerando a exist\u00eancia de d\u00e9ficits de professores nas unidades escolares pertencentes ao munic\u00edpio de Caiap\u00f4nia, jurisdicionado \u00e0 Coordena\u00e7\u00e3o Regional de Educa\u00e7\u00e3o (CRE) de Ipor\u00e1, informa que est\u00e1 recebendo curr\u00edculos para sele\u00e7\u00e3o e contrata\u00e7\u00e3o tempor\u00e1ria com natureza emergencial para atender aos interesses da Administra\u00e7\u00e3o, para ministrar 24 (vinte e quatro) aulas semanais de Educa\u00e7\u00e3o F\u00edsica, no(s) turno(s) integral (matutino e vespertino) do CEPI Nossa Senhora do Montesserrate, visando afastar eventuais preju\u00edzos educacionais e\/ou pedag\u00f3gicos aos estudantes da Rede Estadual de Educa\u00e7\u00e3o de Goi\u00e1s.<\/p>\n<p style=\"text-align: justify\">A presente convoca\u00e7\u00e3o justifica-se por d\u00e9ficit causado por afastamento em decorr\u00eancia de tratamento de sa\u00fade de professor titular, conforme disciplina o art. 208, da Lei n.\u00ba 13.909, de 25 de setembro de 2001.<\/p>\n<p style=\"text-align: justify\">Os interessados devem encaminhar Curr\u00edculo ao e-mail oficial da Coordena\u00e7\u00e3o Regional de Educa\u00e7\u00e3o (<strong>regional.ipora@seduc.go.gov.br<\/strong>), contendo os contatos telef\u00f4nicos e endere\u00e7os de e-mail para correspond\u00eancias eletr\u00f4nicas.<\/p>\n<p style=\"text-align: justify\">Oportunamente esclarece, que a Coordena\u00e7\u00e3o Regional de Educa\u00e7\u00e3o de <strong>Ipor\u00e1<\/strong> instituir\u00e1 comiss\u00e3o pr\u00f3pria para as an\u00e1lises curriculares, que ser\u00e1 composta por integrante do Sindicato da categoria e membros da CRE, objetivando assim, a ado\u00e7\u00e3o de medidas e provid\u00eancias pertinentes ao suprimento de todos os d\u00e9ficits de professores existentes na Rede Estadual de Educa\u00e7\u00e3o de Goi\u00e1s, que garantam os servi\u00e7os prestados \u00e0 comunidade goiana.<\/p>\n<p style=\"text-align: center\">SEDUC\/GO<\/p>\n<hr \/>\n<h3 style=\"text-align: center\">COMUNICADO<\/h3>\n<p align=\"center\"><strong>PARA CONTRATA\u00c7\u00c3O TEMPOR\u00c1RIA<\/strong><\/p>\n<pre style=\"text-align: center\">Publica\u00e7\u00e3o: 24\/04\/2024\nEncerramento: 26\/04\/2024 \u00e0s 18h \n<\/pre>\n<h4 style=\"text-align: center\"><span style=\"color: #ff0000\"><strong>ENCERRADO<\/strong><\/span><\/h4>\n<p style=\"text-align: justify\">O Governo do Estado de Goi\u00e1s, atrav\u00e9s da Secretaria de Estado da Educa\u00e7\u00e3o, diante da inexist\u00eancia de Processo Seletivo Simplificado vigente no \u00e2mbito desta Pasta e considerando a exist\u00eancia de d\u00e9ficits de professores nas unidades escolares pertencentes ao munic\u00edpio de Caiap\u00f4nia, jurisdicionado \u00e0 Coordena\u00e7\u00e3o Regional de Educa\u00e7\u00e3o (CRE) de Ipor\u00e1, informa que est\u00e1 recebendo curr\u00edculos para sele\u00e7\u00e3o e contrata\u00e7\u00e3o tempor\u00e1ria com natureza emergencial para atender aos interesses da Administra\u00e7\u00e3o, para ministrar 32 (trinta e duas) aulas de L\u00edngua Portuguesa no(s) turno(s) integral (matutino e vespertino) do CEPI Gercina Borges Teixeira, visando afastar eventuais preju\u00edzos educacionais e\/ou pedag\u00f3gicos aos estudantes da Rede Estadual de Educa\u00e7\u00e3o de Goi\u00e1s.<\/p>\n<p style=\"text-align: justify\">A presente convoca\u00e7\u00e3o justifica-se por d\u00e9ficit causado por aus\u00eancia (suposto abandono) do professor titular que ministrava as aulas.<\/p>\n<p style=\"text-align: justify\">Os interessados devem encaminhar Curr\u00edculo ao e-mail oficial da Coordena\u00e7\u00e3o Regional de Educa\u00e7\u00e3o (<strong>regional.ipora@seduc.go.gov.br<\/strong>), contendo os contatos telef\u00f4nicos e endere\u00e7os de e-mail para correspond\u00eancias eletr\u00f4nicas.<\/p>\n<p style=\"text-align: justify\">Oportunamente esclarece, que a Coordena\u00e7\u00e3o Regional de Educa\u00e7\u00e3o de <strong>Ipor\u00e1<\/strong> instituir\u00e1 comiss\u00e3o pr\u00f3pria para as an\u00e1lises curriculares, que ser\u00e1 composta por integrante do Sindicato da categoria e membros da CRE, objetivando assim, a ado\u00e7\u00e3o de medidas e provid\u00eancias pertinentes ao suprimento de todos os d\u00e9ficits de professores existentes na Rede Estadual de Educa\u00e7\u00e3o de Goi\u00e1s, que garantam os servi\u00e7os prestados \u00e0 comunidade goiana.<\/p>\n<p style=\"text-align: center\">SEDUC\/GO<\/p>\n<hr \/>\n<h3 style=\"text-align: center\">COMUNICADO<\/h3>\n<p align=\"center\"><strong>PARA CONTRATA\u00c7\u00c3O TEMPOR\u00c1RIA<\/strong><\/p>\n<pre style=\"text-align: center\">Publica\u00e7\u00e3o: 23\/04\/2024\nEncerramento: 25\/04\/2024 \u00e0s 18h \n<\/pre>\n<h4 style=\"text-align: center\"><span style=\"color: #ff0000\"><strong>ENCERRADO<\/strong><\/span><\/h4>\n<p style=\"text-align: justify\">O Governo do Estado de Goi\u00e1s, atrav\u00e9s da Secretaria de Estado da Educa\u00e7\u00e3o, diante da inexist\u00eancia de Processo Seletivo Simplificado vigente no \u00e2mbito desta Pasta e considerando a exist\u00eancia de d\u00e9ficits de professores nas unidades escolares pertencentes ao munic\u00edpio de Ipor\u00e1, jurisdicionado \u00e0 Coordena\u00e7\u00e3o Regional de Educa\u00e7\u00e3o (CRE) de Ipor\u00e1, informa que est\u00e1 recebendo curr\u00edculos para sele\u00e7\u00e3o e contrata\u00e7\u00e3o tempor\u00e1ria com natureza emergencial para atender aos interesses da Administra\u00e7\u00e3o, para ministrar 16 (dezesseis) aulas semanais na(s) disciplina(s) Educa\u00e7\u00e3o F\u00edsica, no(s) turnos matutino e vespertino (CEPMG Ariston Gomes da Silva), visando afastar eventuais preju\u00edzos educacionais e\/ou pedag\u00f3gicos aos estudantes da Rede Estadual de Educa\u00e7\u00e3o de Goi\u00e1s.<\/p>\n<p style=\"text-align: justify\">A presente convoca\u00e7\u00e3o justifica-se por d\u00e9ficit causado por remo\u00e7\u00e3o do professor titular que ministrava as aulas.<\/p>\n<p style=\"text-align: justify\">Os interessados devem encaminhar Curr\u00edculo ao e-mail oficial da Coordena\u00e7\u00e3o Regional de Educa\u00e7\u00e3o (<strong>regional.ipora@seduc.go.gov.br<\/strong>), contendo os contatos telef\u00f4nicos e endere\u00e7os de e-mail para correspond\u00eancias eletr\u00f4nicas.<\/p>\n<p style=\"text-align: justify\">Oportunamente esclarece, que a Coordena\u00e7\u00e3o Regional de Educa\u00e7\u00e3o de <strong>Ipor\u00e1<\/strong> instituir\u00e1 comiss\u00e3o pr\u00f3pria para as an\u00e1lises curriculares, que ser\u00e1 composta por integrante do Sindicato da categoria e membros da CRE, objetivando assim, a ado\u00e7\u00e3o de medidas e provid\u00eancias pertinentes ao suprimento de todos os d\u00e9ficits de professores existentes na Rede Estadual de Educa\u00e7\u00e3o de Goi\u00e1s, que garantam os servi\u00e7os prestados \u00e0 comunidade goiana.<\/p>\n<p style=\"text-align: center\">SEDUC\/GO<\/p>\n<hr \/>\n<h3 style=\"text-align: center\">COMUNICADO<\/h3>\n<p align=\"center\"><strong>PARA CONTRATA\u00c7\u00c3O TEMPOR\u00c1RIA<\/strong><\/p>\n<pre style=\"text-align: center\">Publica\u00e7\u00e3o: 23\/04\/2024\nEncerramento: 25\/04\/2024 \u00e0s 18h \n<\/pre>\n<h4 style=\"text-align: center\"><span style=\"color: #ff0000\"><strong>ENCERRADO<\/strong><\/span><\/h4>\n<p style=\"text-align: justify\">O Governo do Estado de Goi\u00e1s, atrav\u00e9s da Secretaria de Estado da Educa\u00e7\u00e3o, diante da inexist\u00eancia de Processo Seletivo Simplificado vigente no \u00e2mbito desta Pasta e considerando a exist\u00eancia de d\u00e9ficits de professores nas unidades escolares pertencentes ao munic\u00edpio de Jaupaci, jurisdicionado \u00e0 Coordena\u00e7\u00e3o Regional de Educa\u00e7\u00e3o (CRE) de Ipor\u00e1, informa que est\u00e1 recebendo curr\u00edculos para sele\u00e7\u00e3o e contrata\u00e7\u00e3o tempor\u00e1ria com natureza emergencial para atender aos interesses da Administra\u00e7\u00e3o, para ministrar na \u00e1rea de Geografia (Substitui\u00e7\u00e3o), sendo 32 (trinta e duas) aulas semanais na(s) disciplina(s) Geografia e afins, no(s) turnos matutino e vespertino (Col\u00e9gio Estadual Get\u00falio Vargas), visando afastar eventuais preju\u00edzos educacionais e\/ou pedag\u00f3gicos aos estudantes da Rede Estadual de Educa\u00e7\u00e3o de Goi\u00e1s.<\/p>\n<p style=\"text-align: justify\">A presente convoca\u00e7\u00e3o justifica-se por d\u00e9ficit causado por afastamento em decorr\u00eancia de tratamento de sa\u00fade de professor titular, conforme disciplina o art. 208, da Lei n.\u00ba 13.909, de 25 de setembro de 2001.<\/p>\n<p style=\"text-align: justify\">Os interessados devem encaminhar Curr\u00edculo ao e-mail oficial da Coordena\u00e7\u00e3o Regional de Educa\u00e7\u00e3o (<strong>regional.ipora@seduc.go.gov.br<\/strong>), contendo os contatos telef\u00f4nicos e endere\u00e7os de e-mail para correspond\u00eancias eletr\u00f4nicas.<\/p>\n<p style=\"text-align: justify\">Oportunamente esclarece, que a Coordena\u00e7\u00e3o Regional de Educa\u00e7\u00e3o de <strong>Ipor\u00e1<\/strong> instituir\u00e1 comiss\u00e3o pr\u00f3pria para as an\u00e1lises curriculares, que ser\u00e1 composta por integrante do Sindicato da categoria e membros da CRE, objetivando assim, a ado\u00e7\u00e3o de medidas e provid\u00eancias pertinentes ao suprimento de todos os d\u00e9ficits de professores existentes na Rede Estadual de Educa\u00e7\u00e3o de Goi\u00e1s, que garantam os servi\u00e7os prestados \u00e0 comunidade goiana.<\/p>\n<p style=\"text-align: center\">SEDUC\/GO<\/p>\n<hr \/>\n<h3 style=\"text-align: center\">COMUNICADO<\/h3>\n<p align=\"center\"><strong>PARA CONTRATA\u00c7\u00c3O TEMPOR\u00c1RIA<\/strong><\/p>\n<pre style=\"text-align: center\">Publica\u00e7\u00e3o: 23\/04\/2024\nEncerramento: 25\/04\/2024 \u00e0s 18h \n<\/pre>\n<h4 style=\"text-align: center\"><span style=\"color: #ff0000\"><strong>ENCERRADO<\/strong><\/span><\/h4>\n<p style=\"text-align: justify\">O Governo do Estado de Goi\u00e1s, atrav\u00e9s da Secretaria de Estado da Educa\u00e7\u00e3o, diante da inexist\u00eancia de Processo Seletivo Simplificado vigente no \u00e2mbito desta Pasta e considerando a exist\u00eancia de d\u00e9ficits de professores nas unidades escolares pertencentes ao munic\u00edpio de Caiap\u00f4nia, jurisdicionado \u00e0 Coordena\u00e7\u00e3o Regional de Educa\u00e7\u00e3o (CRE) de Ipor\u00e1, informa que est\u00e1 recebendo curr\u00edculos para sele\u00e7\u00e3o e contrata\u00e7\u00e3o tempor\u00e1ria de 1 (um) professor de Geografia com natureza emergencial para atender aos interesses da Administra\u00e7\u00e3o, para ministrar 32 (trinta e duas) aulas de Geografia e disciplinas afins, no(s) turno(s) Integral do (CEPI Gercina Borges Teixeira), visando afastar eventuais preju\u00edzos educacionais e\/ou pedag\u00f3gicos aos estudantes da Rede Estadual de Educa\u00e7\u00e3o de Goi\u00e1s.<\/p>\n<p style=\"text-align: justify\">A presente convoca\u00e7\u00e3o justifica-se por d\u00e9ficit causado por rescis\u00e3o solicitada pelo professor que ministrava as aulas.<\/p>\n<p style=\"text-align: justify\">Os interessados devem encaminhar Curr\u00edculo ao e-mail oficial da Coordena\u00e7\u00e3o Regional de Educa\u00e7\u00e3o (<strong>regional.ipora@seduc.go.gov.br<\/strong>), contendo os contatos telef\u00f4nicos e endere\u00e7os de e-mail para correspond\u00eancias eletr\u00f4nicas.<\/p>\n<p style=\"text-align: justify\">Oportunamente esclarece, que a Coordena\u00e7\u00e3o Regional de Educa\u00e7\u00e3o de Ipor\u00e1 instituir\u00e1 comiss\u00e3o pr\u00f3pria para as an\u00e1lises curriculares, que ser\u00e1 composta por integrante do Sindicato da categoria e membros da CRE, objetivando assim, a ado\u00e7\u00e3o de medidas e provid\u00eancias pertinentes ao suprimento de todos os d\u00e9ficits de professores existentes na Rede Estadual de Educa\u00e7\u00e3o de Goi\u00e1s, que garantam os servi\u00e7os prestados \u00e0 comunidade goiana.<\/p>\n<p style=\"text-align: center\">SEDUC\/GO<\/p>\n<hr \/>\n<h3 style=\"text-align: center\">COMUNICADO<\/h3>\n<p align=\"center\"><strong>PARA CONTRATA\u00c7\u00c3O TEMPOR\u00c1RIA<\/strong><\/p>\n<pre>Publica\u00e7\u00e3o: 05\/04\/2024\nEncerramento: 10\/04\/2024 \u00e0s 18h \n\n<\/pre>\n<p style=\"text-align: center\"><span style=\"color: red\"><strong>ENCERRADO<\/strong><\/span><\/p>\n<p style=\"text-align: justify\">O Governo do Estado de Goi\u00e1s, atrav\u00e9s da Secretaria de Estado da Educa\u00e7\u00e3o, diante da inexist\u00eancia de Processo Seletivo Simplificado vigente no \u00e2mbito desta Pasta e considerando a exist\u00eancia de d\u00e9ficits de professores nas unidades escolares pertencentes ao munic\u00edpio de <b>Jaupaci<\/b>, jurisdicionado \u00e0 Coordena\u00e7\u00e3o Regional de Educa\u00e7\u00e3o (CRE) de <b>Ipor\u00e1<\/b>, informa que est\u00e1 recebendo curr\u00edculos para sele\u00e7\u00e3o e contrata\u00e7\u00e3o tempor\u00e1ria com natureza emergencial para atender aos interesses da Administra\u00e7\u00e3o, para ministrar <b>32 (trinta e duas) <\/b>aulas semanais na(s) disciplina(s) <b>Geografia 11, Hist\u00f3ria 14, Eletivas 2 e Estudo Orientado L\u00edngua Portuguesa 5<\/b>, no(s) <b>turnos<\/b> <b>matutino e vespertino (Col\u00e9gio Estadual Get\u00falio Vargas)<\/b>, visando afastar eventuais preju\u00edzos educacionais e\/ou pedag\u00f3gicos aos estudantes da Rede Estadual de Educa\u00e7\u00e3o de Goi\u00e1s.<\/p>\n<p style=\"text-align: justify\">A presente convoca\u00e7\u00e3o justifica-se por d\u00e9ficit causado por afastamento em decorr\u00eancia de afastamento para tratamento de sa\u00fade de professor titular, conforme disciplina o art. 208, da Lei n.\u00ba 13.909, de 25 de setembro de 2001.<\/p>\n<p style=\"text-align: justify\">Os interessados devem encaminhar Curr\u00edculo ao e-mail oficial da Coordena\u00e7\u00e3o Regional de Educa\u00e7\u00e3o (<b>regional.ipora@seduc.go.gov.br<\/b>), contendo os contatos telef\u00f4nicos e endere\u00e7os de e-mail para correspond\u00eancias eletr\u00f4nicas.<\/p>\n<p style=\"text-align: justify\">Oportunamente esclarece, que a Coordena\u00e7\u00e3o Regional de Educa\u00e7\u00e3o de <b>Ipor\u00e1<\/b> instituir\u00e1 comiss\u00e3o pr\u00f3pria para as an\u00e1lises curriculares, que ser\u00e1 composta por integrante do Sindicato da categoria e membros da CRE, objetivando assim, a ado\u00e7\u00e3o de medidas e provid\u00eancias pertinentes ao suprimento de todos os d\u00e9ficits de professores existentes na Rede Estadual de Educa\u00e7\u00e3o de Goi\u00e1s, que garantam os servi\u00e7os prestados \u00e0 comunidade goiana.<\/p>\n<p style=\"text-align: center\">SEDUC\/GO<\/p>\n<hr \/>\n<h3 style=\"text-align: center\">COMUNICADO<\/h3>\n<p align=\"center\"><strong>PARA CONTRATA\u00c7\u00c3O TEMPOR\u00c1RIA<\/strong><\/p>\n<pre>Publica\u00e7\u00e3o: 05\/04\/2024\nEncerramento: 10\/04\/2024 \u00e0s 18h  \n\n<\/pre>\n<p style=\"text-align: center\"><span style=\"color: red\"><strong>ENCERRADO<\/strong><\/span><\/p>\n<p style=\"text-align: justify\">O Governo do Estado de Goi\u00e1s, atrav\u00e9s da Secretaria de Estado da Educa\u00e7\u00e3o, diante da inexist\u00eancia de Processo Seletivo Simplificado vigente no \u00e2mbito desta Pasta e considerando a exist\u00eancia de d\u00e9ficits de professores nas unidades escolares pertencentes ao munic\u00edpio de <b>Ipor\u00e1<\/b>, jurisdicionado \u00e0 Coordena\u00e7\u00e3o Regional de Educa\u00e7\u00e3o (CRE) de <b>Ipor\u00e1<\/b>, informa que est\u00e1 recebendo curr\u00edculos para sele\u00e7\u00e3o e contrata\u00e7\u00e3o tempor\u00e1ria de 2 (dois) servidores com natureza emergencial para atender aos interesses da Administra\u00e7\u00e3o, para cumprir jornada de trabalho de \u00a0<b>20 (vinte) horas<\/b> semanais na(s) disciplina(s) <b>Pedagogo<\/b> <b>(s\u00e9ries 6\u00ba ano e 8\u00ba ano)<\/b>, no(s) <b>turnos<\/b> <b>matutino e vespertino (Escola Estadual Israel de Amorim)<\/b>, visando afastar eventuais preju\u00edzos educacionais e\/ou pedag\u00f3gicos aos estudantes da Rede Estadual de Educa\u00e7\u00e3o de Goi\u00e1s.<\/p>\n<p style=\"text-align: justify\">A presente convoca\u00e7\u00e3o justifica-se por d\u00e9ficit causado por necessidade de atendimento domiciliar de estudantes.<\/p>\n<p style=\"text-align: justify\">Os interessados devem encaminhar Curr\u00edculo ao e-mail oficial da Coordena\u00e7\u00e3o Regional de Educa\u00e7\u00e3o (<b>regional.ipora@seduc.go.gov.br<\/b>), contendo os contatos telef\u00f4nicos e endere\u00e7os de e-mail para correspond\u00eancias eletr\u00f4nicas.<\/p>\n<p style=\"text-align: justify\">Oportunamente esclarece, que a Coordena\u00e7\u00e3o Regional de Educa\u00e7\u00e3o de <b>Ipor\u00e1<\/b> instituir\u00e1 comiss\u00e3o pr\u00f3pria para as an\u00e1lises curriculares, que ser\u00e1 composta por integrante do Sindicato da categoria e membros da CRE, objetivando assim, a ado\u00e7\u00e3o de medidas e provid\u00eancias pertinentes ao suprimento de todos os d\u00e9ficits de professores existentes na Rede Estadual de Educa\u00e7\u00e3o de Goi\u00e1s, que garantam os servi\u00e7os prestados \u00e0 comunidade goiana.<\/p>\n<p style=\"text-align: center\">SEDUC\/GO<\/p>\n<hr \/>\n<h3 style=\"text-align: center\">COMUNICADO<\/h3>\n<p align=\"center\"><strong>PARA CONTRATA\u00c7\u00c3O TEMPOR\u00c1RIA<\/strong><\/p>\n<pre>Publica\u00e7\u00e3o: 05\/04\/2024\nEncerramento: 10\/04\/2024 \u00e0s 18h \n\n<\/pre>\n<p style=\"text-align: center\"><span style=\"color: red\"><strong>ENCERRADO<\/strong><\/span><\/p>\n<p style=\"text-align: justify\">O Governo do Estado de Goi\u00e1s, atrav\u00e9s da Secretaria de Estado da Educa\u00e7\u00e3o, diante da inexist\u00eancia de Processo Seletivo Simplificado vigente no \u00e2mbito desta Pasta e considerando a exist\u00eancia de d\u00e9ficits de professores nas unidades escolares pertencentes ao munic\u00edpio de <b>Ipor\u00e1<\/b>, jurisdicionado \u00e0 Coordena\u00e7\u00e3o Regional de Educa\u00e7\u00e3o (CRE) de <b>Ipor\u00e1<\/b>, informa que est\u00e1 recebendo curr\u00edculos para sele\u00e7\u00e3o e contrata\u00e7\u00e3o tempor\u00e1ria com natureza emergencial para atender aos interesses da Administra\u00e7\u00e3o, para Fun\u00e7\u00e3o de Coordenador Pedag\u00f3gico com carga hor\u00e1ria de 40 (quarenta) horas semanais na(s), no(s) <b>turnos<\/b> <b>matutino e vespertino (CEPMG Ariston Gomes da Silva)<\/b>, visando afastar eventuais preju\u00edzos educacionais e\/ou pedag\u00f3gicos aos estudantes da Rede Estadual de Educa\u00e7\u00e3o de Goi\u00e1s.<\/p>\n<p style=\"text-align: justify\">A presente convoca\u00e7\u00e3o justifica-se por d\u00e9ficit causado por remanejamento de professor titular para fun\u00e7\u00e3o de reg\u00eancia, conforme disciplina o art. 208, da Lei n.\u00ba 13.909, de 25 de setembro de 2001.<\/p>\n<p style=\"text-align: justify\">Os interessados devem encaminhar Curr\u00edculo ao e-mail oficial da Coordena\u00e7\u00e3o Regional de Educa\u00e7\u00e3o (<b>regional.ipora@seduc.go.gov.br<\/b>), contendo os contatos telef\u00f4nicos e endere\u00e7os de e-mail para correspond\u00eancias eletr\u00f4nicas.<\/p>\n<p style=\"text-align: justify\">Oportunamente esclarece, que a Coordena\u00e7\u00e3o Regional de Educa\u00e7\u00e3o de <b>Ipor\u00e1<\/b> instituir\u00e1 comiss\u00e3o pr\u00f3pria para as an\u00e1lises curriculares, que ser\u00e1 composta por integrante do Sindicato da categoria e membros da CRE, objetivando assim, a ado\u00e7\u00e3o de medidas e provid\u00eancias pertinentes ao suprimento de todos os d\u00e9ficits de professores existentes na Rede Estadual de Educa\u00e7\u00e3o de Goi\u00e1s, que garantam os servi\u00e7os prestados \u00e0 comunidade goiana.<\/p>\n<p style=\"text-align: center\">SEDUC\/GO<\/p>\n<hr \/>\n<h3 style=\"text-align: center\">COMUNICADO<\/h3>\n<p align=\"center\"><strong>PARA CONTRATA\u00c7\u00c3O TEMPOR\u00c1RIA<\/strong><\/p>\n<pre>Publica\u00e7\u00e3o: 05\/04\/2024\nEncerramento: 10\/04\/2024 \u00e0s 18h \n\n<\/pre>\n<p style=\"text-align: center\"><span style=\"color: red\"><strong>ENCERRADO<\/strong><\/span><\/p>\n<p style=\"text-align: justify\">O Governo do Estado de Goi\u00e1s, atrav\u00e9s da Secretaria de Estado da Educa\u00e7\u00e3o, diante da inexist\u00eancia de Processo Seletivo Simplificado vigente no \u00e2mbito desta Pasta e considerando a exist\u00eancia de d\u00e9ficits de professores nas unidades escolares pertencentes ao munic\u00edpio de <b>Ipor\u00e1<\/b>, jurisdicionado \u00e0 Coordena\u00e7\u00e3o Regional de Educa\u00e7\u00e3o (CRE) de <b>Ipor\u00e1<\/b>, informa que est\u00e1 recebendo curr\u00edculos para sele\u00e7\u00e3o e contrata\u00e7\u00e3o tempor\u00e1ria com natureza emergencial para atender aos interesses da Administra\u00e7\u00e3o, para ministrar <b>29 (vinte e nove) <\/b>aulas semanais na(s) disciplina(s) <b>Geografia e Filosofia<\/b>, no(s) <b>turnos<\/b> <b>matutino e vespertino (CEPMG Ariston Gomes da Silva)<\/b>, visando afastar eventuais preju\u00edzos educacionais e\/ou pedag\u00f3gicos aos estudantes da Rede Estadual de Educa\u00e7\u00e3o de Goi\u00e1s.<\/p>\n<p style=\"text-align: justify\">A presente convoca\u00e7\u00e3o justifica-se por d\u00e9ficit causado por afastamento legal de professor titular, conforme disciplina o art. 208, da Lei n.\u00ba 13.909, de 25 de setembro de 2001.<\/p>\n<p style=\"text-align: justify\">Os interessados devem encaminhar Curr\u00edculo ao e-mail oficial da Coordena\u00e7\u00e3o Regional de Educa\u00e7\u00e3o (<b>regional.ipora@seduc.go.gov.br<\/b>), contendo os contatos telef\u00f4nicos e endere\u00e7os de e-mail para correspond\u00eancias eletr\u00f4nicas.<\/p>\n<p style=\"text-align: justify\">Oportunamente esclarece, que a Coordena\u00e7\u00e3o Regional de Educa\u00e7\u00e3o de <b>Ipor\u00e1<\/b> instituir\u00e1 comiss\u00e3o pr\u00f3pria para as an\u00e1lises curriculares, que ser\u00e1 composta por integrante do Sindicato da categoria e membros da CRE, objetivando assim, a ado\u00e7\u00e3o de medidas e provid\u00eancias pertinentes ao suprimento de todos os d\u00e9ficits de professores existentes na Rede Estadual de Educa\u00e7\u00e3o de Goi\u00e1s, que garantam os servi\u00e7os prestados \u00e0 comunidade goiana.<\/p>\n<p style=\"text-align: center\">SEDUC\/GO<\/p>\n<hr \/>\n<h3 style=\"text-align: center\">COMUNICADO<\/h3>\n<p align=\"center\"><strong>PARA CONTRATA\u00c7\u00c3O TEMPOR\u00c1RIA<\/strong><\/p>\n<pre>Publica\u00e7\u00e3o: 03\/04\/2024\nEncerramento: 08\/04\/2024 \u00e0s 18h \n\n<\/pre>\n<p style=\"text-align: center\"><span style=\"color: red\"><strong>ENCERRADO<\/strong><\/span><\/p>\n<p style=\"text-align: justify\">O Governo do Estado de Goi\u00e1s, atrav\u00e9s da Secretaria de Estado da Educa\u00e7\u00e3o, diante da inexist\u00eancia de candidatos habilitados e remanescentes a serem convocados pelo Processo Seletivo Simplificado Edital n\u00ba 008\/2021 \u2013 SEAD e considerando a exist\u00eancia de d\u00e9ficits de professores nas unidades escolares pertencentes ao munic\u00edpio de <b>Palestina de Goi\u00e1s<\/b>, jurisdicionado \u00e0 Coordena\u00e7\u00e3o Regional de Educa\u00e7\u00e3o (CRE) de Ipor\u00e1, informa que est\u00e1 recebendo curr\u00edculos para sele\u00e7\u00e3o e contrata\u00e7\u00e3o tempor\u00e1ria de Pedagogo com natureza emergencial para atender aos interesses da Administra\u00e7\u00e3o, para <b>Fun\u00e7\u00e3o de Coordenador Pedag\u00f3gico,\u00a0\u00a0 para o Col\u00e9gio Estadual Ana Algemira do Prado, 40 horas semanais (matutino e vespertino). <\/b><\/p>\n<p style=\"text-align: justify\">Os interessados devem encaminhar Curr\u00edculo ao e-mail oficial da Coordena\u00e7\u00e3o Regional de Educa\u00e7\u00e3o (regional.ipora@seduc.go.gov.br)), contendo os contatos telef\u00f4nicos e endere\u00e7os de e-mail para correspond\u00eancias eletr\u00f4nicas.<\/p>\n<p style=\"text-align: justify\">Oportunamente esclarece, que a Coordena\u00e7\u00e3o Regional de Educa\u00e7\u00e3o de Goi\u00e1s instituir\u00e1 comiss\u00e3o pr\u00f3pria para as an\u00e1lises curriculares, que ser\u00e1 composta por integrante do Sindicato da categoria e membros da CRE, objetivando assim, a ado\u00e7\u00e3o de medidas e provid\u00eancias pertinentes ao suprimento de todos os d\u00e9ficits de professores existentes na Rede Estadual de Educa\u00e7\u00e3o, que garantam os servi\u00e7os prestados \u00e0 comunidade goiana.<\/p>\n<p style=\"text-align: center\">SEDUC\/GO<\/p>\n<hr \/>\n<h3 style=\"text-align: center\">COMUNICADO<\/h3>\n<p align=\"center\"><strong>PARA CONTRATA\u00c7\u00c3O TEMPOR\u00c1RIA<\/strong><\/p>\n<pre>Publica\u00e7\u00e3o: 03\/04\/2024\nEncerramento: 08\/04\/2024 \u00e0s 18h \n\n<\/pre>\n<p style=\"text-align: center\"><span style=\"color: red\"><strong>ENCERRADO<\/strong><\/span><\/p>\n<p style=\"text-align: justify\">O Governo do Estado de Goi\u00e1s, atrav\u00e9s da Secretaria de Estado da Educa\u00e7\u00e3o, diante da inexist\u00eancia de candidatos habilitados e remanescentes a serem convocados pelo Processo Seletivo Simplificado Edital n\u00ba 008\/2021 \u2013 SEAD e considerando a exist\u00eancia de d\u00e9ficits de professores nas unidades escolares pertencentes ao munic\u00edpio de <b>Palestina de Goi\u00e1s<\/b>, jurisdicionado \u00e0 Coordena\u00e7\u00e3o Regional de Educa\u00e7\u00e3o (CRE) de Ipor\u00e1, informa que est\u00e1 recebendo curr\u00edculos para sele\u00e7\u00e3o e contrata\u00e7\u00e3o tempor\u00e1ria com natureza emergencial para atender aos interesses da Administra\u00e7\u00e3o, para ministrar aulas nas disciplina(s) <b>Int\u00e9rprete Letras \u2013 Libras (L\u00edngua Brasileira de Sinais ou P\u00f3s Gradua\u00e7\u00e3o na \u00e1rea) \u00a0para o Col\u00e9gio Estadual Ana Algemira do Prado, 30 horas semanais no turno vespertino. <\/b><\/p>\n<p style=\"text-align: justify\">Os interessados devem encaminhar Curr\u00edculo ao e-mail oficial da Coordena\u00e7\u00e3o Regional de Educa\u00e7\u00e3o (regional.ipora@seduc.go.gov.br)), contendo os contatos telef\u00f4nicos e endere\u00e7os de e-mail para correspond\u00eancias eletr\u00f4nicas.<\/p>\n<p style=\"text-align: justify\">Oportunamente esclarece, que a Coordena\u00e7\u00e3o Regional de Educa\u00e7\u00e3o de Goi\u00e1s instituir\u00e1 comiss\u00e3o pr\u00f3pria para as an\u00e1lises curriculares, que ser\u00e1 composta por integrante do Sindicato da categoria e membros da CRE, objetivando assim, a ado\u00e7\u00e3o de medidas e provid\u00eancias pertinentes ao suprimento de todos os d\u00e9ficits de professores existentes na Rede Estadual de Educa\u00e7\u00e3o, que garantam os servi\u00e7os prestados \u00e0 comunidade goiana.<\/p>\n<p style=\"text-align: center\">SEDUC\/GO<\/p>\n<hr \/>\n<h3 style=\"text-align: center\">COMUNICADO<\/h3>\n<p align=\"center\"><strong>PARA CONTRATA\u00c7\u00c3O TEMPOR\u00c1RIA<\/strong><\/p>\n<pre>Publica\u00e7\u00e3o: 03\/04\/2024\nEncerramento: 08\/04\/2024 \u00e0s 18h \n\n<\/pre>\n<p style=\"text-align: center\"><span style=\"color: red\"><strong>ENCERRADO<\/strong><\/span><\/p>\n<p style=\"text-align: justify\">O Governo do Estado de Goi\u00e1s, atrav\u00e9s da Secretaria de Estado da Educa\u00e7\u00e3o, diante da inexist\u00eancia de candidatos habilitados e remanescentes a serem convocados pelo Processo Seletivo Simplificado Edital n\u00ba 008\/2021 \u2013 SEAD e considerando a exist\u00eancia de d\u00e9ficits de professores nas unidades escolares pertencentes ao munic\u00edpio de <b>Jaupaci<\/b>, jurisdicionado \u00e0 Coordena\u00e7\u00e3o Regional de Educa\u00e7\u00e3o (CRE) de Ipor\u00e1, informa que est\u00e1 recebendo curr\u00edculos para sele\u00e7\u00e3o e contrata\u00e7\u00e3o tempor\u00e1ria com natureza emergencial para atender aos interesses da Administra\u00e7\u00e3o, para ministrar aulas na disciplina <b>Matem\u00e1tica (16 aulas de substitui\u00e7\u00e3o), no Col\u00e9gio Estadual Get\u00falio Vargas, turnos matutino e vespertino. <\/b><\/p>\n<p style=\"text-align: justify\">Os interessados devem encaminhar Curr\u00edculo ao e-mail oficial da Coordena\u00e7\u00e3o Regional de Educa\u00e7\u00e3o (regional.ipora@seduc.go.gov.br)), contendo os contatos telef\u00f4nicos e endere\u00e7os de e-mail para correspond\u00eancias eletr\u00f4nicas.<\/p>\n<p style=\"text-align: justify\">Oportunamente esclarece, que a Coordena\u00e7\u00e3o Regional de Educa\u00e7\u00e3o de Goi\u00e1s instituir\u00e1 comiss\u00e3o pr\u00f3pria para as an\u00e1lises curriculares, que ser\u00e1 composta por integrante do Sindicato da categoria e membros da CRE, objetivando assim, a ado\u00e7\u00e3o de medidas e provid\u00eancias pertinentes ao suprimento de todos os d\u00e9ficits de professores existentes na Rede Estadual de Educa\u00e7\u00e3o, que garantam os servi\u00e7os prestados \u00e0 comunidade goiana.<\/p>\n<p style=\"text-align: center\">SEDUC\/GO<\/p>\n<hr \/>\n<h3 style=\"text-align: center\">COMUNICADO<\/h3>\n<p align=\"center\"><strong>PARA CONTRATA\u00c7\u00c3O TEMPOR\u00c1RIA<\/strong><\/p>\n<pre>Publica\u00e7\u00e3o: 21\/03\/2024\nEncerramento: 26\/03\/2024 \u00e0s 18h \n\n<\/pre>\n<p style=\"text-align: center\"><span style=\"color: red\"><strong>ENCERRADO<\/strong><\/span><\/p>\n<p style=\"text-align: justify\">O Governo do Estado de Goi\u00e1s, atrav\u00e9s da Secretaria de Estado da Educa\u00e7\u00e3o, diante da inexist\u00eancia de candidatos habilitados e remanescentes a serem convocados pelo Processo Seletivo Simplificado Edital n\u00ba 008\/2021 \u2013 SEAD e considerando a exist\u00eancia de d\u00e9ficits de professores nas unidades escolares pertencentes ao munic\u00edpio de <b>Jaupaci<\/b>, jurisdicionado \u00e0 Coordena\u00e7\u00e3o Regional de Educa\u00e7\u00e3o (CRE) de Ipor\u00e1, informa que est\u00e1 recebendo curr\u00edculos para sele\u00e7\u00e3o e contrata\u00e7\u00e3o tempor\u00e1ria com natureza emergencial para atender aos interesses da Administra\u00e7\u00e3o, para ministrar aulas nas disciplinas <b>Pedagogia (atendimento domiciliar), carga hor\u00e1ria de 20 horas semanais, <\/b>com lota\u00e7\u00e3o no Col\u00e9gio Estadual Get\u00falio Vargas<b>, no turno vespertino. <\/b><\/p>\n<p style=\"text-align: justify\">Os interessados devem encaminhar Curr\u00edculo ao e-mail oficial da Coordena\u00e7\u00e3o Regional de Educa\u00e7\u00e3o (regional.ipora@seduc.go.gov.br)), contendo os contatos telef\u00f4nicos e endere\u00e7os de e-mail para correspond\u00eancias eletr\u00f4nicas.<\/p>\n<p style=\"text-align: justify\">Oportunamente esclarece, que a Coordena\u00e7\u00e3o Regional de Educa\u00e7\u00e3o de Goi\u00e1s instituir\u00e1 comiss\u00e3o pr\u00f3pria para as an\u00e1lises curriculares, que ser\u00e1 composta por integrante do Sindicato da categoria e membros da CRE, objetivando assim, a ado\u00e7\u00e3o de medidas e provid\u00eancias pertinentes ao suprimento de todos os d\u00e9ficits de professores existentes na Rede Estadual de Educa\u00e7\u00e3o, que garantam os servi\u00e7os prestados \u00e0 comunidade goiana.<\/p>\n<p style=\"text-align: center\">SEDUC\/GO<\/p>\n<hr \/>\n<h3 style=\"text-align: center\">COMUNICADO<\/h3>\n<p align=\"center\"><strong>PARA CONTRATA\u00c7\u00c3O TEMPOR\u00c1RIA<\/strong><\/p>\n<pre>Publica\u00e7\u00e3o: 12\/03\/2024\nEncerramento: 15\/03\/2024 \u00e0s 18h \n\n<\/pre>\n<p style=\"text-align: center\"><span style=\"color: red\"><strong>ENCERRADO<\/strong><\/span><\/p>\n<p style=\"text-align: justify\">O Governo do Estado de Goi\u00e1s, atrav\u00e9s da Secretaria de Estado da Educa\u00e7\u00e3o, diante da inexist\u00eancia de candidatos habilitados e remanescentes a serem convocados pelo Processo Seletivo Simplificado Edital n\u00ba 008\/2021 \u2013 SEAD e considerando a exist\u00eancia de d\u00e9ficits de professores nas unidades escolares pertencentes ao munic\u00edpio de <b>Caiap\u00f4nia<\/b>, jurisdicionado \u00e0 Coordena\u00e7\u00e3o Regional de Educa\u00e7\u00e3o (CRE) de Ipor\u00e1, informa que est\u00e1 recebendo curr\u00edculos para sele\u00e7\u00e3o e contrata\u00e7\u00e3o tempor\u00e1ria com natureza emergencial para atender aos interesses da Administra\u00e7\u00e3o, para ministrar aulas nas disciplina(s)<b> Biologia, no CEPI Nossa Senhora do Montesserrate, 24 aulas semanais (30 horas semanais), turnos matutino e vespertino<\/b>.<\/p>\n<p style=\"text-align: justify\">Os interessados devem encaminhar Curr\u00edculo ao e-mail oficial da Coordena\u00e7\u00e3o Regional de Educa\u00e7\u00e3o (regional.ipora@seduc.go.gov.br)), contendo os contatos telef\u00f4nicos e endere\u00e7os de e-mail para correspond\u00eancias eletr\u00f4nicas.<\/p>\n<p style=\"text-align: justify\">Oportunamente esclarece, que a Coordena\u00e7\u00e3o Regional de Educa\u00e7\u00e3o de Goi\u00e1s instituir\u00e1 comiss\u00e3o pr\u00f3pria para as an\u00e1lises curriculares, que ser\u00e1 composta por integrante do Sindicato da categoria e membros da CRE, objetivando assim, a ado\u00e7\u00e3o de medidas e provid\u00eancias pertinentes ao suprimento de todos os d\u00e9ficits de professores existentes na Rede Estadual de Educa\u00e7\u00e3o, que garantam os servi\u00e7os prestados \u00e0 comunidade goiana.<\/p>\n<p style=\"text-align: center\">SEDUC\/GO<\/p>\n<hr \/>\n<p align=\"center\"><b>COMUNICADO<\/b><\/p>\n<p align=\"center\"><strong>PARA CONTRATA\u00c7\u00c3O TEMPOR\u00c1RIA<\/strong><\/p>\n<pre style=\"text-align: center\">Publica\u00e7\u00e3o: 08\/03\/2024\nEncerramento: 13\/03\/2024 \u00e0s 18h\n\n<\/pre>\n<p style=\"text-align: center\"><span style=\"color: red\"><strong>ENCERRADO<\/strong><\/span><\/p>\n<p style=\"text-align: justify\">O Governo do Estado de Goi\u00e1s, atrav\u00e9s da Secretaria de Estado da Educa\u00e7\u00e3o, diante da inexist\u00eancia de candidatos habilitados e remanescentes a serem convocados pelo Processo Seletivo Simplificado Edital n\u00ba 008\/2021 \u2013 SEAD e considerando a exist\u00eancia de d\u00e9ficits de professores nas unidades escolares pertencentes ao munic\u00edpio de <b>Ipor\u00e1<\/b>, jurisdicionado \u00e0 Coordena\u00e7\u00e3o Regional de Educa\u00e7\u00e3o (CRE) de Ipor\u00e1, informa que est\u00e1 recebendo curr\u00edculos para sele\u00e7\u00e3o e contrata\u00e7\u00e3o tempor\u00e1ria com natureza emergencial para atender aos interesses da Administra\u00e7\u00e3o, para ministrar aulas nas disciplina(s) <b>Linguagem para o CEPMG Ariston Gomes da Silva, 32 aulas nos turno matutino e vespertino.<\/b><\/p>\n<p style=\"text-align: justify\">Os interessados devem encaminhar Curr\u00edculo ao e-mail oficial da Coordena\u00e7\u00e3o Regional de Educa\u00e7\u00e3o (regional.ipora@seduc.go.gov.br), contendo os contatos telef\u00f4nicos e endere\u00e7os de e-mail para correspond\u00eancias eletr\u00f4nicas.<\/p>\n<p style=\"text-align: justify\">Oportunamente esclarece, que a Coordena\u00e7\u00e3o Regional de Educa\u00e7\u00e3o de Ipor\u00e1 instituir\u00e1 comiss\u00e3o pr\u00f3pria para as an\u00e1lises curriculares, que ser\u00e1 composta por integrante do Sindicato da categoria e membros da CRE, objetivando assim, a ado\u00e7\u00e3o de medidas e provid\u00eancias pertinentes ao suprimento de todos os d\u00e9ficits de professores existentes na Rede Estadual de Educa\u00e7\u00e3o, que garantam os servi\u00e7os prestados \u00e0 comunidade goiana.<\/p>\n<p style=\"text-align: center\">SEDUC\/GO<\/p>\n<hr \/>\n<p align=\"center\"><b>COMUNICADO<\/b><\/p>\n<p align=\"center\"><strong>PARA CONTRATA\u00c7\u00c3O TEMPOR\u00c1RIA<\/strong><\/p>\n<pre style=\"text-align: center\">Publica\u00e7\u00e3o: 08\/03\/2024\nEncerramento: 13\/03\/2024 \u00e0s 18h\n\n<\/pre>\n<p style=\"text-align: center\"><span style=\"color: red\"><strong>ENCERRADO<\/strong><\/span><\/p>\n<p style=\"text-align: justify\">O Governo do Estado de Goi\u00e1s, atrav\u00e9s da Secretaria de Estado da Educa\u00e7\u00e3o, diante da inexist\u00eancia de candidatos habilitados e remanescentes a serem convocados pelo Processo Seletivo Simplificado Edital n\u00ba 008\/2021 \u2013 SEAD e considerando a exist\u00eancia de d\u00e9ficits de professores nas unidades escolares pertencentes ao munic\u00edpio de <b>Caiap\u00f4nia<\/b>, jurisdicionado \u00e0 Coordena\u00e7\u00e3o Regional de Educa\u00e7\u00e3o (CRE) de Ipor\u00e1, informa que est\u00e1 recebendo curr\u00edculos para sele\u00e7\u00e3o e contrata\u00e7\u00e3o tempor\u00e1ria com natureza emergencial para atender aos interesses da Administra\u00e7\u00e3o, para ministrar aulas nas disciplina(s) <b>L\u00edngua Portuguesa (32 aulas de substitui\u00e7\u00e3o), no CEPI Gercina Borges Teixeira, \u00a0turno Integral<\/b>.<\/p>\n<p style=\"text-align: justify\">Os interessados devem encaminhar Curr\u00edculo ao e-mail oficial da Coordena\u00e7\u00e3o Regional de Educa\u00e7\u00e3o (regional.ipora@seduc.go.gov.br), contendo os contatos telef\u00f4nicos e endere\u00e7os de e-mail para correspond\u00eancias eletr\u00f4nicas.<\/p>\n<p style=\"text-align: justify\">Oportunamente esclarece, que a Coordena\u00e7\u00e3o Regional de Educa\u00e7\u00e3o de Ipor\u00e1 instituir\u00e1 comiss\u00e3o pr\u00f3pria para as an\u00e1lises curriculares, que ser\u00e1 composta por integrante do Sindicato da categoria e membros da CRE, objetivando assim, a ado\u00e7\u00e3o de medidas e provid\u00eancias pertinentes ao suprimento de todos os d\u00e9ficits de professores existentes na Rede Estadual de Educa\u00e7\u00e3o, que garantam os servi\u00e7os prestados \u00e0 comunidade goiana.<\/p>\n<p style=\"text-align: center\">SEDUC\/GO<\/p>\n<hr \/>\n<p align=\"center\"><b>COMUNICADO<\/b><\/p>\n<p align=\"center\"><strong>PARA CONTRATA\u00c7\u00c3O TEMPOR\u00c1RIA<\/strong><\/p>\n<pre style=\"text-align: center\">Publica\u00e7\u00e3o: 08\/03\/2024\nEncerramento: 13\/03\/2024 \u00e0s 18h\n\n<\/pre>\n<p style=\"text-align: center\"><span style=\"color: red\"><strong>ENCERRADO<\/strong><\/span><\/p>\n<p style=\"text-align: justify\">O Governo do Estado de Goi\u00e1s, atrav\u00e9s da Secretaria de Estado da Educa\u00e7\u00e3o, diante da inexist\u00eancia de candidatos habilitados e remanescentes a serem convocados pelo Processo Seletivo Simplificado Edital n\u00ba 008\/2021 \u2013 SEAD e considerando a exist\u00eancia de d\u00e9ficits de professores nas unidades escolares pertencentes ao munic\u00edpio de <b>Jaupaci<\/b>, jurisdicionado \u00e0 Coordena\u00e7\u00e3o Regional de Educa\u00e7\u00e3o (CRE) de Ipor\u00e1, informa que est\u00e1 recebendo curr\u00edculos para sele\u00e7\u00e3o e contrata\u00e7\u00e3o tempor\u00e1ria com natureza emergencial para atender aos interesses da Administra\u00e7\u00e3o, para ministrar aulas na disciplina <b>Matem\u00e1tica (16 aulas de substitui\u00e7\u00e3o), no Col\u00e9gio Estadual Get\u00falio Vargas, turnos matutino e vespertino.<\/b><\/p>\n<p style=\"text-align: justify\">Os interessados devem encaminhar Curr\u00edculo ao e-mail oficial da Coordena\u00e7\u00e3o Regional de Educa\u00e7\u00e3o (regional.ipora@seduc.go.gov.br), contendo os contatos telef\u00f4nicos e endere\u00e7os de e-mail para correspond\u00eancias eletr\u00f4nicas.<\/p>\n<p style=\"text-align: justify\">Oportunamente esclarece, que a Coordena\u00e7\u00e3o Regional de Educa\u00e7\u00e3o de Ipor\u00e1 instituir\u00e1 comiss\u00e3o pr\u00f3pria para as an\u00e1lises curriculares, que ser\u00e1 composta por integrante do Sindicato da categoria e membros da CRE, objetivando assim, a ado\u00e7\u00e3o de medidas e provid\u00eancias pertinentes ao suprimento de todos os d\u00e9ficits de professores existentes na Rede Estadual de Educa\u00e7\u00e3o, que garantam os servi\u00e7os prestados \u00e0 comunidade goiana.<\/p>\n<p style=\"text-align: center\">SEDUC\/GO<\/p>\n<hr \/>\n<p align=\"center\"><b>COMUNICADO<\/b><\/p>\n<p align=\"center\"><strong>PARA CONTRATA\u00c7\u00c3O TEMPOR\u00c1RIA<\/strong><\/p>\n<pre style=\"text-align: center\">Publica\u00e7\u00e3o: 08\/03\/2024\nEncerramento: 13\/03\/2024 \u00e0s 18h\n\n<\/pre>\n<p style=\"text-align: center\"><span style=\"color: red\"><strong>ENCERRADO<\/strong><\/span><\/p>\n<p style=\"text-align: justify\">O Governo do Estado de Goi\u00e1s, atrav\u00e9s da Secretaria de Estado da Educa\u00e7\u00e3o, diante da inexist\u00eancia de candidatos habilitados e remanescentes a serem convocados pelo Processo Seletivo Simplificado Edital n\u00ba 008\/2021 \u2013 SEAD e considerando a exist\u00eancia de d\u00e9ficits de professores nas unidades escolares pertencentes ao munic\u00edpio de <b>Ipor\u00e1<\/b>, jurisdicionado \u00e0 Coordena\u00e7\u00e3o Regional de Educa\u00e7\u00e3o (CRE) de Ipor\u00e1, informa que est\u00e1 recebendo curr\u00edculos para sele\u00e7\u00e3o e contrata\u00e7\u00e3o tempor\u00e1ria com natureza emergencial para atender aos interesses da Administra\u00e7\u00e3o, para ministrar aulas nas disciplina(s) <b>Matem\u00e1tica para o CEPI de Aplica\u00e7\u00e3o, 32 aulas no turno Integral.<\/b><\/p>\n<p style=\"text-align: justify\">Os interessados devem encaminhar Curr\u00edculo ao e-mail oficial da Coordena\u00e7\u00e3o Regional de Educa\u00e7\u00e3o (regional.ipora@seduc.go.gov.br), contendo os contatos telef\u00f4nicos e endere\u00e7os de e-mail para correspond\u00eancias eletr\u00f4nicas.<\/p>\n<p style=\"text-align: justify\">Oportunamente esclarece, que a Coordena\u00e7\u00e3o Regional de Educa\u00e7\u00e3o de Ipor\u00e1 instituir\u00e1 comiss\u00e3o pr\u00f3pria para as an\u00e1lises curriculares, que ser\u00e1 composta por integrante do Sindicato da categoria e membros da CRE, objetivando assim, a ado\u00e7\u00e3o de medidas e provid\u00eancias pertinentes ao suprimento de todos os d\u00e9ficits de professores existentes na Rede Estadual de Educa\u00e7\u00e3o, que garantam os servi\u00e7os prestados \u00e0 comunidade goiana.<\/p>\n<p style=\"text-align: center\">SEDUC\/GO<\/p>\n<hr \/>\n<p align=\"center\"><b>COMUNICADO<\/b><\/p>\n<p align=\"center\"><strong>PARA CONTRATA\u00c7\u00c3O TEMPOR\u00c1RIA<\/strong><\/p>\n<pre style=\"text-align: center\">Publica\u00e7\u00e3o: 08\/03\/2024\nEncerramento: 13\/03\/2024 \u00e0s 18h\n\n<\/pre>\n<p style=\"text-align: center\"><span style=\"color: red\"><strong>ENCERRADO<\/strong><\/span><\/p>\n<p style=\"text-align: justify\">O Governo do Estado de Goi\u00e1s, atrav\u00e9s da Secretaria de Estado da Educa\u00e7\u00e3o, diante da inexist\u00eancia de candidatos habilitados e remanescentes a serem convocados pelo Processo Seletivo Simplificado Edital n\u00ba 008\/2021 \u2013 SEAD e considerando a exist\u00eancia de d\u00e9ficits de professores nas unidades escolares pertencentes ao munic\u00edpio de <b>Ipor\u00e1<\/b>, jurisdicionado \u00e0 Coordena\u00e7\u00e3o Regional de Educa\u00e7\u00e3o (CRE) de Ipor\u00e1, informa que est\u00e1 recebendo curr\u00edculos para sele\u00e7\u00e3o e contrata\u00e7\u00e3o tempor\u00e1ria com natureza emergencial para atender aos interesses da Administra\u00e7\u00e3o, para ministrar aulas nas disciplina(s) <b>L\u00edngua Portuguesa (32 aulas de substitui\u00e7\u00e3o) para a Escola Estadual Edmo Teixeira, nos turnos matutino e vespertino.<\/b><\/p>\n<p style=\"text-align: justify\">Os interessados devem encaminhar Curr\u00edculo ao e-mail oficial da Coordena\u00e7\u00e3o Regional de Educa\u00e7\u00e3o (regional.ipora@seduc.go.gov.br), contendo os contatos telef\u00f4nicos e endere\u00e7os de e-mail para correspond\u00eancias eletr\u00f4nicas.<\/p>\n<p style=\"text-align: justify\">Oportunamente esclarece, que a Coordena\u00e7\u00e3o Regional de Educa\u00e7\u00e3o de Ipor\u00e1 instituir\u00e1 comiss\u00e3o pr\u00f3pria para as an\u00e1lises curriculares, que ser\u00e1 composta por integrante do Sindicato da categoria e membros da CRE, objetivando assim, a ado\u00e7\u00e3o de medidas e provid\u00eancias pertinentes ao suprimento de todos os d\u00e9ficits de professores existentes na Rede Estadual de Educa\u00e7\u00e3o, que garantam os servi\u00e7os prestados \u00e0 comunidade goiana.<\/p>\n<p style=\"text-align: center\">SEDUC\/GO<\/p>\n<hr \/>\n<p align=\"center\"><b>COMUNICADO<\/b><\/p>\n<p align=\"center\"><strong>PARA CONTRATA\u00c7\u00c3O TEMPOR\u00c1RIA<\/strong><\/p>\n<pre style=\"text-align: center\">Publica\u00e7\u00e3o: 08\/03\/2024\nEncerramento: 13\/03\/2024 \u00e0s 18h\n\n<\/pre>\n<p style=\"text-align: center\"><span style=\"color: red\"><strong>ENCERRADO<\/strong><\/span><\/p>\n<p style=\"text-align: justify\">O Governo do Estado de Goi\u00e1s, atrav\u00e9s da Secretaria de Estado da Educa\u00e7\u00e3o, diante da inexist\u00eancia de candidatos habilitados e remanescentes a serem convocados pelo Processo Seletivo Simplificado Edital n\u00ba 008\/2021 \u2013 SEAD e considerando a exist\u00eancia de d\u00e9ficits de professores nas unidades escolares pertencentes ao munic\u00edpio de <b>Caiap\u00f4nia<\/b>, jurisdicionado \u00e0 Coordena\u00e7\u00e3o Regional de Educa\u00e7\u00e3o (CRE) de Ipor\u00e1, informa que est\u00e1 recebendo curr\u00edculos para sele\u00e7\u00e3o e contrata\u00e7\u00e3o tempor\u00e1ria com natureza emergencial para atender aos interesses da Administra\u00e7\u00e3o, para ministrar aulas nas disciplina(s) <b>Qu\u00edmica, no CEPI Nossa Senhora do Montesserrate, 24 aulas, turno Integral<\/b>.<\/p>\n<p style=\"text-align: justify\">Os interessados devem encaminhar Curr\u00edculo ao e-mail oficial da Coordena\u00e7\u00e3o Regional de Educa\u00e7\u00e3o (regional.ipora@seduc.go.gov.br), contendo os contatos telef\u00f4nicos e endere\u00e7os de e-mail para correspond\u00eancias eletr\u00f4nicas.<\/p>\n<p style=\"text-align: justify\">Oportunamente esclarece, que a Coordena\u00e7\u00e3o Regional de Educa\u00e7\u00e3o de Ipor\u00e1 instituir\u00e1 comiss\u00e3o pr\u00f3pria para as an\u00e1lises curriculares, que ser\u00e1 composta por integrante do Sindicato da categoria e membros da CRE, objetivando assim, a ado\u00e7\u00e3o de medidas e provid\u00eancias pertinentes ao suprimento de todos os d\u00e9ficits de professores existentes na Rede Estadual de Educa\u00e7\u00e3o, que garantam os servi\u00e7os prestados \u00e0 comunidade goiana.<\/p>\n<p style=\"text-align: center\">SEDUC\/GO<\/p>\n<hr \/>\n<p align=\"center\"><b>COMUNICADO<\/b><\/p>\n<p align=\"center\"><strong>PARA CONTRATA\u00c7\u00c3O TEMPOR\u00c1RIA<\/strong><\/p>\n<pre style=\"text-align: center\">Publica\u00e7\u00e3o: 08\/03\/2024\nEncerramento: 13\/03\/2024 \u00e0s 18h\n\n<\/pre>\n<p style=\"text-align: center\"><span style=\"color: red\"><strong>ENCERRADO<\/strong><\/span><\/p>\n<p style=\"text-align: justify\">O Governo do Estado de Goi\u00e1s, atrav\u00e9s da Secretaria de Estado da Educa\u00e7\u00e3o, diante da inexist\u00eancia de candidatos habilitados e remanescentes a serem convocados pelo Processo Seletivo Simplificado Edital n\u00ba 008\/2021 \u2013 SEAD e considerando a exist\u00eancia de d\u00e9ficits de professores nas unidades escolares pertencentes ao munic\u00edpio de <b>Palestina de Goi\u00e1s<\/b>, jurisdicionado \u00e0 Coordena\u00e7\u00e3o Regional de Educa\u00e7\u00e3o (CRE) de Ipor\u00e1, informa que est\u00e1 recebendo curr\u00edculos para sele\u00e7\u00e3o e contrata\u00e7\u00e3o tempor\u00e1ria com natureza emergencial para atender aos interesses da Administra\u00e7\u00e3o, para ministrar aulas nas disciplina(s) <b>Int\u00e9rprete de L\u00edngua Brasileira de Sinais para o Col\u00e9gio Estadual Ana Algemira do Prado, 30h no vespertino.<\/b><\/p>\n<p style=\"text-align: justify\">Os interessados devem encaminhar Curr\u00edculo ao e-mail oficial da Coordena\u00e7\u00e3o Regional de Educa\u00e7\u00e3o (regional.ipora@seduc.go.gov.br), contendo os contatos telef\u00f4nicos e endere\u00e7os de e-mail para correspond\u00eancias eletr\u00f4nicas.<\/p>\n<p style=\"text-align: justify\">Oportunamente esclarece, que a Coordena\u00e7\u00e3o Regional de Educa\u00e7\u00e3o de Ipor\u00e1 instituir\u00e1 comiss\u00e3o pr\u00f3pria para as an\u00e1lises curriculares, que ser\u00e1 composta por integrante do Sindicato da categoria e membros da CRE, objetivando assim, a ado\u00e7\u00e3o de medidas e provid\u00eancias pertinentes ao suprimento de todos os d\u00e9ficits de professores existentes na Rede Estadual de Educa\u00e7\u00e3o, que garantam os servi\u00e7os prestados \u00e0 comunidade goiana.<\/p>\n<p style=\"text-align: center\">SEDUC\/GO<\/p>\n<hr \/>\n<p align=\"center\"><b>COMUNICADO<\/b><\/p>\n<p align=\"center\"><strong>PARA CONTRATA\u00c7\u00c3O TEMPOR\u00c1RIA<\/strong><\/p>\n<pre style=\"text-align: center\">Publica\u00e7\u00e3o: 08\/03\/2024\nEncerramento: 13\/03\/2024 \u00e0s 18h\n\n<\/pre>\n<p style=\"text-align: center\"><span style=\"color: red\"><strong>ENCERRADO<\/strong><\/span><\/p>\n<p style=\"text-align: justify\">O Governo do Estado de Goi\u00e1s, atrav\u00e9s da Secretaria de Estado da Educa\u00e7\u00e3o, diante da inexist\u00eancia de candidatos habilitados e remanescentes a serem convocados pelo Processo Seletivo Simplificado Edital n\u00ba 008\/2021 \u2013 SEAD e considerando a exist\u00eancia de d\u00e9ficits de professores nas unidades escolares pertencentes ao munic\u00edpio de <b>Caiap\u00f4nia<\/b>, jurisdicionado \u00e0 Coordena\u00e7\u00e3o Regional de Educa\u00e7\u00e3o (CRE) de Ipor\u00e1, informa que est\u00e1 recebendo curr\u00edculos para sele\u00e7\u00e3o e contrata\u00e7\u00e3o tempor\u00e1ria com natureza emergencial para atender aos interesses da Administra\u00e7\u00e3o, para ministrar aulas nas disciplina(s) <b>Hist\u00f3ria, no CEPI Nossa Senhora do Montesserrate, 24 aulas, turno Integral<\/b>.<\/p>\n<p style=\"text-align: justify\">Os interessados devem encaminhar Curr\u00edculo ao e-mail oficial da Coordena\u00e7\u00e3o Regional de Educa\u00e7\u00e3o (regional.ipora@seduc.go.gov.br), contendo os contatos telef\u00f4nicos e endere\u00e7os de e-mail para correspond\u00eancias eletr\u00f4nicas.<\/p>\n<p style=\"text-align: justify\">Oportunamente esclarece, que a Coordena\u00e7\u00e3o Regional de Educa\u00e7\u00e3o de Ipor\u00e1 instituir\u00e1 comiss\u00e3o pr\u00f3pria para as an\u00e1lises curriculares, que ser\u00e1 composta por integrante do Sindicato da categoria e membros da CRE, objetivando assim, a ado\u00e7\u00e3o de medidas e provid\u00eancias pertinentes ao suprimento de todos os d\u00e9ficits de professores existentes na Rede Estadual de Educa\u00e7\u00e3o, que garantam os servi\u00e7os prestados \u00e0 comunidade goiana.<\/p>\n<p style=\"text-align: center\">SEDUC\/GO<\/p>\n<hr \/>\n<p align=\"center\"><b>COMUNICADO<\/b><\/p>\n<p align=\"center\"><strong>PARA CONTRATA\u00c7\u00c3O TEMPOR\u00c1RIA<\/strong><\/p>\n<pre style=\"text-align: center\">Publica\u00e7\u00e3o: 05\/03\/2024\nEncerramento: 08\/03\/2024 \u00e0s 18h\n\n<\/pre>\n<h3 align=\"center\"><span style=\"color: red\"><strong>ENCERRADO<\/strong><\/span><\/h3>\n<p style=\"text-align: justify\">O Governo do Estado de Goi\u00e1s, atrav\u00e9s da Secretaria de Estado da Educa\u00e7\u00e3o, diante da inexist\u00eancia de candidatos habilitados e remanescentes a serem convocados pelo Processo Seletivo Simplificado Edital n\u00ba 008\/2021 \u2013 SEAD e considerando a exist\u00eancia de d\u00e9ficits de professores nas unidades escolares pertencentes ao munic\u00edpio de <b>Ipor\u00e1<\/b>, jurisdicionado \u00e0 Coordena\u00e7\u00e3o Regional de Educa\u00e7\u00e3o (CRE) de Ipor\u00e1, informa que est\u00e1 recebendo curr\u00edculos para sele\u00e7\u00e3o e contrata\u00e7\u00e3o tempor\u00e1ria com natureza emergencial para atender aos interesses da Administra\u00e7\u00e3o, para ministrar aulas na disciplina <b>L\u00edngua Portuguesa (16 aulas, Terceira Etapa (M\u00e9dio 1\u00aa a 3\u00aa s\u00e9rie) &#8211; TEC \u2013 573), no CEJA Dom Bosco, turno noturno.<\/b><\/p>\n<p style=\"text-align: justify\">Os interessados devem encaminhar Curr\u00edculo ao e-mail oficial da Coordena\u00e7\u00e3o Regional de Educa\u00e7\u00e3o (regional.ipora@seduc.go.gov.br), contendo os contatos telef\u00f4nicos e endere\u00e7os de e-mail para correspond\u00eancias eletr\u00f4nicas.<\/p>\n<p style=\"text-align: justify\">Oportunamente esclarece, que a Coordena\u00e7\u00e3o Regional de Educa\u00e7\u00e3o de Ipor\u00e1 instituir\u00e1 comiss\u00e3o pr\u00f3pria para as an\u00e1lises curriculares, que ser\u00e1 composta por integrante do Sindicato da categoria e membros da CRE, objetivando assim, a ado\u00e7\u00e3o de medidas e provid\u00eancias pertinentes ao suprimento de todos os d\u00e9ficits de professores existentes na Rede Estadual de Educa\u00e7\u00e3o, que garantam os servi\u00e7os prestados \u00e0 comunidade goiana.<\/p>\n<p style=\"text-align: center\">SEDUC\/GO<\/p>\n<hr \/>\n<p align=\"center\"><b>COMUNICADO<\/b><\/p>\n<p align=\"center\"><strong>PARA CONTRATA\u00c7\u00c3O TEMPOR\u00c1RIA<\/strong><\/p>\n<pre style=\"text-align: center\">Publica\u00e7\u00e3o: 28\/02\/2024\nEncerramento: 04\/03\/2024 \u00e0s 18h\n\n<\/pre>\n<p style=\"text-align: center\"><span style=\"color: red\"><strong>ENCERRADO<\/strong><\/span><\/p>\n<p style=\"text-align: justify\">O Governo do Estado de Goi\u00e1s, atrav\u00e9s da Secretaria de Estado da Educa\u00e7\u00e3o, diante da inexist\u00eancia de candidatos habilitados e remanescentes a serem convocados pelo Processo Seletivo Simplificado Edital n\u00ba 008\/2021 \u2013 SEAD e considerando a exist\u00eancia de d\u00e9ficits de professores nas unidades escolares pertencentes ao munic\u00edpio de <b>Amorin\u00f3polis<\/b>, jurisdicionado \u00e0 Coordena\u00e7\u00e3o Regional de Educa\u00e7\u00e3o (CRE) de Ipor\u00e1, informa que est\u00e1 recebendo curr\u00edculos para sele\u00e7\u00e3o e contrata\u00e7\u00e3o tempor\u00e1ria com natureza emergencial para atender aos interesses da Administra\u00e7\u00e3o, para ministrar aulas nas disciplina(s) <b>Matem\u00e1tica e Ci\u00eancias da Natureza<\/b>.<\/p>\n<p style=\"text-align: justify\">Os interessados devem encaminhar Curr\u00edculo ao e-mail oficial da Coordena\u00e7\u00e3o Regional de Educa\u00e7\u00e3o (regional.ipora@seduc.go.gov.br), contendo os contatos telef\u00f4nicos e endere\u00e7os de e-mail para correspond\u00eancias eletr\u00f4nicas.<\/p>\n<p style=\"text-align: justify\">Oportunamente esclarece, que a Coordena\u00e7\u00e3o Regional de Educa\u00e7\u00e3o de Ipor\u00e1 instituir\u00e1 comiss\u00e3o pr\u00f3pria para as an\u00e1lises curriculares, que ser\u00e1 composta por integrante do Sindicato da categoria e membros da CRE, objetivando assim, a ado\u00e7\u00e3o de medidas e provid\u00eancias pertinentes ao suprimento de todos os d\u00e9ficits de professores existentes na Rede Estadual de Educa\u00e7\u00e3o, que garantam os servi\u00e7os prestados \u00e0 comunidade goiana.<\/p>\n<p style=\"text-align: center\">SEDUC\/GO<\/p>\n<hr \/>\n<p align=\"center\"><b>COMUNICADO<\/b><\/p>\n<p align=\"center\"><strong>PARA CONTRATA\u00c7\u00c3O TEMPOR\u00c1RIA<\/strong><\/p>\n<pre style=\"text-align: center\">Publica\u00e7\u00e3o: 28\/02\/2024\nEncerramento: 04\/03\/2024 \u00e0s 18h\n\n<\/pre>\n<p style=\"text-align: center\"><span style=\"color: red\"><strong>ENCERRADO<\/strong><\/span><\/p>\n<p style=\"text-align: justify\">O Governo do Estado de Goi\u00e1s, atrav\u00e9s da Secretaria de Estado da Educa\u00e7\u00e3o, diante da inexist\u00eancia de candidatos habilitados e remanescentes a serem convocados pelo Processo Seletivo Simplificado Edital n\u00ba 008\/2021 \u2013 SEAD e considerando a exist\u00eancia de d\u00e9ficits de professores nas unidades escolares pertencentes ao munic\u00edpio de <b>Caiap\u00f4nia<\/b>, jurisdicionado \u00e0 Coordena\u00e7\u00e3o Regional de Educa\u00e7\u00e3o (CRE) de <b>Ipor\u00e1<\/b>, informa que est\u00e1 recebendo curr\u00edculos para sele\u00e7\u00e3o e contrata\u00e7\u00e3o tempor\u00e1ria com natureza emergencial para atender aos interesses da Administra\u00e7\u00e3o, para <b>Atendimento Domiciliar de estudante do CEPI Gercina Borges Teixeira, com forma\u00e7\u00e3o em Pedagogia, 20h<\/b>.<\/p>\n<p style=\"text-align: justify\">Os interessados devem encaminhar Curr\u00edculo ao e-mail oficial da Coordena\u00e7\u00e3o Regional de Educa\u00e7\u00e3o (regional.ipora@seduc.go.gov.br), contendo os contatos telef\u00f4nicos e endere\u00e7os de e-mail para correspond\u00eancias eletr\u00f4nicas.<\/p>\n<p style=\"text-align: justify\">Oportunamente esclarece, que a Coordena\u00e7\u00e3o Regional de Educa\u00e7\u00e3o de Ipor\u00e1 instituir\u00e1 comiss\u00e3o pr\u00f3pria para as an\u00e1lises curriculares, que ser\u00e1 composta por integrante do Sindicato da categoria e membros da CRE, objetivando assim, a ado\u00e7\u00e3o de medidas e provid\u00eancias pertinentes ao suprimento de todos os d\u00e9ficits de professores existentes na Rede Estadual de Educa\u00e7\u00e3o, que garantam os servi\u00e7os prestados \u00e0 comunidade goiana.<\/p>\n<p style=\"text-align: center\">SEDUC\/GO<\/p>\n<hr \/>\n<h3 style=\"text-align: center\"><strong>COMUNICADO<\/strong><\/h3>\n<pre style=\"text-align: center\">Publica\u00e7\u00e3o: 23\/02\/2024\nEncerramento: 28\/02\/2024 \u00e0s 18h\n<\/pre>\n<p style=\"text-align: center\"><span style=\"color: red\"><strong>ENCERRADO<\/strong><\/span><\/p>\n<p style=\"text-align: justify\">O Governo do Estado de Goi\u00e1s, atrav\u00e9s da Secretaria de Estado da Educa\u00e7\u00e3o, diante da inexist\u00eancia de candidatos habilitados e remanescentes a serem convocados pelo Processo Seletivo Simplificado Edital n\u00ba 008\/2021 \u2013 SEAD e considerando a exist\u00eancia de d\u00e9ficits de professores nas unidades escolares pertencentes ao munic\u00edpio de <b>Jaupaci<\/b>, jurisdicionado \u00e0 Coordena\u00e7\u00e3o Regional de Educa\u00e7\u00e3o (CRE) de Ipor\u00e1, informa que est\u00e1 recebendo curr\u00edculos para sele\u00e7\u00e3o e contrata\u00e7\u00e3o tempor\u00e1ria com natureza emergencial para atender aos interesses da Administra\u00e7\u00e3o, para ministrar aulas na disciplina <b>Matem\u00e1tica (16 aulas de substitui\u00e7\u00e3o de professor titular), no Col\u00e9gio Estadual Get\u00falio Vargas, turnos matutino e vespertino.<\/b><\/p>\n<p style=\"text-align: justify\">Os interessados devem encaminhar Curr\u00edculo ao e-mail oficial da Coordena\u00e7\u00e3o Regional de Educa\u00e7\u00e3o (regional.ipora@seduc.go.gov.br), contendo os contatos telef\u00f4nicos e endere\u00e7os de e-mail para correspond\u00eancias eletr\u00f4nicas.<\/p>\n<p style=\"text-align: justify\">Oportunamente esclarece, que a Coordena\u00e7\u00e3o Regional de Educa\u00e7\u00e3o de Ipor\u00e1 instituir\u00e1 comiss\u00e3o pr\u00f3pria para as an\u00e1lises curriculares, que ser\u00e1 composta por integrante do Sindicato da categoria e membros da CRE, objetivando assim, a ado\u00e7\u00e3o de medidas e provid\u00eancias pertinentes ao suprimento de todos os d\u00e9ficits de professores existentes na Rede Estadual de Educa\u00e7\u00e3o, que garantam os servi\u00e7os prestados \u00e0 comunidade goiana.<\/p>\n<p style=\"text-align: center\">SEDUC\/GO<\/p>\n<hr \/>\n<h3 style=\"text-align: center\"><strong>COMUNICADO<\/strong><\/h3>\n<pre style=\"text-align: center\">Publica\u00e7\u00e3o: 22\/02\/2024\nEncerramento: 27\/02\/2024 \u00e0s 18h\n<\/pre>\n<p style=\"text-align: center\"><span style=\"color: red\"><strong>ENCERRADO<\/strong><\/span><\/p>\n<p style=\"text-align: justify\">O Governo do Estado de Goi\u00e1s, atrav\u00e9s da Secretaria de Estado da Educa\u00e7\u00e3o, diante da inexist\u00eancia de candidatos habilitados e remanescentes a serem convocados pelo Processo Seletivo Simplificado Edital n\u00ba 008\/2021 \u2013 SEAD e considerando a exist\u00eancia de d\u00e9ficits de professores nas unidades escolares pertencentes ao munic\u00edpio de <b>Doverl\u00e2ndia<\/b>, jurisdicionado \u00e0 Coordena\u00e7\u00e3o Regional de Educa\u00e7\u00e3o (CRE) de Ipor\u00e1, informa que est\u00e1 recebendo curr\u00edculos para sele\u00e7\u00e3o e contrata\u00e7\u00e3o tempor\u00e1ria com natureza emergencial para atender aos interesses da Administra\u00e7\u00e3o, para ministrar aulas na disciplina <b>L\u00edngua Portuguesa e afins (32 aulas em substitui\u00e7\u00e3o), no Col\u00e9gio Estadual Dr. Pedro Ludovico Teixeira, turnos matutino e vespertino.<\/b><\/p>\n<p style=\"text-align: justify\">Os interessados devem encaminhar Curr\u00edculo ao e-mail oficial da Coordena\u00e7\u00e3o Regional de Educa\u00e7\u00e3o (regional.ipora@seduc.go.gov.br), contendo os contatos telef\u00f4nicos e endere\u00e7os de e-mail para correspond\u00eancias eletr\u00f4nicas.<\/p>\n<p style=\"text-align: justify\">Oportunamente esclarece, que a Coordena\u00e7\u00e3o Regional de Educa\u00e7\u00e3o de Ipor\u00e1 instituir\u00e1 comiss\u00e3o pr\u00f3pria para as an\u00e1lises curriculares, que ser\u00e1 composta por integrante do Sindicato da categoria e membros da CRE, objetivando assim, a ado\u00e7\u00e3o de medidas e provid\u00eancias pertinentes ao suprimento de todos os d\u00e9ficits de professores existentes na Rede Estadual de Educa\u00e7\u00e3o, que garantam os servi\u00e7os prestados \u00e0 comunidade goiana.<\/p>\n<p style=\"text-align: center\">SEDUC\/GO<\/p>\n<hr \/>\n<h3 style=\"text-align: center\"><strong>COMUNICADO<\/strong><\/h3>\n<pre style=\"text-align: center\">Publica\u00e7\u00e3o: 14\/02\/2024\nEncerramento: 19\/02\/2024 \u00e0s 18h\n<\/pre>\n<p style=\"text-align: center\"><span style=\"color: red\"><strong>ENCERRADO<\/strong><\/span><\/p>\n<p style=\"text-align: justify\">O Governo do Estado de Goi\u00e1s, atrav\u00e9s da Secretaria de Estado da Educa\u00e7\u00e3o, diante da inexist\u00eancia de candidatos habilitados e remanescentes a serem convocados pelo Processo Seletivo Simplificado Edital n\u00ba 008\/2021 \u2013 SEAD e considerando a exist\u00eancia de d\u00e9ficits de professores nas unidades escolares pertencentes ao munic\u00edpio de <b>Israel\u00e2ndia<\/b>, jurisdicionado \u00e0 Coordena\u00e7\u00e3o Regional de Educa\u00e7\u00e3o (CRE) de Ipor\u00e1, informa que est\u00e1 recebendo curr\u00edculos para sele\u00e7\u00e3o e contrata\u00e7\u00e3o tempor\u00e1ria com natureza emergencial para atender aos interesses da Administra\u00e7\u00e3o, para ministrar aulas na disciplina <b>Ci\u00eancias\/Biologia (substitui\u00e7\u00e3o), no Col\u00e9gio Estadual Maria Barreto, turnos vespertino e noturno.<\/b><\/p>\n<p style=\"text-align: justify\">Os interessados devem encaminhar Curr\u00edculo ao e-mail oficial da Coordena\u00e7\u00e3o Regional de Educa\u00e7\u00e3o (regional.ipora@seduc.go.gov.br), contendo os contatos telef\u00f4nicos e endere\u00e7os de e-mail para correspond\u00eancias eletr\u00f4nicas.<\/p>\n<p style=\"text-align: justify\">Oportunamente esclarece, que a Coordena\u00e7\u00e3o Regional de Educa\u00e7\u00e3o de Ipor\u00e1 instituir\u00e1 comiss\u00e3o pr\u00f3pria para as an\u00e1lises curriculares, que ser\u00e1 composta por integrante do Sindicato da categoria e membros da CRE, objetivando assim, a ado\u00e7\u00e3o de medidas e provid\u00eancias pertinentes ao suprimento de todos os d\u00e9ficits de professores existentes na Rede Estadual de Educa\u00e7\u00e3o, que garantam os servi\u00e7os prestados \u00e0 comunidade goiana.<\/p>\n<p style=\"text-align: center\">SEDUC\/GO<\/p>\n<hr \/>\n<h3 style=\"text-align: center\"><strong>COMUNICADO<\/strong><\/h3>\n<pre style=\"text-align: center\">Publica\u00e7\u00e3o: 08\/02\/2024\nEncerramento: 15\/02\/2024 \u00e0s 18h\n<\/pre>\n<p style=\"text-align: center\"><span style=\"color: red\"><strong>ENCERRADO<\/strong><\/span><\/p>\n<p style=\"text-align: justify\">O Governo do Estado de Goi\u00e1s, atrav\u00e9s da Secretaria de Estado da Educa\u00e7\u00e3o, diante da inexist\u00eancia de candidatos habilitados e remanescentes a serem convocados pelo Processo Seletivo Simplificado Edital n\u00ba 008\/2021 \u2013 SEAD e considerando a exist\u00eancia de d\u00e9ficits de professores nas unidades escolares pertencentes ao munic\u00edpio de <b>Ipor\u00e1<\/b>, jurisdicionado \u00e0 Coordena\u00e7\u00e3o Regional de Educa\u00e7\u00e3o (CRE) de Ipor\u00e1, informa que est\u00e1 recebendo curr\u00edculos para sele\u00e7\u00e3o e contrata\u00e7\u00e3o tempor\u00e1ria com natureza emergencial para atender aos interesses da Administra\u00e7\u00e3o, para ministrar aulas na disciplina de<b> Matem\u00e1tica (substitui\u00e7\u00e3o), na Estadual Edmo Teixeira, turnos vespertino e noturno.<\/b><\/p>\n<p style=\"text-align: justify\">Os interessados devem encaminhar Curr\u00edculo ao e-mail oficial da Coordena\u00e7\u00e3o Regional de Educa\u00e7\u00e3o (regional.ipora@seduc.go.gov.br), contendo os contatos telef\u00f4nicos e endere\u00e7os de e-mail para correspond\u00eancias eletr\u00f4nicas.<\/p>\n<p style=\"text-align: justify\">Oportunamente esclarece, que a Coordena\u00e7\u00e3o Regional de Educa\u00e7\u00e3o de Ipor\u00e1 instituir\u00e1 comiss\u00e3o pr\u00f3pria para as an\u00e1lises curriculares, que ser\u00e1 composta por integrante do Sindicato da categoria e membros da CRE, objetivando assim, a ado\u00e7\u00e3o de medidas e provid\u00eancias pertinentes ao suprimento de todos os d\u00e9ficits de professores existentes na Rede Estadual de Educa\u00e7\u00e3o, que garantam os servi\u00e7os prestados \u00e0 comunidade goiana.<\/p>\n<p style=\"text-align: center\">SEDUC\/GO<\/p>\n<hr \/>\n<h3 style=\"text-align: center\"><strong>COMUNICADO<\/strong><\/h3>\n<pre style=\"text-align: center\">Publica\u00e7\u00e3o: 08\/02\/2024\nEncerramento: 15\/02\/2024 \u00e0s 18h\n<\/pre>\n<p style=\"text-align: center\"><span style=\"color: red\"><strong>ENCERRADO<\/strong><\/span><\/p>\n<p style=\"text-align: justify\">O Governo do Estado de Goi\u00e1s, atrav\u00e9s da Secretaria de Estado da Educa\u00e7\u00e3o, diante da inexist\u00eancia de candidatos habilitados e remanescentes a serem convocados pelo Processo Seletivo Simplificado Edital n\u00ba 008\/2021 \u2013 SEAD e considerando a exist\u00eancia de d\u00e9ficits de professores nas unidades escolares pertencentes ao munic\u00edpio de <b>Ipor\u00e1<\/b>, jurisdicionado \u00e0 Coordena\u00e7\u00e3o Regional de Educa\u00e7\u00e3o (CRE) de Ipor\u00e1, informa que est\u00e1 recebendo curr\u00edculos para sele\u00e7\u00e3o e contrata\u00e7\u00e3o tempor\u00e1ria com natureza emergencial para atender aos interesses da Administra\u00e7\u00e3o, para ministrar aulas na disciplina <b>L\u00edngua Inglesa (substitui\u00e7\u00e3o), na Escola Estadual Israel de Amorim, turnos matutino e vespertino.<\/b><\/p>\n<p style=\"text-align: justify\">Os interessados devem encaminhar Curr\u00edculo ao e-mail oficial da Coordena\u00e7\u00e3o Regional de Educa\u00e7\u00e3o (regional.ipora@seduc.go.gov.br), contendo os contatos telef\u00f4nicos e endere\u00e7os de e-mail para correspond\u00eancias eletr\u00f4nicas.<\/p>\n<p style=\"text-align: justify\">Oportunamente esclarece, que a Coordena\u00e7\u00e3o Regional de Educa\u00e7\u00e3o de Ipor\u00e1 instituir\u00e1 comiss\u00e3o pr\u00f3pria para as an\u00e1lises curriculares, que ser\u00e1 composta por integrante do Sindicato da categoria e membros da CRE, objetivando assim, a ado\u00e7\u00e3o de medidas e provid\u00eancias pertinentes ao suprimento de todos os d\u00e9ficits de professores existentes na Rede Estadual de Educa\u00e7\u00e3o, que garantam os servi\u00e7os prestados \u00e0 comunidade goiana.<\/p>\n<p style=\"text-align: center\">SEDUC\/GO<\/p>\n<hr \/>\n<h3 style=\"text-align: center\"><strong>COMUNICADO<\/strong><\/h3>\n<pre style=\"text-align: center\">Publica\u00e7\u00e3o: 07\/11\/2023\nEncerramento: 10\/11\/2023 \u00e0s 18h<\/pre>\n<h3 align=\"center\"><span style=\"color: red\"><strong>ENCERRADO<\/strong><\/span><\/h3>\n<p style=\"text-align: justify\">O Governo do Estado de Goi\u00e1s, atrav\u00e9s da Secretaria de Estado da Educa\u00e7\u00e3o, diante da inexist\u00eancia de candidatos habilitados e remanescentes a serem convocados pelo Processo Seletivo Simplificado Edital n\u00ba 008\/2021 \u2013 SEAD e considerando a exist\u00eancia de d\u00e9ficits de professores nas unidades escolares pertencentes ao munic\u00edpio de <strong>Caiap\u00f4nia<\/strong>, jurisdicionado \u00e0 Coordena\u00e7\u00e3o Regional de Educa\u00e7\u00e3o (CRE) de Ipor\u00e1, informa que est\u00e1 recebendo curr\u00edculos para sele\u00e7\u00e3o e contrata\u00e7\u00e3o tempor\u00e1ria com natureza emergencial para atender aos interesses da Administra\u00e7\u00e3o, para ministrar aulas nas disciplinas de <strong>Hist\u00f3ria<\/strong>, no CEPI Nossa Senhora do Montesserrate, turno Integral.<\/p>\n<p style=\"text-align: justify\">Os interessados devem encaminhar Curr\u00edculo ao e-mail oficial da Coordena\u00e7\u00e3o Regional de Educa\u00e7\u00e3o (regional.ipora@seduc.go.gov.br), contendo os contatos telef\u00f4nicos e endere\u00e7os de e-mail para correspond\u00eancias eletr\u00f4nicas.<\/p>\n<p style=\"text-align: justify\">Oportunamente esclarece, que a Coordena\u00e7\u00e3o Regional de Educa\u00e7\u00e3o de Ipor\u00e1 instituir\u00e1 comiss\u00e3o pr\u00f3pria para as an\u00e1lises curriculares, que ser\u00e1 composta por integrante do Sindicato da categoria e membros da CRE, objetivando assim, a ado\u00e7\u00e3o de medidas e provid\u00eancias pertinentes ao suprimento de todos os d\u00e9ficits de professores existentes na Rede Estadual de Educa\u00e7\u00e3o, que garantam os servi\u00e7os prestados \u00e0 comunidade goiana.<\/p>\n<p style=\"text-align: center\">SEDUC\/GO<\/p>\n<hr \/>\n<h3 style=\"text-align: center\"><strong>COMUNICADO<\/strong><\/h3>\n<pre class=\"MsoNormal\" style=\"text-align: center;line-height: 115%\">Publica\u00e7\u00e3o: 26\/10\/2023\nEncerramento: 31\/10\/2023 \u00e0s 18h<\/pre>\n<h3 align=\"center\"><span style=\"color: red\"><strong>ENCERRADO<\/strong><\/span><\/h3>\n<p style=\"text-align: justify\">O Governo do Estado de Goi\u00e1s, atrav\u00e9s da Secretaria de Estado da Educa\u00e7\u00e3o, diante da inexist\u00eancia de candidatos habilitados e remanescentes a serem convocados pelo Processo Seletivo Simplificado Edital n\u00ba 008\/2021 \u2013 SEAD e considerando a exist\u00eancia de d\u00e9ficits de professores nas unidades escolares pertencentes ao munic\u00edpio de <strong>Caiap\u00f4nia<\/strong>, jurisdicionado \u00e0 Coordena\u00e7\u00e3o Regional de Educa\u00e7\u00e3o (CRE) de Ipor\u00e1, informa que est\u00e1 recebendo curr\u00edculos para sele\u00e7\u00e3o e contrata\u00e7\u00e3o tempor\u00e1ria com natureza emergencial para atender aos interesses da Administra\u00e7\u00e3o, para ministrar 24 aulas na disciplina de <strong>Matem\u00e1tica<\/strong> (substitui\u00e7\u00e3o), no Col\u00e9gio Estadual Previsto de Morais, nos turnos matutino e vespertino.<\/p>\n<p style=\"text-align: justify\">Os interessados devem encaminhar Curr\u00edculo ao e-mail oficial da Coordena\u00e7\u00e3o Regional de Educa\u00e7\u00e3o (regional.ipora@seduc.go.gov.br), contendo os contatos telef\u00f4nicos e endere\u00e7os de e-mail para correspond\u00eancias eletr\u00f4nicas.<\/p>\n<p style=\"text-align: justify\">Oportunamente esclarece, que a Coordena\u00e7\u00e3o Regional de Educa\u00e7\u00e3o de Ipor\u00e1 instituir\u00e1 comiss\u00e3o pr\u00f3pria para as an\u00e1lises curriculares, que ser\u00e1 composta por integrante do Sindicato da categoria e membros da CRE, objetivando assim, a ado\u00e7\u00e3o de medidas e provid\u00eancias pertinentes ao suprimento de todos os d\u00e9ficits de professores existentes na Rede Estadual de Educa\u00e7\u00e3o, que garantam os servi\u00e7os prestados \u00e0 comunidade goiana.<\/p>\n<p style=\"text-align: center\">SEDUC\/GO<\/p>\n<hr \/>\n<h3 align=\"center\"><strong>COMUNICADO<\/strong><\/h3>\n<pre style=\"text-align: center\">Publica\u00e7\u00e3o: 03\/10\/2023\nEncerramento: 06\/10\/2023 \u00e0s 18h<\/pre>\n<h3 align=\"center\"><span style=\"color: red\"><strong>ENCERRADO<\/strong><\/span><\/h3>\n<p style=\"text-align: justify\">O Governo do Estado de Goi\u00e1s, atrav\u00e9s da Secretaria de Estado da Educa\u00e7\u00e3o, diante da inexist\u00eancia de candidatos habilitados e remanescentes a serem convocados pelo Processo Seletivo Simplificado Edital n\u00ba 008\/2021 \u2013 SEAD e considerando a exist\u00eancia de d\u00e9ficits de professores nas unidades escolares pertencentes ao munic\u00edpio de <strong>Diorama<\/strong>, jurisdicionado \u00e0 Coordena\u00e7\u00e3o Regional de Educa\u00e7\u00e3o (CRE) de Ipor\u00e1, informa que est\u00e1 recebendo curr\u00edculos para sele\u00e7\u00e3o e contrata\u00e7\u00e3o tempor\u00e1ria com natureza emergencial para atender aos interesses da Administra\u00e7\u00e3o, para ministrar <strong>16 aulas nas disciplinas de L\u00edngua Portuguesa<\/strong> para o Col\u00e9gio Estadual Dona Eva,<strong> no turno vespertino. <\/strong><\/p>\n<p style=\"text-align: justify\">Os interessados devem encaminhar Curr\u00edculo ao e-mail oficial da Coordena\u00e7\u00e3o Regional de Educa\u00e7\u00e3o (regional.ipora@seduc.go.gov.br), contendo os <strong>contatos telef\u00f4nicos e endere\u00e7os de e-mail<\/strong> para correspond\u00eancias eletr\u00f4nicas.<\/p>\n<p style=\"text-align: justify\">Oportunamente esclarece, que a Coordena\u00e7\u00e3o Regional de Educa\u00e7\u00e3o de Ipor\u00e1 instituir\u00e1 comiss\u00e3o pr\u00f3pria para as an\u00e1lises curriculares, que ser\u00e1 composta por integrante do Sindicato da categoria e membros da CRE, objetivando assim, a ado\u00e7\u00e3o de medidas e provid\u00eancias pertinentes ao suprimento de todos os d\u00e9ficits de professores existentes na Rede Estadual de Educa\u00e7\u00e3o, que garantam os servi\u00e7os prestados \u00e0 comunidade goiana.<\/p>\n<p align=\"center\">SEDUC\/GO<\/p>\n<hr \/>\n<h3 align=\"center\"><strong>COMUNICADO<\/strong><\/h3>\n<pre style=\"text-align: center\">Publica\u00e7\u00e3o: 29\/09\/2023\nEncerramento: 04\/10\/2023 \u00e0s 18h<\/pre>\n<h3 align=\"center\"><span style=\"color: red\"><strong>ENCERRADO<\/strong><\/span><\/h3>\n<p style=\"text-align: justify\">O Governo do Estado de Goi\u00e1s, atrav\u00e9s da Secretaria de Estado da Educa\u00e7\u00e3o, diante da inexist\u00eancia de candidatos habilitados e remanescentes a serem convocados pelo Processo Seletivo Simplificado Edital n\u00ba 008\/2021 \u2013 SEAD e considerando a exist\u00eancia de d\u00e9ficits de professores nas unidades escolares pertencentes ao munic\u00edpio de <strong>Caiap\u00f4nia<\/strong>, jurisdicionado \u00e0 Coordena\u00e7\u00e3o Regional de Educa\u00e7\u00e3o (CRE) de Ipor\u00e1, informa que est\u00e1 recebendo curr\u00edculos para sele\u00e7\u00e3o e contrata\u00e7\u00e3o tempor\u00e1ria com natureza emergencial para atender aos interesses da Administra\u00e7\u00e3o, para ministrar <strong>24 aulas<\/strong> <strong>na disciplina de<\/strong> <strong>Educa\u00e7\u00e3o F\u00edsica, <\/strong>no Col\u00e9gio Estadual Previsto de Morais<strong>, nos turnos matutino e vespertino.<\/strong><\/p>\n<p style=\"text-align: justify\">Os interessados devem encaminhar Curr\u00edculo ao e-mail oficial da Coordena\u00e7\u00e3o Regional de Educa\u00e7\u00e3o (regional.ipora@seduc.go.gov.br), contendo os <strong>contatos telef\u00f4nicos e endere\u00e7os de e-mail<\/strong> para correspond\u00eancias eletr\u00f4nicas.<\/p>\n<p style=\"text-align: justify\">Oportunamente esclarece, que a Coordena\u00e7\u00e3o Regional de Educa\u00e7\u00e3o de Ipor\u00e1 instituir\u00e1 comiss\u00e3o pr\u00f3pria para as an\u00e1lises curriculares, que ser\u00e1 composta por integrante do Sindicato da categoria e membros da CRE, objetivando assim, a ado\u00e7\u00e3o de medidas e provid\u00eancias pertinentes ao suprimento de todos os d\u00e9ficits de professores existentes na Rede Estadual de Educa\u00e7\u00e3o, que garantam os servi\u00e7os prestados \u00e0 comunidade goiana.<\/p>\n<p align=\"center\">SEDUC\/GO<\/p>\n<hr \/>\n<h3 align=\"center\"><strong>COMUNICADO<\/strong><\/h3>\n<pre style=\"text-align: center\">Publica\u00e7\u00e3o: 28\/09\/2023\nEncerramento: 03\/10\/2023 \u00e0s 18h<\/pre>\n<h3 align=\"center\"><span style=\"color: red\"><strong>ENCERRADO<\/strong><\/span><\/h3>\n<p style=\"text-align: justify\">O Governo do Estado de Goi\u00e1s, atrav\u00e9s da Secretaria de Estado da Educa\u00e7\u00e3o, diante da inexist\u00eancia de candidatos habilitados e remanescentes a serem convocados pelo Processo Seletivo Simplificado Edital n\u00ba 008\/2021 \u2013 SEAD e considerando a exist\u00eancia de d\u00e9ficits de professores nas unidades escolares pertencentes ao munic\u00edpio de <strong>Caiap\u00f4nia<\/strong>, jurisdicionado \u00e0 Coordena\u00e7\u00e3o Regional de Educa\u00e7\u00e3o (CRE) de Ipor\u00e1, informa que est\u00e1 recebendo curr\u00edculos para sele\u00e7\u00e3o e contrata\u00e7\u00e3o tempor\u00e1ria com natureza emergencial para atender aos interesses da Administra\u00e7\u00e3o, para ministrar aulas nas disciplinas <strong>Pedagogia (atendimento domiciliar), carga hor\u00e1ria de 20h, <\/strong>lota\u00e7\u00e3o no CEPI Gercina Borges Teixeira<strong>, no turno vespertino. <\/strong><\/p>\n<p style=\"text-align: justify\">Os interessados devem encaminhar Curr\u00edculo ao e-mail oficial da Coordena\u00e7\u00e3o Regional de Educa\u00e7\u00e3o (regional.ipora@seduc.go.gov.br), contendo os <strong>contatos telef\u00f4nicos e endere\u00e7os de e-mail<\/strong> para correspond\u00eancias eletr\u00f4nicas.<\/p>\n<p style=\"text-align: justify\">Oportunamente esclarece, que a Coordena\u00e7\u00e3o Regional de Educa\u00e7\u00e3o de Ipor\u00e1 instituir\u00e1 comiss\u00e3o pr\u00f3pria para as an\u00e1lises curriculares, que ser\u00e1 composta por integrante do Sindicato da categoria e membros da CRE, objetivando assim, a ado\u00e7\u00e3o de medidas e provid\u00eancias pertinentes ao suprimento de todos os d\u00e9ficits de professores existentes na Rede Estadual de Educa\u00e7\u00e3o, que garantam os servi\u00e7os prestados \u00e0 comunidade goiana.<\/p>\n<p align=\"center\">SEDUC\/GO<\/p>\n<hr \/>\n<h3 align=\"center\"><strong>COMUNICADO<\/strong><\/h3>\n<pre style=\"text-align: center\">Publica\u00e7\u00e3o: 28\/09\/2023\nEncerramento: 03\/10\/2023 \u00e0s 18h<\/pre>\n<h3 align=\"center\"><span style=\"color: red\"><strong>ENCERRADO<\/strong><\/span><\/h3>\n<p style=\"text-align: justify\">O Governo do Estado de Goi\u00e1s, atrav\u00e9s da Secretaria de Estado da Educa\u00e7\u00e3o, diante da inexist\u00eancia de candidatos habilitados e remanescentes a serem convocados pelo Processo Seletivo Simplificado Edital n\u00ba 008\/2021 \u2013 SEAD e considerando a exist\u00eancia de d\u00e9ficits de professores nas unidades escolares pertencentes ao munic\u00edpio de <strong>Ipor\u00e1<\/strong>, jurisdicionado \u00e0 Coordena\u00e7\u00e3o Regional de Educa\u00e7\u00e3o (CRE) de Ipor\u00e1, informa que est\u00e1 recebendo curr\u00edculos para sele\u00e7\u00e3o e contrata\u00e7\u00e3o tempor\u00e1ria com natureza emergencial para atender aos interesses da Administra\u00e7\u00e3o, para ministrar <strong>16 aulas nas disciplinas de Matem\u00e1tica<\/strong> para o Col\u00e9gio Estadual Elias de Ara\u00fajo Rocha<strong>, no turno vespertino.<\/strong><\/p>\n<p style=\"text-align: justify\">Os interessados devem encaminhar Curr\u00edculo ao e-mail oficial da Coordena\u00e7\u00e3o Regional de Educa\u00e7\u00e3o (regional.ipora@seduc.go.gov.br), contendo os <strong>contatos telef\u00f4nicos e endere\u00e7os de e-mail<\/strong> para correspond\u00eancias eletr\u00f4nicas.<\/p>\n<p style=\"text-align: justify\">Oportunamente esclarece, que a Coordena\u00e7\u00e3o Regional de Educa\u00e7\u00e3o de Ipor\u00e1 instituir\u00e1 comiss\u00e3o pr\u00f3pria para as an\u00e1lises curriculares, que ser\u00e1 composta por integrante do Sindicato da categoria e membros da CRE, objetivando assim, a ado\u00e7\u00e3o de medidas e provid\u00eancias pertinentes ao suprimento de todos os d\u00e9ficits de professores existentes na Rede Estadual de Educa\u00e7\u00e3o, que garantam os servi\u00e7os prestados \u00e0 comunidade goiana.<\/p>\n<p align=\"center\">SEDUC\/GO<\/p>\n<hr \/>\n<h3 align=\"center\"><strong>COMUNICADO<\/strong><\/h3>\n<pre style=\"text-align: center\">Publica\u00e7\u00e3o: 28\/09\/2023\nEncerramento: 03\/10\/2023 \u00e0s 18h<\/pre>\n<h3 align=\"center\"><span style=\"color: red\"><strong>ENCERRADO<\/strong><\/span><\/h3>\n<p style=\"text-align: justify\">O Governo do Estado de Goi\u00e1s, atrav\u00e9s da Secretaria de Estado da Educa\u00e7\u00e3o, diante da inexist\u00eancia de candidatos habilitados e remanescentes a serem convocados pelo Processo Seletivo Simplificado Edital n\u00ba 008\/2021 \u2013 SEAD e considerando a exist\u00eancia de d\u00e9ficits de professores nas unidades escolares pertencentes ao munic\u00edpio de <strong>Caiap\u00f4nia<\/strong>, jurisdicionado \u00e0 Coordena\u00e7\u00e3o Regional de Educa\u00e7\u00e3o (CRE) de Ipor\u00e1, informa que est\u00e1 recebendo curr\u00edculos para sele\u00e7\u00e3o e contrata\u00e7\u00e3o tempor\u00e1ria com natureza emergencial para atender aos interesses da Administra\u00e7\u00e3o, para ministrar 24 aulas na disciplina de <strong>Matem\u00e1tica (substitui\u00e7\u00e3o), <\/strong>no Col\u00e9gio Estadual Previsto de Morais<strong>, nos turnos matutino e vespertino. <\/strong><\/p>\n<p style=\"text-align: justify\">Os interessados devem encaminhar Curr\u00edculo ao e-mail oficial da Coordena\u00e7\u00e3o Regional de Educa\u00e7\u00e3o (regional.ipora@seduc.go.gov.br), contendo os <strong>contatos telef\u00f4nicos e endere\u00e7os de e-mail<\/strong> para correspond\u00eancias eletr\u00f4nicas.<\/p>\n<p style=\"text-align: justify\">Oportunamente esclarece, que a Coordena\u00e7\u00e3o Regional de Educa\u00e7\u00e3o de Ipor\u00e1 instituir\u00e1 comiss\u00e3o pr\u00f3pria para as an\u00e1lises curriculares, que ser\u00e1 composta por integrante do Sindicato da categoria e membros da CRE, objetivando assim, a ado\u00e7\u00e3o de medidas e provid\u00eancias pertinentes ao suprimento de todos os d\u00e9ficits de professores existentes na Rede Estadual de Educa\u00e7\u00e3o, que garantam os servi\u00e7os prestados \u00e0 comunidade goiana.<\/p>\n<p align=\"center\">SEDUC\/GO<\/p>\n<hr \/>\n<h3 align=\"center\"><strong>COMUNICADO<\/strong><\/h3>\n<pre style=\"text-align: center\">Publica\u00e7\u00e3o: 25\/08\/2023\nEncerramento: 30\/08\/2023 \u00e0s 18h<\/pre>\n<h3 align=\"center\"><span style=\"color: red\"><strong>ENCERRADO<\/strong><\/span><\/h3>\n<p style=\"text-align: justify\">O Governo do Estado de Goi\u00e1s, atrav\u00e9s da Secretaria de Estado da Educa\u00e7\u00e3o, diante da inexist\u00eancia de candidatos habilitados e remanescentes a serem convocados pelo Processo Seletivo Simplificado Edital n\u00ba 008\/2021 \u2013 SEAD e considerando a exist\u00eancia de d\u00e9ficits de professores nas unidades escolares pertencentes ao munic\u00edpio de <strong>Ipor\u00e1<\/strong>, jurisdicionado \u00e0 Coordena\u00e7\u00e3o Regional de Educa\u00e7\u00e3o (CRE) de Ipor\u00e1, informa que est\u00e1 recebendo curr\u00edculos para sele\u00e7\u00e3o e contrata\u00e7\u00e3o tempor\u00e1ria com natureza emergencial para atender aos interesses da Administra\u00e7\u00e3o, para ministrar aulas na disciplina de <strong>Matem\u00e1tica<\/strong><strong>, no CEJA Dom Bosco, turno matutino e noturno.<\/strong><\/p>\n<p style=\"text-align: justify\">Os interessados devem encaminhar Curr\u00edculo ao e-mail oficial da Coordena\u00e7\u00e3o Regional de Educa\u00e7\u00e3o (regional.ipora@seduc.go.gov.br), contendo os <strong>contatos telef\u00f4nicos e endere\u00e7os de e-mail<\/strong> para correspond\u00eancias eletr\u00f4nicas.<\/p>\n<p style=\"text-align: justify\">Oportunamente esclarece, que a Coordena\u00e7\u00e3o Regional de Educa\u00e7\u00e3o de Ipor\u00e1 instituir\u00e1 comiss\u00e3o pr\u00f3pria para as an\u00e1lises curriculares, que ser\u00e1 composta por integrante do Sindicato da categoria e membros da CRE, objetivando assim, a ado\u00e7\u00e3o de medidas e provid\u00eancias pertinentes ao suprimento de todos os d\u00e9ficits de professores existentes na Rede Estadual de Educa\u00e7\u00e3o, que garantam os servi\u00e7os prestados \u00e0 comunidade goiana.<\/p>\n<p align=\"center\">SEDUC\/GO<\/p>\n<hr \/>\n<h3 align=\"center\"><strong>COMUNICADO<\/strong><\/h3>\n<pre style=\"text-align: center\">Publica\u00e7\u00e3o: 24\/08\/2023\nEncerramento: 29\/08\/2023 \u00e0s 18h<\/pre>\n<h3 align=\"center\"><span style=\"color: red\"><strong>ENCERRADO<\/strong><\/span><\/h3>\n<p style=\"text-align: justify\">O Governo do Estado de Goi\u00e1s, atrav\u00e9s da Secretaria de Estado da Educa\u00e7\u00e3o, diante da inexist\u00eancia de candidatos habilitados e remanescentes a serem convocados pelo Processo Seletivo Simplificado Edital n\u00ba 008\/2021 \u2013 SEAD e considerando a exist\u00eancia de d\u00e9ficits de professores nas unidades escolares pertencentes ao munic\u00edpio de <strong>Amorin\u00f3polis<\/strong>, jurisdicionado \u00e0 Coordena\u00e7\u00e3o Regional de Educa\u00e7\u00e3o (CRE) de Ipor\u00e1, informa que est\u00e1 recebendo curr\u00edculos para sele\u00e7\u00e3o e contrata\u00e7\u00e3o tempor\u00e1ria com natureza emergencial para atender aos interesses da Administra\u00e7\u00e3o, para ministrar aulas na disciplina de <strong>L\u00edngua Inglesa<\/strong> <strong>(Gradua\u00e7\u00e3o conclu\u00edda nessa \u00e1rea)<\/strong> para o Col\u00e9gio Estadual Professora Anal\u00edcia Cec\u00edlia Barbosa Silva<strong>, no turno matutino e vespertino.<\/strong><\/p>\n<p style=\"text-align: justify\">Os interessados devem encaminhar Curr\u00edculo ao e-mail oficial da Coordena\u00e7\u00e3o Regional de Educa\u00e7\u00e3o (regional.ipora@seduc.go.gov.br), contendo os <strong>contatos telef\u00f4nicos e endere\u00e7os de e-mail<\/strong> para correspond\u00eancias eletr\u00f4nicas.<\/p>\n<p style=\"text-align: justify\">Oportunamente esclarece, que a Coordena\u00e7\u00e3o Regional de Educa\u00e7\u00e3o de Ipor\u00e1 instituir\u00e1 comiss\u00e3o pr\u00f3pria para as an\u00e1lises curriculares, que ser\u00e1 composta por integrante do Sindicato da categoria e membros da CRE, objetivando assim, a ado\u00e7\u00e3o de medidas e provid\u00eancias pertinentes ao suprimento de todos os d\u00e9ficits de professores existentes na Rede Estadual de Educa\u00e7\u00e3o, que garantam os servi\u00e7os prestados \u00e0 comunidade goiana.<\/p>\n<p align=\"center\">SEDUC\/GO<\/p>\n<hr \/>\n<h3 align=\"center\"><strong>COMUNICADO<\/strong><\/h3>\n<pre style=\"text-align: center\">Publica\u00e7\u00e3o: 24\/08\/2023\nEncerramento: 29\/08\/2023 \u00e0s 18h<\/pre>\n<h3 align=\"center\"><span style=\"color: red\"><strong>ENCERRADO<\/strong><\/span><\/h3>\n<p style=\"text-align: justify\">O Governo do Estado de Goi\u00e1s, atrav\u00e9s da Secretaria de Estado da Educa\u00e7\u00e3o, diante da inexist\u00eancia de candidatos habilitados e remanescentes a serem convocados pelo Processo Seletivo Simplificado Edital n\u00ba 008\/2021 \u2013 SEAD e considerando a exist\u00eancia de d\u00e9ficits de professores nas unidades escolares pertencentes ao munic\u00edpio de <strong>Amorin\u00f3polis<\/strong>, jurisdicionado \u00e0 Coordena\u00e7\u00e3o Regional de Educa\u00e7\u00e3o (CRE) de Ipor\u00e1, informa que est\u00e1 recebendo curr\u00edculos para sele\u00e7\u00e3o e contrata\u00e7\u00e3o tempor\u00e1ria com natureza emergencial para atender aos interesses da Administra\u00e7\u00e3o, para <strong>Instrutor de Banda (Gradua\u00e7\u00e3o em M\u00fasica ou Cursos na \u00e1rea de m\u00fasica) <\/strong>para o Col\u00e9gio Estadual Professora Anal\u00edcia Cec\u00edlia Barbosa Silva<strong>, no turno matutino, vespertino e noturno.<\/strong><\/p>\n<p style=\"text-align: justify\">Os interessados devem encaminhar Curr\u00edculo ao e-mail oficial da Coordena\u00e7\u00e3o Regional de Educa\u00e7\u00e3o (regional.ipora@seduc.go.gov.br), contendo os <strong>contatos telef\u00f4nicos e endere\u00e7os de e-mail<\/strong> para correspond\u00eancias eletr\u00f4nicas.<\/p>\n<p style=\"text-align: justify\">Oportunamente esclarece, que a Coordena\u00e7\u00e3o Regional de Educa\u00e7\u00e3o de Ipor\u00e1 instituir\u00e1 comiss\u00e3o pr\u00f3pria para as an\u00e1lises curriculares, que ser\u00e1 composta por integrante do Sindicato da categoria e membros da CRE, objetivando assim, a ado\u00e7\u00e3o de medidas e provid\u00eancias pertinentes ao suprimento de todos os d\u00e9ficits de professores existentes na Rede Estadual de Educa\u00e7\u00e3o, que garantam os servi\u00e7os prestados \u00e0 comunidade goiana.<\/p>\n<p align=\"center\">SEDUC\/GO<\/p>\n<hr \/>\n<h3 align=\"center\"><strong>COMUNICADO<\/strong><\/h3>\n<pre style=\"text-align: center\">Publica\u00e7\u00e3o: 03\/08\/2023\nEncerramento: 08\/08\/2023 \u00e0s 18h<\/pre>\n<h3 align=\"center\"><span style=\"color: red\"><strong>ENCERRADO<\/strong><\/span><\/h3>\n<p style=\"text-align: justify\">O Governo do Estado de Goi\u00e1s, atrav\u00e9s da Secretaria de Estado da Educa\u00e7\u00e3o, diante da inexist\u00eancia de candidatos habilitados e remanescentes a serem convocados pelo Processo Seletivo Simplificado Edital n\u00ba 008\/2021 \u2013 SEAD e considerando a exist\u00eancia de d\u00e9ficits de professores nas unidades escolares pertencentes ao munic\u00edpio de <strong>Ipor\u00e1<\/strong>, jurisdicionado \u00e0 Coordena\u00e7\u00e3o Regional de Educa\u00e7\u00e3o (CRE) de Ipor\u00e1, informa que est\u00e1 recebendo curr\u00edculos para sele\u00e7\u00e3o e contrata\u00e7\u00e3o tempor\u00e1ria com natureza emergencial para atender aos interesses da Administra\u00e7\u00e3o, para ministrar aulas nas disciplina(s) \u00a0<strong>Int\u00e9rprete de L\u00edngua Brasileira de Sinais (Curso de Libras) <\/strong>para a Escola Estadual Ensino Especial do Munic\u00edpio de Ipor\u00e1<strong>, 30h no turno vespertino.<\/strong><\/p>\n<p style=\"text-align: justify\">Os interessados devem encaminhar Curr\u00edculo ao e-mail oficial da Coordena\u00e7\u00e3o Regional de Educa\u00e7\u00e3o (regional.ipora@seduc.go.gov.br), contendo os <strong>contatos telef\u00f4nicos e endere\u00e7os de e-mail<\/strong> para correspond\u00eancias eletr\u00f4nicas.<\/p>\n<p style=\"text-align: justify\">Oportunamente esclarece, que a Coordena\u00e7\u00e3o Regional de Educa\u00e7\u00e3o de Ipor\u00e1 instituir\u00e1 comiss\u00e3o pr\u00f3pria para as an\u00e1lises curriculares, que ser\u00e1 composta por integrante do Sindicato da categoria e membros da CRE, objetivando assim, a ado\u00e7\u00e3o de medidas e provid\u00eancias pertinentes ao suprimento de todos os d\u00e9ficits de professores existentes na Rede Estadual de Educa\u00e7\u00e3o, que garantam os servi\u00e7os prestados \u00e0 comunidade goiana.<\/p>\n<p align=\"center\">SEDUC\/GO<\/p>\n<hr \/>\n<h3 align=\"center\"><strong>COMUNICADO<\/strong><\/h3>\n<pre style=\"text-align: center\">Publica\u00e7\u00e3o: 03\/08\/2023\nEncerramento: 08\/08\/2023 \u00e0s 18h<\/pre>\n<h3 align=\"center\"><span style=\"color: red\"><strong>ENCERRADO<\/strong><\/span><\/h3>\n<p style=\"text-align: justify\">O Governo do Estado de Goi\u00e1s, atrav\u00e9s da Secretaria de Estado da Educa\u00e7\u00e3o, diante da inexist\u00eancia de candidatos habilitados e remanescentes a serem convocados pelo Processo Seletivo Simplificado Edital n\u00ba 008\/2021 \u2013 SEAD e considerando a exist\u00eancia de d\u00e9ficits de professores nas unidades escolares pertencentes ao munic\u00edpio de <strong>Jaupaci<\/strong>, jurisdicionado \u00e0 Coordena\u00e7\u00e3o Regional de Educa\u00e7\u00e3o (CRE) de Ipor\u00e1, informa que est\u00e1 recebendo curr\u00edculos para sele\u00e7\u00e3o e contrata\u00e7\u00e3o tempor\u00e1ria com natureza emergencial para atender aos interesses da Administra\u00e7\u00e3o, para ministrar aulas na disciplina <strong>Geografia (substitui\u00e7\u00e3o), <\/strong>no Col\u00e9gio Estadual Get\u00falio Vargas, turno <strong>matutino\/vespertino.<\/strong><\/p>\n<p style=\"text-align: justify\">Os interessados devem encaminhar Curr\u00edculo ao e-mail oficial da Coordena\u00e7\u00e3o Regional de Educa\u00e7\u00e3o (regional.ipora@seduc.go.gov.br), contendo os <strong>contatos telef\u00f4nicos e endere\u00e7os de e-mail<\/strong> para correspond\u00eancias eletr\u00f4nicas.<\/p>\n<p style=\"text-align: justify\">Oportunamente esclarece, que a Coordena\u00e7\u00e3o Regional de Educa\u00e7\u00e3o de Ipor\u00e1 instituir\u00e1 comiss\u00e3o pr\u00f3pria para as an\u00e1lises curriculares, que ser\u00e1 composta por integrante do Sindicato da categoria e membros da CRE, objetivando assim, a ado\u00e7\u00e3o de medidas e provid\u00eancias pertinentes ao suprimento de todos os d\u00e9ficits de professores existentes na Rede Estadual de Educa\u00e7\u00e3o, que garantam os servi\u00e7os prestados \u00e0 comunidade goiana.<\/p>\n<p align=\"center\">SEDUC\/GO<\/p>\n<hr \/>\n<h3 align=\"center\"><strong>COMUNICADO<\/strong><\/h3>\n<pre style=\"text-align: center\">Publica\u00e7\u00e3o: 03\/08\/2023\nEncerramento: 08\/08\/2023 \u00e0s 18h<\/pre>\n<h3 align=\"center\"><span style=\"color: red\"><strong>ENCERRADO<\/strong><\/span><\/h3>\n<p style=\"text-align: justify\">O Governo do Estado de Goi\u00e1s, atrav\u00e9s da Secretaria de Estado da Educa\u00e7\u00e3o, diante da inexist\u00eancia de candidatos habilitados e remanescentes a serem convocados pelo Processo Seletivo Simplificado Edital n\u00ba 008\/2021 \u2013 SEAD e considerando a exist\u00eancia de d\u00e9ficits de professores nas unidades escolares pertencentes ao munic\u00edpio de <strong>Israel\u00e2ndia<\/strong>, jurisdicionado \u00e0 Coordena\u00e7\u00e3o Regional de Educa\u00e7\u00e3o (CRE) de Ipor\u00e1, informa que est\u00e1 recebendo curr\u00edculos para sele\u00e7\u00e3o e contrata\u00e7\u00e3o tempor\u00e1ria com natureza emergencial para atender aos interesses da Administra\u00e7\u00e3o, para ministrar aulas na disciplina <strong>Ci\u00eancias Humanas e suas Tecnologias (substitui\u00e7\u00e3o) para Educa\u00e7\u00e3o de Jovens e Adultos \u2013 TEC Prisional, <\/strong>no Col\u00e9gio Estadual Maria Barreto, turno matutino<strong>.<\/strong><\/p>\n<p style=\"text-align: justify\">Os interessados devem encaminhar Curr\u00edculo ao e-mail oficial da Coordena\u00e7\u00e3o Regional de Educa\u00e7\u00e3o (regional.ipora@seduc.go.gov.br), contendo os <strong>contatos telef\u00f4nicos e endere\u00e7os de e-mail<\/strong> para correspond\u00eancias eletr\u00f4nicas.<\/p>\n<p style=\"text-align: justify\">Oportunamente esclarece, que a Coordena\u00e7\u00e3o Regional de Educa\u00e7\u00e3o de Ipor\u00e1 instituir\u00e1 comiss\u00e3o pr\u00f3pria para as an\u00e1lises curriculares, que ser\u00e1 composta por integrante do Sindicato da categoria e membros da CRE, objetivando assim, a ado\u00e7\u00e3o de medidas e provid\u00eancias pertinentes ao suprimento de todos os d\u00e9ficits de professores existentes na Rede Estadual de Educa\u00e7\u00e3o, que garantam os servi\u00e7os prestados \u00e0 comunidade goiana.<\/p>\n<p align=\"center\">SEDUC\/GO<\/p>\n<hr \/>\n<h3 align=\"center\"><strong>COMUNICADO<\/strong><\/h3>\n<pre style=\"text-align: center\">Publica\u00e7\u00e3o: 03\/08\/2023\nEncerramento: 08\/08\/2023 \u00e0s 18h<\/pre>\n<h3 align=\"center\"><span style=\"color: red\"><strong>ENCERRADO<\/strong><\/span><\/h3>\n<p style=\"text-align: justify\">O Governo do Estado de Goi\u00e1s, atrav\u00e9s da Secretaria de Estado da Educa\u00e7\u00e3o, diante da inexist\u00eancia de candidatos habilitados e remanescentes a serem convocados pelo Processo Seletivo Simplificado Edital n\u00ba 008\/2021 \u2013 SEAD e considerando a exist\u00eancia de d\u00e9ficits de professores nas unidades escolares pertencentes ao munic\u00edpio de <strong>Israel\u00e2ndia<\/strong>, jurisdicionado \u00e0 Coordena\u00e7\u00e3o Regional de Educa\u00e7\u00e3o (CRE) de Ipor\u00e1, informa que est\u00e1 recebendo curr\u00edculos para sele\u00e7\u00e3o e contrata\u00e7\u00e3o tempor\u00e1ria com natureza emergencial para atender aos interesses da Administra\u00e7\u00e3o, para ministrar aulas na disciplina <strong>Ci\u00eancias\/Biologia (substitui\u00e7\u00e3o), no Col\u00e9gio Estadual Maria Barreto, turnos vespertino e noturno.<\/strong><\/p>\n<p style=\"text-align: justify\">Os interessados devem encaminhar Curr\u00edculo ao e-mail oficial da Coordena\u00e7\u00e3o Regional de Educa\u00e7\u00e3o (regional.ipora@seduc.go.gov.br), contendo os <strong>contatos telef\u00f4nicos e endere\u00e7os de e-mail<\/strong> para correspond\u00eancias eletr\u00f4nicas.<\/p>\n<p style=\"text-align: justify\">Oportunamente esclarece, que a Coordena\u00e7\u00e3o Regional de Educa\u00e7\u00e3o de Ipor\u00e1 instituir\u00e1 comiss\u00e3o pr\u00f3pria para as an\u00e1lises curriculares, que ser\u00e1 composta por integrante do Sindicato da categoria e membros da CRE, objetivando assim, a ado\u00e7\u00e3o de medidas e provid\u00eancias pertinentes ao suprimento de todos os d\u00e9ficits de professores existentes na Rede Estadual de Educa\u00e7\u00e3o, que garantam os servi\u00e7os prestados \u00e0 comunidade goiana.<\/p>\n<p style=\"text-align: justify\">SEDUC\/GO<\/p>\n<hr \/>\n<h3 align=\"center\"><strong>COMUNICADO<\/strong><\/h3>\n<pre style=\"text-align: center\">Publica\u00e7\u00e3o: 03\/08\/2023\nEncerramento: 08\/08\/2023 \u00e0s 18h<\/pre>\n<h3 align=\"center\"><span style=\"color: red\"><strong>ENCERRADO<\/strong><\/span><\/h3>\n<p style=\"text-align: justify\">O Governo do Estado de Goi\u00e1s, atrav\u00e9s da Secretaria de Estado da Educa\u00e7\u00e3o, diante da inexist\u00eancia de candidatos habilitados e remanescentes a serem convocados pelo Processo Seletivo Simplificado Edital n\u00ba 008\/2021 \u2013 SEAD e considerando a exist\u00eancia de d\u00e9ficits de professores nas unidades escolares pertencentes ao munic\u00edpio de <strong>Ipor\u00e1<\/strong>, jurisdicionado \u00e0 Coordena\u00e7\u00e3o Regional de Educa\u00e7\u00e3o (CRE) de Ipor\u00e1, informa que est\u00e1 recebendo curr\u00edculos para sele\u00e7\u00e3o e contrata\u00e7\u00e3o tempor\u00e1ria com natureza emergencial para atender aos interesses da Administra\u00e7\u00e3o, para ministrar aulas nas disciplinas de <strong>L\u00edngua Portuguesa (Substitui\u00e7\u00e3o) <\/strong>para a Escola Estadual Edmo Teixeira<strong>, no turno matutino.<\/strong><\/p>\n<p style=\"text-align: justify\">Os interessados devem encaminhar Curr\u00edculo ao e-mail oficial da Coordena\u00e7\u00e3o Regional de Educa\u00e7\u00e3o (regional.ipora@seduc.go.gov.br), contendo os <strong>contatos telef\u00f4nicos e endere\u00e7os de e-mail<\/strong> para correspond\u00eancias eletr\u00f4nicas.<\/p>\n<p style=\"text-align: justify\">Oportunamente esclarece, que a Coordena\u00e7\u00e3o Regional de Educa\u00e7\u00e3o de Ipor\u00e1 instituir\u00e1 comiss\u00e3o pr\u00f3pria para as an\u00e1lises curriculares, que ser\u00e1 composta por integrante do Sindicato da categoria e membros da CRE, objetivando assim, a ado\u00e7\u00e3o de medidas e provid\u00eancias pertinentes ao suprimento de todos os d\u00e9ficits de professores existentes na Rede Estadual de Educa\u00e7\u00e3o, que garantam os servi\u00e7os prestados \u00e0 comunidade goiana.<\/p>\n<p align=\"center\">SEDUC\/GO<\/p>\n<hr \/>\n<h3 align=\"center\"><strong>COMUNICADO<\/strong><\/h3>\n<pre style=\"text-align: center\">Publica\u00e7\u00e3o: 01\/08\/2023\nEncerramento: 04\/08\/2023 \u00e0s 18h<\/pre>\n<h3 align=\"center\"><span style=\"color: red\"><strong>ENCERRADO<\/strong><\/span><\/h3>\n<p style=\"text-align: justify\">O Governo do Estado de Goi\u00e1s, atrav\u00e9s da Secretaria de Estado da Educa\u00e7\u00e3o, diante da inexist\u00eancia de candidatos habilitados e remanescentes a serem convocados pelo Processo Seletivo Simplificado Edital n\u00ba 008\/2021 \u2013 SEAD e considerando a exist\u00eancia de d\u00e9ficits de professores nas unidades escolares pertencentes ao munic\u00edpio de <strong>Palestina de Goi\u00e1s<\/strong>, jurisdicionado \u00e0 Coordena\u00e7\u00e3o Regional de Educa\u00e7\u00e3o (CRE) de Ipor\u00e1, informa que est\u00e1 recebendo curr\u00edculos para sele\u00e7\u00e3o e contrata\u00e7\u00e3o tempor\u00e1ria com natureza emergencial para atender aos interesses da Administra\u00e7\u00e3o, para ministrar aulas nas disciplinas de <strong>Matem\u00e1tica <\/strong>para o Col\u00e9gio Estadual Ana Algemira do Prado<strong>, no turno matutino. <\/strong><\/p>\n<p style=\"text-align: justify\">Os interessados devem encaminhar Curr\u00edculo ao e-mail oficial da Coordena\u00e7\u00e3o Regional de Educa\u00e7\u00e3o (regional.ipora@seduc.go.gov.br), contendo os <strong>contatos telef\u00f4nicos e endere\u00e7os de e-mail<\/strong> para correspond\u00eancias eletr\u00f4nicas.<\/p>\n<p style=\"text-align: justify\">Oportunamente esclarece, que a Coordena\u00e7\u00e3o Regional de Educa\u00e7\u00e3o de Ipor\u00e1 instituir\u00e1 comiss\u00e3o pr\u00f3pria para as an\u00e1lises curriculares, que ser\u00e1 composta por integrante do Sindicato da categoria e membros da CRE, objetivando assim, a ado\u00e7\u00e3o de medidas e provid\u00eancias pertinentes ao suprimento de todos os d\u00e9ficits de professores existentes na Rede Estadual de Educa\u00e7\u00e3o, que garantam os servi\u00e7os prestados \u00e0 comunidade goiana.<\/p>\n<p align=\"center\">SEDUC\/GO<\/p>\n<hr \/>\n<h3 align=\"center\"><strong>COMUNICADO<\/strong><\/h3>\n<pre style=\"text-align: center\">Publica\u00e7\u00e3o: 31\/07\/2023\nEncerramento: 03\/08\/2023 \u00e0s 18h<\/pre>\n<h3 align=\"center\"><span style=\"color: red\"><strong>ENCERRADO<\/strong><\/span><\/h3>\n<p style=\"text-align: justify\">O Governo do Estado de Goi\u00e1s, atrav\u00e9s da Secretaria de Estado da Educa\u00e7\u00e3o, diante da inexist\u00eancia de candidatos habilitados e remanescentes a serem convocados pelo Processo Seletivo Simplificado Edital n\u00ba 008\/2021 \u2013 SEAD e considerando a exist\u00eancia de d\u00e9ficits de professores nas unidades escolares pertencentes ao munic\u00edpio de <strong>Caiap\u00f4nia<\/strong>, jurisdicionado \u00e0 Coordena\u00e7\u00e3o Regional de Educa\u00e7\u00e3o (CRE) de Ipor\u00e1, informa que est\u00e1 recebendo curr\u00edculos para sele\u00e7\u00e3o e contrata\u00e7\u00e3o tempor\u00e1ria com natureza emergencial para atender aos interesses da Administra\u00e7\u00e3o, para ministrar aulas na disciplina de <strong>L\u00edngua Portuguesa, no Col\u00e9gio Estadual Previsto de Morais, turno vespertino.<\/strong><\/p>\n<p style=\"text-align: justify\">Os interessados devem encaminhar Curr\u00edculo ao e-mail oficial da Coordena\u00e7\u00e3o Regional de Educa\u00e7\u00e3o (regional.ipora@seduc.go.gov.br), contendo os <strong>contatos telef\u00f4nicos e endere\u00e7os de e-mail<\/strong> para correspond\u00eancias eletr\u00f4nicas.<\/p>\n<p style=\"text-align: justify\">Oportunamente esclarece, que a Coordena\u00e7\u00e3o Regional de Educa\u00e7\u00e3o de Ipor\u00e1 instituir\u00e1 comiss\u00e3o pr\u00f3pria para as an\u00e1lises curriculares, que ser\u00e1 composta por integrante do Sindicato da categoria e membros da CRE, objetivando assim, a ado\u00e7\u00e3o de medidas e provid\u00eancias pertinentes ao suprimento de todos os d\u00e9ficits de professores existentes na Rede Estadual de Educa\u00e7\u00e3o, que garantam os servi\u00e7os prestados \u00e0 comunidade goiana.<\/p>\n<p align=\"center\">SEDUC\/GO<\/p>\n<hr \/>\n<h3 align=\"center\"><strong>COMUNICADO<\/strong><\/h3>\n<pre style=\"text-align: center\">Publica\u00e7\u00e3o: 28\/07\/2023\nEncerramento: 02\/08\/2023 \u00e0s 18h<\/pre>\n<h3 align=\"center\"><span style=\"color: red\"><strong>ENCERRADO<\/strong><\/span><\/h3>\n<p style=\"text-align: justify\">O Governo do Estado de Goi\u00e1s, atrav\u00e9s da Secretaria de Estado da Educa\u00e7\u00e3o, diante da inexist\u00eancia de candidatos habilitados e remanescentes a serem convocados pelo Processo Seletivo Simplificado Edital n\u00ba 008\/2021 \u2013 SEAD e considerando a exist\u00eancia de d\u00e9ficits de professores nas unidades escolares pertencentes ao munic\u00edpio de <strong>Israel\u00e2ndia<\/strong>, jurisdicionado \u00e0 Coordena\u00e7\u00e3o Regional de Educa\u00e7\u00e3o (CRE) de Ipor\u00e1, informa que est\u00e1 recebendo curr\u00edculos para sele\u00e7\u00e3o e contrata\u00e7\u00e3o tempor\u00e1ria com natureza emergencial para atender aos interesses da Administra\u00e7\u00e3o, para ministrar aulas na disciplina de <strong>Matem\u00e1tica, no Col\u00e9gio Estadual Maria Barreto, turno vespertino.<\/strong><\/p>\n<p style=\"text-align: justify\">Os interessados devem encaminhar Curr\u00edculo ao e-mail oficial da Coordena\u00e7\u00e3o Regional de Educa\u00e7\u00e3o (regional.ipora@seduc.go.gov.br), contendo os <strong>contatos telef\u00f4nicos e endere\u00e7os de e-mail<\/strong> para correspond\u00eancias eletr\u00f4nicas.<\/p>\n<p style=\"text-align: justify\">Oportunamente esclarece, que a Coordena\u00e7\u00e3o Regional de Educa\u00e7\u00e3o de Ipor\u00e1 instituir\u00e1 comiss\u00e3o pr\u00f3pria para as an\u00e1lises curriculares, que ser\u00e1 composta por integrante do Sindicato da categoria e membros da CRE, objetivando assim, a ado\u00e7\u00e3o de medidas e provid\u00eancias pertinentes ao suprimento de todos os d\u00e9ficits de professores existentes na Rede Estadual de Educa\u00e7\u00e3o, que garantam os servi\u00e7os prestados \u00e0 comunidade goiana.<\/p>\n<p align=\"center\">SEDUC\/GO<\/p>\n<hr \/>\n<h3 align=\"center\"><strong>COMUNICADO<\/strong><\/h3>\n<pre style=\"text-align: center\">Publica\u00e7\u00e3o: 28\/07\/2023\nEncerramento: 02\/08\/2023 \u00e0s 18h<\/pre>\n<h3 align=\"center\"><span style=\"color: red\"><strong>ENCERRADO<\/strong><\/span><\/h3>\n<p style=\"text-align: justify\">O Governo do Estado de Goi\u00e1s, atrav\u00e9s da Secretaria de Estado da Educa\u00e7\u00e3o, diante da inexist\u00eancia de candidatos habilitados e remanescentes a serem convocados pelo Processo Seletivo Simplificado Edital n\u00ba 008\/2021 \u2013 SEAD e considerando a exist\u00eancia de d\u00e9ficits de professores nas unidades escolares pertencentes ao munic\u00edpio de <strong>Caiap\u00f4nia<\/strong>, jurisdicionado \u00e0 Coordena\u00e7\u00e3o Regional de Educa\u00e7\u00e3o (CRE) de Ipor\u00e1, informa que est\u00e1 recebendo curr\u00edculos para sele\u00e7\u00e3o e contrata\u00e7\u00e3o tempor\u00e1ria com natureza emergencial para atender aos interesses da Administra\u00e7\u00e3o, para ministrar aulas nas disciplinas de <strong>Matem\u00e1tica, no CEPI Nossa Senhora do Montesserrate, turno Integral.<\/strong><\/p>\n<p style=\"text-align: justify\">Os interessados devem encaminhar Curr\u00edculo ao e-mail oficial da Coordena\u00e7\u00e3o Regional de Educa\u00e7\u00e3o (regional.ipora@seduc.go.gov.br), contendo os <strong>contatos telef\u00f4nicos e endere\u00e7os de e-mail<\/strong> para correspond\u00eancias eletr\u00f4nicas.<\/p>\n<p style=\"text-align: justify\">Oportunamente esclarece, que a Coordena\u00e7\u00e3o Regional de Educa\u00e7\u00e3o de Ipor\u00e1 instituir\u00e1 comiss\u00e3o pr\u00f3pria para as an\u00e1lises curriculares, que ser\u00e1 composta por integrante do Sindicato da categoria e membros da CRE, objetivando assim, a ado\u00e7\u00e3o de medidas e provid\u00eancias pertinentes ao suprimento de todos os d\u00e9ficits de professores existentes na Rede Estadual de Educa\u00e7\u00e3o, que garantam os servi\u00e7os prestados \u00e0 comunidade goiana.<\/p>\n<p align=\"center\">SEDUC\/GO<\/p>\n<hr \/>\n<h3 align=\"center\"><strong>COMUNICADO<\/strong><\/h3>\n<pre style=\"text-align: center\">Publica\u00e7\u00e3o: 28\/07\/2023\nEncerramento: 02\/08\/2023 \u00e0s 18h<\/pre>\n<h3 align=\"center\"><span style=\"color: red\"><strong>ENCERRADO<\/strong><\/span><\/h3>\n<p style=\"text-align: justify\">O Governo do Estado de Goi\u00e1s, atrav\u00e9s da Secretaria de Estado da Educa\u00e7\u00e3o, diante da inexist\u00eancia de candidatos habilitados e remanescentes a serem convocados pelo Processo Seletivo Simplificado Edital n\u00ba 008\/2021 \u2013 SEAD e considerando a exist\u00eancia de d\u00e9ficits de professores nas unidades escolares pertencentes ao munic\u00edpio de <strong>Caiap\u00f4nia<\/strong>, jurisdicionado \u00e0 Coordena\u00e7\u00e3o Regional de Educa\u00e7\u00e3o (CRE) de Ipor\u00e1, informa que est\u00e1 recebendo curr\u00edculos para sele\u00e7\u00e3o e contrata\u00e7\u00e3o tempor\u00e1ria com natureza emergencial para atender aos interesses da Administra\u00e7\u00e3o, para ministrar aulas nas disciplinas de<strong> L\u00edngua Portuguesa, no CEPI Nossa Senhora do Montesserrate, turno Integral.<\/strong><\/p>\n<p style=\"text-align: justify\">Os interessados devem encaminhar Curr\u00edculo ao e-mail oficial da Coordena\u00e7\u00e3o Regional de Educa\u00e7\u00e3o (regional.ipora@seduc.go.gov.br), contendo os <strong>contatos telef\u00f4nicos e endere\u00e7os de e-mail<\/strong> para correspond\u00eancias eletr\u00f4nicas.<\/p>\n<p style=\"text-align: justify\">Oportunamente esclarece, que a Coordena\u00e7\u00e3o Regional de Educa\u00e7\u00e3o de Ipor\u00e1 instituir\u00e1 comiss\u00e3o pr\u00f3pria para as an\u00e1lises curriculares, que ser\u00e1 composta por integrante do Sindicato da categoria e membros da CRE, objetivando assim, a ado\u00e7\u00e3o de medidas e provid\u00eancias pertinentes ao suprimento de todos os d\u00e9ficits de professores existentes na Rede Estadual de Educa\u00e7\u00e3o, que garantam os servi\u00e7os prestados \u00e0 comunidade goiana.<\/p>\n<p align=\"center\">SEDUC\/GO<\/p>\n<hr \/>\n<h3 align=\"center\"><strong>COMUNICADO<\/strong><\/h3>\n<pre style=\"text-align: center\">Publica\u00e7\u00e3o: 28\/07\/2023\nEncerramento: 02\/08\/2023 \u00e0s 18h<\/pre>\n<h3 align=\"center\"><span style=\"color: red\"><strong>ENCERRADO<\/strong><\/span><\/h3>\n<p style=\"text-align: justify\">O Governo do Estado de Goi\u00e1s, atrav\u00e9s da Secretaria de Estado da Educa\u00e7\u00e3o, diante da inexist\u00eancia de candidatos habilitados e remanescentes a serem convocados pelo Processo Seletivo Simplificado Edital n\u00ba 008\/2021 \u2013 SEAD e considerando a exist\u00eancia de d\u00e9ficits de professores nas unidades escolares pertencentes ao munic\u00edpio de <strong>Amorin\u00f3polis<\/strong>, jurisdicionado \u00e0 Coordena\u00e7\u00e3o Regional de Educa\u00e7\u00e3o (CRE) de Ipor\u00e1, informa que est\u00e1 recebendo curr\u00edculos para sele\u00e7\u00e3o e contrata\u00e7\u00e3o tempor\u00e1ria com natureza emergencial para atender aos interesses da Administra\u00e7\u00e3o, para ministrar aulas nas disciplinas <strong>Professor de M\u00fasica (Arte ou Educa\u00e7\u00e3o F\u00edsica) para Banda <\/strong>para o Col\u00e9gio <span style=\"font-size: 12.0pt;font-family: 'Times New Roman',serif\">Estadual Professora Anal\u00edcia Cec\u00edlia Barbosa Silva<\/span>, <strong> no turno matutino, vespertino e noturno. <\/strong><\/p>\n<p style=\"text-align: justify\">Os interessados devem encaminhar Curr\u00edculo ao e-mail oficial da Coordena\u00e7\u00e3o Regional de Educa\u00e7\u00e3o (regional.ipora@seduc.go.gov.br), contendo os <strong>contatos telef\u00f4nicos e endere\u00e7os de e-mail<\/strong> para correspond\u00eancias eletr\u00f4nicas.<\/p>\n<p style=\"text-align: justify\">Oportunamente esclarece, que a Coordena\u00e7\u00e3o Regional de Educa\u00e7\u00e3o de Ipor\u00e1 instituir\u00e1 comiss\u00e3o pr\u00f3pria para as an\u00e1lises curriculares, que ser\u00e1 composta por integrante do Sindicato da categoria e membros da CRE, objetivando assim, a ado\u00e7\u00e3o de medidas e provid\u00eancias pertinentes ao suprimento de todos os d\u00e9ficits de professores existentes na Rede Estadual de Educa\u00e7\u00e3o, que garantam os servi\u00e7os prestados \u00e0 comunidade goiana.<\/p>\n<p align=\"center\">SEDUC\/GO<\/p>\n<hr \/>\n<h3 align=\"center\"><strong>COMUNICADO<\/strong><\/h3>\n<pre style=\"text-align: center\">Publica\u00e7\u00e3o: 21\/06\/2023\nEncerramento: 26\/06\/2023 \u00e0s 18h<\/pre>\n<h3 align=\"center\"><span style=\"color: red\"><strong>ENCERRADO<\/strong><\/span><\/h3>\n<p style=\"text-align: justify\">O Governo do Estado de Goi\u00e1s, atrav\u00e9s da Secretaria de Estado da Educa\u00e7\u00e3o, diante da inexist\u00eancia de candidatos habilitados e remanescentes a serem convocados pelo Processo Seletivo Simplificado Edital n\u00ba 008\/2021 \u2013 SEAD e considerando a exist\u00eancia de d\u00e9ficits de professores nas unidades escolares pertencentes ao munic\u00edpio de <strong>Amorin\u00f3polis<\/strong>, jurisdicionado \u00e0 Coordena\u00e7\u00e3o Regional de Educa\u00e7\u00e3o (CRE) de Ipor\u00e1, informa que est\u00e1 recebendo curr\u00edculos para sele\u00e7\u00e3o e contrata\u00e7\u00e3o tempor\u00e1ria com natureza emergencial para atender aos interesses da Administra\u00e7\u00e3o, para ministrar aulas nas disciplinas <strong>Professor de M\u00fasica Linha de Frente <\/strong>para o Col\u00e9gio Estadual Professora Anal\u00edcia Cec\u00edlia Barbosa Silva<strong>, no turno matutino e vespertino. <\/strong><\/p>\n<p style=\"text-align: justify\">Os interessados devem encaminhar Curr\u00edculo ao e-mail oficial da Coordena\u00e7\u00e3o Regional de Educa\u00e7\u00e3o (regional.ipora@seduc.go.gov.br), contendo os <strong>contatos telef\u00f4nicos e endere\u00e7os de e-mail<\/strong> para correspond\u00eancias eletr\u00f4nicas.<\/p>\n<p style=\"text-align: justify\">Oportunamente esclarece, que a Coordena\u00e7\u00e3o Regional de Educa\u00e7\u00e3o de Ipor\u00e1 instituir\u00e1 comiss\u00e3o pr\u00f3pria para as an\u00e1lises curriculares, que ser\u00e1 composta por integrante do Sindicato da categoria e membros da CRE, objetivando assim, a ado\u00e7\u00e3o de medidas e provid\u00eancias pertinentes ao suprimento de todos os d\u00e9ficits de professores existentes na Rede Estadual de Educa\u00e7\u00e3o, que garantam os servi\u00e7os prestados \u00e0 comunidade goiana.<\/p>\n<p align=\"center\">SEDUC\/GO<\/p>\n<hr \/>\n<h3 align=\"center\"><strong>COMUNICADO<\/strong><\/h3>\n<pre style=\"text-align: center\">Publica\u00e7\u00e3o: 06\/06\/2023\nEncerramento: 13\/06\/2023 \u00e0s 18h<\/pre>\n<h3 align=\"center\"><span style=\"color: red\"><strong>ENCERRADO<\/strong><\/span><\/h3>\n<p style=\"text-align: justify\">O Governo do Estado de Goi\u00e1s, atrav\u00e9s da Secretaria de Estado da Educa\u00e7\u00e3o, diante da inexist\u00eancia de candidatos habilitados e remanescentes a serem convocados pelo Processo Seletivo Simplificado Edital n\u00ba 008\/2021 \u2013 SEAD e considerando a exist\u00eancia de d\u00e9ficits de professores nas unidades escolares pertencentes ao munic\u00edpio de <strong>Amorin\u00f3polis<\/strong>, jurisdicionado \u00e0 Coordena\u00e7\u00e3o Regional de Educa\u00e7\u00e3o (CRE) de Ipor\u00e1, informa que est\u00e1 recebendo curr\u00edculos para sele\u00e7\u00e3o e contrata\u00e7\u00e3o tempor\u00e1ria com natureza emergencial para atender aos interesses da Administra\u00e7\u00e3o, para ministrar aulas nas disciplinas <strong>Professor de M\u00fasica, Banda (Linha de Frente) <\/strong>para o Col\u00e9gio Estadual Professora Anal\u00edcia Cec\u00edlia Barbosa Silva<strong>, no turno matutino e vespertino. <\/strong><\/p>\n<p style=\"text-align: justify\">Os interessados devem encaminhar Curr\u00edculo ao e-mail oficial da Coordena\u00e7\u00e3o Regional de Educa\u00e7\u00e3o (regional.ipora@seduc.go.gov.br), contendo os <strong>contatos telef\u00f4nicos e endere\u00e7os de e-mail<\/strong> para correspond\u00eancias eletr\u00f4nicas.<\/p>\n<p style=\"text-align: justify\">Oportunamente esclarece, que a Coordena\u00e7\u00e3o Regional de Educa\u00e7\u00e3o de Ipor\u00e1 instituir\u00e1 comiss\u00e3o pr\u00f3pria para as an\u00e1lises curriculares, que ser\u00e1 composta por integrante do Sindicato da categoria e membros da CRE, objetivando assim, a ado\u00e7\u00e3o de medidas e provid\u00eancias pertinentes ao suprimento de todos os d\u00e9ficits de professores existentes na Rede Estadual de Educa\u00e7\u00e3o, que garantam os servi\u00e7os prestados \u00e0 comunidade goiana.<\/p>\n<p align=\"center\">SEDUC\/GO<\/p>\n<hr \/>\n<h3 align=\"center\"><strong>COMUNICADO<\/strong><\/h3>\n<pre style=\"text-align: center\">Publica\u00e7\u00e3o: 06\/06\/2023\nEncerramento: 13\/06\/2023 \u00e0s 18h<\/pre>\n<h3 align=\"center\"><span style=\"color: red\"><strong>ENCERRADO<\/strong><\/span><\/h3>\n<p style=\"text-align: justify\">O Governo do Estado de Goi\u00e1s, atrav\u00e9s da Secretaria de Estado da Educa\u00e7\u00e3o, diante da inexist\u00eancia de candidatos habilitados e remanescentes a serem convocados pelo Processo Seletivo Simplificado Edital n\u00ba 008\/2021 \u2013 SEAD e considerando a exist\u00eancia de d\u00e9ficits de professores nas unidades escolares pertencentes ao munic\u00edpio de <strong>Palestina de Goi\u00e1s<\/strong>, jurisdicionado \u00e0 Coordena\u00e7\u00e3o Regional de Educa\u00e7\u00e3o (CRE) de Ipor\u00e1, informa que est\u00e1 recebendo curr\u00edculos para sele\u00e7\u00e3o e contrata\u00e7\u00e3o tempor\u00e1ria com natureza emergencial para atender aos interesses da Administra\u00e7\u00e3o, para ministrar aulas nas disciplina(s) \u00a0<strong>Int\u00e9rprete de L\u00edngua Brasileira de Sinais (Curso de Libras) <\/strong>para a Escola Estadual Ana Algemira do Prado<strong>, 30h no turno matutino.<\/strong><\/p>\n<p style=\"text-align: justify\">Os interessados devem encaminhar Curr\u00edculo ao e-mail oficial da Coordena\u00e7\u00e3o Regional de Educa\u00e7\u00e3o (regional.ipora@seduc.go.gov.br), contendo os <strong>contatos telef\u00f4nicos e endere\u00e7os de e-mail<\/strong> para correspond\u00eancias eletr\u00f4nicas.<\/p>\n<p style=\"text-align: justify\">Oportunamente esclarece, que a Coordena\u00e7\u00e3o Regional de Educa\u00e7\u00e3o de Ipor\u00e1 instituir\u00e1 comiss\u00e3o pr\u00f3pria para as an\u00e1lises curriculares, que ser\u00e1 composta por integrante do Sindicato da categoria e membros da CRE, objetivando assim, a ado\u00e7\u00e3o de medidas e provid\u00eancias pertinentes ao suprimento de todos os d\u00e9ficits de professores existentes na Rede Estadual de Educa\u00e7\u00e3o, que garantam os servi\u00e7os prestados \u00e0 comunidade goiana.<\/p>\n<p align=\"center\">SEDUC\/GO<\/p>\n<hr \/>\n<h3 align=\"center\"><strong>COMUNICADO<\/strong><\/h3>\n<pre style=\"text-align: center\">Publica\u00e7\u00e3o: 31\/05\/2023\nEncerramento: 05\/06\/2023 \u00e0s 18h<\/pre>\n<h3 align=\"center\"><span style=\"color: red\"><strong>ENCERRADO<\/strong><\/span><\/h3>\n<p style=\"text-align: justify\">O Governo do Estado de Goi\u00e1s, atrav\u00e9s da Secretaria de Estado da Educa\u00e7\u00e3o, diante da inexist\u00eancia de candidatos habilitados e remanescentes a serem convocados pelo Processo Seletivo Simplificado Edital n\u00ba 008\/2021 \u2013 SEAD e considerando a exist\u00eancia de d\u00e9ficits de professores nas unidades escolares pertencentes ao munic\u00edpio de <strong>Ipor\u00e1<\/strong>, jurisdicionado \u00e0 Coordena\u00e7\u00e3o Regional de Educa\u00e7\u00e3o (CRE) de Ipor\u00e1, informa que est\u00e1 recebendo curr\u00edculos para sele\u00e7\u00e3o e contrata\u00e7\u00e3o tempor\u00e1ria com natureza emergencial para atender aos interesses da Administra\u00e7\u00e3o, para ministrar aulas nas disciplinas <strong>L\u00edngua Portuguesa e L\u00edngua Inglesa, no CEPI Os\u00f3rio Raimundo de Lima, turno integral.<\/strong><\/p>\n<p style=\"text-align: justify\">Os interessados devem encaminhar Curr\u00edculo ao e-mail oficial da Coordena\u00e7\u00e3o Regional de Educa\u00e7\u00e3o (regional.ipora@seduc.go.gov.br), contendo os <strong>contatos telef\u00f4nicos e endere\u00e7os de e-mail<\/strong> para correspond\u00eancias eletr\u00f4nicas.<\/p>\n<p style=\"text-align: justify\">Oportunamente esclarece, que a Coordena\u00e7\u00e3o Regional de Educa\u00e7\u00e3o de Ipor\u00e1 instituir\u00e1 comiss\u00e3o pr\u00f3pria para as an\u00e1lises curriculares, que ser\u00e1 composta por integrante do Sindicato da categoria e membros da CRE, objetivando assim, a ado\u00e7\u00e3o de medidas e provid\u00eancias pertinentes ao suprimento de todos os d\u00e9ficits de professores existentes na Rede Estadual de Educa\u00e7\u00e3o, que garantam os servi\u00e7os prestados \u00e0 comunidade goiana.<\/p>\n<p align=\"center\">SEDUC\/GO<\/p>\n<hr \/>\n<h3 align=\"center\"><strong>COMUNICADO<\/strong><\/h3>\n<pre style=\"text-align: center\">Publica\u00e7\u00e3o: 26\/05\/2023\nEncerramento: 31\/05\/2023 \u00e0s 18h<\/pre>\n<h3 align=\"center\"><span style=\"color: red\"><strong>ENCERRADO<\/strong><\/span><\/h3>\n<p style=\"text-align: justify\">O Governo do Estado de Goi\u00e1s, atrav\u00e9s da Secretaria de Estado da Educa\u00e7\u00e3o, diante da inexist\u00eancia de candidatos habilitados e remanescentes a serem convocados pelo Processo Seletivo Simplificado Edital n\u00ba 008\/2021 \u2013 SEAD e considerando a exist\u00eancia de d\u00e9ficits de professores nas unidades escolares pertencentes ao munic\u00edpio de <strong>Israel\u00e2ndia<\/strong>, jurisdicionado \u00e0 Coordena\u00e7\u00e3o Regional de Educa\u00e7\u00e3o (CRE) de Ipor\u00e1, informa que est\u00e1 recebendo curr\u00edculos para sele\u00e7\u00e3o e contrata\u00e7\u00e3o tempor\u00e1ria com natureza emergencial para atender aos interesses da Administra\u00e7\u00e3o, para ministrar aulas na disciplina <strong>Geografia, no Col\u00e9gio Estadual Maria Barreto, turnos vespertino e noturno.<\/strong><\/p>\n<p style=\"text-align: justify\">Os interessados devem encaminhar Curr\u00edculo ao e-mail oficial da Coordena\u00e7\u00e3o Regional de Educa\u00e7\u00e3o (regional.ipora@seduc.go.gov.br), contendo os <strong>contatos telef\u00f4nicos e endere\u00e7os de e-mail<\/strong> para correspond\u00eancias eletr\u00f4nicas.<\/p>\n<p style=\"text-align: justify\">Oportunamente esclarece, que a Coordena\u00e7\u00e3o Regional de Educa\u00e7\u00e3o de Ipor\u00e1 instituir\u00e1 comiss\u00e3o pr\u00f3pria para as an\u00e1lises curriculares, que ser\u00e1 composta por integrante do Sindicato da categoria e membros da CRE, objetivando assim, a ado\u00e7\u00e3o de medidas e provid\u00eancias pertinentes ao suprimento de todos os d\u00e9ficits de professores existentes na Rede Estadual de Educa\u00e7\u00e3o, que garantam os servi\u00e7os prestados \u00e0 comunidade goiana.<\/p>\n<p align=\"center\">SEDUC\/GO<\/p>\n<hr \/>\n<h3 align=\"center\"><strong>COMUNICADO<\/strong><\/h3>\n<pre style=\"text-align: center\">Publica\u00e7\u00e3o: 26\/05\/2023\nEncerramento: 31\/05\/2023 \u00e0s 18h<\/pre>\n<h3 align=\"center\"><span style=\"color: red\"><strong>ENCERRADO<\/strong><\/span><\/h3>\n<p style=\"text-align: justify\">O Governo do Estado de Goi\u00e1s, atrav\u00e9s da Secretaria de Estado da Educa\u00e7\u00e3o, diante da inexist\u00eancia de candidatos habilitados e remanescentes a serem convocados pelo Processo Seletivo Simplificado Edital n\u00ba 008\/2021 \u2013 SEAD e considerando a exist\u00eancia de d\u00e9ficits de professores nas unidades escolares pertencentes ao munic\u00edpio de <strong>Palestina de Goi\u00e1s<\/strong>, jurisdicionado \u00e0 Coordena\u00e7\u00e3o Regional de Educa\u00e7\u00e3o (CRE) de Ipor\u00e1, informa que est\u00e1 recebendo curr\u00edculos para sele\u00e7\u00e3o e contrata\u00e7\u00e3o tempor\u00e1ria com natureza emergencial para atender aos interesses da Administra\u00e7\u00e3o, para ministrar aulas nas disciplina(s) \u00a0<strong>Int\u00e9rprete de L\u00edngua Brasileira de Sinais (Curso de Libras) <\/strong>para a Escola Estadual Ana Algemira do Prado<strong>, 30h no turno matutino.<\/strong><\/p>\n<p style=\"text-align: justify\">Os interessados devem encaminhar Curr\u00edculo ao e-mail oficial da Coordena\u00e7\u00e3o Regional de Educa\u00e7\u00e3o (regional.ipora@seduc.go.gov.br), contendo os <strong>contatos telef\u00f4nicos e endere\u00e7os de e-mail<\/strong> para correspond\u00eancias eletr\u00f4nicas.<\/p>\n<p style=\"text-align: justify\">Oportunamente esclarece, que a Coordena\u00e7\u00e3o Regional de Educa\u00e7\u00e3o de Ipor\u00e1 instituir\u00e1 comiss\u00e3o pr\u00f3pria para as an\u00e1lises curriculares, que ser\u00e1 composta por integrante do Sindicato da categoria e membros da CRE, objetivando assim, a ado\u00e7\u00e3o de medidas e provid\u00eancias pertinentes ao suprimento de todos os d\u00e9ficits de professores existentes na Rede Estadual de Educa\u00e7\u00e3o, que garantam os servi\u00e7os prestados \u00e0 comunidade goiana.<\/p>\n<p align=\"center\">SEDUC\/GO<\/p>\n<hr \/>\n<h3 align=\"center\"><strong>COMUNICADO<\/strong><\/h3>\n<pre style=\"text-align: center\">Publica\u00e7\u00e3o: 24\/04\/2023\nEncerramento: 27\/04\/2023 \u00e0s 18h<\/pre>\n<h3 align=\"center\"><span style=\"color: red\"><strong>ENCERRADO<\/strong><\/span><\/h3>\n<p style=\"text-align: justify\">O Governo do Estado de Goi\u00e1s, atrav\u00e9s da Secretaria de Estado da Educa\u00e7\u00e3o, diante da inexist\u00eancia de candidatos habilitados e remanescentes a serem convocados pelo Processo Seletivo Simplificado Edital n\u00ba 008\/2021 \u2013 SEAD e considerando a exist\u00eancia de d\u00e9ficits de professores nas unidades escolares pertencentes ao munic\u00edpio de <strong>Ipor\u00e1<\/strong>, jurisdicionado \u00e0 Coordena\u00e7\u00e3o Regional de Educa\u00e7\u00e3o (CRE) de Ipor\u00e1, informa que est\u00e1 recebendo curr\u00edculos para sele\u00e7\u00e3o e contrata\u00e7\u00e3o tempor\u00e1ria com natureza emergencial para atender aos interesses da Administra\u00e7\u00e3o, para ministrar aulas nas disciplina(s) <strong>Int\u00e9rprete de L\u00edngua Brasileira de Sinais <\/strong>para a Escola Estadual Edmo Teixeira<strong>, 30h no turno matutino.<\/strong><\/p>\n<p style=\"text-align: justify\">Os interessados devem encaminhar Curr\u00edculo ao e-mail oficial da Coordena\u00e7\u00e3o Regional de Educa\u00e7\u00e3o (regional.ipora@seduc.go.gov.br), contendo os <strong>contatos telef\u00f4nicos e endere\u00e7os de e-mail<\/strong> para correspond\u00eancias eletr\u00f4nicas.<\/p>\n<p style=\"text-align: justify\">Oportunamente esclarece, que a Coordena\u00e7\u00e3o Regional de Educa\u00e7\u00e3o de Ipor\u00e1 instituir\u00e1 comiss\u00e3o pr\u00f3pria para as an\u00e1lises curriculares, que ser\u00e1 composta por integrante do Sindicato da categoria e membros da CRE, objetivando assim, a ado\u00e7\u00e3o de medidas e provid\u00eancias pertinentes ao suprimento de todos os d\u00e9ficits de professores existentes na Rede Estadual de Educa\u00e7\u00e3o, que garantam os servi\u00e7os prestados \u00e0 comunidade goiana.<\/p>\n<p align=\"center\">SEDUC\/GO<\/p>\n<hr \/>\n<h3 align=\"center\"><strong>COMUNICADO<\/strong><\/h3>\n<pre style=\"text-align: center\">Publica\u00e7\u00e3o: 18\/04\/2023\nEncerramento: 24\/04\/2023 \u00e0s 18h<\/pre>\n<h3 align=\"center\"><span style=\"color: red\"><strong>ENCERRADO<\/strong><\/span><\/h3>\n<p style=\"text-align: justify\">O Governo do Estado de Goi\u00e1s, atrav\u00e9s da Secretaria de Estado da Educa\u00e7\u00e3o, diante da inexist\u00eancia de candidatos habilitados e remanescentes a serem convocados pelo Processo Seletivo Simplificado Edital n\u00ba 008\/2021 \u2013 SEAD e considerando a exist\u00eancia de d\u00e9ficits de professores nas unidades escolares pertencentes ao munic\u00edpio de <strong>Caiap\u00f4nia<\/strong>, jurisdicionado \u00e0 Coordena\u00e7\u00e3o Regional de Educa\u00e7\u00e3o (CRE) de Ipor\u00e1, informa que est\u00e1 recebendo curr\u00edculos para sele\u00e7\u00e3o e contrata\u00e7\u00e3o tempor\u00e1ria com natureza emergencial para atender aos interesses da Administra\u00e7\u00e3o, na \u00e1rea de <strong>Pedagogia para Coordenador Pedag\u00f3gico, <\/strong>no CEPI Nossa Senhora do Montesserrate<strong>, turno Integral. <\/strong><\/p>\n<p style=\"text-align: justify\">Os interessados devem encaminhar Curr\u00edculo ao e-mail oficial da Coordena\u00e7\u00e3o Regional de Educa\u00e7\u00e3o (regional.ipora@seduc.go.gov.br), contendo os <strong>contatos telef\u00f4nicos e endere\u00e7os de e-mail<\/strong> para correspond\u00eancias eletr\u00f4nicas.<\/p>\n<p style=\"text-align: justify\">Oportunamente esclarece, que a Coordena\u00e7\u00e3o Regional de Educa\u00e7\u00e3o de Ipor\u00e1 instituir\u00e1 comiss\u00e3o pr\u00f3pria para as an\u00e1lises curriculares, que ser\u00e1 composta por integrante do Sindicato da categoria e membros da CRE, objetivando assim, a ado\u00e7\u00e3o de medidas e provid\u00eancias pertinentes ao suprimento de todos os d\u00e9ficits de professores existentes na Rede Estadual de Educa\u00e7\u00e3o, que garantam os servi\u00e7os prestados \u00e0 comunidade goiana.<\/p>\n<p align=\"center\">SEDUC\/GO<\/p>\n<hr \/>\n<h3 align=\"center\"><strong>COMUNICADO<\/strong><\/h3>\n<pre style=\"text-align: center\">Publica\u00e7\u00e3o: 18\/04\/2023\nEncerramento: 24\/04\/2023 \u00e0s 18h<\/pre>\n<h3 align=\"center\"><span style=\"color: red\"><strong>ENCERRADO<\/strong><\/span><\/h3>\n<p style=\"text-align: justify\">O Governo do Estado de Goi\u00e1s, atrav\u00e9s da Secretaria de Estado da Educa\u00e7\u00e3o, diante da inexist\u00eancia de candidatos habilitados e remanescentes a serem convocados pelo Processo Seletivo Simplificado Edital n\u00ba 008\/2021 \u2013 SEAD e considerando a exist\u00eancia de d\u00e9ficits de professores nas unidades escolares pertencentes ao munic\u00edpio de <strong>Palestina de Goi\u00e1s<\/strong>, jurisdicionado \u00e0 Coordena\u00e7\u00e3o Regional de Educa\u00e7\u00e3o (CRE) de Ipor\u00e1, informa que est\u00e1 recebendo curr\u00edculos para sele\u00e7\u00e3o e contrata\u00e7\u00e3o tempor\u00e1ria com natureza emergencial para atender aos interesses da Administra\u00e7\u00e3o, para ministrar aulas na disciplina <strong>Geografia <\/strong>para o Col\u00e9gio Estadual Ana Algemira do Prado<strong>, nos turnos matutino e vespertino.<\/strong><\/p>\n<p style=\"text-align: justify\">Os interessados devem encaminhar Curr\u00edculo ao e-mail oficial da Coordena\u00e7\u00e3o Regional de Educa\u00e7\u00e3o (regional.ipora@seduc.go.gov.br), contendo os <strong>contatos telef\u00f4nicos e endere\u00e7os de e-mail<\/strong> para correspond\u00eancias eletr\u00f4nicas.<\/p>\n<p style=\"text-align: justify\">Oportunamente esclarece, que a Coordena\u00e7\u00e3o Regional de Educa\u00e7\u00e3o de Ipor\u00e1 instituir\u00e1 comiss\u00e3o pr\u00f3pria para as an\u00e1lises curriculares, que ser\u00e1 composta por integrante do Sindicato da categoria e membros da CRE, objetivando assim, a ado\u00e7\u00e3o de medidas e provid\u00eancias pertinentes ao suprimento de todos os d\u00e9ficits de professores existentes na Rede Estadual de Educa\u00e7\u00e3o, que garantam os servi\u00e7os prestados \u00e0 comunidade goiana.<\/p>\n<p align=\"center\">SEDUC\/GO<\/p>\n<hr \/>\n<h3 align=\"center\"><strong>COMUNICADO<\/strong><\/h3>\n<pre style=\"text-align: center\">Publica\u00e7\u00e3o: 18\/04\/2023\nEncerramento: 24\/04\/2023 \u00e0s 18h<\/pre>\n<h3 align=\"center\"><span style=\"color: red\"><strong>ENCERRADO<\/strong><\/span><\/h3>\n<p style=\"text-align: justify\">O Governo do Estado de Goi\u00e1s, atrav\u00e9s da Secretaria de Estado da Educa\u00e7\u00e3o, diante da inexist\u00eancia de candidatos habilitados e remanescentes a serem convocados pelo Processo Seletivo Simplificado Edital n\u00ba 008\/2021 \u2013 SEAD e considerando a exist\u00eancia de d\u00e9ficits de professores nas unidades escolares pertencentes ao munic\u00edpio de <strong>Palestina de Goi\u00e1s<\/strong>, jurisdicionado \u00e0 Coordena\u00e7\u00e3o Regional de Educa\u00e7\u00e3o (CRE) de Ipor\u00e1, informa que est\u00e1 recebendo curr\u00edculos para sele\u00e7\u00e3o e contrata\u00e7\u00e3o tempor\u00e1ria com natureza emergencial para atender aos interesses da Administra\u00e7\u00e3o, para ministrar aulas na disciplina <strong>Matem\u00e1tica <\/strong>para o Col\u00e9gio Estadual Ana Algemira do Prado<strong>, nos turnos matutino e vespertino.<\/strong><\/p>\n<p style=\"text-align: justify\">Os interessados devem encaminhar Curr\u00edculo ao e-mail oficial da Coordena\u00e7\u00e3o Regional de Educa\u00e7\u00e3o (regional.ipora@seduc.go.gov.br), contendo os <strong>contatos telef\u00f4nicos e endere\u00e7os de e-mail<\/strong> para correspond\u00eancias eletr\u00f4nicas.<\/p>\n<p style=\"text-align: justify\">Oportunamente esclarece, que a Coordena\u00e7\u00e3o Regional de Educa\u00e7\u00e3o de Ipor\u00e1 instituir\u00e1 comiss\u00e3o pr\u00f3pria para as an\u00e1lises curriculares, que ser\u00e1 composta por integrante do Sindicato da categoria e membros da CRE, objetivando assim, a ado\u00e7\u00e3o de medidas e provid\u00eancias pertinentes ao suprimento de todos os d\u00e9ficits de professores existentes na Rede Estadual de Educa\u00e7\u00e3o, que garantam os servi\u00e7os prestados \u00e0 comunidade goiana.<\/p>\n<p align=\"center\">SEDUC\/GO<\/p>\n<hr \/>\n<h3 align=\"center\"><strong>COMUNICADO<\/strong><\/h3>\n<pre style=\"text-align: center\">Publica\u00e7\u00e3o: 18\/04\/2023\nEncerramento: 24\/04\/2023 \u00e0s 18h<\/pre>\n<h3 align=\"center\"><span style=\"color: red\"><strong>ENCERRADO<\/strong><\/span><\/h3>\n<p style=\"text-align: justify\">O Governo do Estado de Goi\u00e1s, atrav\u00e9s da Secretaria de Estado da Educa\u00e7\u00e3o, diante da inexist\u00eancia de candidatos habilitados e remanescentes a serem convocados pelo Processo Seletivo Simplificado Edital n\u00ba 008\/2021 \u2013 SEAD e considerando a exist\u00eancia de d\u00e9ficits de professores nas unidades escolares pertencentes ao munic\u00edpio de <strong>Caiap\u00f4nia<\/strong>, jurisdicionado \u00e0 Coordena\u00e7\u00e3o Regional de Educa\u00e7\u00e3o (CRE) de Ipor\u00e1, informa que est\u00e1 recebendo curr\u00edculos para sele\u00e7\u00e3o e contrata\u00e7\u00e3o tempor\u00e1ria com natureza emergencial para atender aos interesses da Administra\u00e7\u00e3o, para ministrar aulas na disciplina <strong>L\u00edngua Portuguesa, no CEPI Gercina Borges Teixeira, turno integral<\/strong>.<\/p>\n<p style=\"text-align: justify\">Os interessados devem encaminhar Curr\u00edculo ao e-mail oficial da Coordena\u00e7\u00e3o Regional de Educa\u00e7\u00e3o (regional.ipora@seduc.go.gov.br), contendo os <strong>contatos telef\u00f4nicos e endere\u00e7os de e-mail<\/strong> para correspond\u00eancias eletr\u00f4nicas.<\/p>\n<p style=\"text-align: justify\">Oportunamente esclarece, que a Coordena\u00e7\u00e3o Regional de Educa\u00e7\u00e3o de Ipor\u00e1 instituir\u00e1 comiss\u00e3o pr\u00f3pria para as an\u00e1lises curriculares, que ser\u00e1 composta por integrante do Sindicato da categoria e membros da CRE, objetivando assim, a ado\u00e7\u00e3o de medidas e provid\u00eancias pertinentes ao suprimento de todos os d\u00e9ficits de professores existentes na Rede Estadual de Educa\u00e7\u00e3o, que garantam os servi\u00e7os prestados \u00e0 comunidade goiana.<\/p>\n<p align=\"center\">SEDUC\/GO<\/p>\n<hr \/>\n<h3 align=\"center\"><strong>COMUNICADO<\/strong><\/h3>\n<pre style=\"text-align: center\">Publica\u00e7\u00e3o: 18\/04\/2023\nEncerramento: 24\/04\/2023 \u00e0s 18h<\/pre>\n<h3 align=\"center\"><span style=\"color: red\"><strong>ENCERRADO<\/strong><\/span><\/h3>\n<p style=\"text-align: justify\">O Governo do Estado de Goi\u00e1s, atrav\u00e9s da Secretaria de Estado da Educa\u00e7\u00e3o, diante da inexist\u00eancia de candidatos habilitados e remanescentes a serem convocados pelo Processo Seletivo Simplificado Edital n\u00ba 008\/2021 \u2013 SEAD e considerando a exist\u00eancia de d\u00e9ficits de professores nas unidades escolares pertencentes ao munic\u00edpio de <strong>Caiap\u00f4nia<\/strong>, jurisdicionado \u00e0 Coordena\u00e7\u00e3o Regional de Educa\u00e7\u00e3o (CRE) de Ipor\u00e1, informa que est\u00e1 recebendo curr\u00edculos para sele\u00e7\u00e3o e contrata\u00e7\u00e3o tempor\u00e1ria com natureza emergencial para atender aos interesses da Administra\u00e7\u00e3o, para ministrar aulas na disciplina <strong>Linguagem e suas tecnologias, no Col\u00e9gio Estadual Previsto de Morais, turno matutino e vespertino. <\/strong><\/p>\n<p style=\"text-align: justify\">Os interessados devem encaminhar Curr\u00edculo ao e-mail oficial da Coordena\u00e7\u00e3o Regional de Educa\u00e7\u00e3o (regional.ipora@seduc.go.gov.br), contendo os <strong>contatos telef\u00f4nicos e endere\u00e7os de e-mail<\/strong> para correspond\u00eancias eletr\u00f4nicas.<\/p>\n<p style=\"text-align: justify\">Oportunamente esclarece, que a Coordena\u00e7\u00e3o Regional de Educa\u00e7\u00e3o de Ipor\u00e1 instituir\u00e1 comiss\u00e3o pr\u00f3pria para as an\u00e1lises curriculares, que ser\u00e1 composta por integrante do Sindicato da categoria e membros da CRE, objetivando assim, a ado\u00e7\u00e3o de medidas e provid\u00eancias pertinentes ao suprimento de todos os d\u00e9ficits de professores existentes na Rede Estadual de Educa\u00e7\u00e3o, que garantam os servi\u00e7os prestados \u00e0 comunidade goiana.<\/p>\n<p align=\"center\">SEDUC\/GO<\/p>\n<hr \/>\n<h3 align=\"center\"><strong>COMUNICADO<\/strong><\/h3>\n<pre style=\"text-align: center\">Publica\u00e7\u00e3o: 03\/04\/2023\nEncerramento: 10\/04\/2023 \u00e0s 18h<\/pre>\n<h3 align=\"center\"><span style=\"color: red\"><strong>ENCERRADO<\/strong><\/span><\/h3>\n<p style=\"text-align: justify\">O Governo do Estado de Goi\u00e1s, atrav\u00e9s da Secretaria de Estado da Educa\u00e7\u00e3o, diante da inexist\u00eancia de candidatos habilitados e remanescentes a serem convocados pelo Processo Seletivo Simplificado Edital n\u00ba 008\/2021 \u2013 SEAD e considerando a exist\u00eancia de d\u00e9ficits de professores nas unidades escolares pertencentes ao munic\u00edpio de <strong>Doverl\u00e2ndia<\/strong>, jurisdicionado \u00e0 Coordena\u00e7\u00e3o Regional de Educa\u00e7\u00e3o (CRE) de Ipor\u00e1, informa que est\u00e1 recebendo curr\u00edculos para sele\u00e7\u00e3o e contrata\u00e7\u00e3o tempor\u00e1ria com natureza emergencial para atender aos interesses da Administra\u00e7\u00e3o, para ministrar aulas na disciplina <strong>Matem\u00e1tica, no Col\u00e9gio Estadual Dr. Pedro Ludovico Teixeira, turno matutino e vespertino.<\/strong><\/p>\n<p style=\"text-align: justify\">Os interessados devem encaminhar Curr\u00edculo ao e-mail oficial da Coordena\u00e7\u00e3o Regional de Educa\u00e7\u00e3o (regional.ipora@seduc.go.gov.br), contendo os <strong>contatos telef\u00f4nicos e endere\u00e7os de e-mail<\/strong> para correspond\u00eancias eletr\u00f4nicas.<\/p>\n<p style=\"text-align: justify\">Oportunamente esclarece, que a Coordena\u00e7\u00e3o Regional de Educa\u00e7\u00e3o de Ipor\u00e1 instituir\u00e1 comiss\u00e3o pr\u00f3pria para as an\u00e1lises curriculares, que ser\u00e1 composta por integrante do Sindicato da categoria e membros da CRE, objetivando assim, a ado\u00e7\u00e3o de medidas e provid\u00eancias pertinentes ao suprimento de todos os d\u00e9ficits de professores existentes na Rede Estadual de Educa\u00e7\u00e3o, que garantam os servi\u00e7os prestados \u00e0 comunidade goiana.<\/p>\n<p align=\"center\">SEDUC\/GO<\/p>\n<hr \/>\n<h3 align=\"center\"><strong>COMUNICADO<\/strong><\/h3>\n<pre style=\"text-align: center\">Publica\u00e7\u00e3o: 03\/04\/2023\nEncerramento: 10\/04\/2023 \u00e0s 18h<\/pre>\n<h3 align=\"center\"><span style=\"color: red\"><strong>ENCERRADO<\/strong><\/span><\/h3>\n<p style=\"text-align: justify\">O Governo do Estado de Goi\u00e1s, atrav\u00e9s da Secretaria de Estado da Educa\u00e7\u00e3o, diante da inexist\u00eancia de candidatos habilitados e remanescentes a serem convocados pelo Processo Seletivo Simplificado Edital n\u00ba 008\/2021 \u2013 SEAD e considerando a exist\u00eancia de d\u00e9ficits de professores nas unidades escolares pertencentes ao munic\u00edpio de <strong>Israel\u00e2ndia<\/strong>, jurisdicionado \u00e0 Coordena\u00e7\u00e3o Regional de Educa\u00e7\u00e3o (CRE) de Ipor\u00e1, informa que est\u00e1 recebendo curr\u00edculos para sele\u00e7\u00e3o e contrata\u00e7\u00e3o tempor\u00e1ria com natureza emergencial para atender aos interesses da Administra\u00e7\u00e3o, para ministrar aulas na disciplina <strong>Matem\u00e1tica <\/strong>para a turma 547 &#8211; Educa\u00e7\u00e3o de Jovens e Adultos \u2013 TEC Prisional<strong>, no Col\u00e9gio Estadual Maria Barreto, turno noturno.<\/strong><\/p>\n<p style=\"text-align: justify\">Os interessados devem encaminhar Curr\u00edculo ao e-mail oficial da Coordena\u00e7\u00e3o Regional de Educa\u00e7\u00e3o (regional.ipora@seduc.go.gov.br), contendo os <strong>contatos telef\u00f4nicos e endere\u00e7os de e-mail<\/strong> para correspond\u00eancias eletr\u00f4nicas.<\/p>\n<p style=\"text-align: justify\">Oportunamente esclarece, que a Coordena\u00e7\u00e3o Regional de Educa\u00e7\u00e3o de Ipor\u00e1 instituir\u00e1 comiss\u00e3o pr\u00f3pria para as an\u00e1lises curriculares, que ser\u00e1 composta por integrante do Sindicato da categoria e membros da CRE, objetivando assim, a ado\u00e7\u00e3o de medidas e provid\u00eancias pertinentes ao suprimento de todos os d\u00e9ficits de professores existentes na Rede Estadual de Educa\u00e7\u00e3o, que garantam os servi\u00e7os prestados \u00e0 comunidade goiana.<\/p>\n<p align=\"center\">SEDUC\/GO<\/p>\n<hr \/>\n<h3 align=\"center\"><strong>COMUNICADO<\/strong><\/h3>\n<pre style=\"text-align: center\">Publica\u00e7\u00e3o: 27\/03\/2023\nEncerramento: 30\/03\/2023 \u00e0s 18h<\/pre>\n<h3 align=\"center\"><span style=\"color: red\"><strong>ENCERRADO<\/strong><\/span><\/h3>\n<p style=\"text-align: justify\">O Governo do Estado de Goi\u00e1s, atrav\u00e9s da Secretaria de Estado da Educa\u00e7\u00e3o, diante da inexist\u00eancia de candidatos habilitados e remanescentes a serem convocados pelo Processo Seletivo Simplificado Edital n\u00ba 008\/2021 \u2013 SEAD e considerando a exist\u00eancia de d\u00e9ficits de professores nas unidades escolares pertencentes ao munic\u00edpio de <strong>Palestina de Goi\u00e1s<\/strong>, jurisdicionado \u00e0 Coordena\u00e7\u00e3o Regional de Educa\u00e7\u00e3o (CRE) de Ipor\u00e1, informa que est\u00e1 recebendo curr\u00edculos para sele\u00e7\u00e3o e contrata\u00e7\u00e3o tempor\u00e1ria com natureza emergencial para atender aos interesses da Administra\u00e7\u00e3o, para ministrar aulas nas disciplinas <strong>Pedagogia (domiciliar) <\/strong>para o Col\u00e9gio Estadual Ana Algemira do Prado<strong>, no turno vespertino.<\/strong><\/p>\n<p style=\"text-align: justify\">Os interessados devem encaminhar Curr\u00edculo ao e-mail oficial da Coordena\u00e7\u00e3o Regional de Educa\u00e7\u00e3o (regional.ipora@seduc.go.gov.br), contendo os <strong>contatos telef\u00f4nicos e endere\u00e7os de e-mail<\/strong> para correspond\u00eancias eletr\u00f4nicas.<\/p>\n<p style=\"text-align: justify\">Oportunamente esclarece, que a Coordena\u00e7\u00e3o Regional de Educa\u00e7\u00e3o de Ipor\u00e1 instituir\u00e1 comiss\u00e3o pr\u00f3pria para as an\u00e1lises curriculares, que ser\u00e1 composta por integrante do Sindicato da categoria e membros da CRE, objetivando assim, a ado\u00e7\u00e3o de medidas e provid\u00eancias pertinentes ao suprimento de todos os d\u00e9ficits de professores existentes na Rede Estadual de Educa\u00e7\u00e3o, que garantam os servi\u00e7os prestados \u00e0 comunidade goiana.<\/p>\n<p align=\"center\">SEDUC\/GO<\/p>\n<hr \/>\n<h3 align=\"center\"><strong>COMUNICADO<\/strong><\/h3>\n<pre style=\"text-align: center\">Publica\u00e7\u00e3o: 22\/03\/2023\nEncerramento: 27\/03\/2023 \u00e0s 18h<\/pre>\n<h3 align=\"center\"><span style=\"color: red\"><strong>ENCERRADO<\/strong><\/span><\/h3>\n<p style=\"text-align: justify\">O Governo do Estado de Goi\u00e1s, atrav\u00e9s da Secretaria de Estado da Educa\u00e7\u00e3o, diante da inexist\u00eancia de candidatos habilitados e remanescentes a serem convocados pelo Processo Seletivo Simplificado Edital n\u00ba 008\/2021 \u2013 SEAD e considerando a exist\u00eancia de d\u00e9ficits de professores nas unidades escolares pertencentes ao munic\u00edpio de <strong>Caiap\u00f4nia<\/strong>, jurisdicionado \u00e0 Coordena\u00e7\u00e3o Regional de Educa\u00e7\u00e3o (CRE) de Ipor\u00e1, informa que est\u00e1 recebendo curr\u00edculos para sele\u00e7\u00e3o e contrata\u00e7\u00e3o tempor\u00e1ria com natureza emergencial para atender aos interesses da Administra\u00e7\u00e3o, para ministrar aulas nas disciplinas <strong>Ci\u00eancias Humanas e suas Tecnologias\/ Ensino Religioso <\/strong>para as turmas 547 e 536 &#8211; Educa\u00e7\u00e3o de Jovens e Adultos \u2013 TEC Prisional<strong>, no CEPI Nossa Senhora do Montesserrate, turno matutino e noturno.<\/strong><\/p>\n<p style=\"text-align: justify\">Os interessados devem encaminhar Curr\u00edculo ao e-mail oficial da Coordena\u00e7\u00e3o Regional de Educa\u00e7\u00e3o (regional.ipora@seduc.go.gov.br), contendo os <strong>contatos telef\u00f4nicos e endere\u00e7os de e-mail<\/strong> para correspond\u00eancias eletr\u00f4nicas.<\/p>\n<p style=\"text-align: justify\">Oportunamente esclarece, que a Coordena\u00e7\u00e3o Regional de Educa\u00e7\u00e3o de Ipor\u00e1 instituir\u00e1 comiss\u00e3o pr\u00f3pria para as an\u00e1lises curriculares, que ser\u00e1 composta por integrante do Sindicato da categoria e membros da CRE, objetivando assim, a ado\u00e7\u00e3o de medidas e provid\u00eancias pertinentes ao suprimento de todos os d\u00e9ficits de professores existentes na Rede Estadual de Educa\u00e7\u00e3o, que garantam os servi\u00e7os prestados \u00e0 comunidade goiana.<\/p>\n<p align=\"center\">SEDUC\/GO<\/p>\n<hr \/>\n<h3 align=\"center\"><strong>COMUNICADO<\/strong><\/h3>\n<pre style=\"text-align: center\">Publica\u00e7\u00e3o: 13\/03\/2023\nEncerramento: 16\/03\/2023 \u00e0s 18h<\/pre>\n<h3 align=\"center\"><span style=\"color: red\"><strong>ENCERRADO<\/strong><\/span><\/h3>\n<p style=\"text-align: justify\">O Governo do Estado de Goi\u00e1s, atrav\u00e9s da Secretaria de Estado da Educa\u00e7\u00e3o, diante da inexist\u00eancia de candidatos habilitados e remanescentes a serem convocados pelo Processo Seletivo Simplificado Edital n\u00ba 008\/2021 \u2013 SEAD e considerando a exist\u00eancia de d\u00e9ficits de professores nas unidades escolares pertencentes ao munic\u00edpio de <strong>Caiap\u00f4nia<\/strong>, jurisdicionado \u00e0 Coordena\u00e7\u00e3o Regional de Educa\u00e7\u00e3o (CRE) de Ipor\u00e1, informa que est\u00e1 recebendo curr\u00edculos para sele\u00e7\u00e3o e contrata\u00e7\u00e3o tempor\u00e1ria com natureza emergencial para atender aos interesses da Administra\u00e7\u00e3o, para ministrar aulas na disciplina <strong>Matem\u00e1tica e Suas Tecnologias, no CEPI Nossa Senhora do Montesserrate, turno matutino e noturno.<\/strong><\/p>\n<p style=\"text-align: justify\">Os interessados devem encaminhar Curr\u00edculo ao e-mail oficial da Coordena\u00e7\u00e3o Regional de Educa\u00e7\u00e3o (regional.ipora@seduc.go.gov.br), contendo os <strong>contatos telef\u00f4nicos e endere\u00e7os de e-mail<\/strong> para correspond\u00eancias eletr\u00f4nicas.<\/p>\n<p style=\"text-align: justify\">Oportunamente esclarece, que a Coordena\u00e7\u00e3o Regional de Educa\u00e7\u00e3o de Ipor\u00e1 instituir\u00e1 comiss\u00e3o pr\u00f3pria para as an\u00e1lises curriculares, que ser\u00e1 composta por integrante do Sindicato da categoria e membros da CRE, objetivando assim, a ado\u00e7\u00e3o de medidas e provid\u00eancias pertinentes ao suprimento de todos os d\u00e9ficits de professores existentes na Rede Estadual de Educa\u00e7\u00e3o, que garantam os servi\u00e7os prestados \u00e0 comunidade goiana.<\/p>\n<p align=\"center\">SEDUC\/GO<\/p>\n<hr \/>\n<h3 align=\"center\"><strong>COMUNICADO<\/strong><\/h3>\n<pre style=\"text-align: center\">Publica\u00e7\u00e3o: 13\/03\/2023\nEncerramento: 16\/03\/2023 \u00e0s 18h<\/pre>\n<h3 align=\"center\"><span style=\"color: red\"><strong>ENCERRADO<\/strong><\/span><\/h3>\n<p style=\"text-align: justify\">O Governo do Estado de Goi\u00e1s, atrav\u00e9s da Secretaria de Estado da Educa\u00e7\u00e3o, diante da inexist\u00eancia de candidatos habilitados e remanescentes a serem convocados pelo Processo Seletivo Simplificado Edital n\u00ba 008\/2021 \u2013 SEAD e considerando a exist\u00eancia de d\u00e9ficits de professores nas unidades escolares pertencentes ao munic\u00edpio de Caiap\u00f4nia, jurisdicionado \u00e0 Coordena\u00e7\u00e3o Regional de Educa\u00e7\u00e3o (CRE) de Ipor\u00e1, informa que est\u00e1 recebendo curr\u00edculos para sele\u00e7\u00e3o e contrata\u00e7\u00e3o tempor\u00e1ria com natureza emergencial para atender aos interesses da Administra\u00e7\u00e3o, para ministrar aulas na disciplina <strong>L\u00edngua Inglesa, no CEPI Gercina Borges Teixeira, turno integral.<\/strong><\/p>\n<p style=\"text-align: justify\">Os interessados devem encaminhar Curr\u00edculo ao e-mail oficial da Coordena\u00e7\u00e3o Regional de Educa\u00e7\u00e3o (regional.ipora@seduc.go.gov.br), contendo os <strong>contatos telef\u00f4nicos e endere\u00e7os de e-mail<\/strong> para correspond\u00eancias eletr\u00f4nicas.<\/p>\n<p style=\"text-align: justify\">Oportunamente esclarece, que a Coordena\u00e7\u00e3o Regional de Educa\u00e7\u00e3o de Ipor\u00e1 instituir\u00e1 comiss\u00e3o pr\u00f3pria para as an\u00e1lises curriculares, que ser\u00e1 composta por integrante do Sindicato da categoria e membros da CRE, objetivando assim, a ado\u00e7\u00e3o de medidas e provid\u00eancias pertinentes ao suprimento de todos os d\u00e9ficits de professores existentes na Rede Estadual de Educa\u00e7\u00e3o, que garantam os servi\u00e7os prestados \u00e0 comunidade goiana.<\/p>\n<p align=\"center\">SEDUC\/GO<\/p>\n<hr \/>\n<h3 align=\"center\"><strong>COMUNICADO<\/strong><\/h3>\n<pre style=\"text-align: center\">Publica\u00e7\u00e3o: 13\/03\/2023\nEncerramento: 16\/03\/2023 \u00e0s 18h<\/pre>\n<h3 align=\"center\"><span style=\"color: red\"><strong>ENCERRADO<\/strong><\/span><\/h3>\n<p style=\"text-align: justify\">O Governo do Estado de Goi\u00e1s, atrav\u00e9s da Secretaria de Estado da Educa\u00e7\u00e3o, diante da inexist\u00eancia de candidatos habilitados e remanescentes a serem convocados pelo Processo Seletivo Simplificado Edital n\u00ba 008\/2021 \u2013 SEAD e considerando a exist\u00eancia de d\u00e9ficits de professores nas unidades escolares pertencentes ao munic\u00edpio de <strong>Ipor\u00e1<\/strong>, jurisdicionado \u00e0 Coordena\u00e7\u00e3o Regional de Educa\u00e7\u00e3o (CRE) de Ipor\u00e1, informa que est\u00e1 recebendo curr\u00edculos para sele\u00e7\u00e3o e contrata\u00e7\u00e3o tempor\u00e1ria com natureza emergencial para atender aos interesses da Administra\u00e7\u00e3o, para ministrar aulas na disciplina <strong>Inform\u00e1tica, no CEJA Dom Bosco, turno matutino.<\/strong><\/p>\n<p style=\"text-align: justify\">Os interessados devem encaminhar Curr\u00edculo ao e-mail oficial da Coordena\u00e7\u00e3o Regional de Educa\u00e7\u00e3o (regional.ipora@seduc.go.gov.br), contendo os <strong>contatos telef\u00f4nicos e endere\u00e7os de e-mail<\/strong> para correspond\u00eancias eletr\u00f4nicas.<\/p>\n<p style=\"text-align: justify\">Oportunamente esclarece, que a Coordena\u00e7\u00e3o Regional de Educa\u00e7\u00e3o de Ipor\u00e1 instituir\u00e1 comiss\u00e3o pr\u00f3pria para as an\u00e1lises curriculares, que ser\u00e1 composta por integrante do Sindicato da categoria e membros da CRE, objetivando assim, a ado\u00e7\u00e3o de medidas e provid\u00eancias pertinentes ao suprimento de todos os d\u00e9ficits de professores existentes na Rede Estadual de Educa\u00e7\u00e3o, que garantam os servi\u00e7os prestados \u00e0 comunidade goiana.<\/p>\n<p align=\"center\">SEDUC\/GO<\/p>\n<hr \/>\n<h3 align=\"center\"><strong>COMUNICADO<\/strong><\/h3>\n<pre style=\"text-align: center\">Publica\u00e7\u00e3o: 13\/03\/2023\nEncerramento: 16\/03\/2023 \u00e0s 18h<\/pre>\n<h3 align=\"center\"><span style=\"color: red\"><strong>ENCERRADO<\/strong><\/span><\/h3>\n<p style=\"text-align: justify\">O Governo do Estado de Goi\u00e1s, atrav\u00e9s da Secretaria de Estado da Educa\u00e7\u00e3o, diante da inexist\u00eancia de candidatos habilitados e remanescentes a serem convocados pelo Processo Seletivo Simplificado Edital n\u00ba 008\/2021 \u2013 SEAD e considerando a exist\u00eancia de d\u00e9ficits de professores nas unidades escolares pertencentes ao munic\u00edpio de <strong>Israel\u00e2ndia<\/strong>, jurisdicionado \u00e0 Coordena\u00e7\u00e3o Regional de Educa\u00e7\u00e3o (CRE) de Ipor\u00e1, informa que est\u00e1 recebendo curr\u00edculos para sele\u00e7\u00e3o e contrata\u00e7\u00e3o tempor\u00e1ria com natureza emergencial para atender aos interesses da Administra\u00e7\u00e3o, para ministrar aulas na disciplina <strong>Matem\u00e1tica, no Col\u00e9gio Estadual Maria Barreto, turno noturno.<\/strong><\/p>\n<p style=\"text-align: justify\">Os interessados devem encaminhar Curr\u00edculo ao e-mail oficial da Coordena\u00e7\u00e3o Regional de Educa\u00e7\u00e3o (regional.ipora@seduc.go.gov.br), contendo os <strong>contatos telef\u00f4nicos e endere\u00e7os de e-mail<\/strong> para correspond\u00eancias eletr\u00f4nicas.<\/p>\n<p style=\"text-align: justify\">Oportunamente esclarece, que a Coordena\u00e7\u00e3o Regional de Educa\u00e7\u00e3o de Ipor\u00e1 instituir\u00e1 comiss\u00e3o pr\u00f3pria para as an\u00e1lises curriculares, que ser\u00e1 composta por integrante do Sindicato da categoria e membros da CRE, objetivando assim, a ado\u00e7\u00e3o de medidas e provid\u00eancias pertinentes ao suprimento de todos os d\u00e9ficits de professores existentes na Rede Estadual de Educa\u00e7\u00e3o, que garantam os servi\u00e7os prestados \u00e0 comunidade goiana.<\/p>\n<p align=\"center\">SEDUC\/GO<\/p>\n<hr \/>\n<h3 align=\"center\"><strong>COMUNICADO<\/strong><\/h3>\n<pre style=\"text-align: center\">Publica\u00e7\u00e3o: 13\/03\/2023\nEncerramento: 16\/03\/2023 \u00e0s 18h<\/pre>\n<h3 align=\"center\"><span style=\"color: red\"><strong>ENCERRADO<\/strong><\/span><\/h3>\n<p style=\"text-align: justify\">O Governo do Estado de Goi\u00e1s, atrav\u00e9s da Secretaria de Estado da Educa\u00e7\u00e3o, diante da inexist\u00eancia de candidatos habilitados e remanescentes a serem convocados pelo Processo Seletivo Simplificado Edital n\u00ba 008\/2021 \u2013 SEAD e considerando a exist\u00eancia de d\u00e9ficits de professores nas unidades escolares pertencentes ao munic\u00edpio de <strong>Israel\u00e2ndia<\/strong>, jurisdicionado \u00e0 Coordena\u00e7\u00e3o Regional de Educa\u00e7\u00e3o (CRE) de Ipor\u00e1, informa que est\u00e1 recebendo curr\u00edculos para sele\u00e7\u00e3o e contrata\u00e7\u00e3o tempor\u00e1ria com natureza emergencial para atender aos interesses da Administra\u00e7\u00e3o, para ministrar aulas nas disciplinas <strong>Ci\u00eancias Humanas, no Col\u00e9gio Estadual Maria Barreto, turno noturno.<\/strong><\/p>\n<p style=\"text-align: justify\">Os interessados devem encaminhar Curr\u00edculo ao e-mail oficial da Coordena\u00e7\u00e3o Regional de Educa\u00e7\u00e3o (regional.ipora@seduc.go.gov.br), contendo os <strong>contatos telef\u00f4nicos e endere\u00e7os de e-mail<\/strong> para correspond\u00eancias eletr\u00f4nicas.<\/p>\n<p style=\"text-align: justify\">Oportunamente esclarece, que a Coordena\u00e7\u00e3o Regional de Educa\u00e7\u00e3o de Ipor\u00e1 instituir\u00e1 comiss\u00e3o pr\u00f3pria para as an\u00e1lises curriculares, que ser\u00e1 composta por integrante do Sindicato da categoria e membros da CRE, objetivando assim, a ado\u00e7\u00e3o de medidas e provid\u00eancias pertinentes ao suprimento de todos os d\u00e9ficits de professores existentes na Rede Estadual de Educa\u00e7\u00e3o, que garantam os servi\u00e7os prestados \u00e0 comunidade goiana.<\/p>\n<p align=\"center\">SEDUC\/GO<\/p>\n<hr \/>\n<h3 align=\"center\"><strong>COMUNICADO<\/strong><\/h3>\n<pre style=\"text-align: center\">Publica\u00e7\u00e3o: 13\/03\/2023\nEncerramento: 16\/03\/2023 \u00e0s 18h<\/pre>\n<h3 align=\"center\"><span style=\"color: red\"><strong>ENCERRADO<\/strong><\/span><\/h3>\n<p style=\"text-align: justify\">O Governo do Estado de Goi\u00e1s, atrav\u00e9s da Secretaria de Estado da Educa\u00e7\u00e3o, diante da inexist\u00eancia de candidatos habilitados e remanescentes a serem convocados pelo Processo Seletivo Simplificado Edital n\u00ba 008\/2021 \u2013 SEAD e considerando a exist\u00eancia de d\u00e9ficits de professores nas unidades escolares pertencentes ao munic\u00edpio de <strong>Doverl\u00e2ndia<\/strong>, jurisdicionado \u00e0 Coordena\u00e7\u00e3o Regional de Educa\u00e7\u00e3o (CRE) de Ipor\u00e1, informa que est\u00e1 recebendo curr\u00edculos para sele\u00e7\u00e3o e contrata\u00e7\u00e3o tempor\u00e1ria com natureza emergencial para atender aos interesses da Administra\u00e7\u00e3o, para ministrar aulas na disciplina <strong>Matem\u00e1tica, no Col\u00e9gio Estadual Dr. Pedro Ludovico Teixeira, turno matutino e vespertino.<\/strong><\/p>\n<p style=\"text-align: justify\">Os interessados devem encaminhar Curr\u00edculo ao e-mail oficial da Coordena\u00e7\u00e3o Regional de Educa\u00e7\u00e3o (regional.ipora@seduc.go.gov.br), contendo os <strong>contatos telef\u00f4nicos e endere\u00e7os de e-mail<\/strong> para correspond\u00eancias eletr\u00f4nicas.<\/p>\n<p style=\"text-align: justify\">Oportunamente esclarece, que a Coordena\u00e7\u00e3o Regional de Educa\u00e7\u00e3o de Ipor\u00e1 instituir\u00e1 comiss\u00e3o pr\u00f3pria para as an\u00e1lises curriculares, que ser\u00e1 composta por integrante do Sindicato da categoria e membros da CRE, objetivando assim, a ado\u00e7\u00e3o de medidas e provid\u00eancias pertinentes ao suprimento de todos os d\u00e9ficits de professores existentes na Rede Estadual de Educa\u00e7\u00e3o, que garantam os servi\u00e7os prestados \u00e0 comunidade goiana.<\/p>\n<p align=\"center\">SEDUC\/GO<\/p>\n<hr \/>\n<h3 align=\"center\"><strong>COMUNICADO<\/strong><\/h3>\n<pre style=\"text-align: center\">Publica\u00e7\u00e3o: 30\/03\/2023\nEncerramento: 03\/04\/2023 \u00e0s 18h\n<\/pre>\n<h3 align=\"center\"><span style=\"color: red\"><strong>ENCERRADO<\/strong><\/span><\/h3>\n<p style=\"text-align: justify\">O Governo do Estado de Goi\u00e1s, atrav\u00e9s da Secretaria de Estado da Educa\u00e7\u00e3o, diante da inexist\u00eancia de candidatos habilitados e remanescentes a serem convocados pelo Processo Seletivo Simplificado Edital n\u00ba 008\/2021 \u2013 SEAD e considerando a exist\u00eancia de d\u00e9ficits de professores nas unidades escolares pertencentes ao munic\u00edpio de <strong>Caiap\u00f4nia<\/strong>, jurisdicionado \u00e0 Coordena\u00e7\u00e3o Regional de Educa\u00e7\u00e3o (CRE) de Ipor\u00e1, informa que est\u00e1 recebendo curr\u00edculos para sele\u00e7\u00e3o e contrata\u00e7\u00e3o tempor\u00e1ria com natureza emergencial para atender aos interesses da Administra\u00e7\u00e3o, para ministrar aulas na disciplina <strong>Qu\u00edmica, no Col\u00e9gio Estadual Previsto de Morais, turno matutino e vespertino. <\/strong><\/p>\n<p style=\"text-align: justify\">Os interessados devem encaminhar Curr\u00edculo ao e-mail oficial da Coordena\u00e7\u00e3o Regional de Educa\u00e7\u00e3o (regional.ipora@seduc.go.gov.br), contendo os <strong>contatos telef\u00f4nicos e endere\u00e7os de e-mail<\/strong> para correspond\u00eancias eletr\u00f4nicas.<\/p>\n<p style=\"text-align: justify\">Oportunamente esclarece, que a Coordena\u00e7\u00e3o Regional de Educa\u00e7\u00e3o de Ipor\u00e1 instituir\u00e1 comiss\u00e3o pr\u00f3pria para as an\u00e1lises curriculares, que ser\u00e1 composta por integrante do Sindicato da categoria e membros da CRE, objetivando assim, a ado\u00e7\u00e3o de medidas e provid\u00eancias pertinentes ao suprimento de todos os d\u00e9ficits de professores existentes na Rede Estadual de Educa\u00e7\u00e3o, que garantam os servi\u00e7os prestados \u00e0 comunidade goiana.<\/p>\n<p align=\"center\">SEDUC\/GO<\/p>\n","protected":false},"excerpt":{"rendered":"<p>COMUNICADO PARA CONTRATA\u00c7\u00c3O TEMPOR\u00c1RIA Publica\u00e7\u00e3o: 29\/04\/2026 Encerramento: 04\/05\/2026 \u00e0s 18h O Governo do Estado de Goi\u00e1s, atrav\u00e9s da Secretaria de Estado da Educa\u00e7\u00e3o, diante da inexist\u00eancia de Processo Seletivo Simplificado vigente no \u00e2mbito desta Pasta e considerando a exist\u00eancia de d\u00e9ficits de professores nas unidades escolares pertencentes ao munic\u00edpio de IPOR\u00c1, jurisdicionado \u00e0 Coordena\u00e7\u00e3o Regional [&hellip;]<\/p>\n","protected":false},"author":793,"featured_media":0,"comment_status":"closed","ping_status":"open","sticky":false,"template":"","format":"standard","meta":{"footnotes":""},"categories":[4789],"tags":[],"class_list":["post-45292","post","type-post","status-publish","format-standard","hentry","category-institucional"],"rttpg_featured_image_url":null,"rttpg_author":{"display_name":"josecarlosppampola","author_link":"https:\/\/goias.gov.br\/educacao\/author\/josecarlosppampola\/"},"rttpg_comment":0,"rttpg_category":"<a href=\"https:\/\/goias.gov.br\/educacao\/categoria\/institucional\/\" rel=\"category tag\">Institucional<\/a>","rttpg_excerpt":"COMUNICADO PARA CONTRATA\u00c7\u00c3O TEMPOR\u00c1RIA Publica\u00e7\u00e3o: 29\/04\/2026 Encerramento: 04\/05\/2026 \u00e0s 18h O Governo do Estado de Goi\u00e1s, atrav\u00e9s da Secretaria de Estado da Educa\u00e7\u00e3o, diante da inexist\u00eancia de Processo Seletivo Simplificado vigente no \u00e2mbito desta Pasta e considerando a exist\u00eancia de d\u00e9ficits de professores nas unidades escolares pertencentes ao munic\u00edpio de IPOR\u00c1, jurisdicionado \u00e0 Coordena\u00e7\u00e3o Regional&hellip;","_links":{"self":[{"href":"https:\/\/goias.gov.br\/educacao\/wp-json\/wp\/v2\/posts\/45292","targetHints":{"allow":["GET"]}}],"collection":[{"href":"https:\/\/goias.gov.br\/educacao\/wp-json\/wp\/v2\/posts"}],"about":[{"href":"https:\/\/goias.gov.br\/educacao\/wp-json\/wp\/v2\/types\/post"}],"author":[{"embeddable":true,"href":"https:\/\/goias.gov.br\/educacao\/wp-json\/wp\/v2\/users\/793"}],"replies":[{"embeddable":true,"href":"https:\/\/goias.gov.br\/educacao\/wp-json\/wp\/v2\/comments?post=45292"}],"version-history":[{"count":2,"href":"https:\/\/goias.gov.br\/educacao\/wp-json\/wp\/v2\/posts\/45292\/revisions"}],"predecessor-version":[{"id":731433,"href":"https:\/\/goias.gov.br\/educacao\/wp-json\/wp\/v2\/posts\/45292\/revisions\/731433"}],"wp:attachment":[{"href":"https:\/\/goias.gov.br\/educacao\/wp-json\/wp\/v2\/media?parent=45292"}],"wp:term":[{"taxonomy":"category","embeddable":true,"href":"https:\/\/goias.gov.br\/educacao\/wp-json\/wp\/v2\/categories?post=45292"},{"taxonomy":"post_tag","embeddable":true,"href":"https:\/\/goias.gov.br\/educacao\/wp-json\/wp\/v2\/tags?post=45292"}],"curies":[{"name":"wp","href":"https:\/\/api.w.org\/{rel}","templated":true}]}}