

{"id":44522,"date":"2022-05-25T16:20:36","date_gmt":"2022-05-25T19:20:36","guid":{"rendered":"https:\/\/siteshom.goias.gov.br\/educacao\/barao-do-rio-branco\/"},"modified":"2022-05-25T16:20:36","modified_gmt":"2022-05-25T19:20:36","slug":"barao-do-rio-branco","status":"publish","type":"post","link":"https:\/\/goias.gov.br\/educacao\/barao-do-rio-branco\/","title":{"rendered":"Col\u00e9gio estadual mais antigo de Palmeiras de Goi\u00e1s receber\u00e1 cerca de R$ 2 milh\u00f5es para reforma e amplia\u00e7\u00e3o"},"content":{"rendered":"<p><em>An&uacute;ncio foi feito pela secret&aacute;ria F&aacute;tima Gavioli nesta ter&ccedil;a-feira (24\/05), durante mais uma edi&ccedil;&atilde;o da Seduc Itinerante<\/em><\/p>\n<p>A institui&ccedil;&atilde;o de ensino mais antiga da rede estadual de Palmeiras de Goi&aacute;s passar&aacute;, em breve, por uma reforma geral. As obras incluem a constru&ccedil;&atilde;o de uma nova cozinha com refeit&oacute;rio, espa&ccedil;o de conviv&ecirc;ncia para alunos e novos laborat&oacute;rios.<\/p>\n<p>Segundo a secret&aacute;ria de Educa&ccedil;&atilde;o de Goi&aacute;s, F&aacute;tima Gavioli, a ordem de servi&ccedil;o dever&aacute; ser assinada at&eacute; o m&ecirc;s de outubro deste ano. O valor inicial do investimento ser&aacute; de R$ 1,5 milh&atilde;o, mas poder&aacute; chegar a R$ 2 milh&otilde;es, caso necess&aacute;rio.<\/p>\n<p>A not&iacute;cia foi dada pela secret&aacute;ria nesta ter&ccedil;a-feira (24\/05), durante uma visita ao pr&eacute;dio fundado em 1933 e onde funciona hoje o Centro de Ensino em Per&iacute;odo Integral (Cepi) Bar&atilde;o do Rio Branco. A unidade escolar atende 203 alunos no Ensino Fundamental II e M&eacute;dio com jornada de 9 horas.<\/p>\n<p>A visita de F&aacute;tima Gavioli ao Cepi fez parte da programa&ccedil;&atilde;o da Seduc Itinerante, programa que tem como intuito descentralizar a gest&atilde;o e aproximar o gabinete da popula&ccedil;&atilde;o. Durante reuni&atilde;o aberta com a comunidade, a secret&aacute;ria prestou contas dos investimentos j&aacute; feitos na institui&ccedil;&atilde;o de ensino.<\/p>\n<p>De 2019 at&eacute; agora, o Governo de Goi&aacute;s j&aacute; direcionou ao Bar&atilde;o do Rio Branco mais de R$ 600 mil para pequenas reformas e aquisi&ccedil;&atilde;o de equipamentos diversos. Ao apresentar o laborat&oacute;rio m&oacute;vel de Inform&aacute;tica e o kit de Rob&oacute;tica Educacional, F&aacute;tima Gavioli destacou que a parte pedag&oacute;gica nunca esteve t&atilde;o atrelada &agrave; &aacute;rea tecnol&oacute;gica quanto agora.<\/p>\n<p>&nbsp;<\/p>\n<p><strong>Novos uniformes<\/strong><\/p>\n<p>Em conversa com alunos do 7&ordm; ano, a secret&aacute;ria comentou sobre as diversas a&ccedil;&otilde;es do governo estadual que contribu&iacute;ram para combater a evas&atilde;o escolar e garantir melhorias na qualidade da educa&ccedil;&atilde;o.<\/p>\n<p>Entre elas, F&aacute;tima Gavioli citou o programa Bolsa Estudo, direcionado aos estudantes do Ensino M&eacute;dio, e ainda a distribui&ccedil;&atilde;o gratuita de uniformes, t&ecirc;nis, kits de material escolar e as mochilas. &ldquo;O uniforme &eacute; importante tanto na parte da seguran&ccedil;a quanto do ponto de vista social, pois a economia que seus pais fizeram foi grande, deixando de comprar as roupas para voc&ecirc;s virem todos os dias &agrave; escola&rdquo;, pontuou ela.<\/p>\n<p>Em agosto, segundo a secret&aacute;ria, os alunos receber&atilde;o um novo conjunto de uniforme, que vai incluir uma cal&ccedil;a de moleton e uma roupa espec&iacute;fica para as aulas de Educa&ccedil;&atilde;o F&iacute;sica. &ldquo;O governo estadual tem feito todos os esfor&ccedil;os poss&iacute;veis para que voc&ecirc;s se sintam atendidos e acolhidos em nossa rede&rdquo;, acrescentou.<\/p>\n<p>&nbsp;<\/p>\n<p><strong>Nova sala de AEE<\/strong><\/p>\n<p>F&aacute;tima Gavioli aproveitou a visita ao Cepi Bar&atilde;o do Rio Branco para inaugurar a nova sala de Recursos Multifuncionais para Atendimento Educacional Especializado (AEE). O espa&ccedil;o vai atender tanto alunos da institui&ccedil;&atilde;o de ensino quanto do munic&iacute;pio e de outras institui&ccedil;&otilde;es que necessitarem.<\/p>\n<p>Para a secret&aacute;ria, os investimentos no valor de R$ 32 mil para a revitaliza&ccedil;&atilde;o da sala, demonstram o carinho, o respeito e o comprometimento do Governo de Goi&aacute;s com a inclus&atilde;o dos alunos. &ldquo;Por muitos anos, o lugar onde os alunos da AEE eram atendidos, era o pior lugar da escola, mas agora estamos mudando essa realidade&rdquo;.<\/p>\n<p>Em entrevista ao rep&oacute;rter Marcos Barbosa, do Go in Foco, F&aacute;tima Gavioli frisou a import&acirc;ncia da Seduc Itinerante no Estado. &ldquo;N&oacute;s levamos o gabinete at&eacute; a comunidade escolar e, dessa forma, a gente consegue ouvir melhor as demandas e sugest&otilde;es. De volta a Goi&acirc;nia, nos reunimos com nossos gerentes e superintendentes para dar uma resposta a essas demandas&rdquo;.<br \/>\n&nbsp;<\/p>\n<p><strong>Col&eacute;gio Polivalente<\/strong><\/p>\n<p>O Col&eacute;gio Estadual Polivalente de Palmeiras de Goi&aacute;s foi a segunda institui&ccedil;&atilde;o de ensino visitada pela secret&aacute;ria. No local, ela se reuniu com os gestores escolares da Regional, que atende nove munic&iacute;pios.<\/p>\n<p>No encontro, F&aacute;tima Gavioli salientou que um gestor deve ter uma vis&atilde;o organizacional e futurista, priorizando a&ccedil;&otilde;es que possam refletir de forma positiva n&atilde;o s&oacute; no presente como tamb&eacute;m no futuro. Como exemplo, ela citou o programa de instala&ccedil;&atilde;o de placas solares na rede p&uacute;blica estadual, uma iniciativa que est&aacute; sendo implantada em 51 institui&ccedil;&otilde;es de ensino e que vai gerar economia de energia e preservar o meio ambiente.<\/p>\n<p>\n<strong>Cezarina<\/strong><\/p>\n<p>A agenda de trabalho foi encerrada com uma visita ao Col&eacute;gio Estadual Professora Maria Apresenta&ccedil;&atilde;o, em Cezarina. A unidade escolar passa por reformas e amplia&ccedil;&atilde;o. Professores e alunos apresentaram &agrave; secret&aacute;ria uma antiga reivindica&ccedil;&atilde;o, que &eacute; a conclus&atilde;o da quadra esportiva do col&eacute;gio.<\/p>\n<p>A obra foi iniciada em gest&otilde;es passadas e conta apenas com o piso e parte da estrutura met&aacute;lica da cobertura finalizadas. De acordo com a secret&aacute;ria, a ordem de servi&ccedil;o dever&aacute; ser assinada at&eacute; o final do m&ecirc;s de julho e o valor do investimento ser&aacute; de cerca de R$ 351 mil.<\/p>\n<p>&nbsp;<\/p>\n<style>\r\n                        .custom-gallery {\r\n                            display: flex;\r\n                            flex-wrap: wrap;\r\n                        }\r\n\r\n                        .gallery-item {\r\n                            flex: 0 0 calc(33.33% - 10px);\r\n                            margin: 5px;\r\n                        }\r\n\r\n                        .gallery-item img {\r\n                            width: 100%;\r\n                            height: auto;\r\n                        }\r\n                    <\/style><div class=\"custom-gallery\"><\/div><script>\r\n                        jQuery(document).ready(function($) {\r\n                            $(\".magnific-popup\").magnificPopup({\r\n                                type: \"image\",\r\n                                gallery: { enabled: true }\r\n                            });\r\n                        });\r\n                    <\/script>\n","protected":false},"excerpt":{"rendered":"<p>An&uacute;ncio foi feito pela secret&aacute;ria F&aacute;tima Gavioli nesta ter&ccedil;a-feira (24\/05), durante mais uma edi&ccedil;&atilde;o da Seduc Itinerante A institui&ccedil;&atilde;o de ensino mais antiga da rede estadual de Palmeiras de Goi&aacute;s passar&aacute;, em breve, por uma reforma geral. As obras incluem a constru&ccedil;&atilde;o de uma nova cozinha com refeit&oacute;rio, espa&ccedil;o de conviv&ecirc;ncia para alunos e novos [&hellip;]<\/p>\n","protected":false},"author":760,"featured_media":44521,"comment_status":"closed","ping_status":"open","sticky":false,"template":"","format":"standard","meta":{"footnotes":""},"categories":[4801],"tags":[7574],"class_list":["post-44522","post","type-post","status-publish","format-standard","has-post-thumbnail","hentry","category-noticias","tag-cepi-barao-do-rio-branco"],"rttpg_featured_image_url":{"full":["https:\/\/goias.gov.br\/educacao\/wp-content\/uploads\/sites\/40\/2022\/05\/Capa_Barao_do_Rio_Branco-c34.png",1307,915,false],"landscape":["https:\/\/goias.gov.br\/educacao\/wp-content\/uploads\/sites\/40\/2022\/05\/Capa_Barao_do_Rio_Branco-c34.png",1307,915,false],"portraits":["https:\/\/goias.gov.br\/educacao\/wp-content\/uploads\/sites\/40\/2022\/05\/Capa_Barao_do_Rio_Branco-c34.png",1307,915,false],"thumbnail":["https:\/\/goias.gov.br\/educacao\/wp-content\/uploads\/sites\/40\/2022\/05\/Capa_Barao_do_Rio_Branco-c34-150x150.png",150,150,true],"medium":["https:\/\/goias.gov.br\/educacao\/wp-content\/uploads\/sites\/40\/2022\/05\/Capa_Barao_do_Rio_Branco-c34-300x210.png",300,210,true],"large":["https:\/\/goias.gov.br\/educacao\/wp-content\/uploads\/sites\/40\/2022\/05\/Capa_Barao_do_Rio_Branco-c34-1024x717.png",1024,717,true],"1536x1536":["https:\/\/goias.gov.br\/educacao\/wp-content\/uploads\/sites\/40\/2022\/05\/Capa_Barao_do_Rio_Branco-c34.png",1307,915,false],"2048x2048":["https:\/\/goias.gov.br\/educacao\/wp-content\/uploads\/sites\/40\/2022\/05\/Capa_Barao_do_Rio_Branco-c34.png",1307,915,false]},"rttpg_author":{"display_name":"cristhinnyaraujo","author_link":"https:\/\/goias.gov.br\/educacao\/author\/cristhinnyaraujo\/"},"rttpg_comment":0,"rttpg_category":"<a href=\"https:\/\/goias.gov.br\/educacao\/categoria\/noticias\/\" rel=\"category tag\">Not\u00edcias<\/a>","rttpg_excerpt":"An&uacute;ncio foi feito pela secret&aacute;ria F&aacute;tima Gavioli nesta ter&ccedil;a-feira (24\/05), durante mais uma edi&ccedil;&atilde;o da Seduc Itinerante A institui&ccedil;&atilde;o de ensino mais antiga da rede estadual de Palmeiras de Goi&aacute;s passar&aacute;, em breve, por uma reforma geral. As obras incluem a constru&ccedil;&atilde;o de uma nova cozinha com refeit&oacute;rio, espa&ccedil;o de conviv&ecirc;ncia para alunos e novos&hellip;","_links":{"self":[{"href":"https:\/\/goias.gov.br\/educacao\/wp-json\/wp\/v2\/posts\/44522","targetHints":{"allow":["GET"]}}],"collection":[{"href":"https:\/\/goias.gov.br\/educacao\/wp-json\/wp\/v2\/posts"}],"about":[{"href":"https:\/\/goias.gov.br\/educacao\/wp-json\/wp\/v2\/types\/post"}],"author":[{"embeddable":true,"href":"https:\/\/goias.gov.br\/educacao\/wp-json\/wp\/v2\/users\/760"}],"replies":[{"embeddable":true,"href":"https:\/\/goias.gov.br\/educacao\/wp-json\/wp\/v2\/comments?post=44522"}],"version-history":[{"count":0,"href":"https:\/\/goias.gov.br\/educacao\/wp-json\/wp\/v2\/posts\/44522\/revisions"}],"wp:featuredmedia":[{"embeddable":true,"href":"https:\/\/goias.gov.br\/educacao\/wp-json\/wp\/v2\/media\/44521"}],"wp:attachment":[{"href":"https:\/\/goias.gov.br\/educacao\/wp-json\/wp\/v2\/media?parent=44522"}],"wp:term":[{"taxonomy":"category","embeddable":true,"href":"https:\/\/goias.gov.br\/educacao\/wp-json\/wp\/v2\/categories?post=44522"},{"taxonomy":"post_tag","embeddable":true,"href":"https:\/\/goias.gov.br\/educacao\/wp-json\/wp\/v2\/tags?post=44522"}],"curies":[{"name":"wp","href":"https:\/\/api.w.org\/{rel}","templated":true}]}}