

{"id":43385,"date":"2022-01-10T16:00:48","date_gmt":"2022-01-10T19:00:48","guid":{"rendered":"https:\/\/siteshom.goias.gov.br\/educacao\/baixar-declaracao\/"},"modified":"2024-12-11T14:19:47","modified_gmt":"2024-12-11T17:19:47","slug":"baixar-declaracao","status":"publish","type":"post","link":"https:\/\/goias.gov.br\/educacao\/baixar-declaracao\/","title":{"rendered":"Baixar Declara\u00e7\u00e3o"},"content":{"rendered":"\n<p>A Secretaria de Estado de Educa\u00e7\u00e3o (Seduc) informa aos servidores efetivos e\/ou contratados da Secretaria interessados em participar do Processo Seletivo Simplificado para a banco de habilitados para contrata\u00e7\u00e3o de professores tempor\u00e1rios,(<a href=\"https:\/\/selecao.go.gov.br\/edital\/edital-0202024seadseduc_processo-seletivo-simplificado_secretaria-da-educacao%7C71\" target=\"_blank\" rel=\"noreferrer noopener\">Edital n\u00ba 020\/2024 \u2013 SEAD<\/a>) devem apresentar declara\u00e7\u00f5es de v\u00ednculo emitidas a partir do site da Seduc Goi\u00e1s.<\/p>\n\n\n\n<!DOCTYPE html>\n<html lang=\"en\">\n<head>\n  <meta charset=\"UTF-8\">\n  <meta name=\"viewport\" content=\"width=device-width, initial-scale=1.0\">\n  <title>Document<\/title>\n<\/head>\n<body>\n  <section class=\"page-declaracao\">\n    <header>\n      <div class=\"content\">\n        <h2>Para fazer o download, insira o seu CPF<\/h2>\n      <\/div>\n    <\/header>\n    <div class=\"content\">\n      <form id=\"form-declaracao\" onsubmit=\"return gerarLinkDownload()\">\n        <label for=\"cpf-declaracao\">\n          <input\n            id=\"cpf-declaracao\"\n            maxlength=\"14\"\n            required\n            type=\"text\"\n            oninput=\"formatarCPF()\"\n            placeholder=\"Digite seu CPF\"\n          \/>\n        <\/label>\n        <button type=\"submit\">Gerar link<\/button>\n        <p id=\"msg-erro\" class=\"msg-erro\"><\/p>\n      <\/form>\n    <\/div>\n  <\/section>\n  <script>\n    function formatarCPF() {\n      const input = document.getElementById('cpf-declaracao');\n      let cpf = input.value.replace(\/\\D\/g, ''); \n      if (cpf.length > 11) cpf = cpf.slice(0, 11);\n  \n      cpf = cpf.replace(\/^(\\d{3})(\\d)\/, '$1.$2');\n      cpf = cpf.replace(\/^(\\d{3})\\.(\\d{3})(\\d)\/, '$1.$2.$3');\n      cpf = cpf.replace(\/(\\d{3})(\\d{1,2})$\/, '$1-$2');\n      input.value = cpf;\n    }\n  \n    function gerarLinkDownload() {\n      const cpfInput = document.getElementById('cpf-declaracao');\n      const cpf = cpfInput.value.trim();\n      const mensagemErro = document.getElementById('msg-erro');\n      mensagemErro.textContent = '';\n  \n      if (!cpf || cpf.length !== 14 || !\/^\\d{3}\\.\\d{3}\\.\\d{3}-\\d{2}$\/.test(cpf)) {\n        mensagemErro.textContent = 'Por favor, insira um CPF v\u00e1lido no formato correto.';\n        return false;\n      }\n  \n      const caminhoArquivo = `\/wp-content\/uploads\/sites\/40\/files\/ProcessoSeletivo\/DECLARACOES\/${cpf}.pdf`;\n\n      verificaArquivo(caminhoArquivo, function(existe) {\n        if (existe) {\n          \/\/ Se o arquivo existe, abre o PDF\n          window.open(caminhoArquivo, '_blank');\n        } else {\n          \/\/ Se o arquivo n\u00e3o existe, exibe uma mensagem de erro\n          mensagemErro.textContent = 'No momento n\u00e3o consta declara\u00e7\u00e3o para esse CPF';\n        }\n      });\n      return false;\n    }\n\n    function verificaArquivo(caminhoArquivo, callback) {\n      const xhr = new XMLHttpRequest();\n      xhr.open('HEAD', caminhoArquivo, true);\n      xhr.onreadystatechange = function() {\n        if (xhr.readyState === XMLHttpRequest.DONE) {\n          if (xhr.status === 200) {\n            callback(true); \/\/ Arquivo existe\n          } else {\n            callback(false); \/\/ Arquivo n\u00e3o encontrado\n          }\n        }\n      };\n      xhr.send();\n    }\n  <\/script>\n<\/body>\n<\/html>\n\n\n\n<h3 class=\"wp-block-heading\"><strong>Cronograma<\/strong><\/h3>\n\n\n\n<ol class=\"wp-block-list\">\n<li><strong>10\/12\/2024, \u00e0s 16h<\/strong>\n<ul class=\"wp-block-list\">\n<li>Publica\u00e7\u00e3o do Edital e anexos no site: <a href=\"https:\/\/selecao.go.gov.br\">https:\/\/selecao.go.gov.br<\/a><\/li>\n\n\n\n<li>In\u00edcio do per\u00edodo de impugna\u00e7\u00e3o do edital (encerra em 11\/12\/2024, \u00e0s 18h).<\/li>\n<\/ul>\n<\/li>\n\n\n\n<li><strong>16\/12\/2024, \u00e0s 12h, a 02\/01\/2025, \u00e0s 18h<\/strong>\n<ul class=\"wp-block-list\">\n<li>Per\u00edodo de inscri\u00e7\u00f5es.<\/li>\n\n\n\n<li>\u00daltimo dia para pagamento da taxa de inscri\u00e7\u00e3o: <strong>03\/01\/2025<\/strong>.<\/li>\n<\/ul>\n<\/li>\n\n\n\n<li><strong>08\/01\/2025, \u00e0s 16h<\/strong>\n<ul class=\"wp-block-list\">\n<li>Resultado preliminar das inscri\u00e7\u00f5es deferidas e indeferidas.<\/li>\n\n\n\n<li>Abertura do per\u00edodo para interposi\u00e7\u00e3o de recursos (encerra em 09\/01\/2025, \u00e0s 18h).<\/li>\n<\/ul>\n<\/li>\n\n\n\n<li><strong>10\/01\/2025, \u00e0s 16h<\/strong>\n<ul class=\"wp-block-list\">\n<li>Divulga\u00e7\u00e3o do resultado definitivo das inscri\u00e7\u00f5es.<\/li>\n<\/ul>\n<\/li>\n\n\n\n<li><strong>17\/01\/2025 a 03\/02\/2025<\/strong>\n<ul class=\"wp-block-list\">\n<li>Per\u00edodo de an\u00e1lise e corre\u00e7\u00e3o dos dados\/documentos.<\/li>\n<\/ul>\n<\/li>\n\n\n\n<li><strong>06\/02\/2025, \u00e0s 10h<\/strong>\n<ul class=\"wp-block-list\">\n<li>Resultado preliminar da an\u00e1lise curricular.<\/li>\n\n\n\n<li>Per\u00edodo de recursos contra a an\u00e1lise curricular (encerra em 07\/02\/2025, \u00e0s 18h).<\/li>\n<\/ul>\n<\/li>\n\n\n\n<li><strong>13\/02\/2025, \u00e0s 16h<\/strong>\n<ul class=\"wp-block-list\">\n<li>Resultado definitivo da an\u00e1lise curricular.<\/li>\n<\/ul>\n<\/li>\n\n\n\n<li><strong>24\/02\/2025, \u00e0s 16h<\/strong>\n<ul class=\"wp-block-list\">\n<li>Resultado preliminar do certame.<\/li>\n\n\n\n<li>Per\u00edodo de recursos contra o resultado (encerra em 25\/02\/2025, \u00e0s 18h).<\/li>\n<\/ul>\n<\/li>\n\n\n\n<li><strong>26\/02\/2025, \u00e0s 16h<\/strong>\n<ul class=\"wp-block-list\">\n<li>Resultado definitivo do certame.<\/li>\n<\/ul>\n<\/li>\n<\/ol>\n\n\n\n<p>Os prazos s\u00e3o prov\u00e1veis e podem ser alterados durante o desenvolvimento do processo seletivo. \u00c9 recomend\u00e1vel acompanhar as atualiza\u00e7\u00f5es no site oficial. Caso deseje, posso detalhar etapas espec\u00edficas ou procedimentos.<\/p>\n","protected":false},"excerpt":{"rendered":"<p>A Secretaria de Estado de Educa\u00e7\u00e3o (Seduc) informa aos servidores efetivos e\/ou contratados da Secretaria interessados em participar do Processo Seletivo Simplificado para a banco de habilitados para contrata\u00e7\u00e3o de professores tempor\u00e1rios,(Edital n\u00ba 020\/2024 \u2013 SEAD) devem apresentar declara\u00e7\u00f5es de v\u00ednculo emitidas a partir do site da Seduc Goi\u00e1s. Document Para fazer o download, insira [&hellip;]<\/p>\n","protected":false},"author":907,"featured_media":0,"comment_status":"closed","ping_status":"open","sticky":false,"template":"","format":"standard","meta":{"footnotes":""},"categories":[4789],"tags":[],"class_list":["post-43385","post","type-post","status-publish","format-standard","hentry","category-institucional"],"rttpg_featured_image_url":null,"rttpg_author":{"display_name":"dinarcisilva","author_link":"https:\/\/goias.gov.br\/educacao\/author\/dinarcisilva\/"},"rttpg_comment":0,"rttpg_category":"<a href=\"https:\/\/goias.gov.br\/educacao\/categoria\/institucional\/\" rel=\"category tag\">Institucional<\/a>","rttpg_excerpt":"A Secretaria de Estado de Educa\u00e7\u00e3o (Seduc) informa aos servidores efetivos e\/ou contratados da Secretaria interessados em participar do Processo Seletivo Simplificado para a banco de habilitados para contrata\u00e7\u00e3o de professores tempor\u00e1rios,(Edital n\u00ba 020\/2024 \u2013 SEAD) devem apresentar declara\u00e7\u00f5es de v\u00ednculo emitidas a partir do site da Seduc Goi\u00e1s. Document Para fazer o download, insira&hellip;","_links":{"self":[{"href":"https:\/\/goias.gov.br\/educacao\/wp-json\/wp\/v2\/posts\/43385","targetHints":{"allow":["GET"]}}],"collection":[{"href":"https:\/\/goias.gov.br\/educacao\/wp-json\/wp\/v2\/posts"}],"about":[{"href":"https:\/\/goias.gov.br\/educacao\/wp-json\/wp\/v2\/types\/post"}],"author":[{"embeddable":true,"href":"https:\/\/goias.gov.br\/educacao\/wp-json\/wp\/v2\/users\/907"}],"replies":[{"embeddable":true,"href":"https:\/\/goias.gov.br\/educacao\/wp-json\/wp\/v2\/comments?post=43385"}],"version-history":[{"count":2,"href":"https:\/\/goias.gov.br\/educacao\/wp-json\/wp\/v2\/posts\/43385\/revisions"}],"predecessor-version":[{"id":185836,"href":"https:\/\/goias.gov.br\/educacao\/wp-json\/wp\/v2\/posts\/43385\/revisions\/185836"}],"wp:attachment":[{"href":"https:\/\/goias.gov.br\/educacao\/wp-json\/wp\/v2\/media?parent=43385"}],"wp:term":[{"taxonomy":"category","embeddable":true,"href":"https:\/\/goias.gov.br\/educacao\/wp-json\/wp\/v2\/categories?post=43385"},{"taxonomy":"post_tag","embeddable":true,"href":"https:\/\/goias.gov.br\/educacao\/wp-json\/wp\/v2\/tags?post=43385"}],"curies":[{"name":"wp","href":"https:\/\/api.w.org\/{rel}","templated":true}]}}