

{"id":412331,"date":"2025-05-12T09:30:42","date_gmt":"2025-05-12T12:30:42","guid":{"rendered":"https:\/\/goias.gov.br\/educacao\/?p=412331"},"modified":"2025-05-12T09:32:08","modified_gmt":"2025-05-12T12:32:08","slug":"enem-2025-mec-anuncia-datas-de-inscricoes-e-provas","status":"publish","type":"post","link":"https:\/\/goias.gov.br\/educacao\/enem-2025-mec-anuncia-datas-de-inscricoes-e-provas\/","title":{"rendered":"Enem 2025: MEC anuncia datas de inscri\u00e7\u00f5es e provas"},"content":{"rendered":"\n<p><em>Candidatos poder\u00e3o se inscrever de 26\/5 a 6\/6 no exame, que \u00e9 a principal porta de entrada para a educa\u00e7\u00e3o superior no Brasil e pode ser utilizado no Sisu, Prouni ou Fies. Provas ser\u00e3o aplicadas em 9 e 16\/11<\/em><\/p>\n\n\n<div class=\"wp-block-image\">\n<figure class=\"aligncenter size-full is-resized\"><img fetchpriority=\"high\" decoding=\"async\" width=\"503\" height=\"468\" src=\"https:\/\/goias.gov.br\/educacao\/wp-content\/uploads\/sites\/40\/2025\/05\/WhatsApp-Image-2025-05-12-at-09.28.41.jpeg\" alt=\"\" class=\"wp-image-412333\" style=\"width:449px;height:auto\" srcset=\"https:\/\/goias.gov.br\/educacao\/wp-content\/uploads\/sites\/40\/2025\/05\/WhatsApp-Image-2025-05-12-at-09.28.41.jpeg 503w, https:\/\/goias.gov.br\/educacao\/wp-content\/uploads\/sites\/40\/2025\/05\/WhatsApp-Image-2025-05-12-at-09.28.41-300x279.jpeg 300w\" sizes=\"(max-width: 503px) 100vw, 503px\" \/><\/figure>\n<\/div>\n\n\n<p>O Minist\u00e9rio da Educa\u00e7\u00e3o (MEC), por meio do&nbsp;Instituto Nacional de Estudos e Pesquisas Educacionais An\u00edsio Teixeira (Inep),&nbsp;anunciou, nesta sexta-feira, 9 de maio, as datas para as inscri\u00e7\u00f5es e a aplica\u00e7\u00e3o das provas do&nbsp;<a href=\"https:\/\/www.gov.br\/inep\/pt-br\/areas-de-atuacao\/avaliacao-e-exames-educacionais\/enem\" rel=\"noreferrer noopener\" target=\"_blank\">Exame Nacional do Ensino M\u00e9dio (Enem)<\/a>&nbsp;2025, principal porta de entrada para as institui\u00e7\u00f5es de ensino superior no pa\u00eds.&nbsp;<\/p>\n\n\n\n<p>Os candidatos ter\u00e3o&nbsp;de&nbsp;26 de maio&nbsp;a&nbsp;6 de junho&nbsp;para realizarem as inscri\u00e7\u00f5es. J\u00e1 as provas objetivas e de reda\u00e7\u00e3o ser\u00e3o aplicadas&nbsp;nos dias&nbsp;9&nbsp;e&nbsp;16 de novembro. Outros&nbsp;detalhes, como o valor da taxa de inscri\u00e7\u00e3o e as formas de pagamento, dever\u00e3o ser publicados em breve no edital que regulamentar\u00e1 a sele\u00e7\u00e3o. O prazo para solicitar a isen\u00e7\u00e3o da taxa de inscri\u00e7\u00e3o do exame foi encerrado no \u00faltimo dia 2 de maio.&nbsp;<\/p>\n\n\n\n<p><strong>Enem<\/strong>\u202f<\/p>\n\n\n\n<p>\u202fO Exame Nacional do Ensino M\u00e9dio avalia o desempenho escolar dos estudantes ao t\u00e9rmino da educa\u00e7\u00e3o b\u00e1sica. Ao longo de mais de duas d\u00e9cadas de exist\u00eancia, o Enem se tornou a principal porta de entrada para a educa\u00e7\u00e3o superior no Brasil, por meio do Sistema de Sele\u00e7\u00e3o Unificada (Sisu) e de iniciativas como o Programa Universidade para Todos (Prouni).\u202f\u00a0<\/p>\n\n\n\n<p>Institui\u00e7\u00f5es de ensino p\u00fablicas e privadas utilizam o Enem para selecionar estudantes. Os resultados s\u00e3o utilizados como crit\u00e9rio \u00fanico ou complementar dos processos seletivos, al\u00e9m de servirem de par\u00e2metro para acesso a aux\u00edlios governamentais, como o proporcionado pelo Fundo de Financiamento Estudantil (Fies).\u202f&nbsp;<\/p>\n\n\n\n<p>Os resultados individuais do Enem tamb\u00e9m podem ser aproveitados nos processos seletivos de institui\u00e7\u00f5es portuguesas que possuem conv\u00eanio com o Inep para aceitarem as notas do exame. Os acordos garantem acesso facilitado \u00e0s notas dos estudantes brasileiros interessados em cursar a educa\u00e7\u00e3o superior em Portugal.\u202f&nbsp;<\/p>\n\n\n\n<p>\u202f&nbsp;<\/p>\n\n\n\n<p><em><strong>Assessoria de Comunica\u00e7\u00e3o Social do MEC, com informa\u00e7\u00f5es do Inep<\/strong><\/em><\/p>\n\n\n\n<p><\/p>\n","protected":false},"excerpt":{"rendered":"<p>Candidatos poder\u00e3o se inscrever de 26\/5 a 6\/6 no exame, que \u00e9 a principal porta de entrada para a educa\u00e7\u00e3o superior no Brasil e pode ser utilizado no Sisu, Prouni ou Fies. Provas ser\u00e3o aplicadas em 9 e 16\/11 O Minist\u00e9rio da Educa\u00e7\u00e3o (MEC), por meio do&nbsp;Instituto Nacional de Estudos e Pesquisas Educacionais An\u00edsio Teixeira [&hellip;]<\/p>\n","protected":false},"author":633,"featured_media":412334,"comment_status":"closed","ping_status":"open","sticky":false,"template":"","format":"standard","meta":{"footnotes":""},"categories":[4801],"tags":[],"class_list":["post-412331","post","type-post","status-publish","format-standard","has-post-thumbnail","hentry","category-noticias"],"rttpg_featured_image_url":{"full":["https:\/\/goias.gov.br\/educacao\/wp-content\/uploads\/sites\/40\/2025\/05\/WhatsApp-Image-2025-05-12-at-09.28.41-1.jpeg",503,468,false],"landscape":["https:\/\/goias.gov.br\/educacao\/wp-content\/uploads\/sites\/40\/2025\/05\/WhatsApp-Image-2025-05-12-at-09.28.41-1.jpeg",503,468,false],"portraits":["https:\/\/goias.gov.br\/educacao\/wp-content\/uploads\/sites\/40\/2025\/05\/WhatsApp-Image-2025-05-12-at-09.28.41-1.jpeg",503,468,false],"thumbnail":["https:\/\/goias.gov.br\/educacao\/wp-content\/uploads\/sites\/40\/2025\/05\/WhatsApp-Image-2025-05-12-at-09.28.41-1-150x150.jpeg",150,150,true],"medium":["https:\/\/goias.gov.br\/educacao\/wp-content\/uploads\/sites\/40\/2025\/05\/WhatsApp-Image-2025-05-12-at-09.28.41-1-300x279.jpeg",300,279,true],"large":["https:\/\/goias.gov.br\/educacao\/wp-content\/uploads\/sites\/40\/2025\/05\/WhatsApp-Image-2025-05-12-at-09.28.41-1.jpeg",503,468,false],"1536x1536":["https:\/\/goias.gov.br\/educacao\/wp-content\/uploads\/sites\/40\/2025\/05\/WhatsApp-Image-2025-05-12-at-09.28.41-1.jpeg",503,468,false],"2048x2048":["https:\/\/goias.gov.br\/educacao\/wp-content\/uploads\/sites\/40\/2025\/05\/WhatsApp-Image-2025-05-12-at-09.28.41-1.jpeg",503,468,false]},"rttpg_author":{"display_name":"isabellebrandao","author_link":"https:\/\/goias.gov.br\/educacao\/author\/isabellebrandao\/"},"rttpg_comment":0,"rttpg_category":"<a href=\"https:\/\/goias.gov.br\/educacao\/categoria\/noticias\/\" rel=\"category tag\">Not\u00edcias<\/a>","rttpg_excerpt":"Candidatos poder\u00e3o se inscrever de 26\/5 a 6\/6 no exame, que \u00e9 a principal porta de entrada para a educa\u00e7\u00e3o superior no Brasil e pode ser utilizado no Sisu, Prouni ou Fies. Provas ser\u00e3o aplicadas em 9 e 16\/11 O Minist\u00e9rio da Educa\u00e7\u00e3o (MEC), por meio do&nbsp;Instituto Nacional de Estudos e Pesquisas Educacionais An\u00edsio Teixeira&hellip;","_links":{"self":[{"href":"https:\/\/goias.gov.br\/educacao\/wp-json\/wp\/v2\/posts\/412331","targetHints":{"allow":["GET"]}}],"collection":[{"href":"https:\/\/goias.gov.br\/educacao\/wp-json\/wp\/v2\/posts"}],"about":[{"href":"https:\/\/goias.gov.br\/educacao\/wp-json\/wp\/v2\/types\/post"}],"author":[{"embeddable":true,"href":"https:\/\/goias.gov.br\/educacao\/wp-json\/wp\/v2\/users\/633"}],"replies":[{"embeddable":true,"href":"https:\/\/goias.gov.br\/educacao\/wp-json\/wp\/v2\/comments?post=412331"}],"version-history":[{"count":1,"href":"https:\/\/goias.gov.br\/educacao\/wp-json\/wp\/v2\/posts\/412331\/revisions"}],"predecessor-version":[{"id":412335,"href":"https:\/\/goias.gov.br\/educacao\/wp-json\/wp\/v2\/posts\/412331\/revisions\/412335"}],"wp:featuredmedia":[{"embeddable":true,"href":"https:\/\/goias.gov.br\/educacao\/wp-json\/wp\/v2\/media\/412334"}],"wp:attachment":[{"href":"https:\/\/goias.gov.br\/educacao\/wp-json\/wp\/v2\/media?parent=412331"}],"wp:term":[{"taxonomy":"category","embeddable":true,"href":"https:\/\/goias.gov.br\/educacao\/wp-json\/wp\/v2\/categories?post=412331"},{"taxonomy":"post_tag","embeddable":true,"href":"https:\/\/goias.gov.br\/educacao\/wp-json\/wp\/v2\/tags?post=412331"}],"curies":[{"name":"wp","href":"https:\/\/api.w.org\/{rel}","templated":true}]}}