

{"id":407454,"date":"2025-05-05T08:26:19","date_gmt":"2025-05-05T11:26:19","guid":{"rendered":"https:\/\/goias.gov.br\/educacao\/?p=407454"},"modified":"2025-05-07T11:48:07","modified_gmt":"2025-05-07T14:48:07","slug":"seduc-goias-promove-campanha-faca-bonito-em-parceria-com-defensoria-publica-mp-e-tj","status":"publish","type":"post","link":"https:\/\/goias.gov.br\/educacao\/seduc-goias-promove-campanha-faca-bonito-em-parceria-com-defensoria-publica-mp-e-tj\/","title":{"rendered":"SEDUC Goi\u00e1s promove campanha \u201cFa\u00e7a Bonito\u201d em parceria com Defensoria P\u00fablica, MP e TJ"},"content":{"rendered":"\n<figure class=\"wp-block-image size-large\"><img fetchpriority=\"high\" decoding=\"async\" width=\"1024\" height=\"525\" src=\"https:\/\/goias.gov.br\/educacao\/wp-content\/uploads\/sites\/40\/2023\/05\/faca-bonito-588-1024x525.jpg\" alt=\"\" class=\"wp-image-45662\" srcset=\"https:\/\/goias.gov.br\/educacao\/wp-content\/uploads\/sites\/40\/2023\/05\/faca-bonito-588-1024x525.jpg 1024w, https:\/\/goias.gov.br\/educacao\/wp-content\/uploads\/sites\/40\/2023\/05\/faca-bonito-588-300x154.jpg 300w, https:\/\/goias.gov.br\/educacao\/wp-content\/uploads\/sites\/40\/2023\/05\/faca-bonito-588-768x394.jpg 768w, https:\/\/goias.gov.br\/educacao\/wp-content\/uploads\/sites\/40\/2023\/05\/faca-bonito-588.jpg 1514w\" sizes=\"(max-width: 1024px) 100vw, 1024px\" \/><\/figure>\n\n\n\n<p>Durante todo o m\u00eas de maio, a Secretaria de Estado da Educa\u00e7\u00e3o de Goi\u00e1s (Seduc-GO) realiza a campanha \u201cFa\u00e7a Bonito\u201d, com a\u00e7\u00f5es voltadas ao enfrentamento do abuso e da explora\u00e7\u00e3o sexual de crian\u00e7as e adolescentes. A iniciativa conta com a organiza\u00e7\u00e3o da Seduc, em parceria com a Defensoria P\u00fablica do Estado de Goi\u00e1s, o Minist\u00e9rio P\u00fablico e o Tribunal de Justi\u00e7a, al\u00e9m de outras institui\u00e7\u00f5es que integram o F\u00f3rum Goiano de Enfrentamento \u00e0 Viol\u00eancia Sexual contra Crian\u00e7as e Adolescentes.<\/p>\n\n\n\n<p>A campanha ocorre anualmente em alus\u00e3o ao Dia Nacional de Combate ao Abuso e \u00e0 Explora\u00e7\u00e3o Sexual de Crian\u00e7as e Adolescentes (18 de maio) e, este ano, ser\u00e1 realizada entre os dias 1\u00ba e 31 de maio. A mobiliza\u00e7\u00e3o inclui atividades educativas, rodas de conversa, palestras e a distribui\u00e7\u00e3o de materiais informativos nas unidades escolares.<\/p>\n\n\n\n<h2 class=\"wp-block-heading\">Apeds<\/h2>\n\n\n\n<p>Entre as a\u00e7\u00f5es previstas, destaca-se a participa\u00e7\u00e3o ativa dos Agentes de Pol\u00edticas Educacionais e Desenvolvimento (APEDs), que est\u00e3o orientando coordenadores pedag\u00f3gicos a incluir o tema \u201cMaio Laranja\u201d nos planejamentos escolares. A proposta \u00e9 fortalecer o di\u00e1logo nas escolas e promover a identifica\u00e7\u00e3o precoce de sinais de abuso, com encaminhamento dos casos por meio do programa \u201cOuvir e Acolher\u201d.<\/p>\n\n\n\n<p>A Defensoria P\u00fablica \u00e9 um dos principais parceiros da campanha e realizar\u00e1, entre os dias 5 e 20 de maio, uma s\u00e9rie de palestras em escolas ligadas a diversas Coordenadorias Regionais de Educa\u00e7\u00e3o (CREs). O objetivo \u00e9 sensibilizar estudantes e profissionais da educa\u00e7\u00e3o para a import\u00e2ncia da preven\u00e7\u00e3o e do enfrentamento \u00e0 viol\u00eancia sexual infantojuvenil.<\/p>\n\n\n\n<p>Defensoria P\u00fablica<\/p>\n\n\n\n<p>A Defensoria P\u00fablica de Goi\u00e1s tamb\u00e9m se junta \u00e0 campanha, realizando uma s\u00e9rie de palestras em escolas de diversas Coordenadorias Regionais de Educa\u00e7\u00e3o (CRE). As palestras t\u00eam o objetivo de sensibilizar os estudantes e profissionais da educa\u00e7\u00e3o sobre a import\u00e2ncia da preven\u00e7\u00e3o e do enfrentamento \u00e0 viol\u00eancia sexual contra crian\u00e7as e adolescentes. As escolas que receber\u00e3o as palestras s\u00e3o:<\/p>\n\n\n\n<ul class=\"wp-block-list\">\n<li><strong>CRE de Goi\u00e2nia<\/strong>: Col\u00e9gio Estadual Tribut\u00e1rio Henrique Silva, Col\u00e9gio Estadual Professora Eva Assun\u00e7\u00e3o, Col\u00e9gio Estadual Dom Fernando I, Col\u00e9gio Estadual Ronaldo Ramos Caiado Filho, CEPI Ary Ribeiro Valad\u00e3o Filho, CEPI do Esporte.<\/li>\n\n\n\n<li><strong>CRE de Aparecida de Goi\u00e2nia:<\/strong> Col\u00e9gio Estadual Nader Alves dos Santos.<\/li>\n\n\n\n<li><strong>CRE de Inhumas:<\/strong> Col\u00e9gio Estadual Rui Barbosa.<\/li>\n\n\n\n<li><strong>CRE de Novo Gama<\/strong>: CEPI Desembargador Dilermano Meireles.<\/li>\n\n\n\n<li><strong>CRE de Luzi\u00e2nia:<\/strong> Col\u00e9gio Estadual Delfino Oclecio Machado.<\/li>\n\n\n\n<li><strong>CRE de Trindade:<\/strong> Col\u00e9gio Estadual Alfa \u00d4mega.<\/li>\n\n\n\n<li><strong>CRE de An\u00e1polis:<\/strong> Col\u00e9gio Estadual Leiny Lopes.<\/li>\n<\/ul>\n\n\n\n<h2 class=\"wp-block-heading\">Dia D<\/h2>\n\n\n\n<p>O ponto alto da campanha ser\u00e1 o <strong>Dia D<\/strong>, marcado para 16 de maio, quando escolas de todo o estado realizar\u00e3o atividades de grande visibilidade para refor\u00e7ar a mobiliza\u00e7\u00e3o da comunidade escolar.<\/p>\n\n\n\n<p>A Seduc refor\u00e7a a import\u00e2ncia do envolvimento de todos \u2013 estudantes, educadores, gestores e fam\u00edlias \u2013 na luta contra a viol\u00eancia sexual, lembrando que o canal Disque 100 est\u00e1 dispon\u00edvel para den\u00fancias an\u00f4nimas, garantindo seguran\u00e7a e prote\u00e7\u00e3o \u00e0s v\u00edtimas.<\/p>\n","protected":false},"excerpt":{"rendered":"<p>Durante todo o m\u00eas de maio, a Secretaria de Estado da Educa\u00e7\u00e3o de Goi\u00e1s (Seduc-GO) realiza a campanha \u201cFa\u00e7a Bonito\u201d, com a\u00e7\u00f5es voltadas ao enfrentamento do abuso e da explora\u00e7\u00e3o sexual de crian\u00e7as e adolescentes. A iniciativa conta com a organiza\u00e7\u00e3o da Seduc, em parceria com a Defensoria P\u00fablica do Estado de Goi\u00e1s, o Minist\u00e9rio [&hellip;]<\/p>\n","protected":false},"author":458,"featured_media":45662,"comment_status":"closed","ping_status":"open","sticky":false,"template":"","format":"standard","meta":{"footnotes":""},"categories":[4801],"tags":[],"class_list":["post-407454","post","type-post","status-publish","format-standard","has-post-thumbnail","hentry","category-noticias"],"rttpg_featured_image_url":{"full":["https:\/\/goias.gov.br\/educacao\/wp-content\/uploads\/sites\/40\/2023\/05\/faca-bonito-588.jpg",1514,776,false],"landscape":["https:\/\/goias.gov.br\/educacao\/wp-content\/uploads\/sites\/40\/2023\/05\/faca-bonito-588.jpg",1514,776,false],"portraits":["https:\/\/goias.gov.br\/educacao\/wp-content\/uploads\/sites\/40\/2023\/05\/faca-bonito-588.jpg",1514,776,false],"thumbnail":["https:\/\/goias.gov.br\/educacao\/wp-content\/uploads\/sites\/40\/2023\/05\/faca-bonito-588-150x150.jpg",150,150,true],"medium":["https:\/\/goias.gov.br\/educacao\/wp-content\/uploads\/sites\/40\/2023\/05\/faca-bonito-588-300x154.jpg",300,154,true],"large":["https:\/\/goias.gov.br\/educacao\/wp-content\/uploads\/sites\/40\/2023\/05\/faca-bonito-588-1024x525.jpg",1024,525,true],"1536x1536":["https:\/\/goias.gov.br\/educacao\/wp-content\/uploads\/sites\/40\/2023\/05\/faca-bonito-588.jpg",1514,776,false],"2048x2048":["https:\/\/goias.gov.br\/educacao\/wp-content\/uploads\/sites\/40\/2023\/05\/faca-bonito-588.jpg",1514,776,false]},"rttpg_author":{"display_name":"marcleymatos","author_link":"https:\/\/goias.gov.br\/educacao\/author\/marcleymatos\/"},"rttpg_comment":0,"rttpg_category":"<a href=\"https:\/\/goias.gov.br\/educacao\/categoria\/noticias\/\" rel=\"category tag\">Not\u00edcias<\/a>","rttpg_excerpt":"Durante todo o m\u00eas de maio, a Secretaria de Estado da Educa\u00e7\u00e3o de Goi\u00e1s (Seduc-GO) realiza a campanha \u201cFa\u00e7a Bonito\u201d, com a\u00e7\u00f5es voltadas ao enfrentamento do abuso e da explora\u00e7\u00e3o sexual de crian\u00e7as e adolescentes. A iniciativa conta com a organiza\u00e7\u00e3o da Seduc, em parceria com a Defensoria P\u00fablica do Estado de Goi\u00e1s, o Minist\u00e9rio&hellip;","_links":{"self":[{"href":"https:\/\/goias.gov.br\/educacao\/wp-json\/wp\/v2\/posts\/407454","targetHints":{"allow":["GET"]}}],"collection":[{"href":"https:\/\/goias.gov.br\/educacao\/wp-json\/wp\/v2\/posts"}],"about":[{"href":"https:\/\/goias.gov.br\/educacao\/wp-json\/wp\/v2\/types\/post"}],"author":[{"embeddable":true,"href":"https:\/\/goias.gov.br\/educacao\/wp-json\/wp\/v2\/users\/458"}],"replies":[{"embeddable":true,"href":"https:\/\/goias.gov.br\/educacao\/wp-json\/wp\/v2\/comments?post=407454"}],"version-history":[{"count":2,"href":"https:\/\/goias.gov.br\/educacao\/wp-json\/wp\/v2\/posts\/407454\/revisions"}],"predecessor-version":[{"id":410579,"href":"https:\/\/goias.gov.br\/educacao\/wp-json\/wp\/v2\/posts\/407454\/revisions\/410579"}],"wp:featuredmedia":[{"embeddable":true,"href":"https:\/\/goias.gov.br\/educacao\/wp-json\/wp\/v2\/media\/45662"}],"wp:attachment":[{"href":"https:\/\/goias.gov.br\/educacao\/wp-json\/wp\/v2\/media?parent=407454"}],"wp:term":[{"taxonomy":"category","embeddable":true,"href":"https:\/\/goias.gov.br\/educacao\/wp-json\/wp\/v2\/categories?post=407454"},{"taxonomy":"post_tag","embeddable":true,"href":"https:\/\/goias.gov.br\/educacao\/wp-json\/wp\/v2\/tags?post=407454"}],"curies":[{"name":"wp","href":"https:\/\/api.w.org\/{rel}","templated":true}]}}