

{"id":404846,"date":"2025-04-15T18:32:12","date_gmt":"2025-04-15T21:32:12","guid":{"rendered":"https:\/\/goias.gov.br\/educacao\/?p=404846"},"modified":"2025-04-15T18:33:38","modified_gmt":"2025-04-15T21:33:38","slug":"governo-de-goias-inaugura-quadra-esportiva-do-colegio-estadual-macob-rodrigues-galvao-em-bonopolis","status":"publish","type":"post","link":"https:\/\/goias.gov.br\/educacao\/governo-de-goias-inaugura-quadra-esportiva-do-colegio-estadual-macob-rodrigues-galvao-em-bonopolis\/","title":{"rendered":"Governo de Goi\u00e1s inaugura quadra esportiva do Col\u00e9gio Estadual Macob Rodrigues Galv\u00e3o, em Bon\u00f3polis"},"content":{"rendered":"\n<figure class=\"wp-block-image size-large\"><img fetchpriority=\"high\" decoding=\"async\" width=\"1024\" height=\"682\" src=\"https:\/\/goias.gov.br\/educacao\/wp-content\/uploads\/sites\/40\/2025\/04\/WhatsApp-Image-2025-04-14-at-20.25.44-1024x682.jpeg\" alt=\"\" class=\"wp-image-404848\" srcset=\"https:\/\/goias.gov.br\/educacao\/wp-content\/uploads\/sites\/40\/2025\/04\/WhatsApp-Image-2025-04-14-at-20.25.44-1024x682.jpeg 1024w, https:\/\/goias.gov.br\/educacao\/wp-content\/uploads\/sites\/40\/2025\/04\/WhatsApp-Image-2025-04-14-at-20.25.44-300x200.jpeg 300w, https:\/\/goias.gov.br\/educacao\/wp-content\/uploads\/sites\/40\/2025\/04\/WhatsApp-Image-2025-04-14-at-20.25.44-768x512.jpeg 768w, https:\/\/goias.gov.br\/educacao\/wp-content\/uploads\/sites\/40\/2025\/04\/WhatsApp-Image-2025-04-14-at-20.25.44.jpeg 1280w\" sizes=\"(max-width: 1024px) 100vw, 1024px\" \/><\/figure>\n\n\n\n<p><em>Obra era aguardada pela popula\u00e7\u00e3o da cidade h\u00e1 mais de 32 anos. Investimentos do Tesouro estadual foi da ordem de R$ 625 mil<\/em><\/p>\n\n\n\n<p>Alunos e professores do Col\u00e9gio Estadual Macob Rodrigues Galv\u00e3o, em Bon\u00f3polis, come\u00e7aram a semana em clima de festa. Depois de uma espera de 32 anos, finalmente um grande sonho da comunidade escolar foi realizado.<\/p>\n\n\n\n<p>Nesta segunda-feira, (14\/04), a secret\u00e1ria de Educa\u00e7\u00e3o, F\u00e1tima Gavioli foi at\u00e9 a cidade para inaugurar a quadra esportiva coberta da unidade escolar. A melhoria era aguardada desde 1993, quando a escola foi fundada.<\/p>\n\n\n\n<p>O investimento feito pelo Governo de Goi\u00e1s na execu\u00e7\u00e3o da obra foi de R$ 625 mil. O col\u00e9gio, \u00fanica institui\u00e7\u00e3o de ensino da rede estadual no munic\u00edpio, atende 336 estudantes em turmas do 6\u00ba ao 9\u00ba ano do Ensino Fundamental, do Ensino M\u00e9dio regular e do Ensino M\u00e9dio Goi\u00e1sTec.<\/p>\n\n\n\n<p>Para o gestor do col\u00e9gio, professor Emival Pereira, a entrega da quadra foi recebida com muita alegria pelos estudantes. \u201cMinha felicidade \u00e9 em dobro, porque al\u00e9m de ver essa obra t\u00e3o esperada se concretizar, isso est\u00e1 acontecendo na minha gest\u00e3o\u201d, destaca ele.<\/p>\n\n\n\n<p>Emival conta que at\u00e9 a quadra ser inaugurada, os alunos eram obrigados a participarem das aulas de Educa\u00e7\u00e3o F\u00edsica no p\u00e1tio da escola, sem nenhuma prote\u00e7\u00e3o do sol. Outras vezes eram encaminhados para algum espa\u00e7o dispon\u00edvel pr\u00f3ximo ao col\u00e9gio.<\/p>\n\n\n\n<p>O gestor lembrou ainda que essa \u00e9 a primeira vez que uma secret\u00e1ria estadual de Educa\u00e7\u00e3o vai at\u00e9 a cidade entregar alguma obra. \u201cN\u00f3s nos sentimos muito prestigiados com a vinda da professora F\u00e1tima aqui no col\u00e9gio. Estamos todos muito felizes\u201d, acrescentou.<\/p>\n\n\n\n<p><strong>Melhorias constantes<\/strong><\/p>\n\n\n\n<p>Durante a cerim\u00f4nia de inaugura\u00e7\u00e3o do espa\u00e7o esportivo escolar, a secret\u00e1ria F\u00e1tima Gavioli destacou os investimentos que o Governo de Goi\u00e1s tem feito desde 2019 para garantir que crian\u00e7as e jovens aprendam e possam concluir a Educa\u00e7\u00e3o B\u00e1sica com sucesso.<\/p>\n\n\n\n<p>\u201cO Governo de Goi\u00e1s n\u00e3o tem medido esfor\u00e7os para dar a voc\u00eas as melhores condi\u00e7\u00f5es de ensino-aprendizagem. As escolas foram reformadas, novas unidades foram constru\u00eddas, ampliamos o atendimento, implantamos laborat\u00f3rios de Ci\u00eancias e de Inform\u00e1tica, distribu\u00edmos uniformes, t\u00eanis, meias, mochilas, kits de material escolar, chromebooks e criamos o Bolsa Estudo. Tudo isso para que voc\u00eas possam se dedicar mais, aprender e avan\u00e7ar rumo a um futuro mais promissor. Esse \u00e9 o grande desejo do governador Ronaldo Caiado\u201d, ressaltou ela.<\/p>\n\n\n\n<figure class=\"wp-block-gallery has-nested-images columns-default is-cropped wp-block-gallery-1 is-layout-flex wp-block-gallery-is-layout-flex\">\n<figure class=\"wp-block-image size-large\"><img decoding=\"async\" width=\"1024\" height=\"683\" data-id=\"404849\" src=\"https:\/\/goias.gov.br\/educacao\/wp-content\/uploads\/sites\/40\/2025\/04\/IMG_6817-1024x683.jpg\" alt=\"\" class=\"wp-image-404849\" srcset=\"https:\/\/goias.gov.br\/educacao\/wp-content\/uploads\/sites\/40\/2025\/04\/IMG_6817-1024x683.jpg 1024w, https:\/\/goias.gov.br\/educacao\/wp-content\/uploads\/sites\/40\/2025\/04\/IMG_6817-300x200.jpg 300w, https:\/\/goias.gov.br\/educacao\/wp-content\/uploads\/sites\/40\/2025\/04\/IMG_6817-768x512.jpg 768w, https:\/\/goias.gov.br\/educacao\/wp-content\/uploads\/sites\/40\/2025\/04\/IMG_6817-1536x1024.jpg 1536w, https:\/\/goias.gov.br\/educacao\/wp-content\/uploads\/sites\/40\/2025\/04\/IMG_6817-2048x1365.jpg 2048w\" sizes=\"(max-width: 1024px) 100vw, 1024px\" \/><\/figure>\n\n\n\n<figure class=\"wp-block-image size-large\"><img decoding=\"async\" width=\"1024\" height=\"683\" data-id=\"404851\" src=\"https:\/\/goias.gov.br\/educacao\/wp-content\/uploads\/sites\/40\/2025\/04\/IMG_5909-1024x683.jpg\" alt=\"\" class=\"wp-image-404851\" srcset=\"https:\/\/goias.gov.br\/educacao\/wp-content\/uploads\/sites\/40\/2025\/04\/IMG_5909-1024x683.jpg 1024w, https:\/\/goias.gov.br\/educacao\/wp-content\/uploads\/sites\/40\/2025\/04\/IMG_5909-300x200.jpg 300w, https:\/\/goias.gov.br\/educacao\/wp-content\/uploads\/sites\/40\/2025\/04\/IMG_5909-768x512.jpg 768w, https:\/\/goias.gov.br\/educacao\/wp-content\/uploads\/sites\/40\/2025\/04\/IMG_5909-1536x1024.jpg 1536w, https:\/\/goias.gov.br\/educacao\/wp-content\/uploads\/sites\/40\/2025\/04\/IMG_5909-2048x1365.jpg 2048w\" sizes=\"(max-width: 1024px) 100vw, 1024px\" \/><\/figure>\n\n\n\n<figure class=\"wp-block-image size-large\"><img loading=\"lazy\" decoding=\"async\" width=\"1024\" height=\"683\" data-id=\"404850\" src=\"https:\/\/goias.gov.br\/educacao\/wp-content\/uploads\/sites\/40\/2025\/04\/IMG_6647-1024x683.jpg\" alt=\"\" class=\"wp-image-404850\" srcset=\"https:\/\/goias.gov.br\/educacao\/wp-content\/uploads\/sites\/40\/2025\/04\/IMG_6647-1024x683.jpg 1024w, https:\/\/goias.gov.br\/educacao\/wp-content\/uploads\/sites\/40\/2025\/04\/IMG_6647-300x200.jpg 300w, https:\/\/goias.gov.br\/educacao\/wp-content\/uploads\/sites\/40\/2025\/04\/IMG_6647-768x512.jpg 768w, https:\/\/goias.gov.br\/educacao\/wp-content\/uploads\/sites\/40\/2025\/04\/IMG_6647-1536x1024.jpg 1536w, https:\/\/goias.gov.br\/educacao\/wp-content\/uploads\/sites\/40\/2025\/04\/IMG_6647-2048x1365.jpg 2048w\" sizes=\"(max-width: 1024px) 100vw, 1024px\" \/><\/figure>\n<\/figure>\n\n\n\n<p><strong>Presen\u00e7as<\/strong><\/p>\n\n\n\n<p>A solenidade de entrega da quadra esportiva contou com as presen\u00e7as do deputado federal Jos\u00e9 Nelto; do prefeito de Bon\u00f3polis, Diocl\u00e9cio de Ara\u00fajo; primeira-dama Elizama de Ara\u00fajo; vice-prefeito Jo\u00e3o Sonzone; presidente da C\u00e2mara Municipal da cidade, Augusto Siriaca; coordenador regional de Educa\u00e7\u00e3o de Porangatu, \u00c2ngelo Marcos e de S\u00e3o Miguel do Araguaia, Zez\u00e9 Marra; assessor parlamentar Alexandre Belchior, representando o presidente da Assembleia Legislativa de Goi\u00e1s, Bruno Peixoto; al\u00e9m dos prefeitos de Mutun\u00f3polis, Luiz Rodrigues; e de Estrela do Norte, Edmar da Cacilda. <em>(Texto: Maria Jos\u00e9 Rodrigues \/ Fotos: Solimar de Oliveira)<\/em><\/p>\n","protected":false},"excerpt":{"rendered":"<p>Obra era aguardada pela popula\u00e7\u00e3o da cidade h\u00e1 mais de 32 anos. Investimentos do Tesouro estadual foi da ordem de R$ 625 mil Alunos e professores do Col\u00e9gio Estadual Macob Rodrigues Galv\u00e3o, em Bon\u00f3polis, come\u00e7aram a semana em clima de festa. Depois de uma espera de 32 anos, finalmente um grande sonho da comunidade escolar [&hellip;]<\/p>\n","protected":false},"author":459,"featured_media":404847,"comment_status":"closed","ping_status":"open","sticky":false,"template":"","format":"standard","meta":{"footnotes":""},"categories":[4801],"tags":[],"class_list":["post-404846","post","type-post","status-publish","format-standard","has-post-thumbnail","hentry","category-noticias"],"rttpg_featured_image_url":{"full":["https:\/\/goias.gov.br\/educacao\/wp-content\/uploads\/sites\/40\/2025\/04\/WhatsApp-Image-2025-04-14-at-20.25.50.jpeg",1280,853,false],"landscape":["https:\/\/goias.gov.br\/educacao\/wp-content\/uploads\/sites\/40\/2025\/04\/WhatsApp-Image-2025-04-14-at-20.25.50.jpeg",1280,853,false],"portraits":["https:\/\/goias.gov.br\/educacao\/wp-content\/uploads\/sites\/40\/2025\/04\/WhatsApp-Image-2025-04-14-at-20.25.50.jpeg",1280,853,false],"thumbnail":["https:\/\/goias.gov.br\/educacao\/wp-content\/uploads\/sites\/40\/2025\/04\/WhatsApp-Image-2025-04-14-at-20.25.50-150x150.jpeg",150,150,true],"medium":["https:\/\/goias.gov.br\/educacao\/wp-content\/uploads\/sites\/40\/2025\/04\/WhatsApp-Image-2025-04-14-at-20.25.50-300x200.jpeg",300,200,true],"large":["https:\/\/goias.gov.br\/educacao\/wp-content\/uploads\/sites\/40\/2025\/04\/WhatsApp-Image-2025-04-14-at-20.25.50-1024x682.jpeg",1024,682,true],"1536x1536":["https:\/\/goias.gov.br\/educacao\/wp-content\/uploads\/sites\/40\/2025\/04\/WhatsApp-Image-2025-04-14-at-20.25.50.jpeg",1280,853,false],"2048x2048":["https:\/\/goias.gov.br\/educacao\/wp-content\/uploads\/sites\/40\/2025\/04\/WhatsApp-Image-2025-04-14-at-20.25.50.jpeg",1280,853,false]},"rttpg_author":{"display_name":"mariajrodrigues","author_link":"https:\/\/goias.gov.br\/educacao\/author\/mariajrodrigues\/"},"rttpg_comment":0,"rttpg_category":"<a href=\"https:\/\/goias.gov.br\/educacao\/categoria\/noticias\/\" rel=\"category tag\">Not\u00edcias<\/a>","rttpg_excerpt":"Obra era aguardada pela popula\u00e7\u00e3o da cidade h\u00e1 mais de 32 anos. Investimentos do Tesouro estadual foi da ordem de R$ 625 mil Alunos e professores do Col\u00e9gio Estadual Macob Rodrigues Galv\u00e3o, em Bon\u00f3polis, come\u00e7aram a semana em clima de festa. Depois de uma espera de 32 anos, finalmente um grande sonho da comunidade escolar&hellip;","_links":{"self":[{"href":"https:\/\/goias.gov.br\/educacao\/wp-json\/wp\/v2\/posts\/404846","targetHints":{"allow":["GET"]}}],"collection":[{"href":"https:\/\/goias.gov.br\/educacao\/wp-json\/wp\/v2\/posts"}],"about":[{"href":"https:\/\/goias.gov.br\/educacao\/wp-json\/wp\/v2\/types\/post"}],"author":[{"embeddable":true,"href":"https:\/\/goias.gov.br\/educacao\/wp-json\/wp\/v2\/users\/459"}],"replies":[{"embeddable":true,"href":"https:\/\/goias.gov.br\/educacao\/wp-json\/wp\/v2\/comments?post=404846"}],"version-history":[{"count":1,"href":"https:\/\/goias.gov.br\/educacao\/wp-json\/wp\/v2\/posts\/404846\/revisions"}],"predecessor-version":[{"id":404852,"href":"https:\/\/goias.gov.br\/educacao\/wp-json\/wp\/v2\/posts\/404846\/revisions\/404852"}],"wp:featuredmedia":[{"embeddable":true,"href":"https:\/\/goias.gov.br\/educacao\/wp-json\/wp\/v2\/media\/404847"}],"wp:attachment":[{"href":"https:\/\/goias.gov.br\/educacao\/wp-json\/wp\/v2\/media?parent=404846"}],"wp:term":[{"taxonomy":"category","embeddable":true,"href":"https:\/\/goias.gov.br\/educacao\/wp-json\/wp\/v2\/categories?post=404846"},{"taxonomy":"post_tag","embeddable":true,"href":"https:\/\/goias.gov.br\/educacao\/wp-json\/wp\/v2\/tags?post=404846"}],"curies":[{"name":"wp","href":"https:\/\/api.w.org\/{rel}","templated":true}]}}