

{"id":389515,"date":"2025-03-27T22:43:30","date_gmt":"2025-03-28T01:43:30","guid":{"rendered":"https:\/\/goias.gov.br\/educacao\/?p=389515"},"modified":"2025-03-28T06:02:45","modified_gmt":"2025-03-28T09:02:45","slug":"programa-aluno-ouvidor-chega-ao-fim-com-apoio-da-seduc-goias","status":"publish","type":"post","link":"https:\/\/goias.gov.br\/educacao\/programa-aluno-ouvidor-chega-ao-fim-com-apoio-da-seduc-goias\/","title":{"rendered":"Programa Aluno Ouvidor chega ao fim com apoio da Seduc Goi\u00e1s"},"content":{"rendered":"\n<figure class=\"wp-block-image size-large\"><img fetchpriority=\"high\" decoding=\"async\" width=\"1024\" height=\"683\" src=\"https:\/\/goias.gov.br\/educacao\/wp-content\/uploads\/sites\/40\/2025\/03\/17_58_34_373_aluno_ouvidor_25_-1024x683.jpg\" alt=\"\" class=\"wp-image-389561\" srcset=\"https:\/\/goias.gov.br\/educacao\/wp-content\/uploads\/sites\/40\/2025\/03\/17_58_34_373_aluno_ouvidor_25_-1024x683.jpg 1024w, https:\/\/goias.gov.br\/educacao\/wp-content\/uploads\/sites\/40\/2025\/03\/17_58_34_373_aluno_ouvidor_25_-300x200.jpg 300w, https:\/\/goias.gov.br\/educacao\/wp-content\/uploads\/sites\/40\/2025\/03\/17_58_34_373_aluno_ouvidor_25_-768x512.jpg 768w, https:\/\/goias.gov.br\/educacao\/wp-content\/uploads\/sites\/40\/2025\/03\/17_58_34_373_aluno_ouvidor_25_-1536x1024.jpg 1536w, https:\/\/goias.gov.br\/educacao\/wp-content\/uploads\/sites\/40\/2025\/03\/17_58_34_373_aluno_ouvidor_25_.jpg 1920w\" sizes=\"(max-width: 1024px) 100vw, 1024px\" \/><\/figure>\n\n\n\n<p>O Minist\u00e9rio P\u00fablico de Goi\u00e1s (MPGO) realizou, na tarde desta ter\u00e7a-feira (25\/3), a cerim\u00f4nia de encerramento e certifica\u00e7\u00e3o do Programa Aluno Ouvidor, iniciativa liderada pela ouvidora-geral do MPGO, Orlandina Brito Pereira. O evento reuniu autoridades, educadores e alunos que participaram do projeto, na sede do MPGO, em Goi\u00e2nia.<\/p>\n\n\n\n<p>A solenidade contou com a presen\u00e7a da subprocuradora-geral de Justi\u00e7a para Assuntos Jur\u00eddicos do MPGO, Fabiana Lemes Zamalloa do Prado, que representou o procurador-geral de Justi\u00e7a, Cyro Terra Peres. Tamb\u00e9m participaram o chefe da Ouvidoria Setorial da Secretaria de Estado da Educa\u00e7\u00e3o (Seduc), Joaquim da Trindade Filho, e a assessora da Ouvidoria da Seduc, Iracema Maria da Trindade. Durante o evento, foram homenageados coordenadores regionais de educa\u00e7\u00e3o, professores e gestores escolares que contribu\u00edram para o sucesso da iniciativa.<\/p>\n\n\n\n<p>Criado em 2019, o Programa Aluno Ouvidor busca incentivar o envolvimento da comunidade escolar na solu\u00e7\u00e3o dos problemas sociais locais, possibilitando aos alunos exercerem o papel de incentivadores, catalisadores e propulsores da participa\u00e7\u00e3o da comunidade na cogest\u00e3o da coisa p\u00fablica.<\/p>\n\n\n\n<p>Em seu discurso, a ouvidora-geral do MPGO destacou os desafios enfrentados pelo programa, como a interrup\u00e7\u00e3o durante a pandemia, e sua retomada em 2023. \u201cA parceria com a Secretaria de Educa\u00e7\u00e3o foi essencial para a continuidade e expans\u00e3o do projeto. O envolvimento dos alunos mostrou que a educa\u00e7\u00e3o vai al\u00e9m do conte\u00fado acad\u00eamico, formando cidad\u00e3os mais conscientes e participativos\u201d, afirmou Orlandina Brito.<\/p>\n\n\n\n<h2 class=\"wp-block-heading\">Programa despertou interesse de outros Estados<\/h2>\n\n\n\n<p>Tamb\u00e9m foi mencionado o reconhecimento nacional da iniciativa, que foi apresentada na 73\u00aa Reuni\u00e3o Ordin\u00e1ria do Conselho Nacional dos Ouvidores do MP dos Estados e da Uni\u00e3o (CNOMP). \u201cEstados como Mato Grosso e Amazonas j\u00e1 demonstraram interesse em replicar o Programa Aluno Ouvidor\u201d, ressaltou.<\/p>\n\n\n\n<p>A subprocuradora-geral de Justi\u00e7a, Fabiana Lemes Zamalloa, enfatizou a relev\u00e2ncia da a\u00e7\u00e3o para a constru\u00e7\u00e3o da cidadania e da democracia. \u201cO programa reflete os valores fundamentais do Minist\u00e9rio P\u00fablico e permite que os adolescentes compreendam seu papel na sociedade, exercendo a participa\u00e7\u00e3o social de forma ativa. A democracia n\u00e3o \u00e9 responsabilidade apenas dos gestores, mas de cada um de n\u00f3s\u201d, afirmou.<\/p>\n\n\n\n<p>A cerim\u00f4nia marcou tamb\u00e9m a despedida de Orlandina Brito Pereira do cargo de ouvidora-geral do MPGO. Ela destacou que encerra sua gest\u00e3o com a satisfa\u00e7\u00e3o de ver o projeto consolidado e antecipou que uma nova coopera\u00e7\u00e3o t\u00e9cnica ser\u00e1 firmada para ampliar a iniciativa.<\/p>\n\n\n\n<p>Texto: Minist\u00e9rio P\u00fablico de Goi\u00e1s<\/p>\n","protected":false},"excerpt":{"rendered":"<p>O Minist\u00e9rio P\u00fablico de Goi\u00e1s (MPGO) realizou, na tarde desta ter\u00e7a-feira (25\/3), a cerim\u00f4nia de encerramento e certifica\u00e7\u00e3o do Programa Aluno Ouvidor, iniciativa liderada pela ouvidora-geral do MPGO, Orlandina Brito Pereira. O evento reuniu autoridades, educadores e alunos que participaram do projeto, na sede do MPGO, em Goi\u00e2nia. A solenidade contou com a presen\u00e7a da [&hellip;]<\/p>\n","protected":false},"author":458,"featured_media":389734,"comment_status":"closed","ping_status":"open","sticky":false,"template":"","format":"standard","meta":{"footnotes":""},"categories":[4801],"tags":[],"class_list":["post-389515","post","type-post","status-publish","format-standard","has-post-thumbnail","hentry","category-noticias"],"rttpg_featured_image_url":{"full":["https:\/\/goias.gov.br\/educacao\/wp-content\/uploads\/sites\/40\/2025\/03\/17_58_34_373_aluno_ouvidor_25_-1.jpg",1920,1280,false],"landscape":["https:\/\/goias.gov.br\/educacao\/wp-content\/uploads\/sites\/40\/2025\/03\/17_58_34_373_aluno_ouvidor_25_-1.jpg",1920,1280,false],"portraits":["https:\/\/goias.gov.br\/educacao\/wp-content\/uploads\/sites\/40\/2025\/03\/17_58_34_373_aluno_ouvidor_25_-1.jpg",1920,1280,false],"thumbnail":["https:\/\/goias.gov.br\/educacao\/wp-content\/uploads\/sites\/40\/2025\/03\/17_58_34_373_aluno_ouvidor_25_-1-150x150.jpg",150,150,true],"medium":["https:\/\/goias.gov.br\/educacao\/wp-content\/uploads\/sites\/40\/2025\/03\/17_58_34_373_aluno_ouvidor_25_-1-300x200.jpg",300,200,true],"large":["https:\/\/goias.gov.br\/educacao\/wp-content\/uploads\/sites\/40\/2025\/03\/17_58_34_373_aluno_ouvidor_25_-1-1024x683.jpg",1024,683,true],"1536x1536":["https:\/\/goias.gov.br\/educacao\/wp-content\/uploads\/sites\/40\/2025\/03\/17_58_34_373_aluno_ouvidor_25_-1-1536x1024.jpg",1536,1024,true],"2048x2048":["https:\/\/goias.gov.br\/educacao\/wp-content\/uploads\/sites\/40\/2025\/03\/17_58_34_373_aluno_ouvidor_25_-1.jpg",1920,1280,false]},"rttpg_author":{"display_name":"marcleymatos","author_link":"https:\/\/goias.gov.br\/educacao\/author\/marcleymatos\/"},"rttpg_comment":0,"rttpg_category":"<a href=\"https:\/\/goias.gov.br\/educacao\/categoria\/noticias\/\" rel=\"category tag\">Not\u00edcias<\/a>","rttpg_excerpt":"O Minist\u00e9rio P\u00fablico de Goi\u00e1s (MPGO) realizou, na tarde desta ter\u00e7a-feira (25\/3), a cerim\u00f4nia de encerramento e certifica\u00e7\u00e3o do Programa Aluno Ouvidor, iniciativa liderada pela ouvidora-geral do MPGO, Orlandina Brito Pereira. O evento reuniu autoridades, educadores e alunos que participaram do projeto, na sede do MPGO, em Goi\u00e2nia. A solenidade contou com a presen\u00e7a da&hellip;","_links":{"self":[{"href":"https:\/\/goias.gov.br\/educacao\/wp-json\/wp\/v2\/posts\/389515","targetHints":{"allow":["GET"]}}],"collection":[{"href":"https:\/\/goias.gov.br\/educacao\/wp-json\/wp\/v2\/posts"}],"about":[{"href":"https:\/\/goias.gov.br\/educacao\/wp-json\/wp\/v2\/types\/post"}],"author":[{"embeddable":true,"href":"https:\/\/goias.gov.br\/educacao\/wp-json\/wp\/v2\/users\/458"}],"replies":[{"embeddable":true,"href":"https:\/\/goias.gov.br\/educacao\/wp-json\/wp\/v2\/comments?post=389515"}],"version-history":[{"count":2,"href":"https:\/\/goias.gov.br\/educacao\/wp-json\/wp\/v2\/posts\/389515\/revisions"}],"predecessor-version":[{"id":389814,"href":"https:\/\/goias.gov.br\/educacao\/wp-json\/wp\/v2\/posts\/389515\/revisions\/389814"}],"wp:featuredmedia":[{"embeddable":true,"href":"https:\/\/goias.gov.br\/educacao\/wp-json\/wp\/v2\/media\/389734"}],"wp:attachment":[{"href":"https:\/\/goias.gov.br\/educacao\/wp-json\/wp\/v2\/media?parent=389515"}],"wp:term":[{"taxonomy":"category","embeddable":true,"href":"https:\/\/goias.gov.br\/educacao\/wp-json\/wp\/v2\/categories?post=389515"},{"taxonomy":"post_tag","embeddable":true,"href":"https:\/\/goias.gov.br\/educacao\/wp-json\/wp\/v2\/tags?post=389515"}],"curies":[{"name":"wp","href":"https:\/\/api.w.org\/{rel}","templated":true}]}}