

{"id":38189,"date":"2016-05-05T18:41:49","date_gmt":"2016-05-05T21:41:49","guid":{"rendered":"https:\/\/siteshom.goias.gov.br\/educacao\/conselho-escolar\/"},"modified":"2026-01-22T14:57:09","modified_gmt":"2026-01-22T17:57:09","slug":"conselho-escolar","status":"publish","type":"post","link":"https:\/\/goias.gov.br\/educacao\/conselho-escolar\/","title":{"rendered":"Conselho Escolar"},"content":{"rendered":"<p>\n\n\n<\/p><p><figure class=\"wp-block-image size-large is-style-rounded\"><img decoding=\"async\" src=\"https:\/\/goias.gov.br\/educacao\/wp-content\/uploads\/sites\/40\/2016\/05\/conselho-escolar_medio-959.png\" alt=\"\" class=\"wp-image-1337\"\/><\/figure><\/p><p>\n\n\n<\/p>\n<p>\n\n\n<\/p><p><p>Conselho Escolar<br>GER\u00caNCIA DE PRESTA\u00c7\u00c3O DE CONTAS \/ COORDENA\u00c7\u00c3O DE CONSELHO ESCOLAR &#8211; SEDUC<\/p><\/p><p>\n\n\n<\/p>\n<p>\n\n\n<\/p><p><p>\u00c9 uma equipe de orienta\u00e7\u00e3o e acompanhamento dos Conselhos Escolares das unidades educacionais e Coordena\u00e7\u00f5es Regionais de Educa\u00e7\u00e3o (CREs).<\/p><\/p><p>\n\n\n<\/p>\n<p>\n\n\n<\/p><p><p>O CONSELHO ESCOLAR DENTRO DA ESCOLA<\/p><\/p><p>\n\n\n<\/p>\n<p>\n\n\n<\/p><p><p>\u00c9 uma entidade aut\u00f4noma, sem fins lucrativos, institu\u00eddo por prazo indeterminado, para funcionar como \u00f3rg\u00e3o pedag\u00f3gico, consultivo, deliberativo, fiscalizador e de mobiliza\u00e7\u00e3o.<br>O Conselho Escolar \u00e9 respons\u00e1vel pelo recebimento e aplica\u00e7\u00e3o de recursos, nos termos da Lei Estadual n\u00ba 13.666, de 27 de julho de 2.000, alterada pela Lei Estadual n\u00ba 14.306, de 12 de novembro de 2.002, e pela Lei Estadual n\u00ba 18.036, de 07 de junho de 2.013.<br>O Conselho Escolar \u00e9 uma entidade aut\u00f4noma de natureza coletiva, que tem por finalidade promover a dinamiza\u00e7\u00e3o e a autonomia da unidade educacional, garantindo a efetiva participa\u00e7\u00e3o de todos os segmentos da comunidade escolar e tamb\u00e9m da comunidade local nas decis\u00f5es relacionadas aos eixos pedag\u00f3gico, administrativo, financeiro e relacional, visando o seu aperfei\u00e7oamento.<\/p><\/p><p>\n\n\n<\/p>\n<p>\n\n\n<\/p><p><p>CONSTITUI\u00c7\u00c3O E REPRESENTA\u00c7\u00c3O<\/p><\/p><p>\n\n\n<\/p>\n<p>\n\n\n<\/p><p><p>O Conselho Escolar \u00e9 constitu\u00eddo por um n\u00famero \u00edmpar de conselheiros com a seguinte configura\u00e7\u00e3o: 7 (sete) representantes da unidade educacional, sendo o diretor, o vice-diretor, o secret\u00e1rio, 2 (dois) representantes do segmento de professores efetivos e modulados na unidade educacional, 2 (dois) representantes do segmento dos agentes administrativos educacionais efetivos e modulados na unidade educacional; 8 (oito) representantes da comunidade local, sendo 3 (tr\u00eas) representantes dos alunos matriculados na unidade educacional e frequentes, 4 (quatro) representantes dos pais que tenham filhos matriculados na unidade educacional e frequentes e 1 (um) representante da comunidade local, indicado pela comunidade escolar.<\/p><\/p><p>\n\n\n<\/p>\n<p>\n\n\n<\/p><p><p>(<em>) O mandato dos eleitos tem vig\u00eancia de 2 (dois) anos. (<\/em>*) A lei 18.036, de 07\/06\/2.013 estabelece que o diretor da unidade escolar seja o presidente NATO do Conselho Escolar.<\/p><\/p><p>\n\n\n<\/p>\n<p>\n\n\n<\/p><p><p>DOS ORG\u00c3OS SOCIAIS<\/p><\/p><p>\n\n\n<\/p>\n<p>\n\n\n<\/p><p><p>Constitui o Conselho Escolar:<\/p><\/p><p>\n\n\n<\/p>\n<p>\n\n\n<\/p><p><p>I \u2013 Assembleia Geral;<\/p><\/p><p>\n\n\n<\/p>\n<p>\n\n\n<\/p><p><p>II \u2013 Diretoria;<\/p><\/p><p>\n\n\n<\/p>\n<p>\n\n\n<\/p><p><p>III \u2013 Comiss\u00e3o de Execu\u00e7\u00e3o Financeira;<\/p><\/p><p>\n\n\n<\/p>\n<p>\n\n\n<\/p><p><p>IV \u2013 Conselho Fiscal.<\/p><\/p><p>\n\n\n<\/p>\n<p>\n\n\n<\/p><p><p>DOCUMENTOS DE APOIO<\/p><\/p><p>\n\n\n<\/p>\n<p>\n\n\n<\/p><p><p>Estes documentos est\u00e3o \u00e0 disposi\u00e7\u00e3o de todos, podendo ser solicitados a qualquer tempo:<\/p><\/p><p>\n\n\n<\/p>\n<p>\n\n\n<\/p><p><p>\uf0fcDiretriz Estadual para elabora\u00e7\u00e3o do Estatuto do Conselho Escolar<br>\uf0fcCartilha passo a passo na renova\u00e7\u00e3o do Conselho<\/p><\/p><p>\n\n\n<p>CE \u2013 CONSELHO ESCOLAR\/SEDUC.<br \/>TELEFONE: (62) 3201.9030\u00a0<br \/>e-mail: conselhoescolar@seduc.go.gov.br<\/p>\n\n","protected":false},"excerpt":{"rendered":"<p>Conselho EscolarGER\u00caNCIA DE PRESTA\u00c7\u00c3O DE CONTAS \/ COORDENA\u00c7\u00c3O DE CONSELHO ESCOLAR &#8211; SEDUC \u00c9 uma equipe de orienta\u00e7\u00e3o e acompanhamento dos Conselhos Escolares das unidades educacionais e Coordena\u00e7\u00f5es Regionais de Educa\u00e7\u00e3o (CREs). O CONSELHO ESCOLAR DENTRO DA ESCOLA \u00c9 uma entidade aut\u00f4noma, sem fins lucrativos, institu\u00eddo por prazo indeterminado, para funcionar como \u00f3rg\u00e3o pedag\u00f3gico, consultivo, [&hellip;]<\/p>\n","protected":false},"author":863,"featured_media":38188,"comment_status":"closed","ping_status":"open","sticky":false,"template":"","format":"standard","meta":{"footnotes":""},"categories":[4802],"tags":[],"class_list":["post-38189","post","type-post","status-publish","format-standard","has-post-thumbnail","hentry","category-page"],"rttpg_featured_image_url":{"full":["https:\/\/goias.gov.br\/educacao\/wp-content\/uploads\/sites\/40\/2016\/05\/conselho-escolar_medio-959.png",246,97,false],"landscape":["https:\/\/goias.gov.br\/educacao\/wp-content\/uploads\/sites\/40\/2016\/05\/conselho-escolar_medio-959.png",246,97,false],"portraits":["https:\/\/goias.gov.br\/educacao\/wp-content\/uploads\/sites\/40\/2016\/05\/conselho-escolar_medio-959.png",246,97,false],"thumbnail":["https:\/\/goias.gov.br\/educacao\/wp-content\/uploads\/sites\/40\/2016\/05\/conselho-escolar_medio-959-150x97.png",150,97,true],"medium":["https:\/\/goias.gov.br\/educacao\/wp-content\/uploads\/sites\/40\/2016\/05\/conselho-escolar_medio-959.png",246,97,false],"large":["https:\/\/goias.gov.br\/educacao\/wp-content\/uploads\/sites\/40\/2016\/05\/conselho-escolar_medio-959.png",246,97,false],"1536x1536":["https:\/\/goias.gov.br\/educacao\/wp-content\/uploads\/sites\/40\/2016\/05\/conselho-escolar_medio-959.png",246,97,false],"2048x2048":["https:\/\/goias.gov.br\/educacao\/wp-content\/uploads\/sites\/40\/2016\/05\/conselho-escolar_medio-959.png",246,97,false]},"rttpg_author":{"display_name":"juliosouza","author_link":"https:\/\/goias.gov.br\/educacao\/author\/juliosouza\/"},"rttpg_comment":0,"rttpg_category":"<a href=\"https:\/\/goias.gov.br\/educacao\/categoria\/page\/\" rel=\"category tag\">Outras p\u00e1ginas<\/a>","rttpg_excerpt":"Conselho EscolarGER\u00caNCIA DE PRESTA\u00c7\u00c3O DE CONTAS \/ COORDENA\u00c7\u00c3O DE CONSELHO ESCOLAR &#8211; SEDUC \u00c9 uma equipe de orienta\u00e7\u00e3o e acompanhamento dos Conselhos Escolares das unidades educacionais e Coordena\u00e7\u00f5es Regionais de Educa\u00e7\u00e3o (CREs). O CONSELHO ESCOLAR DENTRO DA ESCOLA \u00c9 uma entidade aut\u00f4noma, sem fins lucrativos, institu\u00eddo por prazo indeterminado, para funcionar como \u00f3rg\u00e3o pedag\u00f3gico, consultivo,&hellip;","_links":{"self":[{"href":"https:\/\/goias.gov.br\/educacao\/wp-json\/wp\/v2\/posts\/38189","targetHints":{"allow":["GET"]}}],"collection":[{"href":"https:\/\/goias.gov.br\/educacao\/wp-json\/wp\/v2\/posts"}],"about":[{"href":"https:\/\/goias.gov.br\/educacao\/wp-json\/wp\/v2\/types\/post"}],"author":[{"embeddable":true,"href":"https:\/\/goias.gov.br\/educacao\/wp-json\/wp\/v2\/users\/863"}],"replies":[{"embeddable":true,"href":"https:\/\/goias.gov.br\/educacao\/wp-json\/wp\/v2\/comments?post=38189"}],"version-history":[{"count":1,"href":"https:\/\/goias.gov.br\/educacao\/wp-json\/wp\/v2\/posts\/38189\/revisions"}],"predecessor-version":[{"id":660729,"href":"https:\/\/goias.gov.br\/educacao\/wp-json\/wp\/v2\/posts\/38189\/revisions\/660729"}],"wp:featuredmedia":[{"embeddable":true,"href":"https:\/\/goias.gov.br\/educacao\/wp-json\/wp\/v2\/media\/38188"}],"wp:attachment":[{"href":"https:\/\/goias.gov.br\/educacao\/wp-json\/wp\/v2\/media?parent=38189"}],"wp:term":[{"taxonomy":"category","embeddable":true,"href":"https:\/\/goias.gov.br\/educacao\/wp-json\/wp\/v2\/categories?post=38189"},{"taxonomy":"post_tag","embeddable":true,"href":"https:\/\/goias.gov.br\/educacao\/wp-json\/wp\/v2\/tags?post=38189"}],"curies":[{"name":"wp","href":"https:\/\/api.w.org\/{rel}","templated":true}]}}