

{"id":381278,"date":"2025-03-23T17:08:38","date_gmt":"2025-03-23T20:08:38","guid":{"rendered":"https:\/\/goias.gov.br\/educacao\/?p=381278"},"modified":"2025-03-23T18:10:30","modified_gmt":"2025-03-23T21:10:30","slug":"carlos-roberto-antonio-de-almeida","status":"publish","type":"post","link":"https:\/\/goias.gov.br\/educacao\/carlos-roberto-antonio-de-almeida\/","title":{"rendered":"Carlos Roberto Ant\u00f4nio de Almeida"},"content":{"rendered":"\n<p>A Secretaria de Estado da Educa\u00e7\u00e3o de Goi\u00e1s (Seduc) comunica, com profundo pesar, o falecimento do professor Carlos Roberto Ant\u00f4nio de Almeida, educador dedicado que atuava nos Colegios Estaduais Solon Amaral, Jo\u00e3o Jos\u00e9 Coutinho e Jardim Cerrado.<\/p>\n\n\n\n<p>Com 26 anos de dedica\u00e7\u00e3o \u00e0 educa\u00e7\u00e3o, Carlos Roberto formou-se em Biologia e deixou uma trajet\u00f3ria marcada pelo compromisso com o ensino e pelo carinho com seus alunos e colegas. Sua aus\u00eancia ser\u00e1 profundamente sentida por toda a comunidade escolar.<\/p>\n\n\n\n<p>Neste momento de dor, a Seduc, em nome de todos os servidores, manifesta solidariedade e se une em ora\u00e7\u00e3o para confortar seus filhos, seus pais, amigos e colegas. Que sua mem\u00f3ria permane\u00e7a viva e seu legado na educa\u00e7\u00e3o jamais seja esquecido.<\/p>\n","protected":false},"excerpt":{"rendered":"<p>A Secretaria de Estado da Educa\u00e7\u00e3o de Goi\u00e1s (Seduc) comunica, com profundo pesar, o falecimento do professor Carlos Roberto Ant\u00f4nio de Almeida, educador dedicado que atuava nos Colegios Estaduais Solon Amaral, Jo\u00e3o Jos\u00e9 Coutinho e Jardim Cerrado. Com 26 anos de dedica\u00e7\u00e3o \u00e0 educa\u00e7\u00e3o, Carlos Roberto formou-se em Biologia e deixou uma trajet\u00f3ria marcada pelo [&hellip;]<\/p>\n","protected":false},"author":458,"featured_media":0,"comment_status":"closed","ping_status":"open","sticky":false,"template":"","format":"standard","meta":{"footnotes":""},"categories":[4826],"tags":[],"class_list":["post-381278","post","type-post","status-publish","format-standard","hentry","category-nota-de-pesar"],"rttpg_featured_image_url":null,"rttpg_author":{"display_name":"marcleymatos","author_link":"https:\/\/goias.gov.br\/educacao\/author\/marcleymatos\/"},"rttpg_comment":0,"rttpg_category":"<a href=\"https:\/\/goias.gov.br\/educacao\/categoria\/nota-de-pesar\/\" rel=\"category tag\">Nota de pesar<\/a>","rttpg_excerpt":"A Secretaria de Estado da Educa\u00e7\u00e3o de Goi\u00e1s (Seduc) comunica, com profundo pesar, o falecimento do professor Carlos Roberto Ant\u00f4nio de Almeida, educador dedicado que atuava nos Colegios Estaduais Solon Amaral, Jo\u00e3o Jos\u00e9 Coutinho e Jardim Cerrado. Com 26 anos de dedica\u00e7\u00e3o \u00e0 educa\u00e7\u00e3o, Carlos Roberto formou-se em Biologia e deixou uma trajet\u00f3ria marcada pelo&hellip;","_links":{"self":[{"href":"https:\/\/goias.gov.br\/educacao\/wp-json\/wp\/v2\/posts\/381278","targetHints":{"allow":["GET"]}}],"collection":[{"href":"https:\/\/goias.gov.br\/educacao\/wp-json\/wp\/v2\/posts"}],"about":[{"href":"https:\/\/goias.gov.br\/educacao\/wp-json\/wp\/v2\/types\/post"}],"author":[{"embeddable":true,"href":"https:\/\/goias.gov.br\/educacao\/wp-json\/wp\/v2\/users\/458"}],"replies":[{"embeddable":true,"href":"https:\/\/goias.gov.br\/educacao\/wp-json\/wp\/v2\/comments?post=381278"}],"version-history":[{"count":1,"href":"https:\/\/goias.gov.br\/educacao\/wp-json\/wp\/v2\/posts\/381278\/revisions"}],"predecessor-version":[{"id":381329,"href":"https:\/\/goias.gov.br\/educacao\/wp-json\/wp\/v2\/posts\/381278\/revisions\/381329"}],"wp:attachment":[{"href":"https:\/\/goias.gov.br\/educacao\/wp-json\/wp\/v2\/media?parent=381278"}],"wp:term":[{"taxonomy":"category","embeddable":true,"href":"https:\/\/goias.gov.br\/educacao\/wp-json\/wp\/v2\/categories?post=381278"},{"taxonomy":"post_tag","embeddable":true,"href":"https:\/\/goias.gov.br\/educacao\/wp-json\/wp\/v2\/tags?post=381278"}],"curies":[{"name":"wp","href":"https:\/\/api.w.org\/{rel}","templated":true}]}}