

{"id":37475,"date":"2019-11-26T07:43:48","date_gmt":"2019-11-26T10:43:48","guid":{"rendered":"https:\/\/siteshom.goias.gov.br\/educacao\/cartaconvite\/"},"modified":"2019-11-26T07:43:48","modified_gmt":"2019-11-26T10:43:48","slug":"cartaconvite","status":"publish","type":"post","link":"https:\/\/goias.gov.br\/educacao\/cartaconvite\/","title":{"rendered":"Carta Convite"},"content":{"rendered":"<p><\/p><p><h3 class=\"has-text-align-center wp-block-heading\">Carta Convite da Merenda Escolar<\/h3><\/p><p><\/p><p><\/p><p><div style=\"height:20px\" aria-hidden=\"true\" class=\"wp-block-spacer\"><\/div><\/p><p><\/p><p><\/p><p><h3 class=\"wp-block-heading\">&nbsp;Referente ao 1\u00ba semestre de 2021.<\/h3><\/p><p><\/p><p><\/p><p><div class=\"wp-block-columns is-layout-flex wp-container-core-columns-is-layout-9d6595d7 wp-block-columns-is-layout-flex\"><\/p><p><div class=\"wp-block-column is-layout-flow wp-block-column-is-layout-flow\"><\/p><p><div class=\"wp-block-file\"><a href=\"https:\/\/goias.gov.br\/educacao\/wp-content\/uploads\/sites\/40\/2019\/11\/RELATORIO-EXTRATO-CONTRATO-CAMPOS-BELOS-fb5.pdf\" target=\"_blank\" rel=\"noreferrer noopener\">RELATORIO-EXTRATO-CONTRATO-CAMPOS-BELOS<\/a><\/div><\/p><p><\/p><p><\/p><p><div class=\"wp-block-file\"><a href=\"https:\/\/goias.gov.br\/educacao\/wp-content\/uploads\/sites\/40\/2019\/11\/RELATORIO-EXTRATO-CONTRATO-GOIANESIA-001-2021-df6.pdf\" target=\"_blank\" rel=\"noreferrer noopener\">RELATORIO-EXTRATO-CONTRATO-GOIANESIA-001-2021<\/a><\/div><\/p><p><\/p><p><\/p><p><div class=\"wp-block-file\"><a href=\"https:\/\/goias.gov.br\/educacao\/wp-content\/uploads\/sites\/40\/2019\/11\/RELATORIO-EXTRATO-CONTRATO-IPORA-74b.pdf\" target=\"_blank\" rel=\"noreferrer noopener\">RELATORIO-EXTRATO-CONTRATO-IPORA<\/a><\/div><\/p><p><\/p><p><\/p><p><div class=\"wp-block-file\"><a href=\"https:\/\/goias.gov.br\/educacao\/wp-content\/uploads\/sites\/40\/2019\/11\/RELATORIO-EXTRATO-CONTRATO-ITUMBIARA-73d.pdf\" target=\"_blank\" rel=\"noreferrer noopener\">RELATORIO-EXTRATO-CONTRATO-ITUMBIARA<\/a><\/div><\/p><p><\/p><p><\/p><p><div class=\"wp-block-file\"><a href=\"https:\/\/goias.gov.br\/educacao\/wp-content\/uploads\/sites\/40\/2019\/11\/RELATORIO-EXTRATO-CONTRATO-PIRACANJUBA-parte-I-7da.pdf\" target=\"_blank\" rel=\"noreferrer noopener\">RELATORIO-EXTRATO-CONTRATO-PIRACANJUBA-parte-I<\/a><\/div><\/p><p><\/p><p><\/p><p><div class=\"wp-block-file\"><a href=\"https:\/\/goias.gov.br\/educacao\/wp-content\/uploads\/sites\/40\/2019\/11\/RELATORIO-EXTRATO-CONTRATO-PIRES-DO-RIO-5c6.pdf\" target=\"_blank\" rel=\"noreferrer noopener\">RELATORIO-EXTRATO-CONTRATO-PIRES-DO-RIO<\/a><\/div><\/p><p><\/p><p><\/p><p><div class=\"wp-block-file\"><a href=\"https:\/\/goias.gov.br\/educacao\/wp-content\/uploads\/sites\/40\/2019\/11\/RELATORIO-EXTRATO-CONTRATO-POSSE-4fe.pdf\" target=\"_blank\" rel=\"noreferrer noopener\">RELATORIO-EXTRATO-CONTRATO-POSSE<\/a><\/div><\/p><p><\/p><p><\/p><p><div class=\"wp-block-file\"><a href=\"https:\/\/goias.gov.br\/educacao\/wp-content\/uploads\/sites\/40\/2019\/11\/RELATORIO-EXTRATO-CONTRATO-SAO-MIGUEL-DO-ARAGUAIA-492.pdf\" target=\"_blank\" rel=\"noreferrer noopener\">RELATORIO-EXTRATO-CONTRATO-SAO-MIGUEL-DO-ARAGUAIA<\/a><\/div><\/p><p><\/p><p><\/p><p><div class=\"wp-block-file\"><a href=\"https:\/\/goias.gov.br\/educacao\/wp-content\/uploads\/sites\/40\/2019\/11\/RELATORIO-EXTRATO-CONTRATO-INHUMAS-53f.pdf\" target=\"_blank\" rel=\"noreferrer noopener\">RELATORIO-EXTRATO-CONTRATO-INHUMAS<\/a><\/div><\/p><p><\/p><p><\/p><p><div class=\"wp-block-file\"><a href=\"https:\/\/goias.gov.br\/educacao\/wp-content\/uploads\/sites\/40\/2019\/11\/RELATORIO-EXTRATO-CONTRATO-QUIRINOPOLIS-144.pdf\" target=\"_blank\" rel=\"noreferrer noopener\">RELATORIO-EXTRATO-CONTRATO-QUIRINOPOLIS<\/a><\/div><\/p><p><\/p><p><\/p><p><div class=\"wp-block-file\"><a href=\"https:\/\/goias.gov.br\/educacao\/wp-content\/uploads\/sites\/40\/2019\/11\/RELATORIO-EXTRATO-CONTRATO-SAO-LUIS-DE-MONTES-BELOS-parte-II-ce3.pdf\" target=\"_blank\" rel=\"noreferrer noopener\">RELATORIO-EXTRATO-CONTRATO-SAO-LUIS-DE-MONTES-BELOS-parte-II<br><\/a><\/div><\/p><p><\/p><p><\/p><p><div class=\"wp-block-file\"><a href=\"https:\/\/goias.gov.br\/educacao\/wp-content\/uploads\/sites\/40\/2019\/11\/RELATORIO-EXTRATO-CONTRATO-CAMPOS-BELOS-parte-II-2-fce.pdf\" target=\"_blank\" rel=\"noreferrer noopener\">RELATORIO-EXTRATO-CONTRATO-CAMPOS-BELOS-parte-II-2<\/a><\/div><\/p><p><\/div><\/p><p><\/p><p><\/p><p><div class=\"wp-block-column is-layout-flow wp-block-column-is-layout-flow\"><\/p><p><div class=\"wp-block-file\"><a href=\"https:\/\/goias.gov.br\/educacao\/wp-content\/uploads\/sites\/40\/2019\/11\/RELATORIO-EXTRATO-CONTRATO-CERES-d73.pdf\" target=\"_blank\" rel=\"noreferrer noopener\">RELATORIO-EXTRATO-CONTRATO-CERES<\/a><\/div><\/p><p><\/p><p><\/p><p><div class=\"wp-block-file\"><a href=\"https:\/\/goias.gov.br\/educacao\/wp-content\/uploads\/sites\/40\/2019\/11\/RELATORIO-EXTRATO-CONTRATO-GOIANESIA-002-2021-345.pdf\" target=\"_blank\" rel=\"noreferrer noopener\">RELATORIO-EXTRATO-CONTRATO-GOIANESIA-002-2021<\/a><\/div><\/p><p><\/p><p><\/p><p><div class=\"wp-block-file\"><a href=\"https:\/\/goias.gov.br\/educacao\/wp-content\/uploads\/sites\/40\/2019\/11\/RELATORIO-EXTRATO-CONTRATO-ITAPACI-884.pdf\" target=\"_blank\" rel=\"noreferrer noopener\">RELATORIO-EXTRATO-CONTRATO-ITAPACI<\/a><\/div><\/p><p><\/p><p><\/p><p><div class=\"wp-block-file\"><a href=\"https:\/\/goias.gov.br\/educacao\/wp-content\/uploads\/sites\/40\/2019\/11\/RELATORIO-EXTRATO-CONTRATO-MORRINHOS-891.pdf\" target=\"_blank\" rel=\"noreferrer noopener\">RELATORIO-EXTRATO-CONTRATO-MORRINHOS<\/a><\/div><\/p><p><\/p><p><\/p><p><div class=\"wp-block-file\"><a href=\"https:\/\/goias.gov.br\/educacao\/wp-content\/uploads\/sites\/40\/2019\/11\/RELATORIO-EXTRATO-CONTRATO-PIRACANJUBA-parte-II-7a1.pdf\" target=\"_blank\" rel=\"noreferrer noopener\">RELATORIO-EXTRATO-CONTRATO-PIRACANJUBA-parte-II<\/a><\/div><\/p><p><\/p><p><\/p><p><div class=\"wp-block-file\"><a href=\"https:\/\/goias.gov.br\/educacao\/wp-content\/uploads\/sites\/40\/2019\/11\/RELATORIO-EXTRATO-CONTRATO-PLANALTINA-e6b.pdf\" target=\"_blank\" rel=\"noreferrer noopener\">RELATORIO-EXTRATO-CONTRATO-PLANALTINA<\/a><\/div><\/p><p><\/p><p><\/p><p><div class=\"wp-block-file\"><a href=\"https:\/\/goias.gov.br\/educacao\/wp-content\/uploads\/sites\/40\/2019\/11\/RELATORIO-EXTRATO-CONTRATO-RIO-VERDE-c29.pdf\" target=\"_blank\" rel=\"noreferrer noopener\">RELATORIO-EXTRATO-CONTRATO-RIO-VERDE-<\/a><\/div><\/p><p><\/p><p><\/p><p><div class=\"wp-block-file\"><a href=\"https:\/\/goias.gov.br\/educacao\/wp-content\/uploads\/sites\/40\/2019\/11\/RELATORIO-EXTRATO-CONTRATO-SILVANIA-30e.pdf\" target=\"_blank\" rel=\"noreferrer noopener\">RELATORIO-EXTRATO-CONTRATO-SILVANIA<\/a><\/div><\/p><p><\/p><p><\/p><p><div class=\"wp-block-file\"><a href=\"https:\/\/goias.gov.br\/educacao\/wp-content\/uploads\/sites\/40\/2019\/11\/RELATORIO-EXTRATO-CONTRATO-AGUAS-LINDAS-002-2021-c51.pdf\" target=\"_blank\" rel=\"noreferrer noopener\">RELATORIO-EXTRATO-CONTRATO-AGUAS-LINDAS-002-2021<\/a><\/div><\/p><p><\/p><p><\/p><p><div class=\"wp-block-file\"><a href=\"https:\/\/goias.gov.br\/educacao\/wp-content\/uploads\/sites\/40\/2019\/11\/RELATORIO-EXTRATO-CONTRATO-LUZIANIA-5b5.pdf\" target=\"_blank\" rel=\"noreferrer noopener\">RELATORIO-EXTRATO-CONTRATO-LUZIANIA<\/a><\/div><\/p><p><\/p><p><\/p><p><div class=\"wp-block-file\"><a href=\"https:\/\/goias.gov.br\/educacao\/wp-content\/uploads\/sites\/40\/2019\/11\/RELATORIO-EXTRATO-CONTRATO-SANTA-HELENA-4f5.pdf\" target=\"_blank\" rel=\"noreferrer noopener\">RELATORIO-EXTRATO-CONTRATO-SANTA-HELENA<\/a><\/div><\/p><p><\/p><p><\/p><p><div class=\"wp-block-file\"><a href=\"https:\/\/goias.gov.br\/educacao\/wp-content\/uploads\/sites\/40\/2019\/11\/RELATORIO-EXTRATO-CONTRATO-URUACU-1-e44.pdf\" target=\"_blank\" rel=\"noreferrer noopener\">RELATORIO-EXTRATO-CONTRATO-URUACU-1<\/a><\/div><\/p><p><\/p><p><\/p><p><div class=\"wp-block-file\"><a href=\"https:\/\/goias.gov.br\/educacao\/wp-content\/uploads\/sites\/40\/2019\/11\/RELATORIO-EXTRATO-CONTRATO-JUSSARA-1-3ea.pdf\" target=\"_blank\" rel=\"noreferrer noopener\">RELATORIO-EXTRATO-CONTRATO-JUSSARA-1<\/a><\/div><\/p><p><\/div><\/p><p><\/p><p><\/p><p><div class=\"wp-block-column is-layout-flow wp-block-column-is-layout-flow\"><\/p><p><div class=\"wp-block-file\"><a href=\"https:\/\/goias.gov.br\/educacao\/wp-content\/uploads\/sites\/40\/2019\/11\/RELATORIO-EXTRATO-CONTRATO-CIDADE-DE-GOIAS-c68.pdf\" target=\"_blank\" rel=\"noreferrer noopener\">RELATORIO-EXTRATO-CONTRATO-CIDADE-DE-GOIAS<\/a><\/div><\/p><p><\/p><p><\/p><p><div class=\"wp-block-file\"><a href=\"https:\/\/goias.gov.br\/educacao\/wp-content\/uploads\/sites\/40\/2019\/11\/RELATORIO-EXTRATO-CONTRATO-GOIANIA-691.pdf\" target=\"_blank\" rel=\"noreferrer noopener\">RELATORIO-EXTRATO-CONTRATO-GOIANIA<\/a><\/div><\/p><p><\/p><p><\/p><p><div class=\"wp-block-file\"><a href=\"https:\/\/goias.gov.br\/educacao\/wp-content\/uploads\/sites\/40\/2019\/11\/RELATORIO-EXTRATO-CONTRATO-ITAPURANGA-a06.pdf\" target=\"_blank\" rel=\"noreferrer noopener\">RELATORIO-EXTRATO-CONTRATO-ITAPURANGA<\/a><\/div><\/p><p><\/p><p><\/p><p><div class=\"wp-block-file\"><a href=\"https:\/\/goias.gov.br\/educacao\/wp-content\/uploads\/sites\/40\/2019\/11\/RELATORIO-EXTRATO-CONTRATO-PALMEIRAS-DE-GOIAS-f93.pdf\" target=\"_blank\" rel=\"noreferrer noopener\">RELATORIO-EXTRATO-CONTRATO-PALMEIRAS-DE-GOIAS<\/a><\/div><\/p><p><\/p><p><\/p><p><div class=\"wp-block-file\"><a href=\"https:\/\/goias.gov.br\/educacao\/wp-content\/uploads\/sites\/40\/2019\/11\/RELATORIO-EXTRATO-CONTRATO-PIRANHAS-fa3.pdf\" target=\"_blank\" rel=\"noreferrer noopener\">RELATORIO-EXTRATO-CONTRATO-PIRANHAS<\/a><\/div><\/p><p><\/p><p><\/p><p><div class=\"wp-block-file\"><a href=\"https:\/\/goias.gov.br\/educacao\/wp-content\/uploads\/sites\/40\/2019\/11\/RELATORIO-EXTRATO-CONTRATO-PORANGATU-be4.pdf\" target=\"_blank\" rel=\"noreferrer noopener\">RELATORIO-EXTRATO-CONTRATO-PORANGATU<\/a><\/div><\/p><p><\/p><p><\/p><p><div class=\"wp-block-file\"><a href=\"https:\/\/goias.gov.br\/educacao\/wp-content\/uploads\/sites\/40\/2019\/11\/RELATORIO-EXTRATO-CONTRATO-RUBIATABA-e63.pdf\" target=\"_blank\" rel=\"noreferrer noopener\">RELATORIO-EXTRATO-CONTRATO-RUBIATABA-<\/a><\/div><\/p><p><\/p><p><\/p><p><div class=\"wp-block-file\"><a href=\"https:\/\/goias.gov.br\/educacao\/wp-content\/uploads\/sites\/40\/2019\/11\/RELATORIO-EXTRATO-CONTRATO-AGUAS-LINDAS-001-2021-2e2.pdf\" target=\"_blank\" rel=\"noreferrer noopener\">RELATORIO-EXTRATO-CONTRATO-AGUAS-LINDAS-001-2021<\/a><\/div><\/p><p><\/p><p><\/p><p><div class=\"wp-block-file\"><a href=\"https:\/\/goias.gov.br\/educacao\/wp-content\/uploads\/sites\/40\/2019\/11\/RELATORIO-EXTRATO-CONTRATO-APARECIDA-DE-GOIANIA-1-ce3.pdf\" target=\"_blank\" rel=\"noreferrer noopener\">RELATORIO-EXTRATO-CONTRATO-APARECIDA-DE-GOIANIA-1<\/a><\/div><\/p><p><\/p><p><\/p><p><div class=\"wp-block-file\"><a href=\"https:\/\/goias.gov.br\/educacao\/wp-content\/uploads\/sites\/40\/2019\/11\/RELATORIO-EXTRATO-CONTRATO-MINEIROS-138.pdf\" target=\"_blank\" rel=\"noreferrer noopener\">RELATORIO-EXTRATO-CONTRATO-MINEIROS<\/a><\/div><\/p><p><\/p><p><\/p><p><div class=\"wp-block-file\"><a href=\"https:\/\/goias.gov.br\/educacao\/wp-content\/uploads\/sites\/40\/2019\/11\/RELATORIO-EXTRATO-CONTRATO-SAO-LUIS-DE-MONTES-BELOS-parte-I-577.pdf\" target=\"_blank\" rel=\"noreferrer noopener\">RELATORIO-EXTRATO-CONTRATO-SAO-LUIS-DE-MONTES-BELOS-parte-I<\/a><\/div><\/p><p><\/p><p><\/p><p><div class=\"wp-block-file\"><a href=\"https:\/\/goias.gov.br\/educacao\/wp-content\/uploads\/sites\/40\/2019\/11\/RELATORIO-EXTRATOS-DE-CONTRATO-ITABERAI-32f.pdf\" target=\"_blank\" rel=\"noreferrer noopener\">RELATORIO-EXTRATOS-DE-CONTRATO-ITABERAI<\/a><\/div><\/p><p><\/p><p><\/p><p><div class=\"wp-block-file\"><a href=\"https:\/\/goias.gov.br\/educacao\/wp-content\/uploads\/sites\/40\/2019\/11\/RELATORIO-EXTRATO-CONTRATO-TRINDADE-273.pdf\" target=\"_blank\" rel=\"noreferrer noopener\">RELATORIO-EXTRATO-CONTRATO-TRINDADE<\/a><\/div><\/p><p><\/div><\/p><p><\/div><\/p><p><\/p><p><\/p><p><div style=\"height:49px\" aria-hidden=\"true\" class=\"wp-block-spacer\"><\/div><\/p><p><\/p><p><\/p><p><h3 class=\"wp-block-heading\"> 001\/2021 &#8211; Referente ao 1\u00ba Semestre de 2021<\/h3><\/p><p><\/p><p><\/p><p><div class=\"wp-block-columns is-layout-flex wp-container-core-columns-is-layout-9d6595d7 wp-block-columns-is-layout-flex\"><\/p><p><div class=\"wp-block-column is-layout-flow wp-block-column-is-layout-flow\"><\/p><p><div class=\"wp-block-file\"><a href=\"https:\/\/goias.gov.br\/educacao\/wp-content\/uploads\/sites\/40\/2019\/11\/ANEXO-DO-CONVITE-001-2021-1o-semestre-de-2021-652.docx\" target=\"_blank\" rel=\"noreferrer noopener\">ANEXO-DO-CONVITE-001-2021-1o-semestre-de-2021<\/a><\/div><\/p><p><\/p><p><\/p><p><div class=\"wp-block-file\"><a href=\"https:\/\/goias.gov.br\/educacao\/wp-content\/uploads\/sites\/40\/2019\/11\/MINUTA-CONVITE-001-2021-1o-semestre-de-2021-a9a.doc\" target=\"_blank\" rel=\"noreferrer noopener\">MINUTA-CONVITE-001-2021-1o-semestre-de-2021<\/a><\/div><\/p><p><\/div><\/p><p><\/p><p><\/p><p><div class=\"wp-block-column is-layout-flow wp-block-column-is-layout-flow\"><\/p><p><div class=\"wp-block-file\"><a href=\"https:\/\/goias.gov.br\/educacao\/wp-content\/uploads\/sites\/40\/2019\/11\/Check-List-CONVITE-f75.docx\" target=\"_blank\" rel=\"noreferrer noopener\">Check-List-CONVITE<\/a><\/div><\/p><p><\/p><p><\/p><p><div class=\"wp-block-file\"><a href=\"https:\/\/goias.gov.br\/educacao\/wp-content\/uploads\/sites\/40\/2019\/11\/MODELO-DE-RELATORIO-DE-EXTRATO-PARA-AS-CREs-6c0.docx\" target=\"_blank\" rel=\"noreferrer noopener\">MODELO-DE-RELATORIO-DE-EXTRATO-PARA-AS-CREs<\/a><\/div><\/p><p><\/div><\/p><p><\/p><p><\/p><p><div class=\"wp-block-column is-layout-flow wp-block-column-is-layout-flow\"><\/p><p><div class=\"wp-block-file\"><a href=\"https:\/\/goias.gov.br\/educacao\/wp-content\/uploads\/sites\/40\/2019\/11\/EXTRATO-DE-CONTRATO-9a7.docx\" target=\"_blank\" rel=\"noreferrer noopener\">EXTRATO-DE-CONTRATO<\/a><\/div><\/p><p><\/p><p><\/p><p><div class=\"wp-block-file\"><a href=\"https:\/\/goias.gov.br\/educacao\/wp-content\/uploads\/sites\/40\/2019\/11\/SEQUENCIA-DE-DOCUMENTOS-MONTAGEM-PROCESSO-FILHO-1-c03.docx\" target=\"_blank\" rel=\"noreferrer noopener\">SEQUENCIA-DE-DOCUMENTOS-MONTAGEM-PROCESSO-FILHO-1<\/a><\/div><\/p><p><\/div><\/p><p><\/div><\/p><p><\/p><p><\/p><p><div style=\"height:45px\" aria-hidden=\"true\" class=\"wp-block-spacer\"><\/div><\/p><p><\/p><p><\/p><p><h3 class=\"has-text-align-center wp-block-heading\">003\/2020 &#8211; Referente ao 2\u00ba Semestre de 2020<\/h3><\/p><p><\/p><p><\/p><p><div style=\"height:20px\" aria-hidden=\"true\" class=\"wp-block-spacer\"><\/div><\/p><p><\/p><p><\/p><p><div class=\"wp-block-columns is-layout-flex wp-container-core-columns-is-layout-9d6595d7 wp-block-columns-is-layout-flex\"><\/p><p><div class=\"wp-block-column is-layout-flow wp-block-column-is-layout-flow\"><\/p><p><div class=\"wp-block-file\"><a href=\"https:\/\/goias.gov.br\/educacao\/wp-content\/uploads\/sites\/40\/2019\/11\/RELATORIO-EXTRATO-DE-CONTRATO-CONVITE-003-2020-GOIANESIA-982.pdf\" target=\"_blank\" rel=\"noreferrer noopener\">RELATORIO-EXTRATO-DE-CONTRATO-CONVITE-003-2020-GOIANESIA<\/a><\/div><\/p><p><\/p><p><\/p><p><div class=\"wp-block-file\"><a href=\"https:\/\/goias.gov.br\/educacao\/wp-content\/uploads\/sites\/40\/2019\/11\/RELATORIO-EXTRATO-DE-CONTRATO-AGUAS-LINDAS-parte-II-85f.pdf\" target=\"_blank\" rel=\"noreferrer noopener\">RELATORIO-EXTRATO-DE-CONTRATO-AGUAS-LINDAS-parte-II<\/a><\/div><\/p><p><\/p><p><\/p><p><div class=\"wp-block-file\"><a href=\"https:\/\/goias.gov.br\/educacao\/wp-content\/uploads\/sites\/40\/2019\/11\/RELATORIO-EXTRATO-DE-CONTRATO-AGUAS-LINDAS-parte-V-756.pdf\" target=\"_blank\" rel=\"noreferrer noopener\">RELATORIO-EXTRATO-DE-CONTRATO-AGUAS-LINDAS-parte-V<\/a><\/div><\/p><p><\/p><p><\/p><p><div class=\"wp-block-file\"><a href=\"https:\/\/goias.gov.br\/educacao\/wp-content\/uploads\/sites\/40\/2019\/11\/RELATORIO-EXTRATO-DE-CONTRATO-APARECIDA-DE-GOIANIA-parte-I-224.pdf\" target=\"_blank\" rel=\"noreferrer noopener\">RELATORIO-EXTRATO-DE-CONTRATO-APARECIDA-DE-GOIANIA-parte-I<\/a><\/div><\/p><p><\/p><p><\/p><p><div class=\"wp-block-file\"><a href=\"https:\/\/goias.gov.br\/educacao\/wp-content\/uploads\/sites\/40\/2019\/11\/RELATORIO-EXTRATO-DE-CONTRATO-CAMPOS-BELOS-parte-II-da3.pdf\" target=\"_blank\" rel=\"noreferrer noopener\">RELATORIO-EXTRATO-DE-CONTRATO-CAMPOS-BELOS-parte-II<\/a><\/div><\/p><p><\/p><p><\/p><p><div class=\"wp-block-file\"><a href=\"https:\/\/goias.gov.br\/educacao\/wp-content\/uploads\/sites\/40\/2019\/11\/RELATORIO-EXTRATO-DE-CONTRATO-IPORA-parte-II-0e7.pdf\" target=\"_blank\" rel=\"noreferrer noopener\">RELATORIO-EXTRATO-DE-CONTRATO-IPORA-parte-II<\/a><\/div><\/p><p><\/p><p><\/p><p><div class=\"wp-block-file\"><a href=\"https:\/\/goias.gov.br\/educacao\/wp-content\/uploads\/sites\/40\/2019\/11\/RELATORIO-EXTRATO-DE-CONTRATO-MINEIROS-1-437.pdf\" target=\"_blank\" rel=\"noreferrer noopener\">RELATORIO-EXTRATO-DE-CONTRATO-MINEIROS-1<\/a><\/div><\/p><p><\/p><p><\/p><p><div class=\"wp-block-file\"><a href=\"https:\/\/goias.gov.br\/educacao\/wp-content\/uploads\/sites\/40\/2019\/11\/RELATORIO-EXTRATO-DE-CONTRATO-PIRES-DO-RIO-parte-I-285.pdf\" target=\"_blank\" rel=\"noreferrer noopener\">RELATORIO-EXTRATO-DE-CONTRATO-PIRES-DO-RIO-parte-I<\/a><\/div><\/p><p><\/div><\/p><p><\/p><p><\/p><p><div class=\"wp-block-column is-layout-flow wp-block-column-is-layout-flow\"><\/p><p><div class=\"wp-block-file\"><a href=\"https:\/\/goias.gov.br\/educacao\/wp-content\/uploads\/sites\/40\/2019\/11\/RELATORIO-EXTRATO-DE-CONTRATO-AGUAS-LINDAS-parte-I-97d.pdf\" target=\"_blank\" rel=\"noreferrer noopener\">RELATORIO-EXTRATO-DE-CONTRATO-AGUAS-LINDAS-parte-I<\/a><\/div><\/p><p><\/p><p><\/p><p><div class=\"wp-block-file\"><a href=\"https:\/\/goias.gov.br\/educacao\/wp-content\/uploads\/sites\/40\/2019\/11\/RELATORIO-EXTRATO-DE-CONTRATO-AGUAS-LINDAS-parte-III-b55.pdf\" target=\"_blank\" rel=\"noreferrer noopener\">RELATORIO-EXTRATO-DE-CONTRATO-AGUAS-LINDAS-parte-III<\/a><\/div><\/p><p><\/p><p><\/p><p><div class=\"wp-block-file\"><a href=\"https:\/\/goias.gov.br\/educacao\/wp-content\/uploads\/sites\/40\/2019\/11\/RELATORIO-EXTRATO-DE-CONTRATO-AGUAS-LINDAS-parte-VI-777.pdf\" target=\"_blank\" rel=\"noreferrer noopener\">RELATORIO-EXTRATO-DE-CONTRATO-AGUAS-LINDAS-parte-VI<\/a><\/div><\/p><p><\/p><p><\/p><p><div class=\"wp-block-file\"><a href=\"https:\/\/goias.gov.br\/educacao\/wp-content\/uploads\/sites\/40\/2019\/11\/RELATORIO-EXTRATO-DE-CONTRATO-APARECIDA-DE-GOIANIA-parte-II-362.pdf\" target=\"_blank\" rel=\"noreferrer noopener\">RELATORIO-EXTRATO-DE-CONTRATO-APARECIDA-DE-GOIANIA-parte-II<\/a><\/div><\/p><p><\/p><p><\/p><p><div class=\"wp-block-file\"><a href=\"https:\/\/goias.gov.br\/educacao\/wp-content\/uploads\/sites\/40\/2019\/11\/RELATORIO-EXTRATO-DE-CONTRATO-CIDADE-DE-GOIAS-207.pdf\" target=\"_blank\" rel=\"noreferrer noopener\">RELATORIO-EXTRATO-DE-CONTRATO-CIDADE-DE-GOIAS<\/a><\/div><\/p><p><\/p><p><\/p><p><div class=\"wp-block-file\"><a href=\"https:\/\/goias.gov.br\/educacao\/wp-content\/uploads\/sites\/40\/2019\/11\/RELATORIO-EXTRATO-DE-CONTRATO-LUZIANIA-parte-I-15d.pdf\" target=\"_blank\" rel=\"noreferrer noopener\">RELATORIO-EXTRATO-DE-CONTRATO-LUZIANIA-parte-I<\/a><\/div><\/p><p><\/p><p><\/p><p><div class=\"wp-block-file\"><a href=\"https:\/\/goias.gov.br\/educacao\/wp-content\/uploads\/sites\/40\/2019\/11\/RELATORIO-EXTRATO-DE-CONTRATO-PALMEIRAS-enviado-site-4df.pdf\" target=\"_blank\" rel=\"noreferrer noopener\">RELATORIO-EXTRATO-DE-CONTRATO-PALMEIRAS-enviado-site<\/a><\/div><\/p><p><\/div><\/p><p><\/p><p><\/p><p><div class=\"wp-block-column is-layout-flow wp-block-column-is-layout-flow\"><\/p><p><div class=\"wp-block-file\"><a href=\"https:\/\/goias.gov.br\/educacao\/wp-content\/uploads\/sites\/40\/2019\/11\/RELATORIO-EXTRATO-DE-CONTRATO-CONVITE-003-2020-QUIRINOPOLIS-e85.pdf\" target=\"_blank\" rel=\"noreferrer noopener\">RELATORIO-EXTRATO-DE-CONTRATO-CONVITE-003-2020-QUIRINOPOLIS<\/a><\/div><\/p><p><\/p><p><\/p><p><div class=\"wp-block-file\"><a href=\"https:\/\/goias.gov.br\/educacao\/wp-content\/uploads\/sites\/40\/2019\/11\/RELATORIO-EXTRATO-DE-CONTRATO-AGUAS-LINDAS-parte-IV-674.pdf\" target=\"_blank\" rel=\"noreferrer noopener\">RELATORIO-EXTRATO-DE-CONTRATO-AGUAS-LINDAS-parte-IV<\/a><\/div><\/p><p><\/p><p><\/p><p><div class=\"wp-block-file\"><a href=\"https:\/\/goias.gov.br\/educacao\/wp-content\/uploads\/sites\/40\/2019\/11\/RELATORIO-EXTRATO-DE-CONTRATO-ANAPOLIS-1-16b.pdf\" target=\"_blank\" rel=\"noreferrer noopener\">RELATORIO-EXTRATO-DE-CONTRATO-ANAPOLIS-1<\/a><\/div><\/p><p><\/p><p><\/p><p><div class=\"wp-block-file\"><a href=\"https:\/\/goias.gov.br\/educacao\/wp-content\/uploads\/sites\/40\/2019\/11\/RELATORIO-EXTRATO-DE-CONTRATO-CAMPOS-BELOS-parte-I-5b3.pdf\" target=\"_blank\" rel=\"noreferrer noopener\">RELATORIO-EXTRATO-DE-CONTRATO-CAMPOS-BELOS-parte-I<\/a><\/div><\/p><p><\/p><p><\/p><p><div class=\"wp-block-file\"><a href=\"https:\/\/goias.gov.br\/educacao\/wp-content\/uploads\/sites\/40\/2019\/11\/RELATORIO-EXTRATO-DE-CONTRATO-IPORA-parte-I-a62.pdf\" target=\"_blank\" rel=\"noreferrer noopener\">RELATORIO-EXTRATO-DE-CONTRATO-IPORA-parte-I<\/a><\/div><\/p><p><\/p><p><\/p><p><div class=\"wp-block-file\"><a href=\"https:\/\/goias.gov.br\/educacao\/wp-content\/uploads\/sites\/40\/2019\/11\/RELATORIO-EXTRATO-DE-CONTRATO-LUZIANIA-parte-II-8a7.pdf\" target=\"_blank\" rel=\"noreferrer noopener\">RELATORIO-EXTRATO-DE-CONTRATO-LUZIANIA-parte-II<\/a><\/div><\/p><p><\/p><p><\/p><p><div class=\"wp-block-file\"><a href=\"https:\/\/goias.gov.br\/educacao\/wp-content\/uploads\/sites\/40\/2019\/11\/RELATORIO-EXTRATO-DE-CONTRATO-PIRANHAS-parte-III-720.pdf\" target=\"_blank\" rel=\"noreferrer noopener\">RELATORIO-EXTRATO-DE-CONTRATO-PIRANHAS-parte-III<\/a><\/div><\/p><p><\/p><p><\/p><p><div class=\"wp-block-file\"><a href=\"https:\/\/goias.gov.br\/educacao\/wp-content\/uploads\/sites\/40\/2019\/11\/RELATORIO-EXTRATO-DE-CONTRATO-PIRES-DO-RIO-parte-II-219.pdf\" target=\"_blank\" rel=\"noreferrer noopener\">RELATORIO-EXTRATO-DE-CONTRATO-PIRES-DO-RIO-parte-II<\/a><\/div><\/p><p><\/div><\/p><p><\/div><\/p><p><\/p><p><\/p><p><div style=\"height:100px\" aria-hidden=\"true\" class=\"wp-block-spacer\"><\/div><\/p><p><\/p><p><\/p><p><h3 class=\"has-text-align-center wp-block-heading\">002\/2020 &#8211; Referente ao 2\u00ba Semestre de 2020<\/h3><\/p><p><\/p><p><\/p><p><p><\/p><\/p><p><\/p><p><\/p><p><div class=\"wp-block-columns is-layout-flex wp-container-core-columns-is-layout-9d6595d7 wp-block-columns-is-layout-flex\"><\/p><p><div class=\"wp-block-column is-layout-flow wp-block-column-is-layout-flow\"><\/p><p><div class=\"wp-block-file\"><a href=\"https:\/\/goias.gov.br\/educacao\/wp-content\/uploads\/sites\/40\/2019\/11\/RELATORIO-EXTRATO-DE-CONTRATO-CONVITE-002-2020-ITUMBIARA-ec3.pdf\" target=\"_blank\" rel=\"noreferrer noopener\">RELATORIO-EXTRATO-DE-CONTRATO-CONVITE-002-2020-ITUMBIARA<\/a><\/div><\/p><p><\/p><p><\/p><p><div class=\"wp-block-file\"><a href=\"https:\/\/goias.gov.br\/educacao\/wp-content\/uploads\/sites\/40\/2019\/11\/RELATORIO-EXTRATO-DE-CONTRATO-CONVITE-002-2020-GOIANESIA-fd4.pdf\" target=\"_blank\" rel=\"noreferrer noopener\">RELATORIO-EXTRATO-DE-CONTRATO-CONVITE-002-2020-GOIANESIA<\/a><\/div><\/p><p><\/p><p><\/p><p><div class=\"wp-block-file\"><a href=\"https:\/\/goias.gov.br\/educacao\/wp-content\/uploads\/sites\/40\/2019\/11\/RELATORIO-EXTRATO-DE-CONTRATO-CONVITE-002-2020-GOIATUBA-96d.pdf\" target=\"_blank\" rel=\"noreferrer noopener\">RELATORIO-EXTRATO-DE-CONTRATO-CONVITE-002-2020-GOIATUBA<\/a><\/div><\/p><p><\/div><\/p><p><\/p><p><\/p><p><div class=\"wp-block-column is-layout-flow wp-block-column-is-layout-flow\"><\/p><p><div class=\"wp-block-file\"><a href=\"https:\/\/goias.gov.br\/educacao\/wp-content\/uploads\/sites\/40\/2019\/11\/RELATORIO-EXTRATO-HOMOLOGACAO-CONVITE-002-2020-MINACU-ad7.pdf\" target=\"_blank\" rel=\"noreferrer noopener\">RELATORIO-EXTRATO-HOMOLOGACAO-CONVITE-002-2020-MINACU<\/a><\/div><\/p><p><\/p><p><\/p><p><div class=\"wp-block-file\"><a href=\"https:\/\/goias.gov.br\/educacao\/wp-content\/uploads\/sites\/40\/2019\/11\/RELATORIO-EXTRATO-DE-CONTRATO-CONVITE-002-2020-GOIANIA-e0c.pdf\" target=\"_blank\" rel=\"noreferrer noopener\">RELATORIO-EXTRATO-DE-CONTRATO-CONVITE-002-2020-GOIANIA<\/a><\/div><\/p><p><\/p><p><\/p><p><div class=\"wp-block-file\"><a href=\"https:\/\/goias.gov.br\/educacao\/wp-content\/uploads\/sites\/40\/2019\/11\/RELATORIO-EXTRATO-DE-CONTRATO-CONVITE-002-2020-MORRINHOS-16f.pdf\" target=\"_blank\" rel=\"noreferrer noopener\">RELATORIO-EXTRATO-DE-CONTRATO-CONVITE-002-2020-MORRINHOS<\/a><\/div><\/p><p><\/div><\/p><p><\/p><p><\/p><p><div class=\"wp-block-column is-layout-flow wp-block-column-is-layout-flow\"><\/p><p><div class=\"wp-block-file\"><a href=\"https:\/\/goias.gov.br\/educacao\/wp-content\/uploads\/sites\/40\/2019\/11\/RELATORIO-HOMOLOGACAO-CONVITE-002-2020-PORANGATU-e4e.pdf\" target=\"_blank\" rel=\"noreferrer noopener\">RELATORIO-HOMOLOGACAO-CONVITE-002-2020-PORANGATU<\/a><\/div><\/p><p><\/p><p><\/p><p><div class=\"wp-block-file\"><a href=\"https:\/\/goias.gov.br\/educacao\/wp-content\/uploads\/sites\/40\/2019\/11\/RELATORIO-EXTRATO-DE-CONTRATO-CONVITE-002-2020-ITAPURANGA-72f.pdf\" target=\"_blank\" rel=\"noreferrer noopener\">RELATORIO-EXTRATO-DE-CONTRATO-CONVITE-002-2020-ITAPURANGA<\/a><\/div><\/p><p><\/p><p><\/p><p><div class=\"wp-block-file\"><a href=\"https:\/\/goias.gov.br\/educacao\/wp-content\/uploads\/sites\/40\/2019\/11\/RELATORIO-EXTRATO-DE-CONTRATO-CONVITE-002-2020-PALMEIRAS-339.pdf\" target=\"_blank\" rel=\"noreferrer noopener\">RELATORIO-EXTRATO-DE-CONTRATO-CONVITE-002-2020-PALMEIRAS<\/a><\/div><\/p><p><\/div><\/p><p><\/div><\/p><p><\/p><p><\/p><p><div style=\"height:20px\" aria-hidden=\"true\" class=\"wp-block-spacer\"><\/div><\/p><p><\/p><p><\/p><p><hr class=\"wp-block-separator\"\/><\/p><p><\/p><p><\/p><p><h3 class=\"has-text-align-center wp-block-heading\">001\/2020 &#8211; Referente ao 2\u00ba Semestre de 2020<\/h3><\/p><p><\/p><p><\/p><p><div style=\"height:20px\" aria-hidden=\"true\" class=\"wp-block-spacer\"><\/div><\/p><p><\/p><p><\/p><p><div class=\"wp-block-columns is-layout-flex wp-container-core-columns-is-layout-9d6595d7 wp-block-columns-is-layout-flex\"><\/p><p><div class=\"wp-block-column is-layout-flow wp-block-column-is-layout-flow\"><\/p><p><div class=\"wp-block-file\"><a href=\"https:\/\/goias.gov.br\/educacao\/wp-content\/uploads\/sites\/40\/2019\/11\/RELATORIO-HOMOLOGACAO-CONVITE-001-2020-APARECIDA-DE-GOIANIA-437.pdf\" target=\"_blank\" rel=\"noreferrer noopener\">RELATORIO-HOMOLOGACAO-CONVITE-001-2020-APARECIDA-DE-GOIANIA<\/a><\/div><\/p><p><\/p><p><\/p><p><div class=\"wp-block-file\"><a href=\"https:\/\/goias.gov.br\/educacao\/wp-content\/uploads\/sites\/40\/2019\/11\/RELATORIO-EXTRATO-DE-CONTRATO-CONVITE-001-2020-GOIANESIA-52e.pdf\" target=\"_blank\" rel=\"noreferrer noopener\">RELATORIO-EXTRATO-DE-CONTRATO-CONVITE-001-2020-GOIANESIA<\/a><\/div><\/p><p><\/p><p><\/p><p><hr class=\"wp-block-separator\"\/><\/p><p><\/p><p><\/p><p><div class=\"wp-block-file\"><a href=\"https:\/\/goias.gov.br\/educacao\/wp-content\/uploads\/sites\/40\/2019\/11\/RELATORIO-EXTRATO-DE-CONTRATO-CONVITE-001-2020-CERES-d72.pdf\" target=\"_blank\" rel=\"noreferrer noopener\">RELATORIO-EXTRATO-DE-CONTRATO-CONVITE-001-2020-CERES<\/a><\/div><\/p><p><\/p><p><\/p><p><div class=\"wp-block-file\"><a href=\"https:\/\/goias.gov.br\/educacao\/wp-content\/uploads\/sites\/40\/2019\/11\/RELATORIO-EXTRATO-DE-CONTRATO-CONVITE-001-2020-ITAPACI-eb1.pdf\" target=\"_blank\" rel=\"noreferrer noopener\">RELATORIO-EXTRATO-DE-CONTRATO-CONVITE-001-2020-ITAPACI<\/a><\/div><\/p><p><\/p><p><\/p><p><div class=\"wp-block-file\"><a href=\"https:\/\/goias.gov.br\/educacao\/wp-content\/uploads\/sites\/40\/2019\/11\/RELATORIO-EXTRATO-DE-CONTRATO-CONVITE-001-2020-RUBIATABA-d83.pdf\" target=\"_blank\" rel=\"noreferrer noopener\">RELATORIO-EXTRATO-DE-CONTRATO-CONVITE-001-2020-RUBIATABA<\/a><\/div><\/p><p><\/p><p><\/p><p><div class=\"wp-block-file\"><a href=\"https:\/\/goias.gov.br\/educacao\/wp-content\/uploads\/sites\/40\/2019\/11\/RELATORIO-HOMOLOGACAO-CONVITE-001-2020-ITUMBIARA-86d.pdf\" target=\"_blank\" rel=\"noreferrer noopener\">RELATORIO-HOMOLOGACAO-CONVITE-001-2020-ITUMBIARA<\/a><\/div><\/p><p><\/p><p><\/p><p><div class=\"wp-block-file\"><a href=\"https:\/\/goias.gov.br\/educacao\/wp-content\/uploads\/sites\/40\/2019\/11\/RELATORIO-HOMOLOGACAO-CONVITE-001-2020-PIRACANJUBA-ae8.pdf\" target=\"_blank\" rel=\"noreferrer noopener\">RELATORIO-HOMOLOGACAO-CONVITE-001-2020-PIRACANJUBA<\/a><\/div><\/p><p><\/div><\/p><p><\/p><p><\/p><p><div class=\"wp-block-column is-layout-flow wp-block-column-is-layout-flow\"><\/p><p><div class=\"wp-block-file\"><a href=\"https:\/\/goias.gov.br\/educacao\/wp-content\/uploads\/sites\/40\/2019\/11\/RELATORIO-HOMOLOGACAO-CONVITE-001-2020-GOIANIA-09f.pdf\" target=\"_blank\" rel=\"noreferrer noopener\">RELATORIO-HOMOLOGACAO-CONVITE-001-2020-GOIANIA<\/a><\/div><\/p><p><\/p><p><\/p><p><div class=\"wp-block-file\"><a href=\"https:\/\/goias.gov.br\/educacao\/wp-content\/uploads\/sites\/40\/2019\/11\/RELATORIO-EXTRATO-DE-CONTRATO-CONVITE-001-2020-PORANGATU-8e0.pdf\" target=\"_blank\" rel=\"noreferrer noopener\">RELATORIO-EXTRATO-DE-CONTRATO-CONVITE-001-2020-PORANGATU<\/a><\/div><\/p><p><\/p><p><\/p><p><hr class=\"wp-block-separator\"\/><\/p><p><\/p><p><\/p><p><div class=\"wp-block-file\"><a href=\"https:\/\/goias.gov.br\/educacao\/wp-content\/uploads\/sites\/40\/2019\/11\/RELATORIO-EXTRATO-DE-CONTRATO-CONVITE-001-2020-FORMOSA-b6c.pdf\" target=\"_blank\" rel=\"noreferrer noopener\">RELATORIO-EXTRATO-DE-CONTRATO-CONVITE-001-2020-FORMOSA<\/a><\/div><\/p><p><\/p><p><\/p><p><div class=\"wp-block-file\"><a href=\"https:\/\/goias.gov.br\/educacao\/wp-content\/uploads\/sites\/40\/2019\/11\/RELATORIO-EXTRATO-DE-CONTRATO-CONVITE-001-2020-PIRANHAS-0d3.pdf\" target=\"_blank\" rel=\"noreferrer noopener\">RELATORIO-EXTRATO-DE-CONTRATO-CONVITE-001-2020-PIRANHAS<\/a><\/div><\/p><p><\/p><p><\/p><p><div class=\"wp-block-file\"><a href=\"https:\/\/goias.gov.br\/educacao\/wp-content\/uploads\/sites\/40\/2019\/11\/RELATORIO-EXTRATO-DE-CONTRATO-CONVITE-001-2020-SILVANIA-c7e.pdf\" target=\"_blank\" rel=\"noreferrer noopener\">RELATORIO-EXTRATO-DE-CONTRATO-CONVITE-001-2020-SILVANIA<\/a><\/div><\/p><p><\/p><p><\/p><p><div class=\"wp-block-file\"><a href=\"https:\/\/goias.gov.br\/educacao\/wp-content\/uploads\/sites\/40\/2019\/11\/RELATORIO-HOMOLOGACAO-CONVITE-001-2020-PIRANHAS-fe8.pdf\" target=\"_blank\" rel=\"noreferrer noopener\">RELATORIO-HOMOLOGACAO-CONVITE-001-2020-PIRANHAS<\/a><\/div><\/p><p><\/div><\/p><p><\/p><p><\/p><p><div class=\"wp-block-column is-layout-flow wp-block-column-is-layout-flow\"><\/p><p><div class=\"wp-block-file\"><a href=\"https:\/\/goias.gov.br\/educacao\/wp-content\/uploads\/sites\/40\/2019\/11\/RELATORIO-EXTRATO-DE-CONTRATO-CONVITE-001-2020-TRINDADE-382.pdf\" target=\"_blank\" rel=\"noreferrer noopener\">RELATORIO-EXTRATO-DE-CONTRATO-CONVITE-001-2020-TRINDADE<\/a><\/div><\/p><p><\/p><p><\/p><p><hr class=\"wp-block-separator\"\/><\/p><p><\/p><p><\/p><p><div class=\"wp-block-file\"><a href=\"https:\/\/goias.gov.br\/educacao\/wp-content\/uploads\/sites\/40\/2019\/11\/RELATORIO-EXTRATO-DE-CONTRATO-CONVITE-001-2020-ITABERAI-b86.pdf\" target=\"_blank\" rel=\"noreferrer noopener\">RELATORIO-EXTRATO-DE-CONTRATO-CONVITE-001-2020-ITABERAI<\/a><\/div><\/p><p><\/p><p><\/p><p><div class=\"wp-block-file\"><a href=\"https:\/\/goias.gov.br\/educacao\/wp-content\/uploads\/sites\/40\/2019\/11\/RELATORIO-EXTRATO-DE-CONTRATO-CONVITE-001-2020-POSSE-4ff.pdf\" target=\"_blank\" rel=\"noreferrer noopener\">RELATORIO-EXTRATO-DE-CONTRATO-CONVITE-001-2020-POSSE<\/a><\/div><\/p><p><\/p><p><\/p><p><div class=\"wp-block-file\"><a href=\"https:\/\/goias.gov.br\/educacao\/wp-content\/uploads\/sites\/40\/2019\/11\/RELATORIO-HOMOLOGACAO-CONVITE-001-2020-ITAPURANGA-2e2.pdf\" target=\"_blank\" rel=\"noreferrer noopener\">RELATORIO-HOMOLOGACAO-CONVITE-001-2020-ITAPURANGA<\/a><\/div><\/p><p><\/p><p><\/p><p><div class=\"wp-block-file\"><a href=\"https:\/\/goias.gov.br\/educacao\/wp-content\/uploads\/sites\/40\/2019\/11\/RELATORIO-HOMOLOGACAO-CONVITE-001-2020-MORRINHOS-7c1.pdf\" target=\"_blank\" rel=\"noreferrer noopener\">RELATORIO-HOMOLOGACAO-CONVITE-001-2020-MORRINHOS<\/a><\/div><\/p><p><\/div><\/p><p><\/div><\/p><p><\/p><p><\/p><p><div style=\"height:100px\" aria-hidden=\"true\" class=\"wp-block-spacer\"><\/div><\/p><p><\/p><p><\/p><p><div class=\"wp-block-columns is-layout-flex wp-container-core-columns-is-layout-9d6595d7 wp-block-columns-is-layout-flex\"><\/p><p><div class=\"wp-block-column is-layout-flow wp-block-column-is-layout-flow\"><\/p><p><div class=\"wp-block-file\"><a href=\"https:\/\/goias.gov.br\/educacao\/wp-content\/uploads\/sites\/40\/2019\/11\/PUBLICACAO-JORNAL-CONVITE-002-19-10-16f.pdf\" target=\"_blank\" rel=\"noreferrer noopener\">PUBLICACAO-JORNAL-CONVITE-002-19-10<\/a><\/div><\/p><p><\/p><p><\/p><p><div class=\"wp-block-file\"><a href=\"https:\/\/goias.gov.br\/educacao\/wp-content\/uploads\/sites\/40\/2019\/11\/PUBLICACAO-JORNAL-CONVITE-001-28-09-bc7.pdf\" target=\"_blank\" rel=\"noreferrer noopener\">PUBLICACAO-JORNAL-CONVITE-001-28-09<\/a><\/div><\/p><p><\/p><p><\/p><p><div class=\"wp-block-file\"><a href=\"https:\/\/goias.gov.br\/educacao\/wp-content\/uploads\/sites\/40\/2019\/11\/PUBLICACAO-JORNAL-CONVITE-002-09-10-018.pdf\" target=\"_blank\" rel=\"noreferrer noopener\">PUBLICACAO-JORNAL-CONVITE-002-09-10<\/a><\/div><\/p><p><\/p><p><\/p><p><div class=\"wp-block-file\"><a href=\"https:\/\/goias.gov.br\/educacao\/wp-content\/uploads\/sites\/40\/2019\/11\/PUBLICACAO-JORNAL-CONVITE-003-08-10-0ca.pdf\" target=\"_blank\" rel=\"noreferrer noopener\">PUBLICACAO-JORNAL-CONVITE-003-08-10<\/a><\/div><\/p><p><\/p><p><\/p><p><div class=\"wp-block-file\"><a href=\"https:\/\/goias.gov.br\/educacao\/wp-content\/uploads\/sites\/40\/2019\/11\/PUBLICACAO-JORNAL-CONVITE-003-15-10-80d.pdf\" target=\"_blank\" rel=\"noreferrer noopener\">PUBLICACAO-JORNAL-CONVITE-003-15-10<\/a><\/div><\/p><p><\/p><p><\/p><p><div class=\"wp-block-file\"><a href=\"https:\/\/goias.gov.br\/educacao\/wp-content\/uploads\/sites\/40\/2019\/11\/CHAMAMENTO-CONVITE-001-9c8.docx\" target=\"_blank\" rel=\"noreferrer noopener\">CHAMAMENTO-CONVITE-001<\/a><\/div><\/p><p><\/p><p><\/p><p><div class=\"wp-block-file\"><a href=\"https:\/\/goias.gov.br\/educacao\/wp-content\/uploads\/sites\/40\/2019\/11\/ANEXOS-DO-CONVITE-para-entrega-imediata-354.docx\">ANEXOS DO CONVITE-para-entrega-imediata<\/a><\/div><\/p><p><\/p><p><\/p><p><div class=\"wp-block-file\"><a href=\"https:\/\/goias.gov.br\/educacao\/wp-content\/uploads\/sites\/40\/2019\/11\/CHAMAMENTO-CONVITE-003-OK-fee.docx\" target=\"_blank\" rel=\"noreferrer noopener\">CHAMAMENTO-CONVITE-003-OK<\/a><\/div><\/p><p><\/div><\/p><p><\/p><p><\/p><p><div class=\"wp-block-column is-layout-flow wp-block-column-is-layout-flow\" style=\"flex-basis:29.8%\"><\/p><p><div class=\"wp-block-file\"><a href=\"https:\/\/goias.gov.br\/educacao\/wp-content\/uploads\/sites\/40\/2019\/11\/PUBLICACOES-JORNAL-CONVITE-002-20-10-73c.pdf\" target=\"_blank\" rel=\"noreferrer noopener\">PUBLICACOES-JORNAL-CONVITE-002-20-10<\/a><\/div><\/p><p><\/p><p><\/p><p><div class=\"wp-block-file\"><a href=\"https:\/\/goias.gov.br\/educacao\/wp-content\/uploads\/sites\/40\/2019\/11\/PUBLICACAO-JORNAL-CONVITE-002-05-10-562.pdf\" target=\"_blank\" rel=\"noreferrer noopener\">PUBLICACAO-JORNAL-CONVITE-002-05-10<\/a><\/div><\/p><p><\/p><p><\/p><p><div class=\"wp-block-file\"><a href=\"https:\/\/goias.gov.br\/educacao\/wp-content\/uploads\/sites\/40\/2019\/11\/PUBLICACAO-JORNAL-CONVITE-002-14-10-8df.pdf\" target=\"_blank\" rel=\"noreferrer noopener\">PUBLICACAO-JORNAL-CONVITE-002-14-10<\/a><\/div><\/p><p><\/p><p><\/p><p><div class=\"wp-block-file\"><a href=\"https:\/\/goias.gov.br\/educacao\/wp-content\/uploads\/sites\/40\/2019\/11\/PUBLICACAO-JORNAL-CONVITE-003-09-10-c00.pdf\" target=\"_blank\" rel=\"noreferrer noopener\">PUBLICACAO-JORNAL-CONVITE-003-09-10<\/a><\/div><\/p><p><\/p><p><\/p><p><div class=\"wp-block-file\"><a href=\"https:\/\/goias.gov.br\/educacao\/wp-content\/uploads\/sites\/40\/2019\/11\/PUBLICACAO-JORNAL-CONVITE-004-08-10-259.pdf\" target=\"_blank\" rel=\"noreferrer noopener\">PUBLICACAO-JORNAL-CONVITE-004-08-10<\/a><\/div><\/p><p><\/p><p><\/p><p><div class=\"wp-block-file\"><a href=\"https:\/\/goias.gov.br\/educacao\/wp-content\/uploads\/sites\/40\/2019\/11\/CHAMAMENTO-CONVITE-001-Aguas-Lindas-c68.docx\" target=\"_blank\" rel=\"noreferrer noopener\">CHAMAMENTO -CONVITE-001-Aguas-Lindas<\/a><\/div><\/p><p><\/p><p><\/p><p><div class=\"wp-block-file\"><a href=\"https:\/\/goias.gov.br\/educacao\/wp-content\/uploads\/sites\/40\/2019\/11\/CHAMAMENTO-CONVITE-002-OK-e99.docx\" target=\"_blank\" rel=\"noreferrer noopener\">CHAMAMENTO-CONVITE-002-OK<\/a><\/div><\/p><p><\/p><p><\/p><p><div class=\"wp-block-file\"><a href=\"https:\/\/goias.gov.br\/educacao\/wp-content\/uploads\/sites\/40\/2019\/11\/CHAMAMENTO-CONVITE-005-071.docx\" target=\"_blank\" rel=\"noreferrer noopener\">CHAMAMENTO-CONVITE-005<\/a><\/div><\/p><p><\/div><\/p><p><\/p><p><\/p><p><div class=\"wp-block-column is-layout-flow wp-block-column-is-layout-flow\"><\/p><p><div class=\"wp-block-file\"><a href=\"https:\/\/goias.gov.br\/educacao\/wp-content\/uploads\/sites\/40\/2019\/11\/PUBLICACAO-JORNAL-CONVITE-002-08-10-cd2.pdf\" target=\"_blank\" rel=\"noreferrer noopener\">PUBLICACAO-JORNAL-CONVITE-002-08-10<\/a><\/div><\/p><p><\/p><p><\/p><p><div class=\"wp-block-file\"><a href=\"https:\/\/goias.gov.br\/educacao\/wp-content\/uploads\/sites\/40\/2019\/11\/PUBLICACAO-JORNAL-CONVITE-002-16-10-cfd.pdf\" target=\"_blank\" rel=\"noreferrer noopener\">PUBLICACAO-JORNAL-CONVITE-002-16-10<\/a><\/div><\/p><p><\/p><p><\/p><p><div class=\"wp-block-file\"><a href=\"https:\/\/goias.gov.br\/educacao\/wp-content\/uploads\/sites\/40\/2019\/11\/PUBLICACAO-JORNAL-CONVITE-003-14-10-4c7.pdf\" target=\"_blank\" rel=\"noreferrer noopener\">PUBLICACAO-JORNAL-CONVITE-003-14-10<\/a><\/div><\/p><p><\/p><p><\/p><p><div class=\"wp-block-file\"><a href=\"https:\/\/goias.gov.br\/educacao\/wp-content\/uploads\/sites\/40\/2019\/11\/CHAMAMENTO-CONVITE-002-Retificacao-Aguas-Lindas-3b7.docx\" target=\"_blank\" rel=\"noreferrer noopener\">CHAMAMENTO-CONVITE-002-Retificacao-Aguas-Lindas<\/a><\/div><\/p><p><\/p><p><\/p><p><div class=\"wp-block-file\"><a href=\"https:\/\/goias.gov.br\/educacao\/wp-content\/uploads\/sites\/40\/2019\/11\/MINUTA-DO-CONVITE-001-2020-para-entrega-imediata-6a3.doc\">MINUTA DO CONVITE-001-2020-para-entrega-imediata<\/a><\/div><\/p><p><\/p><p><\/p><p><div class=\"wp-block-file\"><a href=\"https:\/\/goias.gov.br\/educacao\/wp-content\/uploads\/sites\/40\/2019\/11\/CHAMAMENTO-CONVITE-006-818.docx\" target=\"_blank\" rel=\"noreferrer noopener\">CHAMAMENTO-CONVITE-006<\/a><\/div><\/p><p><\/div><\/p><p><\/div><\/p><p><\/p><p><\/p><p><h3 class=\"has-text-align-center wp-block-heading\">001\/2020 &#8211; Referente ao 2\u00ba Semestre de 2020<\/h3><\/p><p><\/p><p><\/p><p><hr class=\"wp-block-separator\"\/><\/p><p><\/p><p><\/p><p><div class=\"wp-block-columns is-layout-flex wp-container-core-columns-is-layout-9d6595d7 wp-block-columns-is-layout-flex\"><\/p><p><div class=\"wp-block-column is-layout-flow wp-block-column-is-layout-flow\"><\/p><p><div class=\"wp-block-file\"><a href=\"https:\/\/goias.gov.br\/educacao\/wp-content\/uploads\/sites\/40\/2019\/11\/Sequencia-de-Documentos-Modelo-982.docx\">Sequ\u00eancia de  Documentos-Modelo<\/a><\/div><\/p><p><\/p><p><\/p><p><div class=\"wp-block-file\"><a href=\"https:\/\/goias.gov.br\/educacao\/wp-content\/uploads\/sites\/40\/2019\/11\/Anexos-do-Convite-001-2020-Modelo-2cf.docx\">Anexos do Convite 001-2020-Modelo<\/a><\/div><\/p><p><\/div><\/p><p><\/p><p><\/p><p><div class=\"wp-block-column is-layout-flow wp-block-column-is-layout-flow\"><\/p><p><div class=\"wp-block-file\"><a href=\"https:\/\/goias.gov.br\/educacao\/wp-content\/uploads\/sites\/40\/2019\/11\/Check-List-Convite-Modelo-6c1.docx\">Check List Convite-Modelo<\/a><\/div><\/p><p><\/p><p><\/p><p><p><\/p><\/p><p><\/div><\/p><p><\/p><p><\/p><p><div class=\"wp-block-column is-layout-flow wp-block-column-is-layout-flow\"><\/p><p><div class=\"wp-block-file\"><a href=\"https:\/\/goias.gov.br\/educacao\/wp-content\/uploads\/sites\/40\/2019\/11\/MINUTA-CONVITE-001-2020-5db.doc\" target=\"_blank\" rel=\"noreferrer noopener\">Minuta Convite 001-2020<\/a><\/div><\/p><p><\/p><p><\/p><p><div class=\"wp-block-file\"><\/div><\/p><p><\/div><\/p><p><\/div><\/p><p><\/p><p><\/p><p><h3 class=\"has-text-align-center wp-block-heading\">2020 &#8211; Referente ao 1\u00ba Semestre de 2020<\/h3><\/p><p><\/p><p><\/p><p><hr class=\"wp-block-separator\"\/><\/p><p><\/p><p><\/p><p><div class=\"wp-block-columns is-layout-flex wp-container-core-columns-is-layout-9d6595d7 wp-block-columns-is-layout-flex\"><\/p><p><div class=\"wp-block-column is-layout-flow wp-block-column-is-layout-flow\"><\/p><p><div class=\"wp-block-file\"><a href=\"https:\/\/goias.gov.br\/educacao\/wp-content\/uploads\/sites\/40\/2019\/11\/CHAMAMENTO-CONVITE-002-2019-Rio-Verde-Posse-99b.pdf\" target=\"_blank\" rel=\"noreferrer noopener\">CHAMAMENTO-CONVITE 002 2019 Rio Verde Posse<\/a><\/div><\/p><p><\/p><p><\/p><p><div class=\"wp-block-file\"><a href=\"https:\/\/goias.gov.br\/educacao\/wp-content\/uploads\/sites\/40\/2019\/11\/CHAMAMENTO-CONVITE-001-2019-GOIANIA-8aa.pdf\" target=\"_blank\" rel=\"noreferrer noopener\">CHAMAMENTO CONVITE 001 2019 GOI\u00c2NIA<\/a><\/div><\/p><p><\/p><p><\/p><p><div class=\"wp-block-file\"><a href=\"https:\/\/goias.gov.br\/educacao\/wp-content\/uploads\/sites\/40\/2019\/11\/CHAMAMENTO-CONVITE-002-2019-GOIANIA-602.pdf\" target=\"_blank\" rel=\"noreferrer noopener\">CHAMAMENTO-CONVITE 002 2019 GOI\u00c2NIA<\/a><\/div><\/p><p><\/p><p><\/p><p><div class=\"wp-block-file\"><a href=\"https:\/\/goias.gov.br\/educacao\/wp-content\/uploads\/sites\/40\/2019\/11\/CHAMAMENTO-CONVITE-001-2019-TODAS-660.pdf\" target=\"_blank\" rel=\"noreferrer noopener\">CHAMAMENTO-CONVITE 0012019 TODAS<\/a><\/div><\/p><p><\/p><p><\/p><p><div class=\"wp-block-file\"><a href=\"https:\/\/goias.gov.br\/educacao\/wp-content\/uploads\/sites\/40\/2019\/11\/EXTRATO-DE-CONTRATO-JATAI-1-d25.pdf\" target=\"_blank\" rel=\"noreferrer noopener\">EXTRATO-DE-CONTRATO-JATA\u00cd-1<\/a><\/div><\/p><p><\/p><p><\/p><p><div class=\"wp-block-file\"><a href=\"https:\/\/goias.gov.br\/educacao\/wp-content\/uploads\/sites\/40\/2019\/11\/EXTRATO-DE-CONTRATO-PIRANHAS-1-824.pdf\" target=\"_blank\" rel=\"noreferrer noopener\">EXTRATO-DE-CONTRATO-PIRANHAS-1<\/a><\/div><\/p><p><\/p><p><\/p><p><div class=\"wp-block-file\"><a href=\"https:\/\/goias.gov.br\/educacao\/wp-content\/uploads\/sites\/40\/2019\/11\/EXTRATO-DE-CONTRATO-PIRACANJUBA-1-882.pdf\" target=\"_blank\" rel=\"noreferrer noopener\">EXTRATO-DE-CONTRATO-PIRACANJUBA-1<\/a><\/div><\/p><p><\/p><p><\/p><p><div class=\"wp-block-file\"><a href=\"https:\/\/goias.gov.br\/educacao\/wp-content\/uploads\/sites\/40\/2019\/11\/EXTRATO-DE-CONTRATO-SILVANIA-1-3d7.pdf\" target=\"_blank\" rel=\"noreferrer noopener\">EXTRATO-DE-CONTRATO-SILV\u00c2NIA-1<\/a><\/div><\/p><p><\/p><p><\/p><p><div class=\"wp-block-file\"><a href=\"https:\/\/goias.gov.br\/educacao\/wp-content\/uploads\/sites\/40\/2019\/11\/EXTRATO-DE-CONTRATO-URUACU-1af.pdf\" target=\"_blank\" rel=\"noreferrer noopener\">EXTRATO-DE-CONTRATO-URUA\u00c7U<\/a><\/div><\/p><p><\/p><p><\/p><p><div class=\"wp-block-file\"><a href=\"https:\/\/goias.gov.br\/educacao\/wp-content\/uploads\/sites\/40\/2019\/11\/EXTRATOS-DE-CONTRATO-CERES-7e0.pdf\" target=\"_blank\" rel=\"noreferrer noopener\">EXTRATOS-DE-CONTRATO-CERES<\/a><\/div><\/p><p><\/p><p><\/p><p><div class=\"wp-block-file\"><a href=\"https:\/\/goias.gov.br\/educacao\/wp-content\/uploads\/sites\/40\/2019\/11\/EXTRATOS-DE-CONTRATO-JUSSARA-2d8.pdf\" target=\"_blank\" rel=\"noreferrer noopener\">EXTRATOS-DE-CONTRATO-JUSSARA<\/a><\/div><\/p><p><\/p><p><\/p><p><div class=\"wp-block-file\"><a href=\"https:\/\/goias.gov.br\/educacao\/wp-content\/uploads\/sites\/40\/2019\/11\/EXTRATOS-DE-CONTRATO-PIRANHAS-PARTE-II-29d.pdf\" target=\"_blank\" rel=\"noreferrer noopener\">EXTRATOS-DE-CONTRATO-PIRANHAS-PARTE-II<\/a><\/div><\/p><p><\/p><p><\/p><p><div class=\"wp-block-file\"><a href=\"https:\/\/goias.gov.br\/educacao\/wp-content\/uploads\/sites\/40\/2019\/11\/EXTRATO-DE-CONTRATO-FORMOSA-enviar-para-o-email-fec.pdf\" target=\"_blank\" rel=\"noreferrer noopener\">EXTRATO-DE-CONTRATO-FORMOSA-<\/a><\/div><\/p><p><\/p><p><\/p><p><div class=\"wp-block-file\"><a href=\"https:\/\/goias.gov.br\/educacao\/wp-content\/uploads\/sites\/40\/2019\/11\/EXTRATO-DE-CONTRATO-ITABERAI-enviar-para-o-email-6de.pdf\" target=\"_blank\" rel=\"noreferrer noopener\">EXTRATO-DE-CONTRATO-ITABERA\u00cd<\/a><\/div><\/p><p><\/p><p><\/p><p><div class=\"wp-block-file\"><a href=\"https:\/\/goias.gov.br\/educacao\/wp-content\/uploads\/sites\/40\/2019\/11\/EXTRATO-DE-CONTRATO-RUBIATABA-enviar-para-o-email-c2f.pdf\" target=\"_blank\" rel=\"noreferrer noopener\">EXTRATO-DE-CONTRATO-RUBIATABA-<\/a><\/div><\/p><p><\/p><p><\/p><p><div class=\"wp-block-file\"><a href=\"https:\/\/goias.gov.br\/educacao\/wp-content\/uploads\/sites\/40\/2019\/11\/EXTRATO-DE-CONTRATO-INHUMAS-24-04-e63.pdf\" target=\"_blank\" rel=\"noreferrer noopener\">EXTRATO-DE-CONTRATO-INHUMAS-24-04<\/a><\/div><\/p><p><\/p><p><\/p><p><div class=\"wp-block-file\"><a href=\"https:\/\/goias.gov.br\/educacao\/wp-content\/uploads\/sites\/40\/2019\/11\/EXTRATO-DE-CONTRATO-APARECIDA-DE-GOIANIA-PARTE-II-700.pdf\" target=\"_blank\" rel=\"noreferrer noopener\">EXTRATO-DE-CONTRATO-APARECIDA-DE-GOI\u00c2NIA-PARTE-II<\/a><\/div><\/p><p><\/p><p><\/p><p><div class=\"wp-block-file\"><a href=\"https:\/\/goias.gov.br\/educacao\/wp-content\/uploads\/sites\/40\/2019\/11\/EXTRATO-DE-CONTRATO-APARECIDA-DE-GOIANIA-PARTE-II-15-05-278.pdf\" target=\"_blank\" rel=\"noreferrer noopener\">EXTRATO-DE-CONTRATO-APARECIDA-DE-GOI\u00c2NIA-PARTE-II-15-05<\/a><\/div><\/p><p><\/div><\/p><p><\/p><p><\/p><p><div class=\"wp-block-column is-layout-flow wp-block-column-is-layout-flow\"><\/p><p><div class=\"wp-block-file\"><a href=\"https:\/\/goias.gov.br\/educacao\/wp-content\/uploads\/sites\/40\/2019\/11\/AVISO-DE-ABERTURA-JORNAIS-cee.pdf\" target=\"_blank\" rel=\"noreferrer noopener\">AVISO DE ABERTURA JORNAIS<\/a><\/div><\/p><p><\/p><p><\/p><p><div class=\"wp-block-file\"><a href=\"https:\/\/goias.gov.br\/educacao\/wp-content\/uploads\/sites\/40\/2019\/11\/CHAMAMENTO-CONVITE-005-2019-ee0.pdf\" target=\"_blank\" rel=\"noreferrer noopener\">CHAMAMENTO-CONVITE 005\/2019<\/a><\/div><\/p><p><\/p><p><\/p><p><div class=\"wp-block-file\"><a href=\"https:\/\/goias.gov.br\/educacao\/wp-content\/uploads\/sites\/40\/2019\/11\/CHAMAMENTO-CONVITE-004-2019-01c.pdf\" target=\"_blank\" rel=\"noreferrer noopener\">CHAMAMENTO-CONVITE 004 2019<\/a><\/div><\/p><p><\/p><p><\/p><p><div class=\"wp-block-file\"><a href=\"https:\/\/goias.gov.br\/educacao\/wp-content\/uploads\/sites\/40\/2019\/11\/CHAMAMENTO-CONVITE-002-2019-0cd.pdf\" target=\"_blank\" rel=\"noreferrer noopener\">CHAMAMENTO CONVITE 002\/2019<\/a><\/div><\/p><p><\/p><p><\/p><p><div class=\"wp-block-file\"><a href=\"https:\/\/goias.gov.br\/educacao\/wp-content\/uploads\/sites\/40\/2019\/11\/CHAMAMENTO-CONVITE-003-2019-e31.pdf\" target=\"_blank\" rel=\"noreferrer noopener\">CHAMAMENTO CONVITE 003\/2019<\/a><\/div><\/p><p><\/p><p><\/p><p><div class=\"wp-block-file\"><a href=\"https:\/\/goias.gov.br\/educacao\/wp-content\/uploads\/sites\/40\/2019\/11\/EXTRATO-DE-CONTRATO-ITUMBIARA-1-207.pdf\" target=\"_blank\" rel=\"noreferrer noopener\">EXTRATO-DE-CONTRATO-ITUMBIARA-1<\/a><\/div><\/p><p><\/p><p><\/p><p><div class=\"wp-block-file\"><a href=\"https:\/\/goias.gov.br\/educacao\/wp-content\/uploads\/sites\/40\/2019\/11\/EXTRATO-DE-CONTRATO-PALMEIRAS-DE-GOIAS-3c6.pdf\" target=\"_blank\" rel=\"noreferrer noopener\">EXTRATO-DE-CONTRATO-PALMEIRAS-DE-GOI\u00c1S<\/a><\/div><\/p><p><\/p><p><\/p><p><div class=\"wp-block-file\"><a href=\"https:\/\/goias.gov.br\/educacao\/wp-content\/uploads\/sites\/40\/2019\/11\/EXTRATO-DE-CONTRATO-PLANALTINA-1-60c.pdf\" target=\"_blank\" rel=\"noreferrer noopener\">EXTRATO-DE-CONTRATO-PLANALTINA-1<\/a><\/div><\/p><p><\/p><p><\/p><p><div class=\"wp-block-file\"><a href=\"https:\/\/goias.gov.br\/educacao\/wp-content\/uploads\/sites\/40\/2019\/11\/EXTRATO-DE-CONTRATO-SAO-LUIS-DE-MONTES-BELOS-842.pdf\" target=\"_blank\" rel=\"noreferrer noopener\">EXTRATO-DE-CONTRATO-S\u00c3O-LU\u00cdS-DE-MONTES-BELOS<\/a><\/div><\/p><p><\/p><p><\/p><p><div class=\"wp-block-file\"><a href=\"https:\/\/goias.gov.br\/educacao\/wp-content\/uploads\/sites\/40\/2019\/11\/EXTRATO-DE-CONTRATO-TRINDADE-bdb.pdf\" target=\"_blank\" rel=\"noreferrer noopener\">EXTRATO-DE-CONTRATO-TRINDADE<\/a><\/div><\/p><p><\/p><p><\/p><p><div class=\"wp-block-file\"><a href=\"https:\/\/goias.gov.br\/educacao\/wp-content\/uploads\/sites\/40\/2019\/11\/EXTRATOS-DE-CONTRATO-GOIANIA-4eb.pdf\" target=\"_blank\" rel=\"noreferrer noopener\">EXTRATOS-DE-CONTRATO-GOI\u00c2NIA<\/a><\/div><\/p><p><\/p><p><\/p><p><div class=\"wp-block-file\"><a href=\"https:\/\/goias.gov.br\/educacao\/wp-content\/uploads\/sites\/40\/2019\/11\/EXTRATOS-DE-CONTRATO-GOIAS-4c6.pdf\" target=\"_blank\" rel=\"noreferrer noopener\">EXTRATOS-DE-CONTRATO-GOI\u00c1S<\/a><\/div><\/p><p><\/p><p><\/p><p><div class=\"wp-block-file\"><a href=\"https:\/\/goias.gov.br\/educacao\/wp-content\/uploads\/sites\/40\/2019\/11\/EXTRATOS-DE-CONTRATO-JUSSARA-1-aa4.pdf\" target=\"_blank\" rel=\"noreferrer noopener\">EXTRATOS-DE-CONTRATO-JUSSARA-1<\/a><\/div><\/p><p><\/p><p><\/p><p><div class=\"wp-block-file\"><a href=\"https:\/\/goias.gov.br\/educacao\/wp-content\/uploads\/sites\/40\/2019\/11\/EXTRATO-DE-CONTRATO-LUZIANIA-enviar-para-o-email-66f.pdf\" target=\"_blank\" rel=\"noreferrer noopener\">EXTRATO-DE-CONTRATO-LUZI\u00c2NIA<\/a><\/div><\/p><p><\/p><p><\/p><p><div class=\"wp-block-file\"><a href=\"https:\/\/goias.gov.br\/educacao\/wp-content\/uploads\/sites\/40\/2019\/11\/EXTRATO-DE-CONTRATO-SAO-MIGUEL-DO-ARAGUAIA-enviar-para-o-email-73f.pdf\" target=\"_blank\" rel=\"noreferrer noopener\">EXTRATO-DE-CONTRATO-S\u00c3O-MIGUEL-DO-ARAGUAIA<\/a><\/div><\/p><p><\/p><p><\/p><p><div class=\"wp-block-file\"><a href=\"https:\/\/goias.gov.br\/educacao\/wp-content\/uploads\/sites\/40\/2019\/11\/EXTRATO-DE-CONTRATO-MINEIROS-27-04-68a.pdf\" target=\"_blank\" rel=\"noreferrer noopener\">EXTRATO-DE-CONTRATO-MINEIROS-27-04<\/a><\/div><\/p><p><\/p><p><\/p><p><div class=\"wp-block-file\"><a href=\"https:\/\/goias.gov.br\/educacao\/wp-content\/uploads\/sites\/40\/2019\/11\/EXTRATO-DE-CONTRATO-GOIATUBA-4f9.pdf\" target=\"_blank\" rel=\"noreferrer noopener\">EXTRATO-DE-CONTRATO-GOIATUBA<\/a><\/div><\/p><p><\/p><p><\/p><p><div class=\"wp-block-file\"><a href=\"https:\/\/goias.gov.br\/educacao\/wp-content\/uploads\/sites\/40\/2019\/11\/EXTRATO-DE-CONTRATO-NOVO-GAMA-30-04-ab6.pdf\" target=\"_blank\" rel=\"noreferrer noopener\">EXTRATO-DE-CONTRATO-NOVO-GAMA-30-04<\/a><\/div><\/p><p><\/div><\/p><p><\/p><p><\/p><p><div class=\"wp-block-column is-layout-flow wp-block-column-is-layout-flow\"><\/p><p><div class=\"wp-block-file\"><a href=\"https:\/\/goias.gov.br\/educacao\/wp-content\/uploads\/sites\/40\/2019\/11\/EXTRATO-DE-CONTRATO-CATALAO-1-f3f.pdf\" target=\"_blank\" rel=\"noreferrer noopener\">EXTRATO-DE-CONTRATO-CATAL\u00c3O-1<\/a><\/div><\/p><p><\/p><p><\/p><p><div class=\"wp-block-file\"><a href=\"https:\/\/goias.gov.br\/educacao\/wp-content\/uploads\/sites\/40\/2019\/11\/EXTRATO-DE-CONTRATO-GOIANESIA-1-7cf.pdf\" target=\"_blank\" rel=\"noreferrer noopener\">EXTRATO-DE-CONTRATO-GOIAN\u00c9SIA-1<\/a><\/div><\/p><p><\/p><p><\/p><p><div class=\"wp-block-file\"><a href=\"https:\/\/goias.gov.br\/educacao\/wp-content\/uploads\/sites\/40\/2019\/11\/EXTRATO-DE-CONTRATO-ITAPACI-1-9a6.pdf\" target=\"_blank\" rel=\"noreferrer noopener\">EXTRATO-DE-CONTRATO-ITAPACI-1<\/a><\/div><\/p><p><\/p><p><\/p><p><div class=\"wp-block-file\"><a href=\"https:\/\/goias.gov.br\/educacao\/wp-content\/uploads\/sites\/40\/2019\/11\/EXTRATO-DE-CONTRATO-ITAPURANGA-1-d7a.pdf\" target=\"_blank\" rel=\"noreferrer noopener\">EXTRATO-DE-CONTRATO-ITAPURANGA-1<\/a><\/div><\/p><p><\/p><p><\/p><p><div class=\"wp-block-file\"><a href=\"https:\/\/goias.gov.br\/educacao\/wp-content\/uploads\/sites\/40\/2019\/11\/EXTATO-DE-CONTRATO-PIRES-DO-RIO-a74.pdf\" target=\"_blank\" rel=\"noreferrer noopener\">EXTATO-DE-CONTRATO-PIRES-DO-RIO<\/a><\/div><\/p><p><\/p><p><\/p><p><div class=\"wp-block-file\"><a href=\"https:\/\/goias.gov.br\/educacao\/wp-content\/uploads\/sites\/40\/2019\/11\/EXTRAO-DE-CONTRATO-MINACU-f65.pdf\" target=\"_blank\" rel=\"noreferrer noopener\">EXTRAO-DE-CONTRATO-MINA\u00c7U<\/a><\/div><\/p><p><\/p><p><\/p><p><div class=\"wp-block-file\"><a href=\"https:\/\/goias.gov.br\/educacao\/wp-content\/uploads\/sites\/40\/2019\/11\/EXTRATO-DE-CONTRATO-AGUAS-LINDAS-25e.pdf\" target=\"_blank\" rel=\"noreferrer noopener\">EXTRATO-DE-CONTRATO-\u00c1GUAS-LINDAS<\/a><\/div><\/p><p><\/p><p><\/p><p><div class=\"wp-block-file\"><a href=\"https:\/\/goias.gov.br\/educacao\/wp-content\/uploads\/sites\/40\/2019\/11\/EXTRATO-DE-CONTRATO-APARECIDA-DE-GOIANIA-edd.pdf\" target=\"_blank\" rel=\"noreferrer noopener\">EXTRATO-DE-CONTRATO-APARECIDA-DE-GOI\u00c2NIA<\/a><\/div><\/p><p><\/p><p><\/p><p><div class=\"wp-block-file\"><a href=\"https:\/\/goias.gov.br\/educacao\/wp-content\/uploads\/sites\/40\/2019\/11\/EXTRATO-DE-CONTRATO-CAMPOS-BELOS-1-5c9.pdf\" target=\"_blank\" rel=\"noreferrer noopener\">EXTRATO-DE-CONTRATO-CAMPOS-BELOS-1<\/a><\/div><\/p><p><\/p><p><\/p><p><div class=\"wp-block-file\"><a href=\"https:\/\/goias.gov.br\/educacao\/wp-content\/uploads\/sites\/40\/2019\/11\/EXTRATOS-DE-CONTRATO-SANTA-HELENA-DE-GOIAS-255.pdf\" target=\"_blank\" rel=\"noreferrer noopener\">EXTRATOS-DE-CONTRATO-SANTA-HELENA-DE-GOI\u00c1S<\/a><\/div><\/p><p><\/p><p><\/p><p><div class=\"wp-block-file\"><a href=\"https:\/\/goias.gov.br\/educacao\/wp-content\/uploads\/sites\/40\/2019\/11\/EXTRATOS-DE-CONTRATO-POSSE-1-a6b.pdf\" target=\"_blank\" rel=\"noreferrer noopener\">EXTRATOS-DE-CONTRATO-POSSE-1<\/a><\/div><\/p><p><\/p><p><\/p><p><div class=\"wp-block-file\"><a href=\"https:\/\/goias.gov.br\/educacao\/wp-content\/uploads\/sites\/40\/2019\/11\/EXTRATO-DE-CONTRATO-MORRINHOS-2-09b.pdf\" target=\"_blank\" rel=\"noreferrer noopener\">EXTRATO-DE-CONTRATO-MORRINHOS-2<\/a><\/div><\/p><p><\/p><p><\/p><p><div class=\"wp-block-file\"><a href=\"https:\/\/goias.gov.br\/educacao\/wp-content\/uploads\/sites\/40\/2019\/11\/EXTRATO-DE-CONTRATO-QUIRINOPOLIS-enviar-para-o-email-24f.pdf\" target=\"_blank\" rel=\"noreferrer noopener\">EXTRATO-DE-CONTRATO-QUIRIN\u00d3POLIS<\/a><\/div><\/p><p><\/p><p><\/p><p><div class=\"wp-block-file\"><a href=\"https:\/\/goias.gov.br\/educacao\/wp-content\/uploads\/sites\/40\/2019\/11\/EXTRATO-DE-CONTRATO-ANAPOLIS-24-04-7a5.pdf\" target=\"_blank\" rel=\"noreferrer noopener\">EXTRATO-DE-CONTRATO-AN\u00c1POLIS-24-04<\/a><\/div><\/p><p><\/p><p><\/p><p><div class=\"wp-block-file\"><a href=\"https:\/\/goias.gov.br\/educacao\/wp-content\/uploads\/sites\/40\/2019\/11\/EXTRATO-DE-CONTRATO-RIO-VERDE-24-04-f8c.pdf\" target=\"_blank\" rel=\"noreferrer noopener\">EXTRATO-DE-CONTRATO-RIO-VERDE-24-04<\/a><\/div><\/p><p><\/p><p><\/p><p><div class=\"wp-block-file\"><a href=\"https:\/\/goias.gov.br\/educacao\/wp-content\/uploads\/sites\/40\/2019\/11\/EXTRATO-DE-CONTRATO-PORANGATU-00c.pdf\" target=\"_blank\" rel=\"noreferrer noopener\">EXTRATO-DE-CONTRATO-PORANGATU<\/a><\/div><\/p><p><\/p><p><\/p><p><div class=\"wp-block-file\"><a href=\"https:\/\/goias.gov.br\/educacao\/wp-content\/uploads\/sites\/40\/2019\/11\/EXTRATO-DE-CONTRATO-NOVO-GAMA-346.pdf\" target=\"_blank\" rel=\"noreferrer noopener\">EXTRATO-DE-CONTRATO-NOVO-GAMA<\/a><\/div><\/p><p><\/p><p><\/p><p><div class=\"wp-block-file\"><a href=\"https:\/\/goias.gov.br\/educacao\/wp-content\/uploads\/sites\/40\/2019\/11\/EXTRATO-DE-CONTRATO-PORANGATU-30-04-1-b74.pdf\" target=\"_blank\" rel=\"noreferrer noopener\">EXTRATO-DE-CONTRATO-PORANGATU-30-04-1<\/a><\/div><\/p><p><\/p><p><\/p><p><p><\/p><\/p><p><\/div><\/p><p><\/div><\/p><p><\/p><p><\/p><p><h3 class=\"has-text-align-center wp-block-heading\">2019 &#8211; Referente ao 2\u00ba Semestre de 2019<\/h3><\/p><p><\/p><p><\/p><p><div class=\"wp-block-columns is-layout-flex wp-container-core-columns-is-layout-9d6595d7 wp-block-columns-is-layout-flex\"><\/p><p><div class=\"wp-block-column is-layout-flow wp-block-column-is-layout-flow\" style=\"flex-basis:33.34%\"><\/p><p><hr class=\"wp-block-separator\"\/><\/p><p><\/p><p><\/p><p><p class=\"has-text-align-left\"><a rel=\"noreferrer noopener\" href=\"https:\/\/goias.gov.br\/educacao\/wp-content\/uploads\/sites\/40\/2019\/11\/ADIAMENTO-AVISO-CARTA-CONVITE-001-2019-27-06-8d5.pdf\" target=\"_blank\">ADIAMENTO CARTA CONVITE 001\/2019<\/a><\/p><\/p><p><\/p><p><\/p><p><p class=\"has-text-align-left\"><a rel=\"noreferrer noopener\" href=\"https:\/\/goias.gov.br\/educacao\/wp-content\/uploads\/sites\/40\/2019\/11\/Anexos-Carta-Convite-001-2019-49b.docx\" target=\"_blank\">ANEXOS CARTA CONVTEe &#8211; 001-2019<\/a><\/p><\/p><p><\/p><p><\/p><p><p class=\"has-text-align-left\"><a rel=\"noreferrer noopener\" href=\"https:\/\/goias.gov.br\/educacao\/wp-content\/uploads\/sites\/40\/2019\/11\/Chamamento-Carta-Convite-002-2019-d84.pdf\" target=\"_blank\">CHAMAMENTO CARTA CONVITE 002\/2019<\/a><\/p><\/p><p><\/p><p><\/p><p><p class=\"has-text-align-left\"><a rel=\"noreferrer noopener\" href=\"https:\/\/goias.gov.br\/educacao\/wp-content\/uploads\/sites\/40\/2019\/11\/Edital-Carta-Convite-001-2019-bb3.doc\" target=\"_blank\">EDITAL CARTA CONVITE 001-2019 &#8211; MODELO<\/a><\/p><\/p><p><\/p><p><\/p><p><p class=\"has-text-align-left\"><a rel=\"noreferrer noopener\" href=\"https:\/\/goias.gov.br\/educacao\/wp-content\/uploads\/sites\/40\/2019\/11\/AVISO-C.C-11-06-408.pdf\" target=\"_blank\">AVISO C.C 11-06<\/a><\/p><\/p><p><\/p><p><\/p><p><p class=\"has-text-align-left\"><a rel=\"noreferrer noopener\" href=\"https:\/\/goias.gov.br\/educacao\/wp-content\/uploads\/sites\/40\/2019\/11\/Chamamento-Carta-Convite-003-2019-378.pdf\" target=\"_blank\">CHAMAMENTO CARTA CONVITE 003\/2019<\/a><\/p><\/p><p><\/p><p><\/p><p><p class=\"has-text-align-left\"><a rel=\"noreferrer noopener\" href=\"https:\/\/goias.gov.br\/educacao\/wp-content\/uploads\/sites\/40\/2019\/11\/Chamamento-Carta-Convite-001-2019-337.pdf\" target=\"_blank\">CHAMAMENTO CARTA CONVITE 001\/2019<\/a><\/p><\/p><p><\/p><p><\/p><p><div class=\"wp-block-file\"><a href=\"https:\/\/goias.gov.br\/educacao\/wp-content\/uploads\/sites\/40\/2019\/11\/EXTRATO-DE-CONTRATO-CONVITE-DOE-39f.pdf\" target=\"_blank\" rel=\"noreferrer noopener\">EXTRATO DE CONTRATO CONVITE-DOE<\/a><\/div><\/p><p><\/p><p><\/p><p><div class=\"wp-block-file\"><a href=\"https:\/\/goias.gov.br\/educacao\/wp-content\/uploads\/sites\/40\/2019\/11\/EXTRATO-CARTA-ANAPOLIS-PARTE-I-421.pdf\" target=\"_blank\" rel=\"noreferrer noopener\">EXTRATO CARTA AN\u00c1POLIS PARTE-I<\/a><\/div><\/p><p><\/p><p><\/p><p><div class=\"wp-block-file\"><a href=\"https:\/\/goias.gov.br\/educacao\/wp-content\/uploads\/sites\/40\/2019\/11\/EXTRATO-CARTA-ANAPOLIS-PARTE-II-b44.pdf\" target=\"_blank\" rel=\"noreferrer noopener\">EXTRATO CARTA AN\u00c1POLIS PARTE-II<\/a><\/div><\/p><p><\/p><p><\/p><p><div class=\"wp-block-file\"><a href=\"https:\/\/goias.gov.br\/educacao\/wp-content\/uploads\/sites\/40\/2019\/11\/EXTRATO-CARTA-ANAPOLIS-PARTE-III-326.pdf\" target=\"_blank\" rel=\"noreferrer noopener\">EXTRATO CARTA AN\u00c1POLIS PARTE-III<\/a><\/div><\/p><p><\/p><p><\/p><p><div class=\"wp-block-file\"><a href=\"https:\/\/goias.gov.br\/educacao\/wp-content\/uploads\/sites\/40\/2019\/11\/EXTRATO-CARTA-PIRES-DO-RIO-2a-PARTE-146.pdf\" target=\"_blank\" rel=\"noreferrer noopener\">EXTRATO CARTA PIRES DO RIO 2\u00aa-PARTE<\/a><\/div><\/p><p><\/p><p><\/p><p><div class=\"wp-block-file\"><a href=\"https:\/\/goias.gov.br\/educacao\/wp-content\/uploads\/sites\/40\/2019\/11\/EXTRATO-DE-CONTRATO-CARTA-GOIANIA-1a-PARTE-646.pdf\" target=\"_blank\" rel=\"noreferrer noopener\">EXTRATO DE CONTRATO CARTA GOI\u00c2NIA 1\u00aa-PARTE<\/a><\/div><\/p><p><\/p><p><\/p><p><div class=\"wp-block-file\"><a href=\"https:\/\/goias.gov.br\/educacao\/wp-content\/uploads\/sites\/40\/2019\/11\/EXTRATO-DE-CONTRATO-CARTA-GOIANIA-2a-PARTE-13f.pdf\" target=\"_blank\" rel=\"noreferrer noopener\">EXTRATO DE CONTRATO CARTA GOI\u00c2NIA 2\u00aa-PARTE<\/a><\/div><\/p><p><\/p><p><\/p><p><div class=\"wp-block-file\"><a href=\"https:\/\/goias.gov.br\/educacao\/wp-content\/uploads\/sites\/40\/2019\/11\/EXTRATO-DE-CONTRATO-CARTA-GOIANIA-3a-PARTE-885.pdf\" target=\"_blank\" rel=\"noreferrer noopener\">EXTRATO DE CONTRATO CARTA GOI\u00c2NIA 3\u00aa-PARTE<\/a><\/div><\/p><p><\/p><p><\/p><p><div class=\"wp-block-file\"><a href=\"https:\/\/goias.gov.br\/educacao\/wp-content\/uploads\/sites\/40\/2019\/11\/EXTRATO-DE-CONTRATO-CARTA-GOIANIA-4a-PARTE-fcc.pdf\" target=\"_blank\" rel=\"noreferrer noopener\">EXTRATO DE CONTRATO CARTA GOI\u00c2NIA 4\u00aa-PARTE<\/a><\/div><\/p><p><\/p><p><\/p><p><div class=\"wp-block-file\"><a href=\"https:\/\/goias.gov.br\/educacao\/wp-content\/uploads\/sites\/40\/2019\/11\/EXTRATO-CARTA-PALMEIRAS-79b.pdf\" target=\"_blank\" rel=\"noreferrer noopener\">EXTRATO  CARTA PALMEIRAS<\/a><\/div><\/p><p><\/div><\/p><p><\/p><p><\/p><p><div class=\"wp-block-column is-layout-flow wp-block-column-is-layout-flow\" style=\"flex-basis:33.34%\"><\/p><p><hr class=\"wp-block-separator\"\/><\/p><p><\/p><p><\/p><p><div class=\"wp-block-file\"><a href=\"https:\/\/goias.gov.br\/educacao\/wp-content\/uploads\/sites\/40\/2019\/11\/EXTRATO-CARTA-CAMPOS-BELOS-4d0.pdf\" target=\"_blank\" rel=\"noreferrer noopener\">EXTRATO CARTA CAMPOS BELOS<\/a><\/div><\/p><p><\/p><p><\/p><p><div class=\"wp-block-file\"><a href=\"https:\/\/goias.gov.br\/educacao\/wp-content\/uploads\/sites\/40\/2019\/11\/EXTRATO-CARTA-JATAI-9c1.pdf\" target=\"_blank\" rel=\"noreferrer noopener\">EXTRATO CARTA JATA\u00cd<\/a><\/div><\/p><p><\/p><p><\/p><p><div class=\"wp-block-file\"><a href=\"https:\/\/goias.gov.br\/educacao\/wp-content\/uploads\/sites\/40\/2019\/11\/EXTRATO-CARTA-PIRACANJUBA-9a9.pdf\" target=\"_blank\" rel=\"noreferrer noopener\">EXTRATO CARTA PIRACANJUBA<\/a><\/div><\/p><p><\/p><p><\/p><p><div class=\"wp-block-file\"><a href=\"https:\/\/goias.gov.br\/educacao\/wp-content\/uploads\/sites\/40\/2019\/11\/EXTRATO-CARTA-PIRANHAS-57e.pdf\" target=\"_blank\" rel=\"noreferrer noopener\">EXTRATO CARTA PIRANHAS<\/a><\/div><\/p><p><\/p><p><\/p><p><div class=\"wp-block-file\"><a href=\"https:\/\/goias.gov.br\/educacao\/wp-content\/uploads\/sites\/40\/2019\/11\/EXTRATO-CARTA-MINACU-87b.pdf\" target=\"_blank\" rel=\"noreferrer noopener\">EXTRATO CARTA MINA\u00c7U<\/a><\/div><\/p><p><\/p><p><\/p><p><div class=\"wp-block-file\"><a href=\"https:\/\/goias.gov.br\/educacao\/wp-content\/uploads\/sites\/40\/2019\/11\/EXTRATO-CARTA-MORRINHOS-5cd.pdf\" target=\"_blank\" rel=\"noreferrer noopener\">EXTRATO CARTA MORRINHOS<\/a><\/div><\/p><p><\/p><p><\/p><p><div class=\"wp-block-file\"><a href=\"https:\/\/goias.gov.br\/educacao\/wp-content\/uploads\/sites\/40\/2019\/11\/EXTRATO-CARTA-QUIRINOPOLIS-018.pdf\" target=\"_blank\" rel=\"noreferrer noopener\">EXTRATO CARTA QUIRIN\u00d3POLIS<\/a><\/div><\/p><p><\/p><p><\/p><p><div class=\"wp-block-file\"><a href=\"https:\/\/goias.gov.br\/educacao\/wp-content\/uploads\/sites\/40\/2019\/11\/EXTRATO-CARTA-RUBIATABA-3db.pdf\" target=\"_blank\" rel=\"noreferrer noopener\">EXTRATO CARTA RUBIATABA<\/a><\/div><\/p><p><\/p><p><\/p><p><div class=\"wp-block-file\"><a href=\"https:\/\/goias.gov.br\/educacao\/wp-content\/uploads\/sites\/40\/2019\/11\/EXTRATO-CARTA-SAO-MIGUEL-DO-ARAGUAIA-253.pdf\" target=\"_blank\" rel=\"noreferrer noopener\">EXTRATO CARTA S\u00c3O MIGUEL DO ARAGUAIA<\/a><\/div><\/p><p><\/p><p><\/p><p><div class=\"wp-block-file\"><a href=\"https:\/\/goias.gov.br\/educacao\/wp-content\/uploads\/sites\/40\/2019\/11\/EXTRATO-CARTA-SILVANIA-9d3.pdf\" target=\"_blank\" rel=\"noreferrer noopener\">EXTRATO CARTA SILV\u00c2NIA<\/a><\/div><\/p><p><\/p><p><\/p><p><div class=\"wp-block-file\"><a href=\"https:\/\/goias.gov.br\/educacao\/wp-content\/uploads\/sites\/40\/2019\/11\/EXTRATO-CARTA-PORANGATU-6b8.pdf\" target=\"_blank\" rel=\"noreferrer noopener\">EXTRATO CARTA PORANGATU<\/a><\/div><\/p><p><\/p><p><\/p><p><div class=\"wp-block-file\"><a href=\"https:\/\/goias.gov.br\/educacao\/wp-content\/uploads\/sites\/40\/2019\/11\/EXTRATOS_CARTA-JUSSARA-68d.pdf\" target=\"_blank\" rel=\"noreferrer noopener\">EXTRATOS  CARTA JUSSARA<\/a><\/div><\/p><p><\/p><p><\/p><p><div class=\"wp-block-file\"><a href=\"https:\/\/goias.gov.br\/educacao\/wp-content\/uploads\/sites\/40\/2019\/11\/EXTRATO-CARTA-ITAPURANGA-5e6.pdf\" target=\"_blank\" rel=\"noreferrer noopener\">EXTRATO CARTA ITAPURANGA<\/a><\/div><\/p><p><\/p><p><\/p><p><div class=\"wp-block-file\"><a href=\"https:\/\/goias.gov.br\/educacao\/wp-content\/uploads\/sites\/40\/2019\/11\/EXTRATO-CARTA-SANTA-HELENA-DE-GOIAS-57d.pdf\" target=\"_blank\" rel=\"noreferrer noopener\">EXTRATO CARTA SANTA HELENA DE GOI\u00c1S<\/a><\/div><\/p><p><\/p><p><\/p><p><div class=\"wp-block-file\"><a href=\"https:\/\/goias.gov.br\/educacao\/wp-content\/uploads\/sites\/40\/2019\/11\/EXTRATO-CARTA-PLANALTINA-18b.pdf\" target=\"_blank\" rel=\"noreferrer noopener\">EXTRATO CARTA PLANALTINA<\/a><\/div><\/p><p><\/p><p><\/p><p><div class=\"wp-block-file\"><a href=\"https:\/\/goias.gov.br\/educacao\/wp-content\/uploads\/sites\/40\/2019\/11\/EXTRATO-CARTA-TRINDADE-62f.pdf\" target=\"_blank\" rel=\"noreferrer noopener\">EXTRATO CARTA TRINDADE<\/a><\/div><\/p><p><\/p><p><\/p><p><div class=\"wp-block-file\"><a href=\"https:\/\/goias.gov.br\/educacao\/wp-content\/uploads\/sites\/40\/2019\/11\/EXTRATO-CARTA-CONVITE-TRINDADE-RETIFICACAO-96a.pdf\" target=\"_blank\" rel=\"noreferrer noopener\">EXTRATO CARTA CONVITE TRINDADE RETIFICA\u00c7\u00c3O<\/a><\/div><\/p><p><\/p><p><\/p><p><div class=\"wp-block-file\"><a href=\"https:\/\/goias.gov.br\/educacao\/wp-content\/uploads\/sites\/40\/2019\/11\/EXTRATO-CARTA-PIRES-DO-RIO-1a-PARTE-63f.pdf\" target=\"_blank\" rel=\"noreferrer noopener\">EXTRATO CARTA PIRES DO RIO 1\u00aa-PARTE<\/a><\/div><\/p><p><\/p><p><\/p><p><div class=\"wp-block-file\"><a href=\"https:\/\/goias.gov.br\/educacao\/wp-content\/uploads\/sites\/40\/2019\/11\/EXTRATO-CARTA-AGUAS-LINDAS-999.pdf\" target=\"_blank\" rel=\"noreferrer noopener\">EXTRATO CARTA \u00c1GUAS LINDAS<\/a><\/div><\/p><p><\/p><p><\/p><p><div class=\"wp-block-file\"><a href=\"https:\/\/goias.gov.br\/educacao\/wp-content\/uploads\/sites\/40\/2019\/11\/EXTRATO-CARTA-SAO-LUIS-DE-MONTES-BELOS-2e8.pdf\" target=\"_blank\" rel=\"noreferrer noopener\">EXTRATO CARTA S\u00c3O  LU\u00cdS DE MONTES BELOS<\/a><\/div><\/p><p><\/p><p><\/p><p><div class=\"wp-block-file\"><a href=\"https:\/\/goias.gov.br\/educacao\/wp-content\/uploads\/sites\/40\/2019\/11\/ADITIVO-CONVITE-CEPMG-DEP.-JOSE-A.-DE-ASSIS-ITAPURANGA-2-2019-adf.pdf\" target=\"_blank\" rel=\"noreferrer noopener\">ADITIVO-CONVITE-CEPMG-DEP.-JOS\u00c9-A.-DE-ASSIS-ITAPURANGA-2-2019<\/a><\/div><\/p><p><\/div><\/p><p><\/p><p><\/p><p><div class=\"wp-block-column is-layout-flow wp-block-column-is-layout-flow\" style=\"flex-basis:33.33%\"><\/p><p><hr class=\"wp-block-separator\"\/><\/p><p><\/p><p><\/p><p><div class=\"wp-block-file\"><a href=\"https:\/\/goias.gov.br\/educacao\/wp-content\/uploads\/sites\/40\/2019\/11\/EXTRATO-DE-CONTRATO-CERES-PARTE-I-c2d.pdf\" target=\"_blank\" rel=\"noreferrer noopener\">EXTRATO DE CONTRATO CERES PARTE-I<\/a><\/div><\/p><p><\/p><p><\/p><p><div class=\"wp-block-file\"><a href=\"https:\/\/goias.gov.br\/educacao\/wp-content\/uploads\/sites\/40\/2019\/11\/EXTRATO-DE-CONTRATO-CERES-PARTE-II-3ea.pdf\" target=\"_blank\" rel=\"noreferrer noopener\">EXTRATO DE CONTRATO CERES PARTE-II<\/a><\/div><\/p><p><\/p><p><\/p><p><div class=\"wp-block-file\"><a href=\"https:\/\/goias.gov.br\/educacao\/wp-content\/uploads\/sites\/40\/2019\/11\/EXTRATO-CARTA-CATALAO-PARTE-I-a88.pdf\" target=\"_blank\" rel=\"noreferrer noopener\">EXTRATO CARTA CATAL\u00c3O PARTE-I<\/a><\/div><\/p><p><\/p><p><\/p><p><div class=\"wp-block-file\"><a href=\"https:\/\/goias.gov.br\/educacao\/wp-content\/uploads\/sites\/40\/2019\/11\/EXTRATO-CARTA-CATALAO-PARTE-II-0dc.pdf\" target=\"_blank\" rel=\"noreferrer noopener\">EXTRATO CARTA CATAL\u00c3O PARTE-II<\/a><\/div><\/p><p><\/p><p><\/p><p><div class=\"wp-block-file\"><a href=\"https:\/\/goias.gov.br\/educacao\/wp-content\/uploads\/sites\/40\/2019\/11\/EXTRATO-CARTA-CATALAO-PARTE-III-0ed.pdf\" target=\"_blank\" rel=\"noreferrer noopener\">EXTRATO CARTA CATAL\u00c3O PARTE-III<\/a><\/div><\/p><p><\/p><p><\/p><p><div class=\"wp-block-file\"><a href=\"https:\/\/goias.gov.br\/educacao\/wp-content\/uploads\/sites\/40\/2019\/11\/EXTRATO-CARTA-FORMOSA-6a6.pdf\" target=\"_blank\" rel=\"noreferrer noopener\">EXTRATO CARTA FORMOSA<\/a><\/div><\/p><p><\/p><p><\/p><p><div class=\"wp-block-file\"><a href=\"https:\/\/goias.gov.br\/educacao\/wp-content\/uploads\/sites\/40\/2019\/11\/EXTRATO-CARTA-GOIAS-548.pdf\" target=\"_blank\" rel=\"noreferrer noopener\">EXTRATO CARTA GOI\u00c1S<\/a><\/div><\/p><p><\/p><p><\/p><p><div class=\"wp-block-file\"><a href=\"https:\/\/goias.gov.br\/educacao\/wp-content\/uploads\/sites\/40\/2019\/11\/EXTRATO-CARTA-GOIATUBA-6f5.pdf\" target=\"_blank\" rel=\"noreferrer noopener\">EXTRATO CARTA GOIATUBA<\/a><\/div><\/p><p><\/p><p><\/p><p><div class=\"wp-block-file\"><a href=\"https:\/\/goias.gov.br\/educacao\/wp-content\/uploads\/sites\/40\/2019\/11\/EXTRATO-CARTA-INHUMAS-434.pdf\" target=\"_blank\" rel=\"noreferrer noopener\">EXTRATO CARTA INHUMAS<\/a><\/div><\/p><p><\/p><p><\/p><p><div class=\"wp-block-file\"><a href=\"https:\/\/goias.gov.br\/educacao\/wp-content\/uploads\/sites\/40\/2019\/11\/EXTRATO-CARTA-IPORA-c56.pdf\" target=\"_blank\" rel=\"noreferrer noopener\">EXTRATO CARTA IPOR\u00c1<\/a><\/div><\/p><p><\/p><p><\/p><p><div class=\"wp-block-file\"><a href=\"https:\/\/goias.gov.br\/educacao\/wp-content\/uploads\/sites\/40\/2019\/11\/EXTRATO-CARTA-ITABERAI-e2b.pdf\" target=\"_blank\" rel=\"noreferrer noopener\">EXTRATO CARTA ITABERA\u00cd<\/a><\/div><\/p><p><\/p><p><\/p><p><div class=\"wp-block-file\"><a href=\"https:\/\/goias.gov.br\/educacao\/wp-content\/uploads\/sites\/40\/2019\/11\/EXTRATO-CARTA-ITAPACI-37b.pdf\" target=\"_blank\" rel=\"noreferrer noopener\">EXTRATO  CARTA ITAPACI<\/a><\/div><\/p><p><\/p><p><\/p><p><div class=\"wp-block-file\"><a href=\"https:\/\/goias.gov.br\/educacao\/wp-content\/uploads\/sites\/40\/2019\/11\/EXTRATO-CARTA-GOIANESIA-PARTE-I-470.pdf\" target=\"_blank\" rel=\"noreferrer noopener\">EXTRATO CARTA GOIAN\u00c9SIA PARTE-I<\/a><\/div><\/p><p><\/p><p><\/p><p><div class=\"wp-block-file\"><a href=\"https:\/\/goias.gov.br\/educacao\/wp-content\/uploads\/sites\/40\/2019\/11\/EXTRATO-CARTA-GOIANESIA-PARTE-II-082.pdf\" target=\"_blank\" rel=\"noreferrer noopener\">EXTRATO CARTA GOIAN\u00c9SIA PARTE-II<\/a><\/div><\/p><p><\/p><p><\/p><p><div class=\"wp-block-file\"><a href=\"https:\/\/goias.gov.br\/educacao\/wp-content\/uploads\/sites\/40\/2019\/11\/EXTRATO-CARTA-ITUMBIARA-a61.pdf\" target=\"_blank\" rel=\"noreferrer noopener\">EXTRATO CARTA ITUMBIARA<\/a><\/div><\/p><p><\/p><p><\/p><p><div class=\"wp-block-file\"><a href=\"https:\/\/goias.gov.br\/educacao\/wp-content\/uploads\/sites\/40\/2019\/11\/EXTRATO-CARTA-LUZIANIA-1e9.pdf\" target=\"_blank\" rel=\"noreferrer noopener\">EXTRATO CARTA LUZI\u00c2NIA<\/a><\/div><\/p><p><\/p><p><\/p><p><div class=\"wp-block-file\"><a href=\"https:\/\/goias.gov.br\/educacao\/wp-content\/uploads\/sites\/40\/2019\/11\/EXTRATO-CARTA-MINEIROS-564.pdf\" target=\"_blank\" rel=\"noreferrer noopener\">EXTRATO CARTA MINEIROS<\/a><\/div><\/p><p><\/p><p><\/p><p><div class=\"wp-block-file\"><a href=\"https:\/\/goias.gov.br\/educacao\/wp-content\/uploads\/sites\/40\/2019\/11\/EXTRATO-CARTA-POSSE-fe3.pdf\" target=\"_blank\" rel=\"noreferrer noopener\">EXTRATO CARTA POSSE<\/a><\/div><\/p><p><\/p><p><\/p><p><div class=\"wp-block-file\"><a href=\"https:\/\/goias.gov.br\/educacao\/wp-content\/uploads\/sites\/40\/2019\/11\/EXTRATO-CARTA-RIO-VERDE-2a6.pdf\" target=\"_blank\" rel=\"noreferrer noopener\">EXTRATO CARTA RIO VERDE<\/a><\/div><\/p><p><\/p><p><\/p><p><div class=\"wp-block-file\"><a href=\"https:\/\/goias.gov.br\/educacao\/wp-content\/uploads\/sites\/40\/2019\/11\/EXTRATO-CARTA-URUACU-bc8.pdf\" target=\"_blank\" rel=\"noreferrer noopener\">EXTRATO CARTA URUA\u00c7U<\/a><\/div><\/p><p><\/p><p><\/p><p><div class=\"wp-block-file\"><a href=\"https:\/\/goias.gov.br\/educacao\/wp-content\/uploads\/sites\/40\/2019\/11\/EXTRATO-ADITIVO-2o-SEMES-MURILO-BRAGA-2019.0000.606.0099-e61.pdf\" target=\"_blank\" rel=\"noreferrer noopener\">EXTRATO-ADITIVO-2\u00ba-SEMES-MURILO-BRAGA-2019.0000.606.0099<\/a><\/div><\/p><p><\/div><\/p><p><\/div><\/p><p><\/p><p><\/p><p><div class=\"wp-block-group\"><div class=\"wp-block-group__inner-container is-layout-flow wp-block-group-is-layout-flow\"><\/p><p><hr class=\"wp-block-separator\"\/><\/p><p><\/p><p><\/p><p><div class=\"wp-block-pb-accordion-item c-accordion__item js-accordion-item no-js\" data-initially-open=\"false\" data-click-to-close=\"true\" data-auto-close=\"true\" data-scroll=\"false\" data-scroll-offset=\"0\"><h3 id=\"at-270450\" class=\"c-accordion__title js-accordion-controller\" role=\"button\"> 2019 &#8211; Refer\u00eancia 1\u00ba Semestre de 2019 <\/h3><div id=\"ac-270450\" class=\"c-accordion__content\"><\/p><p><div class=\"wp-block-columns is-layout-flex wp-container-core-columns-is-layout-9d6595d7 wp-block-columns-is-layout-flex\"><\/p><p><div class=\"wp-block-column is-layout-flow wp-block-column-is-layout-flow\"><\/p><p><div class=\"wp-block-file\"><a href=\"https:\/\/goias.gov.br\/educacao\/wp-content\/uploads\/sites\/40\/2019\/11\/EXtrato-Contrato-Joaquim-Antonio-ec4.pdf\" target=\"_blank\" rel=\"noreferrer noopener\">EXTRATO CONTRATO -Joaquim-Antonio<\/a><\/div><\/p><p><\/p><p><\/p><p><div class=\"wp-block-file\"><a href=\"https:\/\/goias.gov.br\/educacao\/wp-content\/uploads\/sites\/40\/2019\/11\/AVISO-EXTRATO-CARTA-COL.-EST.-JOAQUIM-ANT.-MAG.-FORMOSA-07d.pdf\" target=\"_blank\" rel=\"noreferrer noopener\">AVISO EXTRATO CARTA COL.-EST.-JOAQUIM-ANT.-MAG.-FORMOSA<\/a><\/div><\/p><p><\/p><p><\/p><p><div class=\"wp-block-file\"><a href=\"https:\/\/goias.gov.br\/educacao\/wp-content\/uploads\/sites\/40\/2019\/11\/EXTRATO-DECRESCIMO-CEPI-DIOGENES-GOIANESIA-FORNECEDOR-JAIR-SILVERIO-533.pdf\" target=\"_blank\" rel=\"noreferrer noopener\">EXTRATO-DECRESCIMO-CEPI-DIOGENES-GOIANESIA-FORNECEDOR-JAIR-SILVERIO<\/a><\/div><\/p><p><\/p><p><\/p><p><div class=\"wp-block-file\"><a href=\"https:\/\/goias.gov.br\/educacao\/wp-content\/uploads\/sites\/40\/2019\/11\/EXTRATO-DE-DECRESCIMO-CEPI-DIOGENES-GOIANESIA-FORNECEDOR-JOSE-GERALDO-07b.pdf\" target=\"_blank\" rel=\"noreferrer noopener\">EXTRATO-DE-DECRESCIMO-CEPI-DIOGENES-GOIANESIA-FORNECEDOR-JOSE-GERALDO<\/a><\/div><\/p><p><\/p><p><\/p><p><div class=\"wp-block-file\"><a href=\"https:\/\/goias.gov.br\/educacao\/wp-content\/uploads\/sites\/40\/2019\/11\/EXTRATO-DE-DECRESCIMO-CEPI-DIOGENES-GOIANESIA-SUPERMECADO-PRIMAVERA-a80.pdf\" target=\"_blank\" rel=\"noreferrer noopener\">EXTRATO-DE-DECR\u00c9SCIMO-CEPI-DIOGENES-GOIANESIA-SUPERMECADO-PRIMAVERA<\/a><\/div><\/p><p><\/p><p><\/p><p><div class=\"wp-block-file\"><a href=\"https:\/\/goias.gov.br\/educacao\/wp-content\/uploads\/sites\/40\/2019\/11\/JORNAL-EXTRATO-CONTRATO-CARTA-CEPI-LEVINDO-RUBIATABA-d88.pdf\" target=\"_blank\" rel=\"noreferrer noopener\">JORNAL-EXTRATO-CONTRATO-CARTA-CEPI-LEVINDO-RUBIATABA<\/a><\/div><\/p><p><\/p><p><\/p><p><div class=\"wp-block-file\"><a href=\"https:\/\/goias.gov.br\/educacao\/wp-content\/uploads\/sites\/40\/2019\/11\/CEPI-LEVINDO-BORBA-RUBIATABA-Supermercado-314.pdf\" target=\"_blank\" rel=\"noreferrer noopener\">CEPI-LEVINDO-BORBA-RUBIATABA-Supermercado<\/a><\/div><\/p><p><\/p><p><\/p><p><div class=\"wp-block-file\"><a href=\"https:\/\/goias.gov.br\/educacao\/wp-content\/uploads\/sites\/40\/2019\/11\/CEPI-LEVINDO-BORBA-RUBIATABA-Padaria-809.pdf\" target=\"_blank\" rel=\"noreferrer noopener\">CEPI-LEVINDO-BORBA-RUBIATABA-Padaria<\/a><\/div><\/p><p><\/p><p><\/p><p><div class=\"wp-block-file\"><a href=\"https:\/\/goias.gov.br\/educacao\/wp-content\/uploads\/sites\/40\/2019\/11\/RESCISAO-CEPI-JOSE-P-FARIA-ITAPURANGA-CARTA-PEDRO-MOREIRA-686.pdf\" target=\"_blank\" rel=\"noreferrer noopener\">RESCIS\u00c3O CEPI JOS\u00c9 P.FARIA ITAPURANGA-CARTA-PEDRO-MOREIRA<\/a><\/div><\/p><p><\/p><p><\/p><p><div class=\"wp-block-file\"><a href=\"https:\/\/goias.gov.br\/educacao\/wp-content\/uploads\/sites\/40\/2019\/11\/RESCISAO-CEPI-JOSE-P-FARIA-ITAPURANGA-CARTA-PANIF-MARISTA-29d.pdf\" target=\"_blank\" rel=\"noreferrer noopener\">RESCIS\u00c3O CEPI JOS\u00c9 P.FARIA-ITAPURANGA-CARTA-PANIF-MARISTA<\/a><\/div><\/p><p><\/p><p><\/p><p><div class=\"wp-block-file\"><a href=\"https:\/\/goias.gov.br\/educacao\/wp-content\/uploads\/sites\/40\/2019\/11\/JORNAL-EXTRATO-RESCISAO-CARTA-CEPI-J.-PEDRO-ITAPURANGA-d9f.pdf\" target=\"_blank\" rel=\"noreferrer noopener\">JORNAL-EXTRATO-RESCIS\u00c3O-CARTA-CEPI-J.-PEDRO-ITAPURANGA<\/a><\/div><\/p><p><\/p><p><\/p><p><div class=\"wp-block-file\"><a href=\"https:\/\/goias.gov.br\/educacao\/wp-content\/uploads\/sites\/40\/2019\/11\/EXTRATO-CARTA-COL.-MARIA-LOPES-51e.pdf\" target=\"_blank\" rel=\"noreferrer noopener\">EXTRATO-CARTA-COL.-MARIA-LOPES<\/a><\/div><\/p><p><\/p><p><\/p><p><div class=\"wp-block-file\"><a href=\"https:\/\/goias.gov.br\/educacao\/wp-content\/uploads\/sites\/40\/2019\/11\/AVISO-CARTA-MARIA-LOPES-0b1.pdf\" target=\"_blank\" rel=\"noreferrer noopener\">AVISO-CARTA-MARIA-LOPES<\/a><\/div><\/p><p><\/p><p><\/p><p><div class=\"wp-block-file\"><a href=\"https:\/\/goias.gov.br\/educacao\/wp-content\/uploads\/sites\/40\/2019\/11\/RESCISAO_CONTRATO_CARTA___4_UES_PIRACANJUBA-d65.pdf\" target=\"_blank\" rel=\"noreferrer noopener\">RESCIS\u00c3O CONTRATO CARTA 4 UES PIRACANJUBA<\/a><\/div><\/p><p><\/p><p><\/p><p><div class=\"wp-block-file\"><a href=\"https:\/\/goias.gov.br\/educacao\/wp-content\/uploads\/sites\/40\/2019\/11\/EXTRATO_DE_CONTRATO___4_UNIDADES___CRE_PIRACANJUBA-8b4.pdf\" target=\"_blank\" rel=\"noreferrer noopener\">EXTRATO DE CONTRATO 4 UNIDADES CRE PIRACANJUBA<\/a><\/div><\/p><p><\/p><p><\/p><p><div class=\"wp-block-file\"><a href=\"https:\/\/goias.gov.br\/educacao\/wp-content\/uploads\/sites\/40\/2019\/11\/ESCOLA_E.OTONIEL_DA_CUNHA-5e2.pdf\" target=\"_blank\" rel=\"noreferrer noopener\">ESCOLA E.OTONIEL DA CUNHA<\/a><\/div><\/p><p><\/p><p><\/p><p><div class=\"wp-block-file\"><a href=\"https:\/\/goias.gov.br\/educacao\/wp-content\/uploads\/sites\/40\/2019\/11\/DOCUMENTOS_ESCOLA_EMERENCIANA-655.pdf\" target=\"_blank\" rel=\"noreferrer noopener\">DOCUMENTOS_ESCOLA_EMERENCIANA<\/a><\/div><\/p><p><\/p><p><\/p><p><div class=\"wp-block-file\"><a href=\"https:\/\/goias.gov.br\/educacao\/wp-content\/uploads\/sites\/40\/2019\/11\/DOCUMENTOS_ESCOLA_E._BOA_NOVA-fb8.pdf\" target=\"_blank\" rel=\"noreferrer noopener\">DOCUMENTOS ESCOLA E. BOA NOVA<\/a><\/div><\/p><p><\/p><p><\/p><p><div class=\"wp-block-file\"><a href=\"https:\/\/goias.gov.br\/educacao\/wp-content\/uploads\/sites\/40\/2019\/11\/DOCUMENTOS_ESCOLA__ANTONIO_MESTRE-0b7.pdf\" target=\"_blank\" rel=\"noreferrer noopener\">DOCUMENTOS ESCOLA ANTONIO  MESTRE<\/a><\/div><\/p><p><\/p><p><\/p><p><div class=\"wp-block-file\"><a href=\"https:\/\/goias.gov.br\/educacao\/wp-content\/uploads\/sites\/40\/2019\/11\/ADITIVO-DECRESCIMO-CEPI-DIOGENES-GOIANESIA-.E.SOL-DOURADO-TRINDADE-CARTA-cae.pdf\" target=\"_blank\" rel=\"noreferrer noopener\">ADITIVO -DECR\u00c9SCIMO CEPI DI\u00d3GENES GOIAN\u00c9SIA .E.SOL DOURADO TRINDADE-CARTA<\/a><\/div><\/p><p><\/p><p><\/p><p><div class=\"wp-block-file\"><a href=\"https:\/\/goias.gov.br\/educacao\/wp-content\/uploads\/sites\/40\/2019\/11\/EXTRATO-DE-CONTRATO-CARTA-E.E.-ANTONIO-C.SOUZA-MINEIROS-2-1ca.pdf\" target=\"_blank\" rel=\"noreferrer noopener\">EXTRATO DE CONTRATO CARTA E.E.-ANT\u00d4NIO C.SOUZA MINEIROS-2<\/a><\/div><\/p><p><\/p><p><\/p><p><div class=\"wp-block-file\"><a href=\"https:\/\/goias.gov.br\/educacao\/wp-content\/uploads\/sites\/40\/2019\/11\/Extrato-Esc.-Est.-Antonio-C.-de-Souza-Chamada-e-Carta-Mineiros-b0b.pdf\" target=\"_blank\" rel=\"noreferrer noopener\">EXTRATO ESC.  EST. ANTONIO C. DE  SOUZA  CHAMADA e CARTA -MINEIROS<\/a><\/div><\/p><p><\/p><p><\/p><p><p class=\"has-small-font-size\"><a rel=\"noreferrer noopener\" href=\"https:\/\/goias.gov.br\/educacao\/wp-content\/uploads\/sites\/40\/2019\/11\/JORNAL-RESCISAO-CARTA-CEPI-JOSE-C.-PARANHOS-PIRES-DO-RIO-83f.pdf\" target=\"_blank\">JORNAL &#8211; RESCISAO CARTA CEPI JOSE C. PARANHOS-PIRES DO RIO<\/a><\/p><\/p><p><\/p><p><\/p><p><p class=\"has-small-font-size\"><a rel=\"noreferrer noopener\" href=\"https:\/\/goias.gov.br\/educacao\/wp-content\/uploads\/sites\/40\/2019\/11\/RESCISAO-CARTA-ALCEU-CEPI-MILTON-FARIA-ITAPURANGA-b34.pdf\" target=\"_blank\">RESCIS\u00c3O &#8211; CARTA -ALCEU &#8211; CEPI MILTON FARIA &#8211; ITAPURANGA<\/a><\/p><\/p><p><\/p><p><\/p><p><p class=\"has-small-font-size\"><a rel=\"noreferrer noopener\" href=\"https:\/\/goias.gov.br\/educacao\/wp-content\/uploads\/sites\/40\/2019\/11\/RESCISAO-CARTA-CONVITE-C.E.-EUCLIDES-S.-DE-LIMA-CERES-a90.pdf\" target=\"_blank\">RESCIS\u00c3O CARTA CONVITE &#8211; C.E. EUCLIDES S. DE LIMA &#8211; CERES<\/a><\/p><\/p><p><\/p><p><\/p><p><p class=\"has-small-font-size\"><a rel=\"noreferrer noopener\" href=\"https:\/\/goias.gov.br\/educacao\/wp-content\/uploads\/sites\/40\/2019\/11\/EXTRATO-CARTA-CONVITE-AGUAS-LINDAS-163.pdf\" target=\"_blank\">EXTRATO &#8211; CARTA CONVITE &#8211; \u00c1GUAS LINDAS<\/a><\/p><\/p><p><\/p><p><\/p><p><p class=\"has-small-font-size\"><a rel=\"noreferrer noopener\" href=\"https:\/\/goias.gov.br\/educacao\/wp-content\/uploads\/sites\/40\/2019\/11\/EXTRATO-CARTA-CONVITE-APARECIDA-1a-PARTE-6bf.pdf\" target=\"_blank\">EXTRATO &#8211; CARTA CONVITE &#8211; APARECIDA &#8211; 1\u00aa PARTE<\/a><\/p><\/p><p><\/p><p><\/p><p><p class=\"has-small-font-size\"><a rel=\"noreferrer noopener\" href=\"https:\/\/goias.gov.br\/educacao\/wp-content\/uploads\/sites\/40\/2019\/11\/EXTRATO-CARTA-CONVITE-APARECIDA-2a-PARTE-1c6.pdf\" target=\"_blank\">EXTRATO &#8211; CARTA CONVITE &#8211; APARECIDA &#8211; 2\u00aa PARTE<\/a><\/p><\/p><p><\/p><p><\/p><p><p class=\"has-small-font-size\"><a rel=\"noreferrer noopener\" href=\"https:\/\/goias.gov.br\/educacao\/wp-content\/uploads\/sites\/40\/2019\/11\/EXTRATO-CARTA-CONVITE-APARECIDA-3a-PARTE-87c.pdf\" target=\"_blank\">EXTRATO &#8211; CARTA CONVITE &#8211; APARECIDA &#8211; 3\u00aa PARTE<\/a><\/p><\/p><p><\/p><p><\/p><p><p class=\"has-small-font-size\"><a rel=\"noreferrer noopener\" href=\"https:\/\/goias.gov.br\/educacao\/wp-content\/uploads\/sites\/40\/2019\/11\/EXTRATO-CARTA-CONVITE-APARECIDA-4a-PARTE-f35.pdf\" target=\"_blank\">EXTRATO &#8211; CARTA CONVITE &#8211; APARECIDA &#8211; 4\u00aa PART<\/a><strong><a rel=\"noreferrer noopener\" href=\"https:\/\/goias.gov.br\/educacao\/wp-content\/uploads\/sites\/40\/2019\/11\/EXTRATO-CARTA-CONVITE-APARECIDA-4a-PARTE-f35.pdf\" target=\"_blank\">E<\/a><\/strong><\/p><\/p><p><\/p><p><\/p><p><p class=\"has-small-font-size\"><a rel=\"noreferrer noopener\" href=\"https:\/\/goias.gov.br\/educacao\/wp-content\/uploads\/sites\/40\/2019\/11\/EXTRATO-CARTA-CONVITE-GOIANESIA-c24.pdf\" target=\"_blank\">EXTRATO &#8211; CARTA CONVITE &#8211; GOIAN\u00c9SIA<\/a><\/p><\/p><p><\/p><p><\/p><p><p class=\"has-small-font-size\"><a rel=\"noreferrer noopener\" href=\"https:\/\/goias.gov.br\/educacao\/wp-content\/uploads\/sites\/40\/2019\/11\/EXTRATO-CARTA-CONVITE-GOIANIA-1a-PARTE-7d0.pdf\" target=\"_blank\">EXTRATO &#8211; CARTA CONVITE &#8211; GOI\u00c2NIA &#8211; 1\u00aa PARTE<\/a><\/p><\/p><p><\/p><p><\/p><p><p class=\"has-small-font-size\"><a rel=\"noreferrer noopener\" href=\"https:\/\/goias.gov.br\/educacao\/wp-content\/uploads\/sites\/40\/2019\/11\/EXTRATO-CARTA-CONVITE-GOIANIA-2a-PARTE-0a9.pdf\" target=\"_blank\">EXTRATO &#8211; CARTA CONVITE &#8211; GOI\u00c2NIA &#8211; 2\u00aa PARTE<\/a><\/p><\/p><p><\/p><p><\/p><p><p class=\"has-small-font-size\"><a rel=\"noreferrer noopener\" href=\"https:\/\/goias.gov.br\/educacao\/wp-content\/uploads\/sites\/40\/2019\/11\/EXTRATO-CARTA-CONVITE-GOIANIA-3a-PARTE-913.pdf\" target=\"_blank\">EXTRATO &#8211; CARTA CONVITE &#8211; GOI\u00c2NIA &#8211; 3\u00aa PARTE<\/a><\/p><\/p><p><\/p><p><\/p><p><p class=\"has-small-font-size\"><a rel=\"noreferrer noopener\" href=\"https:\/\/goias.gov.br\/educacao\/wp-content\/uploads\/sites\/40\/2019\/11\/EXTRATO-CARTA-CONVITE-GOIANIA-4a-PARTE-e5a.pdf\" target=\"_blank\">EXTRATO &#8211; CARTA CONVITE &#8211; GOI\u00c2NIA &#8211; 4\u00aa PARTE<\/a><\/p><\/p><p><\/p><p><\/p><p><p class=\"has-small-font-size\"><a rel=\"noreferrer noopener\" href=\"https:\/\/goias.gov.br\/educacao\/wp-content\/uploads\/sites\/40\/2019\/11\/EXTRATO-CARTA-CONVITE-PIRES-DO-RIO-fe9.pdf\" target=\"_blank\">EXTRATO &#8211; CARTA CONVITE &#8211; PIRES DO RIO<\/a><\/p><\/p><p><\/p><p><\/p><p><p class=\"has-small-font-size\"><a rel=\"noreferrer noopener\" href=\"https:\/\/goias.gov.br\/educacao\/wp-content\/uploads\/sites\/40\/2019\/11\/EXTRATO-CARTA-CONVITE-GOIANIA-5a-PARTE-7e0.pdf\" target=\"_blank\">EXTRATO &#8211; CARTA CONVITE &#8211; GOI\u00c2NIA &#8211; 5\u00aa PARTE<\/a><\/p><\/p><p><\/p><p><\/p><p><p class=\"has-small-font-size\"><a rel=\"noreferrer noopener\" href=\"https:\/\/goias.gov.br\/educacao\/wp-content\/uploads\/sites\/40\/2019\/11\/EXTRATO-CARTA-CONVITE-JUSSARA-678.pdf\" target=\"_blank\">EXTRATO &#8211; CARTA CONVITE &#8211; JUSSARA<\/a><\/p><\/p><p><\/p><p><\/p><p><p class=\"has-small-font-size\"><a rel=\"noreferrer noopener\" href=\"https:\/\/goias.gov.br\/educacao\/wp-content\/uploads\/sites\/40\/2019\/11\/EXTRATO-CARTA-CONVITE-RIO-VERDE-aab.pdf\" target=\"_blank\">EXTRATO &#8211; CARTA CONVITE &#8211; RIO VERDE<\/a><\/p><\/p><p><\/p><p><\/p><p><div class=\"wp-block-file\"><a href=\"https:\/\/goias.gov.br\/educacao\/wp-content\/uploads\/sites\/40\/2019\/11\/EXTRATO-RESCISAO-C.E-MARTINS-BORGES-PIRES-DO-RIO-7f1.pdf\" target=\"_blank\" rel=\"noreferrer noopener\">EXTRATO-RESCISAO-C.E-MARTINS-BORGES-PIRES-DO-RIO<\/a><\/div><\/p><p><\/p><p><\/p><p><div class=\"wp-block-file\"><a href=\"https:\/\/goias.gov.br\/educacao\/wp-content\/uploads\/sites\/40\/2019\/11\/EXTRATO-RESCISAO-C.E-POLICIA-MILITAR-PROF-IVAN-FERREIRA-PIRES-DO-RIO-7a9.pdf\" target=\"_blank\" rel=\"noreferrer noopener\">EXTRATO-RESCISAO-C.E-POLICIA-MILITAR-PROF-IVAN-FERREIRA-PIRES-DO-RIO<\/a><\/div><\/p><p><\/p><p><\/p><p><div class=\"wp-block-file\"><a href=\"https:\/\/goias.gov.br\/educacao\/wp-content\/uploads\/sites\/40\/2019\/11\/EXTRATO-RESCISAO-C.E-PROFESSORA-INES-HENRIQUETA-MARTINS-METROPOLITANA-1-e88.pdf\" target=\"_blank\" rel=\"noreferrer noopener\">EXTRATO-RESCISAO-C.E-PROFESSORA-INES-HENRIQUETA-MARTINS-METROPOLITANA-1<\/a><\/div><\/p><p><\/p><p><\/p><p><div class=\"wp-block-file\"><a href=\"https:\/\/goias.gov.br\/educacao\/wp-content\/uploads\/sites\/40\/2019\/11\/EXTRATO-RESCISAO-C.E-PROFESSORA-INES-HENRIQUETA-MARTINS-METROPOLITANA-2-af2.pdf\" target=\"_blank\" rel=\"noreferrer noopener\">EXTRATO-RESCISAO-C.E-PROFESSORA-INES-HENRIQUETA-MARTINS-METROPOLITANA-2<\/a><\/div><\/p><p><\/p><p><\/p><p><div class=\"wp-block-file\"><a href=\"https:\/\/goias.gov.br\/educacao\/wp-content\/uploads\/sites\/40\/2019\/11\/EXTRATO-RESCISAO-C.E-TEREZINHA-DE-ALMEIDA-MENDES-PIRES-DO-RIO-f1c.pdf\" target=\"_blank\" rel=\"noreferrer noopener\">EXTRATO-RESCISAO-C.E-TEREZINHA-DE-ALMEIDA-MENDES-PIRES-DO-RIO<\/a><\/div><\/p><p><\/p><p><\/p><p><div class=\"wp-block-file\"><a href=\"https:\/\/goias.gov.br\/educacao\/wp-content\/uploads\/sites\/40\/2019\/11\/EXTRATO-RESCISAO-C.E.-DESEMB.-MARIO-CAIADO-JUSSARA-9ab.pdf\" target=\"_blank\" rel=\"noreferrer noopener\">EXTRATO-RESCIS\u00c3O-C.E.-DESEMB.-M\u00c1RIO-CAIADO-JUSSARA<\/a><\/div><\/p><p><\/p><p><\/p><p><div class=\"wp-block-file\"><a href=\"https:\/\/goias.gov.br\/educacao\/wp-content\/uploads\/sites\/40\/2019\/11\/EXTRATO-RESCISAO-CEPI-QUINTILIANO-LEAO-NETO-QUIRINOPOLIS-9a3.pdf\" target=\"_blank\" rel=\"noreferrer noopener\">EXTRATO-RESCIS\u00c3O-CEPI-QUINTILIANO-LE\u00c3O-NETO-QUIRIN\u00d3POLIS<\/a><\/div><\/p><p><\/p><p><\/p><p><div class=\"wp-block-file\"><a href=\"https:\/\/goias.gov.br\/educacao\/wp-content\/uploads\/sites\/40\/2019\/11\/EXTRATO-RESCISAO-CEPMG-SILVIO-DE-CASTRO-RIBEIRO-GOIANESIA-11f.pdf\" target=\"_blank\" rel=\"noreferrer noopener\">EXTRATO-RESCISAO-CEPMG-SILVIO-DE-CASTRO-RIBEIRO-GOIANESIA<\/a><\/div><\/p><p><\/div><\/p><p><\/p><p><\/p><p><div class=\"wp-block-column is-layout-flow wp-block-column-is-layout-flow\"><\/p><p><p class=\"has-small-font-size\"><a rel=\"noreferrer noopener\" href=\"https:\/\/goias.gov.br\/educacao\/wp-content\/uploads\/sites\/40\/2019\/11\/RESCISAO-CARTA-CEPI-JOSE-C.-PARANHOS-PIRES-DO-RIO-801.pdf\" target=\"_blank\">RESCIS\u00c3O CARTA &#8211; CEPI JOS\u00c9 C. PARANHOS &#8211; PIRES DO RIO<\/a><\/p><\/p><p><\/p><p><\/p><p><p class=\"has-small-font-size\"><a rel=\"noreferrer noopener\" href=\"https:\/\/goias.gov.br\/educacao\/wp-content\/uploads\/sites\/40\/2019\/11\/RESCISAO-CARTA-5-IRMAOS-CEPI-MILTON-FARIA-ITAPURANGA-fea.pdf\" target=\"_blank\">RESCIS\u00c3O &#8211; CARTA -5 IRMAOS &#8211; CEPI MILTON FARIA &#8211; ITAPURANGA<\/a><\/p><\/p><p><\/p><p><\/p><p><p class=\"has-small-font-size\"><a rel=\"noreferrer noopener\" href=\"https:\/\/goias.gov.br\/educacao\/wp-content\/uploads\/sites\/40\/2019\/11\/JORNAL-RESCISAO-CARTA-CEPI-MILTON-ITAPURANGA-32b.pdf\" target=\"_blank\">JORNAL &#8211; RESCIS\u00c3O CARTA &#8211; CEPI MILTON &#8211; ITAPURANGA<\/a><\/p><\/p><p><\/p><p><\/p><p><p class=\"has-small-font-size\"><a rel=\"noreferrer noopener\" href=\"https:\/\/goias.gov.br\/educacao\/wp-content\/uploads\/sites\/40\/2019\/11\/JORNAIS-RESCISAO-CARTA-CONVITE-C.E.-EUCLIDES-S.DE-LIMA-CERES-4e0.pdf\" target=\"_blank\">JORNAIS &#8211; RESCIS\u00c3O CARTA CONVITE &#8211; C.E. EUCLIDES S.DE LIMA &#8211; CERES<\/a><\/p><\/p><p><\/p><p><\/p><p><p class=\"has-small-font-size\"><a rel=\"noreferrer noopener\" href=\"https:\/\/goias.gov.br\/educacao\/wp-content\/uploads\/sites\/40\/2019\/11\/EXTRATO-CARTA-CONVITE-ANAPOLIS-00f.pdf\" target=\"_blank\">EXTRATO &#8211; CARTA CONVITE &#8211; AN\u00c1POLIS<\/a><\/p><\/p><p><\/p><p><\/p><p><p class=\"has-small-font-size\"><a rel=\"noreferrer noopener\" href=\"https:\/\/goias.gov.br\/educacao\/wp-content\/uploads\/sites\/40\/2019\/11\/EXTRATO-CARTA-CONVITE-CIDADE-DE-GOIAS-f86.pdf\" target=\"_blank\">EXTRATO &#8211; CARTA CONVITE &#8211; CIDADE DE GOI\u00c1S<\/a><\/p><\/p><p><\/p><p><\/p><p><p class=\"has-small-font-size\"><a rel=\"noreferrer noopener\" href=\"https:\/\/goias.gov.br\/educacao\/wp-content\/uploads\/sites\/40\/2019\/11\/EXTRATO-CARTA-CONVITE-CAMPOS-BELOS-fcc.pdf\" target=\"_blank\">EXTRATO &#8211; CARTA CONVITE &#8211; CAMPOS BELOS<\/a><\/p><\/p><p><\/p><p><\/p><p><p class=\"has-small-font-size\"><a rel=\"noreferrer noopener\" href=\"https:\/\/goias.gov.br\/educacao\/wp-content\/uploads\/sites\/40\/2019\/11\/EXTRATO-CARTA-CONVITE-FORMOSA-b83.pdf\" target=\"_blank\">EXTRATO &#8211; CARTA CONVITE &#8211; FORMOSA<\/a><\/p><\/p><p><\/p><p><\/p><p><p class=\"has-small-font-size\"><a rel=\"noreferrer noopener\" href=\"https:\/\/goias.gov.br\/educacao\/wp-content\/uploads\/sites\/40\/2019\/11\/EXTRATO-CARTA-CONVITE-RUBIATABA-489.pdf\" target=\"_blank\">EXTRATO &#8211; CARTA CONVITE &#8211; RUBIATABA<\/a><\/p><\/p><p><\/p><p><\/p><p><p class=\"has-small-font-size\"><a rel=\"noreferrer noopener\" href=\"https:\/\/goias.gov.br\/educacao\/wp-content\/uploads\/sites\/40\/2019\/11\/EXTRATO-CARTA-CONVITE-SAO-MIGUEL-DO-ARAGUAIA-39b.pdf\" target=\"_blank\">EXTRATO &#8211; CARTA CONVITE &#8211; S\u00c3O MIGUEL DO ARAGUAIA<\/a><\/p><\/p><p><\/p><p><\/p><p><p class=\"has-small-font-size\"><a rel=\"noreferrer noopener\" href=\"https:\/\/goias.gov.br\/educacao\/wp-content\/uploads\/sites\/40\/2019\/11\/EXTRATO-CARTA-CONVITE-SANTA-HELENA-d53.pdf\" target=\"_blank\">EXTRATO   CARTA CONVITE  SANTA HELENA<\/a><\/p><\/p><p><\/p><p><\/p><p><p class=\"has-small-font-size\"><a rel=\"noreferrer noopener\" href=\"https:\/\/goias.gov.br\/educacao\/wp-content\/uploads\/sites\/40\/2019\/11\/EXTRATO-CARTA-CONVITE-GOIATUBA-255.pdf\" target=\"_blank\">EXTRATO &#8211; CARTA CONVITE &#8211; GOIATUBA<\/a><\/p><\/p><p><\/p><p><\/p><p><p class=\"has-small-font-size\"><a rel=\"noreferrer noopener\" href=\"https:\/\/goias.gov.br\/educacao\/wp-content\/uploads\/sites\/40\/2019\/11\/EXTRATO-CARTA-CONVITE-ITAPACI-e5e.pdf\" target=\"_blank\">EXTRATO &#8211; CARTA CONVITE &#8211; ITAPACI<\/a><\/p><\/p><p><\/p><p><\/p><p><p class=\"has-small-font-size\"><a rel=\"noreferrer noopener\" href=\"https:\/\/goias.gov.br\/educacao\/wp-content\/uploads\/sites\/40\/2019\/11\/EXTRATO-CARTA-CONVITE-IPORA-c68.pdf\" target=\"_blank\">EXTRATO &#8211; CARTA CONVITE &#8211; IPOR\u00c1<\/a><\/p><\/p><p><\/p><p><\/p><p><p class=\"has-small-font-size\"><a rel=\"noreferrer noopener\" href=\"https:\/\/goias.gov.br\/educacao\/wp-content\/uploads\/sites\/40\/2019\/11\/EXTRATO-CARTA-CONVITE-ITABERAI-a8b.pdf\" target=\"_blank\">EXTRATO &#8211; CARTA CONVITE &#8211; ITABERA\u00cd<\/a><\/p><\/p><p><\/p><p><\/p><p><p class=\"has-small-font-size\"><a rel=\"noreferrer noopener\" href=\"https:\/\/goias.gov.br\/educacao\/wp-content\/uploads\/sites\/40\/2019\/11\/EXTRATO-CARTA-CONVITE-JATAI-9ff.pdf\" target=\"_blank\">EXTRATO &#8211; CARTA CONVITE &#8211; JATA\u00cd<\/a><\/p><\/p><p><\/p><p><\/p><p><p class=\"has-small-font-size\"><a rel=\"noreferrer noopener\" href=\"https:\/\/goias.gov.br\/educacao\/wp-content\/uploads\/sites\/40\/2019\/11\/EXTRATO-CARTA-CONVITE-MINACU-d7b.pdf\" target=\"_blank\">EXTRATO &#8211; CARTA CONVITE &#8211; MINA\u00c7U<\/a><\/p><\/p><p><\/p><p><\/p><p><p class=\"has-small-font-size\"><a rel=\"noreferrer noopener\" href=\"https:\/\/goias.gov.br\/educacao\/wp-content\/uploads\/sites\/40\/2019\/11\/EXTRATO-CARTA-CONVITE-MORRINHOS-29f.pdf\" target=\"_blank\">EXTRATO &#8211; CARTA CONVITE &#8211; MORRINHOS<\/a><\/p><\/p><p><\/p><p><\/p><p><p class=\"has-small-font-size\"><a rel=\"noreferrer noopener\" href=\"https:\/\/goias.gov.br\/educacao\/wp-content\/uploads\/sites\/40\/2019\/11\/EXTRATO-CARTA-CONVITE-PALMEIRAS-3a-PARTE-2df.pdf\" target=\"_blank\">EXTRATO &#8211; CARTA CONVITE &#8211; PALMEIRAS &#8211; 3\u00aa PARTE<\/a><\/p><\/p><p><\/p><p><\/p><p><p class=\"has-small-font-size\"><a rel=\"noreferrer noopener\" href=\"https:\/\/goias.gov.br\/educacao\/wp-content\/uploads\/sites\/40\/2019\/11\/EXTRATO-CARTA-CONVITE-NOVO-GAMA-db4.pdf\" target=\"_blank\">EXTRATO &#8211; CARTA CONVITE &#8211; NOVO GAMA<\/a><\/p><\/p><p><\/p><p><\/p><p><p class=\"has-small-font-size\"><a rel=\"noreferrer noopener\" href=\"https:\/\/goias.gov.br\/educacao\/wp-content\/uploads\/sites\/40\/2019\/11\/EXTRATO-CARTA-CONVITE-PIRANHAS-1de.pdf\" target=\"_blank\">EXTRATO &#8211; CARTA CONVITE &#8211; PIRANHAS<\/a><\/p><\/p><p><\/p><p><\/p><p><p class=\"has-small-font-size\"><a rel=\"noreferrer noopener\" href=\"https:\/\/goias.gov.br\/educacao\/wp-content\/uploads\/sites\/40\/2019\/11\/EXTRATO-CARTA-CONVITE-PIRACANJUBA-aa6.pdf\" target=\"_blank\">EXTRATO &#8211; CARTA CONVITE &#8211; PIRACANJUBA<\/a><\/p><\/p><p><\/p><p><\/p><p><p class=\"has-small-font-size\"><a rel=\"noreferrer noopener\" href=\"https:\/\/goias.gov.br\/educacao\/wp-content\/uploads\/sites\/40\/2019\/11\/EXTRATO-CARTA-CONVITE-QUIRINOPOLIS-45b.pdf\" target=\"_blank\">EXTRATO &#8211; CARTA CONVITE &#8211; QUIRIN\u00d3POLIS<\/a><\/p><\/p><p><\/p><p><\/p><p><p class=\"has-small-font-size\"><a rel=\"noreferrer noopener\" href=\"https:\/\/goias.gov.br\/educacao\/wp-content\/uploads\/sites\/40\/2019\/11\/EXTRATO-CARTA-CONVITE-SILVANIA-d73.pdf\" target=\"_blank\">EXTRATO &#8211; CARTA CONVITE &#8211; SILV\u00c2NIA<\/a><\/p><\/p><p><\/p><p><\/p><p><p class=\"has-small-font-size\"><a rel=\"noreferrer noopener\" href=\"https:\/\/goias.gov.br\/educacao\/wp-content\/uploads\/sites\/40\/2019\/11\/EXTRATO-CARTA-CONVITE-POSSE-fdd.pdf\" target=\"_blank\">EXTRATO &#8211; CARTA CONVITE &#8211; POSSE<\/a><\/p><\/p><p><\/p><p><\/p><p><p class=\"has-small-font-size\"><a rel=\"noreferrer noopener\" href=\"https:\/\/goias.gov.br\/educacao\/wp-content\/uploads\/sites\/40\/2019\/11\/EXTRATO-CARTA-CONVITE-URUACU-ec8.pdf\" target=\"_blank\">EXTRATO &#8211; CARTA CONVITE &#8211; URUA\u00c7U<\/a><br><\/p><\/p><p><\/p><p><\/p><p><p class=\"has-small-font-size\"><a rel=\"noreferrer noopener\" href=\"https:\/\/goias.gov.br\/educacao\/wp-content\/uploads\/sites\/40\/2019\/11\/EXTRATO-CARTA-CONVITE-TRINDADE-28f.pdf\" target=\"_blank\">EXTRATO &#8211; CARTA CONVITE &#8211; TRINDADE<\/a><\/p><\/p><p><\/p><p><\/p><p><p class=\"has-small-font-size\"><a rel=\"noreferrer noopener\" href=\"https:\/\/goias.gov.br\/educacao\/wp-content\/uploads\/sites\/40\/2019\/11\/EXTRATOS-CARTA-CEPI-EUNICE-WEAVER-GOIANIA-6a-PARTE-562.pdf\" target=\"_blank\">EXTRATO &#8211; CARTA CONVITE &#8211; CEPI EUNICE WEAVER &#8211; GOI\u00c2NIA &#8211; 6\u00aa PARTE<\/a><\/p><\/p><p><\/p><p><\/p><p><p class=\"has-small-font-size\"><a rel=\"noreferrer noopener\" href=\"https:\/\/goias.gov.br\/educacao\/wp-content\/uploads\/sites\/40\/2019\/11\/EXTRATO-CARTA-CONVITE-ITAPURANGA-14c.pdf\" target=\"_blank\">EXTRATO &#8211; CARTA CONVITE &#8211; ITAPURANGA<\/a><\/p><\/p><p><\/p><p><\/p><p><p class=\"has-small-font-size\"><a rel=\"noreferrer noopener\" href=\"https:\/\/goias.gov.br\/educacao\/wp-content\/uploads\/sites\/40\/2019\/11\/EXTRATO-CARTA-CONVITE-PALMEIRAS-1a-PARTE-c1c.pdf\" target=\"_blank\">EXTRATO &#8211; CARTA CONVITE &#8211; PALMEIRAS &#8211; 1\u00aa PARTE<\/a><\/p><\/p><p><\/p><p><\/p><p><p class=\"has-small-font-size\"><a rel=\"noreferrer noopener\" href=\"https:\/\/goias.gov.br\/educacao\/wp-content\/uploads\/sites\/40\/2019\/11\/EXTRATO-CARTA-CONVITE-MINEIROS-1c4.pdf\" target=\"_blank\">EXTRATO &#8211; CARTA CONVITE &#8211; MINEIROS<\/a><\/p><\/p><p><\/p><p><\/p><p><p class=\"has-small-font-size\"><a rel=\"noreferrer noopener\" href=\"https:\/\/goias.gov.br\/educacao\/wp-content\/uploads\/sites\/40\/2019\/11\/EXTRATO-CARTA-CONVITE-PALMEIRAS-2a-PARTE-b65.pdf\" target=\"_blank\">EXTRATO &#8211; CARTA CONVITE &#8211; PALMEIRAS &#8211; 2\u00aa PARTE<\/a><\/p><\/p><p><\/p><p><\/p><p><p class=\"has-small-font-size\"><a rel=\"noreferrer noopener\" href=\"https:\/\/goias.gov.br\/educacao\/wp-content\/uploads\/sites\/40\/2019\/11\/EXTRATO-CARTA-CONVITE-PORANGATU-1ea.pdf\" target=\"_blank\">EXTRATO &#8211; CARTA CONVITE &#8211; PORANGATU<\/a><\/p><\/p><p><\/p><p><\/p><p><p class=\"has-small-font-size\"><a rel=\"noreferrer noopener\" href=\"https:\/\/goias.gov.br\/educacao\/wp-content\/uploads\/sites\/40\/2019\/11\/EXTRATO-CARTA-CONVITE-CERES-650.pdf\" target=\"_blank\">EXTRATO &#8211; CARTA CONVITE &#8211; CERES<\/a><\/p><\/p><p><\/p><p><\/p><p><p class=\"has-small-font-size\"><a rel=\"noreferrer noopener\" href=\"https:\/\/goias.gov.br\/educacao\/wp-content\/uploads\/sites\/40\/2019\/11\/EXTRATO-CARTA-CONVITE-SAO-LUIS-DE-MONTES-BELOS-4ff.pdf\" target=\"_blank\">EXTRATO &#8211; CARTA CONVITE &#8211; S\u00c3O LU\u00cdS DE MONTES BELOS<\/a><\/p><\/p><p><\/p><p><\/p><p><p class=\"has-small-font-size\"><a rel=\"noreferrer noopener\" href=\"https:\/\/goias.gov.br\/educacao\/wp-content\/uploads\/sites\/40\/2019\/11\/EXTRATO-CARTA-CONVITE-ITUMBIARA-d33.pdf\" target=\"_blank\">EXTRATO &#8211; CARTA CONVITE &#8211; ITUMBIARA<\/a><\/p><\/p><p><\/p><p><\/p><p><p class=\"has-small-font-size\"><a rel=\"noreferrer noopener\" href=\"https:\/\/goias.gov.br\/educacao\/wp-content\/uploads\/sites\/40\/2019\/11\/EXTRATO-CARTA-CONVITE-LUZIANIA-549.pdf\" target=\"_blank\">EXTRATO &#8211; CARTA CONVITE &#8211; LUZI\u00c2NIA<\/a><\/p><\/p><p><\/p><p><\/p><p><p class=\"has-small-font-size\"><a rel=\"noreferrer noopener\" href=\"https:\/\/goias.gov.br\/educacao\/wp-content\/uploads\/sites\/40\/2019\/11\/EXTRATO-CARTA-CONVITE-INHUMAS-911.pdf\" target=\"_blank\">EXTRATO &#8211; CARTA CONVITE &#8211; INHUMAS<\/a><\/p><\/p><p><\/p><p><\/p><p><p class=\"has-small-font-size\"><a rel=\"noreferrer noopener\" href=\"https:\/\/goias.gov.br\/educacao\/wp-content\/uploads\/sites\/40\/2019\/11\/EXTRATO-CARTA-CONVITE-CATALAO-33d.pdf\" target=\"_blank\">EXTRATO &#8211; CARTA CONVITE &#8211; CATAL\u00c3O<\/a><\/p><\/p><p><\/p><p><\/p><p><div class=\"wp-block-file\"><a href=\"https:\/\/goias.gov.br\/educacao\/wp-content\/uploads\/sites\/40\/2019\/11\/EXTRATO-DE-CONTRATO-E.-E-JOAO-MENDES-ANAPOLIS-2-693.pdf\" target=\"_blank\" rel=\"noreferrer noopener\">EXTRATO-DE-CONTRATO-E.-E-JO\u00c3O-MENDES-AN\u00c1POLIS-2<\/a><\/div><\/p><p><\/p><p><\/p><p><div class=\"wp-block-file\"><a href=\"https:\/\/goias.gov.br\/educacao\/wp-content\/uploads\/sites\/40\/2019\/11\/EXTRATO-DE-CONTRATO-E.E.-MARTINIANO-DE-CARVALHO-ANAPOLIS-a8f.pdf\" target=\"_blank\" rel=\"noreferrer noopener\">EXTRATO-DE-CONTRATO-E.E.-MARTINIANO-DE-CARVALHO-AN\u00c1POLIS<\/a><\/div><\/p><p><\/p><p><\/p><p><div class=\"wp-block-file\"><a href=\"https:\/\/goias.gov.br\/educacao\/wp-content\/uploads\/sites\/40\/2019\/11\/EXTRATO-DE-CONTRATO-1-C.E.-ILIDIA-MARIA-P.-CAIADO-JUSSARA-f73.pdf\" target=\"_blank\" rel=\"noreferrer noopener\">EXTRATO-DE-CONTRATO-1-C.E.-IL\u00cdDIA-MARIA-P.-CAIADO-JUSSARA<\/a><\/div><\/p><p><\/p><p><\/p><p><div class=\"wp-block-file\"><a href=\"https:\/\/goias.gov.br\/educacao\/wp-content\/uploads\/sites\/40\/2019\/11\/EXTRATO-DE-CONTRATO-1-C.-E.-GENERAL-CURADO-ANAPOLIS-c8e.pdf\" target=\"_blank\" rel=\"noreferrer noopener\">EXTRATO-DE-CONTRATO-1-C.-E.-GENERAL-CURADO-AN\u00c1POLIS<\/a><\/div><\/p><p><\/p><p><\/p><p><div class=\"wp-block-file\"><a href=\"https:\/\/goias.gov.br\/educacao\/wp-content\/uploads\/sites\/40\/2019\/11\/EXTRATO-DE-CONTRATO-1-C.E.-JOSE-PEREIRA-DE-FARIA-ITAPURANGA-e61.pdf\" target=\"_blank\" rel=\"noreferrer noopener\">EXTRATO-DE-CONTRATO-1-C.E.-JOS\u00c9-PEREIRA-DE-FARIA-ITAPURANGA<\/a><\/div><\/p><p><\/p><p><\/p><p><div class=\"wp-block-file\"><a href=\"https:\/\/goias.gov.br\/educacao\/wp-content\/uploads\/sites\/40\/2019\/11\/EXTRATO-DE-CONTRATO-1-E.-E.-16-DE-JULHO-TRINDADE-b2d.pdf\" target=\"_blank\" rel=\"noreferrer noopener\">EXTRATO-DE-CONTRATO-1-E.-E.-16-DE-JULHO-TRINDADE<\/a><\/div><\/p><p><\/p><p><\/p><p><div class=\"wp-block-file\"><a href=\"https:\/\/goias.gov.br\/educacao\/wp-content\/uploads\/sites\/40\/2019\/11\/EXTRATO-DE-CONTRATO-2-CEPMG-DR.-JOSE-F.-FERREIRA-TRINDADE-dbd.pdf\" target=\"_blank\" rel=\"noreferrer noopener\">EXTRATO-DE-CONTRATO-2-CEPMG-DR.-JOS\u00c9-F.-FERREIRA-TRINDADE<\/a><\/div><\/p><p><\/div><\/p><p><\/p><p><\/p><p><div class=\"wp-block-column is-layout-flow wp-block-column-is-layout-flow\"><\/p><p><div class=\"wp-block-file\"><a href=\"https:\/\/goias.gov.br\/educacao\/wp-content\/uploads\/sites\/40\/2019\/11\/EXTRATO-CONTRATO-C.E-EUNICE-WEAVER-METROPOLITANA-947.pdf\" target=\"_blank\" rel=\"noreferrer noopener\">EXTRATO CONTRATO C.E-EUNICE-WEAVER-METROPOLITANA<\/a><\/div><\/p><p><\/p><p><\/p><p><div class=\"wp-block-file\"><a href=\"https:\/\/goias.gov.br\/educacao\/wp-content\/uploads\/sites\/40\/2019\/11\/EXTRATO-CONTRATO-C.E-PEDRO-LUDOVICO-TEIXEIRA-JUSSARA-1-c9f.pdf\" target=\"_blank\" rel=\"noreferrer noopener\">EXTRATO-CONTRATO-C.E-PEDRO-LUDOVICO-TEIXEIRA-JUSSARA-1<\/a><\/div><\/p><p><\/p><p><\/p><p><div class=\"wp-block-file\"><a href=\"https:\/\/goias.gov.br\/educacao\/wp-content\/uploads\/sites\/40\/2019\/11\/EXTRATO-CONTRATO-C.E-PEDRO-LUDOVICO-TEIXEIRA-JUSSARA-2-8e5.pdf\" target=\"_blank\" rel=\"noreferrer noopener\">EXTRATO-CONTRATO-C.E-PEDRO-LUDOVICO-TEIXEIRA-JUSSARA-2<\/a><\/div><\/p><p><\/p><p><\/p><p><div class=\"wp-block-file\"><a href=\"https:\/\/goias.gov.br\/educacao\/wp-content\/uploads\/sites\/40\/2019\/11\/EXTRATO-CONTRATO-C.E-PEDRO-LUDOVICO-TEIXEIRA-JUSSARA-3-b33.pdf\" target=\"_blank\" rel=\"noreferrer noopener\">EXTRATO-CONTRATO-C.E-PEDRO-LUDOVICO-TEIXEIRA-JUSSARA-3<\/a><\/div><\/p><p><\/p><p><\/p><p><div class=\"wp-block-file\"><a href=\"https:\/\/goias.gov.br\/educacao\/wp-content\/uploads\/sites\/40\/2019\/11\/EXTRATO-CONTRATO-C.E-PETRONIO-PORTELLA-APARECIDA-DE-GOIANIA-785.pdf\" target=\"_blank\" rel=\"noreferrer noopener\">EXTRATO-CONTRATO-C.E-PETRONIO-PORTELLA-APARECIDA-DE-GOIANIA<\/a><\/div><\/p><p><\/p><p><\/p><p><div class=\"wp-block-file\"><a href=\"https:\/\/goias.gov.br\/educacao\/wp-content\/uploads\/sites\/40\/2019\/11\/EXTRATO-DE-CONTRATO-C.E-PRINCESA-DAIANA-AGUAS-LINDAS-2e1.pdf\" target=\"_blank\" rel=\"noreferrer noopener\">EXTRATO-DE-CONTRATO-C.E-PRINCESA-DAIANA-AGUAS-LINDAS<\/a><\/div><\/p><p><\/p><p><\/p><p><div class=\"wp-block-file\"><a href=\"https:\/\/goias.gov.br\/educacao\/wp-content\/uploads\/sites\/40\/2019\/11\/EXTRATO-DE-CONTRATO-C.E-RAFAEL-DE-SOUZA-AGUAS-LINDAS-f53.pdf\" target=\"_blank\" rel=\"noreferrer noopener\">EXTRATO-DE-CONTRATO-C.E-RAFAEL-DE-SOUZA-AGUAS-LINDAS<\/a><\/div><\/p><p><\/p><p><\/p><p><div class=\"wp-block-file\"><a href=\"https:\/\/goias.gov.br\/educacao\/wp-content\/uploads\/sites\/40\/2019\/11\/EXTRATO-DE-CONTRATO-C.E-SANTA-FE-RUBIATABA-3d3.pdf\" target=\"_blank\" rel=\"noreferrer noopener\">EXTRATO-DE-CONTRATO-C.E-SANTA-F\u00c9-RUBIATABA<\/a><\/div><\/p><p><\/p><p><\/p><p><div class=\"wp-block-file\"><a href=\"https:\/\/goias.gov.br\/educacao\/wp-content\/uploads\/sites\/40\/2019\/11\/EXTRATO-DE-CONTRATO-C.E.-DOM-EMANUEL-SILVANIA-f37.pdf\" target=\"_blank\" rel=\"noreferrer noopener\">EXTRATO-DE-CONTRATO-C.E.-DOM-EMANUEL-SILV\u00c3NIA<\/a><\/div><\/p><p><\/p><p><\/p><p><div class=\"wp-block-file\"><a href=\"https:\/\/goias.gov.br\/educacao\/wp-content\/uploads\/sites\/40\/2019\/11\/EXTRATO-DE-CONTRATO-C.E.-GENOVEVA-R.-CARNEIRO-ANAPOLIS-34c.pdf\" target=\"_blank\" rel=\"noreferrer noopener\">EXTRATO-DE-CONTRATO-C.E.-GENOVEVA-R.-CARNEIRO-AN\u00c1POLIS<\/a><\/div><\/p><p><\/p><p><\/p><p><div class=\"wp-block-file\"><a href=\"https:\/\/goias.gov.br\/educacao\/wp-content\/uploads\/sites\/40\/2019\/11\/EXTRATO-DE-CONTRATO-C.E.-ILIDIA-MARIA-P.-CAIADO-JUSSARA-a17.pdf\" target=\"_blank\" rel=\"noreferrer noopener\">EXTRATO-DE-CONTRATO-C.E.-IL\u00cdDIA-MARIA-P.-CAIADO-JUSSARA<\/a><\/div><\/p><p><\/p><p><\/p><p><div class=\"wp-block-file\"><a href=\"https:\/\/goias.gov.br\/educacao\/wp-content\/uploads\/sites\/40\/2019\/11\/EXTRATO-DE-CONTRATO-C.E.-JOSE-F.-FERREIRA-PIRACANJUBA-39c.pdf\" target=\"_blank\" rel=\"noreferrer noopener\">EXTRATO-DE-CONTRATO-C.E.-JOS\u00c9-F.-FERREIRA-PIRACANJUBA<\/a><\/div><\/p><p><\/p><p><\/p><p><div class=\"wp-block-file\"><a href=\"https:\/\/goias.gov.br\/educacao\/wp-content\/uploads\/sites\/40\/2019\/11\/EXTRATO-DE-CONTRATO-C.E.-MACHADO-DE-ASSIS-AGUAS-LINDAS-66d.pdf\" target=\"_blank\" rel=\"noreferrer noopener\">EXTRATO-DE-CONTRATO-C.E.-MACHADO-DE-ASSIS-\u00c1GUAS-LINDAS<\/a><\/div><\/p><p><\/p><p><\/p><p><div class=\"wp-block-file\"><a href=\"https:\/\/goias.gov.br\/educacao\/wp-content\/uploads\/sites\/40\/2019\/11\/EXTRATO-DE-CONTRATO-C.E.-MACHADO-DE-ASSIS-TRINDADE-7c6.pdf\" target=\"_blank\" rel=\"noreferrer noopener\">EXTRATO-DE-CONTRATO-C.E.-MACHADO-DE-ASSIS-TRINDADE<\/a><\/div><\/p><p><\/p><p><\/p><p><div class=\"wp-block-file\"><a href=\"https:\/\/goias.gov.br\/educacao\/wp-content\/uploads\/sites\/40\/2019\/11\/EXTRATO-DE-CONTRATO-C.E.-MARIA-ASSUNCAO-DE-AZEVEDO-CERES-108.pdf\" target=\"_blank\" rel=\"noreferrer noopener\">EXTRATO-DE-CONTRATO-C.E.-MARIA-ASSUN\u00c7\u00c3O-DE-AZEVEDO-CERES<\/a><\/div><\/p><p><\/p><p><\/p><p><div class=\"wp-block-file\"><a href=\"https:\/\/goias.gov.br\/educacao\/wp-content\/uploads\/sites\/40\/2019\/11\/EXTRATO-DE-CONTRATO-C.E.-MARTINIANO-DE-CARVALHO-1db.pdf\" target=\"_blank\" rel=\"noreferrer noopener\">EXTRATO-DE-CONTRATO-C.E.-MARTINIANO-DE-CARVALHO<\/a><\/div><\/p><p><\/p><p><\/p><p><div class=\"wp-block-file\"><a href=\"https:\/\/goias.gov.br\/educacao\/wp-content\/uploads\/sites\/40\/2019\/11\/EXTRATO-DE-CONTRATO-C.E.-POL.-PROF.-GOIANY-PRATES-GOIANIA-777.pdf\" target=\"_blank\" rel=\"noreferrer noopener\">EXTRATO-DE-CONTRATO-C.E.-POL.-PROF.-GOIANY-PRATES-GOI\u00c2NIA<\/a><\/div><\/p><p><\/p><p><\/p><p><div class=\"wp-block-file\"><a href=\"https:\/\/goias.gov.br\/educacao\/wp-content\/uploads\/sites\/40\/2019\/11\/EXTRATO-DE-CONTRATO-CAIC-NOVO-GAMA-NOVO-GAMA-a4a.pdf\" target=\"_blank\" rel=\"noreferrer noopener\">EXTRATO-DE-CONTRATO-CAIC-NOVO-GAMA-NOVO-GAMA<\/a><\/div><\/p><p><\/p><p><\/p><p><div class=\"wp-block-file\"><a href=\"https:\/\/goias.gov.br\/educacao\/wp-content\/uploads\/sites\/40\/2019\/11\/EXTRATO-DE-CONTRATO-CEPI-ILIDIA-MARIA-PERILLO-GOIAS-1-3b5.pdf\" target=\"_blank\" rel=\"noreferrer noopener\">EXTRATO-DE-CONTRATO-CEPI-ILIDIA-MARIA-PERILLO-GOIAS-1<\/a><\/div><\/p><p><\/p><p><\/p><p><div class=\"wp-block-file\"><a href=\"https:\/\/goias.gov.br\/educacao\/wp-content\/uploads\/sites\/40\/2019\/11\/EXTRATO-DE-CONTRATO-CEPI-ILIDIA-MARIA-PERILLO-GOIAS-2-7cf.pdf\" target=\"_blank\" rel=\"noreferrer noopener\">EXTRATO-DE-CONTRATO-CEPI-ILIDIA-MARIA-PERILLO-GOIAS-2<\/a><\/div><\/p><p><\/p><p><\/p><p><div class=\"wp-block-file\"><a href=\"https:\/\/goias.gov.br\/educacao\/wp-content\/uploads\/sites\/40\/2019\/11\/EXTRATO-DE-CONTRATO-CEPI-LUIS-PERILLO-GOIANIA-bd8.pdf\" target=\"_blank\" rel=\"noreferrer noopener\">EXTRATO-DE-CONTRATO-CEPI-LU\u00cdS-PERILLO-GOI\u00c2NIA<\/a><\/div><\/p><p><\/p><p><\/p><p><div class=\"wp-block-file\"><a href=\"https:\/\/goias.gov.br\/educacao\/wp-content\/uploads\/sites\/40\/2019\/11\/EXTRATO-DE-CONTRATO-CEPMG-BENEDITA-BRITO-DE-ANDRADE-ANAPOLIS-289.pdf\" target=\"_blank\" rel=\"noreferrer noopener\">EXTRATO-DE-CONTRATO-CEPMG-BENEDITA-BRITO-DE-ANDRADE-AN\u00c1POLIS<\/a><\/div><\/p><p><\/p><p><\/p><p><div class=\"wp-block-file\"><a href=\"https:\/\/goias.gov.br\/educacao\/wp-content\/uploads\/sites\/40\/2019\/11\/EXTRATO-DE-CONTRATO-CEPMG-SILVIO-DE-CASTRO-GOIANESIA-2bc.pdf\" target=\"_blank\" rel=\"noreferrer noopener\">EXTRATO-DE-CONTRATO-CEPMG-SILVIO-DE-CASTRO-GOIANESIA<\/a><\/div><\/p><p><\/p><p><\/p><p><div class=\"wp-block-file\"><a href=\"https:\/\/goias.gov.br\/educacao\/wp-content\/uploads\/sites\/40\/2019\/11\/EXTRATO-DE-CONTRATO-E-E.-JOAO-MENDES-ANAPOLIS-1-300.pdf\" target=\"_blank\" rel=\"noreferrer noopener\">EXTRATO-DE-CONTRATO-E-E.-JO\u00c3O-MENDES-AN\u00c1POLIS-1<\/a><\/div><\/p><p><\/p><p><\/p><p><div class=\"wp-block-file\"><a href=\"https:\/\/goias.gov.br\/educacao\/wp-content\/uploads\/sites\/40\/2019\/11\/EXTRATO-DE-CONTRATO-E.E.-JOVITA-TRINDADE-a6f.pdf\" target=\"_blank\" rel=\"noreferrer noopener\">EXTRATO-DE-CONTRATO-E.E.-JOVITA-TRINDADE<\/a><\/div><\/p><p><\/p><p><\/p><p><div class=\"wp-block-file\"><a href=\"https:\/\/goias.gov.br\/educacao\/wp-content\/uploads\/sites\/40\/2019\/11\/EXTRATO-DE-CONTRATO-LYCEU-DE-GOIAS-GOIAS-4d7.pdf\" target=\"_blank\" rel=\"noreferrer noopener\">EXTRATO-DE-CONTRATO-LYCEU-DE-GOIAS-GOIAS<\/a><\/div><\/p><p><\/p><p><\/p><p><div class=\"wp-block-file\"><a href=\"https:\/\/goias.gov.br\/educacao\/wp-content\/uploads\/sites\/40\/2019\/11\/EXTRATO-DE-CONTRATO-01-CEPMG-COM.-CRISTOVAM-DE-OLIVEIRA-ANAPOLIS-82f.pdf\" target=\"_blank\" rel=\"noreferrer noopener\">EXTRATO-DE-CONTRATO-01-CEPMG-COM.-CRIST\u00d3VAM-DE-OLIVEIRA-AN\u00c1POLIS<\/a><\/div><\/p><p><\/p><p><\/p><p><div class=\"wp-block-file\"><a href=\"https:\/\/goias.gov.br\/educacao\/wp-content\/uploads\/sites\/40\/2019\/11\/EXTRATO-DE-CONTRATO-1-CEPMG-DR.-JOSE-F.-FERREIRA-TRINDADE-389.pdf\" target=\"_blank\" rel=\"noreferrer noopener\">EXTRATO-DE-CONTRATO-1-CEPMG-DR.-JOS\u00c9-F.-FERREIRA-TRINDADE<\/a><\/div><\/p><p><\/p><p><\/p><p><div class=\"wp-block-file\"><a href=\"https:\/\/goias.gov.br\/educacao\/wp-content\/uploads\/sites\/40\/2019\/11\/EXTRATO-DE-CONTRATO-02-CEPMG-COM.-CRISTOVAM-DE-OLIVEIRA-ANAPOLIS-397.pdf\" target=\"_blank\" rel=\"noreferrer noopener\">EXTRATO-DE-CONTRATO-02-CEPMG-COM.-CRIST\u00d3VAM-DE-OLIVEIRA-AN\u00c1POLIS<\/a><\/div><\/p><p><\/p><p><\/p><p><div class=\"wp-block-file\"><a href=\"https:\/\/goias.gov.br\/educacao\/wp-content\/uploads\/sites\/40\/2019\/11\/EXTRATO-DE-CONTRATO-2-C.-E.-GENERAL-CURADO-ANAPOLIS-433.pdf\" target=\"_blank\" rel=\"noreferrer noopener\">EXTRATO-DE-CONTRATO-2-C.-E.-GENERAL-CURADO-AN\u00c1POLIS<\/a><\/div><\/p><p><\/p><p><\/p><p><div class=\"wp-block-file\"><a href=\"https:\/\/goias.gov.br\/educacao\/wp-content\/uploads\/sites\/40\/2019\/11\/EXTRATO-DE-CONTRATO-2-C.E.-JOSE-PEREIRA-DE-FARIA-ITAPURANGA-2f2.pdf\" target=\"_blank\" rel=\"noreferrer noopener\">EXTRATO-DE-CONTRATO-2-C.E.-JOS\u00c9-PEREIRA-DE-FARIA-ITAPURANGA<\/a><\/div><\/p><p><\/p><p><\/p><p><div class=\"wp-block-file\"><a href=\"https:\/\/goias.gov.br\/educacao\/wp-content\/uploads\/sites\/40\/2019\/11\/EXTRATO-DE-CONTRATO-2-CEPMG-JOSE-DOS-REIS-MENDES-TRINDADE-2-2a6.pdf\" target=\"_blank\" rel=\"noreferrer noopener\">EXTRATO-DE-CONTRATO-2-CEPMG-JOS\u00c9-DOS-REIS-MENDES-TRINDADE-2<\/a><\/div><\/p><p><\/p><p><\/p><p><div class=\"wp-block-file\"><a href=\"https:\/\/goias.gov.br\/educacao\/wp-content\/uploads\/sites\/40\/2019\/11\/EXTRATO-DE-CONTRATO-2-E.-E.-16-DE-JULHO-TRINDADE-7bc.pdf\" target=\"_blank\" rel=\"noreferrer noopener\">EXTRATO-DE-CONTRATO-2-E.-E.-16-DE-JULHO-TRINDADE<\/a><\/div><\/p><p><\/p><p><\/p><p><div class=\"wp-block-file\"><a href=\"https:\/\/goias.gov.br\/educacao\/wp-content\/uploads\/sites\/40\/2019\/11\/EXTRATO-DE-CONTRATO-3-C.E.-JOSE-PEREIRA-DE-FARIA-ITAPURANGA-683.pdf\" target=\"_blank\" rel=\"noreferrer noopener\">EXTRATO-DE-CONTRATO-3-C.E.-JOS\u00c9-PEREIRA-DE-FARIA-ITAPURANGA<\/a><\/div><\/p><p><\/p><p><\/p><p><div class=\"wp-block-file\"><a href=\"https:\/\/goias.gov.br\/educacao\/wp-content\/uploads\/sites\/40\/2019\/11\/EXTRATO-DE-CONTRATO-3-E.-E.-16-DE-JULHO-TRINDADE-1-b4e.pdf\" target=\"_blank\" rel=\"noreferrer noopener\">EXTRATO-DE-CONTRATO-3-E.-E.-16-DE-JULHO-TRINDADE-1<\/a><\/div><\/p><p><\/p><p><\/p><p><div class=\"wp-block-file\"><a href=\"https:\/\/goias.gov.br\/educacao\/wp-content\/uploads\/sites\/40\/2019\/11\/EXTRATO-DE-CONTRATO-3-E.E.-16-DE-JULHO-TRINDADE-2-a50.pdf\" target=\"_blank\" rel=\"noreferrer noopener\">EXTRATO-DE-CONTRATO-3-E.E.-16-DE-JULHO-TRINDADE-2<\/a><\/div><\/p><p><\/div><\/p><p><\/div><\/p><p><\/div><\/div><\/p><p><\/div><\/div><\/p><p><\/p><p><\/p><p><hr class=\"wp-block-separator\"\/><\/p><p><\/p><p><\/p><p><div class=\"wp-block-pb-accordion-item c-accordion__item js-accordion-item no-js\" data-initially-open=\"false\" data-click-to-close=\"true\" data-auto-close=\"true\" data-scroll=\"false\" data-scroll-offset=\"0\"><h3 id=\"at-270451\" class=\"c-accordion__title js-accordion-controller\" role=\"button\"> 2019 &#8211; Refer\u00eancia 1\u00ba Semestre de 2019 &#8211; Aditivos  <\/h3><div id=\"ac-270451\" class=\"c-accordion__content\"><\/p><p><div class=\"wp-block-columns is-layout-flex wp-container-core-columns-is-layout-9d6595d7 wp-block-columns-is-layout-flex\"><\/p><p><div class=\"wp-block-column is-layout-flow wp-block-column-is-layout-flow\"><\/p><p><div class=\"wp-block-file\"><a href=\"https:\/\/goias.gov.br\/educacao\/wp-content\/uploads\/sites\/40\/2019\/11\/ADITIVO-DE-CONTRATO-CEPMG-DOUTOR-NEGREIROS-ANAPOLIS-6fb.pdf\" target=\"_blank\" rel=\"noreferrer noopener\">ADITIVO-DE-CONTRATO-CEPMG-DOUTOR-NEGREIROS-ANAPOLIS<\/a><\/div><\/p><p><\/p><p><\/p><p><div class=\"wp-block-file\"><a href=\"https:\/\/goias.gov.br\/educacao\/wp-content\/uploads\/sites\/40\/2019\/11\/EXTRATO-ADITIVO-C.-E.-ZECA-BATISTA-ANAPOLIS-fe7.pdf\" target=\"_blank\" rel=\"noreferrer noopener\">EXTRATO-ADITIVO-C.-E.-ZECA-BATISTA-AN\u00c1POLIS<\/a><\/div><\/p><p><\/p><p><\/p><p><div class=\"wp-block-file\"><a href=\"https:\/\/goias.gov.br\/educacao\/wp-content\/uploads\/sites\/40\/2019\/11\/EXTRATO-ADITIVO-C.E-ANTONIO-FERREIRA-RIOS-GOIANESIA-2-098.pdf\" target=\"_blank\" rel=\"noreferrer noopener\">EXTRATO-ADITIVO-C.E-ANTONIO-FERREIRA-RIOS-GOIANESIA-2<\/a><\/div><\/p><p><\/p><p><\/p><p><div class=\"wp-block-file\"><a href=\"https:\/\/goias.gov.br\/educacao\/wp-content\/uploads\/sites\/40\/2019\/11\/EXTRATO-ADITIVO-C.E-HELOISA-DE-FATIMA-VARGAS-RUBIATABA-f52.pdf\" target=\"_blank\" rel=\"noreferrer noopener\">EXTRATO-ADITIVO-C.E-HELOISA-DE-FATIMA-VARGAS-RUBIATABA<\/a><\/div><\/p><p><\/p><p><\/p><p><div class=\"wp-block-file\"><a href=\"https:\/\/goias.gov.br\/educacao\/wp-content\/uploads\/sites\/40\/2019\/11\/EXTRATO-ADITIVO-C.E-MANOEL-LIBANIO-DA-SILVA-TRINDADE-25d.pdf\" target=\"_blank\" rel=\"noreferrer noopener\">EXTRATO-ADITIVO-C.E-MANOEL-LIBANIO-DA-SILVA-TRINDADE<\/a><\/div><\/p><p><\/p><p><\/p><p><div class=\"wp-block-file\"><a href=\"https:\/\/goias.gov.br\/educacao\/wp-content\/uploads\/sites\/40\/2019\/11\/EXTRATO-ADITIVO-C.E-OSWALDO-FRANCISCO-DA-SILVA-ANAPOLIS-74c.pdf\" target=\"_blank\" rel=\"noreferrer noopener\">EXTRATO-ADITIVO-C.E-OSWALDO-FRANCISCO-DA-SILVA-ANAPOLIS<\/a><\/div><\/p><p><\/p><p><\/p><p><div class=\"wp-block-file\"><a href=\"https:\/\/goias.gov.br\/educacao\/wp-content\/uploads\/sites\/40\/2019\/11\/EXTRATO-ADITIVO-C.E-PROFESSOR-GERVASIO-SANTANA-APARECIDA-DE-GOIANIA-1-709.pdf\" target=\"_blank\" rel=\"noreferrer noopener\">EXTRATO-ADITIVO-C.E-PROFESSOR-GERVASIO-SANTANA-APARECIDA-DE-GOIANIA-1<\/a><\/div><\/p><p><\/p><p><\/p><p><div class=\"wp-block-file\"><a href=\"https:\/\/goias.gov.br\/educacao\/wp-content\/uploads\/sites\/40\/2019\/11\/EXTRATO-ADITIVO-C.E-PROFESSOR-JOSE-ABDALLA-ANAPOLIS-6a5.pdf\" target=\"_blank\" rel=\"noreferrer noopener\">EXTRATO-ADITIVO-C.E-PROFESSOR-JOSE-ABDALLA-ANAPOLIS<\/a><\/div><\/p><p><\/p><p><\/p><p><div class=\"wp-block-file\"><a href=\"https:\/\/goias.gov.br\/educacao\/wp-content\/uploads\/sites\/40\/2019\/11\/EXTRATO-ADITIVO-C.E.-ADOLFHO-BATISTA-ANAPOLIS-55e.pdf\" target=\"_blank\" rel=\"noreferrer noopener\">EXTRATO-ADITIVO-C.E.-ADOLFHO-BATISTA-AN\u00c1POLIS<\/a><\/div><\/p><p><\/p><p><\/p><p><div class=\"wp-block-file\"><a href=\"https:\/\/goias.gov.br\/educacao\/wp-content\/uploads\/sites\/40\/2019\/11\/EXTRATO-ADITIVO-C.E.-POL.-FREI-JOAO-BATISTA-ANAPOLIS-856.pdf\" target=\"_blank\" rel=\"noreferrer noopener\">EXTRATO-ADITIVO-C.E.-POL.-FREI-JO\u00c3O-BATISTA-AN\u00c1POLIS<\/a><\/div><\/p><p><\/p><p><\/p><p><div class=\"wp-block-file\"><a href=\"https:\/\/goias.gov.br\/educacao\/wp-content\/uploads\/sites\/40\/2019\/11\/EXTRATO-ADITIVO-CEPI-POL.-ANTONIO-CARLOS-PANIAGO-MINEIROS-8ae.pdf\" target=\"_blank\" rel=\"noreferrer noopener\">EXTRATO-ADITIVO-CEPI-POL.-ANT\u00d4NIO-CARLOS-PANIAGO-MINEIROS<\/a><\/div><\/p><p><\/p><p><\/p><p><div class=\"wp-block-file\"><a href=\"https:\/\/goias.gov.br\/educacao\/wp-content\/uploads\/sites\/40\/2019\/11\/EXTRATO-ADITIVO-CEPMG-DEP.-JOSE-ALVES-DE-ASSIS-ITAPURANGA-fab.pdf\" target=\"_blank\" rel=\"noreferrer noopener\">EXTRATO-ADITIVO-CEPMG-DEP.-JOS\u00c9-ALVES-DE-ASSIS-ITAPURANGA<\/a><\/div><\/p><p><\/p><p><\/p><p><div class=\"wp-block-file\"><a href=\"https:\/\/goias.gov.br\/educacao\/wp-content\/uploads\/sites\/40\/2019\/11\/CEPMG-PEDRO-XAVIER-TEIXEIRA-METROPOLITANA-fb6.pdf\" target=\"_blank\" rel=\"noreferrer noopener\">CEPMG-PEDRO-XAVIER-TEIXEIRA-METROPOLITANA<\/a><\/div><\/p><p><\/p><p><\/p><p><div class=\"wp-block-file\"><a href=\"https:\/\/goias.gov.br\/educacao\/wp-content\/uploads\/sites\/40\/2019\/11\/EXTRATO-ADITIVO-CEPMG-ELY-DA-SILVA-BRAZ-LUZIANIA-13f.pdf\" target=\"_blank\" rel=\"noreferrer noopener\">EXTRATO-ADITIVO-CEPMG-ELY-DA-SILVA-BRAZ-LUZI\u00c3NIA<\/a><\/div><\/p><p><\/p><p><\/p><p><div class=\"wp-block-file\"><a href=\"https:\/\/goias.gov.br\/educacao\/wp-content\/uploads\/sites\/40\/2019\/11\/EXTRATO-ADITIVO-E.E-ABRAO-MANOEL-DA-COSTA-TRINDADE-47a.pdf\" target=\"_blank\" rel=\"noreferrer noopener\">EXTRATO-ADITIVO-E.E-ABRAO-MANOEL-DA-COSTA-TRINDADE<\/a><\/div><\/p><p><\/p><p><\/p><p><div class=\"wp-block-file\"><a href=\"https:\/\/goias.gov.br\/educacao\/wp-content\/uploads\/sites\/40\/2019\/11\/EXTRATO-ADITIVO-01-CEPI-LIODOSIA-S.-RAMOS-TRINDADE-0a7.pdf\" target=\"_blank\" rel=\"noreferrer noopener\">EXTRATO-ADITIVO-01-CEPI-LIOD\u00d3SIA-S.-RAMOS-TRINDADE<\/a><\/div><\/p><p><\/p><p><\/p><p><div class=\"wp-block-file\"><a href=\"https:\/\/goias.gov.br\/educacao\/wp-content\/uploads\/sites\/40\/2019\/11\/EXTRATO-ADITIVO-02-CEPI-LIODOSIA-S.-RAMOS-TRINDADE-501.pdf\" target=\"_blank\" rel=\"noreferrer noopener\">EXTRATO-ADITIVO-02-CEPI-LIOD\u00d3SIA-S.-RAMOS-TRINDADE<\/a><\/div><\/p><p><\/p><p><\/p><p><div class=\"wp-block-file\"><a href=\"https:\/\/goias.gov.br\/educacao\/wp-content\/uploads\/sites\/40\/2019\/11\/EXTRATO-ADITIVO-2-E.E.-RODOLFO-DE-OLIVEIRA-APARECIDA-DE-GOIANIA-d2f.pdf\" target=\"_blank\" rel=\"noreferrer noopener\">EXTRATO-ADITIVO-2-E.E.-RODOLFO-DE-OLIVEIRA-APARECIDA-DE-GOI\u00c2NIA<\/a><\/div><\/p><p><\/p><p><\/p><p><div class=\"wp-block-file\"><a href=\"https:\/\/goias.gov.br\/educacao\/wp-content\/uploads\/sites\/40\/2019\/11\/TERMO-ADITIVO-CEPI-PADRE-TRINDADE-ANAPOLIS-116.pdf\" target=\"_blank\" rel=\"noreferrer noopener\">TERMO-ADITIVO-CEPI-PADRE-TRINDADE-AN\u00c1POLIS<\/a><\/div><\/p><p><\/p><p><\/p><p><div class=\"wp-block-file\"><a href=\"https:\/\/goias.gov.br\/educacao\/wp-content\/uploads\/sites\/40\/2019\/11\/EXTRATO-ADITIVO-CEPMG-NADER-ALVES-DOS-SANTOS-APARECIDA-DE-GOIANIA-3-be0.pdf\" target=\"_blank\" rel=\"noreferrer noopener\">EXTRATO-ADITIVO-CEPMG-NADER-ALVES-DOS-SANTOS-APARECIDA-DE-GOIANIA-3<\/a><\/div><\/p><p><\/p><p><\/p><p><div class=\"wp-block-file\"><a href=\"https:\/\/goias.gov.br\/educacao\/wp-content\/uploads\/sites\/40\/2019\/11\/ADITIVO-DE-DECRESCIMO-C.E-PROFESSOR-FERREIRA-PALMEIRAS-DE-GOIAS-41c.pdf\" target=\"_blank\" rel=\"noreferrer noopener\">ADITIVO-DE-DECRESCIMO-C.E-PROFESSOR-FERREIRA-PALMEIRAS-DE-GOIAS<\/a><\/div><\/p><p><\/p><p><\/p><p><div class=\"wp-block-file\"><a href=\"https:\/\/goias.gov.br\/educacao\/wp-content\/uploads\/sites\/40\/2019\/11\/ADITIVO-DE-DECRESCIMO-CEPI-DR.-ALBION-DE-C.-CURADO-GOIAS-405.pdf\" target=\"_blank\" rel=\"noreferrer noopener\">ADITIVO-DE-DECR\u00c9SCIMO-CEPI-DR.-ALBION-DE-C.-CURADO-GOI\u00c1S<\/a><\/div><\/p><p><\/p><p><\/p><p><div class=\"wp-block-file\"><a href=\"https:\/\/goias.gov.br\/educacao\/wp-content\/uploads\/sites\/40\/2019\/11\/ADITIVO-DE-DECRESCIMO-CEPI-LOUSINHA-METROPOLITANA-06e.pdf\" target=\"_blank\" rel=\"noreferrer noopener\">ADITIVO-DE-DECRESCIMO-CEPI-LOUSINHA-METROPOLITANA<\/a><\/div><\/p><p><\/p><p><\/p><p><div class=\"wp-block-file\"><a href=\"https:\/\/goias.gov.br\/educacao\/wp-content\/uploads\/sites\/40\/2019\/11\/ADITIVO-DE-DECRESCIMO-E.E-VALDIVINO-SERAFIM-TRINDADE-2c4.pdf\" target=\"_blank\" rel=\"noreferrer noopener\">ADITIVO-DE-DECRESCIMO-E.E-VALDIVINO-SERAFIM-TRINDADE<\/a><\/div><\/p><p><\/p><p><\/p><p><div class=\"wp-block-file\"><a href=\"https:\/\/goias.gov.br\/educacao\/wp-content\/uploads\/sites\/40\/2019\/11\/ADITIVO-DE-DECRESCIMO-E.E.-DACIO-AMORIM-FONSECA-CATALAO-7e3.pdf\" target=\"_blank\" rel=\"noreferrer noopener\">ADITIVO-DE-DECR\u00c9SCIMO-E.E.-D\u00c1CIO-AMORIM-FONSECA-CATAL\u00c3O<\/a><\/div><\/p><p><\/p><p><\/p><p><div class=\"wp-block-file\"><a href=\"https:\/\/goias.gov.br\/educacao\/wp-content\/uploads\/sites\/40\/2019\/11\/ADITIVO-DECRESCIMO-CEPI-MESTRE-NHOLA-GOIAS-71f.pdf\" target=\"_blank\" rel=\"noreferrer noopener\">ADITIVO-DECRESCIMO-CEPI-MESTRE-NHOLA-GOIAS<\/a><\/div><\/p><p><\/p><p><\/p><p><div class=\"wp-block-file\"><a href=\"https:\/\/goias.gov.br\/educacao\/wp-content\/uploads\/sites\/40\/2019\/11\/ADITIVO-DECRESCIMO-E.E-PROFESSORA-EMERENCIANA-PIRACANJUBA-503.pdf\" target=\"_blank\" rel=\"noreferrer noopener\">ADITIVO-DECRESCIMO-E.E-PROFESSORA-EMERENCIANA-PIRACANJUBA<\/a><\/div><\/p><p><\/div><\/p><p><\/p><p><\/p><p><div class=\"wp-block-column is-layout-flow wp-block-column-is-layout-flow\"><\/p><p><div class=\"wp-block-file\"><a href=\"https:\/\/goias.gov.br\/educacao\/wp-content\/uploads\/sites\/40\/2019\/11\/EXTRATO-ADITIVO-C.E.-THIAGO-V.-FERNANDES-ANAPOLIS-769.pdf\" target=\"_blank\" rel=\"noreferrer noopener\">EXTRATO-ADITIVO-C.E.-THIAGO-V.-FERNANDES-AN\u00c1POLIS<\/a><\/div><\/p><p><\/p><p><\/p><p><div class=\"wp-block-file\"><a href=\"https:\/\/goias.gov.br\/educacao\/wp-content\/uploads\/sites\/40\/2019\/11\/EXTRATO-ADITIVO-C.E-AMERICO-BORGES-ANAPOLIS-9a1.pdf\" target=\"_blank\" rel=\"noreferrer noopener\">EXTRATO-ADITIVO-C.E-AMERICO-BORGES-ANAPOLIS<\/a><\/div><\/p><p><\/p><p><\/p><p><div class=\"wp-block-file\"><a href=\"https:\/\/goias.gov.br\/educacao\/wp-content\/uploads\/sites\/40\/2019\/11\/EXTRATO-ADITIVO-C.E-DA-POLICIA-MILITAR-PEDRO-XAVIER-TEIXEIRA-APARECIDA-DE-GOIANIA-e10.pdf\" target=\"_blank\" rel=\"noreferrer noopener\">EXTRATO-ADITIVO-C.E-DA-POLICIA-MILITAR-PEDRO-XAVIER-TEIXEIRA-APARECIDA-DE-GOIANIA<\/a><\/div><\/p><p><\/p><p><\/p><p><div class=\"wp-block-file\"><a href=\"https:\/\/goias.gov.br\/educacao\/wp-content\/uploads\/sites\/40\/2019\/11\/EXTRATO-ADITIVO-C.E-JOAO-CARNEIRO-DOS-SANTOS-METROPOLITANA-a26.pdf\" target=\"_blank\" rel=\"noreferrer noopener\">EXTRATO-ADITIVO-C.E-JOAO-CARNEIRO-DOS-SANTOS-METROPOLITANA<\/a><\/div><\/p><p><\/p><p><\/p><p><div class=\"wp-block-file\"><a href=\"https:\/\/goias.gov.br\/educacao\/wp-content\/uploads\/sites\/40\/2019\/11\/EXTRATO-ADITIVO-C.E-MAURO-BORGES-TEIXEIRA-ANAPOLIS-28f.pdf\" target=\"_blank\" rel=\"noreferrer noopener\">EXTRATO-ADITIVO-C.E-MAURO-BORGES-TEIXEIRA-ANAPOLIS<\/a><\/div><\/p><p><\/p><p><\/p><p><div class=\"wp-block-file\"><a href=\"https:\/\/goias.gov.br\/educacao\/wp-content\/uploads\/sites\/40\/2019\/11\/EXTRATO-ADITIVO-C.E-PROFESSOR-ELIAS-CHADUD-ANAPOLIS-696.pdf\" target=\"_blank\" rel=\"noreferrer noopener\">EXTRATO-ADITIVO-C.E-PROFESSOR-ELIAS-CHADUD-ANAPOLIS<\/a><\/div><\/p><p><\/p><p><\/p><p><div class=\"wp-block-file\"><a href=\"https:\/\/goias.gov.br\/educacao\/wp-content\/uploads\/sites\/40\/2019\/11\/EXTRATO-ADITIVO-C.E-PROFESSOR-GERVASIO-SANTANA-APARECIDA-DE-GOIANIA-2-373.pdf\" target=\"_blank\" rel=\"noreferrer noopener\">EXTRATO-ADITIVO-C.E-PROFESSOR-GERVASIO-SANTANA-APARECIDA-DE-GOIANIA-2<\/a><\/div><\/p><p><\/p><p><\/p><p><div class=\"wp-block-file\"><a href=\"https:\/\/goias.gov.br\/educacao\/wp-content\/uploads\/sites\/40\/2019\/11\/EXTRATO-ADITIVO-C.E-PROFESSORA-HELENA-NASSER-ANAPOLIS-37b.pdf\" target=\"_blank\" rel=\"noreferrer noopener\">EXTRATO-ADITIVO-C.E-PROFESSORA-HELENA-NASSER-ANAPOLIS<\/a><\/div><\/p><p><\/p><p><\/p><p><div class=\"wp-block-file\"><a href=\"https:\/\/goias.gov.br\/educacao\/wp-content\/uploads\/sites\/40\/2019\/11\/EXTRATO-ADITIVO-C.E.-MANE-VENTURA-1-APARECIDA-DE-GOIANIA-f59.pdf\" target=\"_blank\" rel=\"noreferrer noopener\">EXTRATO-ADITIVO-C.E.-MAN\u00c9-VENTURA-1-APARECIDA-DE-GOI\u00c2NIA<\/a><\/div><\/p><p><\/p><p><\/p><p><div class=\"wp-block-file\"><a href=\"https:\/\/goias.gov.br\/educacao\/wp-content\/uploads\/sites\/40\/2019\/11\/EXTRATO-ADITIVO-CEPMG-13-DE-MAIO-ANAPOLIS-883.pdf\" target=\"_blank\" rel=\"noreferrer noopener\">EXTRATO-ADITIVO-CEPMG-13-DE-MAIO-AN\u00c1POLIS<\/a><\/div><\/p><p><\/p><p><\/p><p><div class=\"wp-block-file\"><a href=\"https:\/\/goias.gov.br\/educacao\/wp-content\/uploads\/sites\/40\/2019\/11\/AVISO-ADITIVO-CARTA-C.E-ELMAR-ARANTES-CABRAL-CRE-APARECIDA-DE-GOIANIA-1-f65.pdf\">AVISO-ADITIVO-CARTA-C.E-ELMAR-ARANTES-CABRAL-CRE-APARECIDA-DE-GOIANIA-1<\/a><\/div><\/p><p><\/p><p><\/p><p><div class=\"wp-block-file\"><a href=\"https:\/\/goias.gov.br\/educacao\/wp-content\/uploads\/sites\/40\/2019\/11\/EXTRATO-ADITIVO-CEPMG-NADER-ALVES-DOS-SANTOS-APARECIDA-DE-GOIANIA-1-c4c.pdf\" target=\"_blank\" rel=\"noreferrer noopener\">EXTRATO-ADITIVO-CEPMG-NADER-ALVES-DOS-SANTOS-APARECIDA-DE-GOIANIA-1<\/a><\/div><\/p><p><\/p><p><\/p><p><div class=\"wp-block-file\"><a href=\"https:\/\/goias.gov.br\/educacao\/wp-content\/uploads\/sites\/40\/2019\/11\/EXTRATO-ADITIVO-CEPMG-WALDEMAR-MUNDIM-METROPOLITANA-971.pdf\" target=\"_blank\" rel=\"noreferrer noopener\">EXTRATO-ADITIVO-CEPMG-WALDEMAR-MUNDIM-METROPOLITANA<\/a><\/div><\/p><p><\/p><p><\/p><p><div class=\"wp-block-file\"><a href=\"https:\/\/goias.gov.br\/educacao\/wp-content\/uploads\/sites\/40\/2019\/11\/EXTRATO-ADITIVO-E.E-COMENDADOR-JOAQUIM-ALVES-ANAPOLIS-50e.pdf\" target=\"_blank\" rel=\"noreferrer noopener\">EXTRATO-ADITIVO-E.E-COMENDADOR-JOAQUIM-ALVES-ANAPOLIS<\/a><\/div><\/p><p><\/p><p><\/p><p><div class=\"wp-block-file\"><a href=\"https:\/\/goias.gov.br\/educacao\/wp-content\/uploads\/sites\/40\/2019\/11\/EXTRATO-ADITIVO-1-CEPI-LIONS-MELCHIOR-ANAPOLIS-7ae.pdf\" target=\"_blank\" rel=\"noreferrer noopener\">EXTRATO-ADITIVO-1-CEPI-LIONS-MELCHIOR-AN\u00c1POLIS<\/a><\/div><\/p><p><\/p><p><\/p><p><div class=\"wp-block-file\"><a href=\"https:\/\/goias.gov.br\/educacao\/wp-content\/uploads\/sites\/40\/2019\/11\/EXTRATO-ADITIVO-2-C.E.-MANE-VENTURA-APARECIDA-DE-GOIANIA-f65.pdf\" target=\"_blank\" rel=\"noreferrer noopener\">EXTRATO-ADITIVO-2-C.E.-MAN\u00c9-VENTURA-APARECIDA-DE-GOI\u00c2NIA<\/a><\/div><\/p><p><\/p><p><\/p><p><div class=\"wp-block-file\"><a href=\"https:\/\/goias.gov.br\/educacao\/wp-content\/uploads\/sites\/40\/2019\/11\/EXTRATO-ADIVITO-C.E-ANDRELINO-RODRIGUES-DE-MORAIS-METROPOLITANA-a96.pdf\" target=\"_blank\" rel=\"noreferrer noopener\">EXTRATO-ADIVITO-C.E-ANDRELINO-RODRIGUES-DE-MORAIS-METROPOLITANA<\/a><\/div><\/p><p><\/p><p><\/p><p><div class=\"wp-block-file\"><a href=\"https:\/\/goias.gov.br\/educacao\/wp-content\/uploads\/sites\/40\/2019\/11\/ADITIVO-DECRESCIMO-CEPI-MADRE-NATIVIDADE-CATALAO-919.pdf\" target=\"_blank\" rel=\"noreferrer noopener\">ADITIVO-DECRESCIMO-CEPI-MADRE-NATIVIDADE-CATAL\u00c3O<\/a><\/div><\/p><p><\/p><p><\/p><p><div class=\"wp-block-file\"><a href=\"https:\/\/goias.gov.br\/educacao\/wp-content\/uploads\/sites\/40\/2019\/11\/ADITIVO-DE-DECRESCIMO-C.E.-JOAO-XXIII-QUIRINOPOLIS-e4c.pdf\" target=\"_blank\" rel=\"noreferrer noopener\">ADITIVO-DE-DECR\u00c9SCIMO-C.E.-JO\u00c3O-XXIII-QUIRIN\u00d3POLIS<\/a><\/div><\/p><p><\/p><p><\/p><p><div class=\"wp-block-file\"><a href=\"https:\/\/goias.gov.br\/educacao\/wp-content\/uploads\/sites\/40\/2019\/11\/ADITIVO-DE-DECRESCIMO-CEPI-ISMAEL-SILVA-DE-JESUS-GOIANIA-602.pdf\" target=\"_blank\" rel=\"noreferrer noopener\">ADITIVO-DE-DECR\u00c9SCIMO-CEPI-ISMAEL-SILVA-DE-JESUS-GOI\u00c2NIA<\/a><\/div><\/p><p><\/p><p><\/p><p><div class=\"wp-block-file\"><a href=\"https:\/\/goias.gov.br\/educacao\/wp-content\/uploads\/sites\/40\/2019\/11\/ADITIVO-DE-DECRESCIMO-E.E-DONA-MARICOTA-PALMEIRAS-DE-GOIAS-d81.pdf\" target=\"_blank\" rel=\"noreferrer noopener\">ADITIVO-DE-DECRESCIMO-E.E-DONA-MARICOTA-PALMEIRAS-DE-GOIAS<\/a><\/div><\/p><p><\/p><p><\/p><p><div class=\"wp-block-file\"><a href=\"https:\/\/goias.gov.br\/educacao\/wp-content\/uploads\/sites\/40\/2019\/11\/ADITIVO-DE-DECRESCIMO-E.E-WILSON-ELIAS-JORGE-CATALAO-d6a.pdf\" target=\"_blank\" rel=\"noreferrer noopener\">ADITIVO-DE-DECRESCIMO-E.E-WILSON-ELIAS-JORGE-CATALAO<\/a><\/div><\/p><p><\/p><p><\/p><p><div class=\"wp-block-file\"><a href=\"https:\/\/goias.gov.br\/educacao\/wp-content\/uploads\/sites\/40\/2019\/11\/ADITIVO-DECRESCIMO-C.E-ABDALA-DAHER-PIRACANJUBA-711.pdf\" target=\"_blank\" rel=\"noreferrer noopener\">ADITIVO-DECRESCIMO-C.E-ABDALA-DAHER-PIRACANJUBA<\/a><\/div><\/p><p><\/p><p><\/p><p><div class=\"wp-block-file\"><a href=\"https:\/\/goias.gov.br\/educacao\/wp-content\/uploads\/sites\/40\/2019\/11\/ADITIVO-DECRESCIMO-E.E-BELARMINO-ESSADO-INHUMAS-2-b96.pdf\" target=\"_blank\" rel=\"noreferrer noopener\">ADITIVO-DECRESCIMO-E.E-BELARMINO-ESSADO-INHUMAS-2<br><\/a><\/div><\/p><p><\/div><\/p><p><\/p><p><\/p><p><div class=\"wp-block-column is-layout-flow wp-block-column-is-layout-flow\"><\/p><p><div class=\"wp-block-file\"><a href=\"https:\/\/goias.gov.br\/educacao\/wp-content\/uploads\/sites\/40\/2019\/11\/EXTRATO-ADITIVO-CE-POLICIA-MILITAR-ROSA-TURISCO-DE-ARAUJO-TRINDADE-314.pdf\" target=\"_blank\" rel=\"noreferrer noopener\">EXTRATO-ADITIVO-CE-POLICIA-MILITAR-ROSA-TURISCO-DE-ARAUJO-TRINDADE<\/a><\/div><\/p><p><\/p><p><\/p><p><div class=\"wp-block-file\"><a href=\"https:\/\/goias.gov.br\/educacao\/wp-content\/uploads\/sites\/40\/2019\/11\/EXTRATO-ADITIVO-C.E-ANTONIO-FERREIRA-RIOS-GOIANESIA-1-4e2.pdf\" target=\"_blank\" rel=\"noreferrer noopener\">EXTRATO-ADITIVO-C.E-ANTONIO-FERREIRA-RIOS-GOIANESIA-1<\/a><\/div><\/p><p><\/p><p><\/p><p><div class=\"wp-block-file\"><a href=\"https:\/\/goias.gov.br\/educacao\/wp-content\/uploads\/sites\/40\/2019\/11\/EXTRATO-ADITIVO-C.E-DEPUTADO-JOSE-DE-ASSIS-TRINDADE-288.pdf\" target=\"_blank\" rel=\"noreferrer noopener\">EXTRATO-ADITIVO-C.E-DEPUTADO-JOSE-DE-ASSIS-TRINDADE<\/a><\/div><\/p><p><\/p><p><\/p><p><div class=\"wp-block-file\"><a href=\"https:\/\/goias.gov.br\/educacao\/wp-content\/uploads\/sites\/40\/2019\/11\/EXTRATO-ADITIVO-C.E-JUVENAL-JOSE-PEDROSO-METROPOLITANA-809.pdf\" target=\"_blank\" rel=\"noreferrer noopener\">EXTRATO-ADITIVO-C.E-JUVENAL-JOSE-PEDROSO-METROPOLITANA<\/a><\/div><\/p><p><\/p><p><\/p><p><div class=\"wp-block-file\"><a href=\"https:\/\/goias.gov.br\/educacao\/wp-content\/uploads\/sites\/40\/2019\/11\/EXTRATO-ADITIVO-C.E-MOYSES-PEREIRA-PEIXOTO-TRINDADE-434.pdf\" target=\"_blank\" rel=\"noreferrer noopener\">EXTRATO-ADITIVO-C.E-MOYSES-PEREIRA-PEIXOTO-TRINDADE<\/a><\/div><\/p><p><\/p><p><\/p><p><div class=\"wp-block-file\"><a href=\"https:\/\/goias.gov.br\/educacao\/wp-content\/uploads\/sites\/40\/2019\/11\/EXTRATO-ADITIVO-C.E-PROFESSOR-FAUSTINO-ANAPOLIS-688.pdf\" target=\"_blank\" rel=\"noreferrer noopener\">EXTRATO-ADITIVO-C.E-PROFESSOR-FAUSTINO-ANAPOLIS<\/a><\/div><\/p><p><\/p><p><\/p><p><div class=\"wp-block-file\"><a href=\"https:\/\/goias.gov.br\/educacao\/wp-content\/uploads\/sites\/40\/2019\/11\/EXTRATO-ADITIVO-C.E-PROFESSOR-HELON-GOMIDE-TRINDADE-275.pdf\" target=\"_blank\" rel=\"noreferrer noopener\">EXTRATO-ADITIVO-C.E-PROFESSOR-HELON-GOMIDE-TRINDADE<\/a><\/div><\/p><p><\/p><p><\/p><p><div class=\"wp-block-file\"><a href=\"https:\/\/goias.gov.br\/educacao\/wp-content\/uploads\/sites\/40\/2019\/11\/EXTRATO-ADITIVO-C.E-VIOLETA-PITALUGA-ANAPOLIS-cda.pdf\" target=\"_blank\" rel=\"noreferrer noopener\">EXTRATO-ADITIVO-C.E-VIOLETA-PITALUGA-ANAPOLIS<\/a><\/div><\/p><p><\/p><p><\/p><p><div class=\"wp-block-file\"><a href=\"https:\/\/goias.gov.br\/educacao\/wp-content\/uploads\/sites\/40\/2019\/11\/EXTRATO-ADITIVO-C.E.-PLINIO-JAIME-ANAPOLIS-674.pdf\" target=\"_blank\" rel=\"noreferrer noopener\">EXTRATO-ADITIVO-C.E.-PL\u00cdNIO-JAIME-AN\u00c1POLIS<\/a><\/div><\/p><p><\/p><p><\/p><p><div class=\"wp-block-file\"><a href=\"https:\/\/goias.gov.br\/educacao\/wp-content\/uploads\/sites\/40\/2019\/11\/EXTRATO-ADITIVO-CEPI-DR.-GENSERICO-G.-JAIME-ANAPOLIS-2ad.pdf\" target=\"_blank\" rel=\"noreferrer noopener\">EXTRATO-ADITIVO-CEPI-DR.-GENSERICO-G.-JAIME-AN\u00c1POLIS<\/a><\/div><\/p><p><\/p><p><\/p><p><div class=\"wp-block-file\"><a href=\"https:\/\/goias.gov.br\/educacao\/wp-content\/uploads\/sites\/40\/2019\/11\/EXTRATO-ADITIVO-CEPMG-ARLINDO-COSTA-ANAPOLIS-da5.pdf\" target=\"_blank\" rel=\"noreferrer noopener\">EXTRATO-ADITIVO-CEPMG-ARLINDO-COSTA-AN\u00c1POLIS<\/a><\/div><\/p><p><\/p><p><\/p><p><div class=\"wp-block-file\"><a href=\"https:\/\/goias.gov.br\/educacao\/wp-content\/uploads\/sites\/40\/2019\/11\/AVISO-ADITIVO-CARTA-C.E-ELMAR-ARANTES-CABRAL-CRE-APARECIDA-DE-GOIANIA-2-b1f.pdf\" target=\"_blank\" rel=\"noreferrer noopener\">AVISO-ADITIVO-CARTA-C.E-ELMAR-ARANTES-CABRAL-CRE-APARECIDA-DE-GOIANIA-2<\/a><\/div><\/p><p><\/p><p><\/p><p><div class=\"wp-block-file\"><a href=\"https:\/\/goias.gov.br\/educacao\/wp-content\/uploads\/sites\/40\/2019\/11\/EXTRATO-ADITIVO-CEPMG-NADER-ALVES-DOS-SANTOS-APARECIDA-DE-GOIANIA-2-836.pdf\" target=\"_blank\" rel=\"noreferrer noopener\">EXTRATO-ADITIVO-CEPMG-NADER-ALVES-DOS-SANTOS-APARECIDA-DE-GOIANIA-2<\/a><\/div><\/p><p><\/p><p><\/p><p><div class=\"wp-block-file\"><a href=\"https:\/\/goias.gov.br\/educacao\/wp-content\/uploads\/sites\/40\/2019\/11\/EXTRATO-ADITIVO-E.-E.-LUIZA-RAMOS-ITAPACI-f13.pdf\" target=\"_blank\" rel=\"noreferrer noopener\">EXTRATO-ADITIVO-E.-E.-LUIZA-RAMOS-ITAPACI<\/a><\/div><\/p><p><\/p><p><\/p><p><div class=\"wp-block-file\"><a href=\"https:\/\/goias.gov.br\/educacao\/wp-content\/uploads\/sites\/40\/2019\/11\/EXTRATO-ADITIVO-LYCEU-DE-GOIANIA-GOIANIA-21b.pdf\" target=\"_blank\" rel=\"noreferrer noopener\">EXTRATO-ADITIVO-LYCEU-DE-GOI\u00c2NIA-GOI\u00c2NIA<\/a><\/div><\/p><p><\/p><p><\/p><p><div class=\"wp-block-file\"><a href=\"https:\/\/goias.gov.br\/educacao\/wp-content\/uploads\/sites\/40\/2019\/11\/EXTRATO-ADITIVO-1-E.E.-RODOLFO-DE-OLIVEIRA-APARECIDA-DE-GOIANIA-57c.pdf\" target=\"_blank\" rel=\"noreferrer noopener\">EXTRATO-ADITIVO-1-E.E.-RODOLFO-DE-OLIVEIRA-APARECIDA-DE-GOI\u00c2NIA<\/a><\/div><\/p><p><\/p><p><\/p><p><div class=\"wp-block-file\"><a href=\"https:\/\/goias.gov.br\/educacao\/wp-content\/uploads\/sites\/40\/2019\/11\/EXTRATO-ADITIVO-2-CEPI-LIONS-MELCHIOR-ANAPOLIS-176.pdf\" target=\"_blank\" rel=\"noreferrer noopener\">EXTRATO-ADITIVO-2-CEPI-LIONS-MELCHIOR-AN\u00c1POLIS<\/a><\/div><\/p><p><\/p><p><\/p><p><div class=\"wp-block-file\"><a href=\"https:\/\/goias.gov.br\/educacao\/wp-content\/uploads\/sites\/40\/2019\/11\/EXTRATO-CONTRATO-CEPMG-DR.-THARSIS-CAMPOS-CATALAO-832.pdf\" target=\"_blank\" rel=\"noreferrer noopener\">EXTRATO-CONTRATO-CEPMG-DR.-THARSIS-CAMPOS-CATAL\u00c3O<\/a><\/div><\/p><p><\/p><p><\/p><p><div class=\"wp-block-file\"><a href=\"https:\/\/goias.gov.br\/educacao\/wp-content\/uploads\/sites\/40\/2019\/11\/ADITIVO-DE-DECRESCIMO-C.E-MURILO-BRAGA-METROPOLITANA-b8d.pdf\" target=\"_blank\" rel=\"noreferrer noopener\">ADITIVO-DE-DECRESCIMO-C.E-MURILO-BRAGA-METROPOLITANA<\/a><\/div><\/p><p><\/p><p><\/p><p><div class=\"wp-block-file\"><a href=\"https:\/\/goias.gov.br\/educacao\/wp-content\/uploads\/sites\/40\/2019\/11\/ADITIVO-DE-DECRESCIMO-CEPI-CORA-CORALINA-GOIAS-f43.pdf\" target=\"_blank\" rel=\"noreferrer noopener\">ADITIVO-DE-DECR\u00c9SCIMO-CEPI-CORA-CORALINA-GOI\u00c1S<\/a><\/div><\/p><p><\/p><p><\/p><p><div class=\"wp-block-file\"><a href=\"https:\/\/goias.gov.br\/educacao\/wp-content\/uploads\/sites\/40\/2019\/11\/ADITIVO-DE-DECRESCIMO-CEPI-JARDIM-DAS-AROEIRAS-METROPOLITANA-d2f.pdf\" target=\"_blank\" rel=\"noreferrer noopener\">ADITIVO-DE-DECRESCIMO-CEPI-JARDIM-DAS-AROEIRAS-METROPOLITANA<\/a><\/div><\/p><p><\/p><p><\/p><p><div class=\"wp-block-file\"><a href=\"https:\/\/goias.gov.br\/educacao\/wp-content\/uploads\/sites\/40\/2019\/11\/ADITIVO-DE-DECRESCIMO-E.E-SANTOS-DUMONT-PALMEIRAS-DE-GOIAS-a50.pdf\" target=\"_blank\" rel=\"noreferrer noopener\">ADITIVO-DE-DECRESCIMO-E.E-SANTOS-DUMONT-PALMEIRAS-DE-GOIAS<\/a><\/div><\/p><p><\/p><p><\/p><p><div class=\"wp-block-file\"><a href=\"https:\/\/goias.gov.br\/educacao\/wp-content\/uploads\/sites\/40\/2019\/11\/ADITIVO-DE-DECRESCIMO-E.E-WILSON-ELIAS-JORGE-CATALAO2-490.pdf\" target=\"_blank\" rel=\"noreferrer noopener\">ADITIVO-DE-DECRESCIMO-E.E-WILSON-ELIAS-JORGE-CATALAO2<\/a><\/div><\/p><p><\/p><p><\/p><p><div class=\"wp-block-file\"><a href=\"https:\/\/goias.gov.br\/educacao\/wp-content\/uploads\/sites\/40\/2019\/11\/ADITIVO-DECRESCIMO-C.E-DOM-BOSCO-PIRACANJUBA-0df.pdf\" target=\"_blank\" rel=\"noreferrer noopener\">ADITIVO-DECRESCIMO-C.E-DOM-BOSCO-PIRACANJUBA<\/a><\/div><\/p><p><\/p><p><\/p><p><div class=\"wp-block-file\"><a href=\"https:\/\/goias.gov.br\/educacao\/wp-content\/uploads\/sites\/40\/2019\/11\/ADITIVO-DECRESCIMO-E.E-BELARMINO-ESSADO-INHUMAS-d28.pdf\" target=\"_blank\" rel=\"noreferrer noopener\">ADITIVO-DECRESCIMO-E.E-BELARMINO-ESSADO-INHUMAS<\/a><\/div><\/p><p><\/div><\/p><p><\/div><\/p><p><\/div><\/div><\/p><p><\/p><p><\/p><p><div style=\"height:100px\" aria-hidden=\"true\" class=\"wp-block-spacer\"><\/div><\/p><p><\/p><p><\/p><p><p class=\"has-text-align-left has-light-green-cyan-background-color has-background has-medium-font-size\"><a href=\"https:\/\/goias.gov.br\/educacao\/carta-convite-da-merenda-escolar\/\">Veja Mais  &#8211; Refer\u00eancia 2\u00ba Semestre de 2018<\/a><\/p><\/p><p><\/p>","protected":false},"excerpt":{"rendered":"<p>Carta Convite da Merenda Escolar &nbsp;Referente ao 1\u00ba semestre de 2021. 001\/2021 &#8211; Referente ao 1\u00ba Semestre de 2021 003\/2020 &#8211; Referente ao 2\u00ba Semestre de 2020 002\/2020 &#8211; Referente ao 2\u00ba Semestre de 2020 001\/2020 &#8211; Referente ao 2\u00ba Semestre de 2020 001\/2020 &#8211; Referente ao 2\u00ba Semestre de 2020 2020 &#8211; Referente ao [&hellip;]<\/p>\n","protected":false},"author":862,"featured_media":0,"comment_status":"closed","ping_status":"open","sticky":false,"template":"","format":"standard","meta":{"footnotes":""},"categories":[4802],"tags":[],"class_list":["post-37475","post","type-post","status-publish","format-standard","hentry","category-page"],"rttpg_featured_image_url":null,"rttpg_author":{"display_name":"luizmaaraujo","author_link":"https:\/\/goias.gov.br\/educacao\/author\/luizmaaraujo\/"},"rttpg_comment":0,"rttpg_category":"<a href=\"https:\/\/goias.gov.br\/educacao\/categoria\/page\/\" rel=\"category tag\">Outras p\u00e1ginas<\/a>","rttpg_excerpt":"Carta Convite da Merenda Escolar &nbsp;Referente ao 1\u00ba semestre de 2021. 001\/2021 &#8211; Referente ao 1\u00ba Semestre de 2021 003\/2020 &#8211; Referente ao 2\u00ba Semestre de 2020 002\/2020 &#8211; Referente ao 2\u00ba Semestre de 2020 001\/2020 &#8211; Referente ao 2\u00ba Semestre de 2020 001\/2020 &#8211; Referente ao 2\u00ba Semestre de 2020 2020 &#8211; Referente ao&hellip;","_links":{"self":[{"href":"https:\/\/goias.gov.br\/educacao\/wp-json\/wp\/v2\/posts\/37475","targetHints":{"allow":["GET"]}}],"collection":[{"href":"https:\/\/goias.gov.br\/educacao\/wp-json\/wp\/v2\/posts"}],"about":[{"href":"https:\/\/goias.gov.br\/educacao\/wp-json\/wp\/v2\/types\/post"}],"author":[{"embeddable":true,"href":"https:\/\/goias.gov.br\/educacao\/wp-json\/wp\/v2\/users\/862"}],"replies":[{"embeddable":true,"href":"https:\/\/goias.gov.br\/educacao\/wp-json\/wp\/v2\/comments?post=37475"}],"version-history":[{"count":0,"href":"https:\/\/goias.gov.br\/educacao\/wp-json\/wp\/v2\/posts\/37475\/revisions"}],"wp:attachment":[{"href":"https:\/\/goias.gov.br\/educacao\/wp-json\/wp\/v2\/media?parent=37475"}],"wp:term":[{"taxonomy":"category","embeddable":true,"href":"https:\/\/goias.gov.br\/educacao\/wp-json\/wp\/v2\/categories?post=37475"},{"taxonomy":"post_tag","embeddable":true,"href":"https:\/\/goias.gov.br\/educacao\/wp-json\/wp\/v2\/tags?post=37475"}],"curies":[{"name":"wp","href":"https:\/\/api.w.org\/{rel}","templated":true}]}}