

{"id":37036,"date":"2019-12-06T07:30:53","date_gmt":"2019-12-06T10:30:53","guid":{"rendered":"https:\/\/siteshom.goias.gov.br\/educacao\/tomada-de-preco-merenda\/"},"modified":"2019-12-06T07:30:53","modified_gmt":"2019-12-06T10:30:53","slug":"tomada-de-preco-merenda","status":"publish","type":"post","link":"https:\/\/goias.gov.br\/educacao\/tomada-de-preco-merenda\/","title":{"rendered":"Tomada de pre\u00e7os Merenda Escolar"},"content":{"rendered":"<p><\/p><p><p class=\"has-text-align-center\" style=\"font-size:25px\">Tomada de Pre\u00e7os  1\u00ba semestre de 2021.<\/p><\/p><p><\/p><p><\/p><p><div class=\"wp-block-columns is-layout-flex wp-container-core-columns-is-layout-9d6595d7 wp-block-columns-is-layout-flex\"><\/p><p><div class=\"wp-block-column is-layout-flow wp-block-column-is-layout-flow\"><\/p><p><div class=\"wp-block-file\"><a href=\"https:\/\/goias.gov.br\/educacao\/wp-content\/uploads\/sites\/40\/2019\/12\/RELATORIO-EXTRATOS-DE-CONTRATO-AGUAS-LINDAS-parte-I-4eb.pdf\" target=\"_blank\" rel=\"noreferrer noopener\">RELATORIO EXTRATOS DE CONTRATO AGUAS LINDAS parte-I &#8211;<span class=\"has-inline-color has-cyan-bluish-gray-color\">1.61MB<\/span><\/a><\/div><\/p><p><\/p><p><\/p><p><div class=\"wp-block-file\"><a href=\"https:\/\/goias.gov.br\/educacao\/wp-content\/uploads\/sites\/40\/2019\/12\/RELATORIO-EXTRATOS-DE-CONTRATO-GOIANIA-d4a.pdf\" target=\"_blank\" rel=\"noreferrer noopener\">RELATORIO EXTRATOS DE CONTRATO GOIANIA<\/a><\/div><\/p><p><\/p><p><\/p><p><div class=\"wp-block-file\"><a href=\"https:\/\/goias.gov.br\/educacao\/wp-content\/uploads\/sites\/40\/2019\/12\/RELATORIO-EXTRATOS-DE-CONTRATO-PIRACANJUBA-parte-II-fd3.pdf\" target=\"_blank\" rel=\"noreferrer noopener\">RELATORIO EXTRATOS DE CONTRATO PIRACANJUBA parte-II<\/a><\/div><\/p><p><\/p><p><\/p><p><div class=\"wp-block-file\"><a href=\"https:\/\/goias.gov.br\/educacao\/wp-content\/uploads\/sites\/40\/2019\/12\/RELATORIO-EXTRATOS-DE-CONTRATO-RIO-VERDE-47c.pdf\" target=\"_blank\" rel=\"noreferrer noopener\">RELATORIO EXTRATOS DE CONTRATO RIO VERDE<\/a><\/div><\/p><p><\/p><p><\/p><p><div class=\"wp-block-file\"><a href=\"https:\/\/goias.gov.br\/educacao\/wp-content\/uploads\/sites\/40\/2019\/12\/RELATORIO-EXTRATOS-DE-CONTRATO-SAO-MIGUEL-DO-ARAGUAIA-46e.pdf\" target=\"_blank\" rel=\"noreferrer noopener\">RELATORIO-EXTRATOS-DE-CONTRATO-SAO-MIGUEL-DO-ARAGUAIA<\/a><\/div><\/p><p><\/p><p><\/p><p><div class=\"wp-block-file\"><a href=\"https:\/\/goias.gov.br\/educacao\/wp-content\/uploads\/sites\/40\/2019\/12\/RELATORIO-EXTRATO-DE-CONTRATO-ANAPOLIS-010.pdf\" target=\"_blank\" rel=\"noreferrer noopener\">RELATORIO-EXTRATO-DE-CONTRATO-ANAPOLIS<\/a><\/div><\/p><p><\/div><\/p><p><\/p><p><\/p><p><div class=\"wp-block-column is-layout-flow wp-block-column-is-layout-flow\"><\/p><p><div class=\"wp-block-file\"><a href=\"https:\/\/goias.gov.br\/educacao\/wp-content\/uploads\/sites\/40\/2019\/12\/RELATORIO-EXTRATOS-DE-CONTRATO-AGUAS-LINDAS-parte-II-35f.pdf\" target=\"_blank\" rel=\"noreferrer noopener\">RELATORIO EXTRATOS DE CONTRATO AGUAS LINDAS parte-II &#8211; <span class=\"has-inline-color has-cyan-bluish-gray-color\">492KB<\/span><\/a><\/div><\/p><p><\/p><p><\/p><p><div class=\"wp-block-file\"><a href=\"https:\/\/goias.gov.br\/educacao\/wp-content\/uploads\/sites\/40\/2019\/12\/RELATORIO-EXTRATOS-DE-CONTRATO-ITUMBIARA-cbb.pdf\" target=\"_blank\" rel=\"noreferrer noopener\">RELATORIO EXTRATOS DE CONTRATO -ITUMBIARA<\/a><\/div><\/p><p><\/p><p><\/p><p><div class=\"wp-block-file\"><a href=\"https:\/\/goias.gov.br\/educacao\/wp-content\/uploads\/sites\/40\/2019\/12\/RELATORIO-EXTRATOS-DE-CONTRATO-PLANALTINA-4ab.pdf\" target=\"_blank\" rel=\"noreferrer noopener\">RELATORIO EXTRATOS DE CONTRATO -PLANALTINA<\/a><\/div><\/p><p><\/p><p><\/p><p><div class=\"wp-block-file\"><a href=\"https:\/\/goias.gov.br\/educacao\/wp-content\/uploads\/sites\/40\/2019\/12\/RELATORIOS-EXTRATOS-DE-CONTRATO-GOIANESIA-5f4.pdf\" target=\"_blank\" rel=\"noreferrer noopener\">RELATORIOS EXTRATOS  DE CONTRATO-GOIANESIA<\/a><\/div><\/p><p><\/p><p><\/p><p><div class=\"wp-block-file\"><a href=\"https:\/\/goias.gov.br\/educacao\/wp-content\/uploads\/sites\/40\/2019\/12\/RELATORIO-EXTRATO-DE-CONTRATO-GOIANIA-parte-II-ff8.pdf\" target=\"_blank\" rel=\"noreferrer noopener\">RELATORIO-EXTRATO-DE-CONTRATO-GOIANIA-parte-II<\/a><\/div><\/p><p><\/p><p><\/p><p><div class=\"wp-block-file\"><a href=\"https:\/\/goias.gov.br\/educacao\/wp-content\/uploads\/sites\/40\/2019\/12\/RELATORIO-EXTRATO-DE-CONTRATO-MINEIROS-1db.pdf\" target=\"_blank\" rel=\"noreferrer noopener\">RELATORIO-EXTRATO-DE-CONTRATO-MINEIROS<\/a><\/div><\/p><p><\/p><p><\/p><p><div class=\"wp-block-file\"><a href=\"https:\/\/goias.gov.br\/educacao\/wp-content\/uploads\/sites\/40\/2019\/12\/RELATORIO-EXTRATO-DE-CONTRATO-TRINDADE-290.pdf\" target=\"_blank\" rel=\"noreferrer noopener\">RELATORIO-EXTRATO-DE-CONTRATO-TRINDADE<\/a><\/div><\/p><p><\/div><\/p><p><\/p><p><\/p><p><div class=\"wp-block-column is-layout-flow wp-block-column-is-layout-flow\"><\/p><p><div class=\"wp-block-file\"><a href=\"https:\/\/goias.gov.br\/educacao\/wp-content\/uploads\/sites\/40\/2019\/12\/RELATORIO-EXTRATOS-DE-CONTRATO-APARECIDA-DE-GOIANIA-e44.pdf\" target=\"_blank\" rel=\"noreferrer noopener\">RELATORIO EXTRATOS DE CONTRATO APARECIDA DE GOIANIA <span class=\"has-inline-color has-cyan-bluish-gray-color\">6.03MB<\/span><\/a><\/div><\/p><p><\/p><p><\/p><p><div class=\"wp-block-file\"><a href=\"https:\/\/goias.gov.br\/educacao\/wp-content\/uploads\/sites\/40\/2019\/12\/RELATORIO-EXTRATOS-DE-CONTRATO-PIRACANJUBA-parte-I-5ac.pdf\" target=\"_blank\" rel=\"noreferrer noopener\">RELATORIO EXTRATOS DE CONTRATO PIRACANJUBA parte-I<\/a><\/div><\/p><p><\/p><p><\/p><p><div class=\"wp-block-file\"><a href=\"https:\/\/goias.gov.br\/educacao\/wp-content\/uploads\/sites\/40\/2019\/12\/RELATORIO-EXTRATOS-DE-CONTRATO-POSSE-22d.pdf\" target=\"_blank\" rel=\"noreferrer noopener\">RELATORIO EXTRATOS DE CONTRATO-POSSE<\/a><\/div><\/p><p><\/p><p><\/p><p><div class=\"wp-block-file\"><a href=\"https:\/\/goias.gov.br\/educacao\/wp-content\/uploads\/sites\/40\/2019\/12\/RELATORIO-EXTRATOS-DE-CONTRATO-INHUMAS-410.pdf\" target=\"_blank\" rel=\"noreferrer noopener\">RELATORIO-EXTRATOS-DE-CONTRATO-INHUMAS<\/a><\/div><\/p><p><\/p><p><\/p><p><div class=\"wp-block-file\"><a href=\"https:\/\/goias.gov.br\/educacao\/wp-content\/uploads\/sites\/40\/2019\/12\/RELATORIO-EXTRATO-DE-CONTRATO-LUZIANIA-1-9ac.pdf\" target=\"_blank\" rel=\"noreferrer noopener\">RELATORIO-EXTRATO-DE-CONTRATO-LUZIANIA-1<\/a><\/div><\/p><p><\/p><p><\/p><p><div class=\"wp-block-file\"><a href=\"https:\/\/goias.gov.br\/educacao\/wp-content\/uploads\/sites\/40\/2019\/12\/RELATORIO-EXTRATO-DE-CONTRATO-SANTA-HELENA-4f2.pdf\" target=\"_blank\" rel=\"noreferrer noopener\">RELATORIO-EXTRATO-DE-CONTRATO-SANTA-HELENA<\/a><\/div><\/p><p><\/div><\/p><p><\/div><\/p><p><\/p><p><\/p><p><hr class=\"wp-block-separator\"\/><\/p><p><\/p><p><\/p><p><h4 class=\"has-text-align-center wp-block-heading\">1\u00ba SEMESTRE DE 2021<\/h4><\/p><p><\/p><p><\/p><p><div class=\"wp-block-columns is-layout-flex wp-container-core-columns-is-layout-9d6595d7 wp-block-columns-is-layout-flex\"><\/p><p><div class=\"wp-block-column is-layout-flow wp-block-column-is-layout-flow\"><\/p><p><div class=\"wp-block-file\"><a href=\"https:\/\/goias.gov.br\/educacao\/wp-content\/uploads\/sites\/40\/2019\/12\/ANEXOS-DA-TOMADA-DE-PRECOS-001-2021-MODELO-bcf.doc\" target=\"_blank\" rel=\"noreferrer noopener\">ANEXOS-DA-TOMADA-DE-PRECOS-001-2021-MODELO<\/a><\/div><\/p><p><\/p><p><\/p><p><div class=\"wp-block-file\"><a href=\"https:\/\/goias.gov.br\/educacao\/wp-content\/uploads\/sites\/40\/2019\/12\/MINUTA-DE-EDITAL-TOMADA-DE-PRECOS-001-2021-MODELO-43f.doc\" target=\"_blank\" rel=\"noreferrer noopener\">MINUTA-DE-EDITAL-TOMADA-DE-PRECOS-001-2021-MODELO<\/a><\/div><\/p><p><\/div><\/p><p><\/p><p><\/p><p><div class=\"wp-block-column is-layout-flow wp-block-column-is-layout-flow\"><\/p><p><div class=\"wp-block-file\"><a href=\"https:\/\/goias.gov.br\/educacao\/wp-content\/uploads\/sites\/40\/2019\/12\/CHEK-LIST-1-47e.docx\" target=\"_blank\" rel=\"noreferrer noopener\">CHEK-LIST-1<\/a><\/div><\/p><p><\/p><p><\/p><p><div class=\"wp-block-file\"><a href=\"https:\/\/goias.gov.br\/educacao\/wp-content\/uploads\/sites\/40\/2019\/12\/MODELO-DE-RELATORIO-DE-EXTRATO-PARA-AS-CREs-1-ca0.docx\" target=\"_blank\" rel=\"noreferrer noopener\">MODELO-DE-RELATORIO-DE-EXTRATO-PARA-AS-CREs-1<\/a><\/div><\/p><p><\/div><\/p><p><\/p><p><\/p><p><div class=\"wp-block-column is-layout-flow wp-block-column-is-layout-flow\"><\/p><p><div class=\"wp-block-file\"><a href=\"https:\/\/goias.gov.br\/educacao\/wp-content\/uploads\/sites\/40\/2019\/12\/EXTRATO-DE-CONTRATO-1-6e8.docx\" target=\"_blank\" rel=\"noreferrer noopener\">EXTRATO-DE-CONTRATO-1<\/a><\/div><\/p><p><\/p><p><\/p><p><div class=\"wp-block-file\"><a href=\"https:\/\/goias.gov.br\/educacao\/wp-content\/uploads\/sites\/40\/2019\/12\/SEQUENCIA-DE-DOCUMENTOS-MONTAGEM-PROCESSO-FILHO-2-46a.docx\" target=\"_blank\" rel=\"noreferrer noopener\">SEQUENCIA-DE-DOCUMENTOS-MONTAGEM-PROCESSO-FILHO-2<\/a><\/div><\/p><p><\/div><\/p><p><\/div><\/p><p><\/p><p><\/p><p><div style=\"height:100px\" aria-hidden=\"true\" class=\"wp-block-spacer\"><\/div><\/p><p><\/p><p><\/p><p><h4 class=\"has-text-align-center wp-block-heading\">2\u00ba SEMESTRE DE 2020<\/h4><\/p><p><\/p><p><\/p><p><div class=\"wp-block-columns is-layout-flex wp-container-core-columns-is-layout-9d6595d7 wp-block-columns-is-layout-flex\"><\/p><p><div class=\"wp-block-column is-layout-flow wp-block-column-is-layout-flow\"><\/p><p><div class=\"wp-block-file\"><a href=\"https:\/\/goias.gov.br\/educacao\/wp-content\/uploads\/sites\/40\/2019\/12\/RELATORIO-EXTRATO-DE-CONTRATO-TOMADA-CERES-34f.pdf\" target=\"_blank\" rel=\"noreferrer noopener\">RELATORIO-EXTRATO-DE-CONTRATO-TOMADA-CERES<\/a><\/div><\/p><p><\/p><p><\/p><p><div class=\"wp-block-file\"><a href=\"https:\/\/goias.gov.br\/educacao\/wp-content\/uploads\/sites\/40\/2019\/12\/RELATORIO-EXTRATO-DE-CONTRATO-AGUAS-LINDAS-parte-I-1-ef9.pdf\" target=\"_blank\" rel=\"noreferrer noopener\">RELATORIO-EXTRATO-DE-CONTRATO-AGUAS-LINDAS-parte-I-1<\/a><\/div><\/p><p><\/p><p><\/p><p><div class=\"wp-block-file\"><a href=\"https:\/\/goias.gov.br\/educacao\/wp-content\/uploads\/sites\/40\/2019\/12\/RELATORIO-EXTRATO-DE-CONTRATO-ANAPOLIS-parte-III-c1b.pdf\" target=\"_blank\" rel=\"noreferrer noopener\">RELATORIO-EXTRATO-DE-CONTRATO-ANAPOLIS-parte-III<\/a><\/div><\/p><p><\/p><p><\/p><p><div class=\"wp-block-file\"><a href=\"https:\/\/goias.gov.br\/educacao\/wp-content\/uploads\/sites\/40\/2019\/12\/RELATORIO-EXTRATO-DE-CONTRATO-GOIANIA-parte-I-855.pdf\" target=\"_blank\" rel=\"noreferrer noopener\">RELATORIO-EXTRATO-DE-CONTRATO-GOIANIA-parte-I<\/a><\/div><\/p><p><\/p><p><\/p><p><div class=\"wp-block-file\"><a href=\"https:\/\/goias.gov.br\/educacao\/wp-content\/uploads\/sites\/40\/2019\/12\/RELATORIO-EXTRATO-DE-CONTRATO-GOIANIA-parte-IV-1d3.pdf\" target=\"_blank\" rel=\"noreferrer noopener\">RELATORIO-EXTRATO-DE-CONTRATO-GOIANIA-parte-IV<\/a><\/div><\/p><p><\/p><p><\/p><p><div class=\"wp-block-file\"><a href=\"https:\/\/goias.gov.br\/educacao\/wp-content\/uploads\/sites\/40\/2019\/12\/RELATORIO-EXTRATO-DE-CONTRATO-LUZIANIA-parte-I-1-42f.pdf\" target=\"_blank\" rel=\"noreferrer noopener\">RELATORIO-EXTRATO-DE-CONTRATO-LUZIANIA-parte-I-1<\/a><\/div><\/p><p><\/p><p><\/p><p><div class=\"wp-block-file\"><a href=\"https:\/\/goias.gov.br\/educacao\/wp-content\/uploads\/sites\/40\/2019\/12\/RELATORIO-EXTRATO-DE-CONTRATO-POSSE-ba0.pdf\" target=\"_blank\" rel=\"noreferrer noopener\">RELATORIO-EXTRATO-DE-CONTRATO-POSSE<\/a><\/div><\/p><p><\/p><p><\/p><p><div class=\"wp-block-file\"><a href=\"https:\/\/goias.gov.br\/educacao\/wp-content\/uploads\/sites\/40\/2019\/12\/RELATORIO-FORMOSA-ad6.pdf\" target=\"_blank\" rel=\"noreferrer noopener\">RELATORIO-FORMOSA<\/a><\/div><\/p><p><\/div><\/p><p><\/p><p><\/p><p><div class=\"wp-block-column is-layout-flow wp-block-column-is-layout-flow\"><\/p><p><div class=\"wp-block-file\"><a href=\"https:\/\/goias.gov.br\/educacao\/wp-content\/uploads\/sites\/40\/2019\/12\/RELATORIO-EXTRATO-DE-CONTRATO-TOMADA-FORMOSA-9b7.pdf\" target=\"_blank\" rel=\"noreferrer noopener\">RELATORIO-EXTRATO-DE-CONTRATO-TOMADA-FORMOSA<\/a><\/div><\/p><p><\/p><p><\/p><p><div class=\"wp-block-file\"><a href=\"https:\/\/goias.gov.br\/educacao\/wp-content\/uploads\/sites\/40\/2019\/12\/RELATORIO-EXTRATO-DE-CONTRATO-TOMADA-PIRACANJUBA-9f2.pdf\" target=\"_blank\" rel=\"noreferrer noopener\">RELATORIO-EXTRATO-DE-CONTRATO-TOMADA-PIRACANJUBA<\/a><\/div><\/p><p><\/p><p><\/p><p><div class=\"wp-block-file\"><a href=\"https:\/\/goias.gov.br\/educacao\/wp-content\/uploads\/sites\/40\/2019\/12\/RELATORIO-EXTRATO-DE-CONTRATO-AGUAS-LINDAS-parte-II-1-0ea.pdf\" target=\"_blank\" rel=\"noreferrer noopener\">RELATORIO-EXTRATO-DE-CONTRATO-AGUAS-LINDAS-parte-II-1<\/a><\/div><\/p><p><\/p><p><\/p><p><div class=\"wp-block-file\"><a href=\"https:\/\/goias.gov.br\/educacao\/wp-content\/uploads\/sites\/40\/2019\/12\/RELATORIO-EXTRATO-DE-CONTRATO-APARECIDA-DE-GOIANIA-parte-I-1-22f.pdf\" target=\"_blank\" rel=\"noreferrer noopener\">RELATORIO-EXTRATO-DE-CONTRATO-APARECIDA-DE-GOIANIA-parte-I-1<\/a><\/div><\/p><p><\/p><p><\/p><p><div class=\"wp-block-file\"><a href=\"https:\/\/goias.gov.br\/educacao\/wp-content\/uploads\/sites\/40\/2019\/12\/RELATORIO-EXTRATO-DE-CONTRATO-GOIANIA-parte-II-1-3f3.pdf\" target=\"_blank\" rel=\"noreferrer noopener\">RELATORIO-EXTRATO-DE-CONTRATO-GOIANIA-parte-II-1<\/a><\/div><\/p><p><\/p><p><\/p><p><div class=\"wp-block-file\"><a href=\"https:\/\/goias.gov.br\/educacao\/wp-content\/uploads\/sites\/40\/2019\/12\/RELATORIO-EXTRATO-DE-CONTRATO-GOIATUBA-substituir-no-site-extrato-por-relatorio-2c0.pdf\" target=\"_blank\" rel=\"noreferrer noopener\">RELATORIO-EXTRATO-DE-CONTRATO-GOIATUBA<\/a><\/div><\/p><p><\/p><p><\/p><p><div class=\"wp-block-file\"><a href=\"https:\/\/goias.gov.br\/educacao\/wp-content\/uploads\/sites\/40\/2019\/12\/RELATORIO-EXTRATO-DE-CONTRATO-LUZIANIA-parte-II-1-5c6.pdf\" target=\"_blank\" rel=\"noreferrer noopener\">RELATORIO-EXTRATO-DE-CONTRATO-LUZIANIA-parte-II-1<\/a><\/div><\/p><p><\/div><\/p><p><\/p><p><\/p><p><div class=\"wp-block-column is-layout-flow wp-block-column-is-layout-flow\"><\/p><p><div class=\"wp-block-file\"><a href=\"https:\/\/goias.gov.br\/educacao\/wp-content\/uploads\/sites\/40\/2019\/12\/RELATORIO-EXTRATO-DE-CONTRATO-TOMADA-GOIANESIA-9f5.pdf\" target=\"_blank\" rel=\"noreferrer noopener\">RELATORIO-EXTRATO-DE-CONTRATO-TOMADA-GOIANESIA<\/a><\/div><\/p><p><\/p><p><\/p><p><div class=\"wp-block-file\"><a href=\"https:\/\/goias.gov.br\/educacao\/wp-content\/uploads\/sites\/40\/2019\/12\/RELATORIO-EXTRATO-DE-CONTRATO-ANAPOLIS-parte-I-e3f.pdf\" target=\"_blank\" rel=\"noreferrer noopener\">RELATORIO-EXTRATO-DE-CONTRATO-ANAPOLIS-parte-I<\/a><\/div><\/p><p><\/p><p><\/p><p><div class=\"wp-block-file\"><a href=\"https:\/\/goias.gov.br\/educacao\/wp-content\/uploads\/sites\/40\/2019\/12\/RELATORIO-EXTRATO-DE-CONTRATO-ANAPOLIS-parte-II-de5.pdf\" target=\"_blank\" rel=\"noreferrer noopener\">RELATORIO-EXTRATO-DE-CONTRATO-ANAPOLIS-parte-II<\/a><\/div><\/p><p><\/p><p><\/p><p><div class=\"wp-block-file\"><a href=\"https:\/\/goias.gov.br\/educacao\/wp-content\/uploads\/sites\/40\/2019\/12\/RELATORIO-EXTRATO-DE-CONTRATO-APARECIDA-DE-GOIANIA-parte-II-1-ced.pdf\" target=\"_blank\" rel=\"noreferrer noopener\">RELATORIO-EXTRATO-DE-CONTRATO-APARECIDA-DE-GOIANIA-parte-II-1<\/a><\/div><\/p><p><\/p><p><\/p><p><div class=\"wp-block-file\"><a href=\"https:\/\/goias.gov.br\/educacao\/wp-content\/uploads\/sites\/40\/2019\/12\/RELATORIO-EXTRATO-DE-CONTRATO-GOIANIA-parte-III-4bf.pdf\" target=\"_blank\" rel=\"noreferrer noopener\">RELATORIO-EXTRATO-DE-CONTRATO-GOIANIA-parte-III<\/a><\/div><\/p><p><\/p><p><\/p><p><div class=\"wp-block-file\"><a href=\"https:\/\/goias.gov.br\/educacao\/wp-content\/uploads\/sites\/40\/2019\/12\/RELATORIO-EXTRATO-DE-CONTRATO-ITUMBIARA-1a3.pdf\" target=\"_blank\" rel=\"noreferrer noopener\">RELATORIO-EXTRATO-DE-CONTRATO-ITUMBIARA<\/a><\/div><\/p><p><\/p><p><\/p><p><div class=\"wp-block-file\"><a href=\"https:\/\/goias.gov.br\/educacao\/wp-content\/uploads\/sites\/40\/2019\/12\/RELATORIO-EXTRATO-DE-CONTRATO-MINEIROS-2-04d.pdf\" target=\"_blank\" rel=\"noreferrer noopener\">RELATORIO-EXTRATO-DE-CONTRATO-MINEIROS-2<\/a><\/div><\/p><p><\/p><p><\/p><p><div class=\"wp-block-file\"><a href=\"https:\/\/goias.gov.br\/educacao\/wp-content\/uploads\/sites\/40\/2019\/12\/RELATORIO-EXTRATO-DE-CONTRATO-TRINDADE-1-b63.pdf\" target=\"_blank\" rel=\"noreferrer noopener\">RELATORIO-EXTRATO-DE-CONTRATO-TRINDADE-1<\/a><\/div><\/p><p><\/p><p><\/p><p><div class=\"wp-block-file\"><a href=\"https:\/\/goias.gov.br\/educacao\/wp-content\/uploads\/sites\/40\/2019\/12\/RELATORIO-QUIRINOPOLIS-eeb.pdf\" target=\"_blank\" rel=\"noreferrer noopener\">RELATORIO-QUIRINOPOLIS<\/a><\/div><\/p><p><\/div><\/p><p><\/div><\/p><p><\/p><p><\/p><p><div style=\"height:110px\" aria-hidden=\"true\" class=\"wp-block-spacer\"><\/div><\/p><p><\/p><p><\/p><p><div class=\"wp-block-columns is-layout-flex wp-container-core-columns-is-layout-9d6595d7 wp-block-columns-is-layout-flex\"><\/p><p><div class=\"wp-block-column is-layout-flow wp-block-column-is-layout-flow\"><\/p><p><div class=\"wp-block-file\"><a href=\"https:\/\/goias.gov.br\/educacao\/wp-content\/uploads\/sites\/40\/2019\/12\/ERRATA-PUBLICACAO-JORNAIS-TOMADA-001-06-10-39a.pdf\" target=\"_blank\" rel=\"noreferrer noopener\">ERRATA-PUBLICACAO-JORNAIS-TOMADA-001-06-10<\/a><\/div><\/p><p><\/p><p><\/p><p><div class=\"wp-block-file\"><a href=\"https:\/\/goias.gov.br\/educacao\/wp-content\/uploads\/sites\/40\/2019\/12\/AVISO-TOMADA-26-09-8bf.pdf\">AVISO-TOMADA-26-09<\/a><\/div><\/p><p><\/p><p><\/p><p><div class=\"wp-block-file\"><a href=\"https:\/\/goias.gov.br\/educacao\/wp-content\/uploads\/sites\/40\/2019\/12\/CHAMAMENTO-TOMADA-002-OK-140.docx\" target=\"_blank\" rel=\"noreferrer noopener\">CHAMAMENTO-TOMADA-002-OK<\/a><\/div><\/p><p><\/p><p><\/p><p><div class=\"wp-block-file\"><a href=\"https:\/\/goias.gov.br\/educacao\/wp-content\/uploads\/sites\/40\/2019\/12\/Extrato-de-Contrato-Modelo-f56.docx\">Extrato de Contrato-Modelo <\/a><\/div><\/p><p><\/p><p><\/p><p><div class=\"wp-block-file\"><a href=\"https:\/\/goias.gov.br\/educacao\/wp-content\/uploads\/sites\/40\/2019\/12\/Sequencia-de-Documentos-Modelo-1-36d.docx\">Sequ\u00eancia de Documentos Modelo<\/a><\/div><\/p><p><\/div><\/p><p><\/p><p><\/p><p class=\"is-layout-flow wp-block-column-is-layout-flow\"><div class=\"wp-block-column\" style=\"flex-basis:0%\"><\/div><\/p><p><\/p><p><\/p><p><div class=\"wp-block-column is-layout-flow wp-block-column-is-layout-flow\"><\/p><p><div class=\"wp-block-file\"><a href=\"https:\/\/goias.gov.br\/educacao\/wp-content\/uploads\/sites\/40\/2019\/12\/PUBLICACAO-JORNAIS-TOMADA-001-28-09-eb4.pdf\" target=\"_blank\" rel=\"noreferrer noopener\">PUBLICACAO-JORNAIS-TOMADA-001-28-09<\/a><\/div><\/p><p><\/p><p><\/p><p><div class=\"wp-block-file\"><a href=\"https:\/\/goias.gov.br\/educacao\/wp-content\/uploads\/sites\/40\/2019\/12\/AVISO-ERRATA-TOMADA-06-10-ace.pdf\" target=\"_blank\" rel=\"noreferrer noopener\">AVISO-ERRATA-TOMADA-06-10<\/a><\/div><\/p><p><\/p><p><\/p><p><div class=\"wp-block-file\"><a href=\"https:\/\/goias.gov.br\/educacao\/wp-content\/uploads\/sites\/40\/2019\/12\/PUBLICACAO-JORNAIS-TOMADA-AGUAS-LINDAS-002-2020-21-10-e21.pdf\" target=\"_blank\" rel=\"noreferrer noopener\">PUBLICACAO-JORNAIS-TOMADA-AGUAS-LINDAS-002-2020-21-10<\/a><\/div><\/p><p><\/p><p><\/p><p><div class=\"wp-block-file\"><a href=\"https:\/\/goias.gov.br\/educacao\/wp-content\/uploads\/sites\/40\/2019\/12\/Check-List-da-TP-Modelo-510.docx\">Check-List da TP -Modelo<\/a><\/div><\/p><p><\/p><p><\/p><p><div class=\"wp-block-file\"><a href=\"https:\/\/goias.gov.br\/educacao\/wp-content\/uploads\/sites\/40\/2019\/12\/MINUTA-TOMADA-DE-PRECOS-001-2020-c6f.doc\" target=\"_blank\" rel=\"noreferrer noopener\">Minuta Tomada de Pre\u00e7os -001-2020<\/a><\/div><\/p><p><\/div><\/p><p><\/p><p><\/p><p><div class=\"wp-block-column is-layout-flow wp-block-column-is-layout-flow\"><\/p><p><div class=\"wp-block-file\"><a href=\"https:\/\/goias.gov.br\/educacao\/wp-content\/uploads\/sites\/40\/2019\/12\/CHAMAMENTO-TOMADA-001-OK-2d8.docx\" target=\"_blank\" rel=\"noreferrer noopener\">CHAMAMENTO &#8211; TOMADA-001-OK<\/a><\/div><\/p><p><\/p><p><\/p><p><div class=\"wp-block-file\"><a href=\"https:\/\/goias.gov.br\/educacao\/wp-content\/uploads\/sites\/40\/2019\/12\/CHAMAMENTO-TOMADA-001-Retificacao-Catalao-OK-9b4.docx\" target=\"_blank\" rel=\"noreferrer noopener\">CHAMAMENTO-TOMADA-001-Retificacao-Catalao-OK<\/a><\/div><\/p><p><\/p><p><\/p><p><div class=\"wp-block-file\"><a href=\"https:\/\/goias.gov.br\/educacao\/wp-content\/uploads\/sites\/40\/2019\/12\/PUBLICACAO-JORNAIS-TOMADA-JATAI-002-e-003-2020-23-10-de3.pdf\" target=\"_blank\" rel=\"noreferrer noopener\">PUBLICACAO-JORNAIS-TOMADA-JATAI-002-e-003-2020-23-10<\/a><\/div><\/p><p><\/p><p><\/p><p><div class=\"wp-block-file\"><a href=\"https:\/\/goias.gov.br\/educacao\/wp-content\/uploads\/sites\/40\/2019\/12\/Anexos-da-Tomada-de-Precos-001-2020-Modelo-e3b.doc\">Anexos da Tomada de Pre\u00e7os-001-2020-Modelo <\/a><\/div><\/p><p><\/div><\/p><p><\/div><\/p><p><\/p><p><\/p><p><div style=\"height:20px\" aria-hidden=\"true\" class=\"wp-block-spacer\"><\/div><\/p><p><\/p><p><\/p><p><h4 class=\"has-text-align-center wp-block-heading\"> 1\u00ba SEMESTRE DE 2020<\/h4><\/p><p><\/p><p><\/p><p><p><\/p><\/p><p><\/p><p><\/p><p><div class=\"wp-block-columns is-layout-flex wp-container-core-columns-is-layout-9d6595d7 wp-block-columns-is-layout-flex\"><\/p><p><div class=\"wp-block-column is-layout-flow wp-block-column-is-layout-flow\"><\/p><p><div class=\"wp-block-file\"><a href=\"https:\/\/goias.gov.br\/educacao\/wp-content\/uploads\/sites\/40\/2019\/12\/EXTRATO-CONTRATO-TOMADA-GOIANIA-3c3.pdf\" target=\"_blank\" rel=\"noreferrer noopener\">EXTRATO-CONTRATO-TOMADA-GOIANIA<\/a><\/div><\/p><p><\/p><p><\/p><p><div class=\"wp-block-file\"><a href=\"https:\/\/goias.gov.br\/educacao\/wp-content\/uploads\/sites\/40\/2019\/12\/EXTRATO-CONTRATO-APARECIDA-DE-GOIANIA-5e2.pdf\" target=\"_blank\" rel=\"noreferrer noopener\">EXTRATO-CONTRATO-APARECIDA-DE-GOI\u00c2NIA<\/a><\/div><\/p><p><\/p><p><\/p><p><div class=\"wp-block-file\"><a href=\"https:\/\/goias.gov.br\/educacao\/wp-content\/uploads\/sites\/40\/2019\/12\/Anexos-Tomada-de-Preco-002-2019-1-fe0.pdf\" target=\"_blank\" rel=\"noreferrer noopener\">ANEXOS TOMADA DE PRE\u00c7OS 002-2019-1<\/a><\/div><\/p><p><\/p><p><\/p><p><div class=\"wp-block-file\"><a href=\"https:\/\/goias.gov.br\/educacao\/wp-content\/uploads\/sites\/40\/2019\/12\/CHAMAMENTO-TOMADA-DE-PRECOS-002-2019-f6d.pdf\" target=\"_blank\" rel=\"noreferrer noopener\">CHAMAMENTO TOMADA DE PRE\u00c7OS 002 2019<\/a><\/div><\/p><p><\/p><p><\/p><p><p><\/p><\/p><p><\/div><\/p><p><\/p><p><\/p><p><div class=\"wp-block-column is-layout-flow wp-block-column-is-layout-flow\"><\/p><p><div class=\"wp-block-file\"><a href=\"https:\/\/goias.gov.br\/educacao\/wp-content\/uploads\/sites\/40\/2019\/12\/AVISO-DE-ABERTURA-JORNAIS-DOE-E-DOU-f6a.pdf\" target=\"_blank\" rel=\"noreferrer noopener\">AVISO DE ABERTURA JORNAIS DOE E DOU<\/a><\/div><\/p><p><\/p><p><\/p><p><div class=\"wp-block-file\"><a href=\"https:\/\/goias.gov.br\/educacao\/wp-content\/uploads\/sites\/40\/2019\/12\/MINUTA-de-Edital-Tomada-de-Precos-002-2019-1-a11.pdf\" target=\"_blank\" rel=\"noreferrer noopener\">MINUTA DE EDITAL  TOMADA DE PRE\u00c7OS  002-2019-1<\/a><\/div><\/p><p><\/p><p><\/p><p><div class=\"wp-block-file\"><a href=\"https:\/\/goias.gov.br\/educacao\/wp-content\/uploads\/sites\/40\/2019\/12\/CHAMAMENTO-TOMADA-DE-PRECOS-003-2019-191.pdf\" target=\"_blank\" rel=\"noreferrer noopener\">CHAMAMENTO TOMADA DE PRE\u00c7OS 003 2019<\/a><\/div><\/p><p><\/p><p><\/p><p><p><\/p><\/p><p><\/div><\/p><p><\/div><\/p><p><\/p><p><\/p><p><hr class=\"wp-block-separator\"\/><\/p><p><\/p><p><\/p><p><div class=\"wp-block-columns is-layout-flex wp-container-core-columns-is-layout-9d6595d7 wp-block-columns-is-layout-flex\"><\/p><p><div class=\"wp-block-column is-layout-flow wp-block-column-is-layout-flow\"><\/p><p><h4 class=\"wp-block-heading\">2019 &#8211; Refer\u00eancia 1\u00ba Semestre de 2019<\/h4><\/p><p><\/p><p><\/p><p><p class=\"has-small-font-size\"><strong><a rel=\"noreferrer noopener\" href=\"https:\/\/goias.gov.br\/educacao\/wp-content\/uploads\/sites\/40\/2019\/12\/EXTRATO-TOMADA-DE-PRECO-GOIANIA-e5a.pdf\" target=\"_blank\">EXTRATO &#8211; TOMADA DE PRE\u00c7O &#8211; GOI\u00c2NIA<\/a><\/strong><\/p><\/p><p><\/p><p><\/p><p><p class=\"has-small-font-size\"><strong><a rel=\"noreferrer noopener\" href=\"https:\/\/goias.gov.br\/educacao\/wp-content\/uploads\/sites\/40\/2019\/12\/PUBLICACAO-JORNAIS-EXTRATOS-DE-CONTRATO-TOMADA-DE-PRECO-002-2018-e12.pdf\" target=\"_blank\">PUBLICA\u00c7\u00c3O JORNAIS EXTRATOS DE CONTRATO TOMADA DE PRE\u00c7O 002-2018<\/a><\/strong><\/p><\/p><p><\/p><p><\/p><p><p class=\"has-small-font-size\"><strong><a rel=\"noreferrer noopener\" href=\"https:\/\/goias.gov.br\/educacao\/wp-content\/uploads\/sites\/40\/2019\/12\/tomadaPreco001-2019-baa.pdf\" target=\"_blank\">Chamamento da Tomada de Pre\u00e7o &#8211; 002\/2018<\/a><\/strong><\/p><\/p><p><\/p><p><\/p><p><p class=\"has-small-font-size\"><strong><a rel=\"noreferrer noopener\" href=\"https:\/\/goias.gov.br\/educacao\/wp-content\/uploads\/sites\/40\/2019\/12\/Edital-Tomada-de-Preco-002-2018-68e.doc\" target=\"_blank\">Edital Tomada de Pre\u00e7o 002\/2018<\/a><\/strong><\/p><\/p><p><\/p><p><\/p><p><p class=\"has-small-font-size\"><strong><a rel=\"noreferrer noopener\" href=\"https:\/\/goias.gov.br\/educacao\/wp-content\/uploads\/sites\/40\/2019\/12\/EXTRATO-TOMADA-DE-PRECO-URUACU-fad.pdf\" target=\"_blank\">EXTRATO &#8211; TOMADA DE PRE\u00c7O &#8211; URUA\u00c7U<\/a><\/strong><\/p><\/p><p><\/p><p><\/p><p><p class=\"has-small-font-size\"><strong><a rel=\"noreferrer noopener\" href=\"https:\/\/goias.gov.br\/educacao\/wp-content\/uploads\/sites\/40\/2019\/12\/Errata-Tomada-de-Preco-002-2018-046.pdf\" target=\"_blank\">Errata Tomada de Pre\u00e7o 002\/2018<\/a><\/strong><\/p><\/p><p><\/p><p><\/p><p><p class=\"has-small-font-size\"><strong><a rel=\"noreferrer noopener\" href=\"https:\/\/goias.gov.br\/educacao\/wp-content\/uploads\/sites\/40\/2019\/12\/ANEXOS-TOMADA-002-2018-0ae.doc\" target=\"_blank\">Tomada de Pre\u00e7o 002\/2018<\/a><\/strong><\/p><\/p><p><\/p><p><\/p><p><p class=\"has-small-font-size\"><strong><a rel=\"noreferrer noopener\" href=\"https:\/\/goias.gov.br\/educacao\/wp-content\/uploads\/sites\/40\/2019\/12\/EXTRATO-TOMADA-DE-PRECO-GOIANIA-e5a.pdf\" target=\"_blank\">EXTRATO &#8211; TOMADA DE PRE\u00c7O &#8211; GOI\u00c2NIA<\/a><\/strong><\/p><\/p><p><\/p><p><\/p><p><p class=\"has-small-font-size\"><strong><a rel=\"noreferrer noopener\" href=\"https:\/\/goias.gov.br\/educacao\/wp-content\/uploads\/sites\/40\/2019\/12\/EXTRATO-TOMADA-DE-PRECO-URUACU-fad.pdf\" target=\"_blank\">EXTRATO &#8211; TOMADA DE PRE\u00c7O &#8211; URUA\u00c7U<\/a><\/strong><\/p><\/p><p><\/p><p><\/p><p><p class=\"has-small-font-size\"><strong><a rel=\"noreferrer noopener\" href=\"https:\/\/goias.gov.br\/educacao\/wp-content\/uploads\/sites\/40\/2019\/12\/PUBLICACAO-JORNAIS-EXTRATOS-DE-CONTRATO-TOMADA-DE-PRECO-002-2018-e12.pdf\" target=\"_blank\">PUBLICA\u00c7\u00c3O JORNAIS EXTRATOS DE CONTRATO TOMADA DE PRE\u00c7O 002-2018<\/a><\/strong><\/p><\/p><p><\/p><p><\/p><p><p class=\"has-small-font-size\"><strong><a rel=\"noreferrer noopener\" href=\"https:\/\/goias.gov.br\/educacao\/wp-content\/uploads\/sites\/40\/2019\/12\/Anexos-Tomada-de-Preco-001-2019-cf7.doc\" target=\"_blank\">Anexos &#8211; Tomada de Pre\u00e7o 001-2019<\/a><\/strong><\/p><\/p><p><\/p><p><\/p><p><p class=\"has-small-font-size\"><strong><a rel=\"noreferrer noopener\" href=\"https:\/\/goias.gov.br\/educacao\/wp-content\/uploads\/sites\/40\/2019\/12\/tomadaPreco001-2019-baa.pdf\" target=\"_blank\">Chamamento da Tomada de Pre\u00e7o &#8211; 002\/2018<\/a><\/strong><\/p><\/p><p><\/p><p><\/p><p><p class=\"has-small-font-size\"><strong><a rel=\"noreferrer noopener\" href=\"https:\/\/goias.gov.br\/educacao\/wp-content\/uploads\/sites\/40\/2019\/12\/ANEXOS-TOMADA-002-2018-0ae.doc\" target=\"_blank\">Tomada de Pre\u00e7o 002\/2018<\/a><\/strong><\/p><\/p><p><\/p><p><\/p><p><p class=\"has-small-font-size\"><strong><a rel=\"noreferrer noopener\" href=\"https:\/\/goias.gov.br\/educacao\/wp-content\/uploads\/sites\/40\/2019\/12\/Edital-Tomada-de-Preco-002-2018-68e.doc\" target=\"_blank\">Edital Tomada de Pre\u00e7o 002\/2018<\/a><\/strong><\/p><\/p><p><\/div><\/p><p><\/p><p><\/p><p><div class=\"wp-block-column is-layout-flow wp-block-column-is-layout-flow\"><\/p><p><h4 class=\"wp-block-heading\">001\/2019 &#8211; Referente ao 2\u00ba Semestre de 2019<\/h4><\/p><p><\/p><p><\/p><p><div class=\"wp-block-file\"><a href=\"https:\/\/goias.gov.br\/educacao\/wp-content\/uploads\/sites\/40\/2019\/12\/EXTRATO-DE-CONTRATO-TOMADA-DE-PRECO-DOE-b16.pdf\" target=\"_blank\" rel=\"noreferrer noopener\"><strong>Extrato de Contrato  Tomada de Pre\u00e7o DOE<\/strong><\/a><\/div><\/p><p><\/p><p><\/p><p><p class=\"has-small-font-size\"><strong><a rel=\"noreferrer noopener\" href=\"https:\/\/goias.gov.br\/educacao\/wp-content\/uploads\/sites\/40\/2019\/12\/Tomada-de-Preco-002-2019-7ae.pdf\" target=\"_blank\">Chamamento Tomada de Preco 002\/2019<\/a><\/strong><\/p><\/p><p><\/p><p><\/p><p><p class=\"has-small-font-size\"><strong><a rel=\"noreferrer noopener\" href=\"https:\/\/goias.gov.br\/educacao\/wp-content\/uploads\/sites\/40\/2019\/12\/AVISO-ABERTURA-T.P-11-06-642.pdf\" target=\"_blank\">AVISO ABERTURA T.P 11-06<\/a><\/strong><\/p><\/p><p><\/p><p><\/p><p><p class=\"has-small-font-size\"><strong><a rel=\"noreferrer noopener\" href=\"https:\/\/goias.gov.br\/educacao\/wp-content\/uploads\/sites\/40\/2019\/12\/Anexos-Tomada-de-Preco-001-2019-cf7.doc\" target=\"_blank\">Anexos &#8211; Tomada de Pre\u00e7o 001-2019<\/a><\/strong><\/p><\/p><p><\/p><p><\/p><p><p class=\"has-small-font-size\"><strong><a rel=\"noreferrer noopener\" href=\"https:\/\/goias.gov.br\/educacao\/wp-content\/uploads\/sites\/40\/2019\/12\/Tomada-de-Preco-001-2019-91d.pdf\" target=\"_blank\">Chamamento Tomada de Preco 001\/2019<\/a><\/strong><\/p><\/p><p><\/p><p><\/p><p><p class=\"has-small-font-size\"><strong><a rel=\"noreferrer noopener\" href=\"https:\/\/goias.gov.br\/educacao\/wp-content\/uploads\/sites\/40\/2019\/12\/Edital-Tomada-de-Preco-001-2019-f99.doc\" target=\"_blank\">Edital Tomada de Preco 001-2019<\/a><\/strong><\/p><\/p><p><\/p><p><\/p><p><p class=\"has-small-font-size\"><strong><a rel=\"noreferrer noopener\" href=\"https:\/\/goias.gov.br\/educacao\/wp-content\/uploads\/sites\/40\/2019\/12\/Tomada-de-Preco-002-2019-7ae.pdf\" target=\"_blank\">Chamamento Tomada de Preco 002\/2019<\/a><\/strong><\/p><\/p><p><\/p><p><\/p><p><p class=\"has-small-font-size\"><strong><a rel=\"noreferrer noopener\" href=\"https:\/\/goias.gov.br\/educacao\/wp-content\/uploads\/sites\/40\/2019\/12\/Tomada-de-Preco-001-2019-91d.pdf\" target=\"_blank\">Chamamento Tomada de Preco 001\/2019<\/a><\/strong><\/p><\/p><p><\/p><p><\/p><p><p class=\"has-small-font-size\"><strong><a rel=\"noreferrer noopener\" href=\"https:\/\/goias.gov.br\/educacao\/wp-content\/uploads\/sites\/40\/2019\/12\/AVISO-ABERTURA-T.P-11-06-642.pdf\" target=\"_blank\">AVISO ABERTURA T.P 11-06<\/a><\/strong><\/p><\/p><p><\/p><p><\/p><p><p class=\"has-small-font-size\"><strong><a rel=\"noreferrer noopener\" href=\"https:\/\/goias.gov.br\/educacao\/wp-content\/uploads\/sites\/40\/2019\/12\/Edital-Tomada-de-Preco-001-2019-f99.doc\" target=\"_blank\">Edital Tomada de Preco 001-2019<\/a><\/strong><\/p><\/p><p><\/p><p><\/p><p><p class=\"has-small-font-size\"><strong><a rel=\"noreferrer noopener\" href=\"https:\/\/goias.gov.br\/educacao\/wp-content\/uploads\/sites\/40\/2019\/12\/Errata-Tomada-de-Preco-002-2018-046.pdf\" target=\"_blank\">Errata Tomada de Pre\u00e7o 002\/2018<\/a><\/strong><\/p><\/p><p><\/div><\/p><p><\/div><\/p><p><\/p><p><\/p><p><h4 class=\"wp-block-heading\"><strong>TOMADA DE PRE\u00c7OS &#8211; REFER\u00caNCIA AO 2\u00ba SEMESTRE DE 2019.<\/strong> <\/h4><\/p><p><\/p><p><\/p><p><div class=\"wp-block-columns is-layout-flex wp-container-core-columns-is-layout-9d6595d7 wp-block-columns-is-layout-flex\"><\/p><p><div class=\"wp-block-column is-layout-flow wp-block-column-is-layout-flow\"><\/p><p><div class=\"wp-block-file\"><a href=\"https:\/\/goias.gov.br\/educacao\/wp-content\/uploads\/sites\/40\/2019\/12\/EXTRATO-DE-CONTRATO-TOMADA-ANAPOLIS-b3f.pdf\" target=\"_blank\" rel=\"noreferrer noopener\">EXTRATO-DE-CONTRATO-TOMADA-AN\u00c1POLIS<\/a><\/div><\/p><p><\/p><p><\/p><p><div class=\"wp-block-file\"><a href=\"https:\/\/goias.gov.br\/educacao\/wp-content\/uploads\/sites\/40\/2019\/12\/EXTRATO-DE-CONTRATO-TOMADA-CERES-db9.pdf\" target=\"_blank\" rel=\"noreferrer noopener\">EXTRATO-DE-CONTRATO-TOMADA-CERES<\/a><\/div><\/p><p><\/p><p><\/p><p><div class=\"wp-block-file\"><a href=\"https:\/\/goias.gov.br\/educacao\/wp-content\/uploads\/sites\/40\/2019\/12\/EXTRATO-DE-CONTRATO-TOMADA-ITABERAI-1bb.pdf\" target=\"_blank\" rel=\"noreferrer noopener\">EXTRATO-DE-CONTRATO-TOMADA-ITABERA\u00cd<\/a><\/div><\/p><p><\/p><p><\/p><p><div class=\"wp-block-file\"><a href=\"https:\/\/goias.gov.br\/educacao\/wp-content\/uploads\/sites\/40\/2019\/12\/EXTRATO-DE-CONTRATO-TOMADA-MINEIROS-af4.pdf\" target=\"_blank\" rel=\"noreferrer noopener\">EXTRATO-DE-CONTRATO-TOMADA-MINEIROS<\/a><\/div><\/p><p><\/p><p><\/p><p><div class=\"wp-block-file\"><a href=\"https:\/\/goias.gov.br\/educacao\/wp-content\/uploads\/sites\/40\/2019\/12\/EXTRATO-DE-CONTRATO-TOMADA-PLANALTINA-f53.pdf\" target=\"_blank\" rel=\"noreferrer noopener\">EXTRATO-DE-CONTRATO-TOMADA-PLANALTINA<\/a><\/div><\/p><p><\/p><p><\/p><p><div class=\"wp-block-file\"><a href=\"https:\/\/goias.gov.br\/educacao\/wp-content\/uploads\/sites\/40\/2019\/12\/EXTRATO-DE-CONTRATO-TOMADA-TRINDADE-9bf.pdf\" target=\"_blank\" rel=\"noreferrer noopener\">EXTRATO-DE-CONTRATO-TOMADA-TRINDADE<\/a><\/div><\/p><p><\/div><\/p><p><\/p><p><\/p><p><div class=\"wp-block-column is-layout-flow wp-block-column-is-layout-flow\"><\/p><p><div class=\"wp-block-file\"><a href=\"https:\/\/goias.gov.br\/educacao\/wp-content\/uploads\/sites\/40\/2019\/12\/EXTRATO-DE-CONTRATO-TOMADA-APARECIDA-DE-GOIANIA-33e.pdf\" target=\"_blank\" rel=\"noreferrer noopener\">EXTRATO-DE-CONTRATO-TOMADA-APARECIDA-DE-GOI\u00c2NIA<\/a><\/div><\/p><p><\/p><p><\/p><p><div class=\"wp-block-file\"><a href=\"https:\/\/goias.gov.br\/educacao\/wp-content\/uploads\/sites\/40\/2019\/12\/EXTRATO-DE-CONTRATO-TOMADA-FORMOSA-d9e.pdf\" target=\"_blank\" rel=\"noreferrer noopener\">EXTRATO-DE-CONTRATO-TOMADA-FORMOSA<\/a><\/div><\/p><p><\/p><p><\/p><p><div class=\"wp-block-file\"><a href=\"https:\/\/goias.gov.br\/educacao\/wp-content\/uploads\/sites\/40\/2019\/12\/EXTRATO-DE-CONTRATO-TOMADA-JATAI-216.pdf\" target=\"_blank\" rel=\"noreferrer noopener\">EXTRATO-DE-CONTRATO-TOMADA-JATA\u00cd<\/a><\/div><\/p><p><\/p><p><\/p><p><div class=\"wp-block-file\"><a href=\"https:\/\/goias.gov.br\/educacao\/wp-content\/uploads\/sites\/40\/2019\/12\/EXTRATO-DE-CONTRATO-TOMADA-NOVO-GAMA-606.pdf\" target=\"_blank\" rel=\"noreferrer noopener\">EXTRATO-DE-CONTRATO-TOMADA-NOVO-GAMA<\/a><\/div><\/p><p><\/p><p><\/p><p><div class=\"wp-block-file\"><a href=\"https:\/\/goias.gov.br\/educacao\/wp-content\/uploads\/sites\/40\/2019\/12\/EXTRATO-DE-CONTRATO-TOMADA-RUBIATABA-02f.pdf\" target=\"_blank\" rel=\"noreferrer noopener\">EXTRATO-DE-CONTRATO-TOMADA-RUBIATABA<\/a><\/div><\/p><p><\/div><\/p><p><\/p><p><\/p><p><div class=\"wp-block-column is-layout-flow wp-block-column-is-layout-flow\"><\/p><p><div class=\"wp-block-file\"><a href=\"https:\/\/goias.gov.br\/educacao\/wp-content\/uploads\/sites\/40\/2019\/12\/EXTRATO-DE-CONTRATO-TOMADA-CATALAO-520.pdf\" target=\"_blank\" rel=\"noreferrer noopener\">EXTRATO-DE-CONTRATO-TOMADA-CATAL\u00c3O<\/a><\/div><\/p><p><\/p><p><\/p><p><div class=\"wp-block-file\"><a href=\"https:\/\/goias.gov.br\/educacao\/wp-content\/uploads\/sites\/40\/2019\/12\/EXTRATO-DE-CONTRATO-TOMADA-GOIANIA-656.pdf\" target=\"_blank\" rel=\"noreferrer noopener\">EXTRATO-DE-CONTRATO-TOMADA-GOI\u00c2NIA<\/a><\/div><\/p><p><\/p><p><\/p><p><div class=\"wp-block-file\"><a href=\"https:\/\/goias.gov.br\/educacao\/wp-content\/uploads\/sites\/40\/2019\/12\/EXTRATO-DE-CONTRATO-TOMADA-LUZIANIA-e79.pdf\" target=\"_blank\" rel=\"noreferrer noopener\">EXTRATO-DE-CONTRATO-TOMADA-LUZI\u00c2NIA<\/a><\/div><\/p><p><\/p><p><\/p><p><div class=\"wp-block-file\"><a href=\"https:\/\/goias.gov.br\/educacao\/wp-content\/uploads\/sites\/40\/2019\/12\/EXTRATO-DE-CONTRATO-TOMADA-PIRACANJUBA-a8a.pdf\" target=\"_blank\" rel=\"noreferrer noopener\">EXTRATO-DE-CONTRATO-TOMADA-PIRACANJUBA<\/a><\/div><\/p><p><\/p><p><\/p><p><div class=\"wp-block-file\"><a href=\"https:\/\/goias.gov.br\/educacao\/wp-content\/uploads\/sites\/40\/2019\/12\/EXTRATO-DE-CONTRATO-TOMADA-SANTA-HELENA-DE-GOIAS-480.pdf\" target=\"_blank\" rel=\"noreferrer noopener\">EXTRATO-DE-CONTRATO-TOMADA-SANTA-HELENA-DE-GOI\u00c1S<\/a><\/div><\/p><p><\/div><\/p><p><\/div><\/p><p><\/p><p><\/p><p><p><\/p><\/p><p><\/p><p><\/p><p><hr class=\"wp-block-separator\"\/><\/p><p><\/p><p><\/p><p><div class=\"wp-block-columns is-layout-flex wp-container-core-columns-is-layout-9d6595d7 wp-block-columns-is-layout-flex\"><\/p><p><div class=\"wp-block-column is-layout-flow wp-block-column-is-layout-flow\"><\/p><p><h4 class=\"wp-block-heading\"> 2019 &#8211; Refer\u00eancia 1\u00ba Semestre de 2019 <\/h4><\/p><p><\/p><p><\/p><p><div class=\"wp-block-file\"><a href=\"https:\/\/goias.gov.br\/educacao\/wp-content\/uploads\/sites\/40\/2019\/12\/EXTRATO-CONTRATO-CEPI-PRE-UNIVERSITARIO-METROPOLITANA-e31.pdf\" target=\"_blank\" rel=\"noreferrer noopener\">EXTRATO-CONTRATO-CEPI-PRE-UNIVERSITARIO-METROPOLITANA<\/a><\/div><\/p><p><\/p><p><\/p><p><p><strong><a rel=\"noreferrer noopener\" href=\"https:\/\/goias.gov.br\/educacao\/wp-content\/uploads\/sites\/40\/2019\/12\/EXTRATO-TOMADA-DE-PRECO-GOIANIA-e5a.pdf\" target=\"_blank\">EXTRATO &#8211; TOMADA DE PRE\u00c7O &#8211; GOI\u00c2NIA<\/a><\/strong><\/p><\/p><p><\/p><p><\/p><p><p><strong><a rel=\"noreferrer noopener\" href=\"https:\/\/goias.gov.br\/educacao\/wp-content\/uploads\/sites\/40\/2019\/12\/EXTRATO-TOMADA-DE-PRECO-URUACU-fad.pdf\" target=\"_blank\">EXTRATO &#8211; TOMADA DE PRE\u00c7O &#8211; URUA\u00c7U<\/a><\/strong><\/p><\/p><p><\/p><p><\/p><p><p><strong><a rel=\"noreferrer noopener\" href=\"https:\/\/goias.gov.br\/educacao\/wp-content\/uploads\/sites\/40\/2019\/12\/PUBLICACAO-JORNAIS-EXTRATOS-DE-CONTRATO-TOMADA-DE-PRECO-002-2018-e12.pdf\" target=\"_blank\">PUBLICA\u00c7\u00c3O JORNAIS EXTRATOS DE CONTRATO TOMADA DE PRE\u00c7O 002-2018<\/a><\/strong><\/p><\/p><p><\/p><p><\/p><p><p><strong><a rel=\"noreferrer noopener\" href=\"https:\/\/goias.gov.br\/educacao\/wp-content\/uploads\/sites\/40\/2019\/12\/Errata-Tomada-de-Preco-002-2018-046.pdf\" target=\"_blank\">Errata Tomada de Pre\u00e7o 002\/2018<\/a><\/strong><\/p><\/p><p><\/p><p><\/p><p><p><strong><a rel=\"noreferrer noopener\" href=\"https:\/\/goias.gov.br\/educacao\/wp-content\/uploads\/sites\/40\/2019\/12\/tomadaPreco001-2019-baa.pdf\" target=\"_blank\">Chamamento da Tomada de Pre\u00e7o &#8211; 002\/2018<\/a><\/strong><\/p><\/p><p><\/p><p><\/p><p><p><strong><a rel=\"noreferrer noopener\" href=\"https:\/\/goias.gov.br\/educacao\/wp-content\/uploads\/sites\/40\/2019\/12\/ANEXOS-TOMADA-002-2018-0ae.doc\" target=\"_blank\">Tomada de Pre\u00e7o 002\/2018<\/a><\/strong><\/p><\/p><p><\/p><p><\/p><p><p><strong><a href=\"https:\/\/goias.gov.br\/educacao\/wp-content\/uploads\/sites\/40\/2019\/12\/Edital-Tomada-de-Preco-002-2018-68e.doc\" rel=\"noreferrer noopener\" target=\"_blank\">Edital Tomada de Pre\u00e7o 002\/2018<\/a><\/strong><\/p><\/p><p><\/div><\/p><p><\/p><p><\/p><p><div class=\"wp-block-column is-layout-flow wp-block-column-is-layout-flow\"><\/p><p><h4 class=\"wp-block-heading\">001\/2019 &#8211; Referente ao 2\u00ba Semestre de 2019<\/h4><\/p><p><\/p><p><\/p><p><p><strong><a href=\"https:\/\/goias.gov.br\/educacao\/wp-content\/uploads\/sites\/40\/2019\/12\/Anexos-Tomada-de-Preco-001-2019-cf7.doc\" rel=\"noreferrer noopener\" target=\"_blank\">Anexos &#8211; Tomada de Pre\u00e7o 001-2019<\/a><\/strong><\/p><\/p><p><\/p><p><\/p><p><p><strong><a rel=\"noreferrer noopener\" href=\"https:\/\/goias.gov.br\/educacao\/wp-content\/uploads\/sites\/40\/2019\/12\/Edital-Tomada-de-Preco-001-2019-f99.doc\" target=\"_blank\">Edital Tomada de Preco 001-2019<\/a><\/strong><\/p><\/p><p><\/p><p><\/p><p><p><strong><a rel=\"noreferrer noopener\" href=\"https:\/\/goias.gov.br\/educacao\/wp-content\/uploads\/sites\/40\/2019\/12\/AVISO-ABERTURA-T.P-11-06-642.pdf\" target=\"_blank\">AVISO ABERTURA T.P 11-06<\/a><\/strong><\/p><\/p><p><\/p><p><\/p><p><p><strong><a rel=\"noreferrer noopener\" href=\"https:\/\/goias.gov.br\/educacao\/wp-content\/uploads\/sites\/40\/2019\/12\/Tomada-de-Preco-001-2019-91d.pdf\" target=\"_blank\">Chamamento Tomada de Preco 001\/2019<\/a><\/strong><\/p><\/p><p><\/p><p><\/p><p><p><strong><a rel=\"noreferrer noopener\" href=\"https:\/\/goias.gov.br\/educacao\/wp-content\/uploads\/sites\/40\/2019\/12\/Tomada-de-Preco-002-2019-7ae.pdf\" target=\"_blank\">Chamamento Tomada de Preco 002\/2019<\/a><\/strong><\/p><\/p><p><\/div><\/p><p><\/div><\/p><p><\/p><p><\/p><p><p class=\"has-text-align-right\"><a href=\"https:\/\/goias.gov.br\/educacao\/tomada-de-preco-da-merenda-escolar\/\">Veja mais &#8230;<\/a> <\/p><\/p><p><\/p><p><\/p><p><p><\/p><\/p><p><\/p>","protected":false},"excerpt":{"rendered":"<p>Tomada de Pre\u00e7os 1\u00ba semestre de 2021. 1\u00ba SEMESTRE DE 2021 2\u00ba SEMESTRE DE 2020 1\u00ba SEMESTRE DE 2020 2019 &#8211; Refer\u00eancia 1\u00ba Semestre de 2019 EXTRATO &#8211; TOMADA DE PRE\u00c7O &#8211; GOI\u00c2NIA PUBLICA\u00c7\u00c3O JORNAIS EXTRATOS DE CONTRATO TOMADA DE PRE\u00c7O 002-2018 Chamamento da Tomada de Pre\u00e7o &#8211; 002\/2018 Edital Tomada de Pre\u00e7o 002\/2018 EXTRATO [&hellip;]<\/p>\n","protected":false},"author":862,"featured_media":0,"comment_status":"closed","ping_status":"open","sticky":false,"template":"","format":"standard","meta":{"footnotes":""},"categories":[4802],"tags":[],"class_list":["post-37036","post","type-post","status-publish","format-standard","hentry","category-page"],"rttpg_featured_image_url":null,"rttpg_author":{"display_name":"luizmaaraujo","author_link":"https:\/\/goias.gov.br\/educacao\/author\/luizmaaraujo\/"},"rttpg_comment":0,"rttpg_category":"<a href=\"https:\/\/goias.gov.br\/educacao\/categoria\/page\/\" rel=\"category tag\">Outras p\u00e1ginas<\/a>","rttpg_excerpt":"Tomada de Pre\u00e7os 1\u00ba semestre de 2021. 1\u00ba SEMESTRE DE 2021 2\u00ba SEMESTRE DE 2020 1\u00ba SEMESTRE DE 2020 2019 &#8211; Refer\u00eancia 1\u00ba Semestre de 2019 EXTRATO &#8211; TOMADA DE PRE\u00c7O &#8211; GOI\u00c2NIA PUBLICA\u00c7\u00c3O JORNAIS EXTRATOS DE CONTRATO TOMADA DE PRE\u00c7O 002-2018 Chamamento da Tomada de Pre\u00e7o &#8211; 002\/2018 Edital Tomada de Pre\u00e7o 002\/2018 EXTRATO&hellip;","_links":{"self":[{"href":"https:\/\/goias.gov.br\/educacao\/wp-json\/wp\/v2\/posts\/37036","targetHints":{"allow":["GET"]}}],"collection":[{"href":"https:\/\/goias.gov.br\/educacao\/wp-json\/wp\/v2\/posts"}],"about":[{"href":"https:\/\/goias.gov.br\/educacao\/wp-json\/wp\/v2\/types\/post"}],"author":[{"embeddable":true,"href":"https:\/\/goias.gov.br\/educacao\/wp-json\/wp\/v2\/users\/862"}],"replies":[{"embeddable":true,"href":"https:\/\/goias.gov.br\/educacao\/wp-json\/wp\/v2\/comments?post=37036"}],"version-history":[{"count":0,"href":"https:\/\/goias.gov.br\/educacao\/wp-json\/wp\/v2\/posts\/37036\/revisions"}],"wp:attachment":[{"href":"https:\/\/goias.gov.br\/educacao\/wp-json\/wp\/v2\/media?parent=37036"}],"wp:term":[{"taxonomy":"category","embeddable":true,"href":"https:\/\/goias.gov.br\/educacao\/wp-json\/wp\/v2\/categories?post=37036"},{"taxonomy":"post_tag","embeddable":true,"href":"https:\/\/goias.gov.br\/educacao\/wp-json\/wp\/v2\/tags?post=37036"}],"curies":[{"name":"wp","href":"https:\/\/api.w.org\/{rel}","templated":true}]}}